{"id":888,"date":"2024-07-10T20:29:00","date_gmt":"2024-07-10T18:29:00","guid":{"rendered":"https:\/\/www.koronakarkonoszy.pl\/blog\/?p=888"},"modified":"2024-08-16T10:25:46","modified_gmt":"2024-08-16T08:25:46","slug":"slub-zima-czy-latem","status":"publish","type":"post","link":"https:\/\/www.koronakarkonoszy.pl\/blog\/slub-zima-czy-latem\/","title":{"rendered":"\u015alub zim\u0105 czy latem?<br>Wady i zalety obu opcji"},"content":{"rendered":"\n<p>Lato to tradycyjnie czas, kt\u00f3ry kojarzy nam si\u0119 ze \u015blubami i przyj\u0119ciami weselnymi. Z roku na rok jednak coraz wi\u0119cej par decyduje si\u0119 na <a href=\"https:\/\/www.koronakarkonoszy.pl\/blog\/zimowe-wesele\/\" target=\"_blank\" rel=\"noreferrer noopener\">zimowe wesele<\/a>. Okazuje si\u0119 bowiem, \u017ce termin ten ma wiele atut\u00f3w, kt\u00f3re niekoniecznie s\u0105 widoczne na pierwszy rzut oka. Zatem co wybra\u0107 \u2013 \u015blub zim\u0105 czy latem? Jakie s\u0105 wady i zalety ka\u017cdej opcji? Przekonaj si\u0119, co mo\u017cesz zyska\u0107 o ka\u017cdej porze roku!<\/p>\n\n\n\n<h3 class=\"wp-block-heading\" id=\"ha-czego-sie-dowiesz-z-artykulu\">Czego si\u0119 dowiesz z artyku\u0142u?<\/h3>\n\n\n\n<p>Planowanie \u015blubu to jedno z najwa\u017cniejszych wydarze\u0144 w \u017cyciu, a wyb\u00f3r odpowiedniej pory roku mo\u017ce znacz\u0105co wp\u0142yn\u0105\u0107 na ca\u0142y przebieg ceremonii. Zar\u00f3wno \u015blub latem, jak i zim\u0105 ma swoje unikalne zalety oraz wady, kt\u00f3re warto wzi\u0105\u0107 pod uwag\u0119.<\/p>\n\n\n\n<p>Jakie korzy\u015bci niesie ze sob\u0105 ciep\u0142a, s\u0142oneczna ceremonia pod go\u0142ym niebem? Czy istniej\u0105 jakie\u015b minusy organizacji \u015blubu w sezonie wakacyjnym? Zima natomiast oferuje romantyczne, bajkowe krajobrazy, lecz czy ch\u0142odniejsza pora roku nie wi\u0105\u017ce si\u0119 z pewnymi wyzwaniami?<\/p>\n\n\n\n<p>W tym wpisie rozwiejemy wszelkie w\u0105tpliwo\u015bci, przedstawiaj\u0105c szczeg\u00f3\u0142ow\u0105 analiz\u0119 obu opcji. Czy \u015blub zim\u0105 zapewni wyj\u0105tkow\u0105 atmosfer\u0119, kt\u00f3rej nie mo\u017cna uzyska\u0107 latem? A mo\u017ce jednak s\u0142oneczne dni i d\u0142ugie wieczory s\u0105 tym, czego pragniecie na swoim weselu? Ostateczny wyb\u00f3r nale\u017cy do Was, ale my pomo\u017cemy Wam podj\u0105\u0107 \u015bwiadom\u0105 decyzj\u0119. Zapraszamy do lektury!<\/p>\n\n\n<div id=\"ariadna-block_ea4aafcfc15e318ff6ce2cceeb65e61c\" class=\"ariadna\">\r\n    <ul><li><a href=\"#h-lub-latem-zalety\">Jakie zalety ma \u015blub latem?<\/a><\/li><li><a href=\"#h-lub-latem-wady\">Czy \u015blub latem ma wady?<\/a><\/li><li><a href=\"#h-lub-zim-zalety\">\u015alub zim\u0105 \u2013 odkryj jego wszystkie zalety<\/a><\/li><li><a href=\"#h-lub-zim-wady\">\u015alub zim\u0105 ma tak\u017ce wady<\/a><\/li><li><a href=\"#h-lub-zim-czy-lub-latem\">\u015alub zim\u0105 czy \u015blub latem &#8211; co wybra\u0107?<\/a><\/li><\/ul>\r\n<\/div>\r\n\r\n\r\n\r\n\n\n\n<h2 class=\"wp-block-heading\" id=\"h-lub-latem-zalety\">Jakie zalety ma \u015blub latem?<\/h2>\n\n\n\n<p>Najwi\u0119ksz\u0105 zalet\u0105 letniej ceremonii dla wi\u0119kszo\u015bci par jest oczywi\u015bcie wspania\u0142a pogoda. D\u0142ugie, ciep\u0142e dni i promienie s\u0142o\u0144ca z pewno\u015bci\u0105 pozytywnie wp\u0142ywaj\u0105 na nastr\u00f3j M\u0142odej Pary i go\u015bci. Pozostawia to tak\u017ce du\u017cy zapas czasu na urz\u0105dzenie sesji \u015blubnej w trakcie wesela. To najlepszy czas na \u015blub cywilny poza Urz\u0119dem Stanu Cywilnego, w otoczeniu kwiat\u00f3w i \u015bpiewu ptak\u00f3w, a tak\u017ce na poprawiny urz\u0105dzane na zewn\u0105trz (na przyk\u0142ad w formie grilla czy ogniska). <\/p>\n\n\n\n<p><a href=\"https:\/\/www.koronakarkonoszy.pl\/blog\/miejsca-na-wesele-w-plenerze\/\" target=\"_blank\" rel=\"noreferrer noopener\">Wesela w plenerze<\/a> s\u0105 obecnie bardzo modne. Pi\u0119kna aura pozwala na r\u00f3\u017cnorodne, kolorowe stylizacje stroj\u00f3w i samego wesela \u2013 \u015bwietnie sprawdza si\u0119 styl rustykalny, boho i romantyczny. Nie bez znaczenia jest te\u017c fakt, \u017ce na sto\u0142ach b\u0119d\u0105 kr\u00f3lowa\u0107 aromatyczne potrawy ze \u015bwie\u017cych, sezonowych owoc\u00f3w i warzyw. Czy wi\u0119c wzi\u0105\u0107 \u015blub latem? Pewnie, wiele os\u00f3b marzy o tym terminie.<\/p>\n\n\n\n<figure class=\"wp-block-image size-large is-resized\"><a href=\"https:\/\/www.koronakarkonoszy.pl\/wesele\/\" target=\"_blank\" rel=\"noreferrer noopener\"><img loading=\"lazy\" decoding=\"async\" width=\"1024\" height=\"512\" src=\"https:\/\/www.koronakarkonoszy.pl\/blog\/wp-content\/uploads\/2022\/06\/piekne_wesela_DKK-2-1024x512.jpg\" alt=\"\" class=\"wp-image-4072\" style=\"width:840px;height:420px\" srcset=\"https:\/\/www.koronakarkonoszy.pl\/blog\/wp-content\/uploads\/2022\/06\/piekne_wesela_DKK-2-1024x512.jpg 1024w, https:\/\/www.koronakarkonoszy.pl\/blog\/wp-content\/uploads\/2022\/06\/piekne_wesela_DKK-2-300x150.jpg 300w, https:\/\/www.koronakarkonoszy.pl\/blog\/wp-content\/uploads\/2022\/06\/piekne_wesela_DKK-2-768x384.jpg 768w, https:\/\/www.koronakarkonoszy.pl\/blog\/wp-content\/uploads\/2022\/06\/piekne_wesela_DKK-2.jpg 1200w\" sizes=\"auto, (max-width: 1024px) 100vw, 1024px\" \/><\/a><\/figure>\n\n\n\n<h2 class=\"wp-block-heading\" id=\"h-lub-latem-wady\">Czy \u015blub latem ma wady?<\/h2>\n\n\n\n<p>Je\u015bli chodzi o wady letniego \u015blubu, jest to przede wszystkim koszt oraz dost\u0119pno\u015b\u0107 us\u0142ug. Ze wzgl\u0119du na popularno\u015b\u0107, wesele latem to spory wydatek. To tak zwany wysoki <a href=\"https:\/\/www.koronakarkonoszy.pl\/blog\/sezon-slubny\/\" class=\"links-placer\">sezon \u015blubny<\/a>. Nale\u017cy te\u017c przy tym liczy\u0107 si\u0119 z tym, \u017ce nasza wymarzona\u00a0<a href=\"https:\/\/www.koronakarkonoszy.pl\/sala-balowa\/\" target=\"_blank\" rel=\"noreferrer noopener\">sala weselna<\/a>, fotograf czy stylistka maj\u0105 zarezerwowane terminy na kilka lat do przodu, wi\u0119c je\u015bli zdecydujemy si\u0119 na taki krok, powinni\u015bmy jak najszybciej szuka\u0107 wolnych termin\u00f3w u podwykonawc\u00f3w. <\/p>\n\n\n\n<p>Ewentualnie mo\u017cemy liczy\u0107 na to, \u017ce zwolni si\u0119 jaki\u015b termin w naszej wymarzonej <a href=\"https:\/\/www.koronakarkonoszy.pl\/blog\/sala-na-wesele-co-warto-wiedziec\/\" target=\"_blank\" rel=\"noreferrer noopener\">sali na wesele<\/a> i urz\u0105dzimy <a href=\"https:\/\/www.koronakarkonoszy.pl\/blog\/wesele-last-minute-jak-szybko-zorganizowac-przyjecie-weselne\/\" target=\"_blank\" rel=\"noreferrer noopener\">wesele last minute<\/a>.\u00a0R\u00f3wnie\u017c aura z atutu mo\u017ce zmieni\u0107 si\u0119 w wad\u0119. Jak wskazuje Joanna Hoc-Kopiej, ekspertka weselna w <a href=\"https:\/\/www.koronakarkonoszy.pl\/\" target=\"_blank\" rel=\"noreferrer noopener\">Dworze Korona Karkonoszy<\/a>, pogoda w ciep\u0142ych miesi\u0105cach potrafi by\u0107 nieprzewidywalna: \u201eLatem zawsze powinni\u015bmy by\u0107 przygotowani na nadej\u015bcie gwa\u0142townej burzy \u2013 warto mie\u0107 w zanadrzu parasole, oraz rezerwow\u0105 <a href=\"https:\/\/www.koronakarkonoszy.pl\/blog\/sala-weselna-w-gorach\/\">sal\u0119<\/a> na przeprowadzenie ceremonii w przypadku <a href=\"https:\/\/www.koronakarkonoszy.pl\/blog\/slub-w-ogrodzie-magia-slubow-w-plenerze\/\" target=\"_blank\" rel=\"noreferrer noopener\">\u015blub\u00f3w plenerowych<\/a>\u201d.<\/p>\n\n\n\n<p>Problemem s\u0105 tak\u017ce nadmierne upa\u0142y \u2013 szczeg\u00f3lnie dla kobiet, kt\u00f3re co chwila musz\u0105 poprawia\u0107 makija\u017c. Trzeba te\u017c pami\u0119ta\u0107, by zam\u00f3wi\u0107 odpowiednio wi\u0119ksz\u0105 ilo\u015b\u0107 zimnych napoi i sch\u0142odzonych deser\u00f3w dla go\u015bci. To generuje koszty, bo rzeczywi\u015bcie w og\u00f3lnym rozrachunku wody oraz napoj\u00f3w kolorowych czy sok\u00f3w, go\u015bcie poch\u0142aniaj\u0105 znacznie wi\u0119cej. Je\u015bli zdecydujecie si\u0119 na <a href=\"https:\/\/www.koronakarkonoszy.pl\/blog\/letnie-wesele-inspiracje-na-orzezwiajace-przyjecie\/\" target=\"_blank\" rel=\"noreferrer noopener\">\u015blub latem<\/a> i wesele w sali bez klimatyzacji, dla go\u015bci b\u0119dzie to po prostu niezwykle m\u0119cz\u0105ce. Gdzie wi\u0119c urz\u0105dzi\u0107 \u015blub latem? Najlepiej w eleganckiej, klimatyzowanej <a href=\"https:\/\/www.koronakarkonoszy.pl\/dworska-sala-balowa\/\" target=\"_blank\" rel=\"noreferrer noopener\">sali weselnej<\/a>.&nbsp;<\/p>\n\n\n\n<figure class=\"wp-block-image size-large\"><img loading=\"lazy\" decoding=\"async\" width=\"1024\" height=\"683\" src=\"https:\/\/www.koronakarkonoszy.pl\/blog\/wp-content\/uploads\/2023\/06\/zimowe_wesele_panifotograf.kr_46-1-1024x683.jpg\" alt=\"\" class=\"wp-image-10468\" srcset=\"https:\/\/www.koronakarkonoszy.pl\/blog\/wp-content\/uploads\/2023\/06\/zimowe_wesele_panifotograf.kr_46-1-1024x683.jpg 1024w, https:\/\/www.koronakarkonoszy.pl\/blog\/wp-content\/uploads\/2023\/06\/zimowe_wesele_panifotograf.kr_46-1-300x200.jpg 300w, https:\/\/www.koronakarkonoszy.pl\/blog\/wp-content\/uploads\/2023\/06\/zimowe_wesele_panifotograf.kr_46-1-768x512.jpg 768w, https:\/\/www.koronakarkonoszy.pl\/blog\/wp-content\/uploads\/2023\/06\/zimowe_wesele_panifotograf.kr_46-1-18x12.jpg 18w, https:\/\/www.koronakarkonoszy.pl\/blog\/wp-content\/uploads\/2023\/06\/zimowe_wesele_panifotograf.kr_46-1.jpg 1200w\" sizes=\"auto, (max-width: 1024px) 100vw, 1024px\" \/><figcaption class=\"wp-element-caption\"><strong>Dekoracje na \u015blub zim\u0105, <a href=\"https:\/\/www.koronakarkonoszy.pl\/dworska-sala-balowa\/\" target=\"_blank\" rel=\"noreferrer noopener\">Dworska Sala Balowa<\/a><\/strong><\/figcaption><\/figure>\n\n\n\n<h2 class=\"wp-block-heading\" id=\"h-lub-zim-zalety\">\u015alub zim\u0105 \u2013 odkryj jego wszystkie zalety<\/h2>\n\n\n\n<p>Zalety \u015blubu zim\u0105? Tym, kt\u00f3rym przeszkadzaj\u0105 s\u0142abe strony wesela latem, na pewno b\u0119dzie odpowiada\u0107 ceremonia w zimie. Ceny za wynajem sali i us\u0142ug s\u0105 o tej porze roku du\u017co ni\u017csze, nie ma te\u017c problemu z ich dost\u0119pno\u015bci\u0105, dzi\u0119ki czemu \u0142atwiej zarezerwujemy korzystn\u0105 dat\u0119 (na przyk\u0142ad d\u0142ugi weekend). Romantycy r\u00f3wnie\u017c doceni\u0105 zim\u0119 \u2013 przystrojone na okres Bo\u017cego Narodzenia, przykryte \u015bnie\u017cnym puchem ulice, ko\u015bci\u00f3\u0142 i <a href=\"https:\/\/www.koronakarkonoszy.pl\/blog\/sala-weselna\/\" target=\"_blank\" rel=\"noreferrer noopener\">sala weselna<\/a> tworz\u0105 niepowtarzaln\u0105 atmosfer\u0119, a \u015bwiece, lampiony i ogie\u0144 w kominku nadaj\u0105 uroczysto\u015bci aur\u0119 mistycyzmu i podnios\u0142o\u015bci.<\/p>\n\n\n<section id=\"leonardo-block_2c4afff9587cafbeaba653460dd7f87e\" class=\"leonardo page-breaker leonardo-image-left\">\r\n    <div class=\"leonardo-body\">\r\n                <div class=\"leonardo-content\"><h3 id=\"ha-magiczny-slub-zima\">Magiczny \u015blub zim\u0105<\/h3>\n<p>Cho\u0107 niekt\u00f3re <a href=\"https:\/\/www.koronakarkonoszy.pl\/blog\/motywy-weselne-ktore-zachwyca-gosci\/\" target=\"_blank\" rel=\"noopener\">motywy przewodnie<\/a> wesela nie sprawdz\u0105 si\u0119 w tym okresie, mamy do wyboru wiele innych \u2013 zima to przecie\u017c czas karnawa\u0142u! Mo\u017cemy sal\u0119 weseln\u0105 wystylizowa\u0107 na dw\u00f3r Kr\u00f3lowej \u015aniegu lub zaprosi\u0107 go\u015bci do zabawy w kolorow\u0105 maskarad\u0119. Do dyspozycji mamy r\u00f3wnie\u017c specjalne <strong>zimowe atrakcje<\/strong>, jak na przyk\u0142ad <strong>kulig<\/strong>, <strong>przeja\u017cd\u017ck\u0119 saniami<\/strong> czy narty. <a href=\"https:\/\/www.koronakarkonoszy.pl\/blog\/wesele-tematyczne-fantastyczne-wesela-zima-i-latem\/\" target=\"_blank\" rel=\"noopener\">Wesela tematyczne<\/a> to hit ostatnich sezon\u00f3w. Po weselnej zabawie, mo\u017cemy wybra\u0107 si\u0119 ze wszystkimi go\u015b\u0107mi na stok narciarski, kt\u00f3ry z pewno\u015bci\u0105 zachwyci mi\u0142o\u015bnik\u00f3w g\u00f3rskiego szale\u0144stwa.<\/p>\n<\/div>\r\n                    <aside class=\"leonardo-interlink\">\r\n                <b>Polecamy<\/b>\r\n                <a href=\"https:\/\/www.koronakarkonoszy.pl\/blog\/wesele-w-lutym\/\">Czy wesele w lutym to dobry pomys\u0142?<\/a>\r\n            <\/aside>\r\n            <\/div>\r\n    <div class=\"leonardo-image\">\r\n        <img loading=\"lazy\" decoding=\"async\" width=\"900\" height=\"600\" src=\"https:\/\/www.koronakarkonoszy.pl\/blog\/wp-content\/uploads\/2021\/07\/zima-wesele-karnawal.jpg\" class=\"attachment-full size-full\" alt=\"zima wesele karnawa\u0142\" srcset=\"https:\/\/www.koronakarkonoszy.pl\/blog\/wp-content\/uploads\/2021\/07\/zima-wesele-karnawal.jpg 900w, https:\/\/www.koronakarkonoszy.pl\/blog\/wp-content\/uploads\/2021\/07\/zima-wesele-karnawal-300x200.jpg 300w, https:\/\/www.koronakarkonoszy.pl\/blog\/wp-content\/uploads\/2021\/07\/zima-wesele-karnawal-768x512.jpg 768w\" sizes=\"auto, (max-width: 900px) 100vw, 900px\" \/>            <\/div>\r\n<\/section>\n\n\n<p>\u015alub w Bo\u017ce Narodzenie, albo w <a href=\"https:\/\/www.koronakarkonoszy.pl\/blog\/slub-w-adwencie\/\" target=\"_blank\" rel=\"noreferrer noopener\">adwencie<\/a> lub <a href=\"https:\/\/www.koronakarkonoszy.pl\/blog\/wesele-w-sylwestra-magiczne-chwile-i-bajkowe-krajobrazy\/\" target=\"_blank\" rel=\"noreferrer noopener\">\u015blub w sylwestra<\/a> &#8211; <a href=\"https:\/\/www.koronakarkonoszy.pl\/blog\/zimowe-wesele\/\" class=\"links-placer\">zimowe wesele<\/a> w grudniu to \u015bwietny pomys\u0142! Jakie s\u0105 powody organizacji wesela w zimie? Opinie o \u015blubie zim\u0105 s\u0105 zgodne \u2013 to czas wyj\u0105tkowy, czas magiczny. Plusy \u015blubu zim\u0105 to niezwyk\u0142e zdj\u0119cia \u015blubne zim\u0105, bo zwykle Panna M\u0142oda na \u015blub zim\u0105 prezentuje si\u0119 zjawiskowo, niczym Kr\u00f3lowa \u015aniegu. Dekoracje na wesele zim\u0105 i ozdoby na <a href=\"https:\/\/www.koronakarkonoszy.pl\/blog\/slub-zima\/\" class=\"links-placer\">zimowy \u015blub<\/a> zapewnia sama przyroda. Zw\u0142aszcza \u015blub zim\u0105 w g\u00f3rach ma wyj\u0105tkowy urok. A pogoda \u015blubu zim\u0105? Jak zorganizowa\u0107 \u015blub zim\u0105? Organizacja zimowego wesela to po prostu wzi\u0119cie pod uwag\u0119 zmiennej aury. Zreszt\u0105 w ostatnich latach wida\u0107 podobie\u0144stwa mi\u0119dzy \u015blubem zim\u0105 a latem pod wzgl\u0119dem pogody \u2013 nie spos\u00f3b jej przewidzie\u0107\u2026 Wi\u0119c plusy \u015blubu i wesela zim\u0105 i minusy \u015blubu i wesela zim\u0105 w\u0142a\u015bciwie si\u0119 r\u00f3wnowa\u017c\u0105.<\/p>\n\n\n\n<style>\n    .cta_block{\n        margin: 1.5em 0;\n    }\n    .cta_block_content {\n        position: relative;\n        color: white;\n        padding: 1em;\n    }\n    .cta_block_content h3{\n        text-align: center;\n        font: normal normal normal 36px\/50px Yeseva One;\n    }\n    .cta_block_content .cta_block_desc{\n        text-align: center;\n        font-size: 1.1em;\n        position: relative;\n    }\n    .cta_block_content .cta_block_desc:before {\n        content: '';\n        width: 80px;\n        height: 4px;\n        background: #EEB315;\n        position: absolute;\n        left: 0;\n        right: 0;\n        margin-left: auto;\n        margin-right: auto;\n        top: -22px;\n    }\n\n    .cta_block_content picture{\n        position: absolute;\n        top: 0;\n        right: 0;\n        z-index: -1;\n        height: 100%;\n        overflow: hidden;\n        width: 100%;\n    }\n    .cta_block_content picture img{\n        object-fit: cover;\n        height: 100%;\n        width: 100%;\n    }\n    .cta_block .cta_block_content .ninja-forms-field{\n        background: #FFFFFF2F;\n        border: 1px solid #EEB315;\n        border-radius: 25px;\n        opacity: 1;\n        color: #ffffff;\n    }\n    .cta_block .cta_block_content .nf-form-content input[type=submit]{\n        background-color: #EEB315;\n        color: #292929;\n        text-align: center;\n        font: normal normal bold 14px\/20px Work Sans;\n        padding: 0 2em;\n    }\n\n    .cta_block ::placeholder{\n        color: white!important;\n        opacity: 1;\n    }\n\n    .cta_block_content::after {\n        height: 100%;\n        width: 100%;\n        content: \"\";\n        z-index: -1;\n        position: absolute;\n        top: 0;\n        background: #00000070;\n        right: 0;\n        left: 0;\n        bottom: 0;\n    }\n    #ha-cta-block, .cta_block_desc, .cta_block .nf-field-label, .cta_block .nf-error-msg {\n        filter: drop-shadow(1px 1px 8px black);\n    }\n\n\/*    .cta_block nf-rows-wrap {\n        display: flex;\n        justify-content: space-around;\n        flex-direction: row;\n    }*\/\n\n    .cta_block .nf-field-label {\n        display:none;\n    }\n\n    .cta_block .nf-error.field-wrap .nf-field-element::after {\n        border-radius: 50px;\n    }\n\n    .cta_block .nf-error-msg {\n        color: #fff;\n    }\n\n    .cta_block .nf-form-cont {\n        margin-top: 3em;\n        margin-bottom: 1em;\n    }\n\n    .wp-admin .cta_block_content{\n        display: none;\n    }\n    .cta_block .nf-form-fields-required {\n        display: none;\n    }\n    body:not(.wp-admin) .cta_block_admin {\n        display: none;\n    }\n<\/style>\n<div id=\"cta_block-block_e5d1a25a8ca5b3a96dd5510b23a3fc45\" class=\"cta_block\">\n    <div class=\"cta_block_admin\" style=\"background-color: blue; color: white\">\n        Blok CTA\n    <\/div>\n    <div class=\"cta_block\">\n        <div class=\"cta_block_content\">   \n        <h3 id=\"ha-organizacja-slubu-zima-i-latem\">Organizacja \u015blubu zim\u0105 i latem? <\/h3>\n                    <div class=\"cta_block_desc\">Dw\u00f3r Korona Karkonoszy zaprasza o ka\u017cdej porze roku! <\/div>\n                <noscript class=\"ninja-forms-noscript-message\">\n\tUwaga: ta zawarto\u015b\u0107 wymaga obs\u0142ugi j\u0119zyka JavaScript.<\/noscript>\n<div id=\"nf-form-3-cont\" class=\"nf-form-cont\" aria-live=\"polite\" aria-labelledby=\"nf-form-title-3\" aria-describedby=\"nf-form-errors-3\" role=\"form\">\n\n    <div class=\"nf-loading-spinner\"><\/div>\n\n<\/div>\n        <!-- That data is being printed as a workaround to page builders reordering the order of the scripts loaded-->\n        <script>var formDisplay=1;var nfForms=nfForms||[];var form=[];form.id='3';form.settings={\"objectType\":\"Form Setting\",\"editActive\":true,\"title\":\"Block CTA\",\"created_at\":\"2022-11-08 16:03:33\",\"default_label_pos\":\"above\",\"show_title\":0,\"clear_complete\":\"1\",\"hide_complete\":\"1\",\"logged_in\":\"\",\"wrapper_class\":\"\",\"element_class\":\"\",\"key\":\"\",\"add_submit\":\"0\",\"changeEmailErrorMsg\":\"Wprowad\\u017a prawid\\u0142owy adres e-mail!\",\"changeDateErrorMsg\":\"Prosz\\u0119 wpisa\\u0107 prawid\\u0142ow\\u0105 dat\\u0119!\",\"confirmFieldErrorMsg\":\"Te pola musz\\u0105 si\\u0119 zgadza\\u0107!\",\"fieldNumberNumMinError\":\"B\\u0142\\u0105d \\u2014 liczba minimalna\",\"fieldNumberNumMaxError\":\"B\\u0142\\u0105d \\u2014 liczba maksymalna\",\"fieldNumberIncrementBy\":\"Zwi\\u0119ksz o \",\"formErrorsCorrectErrors\":\"Popraw b\\u0142\\u0119dy, zanim prze\\u015blesz formularz.\",\"validateRequiredField\":\"To jest wymagane pole.\",\"honeypotHoneypotError\":\"B\\u0142\\u0105d Honeypot\",\"fieldsMarkedRequired\":\"Pola oznaczone znakiem <span class=\\\"ninja-forms-req-symbol\\\">*<\\\/span> s\\u0105 wymagane\",\"currency\":\"\",\"repeatable_fieldsets\":\"\",\"unique_field_error\":\"Formularz z t\\u0105 warto\\u015bci\\u0105 zosta\\u0142 ju\\u017c przes\\u0142any.\",\"not_logged_in_msg\":\"\",\"sub_limit_msg\":\"Formularz osi\\u0105gn\\u0105\\u0142 limit wys\\u0142a\\u0144.\",\"calculations\":[],\"container_styles_show_advanced_css\":\"0\",\"title_styles_show_advanced_css\":\"0\",\"row_styles_show_advanced_css\":\"0\",\"row-odd_styles_show_advanced_css\":\"0\",\"success-msg_styles_show_advanced_css\":\"0\",\"error_msg_styles_show_advanced_css\":\"0\",\"formContentData\":[{\"order\":1,\"cells\":[{\"order\":0,\"fields\":[\"phone_1640098023980\"],\"width\":35},{\"order\":1,\"fields\":[\"adres_e-mail_1667919839452\"],\"width\":35},{\"order\":2,\"fields\":[\"zapisz_mnie_1667919853255\"],\"width\":30}]}],\"drawerDisabled\":false,\"conditions\":[],\"allow_public_link\":0,\"embed_form\":\"\",\"container_styles_border\":\"\",\"container_styles_height\":\"\",\"container_styles_margin\":\"\",\"container_styles_padding\":\"\",\"container_styles_float\":\"\",\"title_styles_border\":\"\",\"title_styles_height\":\"\",\"title_styles_width\":\"\",\"title_styles_font-size\":\"\",\"title_styles_margin\":\"\",\"title_styles_padding\":\"\",\"title_styles_float\":\"\",\"row_styles_border\":\"\",\"row_styles_width\":\"\",\"row_styles_font-size\":\"\",\"row_styles_margin\":\"\",\"row_styles_padding\":\"\",\"row-odd_styles_border\":\"\",\"row-odd_styles_height\":\"\",\"row-odd_styles_width\":\"\",\"row-odd_styles_font-size\":\"\",\"row-odd_styles_margin\":\"\",\"row-odd_styles_padding\":\"\",\"success-msg_styles_border\":\"\",\"success-msg_styles_height\":\"\",\"success-msg_styles_width\":\"\",\"success-msg_styles_font-size\":\"\",\"success-msg_styles_margin\":\"\",\"success-msg_styles_padding\":\"\",\"error_msg_styles_border\":\"\",\"error_msg_styles_width\":\"\",\"error_msg_styles_font-size\":\"\",\"error_msg_styles_margin\":\"\",\"error_msg_styles_padding\":\"\",\"form_title_heading_level\":\"3\",\"ninjaForms\":\"Ninja Forms\",\"fieldTextareaRTEInsertLink\":\"Wstaw odno\\u015bnik\",\"fieldTextareaRTEInsertMedia\":\"Wstaw media\",\"fieldTextareaRTESelectAFile\":\"Wybierz plik\",\"formHoneypot\":\"Je\\u015bli jeste\\u015b cz\\u0142owiekiem i widzisz to pole, nie wype\\u0142niaj go.\",\"fileUploadOldCodeFileUploadInProgress\":\"Przesy\\u0142anie pliku w toku.\",\"fileUploadOldCodeFileUpload\":\"PRZESY\\u0141ANIE PLIKU\",\"currencySymbol\":\"&#36;\",\"thousands_sep\":\"&nbsp;\",\"decimal_point\":\",\",\"siteLocale\":\"pl_PL\",\"dateFormat\":\"m\\\/d\\\/Y\",\"startOfWeek\":\"1\",\"of\":\"z\",\"previousMonth\":\"Poprzedni miesi\\u0105c\",\"nextMonth\":\"Nast\\u0119pny miesi\\u0105c\",\"months\":[\"Stycze\\u0144\",\"Luty\",\"Marzec\",\"Kwiecie\\u0144\",\"Maj\",\"Czerwiec\",\"Lipiec\",\"Sierpie\\u0144\",\"Wrzesie\\u0144\",\"Pa\\u017adziernik\",\"Listopad\",\"Grudzie\\u0144\"],\"monthsShort\":[\"Sty\",\"Lut\",\"Mar\",\"Kw\",\"Maj\",\"Cze\",\"Lip\",\"Sie\",\"Wrz\",\"Pa\\u017a\",\"Lis\",\"Gru\"],\"weekdays\":[\"Niedziela\",\"Poniedzia\\u0142ek\",\"Wtorek\",\"\\u015aroda\",\"Czwartek\",\"Pi\\u0105tek\",\"Sobota\"],\"weekdaysShort\":[\"Niedz\",\"Pon\",\"Wt\",\"\\u015ar\",\"Czw\",\"Pt\",\"Sob\"],\"weekdaysMin\":[\"Niedz\",\"Pon\",\"Wt\",\"\\u015ar\",\"Czw\",\"Pt\",\"Sob\"],\"recaptchaConsentMissing\":\"reCaptcha validation couldn&#039;t load.\",\"recaptchaMissingCookie\":\"reCaptcha v3 validation couldn&#039;t load the cookie needed to submit the form.\",\"recaptchaConsentEvent\":\"Accept reCaptcha cookies before sending the form.\",\"currency_symbol\":\"\",\"beforeForm\":\"\",\"beforeFields\":\"\",\"afterFields\":\"\",\"afterForm\":\"\"};form.fields=[{\"objectType\":\"Field\",\"objectDomain\":\"fields\",\"editActive\":false,\"order\":1,\"idAttribute\":\"id\",\"type\":\"phone\",\"label\":\"Numer telefonu\",\"key\":\"phone_1640098023980\",\"label_pos\":\"above\",\"required\":1,\"default\":\"\",\"placeholder\":\"Numer telefonu\",\"container_class\":\"\",\"element_class\":\"\",\"input_limit\":\"\",\"input_limit_type\":\"characters\",\"input_limit_msg\":\"Liczba pozosta\\u0142ych znak\\u00f3w:\",\"manual_key\":\"\",\"admin_label\":\"\",\"help_text\":\"\",\"mask\":\"\",\"custom_mask\":\"\",\"custom_name_attribute\":\"phone\",\"personally_identifiable\":1,\"wrap_styles_border\":\"\",\"wrap_styles_width\":\"\",\"wrap_styles_margin\":\"\",\"wrap_styles_padding\":\"\",\"wrap_styles_float\":\"\",\"wrap_styles_show_advanced_css\":0,\"label_styles_border\":\"\",\"label_styles_width\":\"\",\"label_styles_font-size\":\"\",\"label_styles_margin\":\"\",\"label_styles_padding\":\"\",\"label_styles_float\":\"\",\"label_styles_show_advanced_css\":0,\"element_styles_border\":\"\",\"element_styles_width\":\"\",\"element_styles_font-size\":\"\",\"element_styles_margin\":\"\",\"element_styles_padding\":\"\",\"element_styles_float\":\"\",\"element_styles_show_advanced_css\":0,\"cellcid\":\"c3386\",\"value\":\"\",\"field_label\":\"Numer telefonu\",\"field_key\":\"phone_1640098023980\",\"drawerDisabled\":false,\"id\":8,\"beforeField\":\"\",\"afterField\":\"\",\"parentType\":\"textbox\",\"element_templates\":[\"tel\",\"textbox\",\"input\"],\"old_classname\":\"\",\"wrap_template\":\"wrap\"},{\"objectType\":\"Field\",\"objectDomain\":\"fields\",\"editActive\":false,\"order\":2,\"idAttribute\":\"id\",\"type\":\"email\",\"label\":\"Adres e-mail\",\"key\":\"adres_e-mail_1667919839452\",\"label_pos\":\"above\",\"required\":1,\"default\":\"\",\"placeholder\":\"Adres e-mail\",\"container_class\":\"\",\"element_class\":\"\",\"admin_label\":\"\",\"help_text\":\"\",\"custom_name_attribute\":\"email\",\"personally_identifiable\":1,\"wrap_styles_border\":\"\",\"wrap_styles_width\":\"\",\"wrap_styles_margin\":\"\",\"wrap_styles_padding\":\"\",\"wrap_styles_float\":\"\",\"wrap_styles_show_advanced_css\":0,\"label_styles_border\":\"\",\"label_styles_width\":\"\",\"label_styles_font-size\":\"\",\"label_styles_margin\":\"\",\"label_styles_padding\":\"\",\"label_styles_float\":\"\",\"label_styles_show_advanced_css\":0,\"element_styles_border\":\"\",\"element_styles_width\":\"\",\"element_styles_font-size\":\"\",\"element_styles_margin\":\"\",\"element_styles_padding\":\"\",\"element_styles_float\":\"\",\"element_styles_show_advanced_css\":0,\"cellcid\":\"c3389\",\"value\":\"\",\"drawerDisabled\":false,\"field_label\":\"E-mail\",\"field_key\":\"email_1640098026199\",\"id\":9,\"beforeField\":\"\",\"afterField\":\"\",\"parentType\":\"email\",\"element_templates\":[\"email\",\"input\"],\"old_classname\":\"\",\"wrap_template\":\"wrap\"},{\"objectType\":\"Field\",\"objectDomain\":\"fields\",\"editActive\":false,\"order\":3,\"idAttribute\":\"id\",\"type\":\"submit\",\"label\":\"Zapisz mnie\",\"processing_label\":\"W trakcie realizacji\",\"container_class\":\"\",\"element_class\":\"\",\"key\":\"zapisz_mnie_1667919853255\",\"wrap_styles_border\":\"\",\"wrap_styles_width\":\"\",\"wrap_styles_margin\":\"\",\"wrap_styles_padding\":\"\",\"wrap_styles_float\":\"\",\"wrap_styles_show_advanced_css\":0,\"element_styles_border\":\"\",\"element_styles_width\":\"\",\"element_styles_font-size\":\"\",\"element_styles_margin\":\"\",\"element_styles_padding\":\"\",\"element_styles_float\":\"\",\"element_styles_show_advanced_css\":0,\"submit_element_hover_styles_border\":\"\",\"submit_element_hover_styles_width\":\"\",\"submit_element_hover_styles_font-size\":\"\",\"submit_element_hover_styles_margin\":\"\",\"submit_element_hover_styles_padding\":\"\",\"submit_element_hover_styles_float\":\"\",\"submit_element_hover_styles_show_advanced_css\":0,\"cellcid\":\"c3391\",\"drawerDisabled\":false,\"field_label\":\"Zamawiam rozmow\\u0119\",\"field_key\":\"zamawiam_rozmowe_1640098067453\",\"id\":10,\"beforeField\":\"\",\"afterField\":\"\",\"value\":\"\",\"label_pos\":\"above\",\"parentType\":\"textbox\",\"element_templates\":[\"submit\",\"button\",\"input\"],\"old_classname\":\"\",\"wrap_template\":\"wrap-no-label\"}];nfForms.push(form);<\/script>\n                <script id=\"nf-tmpl-cell\" type=\"text\/template\">\n            <nf-fields><\/nf-fields>\n        <\/script>\n\n        <script id=\"nf-tmpl-row\" type=\"text\/template\">\n            <nf-cells><\/nf-cells>\n        <\/script>\n\n                <img loading=\"lazy\" decoding=\"async\" width=\"1500\" height=\"705\" src=\"https:\/\/www.koronakarkonoszy.pl\/blog\/wp-content\/uploads\/2022\/06\/Dwor-Korona-Karkonoszy.jpg\" class=\"attachment-full size-full\" alt=\"\" srcset=\"https:\/\/www.koronakarkonoszy.pl\/blog\/wp-content\/uploads\/2022\/06\/Dwor-Korona-Karkonoszy.jpg 1500w, https:\/\/www.koronakarkonoszy.pl\/blog\/wp-content\/uploads\/2022\/06\/Dwor-Korona-Karkonoszy-300x141.jpg 300w, https:\/\/www.koronakarkonoszy.pl\/blog\/wp-content\/uploads\/2022\/06\/Dwor-Korona-Karkonoszy-1024x481.jpg 1024w, https:\/\/www.koronakarkonoszy.pl\/blog\/wp-content\/uploads\/2022\/06\/Dwor-Korona-Karkonoszy-768x361.jpg 768w\" sizes=\"auto, (max-width: 1500px) 100vw, 1500px\" \/>        <\/div> \n    <\/div>\n<\/div>\n\n\n\n<h2 class=\"wp-block-heading\" id=\"h-lub-zim-wady\">\u015alub zim\u0105 ma tak\u017ce wady<\/h2>\n\n\n\n<p>Wady \u015blubu zim\u0105? Wad\u0105, podobnie jak przy weselach latem, mo\u017ce okaza\u0107 si\u0119 za\u0142amanie pogody. Niespodziewana odwil\u017c i b\u0142oto zawsze mog\u0105 pokrzy\u017cowa\u0107 nam plany. Je\u015bli planujemy <a href=\"https:\/\/www.koronakarkonoszy.pl\/blog\/zimowe-wesele\/\" target=\"_blank\" rel=\"noreferrer noopener\">\u015blub w zimie<\/a>, warto zorganizowa\u0107 go w rejonie g\u00f3rskim \u2013 tu wahania temperatur s\u0105 mniejsze, a \u015bnieg utrzymuje si\u0119 d\u0142u\u017cej. Para M\u0142oda powinna te\u017c zakupi\u0107 pasuj\u0105ce do stylizacji wierzchnie odzienie, co jest dodatkowym wydatkiem. Ale je\u015bli chodzi o \u015bluby zimowe wady \u2013 to jedyne ewentualne. W zale\u017cno\u015bci od godziny rozpocz\u0119cia wesela, mo\u017cemy nie zd\u0105\u017cy\u0107 z sesj\u0105 \u015blubn\u0105 w plenerze przed zapadni\u0119ciem zmroku \u2013 tu wyj\u015bciem mo\u017ce by\u0107 prze\u0142o\u017cenie jej na dzie\u0144 poprawin. Ale mo\u017cna te\u017c zaplanowa\u0107 zdj\u0119cia w \u015bwietle ksi\u0119\u017cyca \u2013 \u015blubne fotografie w rozgwie\u017cd\u017conych plenerach na pewno b\u0119d\u0105 magiczne!<\/p>\n\n\n<section id=\"leonardo-block_e96b03f992f8989f9734b1efddc16166\" class=\"leonardo page-breaker leonardo-image-left\">\r\n    <div class=\"leonardo-body\">\r\n                <div class=\"leonardo-content\"><p><!-- wp:heading --><\/p>\n<h3 id=\"ha-czy-da-sie-zorganizowac-slub-zima-w-plenerze\">Czy da si\u0119 zorganizowa\u0107 \u015blub zim\u0105 w plenerze?<\/h3>\n<p>Zima, wbrew pozorom, to r\u00f3wnie\u017c doskona\u0142y czas na uczczenie tego wyj\u0105tkowego dnia na zewn\u0105trz. Pi\u0119kna, wyj\u0105tkowo zaaran\u017cowana altana \u015blubna i rozpo\u015bcieraj\u0105cy si\u0119 przed oczami go\u015bci widok na przepi\u0119kne g\u00f3rskie krajobrazy \u2013 to co\u015b, czego nikt od tego dnia nie zapomni.<\/p>\n<p>Znajdziemy tak\u0105 na przyk\u0142ad w Dworze Korona Karkonoszy w Sosn\u00f3wce ko\u0142o Karpacza. Je\u015bli wi\u0119c marzycie o wymarzonej, wr\u0119cz magicznej atmosferze, wystarczy cieplejszy p\u0142aszcz lub futro i \u015blub <a href=\"https:\/\/www.koronakarkonoszy.pl\/blog\/slub-w-plenerze-wszystko-co-warto-o-nim-wiedziec\/\" target=\"_blank\" rel=\"noopener\">zim\u0105 w plenerze<\/a> b\u0119dzie najwa\u017cniejszym i najpi\u0119kniejszym momentem tego dnia.<\/p>\n<p><!-- \/wp:paragraph --><\/p>\n<\/div>\r\n                    <aside class=\"leonardo-interlink\">\r\n                <b>Polecamy<\/b>\r\n                <a href=\"https:\/\/www.koronakarkonoszy.pl\/blog\/czy-slub-w-boze-cialo-to-dobry-pomysl\/\">Czy \u015blub w Bo\u017ce Cia\u0142o to dobry pomys\u0142?<\/a>\r\n            <\/aside>\r\n            <\/div>\r\n    <div class=\"leonardo-image\">\r\n        <img loading=\"lazy\" decoding=\"async\" width=\"1730\" height=\"1155\" src=\"https:\/\/www.koronakarkonoszy.pl\/blog\/wp-content\/uploads\/2022\/01\/AA056.jpg\" class=\"attachment-full size-full\" alt=\"\" srcset=\"https:\/\/www.koronakarkonoszy.pl\/blog\/wp-content\/uploads\/2022\/01\/AA056.jpg 1730w, https:\/\/www.koronakarkonoszy.pl\/blog\/wp-content\/uploads\/2022\/01\/AA056-300x200.jpg 300w, https:\/\/www.koronakarkonoszy.pl\/blog\/wp-content\/uploads\/2022\/01\/AA056-1024x684.jpg 1024w, https:\/\/www.koronakarkonoszy.pl\/blog\/wp-content\/uploads\/2022\/01\/AA056-768x513.jpg 768w, https:\/\/www.koronakarkonoszy.pl\/blog\/wp-content\/uploads\/2022\/01\/AA056-1536x1025.jpg 1536w, https:\/\/www.koronakarkonoszy.pl\/blog\/wp-content\/uploads\/2022\/01\/AA056-18x12.jpg 18w\" sizes=\"auto, (max-width: 1730px) 100vw, 1730px\" \/>            <\/div>\r\n<\/section>\n\n\n<h2 class=\"wp-block-heading\" id=\"h-lub-zim-czy-lub-latem\">\u015alub zim\u0105 czy \u015blub latem &#8211; co wybra\u0107?<\/h2>\n\n\n\n<p>Decyzja o \u015blubie zim\u0105 czy latem nie jest \u0142atwa. Mo\u017ce chcecie po\u0142\u0105czy\u0107 swoje wesele z innym wyj\u0105tkowym wydarzeniem, na przyk\u0142ad okr\u0105g\u0142\u0105 rocznic\u0105 \u015blubu rodzic\u00f3w lub urodzinami kt\u00f3rego\u015b z go\u015bci? Zar\u00f3wno \u015blub zim\u0105, jak i \u015blub latem, to doskona\u0142a okazja do sp\u0119dzenia upragnionego czasu w gronie rodziny i przyjaci\u00f3\u0142. <a href=\"https:\/\/www.koronakarkonoszy.pl\/blog\/wesele-z-noclegiem\/\" target=\"_blank\" rel=\"noreferrer noopener\">Wesele w g\u00f3rach<\/a>, szczeg\u00f3lnie to wyjazdowe, sk\u0142ania go\u015bci do wzi\u0119cia dodatkowego, kr\u00f3tkiego urlopu i skorzystania z g\u00f3rskich atrakcji.<\/p>\n\n\n<section id=\"leonardo-block_e8d0c2d09b9c4facce8fd7e49e32dac3\" class=\"leonardo page-breaker leonardo-image-right\">\r\n    <div class=\"leonardo-body\">\r\n                <div class=\"leonardo-content\"><h3 id=\"ha-wesele-w-gorach-bez-wzgledu-na-pore-roku\">Wesele w g\u00f3rach bez wzgl\u0119du na por\u0119 roku<\/h3>\n<p>Niezale\u017cnie od tego, czy jest zima czy lato, <strong>Dw\u00f3r Korona Karkonoszy usytuowany u podn\u00f3\u017ca g\u00f3rskich pasm<\/strong>, <strong>jest miejscem, gdzie ka\u017cdy go\u015b\u0107 naprawd\u0119 odpoczywa<\/strong>. Czy s\u0105 to przygotowania do wesela czy poprawiny na \u015bwie\u017cym powietrzu, wszyscy odnajd\u0105 tu d\u0142ugo wyczekiwany spok\u00f3j. G\u00f3ry odpr\u0119\u017caj\u0105, sprawiaj\u0105, \u017ce na wszystko patrzymy z innej perspektywy. Je\u015bli dodatkowo mo\u017cemy \u015bwi\u0119towa\u0107 w tym miejscu mi\u0142o\u015b\u0107 dwojga bliskich nam ludzi, nie ma lepszych okoliczno\u015bci ni\u017c te.<\/p>\n<p>Nie zapominajmy o noclegach, kt\u00f3re s\u0105 nieod\u0142\u0105cznym elementem ka\u017cdego wesela. Go\u015bcie po zabawie musz\u0105 mie\u0107 miejsce do odpoczynku i przygotowanie si\u0119 na drugi dzie\u0144 szale\u0144stwa. Komfortowe apartamenty i <a href=\"https:\/\/www.koronakarkonoszy.pl\/pokoje\/\" target=\"_blank\" rel=\"noreferrer noopener\">pokoje<\/a> Dworu Korona Karkonoszy sprawi\u0105, \u017ce ka\u017cdy z go\u015bci odnajdzie tu swoje wymarzone miejsce. <strong>Odpoczynek z widokiem na g\u00f3ry zawsze jest mi\u0142ym zwie\u0144czeniem dnia<\/strong> i powitaniem nowego poranka.<\/p>\n<\/div>\r\n                    <aside class=\"leonardo-interlink\">\r\n                <b>Polecamy<\/b>\r\n                <a href=\"https:\/\/www.koronakarkonoszy.pl\/blog\/jak-wybrac-miejsce-na-wesele\/\">Jak wybra\u0107 miejsce na wesele?<\/a>\r\n            <\/aside>\r\n            <\/div>\r\n    <div class=\"leonardo-image\">\r\n        <img loading=\"lazy\" decoding=\"async\" width=\"1024\" height=\"687\" src=\"https:\/\/www.koronakarkonoszy.pl\/blog\/wp-content\/uploads\/2021\/07\/slub_zima_czy_latem.jpg\" class=\"attachment-full size-full\" alt=\"\u015blub latem\" srcset=\"https:\/\/www.koronakarkonoszy.pl\/blog\/wp-content\/uploads\/2021\/07\/slub_zima_czy_latem.jpg 1024w, https:\/\/www.koronakarkonoszy.pl\/blog\/wp-content\/uploads\/2021\/07\/slub_zima_czy_latem-300x201.jpg 300w, https:\/\/www.koronakarkonoszy.pl\/blog\/wp-content\/uploads\/2021\/07\/slub_zima_czy_latem-768x515.jpg 768w\" sizes=\"auto, (max-width: 1024px) 100vw, 1024px\" \/>            <\/div>\r\n<\/section>\n\n\n<p>Jak wida\u0107, zar\u00f3wno \u015blub latem jak i zim\u0105 ma swoje mocne i s\u0142abe strony, nie ma idealnego terminu dla ka\u017cdego. Warto rozpatrzy\u0107 plusy i minusy obu termin\u00f3w, aby wybra\u0107 ten, kt\u00f3ry najbardziej odpowiada naszym potrzebom. Niezale\u017cnie na jaki termin si\u0119 zdecydujemy najwa\u017cniejsze jest przecie\u017c, by by\u0142o to wesele waszych marze\u0144!<\/p>\n\n\n<section id=\"leonardo-block_7666c419d2ebc927a2c801af48fa431d\" class=\"leonardo page-breaker leonardo-image-left\">\r\n    <div class=\"leonardo-body\">\r\n                <div class=\"leonardo-content\"><h3 id=\"ha-zima-czy-lato-ktora-pora-roku-jest-lepsza-na-slub\">Zima czy lato &#8211; kt\u00f3ra pora roku jest lepsza na \u015blub?<\/h3>\n<p>Ka\u017cda para pr\u0119dzej czy p\u00f3\u017aniej musi sobie odpowiedzie\u0107 na pytanie: <strong>\u015blub zim\u0105 czy latem<\/strong>. Je\u015bli jeszcze nie zdecydowali\u015bcie, mamy nadziej\u0119, \u017ce po przeczytaniu tego artyku\u0142u, \u0142atwiej podejmiecie ostateczn\u0105 decyzj\u0119. Przede wszystkim powinni\u015bcie si\u0119 zastanowi\u0107, czy nie przeszkadza Wam upa\u0142. Je\u015bli nie, zarezerwujcie termin na <a href=\"https:\/\/www.koronakarkonoszy.pl\/blog\/wesele-w-czerwcu-co-musisz-wiedziec\/\" target=\"_blank\" rel=\"noopener\">wesele w czerwcu<\/a>, <a href=\"https:\/\/www.koronakarkonoszy.pl\/blog\/slub-w-lipcu\/\" target=\"_blank\" rel=\"noopener\">lipiec<\/a> lub sierpie\u0144.<\/p>\n<p>A mo\u017ce uwielbiacie zimow\u0105 aur\u0119? W takim razie poszukajcie wolnego terminu w grudniu, lub na <a href=\"https:\/\/www.koronakarkonoszy.pl\/blog\/slub-w-styczniu\/\" target=\"_blank\" rel=\"noopener\">\u015blub w styczniu<\/a> czy lutym. Marzycie o tym, aby wzi\u0105\u0107 <a href=\"https:\/\/www.koronakarkonoszy.pl\/blog\/slub-w-gorach-organizacja-krok-po-kroku\/\" target=\"_blank\" rel=\"noopener\">\u015blub w g\u00f3rach<\/a>? Serdecznie zapraszamy do Dworu Korona Karkonoszy, po\u0142o\u017conym w cudownej okolicy. Gwarantujemy, \u017ce panuj\u0105ca w nim atmosfera zachwyci zar\u00f3wno Was, jak i go\u015bci. Zapewniamy profesjonaln\u0105 obs\u0142ug\u0119 i <a href=\"https:\/\/www.koronakarkonoszy.pl\/restauracja\/\" target=\"_blank\" rel=\"noopener\">pyszne jedzenie<\/a>, dzi\u0119ki czemu zaoszcz\u0119dzicie sporo stresu.<\/p>\n<\/div>\r\n                    <aside class=\"leonardo-interlink\">\r\n                <b>Polecamy<\/b>\r\n                <a href=\"https:\/\/www.koronakarkonoszy.pl\/blog\/przyjecie-zamiast-wesela\/\">Przyj\u0119cie zamiast wesela: o czym pami\u0119ta\u0107?<\/a>\r\n            <\/aside>\r\n            <\/div>\r\n    <div class=\"leonardo-image\">\r\n        <img loading=\"lazy\" decoding=\"async\" width=\"1503\" height=\"2254\" src=\"https:\/\/www.koronakarkonoszy.pl\/blog\/wp-content\/uploads\/2020\/05\/para-mloda-plener-34.jpg\" class=\"attachment-full size-full\" alt=\"\" srcset=\"https:\/\/www.koronakarkonoszy.pl\/blog\/wp-content\/uploads\/2020\/05\/para-mloda-plener-34.jpg 1503w, https:\/\/www.koronakarkonoszy.pl\/blog\/wp-content\/uploads\/2020\/05\/para-mloda-plener-34-200x300.jpg 200w, https:\/\/www.koronakarkonoszy.pl\/blog\/wp-content\/uploads\/2020\/05\/para-mloda-plener-34-683x1024.jpg 683w, https:\/\/www.koronakarkonoszy.pl\/blog\/wp-content\/uploads\/2020\/05\/para-mloda-plener-34-768x1152.jpg 768w, https:\/\/www.koronakarkonoszy.pl\/blog\/wp-content\/uploads\/2020\/05\/para-mloda-plener-34-1280x1920.jpg 1280w, https:\/\/www.koronakarkonoszy.pl\/blog\/wp-content\/uploads\/2020\/05\/para-mloda-plener-34-1024x1536.jpg 1024w, https:\/\/www.koronakarkonoszy.pl\/blog\/wp-content\/uploads\/2020\/05\/para-mloda-plener-34-1366x2048.jpg 1366w, https:\/\/www.koronakarkonoszy.pl\/blog\/wp-content\/uploads\/2020\/05\/para-mloda-plener-34-8x12.jpg 8w\" sizes=\"auto, (max-width: 1503px) 100vw, 1503px\" \/>            <\/div>\r\n<\/section>\n\n\n<h2 class=\"wp-block-heading\"><a><\/a>\u015alub zim\u0105 czy latem? Czym kierowa\u0107 si\u0119 przy podejmowaniu decyzji?<\/h2>\n\n\n\n<p>Nie potraficie si\u0119 zdecydowa\u0107, czy wzi\u0105\u0107 \u015blub zim\u0105, czy latem? Chocia\u017c wakacje nieod\u0142\u0105cznie kojarz\u0105 si\u0119 nam z przyj\u0119ciami weselnymi, coraz wi\u0119cej par pobiera si\u0119 w okresie \u015bwi\u0105tecznym lub w <a href=\"https:\/\/www.koronakarkonoszy.pl\/blog\/wesele-w-karnawale\/\" target=\"_blank\" rel=\"noreferrer noopener\">karnawale<\/a>. Niezale\u017cnie od tego, co postanowicie, pami\u0119tajcie, \u017ce ka\u017cda pora roku ma zalety i wady.<\/p>\n\n\n\n<figure class=\"wp-block-image size-large\"><img loading=\"lazy\" decoding=\"async\" width=\"1024\" height=\"683\" src=\"https:\/\/www.koronakarkonoszy.pl\/blog\/wp-content\/uploads\/2023\/07\/slub-koscielny34-1024x683.jpg\" alt=\"\" class=\"wp-image-10560\" srcset=\"https:\/\/www.koronakarkonoszy.pl\/blog\/wp-content\/uploads\/2023\/07\/slub-koscielny34-1024x683.jpg 1024w, https:\/\/www.koronakarkonoszy.pl\/blog\/wp-content\/uploads\/2023\/07\/slub-koscielny34-300x200.jpg 300w, https:\/\/www.koronakarkonoszy.pl\/blog\/wp-content\/uploads\/2023\/07\/slub-koscielny34-768x512.jpg 768w, https:\/\/www.koronakarkonoszy.pl\/blog\/wp-content\/uploads\/2023\/07\/slub-koscielny34-1920x1281.jpg 1920w, https:\/\/www.koronakarkonoszy.pl\/blog\/wp-content\/uploads\/2023\/07\/slub-koscielny34-1536x1025.jpg 1536w, https:\/\/www.koronakarkonoszy.pl\/blog\/wp-content\/uploads\/2023\/07\/slub-koscielny34-2048x1367.jpg 2048w, https:\/\/www.koronakarkonoszy.pl\/blog\/wp-content\/uploads\/2023\/07\/slub-koscielny34-18x12.jpg 18w\" sizes=\"auto, (max-width: 1024px) 100vw, 1024px\" \/><figcaption class=\"wp-element-caption\"><strong>\u015alub ko\u015bcielny zim\u0105<\/strong><\/figcaption><\/figure>\n\n\n\n<p>Jakie argumenty przemawiaj\u0105 za \u015blubem w lecie? Przede wszystkim d\u0142ugie, ciep\u0142e dni wp\u0142ywaj\u0105 pozytywnie na nasze samopoczucie. Je\u015bli lubicie odpoczywa\u0107 na \u0142onie natury, mo\u017cecie przenie\u015b\u0107 zabaw\u0119 na \u015bwie\u017ce powietrze. \u015alub w ogrodzie\u2026.. Martwicie si\u0119, \u017ce pogoda pokrzy\u017cuje Wam plany? W takim razie wynajmijcie namiot, w kt\u00f3rym mo\u017cna si\u0119 schroni\u0107 na wypadek deszczu i burzy. Zastanawiacie si\u0119, jaki wybra\u0107 motyw przewodni? Postawcie na styl rustykalny, boho, prowansalski, tropikalny lub greenery.<\/p>\n\n\n\n<p>Je\u015bli planujecie \u015blub zim\u0105, pami\u0119tajcie, \u017ce nadal mo\u017cecie mu nada\u0107 wyj\u0105tkowy charakter. Zestawcie czerwie\u0144 z zieleni\u0105, aby nawi\u0105za\u0107 do \u015awi\u0105t Bo\u017cego Narodzenia. Pomy\u015blcie o tym, aby wple\u015b\u0107 w wystr\u00f3j kryszta\u0142ki, sztuczny \u015bnieg i bombki.<\/p>\n\n\n\n<h3 class=\"wp-block-heading\" id=\"ha-menu-na-dana-pore-roku\">Menu na dan\u0105 por\u0119 roku<\/h3>\n\n\n\n<p>Zastanawiacie si\u0119, jak wybra\u0107 <a href=\"https:\/\/www.koronakarkonoszy.pl\/blog\/menu-weselne-na-lato\/\" target=\"_blank\" rel=\"noreferrer noopener\">menu weselne na lato<\/a>? Je\u015bli niekoniecznie lubicie ros\u00f3\u0142, poszukajcie smacznych zamiennik\u00f3w. W tej roli doskonale sprawdzi si\u0119 ch\u0142odnik, \u017curek, kwa\u015bnica lub grzybowa. Mo\u017cecie r\u00f3wnie\u017c zastanowi\u0107 si\u0119 nad zup\u0105 krem, np. pomidorow\u0105, z borowik\u00f3w, broku\u0142\u00f3w, szparag\u00f3w, czy pieczonych burak\u00f3w.<\/p>\n\n\n\n<p>Szukacie pomys\u0142\u00f3w na drugie danie? Je\u015bli organizujecie wesele w wakacje, przygotujcie si\u0119 na wysokie temperatury. Zamiast serwowa\u0107 pikantne i pieczone mi\u0119so, zdecydujcie si\u0119 na paszteciki wegetaria\u0144skie, chude mi\u0119so z grilla, ryby, owoce morza i warzywa gotowane na parze. Pami\u0119tajcie, \u017ce odpowiadaj\u0105c na pytanie \u2013 \u015blub zim\u0105 czy latem, powinni\u015bcie si\u0119 r\u00f3wnie\u017c zastanowi\u0107 nad menu.<\/p>\n\n\n\n<figure class=\"wp-block-image size-full\"><img loading=\"lazy\" decoding=\"async\" width=\"1024\" height=\"683\" src=\"https:\/\/www.koronakarkonoszy.pl\/blog\/wp-content\/uploads\/2023\/02\/MG_5844.jpg\" alt=\"\" class=\"wp-image-7843\" srcset=\"https:\/\/www.koronakarkonoszy.pl\/blog\/wp-content\/uploads\/2023\/02\/MG_5844.jpg 1024w, https:\/\/www.koronakarkonoszy.pl\/blog\/wp-content\/uploads\/2023\/02\/MG_5844-300x200.jpg 300w, https:\/\/www.koronakarkonoszy.pl\/blog\/wp-content\/uploads\/2023\/02\/MG_5844-768x512.jpg 768w, https:\/\/www.koronakarkonoszy.pl\/blog\/wp-content\/uploads\/2023\/02\/MG_5844-18x12.jpg 18w\" sizes=\"auto, (max-width: 1024px) 100vw, 1024px\" \/><figcaption class=\"wp-element-caption\"><strong><a href=\"https:\/\/www.koronakarkonoszy.pl\/restauracja\/\" target=\"_blank\" rel=\"noreferrer noopener\">Menu na wesele<\/a>, Dw\u00f3r Korona Karkonoszy, <a href=\"https:\/\/www.koronakarkonoszy.pl\/blog-atrakcje\/sosnowka\/\" class=\"links-placer\">Sosn\u00f3wka<\/a> k. Karpacza<\/strong> <\/figcaption><\/figure>\n\n\n\n<p>Je\u015bli zimowa aura Wam nie straszna, zerknijcie, co poda\u0107 go\u015bciom na weselu. Pami\u0119tajcie, \u017ce w menu powinny zago\u015bci\u0107 pyszne, rozgrzewaj\u0105ce i syc\u0105ce potrawy. Wybierzcie dania, kt\u00f3re nawi\u0105zuj\u0105 do \u015bwi\u0105t&nbsp; i karnawa\u0142u. Je\u015bli chodzi o zupy, proponujemy tradycyjny ros\u00f3\u0142, flaki lub barszcz z uszkami.<\/p>\n\n\n\n<p>Nast\u0119pnie mo\u017cecie zaserwowa\u0107 duszone mi\u0119so w sosie grzybowym, schab pieczony z suszonymi \u015bliwkami, \u0142ososia, karpia lub pstr\u0105ga. Podajcie do nich ziemniaki, kasz\u0119, sur\u00f3wk\u0119 z kiszonej kapusty, buraczki zasma\u017cane, marchewk\u0119 z groszkiem, czy sur\u00f3wk\u0119 z kiszonej kapusty.<\/p>\n\n\n\n<figure class=\"wp-block-image size-large\"><img loading=\"lazy\" decoding=\"async\" width=\"1024\" height=\"683\" src=\"https:\/\/www.koronakarkonoszy.pl\/blog\/wp-content\/uploads\/2021\/10\/20180119-Klaudia-Cieplinska-Photo-JA-22-copy-1024x683.jpg\" alt=\"\" class=\"wp-image-9469\" srcset=\"https:\/\/www.koronakarkonoszy.pl\/blog\/wp-content\/uploads\/2021\/10\/20180119-Klaudia-Cieplinska-Photo-JA-22-copy-1024x683.jpg 1024w, https:\/\/www.koronakarkonoszy.pl\/blog\/wp-content\/uploads\/2021\/10\/20180119-Klaudia-Cieplinska-Photo-JA-22-copy-300x200.jpg 300w, https:\/\/www.koronakarkonoszy.pl\/blog\/wp-content\/uploads\/2021\/10\/20180119-Klaudia-Cieplinska-Photo-JA-22-copy-768x512.jpg 768w, https:\/\/www.koronakarkonoszy.pl\/blog\/wp-content\/uploads\/2021\/10\/20180119-Klaudia-Cieplinska-Photo-JA-22-copy-1536x1025.jpg 1536w, https:\/\/www.koronakarkonoszy.pl\/blog\/wp-content\/uploads\/2021\/10\/20180119-Klaudia-Cieplinska-Photo-JA-22-copy-18x12.jpg 18w, https:\/\/www.koronakarkonoszy.pl\/blog\/wp-content\/uploads\/2021\/10\/20180119-Klaudia-Cieplinska-Photo-JA-22-copy.jpg 1619w\" sizes=\"auto, (max-width: 1024px) 100vw, 1024px\" \/><figcaption class=\"wp-element-caption\"><strong>Sesja \u015blubna zim\u0105<\/strong>, <strong><a href=\"https:\/\/www.koronakarkonoszy.pl\/wesele\/\" target=\"_blank\" rel=\"noreferrer noopener\">Dw\u00f3r Korona Karkonoszy<\/a>, Sosn\u00f3wka k. Karpacza<\/strong> <\/figcaption><\/figure>\n\n\n\n<h2 class=\"wp-block-heading\"><a><\/a>Dlaczego warto zorganizowa\u0107 \u015blub w grudniu?<\/h2>\n\n\n\n<p>Coraz wi\u0119cej par decyduje si\u0119 na<a href=\"https:\/\/www.koronakarkonoszy.pl\/blog\/slub-w-grudniu\/\" target=\"_blank\" rel=\"noreferrer noopener\"> \u015blub w grudniu<\/a> i to nie tylko w \u015bwi\u0119ta, ale te\u017c w okresie wypadaj\u0105cym mi\u0119dzy Bo\u017cym Narodzeniem a Sylwestrem. Idealnie, je\u015bli pada \u015bnieg, poniewa\u017c nada uroczysto\u015bci magiczn\u0105 atmosfer\u0119. Na sto\u0142ach powinny pojawi\u0107 si\u0119 \u015bnie\u017cnobia\u0142e obrusy.<\/p>\n\n\n\n<p>Mo\u017cecie na nich postawi\u0107 z\u0142ote lub srebrne \u015bwieczniki z d\u0142ugimi \u015bwiecami, oszronione ga\u0142\u0105zki i dekoracje z szyszek. Opr\u00f3cz tego pomy\u015blcie o o\u015bnie\u017conych sztucznych choinkach, bombach, kulach \u015bnie\u017cnych, jemiole i kurtynie \u015bwietlnej.<\/p>\n\n\n\n<p>Szukacie inspiracji na niezapomnian\u0105,<a href=\"https:\/\/www.koronakarkonoszy.pl\/blog\/zimowa-sesja-slubna\/\" target=\"_blank\" rel=\"noreferrer noopener\"> zimow\u0105 sesj\u0119 po\u015blubn\u0105<\/a>? Oczywi\u015bcie, wspomniane przedsi\u0119wzi\u0119cie stanowi nie lada wyzwanie, zar\u00f3wno dla \u015bwie\u017co upieczonych ma\u0142\u017conk\u00f3w, jak i dla fotografa. Ka\u017cdy marzy o wspania\u0142ej sesji zdj\u0119ciowej \u2013 i na pewno taka b\u0119dzie. Nale\u017cy tylko pami\u0119ta\u0107, \u017ce o tej porze roku zmierzch zapada szybciej ni\u017c latem. Z drugiej strony na takiej sesji panuje wyj\u0105tkowa atmosfera.<\/p>\n\n\n\n<style>\n    .cta_block{\n        margin: 1.5em 0;\n    }\n    .cta_block_content {\n        position: relative;\n        color: white;\n        padding: 1em;\n    }\n    .cta_block_content h3{\n        text-align: center;\n        font: normal normal normal 36px\/50px Yeseva One;\n    }\n    .cta_block_content .cta_block_desc{\n        text-align: center;\n        font-size: 1.1em;\n        position: relative;\n    }\n    .cta_block_content .cta_block_desc:before {\n        content: '';\n        width: 80px;\n        height: 4px;\n        background: #EEB315;\n        position: absolute;\n        left: 0;\n        right: 0;\n        margin-left: auto;\n        margin-right: auto;\n        top: -22px;\n    }\n\n    .cta_block_content picture{\n        position: absolute;\n        top: 0;\n        right: 0;\n        z-index: -1;\n        height: 100%;\n        overflow: hidden;\n        width: 100%;\n    }\n    .cta_block_content picture img{\n        object-fit: cover;\n        height: 100%;\n        width: 100%;\n    }\n    .cta_block .cta_block_content .ninja-forms-field{\n        background: #FFFFFF2F;\n        border: 1px solid #EEB315;\n        border-radius: 25px;\n        opacity: 1;\n        color: #ffffff;\n    }\n    .cta_block .cta_block_content .nf-form-content input[type=submit]{\n        background-color: #EEB315;\n        color: #292929;\n        text-align: center;\n        font: normal normal bold 14px\/20px Work Sans;\n        padding: 0 2em;\n    }\n\n    .cta_block ::placeholder{\n        color: white!important;\n        opacity: 1;\n    }\n\n    .cta_block_content::after {\n        height: 100%;\n        width: 100%;\n        content: \"\";\n        z-index: -1;\n        position: absolute;\n        top: 0;\n        background: #00000070;\n        right: 0;\n        left: 0;\n        bottom: 0;\n    }\n    #ha-cta-block, .cta_block_desc, .cta_block .nf-field-label, .cta_block .nf-error-msg {\n        filter: drop-shadow(1px 1px 8px black);\n    }\n\n\/*    .cta_block nf-rows-wrap {\n        display: flex;\n        justify-content: space-around;\n        flex-direction: row;\n    }*\/\n\n    .cta_block .nf-field-label {\n        display:none;\n    }\n\n    .cta_block .nf-error.field-wrap .nf-field-element::after {\n        border-radius: 50px;\n    }\n\n    .cta_block .nf-error-msg {\n        color: #fff;\n    }\n\n    .cta_block .nf-form-cont {\n        margin-top: 3em;\n        margin-bottom: 1em;\n    }\n\n    .wp-admin .cta_block_content{\n        display: none;\n    }\n    .cta_block .nf-form-fields-required {\n        display: none;\n    }\n    body:not(.wp-admin) .cta_block_admin {\n        display: none;\n    }\n<\/style>\n<div id=\"cta_block-block_cd91e44c74fe8979790c59ad3529cf0c\" class=\"cta_block\">\n    <div class=\"cta_block_admin\" style=\"background-color: blue; color: white\">\n        Blok CTA\n    <\/div>\n    <div class=\"cta_block\">\n        <div class=\"cta_block_content\">   \n        <h3 id=\"ha-miejsce-na-wesele-zima-i-latem\">Miejsce na wesele zim\u0105 i latem? <\/h3>\n                    <div class=\"cta_block_desc\">Dw\u00f3r Korona Karkonoszy!<\/div>\n                <noscript class=\"ninja-forms-noscript-message\">\n\tUwaga: ta zawarto\u015b\u0107 wymaga obs\u0142ugi j\u0119zyka JavaScript.<\/noscript>\n<div id=\"nf-form-3_1-cont\" class=\"nf-form-cont\" aria-live=\"polite\" aria-labelledby=\"nf-form-title-3_1\" aria-describedby=\"nf-form-errors-3_1\" role=\"form\">\n\n    <div class=\"nf-loading-spinner\"><\/div>\n\n<\/div>\n        <!-- That data is being printed as a workaround to page builders reordering the order of the scripts loaded-->\n        <script>var formDisplay=1;var nfForms=nfForms||[];var form=[];form.id='3_1';form.settings={\"objectType\":\"Form Setting\",\"editActive\":true,\"title\":\"Block CTA\",\"created_at\":\"2022-11-08 16:03:33\",\"default_label_pos\":\"above\",\"show_title\":0,\"clear_complete\":\"1\",\"hide_complete\":\"1\",\"logged_in\":\"\",\"wrapper_class\":\"\",\"element_class\":\"\",\"key\":\"\",\"add_submit\":\"0\",\"changeEmailErrorMsg\":\"Wprowad\\u017a prawid\\u0142owy adres e-mail!\",\"changeDateErrorMsg\":\"Prosz\\u0119 wpisa\\u0107 prawid\\u0142ow\\u0105 dat\\u0119!\",\"confirmFieldErrorMsg\":\"Te pola musz\\u0105 si\\u0119 zgadza\\u0107!\",\"fieldNumberNumMinError\":\"B\\u0142\\u0105d \\u2014 liczba minimalna\",\"fieldNumberNumMaxError\":\"B\\u0142\\u0105d \\u2014 liczba maksymalna\",\"fieldNumberIncrementBy\":\"Zwi\\u0119ksz o \",\"formErrorsCorrectErrors\":\"Popraw b\\u0142\\u0119dy, zanim prze\\u015blesz formularz.\",\"validateRequiredField\":\"To jest wymagane pole.\",\"honeypotHoneypotError\":\"B\\u0142\\u0105d Honeypot\",\"fieldsMarkedRequired\":\"Pola oznaczone znakiem &lt;span class=&quot;ninja-forms-req-symbol&quot;&gt;*&lt;\\\/span&gt; s\\u0105 wymagane\",\"currency\":\"\",\"repeatable_fieldsets\":\"\",\"unique_field_error\":\"Formularz z t\\u0105 warto\\u015bci\\u0105 zosta\\u0142 ju\\u017c przes\\u0142any.\",\"not_logged_in_msg\":\"\",\"sub_limit_msg\":\"Formularz osi\\u0105gn\\u0105\\u0142 limit wys\\u0142a\\u0144.\",\"calculations\":[],\"container_styles_show_advanced_css\":\"0\",\"title_styles_show_advanced_css\":\"0\",\"row_styles_show_advanced_css\":\"0\",\"row-odd_styles_show_advanced_css\":\"0\",\"success-msg_styles_show_advanced_css\":\"0\",\"error_msg_styles_show_advanced_css\":\"0\",\"formContentData\":[{\"order\":1,\"cells\":[{\"order\":0,\"fields\":[\"phone_1640098023980\"],\"width\":35},{\"order\":1,\"fields\":[\"adres_e-mail_1667919839452\"],\"width\":35},{\"order\":2,\"fields\":[\"zapisz_mnie_1667919853255\"],\"width\":30}]}],\"drawerDisabled\":false,\"conditions\":[],\"allow_public_link\":0,\"embed_form\":\"\",\"container_styles_border\":\"\",\"container_styles_height\":\"\",\"container_styles_margin\":\"\",\"container_styles_padding\":\"\",\"container_styles_float\":\"\",\"title_styles_border\":\"\",\"title_styles_height\":\"\",\"title_styles_width\":\"\",\"title_styles_font-size\":\"\",\"title_styles_margin\":\"\",\"title_styles_padding\":\"\",\"title_styles_float\":\"\",\"row_styles_border\":\"\",\"row_styles_width\":\"\",\"row_styles_font-size\":\"\",\"row_styles_margin\":\"\",\"row_styles_padding\":\"\",\"row-odd_styles_border\":\"\",\"row-odd_styles_height\":\"\",\"row-odd_styles_width\":\"\",\"row-odd_styles_font-size\":\"\",\"row-odd_styles_margin\":\"\",\"row-odd_styles_padding\":\"\",\"success-msg_styles_border\":\"\",\"success-msg_styles_height\":\"\",\"success-msg_styles_width\":\"\",\"success-msg_styles_font-size\":\"\",\"success-msg_styles_margin\":\"\",\"success-msg_styles_padding\":\"\",\"error_msg_styles_border\":\"\",\"error_msg_styles_width\":\"\",\"error_msg_styles_font-size\":\"\",\"error_msg_styles_margin\":\"\",\"error_msg_styles_padding\":\"\",\"form_title_heading_level\":\"3\",\"ninjaForms\":\"Ninja Forms\",\"fieldTextareaRTEInsertLink\":\"Wstaw odno\\u015bnik\",\"fieldTextareaRTEInsertMedia\":\"Wstaw media\",\"fieldTextareaRTESelectAFile\":\"Wybierz plik\",\"formHoneypot\":\"Je\\u015bli jeste\\u015b cz\\u0142owiekiem i widzisz to pole, nie wype\\u0142niaj go.\",\"fileUploadOldCodeFileUploadInProgress\":\"Przesy\\u0142anie pliku w toku.\",\"fileUploadOldCodeFileUpload\":\"PRZESY\\u0141ANIE PLIKU\",\"currencySymbol\":\"&#36;\",\"thousands_sep\":\"&nbsp;\",\"decimal_point\":\",\",\"siteLocale\":\"pl_PL\",\"dateFormat\":\"m\\\/d\\\/Y\",\"startOfWeek\":\"1\",\"of\":\"z\",\"previousMonth\":\"Poprzedni miesi\\u0105c\",\"nextMonth\":\"Nast\\u0119pny miesi\\u0105c\",\"months\":[\"Stycze\\u0144\",\"Luty\",\"Marzec\",\"Kwiecie\\u0144\",\"Maj\",\"Czerwiec\",\"Lipiec\",\"Sierpie\\u0144\",\"Wrzesie\\u0144\",\"Pa\\u017adziernik\",\"Listopad\",\"Grudzie\\u0144\"],\"monthsShort\":[\"Sty\",\"Lut\",\"Mar\",\"Kw\",\"Maj\",\"Cze\",\"Lip\",\"Sie\",\"Wrz\",\"Pa\\u017a\",\"Lis\",\"Gru\"],\"weekdays\":[\"Niedziela\",\"Poniedzia\\u0142ek\",\"Wtorek\",\"\\u015aroda\",\"Czwartek\",\"Pi\\u0105tek\",\"Sobota\"],\"weekdaysShort\":[\"Niedz\",\"Pon\",\"Wt\",\"\\u015ar\",\"Czw\",\"Pt\",\"Sob\"],\"weekdaysMin\":[\"Niedz\",\"Pon\",\"Wt\",\"\\u015ar\",\"Czw\",\"Pt\",\"Sob\"],\"recaptchaConsentMissing\":\"reCaptcha validation couldn&#039;t load.\",\"recaptchaMissingCookie\":\"reCaptcha v3 validation couldn&#039;t load the cookie needed to submit the form.\",\"recaptchaConsentEvent\":\"Accept reCaptcha cookies before sending the form.\",\"currency_symbol\":\"\",\"beforeForm\":\"\",\"beforeFields\":\"\",\"afterFields\":\"\",\"afterForm\":\"\"};form.fields=[{\"objectType\":\"Field\",\"objectDomain\":\"fields\",\"editActive\":false,\"order\":1,\"idAttribute\":\"id\",\"type\":\"phone\",\"label\":\"Numer telefonu\",\"key\":\"phone_1640098023980\",\"label_pos\":\"above\",\"required\":1,\"default\":\"\",\"placeholder\":\"Numer telefonu\",\"container_class\":\"\",\"element_class\":\"\",\"input_limit\":\"\",\"input_limit_type\":\"characters\",\"input_limit_msg\":\"Liczba pozosta\\u0142ych znak\\u00f3w:\",\"manual_key\":\"\",\"admin_label\":\"\",\"help_text\":\"\",\"mask\":\"\",\"custom_mask\":\"\",\"custom_name_attribute\":\"phone\",\"personally_identifiable\":1,\"wrap_styles_border\":\"\",\"wrap_styles_width\":\"\",\"wrap_styles_margin\":\"\",\"wrap_styles_padding\":\"\",\"wrap_styles_float\":\"\",\"wrap_styles_show_advanced_css\":0,\"label_styles_border\":\"\",\"label_styles_width\":\"\",\"label_styles_font-size\":\"\",\"label_styles_margin\":\"\",\"label_styles_padding\":\"\",\"label_styles_float\":\"\",\"label_styles_show_advanced_css\":0,\"element_styles_border\":\"\",\"element_styles_width\":\"\",\"element_styles_font-size\":\"\",\"element_styles_margin\":\"\",\"element_styles_padding\":\"\",\"element_styles_float\":\"\",\"element_styles_show_advanced_css\":0,\"cellcid\":\"c3386\",\"value\":\"\",\"field_label\":\"Numer telefonu\",\"field_key\":\"phone_1640098023980\",\"drawerDisabled\":false,\"id\":\"8_1\",\"beforeField\":\"\",\"afterField\":\"\",\"parentType\":\"textbox\",\"element_templates\":[\"tel\",\"textbox\",\"input\"],\"old_classname\":\"\",\"wrap_template\":\"wrap\"},{\"objectType\":\"Field\",\"objectDomain\":\"fields\",\"editActive\":false,\"order\":2,\"idAttribute\":\"id\",\"type\":\"email\",\"label\":\"Adres e-mail\",\"key\":\"adres_e-mail_1667919839452\",\"label_pos\":\"above\",\"required\":1,\"default\":\"\",\"placeholder\":\"Adres e-mail\",\"container_class\":\"\",\"element_class\":\"\",\"admin_label\":\"\",\"help_text\":\"\",\"custom_name_attribute\":\"email\",\"personally_identifiable\":1,\"wrap_styles_border\":\"\",\"wrap_styles_width\":\"\",\"wrap_styles_margin\":\"\",\"wrap_styles_padding\":\"\",\"wrap_styles_float\":\"\",\"wrap_styles_show_advanced_css\":0,\"label_styles_border\":\"\",\"label_styles_width\":\"\",\"label_styles_font-size\":\"\",\"label_styles_margin\":\"\",\"label_styles_padding\":\"\",\"label_styles_float\":\"\",\"label_styles_show_advanced_css\":0,\"element_styles_border\":\"\",\"element_styles_width\":\"\",\"element_styles_font-size\":\"\",\"element_styles_margin\":\"\",\"element_styles_padding\":\"\",\"element_styles_float\":\"\",\"element_styles_show_advanced_css\":0,\"cellcid\":\"c3389\",\"value\":\"\",\"drawerDisabled\":false,\"field_label\":\"E-mail\",\"field_key\":\"email_1640098026199\",\"id\":\"9_1\",\"beforeField\":\"\",\"afterField\":\"\",\"parentType\":\"email\",\"element_templates\":[\"email\",\"input\"],\"old_classname\":\"\",\"wrap_template\":\"wrap\"},{\"objectType\":\"Field\",\"objectDomain\":\"fields\",\"editActive\":false,\"order\":3,\"idAttribute\":\"id\",\"type\":\"submit\",\"label\":\"Zapisz mnie\",\"processing_label\":\"W trakcie realizacji\",\"container_class\":\"\",\"element_class\":\"\",\"key\":\"zapisz_mnie_1667919853255\",\"wrap_styles_border\":\"\",\"wrap_styles_width\":\"\",\"wrap_styles_margin\":\"\",\"wrap_styles_padding\":\"\",\"wrap_styles_float\":\"\",\"wrap_styles_show_advanced_css\":0,\"element_styles_border\":\"\",\"element_styles_width\":\"\",\"element_styles_font-size\":\"\",\"element_styles_margin\":\"\",\"element_styles_padding\":\"\",\"element_styles_float\":\"\",\"element_styles_show_advanced_css\":0,\"submit_element_hover_styles_border\":\"\",\"submit_element_hover_styles_width\":\"\",\"submit_element_hover_styles_font-size\":\"\",\"submit_element_hover_styles_margin\":\"\",\"submit_element_hover_styles_padding\":\"\",\"submit_element_hover_styles_float\":\"\",\"submit_element_hover_styles_show_advanced_css\":0,\"cellcid\":\"c3391\",\"drawerDisabled\":false,\"field_label\":\"Zamawiam rozmow\\u0119\",\"field_key\":\"zamawiam_rozmowe_1640098067453\",\"id\":\"10_1\",\"beforeField\":\"\",\"afterField\":\"\",\"value\":\"\",\"label_pos\":\"above\",\"parentType\":\"textbox\",\"element_templates\":[\"submit\",\"button\",\"input\"],\"old_classname\":\"\",\"wrap_template\":\"wrap-no-label\"}];nfForms.push(form);<\/script>\n                <script id=\"nf-tmpl-cell\" type=\"text\/template\">\n            <nf-fields><\/nf-fields>\n        <\/script>\n\n        <script id=\"nf-tmpl-row\" type=\"text\/template\">\n            <nf-cells><\/nf-cells>\n        <\/script>\n\n                <img loading=\"lazy\" decoding=\"async\" width=\"1200\" height=\"800\" src=\"https:\/\/www.koronakarkonoszy.pl\/blog\/wp-content\/uploads\/2022\/12\/wesele-dolny-slask-Dwor-Korona-Karkonoszy.jpg\" class=\"attachment-full size-full\" alt=\"\" srcset=\"https:\/\/www.koronakarkonoszy.pl\/blog\/wp-content\/uploads\/2022\/12\/wesele-dolny-slask-Dwor-Korona-Karkonoszy.jpg 1200w, https:\/\/www.koronakarkonoszy.pl\/blog\/wp-content\/uploads\/2022\/12\/wesele-dolny-slask-Dwor-Korona-Karkonoszy-300x200.jpg 300w, https:\/\/www.koronakarkonoszy.pl\/blog\/wp-content\/uploads\/2022\/12\/wesele-dolny-slask-Dwor-Korona-Karkonoszy-1024x683.jpg 1024w, https:\/\/www.koronakarkonoszy.pl\/blog\/wp-content\/uploads\/2022\/12\/wesele-dolny-slask-Dwor-Korona-Karkonoszy-768x512.jpg 768w\" sizes=\"auto, (max-width: 1200px) 100vw, 1200px\" \/>        <\/div> \n    <\/div>\n<\/div>\n\n\n\n<h2 class=\"wp-block-heading\"><a><\/a>Czy warto bra\u0107 <a href=\"https:\/\/www.koronakarkonoszy.pl\/blog\/wesele-w-sierpniu\/\" class=\"links-placer\">\u015blub w sierpniu<\/a>?<\/h2>\n\n\n\n<p>To jeden z najch\u0119tniej wybieranych miesi\u0119cy na \u015blub. Przedstawiamy kilka powod\u00f3w, dla kt\u00f3rych warto przemy\u015ble\u0107 ten termin. Przede wszystkim w nazwie wyst\u0119puje literka &#8222;r&#8221;, co z pewno\u015bci\u0105 przekona wiele par.<\/p>\n\n\n\n<figure class=\"wp-block-image size-large\"><img loading=\"lazy\" decoding=\"async\" width=\"1024\" height=\"742\" src=\"https:\/\/www.koronakarkonoszy.pl\/blog\/wp-content\/uploads\/2020\/05\/para-mloda-plener-1024x742.jpg\" alt=\"\" class=\"wp-image-10528\" srcset=\"https:\/\/www.koronakarkonoszy.pl\/blog\/wp-content\/uploads\/2020\/05\/para-mloda-plener-1024x742.jpg 1024w, https:\/\/www.koronakarkonoszy.pl\/blog\/wp-content\/uploads\/2020\/05\/para-mloda-plener-300x217.jpg 300w, https:\/\/www.koronakarkonoszy.pl\/blog\/wp-content\/uploads\/2020\/05\/para-mloda-plener-768x556.jpg 768w, https:\/\/www.koronakarkonoszy.pl\/blog\/wp-content\/uploads\/2020\/05\/para-mloda-plener-1536x1112.jpg 1536w, https:\/\/www.koronakarkonoszy.pl\/blog\/wp-content\/uploads\/2020\/05\/para-mloda-plener-18x12.jpg 18w, https:\/\/www.koronakarkonoszy.pl\/blog\/wp-content\/uploads\/2020\/05\/para-mloda-plener.jpg 1541w\" sizes=\"auto, (max-width: 1024px) 100vw, 1024px\" \/><figcaption class=\"wp-element-caption\"><strong>Sesja \u015blubna latem<\/strong>, <strong><a href=\"https:\/\/www.koronakarkonoszy.pl\/wesele\/\" target=\"_blank\" rel=\"noreferrer noopener\">Dw\u00f3r Korona Karkonoszy<\/a>, Sosn\u00f3wka k. Karpacza<\/strong> <\/figcaption><\/figure>\n\n\n\n<p>Zazwyczaj dni s\u0105 bardzo ciep\u0142e i s\u0142oneczne, ale sierpniowe wieczory s\u0105 ju\u017c przyjemnie ch\u0142odniejsze, dlatego go\u015bcie ch\u0119tnie bawi\u0105 si\u0119 do bia\u0142ego rana. Pogoda zach\u0119ca do zabawy na \u015bwie\u017cym powietrzu, dlatego poszukajcie <a href=\"https:\/\/www.koronakarkonoszy.pl\/blog\/hotel-na-wesele\/\" target=\"_blank\" rel=\"noreferrer noopener\">hotelu<\/a> lub <a href=\"https:\/\/www.koronakarkonoszy.pl\/blog\/zamek-palac-czy-dwor-jakie-miejsce-na-wesele-wybrac\/\" target=\"_blank\" rel=\"noreferrer noopener\">dworku<\/a>, do kt\u00f3rego przylega romantyczny ogr\u00f3d.<\/p>\n\n\n\n<p>W menu mog\u0105 pojawi\u0107 si\u0119 sezonowe owoce i warzywa, przede wszystkim brzoskwinie, \u015bliwki, jab\u0142ka, gruszki, buraki, kalafiory, pomidory i papryki. Zastanawiacie si\u0119, z jakich kwiat\u00f3w wyczarowa\u0107 bukiet i kompozycje do ko\u015bcio\u0142a i lokalu? Postawcie na astry, frezje, s\u0142oneczniki, dalie, celozj\u0119 lub eustom\u0119.<\/p>\n\n\n\n<p>Wahacie si\u0119, czy wzi\u0105\u0107 \u015blub zim\u0105, czy latem? Pami\u0119tajcie, \u017ce ka\u017cda pora roku jest wyj\u0105tkowa!<\/p>\n\n\n\n<figure class=\"wp-block-image size-large\"><a href=\"https:\/\/www.koronakarkonoszy.pl\/wesele\/\" target=\"_blank\" rel=\"noreferrer noopener\"><img loading=\"lazy\" decoding=\"async\" width=\"1024\" height=\"512\" src=\"https:\/\/www.koronakarkonoszy.pl\/blog\/wp-content\/uploads\/2020\/01\/stylowy_dwor_wesleny_DKK-3-1024x512.jpg\" alt=\"\" class=\"wp-image-3921\" srcset=\"https:\/\/www.koronakarkonoszy.pl\/blog\/wp-content\/uploads\/2020\/01\/stylowy_dwor_wesleny_DKK-3-1024x512.jpg 1024w, https:\/\/www.koronakarkonoszy.pl\/blog\/wp-content\/uploads\/2020\/01\/stylowy_dwor_wesleny_DKK-3-300x150.jpg 300w, https:\/\/www.koronakarkonoszy.pl\/blog\/wp-content\/uploads\/2020\/01\/stylowy_dwor_wesleny_DKK-3-768x384.jpg 768w, https:\/\/www.koronakarkonoszy.pl\/blog\/wp-content\/uploads\/2020\/01\/stylowy_dwor_wesleny_DKK-3.jpg 1200w\" sizes=\"auto, (max-width: 1024px) 100vw, 1024px\" \/><\/a><\/figure>\n","protected":false},"excerpt":{"rendered":"<p>Lato to tradycyjnie czas, kt\u00f3ry kojarzy nam si\u0119 ze \u015blubami i przyj\u0119ciami weselnymi. Z roku na rok jednak coraz wi\u0119cej par decyduje si\u0119 na zimowe wesele. Okazuje si\u0119 bowiem, \u017ce termin ten ma wiele atut\u00f3w, kt\u00f3re niekoniecznie s\u0105 widoczne na pierwszy rzut oka. Zatem co wybra\u0107 \u2013 \u015blub zim\u0105 czy latem? Jakie s\u0105 wady i [&hellip;]<\/p>\n","protected":false},"author":11,"featured_media":10523,"comment_status":"closed","ping_status":"closed","sticky":false,"template":"","format":"standard","meta":{"_acf_changed":false,"footnotes":""},"categories":[16,2,12,15],"class_list":["post-888","post","type-post","status-publish","format-standard","has-post-thumbnail","hentry","category-kiedy-wesele","category-porady","category-wesele-lato","category-wesela-zima"],"acf":[],"yoast_head":"<!-- This site is optimized with the Yoast SEO plugin v27.5 - https:\/\/yoast.com\/product\/yoast-seo-wordpress\/ -->\n<title>\u015alub zim\u0105 czy latem?Wady i zalety obu opcji - :: Blog weselny<\/title>\n<meta name=\"description\" content=\"Co wybra\u0107 - \u015blub zim\u0105 czy latem? Jakie s\u0105 wady i zalety ka\u017cdej opcji? Przekonajcie si\u0119, co mo\u017cecie zyska\u0107 o ka\u017cdej porze roku i zdecydujcie!\" \/>\n<meta name=\"robots\" content=\"index, follow, max-snippet:-1, max-image-preview:large, max-video-preview:-1\" \/>\n<link rel=\"canonical\" href=\"https:\/\/www.koronakarkonoszy.pl\/blog\/slub-zima-czy-latem\/\" \/>\n<meta property=\"og:locale\" content=\"pl_PL\" \/>\n<meta property=\"og:type\" content=\"article\" \/>\n<meta property=\"og:title\" content=\"\u015alub zim\u0105 czy latem?Wady i zalety obu opcji - :: Blog weselny\" \/>\n<meta property=\"og:description\" content=\"Co wybra\u0107 - \u015blub zim\u0105 czy latem? Jakie s\u0105 wady i zalety ka\u017cdej opcji? Przekonajcie si\u0119, co mo\u017cecie zyska\u0107 o ka\u017cdej porze roku i zdecydujcie!\" \/>\n<meta property=\"og:url\" content=\"https:\/\/www.koronakarkonoszy.pl\/blog\/slub-zima-czy-latem\/\" \/>\n<meta property=\"og:site_name\" content=\":: Blog weselny\" \/>\n<meta property=\"article:published_time\" content=\"2024-07-10T18:29:00+00:00\" \/>\n<meta property=\"article:modified_time\" content=\"2024-08-16T08:25:46+00:00\" \/>\n<meta property=\"og:image\" content=\"https:\/\/www.koronakarkonoszy.pl\/blog\/wp-content\/uploads\/2020\/05\/zdjecie-333.jpg\" \/>\n\t<meta property=\"og:image:width\" content=\"1918\" \/>\n\t<meta property=\"og:image:height\" content=\"1280\" \/>\n\t<meta property=\"og:image:type\" content=\"image\/jpeg\" \/>\n<meta name=\"author\" content=\"agnieszka\" \/>\n<meta name=\"twitter:card\" content=\"summary_large_image\" \/>\n<meta name=\"twitter:label1\" content=\"Napisane przez\" \/>\n\t<meta name=\"twitter:data1\" content=\"agnieszka\" \/>\n\t<meta name=\"twitter:label2\" content=\"Szacowany czas czytania\" \/>\n\t<meta name=\"twitter:data2\" content=\"12 minut\" \/>\n<script type=\"application\/ld+json\" class=\"yoast-schema-graph\">{\"@context\":\"https:\\\/\\\/schema.org\",\"@graph\":[{\"@type\":\"Article\",\"@id\":\"https:\\\/\\\/www.koronakarkonoszy.pl\\\/blog\\\/slub-zima-czy-latem\\\/#article\",\"isPartOf\":{\"@id\":\"https:\\\/\\\/www.koronakarkonoszy.pl\\\/blog\\\/slub-zima-czy-latem\\\/\"},\"author\":{\"name\":\"agnieszka\",\"@id\":\"https:\\\/\\\/www.koronakarkonoszy.pl\\\/blog\\\/#\\\/schema\\\/person\\\/ec8c88bd01ebe6cbf6a16435ce22276f\"},\"headline\":\"\u015alub zim\u0105 czy latem? Wady i zalety obu opcji\",\"datePublished\":\"2024-07-10T18:29:00+00:00\",\"dateModified\":\"2024-08-16T08:25:46+00:00\",\"mainEntityOfPage\":{\"@id\":\"https:\\\/\\\/www.koronakarkonoszy.pl\\\/blog\\\/slub-zima-czy-latem\\\/\"},\"wordCount\":1991,\"image\":{\"@id\":\"https:\\\/\\\/www.koronakarkonoszy.pl\\\/blog\\\/slub-zima-czy-latem\\\/#primaryimage\"},\"thumbnailUrl\":\"https:\\\/\\\/www.koronakarkonoszy.pl\\\/blog\\\/wp-content\\\/uploads\\\/2020\\\/05\\\/zdjecie-333.jpg\",\"articleSection\":[\"Kiedy wesele\",\"Porady\",\"Wesele lato\",\"Wesele zima\"],\"inLanguage\":\"pl-PL\"},{\"@type\":\"WebPage\",\"@id\":\"https:\\\/\\\/www.koronakarkonoszy.pl\\\/blog\\\/slub-zima-czy-latem\\\/\",\"url\":\"https:\\\/\\\/www.koronakarkonoszy.pl\\\/blog\\\/slub-zima-czy-latem\\\/\",\"name\":\"\u015alub zim\u0105 czy latem? Wady i zalety obu opcji - :: Blog weselny\",\"isPartOf\":{\"@id\":\"https:\\\/\\\/www.koronakarkonoszy.pl\\\/blog\\\/#website\"},\"primaryImageOfPage\":{\"@id\":\"https:\\\/\\\/www.koronakarkonoszy.pl\\\/blog\\\/slub-zima-czy-latem\\\/#primaryimage\"},\"image\":{\"@id\":\"https:\\\/\\\/www.koronakarkonoszy.pl\\\/blog\\\/slub-zima-czy-latem\\\/#primaryimage\"},\"thumbnailUrl\":\"https:\\\/\\\/www.koronakarkonoszy.pl\\\/blog\\\/wp-content\\\/uploads\\\/2020\\\/05\\\/zdjecie-333.jpg\",\"datePublished\":\"2024-07-10T18:29:00+00:00\",\"dateModified\":\"2024-08-16T08:25:46+00:00\",\"author\":{\"@id\":\"https:\\\/\\\/www.koronakarkonoszy.pl\\\/blog\\\/#\\\/schema\\\/person\\\/ec8c88bd01ebe6cbf6a16435ce22276f\"},\"description\":\"Co wybra\u0107 - \u015blub zim\u0105 czy latem? Jakie s\u0105 wady i zalety ka\u017cdej opcji? Przekonajcie si\u0119, co mo\u017cecie zyska\u0107 o ka\u017cdej porze roku i zdecydujcie!\",\"breadcrumb\":{\"@id\":\"https:\\\/\\\/www.koronakarkonoszy.pl\\\/blog\\\/slub-zima-czy-latem\\\/#breadcrumb\"},\"inLanguage\":\"pl-PL\",\"potentialAction\":[{\"@type\":\"ReadAction\",\"target\":[\"https:\\\/\\\/www.koronakarkonoszy.pl\\\/blog\\\/slub-zima-czy-latem\\\/\"]}]},{\"@type\":\"ImageObject\",\"inLanguage\":\"pl-PL\",\"@id\":\"https:\\\/\\\/www.koronakarkonoszy.pl\\\/blog\\\/slub-zima-czy-latem\\\/#primaryimage\",\"url\":\"https:\\\/\\\/www.koronakarkonoszy.pl\\\/blog\\\/wp-content\\\/uploads\\\/2020\\\/05\\\/zdjecie-333.jpg\",\"contentUrl\":\"https:\\\/\\\/www.koronakarkonoszy.pl\\\/blog\\\/wp-content\\\/uploads\\\/2020\\\/05\\\/zdjecie-333.jpg\",\"width\":1918,\"height\":1280},{\"@type\":\"BreadcrumbList\",\"@id\":\"https:\\\/\\\/www.koronakarkonoszy.pl\\\/blog\\\/slub-zima-czy-latem\\\/#breadcrumb\",\"itemListElement\":[{\"@type\":\"ListItem\",\"position\":1,\"name\":\"Strona g\u0142\u00f3wna\",\"item\":\"https:\\\/\\\/www.koronakarkonoszy.pl\\\/blog\\\/\"},{\"@type\":\"ListItem\",\"position\":2,\"name\":\"\u015alub zim\u0105 czy latem?Wady i zalety obu opcji\"}]},{\"@type\":\"WebSite\",\"@id\":\"https:\\\/\\\/www.koronakarkonoszy.pl\\\/blog\\\/#website\",\"url\":\"https:\\\/\\\/www.koronakarkonoszy.pl\\\/blog\\\/\",\"name\":\":: Blog weselny\",\"description\":\"Blog weselny Dw\u00f3r Korona Karkonoszy\",\"potentialAction\":[{\"@type\":\"SearchAction\",\"target\":{\"@type\":\"EntryPoint\",\"urlTemplate\":\"https:\\\/\\\/www.koronakarkonoszy.pl\\\/blog\\\/?s={search_term_string}\"},\"query-input\":{\"@type\":\"PropertyValueSpecification\",\"valueRequired\":true,\"valueName\":\"search_term_string\"}}],\"inLanguage\":\"pl-PL\"},{\"@type\":\"Person\",\"@id\":\"https:\\\/\\\/www.koronakarkonoszy.pl\\\/blog\\\/#\\\/schema\\\/person\\\/ec8c88bd01ebe6cbf6a16435ce22276f\",\"name\":\"agnieszka\",\"image\":{\"@type\":\"ImageObject\",\"inLanguage\":\"pl-PL\",\"@id\":\"https:\\\/\\\/www.koronakarkonoszy.pl\\\/blog\\\/wp-content\\\/litespeed\\\/avatar\\\/53ee7b676463f74d0aea1a09de3d003b.jpg?ver=1777438794\",\"url\":\"https:\\\/\\\/www.koronakarkonoszy.pl\\\/blog\\\/wp-content\\\/litespeed\\\/avatar\\\/53ee7b676463f74d0aea1a09de3d003b.jpg?ver=1777438794\",\"contentUrl\":\"https:\\\/\\\/www.koronakarkonoszy.pl\\\/blog\\\/wp-content\\\/litespeed\\\/avatar\\\/53ee7b676463f74d0aea1a09de3d003b.jpg?ver=1777438794\",\"caption\":\"agnieszka\"},\"url\":\"https:\\\/\\\/www.koronakarkonoszy.pl\\\/blog\\\/author\\\/agnieszka\\\/\"}]}<\/script>\n<!-- \/ Yoast SEO plugin. -->","yoast_head_json":{"title":"\u015alub zim\u0105 czy latem?Wady i zalety obu opcji - :: Blog weselny","description":"Co wybra\u0107 - \u015blub zim\u0105 czy latem? Jakie s\u0105 wady i zalety ka\u017cdej opcji? Przekonajcie si\u0119, co mo\u017cecie zyska\u0107 o ka\u017cdej porze roku i zdecydujcie!","robots":{"index":"index","follow":"follow","max-snippet":"max-snippet:-1","max-image-preview":"max-image-preview:large","max-video-preview":"max-video-preview:-1"},"canonical":"https:\/\/www.koronakarkonoszy.pl\/blog\/slub-zima-czy-latem\/","og_locale":"pl_PL","og_type":"article","og_title":"\u015alub zim\u0105 czy latem?Wady i zalety obu opcji - :: Blog weselny","og_description":"Co wybra\u0107 - \u015blub zim\u0105 czy latem? Jakie s\u0105 wady i zalety ka\u017cdej opcji? Przekonajcie si\u0119, co mo\u017cecie zyska\u0107 o ka\u017cdej porze roku i zdecydujcie!","og_url":"https:\/\/www.koronakarkonoszy.pl\/blog\/slub-zima-czy-latem\/","og_site_name":":: Blog weselny","article_published_time":"2024-07-10T18:29:00+00:00","article_modified_time":"2024-08-16T08:25:46+00:00","og_image":[{"width":1918,"height":1280,"url":"https:\/\/www.koronakarkonoszy.pl\/blog\/wp-content\/uploads\/2020\/05\/zdjecie-333.jpg","type":"image\/jpeg"}],"author":"agnieszka","twitter_card":"summary_large_image","twitter_misc":{"Napisane przez":"agnieszka","Szacowany czas czytania":"12 minut"},"schema":{"@context":"https:\/\/schema.org","@graph":[{"@type":"Article","@id":"https:\/\/www.koronakarkonoszy.pl\/blog\/slub-zima-czy-latem\/#article","isPartOf":{"@id":"https:\/\/www.koronakarkonoszy.pl\/blog\/slub-zima-czy-latem\/"},"author":{"name":"agnieszka","@id":"https:\/\/www.koronakarkonoszy.pl\/blog\/#\/schema\/person\/ec8c88bd01ebe6cbf6a16435ce22276f"},"headline":"\u015alub zim\u0105 czy latem? Wady i zalety obu opcji","datePublished":"2024-07-10T18:29:00+00:00","dateModified":"2024-08-16T08:25:46+00:00","mainEntityOfPage":{"@id":"https:\/\/www.koronakarkonoszy.pl\/blog\/slub-zima-czy-latem\/"},"wordCount":1991,"image":{"@id":"https:\/\/www.koronakarkonoszy.pl\/blog\/slub-zima-czy-latem\/#primaryimage"},"thumbnailUrl":"https:\/\/www.koronakarkonoszy.pl\/blog\/wp-content\/uploads\/2020\/05\/zdjecie-333.jpg","articleSection":["Kiedy wesele","Porady","Wesele lato","Wesele zima"],"inLanguage":"pl-PL"},{"@type":"WebPage","@id":"https:\/\/www.koronakarkonoszy.pl\/blog\/slub-zima-czy-latem\/","url":"https:\/\/www.koronakarkonoszy.pl\/blog\/slub-zima-czy-latem\/","name":"\u015alub zim\u0105 czy latem? Wady i zalety obu opcji - :: Blog weselny","isPartOf":{"@id":"https:\/\/www.koronakarkonoszy.pl\/blog\/#website"},"primaryImageOfPage":{"@id":"https:\/\/www.koronakarkonoszy.pl\/blog\/slub-zima-czy-latem\/#primaryimage"},"image":{"@id":"https:\/\/www.koronakarkonoszy.pl\/blog\/slub-zima-czy-latem\/#primaryimage"},"thumbnailUrl":"https:\/\/www.koronakarkonoszy.pl\/blog\/wp-content\/uploads\/2020\/05\/zdjecie-333.jpg","datePublished":"2024-07-10T18:29:00+00:00","dateModified":"2024-08-16T08:25:46+00:00","author":{"@id":"https:\/\/www.koronakarkonoszy.pl\/blog\/#\/schema\/person\/ec8c88bd01ebe6cbf6a16435ce22276f"},"description":"Co wybra\u0107 - \u015blub zim\u0105 czy latem? Jakie s\u0105 wady i zalety ka\u017cdej opcji? Przekonajcie si\u0119, co mo\u017cecie zyska\u0107 o ka\u017cdej porze roku i zdecydujcie!","breadcrumb":{"@id":"https:\/\/www.koronakarkonoszy.pl\/blog\/slub-zima-czy-latem\/#breadcrumb"},"inLanguage":"pl-PL","potentialAction":[{"@type":"ReadAction","target":["https:\/\/www.koronakarkonoszy.pl\/blog\/slub-zima-czy-latem\/"]}]},{"@type":"ImageObject","inLanguage":"pl-PL","@id":"https:\/\/www.koronakarkonoszy.pl\/blog\/slub-zima-czy-latem\/#primaryimage","url":"https:\/\/www.koronakarkonoszy.pl\/blog\/wp-content\/uploads\/2020\/05\/zdjecie-333.jpg","contentUrl":"https:\/\/www.koronakarkonoszy.pl\/blog\/wp-content\/uploads\/2020\/05\/zdjecie-333.jpg","width":1918,"height":1280},{"@type":"BreadcrumbList","@id":"https:\/\/www.koronakarkonoszy.pl\/blog\/slub-zima-czy-latem\/#breadcrumb","itemListElement":[{"@type":"ListItem","position":1,"name":"Strona g\u0142\u00f3wna","item":"https:\/\/www.koronakarkonoszy.pl\/blog\/"},{"@type":"ListItem","position":2,"name":"\u015alub zim\u0105 czy latem?Wady i zalety obu opcji"}]},{"@type":"WebSite","@id":"https:\/\/www.koronakarkonoszy.pl\/blog\/#website","url":"https:\/\/www.koronakarkonoszy.pl\/blog\/","name":":: Blog weselny","description":"Blog weselny Dw\u00f3r Korona Karkonoszy","potentialAction":[{"@type":"SearchAction","target":{"@type":"EntryPoint","urlTemplate":"https:\/\/www.koronakarkonoszy.pl\/blog\/?s={search_term_string}"},"query-input":{"@type":"PropertyValueSpecification","valueRequired":true,"valueName":"search_term_string"}}],"inLanguage":"pl-PL"},{"@type":"Person","@id":"https:\/\/www.koronakarkonoszy.pl\/blog\/#\/schema\/person\/ec8c88bd01ebe6cbf6a16435ce22276f","name":"agnieszka","image":{"@type":"ImageObject","inLanguage":"pl-PL","@id":"https:\/\/www.koronakarkonoszy.pl\/blog\/wp-content\/litespeed\/avatar\/53ee7b676463f74d0aea1a09de3d003b.jpg?ver=1777438794","url":"https:\/\/www.koronakarkonoszy.pl\/blog\/wp-content\/litespeed\/avatar\/53ee7b676463f74d0aea1a09de3d003b.jpg?ver=1777438794","contentUrl":"https:\/\/www.koronakarkonoszy.pl\/blog\/wp-content\/litespeed\/avatar\/53ee7b676463f74d0aea1a09de3d003b.jpg?ver=1777438794","caption":"agnieszka"},"url":"https:\/\/www.koronakarkonoszy.pl\/blog\/author\/agnieszka\/"}]}},"_links":{"self":[{"href":"https:\/\/www.koronakarkonoszy.pl\/blog\/wp-json\/wp\/v2\/posts\/888","targetHints":{"allow":["GET"]}}],"collection":[{"href":"https:\/\/www.koronakarkonoszy.pl\/blog\/wp-json\/wp\/v2\/posts"}],"about":[{"href":"https:\/\/www.koronakarkonoszy.pl\/blog\/wp-json\/wp\/v2\/types\/post"}],"author":[{"embeddable":true,"href":"https:\/\/www.koronakarkonoszy.pl\/blog\/wp-json\/wp\/v2\/users\/11"}],"replies":[{"embeddable":true,"href":"https:\/\/www.koronakarkonoszy.pl\/blog\/wp-json\/wp\/v2\/comments?post=888"}],"version-history":[{"count":2,"href":"https:\/\/www.koronakarkonoszy.pl\/blog\/wp-json\/wp\/v2\/posts\/888\/revisions"}],"predecessor-version":[{"id":11471,"href":"https:\/\/www.koronakarkonoszy.pl\/blog\/wp-json\/wp\/v2\/posts\/888\/revisions\/11471"}],"wp:featuredmedia":[{"embeddable":true,"href":"https:\/\/www.koronakarkonoszy.pl\/blog\/wp-json\/wp\/v2\/media\/10523"}],"wp:attachment":[{"href":"https:\/\/www.koronakarkonoszy.pl\/blog\/wp-json\/wp\/v2\/media?parent=888"}],"wp:term":[{"taxonomy":"category","embeddable":true,"href":"https:\/\/www.koronakarkonoszy.pl\/blog\/wp-json\/wp\/v2\/categories?post=888"}],"curies":[{"name":"wp","href":"https:\/\/api.w.org\/{rel}","templated":true}]}}