{"id":870,"date":"2024-07-20T11:50:00","date_gmt":"2024-07-20T09:50:00","guid":{"rendered":"https:\/\/www.koronakarkonoszy.pl\/blog\/?p=870"},"modified":"2024-08-15T20:12:58","modified_gmt":"2024-08-15T18:12:58","slug":"romatyczne-wesele","status":"publish","type":"post","link":"https:\/\/www.koronakarkonoszy.pl\/blog\/romatyczne-wesele\/","title":{"rendered":"Romantyczne wesele jesieni\u0105"},"content":{"rendered":"\n<p>Jesie\u0144 to pora roku wprost stworzona dla zakochanych. Kolory, zapachy i smaki jesieni u wielu z nas wywo\u0142uj\u0105 nastr\u00f3j nostalgii i melancholii, kt\u00f3ra dodaje jej aury tajemniczo\u015bci i niesamowito\u015bci. To idealny czas na d\u0142ugie spacery, kolacje przy \u015bwiecach oraz oczywi\u015bcie romantyczne wesele.<\/p>\n\n\n\n<h3 class=\"wp-block-heading\" id=\"ha-czego-sie-dowiesz-z-artykulu\">Czego si\u0119 dowiesz z artyku\u0142u?<\/h3>\n\n\n\n<p>Jesie\u0144 to pora roku, kt\u00f3ra obfituje w niezwyk\u0142e kolory i atmosfer\u0119, idealn\u0105 do stworzenia niezapomnianego romantycznego wesela. Planujecie sw\u00f3j wielki dzie\u0144 i zastanawiacie si\u0119, czy jesie\u0144 to dobry czas na zorganizowanie wesela? Odpowied\u017a brzmi: tak! Jesienne barwy, ciep\u0142o bij\u0105ce z ognisk i zapach opadaj\u0105cych li\u015bci tworz\u0105 magiczn\u0105 sceneri\u0119, kt\u00f3r\u0105 z pewno\u015bci\u0105 doceni\u0105 zar\u00f3wno para m\u0142oda, jak i go\u015bcie.<\/p>\n\n\n\n<p>W tym artykule znajdziecie inspiracje na romantyczne wesele oraz wskaz\u00f3wki dotycz\u0105ce jesiennych dekoracji, kt\u00f3re podkre\u015bl\u0105 wyj\u0105tkowy charakter tego dnia. Dowiecie si\u0119 r\u00f3wnie\u017c, jak magia jesiennej fotografii mo\u017ce uczyni\u0107 Wasze wspomnienia jeszcze pi\u0119kniejszymi. Je\u015bli oczekujecie kompleksowej organizacji wesela, mamy dla Was kilka cennych rad. Podpowiemy te\u017c, co warto wybra\u0107 do jesiennego weselnego menu, aby zachwyci\u0107 podniebienia Waszych go\u015bci.<\/p>\n\n\n\n<p>Romantyczne wesele jesieni\u0105 to nie tylko estetyczne i kulinarne doznania, ale tak\u017ce kwestia komfortu. Dlatego om\u00f3wimy, jak zapewni\u0107 wygodne noclegi dla Waszych go\u015bci, aby wszyscy czuli si\u0119 wyj\u0105tkowo i komfortowo podczas tego niezapomnianego wydarzenia.<\/p>\n\n\n\n<p>Zapraszamy do lektury, kt\u00f3ra pomo\u017ce Wam w organizacji perfekcyjnego romantycznego wesela jesieni\u0105!<\/p>\n\n\n<div id=\"ariadna-block_27eb8af449f9970fc3472f69ce35ce94\" class=\"ariadna\">\r\n    <ul><li><a href=\"#h-romantyczne-wesele-inspiracje\">Romantyczne wesele &#8211; inspiracje<\/a><\/li><li><a href=\"#h-jakie-jesienne-dekoracje-wybrac\">Jakie jesienne dekoracje wybra\u0107?<\/a><\/li><li><a href=\"#h-wesele-jesieni-magia-fotografii\">Romantyczne wesele jesieni\u0105 \u2013 magia fotografii<\/a><\/li><li><a href=\"#ha-oczekujecie-kompleksowej-organizacji-wesela\">Oczekujecie kompleksowej organizacji wesela?<\/a><\/li><li><a href=\"#h-jesienne-przysmaki-z-dolnego-l-ska\">Co wybra\u0107 do jesiennego weselnego menu?<\/a><\/li><li><a href=\"#h-czy-jesien-to-dobry-czas-na-romantyczne-wesele\">Czy jesie\u0144 to dobry czas na romantyczne wesele?<\/a><\/li><li><a href=\"#h-wesele-jesieni-komfortowy-nocleg\">Wesele jesieni\u0105 \u2013 komfortowy nocleg<\/a><\/li><\/ul>\r\n<\/div>\r\n\r\n\r\n\r\n\n\n\n<h2 class=\"wp-block-heading\" id=\"h-romantyczne-wesele-inspiracje\">Romantyczne wesele &#8211; inspiracje<\/h2>\n\n\n\n<p>Z\u0142ota polska jesie\u0144, czyli babie lato, to chyba najpi\u0119kniejszy czas w roku. Szczeg\u00f3lnie wspaniale prezentuje si\u0119 ona w Karkonoszach. Li\u015bcie przybieraj\u0105 z\u0142ote, pomara\u0144czowe i bordowe barwy, kt\u00f3re pi\u0119knie kontrastuj\u0105 z zieleni\u0105 sosen i \u015bwierk\u00f3w. Le\u015bna \u015bci\u00f3\u0142ka okrywa si\u0119 liliowym kobiercem wrzos\u00f3w, przy dr\u00f3\u017ckach po\u0142yskuj\u0105 dorodne kasztany, a mi\u0119dzy ga\u0142\u0119ziami drzew czerwienieje jarz\u0119bina. Poranna mg\u0142a unosi si\u0119 nad \u0142\u0105kami i tajemniczymi jeziorami, otaczaj\u0105c ruiny dawnym pa\u0142ac\u00f3w i zamk\u00f3w. W powietrzu unosi si\u0119 l\u015bni\u0105ca w s\u0142o\u0144cu paj\u0119czynka, kt\u00f3rej babie lato zawdzi\u0119cza swoj\u0105 nazw\u0119. A do tego wspania\u0142e zapachy: mokrych li\u015bci, grzyb\u00f3w, dymu z ogniska, grzanego wina, pieczonych ziemniak\u00f3w i kie\u0142basy, czy \u015bwie\u017cych \u015bliwek, jab\u0142ek i gruszek\u2026<\/p>\n\n\n\n<p>Wa\u017cn\u0105 rol\u0119 odgrywaj\u0105 te\u017c ceny i terminy. Jesieni\u0105 du\u017co \u0142atwiej zarezerwowa\u0107 dogodn\u0105 dla nas dat\u0119 \u015blubu, nawet ze stosunkowo niewielkim wyprzedzeniem. Je\u015bli zale\u017cy nam wi\u0119c na \u015blubie w pi\u0105tek czy w sobot\u0119, a nie chcemy czeka\u0107 na sal\u0119 rok czy nawet d\u0142u\u017cej, warto wzi\u0105\u0107 pod uwag\u0119 w\u0142a\u015bnie jesie\u0144 i zim\u0119. Wtedy tak\u017ce mo\u017cemy liczy\u0107, \u017ce&nbsp;<a href=\"https:\/\/www.koronakarkonoszy.pl\/sala-weselna\/\" target=\"_blank\" rel=\"noreferrer noopener\">sala na wesel\u0119<\/a>&nbsp;b\u0119dzie nieco ta\u0144sza, jak i mniejsze b\u0119d\u0105 op\u0142aty dla us\u0142ugodawc\u00f3w. Nie bez znaczenia jest te\u017c fakt, \u017ce mamy du\u017co wi\u0119ksz\u0105 szans\u0119 ni\u017c latem na wynajem wymarzonego fotografa, ulubionego zespo\u0142u czy sprawdzonej fryzjerki. Okazuje si\u0119 wi\u0119c, \u017ce jesie\u0144 to doskona\u0142y czas na organizacj\u0119 wesela zar\u00f3wno dla romantyk\u00f3w, jak i pragmatyk\u00f3w!<\/p>\n\n\n<section id=\"leonardo-block_3b6215e403d44781df61d860b6180d21\" class=\"leonardo page-breaker leonardo-image-left\">\r\n    <div class=\"leonardo-body\">\r\n        <h2 class=\"leonardo-title\" id=\"h-jakie-jesienne-dekoracje-wybrac\">Jakie jesienne dekoracje wybra\u0107?<\/h2>        <div class=\"leonardo-content\"><p>Nie bez znaczenia jest tutaj tak\u017ce mo\u017cliwo\u015b\u0107 wykorzystania jesiennych atrybut\u00f3w do dekoracji sali. Wrzosy, kasztany czy owoce dyni s\u0105 doskona\u0142ym narz\u0119dziem do stworzenia wyj\u0105tkowego klimatu wesela. Jednocze\u015bnie mo\u017cemy na tym sporo zaoszcz\u0119dzi\u0107, bowiem ceny na produkty sezonowe w tym okresie znacznie spadaj\u0105. W hurtowniach kwiat\u00f3w czy na targach warzywnych znajdziemy mn\u00f3stwo propozycji, kt\u00f3rymi udekorujemy sal\u0119 oraz sto\u0142y dla go\u015bci. Taka jesienna aran\u017cacja z pewno\u015bci\u0105 b\u0119dzie czym\u015b zupe\u0142nie niespotykanym i wprowadzi go\u015bci w \u015bwiat kreatywnych dekoracji.<\/p>\n<\/div>\r\n                    <aside class=\"leonardo-interlink\">\r\n                <b>Polecamy<\/b>\r\n                <a href=\"https:\/\/www.koronakarkonoszy.pl\/blog\/dziecko-na-weselu-to-nie-problem\/\">Dziecko na weselu? To nie problem!<\/a>\r\n            <\/aside>\r\n            <\/div>\r\n    <div class=\"leonardo-image\">\r\n        <img loading=\"lazy\" decoding=\"async\" width=\"1024\" height=\"683\" src=\"https:\/\/www.koronakarkonoszy.pl\/blog\/wp-content\/uploads\/2021\/07\/wesele-jesien.jpg\" class=\"attachment-full size-full\" alt=\"wesele jesieni\u0105\" srcset=\"https:\/\/www.koronakarkonoszy.pl\/blog\/wp-content\/uploads\/2021\/07\/wesele-jesien.jpg 1024w, https:\/\/www.koronakarkonoszy.pl\/blog\/wp-content\/uploads\/2021\/07\/wesele-jesien-300x200.jpg 300w, https:\/\/www.koronakarkonoszy.pl\/blog\/wp-content\/uploads\/2021\/07\/wesele-jesien-768x512.jpg 768w\" sizes=\"auto, (max-width: 1024px) 100vw, 1024px\" \/>            <\/div>\r\n<\/section>\n\n\n<h2 class=\"wp-block-heading\" id=\"h-wesele-jesieni-magia-fotografii\">Romantyczne wesele jesieni\u0105 \u2013 magia fotografii<\/h2>\n\n\n\n<p>Wiele Par M\u0142odych wybiera wesele jesieni\u0105 ze wzgl\u0119du na fakt, i\u017c o tej porze roku fotografie oraz teledyski weselne zyskuj\u0105 niepowtarzaln\u0105 atmosfer\u0119. Zdj\u0119cia na tle wspania\u0142ych jesiennych pejza\u017cy nie wymagaj\u0105 \u017cadnych filtr\u00f3w i przer\u00f3bek. To kwintesencja artyzmu w pe\u0142nym znaczeniu tego s\u0142owa. Je\u015bli do\u0142\u0105czymy do tego nieziemskie g\u00f3rskie pejza\u017ce, zyskamy co\u015b niepowtarzalnego. Teledysk z panoram\u0105 g\u00f3r w tle przeniesie wszystkich do nieziemskiej krainy. Bia\u0142a suknia znakomicie wyr\u00f3\u017cni si\u0119 na tle kolorowych jesiennych li\u015bci, a oplataj\u0105ca g\u00f3rskie szczyty mg\u0142a wype\u0142ni t\u0119 scen\u0119 aur\u0105 tajemnicy. Nic wi\u0119c dziwnego, \u017ce wiele Par M\u0142odych zaraz po weselu wstaje wczesnym rankiem i wraz z fotografem i kamerzyst\u0105 wyruszaj\u0105 w niecodzienn\u0105 podr\u00f3\u017c, w poszukiwaniu najpi\u0119kniejszych widok\u00f3w. Nierzadko trafiaj\u0105 wprost na wsch\u00f3d s\u0142o\u0144ca, dzi\u0119ki temu jego blask o\u015bwietla t\u0119 wyj\u0105tkow\u0105 atmosfer\u0119.<\/p>\n\n\n<section id=\"ctaninja-block_d71f1af9e4d595deb4ff6ff2bca8341b\" class=\"ctaninja\">\r\n    <div class=\"ctaninja-body\">\r\n        <h2 class=\"h1\" id=\"ha-oczekujecie-kompleksowej-organizacji-wesela\">Oczekujecie kompleksowej organizacji wesela?<\/h2>\r\n        <p>Wsp\u00f3\u0142pracujemy z najlepszymi dostawcami!<br>Dopniemy wszystko na ostatni guzik \u2665<\/p>\r\n        <div class=\"nf-container\">\r\n            <noscript class=\"ninja-forms-noscript-message\">\n\tUwaga: ta zawarto\u015b\u0107 wymaga obs\u0142ugi j\u0119zyka JavaScript.<\/noscript>\n<div id=\"nf-form-1-cont\" class=\"nf-form-cont\" aria-live=\"polite\" aria-labelledby=\"nf-form-title-1\" aria-describedby=\"nf-form-errors-1\" role=\"form\">\n\n    <div class=\"nf-loading-spinner\"><\/div>\n\n<\/div>\n        <!-- That data is being printed as a workaround to page builders reordering the order of the scripts loaded-->\n        <script>var formDisplay=1;var nfForms=nfForms||[];var form=[];form.id='1';form.settings={\"objectType\":\"Form Setting\",\"editActive\":\"\",\"title\":\"Contact Me\",\"key\":\"\",\"created_at\":\"2021-05-31 16:57:05\",\"default_label_pos\":\"above\",\"conditions\":[],\"show_title\":\"1\",\"clear_complete\":\"1\",\"hide_complete\":\"1\",\"wrapper_class\":\"\",\"element_class\":\"\",\"add_submit\":\"1\",\"logged_in\":\"\",\"not_logged_in_msg\":\"\",\"sub_limit_number\":\"\",\"sub_limit_msg\":\"\",\"calculations\":[],\"formContentData\":[{\"order\":1,\"cells\":[{\"order\":0,\"fields\":[\"email\"],\"width\":50},{\"order\":1,\"fields\":[\"wyslij_1640001513358\"],\"width\":50}]}],\"container_styles_background-color\":\"\",\"container_styles_border\":\"\",\"container_styles_border-style\":\"\",\"container_styles_border-color\":\"\",\"container_styles_color\":\"\",\"container_styles_height\":\"\",\"container_styles_width\":\"\",\"container_styles_font-size\":\"\",\"container_styles_margin\":\"\",\"container_styles_padding\":\"\",\"container_styles_display\":\"\",\"container_styles_float\":\"\",\"container_styles_show_advanced_css\":\"0\",\"container_styles_advanced\":\"\",\"title_styles_background-color\":\"\",\"title_styles_border\":\"\",\"title_styles_border-style\":\"\",\"title_styles_border-color\":\"\",\"title_styles_color\":\"\",\"title_styles_height\":\"\",\"title_styles_width\":\"\",\"title_styles_font-size\":\"\",\"title_styles_margin\":\"\",\"title_styles_padding\":\"\",\"title_styles_display\":\"\",\"title_styles_float\":\"\",\"title_styles_show_advanced_css\":\"0\",\"title_styles_advanced\":\"\",\"row_styles_background-color\":\"\",\"row_styles_border\":\"\",\"row_styles_border-style\":\"\",\"row_styles_border-color\":\"\",\"row_styles_color\":\"\",\"row_styles_height\":\"\",\"row_styles_width\":\"\",\"row_styles_font-size\":\"\",\"row_styles_margin\":\"\",\"row_styles_padding\":\"\",\"row_styles_display\":\"\",\"row_styles_show_advanced_css\":\"0\",\"row_styles_advanced\":\"\",\"row-odd_styles_background-color\":\"\",\"row-odd_styles_border\":\"\",\"row-odd_styles_border-style\":\"\",\"row-odd_styles_border-color\":\"\",\"row-odd_styles_color\":\"\",\"row-odd_styles_height\":\"\",\"row-odd_styles_width\":\"\",\"row-odd_styles_font-size\":\"\",\"row-odd_styles_margin\":\"\",\"row-odd_styles_padding\":\"\",\"row-odd_styles_display\":\"\",\"row-odd_styles_show_advanced_css\":\"0\",\"row-odd_styles_advanced\":\"\",\"success-msg_styles_background-color\":\"\",\"success-msg_styles_border\":\"\",\"success-msg_styles_border-style\":\"\",\"success-msg_styles_border-color\":\"\",\"success-msg_styles_color\":\"\",\"success-msg_styles_height\":\"\",\"success-msg_styles_width\":\"\",\"success-msg_styles_font-size\":\"\",\"success-msg_styles_margin\":\"\",\"success-msg_styles_padding\":\"\",\"success-msg_styles_display\":\"\",\"success-msg_styles_show_advanced_css\":\"0\",\"success-msg_styles_advanced\":\"\",\"error_msg_styles_background-color\":\"\",\"error_msg_styles_border\":\"\",\"error_msg_styles_border-style\":\"\",\"error_msg_styles_border-color\":\"\",\"error_msg_styles_color\":\"\",\"error_msg_styles_height\":\"\",\"error_msg_styles_width\":\"\",\"error_msg_styles_font-size\":\"\",\"error_msg_styles_margin\":\"\",\"error_msg_styles_padding\":\"\",\"error_msg_styles_display\":\"\",\"error_msg_styles_show_advanced_css\":\"0\",\"error_msg_styles_advanced\":\"\",\"allow_public_link\":0,\"embed_form\":\"\",\"currency\":\"\",\"repeatable_fieldsets\":\"\",\"unique_field_error\":\"Formularz z t\\u0105 warto\\u015bci\\u0105 zosta\\u0142 ju\\u017c przes\\u0142any.\",\"ninjaForms\":\"Ninja Forms\",\"changeEmailErrorMsg\":\"Wprowad\\u017a prawid\\u0142owy adres e-mail!\",\"changeDateErrorMsg\":\"Prosz\\u0119 wpisa\\u0107 prawid\\u0142ow\\u0105 dat\\u0119!\",\"confirmFieldErrorMsg\":\"Te pola musz\\u0105 si\\u0119 zgadza\\u0107!\",\"fieldNumberNumMinError\":\"B\\u0142\\u0105d \\u2014 liczba minimalna\",\"fieldNumberNumMaxError\":\"B\\u0142\\u0105d \\u2014 liczba maksymalna\",\"fieldNumberIncrementBy\":\"Zwi\\u0119ksz o \",\"fieldTextareaRTEInsertLink\":\"Wstaw odno\\u015bnik\",\"fieldTextareaRTEInsertMedia\":\"Wstaw media\",\"fieldTextareaRTESelectAFile\":\"Wybierz plik\",\"formErrorsCorrectErrors\":\"Popraw b\\u0142\\u0119dy, zanim prze\\u015blesz formularz.\",\"formHoneypot\":\"Je\\u015bli jeste\\u015b cz\\u0142owiekiem i widzisz to pole, nie wype\\u0142niaj go.\",\"validateRequiredField\":\"To jest wymagane pole.\",\"honeypotHoneypotError\":\"B\\u0142\\u0105d Honeypot\",\"fileUploadOldCodeFileUploadInProgress\":\"Przesy\\u0142anie pliku w toku.\",\"fileUploadOldCodeFileUpload\":\"PRZESY\\u0141ANIE PLIKU\",\"currencySymbol\":\"&#36;\",\"fieldsMarkedRequired\":\"Pola oznaczone znakiem <span class=\\\"ninja-forms-req-symbol\\\">*<\\\/span> s\\u0105 wymagane\",\"thousands_sep\":\"&nbsp;\",\"decimal_point\":\",\",\"siteLocale\":\"pl_PL\",\"dateFormat\":\"m\\\/d\\\/Y\",\"startOfWeek\":\"1\",\"of\":\"z\",\"previousMonth\":\"Poprzedni miesi\\u0105c\",\"nextMonth\":\"Nast\\u0119pny miesi\\u0105c\",\"months\":[\"Stycze\\u0144\",\"Luty\",\"Marzec\",\"Kwiecie\\u0144\",\"Maj\",\"Czerwiec\",\"Lipiec\",\"Sierpie\\u0144\",\"Wrzesie\\u0144\",\"Pa\\u017adziernik\",\"Listopad\",\"Grudzie\\u0144\"],\"monthsShort\":[\"Sty\",\"Lut\",\"Mar\",\"Kw\",\"Maj\",\"Cze\",\"Lip\",\"Sie\",\"Wrz\",\"Pa\\u017a\",\"Lis\",\"Gru\"],\"weekdays\":[\"Niedziela\",\"Poniedzia\\u0142ek\",\"Wtorek\",\"\\u015aroda\",\"Czwartek\",\"Pi\\u0105tek\",\"Sobota\"],\"weekdaysShort\":[\"Niedz\",\"Pon\",\"Wt\",\"\\u015ar\",\"Czw\",\"Pt\",\"Sob\"],\"weekdaysMin\":[\"Niedz\",\"Pon\",\"Wt\",\"\\u015ar\",\"Czw\",\"Pt\",\"Sob\"],\"recaptchaConsentMissing\":\"reCaptcha validation couldn&#039;t load.\",\"recaptchaMissingCookie\":\"reCaptcha v3 validation couldn&#039;t load the cookie needed to submit the form.\",\"recaptchaConsentEvent\":\"Accept reCaptcha cookies before sending the form.\",\"currency_symbol\":\"\",\"beforeForm\":\"\",\"beforeFields\":\"\",\"afterFields\":\"\",\"afterForm\":\"\"};form.fields=[{\"objectType\":\"Field\",\"objectDomain\":\"fields\",\"editActive\":false,\"order\":1,\"idAttribute\":\"id\",\"label\":\"Email\",\"key\":\"email\",\"type\":\"email\",\"created_at\":\"2021-05-31 16:57:06\",\"label_pos\":\"above\",\"required\":1,\"placeholder\":\"Podaj maila, skontaktujemy si\\u0119 z Tob\\u0105\",\"default\":\"\",\"wrapper_class\":\"\",\"element_class\":\"\",\"container_class\":\"\",\"admin_label\":\"\",\"help_text\":\"\",\"desc_text\":\"\",\"wrap_styles_background-color\":\"\",\"wrap_styles_border\":\"\",\"wrap_styles_border-style\":\"\",\"wrap_styles_border-color\":\"\",\"wrap_styles_color\":\"\",\"wrap_styles_height\":\"\",\"wrap_styles_width\":\"\",\"wrap_styles_font-size\":\"\",\"wrap_styles_margin\":\"\",\"wrap_styles_padding\":\"\",\"wrap_styles_display\":\"\",\"wrap_styles_float\":\"\",\"wrap_styles_show_advanced_css\":0,\"wrap_styles_advanced\":\"\",\"label_styles_background-color\":\"\",\"label_styles_border\":\"\",\"label_styles_border-style\":\"\",\"label_styles_border-color\":\"\",\"label_styles_color\":\"\",\"label_styles_height\":\"\",\"label_styles_width\":\"\",\"label_styles_font-size\":\"\",\"label_styles_margin\":\"\",\"label_styles_padding\":\"\",\"label_styles_display\":\"\",\"label_styles_float\":\"\",\"label_styles_show_advanced_css\":0,\"label_styles_advanced\":\"\",\"element_styles_background-color\":\"\",\"element_styles_border\":\"\",\"element_styles_border-style\":\"\",\"element_styles_border-color\":\"\",\"element_styles_color\":\"\",\"element_styles_height\":\"\",\"element_styles_width\":\"\",\"element_styles_font-size\":\"\",\"element_styles_margin\":\"\",\"element_styles_padding\":\"\",\"element_styles_display\":\"\",\"element_styles_float\":\"\",\"element_styles_show_advanced_css\":0,\"element_styles_advanced\":\"\",\"cellcid\":\"c3375\",\"custom_name_attribute\":\"email\",\"personally_identifiable\":1,\"value\":\"\",\"drawerDisabled\":false,\"id\":2,\"beforeField\":\"\",\"afterField\":\"\",\"parentType\":\"email\",\"element_templates\":[\"email\",\"input\"],\"old_classname\":\"\",\"wrap_template\":\"wrap\"},{\"objectType\":\"Field\",\"objectDomain\":\"fields\",\"editActive\":false,\"order\":2,\"idAttribute\":\"id\",\"label\":\"Wy\\u015blij\",\"key\":\"wyslij_1640001513358\",\"type\":\"submit\",\"created_at\":\"2021-05-31 16:57:06\",\"processing_label\":\"Wysy\\u0142anie...\",\"container_class\":\"\",\"element_class\":\"\",\"wrap_styles_background-color\":\"\",\"wrap_styles_border\":\"\",\"wrap_styles_border-style\":\"\",\"wrap_styles_border-color\":\"\",\"wrap_styles_color\":\"\",\"wrap_styles_height\":\"\",\"wrap_styles_width\":\"\",\"wrap_styles_font-size\":\"\",\"wrap_styles_margin\":\"\",\"wrap_styles_padding\":\"\",\"wrap_styles_display\":\"\",\"wrap_styles_float\":\"\",\"wrap_styles_show_advanced_css\":0,\"wrap_styles_advanced\":\"\",\"label_styles_background-color\":\"\",\"label_styles_border\":\"\",\"label_styles_border-style\":\"\",\"label_styles_border-color\":\"\",\"label_styles_color\":\"\",\"label_styles_height\":\"\",\"label_styles_width\":\"\",\"label_styles_font-size\":\"\",\"label_styles_margin\":\"\",\"label_styles_padding\":\"\",\"label_styles_display\":\"\",\"label_styles_float\":\"\",\"label_styles_show_advanced_css\":0,\"label_styles_advanced\":\"\",\"element_styles_background-color\":\"\",\"element_styles_border\":\"\",\"element_styles_border-style\":\"\",\"element_styles_border-color\":\"\",\"element_styles_color\":\"\",\"element_styles_height\":\"\",\"element_styles_width\":\"\",\"element_styles_font-size\":\"\",\"element_styles_margin\":\"\",\"element_styles_padding\":\"\",\"element_styles_display\":\"\",\"element_styles_float\":\"\",\"element_styles_show_advanced_css\":0,\"element_styles_advanced\":\"\",\"submit_element_hover_styles_background-color\":\"\",\"submit_element_hover_styles_border\":\"\",\"submit_element_hover_styles_border-style\":\"\",\"submit_element_hover_styles_border-color\":\"\",\"submit_element_hover_styles_color\":\"\",\"submit_element_hover_styles_height\":\"\",\"submit_element_hover_styles_width\":\"\",\"submit_element_hover_styles_font-size\":\"\",\"submit_element_hover_styles_margin\":\"\",\"submit_element_hover_styles_padding\":\"\",\"submit_element_hover_styles_display\":\"\",\"submit_element_hover_styles_float\":\"\",\"submit_element_hover_styles_show_advanced_css\":0,\"submit_element_hover_styles_advanced\":\"\",\"cellcid\":\"c3378\",\"drawerDisabled\":false,\"id\":4,\"beforeField\":\"\",\"afterField\":\"\",\"value\":\"\",\"label_pos\":\"above\",\"parentType\":\"textbox\",\"element_templates\":[\"submit\",\"button\",\"input\"],\"old_classname\":\"\",\"wrap_template\":\"wrap-no-label\"}];nfForms.push(form);<\/script>\n                <script id=\"nf-tmpl-cell\" type=\"text\/template\">\n            <nf-fields><\/nf-fields>\n        <\/script>\n\n        <script id=\"nf-tmpl-row\" type=\"text\/template\">\n            <nf-cells><\/nf-cells>\n        <\/script>\n\n                <\/div>\r\n    <\/div>\r\n    <div class=\"ctaninja-onm ctaninja-onm-1 rbg\"><\/div>\r\n    <div class=\"ctaninja-onm ctaninja-onm-2 rbg\"><\/div>\r\n<\/section>\n\n\n<h2 class=\"wp-block-heading\" id=\"h-jesienne-przysmaki-z-dolnego-l-ska\">Co wybra\u0107 do jesiennego weselnego menu?<\/h2>\n\n\n\n<p>Jesie\u0144 oferuje nam r\u00f3wnie\u017c mn\u00f3stwo magicznych potraw, przygotowywanych z sezonowych produkt\u00f3w. S\u0105 to nie tylko owoce takie jak p\u00f3\u017ane jab\u0142ka czy \u015bliwki, z kt\u00f3rych mo\u017cemy przygotowa\u0107 wy\u015bmienite wypieki, ale tak\u017ce pyszne i \u015bwie\u017ce warzywa, kt\u00f3re pozyskujemy od lokalnych gospodarstw i dostawc\u00f3w. Nic nie mo\u017ce r\u00f3wna\u0107 si\u0119 z naszymi tradycyjnymi potrawami, kt\u00f3re przyci\u0105gaj\u0105 doskona\u0142ym smakiem, wygl\u0105dem oraz aromatem. Nie zapominajmy r\u00f3wnie\u017c o pysznych naturalnych sokach i nalewkach, kt\u00f3re s\u0105 prawdziw\u0105 skarbnic\u0105 dolno\u015bl\u0105skiej tradycji. <a href=\"https:\/\/www.koronakarkonoszy.pl\/blog\/wesele-dolny-slask\/\" target=\"_blank\" rel=\"noreferrer noopener\">Wesele Dolny \u015al\u0105sk<\/a>, cho\u0107by ze wzgl\u0119du na kulinaria, to zawsze dobry pomys\u0142! <\/p>\n\n\n<section id=\"leonardo-block_337bdcf9c291f78af885690426b71dad\" class=\"leonardo page-breaker leonardo-image-right\">\r\n    <div class=\"leonardo-body\">\r\n        <h2 class=\"leonardo-title\" id=\"h-czy-jesien-to-dobry-czas-na-romantyczne-wesele\">Czy jesie\u0144 to dobry czas na romantyczne wesele?<\/h2>        <div class=\"leonardo-content\"><p><!-- wp:heading --><\/p>\n<p>Po intensywnym letnim sezonie i wielu godzinach sp\u0119dzanych poza domem, nie jest \u0142atwo si\u0119 od tego odzwyczai\u0107. Dlatego chcemy jak najwi\u0119cej przebywa\u0107 na zewn\u0105trz. W zwi\u0105zku z tym, nawet jesieni\u0105, wiele Par M\u0142odych organizuje poprawiny w formie ogniska czy grilla. To \u015bwietna okazja na z\u0142apanie ostatnich cieplejszych powiew\u00f3w wiatru i sp\u0119dzenie czasu z bliskimi w mniej oficjalnym tonie. Ciep\u0142o ogniska p\u0142on\u0105cego si\u0119 na tle g\u00f3rskich krajobraz\u00f3w to wprost wymarzona sceneria.<!-- \/wp:paragraph --><\/p>\n<p>Zamiast biesiady z lokalnymi przysmakami przy ognisku, M\u0142ode Pary decyduj\u0105 si\u0119 tak\u017ce na wsp\u00f3ln\u0105 w\u0119dr\u00f3wk\u0119 po g\u00f3rach czy zwiedzanie lokalnych zabytk\u00f3w. Na Dolnym \u015al\u0105sku jest ich mn\u00f3stwo, a wielu z nich jesie\u0144 jeszcze bardziej dodaje niesamowitego uroku. Takie atrakcje nawet jesieni\u0105 wprawi\u0105 go\u015bci w cudowny nastr\u00f3j. Gwarantujemy, \u017ce po tak sp\u0119dzonym weekendzie, nie b\u0119d\u0105 chcieli wyjecha\u0107.<\/p>\n<\/div>\r\n                    <aside class=\"leonardo-interlink\">\r\n                <b>Polecamy<\/b>\r\n                <a href=\"https:\/\/www.koronakarkonoszy.pl\/blog\/jak-wybrac-miejsce-na-wesele\/\">Jak wybra\u0107 miejsce na wesele?<\/a>\r\n            <\/aside>\r\n            <\/div>\r\n    <div class=\"leonardo-image\">\r\n        <img loading=\"lazy\" decoding=\"async\" width=\"1024\" height=\"682\" src=\"https:\/\/www.koronakarkonoszy.pl\/blog\/wp-content\/uploads\/2021\/07\/wesele-w-pazdzierniku-w-gorach.jpg\" class=\"attachment-full size-full\" alt=\"Wesele w pa\u017adzierniku w g\u00f3rach\" srcset=\"https:\/\/www.koronakarkonoszy.pl\/blog\/wp-content\/uploads\/2021\/07\/wesele-w-pazdzierniku-w-gorach.jpg 1024w, https:\/\/www.koronakarkonoszy.pl\/blog\/wp-content\/uploads\/2021\/07\/wesele-w-pazdzierniku-w-gorach-300x200.jpg 300w, https:\/\/www.koronakarkonoszy.pl\/blog\/wp-content\/uploads\/2021\/07\/wesele-w-pazdzierniku-w-gorach-768x512.jpg 768w\" sizes=\"auto, (max-width: 1024px) 100vw, 1024px\" \/>            <\/div>\r\n<\/section>\n\n\n<h2 class=\"wp-block-heading\" id=\"h-wesele-jesieni-komfortowy-nocleg\">Wesele jesieni\u0105 \u2013 komfortowy nocleg<\/h2>\n\n\n\n<p>Nie zapominajmy, \u017ce wesele wyjazdowe wymaga zapewnienia go\u015bciom komfortowego noclegu, w kt\u00f3rym b\u0119d\u0105 mogli odpocz\u0105\u0107 po ca\u0142onocnej zabawie lub ogrza\u0107 si\u0119 po wieczornych poprawinach na \u0142onie natury. Piesze g\u00f3rskie wycieczki r\u00f3wnie\u017c s\u0105 wymagaj\u0105ce, dlatego po ka\u017cdym spacerze go\u015bcie po prostu chc\u0105 wypocz\u0105\u0107. W Dworze Korona Karkonoszy posiadamy doskonale wyposa\u017con\u0105 baz\u0119 noclegow\u0105, kt\u00f3ra oferuje wygodne pokoje i apartamenty w stylu butikowym. Ka\u017cdy z nich jest inny, jak r\u00f3wnie\u017c ka\u017cdy posiada swoj\u0105 w\u0142asn\u0105, niepowtarzaln\u0105 histori\u0119. <\/p>\n\n\n\n<p>Naszym celem jest jak najlepsze ugoszczenie wszystkich go\u015bci od samego wej\u015bcia na teren obiektu, a\u017c po wyjazd. Dok\u0142adamy wszelkich stara\u0144, aby zar\u00f3wno w czasie za\u015blubin, przyj\u0119cia weselnego, jak r\u00f3wnie\u017c ca\u0142ego pobytu, go\u015bciom i Parze M\u0142odej nie zabrak\u0142o absolutnie niczego. Naszym celem jest zachowanie w pami\u0119ci naszych go\u015bci jak najlepszych wspomnie\u0144.<\/p>\n\n\n\n<figure class=\"wp-block-image size-full\"><img loading=\"lazy\" decoding=\"async\" width=\"960\" height=\"640\" src=\"https:\/\/www.koronakarkonoszy.pl\/blog\/wp-content\/uploads\/2022\/12\/16215912_10202838506280016_440647019_n.jpg\" alt=\"\" class=\"wp-image-6470\" srcset=\"https:\/\/www.koronakarkonoszy.pl\/blog\/wp-content\/uploads\/2022\/12\/16215912_10202838506280016_440647019_n.jpg 960w, https:\/\/www.koronakarkonoszy.pl\/blog\/wp-content\/uploads\/2022\/12\/16215912_10202838506280016_440647019_n-300x200.jpg 300w, https:\/\/www.koronakarkonoszy.pl\/blog\/wp-content\/uploads\/2022\/12\/16215912_10202838506280016_440647019_n-768x512.jpg 768w\" sizes=\"auto, (max-width: 960px) 100vw, 960px\" \/><figcaption class=\"wp-element-caption\"><strong><a href=\"https:\/\/www.koronakarkonoszy.pl\/wesele\/\" target=\"_blank\" rel=\"noreferrer noopener\">Sala weselna w g\u00f3rach<\/a>, Dw\u00f3r Korona Karkonoszy <a href=\"https:\/\/www.koronakarkonoszy.pl\/blog-atrakcje\/sosnowka\/\" class=\"links-placer\">Sosn\u00f3wka<\/a> k. Karpacza<\/strong><\/figcaption><\/figure>\n\n\n\n<h3 class=\"wp-block-heading\" id=\"h-lub-i-wesele-jesieni-w-dw-r-korona-karkonoszy\">Romantyczne wesele jesieni\u0105 w Dw\u00f3r Korona Karkonoszy<\/h3>\n\n\n\n<p>Przybywacie z daleka? \u015alub organizowany na odleg\u0142o\u015b\u0107 mo\u017ce wielu Parom M\u0142odym wydawa\u0107 si\u0119 problematyczny. Nie musicie jednak obawia\u0107 si\u0119 przygotowa\u0144 do wesela. Nasi eksperci od planowania tego typu uroczysto\u015bci s\u0105 do Waszej dyspozycji. Wsp\u00f3\u0142pracujemy z najlepszymi podwykonawcami i dok\u0142adamy wszelkich stara\u0144, aby wszystko by\u0142o dopi\u0119te na ostatni guzik. Wasze romantyczne wesele b\u0119dzie dok\u0142adnie takie, jak sobie wymarzyli\u015bcie!<\/p>\n","protected":false},"excerpt":{"rendered":"<p>Jesie\u0144 to pora roku wprost stworzona dla zakochanych. Kolory, zapachy i smaki jesieni u wielu z nas wywo\u0142uj\u0105 nastr\u00f3j nostalgii i melancholii, kt\u00f3ra dodaje jej aury tajemniczo\u015bci i niesamowito\u015bci. To idealny czas na d\u0142ugie spacery, kolacje przy \u015bwiecach oraz oczywi\u015bcie romantyczne wesele. Czego si\u0119 dowiesz z artyku\u0142u? Jesie\u0144 to pora roku, kt\u00f3ra obfituje w niezwyk\u0142e [&hellip;]<\/p>\n","protected":false},"author":11,"featured_media":873,"comment_status":"closed","ping_status":"closed","sticky":false,"template":"","format":"standard","meta":{"_acf_changed":false,"footnotes":""},"categories":[16,3,13],"class_list":["post-870","post","type-post","status-publish","format-standard","has-post-thumbnail","hentry","category-kiedy-wesele","category-trendy","category-wesele-jesien"],"acf":[],"yoast_head":"<!-- This site is optimized with the Yoast SEO plugin v27.5 - https:\/\/yoast.com\/product\/yoast-seo-wordpress\/ -->\n<title>Romantyczne wesele jesieni\u0105 - :: Blog weselny<\/title>\n<meta name=\"description\" content=\"Jesie\u0144 potrafi by\u0107 pi\u0119kna. To wprost idealny czas na d\u0142ugie spacery, kolacje przy \u015bwiecach oraz oczywi\u015bcie romantyczne wesele. Oto dlaczego!\" \/>\n<meta name=\"robots\" content=\"index, follow, max-snippet:-1, max-image-preview:large, max-video-preview:-1\" \/>\n<link rel=\"canonical\" href=\"https:\/\/www.koronakarkonoszy.pl\/blog\/romatyczne-wesele\/\" \/>\n<meta property=\"og:locale\" content=\"pl_PL\" \/>\n<meta property=\"og:type\" content=\"article\" \/>\n<meta property=\"og:title\" content=\"Romantyczne wesele jesieni\u0105 - :: Blog weselny\" \/>\n<meta property=\"og:description\" content=\"Jesie\u0144 potrafi by\u0107 pi\u0119kna. To wprost idealny czas na d\u0142ugie spacery, kolacje przy \u015bwiecach oraz oczywi\u015bcie romantyczne wesele. Oto dlaczego!\" \/>\n<meta property=\"og:url\" content=\"https:\/\/www.koronakarkonoszy.pl\/blog\/romatyczne-wesele\/\" \/>\n<meta property=\"og:site_name\" content=\":: Blog weselny\" \/>\n<meta property=\"article:published_time\" content=\"2024-07-20T09:50:00+00:00\" \/>\n<meta property=\"article:modified_time\" content=\"2024-08-15T18:12:58+00:00\" \/>\n<meta property=\"og:image\" content=\"https:\/\/www.koronakarkonoszy.pl\/blog\/wp-content\/uploads\/2021\/07\/newnewjesienne-wesele.jpg\" \/>\n\t<meta property=\"og:image:width\" content=\"1024\" \/>\n\t<meta property=\"og:image:height\" content=\"683\" \/>\n\t<meta property=\"og:image:type\" content=\"image\/jpeg\" \/>\n<meta name=\"author\" content=\"agnieszka\" \/>\n<meta name=\"twitter:card\" content=\"summary_large_image\" \/>\n<meta name=\"twitter:label1\" content=\"Napisane przez\" \/>\n\t<meta name=\"twitter:data1\" content=\"agnieszka\" \/>\n\t<meta name=\"twitter:label2\" content=\"Szacowany czas czytania\" \/>\n\t<meta name=\"twitter:data2\" content=\"6 minut\" \/>\n<script type=\"application\/ld+json\" class=\"yoast-schema-graph\">{\"@context\":\"https:\\\/\\\/schema.org\",\"@graph\":[{\"@type\":\"Article\",\"@id\":\"https:\\\/\\\/www.koronakarkonoszy.pl\\\/blog\\\/romatyczne-wesele\\\/#article\",\"isPartOf\":{\"@id\":\"https:\\\/\\\/www.koronakarkonoszy.pl\\\/blog\\\/romatyczne-wesele\\\/\"},\"author\":{\"name\":\"agnieszka\",\"@id\":\"https:\\\/\\\/www.koronakarkonoszy.pl\\\/blog\\\/#\\\/schema\\\/person\\\/ec8c88bd01ebe6cbf6a16435ce22276f\"},\"headline\":\"Romantyczne wesele jesieni\u0105\",\"datePublished\":\"2024-07-20T09:50:00+00:00\",\"dateModified\":\"2024-08-15T18:12:58+00:00\",\"mainEntityOfPage\":{\"@id\":\"https:\\\/\\\/www.koronakarkonoszy.pl\\\/blog\\\/romatyczne-wesele\\\/\"},\"wordCount\":1045,\"image\":{\"@id\":\"https:\\\/\\\/www.koronakarkonoszy.pl\\\/blog\\\/romatyczne-wesele\\\/#primaryimage\"},\"thumbnailUrl\":\"https:\\\/\\\/www.koronakarkonoszy.pl\\\/blog\\\/wp-content\\\/uploads\\\/2021\\\/07\\\/newnewjesienne-wesele.jpg\",\"articleSection\":[\"Kiedy wesele\",\"Trendy\",\"Wesele jesie\u0144\"],\"inLanguage\":\"pl-PL\"},{\"@type\":\"WebPage\",\"@id\":\"https:\\\/\\\/www.koronakarkonoszy.pl\\\/blog\\\/romatyczne-wesele\\\/\",\"url\":\"https:\\\/\\\/www.koronakarkonoszy.pl\\\/blog\\\/romatyczne-wesele\\\/\",\"name\":\"Romantyczne wesele jesieni\u0105 - :: Blog weselny\",\"isPartOf\":{\"@id\":\"https:\\\/\\\/www.koronakarkonoszy.pl\\\/blog\\\/#website\"},\"primaryImageOfPage\":{\"@id\":\"https:\\\/\\\/www.koronakarkonoszy.pl\\\/blog\\\/romatyczne-wesele\\\/#primaryimage\"},\"image\":{\"@id\":\"https:\\\/\\\/www.koronakarkonoszy.pl\\\/blog\\\/romatyczne-wesele\\\/#primaryimage\"},\"thumbnailUrl\":\"https:\\\/\\\/www.koronakarkonoszy.pl\\\/blog\\\/wp-content\\\/uploads\\\/2021\\\/07\\\/newnewjesienne-wesele.jpg\",\"datePublished\":\"2024-07-20T09:50:00+00:00\",\"dateModified\":\"2024-08-15T18:12:58+00:00\",\"author\":{\"@id\":\"https:\\\/\\\/www.koronakarkonoszy.pl\\\/blog\\\/#\\\/schema\\\/person\\\/ec8c88bd01ebe6cbf6a16435ce22276f\"},\"description\":\"Jesie\u0144 potrafi by\u0107 pi\u0119kna. To wprost idealny czas na d\u0142ugie spacery, kolacje przy \u015bwiecach oraz oczywi\u015bcie romantyczne wesele. Oto dlaczego!\",\"breadcrumb\":{\"@id\":\"https:\\\/\\\/www.koronakarkonoszy.pl\\\/blog\\\/romatyczne-wesele\\\/#breadcrumb\"},\"inLanguage\":\"pl-PL\",\"potentialAction\":[{\"@type\":\"ReadAction\",\"target\":[\"https:\\\/\\\/www.koronakarkonoszy.pl\\\/blog\\\/romatyczne-wesele\\\/\"]}]},{\"@type\":\"ImageObject\",\"inLanguage\":\"pl-PL\",\"@id\":\"https:\\\/\\\/www.koronakarkonoszy.pl\\\/blog\\\/romatyczne-wesele\\\/#primaryimage\",\"url\":\"https:\\\/\\\/www.koronakarkonoszy.pl\\\/blog\\\/wp-content\\\/uploads\\\/2021\\\/07\\\/newnewjesienne-wesele.jpg\",\"contentUrl\":\"https:\\\/\\\/www.koronakarkonoszy.pl\\\/blog\\\/wp-content\\\/uploads\\\/2021\\\/07\\\/newnewjesienne-wesele.jpg\",\"width\":1024,\"height\":683,\"caption\":\"jesienne wesele\"},{\"@type\":\"BreadcrumbList\",\"@id\":\"https:\\\/\\\/www.koronakarkonoszy.pl\\\/blog\\\/romatyczne-wesele\\\/#breadcrumb\",\"itemListElement\":[{\"@type\":\"ListItem\",\"position\":1,\"name\":\"Strona g\u0142\u00f3wna\",\"item\":\"https:\\\/\\\/www.koronakarkonoszy.pl\\\/blog\\\/\"},{\"@type\":\"ListItem\",\"position\":2,\"name\":\"Romantyczne wesele jesieni\u0105\"}]},{\"@type\":\"WebSite\",\"@id\":\"https:\\\/\\\/www.koronakarkonoszy.pl\\\/blog\\\/#website\",\"url\":\"https:\\\/\\\/www.koronakarkonoszy.pl\\\/blog\\\/\",\"name\":\":: Blog weselny\",\"description\":\"Blog weselny Dw\u00f3r Korona Karkonoszy\",\"potentialAction\":[{\"@type\":\"SearchAction\",\"target\":{\"@type\":\"EntryPoint\",\"urlTemplate\":\"https:\\\/\\\/www.koronakarkonoszy.pl\\\/blog\\\/?s={search_term_string}\"},\"query-input\":{\"@type\":\"PropertyValueSpecification\",\"valueRequired\":true,\"valueName\":\"search_term_string\"}}],\"inLanguage\":\"pl-PL\"},{\"@type\":\"Person\",\"@id\":\"https:\\\/\\\/www.koronakarkonoszy.pl\\\/blog\\\/#\\\/schema\\\/person\\\/ec8c88bd01ebe6cbf6a16435ce22276f\",\"name\":\"agnieszka\",\"image\":{\"@type\":\"ImageObject\",\"inLanguage\":\"pl-PL\",\"@id\":\"https:\\\/\\\/www.koronakarkonoszy.pl\\\/blog\\\/wp-content\\\/litespeed\\\/avatar\\\/53ee7b676463f74d0aea1a09de3d003b.jpg?ver=1777438794\",\"url\":\"https:\\\/\\\/www.koronakarkonoszy.pl\\\/blog\\\/wp-content\\\/litespeed\\\/avatar\\\/53ee7b676463f74d0aea1a09de3d003b.jpg?ver=1777438794\",\"contentUrl\":\"https:\\\/\\\/www.koronakarkonoszy.pl\\\/blog\\\/wp-content\\\/litespeed\\\/avatar\\\/53ee7b676463f74d0aea1a09de3d003b.jpg?ver=1777438794\",\"caption\":\"agnieszka\"},\"url\":\"https:\\\/\\\/www.koronakarkonoszy.pl\\\/blog\\\/author\\\/agnieszka\\\/\"}]}<\/script>\n<!-- \/ Yoast SEO plugin. -->","yoast_head_json":{"title":"Romantyczne wesele jesieni\u0105 - :: Blog weselny","description":"Jesie\u0144 potrafi by\u0107 pi\u0119kna. To wprost idealny czas na d\u0142ugie spacery, kolacje przy \u015bwiecach oraz oczywi\u015bcie romantyczne wesele. Oto dlaczego!","robots":{"index":"index","follow":"follow","max-snippet":"max-snippet:-1","max-image-preview":"max-image-preview:large","max-video-preview":"max-video-preview:-1"},"canonical":"https:\/\/www.koronakarkonoszy.pl\/blog\/romatyczne-wesele\/","og_locale":"pl_PL","og_type":"article","og_title":"Romantyczne wesele jesieni\u0105 - :: Blog weselny","og_description":"Jesie\u0144 potrafi by\u0107 pi\u0119kna. To wprost idealny czas na d\u0142ugie spacery, kolacje przy \u015bwiecach oraz oczywi\u015bcie romantyczne wesele. Oto dlaczego!","og_url":"https:\/\/www.koronakarkonoszy.pl\/blog\/romatyczne-wesele\/","og_site_name":":: Blog weselny","article_published_time":"2024-07-20T09:50:00+00:00","article_modified_time":"2024-08-15T18:12:58+00:00","og_image":[{"width":1024,"height":683,"url":"https:\/\/www.koronakarkonoszy.pl\/blog\/wp-content\/uploads\/2021\/07\/newnewjesienne-wesele.jpg","type":"image\/jpeg"}],"author":"agnieszka","twitter_card":"summary_large_image","twitter_misc":{"Napisane przez":"agnieszka","Szacowany czas czytania":"6 minut"},"schema":{"@context":"https:\/\/schema.org","@graph":[{"@type":"Article","@id":"https:\/\/www.koronakarkonoszy.pl\/blog\/romatyczne-wesele\/#article","isPartOf":{"@id":"https:\/\/www.koronakarkonoszy.pl\/blog\/romatyczne-wesele\/"},"author":{"name":"agnieszka","@id":"https:\/\/www.koronakarkonoszy.pl\/blog\/#\/schema\/person\/ec8c88bd01ebe6cbf6a16435ce22276f"},"headline":"Romantyczne wesele jesieni\u0105","datePublished":"2024-07-20T09:50:00+00:00","dateModified":"2024-08-15T18:12:58+00:00","mainEntityOfPage":{"@id":"https:\/\/www.koronakarkonoszy.pl\/blog\/romatyczne-wesele\/"},"wordCount":1045,"image":{"@id":"https:\/\/www.koronakarkonoszy.pl\/blog\/romatyczne-wesele\/#primaryimage"},"thumbnailUrl":"https:\/\/www.koronakarkonoszy.pl\/blog\/wp-content\/uploads\/2021\/07\/newnewjesienne-wesele.jpg","articleSection":["Kiedy wesele","Trendy","Wesele jesie\u0144"],"inLanguage":"pl-PL"},{"@type":"WebPage","@id":"https:\/\/www.koronakarkonoszy.pl\/blog\/romatyczne-wesele\/","url":"https:\/\/www.koronakarkonoszy.pl\/blog\/romatyczne-wesele\/","name":"Romantyczne wesele jesieni\u0105 - :: Blog weselny","isPartOf":{"@id":"https:\/\/www.koronakarkonoszy.pl\/blog\/#website"},"primaryImageOfPage":{"@id":"https:\/\/www.koronakarkonoszy.pl\/blog\/romatyczne-wesele\/#primaryimage"},"image":{"@id":"https:\/\/www.koronakarkonoszy.pl\/blog\/romatyczne-wesele\/#primaryimage"},"thumbnailUrl":"https:\/\/www.koronakarkonoszy.pl\/blog\/wp-content\/uploads\/2021\/07\/newnewjesienne-wesele.jpg","datePublished":"2024-07-20T09:50:00+00:00","dateModified":"2024-08-15T18:12:58+00:00","author":{"@id":"https:\/\/www.koronakarkonoszy.pl\/blog\/#\/schema\/person\/ec8c88bd01ebe6cbf6a16435ce22276f"},"description":"Jesie\u0144 potrafi by\u0107 pi\u0119kna. To wprost idealny czas na d\u0142ugie spacery, kolacje przy \u015bwiecach oraz oczywi\u015bcie romantyczne wesele. Oto dlaczego!","breadcrumb":{"@id":"https:\/\/www.koronakarkonoszy.pl\/blog\/romatyczne-wesele\/#breadcrumb"},"inLanguage":"pl-PL","potentialAction":[{"@type":"ReadAction","target":["https:\/\/www.koronakarkonoszy.pl\/blog\/romatyczne-wesele\/"]}]},{"@type":"ImageObject","inLanguage":"pl-PL","@id":"https:\/\/www.koronakarkonoszy.pl\/blog\/romatyczne-wesele\/#primaryimage","url":"https:\/\/www.koronakarkonoszy.pl\/blog\/wp-content\/uploads\/2021\/07\/newnewjesienne-wesele.jpg","contentUrl":"https:\/\/www.koronakarkonoszy.pl\/blog\/wp-content\/uploads\/2021\/07\/newnewjesienne-wesele.jpg","width":1024,"height":683,"caption":"jesienne wesele"},{"@type":"BreadcrumbList","@id":"https:\/\/www.koronakarkonoszy.pl\/blog\/romatyczne-wesele\/#breadcrumb","itemListElement":[{"@type":"ListItem","position":1,"name":"Strona g\u0142\u00f3wna","item":"https:\/\/www.koronakarkonoszy.pl\/blog\/"},{"@type":"ListItem","position":2,"name":"Romantyczne wesele jesieni\u0105"}]},{"@type":"WebSite","@id":"https:\/\/www.koronakarkonoszy.pl\/blog\/#website","url":"https:\/\/www.koronakarkonoszy.pl\/blog\/","name":":: Blog weselny","description":"Blog weselny Dw\u00f3r Korona Karkonoszy","potentialAction":[{"@type":"SearchAction","target":{"@type":"EntryPoint","urlTemplate":"https:\/\/www.koronakarkonoszy.pl\/blog\/?s={search_term_string}"},"query-input":{"@type":"PropertyValueSpecification","valueRequired":true,"valueName":"search_term_string"}}],"inLanguage":"pl-PL"},{"@type":"Person","@id":"https:\/\/www.koronakarkonoszy.pl\/blog\/#\/schema\/person\/ec8c88bd01ebe6cbf6a16435ce22276f","name":"agnieszka","image":{"@type":"ImageObject","inLanguage":"pl-PL","@id":"https:\/\/www.koronakarkonoszy.pl\/blog\/wp-content\/litespeed\/avatar\/53ee7b676463f74d0aea1a09de3d003b.jpg?ver=1777438794","url":"https:\/\/www.koronakarkonoszy.pl\/blog\/wp-content\/litespeed\/avatar\/53ee7b676463f74d0aea1a09de3d003b.jpg?ver=1777438794","contentUrl":"https:\/\/www.koronakarkonoszy.pl\/blog\/wp-content\/litespeed\/avatar\/53ee7b676463f74d0aea1a09de3d003b.jpg?ver=1777438794","caption":"agnieszka"},"url":"https:\/\/www.koronakarkonoszy.pl\/blog\/author\/agnieszka\/"}]}},"_links":{"self":[{"href":"https:\/\/www.koronakarkonoszy.pl\/blog\/wp-json\/wp\/v2\/posts\/870","targetHints":{"allow":["GET"]}}],"collection":[{"href":"https:\/\/www.koronakarkonoszy.pl\/blog\/wp-json\/wp\/v2\/posts"}],"about":[{"href":"https:\/\/www.koronakarkonoszy.pl\/blog\/wp-json\/wp\/v2\/types\/post"}],"author":[{"embeddable":true,"href":"https:\/\/www.koronakarkonoszy.pl\/blog\/wp-json\/wp\/v2\/users\/11"}],"replies":[{"embeddable":true,"href":"https:\/\/www.koronakarkonoszy.pl\/blog\/wp-json\/wp\/v2\/comments?post=870"}],"version-history":[{"count":2,"href":"https:\/\/www.koronakarkonoszy.pl\/blog\/wp-json\/wp\/v2\/posts\/870\/revisions"}],"predecessor-version":[{"id":11419,"href":"https:\/\/www.koronakarkonoszy.pl\/blog\/wp-json\/wp\/v2\/posts\/870\/revisions\/11419"}],"wp:featuredmedia":[{"embeddable":true,"href":"https:\/\/www.koronakarkonoszy.pl\/blog\/wp-json\/wp\/v2\/media\/873"}],"wp:attachment":[{"href":"https:\/\/www.koronakarkonoszy.pl\/blog\/wp-json\/wp\/v2\/media?parent=870"}],"wp:term":[{"taxonomy":"category","embeddable":true,"href":"https:\/\/www.koronakarkonoszy.pl\/blog\/wp-json\/wp\/v2\/categories?post=870"}],"curies":[{"name":"wp","href":"https:\/\/api.w.org\/{rel}","templated":true}]}}