{"id":864,"date":"2023-03-29T22:11:01","date_gmt":"2023-03-29T20:11:01","guid":{"rendered":"https:\/\/www.koronakarkonoszy.pl\/blog\/?p=864"},"modified":"2024-12-11T11:58:09","modified_gmt":"2024-12-11T10:58:09","slug":"menu-na-wesele-jesienia","status":"publish","type":"post","link":"https:\/\/www.koronakarkonoszy.pl\/blog\/menu-na-wesele-jesienia\/","title":{"rendered":"Menu na wesele jesieni\u0105 &#8211;<br>smaczne i kolorowe"},"content":{"rendered":"\n<p><strong>Przygotowuj\u0105c list\u0119 potraw na wesele powinni\u015bmy pami\u0119ta\u0107 o kilku czynnikach. W\u015br\u00f3d nich s\u0105 nie tylko gusta nasze i naszych go\u015bci, styl czy motyw przewodni wesela, ale tak\u017ce pora roku. Ka\u017cda z nich rz\u0105dzi si\u0119 swoimi prawami, kt\u00f3re powinni\u015bmy zna\u0107, aby uraczy\u0107 odpowiednio naszych go\u015bci. Jakie dania powinni\u015bmy zaplanowa\u0107 na wesele jesieni\u0105? Oto gar\u015b\u0107 inspiracji.<\/strong><\/p>\n\n\n<div id=\"ariadna-block_a8f5ea84891cf92044991f6aba1cf53f\" class=\"ariadna\">\r\n    <ul><li><a href=\"#h-wesele-jesieni-czy-to-dobra-pora-na-za-lubiny\">Wesele jesieni\u0105 \u2013 czy to dobra pora na za\u015blubiny?<\/a><\/li><li><a href=\"#h-wesele-karpacz-i-okolice\">Wesele Karpacz i okolice<\/a><\/li><li><a href=\"#ha-kameralne-wesele-w-gorach\">Kameralne wesele w g\u00f3rach?<\/a><\/li><li><a href=\"#ha-suknia-slubna-na-jesien\">Suknia \u015blubna na jesie\u0144<\/a><\/li><li><a href=\"#h-jesienne-zaproszenia-slubne\">Jesienne zaproszenia \u015blubne<\/a><\/li><li><a href=\"#ha-jesienny-bukiet-slubny\">Jesienny bukiet \u015blubny<\/a><\/li><li><a href=\"#h-slub-jesienia\">\u015alub jesieni\u0105<\/a><\/li><li><a href=\"#h-menu-na-wesele-jesieni\">Menu na wesele jesieni\u0105<\/a><\/li><li><a href=\"#h-slubna-sesja-zdjeciowa\">\u015alubna sesja zdj\u0119ciowa<\/a><\/li><li><a href=\"#ha-wesele-jesienia-w-co-sie-ubrac\">Wesele jesieni\u0105 w co si\u0119 ubra\u0107?<\/a><\/li><li><a href=\"#h-wesele-jesien\">Wesele jesie\u0144<\/a><\/li><li><a href=\"#ha-zalety-jesiennego-wesela\">Zalety jesiennego wesela<\/a><\/li><li><a href=\"#ha-jakie-sa-minusy-jesiennego-wesela\">Jakie s\u0105 minusy jesiennego wesela?<\/a><\/li><li><a href=\"#h-wesele-jesienia-na-co-zwrocic-uwage\">Wesele jesieni\u0105 &#8211; na co zwr\u00f3ci\u0107 uwag\u0119?<\/a><\/li><li><a href=\"#h-weselne-dekoracje-w-jesiennej-ods-onie\">Weselne dekoracje w jesiennej ods\u0142onie<\/a><\/li><li><a href=\"#h-wesele-jesienia-dekoracje\">Wesele jesieni\u0105 &#8211; dekoracje<\/a><\/li><li><a href=\"#ha-jak-wybrac-stylizacje-weselna\">Jak wybra\u0107 stylizacj\u0119 weseln\u0105?<\/a><\/li><li><a href=\"#h-obiad-weselny-jesienia\">Obiad weselny jesieni\u0105<\/a><\/li><li><a href=\"#h-wesele-jesieni-w-g-rach\">Wesele jesieni\u0105 w g\u00f3rach<\/a><\/li><\/ul>\r\n<\/div>\r\n\r\n\r\n\r\n\n\n\n<p>Gdy my\u015blimy o jesieni, cz\u0119sto przychodz\u0105 nam do g\u0142owy obrazy deszczu, wiatru, spadaj\u0105cych li\u015bci i d\u0142ugich wieczor\u00f3w z ciep\u0142ym kocem pod r\u0119k\u0105. Nie jest to do ko\u0144ca zgodne z prawd\u0105. Jest to przej\u015bciowa pora roku i zw\u0142aszcza w jej pocz\u0105tkowej fazie cz\u0119sto towarzyszy nam letnia wr\u0119cz pogoda. Wszyscy znamy przecie\u017c fraz\u0119 \u201e<strong>z\u0142ota polska jesie\u0144<\/strong>\u201d. Kojarzy si\u0119 ze s\u0142o\u0144cem, babim latem, nastrojowymi wieczorami i ciep\u0142ymi dniami. Jesie\u0144 to idealny czas na \u015blub i wesele!<\/p>\n\n\n\n<figure class=\"wp-block-image size-large\"><a href=\"https:\/\/www.koronakarkonoszy.pl\/wesele\/\" target=\"_blank\" rel=\"noreferrer noopener\"><img loading=\"lazy\" decoding=\"async\" width=\"1024\" height=\"512\" src=\"https:\/\/www.koronakarkonoszy.pl\/blog\/wp-content\/uploads\/2022\/06\/stylowy_dwor_wesleny_DKK-4-1024x512.jpg\" alt=\"\" class=\"wp-image-4048\" srcset=\"https:\/\/www.koronakarkonoszy.pl\/blog\/wp-content\/uploads\/2022\/06\/stylowy_dwor_wesleny_DKK-4-1024x512.jpg 1024w, https:\/\/www.koronakarkonoszy.pl\/blog\/wp-content\/uploads\/2022\/06\/stylowy_dwor_wesleny_DKK-4-300x150.jpg 300w, https:\/\/www.koronakarkonoszy.pl\/blog\/wp-content\/uploads\/2022\/06\/stylowy_dwor_wesleny_DKK-4-768x384.jpg 768w, https:\/\/www.koronakarkonoszy.pl\/blog\/wp-content\/uploads\/2022\/06\/stylowy_dwor_wesleny_DKK-4.jpg 1200w\" sizes=\"auto, (max-width: 1024px) 100vw, 1024px\" \/><\/a><\/figure>\n\n\n\n<h2 class=\"wp-block-heading\" id=\"h-wesele-jesieni-czy-to-dobra-pora-na-za-lubiny\">Wesele jesieni\u0105 \u2013 czy to dobra pora na za\u015blubiny?<\/h2>\n\n\n\n<p>To co mog\u0142oby si\u0119 wydawa\u0107 wad\u0105, przekszta\u0142\u0107my w zalet\u0119. Nie bez powodu mawia si\u0119, \u017ceby zawsze szuka\u0107 pozytyw\u00f3w, a z pewno\u015bci\u0105 jesie\u0144 ma ich wi\u0119cej, ni\u017c nam si\u0119 wydaje!<\/p>\n\n\n\n<p>Jesieni\u0105, tym bardziej p\u00f3\u017an\u0105, kiedy ju\u017c na horyzoncie pomalutku wida\u0107 pierwsze oznaki zimy, mo\u017cemy liczy\u0107 na ni\u017csze ceny. Typowy sezon weselny ko\u0144czy si\u0119 w okolicach wrze\u015bnia. Dlatego <a href=\"https:\/\/www.koronakarkonoszy.pl\/blog\/sale-weselne-jak-dobrze-wybrac\/\" target=\"_blank\" rel=\"noreferrer noopener\">sale weselne<\/a> na czas przej\u015bciowy oferuj\u0105 \u015bwietne warunki cenowe, kt\u00f3re mog\u0105 by\u0107 jednym z powod\u00f3w wybrania w\u0142a\u015bnie takiego terminu.<\/p>\n\n\n\n<figure class=\"wp-block-image size-full\"><img loading=\"lazy\" decoding=\"async\" width=\"800\" height=\"534\" src=\"https:\/\/www.koronakarkonoszy.pl\/blog\/wp-content\/uploads\/2021\/07\/sluby_w_ogrodzie__4_.jpg\" alt=\"\u015blub w ogrodzie\" class=\"wp-image-825\" srcset=\"https:\/\/www.koronakarkonoszy.pl\/blog\/wp-content\/uploads\/2021\/07\/sluby_w_ogrodzie__4_.jpg 800w, https:\/\/www.koronakarkonoszy.pl\/blog\/wp-content\/uploads\/2021\/07\/sluby_w_ogrodzie__4_-300x200.jpg 300w, https:\/\/www.koronakarkonoszy.pl\/blog\/wp-content\/uploads\/2021\/07\/sluby_w_ogrodzie__4_-768x513.jpg 768w\" sizes=\"auto, (max-width: 800px) 100vw, 800px\" \/><figcaption class=\"wp-element-caption\"><strong>Wesele w ogrodzie, <a href=\"https:\/\/www.koronakarkonoszy.pl\/wesele\/\" target=\"_blank\" rel=\"noreferrer noopener\">Dw\u00f3r Korona Karkonoszy<\/a>, <a href=\"https:\/\/www.koronakarkonoszy.pl\/blog-atrakcje\/sosnowka\/\" class=\"links-placer\">Sosn\u00f3wka<\/a> k. Karpacza <\/strong><\/figcaption><\/figure>\n\n\n\n<p><strong>Wesele jesieni\u0105<\/strong>&nbsp;mo\u017ce by\u0107 wspania\u0142ym prze\u017cyciem i uroczysto\u015bci\u0105 w blasku zachodz\u0105cego s\u0142o\u0144ca. Pami\u0119tajmy, \u017ce o tej porze roku mo\u017cemy na niego liczy\u0107 ju\u017c na prze\u0142omie godzin popo\u0142udniowych. Dlatego pora za\u015blubin wspaniale zgra si\u0119 ze <a href=\"https:\/\/www.koronakarkonoszy.pl\/blog\/slub-w-plenerze-wszystko-co-warto-o-nim-wiedziec\/\" target=\"_blank\" rel=\"noreferrer noopener\">\u015blubem plenerowym<\/a>. Nie tylko prze\u017cycia b\u0119d\u0105 fantastyczne, ale tak\u017ce film i fotografie, kt\u00f3re stan\u0105 si\u0119 pami\u0105tk\u0105 na ca\u0142e \u017cycie, mog\u0105 by\u0107 niezwyk\u0142e. Niecodzienna gama kolor\u00f3w, a po\u015br\u00f3d niej Wy i Wasz najwa\u017cniejszy w \u017cyciu dzie\u0144. Z\u0142ote, opadaj\u0105ce z drzew li\u015bcie tworz\u0105 wprost wymarzon\u0105 sceneri\u0119 na tak\u0105 okazj\u0119.<\/p>\n\n\n<section id=\"leonardo-block_90babafd79f2490b8a9cb542d313f0bb\" class=\"leonardo page-breaker leonardo-image-left\">\r\n    <div class=\"leonardo-body\">\r\n        <h2 class=\"leonardo-title\" id=\"h-wesele-karpacz-i-okolice\">Wesele Karpacz i okolice<\/h2>        <div class=\"leonardo-content\"><p><!-- wp:heading --><\/p>\n<p>Karpacz i jego okolice to szczeg\u00f3lnie polecane miejsce na wesele. Atmosfera g\u00f3rskiego kurortu, Karkonosze i wy\u015bmienita regionalna kuchnia przyci\u0105gaj\u0105 r\u00f3wnie\u017c M\u0142ode Pary i go\u015bci weselnych. Polecanym na wesela miejscem jest <strong>Dw\u00f3r Korona Karkonoszy w Sosn\u00f3wce tu\u017c obok Karpacz<\/strong>a. \u0141\u0105czy w sobie to, co w regionie najlepsze z du\u017cym do\u015bwiadczeniem w organizacji udanych wesel. Wesele w g\u00f3rach, w Sosn\u00f3wce, niedaleko zalewu i Kaplicy \u015bw. Anny z Cudownym \u0179r\u00f3de\u0142kiem, kt\u00f3rego woda zapewnia szcz\u0119\u015bcie w mi\u0142o\u015bci, zawsze jest udane, zawsze magiczne. W dodatku mo\u017cemy uda\u0107 si\u0119 na nie, zgodnie z tutejsz\u0105 tradycj\u0105, w lektyce!<\/p>\n<p><!-- \/wp:paragraph --><\/p>\n<\/div>\r\n                    <aside class=\"leonardo-interlink\">\r\n                <b>Polecamy<\/b>\r\n                <a href=\"https:\/\/www.koronakarkonoszy.pl\/blog\/zalety-i-wady-wesele-we-wrzesniu\/\">Wesele we wrze\u015bniu &#8211; zalety i wady<\/a>\r\n            <\/aside>\r\n            <\/div>\r\n    <div class=\"leonardo-image\">\r\n        <img loading=\"lazy\" decoding=\"async\" width=\"1200\" height=\"800\" src=\"https:\/\/www.koronakarkonoszy.pl\/blog\/wp-content\/uploads\/2022\/12\/wesele-dolny-slask-Dwor-Korona-Karkonoszy.jpg\" class=\"attachment-full size-full\" alt=\"\" srcset=\"https:\/\/www.koronakarkonoszy.pl\/blog\/wp-content\/uploads\/2022\/12\/wesele-dolny-slask-Dwor-Korona-Karkonoszy.jpg 1200w, https:\/\/www.koronakarkonoszy.pl\/blog\/wp-content\/uploads\/2022\/12\/wesele-dolny-slask-Dwor-Korona-Karkonoszy-300x200.jpg 300w, https:\/\/www.koronakarkonoszy.pl\/blog\/wp-content\/uploads\/2022\/12\/wesele-dolny-slask-Dwor-Korona-Karkonoszy-1024x683.jpg 1024w, https:\/\/www.koronakarkonoszy.pl\/blog\/wp-content\/uploads\/2022\/12\/wesele-dolny-slask-Dwor-Korona-Karkonoszy-768x512.jpg 768w\" sizes=\"auto, (max-width: 1200px) 100vw, 1200px\" \/>            <\/div>\r\n<\/section>\n\n\n<h2 class=\"wp-block-heading\" id=\"ha-kameralne-wesele-w-gorach\">Kameralne wesele w g\u00f3rach?<\/h2>\n\n\n\n<p>Kameralne wesele w g\u00f3rach to wspania\u0142a opcja dla par, kt\u00f3re szukaj\u0105 intymnego i romantycznego miejsca na swoje \u015bwi\u0119to. To doskona\u0142a okazja, aby zorganizowa\u0107 wyj\u0105tkow\u0105&nbsp; uroczysto\u015b\u0107, kt\u00f3ra wszystkim pozostanie na d\u0142ugo w pami\u0119ci. Jak zorganizowa\u0107 takie wesele?<\/p>\n\n\n\n<ul class=\"wp-block-list\">\n<li>trzeba wybra\u0107 malownicze miejsce w g\u00f3rach, kt\u00f3re oferuje pi\u0119kne widoki i przytuln\u0105 atmosfer\u0119. Mo\u017ce to by\u0107 g\u00f3rska chatka, zabytkowy pa\u0142acyk, dom weselny lub<strong> elegancki dworek<\/strong>, kt\u00f3ry oferuje urocze wn\u0119trza i malownicze krajobrazy,<\/li>\n<\/ul>\n\n\n\n<figure class=\"wp-block-image size-full\"><img loading=\"lazy\" decoding=\"async\" width=\"800\" height=\"534\" src=\"https:\/\/www.koronakarkonoszy.pl\/blog\/wp-content\/uploads\/2021\/07\/Sala_Balowa_sloneczniki.jpg\" alt=\"sala balowa s\u0142oneczniki\" class=\"wp-image-598\" srcset=\"https:\/\/www.koronakarkonoszy.pl\/blog\/wp-content\/uploads\/2021\/07\/Sala_Balowa_sloneczniki.jpg 800w, https:\/\/www.koronakarkonoszy.pl\/blog\/wp-content\/uploads\/2021\/07\/Sala_Balowa_sloneczniki-300x200.jpg 300w, https:\/\/www.koronakarkonoszy.pl\/blog\/wp-content\/uploads\/2021\/07\/Sala_Balowa_sloneczniki-768x513.jpg 768w\" sizes=\"auto, (max-width: 800px) 100vw, 800px\" \/><figcaption class=\"wp-element-caption\"><strong><a href=\"https:\/\/www.koronakarkonoszy.pl\/dworska-sala-balowa\/\" target=\"_blank\" rel=\"noreferrer noopener\">Dworska Sala Balowa<\/a>, Dw\u00f3r Korona Karkonoszy, Sosn\u00f3wka k. Karpacza <\/strong><\/figcaption><\/figure>\n\n\n\n<ul class=\"wp-block-list\">\n<li>nast\u0119pnie warto wybra\u0107 styl i temat wesela, cho\u0107by <a href=\"https:\/\/www.koronakarkonoszy.pl\/blog\/rustykalne-wesele\/\" target=\"_blank\" rel=\"noreferrer noopener\">rustykalny styl<\/a>, kt\u00f3ry podkre\u015bli urok g\u00f3rskiego krajobrazu. Dzi\u0119ki temu zyskamy sp\u00f3jn\u0105 koncepcj\u0119, a dekoracje b\u0119d\u0105 harmonijnie wpisywa\u0107 si\u0119 w otoczenie. Mo\u017cna wykorzysta\u0107 elementy przyrody, takie jak kwiaty, li\u015bcie, drewno czy kamienie,<\/li>\n<\/ul>\n\n\n\n<ul class=\"wp-block-list\">\n<li>menu na wesele \u2013 warto skorzysta\u0107 z lokalnych specja\u0142\u00f3w, aby go\u015bcie mogli spr\u00f3bowa\u0107 regionalnych smak\u00f3w. Nie zapominajmy o rzemie\u015blniczych piwach i lokalnych winach.<\/li>\n<\/ul>\n\n\n\n<style>\n    .cta_block{\n        margin: 1.5em 0;\n    }\n    .cta_block_content {\n        position: relative;\n        color: white;\n        padding: 1em;\n    }\n    .cta_block_content h3{\n        text-align: center;\n        font: normal normal normal 36px\/50px Yeseva One;\n    }\n    .cta_block_content .cta_block_desc{\n        text-align: center;\n        font-size: 1.1em;\n        position: relative;\n    }\n    .cta_block_content .cta_block_desc:before {\n        content: '';\n        width: 80px;\n        height: 4px;\n        background: #EEB315;\n        position: absolute;\n        left: 0;\n        right: 0;\n        margin-left: auto;\n        margin-right: auto;\n        top: -22px;\n    }\n\n    .cta_block_content picture{\n        position: absolute;\n        top: 0;\n        right: 0;\n        z-index: -1;\n        height: 100%;\n        overflow: hidden;\n        width: 100%;\n    }\n    .cta_block_content picture img{\n        object-fit: cover;\n        height: 100%;\n        width: 100%;\n    }\n    .cta_block .cta_block_content .ninja-forms-field{\n        background: #FFFFFF2F;\n        border: 1px solid #EEB315;\n        border-radius: 25px;\n        opacity: 1;\n        color: #ffffff;\n    }\n    .cta_block .cta_block_content .nf-form-content input[type=submit]{\n        background-color: #EEB315;\n        color: #292929;\n        text-align: center;\n        font: normal normal bold 14px\/20px Work Sans;\n        padding: 0 2em;\n    }\n\n    .cta_block ::placeholder{\n        color: white!important;\n        opacity: 1;\n    }\n\n    .cta_block_content::after {\n        height: 100%;\n        width: 100%;\n        content: \"\";\n        z-index: -1;\n        position: absolute;\n        top: 0;\n        background: #00000070;\n        right: 0;\n        left: 0;\n        bottom: 0;\n    }\n    #ha-cta-block, .cta_block_desc, .cta_block .nf-field-label, .cta_block .nf-error-msg {\n        filter: drop-shadow(1px 1px 8px black);\n    }\n\n\/*    .cta_block nf-rows-wrap {\n        display: flex;\n        justify-content: space-around;\n        flex-direction: row;\n    }*\/\n\n    .cta_block .nf-field-label {\n        display:none;\n    }\n\n    .cta_block .nf-error.field-wrap .nf-field-element::after {\n        border-radius: 50px;\n    }\n\n    .cta_block .nf-error-msg {\n        color: #fff;\n    }\n\n    .cta_block .nf-form-cont {\n        margin-top: 3em;\n        margin-bottom: 1em;\n    }\n\n    .wp-admin .cta_block_content{\n        display: none;\n    }\n    .cta_block .nf-form-fields-required {\n        display: none;\n    }\n    body:not(.wp-admin) .cta_block_admin {\n        display: none;\n    }\n<\/style>\n<div id=\"cta_block-block_6565c0d1b51223b695c25509efe2979c\" class=\"cta_block\">\n    <div class=\"cta_block_admin\" style=\"background-color: blue; color: white\">\n        Blok CTA\n    <\/div>\n    <div class=\"cta_block\">\n        <div class=\"cta_block_content\">   \n        <h3 id=\"ha-planujecie-wesele-jesienia\">Planujecie wesele jesieni\u0105?<\/h3>\n                    <div class=\"cta_block_desc\">Ju\u017c dzi\u015b zarezerwujcie wymarzon\u0105 sal\u0119 \u2665<\/div>\n                <noscript class=\"ninja-forms-noscript-message\">\n\tUwaga: ta zawarto\u015b\u0107 wymaga obs\u0142ugi j\u0119zyka JavaScript.<\/noscript>\n<div id=\"nf-form-3-cont\" class=\"nf-form-cont\" aria-live=\"polite\" aria-labelledby=\"nf-form-title-3\" aria-describedby=\"nf-form-errors-3\" role=\"form\">\n\n    <div class=\"nf-loading-spinner\"><\/div>\n\n<\/div>\n        <!-- That data is being printed as a workaround to page builders reordering the order of the scripts loaded-->\n        <script>var formDisplay=1;var nfForms=nfForms||[];var form=[];form.id='3';form.settings={\"objectType\":\"Form Setting\",\"editActive\":true,\"title\":\"Block CTA\",\"created_at\":\"2022-11-08 16:03:33\",\"default_label_pos\":\"above\",\"show_title\":0,\"clear_complete\":\"1\",\"hide_complete\":\"1\",\"logged_in\":\"\",\"wrapper_class\":\"\",\"element_class\":\"\",\"key\":\"\",\"add_submit\":\"0\",\"changeEmailErrorMsg\":\"Wprowad\\u017a prawid\\u0142owy adres e-mail!\",\"changeDateErrorMsg\":\"Prosz\\u0119 wpisa\\u0107 prawid\\u0142ow\\u0105 dat\\u0119!\",\"confirmFieldErrorMsg\":\"Te pola musz\\u0105 si\\u0119 zgadza\\u0107!\",\"fieldNumberNumMinError\":\"B\\u0142\\u0105d \\u2014 liczba minimalna\",\"fieldNumberNumMaxError\":\"B\\u0142\\u0105d \\u2014 liczba maksymalna\",\"fieldNumberIncrementBy\":\"Zwi\\u0119ksz o \",\"formErrorsCorrectErrors\":\"Popraw b\\u0142\\u0119dy, zanim prze\\u015blesz formularz.\",\"validateRequiredField\":\"To jest wymagane pole.\",\"honeypotHoneypotError\":\"B\\u0142\\u0105d Honeypot\",\"fieldsMarkedRequired\":\"Pola oznaczone znakiem <span class=\\\"ninja-forms-req-symbol\\\">*<\\\/span> s\\u0105 wymagane\",\"currency\":\"\",\"repeatable_fieldsets\":\"\",\"unique_field_error\":\"Formularz z t\\u0105 warto\\u015bci\\u0105 zosta\\u0142 ju\\u017c przes\\u0142any.\",\"not_logged_in_msg\":\"\",\"sub_limit_msg\":\"Formularz osi\\u0105gn\\u0105\\u0142 limit wys\\u0142a\\u0144.\",\"calculations\":[],\"container_styles_show_advanced_css\":\"0\",\"title_styles_show_advanced_css\":\"0\",\"row_styles_show_advanced_css\":\"0\",\"row-odd_styles_show_advanced_css\":\"0\",\"success-msg_styles_show_advanced_css\":\"0\",\"error_msg_styles_show_advanced_css\":\"0\",\"formContentData\":[{\"order\":1,\"cells\":[{\"order\":0,\"fields\":[\"phone_1640098023980\"],\"width\":35},{\"order\":1,\"fields\":[\"adres_e-mail_1667919839452\"],\"width\":35},{\"order\":2,\"fields\":[\"zapisz_mnie_1667919853255\"],\"width\":30}]}],\"drawerDisabled\":false,\"conditions\":[],\"allow_public_link\":0,\"embed_form\":\"\",\"container_styles_border\":\"\",\"container_styles_height\":\"\",\"container_styles_margin\":\"\",\"container_styles_padding\":\"\",\"container_styles_float\":\"\",\"title_styles_border\":\"\",\"title_styles_height\":\"\",\"title_styles_width\":\"\",\"title_styles_font-size\":\"\",\"title_styles_margin\":\"\",\"title_styles_padding\":\"\",\"title_styles_float\":\"\",\"row_styles_border\":\"\",\"row_styles_width\":\"\",\"row_styles_font-size\":\"\",\"row_styles_margin\":\"\",\"row_styles_padding\":\"\",\"row-odd_styles_border\":\"\",\"row-odd_styles_height\":\"\",\"row-odd_styles_width\":\"\",\"row-odd_styles_font-size\":\"\",\"row-odd_styles_margin\":\"\",\"row-odd_styles_padding\":\"\",\"success-msg_styles_border\":\"\",\"success-msg_styles_height\":\"\",\"success-msg_styles_width\":\"\",\"success-msg_styles_font-size\":\"\",\"success-msg_styles_margin\":\"\",\"success-msg_styles_padding\":\"\",\"error_msg_styles_border\":\"\",\"error_msg_styles_width\":\"\",\"error_msg_styles_font-size\":\"\",\"error_msg_styles_margin\":\"\",\"error_msg_styles_padding\":\"\",\"form_title_heading_level\":\"3\",\"ninjaForms\":\"Ninja Forms\",\"fieldTextareaRTEInsertLink\":\"Wstaw odno\\u015bnik\",\"fieldTextareaRTEInsertMedia\":\"Wstaw media\",\"fieldTextareaRTESelectAFile\":\"Wybierz plik\",\"formHoneypot\":\"Je\\u015bli jeste\\u015b cz\\u0142owiekiem i widzisz to pole, nie wype\\u0142niaj go.\",\"fileUploadOldCodeFileUploadInProgress\":\"Przesy\\u0142anie pliku w toku.\",\"fileUploadOldCodeFileUpload\":\"PRZESY\\u0141ANIE PLIKU\",\"currencySymbol\":\"&#36;\",\"thousands_sep\":\"&nbsp;\",\"decimal_point\":\",\",\"siteLocale\":\"pl_PL\",\"dateFormat\":\"m\\\/d\\\/Y\",\"startOfWeek\":\"1\",\"of\":\"z\",\"previousMonth\":\"Poprzedni miesi\\u0105c\",\"nextMonth\":\"Nast\\u0119pny miesi\\u0105c\",\"months\":[\"Stycze\\u0144\",\"Luty\",\"Marzec\",\"Kwiecie\\u0144\",\"Maj\",\"Czerwiec\",\"Lipiec\",\"Sierpie\\u0144\",\"Wrzesie\\u0144\",\"Pa\\u017adziernik\",\"Listopad\",\"Grudzie\\u0144\"],\"monthsShort\":[\"Sty\",\"Lut\",\"Mar\",\"Kw\",\"Maj\",\"Cze\",\"Lip\",\"Sie\",\"Wrz\",\"Pa\\u017a\",\"Lis\",\"Gru\"],\"weekdays\":[\"Niedziela\",\"Poniedzia\\u0142ek\",\"Wtorek\",\"\\u015aroda\",\"Czwartek\",\"Pi\\u0105tek\",\"Sobota\"],\"weekdaysShort\":[\"Niedz\",\"Pon\",\"Wt\",\"\\u015ar\",\"Czw\",\"Pt\",\"Sob\"],\"weekdaysMin\":[\"Niedz\",\"Pon\",\"Wt\",\"\\u015ar\",\"Czw\",\"Pt\",\"Sob\"],\"recaptchaConsentMissing\":\"reCaptcha validation couldn&#039;t load.\",\"recaptchaMissingCookie\":\"reCaptcha v3 validation couldn&#039;t load the cookie needed to submit the form.\",\"recaptchaConsentEvent\":\"Accept reCaptcha cookies before sending the form.\",\"currency_symbol\":\"\",\"beforeForm\":\"\",\"beforeFields\":\"\",\"afterFields\":\"\",\"afterForm\":\"\"};form.fields=[{\"objectType\":\"Field\",\"objectDomain\":\"fields\",\"editActive\":false,\"order\":1,\"idAttribute\":\"id\",\"type\":\"phone\",\"label\":\"Numer telefonu\",\"key\":\"phone_1640098023980\",\"label_pos\":\"above\",\"required\":1,\"default\":\"\",\"placeholder\":\"Numer telefonu\",\"container_class\":\"\",\"element_class\":\"\",\"input_limit\":\"\",\"input_limit_type\":\"characters\",\"input_limit_msg\":\"Liczba pozosta\\u0142ych znak\\u00f3w:\",\"manual_key\":\"\",\"admin_label\":\"\",\"help_text\":\"\",\"mask\":\"\",\"custom_mask\":\"\",\"custom_name_attribute\":\"phone\",\"personally_identifiable\":1,\"wrap_styles_border\":\"\",\"wrap_styles_width\":\"\",\"wrap_styles_margin\":\"\",\"wrap_styles_padding\":\"\",\"wrap_styles_float\":\"\",\"wrap_styles_show_advanced_css\":0,\"label_styles_border\":\"\",\"label_styles_width\":\"\",\"label_styles_font-size\":\"\",\"label_styles_margin\":\"\",\"label_styles_padding\":\"\",\"label_styles_float\":\"\",\"label_styles_show_advanced_css\":0,\"element_styles_border\":\"\",\"element_styles_width\":\"\",\"element_styles_font-size\":\"\",\"element_styles_margin\":\"\",\"element_styles_padding\":\"\",\"element_styles_float\":\"\",\"element_styles_show_advanced_css\":0,\"cellcid\":\"c3386\",\"value\":\"\",\"field_label\":\"Numer telefonu\",\"field_key\":\"phone_1640098023980\",\"drawerDisabled\":false,\"id\":8,\"beforeField\":\"\",\"afterField\":\"\",\"parentType\":\"textbox\",\"element_templates\":[\"tel\",\"textbox\",\"input\"],\"old_classname\":\"\",\"wrap_template\":\"wrap\"},{\"objectType\":\"Field\",\"objectDomain\":\"fields\",\"editActive\":false,\"order\":2,\"idAttribute\":\"id\",\"type\":\"email\",\"label\":\"Adres e-mail\",\"key\":\"adres_e-mail_1667919839452\",\"label_pos\":\"above\",\"required\":1,\"default\":\"\",\"placeholder\":\"Adres e-mail\",\"container_class\":\"\",\"element_class\":\"\",\"admin_label\":\"\",\"help_text\":\"\",\"custom_name_attribute\":\"email\",\"personally_identifiable\":1,\"wrap_styles_border\":\"\",\"wrap_styles_width\":\"\",\"wrap_styles_margin\":\"\",\"wrap_styles_padding\":\"\",\"wrap_styles_float\":\"\",\"wrap_styles_show_advanced_css\":0,\"label_styles_border\":\"\",\"label_styles_width\":\"\",\"label_styles_font-size\":\"\",\"label_styles_margin\":\"\",\"label_styles_padding\":\"\",\"label_styles_float\":\"\",\"label_styles_show_advanced_css\":0,\"element_styles_border\":\"\",\"element_styles_width\":\"\",\"element_styles_font-size\":\"\",\"element_styles_margin\":\"\",\"element_styles_padding\":\"\",\"element_styles_float\":\"\",\"element_styles_show_advanced_css\":0,\"cellcid\":\"c3389\",\"value\":\"\",\"drawerDisabled\":false,\"field_label\":\"E-mail\",\"field_key\":\"email_1640098026199\",\"id\":9,\"beforeField\":\"\",\"afterField\":\"\",\"parentType\":\"email\",\"element_templates\":[\"email\",\"input\"],\"old_classname\":\"\",\"wrap_template\":\"wrap\"},{\"objectType\":\"Field\",\"objectDomain\":\"fields\",\"editActive\":false,\"order\":3,\"idAttribute\":\"id\",\"type\":\"submit\",\"label\":\"Zapisz mnie\",\"processing_label\":\"W trakcie realizacji\",\"container_class\":\"\",\"element_class\":\"\",\"key\":\"zapisz_mnie_1667919853255\",\"wrap_styles_border\":\"\",\"wrap_styles_width\":\"\",\"wrap_styles_margin\":\"\",\"wrap_styles_padding\":\"\",\"wrap_styles_float\":\"\",\"wrap_styles_show_advanced_css\":0,\"element_styles_border\":\"\",\"element_styles_width\":\"\",\"element_styles_font-size\":\"\",\"element_styles_margin\":\"\",\"element_styles_padding\":\"\",\"element_styles_float\":\"\",\"element_styles_show_advanced_css\":0,\"submit_element_hover_styles_border\":\"\",\"submit_element_hover_styles_width\":\"\",\"submit_element_hover_styles_font-size\":\"\",\"submit_element_hover_styles_margin\":\"\",\"submit_element_hover_styles_padding\":\"\",\"submit_element_hover_styles_float\":\"\",\"submit_element_hover_styles_show_advanced_css\":0,\"cellcid\":\"c3391\",\"drawerDisabled\":false,\"field_label\":\"Zamawiam rozmow\\u0119\",\"field_key\":\"zamawiam_rozmowe_1640098067453\",\"id\":10,\"beforeField\":\"\",\"afterField\":\"\",\"value\":\"\",\"label_pos\":\"above\",\"parentType\":\"textbox\",\"element_templates\":[\"submit\",\"button\",\"input\"],\"old_classname\":\"\",\"wrap_template\":\"wrap-no-label\"}];nfForms.push(form);<\/script>\n                <script id=\"nf-tmpl-cell\" type=\"text\/template\">\n            <nf-fields><\/nf-fields>\n        <\/script>\n\n        <script id=\"nf-tmpl-row\" type=\"text\/template\">\n            <nf-cells><\/nf-cells>\n        <\/script>\n\n                <img loading=\"lazy\" decoding=\"async\" width=\"1500\" height=\"705\" src=\"https:\/\/www.koronakarkonoszy.pl\/blog\/wp-content\/uploads\/2022\/06\/Dwor-Korona-Karkonoszy.jpg\" class=\"attachment-full size-full\" alt=\"\" srcset=\"https:\/\/www.koronakarkonoszy.pl\/blog\/wp-content\/uploads\/2022\/06\/Dwor-Korona-Karkonoszy.jpg 1500w, https:\/\/www.koronakarkonoszy.pl\/blog\/wp-content\/uploads\/2022\/06\/Dwor-Korona-Karkonoszy-300x141.jpg 300w, https:\/\/www.koronakarkonoszy.pl\/blog\/wp-content\/uploads\/2022\/06\/Dwor-Korona-Karkonoszy-1024x481.jpg 1024w, https:\/\/www.koronakarkonoszy.pl\/blog\/wp-content\/uploads\/2022\/06\/Dwor-Korona-Karkonoszy-768x361.jpg 768w\" sizes=\"auto, (max-width: 1500px) 100vw, 1500px\" \/>        <\/div> \n    <\/div>\n<\/div>\n\n\n\n<h2 class=\"wp-block-heading\" id=\"ha-suknia-slubna-na-jesien\">Suknia \u015blubna na jesie\u0144<\/h2>\n\n\n\n<p>Jesienna suknia \u015blubna powinna by\u0107 wygodna i dostosowana do zmiennej pogody, ale jednocze\u015bnie elegancka i pi\u0119kna. Jak wybra\u0107 odpowiedni\u0105 sukni\u0119 \u015blubn\u0105 na jesie\u0144? Warto zdecydowa\u0107 si\u0119 sukni\u0119 z r\u0119kawem 3\/4 albo w og\u00f3le d\u0142ugim, cho\u0107 mo\u017ce to by\u0107 cienki, ozdobny r\u0119kawek, na przyk\u0142ad z koronki. Drobne, delikatne dodatki, takie jak kryszta\u0142y, per\u0142y lub hafty, dodaj\u0105 sukni \u015blubnej romantycznego charakteru. Mo\u017cna r\u00f3wnie\u017c doda\u0107 do sukni delikatn\u0105 kwiecist\u0105 koronk\u0119, kt\u00f3ra podkre\u015bli klimat sezonu. Mo\u017cna te\u017c przygotowa\u0107 dodatki, takie jak szal, bolerko lub peleryna, kt\u00f3re z pewno\u015bci\u0105 b\u0119d\u0105 pasowa\u0107 do stylu sukni, a przy okazji, w razie gorszej pogody, zapewni\u0105 ciep\u0142o. Pami\u0119taj, aby wybra\u0107 sukni\u0119, kt\u00f3ra odpowiada Ci stylem. Suknia \u015blubna powinna by\u0107 nie tylko pi\u0119kna, ale tak\u017ce wygodna, by mo\u017cna czu\u0107 si\u0119 w niej swobodnie przez ca\u0142\u0105 uroczysto\u015b\u0107. Chodzi o to, by by\u0107 ubranym, a nie przebranym, nawet podczas wesela.<\/p>\n\n\n<section id=\"leonardo-block_ba6ba115a71c5e3135b4c10183d6605c\" class=\"leonardo page-breaker leonardo-image-left\">\r\n    <div class=\"leonardo-body\">\r\n        <h2 class=\"leonardo-title\" id=\"h-jesienne-zaproszenia-slubne\">Jesienne zaproszenia \u015blubne<\/h2>        <div class=\"leonardo-content\"><p><!-- wp:heading --><\/p>\n<p>Jednym z element\u00f3w przygotowania do wesela jesieni\u0105 s\u0105 odpowiednie jesienne zaproszenia \u015blubne. Tu w sukurs przychodzi nam wyobra\u017ania, a motywy podpowiada sama natura. Wystarczy rozejrze\u0107 si\u0119 doko\u0142a i zainspirowa\u0107 na przyk\u0142ad kolorami li\u015bci, kasztanami, kwitn\u0105cymi jesieni\u0105 kwiatami lub jesiennym rozgwie\u017cd\u017conym niebem. Zreszt\u0105 na zaproszenia \u015blubne jesienne mo\u017cemy po prostu r\u00f3wnie\u017c naklei\u0107 li\u015bcie lub jesienne kwiaty.<\/p>\n<p><!-- \/wp:paragraph --><\/p>\n<\/div>\r\n                    <aside class=\"leonardo-interlink\">\r\n                <b>Polecamy<\/b>\r\n                <a href=\"https:\/\/www.koronakarkonoszy.pl\/blog\/wesele-w-listopadzie-czy-warto\/\">Wesele w listopadzie &#8211; czy warto?<\/a>\r\n            <\/aside>\r\n            <\/div>\r\n    <div class=\"leonardo-image\">\r\n        <img loading=\"lazy\" decoding=\"async\" width=\"1920\" height=\"1282\" src=\"https:\/\/www.koronakarkonoszy.pl\/blog\/wp-content\/uploads\/2023\/03\/marion-botella-rII0mAgBHpY-unsplash.jpg\" class=\"attachment-full size-full\" alt=\"\" srcset=\"https:\/\/www.koronakarkonoszy.pl\/blog\/wp-content\/uploads\/2023\/03\/marion-botella-rII0mAgBHpY-unsplash.jpg 1920w, https:\/\/www.koronakarkonoszy.pl\/blog\/wp-content\/uploads\/2023\/03\/marion-botella-rII0mAgBHpY-unsplash-300x200.jpg 300w, https:\/\/www.koronakarkonoszy.pl\/blog\/wp-content\/uploads\/2023\/03\/marion-botella-rII0mAgBHpY-unsplash-1024x684.jpg 1024w, https:\/\/www.koronakarkonoszy.pl\/blog\/wp-content\/uploads\/2023\/03\/marion-botella-rII0mAgBHpY-unsplash-768x513.jpg 768w, https:\/\/www.koronakarkonoszy.pl\/blog\/wp-content\/uploads\/2023\/03\/marion-botella-rII0mAgBHpY-unsplash-1536x1026.jpg 1536w, https:\/\/www.koronakarkonoszy.pl\/blog\/wp-content\/uploads\/2023\/03\/marion-botella-rII0mAgBHpY-unsplash-18x12.jpg 18w\" sizes=\"auto, (max-width: 1920px) 100vw, 1920px\" \/>            <\/div>\r\n<\/section>\n\n\n<h2 class=\"wp-block-heading\" id=\"ha-jesienny-bukiet-slubny\">Jesienny bukiet \u015blubny<\/h2>\n\n\n\n<p>Jesie\u0144 to \u015bwietny czas, aby stworzy\u0107 romantyczny bukiet \u015blubny z wykorzystaniem naturalnych, ciep\u0142ych kolor\u00f3w, kt\u00f3re pasuj\u0105 do tej pory roku. Chyba nie ma nic pi\u0119kniejszego ni\u017c kolory jesiennych kwiat\u00f3w, ale tak\u017ce traw i krzew\u00f3w. Wybieraj\u0105c bukiet na \u015blub jesieni\u0105, inspiracji poszukajmy w naturze. Taka prostota i elegancja na pewno wielu M\u0142odym Parom przypadnie do gustu. Elementy naturalne i \u015bwie\u017ce kwiaty wzbogac\u0105 wybran\u0105 stylizacj\u0119. Jesienne kolory pasuj\u0105 te\u017c po prostu do urody wielu os\u00f3b.<\/p>\n\n\n\n<figure class=\"wp-block-image size-full\"><img loading=\"lazy\" decoding=\"async\" width=\"800\" height=\"534\" src=\"https:\/\/www.koronakarkonoszy.pl\/blog\/wp-content\/uploads\/2021\/07\/wesele-jesienia.jpg\" alt=\"Wesele jesieni\u0105\" class=\"wp-image-343\" srcset=\"https:\/\/www.koronakarkonoszy.pl\/blog\/wp-content\/uploads\/2021\/07\/wesele-jesienia.jpg 800w, https:\/\/www.koronakarkonoszy.pl\/blog\/wp-content\/uploads\/2021\/07\/wesele-jesienia-300x200.jpg 300w, https:\/\/www.koronakarkonoszy.pl\/blog\/wp-content\/uploads\/2021\/07\/wesele-jesienia-768x513.jpg 768w\" sizes=\"auto, (max-width: 800px) 100vw, 800px\" \/><figcaption class=\"wp-element-caption\"><strong>Wesele jesieni\u0105, Karkonosze <\/strong><\/figcaption><\/figure>\n\n\n\n<p><a href=\"https:\/\/www.koronakarkonoszy.pl\/blog\/wesele-w-pazdzierniku-najpiekniejszy-miesiac-w-gorach\/\" target=\"_blank\" rel=\"noreferrer noopener\">Wesele w pa\u017adzierniku<\/a> czy innych jesiennych miesi\u0105cach pozwala na wykorzystanie wrzos\u00f3w, astr\u00f3w, chryzantem, go\u017adzik\u00f3w, r\u00f3\u017cy oraz dalii. Najlepiej wybra\u0107 kwiaty w ciep\u0142ych odcieniach, takich jak czerwienie, pomara\u0144cze, \u017c\u00f3\u0142cie i br\u0105zy. Z kolei r\u00f3\u017cne li\u015bcie, ro\u015bliny i ga\u0142\u0105zki stanowi\u0107 mog\u0105 pi\u0119kne t\u0142o dla kwiat\u00f3w w bukiecie. Na przyk\u0142ad mo\u017cna dorzuci\u0107 eukaliptus, jarz\u0119bin\u0119, malinow\u0105 ga\u0142\u0105zk\u0119, kasztany, brzozy czy li\u015bcie klonu, kt\u00f3re nadadz\u0105 bukietowi rustykalnego charakteru. Warto doda\u0107 do bukietu materia\u0142owe dodatki, takie jak jedwabna wst\u0105\u017cki, tiule czy koronki, kt\u00f3re nadadz\u0105 aran\u017cacji eleganckiego wygl\u0105du. Podobnie jak per\u0142y, kryszta\u0142y, koraliki lub broszki, kt\u00f3re urozmaic\u0105 kompozycj\u0119 i w dodatku przydadz\u0105 jej blasku.<\/p>\n\n\n<section id=\"leonardo-block_35f18b743295926cad1acddb1eefec7e\" class=\"leonardo page-breaker leonardo-image-left\">\r\n    <div class=\"leonardo-body\">\r\n        <h2 class=\"leonardo-title\" id=\"h-slub-jesienia\">\u015alub jesieni\u0105<\/h2>        <div class=\"leonardo-content\"><p><!-- wp:heading --><\/p>\n<p>\u015alub jesieni\u0105 to romantyczne wydarzenie. Jak je zorganizowa\u0107? Najpierw data &#8211; jesie\u0144 to popularny czas na \u015bluby, wi\u0119c warto zarezerwowa\u0107 dat\u0119 wcze\u015bniej. W urz\u0119dzie i ewentualnie ko\u015bciele. Kolejny wa\u017cny, je\u015bli nie najwa\u017cniejszy element to lokal na wesele. Wybierz lokalizacj\u0119, kt\u00f3ra b\u0119dzie pi\u0119knie komponowa\u0107 si\u0119 z jesienn\u0105 aur\u0105, tak\u0105 jak ogr\u00f3d, park lub <a href=\"https:\/\/www.koronakarkonoszy.pl\/blog\/zamek-palac-czy-dwor-jakie-miejsce-na-wesele-wybrac\/\" target=\"_blank\" rel=\"noopener\">zamek<\/a>. A dekoracje \u2013 jakie wybra\u0107? Jesie\u0144 to doskona\u0142a pora na naturalne dekoracje, takie jak ga\u0142\u0119zie drzew, kwiaty sezonowe &#8211; dalie, chryzantemy, r\u00f3\u017ce, lilie i go\u017adziki oraz na kasztany i dynie. Mo\u017cna wykorzysta\u0107 je do ozdoby sto\u0142\u00f3w, dekoracji \u015bcian, krzese\u0142 lub do wykonania bukietu \u015blubnego. Je\u015bli chodzi o sukni\u0119 \u015blubn\u0105, dobrym wyborem mo\u017ce by\u0107 suknia z d\u0142ugim r\u0119kawem albo bolerko w ciep\u0142ych, jesiennych barwach czy wzorzysty szal jako dodatek.<\/p>\n<p><!-- \/wp:paragraph --><\/p>\n<\/div>\r\n                    <aside class=\"leonardo-interlink\">\r\n                <b>Polecamy<\/b>\r\n                <a href=\"https:\/\/www.koronakarkonoszy.pl\/blog\/kosztorys-wesela\/\">Kosztorys wesela &#8211; zaplanuj wydatki z g\u0142ow\u0105!<\/a>\r\n            <\/aside>\r\n            <\/div>\r\n    <div class=\"leonardo-image\">\r\n        <img loading=\"lazy\" decoding=\"async\" width=\"800\" height=\"534\" src=\"https:\/\/www.koronakarkonoszy.pl\/blog\/wp-content\/uploads\/2021\/07\/wesele_lato_menu.jpg\" class=\"attachment-full size-full\" alt=\"menu na wesele latem\" srcset=\"https:\/\/www.koronakarkonoszy.pl\/blog\/wp-content\/uploads\/2021\/07\/wesele_lato_menu.jpg 800w, https:\/\/www.koronakarkonoszy.pl\/blog\/wp-content\/uploads\/2021\/07\/wesele_lato_menu-300x200.jpg 300w, https:\/\/www.koronakarkonoszy.pl\/blog\/wp-content\/uploads\/2021\/07\/wesele_lato_menu-768x513.jpg 768w\" sizes=\"auto, (max-width: 800px) 100vw, 800px\" \/>            <\/div>\r\n<\/section>\n\n\n<h2 class=\"wp-block-heading\" id=\"h-menu-na-wesele-jesieni\">Menu na wesele jesieni\u0105<\/h2>\n\n\n\n<p>Je\u015bli data naszego wesela przypada na wrzesie\u0144 lub pa\u017adziernik, jest du\u017ca szansa na to, \u017ce uraczy nas pi\u0119kna, s\u0142oneczna pogoda i temperatury w okolicach 20\u00b0C. Nawet je\u015bli trafi nam si\u0119 ch\u0142odniejszy dzie\u0144, nie przemarzniemy do szpiku ko\u015bci w drodze do ko\u015bcio\u0142a czy sali weselnej. Co radzi ekspertka weselna Joanna Hoc-Kopiej? \u201eWczesn\u0105 jesieni\u0105 dobrze jest, aby weselnicy mieli od razu dost\u0119p do ciep\u0142ej kawy, herbaty czy kompotu po przybyciu na miejsce, aby rozgrza\u0107 si\u0119 w przypadku niskiej temperatury za oknem. Warto tak\u017ce pomy\u015ble\u0107 o grzanym winie lub cydrze na dobry pocz\u0105tek \u2013 nie tylko rozgrzej\u0105, ale te\u017c wprawi\u0105 w \u015bwietny nastr\u00f3j naszych go\u015bci\u201d.<\/p>\n\n\n\n<figure class=\"wp-block-image size-full\"><img loading=\"lazy\" decoding=\"async\" width=\"1024\" height=\"683\" src=\"https:\/\/www.koronakarkonoszy.pl\/blog\/wp-content\/uploads\/2021\/07\/menu_wesele_jesienia.jpg\" alt=\"menu wesele jesieni\u0105\" class=\"wp-image-869\" srcset=\"https:\/\/www.koronakarkonoszy.pl\/blog\/wp-content\/uploads\/2021\/07\/menu_wesele_jesienia.jpg 1024w, https:\/\/www.koronakarkonoszy.pl\/blog\/wp-content\/uploads\/2021\/07\/menu_wesele_jesienia-300x200.jpg 300w, https:\/\/www.koronakarkonoszy.pl\/blog\/wp-content\/uploads\/2021\/07\/menu_wesele_jesienia-768x512.jpg 768w\" sizes=\"auto, (max-width: 1024px) 100vw, 1024px\" \/><figcaption class=\"wp-element-caption\"><strong><a href=\"https:\/\/www.koronakarkonoszy.pl\/catering\/\" target=\"_blank\" rel=\"noreferrer noopener\">Menu na wesele jesieni\u0105<\/a>, Dw\u00f3r Korona Karkonoszy <\/strong><\/figcaption><\/figure>\n\n\n\n<p>Zwykle pierwszym daniem b\u0119dzie ciep\u0142a zupa czy ros\u00f3\u0142 \u2013 nie oznacza to jednak, \u017ce wszystkie serwowane dania musz\u0105 by\u0107 gor\u0105ce! Jesieni\u0105 mo\u017cemy cieszy\u0107 si\u0119 w Polsce bogactwem warzyw, z kt\u00f3rych warto poda\u0107 na sto\u0142ach nie tylko w postaci bigosu. Przygotujemy z nich tak\u017ce r\u00f3\u017cnorodne sa\u0142atki, mo\u017cemy nadziewa\u0107 je serem czy grzybami marynowanymi, lub poda\u0107 w postaci przystawek. Jest to te\u017c okres zbioru jab\u0142ek, gruszek czy \u015bliwek, z kt\u00f3rych stworzy\u0107 mo\u017cemy pyszne <a href=\"https:\/\/www.koronakarkonoszy.pl\/blog\/desery-na-wesele\/\" target=\"_blank\" rel=\"noreferrer noopener\">desery<\/a> i ciasta.<\/p>\n\n\n\n<p>Je\u015bli chodzi o kulinaria, <a href=\"https:\/\/www.koronakarkonoszy.pl\/blog\/jak-zorganizowac-przyjecie-weselne-na-30-osob\/\" class=\"links-placer\">przyj\u0119cie weselne<\/a> jesieni\u0105 mo\u017ce by\u0107 te\u017c prawdziw\u0105 uczt\u0105 dla zmys\u0142\u00f3w,. Wiele potraw i deser\u00f3w mo\u017cna nie tylko ozdobi\u0107 za pomoc\u0105 jesiennych owoc\u00f3w i warzyw, ale te\u017c tak dobra\u0107 menu, by by\u0142y one g\u0142\u00f3wnym sk\u0142adnikiem. B\u0119dzie to przy okazji uczta dla wegan i wegetarian, kt\u00f3rych coraz wi\u0119cej jest w naszym spo\u0142ecze\u0144stwie, i coraz wi\u0119cej takich go\u015bci mamy w czasie <a href=\"https:\/\/www.koronakarkonoszy.pl\/blog\/wesele-w-polsce\/\" target=\"_blank\" rel=\"noreferrer noopener\">wesela w Polsce<\/a>. &nbsp;<\/p>\n\n\n<section id=\"leonardo-block_b1d5f984952209a9177b8eac3684f5ff\" class=\"leonardo page-breaker leonardo-image-left\">\r\n    <div class=\"leonardo-body\">\r\n        <h2 class=\"leonardo-title\" id=\"h-slubna-sesja-zdjeciowa\">\u015alubna sesja zdj\u0119ciowa<\/h2>        <div class=\"leonardo-content\"><p>Jesienne wesela s\u0105 niesamowite ze wzgl\u0119du na ciep\u0142e kolory i naturalne \u015bwiat\u0142o, kt\u00f3re wyst\u0119puj\u0105 o tej porze roku. Fotografie wykonane podczas takiego wesela s\u0105 przesycone romantyzmem. Oto kilka wskaz\u00f3wek, jak zrobi\u0107 pi\u0119kne zdj\u0119cia na jesiennym weselu:<\/p>\n<ul>\n<li>wykorzystaj naturalne \u015bwiat\u0142o. Jesienne \u015bwiat\u0142o jest mi\u0119kkie i ciep\u0142e, dzi\u0119ki czemu idealnie nadaje si\u0119 do robienia zdj\u0119\u0107. Spr\u00f3buj wykorzysta\u0107 promienie s\u0142o\u0144ca, kt\u00f3re wpadaj\u0105 mi\u0119dzy drzewami lub pobaw si\u0119 o\u015bwietleniem podczas wieczornych uj\u0119\u0107;<\/li>\n<li>u\u017cyj kolorowych li\u015bci jako t\u0142a. Jesie\u0144 to czas, gdy drzewa zmieniaj\u0105 kolory na ciep\u0142e odcienie czerwieni, pomara\u0144czy i \u017c\u00f3\u0142ci. Warto wykorzysta\u0107 p\u0142omienne li\u015bcie jako t\u0142o dla \u015blubnych zdj\u0119\u0107;<\/li>\n<li>korzystaj z kontrast\u00f3w, na przyk\u0142ad mi\u0119dzy jasnym niebem a ciemnymi drzewami. Mo\u017cna\u00a0 r\u00f3wnie\u017c eksperymentowa\u0107 z kontrastami mi\u0119dzy kolorami, na przyk\u0142ad poprzez zestawienie pomara\u0144czowych li\u015bci z b\u0142\u0119kitnym niebem;<\/li>\n<li>u\u017cyj jesiennych rekwizyt\u00f3w, takich jak skrzynie z dyniami, wrzosy czy bukiety z li\u015bci.<\/li>\n<\/ul>\n<p>Ka\u017cde zdj\u0119cie jest wyj\u0105tkowe i ma swoj\u0105 w\u0142asn\u0105 histori\u0119 do opowiedzenia. Baw si\u0119 fotografi\u0105 i nie przegap \u017cadnego pi\u0119knego momentu podczas jesiennego wesela!<\/p>\n<\/div>\r\n            <\/div>\r\n    <div class=\"leonardo-image\">\r\n        <img loading=\"lazy\" decoding=\"async\" width=\"1920\" height=\"1280\" src=\"https:\/\/www.koronakarkonoszy.pl\/blog\/wp-content\/uploads\/2022\/02\/redd-IBL1QKgXKwQ-unsplash.jpg\" class=\"attachment-full size-full\" alt=\"\" srcset=\"https:\/\/www.koronakarkonoszy.pl\/blog\/wp-content\/uploads\/2022\/02\/redd-IBL1QKgXKwQ-unsplash.jpg 1920w, https:\/\/www.koronakarkonoszy.pl\/blog\/wp-content\/uploads\/2022\/02\/redd-IBL1QKgXKwQ-unsplash-300x200.jpg 300w, https:\/\/www.koronakarkonoszy.pl\/blog\/wp-content\/uploads\/2022\/02\/redd-IBL1QKgXKwQ-unsplash-1024x683.jpg 1024w, https:\/\/www.koronakarkonoszy.pl\/blog\/wp-content\/uploads\/2022\/02\/redd-IBL1QKgXKwQ-unsplash-768x512.jpg 768w, https:\/\/www.koronakarkonoszy.pl\/blog\/wp-content\/uploads\/2022\/02\/redd-IBL1QKgXKwQ-unsplash-1536x1024.jpg 1536w\" sizes=\"auto, (max-width: 1920px) 100vw, 1920px\" \/>            <\/div>\r\n<\/section>\n\n\n<h2 class=\"wp-block-heading\" id=\"ha-wesele-jesienia-w-co-sie-ubrac\">Wesele jesieni\u0105 w co si\u0119 ubra\u0107?<\/h2>\n\n\n\n<p>Aby mie\u0107 modn\u0105 stylizacj\u0119, wybierz taki kolor sukienki, kt\u00f3ry pasuje do barw jesiennej przyrody. Jesieni\u0105 modne s\u0105 ciemniejsze, ciep\u0142e kolory, takie jak burgund, br\u0105z, purpura czy czerwie\u0144. Tak\u017ce granat czy butelkowa ziele\u0144 b\u0119d\u0105 pi\u0119knie wsp\u00f3\u0142gra\u0107 z por\u0105 roku. Jesienne \u015blubne stylizacje powinny wykorzystywa\u0107 barwy jesieni \u2013 p\u0142omienne kolory wspaniale o\u017cywi\u0105 \u015blubn\u0105 biel. Sprawdz\u0105 si\u0119 tak\u017ce sukienki w kwiaty, idealne na wesele w ka\u017cdej porze roku. A mo\u017ce w\u0142o\u017cy\u0107 elegancki kombinezon? To wygodna i modna alternatywa dla sukienki. W jesiennej wersji warto postawi\u0107 na modele z d\u0142ugimi r\u0119kawami i z cieplejszego materia\u0142u, na przyk\u0142ad z bardzo szykownego weluru.<\/p>\n\n\n\n<figure class=\"wp-block-image size-full\"><img loading=\"lazy\" decoding=\"async\" width=\"800\" height=\"534\" src=\"https:\/\/www.koronakarkonoszy.pl\/blog\/wp-content\/uploads\/2021\/07\/suknia_vintage.jpg\" alt=\"suknia \u015blubna vintage\" class=\"wp-image-789\" srcset=\"https:\/\/www.koronakarkonoszy.pl\/blog\/wp-content\/uploads\/2021\/07\/suknia_vintage.jpg 800w, https:\/\/www.koronakarkonoszy.pl\/blog\/wp-content\/uploads\/2021\/07\/suknia_vintage-300x200.jpg 300w, https:\/\/www.koronakarkonoszy.pl\/blog\/wp-content\/uploads\/2021\/07\/suknia_vintage-768x513.jpg 768w\" sizes=\"auto, (max-width: 800px) 100vw, 800px\" \/><figcaption class=\"wp-element-caption\"><strong>Suknia na wesele jesieni\u0105 <\/strong><\/figcaption><\/figure>\n\n\n\n<p>Dla m\u0119\u017cczyzn idealnym wyborem na <a href=\"https:\/\/www.koronakarkonoszy.pl\/blog\/menu-na-wesele-jesienia\/\" class=\"links-placer\">jesienne wesele<\/a> b\u0119dzie garnitur lub elegancka marynarka z dobrze dobranej tkaniny, na przyk\u0142ad we\u0142ny, po\u0142\u0105czona z dopasowanymi spodniami i twarzow\u0105 koszul\u0105. Wa\u017cne jest, aby wybra\u0107 stroje, w kt\u00f3rych czujemy si\u0119 dobrze i komfortowo, ale jednocze\u015bnie elegancko, adekwatnie do okazji.<\/p>\n\n\n<section id=\"leonardo-block_3c97e38fcbda611e2e4b3e91b68f5915\" class=\"leonardo page-breaker leonardo-image-left\">\r\n    <div class=\"leonardo-body\">\r\n        <h2 class=\"leonardo-title\" id=\"h-wesele-jesien\">Wesele jesie\u0144<\/h2>        <div class=\"leonardo-content\"><p>Pe\u0142na i p\u00f3\u017ana jesie\u0144, przypadaj\u0105ca na listopad i pocz\u0105tek grudnia, to z kolei zapowied\u017a nadchodz\u0105cej zimy. Powinni\u015bmy zadba\u0107 o sta\u0142y dost\u0119p do ciep\u0142ych napoj\u00f3w, zw\u0142aszcza je\u015bli niekt\u00f3re z atrakcji weselnych b\u0119d\u0105 odbywa\u0107 si\u0119 na zewn\u0105trz. Tak\u017ce na stole kr\u00f3lowa\u0107 b\u0119d\u0105 ciep\u0142e potrawy \u2013 tu sprawdz\u0105 si\u0119 idealnie r\u00f3\u017cnego rodzaju zupy, zapiekane warzywa czy mi\u0119sa. Mo\u017cemy przygotowa\u0107 dla naszych go\u015bci prawdziw\u0105, staropolsk\u0105 uczt\u0119. Ale nie tylko g\u0142\u00f3wne dania sprawdz\u0105 si\u0119 w tej roli \u2013 podczas wesela jesieni\u0105 wartom postawi\u0107 na grzane wino, piwo czy poncz.<\/p>\n<p>&nbsp;<\/p>\n<\/div>\r\n                    <aside class=\"leonardo-interlink\">\r\n                <b>Polecamy<\/b>\r\n                <a href=\"https:\/\/www.koronakarkonoszy.pl\/blog\/gdzie-wesele\/\">Gdzie wesele, czyli jak wybra\u0107 idealne miejsce?<\/a>\r\n            <\/aside>\r\n            <\/div>\r\n    <div class=\"leonardo-image\">\r\n        <img loading=\"lazy\" decoding=\"async\" width=\"800\" height=\"534\" src=\"https:\/\/www.koronakarkonoszy.pl\/blog\/wp-content\/uploads\/2021\/07\/menu_wesele.jpg\" class=\"attachment-full size-full\" alt=\"menu na wesele\" srcset=\"https:\/\/www.koronakarkonoszy.pl\/blog\/wp-content\/uploads\/2021\/07\/menu_wesele.jpg 800w, https:\/\/www.koronakarkonoszy.pl\/blog\/wp-content\/uploads\/2021\/07\/menu_wesele-300x200.jpg 300w, https:\/\/www.koronakarkonoszy.pl\/blog\/wp-content\/uploads\/2021\/07\/menu_wesele-768x513.jpg 768w\" sizes=\"auto, (max-width: 800px) 100vw, 800px\" \/>            <\/div>\r\n<\/section>\n\n\n<p>Przygotowuj\u0105c&nbsp;<a href=\"https:\/\/www.koronakarkonoszy.pl\/nasze-smaki\/\" target=\"_blank\" rel=\"noreferrer noopener\">menu na wesele<\/a>&nbsp;mo\u017cemy te\u017c zwi\u0119kszy\u0107 liczb\u0119 deser\u00f3w podawanych na ciep\u0142o, czy pokusi\u0107 si\u0119 o zaserwowanie go\u015bciom gor\u0105cej czekolady. Dobrze te\u017c, by w przygotowanych smakowito\u015bciach (ciastach, truflach, ciasteczkach itp.) pojawi\u0142y si\u0119 korzenne przyprawy, kt\u00f3re nie tylko \u015bwietnie komponuj\u0105 si\u0119 z sezonowymi owocami, ale tak\u017ce dodatkowo rozgrzewaj\u0105, pobudzaj\u0105c kr\u0105\u017cenie. To wa\u017cne \u2013 przed nami przecie\u017c ca\u0142a noc hucznego \u015bwi\u0119towania!<\/p>\n\n\n\n<style>\n    .cta_block{\n        margin: 1.5em 0;\n    }\n    .cta_block_content {\n        position: relative;\n        color: white;\n        padding: 1em;\n    }\n    .cta_block_content h3{\n        text-align: center;\n        font: normal normal normal 36px\/50px Yeseva One;\n    }\n    .cta_block_content .cta_block_desc{\n        text-align: center;\n        font-size: 1.1em;\n        position: relative;\n    }\n    .cta_block_content .cta_block_desc:before {\n        content: '';\n        width: 80px;\n        height: 4px;\n        background: #EEB315;\n        position: absolute;\n        left: 0;\n        right: 0;\n        margin-left: auto;\n        margin-right: auto;\n        top: -22px;\n    }\n\n    .cta_block_content picture{\n        position: absolute;\n        top: 0;\n        right: 0;\n        z-index: -1;\n        height: 100%;\n        overflow: hidden;\n        width: 100%;\n    }\n    .cta_block_content picture img{\n        object-fit: cover;\n        height: 100%;\n        width: 100%;\n    }\n    .cta_block .cta_block_content .ninja-forms-field{\n        background: #FFFFFF2F;\n        border: 1px solid #EEB315;\n        border-radius: 25px;\n        opacity: 1;\n        color: #ffffff;\n    }\n    .cta_block .cta_block_content .nf-form-content input[type=submit]{\n        background-color: #EEB315;\n        color: #292929;\n        text-align: center;\n        font: normal normal bold 14px\/20px Work Sans;\n        padding: 0 2em;\n    }\n\n    .cta_block ::placeholder{\n        color: white!important;\n        opacity: 1;\n    }\n\n    .cta_block_content::after {\n        height: 100%;\n        width: 100%;\n        content: \"\";\n        z-index: -1;\n        position: absolute;\n        top: 0;\n        background: #00000070;\n        right: 0;\n        left: 0;\n        bottom: 0;\n    }\n    #ha-cta-block, .cta_block_desc, .cta_block .nf-field-label, .cta_block .nf-error-msg {\n        filter: drop-shadow(1px 1px 8px black);\n    }\n\n\/*    .cta_block nf-rows-wrap {\n        display: flex;\n        justify-content: space-around;\n        flex-direction: row;\n    }*\/\n\n    .cta_block .nf-field-label {\n        display:none;\n    }\n\n    .cta_block .nf-error.field-wrap .nf-field-element::after {\n        border-radius: 50px;\n    }\n\n    .cta_block .nf-error-msg {\n        color: #fff;\n    }\n\n    .cta_block .nf-form-cont {\n        margin-top: 3em;\n        margin-bottom: 1em;\n    }\n\n    .wp-admin .cta_block_content{\n        display: none;\n    }\n    .cta_block .nf-form-fields-required {\n        display: none;\n    }\n    body:not(.wp-admin) .cta_block_admin {\n        display: none;\n    }\n<\/style>\n<div id=\"cta_block-block_1022cbf2a38d9d0d008ffbba61b9d334\" class=\"cta_block\">\n    <div class=\"cta_block_admin\" style=\"background-color: blue; color: white\">\n        Blok CTA\n    <\/div>\n    <div class=\"cta_block\">\n        <div class=\"cta_block_content\">   \n        <h3 id=\"ha-marzysz-o-weselu-w-gorach\">Marzysz o weselu w g\u00f3rach? <\/h3>\n                    <div class=\"cta_block_desc\">Najlepiej jesieni\u0105, w Dworze Korona Karkonoszy! <\/div>\n                <noscript class=\"ninja-forms-noscript-message\">\n\tUwaga: ta zawarto\u015b\u0107 wymaga obs\u0142ugi j\u0119zyka JavaScript.<\/noscript>\n<div id=\"nf-form-3_1-cont\" class=\"nf-form-cont\" aria-live=\"polite\" aria-labelledby=\"nf-form-title-3_1\" aria-describedby=\"nf-form-errors-3_1\" role=\"form\">\n\n    <div class=\"nf-loading-spinner\"><\/div>\n\n<\/div>\n        <!-- That data is being printed as a workaround to page builders reordering the order of the scripts loaded-->\n        <script>var formDisplay=1;var nfForms=nfForms||[];var form=[];form.id='3_1';form.settings={\"objectType\":\"Form Setting\",\"editActive\":true,\"title\":\"Block CTA\",\"created_at\":\"2022-11-08 16:03:33\",\"default_label_pos\":\"above\",\"show_title\":0,\"clear_complete\":\"1\",\"hide_complete\":\"1\",\"logged_in\":\"\",\"wrapper_class\":\"\",\"element_class\":\"\",\"key\":\"\",\"add_submit\":\"0\",\"changeEmailErrorMsg\":\"Wprowad\\u017a prawid\\u0142owy adres e-mail!\",\"changeDateErrorMsg\":\"Prosz\\u0119 wpisa\\u0107 prawid\\u0142ow\\u0105 dat\\u0119!\",\"confirmFieldErrorMsg\":\"Te pola musz\\u0105 si\\u0119 zgadza\\u0107!\",\"fieldNumberNumMinError\":\"B\\u0142\\u0105d \\u2014 liczba minimalna\",\"fieldNumberNumMaxError\":\"B\\u0142\\u0105d \\u2014 liczba maksymalna\",\"fieldNumberIncrementBy\":\"Zwi\\u0119ksz o \",\"formErrorsCorrectErrors\":\"Popraw b\\u0142\\u0119dy, zanim prze\\u015blesz formularz.\",\"validateRequiredField\":\"To jest wymagane pole.\",\"honeypotHoneypotError\":\"B\\u0142\\u0105d Honeypot\",\"fieldsMarkedRequired\":\"Pola oznaczone znakiem &lt;span class=&quot;ninja-forms-req-symbol&quot;&gt;*&lt;\\\/span&gt; s\\u0105 wymagane\",\"currency\":\"\",\"repeatable_fieldsets\":\"\",\"unique_field_error\":\"Formularz z t\\u0105 warto\\u015bci\\u0105 zosta\\u0142 ju\\u017c przes\\u0142any.\",\"not_logged_in_msg\":\"\",\"sub_limit_msg\":\"Formularz osi\\u0105gn\\u0105\\u0142 limit wys\\u0142a\\u0144.\",\"calculations\":[],\"container_styles_show_advanced_css\":\"0\",\"title_styles_show_advanced_css\":\"0\",\"row_styles_show_advanced_css\":\"0\",\"row-odd_styles_show_advanced_css\":\"0\",\"success-msg_styles_show_advanced_css\":\"0\",\"error_msg_styles_show_advanced_css\":\"0\",\"formContentData\":[{\"order\":1,\"cells\":[{\"order\":0,\"fields\":[\"phone_1640098023980\"],\"width\":35},{\"order\":1,\"fields\":[\"adres_e-mail_1667919839452\"],\"width\":35},{\"order\":2,\"fields\":[\"zapisz_mnie_1667919853255\"],\"width\":30}]}],\"drawerDisabled\":false,\"conditions\":[],\"allow_public_link\":0,\"embed_form\":\"\",\"container_styles_border\":\"\",\"container_styles_height\":\"\",\"container_styles_margin\":\"\",\"container_styles_padding\":\"\",\"container_styles_float\":\"\",\"title_styles_border\":\"\",\"title_styles_height\":\"\",\"title_styles_width\":\"\",\"title_styles_font-size\":\"\",\"title_styles_margin\":\"\",\"title_styles_padding\":\"\",\"title_styles_float\":\"\",\"row_styles_border\":\"\",\"row_styles_width\":\"\",\"row_styles_font-size\":\"\",\"row_styles_margin\":\"\",\"row_styles_padding\":\"\",\"row-odd_styles_border\":\"\",\"row-odd_styles_height\":\"\",\"row-odd_styles_width\":\"\",\"row-odd_styles_font-size\":\"\",\"row-odd_styles_margin\":\"\",\"row-odd_styles_padding\":\"\",\"success-msg_styles_border\":\"\",\"success-msg_styles_height\":\"\",\"success-msg_styles_width\":\"\",\"success-msg_styles_font-size\":\"\",\"success-msg_styles_margin\":\"\",\"success-msg_styles_padding\":\"\",\"error_msg_styles_border\":\"\",\"error_msg_styles_width\":\"\",\"error_msg_styles_font-size\":\"\",\"error_msg_styles_margin\":\"\",\"error_msg_styles_padding\":\"\",\"form_title_heading_level\":\"3\",\"ninjaForms\":\"Ninja Forms\",\"fieldTextareaRTEInsertLink\":\"Wstaw odno\\u015bnik\",\"fieldTextareaRTEInsertMedia\":\"Wstaw media\",\"fieldTextareaRTESelectAFile\":\"Wybierz plik\",\"formHoneypot\":\"Je\\u015bli jeste\\u015b cz\\u0142owiekiem i widzisz to pole, nie wype\\u0142niaj go.\",\"fileUploadOldCodeFileUploadInProgress\":\"Przesy\\u0142anie pliku w toku.\",\"fileUploadOldCodeFileUpload\":\"PRZESY\\u0141ANIE PLIKU\",\"currencySymbol\":\"&#36;\",\"thousands_sep\":\"&nbsp;\",\"decimal_point\":\",\",\"siteLocale\":\"pl_PL\",\"dateFormat\":\"m\\\/d\\\/Y\",\"startOfWeek\":\"1\",\"of\":\"z\",\"previousMonth\":\"Poprzedni miesi\\u0105c\",\"nextMonth\":\"Nast\\u0119pny miesi\\u0105c\",\"months\":[\"Stycze\\u0144\",\"Luty\",\"Marzec\",\"Kwiecie\\u0144\",\"Maj\",\"Czerwiec\",\"Lipiec\",\"Sierpie\\u0144\",\"Wrzesie\\u0144\",\"Pa\\u017adziernik\",\"Listopad\",\"Grudzie\\u0144\"],\"monthsShort\":[\"Sty\",\"Lut\",\"Mar\",\"Kw\",\"Maj\",\"Cze\",\"Lip\",\"Sie\",\"Wrz\",\"Pa\\u017a\",\"Lis\",\"Gru\"],\"weekdays\":[\"Niedziela\",\"Poniedzia\\u0142ek\",\"Wtorek\",\"\\u015aroda\",\"Czwartek\",\"Pi\\u0105tek\",\"Sobota\"],\"weekdaysShort\":[\"Niedz\",\"Pon\",\"Wt\",\"\\u015ar\",\"Czw\",\"Pt\",\"Sob\"],\"weekdaysMin\":[\"Niedz\",\"Pon\",\"Wt\",\"\\u015ar\",\"Czw\",\"Pt\",\"Sob\"],\"recaptchaConsentMissing\":\"reCaptcha validation couldn&#039;t load.\",\"recaptchaMissingCookie\":\"reCaptcha v3 validation couldn&#039;t load the cookie needed to submit the form.\",\"recaptchaConsentEvent\":\"Accept reCaptcha cookies before sending the form.\",\"currency_symbol\":\"\",\"beforeForm\":\"\",\"beforeFields\":\"\",\"afterFields\":\"\",\"afterForm\":\"\"};form.fields=[{\"objectType\":\"Field\",\"objectDomain\":\"fields\",\"editActive\":false,\"order\":1,\"idAttribute\":\"id\",\"type\":\"phone\",\"label\":\"Numer telefonu\",\"key\":\"phone_1640098023980\",\"label_pos\":\"above\",\"required\":1,\"default\":\"\",\"placeholder\":\"Numer telefonu\",\"container_class\":\"\",\"element_class\":\"\",\"input_limit\":\"\",\"input_limit_type\":\"characters\",\"input_limit_msg\":\"Liczba pozosta\\u0142ych znak\\u00f3w:\",\"manual_key\":\"\",\"admin_label\":\"\",\"help_text\":\"\",\"mask\":\"\",\"custom_mask\":\"\",\"custom_name_attribute\":\"phone\",\"personally_identifiable\":1,\"wrap_styles_border\":\"\",\"wrap_styles_width\":\"\",\"wrap_styles_margin\":\"\",\"wrap_styles_padding\":\"\",\"wrap_styles_float\":\"\",\"wrap_styles_show_advanced_css\":0,\"label_styles_border\":\"\",\"label_styles_width\":\"\",\"label_styles_font-size\":\"\",\"label_styles_margin\":\"\",\"label_styles_padding\":\"\",\"label_styles_float\":\"\",\"label_styles_show_advanced_css\":0,\"element_styles_border\":\"\",\"element_styles_width\":\"\",\"element_styles_font-size\":\"\",\"element_styles_margin\":\"\",\"element_styles_padding\":\"\",\"element_styles_float\":\"\",\"element_styles_show_advanced_css\":0,\"cellcid\":\"c3386\",\"value\":\"\",\"field_label\":\"Numer telefonu\",\"field_key\":\"phone_1640098023980\",\"drawerDisabled\":false,\"id\":\"8_1\",\"beforeField\":\"\",\"afterField\":\"\",\"parentType\":\"textbox\",\"element_templates\":[\"tel\",\"textbox\",\"input\"],\"old_classname\":\"\",\"wrap_template\":\"wrap\"},{\"objectType\":\"Field\",\"objectDomain\":\"fields\",\"editActive\":false,\"order\":2,\"idAttribute\":\"id\",\"type\":\"email\",\"label\":\"Adres e-mail\",\"key\":\"adres_e-mail_1667919839452\",\"label_pos\":\"above\",\"required\":1,\"default\":\"\",\"placeholder\":\"Adres e-mail\",\"container_class\":\"\",\"element_class\":\"\",\"admin_label\":\"\",\"help_text\":\"\",\"custom_name_attribute\":\"email\",\"personally_identifiable\":1,\"wrap_styles_border\":\"\",\"wrap_styles_width\":\"\",\"wrap_styles_margin\":\"\",\"wrap_styles_padding\":\"\",\"wrap_styles_float\":\"\",\"wrap_styles_show_advanced_css\":0,\"label_styles_border\":\"\",\"label_styles_width\":\"\",\"label_styles_font-size\":\"\",\"label_styles_margin\":\"\",\"label_styles_padding\":\"\",\"label_styles_float\":\"\",\"label_styles_show_advanced_css\":0,\"element_styles_border\":\"\",\"element_styles_width\":\"\",\"element_styles_font-size\":\"\",\"element_styles_margin\":\"\",\"element_styles_padding\":\"\",\"element_styles_float\":\"\",\"element_styles_show_advanced_css\":0,\"cellcid\":\"c3389\",\"value\":\"\",\"drawerDisabled\":false,\"field_label\":\"E-mail\",\"field_key\":\"email_1640098026199\",\"id\":\"9_1\",\"beforeField\":\"\",\"afterField\":\"\",\"parentType\":\"email\",\"element_templates\":[\"email\",\"input\"],\"old_classname\":\"\",\"wrap_template\":\"wrap\"},{\"objectType\":\"Field\",\"objectDomain\":\"fields\",\"editActive\":false,\"order\":3,\"idAttribute\":\"id\",\"type\":\"submit\",\"label\":\"Zapisz mnie\",\"processing_label\":\"W trakcie realizacji\",\"container_class\":\"\",\"element_class\":\"\",\"key\":\"zapisz_mnie_1667919853255\",\"wrap_styles_border\":\"\",\"wrap_styles_width\":\"\",\"wrap_styles_margin\":\"\",\"wrap_styles_padding\":\"\",\"wrap_styles_float\":\"\",\"wrap_styles_show_advanced_css\":0,\"element_styles_border\":\"\",\"element_styles_width\":\"\",\"element_styles_font-size\":\"\",\"element_styles_margin\":\"\",\"element_styles_padding\":\"\",\"element_styles_float\":\"\",\"element_styles_show_advanced_css\":0,\"submit_element_hover_styles_border\":\"\",\"submit_element_hover_styles_width\":\"\",\"submit_element_hover_styles_font-size\":\"\",\"submit_element_hover_styles_margin\":\"\",\"submit_element_hover_styles_padding\":\"\",\"submit_element_hover_styles_float\":\"\",\"submit_element_hover_styles_show_advanced_css\":0,\"cellcid\":\"c3391\",\"drawerDisabled\":false,\"field_label\":\"Zamawiam rozmow\\u0119\",\"field_key\":\"zamawiam_rozmowe_1640098067453\",\"id\":\"10_1\",\"beforeField\":\"\",\"afterField\":\"\",\"value\":\"\",\"label_pos\":\"above\",\"parentType\":\"textbox\",\"element_templates\":[\"submit\",\"button\",\"input\"],\"old_classname\":\"\",\"wrap_template\":\"wrap-no-label\"}];nfForms.push(form);<\/script>\n                <script id=\"nf-tmpl-cell\" type=\"text\/template\">\n            <nf-fields><\/nf-fields>\n        <\/script>\n\n        <script id=\"nf-tmpl-row\" type=\"text\/template\">\n            <nf-cells><\/nf-cells>\n        <\/script>\n\n                <img loading=\"lazy\" decoding=\"async\" width=\"1500\" height=\"705\" src=\"https:\/\/www.koronakarkonoszy.pl\/blog\/wp-content\/uploads\/2022\/06\/Dwor-Korona-Karkonoszy.jpg\" class=\"attachment-full size-full\" alt=\"\" srcset=\"https:\/\/www.koronakarkonoszy.pl\/blog\/wp-content\/uploads\/2022\/06\/Dwor-Korona-Karkonoszy.jpg 1500w, https:\/\/www.koronakarkonoszy.pl\/blog\/wp-content\/uploads\/2022\/06\/Dwor-Korona-Karkonoszy-300x141.jpg 300w, https:\/\/www.koronakarkonoszy.pl\/blog\/wp-content\/uploads\/2022\/06\/Dwor-Korona-Karkonoszy-1024x481.jpg 1024w, https:\/\/www.koronakarkonoszy.pl\/blog\/wp-content\/uploads\/2022\/06\/Dwor-Korona-Karkonoszy-768x361.jpg 768w\" sizes=\"auto, (max-width: 1500px) 100vw, 1500px\" \/>        <\/div> \n    <\/div>\n<\/div>\n\n\n\n<h2 class=\"wp-block-heading\" id=\"ha-zalety-jesiennego-wesela\">Zalety jesiennego wesela<\/h2>\n\n\n\n<p>Podstawowe zalety wesela jesieni\u0105 to fakt, \u017ce \u0142atwo i tanio mo\u017cna przygotowa\u0107 jesienn\u0105 weseln\u0105 stylizacj\u0119. Poza tym du\u017ca dost\u0119pno\u015b\u0107 \u015bwie\u017cych warzyw, owoc\u00f3w i innych produkt\u00f3w sprzyjaj\u0105 organizacji wesela jesieni\u0105. Na przyk\u0142ad, je\u015bli przygotowuj\u0105c wesele jesieni\u0105 zaopatrzymy si\u0119 u znajomych rolnik\u00f3w i ogrodnik\u00f3w czy innych lokalnych producent\u00f3w \u017cywno\u015bci, to b\u0119dziemy mieli wysokiej jako\u015bci weselne potrawy. A tak\u017ce, co dla wielu os\u00f3b ma znaczenie, b\u0119dziemy te\u017c wspiera\u0107 lokalnych wytw\u00f3rc\u00f3w. Kolejn\u0105 zalet\u0105 wesela jesieni\u0105 jest bogate menu weselne oparte w\u0142a\u015bnie na \u015bwie\u017cych produktach. To z pewno\u015bci\u0105 b\u0119dzie dodatkowym atutem jesiennego przyj\u0119cia weselnego.<\/p>\n\n\n\n<figure class=\"wp-block-image size-full\"><img loading=\"lazy\" decoding=\"async\" width=\"1024\" height=\"683\" src=\"https:\/\/www.koronakarkonoszy.pl\/blog\/wp-content\/uploads\/2021\/07\/newnewjesienne-wesele.jpg\" alt=\"jesienne wesele\" class=\"wp-image-873\" srcset=\"https:\/\/www.koronakarkonoszy.pl\/blog\/wp-content\/uploads\/2021\/07\/newnewjesienne-wesele.jpg 1024w, https:\/\/www.koronakarkonoszy.pl\/blog\/wp-content\/uploads\/2021\/07\/newnewjesienne-wesele-300x200.jpg 300w, https:\/\/www.koronakarkonoszy.pl\/blog\/wp-content\/uploads\/2021\/07\/newnewjesienne-wesele-768x512.jpg 768w\" sizes=\"auto, (max-width: 1024px) 100vw, 1024px\" \/><figcaption class=\"wp-element-caption\"><strong>Wesele jesieni\u0105 <\/strong><\/figcaption><\/figure>\n\n\n\n<h2 class=\"wp-block-heading\" id=\"ha-jakie-sa-minusy-jesiennego-wesela\">Jakie s\u0105 minusy jesiennego wesela?<\/h2>\n\n\n\n<p>Je\u015bli organizujecie jesienny \u015blub, zastanawiacie si\u0119 r\u00f3wnie\u017c z pewno\u015bci\u0105, czy s\u0105 jakie\u015b kwestie, na kt\u00f3re trzeba koniecznie zwr\u00f3ci\u0107 uwag\u0119. I kt\u00f3re mog\u0105 sta\u0107 si\u0119 ewentualnie minusem jesiennego wesela. Ale chyba jedyn\u0105 wad\u0105 mo\u017ce by\u0107 to, \u017ce nie Wy jedni wpadli\u015bcie na ten pomys\u0142. A to mo\u017ce spowodowa\u0107 nieco trudniejszy dost\u0119p do <a href=\"https:\/\/www.koronakarkonoszy.pl\/blog\/lokal-na-wesele\/\" target=\"_blank\" rel=\"noreferrer noopener\">lokali na wesele<\/a> i \u015blubnych us\u0142ug. Oczywi\u015bcie tych najlepszych i rozchwytywanych. Dlatego planuj\u0105c jesienny \u015blub, warto du\u017co wcze\u015bniej zarezerwowa\u0107 <a href=\"https:\/\/www.koronakarkonoszy.pl\/blog\/dworek-na-wesele\/\" target=\"_blank\" rel=\"noreferrer noopener\">dworek na wesele<\/a> i ustali\u0107 terminy z us\u0142ugodawcami.<\/p>\n\n\n<section id=\"leonardo-block_e40ca66d5fdeb1495319cefd8247cc05\" class=\"leonardo page-breaker leonardo-image-left\">\r\n    <div class=\"leonardo-body\">\r\n        <h2 class=\"leonardo-title\" id=\"h-wesele-jesienia-na-co-zwrocic-uwage\">Wesele jesieni\u0105 &#8211; na co zwr\u00f3ci\u0107 uwag\u0119?<\/h2>        <div class=\"leonardo-content\"><p><!-- wp:heading --><\/p>\n<p>Czy jest co\u015b, na co trzeba zwr\u00f3ci\u0107 szczeg\u00f3ln\u0105 uwag\u0119 przy okazji jesiennego wesela? Chyba tylko jesienna aura. Na szcz\u0119\u015bcie dla M\u0142odych Par, decyduj\u0105cych si\u0119 na \u015blub jesieni\u0105, ta pora roku ostatnio sta\u0142a si\u0119 przyjemnym przed\u0142u\u017ceniem lata. Zwykle jest bardzo s\u0142onecznie, ale ju\u017c nie upalnie. S\u0105 te\u017c do\u015b\u0107 d\u0142ugie okresy z \u0142adn\u0105 pogod\u0105 i bez opad\u00f3w. Jednak M\u0142oda Para planuj\u0105ca wesele jesieni\u0105 powinna przygotowa\u0107 si\u0119 te\u017c na r\u00f3\u017cne warianty pogody. Czyli trzeba mie\u0107 w zanadrzu r\u00f3wnie\u017c odpowiedni parasol albo eleganck\u0105 peleryn\u0119.<\/p>\n<p><!-- \/wp:paragraph --><\/p>\n<\/div>\r\n                    <aside class=\"leonardo-interlink\">\r\n                <b>Polecamy<\/b>\r\n                <a href=\"https:\/\/www.koronakarkonoszy.pl\/blog\/slub-w-innej-parafii\/\">\u015alub w innej parafii: sprawd\u017a, jakie warunki trzeba spe\u0142ni\u0107!<\/a>\r\n            <\/aside>\r\n            <\/div>\r\n    <div class=\"leonardo-image\">\r\n        <img loading=\"lazy\" decoding=\"async\" width=\"1920\" height=\"1280\" src=\"https:\/\/www.koronakarkonoszy.pl\/blog\/wp-content\/uploads\/2023\/03\/joel-overbeck-fGPGd9PFd3w-unsplash.jpg\" class=\"attachment-full size-full\" alt=\"\" srcset=\"https:\/\/www.koronakarkonoszy.pl\/blog\/wp-content\/uploads\/2023\/03\/joel-overbeck-fGPGd9PFd3w-unsplash.jpg 1920w, https:\/\/www.koronakarkonoszy.pl\/blog\/wp-content\/uploads\/2023\/03\/joel-overbeck-fGPGd9PFd3w-unsplash-300x200.jpg 300w, https:\/\/www.koronakarkonoszy.pl\/blog\/wp-content\/uploads\/2023\/03\/joel-overbeck-fGPGd9PFd3w-unsplash-1024x683.jpg 1024w, https:\/\/www.koronakarkonoszy.pl\/blog\/wp-content\/uploads\/2023\/03\/joel-overbeck-fGPGd9PFd3w-unsplash-768x512.jpg 768w, https:\/\/www.koronakarkonoszy.pl\/blog\/wp-content\/uploads\/2023\/03\/joel-overbeck-fGPGd9PFd3w-unsplash-1536x1024.jpg 1536w, https:\/\/www.koronakarkonoszy.pl\/blog\/wp-content\/uploads\/2023\/03\/joel-overbeck-fGPGd9PFd3w-unsplash-18x12.jpg 18w\" sizes=\"auto, (max-width: 1920px) 100vw, 1920px\" \/>            <\/div>\r\n<\/section>\n\n\n<h2 class=\"wp-block-heading\" id=\"h-weselne-dekoracje-w-jesiennej-ods-onie\">Weselne dekoracje w jesiennej ods\u0142onie<\/h2>\n\n\n\n<p>Jesienne klimaty oferuj\u0105 nam ca\u0142\u0105 gam\u0119 <a href=\"https:\/\/www.koronakarkonoszy.pl\/blog\/modne-dekoracje-sali-weselnej-jak-to-osiagnac\/\" target=\"_blank\" rel=\"noreferrer noopener\">dekoracji weselnych<\/a>, kt\u00f3re mo\u017cemy wykorzysta\u0107 do przystrojenia sali. Kolorowe li\u015bcie mo\u017cemy wple\u015b\u0107 w bukiety na sto\u0142y go\u015bci oraz w bukiet Panny M\u0142odej. Zamiast czerwonego lub bia\u0142ego dywanu, po kt\u00f3rym M\u0142oda Para wchodzi do <a href=\"https:\/\/www.koronakarkonoszy.pl\/blog\/sala-weselna\/\" target=\"_blank\" rel=\"noreferrer noopener\">sali weselnej<\/a>, mo\u017cemy u\u0142o\u017cy\u0107 pi\u0119kny dywan ze spadaj\u0105cych li\u015bci. Przyniesie to spektakularny &nbsp;efekt i z pewno\u015bci\u0105 zaskoczy go\u015bci. Wesele bli\u017cej natury to doskona\u0142y pomys\u0142, szczeg\u00f3lnie dla par, kt\u00f3re \u017cyj\u0105 w duchu zero waste i pragn\u0105 nieco zaoszcz\u0119dzi\u0107 na dodatkach do wesela.<\/p>\n\n\n<section id=\"leonardo-block_18d243832ded9f2629d9b11b19a319b7\" class=\"leonardo page-breaker leonardo-image-right\">\r\n    <div class=\"leonardo-body\">\r\n        <h2 class=\"leonardo-title\" id=\"h-wesele-jesienia-dekoracje\">Wesele jesieni\u0105 &#8211; dekoracje<\/h2>        <div class=\"leonardo-content\"><p><!-- wp:heading --><\/p>\n<p>Przygotowa\u0107 dekoracje na jesienne wesele wbrew pozorom jest do\u015b\u0107 \u0142atwo. Wystarczy kreatywnie wykorzysta\u0107 to, co daje nam natura. Na przyk\u0142ad wiele traw i innych ro\u015blin o tej porze roku pi\u0119knie si\u0119 przebarwia. Do tego mo\u017cna u\u017cy\u0107 ciekawych tkanin w barwach jesieni. Tak\u017ce na dekoracje sto\u0142u weselnego na \u015blub jesieni\u0105 mo\u017cna wykorzysta\u0107 to, co jest charakterystyczne dla tego okresu i dodatkowo jeszcze \u0142atwo dost\u0119pne. Oczywi\u015bcie wszystko zale\u017cy od tego, w jakim stylu wesele sobie wymarzymy.<\/p>\n<p><!-- \/wp:paragraph --> <!-- wp:paragraph --><\/p>\n<p><strong>Wyobra\u017amy sobie na przyk\u0142ad wesele rustykalne jesieni\u0105 albo wr\u0119cz \u015blub i <a href=\"https:\/\/www.koronakarkonoszy.pl\/blog\/wesele-w-ogrodzie\/\" target=\"_blank\" rel=\"noopener\">wesele w ogrodzie<\/a>,<\/strong> z opcj\u0105 przeniesienia zabawy do <a href=\"https:\/\/www.koronakarkonoszy.pl\/blog\/sala-weselna-w-gorach\/\" target=\"_blank\" rel=\"noopener\">sali weselnej<\/a>, gdyby zrobi\u0142o si\u0119 zbyt ch\u0142odno. Dlatego warto na takie wesele jesieni\u0105 zarezerwowa\u0107 te\u017c odpowiedni\u0105 przestrze\u0144 w domu weselnym. Takie rozwi\u0105zania pozwalaj\u0105ce na dowoln\u0105 aran\u017cacj\u0119 przyj\u0119cia weselnego proponuje na przyk\u0142ad Dw\u00f3r Korona Karkonoszy w Sosn\u00f3wce ko\u0142o Karpacza. Mo\u017cna tu zorganizowa\u0107 \u015blub i <a href=\"https:\/\/www.koronakarkonoszy.pl\/blog\/wesele-w-ogrodzie\/\" class=\"links-placer\">wesele w ogrodzie<\/a> z widokiem na g\u00f3ry. A jednocze\u015bnie mamy mo\u017cliwo\u015b\u0107 przeniesienia ca\u0142ego wesela do wn\u0119trz Dworu, w razie za\u0142amania pogody.<\/p>\n<p><!-- \/wp:paragraph --><\/p>\n<\/div>\r\n            <\/div>\r\n    <div class=\"leonardo-image\">\r\n        <img loading=\"lazy\" decoding=\"async\" width=\"800\" height=\"534\" src=\"https:\/\/www.koronakarkonoszy.pl\/blog\/wp-content\/uploads\/2021\/07\/newslub_w_ogrodzie__1_.jpg\" class=\"attachment-full size-full\" alt=\"\u015blub w plenerze\" srcset=\"https:\/\/www.koronakarkonoszy.pl\/blog\/wp-content\/uploads\/2021\/07\/newslub_w_ogrodzie__1_.jpg 800w, https:\/\/www.koronakarkonoszy.pl\/blog\/wp-content\/uploads\/2021\/07\/newslub_w_ogrodzie__1_-300x200.jpg 300w, https:\/\/www.koronakarkonoszy.pl\/blog\/wp-content\/uploads\/2021\/07\/newslub_w_ogrodzie__1_-768x513.jpg 768w\" sizes=\"auto, (max-width: 800px) 100vw, 800px\" \/>            <\/div>\r\n<\/section>\n\n\n<h2 class=\"wp-block-heading\" id=\"ha-jak-wybrac-stylizacje-weselna\">Jak wybra\u0107 stylizacj\u0119 weseln\u0105?<\/h2>\n\n\n\n<p>Organizacja jesiennego wesela daje bardzo du\u017ce mo\u017cliwo\u015bci, je\u015bli chodzi o <strong>wyb\u00f3r stylizacji weselnej<\/strong>. Ale te\u017c nie trzeba si\u0119 koniecznie ogranicza\u0107 akurat do jesiennych aran\u017cacji wesela. Mo\u017cna spokojnie \u0142\u0105czy\u0107 r\u00f3\u017cne style, na przyk\u0142ad glamour z innymi motywami.<\/p>\n\n\n\n<figure class=\"wp-block-image size-large\"><img loading=\"lazy\" decoding=\"async\" width=\"1024\" height=\"683\" src=\"https:\/\/www.koronakarkonoszy.pl\/blog\/wp-content\/uploads\/2023\/03\/mihail-tregubov-dzBOf321grg-unsplash-1024x683.jpg\" alt=\"\" class=\"wp-image-9207\" srcset=\"https:\/\/www.koronakarkonoszy.pl\/blog\/wp-content\/uploads\/2023\/03\/mihail-tregubov-dzBOf321grg-unsplash-1024x683.jpg 1024w, https:\/\/www.koronakarkonoszy.pl\/blog\/wp-content\/uploads\/2023\/03\/mihail-tregubov-dzBOf321grg-unsplash-300x200.jpg 300w, https:\/\/www.koronakarkonoszy.pl\/blog\/wp-content\/uploads\/2023\/03\/mihail-tregubov-dzBOf321grg-unsplash-768x512.jpg 768w, https:\/\/www.koronakarkonoszy.pl\/blog\/wp-content\/uploads\/2023\/03\/mihail-tregubov-dzBOf321grg-unsplash-1536x1024.jpg 1536w, https:\/\/www.koronakarkonoszy.pl\/blog\/wp-content\/uploads\/2023\/03\/mihail-tregubov-dzBOf321grg-unsplash-18x12.jpg 18w, https:\/\/www.koronakarkonoszy.pl\/blog\/wp-content\/uploads\/2023\/03\/mihail-tregubov-dzBOf321grg-unsplash.jpg 1920w\" sizes=\"auto, (max-width: 1024px) 100vw, 1024px\" \/><figcaption class=\"wp-element-caption\"><strong>Dekoracje &#8211; wesele jesieni\u0105 <\/strong><\/figcaption><\/figure>\n\n\n\n<p>Ciekawy trend weselny to organizacja przyj\u0119\u0107 weselnych wed\u0142ug okre\u015blonego scenariusza, <a href=\"https:\/\/www.koronakarkonoszy.pl\/blog\/sluby-tematyczne-z-odrobina-magii\/\" target=\"_blank\" rel=\"noreferrer noopener\">\u015blub\u00f3w tematycznych<\/a> i z motywem przewodnim. Na przyk\u0142ad wesele w stylu lat 20. z muzyk\u0105 i strojami z tej epoki. Albo wesele w stylu Hollywood lub po prostu z wykorzystaniem r\u00f3\u017cnych filmowych motyw\u00f3w. Czy te\u017c zabaw i konkurs\u00f3w o tej tematyce jako dodatkowych atrakcje na wesele. Modne stylizacje weselne mo\u017cemy te\u017c podpatrzy\u0107 na weselnych portalach albo po prostu naradzi\u0107 si\u0119 z managerem domu weselnego lub wedding plannerem. Je\u015bli zdecydujemy, \u017ce nasze jesienne wesele odb\u0119dzie si\u0119 na przyk\u0142ad w stylowym dworze weselnym, czyli obiekcie, kt\u00f3ry sam z siebie jest ciekawy i elegancki, to z pewno\u015bci\u0105 wystarcz\u0105 ju\u017c tylko drobiazgi do podkre\u015blenia naszego zamys\u0142u co do stylizacji wesela.<\/p>\n\n\n<section id=\"leonardo-block_07476f1c057ca33d6bf6b7acf53a2e7e\" class=\"leonardo page-breaker leonardo-image-right\">\r\n    <div class=\"leonardo-body\">\r\n        <h2 class=\"leonardo-title\" id=\"h-obiad-weselny-jesienia\">Obiad weselny jesieni\u0105<\/h2>        <div class=\"leonardo-content\"><p><!-- wp:heading --><\/p>\n<p>Obiad weselny to jeden z najwa\u017cniejszych element\u00f3w ka\u017cdego wesela. Jesieni\u0105, kiedy temperatura spada, warto postawi\u0107 na ciep\u0142e i syc\u0105ce dania, kt\u00f3re rozgrzej\u0105 i zadowol\u0105 podniebienia go\u015bci. Jakie potrawy sprawdz\u0105 si\u0119 na jesiennym weselu? Na pewno tak modne obecnie zupy-kremy, na przyk\u0142ad z dyni czy grzyb\u00f3w, na kt\u00f3re akurat jesieni\u0105 jest sezon. Jako wykwintne danie g\u0142\u00f3wne mo\u017cna rozwa\u017cy\u0107 g\u0119sin\u0119 z sosem borowikowym albo kark\u00f3wk\u0119 z pieczonymi warzywami, cho\u0107by kabaczkami. Je\u015bli chodzi o ciasta i desery, jesie\u0144 to sezon na \u015bliwki i jab\u0142ka. Szarlotka albo \u015bliwki na kruchym spodzie czy ciasto marchewkowe i brownie z orzechami na pewno znajd\u0105 swoich amator\u00f3w. Warto tak\u017ce pami\u0119ta\u0107 o wega\u0144skich, wegetaria\u0144skich, bezglutenowych oraz bezlaktozowych propozycjach dla os\u00f3b z takimi potrzebami \u017cywieniowymi.<\/p>\n<p><!-- \/wp:paragraph --><\/p>\n<\/div>\r\n                    <aside class=\"leonardo-interlink\">\r\n                <b>Polecamy<\/b>\r\n                <a href=\"https:\/\/www.koronakarkonoszy.pl\/blog\/koszyczek-ratunkowy-wesele\/\">Koszyczek ratunkowy = wesele pod pe\u0142n\u0105 kontrol\u0105<\/a>\r\n            <\/aside>\r\n            <\/div>\r\n    <div class=\"leonardo-image\">\r\n        <img loading=\"lazy\" decoding=\"async\" width=\"800\" height=\"534\" src=\"https:\/\/www.koronakarkonoszy.pl\/blog\/wp-content\/uploads\/2021\/07\/menu_poprawiny.jpg\" class=\"attachment-full size-full\" alt=\"poprawiny weselne\" srcset=\"https:\/\/www.koronakarkonoszy.pl\/blog\/wp-content\/uploads\/2021\/07\/menu_poprawiny.jpg 800w, https:\/\/www.koronakarkonoszy.pl\/blog\/wp-content\/uploads\/2021\/07\/menu_poprawiny-300x200.jpg 300w, https:\/\/www.koronakarkonoszy.pl\/blog\/wp-content\/uploads\/2021\/07\/menu_poprawiny-768x513.jpg 768w\" sizes=\"auto, (max-width: 800px) 100vw, 800px\" \/>            <\/div>\r\n<\/section>\n\n\n<h2 class=\"wp-block-heading\" id=\"h-wesele-jesieni-w-g-rach\">Wesele jesieni\u0105 w g\u00f3rach <\/h2>\n\n\n\n<p><a href=\"https:\/\/www.koronakarkonoszy.pl\/blog\/wesele-w-gorach-z-noclegiem-o-czym-trzeba-wiedziec\/\" target=\"_blank\" rel=\"noreferrer noopener\">Wesele w g\u00f3rach<\/a> stwarza nam mo\u017cliwo\u015bci obcowania z natur\u0105. Mo\u017cemy wi\u0119c czas przed weselem czy tu\u017c po nim po\u015bwi\u0119ci\u0107 na piesze w\u0119dr\u00f3wki, pokonywanie kolejnych szlak\u00f3w czy zwiedzanie okolicznych zabytk\u00f3w. G\u00f3ry uspokajaj\u0105, wprowadzaj\u0105 w nastr\u00f3j wyciszenia, dodaj\u0105 energii i niweluj\u0105 stres. W\u0142a\u015bnie dlatego wiele Par M\u0142odych wybiera g\u00f3ry jako lokalizacj\u0119 swojego wymarzonego wesela, pami\u0119taj\u0105c jednocze\u015bnie, \u017ce podczas takiego wyjazdu r\u00f3wnie\u017c odpoczn\u0105 u podn\u00f3\u017ca szczyt\u00f3w.<\/p>\n\n\n\n<figure class=\"wp-block-image size-large\"><a href=\"https:\/\/www.koronakarkonoszy.pl\/wesele\/\" target=\"_blank\" rel=\"noreferrer noopener\"><img loading=\"lazy\" decoding=\"async\" width=\"1024\" height=\"512\" src=\"https:\/\/www.koronakarkonoszy.pl\/blog\/wp-content\/uploads\/2022\/01\/piekne_wesela_DKK-1024x512.jpg\" alt=\"\" class=\"wp-image-4011\" srcset=\"https:\/\/www.koronakarkonoszy.pl\/blog\/wp-content\/uploads\/2022\/01\/piekne_wesela_DKK-1024x512.jpg 1024w, https:\/\/www.koronakarkonoszy.pl\/blog\/wp-content\/uploads\/2022\/01\/piekne_wesela_DKK-300x150.jpg 300w, https:\/\/www.koronakarkonoszy.pl\/blog\/wp-content\/uploads\/2022\/01\/piekne_wesela_DKK-768x384.jpg 768w, https:\/\/www.koronakarkonoszy.pl\/blog\/wp-content\/uploads\/2022\/01\/piekne_wesela_DKK.jpg 1200w\" sizes=\"auto, (max-width: 1024px) 100vw, 1024px\" \/><\/a><\/figure>\n\n\n\n<p><strong>Dw\u00f3r Korona Karkonoszy<\/strong> oferuje nie tylko wspania\u0142\u0105 lokalizacj\u0119 na wymarzone wesele, ale tak\u017ce doskonal\u0105 obs\u0142ug\u0119, dba\u0142o\u015b\u0107 o ka\u017cdy szczeg\u00f3\u0142 oraz dbanie o najwy\u017cszy komfort pobytu dla wszystkich go\u015bci. Posiadamy doskonale wyposa\u017con\u0105 baz\u0119 noclegow\u0105, w tym pi\u0119kne <a href=\"https:\/\/www.koronakarkonoszy.pl\/pokoje\/\" target=\"_blank\" rel=\"noreferrer noopener\">apartamenty<\/a>, z kt\u00f3rych nasi go\u015bcie nie chc\u0105 wyje\u017cd\u017ca\u0107. Blisko\u015b\u0107 natury i wielu g\u00f3rskich szlak\u00f3w dost\u0119pnych dla turyst\u00f3w czyni nasz Dw\u00f3r jednym z najlepiej ocenianych obiekt\u00f3w tego typu. Specjalizujemy si\u0119 w organizowaniu r\u00f3\u017cnego rodzaju uroczysto\u015bci i to w\u0142a\u015bnie wesele jesieni\u0105 jest jednym z naszych ulubionych wydarze\u0144. Mo\u017cemy w\u00f3wczas zaprezentowa\u0107 go\u015bciom nasz\u0105 lokaln\u0105 tradycj\u0119, po\u0142\u0105czon\u0105 z nieprzeci\u0119tnym urokiem otaczaj\u0105cej nas przyrody.<\/p>\n","protected":false},"excerpt":{"rendered":"<p>Przygotowuj\u0105c list\u0119 potraw na wesele powinni\u015bmy pami\u0119ta\u0107 o kilku czynnikach. W\u015br\u00f3d nich s\u0105 nie tylko gusta nasze i naszych go\u015bci, styl czy motyw przewodni wesela, ale tak\u017ce pora roku. Ka\u017cda z nich rz\u0105dzi si\u0119 swoimi prawami, kt\u00f3re powinni\u015bmy zna\u0107, aby uraczy\u0107 odpowiednio naszych go\u015bci. Jakie dania powinni\u015bmy zaplanowa\u0107 na wesele jesieni\u0105? Oto gar\u015b\u0107 inspiracji. Gdy [&hellip;]<\/p>\n","protected":false},"author":11,"featured_media":4613,"comment_status":"closed","ping_status":"closed","sticky":false,"template":"","format":"standard","meta":{"_acf_changed":false,"footnotes":""},"categories":[16,2,13],"class_list":["post-864","post","type-post","status-publish","format-standard","has-post-thumbnail","hentry","category-kiedy-wesele","category-porady","category-wesele-jesien"],"acf":[],"yoast_head":"<!-- This site is optimized with the Yoast SEO plugin v27.5 - https:\/\/yoast.com\/product\/yoast-seo-wordpress\/ -->\n<title>Menu na wesele jesieni\u0105 -smaczne i kolorowe - :: Blog weselny<\/title>\n<meta name=\"description\" content=\"Jakie dania powinni\u015bmy zaplanowa\u0107 na wesele jesieni\u0105? Jakie dania powinny si\u0119 pojawi\u0107 na weselnym stole? Oto gar\u015b\u0107 inspiracji.\" \/>\n<meta name=\"robots\" content=\"index, follow, max-snippet:-1, max-image-preview:large, max-video-preview:-1\" \/>\n<link rel=\"canonical\" href=\"https:\/\/www.koronakarkonoszy.pl\/blog\/menu-na-wesele-jesienia\/\" \/>\n<meta property=\"og:locale\" content=\"pl_PL\" \/>\n<meta property=\"og:type\" content=\"article\" \/>\n<meta property=\"og:title\" content=\"Menu na wesele jesieni\u0105 -smaczne i kolorowe - :: Blog weselny\" \/>\n<meta property=\"og:description\" content=\"Jakie dania powinni\u015bmy zaplanowa\u0107 na wesele jesieni\u0105? Jakie dania powinny si\u0119 pojawi\u0107 na weselnym stole? Oto gar\u015b\u0107 inspiracji.\" \/>\n<meta property=\"og:url\" content=\"https:\/\/www.koronakarkonoszy.pl\/blog\/menu-na-wesele-jesienia\/\" \/>\n<meta property=\"og:site_name\" content=\":: Blog weselny\" \/>\n<meta property=\"article:published_time\" content=\"2023-03-29T20:11:01+00:00\" \/>\n<meta property=\"article:modified_time\" content=\"2024-12-11T10:58:09+00:00\" \/>\n<meta property=\"og:image\" content=\"https:\/\/www.koronakarkonoszy.pl\/blog\/wp-content\/uploads\/2020\/11\/wesele-we-wrzesniu.jpg\" \/>\n\t<meta property=\"og:image:width\" content=\"1000\" \/>\n\t<meta property=\"og:image:height\" content=\"667\" \/>\n\t<meta property=\"og:image:type\" content=\"image\/jpeg\" \/>\n<meta name=\"author\" content=\"agnieszka\" \/>\n<meta name=\"twitter:card\" content=\"summary_large_image\" \/>\n<meta name=\"twitter:label1\" content=\"Napisane przez\" \/>\n\t<meta name=\"twitter:data1\" content=\"agnieszka\" \/>\n\t<meta name=\"twitter:label2\" content=\"Szacowany czas czytania\" \/>\n\t<meta name=\"twitter:data2\" content=\"13 minut\" \/>\n<script type=\"application\/ld+json\" class=\"yoast-schema-graph\">{\"@context\":\"https:\\\/\\\/schema.org\",\"@graph\":[{\"@type\":\"Article\",\"@id\":\"https:\\\/\\\/www.koronakarkonoszy.pl\\\/blog\\\/menu-na-wesele-jesienia\\\/#article\",\"isPartOf\":{\"@id\":\"https:\\\/\\\/www.koronakarkonoszy.pl\\\/blog\\\/menu-na-wesele-jesienia\\\/\"},\"author\":{\"name\":\"agnieszka\",\"@id\":\"https:\\\/\\\/www.koronakarkonoszy.pl\\\/blog\\\/#\\\/schema\\\/person\\\/ec8c88bd01ebe6cbf6a16435ce22276f\"},\"headline\":\"Menu na wesele jesieni\u0105 &#8211; smaczne i kolorowe\",\"datePublished\":\"2023-03-29T20:11:01+00:00\",\"dateModified\":\"2024-12-11T10:58:09+00:00\",\"mainEntityOfPage\":{\"@id\":\"https:\\\/\\\/www.koronakarkonoszy.pl\\\/blog\\\/menu-na-wesele-jesienia\\\/\"},\"wordCount\":2223,\"image\":{\"@id\":\"https:\\\/\\\/www.koronakarkonoszy.pl\\\/blog\\\/menu-na-wesele-jesienia\\\/#primaryimage\"},\"thumbnailUrl\":\"https:\\\/\\\/www.koronakarkonoszy.pl\\\/blog\\\/wp-content\\\/uploads\\\/2020\\\/11\\\/wesele-we-wrzesniu.jpg\",\"articleSection\":[\"Kiedy wesele\",\"Porady\",\"Wesele jesie\u0144\"],\"inLanguage\":\"pl-PL\"},{\"@type\":\"WebPage\",\"@id\":\"https:\\\/\\\/www.koronakarkonoszy.pl\\\/blog\\\/menu-na-wesele-jesienia\\\/\",\"url\":\"https:\\\/\\\/www.koronakarkonoszy.pl\\\/blog\\\/menu-na-wesele-jesienia\\\/\",\"name\":\"Menu na wesele jesieni\u0105 - smaczne i kolorowe - :: Blog weselny\",\"isPartOf\":{\"@id\":\"https:\\\/\\\/www.koronakarkonoszy.pl\\\/blog\\\/#website\"},\"primaryImageOfPage\":{\"@id\":\"https:\\\/\\\/www.koronakarkonoszy.pl\\\/blog\\\/menu-na-wesele-jesienia\\\/#primaryimage\"},\"image\":{\"@id\":\"https:\\\/\\\/www.koronakarkonoszy.pl\\\/blog\\\/menu-na-wesele-jesienia\\\/#primaryimage\"},\"thumbnailUrl\":\"https:\\\/\\\/www.koronakarkonoszy.pl\\\/blog\\\/wp-content\\\/uploads\\\/2020\\\/11\\\/wesele-we-wrzesniu.jpg\",\"datePublished\":\"2023-03-29T20:11:01+00:00\",\"dateModified\":\"2024-12-11T10:58:09+00:00\",\"author\":{\"@id\":\"https:\\\/\\\/www.koronakarkonoszy.pl\\\/blog\\\/#\\\/schema\\\/person\\\/ec8c88bd01ebe6cbf6a16435ce22276f\"},\"description\":\"Jakie dania powinni\u015bmy zaplanowa\u0107 na wesele jesieni\u0105? Jakie dania powinny si\u0119 pojawi\u0107 na weselnym stole? Oto gar\u015b\u0107 inspiracji.\",\"breadcrumb\":{\"@id\":\"https:\\\/\\\/www.koronakarkonoszy.pl\\\/blog\\\/menu-na-wesele-jesienia\\\/#breadcrumb\"},\"inLanguage\":\"pl-PL\",\"potentialAction\":[{\"@type\":\"ReadAction\",\"target\":[\"https:\\\/\\\/www.koronakarkonoszy.pl\\\/blog\\\/menu-na-wesele-jesienia\\\/\"]}]},{\"@type\":\"ImageObject\",\"inLanguage\":\"pl-PL\",\"@id\":\"https:\\\/\\\/www.koronakarkonoszy.pl\\\/blog\\\/menu-na-wesele-jesienia\\\/#primaryimage\",\"url\":\"https:\\\/\\\/www.koronakarkonoszy.pl\\\/blog\\\/wp-content\\\/uploads\\\/2020\\\/11\\\/wesele-we-wrzesniu.jpg\",\"contentUrl\":\"https:\\\/\\\/www.koronakarkonoszy.pl\\\/blog\\\/wp-content\\\/uploads\\\/2020\\\/11\\\/wesele-we-wrzesniu.jpg\",\"width\":1000,\"height\":667},{\"@type\":\"BreadcrumbList\",\"@id\":\"https:\\\/\\\/www.koronakarkonoszy.pl\\\/blog\\\/menu-na-wesele-jesienia\\\/#breadcrumb\",\"itemListElement\":[{\"@type\":\"ListItem\",\"position\":1,\"name\":\"Strona g\u0142\u00f3wna\",\"item\":\"https:\\\/\\\/www.koronakarkonoszy.pl\\\/blog\\\/\"},{\"@type\":\"ListItem\",\"position\":2,\"name\":\"Menu na wesele jesieni\u0105 &#8211;smaczne i kolorowe\"}]},{\"@type\":\"WebSite\",\"@id\":\"https:\\\/\\\/www.koronakarkonoszy.pl\\\/blog\\\/#website\",\"url\":\"https:\\\/\\\/www.koronakarkonoszy.pl\\\/blog\\\/\",\"name\":\":: Blog weselny\",\"description\":\"Blog weselny Dw\u00f3r Korona Karkonoszy\",\"potentialAction\":[{\"@type\":\"SearchAction\",\"target\":{\"@type\":\"EntryPoint\",\"urlTemplate\":\"https:\\\/\\\/www.koronakarkonoszy.pl\\\/blog\\\/?s={search_term_string}\"},\"query-input\":{\"@type\":\"PropertyValueSpecification\",\"valueRequired\":true,\"valueName\":\"search_term_string\"}}],\"inLanguage\":\"pl-PL\"},{\"@type\":\"Person\",\"@id\":\"https:\\\/\\\/www.koronakarkonoszy.pl\\\/blog\\\/#\\\/schema\\\/person\\\/ec8c88bd01ebe6cbf6a16435ce22276f\",\"name\":\"agnieszka\",\"image\":{\"@type\":\"ImageObject\",\"inLanguage\":\"pl-PL\",\"@id\":\"https:\\\/\\\/www.koronakarkonoszy.pl\\\/blog\\\/wp-content\\\/litespeed\\\/avatar\\\/53ee7b676463f74d0aea1a09de3d003b.jpg?ver=1777438794\",\"url\":\"https:\\\/\\\/www.koronakarkonoszy.pl\\\/blog\\\/wp-content\\\/litespeed\\\/avatar\\\/53ee7b676463f74d0aea1a09de3d003b.jpg?ver=1777438794\",\"contentUrl\":\"https:\\\/\\\/www.koronakarkonoszy.pl\\\/blog\\\/wp-content\\\/litespeed\\\/avatar\\\/53ee7b676463f74d0aea1a09de3d003b.jpg?ver=1777438794\",\"caption\":\"agnieszka\"},\"url\":\"https:\\\/\\\/www.koronakarkonoszy.pl\\\/blog\\\/author\\\/agnieszka\\\/\"}]}<\/script>\n<!-- \/ Yoast SEO plugin. -->","yoast_head_json":{"title":"Menu na wesele jesieni\u0105 -smaczne i kolorowe - :: Blog weselny","description":"Jakie dania powinni\u015bmy zaplanowa\u0107 na wesele jesieni\u0105? Jakie dania powinny si\u0119 pojawi\u0107 na weselnym stole? Oto gar\u015b\u0107 inspiracji.","robots":{"index":"index","follow":"follow","max-snippet":"max-snippet:-1","max-image-preview":"max-image-preview:large","max-video-preview":"max-video-preview:-1"},"canonical":"https:\/\/www.koronakarkonoszy.pl\/blog\/menu-na-wesele-jesienia\/","og_locale":"pl_PL","og_type":"article","og_title":"Menu na wesele jesieni\u0105 -smaczne i kolorowe - :: Blog weselny","og_description":"Jakie dania powinni\u015bmy zaplanowa\u0107 na wesele jesieni\u0105? Jakie dania powinny si\u0119 pojawi\u0107 na weselnym stole? Oto gar\u015b\u0107 inspiracji.","og_url":"https:\/\/www.koronakarkonoszy.pl\/blog\/menu-na-wesele-jesienia\/","og_site_name":":: Blog weselny","article_published_time":"2023-03-29T20:11:01+00:00","article_modified_time":"2024-12-11T10:58:09+00:00","og_image":[{"width":1000,"height":667,"url":"https:\/\/www.koronakarkonoszy.pl\/blog\/wp-content\/uploads\/2020\/11\/wesele-we-wrzesniu.jpg","type":"image\/jpeg"}],"author":"agnieszka","twitter_card":"summary_large_image","twitter_misc":{"Napisane przez":"agnieszka","Szacowany czas czytania":"13 minut"},"schema":{"@context":"https:\/\/schema.org","@graph":[{"@type":"Article","@id":"https:\/\/www.koronakarkonoszy.pl\/blog\/menu-na-wesele-jesienia\/#article","isPartOf":{"@id":"https:\/\/www.koronakarkonoszy.pl\/blog\/menu-na-wesele-jesienia\/"},"author":{"name":"agnieszka","@id":"https:\/\/www.koronakarkonoszy.pl\/blog\/#\/schema\/person\/ec8c88bd01ebe6cbf6a16435ce22276f"},"headline":"Menu na wesele jesieni\u0105 &#8211; smaczne i kolorowe","datePublished":"2023-03-29T20:11:01+00:00","dateModified":"2024-12-11T10:58:09+00:00","mainEntityOfPage":{"@id":"https:\/\/www.koronakarkonoszy.pl\/blog\/menu-na-wesele-jesienia\/"},"wordCount":2223,"image":{"@id":"https:\/\/www.koronakarkonoszy.pl\/blog\/menu-na-wesele-jesienia\/#primaryimage"},"thumbnailUrl":"https:\/\/www.koronakarkonoszy.pl\/blog\/wp-content\/uploads\/2020\/11\/wesele-we-wrzesniu.jpg","articleSection":["Kiedy wesele","Porady","Wesele jesie\u0144"],"inLanguage":"pl-PL"},{"@type":"WebPage","@id":"https:\/\/www.koronakarkonoszy.pl\/blog\/menu-na-wesele-jesienia\/","url":"https:\/\/www.koronakarkonoszy.pl\/blog\/menu-na-wesele-jesienia\/","name":"Menu na wesele jesieni\u0105 - smaczne i kolorowe - :: Blog weselny","isPartOf":{"@id":"https:\/\/www.koronakarkonoszy.pl\/blog\/#website"},"primaryImageOfPage":{"@id":"https:\/\/www.koronakarkonoszy.pl\/blog\/menu-na-wesele-jesienia\/#primaryimage"},"image":{"@id":"https:\/\/www.koronakarkonoszy.pl\/blog\/menu-na-wesele-jesienia\/#primaryimage"},"thumbnailUrl":"https:\/\/www.koronakarkonoszy.pl\/blog\/wp-content\/uploads\/2020\/11\/wesele-we-wrzesniu.jpg","datePublished":"2023-03-29T20:11:01+00:00","dateModified":"2024-12-11T10:58:09+00:00","author":{"@id":"https:\/\/www.koronakarkonoszy.pl\/blog\/#\/schema\/person\/ec8c88bd01ebe6cbf6a16435ce22276f"},"description":"Jakie dania powinni\u015bmy zaplanowa\u0107 na wesele jesieni\u0105? Jakie dania powinny si\u0119 pojawi\u0107 na weselnym stole? Oto gar\u015b\u0107 inspiracji.","breadcrumb":{"@id":"https:\/\/www.koronakarkonoszy.pl\/blog\/menu-na-wesele-jesienia\/#breadcrumb"},"inLanguage":"pl-PL","potentialAction":[{"@type":"ReadAction","target":["https:\/\/www.koronakarkonoszy.pl\/blog\/menu-na-wesele-jesienia\/"]}]},{"@type":"ImageObject","inLanguage":"pl-PL","@id":"https:\/\/www.koronakarkonoszy.pl\/blog\/menu-na-wesele-jesienia\/#primaryimage","url":"https:\/\/www.koronakarkonoszy.pl\/blog\/wp-content\/uploads\/2020\/11\/wesele-we-wrzesniu.jpg","contentUrl":"https:\/\/www.koronakarkonoszy.pl\/blog\/wp-content\/uploads\/2020\/11\/wesele-we-wrzesniu.jpg","width":1000,"height":667},{"@type":"BreadcrumbList","@id":"https:\/\/www.koronakarkonoszy.pl\/blog\/menu-na-wesele-jesienia\/#breadcrumb","itemListElement":[{"@type":"ListItem","position":1,"name":"Strona g\u0142\u00f3wna","item":"https:\/\/www.koronakarkonoszy.pl\/blog\/"},{"@type":"ListItem","position":2,"name":"Menu na wesele jesieni\u0105 &#8211;smaczne i kolorowe"}]},{"@type":"WebSite","@id":"https:\/\/www.koronakarkonoszy.pl\/blog\/#website","url":"https:\/\/www.koronakarkonoszy.pl\/blog\/","name":":: Blog weselny","description":"Blog weselny Dw\u00f3r Korona Karkonoszy","potentialAction":[{"@type":"SearchAction","target":{"@type":"EntryPoint","urlTemplate":"https:\/\/www.koronakarkonoszy.pl\/blog\/?s={search_term_string}"},"query-input":{"@type":"PropertyValueSpecification","valueRequired":true,"valueName":"search_term_string"}}],"inLanguage":"pl-PL"},{"@type":"Person","@id":"https:\/\/www.koronakarkonoszy.pl\/blog\/#\/schema\/person\/ec8c88bd01ebe6cbf6a16435ce22276f","name":"agnieszka","image":{"@type":"ImageObject","inLanguage":"pl-PL","@id":"https:\/\/www.koronakarkonoszy.pl\/blog\/wp-content\/litespeed\/avatar\/53ee7b676463f74d0aea1a09de3d003b.jpg?ver=1777438794","url":"https:\/\/www.koronakarkonoszy.pl\/blog\/wp-content\/litespeed\/avatar\/53ee7b676463f74d0aea1a09de3d003b.jpg?ver=1777438794","contentUrl":"https:\/\/www.koronakarkonoszy.pl\/blog\/wp-content\/litespeed\/avatar\/53ee7b676463f74d0aea1a09de3d003b.jpg?ver=1777438794","caption":"agnieszka"},"url":"https:\/\/www.koronakarkonoszy.pl\/blog\/author\/agnieszka\/"}]}},"_links":{"self":[{"href":"https:\/\/www.koronakarkonoszy.pl\/blog\/wp-json\/wp\/v2\/posts\/864","targetHints":{"allow":["GET"]}}],"collection":[{"href":"https:\/\/www.koronakarkonoszy.pl\/blog\/wp-json\/wp\/v2\/posts"}],"about":[{"href":"https:\/\/www.koronakarkonoszy.pl\/blog\/wp-json\/wp\/v2\/types\/post"}],"author":[{"embeddable":true,"href":"https:\/\/www.koronakarkonoszy.pl\/blog\/wp-json\/wp\/v2\/users\/11"}],"replies":[{"embeddable":true,"href":"https:\/\/www.koronakarkonoszy.pl\/blog\/wp-json\/wp\/v2\/comments?post=864"}],"version-history":[{"count":2,"href":"https:\/\/www.koronakarkonoszy.pl\/blog\/wp-json\/wp\/v2\/posts\/864\/revisions"}],"predecessor-version":[{"id":11649,"href":"https:\/\/www.koronakarkonoszy.pl\/blog\/wp-json\/wp\/v2\/posts\/864\/revisions\/11649"}],"wp:featuredmedia":[{"embeddable":true,"href":"https:\/\/www.koronakarkonoszy.pl\/blog\/wp-json\/wp\/v2\/media\/4613"}],"wp:attachment":[{"href":"https:\/\/www.koronakarkonoszy.pl\/blog\/wp-json\/wp\/v2\/media?parent=864"}],"wp:term":[{"taxonomy":"category","embeddable":true,"href":"https:\/\/www.koronakarkonoszy.pl\/blog\/wp-json\/wp\/v2\/categories?post=864"}],"curies":[{"name":"wp","href":"https:\/\/api.w.org\/{rel}","templated":true}]}}