{"id":802,"date":"2021-01-18T16:40:57","date_gmt":"2021-01-18T15:40:57","guid":{"rendered":"https:\/\/www.koronakarkonoszy.pl\/blog\/?p=802"},"modified":"2023-02-09T19:41:32","modified_gmt":"2023-02-09T18:41:32","slug":"wesele-w-karnawal","status":"publish","type":"post","link":"https:\/\/www.koronakarkonoszy.pl\/blog\/wesele-w-karnawal\/","title":{"rendered":"Czy wesele w karnawa\u0142 to dobry pomys\u0142?"},"content":{"rendered":"\n<p><strong>Marzysz o przyj\u0119ciu weselnym jak z bajki? Zaplanuj dat\u0119 \u015blubu i zorganizuj wesele w karnawa\u0142! To wyj\u0105tkowy okres w roku, kt\u00f3ry <strong>ludziom<\/strong><\/strong> <strong>na ca\u0142ym \u015bwiecie kojarzy si\u0119  z rado\u015bci\u0105, szalon\u0105 zabaw\u0105 i ta\u0144cem oraz fantazyjnymi, kolorowymi strojami. Jednak nie tylko ten fakt przemawia za zorganizowaniem wesela w tym czasie. Jakie jeszcze zalety ma wesele w karnawa\u0142 i dlaczego tak wiele Par wybiera w\u0142a\u015bnie ten termin?<\/strong><\/p>\n\n\n<div id=\"ariadna-block_618e26a055b72\" class=\"ariadna\">\r\n    <ul><li><a href=\"#ha-wesele-w-karnawale-biala-magia\">Wesele w karnawale &#8211; bia\u0142a magia<\/a><\/li><li><a href=\"#ha-planujecie-wesele-w-karnawal\">Planujecie wesele w karnawa\u0142?<\/a><\/li><li><a href=\"#ha-wesele-w-karnawal-czas-zabawy\">Wesele w karnawa\u0142 \u2013 czas zabawy<\/a><\/li><li><a href=\"#ha-wesele-w-karnawale-prawdziwy-bal-maskowy\">Wesele w karnawale &#8211; prawdziwy bal maskowy<\/a><\/li><li><a href=\"#ha-czy-wesele-w-karnawal-spodoba-sie-gosciom\">Czy wesele w karnawa\u0142 spodoba si\u0119 go\u015bciom?<\/a><\/li><li><a href=\"#ha-jak-wesele-w-karnawale-ma-sie-do-tradycji\">Jak wesele w karnawale ma si\u0119 do tradycji?<\/a><\/li><\/ul>\r\n<\/div>\r\n\r\n\r\n\r\n\n\n\n<h2 class=\"wp-block-heading\" id=\"ha-wesele-w-karnawale-biala-magia\">Wesele w karnawale &#8211; bia\u0142a magia<\/h2>\n\n\n\n<p>Cz\u0119sto m\u00f3wi si\u0119 o \u201emagicznym weselu\u201d lub \u201eweselu jak z bajki\u201d. Co to tak naprawd\u0119 oznacza? Nie chodzi tylko o to, aby uroczysto\u015b\u0107 by\u0142a dopi\u0119ta na ostatni guzik, a wszyscy go\u015bcie dobrze si\u0119 bawili. Potrzebne jest jeszcze co\u015b. Wyj\u0105tkowa oprawa i atmosfera, kt\u00f3ra pozwoli nam przenie\u015b\u0107 si\u0119 do \u015bwiata ba\u015bni i opowie\u015bci i sprawi, \u017ce dzie\u0144 ten b\u0119dzie naprawd\u0119 wyj\u0105tkowy. Zapewni\u0105 j\u0105 nam trzy elementy.<\/p>\n\n\n\n<p><strong>Po pierwsze zimowa aura<\/strong> \u2013 okrywaj\u0105cy wszystko bia\u0142y puch, padaj\u0105ce wok\u00f3\u0142 p\u0142atki \u015bniegu, blask pochodni, lampion\u00f3w i \u015bwiec\u2026 W takim otoczeniu \u015blub nabiera naprawd\u0119 bajkowego charakteru. Kolejn\u0105 wa\u017cn\u0105 spraw\u0105 jest <strong>miejsce naszego wesela<\/strong>. Zim\u0105 przyj\u0119cia weselne organizowane w g\u00f3rach maj\u0105 w sobie co\u015b z magii. Nic nie mo\u017ce si\u0119 r\u00f3wna\u0107 z dojazdem konnym zaprz\u0119giem do sali weselnej, gdy po drodze mijamy g\u00f3ry, lasy, doliny, zamki i pa\u0142ace.<\/p>\n\n\n<section id=\"ctaninja-block_618e276e55b75\" class=\"ctaninja\">\r\n    <div class=\"ctaninja-body\">\r\n        <h2 class=\"h1\" id=\"ha-planujecie-wesele-w-karnawal\">Planujecie wesele w karnawa\u0142?<\/h2>\r\n        <p>Ju\u017c dzi\u015b zarezerwujcie sal\u0119 w dogodnym terminie \u2665<\/p>\r\n        <div class=\"nf-container\">\r\n            <noscript class=\"ninja-forms-noscript-message\">\n\tUwaga: ta zawarto\u015b\u0107 wymaga obs\u0142ugi j\u0119zyka JavaScript.<\/noscript>\n<div id=\"nf-form-1-cont\" class=\"nf-form-cont\" aria-live=\"polite\" aria-labelledby=\"nf-form-title-1\" aria-describedby=\"nf-form-errors-1\" role=\"form\">\n\n    <div class=\"nf-loading-spinner\"><\/div>\n\n<\/div>\n        <!-- That data is being printed as a workaround to page builders reordering the order of the scripts loaded-->\n        <script>var formDisplay=1;var nfForms=nfForms||[];var form=[];form.id='1';form.settings={\"objectType\":\"Form Setting\",\"editActive\":\"\",\"title\":\"Contact Me\",\"key\":\"\",\"created_at\":\"2021-05-31 16:57:05\",\"default_label_pos\":\"above\",\"conditions\":[],\"show_title\":\"1\",\"clear_complete\":\"1\",\"hide_complete\":\"1\",\"wrapper_class\":\"\",\"element_class\":\"\",\"add_submit\":\"1\",\"logged_in\":\"\",\"not_logged_in_msg\":\"\",\"sub_limit_number\":\"\",\"sub_limit_msg\":\"\",\"calculations\":[],\"formContentData\":[{\"order\":1,\"cells\":[{\"order\":0,\"fields\":[\"email\"],\"width\":50},{\"order\":1,\"fields\":[\"wyslij_1640001513358\"],\"width\":50}]}],\"container_styles_background-color\":\"\",\"container_styles_border\":\"\",\"container_styles_border-style\":\"\",\"container_styles_border-color\":\"\",\"container_styles_color\":\"\",\"container_styles_height\":\"\",\"container_styles_width\":\"\",\"container_styles_font-size\":\"\",\"container_styles_margin\":\"\",\"container_styles_padding\":\"\",\"container_styles_display\":\"\",\"container_styles_float\":\"\",\"container_styles_show_advanced_css\":\"0\",\"container_styles_advanced\":\"\",\"title_styles_background-color\":\"\",\"title_styles_border\":\"\",\"title_styles_border-style\":\"\",\"title_styles_border-color\":\"\",\"title_styles_color\":\"\",\"title_styles_height\":\"\",\"title_styles_width\":\"\",\"title_styles_font-size\":\"\",\"title_styles_margin\":\"\",\"title_styles_padding\":\"\",\"title_styles_display\":\"\",\"title_styles_float\":\"\",\"title_styles_show_advanced_css\":\"0\",\"title_styles_advanced\":\"\",\"row_styles_background-color\":\"\",\"row_styles_border\":\"\",\"row_styles_border-style\":\"\",\"row_styles_border-color\":\"\",\"row_styles_color\":\"\",\"row_styles_height\":\"\",\"row_styles_width\":\"\",\"row_styles_font-size\":\"\",\"row_styles_margin\":\"\",\"row_styles_padding\":\"\",\"row_styles_display\":\"\",\"row_styles_show_advanced_css\":\"0\",\"row_styles_advanced\":\"\",\"row-odd_styles_background-color\":\"\",\"row-odd_styles_border\":\"\",\"row-odd_styles_border-style\":\"\",\"row-odd_styles_border-color\":\"\",\"row-odd_styles_color\":\"\",\"row-odd_styles_height\":\"\",\"row-odd_styles_width\":\"\",\"row-odd_styles_font-size\":\"\",\"row-odd_styles_margin\":\"\",\"row-odd_styles_padding\":\"\",\"row-odd_styles_display\":\"\",\"row-odd_styles_show_advanced_css\":\"0\",\"row-odd_styles_advanced\":\"\",\"success-msg_styles_background-color\":\"\",\"success-msg_styles_border\":\"\",\"success-msg_styles_border-style\":\"\",\"success-msg_styles_border-color\":\"\",\"success-msg_styles_color\":\"\",\"success-msg_styles_height\":\"\",\"success-msg_styles_width\":\"\",\"success-msg_styles_font-size\":\"\",\"success-msg_styles_margin\":\"\",\"success-msg_styles_padding\":\"\",\"success-msg_styles_display\":\"\",\"success-msg_styles_show_advanced_css\":\"0\",\"success-msg_styles_advanced\":\"\",\"error_msg_styles_background-color\":\"\",\"error_msg_styles_border\":\"\",\"error_msg_styles_border-style\":\"\",\"error_msg_styles_border-color\":\"\",\"error_msg_styles_color\":\"\",\"error_msg_styles_height\":\"\",\"error_msg_styles_width\":\"\",\"error_msg_styles_font-size\":\"\",\"error_msg_styles_margin\":\"\",\"error_msg_styles_padding\":\"\",\"error_msg_styles_display\":\"\",\"error_msg_styles_show_advanced_css\":\"0\",\"error_msg_styles_advanced\":\"\",\"allow_public_link\":0,\"embed_form\":\"\",\"currency\":\"\",\"repeatable_fieldsets\":\"\",\"unique_field_error\":\"Formularz z t\\u0105 warto\\u015bci\\u0105 zosta\\u0142 ju\\u017c przes\\u0142any.\",\"ninjaForms\":\"Ninja Forms\",\"changeEmailErrorMsg\":\"Wprowad\\u017a prawid\\u0142owy adres e-mail!\",\"changeDateErrorMsg\":\"Prosz\\u0119 wpisa\\u0107 prawid\\u0142ow\\u0105 dat\\u0119!\",\"confirmFieldErrorMsg\":\"Te pola musz\\u0105 si\\u0119 zgadza\\u0107!\",\"fieldNumberNumMinError\":\"B\\u0142\\u0105d \\u2014 liczba minimalna\",\"fieldNumberNumMaxError\":\"B\\u0142\\u0105d \\u2014 liczba maksymalna\",\"fieldNumberIncrementBy\":\"Zwi\\u0119ksz o \",\"fieldTextareaRTEInsertLink\":\"Wstaw odno\\u015bnik\",\"fieldTextareaRTEInsertMedia\":\"Wstaw media\",\"fieldTextareaRTESelectAFile\":\"Wybierz plik\",\"formErrorsCorrectErrors\":\"Popraw b\\u0142\\u0119dy, zanim prze\\u015blesz formularz.\",\"formHoneypot\":\"Je\\u015bli jeste\\u015b cz\\u0142owiekiem i widzisz to pole, nie wype\\u0142niaj go.\",\"validateRequiredField\":\"To jest wymagane pole.\",\"honeypotHoneypotError\":\"B\\u0142\\u0105d Honeypot\",\"fileUploadOldCodeFileUploadInProgress\":\"Przesy\\u0142anie pliku w toku.\",\"fileUploadOldCodeFileUpload\":\"PRZESY\\u0141ANIE PLIKU\",\"currencySymbol\":\"&#36;\",\"fieldsMarkedRequired\":\"Pola oznaczone znakiem <span class=\\\"ninja-forms-req-symbol\\\">*<\\\/span> s\\u0105 wymagane\",\"thousands_sep\":\"&nbsp;\",\"decimal_point\":\",\",\"siteLocale\":\"pl_PL\",\"dateFormat\":\"m\\\/d\\\/Y\",\"startOfWeek\":\"1\",\"of\":\"z\",\"previousMonth\":\"Poprzedni miesi\\u0105c\",\"nextMonth\":\"Nast\\u0119pny miesi\\u0105c\",\"months\":[\"Stycze\\u0144\",\"Luty\",\"Marzec\",\"Kwiecie\\u0144\",\"Maj\",\"Czerwiec\",\"Lipiec\",\"Sierpie\\u0144\",\"Wrzesie\\u0144\",\"Pa\\u017adziernik\",\"Listopad\",\"Grudzie\\u0144\"],\"monthsShort\":[\"Sty\",\"Lut\",\"Mar\",\"Kw\",\"Maj\",\"Cze\",\"Lip\",\"Sie\",\"Wrz\",\"Pa\\u017a\",\"Lis\",\"Gru\"],\"weekdays\":[\"Niedziela\",\"Poniedzia\\u0142ek\",\"Wtorek\",\"\\u015aroda\",\"Czwartek\",\"Pi\\u0105tek\",\"Sobota\"],\"weekdaysShort\":[\"Niedz\",\"Pon\",\"Wt\",\"\\u015ar\",\"Czw\",\"Pt\",\"Sob\"],\"weekdaysMin\":[\"Niedz\",\"Pon\",\"Wt\",\"\\u015ar\",\"Czw\",\"Pt\",\"Sob\"],\"recaptchaConsentMissing\":\"reCaptcha validation couldn&#039;t load.\",\"recaptchaMissingCookie\":\"reCaptcha v3 validation couldn&#039;t load the cookie needed to submit the form.\",\"recaptchaConsentEvent\":\"Accept reCaptcha cookies before sending the form.\",\"currency_symbol\":\"\",\"beforeForm\":\"\",\"beforeFields\":\"\",\"afterFields\":\"\",\"afterForm\":\"\"};form.fields=[{\"objectType\":\"Field\",\"objectDomain\":\"fields\",\"editActive\":false,\"order\":1,\"idAttribute\":\"id\",\"label\":\"Email\",\"key\":\"email\",\"type\":\"email\",\"created_at\":\"2021-05-31 16:57:06\",\"label_pos\":\"above\",\"required\":1,\"placeholder\":\"Podaj maila, skontaktujemy si\\u0119 z Tob\\u0105\",\"default\":\"\",\"wrapper_class\":\"\",\"element_class\":\"\",\"container_class\":\"\",\"admin_label\":\"\",\"help_text\":\"\",\"desc_text\":\"\",\"wrap_styles_background-color\":\"\",\"wrap_styles_border\":\"\",\"wrap_styles_border-style\":\"\",\"wrap_styles_border-color\":\"\",\"wrap_styles_color\":\"\",\"wrap_styles_height\":\"\",\"wrap_styles_width\":\"\",\"wrap_styles_font-size\":\"\",\"wrap_styles_margin\":\"\",\"wrap_styles_padding\":\"\",\"wrap_styles_display\":\"\",\"wrap_styles_float\":\"\",\"wrap_styles_show_advanced_css\":0,\"wrap_styles_advanced\":\"\",\"label_styles_background-color\":\"\",\"label_styles_border\":\"\",\"label_styles_border-style\":\"\",\"label_styles_border-color\":\"\",\"label_styles_color\":\"\",\"label_styles_height\":\"\",\"label_styles_width\":\"\",\"label_styles_font-size\":\"\",\"label_styles_margin\":\"\",\"label_styles_padding\":\"\",\"label_styles_display\":\"\",\"label_styles_float\":\"\",\"label_styles_show_advanced_css\":0,\"label_styles_advanced\":\"\",\"element_styles_background-color\":\"\",\"element_styles_border\":\"\",\"element_styles_border-style\":\"\",\"element_styles_border-color\":\"\",\"element_styles_color\":\"\",\"element_styles_height\":\"\",\"element_styles_width\":\"\",\"element_styles_font-size\":\"\",\"element_styles_margin\":\"\",\"element_styles_padding\":\"\",\"element_styles_display\":\"\",\"element_styles_float\":\"\",\"element_styles_show_advanced_css\":0,\"element_styles_advanced\":\"\",\"cellcid\":\"c3375\",\"custom_name_attribute\":\"email\",\"personally_identifiable\":1,\"value\":\"\",\"drawerDisabled\":false,\"id\":2,\"beforeField\":\"\",\"afterField\":\"\",\"parentType\":\"email\",\"element_templates\":[\"email\",\"input\"],\"old_classname\":\"\",\"wrap_template\":\"wrap\"},{\"objectType\":\"Field\",\"objectDomain\":\"fields\",\"editActive\":false,\"order\":2,\"idAttribute\":\"id\",\"label\":\"Wy\\u015blij\",\"key\":\"wyslij_1640001513358\",\"type\":\"submit\",\"created_at\":\"2021-05-31 16:57:06\",\"processing_label\":\"Wysy\\u0142anie...\",\"container_class\":\"\",\"element_class\":\"\",\"wrap_styles_background-color\":\"\",\"wrap_styles_border\":\"\",\"wrap_styles_border-style\":\"\",\"wrap_styles_border-color\":\"\",\"wrap_styles_color\":\"\",\"wrap_styles_height\":\"\",\"wrap_styles_width\":\"\",\"wrap_styles_font-size\":\"\",\"wrap_styles_margin\":\"\",\"wrap_styles_padding\":\"\",\"wrap_styles_display\":\"\",\"wrap_styles_float\":\"\",\"wrap_styles_show_advanced_css\":0,\"wrap_styles_advanced\":\"\",\"label_styles_background-color\":\"\",\"label_styles_border\":\"\",\"label_styles_border-style\":\"\",\"label_styles_border-color\":\"\",\"label_styles_color\":\"\",\"label_styles_height\":\"\",\"label_styles_width\":\"\",\"label_styles_font-size\":\"\",\"label_styles_margin\":\"\",\"label_styles_padding\":\"\",\"label_styles_display\":\"\",\"label_styles_float\":\"\",\"label_styles_show_advanced_css\":0,\"label_styles_advanced\":\"\",\"element_styles_background-color\":\"\",\"element_styles_border\":\"\",\"element_styles_border-style\":\"\",\"element_styles_border-color\":\"\",\"element_styles_color\":\"\",\"element_styles_height\":\"\",\"element_styles_width\":\"\",\"element_styles_font-size\":\"\",\"element_styles_margin\":\"\",\"element_styles_padding\":\"\",\"element_styles_display\":\"\",\"element_styles_float\":\"\",\"element_styles_show_advanced_css\":0,\"element_styles_advanced\":\"\",\"submit_element_hover_styles_background-color\":\"\",\"submit_element_hover_styles_border\":\"\",\"submit_element_hover_styles_border-style\":\"\",\"submit_element_hover_styles_border-color\":\"\",\"submit_element_hover_styles_color\":\"\",\"submit_element_hover_styles_height\":\"\",\"submit_element_hover_styles_width\":\"\",\"submit_element_hover_styles_font-size\":\"\",\"submit_element_hover_styles_margin\":\"\",\"submit_element_hover_styles_padding\":\"\",\"submit_element_hover_styles_display\":\"\",\"submit_element_hover_styles_float\":\"\",\"submit_element_hover_styles_show_advanced_css\":0,\"submit_element_hover_styles_advanced\":\"\",\"cellcid\":\"c3378\",\"drawerDisabled\":false,\"id\":4,\"beforeField\":\"\",\"afterField\":\"\",\"value\":\"\",\"label_pos\":\"above\",\"parentType\":\"textbox\",\"element_templates\":[\"submit\",\"button\",\"input\"],\"old_classname\":\"\",\"wrap_template\":\"wrap-no-label\"}];nfForms.push(form);<\/script>\n                <script id=\"nf-tmpl-cell\" type=\"text\/template\">\n            <nf-fields><\/nf-fields>\n        <\/script>\n\n        <script id=\"nf-tmpl-row\" type=\"text\/template\">\n            <nf-cells><\/nf-cells>\n        <\/script>\n\n                <\/div>\r\n    <\/div>\r\n    <div class=\"ctaninja-onm ctaninja-onm-1 rbg\"><\/div>\r\n    <div class=\"ctaninja-onm ctaninja-onm-2 rbg\"><\/div>\r\n<\/section>\n\n\n<p>Jak podkre\u015bla nasz ekspert weselny Joanna Hoc-Kopiej: &#8222;Nie mniej wa\u017cny jest sam <strong>obiekt weselny<\/strong> \u2013 tu doskona\u0142ym przyk\u0142adem jest dworska <a href=\"https:\/\/www.koronakarkonoszy.pl\/sala-balowa\/\">Sala Balowa<\/a>\u00a0w Dworze Korona Karkonoszy. To jedna z najwy\u017cszych sal w regionie (9 m), z odrestaurowanym 100-letnim drewnianym sklepieniem i i\u015bcie kr\u00f3lewskim, karmazynowym kolorem \u015bcian. Tworzy to idealny klimat dla wesela jak z bajki, a ka\u017cda Panna M\u0142oda mo\u017ce poczu\u0107 si\u0119 jak prawdziwa ksi\u0119\u017cniczka&#8221; &#8211; ko\u0144czy swoj\u0105 wypowied\u017a ekspertka.<\/p>\n\n\n\n<h2 class=\"wp-block-heading\" id=\"ha-wesele-w-karnawal-czas-zabawy\">Wesele w karnawa\u0142 \u2013 czas zabawy<\/h2>\n\n\n\n<p>Karnawa\u0142 to weso\u0142a muzyka, kolorowe stroje i zabawa na parkiecie do bia\u0142ego rana. Organizuj\u0105c wesele w okresie karnawa\u0142u mamy okazj\u0119, by popu\u015bci\u0107 wodze fantazji i przygotowa\u0107 dla naszych go\u015bci wyj\u0105tkowe atrakcje. Mo\u017ce to by\u0107 np. kulig czy ognisko z kie\u0142baskami, kt\u00f3re pozwol\u0105 na zaczerpni\u0119cie oddechu i zregenerowanie si\u0142 na reszt\u0119 wieczoru.<\/p>\n\n\n\n<p>\u015awietnym pomys\u0142em jest te\u017c fotobudka. Dzi\u0119ki niej zaproszeni go\u015bcie b\u0119d\u0105 mogli uwieczni\u0107 swoje karnawa\u0142owe stroje i fryzury \u2013 zdj\u0119cia te b\u0119d\u0105 doskona\u0142\u0105 pami\u0105tk\u0105 dla wszystkich weselnik\u00f3w. Ilo\u015b\u0107 pomys\u0142\u00f3w jest nieograniczona \u2013 wszystkie nasze wesela s\u0105 szyte na miar\u0119, dzi\u0119ki czemu mo\u017cesz zorganizowa\u0107 takie wesele, o jakim marzysz.<\/p>\n\n\n<section id=\"leonardo-block_618e26ae55b73\" class=\"leonardo page-breaker leonardo-image-left\">\r\n    <div class=\"leonardo-body\">\r\n                <div class=\"leonardo-content\"><p>Karnawa\u0142 to tak\u017ce idealna okazja do organizacji <a href=\"https:\/\/www.koronakarkonoszy.pl\/blog\/wesele-tematyczne-fantastyczne-wesela-zima-i-latem\/\">wesel tematycznych<\/a>. Trend ten z roku na rok zyskuje na popularno\u015bci i nic w tym dziwnego. Takie <a href=\"https:\/\/www.koronakarkonoszy.pl\/blog\/jak-zorganizowac-przyjecie-weselne-na-30-osob\/\" class=\"links-placer\">przyj\u0119cie weselne<\/a> pozwala nie tylko wyrazi\u0107 swoj\u0105 osobowo\u015b\u0107 i zainteresowania M\u0142odej Parze. Daje te\u017c okazj\u0119 go\u015bciom do wykazania si\u0119 fantazj\u0105 i kreatywno\u015bci\u0105 w przygotowaniu stroju i dodatk\u00f3w.<\/p>\n<p>&nbsp;<\/p>\n<\/div>\r\n                    <aside class=\"leonardo-interlink\">\r\n                <b>Polecamy<\/b>\r\n                <a href=\"https:\/\/www.koronakarkonoszy.pl\/blog\/czy-osobny-stol-dla-dzieci-na-weselu-to-dobry-pomysl\/\">Czy osobny st\u00f3\u0142 dla dzieci na weselu to dobry pomys\u0142?<\/a>\r\n            <\/aside>\r\n            <\/div>\r\n    <div class=\"leonardo-image\">\r\n        <img loading=\"lazy\" decoding=\"async\" width=\"1024\" height=\"682\" src=\"https:\/\/www.koronakarkonoszy.pl\/blog\/wp-content\/uploads\/2021\/07\/event-karnawal-impreza__13_.jpg\" class=\"attachment-full size-full\" alt=\"event karnawa\u0142 impreza\" srcset=\"https:\/\/www.koronakarkonoszy.pl\/blog\/wp-content\/uploads\/2021\/07\/event-karnawal-impreza__13_.jpg 1024w, https:\/\/www.koronakarkonoszy.pl\/blog\/wp-content\/uploads\/2021\/07\/event-karnawal-impreza__13_-300x200.jpg 300w, https:\/\/www.koronakarkonoszy.pl\/blog\/wp-content\/uploads\/2021\/07\/event-karnawal-impreza__13_-768x512.jpg 768w\" sizes=\"auto, (max-width: 1024px) 100vw, 1024px\" \/>            <\/div>\r\n<\/section>\n\n\n<p>W Dworze Korona Karkonoszy dbamy o to, by zar\u00f3wno wystr\u00f3j sali, jak i wszystkie ozdoby i potrawy by\u0142y dostosowane do tematu przewodniego wesela. W\u015br\u00f3d nich prym wiod\u0105 wesela w stylu steampunk i vintage, ale nic nie stoi na przeszkodzie by tematem przewodnim by\u0142 dw\u00f3r Kr\u00f3lowej \u015aniegu, Alicja w krainie czar\u00f3w, ulubiony gatunek muzyczny czy epoka. Wszystko zale\u017cy od tego, jak wyobra\u017casz sobie Twoje wesele jak z bajki.<\/p>\n\n\n\n<h2 class=\"wp-block-heading\" id=\"ha-wesele-w-karnawale-prawdziwy-bal-maskowy\">Wesele w karnawale &#8211; prawdziwy bal maskowy<\/h2>\n\n\n\n<p>Karnawa\u0142 to czas \u015bwietnych bali maskowych, kt\u00f3re s\u0105 doskona\u0142ym pomys\u0142em r\u00f3wnie\u017c na wesele! Wesele w karnawa\u0142 daje nam do tego \u015bwietn\u0105 okazj\u0119 oraz mn\u00f3stwo mo\u017cliwo\u015bci. Oczywi\u015bcie nie musimy z tego wydarzenia robi\u0107 przedstawienia, lecz ca\u0142\u0105 atrakcj\u0119 mo\u017cemy zorganizowa\u0107 dopiero podczas samego wesela. Go\u015bcie b\u0119d\u0105 ju\u017c w\u00f3wczas nieco bardziej wyluzowani i z pewno\u015bci\u0105 podejd\u0105 do tego pomys\u0142u z wi\u0119kszym entuzjazmem. <\/p>\n\n\n\n<p>Wesele w stylu balu maskowego wymaga tak\u017ce dobrej oprawy, je\u015bli chodzi o menu. Gdy jest to wesele tematyczne, warto zastanowi\u0107 si\u0119 nad jakim\u015b wyj\u0105tkowym menu, kt\u00f3re przyci\u0105gnie uwag\u0119 go\u015bci. Zwr\u00f3\u0107 te\u017c uwag\u0119 na candy bar \u2013 on jest zazwyczaj prawdziwym hitem na weselach w karnawale. Mo\u017cemy wraz z cukiernikiem, zorganizowa\u0107 niezliczon\u0105 ilo\u015b\u0107 pomys\u0142\u00f3w, a propos weselnych s\u0142odko\u015bci.<\/p>\n\n\n\n<h2 class=\"wp-block-heading\" id=\"ha-czy-wesele-w-karnawal-spodoba-sie-gosciom\">Czy wesele w karnawa\u0142 spodoba si\u0119 go\u015bciom?<\/h2>\n\n\n\n<p>Termin wesela to Wasza indywidualna sprawa. Oczywi\u015bcie wielu go\u015bci jest zdania, \u017ce wesele powinno odbywa\u0107 si\u0119 wy\u0142\u0105cznie w okresie letnim. Jednak im m\u0142odsze pokolenie, tym bardziej nowoczesne i zdecydowanie bardziej elastycznie podchodzi do kwestii za\u015blubin. Warto zwr\u00f3ci\u0107 tak\u017ce uwag\u0119 na aspekt finansowy \u2013 zima jest sposobem na weselne oszcz\u0119dno\u015bci. <\/p>\n\n\n<section id=\"leonardo-block_618e26e955b74\" class=\"leonardo page-breaker leonardo-image-right\">\r\n    <div class=\"leonardo-body\">\r\n                <div class=\"leonardo-content\"><p>Tym go\u015bciom, kt\u00f3rym nie spodoba si\u0119 termin w karnawale, mo\u017cna zasugerowa\u0107 kilka istotnych argument\u00f3w. Przede wszystkim jest to szansa na d\u0142ugo oczekiwany bal karnawa\u0142owy, na kt\u00f3ry nie ka\u017cdy go\u015b\u0107 mo\u017ce sobie pozwoli\u0107. Wesele to doskona\u0142a okazja na zabaw\u0119 i odrobin\u0119 karnawa\u0142owego szale\u0144stwa. Nic dziwnego, \u017ce wielu go\u015bciom ten pomys\u0142 od razu przypada do gustu i \u015bwietnie odnajduj\u0105 si\u0119 w takim pomy\u015ble. Warto wi\u0119c rozwa\u017cy\u0107 t\u0119 opcj\u0119 ze wzgl\u0119du na te wszystkie, jak\u017ce istotne czynniki.<\/p>\n<\/div>\r\n                    <aside class=\"leonardo-interlink\">\r\n                <b>Polecamy<\/b>\r\n                <a href=\"https:\/\/www.koronakarkonoszy.pl\/blog\/przyjecie-zamiast-wesela\/\">Przyj\u0119cie zamiast wesela: o czym pami\u0119ta\u0107?<\/a>\r\n            <\/aside>\r\n            <\/div>\r\n    <div class=\"leonardo-image\">\r\n        <img loading=\"lazy\" decoding=\"async\" width=\"800\" height=\"329\" src=\"https:\/\/www.koronakarkonoszy.pl\/blog\/wp-content\/uploads\/2021\/07\/event-karnawal-impreza__15_.jpg\" class=\"attachment-full size-full\" alt=\"event karnawa\u0142 impreza\" srcset=\"https:\/\/www.koronakarkonoszy.pl\/blog\/wp-content\/uploads\/2021\/07\/event-karnawal-impreza__15_.jpg 800w, https:\/\/www.koronakarkonoszy.pl\/blog\/wp-content\/uploads\/2021\/07\/event-karnawal-impreza__15_-300x123.jpg 300w, https:\/\/www.koronakarkonoszy.pl\/blog\/wp-content\/uploads\/2021\/07\/event-karnawal-impreza__15_-768x316.jpg 768w\" sizes=\"auto, (max-width: 800px) 100vw, 800px\" \/>            <\/div>\r\n<\/section>\n\n\n<h2 class=\"wp-block-heading\" id=\"ha-jak-wesele-w-karnawale-ma-sie-do-tradycji\">Jak wesele w karnawale ma si\u0119 do tradycji?<\/h2>\n\n\n\n<p>Oczywi\u015bcie, jak ju\u017c wspomnieli\u015bmy, wiele os\u00f3b jest przyzwyczajonych do wesel wiosn\u0105 i latem. Jednak tu pojawia si\u0119 problem z dost\u0119pno\u015bci\u0105 sal weselnych oraz termin\u00f3w u us\u0142ugodawc\u00f3w. Nic wi\u0119c dziwnego, \u017ce M\u0142ode Pary szukaj\u0105 alternatyw. Tradycja nie odnosi si\u0119 bezpo\u015brednio do termin\u00f3w wesela. Niezale\u017cnie od tego, czy jest to \u015blub ko\u015bcielny, cywilny czy humanistyczny, zar\u00f3wno miesi\u0105c, jak i dzie\u0144 wesela, jest indywidualn\u0105 spraw\u0105 przysz\u0142ych ma\u0142\u017conk\u00f3w.<br><\/p>\n\n\n\n<p>Warto pami\u0119ta\u0107, \u017ce do niedawna ka\u017cdy wyobra\u017ca\u0142 sobie wesele wy\u0142\u0105cznie w sobot\u0119. Teraz jednak wiele par decyduje si\u0119 na inny dzie\u0144 tygodnia, ze wzgl\u0119du na terminy i znacznie ta\u0144sze oferty. Obecnie spotka\u0107 mo\u017cemy wesela w pi\u0105tki, a nawet poniedzia\u0142ki czy \u015brody. Wszystko po to, aby jak najszybciej zosta\u0107 ma\u0142\u017ce\u0144stwem. Je\u015bli jaka\u015b para wymarzy\u0142a sobie wesele w konkretnej Sali weselnej, a dost\u0119pno\u015b\u0107 termin\u00f3w nie pozwala im na szybk\u0105 organizacj\u0119 uroczysto\u015bci, wesele w tygodniu to \u015bwietny pomys\u0142! Tradycja to w\u0142a\u015bciwie nic innego jak przyzwyczajenie do pewnych obrz\u0119d\u00f3w, w mniejszej lub wi\u0119kszej spo\u0142eczno\u015bci. Co stoi na przeszkodzie, aby nieco zmodyfikowa\u0107 panuj\u0105ce obecnie tradycje?<\/p>\n","protected":false},"excerpt":{"rendered":"<p>Marzysz o przyj\u0119ciu weselnym jak z bajki? Zaplanuj dat\u0119 \u015blubu i zorganizuj wesele w karnawa\u0142! To wyj\u0105tkowy okres w roku, kt\u00f3ry ludziom na ca\u0142ym \u015bwiecie kojarzy si\u0119 z rado\u015bci\u0105, szalon\u0105 zabaw\u0105 i ta\u0144cem oraz fantazyjnymi, kolorowymi strojami. Jednak nie tylko ten fakt przemawia za zorganizowaniem wesela w tym czasie. Jakie jeszcze zalety ma wesele w [&hellip;]<\/p>\n","protected":false},"author":11,"featured_media":803,"comment_status":"closed","ping_status":"closed","sticky":false,"template":"","format":"standard","meta":{"_acf_changed":false,"footnotes":""},"categories":[16,3,15],"class_list":["post-802","post","type-post","status-publish","format-standard","has-post-thumbnail","hentry","category-kiedy-wesele","category-trendy","category-wesela-zima"],"acf":[],"yoast_head":"<!-- This site is optimized with the Yoast SEO plugin v27.5 - https:\/\/yoast.com\/product\/yoast-seo-wordpress\/ -->\n<title>Czy wesele w karnawa\u0142 to dobry pomys\u0142? - :: Blog weselny<\/title>\n<meta name=\"description\" content=\"Marzysz o przyj\u0119ciu weselnym jak z bajki? Zaplanuj dat\u0119 \u015blubu i zorganizuj wesele w karnawa\u0142! Bal maskowy to tylko jedna z opcji - sprawd\u017a!\" \/>\n<meta name=\"robots\" content=\"index, follow, max-snippet:-1, max-image-preview:large, max-video-preview:-1\" \/>\n<link rel=\"canonical\" href=\"https:\/\/www.koronakarkonoszy.pl\/blog\/wesele-w-karnawal\/\" \/>\n<meta property=\"og:locale\" content=\"pl_PL\" \/>\n<meta property=\"og:type\" content=\"article\" \/>\n<meta property=\"og:title\" content=\"Czy wesele w karnawa\u0142 to dobry pomys\u0142? - :: Blog weselny\" \/>\n<meta property=\"og:description\" content=\"Marzysz o przyj\u0119ciu weselnym jak z bajki? Zaplanuj dat\u0119 \u015blubu i zorganizuj wesele w karnawa\u0142! Bal maskowy to tylko jedna z opcji - sprawd\u017a!\" \/>\n<meta property=\"og:url\" content=\"https:\/\/www.koronakarkonoszy.pl\/blog\/wesele-w-karnawal\/\" \/>\n<meta property=\"og:site_name\" content=\":: Blog weselny\" \/>\n<meta property=\"article:published_time\" content=\"2021-01-18T15:40:57+00:00\" \/>\n<meta property=\"article:modified_time\" content=\"2023-02-09T18:41:32+00:00\" \/>\n<meta property=\"og:image\" content=\"https:\/\/www.koronakarkonoszy.pl\/blog\/wp-content\/uploads\/2021\/07\/sala_weselna_wroclaw.jpg\" \/>\n\t<meta property=\"og:image:width\" content=\"800\" \/>\n\t<meta property=\"og:image:height\" content=\"534\" \/>\n\t<meta property=\"og:image:type\" content=\"image\/jpeg\" \/>\n<meta name=\"author\" content=\"agnieszka\" \/>\n<meta name=\"twitter:card\" content=\"summary_large_image\" \/>\n<meta name=\"twitter:label1\" content=\"Napisane przez\" \/>\n\t<meta name=\"twitter:data1\" content=\"agnieszka\" \/>\n\t<meta name=\"twitter:label2\" content=\"Szacowany czas czytania\" \/>\n\t<meta name=\"twitter:data2\" content=\"4 minuty\" \/>\n<script type=\"application\/ld+json\" class=\"yoast-schema-graph\">{\"@context\":\"https:\\\/\\\/schema.org\",\"@graph\":[{\"@type\":\"Article\",\"@id\":\"https:\\\/\\\/www.koronakarkonoszy.pl\\\/blog\\\/wesele-w-karnawal\\\/#article\",\"isPartOf\":{\"@id\":\"https:\\\/\\\/www.koronakarkonoszy.pl\\\/blog\\\/wesele-w-karnawal\\\/\"},\"author\":{\"name\":\"agnieszka\",\"@id\":\"https:\\\/\\\/www.koronakarkonoszy.pl\\\/blog\\\/#\\\/schema\\\/person\\\/ec8c88bd01ebe6cbf6a16435ce22276f\"},\"headline\":\"Czy wesele w karnawa\u0142 to dobry pomys\u0142?\",\"datePublished\":\"2021-01-18T15:40:57+00:00\",\"dateModified\":\"2023-02-09T18:41:32+00:00\",\"mainEntityOfPage\":{\"@id\":\"https:\\\/\\\/www.koronakarkonoszy.pl\\\/blog\\\/wesele-w-karnawal\\\/\"},\"wordCount\":950,\"image\":{\"@id\":\"https:\\\/\\\/www.koronakarkonoszy.pl\\\/blog\\\/wesele-w-karnawal\\\/#primaryimage\"},\"thumbnailUrl\":\"https:\\\/\\\/www.koronakarkonoszy.pl\\\/blog\\\/wp-content\\\/uploads\\\/2021\\\/07\\\/sala_weselna_wroclaw.jpg\",\"articleSection\":[\"Kiedy wesele\",\"Trendy\",\"Wesele zima\"],\"inLanguage\":\"pl-PL\"},{\"@type\":\"WebPage\",\"@id\":\"https:\\\/\\\/www.koronakarkonoszy.pl\\\/blog\\\/wesele-w-karnawal\\\/\",\"url\":\"https:\\\/\\\/www.koronakarkonoszy.pl\\\/blog\\\/wesele-w-karnawal\\\/\",\"name\":\"Czy wesele w karnawa\u0142 to dobry pomys\u0142? - :: Blog weselny\",\"isPartOf\":{\"@id\":\"https:\\\/\\\/www.koronakarkonoszy.pl\\\/blog\\\/#website\"},\"primaryImageOfPage\":{\"@id\":\"https:\\\/\\\/www.koronakarkonoszy.pl\\\/blog\\\/wesele-w-karnawal\\\/#primaryimage\"},\"image\":{\"@id\":\"https:\\\/\\\/www.koronakarkonoszy.pl\\\/blog\\\/wesele-w-karnawal\\\/#primaryimage\"},\"thumbnailUrl\":\"https:\\\/\\\/www.koronakarkonoszy.pl\\\/blog\\\/wp-content\\\/uploads\\\/2021\\\/07\\\/sala_weselna_wroclaw.jpg\",\"datePublished\":\"2021-01-18T15:40:57+00:00\",\"dateModified\":\"2023-02-09T18:41:32+00:00\",\"author\":{\"@id\":\"https:\\\/\\\/www.koronakarkonoszy.pl\\\/blog\\\/#\\\/schema\\\/person\\\/ec8c88bd01ebe6cbf6a16435ce22276f\"},\"description\":\"Marzysz o przyj\u0119ciu weselnym jak z bajki? Zaplanuj dat\u0119 \u015blubu i zorganizuj wesele w karnawa\u0142! Bal maskowy to tylko jedna z opcji - sprawd\u017a!\",\"breadcrumb\":{\"@id\":\"https:\\\/\\\/www.koronakarkonoszy.pl\\\/blog\\\/wesele-w-karnawal\\\/#breadcrumb\"},\"inLanguage\":\"pl-PL\",\"potentialAction\":[{\"@type\":\"ReadAction\",\"target\":[\"https:\\\/\\\/www.koronakarkonoszy.pl\\\/blog\\\/wesele-w-karnawal\\\/\"]}]},{\"@type\":\"ImageObject\",\"inLanguage\":\"pl-PL\",\"@id\":\"https:\\\/\\\/www.koronakarkonoszy.pl\\\/blog\\\/wesele-w-karnawal\\\/#primaryimage\",\"url\":\"https:\\\/\\\/www.koronakarkonoszy.pl\\\/blog\\\/wp-content\\\/uploads\\\/2021\\\/07\\\/sala_weselna_wroclaw.jpg\",\"contentUrl\":\"https:\\\/\\\/www.koronakarkonoszy.pl\\\/blog\\\/wp-content\\\/uploads\\\/2021\\\/07\\\/sala_weselna_wroclaw.jpg\",\"width\":800,\"height\":534,\"caption\":\"wesele w karnawale\"},{\"@type\":\"BreadcrumbList\",\"@id\":\"https:\\\/\\\/www.koronakarkonoszy.pl\\\/blog\\\/wesele-w-karnawal\\\/#breadcrumb\",\"itemListElement\":[{\"@type\":\"ListItem\",\"position\":1,\"name\":\"Strona g\u0142\u00f3wna\",\"item\":\"https:\\\/\\\/www.koronakarkonoszy.pl\\\/blog\\\/\"},{\"@type\":\"ListItem\",\"position\":2,\"name\":\"Czy wesele w karnawa\u0142 to dobry pomys\u0142?\"}]},{\"@type\":\"WebSite\",\"@id\":\"https:\\\/\\\/www.koronakarkonoszy.pl\\\/blog\\\/#website\",\"url\":\"https:\\\/\\\/www.koronakarkonoszy.pl\\\/blog\\\/\",\"name\":\":: Blog weselny\",\"description\":\"Blog weselny Dw\u00f3r Korona Karkonoszy\",\"potentialAction\":[{\"@type\":\"SearchAction\",\"target\":{\"@type\":\"EntryPoint\",\"urlTemplate\":\"https:\\\/\\\/www.koronakarkonoszy.pl\\\/blog\\\/?s={search_term_string}\"},\"query-input\":{\"@type\":\"PropertyValueSpecification\",\"valueRequired\":true,\"valueName\":\"search_term_string\"}}],\"inLanguage\":\"pl-PL\"},{\"@type\":\"Person\",\"@id\":\"https:\\\/\\\/www.koronakarkonoszy.pl\\\/blog\\\/#\\\/schema\\\/person\\\/ec8c88bd01ebe6cbf6a16435ce22276f\",\"name\":\"agnieszka\",\"image\":{\"@type\":\"ImageObject\",\"inLanguage\":\"pl-PL\",\"@id\":\"https:\\\/\\\/www.koronakarkonoszy.pl\\\/blog\\\/wp-content\\\/litespeed\\\/avatar\\\/53ee7b676463f74d0aea1a09de3d003b.jpg?ver=1777438794\",\"url\":\"https:\\\/\\\/www.koronakarkonoszy.pl\\\/blog\\\/wp-content\\\/litespeed\\\/avatar\\\/53ee7b676463f74d0aea1a09de3d003b.jpg?ver=1777438794\",\"contentUrl\":\"https:\\\/\\\/www.koronakarkonoszy.pl\\\/blog\\\/wp-content\\\/litespeed\\\/avatar\\\/53ee7b676463f74d0aea1a09de3d003b.jpg?ver=1777438794\",\"caption\":\"agnieszka\"},\"url\":\"https:\\\/\\\/www.koronakarkonoszy.pl\\\/blog\\\/author\\\/agnieszka\\\/\"}]}<\/script>\n<!-- \/ Yoast SEO plugin. -->","yoast_head_json":{"title":"Czy wesele w karnawa\u0142 to dobry pomys\u0142? - :: Blog weselny","description":"Marzysz o przyj\u0119ciu weselnym jak z bajki? Zaplanuj dat\u0119 \u015blubu i zorganizuj wesele w karnawa\u0142! Bal maskowy to tylko jedna z opcji - sprawd\u017a!","robots":{"index":"index","follow":"follow","max-snippet":"max-snippet:-1","max-image-preview":"max-image-preview:large","max-video-preview":"max-video-preview:-1"},"canonical":"https:\/\/www.koronakarkonoszy.pl\/blog\/wesele-w-karnawal\/","og_locale":"pl_PL","og_type":"article","og_title":"Czy wesele w karnawa\u0142 to dobry pomys\u0142? - :: Blog weselny","og_description":"Marzysz o przyj\u0119ciu weselnym jak z bajki? Zaplanuj dat\u0119 \u015blubu i zorganizuj wesele w karnawa\u0142! Bal maskowy to tylko jedna z opcji - sprawd\u017a!","og_url":"https:\/\/www.koronakarkonoszy.pl\/blog\/wesele-w-karnawal\/","og_site_name":":: Blog weselny","article_published_time":"2021-01-18T15:40:57+00:00","article_modified_time":"2023-02-09T18:41:32+00:00","og_image":[{"width":800,"height":534,"url":"https:\/\/www.koronakarkonoszy.pl\/blog\/wp-content\/uploads\/2021\/07\/sala_weselna_wroclaw.jpg","type":"image\/jpeg"}],"author":"agnieszka","twitter_card":"summary_large_image","twitter_misc":{"Napisane przez":"agnieszka","Szacowany czas czytania":"4 minuty"},"schema":{"@context":"https:\/\/schema.org","@graph":[{"@type":"Article","@id":"https:\/\/www.koronakarkonoszy.pl\/blog\/wesele-w-karnawal\/#article","isPartOf":{"@id":"https:\/\/www.koronakarkonoszy.pl\/blog\/wesele-w-karnawal\/"},"author":{"name":"agnieszka","@id":"https:\/\/www.koronakarkonoszy.pl\/blog\/#\/schema\/person\/ec8c88bd01ebe6cbf6a16435ce22276f"},"headline":"Czy wesele w karnawa\u0142 to dobry pomys\u0142?","datePublished":"2021-01-18T15:40:57+00:00","dateModified":"2023-02-09T18:41:32+00:00","mainEntityOfPage":{"@id":"https:\/\/www.koronakarkonoszy.pl\/blog\/wesele-w-karnawal\/"},"wordCount":950,"image":{"@id":"https:\/\/www.koronakarkonoszy.pl\/blog\/wesele-w-karnawal\/#primaryimage"},"thumbnailUrl":"https:\/\/www.koronakarkonoszy.pl\/blog\/wp-content\/uploads\/2021\/07\/sala_weselna_wroclaw.jpg","articleSection":["Kiedy wesele","Trendy","Wesele zima"],"inLanguage":"pl-PL"},{"@type":"WebPage","@id":"https:\/\/www.koronakarkonoszy.pl\/blog\/wesele-w-karnawal\/","url":"https:\/\/www.koronakarkonoszy.pl\/blog\/wesele-w-karnawal\/","name":"Czy wesele w karnawa\u0142 to dobry pomys\u0142? - :: Blog weselny","isPartOf":{"@id":"https:\/\/www.koronakarkonoszy.pl\/blog\/#website"},"primaryImageOfPage":{"@id":"https:\/\/www.koronakarkonoszy.pl\/blog\/wesele-w-karnawal\/#primaryimage"},"image":{"@id":"https:\/\/www.koronakarkonoszy.pl\/blog\/wesele-w-karnawal\/#primaryimage"},"thumbnailUrl":"https:\/\/www.koronakarkonoszy.pl\/blog\/wp-content\/uploads\/2021\/07\/sala_weselna_wroclaw.jpg","datePublished":"2021-01-18T15:40:57+00:00","dateModified":"2023-02-09T18:41:32+00:00","author":{"@id":"https:\/\/www.koronakarkonoszy.pl\/blog\/#\/schema\/person\/ec8c88bd01ebe6cbf6a16435ce22276f"},"description":"Marzysz o przyj\u0119ciu weselnym jak z bajki? Zaplanuj dat\u0119 \u015blubu i zorganizuj wesele w karnawa\u0142! Bal maskowy to tylko jedna z opcji - sprawd\u017a!","breadcrumb":{"@id":"https:\/\/www.koronakarkonoszy.pl\/blog\/wesele-w-karnawal\/#breadcrumb"},"inLanguage":"pl-PL","potentialAction":[{"@type":"ReadAction","target":["https:\/\/www.koronakarkonoszy.pl\/blog\/wesele-w-karnawal\/"]}]},{"@type":"ImageObject","inLanguage":"pl-PL","@id":"https:\/\/www.koronakarkonoszy.pl\/blog\/wesele-w-karnawal\/#primaryimage","url":"https:\/\/www.koronakarkonoszy.pl\/blog\/wp-content\/uploads\/2021\/07\/sala_weselna_wroclaw.jpg","contentUrl":"https:\/\/www.koronakarkonoszy.pl\/blog\/wp-content\/uploads\/2021\/07\/sala_weselna_wroclaw.jpg","width":800,"height":534,"caption":"wesele w karnawale"},{"@type":"BreadcrumbList","@id":"https:\/\/www.koronakarkonoszy.pl\/blog\/wesele-w-karnawal\/#breadcrumb","itemListElement":[{"@type":"ListItem","position":1,"name":"Strona g\u0142\u00f3wna","item":"https:\/\/www.koronakarkonoszy.pl\/blog\/"},{"@type":"ListItem","position":2,"name":"Czy wesele w karnawa\u0142 to dobry pomys\u0142?"}]},{"@type":"WebSite","@id":"https:\/\/www.koronakarkonoszy.pl\/blog\/#website","url":"https:\/\/www.koronakarkonoszy.pl\/blog\/","name":":: Blog weselny","description":"Blog weselny Dw\u00f3r Korona Karkonoszy","potentialAction":[{"@type":"SearchAction","target":{"@type":"EntryPoint","urlTemplate":"https:\/\/www.koronakarkonoszy.pl\/blog\/?s={search_term_string}"},"query-input":{"@type":"PropertyValueSpecification","valueRequired":true,"valueName":"search_term_string"}}],"inLanguage":"pl-PL"},{"@type":"Person","@id":"https:\/\/www.koronakarkonoszy.pl\/blog\/#\/schema\/person\/ec8c88bd01ebe6cbf6a16435ce22276f","name":"agnieszka","image":{"@type":"ImageObject","inLanguage":"pl-PL","@id":"https:\/\/www.koronakarkonoszy.pl\/blog\/wp-content\/litespeed\/avatar\/53ee7b676463f74d0aea1a09de3d003b.jpg?ver=1777438794","url":"https:\/\/www.koronakarkonoszy.pl\/blog\/wp-content\/litespeed\/avatar\/53ee7b676463f74d0aea1a09de3d003b.jpg?ver=1777438794","contentUrl":"https:\/\/www.koronakarkonoszy.pl\/blog\/wp-content\/litespeed\/avatar\/53ee7b676463f74d0aea1a09de3d003b.jpg?ver=1777438794","caption":"agnieszka"},"url":"https:\/\/www.koronakarkonoszy.pl\/blog\/author\/agnieszka\/"}]}},"_links":{"self":[{"href":"https:\/\/www.koronakarkonoszy.pl\/blog\/wp-json\/wp\/v2\/posts\/802","targetHints":{"allow":["GET"]}}],"collection":[{"href":"https:\/\/www.koronakarkonoszy.pl\/blog\/wp-json\/wp\/v2\/posts"}],"about":[{"href":"https:\/\/www.koronakarkonoszy.pl\/blog\/wp-json\/wp\/v2\/types\/post"}],"author":[{"embeddable":true,"href":"https:\/\/www.koronakarkonoszy.pl\/blog\/wp-json\/wp\/v2\/users\/11"}],"replies":[{"embeddable":true,"href":"https:\/\/www.koronakarkonoszy.pl\/blog\/wp-json\/wp\/v2\/comments?post=802"}],"version-history":[{"count":0,"href":"https:\/\/www.koronakarkonoszy.pl\/blog\/wp-json\/wp\/v2\/posts\/802\/revisions"}],"wp:featuredmedia":[{"embeddable":true,"href":"https:\/\/www.koronakarkonoszy.pl\/blog\/wp-json\/wp\/v2\/media\/803"}],"wp:attachment":[{"href":"https:\/\/www.koronakarkonoszy.pl\/blog\/wp-json\/wp\/v2\/media?parent=802"}],"wp:term":[{"taxonomy":"category","embeddable":true,"href":"https:\/\/www.koronakarkonoszy.pl\/blog\/wp-json\/wp\/v2\/categories?post=802"}],"curies":[{"name":"wp","href":"https:\/\/api.w.org\/{rel}","templated":true}]}}