{"id":783,"date":"2020-07-15T23:35:26","date_gmt":"2020-07-15T21:35:26","guid":{"rendered":"https:\/\/www.koronakarkonoszy.pl\/blog\/?p=783"},"modified":"2023-02-09T19:47:05","modified_gmt":"2023-02-09T18:47:05","slug":"trendy-slubne-wesele-w-stylu-vintage","status":"publish","type":"post","link":"https:\/\/www.koronakarkonoszy.pl\/blog\/trendy-slubne-wesele-w-stylu-vintage\/","title":{"rendered":"Trendy \u015blubne &#8211; wesele w stylu vintage"},"content":{"rendered":"\n<p><strong>M\u0142ode Pary coraz cz\u0119\u015bciej decyduj\u0105 si\u0119 na \u015bluby i\u00a0<a href=\"https:\/\/www.koronakarkonoszy.pl\/blog\/wesele-tematyczne-fantastyczne-wesela-zima-i-latem\/\">wesela tematyczne<\/a>. Uroczysto\u015bci takie maj\u0105 niepowtarzalny charakter i podkre\u015blaj\u0105 niezwyk\u0142y charakter tego wa\u017cnego dnia. W\u015br\u00f3d nich na czo\u0142o wysuwa si\u0119 <a href=\"https:\/\/www.koronakarkonoszy.pl\/blog\/wesela-w-stylu-retro\/\" class=\"links-placer\">wesele w stylu vintage<\/a> \u2013 urzekaj\u0105ce romantyczn\u0105 atmosfer\u0105 i pe\u0142ne nostalgii za dawnymi czasami. Jak jednak przygotowa\u0107 si\u0119 do organizacji takiego \u015blubu? O czym pami\u0119ta\u0107 i na co zwr\u00f3ci\u0107 szczeg\u00f3ln\u0105 uwag\u0119?<\/strong><\/p>\n\n\n<div id=\"ariadna-block_61a24636d2b52\" class=\"ariadna\">\r\n    <ul><li><a href=\"#h-wesele-w-stylu-vintage-w-co-si-ubra\">Wesele w stylu vintage &#8211; w co si\u0119 ubra\u0107?<\/a><\/li><li><a href=\"#ha-planujecie-wesele-w-stylu-vintage\">Planujecie wesele w stylu vintage?<\/a><\/li><li><a href=\"#ha-dodatki-w-stylu-vintage\">Dodatki w stylu vintage<\/a><\/li><li><a href=\"#ha-sala-weselna-w-stylu-vintage\">Sala weselna w stylu vintage<\/a><\/li><\/ul>\r\n<\/div>\r\n\r\n\r\n\r\n\n\n\n<p>Nasze przygotowania do wesela w stylu vintage powinni\u015bmy rozpocz\u0105\u0107 od bardzo prostego, ale wa\u017cnego kroku. Chodzi o wybranie dekady, do kt\u00f3rej b\u0119dziemy nawi\u0105zywa\u0107. Mamy tutaj du\u017c\u0105 swobod\u0119, mo\u017cemy odwo\u0142a\u0107 si\u0119 do czas\u00f3w naszych mam, bab\u0107, a nawet pra-pra-bab\u0107. Ch\u0119tnie wybierane s\u0105 lata 20. i 30. ubieg\u0142ego wieku ze wzgl\u0119du na bogate stroje i muzyk\u0119. Nic jednak nic nie stoi na przeszkodzie, \u017ceby nasz \u015blub nawi\u0105zywa\u0142 do lat 50., 60. czy 70. Kiedy ju\u017c zdecydujemy si\u0119 na dan\u0105 dekad\u0119 i styl, rozpoczynamy w\u0142a\u015bciwe przygotowania do uroczysto\u015bci.<\/p>\n\n\n\n<h2 class=\"wp-block-heading\" id=\"h-wesele-w-stylu-vintage-w-co-si-ubra\">Wesele w stylu vintage &#8211; w co si\u0119 ubra\u0107?<\/h2>\n\n\n\n<p>Najwa\u017cniejszym elementem wesela w stylu vintage s\u0105 stroje M\u0142odej Pary. Idea\u0142em jest oczywi\u015bcie autentyczny ubi\u00f3r z epoki, najlepiej odziedziczony po kim\u015b z rodziny. Nie przejmujmy si\u0119 jednak za bardzo, je\u015bli ich nie posiadamy. Wa\u017cne jest, aby suknia i garnitur pasowa\u0142y do wybranego przez nas stylu. Suknia \u015blubna vintage sprawdzi si\u0119 r\u00f3wnie dobrze i b\u0119dzie du\u017co \u0142atwiejsza do zdobycia. Powinni\u015bmy te\u017c pami\u0119ta\u0107 o tym, aby odpowiednio wcze\u015bnie powiadomi\u0107 \u015bwiadk\u00f3w i go\u015bci o stylu naszego wesela. Dajmy tak\u017ce im czas na przygotowanie kreacji na ten wyj\u0105tkowy dzie\u0144.<\/p>\n\n\n\n<p>Oczywi\u015bcie pewnie nie wszyscy b\u0119d\u0105 chcieli si\u0119 przebiera\u0107, jednak nie nale\u017cy do tego zmusza\u0107 czy w \u017caden spos\u00f3b obligowa\u0107 go\u015bci. Ka\u017cdy ma prawo przyj\u015b\u0107 ubranym jak chce i nie powinno si\u0119 narzuca\u0107 go\u015bciom swojego zdania. Z drugiej strony, skoro jest to wesele tematyczne, go\u015bcie tak\u017ce powinni przy\u0142o\u017cy\u0107 do tego szczeg\u00f3ln\u0105 uwag\u0119 i uszanowa\u0107 zadanie Pary M\u0142odej. Nie ma tutaj z\u0142otego \u015brodka, jednak zwr\u00f3\u0107my uwag\u0119 na fakt, jak dobrze znamy swoich go\u015bci. Je\u015bli wiemy, \u017ce wi\u0119kszo\u015b\u0107 z nich nie przyjdzie ubrana w danym stylu, nie walczmy z tym. To ma by\u0107 dla Was wyj\u0105tkowy dzie\u0144, bez stresu i nerw\u00f3w. Z pewno\u015bci\u0105 macie jednak w swoim otoczeniu kilka os\u00f3b, kt\u00f3re na pewno przychyl\u0105 si\u0119 do Waszego pomys\u0142u \u2013 polegajcie wi\u0119c na nich. W\u00f3wczas nie b\u0119dziecie czuli si\u0119 w tych strojach odosobnieni, a jednocze\u015bnie spe\u0142nicie swoje marzenie.<\/p>\n\n\n<section id=\"ctaninja-block_61a2482fd2b56\" class=\"ctaninja\">\r\n    <div class=\"ctaninja-body\">\r\n        <h2 class=\"h1\" id=\"ha-planujecie-wesele-w-stylu-vintage\">Planujecie wesele w stylu vintage?<\/h2>\r\n        <p>Nasza sala balowa nadaje si\u0119 do tego perfekcyjnie \u2665<\/p>\r\n        <div class=\"nf-container\">\r\n            <noscript class=\"ninja-forms-noscript-message\">\n\tUwaga: ta zawarto\u015b\u0107 wymaga obs\u0142ugi j\u0119zyka JavaScript.<\/noscript>\n<div id=\"nf-form-1-cont\" class=\"nf-form-cont\" aria-live=\"polite\" aria-labelledby=\"nf-form-title-1\" aria-describedby=\"nf-form-errors-1\" role=\"form\">\n\n    <div class=\"nf-loading-spinner\"><\/div>\n\n<\/div>\n        <!-- That data is being printed as a workaround to page builders reordering the order of the scripts loaded-->\n        <script>var formDisplay=1;var nfForms=nfForms||[];var form=[];form.id='1';form.settings={\"objectType\":\"Form Setting\",\"editActive\":\"\",\"title\":\"Contact Me\",\"key\":\"\",\"created_at\":\"2021-05-31 16:57:05\",\"default_label_pos\":\"above\",\"conditions\":[],\"show_title\":\"1\",\"clear_complete\":\"1\",\"hide_complete\":\"1\",\"wrapper_class\":\"\",\"element_class\":\"\",\"add_submit\":\"1\",\"logged_in\":\"\",\"not_logged_in_msg\":\"\",\"sub_limit_number\":\"\",\"sub_limit_msg\":\"\",\"calculations\":[],\"formContentData\":[{\"order\":1,\"cells\":[{\"order\":0,\"fields\":[\"email\"],\"width\":50},{\"order\":1,\"fields\":[\"wyslij_1640001513358\"],\"width\":50}]}],\"container_styles_background-color\":\"\",\"container_styles_border\":\"\",\"container_styles_border-style\":\"\",\"container_styles_border-color\":\"\",\"container_styles_color\":\"\",\"container_styles_height\":\"\",\"container_styles_width\":\"\",\"container_styles_font-size\":\"\",\"container_styles_margin\":\"\",\"container_styles_padding\":\"\",\"container_styles_display\":\"\",\"container_styles_float\":\"\",\"container_styles_show_advanced_css\":\"0\",\"container_styles_advanced\":\"\",\"title_styles_background-color\":\"\",\"title_styles_border\":\"\",\"title_styles_border-style\":\"\",\"title_styles_border-color\":\"\",\"title_styles_color\":\"\",\"title_styles_height\":\"\",\"title_styles_width\":\"\",\"title_styles_font-size\":\"\",\"title_styles_margin\":\"\",\"title_styles_padding\":\"\",\"title_styles_display\":\"\",\"title_styles_float\":\"\",\"title_styles_show_advanced_css\":\"0\",\"title_styles_advanced\":\"\",\"row_styles_background-color\":\"\",\"row_styles_border\":\"\",\"row_styles_border-style\":\"\",\"row_styles_border-color\":\"\",\"row_styles_color\":\"\",\"row_styles_height\":\"\",\"row_styles_width\":\"\",\"row_styles_font-size\":\"\",\"row_styles_margin\":\"\",\"row_styles_padding\":\"\",\"row_styles_display\":\"\",\"row_styles_show_advanced_css\":\"0\",\"row_styles_advanced\":\"\",\"row-odd_styles_background-color\":\"\",\"row-odd_styles_border\":\"\",\"row-odd_styles_border-style\":\"\",\"row-odd_styles_border-color\":\"\",\"row-odd_styles_color\":\"\",\"row-odd_styles_height\":\"\",\"row-odd_styles_width\":\"\",\"row-odd_styles_font-size\":\"\",\"row-odd_styles_margin\":\"\",\"row-odd_styles_padding\":\"\",\"row-odd_styles_display\":\"\",\"row-odd_styles_show_advanced_css\":\"0\",\"row-odd_styles_advanced\":\"\",\"success-msg_styles_background-color\":\"\",\"success-msg_styles_border\":\"\",\"success-msg_styles_border-style\":\"\",\"success-msg_styles_border-color\":\"\",\"success-msg_styles_color\":\"\",\"success-msg_styles_height\":\"\",\"success-msg_styles_width\":\"\",\"success-msg_styles_font-size\":\"\",\"success-msg_styles_margin\":\"\",\"success-msg_styles_padding\":\"\",\"success-msg_styles_display\":\"\",\"success-msg_styles_show_advanced_css\":\"0\",\"success-msg_styles_advanced\":\"\",\"error_msg_styles_background-color\":\"\",\"error_msg_styles_border\":\"\",\"error_msg_styles_border-style\":\"\",\"error_msg_styles_border-color\":\"\",\"error_msg_styles_color\":\"\",\"error_msg_styles_height\":\"\",\"error_msg_styles_width\":\"\",\"error_msg_styles_font-size\":\"\",\"error_msg_styles_margin\":\"\",\"error_msg_styles_padding\":\"\",\"error_msg_styles_display\":\"\",\"error_msg_styles_show_advanced_css\":\"0\",\"error_msg_styles_advanced\":\"\",\"allow_public_link\":0,\"embed_form\":\"\",\"currency\":\"\",\"repeatable_fieldsets\":\"\",\"unique_field_error\":\"Formularz z t\\u0105 warto\\u015bci\\u0105 zosta\\u0142 ju\\u017c przes\\u0142any.\",\"ninjaForms\":\"Ninja Forms\",\"changeEmailErrorMsg\":\"Wprowad\\u017a prawid\\u0142owy adres e-mail!\",\"changeDateErrorMsg\":\"Prosz\\u0119 wpisa\\u0107 prawid\\u0142ow\\u0105 dat\\u0119!\",\"confirmFieldErrorMsg\":\"Te pola musz\\u0105 si\\u0119 zgadza\\u0107!\",\"fieldNumberNumMinError\":\"B\\u0142\\u0105d \\u2014 liczba minimalna\",\"fieldNumberNumMaxError\":\"B\\u0142\\u0105d \\u2014 liczba maksymalna\",\"fieldNumberIncrementBy\":\"Zwi\\u0119ksz o \",\"fieldTextareaRTEInsertLink\":\"Wstaw odno\\u015bnik\",\"fieldTextareaRTEInsertMedia\":\"Wstaw media\",\"fieldTextareaRTESelectAFile\":\"Wybierz plik\",\"formErrorsCorrectErrors\":\"Popraw b\\u0142\\u0119dy, zanim prze\\u015blesz formularz.\",\"formHoneypot\":\"Je\\u015bli jeste\\u015b cz\\u0142owiekiem i widzisz to pole, nie wype\\u0142niaj go.\",\"validateRequiredField\":\"To jest wymagane pole.\",\"honeypotHoneypotError\":\"B\\u0142\\u0105d Honeypot\",\"fileUploadOldCodeFileUploadInProgress\":\"Przesy\\u0142anie pliku w toku.\",\"fileUploadOldCodeFileUpload\":\"PRZESY\\u0141ANIE PLIKU\",\"currencySymbol\":\"&#36;\",\"fieldsMarkedRequired\":\"Pola oznaczone znakiem <span class=\\\"ninja-forms-req-symbol\\\">*<\\\/span> s\\u0105 wymagane\",\"thousands_sep\":\"&nbsp;\",\"decimal_point\":\",\",\"siteLocale\":\"pl_PL\",\"dateFormat\":\"m\\\/d\\\/Y\",\"startOfWeek\":\"1\",\"of\":\"z\",\"previousMonth\":\"Poprzedni miesi\\u0105c\",\"nextMonth\":\"Nast\\u0119pny miesi\\u0105c\",\"months\":[\"Stycze\\u0144\",\"Luty\",\"Marzec\",\"Kwiecie\\u0144\",\"Maj\",\"Czerwiec\",\"Lipiec\",\"Sierpie\\u0144\",\"Wrzesie\\u0144\",\"Pa\\u017adziernik\",\"Listopad\",\"Grudzie\\u0144\"],\"monthsShort\":[\"Sty\",\"Lut\",\"Mar\",\"Kw\",\"Maj\",\"Cze\",\"Lip\",\"Sie\",\"Wrz\",\"Pa\\u017a\",\"Lis\",\"Gru\"],\"weekdays\":[\"Niedziela\",\"Poniedzia\\u0142ek\",\"Wtorek\",\"\\u015aroda\",\"Czwartek\",\"Pi\\u0105tek\",\"Sobota\"],\"weekdaysShort\":[\"Niedz\",\"Pon\",\"Wt\",\"\\u015ar\",\"Czw\",\"Pt\",\"Sob\"],\"weekdaysMin\":[\"Niedz\",\"Pon\",\"Wt\",\"\\u015ar\",\"Czw\",\"Pt\",\"Sob\"],\"recaptchaConsentMissing\":\"reCaptcha validation couldn&#039;t load.\",\"recaptchaMissingCookie\":\"reCaptcha v3 validation couldn&#039;t load the cookie needed to submit the form.\",\"recaptchaConsentEvent\":\"Accept reCaptcha cookies before sending the form.\",\"currency_symbol\":\"\",\"beforeForm\":\"\",\"beforeFields\":\"\",\"afterFields\":\"\",\"afterForm\":\"\"};form.fields=[{\"objectType\":\"Field\",\"objectDomain\":\"fields\",\"editActive\":false,\"order\":1,\"idAttribute\":\"id\",\"label\":\"Email\",\"key\":\"email\",\"type\":\"email\",\"created_at\":\"2021-05-31 16:57:06\",\"label_pos\":\"above\",\"required\":1,\"placeholder\":\"Podaj maila, skontaktujemy si\\u0119 z Tob\\u0105\",\"default\":\"\",\"wrapper_class\":\"\",\"element_class\":\"\",\"container_class\":\"\",\"admin_label\":\"\",\"help_text\":\"\",\"desc_text\":\"\",\"wrap_styles_background-color\":\"\",\"wrap_styles_border\":\"\",\"wrap_styles_border-style\":\"\",\"wrap_styles_border-color\":\"\",\"wrap_styles_color\":\"\",\"wrap_styles_height\":\"\",\"wrap_styles_width\":\"\",\"wrap_styles_font-size\":\"\",\"wrap_styles_margin\":\"\",\"wrap_styles_padding\":\"\",\"wrap_styles_display\":\"\",\"wrap_styles_float\":\"\",\"wrap_styles_show_advanced_css\":0,\"wrap_styles_advanced\":\"\",\"label_styles_background-color\":\"\",\"label_styles_border\":\"\",\"label_styles_border-style\":\"\",\"label_styles_border-color\":\"\",\"label_styles_color\":\"\",\"label_styles_height\":\"\",\"label_styles_width\":\"\",\"label_styles_font-size\":\"\",\"label_styles_margin\":\"\",\"label_styles_padding\":\"\",\"label_styles_display\":\"\",\"label_styles_float\":\"\",\"label_styles_show_advanced_css\":0,\"label_styles_advanced\":\"\",\"element_styles_background-color\":\"\",\"element_styles_border\":\"\",\"element_styles_border-style\":\"\",\"element_styles_border-color\":\"\",\"element_styles_color\":\"\",\"element_styles_height\":\"\",\"element_styles_width\":\"\",\"element_styles_font-size\":\"\",\"element_styles_margin\":\"\",\"element_styles_padding\":\"\",\"element_styles_display\":\"\",\"element_styles_float\":\"\",\"element_styles_show_advanced_css\":0,\"element_styles_advanced\":\"\",\"cellcid\":\"c3375\",\"custom_name_attribute\":\"email\",\"personally_identifiable\":1,\"value\":\"\",\"drawerDisabled\":false,\"id\":2,\"beforeField\":\"\",\"afterField\":\"\",\"parentType\":\"email\",\"element_templates\":[\"email\",\"input\"],\"old_classname\":\"\",\"wrap_template\":\"wrap\"},{\"objectType\":\"Field\",\"objectDomain\":\"fields\",\"editActive\":false,\"order\":2,\"idAttribute\":\"id\",\"label\":\"Wy\\u015blij\",\"key\":\"wyslij_1640001513358\",\"type\":\"submit\",\"created_at\":\"2021-05-31 16:57:06\",\"processing_label\":\"Wysy\\u0142anie...\",\"container_class\":\"\",\"element_class\":\"\",\"wrap_styles_background-color\":\"\",\"wrap_styles_border\":\"\",\"wrap_styles_border-style\":\"\",\"wrap_styles_border-color\":\"\",\"wrap_styles_color\":\"\",\"wrap_styles_height\":\"\",\"wrap_styles_width\":\"\",\"wrap_styles_font-size\":\"\",\"wrap_styles_margin\":\"\",\"wrap_styles_padding\":\"\",\"wrap_styles_display\":\"\",\"wrap_styles_float\":\"\",\"wrap_styles_show_advanced_css\":0,\"wrap_styles_advanced\":\"\",\"label_styles_background-color\":\"\",\"label_styles_border\":\"\",\"label_styles_border-style\":\"\",\"label_styles_border-color\":\"\",\"label_styles_color\":\"\",\"label_styles_height\":\"\",\"label_styles_width\":\"\",\"label_styles_font-size\":\"\",\"label_styles_margin\":\"\",\"label_styles_padding\":\"\",\"label_styles_display\":\"\",\"label_styles_float\":\"\",\"label_styles_show_advanced_css\":0,\"label_styles_advanced\":\"\",\"element_styles_background-color\":\"\",\"element_styles_border\":\"\",\"element_styles_border-style\":\"\",\"element_styles_border-color\":\"\",\"element_styles_color\":\"\",\"element_styles_height\":\"\",\"element_styles_width\":\"\",\"element_styles_font-size\":\"\",\"element_styles_margin\":\"\",\"element_styles_padding\":\"\",\"element_styles_display\":\"\",\"element_styles_float\":\"\",\"element_styles_show_advanced_css\":0,\"element_styles_advanced\":\"\",\"submit_element_hover_styles_background-color\":\"\",\"submit_element_hover_styles_border\":\"\",\"submit_element_hover_styles_border-style\":\"\",\"submit_element_hover_styles_border-color\":\"\",\"submit_element_hover_styles_color\":\"\",\"submit_element_hover_styles_height\":\"\",\"submit_element_hover_styles_width\":\"\",\"submit_element_hover_styles_font-size\":\"\",\"submit_element_hover_styles_margin\":\"\",\"submit_element_hover_styles_padding\":\"\",\"submit_element_hover_styles_display\":\"\",\"submit_element_hover_styles_float\":\"\",\"submit_element_hover_styles_show_advanced_css\":0,\"submit_element_hover_styles_advanced\":\"\",\"cellcid\":\"c3378\",\"drawerDisabled\":false,\"id\":4,\"beforeField\":\"\",\"afterField\":\"\",\"value\":\"\",\"label_pos\":\"above\",\"parentType\":\"textbox\",\"element_templates\":[\"submit\",\"button\",\"input\"],\"old_classname\":\"\",\"wrap_template\":\"wrap-no-label\"}];nfForms.push(form);<\/script>\n                <script id=\"nf-tmpl-cell\" type=\"text\/template\">\n            <nf-fields><\/nf-fields>\n        <\/script>\n\n        <script id=\"nf-tmpl-row\" type=\"text\/template\">\n            <nf-cells><\/nf-cells>\n        <\/script>\n\n                <\/div>\r\n    <\/div>\r\n    <div class=\"ctaninja-onm ctaninja-onm-1 rbg\"><\/div>\r\n    <div class=\"ctaninja-onm ctaninja-onm-2 rbg\"><\/div>\r\n<\/section>\n\n\n<h2 class=\"wp-block-heading\" id=\"ha-dodatki-w-stylu-vintage\">Dodatki w stylu vintage<\/h2>\n\n\n\n<p>Poza samym ubiorem r\u00f3wnie wa\u017cne s\u0105 dodatki, kt\u00f3re dope\u0142niaj\u0105 ca\u0142o\u015b\u0107 wizerunku. Przetrz\u0105\u015bnijmy szuflady w poszukiwaniu starej bi\u017cuterii, pere\u0142 i koronek. W zale\u017cno\u015bci od wybranej dekady, panowie zamiast krawat\u00f3w zak\u0142adaj\u0105 muchy i szelki, oraz np. dodatek w postaci zegarka na \u0142a\u0144cuszku. Je\u015bli macie mo\u017cliwo\u015b\u0107 poszukiwa\u0144 dodatk\u00f3w w szafach swoich bab\u0107 i dziadk\u00f3w, b\u0119dzie to znakomita zabawa i prawdziwy wst\u0119p do wesela! Go\u015bcie w ten spos\u00f3b zbli\u017caj\u0105 si\u0119 do siebie, zaczynaj\u0105 rozmawia\u0107 o za\u015blubinach, a nawet po\u017cyczaj\u0105 sobie kultowe kreacje.<\/p>\n\n\n<section id=\"leonardo-block_61a246bbd2b54\" class=\"leonardo page-breaker leonardo-image-left\">\r\n    <div class=\"leonardo-body\">\r\n                <div class=\"leonardo-content\"><p>Je\u015bli go\u015bcie nie maj\u0105 mo\u017cliwo\u015bci znalezienia odpowiedniej kreacji, mo\u017cna zaproponowa\u0107 im poszukiwania w second-handach. B\u0119dzie to znakomita zabawa, a Wasze wesele b\u0119dzie pokazywa\u0142o ekologiczne podej\u015bcie do kreacji weselnych w duchu zero waste.<\/p>\n<\/div>\r\n                    <aside class=\"leonardo-interlink\">\r\n                <b>Polecamy<\/b>\r\n                <a href=\"https:\/\/www.koronakarkonoszy.pl\/blog\/idealna-data-na-slub-podpowiadamy-kiedy-warto-zorganizowac-wesele\/\">Idealna data na \u015blub? Podpowiadamy, kiedy warto zorganizowa\u0107 wesele<\/a>\r\n            <\/aside>\r\n            <\/div>\r\n    <div class=\"leonardo-image\">\r\n        <img loading=\"lazy\" decoding=\"async\" width=\"800\" height=\"534\" src=\"https:\/\/www.koronakarkonoszy.pl\/blog\/wp-content\/uploads\/2021\/07\/suknia_vintage.jpg\" class=\"attachment-full size-full\" alt=\"suknia \u015blubna vintage\" srcset=\"https:\/\/www.koronakarkonoszy.pl\/blog\/wp-content\/uploads\/2021\/07\/suknia_vintage.jpg 800w, https:\/\/www.koronakarkonoszy.pl\/blog\/wp-content\/uploads\/2021\/07\/suknia_vintage-300x200.jpg 300w, https:\/\/www.koronakarkonoszy.pl\/blog\/wp-content\/uploads\/2021\/07\/suknia_vintage-768x513.jpg 768w\" sizes=\"auto, (max-width: 800px) 100vw, 800px\" \/>            <\/div>\r\n<\/section>\n\n\n<p>&#8222;Je\u015bli chodzi o kolorystyk\u0119 czy kwiaty, bardzo pomocne s\u0105 autentyczne zdj\u0119cia z danej dekady, kt\u00f3re z \u0142atwo\u015bci\u0105 znajdziemy w Internecie. Warto po\u015bwi\u0119ci\u0107 chwil\u0119 na tego typu badania, kt\u00f3re dodadz\u0105 naszemu weselu tematycznemu autentyczno\u015bci. Stare rodzinne zdj\u0119cia s\u0105 w tym przypadku na wag\u0119 z\u0142ota, bo pokazuj\u0105, jak wygl\u0105da\u0142y stroje z tamtych lat. Ciekawym \u017ar\u00f3d\u0142em inspiracji i pomys\u0142\u00f3w b\u0119d\u0105 te\u017c dla nas filmy dziej\u0105ce si\u0119 w danej epoce&#8221; &#8211; m\u00f3wi Joanna Hoc-Kopiej, ekspert weselny Dworu Korona Karkonoszy. W zwi\u0105zku z tym wielu Parom M\u0142odym przychodzi do g\u0142owy wesele w stylu filmowym, w odniesieniu do jednego konkretnego tytu\u0142u lub ca\u0142ej epoki w kinematografii.<\/p>\n\n\n\n<h2 class=\"wp-block-heading\" id=\"ha-sala-weselna-w-stylu-vintage\">Sala weselna w stylu vintage<\/h2>\n\n\n\n<p>Poza strojami r\u00f3wnie istotne jest miejsce uroczysto\u015bci oraz dekoracje. Ca\u0142e nasze starania p\u00f3jd\u0105 na marne, je\u015bli tych aspekt\u00f3w przygotowa\u0144 nie dopilnujemy. Najlepszym rozwi\u0105zaniem jest wybranie takiego miejsca, w kt\u00f3rym b\u0119dziemy mogli zorganizowa\u0107 uroczysto\u015b\u0107 dostosowan\u0105 do naszych indywidualnych potrzeb. Wesela szyte na miar\u0119 s\u0105 specjalno\u015bci\u0105 Dworu Korona Karkonoszy. Ponadczasowy wygl\u0105d naszej 100-letniej <a href=\"https:\/\/www.koronakarkonoszy.pl\/sala-balowa\/\">Sali Balowej<\/a> sprawia, \u017ce bardzo ch\u0119tnie wybierana jest na miejsce wesel tematycznych.\u00a0Posiada ona niesamowity, butikowy klimat, kt\u00f3ry jest poniek\u0105d odzwierciedleniem minionego stulecia.<\/p>\n\n\n\n<p>Po wybraniu miejsca na wesele pozostaje nam zadba\u0107 o kilka element\u00f3w, kt\u00f3re maj\u0105 istotny wp\u0142yw na atmosfer\u0119 ca\u0142ej uroczysto\u015bci. Na miejsce \u015blubu powinni\u015bmy uda\u0107 si\u0119 odpowiednim pojazdem, np. zabytkowym autem lub bryczk\u0105, kt\u00f3re maj\u0105 do dyspozycji M\u0142ode Pary w Dworze Korona Karkonoszy. Zadbamy o ka\u017cdy szczeg\u00f3\u0142, kt\u00f3ry definiowa\u0142by wesele w stylu vintage.<\/p>\n\n\n<section id=\"leonardo-block_61a24685d2b53\" class=\"leonardo page-breaker leonardo-image-right\">\r\n    <div class=\"leonardo-body\">\r\n                <div class=\"leonardo-content\"><p>Nie mniejsze znaczenie ma muzyka oraz wystr\u00f3j sali. Jak wskazuje Joanna Hoc-Kopiej: &#8222;Najlepiej oczywi\u015bcie, by naszemu weselu towarzyszy\u0142a muzyka na \u017cywo, wykonywana przez zesp\u00f3\u0142 lub kapel\u0119 graj\u0105c\u0105 utwory z wybranej dekady. Wspania\u0142ym pomys\u0142em b\u0119dzie tak\u017ce ubranie orkiestry w stroje z danej epoki. Je\u015bli chodzi o dodatki, tutaj r\u00f3wnie\u017c mamy du\u017ce pole do popisu \u2013 na sto\u0142ach mog\u0105 znale\u017a\u0107 si\u0119 \u015bwieczniki, kryszta\u0142y i porcelana. Niepowtarzalny wystr\u00f3j stworzy np. stara maszyna do pisania czy gramofon.<\/p>\n<\/div>\r\n                    <aside class=\"leonardo-interlink\">\r\n                <b>Polecamy<\/b>\r\n                <a href=\"https:\/\/www.koronakarkonoszy.pl\/blog\/bizuteria-do-slubu-jaka-wybrac\/\">Bi\u017cuteria do \u015blubu &#8211; jak\u0105 wybra\u0107?<\/a>\r\n            <\/aside>\r\n            <\/div>\r\n    <div class=\"leonardo-image\">\r\n        <img loading=\"lazy\" decoding=\"async\" width=\"800\" height=\"534\" src=\"https:\/\/www.koronakarkonoszy.pl\/blog\/wp-content\/uploads\/2021\/07\/sala_balowa_vintage-1.jpg\" class=\"attachment-full size-full\" alt=\"sala weselna w stylu vintage\" srcset=\"https:\/\/www.koronakarkonoszy.pl\/blog\/wp-content\/uploads\/2021\/07\/sala_balowa_vintage-1.jpg 800w, https:\/\/www.koronakarkonoszy.pl\/blog\/wp-content\/uploads\/2021\/07\/sala_balowa_vintage-1-300x200.jpg 300w, https:\/\/www.koronakarkonoszy.pl\/blog\/wp-content\/uploads\/2021\/07\/sala_balowa_vintage-1-768x513.jpg 768w\" sizes=\"auto, (max-width: 800px) 100vw, 800px\" \/>            <\/div>\r\n<\/section>\n\n\n<p>Wspania\u0142ym osobistym akcentem b\u0119d\u0105 te\u017c, umieszone na sto\u0142ach czy w odpowiednich miejscach na sali, stare zdj\u0119cia rodziny i przyjaci\u00f3\u0142 M\u0142odej Pary. To b\u0119dzie z pewno\u015bci\u0105 niesamowita atrakcja dla ka\u017cdego go\u015bcia. Cz\u0119\u015b\u0107 z nich b\u0119dzie mog\u0142a w\u0142a\u015bnie siebie odnale\u017a\u0107 na zabytkowych fotografiach. Je\u015bli zdecyduj\u0105 si\u0119 Pa\u0144stwo na wesele w stylu vintage w Dworze Korona Karkonoszy nasi doradcy zadbaj\u0105 o ka\u017cdy szczeg\u00f3\u0142 tego wyj\u0105tkowego dnia i przygotuj\u0105 uroczysto\u015b\u0107, kt\u00f3rej nigdy nie zapomnicie&#8221; &#8211; dodaje ekspertka.<\/p>\n\n\n\n<p>\u015alub i wesele w stylu vintage zadzia\u0142a niczym wehiku\u0142 czasu i przeniesie wszystkich go\u015bci oraz Par\u0119 M\u0142od\u0105 w czasy absolutnie wyj\u0105tkowe, w kt\u00f3rych kr\u00f3lowa\u0142y muzyka i zabawa do bia\u0142ego rana. Takie w\u0142a\u015bnie mo\u017ce by\u0107 Wasze <a href=\"https:\/\/www.koronakarkonoszy.pl\/blog\/miejsce-na-wesele\/\" class=\"links-placer\">wymarzone wesele<\/a>.<\/p>\n","protected":false},"excerpt":{"rendered":"<p>M\u0142ode Pary coraz cz\u0119\u015bciej decyduj\u0105 si\u0119 na \u015bluby i\u00a0wesela tematyczne. Uroczysto\u015bci takie maj\u0105 niepowtarzalny charakter i podkre\u015blaj\u0105 niezwyk\u0142y charakter tego wa\u017cnego dnia. W\u015br\u00f3d nich na czo\u0142o wysuwa si\u0119 wesele w stylu vintage \u2013 urzekaj\u0105ce romantyczn\u0105 atmosfer\u0105 i pe\u0142ne nostalgii za dawnymi czasami. Jak jednak przygotowa\u0107 si\u0119 do organizacji takiego \u015blubu? O czym pami\u0119ta\u0107 i na [&hellip;]<\/p>\n","protected":false},"author":11,"featured_media":787,"comment_status":"closed","ping_status":"closed","sticky":false,"template":"","format":"standard","meta":{"_acf_changed":false,"footnotes":""},"categories":[4,3],"class_list":["post-783","post","type-post","status-publish","format-standard","has-post-thumbnail","hentry","category-tradycja","category-trendy"],"acf":[],"yoast_head":"<!-- This site is optimized with the Yoast SEO plugin v27.4 - https:\/\/yoast.com\/product\/yoast-seo-wordpress\/ -->\n<title>Trendy \u015blubne - wesele w stylu vintage - :: Blog weselny<\/title>\n<meta name=\"description\" content=\"Wesele w stylu vintage \u2013 urzekaj\u0105ce romantyczn\u0105 atmosfer\u0105 i pe\u0142ne nostalgii za dawnymi czasami. Jak je zorganizowa\u0107 i o co zadba\u0107?\" \/>\n<meta name=\"robots\" content=\"index, follow, max-snippet:-1, max-image-preview:large, max-video-preview:-1\" \/>\n<link rel=\"canonical\" href=\"https:\/\/www.koronakarkonoszy.pl\/blog\/trendy-slubne-wesele-w-stylu-vintage\/\" \/>\n<meta property=\"og:locale\" content=\"pl_PL\" \/>\n<meta property=\"og:type\" content=\"article\" \/>\n<meta property=\"og:title\" content=\"Trendy \u015blubne - wesele w stylu vintage - :: Blog weselny\" \/>\n<meta property=\"og:description\" content=\"Wesele w stylu vintage \u2013 urzekaj\u0105ce romantyczn\u0105 atmosfer\u0105 i pe\u0142ne nostalgii za dawnymi czasami. Jak je zorganizowa\u0107 i o co zadba\u0107?\" \/>\n<meta property=\"og:url\" content=\"https:\/\/www.koronakarkonoszy.pl\/blog\/trendy-slubne-wesele-w-stylu-vintage\/\" \/>\n<meta property=\"og:site_name\" content=\":: Blog weselny\" \/>\n<meta property=\"article:published_time\" content=\"2020-07-15T21:35:26+00:00\" \/>\n<meta property=\"article:modified_time\" content=\"2023-02-09T18:47:05+00:00\" \/>\n<meta property=\"og:image\" content=\"https:\/\/www.koronakarkonoszy.pl\/blog\/wp-content\/uploads\/2021\/07\/vintage_wesele.jpg\" \/>\n\t<meta property=\"og:image:width\" content=\"800\" \/>\n\t<meta property=\"og:image:height\" content=\"534\" \/>\n\t<meta property=\"og:image:type\" content=\"image\/jpeg\" \/>\n<meta name=\"author\" content=\"agnieszka\" \/>\n<meta name=\"twitter:card\" content=\"summary_large_image\" \/>\n<meta name=\"twitter:label1\" content=\"Napisane przez\" \/>\n\t<meta name=\"twitter:data1\" content=\"agnieszka\" \/>\n\t<meta name=\"twitter:label2\" content=\"Szacowany czas czytania\" \/>\n\t<meta name=\"twitter:data2\" content=\"4 minuty\" \/>\n<script type=\"application\/ld+json\" class=\"yoast-schema-graph\">{\"@context\":\"https:\\\/\\\/schema.org\",\"@graph\":[{\"@type\":\"Article\",\"@id\":\"https:\\\/\\\/www.koronakarkonoszy.pl\\\/blog\\\/trendy-slubne-wesele-w-stylu-vintage\\\/#article\",\"isPartOf\":{\"@id\":\"https:\\\/\\\/www.koronakarkonoszy.pl\\\/blog\\\/trendy-slubne-wesele-w-stylu-vintage\\\/\"},\"author\":{\"name\":\"agnieszka\",\"@id\":\"https:\\\/\\\/www.koronakarkonoszy.pl\\\/blog\\\/#\\\/schema\\\/person\\\/ec8c88bd01ebe6cbf6a16435ce22276f\"},\"headline\":\"Trendy \u015blubne &#8211; wesele w stylu vintage\",\"datePublished\":\"2020-07-15T21:35:26+00:00\",\"dateModified\":\"2023-02-09T18:47:05+00:00\",\"mainEntityOfPage\":{\"@id\":\"https:\\\/\\\/www.koronakarkonoszy.pl\\\/blog\\\/trendy-slubne-wesele-w-stylu-vintage\\\/\"},\"wordCount\":972,\"image\":{\"@id\":\"https:\\\/\\\/www.koronakarkonoszy.pl\\\/blog\\\/trendy-slubne-wesele-w-stylu-vintage\\\/#primaryimage\"},\"thumbnailUrl\":\"https:\\\/\\\/www.koronakarkonoszy.pl\\\/blog\\\/wp-content\\\/uploads\\\/2021\\\/07\\\/vintage_wesele.jpg\",\"articleSection\":[\"Tradycja\",\"Trendy\"],\"inLanguage\":\"pl-PL\"},{\"@type\":\"WebPage\",\"@id\":\"https:\\\/\\\/www.koronakarkonoszy.pl\\\/blog\\\/trendy-slubne-wesele-w-stylu-vintage\\\/\",\"url\":\"https:\\\/\\\/www.koronakarkonoszy.pl\\\/blog\\\/trendy-slubne-wesele-w-stylu-vintage\\\/\",\"name\":\"Trendy \u015blubne - wesele w stylu vintage - :: Blog weselny\",\"isPartOf\":{\"@id\":\"https:\\\/\\\/www.koronakarkonoszy.pl\\\/blog\\\/#website\"},\"primaryImageOfPage\":{\"@id\":\"https:\\\/\\\/www.koronakarkonoszy.pl\\\/blog\\\/trendy-slubne-wesele-w-stylu-vintage\\\/#primaryimage\"},\"image\":{\"@id\":\"https:\\\/\\\/www.koronakarkonoszy.pl\\\/blog\\\/trendy-slubne-wesele-w-stylu-vintage\\\/#primaryimage\"},\"thumbnailUrl\":\"https:\\\/\\\/www.koronakarkonoszy.pl\\\/blog\\\/wp-content\\\/uploads\\\/2021\\\/07\\\/vintage_wesele.jpg\",\"datePublished\":\"2020-07-15T21:35:26+00:00\",\"dateModified\":\"2023-02-09T18:47:05+00:00\",\"author\":{\"@id\":\"https:\\\/\\\/www.koronakarkonoszy.pl\\\/blog\\\/#\\\/schema\\\/person\\\/ec8c88bd01ebe6cbf6a16435ce22276f\"},\"description\":\"Wesele w stylu vintage \u2013 urzekaj\u0105ce romantyczn\u0105 atmosfer\u0105 i pe\u0142ne nostalgii za dawnymi czasami. Jak je zorganizowa\u0107 i o co zadba\u0107?\",\"breadcrumb\":{\"@id\":\"https:\\\/\\\/www.koronakarkonoszy.pl\\\/blog\\\/trendy-slubne-wesele-w-stylu-vintage\\\/#breadcrumb\"},\"inLanguage\":\"pl-PL\",\"potentialAction\":[{\"@type\":\"ReadAction\",\"target\":[\"https:\\\/\\\/www.koronakarkonoszy.pl\\\/blog\\\/trendy-slubne-wesele-w-stylu-vintage\\\/\"]}]},{\"@type\":\"ImageObject\",\"inLanguage\":\"pl-PL\",\"@id\":\"https:\\\/\\\/www.koronakarkonoszy.pl\\\/blog\\\/trendy-slubne-wesele-w-stylu-vintage\\\/#primaryimage\",\"url\":\"https:\\\/\\\/www.koronakarkonoszy.pl\\\/blog\\\/wp-content\\\/uploads\\\/2021\\\/07\\\/vintage_wesele.jpg\",\"contentUrl\":\"https:\\\/\\\/www.koronakarkonoszy.pl\\\/blog\\\/wp-content\\\/uploads\\\/2021\\\/07\\\/vintage_wesele.jpg\",\"width\":800,\"height\":534,\"caption\":\"wesele w stylu vintage\"},{\"@type\":\"BreadcrumbList\",\"@id\":\"https:\\\/\\\/www.koronakarkonoszy.pl\\\/blog\\\/trendy-slubne-wesele-w-stylu-vintage\\\/#breadcrumb\",\"itemListElement\":[{\"@type\":\"ListItem\",\"position\":1,\"name\":\"Strona g\u0142\u00f3wna\",\"item\":\"https:\\\/\\\/www.koronakarkonoszy.pl\\\/blog\\\/\"},{\"@type\":\"ListItem\",\"position\":2,\"name\":\"Trendy \u015blubne &#8211; wesele w stylu vintage\"}]},{\"@type\":\"WebSite\",\"@id\":\"https:\\\/\\\/www.koronakarkonoszy.pl\\\/blog\\\/#website\",\"url\":\"https:\\\/\\\/www.koronakarkonoszy.pl\\\/blog\\\/\",\"name\":\":: Blog weselny\",\"description\":\"Blog weselny Dw\u00f3r Korona Karkonoszy\",\"potentialAction\":[{\"@type\":\"SearchAction\",\"target\":{\"@type\":\"EntryPoint\",\"urlTemplate\":\"https:\\\/\\\/www.koronakarkonoszy.pl\\\/blog\\\/?s={search_term_string}\"},\"query-input\":{\"@type\":\"PropertyValueSpecification\",\"valueRequired\":true,\"valueName\":\"search_term_string\"}}],\"inLanguage\":\"pl-PL\"},{\"@type\":\"Person\",\"@id\":\"https:\\\/\\\/www.koronakarkonoszy.pl\\\/blog\\\/#\\\/schema\\\/person\\\/ec8c88bd01ebe6cbf6a16435ce22276f\",\"name\":\"agnieszka\",\"image\":{\"@type\":\"ImageObject\",\"inLanguage\":\"pl-PL\",\"@id\":\"https:\\\/\\\/www.koronakarkonoszy.pl\\\/blog\\\/wp-content\\\/litespeed\\\/avatar\\\/53ee7b676463f74d0aea1a09de3d003b.jpg?ver=1776833699\",\"url\":\"https:\\\/\\\/www.koronakarkonoszy.pl\\\/blog\\\/wp-content\\\/litespeed\\\/avatar\\\/53ee7b676463f74d0aea1a09de3d003b.jpg?ver=1776833699\",\"contentUrl\":\"https:\\\/\\\/www.koronakarkonoszy.pl\\\/blog\\\/wp-content\\\/litespeed\\\/avatar\\\/53ee7b676463f74d0aea1a09de3d003b.jpg?ver=1776833699\",\"caption\":\"agnieszka\"},\"url\":\"https:\\\/\\\/www.koronakarkonoszy.pl\\\/blog\\\/author\\\/agnieszka\\\/\"}]}<\/script>\n<!-- \/ Yoast SEO plugin. -->","yoast_head_json":{"title":"Trendy \u015blubne - wesele w stylu vintage - :: Blog weselny","description":"Wesele w stylu vintage \u2013 urzekaj\u0105ce romantyczn\u0105 atmosfer\u0105 i pe\u0142ne nostalgii za dawnymi czasami. Jak je zorganizowa\u0107 i o co zadba\u0107?","robots":{"index":"index","follow":"follow","max-snippet":"max-snippet:-1","max-image-preview":"max-image-preview:large","max-video-preview":"max-video-preview:-1"},"canonical":"https:\/\/www.koronakarkonoszy.pl\/blog\/trendy-slubne-wesele-w-stylu-vintage\/","og_locale":"pl_PL","og_type":"article","og_title":"Trendy \u015blubne - wesele w stylu vintage - :: Blog weselny","og_description":"Wesele w stylu vintage \u2013 urzekaj\u0105ce romantyczn\u0105 atmosfer\u0105 i pe\u0142ne nostalgii za dawnymi czasami. Jak je zorganizowa\u0107 i o co zadba\u0107?","og_url":"https:\/\/www.koronakarkonoszy.pl\/blog\/trendy-slubne-wesele-w-stylu-vintage\/","og_site_name":":: Blog weselny","article_published_time":"2020-07-15T21:35:26+00:00","article_modified_time":"2023-02-09T18:47:05+00:00","og_image":[{"width":800,"height":534,"url":"https:\/\/www.koronakarkonoszy.pl\/blog\/wp-content\/uploads\/2021\/07\/vintage_wesele.jpg","type":"image\/jpeg"}],"author":"agnieszka","twitter_card":"summary_large_image","twitter_misc":{"Napisane przez":"agnieszka","Szacowany czas czytania":"4 minuty"},"schema":{"@context":"https:\/\/schema.org","@graph":[{"@type":"Article","@id":"https:\/\/www.koronakarkonoszy.pl\/blog\/trendy-slubne-wesele-w-stylu-vintage\/#article","isPartOf":{"@id":"https:\/\/www.koronakarkonoszy.pl\/blog\/trendy-slubne-wesele-w-stylu-vintage\/"},"author":{"name":"agnieszka","@id":"https:\/\/www.koronakarkonoszy.pl\/blog\/#\/schema\/person\/ec8c88bd01ebe6cbf6a16435ce22276f"},"headline":"Trendy \u015blubne &#8211; wesele w stylu vintage","datePublished":"2020-07-15T21:35:26+00:00","dateModified":"2023-02-09T18:47:05+00:00","mainEntityOfPage":{"@id":"https:\/\/www.koronakarkonoszy.pl\/blog\/trendy-slubne-wesele-w-stylu-vintage\/"},"wordCount":972,"image":{"@id":"https:\/\/www.koronakarkonoszy.pl\/blog\/trendy-slubne-wesele-w-stylu-vintage\/#primaryimage"},"thumbnailUrl":"https:\/\/www.koronakarkonoszy.pl\/blog\/wp-content\/uploads\/2021\/07\/vintage_wesele.jpg","articleSection":["Tradycja","Trendy"],"inLanguage":"pl-PL"},{"@type":"WebPage","@id":"https:\/\/www.koronakarkonoszy.pl\/blog\/trendy-slubne-wesele-w-stylu-vintage\/","url":"https:\/\/www.koronakarkonoszy.pl\/blog\/trendy-slubne-wesele-w-stylu-vintage\/","name":"Trendy \u015blubne - wesele w stylu vintage - :: Blog weselny","isPartOf":{"@id":"https:\/\/www.koronakarkonoszy.pl\/blog\/#website"},"primaryImageOfPage":{"@id":"https:\/\/www.koronakarkonoszy.pl\/blog\/trendy-slubne-wesele-w-stylu-vintage\/#primaryimage"},"image":{"@id":"https:\/\/www.koronakarkonoszy.pl\/blog\/trendy-slubne-wesele-w-stylu-vintage\/#primaryimage"},"thumbnailUrl":"https:\/\/www.koronakarkonoszy.pl\/blog\/wp-content\/uploads\/2021\/07\/vintage_wesele.jpg","datePublished":"2020-07-15T21:35:26+00:00","dateModified":"2023-02-09T18:47:05+00:00","author":{"@id":"https:\/\/www.koronakarkonoszy.pl\/blog\/#\/schema\/person\/ec8c88bd01ebe6cbf6a16435ce22276f"},"description":"Wesele w stylu vintage \u2013 urzekaj\u0105ce romantyczn\u0105 atmosfer\u0105 i pe\u0142ne nostalgii za dawnymi czasami. Jak je zorganizowa\u0107 i o co zadba\u0107?","breadcrumb":{"@id":"https:\/\/www.koronakarkonoszy.pl\/blog\/trendy-slubne-wesele-w-stylu-vintage\/#breadcrumb"},"inLanguage":"pl-PL","potentialAction":[{"@type":"ReadAction","target":["https:\/\/www.koronakarkonoszy.pl\/blog\/trendy-slubne-wesele-w-stylu-vintage\/"]}]},{"@type":"ImageObject","inLanguage":"pl-PL","@id":"https:\/\/www.koronakarkonoszy.pl\/blog\/trendy-slubne-wesele-w-stylu-vintage\/#primaryimage","url":"https:\/\/www.koronakarkonoszy.pl\/blog\/wp-content\/uploads\/2021\/07\/vintage_wesele.jpg","contentUrl":"https:\/\/www.koronakarkonoszy.pl\/blog\/wp-content\/uploads\/2021\/07\/vintage_wesele.jpg","width":800,"height":534,"caption":"wesele w stylu vintage"},{"@type":"BreadcrumbList","@id":"https:\/\/www.koronakarkonoszy.pl\/blog\/trendy-slubne-wesele-w-stylu-vintage\/#breadcrumb","itemListElement":[{"@type":"ListItem","position":1,"name":"Strona g\u0142\u00f3wna","item":"https:\/\/www.koronakarkonoszy.pl\/blog\/"},{"@type":"ListItem","position":2,"name":"Trendy \u015blubne &#8211; wesele w stylu vintage"}]},{"@type":"WebSite","@id":"https:\/\/www.koronakarkonoszy.pl\/blog\/#website","url":"https:\/\/www.koronakarkonoszy.pl\/blog\/","name":":: Blog weselny","description":"Blog weselny Dw\u00f3r Korona Karkonoszy","potentialAction":[{"@type":"SearchAction","target":{"@type":"EntryPoint","urlTemplate":"https:\/\/www.koronakarkonoszy.pl\/blog\/?s={search_term_string}"},"query-input":{"@type":"PropertyValueSpecification","valueRequired":true,"valueName":"search_term_string"}}],"inLanguage":"pl-PL"},{"@type":"Person","@id":"https:\/\/www.koronakarkonoszy.pl\/blog\/#\/schema\/person\/ec8c88bd01ebe6cbf6a16435ce22276f","name":"agnieszka","image":{"@type":"ImageObject","inLanguage":"pl-PL","@id":"https:\/\/www.koronakarkonoszy.pl\/blog\/wp-content\/litespeed\/avatar\/53ee7b676463f74d0aea1a09de3d003b.jpg?ver=1776833699","url":"https:\/\/www.koronakarkonoszy.pl\/blog\/wp-content\/litespeed\/avatar\/53ee7b676463f74d0aea1a09de3d003b.jpg?ver=1776833699","contentUrl":"https:\/\/www.koronakarkonoszy.pl\/blog\/wp-content\/litespeed\/avatar\/53ee7b676463f74d0aea1a09de3d003b.jpg?ver=1776833699","caption":"agnieszka"},"url":"https:\/\/www.koronakarkonoszy.pl\/blog\/author\/agnieszka\/"}]}},"_links":{"self":[{"href":"https:\/\/www.koronakarkonoszy.pl\/blog\/wp-json\/wp\/v2\/posts\/783","targetHints":{"allow":["GET"]}}],"collection":[{"href":"https:\/\/www.koronakarkonoszy.pl\/blog\/wp-json\/wp\/v2\/posts"}],"about":[{"href":"https:\/\/www.koronakarkonoszy.pl\/blog\/wp-json\/wp\/v2\/types\/post"}],"author":[{"embeddable":true,"href":"https:\/\/www.koronakarkonoszy.pl\/blog\/wp-json\/wp\/v2\/users\/11"}],"replies":[{"embeddable":true,"href":"https:\/\/www.koronakarkonoszy.pl\/blog\/wp-json\/wp\/v2\/comments?post=783"}],"version-history":[{"count":0,"href":"https:\/\/www.koronakarkonoszy.pl\/blog\/wp-json\/wp\/v2\/posts\/783\/revisions"}],"wp:featuredmedia":[{"embeddable":true,"href":"https:\/\/www.koronakarkonoszy.pl\/blog\/wp-json\/wp\/v2\/media\/787"}],"wp:attachment":[{"href":"https:\/\/www.koronakarkonoszy.pl\/blog\/wp-json\/wp\/v2\/media?parent=783"}],"wp:term":[{"taxonomy":"category","embeddable":true,"href":"https:\/\/www.koronakarkonoszy.pl\/blog\/wp-json\/wp\/v2\/categories?post=783"}],"curies":[{"name":"wp","href":"https:\/\/api.w.org\/{rel}","templated":true}]}}