{"id":663,"date":"2020-06-30T20:31:00","date_gmt":"2020-06-30T18:31:00","guid":{"rendered":"https:\/\/www.koronakarkonoszy.pl\/blog\/?p=663"},"modified":"2023-02-09T19:47:33","modified_gmt":"2023-02-09T18:47:33","slug":"ustawienie-stolow-na-weselu","status":"publish","type":"post","link":"https:\/\/www.koronakarkonoszy.pl\/blog\/ustawienie-stolow-na-weselu\/","title":{"rendered":"Ustawienie sto\u0142\u00f3w na weselu"},"content":{"rendered":"\n<p><strong>Jakie ustawienie sto\u0142\u00f3w na weselu wybra\u0107 &#8211; to pytanie zadaje sobie niejedna Para M\u0142oda. Kiedy zdecydowali\u015bmy si\u0119 ju\u017c na konkretn\u0105 sal\u0119 weseln\u0105, pora wybra\u0107 pozosta\u0142e detale, m.in. uk\u0142ad sto\u0142\u00f3w. Temat z pozoru wydaje si\u0119 by\u0107 prosty, jednak je\u015bli si\u0119 troch\u0119 zastanowi\u0107, oka\u017ce si\u0119, \u017ce nietrafny uk\u0142ad sto\u0142\u00f3w mo\u017ce zepsu\u0107 najlepiej przygotowane wesele. Jak to mo\u017cliwe?<\/strong><\/p>\n\n\n<div id=\"ariadna-block_60f08053b1cb3\" class=\"ariadna\">\r\n    <ul><li><a href=\"#h-opcje-ustawienia-sto-w-na-weselu\">Opcje ustawienia sto\u0142\u00f3w na weselu<\/a><\/li><li><a href=\"#h-ustawienie-sto-w-na-weselu-a-kontakty-towarzyskie\">Ustawienie sto\u0142\u00f3w na weselu a kontakty towarzyskie<\/a><\/li><li><a href=\"#h-okr-g-e-sto-y-na-wesele-zagro-enia\">Okr\u0105g\u0142e sto\u0142y na wesele &#8211; zagro\u017cenia<\/a><\/li><li><a href=\"#ha-idealne-miejsce-na-slub-i-wesele\">Idealne miejsce na \u015blub i wesele?<\/a><\/li><li><a href=\"#h-sto-y-na-wesele\">Sto\u0142y na wesele<\/a><\/li><\/ul>\r\n<\/div>\r\n\r\n\r\n\r\n\n\n\n<p>Wyobra\u017acie sobie tak\u0105 sytuacj\u0119. Jeste\u015bcie go\u015b\u0107mi, a&nbsp;wesele&nbsp;jest wyj\u0105tkowo liczne. Dostali\u015bcie stolik w rogu, za filarem, gdzie jest tak ciasno, \u017ce nie macie ochoty przeciska\u0107 si\u0119 przez ca\u0142\u0105 sal\u0119. Siedzicie wi\u0119c na swoim miejscu, cho\u0107 w planach mieli\u015bcie integracj\u0119 z dawno niewidzianym wujkiem. Lub te\u017c macie tak ma\u0142o miejsca, \u017ce po kilku chwilach cierpn\u0105 wam nogi. Ka\u017cdemu zepsu\u0142by si\u0119 humor. A nie o to &nbsp;chodzi na weselu!<\/p>\n\n\n\n<p>Przeczytajcie zatem kilka porad jak ustawia\u0107 sto\u0142y oraz rozsadza\u0107 go\u015bci na weselu aby wszyscy dobrze si\u0119 bawili.<\/p>\n\n\n\n<div class=\"wp-block-image\"><figure class=\"aligncenter size-large\"><img loading=\"lazy\" decoding=\"async\" width=\"800\" height=\"534\" src=\"https:\/\/www.koronakarkonoszy.pl\/blog\/wp-content\/uploads\/2021\/07\/sala_ludzie.jpg\" alt=\"sala ludzie\" class=\"wp-image-666\" srcset=\"https:\/\/www.koronakarkonoszy.pl\/blog\/wp-content\/uploads\/2021\/07\/sala_ludzie.jpg 800w, https:\/\/www.koronakarkonoszy.pl\/blog\/wp-content\/uploads\/2021\/07\/sala_ludzie-300x200.jpg 300w, https:\/\/www.koronakarkonoszy.pl\/blog\/wp-content\/uploads\/2021\/07\/sala_ludzie-768x513.jpg 768w\" sizes=\"auto, (max-width: 800px) 100vw, 800px\" \/><\/figure><\/div>\n\n\n\n<h2 class=\"wp-block-heading\" id=\"h-opcje-ustawienia-sto-w-na-weselu\">Opcje ustawienia sto\u0142\u00f3w na weselu<\/h2>\n\n\n\n<p><strong>D\u0141UGI, POJEDYNCZY ST\u00d3\u0141.<\/strong>&nbsp;Cz\u0119ste rozwi\u0105zanie przy mniejszych weselach i niedu\u017cych salach. Niestety taki wyb\u00f3r nie sprzyja integracji, go\u015bcie mog\u0105 rozmawia\u0107 tylko z kilkoma osobami po bokach i naprzeciwko. Jak radzi nasz ekspert weselny Joanna Hoc-Kopiej: &#8222;w tej sytuacji lepiej wybra\u0107 opcj\u0119 kilku okr\u0105g\u0142ych sto\u0142\u00f3w. Go\u015bci usadzamy wg wieku oraz wzajemnej sympatii. Np. stolik dla znajomych, najbli\u017cszej rodziny, dalszej rodziny, dzieci etc.&#8221;.<br><strong>STO\u0141Y POD\u0141U\u017bNE ustawione podkow\u0119 lub liter\u0119 L.<\/strong>&nbsp;To klasyczne rozwi\u0105zanie, dobre zar\u00f3wno dla mniejszych jak i wi\u0119kszych wesel. \u015arodkowy, centralny st\u00f3\u0142, przeznaczamy dla M\u0142odej Pary. Nast\u0119pnie rodzicie Pa\u0144stwa M\u0142odych, \u015bwiadkowie, najbli\u017csza rodzina i przyjaciele. UWAGA! Przy usadzaniu go\u015bci pami\u0119tajmy o zasadzie kobieta \u2013 m\u0119\u017cczyzna \u2013 kobieta &#8211; m\u0119\u017cczyzna.&nbsp;<\/p>\n\n\n<section id=\"leonardo-block_60f080b5b1cb5\" class=\"leonardo page-breaker leonardo-image-right\">\r\n    <div class=\"leonardo-body\">\r\n                <div class=\"leonardo-content\"><p><strong data-rich-text-format-boundary=\"true\">STO\u0141Y POD\u0141U\u017bNE ustawione r\u00f3wnolegle.<\/strong>\u00a0Coraz cz\u0119\u015bciej stosowany uk\u0142ad. Pami\u0119tajmy jednak, aby zostawi\u0107 swobodn\u0105 przestrze\u0144 do poruszania si\u0119 naszych dla go\u015bci. St\u00f3\u0142 Pary M\u0142odej i najbli\u017cszej rodziny ustawiamy prostopadle do reszty sto\u0142\u00f3w, tak aby M\u0142odzi stanowili punkt centralny. Sal\u0119 dzielimy na p\u00f3\u0142: miejsce odpoczynku, konwersacji, posi\u0142ku i toast\u00f3w oraz miejsce do ta\u0144czenia.<\/p>\n<\/div>\r\n            <\/div>\r\n    <div class=\"leonardo-image\">\r\n        <img loading=\"lazy\" decoding=\"async\" width=\"800\" height=\"534\" src=\"https:\/\/www.koronakarkonoszy.pl\/blog\/wp-content\/uploads\/2021\/07\/wesele_dekoracje_sali___7_.jpg\" class=\"attachment-full size-full\" alt=\"wesele dekoracje sali\" srcset=\"https:\/\/www.koronakarkonoszy.pl\/blog\/wp-content\/uploads\/2021\/07\/wesele_dekoracje_sali___7_.jpg 800w, https:\/\/www.koronakarkonoszy.pl\/blog\/wp-content\/uploads\/2021\/07\/wesele_dekoracje_sali___7_-300x200.jpg 300w, https:\/\/www.koronakarkonoszy.pl\/blog\/wp-content\/uploads\/2021\/07\/wesele_dekoracje_sali___7_-768x513.jpg 768w\" sizes=\"auto, (max-width: 800px) 100vw, 800px\" \/>            <\/div>\r\n<\/section>\n\n\n<p><strong>STO\u0141Y OKR\u0104G\u0141E stylu bankietowym.&nbsp;<\/strong>Bardzo ciekawe i w ostatnim sezonie niezwykle popularne&nbsp;ustawienie.&nbsp;Pami\u0119tajmy jednak \u017ce przy tej opcji zmie\u015bci si\u0119 nieco mniej os\u00f3b, wi\u0119c rozwi\u0105zanie to polecane jest do mniejszych wesel. Je\u015bli go\u015bcie nie znaj\u0105 si\u0119 zbyt dobrze, istnieje&nbsp;ryzyko, \u017ce b\u0119d\u0105 bawi\u0107 si\u0119 tylko w ma\u0142ych grupkach przy swoich stolikach i nie zintegruj\u0105 si\u0119.<\/p>\n\n\n\n<h2 class=\"wp-block-heading\" id=\"h-ustawienie-sto-w-na-weselu-a-kontakty-towarzyskie\">Ustawienie sto\u0142\u00f3w na weselu a kontakty towarzyskie<\/h2>\n\n\n\n<p>Dla wielu Par M\u0142odych ustawienie sto\u0142\u00f3w na weselu to jeden z najtrudniejszych element\u00f3w ca\u0142ego przyj\u0119cia. Nad ca\u0142\u0105 koncepcj\u0105 sp\u0119dzaj\u0105 mn\u00f3stwo czasu, a na koniec s\u0105 ju\u017c tak zm\u0119czeni, \u017ce sto\u0142y na wesele ustawiaj\u0105 zupe\u0142nie przypadkowo. Nale\u017cy jednak pami\u0119ta\u0107, \u017ce wesele to ten rodzaj imprezy, na kt\u00f3rej nie tylko Para M\u0142oda ma si\u0119 \u015bwietnie bawi\u0107, ale r\u00f3wnie\u017c jej go\u015bcie. Ich samopoczucie wp\u0142ynie bezpo\u015brednio na odbi\u00f3r ca\u0142ej uroczysto\u015bci, dlatego pami\u0119tajmy o kilku aspektach, z kt\u00f3rych najwa\u017cniejszym s\u0105 rodzinne relacje.<br><br>Z uwagi na kultur\u0119 osobist\u0105 i poszanowanie go\u015bci nie powinni\u015bmy sadza\u0107 blisko siebie os\u00f3b pozostaj\u0105cych w konflikcie. Ani dla nich, ani dla os\u00f3b siedz\u0105cych blisko, nie b\u0119dzie to komfortowa sytuacja. Postarajmy si\u0119 usadzi\u0107 ich tak, aby nie czuli si\u0119 ani skr\u0119powani, ani odrzuceni. W\u00f3wczas poczuliby si\u0119 ura\u017ceni i \u017ale odebrali intencje Pary M\u0142odej.<\/p>\n\n\n<section id=\"leonardo-block_60f0807fb1cb4\" class=\"leonardo page-breaker leonardo-image-left\">\r\n    <div class=\"leonardo-body\">\r\n                <div class=\"leonardo-content\"><p>Dlatego cz\u0142onk\u00f3w rodziny pozostaj\u0105cych w konflikcie, nie powinni\u015bmy sadza\u0107 w dw\u00f3ch skrajnych cz\u0119\u015bciach sali. Niech b\u0119d\u0105 daleko od siebie, ale nie za daleko. Nie powinni\u015bmy mie\u0107 tego problemu, je\u015bli mamy okr\u0105g\u0142e sto\u0142y na wesele. W\u00f3wczas wystarczy posadzi\u0107 takich go\u015bci przy osobnych stolikach. Je\u015bli mamy jednak sto\u0142y prostok\u0105tne, zostawmy im nieco miejsca, najlepiej tak, \u017ceby odleg\u0142o\u015b\u0107 mi\u0119dzy nimi by\u0142a por\u00f3wnywalna do usadzenia 6-8 go\u015bci.<\/p>\n<\/div>\r\n            <\/div>\r\n    <div class=\"leonardo-image\">\r\n        <img loading=\"lazy\" decoding=\"async\" width=\"800\" height=\"534\" src=\"https:\/\/www.koronakarkonoszy.pl\/blog\/wp-content\/uploads\/2021\/07\/newwesela-uklad-stolu.jpg\" class=\"attachment-full size-full\" alt=\"wesela uk\u0142ad sto\u0142u\" srcset=\"https:\/\/www.koronakarkonoszy.pl\/blog\/wp-content\/uploads\/2021\/07\/newwesela-uklad-stolu.jpg 800w, https:\/\/www.koronakarkonoszy.pl\/blog\/wp-content\/uploads\/2021\/07\/newwesela-uklad-stolu-300x200.jpg 300w, https:\/\/www.koronakarkonoszy.pl\/blog\/wp-content\/uploads\/2021\/07\/newwesela-uklad-stolu-768x513.jpg 768w\" sizes=\"auto, (max-width: 800px) 100vw, 800px\" \/>            <\/div>\r\n<\/section>\n\n\n<h2 class=\"wp-block-heading\" id=\"h-okr-g-e-sto-y-na-wesele-zagro-enia\">Okr\u0105g\u0142e sto\u0142y na wesele &#8211; zagro\u017cenia<\/h2>\n\n\n\n<p>Pami\u0119tajmy, \u017ce przy wyborze okr\u0105g\u0142ych sto\u0142\u00f3w czeka nas jeden problem. Ot\u00f3\u017c w centralnej cz\u0119\u015bci, gdzie zazwyczaj znajduje si\u0119 bukiet, nie mo\u017cna zas\u0142ania\u0107 twarzy go\u015bci. Prostok\u0105tne sto\u0142y na wesele oszcz\u0119dzaj\u0105 nam tego problemu, poniewa\u017c mo\u017cemy ustawi\u0107 kompozycje na wysoko\u015bci luki mi\u0119dzy go\u015b\u0107mi. Przy okr\u0105g\u0142ych sto\u0142ach musimy uwa\u017ca\u0107 na to, aby go\u015bcie mogli swobodnie rozmawia\u0107. Dlatego kompozycje kwiatowe musz\u0105 by\u0107 albo bardzo wysokie, albo bardzo niskie.<\/p>\n\n\n<section id=\"ctaninja-block_60f08141b1cb6\" class=\"ctaninja\">\r\n    <div class=\"ctaninja-body\">\r\n        <h2 class=\"h1\" id=\"ha-idealne-miejsce-na-slub-i-wesele\">Idealne miejsce na \u015blub i wesele?<\/h2>\r\n        <p>Nie musisz d\u0142u\u017cej szuka\u0107.<\/p>\r\n        <div class=\"nf-container\">\r\n            <noscript class=\"ninja-forms-noscript-message\">\n\tUwaga: ta zawarto\u015b\u0107 wymaga obs\u0142ugi j\u0119zyka JavaScript.<\/noscript>\n<div id=\"nf-form-1-cont\" class=\"nf-form-cont\" aria-live=\"polite\" aria-labelledby=\"nf-form-title-1\" aria-describedby=\"nf-form-errors-1\" role=\"form\">\n\n    <div class=\"nf-loading-spinner\"><\/div>\n\n<\/div>\n        <!-- That data is being printed as a workaround to page builders reordering the order of the scripts loaded-->\n        <script>var formDisplay=1;var nfForms=nfForms||[];var form=[];form.id='1';form.settings={\"objectType\":\"Form Setting\",\"editActive\":\"\",\"title\":\"Contact Me\",\"key\":\"\",\"created_at\":\"2021-05-31 16:57:05\",\"default_label_pos\":\"above\",\"conditions\":[],\"show_title\":\"1\",\"clear_complete\":\"1\",\"hide_complete\":\"1\",\"wrapper_class\":\"\",\"element_class\":\"\",\"add_submit\":\"1\",\"logged_in\":\"\",\"not_logged_in_msg\":\"\",\"sub_limit_number\":\"\",\"sub_limit_msg\":\"\",\"calculations\":[],\"formContentData\":[{\"order\":1,\"cells\":[{\"order\":0,\"fields\":[\"email\"],\"width\":50},{\"order\":1,\"fields\":[\"wyslij_1640001513358\"],\"width\":50}]}],\"container_styles_background-color\":\"\",\"container_styles_border\":\"\",\"container_styles_border-style\":\"\",\"container_styles_border-color\":\"\",\"container_styles_color\":\"\",\"container_styles_height\":\"\",\"container_styles_width\":\"\",\"container_styles_font-size\":\"\",\"container_styles_margin\":\"\",\"container_styles_padding\":\"\",\"container_styles_display\":\"\",\"container_styles_float\":\"\",\"container_styles_show_advanced_css\":\"0\",\"container_styles_advanced\":\"\",\"title_styles_background-color\":\"\",\"title_styles_border\":\"\",\"title_styles_border-style\":\"\",\"title_styles_border-color\":\"\",\"title_styles_color\":\"\",\"title_styles_height\":\"\",\"title_styles_width\":\"\",\"title_styles_font-size\":\"\",\"title_styles_margin\":\"\",\"title_styles_padding\":\"\",\"title_styles_display\":\"\",\"title_styles_float\":\"\",\"title_styles_show_advanced_css\":\"0\",\"title_styles_advanced\":\"\",\"row_styles_background-color\":\"\",\"row_styles_border\":\"\",\"row_styles_border-style\":\"\",\"row_styles_border-color\":\"\",\"row_styles_color\":\"\",\"row_styles_height\":\"\",\"row_styles_width\":\"\",\"row_styles_font-size\":\"\",\"row_styles_margin\":\"\",\"row_styles_padding\":\"\",\"row_styles_display\":\"\",\"row_styles_show_advanced_css\":\"0\",\"row_styles_advanced\":\"\",\"row-odd_styles_background-color\":\"\",\"row-odd_styles_border\":\"\",\"row-odd_styles_border-style\":\"\",\"row-odd_styles_border-color\":\"\",\"row-odd_styles_color\":\"\",\"row-odd_styles_height\":\"\",\"row-odd_styles_width\":\"\",\"row-odd_styles_font-size\":\"\",\"row-odd_styles_margin\":\"\",\"row-odd_styles_padding\":\"\",\"row-odd_styles_display\":\"\",\"row-odd_styles_show_advanced_css\":\"0\",\"row-odd_styles_advanced\":\"\",\"success-msg_styles_background-color\":\"\",\"success-msg_styles_border\":\"\",\"success-msg_styles_border-style\":\"\",\"success-msg_styles_border-color\":\"\",\"success-msg_styles_color\":\"\",\"success-msg_styles_height\":\"\",\"success-msg_styles_width\":\"\",\"success-msg_styles_font-size\":\"\",\"success-msg_styles_margin\":\"\",\"success-msg_styles_padding\":\"\",\"success-msg_styles_display\":\"\",\"success-msg_styles_show_advanced_css\":\"0\",\"success-msg_styles_advanced\":\"\",\"error_msg_styles_background-color\":\"\",\"error_msg_styles_border\":\"\",\"error_msg_styles_border-style\":\"\",\"error_msg_styles_border-color\":\"\",\"error_msg_styles_color\":\"\",\"error_msg_styles_height\":\"\",\"error_msg_styles_width\":\"\",\"error_msg_styles_font-size\":\"\",\"error_msg_styles_margin\":\"\",\"error_msg_styles_padding\":\"\",\"error_msg_styles_display\":\"\",\"error_msg_styles_show_advanced_css\":\"0\",\"error_msg_styles_advanced\":\"\",\"allow_public_link\":0,\"embed_form\":\"\",\"currency\":\"\",\"repeatable_fieldsets\":\"\",\"unique_field_error\":\"Formularz z t\\u0105 warto\\u015bci\\u0105 zosta\\u0142 ju\\u017c przes\\u0142any.\",\"ninjaForms\":\"Ninja Forms\",\"changeEmailErrorMsg\":\"Wprowad\\u017a prawid\\u0142owy adres e-mail!\",\"changeDateErrorMsg\":\"Prosz\\u0119 wpisa\\u0107 prawid\\u0142ow\\u0105 dat\\u0119!\",\"confirmFieldErrorMsg\":\"Te pola musz\\u0105 si\\u0119 zgadza\\u0107!\",\"fieldNumberNumMinError\":\"B\\u0142\\u0105d \\u2014 liczba minimalna\",\"fieldNumberNumMaxError\":\"B\\u0142\\u0105d \\u2014 liczba maksymalna\",\"fieldNumberIncrementBy\":\"Zwi\\u0119ksz o \",\"fieldTextareaRTEInsertLink\":\"Wstaw odno\\u015bnik\",\"fieldTextareaRTEInsertMedia\":\"Wstaw media\",\"fieldTextareaRTESelectAFile\":\"Wybierz plik\",\"formErrorsCorrectErrors\":\"Popraw b\\u0142\\u0119dy, zanim prze\\u015blesz formularz.\",\"formHoneypot\":\"Je\\u015bli jeste\\u015b cz\\u0142owiekiem i widzisz to pole, nie wype\\u0142niaj go.\",\"validateRequiredField\":\"To jest wymagane pole.\",\"honeypotHoneypotError\":\"B\\u0142\\u0105d Honeypot\",\"fileUploadOldCodeFileUploadInProgress\":\"Przesy\\u0142anie pliku w toku.\",\"fileUploadOldCodeFileUpload\":\"PRZESY\\u0141ANIE PLIKU\",\"currencySymbol\":\"&#36;\",\"fieldsMarkedRequired\":\"Pola oznaczone znakiem <span class=\\\"ninja-forms-req-symbol\\\">*<\\\/span> s\\u0105 wymagane\",\"thousands_sep\":\"&nbsp;\",\"decimal_point\":\",\",\"siteLocale\":\"pl_PL\",\"dateFormat\":\"m\\\/d\\\/Y\",\"startOfWeek\":\"1\",\"of\":\"z\",\"previousMonth\":\"Poprzedni miesi\\u0105c\",\"nextMonth\":\"Nast\\u0119pny miesi\\u0105c\",\"months\":[\"Stycze\\u0144\",\"Luty\",\"Marzec\",\"Kwiecie\\u0144\",\"Maj\",\"Czerwiec\",\"Lipiec\",\"Sierpie\\u0144\",\"Wrzesie\\u0144\",\"Pa\\u017adziernik\",\"Listopad\",\"Grudzie\\u0144\"],\"monthsShort\":[\"Sty\",\"Lut\",\"Mar\",\"Kw\",\"Maj\",\"Cze\",\"Lip\",\"Sie\",\"Wrz\",\"Pa\\u017a\",\"Lis\",\"Gru\"],\"weekdays\":[\"Niedziela\",\"Poniedzia\\u0142ek\",\"Wtorek\",\"\\u015aroda\",\"Czwartek\",\"Pi\\u0105tek\",\"Sobota\"],\"weekdaysShort\":[\"Niedz\",\"Pon\",\"Wt\",\"\\u015ar\",\"Czw\",\"Pt\",\"Sob\"],\"weekdaysMin\":[\"Niedz\",\"Pon\",\"Wt\",\"\\u015ar\",\"Czw\",\"Pt\",\"Sob\"],\"recaptchaConsentMissing\":\"reCaptcha validation couldn&#039;t load.\",\"recaptchaMissingCookie\":\"reCaptcha v3 validation couldn&#039;t load the cookie needed to submit the form.\",\"recaptchaConsentEvent\":\"Accept reCaptcha cookies before sending the form.\",\"currency_symbol\":\"\",\"beforeForm\":\"\",\"beforeFields\":\"\",\"afterFields\":\"\",\"afterForm\":\"\"};form.fields=[{\"objectType\":\"Field\",\"objectDomain\":\"fields\",\"editActive\":false,\"order\":1,\"idAttribute\":\"id\",\"label\":\"Email\",\"key\":\"email\",\"type\":\"email\",\"created_at\":\"2021-05-31 16:57:06\",\"label_pos\":\"above\",\"required\":1,\"placeholder\":\"Podaj maila, skontaktujemy si\\u0119 z Tob\\u0105\",\"default\":\"\",\"wrapper_class\":\"\",\"element_class\":\"\",\"container_class\":\"\",\"admin_label\":\"\",\"help_text\":\"\",\"desc_text\":\"\",\"wrap_styles_background-color\":\"\",\"wrap_styles_border\":\"\",\"wrap_styles_border-style\":\"\",\"wrap_styles_border-color\":\"\",\"wrap_styles_color\":\"\",\"wrap_styles_height\":\"\",\"wrap_styles_width\":\"\",\"wrap_styles_font-size\":\"\",\"wrap_styles_margin\":\"\",\"wrap_styles_padding\":\"\",\"wrap_styles_display\":\"\",\"wrap_styles_float\":\"\",\"wrap_styles_show_advanced_css\":0,\"wrap_styles_advanced\":\"\",\"label_styles_background-color\":\"\",\"label_styles_border\":\"\",\"label_styles_border-style\":\"\",\"label_styles_border-color\":\"\",\"label_styles_color\":\"\",\"label_styles_height\":\"\",\"label_styles_width\":\"\",\"label_styles_font-size\":\"\",\"label_styles_margin\":\"\",\"label_styles_padding\":\"\",\"label_styles_display\":\"\",\"label_styles_float\":\"\",\"label_styles_show_advanced_css\":0,\"label_styles_advanced\":\"\",\"element_styles_background-color\":\"\",\"element_styles_border\":\"\",\"element_styles_border-style\":\"\",\"element_styles_border-color\":\"\",\"element_styles_color\":\"\",\"element_styles_height\":\"\",\"element_styles_width\":\"\",\"element_styles_font-size\":\"\",\"element_styles_margin\":\"\",\"element_styles_padding\":\"\",\"element_styles_display\":\"\",\"element_styles_float\":\"\",\"element_styles_show_advanced_css\":0,\"element_styles_advanced\":\"\",\"cellcid\":\"c3375\",\"custom_name_attribute\":\"email\",\"personally_identifiable\":1,\"value\":\"\",\"drawerDisabled\":false,\"id\":2,\"beforeField\":\"\",\"afterField\":\"\",\"parentType\":\"email\",\"element_templates\":[\"email\",\"input\"],\"old_classname\":\"\",\"wrap_template\":\"wrap\"},{\"objectType\":\"Field\",\"objectDomain\":\"fields\",\"editActive\":false,\"order\":2,\"idAttribute\":\"id\",\"label\":\"Wy\\u015blij\",\"key\":\"wyslij_1640001513358\",\"type\":\"submit\",\"created_at\":\"2021-05-31 16:57:06\",\"processing_label\":\"Wysy\\u0142anie...\",\"container_class\":\"\",\"element_class\":\"\",\"wrap_styles_background-color\":\"\",\"wrap_styles_border\":\"\",\"wrap_styles_border-style\":\"\",\"wrap_styles_border-color\":\"\",\"wrap_styles_color\":\"\",\"wrap_styles_height\":\"\",\"wrap_styles_width\":\"\",\"wrap_styles_font-size\":\"\",\"wrap_styles_margin\":\"\",\"wrap_styles_padding\":\"\",\"wrap_styles_display\":\"\",\"wrap_styles_float\":\"\",\"wrap_styles_show_advanced_css\":0,\"wrap_styles_advanced\":\"\",\"label_styles_background-color\":\"\",\"label_styles_border\":\"\",\"label_styles_border-style\":\"\",\"label_styles_border-color\":\"\",\"label_styles_color\":\"\",\"label_styles_height\":\"\",\"label_styles_width\":\"\",\"label_styles_font-size\":\"\",\"label_styles_margin\":\"\",\"label_styles_padding\":\"\",\"label_styles_display\":\"\",\"label_styles_float\":\"\",\"label_styles_show_advanced_css\":0,\"label_styles_advanced\":\"\",\"element_styles_background-color\":\"\",\"element_styles_border\":\"\",\"element_styles_border-style\":\"\",\"element_styles_border-color\":\"\",\"element_styles_color\":\"\",\"element_styles_height\":\"\",\"element_styles_width\":\"\",\"element_styles_font-size\":\"\",\"element_styles_margin\":\"\",\"element_styles_padding\":\"\",\"element_styles_display\":\"\",\"element_styles_float\":\"\",\"element_styles_show_advanced_css\":0,\"element_styles_advanced\":\"\",\"submit_element_hover_styles_background-color\":\"\",\"submit_element_hover_styles_border\":\"\",\"submit_element_hover_styles_border-style\":\"\",\"submit_element_hover_styles_border-color\":\"\",\"submit_element_hover_styles_color\":\"\",\"submit_element_hover_styles_height\":\"\",\"submit_element_hover_styles_width\":\"\",\"submit_element_hover_styles_font-size\":\"\",\"submit_element_hover_styles_margin\":\"\",\"submit_element_hover_styles_padding\":\"\",\"submit_element_hover_styles_display\":\"\",\"submit_element_hover_styles_float\":\"\",\"submit_element_hover_styles_show_advanced_css\":0,\"submit_element_hover_styles_advanced\":\"\",\"cellcid\":\"c3378\",\"drawerDisabled\":false,\"id\":4,\"beforeField\":\"\",\"afterField\":\"\",\"value\":\"\",\"label_pos\":\"above\",\"parentType\":\"textbox\",\"element_templates\":[\"submit\",\"button\",\"input\"],\"old_classname\":\"\",\"wrap_template\":\"wrap-no-label\"}];nfForms.push(form);<\/script>\n                <script id=\"nf-tmpl-cell\" type=\"text\/template\">\n            <nf-fields><\/nf-fields>\n        <\/script>\n\n        <script id=\"nf-tmpl-row\" type=\"text\/template\">\n            <nf-cells><\/nf-cells>\n        <\/script>\n\n                <\/div>\r\n    <\/div>\r\n    <div class=\"ctaninja-onm ctaninja-onm-1 rbg\"><\/div>\r\n    <div class=\"ctaninja-onm ctaninja-onm-2 rbg\"><\/div>\r\n<\/section>\n\n\n<h2 class=\"wp-block-heading\" id=\"h-sto-y-na-wesele\">Sto\u0142y na wesele<\/h2>\n\n\n\n<p>Je\u015bli zastanawiacie si\u0119 nad sto\u0142ami, najpierw odpowiedzcie sobie na pytanie, w jakim stylu jest Wasze przyj\u0119cie. Je\u015bli jest to impreza w stylu glamour, idealnie sprawdz\u0105 si\u0119 sto\u0142y okr\u0105g\u0142e. Do wesel rustykalnych czy wiejskich pasowa\u0107 b\u0119d\u0105 sto\u0142y pod\u0142u\u017cne.<br><br>Wbrew pozorom sto\u0142y prostok\u0105tne ograniczaj\u0105 nam integracj\u0119 z innymi, bowiem mo\u017cemy komunikowa\u0107 si\u0119 swobodnie jedynie z oko\u0142o 6 osobami. Do reszty musimy si\u0119 wychyla\u0107 i krzycze\u0107. Sto\u0142y okr\u0105g\u0142e zapewniaj\u0105 nam swobod\u0119 rozmowy z praktycznie ka\u017cd\u0105 osob\u0105 przy stoliku, wi\u0119c mamy do dyspozycji od 10 do 12 os\u00f3b. Jednak to na parkiecie powinna odbywa\u0107 si\u0119 najwi\u0119ksza integracja!<br><br>Niezale\u017cnie jaki plan sto\u0142\u00f3w na wesele wybierzemy pami\u0119tajmy te\u017c, aby przeznaczy\u0107 stolik dla obs\u0142ugi oraz zespo\u0142u. Osoby starsze, niepe\u0142nosprawni oraz dzieci usadzamy blisko toalety oraz tak, aby mia\u0142y swobody dost\u0119p do sali. Radzimy tak\u017ce ustawi\u0107 przed wej\u015bciem plan ustawienia stolik\u00f3w, tak aby ka\u017cdy mia\u0142 pewno\u015b\u0107 \u017ce siedzi na swoim miejscu \ud83d\ude42<\/p>\n","protected":false},"excerpt":{"rendered":"<p>Jakie ustawienie sto\u0142\u00f3w na weselu wybra\u0107 &#8211; to pytanie zadaje sobie niejedna Para M\u0142oda. Kiedy zdecydowali\u015bmy si\u0119 ju\u017c na konkretn\u0105 sal\u0119 weseln\u0105, pora wybra\u0107 pozosta\u0142e detale, m.in. uk\u0142ad sto\u0142\u00f3w. Temat z pozoru wydaje si\u0119 by\u0107 prosty, jednak je\u015bli si\u0119 troch\u0119 zastanowi\u0107, oka\u017ce si\u0119, \u017ce nietrafny uk\u0142ad sto\u0142\u00f3w mo\u017ce zepsu\u0107 najlepiej przygotowane wesele. Jak to mo\u017cliwe? [&hellip;]<\/p>\n","protected":false},"author":11,"featured_media":664,"comment_status":"closed","ping_status":"closed","sticky":false,"template":"","format":"standard","meta":{"_acf_changed":false,"footnotes":""},"categories":[2,11],"class_list":["post-663","post","type-post","status-publish","format-standard","has-post-thumbnail","hentry","category-porady","category-sala-weselna"],"acf":[],"yoast_head":"<!-- This site is optimized with the Yoast SEO plugin v27.5 - https:\/\/yoast.com\/product\/yoast-seo-wordpress\/ -->\n<title>Ustawienie sto\u0142\u00f3w na weselu - :: Blog weselny<\/title>\n<meta name=\"description\" content=\"Jakie ustawienie sto\u0142\u00f3w na weselu wybra\u0107 - to pytanie zadaje sobie niejedna Para M\u0142oda. Podpowiadamy co i kiedy sprawdzi si\u0119 najlepiej.\" \/>\n<meta name=\"robots\" content=\"index, follow, max-snippet:-1, max-image-preview:large, max-video-preview:-1\" \/>\n<link rel=\"canonical\" href=\"https:\/\/www.koronakarkonoszy.pl\/blog\/ustawienie-stolow-na-weselu\/\" \/>\n<meta property=\"og:locale\" content=\"pl_PL\" \/>\n<meta property=\"og:type\" content=\"article\" \/>\n<meta property=\"og:title\" content=\"Ustawienie sto\u0142\u00f3w na weselu - :: Blog weselny\" \/>\n<meta property=\"og:description\" content=\"Jakie ustawienie sto\u0142\u00f3w na weselu wybra\u0107 - to pytanie zadaje sobie niejedna Para M\u0142oda. Podpowiadamy co i kiedy sprawdzi si\u0119 najlepiej.\" \/>\n<meta property=\"og:url\" content=\"https:\/\/www.koronakarkonoszy.pl\/blog\/ustawienie-stolow-na-weselu\/\" \/>\n<meta property=\"og:site_name\" content=\":: Blog weselny\" \/>\n<meta property=\"article:published_time\" content=\"2020-06-30T18:31:00+00:00\" \/>\n<meta property=\"article:modified_time\" content=\"2023-02-09T18:47:33+00:00\" \/>\n<meta property=\"og:image\" content=\"https:\/\/www.koronakarkonoszy.pl\/blog\/wp-content\/uploads\/2021\/07\/newwesela-uklad-stolu.jpg\" \/>\n\t<meta property=\"og:image:width\" content=\"800\" \/>\n\t<meta property=\"og:image:height\" content=\"534\" \/>\n\t<meta property=\"og:image:type\" content=\"image\/jpeg\" \/>\n<meta name=\"author\" content=\"agnieszka\" \/>\n<meta name=\"twitter:card\" content=\"summary_large_image\" \/>\n<meta name=\"twitter:label1\" content=\"Napisane przez\" \/>\n\t<meta name=\"twitter:data1\" content=\"agnieszka\" \/>\n\t<meta name=\"twitter:label2\" content=\"Szacowany czas czytania\" \/>\n\t<meta name=\"twitter:data2\" content=\"4 minuty\" \/>\n<script type=\"application\/ld+json\" class=\"yoast-schema-graph\">{\"@context\":\"https:\\\/\\\/schema.org\",\"@graph\":[{\"@type\":\"Article\",\"@id\":\"https:\\\/\\\/www.koronakarkonoszy.pl\\\/blog\\\/ustawienie-stolow-na-weselu\\\/#article\",\"isPartOf\":{\"@id\":\"https:\\\/\\\/www.koronakarkonoszy.pl\\\/blog\\\/ustawienie-stolow-na-weselu\\\/\"},\"author\":{\"name\":\"agnieszka\",\"@id\":\"https:\\\/\\\/www.koronakarkonoszy.pl\\\/blog\\\/#\\\/schema\\\/person\\\/ec8c88bd01ebe6cbf6a16435ce22276f\"},\"headline\":\"Ustawienie sto\u0142\u00f3w na weselu\",\"datePublished\":\"2020-06-30T18:31:00+00:00\",\"dateModified\":\"2023-02-09T18:47:33+00:00\",\"mainEntityOfPage\":{\"@id\":\"https:\\\/\\\/www.koronakarkonoszy.pl\\\/blog\\\/ustawienie-stolow-na-weselu\\\/\"},\"wordCount\":832,\"image\":{\"@id\":\"https:\\\/\\\/www.koronakarkonoszy.pl\\\/blog\\\/ustawienie-stolow-na-weselu\\\/#primaryimage\"},\"thumbnailUrl\":\"https:\\\/\\\/www.koronakarkonoszy.pl\\\/blog\\\/wp-content\\\/uploads\\\/2021\\\/07\\\/newwesela-uklad-stolu.jpg\",\"articleSection\":[\"Porady\",\"Sala weselna\"],\"inLanguage\":\"pl-PL\"},{\"@type\":\"WebPage\",\"@id\":\"https:\\\/\\\/www.koronakarkonoszy.pl\\\/blog\\\/ustawienie-stolow-na-weselu\\\/\",\"url\":\"https:\\\/\\\/www.koronakarkonoszy.pl\\\/blog\\\/ustawienie-stolow-na-weselu\\\/\",\"name\":\"Ustawienie sto\u0142\u00f3w na weselu - :: Blog weselny\",\"isPartOf\":{\"@id\":\"https:\\\/\\\/www.koronakarkonoszy.pl\\\/blog\\\/#website\"},\"primaryImageOfPage\":{\"@id\":\"https:\\\/\\\/www.koronakarkonoszy.pl\\\/blog\\\/ustawienie-stolow-na-weselu\\\/#primaryimage\"},\"image\":{\"@id\":\"https:\\\/\\\/www.koronakarkonoszy.pl\\\/blog\\\/ustawienie-stolow-na-weselu\\\/#primaryimage\"},\"thumbnailUrl\":\"https:\\\/\\\/www.koronakarkonoszy.pl\\\/blog\\\/wp-content\\\/uploads\\\/2021\\\/07\\\/newwesela-uklad-stolu.jpg\",\"datePublished\":\"2020-06-30T18:31:00+00:00\",\"dateModified\":\"2023-02-09T18:47:33+00:00\",\"author\":{\"@id\":\"https:\\\/\\\/www.koronakarkonoszy.pl\\\/blog\\\/#\\\/schema\\\/person\\\/ec8c88bd01ebe6cbf6a16435ce22276f\"},\"description\":\"Jakie ustawienie sto\u0142\u00f3w na weselu wybra\u0107 - to pytanie zadaje sobie niejedna Para M\u0142oda. Podpowiadamy co i kiedy sprawdzi si\u0119 najlepiej.\",\"breadcrumb\":{\"@id\":\"https:\\\/\\\/www.koronakarkonoszy.pl\\\/blog\\\/ustawienie-stolow-na-weselu\\\/#breadcrumb\"},\"inLanguage\":\"pl-PL\",\"potentialAction\":[{\"@type\":\"ReadAction\",\"target\":[\"https:\\\/\\\/www.koronakarkonoszy.pl\\\/blog\\\/ustawienie-stolow-na-weselu\\\/\"]}]},{\"@type\":\"ImageObject\",\"inLanguage\":\"pl-PL\",\"@id\":\"https:\\\/\\\/www.koronakarkonoszy.pl\\\/blog\\\/ustawienie-stolow-na-weselu\\\/#primaryimage\",\"url\":\"https:\\\/\\\/www.koronakarkonoszy.pl\\\/blog\\\/wp-content\\\/uploads\\\/2021\\\/07\\\/newwesela-uklad-stolu.jpg\",\"contentUrl\":\"https:\\\/\\\/www.koronakarkonoszy.pl\\\/blog\\\/wp-content\\\/uploads\\\/2021\\\/07\\\/newwesela-uklad-stolu.jpg\",\"width\":800,\"height\":534,\"caption\":\"wesela uk\u0142ad sto\u0142u\"},{\"@type\":\"BreadcrumbList\",\"@id\":\"https:\\\/\\\/www.koronakarkonoszy.pl\\\/blog\\\/ustawienie-stolow-na-weselu\\\/#breadcrumb\",\"itemListElement\":[{\"@type\":\"ListItem\",\"position\":1,\"name\":\"Strona g\u0142\u00f3wna\",\"item\":\"https:\\\/\\\/www.koronakarkonoszy.pl\\\/blog\\\/\"},{\"@type\":\"ListItem\",\"position\":2,\"name\":\"Ustawienie sto\u0142\u00f3w na weselu\"}]},{\"@type\":\"WebSite\",\"@id\":\"https:\\\/\\\/www.koronakarkonoszy.pl\\\/blog\\\/#website\",\"url\":\"https:\\\/\\\/www.koronakarkonoszy.pl\\\/blog\\\/\",\"name\":\":: Blog weselny\",\"description\":\"Blog weselny Dw\u00f3r Korona Karkonoszy\",\"potentialAction\":[{\"@type\":\"SearchAction\",\"target\":{\"@type\":\"EntryPoint\",\"urlTemplate\":\"https:\\\/\\\/www.koronakarkonoszy.pl\\\/blog\\\/?s={search_term_string}\"},\"query-input\":{\"@type\":\"PropertyValueSpecification\",\"valueRequired\":true,\"valueName\":\"search_term_string\"}}],\"inLanguage\":\"pl-PL\"},{\"@type\":\"Person\",\"@id\":\"https:\\\/\\\/www.koronakarkonoszy.pl\\\/blog\\\/#\\\/schema\\\/person\\\/ec8c88bd01ebe6cbf6a16435ce22276f\",\"name\":\"agnieszka\",\"image\":{\"@type\":\"ImageObject\",\"inLanguage\":\"pl-PL\",\"@id\":\"https:\\\/\\\/www.koronakarkonoszy.pl\\\/blog\\\/wp-content\\\/litespeed\\\/avatar\\\/53ee7b676463f74d0aea1a09de3d003b.jpg?ver=1777438794\",\"url\":\"https:\\\/\\\/www.koronakarkonoszy.pl\\\/blog\\\/wp-content\\\/litespeed\\\/avatar\\\/53ee7b676463f74d0aea1a09de3d003b.jpg?ver=1777438794\",\"contentUrl\":\"https:\\\/\\\/www.koronakarkonoszy.pl\\\/blog\\\/wp-content\\\/litespeed\\\/avatar\\\/53ee7b676463f74d0aea1a09de3d003b.jpg?ver=1777438794\",\"caption\":\"agnieszka\"},\"url\":\"https:\\\/\\\/www.koronakarkonoszy.pl\\\/blog\\\/author\\\/agnieszka\\\/\"}]}<\/script>\n<!-- \/ Yoast SEO plugin. -->","yoast_head_json":{"title":"Ustawienie sto\u0142\u00f3w na weselu - :: Blog weselny","description":"Jakie ustawienie sto\u0142\u00f3w na weselu wybra\u0107 - to pytanie zadaje sobie niejedna Para M\u0142oda. Podpowiadamy co i kiedy sprawdzi si\u0119 najlepiej.","robots":{"index":"index","follow":"follow","max-snippet":"max-snippet:-1","max-image-preview":"max-image-preview:large","max-video-preview":"max-video-preview:-1"},"canonical":"https:\/\/www.koronakarkonoszy.pl\/blog\/ustawienie-stolow-na-weselu\/","og_locale":"pl_PL","og_type":"article","og_title":"Ustawienie sto\u0142\u00f3w na weselu - :: Blog weselny","og_description":"Jakie ustawienie sto\u0142\u00f3w na weselu wybra\u0107 - to pytanie zadaje sobie niejedna Para M\u0142oda. Podpowiadamy co i kiedy sprawdzi si\u0119 najlepiej.","og_url":"https:\/\/www.koronakarkonoszy.pl\/blog\/ustawienie-stolow-na-weselu\/","og_site_name":":: Blog weselny","article_published_time":"2020-06-30T18:31:00+00:00","article_modified_time":"2023-02-09T18:47:33+00:00","og_image":[{"width":800,"height":534,"url":"https:\/\/www.koronakarkonoszy.pl\/blog\/wp-content\/uploads\/2021\/07\/newwesela-uklad-stolu.jpg","type":"image\/jpeg"}],"author":"agnieszka","twitter_card":"summary_large_image","twitter_misc":{"Napisane przez":"agnieszka","Szacowany czas czytania":"4 minuty"},"schema":{"@context":"https:\/\/schema.org","@graph":[{"@type":"Article","@id":"https:\/\/www.koronakarkonoszy.pl\/blog\/ustawienie-stolow-na-weselu\/#article","isPartOf":{"@id":"https:\/\/www.koronakarkonoszy.pl\/blog\/ustawienie-stolow-na-weselu\/"},"author":{"name":"agnieszka","@id":"https:\/\/www.koronakarkonoszy.pl\/blog\/#\/schema\/person\/ec8c88bd01ebe6cbf6a16435ce22276f"},"headline":"Ustawienie sto\u0142\u00f3w na weselu","datePublished":"2020-06-30T18:31:00+00:00","dateModified":"2023-02-09T18:47:33+00:00","mainEntityOfPage":{"@id":"https:\/\/www.koronakarkonoszy.pl\/blog\/ustawienie-stolow-na-weselu\/"},"wordCount":832,"image":{"@id":"https:\/\/www.koronakarkonoszy.pl\/blog\/ustawienie-stolow-na-weselu\/#primaryimage"},"thumbnailUrl":"https:\/\/www.koronakarkonoszy.pl\/blog\/wp-content\/uploads\/2021\/07\/newwesela-uklad-stolu.jpg","articleSection":["Porady","Sala weselna"],"inLanguage":"pl-PL"},{"@type":"WebPage","@id":"https:\/\/www.koronakarkonoszy.pl\/blog\/ustawienie-stolow-na-weselu\/","url":"https:\/\/www.koronakarkonoszy.pl\/blog\/ustawienie-stolow-na-weselu\/","name":"Ustawienie sto\u0142\u00f3w na weselu - :: Blog weselny","isPartOf":{"@id":"https:\/\/www.koronakarkonoszy.pl\/blog\/#website"},"primaryImageOfPage":{"@id":"https:\/\/www.koronakarkonoszy.pl\/blog\/ustawienie-stolow-na-weselu\/#primaryimage"},"image":{"@id":"https:\/\/www.koronakarkonoszy.pl\/blog\/ustawienie-stolow-na-weselu\/#primaryimage"},"thumbnailUrl":"https:\/\/www.koronakarkonoszy.pl\/blog\/wp-content\/uploads\/2021\/07\/newwesela-uklad-stolu.jpg","datePublished":"2020-06-30T18:31:00+00:00","dateModified":"2023-02-09T18:47:33+00:00","author":{"@id":"https:\/\/www.koronakarkonoszy.pl\/blog\/#\/schema\/person\/ec8c88bd01ebe6cbf6a16435ce22276f"},"description":"Jakie ustawienie sto\u0142\u00f3w na weselu wybra\u0107 - to pytanie zadaje sobie niejedna Para M\u0142oda. Podpowiadamy co i kiedy sprawdzi si\u0119 najlepiej.","breadcrumb":{"@id":"https:\/\/www.koronakarkonoszy.pl\/blog\/ustawienie-stolow-na-weselu\/#breadcrumb"},"inLanguage":"pl-PL","potentialAction":[{"@type":"ReadAction","target":["https:\/\/www.koronakarkonoszy.pl\/blog\/ustawienie-stolow-na-weselu\/"]}]},{"@type":"ImageObject","inLanguage":"pl-PL","@id":"https:\/\/www.koronakarkonoszy.pl\/blog\/ustawienie-stolow-na-weselu\/#primaryimage","url":"https:\/\/www.koronakarkonoszy.pl\/blog\/wp-content\/uploads\/2021\/07\/newwesela-uklad-stolu.jpg","contentUrl":"https:\/\/www.koronakarkonoszy.pl\/blog\/wp-content\/uploads\/2021\/07\/newwesela-uklad-stolu.jpg","width":800,"height":534,"caption":"wesela uk\u0142ad sto\u0142u"},{"@type":"BreadcrumbList","@id":"https:\/\/www.koronakarkonoszy.pl\/blog\/ustawienie-stolow-na-weselu\/#breadcrumb","itemListElement":[{"@type":"ListItem","position":1,"name":"Strona g\u0142\u00f3wna","item":"https:\/\/www.koronakarkonoszy.pl\/blog\/"},{"@type":"ListItem","position":2,"name":"Ustawienie sto\u0142\u00f3w na weselu"}]},{"@type":"WebSite","@id":"https:\/\/www.koronakarkonoszy.pl\/blog\/#website","url":"https:\/\/www.koronakarkonoszy.pl\/blog\/","name":":: Blog weselny","description":"Blog weselny Dw\u00f3r Korona Karkonoszy","potentialAction":[{"@type":"SearchAction","target":{"@type":"EntryPoint","urlTemplate":"https:\/\/www.koronakarkonoszy.pl\/blog\/?s={search_term_string}"},"query-input":{"@type":"PropertyValueSpecification","valueRequired":true,"valueName":"search_term_string"}}],"inLanguage":"pl-PL"},{"@type":"Person","@id":"https:\/\/www.koronakarkonoszy.pl\/blog\/#\/schema\/person\/ec8c88bd01ebe6cbf6a16435ce22276f","name":"agnieszka","image":{"@type":"ImageObject","inLanguage":"pl-PL","@id":"https:\/\/www.koronakarkonoszy.pl\/blog\/wp-content\/litespeed\/avatar\/53ee7b676463f74d0aea1a09de3d003b.jpg?ver=1777438794","url":"https:\/\/www.koronakarkonoszy.pl\/blog\/wp-content\/litespeed\/avatar\/53ee7b676463f74d0aea1a09de3d003b.jpg?ver=1777438794","contentUrl":"https:\/\/www.koronakarkonoszy.pl\/blog\/wp-content\/litespeed\/avatar\/53ee7b676463f74d0aea1a09de3d003b.jpg?ver=1777438794","caption":"agnieszka"},"url":"https:\/\/www.koronakarkonoszy.pl\/blog\/author\/agnieszka\/"}]}},"_links":{"self":[{"href":"https:\/\/www.koronakarkonoszy.pl\/blog\/wp-json\/wp\/v2\/posts\/663","targetHints":{"allow":["GET"]}}],"collection":[{"href":"https:\/\/www.koronakarkonoszy.pl\/blog\/wp-json\/wp\/v2\/posts"}],"about":[{"href":"https:\/\/www.koronakarkonoszy.pl\/blog\/wp-json\/wp\/v2\/types\/post"}],"author":[{"embeddable":true,"href":"https:\/\/www.koronakarkonoszy.pl\/blog\/wp-json\/wp\/v2\/users\/11"}],"replies":[{"embeddable":true,"href":"https:\/\/www.koronakarkonoszy.pl\/blog\/wp-json\/wp\/v2\/comments?post=663"}],"version-history":[{"count":0,"href":"https:\/\/www.koronakarkonoszy.pl\/blog\/wp-json\/wp\/v2\/posts\/663\/revisions"}],"wp:featuredmedia":[{"embeddable":true,"href":"https:\/\/www.koronakarkonoszy.pl\/blog\/wp-json\/wp\/v2\/media\/664"}],"wp:attachment":[{"href":"https:\/\/www.koronakarkonoszy.pl\/blog\/wp-json\/wp\/v2\/media?parent=663"}],"wp:term":[{"taxonomy":"category","embeddable":true,"href":"https:\/\/www.koronakarkonoszy.pl\/blog\/wp-json\/wp\/v2\/categories?post=663"}],"curies":[{"name":"wp","href":"https:\/\/api.w.org\/{rel}","templated":true}]}}