{"id":3758,"date":"2024-07-23T12:33:00","date_gmt":"2024-07-23T10:33:00","guid":{"rendered":"https:\/\/www.koronakarkonoszy.pl\/blog\/?p=3758"},"modified":"2025-01-16T10:23:44","modified_gmt":"2025-01-16T09:23:44","slug":"wesele-w-ogrodzie","status":"publish","type":"post","link":"https:\/\/www.koronakarkonoszy.pl\/blog\/wesele-w-ogrodzie\/","title":{"rendered":"Wesele w ogrodzie: gar\u015b\u0107 inspiracji"},"content":{"rendered":"\n<p>Lubicie odpoczywa\u0107 na \u0142onie natury? Marzycie o romantycznym przyj\u0119ciu pod go\u0142ym niebem? W takim razie urz\u0105d\u017acie wesele w ogrodzie, kt\u00f3re na d\u0142ugo pozostanie w pami\u0119ci Waszych go\u015bci. Podpowiadamy, jak urz\u0105dzi\u0107 wesele we w\u0142asnym ogrodzie, wykona\u0107 dekoracje ogrodu na wesele i nada\u0107 uroczysto\u015bci niepowtarzalny klimat.<\/p>\n\n\n\n<h3 class=\"wp-block-heading\" id=\"ha-czego-sie-dowiesz-z-artykulu\">Czego si\u0119 dowiesz z artyku\u0142u?<\/h3>\n\n\n\n<p>Planujesz najwa\u017cniejszy dzie\u0144 swojego \u017cycia i zastanawiasz si\u0119, czy warto urz\u0105dzi\u0107 <a href=\"https:\/\/www.koronakarkonoszy.pl\/blog\/wesele-w-ogrodzie\/\" class=\"links-placer\">wesele w ogrodzie<\/a>? Marzysz o romantycznym \u015blubie w plenerze, otoczonym natur\u0105, na \u015bwie\u017cym powietrzu? W dzisiejszym wpisie zanurzymy si\u0119 w \u015bwiat wesel w ogrodzie, odpowiadaj\u0105c na kluczowe pytania, kt\u00f3re mog\u0105 Ci\u0119 nurtowa\u0107.<\/p>\n\n\n\n<p>Czy <a href=\"https:\/\/www.koronakarkonoszy.pl\/blog\/wesele-w-ogrodzie\/\" class=\"links-placer\">\u015blub w ogrodzie<\/a> to dobry pomys\u0142? Jak zorganizowa\u0107 weselne przyj\u0119cie we w\u0142asnym ogrodzie? Czy wynajem ogrodu na wesele jest mo\u017cliwy i op\u0142acalny? Ile mo\u017cna zaoszcz\u0119dzi\u0107, decyduj\u0105c si\u0119 na plenerow\u0105 uroczysto\u015b\u0107 w por\u00f3wnaniu do tradycyjnej sali weselnej? A mo\u017ce zastanawiasz si\u0119, jaki jest najlepszy czas na zorganizowanie takiego wydarzenia?<\/p>\n\n\n\n<p>W tym artykule znajdziesz inspiracje, praktyczne porady i odpowiedzi na te oraz wiele innych pyta\u0144. Zapraszamy do lektury &#8211; dowiedz si\u0119 wszystkiego, co niezb\u0119dne do stworzenia niezapomnianego wesela w ogrodzie.<\/p>\n\n\n<div id=\"ariadna-block_cc32081c05e1a53109fda9e21a916ed7\" class=\"ariadna\">\r\n    <ul><li><a href=\"#h-czy-warto-urz-dzi-wesele-w-ogrodzie\">Czy warto urz\u0105dzi\u0107 wesele w ogrodzie?<\/a><\/li><li><a href=\"#ha-magiczna-atmosfera-przyjecia-weselnego-w-ogrodzie\">Magiczna atmosfera przyj\u0119cia weselnego w ogrodzie<\/a><\/li><li><a href=\"#ha-organizacja-wesela-w-ogrodzie-jak-polaczyc-styl-i-praktycznosc\">Organizacja wesela w ogrodzie \u2013 jak po\u0142\u0105czy\u0107 styl i praktyczno\u015b\u0107?<\/a><\/li><li><a href=\"#ha-jak-zorganizowac-wesele-we-wlasnym-ogrodzie\">Jak zorganizowa\u0107 wesele we w\u0142asnym ogrodzie?<\/a><\/li><li><a href=\"#ha-czy-slub-w-plenerze-to-dobry-pomysl\">Czy \u015blub w plenerze to dobry pomys\u0142?<\/a><\/li><li><a href=\"#ha-czy-mozna-wziac-slub-w-ogrodzie\">Czy mo\u017cna wzi\u0105\u0107 \u015blub w ogrodzie?<\/a><\/li><li><a href=\"#ha-jak-wynajac-ogrod-na-wesele\">Jak wynaj\u0105\u0107 ogr\u00f3d na wesele?<\/a><\/li><li><a href=\"#h-czy-wesele-w-ogrodzie-bedzie-tansze-niz-w-sali-weselnej\">Czy wesele w ogrodzie b\u0119dzie ta\u0144sze ni\u017c w sali weselnej?<\/a><\/li><li><a href=\"#ha-kiedy-zrobic-wesele-w-ogrodzie\">Kiedy zrobi\u0107 wesele w ogrodzie?<\/a><\/li><\/ul>\r\n<\/div>\r\n\r\n\r\n\r\n\n\n\n<h2 class=\"wp-block-heading\" id=\"h-czy-warto-urz-dzi-wesele-w-ogrodzie\">Czy warto urz\u0105dzi\u0107 wesele w ogrodzie?<\/h2>\n\n\n\n<p><a href=\"https:\/\/www.koronakarkonoszy.pl\/blog\/slub-w-ogrodzie-magia-slubow-w-plenerze\/\" target=\"_blank\" rel=\"noreferrer noopener\">Na \u015blubie w ogrodzie&nbsp;<\/a>panuje lu\u017ana, swobodna atmosfera, a ba\u015bniowa sceneria nadaje mu wyj\u0105tkowego uroku. Zmiany w przepisach z 2015 roku sprawi\u0142y, \u017ce coraz wi\u0119cej par organizuje ceremoni\u0119 za\u015blubin w plenerze. W przypadku \u015blubu cywilnego wystarczy ui\u015bci\u0107 op\u0142at\u0119 w wysoko\u015bci 1000 z\u0142, aby urz\u0119dnik stanu cywilnego przychyli\u0142 si\u0119 do Twojej pro\u015bby. Mamy wi\u0119c mo\u017cliwo\u015b\u0107 organizacji wesela w ogrodzie. Dlatego warto pozna\u0107 praktyczne wskaz\u00f3wki jak je urz\u0105dzi\u0107.<\/p>\n\n\n\n<h2 class=\"wp-block-heading\" id=\"ha-magiczna-atmosfera-przyjecia-weselnego-w-ogrodzie\">Magiczna atmosfera przyj\u0119cia weselnego w ogrodzie<\/h2>\n\n\n\n<p><strong>Przyj\u0119cie weselne w ogrodzie<\/strong> to niezr\u00f3wnana okazja, by po\u0142\u0105czy\u0107 pi\u0119kno natury z romantycznym klimatem. Aby maksymalnie wykorzysta\u0107 potencja\u0142 tego miejsca, warto zadba\u0107 o szczeg\u00f3\u0142y, kt\u00f3re nadadz\u0105 uroku. Odpowiednie o\u015bwietlenie, takie jak girlandy \u015bwietlne czy lampiony, mo\u017ce stworzy\u0107 wyj\u0105tkow\u0105 atmosfer\u0119 <a href=\"https:\/\/www.koronakarkonoszy.pl\/blog\/wesele-w-namiocie\/\"><strong>wesela w namiocie<\/strong><\/a>. Dla par planuj\u0105cych <a href=\"https:\/\/www.koronakarkonoszy.pl\/wesele\/\"><strong>wesele w g\u00f3rach<\/strong><\/a>, ogrody oferuj\u0105 idealne po\u0142\u0105czenie naturalnych krajobraz\u00f3w i intymnej atmosfery. Warto tak\u017ce zadba\u0107 o komfort go\u015bci, zapewniaj\u0105c wygodne miejsca do odpoczynku i relaksu. <strong>Wesele w ogrodzie<\/strong> to idealna okazja, aby po\u0142\u0105czy\u0107 estetyk\u0119 z funkcjonalno\u015bci\u0105. Dla par decyduj\u0105cych si\u0119 na <a href=\"https:\/\/www.koronakarkonoszy.pl\/blog\/wesele-last-minute\/\"><strong>wesele last minute<\/strong><\/a>, ogrody oferuj\u0105 elastyczno\u015b\u0107 i szybkie przygotowanie przyj\u0119cia w wyj\u0105tkowej scenerii.<\/p>\n\n\n\n<h2 class=\"wp-block-heading\" id=\"ha-organizacja-wesela-w-ogrodzie-jak-polaczyc-styl-i-praktycznosc\">Organizacja wesela w ogrodzie \u2013 jak po\u0142\u0105czy\u0107 styl i praktyczno\u015b\u0107?<\/h2>\n\n\n\n<p><strong>Organizacja wesela w ogrodzie<\/strong> wymaga przemy\u015blenia wielu kwestii praktycznych. Nale\u017cy pami\u0119ta\u0107 o zapleczu technicznym, takim jak toalety przeno\u015bne czy nag\u0142o\u015bnienie. To szczeg\u00f3lnie istotne podczas planowania <a href=\"https:\/\/www.koronakarkonoszy.pl\/blog\/wesele-z-noclegiem\/\"><strong>wesela z noclegiem<\/strong><\/a>, gdzie go\u015bcie mog\u0105 korzysta\u0107 z atrakcji przez ca\u0142y wiecz\u00f3r i noc. Kolejnym krokiem jest wyb\u00f3r dekoracji \u2013 na <strong>weselu w ogrodzie <\/strong>\u015bwietnie sprawdz\u0105 si\u0119 naturalne elementy, takie jak kwiaty czy drewniane akcenty, kt\u00f3re idealnie wsp\u00f3\u0142graj\u0105 z otoczeniem. Dla tych, kt\u00f3rzy marz\u0105 o elegancji i prostocie, <strong>skromne wesele w ogrodzie<\/strong> mo\u017ce by\u0107 doskona\u0142ym rozwi\u0105zaniem. Mo\u017cesz r\u00f3wnie\u017c po\u0142\u0105czy\u0107 to z tradycyjnymi akcentami, tworz\u0105c niezapomniane <a href=\"https:\/\/www.koronakarkonoszy.pl\/blog\/urocze-i-sielskie-wesele-folkowe\/\"><strong>wesele folkowe<\/strong><\/a>. To idealna okazja, aby podkre\u015bli\u0107 wyj\u0105tkowy charakter uroczysto\u015bci i zaskoczy\u0107 swoich go\u015bci.<\/p>\n\n\n\n<figure class=\"wp-block-image size-large\"><img loading=\"lazy\" decoding=\"async\" width=\"1024\" height=\"684\" src=\"https:\/\/www.koronakarkonoszy.pl\/blog\/wp-content\/uploads\/2023\/04\/gosiapawel_wesele-437-1024x684.jpg\" alt=\"\" class=\"wp-image-9819\" srcset=\"https:\/\/www.koronakarkonoszy.pl\/blog\/wp-content\/uploads\/2023\/04\/gosiapawel_wesele-437-1024x684.jpg 1024w, https:\/\/www.koronakarkonoszy.pl\/blog\/wp-content\/uploads\/2023\/04\/gosiapawel_wesele-437-300x200.jpg 300w, https:\/\/www.koronakarkonoszy.pl\/blog\/wp-content\/uploads\/2023\/04\/gosiapawel_wesele-437-768x513.jpg 768w, https:\/\/www.koronakarkonoszy.pl\/blog\/wp-content\/uploads\/2023\/04\/gosiapawel_wesele-437-1920x1282.jpg 1920w, https:\/\/www.koronakarkonoszy.pl\/blog\/wp-content\/uploads\/2023\/04\/gosiapawel_wesele-437-1536x1025.jpg 1536w, https:\/\/www.koronakarkonoszy.pl\/blog\/wp-content\/uploads\/2023\/04\/gosiapawel_wesele-437-18x12.jpg 18w, https:\/\/www.koronakarkonoszy.pl\/blog\/wp-content\/uploads\/2023\/04\/gosiapawel_wesele-437.jpg 2048w\" sizes=\"auto, (max-width: 1024px) 100vw, 1024px\" \/><figcaption class=\"wp-element-caption\"><strong>Wesele w ogrodzie,<\/strong> <strong>Dw\u00f3r Korona Karkonoszy, <a href=\"https:\/\/www.koronakarkonoszy.pl\/blog-atrakcje\/sosnowka\/\" class=\"links-placer\">Sosn\u00f3wka<\/a> k. Karpacza <\/strong><\/figcaption><\/figure>\n\n\n\n<p>Sytuacja komplikuje si\u0119, je\u015bli chcecie wzi\u0105\u0107 \u015blub ko\u015bcielny. Najwa\u017cniejsza jest jednak wizja i plan ca\u0142ego wydarzenia. Pami\u0119tajcie, \u017ceby wys\u0142a\u0107 wniosek do biskupa. Postarajcie si\u0119 przytoczy\u0107 w nim solidne argumenty. Musicie si\u0119 jednak nastawi\u0107 na to, \u017ce decyzja najprawdopodobniej b\u0119dzie negatywna. Warto jednak spr\u00f3bowa\u0107! Pami\u0119tajcie, \u017ceby wys\u0142a\u0107 taki wniosek przynajmniej z rocznym wyprzedzeniem.&nbsp;W razie potrzeby b\u0119dziecie mie\u0107 wystarczaj\u0105co du\u017co czasu na zmian\u0119 plan\u00f3w.<\/p>\n\n\n\n<style>\n    .cta_block{\n        margin: 1.5em 0;\n    }\n    .cta_block_content {\n        position: relative;\n        color: white;\n        padding: 1em;\n    }\n    .cta_block_content h3{\n        text-align: center;\n        font: normal normal normal 36px\/50px Yeseva One;\n    }\n    .cta_block_content .cta_block_desc{\n        text-align: center;\n        font-size: 1.1em;\n        position: relative;\n    }\n    .cta_block_content .cta_block_desc:before {\n        content: '';\n        width: 80px;\n        height: 4px;\n        background: #EEB315;\n        position: absolute;\n        left: 0;\n        right: 0;\n        margin-left: auto;\n        margin-right: auto;\n        top: -22px;\n    }\n\n    .cta_block_content picture{\n        position: absolute;\n        top: 0;\n        right: 0;\n        z-index: -1;\n        height: 100%;\n        overflow: hidden;\n        width: 100%;\n    }\n    .cta_block_content picture img{\n        object-fit: cover;\n        height: 100%;\n        width: 100%;\n    }\n    .cta_block .cta_block_content .ninja-forms-field{\n        background: #FFFFFF2F;\n        border: 1px solid #EEB315;\n        border-radius: 25px;\n        opacity: 1;\n        color: #ffffff;\n    }\n    .cta_block .cta_block_content .nf-form-content input[type=submit]{\n        background-color: #EEB315;\n        color: #292929;\n        text-align: center;\n        font: normal normal bold 14px\/20px Work Sans;\n        padding: 0 2em;\n    }\n\n    .cta_block ::placeholder{\n        color: white!important;\n        opacity: 1;\n    }\n\n    .cta_block_content::after {\n        height: 100%;\n        width: 100%;\n        content: \"\";\n        z-index: -1;\n        position: absolute;\n        top: 0;\n        background: #00000070;\n        right: 0;\n        left: 0;\n        bottom: 0;\n    }\n    #ha-cta-block, .cta_block_desc, .cta_block .nf-field-label, .cta_block .nf-error-msg {\n        filter: drop-shadow(1px 1px 8px black);\n    }\n\n\/*    .cta_block nf-rows-wrap {\n        display: flex;\n        justify-content: space-around;\n        flex-direction: row;\n    }*\/\n\n    .cta_block .nf-field-label {\n        display:none;\n    }\n\n    .cta_block .nf-error.field-wrap .nf-field-element::after {\n        border-radius: 50px;\n    }\n\n    .cta_block .nf-error-msg {\n        color: #fff;\n    }\n\n    .cta_block .nf-form-cont {\n        margin-top: 3em;\n        margin-bottom: 1em;\n    }\n\n    .wp-admin .cta_block_content{\n        display: none;\n    }\n    .cta_block .nf-form-fields-required {\n        display: none;\n    }\n    body:not(.wp-admin) .cta_block_admin {\n        display: none;\n    }\n<\/style>\n<div id=\"cta_block-block_397425cad73336a1680f075bd8d9e024\" class=\"cta_block\">\n    <div class=\"cta_block_admin\" style=\"background-color: blue; color: white\">\n        Blok CTA\n    <\/div>\n    <div class=\"cta_block\">\n        <div class=\"cta_block_content\">   \n        <h3 id=\"ha-jak-zorganizowac-wesele-w-ogrodzie\">Jak zorganizowa\u0107 wesele w ogrodzie?<\/h3>\n                    <div class=\"cta_block_desc\">Skontaktujcie si\u0119 z nami &#8211; mamy w tym ogromne do\u015bwiadczenie!<\/div>\n                <noscript class=\"ninja-forms-noscript-message\">\n\tUwaga: ta zawarto\u015b\u0107 wymaga obs\u0142ugi j\u0119zyka JavaScript.<\/noscript>\n<div id=\"nf-form-3-cont\" class=\"nf-form-cont\" aria-live=\"polite\" aria-labelledby=\"nf-form-title-3\" aria-describedby=\"nf-form-errors-3\" role=\"form\">\n\n    <div class=\"nf-loading-spinner\"><\/div>\n\n<\/div>\n        <!-- That data is being printed as a workaround to page builders reordering the order of the scripts loaded-->\n        <script>var formDisplay=1;var nfForms=nfForms||[];var form=[];form.id='3';form.settings={\"objectType\":\"Form Setting\",\"editActive\":true,\"title\":\"Block CTA\",\"created_at\":\"2022-11-08 16:03:33\",\"default_label_pos\":\"above\",\"show_title\":0,\"clear_complete\":\"1\",\"hide_complete\":\"1\",\"logged_in\":\"\",\"wrapper_class\":\"\",\"element_class\":\"\",\"key\":\"\",\"add_submit\":\"0\",\"changeEmailErrorMsg\":\"Wprowad\\u017a prawid\\u0142owy adres e-mail!\",\"changeDateErrorMsg\":\"Prosz\\u0119 wpisa\\u0107 prawid\\u0142ow\\u0105 dat\\u0119!\",\"confirmFieldErrorMsg\":\"Te pola musz\\u0105 si\\u0119 zgadza\\u0107!\",\"fieldNumberNumMinError\":\"B\\u0142\\u0105d \\u2014 liczba minimalna\",\"fieldNumberNumMaxError\":\"B\\u0142\\u0105d \\u2014 liczba maksymalna\",\"fieldNumberIncrementBy\":\"Zwi\\u0119ksz o \",\"formErrorsCorrectErrors\":\"Popraw b\\u0142\\u0119dy, zanim prze\\u015blesz formularz.\",\"validateRequiredField\":\"To jest wymagane pole.\",\"honeypotHoneypotError\":\"B\\u0142\\u0105d Honeypot\",\"fieldsMarkedRequired\":\"Pola oznaczone znakiem <span class=\\\"ninja-forms-req-symbol\\\">*<\\\/span> s\\u0105 wymagane\",\"currency\":\"\",\"repeatable_fieldsets\":\"\",\"unique_field_error\":\"Formularz z t\\u0105 warto\\u015bci\\u0105 zosta\\u0142 ju\\u017c przes\\u0142any.\",\"not_logged_in_msg\":\"\",\"sub_limit_msg\":\"Formularz osi\\u0105gn\\u0105\\u0142 limit wys\\u0142a\\u0144.\",\"calculations\":[],\"container_styles_show_advanced_css\":\"0\",\"title_styles_show_advanced_css\":\"0\",\"row_styles_show_advanced_css\":\"0\",\"row-odd_styles_show_advanced_css\":\"0\",\"success-msg_styles_show_advanced_css\":\"0\",\"error_msg_styles_show_advanced_css\":\"0\",\"formContentData\":[{\"order\":1,\"cells\":[{\"order\":0,\"fields\":[\"phone_1640098023980\"],\"width\":35},{\"order\":1,\"fields\":[\"adres_e-mail_1667919839452\"],\"width\":35},{\"order\":2,\"fields\":[\"zapisz_mnie_1667919853255\"],\"width\":30}]}],\"drawerDisabled\":false,\"conditions\":[],\"allow_public_link\":0,\"embed_form\":\"\",\"container_styles_border\":\"\",\"container_styles_height\":\"\",\"container_styles_margin\":\"\",\"container_styles_padding\":\"\",\"container_styles_float\":\"\",\"title_styles_border\":\"\",\"title_styles_height\":\"\",\"title_styles_width\":\"\",\"title_styles_font-size\":\"\",\"title_styles_margin\":\"\",\"title_styles_padding\":\"\",\"title_styles_float\":\"\",\"row_styles_border\":\"\",\"row_styles_width\":\"\",\"row_styles_font-size\":\"\",\"row_styles_margin\":\"\",\"row_styles_padding\":\"\",\"row-odd_styles_border\":\"\",\"row-odd_styles_height\":\"\",\"row-odd_styles_width\":\"\",\"row-odd_styles_font-size\":\"\",\"row-odd_styles_margin\":\"\",\"row-odd_styles_padding\":\"\",\"success-msg_styles_border\":\"\",\"success-msg_styles_height\":\"\",\"success-msg_styles_width\":\"\",\"success-msg_styles_font-size\":\"\",\"success-msg_styles_margin\":\"\",\"success-msg_styles_padding\":\"\",\"error_msg_styles_border\":\"\",\"error_msg_styles_width\":\"\",\"error_msg_styles_font-size\":\"\",\"error_msg_styles_margin\":\"\",\"error_msg_styles_padding\":\"\",\"form_title_heading_level\":\"3\",\"ninjaForms\":\"Ninja Forms\",\"fieldTextareaRTEInsertLink\":\"Wstaw odno\\u015bnik\",\"fieldTextareaRTEInsertMedia\":\"Wstaw media\",\"fieldTextareaRTESelectAFile\":\"Wybierz plik\",\"formHoneypot\":\"Je\\u015bli jeste\\u015b cz\\u0142owiekiem i widzisz to pole, nie wype\\u0142niaj go.\",\"fileUploadOldCodeFileUploadInProgress\":\"Przesy\\u0142anie pliku w toku.\",\"fileUploadOldCodeFileUpload\":\"PRZESY\\u0141ANIE PLIKU\",\"currencySymbol\":\"&#36;\",\"thousands_sep\":\"&nbsp;\",\"decimal_point\":\",\",\"siteLocale\":\"pl_PL\",\"dateFormat\":\"m\\\/d\\\/Y\",\"startOfWeek\":\"1\",\"of\":\"z\",\"previousMonth\":\"Poprzedni miesi\\u0105c\",\"nextMonth\":\"Nast\\u0119pny miesi\\u0105c\",\"months\":[\"Stycze\\u0144\",\"Luty\",\"Marzec\",\"Kwiecie\\u0144\",\"Maj\",\"Czerwiec\",\"Lipiec\",\"Sierpie\\u0144\",\"Wrzesie\\u0144\",\"Pa\\u017adziernik\",\"Listopad\",\"Grudzie\\u0144\"],\"monthsShort\":[\"Sty\",\"Lut\",\"Mar\",\"Kw\",\"Maj\",\"Cze\",\"Lip\",\"Sie\",\"Wrz\",\"Pa\\u017a\",\"Lis\",\"Gru\"],\"weekdays\":[\"Niedziela\",\"Poniedzia\\u0142ek\",\"Wtorek\",\"\\u015aroda\",\"Czwartek\",\"Pi\\u0105tek\",\"Sobota\"],\"weekdaysShort\":[\"Niedz\",\"Pon\",\"Wt\",\"\\u015ar\",\"Czw\",\"Pt\",\"Sob\"],\"weekdaysMin\":[\"Niedz\",\"Pon\",\"Wt\",\"\\u015ar\",\"Czw\",\"Pt\",\"Sob\"],\"recaptchaConsentMissing\":\"reCaptcha validation couldn&#039;t load.\",\"recaptchaMissingCookie\":\"reCaptcha v3 validation couldn&#039;t load the cookie needed to submit the form.\",\"recaptchaConsentEvent\":\"Accept reCaptcha cookies before sending the form.\",\"currency_symbol\":\"\",\"beforeForm\":\"\",\"beforeFields\":\"\",\"afterFields\":\"\",\"afterForm\":\"\"};form.fields=[{\"objectType\":\"Field\",\"objectDomain\":\"fields\",\"editActive\":false,\"order\":1,\"idAttribute\":\"id\",\"type\":\"phone\",\"label\":\"Numer telefonu\",\"key\":\"phone_1640098023980\",\"label_pos\":\"above\",\"required\":1,\"default\":\"\",\"placeholder\":\"Numer telefonu\",\"container_class\":\"\",\"element_class\":\"\",\"input_limit\":\"\",\"input_limit_type\":\"characters\",\"input_limit_msg\":\"Liczba pozosta\\u0142ych znak\\u00f3w:\",\"manual_key\":\"\",\"admin_label\":\"\",\"help_text\":\"\",\"mask\":\"\",\"custom_mask\":\"\",\"custom_name_attribute\":\"phone\",\"personally_identifiable\":1,\"wrap_styles_border\":\"\",\"wrap_styles_width\":\"\",\"wrap_styles_margin\":\"\",\"wrap_styles_padding\":\"\",\"wrap_styles_float\":\"\",\"wrap_styles_show_advanced_css\":0,\"label_styles_border\":\"\",\"label_styles_width\":\"\",\"label_styles_font-size\":\"\",\"label_styles_margin\":\"\",\"label_styles_padding\":\"\",\"label_styles_float\":\"\",\"label_styles_show_advanced_css\":0,\"element_styles_border\":\"\",\"element_styles_width\":\"\",\"element_styles_font-size\":\"\",\"element_styles_margin\":\"\",\"element_styles_padding\":\"\",\"element_styles_float\":\"\",\"element_styles_show_advanced_css\":0,\"cellcid\":\"c3386\",\"value\":\"\",\"field_label\":\"Numer telefonu\",\"field_key\":\"phone_1640098023980\",\"drawerDisabled\":false,\"id\":8,\"beforeField\":\"\",\"afterField\":\"\",\"parentType\":\"textbox\",\"element_templates\":[\"tel\",\"textbox\",\"input\"],\"old_classname\":\"\",\"wrap_template\":\"wrap\"},{\"objectType\":\"Field\",\"objectDomain\":\"fields\",\"editActive\":false,\"order\":2,\"idAttribute\":\"id\",\"type\":\"email\",\"label\":\"Adres e-mail\",\"key\":\"adres_e-mail_1667919839452\",\"label_pos\":\"above\",\"required\":1,\"default\":\"\",\"placeholder\":\"Adres e-mail\",\"container_class\":\"\",\"element_class\":\"\",\"admin_label\":\"\",\"help_text\":\"\",\"custom_name_attribute\":\"email\",\"personally_identifiable\":1,\"wrap_styles_border\":\"\",\"wrap_styles_width\":\"\",\"wrap_styles_margin\":\"\",\"wrap_styles_padding\":\"\",\"wrap_styles_float\":\"\",\"wrap_styles_show_advanced_css\":0,\"label_styles_border\":\"\",\"label_styles_width\":\"\",\"label_styles_font-size\":\"\",\"label_styles_margin\":\"\",\"label_styles_padding\":\"\",\"label_styles_float\":\"\",\"label_styles_show_advanced_css\":0,\"element_styles_border\":\"\",\"element_styles_width\":\"\",\"element_styles_font-size\":\"\",\"element_styles_margin\":\"\",\"element_styles_padding\":\"\",\"element_styles_float\":\"\",\"element_styles_show_advanced_css\":0,\"cellcid\":\"c3389\",\"value\":\"\",\"drawerDisabled\":false,\"field_label\":\"E-mail\",\"field_key\":\"email_1640098026199\",\"id\":9,\"beforeField\":\"\",\"afterField\":\"\",\"parentType\":\"email\",\"element_templates\":[\"email\",\"input\"],\"old_classname\":\"\",\"wrap_template\":\"wrap\"},{\"objectType\":\"Field\",\"objectDomain\":\"fields\",\"editActive\":false,\"order\":3,\"idAttribute\":\"id\",\"type\":\"submit\",\"label\":\"Zapisz mnie\",\"processing_label\":\"W trakcie realizacji\",\"container_class\":\"\",\"element_class\":\"\",\"key\":\"zapisz_mnie_1667919853255\",\"wrap_styles_border\":\"\",\"wrap_styles_width\":\"\",\"wrap_styles_margin\":\"\",\"wrap_styles_padding\":\"\",\"wrap_styles_float\":\"\",\"wrap_styles_show_advanced_css\":0,\"element_styles_border\":\"\",\"element_styles_width\":\"\",\"element_styles_font-size\":\"\",\"element_styles_margin\":\"\",\"element_styles_padding\":\"\",\"element_styles_float\":\"\",\"element_styles_show_advanced_css\":0,\"submit_element_hover_styles_border\":\"\",\"submit_element_hover_styles_width\":\"\",\"submit_element_hover_styles_font-size\":\"\",\"submit_element_hover_styles_margin\":\"\",\"submit_element_hover_styles_padding\":\"\",\"submit_element_hover_styles_float\":\"\",\"submit_element_hover_styles_show_advanced_css\":0,\"cellcid\":\"c3391\",\"drawerDisabled\":false,\"field_label\":\"Zamawiam rozmow\\u0119\",\"field_key\":\"zamawiam_rozmowe_1640098067453\",\"id\":10,\"beforeField\":\"\",\"afterField\":\"\",\"value\":\"\",\"label_pos\":\"above\",\"parentType\":\"textbox\",\"element_templates\":[\"submit\",\"button\",\"input\"],\"old_classname\":\"\",\"wrap_template\":\"wrap-no-label\"}];nfForms.push(form);<\/script>\n                <script id=\"nf-tmpl-cell\" type=\"text\/template\">\n            <nf-fields><\/nf-fields>\n        <\/script>\n\n        <script id=\"nf-tmpl-row\" type=\"text\/template\">\n            <nf-cells><\/nf-cells>\n        <\/script>\n\n                <img loading=\"lazy\" decoding=\"async\" width=\"1500\" height=\"705\" src=\"https:\/\/www.koronakarkonoszy.pl\/blog\/wp-content\/uploads\/2022\/06\/Dwor-Korona-Karkonoszy.jpg\" class=\"attachment-full size-full\" alt=\"\" srcset=\"https:\/\/www.koronakarkonoszy.pl\/blog\/wp-content\/uploads\/2022\/06\/Dwor-Korona-Karkonoszy.jpg 1500w, https:\/\/www.koronakarkonoszy.pl\/blog\/wp-content\/uploads\/2022\/06\/Dwor-Korona-Karkonoszy-300x141.jpg 300w, https:\/\/www.koronakarkonoszy.pl\/blog\/wp-content\/uploads\/2022\/06\/Dwor-Korona-Karkonoszy-1024x481.jpg 1024w, https:\/\/www.koronakarkonoszy.pl\/blog\/wp-content\/uploads\/2022\/06\/Dwor-Korona-Karkonoszy-768x361.jpg 768w\" sizes=\"auto, (max-width: 1500px) 100vw, 1500px\" \/>        <\/div> \n    <\/div>\n<\/div>\n\n\n\n<h2 class=\"wp-block-heading\" id=\"ha-jak-zorganizowac-wesele-we-wlasnym-ogrodzie\">Jak zorganizowa\u0107 wesele we w\u0142asnym ogrodzie?<\/h2>\n\n\n\n<p>Chocia\u017c wesele w ogrodzie wymaga dopilnowania wielu szczeg\u00f3\u0142\u00f3w, wysi\u0142ek si\u0119 op\u0142aci. Przede wszystkim panuje na nim niepowtarzalne atmosfera. Ponadto taka impreza pomaga wyr\u00f3\u017cni\u0107 si\u0119 na tle wesel innych Par M\u0142odych. Sprawd\u017acie, na co warto zwr\u00f3ci\u0107 szczeg\u00f3ln\u0105 uwag\u0119!<\/p>\n\n\n\n<h3 class=\"wp-block-heading\" id=\"ha-slub-w-ogrodzie-praktyczne-wskazowki\">\u015alub w ogrodzie -praktyczne wskaz\u00f3wki<\/h3>\n\n\n\n<p>Potrzebujecie kilku wskaz\u00f3wek, jak przygotowa\u0107 <a href=\"https:\/\/www.koronakarkonoszy.pl\/blog\/ogrod-na-wesele\/\" target=\"_blank\" rel=\"noreferrer noopener\">ogr\u00f3d na wesele<\/a>? Zamiast przygotowywa\u0107 jeden scenariusz, postarajcie si\u0119, \u017ceby mie\u0107 w zanadrzu plan B, C, a nawet D. Dzi\u0119ki temu nie musicie si\u0119 martwi\u0107, \u017ce pogoda zniweczy Wasze wysi\u0142ki. Wesele w ogrodzie to nie lada wyzwanie organizacyjne, z drugiej strony, je\u015bli nic nie pokrzy\u017cuje Waszych plan\u00f3w, poczujecie ogromn\u0105 satysfakcj\u0119.<\/p>\n\n\n<section id=\"leonardo-block_f65666af60dee25281a83552fedd97af\" class=\"leonardo page-breaker leonardo-image-left\">\r\n    <div class=\"leonardo-body\">\r\n                <div class=\"leonardo-content\"><p><!-- wp:paragraph --><\/p>\n<p>Martwicie si\u0119, \u017ce w d\u0142ugo wyczekiwanym dniu b\u0119dzie pada\u0142 deszcz? Co zrobi\u0107, \u017ceby go\u015bcie nie przemokli do suchej nitki? Wiaty, \u017cagle ogrodowe i parasole przydadz\u0105 si\u0119 w czasie przelotnych opad\u00f3w. Mo\u017cecie r\u00f3wnie\u017c wynaj\u0105\u0107 elegancki i przestronny namiot, kt\u00f3ry sprawdzi si\u0119 nawet podczas niesprzyjaj\u0105cej pogody.<\/p>\n<p><!-- \/wp:paragraph --><\/p>\n<\/div>\r\n                    <aside class=\"leonardo-interlink\">\r\n                <b>Polecamy<\/b>\r\n                <a href=\"https:\/\/www.koronakarkonoszy.pl\/blog\/wesele-okolice-wroclawia\/\">Wesele okolice Wroc\u0142awia \u2013 gdzie zorganizowa\u0107 przyj\u0119cie?<\/a>\r\n            <\/aside>\r\n            <\/div>\r\n    <div class=\"leonardo-image\">\r\n        <img loading=\"lazy\" decoding=\"async\" width=\"2560\" height=\"1707\" src=\"https:\/\/www.koronakarkonoszy.pl\/blog\/wp-content\/uploads\/2022\/02\/KM_25_14_23_IMG_0592-scaled.jpg\" class=\"attachment-full size-full\" alt=\"\" srcset=\"https:\/\/www.koronakarkonoszy.pl\/blog\/wp-content\/uploads\/2022\/02\/KM_25_14_23_IMG_0592-scaled.jpg 2560w, https:\/\/www.koronakarkonoszy.pl\/blog\/wp-content\/uploads\/2022\/02\/KM_25_14_23_IMG_0592-300x200.jpg 300w, https:\/\/www.koronakarkonoszy.pl\/blog\/wp-content\/uploads\/2022\/02\/KM_25_14_23_IMG_0592-1024x683.jpg 1024w, https:\/\/www.koronakarkonoszy.pl\/blog\/wp-content\/uploads\/2022\/02\/KM_25_14_23_IMG_0592-768x512.jpg 768w, https:\/\/www.koronakarkonoszy.pl\/blog\/wp-content\/uploads\/2022\/02\/KM_25_14_23_IMG_0592-1920x1280.jpg 1920w, https:\/\/www.koronakarkonoszy.pl\/blog\/wp-content\/uploads\/2022\/02\/KM_25_14_23_IMG_0592-1536x1024.jpg 1536w, https:\/\/www.koronakarkonoszy.pl\/blog\/wp-content\/uploads\/2022\/02\/KM_25_14_23_IMG_0592-2048x1365.jpg 2048w\" sizes=\"auto, (max-width: 2560px) 100vw, 2560px\" \/>            <\/div>\r\n<\/section>\n\n\n<h3 class=\"wp-block-heading\" id=\"ha-powitanie-mlodych-w-ogrodzie\">Powitanie M\u0142odych w ogrodzie<\/h3>\n\n\n\n<p>Organizuj\u0105c wesele w ogrodzie trzeba mie\u0107 na uwadze pewne tradycje elementy przebiegu wesela. Na przyk\u0142ad b\u0142ogos\u0142awie\u0144stwo Pary M\u0142odej, oczepiny albo powitanie M\u0142odych to elementy jakie przewiduje formu\u0142a przyj\u0119cia w tradycyjnym wydaniu. Je\u015bli przewidujemy takie elementy zabawy weselnej, to powinni\u015bmy znale\u017a\u0107 dla nich odpowiednie miejsce. Chodzi o to, by ta cz\u0119\u015b\u0107 ceremonii za\u015blubin r\u00f3wnie\u017c przebiega\u0142a w odpowiedniej oprawie. A tak\u017ce, by wszyscy go\u015bcie weselni mogli w tym uczestniczy\u0107. <\/p>\n\n\n\n<p>Przywitanie Pa\u0144stwa M\u0142odych w ogrodzie zorganizujmy w przestronnym i \u0142adnie udekorowanym miejscu. Przygotujmy odpowiednio plener weselny na te elementy. Nie r\u00f3bmy tego na przyk\u0142ad gdzie\u015b w przej\u015bciu albo ciasnej alejce. To wa\u017cne r\u00f3wnie\u017c ze wzgl\u0119du na pami\u0105tkowe zdj\u0119cia \u015blubne. Po pierwsze, w pi\u0119knym plenerze Para M\u0142oda b\u0119dzie zawsze dobrze wygl\u0105da\u0107, a po drugie, fotograf i kamerzysta r\u00f3wnie\u017c potrzebuj\u0105 odpowiedniej przestrzeni.<\/p>\n\n\n\n<figure class=\"wp-block-image size-large\"><a href=\"https:\/\/www.koronakarkonoszy.pl\/wesele\/\" target=\"_blank\" rel=\"noreferrer noopener\"><img loading=\"lazy\" decoding=\"async\" width=\"1024\" height=\"512\" src=\"https:\/\/www.koronakarkonoszy.pl\/blog\/wp-content\/uploads\/2020\/10\/piekne_wesela_DKK-1024x512.jpg\" alt=\"\" class=\"wp-image-3914\" srcset=\"https:\/\/www.koronakarkonoszy.pl\/blog\/wp-content\/uploads\/2020\/10\/piekne_wesela_DKK-1024x512.jpg 1024w, https:\/\/www.koronakarkonoszy.pl\/blog\/wp-content\/uploads\/2020\/10\/piekne_wesela_DKK-300x150.jpg 300w, https:\/\/www.koronakarkonoszy.pl\/blog\/wp-content\/uploads\/2020\/10\/piekne_wesela_DKK-768x384.jpg 768w, https:\/\/www.koronakarkonoszy.pl\/blog\/wp-content\/uploads\/2020\/10\/piekne_wesela_DKK.jpg 1200w\" sizes=\"auto, (max-width: 1024px) 100vw, 1024px\" \/><\/a><\/figure>\n\n\n\n<h2 class=\"wp-block-heading\" id=\"ha-czy-slub-w-plenerze-to-dobry-pomysl\">Czy \u015blub w plenerze to dobry pomys\u0142?<\/h2>\n\n\n\n<p>\u015alub w plenerze mo\u017ce by\u0107 wspania\u0142ym pomys\u0142em, ale ostateczna decyzja zale\u017cy od preferencji Pary M\u0142odej i okoliczno\u015bci. Taki \u015blub, w otoczeniu natury, gwarantuje romantyczny i magiczny nastr\u00f3j. Mo\u017cna wybra\u0107 pla\u017c\u0119, ogr\u00f3d, g\u00f3rskie \u0142\u0105ki lub inne urokliwe miejsce. \u015alub na \u015bwie\u017cym powietrzu pozwala cieszy\u0107 si\u0119 urod\u0105 przyrody i naturalnym o\u015bwietleniem. Jednak warunki pogodowe mog\u0105 wp\u0142ywa\u0107 na komfort zabawy. Warto monitorowa\u0107 prognoz\u0119 pogody i mie\u0107 plan B na wypadek niekorzystnych warunk\u00f3w atmosferycznych. Plusem jest to, \u017ce <a href=\"https:\/\/www.koronakarkonoszy.pl\/blog\/organizacja-wesel\/\" class=\"links-placer\">organizacja \u015blubu<\/a> w plenerze daje wi\u0119ksz\u0105 elastyczno\u015b\u0107 w kwestii dekoracji i aran\u017cacji. Mo\u017cliwe s\u0105 r\u00f3wnie\u017c plenerowe zabawy. Mo\u017cna dostosowa\u0107 przestrze\u0144 do swoich upodoba\u0144 i stworzy\u0107 unikalne, spersonalizowane do\u015bwiadczenie dla siebie i go\u015bci.<\/p>\n\n\n\n<p>Przy organizacji \u015blubu w plenerze nale\u017cy zadba\u0107 o wygod\u0119 go\u015bci. Chodzi o wygodne siedzenia, odpowiednie o\u015bwietlenie, cie\u0144 w upalne dni oraz \u0142atwy dost\u0119p do toalet i innych udogodnie\u0144. Dlatego \u015blub w plenerze mo\u017ce wymaga\u0107 wi\u0119kszego zaanga\u017cowania w organizacj\u0119 i logistyk\u0119.<\/p>\n\n\n<section id=\"leonardo-block_0c65b28f9f13e3ee00f230331d378b90\" class=\"leonardo page-breaker leonardo-image-right\">\r\n    <div class=\"leonardo-body\">\r\n                <div class=\"leonardo-content\"><p><!-- wp:heading --><\/p>\n<h3 id=\"ha-kameralne-wesele-w-ogrodzie-styl-przyjecia-plenerowego\">Kameralne wesele w ogrodzie &#8211; styl przyj\u0119cia plenerowego<\/h3>\n<p>Zastanawiacie si\u0119, <strong>gdzie zorganizowa\u0107 niezapomniane przyj\u0119cie w plenerze? <\/strong>Poszukajcie lokalu, do kt\u00f3rego przylega romantyczny\u00a0<a href=\"https:\/\/www.koronakarkonoszy.pl\/blog\/ogrod-weselny-ktory-stworzy-wyjatkowa-atmosfere-na-przyjeciu\/\" target=\"_blank\" rel=\"noopener\">ogr\u00f3d weselny<\/a>. Rezerwuj\u0105c sal\u0119, zapytajcie mened\u017cera lub w\u0142a\u015bciciela, czy w razie niesprzyjaj\u0105cych warunk\u00f3w atmosferycznych mo\u017cecie przenie\u015b\u0107 zabaw\u0119 do \u015brodka. Je\u015bli cenicie sobie wygod\u0119, ustalcie, czy mo\u017cecie skorzysta\u0107 z obs\u0142ugi, menu, zastawy sto\u0142owej i mebli.<\/p>\n<p><!-- \/wp:paragraph --> <!-- wp:paragraph --><\/p>\n<p data-pm-slice=\"1 1 []\">Je\u015bli zdecydujecie si\u0119 na wesele w ogrodzie, pami\u0119tajcie o nastrojowym o\u015bwietleniu., kt\u00f3re podkre\u015bli styl wesela. Chocia\u017c mo\u017cecie przebiera\u0107 w propozycjach, wybierzcie \u015bwiece i lampiony to najlepsze o\u015bwietlenie ogrodu. Subtelne \u015bwiate\u0142ka roz\u015bwietl\u0105 ogr\u00f3d, wprowadzaj\u0105c go\u015bci w wyj\u0105tkowy nastr\u00f3j. Lampiony powie\u015bcie na drzewach, a \u015bwiece postawcie na sto\u0142ach. Szklane \u015bwieczniki doskonale wsp\u00f3\u0142graj\u0105 z bukietami w s\u0142oikach, butelkach lub ciekawych wazonach. Gwarantujemy, \u017ce taka naturalna dekoracja zachwyci Waszych go\u015bci.<\/p>\n<p><!-- \/wp:paragraph --><\/p>\n<\/div>\r\n                    <aside class=\"leonardo-interlink\">\r\n                <b>Polecamy<\/b>\r\n                <a href=\"https:\/\/www.koronakarkonoszy.pl\/blog\/jak-zorganizowac-przyjecie-weselne-na-30-osob\/\">Jak zorganizowa\u0107 przyj\u0119cie weselne na 30 os\u00f3b?<\/a>\r\n            <\/aside>\r\n            <\/div>\r\n    <div class=\"leonardo-image\">\r\n        <img loading=\"lazy\" decoding=\"async\" width=\"819\" height=\"546\" src=\"https:\/\/www.koronakarkonoszy.pl\/blog\/wp-content\/uploads\/2022\/12\/wesele-wroclaw-slub-w-ogrodzie-Dwor-Korona-Karkonoszy.jpg\" class=\"attachment-full size-full\" alt=\"\" srcset=\"https:\/\/www.koronakarkonoszy.pl\/blog\/wp-content\/uploads\/2022\/12\/wesele-wroclaw-slub-w-ogrodzie-Dwor-Korona-Karkonoszy.jpg 819w, https:\/\/www.koronakarkonoszy.pl\/blog\/wp-content\/uploads\/2022\/12\/wesele-wroclaw-slub-w-ogrodzie-Dwor-Korona-Karkonoszy-300x200.jpg 300w, https:\/\/www.koronakarkonoszy.pl\/blog\/wp-content\/uploads\/2022\/12\/wesele-wroclaw-slub-w-ogrodzie-Dwor-Korona-Karkonoszy-768x512.jpg 768w\" sizes=\"auto, (max-width: 819px) 100vw, 819px\" \/>            <\/div>\r\n<\/section>\n\n\n<h2 class=\"wp-block-heading\" id=\"ha-czy-mozna-wziac-slub-w-ogrodzie\">Czy mo\u017cna wzi\u0105\u0107 \u015blub w ogrodzie?<\/h2>\n\n\n\n<p>Oczywi\u015bcie, \u017ce mo\u017cna wzi\u0105\u0107 \u015blub w ogrodzie. <strong>Organizowanie ceremonii \u015blubnej na \u015bwie\u017cym powietrzu, w pi\u0119knej i naturalnej scenerii ogrodu, sta\u0142o si\u0119 coraz bardziej popularne<\/strong>, je\u015bli chodzi o \u015bluby i <a href=\"https:\/\/www.koronakarkonoszy.pl\/blog\/wesele-w-polsce\/\" target=\"_blank\" rel=\"noreferrer noopener\">wesela w Polsce<\/a>. \u015aluby w ogrodzie oznaczaj\u0105 romantyczn\u0105, wyj\u0105tkow\u0105 atmosfer\u0119.<\/p>\n\n\n\n<p>W przypadku \u015blubu cywilnego wystarczy ui\u015bci\u0107 dodatkow\u0105 op\u0142at\u0119, by urz\u0119dnik udzieli\u0142 \u015blubu na \u0142onie natury. Trudniej b\u0119dzie w przypadku <a href=\"https:\/\/www.koronakarkonoszy.pl\/blog\/slub-koscielny-w-plenerze\/\" target=\"_blank\" rel=\"noreferrer noopener\">\u015blubu ko\u015bcielnego w plenerze<\/a>. Potrzebna jest specjalna zgoda, i niestety rzadko si\u0119 jej udziela. Je\u015bli chodzi o \u015blub humanistyczny, tak\u017ce nie ma \u017cadnych przeszk\u00f3d \u2013 mo\u017ce odby\u0107 si\u0119 w dowolnym, wybranym przez Par\u0119 M\u0142od\u0105 miejscu.<\/p>\n\n\n\n<figure class=\"wp-block-image size-large\"><img loading=\"lazy\" decoding=\"async\" width=\"1024\" height=\"683\" src=\"https:\/\/www.koronakarkonoszy.pl\/blog\/wp-content\/uploads\/2023\/02\/KK-256-kqge38a9-1024x683.jpg\" alt=\"\" class=\"wp-image-7794\" srcset=\"https:\/\/www.koronakarkonoszy.pl\/blog\/wp-content\/uploads\/2023\/02\/KK-256-kqge38a9-1024x683.jpg 1024w, https:\/\/www.koronakarkonoszy.pl\/blog\/wp-content\/uploads\/2023\/02\/KK-256-kqge38a9-300x200.jpg 300w, https:\/\/www.koronakarkonoszy.pl\/blog\/wp-content\/uploads\/2023\/02\/KK-256-kqge38a9-768x512.jpg 768w, https:\/\/www.koronakarkonoszy.pl\/blog\/wp-content\/uploads\/2023\/02\/KK-256-kqge38a9-1920x1280.jpg 1920w, https:\/\/www.koronakarkonoszy.pl\/blog\/wp-content\/uploads\/2023\/02\/KK-256-kqge38a9-1536x1024.jpg 1536w, https:\/\/www.koronakarkonoszy.pl\/blog\/wp-content\/uploads\/2023\/02\/KK-256-kqge38a9-18x12.jpg 18w, https:\/\/www.koronakarkonoszy.pl\/blog\/wp-content\/uploads\/2023\/02\/KK-256-kqge38a9.jpg 2048w\" sizes=\"auto, (max-width: 1024px) 100vw, 1024px\" \/><figcaption class=\"wp-element-caption\"><strong>\u015alub w ogrodzie,<\/strong> <strong>Dw\u00f3r Korona Karkonoszy, Sosn\u00f3wka k. Karpacza <\/strong><\/figcaption><\/figure>\n\n\n\n<p>Trzeba te\u017c pami\u0119ta\u0107, \u017ce niekt\u00f3re ogrody publiczne lub prywatne mog\u0105 wymaga\u0107 wcze\u015bniejszej rezerwacji lub uzyskania pozwolenia. Ka\u017cdy ogr\u00f3d mo\u017ce mie\u0107 swoje indywidualne zasady i ograniczenia, dlatego wa\u017cne jest, aby skonsultowa\u0107 si\u0119 z zarz\u0105dc\u0105 ogrodu lub event plannerem, aby uzyska\u0107 szczeg\u00f3\u0142owe informacje i zalecenia dotycz\u0105ce organizacji \u015blubu w konkretnym miejscu.<\/p>\n\n\n\n<p>Oczywi\u015bcie w przypadku \u015blubu plenerowego kluczowa jest pogoda &#8211; wybierz odpowiedni\u0105 por\u0119 roku, gdy mo\u017cna oczekiwa\u0107 przyjaznych warunk\u00f3w atmosferycznych. Przygotuj te\u017c alternatywn\u0105 lokalizacj\u0119, przydatn\u0105 w przypadku nag\u0142ych opad\u00f3w deszczu lub ekstremalnych warunk\u00f3w pogodowych.<\/p>\n\n\n\n<h3 class=\"wp-block-heading\" id=\"ha-na-co-zwroc-uwage-organizujac-wesele-w-ogrodzie-catering-na-wesele-koszt-wesela\">Na co zwr\u00f3\u0107 uwag\u0119 organizuj\u0105c wesele w ogrodzie? Catering na wesele, koszt wesela<\/h3>\n\n\n\n<p>Przy tego typu weselach warto zadba\u0107 na pewno o <strong>dekoracj\u0119 ogrodu<\/strong>. To dodatkowo podkre\u015bli uroczysty charakter \u015blubu. Ale r\u00f3wnie wa\u017cne, co ozdoby, s\u0105 stylowe meble ogrodowe na wesele. Niezale\u017cnie od stylu wesela warto te\u017c przewidzie\u0107, co zrobimy w przypadku nag\u0142ej zmiany pogody.<\/p>\n\n\n<section id=\"leonardo-block_7207ce82bd2972d3772016d25de89afc\" class=\"leonardo page-breaker leonardo-image-left\">\r\n    <div class=\"leonardo-body\">\r\n                <div class=\"leonardo-content\"><p><!-- wp:heading --><\/p>\n<p>Idealnym rozwi\u0105zaniem jest organizacja przyj\u0119cia weselnego w ogrodach dworku lub hotelu, do kt\u00f3rego w razie potrzeby mo\u017cna b\u0119dzie przenie\u015b\u0107 ca\u0142e wesele. Na przyk\u0142ad <strong>Dw\u00f3r Korona Karkonoszy we w\u0142asnym ogrodzie ma specjalne miejsce do udzielania \u015blub\u00f3w i organizacji wesela w ogrodzie.<\/strong> Ale jednocze\u015bnie w trakcie trwania przyj\u0119cia \u015blubnego ca\u0142y czas jest mo\u017cliwo\u015b\u0107 wykorzystania Dworskiej Sali Balowej lub Sali Refektarz. Mamy tam te\u017c dost\u0119p do apartament\u00f3w i pokoi dla go\u015bci weselnych.<\/p>\n<p><!-- \/wp:paragraph --> <!-- wp:paragraph --><\/p>\n<p>Innym wa\u017cny element to <a href=\"https:\/\/www.koronakarkonoszy.pl\/catering\/\" target=\"_blank\" rel=\"noopener\">catering<\/a> weselny dostosowany do rodzaju przyj\u0119cia \u015blubnego i pogody. Chodzi o to, by jedzenie na weselu by\u0142o tak dobrane, aby nie rozpuszcza\u0142o si\u0119 w s\u0142o\u0144cu albo by obiad weselny nie by\u0142 zbyt ci\u0119\u017cki na upalny dzie\u0144. Je\u015bli jednak Pa\u0144stwo M\u0142odzi na styl wesela wybrali na przyk\u0142ad wiejsk\u0105 sielank\u0119 albo <a href=\"https:\/\/www.koronakarkonoszy.pl\/blog\/jak-zorganizowac-przyjecie-weselne-na-30-osob\/\" class=\"links-placer\">przyj\u0119cie weselne<\/a> b\u0119dzie w stylu boho, to r\u00f3wnie\u017c dekoracja przyj\u0119cia weselnego i catering powinny do nich pasowa\u0107.<\/p>\n<p><!-- \/wp:paragraph --><\/p>\n<\/div>\r\n            <\/div>\r\n    <div class=\"leonardo-image\">\r\n        <img loading=\"lazy\" decoding=\"async\" width=\"1920\" height=\"1280\" src=\"https:\/\/www.koronakarkonoszy.pl\/blog\/wp-content\/uploads\/2023\/03\/mihail-tregubov-dzBOf321grg-unsplash.jpg\" class=\"attachment-full size-full\" alt=\"\" srcset=\"https:\/\/www.koronakarkonoszy.pl\/blog\/wp-content\/uploads\/2023\/03\/mihail-tregubov-dzBOf321grg-unsplash.jpg 1920w, https:\/\/www.koronakarkonoszy.pl\/blog\/wp-content\/uploads\/2023\/03\/mihail-tregubov-dzBOf321grg-unsplash-300x200.jpg 300w, https:\/\/www.koronakarkonoszy.pl\/blog\/wp-content\/uploads\/2023\/03\/mihail-tregubov-dzBOf321grg-unsplash-1024x683.jpg 1024w, https:\/\/www.koronakarkonoszy.pl\/blog\/wp-content\/uploads\/2023\/03\/mihail-tregubov-dzBOf321grg-unsplash-768x512.jpg 768w, https:\/\/www.koronakarkonoszy.pl\/blog\/wp-content\/uploads\/2023\/03\/mihail-tregubov-dzBOf321grg-unsplash-1536x1024.jpg 1536w, https:\/\/www.koronakarkonoszy.pl\/blog\/wp-content\/uploads\/2023\/03\/mihail-tregubov-dzBOf321grg-unsplash-18x12.jpg 18w\" sizes=\"auto, (max-width: 1920px) 100vw, 1920px\" \/>            <\/div>\r\n<\/section>\n\n\n<h2 class=\"wp-block-heading\" id=\"ha-jak-wynajac-ogrod-na-wesele\">Jak wynaj\u0105\u0107 ogr\u00f3d na wesele?<\/h2>\n\n\n\n<p>Czasem nie dysponujemy w\u0142asnym ogrodem, a marzy nam si\u0119 \u015blub w plenerze. Nie mo\u017cemy te\u017c skorzysta\u0107 z ogrodu kogo\u015b z rodziny czy przyjaci\u00f3\u0142. A mimo to koniecznie chcemy urz\u0105dzi\u0107 <a href=\"https:\/\/www.koronakarkonoszy.pl\/blog\/slub-w-plenerze\/\" class=\"links-placer\">wesele w plenerze<\/a>. Co mo\u017cemy zrobi\u0107? Po prostu wynaj\u0105\u0107 ogr\u00f3d na wesele! Poszukajmy ogrod\u00f3w, kt\u00f3re s\u0105 dost\u0119pne do wynaj\u0119cia w naszej okolicy. Mo\u017cna skorzysta\u0107 z internetowych wyszukiwarek, eventowych platform wynajmu lub skonsultowa\u0107 si\u0119 z lokalnymi organizatorami \u015blub\u00f3w, kt\u00f3rzy na pewno znaj\u0105 odpowiednie miejsca.<\/p>\n\n\n\n<figure class=\"wp-block-image size-large\"><img loading=\"lazy\" decoding=\"async\" width=\"1024\" height=\"684\" src=\"https:\/\/www.koronakarkonoszy.pl\/blog\/wp-content\/uploads\/2022\/01\/AA056-1024x684.jpg\" alt=\"\" class=\"wp-image-9506\" srcset=\"https:\/\/www.koronakarkonoszy.pl\/blog\/wp-content\/uploads\/2022\/01\/AA056-1024x684.jpg 1024w, https:\/\/www.koronakarkonoszy.pl\/blog\/wp-content\/uploads\/2022\/01\/AA056-300x200.jpg 300w, https:\/\/www.koronakarkonoszy.pl\/blog\/wp-content\/uploads\/2022\/01\/AA056-768x513.jpg 768w, https:\/\/www.koronakarkonoszy.pl\/blog\/wp-content\/uploads\/2022\/01\/AA056-1536x1025.jpg 1536w, https:\/\/www.koronakarkonoszy.pl\/blog\/wp-content\/uploads\/2022\/01\/AA056-18x12.jpg 18w, https:\/\/www.koronakarkonoszy.pl\/blog\/wp-content\/uploads\/2022\/01\/AA056.jpg 1730w\" sizes=\"auto, (max-width: 1024px) 100vw, 1024px\" \/><figcaption class=\"wp-element-caption\"><strong>\u015alub w ogrodzie,<\/strong> <strong>Dw\u00f3r Korona Karkonoszy, Sosn\u00f3wka k. Karpacza <\/strong><\/figcaption><\/figure>\n\n\n\n<p>Po znalezieniu potencjalnych ogrod\u00f3w skontaktujmy si\u0119 z w\u0142a\u015bcicielem lub zarz\u0105dc\u0105, aby uzyska\u0107 wi\u0119cej informacji. Zadajmy pytania dotycz\u0105ce dost\u0119pno\u015bci, cen, zasad wynajmu oraz ewentualnych ogranicze\u0144 dotycz\u0105cych dekoracji i innych us\u0142ug. Koniecznie obejrzyjmy ogr\u00f3d na w\u0142asne oczy. Warto sprawdzi\u0107, czy przestrze\u0144 odpowiada naszym oczekiwaniom i czy jest odpowiednio du\u017ca, bior\u0105c pod uwag\u0119 planowan\u0105 liczb\u0119 go\u015bci. Trzeba te\u017c sprawdzi\u0107, czy jest tam parking i w\u0119ze\u0142 sanitarny.<\/p>\n\n\n\n<p>Teraz pozostaje ju\u017c tylko om\u00f3wi\u0107 szczeg\u00f3\u0142y i warunki wynajmu oraz podpisa\u0107 umow\u0119. Dokument powinien zawiera\u0107 wszystkie ustalenia dotycz\u0105ce daty, czasu, op\u0142at, zasad korzystania z ogrodu oraz wszelkich dodatkowych us\u0142ug lub ogranicze\u0144.<\/p>\n\n\n<section id=\"leonardo-block_a290310952bfac7a05fbc9a0f430b042\" class=\"leonardo page-breaker leonardo-image-right\">\r\n    <div class=\"leonardo-body\">\r\n                <div class=\"leonardo-content\"><h3 id=\"ha-dekoracje-ogrodu-motyw-przewodni\">Dekoracje ogrodu &#8211; motyw przewodni<\/h3>\n<p>Aby unikn\u0105\u0107 zamieszania, mo\u017cecie rozstawi\u0107 winietki na sto\u0142ach. Pami\u0119tajcie, \u017ceby zam\u00f3wi\u0107 karteczki, plan sali weselnej, menu, zaproszenia, zawieszki na alkohol w tym samym kolorze i stylu. Planuj\u0105c <strong>wesele w ogrodzie<\/strong>, mo\u017cecie \u015bmia\u0142o przeplata\u0107 szklane elementy z drewnianymi i miedzianymi. Do takiej mieszanki idealnie pasuj\u0105 pastelowe kwiaty, podk\u0142adki z plastr\u00f3w drewna, czy koronkowe ozdoby.<\/p>\n<\/div>\r\n                    <aside class=\"leonardo-interlink\">\r\n                <b>Polecamy<\/b>\r\n                <a href=\"https:\/\/www.koronakarkonoszy.pl\/blog\/wesele-w-ogrodzie\/\"><\/a>\r\n            <\/aside>\r\n            <\/div>\r\n    <div class=\"leonardo-image\">\r\n        <img loading=\"lazy\" decoding=\"async\" width=\"1920\" height=\"1234\" src=\"https:\/\/www.koronakarkonoszy.pl\/blog\/wp-content\/uploads\/2022\/05\/wesele-w-ogrodzie.jpg\" class=\"attachment-full size-full\" alt=\"wesele w ogrodzie: inspiracje\" srcset=\"https:\/\/www.koronakarkonoszy.pl\/blog\/wp-content\/uploads\/2022\/05\/wesele-w-ogrodzie.jpg 1920w, https:\/\/www.koronakarkonoszy.pl\/blog\/wp-content\/uploads\/2022\/05\/wesele-w-ogrodzie-300x193.jpg 300w, https:\/\/www.koronakarkonoszy.pl\/blog\/wp-content\/uploads\/2022\/05\/wesele-w-ogrodzie-1024x658.jpg 1024w, https:\/\/www.koronakarkonoszy.pl\/blog\/wp-content\/uploads\/2022\/05\/wesele-w-ogrodzie-768x494.jpg 768w, https:\/\/www.koronakarkonoszy.pl\/blog\/wp-content\/uploads\/2022\/05\/wesele-w-ogrodzie-1536x987.jpg 1536w\" sizes=\"auto, (max-width: 1920px) 100vw, 1920px\" \/>            <\/div>\r\n<\/section>\n\n\n<h3 class=\"wp-block-heading\" id=\"ha-wesele-w-plenerze-najpiekniejsze-dekoracje\">Wesele w plenerze: najpi\u0119kniejsze dekoracje<\/h3>\n\n\n\n<p>Pami\u0119tajcie, \u017ceby przyozdobi\u0107 ogr\u00f3d w podobnym stylu, co lokal. W ten spos\u00f3b poka\u017cecie go\u015bciom, \u017ce dbacie o ka\u017cdy, nawet najdrobniejszy detal. Planujecie wesele w ogrodzie i zastanawiacie si\u0119, jaki motyw przewodni wybra\u0107? W tym przypadku doskonale sprawdz\u0105 si\u0119 <strong>dekoracje w stylu boho, ekologicznym, rustykalnym, czy greenery<\/strong>. Postarajcie si\u0119, \u017ceby dekoracje krzese\u0142, st\u00f3\u0142 i o\u0142tarza, bukiet \u015blubny, a nawet wybrane atrakcje by\u0142y ze sob\u0105 sp\u00f3jne. W ten spos\u00f3b podkre\u015blicie wyj\u0105tkowy charakter przyj\u0119cia.&nbsp;<\/p>\n\n\n\n<style>\n    .cta_block{\n        margin: 1.5em 0;\n    }\n    .cta_block_content {\n        position: relative;\n        color: white;\n        padding: 1em;\n    }\n    .cta_block_content h3{\n        text-align: center;\n        font: normal normal normal 36px\/50px Yeseva One;\n    }\n    .cta_block_content .cta_block_desc{\n        text-align: center;\n        font-size: 1.1em;\n        position: relative;\n    }\n    .cta_block_content .cta_block_desc:before {\n        content: '';\n        width: 80px;\n        height: 4px;\n        background: #EEB315;\n        position: absolute;\n        left: 0;\n        right: 0;\n        margin-left: auto;\n        margin-right: auto;\n        top: -22px;\n    }\n\n    .cta_block_content picture{\n        position: absolute;\n        top: 0;\n        right: 0;\n        z-index: -1;\n        height: 100%;\n        overflow: hidden;\n        width: 100%;\n    }\n    .cta_block_content picture img{\n        object-fit: cover;\n        height: 100%;\n        width: 100%;\n    }\n    .cta_block .cta_block_content .ninja-forms-field{\n        background: #FFFFFF2F;\n        border: 1px solid #EEB315;\n        border-radius: 25px;\n        opacity: 1;\n        color: #ffffff;\n    }\n    .cta_block .cta_block_content .nf-form-content input[type=submit]{\n        background-color: #EEB315;\n        color: #292929;\n        text-align: center;\n        font: normal normal bold 14px\/20px Work Sans;\n        padding: 0 2em;\n    }\n\n    .cta_block ::placeholder{\n        color: white!important;\n        opacity: 1;\n    }\n\n    .cta_block_content::after {\n        height: 100%;\n        width: 100%;\n        content: \"\";\n        z-index: -1;\n        position: absolute;\n        top: 0;\n        background: #00000070;\n        right: 0;\n        left: 0;\n        bottom: 0;\n    }\n    #ha-cta-block, .cta_block_desc, .cta_block .nf-field-label, .cta_block .nf-error-msg {\n        filter: drop-shadow(1px 1px 8px black);\n    }\n\n\/*    .cta_block nf-rows-wrap {\n        display: flex;\n        justify-content: space-around;\n        flex-direction: row;\n    }*\/\n\n    .cta_block .nf-field-label {\n        display:none;\n    }\n\n    .cta_block .nf-error.field-wrap .nf-field-element::after {\n        border-radius: 50px;\n    }\n\n    .cta_block .nf-error-msg {\n        color: #fff;\n    }\n\n    .cta_block .nf-form-cont {\n        margin-top: 3em;\n        margin-bottom: 1em;\n    }\n\n    .wp-admin .cta_block_content{\n        display: none;\n    }\n    .cta_block .nf-form-fields-required {\n        display: none;\n    }\n    body:not(.wp-admin) .cta_block_admin {\n        display: none;\n    }\n<\/style>\n<div id=\"cta_block-block_435b0b3ecef4eba9b2d76ba8cbee8701\" class=\"cta_block\">\n    <div class=\"cta_block_admin\" style=\"background-color: blue; color: white\">\n        Blok CTA\n    <\/div>\n    <div class=\"cta_block\">\n        <div class=\"cta_block_content\">   \n        <h3 id=\"ha-planujecie-wesele-w-plenerze\">Planujecie wesele w plenerze? <\/h3>\n                    <div class=\"cta_block_desc\">Zorganizujemy je dla Was w naszym dworskim ogrodzie! <\/div>\n                <noscript class=\"ninja-forms-noscript-message\">\n\tUwaga: ta zawarto\u015b\u0107 wymaga obs\u0142ugi j\u0119zyka JavaScript.<\/noscript>\n<div id=\"nf-form-3_1-cont\" class=\"nf-form-cont\" aria-live=\"polite\" aria-labelledby=\"nf-form-title-3_1\" aria-describedby=\"nf-form-errors-3_1\" role=\"form\">\n\n    <div class=\"nf-loading-spinner\"><\/div>\n\n<\/div>\n        <!-- That data is being printed as a workaround to page builders reordering the order of the scripts loaded-->\n        <script>var formDisplay=1;var nfForms=nfForms||[];var form=[];form.id='3_1';form.settings={\"objectType\":\"Form Setting\",\"editActive\":true,\"title\":\"Block CTA\",\"created_at\":\"2022-11-08 16:03:33\",\"default_label_pos\":\"above\",\"show_title\":0,\"clear_complete\":\"1\",\"hide_complete\":\"1\",\"logged_in\":\"\",\"wrapper_class\":\"\",\"element_class\":\"\",\"key\":\"\",\"add_submit\":\"0\",\"changeEmailErrorMsg\":\"Wprowad\\u017a prawid\\u0142owy adres e-mail!\",\"changeDateErrorMsg\":\"Prosz\\u0119 wpisa\\u0107 prawid\\u0142ow\\u0105 dat\\u0119!\",\"confirmFieldErrorMsg\":\"Te pola musz\\u0105 si\\u0119 zgadza\\u0107!\",\"fieldNumberNumMinError\":\"B\\u0142\\u0105d \\u2014 liczba minimalna\",\"fieldNumberNumMaxError\":\"B\\u0142\\u0105d \\u2014 liczba maksymalna\",\"fieldNumberIncrementBy\":\"Zwi\\u0119ksz o \",\"formErrorsCorrectErrors\":\"Popraw b\\u0142\\u0119dy, zanim prze\\u015blesz formularz.\",\"validateRequiredField\":\"To jest wymagane pole.\",\"honeypotHoneypotError\":\"B\\u0142\\u0105d Honeypot\",\"fieldsMarkedRequired\":\"Pola oznaczone znakiem &lt;span class=&quot;ninja-forms-req-symbol&quot;&gt;*&lt;\\\/span&gt; s\\u0105 wymagane\",\"currency\":\"\",\"repeatable_fieldsets\":\"\",\"unique_field_error\":\"Formularz z t\\u0105 warto\\u015bci\\u0105 zosta\\u0142 ju\\u017c przes\\u0142any.\",\"not_logged_in_msg\":\"\",\"sub_limit_msg\":\"Formularz osi\\u0105gn\\u0105\\u0142 limit wys\\u0142a\\u0144.\",\"calculations\":[],\"container_styles_show_advanced_css\":\"0\",\"title_styles_show_advanced_css\":\"0\",\"row_styles_show_advanced_css\":\"0\",\"row-odd_styles_show_advanced_css\":\"0\",\"success-msg_styles_show_advanced_css\":\"0\",\"error_msg_styles_show_advanced_css\":\"0\",\"formContentData\":[{\"order\":1,\"cells\":[{\"order\":0,\"fields\":[\"phone_1640098023980\"],\"width\":35},{\"order\":1,\"fields\":[\"adres_e-mail_1667919839452\"],\"width\":35},{\"order\":2,\"fields\":[\"zapisz_mnie_1667919853255\"],\"width\":30}]}],\"drawerDisabled\":false,\"conditions\":[],\"allow_public_link\":0,\"embed_form\":\"\",\"container_styles_border\":\"\",\"container_styles_height\":\"\",\"container_styles_margin\":\"\",\"container_styles_padding\":\"\",\"container_styles_float\":\"\",\"title_styles_border\":\"\",\"title_styles_height\":\"\",\"title_styles_width\":\"\",\"title_styles_font-size\":\"\",\"title_styles_margin\":\"\",\"title_styles_padding\":\"\",\"title_styles_float\":\"\",\"row_styles_border\":\"\",\"row_styles_width\":\"\",\"row_styles_font-size\":\"\",\"row_styles_margin\":\"\",\"row_styles_padding\":\"\",\"row-odd_styles_border\":\"\",\"row-odd_styles_height\":\"\",\"row-odd_styles_width\":\"\",\"row-odd_styles_font-size\":\"\",\"row-odd_styles_margin\":\"\",\"row-odd_styles_padding\":\"\",\"success-msg_styles_border\":\"\",\"success-msg_styles_height\":\"\",\"success-msg_styles_width\":\"\",\"success-msg_styles_font-size\":\"\",\"success-msg_styles_margin\":\"\",\"success-msg_styles_padding\":\"\",\"error_msg_styles_border\":\"\",\"error_msg_styles_width\":\"\",\"error_msg_styles_font-size\":\"\",\"error_msg_styles_margin\":\"\",\"error_msg_styles_padding\":\"\",\"form_title_heading_level\":\"3\",\"ninjaForms\":\"Ninja Forms\",\"fieldTextareaRTEInsertLink\":\"Wstaw odno\\u015bnik\",\"fieldTextareaRTEInsertMedia\":\"Wstaw media\",\"fieldTextareaRTESelectAFile\":\"Wybierz plik\",\"formHoneypot\":\"Je\\u015bli jeste\\u015b cz\\u0142owiekiem i widzisz to pole, nie wype\\u0142niaj go.\",\"fileUploadOldCodeFileUploadInProgress\":\"Przesy\\u0142anie pliku w toku.\",\"fileUploadOldCodeFileUpload\":\"PRZESY\\u0141ANIE PLIKU\",\"currencySymbol\":\"&#36;\",\"thousands_sep\":\"&nbsp;\",\"decimal_point\":\",\",\"siteLocale\":\"pl_PL\",\"dateFormat\":\"m\\\/d\\\/Y\",\"startOfWeek\":\"1\",\"of\":\"z\",\"previousMonth\":\"Poprzedni miesi\\u0105c\",\"nextMonth\":\"Nast\\u0119pny miesi\\u0105c\",\"months\":[\"Stycze\\u0144\",\"Luty\",\"Marzec\",\"Kwiecie\\u0144\",\"Maj\",\"Czerwiec\",\"Lipiec\",\"Sierpie\\u0144\",\"Wrzesie\\u0144\",\"Pa\\u017adziernik\",\"Listopad\",\"Grudzie\\u0144\"],\"monthsShort\":[\"Sty\",\"Lut\",\"Mar\",\"Kw\",\"Maj\",\"Cze\",\"Lip\",\"Sie\",\"Wrz\",\"Pa\\u017a\",\"Lis\",\"Gru\"],\"weekdays\":[\"Niedziela\",\"Poniedzia\\u0142ek\",\"Wtorek\",\"\\u015aroda\",\"Czwartek\",\"Pi\\u0105tek\",\"Sobota\"],\"weekdaysShort\":[\"Niedz\",\"Pon\",\"Wt\",\"\\u015ar\",\"Czw\",\"Pt\",\"Sob\"],\"weekdaysMin\":[\"Niedz\",\"Pon\",\"Wt\",\"\\u015ar\",\"Czw\",\"Pt\",\"Sob\"],\"recaptchaConsentMissing\":\"reCaptcha validation couldn&#039;t load.\",\"recaptchaMissingCookie\":\"reCaptcha v3 validation couldn&#039;t load the cookie needed to submit the form.\",\"recaptchaConsentEvent\":\"Accept reCaptcha cookies before sending the form.\",\"currency_symbol\":\"\",\"beforeForm\":\"\",\"beforeFields\":\"\",\"afterFields\":\"\",\"afterForm\":\"\"};form.fields=[{\"objectType\":\"Field\",\"objectDomain\":\"fields\",\"editActive\":false,\"order\":1,\"idAttribute\":\"id\",\"type\":\"phone\",\"label\":\"Numer telefonu\",\"key\":\"phone_1640098023980\",\"label_pos\":\"above\",\"required\":1,\"default\":\"\",\"placeholder\":\"Numer telefonu\",\"container_class\":\"\",\"element_class\":\"\",\"input_limit\":\"\",\"input_limit_type\":\"characters\",\"input_limit_msg\":\"Liczba pozosta\\u0142ych znak\\u00f3w:\",\"manual_key\":\"\",\"admin_label\":\"\",\"help_text\":\"\",\"mask\":\"\",\"custom_mask\":\"\",\"custom_name_attribute\":\"phone\",\"personally_identifiable\":1,\"wrap_styles_border\":\"\",\"wrap_styles_width\":\"\",\"wrap_styles_margin\":\"\",\"wrap_styles_padding\":\"\",\"wrap_styles_float\":\"\",\"wrap_styles_show_advanced_css\":0,\"label_styles_border\":\"\",\"label_styles_width\":\"\",\"label_styles_font-size\":\"\",\"label_styles_margin\":\"\",\"label_styles_padding\":\"\",\"label_styles_float\":\"\",\"label_styles_show_advanced_css\":0,\"element_styles_border\":\"\",\"element_styles_width\":\"\",\"element_styles_font-size\":\"\",\"element_styles_margin\":\"\",\"element_styles_padding\":\"\",\"element_styles_float\":\"\",\"element_styles_show_advanced_css\":0,\"cellcid\":\"c3386\",\"value\":\"\",\"field_label\":\"Numer telefonu\",\"field_key\":\"phone_1640098023980\",\"drawerDisabled\":false,\"id\":\"8_1\",\"beforeField\":\"\",\"afterField\":\"\",\"parentType\":\"textbox\",\"element_templates\":[\"tel\",\"textbox\",\"input\"],\"old_classname\":\"\",\"wrap_template\":\"wrap\"},{\"objectType\":\"Field\",\"objectDomain\":\"fields\",\"editActive\":false,\"order\":2,\"idAttribute\":\"id\",\"type\":\"email\",\"label\":\"Adres e-mail\",\"key\":\"adres_e-mail_1667919839452\",\"label_pos\":\"above\",\"required\":1,\"default\":\"\",\"placeholder\":\"Adres e-mail\",\"container_class\":\"\",\"element_class\":\"\",\"admin_label\":\"\",\"help_text\":\"\",\"custom_name_attribute\":\"email\",\"personally_identifiable\":1,\"wrap_styles_border\":\"\",\"wrap_styles_width\":\"\",\"wrap_styles_margin\":\"\",\"wrap_styles_padding\":\"\",\"wrap_styles_float\":\"\",\"wrap_styles_show_advanced_css\":0,\"label_styles_border\":\"\",\"label_styles_width\":\"\",\"label_styles_font-size\":\"\",\"label_styles_margin\":\"\",\"label_styles_padding\":\"\",\"label_styles_float\":\"\",\"label_styles_show_advanced_css\":0,\"element_styles_border\":\"\",\"element_styles_width\":\"\",\"element_styles_font-size\":\"\",\"element_styles_margin\":\"\",\"element_styles_padding\":\"\",\"element_styles_float\":\"\",\"element_styles_show_advanced_css\":0,\"cellcid\":\"c3389\",\"value\":\"\",\"drawerDisabled\":false,\"field_label\":\"E-mail\",\"field_key\":\"email_1640098026199\",\"id\":\"9_1\",\"beforeField\":\"\",\"afterField\":\"\",\"parentType\":\"email\",\"element_templates\":[\"email\",\"input\"],\"old_classname\":\"\",\"wrap_template\":\"wrap\"},{\"objectType\":\"Field\",\"objectDomain\":\"fields\",\"editActive\":false,\"order\":3,\"idAttribute\":\"id\",\"type\":\"submit\",\"label\":\"Zapisz mnie\",\"processing_label\":\"W trakcie realizacji\",\"container_class\":\"\",\"element_class\":\"\",\"key\":\"zapisz_mnie_1667919853255\",\"wrap_styles_border\":\"\",\"wrap_styles_width\":\"\",\"wrap_styles_margin\":\"\",\"wrap_styles_padding\":\"\",\"wrap_styles_float\":\"\",\"wrap_styles_show_advanced_css\":0,\"element_styles_border\":\"\",\"element_styles_width\":\"\",\"element_styles_font-size\":\"\",\"element_styles_margin\":\"\",\"element_styles_padding\":\"\",\"element_styles_float\":\"\",\"element_styles_show_advanced_css\":0,\"submit_element_hover_styles_border\":\"\",\"submit_element_hover_styles_width\":\"\",\"submit_element_hover_styles_font-size\":\"\",\"submit_element_hover_styles_margin\":\"\",\"submit_element_hover_styles_padding\":\"\",\"submit_element_hover_styles_float\":\"\",\"submit_element_hover_styles_show_advanced_css\":0,\"cellcid\":\"c3391\",\"drawerDisabled\":false,\"field_label\":\"Zamawiam rozmow\\u0119\",\"field_key\":\"zamawiam_rozmowe_1640098067453\",\"id\":\"10_1\",\"beforeField\":\"\",\"afterField\":\"\",\"value\":\"\",\"label_pos\":\"above\",\"parentType\":\"textbox\",\"element_templates\":[\"submit\",\"button\",\"input\"],\"old_classname\":\"\",\"wrap_template\":\"wrap-no-label\"}];nfForms.push(form);<\/script>\n                <script id=\"nf-tmpl-cell\" type=\"text\/template\">\n            <nf-fields><\/nf-fields>\n        <\/script>\n\n        <script id=\"nf-tmpl-row\" type=\"text\/template\">\n            <nf-cells><\/nf-cells>\n        <\/script>\n\n                <img loading=\"lazy\" decoding=\"async\" width=\"1500\" height=\"705\" src=\"https:\/\/www.koronakarkonoszy.pl\/blog\/wp-content\/uploads\/2022\/06\/Dwor-Korona-Karkonoszy.jpg\" class=\"attachment-full size-full\" alt=\"\" srcset=\"https:\/\/www.koronakarkonoszy.pl\/blog\/wp-content\/uploads\/2022\/06\/Dwor-Korona-Karkonoszy.jpg 1500w, https:\/\/www.koronakarkonoszy.pl\/blog\/wp-content\/uploads\/2022\/06\/Dwor-Korona-Karkonoszy-300x141.jpg 300w, https:\/\/www.koronakarkonoszy.pl\/blog\/wp-content\/uploads\/2022\/06\/Dwor-Korona-Karkonoszy-1024x481.jpg 1024w, https:\/\/www.koronakarkonoszy.pl\/blog\/wp-content\/uploads\/2022\/06\/Dwor-Korona-Karkonoszy-768x361.jpg 768w\" sizes=\"auto, (max-width: 1500px) 100vw, 1500px\" \/>        <\/div> \n    <\/div>\n<\/div>\n\n\n\n<p>Je\u015bli wesele w ogrodzie ma nawi\u0105zywa\u0107 do lawendowych p\u00f3l w Prowansji, zrezygnujcie z pokazu szczudlarzy, czy tancerek flamenco. Postawcie na lekko\u015b\u0107, naturalno\u015b\u0107 i sielsko\u015b\u0107! W wystroju powinna dominowa\u0107 biel i lawenda, mo\u017cna je prze\u0142ama\u0107 b\u0142\u0119kitem, pudrowym r\u00f3\u017cem i kolorami ziemi. Unikajcie jednak intensywnych akcent\u00f3w kolorystycznych, w przeciwnym razie ca\u0142y Wasz wysi\u0142ek p\u00f3jdzie na marne.<\/p>\n\n\n\n<figure class=\"wp-block-image size-large\"><img loading=\"lazy\" decoding=\"async\" width=\"1024\" height=\"683\" src=\"https:\/\/www.koronakarkonoszy.pl\/blog\/wp-content\/uploads\/2023\/02\/010i-1024x683.jpg\" alt=\"\" class=\"wp-image-7844\" srcset=\"https:\/\/www.koronakarkonoszy.pl\/blog\/wp-content\/uploads\/2023\/02\/010i-1024x683.jpg 1024w, https:\/\/www.koronakarkonoszy.pl\/blog\/wp-content\/uploads\/2023\/02\/010i-300x200.jpg 300w, https:\/\/www.koronakarkonoszy.pl\/blog\/wp-content\/uploads\/2023\/02\/010i-768x512.jpg 768w, https:\/\/www.koronakarkonoszy.pl\/blog\/wp-content\/uploads\/2023\/02\/010i-1920x1280.jpg 1920w, https:\/\/www.koronakarkonoszy.pl\/blog\/wp-content\/uploads\/2023\/02\/010i-1536x1024.jpg 1536w, https:\/\/www.koronakarkonoszy.pl\/blog\/wp-content\/uploads\/2023\/02\/010i-2048x1365.jpg 2048w, https:\/\/www.koronakarkonoszy.pl\/blog\/wp-content\/uploads\/2023\/02\/010i-18x12.jpg 18w\" sizes=\"auto, (max-width: 1024px) 100vw, 1024px\" \/><figcaption class=\"wp-element-caption\"><strong>Wesele Karpacz i okolice &#8211; wesele w ogrodzie <\/strong><\/figcaption><\/figure>\n\n\n\n<h2 class=\"wp-block-heading\">Jak wybra\u0107 <strong>miejsce na \u015blub w plenerze<\/strong> i wesele w ogrodzie?<\/h2>\n\n\n\n<p>Miejsca na \u015blub w plenerze mog\u0105 by\u0107 bardzo r\u00f3\u017cnorodne. Wesele w plenerze mo\u017cna urz\u0105dzi\u0107 po prostu w miejskim parku lub publicznym ogrodzie. Niekt\u00f3re Pary M\u0142ode decyduj\u0105 si\u0119 na winnice i winiarnie jako miejsce wesela. Idealne miejsca dla koneser\u00f3w win! Tak\u017ce organizacja \u015blubu na pla\u017cy lub na wybrze\u017cu mo\u017ce by\u0107 wspania\u0142ym pomys\u0142em. Piasek i szum fal stanowi\u0105 idealne t\u0142o dla romantycznej ceremonii \u015blubnej. Podobnie \u015blub w g\u00f3rskiej scenerii to niezapomniane do\u015bwiadczenie &#8211; malownicze widoki, zielone zbocza i \u015bwie\u017ce powietrze\u2026<\/p>\n\n\n\n<p>Je\u015bli marzysz o \u015blubie w stylu bajkowym, rozwa\u017c wynaj\u0119cie zamku lub historycznej posiad\u0142o\u015bci z przylegaj\u0105cym parkiem lub ogrodem. Takie miejsca cz\u0119sto oferuj\u0105 mo\u017cliwo\u015b\u0107 organizacji ceremonii plenerowej na ich terenie. Albo \u2013 dla odmiany \u2013 je\u015bli marzy nam si\u0119 \u015blub w rytmie wielkiego miasta, poszukajmy miejsca na dachach budynk\u00f3w, tarasach z panoramicznymi widokami lub parkach miejskich, gdzie mo\u017cna zorganizowa\u0107 \u015blub w plenerze.<\/p>\n\n\n<section id=\"leonardo-block_da293d5aa385093ab7d4dc511305c9a2\" class=\"leonardo page-breaker leonardo-image-left\">\r\n    <div class=\"leonardo-body\">\r\n        <h2 class=\"leonardo-title\" id=\"h-czy-wesele-w-ogrodzie-bedzie-tansze-niz-w-sali-weselnej\">Czy wesele w ogrodzie b\u0119dzie ta\u0144sze ni\u017c w sali weselnej?<\/h2>        <div class=\"leonardo-content\"><p><!-- wp:heading --><\/p>\n<p>Wiele czynnik\u00f3w wp\u0142ywa na koszty wesela. I to niezale\u017cnie od tego, czy odbywa si\u0119 ono w ogrodzie, czy w sali weselnej. Chocia\u017c wesele w ogrodzie mo\u017ce by\u0107 potencjalnie ta\u0144sze ni\u017c tradycyjne, w sali na wesele, istnieje wiele zmiennych, kt\u00f3re nale\u017cy wzi\u0105\u0107 pod uwag\u0119. Oto kilka czynnik\u00f3w, kt\u00f3re mog\u0105 wp\u0142yn\u0105\u0107 na koszty wesele w ogrodzie:<\/p>\n<p><!-- \/wp:paragraph --> <!-- wp:paragraph --><\/p>\n<ul>\n<li>Wynajem miejsca. Wynaj\u0119cie ogrodu na wesele mo\u017ce by\u0107 ta\u0144sze ni\u017c wynajem sali weselnej, ale koszty mog\u0105 si\u0119 r\u00f3\u017cni\u0107 w zale\u017cno\u015bci od lokalizacji, popularno\u015bci danego miejsca i terminu.<\/li>\n<li><!-- \/wp:paragraph --> Dekoracje i wystr\u00f3j. Podczas wesela w ogrodzie mo\u017cemy skorzysta\u0107 z naturalnego pi\u0119kna otaczaj\u0105cego nas krajobrazu, dzi\u0119ki czemu zaoszcz\u0119dzimy na dekoracjach.<\/li>\n<li><!-- \/wp:paragraph --> Infrastruktura. W przypadku organizacji wesela w ogrodzie konieczne mo\u017ce by\u0107 wynaj\u0119cie dodatkowej infrastruktury, takiej jak namioty, sto\u0142y, krzes\u0142a, o\u015bwietlenie czy toalety przeno\u015bne.<\/li>\n<li><!-- \/wp:paragraph --> Catering: Wyb\u00f3r cateringu ma du\u017ce znaczenie dla koszt\u00f3w wesela. Bez wzgl\u0119du na to, czy organizujesz wesele w ogrodzie, czy w sali weselnej, koszty jedzenia i napoj\u00f3w b\u0119d\u0105 podobne.<\/li>\n<li><!-- \/wp:paragraph --> Logistyka. Wesele w ogrodzie mo\u017ce wymaga\u0107 wi\u0119kszego zaanga\u017cowania w organizacj\u0119 \u2013 chodzi o transport, przechowywanie \u017cywno\u015bci i napoj\u00f3w, zarz\u0105dzanie dostawcami i zapewnienie odpowiednich udogodnie\u0144 dla go\u015bci.<\/li>\n<\/ul>\n<p><!-- \/wp:paragraph --><\/p>\n<\/div>\r\n            <\/div>\r\n    <div class=\"leonardo-image\">\r\n        <img loading=\"lazy\" decoding=\"async\" width=\"800\" height=\"534\" src=\"https:\/\/www.koronakarkonoszy.pl\/blog\/wp-content\/uploads\/2021\/07\/newslub_w_ogrodzie__1_.jpg\" class=\"attachment-full size-full\" alt=\"\u015blub w plenerze\" srcset=\"https:\/\/www.koronakarkonoszy.pl\/blog\/wp-content\/uploads\/2021\/07\/newslub_w_ogrodzie__1_.jpg 800w, https:\/\/www.koronakarkonoszy.pl\/blog\/wp-content\/uploads\/2021\/07\/newslub_w_ogrodzie__1_-300x200.jpg 300w, https:\/\/www.koronakarkonoszy.pl\/blog\/wp-content\/uploads\/2021\/07\/newslub_w_ogrodzie__1_-768x513.jpg 768w\" sizes=\"auto, (max-width: 800px) 100vw, 800px\" \/>            <\/div>\r\n<\/section>\n\n\n<h3 class=\"wp-block-heading\" id=\"ha-kilka-wskazowek-na-udane-wesele-w-plenerze\">Kilka wskaz\u00f3wek na udane wesele w plenerze<\/h3>\n\n\n\n<p>Zastanawiacie si\u0119, jak wybra\u0107 muzyk\u0119 na wesele w ogrodzie? Niezale\u017cnie od tego, czy wybierzecie zesp\u00f3\u0142, czy DJ, pami\u0119tajcie, \u017ceby przedyskutowa\u0107 z nimi kwestie techniczne. Upewnijcie si\u0119, \u017ce wybrane miejsce dysponuje odpowiedni\u0105 ilo\u015bci\u0105 gniazdek. W niekt\u00f3rych przypadkach trzeba zbudowa\u0107 scen\u0119 i parkiet do ta\u0144ca, dlatego zaplanujcie dzia\u0142ania z du\u017cym wyprzedzeniem. W ten spos\u00f3b unikniecie przykrych niespodzianek. <\/p>\n\n\n\n<figure class=\"wp-block-image size-large\"><img loading=\"lazy\" decoding=\"async\" width=\"1024\" height=\"576\" src=\"https:\/\/www.koronakarkonoszy.pl\/blog\/wp-content\/uploads\/2022\/03\/DSC_0443-1024x576.jpg\" alt=\"\" class=\"wp-image-5808\" srcset=\"https:\/\/www.koronakarkonoszy.pl\/blog\/wp-content\/uploads\/2022\/03\/DSC_0443-1024x576.jpg 1024w, https:\/\/www.koronakarkonoszy.pl\/blog\/wp-content\/uploads\/2022\/03\/DSC_0443-300x169.jpg 300w, https:\/\/www.koronakarkonoszy.pl\/blog\/wp-content\/uploads\/2022\/03\/DSC_0443-768x432.jpg 768w, https:\/\/www.koronakarkonoszy.pl\/blog\/wp-content\/uploads\/2022\/03\/DSC_0443-1920x1080.jpg 1920w, https:\/\/www.koronakarkonoszy.pl\/blog\/wp-content\/uploads\/2022\/03\/DSC_0443-1536x864.jpg 1536w, https:\/\/www.koronakarkonoszy.pl\/blog\/wp-content\/uploads\/2022\/03\/DSC_0443-2048x1152.jpg 2048w\" sizes=\"auto, (max-width: 1024px) 100vw, 1024px\" \/><figcaption class=\"wp-element-caption\"><strong>Ogr\u00f3d na wesele, <a href=\"https:\/\/www.koronakarkonoszy.pl\/wesele\/\" target=\"_blank\" rel=\"noreferrer noopener\">Dw\u00f3r Korona Karkonoszy<\/a>, Sosn\u00f3wka k. Karpacza <\/strong><\/figcaption><\/figure>\n\n\n\n<p>Je\u015bli organizujecie wesele w przydomowym ogrodzie i dysponujecie ograniczonym bud\u017cetem, mo\u017cecie przygotowa\u0107 w\u0142asn\u0105 playlist\u0119. Postarajcie si\u0119, \u017ceby pojawi\u0142y si\u0119 na niej piosenki z r\u00f3\u017cnych gatunk\u00f3w muzycznych, dzi\u0119ki czemu ka\u017cdy b\u0119dzie si\u0119 dobrze bawi\u0142. Decyduj\u0105c si\u0119 na takie rozwi\u0105zanie, zorganizujcie laptopa i profesjonalne nag\u0142o\u015bnienie.&nbsp;<\/p>\n\n\n\n<p>Jakie kreacje najbardziej pasuj\u0105 na wesele w ogrodzie? Nic nie stoi na przeszkodzie, \u017ceby Panna M\u0142oda mia\u0142a d\u0142ug\u0105 sukni\u0119, z drugiej strony kr\u00f3tka sukienka lub z odpinanym do\u0142em zapewnia wygod\u0119 w ka\u017cdej sytuacji. Do takiej kreacji idealnie pasuj\u0105 buty na p\u0142askim lub niewysokim obcasie. Warto r\u00f3wnie\u017c pomy\u015ble\u0107 o etoli, pelerynie lub kominie, kt\u00f3re przydadz\u0105 si\u0119, gdy zrobi si\u0119 ch\u0142odniej. Z kolei Pan M\u0142ody mo\u017ce wyst\u0105pi\u0107 w eleganckim garniturze i klasycznych, czarnych oksfordach. Je\u015bli chcecie, aby go\u015bcie wspominali d\u0142ugo Wasze przyj\u0119cie, zadbajcie o wszystkie szczeg\u00f3\u0142y.<\/p>\n\n\n<section id=\"leonardo-block_c46469ab2f0a9cf52571e28f94f8fecb\" class=\"leonardo page-breaker leonardo-image-right\">\r\n    <div class=\"leonardo-body\">\r\n                <div class=\"leonardo-content\"><p><!-- wp:heading --><\/p>\n<h3 id=\"ha-czy-warto-dokladnie-okreslac-czas-przyjecia-weselnego\">Czy warto dok\u0142adnie okre\u015bla\u0107 czas przyj\u0119cia weselnego?<\/h3>\n<p>Sam \u015blub musi by\u0107 oczywi\u015bcie wcze\u015bniej \u015bci\u015ble zaplanowany i mie\u0107 jasno okre\u015blon\u0105 dat\u0119 i godzin\u0119. Wymaga tego urz\u0119dowy charakter tej ceremonii. Ale ju\u017c na przyk\u0142ad wesele plenerowe latem nie musi mie\u0107 jasno okre\u015blonych ram czasowych. I w\u0142a\u015bnie to, \u017ce mo\u017cna si\u0119 bawi\u0107 od zmierzchu do \u015bwitu, jest wielk\u0105 zalet\u0105 wesel plenerowych.<\/p>\n<p>Na takich uroczysto\u015bciach cz\u0119sto do bia\u0142ego dnia go\u015bcie weselni dobrze si\u0119 bawi\u0105 i ani im w g\u0142owie ko\u0144czy\u0107 wesele. \u017beby zaplanowa\u0107 idealne wesele, trzeba da\u0107 parze m\u0142odej i go\u015bciom weselnym przestrze\u0144 do spontanicznej zabawy.<\/p>\n<p><!-- \/wp:paragraph --><\/p>\n<\/div>\r\n                    <aside class=\"leonardo-interlink\">\r\n                <b>Polecamy<\/b>\r\n                <a href=\"https:\/\/www.koronakarkonoszy.pl\/blog\/slub-jelenia-gora\/\">\u015alub Jelenia G\u00f3ra \u2013 sielska ceremonia w stolicy Karkonoszy<\/a>\r\n            <\/aside>\r\n            <\/div>\r\n    <div class=\"leonardo-image\">\r\n        <img loading=\"lazy\" decoding=\"async\" width=\"800\" height=\"534\" src=\"https:\/\/www.koronakarkonoszy.pl\/blog\/wp-content\/uploads\/2021\/07\/uroczytosc_slub_w_ogrodzie.jpg\" class=\"attachment-full size-full\" alt=\"uroczysto\u015b\u0107 \u015blub w ogrodzie\" srcset=\"https:\/\/www.koronakarkonoszy.pl\/blog\/wp-content\/uploads\/2021\/07\/uroczytosc_slub_w_ogrodzie.jpg 800w, https:\/\/www.koronakarkonoszy.pl\/blog\/wp-content\/uploads\/2021\/07\/uroczytosc_slub_w_ogrodzie-300x200.jpg 300w, https:\/\/www.koronakarkonoszy.pl\/blog\/wp-content\/uploads\/2021\/07\/uroczytosc_slub_w_ogrodzie-768x513.jpg 768w\" sizes=\"auto, (max-width: 800px) 100vw, 800px\" \/>            <\/div>\r\n<\/section>\n\n\n<h2 class=\"wp-block-heading\" id=\"ha-kiedy-zrobic-wesele-w-ogrodzie\">Kiedy zrobi\u0107 wesele w ogrodzie?<\/h2>\n\n\n\n<p>Organizowanie wesela na \u015bwie\u017cym powietrzu, w ogrodzie, to wspania\u0142y pomys\u0142, zw\u0142aszcza w cieplejszych miesi\u0105cach. Najlepiej wybierz miesi\u0105ce, w kt\u00f3rych panuje korzystna pogoda. Unikaj okres\u00f3w, w kt\u00f3rych wyst\u0119puj\u0105 cz\u0119ste opady deszczu, niskie temperatury lub silne wiatry. Wiele Par M\u0142odych decyduje si\u0119 na zorganizowanie wesela w ogrodzie wiosn\u0105, latem lub wczesn\u0105 jesieni\u0105. O najlepszy miesi\u0105c do organizacji \u015blubu w plenerze warto spyta\u0107 tak\u017ce\u2026 ogrodnika! Doradzi on, jakie ro\u015bliny b\u0119d\u0105 akurat kwit\u0142y \u2013 pomy\u015blmy, jakie marzy nam si\u0119 t\u0142o naszej ceremonii.<\/p>\n\n\n\n<p>Je\u015bli planujesz wesele w ogrodzie, upewnij si\u0119, \u017ce odpowiednia przestrze\u0144 jest dost\u0119pna w wybranym przez Ciebie terminie. Popularne ogrody eventowe mog\u0105 mie\u0107 ograniczon\u0105 dost\u0119pno\u015b\u0107 w tak zwanym gor\u0105cym sezonie \u015blubnym, wi\u0119c warto wcze\u015bniej zarezerwowa\u0107 termin.<\/p>\n\n\n<section id=\"leonardo-block_b56c69f3dd244cd5e9f8897b14127434\" class=\"leonardo page-breaker leonardo-image-left\">\r\n    <div class=\"leonardo-body\">\r\n                <div class=\"leonardo-content\"><p><!-- wp:heading --><\/p>\n<p>Samodzielna organizacja wesela w ogrodzie mo\u017ce wydawa\u0107 si\u0119 prosta. Przecie\u017c najlepsz\u0105 dekoracj\u0105 wesela plenerowego jest po prostu natura. Ziele\u0144, kwiaty, zapachy i \u015bpiew ptak\u00f3w z pewno\u015bci\u0105 nadadz\u0105 uroczysto\u015bci radosny klimat. A najlepsze, \u017ce to wszystko b\u0119dzie gratis! To s\u0105 niew\u0105tpliwe zalety wesela w ogrodzie. Ale w przypadku wesela plenerowego sam kawa\u0142ek przestrzeni w ogrodzie to za ma\u0142o. Potrzebne jest jeszcze zaplecze kuchenne i oczywi\u015bcie sanitarne. \u017beby wszyscy go\u015bcie weselni dobrze bawili si\u0119 w plenerze, trzeba im zapewni\u0107 podstawowe wygody i miejsce do zabaw i ta\u0144ca. Nawet w idealnym ogrodzie weselnym powinny by\u0107 dodatkowe zak\u0105tki, \u017ceby przysi\u0105\u015b\u0107 i chwilk\u0119 odpocz\u0105\u0107. Albo na przyk\u0142ad \u0142aweczka mi\u0142o\u015bci, gdzie mo\u017cna si\u0119 w swoich uczuciach utwierdzi\u0107.<\/p>\n<p><!-- \/wp:paragraph --> <!-- wp:paragraph --><\/p>\n<p>Je\u015bli wesele b\u0119dzie w stylu rustykalnym lub Hamptons, to meble weselne mog\u0105 by\u0107 proste, najlepiej rattanowe lub drewniane, ale musz\u0105 by\u0107 funkcjonalne i wygodne. Zawsze sprawdz\u0105 si\u0119 tak\u017ce metalowe, kute, troch\u0119 ozdobne \u2013 idealne do wesela glamour czy cottage. A wesele w stylu boho czy folk? Wtedy w\u0142a\u015bciwie wystarcz\u0105 le\u017caki, poduchy, \u0142awy i kolorowe pledy. To mo\u017ce by\u0107 wesele na luzie, w bardzo ju\u017c nieformalnej atmosferze pikniku.<\/p>\n<p><!-- \/wp:paragraph --><\/p>\n<\/div>\r\n            <\/div>\r\n    <div class=\"leonardo-image\">\r\n        <img loading=\"lazy\" decoding=\"async\" width=\"1512\" height=\"1095\" src=\"https:\/\/www.koronakarkonoszy.pl\/blog\/wp-content\/uploads\/2022\/10\/mloda-para-wesele-w-ogrodzie-54.jpg\" class=\"attachment-full size-full\" alt=\"\" srcset=\"https:\/\/www.koronakarkonoszy.pl\/blog\/wp-content\/uploads\/2022\/10\/mloda-para-wesele-w-ogrodzie-54.jpg 1512w, https:\/\/www.koronakarkonoszy.pl\/blog\/wp-content\/uploads\/2022\/10\/mloda-para-wesele-w-ogrodzie-54-300x217.jpg 300w, https:\/\/www.koronakarkonoszy.pl\/blog\/wp-content\/uploads\/2022\/10\/mloda-para-wesele-w-ogrodzie-54-1024x742.jpg 1024w, https:\/\/www.koronakarkonoszy.pl\/blog\/wp-content\/uploads\/2022\/10\/mloda-para-wesele-w-ogrodzie-54-768x556.jpg 768w\" sizes=\"auto, (max-width: 1512px) 100vw, 1512px\" \/>            <\/div>\r\n<\/section>\n\n\n<h3 class=\"wp-block-heading\" id=\"ha-slub-w-plenerze-polska\">\u015alub w plenerze Polska<\/h3>\n\n\n\n<p>\u015alub w plenerze w Polsce jest coraz bardziej popularny. I nic w tym dziwnego! Nasz kraj ten oferuje wiele przepi\u0119knych miejsc, gdzie mo\u017cna zorganizowa\u0107 tak\u0105 ceremoni\u0119. Na przyk\u0142ad jedno z pojezierzy &#8211; regiony z pi\u0119knymi jeziorami i zapewniaj\u0105 doskona\u0142e t\u0142o dla \u015blubu w plenerze. Mo\u017cna rozwa\u017cy\u0107 organizacj\u0119 ceremonii nad brzegiem jeziora lub na jednej z prywatnych wysp. Tak\u017ce wybrze\u017ce Ba\u0142tyku oferuje wiele urokliwych pla\u017c i wydm, kt\u00f3re stanowi\u0105 romantyczn\u0105 sceneri\u0119 na \u015blub w plenerze. G\u00f3ry to kolejne ch\u0119tnie wybierane miejsce na \u015blub w plenerze. Ceremonia na zielonych zboczach g\u00f3r lub w pi\u0119knych dolinach, z widokiem na majestatyczne szczyty i wspania\u0142e wodospady jest jedyna w swoim rodzaju.<\/p>\n\n\n\n<figure class=\"wp-block-image size-large\"><a href=\"https:\/\/www.koronakarkonoszy.pl\/wesele\/\" target=\"_blank\" rel=\"noreferrer noopener\"><img loading=\"lazy\" decoding=\"async\" width=\"1024\" height=\"512\" src=\"https:\/\/www.koronakarkonoszy.pl\/blog\/wp-content\/uploads\/2022\/06\/stylowy_dwor_wesleny_DKK-4-1024x512.jpg\" alt=\"\" class=\"wp-image-4048\" srcset=\"https:\/\/www.koronakarkonoszy.pl\/blog\/wp-content\/uploads\/2022\/06\/stylowy_dwor_wesleny_DKK-4-1024x512.jpg 1024w, https:\/\/www.koronakarkonoszy.pl\/blog\/wp-content\/uploads\/2022\/06\/stylowy_dwor_wesleny_DKK-4-300x150.jpg 300w, https:\/\/www.koronakarkonoszy.pl\/blog\/wp-content\/uploads\/2022\/06\/stylowy_dwor_wesleny_DKK-4-768x384.jpg 768w, https:\/\/www.koronakarkonoszy.pl\/blog\/wp-content\/uploads\/2022\/06\/stylowy_dwor_wesleny_DKK-4.jpg 1200w\" sizes=\"auto, (max-width: 1024px) 100vw, 1024px\" \/><\/a><\/figure>\n\n\n\n<p>Liczne w Polsce parki narodowe tak\u017ce oferuj\u0105 pi\u0119kne krajobrazy &#8211; jeziora, rzeki i g\u00f3ry, kt\u00f3re s\u0105 idealne na \u015blub w plenerze dla mi\u0142o\u015bnik\u00f3w natury. A ogrody botaniczne oznaczaj\u0105 przepi\u0119kn\u0105 sceneri\u0119 i r\u00f3\u017cnorodno\u015b\u0107 ro\u015blinno\u015bci. Mo\u017cna rozwa\u017cy\u0107 organizacj\u0119 \u015blubu w plenerze w takim ogrodzie, ciesz\u0105c si\u0119 kolorowymi kwiatami i egzotycznymi ro\u015blinami. Warto te\u017c pomy\u015ble\u0107 o wynaj\u0119ciu pleneru przy zamku czy pa\u0142acu. Zwykle przy takich zabytkowych budowlach znajdziemy przepi\u0119kne ogrody i parki.<\/p>\n\n\n<style>\n  .destination_map {\n    margin: 1.5em 0;\n  }\n\n  body:not(.wp-admin) .admin {\n    display: none;\n  }\n\n  .map {\n    max-width: 800px;\n    height: 400px;\n  }\n\n  .wp-admin .map {\n    display: none;\n  }\n<\/style>\n\n<div id=\"destination_map-block_d81cd819c662d864c9f6210ae01d44d0\" class=\"destination_map\">\n  <div class=\"destinationmap-body admin\" style=\"background-color: lightblue;\">\n        Mapa dojazdu\n  <\/div>\n  <div id=\"block_d81cd819c662d864c9f6210ae01d44d0\" class=\"map\"><\/div>\n<\/div>\n\n<script>\n  (function($) {\n\n    function mapLocation() {\n      var directionsDisplay;\n      var directionsService = new google.maps.DirectionsService();\n      var map;\n\n      function initialize() {\n        var pos = new google.maps.LatLng(50.8190591, 15.7212853);\n        var mapOptions = {\n          zoom: 11,\n          center: pos\n        };\n        map = new google.maps.Map(document.getElementById('block_d81cd819c662d864c9f6210ae01d44d0'), mapOptions);\n\n        var marker = new google.maps.Marker({\n          position: pos,\n          map: map\n        });\n\n      }\n\n      google.maps.event.addDomListener(window, 'load', initialize);\n    }\n    mapLocation();\n\n  })(jQuery);\n<\/script>","protected":false},"excerpt":{"rendered":"<p>Lubicie odpoczywa\u0107 na \u0142onie natury? Marzycie o romantycznym przyj\u0119ciu pod go\u0142ym niebem? W takim razie urz\u0105d\u017acie wesele w ogrodzie, kt\u00f3re na d\u0142ugo pozostanie w pami\u0119ci Waszych go\u015bci. Podpowiadamy, jak urz\u0105dzi\u0107 wesele we w\u0142asnym ogrodzie, wykona\u0107 dekoracje ogrodu na wesele i nada\u0107 uroczysto\u015bci niepowtarzalny klimat. Czego si\u0119 dowiesz z artyku\u0142u? Planujesz najwa\u017cniejszy dzie\u0144 swojego \u017cycia i [&hellip;]<\/p>\n","protected":false},"author":11,"featured_media":3760,"comment_status":"closed","ping_status":"closed","sticky":false,"template":"","format":"standard","meta":{"_acf_changed":false,"footnotes":""},"categories":[3,13,12,14],"class_list":["post-3758","post","type-post","status-publish","format-standard","has-post-thumbnail","hentry","category-trendy","category-wesele-jesien","category-wesele-lato","category-wesele-wiosna"],"acf":[],"yoast_head":"<!-- This site is optimized with the Yoast SEO plugin v27.5 - https:\/\/yoast.com\/product\/yoast-seo-wordpress\/ -->\n<title>Wesele w ogrodzie | Korona Karkonoszy.pl<\/title>\n<meta name=\"description\" content=\"Wesele w ogrodzie to blisko\u015b\u0107 natury i wyj\u0105tkowa atmosfera. Organizacja wesel w ogrodach to idealny wyb\u00f3r dla par ceni\u0105cych oryginalno\u015b\u0107.\" \/>\n<meta name=\"robots\" content=\"index, follow, max-snippet:-1, max-image-preview:large, max-video-preview:-1\" \/>\n<link rel=\"canonical\" href=\"https:\/\/www.koronakarkonoszy.pl\/blog\/wesele-w-ogrodzie\/\" \/>\n<meta property=\"og:locale\" content=\"pl_PL\" \/>\n<meta property=\"og:type\" content=\"article\" \/>\n<meta property=\"og:title\" content=\"Wesele w ogrodzie | Korona Karkonoszy.pl\" \/>\n<meta property=\"og:description\" content=\"Wesele w ogrodzie to blisko\u015b\u0107 natury i wyj\u0105tkowa atmosfera. Organizacja wesel w ogrodach to idealny wyb\u00f3r dla par ceni\u0105cych oryginalno\u015b\u0107.\" \/>\n<meta property=\"og:url\" content=\"https:\/\/www.koronakarkonoszy.pl\/blog\/wesele-w-ogrodzie\/\" \/>\n<meta property=\"og:site_name\" content=\":: Blog weselny\" \/>\n<meta property=\"article:published_time\" content=\"2024-07-23T10:33:00+00:00\" \/>\n<meta property=\"article:modified_time\" content=\"2025-01-16T09:23:44+00:00\" \/>\n<meta property=\"og:image\" content=\"https:\/\/www.koronakarkonoszy.pl\/blog\/wp-content\/uploads\/2022\/05\/wesele-w-ogrodzie-1.jpg\" \/>\n\t<meta property=\"og:image:width\" content=\"1920\" \/>\n\t<meta property=\"og:image:height\" content=\"1282\" \/>\n\t<meta property=\"og:image:type\" content=\"image\/jpeg\" \/>\n<meta name=\"author\" content=\"agnieszka\" \/>\n<meta name=\"twitter:card\" content=\"summary_large_image\" \/>\n<meta name=\"twitter:label1\" content=\"Napisane przez\" \/>\n\t<meta name=\"twitter:data1\" content=\"agnieszka\" \/>\n\t<meta name=\"twitter:label2\" content=\"Szacowany czas czytania\" \/>\n\t<meta name=\"twitter:data2\" content=\"15 minut\" \/>\n<script type=\"application\/ld+json\" class=\"yoast-schema-graph\">{\"@context\":\"https:\\\/\\\/schema.org\",\"@graph\":[{\"@type\":\"Article\",\"@id\":\"https:\\\/\\\/www.koronakarkonoszy.pl\\\/blog\\\/wesele-w-ogrodzie\\\/#article\",\"isPartOf\":{\"@id\":\"https:\\\/\\\/www.koronakarkonoszy.pl\\\/blog\\\/wesele-w-ogrodzie\\\/\"},\"author\":{\"name\":\"agnieszka\",\"@id\":\"https:\\\/\\\/www.koronakarkonoszy.pl\\\/blog\\\/#\\\/schema\\\/person\\\/ec8c88bd01ebe6cbf6a16435ce22276f\"},\"headline\":\"Wesele w ogrodzie: gar\u015b\u0107 inspiracji\",\"datePublished\":\"2024-07-23T10:33:00+00:00\",\"dateModified\":\"2025-01-16T09:23:44+00:00\",\"mainEntityOfPage\":{\"@id\":\"https:\\\/\\\/www.koronakarkonoszy.pl\\\/blog\\\/wesele-w-ogrodzie\\\/\"},\"wordCount\":2548,\"image\":{\"@id\":\"https:\\\/\\\/www.koronakarkonoszy.pl\\\/blog\\\/wesele-w-ogrodzie\\\/#primaryimage\"},\"thumbnailUrl\":\"https:\\\/\\\/www.koronakarkonoszy.pl\\\/blog\\\/wp-content\\\/uploads\\\/2022\\\/05\\\/wesele-w-ogrodzie-1.jpg\",\"articleSection\":[\"Trendy\",\"Wesele jesie\u0144\",\"Wesele lato\",\"Wesele wiosna\"],\"inLanguage\":\"pl-PL\"},{\"@type\":\"WebPage\",\"@id\":\"https:\\\/\\\/www.koronakarkonoszy.pl\\\/blog\\\/wesele-w-ogrodzie\\\/\",\"url\":\"https:\\\/\\\/www.koronakarkonoszy.pl\\\/blog\\\/wesele-w-ogrodzie\\\/\",\"name\":\"Wesele w ogrodzie | Korona Karkonoszy.pl\",\"isPartOf\":{\"@id\":\"https:\\\/\\\/www.koronakarkonoszy.pl\\\/blog\\\/#website\"},\"primaryImageOfPage\":{\"@id\":\"https:\\\/\\\/www.koronakarkonoszy.pl\\\/blog\\\/wesele-w-ogrodzie\\\/#primaryimage\"},\"image\":{\"@id\":\"https:\\\/\\\/www.koronakarkonoszy.pl\\\/blog\\\/wesele-w-ogrodzie\\\/#primaryimage\"},\"thumbnailUrl\":\"https:\\\/\\\/www.koronakarkonoszy.pl\\\/blog\\\/wp-content\\\/uploads\\\/2022\\\/05\\\/wesele-w-ogrodzie-1.jpg\",\"datePublished\":\"2024-07-23T10:33:00+00:00\",\"dateModified\":\"2025-01-16T09:23:44+00:00\",\"author\":{\"@id\":\"https:\\\/\\\/www.koronakarkonoszy.pl\\\/blog\\\/#\\\/schema\\\/person\\\/ec8c88bd01ebe6cbf6a16435ce22276f\"},\"description\":\"Wesele w ogrodzie to blisko\u015b\u0107 natury i wyj\u0105tkowa atmosfera. Organizacja wesel w ogrodach to idealny wyb\u00f3r dla par ceni\u0105cych oryginalno\u015b\u0107.\",\"breadcrumb\":{\"@id\":\"https:\\\/\\\/www.koronakarkonoszy.pl\\\/blog\\\/wesele-w-ogrodzie\\\/#breadcrumb\"},\"inLanguage\":\"pl-PL\",\"potentialAction\":[{\"@type\":\"ReadAction\",\"target\":[\"https:\\\/\\\/www.koronakarkonoszy.pl\\\/blog\\\/wesele-w-ogrodzie\\\/\"]}]},{\"@type\":\"ImageObject\",\"inLanguage\":\"pl-PL\",\"@id\":\"https:\\\/\\\/www.koronakarkonoszy.pl\\\/blog\\\/wesele-w-ogrodzie\\\/#primaryimage\",\"url\":\"https:\\\/\\\/www.koronakarkonoszy.pl\\\/blog\\\/wp-content\\\/uploads\\\/2022\\\/05\\\/wesele-w-ogrodzie-1.jpg\",\"contentUrl\":\"https:\\\/\\\/www.koronakarkonoszy.pl\\\/blog\\\/wp-content\\\/uploads\\\/2022\\\/05\\\/wesele-w-ogrodzie-1.jpg\",\"width\":1920,\"height\":1282,\"caption\":\"wesele w ogrodzie: nastrojowe o\u015bwietlenie\"},{\"@type\":\"BreadcrumbList\",\"@id\":\"https:\\\/\\\/www.koronakarkonoszy.pl\\\/blog\\\/wesele-w-ogrodzie\\\/#breadcrumb\",\"itemListElement\":[{\"@type\":\"ListItem\",\"position\":1,\"name\":\"Strona g\u0142\u00f3wna\",\"item\":\"https:\\\/\\\/www.koronakarkonoszy.pl\\\/blog\\\/\"},{\"@type\":\"ListItem\",\"position\":2,\"name\":\"Wesele w ogrodzie: gar\u015b\u0107 inspiracji\"}]},{\"@type\":\"WebSite\",\"@id\":\"https:\\\/\\\/www.koronakarkonoszy.pl\\\/blog\\\/#website\",\"url\":\"https:\\\/\\\/www.koronakarkonoszy.pl\\\/blog\\\/\",\"name\":\":: Blog weselny\",\"description\":\"Blog weselny Dw\u00f3r Korona Karkonoszy\",\"potentialAction\":[{\"@type\":\"SearchAction\",\"target\":{\"@type\":\"EntryPoint\",\"urlTemplate\":\"https:\\\/\\\/www.koronakarkonoszy.pl\\\/blog\\\/?s={search_term_string}\"},\"query-input\":{\"@type\":\"PropertyValueSpecification\",\"valueRequired\":true,\"valueName\":\"search_term_string\"}}],\"inLanguage\":\"pl-PL\"},{\"@type\":\"Person\",\"@id\":\"https:\\\/\\\/www.koronakarkonoszy.pl\\\/blog\\\/#\\\/schema\\\/person\\\/ec8c88bd01ebe6cbf6a16435ce22276f\",\"name\":\"agnieszka\",\"image\":{\"@type\":\"ImageObject\",\"inLanguage\":\"pl-PL\",\"@id\":\"https:\\\/\\\/www.koronakarkonoszy.pl\\\/blog\\\/wp-content\\\/litespeed\\\/avatar\\\/53ee7b676463f74d0aea1a09de3d003b.jpg?ver=1777438794\",\"url\":\"https:\\\/\\\/www.koronakarkonoszy.pl\\\/blog\\\/wp-content\\\/litespeed\\\/avatar\\\/53ee7b676463f74d0aea1a09de3d003b.jpg?ver=1777438794\",\"contentUrl\":\"https:\\\/\\\/www.koronakarkonoszy.pl\\\/blog\\\/wp-content\\\/litespeed\\\/avatar\\\/53ee7b676463f74d0aea1a09de3d003b.jpg?ver=1777438794\",\"caption\":\"agnieszka\"},\"url\":\"https:\\\/\\\/www.koronakarkonoszy.pl\\\/blog\\\/author\\\/agnieszka\\\/\"}]}<\/script>\n<!-- \/ Yoast SEO plugin. -->","yoast_head_json":{"title":"Wesele w ogrodzie | Korona Karkonoszy.pl","description":"Wesele w ogrodzie to blisko\u015b\u0107 natury i wyj\u0105tkowa atmosfera. Organizacja wesel w ogrodach to idealny wyb\u00f3r dla par ceni\u0105cych oryginalno\u015b\u0107.","robots":{"index":"index","follow":"follow","max-snippet":"max-snippet:-1","max-image-preview":"max-image-preview:large","max-video-preview":"max-video-preview:-1"},"canonical":"https:\/\/www.koronakarkonoszy.pl\/blog\/wesele-w-ogrodzie\/","og_locale":"pl_PL","og_type":"article","og_title":"Wesele w ogrodzie | Korona Karkonoszy.pl","og_description":"Wesele w ogrodzie to blisko\u015b\u0107 natury i wyj\u0105tkowa atmosfera. Organizacja wesel w ogrodach to idealny wyb\u00f3r dla par ceni\u0105cych oryginalno\u015b\u0107.","og_url":"https:\/\/www.koronakarkonoszy.pl\/blog\/wesele-w-ogrodzie\/","og_site_name":":: Blog weselny","article_published_time":"2024-07-23T10:33:00+00:00","article_modified_time":"2025-01-16T09:23:44+00:00","og_image":[{"width":1920,"height":1282,"url":"https:\/\/www.koronakarkonoszy.pl\/blog\/wp-content\/uploads\/2022\/05\/wesele-w-ogrodzie-1.jpg","type":"image\/jpeg"}],"author":"agnieszka","twitter_card":"summary_large_image","twitter_misc":{"Napisane przez":"agnieszka","Szacowany czas czytania":"15 minut"},"schema":{"@context":"https:\/\/schema.org","@graph":[{"@type":"Article","@id":"https:\/\/www.koronakarkonoszy.pl\/blog\/wesele-w-ogrodzie\/#article","isPartOf":{"@id":"https:\/\/www.koronakarkonoszy.pl\/blog\/wesele-w-ogrodzie\/"},"author":{"name":"agnieszka","@id":"https:\/\/www.koronakarkonoszy.pl\/blog\/#\/schema\/person\/ec8c88bd01ebe6cbf6a16435ce22276f"},"headline":"Wesele w ogrodzie: gar\u015b\u0107 inspiracji","datePublished":"2024-07-23T10:33:00+00:00","dateModified":"2025-01-16T09:23:44+00:00","mainEntityOfPage":{"@id":"https:\/\/www.koronakarkonoszy.pl\/blog\/wesele-w-ogrodzie\/"},"wordCount":2548,"image":{"@id":"https:\/\/www.koronakarkonoszy.pl\/blog\/wesele-w-ogrodzie\/#primaryimage"},"thumbnailUrl":"https:\/\/www.koronakarkonoszy.pl\/blog\/wp-content\/uploads\/2022\/05\/wesele-w-ogrodzie-1.jpg","articleSection":["Trendy","Wesele jesie\u0144","Wesele lato","Wesele wiosna"],"inLanguage":"pl-PL"},{"@type":"WebPage","@id":"https:\/\/www.koronakarkonoszy.pl\/blog\/wesele-w-ogrodzie\/","url":"https:\/\/www.koronakarkonoszy.pl\/blog\/wesele-w-ogrodzie\/","name":"Wesele w ogrodzie | Korona Karkonoszy.pl","isPartOf":{"@id":"https:\/\/www.koronakarkonoszy.pl\/blog\/#website"},"primaryImageOfPage":{"@id":"https:\/\/www.koronakarkonoszy.pl\/blog\/wesele-w-ogrodzie\/#primaryimage"},"image":{"@id":"https:\/\/www.koronakarkonoszy.pl\/blog\/wesele-w-ogrodzie\/#primaryimage"},"thumbnailUrl":"https:\/\/www.koronakarkonoszy.pl\/blog\/wp-content\/uploads\/2022\/05\/wesele-w-ogrodzie-1.jpg","datePublished":"2024-07-23T10:33:00+00:00","dateModified":"2025-01-16T09:23:44+00:00","author":{"@id":"https:\/\/www.koronakarkonoszy.pl\/blog\/#\/schema\/person\/ec8c88bd01ebe6cbf6a16435ce22276f"},"description":"Wesele w ogrodzie to blisko\u015b\u0107 natury i wyj\u0105tkowa atmosfera. Organizacja wesel w ogrodach to idealny wyb\u00f3r dla par ceni\u0105cych oryginalno\u015b\u0107.","breadcrumb":{"@id":"https:\/\/www.koronakarkonoszy.pl\/blog\/wesele-w-ogrodzie\/#breadcrumb"},"inLanguage":"pl-PL","potentialAction":[{"@type":"ReadAction","target":["https:\/\/www.koronakarkonoszy.pl\/blog\/wesele-w-ogrodzie\/"]}]},{"@type":"ImageObject","inLanguage":"pl-PL","@id":"https:\/\/www.koronakarkonoszy.pl\/blog\/wesele-w-ogrodzie\/#primaryimage","url":"https:\/\/www.koronakarkonoszy.pl\/blog\/wp-content\/uploads\/2022\/05\/wesele-w-ogrodzie-1.jpg","contentUrl":"https:\/\/www.koronakarkonoszy.pl\/blog\/wp-content\/uploads\/2022\/05\/wesele-w-ogrodzie-1.jpg","width":1920,"height":1282,"caption":"wesele w ogrodzie: nastrojowe o\u015bwietlenie"},{"@type":"BreadcrumbList","@id":"https:\/\/www.koronakarkonoszy.pl\/blog\/wesele-w-ogrodzie\/#breadcrumb","itemListElement":[{"@type":"ListItem","position":1,"name":"Strona g\u0142\u00f3wna","item":"https:\/\/www.koronakarkonoszy.pl\/blog\/"},{"@type":"ListItem","position":2,"name":"Wesele w ogrodzie: gar\u015b\u0107 inspiracji"}]},{"@type":"WebSite","@id":"https:\/\/www.koronakarkonoszy.pl\/blog\/#website","url":"https:\/\/www.koronakarkonoszy.pl\/blog\/","name":":: Blog weselny","description":"Blog weselny Dw\u00f3r Korona Karkonoszy","potentialAction":[{"@type":"SearchAction","target":{"@type":"EntryPoint","urlTemplate":"https:\/\/www.koronakarkonoszy.pl\/blog\/?s={search_term_string}"},"query-input":{"@type":"PropertyValueSpecification","valueRequired":true,"valueName":"search_term_string"}}],"inLanguage":"pl-PL"},{"@type":"Person","@id":"https:\/\/www.koronakarkonoszy.pl\/blog\/#\/schema\/person\/ec8c88bd01ebe6cbf6a16435ce22276f","name":"agnieszka","image":{"@type":"ImageObject","inLanguage":"pl-PL","@id":"https:\/\/www.koronakarkonoszy.pl\/blog\/wp-content\/litespeed\/avatar\/53ee7b676463f74d0aea1a09de3d003b.jpg?ver=1777438794","url":"https:\/\/www.koronakarkonoszy.pl\/blog\/wp-content\/litespeed\/avatar\/53ee7b676463f74d0aea1a09de3d003b.jpg?ver=1777438794","contentUrl":"https:\/\/www.koronakarkonoszy.pl\/blog\/wp-content\/litespeed\/avatar\/53ee7b676463f74d0aea1a09de3d003b.jpg?ver=1777438794","caption":"agnieszka"},"url":"https:\/\/www.koronakarkonoszy.pl\/blog\/author\/agnieszka\/"}]}},"_links":{"self":[{"href":"https:\/\/www.koronakarkonoszy.pl\/blog\/wp-json\/wp\/v2\/posts\/3758","targetHints":{"allow":["GET"]}}],"collection":[{"href":"https:\/\/www.koronakarkonoszy.pl\/blog\/wp-json\/wp\/v2\/posts"}],"about":[{"href":"https:\/\/www.koronakarkonoszy.pl\/blog\/wp-json\/wp\/v2\/types\/post"}],"author":[{"embeddable":true,"href":"https:\/\/www.koronakarkonoszy.pl\/blog\/wp-json\/wp\/v2\/users\/11"}],"replies":[{"embeddable":true,"href":"https:\/\/www.koronakarkonoszy.pl\/blog\/wp-json\/wp\/v2\/comments?post=3758"}],"version-history":[{"count":5,"href":"https:\/\/www.koronakarkonoszy.pl\/blog\/wp-json\/wp\/v2\/posts\/3758\/revisions"}],"predecessor-version":[{"id":11676,"href":"https:\/\/www.koronakarkonoszy.pl\/blog\/wp-json\/wp\/v2\/posts\/3758\/revisions\/11676"}],"wp:featuredmedia":[{"embeddable":true,"href":"https:\/\/www.koronakarkonoszy.pl\/blog\/wp-json\/wp\/v2\/media\/3760"}],"wp:attachment":[{"href":"https:\/\/www.koronakarkonoszy.pl\/blog\/wp-json\/wp\/v2\/media?parent=3758"}],"wp:term":[{"taxonomy":"category","embeddable":true,"href":"https:\/\/www.koronakarkonoszy.pl\/blog\/wp-json\/wp\/v2\/categories?post=3758"}],"curies":[{"name":"wp","href":"https:\/\/api.w.org\/{rel}","templated":true}]}}