{"id":3499,"date":"2024-07-22T08:48:00","date_gmt":"2024-07-22T06:48:00","guid":{"rendered":"https:\/\/www.koronakarkonoszy.pl\/blog\/?p=3499"},"modified":"2024-08-16T11:44:29","modified_gmt":"2024-08-16T09:44:29","slug":"wesele-w-plenerze","status":"publish","type":"post","link":"https:\/\/www.koronakarkonoszy.pl\/blog\/wesele-w-plenerze\/","title":{"rendered":"Wesele w plenerze &#8211; najpi\u0119kniejsze miejsca"},"content":{"rendered":"\n<p>Niezale\u017cnie od tego, czy od dawna marzy\u0142a\u015b o weselu plenerowym, czy dopiero niedawno wpad\u0142a\u015b na taki pomys\u0142, wiedz, \u017ce \u015blub i <a href=\"https:\/\/www.koronakarkonoszy.pl\/blog\/slub-w-plenerze\/\" class=\"links-placer\">wesele w plenerze<\/a> to pocz\u0105tek wielkiej przygody! W przeciwie\u0144stwie do przyj\u0119cia w sali istnieje kilka kwestii, na kt\u00f3re nie masz wp\u0142ywu. Je\u015bli wi\u0119c marzysz o przyj\u0119ciu \u201epod chmurk\u0105\u201d, sprawd\u017a, na co zwr\u00f3ci\u0107 uwag\u0119 przy szukaniu miejsca na wesele w plenerze!<\/p>\n\n\n\n<h3 class=\"wp-block-heading\" id=\"ha-czego-sie-dowiesz-z-artykulu\">Czego si\u0119 dowiesz z artyku\u0142u?<\/h3>\n\n\n\n<p>Wesele w plenerze to marzenie wielu par m\u0142odych, pragn\u0105cych powiedzie\u0107 sobie &#8222;tak&#8221; w otoczeniu natury. Organizacja takiego wydarzenia mo\u017ce by\u0107 jednak wyzwaniem, wymagaj\u0105cym uwzgl\u0119dnienia wielu czynnik\u00f3w. <\/p>\n\n\n\n<p>W poni\u017cszym wpisie odpowiemy na najwa\u017cniejsze pytania dotycz\u0105ce plenerowych wesel, takie jak wyb\u00f3r odpowiedniego miejsca, koszty zwi\u0105zane z organizacj\u0105, a tak\u017ce kwestie dekoracji i cateringu. Dowiesz si\u0119 r\u00f3wnie\u017c, czy pora roku ma znaczenie, jakie s\u0105 zalety i wady tego typu ceremonii oraz jak si\u0119 na ni\u0105 ubra\u0107. <\/p>\n\n\n\n<p>Czy marzysz o \u015blubie ko\u015bcielnym pod go\u0142ym niebem? Sprawdzimy, czy jest to mo\u017cliwe i jakie formalno\u015bci trzeba spe\u0142ni\u0107. Zapraszamy do lektury, aby dowiedzie\u0107 si\u0119, jak zorganizowa\u0107 niezapomniane wesele w plenerze, kt\u00f3re na d\u0142ugo pozostanie w pami\u0119ci Waszej oraz Waszych go\u015bci.<\/p>\n\n\n<div id=\"ariadna-block_676f16128cff2e9bf199b097ae86337e\" class=\"ariadna\">\r\n    <ul><li><a href=\"#ha-jak-zorganizowac-wesele-w-plenerze\">Jak zorganizowa\u0107 wesele w plenerze?<\/a><\/li><li><a href=\"#h-gdzie-zorganizowa-wyj-tkowe-przyj-cie-weselne\">Gdzie zorganizowa\u0107 wyj\u0105tkowe <a href=\"https:\/\/www.koronakarkonoszy.pl\/blog\/jak-zorganizowac-przyjecie-weselne-na-30-osob\/\" class=\"links-placer\">przyj\u0119cie weselne?<\/a><\/li><li><a href=\"#ha-ile-kosztuje-wesele-w-plenerze\">Ile kosztuje wesele w plenerze?<\/a><\/li><li><a href=\"#ha-czy-pora-roku-ma-znaczenie\">Czy pora roku ma znaczenie?<\/a><\/li><li><a href=\"#h-ile-kosztuje-dekoracja-slubu-w-plenerze\">Ile kosztuje dekoracja \u015blubu w plenerze?<\/a><\/li><li><a href=\"#ha-czy-mozna-wziac-slub-koscielny-w-plenerze\">Czy mo\u017cna wzi\u0105\u0107 \u015blub ko\u015bcielny w plenerze?<\/a><\/li><li><a href=\"#ha-wesele-w-plenerze-jak-sie-ubrac\">Wesele w plenerze &#8211; jak si\u0119 ubra\u0107?<\/a><\/li><li><a href=\"#ha-jaki-catering-na-wesele-w-plenerze-wybrac\">Jaki catering na wesele w plenerze wybra\u0107?<\/a><\/li><li><a href=\"#ha-zalety-i-wady-wesela-w-plenerze\">Zalety i wady wesela w plenerze &nbsp;<\/a><\/li><\/ul>\r\n<\/div>\r\n\r\n\r\n\r\n\n\n\n<h2 class=\"wp-block-heading\" id=\"ha-jak-zorganizowac-wesele-w-plenerze\">Jak zorganizowa\u0107 wesele w plenerze?<\/h2>\n\n\n\n<p>Planowanie wesela w plenerze niewiele r\u00f3\u017cni si\u0119 od planowania wesela w sali czy restauracji. Jedyny element, kt\u00f3rego nie potrafimy do ko\u0144ca przewidzie\u0107 i ujarzmi\u0107, to pogoda. Ale mo\u017cna si\u0119 przygotowa\u0107 na r\u00f3\u017cne warianty. Nie jest to wcale takie trudne, jak mog\u0142oby si\u0119 zdawa\u0107.<\/p>\n\n\n\n<figure class=\"wp-block-image size-large\"><a href=\"https:\/\/www.koronakarkonoszy.pl\/wesele\/\" target=\"_blank\" rel=\"noreferrer noopener\"><img loading=\"lazy\" decoding=\"async\" width=\"1024\" height=\"512\" src=\"https:\/\/www.koronakarkonoszy.pl\/blog\/wp-content\/uploads\/2022\/01\/stylowy_dwor_wesleny_DKK-4-1024x512.jpg\" alt=\"\" class=\"wp-image-4627\" srcset=\"https:\/\/www.koronakarkonoszy.pl\/blog\/wp-content\/uploads\/2022\/01\/stylowy_dwor_wesleny_DKK-4-1024x512.jpg 1024w, https:\/\/www.koronakarkonoszy.pl\/blog\/wp-content\/uploads\/2022\/01\/stylowy_dwor_wesleny_DKK-4-300x150.jpg 300w, https:\/\/www.koronakarkonoszy.pl\/blog\/wp-content\/uploads\/2022\/01\/stylowy_dwor_wesleny_DKK-4-768x384.jpg 768w, https:\/\/www.koronakarkonoszy.pl\/blog\/wp-content\/uploads\/2022\/01\/stylowy_dwor_wesleny_DKK-4.jpg 1200w\" sizes=\"auto, (max-width: 1024px) 100vw, 1024px\" \/><\/a><\/figure>\n\n\n\n<p>Co warto wzi\u0105\u0107 pod uwag\u0119 w przypadku wesela w plenerze, a co niespecjalnie musi by\u0107 przydatne w sytuacji, gdy wesele odbywa si\u0119 pod dachem? Na pewno warto przypomnie\u0107 go\u015bciom o cieplejszych okryciach na wiecz\u00f3r. Wprawdzie coraz cz\u0119\u015bciej w Polsce podczas wakacji mamy do czynienia z tak zwanymi tropikalnymi nocami, kiedy to temperatura nie spada poni\u017cej 20\u00b0C, jednak trzeba si\u0119 przygotowa\u0107 tak\u017ce na zimniejsze noce. Podczas ta\u0144c\u00f3w pewnie nikt nie zmarznie, ale w czasie odpoczynku czy pogaduszek trzeba co\u015b na siebie w\u0142o\u017cy\u0107.<\/p>\n\n\n<section id=\"leonardo-block_ce4b9bec1d756176b6540352a850a07a\" class=\"leonardo page-breaker leonardo-image-left\">\r\n    <div class=\"leonardo-body\">\r\n                <div class=\"leonardo-content\"><h3 id=\"ha-chlodne-wieczory-zaden-problem\">Ch\u0142odne wieczory? \u017baden problem!<\/h3>\n<p>Mo\u017cna tak\u017ce przygotowa\u0107 dla go\u015bci ciep\u0142e koce. Najlepiej wybra\u0107 jednolit\u0105 kolorystyk\u0119, pasuj\u0105c\u0105 do oprawy wesela. Takie niedrogie pledy mo\u017cna naby\u0107 w wielu sklepach z dodatkami do domu. Co zrobi\u0107 z nimi po weselu? Zachowa\u0107 na wyjazdy wakacyjne, pikniki albo podarowa\u0107 najbli\u017cszemu schronisku dla zwierz\u0105t. Psiaki i kociaki na pewno si\u0119 uciesz\u0105!<\/p>\n<\/div>\r\n                    <aside class=\"leonardo-interlink\">\r\n                <b>Polecamy<\/b>\r\n                <a href=\"https:\/\/www.koronakarkonoszy.pl\/blog\/kameralny-slub-w-gorach\/\">Kameralny \u015blub w g\u00f3rach \u2013 magiczna ceremonia<\/a>\r\n            <\/aside>\r\n            <\/div>\r\n    <div class=\"leonardo-image\">\r\n        <img loading=\"lazy\" decoding=\"async\" width=\"2048\" height=\"1365\" src=\"https:\/\/www.koronakarkonoszy.pl\/blog\/wp-content\/uploads\/2022\/08\/3LP_DKK_panifotograf.kr_83.jpg\" class=\"attachment-full size-full\" alt=\"\" srcset=\"https:\/\/www.koronakarkonoszy.pl\/blog\/wp-content\/uploads\/2022\/08\/3LP_DKK_panifotograf.kr_83.jpg 2048w, https:\/\/www.koronakarkonoszy.pl\/blog\/wp-content\/uploads\/2022\/08\/3LP_DKK_panifotograf.kr_83-300x200.jpg 300w, https:\/\/www.koronakarkonoszy.pl\/blog\/wp-content\/uploads\/2022\/08\/3LP_DKK_panifotograf.kr_83-1024x683.jpg 1024w, https:\/\/www.koronakarkonoszy.pl\/blog\/wp-content\/uploads\/2022\/08\/3LP_DKK_panifotograf.kr_83-768x512.jpg 768w, https:\/\/www.koronakarkonoszy.pl\/blog\/wp-content\/uploads\/2022\/08\/3LP_DKK_panifotograf.kr_83-1920x1280.jpg 1920w, https:\/\/www.koronakarkonoszy.pl\/blog\/wp-content\/uploads\/2022\/08\/3LP_DKK_panifotograf.kr_83-1536x1024.jpg 1536w\" sizes=\"auto, (max-width: 2048px) 100vw, 2048px\" \/>            <\/div>\r\n<\/section>\n\n\n<p>A co, je\u015bli oka\u017ce si\u0119, \u017ce zamiast ch\u0142odu dopad\u0142 nas \u017car lej\u0105cy si\u0119 z nieba? Wydaje si\u0119, \u017ce pi\u0119kna pogoda podczas wesela to \u017caden problem, a jednak\u2026 Zbyt mocne s\u0142o\u0144ce te\u017c mo\u017ce go\u015bciom da\u0107 si\u0119 we znaki. Wachlarze, zacienione miejsca i zimne napoje powinny rozwi\u0105za\u0107 ten problem. I zn\u00f3w &#8211; wachlarze warto dobra\u0107 stylistycznie do motywu przewodniego wesela. Go\u015bcie wspaniale b\u0119d\u0105 prezentowa\u0107 si\u0119 na zdj\u0119ciach! Wachlarze mog\u0105 te\u017c stanowi\u0107 niebanaln\u0105 pami\u0105tk\u0119 dla weselnik\u00f3w \u2013 wystarczy zam\u00f3wi\u0107 odpowiedni nadruk, z motywem weselnym, dat\u0105 \u015blubu i imionami Pary M\u0142odej. W roli drobnego upominku oraz ochrony przed s\u0142o\u0144cem sprawdz\u0105 si\u0119 tak\u017ce kapelusze przeciws\u0142oneczne i ciemne okulary. Mo\u017cna je spersonalizowa\u0107 podobnie jak wachlarze.&nbsp;<\/p>\n\n\n\n<style>\n    .cta_block{\n        margin: 1.5em 0;\n    }\n    .cta_block_content {\n        position: relative;\n        color: white;\n        padding: 1em;\n    }\n    .cta_block_content h3{\n        text-align: center;\n        font: normal normal normal 36px\/50px Yeseva One;\n    }\n    .cta_block_content .cta_block_desc{\n        text-align: center;\n        font-size: 1.1em;\n        position: relative;\n    }\n    .cta_block_content .cta_block_desc:before {\n        content: '';\n        width: 80px;\n        height: 4px;\n        background: #EEB315;\n        position: absolute;\n        left: 0;\n        right: 0;\n        margin-left: auto;\n        margin-right: auto;\n        top: -22px;\n    }\n\n    .cta_block_content picture{\n        position: absolute;\n        top: 0;\n        right: 0;\n        z-index: -1;\n        height: 100%;\n        overflow: hidden;\n        width: 100%;\n    }\n    .cta_block_content picture img{\n        object-fit: cover;\n        height: 100%;\n        width: 100%;\n    }\n    .cta_block .cta_block_content .ninja-forms-field{\n        background: #FFFFFF2F;\n        border: 1px solid #EEB315;\n        border-radius: 25px;\n        opacity: 1;\n        color: #ffffff;\n    }\n    .cta_block .cta_block_content .nf-form-content input[type=submit]{\n        background-color: #EEB315;\n        color: #292929;\n        text-align: center;\n        font: normal normal bold 14px\/20px Work Sans;\n        padding: 0 2em;\n    }\n\n    .cta_block ::placeholder{\n        color: white!important;\n        opacity: 1;\n    }\n\n    .cta_block_content::after {\n        height: 100%;\n        width: 100%;\n        content: \"\";\n        z-index: -1;\n        position: absolute;\n        top: 0;\n        background: #00000070;\n        right: 0;\n        left: 0;\n        bottom: 0;\n    }\n    #ha-cta-block, .cta_block_desc, .cta_block .nf-field-label, .cta_block .nf-error-msg {\n        filter: drop-shadow(1px 1px 8px black);\n    }\n\n\/*    .cta_block nf-rows-wrap {\n        display: flex;\n        justify-content: space-around;\n        flex-direction: row;\n    }*\/\n\n    .cta_block .nf-field-label {\n        display:none;\n    }\n\n    .cta_block .nf-error.field-wrap .nf-field-element::after {\n        border-radius: 50px;\n    }\n\n    .cta_block .nf-error-msg {\n        color: #fff;\n    }\n\n    .cta_block .nf-form-cont {\n        margin-top: 3em;\n        margin-bottom: 1em;\n    }\n\n    .wp-admin .cta_block_content{\n        display: none;\n    }\n    .cta_block .nf-form-fields-required {\n        display: none;\n    }\n    body:not(.wp-admin) .cta_block_admin {\n        display: none;\n    }\n<\/style>\n<div id=\"cta_block-block_50869d6858402c49abe9a980ad99a626\" class=\"cta_block\">\n    <div class=\"cta_block_admin\" style=\"background-color: blue; color: white\">\n        Blok CTA\n    <\/div>\n    <div class=\"cta_block\">\n        <div class=\"cta_block_content\">   \n        <h3 id=\"ha-szukasz-malowniczego-miejsca-na-wesele\">Szukasz malowniczego miejsca na wesele?<\/h3>\n                    <div class=\"cta_block_desc\">Zapraszamy do Dworu Korona Karkonoszy! Zachwyci Ci\u0119 wn\u0119trzem i urokliw\u0105 okolic\u0105!<\/div>\n                <noscript class=\"ninja-forms-noscript-message\">\n\tUwaga: ta zawarto\u015b\u0107 wymaga obs\u0142ugi j\u0119zyka JavaScript.<\/noscript>\n<div id=\"nf-form-3-cont\" class=\"nf-form-cont\" aria-live=\"polite\" aria-labelledby=\"nf-form-title-3\" aria-describedby=\"nf-form-errors-3\" role=\"form\">\n\n    <div class=\"nf-loading-spinner\"><\/div>\n\n<\/div>\n        <!-- That data is being printed as a workaround to page builders reordering the order of the scripts loaded-->\n        <script>var formDisplay=1;var nfForms=nfForms||[];var form=[];form.id='3';form.settings={\"objectType\":\"Form Setting\",\"editActive\":true,\"title\":\"Block CTA\",\"created_at\":\"2022-11-08 16:03:33\",\"default_label_pos\":\"above\",\"show_title\":0,\"clear_complete\":\"1\",\"hide_complete\":\"1\",\"logged_in\":\"\",\"wrapper_class\":\"\",\"element_class\":\"\",\"key\":\"\",\"add_submit\":\"0\",\"changeEmailErrorMsg\":\"Wprowad\\u017a prawid\\u0142owy adres e-mail!\",\"changeDateErrorMsg\":\"Prosz\\u0119 wpisa\\u0107 prawid\\u0142ow\\u0105 dat\\u0119!\",\"confirmFieldErrorMsg\":\"Te pola musz\\u0105 si\\u0119 zgadza\\u0107!\",\"fieldNumberNumMinError\":\"B\\u0142\\u0105d \\u2014 liczba minimalna\",\"fieldNumberNumMaxError\":\"B\\u0142\\u0105d \\u2014 liczba maksymalna\",\"fieldNumberIncrementBy\":\"Zwi\\u0119ksz o \",\"formErrorsCorrectErrors\":\"Popraw b\\u0142\\u0119dy, zanim prze\\u015blesz formularz.\",\"validateRequiredField\":\"To jest wymagane pole.\",\"honeypotHoneypotError\":\"B\\u0142\\u0105d Honeypot\",\"fieldsMarkedRequired\":\"Pola oznaczone znakiem <span class=\\\"ninja-forms-req-symbol\\\">*<\\\/span> s\\u0105 wymagane\",\"currency\":\"\",\"repeatable_fieldsets\":\"\",\"unique_field_error\":\"Formularz z t\\u0105 warto\\u015bci\\u0105 zosta\\u0142 ju\\u017c przes\\u0142any.\",\"not_logged_in_msg\":\"\",\"sub_limit_msg\":\"Formularz osi\\u0105gn\\u0105\\u0142 limit wys\\u0142a\\u0144.\",\"calculations\":[],\"container_styles_show_advanced_css\":\"0\",\"title_styles_show_advanced_css\":\"0\",\"row_styles_show_advanced_css\":\"0\",\"row-odd_styles_show_advanced_css\":\"0\",\"success-msg_styles_show_advanced_css\":\"0\",\"error_msg_styles_show_advanced_css\":\"0\",\"formContentData\":[{\"order\":1,\"cells\":[{\"order\":0,\"fields\":[\"phone_1640098023980\"],\"width\":35},{\"order\":1,\"fields\":[\"adres_e-mail_1667919839452\"],\"width\":35},{\"order\":2,\"fields\":[\"zapisz_mnie_1667919853255\"],\"width\":30}]}],\"drawerDisabled\":false,\"conditions\":[],\"allow_public_link\":0,\"embed_form\":\"\",\"container_styles_border\":\"\",\"container_styles_height\":\"\",\"container_styles_margin\":\"\",\"container_styles_padding\":\"\",\"container_styles_float\":\"\",\"title_styles_border\":\"\",\"title_styles_height\":\"\",\"title_styles_width\":\"\",\"title_styles_font-size\":\"\",\"title_styles_margin\":\"\",\"title_styles_padding\":\"\",\"title_styles_float\":\"\",\"row_styles_border\":\"\",\"row_styles_width\":\"\",\"row_styles_font-size\":\"\",\"row_styles_margin\":\"\",\"row_styles_padding\":\"\",\"row-odd_styles_border\":\"\",\"row-odd_styles_height\":\"\",\"row-odd_styles_width\":\"\",\"row-odd_styles_font-size\":\"\",\"row-odd_styles_margin\":\"\",\"row-odd_styles_padding\":\"\",\"success-msg_styles_border\":\"\",\"success-msg_styles_height\":\"\",\"success-msg_styles_width\":\"\",\"success-msg_styles_font-size\":\"\",\"success-msg_styles_margin\":\"\",\"success-msg_styles_padding\":\"\",\"error_msg_styles_border\":\"\",\"error_msg_styles_width\":\"\",\"error_msg_styles_font-size\":\"\",\"error_msg_styles_margin\":\"\",\"error_msg_styles_padding\":\"\",\"form_title_heading_level\":\"3\",\"ninjaForms\":\"Ninja Forms\",\"fieldTextareaRTEInsertLink\":\"Wstaw odno\\u015bnik\",\"fieldTextareaRTEInsertMedia\":\"Wstaw media\",\"fieldTextareaRTESelectAFile\":\"Wybierz plik\",\"formHoneypot\":\"Je\\u015bli jeste\\u015b cz\\u0142owiekiem i widzisz to pole, nie wype\\u0142niaj go.\",\"fileUploadOldCodeFileUploadInProgress\":\"Przesy\\u0142anie pliku w toku.\",\"fileUploadOldCodeFileUpload\":\"PRZESY\\u0141ANIE PLIKU\",\"currencySymbol\":\"&#36;\",\"thousands_sep\":\"&nbsp;\",\"decimal_point\":\",\",\"siteLocale\":\"pl_PL\",\"dateFormat\":\"m\\\/d\\\/Y\",\"startOfWeek\":\"1\",\"of\":\"z\",\"previousMonth\":\"Poprzedni miesi\\u0105c\",\"nextMonth\":\"Nast\\u0119pny miesi\\u0105c\",\"months\":[\"Stycze\\u0144\",\"Luty\",\"Marzec\",\"Kwiecie\\u0144\",\"Maj\",\"Czerwiec\",\"Lipiec\",\"Sierpie\\u0144\",\"Wrzesie\\u0144\",\"Pa\\u017adziernik\",\"Listopad\",\"Grudzie\\u0144\"],\"monthsShort\":[\"Sty\",\"Lut\",\"Mar\",\"Kw\",\"Maj\",\"Cze\",\"Lip\",\"Sie\",\"Wrz\",\"Pa\\u017a\",\"Lis\",\"Gru\"],\"weekdays\":[\"Niedziela\",\"Poniedzia\\u0142ek\",\"Wtorek\",\"\\u015aroda\",\"Czwartek\",\"Pi\\u0105tek\",\"Sobota\"],\"weekdaysShort\":[\"Niedz\",\"Pon\",\"Wt\",\"\\u015ar\",\"Czw\",\"Pt\",\"Sob\"],\"weekdaysMin\":[\"Niedz\",\"Pon\",\"Wt\",\"\\u015ar\",\"Czw\",\"Pt\",\"Sob\"],\"recaptchaConsentMissing\":\"reCaptcha validation couldn&#039;t load.\",\"recaptchaMissingCookie\":\"reCaptcha v3 validation couldn&#039;t load the cookie needed to submit the form.\",\"recaptchaConsentEvent\":\"Accept reCaptcha cookies before sending the form.\",\"currency_symbol\":\"\",\"beforeForm\":\"\",\"beforeFields\":\"\",\"afterFields\":\"\",\"afterForm\":\"\"};form.fields=[{\"objectType\":\"Field\",\"objectDomain\":\"fields\",\"editActive\":false,\"order\":1,\"idAttribute\":\"id\",\"type\":\"phone\",\"label\":\"Numer telefonu\",\"key\":\"phone_1640098023980\",\"label_pos\":\"above\",\"required\":1,\"default\":\"\",\"placeholder\":\"Numer telefonu\",\"container_class\":\"\",\"element_class\":\"\",\"input_limit\":\"\",\"input_limit_type\":\"characters\",\"input_limit_msg\":\"Liczba pozosta\\u0142ych znak\\u00f3w:\",\"manual_key\":\"\",\"admin_label\":\"\",\"help_text\":\"\",\"mask\":\"\",\"custom_mask\":\"\",\"custom_name_attribute\":\"phone\",\"personally_identifiable\":1,\"wrap_styles_border\":\"\",\"wrap_styles_width\":\"\",\"wrap_styles_margin\":\"\",\"wrap_styles_padding\":\"\",\"wrap_styles_float\":\"\",\"wrap_styles_show_advanced_css\":0,\"label_styles_border\":\"\",\"label_styles_width\":\"\",\"label_styles_font-size\":\"\",\"label_styles_margin\":\"\",\"label_styles_padding\":\"\",\"label_styles_float\":\"\",\"label_styles_show_advanced_css\":0,\"element_styles_border\":\"\",\"element_styles_width\":\"\",\"element_styles_font-size\":\"\",\"element_styles_margin\":\"\",\"element_styles_padding\":\"\",\"element_styles_float\":\"\",\"element_styles_show_advanced_css\":0,\"cellcid\":\"c3386\",\"value\":\"\",\"field_label\":\"Numer telefonu\",\"field_key\":\"phone_1640098023980\",\"drawerDisabled\":false,\"id\":8,\"beforeField\":\"\",\"afterField\":\"\",\"parentType\":\"textbox\",\"element_templates\":[\"tel\",\"textbox\",\"input\"],\"old_classname\":\"\",\"wrap_template\":\"wrap\"},{\"objectType\":\"Field\",\"objectDomain\":\"fields\",\"editActive\":false,\"order\":2,\"idAttribute\":\"id\",\"type\":\"email\",\"label\":\"Adres e-mail\",\"key\":\"adres_e-mail_1667919839452\",\"label_pos\":\"above\",\"required\":1,\"default\":\"\",\"placeholder\":\"Adres e-mail\",\"container_class\":\"\",\"element_class\":\"\",\"admin_label\":\"\",\"help_text\":\"\",\"custom_name_attribute\":\"email\",\"personally_identifiable\":1,\"wrap_styles_border\":\"\",\"wrap_styles_width\":\"\",\"wrap_styles_margin\":\"\",\"wrap_styles_padding\":\"\",\"wrap_styles_float\":\"\",\"wrap_styles_show_advanced_css\":0,\"label_styles_border\":\"\",\"label_styles_width\":\"\",\"label_styles_font-size\":\"\",\"label_styles_margin\":\"\",\"label_styles_padding\":\"\",\"label_styles_float\":\"\",\"label_styles_show_advanced_css\":0,\"element_styles_border\":\"\",\"element_styles_width\":\"\",\"element_styles_font-size\":\"\",\"element_styles_margin\":\"\",\"element_styles_padding\":\"\",\"element_styles_float\":\"\",\"element_styles_show_advanced_css\":0,\"cellcid\":\"c3389\",\"value\":\"\",\"drawerDisabled\":false,\"field_label\":\"E-mail\",\"field_key\":\"email_1640098026199\",\"id\":9,\"beforeField\":\"\",\"afterField\":\"\",\"parentType\":\"email\",\"element_templates\":[\"email\",\"input\"],\"old_classname\":\"\",\"wrap_template\":\"wrap\"},{\"objectType\":\"Field\",\"objectDomain\":\"fields\",\"editActive\":false,\"order\":3,\"idAttribute\":\"id\",\"type\":\"submit\",\"label\":\"Zapisz mnie\",\"processing_label\":\"W trakcie realizacji\",\"container_class\":\"\",\"element_class\":\"\",\"key\":\"zapisz_mnie_1667919853255\",\"wrap_styles_border\":\"\",\"wrap_styles_width\":\"\",\"wrap_styles_margin\":\"\",\"wrap_styles_padding\":\"\",\"wrap_styles_float\":\"\",\"wrap_styles_show_advanced_css\":0,\"element_styles_border\":\"\",\"element_styles_width\":\"\",\"element_styles_font-size\":\"\",\"element_styles_margin\":\"\",\"element_styles_padding\":\"\",\"element_styles_float\":\"\",\"element_styles_show_advanced_css\":0,\"submit_element_hover_styles_border\":\"\",\"submit_element_hover_styles_width\":\"\",\"submit_element_hover_styles_font-size\":\"\",\"submit_element_hover_styles_margin\":\"\",\"submit_element_hover_styles_padding\":\"\",\"submit_element_hover_styles_float\":\"\",\"submit_element_hover_styles_show_advanced_css\":0,\"cellcid\":\"c3391\",\"drawerDisabled\":false,\"field_label\":\"Zamawiam rozmow\\u0119\",\"field_key\":\"zamawiam_rozmowe_1640098067453\",\"id\":10,\"beforeField\":\"\",\"afterField\":\"\",\"value\":\"\",\"label_pos\":\"above\",\"parentType\":\"textbox\",\"element_templates\":[\"submit\",\"button\",\"input\"],\"old_classname\":\"\",\"wrap_template\":\"wrap-no-label\"}];nfForms.push(form);<\/script>\n                <script id=\"nf-tmpl-cell\" type=\"text\/template\">\n            <nf-fields><\/nf-fields>\n        <\/script>\n\n        <script id=\"nf-tmpl-row\" type=\"text\/template\">\n            <nf-cells><\/nf-cells>\n        <\/script>\n\n                <img loading=\"lazy\" decoding=\"async\" width=\"1500\" height=\"705\" src=\"https:\/\/www.koronakarkonoszy.pl\/blog\/wp-content\/uploads\/2022\/06\/Dwor-Korona-Karkonoszy.jpg\" class=\"attachment-full size-full\" alt=\"\" srcset=\"https:\/\/www.koronakarkonoszy.pl\/blog\/wp-content\/uploads\/2022\/06\/Dwor-Korona-Karkonoszy.jpg 1500w, https:\/\/www.koronakarkonoszy.pl\/blog\/wp-content\/uploads\/2022\/06\/Dwor-Korona-Karkonoszy-300x141.jpg 300w, https:\/\/www.koronakarkonoszy.pl\/blog\/wp-content\/uploads\/2022\/06\/Dwor-Korona-Karkonoszy-1024x481.jpg 1024w, https:\/\/www.koronakarkonoszy.pl\/blog\/wp-content\/uploads\/2022\/06\/Dwor-Korona-Karkonoszy-768x361.jpg 768w\" sizes=\"auto, (max-width: 1500px) 100vw, 1500px\" \/>        <\/div> \n    <\/div>\n<\/div>\n\n\n\n<p>I jeszcze jedna sprawa \u2013 wesele w plenerze mo\u017cna oznacza\u0107 komary. Wprawdzie w ogrodach przy restauracjach i salach weselnych najcz\u0119\u015bciej ich nie ma, gdy\u017c zarz\u0105dcy obiekt\u00f3w pilnuj\u0105 oprysk\u00f3w, kt\u00f3re zwalczaj\u0105 te uci\u0105\u017cliwe owady, jednak zawsze warto si\u0119 zabezpieczy\u0107 i przygotowa\u0107 specjalne lampiony i \u015bwiece ze \u015brodkami zapachowymi, a tak\u017ce urz\u0105dzenia z&nbsp;ultrad\u017awi\u0119kami, kt\u00f3re odstrasz\u0105 insekty.&nbsp;&nbsp;<\/p>\n\n\n\n<figure class=\"wp-block-image size-full is-resized\"><img loading=\"lazy\" decoding=\"async\" width=\"800\" height=\"534\" src=\"https:\/\/www.koronakarkonoszy.pl\/blog\/wp-content\/uploads\/2021\/07\/sluby_w_ogrodzie__4_.jpg\" alt=\"\u015blub w ogrodzie\" class=\"wp-image-825\" style=\"width:800px;height:534px\" srcset=\"https:\/\/www.koronakarkonoszy.pl\/blog\/wp-content\/uploads\/2021\/07\/sluby_w_ogrodzie__4_.jpg 800w, https:\/\/www.koronakarkonoszy.pl\/blog\/wp-content\/uploads\/2021\/07\/sluby_w_ogrodzie__4_-300x200.jpg 300w, https:\/\/www.koronakarkonoszy.pl\/blog\/wp-content\/uploads\/2021\/07\/sluby_w_ogrodzie__4_-768x513.jpg 768w\" sizes=\"auto, (max-width: 800px) 100vw, 800px\" \/><figcaption class=\"wp-element-caption\"><strong>Wesele w plenerze, <a href=\"https:\/\/www.koronakarkonoszy.pl\/wesele\/\" target=\"_blank\" rel=\"noreferrer noopener\">Dw\u00f3r Korona Karkonoszy,<\/a> <a href=\"https:\/\/www.koronakarkonoszy.pl\/blog-atrakcje\/sosnowka\/\" class=\"links-placer\">Sosn\u00f3wka<\/a> k. Karpacza <\/strong><\/figcaption><\/figure>\n\n\n\n<h2 class=\"wp-block-heading\" id=\"h-gdzie-zorganizowa-wyj-tkowe-przyj-cie-weselne\">Gdzie zorganizowa\u0107 wyj\u0105tkowe <a href=\"https:\/\/www.koronakarkonoszy.pl\/blog\/jak-zorganizowac-przyjecie-weselne-na-30-osob\/\" class=\"links-placer\">przyj\u0119cie weselne<\/a>?<\/h2>\n\n\n\n<p>Potrzebujesz pomocy w przygotowaniu ogrodu na wesele? Zanim zabierzesz si\u0119 do pracy, zastan\u00f3w si\u0119, jak zadbasz o go\u015bci zar\u00f3wno w czasie ulewnego czasu, jak i fali upa\u0142\u00f3w. Marzysz o kameralnym przyj\u0119ciu w przydomowym ogrodzie? <strong>Ma\u0142e wesele w plenerze<\/strong> mo\u017ce okaza\u0107 si\u0119 strza\u0142em w dziesi\u0105tk\u0119, jednak upewnij si\u0119, \u017ce zabawa do bia\u0142ego rana nie zak\u0142\u00f3ci spokoju s\u0105siadom. Je\u017celi planujesz huczn\u0105 imprez\u0119, poszukaj ogrodu przylegaj\u0105cego do hotelu lub restauracji. Mo\u017cesz wynaj\u0105\u0107 przestronny i elegancki namiot, kt\u00f3ry uratuje przyj\u0119cie w czasie chwilowych opad\u00f3w.<\/p>\n\n\n<div class=\"wp-block-image\">\n<figure class=\"aligncenter size-large is-resized\"><img loading=\"lazy\" decoding=\"async\" width=\"1024\" height=\"683\" src=\"https:\/\/www.koronakarkonoszy.pl\/blog\/wp-content\/uploads\/2022\/03\/carlo-buttinoni-gNg1CWnz6dM-unsplash-1024x683.jpg\" alt=\"miejsca na wesele w plenerze: propozycje\" class=\"wp-image-3501\" style=\"width:527px;height:351px\" srcset=\"https:\/\/www.koronakarkonoszy.pl\/blog\/wp-content\/uploads\/2022\/03\/carlo-buttinoni-gNg1CWnz6dM-unsplash-1024x683.jpg 1024w, https:\/\/www.koronakarkonoszy.pl\/blog\/wp-content\/uploads\/2022\/03\/carlo-buttinoni-gNg1CWnz6dM-unsplash-300x200.jpg 300w, https:\/\/www.koronakarkonoszy.pl\/blog\/wp-content\/uploads\/2022\/03\/carlo-buttinoni-gNg1CWnz6dM-unsplash-768x512.jpg 768w, https:\/\/www.koronakarkonoszy.pl\/blog\/wp-content\/uploads\/2022\/03\/carlo-buttinoni-gNg1CWnz6dM-unsplash-1536x1024.jpg 1536w, https:\/\/www.koronakarkonoszy.pl\/blog\/wp-content\/uploads\/2022\/03\/carlo-buttinoni-gNg1CWnz6dM-unsplash.jpg 1920w\" sizes=\"auto, (max-width: 1024px) 100vw, 1024px\" \/><figcaption class=\"wp-element-caption\"><strong>Wesele w ogrodzie <\/strong><\/figcaption><\/figure>\n<\/div>\n\n\n<h2 class=\"wp-block-heading\" id=\"ha-ile-kosztuje-wesele-w-plenerze\">Ile kosztuje wesele w plenerze?<\/h2>\n\n\n\n<p>Zwykle mniej ni\u017c w sali weselnej czy restauracji. <strong>Koszt wesela w plenerze<\/strong> to w du\u017cej mierze kwestia indywidualna. Jak w ka\u017cdym przypadku, uzale\u017cniona od liczby go\u015bci, rodzaju menu, ewentualnych dodatkowych atrakcji. Ale z pewno\u015bci\u0105 tanie wesele w plenerze jest jak najbardziej mo\u017cliwe. Zw\u0142aszcza \u017ce <a href=\"https:\/\/www.koronakarkonoszy.pl\/blog\/zielone-dekoracje-weselne\/\" target=\"_blank\" rel=\"noreferrer noopener\">zielone dekoracje weselne<\/a> s\u0105 ju\u017c gotowe, a i ubiory na wesele w plenerze zwykle s\u0105 mniej oficjalne; wi\u0119c niekoniecznie musimy kupowa\u0107 specjalne kreacje. Tak\u017ce menu mo\u017ce mie\u0107 bardziej piknikowy charakter. Gdy skorzystamy z tych opcji, mo\u017ce okaza\u0107 si\u0119, \u017ce faktycznie <a href=\"https:\/\/www.koronakarkonoszy.pl\/blog\/koszt-wesela-na-100-osob\/\" class=\"links-placer\">koszt wesela<\/a> w plenerze b\u0119dzie ca\u0142kiem zach\u0119caj\u0105cy.<\/p>\n\n\n\n<figure class=\"wp-block-image size-large\"><img loading=\"lazy\" decoding=\"async\" width=\"1024\" height=\"683\" src=\"https:\/\/www.koronakarkonoszy.pl\/blog\/wp-content\/uploads\/2022\/08\/0A09-1024x683.jpg\" alt=\"\" class=\"wp-image-5361\" srcset=\"https:\/\/www.koronakarkonoszy.pl\/blog\/wp-content\/uploads\/2022\/08\/0A09-1024x683.jpg 1024w, https:\/\/www.koronakarkonoszy.pl\/blog\/wp-content\/uploads\/2022\/08\/0A09-300x200.jpg 300w, https:\/\/www.koronakarkonoszy.pl\/blog\/wp-content\/uploads\/2022\/08\/0A09-768x512.jpg 768w, https:\/\/www.koronakarkonoszy.pl\/blog\/wp-content\/uploads\/2022\/08\/0A09.jpg 1536w\" sizes=\"auto, (max-width: 1024px) 100vw, 1024px\" \/><figcaption class=\"wp-element-caption\"><strong>Wesele w plenerze &#8211; <a href=\"https:\/\/www.koronakarkonoszy.pl\/wesele\/\" target=\"_blank\" rel=\"noreferrer noopener\">Dw\u00f3r Korona Karkonoszy<\/a><\/strong>, <strong>Sosn\u00f3wka <\/strong><\/figcaption><\/figure>\n\n\n\n<p>Pomijaj\u0105c jednak cen\u0119, warto wzi\u0105\u0107 pod uwag\u0119, \u017ce w przypadku wesela plenerowego du\u017co \u0142atwiej znale\u017a\u0107 wolny termin w najbardziej obleganych miesi\u0105cach i dniach. Najcz\u0119\u015bciej te\u017c nie ma specjalnych ogranicze\u0144 co do liczby go\u015bci \u2013 w plenerze \u0142atwiej zorganizowa\u0107 naprawd\u0119 du\u017ce wesele.<\/p>\n\n\n\n<h2 class=\"wp-block-heading\" id=\"ha-czy-pora-roku-ma-znaczenie\">Czy pora roku ma znaczenie?<\/h2>\n\n\n\n<p><a href=\"https:\/\/www.koronakarkonoszy.pl\/blog\/jak-zorganizowac-wesele-na-zewnatrz\/\" target=\"_blank\" rel=\"noreferrer noopener\">Wesele na zewn\u0105trz<\/a> to marzenie wielu Par M\u0142odych, zw\u0142aszcza mi\u0142o\u015bnik\u00f3w natury i czasu sp\u0119dzanego na \u015bwie\u017cym powietrzu. Jednak nie wszystkie si\u0119 na to decyduj\u0105. Dlaczego? G\u0142\u00f3wny problem stanowi pogoda. Oczywi\u015bcie organizuj\u0105c wesele w plenerze musimy wzi\u0105\u0107 pod uwag\u0119 deszcz, wiatr czy pal\u0105ce s\u0142o\u0144ce. Mo\u017cna jednak przygotowa\u0107 si\u0119 na r\u00f3\u017cne ewentualno\u015bci. Jak? Pary M\u0142ode cz\u0119sto decyduj\u0105 si\u0119 na wynaj\u0119cie specjalnego namiotu wraz z podestem do ta\u0144ca. W wielu ogrodach przy restauracjach lub hotelach stoj\u0105 ju\u017c gotowe zadaszenia \u2013 altany, pergole, pawilony czy namioty lub profesjonalne parasole, i mo\u017cna si\u0119 tam schroni\u0107 w razie niepogody.<\/p>\n\n\n<section id=\"leonardo-block_abe79ebe24c50975edcc7b5ca0d9905e\" class=\"leonardo page-breaker leonardo-image-left\">\r\n    <div class=\"leonardo-body\">\r\n                <div class=\"leonardo-content\"><p><!-- wp:paragraph --><\/p>\n<h3 id=\"ha-zimowy-plener-prosze-bardzo\">Zimowy plener? Prosz\u0119 bardzo!<\/h3>\n<p>Wesele w plenerze zwykle planujemy latem, ewentualnie p\u00f3\u017an\u0105 wiosn\u0105 czy wczesn\u0105 jesieni\u0105. Ale czy faktycznie trzeba si\u0119 ogranicza\u0107 tylko do tych p\u00f3r roku? Mimo ocieplania si\u0119 klimatu trudno sobie wyobrazi\u0107 urz\u0105dzenie ca\u0142ego wesela zim\u0105 na dworze, jednak mo\u017cna w ramach atrakcji zaplanowa\u0107 na przyk\u0142ad ognisko i kulig. Niekt\u00f3re Pary M\u0142ode szykuj\u0105 takie urozmaicenie weselnego przyj\u0119cia. Go\u015bcie o um\u00f3wionej godzinie stawiaj\u0105 si\u0119 przebrani w ciep\u0142e stroje, by najpierw rozkoszowa\u0107 si\u0119 nocn\u0105 sann\u0105 z pochodniami, a nast\u0119pnie rozgrza\u0107 przy ognisku aromatycznym grzanym winem z go\u017adzikami i miodem. To naprawd\u0119 magiczne chwile! Oczywi\u015bcie sprawdzi si\u0119 tylko <a href=\"https:\/\/www.koronakarkonoszy.pl\/blog\/kameralny-slub-w-gorach\/\" target=\"_blank\" rel=\"noopener\">\u015blub w g\u00f3rach<\/a>, jako \u017ce na nizinach nawet w \u015brodku zimy rzadko pada \u015bnieg w ostatnich latach.<\/p>\n<p><!-- \/wp:paragraph --><\/p>\n<\/div>\r\n                    <aside class=\"leonardo-interlink\">\r\n                <b>Polecamy<\/b>\r\n                <a href=\"https:\/\/www.koronakarkonoszy.pl\/blog\/wesele-w-listopadzie-czy-warto\/\">Wesele w listopadzie &#8211; czy warto?<\/a>\r\n            <\/aside>\r\n            <\/div>\r\n    <div class=\"leonardo-image\">\r\n        <img loading=\"lazy\" decoding=\"async\" width=\"1024\" height=\"683\" src=\"https:\/\/www.koronakarkonoszy.pl\/blog\/wp-content\/uploads\/2021\/07\/kulig-wesele.jpg\" class=\"attachment-full size-full\" alt=\"atrakcje na weselu\" srcset=\"https:\/\/www.koronakarkonoszy.pl\/blog\/wp-content\/uploads\/2021\/07\/kulig-wesele.jpg 1024w, https:\/\/www.koronakarkonoszy.pl\/blog\/wp-content\/uploads\/2021\/07\/kulig-wesele-300x200.jpg 300w, https:\/\/www.koronakarkonoszy.pl\/blog\/wp-content\/uploads\/2021\/07\/kulig-wesele-768x512.jpg 768w\" sizes=\"auto, (max-width: 1024px) 100vw, 1024px\" \/>            <\/div>\r\n<\/section>\n\n<section id=\"leonardo-block_8edc9c90090e6c159b537ea479c0382a\" class=\"leonardo page-breaker leonardo-image-right\">\r\n    <div class=\"leonardo-body\">\r\n        <h2 class=\"leonardo-title\" id=\"h-ile-kosztuje-dekoracja-slubu-w-plenerze\">Ile kosztuje dekoracja \u015blubu w plenerze?<\/h2>        <div class=\"leonardo-content\"><p><!-- wp:paragraph --><\/p>\n<p><!-- wp:heading --><\/p>\n<p>Je\u015bli chodzi o \u015blub w plenerze, jedno na pewno dzia\u0142a na nasz\u0105 korzy\u015b\u0107 \u2013 dekoracje mamy w\u0142a\u015bciwie za darmo. Matka Natura ju\u017c si\u0119 o to postara, bez wzgl\u0119du na por\u0119 roku. Wesele w plenerze oznacza wesele w ogrodzie, parku, lesie, na pla\u017cy. Wsz\u0119dzie tam przyroda stworzy pi\u0119kny entourage dla naszej ceremonii, cho\u0107 oczywi\u015bcie w r\u00f3\u017cnych stylach. Jesieni\u0105 towarzyszy\u0107 nam b\u0119dzie babie lato, przepi\u0119knie prezentuj\u0105ce si\u0119 na zdj\u0119ciach, a w pocz\u0105tkach lata \u015bwietliki opromieni\u0105 nasz\u0105 uroczysto\u015b\u0107. Takich dekoracji nie da si\u0119 kupi\u0107!<\/p>\n<p><!-- \/wp:paragraph -->W przypadku wesel \u201epod chmurk\u0105\u201d warto jeszcze przygotowa\u0107 \u2013 oczywi\u015bcie wsp\u00f3\u0142graj\u0105ce stylistycznie z reszt\u0105 dekoracji &#8211; <a href=\"https:\/\/www.koronakarkonoszy.pl\/blog\/drogowskaz-weselny\/\" target=\"_blank\" rel=\"noopener\"><strong>drogowskazy weselne<\/strong><\/a>. Teren, na kt\u00f3rym odbywa si\u0119 impreza, cz\u0119sto jest do\u015b\u0107 rozleg\u0142y, wi\u0119c by go\u015bcie nie b\u0142\u0105dzili, szukaj\u0105c s\u0142odkiego sto\u0142u, drink baru, parkingu czy toalet, wska\u017cmy im drog\u0119, przy okazji w ciekawy i oryginalny spos\u00f3b dekoruj\u0105c okolic\u0119.<\/p>\n<p><!-- \/wp:paragraph --><\/p>\n<\/div>\r\n                    <aside class=\"leonardo-interlink\">\r\n                <b>Polecamy<\/b>\r\n                <a href=\"https:\/\/www.koronakarkonoszy.pl\/blog\/slub-jelenia-gora\/\">\u015alub Jelenia G\u00f3ra \u2013 sielska ceremonia w stolicy Karkonoszy<\/a>\r\n            <\/aside>\r\n            <\/div>\r\n    <div class=\"leonardo-image\">\r\n        <img loading=\"lazy\" decoding=\"async\" width=\"1000\" height=\"667\" src=\"https:\/\/www.koronakarkonoszy.pl\/blog\/wp-content\/uploads\/2021\/10\/Slub-w-lipcu.jpg\" class=\"attachment-full size-full\" alt=\"\" srcset=\"https:\/\/www.koronakarkonoszy.pl\/blog\/wp-content\/uploads\/2021\/10\/Slub-w-lipcu.jpg 1000w, https:\/\/www.koronakarkonoszy.pl\/blog\/wp-content\/uploads\/2021\/10\/Slub-w-lipcu-300x200.jpg 300w, https:\/\/www.koronakarkonoszy.pl\/blog\/wp-content\/uploads\/2021\/10\/Slub-w-lipcu-768x512.jpg 768w\" sizes=\"auto, (max-width: 1000px) 100vw, 1000px\" \/>            <\/div>\r\n<\/section>\n\n\n<h3 class=\"wp-block-heading\" id=\"ha-wesele-w-plenerze-boho-styl\">Wesele w plenerze &#8211; boho styl<\/h3>\n\n\n\n<p>Wesele boho, rustykalne, Hamptons czy glamour? W przypadku wesela w plenerze, podobnie jak wesela w sali, warto wybra\u0107 <a href=\"https:\/\/www.koronakarkonoszy.pl\/blog\/styl-wesela\/\" target=\"_blank\" rel=\"noreferrer noopener\"><strong>styl wesela<\/strong><\/a> i motyw przewodni pasuj\u0105cy do otoczenia. Wtedy \u0142atwiej b\u0119dzie nam poszuka\u0107 odpowiedniego ogrodu. Istniej\u0105 przecie\u017c ogrody angielskie, francuskie, japo\u0144skie, romantyczne czy minimalistyczne. R\u00f3\u017cne style, do kt\u00f3rych mo\u017cna dopasowa\u0107 motyw przewodni. Naturalne dekoracje warto \u201epodkr\u0119ci\u0107\u201d odpowiednimi ozdobnikami i dorzuci\u0107 drewniane czy rattanowe ornamenty, koraliki i muszelki, papierowe wachlarze albo kolorowe poduchy w etniczne wzory, lub koronki z dawnych czas\u00f3w. Tak\u017ce dodatkowe, ogrodowe o\u015bwietlenie powinno wpisywa\u0107 si\u0119 w klimat \u2013 mo\u017cna dobra\u0107 styl girland \u015bwietlnych i lampion\u00f3w do motywu przewodniego wesela.&nbsp; &nbsp;&nbsp;<\/p>\n\n\n\n<figure class=\"wp-block-image size-large is-resized\"><img loading=\"lazy\" decoding=\"async\" width=\"1024\" height=\"682\" src=\"https:\/\/www.koronakarkonoszy.pl\/blog\/wp-content\/uploads\/2022\/08\/Fotolia_87414042_Subscription_Monthly_M-1024x682.jpg\" alt=\"\" class=\"wp-image-5360\" style=\"width:838px;height:558px\" srcset=\"https:\/\/www.koronakarkonoszy.pl\/blog\/wp-content\/uploads\/2022\/08\/Fotolia_87414042_Subscription_Monthly_M-1024x682.jpg 1024w, https:\/\/www.koronakarkonoszy.pl\/blog\/wp-content\/uploads\/2022\/08\/Fotolia_87414042_Subscription_Monthly_M-300x200.jpg 300w, https:\/\/www.koronakarkonoszy.pl\/blog\/wp-content\/uploads\/2022\/08\/Fotolia_87414042_Subscription_Monthly_M-768x512.jpg 768w, https:\/\/www.koronakarkonoszy.pl\/blog\/wp-content\/uploads\/2022\/08\/Fotolia_87414042_Subscription_Monthly_M-1536x1024.jpg 1536w, https:\/\/www.koronakarkonoszy.pl\/blog\/wp-content\/uploads\/2022\/08\/Fotolia_87414042_Subscription_Monthly_M.jpg 1688w\" sizes=\"auto, (max-width: 1024px) 100vw, 1024px\" \/><figcaption class=\"wp-element-caption\"><strong>Organizujemy <a href=\"https:\/\/www.koronakarkonoszy.pl\/blog\/wesele-tematyczne\/\" class=\"links-placer\">wesela tematyczne<\/a>! <a href=\"https:\/\/www.koronakarkonoszy.pl\/\" target=\"_blank\" rel=\"noreferrer noopener\">Dw\u00f3r Korona Karkonoszy <\/a><\/strong><\/figcaption><\/figure>\n\n\n\n<h2 class=\"wp-block-heading\" id=\"ha-czy-mozna-wziac-slub-koscielny-w-plenerze\">Czy mo\u017cna wzi\u0105\u0107 \u015blub ko\u015bcielny w plenerze?<\/h2>\n\n\n\n<p>Niestety, rzadko kiedy ksi\u0119\u017ca zgadzaj\u0105 si\u0119 na udzielenie \u015blubu w plenerze, nawet je\u015bli chodzi o przyko\u015bcielny ogr\u00f3d. Je\u015bli marzymy o \u015blubie w plenerze, warto rozwa\u017cy\u0107 \u015blub cywilny w pi\u0119knym ogrodzie czy na pla\u017cy. Je\u015bli zale\u017cy nam na \u015blubie ko\u015bcielnym, mo\u017cna urz\u0105dzi\u0107 tylko skromn\u0105 ceremoni\u0119 ze \u015bwiadkami, a w\u0142a\u015bciw\u0105 uroczysto\u015b\u0107 jednak zorganizowa\u0107 w plenerze, jako \u017ce urz\u0119dnicy USC nie robi\u0105 problem\u00f3w, je\u015bli chodzi o \u015bluby na \u015bwie\u017cym powietrzu. Mo\u017cna tak\u017ce wzi\u0105\u0107 <a href=\"https:\/\/www.koronakarkonoszy.pl\/blog\/sluby-humanistyczne\/\" target=\"_blank\" rel=\"noreferrer noopener\"><strong>\u015blub humanistyczny<\/strong><\/a>. To ceremonia, kt\u00f3ra zyskuje coraz wi\u0119cej zwolennik\u00f3w. Jako \u017ce nie ma mocy prawnej, Para M\u0142oda zwykle bierze najpierw \u015blub konkordatowy czy cywilny. <\/p>\n\n\n\n<h2 class=\"wp-block-heading\" id=\"ha-wesele-w-plenerze-jak-sie-ubrac\">Wesele w plenerze &#8211; jak si\u0119 ubra\u0107?<\/h2>\n\n\n\n<p><a href=\"https:\/\/www.koronakarkonoszy.pl\/blog\/jak-sie-ubrac-na-wesele-latem\/\" target=\"_blank\" rel=\"noreferrer noopener\"><strong>Jak si\u0119 ubra\u0107 na wesele<\/strong><\/a><strong> <\/strong>w plenerze? Gdy bawimy si\u0119 na weselu na \u015bwie\u017cym powietrzu, nie musimy wk\u0142ada\u0107 bardzo oficjalnych sukien czy garnitur\u00f3w, nie wspominaj\u0105c ju\u017c o butach na wysokich obcasach, kt\u00f3re na trawie, igliwiu czy piasku po prostu si\u0119 nie sprawdz\u0105. Lepsze b\u0119d\u0105 baleriny, sanda\u0142y na niskim obcasie czy tak modne latem espadryle na koturnie. A wesele na pla\u017cy? W czasie takiego przyj\u0119cia mo\u017cna po prostu wyst\u0105pi\u0107 boso! Po piasku najprzyjemniej chodzi\u0107 \u2013 i ta\u0144czy\u0107 \u2013 na bosaka, najlepiej w d\u0142ugiej, zwiewnej lnianej sukni.<\/p>\n\n\n<section id=\"leonardo-block_3460930f93960387247a2441a74a751e\" class=\"leonardo page-breaker leonardo-image-left\">\r\n    <div class=\"leonardo-body\">\r\n                <div class=\"leonardo-content\"><p><!-- wp:heading --><\/p>\n<p>Na to pytanie mo\u017cna odpowiedzie\u0107 jednym s\u0142owem: wygodny! Lekko i swobodnie, tak powinni\u015bmy ubra\u0107 si\u0119 na wesele w plenerze. A przy tym elegancko, wi\u0119c oczywi\u015bcie raczej nie ma mowy o dresie czy boj\u00f3wkach, chyba \u017ce b\u0119dzie to wesele w stylu sportowym, survivalowym czy <strong>stylu militarnym<\/strong> i Para M\u0142oda wyra\u017anie zaznaczy, \u017ce tego typu kreacje s\u0105 mile widziane.<\/p>\n<p>Jaka<strong> sukienka na wesele w plenerze<\/strong> sprawdzi si\u0119 najlepiej? Mo\u017cna w\u0142o\u017cy\u0107 swoj\u0105 ulubion\u0105 casualow\u0105, kt\u00f3ra ma te\u017c t\u0119 zalet\u0119, \u017ce nie b\u0119dzie zakupem jednorazowym. Lekkie letnie kreacje, tak\u017ce kwiatowe, b\u0119d\u0105 jak najbardziej na miejscu. Na weselu w plenerze sprawdz\u0105 si\u0119 tak\u017ce spodnie, zwykle rzadko zak\u0142adane przez panie podczas klasycznych wesel. Albo modne ostatnio kombinezony. Warto te\u017c postawi\u0107 na bi\u017cuteri\u0119 dopasowan\u0105 do natury. Kolczyki z drewna, kamieni czy muszelek, r\u00f3\u017cnego rodzaju rzemie\u015blnicze modele s\u0105 obecnie bardzo na czasie. A do tego <a href=\"https:\/\/www.koronakarkonoszy.pl\/blog\/wianki-na-slub-o-czym-warto-wiedziec\/\" target=\"_blank\" rel=\"noreferrer noopener\">wianki<\/a> i opaski wykonane z kwiat\u00f3w lub jeszcze pro\u015bciej &#8211; kwiat we w\u0142osach.<\/p>\n<p><!-- \/wp:paragraph --><\/p>\n<\/div>\r\n                    <aside class=\"leonardo-interlink\">\r\n                <b>Polecamy<\/b>\r\n                <a href=\"https:\/\/www.koronakarkonoszy.pl\/blog\/slub-w-plenerze\/\">\u015alub w plenerze &#8211; wszystko, co warto o nim wiedzie\u0107<\/a>\r\n            <\/aside>\r\n            <\/div>\r\n    <div class=\"leonardo-image\">\r\n        <img loading=\"lazy\" decoding=\"async\" width=\"2560\" height=\"1829\" src=\"https:\/\/www.koronakarkonoszy.pl\/blog\/wp-content\/uploads\/2022\/08\/IMG_8667fb-2-scaled.jpg\" class=\"attachment-full size-full\" alt=\"\" srcset=\"https:\/\/www.koronakarkonoszy.pl\/blog\/wp-content\/uploads\/2022\/08\/IMG_8667fb-2-scaled.jpg 2560w, https:\/\/www.koronakarkonoszy.pl\/blog\/wp-content\/uploads\/2022\/08\/IMG_8667fb-2-300x214.jpg 300w, https:\/\/www.koronakarkonoszy.pl\/blog\/wp-content\/uploads\/2022\/08\/IMG_8667fb-2-1024x731.jpg 1024w, https:\/\/www.koronakarkonoszy.pl\/blog\/wp-content\/uploads\/2022\/08\/IMG_8667fb-2-768x549.jpg 768w, https:\/\/www.koronakarkonoszy.pl\/blog\/wp-content\/uploads\/2022\/08\/IMG_8667fb-2-1920x1371.jpg 1920w, https:\/\/www.koronakarkonoszy.pl\/blog\/wp-content\/uploads\/2022\/08\/IMG_8667fb-2-1536x1097.jpg 1536w, https:\/\/www.koronakarkonoszy.pl\/blog\/wp-content\/uploads\/2022\/08\/IMG_8667fb-2-2048x1463.jpg 2048w\" sizes=\"auto, (max-width: 2560px) 100vw, 2560px\" \/>            <\/div>\r\n<\/section>\n\n\n<p>Tak\u017ce panowie podczas przyj\u0119cia w ogrodzie nie musz\u0105 ubiera\u0107 si\u0119 bardzo oficjalnie \u2013 mokasyny, chinosy i casualowa koszula, razem wpisuj\u0105ce si\u0119 w stylistyk\u0119 smart casual, b\u0119d\u0105 jak najbardziej na miejscu. Krawat i marynarka niekonieczne.<\/p>\n\n\n<section id=\"leonardo-block_c1abc525054b0510e5f77465cf0feeec\" class=\"leonardo page-breaker leonardo-image-right\">\r\n    <div class=\"leonardo-body\">\r\n                <div class=\"leonardo-content\"><p><!-- wp:heading --><\/p>\n<h3 id=\"ha-wspaniale-miejsca-na-wesele-w-plenerze-garsc-inspiracji\">Wspania\u0142e miejsca na wesele w plenerze: gar\u015b\u0107 inspiracji<\/h3>\n<p>Uwielbiasz odpoczywa\u0107 nad morzem? W takim razie pomy\u015bl o tym, aby zorganizowa\u0107 niezapomniane wesele na pla\u017cy. W pobli\u017cu popularnych pla\u017c znajduj\u0105 si\u0119 \u015bwietne restauracje. W jednej z nich mo\u017cesz zam\u00f3wi\u0107 catering na przyj\u0119cie. Zapytaj te\u017c, czy w razie niesprzyjaj\u0105cej pogody Twoi go\u015bcie b\u0119d\u0105 mogli bawi\u0107 si\u0119 w restauracji.<\/p>\n<p><!-- \/wp:paragraph --> <!-- wp:paragraph --><\/p>\n<p>Szukasz nastrojowego miejsca na wesele w plenerze? Je\u015bli jeste\u015b zagorza\u0142ym mi\u0142o\u015bnikiem przyrody i obcowanie z natur\u0105 sprawia Ci rado\u015b\u0107, zaplanuj \u015blub w przydro\u017cnej kapliczce, a przyj\u0119cie w lesie. Je\u015bli zdecydujesz si\u0119 na takie przedsi\u0119wzi\u0119cie, zadbaj o catering i zaplecze sanitarne. Pami\u0119taj, \u017ce w tym przypadku potrzebujesz zgody nadle\u015bnictwa.<\/p>\n<p><!-- \/wp:paragraph --><\/p>\n<\/div>\r\n            <\/div>\r\n    <div class=\"leonardo-image\">\r\n        <img loading=\"lazy\" decoding=\"async\" width=\"1367\" height=\"1024\" src=\"https:\/\/www.koronakarkonoszy.pl\/blog\/wp-content\/uploads\/2022\/08\/100_0005.jpg\" class=\"attachment-full size-full\" alt=\"\" srcset=\"https:\/\/www.koronakarkonoszy.pl\/blog\/wp-content\/uploads\/2022\/08\/100_0005.jpg 1367w, https:\/\/www.koronakarkonoszy.pl\/blog\/wp-content\/uploads\/2022\/08\/100_0005-300x225.jpg 300w, https:\/\/www.koronakarkonoszy.pl\/blog\/wp-content\/uploads\/2022\/08\/100_0005-1024x767.jpg 1024w, https:\/\/www.koronakarkonoszy.pl\/blog\/wp-content\/uploads\/2022\/08\/100_0005-768x575.jpg 768w\" sizes=\"auto, (max-width: 1367px) 100vw, 1367px\" \/>            <\/div>\r\n<\/section>\n\n\n<h3 class=\"wp-block-heading\" id=\"ha-miejsce-na-wesele-w-plenerze\">Miejsce na wesele w plenerze<\/h3>\n\n\n\n<p>Wesele w plenerze, czyli gdzie konkretnie? Na to pytanie musimy odpowiedzie\u0107 sobie na samym pocz\u0105tku. Las czy \u0142\u0105ka? Pla\u017ca czy ogr\u00f3d? Plener z zapleczem, czyli ogr\u00f3d nale\u017c\u0105cy do restauracji lub sali weselnej czy ca\u0142kiem \u201edzikie\u201d miejsce? A mo\u017ce ogr\u00f3d w domu prywatnym, u kogo\u015b z rodziny czy przyjaci\u00f3\u0142? &nbsp;Gdy ju\u017c odpowiemy sobie na to pytanie, mo\u017cemy zaplanowa\u0107 dalsze dzia\u0142ania.<\/p>\n\n\n<section id=\"leonardo-block_a767b5ba4a63971f9878852043594713\" class=\"leonardo page-breaker leonardo-image-left\">\r\n    <div class=\"leonardo-body\">\r\n                <div class=\"leonardo-content\"><p>Jednak je\u015bli rozwa\u017camy r\u00f3\u017cne <strong>miejsca na wesele w plenerze<\/strong>, warto wzi\u0105\u0107 pod uwag\u0119, \u017ce przyj\u0119cie urz\u0105dzone na kompletnym pustkowiu oznacza tak\u017ce brak dost\u0119pu do toalet, bie\u017c\u0105cej wody i elektryczno\u015bci (chyba \u017ce rozwa\u017cymy wykorzystanie generator\u00f3w i wynaj\u0119cie toi toi\u00f3w, bo jednak pr\u0105d oraz toalety na wesele w plenerze to kluczowa kwestia!). Tak\u017ce dojazd w przypadku ustronnej lokalizacji mo\u017ce by\u0107 problemem. Bezpieczniej i wygodniej jest jednak postawi\u0107 na wesele w plenerze, ale w plenerze nieco \u201eoswojonym\u201d i zagospodarowanym. Wtedy wszystko jest na miejscu \u2013 namiot czy pawilony (cz\u0119sto wyposa\u017cone w klimatyzacj\u0119 i parasole grzewcze), parkiet do ta\u0144ca, o\u015bwietlenie, meble, jedzenie, obs\u0142uga, zastawa etc. Urz\u0105dzenie wesela w \u015brodku lasu czy na odludnej pla\u017cy mo\u017ce okaza\u0107 si\u0119 jednak sportem ekstremalnym\u2026<\/p>\n<\/div>\r\n            <\/div>\r\n    <div class=\"leonardo-image\">\r\n        <img loading=\"lazy\" decoding=\"async\" width=\"2048\" height=\"1367\" src=\"https:\/\/www.koronakarkonoszy.pl\/blog\/wp-content\/uploads\/2022\/08\/lukaszsulka_plener_kolorowe_jeziorka_ewa_kuba_47.jpg\" class=\"attachment-full size-full\" alt=\"\" srcset=\"https:\/\/www.koronakarkonoszy.pl\/blog\/wp-content\/uploads\/2022\/08\/lukaszsulka_plener_kolorowe_jeziorka_ewa_kuba_47.jpg 2048w, https:\/\/www.koronakarkonoszy.pl\/blog\/wp-content\/uploads\/2022\/08\/lukaszsulka_plener_kolorowe_jeziorka_ewa_kuba_47-300x200.jpg 300w, https:\/\/www.koronakarkonoszy.pl\/blog\/wp-content\/uploads\/2022\/08\/lukaszsulka_plener_kolorowe_jeziorka_ewa_kuba_47-1024x684.jpg 1024w, https:\/\/www.koronakarkonoszy.pl\/blog\/wp-content\/uploads\/2022\/08\/lukaszsulka_plener_kolorowe_jeziorka_ewa_kuba_47-768x513.jpg 768w, https:\/\/www.koronakarkonoszy.pl\/blog\/wp-content\/uploads\/2022\/08\/lukaszsulka_plener_kolorowe_jeziorka_ewa_kuba_47-1920x1282.jpg 1920w, https:\/\/www.koronakarkonoszy.pl\/blog\/wp-content\/uploads\/2022\/08\/lukaszsulka_plener_kolorowe_jeziorka_ewa_kuba_47-1536x1025.jpg 1536w\" sizes=\"auto, (max-width: 2048px) 100vw, 2048px\" \/>            <\/div>\r\n<\/section>\n\n\n<p>Ponadto samodzielna organizacja wesela w plenerze, zw\u0142aszcza w przypadku miejsc odludnych, bez odpowiedniego zaplecza mo\u017ce by\u0107 trudna. Lepiej w takim przypadku zleci\u0107 wszystko wedding plannerce, kt\u00f3ra znajdzie wszystkich potrzebnych podwykonawc\u00f3w i pomy\u015bli o wszelkich aspektach imprezy pod chmurk\u0105. A samemu tylko cieszy\u0107 si\u0119 nadchodz\u0105cym \u015bwi\u0119tem.&nbsp;<\/p>\n\n\n\n<style>\n    .cta_block{\n        margin: 1.5em 0;\n    }\n    .cta_block_content {\n        position: relative;\n        color: white;\n        padding: 1em;\n    }\n    .cta_block_content h3{\n        text-align: center;\n        font: normal normal normal 36px\/50px Yeseva One;\n    }\n    .cta_block_content .cta_block_desc{\n        text-align: center;\n        font-size: 1.1em;\n        position: relative;\n    }\n    .cta_block_content .cta_block_desc:before {\n        content: '';\n        width: 80px;\n        height: 4px;\n        background: #EEB315;\n        position: absolute;\n        left: 0;\n        right: 0;\n        margin-left: auto;\n        margin-right: auto;\n        top: -22px;\n    }\n\n    .cta_block_content picture{\n        position: absolute;\n        top: 0;\n        right: 0;\n        z-index: -1;\n        height: 100%;\n        overflow: hidden;\n        width: 100%;\n    }\n    .cta_block_content picture img{\n        object-fit: cover;\n        height: 100%;\n        width: 100%;\n    }\n    .cta_block .cta_block_content .ninja-forms-field{\n        background: #FFFFFF2F;\n        border: 1px solid #EEB315;\n        border-radius: 25px;\n        opacity: 1;\n        color: #ffffff;\n    }\n    .cta_block .cta_block_content .nf-form-content input[type=submit]{\n        background-color: #EEB315;\n        color: #292929;\n        text-align: center;\n        font: normal normal bold 14px\/20px Work Sans;\n        padding: 0 2em;\n    }\n\n    .cta_block ::placeholder{\n        color: white!important;\n        opacity: 1;\n    }\n\n    .cta_block_content::after {\n        height: 100%;\n        width: 100%;\n        content: \"\";\n        z-index: -1;\n        position: absolute;\n        top: 0;\n        background: #00000070;\n        right: 0;\n        left: 0;\n        bottom: 0;\n    }\n    #ha-cta-block, .cta_block_desc, .cta_block .nf-field-label, .cta_block .nf-error-msg {\n        filter: drop-shadow(1px 1px 8px black);\n    }\n\n\/*    .cta_block nf-rows-wrap {\n        display: flex;\n        justify-content: space-around;\n        flex-direction: row;\n    }*\/\n\n    .cta_block .nf-field-label {\n        display:none;\n    }\n\n    .cta_block .nf-error.field-wrap .nf-field-element::after {\n        border-radius: 50px;\n    }\n\n    .cta_block .nf-error-msg {\n        color: #fff;\n    }\n\n    .cta_block .nf-form-cont {\n        margin-top: 3em;\n        margin-bottom: 1em;\n    }\n\n    .wp-admin .cta_block_content{\n        display: none;\n    }\n    .cta_block .nf-form-fields-required {\n        display: none;\n    }\n    body:not(.wp-admin) .cta_block_admin {\n        display: none;\n    }\n<\/style>\n<div id=\"cta_block-block_b398764b88a56db80c4d5c32c7df258e\" class=\"cta_block\">\n    <div class=\"cta_block_admin\" style=\"background-color: blue; color: white\">\n        Blok CTA\n    <\/div>\n    <div class=\"cta_block\">\n        <div class=\"cta_block_content\">   \n        <h3 id=\"ha-wesele-w-plenerze\">Wesele w plenerze? <\/h3>\n                <noscript class=\"ninja-forms-noscript-message\">\n\tUwaga: ta zawarto\u015b\u0107 wymaga obs\u0142ugi j\u0119zyka JavaScript.<\/noscript>\n<div id=\"nf-form-3_1-cont\" class=\"nf-form-cont\" aria-live=\"polite\" aria-labelledby=\"nf-form-title-3_1\" aria-describedby=\"nf-form-errors-3_1\" role=\"form\">\n\n    <div class=\"nf-loading-spinner\"><\/div>\n\n<\/div>\n        <!-- That data is being printed as a workaround to page builders reordering the order of the scripts loaded-->\n        <script>var formDisplay=1;var nfForms=nfForms||[];var form=[];form.id='3_1';form.settings={\"objectType\":\"Form Setting\",\"editActive\":true,\"title\":\"Block CTA\",\"created_at\":\"2022-11-08 16:03:33\",\"default_label_pos\":\"above\",\"show_title\":0,\"clear_complete\":\"1\",\"hide_complete\":\"1\",\"logged_in\":\"\",\"wrapper_class\":\"\",\"element_class\":\"\",\"key\":\"\",\"add_submit\":\"0\",\"changeEmailErrorMsg\":\"Wprowad\\u017a prawid\\u0142owy adres e-mail!\",\"changeDateErrorMsg\":\"Prosz\\u0119 wpisa\\u0107 prawid\\u0142ow\\u0105 dat\\u0119!\",\"confirmFieldErrorMsg\":\"Te pola musz\\u0105 si\\u0119 zgadza\\u0107!\",\"fieldNumberNumMinError\":\"B\\u0142\\u0105d \\u2014 liczba minimalna\",\"fieldNumberNumMaxError\":\"B\\u0142\\u0105d \\u2014 liczba maksymalna\",\"fieldNumberIncrementBy\":\"Zwi\\u0119ksz o \",\"formErrorsCorrectErrors\":\"Popraw b\\u0142\\u0119dy, zanim prze\\u015blesz formularz.\",\"validateRequiredField\":\"To jest wymagane pole.\",\"honeypotHoneypotError\":\"B\\u0142\\u0105d Honeypot\",\"fieldsMarkedRequired\":\"Pola oznaczone znakiem &lt;span class=&quot;ninja-forms-req-symbol&quot;&gt;*&lt;\\\/span&gt; s\\u0105 wymagane\",\"currency\":\"\",\"repeatable_fieldsets\":\"\",\"unique_field_error\":\"Formularz z t\\u0105 warto\\u015bci\\u0105 zosta\\u0142 ju\\u017c przes\\u0142any.\",\"not_logged_in_msg\":\"\",\"sub_limit_msg\":\"Formularz osi\\u0105gn\\u0105\\u0142 limit wys\\u0142a\\u0144.\",\"calculations\":[],\"container_styles_show_advanced_css\":\"0\",\"title_styles_show_advanced_css\":\"0\",\"row_styles_show_advanced_css\":\"0\",\"row-odd_styles_show_advanced_css\":\"0\",\"success-msg_styles_show_advanced_css\":\"0\",\"error_msg_styles_show_advanced_css\":\"0\",\"formContentData\":[{\"order\":1,\"cells\":[{\"order\":0,\"fields\":[\"phone_1640098023980\"],\"width\":35},{\"order\":1,\"fields\":[\"adres_e-mail_1667919839452\"],\"width\":35},{\"order\":2,\"fields\":[\"zapisz_mnie_1667919853255\"],\"width\":30}]}],\"drawerDisabled\":false,\"conditions\":[],\"allow_public_link\":0,\"embed_form\":\"\",\"container_styles_border\":\"\",\"container_styles_height\":\"\",\"container_styles_margin\":\"\",\"container_styles_padding\":\"\",\"container_styles_float\":\"\",\"title_styles_border\":\"\",\"title_styles_height\":\"\",\"title_styles_width\":\"\",\"title_styles_font-size\":\"\",\"title_styles_margin\":\"\",\"title_styles_padding\":\"\",\"title_styles_float\":\"\",\"row_styles_border\":\"\",\"row_styles_width\":\"\",\"row_styles_font-size\":\"\",\"row_styles_margin\":\"\",\"row_styles_padding\":\"\",\"row-odd_styles_border\":\"\",\"row-odd_styles_height\":\"\",\"row-odd_styles_width\":\"\",\"row-odd_styles_font-size\":\"\",\"row-odd_styles_margin\":\"\",\"row-odd_styles_padding\":\"\",\"success-msg_styles_border\":\"\",\"success-msg_styles_height\":\"\",\"success-msg_styles_width\":\"\",\"success-msg_styles_font-size\":\"\",\"success-msg_styles_margin\":\"\",\"success-msg_styles_padding\":\"\",\"error_msg_styles_border\":\"\",\"error_msg_styles_width\":\"\",\"error_msg_styles_font-size\":\"\",\"error_msg_styles_margin\":\"\",\"error_msg_styles_padding\":\"\",\"form_title_heading_level\":\"3\",\"ninjaForms\":\"Ninja Forms\",\"fieldTextareaRTEInsertLink\":\"Wstaw odno\\u015bnik\",\"fieldTextareaRTEInsertMedia\":\"Wstaw media\",\"fieldTextareaRTESelectAFile\":\"Wybierz plik\",\"formHoneypot\":\"Je\\u015bli jeste\\u015b cz\\u0142owiekiem i widzisz to pole, nie wype\\u0142niaj go.\",\"fileUploadOldCodeFileUploadInProgress\":\"Przesy\\u0142anie pliku w toku.\",\"fileUploadOldCodeFileUpload\":\"PRZESY\\u0141ANIE PLIKU\",\"currencySymbol\":\"&#36;\",\"thousands_sep\":\"&nbsp;\",\"decimal_point\":\",\",\"siteLocale\":\"pl_PL\",\"dateFormat\":\"m\\\/d\\\/Y\",\"startOfWeek\":\"1\",\"of\":\"z\",\"previousMonth\":\"Poprzedni miesi\\u0105c\",\"nextMonth\":\"Nast\\u0119pny miesi\\u0105c\",\"months\":[\"Stycze\\u0144\",\"Luty\",\"Marzec\",\"Kwiecie\\u0144\",\"Maj\",\"Czerwiec\",\"Lipiec\",\"Sierpie\\u0144\",\"Wrzesie\\u0144\",\"Pa\\u017adziernik\",\"Listopad\",\"Grudzie\\u0144\"],\"monthsShort\":[\"Sty\",\"Lut\",\"Mar\",\"Kw\",\"Maj\",\"Cze\",\"Lip\",\"Sie\",\"Wrz\",\"Pa\\u017a\",\"Lis\",\"Gru\"],\"weekdays\":[\"Niedziela\",\"Poniedzia\\u0142ek\",\"Wtorek\",\"\\u015aroda\",\"Czwartek\",\"Pi\\u0105tek\",\"Sobota\"],\"weekdaysShort\":[\"Niedz\",\"Pon\",\"Wt\",\"\\u015ar\",\"Czw\",\"Pt\",\"Sob\"],\"weekdaysMin\":[\"Niedz\",\"Pon\",\"Wt\",\"\\u015ar\",\"Czw\",\"Pt\",\"Sob\"],\"recaptchaConsentMissing\":\"reCaptcha validation couldn&#039;t load.\",\"recaptchaMissingCookie\":\"reCaptcha v3 validation couldn&#039;t load the cookie needed to submit the form.\",\"recaptchaConsentEvent\":\"Accept reCaptcha cookies before sending the form.\",\"currency_symbol\":\"\",\"beforeForm\":\"\",\"beforeFields\":\"\",\"afterFields\":\"\",\"afterForm\":\"\"};form.fields=[{\"objectType\":\"Field\",\"objectDomain\":\"fields\",\"editActive\":false,\"order\":1,\"idAttribute\":\"id\",\"type\":\"phone\",\"label\":\"Numer telefonu\",\"key\":\"phone_1640098023980\",\"label_pos\":\"above\",\"required\":1,\"default\":\"\",\"placeholder\":\"Numer telefonu\",\"container_class\":\"\",\"element_class\":\"\",\"input_limit\":\"\",\"input_limit_type\":\"characters\",\"input_limit_msg\":\"Liczba pozosta\\u0142ych znak\\u00f3w:\",\"manual_key\":\"\",\"admin_label\":\"\",\"help_text\":\"\",\"mask\":\"\",\"custom_mask\":\"\",\"custom_name_attribute\":\"phone\",\"personally_identifiable\":1,\"wrap_styles_border\":\"\",\"wrap_styles_width\":\"\",\"wrap_styles_margin\":\"\",\"wrap_styles_padding\":\"\",\"wrap_styles_float\":\"\",\"wrap_styles_show_advanced_css\":0,\"label_styles_border\":\"\",\"label_styles_width\":\"\",\"label_styles_font-size\":\"\",\"label_styles_margin\":\"\",\"label_styles_padding\":\"\",\"label_styles_float\":\"\",\"label_styles_show_advanced_css\":0,\"element_styles_border\":\"\",\"element_styles_width\":\"\",\"element_styles_font-size\":\"\",\"element_styles_margin\":\"\",\"element_styles_padding\":\"\",\"element_styles_float\":\"\",\"element_styles_show_advanced_css\":0,\"cellcid\":\"c3386\",\"value\":\"\",\"field_label\":\"Numer telefonu\",\"field_key\":\"phone_1640098023980\",\"drawerDisabled\":false,\"id\":\"8_1\",\"beforeField\":\"\",\"afterField\":\"\",\"parentType\":\"textbox\",\"element_templates\":[\"tel\",\"textbox\",\"input\"],\"old_classname\":\"\",\"wrap_template\":\"wrap\"},{\"objectType\":\"Field\",\"objectDomain\":\"fields\",\"editActive\":false,\"order\":2,\"idAttribute\":\"id\",\"type\":\"email\",\"label\":\"Adres e-mail\",\"key\":\"adres_e-mail_1667919839452\",\"label_pos\":\"above\",\"required\":1,\"default\":\"\",\"placeholder\":\"Adres e-mail\",\"container_class\":\"\",\"element_class\":\"\",\"admin_label\":\"\",\"help_text\":\"\",\"custom_name_attribute\":\"email\",\"personally_identifiable\":1,\"wrap_styles_border\":\"\",\"wrap_styles_width\":\"\",\"wrap_styles_margin\":\"\",\"wrap_styles_padding\":\"\",\"wrap_styles_float\":\"\",\"wrap_styles_show_advanced_css\":0,\"label_styles_border\":\"\",\"label_styles_width\":\"\",\"label_styles_font-size\":\"\",\"label_styles_margin\":\"\",\"label_styles_padding\":\"\",\"label_styles_float\":\"\",\"label_styles_show_advanced_css\":0,\"element_styles_border\":\"\",\"element_styles_width\":\"\",\"element_styles_font-size\":\"\",\"element_styles_margin\":\"\",\"element_styles_padding\":\"\",\"element_styles_float\":\"\",\"element_styles_show_advanced_css\":0,\"cellcid\":\"c3389\",\"value\":\"\",\"drawerDisabled\":false,\"field_label\":\"E-mail\",\"field_key\":\"email_1640098026199\",\"id\":\"9_1\",\"beforeField\":\"\",\"afterField\":\"\",\"parentType\":\"email\",\"element_templates\":[\"email\",\"input\"],\"old_classname\":\"\",\"wrap_template\":\"wrap\"},{\"objectType\":\"Field\",\"objectDomain\":\"fields\",\"editActive\":false,\"order\":3,\"idAttribute\":\"id\",\"type\":\"submit\",\"label\":\"Zapisz mnie\",\"processing_label\":\"W trakcie realizacji\",\"container_class\":\"\",\"element_class\":\"\",\"key\":\"zapisz_mnie_1667919853255\",\"wrap_styles_border\":\"\",\"wrap_styles_width\":\"\",\"wrap_styles_margin\":\"\",\"wrap_styles_padding\":\"\",\"wrap_styles_float\":\"\",\"wrap_styles_show_advanced_css\":0,\"element_styles_border\":\"\",\"element_styles_width\":\"\",\"element_styles_font-size\":\"\",\"element_styles_margin\":\"\",\"element_styles_padding\":\"\",\"element_styles_float\":\"\",\"element_styles_show_advanced_css\":0,\"submit_element_hover_styles_border\":\"\",\"submit_element_hover_styles_width\":\"\",\"submit_element_hover_styles_font-size\":\"\",\"submit_element_hover_styles_margin\":\"\",\"submit_element_hover_styles_padding\":\"\",\"submit_element_hover_styles_float\":\"\",\"submit_element_hover_styles_show_advanced_css\":0,\"cellcid\":\"c3391\",\"drawerDisabled\":false,\"field_label\":\"Zamawiam rozmow\\u0119\",\"field_key\":\"zamawiam_rozmowe_1640098067453\",\"id\":\"10_1\",\"beforeField\":\"\",\"afterField\":\"\",\"value\":\"\",\"label_pos\":\"above\",\"parentType\":\"textbox\",\"element_templates\":[\"submit\",\"button\",\"input\"],\"old_classname\":\"\",\"wrap_template\":\"wrap-no-label\"}];nfForms.push(form);<\/script>\n                <script id=\"nf-tmpl-cell\" type=\"text\/template\">\n            <nf-fields><\/nf-fields>\n        <\/script>\n\n        <script id=\"nf-tmpl-row\" type=\"text\/template\">\n            <nf-cells><\/nf-cells>\n        <\/script>\n\n                <img loading=\"lazy\" decoding=\"async\" width=\"1500\" height=\"705\" src=\"https:\/\/www.koronakarkonoszy.pl\/blog\/wp-content\/uploads\/2022\/06\/Dwor-Korona-Karkonoszy.jpg\" class=\"attachment-full size-full\" alt=\"\" srcset=\"https:\/\/www.koronakarkonoszy.pl\/blog\/wp-content\/uploads\/2022\/06\/Dwor-Korona-Karkonoszy.jpg 1500w, https:\/\/www.koronakarkonoszy.pl\/blog\/wp-content\/uploads\/2022\/06\/Dwor-Korona-Karkonoszy-300x141.jpg 300w, https:\/\/www.koronakarkonoszy.pl\/blog\/wp-content\/uploads\/2022\/06\/Dwor-Korona-Karkonoszy-1024x481.jpg 1024w, https:\/\/www.koronakarkonoszy.pl\/blog\/wp-content\/uploads\/2022\/06\/Dwor-Korona-Karkonoszy-768x361.jpg 768w\" sizes=\"auto, (max-width: 1500px) 100vw, 1500px\" \/>        <\/div> \n    <\/div>\n<\/div>\n\n\n\n<h2 class=\"wp-block-heading\" id=\"ha-jaki-catering-na-wesele-w-plenerze-wybrac\">Jaki catering na wesele w plenerze wybra\u0107?<\/h2>\n\n\n\n<p>Zabawa na \u015bwie\u017cym powietrzu oznacza zwykle dobry apetyt go\u015bci. Mimo to na wesele w plenerze nie polecamy ci\u0119\u017ckich, klasycznych da\u0144 kuchni weselnej. Do przyj\u0119\u0107 \u201epod chmurk\u0105\u201d lepiej pasuj\u0105 \u015bwie\u017ce, lekkostrawne potrawy, przygotowane z sezonowych warzyw i owoc\u00f3w.<\/p>\n\n\n\n<figure class=\"wp-block-image size-large\"><img loading=\"lazy\" decoding=\"async\" width=\"1024\" height=\"683\" src=\"https:\/\/www.koronakarkonoszy.pl\/blog\/wp-content\/uploads\/2022\/08\/buf.sniadan-2-1024x683.jpg\" alt=\"\" class=\"wp-image-5317\" srcset=\"https:\/\/www.koronakarkonoszy.pl\/blog\/wp-content\/uploads\/2022\/08\/buf.sniadan-2-1024x683.jpg 1024w, https:\/\/www.koronakarkonoszy.pl\/blog\/wp-content\/uploads\/2022\/08\/buf.sniadan-2-300x200.jpg 300w, https:\/\/www.koronakarkonoszy.pl\/blog\/wp-content\/uploads\/2022\/08\/buf.sniadan-2-768x512.jpg 768w, https:\/\/www.koronakarkonoszy.pl\/blog\/wp-content\/uploads\/2022\/08\/buf.sniadan-2-1920x1280.jpg 1920w, https:\/\/www.koronakarkonoszy.pl\/blog\/wp-content\/uploads\/2022\/08\/buf.sniadan-2-1536x1024.jpg 1536w, https:\/\/www.koronakarkonoszy.pl\/blog\/wp-content\/uploads\/2022\/08\/buf.sniadan-2-2048x1365.jpg 2048w\" sizes=\"auto, (max-width: 1024px) 100vw, 1024px\" \/><figcaption class=\"wp-element-caption\"><strong>Wesele w plenerze &#8211; <a href=\"https:\/\/www.koronakarkonoszy.pl\/catering\/\" target=\"_blank\" rel=\"noreferrer noopener\">bufet<\/a><\/strong>, <strong>Dw\u00f3r Korona Karkonoszy, Sosn\u00f3wka k. Karpacza <\/strong><\/figcaption><\/figure>\n\n\n\n<p>Bardzo wygodny w takiej sytuacji okazuje si\u0119 po prostu dobrze zaopatrzony bufet. W plenerze najwygodniej jest przecie\u017c spo\u017cywa\u0107 niewielkie przek\u0105ski, kt\u00f3re mo\u017cna je\u015b\u0107 nawet na stoj\u0105co. Sa\u0142atki, koreczki, minidania w kubeczkach czy r\u00f3\u017cnego rodzaju czarkach \u2013 to w\u0142a\u015bnie sprawdzi si\u0119 na plenerowym weselu. Szykuj\u0105c lub zamawiaj\u0105c <strong>menu na wesele w plenerze <\/strong>trzeba tak\u017ce pami\u0119ta\u0107 o zabezpieczeniu jedzenia przed zbyt wysok\u0105 temperatur\u0105 oraz owadami, kt\u00f3re zwabione wspania\u0142ymi zapachami mog\u0105 spr\u00f3bowa\u0107 wprosi\u0107 si\u0119 do nas w go\u015bci. &nbsp;<\/p>\n\n\n\n<figure class=\"wp-block-image size-full\"><img loading=\"lazy\" decoding=\"async\" width=\"800\" height=\"534\" src=\"https:\/\/www.koronakarkonoszy.pl\/blog\/wp-content\/uploads\/2021\/07\/newslub_w_ogrodzie__1_.jpg\" alt=\"\u015blub w plenerze\" class=\"wp-image-826\" srcset=\"https:\/\/www.koronakarkonoszy.pl\/blog\/wp-content\/uploads\/2021\/07\/newslub_w_ogrodzie__1_.jpg 800w, https:\/\/www.koronakarkonoszy.pl\/blog\/wp-content\/uploads\/2021\/07\/newslub_w_ogrodzie__1_-300x200.jpg 300w, https:\/\/www.koronakarkonoszy.pl\/blog\/wp-content\/uploads\/2021\/07\/newslub_w_ogrodzie__1_-768x513.jpg 768w\" sizes=\"auto, (max-width: 800px) 100vw, 800px\" \/><figcaption class=\"wp-element-caption\"><strong>Wesele w plenerze, <a href=\"https:\/\/www.koronakarkonoszy.pl\/wesele\/\" target=\"_blank\" rel=\"noreferrer noopener\">Dw\u00f3r Korona Karkonoszy,<\/a> Sosn\u00f3wka k. Karpacza <\/strong><\/figcaption><\/figure>\n\n\n\n<h2 class=\"wp-block-heading\" id=\"ha-zalety-i-wady-wesela-w-plenerze\">Zalety i wady wesela w plenerze &nbsp;<\/h2>\n\n\n\n<p><strong>Wady <\/strong>\u2013 organizacja przyj\u0119cia mo\u017ce by\u0107 trudniejsza, ni\u017c nam si\u0119 zdawa\u0142o, zw\u0142aszcza je\u015bli wszystko zechcemy zrobi\u0107 sami. Jednak w przypadku wynaj\u0119cia firmy specjalizuj\u0105cej si\u0119 w organizacji wesel ten problem znika.<\/p>\n\n\n\n<p><strong>Zalety <\/strong>\u2013 oczywi\u015bcie pi\u0119kno przyrody, mo\u017cliwo\u015b\u0107 obcowania z natur\u0105. <a href=\"https:\/\/www.koronakarkonoszy.pl\/blog\/miejsca-na-wesele-w-plenerze\/\" class=\"links-placer\">Wesela plenerowe<\/a> to wydarzenia jak z bajki. <strong>Zabawa pod gwiazdami<\/strong> zrobi wra\u017cenie na go\u015bciach i na zawsze pozostanie w pami\u0119ci wszystkich uczestnik\u00f3w przyj\u0119cia.<\/p>\n\n\n\n<figure class=\"wp-block-image size-large\"><a href=\"https:\/\/www.koronakarkonoszy.pl\/wesele\/\" target=\"_blank\" rel=\"noreferrer noopener\"><img loading=\"lazy\" decoding=\"async\" width=\"1024\" height=\"512\" src=\"https:\/\/www.koronakarkonoszy.pl\/blog\/wp-content\/uploads\/2020\/10\/piekne_wesela_DKK-1024x512.jpg\" alt=\"\" class=\"wp-image-3914\" srcset=\"https:\/\/www.koronakarkonoszy.pl\/blog\/wp-content\/uploads\/2020\/10\/piekne_wesela_DKK-1024x512.jpg 1024w, https:\/\/www.koronakarkonoszy.pl\/blog\/wp-content\/uploads\/2020\/10\/piekne_wesela_DKK-300x150.jpg 300w, https:\/\/www.koronakarkonoszy.pl\/blog\/wp-content\/uploads\/2020\/10\/piekne_wesela_DKK-768x384.jpg 768w, https:\/\/www.koronakarkonoszy.pl\/blog\/wp-content\/uploads\/2020\/10\/piekne_wesela_DKK.jpg 1200w\" sizes=\"auto, (max-width: 1024px) 100vw, 1024px\" \/><\/a><\/figure>\n\n\n\n<h3 class=\"wp-block-heading\" id=\"ha-slub-i-wesele-w-plenerze-podsumowanie\">\u015alub i wesele w plenerze &#8211; podsumowanie<\/h3>\n\n\n\n<p>\u015alub i wesele w plenerze kojarz\u0105 si\u0119 bardzo romantycznie. Zielony <a href=\"https:\/\/www.koronakarkonoszy.pl\/blog\/ogrod-na-wesele\/\" target=\"_blank\" rel=\"noreferrer noopener\">ogr\u00f3d<\/a>, altana opleciona bluszczem i pachn\u0105cym powojem, omsza\u0142e pos\u0105gi, szum wody z fontanny. Albo le\u015bna polana otoczona majestatycznymi \u015bwierkami czy piaszczysta pla\u017ca, o kt\u00f3r\u0105 rozbijaj\u0105 si\u0119 morskie fale. Czy\u017c nie brzmi kusz\u0105co? Nic dziwnego, \u017ce coraz wi\u0119cej Par M\u0142odych marzy o \u015blubie i weselu na \u0142onie natury. Takie wesela s\u0105 nieszablonowe, maj\u0105 innych charakter i rytm ni\u017c te organizowane w eleganckich pa\u0142acowych czy dworkowych wn\u0119trzach. Nie znaczy to oczywi\u015bcie, \u017ce wesele w plenerze nie mo\u017ce by\u0107 wytworne, jednak zawsze jest to szyk bardziej nieformalny, ni\u017c w przypadku klasycznych wesel. Wesele w plenerze mo\u017ce by\u0107 weselem bardziej \u201ena luzie\u201d, w mniej oficjalnych kreacjach i z bardziej piknikowym menu. Ale mo\u017ce te\u017c wci\u0105\u017c by\u0107 to wesele bardzo eleganckie, w stylu angielskich przyj\u0119\u0107 na wy\u015bcigach w Ascot czy w stylu glamour. Tylko od nas zale\u017cy, jaki b\u0119dzie mia\u0142o charakter.<\/p>\n\n\n\n<figure class=\"wp-block-image size-large\"><img loading=\"lazy\" decoding=\"async\" width=\"1024\" height=\"683\" src=\"https:\/\/www.koronakarkonoszy.pl\/blog\/wp-content\/uploads\/2022\/02\/KM_25_14_23_IMG_0592-1024x683.jpg\" alt=\"\" class=\"wp-image-6158\" srcset=\"https:\/\/www.koronakarkonoszy.pl\/blog\/wp-content\/uploads\/2022\/02\/KM_25_14_23_IMG_0592-1024x683.jpg 1024w, https:\/\/www.koronakarkonoszy.pl\/blog\/wp-content\/uploads\/2022\/02\/KM_25_14_23_IMG_0592-300x200.jpg 300w, https:\/\/www.koronakarkonoszy.pl\/blog\/wp-content\/uploads\/2022\/02\/KM_25_14_23_IMG_0592-768x512.jpg 768w, https:\/\/www.koronakarkonoszy.pl\/blog\/wp-content\/uploads\/2022\/02\/KM_25_14_23_IMG_0592-1920x1280.jpg 1920w, https:\/\/www.koronakarkonoszy.pl\/blog\/wp-content\/uploads\/2022\/02\/KM_25_14_23_IMG_0592-1536x1024.jpg 1536w, https:\/\/www.koronakarkonoszy.pl\/blog\/wp-content\/uploads\/2022\/02\/KM_25_14_23_IMG_0592-2048x1365.jpg 2048w\" sizes=\"auto, (max-width: 1024px) 100vw, 1024px\" \/><figcaption class=\"wp-element-caption\"><strong>Miejsce na wesele w plenerze, <a href=\"https:\/\/www.koronakarkonoszy.pl\/wesele\/\" target=\"_blank\" rel=\"noreferrer noopener\">Dw\u00f3r Korona Karkonoszy,<\/a> Sosn\u00f3wka k. Karpacza <\/strong><\/figcaption><\/figure>\n","protected":false},"excerpt":{"rendered":"<p>Niezale\u017cnie od tego, czy od dawna marzy\u0142a\u015b o weselu plenerowym, czy dopiero niedawno wpad\u0142a\u015b na taki pomys\u0142, wiedz, \u017ce \u015blub i wesele w plenerze to pocz\u0105tek wielkiej przygody! W przeciwie\u0144stwie do przyj\u0119cia w sali istnieje kilka kwestii, na kt\u00f3re nie masz wp\u0142ywu. Je\u015bli wi\u0119c marzysz o przyj\u0119ciu \u201epod chmurk\u0105\u201d, sprawd\u017a, na co zwr\u00f3ci\u0107 uwag\u0119 przy [&hellip;]<\/p>\n","protected":false},"author":10,"featured_media":3500,"comment_status":"closed","ping_status":"closed","sticky":false,"template":"","format":"standard","meta":{"_acf_changed":false,"footnotes":""},"categories":[2,13,12,14],"class_list":["post-3499","post","type-post","status-publish","format-standard","has-post-thumbnail","hentry","category-porady","category-wesele-jesien","category-wesele-lato","category-wesele-wiosna"],"acf":[],"yoast_head":"<!-- This site is optimized with the Yoast SEO plugin v27.4 - https:\/\/yoast.com\/product\/yoast-seo-wordpress\/ -->\n<title>Wesele w plenerze - najpi\u0119kniejsze miejsca - :: Blog weselny<\/title>\n<meta name=\"description\" content=\"Zastanawiasz si\u0119, czym kierowa\u0107 si\u0119 przy szukaniu miejsca na wesele w plenerze? Skorzystaj z naszych wskaz\u00f3wek i zaskocz swoich go\u015bci!\" \/>\n<meta name=\"robots\" content=\"index, follow, max-snippet:-1, max-image-preview:large, max-video-preview:-1\" \/>\n<link rel=\"canonical\" href=\"https:\/\/www.koronakarkonoszy.pl\/blog\/wesele-w-plenerze\/\" \/>\n<meta property=\"og:locale\" content=\"pl_PL\" \/>\n<meta property=\"og:type\" content=\"article\" \/>\n<meta property=\"og:title\" content=\"Wesele w plenerze - najpi\u0119kniejsze miejsca - :: Blog weselny\" \/>\n<meta property=\"og:description\" content=\"Zastanawiasz si\u0119, czym kierowa\u0107 si\u0119 przy szukaniu miejsca na wesele w plenerze? Skorzystaj z naszych wskaz\u00f3wek i zaskocz swoich go\u015bci!\" \/>\n<meta property=\"og:url\" content=\"https:\/\/www.koronakarkonoszy.pl\/blog\/wesele-w-plenerze\/\" \/>\n<meta property=\"og:site_name\" content=\":: Blog weselny\" \/>\n<meta property=\"article:published_time\" content=\"2024-07-22T06:48:00+00:00\" \/>\n<meta property=\"article:modified_time\" content=\"2024-08-16T09:44:29+00:00\" \/>\n<meta property=\"og:image\" content=\"https:\/\/www.koronakarkonoszy.pl\/blog\/wp-content\/uploads\/2022\/03\/julia-solonina-UTMIln3hT9o-unsplash.jpg\" \/>\n\t<meta property=\"og:image:width\" content=\"1920\" \/>\n\t<meta property=\"og:image:height\" content=\"1440\" \/>\n\t<meta property=\"og:image:type\" content=\"image\/jpeg\" \/>\n<meta name=\"author\" content=\"justynaderen\" \/>\n<meta name=\"twitter:card\" content=\"summary_large_image\" \/>\n<meta name=\"twitter:label1\" content=\"Napisane przez\" \/>\n\t<meta name=\"twitter:data1\" content=\"justynaderen\" \/>\n\t<meta name=\"twitter:label2\" content=\"Szacowany czas czytania\" \/>\n\t<meta name=\"twitter:data2\" content=\"12 minut\" \/>\n<script type=\"application\/ld+json\" class=\"yoast-schema-graph\">{\"@context\":\"https:\\\/\\\/schema.org\",\"@graph\":[{\"@type\":\"Article\",\"@id\":\"https:\\\/\\\/www.koronakarkonoszy.pl\\\/blog\\\/wesele-w-plenerze\\\/#article\",\"isPartOf\":{\"@id\":\"https:\\\/\\\/www.koronakarkonoszy.pl\\\/blog\\\/wesele-w-plenerze\\\/\"},\"author\":{\"name\":\"justynaderen\",\"@id\":\"https:\\\/\\\/www.koronakarkonoszy.pl\\\/blog\\\/#\\\/schema\\\/person\\\/cb01d9f705e80f9c24e217782a53c95f\"},\"headline\":\"Wesele w plenerze &#8211; najpi\u0119kniejsze miejsca\",\"datePublished\":\"2024-07-22T06:48:00+00:00\",\"dateModified\":\"2024-08-16T09:44:29+00:00\",\"mainEntityOfPage\":{\"@id\":\"https:\\\/\\\/www.koronakarkonoszy.pl\\\/blog\\\/wesele-w-plenerze\\\/\"},\"wordCount\":1926,\"image\":{\"@id\":\"https:\\\/\\\/www.koronakarkonoszy.pl\\\/blog\\\/wesele-w-plenerze\\\/#primaryimage\"},\"thumbnailUrl\":\"https:\\\/\\\/www.koronakarkonoszy.pl\\\/blog\\\/wp-content\\\/uploads\\\/2022\\\/03\\\/julia-solonina-UTMIln3hT9o-unsplash.jpg\",\"articleSection\":[\"Porady\",\"Wesele jesie\u0144\",\"Wesele lato\",\"Wesele wiosna\"],\"inLanguage\":\"pl-PL\"},{\"@type\":\"WebPage\",\"@id\":\"https:\\\/\\\/www.koronakarkonoszy.pl\\\/blog\\\/wesele-w-plenerze\\\/\",\"url\":\"https:\\\/\\\/www.koronakarkonoszy.pl\\\/blog\\\/wesele-w-plenerze\\\/\",\"name\":\"Wesele w plenerze - najpi\u0119kniejsze miejsca - :: Blog weselny\",\"isPartOf\":{\"@id\":\"https:\\\/\\\/www.koronakarkonoszy.pl\\\/blog\\\/#website\"},\"primaryImageOfPage\":{\"@id\":\"https:\\\/\\\/www.koronakarkonoszy.pl\\\/blog\\\/wesele-w-plenerze\\\/#primaryimage\"},\"image\":{\"@id\":\"https:\\\/\\\/www.koronakarkonoszy.pl\\\/blog\\\/wesele-w-plenerze\\\/#primaryimage\"},\"thumbnailUrl\":\"https:\\\/\\\/www.koronakarkonoszy.pl\\\/blog\\\/wp-content\\\/uploads\\\/2022\\\/03\\\/julia-solonina-UTMIln3hT9o-unsplash.jpg\",\"datePublished\":\"2024-07-22T06:48:00+00:00\",\"dateModified\":\"2024-08-16T09:44:29+00:00\",\"author\":{\"@id\":\"https:\\\/\\\/www.koronakarkonoszy.pl\\\/blog\\\/#\\\/schema\\\/person\\\/cb01d9f705e80f9c24e217782a53c95f\"},\"description\":\"Zastanawiasz si\u0119, czym kierowa\u0107 si\u0119 przy szukaniu miejsca na wesele w plenerze? Skorzystaj z naszych wskaz\u00f3wek i zaskocz swoich go\u015bci!\",\"breadcrumb\":{\"@id\":\"https:\\\/\\\/www.koronakarkonoszy.pl\\\/blog\\\/wesele-w-plenerze\\\/#breadcrumb\"},\"inLanguage\":\"pl-PL\",\"potentialAction\":[{\"@type\":\"ReadAction\",\"target\":[\"https:\\\/\\\/www.koronakarkonoszy.pl\\\/blog\\\/wesele-w-plenerze\\\/\"]}]},{\"@type\":\"ImageObject\",\"inLanguage\":\"pl-PL\",\"@id\":\"https:\\\/\\\/www.koronakarkonoszy.pl\\\/blog\\\/wesele-w-plenerze\\\/#primaryimage\",\"url\":\"https:\\\/\\\/www.koronakarkonoszy.pl\\\/blog\\\/wp-content\\\/uploads\\\/2022\\\/03\\\/julia-solonina-UTMIln3hT9o-unsplash.jpg\",\"contentUrl\":\"https:\\\/\\\/www.koronakarkonoszy.pl\\\/blog\\\/wp-content\\\/uploads\\\/2022\\\/03\\\/julia-solonina-UTMIln3hT9o-unsplash.jpg\",\"width\":1920,\"height\":1440,\"caption\":\"miejsca na wesele w plenerze: inspiracje\"},{\"@type\":\"BreadcrumbList\",\"@id\":\"https:\\\/\\\/www.koronakarkonoszy.pl\\\/blog\\\/wesele-w-plenerze\\\/#breadcrumb\",\"itemListElement\":[{\"@type\":\"ListItem\",\"position\":1,\"name\":\"Strona g\u0142\u00f3wna\",\"item\":\"https:\\\/\\\/www.koronakarkonoszy.pl\\\/blog\\\/\"},{\"@type\":\"ListItem\",\"position\":2,\"name\":\"Wesele w plenerze &#8211; najpi\u0119kniejsze miejsca\"}]},{\"@type\":\"WebSite\",\"@id\":\"https:\\\/\\\/www.koronakarkonoszy.pl\\\/blog\\\/#website\",\"url\":\"https:\\\/\\\/www.koronakarkonoszy.pl\\\/blog\\\/\",\"name\":\":: Blog weselny\",\"description\":\"Blog weselny Dw\u00f3r Korona Karkonoszy\",\"potentialAction\":[{\"@type\":\"SearchAction\",\"target\":{\"@type\":\"EntryPoint\",\"urlTemplate\":\"https:\\\/\\\/www.koronakarkonoszy.pl\\\/blog\\\/?s={search_term_string}\"},\"query-input\":{\"@type\":\"PropertyValueSpecification\",\"valueRequired\":true,\"valueName\":\"search_term_string\"}}],\"inLanguage\":\"pl-PL\"},{\"@type\":\"Person\",\"@id\":\"https:\\\/\\\/www.koronakarkonoszy.pl\\\/blog\\\/#\\\/schema\\\/person\\\/cb01d9f705e80f9c24e217782a53c95f\",\"name\":\"justynaderen\",\"image\":{\"@type\":\"ImageObject\",\"inLanguage\":\"pl-PL\",\"@id\":\"https:\\\/\\\/www.koronakarkonoszy.pl\\\/blog\\\/wp-content\\\/litespeed\\\/avatar\\\/5763806bb8989d32cacd1d71b31bdcf2.jpg?ver=1776839257\",\"url\":\"https:\\\/\\\/www.koronakarkonoszy.pl\\\/blog\\\/wp-content\\\/litespeed\\\/avatar\\\/5763806bb8989d32cacd1d71b31bdcf2.jpg?ver=1776839257\",\"contentUrl\":\"https:\\\/\\\/www.koronakarkonoszy.pl\\\/blog\\\/wp-content\\\/litespeed\\\/avatar\\\/5763806bb8989d32cacd1d71b31bdcf2.jpg?ver=1776839257\",\"caption\":\"justynaderen\"},\"url\":\"https:\\\/\\\/www.koronakarkonoszy.pl\\\/blog\\\/author\\\/justynaderen\\\/\"}]}<\/script>\n<!-- \/ Yoast SEO plugin. -->","yoast_head_json":{"title":"Wesele w plenerze - najpi\u0119kniejsze miejsca - :: Blog weselny","description":"Zastanawiasz si\u0119, czym kierowa\u0107 si\u0119 przy szukaniu miejsca na wesele w plenerze? Skorzystaj z naszych wskaz\u00f3wek i zaskocz swoich go\u015bci!","robots":{"index":"index","follow":"follow","max-snippet":"max-snippet:-1","max-image-preview":"max-image-preview:large","max-video-preview":"max-video-preview:-1"},"canonical":"https:\/\/www.koronakarkonoszy.pl\/blog\/wesele-w-plenerze\/","og_locale":"pl_PL","og_type":"article","og_title":"Wesele w plenerze - najpi\u0119kniejsze miejsca - :: Blog weselny","og_description":"Zastanawiasz si\u0119, czym kierowa\u0107 si\u0119 przy szukaniu miejsca na wesele w plenerze? Skorzystaj z naszych wskaz\u00f3wek i zaskocz swoich go\u015bci!","og_url":"https:\/\/www.koronakarkonoszy.pl\/blog\/wesele-w-plenerze\/","og_site_name":":: Blog weselny","article_published_time":"2024-07-22T06:48:00+00:00","article_modified_time":"2024-08-16T09:44:29+00:00","og_image":[{"width":1920,"height":1440,"url":"https:\/\/www.koronakarkonoszy.pl\/blog\/wp-content\/uploads\/2022\/03\/julia-solonina-UTMIln3hT9o-unsplash.jpg","type":"image\/jpeg"}],"author":"justynaderen","twitter_card":"summary_large_image","twitter_misc":{"Napisane przez":"justynaderen","Szacowany czas czytania":"12 minut"},"schema":{"@context":"https:\/\/schema.org","@graph":[{"@type":"Article","@id":"https:\/\/www.koronakarkonoszy.pl\/blog\/wesele-w-plenerze\/#article","isPartOf":{"@id":"https:\/\/www.koronakarkonoszy.pl\/blog\/wesele-w-plenerze\/"},"author":{"name":"justynaderen","@id":"https:\/\/www.koronakarkonoszy.pl\/blog\/#\/schema\/person\/cb01d9f705e80f9c24e217782a53c95f"},"headline":"Wesele w plenerze &#8211; najpi\u0119kniejsze miejsca","datePublished":"2024-07-22T06:48:00+00:00","dateModified":"2024-08-16T09:44:29+00:00","mainEntityOfPage":{"@id":"https:\/\/www.koronakarkonoszy.pl\/blog\/wesele-w-plenerze\/"},"wordCount":1926,"image":{"@id":"https:\/\/www.koronakarkonoszy.pl\/blog\/wesele-w-plenerze\/#primaryimage"},"thumbnailUrl":"https:\/\/www.koronakarkonoszy.pl\/blog\/wp-content\/uploads\/2022\/03\/julia-solonina-UTMIln3hT9o-unsplash.jpg","articleSection":["Porady","Wesele jesie\u0144","Wesele lato","Wesele wiosna"],"inLanguage":"pl-PL"},{"@type":"WebPage","@id":"https:\/\/www.koronakarkonoszy.pl\/blog\/wesele-w-plenerze\/","url":"https:\/\/www.koronakarkonoszy.pl\/blog\/wesele-w-plenerze\/","name":"Wesele w plenerze - najpi\u0119kniejsze miejsca - :: Blog weselny","isPartOf":{"@id":"https:\/\/www.koronakarkonoszy.pl\/blog\/#website"},"primaryImageOfPage":{"@id":"https:\/\/www.koronakarkonoszy.pl\/blog\/wesele-w-plenerze\/#primaryimage"},"image":{"@id":"https:\/\/www.koronakarkonoszy.pl\/blog\/wesele-w-plenerze\/#primaryimage"},"thumbnailUrl":"https:\/\/www.koronakarkonoszy.pl\/blog\/wp-content\/uploads\/2022\/03\/julia-solonina-UTMIln3hT9o-unsplash.jpg","datePublished":"2024-07-22T06:48:00+00:00","dateModified":"2024-08-16T09:44:29+00:00","author":{"@id":"https:\/\/www.koronakarkonoszy.pl\/blog\/#\/schema\/person\/cb01d9f705e80f9c24e217782a53c95f"},"description":"Zastanawiasz si\u0119, czym kierowa\u0107 si\u0119 przy szukaniu miejsca na wesele w plenerze? Skorzystaj z naszych wskaz\u00f3wek i zaskocz swoich go\u015bci!","breadcrumb":{"@id":"https:\/\/www.koronakarkonoszy.pl\/blog\/wesele-w-plenerze\/#breadcrumb"},"inLanguage":"pl-PL","potentialAction":[{"@type":"ReadAction","target":["https:\/\/www.koronakarkonoszy.pl\/blog\/wesele-w-plenerze\/"]}]},{"@type":"ImageObject","inLanguage":"pl-PL","@id":"https:\/\/www.koronakarkonoszy.pl\/blog\/wesele-w-plenerze\/#primaryimage","url":"https:\/\/www.koronakarkonoszy.pl\/blog\/wp-content\/uploads\/2022\/03\/julia-solonina-UTMIln3hT9o-unsplash.jpg","contentUrl":"https:\/\/www.koronakarkonoszy.pl\/blog\/wp-content\/uploads\/2022\/03\/julia-solonina-UTMIln3hT9o-unsplash.jpg","width":1920,"height":1440,"caption":"miejsca na wesele w plenerze: inspiracje"},{"@type":"BreadcrumbList","@id":"https:\/\/www.koronakarkonoszy.pl\/blog\/wesele-w-plenerze\/#breadcrumb","itemListElement":[{"@type":"ListItem","position":1,"name":"Strona g\u0142\u00f3wna","item":"https:\/\/www.koronakarkonoszy.pl\/blog\/"},{"@type":"ListItem","position":2,"name":"Wesele w plenerze &#8211; najpi\u0119kniejsze miejsca"}]},{"@type":"WebSite","@id":"https:\/\/www.koronakarkonoszy.pl\/blog\/#website","url":"https:\/\/www.koronakarkonoszy.pl\/blog\/","name":":: Blog weselny","description":"Blog weselny Dw\u00f3r Korona Karkonoszy","potentialAction":[{"@type":"SearchAction","target":{"@type":"EntryPoint","urlTemplate":"https:\/\/www.koronakarkonoszy.pl\/blog\/?s={search_term_string}"},"query-input":{"@type":"PropertyValueSpecification","valueRequired":true,"valueName":"search_term_string"}}],"inLanguage":"pl-PL"},{"@type":"Person","@id":"https:\/\/www.koronakarkonoszy.pl\/blog\/#\/schema\/person\/cb01d9f705e80f9c24e217782a53c95f","name":"justynaderen","image":{"@type":"ImageObject","inLanguage":"pl-PL","@id":"https:\/\/www.koronakarkonoszy.pl\/blog\/wp-content\/litespeed\/avatar\/5763806bb8989d32cacd1d71b31bdcf2.jpg?ver=1776839257","url":"https:\/\/www.koronakarkonoszy.pl\/blog\/wp-content\/litespeed\/avatar\/5763806bb8989d32cacd1d71b31bdcf2.jpg?ver=1776839257","contentUrl":"https:\/\/www.koronakarkonoszy.pl\/blog\/wp-content\/litespeed\/avatar\/5763806bb8989d32cacd1d71b31bdcf2.jpg?ver=1776839257","caption":"justynaderen"},"url":"https:\/\/www.koronakarkonoszy.pl\/blog\/author\/justynaderen\/"}]}},"_links":{"self":[{"href":"https:\/\/www.koronakarkonoszy.pl\/blog\/wp-json\/wp\/v2\/posts\/3499","targetHints":{"allow":["GET"]}}],"collection":[{"href":"https:\/\/www.koronakarkonoszy.pl\/blog\/wp-json\/wp\/v2\/posts"}],"about":[{"href":"https:\/\/www.koronakarkonoszy.pl\/blog\/wp-json\/wp\/v2\/types\/post"}],"author":[{"embeddable":true,"href":"https:\/\/www.koronakarkonoszy.pl\/blog\/wp-json\/wp\/v2\/users\/10"}],"replies":[{"embeddable":true,"href":"https:\/\/www.koronakarkonoszy.pl\/blog\/wp-json\/wp\/v2\/comments?post=3499"}],"version-history":[{"count":3,"href":"https:\/\/www.koronakarkonoszy.pl\/blog\/wp-json\/wp\/v2\/posts\/3499\/revisions"}],"predecessor-version":[{"id":11502,"href":"https:\/\/www.koronakarkonoszy.pl\/blog\/wp-json\/wp\/v2\/posts\/3499\/revisions\/11502"}],"wp:featuredmedia":[{"embeddable":true,"href":"https:\/\/www.koronakarkonoszy.pl\/blog\/wp-json\/wp\/v2\/media\/3500"}],"wp:attachment":[{"href":"https:\/\/www.koronakarkonoszy.pl\/blog\/wp-json\/wp\/v2\/media?parent=3499"}],"wp:term":[{"taxonomy":"category","embeddable":true,"href":"https:\/\/www.koronakarkonoszy.pl\/blog\/wp-json\/wp\/v2\/categories?post=3499"}],"curies":[{"name":"wp","href":"https:\/\/api.w.org\/{rel}","templated":true}]}}