{"id":3457,"date":"2022-03-28T07:04:00","date_gmt":"2022-03-28T05:04:00","guid":{"rendered":"https:\/\/www.koronakarkonoszy.pl\/blog\/?p=3457"},"modified":"2023-02-09T19:16:43","modified_gmt":"2023-02-09T18:16:43","slug":"zimowa-sesja-slubna","status":"publish","type":"post","link":"https:\/\/www.koronakarkonoszy.pl\/blog\/zimowa-sesja-slubna\/","title":{"rendered":"Zimowa sesja \u015blubna: ba\u015bniowe zdj\u0119cia w \u015bniegu"},"content":{"rendered":"\n<p>Zimowa sesja \u015blubna to prawdziwe wyzwanie zar\u00f3wno dla \u015bwie\u017co upieczonych ma\u0142\u017conk\u00f3w, jak i dla fotografa. W ko\u0144cu trzeba si\u0119 zmierzy\u0107 z niskimi temperaturami, opadami \u015bniegu, porywistym wiatrem. O tej porze roku zmierz zapada o wiele szybciej ni\u017c latem, co nale\u017cy uwzgl\u0119dni\u0107 przy planowaniu sesji. Z drugiej strony towarzyszy jej ba\u015bniowa, magiczna aura!<\/p>\n\n\n<div id=\"ariadna-block_622ae50134f38\" class=\"ariadna\">\r\n    <ul><li><a href=\"#h-zimowa-sesja-lubna-wybierz-malownicz-okolic\">Zimowa sesja \u015blubna: wybierz malownicz\u0105 okolic\u0119<\/a><\/li><li><a href=\"#ha-marzycie-o-basniowych-zdjeciach-z-zimowej-sesji-poslubnej\">Marzycie o ba\u015bniowych zdj\u0119ciach z&nbsp;zimowej sesji po\u015blubnej?<\/a><\/li><li><a href=\"#h-kiedy-zorganizowa-sesj-lubn-w-plenerze\">Kiedy zorganizowa\u0107 sesj\u0119 \u015blubn\u0105 w plenerze?<\/a><\/li><\/ul>\r\n<\/div>\r\n\r\n\r\n\r\n\n\n\n<h2 class=\"wp-block-heading\" id=\"h-zimowa-sesja-lubna-wybierz-malownicz-okolic\"><a><\/a>Zimowa sesja \u015blubna: wybierz malownicz\u0105 okolic\u0119<\/h2>\n\n\n\n<p>Zanim przejdziecie do szczeg\u00f3\u0142\u00f3w, poszukajcie nastrojowego miejsca na sesj\u0119 zdj\u0119ciow\u0105. Je\u015bli w drodze z ko\u015bcio\u0142a lub urz\u0119du do domu weselnego znajduje si\u0119 za\u015bnie\u017cony, pi\u0119kny park, zatrzymajcie si\u0119 na chwil\u0119, aby zrobi\u0107 zapieraj\u0105ce dech w piersiach zdj\u0119cie.<\/p>\n\n\n\n<p>Planuj\u0105c zimow\u0105 sesj\u0119 \u015blubn\u0105, nie musicie ogranicza\u0107 si\u0119 tylko do pomieszcze\u0144. Popro\u015bcie fotografa, aby zaproponowa\u0142 kilka lokalizacji. Zobaczycie, \u017ce na pewno Wam co\u015b zaproponuje. Nie martwcie si\u0119 ostrym \u015bwiat\u0142em w zimie, poniewa\u017c zachmurzone niebo o tej porze roku dzia\u0142a jak gigantyczny softbox. Dzi\u0119ki temu fotograf mo\u017ce Wam zrobi\u0107 wyj\u0105tkowe zdj\u0119cia w dowolnym miejscu.<\/p>\n\n\n<section id=\"ctaninja-block_622ae55434f39\" class=\"ctaninja\">\r\n    <div class=\"ctaninja-body\">\r\n        <h2 class=\"h1\" id=\"ha-marzycie-o-basniowych-zdjeciach-z-zimowej-sesji-poslubnej\">Marzycie o ba\u015bniowych zdj\u0119ciach z&nbsp;zimowej sesji po\u015blubnej?<\/h2>\r\n        <p>Ju\u017c dzi\u015b zarezerwujcie termin w Dworze Korona Karkonoszy!<\/p>\r\n        <div class=\"nf-container\">\r\n            <noscript class=\"ninja-forms-noscript-message\">\n\tUwaga: ta zawarto\u015b\u0107 wymaga obs\u0142ugi j\u0119zyka JavaScript.<\/noscript>\n<div id=\"nf-form-1-cont\" class=\"nf-form-cont\" aria-live=\"polite\" aria-labelledby=\"nf-form-title-1\" aria-describedby=\"nf-form-errors-1\" role=\"form\">\n\n    <div class=\"nf-loading-spinner\"><\/div>\n\n<\/div>\n        <!-- That data is being printed as a workaround to page builders reordering the order of the scripts loaded-->\n        <script>var formDisplay=1;var nfForms=nfForms||[];var form=[];form.id='1';form.settings={\"objectType\":\"Form Setting\",\"editActive\":\"\",\"title\":\"Contact Me\",\"key\":\"\",\"created_at\":\"2021-05-31 16:57:05\",\"default_label_pos\":\"above\",\"conditions\":[],\"show_title\":\"1\",\"clear_complete\":\"1\",\"hide_complete\":\"1\",\"wrapper_class\":\"\",\"element_class\":\"\",\"add_submit\":\"1\",\"logged_in\":\"\",\"not_logged_in_msg\":\"\",\"sub_limit_number\":\"\",\"sub_limit_msg\":\"\",\"calculations\":[],\"formContentData\":[{\"order\":1,\"cells\":[{\"order\":0,\"fields\":[\"email\"],\"width\":50},{\"order\":1,\"fields\":[\"wyslij_1640001513358\"],\"width\":50}]}],\"container_styles_background-color\":\"\",\"container_styles_border\":\"\",\"container_styles_border-style\":\"\",\"container_styles_border-color\":\"\",\"container_styles_color\":\"\",\"container_styles_height\":\"\",\"container_styles_width\":\"\",\"container_styles_font-size\":\"\",\"container_styles_margin\":\"\",\"container_styles_padding\":\"\",\"container_styles_display\":\"\",\"container_styles_float\":\"\",\"container_styles_show_advanced_css\":\"0\",\"container_styles_advanced\":\"\",\"title_styles_background-color\":\"\",\"title_styles_border\":\"\",\"title_styles_border-style\":\"\",\"title_styles_border-color\":\"\",\"title_styles_color\":\"\",\"title_styles_height\":\"\",\"title_styles_width\":\"\",\"title_styles_font-size\":\"\",\"title_styles_margin\":\"\",\"title_styles_padding\":\"\",\"title_styles_display\":\"\",\"title_styles_float\":\"\",\"title_styles_show_advanced_css\":\"0\",\"title_styles_advanced\":\"\",\"row_styles_background-color\":\"\",\"row_styles_border\":\"\",\"row_styles_border-style\":\"\",\"row_styles_border-color\":\"\",\"row_styles_color\":\"\",\"row_styles_height\":\"\",\"row_styles_width\":\"\",\"row_styles_font-size\":\"\",\"row_styles_margin\":\"\",\"row_styles_padding\":\"\",\"row_styles_display\":\"\",\"row_styles_show_advanced_css\":\"0\",\"row_styles_advanced\":\"\",\"row-odd_styles_background-color\":\"\",\"row-odd_styles_border\":\"\",\"row-odd_styles_border-style\":\"\",\"row-odd_styles_border-color\":\"\",\"row-odd_styles_color\":\"\",\"row-odd_styles_height\":\"\",\"row-odd_styles_width\":\"\",\"row-odd_styles_font-size\":\"\",\"row-odd_styles_margin\":\"\",\"row-odd_styles_padding\":\"\",\"row-odd_styles_display\":\"\",\"row-odd_styles_show_advanced_css\":\"0\",\"row-odd_styles_advanced\":\"\",\"success-msg_styles_background-color\":\"\",\"success-msg_styles_border\":\"\",\"success-msg_styles_border-style\":\"\",\"success-msg_styles_border-color\":\"\",\"success-msg_styles_color\":\"\",\"success-msg_styles_height\":\"\",\"success-msg_styles_width\":\"\",\"success-msg_styles_font-size\":\"\",\"success-msg_styles_margin\":\"\",\"success-msg_styles_padding\":\"\",\"success-msg_styles_display\":\"\",\"success-msg_styles_show_advanced_css\":\"0\",\"success-msg_styles_advanced\":\"\",\"error_msg_styles_background-color\":\"\",\"error_msg_styles_border\":\"\",\"error_msg_styles_border-style\":\"\",\"error_msg_styles_border-color\":\"\",\"error_msg_styles_color\":\"\",\"error_msg_styles_height\":\"\",\"error_msg_styles_width\":\"\",\"error_msg_styles_font-size\":\"\",\"error_msg_styles_margin\":\"\",\"error_msg_styles_padding\":\"\",\"error_msg_styles_display\":\"\",\"error_msg_styles_show_advanced_css\":\"0\",\"error_msg_styles_advanced\":\"\",\"allow_public_link\":0,\"embed_form\":\"\",\"currency\":\"\",\"repeatable_fieldsets\":\"\",\"unique_field_error\":\"Formularz z t\\u0105 warto\\u015bci\\u0105 zosta\\u0142 ju\\u017c przes\\u0142any.\",\"ninjaForms\":\"Ninja Forms\",\"changeEmailErrorMsg\":\"Wprowad\\u017a prawid\\u0142owy adres e-mail!\",\"changeDateErrorMsg\":\"Prosz\\u0119 wpisa\\u0107 prawid\\u0142ow\\u0105 dat\\u0119!\",\"confirmFieldErrorMsg\":\"Te pola musz\\u0105 si\\u0119 zgadza\\u0107!\",\"fieldNumberNumMinError\":\"B\\u0142\\u0105d \\u2014 liczba minimalna\",\"fieldNumberNumMaxError\":\"B\\u0142\\u0105d \\u2014 liczba maksymalna\",\"fieldNumberIncrementBy\":\"Zwi\\u0119ksz o \",\"fieldTextareaRTEInsertLink\":\"Wstaw odno\\u015bnik\",\"fieldTextareaRTEInsertMedia\":\"Wstaw media\",\"fieldTextareaRTESelectAFile\":\"Wybierz plik\",\"formErrorsCorrectErrors\":\"Popraw b\\u0142\\u0119dy, zanim prze\\u015blesz formularz.\",\"formHoneypot\":\"Je\\u015bli jeste\\u015b cz\\u0142owiekiem i widzisz to pole, nie wype\\u0142niaj go.\",\"validateRequiredField\":\"To jest wymagane pole.\",\"honeypotHoneypotError\":\"B\\u0142\\u0105d Honeypot\",\"fileUploadOldCodeFileUploadInProgress\":\"Przesy\\u0142anie pliku w toku.\",\"fileUploadOldCodeFileUpload\":\"PRZESY\\u0141ANIE PLIKU\",\"currencySymbol\":\"&#36;\",\"fieldsMarkedRequired\":\"Pola oznaczone znakiem <span class=\\\"ninja-forms-req-symbol\\\">*<\\\/span> s\\u0105 wymagane\",\"thousands_sep\":\"&nbsp;\",\"decimal_point\":\",\",\"siteLocale\":\"pl_PL\",\"dateFormat\":\"m\\\/d\\\/Y\",\"startOfWeek\":\"1\",\"of\":\"z\",\"previousMonth\":\"Poprzedni miesi\\u0105c\",\"nextMonth\":\"Nast\\u0119pny miesi\\u0105c\",\"months\":[\"Stycze\\u0144\",\"Luty\",\"Marzec\",\"Kwiecie\\u0144\",\"Maj\",\"Czerwiec\",\"Lipiec\",\"Sierpie\\u0144\",\"Wrzesie\\u0144\",\"Pa\\u017adziernik\",\"Listopad\",\"Grudzie\\u0144\"],\"monthsShort\":[\"Sty\",\"Lut\",\"Mar\",\"Kw\",\"Maj\",\"Cze\",\"Lip\",\"Sie\",\"Wrz\",\"Pa\\u017a\",\"Lis\",\"Gru\"],\"weekdays\":[\"Niedziela\",\"Poniedzia\\u0142ek\",\"Wtorek\",\"\\u015aroda\",\"Czwartek\",\"Pi\\u0105tek\",\"Sobota\"],\"weekdaysShort\":[\"Niedz\",\"Pon\",\"Wt\",\"\\u015ar\",\"Czw\",\"Pt\",\"Sob\"],\"weekdaysMin\":[\"Niedz\",\"Pon\",\"Wt\",\"\\u015ar\",\"Czw\",\"Pt\",\"Sob\"],\"recaptchaConsentMissing\":\"reCaptcha validation couldn&#039;t load.\",\"recaptchaMissingCookie\":\"reCaptcha v3 validation couldn&#039;t load the cookie needed to submit the form.\",\"recaptchaConsentEvent\":\"Accept reCaptcha cookies before sending the form.\",\"currency_symbol\":\"\",\"beforeForm\":\"\",\"beforeFields\":\"\",\"afterFields\":\"\",\"afterForm\":\"\"};form.fields=[{\"objectType\":\"Field\",\"objectDomain\":\"fields\",\"editActive\":false,\"order\":1,\"idAttribute\":\"id\",\"label\":\"Email\",\"key\":\"email\",\"type\":\"email\",\"created_at\":\"2021-05-31 16:57:06\",\"label_pos\":\"above\",\"required\":1,\"placeholder\":\"Podaj maila, skontaktujemy si\\u0119 z Tob\\u0105\",\"default\":\"\",\"wrapper_class\":\"\",\"element_class\":\"\",\"container_class\":\"\",\"admin_label\":\"\",\"help_text\":\"\",\"desc_text\":\"\",\"wrap_styles_background-color\":\"\",\"wrap_styles_border\":\"\",\"wrap_styles_border-style\":\"\",\"wrap_styles_border-color\":\"\",\"wrap_styles_color\":\"\",\"wrap_styles_height\":\"\",\"wrap_styles_width\":\"\",\"wrap_styles_font-size\":\"\",\"wrap_styles_margin\":\"\",\"wrap_styles_padding\":\"\",\"wrap_styles_display\":\"\",\"wrap_styles_float\":\"\",\"wrap_styles_show_advanced_css\":0,\"wrap_styles_advanced\":\"\",\"label_styles_background-color\":\"\",\"label_styles_border\":\"\",\"label_styles_border-style\":\"\",\"label_styles_border-color\":\"\",\"label_styles_color\":\"\",\"label_styles_height\":\"\",\"label_styles_width\":\"\",\"label_styles_font-size\":\"\",\"label_styles_margin\":\"\",\"label_styles_padding\":\"\",\"label_styles_display\":\"\",\"label_styles_float\":\"\",\"label_styles_show_advanced_css\":0,\"label_styles_advanced\":\"\",\"element_styles_background-color\":\"\",\"element_styles_border\":\"\",\"element_styles_border-style\":\"\",\"element_styles_border-color\":\"\",\"element_styles_color\":\"\",\"element_styles_height\":\"\",\"element_styles_width\":\"\",\"element_styles_font-size\":\"\",\"element_styles_margin\":\"\",\"element_styles_padding\":\"\",\"element_styles_display\":\"\",\"element_styles_float\":\"\",\"element_styles_show_advanced_css\":0,\"element_styles_advanced\":\"\",\"cellcid\":\"c3375\",\"custom_name_attribute\":\"email\",\"personally_identifiable\":1,\"value\":\"\",\"drawerDisabled\":false,\"id\":2,\"beforeField\":\"\",\"afterField\":\"\",\"parentType\":\"email\",\"element_templates\":[\"email\",\"input\"],\"old_classname\":\"\",\"wrap_template\":\"wrap\"},{\"objectType\":\"Field\",\"objectDomain\":\"fields\",\"editActive\":false,\"order\":2,\"idAttribute\":\"id\",\"label\":\"Wy\\u015blij\",\"key\":\"wyslij_1640001513358\",\"type\":\"submit\",\"created_at\":\"2021-05-31 16:57:06\",\"processing_label\":\"Wysy\\u0142anie...\",\"container_class\":\"\",\"element_class\":\"\",\"wrap_styles_background-color\":\"\",\"wrap_styles_border\":\"\",\"wrap_styles_border-style\":\"\",\"wrap_styles_border-color\":\"\",\"wrap_styles_color\":\"\",\"wrap_styles_height\":\"\",\"wrap_styles_width\":\"\",\"wrap_styles_font-size\":\"\",\"wrap_styles_margin\":\"\",\"wrap_styles_padding\":\"\",\"wrap_styles_display\":\"\",\"wrap_styles_float\":\"\",\"wrap_styles_show_advanced_css\":0,\"wrap_styles_advanced\":\"\",\"label_styles_background-color\":\"\",\"label_styles_border\":\"\",\"label_styles_border-style\":\"\",\"label_styles_border-color\":\"\",\"label_styles_color\":\"\",\"label_styles_height\":\"\",\"label_styles_width\":\"\",\"label_styles_font-size\":\"\",\"label_styles_margin\":\"\",\"label_styles_padding\":\"\",\"label_styles_display\":\"\",\"label_styles_float\":\"\",\"label_styles_show_advanced_css\":0,\"label_styles_advanced\":\"\",\"element_styles_background-color\":\"\",\"element_styles_border\":\"\",\"element_styles_border-style\":\"\",\"element_styles_border-color\":\"\",\"element_styles_color\":\"\",\"element_styles_height\":\"\",\"element_styles_width\":\"\",\"element_styles_font-size\":\"\",\"element_styles_margin\":\"\",\"element_styles_padding\":\"\",\"element_styles_display\":\"\",\"element_styles_float\":\"\",\"element_styles_show_advanced_css\":0,\"element_styles_advanced\":\"\",\"submit_element_hover_styles_background-color\":\"\",\"submit_element_hover_styles_border\":\"\",\"submit_element_hover_styles_border-style\":\"\",\"submit_element_hover_styles_border-color\":\"\",\"submit_element_hover_styles_color\":\"\",\"submit_element_hover_styles_height\":\"\",\"submit_element_hover_styles_width\":\"\",\"submit_element_hover_styles_font-size\":\"\",\"submit_element_hover_styles_margin\":\"\",\"submit_element_hover_styles_padding\":\"\",\"submit_element_hover_styles_display\":\"\",\"submit_element_hover_styles_float\":\"\",\"submit_element_hover_styles_show_advanced_css\":0,\"submit_element_hover_styles_advanced\":\"\",\"cellcid\":\"c3378\",\"drawerDisabled\":false,\"id\":4,\"beforeField\":\"\",\"afterField\":\"\",\"value\":\"\",\"label_pos\":\"above\",\"parentType\":\"textbox\",\"element_templates\":[\"submit\",\"button\",\"input\"],\"old_classname\":\"\",\"wrap_template\":\"wrap-no-label\"}];nfForms.push(form);<\/script>\n                <script id=\"nf-tmpl-cell\" type=\"text\/template\">\n            <nf-fields><\/nf-fields>\n        <\/script>\n\n        <script id=\"nf-tmpl-row\" type=\"text\/template\">\n            <nf-cells><\/nf-cells>\n        <\/script>\n\n                <\/div>\r\n    <\/div>\r\n    <div class=\"ctaninja-onm ctaninja-onm-1 rbg\"><\/div>\r\n    <div class=\"ctaninja-onm ctaninja-onm-2 rbg\"><\/div>\r\n<\/section>\n\n\n<h2 class=\"wp-block-heading\" id=\"h-kiedy-zorganizowa-sesj-lubn-w-plenerze\"><a><\/a>Kiedy zorganizowa\u0107 sesj\u0119 \u015blubn\u0105 w plenerze?<\/h2>\n\n\n\n<p>Zastanawiacie si\u0119, jak wybra\u0107 <a href=\"https:\/\/www.koronakarkonoszy.pl\/blog\/plener-weselny\/\"><u>plener weselny<\/u><\/a>? Zanim podejmiecie ostateczn\u0105 decyzj\u0119, ustalcie, jaki bud\u017cet mo\u017cecie wygospodarowa\u0107 na ten cel. Je\u015bli chcecie zorganizowa\u0107 sesj\u0119 daleko od miejsca zamieszkania, do ceny pleneru \u015blubnego doliczcie dojazd, a tak\u017ce ewentualne wy\u017cywienie i nocleg dla fotografa. <\/p>\n\n\n\n<figure class=\"wp-block-image size-large\"><img loading=\"lazy\" decoding=\"async\" width=\"1024\" height=\"682\" src=\"https:\/\/www.koronakarkonoszy.pl\/blog\/wp-content\/uploads\/2022\/03\/wedding-7003291_1280-1024x682.jpg\" alt=\"zimowa sesja \u015blubna: nowo\u017ce\u0144cy\" class=\"wp-image-3459\" srcset=\"https:\/\/www.koronakarkonoszy.pl\/blog\/wp-content\/uploads\/2022\/03\/wedding-7003291_1280-1024x682.jpg 1024w, https:\/\/www.koronakarkonoszy.pl\/blog\/wp-content\/uploads\/2022\/03\/wedding-7003291_1280-300x200.jpg 300w, https:\/\/www.koronakarkonoszy.pl\/blog\/wp-content\/uploads\/2022\/03\/wedding-7003291_1280-768x512.jpg 768w, https:\/\/www.koronakarkonoszy.pl\/blog\/wp-content\/uploads\/2022\/03\/wedding-7003291_1280.jpg 1280w\" sizes=\"auto, (max-width: 1024px) 100vw, 1024px\" \/><\/figure>\n\n\n\n<p>Aby unikn\u0105\u0107 niepotrzebnych nerw\u00f3w i zamieszania, zorganizujcie plener po \u015blubie. Ustalcie z fotografem, jaki termin najbardziej Wam odpowiada. Niekt\u00f3re pary organizuj\u0105 zimow\u0105 sesj\u0119 \u015blubn\u0105 dzie\u0144, tydzie\u0144 lub dwa tygodnie po uroczysto\u015bci.<\/p>\n","protected":false},"excerpt":{"rendered":"<p>Zimowa sesja \u015blubna to prawdziwe wyzwanie zar\u00f3wno dla \u015bwie\u017co upieczonych ma\u0142\u017conk\u00f3w, jak i dla fotografa. W ko\u0144cu trzeba si\u0119 zmierzy\u0107 z niskimi temperaturami, opadami \u015bniegu, porywistym wiatrem. O tej porze roku zmierz zapada o wiele szybciej ni\u017c latem, co nale\u017cy uwzgl\u0119dni\u0107 przy planowaniu sesji. Z drugiej strony towarzyszy jej ba\u015bniowa, magiczna aura! Zimowa sesja \u015blubna: [&hellip;]<\/p>\n","protected":false},"author":10,"featured_media":3458,"comment_status":"closed","ping_status":"closed","sticky":false,"template":"","format":"standard","meta":{"_acf_changed":false,"footnotes":""},"categories":[8,3,15],"class_list":["post-3457","post","type-post","status-publish","format-standard","has-post-thumbnail","hentry","category-stylizacje","category-trendy","category-wesela-zima"],"acf":[],"yoast_head":"<!-- This site is optimized with the Yoast SEO plugin v27.4 - https:\/\/yoast.com\/product\/yoast-seo-wordpress\/ -->\n<title>Zimowa sesja \u015blubna: ba\u015bniowe zdj\u0119cia w \u015bniegu - :: Blog weselny<\/title>\n<meta name=\"description\" content=\"Zastanawiacie si\u0119, jak mo\u017ce wygl\u0105da\u0107 wygl\u0105da\u0107 zimowa sesja \u015blubna? Szukacie wskaz\u00f3wek na co zwr\u00f3ci\u0107 szczeg\u00f3ln\u0105 uwag\u0119? Zajrzyjcie do nas!\" \/>\n<meta name=\"robots\" content=\"index, follow, max-snippet:-1, max-image-preview:large, max-video-preview:-1\" \/>\n<link rel=\"canonical\" href=\"https:\/\/www.koronakarkonoszy.pl\/blog\/zimowa-sesja-slubna\/\" \/>\n<meta property=\"og:locale\" content=\"pl_PL\" \/>\n<meta property=\"og:type\" content=\"article\" \/>\n<meta property=\"og:title\" content=\"Zimowa sesja \u015blubna: ba\u015bniowe zdj\u0119cia w \u015bniegu - :: Blog weselny\" \/>\n<meta property=\"og:description\" content=\"Zastanawiacie si\u0119, jak mo\u017ce wygl\u0105da\u0107 wygl\u0105da\u0107 zimowa sesja \u015blubna? Szukacie wskaz\u00f3wek na co zwr\u00f3ci\u0107 szczeg\u00f3ln\u0105 uwag\u0119? Zajrzyjcie do nas!\" \/>\n<meta property=\"og:url\" content=\"https:\/\/www.koronakarkonoszy.pl\/blog\/zimowa-sesja-slubna\/\" \/>\n<meta property=\"og:site_name\" content=\":: Blog weselny\" \/>\n<meta property=\"article:published_time\" content=\"2022-03-28T05:04:00+00:00\" \/>\n<meta property=\"article:modified_time\" content=\"2023-02-09T18:16:43+00:00\" \/>\n<meta property=\"og:image\" content=\"https:\/\/www.koronakarkonoszy.pl\/blog\/wp-content\/uploads\/2022\/03\/wedding-7003293_1280.jpg\" \/>\n\t<meta property=\"og:image:width\" content=\"1280\" \/>\n\t<meta property=\"og:image:height\" content=\"853\" \/>\n\t<meta property=\"og:image:type\" content=\"image\/jpeg\" \/>\n<meta name=\"author\" content=\"justynaderen\" \/>\n<meta name=\"twitter:card\" content=\"summary_large_image\" \/>\n<meta name=\"twitter:label1\" content=\"Napisane przez\" \/>\n\t<meta name=\"twitter:data1\" content=\"justynaderen\" \/>\n\t<meta name=\"twitter:label2\" content=\"Szacowany czas czytania\" \/>\n\t<meta name=\"twitter:data2\" content=\"2 minuty\" \/>\n<script type=\"application\/ld+json\" class=\"yoast-schema-graph\">{\"@context\":\"https:\\\/\\\/schema.org\",\"@graph\":[{\"@type\":\"Article\",\"@id\":\"https:\\\/\\\/www.koronakarkonoszy.pl\\\/blog\\\/zimowa-sesja-slubna\\\/#article\",\"isPartOf\":{\"@id\":\"https:\\\/\\\/www.koronakarkonoszy.pl\\\/blog\\\/zimowa-sesja-slubna\\\/\"},\"author\":{\"name\":\"justynaderen\",\"@id\":\"https:\\\/\\\/www.koronakarkonoszy.pl\\\/blog\\\/#\\\/schema\\\/person\\\/cb01d9f705e80f9c24e217782a53c95f\"},\"headline\":\"Zimowa sesja \u015blubna: ba\u015bniowe zdj\u0119cia w \u015bniegu\",\"datePublished\":\"2022-03-28T05:04:00+00:00\",\"dateModified\":\"2023-02-09T18:16:43+00:00\",\"mainEntityOfPage\":{\"@id\":\"https:\\\/\\\/www.koronakarkonoszy.pl\\\/blog\\\/zimowa-sesja-slubna\\\/\"},\"wordCount\":268,\"image\":{\"@id\":\"https:\\\/\\\/www.koronakarkonoszy.pl\\\/blog\\\/zimowa-sesja-slubna\\\/#primaryimage\"},\"thumbnailUrl\":\"https:\\\/\\\/www.koronakarkonoszy.pl\\\/blog\\\/wp-content\\\/uploads\\\/2022\\\/03\\\/wedding-7003293_1280.jpg\",\"articleSection\":[\"Stylizacje\",\"Trendy\",\"Wesele zima\"],\"inLanguage\":\"pl-PL\"},{\"@type\":\"WebPage\",\"@id\":\"https:\\\/\\\/www.koronakarkonoszy.pl\\\/blog\\\/zimowa-sesja-slubna\\\/\",\"url\":\"https:\\\/\\\/www.koronakarkonoszy.pl\\\/blog\\\/zimowa-sesja-slubna\\\/\",\"name\":\"Zimowa sesja \u015blubna: ba\u015bniowe zdj\u0119cia w \u015bniegu - :: Blog weselny\",\"isPartOf\":{\"@id\":\"https:\\\/\\\/www.koronakarkonoszy.pl\\\/blog\\\/#website\"},\"primaryImageOfPage\":{\"@id\":\"https:\\\/\\\/www.koronakarkonoszy.pl\\\/blog\\\/zimowa-sesja-slubna\\\/#primaryimage\"},\"image\":{\"@id\":\"https:\\\/\\\/www.koronakarkonoszy.pl\\\/blog\\\/zimowa-sesja-slubna\\\/#primaryimage\"},\"thumbnailUrl\":\"https:\\\/\\\/www.koronakarkonoszy.pl\\\/blog\\\/wp-content\\\/uploads\\\/2022\\\/03\\\/wedding-7003293_1280.jpg\",\"datePublished\":\"2022-03-28T05:04:00+00:00\",\"dateModified\":\"2023-02-09T18:16:43+00:00\",\"author\":{\"@id\":\"https:\\\/\\\/www.koronakarkonoszy.pl\\\/blog\\\/#\\\/schema\\\/person\\\/cb01d9f705e80f9c24e217782a53c95f\"},\"description\":\"Zastanawiacie si\u0119, jak mo\u017ce wygl\u0105da\u0107 wygl\u0105da\u0107 zimowa sesja \u015blubna? Szukacie wskaz\u00f3wek na co zwr\u00f3ci\u0107 szczeg\u00f3ln\u0105 uwag\u0119? Zajrzyjcie do nas!\",\"breadcrumb\":{\"@id\":\"https:\\\/\\\/www.koronakarkonoszy.pl\\\/blog\\\/zimowa-sesja-slubna\\\/#breadcrumb\"},\"inLanguage\":\"pl-PL\",\"potentialAction\":[{\"@type\":\"ReadAction\",\"target\":[\"https:\\\/\\\/www.koronakarkonoszy.pl\\\/blog\\\/zimowa-sesja-slubna\\\/\"]}]},{\"@type\":\"ImageObject\",\"inLanguage\":\"pl-PL\",\"@id\":\"https:\\\/\\\/www.koronakarkonoszy.pl\\\/blog\\\/zimowa-sesja-slubna\\\/#primaryimage\",\"url\":\"https:\\\/\\\/www.koronakarkonoszy.pl\\\/blog\\\/wp-content\\\/uploads\\\/2022\\\/03\\\/wedding-7003293_1280.jpg\",\"contentUrl\":\"https:\\\/\\\/www.koronakarkonoszy.pl\\\/blog\\\/wp-content\\\/uploads\\\/2022\\\/03\\\/wedding-7003293_1280.jpg\",\"width\":1280,\"height\":853,\"caption\":\"zimowa sesja \u015blubna: para m\u0142oda\"},{\"@type\":\"BreadcrumbList\",\"@id\":\"https:\\\/\\\/www.koronakarkonoszy.pl\\\/blog\\\/zimowa-sesja-slubna\\\/#breadcrumb\",\"itemListElement\":[{\"@type\":\"ListItem\",\"position\":1,\"name\":\"Strona g\u0142\u00f3wna\",\"item\":\"https:\\\/\\\/www.koronakarkonoszy.pl\\\/blog\\\/\"},{\"@type\":\"ListItem\",\"position\":2,\"name\":\"Zimowa sesja \u015blubna: ba\u015bniowe zdj\u0119cia w \u015bniegu\"}]},{\"@type\":\"WebSite\",\"@id\":\"https:\\\/\\\/www.koronakarkonoszy.pl\\\/blog\\\/#website\",\"url\":\"https:\\\/\\\/www.koronakarkonoszy.pl\\\/blog\\\/\",\"name\":\":: Blog weselny\",\"description\":\"Blog weselny Dw\u00f3r Korona Karkonoszy\",\"potentialAction\":[{\"@type\":\"SearchAction\",\"target\":{\"@type\":\"EntryPoint\",\"urlTemplate\":\"https:\\\/\\\/www.koronakarkonoszy.pl\\\/blog\\\/?s={search_term_string}\"},\"query-input\":{\"@type\":\"PropertyValueSpecification\",\"valueRequired\":true,\"valueName\":\"search_term_string\"}}],\"inLanguage\":\"pl-PL\"},{\"@type\":\"Person\",\"@id\":\"https:\\\/\\\/www.koronakarkonoszy.pl\\\/blog\\\/#\\\/schema\\\/person\\\/cb01d9f705e80f9c24e217782a53c95f\",\"name\":\"justynaderen\",\"image\":{\"@type\":\"ImageObject\",\"inLanguage\":\"pl-PL\",\"@id\":\"https:\\\/\\\/www.koronakarkonoszy.pl\\\/blog\\\/wp-content\\\/litespeed\\\/avatar\\\/5763806bb8989d32cacd1d71b31bdcf2.jpg?ver=1777444117\",\"url\":\"https:\\\/\\\/www.koronakarkonoszy.pl\\\/blog\\\/wp-content\\\/litespeed\\\/avatar\\\/5763806bb8989d32cacd1d71b31bdcf2.jpg?ver=1777444117\",\"contentUrl\":\"https:\\\/\\\/www.koronakarkonoszy.pl\\\/blog\\\/wp-content\\\/litespeed\\\/avatar\\\/5763806bb8989d32cacd1d71b31bdcf2.jpg?ver=1777444117\",\"caption\":\"justynaderen\"},\"url\":\"https:\\\/\\\/www.koronakarkonoszy.pl\\\/blog\\\/author\\\/justynaderen\\\/\"}]}<\/script>\n<!-- \/ Yoast SEO plugin. -->","yoast_head_json":{"title":"Zimowa sesja \u015blubna: ba\u015bniowe zdj\u0119cia w \u015bniegu - :: Blog weselny","description":"Zastanawiacie si\u0119, jak mo\u017ce wygl\u0105da\u0107 wygl\u0105da\u0107 zimowa sesja \u015blubna? Szukacie wskaz\u00f3wek na co zwr\u00f3ci\u0107 szczeg\u00f3ln\u0105 uwag\u0119? Zajrzyjcie do nas!","robots":{"index":"index","follow":"follow","max-snippet":"max-snippet:-1","max-image-preview":"max-image-preview:large","max-video-preview":"max-video-preview:-1"},"canonical":"https:\/\/www.koronakarkonoszy.pl\/blog\/zimowa-sesja-slubna\/","og_locale":"pl_PL","og_type":"article","og_title":"Zimowa sesja \u015blubna: ba\u015bniowe zdj\u0119cia w \u015bniegu - :: Blog weselny","og_description":"Zastanawiacie si\u0119, jak mo\u017ce wygl\u0105da\u0107 wygl\u0105da\u0107 zimowa sesja \u015blubna? Szukacie wskaz\u00f3wek na co zwr\u00f3ci\u0107 szczeg\u00f3ln\u0105 uwag\u0119? Zajrzyjcie do nas!","og_url":"https:\/\/www.koronakarkonoszy.pl\/blog\/zimowa-sesja-slubna\/","og_site_name":":: Blog weselny","article_published_time":"2022-03-28T05:04:00+00:00","article_modified_time":"2023-02-09T18:16:43+00:00","og_image":[{"width":1280,"height":853,"url":"https:\/\/www.koronakarkonoszy.pl\/blog\/wp-content\/uploads\/2022\/03\/wedding-7003293_1280.jpg","type":"image\/jpeg"}],"author":"justynaderen","twitter_card":"summary_large_image","twitter_misc":{"Napisane przez":"justynaderen","Szacowany czas czytania":"2 minuty"},"schema":{"@context":"https:\/\/schema.org","@graph":[{"@type":"Article","@id":"https:\/\/www.koronakarkonoszy.pl\/blog\/zimowa-sesja-slubna\/#article","isPartOf":{"@id":"https:\/\/www.koronakarkonoszy.pl\/blog\/zimowa-sesja-slubna\/"},"author":{"name":"justynaderen","@id":"https:\/\/www.koronakarkonoszy.pl\/blog\/#\/schema\/person\/cb01d9f705e80f9c24e217782a53c95f"},"headline":"Zimowa sesja \u015blubna: ba\u015bniowe zdj\u0119cia w \u015bniegu","datePublished":"2022-03-28T05:04:00+00:00","dateModified":"2023-02-09T18:16:43+00:00","mainEntityOfPage":{"@id":"https:\/\/www.koronakarkonoszy.pl\/blog\/zimowa-sesja-slubna\/"},"wordCount":268,"image":{"@id":"https:\/\/www.koronakarkonoszy.pl\/blog\/zimowa-sesja-slubna\/#primaryimage"},"thumbnailUrl":"https:\/\/www.koronakarkonoszy.pl\/blog\/wp-content\/uploads\/2022\/03\/wedding-7003293_1280.jpg","articleSection":["Stylizacje","Trendy","Wesele zima"],"inLanguage":"pl-PL"},{"@type":"WebPage","@id":"https:\/\/www.koronakarkonoszy.pl\/blog\/zimowa-sesja-slubna\/","url":"https:\/\/www.koronakarkonoszy.pl\/blog\/zimowa-sesja-slubna\/","name":"Zimowa sesja \u015blubna: ba\u015bniowe zdj\u0119cia w \u015bniegu - :: Blog weselny","isPartOf":{"@id":"https:\/\/www.koronakarkonoszy.pl\/blog\/#website"},"primaryImageOfPage":{"@id":"https:\/\/www.koronakarkonoszy.pl\/blog\/zimowa-sesja-slubna\/#primaryimage"},"image":{"@id":"https:\/\/www.koronakarkonoszy.pl\/blog\/zimowa-sesja-slubna\/#primaryimage"},"thumbnailUrl":"https:\/\/www.koronakarkonoszy.pl\/blog\/wp-content\/uploads\/2022\/03\/wedding-7003293_1280.jpg","datePublished":"2022-03-28T05:04:00+00:00","dateModified":"2023-02-09T18:16:43+00:00","author":{"@id":"https:\/\/www.koronakarkonoszy.pl\/blog\/#\/schema\/person\/cb01d9f705e80f9c24e217782a53c95f"},"description":"Zastanawiacie si\u0119, jak mo\u017ce wygl\u0105da\u0107 wygl\u0105da\u0107 zimowa sesja \u015blubna? Szukacie wskaz\u00f3wek na co zwr\u00f3ci\u0107 szczeg\u00f3ln\u0105 uwag\u0119? Zajrzyjcie do nas!","breadcrumb":{"@id":"https:\/\/www.koronakarkonoszy.pl\/blog\/zimowa-sesja-slubna\/#breadcrumb"},"inLanguage":"pl-PL","potentialAction":[{"@type":"ReadAction","target":["https:\/\/www.koronakarkonoszy.pl\/blog\/zimowa-sesja-slubna\/"]}]},{"@type":"ImageObject","inLanguage":"pl-PL","@id":"https:\/\/www.koronakarkonoszy.pl\/blog\/zimowa-sesja-slubna\/#primaryimage","url":"https:\/\/www.koronakarkonoszy.pl\/blog\/wp-content\/uploads\/2022\/03\/wedding-7003293_1280.jpg","contentUrl":"https:\/\/www.koronakarkonoszy.pl\/blog\/wp-content\/uploads\/2022\/03\/wedding-7003293_1280.jpg","width":1280,"height":853,"caption":"zimowa sesja \u015blubna: para m\u0142oda"},{"@type":"BreadcrumbList","@id":"https:\/\/www.koronakarkonoszy.pl\/blog\/zimowa-sesja-slubna\/#breadcrumb","itemListElement":[{"@type":"ListItem","position":1,"name":"Strona g\u0142\u00f3wna","item":"https:\/\/www.koronakarkonoszy.pl\/blog\/"},{"@type":"ListItem","position":2,"name":"Zimowa sesja \u015blubna: ba\u015bniowe zdj\u0119cia w \u015bniegu"}]},{"@type":"WebSite","@id":"https:\/\/www.koronakarkonoszy.pl\/blog\/#website","url":"https:\/\/www.koronakarkonoszy.pl\/blog\/","name":":: Blog weselny","description":"Blog weselny Dw\u00f3r Korona Karkonoszy","potentialAction":[{"@type":"SearchAction","target":{"@type":"EntryPoint","urlTemplate":"https:\/\/www.koronakarkonoszy.pl\/blog\/?s={search_term_string}"},"query-input":{"@type":"PropertyValueSpecification","valueRequired":true,"valueName":"search_term_string"}}],"inLanguage":"pl-PL"},{"@type":"Person","@id":"https:\/\/www.koronakarkonoszy.pl\/blog\/#\/schema\/person\/cb01d9f705e80f9c24e217782a53c95f","name":"justynaderen","image":{"@type":"ImageObject","inLanguage":"pl-PL","@id":"https:\/\/www.koronakarkonoszy.pl\/blog\/wp-content\/litespeed\/avatar\/5763806bb8989d32cacd1d71b31bdcf2.jpg?ver=1777444117","url":"https:\/\/www.koronakarkonoszy.pl\/blog\/wp-content\/litespeed\/avatar\/5763806bb8989d32cacd1d71b31bdcf2.jpg?ver=1777444117","contentUrl":"https:\/\/www.koronakarkonoszy.pl\/blog\/wp-content\/litespeed\/avatar\/5763806bb8989d32cacd1d71b31bdcf2.jpg?ver=1777444117","caption":"justynaderen"},"url":"https:\/\/www.koronakarkonoszy.pl\/blog\/author\/justynaderen\/"}]}},"_links":{"self":[{"href":"https:\/\/www.koronakarkonoszy.pl\/blog\/wp-json\/wp\/v2\/posts\/3457","targetHints":{"allow":["GET"]}}],"collection":[{"href":"https:\/\/www.koronakarkonoszy.pl\/blog\/wp-json\/wp\/v2\/posts"}],"about":[{"href":"https:\/\/www.koronakarkonoszy.pl\/blog\/wp-json\/wp\/v2\/types\/post"}],"author":[{"embeddable":true,"href":"https:\/\/www.koronakarkonoszy.pl\/blog\/wp-json\/wp\/v2\/users\/10"}],"replies":[{"embeddable":true,"href":"https:\/\/www.koronakarkonoszy.pl\/blog\/wp-json\/wp\/v2\/comments?post=3457"}],"version-history":[{"count":0,"href":"https:\/\/www.koronakarkonoszy.pl\/blog\/wp-json\/wp\/v2\/posts\/3457\/revisions"}],"wp:featuredmedia":[{"embeddable":true,"href":"https:\/\/www.koronakarkonoszy.pl\/blog\/wp-json\/wp\/v2\/media\/3458"}],"wp:attachment":[{"href":"https:\/\/www.koronakarkonoszy.pl\/blog\/wp-json\/wp\/v2\/media?parent=3457"}],"wp:term":[{"taxonomy":"category","embeddable":true,"href":"https:\/\/www.koronakarkonoszy.pl\/blog\/wp-json\/wp\/v2\/categories?post=3457"}],"curies":[{"name":"wp","href":"https:\/\/api.w.org\/{rel}","templated":true}]}}