{"id":340,"date":"2020-01-12T21:48:00","date_gmt":"2020-01-12T20:48:00","guid":{"rendered":"https:\/\/www.koronakarkonoszy.pl\/blog\/?p=340"},"modified":"2023-02-09T19:49:55","modified_gmt":"2023-02-09T18:49:55","slug":"4-pory-roku-czyli-sezon-weselny-non-stop","status":"publish","type":"post","link":"https:\/\/www.koronakarkonoszy.pl\/blog\/4-pory-roku-czyli-sezon-weselny-non-stop\/","title":{"rendered":"4 pory roku, czyli sezon weselny non stop"},"content":{"rendered":"\n<p><strong>Niew\u0105tpliwie najpopularniejszy sezon weselny w\u015br\u00f3d M\u0142odych Par to wci\u0105\u017c lato. Ka\u017cda Panna M\u0142oda marzy aby pokaza\u0107 si\u0119 w pe\u0142nej krasie i okaza\u0142o\u015bci, za\u0142o\u017cy\u0107 pi\u0119kn\u0105 sukni\u0119, i b\u0142yszcze\u0107 w blasku s\u0142o\u0144ca. Wiele par nie chce nawet s\u0142ysze\u0107 o braniu \u015blubu wczesn\u0105 wiosn\u0105, p\u00f3\u017an\u0105 jesieni\u0105, nie wspominaj\u0105c o zimie. A tak naprawd\u0119 wesele odbywa\u0107 si\u0119 mo\u017ce o ka\u017cdej porze roku. A wesele w zimie mo\u017ce by\u0107 r\u00f3wnie pi\u0119kne co w \u015brodku lata.<\/strong> <\/p>\n\n\n<div id=\"ariadna-block_60eca20eda547\" class=\"ariadna\">\r\n    <ul><li><a href=\"#h-sezon-weselny\">Sezon weselny<\/a><\/li><li><a href=\"#h-wesele-jesieni\">Wesele jesieni\u0105<\/a><\/li><li><a href=\"#ha-marzysz-o-weselu-ale-przeraza-cie-organizacja\">Marzysz o weselu, ale przera\u017ca Ci\u0119 organizacja?<\/a><\/li><li><a href=\"#h-wiosna-sezon-weselny-czas-start\">Wiosna &#8211; sezon weselny czas start<\/a><\/li><\/ul>\r\n<\/div>\r\n\r\n\r\n\r\n\n\n\n<h2 class=\"wp-block-heading\" id=\"h-sezon-weselny\">Sezon weselny <\/h2>\n\n\n\n<p>Wyobra\u017amy sobie romantycznie wiruj\u0105ce p\u0142atki bia\u0142ego puchu, Panna M\u0142oda niczym kr\u00f3lowa \u015bniegu na saniach i w bia\u0142ym futrze, dooko\u0142a nastr\u00f3j wr\u0119cz bajkowy, wsz\u0119dzie lampiony i pi\u0119knie rozstawione pochodnie. P\u0142omie\u0144 ogniska widoczny jest ju\u017c z daleka. Podchodz\u0105c bli\u017cej czujemy przyjemne ciep\u0142o, mimo \u017ce pod nogami skrzypi \u015bnieg. Na przywitanie go\u015bcie cz\u0119stowani s\u0105 grzanym winem w\u0142asnej receptury. Po zaspokojeniu pierwszego pragnienia czas na przystawk\u0119: pieczone kie\u0142baski, ziemniaczki a dla naprawd\u0119 g\u0142odnych piecze\u0144 z dzika. Po ma\u0142ym co nieco zapraszamy do naszego baru lodowego, gdzie drinki serwowane s\u0105 w szklaneczkach wykonanych z lodu!!!! <\/p>\n\n\n<section id=\"leonardo-block_60eca1c9da546\" class=\"leonardo page-breaker leonardo-image-right\">\r\n    <div class=\"leonardo-body\">\r\n                <div class=\"leonardo-content\"><p>P\u00f3\u017anym wieczorem przenosimy si\u0119 na moment do Laponii, gdy\u017c po p\u00f3\u0142nocy zaplanowany jest pokaz rze\u017abienia w bry\u0142ach lodu, co na wszystkich go\u015bciach musi robi\u0107 wra\u017cenie. Ten akcent na pewn\u0105 doceni\u0105 te\u017c dzieci, zar\u00f3wno te m\u0142odsze, jak i nieco starsze. Po mi\u0142ych atrakcjach na zewn\u0105trz zapraszamy go\u015bci do naszego dworu, gdzie wita ich ciep\u0142o kominka oraz mi\u0142y p\u00f3\u0142mrok \u015bwiec. Jest nastrojowo, romantycznie, \u015bwi\u0105tecznie. Przewa\u017caj\u0105 kolory z\u0142ota, srebra, z nut\u0105 bieli i czerwieni\u2026. Tak w\u0142a\u015bnie mo\u017ce wygl\u0105da\u0107\u00a0<a href=\"https:\/\/www.koronakarkonoszy.pl\/blog\/uroki-zimowego-wesela\/\">wesele zim\u0105<\/a>\u2026 Wesele jak z bajki!<\/p>\n<\/div>\r\n            <\/div>\r\n    <div class=\"leonardo-image\">\r\n        <img loading=\"lazy\" decoding=\"async\" width=\"640\" height=\"427\" src=\"https:\/\/www.koronakarkonoszy.pl\/blog\/wp-content\/uploads\/2021\/07\/wesele-zimowe.jpg\" class=\"attachment-full size-full\" alt=\"Wesele zimowe\" srcset=\"https:\/\/www.koronakarkonoszy.pl\/blog\/wp-content\/uploads\/2021\/07\/wesele-zimowe.jpg 640w, https:\/\/www.koronakarkonoszy.pl\/blog\/wp-content\/uploads\/2021\/07\/wesele-zimowe-300x200.jpg 300w\" sizes=\"auto, (max-width: 640px) 100vw, 640px\" \/>            <\/div>\r\n<\/section>\n\n\n<h2 class=\"wp-block-heading\" id=\"h-wesele-jesieni\">Wesele jesieni\u0105<\/h2>\n\n\n\n<p>Jesieni\u0105 zaurocz\u0105 nas wiruj\u0105ce dooko\u0142a r\u00f3\u017cnokolorowe li\u015bcie. To najpi\u0119kniejszy miesi\u0105c na wspania\u0142\u0105 sesj\u0119 \u015blubn\u0105! Feeria barw jesiennych Karkonoszy jest niczym obraz impresjonistycznego artysty. <\/p>\n\n\n<section id=\"leonardo-block_60ec9f2dda544\" class=\"leonardo page-breaker leonardo-image-right\">\r\n    <div class=\"leonardo-body\">\r\n                <div class=\"leonardo-content\"><p>Przyjemne promyki s\u0142o\u0144ca otulaj\u0105ce Par\u0119 M\u0142od\u0105, a w tle niezapomniane widoki i niesamowita sceneria g\u00f3r zachwyc\u0105 ka\u017cdego. Jak dodaje eskpertka weselna Joanna Hoc-Kopiej: &#8222;Wieczorem mo\u017cna przechadza\u0107 si\u0119 po pi\u0119knie pod\u015bwietlonym ogrodzie z fili\u017cank\u0105 herbaty lub lampk\u0105 wina. Mimo, \u017ce miesi\u0105ce jesienne potrafi\u0105 by\u0107 zaskakuj\u0105co ciep\u0142e, aby nic nie popsu\u0142o podziwiania widok\u00f3w i przebywania w plenerze, go\u015bcie powinni pami\u0119ta\u0107 o wierzchnim okryciu. O tej porze roku zwykle jest przyjemnie ciep\u0142o, ale nie upalnie \u2013 co mo\u017ce by\u0107 du\u017cym plusem dla os\u00f3b starszych i dzieci&#8221;.<\/p>\n<\/div>\r\n            <\/div>\r\n    <div class=\"leonardo-image\">\r\n        <img loading=\"lazy\" decoding=\"async\" width=\"800\" height=\"534\" src=\"https:\/\/www.koronakarkonoszy.pl\/blog\/wp-content\/uploads\/2021\/07\/wesele-jesienia.jpg\" class=\"attachment-full size-full\" alt=\"Wesele jesieni\u0105\" srcset=\"https:\/\/www.koronakarkonoszy.pl\/blog\/wp-content\/uploads\/2021\/07\/wesele-jesienia.jpg 800w, https:\/\/www.koronakarkonoszy.pl\/blog\/wp-content\/uploads\/2021\/07\/wesele-jesienia-300x200.jpg 300w, https:\/\/www.koronakarkonoszy.pl\/blog\/wp-content\/uploads\/2021\/07\/wesele-jesienia-768x513.jpg 768w\" sizes=\"auto, (max-width: 800px) 100vw, 800px\" \/>            <\/div>\r\n<\/section>\n\n\n<p>Panna M\u0142oda w okresie jesiennym ma okazj\u0119 do zaprezentowania nie tylko pi\u0119knej sukni, ale te\u017c bolerka czy pelerynki. Natomiast p\u00f3\u017an\u0105 zim\u0105 ciep\u0142ego p\u0142aszczyka. W razie niepogody mo\u017cna zaopatrzy\u0107 si\u0119 dodatkowo w specjalny, stylowy parasol \u015blubny, kt\u00f3ry bez trudu nab\u0119dziemy w wielu salonach i butikach.<\/p>\n\n\n<section id=\"ctaninja-block_60eca21dda548\" class=\"ctaninja\">\r\n    <div class=\"ctaninja-body\">\r\n        <h2 class=\"h1\" id=\"ha-marzysz-o-weselu-ale-przeraza-cie-organizacja\">Marzysz o weselu, ale przera\u017ca Ci\u0119 organizacja?<\/h2>\r\n        <p>Jeste\u015b w dobrych r\u0119kach. Wszystkim si\u0119 zajmiemy. <\/p>\r\n        <div class=\"nf-container\">\r\n            <noscript class=\"ninja-forms-noscript-message\">\n\tUwaga: ta zawarto\u015b\u0107 wymaga obs\u0142ugi j\u0119zyka JavaScript.<\/noscript>\n<div id=\"nf-form-1-cont\" class=\"nf-form-cont\" aria-live=\"polite\" aria-labelledby=\"nf-form-title-1\" aria-describedby=\"nf-form-errors-1\" role=\"form\">\n\n    <div class=\"nf-loading-spinner\"><\/div>\n\n<\/div>\n        <!-- That data is being printed as a workaround to page builders reordering the order of the scripts loaded-->\n        <script>var formDisplay=1;var nfForms=nfForms||[];var form=[];form.id='1';form.settings={\"objectType\":\"Form Setting\",\"editActive\":\"\",\"title\":\"Contact Me\",\"key\":\"\",\"created_at\":\"2021-05-31 16:57:05\",\"default_label_pos\":\"above\",\"conditions\":[],\"show_title\":\"1\",\"clear_complete\":\"1\",\"hide_complete\":\"1\",\"wrapper_class\":\"\",\"element_class\":\"\",\"add_submit\":\"1\",\"logged_in\":\"\",\"not_logged_in_msg\":\"\",\"sub_limit_number\":\"\",\"sub_limit_msg\":\"\",\"calculations\":[],\"formContentData\":[{\"order\":1,\"cells\":[{\"order\":0,\"fields\":[\"email\"],\"width\":50},{\"order\":1,\"fields\":[\"wyslij_1640001513358\"],\"width\":50}]}],\"container_styles_background-color\":\"\",\"container_styles_border\":\"\",\"container_styles_border-style\":\"\",\"container_styles_border-color\":\"\",\"container_styles_color\":\"\",\"container_styles_height\":\"\",\"container_styles_width\":\"\",\"container_styles_font-size\":\"\",\"container_styles_margin\":\"\",\"container_styles_padding\":\"\",\"container_styles_display\":\"\",\"container_styles_float\":\"\",\"container_styles_show_advanced_css\":\"0\",\"container_styles_advanced\":\"\",\"title_styles_background-color\":\"\",\"title_styles_border\":\"\",\"title_styles_border-style\":\"\",\"title_styles_border-color\":\"\",\"title_styles_color\":\"\",\"title_styles_height\":\"\",\"title_styles_width\":\"\",\"title_styles_font-size\":\"\",\"title_styles_margin\":\"\",\"title_styles_padding\":\"\",\"title_styles_display\":\"\",\"title_styles_float\":\"\",\"title_styles_show_advanced_css\":\"0\",\"title_styles_advanced\":\"\",\"row_styles_background-color\":\"\",\"row_styles_border\":\"\",\"row_styles_border-style\":\"\",\"row_styles_border-color\":\"\",\"row_styles_color\":\"\",\"row_styles_height\":\"\",\"row_styles_width\":\"\",\"row_styles_font-size\":\"\",\"row_styles_margin\":\"\",\"row_styles_padding\":\"\",\"row_styles_display\":\"\",\"row_styles_show_advanced_css\":\"0\",\"row_styles_advanced\":\"\",\"row-odd_styles_background-color\":\"\",\"row-odd_styles_border\":\"\",\"row-odd_styles_border-style\":\"\",\"row-odd_styles_border-color\":\"\",\"row-odd_styles_color\":\"\",\"row-odd_styles_height\":\"\",\"row-odd_styles_width\":\"\",\"row-odd_styles_font-size\":\"\",\"row-odd_styles_margin\":\"\",\"row-odd_styles_padding\":\"\",\"row-odd_styles_display\":\"\",\"row-odd_styles_show_advanced_css\":\"0\",\"row-odd_styles_advanced\":\"\",\"success-msg_styles_background-color\":\"\",\"success-msg_styles_border\":\"\",\"success-msg_styles_border-style\":\"\",\"success-msg_styles_border-color\":\"\",\"success-msg_styles_color\":\"\",\"success-msg_styles_height\":\"\",\"success-msg_styles_width\":\"\",\"success-msg_styles_font-size\":\"\",\"success-msg_styles_margin\":\"\",\"success-msg_styles_padding\":\"\",\"success-msg_styles_display\":\"\",\"success-msg_styles_show_advanced_css\":\"0\",\"success-msg_styles_advanced\":\"\",\"error_msg_styles_background-color\":\"\",\"error_msg_styles_border\":\"\",\"error_msg_styles_border-style\":\"\",\"error_msg_styles_border-color\":\"\",\"error_msg_styles_color\":\"\",\"error_msg_styles_height\":\"\",\"error_msg_styles_width\":\"\",\"error_msg_styles_font-size\":\"\",\"error_msg_styles_margin\":\"\",\"error_msg_styles_padding\":\"\",\"error_msg_styles_display\":\"\",\"error_msg_styles_show_advanced_css\":\"0\",\"error_msg_styles_advanced\":\"\",\"allow_public_link\":0,\"embed_form\":\"\",\"currency\":\"\",\"repeatable_fieldsets\":\"\",\"unique_field_error\":\"Formularz z t\\u0105 warto\\u015bci\\u0105 zosta\\u0142 ju\\u017c przes\\u0142any.\",\"ninjaForms\":\"Ninja Forms\",\"changeEmailErrorMsg\":\"Wprowad\\u017a prawid\\u0142owy adres e-mail!\",\"changeDateErrorMsg\":\"Prosz\\u0119 wpisa\\u0107 prawid\\u0142ow\\u0105 dat\\u0119!\",\"confirmFieldErrorMsg\":\"Te pola musz\\u0105 si\\u0119 zgadza\\u0107!\",\"fieldNumberNumMinError\":\"B\\u0142\\u0105d \\u2014 liczba minimalna\",\"fieldNumberNumMaxError\":\"B\\u0142\\u0105d \\u2014 liczba maksymalna\",\"fieldNumberIncrementBy\":\"Zwi\\u0119ksz o \",\"fieldTextareaRTEInsertLink\":\"Wstaw odno\\u015bnik\",\"fieldTextareaRTEInsertMedia\":\"Wstaw media\",\"fieldTextareaRTESelectAFile\":\"Wybierz plik\",\"formErrorsCorrectErrors\":\"Popraw b\\u0142\\u0119dy, zanim prze\\u015blesz formularz.\",\"formHoneypot\":\"Je\\u015bli jeste\\u015b cz\\u0142owiekiem i widzisz to pole, nie wype\\u0142niaj go.\",\"validateRequiredField\":\"To jest wymagane pole.\",\"honeypotHoneypotError\":\"B\\u0142\\u0105d Honeypot\",\"fileUploadOldCodeFileUploadInProgress\":\"Przesy\\u0142anie pliku w toku.\",\"fileUploadOldCodeFileUpload\":\"PRZESY\\u0141ANIE PLIKU\",\"currencySymbol\":\"&#36;\",\"fieldsMarkedRequired\":\"Pola oznaczone znakiem <span class=\\\"ninja-forms-req-symbol\\\">*<\\\/span> s\\u0105 wymagane\",\"thousands_sep\":\"&nbsp;\",\"decimal_point\":\",\",\"siteLocale\":\"pl_PL\",\"dateFormat\":\"m\\\/d\\\/Y\",\"startOfWeek\":\"1\",\"of\":\"z\",\"previousMonth\":\"Poprzedni miesi\\u0105c\",\"nextMonth\":\"Nast\\u0119pny miesi\\u0105c\",\"months\":[\"Stycze\\u0144\",\"Luty\",\"Marzec\",\"Kwiecie\\u0144\",\"Maj\",\"Czerwiec\",\"Lipiec\",\"Sierpie\\u0144\",\"Wrzesie\\u0144\",\"Pa\\u017adziernik\",\"Listopad\",\"Grudzie\\u0144\"],\"monthsShort\":[\"Sty\",\"Lut\",\"Mar\",\"Kw\",\"Maj\",\"Cze\",\"Lip\",\"Sie\",\"Wrz\",\"Pa\\u017a\",\"Lis\",\"Gru\"],\"weekdays\":[\"Niedziela\",\"Poniedzia\\u0142ek\",\"Wtorek\",\"\\u015aroda\",\"Czwartek\",\"Pi\\u0105tek\",\"Sobota\"],\"weekdaysShort\":[\"Niedz\",\"Pon\",\"Wt\",\"\\u015ar\",\"Czw\",\"Pt\",\"Sob\"],\"weekdaysMin\":[\"Niedz\",\"Pon\",\"Wt\",\"\\u015ar\",\"Czw\",\"Pt\",\"Sob\"],\"recaptchaConsentMissing\":\"reCaptcha validation couldn&#039;t load.\",\"recaptchaMissingCookie\":\"reCaptcha v3 validation couldn&#039;t load the cookie needed to submit the form.\",\"recaptchaConsentEvent\":\"Accept reCaptcha cookies before sending the form.\",\"currency_symbol\":\"\",\"beforeForm\":\"\",\"beforeFields\":\"\",\"afterFields\":\"\",\"afterForm\":\"\"};form.fields=[{\"objectType\":\"Field\",\"objectDomain\":\"fields\",\"editActive\":false,\"order\":1,\"idAttribute\":\"id\",\"label\":\"Email\",\"key\":\"email\",\"type\":\"email\",\"created_at\":\"2021-05-31 16:57:06\",\"label_pos\":\"above\",\"required\":1,\"placeholder\":\"Podaj maila, skontaktujemy si\\u0119 z Tob\\u0105\",\"default\":\"\",\"wrapper_class\":\"\",\"element_class\":\"\",\"container_class\":\"\",\"admin_label\":\"\",\"help_text\":\"\",\"desc_text\":\"\",\"wrap_styles_background-color\":\"\",\"wrap_styles_border\":\"\",\"wrap_styles_border-style\":\"\",\"wrap_styles_border-color\":\"\",\"wrap_styles_color\":\"\",\"wrap_styles_height\":\"\",\"wrap_styles_width\":\"\",\"wrap_styles_font-size\":\"\",\"wrap_styles_margin\":\"\",\"wrap_styles_padding\":\"\",\"wrap_styles_display\":\"\",\"wrap_styles_float\":\"\",\"wrap_styles_show_advanced_css\":0,\"wrap_styles_advanced\":\"\",\"label_styles_background-color\":\"\",\"label_styles_border\":\"\",\"label_styles_border-style\":\"\",\"label_styles_border-color\":\"\",\"label_styles_color\":\"\",\"label_styles_height\":\"\",\"label_styles_width\":\"\",\"label_styles_font-size\":\"\",\"label_styles_margin\":\"\",\"label_styles_padding\":\"\",\"label_styles_display\":\"\",\"label_styles_float\":\"\",\"label_styles_show_advanced_css\":0,\"label_styles_advanced\":\"\",\"element_styles_background-color\":\"\",\"element_styles_border\":\"\",\"element_styles_border-style\":\"\",\"element_styles_border-color\":\"\",\"element_styles_color\":\"\",\"element_styles_height\":\"\",\"element_styles_width\":\"\",\"element_styles_font-size\":\"\",\"element_styles_margin\":\"\",\"element_styles_padding\":\"\",\"element_styles_display\":\"\",\"element_styles_float\":\"\",\"element_styles_show_advanced_css\":0,\"element_styles_advanced\":\"\",\"cellcid\":\"c3375\",\"custom_name_attribute\":\"email\",\"personally_identifiable\":1,\"value\":\"\",\"drawerDisabled\":false,\"id\":2,\"beforeField\":\"\",\"afterField\":\"\",\"parentType\":\"email\",\"element_templates\":[\"email\",\"input\"],\"old_classname\":\"\",\"wrap_template\":\"wrap\"},{\"objectType\":\"Field\",\"objectDomain\":\"fields\",\"editActive\":false,\"order\":2,\"idAttribute\":\"id\",\"label\":\"Wy\\u015blij\",\"key\":\"wyslij_1640001513358\",\"type\":\"submit\",\"created_at\":\"2021-05-31 16:57:06\",\"processing_label\":\"Wysy\\u0142anie...\",\"container_class\":\"\",\"element_class\":\"\",\"wrap_styles_background-color\":\"\",\"wrap_styles_border\":\"\",\"wrap_styles_border-style\":\"\",\"wrap_styles_border-color\":\"\",\"wrap_styles_color\":\"\",\"wrap_styles_height\":\"\",\"wrap_styles_width\":\"\",\"wrap_styles_font-size\":\"\",\"wrap_styles_margin\":\"\",\"wrap_styles_padding\":\"\",\"wrap_styles_display\":\"\",\"wrap_styles_float\":\"\",\"wrap_styles_show_advanced_css\":0,\"wrap_styles_advanced\":\"\",\"label_styles_background-color\":\"\",\"label_styles_border\":\"\",\"label_styles_border-style\":\"\",\"label_styles_border-color\":\"\",\"label_styles_color\":\"\",\"label_styles_height\":\"\",\"label_styles_width\":\"\",\"label_styles_font-size\":\"\",\"label_styles_margin\":\"\",\"label_styles_padding\":\"\",\"label_styles_display\":\"\",\"label_styles_float\":\"\",\"label_styles_show_advanced_css\":0,\"label_styles_advanced\":\"\",\"element_styles_background-color\":\"\",\"element_styles_border\":\"\",\"element_styles_border-style\":\"\",\"element_styles_border-color\":\"\",\"element_styles_color\":\"\",\"element_styles_height\":\"\",\"element_styles_width\":\"\",\"element_styles_font-size\":\"\",\"element_styles_margin\":\"\",\"element_styles_padding\":\"\",\"element_styles_display\":\"\",\"element_styles_float\":\"\",\"element_styles_show_advanced_css\":0,\"element_styles_advanced\":\"\",\"submit_element_hover_styles_background-color\":\"\",\"submit_element_hover_styles_border\":\"\",\"submit_element_hover_styles_border-style\":\"\",\"submit_element_hover_styles_border-color\":\"\",\"submit_element_hover_styles_color\":\"\",\"submit_element_hover_styles_height\":\"\",\"submit_element_hover_styles_width\":\"\",\"submit_element_hover_styles_font-size\":\"\",\"submit_element_hover_styles_margin\":\"\",\"submit_element_hover_styles_padding\":\"\",\"submit_element_hover_styles_display\":\"\",\"submit_element_hover_styles_float\":\"\",\"submit_element_hover_styles_show_advanced_css\":0,\"submit_element_hover_styles_advanced\":\"\",\"cellcid\":\"c3378\",\"drawerDisabled\":false,\"id\":4,\"beforeField\":\"\",\"afterField\":\"\",\"value\":\"\",\"label_pos\":\"above\",\"parentType\":\"textbox\",\"element_templates\":[\"submit\",\"button\",\"input\"],\"old_classname\":\"\",\"wrap_template\":\"wrap-no-label\"}];nfForms.push(form);<\/script>\n                <script id=\"nf-tmpl-cell\" type=\"text\/template\">\n            <nf-fields><\/nf-fields>\n        <\/script>\n\n        <script id=\"nf-tmpl-row\" type=\"text\/template\">\n            <nf-cells><\/nf-cells>\n        <\/script>\n\n                <\/div>\r\n    <\/div>\r\n    <div class=\"ctaninja-onm ctaninja-onm-1 rbg\"><\/div>\r\n    <div class=\"ctaninja-onm ctaninja-onm-2 rbg\"><\/div>\r\n<\/section>\n\n\n<h2 class=\"wp-block-heading\" id=\"h-wiosna-sezon-weselny-czas-start\">Wiosna &#8211; sezon weselny czas start<\/h2>\n\n\n\n<p>\u201eWiosna, wiosna, wiosna ach to Ty\u201d &#8211; \u015bpiewa\u0142 Marek Grechuta. O tej porze roku wszystko budzi si\u0119 do \u017cycia. Kwitn\u0105ce krzewy i kwiaty tworz\u0105 jedyn\u0105 w swoim rodzaju atmosfer\u0119. Pierwsze p\u0105ki na drzewach, \u015bpiew ptak\u00f3w, s\u0142o\u0144ce nie\u015bmia\u0142o wychodz\u0105ce zza chmur.<\/p>\n\n\n<section id=\"leonardo-block_60ec9f84da545\" class=\"leonardo page-breaker leonardo-image-left\">\r\n    <div class=\"leonardo-body\">\r\n                <div class=\"leonardo-content\"><p>Wiosna to nowe \u017cycie, a wi\u0119c idealny czas na ma\u0142\u017ce\u0144stwo i now\u0105 drog\u0119 \u017cycia. Panna M\u0142oda mo\u017ce zamiast welonu za\u0142o\u017cy\u0107 wianek z kwiat\u00f3w, a sukienka mo\u017ce by\u0107 bardziej dziewcz\u0119ca, z wi\u0119ksz\u0105 ilo\u015bci\u0105 kokardek i falbanek. Tradycja m\u00f3wi tak\u017ce, \u017ce jednym z najlepszych moment\u00f3w na zawarcie zwi\u0105zku ma\u0142\u017ce\u0144skiego jest Wielkanoc, nic wi\u0119c dziwnego, \u017ce okres wiosenny to po lecie najbardziej popularny termin. Wiosna to tak\u017ce czas zakochanych, co r\u00f3wnie\u017c dobrze wr\u00f3\u017cy naszemu zwi\u0105zkowi w dalszej perspektywie \ud83d\ude42<\/p>\n<\/div>\r\n            <\/div>\r\n    <div class=\"leonardo-image\">\r\n        <img loading=\"lazy\" decoding=\"async\" width=\"800\" height=\"534\" src=\"https:\/\/www.koronakarkonoszy.pl\/blog\/wp-content\/uploads\/2021\/07\/wesele-wiosna.jpg\" class=\"attachment-full size-full\" alt=\"Wesele wiosn\u0105\" srcset=\"https:\/\/www.koronakarkonoszy.pl\/blog\/wp-content\/uploads\/2021\/07\/wesele-wiosna.jpg 800w, https:\/\/www.koronakarkonoszy.pl\/blog\/wp-content\/uploads\/2021\/07\/wesele-wiosna-300x200.jpg 300w, https:\/\/www.koronakarkonoszy.pl\/blog\/wp-content\/uploads\/2021\/07\/wesele-wiosna-768x513.jpg 768w\" sizes=\"auto, (max-width: 800px) 100vw, 800px\" \/>            <\/div>\r\n<\/section>\n\n\n<p>Decyduj\u0105c si\u0119 na wybrany sezon weselny pami\u0119tajmy, \u017ce mo\u017ce by\u0107 on r\u00f3wnie pi\u0119kny o ka\u017cdej porze roku. Trzeba tylko w odpowiedni spos\u00f3b wydoby\u0107 to pi\u0119kno, do czego serdecznie zach\u0119camy przysz\u0142e M\u0142ode Pary jak i wszystkich go\u015bci weselnych.<\/p>\n","protected":false},"excerpt":{"rendered":"<p>Niew\u0105tpliwie najpopularniejszy sezon weselny w\u015br\u00f3d M\u0142odych Par to wci\u0105\u017c lato. Ka\u017cda Panna M\u0142oda marzy aby pokaza\u0107 si\u0119 w pe\u0142nej krasie i okaza\u0142o\u015bci, za\u0142o\u017cy\u0107 pi\u0119kn\u0105 sukni\u0119, i b\u0142yszcze\u0107 w blasku s\u0142o\u0144ca. Wiele par nie chce nawet s\u0142ysze\u0107 o braniu \u015blubu wczesn\u0105 wiosn\u0105, p\u00f3\u017an\u0105 jesieni\u0105, nie wspominaj\u0105c o zimie. A tak naprawd\u0119 wesele odbywa\u0107 si\u0119 mo\u017ce o [&hellip;]<\/p>\n","protected":false},"author":11,"featured_media":345,"comment_status":"closed","ping_status":"closed","sticky":false,"template":"","format":"standard","meta":{"_acf_changed":false,"footnotes":""},"categories":[16,13,12,14,15],"class_list":["post-340","post","type-post","status-publish","format-standard","has-post-thumbnail","hentry","category-kiedy-wesele","category-wesele-jesien","category-wesele-lato","category-wesele-wiosna","category-wesela-zima"],"acf":[],"yoast_head":"<!-- This site is optimized with the Yoast SEO plugin v27.5 - https:\/\/yoast.com\/product\/yoast-seo-wordpress\/ -->\n<title>4 pory roku, czyli sezon weselny non stop - :: Blog weselny<\/title>\n<meta name=\"description\" content=\"Niew\u0105tpliwie najpopularniejszy sezon weselny w\u015br\u00f3d M\u0142odych Par to wci\u0105\u017c lato. Pozosta\u0142e pory roku maj\u0105 r\u00f3wnie wiele do zaoferowania!\" \/>\n<meta name=\"robots\" content=\"index, follow, max-snippet:-1, max-image-preview:large, max-video-preview:-1\" \/>\n<link rel=\"canonical\" href=\"https:\/\/www.koronakarkonoszy.pl\/blog\/4-pory-roku-czyli-sezon-weselny-non-stop\/\" \/>\n<meta property=\"og:locale\" content=\"pl_PL\" \/>\n<meta property=\"og:type\" content=\"article\" \/>\n<meta property=\"og:title\" content=\"4 pory roku, czyli sezon weselny non stop - :: Blog weselny\" \/>\n<meta property=\"og:description\" content=\"Niew\u0105tpliwie najpopularniejszy sezon weselny w\u015br\u00f3d M\u0142odych Par to wci\u0105\u017c lato. Pozosta\u0142e pory roku maj\u0105 r\u00f3wnie wiele do zaoferowania!\" \/>\n<meta property=\"og:url\" content=\"https:\/\/www.koronakarkonoszy.pl\/blog\/4-pory-roku-czyli-sezon-weselny-non-stop\/\" \/>\n<meta property=\"og:site_name\" content=\":: Blog weselny\" \/>\n<meta property=\"article:published_time\" content=\"2020-01-12T20:48:00+00:00\" \/>\n<meta property=\"article:modified_time\" content=\"2023-02-09T18:49:55+00:00\" \/>\n<meta property=\"og:image\" content=\"https:\/\/www.koronakarkonoszy.pl\/blog\/wp-content\/uploads\/2021\/07\/wesele-wiosna-lawenda.jpg\" \/>\n\t<meta property=\"og:image:width\" content=\"800\" \/>\n\t<meta property=\"og:image:height\" content=\"534\" \/>\n\t<meta property=\"og:image:type\" content=\"image\/jpeg\" \/>\n<meta name=\"author\" content=\"agnieszka\" \/>\n<meta name=\"twitter:card\" content=\"summary_large_image\" \/>\n<meta name=\"twitter:label1\" content=\"Napisane przez\" \/>\n\t<meta name=\"twitter:data1\" content=\"agnieszka\" \/>\n\t<meta name=\"twitter:label2\" content=\"Szacowany czas czytania\" \/>\n\t<meta name=\"twitter:data2\" content=\"2 minuty\" \/>\n<script type=\"application\/ld+json\" class=\"yoast-schema-graph\">{\"@context\":\"https:\\\/\\\/schema.org\",\"@graph\":[{\"@type\":\"Article\",\"@id\":\"https:\\\/\\\/www.koronakarkonoszy.pl\\\/blog\\\/4-pory-roku-czyli-sezon-weselny-non-stop\\\/#article\",\"isPartOf\":{\"@id\":\"https:\\\/\\\/www.koronakarkonoszy.pl\\\/blog\\\/4-pory-roku-czyli-sezon-weselny-non-stop\\\/\"},\"author\":{\"name\":\"agnieszka\",\"@id\":\"https:\\\/\\\/www.koronakarkonoszy.pl\\\/blog\\\/#\\\/schema\\\/person\\\/ec8c88bd01ebe6cbf6a16435ce22276f\"},\"headline\":\"4 pory roku, czyli sezon weselny non stop\",\"datePublished\":\"2020-01-12T20:48:00+00:00\",\"dateModified\":\"2023-02-09T18:49:55+00:00\",\"mainEntityOfPage\":{\"@id\":\"https:\\\/\\\/www.koronakarkonoszy.pl\\\/blog\\\/4-pory-roku-czyli-sezon-weselny-non-stop\\\/\"},\"wordCount\":400,\"image\":{\"@id\":\"https:\\\/\\\/www.koronakarkonoszy.pl\\\/blog\\\/4-pory-roku-czyli-sezon-weselny-non-stop\\\/#primaryimage\"},\"thumbnailUrl\":\"https:\\\/\\\/www.koronakarkonoszy.pl\\\/blog\\\/wp-content\\\/uploads\\\/2021\\\/07\\\/wesele-wiosna-lawenda.jpg\",\"articleSection\":[\"Kiedy wesele\",\"Wesele jesie\u0144\",\"Wesele lato\",\"Wesele wiosna\",\"Wesele zima\"],\"inLanguage\":\"pl-PL\"},{\"@type\":\"WebPage\",\"@id\":\"https:\\\/\\\/www.koronakarkonoszy.pl\\\/blog\\\/4-pory-roku-czyli-sezon-weselny-non-stop\\\/\",\"url\":\"https:\\\/\\\/www.koronakarkonoszy.pl\\\/blog\\\/4-pory-roku-czyli-sezon-weselny-non-stop\\\/\",\"name\":\"4 pory roku, czyli sezon weselny non stop - :: Blog weselny\",\"isPartOf\":{\"@id\":\"https:\\\/\\\/www.koronakarkonoszy.pl\\\/blog\\\/#website\"},\"primaryImageOfPage\":{\"@id\":\"https:\\\/\\\/www.koronakarkonoszy.pl\\\/blog\\\/4-pory-roku-czyli-sezon-weselny-non-stop\\\/#primaryimage\"},\"image\":{\"@id\":\"https:\\\/\\\/www.koronakarkonoszy.pl\\\/blog\\\/4-pory-roku-czyli-sezon-weselny-non-stop\\\/#primaryimage\"},\"thumbnailUrl\":\"https:\\\/\\\/www.koronakarkonoszy.pl\\\/blog\\\/wp-content\\\/uploads\\\/2021\\\/07\\\/wesele-wiosna-lawenda.jpg\",\"datePublished\":\"2020-01-12T20:48:00+00:00\",\"dateModified\":\"2023-02-09T18:49:55+00:00\",\"author\":{\"@id\":\"https:\\\/\\\/www.koronakarkonoszy.pl\\\/blog\\\/#\\\/schema\\\/person\\\/ec8c88bd01ebe6cbf6a16435ce22276f\"},\"description\":\"Niew\u0105tpliwie najpopularniejszy sezon weselny w\u015br\u00f3d M\u0142odych Par to wci\u0105\u017c lato. Pozosta\u0142e pory roku maj\u0105 r\u00f3wnie wiele do zaoferowania!\",\"breadcrumb\":{\"@id\":\"https:\\\/\\\/www.koronakarkonoszy.pl\\\/blog\\\/4-pory-roku-czyli-sezon-weselny-non-stop\\\/#breadcrumb\"},\"inLanguage\":\"pl-PL\",\"potentialAction\":[{\"@type\":\"ReadAction\",\"target\":[\"https:\\\/\\\/www.koronakarkonoszy.pl\\\/blog\\\/4-pory-roku-czyli-sezon-weselny-non-stop\\\/\"]}]},{\"@type\":\"ImageObject\",\"inLanguage\":\"pl-PL\",\"@id\":\"https:\\\/\\\/www.koronakarkonoszy.pl\\\/blog\\\/4-pory-roku-czyli-sezon-weselny-non-stop\\\/#primaryimage\",\"url\":\"https:\\\/\\\/www.koronakarkonoszy.pl\\\/blog\\\/wp-content\\\/uploads\\\/2021\\\/07\\\/wesele-wiosna-lawenda.jpg\",\"contentUrl\":\"https:\\\/\\\/www.koronakarkonoszy.pl\\\/blog\\\/wp-content\\\/uploads\\\/2021\\\/07\\\/wesele-wiosna-lawenda.jpg\",\"width\":800,\"height\":534,\"caption\":\"Wesele wiosn\u0105 lawenda\"},{\"@type\":\"BreadcrumbList\",\"@id\":\"https:\\\/\\\/www.koronakarkonoszy.pl\\\/blog\\\/4-pory-roku-czyli-sezon-weselny-non-stop\\\/#breadcrumb\",\"itemListElement\":[{\"@type\":\"ListItem\",\"position\":1,\"name\":\"Strona g\u0142\u00f3wna\",\"item\":\"https:\\\/\\\/www.koronakarkonoszy.pl\\\/blog\\\/\"},{\"@type\":\"ListItem\",\"position\":2,\"name\":\"4 pory roku, czyli sezon weselny non stop\"}]},{\"@type\":\"WebSite\",\"@id\":\"https:\\\/\\\/www.koronakarkonoszy.pl\\\/blog\\\/#website\",\"url\":\"https:\\\/\\\/www.koronakarkonoszy.pl\\\/blog\\\/\",\"name\":\":: Blog weselny\",\"description\":\"Blog weselny Dw\u00f3r Korona Karkonoszy\",\"potentialAction\":[{\"@type\":\"SearchAction\",\"target\":{\"@type\":\"EntryPoint\",\"urlTemplate\":\"https:\\\/\\\/www.koronakarkonoszy.pl\\\/blog\\\/?s={search_term_string}\"},\"query-input\":{\"@type\":\"PropertyValueSpecification\",\"valueRequired\":true,\"valueName\":\"search_term_string\"}}],\"inLanguage\":\"pl-PL\"},{\"@type\":\"Person\",\"@id\":\"https:\\\/\\\/www.koronakarkonoszy.pl\\\/blog\\\/#\\\/schema\\\/person\\\/ec8c88bd01ebe6cbf6a16435ce22276f\",\"name\":\"agnieszka\",\"image\":{\"@type\":\"ImageObject\",\"inLanguage\":\"pl-PL\",\"@id\":\"https:\\\/\\\/www.koronakarkonoszy.pl\\\/blog\\\/wp-content\\\/litespeed\\\/avatar\\\/53ee7b676463f74d0aea1a09de3d003b.jpg?ver=1777438794\",\"url\":\"https:\\\/\\\/www.koronakarkonoszy.pl\\\/blog\\\/wp-content\\\/litespeed\\\/avatar\\\/53ee7b676463f74d0aea1a09de3d003b.jpg?ver=1777438794\",\"contentUrl\":\"https:\\\/\\\/www.koronakarkonoszy.pl\\\/blog\\\/wp-content\\\/litespeed\\\/avatar\\\/53ee7b676463f74d0aea1a09de3d003b.jpg?ver=1777438794\",\"caption\":\"agnieszka\"},\"url\":\"https:\\\/\\\/www.koronakarkonoszy.pl\\\/blog\\\/author\\\/agnieszka\\\/\"}]}<\/script>\n<!-- \/ Yoast SEO plugin. -->","yoast_head_json":{"title":"4 pory roku, czyli sezon weselny non stop - :: Blog weselny","description":"Niew\u0105tpliwie najpopularniejszy sezon weselny w\u015br\u00f3d M\u0142odych Par to wci\u0105\u017c lato. Pozosta\u0142e pory roku maj\u0105 r\u00f3wnie wiele do zaoferowania!","robots":{"index":"index","follow":"follow","max-snippet":"max-snippet:-1","max-image-preview":"max-image-preview:large","max-video-preview":"max-video-preview:-1"},"canonical":"https:\/\/www.koronakarkonoszy.pl\/blog\/4-pory-roku-czyli-sezon-weselny-non-stop\/","og_locale":"pl_PL","og_type":"article","og_title":"4 pory roku, czyli sezon weselny non stop - :: Blog weselny","og_description":"Niew\u0105tpliwie najpopularniejszy sezon weselny w\u015br\u00f3d M\u0142odych Par to wci\u0105\u017c lato. Pozosta\u0142e pory roku maj\u0105 r\u00f3wnie wiele do zaoferowania!","og_url":"https:\/\/www.koronakarkonoszy.pl\/blog\/4-pory-roku-czyli-sezon-weselny-non-stop\/","og_site_name":":: Blog weselny","article_published_time":"2020-01-12T20:48:00+00:00","article_modified_time":"2023-02-09T18:49:55+00:00","og_image":[{"width":800,"height":534,"url":"https:\/\/www.koronakarkonoszy.pl\/blog\/wp-content\/uploads\/2021\/07\/wesele-wiosna-lawenda.jpg","type":"image\/jpeg"}],"author":"agnieszka","twitter_card":"summary_large_image","twitter_misc":{"Napisane przez":"agnieszka","Szacowany czas czytania":"2 minuty"},"schema":{"@context":"https:\/\/schema.org","@graph":[{"@type":"Article","@id":"https:\/\/www.koronakarkonoszy.pl\/blog\/4-pory-roku-czyli-sezon-weselny-non-stop\/#article","isPartOf":{"@id":"https:\/\/www.koronakarkonoszy.pl\/blog\/4-pory-roku-czyli-sezon-weselny-non-stop\/"},"author":{"name":"agnieszka","@id":"https:\/\/www.koronakarkonoszy.pl\/blog\/#\/schema\/person\/ec8c88bd01ebe6cbf6a16435ce22276f"},"headline":"4 pory roku, czyli sezon weselny non stop","datePublished":"2020-01-12T20:48:00+00:00","dateModified":"2023-02-09T18:49:55+00:00","mainEntityOfPage":{"@id":"https:\/\/www.koronakarkonoszy.pl\/blog\/4-pory-roku-czyli-sezon-weselny-non-stop\/"},"wordCount":400,"image":{"@id":"https:\/\/www.koronakarkonoszy.pl\/blog\/4-pory-roku-czyli-sezon-weselny-non-stop\/#primaryimage"},"thumbnailUrl":"https:\/\/www.koronakarkonoszy.pl\/blog\/wp-content\/uploads\/2021\/07\/wesele-wiosna-lawenda.jpg","articleSection":["Kiedy wesele","Wesele jesie\u0144","Wesele lato","Wesele wiosna","Wesele zima"],"inLanguage":"pl-PL"},{"@type":"WebPage","@id":"https:\/\/www.koronakarkonoszy.pl\/blog\/4-pory-roku-czyli-sezon-weselny-non-stop\/","url":"https:\/\/www.koronakarkonoszy.pl\/blog\/4-pory-roku-czyli-sezon-weselny-non-stop\/","name":"4 pory roku, czyli sezon weselny non stop - :: Blog weselny","isPartOf":{"@id":"https:\/\/www.koronakarkonoszy.pl\/blog\/#website"},"primaryImageOfPage":{"@id":"https:\/\/www.koronakarkonoszy.pl\/blog\/4-pory-roku-czyli-sezon-weselny-non-stop\/#primaryimage"},"image":{"@id":"https:\/\/www.koronakarkonoszy.pl\/blog\/4-pory-roku-czyli-sezon-weselny-non-stop\/#primaryimage"},"thumbnailUrl":"https:\/\/www.koronakarkonoszy.pl\/blog\/wp-content\/uploads\/2021\/07\/wesele-wiosna-lawenda.jpg","datePublished":"2020-01-12T20:48:00+00:00","dateModified":"2023-02-09T18:49:55+00:00","author":{"@id":"https:\/\/www.koronakarkonoszy.pl\/blog\/#\/schema\/person\/ec8c88bd01ebe6cbf6a16435ce22276f"},"description":"Niew\u0105tpliwie najpopularniejszy sezon weselny w\u015br\u00f3d M\u0142odych Par to wci\u0105\u017c lato. Pozosta\u0142e pory roku maj\u0105 r\u00f3wnie wiele do zaoferowania!","breadcrumb":{"@id":"https:\/\/www.koronakarkonoszy.pl\/blog\/4-pory-roku-czyli-sezon-weselny-non-stop\/#breadcrumb"},"inLanguage":"pl-PL","potentialAction":[{"@type":"ReadAction","target":["https:\/\/www.koronakarkonoszy.pl\/blog\/4-pory-roku-czyli-sezon-weselny-non-stop\/"]}]},{"@type":"ImageObject","inLanguage":"pl-PL","@id":"https:\/\/www.koronakarkonoszy.pl\/blog\/4-pory-roku-czyli-sezon-weselny-non-stop\/#primaryimage","url":"https:\/\/www.koronakarkonoszy.pl\/blog\/wp-content\/uploads\/2021\/07\/wesele-wiosna-lawenda.jpg","contentUrl":"https:\/\/www.koronakarkonoszy.pl\/blog\/wp-content\/uploads\/2021\/07\/wesele-wiosna-lawenda.jpg","width":800,"height":534,"caption":"Wesele wiosn\u0105 lawenda"},{"@type":"BreadcrumbList","@id":"https:\/\/www.koronakarkonoszy.pl\/blog\/4-pory-roku-czyli-sezon-weselny-non-stop\/#breadcrumb","itemListElement":[{"@type":"ListItem","position":1,"name":"Strona g\u0142\u00f3wna","item":"https:\/\/www.koronakarkonoszy.pl\/blog\/"},{"@type":"ListItem","position":2,"name":"4 pory roku, czyli sezon weselny non stop"}]},{"@type":"WebSite","@id":"https:\/\/www.koronakarkonoszy.pl\/blog\/#website","url":"https:\/\/www.koronakarkonoszy.pl\/blog\/","name":":: Blog weselny","description":"Blog weselny Dw\u00f3r Korona Karkonoszy","potentialAction":[{"@type":"SearchAction","target":{"@type":"EntryPoint","urlTemplate":"https:\/\/www.koronakarkonoszy.pl\/blog\/?s={search_term_string}"},"query-input":{"@type":"PropertyValueSpecification","valueRequired":true,"valueName":"search_term_string"}}],"inLanguage":"pl-PL"},{"@type":"Person","@id":"https:\/\/www.koronakarkonoszy.pl\/blog\/#\/schema\/person\/ec8c88bd01ebe6cbf6a16435ce22276f","name":"agnieszka","image":{"@type":"ImageObject","inLanguage":"pl-PL","@id":"https:\/\/www.koronakarkonoszy.pl\/blog\/wp-content\/litespeed\/avatar\/53ee7b676463f74d0aea1a09de3d003b.jpg?ver=1777438794","url":"https:\/\/www.koronakarkonoszy.pl\/blog\/wp-content\/litespeed\/avatar\/53ee7b676463f74d0aea1a09de3d003b.jpg?ver=1777438794","contentUrl":"https:\/\/www.koronakarkonoszy.pl\/blog\/wp-content\/litespeed\/avatar\/53ee7b676463f74d0aea1a09de3d003b.jpg?ver=1777438794","caption":"agnieszka"},"url":"https:\/\/www.koronakarkonoszy.pl\/blog\/author\/agnieszka\/"}]}},"_links":{"self":[{"href":"https:\/\/www.koronakarkonoszy.pl\/blog\/wp-json\/wp\/v2\/posts\/340","targetHints":{"allow":["GET"]}}],"collection":[{"href":"https:\/\/www.koronakarkonoszy.pl\/blog\/wp-json\/wp\/v2\/posts"}],"about":[{"href":"https:\/\/www.koronakarkonoszy.pl\/blog\/wp-json\/wp\/v2\/types\/post"}],"author":[{"embeddable":true,"href":"https:\/\/www.koronakarkonoszy.pl\/blog\/wp-json\/wp\/v2\/users\/11"}],"replies":[{"embeddable":true,"href":"https:\/\/www.koronakarkonoszy.pl\/blog\/wp-json\/wp\/v2\/comments?post=340"}],"version-history":[{"count":0,"href":"https:\/\/www.koronakarkonoszy.pl\/blog\/wp-json\/wp\/v2\/posts\/340\/revisions"}],"wp:featuredmedia":[{"embeddable":true,"href":"https:\/\/www.koronakarkonoszy.pl\/blog\/wp-json\/wp\/v2\/media\/345"}],"wp:attachment":[{"href":"https:\/\/www.koronakarkonoszy.pl\/blog\/wp-json\/wp\/v2\/media?parent=340"}],"wp:term":[{"taxonomy":"category","embeddable":true,"href":"https:\/\/www.koronakarkonoszy.pl\/blog\/wp-json\/wp\/v2\/categories?post=340"}],"curies":[{"name":"wp","href":"https:\/\/api.w.org\/{rel}","templated":true}]}}