{"id":3200,"date":"2023-03-30T20:18:35","date_gmt":"2023-03-30T18:18:35","guid":{"rendered":"https:\/\/www.koronakarkonoszy.pl\/blog\/?p=3200"},"modified":"2025-02-14T10:35:56","modified_gmt":"2025-02-14T09:35:56","slug":"wesele-do-50-osob","status":"publish","type":"post","link":"https:\/\/www.koronakarkonoszy.pl\/blog\/wesele-do-50-osob\/","title":{"rendered":"Wesele do 50 os\u00f3b \u2013 ma\u0142a impreza o wielkim potencjale"},"content":{"rendered":"\n<p><strong>Chocia\u017c zwyk\u0142o si\u0119 m\u00f3wi\u0107, \u017ce zawarcie zwi\u0105zku ma\u0142\u017ce\u0144skiego powinno si\u0119 \u015bwi\u0119towa\u0107 z rozmachem, to od kilku sezon\u00f3w w bran\u017cy \u015blubnej kr\u00f3luje trend kameralnych wesel. Zakochani udowadniaj\u0105, \u017ce skromne <a href=\"https:\/\/www.koronakarkonoszy.pl\/blog\/jak-zorganizowac-przyjecie-weselne-na-30-osob\/\" class=\"links-placer\">przyj\u0119cie weselne<\/a> mo\u017ce by\u0107 pi\u0119kne, pe\u0142ne uroku i wyj\u0105tkowo romantyczne. Jak zorganizowa\u0107 niezapomniane wesele do 50 os\u00f3b? I jaki jest koszt takiego przedsi\u0119wzi\u0119cia?<\/strong><\/p>\n\n\n<div id=\"ariadna-block_5a2c8b4b9f7bbab65b346e80effe079c\" class=\"ariadna\">\r\n    <ul><li><a href=\"#h-dlaczego-warto-zorganizowa-ma-e-wesele-do-50-os-b\"><strong>Dlaczego warto zorganizowa\u0107 <a href=\"https:\/\/www.koronakarkonoszy.pl\/blog\/jak-zorganizowac-przyjecie-weselne-na-30-osob\/\" class=\"links-placer\">ma\u0142e wesele do 50 os\u00f3b?<\/a><\/li><li><a href=\"#h-lista-gosci-na-kameralne-wesele\">Lista go\u015bci na kameralne wesele<\/a><\/li><li><a href=\"#h-ile-kosztuje-wesele-do-50-os-b\">Ile kosztuje wesele do 50 os\u00f3b?<\/a><\/li><li><a href=\"#h-wesele-do-50-osob-koszt-dodatkowych-atrakcji\">Wesele do 50 os\u00f3b \u2013 koszt dodatkowych atrakcji<\/a><\/li><li><a href=\"#h-gdzie-zorganizowa-wesele-do-50-os-b\">Gdzie zorganizowa\u0107 wesele do 50 os\u00f3b?<\/a><\/li><li><a href=\"#h-mikro-wesele-moda-czy-koniecznosc\">Mikro wesele &#8211; moda czy konieczno\u015b\u0107?<\/a><\/li><li><a href=\"#ha-obiad-weselny-do-50-osob\">Obiad weselny do 50 os\u00f3b<\/a><\/li><li><a href=\"#h-male-wesele-duze-mozliwosci\">Ma\u0142e wesele = du\u017ce mo\u017cliwo\u015bci<\/a><\/li><li><a href=\"#ha-jak-wybrac-sale-na-wesele-do-50-osob\">Jak wybra\u0107 sal\u0119 na wesele do 50 os\u00f3b?<\/a><\/li><li><a href=\"#h-atrakcje-na-wesele-do-50-osob\">Atrakcje na wesele do 50 os\u00f3b<\/a><\/li><li><a href=\"#h-koszt-wesela-do-50-osob-w-2023-roku-planowanie\">Koszt wesela do 50 os\u00f3b w 2023 roku &#8211; planowanie<\/a><\/li><li><a href=\"#ha-sale-weselne-czy-dom-weselny-na-wesele-do-50-osob\">Sale weselne czy dom weselny na wesele do 50 os\u00f3b?<\/a><\/li><li><a href=\"#h-sale-weselne\">Sale weselne<\/a><\/li><li><a href=\"#h-dom-weselny\">Dom weselny<\/a><\/li><li><a href=\"#ha-tanie-wesele-do-50-osob\">Tanie wesele do 50 os\u00f3b<\/a><\/li><li><a href=\"#h-czy-wesela-w-2024-roku-beda-drozsze\">Czy wesela w 2024 roku b\u0119d\u0105 dro\u017csze?<\/a><\/li><li><a href=\"#ha-zalety-wesele-do-50-osob\">Zalety &#8211; wesele do 50 os\u00f3b<\/a><\/li><li><a href=\"#ha-wady-wesele-do-50-osob\">Wady? Wesele do 50 os\u00f3b<\/a><\/li><\/ul>\r\n<\/div>\r\n\r\n\r\n\r\n\n\n\n<h2 class=\"wp-block-heading\" id=\"h-dlaczego-warto-zorganizowa-ma-e-wesele-do-50-os-b\"><strong>Dlaczego warto zorganizowa\u0107 <a href=\"https:\/\/www.koronakarkonoszy.pl\/blog\/jak-zorganizowac-przyjecie-weselne-na-30-osob\/\" class=\"links-placer\">ma\u0142e wesele<\/a> do 50 os\u00f3b?<\/strong><\/h2>\n\n\n\n<p>Jeszcze do niedawna nie wyobra\u017cano sobie \u015bwi\u0119towania ceremonii za\u015blubin inaczej ni\u017c w licznym gronie rodziny, znajomych, a nawet s\u0105siad\u00f3w. Zwyk\u0142o si\u0119 m\u00f3wi\u0107, \u017ce im wi\u0119cej go\u015bci na weselu, tym wi\u0119cej szcz\u0119\u015bcia czeka \u015bwie\u017co upieczone ma\u0142\u017ce\u0144stwo w przysz\u0142o\u015bci. Ale czy na pewno tak jest? Czy liczba go\u015bci jest gwarantem szcz\u0119\u015bcia w ma\u0142\u017ce\u0144stwie? Wierzy\u0107 w&nbsp;<a href=\"https:\/\/www.koronakarkonoszy.pl\/blog\/przesady-slubne-i-weselne\/\" target=\"_blank\" rel=\"noreferrer noopener\">przes\u0105dy \u015blubne i weselne<\/a> czy nie \u2013 to kwestia indywidualna. Najwa\u017cniejsze to \u015bwi\u0119towa\u0107 dzie\u0144 \u015blubu na sw\u00f3j spos\u00f3b.<\/p>\n\n\n\n<style>\n    .cta_block{\n        margin: 1.5em 0;\n    }\n    .cta_block_content {\n        position: relative;\n        color: white;\n        padding: 1em;\n    }\n    .cta_block_content h3{\n        text-align: center;\n        font: normal normal normal 36px\/50px Yeseva One;\n    }\n    .cta_block_content .cta_block_desc{\n        text-align: center;\n        font-size: 1.1em;\n        position: relative;\n    }\n    .cta_block_content .cta_block_desc:before {\n        content: '';\n        width: 80px;\n        height: 4px;\n        background: #EEB315;\n        position: absolute;\n        left: 0;\n        right: 0;\n        margin-left: auto;\n        margin-right: auto;\n        top: -22px;\n    }\n\n    .cta_block_content picture{\n        position: absolute;\n        top: 0;\n        right: 0;\n        z-index: -1;\n        height: 100%;\n        overflow: hidden;\n        width: 100%;\n    }\n    .cta_block_content picture img{\n        object-fit: cover;\n        height: 100%;\n        width: 100%;\n    }\n    .cta_block .cta_block_content .ninja-forms-field{\n        background: #FFFFFF2F;\n        border: 1px solid #EEB315;\n        border-radius: 25px;\n        opacity: 1;\n        color: #ffffff;\n    }\n    .cta_block .cta_block_content .nf-form-content input[type=submit]{\n        background-color: #EEB315;\n        color: #292929;\n        text-align: center;\n        font: normal normal bold 14px\/20px Work Sans;\n        padding: 0 2em;\n    }\n\n    .cta_block ::placeholder{\n        color: white!important;\n        opacity: 1;\n    }\n\n    .cta_block_content::after {\n        height: 100%;\n        width: 100%;\n        content: \"\";\n        z-index: -1;\n        position: absolute;\n        top: 0;\n        background: #00000070;\n        right: 0;\n        left: 0;\n        bottom: 0;\n    }\n    #ha-cta-block, .cta_block_desc, .cta_block .nf-field-label, .cta_block .nf-error-msg {\n        filter: drop-shadow(1px 1px 8px black);\n    }\n\n\/*    .cta_block nf-rows-wrap {\n        display: flex;\n        justify-content: space-around;\n        flex-direction: row;\n    }*\/\n\n    .cta_block .nf-field-label {\n        display:none;\n    }\n\n    .cta_block .nf-error.field-wrap .nf-field-element::after {\n        border-radius: 50px;\n    }\n\n    .cta_block .nf-error-msg {\n        color: #fff;\n    }\n\n    .cta_block .nf-form-cont {\n        margin-top: 3em;\n        margin-bottom: 1em;\n    }\n\n    .wp-admin .cta_block_content{\n        display: none;\n    }\n    .cta_block .nf-form-fields-required {\n        display: none;\n    }\n    body:not(.wp-admin) .cta_block_admin {\n        display: none;\n    }\n<\/style>\n<div id=\"cta_block-block_440d6032ee5549c6d0f7dd48971511ca\" class=\"cta_block\">\n    <div class=\"cta_block_admin\" style=\"background-color: blue; color: white\">\n        Blok CTA\n    <\/div>\n    <div class=\"cta_block\">\n        <div class=\"cta_block_content\">   \n        <h3 id=\"ha-szukasz-idealnej-sali-do-50-osob\">Szukasz idealnej sali do 50 os\u00f3b?<\/h3>\n                    <div class=\"cta_block_desc\">W\u0142a\u015bnie znalaz\u0142e\u015b! <\/div>\n                <noscript class=\"ninja-forms-noscript-message\">\n\tUwaga: ta zawarto\u015b\u0107 wymaga obs\u0142ugi j\u0119zyka JavaScript.<\/noscript>\n<div id=\"nf-form-3-cont\" class=\"nf-form-cont\" aria-live=\"polite\" aria-labelledby=\"nf-form-title-3\" aria-describedby=\"nf-form-errors-3\" role=\"form\">\n\n    <div class=\"nf-loading-spinner\"><\/div>\n\n<\/div>\n        <!-- That data is being printed as a workaround to page builders reordering the order of the scripts loaded-->\n        <script>var formDisplay=1;var nfForms=nfForms||[];var form=[];form.id='3';form.settings={\"objectType\":\"Form Setting\",\"editActive\":true,\"title\":\"Block CTA\",\"created_at\":\"2022-11-08 16:03:33\",\"default_label_pos\":\"above\",\"show_title\":0,\"clear_complete\":\"1\",\"hide_complete\":\"1\",\"logged_in\":\"\",\"wrapper_class\":\"\",\"element_class\":\"\",\"key\":\"\",\"add_submit\":\"0\",\"changeEmailErrorMsg\":\"Wprowad\\u017a prawid\\u0142owy adres e-mail!\",\"changeDateErrorMsg\":\"Prosz\\u0119 wpisa\\u0107 prawid\\u0142ow\\u0105 dat\\u0119!\",\"confirmFieldErrorMsg\":\"Te pola musz\\u0105 si\\u0119 zgadza\\u0107!\",\"fieldNumberNumMinError\":\"B\\u0142\\u0105d \\u2014 liczba minimalna\",\"fieldNumberNumMaxError\":\"B\\u0142\\u0105d \\u2014 liczba maksymalna\",\"fieldNumberIncrementBy\":\"Zwi\\u0119ksz o \",\"formErrorsCorrectErrors\":\"Popraw b\\u0142\\u0119dy, zanim prze\\u015blesz formularz.\",\"validateRequiredField\":\"To jest wymagane pole.\",\"honeypotHoneypotError\":\"B\\u0142\\u0105d Honeypot\",\"fieldsMarkedRequired\":\"Pola oznaczone znakiem <span class=\\\"ninja-forms-req-symbol\\\">*<\\\/span> s\\u0105 wymagane\",\"currency\":\"\",\"repeatable_fieldsets\":\"\",\"unique_field_error\":\"Formularz z t\\u0105 warto\\u015bci\\u0105 zosta\\u0142 ju\\u017c przes\\u0142any.\",\"not_logged_in_msg\":\"\",\"sub_limit_msg\":\"Formularz osi\\u0105gn\\u0105\\u0142 limit wys\\u0142a\\u0144.\",\"calculations\":[],\"container_styles_show_advanced_css\":\"0\",\"title_styles_show_advanced_css\":\"0\",\"row_styles_show_advanced_css\":\"0\",\"row-odd_styles_show_advanced_css\":\"0\",\"success-msg_styles_show_advanced_css\":\"0\",\"error_msg_styles_show_advanced_css\":\"0\",\"formContentData\":[{\"order\":1,\"cells\":[{\"order\":0,\"fields\":[\"phone_1640098023980\"],\"width\":35},{\"order\":1,\"fields\":[\"adres_e-mail_1667919839452\"],\"width\":35},{\"order\":2,\"fields\":[\"zapisz_mnie_1667919853255\"],\"width\":30}]}],\"drawerDisabled\":false,\"conditions\":[],\"allow_public_link\":0,\"embed_form\":\"\",\"container_styles_border\":\"\",\"container_styles_height\":\"\",\"container_styles_margin\":\"\",\"container_styles_padding\":\"\",\"container_styles_float\":\"\",\"title_styles_border\":\"\",\"title_styles_height\":\"\",\"title_styles_width\":\"\",\"title_styles_font-size\":\"\",\"title_styles_margin\":\"\",\"title_styles_padding\":\"\",\"title_styles_float\":\"\",\"row_styles_border\":\"\",\"row_styles_width\":\"\",\"row_styles_font-size\":\"\",\"row_styles_margin\":\"\",\"row_styles_padding\":\"\",\"row-odd_styles_border\":\"\",\"row-odd_styles_height\":\"\",\"row-odd_styles_width\":\"\",\"row-odd_styles_font-size\":\"\",\"row-odd_styles_margin\":\"\",\"row-odd_styles_padding\":\"\",\"success-msg_styles_border\":\"\",\"success-msg_styles_height\":\"\",\"success-msg_styles_width\":\"\",\"success-msg_styles_font-size\":\"\",\"success-msg_styles_margin\":\"\",\"success-msg_styles_padding\":\"\",\"error_msg_styles_border\":\"\",\"error_msg_styles_width\":\"\",\"error_msg_styles_font-size\":\"\",\"error_msg_styles_margin\":\"\",\"error_msg_styles_padding\":\"\",\"form_title_heading_level\":\"3\",\"ninjaForms\":\"Ninja Forms\",\"fieldTextareaRTEInsertLink\":\"Wstaw odno\\u015bnik\",\"fieldTextareaRTEInsertMedia\":\"Wstaw media\",\"fieldTextareaRTESelectAFile\":\"Wybierz plik\",\"formHoneypot\":\"Je\\u015bli jeste\\u015b cz\\u0142owiekiem i widzisz to pole, nie wype\\u0142niaj go.\",\"fileUploadOldCodeFileUploadInProgress\":\"Przesy\\u0142anie pliku w toku.\",\"fileUploadOldCodeFileUpload\":\"PRZESY\\u0141ANIE PLIKU\",\"currencySymbol\":\"&#36;\",\"thousands_sep\":\"&nbsp;\",\"decimal_point\":\",\",\"siteLocale\":\"pl_PL\",\"dateFormat\":\"m\\\/d\\\/Y\",\"startOfWeek\":\"1\",\"of\":\"z\",\"previousMonth\":\"Poprzedni miesi\\u0105c\",\"nextMonth\":\"Nast\\u0119pny miesi\\u0105c\",\"months\":[\"Stycze\\u0144\",\"Luty\",\"Marzec\",\"Kwiecie\\u0144\",\"Maj\",\"Czerwiec\",\"Lipiec\",\"Sierpie\\u0144\",\"Wrzesie\\u0144\",\"Pa\\u017adziernik\",\"Listopad\",\"Grudzie\\u0144\"],\"monthsShort\":[\"Sty\",\"Lut\",\"Mar\",\"Kw\",\"Maj\",\"Cze\",\"Lip\",\"Sie\",\"Wrz\",\"Pa\\u017a\",\"Lis\",\"Gru\"],\"weekdays\":[\"Niedziela\",\"Poniedzia\\u0142ek\",\"Wtorek\",\"\\u015aroda\",\"Czwartek\",\"Pi\\u0105tek\",\"Sobota\"],\"weekdaysShort\":[\"Niedz\",\"Pon\",\"Wt\",\"\\u015ar\",\"Czw\",\"Pt\",\"Sob\"],\"weekdaysMin\":[\"Niedz\",\"Pon\",\"Wt\",\"\\u015ar\",\"Czw\",\"Pt\",\"Sob\"],\"recaptchaConsentMissing\":\"reCaptcha validation couldn&#039;t load.\",\"recaptchaMissingCookie\":\"reCaptcha v3 validation couldn&#039;t load the cookie needed to submit the form.\",\"recaptchaConsentEvent\":\"Accept reCaptcha cookies before sending the form.\",\"currency_symbol\":\"\",\"beforeForm\":\"\",\"beforeFields\":\"\",\"afterFields\":\"\",\"afterForm\":\"\"};form.fields=[{\"objectType\":\"Field\",\"objectDomain\":\"fields\",\"editActive\":false,\"order\":1,\"idAttribute\":\"id\",\"type\":\"phone\",\"label\":\"Numer telefonu\",\"key\":\"phone_1640098023980\",\"label_pos\":\"above\",\"required\":1,\"default\":\"\",\"placeholder\":\"Numer telefonu\",\"container_class\":\"\",\"element_class\":\"\",\"input_limit\":\"\",\"input_limit_type\":\"characters\",\"input_limit_msg\":\"Liczba pozosta\\u0142ych znak\\u00f3w:\",\"manual_key\":\"\",\"admin_label\":\"\",\"help_text\":\"\",\"mask\":\"\",\"custom_mask\":\"\",\"custom_name_attribute\":\"phone\",\"personally_identifiable\":1,\"wrap_styles_border\":\"\",\"wrap_styles_width\":\"\",\"wrap_styles_margin\":\"\",\"wrap_styles_padding\":\"\",\"wrap_styles_float\":\"\",\"wrap_styles_show_advanced_css\":0,\"label_styles_border\":\"\",\"label_styles_width\":\"\",\"label_styles_font-size\":\"\",\"label_styles_margin\":\"\",\"label_styles_padding\":\"\",\"label_styles_float\":\"\",\"label_styles_show_advanced_css\":0,\"element_styles_border\":\"\",\"element_styles_width\":\"\",\"element_styles_font-size\":\"\",\"element_styles_margin\":\"\",\"element_styles_padding\":\"\",\"element_styles_float\":\"\",\"element_styles_show_advanced_css\":0,\"cellcid\":\"c3386\",\"value\":\"\",\"field_label\":\"Numer telefonu\",\"field_key\":\"phone_1640098023980\",\"drawerDisabled\":false,\"id\":8,\"beforeField\":\"\",\"afterField\":\"\",\"parentType\":\"textbox\",\"element_templates\":[\"tel\",\"textbox\",\"input\"],\"old_classname\":\"\",\"wrap_template\":\"wrap\"},{\"objectType\":\"Field\",\"objectDomain\":\"fields\",\"editActive\":false,\"order\":2,\"idAttribute\":\"id\",\"type\":\"email\",\"label\":\"Adres e-mail\",\"key\":\"adres_e-mail_1667919839452\",\"label_pos\":\"above\",\"required\":1,\"default\":\"\",\"placeholder\":\"Adres e-mail\",\"container_class\":\"\",\"element_class\":\"\",\"admin_label\":\"\",\"help_text\":\"\",\"custom_name_attribute\":\"email\",\"personally_identifiable\":1,\"wrap_styles_border\":\"\",\"wrap_styles_width\":\"\",\"wrap_styles_margin\":\"\",\"wrap_styles_padding\":\"\",\"wrap_styles_float\":\"\",\"wrap_styles_show_advanced_css\":0,\"label_styles_border\":\"\",\"label_styles_width\":\"\",\"label_styles_font-size\":\"\",\"label_styles_margin\":\"\",\"label_styles_padding\":\"\",\"label_styles_float\":\"\",\"label_styles_show_advanced_css\":0,\"element_styles_border\":\"\",\"element_styles_width\":\"\",\"element_styles_font-size\":\"\",\"element_styles_margin\":\"\",\"element_styles_padding\":\"\",\"element_styles_float\":\"\",\"element_styles_show_advanced_css\":0,\"cellcid\":\"c3389\",\"value\":\"\",\"drawerDisabled\":false,\"field_label\":\"E-mail\",\"field_key\":\"email_1640098026199\",\"id\":9,\"beforeField\":\"\",\"afterField\":\"\",\"parentType\":\"email\",\"element_templates\":[\"email\",\"input\"],\"old_classname\":\"\",\"wrap_template\":\"wrap\"},{\"objectType\":\"Field\",\"objectDomain\":\"fields\",\"editActive\":false,\"order\":3,\"idAttribute\":\"id\",\"type\":\"submit\",\"label\":\"Zapisz mnie\",\"processing_label\":\"W trakcie realizacji\",\"container_class\":\"\",\"element_class\":\"\",\"key\":\"zapisz_mnie_1667919853255\",\"wrap_styles_border\":\"\",\"wrap_styles_width\":\"\",\"wrap_styles_margin\":\"\",\"wrap_styles_padding\":\"\",\"wrap_styles_float\":\"\",\"wrap_styles_show_advanced_css\":0,\"element_styles_border\":\"\",\"element_styles_width\":\"\",\"element_styles_font-size\":\"\",\"element_styles_margin\":\"\",\"element_styles_padding\":\"\",\"element_styles_float\":\"\",\"element_styles_show_advanced_css\":0,\"submit_element_hover_styles_border\":\"\",\"submit_element_hover_styles_width\":\"\",\"submit_element_hover_styles_font-size\":\"\",\"submit_element_hover_styles_margin\":\"\",\"submit_element_hover_styles_padding\":\"\",\"submit_element_hover_styles_float\":\"\",\"submit_element_hover_styles_show_advanced_css\":0,\"cellcid\":\"c3391\",\"drawerDisabled\":false,\"field_label\":\"Zamawiam rozmow\\u0119\",\"field_key\":\"zamawiam_rozmowe_1640098067453\",\"id\":10,\"beforeField\":\"\",\"afterField\":\"\",\"value\":\"\",\"label_pos\":\"above\",\"parentType\":\"textbox\",\"element_templates\":[\"submit\",\"button\",\"input\"],\"old_classname\":\"\",\"wrap_template\":\"wrap-no-label\"}];nfForms.push(form);<\/script>\n                <script id=\"nf-tmpl-cell\" type=\"text\/template\">\n            <nf-fields><\/nf-fields>\n        <\/script>\n\n        <script id=\"nf-tmpl-row\" type=\"text\/template\">\n            <nf-cells><\/nf-cells>\n        <\/script>\n\n                <img loading=\"lazy\" decoding=\"async\" width=\"1500\" height=\"705\" src=\"https:\/\/www.koronakarkonoszy.pl\/blog\/wp-content\/uploads\/2022\/06\/Dwor-Korona-Karkonoszy.jpg\" class=\"attachment-full size-full\" alt=\"\" srcset=\"https:\/\/www.koronakarkonoszy.pl\/blog\/wp-content\/uploads\/2022\/06\/Dwor-Korona-Karkonoszy.jpg 1500w, https:\/\/www.koronakarkonoszy.pl\/blog\/wp-content\/uploads\/2022\/06\/Dwor-Korona-Karkonoszy-300x141.jpg 300w, https:\/\/www.koronakarkonoszy.pl\/blog\/wp-content\/uploads\/2022\/06\/Dwor-Korona-Karkonoszy-1024x481.jpg 1024w, https:\/\/www.koronakarkonoszy.pl\/blog\/wp-content\/uploads\/2022\/06\/Dwor-Korona-Karkonoszy-768x361.jpg 768w\" sizes=\"auto, (max-width: 1500px) 100vw, 1500px\" \/>        <\/div> \n    <\/div>\n<\/div>\n\n\n\n<p>Moda si\u0119 zmienia, oczekiwania i preferencje ludzi tak\u017ce. Dzi\u015b coraz cz\u0119\u015bciej narzeczeni wybieraj\u0105 \u015bwi\u0119towanie za\u015blubin w kameralnym gronie. <strong>Niewielkie przyj\u0119cia weselne maj\u0105 sw\u00f3j urok.<\/strong> <a href=\"https:\/\/www.koronakarkonoszy.pl\/blog\/kameralny-slub-w-gorach\/\" target=\"_blank\" rel=\"noreferrer noopener\">Kameralny \u015blub<\/a> i wesele maj\u0105 intymny, wyj\u0105tkowo rodzinny charakter i tworz\u0105 niesamowicie romantyczn\u0105, wr\u0119cz magiczn\u0105 aur\u0119. Celebrowanie wiecznej mi\u0142o\u015bci w takiej atmosferze bez w\u0105tpienia b\u0119dzie niepowtarzalnym prze\u017cyciem zar\u00f3wno dla zakochanych, jak i dla ich najbli\u017cszych.<\/p>\n\n\n\n<figure class=\"wp-block-image size-large\"><img loading=\"lazy\" decoding=\"async\" width=\"1024\" height=\"682\" src=\"https:\/\/www.koronakarkonoszy.pl\/blog\/wp-content\/uploads\/2022\/01\/aranzacja-sali-weselnej-2-1024x682.jpg\" alt=\"Aran\u017cacja sali weselnej: co warto wiedzie\u0107?\" class=\"wp-image-2725\" srcset=\"https:\/\/www.koronakarkonoszy.pl\/blog\/wp-content\/uploads\/2022\/01\/aranzacja-sali-weselnej-2-1024x682.jpg 1024w, https:\/\/www.koronakarkonoszy.pl\/blog\/wp-content\/uploads\/2022\/01\/aranzacja-sali-weselnej-2-300x200.jpg 300w, https:\/\/www.koronakarkonoszy.pl\/blog\/wp-content\/uploads\/2022\/01\/aranzacja-sali-weselnej-2-768x512.jpg 768w, https:\/\/www.koronakarkonoszy.pl\/blog\/wp-content\/uploads\/2022\/01\/aranzacja-sali-weselnej-2.jpg 1255w\" sizes=\"auto, (max-width: 1024px) 100vw, 1024px\" \/><figcaption class=\"wp-element-caption\"><strong><a href=\"https:\/\/www.koronakarkonoszy.pl\/dworska-sala-balowa\/\" target=\"_blank\" rel=\"noreferrer noopener\">Dworska Sala Balowa<\/a>, Dw\u00f3r Korona Karkonoszy, <a href=\"https:\/\/www.koronakarkonoszy.pl\/blog-atrakcje\/sosnowka\/\" class=\"links-placer\">Sosn\u00f3wka<\/a> k. Karpacza<\/strong> <\/figcaption><\/figure>\n\n\n\n<p>Nie mo\u017cna zapomnie\u0107 r\u00f3wnie\u017c o aspekcie ekonomicznym. Wesele do 50 os\u00f3b b\u0119dzie kosztowa\u0107 zdecydowanie mniej ni\u017c to, na kt\u00f3re zaproszono 150 czy 200 go\u015bci. Zaoszcz\u0119dzone pieni\u0105dze mo\u017cna wyda\u0107 na dodatkowe atrakcje i <a href=\"https:\/\/www.koronakarkonoszy.pl\/blog\/akcesoria-weselne\/\" target=\"_blank\" rel=\"noreferrer noopener\">akcesoria weselne<\/a>, kt\u00f3re urozmaic\u0105 przyj\u0119cie i uczyni\u0105 je jedynym w swoim rodzaju. Zgromadzone pieni\u0105dze mo\u017cna te\u017c przeznaczy\u0107 na niezapomnian\u0105 podr\u00f3\u017c po\u015blubn\u0105, kt\u00f3ra zapewni nowo\u017ce\u0144com chwil\u0119 relaksu, zanim wpadn\u0105 w wir codziennych obowi\u0105zk\u00f3w.<\/p>\n\n\n<section id=\"leonardo-block_c0e2ab11a5be97b49e6c77f4f2f5ef6a\" class=\"leonardo page-breaker leonardo-image-right\">\r\n    <div class=\"leonardo-body\">\r\n        <h2 class=\"leonardo-title\" id=\"h-lista-gosci-na-kameralne-wesele\">Lista go\u015bci na kameralne wesele<\/h2>        <div class=\"leonardo-content\"><p>Stworzenie listy go\u015bci weselnych to nie lada wyzwanie \u2013 a szczeg\u00f3lnie w przypadku kameralnego przyj\u0119cia. Wujostwo, liczni kuzyni wraz z partnerami, a niejednokrotnie te\u017c z gromadk\u0105 dzieci, bli\u017csi i dalsi znajomi, s\u0105siedzi, a nawet syn kolegi z \u017con\u0105 (bo przecie\u017c kiedy\u015b zaprosi\u0142 nas na swoje wesele) \u2013 po zebraniu wszystkich nazwisk lista weselna mo\u017ce urosn\u0105\u0107 do niebotycznych rozmiar\u00f3w (i koszty weselna r\u00f3wnie\u017c).<\/p>\n<p><strong>Kogo <\/strong><strong>zaprosi\u0107 na wesele?<\/strong> \u015alub to wydarzenie, w kt\u00f3rym najwa\u017cniejsza jest m\u0142oda para. To w\u0142a\u015bnie ona powinna zdecydowa\u0107, kogo chce go\u015bci\u0107 na swoim przyj\u0119ciu, a kogo nie \u2013 bez \u017cadnej presji ze strony rodzic\u00f3w, dziadk\u00f3w czy innych os\u00f3b.<\/p>\n<p>Przy tworzeniu listy go\u015bci warto kierowa\u0107 si\u0119 jedn\u0105, prost\u0105 zasad\u0105 \u2013 w przyj\u0119ciu weselnym powinny uczestniczy\u0107 ci, z kt\u00f3rymi narzeczeni maj\u0105 najlepszy kontakt. Warto zaprosi\u0107 te osoby, w kt\u00f3rych towarzystwie czuj\u0105 si\u0119 najlepiej i bez kt\u00f3rych nie wyobra\u017caj\u0105 sobie tego wyj\u0105tkowego dnia.<\/p>\n<\/div>\r\n                    <aside class=\"leonardo-interlink\">\r\n                <b>Polecamy<\/b>\r\n                <a href=\"https:\/\/www.koronakarkonoszy.pl\/blog\/kogo-zaprosic-na-wesele-by-nie-zalowac\/\">Kogo zaprosi\u0107 na wesele, by nie \u017ca\u0142owa\u0107?<\/a>\r\n            <\/aside>\r\n            <\/div>\r\n    <div class=\"leonardo-image\">\r\n        <img loading=\"lazy\" decoding=\"async\" width=\"1920\" height=\"1280\" src=\"https:\/\/www.koronakarkonoszy.pl\/blog\/wp-content\/uploads\/2022\/02\/markus-winkler-OQ48N5FDW1w-unsplash.jpg\" class=\"attachment-full size-full\" alt=\"\" srcset=\"https:\/\/www.koronakarkonoszy.pl\/blog\/wp-content\/uploads\/2022\/02\/markus-winkler-OQ48N5FDW1w-unsplash.jpg 1920w, https:\/\/www.koronakarkonoszy.pl\/blog\/wp-content\/uploads\/2022\/02\/markus-winkler-OQ48N5FDW1w-unsplash-300x200.jpg 300w, https:\/\/www.koronakarkonoszy.pl\/blog\/wp-content\/uploads\/2022\/02\/markus-winkler-OQ48N5FDW1w-unsplash-1024x683.jpg 1024w, https:\/\/www.koronakarkonoszy.pl\/blog\/wp-content\/uploads\/2022\/02\/markus-winkler-OQ48N5FDW1w-unsplash-768x512.jpg 768w, https:\/\/www.koronakarkonoszy.pl\/blog\/wp-content\/uploads\/2022\/02\/markus-winkler-OQ48N5FDW1w-unsplash-1536x1024.jpg 1536w\" sizes=\"auto, (max-width: 1920px) 100vw, 1920px\" \/>            <\/div>\r\n<\/section>\n\n\n<h2 class=\"wp-block-heading\" id=\"h-ile-kosztuje-wesele-do-50-os-b\"><strong>Ile kosztuje wesele do 50 os\u00f3b?<\/strong><\/h2>\n\n\n\n<p>Organizacja wesela wi\u0105\u017ce si\u0119 ze sporym wydatkiem. Dlatego, zanim rozpoczniemy planowanie wydarzenia, warto szczeg\u00f3\u0142owo okre\u015bli\u0107 sw\u00f3j&nbsp;<a href=\"https:\/\/www.koronakarkonoszy.pl\/blog\/budzet-slubny\/\" target=\"_blank\" rel=\"noreferrer noopener\">bud\u017cet \u015blubny<\/a>&nbsp;i rozpisa\u0107&nbsp;<a href=\"https:\/\/www.koronakarkonoszy.pl\/blog\/kosztorys-wesela\/\" target=\"_blank\" rel=\"noreferrer noopener\">kosztorys wesela<\/a>&nbsp;uwzgl\u0119dniaj\u0105cy wszystkie wydatki \u2013 w tym catering, alkohol, dekoracje, opraw\u0119 muzyczn\u0105, dodatkowe atrakcje i nieprzewidziane koszty.&nbsp;<\/p>\n\n\n\n<p>Najwi\u0119cej kosztuje <strong>wynaj\u0119cie <\/strong><a href=\"https:\/\/www.koronakarkonoszy.pl\/blog\/sala-weselna-w-gorach\/\" target=\"_blank\" rel=\"noreferrer noopener\"><strong>sali weselnej<\/strong><\/a>. Lokale weselne zwykle pobieraj\u0105 tzw. op\u0142at\u0119 za talerzyk, czyli ilo\u015b\u0107 jedzenia przewidzian\u0105 dla jednej osoby. Cena za talerzyk mo\u017ce waha\u0107 si\u0119 od 150 z\u0142otych do nawet 400 z\u0142otych. Wszystko zale\u017cy od renomy obiektu weselnego, lokalizacji, formy, rodzaju i liczby da\u0144 oraz wykorzystanych sk\u0142adnik\u00f3w. Cz\u0119sto du\u017ce znaczenie ma r\u00f3wnie\u017c pora roku (w sezonie letnim zwykle jest dro\u017cej), a nawet dzie\u0144 tygodnia (przyj\u0119cie w sobot\u0119 b\u0119dzie dro\u017csze ni\u017c&nbsp;<a href=\"https:\/\/www.koronakarkonoszy.pl\/blog\/czy-warto-zorganizowac-wesele-w-tygodniu\/\" target=\"_blank\" rel=\"noreferrer noopener\">wesele w tygodniu<\/a>).<\/p>\n\n\n\n<figure class=\"wp-block-image size-large\"><a href=\"https:\/\/www.koronakarkonoszy.pl\/wesele\/\" target=\"_blank\" rel=\"noreferrer noopener\"><img loading=\"lazy\" decoding=\"async\" width=\"1024\" height=\"512\" src=\"https:\/\/www.koronakarkonoszy.pl\/blog\/wp-content\/uploads\/2022\/06\/stylowy_dwor_wesleny_DKK-3-1024x512.jpg\" alt=\"\" class=\"wp-image-4637\" srcset=\"https:\/\/www.koronakarkonoszy.pl\/blog\/wp-content\/uploads\/2022\/06\/stylowy_dwor_wesleny_DKK-3-1024x512.jpg 1024w, https:\/\/www.koronakarkonoszy.pl\/blog\/wp-content\/uploads\/2022\/06\/stylowy_dwor_wesleny_DKK-3-300x150.jpg 300w, https:\/\/www.koronakarkonoszy.pl\/blog\/wp-content\/uploads\/2022\/06\/stylowy_dwor_wesleny_DKK-3-768x384.jpg 768w, https:\/\/www.koronakarkonoszy.pl\/blog\/wp-content\/uploads\/2022\/06\/stylowy_dwor_wesleny_DKK-3.jpg 1200w\" sizes=\"auto, (max-width: 1024px) 100vw, 1024px\" \/><\/a><\/figure>\n\n\n\n<p>W cenie talerzyka uwzgl\u0119dnione s\u0105: obiad w formie przystawki, drugiego dania i deseru, 2-3 dodatkowe dania na ciep\u0142o, talerze z przystawkami na zimno, czasem r\u00f3wnie\u017c napoje bezalkoholowe w okre\u015blonej ilo\u015bci na osob\u0119. Cena zwykle nie obejmuje <a href=\"https:\/\/www.koronakarkonoszy.pl\/blog\/korkowe-na-weselu\/\" target=\"_blank\" rel=\"noreferrer noopener\">op\u0142aty korkowej<\/a>, alkoholu, <a href=\"https:\/\/www.koronakarkonoszy.pl\/blog\/jaki-tort-na-wesele-bedzie-najbardziej-elegancki\/\" target=\"_blank\" rel=\"noreferrer noopener\">tortu weselnego<\/a>, cz\u0119sto te\u017c ciast czy op\u0142aty za serwis. Koszt wynaj\u0119cia <a href=\"https:\/\/www.koronakarkonoszy.pl\/blog\/sala-na-wesele-co-warto-wiedziec\/\">sali na wesele<\/a> na 50 os\u00f3b to minimum 7500 z\u0142otych przy ni\u017cszym standardzie, nawet do 20 000 z\u0142otych przy standardzie wy\u017cszym \u2013 plus dodatkowe op\u0142aty, kt\u00f3re mog\u0105 wynie\u015b\u0107 nawet kilka tysi\u0119cy z\u0142otych.<\/p>\n\n\n<section id=\"leonardo-block_a397a4a831c5f4238c8901a829df15ae\" class=\"leonardo page-breaker leonardo-image-left\">\r\n    <div class=\"leonardo-body\">\r\n        <h2 class=\"leonardo-title\" id=\"h-wesele-do-50-osob-koszt-dodatkowych-atrakcji\">Wesele do 50 os\u00f3b \u2013 koszt dodatkowych atrakcji<\/h2>        <div class=\"leonardo-content\"><p>Na przyj\u0119ciu weselnym nie mo\u017ce zabrakn\u0105\u0107 oprawy muzycznej. Koszty wynaj\u0119cia zespo\u0142u weselnego to oko\u0142o 2000-5000 z\u0142otych. Za DJ-a zap\u0142acimy nieco mniej, bo od 1500 do 3000 z\u0142otych.<\/p>\n<p>Do tego trzeba doliczy\u0107 cen\u0119 dekoracji i ewentualnie koszt dodatkowych atrakcji oraz wynaj\u0119cia fotografa czy kamerzysty. Ostateczna cena za wesele do 50 os\u00f3b, w zale\u017cno\u015bci od standardu i charakteru imprezy oraz dodatkowych udogodnie\u0144, mo\u017ce wynie\u015b\u0107 od kilkunastu do nawet kilkudziesi\u0119ciu tysi\u0119cy z\u0142otych \u2013 co i tak jest kwot\u0105 znacznie ni\u017csz\u0105 ni\u017c wydatki na wesele na 150 czy 200 os\u00f3b.<\/p>\n<\/div>\r\n                    <aside class=\"leonardo-interlink\">\r\n                <b>Polecamy<\/b>\r\n                <a href=\"https:\/\/www.koronakarkonoszy.pl\/blog\/jak-zorganizowac-przyjecie-weselne-na-30-osob\/\">Jak zorganizowa\u0107 przyj\u0119cie weselne na 30 os\u00f3b?<\/a>\r\n            <\/aside>\r\n            <\/div>\r\n    <div class=\"leonardo-image\">\r\n        <img loading=\"lazy\" decoding=\"async\" width=\"1875\" height=\"2560\" src=\"https:\/\/www.koronakarkonoszy.pl\/blog\/wp-content\/uploads\/2022\/02\/zane-persaud-F_2bqTZ0Vl0-unsplash-scaled.jpg\" class=\"attachment-full size-full\" alt=\"\" srcset=\"https:\/\/www.koronakarkonoszy.pl\/blog\/wp-content\/uploads\/2022\/02\/zane-persaud-F_2bqTZ0Vl0-unsplash-scaled.jpg 1875w, https:\/\/www.koronakarkonoszy.pl\/blog\/wp-content\/uploads\/2022\/02\/zane-persaud-F_2bqTZ0Vl0-unsplash-220x300.jpg 220w, https:\/\/www.koronakarkonoszy.pl\/blog\/wp-content\/uploads\/2022\/02\/zane-persaud-F_2bqTZ0Vl0-unsplash-750x1024.jpg 750w, https:\/\/www.koronakarkonoszy.pl\/blog\/wp-content\/uploads\/2022\/02\/zane-persaud-F_2bqTZ0Vl0-unsplash-768x1048.jpg 768w, https:\/\/www.koronakarkonoszy.pl\/blog\/wp-content\/uploads\/2022\/02\/zane-persaud-F_2bqTZ0Vl0-unsplash-1406x1920.jpg 1406w, https:\/\/www.koronakarkonoszy.pl\/blog\/wp-content\/uploads\/2022\/02\/zane-persaud-F_2bqTZ0Vl0-unsplash-1125x1536.jpg 1125w, https:\/\/www.koronakarkonoszy.pl\/blog\/wp-content\/uploads\/2022\/02\/zane-persaud-F_2bqTZ0Vl0-unsplash-1500x2048.jpg 1500w\" sizes=\"auto, (max-width: 1875px) 100vw, 1875px\" \/>            <\/div>\r\n<\/section>\n\n\n<h2 class=\"wp-block-heading\" id=\"h-gdzie-zorganizowa-wesele-do-50-os-b\"><strong>Gdzie zorganizowa\u0107 wesele do 50 os\u00f3b?<\/strong><\/h2>\n\n\n\n<p>Wyb\u00f3r odpowiedniego miejsca na wesele to po\u0142owa sukcesu.&nbsp;<a href=\"https:\/\/www.koronakarkonoszy.pl\/sala-weselna\/\" target=\"_blank\" rel=\"noreferrer noopener\">Sala weselna<\/a>&nbsp;powinna odzwierciedla\u0107 marzenia przysz\u0142ych nowo\u017ce\u0144c\u00f3w. Powinna idealnie wpisywa\u0107 si\u0119 w ich wy\u015bnion\u0105 wizj\u0119 \u015blubu i pasowa\u0107 do wybranego motywu przewodniego. Przy tym nie mo\u017ce by\u0107 zbyt ciasna, aby go\u015bcie mogli swobodnie i komfortowo biesiadowa\u0107 przy stole i ta\u0144czy\u0107 na parkiecie. Nie warto jednak przesadza\u0107 w drug\u0105 stron\u0119 i wybiera\u0107 przestronnego lokalu przeznaczonego na huczne, 200-osobowe wesela. Dlaczego? Bo go\u015bcie rozprosz\u0105 si\u0119 po ca\u0142ej sali, we wn\u0119trzu b\u0119dzie pusto i ma\u0142o przytulnie.<\/p>\n\n\n\n<figure class=\"wp-block-image size-large is-resized\"><img loading=\"lazy\" decoding=\"async\" width=\"1024\" height=\"682\" src=\"https:\/\/www.koronakarkonoszy.pl\/blog\/wp-content\/uploads\/2020\/10\/DSC_3945-1024x682.jpg\" alt=\"\" class=\"wp-image-4864\" style=\"width:840px;height:559px\" srcset=\"https:\/\/www.koronakarkonoszy.pl\/blog\/wp-content\/uploads\/2020\/10\/DSC_3945-1024x682.jpg 1024w, https:\/\/www.koronakarkonoszy.pl\/blog\/wp-content\/uploads\/2020\/10\/DSC_3945-300x200.jpg 300w, https:\/\/www.koronakarkonoszy.pl\/blog\/wp-content\/uploads\/2020\/10\/DSC_3945-768x511.jpg 768w, https:\/\/www.koronakarkonoszy.pl\/blog\/wp-content\/uploads\/2020\/10\/DSC_3945-1536x1022.jpg 1536w, https:\/\/www.koronakarkonoszy.pl\/blog\/wp-content\/uploads\/2020\/10\/DSC_3945.jpg 1600w\" sizes=\"auto, (max-width: 1024px) 100vw, 1024px\" \/><figcaption class=\"wp-element-caption\"><strong>Sala Z\u0142ota, <a href=\"https:\/\/www.koronakarkonoszy.pl\/wesele\/\" target=\"_blank\" rel=\"noreferrer noopener\">Dw\u00f3r Korona Karkonoszy<\/a>, Sosn\u00f3wka k. Karpacza<\/strong><\/figcaption><\/figure>\n\n\n\n<p>Organizacja wesela do 50 os\u00f3b daje du\u017ce mo\u017cliwo\u015bci w kwestii wyboru miejsca. Mniejszych lokali jest zdecydowanie wi\u0119cej ni\u017c tych du\u017cych, kt\u00f3re s\u0105 w stanie zmie\u015bci\u0107 150 czy 200 os\u00f3b. <strong>Kameralne wesele mo\u017cna wyprawi\u0107 zar\u00f3wno w klasycznej sali weselnej, jak i w sali balowej czy kominkowej<\/strong> usytuowanej w obiekcie wypoczynkowym, w oddzielnym pomieszczeniu w restauracji, a latem nawet wzi\u0105\u0107&nbsp;<a href=\"https:\/\/www.koronakarkonoszy.pl\/blog\/wszystko-co-musisz-wiedziec-o-slubach-w-plenerze\/\" target=\"_blank\" rel=\"noreferrer noopener\">\u015blub w plenerze<\/a>&nbsp;czy w namiocie. Przy wyborze przede wszystkim nale\u017cy wzi\u0105\u0107 pod uwag\u0119 wybrany <strong>styl wesela<\/strong>. Sala b\u0119dzie bowiem tworzy\u0107 t\u0142o do dekoracji. Wa\u017cne jest zatem, aby idealnie wsp\u00f3\u0142gra\u0142a z weseln\u0105 aran\u017cacj\u0105.&nbsp;<\/p>\n\n\n\n<p>Stolica wojew\u00f3dztwa dolno\u015bl\u0105skiego to cz\u0119sto wybierane miejsce na wesele. Du\u017ce miasto oznacza mo\u017cliwo\u015b\u0107 wyboru spo\u015br\u00f3d wielu lokali na wesele.\u00a0<a href=\"https:\/\/www.koronakarkonoszy.pl\/blog\/wesele-okolice-wroclawia\/\" target=\"_blank\" rel=\"noreferrer noopener\">Wesele Wroc\u0142aw<\/a>\u00a0to \u015bwiat\u0142o, zgie\u0142k i energia wielkiego miasta. Dla wielu Par M\u0142odych taka impreza \u015blubna w centrum ma sw\u00f3j urok.\u00a0A mo\u017ce jednak lepsze b\u0119dzie\u00a0<a href=\"https:\/\/www.koronakarkonoszy.pl\/wesela\/wesele-karpacz\/\" target=\"_blank\" rel=\"noreferrer noopener\">wesele Karpacz\u00a0<\/a>\u2013 albo jego okolice? Wesele w g\u00f3rach to marzenie wielu Par M\u0142odych. \u00a0<\/p>\n\n\n<section id=\"leonardo-block_324bdc6e523a742a67bba228d16e17e4\" class=\"leonardo page-breaker leonardo-image-right\">\r\n    <div class=\"leonardo-body\">\r\n        <h2 class=\"leonardo-title\" id=\"h-mikro-wesele-moda-czy-koniecznosc\">Mikro wesele &#8211; moda czy konieczno\u015b\u0107?<\/h2>        <div class=\"leonardo-content\"><p><!-- wp:heading --><\/p>\n<p>W ostatnim czasie coraz cz\u0119\u015bciej s\u0142yszymy o tak zwanych &#8222;mikro weselach&#8221; &#8211; ma\u0142ych, intymnych uroczysto\u015bciach, w kt\u00f3rych bior\u0105 udzia\u0142 tylko najbli\u017csi krewni i przyjaciele pary m\u0142odej. Ale czy jest to moda, czy jednak konieczno\u015b\u0107? Odpowied\u017a na to pytanie zale\u017cy od wielu czynnik\u00f3w, takich jak preferencje i sytuacja finansowa Pary M\u0142odej.<\/p>\n<p><!-- \/wp:paragraph --> <!-- wp:paragraph --><\/p>\n<p>Mikro wesela, czyli \u015bluby z udzia\u0142em kilku czy kilkunastu os\u00f3b sta\u0142y si\u0119 coraz bardziej popularne w ostatnich latach. Powod\u00f3w takiego stanu rzeczy jest kilka. Po pierwsze, wiele par m\u0142odych ma ograniczony <strong>bud\u017cet na wesele<\/strong>. Organizacja ma\u0142ej uroczysto\u015bci, zamiast du\u017cego przyj\u0119cia z setk\u0105 go\u015bci, pozwala na zaoszcz\u0119dzenie sporej sumy pieni\u0119dzy. Po drugie, w dzisiejszych czasach wiele os\u00f3b nie chce urz\u0105dza\u0107 du\u017cych uroczysto\u015bci, preferuj\u0105c bardziej kameralne spotkania z bliskimi.<\/p>\n<p><!-- \/wp:paragraph --> <!-- wp:paragraph --><\/p>\n<p>Do popularno\u015bci mikro wesel przyczyni\u0142a si\u0119 w du\u017cej mierze pandemia. W zwi\u0105zku z obostrzeniami i ograniczeniami, wi\u0119kszo\u015b\u0107 tradycyjnych wesel musia\u0142a zosta\u0107 wtedy odwo\u0142ana lub prze\u0142o\u017cona. Mikro wesela pozwala\u0142y na zachowanie dystansu spo\u0142ecznego i unikni\u0119cie zbyt bliskiego kontaktu z innymi osobami.<\/p>\n<p><!-- \/wp:paragraph --> <!-- wp:paragraph --><\/p>\n<p>Mikro wesela sta\u0142y si\u0119 na jaki\u015b czas mod\u0105, ale nie oznacza to, \u017ce s\u0105 one trwa\u0142ym trendem. Dla wielu Par M\u0142odych organizacja ma\u0142ych uroczysto\u015bci to po prostu konieczno\u015b\u0107, a nie wyb\u00f3r, kt\u00f3ry odpowiada ich preferencjom i sytuacji finansowej. Ma\u0142e wesela s\u0105 tak\u017ce dobrym rozwi\u0105zaniem dla os\u00f3b, kt\u00f3re chc\u0105 \u015bwi\u0119towa\u0107 swoje wesele w bardziej intymny spos\u00f3b, w otoczeniu najbli\u017cszych przyjaci\u00f3\u0142 i rodziny.<\/p>\n<p><!-- \/wp:paragraph --><\/p>\n<\/div>\r\n            <\/div>\r\n    <div class=\"leonardo-image\">\r\n        <img loading=\"lazy\" decoding=\"async\" width=\"2560\" height=\"1709\" src=\"https:\/\/www.koronakarkonoszy.pl\/blog\/wp-content\/uploads\/2023\/03\/samantha-gades-RHAtRIT3-CE-unsplash-1-scaled.jpg\" class=\"attachment-full size-full\" alt=\"\" srcset=\"https:\/\/www.koronakarkonoszy.pl\/blog\/wp-content\/uploads\/2023\/03\/samantha-gades-RHAtRIT3-CE-unsplash-1-scaled.jpg 2560w, https:\/\/www.koronakarkonoszy.pl\/blog\/wp-content\/uploads\/2023\/03\/samantha-gades-RHAtRIT3-CE-unsplash-1-300x200.jpg 300w, https:\/\/www.koronakarkonoszy.pl\/blog\/wp-content\/uploads\/2023\/03\/samantha-gades-RHAtRIT3-CE-unsplash-1-1024x684.jpg 1024w, https:\/\/www.koronakarkonoszy.pl\/blog\/wp-content\/uploads\/2023\/03\/samantha-gades-RHAtRIT3-CE-unsplash-1-768x513.jpg 768w, https:\/\/www.koronakarkonoszy.pl\/blog\/wp-content\/uploads\/2023\/03\/samantha-gades-RHAtRIT3-CE-unsplash-1-1920x1282.jpg 1920w, https:\/\/www.koronakarkonoszy.pl\/blog\/wp-content\/uploads\/2023\/03\/samantha-gades-RHAtRIT3-CE-unsplash-1-1536x1025.jpg 1536w, https:\/\/www.koronakarkonoszy.pl\/blog\/wp-content\/uploads\/2023\/03\/samantha-gades-RHAtRIT3-CE-unsplash-1-2048x1367.jpg 2048w, https:\/\/www.koronakarkonoszy.pl\/blog\/wp-content\/uploads\/2023\/03\/samantha-gades-RHAtRIT3-CE-unsplash-1-18x12.jpg 18w\" sizes=\"auto, (max-width: 2560px) 100vw, 2560px\" \/>            <\/div>\r\n<\/section>\n\n\n<h2 class=\"wp-block-heading\" id=\"ha-obiad-weselny-do-50-osob\">Obiad weselny do 50 os\u00f3b<\/h2>\n\n\n\n<p>Organizacja wesela to wyzwanie, szczeg\u00f3lnie w przypadku uroczysto\u015bci dla niewielkiej liczby go\u015bci. Jak uczyni\u0107 je wyj\u0105tkowym, nawet je\u015bli to kameralne przyj\u0119cie? Jednym z kluczowych element\u00f3w wesela jest oczywi\u015bcie obiad weselny. Oto kilka propozycji <strong>menu na wesele do 50 os\u00f3b<\/strong>.<\/p>\n\n\n\n<h3 class=\"wp-block-heading\" id=\"ha-menu-klasyczne\">Menu klasyczne<\/h3>\n\n\n\n<p>Tradycyjne klasyczne menu weselne sk\u0142ada si\u0119 z przystawki, zupy, dania g\u0142\u00f3wnego i deseru. W przypadku ma\u0142ego wesela mo\u017cna zdecydowa\u0107 si\u0119 na tradycyjne polskie dania, takie jak zupa og\u00f3rkowa, pierogi, schab po parysku lub filet z kurczaka w sosie grzybowym. Na deser mo\u017cna przygotowa\u0107 na przyk\u0142ad sernik lub szarlotk\u0119.<\/p>\n\n\n\n<figure class=\"wp-block-image size-full\"><img loading=\"lazy\" decoding=\"async\" width=\"800\" height=\"534\" src=\"https:\/\/www.koronakarkonoszy.pl\/blog\/wp-content\/uploads\/2021\/07\/menu_wesele_latem.jpg\" alt=\"menu wesele latem\" class=\"wp-image-847\" srcset=\"https:\/\/www.koronakarkonoszy.pl\/blog\/wp-content\/uploads\/2021\/07\/menu_wesele_latem.jpg 800w, https:\/\/www.koronakarkonoszy.pl\/blog\/wp-content\/uploads\/2021\/07\/menu_wesele_latem-300x200.jpg 300w, https:\/\/www.koronakarkonoszy.pl\/blog\/wp-content\/uploads\/2021\/07\/menu_wesele_latem-768x513.jpg 768w\" sizes=\"auto, (max-width: 800px) 100vw, 800px\" \/><figcaption class=\"wp-element-caption\"><strong>Menu na wesele<\/strong>, <strong><a href=\"https:\/\/www.koronakarkonoszy.pl\/wesele\/\" target=\"_blank\" rel=\"noreferrer noopener\">Dw\u00f3r Korona Karkonoszy<\/a>, Sosn\u00f3wka k. Karpacza<\/strong> <\/figcaption><\/figure>\n\n\n\n<h3 class=\"wp-block-heading\" id=\"ha-menu-dla-wegetarian\">Menu dla wegetarian<\/h3>\n\n\n\n<p>Menu wegetaria\u0144skie &#8211; je\u015bli w\u015br\u00f3d go\u015bci s\u0105 osoby, kt\u00f3re preferuj\u0105 diet\u0119 bezmi\u0119sn\u0105, warto zaoferowa\u0107 menu wegetaria\u0144skie. Przystawk\u0105 mo\u017ce by\u0107 sa\u0142atka grecka lub carpaccio z buraka, a zupa &#8211; krem z dyni. Dania g\u0142\u00f3wne to cho\u0107by risotto z grzybami lub warzywne curry. Na deser zaproponujmy na przyk\u0142ad sorbet lub owoce sezonowe.<\/p>\n\n\n\n<h3 class=\"wp-block-heading\" id=\"ha-kuchnia-miedzynarodowa\">Kuchnia mi\u0119dzynarodowa<\/h3>\n\n\n\n<p>Nawet je\u015bli mamy do czynienia z <a href=\"https:\/\/www.koronakarkonoszy.pl\/blog\/wesele-w-polsce\/\" target=\"_blank\" rel=\"noreferrer noopener\">weselem w Polsce<\/a>, cz\u0119sto Para M\u0142oda lub go\u015bcie pochodz\u0105 z r\u00f3\u017cnych kraj\u00f3w. Warto wtedy rozwa\u017cy\u0107 menu mi\u0119dzynarodowe. Jako przystawki mo\u017cemy poda\u0107 na przyk\u0142ad sushi lub krewetki w tempurze, a jako zup\u0119 &#8211; pho lub ramen. Daniami g\u0142\u00f3wnymi mog\u0105 by\u0107 tajskie curry lub w\u0142oska pizza. Na deser rozwa\u017cmy tiramisu lub crema catalana.<\/p>\n\n\n\n<figure class=\"wp-block-image size-full\"><img loading=\"lazy\" decoding=\"async\" width=\"1024\" height=\"683\" src=\"https:\/\/www.koronakarkonoszy.pl\/blog\/wp-content\/uploads\/2021\/07\/menu_wesele_jesienia.jpg\" alt=\"menu wesele jesieni\u0105\" class=\"wp-image-869\" srcset=\"https:\/\/www.koronakarkonoszy.pl\/blog\/wp-content\/uploads\/2021\/07\/menu_wesele_jesienia.jpg 1024w, https:\/\/www.koronakarkonoszy.pl\/blog\/wp-content\/uploads\/2021\/07\/menu_wesele_jesienia-300x200.jpg 300w, https:\/\/www.koronakarkonoszy.pl\/blog\/wp-content\/uploads\/2021\/07\/menu_wesele_jesienia-768x512.jpg 768w\" sizes=\"auto, (max-width: 1024px) 100vw, 1024px\" \/><figcaption class=\"wp-element-caption\"><strong>Weselne menu <\/strong><\/figcaption><\/figure>\n\n\n\n<h3 class=\"wp-block-heading\" id=\"ha-menu-w-wersji-light\">Menu w wersji light<\/h3>\n\n\n\n<p>W przypadku, gdy Para M\u0142oda lub go\u015bcie preferuj\u0105 lekkie i zdrowe dania, warto zaoferowa\u0107 menu light. Przystawk\u0105 mo\u017ce by\u0107 sa\u0142atka z pomidor\u00f3w i mozzarelli lub carpaccio z \u0142ososia. Zupa to na przyk\u0142ad ch\u0142odnik z botwinki, a danie g\u0142\u00f3wne &#8211; grillowany kurczak z sa\u0142atk\u0105 z quinoa. Na deser mo\u017cna poda\u0107 owoce sezonowe lub sorbet.<\/p>\n\n\n\n<p>Menu na wesele do 50 os\u00f3b z pewno\u015bci\u0105 powinno by\u0107 dostosowane do preferencji i potrzeb wszystkich go\u015bci. Oczywi\u015bcie wa\u017cne jest, aby dania by\u0142y smaczne, urozmaicone i estetycznie podane. Je\u015bli uda nam si\u0119 trafi\u0107 w gusty go\u015bci weselnych a jeszcze dodatkowo zaskoczy\u0107 ich nowymi smakami, to uroczysto\u015b\u0107 weseln\u0105 mo\u017cna uzna\u0107 za udan\u0105.<\/p>\n\n\n<section id=\"leonardo-block_9961965a9d231e41c389d1a858ea9ecc\" class=\"leonardo page-breaker leonardo-image-left\">\r\n    <div class=\"leonardo-body\">\r\n        <h2 class=\"leonardo-title\" id=\"h-male-wesele-duze-mozliwosci\">Ma\u0142e wesele = du\u017ce mo\u017cliwo\u015bci<\/h2>        <div class=\"leonardo-content\"><p><!-- wp:heading --><\/p>\n<p>Nikt nie powiedzia\u0142, \u017ce wesele do 50 os\u00f3b nie mo\u017ce by\u0107 r\u00f3wnie spektakularne, co du\u017ce przyj\u0119cie. W kameralnym gronie te\u017c mo\u017cna \u015bwi\u0119towa\u0107 z rozmachem. Cz\u0119\u015b\u0107 pieni\u0119dzy zaoszcz\u0119dzonych na wynajmie sali mo\u017cna przeznaczy\u0107 na niepowtarzalne atrakcje, kt\u00f3re uczyni\u0105 ten wyj\u0105tkowy dzie\u0144 jeszcze pi\u0119kniejszym.<\/p>\n<p><!-- \/wp:paragraph --> <!-- wp:paragraph --><\/p>\n<p>Nasz\u0105 pierwsz\u0105 propozycj\u0105 na niesamowit\u0105 atrakcj\u0119 weseln\u0105 jest drink bar z pokazem barma\u0144skim. Drink bar to doskona\u0142a alternatywa dla alkoholu podawanego w tradycyjny spos\u00f3b. Wykwintne, kolorowe drinki w ozdobnym szkle urozmaic\u0105 weselne menu. Pokaz barma\u0144ski w rytm weso\u0142ej muzyki to za\u015b wspania\u0142e show, kt\u00f3re zapewni go\u015bciom moc wra\u017ce\u0144.<\/p>\n<p><!-- \/wp:paragraph --> <!-- wp:paragraph --><\/p>\n<p>Ta\u0144szym zamiennikiem dla profesjonalnego drink baru jest wersja DIY, w kt\u00f3rej ka\u017cdy go\u015b\u0107 b\u0119dzie m\u00f3g\u0142 samodzielnie przygotowa\u0107 orze\u017awiaj\u0105ce koktajle. Do przygotowania baru DIY potrzeba odpowiednio du\u017cej lady, kilku butelek r\u00f3\u017cnych alkoholi, sok\u00f3w i syrop\u00f3w barma\u0144skich, lodu w kostkach i pokruszonego, \u015bwie\u017cych i suszonych owoc\u00f3w oraz r\u00f3\u017cnych rodzaj\u00f3w ozdobnych szklanek i kieliszk\u00f3w. Nie trzeba za\u015b p\u0142aci\u0107 za obs\u0142ug\u0119 barma\u0144sk\u0105.<\/p>\n<p><!-- \/wp:paragraph --><\/p>\n<\/div>\r\n            <\/div>\r\n    <div class=\"leonardo-image\">\r\n        <img loading=\"lazy\" decoding=\"async\" width=\"800\" height=\"534\" src=\"https:\/\/www.koronakarkonoszy.pl\/blog\/wp-content\/uploads\/2021\/07\/jak-wybrac-alkohol-na-wesele.jpg\" class=\"attachment-full size-full\" alt=\"jaki alkohol na wesele\" srcset=\"https:\/\/www.koronakarkonoszy.pl\/blog\/wp-content\/uploads\/2021\/07\/jak-wybrac-alkohol-na-wesele.jpg 800w, https:\/\/www.koronakarkonoszy.pl\/blog\/wp-content\/uploads\/2021\/07\/jak-wybrac-alkohol-na-wesele-300x200.jpg 300w, https:\/\/www.koronakarkonoszy.pl\/blog\/wp-content\/uploads\/2021\/07\/jak-wybrac-alkohol-na-wesele-768x513.jpg 768w\" sizes=\"auto, (max-width: 800px) 100vw, 800px\" \/>            <\/div>\r\n<\/section>\n\n\n<h2 class=\"wp-block-heading\" id=\"ha-jak-wybrac-sale-na-wesele-do-50-osob\">Jak wybra\u0107 sal\u0119 na wesele do 50 os\u00f3b?<\/h2>\n\n\n\n<p>Organizacja wesela to wydarzenie, na kt\u00f3re wi\u0119kszo\u015b\u0107 os\u00f3b czeka z niecierpliwo\u015bci\u0105. Jednym z najwa\u017cniejszych element\u00f3w, kt\u00f3ry nale\u017cy uwzgl\u0119dni\u0107 w planowaniu wesela, jest wyb\u00f3r odpowiedniej sali. <strong>W przypadku wesela do 50 os\u00f3b, dob\u00f3r odpowiedniego miejsca staje si\u0119 jeszcze wa\u017cniejszy.<\/strong> Oto kilka porad, kt\u00f3re pomog\u0105 w wyborze idealnej sali na wesele dla 50 os\u00f3b.<\/p>\n\n\n\n<h3 class=\"wp-block-heading\" id=\"ha-ustal-budzet\">Ustal bud\u017cet<\/h3>\n\n\n\n<p>Przed podj\u0119ciem decyzji o wyborze sali na wesele, warto okre\u015bli\u0107 bud\u017cet, kt\u00f3ry chcesz i mo\u017cesz przeznaczy\u0107 na organizacj\u0119 uroczysto\u015bci. To pozwoli na skupienie si\u0119 na poszukiwaniu sal, kt\u00f3re mieszcz\u0105 si\u0119 w Twoim bud\u017cecie. Nie warto zaci\u0105ga\u0107 kredyt\u00f3w lub po\u017cyczek tylko po to, aby zorganizowa\u0107 wesele w luksusowej sali. Cho\u0107 z drugiej strony, skoro wesele robimy tylko raz w \u017cyciu, to przecie\u017c powinno by\u0107 wyj\u0105tkowe&#8230;<\/p>\n\n\n\n<figure class=\"wp-block-image size-full\"><img loading=\"lazy\" decoding=\"async\" width=\"720\" height=\"480\" src=\"https:\/\/www.koronakarkonoszy.pl\/blog\/wp-content\/uploads\/2022\/12\/wesele-Wroclaw-Dwor-Korona-Karkonoszy-wesele-w-gorach.jpg\" alt=\"\" class=\"wp-image-6547\" srcset=\"https:\/\/www.koronakarkonoszy.pl\/blog\/wp-content\/uploads\/2022\/12\/wesele-Wroclaw-Dwor-Korona-Karkonoszy-wesele-w-gorach.jpg 720w, https:\/\/www.koronakarkonoszy.pl\/blog\/wp-content\/uploads\/2022\/12\/wesele-Wroclaw-Dwor-Korona-Karkonoszy-wesele-w-gorach-300x200.jpg 300w\" sizes=\"auto, (max-width: 720px) 100vw, 720px\" \/><figcaption class=\"wp-element-caption\"><strong><a href=\"https:\/\/www.koronakarkonoszy.pl\/wesele\/\" target=\"_blank\" rel=\"noreferrer noopener\">Dw\u00f3r Korona Karkonoszy<\/a>, Sosn\u00f3wka k. Karpacza<\/strong><\/figcaption><\/figure>\n\n\n\n<h3 class=\"wp-block-heading\" id=\"ha-wybierz-lokalizacje\">Wybierz lokalizacj\u0119<\/h3>\n\n\n\n<p>Wyb\u00f3r lokalizacji sali weselnej jest kluczowy. Pami\u0119tajmy, \u017ce \u015blub i wesele to wyj\u0105tkowa okazja. To wydarzenie, o kt\u00f3rym wiele os\u00f3b chcia\u0142oby opowiada\u0107 dzieciom i wnukom. Dlatego niech miejsce naszego \u015blubu b\u0119dzie naprawd\u0119 wyj\u0105tkowe! Oczywi\u015bcie pami\u0119tajmy r\u00f3wnie\u017c o innych aspektach sali weselnej, takich jak na przyk\u0142ad miejsca noclegowe dla go\u015bci weselnych czy odpowiednia liczba miejsc parkingowych.<\/p>\n\n\n\n<h3 class=\"wp-block-heading\" id=\"ha-okresl-styl-wesela\">Okre\u015bl styl wesela<\/h3>\n\n\n\n<p>Warto zastanowi\u0107 si\u0119, jaki styl wesela nam odpowiada. Je\u015bli planujesz tradycyjne wesele, warto wybra\u0107 klasyczn\u0105 sal\u0119, kt\u00f3ra b\u0119dzie pasowa\u0107 do charakteru uroczysto\u015bci. Natomiast je\u015bli chcesz zorganizowa\u0107 bardziej nietypowe wesele, mo\u017cesz poszuka\u0107 oryginalnej sali, kt\u00f3ra b\u0119dzie odpowiada\u0142a Twoim pomys\u0142om. Lub ustali\u0107 z managerem sali wszystkie szczeg\u00f3\u0142y dotycz\u0105ce dekoracji sali na przyjecie weselne.<\/p>\n\n\n\n<figure class=\"wp-block-image size-large\"><img loading=\"lazy\" decoding=\"async\" width=\"1024\" height=\"683\" src=\"https:\/\/www.koronakarkonoszy.pl\/blog\/wp-content\/uploads\/2022\/03\/chairs-4082392_1280-1024x683.jpg\" alt=\"dekoracje krzese\u0142 na \u015blub: inspiracje\" class=\"wp-image-3279\" srcset=\"https:\/\/www.koronakarkonoszy.pl\/blog\/wp-content\/uploads\/2022\/03\/chairs-4082392_1280-1024x683.jpg 1024w, https:\/\/www.koronakarkonoszy.pl\/blog\/wp-content\/uploads\/2022\/03\/chairs-4082392_1280-300x200.jpg 300w, https:\/\/www.koronakarkonoszy.pl\/blog\/wp-content\/uploads\/2022\/03\/chairs-4082392_1280-768x512.jpg 768w, https:\/\/www.koronakarkonoszy.pl\/blog\/wp-content\/uploads\/2022\/03\/chairs-4082392_1280.jpg 1280w\" sizes=\"auto, (max-width: 1024px) 100vw, 1024px\" \/><figcaption class=\"wp-element-caption\"><strong>Dekoracje na wesele <\/strong><\/figcaption><\/figure>\n\n\n\n<h3 class=\"wp-block-heading\" id=\"ha-sprawdz-wyposazenie-sali\">Sprawd\u017a wyposa\u017cenie sali<\/h3>\n\n\n\n<p>Przed wynaj\u0119ciem sali weselnej warto dok\u0142adnie sprawdzi\u0107 wyposa\u017cenie, jakie jest w niej dost\u0119pne. Sprawd\u017a, czy sala posiada odpowiednie meble, wygodne krzes\u0142a i sto\u0142y, dobry sprz\u0119t nag\u0142a\u015bniaj\u0105cy oraz o\u015bwietlenie. Warto r\u00f3wnie\u017c sprawdzi\u0107, czy istnieje mo\u017cliwo\u015b\u0107 wynaj\u0119cia dodatkowych dekoracji, na przyk\u0142ad kwiat\u00f3w czy girland. Sprawd\u017amy te\u017c na przyk\u0142ad, jakie s\u0105 mo\u017cliwo\u015bci, je\u015bli chodzi o <a href=\"https:\/\/www.koronakarkonoszy.pl\/blog\/ustawienie-stolow-na-weselu\/\" target=\"_blank\" rel=\"noreferrer noopener\">ustawienie sto\u0142\u00f3w<\/a> albo czy dost\u0119pne s\u0105 sto\u0142y okr\u0105g\u0142e, w zale\u017cno\u015bci od preferencji.<\/p>\n\n\n\n<h3 class=\"wp-block-heading\" id=\"ha-sprawdz-opinie-i-referencje\">Sprawd\u017a opinie i referencje<\/h3>\n\n\n\n<p>Przed podj\u0119ciem decyzji o wyborze sali weselnej, warto sprawdzi\u0107 opinie na temat danego miejsca. Mo\u017cna poszuka\u0107 opinii w internecie lub zapyta\u0107 znajomych i rodzin\u0119 o do\u015bwiadczenia zwi\u0105zane z organizacj\u0105 wesela w danej sali. Referencje s\u0105 bardzo wa\u017cne, poniewa\u017c pozwol\u0105 Ci wybra\u0107 miejsce, kt\u00f3re naprawd\u0119 spe\u0142ni Twoje oczekiwania.<\/p>\n\n\n<section id=\"leonardo-block_afff7e2af502fec937d4c90fdc023dca\" class=\"leonardo page-breaker leonardo-image-right\">\r\n    <div class=\"leonardo-body\">\r\n        <h2 class=\"leonardo-title\" id=\"h-atrakcje-na-wesele-do-50-osob\">Atrakcje na wesele do 50 os\u00f3b <\/h2>        <div class=\"leonardo-content\"><p><!-- wp:paragraph --><\/p>\n<p>Inne niedrogie atrakcje, kt\u00f3re mo\u017cna wykorzysta\u0107 na weselu do 50 os\u00f3b to:<\/p>\n<p><!-- \/wp:paragraph --> <!-- wp:list --><\/p>\n<ul>\n<li>prosecco van,<\/li>\n<li>beer bar, czyli <a href=\"https:\/\/www.koronakarkonoszy.pl\/blog\/piwo-z-beczki-na-wesele\/\" target=\"_blank\" rel=\"noopener\">piwo z beczki<\/a><\/li>\n<li>fotobudka, wideobudka lub \u015bcianka do zdj\u0119\u0107 z polaroidu,<\/li>\n<li>fontanna czekoladowa,<\/li>\n<li>k\u0105cik gier planszowych,<\/li>\n<li>puszczanie baniek mydlanych,<\/li>\n<li>wiejski st\u00f3\u0142,<\/li>\n<li>bar z lemoniad\u0105,<\/li>\n<li>strefa relaksu w ogrodzie,<\/li>\n<li>karaoke,<\/li>\n<li>oryginalny pierwszy taniec.<\/li>\n<\/ul>\n<p><!-- \/wp:list --><\/p>\n<\/div>\r\n                    <aside class=\"leonardo-interlink\">\r\n                <b>Polecamy<\/b>\r\n                <a href=\"https:\/\/www.koronakarkonoszy.pl\/blog\/fotobudka-na-wesele\/\">Czy fotobudka na wesele to dobry pomys\u0142?<\/a>\r\n            <\/aside>\r\n            <\/div>\r\n    <div class=\"leonardo-image\">\r\n        <img loading=\"lazy\" decoding=\"async\" width=\"1920\" height=\"1282\" src=\"https:\/\/www.koronakarkonoszy.pl\/blog\/wp-content\/uploads\/2022\/02\/oscar-soderlund-zlyaBNrzbnA-unsplash.jpg\" class=\"attachment-full size-full\" alt=\"\" srcset=\"https:\/\/www.koronakarkonoszy.pl\/blog\/wp-content\/uploads\/2022\/02\/oscar-soderlund-zlyaBNrzbnA-unsplash.jpg 1920w, https:\/\/www.koronakarkonoszy.pl\/blog\/wp-content\/uploads\/2022\/02\/oscar-soderlund-zlyaBNrzbnA-unsplash-300x200.jpg 300w, https:\/\/www.koronakarkonoszy.pl\/blog\/wp-content\/uploads\/2022\/02\/oscar-soderlund-zlyaBNrzbnA-unsplash-1024x684.jpg 1024w, https:\/\/www.koronakarkonoszy.pl\/blog\/wp-content\/uploads\/2022\/02\/oscar-soderlund-zlyaBNrzbnA-unsplash-768x513.jpg 768w, https:\/\/www.koronakarkonoszy.pl\/blog\/wp-content\/uploads\/2022\/02\/oscar-soderlund-zlyaBNrzbnA-unsplash-1536x1026.jpg 1536w\" sizes=\"auto, (max-width: 1920px) 100vw, 1920px\" \/>            <\/div>\r\n<\/section>\n\n\n<p>Nikt nie m\u00f3wi, \u017ce dzie\u0144 \u015blubu trzeba koniecznie \u015bwi\u0119towa\u0107 w licznym gronie. Wesele do 50 os\u00f3b (a nawet mniejsze, na przyk\u0142ad <strong>przyj\u0119cie weselne na 30 os\u00f3b<\/strong>) mo\u017ce by\u0107 r\u00f3wnie udane, co du\u017ce przyj\u0119cie. Grunt to zaplanowa\u0107 je na sw\u00f3j spos\u00f3b i zadba\u0107 o to, by najwa\u017cniejsza w tym wyj\u0105tkowym dniu by\u0142a prawdziwa, wieczna mi\u0142o\u015b\u0107. Aura mi\u0142o\u015bci potrafi stworzy\u0107 niesamowity klimat na ka\u017cdym przyj\u0119ciu \u2013 bez wzgl\u0119du na jego wielko\u015b\u0107 czy rozmach.<\/p>\n\n\n<section id=\"leonardo-block_d4fad2336e1183cb5ff48ef79adefa31\" class=\"leonardo page-breaker leonardo-image-left\">\r\n    <div class=\"leonardo-body\">\r\n        <h2 class=\"leonardo-title\" id=\"h-koszt-wesela-do-50-osob-w-2023-roku-planowanie\">Koszt wesela do 50 os\u00f3b w 2023 roku &#8211; planowanie<\/h2>        <div class=\"leonardo-content\"><p><!-- wp:heading --><\/p>\n<p>Planowanie wesela zawsze jest trudnym zadaniem. Jednym z g\u0142\u00f3wnych problem\u00f3w jest okre\u015blenie koszt\u00f3w wesela. Sprawd\u017amy, jak mo\u017cna zaplanowa\u0107 pi\u0119kne wesele dla 50 os\u00f3b w 2023 roku, przy zachowaniu rozs\u0105dnych koszt\u00f3w. Mo\u017cliwe, \u017ce b\u0119dzie to ju\u017c <a href=\"https:\/\/www.koronakarkonoszy.pl\/blog\/wesele-last-minute-jak-szybko-zorganizowac-przyjecie-weselne\/\" target=\"_blank\" rel=\"noopener\">wesele last minute<\/a>, ale dlaczego nie?<\/p>\n<p><!-- \/wp:paragraph --> <!-- wp:paragraph --><\/p>\n<p>Pierwsz\u0105 rzecz\u0105, kt\u00f3r\u0105 trzeba zrobi\u0107, jest <strong>ustalenie bud\u017cetu<\/strong>. Warto zacz\u0105\u0107 od wyznaczenia cel\u00f3w i priorytet\u00f3w dla uroczysto\u015bci. Zastan\u00f3wmy si\u0119, co jest dla nas najwa\u017cniejsze: wystr\u00f3j, muzyka, <a href=\"https:\/\/www.koronakarkonoszy.pl\/catering\/\" target=\"_blank\" rel=\"noopener\">catering<\/a> czy mo\u017ce kwiaty? Nast\u0119pnie okre\u015blmy, ile pieni\u0119dzy mo\u017cemy przeznaczy\u0107 na ka\u017cdy z tych element\u00f3w, a tak\u017ce ile \u015brodk\u00f3w chcemy przeznaczy\u0107 na ca\u0142e wesele.<\/p>\n<p><!-- \/wp:paragraph --> <!-- wp:paragraph --><\/p>\n<p>Kolejnym krokiem jest <strong>wyb\u00f3r odpowiedniego miejsca<\/strong>. Mo\u017cna te\u017c rozwa\u017cy\u0107 organizacj\u0119 wesela w domu lub ogrodzie. Oczywi\u015bcie, je\u015bli bud\u017cet pozwala, mo\u017cna wynaj\u0105\u0107 sal\u0119 weseln\u0105. Dobrym pomys\u0142em mo\u017ce by\u0107 r\u00f3wnie\u017c rozwa\u017cenie organizacji wesela w dniu powszednim. Mo\u017ce to by\u0107 na przyk\u0142ad <a href=\"https:\/\/www.koronakarkonoszy.pl\/blog\/slub-w-piatek-modny-zwyczaj-ostatnich-lat\/\" target=\"_blank\" rel=\"noopener\">\u015blub w pi\u0105tek<\/a> albo <a href=\"https:\/\/www.koronakarkonoszy.pl\/blog\/slub-w-poniedzialek\/\" target=\"_blank\" rel=\"noopener\">\u015blub w poniedzia\u0142ek<\/a>. Mo\u017ce to pom\u00f3c w obni\u017ceniu koszt\u00f3w.<\/p>\n<p><!-- \/wp:paragraph --> <!-- wp:paragraph --><\/p>\n<p>Kolejnym wa\u017cnym elementem jest <strong>wyb\u00f3r cateringu<\/strong>. W zale\u017cno\u015bci od preferencji, mo\u017cna zdecydowa\u0107 si\u0119 na catering zewn\u0119trzny lub korzysta\u0107 z us\u0142ug restauracji lub lokalu, w kt\u00f3rym odbywa si\u0119 wesele. Warto zapyta\u0107 o opcje menu oraz koszty i wybiera\u0107 opcje, kt\u00f3re odpowiadaj\u0105 naszemu gustowi i bud\u017cetowi.<\/p>\n<p><!-- \/wp:paragraph --> <!-- wp:paragraph --><\/p>\n<p>Muzyka to kolejny wa\u017cny element wesela. Mo\u017cna rozwa\u017cy\u0107 wynaj\u0119cie zespo\u0142u lub DJ-a, lub zdecydowa\u0107 si\u0119 na odtwarzanie muzyki z playlisty na komputerze. Wa\u017cne, aby upewni\u0107 si\u0119, \u017ce wybrana muzyka odpowiada naszym preferencjom muzycznym i stylowi wesela.<\/p>\n<p><!-- \/wp:paragraph --> <!-- wp:paragraph --><\/p>\n<p>Dekoracje i kwiaty r\u00f3wnie\u017c wp\u0142ywaj\u0105 na ostateczny <a href=\"https:\/\/www.koronakarkonoszy.pl\/blog\/koszt-wesela-na-100-osob\/\" class=\"links-placer\">koszt wesela<\/a>. W przypadku <strong>wesela dla 50 os\u00f3b<\/strong>, nie ma potrzeby dekorowania wielkiej sali, ale warto zwr\u00f3ci\u0107 uwag\u0119 na szczeg\u00f3\u0142y, takie jak kwiaty na sto\u0142ach, obrusy czy dekoracje na stole. Warto r\u00f3wnie\u017c poszuka\u0107 alternatywnych rozwi\u0105za\u0144, takich jak na przyk\u0142ad w\u0142asnor\u0119cznie wykonane dekoracje.<\/p>\n<p><!-- \/wp:paragraph --><\/p>\n<\/div>\r\n            <\/div>\r\n    <div class=\"leonardo-image\">\r\n        <img loading=\"lazy\" decoding=\"async\" width=\"1703\" height=\"2560\" src=\"https:\/\/www.koronakarkonoszy.pl\/blog\/wp-content\/uploads\/2023\/02\/tort3-1-scaled.jpg\" class=\"attachment-full size-full\" alt=\"\" srcset=\"https:\/\/www.koronakarkonoszy.pl\/blog\/wp-content\/uploads\/2023\/02\/tort3-1-scaled.jpg 1703w, https:\/\/www.koronakarkonoszy.pl\/blog\/wp-content\/uploads\/2023\/02\/tort3-1-200x300.jpg 200w, https:\/\/www.koronakarkonoszy.pl\/blog\/wp-content\/uploads\/2023\/02\/tort3-1-681x1024.jpg 681w, https:\/\/www.koronakarkonoszy.pl\/blog\/wp-content\/uploads\/2023\/02\/tort3-1-768x1154.jpg 768w, https:\/\/www.koronakarkonoszy.pl\/blog\/wp-content\/uploads\/2023\/02\/tort3-1-1277x1920.jpg 1277w, https:\/\/www.koronakarkonoszy.pl\/blog\/wp-content\/uploads\/2023\/02\/tort3-1-1022x1536.jpg 1022w, https:\/\/www.koronakarkonoszy.pl\/blog\/wp-content\/uploads\/2023\/02\/tort3-1-1362x2048.jpg 1362w, https:\/\/www.koronakarkonoszy.pl\/blog\/wp-content\/uploads\/2023\/02\/tort3-1-8x12.jpg 8w\" sizes=\"auto, (max-width: 1703px) 100vw, 1703px\" \/>            <\/div>\r\n<\/section>\n\n\n<h2 class=\"wp-block-heading\" id=\"ha-sale-weselne-czy-dom-weselny-na-wesele-do-50-osob\">Sale weselne czy dom weselny na wesele do 50 os\u00f3b?<\/h2>\n\n\n\n<p>Przyj\u0119cie weselne to jedno z najwa\u017cniejszych wydarze\u0144 w \u017cyciu ka\u017cdej pary. W zale\u017cno\u015bci od preferencji, mo\u017cemy zorganizowa\u0107 je w domu weselnym lub w jednej z wielu sal weselnych dost\u0119pnych na rynku. Sprawd\u017amy jakie korzy\u015bci niesie ze sob\u0105 organizacja przyj\u0119cia weselnego do 50 os\u00f3b w sali weselnej lub domu weselnym.<\/p>\n\n\n<section id=\"leonardo-block_5b2ef9a416f176f283d942d10b939105\" class=\"leonardo page-breaker leonardo-image-right\">\r\n    <div class=\"leonardo-body\">\r\n        <h2 class=\"leonardo-title\" id=\"h-sale-weselne\">Sale weselne<\/h2>        <div class=\"leonardo-content\"><p><!-- wp:heading {\"level\":3} --><\/p>\n<p>Organizacja przyj\u0119cia weselnego w sali weselnej to bardzo popularne rozwi\u0105zanie. <a href=\"https:\/\/www.koronakarkonoszy.pl\/blog\/sale-weselne-jak-dobrze-wybrac\/\" target=\"_blank\" rel=\"noopener\">Sale weselne<\/a> oferuj\u0105 wiele udogodnie\u0144, takich jak parking, wyposa\u017cenie (sto\u0142y, krzes\u0142a, o\u015bwietlenie, nag\u0142o\u015bnienie), dekoracje i catering. Sale weselne zwykle posiadaj\u0105 r\u00f3wnie\u017c specjalne pokoje dla go\u015bci, gdzie mog\u0105 oni odpocz\u0105\u0107 lub przebra\u0107 si\u0119 w trakcie wesela.<\/p>\n<p><!-- \/wp:paragraph --> <!-- wp:paragraph --><\/p>\n<p>Korzy\u015bci organizacji przyj\u0119cia weselnego w sali weselnej to m.in.:<\/p>\n<p><!-- \/wp:paragraph --> <!-- wp:paragraph --><\/p>\n<ul>\n<li>profesjonalna obs\u0142uga \u2013 sala weselna zazwyczaj posiada do\u015bwiadczon\u0105 i profesjonaln\u0105 kadr\u0119, kt\u00f3ra zadba o ka\u017cdy szczeg\u00f3\u0142 zwi\u0105zany z organizacj\u0105 przyj\u0119cia weselnego;<!-- \/wp:paragraph --> <!-- wp:paragraph --><\/li>\n<li>wygodna lokalizacja \u2013 wi\u0119kszo\u015b\u0107 sal weselnych znajduje si\u0119 w dogodnych lokalizacjach, co u\u0142atwia dotarcie do nich zar\u00f3wno dla Pary M\u0142odej, jak i dla go\u015bci;<\/li>\n<li>kompleksowe us\u0142ugi \u2013 sala weselna cz\u0119sto oferuje kompleksowe us\u0142ugi, w tym catering, dekoracje i <a href=\"https:\/\/www.koronakarkonoszy.pl\/blog\/animator-na-wesele\/\" target=\"_blank\" rel=\"noopener\">animator dla dzieci<\/a>.<\/li>\n<\/ul>\n<p><!-- \/wp:paragraph --><\/p>\n<\/div>\r\n                    <aside class=\"leonardo-interlink\">\r\n                <b>Polecamy<\/b>\r\n                <a href=\"https:\/\/www.koronakarkonoszy.pl\/blog\/wesele-okolice-wroclawia\/\">Wesele okolice Wroc\u0142awia \u2013 gdzie zorganizowa\u0107 przyj\u0119cie?<\/a>\r\n            <\/aside>\r\n            <\/div>\r\n    <div class=\"leonardo-image\">\r\n        <img loading=\"lazy\" decoding=\"async\" width=\"800\" height=\"530\" src=\"https:\/\/www.koronakarkonoszy.pl\/blog\/wp-content\/uploads\/2021\/07\/zima-Dwor_Korona_Karkonoszy_Dworska_Sala_Balowa.jpg\" class=\"attachment-full size-full\" alt=\"zima Dw\u00f3r Korona Karkonoszy Dworska Sala Balowa\" srcset=\"https:\/\/www.koronakarkonoszy.pl\/blog\/wp-content\/uploads\/2021\/07\/zima-Dwor_Korona_Karkonoszy_Dworska_Sala_Balowa.jpg 800w, https:\/\/www.koronakarkonoszy.pl\/blog\/wp-content\/uploads\/2021\/07\/zima-Dwor_Korona_Karkonoszy_Dworska_Sala_Balowa-300x199.jpg 300w, https:\/\/www.koronakarkonoszy.pl\/blog\/wp-content\/uploads\/2021\/07\/zima-Dwor_Korona_Karkonoszy_Dworska_Sala_Balowa-768x509.jpg 768w\" sizes=\"auto, (max-width: 800px) 100vw, 800px\" \/>            <\/div>\r\n<\/section>\n\n<section id=\"leonardo-block_57695c37d12e1370a4a786cedde3e0de\" class=\"leonardo page-breaker leonardo-image-left\">\r\n    <div class=\"leonardo-body\">\r\n        <h2 class=\"leonardo-title\" id=\"h-dom-weselny\">Dom weselny<\/h2>        <div class=\"leonardo-content\"><p><!-- wp:heading {\"level\":3} --><\/p>\n<p>Organizacja przyj\u0119cia weselnego w domu weselnym r\u00f3wnie\u017c ma swoje zalety. <strong>Dom weselny to miejsce, kt\u00f3re cz\u0119sto kojarzy si\u0119 z przytulnym i rodzinny klimatem<\/strong>. Wiele dom\u00f3w weselnych oferuje swoim go\u015bciom komfortowe pokoje, w kt\u00f3rych mog\u0105 odpocz\u0105\u0107 po ca\u0142onocnej zabawie.<\/p>\n<p><!-- \/wp:paragraph --> <!-- wp:paragraph --><\/p>\n<p>Korzy\u015bci organizacji przyj\u0119cia weselnego w domu weselnym to m.in.:<\/p>\n<p><!-- \/wp:paragraph --> <!-- wp:paragraph --><\/p>\n<ul>\n<li>bardziej kameralna atmosfera \u2013 dom weselny cz\u0119sto oferuje mniejsz\u0105 liczb\u0119 miejsc, co pozwala na stworzenie bardziej kameralnej i intymnej atmosfery;<!-- \/wp:paragraph --> <!-- wp:paragraph --><\/li>\n<li>indywidualne podej\u015bcie \u2013 w domu weselnym zwykle panuje bardziej rodzinna atmosfera, a personel jest bardziej elastyczny i otwarty na indywidualne potrzeby i \u017cyczenia Pary M\u0142odej;<!-- \/wp:paragraph --> <!-- wp:paragraph --><\/li>\n<li>ni\u017csze koszty \u2013 organizacja przyj\u0119cia weselnego w domu weselnym mo\u017ce by\u0107 ta\u0144sza ni\u017c w sali weselnej.<\/li>\n<\/ul>\n<p><!-- \/wp:paragraph --><\/p>\n<\/div>\r\n                    <aside class=\"leonardo-interlink\">\r\n                <b>Polecamy<\/b>\r\n                <a href=\"https:\/\/www.koronakarkonoszy.pl\/blog\/slub-jelenia-gora\/\">\u015alub Jelenia G\u00f3ra \u2013 sielska ceremonia w stolicy Karkonoszy<\/a>\r\n            <\/aside>\r\n            <\/div>\r\n    <div class=\"leonardo-image\">\r\n        <img loading=\"lazy\" decoding=\"async\" width=\"800\" height=\"534\" src=\"https:\/\/www.koronakarkonoszy.pl\/blog\/wp-content\/uploads\/2021\/07\/DKK-obiekt-noc__2_.jpg\" class=\"attachment-full size-full\" alt=\"DKK obiekt noc\" srcset=\"https:\/\/www.koronakarkonoszy.pl\/blog\/wp-content\/uploads\/2021\/07\/DKK-obiekt-noc__2_.jpg 800w, https:\/\/www.koronakarkonoszy.pl\/blog\/wp-content\/uploads\/2021\/07\/DKK-obiekt-noc__2_-300x200.jpg 300w, https:\/\/www.koronakarkonoszy.pl\/blog\/wp-content\/uploads\/2021\/07\/DKK-obiekt-noc__2_-768x513.jpg 768w\" sizes=\"auto, (max-width: 800px) 100vw, 800px\" \/>            <\/div>\r\n<\/section>\n\n\n<p>Jak wida\u0107, organizacja przyj\u0119cia weselnego do 50 os\u00f3b i w sali weselnej, i w domu weselnym ma swoje wady i zalety. Wa\u017cne jest, aby dobrze przemy\u015ble\u0107 wyb\u00f3r i skorzysta\u0107 z oferty najbardziej odpowiadaj\u0105cej naszym gustom.<\/p>\n\n\n\n<h2 class=\"wp-block-heading\" id=\"ha-tanie-wesele-do-50-osob\">Tanie wesele do 50 os\u00f3b<\/h2>\n\n\n\n<p>Organizacja wesela to wyzwanie logistyczne i finansowe, zw\u0142aszcza w dzisiejszych czasach, gdy wiele Par M\u0142odych ma ograniczony bud\u017cet na uroczysto\u015b\u0107. Tanie wesele do 50 os\u00f3b to jedno z rozwi\u0105za\u0144, kt\u00f3re pozwala na zaoszcz\u0119dzenie pieni\u0119dzy, ale jednocze\u015bnie umo\u017cliwia zorganizowanie pi\u0119knej i niezapomnianej uroczysto\u015bci dla najbli\u017cszych. Jak zorganizowa\u0107 tanie wesele do 50 os\u00f3b?<\/p>\n\n\n\n<style>\n    .cta_block{\n        margin: 1.5em 0;\n    }\n    .cta_block_content {\n        position: relative;\n        color: white;\n        padding: 1em;\n    }\n    .cta_block_content h3{\n        text-align: center;\n        font: normal normal normal 36px\/50px Yeseva One;\n    }\n    .cta_block_content .cta_block_desc{\n        text-align: center;\n        font-size: 1.1em;\n        position: relative;\n    }\n    .cta_block_content .cta_block_desc:before {\n        content: '';\n        width: 80px;\n        height: 4px;\n        background: #EEB315;\n        position: absolute;\n        left: 0;\n        right: 0;\n        margin-left: auto;\n        margin-right: auto;\n        top: -22px;\n    }\n\n    .cta_block_content picture{\n        position: absolute;\n        top: 0;\n        right: 0;\n        z-index: -1;\n        height: 100%;\n        overflow: hidden;\n        width: 100%;\n    }\n    .cta_block_content picture img{\n        object-fit: cover;\n        height: 100%;\n        width: 100%;\n    }\n    .cta_block .cta_block_content .ninja-forms-field{\n        background: #FFFFFF2F;\n        border: 1px solid #EEB315;\n        border-radius: 25px;\n        opacity: 1;\n        color: #ffffff;\n    }\n    .cta_block .cta_block_content .nf-form-content input[type=submit]{\n        background-color: #EEB315;\n        color: #292929;\n        text-align: center;\n        font: normal normal bold 14px\/20px Work Sans;\n        padding: 0 2em;\n    }\n\n    .cta_block ::placeholder{\n        color: white!important;\n        opacity: 1;\n    }\n\n    .cta_block_content::after {\n        height: 100%;\n        width: 100%;\n        content: \"\";\n        z-index: -1;\n        position: absolute;\n        top: 0;\n        background: #00000070;\n        right: 0;\n        left: 0;\n        bottom: 0;\n    }\n    #ha-cta-block, .cta_block_desc, .cta_block .nf-field-label, .cta_block .nf-error-msg {\n        filter: drop-shadow(1px 1px 8px black);\n    }\n\n\/*    .cta_block nf-rows-wrap {\n        display: flex;\n        justify-content: space-around;\n        flex-direction: row;\n    }*\/\n\n    .cta_block .nf-field-label {\n        display:none;\n    }\n\n    .cta_block .nf-error.field-wrap .nf-field-element::after {\n        border-radius: 50px;\n    }\n\n    .cta_block .nf-error-msg {\n        color: #fff;\n    }\n\n    .cta_block .nf-form-cont {\n        margin-top: 3em;\n        margin-bottom: 1em;\n    }\n\n    .wp-admin .cta_block_content{\n        display: none;\n    }\n    .cta_block .nf-form-fields-required {\n        display: none;\n    }\n    body:not(.wp-admin) .cta_block_admin {\n        display: none;\n    }\n<\/style>\n<div id=\"cta_block-block_dca6b898a3e4a7055d79ad29eefcb875\" class=\"cta_block\">\n    <div class=\"cta_block_admin\" style=\"background-color: blue; color: white\">\n        Blok CTA\n    <\/div>\n    <div class=\"cta_block\">\n        <div class=\"cta_block_content\">   \n        <h3 id=\"ha-kameralne-wesele-w-gorach\">Kameralne wesele w g\u00f3rach? <\/h3>\n                    <div class=\"cta_block_desc\">Najlepiej w Dworze Korona Karkonoszy! <\/div>\n                <noscript class=\"ninja-forms-noscript-message\">\n\tUwaga: ta zawarto\u015b\u0107 wymaga obs\u0142ugi j\u0119zyka JavaScript.<\/noscript>\n<div id=\"nf-form-3_1-cont\" class=\"nf-form-cont\" aria-live=\"polite\" aria-labelledby=\"nf-form-title-3_1\" aria-describedby=\"nf-form-errors-3_1\" role=\"form\">\n\n    <div class=\"nf-loading-spinner\"><\/div>\n\n<\/div>\n        <!-- That data is being printed as a workaround to page builders reordering the order of the scripts loaded-->\n        <script>var formDisplay=1;var nfForms=nfForms||[];var form=[];form.id='3_1';form.settings={\"objectType\":\"Form Setting\",\"editActive\":true,\"title\":\"Block CTA\",\"created_at\":\"2022-11-08 16:03:33\",\"default_label_pos\":\"above\",\"show_title\":0,\"clear_complete\":\"1\",\"hide_complete\":\"1\",\"logged_in\":\"\",\"wrapper_class\":\"\",\"element_class\":\"\",\"key\":\"\",\"add_submit\":\"0\",\"changeEmailErrorMsg\":\"Wprowad\\u017a prawid\\u0142owy adres e-mail!\",\"changeDateErrorMsg\":\"Prosz\\u0119 wpisa\\u0107 prawid\\u0142ow\\u0105 dat\\u0119!\",\"confirmFieldErrorMsg\":\"Te pola musz\\u0105 si\\u0119 zgadza\\u0107!\",\"fieldNumberNumMinError\":\"B\\u0142\\u0105d \\u2014 liczba minimalna\",\"fieldNumberNumMaxError\":\"B\\u0142\\u0105d \\u2014 liczba maksymalna\",\"fieldNumberIncrementBy\":\"Zwi\\u0119ksz o \",\"formErrorsCorrectErrors\":\"Popraw b\\u0142\\u0119dy, zanim prze\\u015blesz formularz.\",\"validateRequiredField\":\"To jest wymagane pole.\",\"honeypotHoneypotError\":\"B\\u0142\\u0105d Honeypot\",\"fieldsMarkedRequired\":\"Pola oznaczone znakiem &lt;span class=&quot;ninja-forms-req-symbol&quot;&gt;*&lt;\\\/span&gt; s\\u0105 wymagane\",\"currency\":\"\",\"repeatable_fieldsets\":\"\",\"unique_field_error\":\"Formularz z t\\u0105 warto\\u015bci\\u0105 zosta\\u0142 ju\\u017c przes\\u0142any.\",\"not_logged_in_msg\":\"\",\"sub_limit_msg\":\"Formularz osi\\u0105gn\\u0105\\u0142 limit wys\\u0142a\\u0144.\",\"calculations\":[],\"container_styles_show_advanced_css\":\"0\",\"title_styles_show_advanced_css\":\"0\",\"row_styles_show_advanced_css\":\"0\",\"row-odd_styles_show_advanced_css\":\"0\",\"success-msg_styles_show_advanced_css\":\"0\",\"error_msg_styles_show_advanced_css\":\"0\",\"formContentData\":[{\"order\":1,\"cells\":[{\"order\":0,\"fields\":[\"phone_1640098023980\"],\"width\":35},{\"order\":1,\"fields\":[\"adres_e-mail_1667919839452\"],\"width\":35},{\"order\":2,\"fields\":[\"zapisz_mnie_1667919853255\"],\"width\":30}]}],\"drawerDisabled\":false,\"conditions\":[],\"allow_public_link\":0,\"embed_form\":\"\",\"container_styles_border\":\"\",\"container_styles_height\":\"\",\"container_styles_margin\":\"\",\"container_styles_padding\":\"\",\"container_styles_float\":\"\",\"title_styles_border\":\"\",\"title_styles_height\":\"\",\"title_styles_width\":\"\",\"title_styles_font-size\":\"\",\"title_styles_margin\":\"\",\"title_styles_padding\":\"\",\"title_styles_float\":\"\",\"row_styles_border\":\"\",\"row_styles_width\":\"\",\"row_styles_font-size\":\"\",\"row_styles_margin\":\"\",\"row_styles_padding\":\"\",\"row-odd_styles_border\":\"\",\"row-odd_styles_height\":\"\",\"row-odd_styles_width\":\"\",\"row-odd_styles_font-size\":\"\",\"row-odd_styles_margin\":\"\",\"row-odd_styles_padding\":\"\",\"success-msg_styles_border\":\"\",\"success-msg_styles_height\":\"\",\"success-msg_styles_width\":\"\",\"success-msg_styles_font-size\":\"\",\"success-msg_styles_margin\":\"\",\"success-msg_styles_padding\":\"\",\"error_msg_styles_border\":\"\",\"error_msg_styles_width\":\"\",\"error_msg_styles_font-size\":\"\",\"error_msg_styles_margin\":\"\",\"error_msg_styles_padding\":\"\",\"form_title_heading_level\":\"3\",\"ninjaForms\":\"Ninja Forms\",\"fieldTextareaRTEInsertLink\":\"Wstaw odno\\u015bnik\",\"fieldTextareaRTEInsertMedia\":\"Wstaw media\",\"fieldTextareaRTESelectAFile\":\"Wybierz plik\",\"formHoneypot\":\"Je\\u015bli jeste\\u015b cz\\u0142owiekiem i widzisz to pole, nie wype\\u0142niaj go.\",\"fileUploadOldCodeFileUploadInProgress\":\"Przesy\\u0142anie pliku w toku.\",\"fileUploadOldCodeFileUpload\":\"PRZESY\\u0141ANIE PLIKU\",\"currencySymbol\":\"&#36;\",\"thousands_sep\":\"&nbsp;\",\"decimal_point\":\",\",\"siteLocale\":\"pl_PL\",\"dateFormat\":\"m\\\/d\\\/Y\",\"startOfWeek\":\"1\",\"of\":\"z\",\"previousMonth\":\"Poprzedni miesi\\u0105c\",\"nextMonth\":\"Nast\\u0119pny miesi\\u0105c\",\"months\":[\"Stycze\\u0144\",\"Luty\",\"Marzec\",\"Kwiecie\\u0144\",\"Maj\",\"Czerwiec\",\"Lipiec\",\"Sierpie\\u0144\",\"Wrzesie\\u0144\",\"Pa\\u017adziernik\",\"Listopad\",\"Grudzie\\u0144\"],\"monthsShort\":[\"Sty\",\"Lut\",\"Mar\",\"Kw\",\"Maj\",\"Cze\",\"Lip\",\"Sie\",\"Wrz\",\"Pa\\u017a\",\"Lis\",\"Gru\"],\"weekdays\":[\"Niedziela\",\"Poniedzia\\u0142ek\",\"Wtorek\",\"\\u015aroda\",\"Czwartek\",\"Pi\\u0105tek\",\"Sobota\"],\"weekdaysShort\":[\"Niedz\",\"Pon\",\"Wt\",\"\\u015ar\",\"Czw\",\"Pt\",\"Sob\"],\"weekdaysMin\":[\"Niedz\",\"Pon\",\"Wt\",\"\\u015ar\",\"Czw\",\"Pt\",\"Sob\"],\"recaptchaConsentMissing\":\"reCaptcha validation couldn&#039;t load.\",\"recaptchaMissingCookie\":\"reCaptcha v3 validation couldn&#039;t load the cookie needed to submit the form.\",\"recaptchaConsentEvent\":\"Accept reCaptcha cookies before sending the form.\",\"currency_symbol\":\"\",\"beforeForm\":\"\",\"beforeFields\":\"\",\"afterFields\":\"\",\"afterForm\":\"\"};form.fields=[{\"objectType\":\"Field\",\"objectDomain\":\"fields\",\"editActive\":false,\"order\":1,\"idAttribute\":\"id\",\"type\":\"phone\",\"label\":\"Numer telefonu\",\"key\":\"phone_1640098023980\",\"label_pos\":\"above\",\"required\":1,\"default\":\"\",\"placeholder\":\"Numer telefonu\",\"container_class\":\"\",\"element_class\":\"\",\"input_limit\":\"\",\"input_limit_type\":\"characters\",\"input_limit_msg\":\"Liczba pozosta\\u0142ych znak\\u00f3w:\",\"manual_key\":\"\",\"admin_label\":\"\",\"help_text\":\"\",\"mask\":\"\",\"custom_mask\":\"\",\"custom_name_attribute\":\"phone\",\"personally_identifiable\":1,\"wrap_styles_border\":\"\",\"wrap_styles_width\":\"\",\"wrap_styles_margin\":\"\",\"wrap_styles_padding\":\"\",\"wrap_styles_float\":\"\",\"wrap_styles_show_advanced_css\":0,\"label_styles_border\":\"\",\"label_styles_width\":\"\",\"label_styles_font-size\":\"\",\"label_styles_margin\":\"\",\"label_styles_padding\":\"\",\"label_styles_float\":\"\",\"label_styles_show_advanced_css\":0,\"element_styles_border\":\"\",\"element_styles_width\":\"\",\"element_styles_font-size\":\"\",\"element_styles_margin\":\"\",\"element_styles_padding\":\"\",\"element_styles_float\":\"\",\"element_styles_show_advanced_css\":0,\"cellcid\":\"c3386\",\"value\":\"\",\"field_label\":\"Numer telefonu\",\"field_key\":\"phone_1640098023980\",\"drawerDisabled\":false,\"id\":\"8_1\",\"beforeField\":\"\",\"afterField\":\"\",\"parentType\":\"textbox\",\"element_templates\":[\"tel\",\"textbox\",\"input\"],\"old_classname\":\"\",\"wrap_template\":\"wrap\"},{\"objectType\":\"Field\",\"objectDomain\":\"fields\",\"editActive\":false,\"order\":2,\"idAttribute\":\"id\",\"type\":\"email\",\"label\":\"Adres e-mail\",\"key\":\"adres_e-mail_1667919839452\",\"label_pos\":\"above\",\"required\":1,\"default\":\"\",\"placeholder\":\"Adres e-mail\",\"container_class\":\"\",\"element_class\":\"\",\"admin_label\":\"\",\"help_text\":\"\",\"custom_name_attribute\":\"email\",\"personally_identifiable\":1,\"wrap_styles_border\":\"\",\"wrap_styles_width\":\"\",\"wrap_styles_margin\":\"\",\"wrap_styles_padding\":\"\",\"wrap_styles_float\":\"\",\"wrap_styles_show_advanced_css\":0,\"label_styles_border\":\"\",\"label_styles_width\":\"\",\"label_styles_font-size\":\"\",\"label_styles_margin\":\"\",\"label_styles_padding\":\"\",\"label_styles_float\":\"\",\"label_styles_show_advanced_css\":0,\"element_styles_border\":\"\",\"element_styles_width\":\"\",\"element_styles_font-size\":\"\",\"element_styles_margin\":\"\",\"element_styles_padding\":\"\",\"element_styles_float\":\"\",\"element_styles_show_advanced_css\":0,\"cellcid\":\"c3389\",\"value\":\"\",\"drawerDisabled\":false,\"field_label\":\"E-mail\",\"field_key\":\"email_1640098026199\",\"id\":\"9_1\",\"beforeField\":\"\",\"afterField\":\"\",\"parentType\":\"email\",\"element_templates\":[\"email\",\"input\"],\"old_classname\":\"\",\"wrap_template\":\"wrap\"},{\"objectType\":\"Field\",\"objectDomain\":\"fields\",\"editActive\":false,\"order\":3,\"idAttribute\":\"id\",\"type\":\"submit\",\"label\":\"Zapisz mnie\",\"processing_label\":\"W trakcie realizacji\",\"container_class\":\"\",\"element_class\":\"\",\"key\":\"zapisz_mnie_1667919853255\",\"wrap_styles_border\":\"\",\"wrap_styles_width\":\"\",\"wrap_styles_margin\":\"\",\"wrap_styles_padding\":\"\",\"wrap_styles_float\":\"\",\"wrap_styles_show_advanced_css\":0,\"element_styles_border\":\"\",\"element_styles_width\":\"\",\"element_styles_font-size\":\"\",\"element_styles_margin\":\"\",\"element_styles_padding\":\"\",\"element_styles_float\":\"\",\"element_styles_show_advanced_css\":0,\"submit_element_hover_styles_border\":\"\",\"submit_element_hover_styles_width\":\"\",\"submit_element_hover_styles_font-size\":\"\",\"submit_element_hover_styles_margin\":\"\",\"submit_element_hover_styles_padding\":\"\",\"submit_element_hover_styles_float\":\"\",\"submit_element_hover_styles_show_advanced_css\":0,\"cellcid\":\"c3391\",\"drawerDisabled\":false,\"field_label\":\"Zamawiam rozmow\\u0119\",\"field_key\":\"zamawiam_rozmowe_1640098067453\",\"id\":\"10_1\",\"beforeField\":\"\",\"afterField\":\"\",\"value\":\"\",\"label_pos\":\"above\",\"parentType\":\"textbox\",\"element_templates\":[\"submit\",\"button\",\"input\"],\"old_classname\":\"\",\"wrap_template\":\"wrap-no-label\"}];nfForms.push(form);<\/script>\n                <script id=\"nf-tmpl-cell\" type=\"text\/template\">\n            <nf-fields><\/nf-fields>\n        <\/script>\n\n        <script id=\"nf-tmpl-row\" type=\"text\/template\">\n            <nf-cells><\/nf-cells>\n        <\/script>\n\n                <img loading=\"lazy\" decoding=\"async\" width=\"1500\" height=\"705\" src=\"https:\/\/www.koronakarkonoszy.pl\/blog\/wp-content\/uploads\/2022\/06\/Dwor-Korona-Karkonoszy.jpg\" class=\"attachment-full size-full\" alt=\"\" srcset=\"https:\/\/www.koronakarkonoszy.pl\/blog\/wp-content\/uploads\/2022\/06\/Dwor-Korona-Karkonoszy.jpg 1500w, https:\/\/www.koronakarkonoszy.pl\/blog\/wp-content\/uploads\/2022\/06\/Dwor-Korona-Karkonoszy-300x141.jpg 300w, https:\/\/www.koronakarkonoszy.pl\/blog\/wp-content\/uploads\/2022\/06\/Dwor-Korona-Karkonoszy-1024x481.jpg 1024w, https:\/\/www.koronakarkonoszy.pl\/blog\/wp-content\/uploads\/2022\/06\/Dwor-Korona-Karkonoszy-768x361.jpg 768w\" sizes=\"auto, (max-width: 1500px) 100vw, 1500px\" \/>        <\/div> \n    <\/div>\n<\/div>\n\n\n\n<h3 class=\"wp-block-heading\" id=\"ha-wybierz-odpowiednia-lokalizacje\">Wybierz odpowiedni\u0105 lokalizacj\u0119<\/h3>\n\n\n\n<p>Jednym z g\u0142\u00f3wnych koszt\u00f3w organizacji wesela jest wynajem sali lub innego <a href=\"https:\/\/www.koronakarkonoszy.pl\/blog\/lokal-na-wesele\/\" target=\"_blank\" rel=\"noreferrer noopener\">lokalu<\/a> na uroczysto\u015b\u0107. Wybierz miejsce, kt\u00f3re nie jest zbyt drogie, ale jednocze\u015bnie spe\u0142nia Twoje wymagania i zapewni odpowiedni\u0105 atmosfer\u0119. Mo\u017cesz rozwa\u017cy\u0107 opcj\u0119 wynajmu ma\u0142ego domku lub wypo\u017cyczenia przestrzeni w parku lub ogrodzie. Takie stylowe <a href=\"https:\/\/www.koronakarkonoszy.pl\/blog\/ogrod-na-wesele\/\" class=\"links-placer\">przyj\u0119cie weselne w ogrodzie<\/a> mo\u017cna zorganizowa\u0107 na przyk\u0142ad w Dworze Korona Karkonoszy w Sosn\u00f3wce ko\u0142o Karpacza. Znajduje si\u0119 tam specjalna altana do udzielania \u015blub\u00f3w w plenerze. Na miejscu jest r\u00f3wnie\u017c wszystko, co potrzebne do organizacji wesela. Na szczeg\u00f3ln\u0105 uwag\u0119 zas\u0142uguje zw\u0142aszcza do\u015bwiadczona i bardzo pomocna obs\u0142uga.<\/p>\n\n\n\n<h3 class=\"wp-block-heading\" id=\"ha-zapros-tylko-najblizszych\">Zapro\u015b tylko najbli\u017cszych<\/h3>\n\n\n\n<p>Organizuj\u0105c wesele do 50 os\u00f3b, musisz ograniczy\u0107 liczb\u0119 zaproszonych go\u015bci. Zapro\u015b tylko najbli\u017csz\u0105 rodzin\u0119 i przyjaci\u00f3\u0142, kt\u00f3rzy s\u0105 dla Ciebie wa\u017cni. Dzi\u0119ki temu uroczysto\u015b\u0107 b\u0119dzie bardziej intymna i kameralna.<\/p>\n\n\n\n<figure class=\"wp-block-image size-large\"><img loading=\"lazy\" decoding=\"async\" width=\"1024\" height=\"742\" src=\"https:\/\/www.koronakarkonoszy.pl\/blog\/wp-content\/uploads\/2022\/10\/mloda-para-wesele-w-ogrodzie-54-1024x742.jpg\" alt=\"\" class=\"wp-image-7245\" srcset=\"https:\/\/www.koronakarkonoszy.pl\/blog\/wp-content\/uploads\/2022\/10\/mloda-para-wesele-w-ogrodzie-54-1024x742.jpg 1024w, https:\/\/www.koronakarkonoszy.pl\/blog\/wp-content\/uploads\/2022\/10\/mloda-para-wesele-w-ogrodzie-54-300x217.jpg 300w, https:\/\/www.koronakarkonoszy.pl\/blog\/wp-content\/uploads\/2022\/10\/mloda-para-wesele-w-ogrodzie-54-768x556.jpg 768w, https:\/\/www.koronakarkonoszy.pl\/blog\/wp-content\/uploads\/2022\/10\/mloda-para-wesele-w-ogrodzie-54.jpg 1512w\" sizes=\"auto, (max-width: 1024px) 100vw, 1024px\" \/><figcaption class=\"wp-element-caption\"><strong>Wesele w ogrodzie,<\/strong> <strong><a href=\"https:\/\/www.koronakarkonoszy.pl\/wesele\/\" target=\"_blank\" rel=\"noreferrer noopener\">Dw\u00f3r Korona Karkonoszy<\/a>, Sosn\u00f3wka k. Karpacza<\/strong> <\/figcaption><\/figure>\n\n\n\n<h3 class=\"wp-block-heading\" id=\"ha-zrezygnuj-z-niepotrzebnych-dodatkow\">Zrezygnuj z niepotrzebnych dodatk\u00f3w<\/h3>\n\n\n\n<p>Ograniczenie koszt\u00f3w organizacji wesela do 50 os\u00f3b wymaga rezygnacji z niepotrzebnych dodatk\u00f3w. Nie musisz zamawia\u0107 skomplikowanej dekoracji, wyszukanych kwiat\u00f3w czy kosztownych prezent\u00f3w dla go\u015bci. Skup si\u0119 na tym, co naprawd\u0119 jest wa\u017cne dla Ciebie i Twojego partnera. W ko\u0144cu tak naprawd\u0119 chodzi o to, by zrobi\u0107 pierwszy krok w nowe, wsp\u00f3lne \u017cycie. Zawsze mo\u017cna obchodzi\u0107 p\u00f3\u017aniej hucznie kolejne rocznice \u015blubu i inne wa\u017cne uroczysto\u015bci rodzinne.<\/p>\n\n\n\n<h3 class=\"wp-block-heading\" id=\"ha-zaproponuj-prosty-catering\">Zaproponuj prosty catering<\/h3>\n\n\n\n<p>Jednym z najwi\u0119kszych koszt\u00f3w organizacji wesela jest catering. Wybierz prosty i niedrogi catering, na przyk\u0142ad bufet z sa\u0142atkami, kanapkami i przystawkami. Mo\u017cesz tak\u017ce poprosi\u0107 go\u015bci o przyniesienie swoich potraw \u2013 czyli zrobi\u0107 wesele sk\u0142adkowe. Oczywi\u015bcie jest to wariant bardzo ju\u017c skromny i nadaje si\u0119 raczej dla par, kt\u00f3re \u015blub traktuj\u0105 naprawd\u0119 swobodnie.<\/p>\n\n\n\n<figure class=\"wp-block-image size-large\"><img loading=\"lazy\" decoding=\"async\" width=\"1024\" height=\"444\" src=\"https:\/\/www.koronakarkonoszy.pl\/blog\/wp-content\/uploads\/2021\/06\/catering-top-1024x444.jpg\" alt=\"\" class=\"wp-image-41\" srcset=\"https:\/\/www.koronakarkonoszy.pl\/blog\/wp-content\/uploads\/2021\/06\/catering-top-1024x444.jpg 1024w, https:\/\/www.koronakarkonoszy.pl\/blog\/wp-content\/uploads\/2021\/06\/catering-top-300x130.jpg 300w, https:\/\/www.koronakarkonoszy.pl\/blog\/wp-content\/uploads\/2021\/06\/catering-top-768x333.jpg 768w, https:\/\/www.koronakarkonoszy.pl\/blog\/wp-content\/uploads\/2021\/06\/catering-top.jpg 1200w\" sizes=\"auto, (max-width: 1024px) 100vw, 1024px\" \/><figcaption class=\"wp-element-caption\"><strong>Catering na wesele <\/strong><\/figcaption><\/figure>\n\n\n\n<h3 class=\"wp-block-heading\" id=\"ha-zainwestuj-w-dobra-muzyke\">Zainwestuj w dobr\u0105 muzyk\u0119<\/h3>\n\n\n\n<p>Muzyka to nieod\u0142\u0105czny element wesela. Zainwestuj w dobrego DJ-a lub zesp\u00f3\u0142 muzyczny, kt\u00f3ry zapewni dobr\u0105 zabaw\u0119 i niezapomniane wra\u017cenia. Zrezygnuj z wystawnych ozd\u00f3b i dekoracji, skupiaj\u0105c si\u0119 na muzyce. Oczywi\u015bcie mo\u017cna te\u017c osobi\u015bcie przygotowa\u0107 play list\u0119 na wesele.&nbsp;<\/p>\n\n\n\n<p>Jak wida\u0107, organizacja taniego wesela do 50 os\u00f3b to du\u017ce wyzwanie. Ale jednocze\u015bnie te\u017c szansa na zorganizowanie pi\u0119knej i niezapomnianej uroczysto\u015bci dla najbli\u017cszych bez wydawania ogromnej sumy. Ograniczenie koszt\u00f3w wymaga rezygnacji z niepotrzebnych dodatk\u00f3w, ale jednocze\u015bnie umo\u017cliwia skupienie si\u0119 na tym, co naprawd\u0119 wa\u017cne.<\/p>\n\n\n<section id=\"leonardo-block_b974d0d939404917b184e47581b0f2b8\" class=\"leonardo page-breaker leonardo-image-left\">\r\n    <div class=\"leonardo-body\">\r\n        <h2 class=\"leonardo-title\" id=\"h-czy-wesela-w-2024-roku-beda-drozsze\">Czy wesela w 2024 roku b\u0119d\u0105 dro\u017csze?<\/h2>        <div class=\"leonardo-content\"><p><!-- wp:heading --><\/p>\n<p>Planowanie wesela jest dla wielu os\u00f3b jednym z najwa\u017cniejszych moment\u00f3w w \u017cyciu. Jednak jednocze\u015bnie mo\u017ce okaza\u0107 si\u0119, \u017ce to bardzo kosztowny moment. Z tego powodu wiele os\u00f3b zastanawia si\u0119, czy wesela w 2024 roku b\u0119d\u0105 dro\u017csze. Sprawd\u017amy, jakie czynniki mog\u0105 wp\u0142yn\u0105\u0107 na ceny wesel w najbli\u017cszych latach.<\/p>\n<p><!-- \/wp:paragraph --> <!-- wp:paragraph --><\/p>\n<p>Jednym z g\u0142\u00f3wnych czynnik\u00f3w wp\u0142ywaj\u0105cych na ceny wesel jest sytuacja ekonomiczna. W zwi\u0105zku z pandemi\u0105 COVID-19, a obecnie r\u00f3wnie\u017c z wysok\u0105 inflacj\u0105 i znacznym wzrostem cz\u0119\u015bci koszt\u00f3w wiele firm boryka si\u0119 z problemami finansowymi. Mo\u017ce to skutkowa\u0107 wzrostem cen w najbli\u017cszej przysz\u0142o\u015bci. Jednak jednocze\u015bnie niekt\u00f3re firmy weselne wprowadzaj\u0105 obecnie promocje na niekt\u00f3re us\u0142ugi, aby zach\u0119ci\u0107 klient\u00f3w do zorganizowania wesela w\u0142a\u015bnie u nich. W zwi\u0105zku z tym trudno stwierdzi\u0107, czy ceny wesel b\u0119d\u0105 ros\u0142y, czy te\u017c b\u0119d\u0105 ni\u017csze.<\/p>\n<p><!-- \/wp:paragraph --> <!-- wp:paragraph --><\/p>\n<p>Zdecydowanie czynnikiem, kt\u00f3ry mo\u017ce wp\u0142yn\u0105\u0107 na ceny wesel, jest inflacja. W przysz\u0142ym roku mo\u017cna si\u0119 nadal spodziewa\u0107 wysokiej inflacji, co oznacza, \u017ce \u200b\u200bceny wielu produkt\u00f3w i us\u0142ug mog\u0105 wzrosn\u0105\u0107. Jednak\u017ce, w kontek\u015bcie wesela, wp\u0142yw inflacji mo\u017ce by\u0107 relatywnie niewielki. Zwykle ceny wesel zale\u017c\u0105 od takich czynnik\u00f3w, jak liczba go\u015bci, lokalizacja i jako\u015b\u0107 us\u0142ug. W tym przypadku inflacja mo\u017ce mie\u0107 mniejszy wp\u0142yw na ceny. Wynika to z tego, \u017ce wiele firm weselnych ju\u017c teraz podnios\u0142o swoje ceny, aby zrekompensowa\u0107 rosn\u0105ce koszty i utracone w wyniku pandemii dochody.<\/p>\n<p><!-- \/wp:paragraph --> <!-- wp:paragraph --><\/p>\n<p>Je\u015bli chodzi o planowanie wesela, zawsze warto zachowa\u0107 zdrowy rozs\u0105dek i wybra\u0107 rozwi\u0105zania, kt\u00f3re s\u0105 dopasowane do naszych potrzeb, bud\u017cetu i preferencji.<\/p>\n<p><!-- \/wp:paragraph --><\/p>\n<\/div>\r\n            <\/div>\r\n    <div class=\"leonardo-image\">\r\n        <img loading=\"lazy\" decoding=\"async\" width=\"1920\" height=\"1280\" src=\"https:\/\/www.koronakarkonoszy.pl\/blog\/wp-content\/uploads\/2022\/05\/wesele-w-stylu-retro-2.jpg\" class=\"attachment-full size-full\" alt=\"wesele w stylu retro: pa\u0144stwo m\u0142odzi\" srcset=\"https:\/\/www.koronakarkonoszy.pl\/blog\/wp-content\/uploads\/2022\/05\/wesele-w-stylu-retro-2.jpg 1920w, https:\/\/www.koronakarkonoszy.pl\/blog\/wp-content\/uploads\/2022\/05\/wesele-w-stylu-retro-2-300x200.jpg 300w, https:\/\/www.koronakarkonoszy.pl\/blog\/wp-content\/uploads\/2022\/05\/wesele-w-stylu-retro-2-1024x683.jpg 1024w, https:\/\/www.koronakarkonoszy.pl\/blog\/wp-content\/uploads\/2022\/05\/wesele-w-stylu-retro-2-768x512.jpg 768w, https:\/\/www.koronakarkonoszy.pl\/blog\/wp-content\/uploads\/2022\/05\/wesele-w-stylu-retro-2-1536x1024.jpg 1536w\" sizes=\"auto, (max-width: 1920px) 100vw, 1920px\" \/>            <\/div>\r\n<\/section>\n\n\n<h2 class=\"wp-block-heading\" id=\"ha-zalety-wesele-do-50-osob\">Zalety &#8211; wesele do 50 os\u00f3b<\/h2>\n\n\n\n<p>Coraz wi\u0119cej os\u00f3b decyduje si\u0119 na zorganizowanie wesela w mniejszym gronie, dla oko\u0142o 50 os\u00f3b lub nawet mniej. Jakie s\u0105 <strong>zalety organizacji wesela dla mniejszej liczby go\u015bci<\/strong>?<\/p>\n\n\n\n<h3 class=\"wp-block-heading\" id=\"ha-wesele-do-50-osob-bardziej-intymna-atmosfera\">Wesele do 50 os\u00f3b &#8211; bardziej intymna atmosfera<\/h3>\n\n\n\n<p>Organizacja wesela dla mniejszej liczby go\u015bci pozwala na bardziej intymn\u0105 i rodzinn\u0105 atmosfer\u0119. Ma\u0142a liczba go\u015bci sprawia, \u017ce \u200b\u200bPara M\u0142oda i ich najbli\u017csi mog\u0105 skupi\u0107 si\u0119 na tym, co naprawd\u0119 wa\u017cne: na sobie, na uczuciach i emocjach, kt\u00f3re towarzysz\u0105 tej niezapomnianej uroczysto\u015bci.<\/p>\n\n\n\n<figure class=\"wp-block-image size-large\"><img loading=\"lazy\" decoding=\"async\" width=\"1024\" height=\"683\" src=\"https:\/\/www.koronakarkonoszy.pl\/blog\/wp-content\/uploads\/2022\/02\/lukaszsulka_plener_kolorowe_jeziorka_ewa_kuba_40-1024x683.jpg\" alt=\"\" class=\"wp-image-6704\" srcset=\"https:\/\/www.koronakarkonoszy.pl\/blog\/wp-content\/uploads\/2022\/02\/lukaszsulka_plener_kolorowe_jeziorka_ewa_kuba_40-1024x683.jpg 1024w, https:\/\/www.koronakarkonoszy.pl\/blog\/wp-content\/uploads\/2022\/02\/lukaszsulka_plener_kolorowe_jeziorka_ewa_kuba_40-300x200.jpg 300w, https:\/\/www.koronakarkonoszy.pl\/blog\/wp-content\/uploads\/2022\/02\/lukaszsulka_plener_kolorowe_jeziorka_ewa_kuba_40-768x512.jpg 768w, https:\/\/www.koronakarkonoszy.pl\/blog\/wp-content\/uploads\/2022\/02\/lukaszsulka_plener_kolorowe_jeziorka_ewa_kuba_40-1920x1280.jpg 1920w, https:\/\/www.koronakarkonoszy.pl\/blog\/wp-content\/uploads\/2022\/02\/lukaszsulka_plener_kolorowe_jeziorka_ewa_kuba_40-1536x1024.jpg 1536w, https:\/\/www.koronakarkonoszy.pl\/blog\/wp-content\/uploads\/2022\/02\/lukaszsulka_plener_kolorowe_jeziorka_ewa_kuba_40.jpg 2048w\" sizes=\"auto, (max-width: 1024px) 100vw, 1024px\" \/><figcaption class=\"wp-element-caption\"><strong>Sesja \u015blubna, wesele w Karkonoszach<\/strong> <\/figcaption><\/figure>\n\n\n\n<h3 class=\"wp-block-heading\" id=\"ha-wieksza-elastycznosc-wesele-do-50-osob\">Wi\u0119ksza elastyczno\u015b\u0107 &#8211; wesele do 50 os\u00f3b <\/h3>\n\n\n\n<p>Mniejsze wesele oznacza, \u017ce \u200b\u200bjest wi\u0119cej mo\u017cliwo\u015bci, je\u015bli chodzi o wyb\u00f3r miejsca i daty \u015blubu, a tak\u017ce us\u0142ug i dekoracji. Mo\u017cna dostosowa\u0107 wiele element\u00f3w wesela do indywidualnych potrzeb i upodoba\u0144, co sprawi, \u017ce uroczysto\u015b\u0107 b\u0119dzie niezapomniana.<\/p>\n\n\n\n<h3 class=\"wp-block-heading\" id=\"ha-oszczednosci-finansowe\">Oszcz\u0119dno\u015bci finansowe<\/h3>\n\n\n\n<p>Organizacja wesela dla mniejszej liczby go\u015bci zawsze b\u0119dzie ta\u0144sza ni\u017c wesele dla wi\u0119kszej liczby os\u00f3b. Mniejsza liczba go\u015bci oznacza mniejsze koszty zwi\u0105zane z jedzeniem, napojami, dekoracj\u0105, us\u0142ugami fotograficznymi i muzycznymi, a tak\u017ce z wynaj\u0119ciem lokalu. To z kolei pozwala na oszcz\u0119dno\u015b\u0107 pieni\u0119dzy, kt\u00f3re mo\u017cna przeznaczy\u0107 na co\u015b innego, na przyk\u0142ad na podr\u00f3\u017c po\u015blubn\u0105.<\/p>\n\n\n\n<figure class=\"wp-block-image size-large\"><img loading=\"lazy\" decoding=\"async\" width=\"1024\" height=\"682\" src=\"https:\/\/www.koronakarkonoszy.pl\/blog\/wp-content\/uploads\/2023\/01\/Fotolia_99776245_Subscription_Monthly_M-1024x682.jpg\" alt=\"\" class=\"wp-image-6915\" srcset=\"https:\/\/www.koronakarkonoszy.pl\/blog\/wp-content\/uploads\/2023\/01\/Fotolia_99776245_Subscription_Monthly_M-1024x682.jpg 1024w, https:\/\/www.koronakarkonoszy.pl\/blog\/wp-content\/uploads\/2023\/01\/Fotolia_99776245_Subscription_Monthly_M-300x200.jpg 300w, https:\/\/www.koronakarkonoszy.pl\/blog\/wp-content\/uploads\/2023\/01\/Fotolia_99776245_Subscription_Monthly_M-768x512.jpg 768w, https:\/\/www.koronakarkonoszy.pl\/blog\/wp-content\/uploads\/2023\/01\/Fotolia_99776245_Subscription_Monthly_M-1536x1024.jpg 1536w, https:\/\/www.koronakarkonoszy.pl\/blog\/wp-content\/uploads\/2023\/01\/Fotolia_99776245_Subscription_Monthly_M.jpg 1688w\" sizes=\"auto, (max-width: 1024px) 100vw, 1024px\" \/><figcaption class=\"wp-element-caption\"><strong>Wesele w g\u00f3rach <\/strong><\/figcaption><\/figure>\n\n\n\n<h3 class=\"wp-block-heading\" id=\"ha-wiecej-czasu-dla-gosci-wesele-do-50-osob\">Wi\u0119cej czasu dla go\u015bci &#8211; wesele do 50 os\u00f3b <\/h3>\n\n\n\n<p>Organizacja wesela dla mniejszej liczby go\u015bci oznacza r\u00f3wnie\u017c, \u017ce Para M\u0142oda b\u0119dzie mia\u0142a wi\u0119cej czasu, aby porozmawia\u0107 i sp\u0119dzi\u0107 czas z ka\u017cdym z go\u015bci. Nowo\u017ce\u0144cy b\u0119d\u0105 mieli wi\u0119cej czasu na ta\u0144ce, zabawy i inne atrakcje weselne.<\/p>\n\n\n\n<h3 class=\"wp-block-heading\" id=\"ha-mniej-stresu\">Mniej stresu<\/h3>\n\n\n\n<p>Organizacja wesela dla mniejszej liczby go\u015bci oznacza r\u00f3wnie\u017c mniej stresu i presji zwi\u0105zanej z organizacj\u0105 takiej uroczysto\u015bci. Mniejsza liczba go\u015bci oznacza, \u017ce \u200b\u200bmniej jest rzeczy do zorganizowania, a tak\u017ce mniej stresu i obaw, \u017ce co\u015b p\u00f3jdzie nie tak. To wszystko pozwala na spokojniejsze i bardziej relaksuj\u0105ce prze\u017cycie tak wa\u017cnego wydarzenia w \u017cyciu Pary M\u0142odej.<\/p>\n\n\n\n<figure class=\"wp-block-image size-large\"><img loading=\"lazy\" decoding=\"async\" width=\"1024\" height=\"683\" src=\"https:\/\/www.koronakarkonoszy.pl\/blog\/wp-content\/uploads\/2021\/08\/wesele-wroclaw2-1024x683.jpg\" alt=\"\" class=\"wp-image-7433\" srcset=\"https:\/\/www.koronakarkonoszy.pl\/blog\/wp-content\/uploads\/2021\/08\/wesele-wroclaw2-1024x683.jpg 1024w, https:\/\/www.koronakarkonoszy.pl\/blog\/wp-content\/uploads\/2021\/08\/wesele-wroclaw2-300x200.jpg 300w, https:\/\/www.koronakarkonoszy.pl\/blog\/wp-content\/uploads\/2021\/08\/wesele-wroclaw2-768x512.jpg 768w, https:\/\/www.koronakarkonoszy.pl\/blog\/wp-content\/uploads\/2021\/08\/wesele-wroclaw2-1536x1024.jpg 1536w, https:\/\/www.koronakarkonoszy.pl\/blog\/wp-content\/uploads\/2021\/08\/wesele-wroclaw2-18x12.jpg 18w, https:\/\/www.koronakarkonoszy.pl\/blog\/wp-content\/uploads\/2021\/08\/wesele-wroclaw2.jpg 1600w\" sizes=\"auto, (max-width: 1024px) 100vw, 1024px\" \/><figcaption class=\"wp-element-caption\"><strong>Para M\u0142oda <\/strong><\/figcaption><\/figure>\n\n\n\n<h2 class=\"wp-block-heading\" id=\"ha-wady-wesele-do-50-osob\">Wady? Wesele do 50 os\u00f3b<\/h2>\n\n\n\n<p>Obecnie coraz wi\u0119cej os\u00f3b decyduje si\u0119 na zorganizowanie wesela w mniejszym gronie, nawet do 50 os\u00f3b. Sprawd\u017amy wady, jakie mo\u017ce mie\u0107 organizacja takiego wesela.<\/p>\n\n\n\n<h3 class=\"wp-block-heading\" id=\"ha-mniejszy-wybor-lokali-i-uslug-na-wesele-do-50-osob\">Mniejszy wyb\u00f3r lokali i us\u0142ug na wesele do 50 os\u00f3b? <\/h3>\n\n\n\n<p>Organizacja wesela w mniejszym gronie oznacza, \u017ce \u200b\u200btrzeba b\u0119dzie wybra\u0107 lokal, kt\u00f3ry b\u0119dzie zainteresowany organizacj\u0105 imprezy dla ma\u0142ej liczby go\u015bci. Niestety, wiele lokali ma limit miejsc i mo\u017cliwo\u015bci technicznych, a przede wszystkim ekonomicznych, kt\u00f3re uniemo\u017cliwiaj\u0105 organizacj\u0119 wesela w ma\u0142ym gronie. Chodzi o to, \u017ce mar\u017ca z ma\u0142ej imprezy mo\u017ce nie pokry\u0107 nawet koszt\u00f3w jej obs\u0142ugi. W efekcie, wyb\u00f3r lokali i us\u0142ug weselnych mo\u017ce by\u0107 ograniczony, a to mo\u017ce skutkowa\u0107 mniejsz\u0105 r\u00f3\u017cnorodno\u015bci\u0105 ofert.<\/p>\n\n\n\n<h3 class=\"wp-block-heading\" id=\"ha-spokojniejsza-i-mniej-zabawowa-atmosfera\">Spokojniejsza i mniej zabawowa atmosfera?<\/h3>\n\n\n\n<p>Organizacja wesela dla mniejszej liczby go\u015bci mo\u017ce mie\u0107 wp\u0142yw na atmosfer\u0119 ca\u0142ej uroczysto\u015bci. Cz\u0119sto to w\u0142a\u015bnie go\u015bcie tworz\u0105 niesamowit\u0105 atmosfer\u0119, a mniejsza liczba go\u015bci mo\u017ce wp\u0142yn\u0105\u0107 na to, \u017ce atmosfera nie b\u0119dzie tak wyj\u0105tkowa.<\/p>\n\n\n\n<figure class=\"wp-block-image size-large\"><a href=\"https:\/\/www.koronakarkonoszy.pl\/wesele\/\" target=\"_blank\" rel=\"noreferrer noopener\"><img loading=\"lazy\" decoding=\"async\" width=\"1024\" height=\"512\" src=\"https:\/\/www.koronakarkonoszy.pl\/blog\/wp-content\/uploads\/2022\/01\/piekne_wesela_DKK-1024x512.jpg\" alt=\"\" class=\"wp-image-4011\" srcset=\"https:\/\/www.koronakarkonoszy.pl\/blog\/wp-content\/uploads\/2022\/01\/piekne_wesela_DKK-1024x512.jpg 1024w, https:\/\/www.koronakarkonoszy.pl\/blog\/wp-content\/uploads\/2022\/01\/piekne_wesela_DKK-300x150.jpg 300w, https:\/\/www.koronakarkonoszy.pl\/blog\/wp-content\/uploads\/2022\/01\/piekne_wesela_DKK-768x384.jpg 768w, https:\/\/www.koronakarkonoszy.pl\/blog\/wp-content\/uploads\/2022\/01\/piekne_wesela_DKK.jpg 1200w\" sizes=\"auto, (max-width: 1024px) 100vw, 1024px\" \/><\/a><\/figure>\n\n\n\n<h3 class=\"wp-block-heading\" id=\"ha-wesele-do-50-osob-wyzszy-koszt-na-osobe\">Wesele do 50 os\u00f3b &#8211; wy\u017cszy koszt na osob\u0119?<\/h3>\n\n\n\n<p>Organizacja wesela dla mniejszej liczby go\u015bci nie oznacza, \u017ce \u200b\u200bkoszt wesela b\u0119dzie znacznie ni\u017cszy. Wiele firm weselnych ma sta\u0142e ceny i nie oferuje znacznych zni\u017cek dla mniejszych wesel.<\/p>\n\n\n\n<h3 class=\"wp-block-heading\" id=\"ha-mniej-prezentow-i-tak-zwanych-kopert\">Mniej prezent\u00f3w i tak zwanych \u201ekopert\u201d<\/h3>\n\n\n\n<figure class=\"wp-block-image size-large is-resized\"><img loading=\"lazy\" decoding=\"async\" width=\"1024\" height=\"683\" src=\"https:\/\/www.koronakarkonoszy.pl\/blog\/wp-content\/uploads\/2020\/09\/Ile-kosztuje-wesele-1024x683.jpg\" alt=\"\" class=\"wp-image-3681\" style=\"width:840px;height:560px\" srcset=\"https:\/\/www.koronakarkonoszy.pl\/blog\/wp-content\/uploads\/2020\/09\/Ile-kosztuje-wesele-1024x683.jpg 1024w, https:\/\/www.koronakarkonoszy.pl\/blog\/wp-content\/uploads\/2020\/09\/Ile-kosztuje-wesele-300x200.jpg 300w, https:\/\/www.koronakarkonoszy.pl\/blog\/wp-content\/uploads\/2020\/09\/Ile-kosztuje-wesele-768x512.jpg 768w, https:\/\/www.koronakarkonoszy.pl\/blog\/wp-content\/uploads\/2020\/09\/Ile-kosztuje-wesele.jpg 1200w\" sizes=\"auto, (max-width: 1024px) 100vw, 1024px\" \/><figcaption class=\"wp-element-caption\"><strong>Ogr\u00f3d na wesele,<\/strong> <strong><a href=\"https:\/\/www.koronakarkonoszy.pl\/wesele\/\" target=\"_blank\" rel=\"noreferrer noopener\">Dw\u00f3r Korona Karkonoszy<\/a>, Sosn\u00f3wka k. Karpacza<\/strong><\/figcaption><\/figure>\n\n\n\n<p>Cho\u0107 nie jest to najwa\u017cniejsza sprawa, warto zauwa\u017cy\u0107, \u017ce mniejsza liczba go\u015bci to r\u00f3wnie\u017c mniejsza liczba prezent\u00f3w weselnych. Dla cz\u0119\u015bci par mo\u017ce to by\u0107 istotne, zw\u0142aszcza \u017ce cz\u0119sto to prezenty pomagaj\u0105 pokry\u0107 koszty organizacji wesela.<\/p>\n\n\n\n<p><strong>Podsumowuj\u0105c, organizacja wesela do 50 os\u00f3b ma wiele zalet<\/strong>. Ostatecznie decyzja nale\u017cy do Pary M\u0142odej i powinna by\u0107 uzale\u017cniona od indywidualnych potrzeb i preferencji. Wa\u017cne, aby zawsze wybiera\u0107 rozwi\u0105zania, kt\u00f3re b\u0119d\u0105 dopasowane do bud\u017cetu i oczekiwa\u0144.<\/p>\n","protected":false},"excerpt":{"rendered":"<p>Chocia\u017c zwyk\u0142o si\u0119 m\u00f3wi\u0107, \u017ce zawarcie zwi\u0105zku ma\u0142\u017ce\u0144skiego powinno si\u0119 \u015bwi\u0119towa\u0107 z rozmachem, to od kilku sezon\u00f3w w bran\u017cy \u015blubnej kr\u00f3luje trend kameralnych wesel. Zakochani udowadniaj\u0105, \u017ce skromne przyj\u0119cie weselne mo\u017ce by\u0107 pi\u0119kne, pe\u0142ne uroku i wyj\u0105tkowo romantyczne. Jak zorganizowa\u0107 niezapomniane wesele do 50 os\u00f3b? I jaki jest koszt takiego przedsi\u0119wzi\u0119cia? Dlaczego warto zorganizowa\u0107 ma\u0142e [&hellip;]<\/p>\n","protected":false},"author":11,"featured_media":3204,"comment_status":"closed","ping_status":"closed","sticky":false,"template":"","format":"standard","meta":{"_acf_changed":false,"footnotes":""},"categories":[2,3],"class_list":["post-3200","post","type-post","status-publish","format-standard","has-post-thumbnail","hentry","category-porady","category-trendy"],"acf":[],"yoast_head":"<!-- This site is optimized with the Yoast SEO plugin v27.5 - https:\/\/yoast.com\/product\/yoast-seo-wordpress\/ -->\n<title>Wesele do 50 os\u00f3b \u2013 ma\u0142a impreza o wielkim potencjale - :: Blog weselny<\/title>\n<meta name=\"description\" content=\"Planujesz kameralne wesele? Sprawd\u017a, jak zorganizowa\u0107 niezapomniane przyj\u0119cie do 50 os\u00f3b. Poznaj praktyczne wskaz\u00f3wki i pomys\u0142y na ma\u0142e wesele w g\u00f3rach!\" \/>\n<meta name=\"robots\" content=\"index, follow, max-snippet:-1, max-image-preview:large, max-video-preview:-1\" \/>\n<link rel=\"canonical\" href=\"https:\/\/www.koronakarkonoszy.pl\/blog\/wesele-do-50-osob\/\" \/>\n<meta property=\"og:locale\" content=\"pl_PL\" \/>\n<meta property=\"og:type\" content=\"article\" \/>\n<meta property=\"og:title\" content=\"Wesele do 50 os\u00f3b \u2013 ma\u0142a impreza o wielkim potencjale - :: Blog weselny\" \/>\n<meta property=\"og:description\" content=\"Planujesz kameralne wesele? Sprawd\u017a, jak zorganizowa\u0107 niezapomniane przyj\u0119cie do 50 os\u00f3b. Poznaj praktyczne wskaz\u00f3wki i pomys\u0142y na ma\u0142e wesele w g\u00f3rach!\" \/>\n<meta property=\"og:url\" content=\"https:\/\/www.koronakarkonoszy.pl\/blog\/wesele-do-50-osob\/\" \/>\n<meta property=\"og:site_name\" content=\":: Blog weselny\" \/>\n<meta property=\"article:published_time\" content=\"2023-03-30T18:18:35+00:00\" \/>\n<meta property=\"article:modified_time\" content=\"2025-02-14T09:35:56+00:00\" \/>\n<meta property=\"og:image\" content=\"https:\/\/www.koronakarkonoszy.pl\/blog\/wp-content\/uploads\/2022\/02\/bob-oh-iJY-h1wEMK4-unsplash.jpg\" \/>\n\t<meta property=\"og:image:width\" content=\"1920\" \/>\n\t<meta property=\"og:image:height\" content=\"1280\" \/>\n\t<meta property=\"og:image:type\" content=\"image\/jpeg\" \/>\n<meta name=\"author\" content=\"agnieszka\" \/>\n<meta name=\"twitter:card\" content=\"summary_large_image\" \/>\n<meta name=\"twitter:label1\" content=\"Napisane przez\" \/>\n\t<meta name=\"twitter:data1\" content=\"agnieszka\" \/>\n\t<meta name=\"twitter:label2\" content=\"Szacowany czas czytania\" \/>\n\t<meta name=\"twitter:data2\" content=\"18 minut\" \/>\n<script type=\"application\/ld+json\" class=\"yoast-schema-graph\">{\"@context\":\"https:\\\/\\\/schema.org\",\"@graph\":[{\"@type\":\"Article\",\"@id\":\"https:\\\/\\\/www.koronakarkonoszy.pl\\\/blog\\\/wesele-do-50-osob\\\/#article\",\"isPartOf\":{\"@id\":\"https:\\\/\\\/www.koronakarkonoszy.pl\\\/blog\\\/wesele-do-50-osob\\\/\"},\"author\":{\"name\":\"agnieszka\",\"@id\":\"https:\\\/\\\/www.koronakarkonoszy.pl\\\/blog\\\/#\\\/schema\\\/person\\\/ec8c88bd01ebe6cbf6a16435ce22276f\"},\"headline\":\"Wesele do 50 os\u00f3b \u2013 ma\u0142a impreza o wielkim potencjale\",\"datePublished\":\"2023-03-30T18:18:35+00:00\",\"dateModified\":\"2025-02-14T09:35:56+00:00\",\"mainEntityOfPage\":{\"@id\":\"https:\\\/\\\/www.koronakarkonoszy.pl\\\/blog\\\/wesele-do-50-osob\\\/\"},\"wordCount\":3116,\"image\":{\"@id\":\"https:\\\/\\\/www.koronakarkonoszy.pl\\\/blog\\\/wesele-do-50-osob\\\/#primaryimage\"},\"thumbnailUrl\":\"https:\\\/\\\/www.koronakarkonoszy.pl\\\/blog\\\/wp-content\\\/uploads\\\/2022\\\/02\\\/bob-oh-iJY-h1wEMK4-unsplash.jpg\",\"articleSection\":[\"Porady\",\"Trendy\"],\"inLanguage\":\"pl-PL\"},{\"@type\":\"WebPage\",\"@id\":\"https:\\\/\\\/www.koronakarkonoszy.pl\\\/blog\\\/wesele-do-50-osob\\\/\",\"url\":\"https:\\\/\\\/www.koronakarkonoszy.pl\\\/blog\\\/wesele-do-50-osob\\\/\",\"name\":\"Wesele do 50 os\u00f3b \u2013 ma\u0142a impreza o wielkim potencjale - :: Blog weselny\",\"isPartOf\":{\"@id\":\"https:\\\/\\\/www.koronakarkonoszy.pl\\\/blog\\\/#website\"},\"primaryImageOfPage\":{\"@id\":\"https:\\\/\\\/www.koronakarkonoszy.pl\\\/blog\\\/wesele-do-50-osob\\\/#primaryimage\"},\"image\":{\"@id\":\"https:\\\/\\\/www.koronakarkonoszy.pl\\\/blog\\\/wesele-do-50-osob\\\/#primaryimage\"},\"thumbnailUrl\":\"https:\\\/\\\/www.koronakarkonoszy.pl\\\/blog\\\/wp-content\\\/uploads\\\/2022\\\/02\\\/bob-oh-iJY-h1wEMK4-unsplash.jpg\",\"datePublished\":\"2023-03-30T18:18:35+00:00\",\"dateModified\":\"2025-02-14T09:35:56+00:00\",\"author\":{\"@id\":\"https:\\\/\\\/www.koronakarkonoszy.pl\\\/blog\\\/#\\\/schema\\\/person\\\/ec8c88bd01ebe6cbf6a16435ce22276f\"},\"description\":\"Planujesz kameralne wesele? Sprawd\u017a, jak zorganizowa\u0107 niezapomniane przyj\u0119cie do 50 os\u00f3b. Poznaj praktyczne wskaz\u00f3wki i pomys\u0142y na ma\u0142e wesele w g\u00f3rach!\",\"breadcrumb\":{\"@id\":\"https:\\\/\\\/www.koronakarkonoszy.pl\\\/blog\\\/wesele-do-50-osob\\\/#breadcrumb\"},\"inLanguage\":\"pl-PL\",\"potentialAction\":[{\"@type\":\"ReadAction\",\"target\":[\"https:\\\/\\\/www.koronakarkonoszy.pl\\\/blog\\\/wesele-do-50-osob\\\/\"]}]},{\"@type\":\"ImageObject\",\"inLanguage\":\"pl-PL\",\"@id\":\"https:\\\/\\\/www.koronakarkonoszy.pl\\\/blog\\\/wesele-do-50-osob\\\/#primaryimage\",\"url\":\"https:\\\/\\\/www.koronakarkonoszy.pl\\\/blog\\\/wp-content\\\/uploads\\\/2022\\\/02\\\/bob-oh-iJY-h1wEMK4-unsplash.jpg\",\"contentUrl\":\"https:\\\/\\\/www.koronakarkonoszy.pl\\\/blog\\\/wp-content\\\/uploads\\\/2022\\\/02\\\/bob-oh-iJY-h1wEMK4-unsplash.jpg\",\"width\":1920,\"height\":1280},{\"@type\":\"BreadcrumbList\",\"@id\":\"https:\\\/\\\/www.koronakarkonoszy.pl\\\/blog\\\/wesele-do-50-osob\\\/#breadcrumb\",\"itemListElement\":[{\"@type\":\"ListItem\",\"position\":1,\"name\":\"Strona g\u0142\u00f3wna\",\"item\":\"https:\\\/\\\/www.koronakarkonoszy.pl\\\/blog\\\/\"},{\"@type\":\"ListItem\",\"position\":2,\"name\":\"Wesele do 50 os\u00f3b \u2013 ma\u0142a impreza o wielkim potencjale\"}]},{\"@type\":\"WebSite\",\"@id\":\"https:\\\/\\\/www.koronakarkonoszy.pl\\\/blog\\\/#website\",\"url\":\"https:\\\/\\\/www.koronakarkonoszy.pl\\\/blog\\\/\",\"name\":\":: Blog weselny\",\"description\":\"Blog weselny Dw\u00f3r Korona Karkonoszy\",\"potentialAction\":[{\"@type\":\"SearchAction\",\"target\":{\"@type\":\"EntryPoint\",\"urlTemplate\":\"https:\\\/\\\/www.koronakarkonoszy.pl\\\/blog\\\/?s={search_term_string}\"},\"query-input\":{\"@type\":\"PropertyValueSpecification\",\"valueRequired\":true,\"valueName\":\"search_term_string\"}}],\"inLanguage\":\"pl-PL\"},{\"@type\":\"Person\",\"@id\":\"https:\\\/\\\/www.koronakarkonoszy.pl\\\/blog\\\/#\\\/schema\\\/person\\\/ec8c88bd01ebe6cbf6a16435ce22276f\",\"name\":\"agnieszka\",\"image\":{\"@type\":\"ImageObject\",\"inLanguage\":\"pl-PL\",\"@id\":\"https:\\\/\\\/www.koronakarkonoszy.pl\\\/blog\\\/wp-content\\\/litespeed\\\/avatar\\\/53ee7b676463f74d0aea1a09de3d003b.jpg?ver=1777438794\",\"url\":\"https:\\\/\\\/www.koronakarkonoszy.pl\\\/blog\\\/wp-content\\\/litespeed\\\/avatar\\\/53ee7b676463f74d0aea1a09de3d003b.jpg?ver=1777438794\",\"contentUrl\":\"https:\\\/\\\/www.koronakarkonoszy.pl\\\/blog\\\/wp-content\\\/litespeed\\\/avatar\\\/53ee7b676463f74d0aea1a09de3d003b.jpg?ver=1777438794\",\"caption\":\"agnieszka\"},\"url\":\"https:\\\/\\\/www.koronakarkonoszy.pl\\\/blog\\\/author\\\/agnieszka\\\/\"}]}<\/script>\n<!-- \/ Yoast SEO plugin. -->","yoast_head_json":{"title":"Wesele do 50 os\u00f3b \u2013 ma\u0142a impreza o wielkim potencjale - :: Blog weselny","description":"Planujesz kameralne wesele? Sprawd\u017a, jak zorganizowa\u0107 niezapomniane przyj\u0119cie do 50 os\u00f3b. Poznaj praktyczne wskaz\u00f3wki i pomys\u0142y na ma\u0142e wesele w g\u00f3rach!","robots":{"index":"index","follow":"follow","max-snippet":"max-snippet:-1","max-image-preview":"max-image-preview:large","max-video-preview":"max-video-preview:-1"},"canonical":"https:\/\/www.koronakarkonoszy.pl\/blog\/wesele-do-50-osob\/","og_locale":"pl_PL","og_type":"article","og_title":"Wesele do 50 os\u00f3b \u2013 ma\u0142a impreza o wielkim potencjale - :: Blog weselny","og_description":"Planujesz kameralne wesele? Sprawd\u017a, jak zorganizowa\u0107 niezapomniane przyj\u0119cie do 50 os\u00f3b. Poznaj praktyczne wskaz\u00f3wki i pomys\u0142y na ma\u0142e wesele w g\u00f3rach!","og_url":"https:\/\/www.koronakarkonoszy.pl\/blog\/wesele-do-50-osob\/","og_site_name":":: Blog weselny","article_published_time":"2023-03-30T18:18:35+00:00","article_modified_time":"2025-02-14T09:35:56+00:00","og_image":[{"width":1920,"height":1280,"url":"https:\/\/www.koronakarkonoszy.pl\/blog\/wp-content\/uploads\/2022\/02\/bob-oh-iJY-h1wEMK4-unsplash.jpg","type":"image\/jpeg"}],"author":"agnieszka","twitter_card":"summary_large_image","twitter_misc":{"Napisane przez":"agnieszka","Szacowany czas czytania":"18 minut"},"schema":{"@context":"https:\/\/schema.org","@graph":[{"@type":"Article","@id":"https:\/\/www.koronakarkonoszy.pl\/blog\/wesele-do-50-osob\/#article","isPartOf":{"@id":"https:\/\/www.koronakarkonoszy.pl\/blog\/wesele-do-50-osob\/"},"author":{"name":"agnieszka","@id":"https:\/\/www.koronakarkonoszy.pl\/blog\/#\/schema\/person\/ec8c88bd01ebe6cbf6a16435ce22276f"},"headline":"Wesele do 50 os\u00f3b \u2013 ma\u0142a impreza o wielkim potencjale","datePublished":"2023-03-30T18:18:35+00:00","dateModified":"2025-02-14T09:35:56+00:00","mainEntityOfPage":{"@id":"https:\/\/www.koronakarkonoszy.pl\/blog\/wesele-do-50-osob\/"},"wordCount":3116,"image":{"@id":"https:\/\/www.koronakarkonoszy.pl\/blog\/wesele-do-50-osob\/#primaryimage"},"thumbnailUrl":"https:\/\/www.koronakarkonoszy.pl\/blog\/wp-content\/uploads\/2022\/02\/bob-oh-iJY-h1wEMK4-unsplash.jpg","articleSection":["Porady","Trendy"],"inLanguage":"pl-PL"},{"@type":"WebPage","@id":"https:\/\/www.koronakarkonoszy.pl\/blog\/wesele-do-50-osob\/","url":"https:\/\/www.koronakarkonoszy.pl\/blog\/wesele-do-50-osob\/","name":"Wesele do 50 os\u00f3b \u2013 ma\u0142a impreza o wielkim potencjale - :: Blog weselny","isPartOf":{"@id":"https:\/\/www.koronakarkonoszy.pl\/blog\/#website"},"primaryImageOfPage":{"@id":"https:\/\/www.koronakarkonoszy.pl\/blog\/wesele-do-50-osob\/#primaryimage"},"image":{"@id":"https:\/\/www.koronakarkonoszy.pl\/blog\/wesele-do-50-osob\/#primaryimage"},"thumbnailUrl":"https:\/\/www.koronakarkonoszy.pl\/blog\/wp-content\/uploads\/2022\/02\/bob-oh-iJY-h1wEMK4-unsplash.jpg","datePublished":"2023-03-30T18:18:35+00:00","dateModified":"2025-02-14T09:35:56+00:00","author":{"@id":"https:\/\/www.koronakarkonoszy.pl\/blog\/#\/schema\/person\/ec8c88bd01ebe6cbf6a16435ce22276f"},"description":"Planujesz kameralne wesele? Sprawd\u017a, jak zorganizowa\u0107 niezapomniane przyj\u0119cie do 50 os\u00f3b. Poznaj praktyczne wskaz\u00f3wki i pomys\u0142y na ma\u0142e wesele w g\u00f3rach!","breadcrumb":{"@id":"https:\/\/www.koronakarkonoszy.pl\/blog\/wesele-do-50-osob\/#breadcrumb"},"inLanguage":"pl-PL","potentialAction":[{"@type":"ReadAction","target":["https:\/\/www.koronakarkonoszy.pl\/blog\/wesele-do-50-osob\/"]}]},{"@type":"ImageObject","inLanguage":"pl-PL","@id":"https:\/\/www.koronakarkonoszy.pl\/blog\/wesele-do-50-osob\/#primaryimage","url":"https:\/\/www.koronakarkonoszy.pl\/blog\/wp-content\/uploads\/2022\/02\/bob-oh-iJY-h1wEMK4-unsplash.jpg","contentUrl":"https:\/\/www.koronakarkonoszy.pl\/blog\/wp-content\/uploads\/2022\/02\/bob-oh-iJY-h1wEMK4-unsplash.jpg","width":1920,"height":1280},{"@type":"BreadcrumbList","@id":"https:\/\/www.koronakarkonoszy.pl\/blog\/wesele-do-50-osob\/#breadcrumb","itemListElement":[{"@type":"ListItem","position":1,"name":"Strona g\u0142\u00f3wna","item":"https:\/\/www.koronakarkonoszy.pl\/blog\/"},{"@type":"ListItem","position":2,"name":"Wesele do 50 os\u00f3b \u2013 ma\u0142a impreza o wielkim potencjale"}]},{"@type":"WebSite","@id":"https:\/\/www.koronakarkonoszy.pl\/blog\/#website","url":"https:\/\/www.koronakarkonoszy.pl\/blog\/","name":":: Blog weselny","description":"Blog weselny Dw\u00f3r Korona Karkonoszy","potentialAction":[{"@type":"SearchAction","target":{"@type":"EntryPoint","urlTemplate":"https:\/\/www.koronakarkonoszy.pl\/blog\/?s={search_term_string}"},"query-input":{"@type":"PropertyValueSpecification","valueRequired":true,"valueName":"search_term_string"}}],"inLanguage":"pl-PL"},{"@type":"Person","@id":"https:\/\/www.koronakarkonoszy.pl\/blog\/#\/schema\/person\/ec8c88bd01ebe6cbf6a16435ce22276f","name":"agnieszka","image":{"@type":"ImageObject","inLanguage":"pl-PL","@id":"https:\/\/www.koronakarkonoszy.pl\/blog\/wp-content\/litespeed\/avatar\/53ee7b676463f74d0aea1a09de3d003b.jpg?ver=1777438794","url":"https:\/\/www.koronakarkonoszy.pl\/blog\/wp-content\/litespeed\/avatar\/53ee7b676463f74d0aea1a09de3d003b.jpg?ver=1777438794","contentUrl":"https:\/\/www.koronakarkonoszy.pl\/blog\/wp-content\/litespeed\/avatar\/53ee7b676463f74d0aea1a09de3d003b.jpg?ver=1777438794","caption":"agnieszka"},"url":"https:\/\/www.koronakarkonoszy.pl\/blog\/author\/agnieszka\/"}]}},"_links":{"self":[{"href":"https:\/\/www.koronakarkonoszy.pl\/blog\/wp-json\/wp\/v2\/posts\/3200","targetHints":{"allow":["GET"]}}],"collection":[{"href":"https:\/\/www.koronakarkonoszy.pl\/blog\/wp-json\/wp\/v2\/posts"}],"about":[{"href":"https:\/\/www.koronakarkonoszy.pl\/blog\/wp-json\/wp\/v2\/types\/post"}],"author":[{"embeddable":true,"href":"https:\/\/www.koronakarkonoszy.pl\/blog\/wp-json\/wp\/v2\/users\/11"}],"replies":[{"embeddable":true,"href":"https:\/\/www.koronakarkonoszy.pl\/blog\/wp-json\/wp\/v2\/comments?post=3200"}],"version-history":[{"count":1,"href":"https:\/\/www.koronakarkonoszy.pl\/blog\/wp-json\/wp\/v2\/posts\/3200\/revisions"}],"predecessor-version":[{"id":11622,"href":"https:\/\/www.koronakarkonoszy.pl\/blog\/wp-json\/wp\/v2\/posts\/3200\/revisions\/11622"}],"wp:featuredmedia":[{"embeddable":true,"href":"https:\/\/www.koronakarkonoszy.pl\/blog\/wp-json\/wp\/v2\/media\/3204"}],"wp:attachment":[{"href":"https:\/\/www.koronakarkonoszy.pl\/blog\/wp-json\/wp\/v2\/media?parent=3200"}],"wp:term":[{"taxonomy":"category","embeddable":true,"href":"https:\/\/www.koronakarkonoszy.pl\/blog\/wp-json\/wp\/v2\/categories?post=3200"}],"curies":[{"name":"wp","href":"https:\/\/api.w.org\/{rel}","templated":true}]}}