{"id":3173,"date":"2024-07-11T18:41:00","date_gmt":"2024-07-11T16:41:00","guid":{"rendered":"https:\/\/www.koronakarkonoszy.pl\/blog\/?p=3173"},"modified":"2024-08-11T23:55:05","modified_gmt":"2024-08-11T21:55:05","slug":"wesele-na-50-osob","status":"publish","type":"post","link":"https:\/\/www.koronakarkonoszy.pl\/blog\/wesele-na-50-osob\/","title":{"rendered":"Wesele na 50 os\u00f3b &#8211; z czym to si\u0119 wi\u0105\u017ce?"},"content":{"rendered":"\n<p>Marzycie o tym, aby zorganizowa\u0107 niezapomniane <a href=\"https:\/\/www.koronakarkonoszy.pl\/blog\/wesele-na-50-osob\/\" class=\"links-placer\">wesele na 50 os\u00f3b<\/a>? Niezale\u017cnie od tego, czy podj\u0119li\u015bcie tak\u0105 decyzj\u0119, poniewa\u017c cenicie sobie kameralny klimat, dysponujecie ograniczonym bud\u017cetem, czy macie ma\u0142\u0105 rodzin\u0119, z pewno\u015bci\u0105 chcecie sp\u0119dzi\u0107 wspania\u0142e chwile w gronie najbli\u017cszych. Przygotowali\u015bmy gar\u015b\u0107 wskaz\u00f3wek, kt\u00f3re pomog\u0105 Wam zaplanowa\u0107 romantyczne przyj\u0119cie!<\/p>\n\n\n\n<h3 class=\"wp-block-heading\" id=\"ha-czego-sie-dowiesz-z-artykulu\">Czego si\u0119 dowiesz z artyku\u0142u?<\/h3>\n\n\n\n<p>Planowanie wesela to jedno z najwa\u017cniejszych zada\u0144, jakie staj\u0105 przed przysz\u0142\u0105 Par\u0105 M\u0142od\u0105. W dzisiejszych czasach coraz wi\u0119cej par decyduje si\u0119 na kameralne przyj\u0119cia, ograniczaj\u0105c liczb\u0119 go\u015bci do najbli\u017cszej rodziny i przyjaci\u00f3\u0142. Czy warto zorganizowa\u0107 wesele na 50 os\u00f3b? W tym artykule przyjrzymy si\u0119 temu, dlaczego ma\u0142e wesela zyskuj\u0105 na popularno\u015bci i jakie korzy\u015bci mog\u0105 przynie\u015b\u0107.<\/p>\n\n\n\n<p>Na pocz\u0105tku om\u00f3wimy, co sk\u0142ada si\u0119 na koszty wesela i jak je zoptymalizowa\u0107, aby zorganizowa\u0107 niezapomniane przyj\u0119cie bez nadmiernego obci\u0105\u017cenia bud\u017cetu. Nast\u0119pnie przeanalizujemy, kogo nie mo\u017ce zabrakn\u0105\u0107 na tak kameralnym wydarzeniu oraz jakie s\u0105 g\u0142\u00f3wne zalety mniejszego wesela. Poka\u017cemy r\u00f3wnie\u017c, jak zaplanowa\u0107 niewielkie <a href=\"https:\/\/www.koronakarkonoszy.pl\/blog\/jak-zorganizowac-przyjecie-weselne-na-30-osob\/\" class=\"links-placer\">przyj\u0119cie weselne<\/a> krok po kroku, od wyboru sali weselnej a\u017c po rozwa\u017cenie opcji organizacji wesela w g\u00f3rach.<\/p>\n\n\n\n<p>Zapraszamy do lektury naszego poradnika dla przysz\u0142ych Par M\u0142odych, kt\u00f3ry pomo\u017ce Wam zorganizowa\u0107 idealne wesele na 50 os\u00f3b!<\/p>\n\n\n<div id=\"ariadna-block_bddd7175b5af04d6432a2af3da94c0e4\" class=\"ariadna\">\r\n    <ul><li><a href=\"#h-dlaczego-warto-zorganizowa-wesele-na-50-os-b\">Dlaczego warto zorganizowa\u0107 wesele na 50 os\u00f3b?<\/a><\/li><li><a href=\"#h-wesele-na-50-os-b-poradnik-dla-pary-m-odej\">Wesele na 50 os\u00f3b: poradnik dla Pary M\u0142odej<\/a><\/li><li><a href=\"#h-co-sie-sklada-na-koszty-wesela\">Co si\u0119 sk\u0142ada na koszty wesela?<\/a><\/li><li><a href=\"#h-kameralne-wesele-na-50-os-b-kogo-nie-mo-e-na-nim-zabrakn\">Kameralne wesele na 50 os\u00f3b: kogo nie mo\u017ce na nim zabrakn\u0105\u0107?<\/a><\/li><li><a href=\"#h-jakie-sa-zalety-malego-wesela\">Jakie s\u0105 zalety ma\u0142ego wesela?<\/a><\/li><li><a href=\"#h-jak-zaplanowac-niewielkie-przyjecie-weselne\">Jak zaplanowa\u0107 niewielkie przyj\u0119cie weselne?<\/a><\/li><li><a href=\"#h-jak-wybra-sal-weseln\">Jak wybra\u0107 sal\u0119 weseln\u0105?<\/a><\/li><li><a href=\"#ha-sale-weselne-na-50-osob-gdzie-ich-szukac\">Sale weselne na 50 os\u00f3b &#8211; gdzie ich szuka\u0107?<\/a><\/li><li><a href=\"#ha-czy-warto-rozwazyc-wesele-w-gorach\">Czy warto rozwa\u017cy\u0107 wesele w g\u00f3rach?<\/a><\/li><\/ul>\r\n<\/div>\r\n\r\n\r\n\r\n\n\n\n<h2 class=\"wp-block-heading\" id=\"h-dlaczego-warto-zorganizowa-wesele-na-50-os-b\">Dlaczego warto zorganizowa\u0107 wesele na 50 os\u00f3b?<\/h2>\n\n\n\n<p>Wiele os\u00f3b twierdzi, \u017ce epoka hucznych wesel na 200, 300, a nawet 500 os\u00f3b, powoli dobiega ko\u0144ca. Pary M\u0142ode coraz cz\u0119\u015bciej organizuj\u0105 kameralne przyj\u0119cie dla najbli\u017cszej rodziny i przyjaci\u00f3\u0142. Je\u015bli chcecie sp\u0119dzi\u0107 najpi\u0119kniejszy dzie\u0144 w \u017cyciu w gronie najbli\u017cszej rodziny i przyjaci\u00f3\u0142, zaplanujcie kameraln\u0105 uroczysto\u015b\u0107. W ten spos\u00f3b po\u015bwi\u0119cicie wszystkim go\u015bciom zdecydowanie wi\u0119cej czasu, ni\u017c gdyby\u015bcie zorganizowali przyj\u0119cie na 200-300 os\u00f3b. Je\u015bli zale\u017cy Wam na intymnej atmosferze, rozwa\u017ccie mniej huczne wesele.&nbsp;<\/p>\n\n\n\n<style>\n    .cta_block{\n        margin: 1.5em 0;\n    }\n    .cta_block_content {\n        position: relative;\n        color: white;\n        padding: 1em;\n    }\n    .cta_block_content h3{\n        text-align: center;\n        font: normal normal normal 36px\/50px Yeseva One;\n    }\n    .cta_block_content .cta_block_desc{\n        text-align: center;\n        font-size: 1.1em;\n        position: relative;\n    }\n    .cta_block_content .cta_block_desc:before {\n        content: '';\n        width: 80px;\n        height: 4px;\n        background: #EEB315;\n        position: absolute;\n        left: 0;\n        right: 0;\n        margin-left: auto;\n        margin-right: auto;\n        top: -22px;\n    }\n\n    .cta_block_content picture{\n        position: absolute;\n        top: 0;\n        right: 0;\n        z-index: -1;\n        height: 100%;\n        overflow: hidden;\n        width: 100%;\n    }\n    .cta_block_content picture img{\n        object-fit: cover;\n        height: 100%;\n        width: 100%;\n    }\n    .cta_block .cta_block_content .ninja-forms-field{\n        background: #FFFFFF2F;\n        border: 1px solid #EEB315;\n        border-radius: 25px;\n        opacity: 1;\n        color: #ffffff;\n    }\n    .cta_block .cta_block_content .nf-form-content input[type=submit]{\n        background-color: #EEB315;\n        color: #292929;\n        text-align: center;\n        font: normal normal bold 14px\/20px Work Sans;\n        padding: 0 2em;\n    }\n\n    .cta_block ::placeholder{\n        color: white!important;\n        opacity: 1;\n    }\n\n    .cta_block_content::after {\n        height: 100%;\n        width: 100%;\n        content: \"\";\n        z-index: -1;\n        position: absolute;\n        top: 0;\n        background: #00000070;\n        right: 0;\n        left: 0;\n        bottom: 0;\n    }\n    #ha-cta-block, .cta_block_desc, .cta_block .nf-field-label, .cta_block .nf-error-msg {\n        filter: drop-shadow(1px 1px 8px black);\n    }\n\n\/*    .cta_block nf-rows-wrap {\n        display: flex;\n        justify-content: space-around;\n        flex-direction: row;\n    }*\/\n\n    .cta_block .nf-field-label {\n        display:none;\n    }\n\n    .cta_block .nf-error.field-wrap .nf-field-element::after {\n        border-radius: 50px;\n    }\n\n    .cta_block .nf-error-msg {\n        color: #fff;\n    }\n\n    .cta_block .nf-form-cont {\n        margin-top: 3em;\n        margin-bottom: 1em;\n    }\n\n    .wp-admin .cta_block_content{\n        display: none;\n    }\n    .cta_block .nf-form-fields-required {\n        display: none;\n    }\n    body:not(.wp-admin) .cta_block_admin {\n        display: none;\n    }\n<\/style>\n<div id=\"cta_block-block_713356d9bf3935f9e0987a7dfe4b0e20\" class=\"cta_block\">\n    <div class=\"cta_block_admin\" style=\"background-color: blue; color: white\">\n        Blok CTA\n    <\/div>\n    <div class=\"cta_block\">\n        <div class=\"cta_block_content\">   \n        <h3 id=\"ha-organizujesz-kameralne-wesele\">Organizujesz kameralne wesele?<\/h3>\n                    <div class=\"cta_block_desc\">U nas ka\u017cde przyj\u0119cie jest magiczne \u2665<\/div>\n                <noscript class=\"ninja-forms-noscript-message\">\n\tUwaga: ta zawarto\u015b\u0107 wymaga obs\u0142ugi j\u0119zyka JavaScript.<\/noscript>\n<div id=\"nf-form-3-cont\" class=\"nf-form-cont\" aria-live=\"polite\" aria-labelledby=\"nf-form-title-3\" aria-describedby=\"nf-form-errors-3\" role=\"form\">\n\n    <div class=\"nf-loading-spinner\"><\/div>\n\n<\/div>\n        <!-- That data is being printed as a workaround to page builders reordering the order of the scripts loaded-->\n        <script>var formDisplay=1;var nfForms=nfForms||[];var form=[];form.id='3';form.settings={\"objectType\":\"Form Setting\",\"editActive\":true,\"title\":\"Block CTA\",\"created_at\":\"2022-11-08 16:03:33\",\"default_label_pos\":\"above\",\"show_title\":0,\"clear_complete\":\"1\",\"hide_complete\":\"1\",\"logged_in\":\"\",\"wrapper_class\":\"\",\"element_class\":\"\",\"key\":\"\",\"add_submit\":\"0\",\"changeEmailErrorMsg\":\"Wprowad\\u017a prawid\\u0142owy adres e-mail!\",\"changeDateErrorMsg\":\"Prosz\\u0119 wpisa\\u0107 prawid\\u0142ow\\u0105 dat\\u0119!\",\"confirmFieldErrorMsg\":\"Te pola musz\\u0105 si\\u0119 zgadza\\u0107!\",\"fieldNumberNumMinError\":\"B\\u0142\\u0105d \\u2014 liczba minimalna\",\"fieldNumberNumMaxError\":\"B\\u0142\\u0105d \\u2014 liczba maksymalna\",\"fieldNumberIncrementBy\":\"Zwi\\u0119ksz o \",\"formErrorsCorrectErrors\":\"Popraw b\\u0142\\u0119dy, zanim prze\\u015blesz formularz.\",\"validateRequiredField\":\"To jest wymagane pole.\",\"honeypotHoneypotError\":\"B\\u0142\\u0105d Honeypot\",\"fieldsMarkedRequired\":\"Pola oznaczone znakiem <span class=\\\"ninja-forms-req-symbol\\\">*<\\\/span> s\\u0105 wymagane\",\"currency\":\"\",\"repeatable_fieldsets\":\"\",\"unique_field_error\":\"Formularz z t\\u0105 warto\\u015bci\\u0105 zosta\\u0142 ju\\u017c przes\\u0142any.\",\"not_logged_in_msg\":\"\",\"sub_limit_msg\":\"Formularz osi\\u0105gn\\u0105\\u0142 limit wys\\u0142a\\u0144.\",\"calculations\":[],\"container_styles_show_advanced_css\":\"0\",\"title_styles_show_advanced_css\":\"0\",\"row_styles_show_advanced_css\":\"0\",\"row-odd_styles_show_advanced_css\":\"0\",\"success-msg_styles_show_advanced_css\":\"0\",\"error_msg_styles_show_advanced_css\":\"0\",\"formContentData\":[{\"order\":1,\"cells\":[{\"order\":0,\"fields\":[\"phone_1640098023980\"],\"width\":35},{\"order\":1,\"fields\":[\"adres_e-mail_1667919839452\"],\"width\":35},{\"order\":2,\"fields\":[\"zapisz_mnie_1667919853255\"],\"width\":30}]}],\"drawerDisabled\":false,\"conditions\":[],\"allow_public_link\":0,\"embed_form\":\"\",\"container_styles_border\":\"\",\"container_styles_height\":\"\",\"container_styles_margin\":\"\",\"container_styles_padding\":\"\",\"container_styles_float\":\"\",\"title_styles_border\":\"\",\"title_styles_height\":\"\",\"title_styles_width\":\"\",\"title_styles_font-size\":\"\",\"title_styles_margin\":\"\",\"title_styles_padding\":\"\",\"title_styles_float\":\"\",\"row_styles_border\":\"\",\"row_styles_width\":\"\",\"row_styles_font-size\":\"\",\"row_styles_margin\":\"\",\"row_styles_padding\":\"\",\"row-odd_styles_border\":\"\",\"row-odd_styles_height\":\"\",\"row-odd_styles_width\":\"\",\"row-odd_styles_font-size\":\"\",\"row-odd_styles_margin\":\"\",\"row-odd_styles_padding\":\"\",\"success-msg_styles_border\":\"\",\"success-msg_styles_height\":\"\",\"success-msg_styles_width\":\"\",\"success-msg_styles_font-size\":\"\",\"success-msg_styles_margin\":\"\",\"success-msg_styles_padding\":\"\",\"error_msg_styles_border\":\"\",\"error_msg_styles_width\":\"\",\"error_msg_styles_font-size\":\"\",\"error_msg_styles_margin\":\"\",\"error_msg_styles_padding\":\"\",\"form_title_heading_level\":\"3\",\"ninjaForms\":\"Ninja Forms\",\"fieldTextareaRTEInsertLink\":\"Wstaw odno\\u015bnik\",\"fieldTextareaRTEInsertMedia\":\"Wstaw media\",\"fieldTextareaRTESelectAFile\":\"Wybierz plik\",\"formHoneypot\":\"Je\\u015bli jeste\\u015b cz\\u0142owiekiem i widzisz to pole, nie wype\\u0142niaj go.\",\"fileUploadOldCodeFileUploadInProgress\":\"Przesy\\u0142anie pliku w toku.\",\"fileUploadOldCodeFileUpload\":\"PRZESY\\u0141ANIE PLIKU\",\"currencySymbol\":\"&#36;\",\"thousands_sep\":\"&nbsp;\",\"decimal_point\":\",\",\"siteLocale\":\"pl_PL\",\"dateFormat\":\"m\\\/d\\\/Y\",\"startOfWeek\":\"1\",\"of\":\"z\",\"previousMonth\":\"Poprzedni miesi\\u0105c\",\"nextMonth\":\"Nast\\u0119pny miesi\\u0105c\",\"months\":[\"Stycze\\u0144\",\"Luty\",\"Marzec\",\"Kwiecie\\u0144\",\"Maj\",\"Czerwiec\",\"Lipiec\",\"Sierpie\\u0144\",\"Wrzesie\\u0144\",\"Pa\\u017adziernik\",\"Listopad\",\"Grudzie\\u0144\"],\"monthsShort\":[\"Sty\",\"Lut\",\"Mar\",\"Kw\",\"Maj\",\"Cze\",\"Lip\",\"Sie\",\"Wrz\",\"Pa\\u017a\",\"Lis\",\"Gru\"],\"weekdays\":[\"Niedziela\",\"Poniedzia\\u0142ek\",\"Wtorek\",\"\\u015aroda\",\"Czwartek\",\"Pi\\u0105tek\",\"Sobota\"],\"weekdaysShort\":[\"Niedz\",\"Pon\",\"Wt\",\"\\u015ar\",\"Czw\",\"Pt\",\"Sob\"],\"weekdaysMin\":[\"Niedz\",\"Pon\",\"Wt\",\"\\u015ar\",\"Czw\",\"Pt\",\"Sob\"],\"recaptchaConsentMissing\":\"reCaptcha validation couldn&#039;t load.\",\"recaptchaMissingCookie\":\"reCaptcha v3 validation couldn&#039;t load the cookie needed to submit the form.\",\"recaptchaConsentEvent\":\"Accept reCaptcha cookies before sending the form.\",\"currency_symbol\":\"\",\"beforeForm\":\"\",\"beforeFields\":\"\",\"afterFields\":\"\",\"afterForm\":\"\"};form.fields=[{\"objectType\":\"Field\",\"objectDomain\":\"fields\",\"editActive\":false,\"order\":1,\"idAttribute\":\"id\",\"type\":\"phone\",\"label\":\"Numer telefonu\",\"key\":\"phone_1640098023980\",\"label_pos\":\"above\",\"required\":1,\"default\":\"\",\"placeholder\":\"Numer telefonu\",\"container_class\":\"\",\"element_class\":\"\",\"input_limit\":\"\",\"input_limit_type\":\"characters\",\"input_limit_msg\":\"Liczba pozosta\\u0142ych znak\\u00f3w:\",\"manual_key\":\"\",\"admin_label\":\"\",\"help_text\":\"\",\"mask\":\"\",\"custom_mask\":\"\",\"custom_name_attribute\":\"phone\",\"personally_identifiable\":1,\"wrap_styles_border\":\"\",\"wrap_styles_width\":\"\",\"wrap_styles_margin\":\"\",\"wrap_styles_padding\":\"\",\"wrap_styles_float\":\"\",\"wrap_styles_show_advanced_css\":0,\"label_styles_border\":\"\",\"label_styles_width\":\"\",\"label_styles_font-size\":\"\",\"label_styles_margin\":\"\",\"label_styles_padding\":\"\",\"label_styles_float\":\"\",\"label_styles_show_advanced_css\":0,\"element_styles_border\":\"\",\"element_styles_width\":\"\",\"element_styles_font-size\":\"\",\"element_styles_margin\":\"\",\"element_styles_padding\":\"\",\"element_styles_float\":\"\",\"element_styles_show_advanced_css\":0,\"cellcid\":\"c3386\",\"value\":\"\",\"field_label\":\"Numer telefonu\",\"field_key\":\"phone_1640098023980\",\"drawerDisabled\":false,\"id\":8,\"beforeField\":\"\",\"afterField\":\"\",\"parentType\":\"textbox\",\"element_templates\":[\"tel\",\"textbox\",\"input\"],\"old_classname\":\"\",\"wrap_template\":\"wrap\"},{\"objectType\":\"Field\",\"objectDomain\":\"fields\",\"editActive\":false,\"order\":2,\"idAttribute\":\"id\",\"type\":\"email\",\"label\":\"Adres e-mail\",\"key\":\"adres_e-mail_1667919839452\",\"label_pos\":\"above\",\"required\":1,\"default\":\"\",\"placeholder\":\"Adres e-mail\",\"container_class\":\"\",\"element_class\":\"\",\"admin_label\":\"\",\"help_text\":\"\",\"custom_name_attribute\":\"email\",\"personally_identifiable\":1,\"wrap_styles_border\":\"\",\"wrap_styles_width\":\"\",\"wrap_styles_margin\":\"\",\"wrap_styles_padding\":\"\",\"wrap_styles_float\":\"\",\"wrap_styles_show_advanced_css\":0,\"label_styles_border\":\"\",\"label_styles_width\":\"\",\"label_styles_font-size\":\"\",\"label_styles_margin\":\"\",\"label_styles_padding\":\"\",\"label_styles_float\":\"\",\"label_styles_show_advanced_css\":0,\"element_styles_border\":\"\",\"element_styles_width\":\"\",\"element_styles_font-size\":\"\",\"element_styles_margin\":\"\",\"element_styles_padding\":\"\",\"element_styles_float\":\"\",\"element_styles_show_advanced_css\":0,\"cellcid\":\"c3389\",\"value\":\"\",\"drawerDisabled\":false,\"field_label\":\"E-mail\",\"field_key\":\"email_1640098026199\",\"id\":9,\"beforeField\":\"\",\"afterField\":\"\",\"parentType\":\"email\",\"element_templates\":[\"email\",\"input\"],\"old_classname\":\"\",\"wrap_template\":\"wrap\"},{\"objectType\":\"Field\",\"objectDomain\":\"fields\",\"editActive\":false,\"order\":3,\"idAttribute\":\"id\",\"type\":\"submit\",\"label\":\"Zapisz mnie\",\"processing_label\":\"W trakcie realizacji\",\"container_class\":\"\",\"element_class\":\"\",\"key\":\"zapisz_mnie_1667919853255\",\"wrap_styles_border\":\"\",\"wrap_styles_width\":\"\",\"wrap_styles_margin\":\"\",\"wrap_styles_padding\":\"\",\"wrap_styles_float\":\"\",\"wrap_styles_show_advanced_css\":0,\"element_styles_border\":\"\",\"element_styles_width\":\"\",\"element_styles_font-size\":\"\",\"element_styles_margin\":\"\",\"element_styles_padding\":\"\",\"element_styles_float\":\"\",\"element_styles_show_advanced_css\":0,\"submit_element_hover_styles_border\":\"\",\"submit_element_hover_styles_width\":\"\",\"submit_element_hover_styles_font-size\":\"\",\"submit_element_hover_styles_margin\":\"\",\"submit_element_hover_styles_padding\":\"\",\"submit_element_hover_styles_float\":\"\",\"submit_element_hover_styles_show_advanced_css\":0,\"cellcid\":\"c3391\",\"drawerDisabled\":false,\"field_label\":\"Zamawiam rozmow\\u0119\",\"field_key\":\"zamawiam_rozmowe_1640098067453\",\"id\":10,\"beforeField\":\"\",\"afterField\":\"\",\"value\":\"\",\"label_pos\":\"above\",\"parentType\":\"textbox\",\"element_templates\":[\"submit\",\"button\",\"input\"],\"old_classname\":\"\",\"wrap_template\":\"wrap-no-label\"}];nfForms.push(form);<\/script>\n                <script id=\"nf-tmpl-cell\" type=\"text\/template\">\n            <nf-fields><\/nf-fields>\n        <\/script>\n\n        <script id=\"nf-tmpl-row\" type=\"text\/template\">\n            <nf-cells><\/nf-cells>\n        <\/script>\n\n                <img loading=\"lazy\" decoding=\"async\" width=\"1500\" height=\"705\" src=\"https:\/\/www.koronakarkonoszy.pl\/blog\/wp-content\/uploads\/2022\/06\/Dwor-Korona-Karkonoszy.jpg\" class=\"attachment-full size-full\" alt=\"\" srcset=\"https:\/\/www.koronakarkonoszy.pl\/blog\/wp-content\/uploads\/2022\/06\/Dwor-Korona-Karkonoszy.jpg 1500w, https:\/\/www.koronakarkonoszy.pl\/blog\/wp-content\/uploads\/2022\/06\/Dwor-Korona-Karkonoszy-300x141.jpg 300w, https:\/\/www.koronakarkonoszy.pl\/blog\/wp-content\/uploads\/2022\/06\/Dwor-Korona-Karkonoszy-1024x481.jpg 1024w, https:\/\/www.koronakarkonoszy.pl\/blog\/wp-content\/uploads\/2022\/06\/Dwor-Korona-Karkonoszy-768x361.jpg 768w\" sizes=\"auto, (max-width: 1500px) 100vw, 1500px\" \/>        <\/div> \n    <\/div>\n<\/div>\n\n\n\n<p>Zanim przyst\u0105picie do organizacji wesela na 50 os\u00f3b, zastan\u00f3wcie si\u0119, kogo chcecie zaprosi\u0107. Pomy\u015blcie, kto przyjdzie sam, a kto z osob\u0105 towarzysz\u0105c\u0105. Ustalcie, czy wr\u0119czycie zaproszenia kolegom z pracy, czy ograniczycie si\u0119 do grona najbli\u017cszych przyjaci\u00f3\u0142. Pomy\u015blcie, co powiecie osobie, kt\u00f3ra poczuje si\u0119 nieco ura\u017cona, \u017ce jej nie zaprosili\u015bcie. <strong>Organizacja&nbsp;<a href=\"https:\/\/www.koronakarkonoszy.pl\/blog\/eleganckie-wesele-jak-to-osiagnac\/\" target=\"_blank\" rel=\"noreferrer noopener\">eleganckiego wesela&nbsp;<\/a>na 50 os\u00f3b nie jest jednak tak stresuj\u0105ca jak wyprawienie hucznego przyj\u0119cia.&nbsp;<\/strong><\/p>\n\n\n\n<figure class=\"wp-block-image size-large\"><a href=\"https:\/\/www.koronakarkonoszy.pl\/wesele\/\" target=\"_blank\" rel=\"noreferrer noopener\"><img loading=\"lazy\" decoding=\"async\" width=\"1024\" height=\"512\" src=\"https:\/\/www.koronakarkonoszy.pl\/blog\/wp-content\/uploads\/2022\/06\/piekne_wesela_DKK-2-1024x512.jpg\" alt=\"\" class=\"wp-image-4072\" srcset=\"https:\/\/www.koronakarkonoszy.pl\/blog\/wp-content\/uploads\/2022\/06\/piekne_wesela_DKK-2-1024x512.jpg 1024w, https:\/\/www.koronakarkonoszy.pl\/blog\/wp-content\/uploads\/2022\/06\/piekne_wesela_DKK-2-300x150.jpg 300w, https:\/\/www.koronakarkonoszy.pl\/blog\/wp-content\/uploads\/2022\/06\/piekne_wesela_DKK-2-768x384.jpg 768w, https:\/\/www.koronakarkonoszy.pl\/blog\/wp-content\/uploads\/2022\/06\/piekne_wesela_DKK-2.jpg 1200w\" sizes=\"auto, (max-width: 1024px) 100vw, 1024px\" \/><\/a><\/figure>\n\n\n\n<h2 class=\"wp-block-heading\" id=\"h-wesele-na-50-os-b-poradnik-dla-pary-m-odej\">Wesele na 50 os\u00f3b: poradnik dla Pary M\u0142odej<\/h2>\n\n\n\n<p>Organizuj\u0105c wesele na 50 os\u00f3b, mo\u017cecie przeznaczy\u0107 wi\u0119cej \u015brodk\u00f3w na&nbsp;<a href=\"https:\/\/www.koronakarkonoszy.pl\/blog\/modne-dekoracje-sali-weselnej-jak-to-osiagnac\/\" target=\"_blank\" rel=\"noreferrer noopener\">modne dekoracje sali weselnej<\/a>&nbsp;i akcesoria. Zastan\u00f3wcie si\u0119, czy poszczeg\u00f3lne elementy wystroju sali weselnej pasuj\u0105 do&nbsp;<a href=\"https:\/\/www.koronakarkonoszy.pl\/blog\/motywy-przewodnie-wesela\/\" target=\"_blank\" rel=\"noreferrer noopener\">motywu przewodniego wesela.<\/a>&nbsp;W ten spos\u00f3b poka\u017cecie rodzinie i znajomym, \u017ce zadbali\u015bcie o ka\u017cdy szczeg\u00f3\u0142. \u017be wesele, nawet je\u015bli nie jest to typowa, huczna impreza, jest dla Was wa\u017cne i chcecie \u201edopie\u015bci\u0107\u201d stron\u0119 estetyczn\u0105 tej uroczysto\u015bci. &nbsp;&nbsp;<\/p>\n\n\n\n<figure class=\"wp-block-image size-large\"><img loading=\"lazy\" decoding=\"async\" width=\"1024\" height=\"683\" src=\"https:\/\/www.koronakarkonoszy.pl\/blog\/wp-content\/uploads\/2022\/02\/wesele-wroclaw3-1024x683.jpg\" alt=\"\" class=\"wp-image-7476\" srcset=\"https:\/\/www.koronakarkonoszy.pl\/blog\/wp-content\/uploads\/2022\/02\/wesele-wroclaw3-1024x683.jpg 1024w, https:\/\/www.koronakarkonoszy.pl\/blog\/wp-content\/uploads\/2022\/02\/wesele-wroclaw3-300x200.jpg 300w, https:\/\/www.koronakarkonoszy.pl\/blog\/wp-content\/uploads\/2022\/02\/wesele-wroclaw3-768x512.jpg 768w, https:\/\/www.koronakarkonoszy.pl\/blog\/wp-content\/uploads\/2022\/02\/wesele-wroclaw3-1536x1024.jpg 1536w, https:\/\/www.koronakarkonoszy.pl\/blog\/wp-content\/uploads\/2022\/02\/wesele-wroclaw3-18x12.jpg 18w, https:\/\/www.koronakarkonoszy.pl\/blog\/wp-content\/uploads\/2022\/02\/wesele-wroclaw3.jpg 1600w\" sizes=\"auto, (max-width: 1024px) 100vw, 1024px\" \/><figcaption class=\"wp-element-caption\"><a href=\"https:\/\/www.koronakarkonoszy.pl\/blog\/wesele-okolice-wroclawia\/\" target=\"_blank\" rel=\"noreferrer noopener\"><strong>Wesele Wroc\u0142aw<\/strong><\/a><\/figcaption><\/figure>\n\n\n\n<p>W przypadku organizacji mniejszego wesela warto rozwa\u017cy\u0107 wesele wyjazdowe. Go\u015bcie zgromadzeni w jednym lokalu na wesele, na przyk\u0142ad w jakim\u015b urokliwym miejscu w g\u00f3rach, b\u0119d\u0105 mogli bez przeszk\u00f3d si\u0119 integrowa\u0107. Obie rodziny lepiej si\u0119 poznaj\u0105, a mo\u017ce nawet zaprzyja\u017ani\u0105? <a href=\"https:\/\/www.koronakarkonoszy.pl\/blog\/wesele-z-noclegiem\/\" target=\"_blank\" rel=\"noreferrer noopener\">Wesele z noclegiem<\/a>&nbsp;to zawsze dobra i wygodna opcja. Coraz wi\u0119cej obiekt\u00f3w weselnych proponuje przynajmniej kilka pokoi go\u015bcinnych, dlatego rezerwuj\u0105c sal\u0119, zapytajcie mened\u017cera lub w\u0142a\u015bciciela, czy istnieje mo\u017cliwo\u015b\u0107 wynaj\u0119cia pokoi go\u015bcinnych. <a href=\"https:\/\/www.koronakarkonoszy.pl\/blog\/kameralny-slub-w-gorach\/\" target=\"_blank\" rel=\"noreferrer noopener\">Kameralny \u015blub w g\u00f3rach<\/a> ma w sobie niezwyk\u0142y urok.<\/p>\n\n\n<section id=\"leonardo-block_5807a29172d68e79897f89f18f4ce8bd\" class=\"leonardo page-breaker leonardo-image-right\">\r\n    <div class=\"leonardo-body\">\r\n        <h2 class=\"leonardo-title\" id=\"h-co-sie-sklada-na-koszty-wesela\">Co si\u0119 sk\u0142ada na koszty wesela?<\/h2>        <div class=\"leonardo-content\"><p><!-- wp:paragraph --><\/p>\n<p>Organizuj\u0105c niewielkie przyj\u0119cie, mo\u017cecie sporo zaoszcz\u0119dzi\u0107. Zanim podejmiecie ostateczn\u0105 decyzj\u0119, dok\u0142adnie przeanalizujcie sw\u00f3j bud\u017cet. Uwzgl\u0119dnijcie w nim zar\u00f3wno koszty sta\u0142e, jak i zmienne. Do pierwszej kategorii wydatk\u00f3w zaliczamy:<\/p>\n<p><!-- \/wp:paragraph --> <!-- wp:list --><\/p>\n<ul>\n<li>sukni\u0119 \u015blubn\u0105, bi\u017cuteri\u0119 i dodatki,<\/li>\n<li>garnitur Pana M\u0142odego,<\/li>\n<li>zesp\u00f3\u0142 weselny\/DJ,<\/li>\n<li>bukiet \u015blubny i kwiaty do butonierki,<\/li>\n<li>dekoracje,<\/li>\n<li>atrakcje weselne,<\/li>\n<li>fryzjera i kosmetyczk\u0119,<\/li>\n<li>fotografa i kamerzyst\u0119,<\/li>\n<li>op\u0142aty administracyjne wymagane przy \u015blubie cywilnym,<\/li>\n<li>op\u0142aty zwi\u0105zane z ewentualnym \u015blubem ko\u015bcielnym, je\u015bli si\u0119 na niego decydujecie.<\/li>\n<\/ul>\n<p><!-- \/wp:list --> <!-- wp:paragraph --><\/p>\n<p>Ustalaj\u0105c bud\u017cet, nale\u017cy r\u00f3wnie\u017c w nim uwzgl\u0119dni\u0107 wydatki uzale\u017cnione od liczby zaproszonych go\u015bci:<\/p>\n<p><!-- \/wp:paragraph --> <!-- wp:list --><\/p>\n<ul>\n<li>zaproszenia,<\/li>\n<li>wynajem sali,<\/li>\n<li>menu,<\/li>\n<li>tort,<\/li>\n<li>s\u0142odki bufet, barman, upominki dla go\u015bci (opcjonalnie).<\/li>\n<\/ul>\n<p><!-- \/wp:list --><\/p>\n<\/div>\r\n                    <aside class=\"leonardo-interlink\">\r\n                <b>Polecamy<\/b>\r\n                <a href=\"https:\/\/www.koronakarkonoszy.pl\/blog\/ile-kosztuje-wesele-jak-z-bajki\/\">Ile kosztuje wesele jak z bajki?<\/a>\r\n            <\/aside>\r\n            <\/div>\r\n    <div class=\"leonardo-image\">\r\n        <img loading=\"lazy\" decoding=\"async\" width=\"1920\" height=\"2560\" src=\"https:\/\/www.koronakarkonoszy.pl\/blog\/wp-content\/uploads\/2022\/02\/stil-flRm0z3MEoA-unsplash.jpg\" class=\"attachment-full size-full\" alt=\"\" srcset=\"https:\/\/www.koronakarkonoszy.pl\/blog\/wp-content\/uploads\/2022\/02\/stil-flRm0z3MEoA-unsplash.jpg 1920w, https:\/\/www.koronakarkonoszy.pl\/blog\/wp-content\/uploads\/2022\/02\/stil-flRm0z3MEoA-unsplash-225x300.jpg 225w, https:\/\/www.koronakarkonoszy.pl\/blog\/wp-content\/uploads\/2022\/02\/stil-flRm0z3MEoA-unsplash-768x1024.jpg 768w, https:\/\/www.koronakarkonoszy.pl\/blog\/wp-content\/uploads\/2022\/02\/stil-flRm0z3MEoA-unsplash-1440x1920.jpg 1440w, https:\/\/www.koronakarkonoszy.pl\/blog\/wp-content\/uploads\/2022\/02\/stil-flRm0z3MEoA-unsplash-1152x1536.jpg 1152w, https:\/\/www.koronakarkonoszy.pl\/blog\/wp-content\/uploads\/2022\/02\/stil-flRm0z3MEoA-unsplash-1536x2048.jpg 1536w\" sizes=\"auto, (max-width: 1920px) 100vw, 1920px\" \/>            <\/div>\r\n<\/section>\n\n\n<h2 class=\"wp-block-heading\" id=\"h-kameralne-wesele-na-50-os-b-kogo-nie-mo-e-na-nim-zabrakn\">Kameralne wesele na 50 os\u00f3b: kogo nie mo\u017ce na nim zabrakn\u0105\u0107?<\/h2>\n\n\n\n<p>Je\u015bli organizujecie kameralne przyj\u0119cie, z pewno\u015bci\u0105 zastanawiacie si\u0119, <a href=\"https:\/\/www.koronakarkonoszy.pl\/blog,weselny\/kogo-zaprosic-na-wesele-by-nie-zalowac\/\" target=\"_blank\" rel=\"noreferrer noopener\">kogo zaprosi\u0107 na wesele<\/a>, by nie \u017ca\u0142owa\u0107. Chocia\u017c przyj\u0119\u0142o si\u0119, \u017ce po obu stronach powinna znajdowa\u0107 si\u0119 taka sama liczba go\u015bci, nie zawsze jest to mo\u017cliwe. Przygotowuj\u0105c zaproszenia, nale\u017cy uwzgl\u0119dni\u0107 rodzic\u00f3w, dziadk\u00f3w i rodze\u0144stwo.&nbsp;Z drugiej strony rodzi si\u0119 pytanie, <a href=\"https:\/\/www.koronakarkonoszy.pl\/blog\/jak-usadzic-gosci-na-weselu-zeby-kazdy-byl-zadowolony\/\" target=\"_blank\" rel=\"noreferrer noopener\">jak usadzi\u0107 go\u015bci na weselu<\/a>, by ka\u017cdy by\u0142 zadowolony. Przygotowuj\u0105c plan rozmieszczenia weselnik\u00f3w, zacznijcie od sto\u0142u prezydialnego. Panna M\u0142oda powinna zaj\u0105\u0107 miejsce po prawej stronie ma\u0142\u017conka, a obok niej mo\u017cna posadzi\u0107 \u015bwiadka z osob\u0105 towarzysz\u0105c\u0105. Natomiast obok Pana M\u0142odego powinna zasi\u0105\u015b\u0107 \u015bwiadkowa z partnerem. Zgodnie z zasadami \u015blubnego savoir-vivre najbli\u017csze osoby powinny siedzie\u0107 niedaleko Pa\u0144stwa M\u0142odych. Pami\u0119tajcie r\u00f3wnie\u017c, aby kobiety i m\u0119\u017cczyzn sadza\u0107 przy stole naprzemiennie.<\/p>\n\n\n<section id=\"leonardo-block_c2c9c44adc03eaf1f49ea426027a33af\" class=\"leonardo page-breaker leonardo-image-left\">\r\n    <div class=\"leonardo-body\">\r\n        <h2 class=\"leonardo-title\" id=\"h-jakie-sa-zalety-malego-wesela\">Jakie s\u0105 zalety ma\u0142ego wesela?<\/h2>        <div class=\"leonardo-content\"><p><!-- wp:heading --><\/p>\n<p>Organizuj\u0105c kameralne przyj\u0119cie, sp\u0119dzicie d\u0142ugo wyczekiwany dzie\u0144 z osobami, kt\u00f3re s\u0105 naprawd\u0119 dla Was wa\u017cne (i wzajemnie). Nie musicie si\u0119 wtedy zmusza\u0107 do prowadzenia tzw. small-talku, czy sztucznych u\u015bmiech\u00f3w. W gronie bliskich mo\u017cecie zachowywa\u0107 si\u0119 naturalnie. Decyduj\u0105c si\u0119 na wesele na 50 os\u00f3b, mo\u017cecie te\u017c wyda\u0107 wi\u0119cej pieni\u0119dzy na sukni\u0119, garnitur, obr\u0105czki, wynajem luksusowego auta do \u015blubu, atrakcje dla go\u015bci czy podr\u00f3\u017c po\u015blubn\u0105.<\/p>\n<p><!-- \/wp:paragraph --> <!-- wp:paragraph --><\/p>\n<p>Je\u015bli macie troch\u0119 wolnego czasu i ochot\u0119, przygotujcie niekt\u00f3re rzeczy samodzielnie. W ten spos\u00f3b nie tylko sporo zaoszcz\u0119dzicie, lecz tak\u017ce oderwiecie si\u0119 od codziennych zmartwie\u0144. Poszukajcie eleganckich wzor\u00f3w na zaproszenia, winietki, zawieszki na alkohol i plan sto\u0142\u00f3w, kt\u00f3re u\u0142atwi\u0105 Wam zadanie.<\/p>\n<p><!-- \/wp:paragraph --><\/p>\n<\/div>\r\n                    <aside class=\"leonardo-interlink\">\r\n                <b>Polecamy<\/b>\r\n                <a href=\"https:\/\/www.koronakarkonoszy.pl\/blog\/slub-jelenia-gora\/\">\u015alub Jelenia G\u00f3ra \u2013 sielska ceremonia w stolicy Karkonoszy<\/a>\r\n            <\/aside>\r\n            <\/div>\r\n    <div class=\"leonardo-image\">\r\n        <img loading=\"lazy\" decoding=\"async\" width=\"2560\" height=\"1707\" src=\"https:\/\/www.koronakarkonoszy.pl\/blog\/wp-content\/uploads\/2023\/04\/0157-scaled.jpg\" class=\"attachment-full size-full\" alt=\"\" srcset=\"https:\/\/www.koronakarkonoszy.pl\/blog\/wp-content\/uploads\/2023\/04\/0157-scaled.jpg 2560w, https:\/\/www.koronakarkonoszy.pl\/blog\/wp-content\/uploads\/2023\/04\/0157-300x200.jpg 300w, https:\/\/www.koronakarkonoszy.pl\/blog\/wp-content\/uploads\/2023\/04\/0157-1024x683.jpg 1024w, https:\/\/www.koronakarkonoszy.pl\/blog\/wp-content\/uploads\/2023\/04\/0157-768x512.jpg 768w, https:\/\/www.koronakarkonoszy.pl\/blog\/wp-content\/uploads\/2023\/04\/0157-1920x1280.jpg 1920w, https:\/\/www.koronakarkonoszy.pl\/blog\/wp-content\/uploads\/2023\/04\/0157-1536x1024.jpg 1536w, https:\/\/www.koronakarkonoszy.pl\/blog\/wp-content\/uploads\/2023\/04\/0157-2048x1365.jpg 2048w, https:\/\/www.koronakarkonoszy.pl\/blog\/wp-content\/uploads\/2023\/04\/0157-18x12.jpg 18w\" sizes=\"auto, (max-width: 2560px) 100vw, 2560px\" \/>            <\/div>\r\n<\/section>\n\n\n<p><strong>Kameralne wesele zawsze gwarantuje wspania\u0142e zdj\u0119cia<\/strong>. Ze wzgl\u0119du na mniejsz\u0105 liczb\u0119 go\u015bci, fotograf i kamerzysta mog\u0105 skupi\u0107 na poszczeg\u00f3lnych osobach, fascynuj\u0105cych detalach i wzruszaj\u0105cych kadrach.&nbsp;To b\u0119dzie wspania\u0142a pami\u0105tka!<\/p>\n\n\n\n<p>Z kolei dla wodzireja, zespo\u0142u lub DJ wesele na 50 os\u00f3b stanowi spore wyzwanie. Je\u015bli jednak dobrze wywi\u0105\u017c\u0105 si\u0119 ze swoich obowi\u0105zk\u00f3w, przyniesie im to ogromn\u0105 satysfakcj\u0119. Na hucznym przyj\u0119ciu zawsze kto\u015b wyjdzie na parkiet do danej piosenki, a reszta po prostu si\u0119 do niego przy\u0142\u0105czy. W przypadku niewielkiej uroczysto\u015bci trzeba wykaza\u0107 si\u0119 kreatywno\u015bci\u0105, aby trafi\u0107 w gust weselnik\u00f3w, je\u015bli chodzi o ta\u0144ce czy zabawy.<\/p>\n\n\n<section id=\"leonardo-block_bde030779a1508326c33df2381b3c200\" class=\"leonardo page-breaker leonardo-image-right\">\r\n    <div class=\"leonardo-body\">\r\n        <h2 class=\"leonardo-title\" id=\"h-jak-zaplanowac-niewielkie-przyjecie-weselne\">Jak zaplanowa\u0107 niewielkie przyj\u0119cie weselne?<\/h2>        <div class=\"leonardo-content\"><p>Marzycie o tym, aby Wasze <a href=\"https:\/\/www.koronakarkonoszy.pl\/blog\/przyjecie-zamiast-wesela\/\" target=\"_blank\" rel=\"noopener\">przyj\u0119cie<\/a> zapad\u0142o na d\u0142ugo w pami\u0119ci go\u015bci? W takim razie zorganizujcie spektakularne, <a href=\"https:\/\/www.koronakarkonoszy.pl\/blog\/czerwone-wesele-spektakularne-i-zapadajace-w-pamiec\/\" target=\"_blank\" rel=\"noopener\">czerwone wesele.<\/a> Proponowany motyw przewodni kojarzy si\u0119 z pasj\u0105, mi\u0142o\u015bci\u0105 i nami\u0119tno\u015bci\u0105, czyli uczuciami, kt\u00f3re powinny towarzyszy\u0107 ka\u017cdej Parze M\u0142odej. Wplataj\u0105c czerwone akcenty, zachowajcie umiar, w przeciwnym razie mo\u017cecie osi\u0105gn\u0105\u0107 nieco kiczowaty efekt. Wspomniane elementy dekoracyjne po\u0142\u0105czcie z tradycyjn\u0105 biel\u0105, aby stworzy\u0107 delikatny kontrast.\u00a0 Poszukajcie czerwonych balon\u00f3w, \u015bwiec, kwiat\u00f3w, czy serwetek, dzi\u0119ki czemu nadacie weselu na 50 os\u00f3b wyj\u0105tkowy charakter.<\/p>\n<\/div>\r\n                    <aside class=\"leonardo-interlink\">\r\n                <b>Polecamy<\/b>\r\n                <a href=\"https:\/\/www.koronakarkonoszy.pl\/blog\/czerwone-wesele-spektakularne-i-zapadajace-w-pamiec\/\">Czerwone wesele &#8211; spektakularne i zapadaj\u0105ce w pami\u0119\u0107<\/a>\r\n            <\/aside>\r\n            <\/div>\r\n    <div class=\"leonardo-image\">\r\n        <img loading=\"lazy\" decoding=\"async\" width=\"1920\" height=\"1280\" src=\"https:\/\/www.koronakarkonoszy.pl\/blog\/wp-content\/uploads\/2022\/02\/cassidy-mills-5jfJ4kgyqSw-unsplash.jpg\" class=\"attachment-full size-full\" alt=\"\" srcset=\"https:\/\/www.koronakarkonoszy.pl\/blog\/wp-content\/uploads\/2022\/02\/cassidy-mills-5jfJ4kgyqSw-unsplash.jpg 1920w, https:\/\/www.koronakarkonoszy.pl\/blog\/wp-content\/uploads\/2022\/02\/cassidy-mills-5jfJ4kgyqSw-unsplash-300x200.jpg 300w, https:\/\/www.koronakarkonoszy.pl\/blog\/wp-content\/uploads\/2022\/02\/cassidy-mills-5jfJ4kgyqSw-unsplash-1024x683.jpg 1024w, https:\/\/www.koronakarkonoszy.pl\/blog\/wp-content\/uploads\/2022\/02\/cassidy-mills-5jfJ4kgyqSw-unsplash-768x512.jpg 768w, https:\/\/www.koronakarkonoszy.pl\/blog\/wp-content\/uploads\/2022\/02\/cassidy-mills-5jfJ4kgyqSw-unsplash-1536x1024.jpg 1536w\" sizes=\"auto, (max-width: 1920px) 100vw, 1920px\" \/>            <\/div>\r\n<\/section>\n\n\n<h2 class=\"wp-block-heading\" id=\"h-jak-wybra-sal-weseln\">Jak wybra\u0107 sal\u0119 weseln\u0105?<\/h2>\n\n\n\n<p>Niekt\u00f3re Pary M\u0142ode rezerwuj\u0105 sal\u0119 na 200-300 os\u00f3b nawet z dwuletnim wyprzedzeniem, je\u015bli nie chcecie tyle czeka\u0107, pomy\u015blcie o kameralnym przyj\u0119ciu. Istnieje du\u017ca szansa, \u017ce w Waszej okolicy znajduje si\u0119 przynajmniej kilka <a href=\"https:\/\/www.koronakarkonoszy.pl\/blog\/lokal-na-wesele\/\" target=\"_blank\" rel=\"noreferrer noopener\">lokali<\/a>, w kt\u00f3rych mo\u017cna urz\u0105dzi\u0107 niewielkie wesele. Zanim podejmiecie ostateczn\u0105 decyzj\u0119, <strong>dok\u0142adnie przeczytajcie <a href=\"https:\/\/www.koronakarkonoszy.pl\/blog\/umowa-na-wesele-na-co-zwrocic-uwage\/\" target=\"_blank\" rel=\"noreferrer noopener\">umow\u0119 na wesele<\/a>.<\/strong> Zwr\u00f3\u0107cie szczeg\u00f3ln\u0105 uwag\u0119 na to, co zosta\u0142o zapisane drobnym drukiem, w ten spos\u00f3b unikniecie niespodzianek i nieplanowanych wydatk\u00f3w.<\/p>\n\n\n<section id=\"leonardo-block_f28b6aa939a7484c7bc9e8a0ba63cbd9\" class=\"leonardo page-breaker leonardo-image-left\">\r\n    <div class=\"leonardo-body\">\r\n                <div class=\"leonardo-content\"><p><!-- wp:heading --><\/p>\n<p>Przyj\u0119cie weselne to niezapomniana cz\u0119\u015b\u0107 ka\u017cdego \u015blubu. Niekt\u00f3re pary decyduj\u0105 si\u0119 na kameralne wesele, co stanowi doskona\u0142\u0105 alternatyw\u0119 dla wielkich, rozrywkowych imprez. Dzi\u0119ki temu rozwi\u0105zaniu mo\u017cna zyska\u0107 wi\u0119cej prywatno\u015bci i intymno\u015bci, a tak\u017ce skupi\u0107 si\u0119 na tym, co w weselu jest najwa\u017cniejsze &#8211; na mi\u0142o\u015bci i relacjach mi\u0119dzy lud\u017ami.<\/p>\n<p><!-- \/wp:paragraph --> <!-- wp:paragraph --><\/p>\n<p>Organizacja wesela wymaga wyboru odpowiedniego miejsca. Mo\u017cliwo\u015bci s\u0105 szerokie &#8211; od ma\u0142ych, kameralnych restauracji, po przestronne, klimatyczne domy weselne. Wybieraj\u0105c menu dla przyj\u0119cia weselnego na 50 os\u00f3b, warto postawi\u0107 na jako\u015b\u0107 i elegancj\u0119, a jednocze\u015bnie zadba\u0107 o urozmaicenie da\u0144 i przystawek. Dobre jedzenie to nie tylko podstawa dobrej zabawy, ale tak\u017ce element, kt\u00f3ry zostaje d\u0142ugo w pami\u0119ci go\u015bci. Dlatego warto zadba\u0107 o to, aby menu by\u0142o zr\u00f3\u017cnicowane i dostosowane do gustu ka\u017cdego uczestnika.<\/p>\n<p><!-- \/wp:paragraph --> <!-- wp:paragraph --><\/p>\n<p><strong>Podczas przyj\u0119cia weselnego na 50 os\u00f3b warto zadba\u0107 o r\u00f3\u017cnorodne atrakcje dla go\u015bci.<\/strong> Mog\u0105 to by\u0107 zabawy, konkursy, ta\u0144ce, a tak\u017ce dodatkowe atrakcje, takie jak fotobudka, pokaz zimnych ogni czy pokaz barma\u0144ski. Wszystko zale\u017cy od pomys\u0142owo\u015bci &#8211; warto przy tym pami\u0119ta\u0107, \u017ce przyj\u0119cie na mniejsz\u0105 skal\u0119 daje wi\u0119cej miejsca na indywidualne pomys\u0142y.<\/p>\n<p><!-- \/wp:paragraph --><\/p>\n<\/div>\r\n            <\/div>\r\n    <div class=\"leonardo-image\">\r\n        <img loading=\"lazy\" decoding=\"async\" width=\"1200\" height=\"800\" src=\"https:\/\/www.koronakarkonoszy.pl\/blog\/wp-content\/uploads\/2021\/10\/zimne-ognie-na-wesele2.png\" class=\"attachment-full size-full\" alt=\"\" srcset=\"https:\/\/www.koronakarkonoszy.pl\/blog\/wp-content\/uploads\/2021\/10\/zimne-ognie-na-wesele2.png 1200w, https:\/\/www.koronakarkonoszy.pl\/blog\/wp-content\/uploads\/2021\/10\/zimne-ognie-na-wesele2-300x200.png 300w, https:\/\/www.koronakarkonoszy.pl\/blog\/wp-content\/uploads\/2021\/10\/zimne-ognie-na-wesele2-1024x683.png 1024w, https:\/\/www.koronakarkonoszy.pl\/blog\/wp-content\/uploads\/2021\/10\/zimne-ognie-na-wesele2-768x512.png 768w\" sizes=\"auto, (max-width: 1200px) 100vw, 1200px\" \/>            <\/div>\r\n<\/section>\n\n\n<h3 class=\"wp-block-heading\" id=\"ha-wynajem-sali-weselnej-jak-to-zorganizowac\">Wynajem sali weselnej &#8211; jak to zorganizowa\u0107? <\/h3>\n\n\n\n<p>Aby unikn\u0105\u0107 niepotrzebnego zamieszania, zadajcie kilka pyta\u0144 zwi\u0105zanych z wynaj\u0119ciem sali weselnej. Przede wszystkim dowiedzcie si\u0119, ile p\u0142aci si\u0119 za \u201ctalerzyk\u201d, a ile za dzieci do 10-12 roku \u017cycia. Ustalcie, czy musicie wp\u0142aci\u0107 zaliczk\u0119, a je\u015bli tak, to w jakiej wysoko\u015bci i czy jest zwrotna? Zapytajcie r\u00f3wnie\u017c, czy z ca\u0142kowitych koszt\u00f3w wesela na 50 os\u00f3b macie rozliczy\u0107 si\u0119 przed, czy po przyj\u0119ciu. Dopytajcie, czy musicie p\u0142aci\u0107 za go\u015bci, kt\u00f3rzy z jakich\u015b powod\u00f3w nie zjawili si\u0119 na weselu. Na koniec zorientujcie si\u0119, czy w cen\u0119 wliczony s\u0105:<\/p>\n\n\n<section id=\"leonardo-block_368b469cfa9d1ecc335588840a68bb7a\" class=\"leonardo page-breaker leonardo-image-right\">\r\n    <div class=\"leonardo-body\">\r\n                <div class=\"leonardo-content\"><h3 id=\"ha-lokal-na-wesele-to-musisz-wiedziec\">Lokal na wesele &#8211;\u00a0 to musisz wiedzie\u0107<\/h3>\n<p>Zanim zarezerwujecie <a href=\"https:\/\/www.koronakarkonoszy.pl\/blog\/sala-weselna-w-gorach\/\" target=\"_blank\" rel=\"noopener\">sal\u0119 na wesele<\/a>, porozmawiajcie z mened\u017cerem lub w\u0142a\u015bcicielem. Pami\u0119tajcie, \u017ceby wcze\u015bniej zadzwoni\u0107 i um\u00f3wi\u0107 si\u0119 na spotkanie. Dzi\u0119ki temu b\u0119dziecie mie\u0107 pewno\u015b\u0107, \u017ce znajd\u0105 dla Was czas. Przy okazji wykre\u015blcie ze swej listy lokale, w kt\u00f3rych pocz\u0105tkowe rozmowy prowadzone s\u0105 przez przypadkow\u0105 osob\u0119 z obs\u0142ugi lub recepcjonist\u0119. Takie podej\u015bcie nie \u015bwiadczy dobrze o wizerunku danego obiektu.<\/p>\n<\/div>\r\n                    <aside class=\"leonardo-interlink\">\r\n                <b>Polecamy<\/b>\r\n                <a href=\"https:\/\/www.koronakarkonoszy.pl\/blog\/czy-slub-w-boze-cialo-to-dobry-pomysl\/\">Czy \u015blub w Bo\u017ce Cia\u0142o to dobry pomys\u0142?<\/a>\r\n            <\/aside>\r\n            <\/div>\r\n    <div class=\"leonardo-image\">\r\n        <img loading=\"lazy\" decoding=\"async\" width=\"800\" height=\"534\" src=\"https:\/\/www.koronakarkonoszy.pl\/blog\/wp-content\/uploads\/2021\/07\/Sala_Balowa_sloneczniki.jpg\" class=\"attachment-full size-full\" alt=\"sala balowa s\u0142oneczniki\" srcset=\"https:\/\/www.koronakarkonoszy.pl\/blog\/wp-content\/uploads\/2021\/07\/Sala_Balowa_sloneczniki.jpg 800w, https:\/\/www.koronakarkonoszy.pl\/blog\/wp-content\/uploads\/2021\/07\/Sala_Balowa_sloneczniki-300x200.jpg 300w, https:\/\/www.koronakarkonoszy.pl\/blog\/wp-content\/uploads\/2021\/07\/Sala_Balowa_sloneczniki-768x513.jpg 768w\" sizes=\"auto, (max-width: 800px) 100vw, 800px\" \/>            <\/div>\r\n<\/section>\n\n\n<ul class=\"wp-block-list\">\n<li>serwowanie kawy i herbaty,<\/li>\n\n\n\n<li>pok\u00f3j dla nowo\u017ce\u0144c\u00f3w,<\/li>\n\n\n\n<li>wystr\u00f3j sali i stolik\u00f3w,<\/li>\n\n\n\n<li>opieka nad tortem, ciastami, sokami i owocami.<\/li>\n<\/ul>\n\n\n\n<p>Niezale\u017cnie od tego, czy organizujecie skromne wesele na 50 os\u00f3b, czy huczne przyj\u0119cie, <strong>szukaj\u0105c podwykonawc\u00f3w, zwr\u00f3\u0107cie uwag\u0119 na ich do\u015bwiadczenie i jako\u015b\u0107 us\u0142ug.<\/strong> Popytajcie w\u015br\u00f3d rodziny i znajomych, czy mog\u0105 Wam poleci\u0107 jak\u0105\u015b cukierni\u0119, kwiaciarni\u0119, catering, czy zesp\u00f3\u0142 weselny. Je\u015bli nikogo nie polec\u0105, poszukajcie opinii na forach \u015blubnych i grupach na Facebooku.<\/p>\n\n\n\n<figure class=\"wp-block-image size-full\"><img loading=\"lazy\" decoding=\"async\" width=\"800\" height=\"534\" src=\"https:\/\/www.koronakarkonoszy.pl\/blog\/wp-content\/uploads\/2021\/07\/Apartament_Mlodej_Pary__2_.jpg\" alt=\"Apartament M\u0142odej Pary\" class=\"wp-image-585\" srcset=\"https:\/\/www.koronakarkonoszy.pl\/blog\/wp-content\/uploads\/2021\/07\/Apartament_Mlodej_Pary__2_.jpg 800w, https:\/\/www.koronakarkonoszy.pl\/blog\/wp-content\/uploads\/2021\/07\/Apartament_Mlodej_Pary__2_-300x200.jpg 300w, https:\/\/www.koronakarkonoszy.pl\/blog\/wp-content\/uploads\/2021\/07\/Apartament_Mlodej_Pary__2_-768x513.jpg 768w\" sizes=\"auto, (max-width: 800px) 100vw, 800px\" \/><figcaption class=\"wp-element-caption\"><strong><a href=\"https:\/\/www.koronakarkonoszy.pl\/pokoje\/\" target=\"_blank\" rel=\"noreferrer noopener\">Apartament M\u0142<\/a><a href=\"https:\/\/www.koronakarkonoszy.pl\/pokoje\/\">odej Pary<\/a>, Dw\u00f3r Korona Karkonoszy, <a href=\"https:\/\/www.koronakarkonoszy.pl\/blog-atrakcje\/sosnowka\/\" class=\"links-placer\">Sosn\u00f3wka<\/a> k. Karpacz<\/strong>a <\/figcaption><\/figure>\n\n\n\n<h2 class=\"wp-block-heading\" id=\"ha-sale-weselne-na-50-osob-gdzie-ich-szukac\">Sale weselne na 50 os\u00f3b &#8211; gdzie ich szuka\u0107?<\/h2>\n\n\n\n<p>Planowanie wesela to nie lada wyzwanie, zw\u0142aszcza je\u015bli chodzi o wyb\u00f3r odpowiedniego miejsca. Sala weselna to jedno z kluczowych miejsc, kt\u00f3re ma wp\u0142yw na ca\u0142\u0105 atmosfer\u0119 przyj\u0119cia. Wesela na 50 os\u00f3b to obecnie bardzo popularne rozwi\u0105zanie, dlatego warto zastanowi\u0107 si\u0119, jakie <a href=\"https:\/\/www.koronakarkonoszy.pl\/blog\/sale-weselne-jak-dobrze-wybrac\/\" target=\"_blank\" rel=\"noreferrer noopener\">sale weselne<\/a> s\u0105 dost\u0119pne i jakie kryteria powinny by\u0107 brane pod uwag\u0119 przy wyborze.<\/p>\n\n\n\n<p>Przede wszystkim nale\u017cy zacz\u0105\u0107 od wyboru lokalizacji, kt\u00f3ra b\u0119dzie dogodna zar\u00f3wno dla Pary M\u0142odej, jak i dla go\u015bci. Istotnym elementem jest r\u00f3wnie\u017c wyb\u00f3r sali, kt\u00f3ra pomie\u015bci 50 os\u00f3b, ale jednocze\u015bnie nie b\u0119dzie zbyt ma\u0142a, aby zapewni\u0107 wygod\u0119 i swobod\u0119 podczas przyj\u0119cia. Warto tak\u017ce zwr\u00f3ci\u0107 uwag\u0119 na styl sali &#8211; czy ma ona charakter klasyczny, rustykalny, czy mo\u017ce nowoczesny.<\/p>\n\n\n\n<figure class=\"wp-block-image size-large is-resized\"><img loading=\"lazy\" decoding=\"async\" width=\"1024\" height=\"683\" src=\"https:\/\/www.koronakarkonoszy.pl\/blog\/wp-content\/uploads\/2023\/04\/20722274301_85905cf57f_o-1024x683.jpg\" alt=\"\" class=\"wp-image-9656\" style=\"width:840px;height:560px\" srcset=\"https:\/\/www.koronakarkonoszy.pl\/blog\/wp-content\/uploads\/2023\/04\/20722274301_85905cf57f_o-1024x683.jpg 1024w, https:\/\/www.koronakarkonoszy.pl\/blog\/wp-content\/uploads\/2023\/04\/20722274301_85905cf57f_o-300x200.jpg 300w, https:\/\/www.koronakarkonoszy.pl\/blog\/wp-content\/uploads\/2023\/04\/20722274301_85905cf57f_o-768x512.jpg 768w, https:\/\/www.koronakarkonoszy.pl\/blog\/wp-content\/uploads\/2023\/04\/20722274301_85905cf57f_o-18x12.jpg 18w, https:\/\/www.koronakarkonoszy.pl\/blog\/wp-content\/uploads\/2023\/04\/20722274301_85905cf57f_o.jpg 1200w\" sizes=\"auto, (max-width: 1024px) 100vw, 1024px\" \/><figcaption class=\"wp-element-caption\"><strong><a href=\"https:\/\/www.koronakarkonoszy.pl\/dworska-sala-balowa\/\" target=\"_blank\" rel=\"noreferrer noopener\">Dworska Sala Balowa<\/a>, Dw\u00f3r Korona Karkonoszy, Sosn\u00f3wka k. Karpacz<\/strong>a <\/figcaption><\/figure>\n\n\n\n<p>Kolejnym kryterium przy wyborze sali weselnej na 50 os\u00f3b jest dost\u0119pno\u015b\u0107 parking\u00f3w i innych udogodnie\u0144. Warto sprawdzi\u0107, czy sala posiada w\u0142asny parking, a tak\u017ce czy jest \u0142atwo dost\u0119pna. Innym wa\u017cnym elementem jest wyposa\u017cenie sali, kt\u00f3re powinno by\u0107 dostosowane do potrzeb go\u015bci. Warto sprawdzi\u0107, czy sala posiada klimatyzacj\u0119, dost\u0119p do toalet, garderob\u0119 oraz odpowiednie o\u015bwietlenie.<\/p>\n\n\n<section id=\"leonardo-block_1ddfda2f96511d269b76940c6c323944\" class=\"leonardo page-breaker leonardo-image-left\">\r\n    <div class=\"leonardo-body\">\r\n                <div class=\"leonardo-content\"><h3 id=\"ha-menu-na-wesele\">Menu na wesele<\/h3>\n<p>Jednym z wa\u017cnych element\u00f3w przy organizacji przyj\u0119cia weselnego na 50 os\u00f3b jest wyb\u00f3r menu. Warto zwr\u00f3ci\u0107 uwag\u0119 na ofert\u0119 cateringu. Sala weselna powinna mie\u0107 mo\u017cliwo\u015b\u0107 zapewnienia r\u00f3\u017cnorodnych da\u0144 i przystawek, kt\u00f3re zadowol\u0105 gusta wszystkich uczestnik\u00f3w. Dost\u0119pno\u015b\u0107 barmana czy baristy to r\u00f3wnie\u017c wa\u017cny czynnik, kt\u00f3ry wp\u0142ywa na jako\u015b\u0107 przyj\u0119cia.<\/p>\n<p>Ostatnim, ale nie mniej wa\u017cnym kryterium przy wyborze sali weselnej na 50 os\u00f3b jest cena. Warto zwr\u00f3ci\u0107 uwag\u0119 na koszt wynajmu sali, a tak\u017ce na ewentualne dodatkowe koszty, takie jak dekoracje czy obs\u0142uga kelnerska. Istotnym elementem jest r\u00f3wnie\u017c ustalenie terminu i czasu trwania przyj\u0119cia, aby unikn\u0105\u0107 ewentualnych dodatkowych koszt\u00f3w.<\/p>\n<\/div>\r\n            <\/div>\r\n    <div class=\"leonardo-image\">\r\n        <img loading=\"lazy\" decoding=\"async\" width=\"1280\" height=\"1920\" src=\"https:\/\/www.koronakarkonoszy.pl\/blog\/wp-content\/uploads\/2023\/04\/bufet-zimny-w-sali-zlotej.jpg\" class=\"attachment-full size-full\" alt=\"\" srcset=\"https:\/\/www.koronakarkonoszy.pl\/blog\/wp-content\/uploads\/2023\/04\/bufet-zimny-w-sali-zlotej.jpg 1280w, https:\/\/www.koronakarkonoszy.pl\/blog\/wp-content\/uploads\/2023\/04\/bufet-zimny-w-sali-zlotej-200x300.jpg 200w, https:\/\/www.koronakarkonoszy.pl\/blog\/wp-content\/uploads\/2023\/04\/bufet-zimny-w-sali-zlotej-683x1024.jpg 683w, https:\/\/www.koronakarkonoszy.pl\/blog\/wp-content\/uploads\/2023\/04\/bufet-zimny-w-sali-zlotej-768x1152.jpg 768w, https:\/\/www.koronakarkonoszy.pl\/blog\/wp-content\/uploads\/2023\/04\/bufet-zimny-w-sali-zlotej-1024x1536.jpg 1024w, https:\/\/www.koronakarkonoszy.pl\/blog\/wp-content\/uploads\/2023\/04\/bufet-zimny-w-sali-zlotej-8x12.jpg 8w\" sizes=\"auto, (max-width: 1280px) 100vw, 1280px\" \/>            <\/div>\r\n<\/section>\n\n\n<h3 class=\"wp-block-heading\" id=\"ha-koszt-slubu-i-przyjecia-na-50-osob\">Koszt \u015blubu i przyj\u0119cia na 50 os\u00f3b<\/h3>\n\n\n\n<p>\u015alub to wa\u017cne wydarzenie w \u017cyciu ka\u017cdej pary. Niestety mo\u017ce okaza\u0107 si\u0119 r\u00f3wnie\u017c do\u015b\u0107 kosztowne. Organizacja wesela, nawet niezbyt wielkiego, <a href=\"https:\/\/www.koronakarkonoszy.pl\/blog\/wesele-do-50-osob\/\" target=\"_blank\" rel=\"noreferrer noopener\">wesela do 50 os\u00f3b<\/a> r\u00f3wnie\u017c wi\u0105\u017ce si\u0119 z pewnymi wydatkami, kt\u00f3re trzeba uwzgl\u0119dni\u0107 przy planowaniu.<\/p>\n\n\n\n<p>Koszt \u015blubu i przyj\u0119cia na 50 os\u00f3b mo\u017ce by\u0107 bardzo zr\u00f3\u017cnicowany, w zale\u017cno\u015bci od wielu czynnik\u00f3w. <strong>Jednym z najwa\u017cniejszych czynnik\u00f3w jest lokalizacja wesela.<\/strong> \u015alub w wi\u0119kszym mie\u015bcie, w eleganckiej restauracji lub w domu weselnym, b\u0119dzie kosztowa\u0142 znacznie wi\u0119cej ni\u017c \u015blub w mniejszej miejscowo\u015bci lub w domu prywatnym.<\/p>\n\n\n\n<p><strong>Kolejnym wa\u017cnym elementem jest wyb\u00f3r cateringu<\/strong>. Wybieraj\u0105c <a href=\"https:\/\/www.koronakarkonoszy.pl\/catering\/\" target=\"_blank\" rel=\"noreferrer noopener\">catering<\/a>, warto zwr\u00f3ci\u0107 uwag\u0119 na jego jako\u015b\u0107 i na oferowane menu. Oczywi\u015bcie im bardziej urozmaicone menu, tym wy\u017cszy koszt. Ale te\u017c wesele ma swoje prawa. Nie da si\u0119 go zorganizowa\u0107, rezygnuj\u0105c&nbsp; na przyk\u0142ad z obiadu weselnego czy s\u0142odko\u015bci.<\/p>\n\n\n\n<p><strong>Koszt mo\u017ce r\u00f3wnie\u017c zale\u017ce\u0107 od ilo\u015bci dekoracji<\/strong>, jakie b\u0119d\u0105 potrzebne na przyj\u0119ciu. Kwiaty, girlandy, \u015bwiece &#8211; to tylko niekt\u00f3re z element\u00f3w, kt\u00f3re mog\u0105 doda\u0107 uroku, ale tak\u017ce znacznie zwi\u0119kszy\u0107 koszty.<\/p>\n\n\n\n<figure class=\"wp-block-image size-large\"><img loading=\"lazy\" decoding=\"async\" width=\"1024\" height=\"683\" src=\"https:\/\/www.koronakarkonoszy.pl\/blog\/wp-content\/uploads\/2022\/01\/dekoracje-kwiatowe-sali-weselnej-1-1024x683.jpg\" alt=\"Dekoracje kwiatowe sali weselnej: wskaz\u00f3wki florysty\" class=\"wp-image-2744\" srcset=\"https:\/\/www.koronakarkonoszy.pl\/blog\/wp-content\/uploads\/2022\/01\/dekoracje-kwiatowe-sali-weselnej-1-1024x683.jpg 1024w, https:\/\/www.koronakarkonoszy.pl\/blog\/wp-content\/uploads\/2022\/01\/dekoracje-kwiatowe-sali-weselnej-1-300x200.jpg 300w, https:\/\/www.koronakarkonoszy.pl\/blog\/wp-content\/uploads\/2022\/01\/dekoracje-kwiatowe-sali-weselnej-1-768x512.jpg 768w, https:\/\/www.koronakarkonoszy.pl\/blog\/wp-content\/uploads\/2022\/01\/dekoracje-kwiatowe-sali-weselnej-1.jpg 1200w\" sizes=\"auto, (max-width: 1024px) 100vw, 1024px\" \/><figcaption class=\"wp-element-caption\"><strong>Dekoracje na wesele <\/strong><\/figcaption><\/figure>\n\n\n\n<p>Nale\u017cy pami\u0119ta\u0107, \u017ce opr\u00f3cz koszt\u00f3w samego przyj\u0119cia, Para M\u0142oda b\u0119dzie musia\u0142a ponie\u015b\u0107 r\u00f3wnie\u017c inne wydatki, takie jak suknia, garnitur, obr\u0105czki, zaproszenia i fotografie.<\/p>\n\n\n\n<p>Je\u015bli chodzi o koszt samego wesela na 50 os\u00f3b, to warto wzi\u0105\u0107 pod uwag\u0119 przede wszystkim catering i dekoracje. W zale\u017cno\u015bci od wybranego cateringu, koszt mo\u017ce wynosi\u0107 od kilkudziesi\u0119ciu do kilkuset z\u0142otych na osob\u0119. Je\u015bli chodzi o dekoracje, to koszt mo\u017ce si\u0119 waha\u0107 od kilkuset do nawet kilku tysi\u0119cy z\u0142otych, w zale\u017cno\u015bci od ich ilo\u015bci i jako\u015bci.<\/p>\n\n\n\n<p>Koszt \u015blubu i przyj\u0119cia na 50 os\u00f3b nie musi by\u0107 wysoki. Mo\u017cna go szukaj\u0105c oszcz\u0119dno\u015bci tam, gdzie to mo\u017cliwe. Warto te\u017c pami\u0119ta\u0107, \u017ce najwa\u017cniejsze jest to, aby ten dzie\u0144 dla Pary M\u0142odej by\u0142 wyj\u0105tkowy. Ka\u017cdy chyba woli wspomina\u0107, jak pi\u0119kny mia\u0142 \u015blub i jak udane wesele, ni\u017c na przyk\u0142ad oszcz\u0119dno\u015bci, jakie uda\u0142o mu si\u0119 poczyni\u0107 na deserze\u2026<\/p>\n\n\n<section id=\"leonardo-block_f8c0c30f066392b9bd34b51d21befb64\" class=\"leonardo page-breaker leonardo-image-right\">\r\n    <div class=\"leonardo-body\">\r\n                <div class=\"leonardo-content\"><p><!-- wp:heading --><\/p>\n<h3 id=\"ha-obiad-weselny-co-sie-sprawdza\">Obiad weselny &#8211; co si\u0119 sprawdza?<\/h3>\n<p>Obiad weselny to jedna z najwa\u017cniejszych cz\u0119\u015bci przyj\u0119cia i powinien by\u0107 odpowiednio dopasowany do gust\u00f3w go\u015bci oraz stylu przyj\u0119cia. W przypadku wesela na 50 os\u00f3b, wyb\u00f3r menu mo\u017ce wydawa\u0107 si\u0119 \u0142atwiejszy, ale wci\u0105\u017c nale\u017cy zadba\u0107 o to, by posi\u0142ki by\u0142y ciekawe, \u0142adnie podane i urozmaicone.<\/p>\n<p><!-- \/wp:paragraph --> <!-- wp:paragraph --><\/p>\n<p>Na pocz\u0105tku nale\u017cy ustali\u0107, czy b\u0119dzie to posi\u0142ek serwowany, czy mo\u017ce bufet. Taki wariant mo\u017cna wybra\u0107, na przyk\u0142ad organizuj\u0105c <a href=\"https:\/\/www.koronakarkonoszy.pl\/blog\/slub-w-plenerze-wszystko-co-warto-o-nim-wiedziec\/\" target=\"_blank\" rel=\"noopener\">\u015blub w plenerze<\/a>.\u00a0 W przypadku serwowanego posi\u0142ku, nale\u017cy zastanowi\u0107 si\u0119 nad wyborem kilku da\u0144 g\u0142\u00f3wnych, kt\u00f3re b\u0119d\u0105 odpowiednio urozmaicone, ale tak\u017ce dostosowane do potrzeb go\u015bci. W przypadku bufetu, mo\u017cna zdecydowa\u0107 si\u0119 na wi\u0119ksz\u0105 liczb\u0119 da\u0144, kt\u00f3re go\u015bci weselni b\u0119d\u0105 po prostu sami sobie nak\u0142ada\u0107.<\/p>\n<p><!-- \/wp:paragraph --> <!-- wp:paragraph --><\/p>\n<p>Przy organizacji obiadu weselnego warto tak\u017ce zwr\u00f3ci\u0107 uwag\u0119 na dietetyczne preferencje go\u015bci. Wiele os\u00f3b jest na diecie wegetaria\u0144skiej lub wega\u0144skiej, a niekt\u00f3rzy maj\u0105 tak\u017ce nietolerancj\u0119 na niekt\u00f3re sk\u0142adniki lub alergie pokarmowe. Dlatego wa\u017cne jest, aby menu zawiera\u0142o r\u00f3\u017cnorodne dania, kt\u00f3re b\u0119d\u0105 dostosowane do potrzeb wszystkich go\u015bci.<\/p>\n<p><!-- \/wp:paragraph --> <!-- wp:paragraph --><\/p>\n<p>W przypadku obiadu weselnego na 50 os\u00f3b, mo\u017cna zdecydowa\u0107 si\u0119 na kilka rodzaj\u00f3w mi\u0119s, takich jak kurczak, wieprzowina czy wo\u0142owina, ale tak\u017ce na dania rybne lub wegetaria\u0144skie. Warto tak\u017ce pami\u0119ta\u0107 o urozmaiceniu menu dodatkami, takimi jak r\u00f3\u017cne rodzaje sa\u0142atek, ziemniaki, ry\u017c czy makarony. Nie mo\u017cna zapomnie\u0107 tak\u017ce o przystawkach.<\/p>\n<p><!-- \/wp:paragraph --><\/p>\n<\/div>\r\n            <\/div>\r\n    <div class=\"leonardo-image\">\r\n        <img loading=\"lazy\" decoding=\"async\" width=\"1024\" height=\"683\" src=\"https:\/\/www.koronakarkonoszy.pl\/blog\/wp-content\/uploads\/2023\/02\/MG_5844.jpg\" class=\"attachment-full size-full\" alt=\"\" srcset=\"https:\/\/www.koronakarkonoszy.pl\/blog\/wp-content\/uploads\/2023\/02\/MG_5844.jpg 1024w, https:\/\/www.koronakarkonoszy.pl\/blog\/wp-content\/uploads\/2023\/02\/MG_5844-300x200.jpg 300w, https:\/\/www.koronakarkonoszy.pl\/blog\/wp-content\/uploads\/2023\/02\/MG_5844-768x512.jpg 768w, https:\/\/www.koronakarkonoszy.pl\/blog\/wp-content\/uploads\/2023\/02\/MG_5844-18x12.jpg 18w\" sizes=\"auto, (max-width: 1024px) 100vw, 1024px\" \/>            <\/div>\r\n<\/section>\n\n\n<h3 class=\"wp-block-heading\" id=\"ha-wesele-na-50-osob-dom-weselny\">Wesele na 50 os\u00f3b &#8211; dom weselny<\/h3>\n\n\n\n<p>Wyb\u00f3r domu weselnego na 50 os\u00f3b to decyzja, kt\u00f3ra wp\u0142ynie na ca\u0142\u0105 atmosfer\u0119 przyj\u0119cia. Istotnym elementem jest wyb\u00f3r sali, kt\u00f3ra pomie\u015bci odpowiedni\u0105 liczb\u0119 go\u015bci. &nbsp;Opr\u00f3cz rozmiaru warto zwr\u00f3ci\u0107 uwag\u0119 na styl sali &#8211; czy ma ona charakter klasyczny, rustykalny, czy mo\u017ce nowoczesny. Domy weselne oferuj\u0105 nie tylko odpowiednio wyposa\u017con\u0105 sal\u0119, catering i dekoracje, lecz tak\u017ce dodatkowe us\u0142ugi, takie jak oprawa muzyczna czy fotobudka.<\/p>\n\n\n\n<p>Organizacja wesela na 50 os\u00f3b w domu weselnym daje wiele mo\u017cliwo\u015bci, a jednocze\u015bnie pozwala na zachowanie intymnej i kameralnej atmosfery. Wiele dom\u00f3w weselnych oferuje wyb\u00f3r r\u00f3\u017cnych sal, w zale\u017cno\u015bci od liczby go\u015bci i preferencji Pary M\u0142odej. Domy weselne proponuj\u0105 na wesela r\u00f3\u017cnorodne menu, kt\u00f3re mo\u017cna dostosowa\u0107 do preferencji go\u015bci oraz zak\u0142adanego bud\u017cetu.<\/p>\n\n\n\n<figure class=\"wp-block-image size-full\"><img loading=\"lazy\" decoding=\"async\" width=\"960\" height=\"546\" src=\"https:\/\/www.koronakarkonoszy.pl\/blog\/wp-content\/uploads\/2021\/07\/fotobudka_na_wesele__2_.jpg\" alt=\"fotobudka na wesele\" class=\"wp-image-675\" srcset=\"https:\/\/www.koronakarkonoszy.pl\/blog\/wp-content\/uploads\/2021\/07\/fotobudka_na_wesele__2_.jpg 960w, https:\/\/www.koronakarkonoszy.pl\/blog\/wp-content\/uploads\/2021\/07\/fotobudka_na_wesele__2_-300x171.jpg 300w, https:\/\/www.koronakarkonoszy.pl\/blog\/wp-content\/uploads\/2021\/07\/fotobudka_na_wesele__2_-768x437.jpg 768w\" sizes=\"auto, (max-width: 960px) 100vw, 960px\" \/><figcaption class=\"wp-element-caption\"><strong>Fotobudka na wesele <\/strong><\/figcaption><\/figure>\n\n\n\n<p>Innym atutem dom\u00f3w weselnych jest to, \u017ce oferuj\u0105 one pe\u0142n\u0105 obs\u0142ug\u0119 przez ca\u0142y czas trwania przyj\u0119cia. Pracownicy domu weselnego zajmuj\u0105 si\u0119 wszystkimi kwestiami zwi\u0105zanymi z organizacj\u0105, w tym serwowaniem posi\u0142k\u00f3w, obs\u0142ug\u0105 baru czy dekoracj\u0105 sali. Dzi\u0119ki temu Para M\u0142oda oraz ich go\u015bcie mog\u0105 skupi\u0107 si\u0119 na zabawie. Ponadto takie miejsca cz\u0119sto oferuj\u0105 wiele udogodnie\u0144, w tym dost\u0119pno\u015b\u0107 parkingu, odpowiednie wyposa\u017cenie sali, czy mo\u017cliwo\u015b\u0107 organizacji noclegu dla go\u015bci.<\/p>\n\n\n\n<p>Jednym z najwi\u0119kszych atut\u00f3w dom\u00f3w weselnych jest fakt, \u017ce s\u0105 one wyspecjalizowane na organizacji przyj\u0119\u0107 weselnych i posiadaj\u0105 odpowiednie do\u015bwiadczenie oraz zaplecze, kt\u00f3re pozwala na profesjonaln\u0105 obs\u0142ug\u0119 go\u015bci.<\/p>\n\n\n<section id=\"leonardo-block_37a2c1492549c18af36718c61074398b\" class=\"leonardo page-breaker leonardo-image-left\">\r\n    <div class=\"leonardo-body\">\r\n                <div class=\"leonardo-content\"><p><!-- wp:heading --><\/p>\n<h3 id=\"ha-ile-alkoholu-na-wesele\">Ile alkoholu na wesele?<\/h3>\n<p>Organizacja wesela to ogromne przedsi\u0119wzi\u0119cie, kt\u00f3re wymaga wielu decyzji. Jednym z wa\u017cniejszych element\u00f3w przyj\u0119cia weselnego jest zapewnienie odpowiedniej ilo\u015bci alkoholu dla go\u015bci. Przede wszystkim, nale\u017cy wzi\u0105\u0107 pod uwag\u0119 rodzaj wesela. Czy b\u0119dzie to przyj\u0119cie ca\u0142odniowe czy tylko wieczorne? W przypadku ca\u0142odziennego wesela, trzeba zapewni\u0107 wi\u0119ksz\u0105 ilo\u015b\u0107 napoj\u00f3w, w tym alkoholu, aby go\u015bcie mieli co pi\u0107 przez ca\u0142y dzie\u0144.<\/p>\n<p><!-- \/wp:paragraph --> <!-- wp:paragraph --><\/p>\n<p>W przypadku wieczornego przyj\u0119cia, ilo\u015b\u0107 alkoholu mo\u017ce by\u0107 mniejsza, poniewa\u017c go\u015bcie sp\u0119dz\u0105 na weselu mniej czasu. Drugim wa\u017cnym czynnikiem, kt\u00f3ry nale\u017cy wzi\u0105\u0107 pod uwag\u0119, jest wiek i upodobania go\u015bci. Je\u015bli wiele os\u00f3b preferuje <a href=\"https:\/\/www.koronakarkonoszy.pl\/blog\/piwo-z-beczki-na-wesele\/\" target=\"_blank\" rel=\"noopener\">piwo<\/a>, to nale\u017cy zapewni\u0107 wi\u0119ksz\u0105 ilo\u015b\u0107 piwa ni\u017c wina czy innych alkoholi. Je\u015bli natomiast w\u015br\u00f3d go\u015bci jest wielu mi\u0142o\u015bnik\u00f3w wina, to warto zadba\u0107 o odpowiedni wyb\u00f3r trunk\u00f3w. Bia\u0142e, czerwone, r\u00f3\u017cowe, wytrawne lub p\u00f3\u0142wytrawne \u2013 wyb\u00f3r jest ogromny. Wa\u017cne, aby odpowiednio oszacowa\u0107 ilo\u015b\u0107 alkoholu i zadba\u0107 o to, aby go\u015bcie mieli co pi\u0107, ale jednocze\u015bnie nie przesadza\u0107 z ilo\u015bci\u0105, aby unikn\u0105\u0107 niemi\u0142ych incydent\u00f3w.<\/p>\n<p><!-- \/wp:paragraph --><\/p>\n<\/div>\r\n            <\/div>\r\n    <div class=\"leonardo-image\">\r\n        <img loading=\"lazy\" decoding=\"async\" width=\"1280\" height=\"853\" src=\"https:\/\/www.koronakarkonoszy.pl\/blog\/wp-content\/uploads\/2021\/08\/wesele-bez-alkoholu1.jpg\" class=\"attachment-full size-full\" alt=\"\" srcset=\"https:\/\/www.koronakarkonoszy.pl\/blog\/wp-content\/uploads\/2021\/08\/wesele-bez-alkoholu1.jpg 1280w, https:\/\/www.koronakarkonoszy.pl\/blog\/wp-content\/uploads\/2021\/08\/wesele-bez-alkoholu1-300x200.jpg 300w, https:\/\/www.koronakarkonoszy.pl\/blog\/wp-content\/uploads\/2021\/08\/wesele-bez-alkoholu1-1024x682.jpg 1024w, https:\/\/www.koronakarkonoszy.pl\/blog\/wp-content\/uploads\/2021\/08\/wesele-bez-alkoholu1-768x512.jpg 768w\" sizes=\"auto, (max-width: 1280px) 100vw, 1280px\" \/>            <\/div>\r\n<\/section>\n\n\n<h2 class=\"wp-block-heading\" id=\"ha-czy-warto-rozwazyc-wesele-w-gorach\">Czy warto rozwa\u017cy\u0107 wesele w g\u00f3rach?<\/h2>\n\n\n\n<p>Organizacja wesela w g\u00f3rach to idealna opcja dla par, kt\u00f3re chc\u0105 stworzy\u0107 niezapomniane wra\u017cenia podczas swojego wielkiego dnia. Wesele w g\u00f3rach na 50 os\u00f3b to kameralne i intymne przyj\u0119cie weselne, kt\u00f3re pozwala na stworzenie wyj\u0105tkowej atmosfery w\u015br\u00f3d malowniczych krajobraz\u00f3w.<\/p>\n\n\n\n<figure class=\"wp-block-image size-full\"><img loading=\"lazy\" decoding=\"async\" width=\"742\" height=\"495\" src=\"https:\/\/www.koronakarkonoszy.pl\/blog\/wp-content\/uploads\/2022\/12\/wesele-w-gorach.jpg\" alt=\"\" class=\"wp-image-6538\" srcset=\"https:\/\/www.koronakarkonoszy.pl\/blog\/wp-content\/uploads\/2022\/12\/wesele-w-gorach.jpg 742w, https:\/\/www.koronakarkonoszy.pl\/blog\/wp-content\/uploads\/2022\/12\/wesele-w-gorach-300x200.jpg 300w\" sizes=\"auto, (max-width: 742px) 100vw, 742px\" \/><figcaption class=\"wp-element-caption\"><strong>Wesele w g\u00f3rach, Sosn\u00f3wka k. Karpacza <\/strong><\/figcaption><\/figure>\n\n\n\n<p>Jednym z g\u0142\u00f3wnych atut\u00f3w organizacji wesela w g\u00f3rach jest wyj\u0105tkowy klimat i pi\u0119kne widoki. Wieczorem, podczas zachodu s\u0142o\u0144ca, mamy niesamowity klimat, kt\u00f3ry zachwyca ka\u017cdego. Warto r\u00f3wnie\u017c pami\u0119ta\u0107 o mo\u017cliwo\u015bci organizacji sesji plenerowej \u2013 zdj\u0119cia z pewno\u015bci\u0105 b\u0119d\u0105 wyj\u0105tkowe.<\/p>\n\n\n\n<p>Przy organizacji wesela w g\u00f3rach warto przede wszystkim pami\u0119ta\u0107 o wyborze odpowiedniego miejsca. Czego szuka\u0107? Najlepiej klimatycznej sali weselnej. Kolejnym wa\u017cnym elementem przy organizacji wesela w g\u00f3rach jest odpowiednie przygotowanie przestrzeni. Trzeba zadba\u0107 o dekoracje, o\u015bwietlenie, zasilanie. Warto te\u017c wzi\u0105\u0107 pod uwag\u0119 pogod\u0119 i przygotowa\u0107 namioty czy parasole, kt\u00f3re b\u0119d\u0105 s\u0142u\u017cy\u0142y jako zadaszenie w przypadku zmiany aury.<\/p>\n\n\n\n<style>\n    .cta_block{\n        margin: 1.5em 0;\n    }\n    .cta_block_content {\n        position: relative;\n        color: white;\n        padding: 1em;\n    }\n    .cta_block_content h3{\n        text-align: center;\n        font: normal normal normal 36px\/50px Yeseva One;\n    }\n    .cta_block_content .cta_block_desc{\n        text-align: center;\n        font-size: 1.1em;\n        position: relative;\n    }\n    .cta_block_content .cta_block_desc:before {\n        content: '';\n        width: 80px;\n        height: 4px;\n        background: #EEB315;\n        position: absolute;\n        left: 0;\n        right: 0;\n        margin-left: auto;\n        margin-right: auto;\n        top: -22px;\n    }\n\n    .cta_block_content picture{\n        position: absolute;\n        top: 0;\n        right: 0;\n        z-index: -1;\n        height: 100%;\n        overflow: hidden;\n        width: 100%;\n    }\n    .cta_block_content picture img{\n        object-fit: cover;\n        height: 100%;\n        width: 100%;\n    }\n    .cta_block .cta_block_content .ninja-forms-field{\n        background: #FFFFFF2F;\n        border: 1px solid #EEB315;\n        border-radius: 25px;\n        opacity: 1;\n        color: #ffffff;\n    }\n    .cta_block .cta_block_content .nf-form-content input[type=submit]{\n        background-color: #EEB315;\n        color: #292929;\n        text-align: center;\n        font: normal normal bold 14px\/20px Work Sans;\n        padding: 0 2em;\n    }\n\n    .cta_block ::placeholder{\n        color: white!important;\n        opacity: 1;\n    }\n\n    .cta_block_content::after {\n        height: 100%;\n        width: 100%;\n        content: \"\";\n        z-index: -1;\n        position: absolute;\n        top: 0;\n        background: #00000070;\n        right: 0;\n        left: 0;\n        bottom: 0;\n    }\n    #ha-cta-block, .cta_block_desc, .cta_block .nf-field-label, .cta_block .nf-error-msg {\n        filter: drop-shadow(1px 1px 8px black);\n    }\n\n\/*    .cta_block nf-rows-wrap {\n        display: flex;\n        justify-content: space-around;\n        flex-direction: row;\n    }*\/\n\n    .cta_block .nf-field-label {\n        display:none;\n    }\n\n    .cta_block .nf-error.field-wrap .nf-field-element::after {\n        border-radius: 50px;\n    }\n\n    .cta_block .nf-error-msg {\n        color: #fff;\n    }\n\n    .cta_block .nf-form-cont {\n        margin-top: 3em;\n        margin-bottom: 1em;\n    }\n\n    .wp-admin .cta_block_content{\n        display: none;\n    }\n    .cta_block .nf-form-fields-required {\n        display: none;\n    }\n    body:not(.wp-admin) .cta_block_admin {\n        display: none;\n    }\n<\/style>\n<div id=\"cta_block-block_801a717ea4245cde74bc5a23b9f07511\" class=\"cta_block\">\n    <div class=\"cta_block_admin\" style=\"background-color: blue; color: white\">\n        Blok CTA\n    <\/div>\n    <div class=\"cta_block\">\n        <div class=\"cta_block_content\">   \n        <h3 id=\"ha-kameralne-wesele-w-gorach\">Kameralne wesele w g\u00f3rach? <\/h3>\n                    <div class=\"cta_block_desc\">W Dworze Korona Karkonoszy zawsze wyj\u0105tkowe! <\/div>\n                <noscript class=\"ninja-forms-noscript-message\">\n\tUwaga: ta zawarto\u015b\u0107 wymaga obs\u0142ugi j\u0119zyka JavaScript.<\/noscript>\n<div id=\"nf-form-3_1-cont\" class=\"nf-form-cont\" aria-live=\"polite\" aria-labelledby=\"nf-form-title-3_1\" aria-describedby=\"nf-form-errors-3_1\" role=\"form\">\n\n    <div class=\"nf-loading-spinner\"><\/div>\n\n<\/div>\n        <!-- That data is being printed as a workaround to page builders reordering the order of the scripts loaded-->\n        <script>var formDisplay=1;var nfForms=nfForms||[];var form=[];form.id='3_1';form.settings={\"objectType\":\"Form Setting\",\"editActive\":true,\"title\":\"Block CTA\",\"created_at\":\"2022-11-08 16:03:33\",\"default_label_pos\":\"above\",\"show_title\":0,\"clear_complete\":\"1\",\"hide_complete\":\"1\",\"logged_in\":\"\",\"wrapper_class\":\"\",\"element_class\":\"\",\"key\":\"\",\"add_submit\":\"0\",\"changeEmailErrorMsg\":\"Wprowad\\u017a prawid\\u0142owy adres e-mail!\",\"changeDateErrorMsg\":\"Prosz\\u0119 wpisa\\u0107 prawid\\u0142ow\\u0105 dat\\u0119!\",\"confirmFieldErrorMsg\":\"Te pola musz\\u0105 si\\u0119 zgadza\\u0107!\",\"fieldNumberNumMinError\":\"B\\u0142\\u0105d \\u2014 liczba minimalna\",\"fieldNumberNumMaxError\":\"B\\u0142\\u0105d \\u2014 liczba maksymalna\",\"fieldNumberIncrementBy\":\"Zwi\\u0119ksz o \",\"formErrorsCorrectErrors\":\"Popraw b\\u0142\\u0119dy, zanim prze\\u015blesz formularz.\",\"validateRequiredField\":\"To jest wymagane pole.\",\"honeypotHoneypotError\":\"B\\u0142\\u0105d Honeypot\",\"fieldsMarkedRequired\":\"Pola oznaczone znakiem &lt;span class=&quot;ninja-forms-req-symbol&quot;&gt;*&lt;\\\/span&gt; s\\u0105 wymagane\",\"currency\":\"\",\"repeatable_fieldsets\":\"\",\"unique_field_error\":\"Formularz z t\\u0105 warto\\u015bci\\u0105 zosta\\u0142 ju\\u017c przes\\u0142any.\",\"not_logged_in_msg\":\"\",\"sub_limit_msg\":\"Formularz osi\\u0105gn\\u0105\\u0142 limit wys\\u0142a\\u0144.\",\"calculations\":[],\"container_styles_show_advanced_css\":\"0\",\"title_styles_show_advanced_css\":\"0\",\"row_styles_show_advanced_css\":\"0\",\"row-odd_styles_show_advanced_css\":\"0\",\"success-msg_styles_show_advanced_css\":\"0\",\"error_msg_styles_show_advanced_css\":\"0\",\"formContentData\":[{\"order\":1,\"cells\":[{\"order\":0,\"fields\":[\"phone_1640098023980\"],\"width\":35},{\"order\":1,\"fields\":[\"adres_e-mail_1667919839452\"],\"width\":35},{\"order\":2,\"fields\":[\"zapisz_mnie_1667919853255\"],\"width\":30}]}],\"drawerDisabled\":false,\"conditions\":[],\"allow_public_link\":0,\"embed_form\":\"\",\"container_styles_border\":\"\",\"container_styles_height\":\"\",\"container_styles_margin\":\"\",\"container_styles_padding\":\"\",\"container_styles_float\":\"\",\"title_styles_border\":\"\",\"title_styles_height\":\"\",\"title_styles_width\":\"\",\"title_styles_font-size\":\"\",\"title_styles_margin\":\"\",\"title_styles_padding\":\"\",\"title_styles_float\":\"\",\"row_styles_border\":\"\",\"row_styles_width\":\"\",\"row_styles_font-size\":\"\",\"row_styles_margin\":\"\",\"row_styles_padding\":\"\",\"row-odd_styles_border\":\"\",\"row-odd_styles_height\":\"\",\"row-odd_styles_width\":\"\",\"row-odd_styles_font-size\":\"\",\"row-odd_styles_margin\":\"\",\"row-odd_styles_padding\":\"\",\"success-msg_styles_border\":\"\",\"success-msg_styles_height\":\"\",\"success-msg_styles_width\":\"\",\"success-msg_styles_font-size\":\"\",\"success-msg_styles_margin\":\"\",\"success-msg_styles_padding\":\"\",\"error_msg_styles_border\":\"\",\"error_msg_styles_width\":\"\",\"error_msg_styles_font-size\":\"\",\"error_msg_styles_margin\":\"\",\"error_msg_styles_padding\":\"\",\"form_title_heading_level\":\"3\",\"ninjaForms\":\"Ninja Forms\",\"fieldTextareaRTEInsertLink\":\"Wstaw odno\\u015bnik\",\"fieldTextareaRTEInsertMedia\":\"Wstaw media\",\"fieldTextareaRTESelectAFile\":\"Wybierz plik\",\"formHoneypot\":\"Je\\u015bli jeste\\u015b cz\\u0142owiekiem i widzisz to pole, nie wype\\u0142niaj go.\",\"fileUploadOldCodeFileUploadInProgress\":\"Przesy\\u0142anie pliku w toku.\",\"fileUploadOldCodeFileUpload\":\"PRZESY\\u0141ANIE PLIKU\",\"currencySymbol\":\"&#36;\",\"thousands_sep\":\"&nbsp;\",\"decimal_point\":\",\",\"siteLocale\":\"pl_PL\",\"dateFormat\":\"m\\\/d\\\/Y\",\"startOfWeek\":\"1\",\"of\":\"z\",\"previousMonth\":\"Poprzedni miesi\\u0105c\",\"nextMonth\":\"Nast\\u0119pny miesi\\u0105c\",\"months\":[\"Stycze\\u0144\",\"Luty\",\"Marzec\",\"Kwiecie\\u0144\",\"Maj\",\"Czerwiec\",\"Lipiec\",\"Sierpie\\u0144\",\"Wrzesie\\u0144\",\"Pa\\u017adziernik\",\"Listopad\",\"Grudzie\\u0144\"],\"monthsShort\":[\"Sty\",\"Lut\",\"Mar\",\"Kw\",\"Maj\",\"Cze\",\"Lip\",\"Sie\",\"Wrz\",\"Pa\\u017a\",\"Lis\",\"Gru\"],\"weekdays\":[\"Niedziela\",\"Poniedzia\\u0142ek\",\"Wtorek\",\"\\u015aroda\",\"Czwartek\",\"Pi\\u0105tek\",\"Sobota\"],\"weekdaysShort\":[\"Niedz\",\"Pon\",\"Wt\",\"\\u015ar\",\"Czw\",\"Pt\",\"Sob\"],\"weekdaysMin\":[\"Niedz\",\"Pon\",\"Wt\",\"\\u015ar\",\"Czw\",\"Pt\",\"Sob\"],\"recaptchaConsentMissing\":\"reCaptcha validation couldn&#039;t load.\",\"recaptchaMissingCookie\":\"reCaptcha v3 validation couldn&#039;t load the cookie needed to submit the form.\",\"recaptchaConsentEvent\":\"Accept reCaptcha cookies before sending the form.\",\"currency_symbol\":\"\",\"beforeForm\":\"\",\"beforeFields\":\"\",\"afterFields\":\"\",\"afterForm\":\"\"};form.fields=[{\"objectType\":\"Field\",\"objectDomain\":\"fields\",\"editActive\":false,\"order\":1,\"idAttribute\":\"id\",\"type\":\"phone\",\"label\":\"Numer telefonu\",\"key\":\"phone_1640098023980\",\"label_pos\":\"above\",\"required\":1,\"default\":\"\",\"placeholder\":\"Numer telefonu\",\"container_class\":\"\",\"element_class\":\"\",\"input_limit\":\"\",\"input_limit_type\":\"characters\",\"input_limit_msg\":\"Liczba pozosta\\u0142ych znak\\u00f3w:\",\"manual_key\":\"\",\"admin_label\":\"\",\"help_text\":\"\",\"mask\":\"\",\"custom_mask\":\"\",\"custom_name_attribute\":\"phone\",\"personally_identifiable\":1,\"wrap_styles_border\":\"\",\"wrap_styles_width\":\"\",\"wrap_styles_margin\":\"\",\"wrap_styles_padding\":\"\",\"wrap_styles_float\":\"\",\"wrap_styles_show_advanced_css\":0,\"label_styles_border\":\"\",\"label_styles_width\":\"\",\"label_styles_font-size\":\"\",\"label_styles_margin\":\"\",\"label_styles_padding\":\"\",\"label_styles_float\":\"\",\"label_styles_show_advanced_css\":0,\"element_styles_border\":\"\",\"element_styles_width\":\"\",\"element_styles_font-size\":\"\",\"element_styles_margin\":\"\",\"element_styles_padding\":\"\",\"element_styles_float\":\"\",\"element_styles_show_advanced_css\":0,\"cellcid\":\"c3386\",\"value\":\"\",\"field_label\":\"Numer telefonu\",\"field_key\":\"phone_1640098023980\",\"drawerDisabled\":false,\"id\":\"8_1\",\"beforeField\":\"\",\"afterField\":\"\",\"parentType\":\"textbox\",\"element_templates\":[\"tel\",\"textbox\",\"input\"],\"old_classname\":\"\",\"wrap_template\":\"wrap\"},{\"objectType\":\"Field\",\"objectDomain\":\"fields\",\"editActive\":false,\"order\":2,\"idAttribute\":\"id\",\"type\":\"email\",\"label\":\"Adres e-mail\",\"key\":\"adres_e-mail_1667919839452\",\"label_pos\":\"above\",\"required\":1,\"default\":\"\",\"placeholder\":\"Adres e-mail\",\"container_class\":\"\",\"element_class\":\"\",\"admin_label\":\"\",\"help_text\":\"\",\"custom_name_attribute\":\"email\",\"personally_identifiable\":1,\"wrap_styles_border\":\"\",\"wrap_styles_width\":\"\",\"wrap_styles_margin\":\"\",\"wrap_styles_padding\":\"\",\"wrap_styles_float\":\"\",\"wrap_styles_show_advanced_css\":0,\"label_styles_border\":\"\",\"label_styles_width\":\"\",\"label_styles_font-size\":\"\",\"label_styles_margin\":\"\",\"label_styles_padding\":\"\",\"label_styles_float\":\"\",\"label_styles_show_advanced_css\":0,\"element_styles_border\":\"\",\"element_styles_width\":\"\",\"element_styles_font-size\":\"\",\"element_styles_margin\":\"\",\"element_styles_padding\":\"\",\"element_styles_float\":\"\",\"element_styles_show_advanced_css\":0,\"cellcid\":\"c3389\",\"value\":\"\",\"drawerDisabled\":false,\"field_label\":\"E-mail\",\"field_key\":\"email_1640098026199\",\"id\":\"9_1\",\"beforeField\":\"\",\"afterField\":\"\",\"parentType\":\"email\",\"element_templates\":[\"email\",\"input\"],\"old_classname\":\"\",\"wrap_template\":\"wrap\"},{\"objectType\":\"Field\",\"objectDomain\":\"fields\",\"editActive\":false,\"order\":3,\"idAttribute\":\"id\",\"type\":\"submit\",\"label\":\"Zapisz mnie\",\"processing_label\":\"W trakcie realizacji\",\"container_class\":\"\",\"element_class\":\"\",\"key\":\"zapisz_mnie_1667919853255\",\"wrap_styles_border\":\"\",\"wrap_styles_width\":\"\",\"wrap_styles_margin\":\"\",\"wrap_styles_padding\":\"\",\"wrap_styles_float\":\"\",\"wrap_styles_show_advanced_css\":0,\"element_styles_border\":\"\",\"element_styles_width\":\"\",\"element_styles_font-size\":\"\",\"element_styles_margin\":\"\",\"element_styles_padding\":\"\",\"element_styles_float\":\"\",\"element_styles_show_advanced_css\":0,\"submit_element_hover_styles_border\":\"\",\"submit_element_hover_styles_width\":\"\",\"submit_element_hover_styles_font-size\":\"\",\"submit_element_hover_styles_margin\":\"\",\"submit_element_hover_styles_padding\":\"\",\"submit_element_hover_styles_float\":\"\",\"submit_element_hover_styles_show_advanced_css\":0,\"cellcid\":\"c3391\",\"drawerDisabled\":false,\"field_label\":\"Zamawiam rozmow\\u0119\",\"field_key\":\"zamawiam_rozmowe_1640098067453\",\"id\":\"10_1\",\"beforeField\":\"\",\"afterField\":\"\",\"value\":\"\",\"label_pos\":\"above\",\"parentType\":\"textbox\",\"element_templates\":[\"submit\",\"button\",\"input\"],\"old_classname\":\"\",\"wrap_template\":\"wrap-no-label\"}];nfForms.push(form);<\/script>\n                <script id=\"nf-tmpl-cell\" type=\"text\/template\">\n            <nf-fields><\/nf-fields>\n        <\/script>\n\n        <script id=\"nf-tmpl-row\" type=\"text\/template\">\n            <nf-cells><\/nf-cells>\n        <\/script>\n\n                <img loading=\"lazy\" decoding=\"async\" width=\"1500\" height=\"705\" src=\"https:\/\/www.koronakarkonoszy.pl\/blog\/wp-content\/uploads\/2022\/06\/Dwor-Korona-Karkonoszy.jpg\" class=\"attachment-full size-full\" alt=\"\" srcset=\"https:\/\/www.koronakarkonoszy.pl\/blog\/wp-content\/uploads\/2022\/06\/Dwor-Korona-Karkonoszy.jpg 1500w, https:\/\/www.koronakarkonoszy.pl\/blog\/wp-content\/uploads\/2022\/06\/Dwor-Korona-Karkonoszy-300x141.jpg 300w, https:\/\/www.koronakarkonoszy.pl\/blog\/wp-content\/uploads\/2022\/06\/Dwor-Korona-Karkonoszy-1024x481.jpg 1024w, https:\/\/www.koronakarkonoszy.pl\/blog\/wp-content\/uploads\/2022\/06\/Dwor-Korona-Karkonoszy-768x361.jpg 768w\" sizes=\"auto, (max-width: 1500px) 100vw, 1500px\" \/>        <\/div> \n    <\/div>\n<\/div>\n\n\n\n<p>W przypadku wesele w g\u00f3rach na 50 os\u00f3b, menu powinno by\u0107 dostosowane do charakteru wesela. Warto postawi\u0107 na potrawy regionalne, jakie oferuj\u0105 okoliczne gospodarstwa i restauracje. Menu powinno by\u0107 urozmaicone, aby zaspokoi\u0107 gusta wszystkich go\u015bci, a jednocze\u015bnie przypomina\u0107 o charakterze regionu.<\/p>\n\n\n\n<p>Warto tak\u017ce pami\u0119ta\u0107 o innych elementach, takich jak zabawy i atrakcje dla go\u015bci, kt\u00f3re pomog\u0105 w tworzeniu niepowtarzalnej atmosfery. Mog\u0105 to by\u0107 np. konkursy, quizy, gry czy zabawy dla dzieci.<\/p>\n\n\n<section id=\"leonardo-block_10ab2f62a969359ab07dd863eed65b93\" class=\"leonardo page-breaker leonardo-image-right\">\r\n    <div class=\"leonardo-body\">\r\n                <div class=\"leonardo-content\"><p><!-- wp:heading --><\/p>\n<h3 id=\"ha-wesele-w-ogrodzie-na-50-osob\">Wesele w ogrodzie na 50 os\u00f3b<\/h3>\n<p>Organizacja wesela w ogrodzie to pi\u0119kna i romantyczna opcja dla Par M\u0142odych, kt\u00f3re chc\u0105 zorganizowa\u0107 wyj\u0105tkowe i niezapomniane przyj\u0119cie weselne. W przypadku wesela na 50 os\u00f3b, organizacja wesela w ogrodzie, w zgodzie z natur\u0105, mo\u017ce by\u0107 idealnym rozwi\u0105zaniem, poniewa\u017c pozwala na intymn\u0105 i kameraln\u0105 atmosfer\u0119, jednocze\u015bnie umo\u017cliwiaj\u0105c zabaw\u0119 i ta\u0144ce pod go\u0142ym niebem.<\/p>\n<p><!-- \/wp:paragraph --> <!-- wp:paragraph --><\/p>\n<p>Przy organizacji wesela w ogrodzie warto przede wszystkim pami\u0119ta\u0107 o wyborze odpowiedniego miejsca. Powinno by\u0107 to miejsce o du\u017cej powierzchni, kt\u00f3re umo\u017cliwi rozmieszczenie sto\u0142\u00f3w dla go\u015bci, sto\u0142u weselnego, strefy tanecznej i innych element\u00f3w wesela, takich jak k\u0105cik dla dzieci czy miejsce do grillowania. Kolejnym wa\u017cnym elementem przy organizacji wesela w ogrodzie jest odpowiednie przygotowanie przestrzeni. Trzeba zadba\u0107 o dekoracje, o\u015bwietlenie, zasilanie, a tak\u017ce o bezpiecze\u0144stwo go\u015bci. Je\u015bli w ogrodzie nie ma odpowiedniej infrastruktury, warto wynaj\u0105\u0107 profesjonaln\u0105 firm\u0119, kt\u00f3ra zajmie si\u0119 wynaj\u0119ciem sprz\u0119tu, jak na przyk\u0142ad namioty, krzes\u0142a, sto\u0142y czy nag\u0142o\u015bnienie.<\/p>\n<p><!-- \/wp:paragraph --><\/p>\n<\/div>\r\n            <\/div>\r\n    <div class=\"leonardo-image\">\r\n        <img loading=\"lazy\" decoding=\"async\" width=\"800\" height=\"534\" src=\"https:\/\/www.koronakarkonoszy.pl\/blog\/wp-content\/uploads\/2021\/07\/uroczytosc_slub_w_ogrodzie-1.jpg\" class=\"attachment-full size-full\" alt=\"uroczysto\u015b\u0107 \u015blub w ogrodzie\" srcset=\"https:\/\/www.koronakarkonoszy.pl\/blog\/wp-content\/uploads\/2021\/07\/uroczytosc_slub_w_ogrodzie-1.jpg 800w, https:\/\/www.koronakarkonoszy.pl\/blog\/wp-content\/uploads\/2021\/07\/uroczytosc_slub_w_ogrodzie-1-300x200.jpg 300w, https:\/\/www.koronakarkonoszy.pl\/blog\/wp-content\/uploads\/2021\/07\/uroczytosc_slub_w_ogrodzie-1-768x513.jpg 768w\" sizes=\"auto, (max-width: 800px) 100vw, 800px\" \/>            <\/div>\r\n<\/section>\n\n\n<h3 class=\"wp-block-heading\" id=\"ha-wady-i-zalety-wesela-na-50-osob\">Wady i zalety wesela na 50 os\u00f3b<\/h3>\n\n\n\n<p>Wesele na 50 os\u00f3b ma swoje zalety i wady. Na plus nale\u017cy zaliczy\u0107 kameraln\u0105 atmosfer\u0119 i mo\u017cliwo\u015b\u0107 zorganizowania bardziej intymnej uroczysto\u015bci. Wi\u0119ksze wesele zwykle wi\u0105\u017ce si\u0119 z problemami organizacyjnymi i wi\u0119kszymi wydatkami, jak r\u00f3wnie\u017c z konieczno\u015bci\u0105 zapewnienia odpowiedniego cateringu i rozrywki. W mniejszym gronie jest to o wiele \u0142atwiejsze.<\/p>\n\n\n\n<figure class=\"wp-block-image size-large\"><a href=\"https:\/\/www.koronakarkonoszy.pl\/wesele\/\" target=\"_blank\" rel=\"noreferrer noopener\"><img loading=\"lazy\" decoding=\"async\" width=\"1024\" height=\"512\" src=\"https:\/\/www.koronakarkonoszy.pl\/blog\/wp-content\/uploads\/2020\/01\/stylowy_dwor_wesleny_DKK-3-1024x512.jpg\" alt=\"\" class=\"wp-image-3921\" srcset=\"https:\/\/www.koronakarkonoszy.pl\/blog\/wp-content\/uploads\/2020\/01\/stylowy_dwor_wesleny_DKK-3-1024x512.jpg 1024w, https:\/\/www.koronakarkonoszy.pl\/blog\/wp-content\/uploads\/2020\/01\/stylowy_dwor_wesleny_DKK-3-300x150.jpg 300w, https:\/\/www.koronakarkonoszy.pl\/blog\/wp-content\/uploads\/2020\/01\/stylowy_dwor_wesleny_DKK-3-768x384.jpg 768w, https:\/\/www.koronakarkonoszy.pl\/blog\/wp-content\/uploads\/2020\/01\/stylowy_dwor_wesleny_DKK-3.jpg 1200w\" sizes=\"auto, (max-width: 1024px) 100vw, 1024px\" \/><\/a><\/figure>\n\n\n\n<p>Jednak\u017ce wesele na 50 os\u00f3b tak\u017ce wymaga starannej organizacji i planowania. Wszystkie elementy uroczysto\u015bci, od zaprosze\u0144 po dekoracje, musz\u0105 by\u0107 dostosowane do liczby go\u015bci i powinny by\u0107 dok\u0142adnie przemy\u015blane, aby stworzy\u0107 pi\u0119kne i niezapomniane wspomnienia. Wesele na 50 os\u00f3b nie musi by\u0107 mniej uroczyste i mniej wspania\u0142e ni\u017c wi\u0119ksze wesele. Odpowiednia oprawa muzyczna, dekoracje i wystr\u00f3j, a tak\u017ce dobre jedzenie i napoje stworz\u0105 wspania\u0142\u0105 atmosfer\u0119, kt\u00f3ra na d\u0142ugo pozostanie w pami\u0119ci zar\u00f3wno M\u0142odej Pary, jak i go\u015bci.<\/p>\n","protected":false},"excerpt":{"rendered":"<p>Marzycie o tym, aby zorganizowa\u0107 niezapomniane wesele na 50 os\u00f3b? Niezale\u017cnie od tego, czy podj\u0119li\u015bcie tak\u0105 decyzj\u0119, poniewa\u017c cenicie sobie kameralny klimat, dysponujecie ograniczonym bud\u017cetem, czy macie ma\u0142\u0105 rodzin\u0119, z pewno\u015bci\u0105 chcecie sp\u0119dzi\u0107 wspania\u0142e chwile w gronie najbli\u017cszych. Przygotowali\u015bmy gar\u015b\u0107 wskaz\u00f3wek, kt\u00f3re pomog\u0105 Wam zaplanowa\u0107 romantyczne przyj\u0119cie! Czego si\u0119 dowiesz z artyku\u0142u? Planowanie wesela to [&hellip;]<\/p>\n","protected":false},"author":11,"featured_media":3178,"comment_status":"closed","ping_status":"closed","sticky":false,"template":"","format":"standard","meta":{"_acf_changed":false,"footnotes":""},"categories":[2],"class_list":["post-3173","post","type-post","status-publish","format-standard","has-post-thumbnail","hentry","category-porady"],"acf":[],"yoast_head":"<!-- This site is optimized with the Yoast SEO plugin v27.5 - https:\/\/yoast.com\/product\/yoast-seo-wordpress\/ -->\n<title>Wesele na 50 os\u00f3b - z czym to si\u0119 wi\u0105\u017ce? - :: Blog weselny<\/title>\n<meta name=\"description\" content=\"Marzycie o tym, by zorganizowa\u0107 niezapomniane wesele na 50 os\u00f3b? Przygotowali\u015bmy wskaz\u00f3wki, kt\u00f3re pomog\u0105 Wam zaplanowa\u0107 idealne przyj\u0119cie!\" \/>\n<meta name=\"robots\" content=\"index, follow, max-snippet:-1, max-image-preview:large, max-video-preview:-1\" \/>\n<link rel=\"canonical\" href=\"https:\/\/www.koronakarkonoszy.pl\/blog\/wesele-na-50-osob\/\" \/>\n<meta property=\"og:locale\" content=\"pl_PL\" \/>\n<meta property=\"og:type\" content=\"article\" \/>\n<meta property=\"og:title\" content=\"Wesele na 50 os\u00f3b - z czym to si\u0119 wi\u0105\u017ce? - :: Blog weselny\" \/>\n<meta property=\"og:description\" content=\"Marzycie o tym, by zorganizowa\u0107 niezapomniane wesele na 50 os\u00f3b? Przygotowali\u015bmy wskaz\u00f3wki, kt\u00f3re pomog\u0105 Wam zaplanowa\u0107 idealne przyj\u0119cie!\" \/>\n<meta property=\"og:url\" content=\"https:\/\/www.koronakarkonoszy.pl\/blog\/wesele-na-50-osob\/\" \/>\n<meta property=\"og:site_name\" content=\":: Blog weselny\" \/>\n<meta property=\"article:published_time\" content=\"2024-07-11T16:41:00+00:00\" \/>\n<meta property=\"article:modified_time\" content=\"2024-08-11T21:55:05+00:00\" \/>\n<meta property=\"og:image\" content=\"https:\/\/www.koronakarkonoszy.pl\/blog\/wp-content\/uploads\/2022\/02\/jordan-arnold-Ul07QK2AR-0-unsplash.jpg\" \/>\n\t<meta property=\"og:image:width\" content=\"1920\" \/>\n\t<meta property=\"og:image:height\" content=\"1280\" \/>\n\t<meta property=\"og:image:type\" content=\"image\/jpeg\" \/>\n<meta name=\"author\" content=\"agnieszka\" \/>\n<meta name=\"twitter:card\" content=\"summary_large_image\" \/>\n<meta name=\"twitter:label1\" content=\"Napisane przez\" \/>\n\t<meta name=\"twitter:data1\" content=\"agnieszka\" \/>\n\t<meta name=\"twitter:label2\" content=\"Szacowany czas czytania\" \/>\n\t<meta name=\"twitter:data2\" content=\"14 minut\" \/>\n<script type=\"application\/ld+json\" class=\"yoast-schema-graph\">{\"@context\":\"https:\\\/\\\/schema.org\",\"@graph\":[{\"@type\":\"Article\",\"@id\":\"https:\\\/\\\/www.koronakarkonoszy.pl\\\/blog\\\/wesele-na-50-osob\\\/#article\",\"isPartOf\":{\"@id\":\"https:\\\/\\\/www.koronakarkonoszy.pl\\\/blog\\\/wesele-na-50-osob\\\/\"},\"author\":{\"name\":\"agnieszka\",\"@id\":\"https:\\\/\\\/www.koronakarkonoszy.pl\\\/blog\\\/#\\\/schema\\\/person\\\/ec8c88bd01ebe6cbf6a16435ce22276f\"},\"headline\":\"Wesele na 50 os\u00f3b &#8211; z czym to si\u0119 wi\u0105\u017ce?\",\"datePublished\":\"2024-07-11T16:41:00+00:00\",\"dateModified\":\"2024-08-11T21:55:05+00:00\",\"mainEntityOfPage\":{\"@id\":\"https:\\\/\\\/www.koronakarkonoszy.pl\\\/blog\\\/wesele-na-50-osob\\\/\"},\"wordCount\":2480,\"image\":{\"@id\":\"https:\\\/\\\/www.koronakarkonoszy.pl\\\/blog\\\/wesele-na-50-osob\\\/#primaryimage\"},\"thumbnailUrl\":\"https:\\\/\\\/www.koronakarkonoszy.pl\\\/blog\\\/wp-content\\\/uploads\\\/2022\\\/02\\\/jordan-arnold-Ul07QK2AR-0-unsplash.jpg\",\"articleSection\":[\"Porady\"],\"inLanguage\":\"pl-PL\"},{\"@type\":\"WebPage\",\"@id\":\"https:\\\/\\\/www.koronakarkonoszy.pl\\\/blog\\\/wesele-na-50-osob\\\/\",\"url\":\"https:\\\/\\\/www.koronakarkonoszy.pl\\\/blog\\\/wesele-na-50-osob\\\/\",\"name\":\"Wesele na 50 os\u00f3b - z czym to si\u0119 wi\u0105\u017ce? - :: Blog weselny\",\"isPartOf\":{\"@id\":\"https:\\\/\\\/www.koronakarkonoszy.pl\\\/blog\\\/#website\"},\"primaryImageOfPage\":{\"@id\":\"https:\\\/\\\/www.koronakarkonoszy.pl\\\/blog\\\/wesele-na-50-osob\\\/#primaryimage\"},\"image\":{\"@id\":\"https:\\\/\\\/www.koronakarkonoszy.pl\\\/blog\\\/wesele-na-50-osob\\\/#primaryimage\"},\"thumbnailUrl\":\"https:\\\/\\\/www.koronakarkonoszy.pl\\\/blog\\\/wp-content\\\/uploads\\\/2022\\\/02\\\/jordan-arnold-Ul07QK2AR-0-unsplash.jpg\",\"datePublished\":\"2024-07-11T16:41:00+00:00\",\"dateModified\":\"2024-08-11T21:55:05+00:00\",\"author\":{\"@id\":\"https:\\\/\\\/www.koronakarkonoszy.pl\\\/blog\\\/#\\\/schema\\\/person\\\/ec8c88bd01ebe6cbf6a16435ce22276f\"},\"description\":\"Marzycie o tym, by zorganizowa\u0107 niezapomniane wesele na 50 os\u00f3b? Przygotowali\u015bmy wskaz\u00f3wki, kt\u00f3re pomog\u0105 Wam zaplanowa\u0107 idealne przyj\u0119cie!\",\"breadcrumb\":{\"@id\":\"https:\\\/\\\/www.koronakarkonoszy.pl\\\/blog\\\/wesele-na-50-osob\\\/#breadcrumb\"},\"inLanguage\":\"pl-PL\",\"potentialAction\":[{\"@type\":\"ReadAction\",\"target\":[\"https:\\\/\\\/www.koronakarkonoszy.pl\\\/blog\\\/wesele-na-50-osob\\\/\"]}]},{\"@type\":\"ImageObject\",\"inLanguage\":\"pl-PL\",\"@id\":\"https:\\\/\\\/www.koronakarkonoszy.pl\\\/blog\\\/wesele-na-50-osob\\\/#primaryimage\",\"url\":\"https:\\\/\\\/www.koronakarkonoszy.pl\\\/blog\\\/wp-content\\\/uploads\\\/2022\\\/02\\\/jordan-arnold-Ul07QK2AR-0-unsplash.jpg\",\"contentUrl\":\"https:\\\/\\\/www.koronakarkonoszy.pl\\\/blog\\\/wp-content\\\/uploads\\\/2022\\\/02\\\/jordan-arnold-Ul07QK2AR-0-unsplash.jpg\",\"width\":1920,\"height\":1280},{\"@type\":\"BreadcrumbList\",\"@id\":\"https:\\\/\\\/www.koronakarkonoszy.pl\\\/blog\\\/wesele-na-50-osob\\\/#breadcrumb\",\"itemListElement\":[{\"@type\":\"ListItem\",\"position\":1,\"name\":\"Strona g\u0142\u00f3wna\",\"item\":\"https:\\\/\\\/www.koronakarkonoszy.pl\\\/blog\\\/\"},{\"@type\":\"ListItem\",\"position\":2,\"name\":\"Wesele na 50 os\u00f3b &#8211; z czym to si\u0119 wi\u0105\u017ce?\"}]},{\"@type\":\"WebSite\",\"@id\":\"https:\\\/\\\/www.koronakarkonoszy.pl\\\/blog\\\/#website\",\"url\":\"https:\\\/\\\/www.koronakarkonoszy.pl\\\/blog\\\/\",\"name\":\":: Blog weselny\",\"description\":\"Blog weselny Dw\u00f3r Korona Karkonoszy\",\"potentialAction\":[{\"@type\":\"SearchAction\",\"target\":{\"@type\":\"EntryPoint\",\"urlTemplate\":\"https:\\\/\\\/www.koronakarkonoszy.pl\\\/blog\\\/?s={search_term_string}\"},\"query-input\":{\"@type\":\"PropertyValueSpecification\",\"valueRequired\":true,\"valueName\":\"search_term_string\"}}],\"inLanguage\":\"pl-PL\"},{\"@type\":\"Person\",\"@id\":\"https:\\\/\\\/www.koronakarkonoszy.pl\\\/blog\\\/#\\\/schema\\\/person\\\/ec8c88bd01ebe6cbf6a16435ce22276f\",\"name\":\"agnieszka\",\"image\":{\"@type\":\"ImageObject\",\"inLanguage\":\"pl-PL\",\"@id\":\"https:\\\/\\\/www.koronakarkonoszy.pl\\\/blog\\\/wp-content\\\/litespeed\\\/avatar\\\/53ee7b676463f74d0aea1a09de3d003b.jpg?ver=1777438794\",\"url\":\"https:\\\/\\\/www.koronakarkonoszy.pl\\\/blog\\\/wp-content\\\/litespeed\\\/avatar\\\/53ee7b676463f74d0aea1a09de3d003b.jpg?ver=1777438794\",\"contentUrl\":\"https:\\\/\\\/www.koronakarkonoszy.pl\\\/blog\\\/wp-content\\\/litespeed\\\/avatar\\\/53ee7b676463f74d0aea1a09de3d003b.jpg?ver=1777438794\",\"caption\":\"agnieszka\"},\"url\":\"https:\\\/\\\/www.koronakarkonoszy.pl\\\/blog\\\/author\\\/agnieszka\\\/\"}]}<\/script>\n<!-- \/ Yoast SEO plugin. -->","yoast_head_json":{"title":"Wesele na 50 os\u00f3b - z czym to si\u0119 wi\u0105\u017ce? - :: Blog weselny","description":"Marzycie o tym, by zorganizowa\u0107 niezapomniane wesele na 50 os\u00f3b? Przygotowali\u015bmy wskaz\u00f3wki, kt\u00f3re pomog\u0105 Wam zaplanowa\u0107 idealne przyj\u0119cie!","robots":{"index":"index","follow":"follow","max-snippet":"max-snippet:-1","max-image-preview":"max-image-preview:large","max-video-preview":"max-video-preview:-1"},"canonical":"https:\/\/www.koronakarkonoszy.pl\/blog\/wesele-na-50-osob\/","og_locale":"pl_PL","og_type":"article","og_title":"Wesele na 50 os\u00f3b - z czym to si\u0119 wi\u0105\u017ce? - :: Blog weselny","og_description":"Marzycie o tym, by zorganizowa\u0107 niezapomniane wesele na 50 os\u00f3b? Przygotowali\u015bmy wskaz\u00f3wki, kt\u00f3re pomog\u0105 Wam zaplanowa\u0107 idealne przyj\u0119cie!","og_url":"https:\/\/www.koronakarkonoszy.pl\/blog\/wesele-na-50-osob\/","og_site_name":":: Blog weselny","article_published_time":"2024-07-11T16:41:00+00:00","article_modified_time":"2024-08-11T21:55:05+00:00","og_image":[{"width":1920,"height":1280,"url":"https:\/\/www.koronakarkonoszy.pl\/blog\/wp-content\/uploads\/2022\/02\/jordan-arnold-Ul07QK2AR-0-unsplash.jpg","type":"image\/jpeg"}],"author":"agnieszka","twitter_card":"summary_large_image","twitter_misc":{"Napisane przez":"agnieszka","Szacowany czas czytania":"14 minut"},"schema":{"@context":"https:\/\/schema.org","@graph":[{"@type":"Article","@id":"https:\/\/www.koronakarkonoszy.pl\/blog\/wesele-na-50-osob\/#article","isPartOf":{"@id":"https:\/\/www.koronakarkonoszy.pl\/blog\/wesele-na-50-osob\/"},"author":{"name":"agnieszka","@id":"https:\/\/www.koronakarkonoszy.pl\/blog\/#\/schema\/person\/ec8c88bd01ebe6cbf6a16435ce22276f"},"headline":"Wesele na 50 os\u00f3b &#8211; z czym to si\u0119 wi\u0105\u017ce?","datePublished":"2024-07-11T16:41:00+00:00","dateModified":"2024-08-11T21:55:05+00:00","mainEntityOfPage":{"@id":"https:\/\/www.koronakarkonoszy.pl\/blog\/wesele-na-50-osob\/"},"wordCount":2480,"image":{"@id":"https:\/\/www.koronakarkonoszy.pl\/blog\/wesele-na-50-osob\/#primaryimage"},"thumbnailUrl":"https:\/\/www.koronakarkonoszy.pl\/blog\/wp-content\/uploads\/2022\/02\/jordan-arnold-Ul07QK2AR-0-unsplash.jpg","articleSection":["Porady"],"inLanguage":"pl-PL"},{"@type":"WebPage","@id":"https:\/\/www.koronakarkonoszy.pl\/blog\/wesele-na-50-osob\/","url":"https:\/\/www.koronakarkonoszy.pl\/blog\/wesele-na-50-osob\/","name":"Wesele na 50 os\u00f3b - z czym to si\u0119 wi\u0105\u017ce? - :: Blog weselny","isPartOf":{"@id":"https:\/\/www.koronakarkonoszy.pl\/blog\/#website"},"primaryImageOfPage":{"@id":"https:\/\/www.koronakarkonoszy.pl\/blog\/wesele-na-50-osob\/#primaryimage"},"image":{"@id":"https:\/\/www.koronakarkonoszy.pl\/blog\/wesele-na-50-osob\/#primaryimage"},"thumbnailUrl":"https:\/\/www.koronakarkonoszy.pl\/blog\/wp-content\/uploads\/2022\/02\/jordan-arnold-Ul07QK2AR-0-unsplash.jpg","datePublished":"2024-07-11T16:41:00+00:00","dateModified":"2024-08-11T21:55:05+00:00","author":{"@id":"https:\/\/www.koronakarkonoszy.pl\/blog\/#\/schema\/person\/ec8c88bd01ebe6cbf6a16435ce22276f"},"description":"Marzycie o tym, by zorganizowa\u0107 niezapomniane wesele na 50 os\u00f3b? Przygotowali\u015bmy wskaz\u00f3wki, kt\u00f3re pomog\u0105 Wam zaplanowa\u0107 idealne przyj\u0119cie!","breadcrumb":{"@id":"https:\/\/www.koronakarkonoszy.pl\/blog\/wesele-na-50-osob\/#breadcrumb"},"inLanguage":"pl-PL","potentialAction":[{"@type":"ReadAction","target":["https:\/\/www.koronakarkonoszy.pl\/blog\/wesele-na-50-osob\/"]}]},{"@type":"ImageObject","inLanguage":"pl-PL","@id":"https:\/\/www.koronakarkonoszy.pl\/blog\/wesele-na-50-osob\/#primaryimage","url":"https:\/\/www.koronakarkonoszy.pl\/blog\/wp-content\/uploads\/2022\/02\/jordan-arnold-Ul07QK2AR-0-unsplash.jpg","contentUrl":"https:\/\/www.koronakarkonoszy.pl\/blog\/wp-content\/uploads\/2022\/02\/jordan-arnold-Ul07QK2AR-0-unsplash.jpg","width":1920,"height":1280},{"@type":"BreadcrumbList","@id":"https:\/\/www.koronakarkonoszy.pl\/blog\/wesele-na-50-osob\/#breadcrumb","itemListElement":[{"@type":"ListItem","position":1,"name":"Strona g\u0142\u00f3wna","item":"https:\/\/www.koronakarkonoszy.pl\/blog\/"},{"@type":"ListItem","position":2,"name":"Wesele na 50 os\u00f3b &#8211; z czym to si\u0119 wi\u0105\u017ce?"}]},{"@type":"WebSite","@id":"https:\/\/www.koronakarkonoszy.pl\/blog\/#website","url":"https:\/\/www.koronakarkonoszy.pl\/blog\/","name":":: Blog weselny","description":"Blog weselny Dw\u00f3r Korona Karkonoszy","potentialAction":[{"@type":"SearchAction","target":{"@type":"EntryPoint","urlTemplate":"https:\/\/www.koronakarkonoszy.pl\/blog\/?s={search_term_string}"},"query-input":{"@type":"PropertyValueSpecification","valueRequired":true,"valueName":"search_term_string"}}],"inLanguage":"pl-PL"},{"@type":"Person","@id":"https:\/\/www.koronakarkonoszy.pl\/blog\/#\/schema\/person\/ec8c88bd01ebe6cbf6a16435ce22276f","name":"agnieszka","image":{"@type":"ImageObject","inLanguage":"pl-PL","@id":"https:\/\/www.koronakarkonoszy.pl\/blog\/wp-content\/litespeed\/avatar\/53ee7b676463f74d0aea1a09de3d003b.jpg?ver=1777438794","url":"https:\/\/www.koronakarkonoszy.pl\/blog\/wp-content\/litespeed\/avatar\/53ee7b676463f74d0aea1a09de3d003b.jpg?ver=1777438794","contentUrl":"https:\/\/www.koronakarkonoszy.pl\/blog\/wp-content\/litespeed\/avatar\/53ee7b676463f74d0aea1a09de3d003b.jpg?ver=1777438794","caption":"agnieszka"},"url":"https:\/\/www.koronakarkonoszy.pl\/blog\/author\/agnieszka\/"}]}},"_links":{"self":[{"href":"https:\/\/www.koronakarkonoszy.pl\/blog\/wp-json\/wp\/v2\/posts\/3173","targetHints":{"allow":["GET"]}}],"collection":[{"href":"https:\/\/www.koronakarkonoszy.pl\/blog\/wp-json\/wp\/v2\/posts"}],"about":[{"href":"https:\/\/www.koronakarkonoszy.pl\/blog\/wp-json\/wp\/v2\/types\/post"}],"author":[{"embeddable":true,"href":"https:\/\/www.koronakarkonoszy.pl\/blog\/wp-json\/wp\/v2\/users\/11"}],"replies":[{"embeddable":true,"href":"https:\/\/www.koronakarkonoszy.pl\/blog\/wp-json\/wp\/v2\/comments?post=3173"}],"version-history":[{"count":2,"href":"https:\/\/www.koronakarkonoszy.pl\/blog\/wp-json\/wp\/v2\/posts\/3173\/revisions"}],"predecessor-version":[{"id":11390,"href":"https:\/\/www.koronakarkonoszy.pl\/blog\/wp-json\/wp\/v2\/posts\/3173\/revisions\/11390"}],"wp:featuredmedia":[{"embeddable":true,"href":"https:\/\/www.koronakarkonoszy.pl\/blog\/wp-json\/wp\/v2\/media\/3178"}],"wp:attachment":[{"href":"https:\/\/www.koronakarkonoszy.pl\/blog\/wp-json\/wp\/v2\/media?parent=3173"}],"wp:term":[{"taxonomy":"category","embeddable":true,"href":"https:\/\/www.koronakarkonoszy.pl\/blog\/wp-json\/wp\/v2\/categories?post=3173"}],"curies":[{"name":"wp","href":"https:\/\/api.w.org\/{rel}","templated":true}]}}