{"id":2864,"date":"2023-09-04T13:14:35","date_gmt":"2023-09-04T11:14:35","guid":{"rendered":"https:\/\/www.koronakarkonoszy.pl\/blog\/?p=2864"},"modified":"2024-12-11T11:54:15","modified_gmt":"2024-12-11T10:54:15","slug":"nocleg-dla-gosci-weselnych-koniecznosc-czy-dodatek","status":"publish","type":"post","link":"https:\/\/www.koronakarkonoszy.pl\/blog\/nocleg-dla-gosci-weselnych-koniecznosc-czy-dodatek\/","title":{"rendered":"Nocleg dla go\u015bci weselnych \u2013 konieczno\u015b\u0107 czy dodatek?"},"content":{"rendered":"\n<p><strong>Ka\u017cda Para M\u0142oda pragnie, aby go\u015bcie zaproszeni do wsp\u00f3lnego \u015bwi\u0119towania dnia za\u015blubin dobrze czuli si\u0119 podczas ceremonii i przyj\u0119cia weselnego. W jakich przypadkach warto zorganizowa\u0107 nocleg dla go\u015bci weselnych? Kto powinien za niego zap\u0142aci\u0107?&nbsp;Podpowiadamy! <\/strong><\/p>\n\n\n<div id=\"ariadna-block_f28cf8358876a6f55db79ffca866868a\" class=\"ariadna\">\r\n    <ul><li><a href=\"#h-nocleg-dla-go-ci-weselnych-obowi-zek-pary-m-odej\">Nocleg dla go\u015bci weselnych &#8211; obowi\u0105zek Pary M\u0142odej?<\/a><\/li><li><a href=\"#h-kto-placi-za-nocleg-dla-gosci-weselnych\">Kto p\u0142aci za nocleg dla go\u015bci weselnych?<\/a><\/li><li><a href=\"#h-wesele-z-noclegiem\">Wesele z noclegiem dla go\u015bci weselnych<\/a><\/li><li><a href=\"#h-nocleg-dla-gosci-weselnych-w-innym-obiekcie-niz-slub\">Nocleg dla go\u015bci weselnych w innym obiekcie ni\u017c \u015blub<\/a><\/li><li><a href=\"#h-kilkudniowy-nocleg-dla-go-ci-czyli-wesele-z-przytupem\">Kilkudniowy nocleg dla go\u015bci weselnych, czyli wesele z przytupem<\/a><\/li><li><a href=\"#h-a-moze-nocleg-u-znajomych\">A mo\u017ce nocleg u znajomych?<\/a><\/li><li><a href=\"#ha-wesele-wyjazdowe\">Wesele wyjazdowe<\/a><\/li><li><a href=\"#h-nocleg-dla-gosci-weselnych-o-czym-pamietac\">Nocleg dla go\u015bci weselnych \u2013 o czym pami\u0119ta\u0107?<\/a><\/li><\/ul>\r\n<\/div>\r\n\r\n\r\n\r\n\n\n\n<h2 class=\"wp-block-heading\" id=\"h-nocleg-dla-go-ci-weselnych-obowi-zek-pary-m-odej\"><strong>Nocleg dla go\u015bci weselnych &#8211; obowi\u0105zek Pary M\u0142odej?<\/strong><\/h2>\n\n\n\n<p>Polacy s\u0105 znani z go\u015bcinno\u015bci, co wida\u0107 mi\u0119dzy innymi na weselach. Przyszli nowo\u017ce\u0144cy robi\u0105 wszystko, aby <a href=\"https:\/\/www.koronakarkonoszy.pl\/blog\/goscie-na-weselu\/\" target=\"_blank\" rel=\"noreferrer noopener\">go\u015bcie na weselu<\/a> czuli si\u0119 komfortowo. <a href=\"https:\/\/www.koronakarkonoszy.pl\/imprezy-firmowe\/\" target=\"_blank\" rel=\"noreferrer noopener\">Impreza<\/a> weselna to bowiem czas dobrej zabawy, mi\u0142o\u015bci i rado\u015bci! Tu nie ma czasu na smutek, z\u0142e samopoczucie czy narzekanie.<\/p>\n\n\n\n<p>Po zako\u0144czeniu wesela Para M\u0142oda mo\u017ce pom\u00f3c go\u015bciom dotrze\u0107 do dom\u00f3w (na przyk\u0142ad poprzez zam\u00f3wienie specjalnego autokaru) lub zorganizowa\u0107 im nocleg w wybranym obiekcie. W przypadku klasycznych wesel w niedalekiej odleg\u0142o\u015bci od miasta (lub w mie\u015bcie) nocleg dla go\u015bci jest tylko mi\u0142ym dodatkiem. Para M\u0142oda mo\u017ce zaoferowa\u0107 weselnikom zakwaterowanie w <a href=\"https:\/\/www.koronakarkonoszy.pl\/blog\/styl-butikowy-najnowsze-trendy-w-hotelach\/\" target=\"_blank\" rel=\"noreferrer noopener\">pokojach<\/a>, by nie musieli wraca\u0107 do dom\u00f3w po sko\u0144czonej imprezie i mogli z \u0142atwo\u015bci\u0105 przygotowa\u0107 si\u0119 na poprawiny, kt\u00f3re odb\u0119d\u0105 si\u0119 nast\u0119pnego dnia.<\/p>\n\n\n\n<figure class=\"wp-block-image size-full\"><img loading=\"lazy\" decoding=\"async\" width=\"717\" height=\"478\" src=\"https:\/\/www.koronakarkonoszy.pl\/blog\/wp-content\/uploads\/2022\/12\/wesele-Wroclaw-3.jpg\" alt=\"\" class=\"wp-image-6542\" srcset=\"https:\/\/www.koronakarkonoszy.pl\/blog\/wp-content\/uploads\/2022\/12\/wesele-Wroclaw-3.jpg 717w, https:\/\/www.koronakarkonoszy.pl\/blog\/wp-content\/uploads\/2022\/12\/wesele-Wroclaw-3-300x200.jpg 300w\" sizes=\"auto, (max-width: 717px) 100vw, 717px\" \/><figcaption class=\"wp-element-caption\"><strong>Wesele w g\u00f3rach &#8211; <a href=\"https:\/\/www.koronakarkonoszy.pl\/wesele\/\" target=\"_blank\" rel=\"noreferrer noopener\">Dw\u00f3r Korona Karkonoszy<\/a>, <a href=\"https:\/\/www.koronakarkonoszy.pl\/blog-atrakcje\/sosnowka\/\" class=\"links-placer\">Sosn\u00f3wka<\/a> k. Karpacza <\/strong><\/figcaption><\/figure>\n\n\n\n<p>Coraz wi\u0119cej par decyduje si\u0119 na takie rozwi\u0105zanie, cho\u0107 wesele samo w sobie jest ju\u017c du\u017cym wydatkiem, a <strong>organizacja noclegu dla go\u015bci<\/strong> to dodatkowe koszty, kt\u00f3re mog\u0105 podnie\u015b\u0107 ostateczn\u0105 cen\u0119 wydarzenia o nawet kilka tysi\u0119cy z\u0142otych. Je\u015bli mamy ograniczone \u015brodki, najlepszym rozwi\u0105zaniem jest zapewnienie noclegu wy\u0142\u0105cznie tym go\u015bciom, kt\u00f3rzy na wesele przyje\u017cd\u017caj\u0105 z daleka. Reszcie mo\u017cna zaproponowa\u0107 pomoc w organizacji zakwaterowania na ich koszt lub transport do domu podstawionym autokarem.<\/p>\n\n\n\n<figure class=\"wp-block-image size-large\"><a href=\"https:\/\/www.koronakarkonoszy.pl\/wesele\/\" target=\"_blank\" rel=\"noreferrer noopener\"><img loading=\"lazy\" decoding=\"async\" width=\"1024\" height=\"512\" src=\"https:\/\/www.koronakarkonoszy.pl\/blog\/wp-content\/uploads\/2022\/01\/stylowy_dwor_wesleny_DKK-4-1024x512.jpg\" alt=\"\" class=\"wp-image-4627\" srcset=\"https:\/\/www.koronakarkonoszy.pl\/blog\/wp-content\/uploads\/2022\/01\/stylowy_dwor_wesleny_DKK-4-1024x512.jpg 1024w, https:\/\/www.koronakarkonoszy.pl\/blog\/wp-content\/uploads\/2022\/01\/stylowy_dwor_wesleny_DKK-4-300x150.jpg 300w, https:\/\/www.koronakarkonoszy.pl\/blog\/wp-content\/uploads\/2022\/01\/stylowy_dwor_wesleny_DKK-4-768x384.jpg 768w, https:\/\/www.koronakarkonoszy.pl\/blog\/wp-content\/uploads\/2022\/01\/stylowy_dwor_wesleny_DKK-4.jpg 1200w\" sizes=\"auto, (max-width: 1024px) 100vw, 1024px\" \/><\/a><\/figure>\n\n\n\n<p>Inaczej sprawa wygl\u0105da przy weselach wyjazdowych, czyli tych organizowanych w dalekiej odleg\u0142o\u015bci od miejsca zamieszkania wi\u0119kszo\u015bci go\u015bci. Trudno wyobrazi\u0107 sobie powr\u00f3t do domu oddalonego o kilkadziesi\u0105t czy nawet kilkaset kilometr\u00f3w od <a href=\"https:\/\/www.koronakarkonoszy.pl\/blog\/sala-weselna\/\" target=\"_blank\" rel=\"noreferrer noopener\">sali weselnej<\/a> po ca\u0142onocnej imprezie, by dos\u0142ownie kilka godzin p\u00f3\u017aniej stawi\u0107 si\u0119 na poprawinach. W takich okoliczno\u015bciach wr\u0119cz wypada zorganizowa\u0107 <a href=\"https:\/\/www.koronakarkonoszy.pl\/blog\/wesele-z-noclegiem\/\" target=\"_blank\" rel=\"noreferrer noopener\">wesele z noclegiem <\/a>w wybranym obiekcie wypoczynkowym. Kto powinien zap\u0142aci\u0107 za nocleg dla go\u015bci?<\/p>\n\n\n<section id=\"leonardo-block_248db99e0eb3dda0aece08e269a23f8e\" class=\"leonardo page-breaker leonardo-image-right\">\r\n    <div class=\"leonardo-body\">\r\n        <h2 class=\"leonardo-title\" id=\"h-kto-placi-za-nocleg-dla-gosci-weselnych\">Kto p\u0142aci za nocleg dla go\u015bci weselnych?<\/h2>        <div class=\"leonardo-content\"><p>Nie ma pisanej zasady, reguluj\u0105cej to, kto powinien pokry\u0107 koszty noclegu dla go\u015bci weselnych. Niekt\u00f3rzy twierdz\u0105, \u017ce zgodnie ze \u015blubn\u0105 etykiet\u0105, za zakwaterowanie go\u015bci p\u0142aci Para M\u0142oda. W praktyce wygl\u0105da to jednak nieco inaczej. Nie ka\u017cda para mo\u017ce pozwoli\u0107 sobie na dodatkowe koszty. <a href=\"https:\/\/www.koronakarkonoszy.pl\/blog\/organizacja-wesel-od-a-do-z\/\" target=\"_blank\" rel=\"noopener\">Organizacja \u015blubu<\/a> i wesela sama w sobie jest du\u017cym wydatkiem. Dodanie do tego koszt\u00f3w noclegu 100 czy 150 os\u00f3b sprawi, \u017ce kwota uro\u015bnie do niebotycznych rozmiar\u00f3w.<\/p>\n<p>Je\u015bli nie sta\u0107 nas na op\u0142acenie zakwaterowania, a jednocze\u015bnie nie chcemy ogranicza\u0107 liczby weselnik\u00f3w, powinni\u015bmy szczerze porozmawia\u0107 z go\u015b\u0107mi, przedstawi\u0107 im sytuacj\u0119 i przyzna\u0107, \u017ce nie mo\u017cemy pozwoli\u0107 sobie na dodatkowe koszty. Warto zrobi\u0107 to odpowiednio wcze\u015bniej i, w miar\u0119 mo\u017cliwo\u015bci, osobi\u015bcie. Rozmowa w cztery oczy z ca\u0142\u0105 pewno\u015bci\u0105 zostanie lepiej odebrana ni\u017c kontakt mailowy czy specjalny wierszyk w zaproszeniu.<\/p>\n<p>Nawet je\u015bli Para M\u0142oda nie jest w stanie pokry\u0107 koszt\u00f3w noclegu dla go\u015bci weselnych, powinna zaoferowa\u0107 im pomoc w organizacji owego noclegu. Gdzie zakwaterowa\u0107 weselnik\u00f3w?<\/p>\n<\/div>\r\n                    <aside class=\"leonardo-interlink\">\r\n                <b>Polecamy<\/b>\r\n                <a href=\"https:\/\/www.koronakarkonoszy.pl\/blog\/goscie-na-weselu\/\">Go\u015bcie na weselu &#8211; co zrobi\u0107 by czuli si\u0119 komfortowo?<\/a>\r\n            <\/aside>\r\n            <\/div>\r\n    <div class=\"leonardo-image\">\r\n        <img loading=\"lazy\" decoding=\"async\" width=\"1000\" height=\"857\" src=\"https:\/\/www.koronakarkonoszy.pl\/blog\/wp-content\/uploads\/2021\/07\/Stylowe_apartamenty_pokoje_saloniki.jpg\" class=\"attachment-full size-full\" alt=\"stylowe apartamenty pokoje saloniki\" srcset=\"https:\/\/www.koronakarkonoszy.pl\/blog\/wp-content\/uploads\/2021\/07\/Stylowe_apartamenty_pokoje_saloniki.jpg 1000w, https:\/\/www.koronakarkonoszy.pl\/blog\/wp-content\/uploads\/2021\/07\/Stylowe_apartamenty_pokoje_saloniki-300x257.jpg 300w, https:\/\/www.koronakarkonoszy.pl\/blog\/wp-content\/uploads\/2021\/07\/Stylowe_apartamenty_pokoje_saloniki-768x658.jpg 768w\" sizes=\"auto, (max-width: 1000px) 100vw, 1000px\" \/>            <\/div>\r\n<\/section>\n\n\n<h2 class=\"wp-block-heading\" id=\"h-wesele-z-noclegiem\"><strong>Wesele z noclegiem<\/strong> dla go\u015bci weselnych <\/h2>\n\n\n\n<p>Pierwsz\u0105 opcj\u0105 jest wynajem pokoj\u00f3w udost\u0119pnionych przez lokal, w kt\u00f3rym odb\u0119dzie si\u0119 wesele. <a href=\"https:\/\/www.koronakarkonoszy.pl\/blog\/organizacja-wesel-od-a-do-z\/\" target=\"_blank\" rel=\"noreferrer noopener\">Organizacja wesel<\/a> w hotelach, czy te\u017c dworkach to opcja, kt\u00f3ra cieszy si\u0119 du\u017c\u0105 popularno\u015bci\u0105. Zw\u0142aszcza gdy mamy zamiar urz\u0105dzi\u0107 <a href=\"https:\/\/www.koronakarkonoszy.pl\/blog\/wesele-tematyczne-fantastyczne-wesela-zima-i-latem\/\" target=\"_blank\" rel=\"noreferrer noopener\">wesele tematyczne<\/a>, na przyk\u0142ad wesele retro. Obiekty wypoczynkowe dysponuj\u0105 bowiem pi\u0119knymi, przestronnymi salami weselnymi, kt\u00f3re mog\u0105 pomie\u015bci\u0107 nawet 150 czy 200 os\u00f3b.<\/p>\n\n\n\n<figure class=\"wp-block-image size-large\"><img loading=\"lazy\" decoding=\"async\" width=\"1024\" height=\"683\" src=\"https:\/\/www.koronakarkonoszy.pl\/blog\/wp-content\/uploads\/2023\/06\/zabawa-1-1024x683.jpg\" alt=\"\" class=\"wp-image-10463\" srcset=\"https:\/\/www.koronakarkonoszy.pl\/blog\/wp-content\/uploads\/2023\/06\/zabawa-1-1024x683.jpg 1024w, https:\/\/www.koronakarkonoszy.pl\/blog\/wp-content\/uploads\/2023\/06\/zabawa-1-300x200.jpg 300w, https:\/\/www.koronakarkonoszy.pl\/blog\/wp-content\/uploads\/2023\/06\/zabawa-1-768x512.jpg 768w, https:\/\/www.koronakarkonoszy.pl\/blog\/wp-content\/uploads\/2023\/06\/zabawa-1-1920x1280.jpg 1920w, https:\/\/www.koronakarkonoszy.pl\/blog\/wp-content\/uploads\/2023\/06\/zabawa-1-1536x1024.jpg 1536w, https:\/\/www.koronakarkonoszy.pl\/blog\/wp-content\/uploads\/2023\/06\/zabawa-1-2048x1365.jpg 2048w, https:\/\/www.koronakarkonoszy.pl\/blog\/wp-content\/uploads\/2023\/06\/zabawa-1-18x12.jpg 18w\" sizes=\"auto, (max-width: 1024px) 100vw, 1024px\" \/><figcaption class=\"wp-element-caption\"><strong><a href=\"https:\/\/www.koronakarkonoszy.pl\/dworska-sala-balowa\/\" target=\"_blank\" rel=\"noreferrer noopener\">Dworska Sala Balowa,<\/a> Dw\u00f3r Korona Karkonoszy, Sosn\u00f3wka k. Karpacza <\/strong><\/figcaption><\/figure>\n\n\n\n<p>Przyk\u0142adem jest <a href=\"https:\/\/www.koronakarkonoszy.pl\/dworska-sala-balowa\/\" target=\"_blank\" rel=\"noreferrer noopener\">Dworska Sala Balowa<\/a> w Dworze Korona Karkonoszy w Sosn\u00f3wce ko\u0142o Karpacza, w kt\u00f3rej mo\u017cna wyprawi\u0107 wesele nawet na 170 os\u00f3b. Ta <a href=\"https:\/\/www.koronakarkonoszy.pl\/blog\/sala-na-wesele-co-warto-wiedziec\/\" target=\"_blank\" rel=\"noreferrer noopener\">sala na wesele<\/a> utrzymana jest w eleganckiej stylistyce, kt\u00f3ra idealnie wpisuje si\u0119 w romantyczny i wystawny charakter przyj\u0119\u0107 weselnych. Bia\u0142e, drewniane sklepienie, unosz\u0105ce si\u0119 ponad 9 metr\u00f3w nad ziemi\u0105 i ogromne okna w kszta\u0142cie \u0142uk\u00f3w nadaj\u0105 jej niepowtarzalny, wr\u0119cz bajkowy charakter.&nbsp;<\/p>\n\n\n\n<figure class=\"wp-block-image size-large is-resized\"><img loading=\"lazy\" decoding=\"async\" width=\"1024\" height=\"682\" src=\"https:\/\/www.koronakarkonoszy.pl\/blog\/wp-content\/uploads\/2022\/01\/Zabawy-weselne-integracyjne-2-1024x682.jpg\" alt=\"\" class=\"wp-image-2583\" style=\"width:840px;height:559px\" srcset=\"https:\/\/www.koronakarkonoszy.pl\/blog\/wp-content\/uploads\/2022\/01\/Zabawy-weselne-integracyjne-2-1024x682.jpg 1024w, https:\/\/www.koronakarkonoszy.pl\/blog\/wp-content\/uploads\/2022\/01\/Zabawy-weselne-integracyjne-2-300x200.jpg 300w, https:\/\/www.koronakarkonoszy.pl\/blog\/wp-content\/uploads\/2022\/01\/Zabawy-weselne-integracyjne-2-768x512.jpg 768w, https:\/\/www.koronakarkonoszy.pl\/blog\/wp-content\/uploads\/2022\/01\/Zabawy-weselne-integracyjne-2.jpg 1255w\" sizes=\"auto, (max-width: 1024px) 100vw, 1024px\" \/><figcaption class=\"wp-element-caption\"><strong>Wesele w g\u00f3rach &#8211; <a href=\"https:\/\/www.koronakarkonoszy.pl\/wesele\/\" target=\"_blank\" rel=\"noreferrer noopener\">Dw\u00f3r Korona Karkonoszy<\/a>, Sosn\u00f3wka k. Karpacza <\/strong><\/figcaption><\/figure>\n\n\n\n<p>Wesele z noclegiem to komfortowe rozwi\u0105zanie. Go\u015bcie, zm\u0119czeni ca\u0142onocnym biesiadowaniem i radosnym balowaniem na parkiecie, mog\u0105 od razu uda\u0107 si\u0119 do wcze\u015bniej zarezerwowanych pokoj\u00f3w. Nie musz\u0105 traci\u0107 czasu na dojazd do domu. Plusem jest r\u00f3wnie\u017c mo\u017cliwo\u015b\u0107 odpoczynku lub od\u015bwie\u017cenia si\u0119 w swoim pokoju w trakcie <a href=\"https:\/\/www.koronakarkonoszy.pl\/imprezy-firmowe\/\" target=\"_blank\" rel=\"noreferrer noopener\">imprezy<\/a>. Nast\u0119pnego dnia w tym samym obiekcie mo\u017cna zorganizowa\u0107 poprawiny weselne w formie uroczystego \u015bniadania lub obiadu.\u00a0<\/p>\n\n\n\n<p>Warto wspomnie\u0107, \u017ce <a href=\"https:\/\/www.koronakarkonoszy.pl\/blog\/zamek-palac-czy-dwor-jakie-miejsce-na-wesele-wybrac\/\" target=\"_blank\" rel=\"noreferrer noopener\">hotele, dworki b\u0105d\u017a sale weselne<\/a> dysponuj\u0105ce miejscami noclegowymi cz\u0119sto oferuj\u0105 rozmaite zni\u017cki, dzi\u0119ki czemu nocleg dla go\u015bci weselnych mo\u017cna zarezerwowa\u0107 znacznie taniej.<\/p>\n\n\n<section id=\"leonardo-block_126f0ce70152e3160af0c2525a43cf6f\" class=\"leonardo page-breaker leonardo-image-left\">\r\n    <div class=\"leonardo-body\">\r\n        <h2 class=\"leonardo-title\" id=\"h-nocleg-dla-gosci-weselnych-w-innym-obiekcie-niz-slub\">Nocleg dla go\u015bci weselnych w innym obiekcie ni\u017c \u015blub<\/h2>        <div class=\"leonardo-content\"><p>Alternatyw\u0105 dla wesela z noclegiem jest zakwaterowanie go\u015bci w innym obiekcie. Wybrany <a href=\"https:\/\/www.koronakarkonoszy.pl\/blog\/hotel-na-wesele\/\" target=\"_blank\" rel=\"noopener\">hotel<\/a> powinien znajdowa\u0107 si\u0119 w niedalekiej odleg\u0142o\u015bci od sali weselnej, aby go\u015bcie bez problemu mogli dotrze\u0107 na miejsce. Je\u015bli obiekt usytuowany jest nieco dalej, warto zorganizowa\u0107 transport dla go\u015bci.<\/p>\n<p>Narzeczeni, organizuj\u0105c wesele w du\u017cym mie\u015bcie, zwykle do wyboru maj\u0105 kilka <a href=\"https:\/\/www.koronakarkonoszy.pl\/blog\/styl-butikowy-najnowsze-trendy-w-hotelach\/\" target=\"_blank\" rel=\"noopener\">hoteli<\/a>, pensjonat\u00f3w czy dwork\u00f3w, w kt\u00f3rych mog\u0105 zakwaterowa\u0107 go\u015bci. W takim przypadku warto przygotowa\u0107 zestawienie najciekawszych opcji w r\u00f3\u017cnych przedzia\u0142ach cenowych, by go\u015bcie mogli samodzielnie zdecydowa\u0107, gdzie chc\u0105 spa\u0107. Warto stworzy\u0107 r\u00f3wnie\u017c specjaln\u0105 mapk\u0119, kt\u00f3ra u\u0142atwi im dojazd w wybrane miejsce.<\/p>\n<\/div>\r\n                    <aside class=\"leonardo-interlink\">\r\n                <b>Polecamy<\/b>\r\n                <a href=\"https:\/\/www.koronakarkonoszy.pl\/blog\/dworki-weselne\/\">Dworki weselne czy klasyczne obiekty? Tu najcz\u0119\u015bciej organizuje si\u0119 wesela<\/a>\r\n            <\/aside>\r\n            <\/div>\r\n    <div class=\"leonardo-image\">\r\n        <img loading=\"lazy\" decoding=\"async\" width=\"1255\" height=\"836\" src=\"https:\/\/www.koronakarkonoszy.pl\/blog\/wp-content\/uploads\/2022\/06\/sala-weselna-Panna-Mloda.jpg\" class=\"attachment-full size-full\" alt=\"\" srcset=\"https:\/\/www.koronakarkonoszy.pl\/blog\/wp-content\/uploads\/2022\/06\/sala-weselna-Panna-Mloda.jpg 1255w, https:\/\/www.koronakarkonoszy.pl\/blog\/wp-content\/uploads\/2022\/06\/sala-weselna-Panna-Mloda-300x200.jpg 300w, https:\/\/www.koronakarkonoszy.pl\/blog\/wp-content\/uploads\/2022\/06\/sala-weselna-Panna-Mloda-1024x682.jpg 1024w, https:\/\/www.koronakarkonoszy.pl\/blog\/wp-content\/uploads\/2022\/06\/sala-weselna-Panna-Mloda-768x512.jpg 768w\" sizes=\"auto, (max-width: 1255px) 100vw, 1255px\" \/>            <\/div>\r\n<\/section>\n\n\n<h2 class=\"wp-block-heading\" id=\"h-kilkudniowy-nocleg-dla-go-ci-czyli-wesele-z-przytupem\"><strong>Kilkudniowy nocleg dla go\u015bci weselnych, czyli wesele z przytupem<\/strong><\/h2>\n\n\n\n<p>Ciekaw\u0105 opcj\u0105 jest organizacja wesela po\u0142\u0105czonego z 2- czy 3-dniowym urlopem dla wszystkich go\u015bci. Kilkudniowe \u015bwi\u0119towanie za\u015blubin to wyj\u0105tkowe prze\u017cycie zar\u00f3wno dla Pary M\u0142odej, jak i dla pozosta\u0142ych weselnik\u00f3w.<\/p>\n\n\n\n<style>\n    .cta_block{\n        margin: 1.5em 0;\n    }\n    .cta_block_content {\n        position: relative;\n        color: white;\n        padding: 1em;\n    }\n    .cta_block_content h3{\n        text-align: center;\n        font: normal normal normal 36px\/50px Yeseva One;\n    }\n    .cta_block_content .cta_block_desc{\n        text-align: center;\n        font-size: 1.1em;\n        position: relative;\n    }\n    .cta_block_content .cta_block_desc:before {\n        content: '';\n        width: 80px;\n        height: 4px;\n        background: #EEB315;\n        position: absolute;\n        left: 0;\n        right: 0;\n        margin-left: auto;\n        margin-right: auto;\n        top: -22px;\n    }\n\n    .cta_block_content picture{\n        position: absolute;\n        top: 0;\n        right: 0;\n        z-index: -1;\n        height: 100%;\n        overflow: hidden;\n        width: 100%;\n    }\n    .cta_block_content picture img{\n        object-fit: cover;\n        height: 100%;\n        width: 100%;\n    }\n    .cta_block .cta_block_content .ninja-forms-field{\n        background: #FFFFFF2F;\n        border: 1px solid #EEB315;\n        border-radius: 25px;\n        opacity: 1;\n        color: #ffffff;\n    }\n    .cta_block .cta_block_content .nf-form-content input[type=submit]{\n        background-color: #EEB315;\n        color: #292929;\n        text-align: center;\n        font: normal normal bold 14px\/20px Work Sans;\n        padding: 0 2em;\n    }\n\n    .cta_block ::placeholder{\n        color: white!important;\n        opacity: 1;\n    }\n\n    .cta_block_content::after {\n        height: 100%;\n        width: 100%;\n        content: \"\";\n        z-index: -1;\n        position: absolute;\n        top: 0;\n        background: #00000070;\n        right: 0;\n        left: 0;\n        bottom: 0;\n    }\n    #ha-cta-block, .cta_block_desc, .cta_block .nf-field-label, .cta_block .nf-error-msg {\n        filter: drop-shadow(1px 1px 8px black);\n    }\n\n\/*    .cta_block nf-rows-wrap {\n        display: flex;\n        justify-content: space-around;\n        flex-direction: row;\n    }*\/\n\n    .cta_block .nf-field-label {\n        display:none;\n    }\n\n    .cta_block .nf-error.field-wrap .nf-field-element::after {\n        border-radius: 50px;\n    }\n\n    .cta_block .nf-error-msg {\n        color: #fff;\n    }\n\n    .cta_block .nf-form-cont {\n        margin-top: 3em;\n        margin-bottom: 1em;\n    }\n\n    .wp-admin .cta_block_content{\n        display: none;\n    }\n    .cta_block .nf-form-fields-required {\n        display: none;\n    }\n    body:not(.wp-admin) .cta_block_admin {\n        display: none;\n    }\n<\/style>\n<div id=\"cta_block-block_60ee1e1f334fcbf2fbb888a5eaf9a5da\" class=\"cta_block\">\n    <div class=\"cta_block_admin\" style=\"background-color: blue; color: white\">\n        Blok CTA\n    <\/div>\n    <div class=\"cta_block\">\n        <div class=\"cta_block_content\">   \n        <h3 id=\"ha-obiekt-weselny-z-noclegiem-dla-gosci\">Obiekt weselny z noclegiem dla go\u015bci?<\/h3>\n                    <div class=\"cta_block_desc\">Dw\u00f3r Korona Karkonoszy oferuje butikowe pokoje z widokiem na g\u00f3ry! <\/div>\n                <noscript class=\"ninja-forms-noscript-message\">\n\tUwaga: ta zawarto\u015b\u0107 wymaga obs\u0142ugi j\u0119zyka JavaScript.<\/noscript>\n<div id=\"nf-form-3-cont\" class=\"nf-form-cont\" aria-live=\"polite\" aria-labelledby=\"nf-form-title-3\" aria-describedby=\"nf-form-errors-3\" role=\"form\">\n\n    <div class=\"nf-loading-spinner\"><\/div>\n\n<\/div>\n        <!-- That data is being printed as a workaround to page builders reordering the order of the scripts loaded-->\n        <script>var formDisplay=1;var nfForms=nfForms||[];var form=[];form.id='3';form.settings={\"objectType\":\"Form Setting\",\"editActive\":true,\"title\":\"Block CTA\",\"created_at\":\"2022-11-08 16:03:33\",\"default_label_pos\":\"above\",\"show_title\":0,\"clear_complete\":\"1\",\"hide_complete\":\"1\",\"logged_in\":\"\",\"wrapper_class\":\"\",\"element_class\":\"\",\"key\":\"\",\"add_submit\":\"0\",\"changeEmailErrorMsg\":\"Wprowad\\u017a prawid\\u0142owy adres e-mail!\",\"changeDateErrorMsg\":\"Prosz\\u0119 wpisa\\u0107 prawid\\u0142ow\\u0105 dat\\u0119!\",\"confirmFieldErrorMsg\":\"Te pola musz\\u0105 si\\u0119 zgadza\\u0107!\",\"fieldNumberNumMinError\":\"B\\u0142\\u0105d \\u2014 liczba minimalna\",\"fieldNumberNumMaxError\":\"B\\u0142\\u0105d \\u2014 liczba maksymalna\",\"fieldNumberIncrementBy\":\"Zwi\\u0119ksz o \",\"formErrorsCorrectErrors\":\"Popraw b\\u0142\\u0119dy, zanim prze\\u015blesz formularz.\",\"validateRequiredField\":\"To jest wymagane pole.\",\"honeypotHoneypotError\":\"B\\u0142\\u0105d Honeypot\",\"fieldsMarkedRequired\":\"Pola oznaczone znakiem <span class=\\\"ninja-forms-req-symbol\\\">*<\\\/span> s\\u0105 wymagane\",\"currency\":\"\",\"repeatable_fieldsets\":\"\",\"unique_field_error\":\"Formularz z t\\u0105 warto\\u015bci\\u0105 zosta\\u0142 ju\\u017c przes\\u0142any.\",\"not_logged_in_msg\":\"\",\"sub_limit_msg\":\"Formularz osi\\u0105gn\\u0105\\u0142 limit wys\\u0142a\\u0144.\",\"calculations\":[],\"container_styles_show_advanced_css\":\"0\",\"title_styles_show_advanced_css\":\"0\",\"row_styles_show_advanced_css\":\"0\",\"row-odd_styles_show_advanced_css\":\"0\",\"success-msg_styles_show_advanced_css\":\"0\",\"error_msg_styles_show_advanced_css\":\"0\",\"formContentData\":[{\"order\":1,\"cells\":[{\"order\":0,\"fields\":[\"phone_1640098023980\"],\"width\":35},{\"order\":1,\"fields\":[\"adres_e-mail_1667919839452\"],\"width\":35},{\"order\":2,\"fields\":[\"zapisz_mnie_1667919853255\"],\"width\":30}]}],\"drawerDisabled\":false,\"conditions\":[],\"allow_public_link\":0,\"embed_form\":\"\",\"container_styles_border\":\"\",\"container_styles_height\":\"\",\"container_styles_margin\":\"\",\"container_styles_padding\":\"\",\"container_styles_float\":\"\",\"title_styles_border\":\"\",\"title_styles_height\":\"\",\"title_styles_width\":\"\",\"title_styles_font-size\":\"\",\"title_styles_margin\":\"\",\"title_styles_padding\":\"\",\"title_styles_float\":\"\",\"row_styles_border\":\"\",\"row_styles_width\":\"\",\"row_styles_font-size\":\"\",\"row_styles_margin\":\"\",\"row_styles_padding\":\"\",\"row-odd_styles_border\":\"\",\"row-odd_styles_height\":\"\",\"row-odd_styles_width\":\"\",\"row-odd_styles_font-size\":\"\",\"row-odd_styles_margin\":\"\",\"row-odd_styles_padding\":\"\",\"success-msg_styles_border\":\"\",\"success-msg_styles_height\":\"\",\"success-msg_styles_width\":\"\",\"success-msg_styles_font-size\":\"\",\"success-msg_styles_margin\":\"\",\"success-msg_styles_padding\":\"\",\"error_msg_styles_border\":\"\",\"error_msg_styles_width\":\"\",\"error_msg_styles_font-size\":\"\",\"error_msg_styles_margin\":\"\",\"error_msg_styles_padding\":\"\",\"form_title_heading_level\":\"3\",\"ninjaForms\":\"Ninja Forms\",\"fieldTextareaRTEInsertLink\":\"Wstaw odno\\u015bnik\",\"fieldTextareaRTEInsertMedia\":\"Wstaw media\",\"fieldTextareaRTESelectAFile\":\"Wybierz plik\",\"formHoneypot\":\"Je\\u015bli jeste\\u015b cz\\u0142owiekiem i widzisz to pole, nie wype\\u0142niaj go.\",\"fileUploadOldCodeFileUploadInProgress\":\"Przesy\\u0142anie pliku w toku.\",\"fileUploadOldCodeFileUpload\":\"PRZESY\\u0141ANIE PLIKU\",\"currencySymbol\":\"&#36;\",\"thousands_sep\":\"&nbsp;\",\"decimal_point\":\",\",\"siteLocale\":\"pl_PL\",\"dateFormat\":\"m\\\/d\\\/Y\",\"startOfWeek\":\"1\",\"of\":\"z\",\"previousMonth\":\"Poprzedni miesi\\u0105c\",\"nextMonth\":\"Nast\\u0119pny miesi\\u0105c\",\"months\":[\"Stycze\\u0144\",\"Luty\",\"Marzec\",\"Kwiecie\\u0144\",\"Maj\",\"Czerwiec\",\"Lipiec\",\"Sierpie\\u0144\",\"Wrzesie\\u0144\",\"Pa\\u017adziernik\",\"Listopad\",\"Grudzie\\u0144\"],\"monthsShort\":[\"Sty\",\"Lut\",\"Mar\",\"Kw\",\"Maj\",\"Cze\",\"Lip\",\"Sie\",\"Wrz\",\"Pa\\u017a\",\"Lis\",\"Gru\"],\"weekdays\":[\"Niedziela\",\"Poniedzia\\u0142ek\",\"Wtorek\",\"\\u015aroda\",\"Czwartek\",\"Pi\\u0105tek\",\"Sobota\"],\"weekdaysShort\":[\"Niedz\",\"Pon\",\"Wt\",\"\\u015ar\",\"Czw\",\"Pt\",\"Sob\"],\"weekdaysMin\":[\"Niedz\",\"Pon\",\"Wt\",\"\\u015ar\",\"Czw\",\"Pt\",\"Sob\"],\"recaptchaConsentMissing\":\"reCaptcha validation couldn&#039;t load.\",\"recaptchaMissingCookie\":\"reCaptcha v3 validation couldn&#039;t load the cookie needed to submit the form.\",\"recaptchaConsentEvent\":\"Accept reCaptcha cookies before sending the form.\",\"currency_symbol\":\"\",\"beforeForm\":\"\",\"beforeFields\":\"\",\"afterFields\":\"\",\"afterForm\":\"\"};form.fields=[{\"objectType\":\"Field\",\"objectDomain\":\"fields\",\"editActive\":false,\"order\":1,\"idAttribute\":\"id\",\"type\":\"phone\",\"label\":\"Numer telefonu\",\"key\":\"phone_1640098023980\",\"label_pos\":\"above\",\"required\":1,\"default\":\"\",\"placeholder\":\"Numer telefonu\",\"container_class\":\"\",\"element_class\":\"\",\"input_limit\":\"\",\"input_limit_type\":\"characters\",\"input_limit_msg\":\"Liczba pozosta\\u0142ych znak\\u00f3w:\",\"manual_key\":\"\",\"admin_label\":\"\",\"help_text\":\"\",\"mask\":\"\",\"custom_mask\":\"\",\"custom_name_attribute\":\"phone\",\"personally_identifiable\":1,\"wrap_styles_border\":\"\",\"wrap_styles_width\":\"\",\"wrap_styles_margin\":\"\",\"wrap_styles_padding\":\"\",\"wrap_styles_float\":\"\",\"wrap_styles_show_advanced_css\":0,\"label_styles_border\":\"\",\"label_styles_width\":\"\",\"label_styles_font-size\":\"\",\"label_styles_margin\":\"\",\"label_styles_padding\":\"\",\"label_styles_float\":\"\",\"label_styles_show_advanced_css\":0,\"element_styles_border\":\"\",\"element_styles_width\":\"\",\"element_styles_font-size\":\"\",\"element_styles_margin\":\"\",\"element_styles_padding\":\"\",\"element_styles_float\":\"\",\"element_styles_show_advanced_css\":0,\"cellcid\":\"c3386\",\"value\":\"\",\"field_label\":\"Numer telefonu\",\"field_key\":\"phone_1640098023980\",\"drawerDisabled\":false,\"id\":8,\"beforeField\":\"\",\"afterField\":\"\",\"parentType\":\"textbox\",\"element_templates\":[\"tel\",\"textbox\",\"input\"],\"old_classname\":\"\",\"wrap_template\":\"wrap\"},{\"objectType\":\"Field\",\"objectDomain\":\"fields\",\"editActive\":false,\"order\":2,\"idAttribute\":\"id\",\"type\":\"email\",\"label\":\"Adres e-mail\",\"key\":\"adres_e-mail_1667919839452\",\"label_pos\":\"above\",\"required\":1,\"default\":\"\",\"placeholder\":\"Adres e-mail\",\"container_class\":\"\",\"element_class\":\"\",\"admin_label\":\"\",\"help_text\":\"\",\"custom_name_attribute\":\"email\",\"personally_identifiable\":1,\"wrap_styles_border\":\"\",\"wrap_styles_width\":\"\",\"wrap_styles_margin\":\"\",\"wrap_styles_padding\":\"\",\"wrap_styles_float\":\"\",\"wrap_styles_show_advanced_css\":0,\"label_styles_border\":\"\",\"label_styles_width\":\"\",\"label_styles_font-size\":\"\",\"label_styles_margin\":\"\",\"label_styles_padding\":\"\",\"label_styles_float\":\"\",\"label_styles_show_advanced_css\":0,\"element_styles_border\":\"\",\"element_styles_width\":\"\",\"element_styles_font-size\":\"\",\"element_styles_margin\":\"\",\"element_styles_padding\":\"\",\"element_styles_float\":\"\",\"element_styles_show_advanced_css\":0,\"cellcid\":\"c3389\",\"value\":\"\",\"drawerDisabled\":false,\"field_label\":\"E-mail\",\"field_key\":\"email_1640098026199\",\"id\":9,\"beforeField\":\"\",\"afterField\":\"\",\"parentType\":\"email\",\"element_templates\":[\"email\",\"input\"],\"old_classname\":\"\",\"wrap_template\":\"wrap\"},{\"objectType\":\"Field\",\"objectDomain\":\"fields\",\"editActive\":false,\"order\":3,\"idAttribute\":\"id\",\"type\":\"submit\",\"label\":\"Zapisz mnie\",\"processing_label\":\"W trakcie realizacji\",\"container_class\":\"\",\"element_class\":\"\",\"key\":\"zapisz_mnie_1667919853255\",\"wrap_styles_border\":\"\",\"wrap_styles_width\":\"\",\"wrap_styles_margin\":\"\",\"wrap_styles_padding\":\"\",\"wrap_styles_float\":\"\",\"wrap_styles_show_advanced_css\":0,\"element_styles_border\":\"\",\"element_styles_width\":\"\",\"element_styles_font-size\":\"\",\"element_styles_margin\":\"\",\"element_styles_padding\":\"\",\"element_styles_float\":\"\",\"element_styles_show_advanced_css\":0,\"submit_element_hover_styles_border\":\"\",\"submit_element_hover_styles_width\":\"\",\"submit_element_hover_styles_font-size\":\"\",\"submit_element_hover_styles_margin\":\"\",\"submit_element_hover_styles_padding\":\"\",\"submit_element_hover_styles_float\":\"\",\"submit_element_hover_styles_show_advanced_css\":0,\"cellcid\":\"c3391\",\"drawerDisabled\":false,\"field_label\":\"Zamawiam rozmow\\u0119\",\"field_key\":\"zamawiam_rozmowe_1640098067453\",\"id\":10,\"beforeField\":\"\",\"afterField\":\"\",\"value\":\"\",\"label_pos\":\"above\",\"parentType\":\"textbox\",\"element_templates\":[\"submit\",\"button\",\"input\"],\"old_classname\":\"\",\"wrap_template\":\"wrap-no-label\"}];nfForms.push(form);<\/script>\n                <script id=\"nf-tmpl-cell\" type=\"text\/template\">\n            <nf-fields><\/nf-fields>\n        <\/script>\n\n        <script id=\"nf-tmpl-row\" type=\"text\/template\">\n            <nf-cells><\/nf-cells>\n        <\/script>\n\n                <img loading=\"lazy\" decoding=\"async\" width=\"2048\" height=\"1365\" src=\"https:\/\/www.koronakarkonoszy.pl\/blog\/wp-content\/uploads\/2022\/03\/3LP_DKK_panifotograf.kr_83.jpg\" class=\"attachment-full size-full\" alt=\"\" srcset=\"https:\/\/www.koronakarkonoszy.pl\/blog\/wp-content\/uploads\/2022\/03\/3LP_DKK_panifotograf.kr_83.jpg 2048w, https:\/\/www.koronakarkonoszy.pl\/blog\/wp-content\/uploads\/2022\/03\/3LP_DKK_panifotograf.kr_83-300x200.jpg 300w, https:\/\/www.koronakarkonoszy.pl\/blog\/wp-content\/uploads\/2022\/03\/3LP_DKK_panifotograf.kr_83-1024x683.jpg 1024w, https:\/\/www.koronakarkonoszy.pl\/blog\/wp-content\/uploads\/2022\/03\/3LP_DKK_panifotograf.kr_83-768x512.jpg 768w, https:\/\/www.koronakarkonoszy.pl\/blog\/wp-content\/uploads\/2022\/03\/3LP_DKK_panifotograf.kr_83-1920x1280.jpg 1920w, https:\/\/www.koronakarkonoszy.pl\/blog\/wp-content\/uploads\/2022\/03\/3LP_DKK_panifotograf.kr_83-1536x1024.jpg 1536w\" sizes=\"auto, (max-width: 2048px) 100vw, 2048px\" \/>        <\/div> \n    <\/div>\n<\/div>\n\n\n\n<p><strong>Wesela wyjazdowe z urlopem<\/strong> zwykle organizuje si\u0119 za granic\u0105. Przyrzeczenie sobie wiecznej mi\u0142o\u015bci w malowniczej zatoczce na jednej z greckich wysp lub na eleganckim tarasie z widokiem na toska\u0144skie winnice to kwintesencja romantyczno\u015bci! Jednak wcale nie trzeba jecha\u0107 kilka tysi\u0119cy kilometr\u00f3w, by powiedzie\u0107 sobie sakramentalne \u201eTAK\u201d w takich okoliczno\u015bciach.<\/p>\n\n\n\n<p>Jednak Polska r\u00f3wnie\u017c ma wiele do zaoferowania. Chocia\u017cby pi\u0119kne Karkonosze, kt\u00f3rym liczne potoki, rzeki, malownicze kaskady i wodospady dodaj\u0105 niesamowitego uroku. <a href=\"https:\/\/www.koronakarkonoszy.pl\/blog\/wesele-w-gorach-z-noclegiem-o-czym-trzeba-wiedziec\/\" target=\"_blank\" rel=\"noreferrer noopener\">Wesele w g\u00f3rach z noclegiem<\/a> to atrakcyjna opcja.&nbsp;<\/p>\n\n\n\n<figure class=\"wp-block-image size-full is-resized\"><img loading=\"lazy\" decoding=\"async\" width=\"800\" height=\"534\" src=\"https:\/\/www.koronakarkonoszy.pl\/blog\/wp-content\/uploads\/2021\/07\/DKK-obiekt-noc__2_.jpg\" alt=\"DKK obiekt noc\" class=\"wp-image-587\" style=\"width:828px;height:553px\" srcset=\"https:\/\/www.koronakarkonoszy.pl\/blog\/wp-content\/uploads\/2021\/07\/DKK-obiekt-noc__2_.jpg 800w, https:\/\/www.koronakarkonoszy.pl\/blog\/wp-content\/uploads\/2021\/07\/DKK-obiekt-noc__2_-300x200.jpg 300w, https:\/\/www.koronakarkonoszy.pl\/blog\/wp-content\/uploads\/2021\/07\/DKK-obiekt-noc__2_-768x513.jpg 768w\" sizes=\"auto, (max-width: 800px) 100vw, 800px\" \/><figcaption class=\"wp-element-caption\"><strong>Dworek na wesele, <a href=\"https:\/\/www.koronakarkonoszy.pl\/wesele\/\" target=\"_blank\" rel=\"noreferrer noopener\">Dw\u00f3r Korona Karkonoszy<\/a>, Sosn\u00f3wka k. Karpacza <\/strong><\/figcaption><\/figure>\n\n\n\n<p>Wesele z urlopem wi\u0105\u017ce si\u0119 z konieczno\u015bci\u0105 organizacji noclegu dla go\u015bci. W zwi\u0105zku z wysok\u0105 cen\u0105 takiego przedsi\u0119wzi\u0119cia jest to doskona\u0142e rozwi\u0105zanie dla tych os\u00f3b, dla kt\u00f3rych <a href=\"https:\/\/www.koronakarkonoszy.pl\/blog\/dodatkowe-wydatki-na-wesele-o-ktorych-warto-pomyslec\/\" target=\"_blank\" rel=\"noreferrer noopener\">wydatki na wesele<\/a> nie s\u0105 du\u017cym obci\u0105\u017ceniem finansowym. Sprawdzi si\u0119 te\u017c w przypadku <a href=\"https:\/\/www.koronakarkonoszy.pl\/blog\/przyjecie-zamiast-wesela\/\" target=\"_blank\" rel=\"noreferrer noopener\">niewielkiego przyj\u0119cia<\/a>. Mniejsza liczba go\u015bci przek\u0142ada si\u0119 oczywi\u015bcie na mniejsze koszty.<\/p>\n\n\n\n<p>Alternatyw\u0105 jest zapewnienie jednego lub dw\u00f3ch nocleg\u00f3w dla wszystkich go\u015bci i pozostawienie im wolnej r\u0119ki w kwestii pozosta\u0142ych nocy b\u0105d\u017a wyprawienie <a href=\"https:\/\/www.koronakarkonoszy.pl\/blog\/kameralny-slub-w-gorach\/\" target=\"_blank\" rel=\"noreferrer noopener\">kameralnego wesela<\/a> tylko z najbli\u017cszymi i pokrycie wszystkich koszt\u00f3w.<\/p>\n\n\n<section id=\"leonardo-block_8bc21ac35d843f3fe63a64388995f07c\" class=\"leonardo page-breaker leonardo-image-left\">\r\n    <div class=\"leonardo-body\">\r\n        <h2 class=\"leonardo-title\" id=\"h-a-moze-nocleg-u-znajomych\">A mo\u017ce nocleg u znajomych?<\/h2>        <div class=\"leonardo-content\"><p><!-- wp:heading --><\/p>\n<p>Para M\u0142oda mo\u017ce r\u00f3wnie\u017c poprosi\u0107 rodzin\u0119 lub znajomych mieszkaj\u0105cych na miejscu o przenocowanie wybranych weselnik\u00f3w. Jednak sprawdzi si\u0119 to jedynie w przypadku, gdy obie strony cho\u0107 troch\u0119 si\u0119 znaj\u0105. W innym przypadku sytuacja mo\u017ce by\u0107 niekomfortowa zar\u00f3wno dla go\u015bci, jak i dla gospodarzy.<\/p>\n<p>&nbsp;<\/p>\n<p><!-- \/wp:paragraph --><\/p>\n<\/div>\r\n                    <aside class=\"leonardo-interlink\">\r\n                <b>Polecamy<\/b>\r\n                <a href=\"https:\/\/www.koronakarkonoszy.pl\/blog\/4-pory-roku-czyli-sezon-weselny-non-stop\/\">4 pory roku, czyli sezon weselny non stop<\/a>\r\n            <\/aside>\r\n            <\/div>\r\n    <div class=\"leonardo-image\">\r\n        <img loading=\"lazy\" decoding=\"async\" width=\"1024\" height=\"683\" src=\"https:\/\/www.koronakarkonoszy.pl\/blog\/wp-content\/uploads\/2021\/06\/newDwor_Korona_Karkonoszy_wesele.jpg\" class=\"attachment-full size-full\" alt=\"\" srcset=\"https:\/\/www.koronakarkonoszy.pl\/blog\/wp-content\/uploads\/2021\/06\/newDwor_Korona_Karkonoszy_wesele.jpg 1024w, https:\/\/www.koronakarkonoszy.pl\/blog\/wp-content\/uploads\/2021\/06\/newDwor_Korona_Karkonoszy_wesele-300x200.jpg 300w, https:\/\/www.koronakarkonoszy.pl\/blog\/wp-content\/uploads\/2021\/06\/newDwor_Korona_Karkonoszy_wesele-768x512.jpg 768w\" sizes=\"auto, (max-width: 1024px) 100vw, 1024px\" \/>            <\/div>\r\n<\/section>\n\n\n<h2 class=\"wp-block-heading\" id=\"ha-wesele-wyjazdowe\">Wesele wyjazdowe<\/h2>\n\n\n\n<p>Wesele wyjazdowe to rodzaj uroczysto\u015bci weselnej, kt\u00f3ra odbywa si\u0119 poza miejscem zamieszkania lub rodzinnym miastem Pary M\u0142odej. Narzeczeni i zaproszeni go\u015bcie jad\u0105 do miejsca docelowego w celu uczestniczenia w tej wyj\u0105tkowej uroczysto\u015bci. Zwykle Para M\u0142oda wybiera konkretne miejsce, kt\u00f3re mo\u017ce by\u0107 zwi\u0105zane z ich histori\u0105, marzeniami lub po prostu jest miejscem, kt\u00f3re uwa\u017caj\u0105 za wyj\u0105tkowe. Mo\u017ce to by\u0107 pla\u017ca, g\u00f3ry, winnice lub inny malowniczy zak\u0105tek.<\/p>\n\n\n\n<figure class=\"wp-block-image size-large\"><img loading=\"lazy\" decoding=\"async\" width=\"1024\" height=\"379\" src=\"https:\/\/www.koronakarkonoszy.pl\/blog\/wp-content\/uploads\/2023\/09\/wesele-tematyczne43-1024x379.jpg\" alt=\"\" class=\"wp-image-10711\" srcset=\"https:\/\/www.koronakarkonoszy.pl\/blog\/wp-content\/uploads\/2023\/09\/wesele-tematyczne43-1024x379.jpg 1024w, https:\/\/www.koronakarkonoszy.pl\/blog\/wp-content\/uploads\/2023\/09\/wesele-tematyczne43-300x111.jpg 300w, https:\/\/www.koronakarkonoszy.pl\/blog\/wp-content\/uploads\/2023\/09\/wesele-tematyczne43-768x284.jpg 768w, https:\/\/www.koronakarkonoszy.pl\/blog\/wp-content\/uploads\/2023\/09\/wesele-tematyczne43-1920x711.jpg 1920w, https:\/\/www.koronakarkonoszy.pl\/blog\/wp-content\/uploads\/2023\/09\/wesele-tematyczne43-1536x569.jpg 1536w, https:\/\/www.koronakarkonoszy.pl\/blog\/wp-content\/uploads\/2023\/09\/wesele-tematyczne43-2048x758.jpg 2048w, https:\/\/www.koronakarkonoszy.pl\/blog\/wp-content\/uploads\/2023\/09\/wesele-tematyczne43-18x7.jpg 18w\" sizes=\"auto, (max-width: 1024px) 100vw, 1024px\" \/><figcaption class=\"wp-element-caption\"><strong>Wesele tematyczne, <a href=\"https:\/\/www.koronakarkonoszy.pl\/wesele\/\" target=\"_blank\" rel=\"noreferrer noopener\">Dw\u00f3r Korona Karkonoszy<\/a>, Sosn\u00f3wka k. Karpacza <\/strong><\/figcaption><\/figure>\n\n\n\n<p><strong>Skoro <\/strong>go\u015bcie weselni musz\u0105 dojecha\u0107 do miejsca docelowego, to cz\u0119sto wi\u0105\u017ce si\u0119 to z organizacj\u0105 transportu i nocleg\u00f3w. Aby go\u015bcie mieli nocleg, trzeba zaj\u0105\u0107 si\u0119 rezerwacj\u0105 pokoj\u00f3w. Zw\u0142aszcza \u017ce nieraz wesele wyjazdowe trwa d\u0142u\u017cej ni\u017c tradycyjne, jednodniowe <a href=\"https:\/\/www.koronakarkonoszy.pl\/blog\/jak-zorganizowac-przyjecie-weselne-na-30-osob\/\" class=\"links-placer\">przyj\u0119cie weselne<\/a>. Para M\u0142oda i go\u015bcie mog\u0105 sp\u0119dzi\u0107 razem kilka dni, ciesz\u0105c si\u0119 wsp\u00f3lnie sp\u0119dzonym czasem.<\/p>\n\n\n\n<p>Wesela wyjazdowe cz\u0119sto maj\u0105 okre\u015blony temat lub styl, kt\u00f3ry jest zwi\u0105zany z miejscem docelowym lub innymi zainteresowaniami Pary M\u0142odej. Wesele wyjazdowe mo\u017ce by\u0107 wyj\u0105tkowym i niezapomnianym do\u015bwiadczeniem, ale wymaga starannego planowania i koordynacji. Warto r\u00f3wnie\u017c pomy\u015ble\u0107 o zaproszeniach i terminach, aby da\u0107 go\u015bciom wystarczaj\u0105co du\u017co czasu na przygotowanie podr\u00f3\u017cy.<\/p>\n\n\n<section id=\"leonardo-block_be3ed3f34b7c3e9d8a533365c86e4f98\" class=\"leonardo page-breaker leonardo-image-right\">\r\n    <div class=\"leonardo-body\">\r\n        <h2 class=\"leonardo-title\" id=\"h-nocleg-dla-gosci-weselnych-o-czym-pamietac\">Nocleg dla go\u015bci weselnych \u2013 o czym pami\u0119ta\u0107?<\/h2>        <div class=\"leonardo-content\"><p><!-- wp:paragraph --><\/p>\n<p>Bez wzgl\u0119du na to, czy zdecydujemy si\u0119 pokry\u0107 koszty noclegu dla go\u015bci weselnych, czy pozostawimy t\u0119 kwesti\u0119 weselnikom powinni\u015bmy zadba\u0107 o to, by ka\u017cda osoba by\u0142a odpowiednio poinformowana o ca\u0142ym przedsi\u0119wzi\u0119ciu. Go\u015bcie musz\u0105 wiedzie\u0107:<\/p>\n<p><!-- \/wp:paragraph --> <!-- wp:list --><\/p>\n<ul>\n<li>kiedy maj\u0105 potwierdzi\u0107 rezerwacj\u0119,<\/li>\n<li>jakie s\u0105 godziny zameldowania i wymeldowania,<\/li>\n<li>w jaki\u015b spos\u00f3b i kiedy musz\u0105 dokona\u0107 p\u0142atno\u015bci za nocleg (je\u015bli sami pokrywaj\u0105 koszty zwi\u0105zane z zakwaterowaniem).<\/li>\n<\/ul>\n<p><!-- \/wp:list --> <!-- wp:paragraph --><\/p>\n<p>Zgodnie z etykiet\u0105 Para M\u0142oda powinna pom\u00f3c go\u015bciom w organizacji noclegu po weselu. Kto zap\u0142aci za zakwaterowanie to kwestia indywidualna, uzale\u017cniona od mo\u017cliwo\u015bci finansowych narzeczonych i innych czynnik\u00f3w. W ka\u017cdym przypadku najwa\u017cniejsze jest to, by na bie\u017c\u0105co informowa\u0107 o wszystkim weselnik\u00f3w i nie zostawia\u0107 ich z problemem noclegu ca\u0142kiem samych.<\/p>\n<p><!-- \/wp:paragraph --><\/p>\n<\/div>\r\n                    <aside class=\"leonardo-interlink\">\r\n                <b>Polecamy<\/b>\r\n                <a href=\"https:\/\/www.koronakarkonoszy.pl\/blog\/na-ile-osob-wesele\/\">Na ile os\u00f3b wesele \u2013 dylemat M\u0142odych Par<\/a>\r\n            <\/aside>\r\n            <\/div>\r\n    <div class=\"leonardo-image\">\r\n        <img loading=\"lazy\" decoding=\"async\" width=\"1500\" height=\"1000\" src=\"https:\/\/www.koronakarkonoszy.pl\/blog\/wp-content\/uploads\/2022\/08\/zloty-2.jpg\" class=\"attachment-full size-full\" alt=\"\" srcset=\"https:\/\/www.koronakarkonoszy.pl\/blog\/wp-content\/uploads\/2022\/08\/zloty-2.jpg 1500w, https:\/\/www.koronakarkonoszy.pl\/blog\/wp-content\/uploads\/2022\/08\/zloty-2-300x200.jpg 300w, https:\/\/www.koronakarkonoszy.pl\/blog\/wp-content\/uploads\/2022\/08\/zloty-2-1024x683.jpg 1024w, https:\/\/www.koronakarkonoszy.pl\/blog\/wp-content\/uploads\/2022\/08\/zloty-2-768x512.jpg 768w\" sizes=\"auto, (max-width: 1500px) 100vw, 1500px\" \/>            <\/div>\r\n<\/section>\n\n<style>\n  .destination_map {\n    margin: 1.5em 0;\n  }\n\n  body:not(.wp-admin) .admin {\n    display: none;\n  }\n\n  .map {\n    max-width: 800px;\n    height: 400px;\n  }\n\n  .wp-admin .map {\n    display: none;\n  }\n<\/style>\n\n<div id=\"destination_map-block_78ea2fef1b6df79a063816a33e3c2f19\" class=\"destination_map\">\n  <div class=\"destinationmap-body admin\" style=\"background-color: lightblue;\">\n        Mapa dojazdu\n  <\/div>\n  <div id=\"block_78ea2fef1b6df79a063816a33e3c2f19\" class=\"map\"><\/div>\n<\/div>\n\n<script>\n  (function($) {\n\n    function mapLocation() {\n      var directionsDisplay;\n      var directionsService = new google.maps.DirectionsService();\n      var map;\n\n      function initialize() {\n        var pos = new google.maps.LatLng(50.8190591, 15.7212853);\n        var mapOptions = {\n          zoom: 11,\n          center: pos\n        };\n        map = new google.maps.Map(document.getElementById('block_78ea2fef1b6df79a063816a33e3c2f19'), mapOptions);\n\n        var marker = new google.maps.Marker({\n          position: pos,\n          map: map\n        });\n\n      }\n\n      google.maps.event.addDomListener(window, 'load', initialize);\n    }\n    mapLocation();\n\n  })(jQuery);\n<\/script>","protected":false},"excerpt":{"rendered":"<p>Ka\u017cda Para M\u0142oda pragnie, aby go\u015bcie zaproszeni do wsp\u00f3lnego \u015bwi\u0119towania dnia za\u015blubin dobrze czuli si\u0119 podczas ceremonii i przyj\u0119cia weselnego. W jakich przypadkach warto zorganizowa\u0107 nocleg dla go\u015bci weselnych? Kto powinien za niego zap\u0142aci\u0107?&nbsp;Podpowiadamy! Nocleg dla go\u015bci weselnych &#8211; obowi\u0105zek Pary M\u0142odej? Polacy s\u0105 znani z go\u015bcinno\u015bci, co wida\u0107 mi\u0119dzy innymi na weselach. Przyszli nowo\u017ce\u0144cy [&hellip;]<\/p>\n","protected":false},"author":11,"featured_media":268,"comment_status":"closed","ping_status":"closed","sticky":false,"template":"","format":"standard","meta":{"_acf_changed":false,"footnotes":""},"categories":[2,11],"class_list":["post-2864","post","type-post","status-publish","format-standard","has-post-thumbnail","hentry","category-porady","category-sala-weselna"],"acf":[],"yoast_head":"<!-- This site is optimized with the Yoast SEO plugin v27.5 - https:\/\/yoast.com\/product\/yoast-seo-wordpress\/ -->\n<title>Nocleg dla go\u015bci weselnych \u2013 konieczno\u015b\u0107 czy dodatek? - :: Blog weselny<\/title>\n<meta name=\"description\" content=\"Organizuj\u0105c wesele nale\u017cy pami\u0119ta\u0107 o zakwaterowaniu. W jakich przypadkach zorganizowa\u0107 nocleg dla go\u015bci weselnych? I kto powinien za niego zap\u0142aci\u0107?\u00a0\" \/>\n<meta name=\"robots\" content=\"index, follow, max-snippet:-1, max-image-preview:large, max-video-preview:-1\" \/>\n<link rel=\"canonical\" href=\"https:\/\/www.koronakarkonoszy.pl\/blog\/nocleg-dla-gosci-weselnych-koniecznosc-czy-dodatek\/\" \/>\n<meta property=\"og:locale\" content=\"pl_PL\" \/>\n<meta property=\"og:type\" content=\"article\" \/>\n<meta property=\"og:title\" content=\"Nocleg dla go\u015bci weselnych \u2013 konieczno\u015b\u0107 czy dodatek? - :: Blog weselny\" \/>\n<meta property=\"og:description\" content=\"Organizuj\u0105c wesele nale\u017cy pami\u0119ta\u0107 o zakwaterowaniu. W jakich przypadkach zorganizowa\u0107 nocleg dla go\u015bci weselnych? I kto powinien za niego zap\u0142aci\u0107?\u00a0\" \/>\n<meta property=\"og:url\" content=\"https:\/\/www.koronakarkonoszy.pl\/blog\/nocleg-dla-gosci-weselnych-koniecznosc-czy-dodatek\/\" \/>\n<meta property=\"og:site_name\" content=\":: Blog weselny\" \/>\n<meta property=\"article:published_time\" content=\"2023-09-04T11:14:35+00:00\" \/>\n<meta property=\"article:modified_time\" content=\"2024-12-11T10:54:15+00:00\" \/>\n<meta property=\"og:image\" content=\"https:\/\/www.koronakarkonoszy.pl\/blog\/wp-content\/uploads\/2021\/07\/wesele-w-gorach-z-noclegiem2.jpg\" \/>\n\t<meta property=\"og:image:width\" content=\"1024\" \/>\n\t<meta property=\"og:image:height\" content=\"683\" \/>\n\t<meta property=\"og:image:type\" content=\"image\/jpeg\" \/>\n<meta name=\"author\" content=\"agnieszka\" \/>\n<meta name=\"twitter:card\" content=\"summary_large_image\" \/>\n<meta name=\"twitter:label1\" content=\"Napisane przez\" \/>\n\t<meta name=\"twitter:data1\" content=\"agnieszka\" \/>\n\t<meta name=\"twitter:label2\" content=\"Szacowany czas czytania\" \/>\n\t<meta name=\"twitter:data2\" content=\"7 minut\" \/>\n<script type=\"application\/ld+json\" class=\"yoast-schema-graph\">{\"@context\":\"https:\\\/\\\/schema.org\",\"@graph\":[{\"@type\":\"Article\",\"@id\":\"https:\\\/\\\/www.koronakarkonoszy.pl\\\/blog\\\/nocleg-dla-gosci-weselnych-koniecznosc-czy-dodatek\\\/#article\",\"isPartOf\":{\"@id\":\"https:\\\/\\\/www.koronakarkonoszy.pl\\\/blog\\\/nocleg-dla-gosci-weselnych-koniecznosc-czy-dodatek\\\/\"},\"author\":{\"name\":\"agnieszka\",\"@id\":\"https:\\\/\\\/www.koronakarkonoszy.pl\\\/blog\\\/#\\\/schema\\\/person\\\/ec8c88bd01ebe6cbf6a16435ce22276f\"},\"headline\":\"Nocleg dla go\u015bci weselnych \u2013 konieczno\u015b\u0107 czy dodatek?\",\"datePublished\":\"2023-09-04T11:14:35+00:00\",\"dateModified\":\"2024-12-11T10:54:15+00:00\",\"mainEntityOfPage\":{\"@id\":\"https:\\\/\\\/www.koronakarkonoszy.pl\\\/blog\\\/nocleg-dla-gosci-weselnych-koniecznosc-czy-dodatek\\\/\"},\"wordCount\":1149,\"image\":{\"@id\":\"https:\\\/\\\/www.koronakarkonoszy.pl\\\/blog\\\/nocleg-dla-gosci-weselnych-koniecznosc-czy-dodatek\\\/#primaryimage\"},\"thumbnailUrl\":\"https:\\\/\\\/www.koronakarkonoszy.pl\\\/blog\\\/wp-content\\\/uploads\\\/2021\\\/07\\\/wesele-w-gorach-z-noclegiem2.jpg\",\"articleSection\":[\"Porady\",\"Sala weselna\"],\"inLanguage\":\"pl-PL\"},{\"@type\":\"WebPage\",\"@id\":\"https:\\\/\\\/www.koronakarkonoszy.pl\\\/blog\\\/nocleg-dla-gosci-weselnych-koniecznosc-czy-dodatek\\\/\",\"url\":\"https:\\\/\\\/www.koronakarkonoszy.pl\\\/blog\\\/nocleg-dla-gosci-weselnych-koniecznosc-czy-dodatek\\\/\",\"name\":\"Nocleg dla go\u015bci weselnych \u2013 konieczno\u015b\u0107 czy dodatek? - :: Blog weselny\",\"isPartOf\":{\"@id\":\"https:\\\/\\\/www.koronakarkonoszy.pl\\\/blog\\\/#website\"},\"primaryImageOfPage\":{\"@id\":\"https:\\\/\\\/www.koronakarkonoszy.pl\\\/blog\\\/nocleg-dla-gosci-weselnych-koniecznosc-czy-dodatek\\\/#primaryimage\"},\"image\":{\"@id\":\"https:\\\/\\\/www.koronakarkonoszy.pl\\\/blog\\\/nocleg-dla-gosci-weselnych-koniecznosc-czy-dodatek\\\/#primaryimage\"},\"thumbnailUrl\":\"https:\\\/\\\/www.koronakarkonoszy.pl\\\/blog\\\/wp-content\\\/uploads\\\/2021\\\/07\\\/wesele-w-gorach-z-noclegiem2.jpg\",\"datePublished\":\"2023-09-04T11:14:35+00:00\",\"dateModified\":\"2024-12-11T10:54:15+00:00\",\"author\":{\"@id\":\"https:\\\/\\\/www.koronakarkonoszy.pl\\\/blog\\\/#\\\/schema\\\/person\\\/ec8c88bd01ebe6cbf6a16435ce22276f\"},\"description\":\"Organizuj\u0105c wesele nale\u017cy pami\u0119ta\u0107 o zakwaterowaniu. W jakich przypadkach zorganizowa\u0107 nocleg dla go\u015bci weselnych? I kto powinien za niego zap\u0142aci\u0107?\u00a0\",\"breadcrumb\":{\"@id\":\"https:\\\/\\\/www.koronakarkonoszy.pl\\\/blog\\\/nocleg-dla-gosci-weselnych-koniecznosc-czy-dodatek\\\/#breadcrumb\"},\"inLanguage\":\"pl-PL\",\"potentialAction\":[{\"@type\":\"ReadAction\",\"target\":[\"https:\\\/\\\/www.koronakarkonoszy.pl\\\/blog\\\/nocleg-dla-gosci-weselnych-koniecznosc-czy-dodatek\\\/\"]}]},{\"@type\":\"ImageObject\",\"inLanguage\":\"pl-PL\",\"@id\":\"https:\\\/\\\/www.koronakarkonoszy.pl\\\/blog\\\/nocleg-dla-gosci-weselnych-koniecznosc-czy-dodatek\\\/#primaryimage\",\"url\":\"https:\\\/\\\/www.koronakarkonoszy.pl\\\/blog\\\/wp-content\\\/uploads\\\/2021\\\/07\\\/wesele-w-gorach-z-noclegiem2.jpg\",\"contentUrl\":\"https:\\\/\\\/www.koronakarkonoszy.pl\\\/blog\\\/wp-content\\\/uploads\\\/2021\\\/07\\\/wesele-w-gorach-z-noclegiem2.jpg\",\"width\":1024,\"height\":683},{\"@type\":\"BreadcrumbList\",\"@id\":\"https:\\\/\\\/www.koronakarkonoszy.pl\\\/blog\\\/nocleg-dla-gosci-weselnych-koniecznosc-czy-dodatek\\\/#breadcrumb\",\"itemListElement\":[{\"@type\":\"ListItem\",\"position\":1,\"name\":\"Strona g\u0142\u00f3wna\",\"item\":\"https:\\\/\\\/www.koronakarkonoszy.pl\\\/blog\\\/\"},{\"@type\":\"ListItem\",\"position\":2,\"name\":\"Nocleg dla go\u015bci weselnych \u2013 konieczno\u015b\u0107 czy dodatek?\"}]},{\"@type\":\"WebSite\",\"@id\":\"https:\\\/\\\/www.koronakarkonoszy.pl\\\/blog\\\/#website\",\"url\":\"https:\\\/\\\/www.koronakarkonoszy.pl\\\/blog\\\/\",\"name\":\":: Blog weselny\",\"description\":\"Blog weselny Dw\u00f3r Korona Karkonoszy\",\"potentialAction\":[{\"@type\":\"SearchAction\",\"target\":{\"@type\":\"EntryPoint\",\"urlTemplate\":\"https:\\\/\\\/www.koronakarkonoszy.pl\\\/blog\\\/?s={search_term_string}\"},\"query-input\":{\"@type\":\"PropertyValueSpecification\",\"valueRequired\":true,\"valueName\":\"search_term_string\"}}],\"inLanguage\":\"pl-PL\"},{\"@type\":\"Person\",\"@id\":\"https:\\\/\\\/www.koronakarkonoszy.pl\\\/blog\\\/#\\\/schema\\\/person\\\/ec8c88bd01ebe6cbf6a16435ce22276f\",\"name\":\"agnieszka\",\"image\":{\"@type\":\"ImageObject\",\"inLanguage\":\"pl-PL\",\"@id\":\"https:\\\/\\\/www.koronakarkonoszy.pl\\\/blog\\\/wp-content\\\/litespeed\\\/avatar\\\/53ee7b676463f74d0aea1a09de3d003b.jpg?ver=1777438794\",\"url\":\"https:\\\/\\\/www.koronakarkonoszy.pl\\\/blog\\\/wp-content\\\/litespeed\\\/avatar\\\/53ee7b676463f74d0aea1a09de3d003b.jpg?ver=1777438794\",\"contentUrl\":\"https:\\\/\\\/www.koronakarkonoszy.pl\\\/blog\\\/wp-content\\\/litespeed\\\/avatar\\\/53ee7b676463f74d0aea1a09de3d003b.jpg?ver=1777438794\",\"caption\":\"agnieszka\"},\"url\":\"https:\\\/\\\/www.koronakarkonoszy.pl\\\/blog\\\/author\\\/agnieszka\\\/\"}]}<\/script>\n<!-- \/ Yoast SEO plugin. -->","yoast_head_json":{"title":"Nocleg dla go\u015bci weselnych \u2013 konieczno\u015b\u0107 czy dodatek? - :: Blog weselny","description":"Organizuj\u0105c wesele nale\u017cy pami\u0119ta\u0107 o zakwaterowaniu. W jakich przypadkach zorganizowa\u0107 nocleg dla go\u015bci weselnych? I kto powinien za niego zap\u0142aci\u0107?\u00a0","robots":{"index":"index","follow":"follow","max-snippet":"max-snippet:-1","max-image-preview":"max-image-preview:large","max-video-preview":"max-video-preview:-1"},"canonical":"https:\/\/www.koronakarkonoszy.pl\/blog\/nocleg-dla-gosci-weselnych-koniecznosc-czy-dodatek\/","og_locale":"pl_PL","og_type":"article","og_title":"Nocleg dla go\u015bci weselnych \u2013 konieczno\u015b\u0107 czy dodatek? - :: Blog weselny","og_description":"Organizuj\u0105c wesele nale\u017cy pami\u0119ta\u0107 o zakwaterowaniu. W jakich przypadkach zorganizowa\u0107 nocleg dla go\u015bci weselnych? I kto powinien za niego zap\u0142aci\u0107?\u00a0","og_url":"https:\/\/www.koronakarkonoszy.pl\/blog\/nocleg-dla-gosci-weselnych-koniecznosc-czy-dodatek\/","og_site_name":":: Blog weselny","article_published_time":"2023-09-04T11:14:35+00:00","article_modified_time":"2024-12-11T10:54:15+00:00","og_image":[{"width":1024,"height":683,"url":"https:\/\/www.koronakarkonoszy.pl\/blog\/wp-content\/uploads\/2021\/07\/wesele-w-gorach-z-noclegiem2.jpg","type":"image\/jpeg"}],"author":"agnieszka","twitter_card":"summary_large_image","twitter_misc":{"Napisane przez":"agnieszka","Szacowany czas czytania":"7 minut"},"schema":{"@context":"https:\/\/schema.org","@graph":[{"@type":"Article","@id":"https:\/\/www.koronakarkonoszy.pl\/blog\/nocleg-dla-gosci-weselnych-koniecznosc-czy-dodatek\/#article","isPartOf":{"@id":"https:\/\/www.koronakarkonoszy.pl\/blog\/nocleg-dla-gosci-weselnych-koniecznosc-czy-dodatek\/"},"author":{"name":"agnieszka","@id":"https:\/\/www.koronakarkonoszy.pl\/blog\/#\/schema\/person\/ec8c88bd01ebe6cbf6a16435ce22276f"},"headline":"Nocleg dla go\u015bci weselnych \u2013 konieczno\u015b\u0107 czy dodatek?","datePublished":"2023-09-04T11:14:35+00:00","dateModified":"2024-12-11T10:54:15+00:00","mainEntityOfPage":{"@id":"https:\/\/www.koronakarkonoszy.pl\/blog\/nocleg-dla-gosci-weselnych-koniecznosc-czy-dodatek\/"},"wordCount":1149,"image":{"@id":"https:\/\/www.koronakarkonoszy.pl\/blog\/nocleg-dla-gosci-weselnych-koniecznosc-czy-dodatek\/#primaryimage"},"thumbnailUrl":"https:\/\/www.koronakarkonoszy.pl\/blog\/wp-content\/uploads\/2021\/07\/wesele-w-gorach-z-noclegiem2.jpg","articleSection":["Porady","Sala weselna"],"inLanguage":"pl-PL"},{"@type":"WebPage","@id":"https:\/\/www.koronakarkonoszy.pl\/blog\/nocleg-dla-gosci-weselnych-koniecznosc-czy-dodatek\/","url":"https:\/\/www.koronakarkonoszy.pl\/blog\/nocleg-dla-gosci-weselnych-koniecznosc-czy-dodatek\/","name":"Nocleg dla go\u015bci weselnych \u2013 konieczno\u015b\u0107 czy dodatek? - :: Blog weselny","isPartOf":{"@id":"https:\/\/www.koronakarkonoszy.pl\/blog\/#website"},"primaryImageOfPage":{"@id":"https:\/\/www.koronakarkonoszy.pl\/blog\/nocleg-dla-gosci-weselnych-koniecznosc-czy-dodatek\/#primaryimage"},"image":{"@id":"https:\/\/www.koronakarkonoszy.pl\/blog\/nocleg-dla-gosci-weselnych-koniecznosc-czy-dodatek\/#primaryimage"},"thumbnailUrl":"https:\/\/www.koronakarkonoszy.pl\/blog\/wp-content\/uploads\/2021\/07\/wesele-w-gorach-z-noclegiem2.jpg","datePublished":"2023-09-04T11:14:35+00:00","dateModified":"2024-12-11T10:54:15+00:00","author":{"@id":"https:\/\/www.koronakarkonoszy.pl\/blog\/#\/schema\/person\/ec8c88bd01ebe6cbf6a16435ce22276f"},"description":"Organizuj\u0105c wesele nale\u017cy pami\u0119ta\u0107 o zakwaterowaniu. W jakich przypadkach zorganizowa\u0107 nocleg dla go\u015bci weselnych? I kto powinien za niego zap\u0142aci\u0107?\u00a0","breadcrumb":{"@id":"https:\/\/www.koronakarkonoszy.pl\/blog\/nocleg-dla-gosci-weselnych-koniecznosc-czy-dodatek\/#breadcrumb"},"inLanguage":"pl-PL","potentialAction":[{"@type":"ReadAction","target":["https:\/\/www.koronakarkonoszy.pl\/blog\/nocleg-dla-gosci-weselnych-koniecznosc-czy-dodatek\/"]}]},{"@type":"ImageObject","inLanguage":"pl-PL","@id":"https:\/\/www.koronakarkonoszy.pl\/blog\/nocleg-dla-gosci-weselnych-koniecznosc-czy-dodatek\/#primaryimage","url":"https:\/\/www.koronakarkonoszy.pl\/blog\/wp-content\/uploads\/2021\/07\/wesele-w-gorach-z-noclegiem2.jpg","contentUrl":"https:\/\/www.koronakarkonoszy.pl\/blog\/wp-content\/uploads\/2021\/07\/wesele-w-gorach-z-noclegiem2.jpg","width":1024,"height":683},{"@type":"BreadcrumbList","@id":"https:\/\/www.koronakarkonoszy.pl\/blog\/nocleg-dla-gosci-weselnych-koniecznosc-czy-dodatek\/#breadcrumb","itemListElement":[{"@type":"ListItem","position":1,"name":"Strona g\u0142\u00f3wna","item":"https:\/\/www.koronakarkonoszy.pl\/blog\/"},{"@type":"ListItem","position":2,"name":"Nocleg dla go\u015bci weselnych \u2013 konieczno\u015b\u0107 czy dodatek?"}]},{"@type":"WebSite","@id":"https:\/\/www.koronakarkonoszy.pl\/blog\/#website","url":"https:\/\/www.koronakarkonoszy.pl\/blog\/","name":":: Blog weselny","description":"Blog weselny Dw\u00f3r Korona Karkonoszy","potentialAction":[{"@type":"SearchAction","target":{"@type":"EntryPoint","urlTemplate":"https:\/\/www.koronakarkonoszy.pl\/blog\/?s={search_term_string}"},"query-input":{"@type":"PropertyValueSpecification","valueRequired":true,"valueName":"search_term_string"}}],"inLanguage":"pl-PL"},{"@type":"Person","@id":"https:\/\/www.koronakarkonoszy.pl\/blog\/#\/schema\/person\/ec8c88bd01ebe6cbf6a16435ce22276f","name":"agnieszka","image":{"@type":"ImageObject","inLanguage":"pl-PL","@id":"https:\/\/www.koronakarkonoszy.pl\/blog\/wp-content\/litespeed\/avatar\/53ee7b676463f74d0aea1a09de3d003b.jpg?ver=1777438794","url":"https:\/\/www.koronakarkonoszy.pl\/blog\/wp-content\/litespeed\/avatar\/53ee7b676463f74d0aea1a09de3d003b.jpg?ver=1777438794","contentUrl":"https:\/\/www.koronakarkonoszy.pl\/blog\/wp-content\/litespeed\/avatar\/53ee7b676463f74d0aea1a09de3d003b.jpg?ver=1777438794","caption":"agnieszka"},"url":"https:\/\/www.koronakarkonoszy.pl\/blog\/author\/agnieszka\/"}]}},"_links":{"self":[{"href":"https:\/\/www.koronakarkonoszy.pl\/blog\/wp-json\/wp\/v2\/posts\/2864","targetHints":{"allow":["GET"]}}],"collection":[{"href":"https:\/\/www.koronakarkonoszy.pl\/blog\/wp-json\/wp\/v2\/posts"}],"about":[{"href":"https:\/\/www.koronakarkonoszy.pl\/blog\/wp-json\/wp\/v2\/types\/post"}],"author":[{"embeddable":true,"href":"https:\/\/www.koronakarkonoszy.pl\/blog\/wp-json\/wp\/v2\/users\/11"}],"replies":[{"embeddable":true,"href":"https:\/\/www.koronakarkonoszy.pl\/blog\/wp-json\/wp\/v2\/comments?post=2864"}],"version-history":[{"count":1,"href":"https:\/\/www.koronakarkonoszy.pl\/blog\/wp-json\/wp\/v2\/posts\/2864\/revisions"}],"predecessor-version":[{"id":11640,"href":"https:\/\/www.koronakarkonoszy.pl\/blog\/wp-json\/wp\/v2\/posts\/2864\/revisions\/11640"}],"wp:featuredmedia":[{"embeddable":true,"href":"https:\/\/www.koronakarkonoszy.pl\/blog\/wp-json\/wp\/v2\/media\/268"}],"wp:attachment":[{"href":"https:\/\/www.koronakarkonoszy.pl\/blog\/wp-json\/wp\/v2\/media?parent=2864"}],"wp:term":[{"taxonomy":"category","embeddable":true,"href":"https:\/\/www.koronakarkonoszy.pl\/blog\/wp-json\/wp\/v2\/categories?post=2864"}],"curies":[{"name":"wp","href":"https:\/\/api.w.org\/{rel}","templated":true}]}}