{"id":2855,"date":"2023-05-13T08:18:17","date_gmt":"2023-05-13T06:18:17","guid":{"rendered":"https:\/\/www.koronakarkonoszy.pl\/blog\/?p=2855"},"modified":"2023-05-18T23:20:31","modified_gmt":"2023-05-18T21:20:31","slug":"slub-jelenia-gora","status":"publish","type":"post","link":"https:\/\/www.koronakarkonoszy.pl\/blog\/slub-jelenia-gora\/","title":{"rendered":"\u015alub Jelenia G\u00f3ra \u2013 sielska ceremonia w stolicy Karkonoszy"},"content":{"rendered":"\n<p><strong>Karkonosze to niezwykle malowniczy region na Dolnym \u015al\u0105sku, kt\u00f3ry zachwyca nawet najbardziej wymagaj\u0105ce osoby. Majestatyczne szczyty w po\u0142\u0105czeniu z bujn\u0105 ro\u015blinno\u015bci\u0105 i innymi niesamowitymi cudami natury tworz\u0105 wyj\u0105tkowo romantyczn\u0105 aur\u0119. Idealn\u0105 do tego, by przyrzec sobie wieczn\u0105 mi\u0142o\u015b\u0107 na \u015blubnym kobiercu. \u015alub Jelenia G\u00f3ra \u2013 dlaczego to dobry pomys\u0142? Jak zorganizowa\u0107 magiczny dzie\u0144 \u015blubu, kt\u00f3ry wydob\u0119dzie wszystko to, co najlepsze z karkonoskich urok\u00f3w?<\/strong><\/p>\n\n\n<div id=\"ariadna-block_d1a65fa435330cc72eb65785a5a6b7ed\" class=\"ariadna\">\r\n    <ul><li><a href=\"#h-magiczny-lub-w-jeleniej-g-rze-lub-okolicach-dlaczego-warto\">Magiczny \u015blub w Jeleniej G\u00f3rze lub okolicach \u2013 dlaczego warto?<\/a><\/li><li><a href=\"#h-lub-jelenia-g-ra-idealne-miejsce-na-folkowe-wesele\">\u015alub Jelenia G\u00f3ra \u2013 idealne miejsce na folkowe wesele<\/a><\/li><li><a href=\"#h-wesele-w-gorach\">Wesele w g\u00f3rach<\/a><\/li><li><a href=\"#h-folkowy-lub-w-jeleniej-g-rze-kreacje-dla-pary-m-odej\">Folkowy \u015blub w Jeleniej G\u00f3rze &#8211; kreacje dla Pary M\u0142odej<\/a><\/li><li><a href=\"#h-slubne-stroje\">\u015alubne stroje<\/a><\/li><li><a href=\"#h-lub-jelenia-g-ra-a-mo-e-w-plenerze\">\u015alub Jelenia G\u00f3ra &#8211; a mo\u017ce w plenerze?<\/a><\/li><li><a href=\"#h-ceremonia-zawarcia-malzenstwa\">Ceremonia zawarcia ma\u0142\u017ce\u0144stwa<\/a><\/li><li><a href=\"#h-co-oferuja-sale-weselne\">Co oferuj\u0105 sale weselne?<\/a><\/li><li><a href=\"#ha-wymarzone-miejsce-na-slub-jelenia-gora\">Wymarzone miejsce na \u015blub? Jelenia G\u00f3ra!<\/a><\/li><li><a href=\"#ha-slub-jelenia-gora-sprawdzcie-o-czym-warto-pamietac\">\u015alub Jelenia G\u00f3ra: sprawd\u017acie, o czym warto pami\u0119ta\u0107!<\/a><\/li><li><a href=\"#h-zaproszenia-slubne-slub-jelenia-gora\">Zaproszenia \u015blubne \u2013 \u015blub Jelenia G\u00f3ra<\/a><\/li><li><a href=\"#h-jak-wybrac-dekoracje-na-slub-jelenia-gora\">Jak wybra\u0107 dekoracje na \u015blub &#8211; Jelenia G\u00f3ra?<\/a><\/li><li><a href=\"#h-atrakcje-na-lub-w-jeleniej-g-rze\">Atrakcje na \u015blub w Jeleniej G\u00f3rze&nbsp;<\/a><\/li><li><a href=\"#h-przyjecia-weselne-jelenia-gora\">Przyj\u0119cia weselne Jelenia G\u00f3ra<\/a><\/li><li><a href=\"#ha-idealne-menu-weselne\">Idealne menu weselne<\/a><\/li><li><a href=\"#h-menu-na-wesele-w-gorach\">Menu na wesele w g\u00f3rach<\/a><\/li><li><a href=\"#h-pokoje-dla-gosci\">Pokoje dla go\u015bci<\/a><\/li><li><a href=\"#h-wyposazenie-sali-weselnej\">Wyposa\u017cenie sali weselnej<\/a><\/li><li><a href=\"#ha-sale-weselne-jelenia-gora-i-okolice-polaczenie-tradycji-z-nowoczesnoscia\">Sale weselne Jelenia G\u00f3ra i okolice \u2013 po\u0142\u0105czenie tradycji z nowoczesno\u015bci\u0105<\/a><\/li><li><a href=\"#h-jak-zrobic-dobre-zdjecia-slubne\">Jak zrobi\u0107 dobre zdj\u0119cia \u015blubne?<\/a><\/li><li><a href=\"#ha-wesele-jelenia-gora-kompletna-oferta\">Wesele Jelenia G\u00f3ra \u2013 kompletna oferta<\/a><\/li><\/ul>\r\n<\/div>\r\n\r\n\r\n\r\n\n\n\n<h2 class=\"wp-block-heading\" id=\"h-magiczny-lub-w-jeleniej-g-rze-lub-okolicach-dlaczego-warto\">Magiczny \u015blub w Jeleniej G\u00f3rze lub okolicach \u2013 dlaczego warto?<\/h2>\n\n\n\n<p>Ozdobione drobnymi p\u0105kami, pe\u0142ne intensywnej zieleni, udekorowane kolorowymi li\u015b\u0107mi i l\u015bni\u0105cymi kasztanami, czy te\u017c otulone \u015bnie\u017cn\u0105 pierzynk\u0105 \u2013 Karkonosze zachwycaj\u0105 o ka\u017cdej porze roku. Najwa\u017cniejsze \u201etak\u201d w \u017cyciu w otoczeniu niesamowicie pi\u0119knej przyrody i zapieraj\u0105cych dech w piersiach krajobraz\u00f3w to niezwyk\u0142e do\u015bwiadczenie.&nbsp;<\/p>\n\n\n\n<style>\n    .cta_block{\n        margin: 1.5em 0;\n    }\n    .cta_block_content {\n        position: relative;\n        color: white;\n        padding: 1em;\n    }\n    .cta_block_content h3{\n        text-align: center;\n        font: normal normal normal 36px\/50px Yeseva One;\n    }\n    .cta_block_content .cta_block_desc{\n        text-align: center;\n        font-size: 1.1em;\n        position: relative;\n    }\n    .cta_block_content .cta_block_desc:before {\n        content: '';\n        width: 80px;\n        height: 4px;\n        background: #EEB315;\n        position: absolute;\n        left: 0;\n        right: 0;\n        margin-left: auto;\n        margin-right: auto;\n        top: -22px;\n    }\n\n    .cta_block_content picture{\n        position: absolute;\n        top: 0;\n        right: 0;\n        z-index: -1;\n        height: 100%;\n        overflow: hidden;\n        width: 100%;\n    }\n    .cta_block_content picture img{\n        object-fit: cover;\n        height: 100%;\n        width: 100%;\n    }\n    .cta_block .cta_block_content .ninja-forms-field{\n        background: #FFFFFF2F;\n        border: 1px solid #EEB315;\n        border-radius: 25px;\n        opacity: 1;\n        color: #ffffff;\n    }\n    .cta_block .cta_block_content .nf-form-content input[type=submit]{\n        background-color: #EEB315;\n        color: #292929;\n        text-align: center;\n        font: normal normal bold 14px\/20px Work Sans;\n        padding: 0 2em;\n    }\n\n    .cta_block ::placeholder{\n        color: white!important;\n        opacity: 1;\n    }\n\n    .cta_block_content::after {\n        height: 100%;\n        width: 100%;\n        content: \"\";\n        z-index: -1;\n        position: absolute;\n        top: 0;\n        background: #00000070;\n        right: 0;\n        left: 0;\n        bottom: 0;\n    }\n    #ha-cta-block, .cta_block_desc, .cta_block .nf-field-label, .cta_block .nf-error-msg {\n        filter: drop-shadow(1px 1px 8px black);\n    }\n\n\/*    .cta_block nf-rows-wrap {\n        display: flex;\n        justify-content: space-around;\n        flex-direction: row;\n    }*\/\n\n    .cta_block .nf-field-label {\n        display:none;\n    }\n\n    .cta_block .nf-error.field-wrap .nf-field-element::after {\n        border-radius: 50px;\n    }\n\n    .cta_block .nf-error-msg {\n        color: #fff;\n    }\n\n    .cta_block .nf-form-cont {\n        margin-top: 3em;\n        margin-bottom: 1em;\n    }\n\n    .wp-admin .cta_block_content{\n        display: none;\n    }\n    .cta_block .nf-form-fields-required {\n        display: none;\n    }\n    body:not(.wp-admin) .cta_block_admin {\n        display: none;\n    }\n<\/style>\n<div id=\"cta_block-block_56d72513f3c1b1d285e260fd55b990cd\" class=\"cta_block\">\n    <div class=\"cta_block_admin\" style=\"background-color: blue; color: white\">\n        Blok CTA\n    <\/div>\n    <div class=\"cta_block\">\n        <div class=\"cta_block_content\">   \n        <h3 id=\"ha-slub-w-okolicach-jeleniej-gory\">\u015alub w okolicach Jeleniej G\u00f3ry?<\/h3>\n                    <div class=\"cta_block_desc\">Dw\u00f3r Korona Karkonoszy, po\u0142o\u017cony w sercu g\u00f3r i blisko Jeleniej G\u00f3ry, spe\u0142ni Twoje marzenia!<\/div>\n                <noscript class=\"ninja-forms-noscript-message\">\n\tUwaga: ta zawarto\u015b\u0107 wymaga obs\u0142ugi j\u0119zyka JavaScript.<\/noscript>\n<div id=\"nf-form-3-cont\" class=\"nf-form-cont\" aria-live=\"polite\" aria-labelledby=\"nf-form-title-3\" aria-describedby=\"nf-form-errors-3\" role=\"form\">\n\n    <div class=\"nf-loading-spinner\"><\/div>\n\n<\/div>\n        <!-- That data is being printed as a workaround to page builders reordering the order of the scripts loaded-->\n        <script>var formDisplay=1;var nfForms=nfForms||[];var form=[];form.id='3';form.settings={\"objectType\":\"Form Setting\",\"editActive\":true,\"title\":\"Block CTA\",\"created_at\":\"2022-11-08 16:03:33\",\"default_label_pos\":\"above\",\"show_title\":0,\"clear_complete\":\"1\",\"hide_complete\":\"1\",\"logged_in\":\"\",\"wrapper_class\":\"\",\"element_class\":\"\",\"key\":\"\",\"add_submit\":\"0\",\"changeEmailErrorMsg\":\"Wprowad\\u017a prawid\\u0142owy adres e-mail!\",\"changeDateErrorMsg\":\"Prosz\\u0119 wpisa\\u0107 prawid\\u0142ow\\u0105 dat\\u0119!\",\"confirmFieldErrorMsg\":\"Te pola musz\\u0105 si\\u0119 zgadza\\u0107!\",\"fieldNumberNumMinError\":\"B\\u0142\\u0105d \\u2014 liczba minimalna\",\"fieldNumberNumMaxError\":\"B\\u0142\\u0105d \\u2014 liczba maksymalna\",\"fieldNumberIncrementBy\":\"Zwi\\u0119ksz o \",\"formErrorsCorrectErrors\":\"Popraw b\\u0142\\u0119dy, zanim prze\\u015blesz formularz.\",\"validateRequiredField\":\"To jest wymagane pole.\",\"honeypotHoneypotError\":\"B\\u0142\\u0105d Honeypot\",\"fieldsMarkedRequired\":\"Pola oznaczone znakiem <span class=\\\"ninja-forms-req-symbol\\\">*<\\\/span> s\\u0105 wymagane\",\"currency\":\"\",\"repeatable_fieldsets\":\"\",\"unique_field_error\":\"Formularz z t\\u0105 warto\\u015bci\\u0105 zosta\\u0142 ju\\u017c przes\\u0142any.\",\"not_logged_in_msg\":\"\",\"sub_limit_msg\":\"Formularz osi\\u0105gn\\u0105\\u0142 limit wys\\u0142a\\u0144.\",\"calculations\":[],\"container_styles_show_advanced_css\":\"0\",\"title_styles_show_advanced_css\":\"0\",\"row_styles_show_advanced_css\":\"0\",\"row-odd_styles_show_advanced_css\":\"0\",\"success-msg_styles_show_advanced_css\":\"0\",\"error_msg_styles_show_advanced_css\":\"0\",\"formContentData\":[{\"order\":1,\"cells\":[{\"order\":0,\"fields\":[\"phone_1640098023980\"],\"width\":35},{\"order\":1,\"fields\":[\"adres_e-mail_1667919839452\"],\"width\":35},{\"order\":2,\"fields\":[\"zapisz_mnie_1667919853255\"],\"width\":30}]}],\"drawerDisabled\":false,\"conditions\":[],\"allow_public_link\":0,\"embed_form\":\"\",\"container_styles_border\":\"\",\"container_styles_height\":\"\",\"container_styles_margin\":\"\",\"container_styles_padding\":\"\",\"container_styles_float\":\"\",\"title_styles_border\":\"\",\"title_styles_height\":\"\",\"title_styles_width\":\"\",\"title_styles_font-size\":\"\",\"title_styles_margin\":\"\",\"title_styles_padding\":\"\",\"title_styles_float\":\"\",\"row_styles_border\":\"\",\"row_styles_width\":\"\",\"row_styles_font-size\":\"\",\"row_styles_margin\":\"\",\"row_styles_padding\":\"\",\"row-odd_styles_border\":\"\",\"row-odd_styles_height\":\"\",\"row-odd_styles_width\":\"\",\"row-odd_styles_font-size\":\"\",\"row-odd_styles_margin\":\"\",\"row-odd_styles_padding\":\"\",\"success-msg_styles_border\":\"\",\"success-msg_styles_height\":\"\",\"success-msg_styles_width\":\"\",\"success-msg_styles_font-size\":\"\",\"success-msg_styles_margin\":\"\",\"success-msg_styles_padding\":\"\",\"error_msg_styles_border\":\"\",\"error_msg_styles_width\":\"\",\"error_msg_styles_font-size\":\"\",\"error_msg_styles_margin\":\"\",\"error_msg_styles_padding\":\"\",\"form_title_heading_level\":\"3\",\"ninjaForms\":\"Ninja Forms\",\"fieldTextareaRTEInsertLink\":\"Wstaw odno\\u015bnik\",\"fieldTextareaRTEInsertMedia\":\"Wstaw media\",\"fieldTextareaRTESelectAFile\":\"Wybierz plik\",\"formHoneypot\":\"Je\\u015bli jeste\\u015b cz\\u0142owiekiem i widzisz to pole, nie wype\\u0142niaj go.\",\"fileUploadOldCodeFileUploadInProgress\":\"Przesy\\u0142anie pliku w toku.\",\"fileUploadOldCodeFileUpload\":\"PRZESY\\u0141ANIE PLIKU\",\"currencySymbol\":\"&#36;\",\"thousands_sep\":\"&nbsp;\",\"decimal_point\":\",\",\"siteLocale\":\"pl_PL\",\"dateFormat\":\"m\\\/d\\\/Y\",\"startOfWeek\":\"1\",\"of\":\"z\",\"previousMonth\":\"Poprzedni miesi\\u0105c\",\"nextMonth\":\"Nast\\u0119pny miesi\\u0105c\",\"months\":[\"Stycze\\u0144\",\"Luty\",\"Marzec\",\"Kwiecie\\u0144\",\"Maj\",\"Czerwiec\",\"Lipiec\",\"Sierpie\\u0144\",\"Wrzesie\\u0144\",\"Pa\\u017adziernik\",\"Listopad\",\"Grudzie\\u0144\"],\"monthsShort\":[\"Sty\",\"Lut\",\"Mar\",\"Kw\",\"Maj\",\"Cze\",\"Lip\",\"Sie\",\"Wrz\",\"Pa\\u017a\",\"Lis\",\"Gru\"],\"weekdays\":[\"Niedziela\",\"Poniedzia\\u0142ek\",\"Wtorek\",\"\\u015aroda\",\"Czwartek\",\"Pi\\u0105tek\",\"Sobota\"],\"weekdaysShort\":[\"Niedz\",\"Pon\",\"Wt\",\"\\u015ar\",\"Czw\",\"Pt\",\"Sob\"],\"weekdaysMin\":[\"Niedz\",\"Pon\",\"Wt\",\"\\u015ar\",\"Czw\",\"Pt\",\"Sob\"],\"recaptchaConsentMissing\":\"reCaptcha validation couldn&#039;t load.\",\"recaptchaMissingCookie\":\"reCaptcha v3 validation couldn&#039;t load the cookie needed to submit the form.\",\"recaptchaConsentEvent\":\"Accept reCaptcha cookies before sending the form.\",\"currency_symbol\":\"\",\"beforeForm\":\"\",\"beforeFields\":\"\",\"afterFields\":\"\",\"afterForm\":\"\"};form.fields=[{\"objectType\":\"Field\",\"objectDomain\":\"fields\",\"editActive\":false,\"order\":1,\"idAttribute\":\"id\",\"type\":\"phone\",\"label\":\"Numer telefonu\",\"key\":\"phone_1640098023980\",\"label_pos\":\"above\",\"required\":1,\"default\":\"\",\"placeholder\":\"Numer telefonu\",\"container_class\":\"\",\"element_class\":\"\",\"input_limit\":\"\",\"input_limit_type\":\"characters\",\"input_limit_msg\":\"Liczba pozosta\\u0142ych znak\\u00f3w:\",\"manual_key\":\"\",\"admin_label\":\"\",\"help_text\":\"\",\"mask\":\"\",\"custom_mask\":\"\",\"custom_name_attribute\":\"phone\",\"personally_identifiable\":1,\"wrap_styles_border\":\"\",\"wrap_styles_width\":\"\",\"wrap_styles_margin\":\"\",\"wrap_styles_padding\":\"\",\"wrap_styles_float\":\"\",\"wrap_styles_show_advanced_css\":0,\"label_styles_border\":\"\",\"label_styles_width\":\"\",\"label_styles_font-size\":\"\",\"label_styles_margin\":\"\",\"label_styles_padding\":\"\",\"label_styles_float\":\"\",\"label_styles_show_advanced_css\":0,\"element_styles_border\":\"\",\"element_styles_width\":\"\",\"element_styles_font-size\":\"\",\"element_styles_margin\":\"\",\"element_styles_padding\":\"\",\"element_styles_float\":\"\",\"element_styles_show_advanced_css\":0,\"cellcid\":\"c3386\",\"value\":\"\",\"field_label\":\"Numer telefonu\",\"field_key\":\"phone_1640098023980\",\"drawerDisabled\":false,\"id\":8,\"beforeField\":\"\",\"afterField\":\"\",\"parentType\":\"textbox\",\"element_templates\":[\"tel\",\"textbox\",\"input\"],\"old_classname\":\"\",\"wrap_template\":\"wrap\"},{\"objectType\":\"Field\",\"objectDomain\":\"fields\",\"editActive\":false,\"order\":2,\"idAttribute\":\"id\",\"type\":\"email\",\"label\":\"Adres e-mail\",\"key\":\"adres_e-mail_1667919839452\",\"label_pos\":\"above\",\"required\":1,\"default\":\"\",\"placeholder\":\"Adres e-mail\",\"container_class\":\"\",\"element_class\":\"\",\"admin_label\":\"\",\"help_text\":\"\",\"custom_name_attribute\":\"email\",\"personally_identifiable\":1,\"wrap_styles_border\":\"\",\"wrap_styles_width\":\"\",\"wrap_styles_margin\":\"\",\"wrap_styles_padding\":\"\",\"wrap_styles_float\":\"\",\"wrap_styles_show_advanced_css\":0,\"label_styles_border\":\"\",\"label_styles_width\":\"\",\"label_styles_font-size\":\"\",\"label_styles_margin\":\"\",\"label_styles_padding\":\"\",\"label_styles_float\":\"\",\"label_styles_show_advanced_css\":0,\"element_styles_border\":\"\",\"element_styles_width\":\"\",\"element_styles_font-size\":\"\",\"element_styles_margin\":\"\",\"element_styles_padding\":\"\",\"element_styles_float\":\"\",\"element_styles_show_advanced_css\":0,\"cellcid\":\"c3389\",\"value\":\"\",\"drawerDisabled\":false,\"field_label\":\"E-mail\",\"field_key\":\"email_1640098026199\",\"id\":9,\"beforeField\":\"\",\"afterField\":\"\",\"parentType\":\"email\",\"element_templates\":[\"email\",\"input\"],\"old_classname\":\"\",\"wrap_template\":\"wrap\"},{\"objectType\":\"Field\",\"objectDomain\":\"fields\",\"editActive\":false,\"order\":3,\"idAttribute\":\"id\",\"type\":\"submit\",\"label\":\"Zapisz mnie\",\"processing_label\":\"W trakcie realizacji\",\"container_class\":\"\",\"element_class\":\"\",\"key\":\"zapisz_mnie_1667919853255\",\"wrap_styles_border\":\"\",\"wrap_styles_width\":\"\",\"wrap_styles_margin\":\"\",\"wrap_styles_padding\":\"\",\"wrap_styles_float\":\"\",\"wrap_styles_show_advanced_css\":0,\"element_styles_border\":\"\",\"element_styles_width\":\"\",\"element_styles_font-size\":\"\",\"element_styles_margin\":\"\",\"element_styles_padding\":\"\",\"element_styles_float\":\"\",\"element_styles_show_advanced_css\":0,\"submit_element_hover_styles_border\":\"\",\"submit_element_hover_styles_width\":\"\",\"submit_element_hover_styles_font-size\":\"\",\"submit_element_hover_styles_margin\":\"\",\"submit_element_hover_styles_padding\":\"\",\"submit_element_hover_styles_float\":\"\",\"submit_element_hover_styles_show_advanced_css\":0,\"cellcid\":\"c3391\",\"drawerDisabled\":false,\"field_label\":\"Zamawiam rozmow\\u0119\",\"field_key\":\"zamawiam_rozmowe_1640098067453\",\"id\":10,\"beforeField\":\"\",\"afterField\":\"\",\"value\":\"\",\"label_pos\":\"above\",\"parentType\":\"textbox\",\"element_templates\":[\"submit\",\"button\",\"input\"],\"old_classname\":\"\",\"wrap_template\":\"wrap-no-label\"}];nfForms.push(form);<\/script>\n                <script id=\"nf-tmpl-cell\" type=\"text\/template\">\n            <nf-fields><\/nf-fields>\n        <\/script>\n\n        <script id=\"nf-tmpl-row\" type=\"text\/template\">\n            <nf-cells><\/nf-cells>\n        <\/script>\n\n                <img loading=\"lazy\" decoding=\"async\" width=\"1500\" height=\"705\" src=\"https:\/\/www.koronakarkonoszy.pl\/blog\/wp-content\/uploads\/2022\/06\/Dwor-Korona-Karkonoszy.jpg\" class=\"attachment-full size-full\" alt=\"\" srcset=\"https:\/\/www.koronakarkonoszy.pl\/blog\/wp-content\/uploads\/2022\/06\/Dwor-Korona-Karkonoszy.jpg 1500w, https:\/\/www.koronakarkonoszy.pl\/blog\/wp-content\/uploads\/2022\/06\/Dwor-Korona-Karkonoszy-300x141.jpg 300w, https:\/\/www.koronakarkonoszy.pl\/blog\/wp-content\/uploads\/2022\/06\/Dwor-Korona-Karkonoszy-1024x481.jpg 1024w, https:\/\/www.koronakarkonoszy.pl\/blog\/wp-content\/uploads\/2022\/06\/Dwor-Korona-Karkonoszy-768x361.jpg 768w\" sizes=\"auto, (max-width: 1500px) 100vw, 1500px\" \/>        <\/div> \n    <\/div>\n<\/div>\n\n\n\n<p>\u015alub i <a href=\"https:\/\/www.koronakarkonoszy.pl\/blog\/kieliszki-w-gore-czyli-moda-na-wesele-w-karkonoszach\/\" target=\"_blank\" rel=\"noreferrer noopener\">wesele w Karkonoszach<\/a> to doskona\u0142e rozwi\u0105zanie dla wszystkich romantyk\u00f3w, kt\u00f3rzy marz\u0105 o bajecznych za\u015blubinach. W okolicach Jeleniej G\u00f3ry i Karpacza znajduje si\u0119 mn\u00f3stwo wspania\u0142ych zamk\u00f3w, odrestaurowanych pa\u0142acyk\u00f3w i wyj\u0105tkowych dwork\u00f3w, kt\u00f3re mo\u017cna uzna\u0107 za prawdziwe dzie\u0142a sztuki.  A wi\u0119c \u015blub w takim miejscu to kwintesencja romantyczno\u015bci.&nbsp;<\/p>\n\n\n\n<figure class=\"wp-block-image size-large\"><img loading=\"lazy\" decoding=\"async\" width=\"1024\" height=\"684\" src=\"https:\/\/www.koronakarkonoszy.pl\/blog\/wp-content\/uploads\/2020\/05\/080-1024x684.jpg\" alt=\"\" class=\"wp-image-5787\" srcset=\"https:\/\/www.koronakarkonoszy.pl\/blog\/wp-content\/uploads\/2020\/05\/080-1024x684.jpg 1024w, https:\/\/www.koronakarkonoszy.pl\/blog\/wp-content\/uploads\/2020\/05\/080-300x200.jpg 300w, https:\/\/www.koronakarkonoszy.pl\/blog\/wp-content\/uploads\/2020\/05\/080-768x513.jpg 768w, https:\/\/www.koronakarkonoszy.pl\/blog\/wp-content\/uploads\/2020\/05\/080-1920x1282.jpg 1920w, https:\/\/www.koronakarkonoszy.pl\/blog\/wp-content\/uploads\/2020\/05\/080-1536x1025.jpg 1536w, https:\/\/www.koronakarkonoszy.pl\/blog\/wp-content\/uploads\/2020\/05\/080-2048x1367.jpg 2048w\" sizes=\"auto, (max-width: 1024px) 100vw, 1024px\" \/><figcaption class=\"wp-element-caption\"><strong><a href=\"https:\/\/www.koronakarkonoszy.pl\/blog\/wesele-dolny-slask\/\" target=\"_blank\" rel=\"noreferrer noopener\">Sala weselna Dolny \u015al\u0105sk<\/a>,<\/strong> <strong>Dw\u00f3r Korona Karkonoszy, <a href=\"https:\/\/www.koronakarkonoszy.pl\/blog-atrakcje\/sosnowka\/\" class=\"links-placer\">Sosn\u00f3wka<\/a> ko\u0142o Karpacza<\/strong><\/figcaption><\/figure>\n\n\n\n<h2 class=\"wp-block-heading\" id=\"h-lub-jelenia-g-ra-idealne-miejsce-na-folkowe-wesele\">\u015alub Jelenia G\u00f3ra \u2013 idealne miejsce na folkowe wesele<\/h2>\n\n\n\n<p>Polska tradycja weselna jest bardzo bogata. Staropolskie wesela to kilkudniowe pota\u0144c\u00f3wki, barwne orszaki, smakowite, regionalne dania i wiele niesamowitych rytua\u0142\u00f3w. To wszystko nadawa\u0142o im wyj\u0105tkowy charakter. Jednak z biegiem lat weselne zwyczaje coraz bardziej odchodzi\u0142y w zapomnienie. Pozosta\u0142y tylko nieliczne, jak powitanie pary m\u0142odej <a href=\"https:\/\/www.koronakarkonoszy.pl\/blog\/obrzedowe-pieczywo-weselne-czy-to-nadal-zywa-tradycja\/\" target=\"_blank\" rel=\"noreferrer noopener\">obrz\u0119dowym pieczywem weselnym<\/a> czy oczepiny o p\u00f3\u0142nocy. A co, gdyby tak wr\u00f3ci\u0107 do \u015blubnej tradycji i urz\u0105dzi\u0107 swojskie, sielankowe wydarzenie? Karkonoskie okolice nadaj\u0105 si\u0119 do tego wprost idealnie! \u015alub w Jeleniej G\u00f3rze w wersji folkowej to powr\u00f3t do korzeni.&nbsp;<\/p>\n\n\n<section id=\"leonardo-block_f42b25523f7a7f192434ba32ba27b18f\" class=\"leonardo page-breaker leonardo-image-right\">\r\n    <div class=\"leonardo-body\">\r\n        <h2 class=\"leonardo-title\" id=\"h-wesele-w-gorach\">Wesele w g\u00f3rach <\/h2>        <div class=\"leonardo-content\"><p>Idealnym miejscem na wesele folkowe jest drewniana stodo\u0142a lub tradycyjna, g\u00f3ralska karczma. Wn\u0119trza takich lokali idealnie wpisuj\u0105 si\u0119 w sielankowy, wiejski klimat. <strong>Nic nie stoi jednak na przeszkodzie, by folkowe wesele zorganizowa\u0107 w klasycznej sali weselnej.<\/strong> Grunt to przygotowa\u0107 odpowiedni\u0105 aran\u017cacj\u0119, kt\u00f3ra nada wn\u0119trzu swojski klimat.<\/p>\n<p>W weselnej aran\u017cacji przede wszystkim powinny pojawi\u0107 si\u0119 elementy zdobione ludowym wzornictwem. Kolorowe, g\u00f3ralskie wzory b\u0119d\u0105 stanowi\u0107 znakomity motyw przewodni przyj\u0119cia weselnego. Na sto\u0142ach mog\u0105 znale\u017a\u0107 si\u0119 jutowe obrusy i wazony ze \u015bwie\u017cymi, polnymi kwiatami. Bukiety z mak\u00f3w, stokrotek czy innych ro\u015blin prosto z \u0142\u0105ki mo\u017cna w\u0142o\u017cy\u0107 do du\u017cych s\u0142oik\u00f3w i ozdobi\u0107 delikatnymi ga\u0142\u0105zkami brzozowymi.<\/p>\n<\/div>\r\n                    <aside class=\"leonardo-interlink\">\r\n                <b>Polecamy<\/b>\r\n                <a href=\"https:\/\/www.koronakarkonoszy.pl\/blog\/aranzacja-sali-weselnej\/\">Aran\u017cacja sali weselnej: co warto wiedzie\u0107?<\/a>\r\n            <\/aside>\r\n            <\/div>\r\n    <div class=\"leonardo-image\">\r\n        <img loading=\"lazy\" decoding=\"async\" width=\"1920\" height=\"1440\" src=\"https:\/\/www.koronakarkonoszy.pl\/blog\/wp-content\/uploads\/2022\/02\/mateusz-zatorski-qF8O_mU9sb8-unsplash.jpg\" class=\"attachment-full size-full\" alt=\"\" srcset=\"https:\/\/www.koronakarkonoszy.pl\/blog\/wp-content\/uploads\/2022\/02\/mateusz-zatorski-qF8O_mU9sb8-unsplash.jpg 1920w, https:\/\/www.koronakarkonoszy.pl\/blog\/wp-content\/uploads\/2022\/02\/mateusz-zatorski-qF8O_mU9sb8-unsplash-300x225.jpg 300w, https:\/\/www.koronakarkonoszy.pl\/blog\/wp-content\/uploads\/2022\/02\/mateusz-zatorski-qF8O_mU9sb8-unsplash-1024x768.jpg 1024w, https:\/\/www.koronakarkonoszy.pl\/blog\/wp-content\/uploads\/2022\/02\/mateusz-zatorski-qF8O_mU9sb8-unsplash-768x576.jpg 768w, https:\/\/www.koronakarkonoszy.pl\/blog\/wp-content\/uploads\/2022\/02\/mateusz-zatorski-qF8O_mU9sb8-unsplash-1536x1152.jpg 1536w\" sizes=\"auto, (max-width: 1920px) 100vw, 1920px\" \/>            <\/div>\r\n<\/section>\n\n\n<p>Na <a href=\"https:\/\/www.koronakarkonoszy.pl\/blog\/urocze-i-sielskie-wesele-folkowe\/\" target=\"_blank\" rel=\"noreferrer noopener\">weselu folkowym<\/a>  bez w\u0105tpienia nie mo\u017ce zabrakn\u0105\u0107 znakomitej zabawy, nawi\u0105zuj\u0105cej do dawnych, wiejskich pota\u0144c\u00f3wek i radosnej muzyki przygrywanej przez prawdziw\u0105, g\u00f3ralsk\u0105 kapel\u0119.<\/p>\n\n\n\n<h2 class=\"wp-block-heading\" id=\"h-folkowy-lub-w-jeleniej-g-rze-kreacje-dla-pary-m-odej\">Folkowy \u015blub w Jeleniej G\u00f3rze &#8211; kreacje dla Pary M\u0142odej<\/h2>\n\n\n\n<p>\u015alub w Jeleniej G\u00f3rze w sielskim stylu to doskona\u0142a okazja do tego, by w\u0142o\u017cy\u0107 tradycyjne stroje g\u00f3ralskie. Wed\u0142ug g\u00f3ralskich zwyczaj\u00f3w kreacja Panny M\u0142odej powinna sk\u0142ada\u0107 si\u0119 z:&nbsp;<\/p>\n\n\n\n<ul class=\"wp-block-list\">\n<li>bia\u0142ej koszuli haftowanej bia\u0142ym haftem i ozdobionej dziurkowanym ko\u0142nierzem,<\/li>\n\n\n\n<li>mocno dopasowanego, kolorowego gorsetu z kaletkami poni\u017cej talii, zdobionego haftem, koralikami, motywem kwiatowym,<\/li>\n\n\n\n<li>d\u0142ugiej, szerokiej, mocno marszczonej sp\u00f3dnicy, zdobionej kolorowym motywem kwiatowym,<\/li>\n\n\n\n<li>halki (warstwa pod sp\u00f3dnic\u0105) zdobionej na ko\u0144cu haftem lub koronk\u0105.&nbsp;<\/li>\n<\/ul>\n\n\n<section id=\"leonardo-block_5349d62d506bb9f8dd4eed916b1307e6\" class=\"leonardo page-breaker leonardo-image-left\">\r\n    <div class=\"leonardo-body\">\r\n        <h2 class=\"leonardo-title\" id=\"h-slubne-stroje\">\u015alubne stroje <\/h2>        <div class=\"leonardo-content\"><p><!-- wp:paragraph --><\/p>\n<p>Tradycyjny g\u00f3ralski str\u00f3j dla Pana M\u0142odego to bia\u0142a koszula zdobiona haftem, spodnie (zwane portkami) z bia\u0142ego sukna, wzbogacone o rozmaite ornamenty, a tak\u017ce cucha, czyli narzuta na ramiona, noszona jak peleryna, zwykle wykonana z bia\u0142ego sukna, zdobiona kolorowymi wyszyciami i przewi\u0105zana bia\u0142\u0105 wst\u0105\u017ck\u0105 przy szyi.<\/p>\n<p><span style=\"font-weight: 400;\">Je\u015bli takie kreacje nie do ko\u0144ca Was przekonuj\u0105, mo\u017cecie wple\u015b\u0107 g\u00f3ralskie elementy w klasyczne stroje \u015blubne. Pan m\u0142ody mo\u017ce za\u0142o\u017cy\u0107 much\u0119 lub krawat w ludowe, kolorowe wzory, a panna m\u0142oda \u2013 czerwone korale.<\/span><\/p>\n<p>&nbsp;<\/p>\n<p><!-- \/wp:paragraph --><\/p>\n<\/div>\r\n                    <aside class=\"leonardo-interlink\">\r\n                <b>Polecamy<\/b>\r\n                <a href=\"https:\/\/www.koronakarkonoszy.pl\/blog\/motywy-przewodnie-wesela\/\">Motywy przewodnie wesela gwarancj\u0105 \u015bwietnej zabawy<\/a>\r\n            <\/aside>\r\n            <\/div>\r\n    <div class=\"leonardo-image\">\r\n        <img loading=\"lazy\" decoding=\"async\" width=\"612\" height=\"408\" src=\"https:\/\/www.koronakarkonoszy.pl\/blog\/wp-content\/uploads\/2022\/02\/istockphoto-914818146-612x612-1.jpg\" class=\"attachment-full size-full\" alt=\"\" srcset=\"https:\/\/www.koronakarkonoszy.pl\/blog\/wp-content\/uploads\/2022\/02\/istockphoto-914818146-612x612-1.jpg 612w, https:\/\/www.koronakarkonoszy.pl\/blog\/wp-content\/uploads\/2022\/02\/istockphoto-914818146-612x612-1-300x200.jpg 300w\" sizes=\"auto, (max-width: 612px) 100vw, 612px\" \/>            <\/div>\r\n<\/section>\n\n\n<h2 class=\"wp-block-heading\" id=\"h-lub-jelenia-g-ra-a-mo-e-w-plenerze\">\u015alub Jelenia G\u00f3ra &#8211; a mo\u017ce w plenerze?<\/h2>\n\n\n\n<p>Jelenia G\u00f3ra i okolice to bez w\u0105tpienia niezwykle malowniczy region. Z miasta rozci\u0105ga si\u0119 widok na majestatyczne \u015anie\u017cne Kot\u0142y, kt\u00f3re przypominaj\u0105 alpejskie krajobrazy. Wszystko otoczone jest bujn\u0105 ro\u015blinno\u015bci\u0105, kt\u00f3ra nadaje miejscu niesamowity klimat. Karkonoska okolica ma sw\u00f3j urok, dlatego jest idealnym miejscem na to, by przyrzec sobie wieczn\u0105 mi\u0142o\u015b\u0107 i \u015bwi\u0119towa\u0107 za\u015blubiny&#8230; w plenerze!<\/p>\n\n\n\n<p>\u015alub i <a href=\"https:\/\/www.koronakarkonoszy.pl\/blog\/wesele-na-swiezym-powietrzu\/\" target=\"_blank\" rel=\"noreferrer noopener\">wesele na \u015bwie\u017cym powietrzu<\/a> to \u015bwietna alternatywa dla imprezy w <a href=\"https:\/\/www.koronakarkonoszy.pl\/sala-weselna\/\" target=\"_blank\" rel=\"noreferrer noopener\">sali weselnej<\/a> i doskona\u0142e rozwi\u0105zanie na letni\u0105 ceremoni\u0119. Latem pogoda jest najpewniejsza. Bardzo cz\u0119sto zachwyca nas pi\u0119knym s\u0142o\u0144cem i wysok\u0105 temperatur\u0105. Aby jednak zabezpieczy\u0107 si\u0119 przed szkodami, jakie mog\u0142yby wyrz\u0105dzi\u0107 niespodziewane opady czy wiatr, warto wybra\u0107 teren na \u015blub i wesele, na kt\u00f3rym znajduje si\u0119 odpowiednio du\u017ca altana lub inne zadaszone miejsce.<\/p>\n\n\n\n<figure class=\"wp-block-image size-full\"><img loading=\"lazy\" decoding=\"async\" width=\"960\" height=\"637\" src=\"https:\/\/www.koronakarkonoszy.pl\/blog\/wp-content\/uploads\/2022\/02\/1.jpg\" alt=\"\" class=\"wp-image-5581\" srcset=\"https:\/\/www.koronakarkonoszy.pl\/blog\/wp-content\/uploads\/2022\/02\/1.jpg 960w, https:\/\/www.koronakarkonoszy.pl\/blog\/wp-content\/uploads\/2022\/02\/1-300x199.jpg 300w, https:\/\/www.koronakarkonoszy.pl\/blog\/wp-content\/uploads\/2022\/02\/1-768x510.jpg 768w\" sizes=\"auto, (max-width: 960px) 100vw, 960px\" \/><figcaption class=\"wp-element-caption\"><strong>Plenerowy <a href=\"https:\/\/www.koronakarkonoszy.pl\/wesele\/\" target=\"_blank\" rel=\"noreferrer noopener\">\u015blub w g\u00f3rach <\/a>&#8211; Dw\u00f3r Korona Karkonoszy, Sosn\u00f3wka k. Karpacza<\/strong><\/figcaption><\/figure>\n\n\n\n<p>Innym rozwi\u0105zaniem jest wynaj\u0119cie specjalnego namiotu \u015blubnego, w kt\u00f3rym odb\u0119dzie si\u0119 ceremonia i przyj\u0119cie. \u015acianki namiotu mog\u0105 pozosta\u0107 otwarte, by go\u015bcie mogli podziwia\u0107 malownicz\u0105 okolic\u0119. W razie pogorszenia si\u0119 warunk\u00f3w wystarczy rozwin\u0105\u0107 \u015bcianki i dzi\u0119ki temu cieszy\u0107 si\u0119 dniem \u015blubu bez \u017cadnych zak\u0142\u00f3ce\u0144.<\/p>\n\n\n<section id=\"leonardo-block_8845fd244889e2ac812b753cf5ddbb92\" class=\"leonardo page-breaker leonardo-image-left\">\r\n    <div class=\"leonardo-body\">\r\n        <h2 class=\"leonardo-title\" id=\"h-ceremonia-zawarcia-malzenstwa\">Ceremonia zawarcia ma\u0142\u017ce\u0144stwa<\/h2>        <div class=\"leonardo-content\"><p><!-- wp:heading --><\/p>\n<p>Ceremonia zawarcia ma\u0142\u017ce\u0144stwa to wa\u017cny moment w \u017cyciu Pary M\u0142odej. Gdzie wzi\u0105\u0107 \u015blub? W ko\u015bciele, urz\u0119dzie stanu cywilnego, w plenerze czy w domu prywatnym? Te ostatnie opcje mo\u017cliwe s\u0105 tylko w przypadku \u015blubu <a href=\"https:\/\/www.koronakarkonoszy.pl\/blog\/slub-koscielny-czy-cywilny-jaka-opcje-wybrac\/\" target=\"_blank\" rel=\"noopener\">cywilnego<\/a> i humanistycznego. \u015aluby poza murami ko\u015bcio\u0142a czy USC s\u0105 bardziej zindywidualizowane, cz\u0119sto maj\u0105 ciekawsz\u0105 opraw\u0119, bo zale\u017cy ona tylko od fantazji Pary M\u0142odej.<\/p>\n<p><!-- \/wp:paragraph --> <!-- wp:paragraph --><\/p>\n<p>Na pewno przed <strong>ceremoni\u0105 zawarcia ma\u0142\u017ce\u0144stwa<\/strong> para musi przygotowa\u0107 odpowiednie dokumenty, takie jak dowody osobiste, za\u015bwiadczenie o stanie cywilnym czy \u015bwiadectwa chrztu. Wymagane dokumenty r\u00f3\u017cni\u0105 si\u0119 w zale\u017cno\u015bci od charakteru ceremonii.<\/p>\n<p><!-- \/wp:paragraph --> <!-- wp:paragraph --><\/p>\n<p>Zwykle zawarcie \u015blubu poprzedzone jest uroczystym wjazdem \/ przybyciem na miejsce ceremonii. Najcz\u0119\u015bciej Para M\u0142oda przybywa \u015blubn\u0105 limuzyn\u0105, ale zdarzaj\u0105 si\u0119 bardziej oryginalne \u015brodki transportu, jak rower, motocykl, skuter, poci\u0105g, ko\u0144 czy wreszcie lektyka \u2013 to tradycja w Sosn\u00f3wce k. Karpacza, w kaplicy \u015bw. Anny.<\/p>\n<p><!-- \/wp:paragraph --> <!-- wp:paragraph --><\/p>\n<p>Po podpisaniu aktu \u015blubu uroczysto\u015b\u0107 ko\u0144czy si\u0119 zwykle wyprowadzeniem Pary M\u0142odej z miejsca ceremonii przez go\u015bci i podzi\u0119kowaniem im za przybycie.<\/p>\n<p><!-- \/wp:paragraph --><\/p>\n<\/div>\r\n            <\/div>\r\n    <div class=\"leonardo-image\">\r\n        <img loading=\"lazy\" decoding=\"async\" width=\"1920\" height=\"1280\" src=\"https:\/\/www.koronakarkonoszy.pl\/blog\/wp-content\/uploads\/2022\/03\/jonathan-borba-OoJIOP2QLUg-unsplash.jpg\" class=\"attachment-full size-full\" alt=\"atrakcje \u015blubne: niespodzianka\" srcset=\"https:\/\/www.koronakarkonoszy.pl\/blog\/wp-content\/uploads\/2022\/03\/jonathan-borba-OoJIOP2QLUg-unsplash.jpg 1920w, https:\/\/www.koronakarkonoszy.pl\/blog\/wp-content\/uploads\/2022\/03\/jonathan-borba-OoJIOP2QLUg-unsplash-300x200.jpg 300w, https:\/\/www.koronakarkonoszy.pl\/blog\/wp-content\/uploads\/2022\/03\/jonathan-borba-OoJIOP2QLUg-unsplash-1024x683.jpg 1024w, https:\/\/www.koronakarkonoszy.pl\/blog\/wp-content\/uploads\/2022\/03\/jonathan-borba-OoJIOP2QLUg-unsplash-768x512.jpg 768w, https:\/\/www.koronakarkonoszy.pl\/blog\/wp-content\/uploads\/2022\/03\/jonathan-borba-OoJIOP2QLUg-unsplash-1536x1024.jpg 1536w\" sizes=\"auto, (max-width: 1920px) 100vw, 1920px\" \/>            <\/div>\r\n<\/section>\n\n\n<p>Plener to znakomite miejsce na <strong>\u015blub i wesele w stylu rustykalnym<\/strong>, kt\u00f3ry nawi\u0105zuje do natury, ziemi i swojsko\u015bci. W \u015blubnej aran\u017cacji nie mo\u017ce zabrakn\u0105\u0107 pi\u0119knych, \u015bwie\u017cych kwiat\u00f3w w stonowanych odcieniach, zielonych ro\u015blin i ga\u0142\u0105zek. Ale r\u00f3wnie\u017c haftowanych i zwiewnych element\u00f3w w odcieniu \u00e9cru oraz drewnianych akcent\u00f3w. Dodatkowo dope\u0142nieniem wystroju mog\u0105 by\u0107 efektowne \u015bwiece i subtelne lampki. Rustykalne dekoracje b\u0119d\u0105 idealnie wsp\u00f3\u0142gra\u0107 z otaczaj\u0105c\u0105 wszystko zieleni\u0105. \u015alub Jelenia G\u00f3ra w stylu rustykalnym to kwintesencja romantyczno\u015bci.<\/p>\n\n\n<section id=\"leonardo-block_b2b27bf0e5f7224afe625a6b1b47d7f4\" class=\"leonardo page-breaker leonardo-image-right\">\r\n    <div class=\"leonardo-body\">\r\n        <h2 class=\"leonardo-title\" id=\"h-co-oferuja-sale-weselne\">Co oferuj\u0105 sale weselne?<\/h2>        <div class=\"leonardo-content\"><p><!-- wp:paragraph --><\/p>\n<p>Sale weselne oferuj\u0105 zazwyczaj szeroki zakres us\u0142ug zwi\u0105zanych z organizacj\u0105 wesela. Oto niekt\u00f3re z us\u0142ug, kt\u00f3re mog\u0105 by\u0107 oferowane przez sale weselne:<\/p>\n<ul>\n<li>Wynajem sali &#8211; <a href=\"https:\/\/www.koronakarkonoszy.pl\/blog\/sala-weselna-w-gorach\/\" target=\"_blank\" rel=\"noopener\">sale weselne<\/a> zazwyczaj oferuj\u0105 wynajem sali, kt\u00f3ra mo\u017ce pomie\u015bci\u0107 okre\u015blon\u0105 liczb\u0119 os\u00f3b. W zale\u017cno\u015bci od preferencji Pary M\u0142odej, sala mo\u017ce by\u0107 mniejsza lub wi\u0119ksza, bardziej kameralna lub bardziej przestronna.<\/li>\n<\/ul>\n<ol start=\"1\" type=\"1\">\n<li style=\"list-style-type: none;\">\n<ul type=\"1\"><!-- wp:list-item --><\/ul>\n<\/li>\n<\/ol>\n<p><!-- \/wp:list-item --> <!-- wp:list-item --><\/p>\n<ul>\n<li>Catering &#8211; wi\u0119kszo\u015b\u0107 sal weselnych oferuje us\u0142ugi <a href=\"https:\/\/www.koronakarkonoszy.pl\/catering\/\" target=\"_blank\" rel=\"noopener\">cateringu<\/a>, czyli przygotowania i podania posi\u0142k\u00f3w podczas wesela. W zale\u017cno\u015bci od preferencji, catering mo\u017ce by\u0107 dostarczony przez sal\u0119 weseln\u0105 lub przez zewn\u0119trznego dostawc\u0119.<\/li>\n<\/ul>\n<p><!-- \/wp:list-item --> <!-- wp:list-item --><\/p>\n<ul>\n<li>Dekoracje &#8211; sale weselne zazwyczaj oferuj\u0105 dekoracje sali, sto\u0142\u00f3w i krzese\u0142, kt\u00f3re mog\u0105 by\u0107 dostosowane do tematyki wesela. Mo\u017cna r\u00f3wnie\u017c wynaj\u0105\u0107 dodatkowe dekoracje, takie jak kwiaty, \u015bwiece czy lampiony.<\/li>\n<\/ul>\n<p><!-- \/wp:list-item --> <!-- wp:list-item --><\/p>\n<ul>\n<li>Muzyka &#8211; sale weselne cz\u0119sto oferuj\u0105 us\u0142ugi zwi\u0105zane z muzyk\u0105, takie jak wynajem <a href=\"https:\/\/www.koronakarkonoszy.pl\/blog\/zespol-czy-dj-na-wesele\/\" target=\"_blank\" rel=\"noopener\">zespo\u0142u czy DJ-a<\/a>, kt\u00f3ry b\u0119dzie odpowiada\u0142 za opraw\u0119 muzyczn\u0105 wesela.<\/li>\n<\/ul>\n<p><!-- \/wp:list-item --> <!-- wp:list-item --><\/p>\n<ul>\n<li>Obs\u0142uga &#8211; sale weselne zazwyczaj oferuj\u0105 obs\u0142ug\u0119 podczas wesela, kt\u00f3ra b\u0119dzie odpowiedzialna za serwowanie posi\u0142k\u00f3w, napoj\u00f3w i ciast, a tak\u017ce za utrzymanie porz\u0105dku w sali.<\/li>\n<\/ul>\n<p><!-- \/wp:list-item --> <!-- wp:list-item --><\/p>\n<ul>\n<li>Parking &#8211; wi\u0119kszo\u015b\u0107 sal weselnych oferuje parking dla go\u015bci, co jest szczeg\u00f3lnie wa\u017cne, gdy sala weselna znajduje si\u0119 w centrum miasta.<\/li>\n<\/ul>\n<p><!-- \/wp:paragraph --><\/p>\n<\/div>\r\n            <\/div>\r\n    <div class=\"leonardo-image\">\r\n        <img loading=\"lazy\" decoding=\"async\" width=\"800\" height=\"534\" src=\"https:\/\/www.koronakarkonoszy.pl\/blog\/wp-content\/uploads\/2021\/07\/sala-balowa-dekoracje.jpg\" class=\"attachment-full size-full\" alt=\"Przygotowania weselne\" srcset=\"https:\/\/www.koronakarkonoszy.pl\/blog\/wp-content\/uploads\/2021\/07\/sala-balowa-dekoracje.jpg 800w, https:\/\/www.koronakarkonoszy.pl\/blog\/wp-content\/uploads\/2021\/07\/sala-balowa-dekoracje-300x200.jpg 300w, https:\/\/www.koronakarkonoszy.pl\/blog\/wp-content\/uploads\/2021\/07\/sala-balowa-dekoracje-768x513.jpg 768w\" sizes=\"auto, (max-width: 800px) 100vw, 800px\" \/>            <\/div>\r\n<\/section>\n\n\n<p>Opr\u00f3cz wymienionych us\u0142ug, niekt\u00f3re sale weselne oferuj\u0105 r\u00f3wnie\u017c dodatkowe udogodnienia, takie jak noclegi dla go\u015bci, mo\u017cliwo\u015b\u0107 organizacji wesela na \u015bwie\u017cym powietrzu czy organizacj\u0119 dodatkowych atrakcji, takich jak fajerwerki.<\/p>\n\n\n\n<h2 class=\"wp-block-heading\" id=\"ha-wymarzone-miejsce-na-slub-jelenia-gora\">Wymarzone miejsce na \u015blub? Jelenia G\u00f3ra!<\/h2>\n\n\n\n<p>Szukacie idealnej sali na \u015blub? Jelenia G\u00f3ra to idealne miejsce dla os\u00f3b, kt\u00f3re chc\u0105 po\u0142\u0105czy\u0107 ceremoni\u0119 za\u015blubin z podr\u00f3\u017c\u0105 po\u015blubn\u0105 w g\u00f3rach. <strong>Stolica Karkonoszy stanowi bowiem idealn\u0105 baz\u0119 wypadow\u0105 na zwiedzanie Dolnego \u015al\u0105ska<\/strong>.<\/p>\n\n\n\n<p>Marzycie o tym, aby zorganizowa\u0107 uroczysto\u015bci w malowniczej okolicy? Szukacie perfekcyjnego miejsca na \u015blub? Jelenia G\u00f3ra to doskona\u0142y wyb\u00f3r! Serdecznie zapraszamy do Dworu Korona Karkonoszy, po\u0142o\u017conego zaledwie kilkana\u015bcie kilometr\u00f3w od tej urokliwej miejscowo\u015bci. Istnieje mn\u00f3stwo powod\u00f3w, dla kt\u00f3rych warto w nim zarezerwowa\u0107 sal\u0119 weseln\u0105. Nie chodzi tylko o wy\u015bmienit\u0105 atmosfer\u0119 i zapieraj\u0105ce dech w piersiach widoki, lecz tak\u017ce przepyszne jedzenie i bogat\u0105 ofert\u0119 atrakcji.<\/p>\n\n\n\n<figure class=\"wp-block-image size-large is-resized\"><a href=\"https:\/\/www.koronakarkonoszy.pl\/\" target=\"_blank\" rel=\"noreferrer noopener\"><img loading=\"lazy\" decoding=\"async\" src=\"https:\/\/www.koronakarkonoszy.pl\/blog\/wp-content\/uploads\/2022\/06\/piekne_wesela_DKK-2-1024x512.jpg\" alt=\"\" class=\"wp-image-4072\" width=\"842\" height=\"421\" srcset=\"https:\/\/www.koronakarkonoszy.pl\/blog\/wp-content\/uploads\/2022\/06\/piekne_wesela_DKK-2-1024x512.jpg 1024w, https:\/\/www.koronakarkonoszy.pl\/blog\/wp-content\/uploads\/2022\/06\/piekne_wesela_DKK-2-300x150.jpg 300w, https:\/\/www.koronakarkonoszy.pl\/blog\/wp-content\/uploads\/2022\/06\/piekne_wesela_DKK-2-768x384.jpg 768w, https:\/\/www.koronakarkonoszy.pl\/blog\/wp-content\/uploads\/2022\/06\/piekne_wesela_DKK-2.jpg 1200w\" sizes=\"auto, (max-width: 842px) 100vw, 842px\" \/><\/a><\/figure>\n\n\n\n<h2 class=\"wp-block-heading\" id=\"ha-slub-jelenia-gora-sprawdzcie-o-czym-warto-pamietac\">\u015alub Jelenia G\u00f3ra: sprawd\u017acie, o czym warto pami\u0119ta\u0107!<\/h2>\n\n\n\n<p>Chcecie pobra\u0107 si\u0119 w g\u00f3rach, ale nie macie jeszcze zarezerwowanej sali? W takim razie zapraszamy do stolicy Karkonoszy. Niezale\u017cnie od tego, czy planujecie nowoczesny, czy tradycyjny \u015blub, Jelenia G\u00f3ra to idealny wyb\u00f3r! Zastanawiacie si\u0119, jak wybra\u0107 odpowiedni motyw przewodni? Oczywi\u015bcie, pierwsze, co przychodzi na my\u015bl to styl g\u00f3ralski.<\/p>\n\n\n\n<p>Pami\u0119tajcie jednak, \u017ce Dw\u00f3r Korona Karkonoszy daje o wiele wi\u0119ksze mo\u017cliwo\u015bci. Pomy\u015blcie o tym, aby zaplanowa\u0107 uroczysto\u015b\u0107 w stylu rustykalnym, boho, czy glamour. Gwarantujemy profesjonaln\u0105 obs\u0142ug\u0119, kt\u00f3ra pomo\u017ce wcieli\u0107 Wasze pomys\u0142y w \u017cycie.<\/p>\n\n\n\n<p>U podn\u00f3\u017ca g\u00f3r mo\u017cecie \u015bmia\u0142o zorganizowa\u0107 zar\u00f3wno kameralny, jak i huczny \u015blub. Jelenia G\u00f3ra zachwyca o ka\u017cdej porze roku. Miasto przyci\u0105ga bajecznym po\u0142o\u017ceniem, licznymi atrakcjami i niepowtarzalnym klimatem. Nic wi\u0119c dziwnego, \u017ce coraz wi\u0119cej par organizuje w\u0142a\u015bnie tutaj ceremoni\u0119 \u015blubn\u0105.<\/p>\n\n\n<section id=\"leonardo-block_1c7422c5384bf3380712143e6ead3cbd\" class=\"leonardo page-breaker leonardo-image-left\">\r\n    <div class=\"leonardo-body\">\r\n        <h2 class=\"leonardo-title\" id=\"h-zaproszenia-slubne-slub-jelenia-gora\">Zaproszenia \u015blubne \u2013 \u015blub Jelenia G\u00f3ra<\/h2>        <div class=\"leonardo-content\"><p><!-- wp:heading --><\/p>\n<p>Kiedy nale\u017cy wys\u0142a\u0107 zaproszenia \u015blubne? Na pewno z odpowiednim wyprzedzeniem, aby zaproszeni go\u015bcie mieli czas na zorganizowanie swojego udzia\u0142u w weselu. Czyli? Zazwyczaj zaproszenia wysy\u0142a si\u0119 oko\u0142o 3-4 miesi\u0105ce przed dat\u0105 \u015blubu. Oczywi\u015bcie, je\u015bli planujesz <a href=\"https:\/\/www.koronakarkonoszy.pl\/blog\/letnie-wesele-inspiracje-na-orzezwiajace-przyjecie\/\" target=\"_blank\" rel=\"noopener\">letnie wesele<\/a> albo w czasie \u015bwi\u0105t, cho\u0107by w <a href=\"https:\/\/www.koronakarkonoszy.pl\/blog\/slub-w-wielkanoc\/\" target=\"_blank\" rel=\"noopener\">Wielkanoc<\/a>, warto rozwa\u017cy\u0107 wys\u0142anie zaprosze\u0144 nawet 6 miesi\u0119cy wcze\u015bniej, poniewa\u017c go\u015bcie mog\u0105 mie\u0107 zarezerwowane wakacje lub inne plany na ten czas.<\/p>\n<p><!-- \/wp:paragraph --> <!-- wp:paragraph --><\/p>\n<p>Je\u015bli zapraszasz go\u015bci z zagranicy na <a href=\"https:\/\/www.koronakarkonoszy.pl\/blog\/wesele-w-polsce\/\" target=\"_blank\" rel=\"noopener\">wesele w Polsce<\/a>, warto rozwa\u017cy\u0107 wys\u0142anie zaprosze\u0144 jeszcze wcze\u015bniej, aby mieli czas na zorganizowanie swojej podr\u00f3\u017cy. Mo\u017cliwe, \u017ce musz\u0105 zarezerwowa\u0107 lot, albo zdoby\u0107 wizy, je\u015bli przyjad\u0105 spoza strefy Schengen. Informacje na temat transportu, zakwaterowania oraz innych atrakcji turystycznych, kt\u00f3re go\u015bcie mog\u0105 zobaczy\u0107 w czasie swojego pobytu na pewno oka\u017c\u0105 si\u0119 pomocne.<\/p>\n<p><!-- \/wp:paragraph --> <!-- wp:paragraph --><\/p>\n<p>Wa\u017cne jest tak\u017ce, aby w zaproszeniu poda\u0107 szczeg\u00f3\u0142owe informacje dotycz\u0105ce daty, godziny, miejsca oraz dress code&#8217;u. Dobrze jest tak\u017ce zamie\u015bci\u0107 dane kontaktowe do osoby, kt\u00f3ra odpowiada za organizacj\u0119 wesela, w razie gdyby go\u015bcie mieli jakie\u015b pytania lub w\u0105tpliwo\u015bci i mogli potwierdzi\u0107 sw\u00f3j przyjazd.<\/p>\n<p><!-- \/wp:paragraph --><\/p>\n<\/div>\r\n                    <aside class=\"leonardo-interlink\">\r\n                <b>Polecamy<\/b>\r\n                <a href=\"https:\/\/www.koronakarkonoszy.pl\/blog\/wesele-okolice-wroclawia\/\">Wesele okolice Wroc\u0142awia \u2013 gdzie zorganizowa\u0107 przyj\u0119cie?<\/a>\r\n            <\/aside>\r\n            <\/div>\r\n    <div class=\"leonardo-image\">\r\n        <img loading=\"lazy\" decoding=\"async\" width=\"1920\" height=\"1440\" src=\"https:\/\/www.koronakarkonoszy.pl\/blog\/wp-content\/uploads\/2023\/02\/zaproszenie1.jpg\" class=\"attachment-full size-full\" alt=\"\" srcset=\"https:\/\/www.koronakarkonoszy.pl\/blog\/wp-content\/uploads\/2023\/02\/zaproszenie1.jpg 1920w, https:\/\/www.koronakarkonoszy.pl\/blog\/wp-content\/uploads\/2023\/02\/zaproszenie1-300x225.jpg 300w, https:\/\/www.koronakarkonoszy.pl\/blog\/wp-content\/uploads\/2023\/02\/zaproszenie1-1024x768.jpg 1024w, https:\/\/www.koronakarkonoszy.pl\/blog\/wp-content\/uploads\/2023\/02\/zaproszenie1-768x576.jpg 768w, https:\/\/www.koronakarkonoszy.pl\/blog\/wp-content\/uploads\/2023\/02\/zaproszenie1-1536x1152.jpg 1536w, https:\/\/www.koronakarkonoszy.pl\/blog\/wp-content\/uploads\/2023\/02\/zaproszenie1-16x12.jpg 16w\" sizes=\"auto, (max-width: 1920px) 100vw, 1920px\" \/>            <\/div>\r\n<\/section>\n\n\n<h2 class=\"wp-block-heading\"><a><\/a>Drewno jako motyw przewodni<\/h2>\n\n\n\n<p>Szukacie idealnego motywu na \u015blub? Jelenia G\u00f3ra skrad\u0142a Wasze serca? Przedstawili\u015bmy Wam kilka pomys\u0142\u00f3w na folkowe wesele, nic jednak nie stoi na przeszkodzie, \u017ceby\u015bcie urz\u0105dzili je w innym stylu. Pomy\u015blcie o tym, aby to w\u0142a\u015bnie drewno uczyni\u0107 motywem przewodnim przyj\u0119cia. Drewniane akcenty nie tylko ociepl\u0105 wn\u0119trze, lecz tak\u017ce wprowadz\u0105 przyjemn\u0105 atmosfer\u0119.<\/p>\n\n\n\n<p>Proponowane ozdoby sprawdz\u0105 si\u0119 idealnie na przyj\u0119ciu rustykalnym, ale prezentuj\u0105 si\u0119 tak samo wy\u015bmienicie na <a href=\"https:\/\/www.koronakarkonoszy.pl\/blog\/wesela-w-stylu-retro\/\" target=\"_blank\" rel=\"noreferrer noopener\">weselu w stylu retro<\/a>, boho, botanicznym i prowansalskim. Drewno wsp\u00f3\u0142gra fantastycznie z wszystkimi naturalnymi elementami wystroju, w zwi\u0105zku z tym warto wykorzysta\u0107 kwiaty sezonowe. Je\u015bli zdecydowali\u015bcie si\u0119 na wiosenny \u015blub, Jelenia G\u00f3ra powita Was konwaliami, irysami, tulipanami, \u017conkilami, krokusami i stokrotkami. Pomy\u015blcie r\u00f3wnie\u017c o ga\u0142\u0105zkach z soczy\u015bcie zielonymi ga\u0142\u0105zkami i baziach.<\/p>\n\n\n\n<figure class=\"wp-block-image size-large\"><img loading=\"lazy\" decoding=\"async\" width=\"1024\" height=\"683\" src=\"https:\/\/www.koronakarkonoszy.pl\/blog\/wp-content\/uploads\/2022\/03\/chairs-4082392_1280-1024x683.jpg\" alt=\"dekoracje krzese\u0142 na \u015blub: inspiracje\" class=\"wp-image-3279\" srcset=\"https:\/\/www.koronakarkonoszy.pl\/blog\/wp-content\/uploads\/2022\/03\/chairs-4082392_1280-1024x683.jpg 1024w, https:\/\/www.koronakarkonoszy.pl\/blog\/wp-content\/uploads\/2022\/03\/chairs-4082392_1280-300x200.jpg 300w, https:\/\/www.koronakarkonoszy.pl\/blog\/wp-content\/uploads\/2022\/03\/chairs-4082392_1280-768x512.jpg 768w, https:\/\/www.koronakarkonoszy.pl\/blog\/wp-content\/uploads\/2022\/03\/chairs-4082392_1280.jpg 1280w\" sizes=\"auto, (max-width: 1024px) 100vw, 1024px\" \/><figcaption class=\"wp-element-caption\"><strong>Dekoracje na wesele<\/strong> <\/figcaption><\/figure>\n\n\n\n<p>Marzycie o tym, aby pobra\u0107 si\u0119 na wakacjach? W takim razie na Waszym przyj\u0119ciu powinny pojawi\u0107 si\u0119 k\u0142osy zb\u00f3\u017c, s\u0142onecznik, owoce sezonowe, li\u015bcie paproci. Si\u0119gnijcie r\u00f3wnie\u017c po maki i chabry, za\u015b jesieni\u0105 wybierzcie wrzos, lawend\u0119, dyni\u0119 i kolorowe li\u015bcie. Na jesiennym weselu mog\u0105 r\u00f3wnie\u017c zago\u015bci\u0107 \u017co\u0142\u0119dzie, kasztany i jarz\u0119bina<\/p>\n\n\n\n<p>Szukacie miejsca na romantyczny, <a href=\"https:\/\/www.koronakarkonoszy.pl\/blog\/slub-zima\/\" class=\"links-placer\">zimowy \u015blub<\/a>? Jelenia G\u00f3ra zachwyci Was o ka\u017cdej porze roku. Je\u015bli chodzi o dekoracje, zdecydujcie si\u0119 na gwiazd\u0119 betlejemsk\u0105, jemio\u0142\u0119, szyszki i ga\u0142\u0105zki iglak\u00f3w.<\/p>\n\n\n<section id=\"leonardo-block_15623d896f5dbdebc03a5b99654c7ce0\" class=\"leonardo page-breaker leonardo-image-right\">\r\n    <div class=\"leonardo-body\">\r\n        <h2 class=\"leonardo-title\" id=\"h-jak-wybrac-dekoracje-na-slub-jelenia-gora\">Jak wybra\u0107 dekoracje na \u015blub &#8211; Jelenia G\u00f3ra?<\/h2>        <div class=\"leonardo-content\"><p><!-- wp:heading --><\/p>\n<p>Zastanawiacie si\u0119, jakie jeszcze drewniane elementy powinni\u015bcie wybra\u0107? Przygotowali\u015bmy kilka ciekawych propozycji. Przede wszystkim poszukajcie plastr\u00f3w drewna, kt\u00f3re sprawdz\u0105 si\u0119 nie tylko jako podstawki pod \u015bwieczniki i kwiatowe kompozycje. Mo\u017cecie r\u00f3wnie\u017c na nich postawi\u0107 <a href=\"https:\/\/www.koronakarkonoszy.pl\/blog\/upominki-dla-gosci-weselnych\/\" target=\"_blank\" rel=\"noopener\">upominki dla go\u015bci weselnych<\/a>, takie jak malutkie s\u0142oiczki z miodem lub konfitur\u0105 albo buteleczki z nalewk\u0105.<\/p>\n<p><!-- \/wp:paragraph --> <!-- wp:paragraph --><\/p>\n<p>Pomy\u015blcie r\u00f3wnie\u017c o jedno- lub kilkupi\u0119trowej drewnianej <strong>paterze na tort<\/strong>. Gwarantujemy, \u017ce taka ozdoba wygl\u0105da r\u00f3wnie pi\u0119knie na zdj\u0119ciach, co w rzeczywisto\u015bci. Opr\u00f3cz tego mo\u017cecie poszuka\u0107 innych element\u00f3w wykonanych z drewna, takich jak stojaki pod winietki, ksi\u0119ga go\u015bci, czy numery na sto\u0142y.<\/p>\n<p><!-- \/wp:paragraph --><\/p>\n<\/div>\r\n                    <aside class=\"leonardo-interlink\">\r\n                <b>Polecamy<\/b>\r\n                <a href=\"https:\/\/www.koronakarkonoszy.pl\/blog\/wesele-krok-po-kroku\/\">\u015alub i wesele krok po kroku<\/a>\r\n            <\/aside>\r\n            <\/div>\r\n    <div class=\"leonardo-image\">\r\n        <img loading=\"lazy\" decoding=\"async\" width=\"800\" height=\"534\" src=\"https:\/\/www.koronakarkonoszy.pl\/blog\/wp-content\/uploads\/2021\/07\/tort-na-wesele3.jpg\" class=\"attachment-full size-full\" alt=\"\" srcset=\"https:\/\/www.koronakarkonoszy.pl\/blog\/wp-content\/uploads\/2021\/07\/tort-na-wesele3.jpg 800w, https:\/\/www.koronakarkonoszy.pl\/blog\/wp-content\/uploads\/2021\/07\/tort-na-wesele3-300x200.jpg 300w, https:\/\/www.koronakarkonoszy.pl\/blog\/wp-content\/uploads\/2021\/07\/tort-na-wesele3-768x513.jpg 768w\" sizes=\"auto, (max-width: 800px) 100vw, 800px\" \/>            <\/div>\r\n<\/section>\n\n\n<h2 class=\"wp-block-heading\"><a><\/a>Jak znale\u017a\u0107 miejsce na wesele?<\/h2>\n\n\n\n<p>Szukacie romantycznego dworku, po\u0142o\u017conego w malowniczej okolicy? W takim razie zapraszamy na Dolny \u015al\u0105sk, a dok\u0142adnie do Dworu Korona Karkonoszy. Sk\u0142adaj\u0105c wniosek o urlop, od razu popro\u015bcie o kilka dni wolnego po \u015blubie w Jeleniej G\u00f3rze.<\/p>\n\n\n\n<p>Naturalne wzniesienia wprost zach\u0119caj\u0105 do wycieczki, dlatego je\u015bli prowadzicie aktywny tryb \u017cycia, koniecznie zaplanujcie zwiedzanie Karkonoszy. Coraz wi\u0119cej par z r\u00f3\u017cnych zak\u0105tk\u00f3w Polski decyduje si\u0119 na<a href=\"https:\/\/commplace.pl\/blog\/wesele-dolny-slask\/\" target=\"_blank\" rel=\"noreferrer noopener\"> wesele \u2013 Dolny \u015al\u0105sk<\/a>. Region proponuje bowiem mn\u00f3stwo atrakcji, w tym piesze wycieczki po g\u00f3rach, przeja\u017cd\u017cki rowerowe, lot helikopterem, czy wizyt\u0119 w Muzeum Karkonoskim.<\/p>\n\n\n\n<figure class=\"wp-block-image size-large is-resized\"><a href=\"https:\/\/www.koronakarkonoszy.pl\/wesele\/\"><img loading=\"lazy\" decoding=\"async\" src=\"https:\/\/www.koronakarkonoszy.pl\/blog\/wp-content\/uploads\/2021\/01\/altana-dkk-1024x683.jpg\" alt=\"\" class=\"wp-image-7161\" width=\"868\" height=\"579\" srcset=\"https:\/\/www.koronakarkonoszy.pl\/blog\/wp-content\/uploads\/2021\/01\/altana-dkk-1024x683.jpg 1024w, https:\/\/www.koronakarkonoszy.pl\/blog\/wp-content\/uploads\/2021\/01\/altana-dkk-300x200.jpg 300w, https:\/\/www.koronakarkonoszy.pl\/blog\/wp-content\/uploads\/2021\/01\/altana-dkk-768x512.jpg 768w, https:\/\/www.koronakarkonoszy.pl\/blog\/wp-content\/uploads\/2021\/01\/altana-dkk.jpg 1392w\" sizes=\"auto, (max-width: 868px) 100vw, 868px\" \/><\/a><figcaption class=\"wp-element-caption\"><strong>Miejsce na wesele w plenerze, <a href=\"https:\/\/www.koronakarkonoszy.pl\/wesele\/\" target=\"_blank\" rel=\"noreferrer noopener\">Dw\u00f3r Korona Karkonoszy<\/a>, Sosn\u00f3wka k. Karpacza<\/strong><\/figcaption><\/figure>\n\n\n\n<p>Zastanawiacie si\u0119, jak znale\u017a\u0107 idealne miejsce na \u015blub? Zanim podejmiecie ostateczn\u0105 decyzj\u0119, koniecznie um\u00f3wcie si\u0119 na niezobowi\u0105zuj\u0105ce spotkanie z w\u0142a\u015bcicielem lub managerem obiektu. W ten spos\u00f3b nie tylko dostaniecie odpowiedzi na nurtuj\u0105ce Was pytania, ale przy okazji sprawdzicie, jaka atmosfera panuje w danym miejscu i czy odpowiada Wam jako\u015b\u0107 obs\u0142ugi.<\/p>\n\n\n\n<p>Je\u015bli wybrali\u015bcie motyw przewodni, pomy\u015blcie, czy dany obiekt spe\u0142nia Wasze oczekiwania. W przeciwnym razie wszystkie wysi\u0142ki p\u00f3jd\u0105 na marne, bo i tak nie b\u0119dziecie zadowoleni z efektu. Szukaj\u0105c sali, upewnijcie si\u0119, \u017ce spokojnie pomie\u015bci wszystkich go\u015bci. Pami\u0119tajcie, \u017ce wybrany lokal nie mo\u017ce by\u0107 zbyt ma\u0142y, poniewa\u017c rodzina i znajomi nie b\u0119d\u0105 czu\u0107 si\u0119 swobodnie. Z drugiej strony, sala nie mo\u017ce by\u0107 zbyt du\u017ca, w przeciwnym razie Wasi bliscy si\u0119 rozejd\u0105, zamiast lepiej si\u0119 pozna\u0107. Je\u015bli czujecie si\u0119 przyt\u0142oczeni lawin\u0105 obowi\u0105zk\u00f3w, skorzystajcie z us\u0142ug konsultanta \u015blubnego.<\/p>\n\n\n\n<style>\n    .cta_block{\n        margin: 1.5em 0;\n    }\n    .cta_block_content {\n        position: relative;\n        color: white;\n        padding: 1em;\n    }\n    .cta_block_content h3{\n        text-align: center;\n        font: normal normal normal 36px\/50px Yeseva One;\n    }\n    .cta_block_content .cta_block_desc{\n        text-align: center;\n        font-size: 1.1em;\n        position: relative;\n    }\n    .cta_block_content .cta_block_desc:before {\n        content: '';\n        width: 80px;\n        height: 4px;\n        background: #EEB315;\n        position: absolute;\n        left: 0;\n        right: 0;\n        margin-left: auto;\n        margin-right: auto;\n        top: -22px;\n    }\n\n    .cta_block_content picture{\n        position: absolute;\n        top: 0;\n        right: 0;\n        z-index: -1;\n        height: 100%;\n        overflow: hidden;\n        width: 100%;\n    }\n    .cta_block_content picture img{\n        object-fit: cover;\n        height: 100%;\n        width: 100%;\n    }\n    .cta_block .cta_block_content .ninja-forms-field{\n        background: #FFFFFF2F;\n        border: 1px solid #EEB315;\n        border-radius: 25px;\n        opacity: 1;\n        color: #ffffff;\n    }\n    .cta_block .cta_block_content .nf-form-content input[type=submit]{\n        background-color: #EEB315;\n        color: #292929;\n        text-align: center;\n        font: normal normal bold 14px\/20px Work Sans;\n        padding: 0 2em;\n    }\n\n    .cta_block ::placeholder{\n        color: white!important;\n        opacity: 1;\n    }\n\n    .cta_block_content::after {\n        height: 100%;\n        width: 100%;\n        content: \"\";\n        z-index: -1;\n        position: absolute;\n        top: 0;\n        background: #00000070;\n        right: 0;\n        left: 0;\n        bottom: 0;\n    }\n    #ha-cta-block, .cta_block_desc, .cta_block .nf-field-label, .cta_block .nf-error-msg {\n        filter: drop-shadow(1px 1px 8px black);\n    }\n\n\/*    .cta_block nf-rows-wrap {\n        display: flex;\n        justify-content: space-around;\n        flex-direction: row;\n    }*\/\n\n    .cta_block .nf-field-label {\n        display:none;\n    }\n\n    .cta_block .nf-error.field-wrap .nf-field-element::after {\n        border-radius: 50px;\n    }\n\n    .cta_block .nf-error-msg {\n        color: #fff;\n    }\n\n    .cta_block .nf-form-cont {\n        margin-top: 3em;\n        margin-bottom: 1em;\n    }\n\n    .wp-admin .cta_block_content{\n        display: none;\n    }\n    .cta_block .nf-form-fields-required {\n        display: none;\n    }\n    body:not(.wp-admin) .cta_block_admin {\n        display: none;\n    }\n<\/style>\n<div id=\"cta_block-block_23d1854c53528ef0a437197708ba8b37\" class=\"cta_block\">\n    <div class=\"cta_block_admin\" style=\"background-color: blue; color: white\">\n        Blok CTA\n    <\/div>\n    <div class=\"cta_block\">\n        <div class=\"cta_block_content\">   \n        <h3 id=\"ha-marzysz-o-weselu-w-gorach\">Marzysz o weselu w g\u00f3rach? <\/h3>\n                    <div class=\"cta_block_desc\">Wszystkim si\u0119 zajmiemy! <\/div>\n                <noscript class=\"ninja-forms-noscript-message\">\n\tUwaga: ta zawarto\u015b\u0107 wymaga obs\u0142ugi j\u0119zyka JavaScript.<\/noscript>\n<div id=\"nf-form-3_1-cont\" class=\"nf-form-cont\" aria-live=\"polite\" aria-labelledby=\"nf-form-title-3_1\" aria-describedby=\"nf-form-errors-3_1\" role=\"form\">\n\n    <div class=\"nf-loading-spinner\"><\/div>\n\n<\/div>\n        <!-- That data is being printed as a workaround to page builders reordering the order of the scripts loaded-->\n        <script>var formDisplay=1;var nfForms=nfForms||[];var form=[];form.id='3_1';form.settings={\"objectType\":\"Form Setting\",\"editActive\":true,\"title\":\"Block CTA\",\"created_at\":\"2022-11-08 16:03:33\",\"default_label_pos\":\"above\",\"show_title\":0,\"clear_complete\":\"1\",\"hide_complete\":\"1\",\"logged_in\":\"\",\"wrapper_class\":\"\",\"element_class\":\"\",\"key\":\"\",\"add_submit\":\"0\",\"changeEmailErrorMsg\":\"Wprowad\\u017a prawid\\u0142owy adres e-mail!\",\"changeDateErrorMsg\":\"Prosz\\u0119 wpisa\\u0107 prawid\\u0142ow\\u0105 dat\\u0119!\",\"confirmFieldErrorMsg\":\"Te pola musz\\u0105 si\\u0119 zgadza\\u0107!\",\"fieldNumberNumMinError\":\"B\\u0142\\u0105d \\u2014 liczba minimalna\",\"fieldNumberNumMaxError\":\"B\\u0142\\u0105d \\u2014 liczba maksymalna\",\"fieldNumberIncrementBy\":\"Zwi\\u0119ksz o \",\"formErrorsCorrectErrors\":\"Popraw b\\u0142\\u0119dy, zanim prze\\u015blesz formularz.\",\"validateRequiredField\":\"To jest wymagane pole.\",\"honeypotHoneypotError\":\"B\\u0142\\u0105d Honeypot\",\"fieldsMarkedRequired\":\"Pola oznaczone znakiem &lt;span class=&quot;ninja-forms-req-symbol&quot;&gt;*&lt;\\\/span&gt; s\\u0105 wymagane\",\"currency\":\"\",\"repeatable_fieldsets\":\"\",\"unique_field_error\":\"Formularz z t\\u0105 warto\\u015bci\\u0105 zosta\\u0142 ju\\u017c przes\\u0142any.\",\"not_logged_in_msg\":\"\",\"sub_limit_msg\":\"Formularz osi\\u0105gn\\u0105\\u0142 limit wys\\u0142a\\u0144.\",\"calculations\":[],\"container_styles_show_advanced_css\":\"0\",\"title_styles_show_advanced_css\":\"0\",\"row_styles_show_advanced_css\":\"0\",\"row-odd_styles_show_advanced_css\":\"0\",\"success-msg_styles_show_advanced_css\":\"0\",\"error_msg_styles_show_advanced_css\":\"0\",\"formContentData\":[{\"order\":1,\"cells\":[{\"order\":0,\"fields\":[\"phone_1640098023980\"],\"width\":35},{\"order\":1,\"fields\":[\"adres_e-mail_1667919839452\"],\"width\":35},{\"order\":2,\"fields\":[\"zapisz_mnie_1667919853255\"],\"width\":30}]}],\"drawerDisabled\":false,\"conditions\":[],\"allow_public_link\":0,\"embed_form\":\"\",\"container_styles_border\":\"\",\"container_styles_height\":\"\",\"container_styles_margin\":\"\",\"container_styles_padding\":\"\",\"container_styles_float\":\"\",\"title_styles_border\":\"\",\"title_styles_height\":\"\",\"title_styles_width\":\"\",\"title_styles_font-size\":\"\",\"title_styles_margin\":\"\",\"title_styles_padding\":\"\",\"title_styles_float\":\"\",\"row_styles_border\":\"\",\"row_styles_width\":\"\",\"row_styles_font-size\":\"\",\"row_styles_margin\":\"\",\"row_styles_padding\":\"\",\"row-odd_styles_border\":\"\",\"row-odd_styles_height\":\"\",\"row-odd_styles_width\":\"\",\"row-odd_styles_font-size\":\"\",\"row-odd_styles_margin\":\"\",\"row-odd_styles_padding\":\"\",\"success-msg_styles_border\":\"\",\"success-msg_styles_height\":\"\",\"success-msg_styles_width\":\"\",\"success-msg_styles_font-size\":\"\",\"success-msg_styles_margin\":\"\",\"success-msg_styles_padding\":\"\",\"error_msg_styles_border\":\"\",\"error_msg_styles_width\":\"\",\"error_msg_styles_font-size\":\"\",\"error_msg_styles_margin\":\"\",\"error_msg_styles_padding\":\"\",\"form_title_heading_level\":\"3\",\"ninjaForms\":\"Ninja Forms\",\"fieldTextareaRTEInsertLink\":\"Wstaw odno\\u015bnik\",\"fieldTextareaRTEInsertMedia\":\"Wstaw media\",\"fieldTextareaRTESelectAFile\":\"Wybierz plik\",\"formHoneypot\":\"Je\\u015bli jeste\\u015b cz\\u0142owiekiem i widzisz to pole, nie wype\\u0142niaj go.\",\"fileUploadOldCodeFileUploadInProgress\":\"Przesy\\u0142anie pliku w toku.\",\"fileUploadOldCodeFileUpload\":\"PRZESY\\u0141ANIE PLIKU\",\"currencySymbol\":\"&#36;\",\"thousands_sep\":\"&nbsp;\",\"decimal_point\":\",\",\"siteLocale\":\"pl_PL\",\"dateFormat\":\"m\\\/d\\\/Y\",\"startOfWeek\":\"1\",\"of\":\"z\",\"previousMonth\":\"Poprzedni miesi\\u0105c\",\"nextMonth\":\"Nast\\u0119pny miesi\\u0105c\",\"months\":[\"Stycze\\u0144\",\"Luty\",\"Marzec\",\"Kwiecie\\u0144\",\"Maj\",\"Czerwiec\",\"Lipiec\",\"Sierpie\\u0144\",\"Wrzesie\\u0144\",\"Pa\\u017adziernik\",\"Listopad\",\"Grudzie\\u0144\"],\"monthsShort\":[\"Sty\",\"Lut\",\"Mar\",\"Kw\",\"Maj\",\"Cze\",\"Lip\",\"Sie\",\"Wrz\",\"Pa\\u017a\",\"Lis\",\"Gru\"],\"weekdays\":[\"Niedziela\",\"Poniedzia\\u0142ek\",\"Wtorek\",\"\\u015aroda\",\"Czwartek\",\"Pi\\u0105tek\",\"Sobota\"],\"weekdaysShort\":[\"Niedz\",\"Pon\",\"Wt\",\"\\u015ar\",\"Czw\",\"Pt\",\"Sob\"],\"weekdaysMin\":[\"Niedz\",\"Pon\",\"Wt\",\"\\u015ar\",\"Czw\",\"Pt\",\"Sob\"],\"recaptchaConsentMissing\":\"reCaptcha validation couldn&#039;t load.\",\"recaptchaMissingCookie\":\"reCaptcha v3 validation couldn&#039;t load the cookie needed to submit the form.\",\"recaptchaConsentEvent\":\"Accept reCaptcha cookies before sending the form.\",\"currency_symbol\":\"\",\"beforeForm\":\"\",\"beforeFields\":\"\",\"afterFields\":\"\",\"afterForm\":\"\"};form.fields=[{\"objectType\":\"Field\",\"objectDomain\":\"fields\",\"editActive\":false,\"order\":1,\"idAttribute\":\"id\",\"type\":\"phone\",\"label\":\"Numer telefonu\",\"key\":\"phone_1640098023980\",\"label_pos\":\"above\",\"required\":1,\"default\":\"\",\"placeholder\":\"Numer telefonu\",\"container_class\":\"\",\"element_class\":\"\",\"input_limit\":\"\",\"input_limit_type\":\"characters\",\"input_limit_msg\":\"Liczba pozosta\\u0142ych znak\\u00f3w:\",\"manual_key\":\"\",\"admin_label\":\"\",\"help_text\":\"\",\"mask\":\"\",\"custom_mask\":\"\",\"custom_name_attribute\":\"phone\",\"personally_identifiable\":1,\"wrap_styles_border\":\"\",\"wrap_styles_width\":\"\",\"wrap_styles_margin\":\"\",\"wrap_styles_padding\":\"\",\"wrap_styles_float\":\"\",\"wrap_styles_show_advanced_css\":0,\"label_styles_border\":\"\",\"label_styles_width\":\"\",\"label_styles_font-size\":\"\",\"label_styles_margin\":\"\",\"label_styles_padding\":\"\",\"label_styles_float\":\"\",\"label_styles_show_advanced_css\":0,\"element_styles_border\":\"\",\"element_styles_width\":\"\",\"element_styles_font-size\":\"\",\"element_styles_margin\":\"\",\"element_styles_padding\":\"\",\"element_styles_float\":\"\",\"element_styles_show_advanced_css\":0,\"cellcid\":\"c3386\",\"value\":\"\",\"field_label\":\"Numer telefonu\",\"field_key\":\"phone_1640098023980\",\"drawerDisabled\":false,\"id\":\"8_1\",\"beforeField\":\"\",\"afterField\":\"\",\"parentType\":\"textbox\",\"element_templates\":[\"tel\",\"textbox\",\"input\"],\"old_classname\":\"\",\"wrap_template\":\"wrap\"},{\"objectType\":\"Field\",\"objectDomain\":\"fields\",\"editActive\":false,\"order\":2,\"idAttribute\":\"id\",\"type\":\"email\",\"label\":\"Adres e-mail\",\"key\":\"adres_e-mail_1667919839452\",\"label_pos\":\"above\",\"required\":1,\"default\":\"\",\"placeholder\":\"Adres e-mail\",\"container_class\":\"\",\"element_class\":\"\",\"admin_label\":\"\",\"help_text\":\"\",\"custom_name_attribute\":\"email\",\"personally_identifiable\":1,\"wrap_styles_border\":\"\",\"wrap_styles_width\":\"\",\"wrap_styles_margin\":\"\",\"wrap_styles_padding\":\"\",\"wrap_styles_float\":\"\",\"wrap_styles_show_advanced_css\":0,\"label_styles_border\":\"\",\"label_styles_width\":\"\",\"label_styles_font-size\":\"\",\"label_styles_margin\":\"\",\"label_styles_padding\":\"\",\"label_styles_float\":\"\",\"label_styles_show_advanced_css\":0,\"element_styles_border\":\"\",\"element_styles_width\":\"\",\"element_styles_font-size\":\"\",\"element_styles_margin\":\"\",\"element_styles_padding\":\"\",\"element_styles_float\":\"\",\"element_styles_show_advanced_css\":0,\"cellcid\":\"c3389\",\"value\":\"\",\"drawerDisabled\":false,\"field_label\":\"E-mail\",\"field_key\":\"email_1640098026199\",\"id\":\"9_1\",\"beforeField\":\"\",\"afterField\":\"\",\"parentType\":\"email\",\"element_templates\":[\"email\",\"input\"],\"old_classname\":\"\",\"wrap_template\":\"wrap\"},{\"objectType\":\"Field\",\"objectDomain\":\"fields\",\"editActive\":false,\"order\":3,\"idAttribute\":\"id\",\"type\":\"submit\",\"label\":\"Zapisz mnie\",\"processing_label\":\"W trakcie realizacji\",\"container_class\":\"\",\"element_class\":\"\",\"key\":\"zapisz_mnie_1667919853255\",\"wrap_styles_border\":\"\",\"wrap_styles_width\":\"\",\"wrap_styles_margin\":\"\",\"wrap_styles_padding\":\"\",\"wrap_styles_float\":\"\",\"wrap_styles_show_advanced_css\":0,\"element_styles_border\":\"\",\"element_styles_width\":\"\",\"element_styles_font-size\":\"\",\"element_styles_margin\":\"\",\"element_styles_padding\":\"\",\"element_styles_float\":\"\",\"element_styles_show_advanced_css\":0,\"submit_element_hover_styles_border\":\"\",\"submit_element_hover_styles_width\":\"\",\"submit_element_hover_styles_font-size\":\"\",\"submit_element_hover_styles_margin\":\"\",\"submit_element_hover_styles_padding\":\"\",\"submit_element_hover_styles_float\":\"\",\"submit_element_hover_styles_show_advanced_css\":0,\"cellcid\":\"c3391\",\"drawerDisabled\":false,\"field_label\":\"Zamawiam rozmow\\u0119\",\"field_key\":\"zamawiam_rozmowe_1640098067453\",\"id\":\"10_1\",\"beforeField\":\"\",\"afterField\":\"\",\"value\":\"\",\"label_pos\":\"above\",\"parentType\":\"textbox\",\"element_templates\":[\"submit\",\"button\",\"input\"],\"old_classname\":\"\",\"wrap_template\":\"wrap-no-label\"}];nfForms.push(form);<\/script>\n                <script id=\"nf-tmpl-cell\" type=\"text\/template\">\n            <nf-fields><\/nf-fields>\n        <\/script>\n\n        <script id=\"nf-tmpl-row\" type=\"text\/template\">\n            <nf-cells><\/nf-cells>\n        <\/script>\n\n                <img loading=\"lazy\" decoding=\"async\" width=\"1280\" height=\"811\" src=\"https:\/\/www.koronakarkonoszy.pl\/blog\/wp-content\/uploads\/2023\/01\/DJI_0015.jpg\" class=\"attachment-full size-full\" alt=\"\" srcset=\"https:\/\/www.koronakarkonoszy.pl\/blog\/wp-content\/uploads\/2023\/01\/DJI_0015.jpg 1280w, https:\/\/www.koronakarkonoszy.pl\/blog\/wp-content\/uploads\/2023\/01\/DJI_0015-300x190.jpg 300w, https:\/\/www.koronakarkonoszy.pl\/blog\/wp-content\/uploads\/2023\/01\/DJI_0015-1024x649.jpg 1024w, https:\/\/www.koronakarkonoszy.pl\/blog\/wp-content\/uploads\/2023\/01\/DJI_0015-768x487.jpg 768w\" sizes=\"auto, (max-width: 1280px) 100vw, 1280px\" \/>        <\/div> \n    <\/div>\n<\/div>\n\n\n\n<h2 class=\"wp-block-heading\" id=\"h-atrakcje-na-lub-w-jeleniej-g-rze\">Atrakcje na \u015blub w Jeleniej G\u00f3rze&nbsp;<\/h2>\n\n\n\n<p>Nieod\u0142\u0105cznym elementem wesela folkowego s\u0105 radosne pl\u0105sy na parkiecie w rytm skocznych kawa\u0142k\u00f3w przygrywanych przez prawdziw\u0105, g\u00f3ralsk\u0105 kapel\u0119. Ludowe piosenki Skald\u00f3w, Brathank\u00f3w czy Golec uOrkiestry s\u0105 lekkie i porywaj\u0105 do ta\u0144ca, a dzi\u0119ki temu gwarantuj\u0105 doskona\u0142\u0105 zabaw\u0119.<\/p>\n\n\n\n<p>Na sielankowym weselu i \u015blubie w Jeleniej G\u00f3rze nie mo\u017ce zabrakn\u0105\u0107 tradycyjnych zabaw ludowych. Wprawi\u0105 one go\u015bci w wy\u015bmienite nastroje, ale tak\u017ce wyr\u00f3\u017cni\u0105 wydarzenie na tle innych.<\/p>\n\n\n\n<p>Jedn\u0105 z takich gier jest wykup. Niegdy\u015b tu\u017c po oczepinach Pann\u0119 M\u0142od\u0105 \u201echowano\u201d w osobnym pomieszczeniu, a jej \u015bwie\u017co upieczony m\u0105\u017c musia\u0142 licytowa\u0107 si\u0119 z druhnami, by j\u0105 wykupi\u0107. Wszystkiemu towarzyszy\u0142y teatralne dialogi i \u017carciki rzucane przez Pana M\u0142odego i \u015bwiadk\u00f3w. Dzi\u015b wykup mo\u017ce by\u0107 ciekawym show dla go\u015bci. Zatem warto przygotowa\u0107 wcze\u015bniej dialogi i odegra\u0107 niesamowit\u0105 scen\u0119, kt\u00f3ra na d\u0142ugo zapadnie w pami\u0119ci weselnik\u00f3w.<\/p>\n\n\n<section id=\"leonardo-block_aa4dcf232135b9aca8fbc374279e3b03\" class=\"leonardo page-breaker leonardo-image-left\">\r\n    <div class=\"leonardo-body\">\r\n        <h2 class=\"leonardo-title\" id=\"h-przyjecia-weselne-jelenia-gora\">Przyj\u0119cia weselne Jelenia G\u00f3ra<\/h2>        <div class=\"leonardo-content\"><p><!-- wp:heading --><\/p>\n<p>Jelenia G\u00f3ra dzi\u0119ki swemu po\u0142o\u017ceniu to idealne miejsce na <a href=\"https:\/\/www.koronakarkonoszy.pl\/blog\/przyjecie-zamiast-wesela\/\" target=\"_blank\" rel=\"noopener\">przyj\u0119cie<\/a> weselne. Blisko\u015b\u0107 szczyt\u00f3w, \u0142atwy dojazd z ca\u0142ego regionu i liczba lokali weselnych predestynuj\u0105 j\u0105 do miana stolicy wesel. Tak\u017ce w okolicach Jeleniej G\u00f3ry znajdziecie wiele ciekawych lokali weselnych \u2013 dwor\u00f3w, pa\u0142acyk\u00f3w, zameczk\u00f3w my\u015bliwskich. Tak wi\u0119c z wyborem <a href=\"https:\/\/www.koronakarkonoszy.pl\/blog\/sala-weselna\/\" target=\"_blank\" rel=\"noopener\">sali weselnej<\/a> nie b\u0119dzie problemu. A na ile os\u00f3b dom weselny zarezerwowa\u0107? To oczywi\u015bcie zale\u017cy od tego, ilu go\u015bci planujemy zaprosi\u0107. Zbyt du\u017ca \u2013 w stosunku do liczby go\u015bci &#8211; <a href=\"https:\/\/www.koronakarkonoszy.pl\/blog\/sala-na-wesele-co-warto-wiedziec\/\" target=\"_blank\" rel=\"noopener\">sala na wesele<\/a> b\u0119dzie sprawia\u0142a ponure wra\u017cenie. Zbyt ma\u0142a oka\u017ce si\u0119 niewygodna. Najlepiej poradzi\u0107 si\u0119 profesjonalnego organizatora wesel.<\/p>\n<p><!-- \/wp:paragraph --><\/p>\n<\/div>\r\n                    <aside class=\"leonardo-interlink\">\r\n                <b>Polecamy<\/b>\r\n                <a href=\"https:\/\/www.koronakarkonoszy.pl\/blog\/organizacja-wesel\/\">Organizacja wesel od A do Z<\/a>\r\n            <\/aside>\r\n            <\/div>\r\n    <div class=\"leonardo-image\">\r\n        <img loading=\"lazy\" decoding=\"async\" width=\"1920\" height=\"1280\" src=\"https:\/\/www.koronakarkonoszy.pl\/blog\/wp-content\/uploads\/2022\/05\/slub-Jelenia-Gora-1.jpg\" class=\"attachment-full size-full\" alt=\"\u015blub Jelenia G\u00f3ra - krajobraz\" srcset=\"https:\/\/www.koronakarkonoszy.pl\/blog\/wp-content\/uploads\/2022\/05\/slub-Jelenia-Gora-1.jpg 1920w, https:\/\/www.koronakarkonoszy.pl\/blog\/wp-content\/uploads\/2022\/05\/slub-Jelenia-Gora-1-300x200.jpg 300w, https:\/\/www.koronakarkonoszy.pl\/blog\/wp-content\/uploads\/2022\/05\/slub-Jelenia-Gora-1-1024x683.jpg 1024w, https:\/\/www.koronakarkonoszy.pl\/blog\/wp-content\/uploads\/2022\/05\/slub-Jelenia-Gora-1-768x512.jpg 768w, https:\/\/www.koronakarkonoszy.pl\/blog\/wp-content\/uploads\/2022\/05\/slub-Jelenia-Gora-1-1536x1024.jpg 1536w\" sizes=\"auto, (max-width: 1920px) 100vw, 1920px\" \/>            <\/div>\r\n<\/section>\n\n\n<h2 class=\"wp-block-heading\" id=\"ha-idealne-menu-weselne\">Idealne menu weselne<\/h2>\n\n\n\n<p>Idealne menu weselne to oczywi\u015bcie takie, kt\u00f3re zadowoli r\u00f3\u017cne gusta kulinarne i zapewni go\u015bciom smaczny posi\u0142ek, kt\u00f3ry zostanie zapami\u0119tany na d\u0142ugo. Na pewno warto przygotowa\u0107 kilka r\u00f3\u017cnych da\u0144, kt\u00f3re b\u0119d\u0105 r\u00f3\u017cni\u0142y si\u0119 smakiem i konsystencj\u0105. Dobrym pomys\u0142em jest wyb\u00f3r da\u0144 mi\u0119snych, rybnych i wegetaria\u0144skich. W cenie zawsze s\u0105 produkty sezonowe, \u015bwie\u017ce i smaczne. Dania na bazie \u015bwie\u017cych warzyw i owoc\u00f3w z pewno\u015bci\u0105 zrobi\u0105 wra\u017cenie na go\u015bciach. Warto wybra\u0107 dania, kt\u00f3re b\u0119d\u0105 wygl\u0105da\u0142y elegancko na talerzach. Deser to wa\u017cny element ka\u017cdego menu weselnego. Warto wybra\u0107 r\u00f3\u017cne s\u0142odko\u015bci, kt\u00f3re b\u0119d\u0105 pasowa\u0142y do reszty da\u0144. Mo\u017cna postawi\u0107 na tradycyjne ciasta i babeczki, ale warto te\u017c zaskoczy\u0107 go\u015bci nieco nietypowymi smakami. Obecnie modne s\u0105 tak zwane <a href=\"https:\/\/www.koronakarkonoszy.pl\/blog\/weselny-candy-bar\/\" target=\"_blank\" rel=\"noreferrer noopener\">candy bary<\/a>, czyli bufety z r\u00f3\u017cnymi s\u0142odko\u015bciami, w kt\u00f3rych ka\u017cdy go\u015b\u0107 znajdzie co\u015b dla siebie.&nbsp;<\/p>\n\n\n\n<figure class=\"wp-block-image size-full\"><img loading=\"lazy\" decoding=\"async\" width=\"1024\" height=\"683\" src=\"https:\/\/www.koronakarkonoszy.pl\/blog\/wp-content\/uploads\/2021\/07\/newcandy_bar_wesele.jpg\" alt=\"candy bar\" class=\"wp-image-922\" srcset=\"https:\/\/www.koronakarkonoszy.pl\/blog\/wp-content\/uploads\/2021\/07\/newcandy_bar_wesele.jpg 1024w, https:\/\/www.koronakarkonoszy.pl\/blog\/wp-content\/uploads\/2021\/07\/newcandy_bar_wesele-300x200.jpg 300w, https:\/\/www.koronakarkonoszy.pl\/blog\/wp-content\/uploads\/2021\/07\/newcandy_bar_wesele-768x512.jpg 768w\" sizes=\"auto, (max-width: 1024px) 100vw, 1024px\" \/><figcaption class=\"wp-element-caption\"><strong>Candy bar<\/strong><\/figcaption><\/figure>\n\n\n\n<p>Opr\u00f3cz da\u0144, nale\u017cy zwr\u00f3ci\u0107 uwag\u0119 na wyb\u00f3r napoj\u00f3w. Warto postawi\u0107 na dobre wina, piwa i drinki, kt\u00f3re b\u0119d\u0105 pasowa\u0142y do menu. Wesela z sam\u0105 w\u00f3dk\u0105 odchodz\u0105 ju\u017c w przesz\u0142o\u015b\u0107, bo go\u015bcie ceni\u0105 l\u017cejsze trunki. Warto r\u00f3wnie\u017c zadba\u0107 o napoje bezalkoholowe, takie jak woda mineralna czy soki. Mo\u017cna dopasowa\u0107 menu do charakteru i stylu wesela. Je\u015bli wesele ma charakter rustykalny, warto postawi\u0107 na dania kuchni regionalnej lub potrawy przygotowane na grillu.<\/p>\n\n\n<section id=\"leonardo-block_b5a7d13b4908f810f4d47ade42a1ae1b\" class=\"leonardo page-breaker leonardo-image-right\">\r\n    <div class=\"leonardo-body\">\r\n        <h2 class=\"leonardo-title\" id=\"h-menu-na-wesele-w-gorach\">Menu na wesele w g\u00f3rach <\/h2>        <div class=\"leonardo-content\"><p><!-- wp:paragraph --><\/p>\n<p>Sta\u0142ym punktem folkowego wesela powinien by\u0107 drewniany st\u00f3\u0142 ze swojskim jad\u0142em. Pajdy w\u0142asnor\u0119cznie przygotowanego chleba z bogatym w smaku smalcem i domowymi og\u00f3rkami kiszonymi, swojskie mi\u0119siwa i kie\u0142basy, regionalne piwo i inne trunki \u2013 specja\u0142y z wiejskiego sto\u0142u to prawdziwa uczta dla ka\u017cdego smakosza! Decyduj\u0105c si\u0119 na <a href=\"https:\/\/www.koronakarkonoszy.pl\/wesele\/\" target=\"_blank\" rel=\"noopener\">wesele w g\u00f3rach<\/a>, mamy szans\u0119 popr\u00f3bowa\u0107 regionalnych przysmak\u00f3w i rzemie\u015blniczych nalewek.<\/p>\n<p>&nbsp;<\/p>\n<p>&nbsp;<\/p>\n<p><!-- \/wp:list --><\/p>\n<\/div>\r\n                    <aside class=\"leonardo-interlink\">\r\n                <b>Polecamy<\/b>\r\n                <a href=\"https:\/\/www.koronakarkonoszy.pl\/blog\/stol-panstwa-mlodych\/\">Jak ozdobi\u0107 st\u00f3\u0142 Pa\u0144stwa M\u0142odych?<\/a>\r\n            <\/aside>\r\n            <\/div>\r\n    <div class=\"leonardo-image\">\r\n        <img loading=\"lazy\" decoding=\"async\" width=\"509\" height=\"339\" src=\"https:\/\/www.koronakarkonoszy.pl\/blog\/wp-content\/uploads\/2022\/02\/istockphoto-497277304-170667a.jpg\" class=\"attachment-full size-full\" alt=\"\" srcset=\"https:\/\/www.koronakarkonoszy.pl\/blog\/wp-content\/uploads\/2022\/02\/istockphoto-497277304-170667a.jpg 509w, https:\/\/www.koronakarkonoszy.pl\/blog\/wp-content\/uploads\/2022\/02\/istockphoto-497277304-170667a-300x200.jpg 300w\" sizes=\"auto, (max-width: 509px) 100vw, 509px\" \/>            <\/div>\r\n<\/section>\n\n\n<p>\u015alub i <a href=\"https:\/\/www.koronakarkonoszy.pl\/blog\/slub-w-plenerze\/\" class=\"links-placer\">wesele w plenerze<\/a> to za\u015b \u015bwietna okazja do tego, by zorganizowa\u0107:<\/p>\n\n\n\n<ul class=\"wp-block-list\">\n<li>bar z orze\u017awiaj\u0105c\u0105 lemoniad\u0105, wy\u015bmienitym, sch\u0142odzonym winem musuj\u0105cym czy zimnym <a href=\"https:\/\/www.koronakarkonoszy.pl\/blog\/piwo-z-beczki-na-wesele\/\" target=\"_blank\" rel=\"noreferrer noopener\">piwem z beczki<\/a>,<\/li>\n\n\n\n<li>k\u0105cik gier i zabaw planszowych w wi\u0119kszej wersji plenerowej,<\/li>\n\n\n\n<li>budk\u0119 z lodami \u2013 tajskimi, na ga\u0142ki, czy te\u017c na patyku,<\/li>\n\n\n\n<li>pokaz <a href=\"https:\/\/www.koronakarkonoszy.pl\/blog\/zimne-ognie-na-wesele-2\/\" target=\"_blank\" rel=\"noreferrer noopener\">zimnych ogni<\/a>,<\/li>\n\n\n\n<li>fotobudk\u0119 DIY na tle majestatycznych szczyt\u00f3w g\u00f3rskich.<\/li>\n<\/ul>\n\n\n\n<figure class=\"wp-block-image size-large\"><a href=\"https:\/\/www.koronakarkonoszy.pl\/\" target=\"_blank\" rel=\"noreferrer noopener\"><img loading=\"lazy\" decoding=\"async\" width=\"1024\" height=\"512\" src=\"https:\/\/www.koronakarkonoszy.pl\/blog\/wp-content\/uploads\/2020\/01\/stylowy_dwor_wesleny_DKK-3-1024x512.jpg\" alt=\"\" class=\"wp-image-3921\" srcset=\"https:\/\/www.koronakarkonoszy.pl\/blog\/wp-content\/uploads\/2020\/01\/stylowy_dwor_wesleny_DKK-3-1024x512.jpg 1024w, https:\/\/www.koronakarkonoszy.pl\/blog\/wp-content\/uploads\/2020\/01\/stylowy_dwor_wesleny_DKK-3-300x150.jpg 300w, https:\/\/www.koronakarkonoszy.pl\/blog\/wp-content\/uploads\/2020\/01\/stylowy_dwor_wesleny_DKK-3-768x384.jpg 768w, https:\/\/www.koronakarkonoszy.pl\/blog\/wp-content\/uploads\/2020\/01\/stylowy_dwor_wesleny_DKK-3.jpg 1200w\" sizes=\"auto, (max-width: 1024px) 100vw, 1024px\" \/><\/a><\/figure>\n\n\n\n<h2 class=\"wp-block-heading\">Jelenia G\u00f3ra &#8211; <a href=\"https:\/\/www.koronakarkonoszy.pl\/blog\/wesele-z-noclegiem\/\" class=\"links-placer\">wesele z noclegiem<\/a> w g\u00f3rach<\/h2>\n\n\n\n<p>Je\u015bli planujecie tu sw\u00f3j \u015blub i wesele, Jelenia G\u00f3ra, nawet je\u015bli le\u017cy daleko od waszego miejsca zamieszkania, mo\u017ce si\u0119 okaza\u0107 strza\u0142em w dziesi\u0105tk\u0119. G\u00f3rzysta okolica z pi\u0119knymi widokami to idealna sceneria do \u015blubnych czy weselnych zdj\u0119\u0107. Trzeba tylko wszystko dobrze zaplanowa\u0107 i na przyk\u0142ad zorganizowa\u0107 dojazd dla go\u015bci. \u015awietnie sprawdza si\u0119 wynaj\u0119cie busa czy autokaru oraz oczywi\u015bcie zapewnienie <a href=\"https:\/\/www.koronakarkonoszy.pl\/pokoje\/\" target=\"_blank\" rel=\"noreferrer noopener\">pokoi<\/a> dla go\u015bci. Dla ilu os\u00f3b nocleg nale\u017cy zam\u00f3wi\u0107? To musimy wiedzie\u0107 na pewno. Trzeba spyta\u0107 go\u015bci, kto na pewno b\u0119dzie nocowa\u0142 po weselu. I wybra\u0107 odpowiedni du\u017cy <a href=\"https:\/\/www.koronakarkonoszy.pl\/blog\/dworki-weselne-czy-klasyczne-obiekty-tu-najczesciej-organizuje-sie-wesela\/\" target=\"_blank\" rel=\"noreferrer noopener\">dworek czy inny obiekt<\/a>.<\/p>\n\n\n\n<p>Znajduj\u0105cy si\u0119 w niedalekiej okolicy od Jeleniej G\u00f3ry Dw\u00f3r Korona Karkonoszy, to obiekt kt\u00f3ry oferuje przepi\u0119kne, stylowo urz\u0105dzone pokoje, saloniki i apartamenty. Dw\u00f3r posiada a\u017c 31 staranie zaprojektowanych wn\u0119trz, stanowi\u0105cych bajeczn\u0105 baz\u0119 noclegow\u0105. Ich niepowtarzalny i jedyny w swoim rodzaju charakter oddaj\u0105 tak\u017ce niezwyk\u0142e nazwy pokoi. Apartament Z\u0142oty czy Apartament Zwierciadlany to ponadprzeci\u0119tne wn\u0119trza, w kt\u00f3rych panuje ujmuj\u0105ca atmosfera szcz\u0119\u015bcia i rado\u015bci.<\/p>\n\n\n<section id=\"leonardo-block_f12b5bf6b2a01887952d225b69cc7a2b\" class=\"leonardo page-breaker leonardo-image-left\">\r\n    <div class=\"leonardo-body\">\r\n        <h2 class=\"leonardo-title\" id=\"h-pokoje-dla-gosci\">Pokoje dla go\u015bci <\/h2>        <div class=\"leonardo-content\"><p>Nocleg w luksusowych i komfortowych warunkach przyniesie odpoczynek po intensywnej zabawie zar\u00f3wno Parze M\u0142odej, jak i wszystkim go\u015bciom. Salonik Kr\u00f3lowej \u015aniegu czy Salonik S\u0142oneczny gwarantuj\u0105 wypoczynek na najwy\u017cszym poziomie. Z kolei tematyczne pokoje, takie jak Karnawa\u0142 w Wenecji, Pok\u00f3j Marynarza, czy Pok\u00f3j Kostiumowy, to sp\u00f3jnie opowiedziana historia zakl\u0119ta we wn\u0119trzu, kt\u00f3ra pozwala na ca\u0142kowity relaks i odpr\u0119\u017cenie.<\/p>\n<p>Dlatego planuj\u0105c wesele w okolicy Karkonoszy, warto rozwa\u017cy\u0107 r\u00f3\u017cne opcje. Nie tylko dom weselny Jelenia G\u00f3ra mo\u017ce si\u0119 okaza\u0107 idealnym miejscem na zorganizowanie wesela.<\/p>\n<\/div>\r\n                    <aside class=\"leonardo-interlink\">\r\n                <b>Polecamy<\/b>\r\n                <a href=\"https:\/\/www.koronakarkonoszy.pl\/blog\/wesele-w-czwartek\/\">Czy huczne wesele w czwartek mo\u017ce si\u0119 uda\u0107?<\/a>\r\n            <\/aside>\r\n            <\/div>\r\n    <div class=\"leonardo-image\">\r\n        <img loading=\"lazy\" decoding=\"async\" width=\"1600\" height=\"1065\" src=\"https:\/\/www.koronakarkonoszy.pl\/blog\/wp-content\/uploads\/2022\/03\/DSC_3177.jpg\" class=\"attachment-full size-full\" alt=\"\" srcset=\"https:\/\/www.koronakarkonoszy.pl\/blog\/wp-content\/uploads\/2022\/03\/DSC_3177.jpg 1600w, https:\/\/www.koronakarkonoszy.pl\/blog\/wp-content\/uploads\/2022\/03\/DSC_3177-300x200.jpg 300w, https:\/\/www.koronakarkonoszy.pl\/blog\/wp-content\/uploads\/2022\/03\/DSC_3177-1024x682.jpg 1024w, https:\/\/www.koronakarkonoszy.pl\/blog\/wp-content\/uploads\/2022\/03\/DSC_3177-768x511.jpg 768w, https:\/\/www.koronakarkonoszy.pl\/blog\/wp-content\/uploads\/2022\/03\/DSC_3177-1536x1022.jpg 1536w\" sizes=\"auto, (max-width: 1600px) 100vw, 1600px\" \/>            <\/div>\r\n<\/section>\n\n\n<p>Organizacja Wesela Jelenia G\u00f3ra to fantastyczna okazja do szukania alternatywnego miejsca w okolicy. Takiego, kt\u00f3re ka\u017cdy z go\u015bci z pewno\u015bci\u0105 wspomni przy wielu okazjach. Warto doda\u0107, \u017ce Dw\u00f3r Korona Karkonoszy posiada bardzo dogodn\u0105 lokalizacj\u0119 i dojazd z ka\u017cdego zak\u0105tka Polski jest niezwykle prosty, a dzi\u0119ki blisko\u015bci autostrady i drogi ekspresowej tak\u017ce komfortowy.<\/p>\n\n\n<section id=\"leonardo-block_c3ebc1b1b4d692766f03d9c412b671b3\" class=\"leonardo page-breaker leonardo-image-right\">\r\n    <div class=\"leonardo-body\">\r\n        <h2 class=\"leonardo-title\" id=\"h-wyposazenie-sali-weselnej\">Wyposa\u017cenie sali weselnej<\/h2>        <div class=\"leonardo-content\"><p>Wyposa\u017cenie sali weselnej jest bardzo wa\u017cne, poniewa\u017c wp\u0142ywa na atmosfer\u0119 wesela i wygod\u0119 go\u015bci. Oto lista podstawowego wyposa\u017cenia, kt\u00f3re powinno znale\u017a\u0107 si\u0119 w sali weselnej:<\/p>\n<ol>\n<li>Sto\u0142y i krzes\u0142a to podstawowe wyposa\u017cenie, kt\u00f3re musi znale\u017a\u0107 si\u0119 w ka\u017cdej sali weselnej. Warto zadba\u0107 o wygodne i stabilne krzes\u0142a oraz o sto\u0142y o odpowiedniej wielko\u015bci, kt\u00f3re pomieszcz\u0105 wszystkich go\u015bci.<\/li>\n<li>Odpowiednie o\u015bwietlenie mo\u017ce wp\u0142yn\u0105\u0107 na atmosfer\u0119 wesela. Warto postawi\u0107 na r\u00f3\u017cne rodzaje o\u015bwietlenia, takie jak na przyk\u0142ad lampki dekoracyjne, kinkiety czy reflektory.<\/li>\n<li>Dekoracje s\u0105 bardzo wa\u017cne, poniewa\u017c wp\u0142ywaj\u0105 na atmosfer\u0119 i wygl\u0105d sali weselnej. Mo\u017cna postawi\u0107 na r\u00f3\u017cnego rodzaju dekoracje, takie jak kwiaty, girlandy, balony czy \u015bwieczki.<\/li>\n<li>Strefa taneczna &#8211; warto zadba\u0107 o wydzielon\u0105 stref\u0119 taneczn\u0105, kt\u00f3ra zach\u0119ci go\u015bci do zabawy i ta\u0144ca. Warto r\u00f3wnie\u017c zadba\u0107 o odpowiedni\u0105 muzyk\u0119 oraz o sprz\u0119t nag\u0142a\u015bniaj\u0105cy.<\/li>\n<li><a href=\"https:\/\/www.koronakarkonoszy.pl\/blog\/drink-bar-na-wesele\/\" target=\"_blank\" rel=\"noopener\">Drink bar<\/a> to wa\u017cne miejsce w sali weselnej. Tam go\u015bcie b\u0119d\u0105 mogli zam\u00f3wi\u0107 napoje oraz r\u00f3\u017cne drinki.<\/li>\n<\/ol>\n<\/div>\r\n                    <aside class=\"leonardo-interlink\">\r\n                <b>Polecamy<\/b>\r\n                <a href=\"https:\/\/www.koronakarkonoszy.pl\/blog\/dworki-weselne\/\">Dworki weselne czy klasyczne obiekty? Tu najcz\u0119\u015bciej organizuje si\u0119 wesela<\/a>\r\n            <\/aside>\r\n            <\/div>\r\n    <div class=\"leonardo-image\">\r\n        <img loading=\"lazy\" decoding=\"async\" width=\"1200\" height=\"800\" src=\"https:\/\/www.koronakarkonoszy.pl\/blog\/wp-content\/uploads\/2023\/04\/20722274301_85905cf57f_o.jpg\" class=\"attachment-full size-full\" alt=\"\" srcset=\"https:\/\/www.koronakarkonoszy.pl\/blog\/wp-content\/uploads\/2023\/04\/20722274301_85905cf57f_o.jpg 1200w, https:\/\/www.koronakarkonoszy.pl\/blog\/wp-content\/uploads\/2023\/04\/20722274301_85905cf57f_o-300x200.jpg 300w, https:\/\/www.koronakarkonoszy.pl\/blog\/wp-content\/uploads\/2023\/04\/20722274301_85905cf57f_o-1024x683.jpg 1024w, https:\/\/www.koronakarkonoszy.pl\/blog\/wp-content\/uploads\/2023\/04\/20722274301_85905cf57f_o-768x512.jpg 768w, https:\/\/www.koronakarkonoszy.pl\/blog\/wp-content\/uploads\/2023\/04\/20722274301_85905cf57f_o-18x12.jpg 18w\" sizes=\"auto, (max-width: 1200px) 100vw, 1200px\" \/>            <\/div>\r\n<\/section>\n\n\n<h2 class=\"wp-block-heading\" id=\"ha-sale-weselne-jelenia-gora-i-okolice-polaczenie-tradycji-z-nowoczesnoscia\">Sale weselne Jelenia G\u00f3ra i okolice \u2013 po\u0142\u0105czenie tradycji z nowoczesno\u015bci\u0105<\/h2>\n\n\n\n<p>W ostatnim czasie nowoczesne podej\u015bcie do \u015blubu i wesela cieszy si\u0119 coraz wi\u0119kszym zainteresowaniem. Niemniej tradycja \u015blubna jest tak wa\u017cna w naszej kulturze, \u017ce niekt\u00f3re elementy s\u0105 wci\u0105\u017c celebrowane i stanowi\u0105 podstaw\u0119 niemal ka\u017cdego \u015blubnego wydarzenia. Mowa tu m.in. o pierwszym ta\u0144cu M\u0142odej Pary, kt\u00f3rego wyj\u0105tkowo\u015b\u0107 z pewno\u015bci\u0105 podkre\u015bli miejsce, w kt\u00f3rym si\u0119 odb\u0119dzie. Dworska Sala Balowa jest w\u0142a\u015bnie jednym z nich. \u017badna sala weselna Jelenia G\u00f3ra i najbli\u017csza okolica nie mo\u017ce poszczyci\u0107 si\u0119 wy\u017csz\u0105,  gdy\u017c jej przepi\u0119kne bielone sklepienie znajduje si\u0119 na wysoko\u015bci a\u017c 9 metr\u00f3w. Dodatkowo zdobi\u0105 j\u0105 klasyczne drewniane okna w kszta\u0142c\u0119 \u0142uk\u00f3w, z kt\u00f3rych rozpo\u015bciera si\u0119 przepi\u0119kny widok na Ogr\u00f3d R\u00f3\u017cany, w kt\u00f3rym z kolei znajduje si\u0119 kawiarnia oraz przepi\u0119kna fontanna. Pierwszy taniec wykonany na cudownym, oryginalnie zachowanym drewnianym parkiecie, kt\u00f3ry ma ju\u017c przesz\u0142o sto lat, stanie si\u0119 wydarzeniem niezapomnianym dla wszystkich go\u015bci obecnych w tym dniu razem z M\u0142odymi.<\/p>\n\n\n\n<figure class=\"wp-block-image size-full\"><img loading=\"lazy\" decoding=\"async\" width=\"1024\" height=\"684\" src=\"https:\/\/www.koronakarkonoszy.pl\/blog\/wp-content\/uploads\/2021\/07\/szybkie_wesele.jpg\" alt=\"szybkie wesele\" class=\"wp-image-952\" srcset=\"https:\/\/www.koronakarkonoszy.pl\/blog\/wp-content\/uploads\/2021\/07\/szybkie_wesele.jpg 1024w, https:\/\/www.koronakarkonoszy.pl\/blog\/wp-content\/uploads\/2021\/07\/szybkie_wesele-300x200.jpg 300w, https:\/\/www.koronakarkonoszy.pl\/blog\/wp-content\/uploads\/2021\/07\/szybkie_wesele-768x513.jpg 768w\" sizes=\"auto, (max-width: 1024px) 100vw, 1024px\" \/><figcaption class=\"wp-element-caption\"><strong>Wesele, <a href=\"https:\/\/www.koronakarkonoszy.pl\/wesele\/\" target=\"_blank\" rel=\"noreferrer noopener\">Dw\u00f3r Korona Karkonoszy<\/a>, Sosn\u00f3wka <\/strong><\/figcaption><\/figure>\n\n\n\n<p>Sale weselne Jelenia G\u00f3ra, zw\u0142aszcza pobliski Dw\u00f3r Korona Karkonoszy, pozwalaj\u0105 na po\u0142\u0105czenie tradycji z nowoczesno\u015bci\u0105. Wszystko dzi\u0119ki wielu mo\u017cliwo\u015bciom aran\u017cacji &#8211; wyj\u0105tkowe rozmieszczenie pomieszcze\u0144 i przej\u015bcia mi\u0119dzy nimi daj\u0105 sposobno\u015b\u0107 do niezwyk\u0142ych kompozycji i scenariuszy. Tym sposobem w klasycznym wn\u0119trzu mo\u017cna spotka\u0107 si\u0119 z nowocze\u015bnie ustawionymi sto\u0142ami, luksusowo o\u015bwietlonym ogrodem, niezwyk\u0142\u0105 akustyk\u0105 w pomieszczeniach oraz mo\u017cliwo\u015bci\u0105 skorzystania z niebywa\u0142ych atrakcji. A to wszystko w otoczeniu majestatycznych g\u00f3r.<\/p>\n\n\n<section id=\"leonardo-block_a5b0ba50587ae21eb5329e06cd70f974\" class=\"leonardo page-breaker leonardo-image-left\">\r\n    <div class=\"leonardo-body\">\r\n        <h2 class=\"leonardo-title\" id=\"h-jak-zrobic-dobre-zdjecia-slubne\">Jak zrobi\u0107 dobre zdj\u0119cia \u015blubne?<\/h2>        <div class=\"leonardo-content\"><p><!-- wp:paragraph --><\/p>\n<p>Przy fotografii \u015blubnej wa\u017cna jest nie tylko jako\u015b\u0107 sprz\u0119tu i umiej\u0119tno\u015bci techniczne, ale tak\u017ce kreatywno\u015b\u0107. Oto kilka wskaz\u00f3wek, kt\u00f3re mog\u0105 by\u0107 pomocne w zrobieniu dobrych zdj\u0119\u0107 \u015blubnych.<\/p>\n<ul>\n<li>Spotkaj si\u0119 z Par\u0105 M\u0142od\u0105 i dowiedz, jakie maj\u0105 oczekiwania dotycz\u0105ce zdj\u0119\u0107.<\/li>\n<\/ul>\n<ol start=\"1\" type=\"1\">\n<li style=\"list-style-type: none;\">\n<ul type=\"1\"><!-- wp:list-item --><\/ul>\n<\/li>\n<\/ol>\n<p><!-- \/wp:list-item --> <!-- wp:list-item --><\/p>\n<ul>\n<li>Na zdj\u0119ciach \u015blubnych wa\u017cne s\u0105 detale, takie jak obr\u0105czki, buty, kwiaty, dekoracje, kt\u00f3re pomagaj\u0105 uchwyci\u0107 atmosfer\u0119 dnia \u015blubu. Zwr\u00f3\u0107 na nie uwag\u0119.<\/li>\n<\/ul>\n<p><!-- \/wp:list-item --> <!-- wp:list-item --><\/p>\n<ul>\n<li>B\u0105d\u017a kreatywny, nie b\u00f3j si\u0119 eksperymentowa\u0107 z ustawieniem kadru, perspektyw\u0105 i o\u015bwietleniem. Spr\u00f3buj znale\u017a\u0107 interesuj\u0105ce uj\u0119cia, kt\u00f3re podkre\u015bl\u0105 emocje i uczucia narzeczonych.<\/li>\n<\/ul>\n<p><!-- \/wp:list-item --> <!-- wp:list-item --><\/p>\n<ul>\n<li>Spr\u00f3buj uchwyci\u0107 spontaniczne momenty, takie jak u\u015bmiechy, \u0142zy wzruszenia.<\/li>\n<\/ul>\n<p><!-- \/wp:list-item --> <!-- wp:list-item --><\/p>\n<ul>\n<li>Poszukaj ciekawych lokalizacji, kt\u00f3re b\u0119d\u0105 stanowi\u0142y pi\u0119kne t\u0142o dla zdj\u0119\u0107. Ogrody, parki, ulice miasta \u2013 <strong>Jelenia G\u00f3ra i okolice<\/strong> oferuj\u0105 wiele wspania\u0142ych plener\u00f3w do \u015blubnych zdj\u0119\u0107.<\/li>\n<\/ul>\n<p><!-- \/wp:list-item --> <!-- wp:list-item --><\/p>\n<ul>\n<li>Znajd\u017a najlepsze \u017ar\u00f3d\u0142o \u015bwiat\u0142a &#8211; zwr\u00f3\u0107 uwag\u0119 na to, jakie \u015bwiat\u0142o wpada na Par\u0119 M\u0142od\u0105.<\/li>\n<\/ul>\n<p><!-- \/wp:list-item --> <!-- wp:list-item --><\/p>\n<ul>\n<li>Zdj\u0119cia \u015blubne powinny odzwierciedla\u0107 emocje, kt\u00f3re towarzysz\u0105 temu wyj\u0105tkowemu dniu. Spr\u00f3buj uchwyci\u0107 rado\u015b\u0107, wzruszenie, mi\u0142o\u015b\u0107 czy przyja\u017a\u0144.<\/li>\n<\/ul>\n<p><!-- \/wp:list-item --><\/p>\n<p><!-- \/wp:list --> <!-- wp:paragraph --><\/p>\n<p>Pami\u0119taj, \u017ce dobry <a href=\"https:\/\/www.koronakarkonoszy.pl\/blog\/fotograf-na-slub-jakich-zdjec-oczekuja-panstwo-mlodzi\/\" target=\"_blank\" rel=\"noopener\">fotograf na \u015blub<\/a> nie tylko robi dobre zdj\u0119cia, ale tak\u017ce pomaga Parze M\u0142odej w stworzeniu wyj\u0105tkowej pami\u0105tki z ich magicznego dnia.<\/p>\n<p><!-- \/wp:paragraph --><\/p>\n<\/div>\r\n            <\/div>\r\n    <div class=\"leonardo-image\">\r\n        <img loading=\"lazy\" decoding=\"async\" width=\"1024\" height=\"683\" src=\"https:\/\/www.koronakarkonoszy.pl\/blog\/wp-content\/uploads\/2021\/07\/fotograf-na-slub2.jpg\" class=\"attachment-full size-full\" alt=\"\" srcset=\"https:\/\/www.koronakarkonoszy.pl\/blog\/wp-content\/uploads\/2021\/07\/fotograf-na-slub2.jpg 1024w, https:\/\/www.koronakarkonoszy.pl\/blog\/wp-content\/uploads\/2021\/07\/fotograf-na-slub2-300x200.jpg 300w, https:\/\/www.koronakarkonoszy.pl\/blog\/wp-content\/uploads\/2021\/07\/fotograf-na-slub2-768x512.jpg 768w\" sizes=\"auto, (max-width: 1024px) 100vw, 1024px\" \/>            <\/div>\r\n<\/section>\n\n\n<h2 class=\"wp-block-heading\" id=\"ha-wesele-jelenia-gora-kompletna-oferta\">Wesele Jelenia G\u00f3ra \u2013 kompletna oferta<\/h2>\n\n\n\n<p>Z pewno\u015bci\u0105 organizacja wesela &#8211; Jelenia G\u00f3ra czy w ka\u017cdym innym miejscu &#8211; jest przedsi\u0119wzi\u0119ciem wymagaj\u0105cym zaanga\u017cowania. Rozwi\u0105zaniem bardzo wygodnym i kompleksowym jest powierzenie tego zadania ekspertom. W codziennym zabieganiu warto pozwoli\u0107 sobie pom\u00f3c. Wsparcie specjalist\u00f3w daje przy tym pewno\u015b\u0107, \u017ce wszystko zostanie dopi\u0119te na ostatni guzik. Plusem takiego rozwi\u0105zania jest te\u017c mo\u017cliwo\u015b\u0107 skorzystania z fantastycznego, kilkudniowego wypoczynku na \u0142onie natury i sp\u0119dzenia wsp\u00f3lnych, niezapomnianych chwil w gronie najbli\u017cszej rodziny i przyjaci\u00f3\u0142 w miejscu, kt\u00f3re emanuje wdzi\u0119kiem i magi\u0105. <\/p>\n\n\n\n<figure class=\"wp-block-image size-large\"><img loading=\"lazy\" decoding=\"async\" width=\"1024\" height=\"683\" src=\"https:\/\/www.koronakarkonoszy.pl\/blog\/wp-content\/uploads\/2022\/12\/wesele-w-gorach-piekne-wesele-Dwor-Korona-Karkonoszy-1024x683.jpg\" alt=\"\" class=\"wp-image-6537\" srcset=\"https:\/\/www.koronakarkonoszy.pl\/blog\/wp-content\/uploads\/2022\/12\/wesele-w-gorach-piekne-wesele-Dwor-Korona-Karkonoszy-1024x683.jpg 1024w, https:\/\/www.koronakarkonoszy.pl\/blog\/wp-content\/uploads\/2022\/12\/wesele-w-gorach-piekne-wesele-Dwor-Korona-Karkonoszy-300x200.jpg 300w, https:\/\/www.koronakarkonoszy.pl\/blog\/wp-content\/uploads\/2022\/12\/wesele-w-gorach-piekne-wesele-Dwor-Korona-Karkonoszy-768x512.jpg 768w, https:\/\/www.koronakarkonoszy.pl\/blog\/wp-content\/uploads\/2022\/12\/wesele-w-gorach-piekne-wesele-Dwor-Korona-Karkonoszy.jpg 1200w\" sizes=\"auto, (max-width: 1024px) 100vw, 1024px\" \/><figcaption class=\"wp-element-caption\"><strong>Wesele w g\u00f3rach <\/strong><\/figcaption><\/figure>\n\n\n\n<p>Co wa\u017cne, trzeba wiedzie\u0107, \u017ce wesele w g\u00f3rach, wcale nie oznacza tylko i wy\u0142\u0105cznie wesela g\u00f3ralskiego. W\u0142a\u015bnie takie obiekty jak Dw\u00f3r Korona Karkonoszy s\u0105 tego najlepszym przyk\u0142adem, poniewa\u017c organizuj\u0105c wesela pokazuj\u0105, jak wiele jest r\u00f3\u017cnych mo\u017cliwo\u015bci. Tym sposobem wesele mo\u017ce by\u0107 idealnie sp\u00f3jne i zgodne z za\u0142o\u017ceniami M\u0142odej Pary. Spe\u0142nia\u0107 ich najskrytsze marzenia oraz oczekiwania i by\u0107 dok\u0142adnie dopasowane do ich stylu \u017cycia.<\/p>\n\n\n<style>\n  .destination_map {\n    margin: 1.5em 0;\n  }\n\n  body:not(.wp-admin) .admin {\n    display: none;\n  }\n\n  .map {\n    max-width: 800px;\n    height: 400px;\n  }\n\n  .wp-admin .map {\n    display: none;\n  }\n<\/style>\n\n<div id=\"destination_map-block_9fd78ea0fd60cd26a186ac634fcd96b7\" class=\"destination_map\">\n  <div class=\"destinationmap-body admin\" style=\"background-color: lightblue;\">\n        Mapa dojazdu\n  <\/div>\n  <div id=\"block_9fd78ea0fd60cd26a186ac634fcd96b7\" class=\"map\"><\/div>\n<\/div>\n\n<script>\n  (function($) {\n\n    function mapLocation() {\n      var directionsDisplay;\n      var directionsService = new google.maps.DirectionsService();\n      var map;\n\n      function initialize() {\n        var pos = new google.maps.LatLng(50.9044171, 15.7193616);\n        var mapOptions = {\n          zoom: 11,\n          center: pos\n        };\n        map = new google.maps.Map(document.getElementById('block_9fd78ea0fd60cd26a186ac634fcd96b7'), mapOptions);\n\n        var marker = new google.maps.Marker({\n          position: pos,\n          map: map\n        });\n\n      }\n\n      google.maps.event.addDomListener(window, 'load', initialize);\n    }\n    mapLocation();\n\n  })(jQuery);\n<\/script>","protected":false},"excerpt":{"rendered":"<p>Karkonosze to niezwykle malowniczy region na Dolnym \u015al\u0105sku, kt\u00f3ry zachwyca nawet najbardziej wymagaj\u0105ce osoby. Majestatyczne szczyty w po\u0142\u0105czeniu z bujn\u0105 ro\u015blinno\u015bci\u0105 i innymi niesamowitymi cudami natury tworz\u0105 wyj\u0105tkowo romantyczn\u0105 aur\u0119. Idealn\u0105 do tego, by przyrzec sobie wieczn\u0105 mi\u0142o\u015b\u0107 na \u015blubnym kobiercu. \u015alub Jelenia G\u00f3ra \u2013 dlaczego to dobry pomys\u0142? Jak zorganizowa\u0107 magiczny dzie\u0144 \u015blubu, kt\u00f3ry [&hellip;]<\/p>\n","protected":false},"author":11,"featured_media":3054,"comment_status":"closed","ping_status":"closed","sticky":false,"template":"","format":"standard","meta":{"_acf_changed":false,"footnotes":""},"categories":[2,11],"class_list":["post-2855","post","type-post","status-publish","format-standard","has-post-thumbnail","hentry","category-porady","category-sala-weselna"],"acf":[],"yoast_head":"<!-- This site is optimized with the Yoast SEO plugin v27.4 - https:\/\/yoast.com\/product\/yoast-seo-wordpress\/ -->\n<title>\u015alub Jelenia G\u00f3ra \u2013 sielska ceremonia w stolicy Karkonoszy - :: Blog weselny<\/title>\n<meta name=\"description\" content=\"\u015alub Jelenia G\u00f3ra \u2013 dlaczego to dobry pomys\u0142? Jak zorganizowa\u0107 wesele, kt\u00f3re wydob\u0119dzie wszystko to, co najlepsze z karkonoskich urok\u00f3w?\" \/>\n<meta name=\"robots\" content=\"index, follow, max-snippet:-1, max-image-preview:large, max-video-preview:-1\" \/>\n<link rel=\"canonical\" href=\"https:\/\/www.koronakarkonoszy.pl\/blog\/slub-jelenia-gora\/\" \/>\n<meta property=\"og:locale\" content=\"pl_PL\" \/>\n<meta property=\"og:type\" content=\"article\" \/>\n<meta property=\"og:title\" content=\"\u015alub Jelenia G\u00f3ra \u2013 sielska ceremonia w stolicy Karkonoszy - :: Blog weselny\" \/>\n<meta property=\"og:description\" content=\"\u015alub Jelenia G\u00f3ra \u2013 dlaczego to dobry pomys\u0142? Jak zorganizowa\u0107 wesele, kt\u00f3re wydob\u0119dzie wszystko to, co najlepsze z karkonoskich urok\u00f3w?\" \/>\n<meta property=\"og:url\" content=\"https:\/\/www.koronakarkonoszy.pl\/blog\/slub-jelenia-gora\/\" \/>\n<meta property=\"og:site_name\" content=\":: Blog weselny\" \/>\n<meta property=\"article:published_time\" content=\"2023-05-13T06:18:17+00:00\" \/>\n<meta property=\"article:modified_time\" content=\"2023-05-18T21:20:31+00:00\" \/>\n<meta property=\"og:image\" content=\"https:\/\/www.koronakarkonoszy.pl\/blog\/wp-content\/uploads\/2022\/02\/fallon-michael-CEKa-wh1Fsw-unsplash.jpg\" \/>\n\t<meta property=\"og:image:width\" content=\"1920\" \/>\n\t<meta property=\"og:image:height\" content=\"1280\" \/>\n\t<meta property=\"og:image:type\" content=\"image\/jpeg\" \/>\n<meta name=\"author\" content=\"agnieszka\" \/>\n<meta name=\"twitter:card\" content=\"summary_large_image\" \/>\n<meta name=\"twitter:label1\" content=\"Napisane przez\" \/>\n\t<meta name=\"twitter:data1\" content=\"agnieszka\" \/>\n\t<meta name=\"twitter:label2\" content=\"Szacowany czas czytania\" \/>\n\t<meta name=\"twitter:data2\" content=\"16 minut\" \/>\n<script type=\"application\/ld+json\" class=\"yoast-schema-graph\">{\"@context\":\"https:\\\/\\\/schema.org\",\"@graph\":[{\"@type\":\"Article\",\"@id\":\"https:\\\/\\\/www.koronakarkonoszy.pl\\\/blog\\\/slub-jelenia-gora\\\/#article\",\"isPartOf\":{\"@id\":\"https:\\\/\\\/www.koronakarkonoszy.pl\\\/blog\\\/slub-jelenia-gora\\\/\"},\"author\":{\"name\":\"agnieszka\",\"@id\":\"https:\\\/\\\/www.koronakarkonoszy.pl\\\/blog\\\/#\\\/schema\\\/person\\\/ec8c88bd01ebe6cbf6a16435ce22276f\"},\"headline\":\"\u015alub Jelenia G\u00f3ra \u2013 sielska ceremonia w stolicy Karkonoszy\",\"datePublished\":\"2023-05-13T06:18:17+00:00\",\"dateModified\":\"2023-05-18T21:20:31+00:00\",\"mainEntityOfPage\":{\"@id\":\"https:\\\/\\\/www.koronakarkonoszy.pl\\\/blog\\\/slub-jelenia-gora\\\/\"},\"wordCount\":2858,\"image\":{\"@id\":\"https:\\\/\\\/www.koronakarkonoszy.pl\\\/blog\\\/slub-jelenia-gora\\\/#primaryimage\"},\"thumbnailUrl\":\"https:\\\/\\\/www.koronakarkonoszy.pl\\\/blog\\\/wp-content\\\/uploads\\\/2022\\\/02\\\/fallon-michael-CEKa-wh1Fsw-unsplash.jpg\",\"articleSection\":[\"Porady\",\"Sala weselna\"],\"inLanguage\":\"pl-PL\"},{\"@type\":\"WebPage\",\"@id\":\"https:\\\/\\\/www.koronakarkonoszy.pl\\\/blog\\\/slub-jelenia-gora\\\/\",\"url\":\"https:\\\/\\\/www.koronakarkonoszy.pl\\\/blog\\\/slub-jelenia-gora\\\/\",\"name\":\"\u015alub Jelenia G\u00f3ra \u2013 sielska ceremonia w stolicy Karkonoszy - :: Blog weselny\",\"isPartOf\":{\"@id\":\"https:\\\/\\\/www.koronakarkonoszy.pl\\\/blog\\\/#website\"},\"primaryImageOfPage\":{\"@id\":\"https:\\\/\\\/www.koronakarkonoszy.pl\\\/blog\\\/slub-jelenia-gora\\\/#primaryimage\"},\"image\":{\"@id\":\"https:\\\/\\\/www.koronakarkonoszy.pl\\\/blog\\\/slub-jelenia-gora\\\/#primaryimage\"},\"thumbnailUrl\":\"https:\\\/\\\/www.koronakarkonoszy.pl\\\/blog\\\/wp-content\\\/uploads\\\/2022\\\/02\\\/fallon-michael-CEKa-wh1Fsw-unsplash.jpg\",\"datePublished\":\"2023-05-13T06:18:17+00:00\",\"dateModified\":\"2023-05-18T21:20:31+00:00\",\"author\":{\"@id\":\"https:\\\/\\\/www.koronakarkonoszy.pl\\\/blog\\\/#\\\/schema\\\/person\\\/ec8c88bd01ebe6cbf6a16435ce22276f\"},\"description\":\"\u015alub Jelenia G\u00f3ra \u2013 dlaczego to dobry pomys\u0142? Jak zorganizowa\u0107 wesele, kt\u00f3re wydob\u0119dzie wszystko to, co najlepsze z karkonoskich urok\u00f3w?\",\"breadcrumb\":{\"@id\":\"https:\\\/\\\/www.koronakarkonoszy.pl\\\/blog\\\/slub-jelenia-gora\\\/#breadcrumb\"},\"inLanguage\":\"pl-PL\",\"potentialAction\":[{\"@type\":\"ReadAction\",\"target\":[\"https:\\\/\\\/www.koronakarkonoszy.pl\\\/blog\\\/slub-jelenia-gora\\\/\"]}]},{\"@type\":\"ImageObject\",\"inLanguage\":\"pl-PL\",\"@id\":\"https:\\\/\\\/www.koronakarkonoszy.pl\\\/blog\\\/slub-jelenia-gora\\\/#primaryimage\",\"url\":\"https:\\\/\\\/www.koronakarkonoszy.pl\\\/blog\\\/wp-content\\\/uploads\\\/2022\\\/02\\\/fallon-michael-CEKa-wh1Fsw-unsplash.jpg\",\"contentUrl\":\"https:\\\/\\\/www.koronakarkonoszy.pl\\\/blog\\\/wp-content\\\/uploads\\\/2022\\\/02\\\/fallon-michael-CEKa-wh1Fsw-unsplash.jpg\",\"width\":1920,\"height\":1280},{\"@type\":\"BreadcrumbList\",\"@id\":\"https:\\\/\\\/www.koronakarkonoszy.pl\\\/blog\\\/slub-jelenia-gora\\\/#breadcrumb\",\"itemListElement\":[{\"@type\":\"ListItem\",\"position\":1,\"name\":\"Strona g\u0142\u00f3wna\",\"item\":\"https:\\\/\\\/www.koronakarkonoszy.pl\\\/blog\\\/\"},{\"@type\":\"ListItem\",\"position\":2,\"name\":\"\u015alub Jelenia G\u00f3ra \u2013 sielska ceremonia w stolicy Karkonoszy\"}]},{\"@type\":\"WebSite\",\"@id\":\"https:\\\/\\\/www.koronakarkonoszy.pl\\\/blog\\\/#website\",\"url\":\"https:\\\/\\\/www.koronakarkonoszy.pl\\\/blog\\\/\",\"name\":\":: Blog weselny\",\"description\":\"Blog weselny Dw\u00f3r Korona Karkonoszy\",\"potentialAction\":[{\"@type\":\"SearchAction\",\"target\":{\"@type\":\"EntryPoint\",\"urlTemplate\":\"https:\\\/\\\/www.koronakarkonoszy.pl\\\/blog\\\/?s={search_term_string}\"},\"query-input\":{\"@type\":\"PropertyValueSpecification\",\"valueRequired\":true,\"valueName\":\"search_term_string\"}}],\"inLanguage\":\"pl-PL\"},{\"@type\":\"Person\",\"@id\":\"https:\\\/\\\/www.koronakarkonoszy.pl\\\/blog\\\/#\\\/schema\\\/person\\\/ec8c88bd01ebe6cbf6a16435ce22276f\",\"name\":\"agnieszka\",\"image\":{\"@type\":\"ImageObject\",\"inLanguage\":\"pl-PL\",\"@id\":\"https:\\\/\\\/www.koronakarkonoszy.pl\\\/blog\\\/wp-content\\\/litespeed\\\/avatar\\\/53ee7b676463f74d0aea1a09de3d003b.jpg?ver=1776833699\",\"url\":\"https:\\\/\\\/www.koronakarkonoszy.pl\\\/blog\\\/wp-content\\\/litespeed\\\/avatar\\\/53ee7b676463f74d0aea1a09de3d003b.jpg?ver=1776833699\",\"contentUrl\":\"https:\\\/\\\/www.koronakarkonoszy.pl\\\/blog\\\/wp-content\\\/litespeed\\\/avatar\\\/53ee7b676463f74d0aea1a09de3d003b.jpg?ver=1776833699\",\"caption\":\"agnieszka\"},\"url\":\"https:\\\/\\\/www.koronakarkonoszy.pl\\\/blog\\\/author\\\/agnieszka\\\/\"}]}<\/script>\n<!-- \/ Yoast SEO plugin. -->","yoast_head_json":{"title":"\u015alub Jelenia G\u00f3ra \u2013 sielska ceremonia w stolicy Karkonoszy - :: Blog weselny","description":"\u015alub Jelenia G\u00f3ra \u2013 dlaczego to dobry pomys\u0142? Jak zorganizowa\u0107 wesele, kt\u00f3re wydob\u0119dzie wszystko to, co najlepsze z karkonoskich urok\u00f3w?","robots":{"index":"index","follow":"follow","max-snippet":"max-snippet:-1","max-image-preview":"max-image-preview:large","max-video-preview":"max-video-preview:-1"},"canonical":"https:\/\/www.koronakarkonoszy.pl\/blog\/slub-jelenia-gora\/","og_locale":"pl_PL","og_type":"article","og_title":"\u015alub Jelenia G\u00f3ra \u2013 sielska ceremonia w stolicy Karkonoszy - :: Blog weselny","og_description":"\u015alub Jelenia G\u00f3ra \u2013 dlaczego to dobry pomys\u0142? Jak zorganizowa\u0107 wesele, kt\u00f3re wydob\u0119dzie wszystko to, co najlepsze z karkonoskich urok\u00f3w?","og_url":"https:\/\/www.koronakarkonoszy.pl\/blog\/slub-jelenia-gora\/","og_site_name":":: Blog weselny","article_published_time":"2023-05-13T06:18:17+00:00","article_modified_time":"2023-05-18T21:20:31+00:00","og_image":[{"width":1920,"height":1280,"url":"https:\/\/www.koronakarkonoszy.pl\/blog\/wp-content\/uploads\/2022\/02\/fallon-michael-CEKa-wh1Fsw-unsplash.jpg","type":"image\/jpeg"}],"author":"agnieszka","twitter_card":"summary_large_image","twitter_misc":{"Napisane przez":"agnieszka","Szacowany czas czytania":"16 minut"},"schema":{"@context":"https:\/\/schema.org","@graph":[{"@type":"Article","@id":"https:\/\/www.koronakarkonoszy.pl\/blog\/slub-jelenia-gora\/#article","isPartOf":{"@id":"https:\/\/www.koronakarkonoszy.pl\/blog\/slub-jelenia-gora\/"},"author":{"name":"agnieszka","@id":"https:\/\/www.koronakarkonoszy.pl\/blog\/#\/schema\/person\/ec8c88bd01ebe6cbf6a16435ce22276f"},"headline":"\u015alub Jelenia G\u00f3ra \u2013 sielska ceremonia w stolicy Karkonoszy","datePublished":"2023-05-13T06:18:17+00:00","dateModified":"2023-05-18T21:20:31+00:00","mainEntityOfPage":{"@id":"https:\/\/www.koronakarkonoszy.pl\/blog\/slub-jelenia-gora\/"},"wordCount":2858,"image":{"@id":"https:\/\/www.koronakarkonoszy.pl\/blog\/slub-jelenia-gora\/#primaryimage"},"thumbnailUrl":"https:\/\/www.koronakarkonoszy.pl\/blog\/wp-content\/uploads\/2022\/02\/fallon-michael-CEKa-wh1Fsw-unsplash.jpg","articleSection":["Porady","Sala weselna"],"inLanguage":"pl-PL"},{"@type":"WebPage","@id":"https:\/\/www.koronakarkonoszy.pl\/blog\/slub-jelenia-gora\/","url":"https:\/\/www.koronakarkonoszy.pl\/blog\/slub-jelenia-gora\/","name":"\u015alub Jelenia G\u00f3ra \u2013 sielska ceremonia w stolicy Karkonoszy - :: Blog weselny","isPartOf":{"@id":"https:\/\/www.koronakarkonoszy.pl\/blog\/#website"},"primaryImageOfPage":{"@id":"https:\/\/www.koronakarkonoszy.pl\/blog\/slub-jelenia-gora\/#primaryimage"},"image":{"@id":"https:\/\/www.koronakarkonoszy.pl\/blog\/slub-jelenia-gora\/#primaryimage"},"thumbnailUrl":"https:\/\/www.koronakarkonoszy.pl\/blog\/wp-content\/uploads\/2022\/02\/fallon-michael-CEKa-wh1Fsw-unsplash.jpg","datePublished":"2023-05-13T06:18:17+00:00","dateModified":"2023-05-18T21:20:31+00:00","author":{"@id":"https:\/\/www.koronakarkonoszy.pl\/blog\/#\/schema\/person\/ec8c88bd01ebe6cbf6a16435ce22276f"},"description":"\u015alub Jelenia G\u00f3ra \u2013 dlaczego to dobry pomys\u0142? Jak zorganizowa\u0107 wesele, kt\u00f3re wydob\u0119dzie wszystko to, co najlepsze z karkonoskich urok\u00f3w?","breadcrumb":{"@id":"https:\/\/www.koronakarkonoszy.pl\/blog\/slub-jelenia-gora\/#breadcrumb"},"inLanguage":"pl-PL","potentialAction":[{"@type":"ReadAction","target":["https:\/\/www.koronakarkonoszy.pl\/blog\/slub-jelenia-gora\/"]}]},{"@type":"ImageObject","inLanguage":"pl-PL","@id":"https:\/\/www.koronakarkonoszy.pl\/blog\/slub-jelenia-gora\/#primaryimage","url":"https:\/\/www.koronakarkonoszy.pl\/blog\/wp-content\/uploads\/2022\/02\/fallon-michael-CEKa-wh1Fsw-unsplash.jpg","contentUrl":"https:\/\/www.koronakarkonoszy.pl\/blog\/wp-content\/uploads\/2022\/02\/fallon-michael-CEKa-wh1Fsw-unsplash.jpg","width":1920,"height":1280},{"@type":"BreadcrumbList","@id":"https:\/\/www.koronakarkonoszy.pl\/blog\/slub-jelenia-gora\/#breadcrumb","itemListElement":[{"@type":"ListItem","position":1,"name":"Strona g\u0142\u00f3wna","item":"https:\/\/www.koronakarkonoszy.pl\/blog\/"},{"@type":"ListItem","position":2,"name":"\u015alub Jelenia G\u00f3ra \u2013 sielska ceremonia w stolicy Karkonoszy"}]},{"@type":"WebSite","@id":"https:\/\/www.koronakarkonoszy.pl\/blog\/#website","url":"https:\/\/www.koronakarkonoszy.pl\/blog\/","name":":: Blog weselny","description":"Blog weselny Dw\u00f3r Korona Karkonoszy","potentialAction":[{"@type":"SearchAction","target":{"@type":"EntryPoint","urlTemplate":"https:\/\/www.koronakarkonoszy.pl\/blog\/?s={search_term_string}"},"query-input":{"@type":"PropertyValueSpecification","valueRequired":true,"valueName":"search_term_string"}}],"inLanguage":"pl-PL"},{"@type":"Person","@id":"https:\/\/www.koronakarkonoszy.pl\/blog\/#\/schema\/person\/ec8c88bd01ebe6cbf6a16435ce22276f","name":"agnieszka","image":{"@type":"ImageObject","inLanguage":"pl-PL","@id":"https:\/\/www.koronakarkonoszy.pl\/blog\/wp-content\/litespeed\/avatar\/53ee7b676463f74d0aea1a09de3d003b.jpg?ver=1776833699","url":"https:\/\/www.koronakarkonoszy.pl\/blog\/wp-content\/litespeed\/avatar\/53ee7b676463f74d0aea1a09de3d003b.jpg?ver=1776833699","contentUrl":"https:\/\/www.koronakarkonoszy.pl\/blog\/wp-content\/litespeed\/avatar\/53ee7b676463f74d0aea1a09de3d003b.jpg?ver=1776833699","caption":"agnieszka"},"url":"https:\/\/www.koronakarkonoszy.pl\/blog\/author\/agnieszka\/"}]}},"_links":{"self":[{"href":"https:\/\/www.koronakarkonoszy.pl\/blog\/wp-json\/wp\/v2\/posts\/2855","targetHints":{"allow":["GET"]}}],"collection":[{"href":"https:\/\/www.koronakarkonoszy.pl\/blog\/wp-json\/wp\/v2\/posts"}],"about":[{"href":"https:\/\/www.koronakarkonoszy.pl\/blog\/wp-json\/wp\/v2\/types\/post"}],"author":[{"embeddable":true,"href":"https:\/\/www.koronakarkonoszy.pl\/blog\/wp-json\/wp\/v2\/users\/11"}],"replies":[{"embeddable":true,"href":"https:\/\/www.koronakarkonoszy.pl\/blog\/wp-json\/wp\/v2\/comments?post=2855"}],"version-history":[{"count":0,"href":"https:\/\/www.koronakarkonoszy.pl\/blog\/wp-json\/wp\/v2\/posts\/2855\/revisions"}],"wp:featuredmedia":[{"embeddable":true,"href":"https:\/\/www.koronakarkonoszy.pl\/blog\/wp-json\/wp\/v2\/media\/3054"}],"wp:attachment":[{"href":"https:\/\/www.koronakarkonoszy.pl\/blog\/wp-json\/wp\/v2\/media?parent=2855"}],"wp:term":[{"taxonomy":"category","embeddable":true,"href":"https:\/\/www.koronakarkonoszy.pl\/blog\/wp-json\/wp\/v2\/categories?post=2855"}],"curies":[{"name":"wp","href":"https:\/\/api.w.org\/{rel}","templated":true}]}}