{"id":2837,"date":"2022-02-09T11:05:00","date_gmt":"2022-02-09T10:05:00","guid":{"rendered":"https:\/\/www.koronakarkonoszy.pl\/blog\/?p=2837"},"modified":"2023-02-09T19:24:05","modified_gmt":"2023-02-09T18:24:05","slug":"czy-warto-zorganizowac-wesele-w-tygodniu","status":"publish","type":"post","link":"https:\/\/www.koronakarkonoszy.pl\/blog\/czy-warto-zorganizowac-wesele-w-tygodniu\/","title":{"rendered":"Czy warto zorganizowa\u0107 wesele w tygodniu?"},"content":{"rendered":"\n<p>Jeszcze niedawno nie do pomy\u015blenia by\u0142o zorganizowanie \u015blubu w inny dzie\u0144 ni\u017c sobota. Dzi\u015b narzeczeni coraz ch\u0119tniej wybieraj\u0105 inne dni tygodnia \u2013 i to nie tylko pi\u0105tek! Czy warto zorganizowa\u0107 wesele w tygodniu?<\/p>\n\n\n<div id=\"ariadna-block_08168c228c2aadc7a1fd7ec1aa374901\" class=\"ariadna\">\r\n    <ul><li><a href=\"#ha-chcesz-zorganizowac-wesele-w-tygodniu\">Chcesz zorganizowa\u0107 wesele w tygodniu?<\/a><\/li><li><a href=\"#h-wesele-tylko-w-sobot\">Wesele tylko w sobot\u0119?<\/a><\/li><li><a href=\"#h-wesele-w-tygodniu-moze-byc-rownie-udane\">Wesele w tygodniu mo\u017ce by\u0107 r\u00f3wnie udane<\/a><\/li><li><a href=\"#h-wesele-w-tygodniu-to-gwarantowane-oszcz-dno-ci\">Wesele w tygodniu to gwarantowane oszcz\u0119dno\u015bci<\/a><\/li><li><a href=\"#h-a-co-m-wi-przes-dy-o-weselu-w-tygodniu\">A co m\u00f3wi\u0105 przes\u0105dy o weselu w tygodniu?<\/a><\/li><li><a href=\"#h-szczesliwe-dni-tygodnia\">Szcz\u0119\u015bliwe dni tygodnia<\/a><\/li><li><a href=\"#h-minusy-organizacji-wesela-w-tygodniu\">Minusy organizacji wesela w tygodniu<\/a><\/li><li><a href=\"#h-wesele-w-tygodniu-kiedy-najlepiej\">Wesele w tygodniu &#8211; kiedy najlepiej?<\/a><\/li><\/ul>\r\n<\/div>\r\n\r\n\r\n\r\n\n\n<section id=\"ctaninja-block_12e99a851f415228ee3d3b6bcaf1af2f\" class=\"ctaninja\">\r\n    <div class=\"ctaninja-body\">\r\n        <h2 class=\"h1\" id=\"ha-chcesz-zorganizowac-wesele-w-tygodniu\">Chcesz zorganizowa\u0107 wesele w tygodniu?<\/h2>\r\n        <p>Dw\u00f3r Korona Karkonoszy organizuje wesela ka\u017cdego dnia!<\/p>\r\n        <div class=\"nf-container\">\r\n            <noscript class=\"ninja-forms-noscript-message\">\n\tUwaga: ta zawarto\u015b\u0107 wymaga obs\u0142ugi j\u0119zyka JavaScript.<\/noscript>\n<div id=\"nf-form-1-cont\" class=\"nf-form-cont\" aria-live=\"polite\" aria-labelledby=\"nf-form-title-1\" aria-describedby=\"nf-form-errors-1\" role=\"form\">\n\n    <div class=\"nf-loading-spinner\"><\/div>\n\n<\/div>\n        <!-- That data is being printed as a workaround to page builders reordering the order of the scripts loaded-->\n        <script>var formDisplay=1;var nfForms=nfForms||[];var form=[];form.id='1';form.settings={\"objectType\":\"Form Setting\",\"editActive\":\"\",\"title\":\"Contact Me\",\"key\":\"\",\"created_at\":\"2021-05-31 16:57:05\",\"default_label_pos\":\"above\",\"conditions\":[],\"show_title\":\"1\",\"clear_complete\":\"1\",\"hide_complete\":\"1\",\"wrapper_class\":\"\",\"element_class\":\"\",\"add_submit\":\"1\",\"logged_in\":\"\",\"not_logged_in_msg\":\"\",\"sub_limit_number\":\"\",\"sub_limit_msg\":\"\",\"calculations\":[],\"formContentData\":[{\"order\":1,\"cells\":[{\"order\":0,\"fields\":[\"email\"],\"width\":50},{\"order\":1,\"fields\":[\"wyslij_1640001513358\"],\"width\":50}]}],\"container_styles_background-color\":\"\",\"container_styles_border\":\"\",\"container_styles_border-style\":\"\",\"container_styles_border-color\":\"\",\"container_styles_color\":\"\",\"container_styles_height\":\"\",\"container_styles_width\":\"\",\"container_styles_font-size\":\"\",\"container_styles_margin\":\"\",\"container_styles_padding\":\"\",\"container_styles_display\":\"\",\"container_styles_float\":\"\",\"container_styles_show_advanced_css\":\"0\",\"container_styles_advanced\":\"\",\"title_styles_background-color\":\"\",\"title_styles_border\":\"\",\"title_styles_border-style\":\"\",\"title_styles_border-color\":\"\",\"title_styles_color\":\"\",\"title_styles_height\":\"\",\"title_styles_width\":\"\",\"title_styles_font-size\":\"\",\"title_styles_margin\":\"\",\"title_styles_padding\":\"\",\"title_styles_display\":\"\",\"title_styles_float\":\"\",\"title_styles_show_advanced_css\":\"0\",\"title_styles_advanced\":\"\",\"row_styles_background-color\":\"\",\"row_styles_border\":\"\",\"row_styles_border-style\":\"\",\"row_styles_border-color\":\"\",\"row_styles_color\":\"\",\"row_styles_height\":\"\",\"row_styles_width\":\"\",\"row_styles_font-size\":\"\",\"row_styles_margin\":\"\",\"row_styles_padding\":\"\",\"row_styles_display\":\"\",\"row_styles_show_advanced_css\":\"0\",\"row_styles_advanced\":\"\",\"row-odd_styles_background-color\":\"\",\"row-odd_styles_border\":\"\",\"row-odd_styles_border-style\":\"\",\"row-odd_styles_border-color\":\"\",\"row-odd_styles_color\":\"\",\"row-odd_styles_height\":\"\",\"row-odd_styles_width\":\"\",\"row-odd_styles_font-size\":\"\",\"row-odd_styles_margin\":\"\",\"row-odd_styles_padding\":\"\",\"row-odd_styles_display\":\"\",\"row-odd_styles_show_advanced_css\":\"0\",\"row-odd_styles_advanced\":\"\",\"success-msg_styles_background-color\":\"\",\"success-msg_styles_border\":\"\",\"success-msg_styles_border-style\":\"\",\"success-msg_styles_border-color\":\"\",\"success-msg_styles_color\":\"\",\"success-msg_styles_height\":\"\",\"success-msg_styles_width\":\"\",\"success-msg_styles_font-size\":\"\",\"success-msg_styles_margin\":\"\",\"success-msg_styles_padding\":\"\",\"success-msg_styles_display\":\"\",\"success-msg_styles_show_advanced_css\":\"0\",\"success-msg_styles_advanced\":\"\",\"error_msg_styles_background-color\":\"\",\"error_msg_styles_border\":\"\",\"error_msg_styles_border-style\":\"\",\"error_msg_styles_border-color\":\"\",\"error_msg_styles_color\":\"\",\"error_msg_styles_height\":\"\",\"error_msg_styles_width\":\"\",\"error_msg_styles_font-size\":\"\",\"error_msg_styles_margin\":\"\",\"error_msg_styles_padding\":\"\",\"error_msg_styles_display\":\"\",\"error_msg_styles_show_advanced_css\":\"0\",\"error_msg_styles_advanced\":\"\",\"allow_public_link\":0,\"embed_form\":\"\",\"currency\":\"\",\"repeatable_fieldsets\":\"\",\"unique_field_error\":\"Formularz z t\\u0105 warto\\u015bci\\u0105 zosta\\u0142 ju\\u017c przes\\u0142any.\",\"ninjaForms\":\"Ninja Forms\",\"changeEmailErrorMsg\":\"Wprowad\\u017a prawid\\u0142owy adres e-mail!\",\"changeDateErrorMsg\":\"Prosz\\u0119 wpisa\\u0107 prawid\\u0142ow\\u0105 dat\\u0119!\",\"confirmFieldErrorMsg\":\"Te pola musz\\u0105 si\\u0119 zgadza\\u0107!\",\"fieldNumberNumMinError\":\"B\\u0142\\u0105d \\u2014 liczba minimalna\",\"fieldNumberNumMaxError\":\"B\\u0142\\u0105d \\u2014 liczba maksymalna\",\"fieldNumberIncrementBy\":\"Zwi\\u0119ksz o \",\"fieldTextareaRTEInsertLink\":\"Wstaw odno\\u015bnik\",\"fieldTextareaRTEInsertMedia\":\"Wstaw media\",\"fieldTextareaRTESelectAFile\":\"Wybierz plik\",\"formErrorsCorrectErrors\":\"Popraw b\\u0142\\u0119dy, zanim prze\\u015blesz formularz.\",\"formHoneypot\":\"Je\\u015bli jeste\\u015b cz\\u0142owiekiem i widzisz to pole, nie wype\\u0142niaj go.\",\"validateRequiredField\":\"To jest wymagane pole.\",\"honeypotHoneypotError\":\"B\\u0142\\u0105d Honeypot\",\"fileUploadOldCodeFileUploadInProgress\":\"Przesy\\u0142anie pliku w toku.\",\"fileUploadOldCodeFileUpload\":\"PRZESY\\u0141ANIE PLIKU\",\"currencySymbol\":\"&#36;\",\"fieldsMarkedRequired\":\"Pola oznaczone znakiem <span class=\\\"ninja-forms-req-symbol\\\">*<\\\/span> s\\u0105 wymagane\",\"thousands_sep\":\"&nbsp;\",\"decimal_point\":\",\",\"siteLocale\":\"pl_PL\",\"dateFormat\":\"m\\\/d\\\/Y\",\"startOfWeek\":\"1\",\"of\":\"z\",\"previousMonth\":\"Poprzedni miesi\\u0105c\",\"nextMonth\":\"Nast\\u0119pny miesi\\u0105c\",\"months\":[\"Stycze\\u0144\",\"Luty\",\"Marzec\",\"Kwiecie\\u0144\",\"Maj\",\"Czerwiec\",\"Lipiec\",\"Sierpie\\u0144\",\"Wrzesie\\u0144\",\"Pa\\u017adziernik\",\"Listopad\",\"Grudzie\\u0144\"],\"monthsShort\":[\"Sty\",\"Lut\",\"Mar\",\"Kw\",\"Maj\",\"Cze\",\"Lip\",\"Sie\",\"Wrz\",\"Pa\\u017a\",\"Lis\",\"Gru\"],\"weekdays\":[\"Niedziela\",\"Poniedzia\\u0142ek\",\"Wtorek\",\"\\u015aroda\",\"Czwartek\",\"Pi\\u0105tek\",\"Sobota\"],\"weekdaysShort\":[\"Niedz\",\"Pon\",\"Wt\",\"\\u015ar\",\"Czw\",\"Pt\",\"Sob\"],\"weekdaysMin\":[\"Niedz\",\"Pon\",\"Wt\",\"\\u015ar\",\"Czw\",\"Pt\",\"Sob\"],\"recaptchaConsentMissing\":\"reCaptcha validation couldn&#039;t load.\",\"recaptchaMissingCookie\":\"reCaptcha v3 validation couldn&#039;t load the cookie needed to submit the form.\",\"recaptchaConsentEvent\":\"Accept reCaptcha cookies before sending the form.\",\"currency_symbol\":\"\",\"beforeForm\":\"\",\"beforeFields\":\"\",\"afterFields\":\"\",\"afterForm\":\"\"};form.fields=[{\"objectType\":\"Field\",\"objectDomain\":\"fields\",\"editActive\":false,\"order\":1,\"idAttribute\":\"id\",\"label\":\"Email\",\"key\":\"email\",\"type\":\"email\",\"created_at\":\"2021-05-31 16:57:06\",\"label_pos\":\"above\",\"required\":1,\"placeholder\":\"Podaj maila, skontaktujemy si\\u0119 z Tob\\u0105\",\"default\":\"\",\"wrapper_class\":\"\",\"element_class\":\"\",\"container_class\":\"\",\"admin_label\":\"\",\"help_text\":\"\",\"desc_text\":\"\",\"wrap_styles_background-color\":\"\",\"wrap_styles_border\":\"\",\"wrap_styles_border-style\":\"\",\"wrap_styles_border-color\":\"\",\"wrap_styles_color\":\"\",\"wrap_styles_height\":\"\",\"wrap_styles_width\":\"\",\"wrap_styles_font-size\":\"\",\"wrap_styles_margin\":\"\",\"wrap_styles_padding\":\"\",\"wrap_styles_display\":\"\",\"wrap_styles_float\":\"\",\"wrap_styles_show_advanced_css\":0,\"wrap_styles_advanced\":\"\",\"label_styles_background-color\":\"\",\"label_styles_border\":\"\",\"label_styles_border-style\":\"\",\"label_styles_border-color\":\"\",\"label_styles_color\":\"\",\"label_styles_height\":\"\",\"label_styles_width\":\"\",\"label_styles_font-size\":\"\",\"label_styles_margin\":\"\",\"label_styles_padding\":\"\",\"label_styles_display\":\"\",\"label_styles_float\":\"\",\"label_styles_show_advanced_css\":0,\"label_styles_advanced\":\"\",\"element_styles_background-color\":\"\",\"element_styles_border\":\"\",\"element_styles_border-style\":\"\",\"element_styles_border-color\":\"\",\"element_styles_color\":\"\",\"element_styles_height\":\"\",\"element_styles_width\":\"\",\"element_styles_font-size\":\"\",\"element_styles_margin\":\"\",\"element_styles_padding\":\"\",\"element_styles_display\":\"\",\"element_styles_float\":\"\",\"element_styles_show_advanced_css\":0,\"element_styles_advanced\":\"\",\"cellcid\":\"c3375\",\"custom_name_attribute\":\"email\",\"personally_identifiable\":1,\"value\":\"\",\"drawerDisabled\":false,\"id\":2,\"beforeField\":\"\",\"afterField\":\"\",\"parentType\":\"email\",\"element_templates\":[\"email\",\"input\"],\"old_classname\":\"\",\"wrap_template\":\"wrap\"},{\"objectType\":\"Field\",\"objectDomain\":\"fields\",\"editActive\":false,\"order\":2,\"idAttribute\":\"id\",\"label\":\"Wy\\u015blij\",\"key\":\"wyslij_1640001513358\",\"type\":\"submit\",\"created_at\":\"2021-05-31 16:57:06\",\"processing_label\":\"Wysy\\u0142anie...\",\"container_class\":\"\",\"element_class\":\"\",\"wrap_styles_background-color\":\"\",\"wrap_styles_border\":\"\",\"wrap_styles_border-style\":\"\",\"wrap_styles_border-color\":\"\",\"wrap_styles_color\":\"\",\"wrap_styles_height\":\"\",\"wrap_styles_width\":\"\",\"wrap_styles_font-size\":\"\",\"wrap_styles_margin\":\"\",\"wrap_styles_padding\":\"\",\"wrap_styles_display\":\"\",\"wrap_styles_float\":\"\",\"wrap_styles_show_advanced_css\":0,\"wrap_styles_advanced\":\"\",\"label_styles_background-color\":\"\",\"label_styles_border\":\"\",\"label_styles_border-style\":\"\",\"label_styles_border-color\":\"\",\"label_styles_color\":\"\",\"label_styles_height\":\"\",\"label_styles_width\":\"\",\"label_styles_font-size\":\"\",\"label_styles_margin\":\"\",\"label_styles_padding\":\"\",\"label_styles_display\":\"\",\"label_styles_float\":\"\",\"label_styles_show_advanced_css\":0,\"label_styles_advanced\":\"\",\"element_styles_background-color\":\"\",\"element_styles_border\":\"\",\"element_styles_border-style\":\"\",\"element_styles_border-color\":\"\",\"element_styles_color\":\"\",\"element_styles_height\":\"\",\"element_styles_width\":\"\",\"element_styles_font-size\":\"\",\"element_styles_margin\":\"\",\"element_styles_padding\":\"\",\"element_styles_display\":\"\",\"element_styles_float\":\"\",\"element_styles_show_advanced_css\":0,\"element_styles_advanced\":\"\",\"submit_element_hover_styles_background-color\":\"\",\"submit_element_hover_styles_border\":\"\",\"submit_element_hover_styles_border-style\":\"\",\"submit_element_hover_styles_border-color\":\"\",\"submit_element_hover_styles_color\":\"\",\"submit_element_hover_styles_height\":\"\",\"submit_element_hover_styles_width\":\"\",\"submit_element_hover_styles_font-size\":\"\",\"submit_element_hover_styles_margin\":\"\",\"submit_element_hover_styles_padding\":\"\",\"submit_element_hover_styles_display\":\"\",\"submit_element_hover_styles_float\":\"\",\"submit_element_hover_styles_show_advanced_css\":0,\"submit_element_hover_styles_advanced\":\"\",\"cellcid\":\"c3378\",\"drawerDisabled\":false,\"id\":4,\"beforeField\":\"\",\"afterField\":\"\",\"value\":\"\",\"label_pos\":\"above\",\"parentType\":\"textbox\",\"element_templates\":[\"submit\",\"button\",\"input\"],\"old_classname\":\"\",\"wrap_template\":\"wrap-no-label\"}];nfForms.push(form);<\/script>\n                <script id=\"nf-tmpl-cell\" type=\"text\/template\">\n            <nf-fields><\/nf-fields>\n        <\/script>\n\n        <script id=\"nf-tmpl-row\" type=\"text\/template\">\n            <nf-cells><\/nf-cells>\n        <\/script>\n\n                <\/div>\r\n    <\/div>\r\n    <div class=\"ctaninja-onm ctaninja-onm-1 rbg\"><\/div>\r\n    <div class=\"ctaninja-onm ctaninja-onm-2 rbg\"><\/div>\r\n<\/section>\n\n\n<h2 class=\"wp-block-heading\" id=\"h-wesele-tylko-w-sobot\">Wesele tylko w sobot\u0119?<\/h2>\n\n\n\n<p>Rok 2020 postawi\u0142 przed nami nowe wyzwania. Pandemia koronawirusa i zwi\u0105zane z ni\u0105 obostrzenia zmusi\u0142y nas do zmiany podej\u015bcia do niekt\u00f3rych spraw i szukania innych rozwi\u0105za\u0144. Rozwi\u0105za\u0144, kt\u00f3re pozwol\u0105 nam dopasowa\u0107 si\u0119 do nowej rzeczywisto\u015bci. Kryzys epidemiologiczny odbi\u0142 si\u0119 na ka\u017cdej dziedzinie \u017cycia spo\u0142ecze\u0144stwa \u2013 r\u00f3wnie\u017c na bran\u017cy \u015blubnej. Wiele par zrezygnowa\u0142o ze \u015blubu, inni za\u015b przek\u0142adali swoje ceremonie z pocz\u0105tku pandemii na koniec lata lub pocz\u0105tek przysz\u0142ego roku, z nadziej\u0105, \u017ce uda im si\u0119 wstrzeli\u0107 w moment poluzowania obostrze\u0144. <\/p>\n\n\n\n<p>W praktyce oznacza\u0142o to r\u0119ce pe\u0142ne roboty dla bran\u017cy \u015blubnej, kt\u00f3ra w kr\u00f3tszym czasie musia\u0142a zorganizowa\u0107 wi\u0119cej ceremonii. Tylko jak, kiedy wszystkie soboty s\u0105 ju\u017c zarezerwowane, a ch\u0119tnych na wzi\u0119cie \u015blubu nie ubywa? Rozwi\u0105zaniem by\u0142y wesela w tygodniu, co sta\u0142o si\u0119 wr\u0119cz nowym trendem w bran\u017cy \u015blubnej. Obecnie <a href=\"https:\/\/www.koronakarkonoszy.pl\/blog\/sezon-slubny\/\">sezon \u015blubny<\/a> trwa ca\u0142y rok w ka\u017cdym dniu tygodnia, a narzeczeni coraz ch\u0119tniej wybieraj\u0105 inny dzie\u0144 tygodnia, by przyrzec sobie wieczn\u0105 mi\u0142o\u015b\u0107 na \u015blubnym kobiercu. Co ciekawe, organizacja wesela w tygodniu na wiele zalet. Jakich?&nbsp;<\/p>\n\n\n<section id=\"leonardo-block_c91d44a338a840c5bc02b86547884390\" class=\"leonardo page-breaker leonardo-image-left\">\r\n    <div class=\"leonardo-body\">\r\n        <h2 class=\"leonardo-title\" id=\"h-wesele-w-tygodniu-moze-byc-rownie-udane\">Wesele w tygodniu mo\u017ce by\u0107 r\u00f3wnie udane<\/h2>        <div class=\"leonardo-content\"><p>Wesele to jedna z najwa\u017cniejszych imprez dla zakochanej pary. To czas radosny, prawdziwe \u015bwi\u0119to mi\u0142o\u015bci, kt\u00f3re jest pocz\u0105tkiem nowej drogi, kt\u00f3r\u0105 pokonacie jako ma\u0142\u017ce\u0144stwo. Nic wi\u0119c dziwnego, \u017ce chcecie, aby by\u0142o to wydarzenie jedyne w swoim rodzaju. Takie, o jakim marzyli\u015bcie. Pewnie macie swoj\u0105 idealn\u0105 wizj\u0119 dotycz\u0105c\u0105 tego, jak powinien wygl\u0105da\u0107 ten wyj\u0105tkowy dzie\u0144. Dlaczego wi\u0119c macie rezygnowa\u0107 z wymarzonej sali weselnej lub czeka\u0107 na \u015blub kolejne lata, wy\u0142\u0105cznie dlatego, \u017ce brakuje termin\u00f3w? Wesele w tygodniu mo\u017ce by\u0107 r\u00f3wnie pi\u0119kne i magiczne, co przyj\u0119cie zorganizowane w sobot\u0119.<\/p>\n<p>Zw\u0142aszcza, je\u015bli na miejsce \u015blubu i wesela wybierzemy jaki\u015b ciekawy region, w kt\u00f3rym w dodatku znajdziemy wiele sal weselnych do wyboru. Na przyk\u0142ad &#8211; <a href=\"https:\/\/www.koronakarkonoszy.pl\/blog\/wesele-okolice-wroclawia\/\" target=\"_blank\" rel=\"noopener\">wesele Wroc\u0142aw<\/a> czy jego okolice to bardzo cz\u0119sty wyb\u00f3r par m\u0142odych.<\/p>\n<\/div>\r\n                    <aside class=\"leonardo-interlink\">\r\n                <b>Polecamy<\/b>\r\n                <a href=\"https:\/\/www.koronakarkonoszy.pl\/blog\/jak-wybrac-termin-slubu-i-date-wesela-oszczedzajac-na-podroz-poslubna\/\">Jak wybra\u0107 termin \u015blubu i dat\u0119 wesela &#8211; czym si\u0119 kierowa\u0107?<\/a>\r\n            <\/aside>\r\n            <\/div>\r\n    <div class=\"leonardo-image\">\r\n        <img loading=\"lazy\" decoding=\"async\" width=\"1920\" height=\"2560\" src=\"https:\/\/www.koronakarkonoszy.pl\/blog\/wp-content\/uploads\/2022\/02\/jess-bailey-mexeVPlTB6k-unsplash.jpg\" class=\"attachment-full size-full\" alt=\"\" srcset=\"https:\/\/www.koronakarkonoszy.pl\/blog\/wp-content\/uploads\/2022\/02\/jess-bailey-mexeVPlTB6k-unsplash.jpg 1920w, https:\/\/www.koronakarkonoszy.pl\/blog\/wp-content\/uploads\/2022\/02\/jess-bailey-mexeVPlTB6k-unsplash-225x300.jpg 225w, https:\/\/www.koronakarkonoszy.pl\/blog\/wp-content\/uploads\/2022\/02\/jess-bailey-mexeVPlTB6k-unsplash-768x1024.jpg 768w, https:\/\/www.koronakarkonoszy.pl\/blog\/wp-content\/uploads\/2022\/02\/jess-bailey-mexeVPlTB6k-unsplash-1440x1920.jpg 1440w, https:\/\/www.koronakarkonoszy.pl\/blog\/wp-content\/uploads\/2022\/02\/jess-bailey-mexeVPlTB6k-unsplash-1152x1536.jpg 1152w, https:\/\/www.koronakarkonoszy.pl\/blog\/wp-content\/uploads\/2022\/02\/jess-bailey-mexeVPlTB6k-unsplash-1536x2048.jpg 1536w\" sizes=\"auto, (max-width: 1920px) 100vw, 1920px\" \/>            <\/div>\r\n<\/section>\n\n\n<p>Podobnie jak w przypadku popularnych lokali weselnych, najbardziej rozchwytywani podwykonawcy r\u00f3wnie\u017c maj\u0105 zarezerwowane terminy weekendowe cz\u0119sto na rok, a nawet dwa lata do przodu. Istnieje jednak du\u017ce prawdopodobie\u0144stwo, \u017ce w tygodniu uda Wam si\u0119 wynaj\u0105\u0107 dobrego fotografa czy znany zesp\u00f3\u0142 weselny.<\/p>\n\n\n\n<p>Na weselu w tygodniu, podobnie jak na sobotnim przyj\u0119ciu, mog\u0105 pojawi\u0107 si\u0119 ciekawe atrakcje weselne, kt\u00f3re urozmaic\u0105 wydarzenie i zapewni\u0105 go\u015bciom doskona\u0142\u0105 zabaw\u0119 i niezapomniane wra\u017cenia. Panna m\u0142oda mo\u017ce w\u0142o\u017cy\u0107 eleganck\u0105, bia\u0142\u0105 sukni\u0119, a pan m\u0142ody \u2013 formalny frak lub garnitur. Wszystkiemu mo\u017ce towarzyszy\u0107 radosna oprawa muzyczna, ta\u0144ce do bia\u0142ego rana i szalone zabawy oczepinowe. Tak zorganizowane przyj\u0119cie nie b\u0119dzie niczym odbiega\u0107 od tradycyjnej imprezy w sobot\u0119.<\/p>\n\n\n\n<h2 class=\"wp-block-heading\" id=\"h-wesele-w-tygodniu-to-gwarantowane-oszcz-dno-ci\"><strong>Wesele w tygodniu to gwarantowane oszcz\u0119dno\u015bci<\/strong><\/h2>\n\n\n\n<p>Organizacja \u015blubu i wesela wi\u0105\u017ce si\u0119 ze sporym wydatkiem. Niestety nie ka\u017cda para mo\u017ce pozwoli\u0107 sobie na tak du\u017ce obci\u0105\u017cenie finansowe. Niekt\u00f3rzy, chc\u0105c zmniejszy\u0107 ostateczn\u0105 cen\u0119 wydarzenia, ograniczaj\u0105 list\u0119 go\u015bci lub rezygnuj\u0105 z dodatkowych atrakcji, inni za\u015b&#8230; wybieraj\u0105 now\u0105 dat\u0119 \u015blubu!<\/p>\n\n\n\n<p>Wesele w tygodniu to zdecydowanie ta\u0144sza opcja ni\u017c tradycyjny \u015blub w sobot\u0119. Wiele <a href=\"https:\/\/www.koronakarkonoszy.pl\/sala-weselna\/\">sal weselnych<\/a> oferuje specjalne rabaty i zni\u017cki dla par, kt\u00f3re zdecydowa\u0142y si\u0119 na \u015blub w \u015brodku tygodnia \u2013 np. ni\u017csza cena za \u201etalerzyk\u201d lub wybrana us\u0142uga gratis.&nbsp;<\/p>\n\n\n\n<p>Podobna zasada dotyczy us\u0142ugodawc\u00f3w weselnych, czyli zespo\u0142\u00f3w muzycznych, DJ-\u00f3w, fotograf\u00f3w, kamerzyst\u00f3w i innych. Wielu podwykonawc\u00f3w intensywnie pracuje w weekendy i to w\u0142a\u015bnie wtedy za ich us\u0142ugi trzeba zap\u0142aci\u0107 najwi\u0119cej. W ci\u0105gu tygodnia us\u0142ugodawcy mog\u0105 zaoferowa\u0107 ni\u017csze stawki. Czasem mo\u017cna wynegocjowa\u0107 r\u00f3wnie\u017c dodatkowe atrakcje \u2013 takie jak zdj\u0119cia z drona czy sztuczny dym.<\/p>\n\n\n\n<h2 class=\"wp-block-heading\" id=\"h-a-co-m-wi-przes-dy-o-weselu-w-tygodniu\"><strong>A co m\u00f3wi\u0105 przes\u0105dy o weselu w tygodniu?<\/strong><\/h2>\n\n\n\n<p>Przes\u0105dy \u015blubne to dla wielu kwestia do\u015b\u0107 kontrowersyjna. Jedni w nie wierz\u0105, inni uwa\u017caj\u0105 za g\u0142upot\u0119 i niepotrzebne straszenie. Nie mo\u017cna jednak zaprzeczy\u0107 temu, \u017ce przes\u0105dy na sta\u0142e wpisa\u0142y si\u0119 w <a href=\"https:\/\/www.koronakarkonoszy.pl\/blog\/weselne-zwyczaje\/\">weselne zwyczaje<\/a>.<\/p>\n\n\n\n<p>Najwi\u0119cej zabobon\u00f3w dotyczy daty \u015blubu. Najpopularniejsze jest twierdzenie, \u017ce \u015blub nale\u017cy wzi\u0105\u0107 w tym miesi\u0105cu, kt\u00f3ry w nazwie ma literk\u0119 \u201er\u201d. Wed\u0142ug wierze\u0144 ma to zagwarantowa\u0107 m\u0142odej parze szcz\u0119\u015bcie w ma\u0142\u017ce\u0144stwie.<\/p>\n\n\n<section id=\"leonardo-block_7d9b0229a34b226acc78e8ebdb98e5b2\" class=\"leonardo page-breaker leonardo-image-right\">\r\n    <div class=\"leonardo-body\">\r\n        <h2 class=\"leonardo-title\" id=\"h-szczesliwe-dni-tygodnia\">Szcz\u0119\u015bliwe dni tygodnia <\/h2>        <div class=\"leonardo-content\"><p>A jak przes\u0105dy ustosunkowuj\u0105 si\u0119 do poszczeg\u00f3lnych dni tygodnia? Najlepsze dni na zawarcie zwi\u0105zku ma\u0142\u017ce\u0144skiego to poniedzia\u0142ek, wtorek oraz \u015broda. \u015alub w poniedzia\u0142ek zagwarantuje parze dobre zdrowie, wesele we wtorek to gwarancja bogactwa. \u015aroda jest po\u015bwi\u0119cona \u015bw. Antoniemu, kt\u00f3ry jest patronem szcz\u0119\u015bliwych ma\u0142\u017ce\u0144stw. W zwi\u0105zku z tym uwa\u017ca si\u0119 j\u0105 za idealny dzie\u0144 na rozpocz\u0119cie nowego etapu w \u017cyciu.<\/p>\n<p>Niekt\u00f3re \u017ar\u00f3d\u0142a podaj\u0105, \u017ce nie najlepszym terminem na \u015blub jest czwartek i pi\u0105tek. Podobno czwartek przynosi same straty, a \u201ew pi\u0105tek z\u0142y pocz\u0105tek\u201d. W innych tekstach za\u015b mo\u017cemy przeczyta\u0107, \u017ce czwartek, dzie\u0144 spod znaku Jowisza, niesie rado\u015b\u0107 parom m\u0142odym, a \u015bluby w pi\u0105tek, wed\u0142ug staro\u017cytnych Grek\u00f3w i Rzymian, z ca\u0142\u0105 pewno\u015bci\u0105 b\u0119d\u0105 szcz\u0119\u015bliwe.<\/p>\n<p>Co ciekawe, zgodnie z przes\u0105dami sobota owiana jest raczej niechlubn\u0105 s\u0142aw\u0105. Uwa\u017ca si\u0119 bowiem, \u017ce w sobot\u0119 \u201ena dwoje babka wr\u00f3\u017cy\u0142a\u201d, co oznacza, \u017ce ma\u0142\u017ce\u0144stwo wcale nie musi si\u0119 uda\u0107.<\/p>\n<\/div>\r\n                    <aside class=\"leonardo-interlink\">\r\n                <b>Polecamy<\/b>\r\n                <a href=\"https:\/\/www.koronakarkonoszy.pl\/blog\/slub-w-piatek-modny-zwyczaj-ostatnich-lat\/\">\u015alub w pi\u0105tek &#8211; modny zwyczaj ostatnich lat!<\/a>\r\n            <\/aside>\r\n            <\/div>\r\n    <div class=\"leonardo-image\">\r\n        <img loading=\"lazy\" decoding=\"async\" width=\"1920\" height=\"1280\" src=\"https:\/\/www.koronakarkonoszy.pl\/blog\/wp-content\/uploads\/2022\/02\/jeremy-wong-weddings-464ps_nOflw-unsplash.jpg\" class=\"attachment-full size-full\" alt=\"\" srcset=\"https:\/\/www.koronakarkonoszy.pl\/blog\/wp-content\/uploads\/2022\/02\/jeremy-wong-weddings-464ps_nOflw-unsplash.jpg 1920w, https:\/\/www.koronakarkonoszy.pl\/blog\/wp-content\/uploads\/2022\/02\/jeremy-wong-weddings-464ps_nOflw-unsplash-300x200.jpg 300w, https:\/\/www.koronakarkonoszy.pl\/blog\/wp-content\/uploads\/2022\/02\/jeremy-wong-weddings-464ps_nOflw-unsplash-1024x683.jpg 1024w, https:\/\/www.koronakarkonoszy.pl\/blog\/wp-content\/uploads\/2022\/02\/jeremy-wong-weddings-464ps_nOflw-unsplash-768x512.jpg 768w, https:\/\/www.koronakarkonoszy.pl\/blog\/wp-content\/uploads\/2022\/02\/jeremy-wong-weddings-464ps_nOflw-unsplash-1536x1024.jpg 1536w\" sizes=\"auto, (max-width: 1920px) 100vw, 1920px\" \/>            <\/div>\r\n<\/section>\n\n\n<h2 class=\"wp-block-heading\" id=\"h-minusy-organizacji-wesela-w-tygodniu\">Minusy organizacji wesela w tygodniu<\/h2>\n\n\n\n<p>Wierzy\u0107 w przes\u0105dy czy nie \u2013 t\u0119 kwesti\u0119 pozostawimy Wam. My skupimy si\u0119 za\u015b na realnych minusach, jakie niesie za sob\u0105 wesele w tygodniu.&nbsp;<\/p>\n\n\n\n<p>Warto zacz\u0105\u0107 od tego, \u017ce nie wszyscy us\u0142ugodawcy s\u0105 dost\u0119pni w tygodniu. Niekt\u00f3rzy pracuj\u0105 wy\u0142\u0105cznie w weekendy, co mo\u017ce znacznie zaw\u0119\u017ca\u0107 mo\u017cliwo\u015bci wyboru.&nbsp;<\/p>\n\n\n\n<p>Organizuj\u0105c wesele w tygodniu, trzeba liczy\u0107 si\u0119 z tym, \u017ce liczba os\u00f3b odmawiaj\u0105cych przyj\u015bcia na wydarzenie mo\u017ce znacznie wzrosn\u0105\u0107 \u2013 nawet do 40% (podczas gdy sobotnie \u015bluby wi\u0105\u017c\u0105 si\u0119 z odmow\u0105 oko\u0142o 10-20% zaproszonych). Wiele os\u00f3b musi bowiem zarezerwowa\u0107 sobie ca\u0142y dzie\u0144, \u017ceby przygotowa\u0107 si\u0119 na ceremoni\u0119, dojecha\u0107 na miejsce. Czasem potrzebny jest jeszcze jeden dodatkowy dzie\u0144 urlopu, by m\u00f3c spokojnie odpocz\u0105\u0107 po ca\u0142onocnym biesiadowaniu. Niestety nie ka\u017cdy mo\u017ce pozwoli\u0107 sobie na wolne w \u015brodku tygodnia, a przez to lista zaproszonych go\u015bci mo\u017ce wyra\u017anie si\u0119 skurczy\u0107.<\/p>\n\n\n\n<p>Warto mie\u0107 r\u00f3wnie\u017c na uwadze to, \u017ce impreza prawdopodobnie potrwa kr\u00f3cej, ni\u017c mog\u0142aby potrwa\u0107 w weekend. Ka\u017cdy ma swoje codzienne obowi\u0105zki, kt\u00f3rych nie mo\u017ce zaniedbywa\u0107. Zarwana nocka mo\u017ce skutecznie wybi\u0107 z trybu pracy na ca\u0142y kolejny dzie\u0144, dlatego wiele os\u00f3b mo\u017ce opu\u015bci\u0107 imprez\u0119 jeszcze przed p\u00f3\u0142noc\u0105. Na ca\u0142e szcz\u0119\u015bcie mo\u017cna pogodzi\u0107 wesele w tygodniu z codziennymi obowi\u0105zkami. Jak?<\/p>\n\n\n<section id=\"leonardo-block_a5b39036e7057c128473065bac14ddce\" class=\"leonardo page-breaker leonardo-image-left\">\r\n    <div class=\"leonardo-body\">\r\n        <h2 class=\"leonardo-title\" id=\"h-wesele-w-tygodniu-kiedy-najlepiej\">Wesele w tygodniu &#8211; kiedy najlepiej?<\/h2>        <div class=\"leonardo-content\"><p>Je\u015bli zale\u017cy Wam na tym, \u017ceby go\u015bcie \u015bwi\u0119towali d\u0142ugie godziny, nie martwi\u0105c si\u0119 o poranek, rozwa\u017ccie organizacj\u0119 wesela w dzie\u0144 wypadaj\u0105cy bezpo\u015brednio przed d\u0142ugim weekendem lub \u015bwi\u0119tem, kt\u00f3re jest ustawowo wolne od pracy. Takie rozwi\u0105zanie bez w\u0105tpienia sprawi, \u017ce wi\u0119cej go\u015bci pojawi si\u0119 na przyj\u0119ciu, a impreza potrwa do bia\u0142ego rana.<\/p>\n<p>Pami\u0119tajcie, \u017ce \u015blub w tygodniu najlepiej zaplanowa\u0107 na nieco p\u00f3\u017aniejsz\u0105 godzin\u0119. Cz\u0119\u015b\u0107 go\u015bci pewnie b\u0119dzie chcia\u0142o p\u00f3j\u015b\u0107 do pracy tego dnia \u2013 chocia\u017c na kilka godzin. Warto da\u0107 im czas na przygotowanie i dotarcie na miejsce ceremonii.<\/p>\n<\/div>\r\n                    <aside class=\"leonardo-interlink\">\r\n                <b>Polecamy<\/b>\r\n                <a href=\"https:\/\/www.koronakarkonoszy.pl\/blog\/wesele-w-czwartek\/\">Czy huczne wesele w czwartek mo\u017ce si\u0119 uda\u0107?<\/a>\r\n            <\/aside>\r\n            <\/div>\r\n    <div class=\"leonardo-image\">\r\n        <img loading=\"lazy\" decoding=\"async\" width=\"1280\" height=\"853\" src=\"https:\/\/www.koronakarkonoszy.pl\/blog\/wp-content\/uploads\/2022\/02\/december-g37c75cab9_1280.jpg\" class=\"attachment-full size-full\" alt=\"\" srcset=\"https:\/\/www.koronakarkonoszy.pl\/blog\/wp-content\/uploads\/2022\/02\/december-g37c75cab9_1280.jpg 1280w, https:\/\/www.koronakarkonoszy.pl\/blog\/wp-content\/uploads\/2022\/02\/december-g37c75cab9_1280-300x200.jpg 300w, https:\/\/www.koronakarkonoszy.pl\/blog\/wp-content\/uploads\/2022\/02\/december-g37c75cab9_1280-1024x682.jpg 1024w, https:\/\/www.koronakarkonoszy.pl\/blog\/wp-content\/uploads\/2022\/02\/december-g37c75cab9_1280-768x512.jpg 768w\" sizes=\"auto, (max-width: 1280px) 100vw, 1280px\" \/>            <\/div>\r\n<\/section>\n\n\n<p>Wesele w tygodniu to doskona\u0142e rozwi\u0105zanie, je\u015bli nie planujecie hucznego \u015bwi\u0119towania. W \u015brodku tygodnia bez problemu mo\u017ce odby\u0107 si\u0119 kameralne <a href=\"https:\/\/www.koronakarkonoszy.pl\/blog\/przyjecie-zamiast-wesela\/\">przyj\u0119cie zamiast wesela<\/a>. Ma\u0142y pocz\u0119stunek z pewno\u015bci\u0105 nie skomplikuje plan\u00f3w go\u015bci, a dzi\u0119ki temu wi\u0119cej os\u00f3b potwierdzi swoj\u0105 obecno\u015b\u0107. Kameralne wesele mo\u017ce by\u0107 r\u00f3wnie pi\u0119kne i efektowne, co du\u017ce wesele trwaj\u0105ce ca\u0142\u0105 noc. Organizacja takiego wydarzenia jest zdecydowania ta\u0144sza, co wi\u0105\u017ce si\u0119 z du\u017c\u0105 oszcz\u0119dno\u015bci\u0105 pieni\u0119dzy. Zaoszcz\u0119dzony kapita\u0142 mo\u017cna ulokowa\u0107 w dodatkowych atrakcjach dla go\u015bci, wykwintnym menu czy nietypowej dekoracji sali weselnej. Ciekaw\u0105 opcj\u0105 jest wynaj\u0119cie kwartetu smyczkowego, kt\u00f3ry zapewni romantyczn\u0105 opraw\u0119 muzyczn\u0105 na weselu. Spokojna muzyka grana na \u017cywo z pewno\u015bci\u0105 umili go\u015bciom czas sp\u0119dzony na przyj\u0119ciu.<\/p>\n\n\n\n<p>Czy warto zorganizowa\u0107 wesele w tygodniu? Oczywi\u015bcie! Data \u015blubu nie ma wi\u0119kszego znaczenia. Pami\u0119tajcie, \u017ce w czasie najwa\u017cniejsza jest Wasza mi\u0142o\u015b\u0107. I w\u0142a\u015bnie ona sprawia, \u017ce ten dzie\u0144 jest wyj\u0105tkowy!<\/p>\n","protected":false},"excerpt":{"rendered":"<p>Jeszcze niedawno nie do pomy\u015blenia by\u0142o zorganizowanie \u015blubu w inny dzie\u0144 ni\u017c sobota. Dzi\u015b narzeczeni coraz ch\u0119tniej wybieraj\u0105 inne dni tygodnia \u2013 i to nie tylko pi\u0105tek! Czy warto zorganizowa\u0107 wesele w tygodniu? Wesele tylko w sobot\u0119? Rok 2020 postawi\u0142 przed nami nowe wyzwania. Pandemia koronawirusa i zwi\u0105zane z ni\u0105 obostrzenia zmusi\u0142y nas do zmiany [&hellip;]<\/p>\n","protected":false},"author":9,"featured_media":2980,"comment_status":"closed","ping_status":"closed","sticky":false,"template":"","format":"standard","meta":{"_acf_changed":false,"footnotes":""},"categories":[16,2,4,3],"class_list":["post-2837","post","type-post","status-publish","format-standard","has-post-thumbnail","hentry","category-kiedy-wesele","category-porady","category-tradycja","category-trendy"],"acf":[],"yoast_head":"<!-- This site is optimized with the Yoast SEO plugin v27.5 - https:\/\/yoast.com\/product\/yoast-seo-wordpress\/ -->\n<title>Czy warto zorganizowa\u0107 wesele w tygodniu? - :: Blog weselny<\/title>\n<meta name=\"description\" content=\"Jeszcze niedawno nie do pomy\u015blenia by\u0142o zorganizowanie \u015blubu w inny dzie\u0144 ni\u017c sobota. Czy warto zorganizowa\u0107 wesele w tygodniu?\" \/>\n<meta name=\"robots\" content=\"index, follow, max-snippet:-1, max-image-preview:large, max-video-preview:-1\" \/>\n<link rel=\"canonical\" href=\"https:\/\/www.koronakarkonoszy.pl\/blog\/czy-warto-zorganizowac-wesele-w-tygodniu\/\" \/>\n<meta property=\"og:locale\" content=\"pl_PL\" \/>\n<meta property=\"og:type\" content=\"article\" \/>\n<meta property=\"og:title\" content=\"Czy warto zorganizowa\u0107 wesele w tygodniu? - :: Blog weselny\" \/>\n<meta property=\"og:description\" content=\"Jeszcze niedawno nie do pomy\u015blenia by\u0142o zorganizowanie \u015blubu w inny dzie\u0144 ni\u017c sobota. Czy warto zorganizowa\u0107 wesele w tygodniu?\" \/>\n<meta property=\"og:url\" content=\"https:\/\/www.koronakarkonoszy.pl\/blog\/czy-warto-zorganizowac-wesele-w-tygodniu\/\" \/>\n<meta property=\"og:site_name\" content=\":: Blog weselny\" \/>\n<meta property=\"article:published_time\" content=\"2022-02-09T10:05:00+00:00\" \/>\n<meta property=\"article:modified_time\" content=\"2023-02-09T18:24:05+00:00\" \/>\n<meta property=\"og:image\" content=\"https:\/\/www.koronakarkonoszy.pl\/blog\/wp-content\/uploads\/2022\/02\/renata-adrienn-ebvCsRypmxM-unsplash-2.jpg\" \/>\n\t<meta property=\"og:image:width\" content=\"1920\" \/>\n\t<meta property=\"og:image:height\" content=\"2400\" \/>\n\t<meta property=\"og:image:type\" content=\"image\/jpeg\" \/>\n<meta name=\"author\" content=\"jadziabeska\" \/>\n<meta name=\"twitter:card\" content=\"summary_large_image\" \/>\n<meta name=\"twitter:label1\" content=\"Napisane przez\" \/>\n\t<meta name=\"twitter:data1\" content=\"jadziabeska\" \/>\n\t<meta name=\"twitter:label2\" content=\"Szacowany czas czytania\" \/>\n\t<meta name=\"twitter:data2\" content=\"6 minut\" \/>\n<script type=\"application\/ld+json\" class=\"yoast-schema-graph\">{\"@context\":\"https:\\\/\\\/schema.org\",\"@graph\":[{\"@type\":\"Article\",\"@id\":\"https:\\\/\\\/www.koronakarkonoszy.pl\\\/blog\\\/czy-warto-zorganizowac-wesele-w-tygodniu\\\/#article\",\"isPartOf\":{\"@id\":\"https:\\\/\\\/www.koronakarkonoszy.pl\\\/blog\\\/czy-warto-zorganizowac-wesele-w-tygodniu\\\/\"},\"author\":{\"name\":\"jadziabeska\",\"@id\":\"https:\\\/\\\/www.koronakarkonoszy.pl\\\/blog\\\/#\\\/schema\\\/person\\\/55b64bff54bee8fbf3f378347c221da5\"},\"headline\":\"Czy warto zorganizowa\u0107 wesele w tygodniu?\",\"datePublished\":\"2022-02-09T10:05:00+00:00\",\"dateModified\":\"2023-02-09T18:24:05+00:00\",\"mainEntityOfPage\":{\"@id\":\"https:\\\/\\\/www.koronakarkonoszy.pl\\\/blog\\\/czy-warto-zorganizowac-wesele-w-tygodniu\\\/\"},\"wordCount\":1048,\"image\":{\"@id\":\"https:\\\/\\\/www.koronakarkonoszy.pl\\\/blog\\\/czy-warto-zorganizowac-wesele-w-tygodniu\\\/#primaryimage\"},\"thumbnailUrl\":\"https:\\\/\\\/www.koronakarkonoszy.pl\\\/blog\\\/wp-content\\\/uploads\\\/2022\\\/02\\\/renata-adrienn-ebvCsRypmxM-unsplash-2.jpg\",\"articleSection\":[\"Kiedy wesele\",\"Porady\",\"Tradycja\",\"Trendy\"],\"inLanguage\":\"pl-PL\"},{\"@type\":\"WebPage\",\"@id\":\"https:\\\/\\\/www.koronakarkonoszy.pl\\\/blog\\\/czy-warto-zorganizowac-wesele-w-tygodniu\\\/\",\"url\":\"https:\\\/\\\/www.koronakarkonoszy.pl\\\/blog\\\/czy-warto-zorganizowac-wesele-w-tygodniu\\\/\",\"name\":\"Czy warto zorganizowa\u0107 wesele w tygodniu? - :: Blog weselny\",\"isPartOf\":{\"@id\":\"https:\\\/\\\/www.koronakarkonoszy.pl\\\/blog\\\/#website\"},\"primaryImageOfPage\":{\"@id\":\"https:\\\/\\\/www.koronakarkonoszy.pl\\\/blog\\\/czy-warto-zorganizowac-wesele-w-tygodniu\\\/#primaryimage\"},\"image\":{\"@id\":\"https:\\\/\\\/www.koronakarkonoszy.pl\\\/blog\\\/czy-warto-zorganizowac-wesele-w-tygodniu\\\/#primaryimage\"},\"thumbnailUrl\":\"https:\\\/\\\/www.koronakarkonoszy.pl\\\/blog\\\/wp-content\\\/uploads\\\/2022\\\/02\\\/renata-adrienn-ebvCsRypmxM-unsplash-2.jpg\",\"datePublished\":\"2022-02-09T10:05:00+00:00\",\"dateModified\":\"2023-02-09T18:24:05+00:00\",\"author\":{\"@id\":\"https:\\\/\\\/www.koronakarkonoszy.pl\\\/blog\\\/#\\\/schema\\\/person\\\/55b64bff54bee8fbf3f378347c221da5\"},\"description\":\"Jeszcze niedawno nie do pomy\u015blenia by\u0142o zorganizowanie \u015blubu w inny dzie\u0144 ni\u017c sobota. Czy warto zorganizowa\u0107 wesele w tygodniu?\",\"breadcrumb\":{\"@id\":\"https:\\\/\\\/www.koronakarkonoszy.pl\\\/blog\\\/czy-warto-zorganizowac-wesele-w-tygodniu\\\/#breadcrumb\"},\"inLanguage\":\"pl-PL\",\"potentialAction\":[{\"@type\":\"ReadAction\",\"target\":[\"https:\\\/\\\/www.koronakarkonoszy.pl\\\/blog\\\/czy-warto-zorganizowac-wesele-w-tygodniu\\\/\"]}]},{\"@type\":\"ImageObject\",\"inLanguage\":\"pl-PL\",\"@id\":\"https:\\\/\\\/www.koronakarkonoszy.pl\\\/blog\\\/czy-warto-zorganizowac-wesele-w-tygodniu\\\/#primaryimage\",\"url\":\"https:\\\/\\\/www.koronakarkonoszy.pl\\\/blog\\\/wp-content\\\/uploads\\\/2022\\\/02\\\/renata-adrienn-ebvCsRypmxM-unsplash-2.jpg\",\"contentUrl\":\"https:\\\/\\\/www.koronakarkonoszy.pl\\\/blog\\\/wp-content\\\/uploads\\\/2022\\\/02\\\/renata-adrienn-ebvCsRypmxM-unsplash-2.jpg\",\"width\":1920,\"height\":2400},{\"@type\":\"BreadcrumbList\",\"@id\":\"https:\\\/\\\/www.koronakarkonoszy.pl\\\/blog\\\/czy-warto-zorganizowac-wesele-w-tygodniu\\\/#breadcrumb\",\"itemListElement\":[{\"@type\":\"ListItem\",\"position\":1,\"name\":\"Strona g\u0142\u00f3wna\",\"item\":\"https:\\\/\\\/www.koronakarkonoszy.pl\\\/blog\\\/\"},{\"@type\":\"ListItem\",\"position\":2,\"name\":\"Czy warto zorganizowa\u0107 wesele w tygodniu?\"}]},{\"@type\":\"WebSite\",\"@id\":\"https:\\\/\\\/www.koronakarkonoszy.pl\\\/blog\\\/#website\",\"url\":\"https:\\\/\\\/www.koronakarkonoszy.pl\\\/blog\\\/\",\"name\":\":: Blog weselny\",\"description\":\"Blog weselny Dw\u00f3r Korona Karkonoszy\",\"potentialAction\":[{\"@type\":\"SearchAction\",\"target\":{\"@type\":\"EntryPoint\",\"urlTemplate\":\"https:\\\/\\\/www.koronakarkonoszy.pl\\\/blog\\\/?s={search_term_string}\"},\"query-input\":{\"@type\":\"PropertyValueSpecification\",\"valueRequired\":true,\"valueName\":\"search_term_string\"}}],\"inLanguage\":\"pl-PL\"},{\"@type\":\"Person\",\"@id\":\"https:\\\/\\\/www.koronakarkonoszy.pl\\\/blog\\\/#\\\/schema\\\/person\\\/55b64bff54bee8fbf3f378347c221da5\",\"name\":\"jadziabeska\",\"image\":{\"@type\":\"ImageObject\",\"inLanguage\":\"pl-PL\",\"@id\":\"https:\\\/\\\/www.koronakarkonoszy.pl\\\/blog\\\/wp-content\\\/litespeed\\\/avatar\\\/d5afbd823a08888fd4dfe0b1d73beb91.jpg?ver=1777448806\",\"url\":\"https:\\\/\\\/www.koronakarkonoszy.pl\\\/blog\\\/wp-content\\\/litespeed\\\/avatar\\\/d5afbd823a08888fd4dfe0b1d73beb91.jpg?ver=1777448806\",\"contentUrl\":\"https:\\\/\\\/www.koronakarkonoszy.pl\\\/blog\\\/wp-content\\\/litespeed\\\/avatar\\\/d5afbd823a08888fd4dfe0b1d73beb91.jpg?ver=1777448806\",\"caption\":\"jadziabeska\"},\"url\":\"https:\\\/\\\/www.koronakarkonoszy.pl\\\/blog\\\/author\\\/jadziabeska\\\/\"}]}<\/script>\n<!-- \/ Yoast SEO plugin. -->","yoast_head_json":{"title":"Czy warto zorganizowa\u0107 wesele w tygodniu? - :: Blog weselny","description":"Jeszcze niedawno nie do pomy\u015blenia by\u0142o zorganizowanie \u015blubu w inny dzie\u0144 ni\u017c sobota. Czy warto zorganizowa\u0107 wesele w tygodniu?","robots":{"index":"index","follow":"follow","max-snippet":"max-snippet:-1","max-image-preview":"max-image-preview:large","max-video-preview":"max-video-preview:-1"},"canonical":"https:\/\/www.koronakarkonoszy.pl\/blog\/czy-warto-zorganizowac-wesele-w-tygodniu\/","og_locale":"pl_PL","og_type":"article","og_title":"Czy warto zorganizowa\u0107 wesele w tygodniu? - :: Blog weselny","og_description":"Jeszcze niedawno nie do pomy\u015blenia by\u0142o zorganizowanie \u015blubu w inny dzie\u0144 ni\u017c sobota. Czy warto zorganizowa\u0107 wesele w tygodniu?","og_url":"https:\/\/www.koronakarkonoszy.pl\/blog\/czy-warto-zorganizowac-wesele-w-tygodniu\/","og_site_name":":: Blog weselny","article_published_time":"2022-02-09T10:05:00+00:00","article_modified_time":"2023-02-09T18:24:05+00:00","og_image":[{"width":1920,"height":2400,"url":"https:\/\/www.koronakarkonoszy.pl\/blog\/wp-content\/uploads\/2022\/02\/renata-adrienn-ebvCsRypmxM-unsplash-2.jpg","type":"image\/jpeg"}],"author":"jadziabeska","twitter_card":"summary_large_image","twitter_misc":{"Napisane przez":"jadziabeska","Szacowany czas czytania":"6 minut"},"schema":{"@context":"https:\/\/schema.org","@graph":[{"@type":"Article","@id":"https:\/\/www.koronakarkonoszy.pl\/blog\/czy-warto-zorganizowac-wesele-w-tygodniu\/#article","isPartOf":{"@id":"https:\/\/www.koronakarkonoszy.pl\/blog\/czy-warto-zorganizowac-wesele-w-tygodniu\/"},"author":{"name":"jadziabeska","@id":"https:\/\/www.koronakarkonoszy.pl\/blog\/#\/schema\/person\/55b64bff54bee8fbf3f378347c221da5"},"headline":"Czy warto zorganizowa\u0107 wesele w tygodniu?","datePublished":"2022-02-09T10:05:00+00:00","dateModified":"2023-02-09T18:24:05+00:00","mainEntityOfPage":{"@id":"https:\/\/www.koronakarkonoszy.pl\/blog\/czy-warto-zorganizowac-wesele-w-tygodniu\/"},"wordCount":1048,"image":{"@id":"https:\/\/www.koronakarkonoszy.pl\/blog\/czy-warto-zorganizowac-wesele-w-tygodniu\/#primaryimage"},"thumbnailUrl":"https:\/\/www.koronakarkonoszy.pl\/blog\/wp-content\/uploads\/2022\/02\/renata-adrienn-ebvCsRypmxM-unsplash-2.jpg","articleSection":["Kiedy wesele","Porady","Tradycja","Trendy"],"inLanguage":"pl-PL"},{"@type":"WebPage","@id":"https:\/\/www.koronakarkonoszy.pl\/blog\/czy-warto-zorganizowac-wesele-w-tygodniu\/","url":"https:\/\/www.koronakarkonoszy.pl\/blog\/czy-warto-zorganizowac-wesele-w-tygodniu\/","name":"Czy warto zorganizowa\u0107 wesele w tygodniu? - :: Blog weselny","isPartOf":{"@id":"https:\/\/www.koronakarkonoszy.pl\/blog\/#website"},"primaryImageOfPage":{"@id":"https:\/\/www.koronakarkonoszy.pl\/blog\/czy-warto-zorganizowac-wesele-w-tygodniu\/#primaryimage"},"image":{"@id":"https:\/\/www.koronakarkonoszy.pl\/blog\/czy-warto-zorganizowac-wesele-w-tygodniu\/#primaryimage"},"thumbnailUrl":"https:\/\/www.koronakarkonoszy.pl\/blog\/wp-content\/uploads\/2022\/02\/renata-adrienn-ebvCsRypmxM-unsplash-2.jpg","datePublished":"2022-02-09T10:05:00+00:00","dateModified":"2023-02-09T18:24:05+00:00","author":{"@id":"https:\/\/www.koronakarkonoszy.pl\/blog\/#\/schema\/person\/55b64bff54bee8fbf3f378347c221da5"},"description":"Jeszcze niedawno nie do pomy\u015blenia by\u0142o zorganizowanie \u015blubu w inny dzie\u0144 ni\u017c sobota. Czy warto zorganizowa\u0107 wesele w tygodniu?","breadcrumb":{"@id":"https:\/\/www.koronakarkonoszy.pl\/blog\/czy-warto-zorganizowac-wesele-w-tygodniu\/#breadcrumb"},"inLanguage":"pl-PL","potentialAction":[{"@type":"ReadAction","target":["https:\/\/www.koronakarkonoszy.pl\/blog\/czy-warto-zorganizowac-wesele-w-tygodniu\/"]}]},{"@type":"ImageObject","inLanguage":"pl-PL","@id":"https:\/\/www.koronakarkonoszy.pl\/blog\/czy-warto-zorganizowac-wesele-w-tygodniu\/#primaryimage","url":"https:\/\/www.koronakarkonoszy.pl\/blog\/wp-content\/uploads\/2022\/02\/renata-adrienn-ebvCsRypmxM-unsplash-2.jpg","contentUrl":"https:\/\/www.koronakarkonoszy.pl\/blog\/wp-content\/uploads\/2022\/02\/renata-adrienn-ebvCsRypmxM-unsplash-2.jpg","width":1920,"height":2400},{"@type":"BreadcrumbList","@id":"https:\/\/www.koronakarkonoszy.pl\/blog\/czy-warto-zorganizowac-wesele-w-tygodniu\/#breadcrumb","itemListElement":[{"@type":"ListItem","position":1,"name":"Strona g\u0142\u00f3wna","item":"https:\/\/www.koronakarkonoszy.pl\/blog\/"},{"@type":"ListItem","position":2,"name":"Czy warto zorganizowa\u0107 wesele w tygodniu?"}]},{"@type":"WebSite","@id":"https:\/\/www.koronakarkonoszy.pl\/blog\/#website","url":"https:\/\/www.koronakarkonoszy.pl\/blog\/","name":":: Blog weselny","description":"Blog weselny Dw\u00f3r Korona Karkonoszy","potentialAction":[{"@type":"SearchAction","target":{"@type":"EntryPoint","urlTemplate":"https:\/\/www.koronakarkonoszy.pl\/blog\/?s={search_term_string}"},"query-input":{"@type":"PropertyValueSpecification","valueRequired":true,"valueName":"search_term_string"}}],"inLanguage":"pl-PL"},{"@type":"Person","@id":"https:\/\/www.koronakarkonoszy.pl\/blog\/#\/schema\/person\/55b64bff54bee8fbf3f378347c221da5","name":"jadziabeska","image":{"@type":"ImageObject","inLanguage":"pl-PL","@id":"https:\/\/www.koronakarkonoszy.pl\/blog\/wp-content\/litespeed\/avatar\/d5afbd823a08888fd4dfe0b1d73beb91.jpg?ver=1777448806","url":"https:\/\/www.koronakarkonoszy.pl\/blog\/wp-content\/litespeed\/avatar\/d5afbd823a08888fd4dfe0b1d73beb91.jpg?ver=1777448806","contentUrl":"https:\/\/www.koronakarkonoszy.pl\/blog\/wp-content\/litespeed\/avatar\/d5afbd823a08888fd4dfe0b1d73beb91.jpg?ver=1777448806","caption":"jadziabeska"},"url":"https:\/\/www.koronakarkonoszy.pl\/blog\/author\/jadziabeska\/"}]}},"_links":{"self":[{"href":"https:\/\/www.koronakarkonoszy.pl\/blog\/wp-json\/wp\/v2\/posts\/2837","targetHints":{"allow":["GET"]}}],"collection":[{"href":"https:\/\/www.koronakarkonoszy.pl\/blog\/wp-json\/wp\/v2\/posts"}],"about":[{"href":"https:\/\/www.koronakarkonoszy.pl\/blog\/wp-json\/wp\/v2\/types\/post"}],"author":[{"embeddable":true,"href":"https:\/\/www.koronakarkonoszy.pl\/blog\/wp-json\/wp\/v2\/users\/9"}],"replies":[{"embeddable":true,"href":"https:\/\/www.koronakarkonoszy.pl\/blog\/wp-json\/wp\/v2\/comments?post=2837"}],"version-history":[{"count":0,"href":"https:\/\/www.koronakarkonoszy.pl\/blog\/wp-json\/wp\/v2\/posts\/2837\/revisions"}],"wp:featuredmedia":[{"embeddable":true,"href":"https:\/\/www.koronakarkonoszy.pl\/blog\/wp-json\/wp\/v2\/media\/2980"}],"wp:attachment":[{"href":"https:\/\/www.koronakarkonoszy.pl\/blog\/wp-json\/wp\/v2\/media?parent=2837"}],"wp:term":[{"taxonomy":"category","embeddable":true,"href":"https:\/\/www.koronakarkonoszy.pl\/blog\/wp-json\/wp\/v2\/categories?post=2837"}],"curies":[{"name":"wp","href":"https:\/\/api.w.org\/{rel}","templated":true}]}}