{"id":2824,"date":"2023-09-06T07:11:25","date_gmt":"2023-09-06T05:11:25","guid":{"rendered":"https:\/\/www.koronakarkonoszy.pl\/blog\/?p=2824"},"modified":"2023-09-07T18:11:58","modified_gmt":"2023-09-07T16:11:58","slug":"wesele-w-dworku","status":"publish","type":"post","link":"https:\/\/www.koronakarkonoszy.pl\/blog\/wesele-w-dworku\/","title":{"rendered":"Bajkowe wesele w dworku \u2013 jak je zorganizowa\u0107?"},"content":{"rendered":"\n<p><strong>Dworki weselne maj\u0105 w sobie co\u015b niesamowitego. Maj\u0105 magiczny charakter, kt\u00f3ry idealnie wpisuje si\u0119 w wizj\u0119 przyj\u0119cia weselnego jak z najpi\u0119kniejszej bajki o prawdziwej mi\u0142o\u015bci. Bajeczna ceremonia to wyj\u0105tkowy pocz\u0105tek wsp\u00f3lnej drogi, wspania\u0142e do\u015bwiadczenie, kt\u00f3rego zakochani nie zapomn\u0105 do ko\u0144ca \u017cycia. Jak zorganizowa\u0107 <a href=\"https:\/\/www.koronakarkonoszy.pl\/blog\/wesele-w-dworku\/\" class=\"links-placer\">bajkowe wesele<\/a> w dworku?<\/strong><\/p>\n\n\n<div id=\"ariadna-block_786496b4abd39471eb0efa27af490021\" class=\"ariadna\">\r\n    <ul><li><a href=\"#h-wesele-w-dworku-jako-alternatywa-dla-przyj-cia-w-tradycyjnej-sali\">Wesele w dworku jako alternatywa dla przyj\u0119cia w tradycyjnej sali<\/a><\/li><li><a href=\"#h-jak-znalezc-idealny-dworek-na-wesele\">Jak znale\u017a\u0107 idealny dworek na wesele?<\/a><\/li><li><a href=\"#ha-wesela-sosnowka\">Wesela Sosn\u00f3wka<\/a><\/li><li><a href=\"#h-gdzie-wesele-w-sosnowce\">Gdzie wesele w Sosn\u00f3wce?<\/a><\/li><li><a href=\"#ha-wesele-w-dworku-z-noclegiem\">Wesele w dworku z noclegiem<\/a><\/li><li><a href=\"#h-dworek-wesele-z-klimatem\">Dworek &#8211; wesele z klimatem!<\/a><\/li><li><a href=\"#h-bajkowa-aran-acja-na-wesele\">Bajkowa aran\u017cacja na wesele<\/a><\/li><li><a href=\"#h-dekoracje-na-wesele-w-dworku\">Dekoracje na wesele w dworku<\/a><\/li><li><a href=\"#h-jak-urozmaici-bajkowe-przyj-cie-atrakcje-na-wesele-w-dworku\">Jak urozmaici\u0107 bajkowe przyj\u0119cie \u2013 atrakcje na wesele w dworku<\/a><\/li><li><a href=\"#ha-bajkowe-pary-mlode\">Bajkowe Pary M\u0142ode<\/a><\/li><li><a href=\"#h-basniowe-kreacje-panny-mlodej\">Ba\u015bniowe kreacje Panny M\u0142odej<\/a><\/li><li><a href=\"#ha-jak-sie-ubrac-na-slub-pan-mlody\">Jak si\u0119 ubra\u0107 na \u015blub \u2013 Pan M\u0142ody<\/a><\/li><li><a href=\"#h-wesele-w-dworku-zalety\">Wesele w dworku zalety<\/a><\/li><\/ul>\r\n<\/div>\r\n\r\n\r\n\r\n\n\n\n<h2 class=\"wp-block-heading\" id=\"h-wesele-w-dworku-jako-alternatywa-dla-przyj-cia-w-tradycyjnej-sali\"><strong>Wesele w dworku jako alternatywa dla przyj\u0119cia w tradycyjnej sali<\/strong><\/h2>\n\n\n\n<p><a href=\"https:\/\/www.koronakarkonoszy.pl\/blog\/organizacja-wesel-od-a-do-z\/\" target=\"_blank\" rel=\"noreferrer noopener\">Organizacja przyj\u0119\u0107 weselnych<\/a> w dworkach zyskuje na popularno\u015bci. Wed\u0142ug wielu par wyj\u0105tkowy klimat, jaki maj\u0105 takie miejsca, jest kwintesencj\u0105 romantyczno\u015bci. <strong>Dworki to miejsca z dusz\u0105.<\/strong> Wchodz\u0105c do \u015brodka, od razu czu\u0107 niesamowit\u0105 atmosfer\u0119, magiczn\u0105 aur\u0119 mi\u0142o\u015bci, kt\u00f3ra idealnie wpisuje si\u0119 w \u015blubne klimaty.&nbsp;<a href=\"https:\/\/www.koronakarkonoszy.pl\/blog\/zamek-palac-czy-dwor-jakie-miejsce-na-wesele-wybrac\/\" target=\"_blank\" rel=\"noreferrer noopener\">Dworki<\/a> znajdziemy zar\u00f3wno w ma\u0142ych miejscowo\u015bciach, jak i na obrze\u017cach wielkich miast. Tak wi\u0119c jako miejsce na <a href=\"https:\/\/www.koronakarkonoszy.pl\/blog\/wesele-okolice-wroclawia\/\" target=\"_blank\" rel=\"noreferrer noopener\">wesele Wroc\u0142aw<\/a> lub jego okolice mog\u0105 okaza\u0107 si\u0119 idealne \u2013 znajdziemy tam wiele ciekawych obiekt\u00f3w.<\/p>\n\n\n\n<figure class=\"wp-block-image size-large\"><a href=\"https:\/\/www.koronakarkonoszy.pl\/wesele\/\" target=\"_blank\" rel=\"noreferrer noopener\"><img loading=\"lazy\" decoding=\"async\" width=\"1024\" height=\"512\" src=\"https:\/\/www.koronakarkonoszy.pl\/blog\/wp-content\/uploads\/2022\/01\/stylowy_dwor_wesleny_DKK-4-1024x512.jpg\" alt=\"\" class=\"wp-image-4627\" srcset=\"https:\/\/www.koronakarkonoszy.pl\/blog\/wp-content\/uploads\/2022\/01\/stylowy_dwor_wesleny_DKK-4-1024x512.jpg 1024w, https:\/\/www.koronakarkonoszy.pl\/blog\/wp-content\/uploads\/2022\/01\/stylowy_dwor_wesleny_DKK-4-300x150.jpg 300w, https:\/\/www.koronakarkonoszy.pl\/blog\/wp-content\/uploads\/2022\/01\/stylowy_dwor_wesleny_DKK-4-768x384.jpg 768w, https:\/\/www.koronakarkonoszy.pl\/blog\/wp-content\/uploads\/2022\/01\/stylowy_dwor_wesleny_DKK-4.jpg 1200w\" sizes=\"auto, (max-width: 1024px) 100vw, 1024px\" \/><\/a><\/figure>\n\n\n\n<p><strong>Wesele w dworku<\/strong> mo\u017ce by\u0107 r\u00f3wnie udane \u2013 a nawet bardziej! &#8211; co przyj\u0119cie w tradycyjnej <a href=\"https:\/\/www.koronakarkonoszy.pl\/blog\/sala-weselna\/\" target=\"_blank\" rel=\"noreferrer noopener\">sali weselnej<\/a>. W takich obiektach mo\u017cna organizowa\u0107 zar\u00f3wno <a href=\"https:\/\/www.koronakarkonoszy.pl\/blog\/kameralny-slub-w-gorach\/\" target=\"_blank\" rel=\"noreferrer noopener\">kameralny \u015blub<\/a>, 30- czy 50-osobowe przyj\u0119cia, jak i huczne wesela na 150 czy nawet 200 os\u00f3b. Dworki zwykle usytuowane s\u0105 w malowniczych miejscach, blisko natury, z dala od miejskiego zgie\u0142ku czy g\u0142o\u015bnych ulic. Wi\u0119kszo\u015b\u0107 z nich otoczona jest idealnie zadbanym, zielonym ogrodem, co czyni je jeszcze bardziej magicznymi, romantycznymi miejscami.<\/p>\n\n\n\n<style>\n    .cta_block{\n        margin: 1.5em 0;\n    }\n    .cta_block_content {\n        position: relative;\n        color: white;\n        padding: 1em;\n    }\n    .cta_block_content h3{\n        text-align: center;\n        font: normal normal normal 36px\/50px Yeseva One;\n    }\n    .cta_block_content .cta_block_desc{\n        text-align: center;\n        font-size: 1.1em;\n        position: relative;\n    }\n    .cta_block_content .cta_block_desc:before {\n        content: '';\n        width: 80px;\n        height: 4px;\n        background: #EEB315;\n        position: absolute;\n        left: 0;\n        right: 0;\n        margin-left: auto;\n        margin-right: auto;\n        top: -22px;\n    }\n\n    .cta_block_content picture{\n        position: absolute;\n        top: 0;\n        right: 0;\n        z-index: -1;\n        height: 100%;\n        overflow: hidden;\n        width: 100%;\n    }\n    .cta_block_content picture img{\n        object-fit: cover;\n        height: 100%;\n        width: 100%;\n    }\n    .cta_block .cta_block_content .ninja-forms-field{\n        background: #FFFFFF2F;\n        border: 1px solid #EEB315;\n        border-radius: 25px;\n        opacity: 1;\n        color: #ffffff;\n    }\n    .cta_block .cta_block_content .nf-form-content input[type=submit]{\n        background-color: #EEB315;\n        color: #292929;\n        text-align: center;\n        font: normal normal bold 14px\/20px Work Sans;\n        padding: 0 2em;\n    }\n\n    .cta_block ::placeholder{\n        color: white!important;\n        opacity: 1;\n    }\n\n    .cta_block_content::after {\n        height: 100%;\n        width: 100%;\n        content: \"\";\n        z-index: -1;\n        position: absolute;\n        top: 0;\n        background: #00000070;\n        right: 0;\n        left: 0;\n        bottom: 0;\n    }\n    #ha-cta-block, .cta_block_desc, .cta_block .nf-field-label, .cta_block .nf-error-msg {\n        filter: drop-shadow(1px 1px 8px black);\n    }\n\n\/*    .cta_block nf-rows-wrap {\n        display: flex;\n        justify-content: space-around;\n        flex-direction: row;\n    }*\/\n\n    .cta_block .nf-field-label {\n        display:none;\n    }\n\n    .cta_block .nf-error.field-wrap .nf-field-element::after {\n        border-radius: 50px;\n    }\n\n    .cta_block .nf-error-msg {\n        color: #fff;\n    }\n\n    .cta_block .nf-form-cont {\n        margin-top: 3em;\n        margin-bottom: 1em;\n    }\n\n    .wp-admin .cta_block_content{\n        display: none;\n    }\n    .cta_block .nf-form-fields-required {\n        display: none;\n    }\n    body:not(.wp-admin) .cta_block_admin {\n        display: none;\n    }\n<\/style>\n<div id=\"cta_block-block_d616fbcf0a591ad2266de2d11ff6ffca\" class=\"cta_block\">\n    <div class=\"cta_block_admin\" style=\"background-color: blue; color: white\">\n        Blok CTA\n    <\/div>\n    <div class=\"cta_block\">\n        <div class=\"cta_block_content\">   \n        <h3 id=\"ha-szukasz-dworku-na-swoje-wesele\">Szukasz dworku na swoje wesele? <\/h3>\n                    <div class=\"cta_block_desc\">Dw\u00f3r Korona Karkonoszy zaskoczy Ci\u0119 niepowtarzalnym klimatem!<\/div>\n                <noscript class=\"ninja-forms-noscript-message\">\n\tUwaga: ta zawarto\u015b\u0107 wymaga obs\u0142ugi j\u0119zyka JavaScript.<\/noscript>\n<div id=\"nf-form-3-cont\" class=\"nf-form-cont\" aria-live=\"polite\" aria-labelledby=\"nf-form-title-3\" aria-describedby=\"nf-form-errors-3\" role=\"form\">\n\n    <div class=\"nf-loading-spinner\"><\/div>\n\n<\/div>\n        <!-- That data is being printed as a workaround to page builders reordering the order of the scripts loaded-->\n        <script>var formDisplay=1;var nfForms=nfForms||[];var form=[];form.id='3';form.settings={\"objectType\":\"Form Setting\",\"editActive\":true,\"title\":\"Block CTA\",\"created_at\":\"2022-11-08 16:03:33\",\"default_label_pos\":\"above\",\"show_title\":0,\"clear_complete\":\"1\",\"hide_complete\":\"1\",\"logged_in\":\"\",\"wrapper_class\":\"\",\"element_class\":\"\",\"key\":\"\",\"add_submit\":\"0\",\"changeEmailErrorMsg\":\"Wprowad\\u017a prawid\\u0142owy adres e-mail!\",\"changeDateErrorMsg\":\"Prosz\\u0119 wpisa\\u0107 prawid\\u0142ow\\u0105 dat\\u0119!\",\"confirmFieldErrorMsg\":\"Te pola musz\\u0105 si\\u0119 zgadza\\u0107!\",\"fieldNumberNumMinError\":\"B\\u0142\\u0105d \\u2014 liczba minimalna\",\"fieldNumberNumMaxError\":\"B\\u0142\\u0105d \\u2014 liczba maksymalna\",\"fieldNumberIncrementBy\":\"Zwi\\u0119ksz o \",\"formErrorsCorrectErrors\":\"Popraw b\\u0142\\u0119dy, zanim prze\\u015blesz formularz.\",\"validateRequiredField\":\"To jest wymagane pole.\",\"honeypotHoneypotError\":\"B\\u0142\\u0105d Honeypot\",\"fieldsMarkedRequired\":\"Pola oznaczone znakiem <span class=\\\"ninja-forms-req-symbol\\\">*<\\\/span> s\\u0105 wymagane\",\"currency\":\"\",\"repeatable_fieldsets\":\"\",\"unique_field_error\":\"Formularz z t\\u0105 warto\\u015bci\\u0105 zosta\\u0142 ju\\u017c przes\\u0142any.\",\"not_logged_in_msg\":\"\",\"sub_limit_msg\":\"Formularz osi\\u0105gn\\u0105\\u0142 limit wys\\u0142a\\u0144.\",\"calculations\":[],\"container_styles_show_advanced_css\":\"0\",\"title_styles_show_advanced_css\":\"0\",\"row_styles_show_advanced_css\":\"0\",\"row-odd_styles_show_advanced_css\":\"0\",\"success-msg_styles_show_advanced_css\":\"0\",\"error_msg_styles_show_advanced_css\":\"0\",\"formContentData\":[{\"order\":1,\"cells\":[{\"order\":0,\"fields\":[\"phone_1640098023980\"],\"width\":35},{\"order\":1,\"fields\":[\"adres_e-mail_1667919839452\"],\"width\":35},{\"order\":2,\"fields\":[\"zapisz_mnie_1667919853255\"],\"width\":30}]}],\"drawerDisabled\":false,\"conditions\":[],\"allow_public_link\":0,\"embed_form\":\"\",\"container_styles_border\":\"\",\"container_styles_height\":\"\",\"container_styles_margin\":\"\",\"container_styles_padding\":\"\",\"container_styles_float\":\"\",\"title_styles_border\":\"\",\"title_styles_height\":\"\",\"title_styles_width\":\"\",\"title_styles_font-size\":\"\",\"title_styles_margin\":\"\",\"title_styles_padding\":\"\",\"title_styles_float\":\"\",\"row_styles_border\":\"\",\"row_styles_width\":\"\",\"row_styles_font-size\":\"\",\"row_styles_margin\":\"\",\"row_styles_padding\":\"\",\"row-odd_styles_border\":\"\",\"row-odd_styles_height\":\"\",\"row-odd_styles_width\":\"\",\"row-odd_styles_font-size\":\"\",\"row-odd_styles_margin\":\"\",\"row-odd_styles_padding\":\"\",\"success-msg_styles_border\":\"\",\"success-msg_styles_height\":\"\",\"success-msg_styles_width\":\"\",\"success-msg_styles_font-size\":\"\",\"success-msg_styles_margin\":\"\",\"success-msg_styles_padding\":\"\",\"error_msg_styles_border\":\"\",\"error_msg_styles_width\":\"\",\"error_msg_styles_font-size\":\"\",\"error_msg_styles_margin\":\"\",\"error_msg_styles_padding\":\"\",\"form_title_heading_level\":\"3\",\"ninjaForms\":\"Ninja Forms\",\"fieldTextareaRTEInsertLink\":\"Wstaw odno\\u015bnik\",\"fieldTextareaRTEInsertMedia\":\"Wstaw media\",\"fieldTextareaRTESelectAFile\":\"Wybierz plik\",\"formHoneypot\":\"Je\\u015bli jeste\\u015b cz\\u0142owiekiem i widzisz to pole, nie wype\\u0142niaj go.\",\"fileUploadOldCodeFileUploadInProgress\":\"Przesy\\u0142anie pliku w toku.\",\"fileUploadOldCodeFileUpload\":\"PRZESY\\u0141ANIE PLIKU\",\"currencySymbol\":\"&#36;\",\"thousands_sep\":\"&nbsp;\",\"decimal_point\":\",\",\"siteLocale\":\"pl_PL\",\"dateFormat\":\"m\\\/d\\\/Y\",\"startOfWeek\":\"1\",\"of\":\"z\",\"previousMonth\":\"Poprzedni miesi\\u0105c\",\"nextMonth\":\"Nast\\u0119pny miesi\\u0105c\",\"months\":[\"Stycze\\u0144\",\"Luty\",\"Marzec\",\"Kwiecie\\u0144\",\"Maj\",\"Czerwiec\",\"Lipiec\",\"Sierpie\\u0144\",\"Wrzesie\\u0144\",\"Pa\\u017adziernik\",\"Listopad\",\"Grudzie\\u0144\"],\"monthsShort\":[\"Sty\",\"Lut\",\"Mar\",\"Kw\",\"Maj\",\"Cze\",\"Lip\",\"Sie\",\"Wrz\",\"Pa\\u017a\",\"Lis\",\"Gru\"],\"weekdays\":[\"Niedziela\",\"Poniedzia\\u0142ek\",\"Wtorek\",\"\\u015aroda\",\"Czwartek\",\"Pi\\u0105tek\",\"Sobota\"],\"weekdaysShort\":[\"Niedz\",\"Pon\",\"Wt\",\"\\u015ar\",\"Czw\",\"Pt\",\"Sob\"],\"weekdaysMin\":[\"Niedz\",\"Pon\",\"Wt\",\"\\u015ar\",\"Czw\",\"Pt\",\"Sob\"],\"recaptchaConsentMissing\":\"reCaptcha validation couldn&#039;t load.\",\"recaptchaMissingCookie\":\"reCaptcha v3 validation couldn&#039;t load the cookie needed to submit the form.\",\"recaptchaConsentEvent\":\"Accept reCaptcha cookies before sending the form.\",\"currency_symbol\":\"\",\"beforeForm\":\"\",\"beforeFields\":\"\",\"afterFields\":\"\",\"afterForm\":\"\"};form.fields=[{\"objectType\":\"Field\",\"objectDomain\":\"fields\",\"editActive\":false,\"order\":1,\"idAttribute\":\"id\",\"type\":\"phone\",\"label\":\"Numer telefonu\",\"key\":\"phone_1640098023980\",\"label_pos\":\"above\",\"required\":1,\"default\":\"\",\"placeholder\":\"Numer telefonu\",\"container_class\":\"\",\"element_class\":\"\",\"input_limit\":\"\",\"input_limit_type\":\"characters\",\"input_limit_msg\":\"Liczba pozosta\\u0142ych znak\\u00f3w:\",\"manual_key\":\"\",\"admin_label\":\"\",\"help_text\":\"\",\"mask\":\"\",\"custom_mask\":\"\",\"custom_name_attribute\":\"phone\",\"personally_identifiable\":1,\"wrap_styles_border\":\"\",\"wrap_styles_width\":\"\",\"wrap_styles_margin\":\"\",\"wrap_styles_padding\":\"\",\"wrap_styles_float\":\"\",\"wrap_styles_show_advanced_css\":0,\"label_styles_border\":\"\",\"label_styles_width\":\"\",\"label_styles_font-size\":\"\",\"label_styles_margin\":\"\",\"label_styles_padding\":\"\",\"label_styles_float\":\"\",\"label_styles_show_advanced_css\":0,\"element_styles_border\":\"\",\"element_styles_width\":\"\",\"element_styles_font-size\":\"\",\"element_styles_margin\":\"\",\"element_styles_padding\":\"\",\"element_styles_float\":\"\",\"element_styles_show_advanced_css\":0,\"cellcid\":\"c3386\",\"value\":\"\",\"field_label\":\"Numer telefonu\",\"field_key\":\"phone_1640098023980\",\"drawerDisabled\":false,\"id\":8,\"beforeField\":\"\",\"afterField\":\"\",\"parentType\":\"textbox\",\"element_templates\":[\"tel\",\"textbox\",\"input\"],\"old_classname\":\"\",\"wrap_template\":\"wrap\"},{\"objectType\":\"Field\",\"objectDomain\":\"fields\",\"editActive\":false,\"order\":2,\"idAttribute\":\"id\",\"type\":\"email\",\"label\":\"Adres e-mail\",\"key\":\"adres_e-mail_1667919839452\",\"label_pos\":\"above\",\"required\":1,\"default\":\"\",\"placeholder\":\"Adres e-mail\",\"container_class\":\"\",\"element_class\":\"\",\"admin_label\":\"\",\"help_text\":\"\",\"custom_name_attribute\":\"email\",\"personally_identifiable\":1,\"wrap_styles_border\":\"\",\"wrap_styles_width\":\"\",\"wrap_styles_margin\":\"\",\"wrap_styles_padding\":\"\",\"wrap_styles_float\":\"\",\"wrap_styles_show_advanced_css\":0,\"label_styles_border\":\"\",\"label_styles_width\":\"\",\"label_styles_font-size\":\"\",\"label_styles_margin\":\"\",\"label_styles_padding\":\"\",\"label_styles_float\":\"\",\"label_styles_show_advanced_css\":0,\"element_styles_border\":\"\",\"element_styles_width\":\"\",\"element_styles_font-size\":\"\",\"element_styles_margin\":\"\",\"element_styles_padding\":\"\",\"element_styles_float\":\"\",\"element_styles_show_advanced_css\":0,\"cellcid\":\"c3389\",\"value\":\"\",\"drawerDisabled\":false,\"field_label\":\"E-mail\",\"field_key\":\"email_1640098026199\",\"id\":9,\"beforeField\":\"\",\"afterField\":\"\",\"parentType\":\"email\",\"element_templates\":[\"email\",\"input\"],\"old_classname\":\"\",\"wrap_template\":\"wrap\"},{\"objectType\":\"Field\",\"objectDomain\":\"fields\",\"editActive\":false,\"order\":3,\"idAttribute\":\"id\",\"type\":\"submit\",\"label\":\"Zapisz mnie\",\"processing_label\":\"W trakcie realizacji\",\"container_class\":\"\",\"element_class\":\"\",\"key\":\"zapisz_mnie_1667919853255\",\"wrap_styles_border\":\"\",\"wrap_styles_width\":\"\",\"wrap_styles_margin\":\"\",\"wrap_styles_padding\":\"\",\"wrap_styles_float\":\"\",\"wrap_styles_show_advanced_css\":0,\"element_styles_border\":\"\",\"element_styles_width\":\"\",\"element_styles_font-size\":\"\",\"element_styles_margin\":\"\",\"element_styles_padding\":\"\",\"element_styles_float\":\"\",\"element_styles_show_advanced_css\":0,\"submit_element_hover_styles_border\":\"\",\"submit_element_hover_styles_width\":\"\",\"submit_element_hover_styles_font-size\":\"\",\"submit_element_hover_styles_margin\":\"\",\"submit_element_hover_styles_padding\":\"\",\"submit_element_hover_styles_float\":\"\",\"submit_element_hover_styles_show_advanced_css\":0,\"cellcid\":\"c3391\",\"drawerDisabled\":false,\"field_label\":\"Zamawiam rozmow\\u0119\",\"field_key\":\"zamawiam_rozmowe_1640098067453\",\"id\":10,\"beforeField\":\"\",\"afterField\":\"\",\"value\":\"\",\"label_pos\":\"above\",\"parentType\":\"textbox\",\"element_templates\":[\"submit\",\"button\",\"input\"],\"old_classname\":\"\",\"wrap_template\":\"wrap-no-label\"}];nfForms.push(form);<\/script>\n                <script id=\"nf-tmpl-cell\" type=\"text\/template\">\n            <nf-fields><\/nf-fields>\n        <\/script>\n\n        <script id=\"nf-tmpl-row\" type=\"text\/template\">\n            <nf-cells><\/nf-cells>\n        <\/script>\n\n                <img loading=\"lazy\" decoding=\"async\" width=\"800\" height=\"534\" src=\"https:\/\/www.koronakarkonoszy.pl\/blog\/wp-content\/uploads\/2021\/07\/DKK-obiekt-noc__2_.jpg\" class=\"attachment-full size-full\" alt=\"DKK obiekt noc\" srcset=\"https:\/\/www.koronakarkonoszy.pl\/blog\/wp-content\/uploads\/2021\/07\/DKK-obiekt-noc__2_.jpg 800w, https:\/\/www.koronakarkonoszy.pl\/blog\/wp-content\/uploads\/2021\/07\/DKK-obiekt-noc__2_-300x200.jpg 300w, https:\/\/www.koronakarkonoszy.pl\/blog\/wp-content\/uploads\/2021\/07\/DKK-obiekt-noc__2_-768x513.jpg 768w\" sizes=\"auto, (max-width: 800px) 100vw, 800px\" \/>        <\/div> \n    <\/div>\n<\/div>\n\n\n\n<p>A zatem jak wybra\u0107 idealny dworek na <a href=\"https:\/\/www.koronakarkonoszy.pl\/blog\/jak-zorganizowac-przyjecie-weselne-na-30-osob\/\" target=\"_blank\" rel=\"noreferrer noopener\">przyj\u0119cie weselne<\/a>? I jak zorganizowa\u0107 bajeczne wesele w dworku? Podpowiadamy!<\/p>\n\n\n<section id=\"leonardo-block_9f23d4adf9153d59728fa5bfbf7ec209\" class=\"leonardo page-breaker leonardo-image-right\">\r\n    <div class=\"leonardo-body\">\r\n        <h2 class=\"leonardo-title\" id=\"h-jak-znalezc-idealny-dworek-na-wesele\">Jak znale\u017a\u0107 idealny dworek na wesele?<\/h2>        <div class=\"leonardo-content\"><p>Pierwsz\u0105 wa\u017cn\u0105 rzecz\u0105, na kt\u00f3r\u0105 powinni\u015bcie zwr\u00f3ci\u0107 uwag\u0119 przy wyborze dworku na wesele, jest <a href=\"https:\/\/www.koronakarkonoszy.pl\/blog\/motywy-przewodnie-wesela\/\" target=\"_blank\" rel=\"noopener\">motyw przewodni<\/a>. Decyduj\u0105c si\u0119 na bajkowe wesele, szukajcie obiektu, kt\u00f3rego wn\u0119trza przypominaj\u0105 wystawny pa\u0142acyk. <a href=\"https:\/\/www.koronakarkonoszy.pl\/blog\/wesele-tematyczne-fantastyczne-wesela-zima-i-latem\/\" target=\"_blank\" rel=\"noopener\">Wesela tematyczne<\/a> s\u0105 obecnie bardzo modne, a bajeczny \u015blub powinien odby\u0107 si\u0119 w eleganckiej sali balowej utrzymanej w idealnie dopasowanej kolorystyce i ozdobionej subtelnymi ornamentami. Do takich obiekt\u00f3w bez w\u0105tpienia zaliczymy <a href=\"https:\/\/www.koronakarkonoszy.pl\/dworska-sala-balowa\/\" target=\"_blank\" rel=\"noopener\">Dworsk\u0105 Sal\u0119 Balow\u0105<\/a> usytuowan\u0105 w <strong>Dworze Korona Karkonoszy<\/strong> <strong>w Sosn\u00f3wce ko\u0142o Karpacza.<\/strong><\/p>\n<p>Jest to wn\u0119trze w kolorze karminowym, zdobione bia\u0142ym sklepieniem zawieszonym 9 metr\u00f3w nad ziemi\u0105 oraz du\u017cymi, \u0142ukowymi oknami, z kt\u00f3rych roztacza si\u0119 widok stylowy ogr\u00f3d r\u00f3\u017cany. Sala ma wewn\u0119trzn\u0105 antresol\u0119 i bezpo\u015brednie wyj\u015bcie do ogrodu. Niesamowity wystr\u00f3j sali dope\u0142niaj\u0105 gustowne \u015bwieczniki, lampiony, patery oraz pi\u0119kna porcelana \u0106miel\u00f3w. Dworska Sala Balowa idealnie wpisuje si\u0119 w bajkowy charakter wesela.<\/p>\n<p>Z pewno\u015bci\u0105 zale\u017cy Wam, \u017ceby Wasi go\u015bcie doskonale si\u0119 bawili i \u015bwietnie czuli podczas Waszego przyj\u0119cia weselnego, dlatego zadbajcie o ich komfort! Poza dobrym jedzeniem, <a href=\"https:\/\/www.koronakarkonoszy.pl\/blog\/koszyczek-ratunkowy-wesele\/\" target=\"_blank\" rel=\"noreferrer noopener\">koszyczkiem ratunkowym na wesele<\/a> w \u0142azience czy muzyk\u0105, kt\u00f3ra wprawi ich w radosne nastroje, liczy si\u0119 swoboda i komfort poruszania, ta\u0144c\u00f3w na parkiecie czy biesiadowania przy wsp\u00f3lnym stole. Zatem wielko\u015b\u0107 wybranej <a href=\"https:\/\/www.koronakarkonoszy.pl\/blog\/sale-weselne-jak-dobrze-wybrac\/\" target=\"_blank\" rel=\"noopener\">sali weselnej<\/a> powinna odpowiada\u0107 liczbie zaproszonych go\u015bci.<\/p>\n<\/div>\r\n                    <aside class=\"leonardo-interlink\">\r\n                <b>Polecamy<\/b>\r\n                <a href=\"https:\/\/www.koronakarkonoszy.pl\/blog\/aranzacja-sali-weselnej\/\">Aran\u017cacja sali weselnej: co warto wiedzie\u0107?<\/a>\r\n            <\/aside>\r\n            <\/div>\r\n    <div class=\"leonardo-image\">\r\n        <img loading=\"lazy\" decoding=\"async\" width=\"683\" height=\"1024\" src=\"https:\/\/www.koronakarkonoszy.pl\/blog\/wp-content\/uploads\/2023\/09\/sala-dworska55.jpg\" class=\"attachment-full size-full\" alt=\"\" srcset=\"https:\/\/www.koronakarkonoszy.pl\/blog\/wp-content\/uploads\/2023\/09\/sala-dworska55.jpg 683w, https:\/\/www.koronakarkonoszy.pl\/blog\/wp-content\/uploads\/2023\/09\/sala-dworska55-200x300.jpg 200w, https:\/\/www.koronakarkonoszy.pl\/blog\/wp-content\/uploads\/2023\/09\/sala-dworska55-8x12.jpg 8w\" sizes=\"auto, (max-width: 683px) 100vw, 683px\" \/>            <\/div>\r\n<\/section>\n\n\n<h2 class=\"wp-block-heading\" id=\"ha-wesela-sosnowka\">Wesela Sosn\u00f3wka<\/h2>\n\n\n\n<p><strong>Sosn\u00f3wka<\/strong> to urocza miejscowo\u015b\u0107 letniskowa po\u0142o\u017cona w Karkonoszach, kt\u00f3ra jest popularn\u0105 destynacj\u0105 na wesela ze wzgl\u0119du na swoje malownicze po\u0142o\u017cenie. Znajdziemy tu wiele ofert <a href=\"https:\/\/www.koronakarkonoszy.pl\/blog\/sala-weselna-w-gorach\/\" target=\"_blank\" rel=\"noreferrer noopener\">sal weselnych<\/a>. Na przyk\u0142ad <a href=\"https:\/\/www.koronakarkonoszy.pl\/blog\/dworek-na-wesele\/\" class=\"links-placer\">bajkowy dworek<\/a> czy sale weselne w pa\u0142acu \u2013 w Sosn\u00f3wce najpi\u0119kniejsze sale weselne oferuj\u0105 wesele z widokiem na g\u00f3ry.<\/p>\n\n\n<section id=\"leonardo-block_cdb8042cdeeaf412e00a35ce74343492\" class=\"leonardo page-breaker leonardo-image-left\">\r\n    <div class=\"leonardo-body\">\r\n        <h2 class=\"leonardo-title\" id=\"h-gdzie-wesele-w-sosnowce\">Gdzie wesele w Sosn\u00f3wce?<\/h2>        <div class=\"leonardo-content\"><p><!-- wp:paragraph --><\/p>\n<p>Najlepiej szukaj miejsc z odpowiedni\u0105 ilo\u015bci\u0105 sal bankietowych i przestronnymi ogrodami, gdzie mo\u017cna zorganizowa\u0107 ceremoni\u0119 na \u015bwie\u017cym powietrzu. Taki idealny obiekt weselny to na przyk\u0142ad <strong>Dw\u00f3r Korona Karkonoszy<\/strong>. Znajdziemy tam wyj\u0105tkowe wn\u0119trza sali weselnej &#8211; <a href=\"https:\/\/www.koronakarkonoszy.pl\/dworska-sala-balowa\/\" target=\"_blank\" rel=\"noopener\">Dworska Sala Balowa<\/a> ma 9 metr\u00f3w wysoko\u015bci, pi\u0119kny rze\u017abiony sufit oraz \u017cywy karminowy kolor \u015bcian i \u0142ukowe okna. W ogrodach Dworu Korona Karkonoszy mo\u017cemy zorganizowa\u0107 <a href=\"https:\/\/www.koronakarkonoszy.pl\/blog\/slub-w-ogrodzie-magia-slubow-w-plenerze\/\" target=\"_blank\" rel=\"noopener\">\u015blub<\/a> i wyj\u0105tkowe <a href=\"https:\/\/www.koronakarkonoszy.pl\/blog\/slub-w-plenerze-wszystko-co-warto-o-nim-wiedziec\/\" target=\"_blank\" rel=\"noopener\">wesele w plenerze<\/a>. Pomoc w organizacji wesela zapewni\u0105 do\u015bwiadczeni konsultanci \u015blubni, a ustaleniem przepysznego <a href=\"https:\/\/www.koronakarkonoszy.pl\/blog\/menu-na-wesele-jesienia\/\" target=\"_blank\" rel=\"noopener\">menu weselnego<\/a> zajmie si\u0119 szef kuchni.<\/p>\n<p><!-- \/wp:paragraph --> <!-- wp:paragraph --><\/p>\n<p><strong>Wybieraj\u0105c Sosn\u00f3wk\u0119 na miejsce wesela<\/strong>, masz dost\u0119p do pi\u0119knych g\u00f3rskich krajobraz\u00f3w. Wykorzystaj te malownicze scenerie jako t\u0142o dla swojego wesela. Dekoracje naturalne, jak kwiaty i \u015bwiece, doskonale komponuj\u0105 si\u0119 z otaczaj\u0105c\u0105 przyrod\u0105. Ponadto <strong>Sosn\u00f3wka i okolice<\/strong> oferuj\u0105 wiele atrakcji turystycznych dla go\u015bci weselnych, takich jak wycieczki g\u00f3rskie, spacery czy zwiedzanie pobliskich zamk\u00f3w. Mo\u017cesz zorganizowa\u0107 dodatkowe atrakcje dla swoich go\u015bci, aby umili\u0107 im czas. <a href=\"https:\/\/www.koronakarkonoszy.pl\/blog-atrakcje\/sosnowka\/\" class=\"links-placer\">Sosn\u00f3wka<\/a> i okolice oferuj\u0105 pi\u0119kne i spokojne otoczenie, kt\u00f3re mo\u017ce stworzy\u0107 niezapomniany klimat na Twoim <a href=\"https:\/\/www.koronakarkonoszy.pl\/blog\/slub-w-gorach-organizacja-krok-po-kroku\/\" target=\"_blank\" rel=\"noopener\">\u015blubie i weselu w g\u00f3rach<\/a>.<\/p>\n<p><!-- \/wp:paragraph --><\/p>\n<\/div>\r\n                    <aside class=\"leonardo-interlink\">\r\n                <b>Polecamy<\/b>\r\n                <a href=\"https:\/\/www.koronakarkonoszy.pl\/blog\/slub-jelenia-gora\/\">\u015alub Jelenia G\u00f3ra \u2013 sielska ceremonia w stolicy Karkonoszy<\/a>\r\n            <\/aside>\r\n            <\/div>\r\n    <div class=\"leonardo-image\">\r\n        <img loading=\"lazy\" decoding=\"async\" width=\"1728\" height=\"1152\" src=\"https:\/\/www.koronakarkonoszy.pl\/blog\/wp-content\/uploads\/2023\/09\/ogrod77.jpg\" class=\"attachment-full size-full\" alt=\"\" srcset=\"https:\/\/www.koronakarkonoszy.pl\/blog\/wp-content\/uploads\/2023\/09\/ogrod77.jpg 1728w, https:\/\/www.koronakarkonoszy.pl\/blog\/wp-content\/uploads\/2023\/09\/ogrod77-300x200.jpg 300w, https:\/\/www.koronakarkonoszy.pl\/blog\/wp-content\/uploads\/2023\/09\/ogrod77-1024x683.jpg 1024w, https:\/\/www.koronakarkonoszy.pl\/blog\/wp-content\/uploads\/2023\/09\/ogrod77-768x512.jpg 768w, https:\/\/www.koronakarkonoszy.pl\/blog\/wp-content\/uploads\/2023\/09\/ogrod77-1536x1024.jpg 1536w, https:\/\/www.koronakarkonoszy.pl\/blog\/wp-content\/uploads\/2023\/09\/ogrod77-18x12.jpg 18w\" sizes=\"auto, (max-width: 1728px) 100vw, 1728px\" \/>            <\/div>\r\n<\/section>\n\n\n<h2 class=\"wp-block-heading\" id=\"ha-wesele-w-dworku-z-noclegiem\">Wesele w dworku z noclegiem<\/h2>\n\n\n\n<p>Organizacja wesela w dworku z <a href=\"https:\/\/www.koronakarkonoszy.pl\/blog\/nocleg-dla-gosci-weselnych-koniecznosc-czy-dodatek\/\" target=\"_blank\" rel=\"noreferrer noopener\">noclegiem dla go\u015bci<\/a> to wyj\u0105tkowy pomys\u0142, kt\u00f3ry pozwala Parze M\u0142odej i go\u015bciom sp\u0119dzi\u0107 wi\u0119cej czasu razem, ciesz\u0105c si\u0119 wyj\u0105tkowym miejscem i atmosfer\u0105. Oto kilka krok\u00f3w do zorganizowania <strong>wesela w dworku z noclegiem<\/strong>. Najpierw wybierz dawny dw\u00f3r, pa\u0142ac lub zamek, kt\u00f3ry oferuje zar\u00f3wno przestrze\u0144 na ceremoni\u0119 \u015blubn\u0105, jak i sale bankietowe, a tak\u017ce komfortowe noclegi dla go\u015bci. Dworki cz\u0119sto maj\u0105 urok i klimat, kt\u00f3ry nadaje wyj\u0105tkowego charakteru ca\u0142emu wydarzeniu. Dlatego s\u0105 takie popularne, je\u015bli kto\u015b chce mie\u0107 wesele marze\u0144. Tak wi\u0119c <strong>rezerwacja terminu wesela<\/strong> w dworku powinna by\u0107 dokonana ze sporym wyprzedzeniem. Sprawd\u017a, te\u017c co obejmuje cena wesela. Cz\u0119sto obiekt weselny oferuje korzystne pakiety weselne.<\/p>\n\n\n\n<figure class=\"wp-block-image size-full\"><img loading=\"lazy\" decoding=\"async\" width=\"960\" height=\"640\" src=\"https:\/\/www.koronakarkonoszy.pl\/blog\/wp-content\/uploads\/2023\/09\/ogrod77-1.jpg\" alt=\"\" class=\"wp-image-10752\" srcset=\"https:\/\/www.koronakarkonoszy.pl\/blog\/wp-content\/uploads\/2023\/09\/ogrod77-1.jpg 960w, https:\/\/www.koronakarkonoszy.pl\/blog\/wp-content\/uploads\/2023\/09\/ogrod77-1-300x200.jpg 300w, https:\/\/www.koronakarkonoszy.pl\/blog\/wp-content\/uploads\/2023\/09\/ogrod77-1-768x512.jpg 768w, https:\/\/www.koronakarkonoszy.pl\/blog\/wp-content\/uploads\/2023\/09\/ogrod77-1-18x12.jpg 18w\" sizes=\"auto, (max-width: 960px) 100vw, 960px\" \/><figcaption class=\"wp-element-caption\"><strong><a href=\"https:\/\/www.koronakarkonoszy.pl\/wesele\/\" target=\"_blank\" rel=\"noreferrer noopener\">Dw\u00f3r na wesele<\/a>, Sosn\u00f3wka ko\u0142o Karpacza<\/strong><\/figcaption><\/figure>\n\n\n\n<p>Upewnij si\u0119, \u017ce wybrany dw\u00f3r ma wystarczaj\u0105c\u0105 liczb\u0119 miejsc noclegowych dla wszystkich go\u015bci, kt\u00f3rzy chcieliby zosta\u0107 na miejscu. To mo\u017ce obejmowa\u0107 <a href=\"https:\/\/www.koronakarkonoszy.pl\/pokoje\/\" target=\"_blank\" rel=\"noreferrer noopener\">pokoje w dworku<\/a> oraz ewentualnie pobliskie pensjonaty lub hotele. Skontaktuj si\u0119 z dworkiem i zarezerwuj odpowiedni\u0105 liczb\u0119 pokoi na potrzeby <strong>noclegu go\u015bci weselnych<\/strong>. Rozwa\u017c r\u00f3wnie\u017c opcj\u0119 zablokowania pokoi na dany weekend, aby go\u015bcie mieli pierwsze\u0144stwo przy rezerwacjach. Chyba \u017ce organizujesz wesele w ostatniej chwili &#8211; wtedy musisz liczy\u0107 na wolne <a href=\"https:\/\/www.koronakarkonoszy.pl\/blog\/wesele-last-minute-jak-szybko-zorganizowac-przyjecie-weselne\/\" target=\"_blank\" rel=\"noreferrer noopener\">terminy last minute<\/a>.<\/p>\n\n\n<section id=\"leonardo-block_e5190e9c0785d9197247ea471b59a463\" class=\"leonardo page-breaker leonardo-image-right\">\r\n    <div class=\"leonardo-body\">\r\n        <h2 class=\"leonardo-title\" id=\"h-dworek-wesele-z-klimatem\">Dworek &#8211; wesele z klimatem! <\/h2>        <div class=\"leonardo-content\"><p><!-- wp:paragraph --><\/p>\n<p>Wykorzystaj urok i architektur\u0119 dworku jako inspiracj\u0119 do dekoracji. Kwiaty, \u015bwiece, tkaniny i inne dekoracje mog\u0105 stworzy\u0107 wyj\u0105tkow\u0105 atmosfer\u0119. Skonsultuj si\u0119 z dworem w sprawie opcji <a href=\"https:\/\/www.koronakarkonoszy.pl\/catering\/\" target=\"_blank\" rel=\"noopener\">cateringu<\/a>. Niekt\u00f3re dworki oferuj\u0105 w\u0142asn\u0105 us\u0142ug\u0119 cateringow\u0105, podczas gdy inne pozwalaj\u0105 na korzystanie z zewn\u0119trznych dostawc\u00f3w. Wybierz menu, kt\u00f3re odpowiada Waszym gustom i preferencjom. Sprawd\u017a, jaka jest cena menu weselnego, by zmie\u015bci\u0107 si\u0119 w zaplanowanym bud\u017cecie. <a href=\"https:\/\/www.koronakarkonoszy.pl\/blog\/ile-kosztuje-wesele-jak-z-bajki\/\" target=\"_blank\" rel=\"noopener\">Wesele jak z bajki<\/a> nie jest niestety za darmo\u2026<\/p>\n<p><!-- \/wp:paragraph --> <!-- wp:paragraph --><\/p>\n<p>Wesele w dworku <a href=\"https:\/\/www.koronakarkonoszy.pl\/blog\/wesele-z-noclegiem\/\" target=\"_blank\" rel=\"noopener\">z noclegiem<\/a> to wyj\u0105tkowy spos\u00f3b na uczczenie swojego wielkiego dnia i stworzenie niezapomnianych wspomnie\u0144 zar\u00f3wno dla Pary M\u0142odej, jak i dla go\u015bci. Warto dok\u0142adnie zaplanowa\u0107 ka\u017cdy szczeg\u00f3\u0142, aby zapewni\u0107 komfort wszystkim uczestnikom wesela.<\/p>\n<p><!-- \/wp:paragraph --><\/p>\n<\/div>\r\n                    <aside class=\"leonardo-interlink\">\r\n                <b>Polecamy<\/b>\r\n                <a href=\"https:\/\/www.koronakarkonoszy.pl\/blog\/jak-wybrac-miejsce-na-wesele\/\">Jak wybra\u0107 miejsce na wesele?<\/a>\r\n            <\/aside>\r\n            <\/div>\r\n    <div class=\"leonardo-image\">\r\n        <img loading=\"lazy\" decoding=\"async\" width=\"1200\" height=\"800\" src=\"https:\/\/www.koronakarkonoszy.pl\/blog\/wp-content\/uploads\/2022\/02\/zimowe_wesele_panifotograf.kr_61.jpg\" class=\"attachment-full size-full\" alt=\"\" srcset=\"https:\/\/www.koronakarkonoszy.pl\/blog\/wp-content\/uploads\/2022\/02\/zimowe_wesele_panifotograf.kr_61.jpg 1200w, https:\/\/www.koronakarkonoszy.pl\/blog\/wp-content\/uploads\/2022\/02\/zimowe_wesele_panifotograf.kr_61-300x200.jpg 300w, https:\/\/www.koronakarkonoszy.pl\/blog\/wp-content\/uploads\/2022\/02\/zimowe_wesele_panifotograf.kr_61-1024x683.jpg 1024w, https:\/\/www.koronakarkonoszy.pl\/blog\/wp-content\/uploads\/2022\/02\/zimowe_wesele_panifotograf.kr_61-768x512.jpg 768w, https:\/\/www.koronakarkonoszy.pl\/blog\/wp-content\/uploads\/2022\/02\/zimowe_wesele_panifotograf.kr_61-18x12.jpg 18w\" sizes=\"auto, (max-width: 1200px) 100vw, 1200px\" \/>            <\/div>\r\n<\/section>\n\n\n<h2 class=\"wp-block-heading\" id=\"h-bajkowa-aran-acja-na-wesele\"><strong>Bajkowa aran\u017cacja na wesele<\/strong><\/h2>\n\n\n\n<p>Kluczem do stworzenia wyj\u0105tkowego, bajkowego klimatu w <a href=\"https:\/\/www.koronakarkonoszy.pl\/blog\/sala-na-wesele-co-warto-wiedziec\/\" target=\"_blank\" rel=\"noreferrer noopener\">sali na wesele<\/a> jest przemy\u015blany dob\u00f3r dekoracji. Styl dekoracji powinien perfekcyjnie wsp\u00f3\u0142gra\u0107 z wystrojem wybranej sali. A wi\u0119c przy tworzeniu weselnej aran\u017cacji warto kierowa\u0107 si\u0119 zasad\u0105: luksusowo, a przy tym z klas\u0105. <a href=\"https:\/\/www.koronakarkonoszy.pl\/blog\/modne-dekoracje-sali-weselnej-jak-to-osiagnac\/\" target=\"_blank\" rel=\"noreferrer noopener\">Modne dekoracje sali weselnej <\/a>powinny stworzy\u0107 eleganck\u0105, wystawn\u0105 ca\u0142o\u015b\u0107, kt\u00f3ra b\u0119dzie przypomina\u0107 gustowny wystr\u00f3j niczym z prawdziwej zamkowej sali balowej.&nbsp;<\/p>\n\n\n\n<figure class=\"wp-block-image size-large\"><img loading=\"lazy\" decoding=\"async\" width=\"1024\" height=\"683\" src=\"https:\/\/www.koronakarkonoszy.pl\/blog\/wp-content\/uploads\/2023\/09\/stol-pary-mlodej-1024x683.jpg\" alt=\"\" class=\"wp-image-10735\" srcset=\"https:\/\/www.koronakarkonoszy.pl\/blog\/wp-content\/uploads\/2023\/09\/stol-pary-mlodej-1024x683.jpg 1024w, https:\/\/www.koronakarkonoszy.pl\/blog\/wp-content\/uploads\/2023\/09\/stol-pary-mlodej-300x200.jpg 300w, https:\/\/www.koronakarkonoszy.pl\/blog\/wp-content\/uploads\/2023\/09\/stol-pary-mlodej-768x512.jpg 768w, https:\/\/www.koronakarkonoszy.pl\/blog\/wp-content\/uploads\/2023\/09\/stol-pary-mlodej-18x12.jpg 18w, https:\/\/www.koronakarkonoszy.pl\/blog\/wp-content\/uploads\/2023\/09\/stol-pary-mlodej.jpg 1200w\" sizes=\"auto, (max-width: 1024px) 100vw, 1024px\" \/><figcaption class=\"wp-element-caption\"><strong>St\u00f3\u0142 Pary M\u0142odej, <a href=\"https:\/\/www.koronakarkonoszy.pl\/wesele\/\" target=\"_blank\" rel=\"noreferrer noopener\">Dw\u00f3r Korona Karkonoszy<\/a>, Sosn\u00f3wka k. Karpacza<\/strong><\/figcaption><\/figure>\n\n\n\n<p>Wa\u017cnym elementem oprawy \u015blubnej s\u0105 <a href=\"https:\/\/www.koronakarkonoszy.pl\/blog\/kwiaty-na-stoly-weselne\/\" target=\"_blank\" rel=\"noreferrer noopener\">kwiaty na sto\u0142y weselne<\/a>. Kwiaty maj\u0105 bogat\u0105 symbolik\u0119 \u2013 wyra\u017caj\u0105 emocje, kt\u00f3re w dniu \u015blubu s\u0105 bardzo wa\u017cne. Eleganckie bukiety na sto\u0142ach stworz\u0105 nastr\u00f3j, jak r\u00f3wnie\u017c podkre\u015bl\u0105 wystawny charakter wydarzenia. W rezultacie je\u015bli chcecie wywo\u0142a\u0107 efekt \u201ewow\u201d, postawcie na bukiety w wysokich wazonach, kt\u00f3re b\u0119d\u0105 widoczne z daleka i zachwyc\u0105 go\u015bci ju\u017c w momencie pierwszego przekroczenia progu sali weselnej.<\/p>\n\n\n\n<p>Takie <strong>dekoracje kwiatowe<\/strong> <strong>na weselu<\/strong> nie tylko prezentuj\u0105 si\u0119 bardzo gustownie, ale tak\u017ce nie zajmuj\u0105 du\u017co miejsca na sto\u0142ach i nie przeszkadzaj\u0105 go\u015bciom podczas rozm\u00f3w. Kwiaty mo\u017cna r\u00f3wnie\u017c wykorzysta\u0107 do przygotowania efektownej \u015bcianki do zdj\u0119\u0107, ozd\u00f3b wisz\u0105cych czy innych element\u00f3w.&nbsp;<\/p>\n\n\n<section id=\"leonardo-block_aaae4b0db9ef91292bcd8e26f724fc94\" class=\"leonardo page-breaker leonardo-image-right\">\r\n    <div class=\"leonardo-body\">\r\n        <h2 class=\"leonardo-title\" id=\"h-dekoracje-na-wesele-w-dworku\">Dekoracje na wesele w dworku <\/h2>        <div class=\"leonardo-content\"><p>Dope\u0142nieniem dekoracji na wesele w dworku b\u0119dzie elegancka, starannie dobrana zastawa (najlepiej z porcelany), gustowne \u015bwieczniki z d\u0142ugimi \u015bwiecami oraz o\u015bwietlenie, kt\u00f3re stworzy w <a href=\"https:\/\/www.koronakarkonoszy.pl\/blog\/lokal-na-wesele\/\" target=\"_blank\" rel=\"noopener\">lokalu na wesele<\/a> klimatyczny nastr\u00f3j.<\/p>\n<p>Przygotowuj\u0105c weseln\u0105 aran\u017cacj\u0119, najwi\u0119ksz\u0105 uwag\u0119 skupcie na stole prezydialnym. St\u00f3\u0142 pa\u0144stwa m\u0142odych zwykle stanowi centralny punkt pomieszczenia, jest widoczny z ka\u017cdego zak\u0105tka sali, dlatego powinien wyr\u00f3\u017cnia\u0107 si\u0119 na tle innych.<\/p>\n<p>Na stole warto umie\u015bci\u0107 nieco bogatsze dekoracje i kompozycje kwiatowe, kt\u00f3re podkre\u015bl\u0105, \u017ce \u015bwie\u017co upieczeni ma\u0142\u017conkowie s\u0105 najwa\u017cniejsi tego dnia. Krzes\u0142a powinny znale\u017a\u0107 si\u0119 z jednej strony sto\u0142u, by zakochani i \u015bwiadkowie skierowani byli w stron\u0119 swoich go\u015bci.<\/p>\n<p>Przepisem na udan\u0105, stylow\u0105 aran\u017cacj\u0119 na wesele w dworku jest umiar. Nawet pe\u0142ne przepychu style, jak bajkowy czy <a href=\"https:\/\/www.koronakarkonoszy.pl\/blog\/wesele-i-slub-w-stylu-glamour\/\" target=\"_blank\" rel=\"noopener\">wesele w stylu glamour<\/a>, powinno realizowa\u0107 si\u0119 przy zachowaniu zasady r\u00f3wnowagi. Nie warto przesadza\u0107 z ilo\u015bci\u0105 dekoracji. Dekoracje \u015blubne nie powinny przy\u0107mi\u0107 ca\u0142ej uroczysto\u015bci. Na przyk\u0142ad je\u015bli wybrali\u015bcie ozdobn\u0105, porcelanow\u0105 zastaw\u0119, postawcie na delikatne, bia\u0142e kwiaty, kt\u00f3re podkre\u015bl\u0105 jej niesamowity charakter.<\/p>\n<p>Sale weselne w dworkach pozwalaj\u0105 tak\u017ce zorganizowa\u0107 wesele w innym stylu. Wesele rustykalne, wesele w stylu boho albo <a href=\"https:\/\/www.koronakarkonoszy.pl\/blog\/wesela-w-stylu-retro\/\" class=\"links-placer\">wesele w stylu retro<\/a> czy romantyczne wesele to cz\u0119sty wyb\u00f3r Par M\u0142odych. Takie wyj\u0105tkowe miejsce na wesele sprawi, \u017ce nawet kameralny <a href=\"https:\/\/www.koronakarkonoszy.pl\/blog\/obiad-weselny\/\" target=\"_blank\" rel=\"noopener\">obiad weselny<\/a> nabierze wyj\u0105tkowego charakteru.<\/p>\n<\/div>\r\n                    <aside class=\"leonardo-interlink\">\r\n                <b>Polecamy<\/b>\r\n                <a href=\"https:\/\/www.koronakarkonoszy.pl\/blog\/stol-panstwa-mlodych\/\">Jak ozdobi\u0107 st\u00f3\u0142 Pa\u0144stwa M\u0142odych?<\/a>\r\n            <\/aside>\r\n            <\/div>\r\n    <div class=\"leonardo-image\">\r\n        <img loading=\"lazy\" decoding=\"async\" width=\"2189\" height=\"1460\" src=\"https:\/\/www.koronakarkonoszy.pl\/blog\/wp-content\/uploads\/2023\/09\/sala-dworska44.jpg\" class=\"attachment-full size-full\" alt=\"\" srcset=\"https:\/\/www.koronakarkonoszy.pl\/blog\/wp-content\/uploads\/2023\/09\/sala-dworska44.jpg 2189w, https:\/\/www.koronakarkonoszy.pl\/blog\/wp-content\/uploads\/2023\/09\/sala-dworska44-300x200.jpg 300w, https:\/\/www.koronakarkonoszy.pl\/blog\/wp-content\/uploads\/2023\/09\/sala-dworska44-1024x683.jpg 1024w, https:\/\/www.koronakarkonoszy.pl\/blog\/wp-content\/uploads\/2023\/09\/sala-dworska44-768x512.jpg 768w, https:\/\/www.koronakarkonoszy.pl\/blog\/wp-content\/uploads\/2023\/09\/sala-dworska44-1920x1281.jpg 1920w, https:\/\/www.koronakarkonoszy.pl\/blog\/wp-content\/uploads\/2023\/09\/sala-dworska44-1536x1024.jpg 1536w, https:\/\/www.koronakarkonoszy.pl\/blog\/wp-content\/uploads\/2023\/09\/sala-dworska44-2048x1366.jpg 2048w, https:\/\/www.koronakarkonoszy.pl\/blog\/wp-content\/uploads\/2023\/09\/sala-dworska44-18x12.jpg 18w\" sizes=\"auto, (max-width: 2189px) 100vw, 2189px\" \/>            <\/div>\r\n<\/section>\n\n\n<h2 class=\"wp-block-heading\" id=\"h-jak-urozmaici-bajkowe-przyj-cie-atrakcje-na-wesele-w-dworku\"><strong>Jak urozmaici\u0107 bajkowe przyj\u0119cie \u2013 atrakcje na wesele w dworku<\/strong><\/h2>\n\n\n\n<p><a href=\"https:\/\/www.koronakarkonoszy.pl\/blog\/czym-zaskoczyc-gosci-weselnych\/\" target=\"_blank\" rel=\"noreferrer noopener\">Atrakcje weselne<\/a> to nieod\u0142\u0105czny element wesela w dworku. Starannie dobrane urozmaic\u0105 wesele, zaskocz\u0105 go\u015bci i zapewni\u0105 im wy\u015bmienit\u0105 zabaw\u0119. Atrakcje powinny wsp\u00f3\u0142gra\u0107 z wybranym motywem przewodnim, poniewa\u017c dzi\u0119ki temu aran\u017cacja weselna b\u0119dzie sp\u00f3jna.<\/p>\n\n\n\n<figure class=\"wp-block-image size-full\"><img loading=\"lazy\" decoding=\"async\" width=\"1024\" height=\"682\" src=\"https:\/\/www.koronakarkonoszy.pl\/blog\/wp-content\/uploads\/2021\/07\/newcandy_bar.jpg\" alt=\"s\u0142odki st\u00f3\u0142 na weselu\" class=\"wp-image-896\" srcset=\"https:\/\/www.koronakarkonoszy.pl\/blog\/wp-content\/uploads\/2021\/07\/newcandy_bar.jpg 1024w, https:\/\/www.koronakarkonoszy.pl\/blog\/wp-content\/uploads\/2021\/07\/newcandy_bar-300x200.jpg 300w, https:\/\/www.koronakarkonoszy.pl\/blog\/wp-content\/uploads\/2021\/07\/newcandy_bar-768x512.jpg 768w\" sizes=\"auto, (max-width: 1024px) 100vw, 1024px\" \/><figcaption class=\"wp-element-caption\"><strong>Candy bar,<\/strong> <strong><a href=\"https:\/\/www.koronakarkonoszy.pl\/wesele\/\" target=\"_blank\" rel=\"noreferrer noopener\">Dw\u00f3r Korona Karkonoszy<\/a>, Sosn\u00f3wka k. Karpacza<\/strong><\/figcaption><\/figure>\n\n\n\n<p><strong>Na ba\u015bniowym weselu<\/strong> przede wszystkim nie mo\u017ce zabrakn\u0105\u0107 <a href=\"https:\/\/www.koronakarkonoszy.pl\/blog\/weselny-candy-bar\/\" target=\"_blank\" rel=\"noreferrer noopener\">candy baru<\/a>, czyli s\u0142odkiego sto\u0142u wype\u0142nionego pysznymi deserami. Na stole mog\u0105 znale\u017a\u0107 si\u0119 kawa\u0142ki rozmaitych ciast i elegancko ozdobione babeczki, estetycznie u\u0142o\u017cone na wystawnych paterach, a tak\u017ce musy i inne przysmaki w ozdobnych szk\u0142ach. Dope\u0142nieniem s\u0142odkiego sto\u0142u b\u0119dzie efektowna fontanna czekoladowa.&nbsp;<\/p>\n\n\n\n<style>\n    .cta_block{\n        margin: 1.5em 0;\n    }\n    .cta_block_content {\n        position: relative;\n        color: white;\n        padding: 1em;\n    }\n    .cta_block_content h3{\n        text-align: center;\n        font: normal normal normal 36px\/50px Yeseva One;\n    }\n    .cta_block_content .cta_block_desc{\n        text-align: center;\n        font-size: 1.1em;\n        position: relative;\n    }\n    .cta_block_content .cta_block_desc:before {\n        content: '';\n        width: 80px;\n        height: 4px;\n        background: #EEB315;\n        position: absolute;\n        left: 0;\n        right: 0;\n        margin-left: auto;\n        margin-right: auto;\n        top: -22px;\n    }\n\n    .cta_block_content picture{\n        position: absolute;\n        top: 0;\n        right: 0;\n        z-index: -1;\n        height: 100%;\n        overflow: hidden;\n        width: 100%;\n    }\n    .cta_block_content picture img{\n        object-fit: cover;\n        height: 100%;\n        width: 100%;\n    }\n    .cta_block .cta_block_content .ninja-forms-field{\n        background: #FFFFFF2F;\n        border: 1px solid #EEB315;\n        border-radius: 25px;\n        opacity: 1;\n        color: #ffffff;\n    }\n    .cta_block .cta_block_content .nf-form-content input[type=submit]{\n        background-color: #EEB315;\n        color: #292929;\n        text-align: center;\n        font: normal normal bold 14px\/20px Work Sans;\n        padding: 0 2em;\n    }\n\n    .cta_block ::placeholder{\n        color: white!important;\n        opacity: 1;\n    }\n\n    .cta_block_content::after {\n        height: 100%;\n        width: 100%;\n        content: \"\";\n        z-index: -1;\n        position: absolute;\n        top: 0;\n        background: #00000070;\n        right: 0;\n        left: 0;\n        bottom: 0;\n    }\n    #ha-cta-block, .cta_block_desc, .cta_block .nf-field-label, .cta_block .nf-error-msg {\n        filter: drop-shadow(1px 1px 8px black);\n    }\n\n\/*    .cta_block nf-rows-wrap {\n        display: flex;\n        justify-content: space-around;\n        flex-direction: row;\n    }*\/\n\n    .cta_block .nf-field-label {\n        display:none;\n    }\n\n    .cta_block .nf-error.field-wrap .nf-field-element::after {\n        border-radius: 50px;\n    }\n\n    .cta_block .nf-error-msg {\n        color: #fff;\n    }\n\n    .cta_block .nf-form-cont {\n        margin-top: 3em;\n        margin-bottom: 1em;\n    }\n\n    .wp-admin .cta_block_content{\n        display: none;\n    }\n    .cta_block .nf-form-fields-required {\n        display: none;\n    }\n    body:not(.wp-admin) .cta_block_admin {\n        display: none;\n    }\n<\/style>\n<div id=\"cta_block-block_63cf47ab96cfa1e8beffd2baf2d3fbcb\" class=\"cta_block\">\n    <div class=\"cta_block_admin\" style=\"background-color: blue; color: white\">\n        Blok CTA\n    <\/div>\n    <div class=\"cta_block\">\n        <div class=\"cta_block_content\">   \n        <h3 id=\"ha-szukasz-sali-weselnej-w-gorach\">Szukasz sali weselnej w g\u00f3rach? <\/h3>\n                    <div class=\"cta_block_desc\">Zadzwo\u0144 i zarezerwuj termin ju\u017c dzi\u015b! <\/div>\n                <noscript class=\"ninja-forms-noscript-message\">\n\tUwaga: ta zawarto\u015b\u0107 wymaga obs\u0142ugi j\u0119zyka JavaScript.<\/noscript>\n<div id=\"nf-form-3_1-cont\" class=\"nf-form-cont\" aria-live=\"polite\" aria-labelledby=\"nf-form-title-3_1\" aria-describedby=\"nf-form-errors-3_1\" role=\"form\">\n\n    <div class=\"nf-loading-spinner\"><\/div>\n\n<\/div>\n        <!-- That data is being printed as a workaround to page builders reordering the order of the scripts loaded-->\n        <script>var formDisplay=1;var nfForms=nfForms||[];var form=[];form.id='3_1';form.settings={\"objectType\":\"Form Setting\",\"editActive\":true,\"title\":\"Block CTA\",\"created_at\":\"2022-11-08 16:03:33\",\"default_label_pos\":\"above\",\"show_title\":0,\"clear_complete\":\"1\",\"hide_complete\":\"1\",\"logged_in\":\"\",\"wrapper_class\":\"\",\"element_class\":\"\",\"key\":\"\",\"add_submit\":\"0\",\"changeEmailErrorMsg\":\"Wprowad\\u017a prawid\\u0142owy adres e-mail!\",\"changeDateErrorMsg\":\"Prosz\\u0119 wpisa\\u0107 prawid\\u0142ow\\u0105 dat\\u0119!\",\"confirmFieldErrorMsg\":\"Te pola musz\\u0105 si\\u0119 zgadza\\u0107!\",\"fieldNumberNumMinError\":\"B\\u0142\\u0105d \\u2014 liczba minimalna\",\"fieldNumberNumMaxError\":\"B\\u0142\\u0105d \\u2014 liczba maksymalna\",\"fieldNumberIncrementBy\":\"Zwi\\u0119ksz o \",\"formErrorsCorrectErrors\":\"Popraw b\\u0142\\u0119dy, zanim prze\\u015blesz formularz.\",\"validateRequiredField\":\"To jest wymagane pole.\",\"honeypotHoneypotError\":\"B\\u0142\\u0105d Honeypot\",\"fieldsMarkedRequired\":\"Pola oznaczone znakiem &lt;span class=&quot;ninja-forms-req-symbol&quot;&gt;*&lt;\\\/span&gt; s\\u0105 wymagane\",\"currency\":\"\",\"repeatable_fieldsets\":\"\",\"unique_field_error\":\"Formularz z t\\u0105 warto\\u015bci\\u0105 zosta\\u0142 ju\\u017c przes\\u0142any.\",\"not_logged_in_msg\":\"\",\"sub_limit_msg\":\"Formularz osi\\u0105gn\\u0105\\u0142 limit wys\\u0142a\\u0144.\",\"calculations\":[],\"container_styles_show_advanced_css\":\"0\",\"title_styles_show_advanced_css\":\"0\",\"row_styles_show_advanced_css\":\"0\",\"row-odd_styles_show_advanced_css\":\"0\",\"success-msg_styles_show_advanced_css\":\"0\",\"error_msg_styles_show_advanced_css\":\"0\",\"formContentData\":[{\"order\":1,\"cells\":[{\"order\":0,\"fields\":[\"phone_1640098023980\"],\"width\":35},{\"order\":1,\"fields\":[\"adres_e-mail_1667919839452\"],\"width\":35},{\"order\":2,\"fields\":[\"zapisz_mnie_1667919853255\"],\"width\":30}]}],\"drawerDisabled\":false,\"conditions\":[],\"allow_public_link\":0,\"embed_form\":\"\",\"container_styles_border\":\"\",\"container_styles_height\":\"\",\"container_styles_margin\":\"\",\"container_styles_padding\":\"\",\"container_styles_float\":\"\",\"title_styles_border\":\"\",\"title_styles_height\":\"\",\"title_styles_width\":\"\",\"title_styles_font-size\":\"\",\"title_styles_margin\":\"\",\"title_styles_padding\":\"\",\"title_styles_float\":\"\",\"row_styles_border\":\"\",\"row_styles_width\":\"\",\"row_styles_font-size\":\"\",\"row_styles_margin\":\"\",\"row_styles_padding\":\"\",\"row-odd_styles_border\":\"\",\"row-odd_styles_height\":\"\",\"row-odd_styles_width\":\"\",\"row-odd_styles_font-size\":\"\",\"row-odd_styles_margin\":\"\",\"row-odd_styles_padding\":\"\",\"success-msg_styles_border\":\"\",\"success-msg_styles_height\":\"\",\"success-msg_styles_width\":\"\",\"success-msg_styles_font-size\":\"\",\"success-msg_styles_margin\":\"\",\"success-msg_styles_padding\":\"\",\"error_msg_styles_border\":\"\",\"error_msg_styles_width\":\"\",\"error_msg_styles_font-size\":\"\",\"error_msg_styles_margin\":\"\",\"error_msg_styles_padding\":\"\",\"form_title_heading_level\":\"3\",\"ninjaForms\":\"Ninja Forms\",\"fieldTextareaRTEInsertLink\":\"Wstaw odno\\u015bnik\",\"fieldTextareaRTEInsertMedia\":\"Wstaw media\",\"fieldTextareaRTESelectAFile\":\"Wybierz plik\",\"formHoneypot\":\"Je\\u015bli jeste\\u015b cz\\u0142owiekiem i widzisz to pole, nie wype\\u0142niaj go.\",\"fileUploadOldCodeFileUploadInProgress\":\"Przesy\\u0142anie pliku w toku.\",\"fileUploadOldCodeFileUpload\":\"PRZESY\\u0141ANIE PLIKU\",\"currencySymbol\":\"&#36;\",\"thousands_sep\":\"&nbsp;\",\"decimal_point\":\",\",\"siteLocale\":\"pl_PL\",\"dateFormat\":\"m\\\/d\\\/Y\",\"startOfWeek\":\"1\",\"of\":\"z\",\"previousMonth\":\"Poprzedni miesi\\u0105c\",\"nextMonth\":\"Nast\\u0119pny miesi\\u0105c\",\"months\":[\"Stycze\\u0144\",\"Luty\",\"Marzec\",\"Kwiecie\\u0144\",\"Maj\",\"Czerwiec\",\"Lipiec\",\"Sierpie\\u0144\",\"Wrzesie\\u0144\",\"Pa\\u017adziernik\",\"Listopad\",\"Grudzie\\u0144\"],\"monthsShort\":[\"Sty\",\"Lut\",\"Mar\",\"Kw\",\"Maj\",\"Cze\",\"Lip\",\"Sie\",\"Wrz\",\"Pa\\u017a\",\"Lis\",\"Gru\"],\"weekdays\":[\"Niedziela\",\"Poniedzia\\u0142ek\",\"Wtorek\",\"\\u015aroda\",\"Czwartek\",\"Pi\\u0105tek\",\"Sobota\"],\"weekdaysShort\":[\"Niedz\",\"Pon\",\"Wt\",\"\\u015ar\",\"Czw\",\"Pt\",\"Sob\"],\"weekdaysMin\":[\"Niedz\",\"Pon\",\"Wt\",\"\\u015ar\",\"Czw\",\"Pt\",\"Sob\"],\"recaptchaConsentMissing\":\"reCaptcha validation couldn&#039;t load.\",\"recaptchaMissingCookie\":\"reCaptcha v3 validation couldn&#039;t load the cookie needed to submit the form.\",\"recaptchaConsentEvent\":\"Accept reCaptcha cookies before sending the form.\",\"currency_symbol\":\"\",\"beforeForm\":\"\",\"beforeFields\":\"\",\"afterFields\":\"\",\"afterForm\":\"\"};form.fields=[{\"objectType\":\"Field\",\"objectDomain\":\"fields\",\"editActive\":false,\"order\":1,\"idAttribute\":\"id\",\"type\":\"phone\",\"label\":\"Numer telefonu\",\"key\":\"phone_1640098023980\",\"label_pos\":\"above\",\"required\":1,\"default\":\"\",\"placeholder\":\"Numer telefonu\",\"container_class\":\"\",\"element_class\":\"\",\"input_limit\":\"\",\"input_limit_type\":\"characters\",\"input_limit_msg\":\"Liczba pozosta\\u0142ych znak\\u00f3w:\",\"manual_key\":\"\",\"admin_label\":\"\",\"help_text\":\"\",\"mask\":\"\",\"custom_mask\":\"\",\"custom_name_attribute\":\"phone\",\"personally_identifiable\":1,\"wrap_styles_border\":\"\",\"wrap_styles_width\":\"\",\"wrap_styles_margin\":\"\",\"wrap_styles_padding\":\"\",\"wrap_styles_float\":\"\",\"wrap_styles_show_advanced_css\":0,\"label_styles_border\":\"\",\"label_styles_width\":\"\",\"label_styles_font-size\":\"\",\"label_styles_margin\":\"\",\"label_styles_padding\":\"\",\"label_styles_float\":\"\",\"label_styles_show_advanced_css\":0,\"element_styles_border\":\"\",\"element_styles_width\":\"\",\"element_styles_font-size\":\"\",\"element_styles_margin\":\"\",\"element_styles_padding\":\"\",\"element_styles_float\":\"\",\"element_styles_show_advanced_css\":0,\"cellcid\":\"c3386\",\"value\":\"\",\"field_label\":\"Numer telefonu\",\"field_key\":\"phone_1640098023980\",\"drawerDisabled\":false,\"id\":\"8_1\",\"beforeField\":\"\",\"afterField\":\"\",\"parentType\":\"textbox\",\"element_templates\":[\"tel\",\"textbox\",\"input\"],\"old_classname\":\"\",\"wrap_template\":\"wrap\"},{\"objectType\":\"Field\",\"objectDomain\":\"fields\",\"editActive\":false,\"order\":2,\"idAttribute\":\"id\",\"type\":\"email\",\"label\":\"Adres e-mail\",\"key\":\"adres_e-mail_1667919839452\",\"label_pos\":\"above\",\"required\":1,\"default\":\"\",\"placeholder\":\"Adres e-mail\",\"container_class\":\"\",\"element_class\":\"\",\"admin_label\":\"\",\"help_text\":\"\",\"custom_name_attribute\":\"email\",\"personally_identifiable\":1,\"wrap_styles_border\":\"\",\"wrap_styles_width\":\"\",\"wrap_styles_margin\":\"\",\"wrap_styles_padding\":\"\",\"wrap_styles_float\":\"\",\"wrap_styles_show_advanced_css\":0,\"label_styles_border\":\"\",\"label_styles_width\":\"\",\"label_styles_font-size\":\"\",\"label_styles_margin\":\"\",\"label_styles_padding\":\"\",\"label_styles_float\":\"\",\"label_styles_show_advanced_css\":0,\"element_styles_border\":\"\",\"element_styles_width\":\"\",\"element_styles_font-size\":\"\",\"element_styles_margin\":\"\",\"element_styles_padding\":\"\",\"element_styles_float\":\"\",\"element_styles_show_advanced_css\":0,\"cellcid\":\"c3389\",\"value\":\"\",\"drawerDisabled\":false,\"field_label\":\"E-mail\",\"field_key\":\"email_1640098026199\",\"id\":\"9_1\",\"beforeField\":\"\",\"afterField\":\"\",\"parentType\":\"email\",\"element_templates\":[\"email\",\"input\"],\"old_classname\":\"\",\"wrap_template\":\"wrap\"},{\"objectType\":\"Field\",\"objectDomain\":\"fields\",\"editActive\":false,\"order\":3,\"idAttribute\":\"id\",\"type\":\"submit\",\"label\":\"Zapisz mnie\",\"processing_label\":\"W trakcie realizacji\",\"container_class\":\"\",\"element_class\":\"\",\"key\":\"zapisz_mnie_1667919853255\",\"wrap_styles_border\":\"\",\"wrap_styles_width\":\"\",\"wrap_styles_margin\":\"\",\"wrap_styles_padding\":\"\",\"wrap_styles_float\":\"\",\"wrap_styles_show_advanced_css\":0,\"element_styles_border\":\"\",\"element_styles_width\":\"\",\"element_styles_font-size\":\"\",\"element_styles_margin\":\"\",\"element_styles_padding\":\"\",\"element_styles_float\":\"\",\"element_styles_show_advanced_css\":0,\"submit_element_hover_styles_border\":\"\",\"submit_element_hover_styles_width\":\"\",\"submit_element_hover_styles_font-size\":\"\",\"submit_element_hover_styles_margin\":\"\",\"submit_element_hover_styles_padding\":\"\",\"submit_element_hover_styles_float\":\"\",\"submit_element_hover_styles_show_advanced_css\":0,\"cellcid\":\"c3391\",\"drawerDisabled\":false,\"field_label\":\"Zamawiam rozmow\\u0119\",\"field_key\":\"zamawiam_rozmowe_1640098067453\",\"id\":\"10_1\",\"beforeField\":\"\",\"afterField\":\"\",\"value\":\"\",\"label_pos\":\"above\",\"parentType\":\"textbox\",\"element_templates\":[\"submit\",\"button\",\"input\"],\"old_classname\":\"\",\"wrap_template\":\"wrap-no-label\"}];nfForms.push(form);<\/script>\n                <script id=\"nf-tmpl-cell\" type=\"text\/template\">\n            <nf-fields><\/nf-fields>\n        <\/script>\n\n        <script id=\"nf-tmpl-row\" type=\"text\/template\">\n            <nf-cells><\/nf-cells>\n        <\/script>\n\n                <img loading=\"lazy\" decoding=\"async\" width=\"1500\" height=\"705\" src=\"https:\/\/www.koronakarkonoszy.pl\/blog\/wp-content\/uploads\/2022\/06\/Dwor-Korona-Karkonoszy.jpg\" class=\"attachment-full size-full\" alt=\"\" srcset=\"https:\/\/www.koronakarkonoszy.pl\/blog\/wp-content\/uploads\/2022\/06\/Dwor-Korona-Karkonoszy.jpg 1500w, https:\/\/www.koronakarkonoszy.pl\/blog\/wp-content\/uploads\/2022\/06\/Dwor-Korona-Karkonoszy-300x141.jpg 300w, https:\/\/www.koronakarkonoszy.pl\/blog\/wp-content\/uploads\/2022\/06\/Dwor-Korona-Karkonoszy-1024x481.jpg 1024w, https:\/\/www.koronakarkonoszy.pl\/blog\/wp-content\/uploads\/2022\/06\/Dwor-Korona-Karkonoszy-768x361.jpg 768w\" sizes=\"auto, (max-width: 1500px) 100vw, 1500px\" \/>        <\/div> \n    <\/div>\n<\/div>\n\n\n\n<p>Punktem kulminacyjnym przyj\u0119cia weselnego jest uroczysty \u201ewyjazd\u201d tortu na sal\u0119 weseln\u0105. <a href=\"https:\/\/www.koronakarkonoszy.pl\/blog\/jaki-tort-na-wesele-bedzie-najbardziej-elegancki\/\" target=\"_blank\" rel=\"noreferrer noopener\">Jaki tort na wesele<\/a> w stylu ba\u015bniowym pasuje najbardziej? Organizuj\u0105c przyj\u0119cie jak z bajki, mo\u017cecie pokusi\u0107 si\u0119 o kilkupi\u0119trowe ciasto ozdobione s\u0142odkim kremem, kwiatami z cukru i gustownym topperem. Pojawienie si\u0119 tortu na sali weselnej to podnios\u0142a, emocjonuj\u0105ca chwila. Wyj\u0105tkowo\u015b\u0107 chwili warto podkre\u015bli\u0107 odpowiednim podk\u0142adem muzycznym.<\/p>\n\n\n\n<figure class=\"wp-block-image size-full\"><img loading=\"lazy\" decoding=\"async\" width=\"750\" height=\"500\" src=\"https:\/\/www.koronakarkonoszy.pl\/blog\/wp-content\/uploads\/2023\/06\/retro1.jpg\" alt=\"\" class=\"wp-image-10321\" srcset=\"https:\/\/www.koronakarkonoszy.pl\/blog\/wp-content\/uploads\/2023\/06\/retro1.jpg 750w, https:\/\/www.koronakarkonoszy.pl\/blog\/wp-content\/uploads\/2023\/06\/retro1-300x200.jpg 300w, https:\/\/www.koronakarkonoszy.pl\/blog\/wp-content\/uploads\/2023\/06\/retro1-18x12.jpg 18w\" sizes=\"auto, (max-width: 750px) 100vw, 750px\" \/><figcaption class=\"wp-element-caption\"><strong>Wesele w stylu romantycznym, <a href=\"https:\/\/www.koronakarkonoszy.pl\/wesele\/\" target=\"_blank\" rel=\"noreferrer noopener\">Dw\u00f3r Korona Karkonoszy<\/a>, Sosn\u00f3wka k. Karpacza<\/strong><\/figcaption><\/figure>\n\n\n\n<h2 class=\"wp-block-heading\" id=\"ha-bajkowe-pary-mlode\">Bajkowe Pary M\u0142ode<\/h2>\n\n\n\n<p>Para M\u0142oda na swoim weselu w dworku jest niczym prawdziwa para kr\u00f3lewska na uroczystym przyj\u0119ciu w eleganckim pa\u0142acu. Ba\u015bniowe <a href=\"https:\/\/www.koronakarkonoszy.pl\/blog\/jak-zorganizowac-przyjecie-weselne-na-30-osob\/\" class=\"links-placer\">przyj\u0119cie weselne<\/a> to doskona\u0142a okazja do tego, by w\u0142o\u017cy\u0107 osza\u0142amiaj\u0105ce, wystawne kreacje. <strong>Bajkowa Para M\u0142oda<\/strong> \u2013 czemu nie?<\/p>\n\n\n\n<figure class=\"wp-block-image size-large\"><img loading=\"lazy\" decoding=\"async\" width=\"1024\" height=\"682\" src=\"https:\/\/www.koronakarkonoszy.pl\/blog\/wp-content\/uploads\/2023\/06\/wesele-tematyczne-2-1024x682.jpg\" alt=\"\" class=\"wp-image-10326\" srcset=\"https:\/\/www.koronakarkonoszy.pl\/blog\/wp-content\/uploads\/2023\/06\/wesele-tematyczne-2-1024x682.jpg 1024w, https:\/\/www.koronakarkonoszy.pl\/blog\/wp-content\/uploads\/2023\/06\/wesele-tematyczne-2-300x200.jpg 300w, https:\/\/www.koronakarkonoszy.pl\/blog\/wp-content\/uploads\/2023\/06\/wesele-tematyczne-2-768x512.jpg 768w, https:\/\/www.koronakarkonoszy.pl\/blog\/wp-content\/uploads\/2023\/06\/wesele-tematyczne-2-18x12.jpg 18w, https:\/\/www.koronakarkonoszy.pl\/blog\/wp-content\/uploads\/2023\/06\/wesele-tematyczne-2.jpg 1280w\" sizes=\"auto, (max-width: 1024px) 100vw, 1024px\" \/><figcaption class=\"wp-element-caption\"><strong>Wesele tematyczne, <a href=\"https:\/\/www.koronakarkonoszy.pl\/wesele\/\" target=\"_blank\" rel=\"noreferrer noopener\">Dw\u00f3r Korona Karkonoszy<\/a>, Sosn\u00f3wka k. Karpacza<\/strong><\/figcaption><\/figure>\n\n\n\n<p><strong>Bajkowe Pary M\u0142ode<\/strong> istniej\u0105 nie tylko w filmach dla dzieci. Wszyscy pami\u0119tamy bajki Disneya, Alicj\u0119 w Krainie Czar\u00f3w, ba\u015bnie braci Grimm czy Andersena. Je\u015bli lubimy ten wy\u015bniony \u015bwiat, wybierzmy bajk\u0119 jako motyw przewodni naszego wesela. To sprawi, \u017ce nasz \u015blub i wesele stan\u0105 si\u0119 prawdziwie magicznym i niezapomnianym \u015bwi\u0119tem.<\/p>\n\n\n\n<p>Niech wyb\u00f3r bajkowego tematu wesela b\u0119dzie odzwierciedleniem Waszych ulubionych bajek i historii. To wspania\u0142y spos\u00f3b na stworzenie wyj\u0105tkowej atmosfery i zaproszenie go\u015bci do magicznego \u015bwiata bajek w Waszym wielkim dniu.<\/p>\n\n\n<section id=\"leonardo-block_63d966c930d9bb0da2f4dfb666630543\" class=\"leonardo page-breaker leonardo-image-left\">\r\n    <div class=\"leonardo-body\">\r\n        <h2 class=\"leonardo-title\" id=\"h-basniowe-kreacje-panny-mlodej\">Ba\u015bniowe kreacje Panny M\u0142odej<\/h2>        <div class=\"leonardo-content\"><p><strong>Idealn\u0105 kreacj\u0105 dla Panny M\u0142odej<\/strong> b\u0119dzie suknia typu princessa, czyli jedna z najpopularniejszych damskich kreacji \u015blubnych. Klasyczne princeski zachwyca\u0142y swoj\u0105 okaza\u0142o\u015bci\u0105. Ol\u015bniewaj\u0105cy, tiulowy d\u00f3\u0142 sukni po\u0142\u0105czony z dopasowanym gorsetem wysadzanym kryszta\u0142kami, cekinami, a w dro\u017cszych wersjach nawet diamentami to kwintesencja \u015blubnego szyku.<\/p>\n<p>Mimo \u017ce suknie typu ksi\u0119\u017cniczka nie nale\u017ca\u0142y do najwygodniejszych, to Panny M\u0142ode ch\u0119tnie je wybiera\u0142y. Zmieniaj\u0105ce si\u0119 trendy i ewolucja mody \u015blubnej wp\u0142yn\u0119\u0142y na wygl\u0105d klasycznej princeski. W rezultacie dzisiejsze modele s\u0105 wygodne i nie kr\u0119puj\u0105 ruch\u00f3w, a przy tym s\u0105 tak samo pi\u0119kne i gustowne jak kreacje z dawnych lat. Panna M\u0142oda w szytej na miar\u0119 princesce b\u0119dzie czu\u0107 si\u0119 wyj\u0105tkowo!<\/p>\n<p>Kr\u00f3lewsk\u0105 stylizacj\u0119 Panny M\u0142odej doskonale dope\u0142ni ozdobna tiara. Tiara wspaniale ozdobi fryzur\u0119 i nada wykwintnego charakteru ca\u0142ej kreacji \u015blubnej.<\/p>\n<\/div>\r\n                    <aside class=\"leonardo-interlink\">\r\n                <b>Polecamy<\/b>\r\n                <a href=\"https:\/\/www.koronakarkonoszy.pl\/blog\/suknia-slubna-dawniej-i-dzis\/\">Suknia \u015blubna dawniej i dzi\u015b<\/a>\r\n            <\/aside>\r\n            <\/div>\r\n    <div class=\"leonardo-image\">\r\n        <img loading=\"lazy\" decoding=\"async\" width=\"800\" height=\"534\" src=\"https:\/\/www.koronakarkonoszy.pl\/blog\/wp-content\/uploads\/2021\/07\/suknia_-_dlugi_tren.jpg\" class=\"attachment-full size-full\" alt=\"suknia d\u0142ugi tren\" srcset=\"https:\/\/www.koronakarkonoszy.pl\/blog\/wp-content\/uploads\/2021\/07\/suknia_-_dlugi_tren.jpg 800w, https:\/\/www.koronakarkonoszy.pl\/blog\/wp-content\/uploads\/2021\/07\/suknia_-_dlugi_tren-300x200.jpg 300w, https:\/\/www.koronakarkonoszy.pl\/blog\/wp-content\/uploads\/2021\/07\/suknia_-_dlugi_tren-768x513.jpg 768w\" sizes=\"auto, (max-width: 800px) 100vw, 800px\" \/>            <\/div>\r\n<\/section>\n\n\n<h2 class=\"wp-block-heading\" id=\"ha-jak-sie-ubrac-na-slub-pan-mlody\">Jak si\u0119 ubra\u0107 na \u015blub \u2013 Pan M\u0142ody<\/h2>\n\n\n\n<p><strong>A jaka kreacja dla Pana M\u0142odego na wesele w dworku<\/strong>? Znakomitym rozwi\u0105zaniem na ba\u015bniowe przyj\u0119cie b\u0119dzie szykowny smoking sk\u0142adaj\u0105cy si\u0119 z:<\/p>\n\n\n\n<ul class=\"wp-block-list\">\n<li>czarnej marynarki z jedwabnymi lub at\u0142asowymi klapami,<\/li>\n\n\n\n<li>bia\u0142ej koszuli z wyk\u0142adanym ko\u0142nierzykiem,<\/li>\n\n\n\n<li>czarnej lub bia\u0142ej kamizelki\/at\u0142asowego pasa w stylu hiszpa\u0144skim,<\/li>\n\n\n\n<li>czarnych spodni z at\u0142asowym lampasem,<\/li>\n\n\n\n<li>czarnej muchy.<\/li>\n<\/ul>\n\n\n\n<figure class=\"wp-block-image size-large\"><img loading=\"lazy\" decoding=\"async\" width=\"1024\" height=\"683\" src=\"https:\/\/www.koronakarkonoszy.pl\/blog\/wp-content\/uploads\/2022\/05\/slub-zima-czy-latem-1024x683.jpg\" alt=\"\u015blub zim\u0105 czy latem: pan m\u0142ody\" class=\"wp-image-3825\" srcset=\"https:\/\/www.koronakarkonoszy.pl\/blog\/wp-content\/uploads\/2022\/05\/slub-zima-czy-latem-1024x683.jpg 1024w, https:\/\/www.koronakarkonoszy.pl\/blog\/wp-content\/uploads\/2022\/05\/slub-zima-czy-latem-300x200.jpg 300w, https:\/\/www.koronakarkonoszy.pl\/blog\/wp-content\/uploads\/2022\/05\/slub-zima-czy-latem-768x512.jpg 768w, https:\/\/www.koronakarkonoszy.pl\/blog\/wp-content\/uploads\/2022\/05\/slub-zima-czy-latem-1536x1024.jpg 1536w, https:\/\/www.koronakarkonoszy.pl\/blog\/wp-content\/uploads\/2022\/05\/slub-zima-czy-latem.jpg 1920w\" sizes=\"auto, (max-width: 1024px) 100vw, 1024px\" \/><figcaption class=\"wp-element-caption\"><strong>Zimowe wesele &#8211; Pan M\u0142ody<\/strong><\/figcaption><\/figure>\n\n\n\n<p>Za najbardziej elegancki, wytworny str\u00f3j m\u0119ski uznaje si\u0119 klasyczny frak. Jego cechy charakterystyczne to: wyd\u0142u\u017cone po\u0142y marynarki, at\u0142asowe klapy oraz spodnie z dwoma lampasami po bokach. Uzupe\u0142nieniem kreacji jest bia\u0142a, sztywna koszula z \u0142amanymi rogami oraz bia\u0142a kamizelka.&nbsp;<\/p>\n\n\n\n<p>Organizuj\u0105c Wasze <strong>bajkowe wesele w dworku<\/strong>, pami\u0119tajcie, \u017ce ka\u017cdy element powinien odzwierciedla\u0107 Wasze najskrytsze marzenia, poniewa\u017c wesele to najwa\u017cniejsze <a href=\"https:\/\/www.koronakarkonoszy.pl\/imprezy-firmowe\/\" target=\"_blank\" rel=\"noreferrer noopener\">impreza<\/a> w Waszym zwi\u0105zku. \u015awi\u0119tujcie j\u0105 tak, by p\u00f3\u017aniej mile wspomina\u0107 te wyj\u0105tkowe chwile.<\/p>\n\n\n<section id=\"leonardo-block_66434e0b53c584434863840787efde43\" class=\"leonardo page-breaker leonardo-image-left\">\r\n    <div class=\"leonardo-body\">\r\n        <h2 class=\"leonardo-title\" id=\"h-wesele-w-dworku-zalety\">Wesele w dworku zalety<\/h2>        <div class=\"leonardo-content\"><p><!-- wp:heading --><\/p>\n<p><a href=\"https:\/\/www.koronakarkonoszy.pl\/blog\/wybor-sali-weselnej\/\" target=\"_blank\" rel=\"noopener\">Wyb\u00f3r sali weselnej<\/a> to jedna z najwa\u017cniejszych decyzji podczas przygotowa\u0144 do \u015blubu i wesela. <strong>Organizacja wesela w dworku ma wiele zalet<\/strong>. Dworki cz\u0119sto maj\u0105 wyj\u0105tkowy urok, co nadaje \u015blubowi romantycznego charakteru. Dzi\u0119ki pi\u0119knej architekturze, rustykalnym zdobieniom i klasycznym wn\u0119trzom dworki stwarzaj\u0105 idealne t\u0142o do wesela jak z bajki. Zazwyczaj s\u0105 pi\u0119knie urz\u0105dzone, co sprawia, \u017ce stanowi\u0105 fantastyczn\u0105 sceneri\u0119 dla \u015blubnych fotografii.<\/p>\n<p><!-- \/wp:paragraph --> <!-- wp:paragraph --><\/p>\n<p>Ponadto <a href=\"https:\/\/www.koronakarkonoszy.pl\/blog\/dworki-weselne-czy-klasyczne-obiekty-tu-najczesciej-organizuje-sie-wesela\/\" target=\"_blank\" rel=\"noopener\">dworki weselne<\/a> cz\u0119sto s\u0105 miejscami bardziej ekskluzywnymi ni\u017c tradycyjne sale weselne, co pozwala Parze M\u0142odej i ich go\u015bciom poczu\u0107 si\u0119 wyj\u0105tkowo. Mo\u017ce to dodatkowo podnie\u015b\u0107 rang\u0119 i presti\u017c wydarzenia. W wielu dworkach s\u0105 pi\u0119kne ogrody, co daje mo\u017cliwo\u015b\u0107 organizacji <a href=\"https:\/\/www.koronakarkonoszy.pl\/blog\/slub-koscielny-w-plenerze\/\" target=\"_blank\" rel=\"noopener\">ceremonii \u015blubnej<\/a> lub przyj\u0119cia <a href=\"https:\/\/www.koronakarkonoszy.pl\/blog\/slub-w-ogrodzie-magia-slubow-w-plenerze\/\" target=\"_blank\" rel=\"noopener\">na \u015bwie\u017cym powietrzu<\/a>. To szczeg\u00f3lnie atrakcyjne w okresie letnim. <strong>Wiele <\/strong>dwork\u00f3w oferuje te\u017c noclegi, co pozwala Parze M\u0142odej na sp\u0119dzenie pierwszej nocy po \u015blubie w tym samym miejscu, co jest zar\u00f3wno wygodne, jak i romantyczne.<\/p>\n<p><!-- \/wp:paragraph --> <!-- wp:paragraph --><\/p>\n<p><strong>Kulinarne doznania to kolejny atut wesela w dworku. Takie <\/strong><a href=\"https:\/\/www.koronakarkonoszy.pl\/blog\/miejsce-na-wesele\/\" target=\"_blank\" rel=\"noopener\">miejsca na wesele<\/a> cz\u0119sto oferuj\u0105 wysokiej jako\u015bci kuchni\u0119, co oznacza, \u017ce \u200b\u200bmo\u017cesz zaoferowa\u0107 swoim go\u015bciom wykwintne potrawy i napoje. Dworki cz\u0119sto wsp\u00f3\u0142pracuj\u0105 z profesjonalistami od organizacji wesel, czyli <a href=\"https:\/\/www.koronakarkonoszy.pl\/blog\/florystka-na-wesele\/\" target=\"_blank\" rel=\"noopener\">florystk\u0105<\/a>, <a href=\"https:\/\/www.koronakarkonoszy.pl\/blog\/fotograf-na-slub-jakich-zdjec-oczekuja-panstwo-mlodzi\/\" target=\"_blank\" rel=\"noopener\">fotografem<\/a> itp., co u\u0142atwia planowanie i koordynacj\u0119 ca\u0142ego przyj\u0119cia.<\/p>\n<p><!-- \/wp:paragraph --><\/p>\n<\/div>\r\n                    <aside class=\"leonardo-interlink\">\r\n                <b>Polecamy<\/b>\r\n                <a href=\"https:\/\/www.koronakarkonoszy.pl\/blog\/wesele-na-dolnym-slasku\/\">Wesele na Dolnym \u015al\u0105sku<\/a>\r\n            <\/aside>\r\n            <\/div>\r\n    <div class=\"leonardo-image\">\r\n        <img loading=\"lazy\" decoding=\"async\" width=\"800\" height=\"1200\" src=\"https:\/\/www.koronakarkonoszy.pl\/blog\/wp-content\/uploads\/2023\/09\/zimowe_wesele_panifotograf.kr_11.jpg\" class=\"attachment-full size-full\" alt=\"\" srcset=\"https:\/\/www.koronakarkonoszy.pl\/blog\/wp-content\/uploads\/2023\/09\/zimowe_wesele_panifotograf.kr_11.jpg 800w, https:\/\/www.koronakarkonoszy.pl\/blog\/wp-content\/uploads\/2023\/09\/zimowe_wesele_panifotograf.kr_11-200x300.jpg 200w, https:\/\/www.koronakarkonoszy.pl\/blog\/wp-content\/uploads\/2023\/09\/zimowe_wesele_panifotograf.kr_11-683x1024.jpg 683w, https:\/\/www.koronakarkonoszy.pl\/blog\/wp-content\/uploads\/2023\/09\/zimowe_wesele_panifotograf.kr_11-768x1152.jpg 768w, https:\/\/www.koronakarkonoszy.pl\/blog\/wp-content\/uploads\/2023\/09\/zimowe_wesele_panifotograf.kr_11-8x12.jpg 8w\" sizes=\"auto, (max-width: 800px) 100vw, 800px\" \/>            <\/div>\r\n<\/section>\n\n<style>\n  .destination_map {\n    margin: 1.5em 0;\n  }\n\n  body:not(.wp-admin) .admin {\n    display: none;\n  }\n\n  .map {\n    max-width: 800px;\n    height: 400px;\n  }\n\n  .wp-admin .map {\n    display: none;\n  }\n<\/style>\n\n<div id=\"destination_map-block_b5c6d77a0a0ee5d5e73f1dcf1fd0e620\" class=\"destination_map\">\n  <div class=\"destinationmap-body admin\" style=\"background-color: lightblue;\">\n        Mapa dojazdu\n  <\/div>\n  <div id=\"block_b5c6d77a0a0ee5d5e73f1dcf1fd0e620\" class=\"map\"><\/div>\n<\/div>\n\n<script>\n  (function($) {\n\n    function mapLocation() {\n      var directionsDisplay;\n      var directionsService = new google.maps.DirectionsService();\n      var map;\n\n      function initialize() {\n        var pos = new google.maps.LatLng(50.8190591, 15.7212853);\n        var mapOptions = {\n          zoom: 11,\n          center: pos\n        };\n        map = new google.maps.Map(document.getElementById('block_b5c6d77a0a0ee5d5e73f1dcf1fd0e620'), mapOptions);\n\n        var marker = new google.maps.Marker({\n          position: pos,\n          map: map\n        });\n\n      }\n\n      google.maps.event.addDomListener(window, 'load', initialize);\n    }\n    mapLocation();\n\n  })(jQuery);\n<\/script>","protected":false},"excerpt":{"rendered":"<p>Dworki weselne maj\u0105 w sobie co\u015b niesamowitego. Maj\u0105 magiczny charakter, kt\u00f3ry idealnie wpisuje si\u0119 w wizj\u0119 przyj\u0119cia weselnego jak z najpi\u0119kniejszej bajki o prawdziwej mi\u0142o\u015bci. Bajeczna ceremonia to wyj\u0105tkowy pocz\u0105tek wsp\u00f3lnej drogi, wspania\u0142e do\u015bwiadczenie, kt\u00f3rego zakochani nie zapomn\u0105 do ko\u0144ca \u017cycia. Jak zorganizowa\u0107 bajkowe wesele w dworku? Wesele w dworku jako alternatywa dla przyj\u0119cia w [&hellip;]<\/p>\n","protected":false},"author":11,"featured_media":10739,"comment_status":"closed","ping_status":"closed","sticky":false,"template":"","format":"standard","meta":{"_acf_changed":false,"footnotes":""},"categories":[2,11],"class_list":["post-2824","post","type-post","status-publish","format-standard","has-post-thumbnail","hentry","category-porady","category-sala-weselna"],"acf":[],"yoast_head":"<!-- This site is optimized with the Yoast SEO plugin v27.4 - https:\/\/yoast.com\/product\/yoast-seo-wordpress\/ -->\n<title>Bajkowe wesele w dworku \u2013 jak je zorganizowa\u0107? - :: Blog weselny<\/title>\n<meta name=\"description\" content=\"Bajeczna ceremonia to wyj\u0105tkowy pocz\u0105tek wsp\u00f3lnej drogi i wspania\u0142e do\u015bwiadczenie. Jak zorganizowa\u0107 bajkowe wesele w dworku?\" \/>\n<meta name=\"robots\" content=\"index, follow, max-snippet:-1, max-image-preview:large, max-video-preview:-1\" \/>\n<link rel=\"canonical\" href=\"https:\/\/www.koronakarkonoszy.pl\/blog\/wesele-w-dworku\/\" \/>\n<meta property=\"og:locale\" content=\"pl_PL\" \/>\n<meta property=\"og:type\" content=\"article\" \/>\n<meta property=\"og:title\" content=\"Bajkowe wesele w dworku \u2013 jak je zorganizowa\u0107? - :: Blog weselny\" \/>\n<meta property=\"og:description\" content=\"Bajeczna ceremonia to wyj\u0105tkowy pocz\u0105tek wsp\u00f3lnej drogi i wspania\u0142e do\u015bwiadczenie. Jak zorganizowa\u0107 bajkowe wesele w dworku?\" \/>\n<meta property=\"og:url\" content=\"https:\/\/www.koronakarkonoszy.pl\/blog\/wesele-w-dworku\/\" \/>\n<meta property=\"og:site_name\" content=\":: Blog weselny\" \/>\n<meta property=\"article:published_time\" content=\"2023-09-06T05:11:25+00:00\" \/>\n<meta property=\"article:modified_time\" content=\"2023-09-07T16:11:58+00:00\" \/>\n<meta property=\"og:image\" content=\"https:\/\/www.koronakarkonoszy.pl\/blog\/wp-content\/uploads\/2023\/09\/dkk09.jpg\" \/>\n\t<meta property=\"og:image:width\" content=\"1476\" \/>\n\t<meta property=\"og:image:height\" content=\"981\" \/>\n\t<meta property=\"og:image:type\" content=\"image\/jpeg\" \/>\n<meta name=\"author\" content=\"agnieszka\" \/>\n<meta name=\"twitter:card\" content=\"summary_large_image\" \/>\n<meta name=\"twitter:label1\" content=\"Napisane przez\" \/>\n\t<meta name=\"twitter:data1\" content=\"agnieszka\" \/>\n\t<meta name=\"twitter:label2\" content=\"Szacowany czas czytania\" \/>\n\t<meta name=\"twitter:data2\" content=\"8 minut\" \/>\n<script type=\"application\/ld+json\" class=\"yoast-schema-graph\">{\"@context\":\"https:\\\/\\\/schema.org\",\"@graph\":[{\"@type\":\"Article\",\"@id\":\"https:\\\/\\\/www.koronakarkonoszy.pl\\\/blog\\\/wesele-w-dworku\\\/#article\",\"isPartOf\":{\"@id\":\"https:\\\/\\\/www.koronakarkonoszy.pl\\\/blog\\\/wesele-w-dworku\\\/\"},\"author\":{\"name\":\"agnieszka\",\"@id\":\"https:\\\/\\\/www.koronakarkonoszy.pl\\\/blog\\\/#\\\/schema\\\/person\\\/ec8c88bd01ebe6cbf6a16435ce22276f\"},\"headline\":\"Bajkowe wesele w dworku \u2013 jak je zorganizowa\u0107?\",\"datePublished\":\"2023-09-06T05:11:25+00:00\",\"dateModified\":\"2023-09-07T16:11:58+00:00\",\"mainEntityOfPage\":{\"@id\":\"https:\\\/\\\/www.koronakarkonoszy.pl\\\/blog\\\/wesele-w-dworku\\\/\"},\"wordCount\":1299,\"image\":{\"@id\":\"https:\\\/\\\/www.koronakarkonoszy.pl\\\/blog\\\/wesele-w-dworku\\\/#primaryimage\"},\"thumbnailUrl\":\"https:\\\/\\\/www.koronakarkonoszy.pl\\\/blog\\\/wp-content\\\/uploads\\\/2023\\\/09\\\/dkk09.jpg\",\"articleSection\":[\"Porady\",\"Sala weselna\"],\"inLanguage\":\"pl-PL\"},{\"@type\":\"WebPage\",\"@id\":\"https:\\\/\\\/www.koronakarkonoszy.pl\\\/blog\\\/wesele-w-dworku\\\/\",\"url\":\"https:\\\/\\\/www.koronakarkonoszy.pl\\\/blog\\\/wesele-w-dworku\\\/\",\"name\":\"Bajkowe wesele w dworku \u2013 jak je zorganizowa\u0107? - :: Blog weselny\",\"isPartOf\":{\"@id\":\"https:\\\/\\\/www.koronakarkonoszy.pl\\\/blog\\\/#website\"},\"primaryImageOfPage\":{\"@id\":\"https:\\\/\\\/www.koronakarkonoszy.pl\\\/blog\\\/wesele-w-dworku\\\/#primaryimage\"},\"image\":{\"@id\":\"https:\\\/\\\/www.koronakarkonoszy.pl\\\/blog\\\/wesele-w-dworku\\\/#primaryimage\"},\"thumbnailUrl\":\"https:\\\/\\\/www.koronakarkonoszy.pl\\\/blog\\\/wp-content\\\/uploads\\\/2023\\\/09\\\/dkk09.jpg\",\"datePublished\":\"2023-09-06T05:11:25+00:00\",\"dateModified\":\"2023-09-07T16:11:58+00:00\",\"author\":{\"@id\":\"https:\\\/\\\/www.koronakarkonoszy.pl\\\/blog\\\/#\\\/schema\\\/person\\\/ec8c88bd01ebe6cbf6a16435ce22276f\"},\"description\":\"Bajeczna ceremonia to wyj\u0105tkowy pocz\u0105tek wsp\u00f3lnej drogi i wspania\u0142e do\u015bwiadczenie. Jak zorganizowa\u0107 bajkowe wesele w dworku?\",\"breadcrumb\":{\"@id\":\"https:\\\/\\\/www.koronakarkonoszy.pl\\\/blog\\\/wesele-w-dworku\\\/#breadcrumb\"},\"inLanguage\":\"pl-PL\",\"potentialAction\":[{\"@type\":\"ReadAction\",\"target\":[\"https:\\\/\\\/www.koronakarkonoszy.pl\\\/blog\\\/wesele-w-dworku\\\/\"]}]},{\"@type\":\"ImageObject\",\"inLanguage\":\"pl-PL\",\"@id\":\"https:\\\/\\\/www.koronakarkonoszy.pl\\\/blog\\\/wesele-w-dworku\\\/#primaryimage\",\"url\":\"https:\\\/\\\/www.koronakarkonoszy.pl\\\/blog\\\/wp-content\\\/uploads\\\/2023\\\/09\\\/dkk09.jpg\",\"contentUrl\":\"https:\\\/\\\/www.koronakarkonoszy.pl\\\/blog\\\/wp-content\\\/uploads\\\/2023\\\/09\\\/dkk09.jpg\",\"width\":1476,\"height\":981},{\"@type\":\"BreadcrumbList\",\"@id\":\"https:\\\/\\\/www.koronakarkonoszy.pl\\\/blog\\\/wesele-w-dworku\\\/#breadcrumb\",\"itemListElement\":[{\"@type\":\"ListItem\",\"position\":1,\"name\":\"Strona g\u0142\u00f3wna\",\"item\":\"https:\\\/\\\/www.koronakarkonoszy.pl\\\/blog\\\/\"},{\"@type\":\"ListItem\",\"position\":2,\"name\":\"Bajkowe wesele w dworku \u2013 jak je zorganizowa\u0107?\"}]},{\"@type\":\"WebSite\",\"@id\":\"https:\\\/\\\/www.koronakarkonoszy.pl\\\/blog\\\/#website\",\"url\":\"https:\\\/\\\/www.koronakarkonoszy.pl\\\/blog\\\/\",\"name\":\":: Blog weselny\",\"description\":\"Blog weselny Dw\u00f3r Korona Karkonoszy\",\"potentialAction\":[{\"@type\":\"SearchAction\",\"target\":{\"@type\":\"EntryPoint\",\"urlTemplate\":\"https:\\\/\\\/www.koronakarkonoszy.pl\\\/blog\\\/?s={search_term_string}\"},\"query-input\":{\"@type\":\"PropertyValueSpecification\",\"valueRequired\":true,\"valueName\":\"search_term_string\"}}],\"inLanguage\":\"pl-PL\"},{\"@type\":\"Person\",\"@id\":\"https:\\\/\\\/www.koronakarkonoszy.pl\\\/blog\\\/#\\\/schema\\\/person\\\/ec8c88bd01ebe6cbf6a16435ce22276f\",\"name\":\"agnieszka\",\"image\":{\"@type\":\"ImageObject\",\"inLanguage\":\"pl-PL\",\"@id\":\"https:\\\/\\\/www.koronakarkonoszy.pl\\\/blog\\\/wp-content\\\/litespeed\\\/avatar\\\/53ee7b676463f74d0aea1a09de3d003b.jpg?ver=1777438794\",\"url\":\"https:\\\/\\\/www.koronakarkonoszy.pl\\\/blog\\\/wp-content\\\/litespeed\\\/avatar\\\/53ee7b676463f74d0aea1a09de3d003b.jpg?ver=1777438794\",\"contentUrl\":\"https:\\\/\\\/www.koronakarkonoszy.pl\\\/blog\\\/wp-content\\\/litespeed\\\/avatar\\\/53ee7b676463f74d0aea1a09de3d003b.jpg?ver=1777438794\",\"caption\":\"agnieszka\"},\"url\":\"https:\\\/\\\/www.koronakarkonoszy.pl\\\/blog\\\/author\\\/agnieszka\\\/\"}]}<\/script>\n<!-- \/ Yoast SEO plugin. -->","yoast_head_json":{"title":"Bajkowe wesele w dworku \u2013 jak je zorganizowa\u0107? - :: Blog weselny","description":"Bajeczna ceremonia to wyj\u0105tkowy pocz\u0105tek wsp\u00f3lnej drogi i wspania\u0142e do\u015bwiadczenie. Jak zorganizowa\u0107 bajkowe wesele w dworku?","robots":{"index":"index","follow":"follow","max-snippet":"max-snippet:-1","max-image-preview":"max-image-preview:large","max-video-preview":"max-video-preview:-1"},"canonical":"https:\/\/www.koronakarkonoszy.pl\/blog\/wesele-w-dworku\/","og_locale":"pl_PL","og_type":"article","og_title":"Bajkowe wesele w dworku \u2013 jak je zorganizowa\u0107? - :: Blog weselny","og_description":"Bajeczna ceremonia to wyj\u0105tkowy pocz\u0105tek wsp\u00f3lnej drogi i wspania\u0142e do\u015bwiadczenie. Jak zorganizowa\u0107 bajkowe wesele w dworku?","og_url":"https:\/\/www.koronakarkonoszy.pl\/blog\/wesele-w-dworku\/","og_site_name":":: Blog weselny","article_published_time":"2023-09-06T05:11:25+00:00","article_modified_time":"2023-09-07T16:11:58+00:00","og_image":[{"width":1476,"height":981,"url":"https:\/\/www.koronakarkonoszy.pl\/blog\/wp-content\/uploads\/2023\/09\/dkk09.jpg","type":"image\/jpeg"}],"author":"agnieszka","twitter_card":"summary_large_image","twitter_misc":{"Napisane przez":"agnieszka","Szacowany czas czytania":"8 minut"},"schema":{"@context":"https:\/\/schema.org","@graph":[{"@type":"Article","@id":"https:\/\/www.koronakarkonoszy.pl\/blog\/wesele-w-dworku\/#article","isPartOf":{"@id":"https:\/\/www.koronakarkonoszy.pl\/blog\/wesele-w-dworku\/"},"author":{"name":"agnieszka","@id":"https:\/\/www.koronakarkonoszy.pl\/blog\/#\/schema\/person\/ec8c88bd01ebe6cbf6a16435ce22276f"},"headline":"Bajkowe wesele w dworku \u2013 jak je zorganizowa\u0107?","datePublished":"2023-09-06T05:11:25+00:00","dateModified":"2023-09-07T16:11:58+00:00","mainEntityOfPage":{"@id":"https:\/\/www.koronakarkonoszy.pl\/blog\/wesele-w-dworku\/"},"wordCount":1299,"image":{"@id":"https:\/\/www.koronakarkonoszy.pl\/blog\/wesele-w-dworku\/#primaryimage"},"thumbnailUrl":"https:\/\/www.koronakarkonoszy.pl\/blog\/wp-content\/uploads\/2023\/09\/dkk09.jpg","articleSection":["Porady","Sala weselna"],"inLanguage":"pl-PL"},{"@type":"WebPage","@id":"https:\/\/www.koronakarkonoszy.pl\/blog\/wesele-w-dworku\/","url":"https:\/\/www.koronakarkonoszy.pl\/blog\/wesele-w-dworku\/","name":"Bajkowe wesele w dworku \u2013 jak je zorganizowa\u0107? - :: Blog weselny","isPartOf":{"@id":"https:\/\/www.koronakarkonoszy.pl\/blog\/#website"},"primaryImageOfPage":{"@id":"https:\/\/www.koronakarkonoszy.pl\/blog\/wesele-w-dworku\/#primaryimage"},"image":{"@id":"https:\/\/www.koronakarkonoszy.pl\/blog\/wesele-w-dworku\/#primaryimage"},"thumbnailUrl":"https:\/\/www.koronakarkonoszy.pl\/blog\/wp-content\/uploads\/2023\/09\/dkk09.jpg","datePublished":"2023-09-06T05:11:25+00:00","dateModified":"2023-09-07T16:11:58+00:00","author":{"@id":"https:\/\/www.koronakarkonoszy.pl\/blog\/#\/schema\/person\/ec8c88bd01ebe6cbf6a16435ce22276f"},"description":"Bajeczna ceremonia to wyj\u0105tkowy pocz\u0105tek wsp\u00f3lnej drogi i wspania\u0142e do\u015bwiadczenie. Jak zorganizowa\u0107 bajkowe wesele w dworku?","breadcrumb":{"@id":"https:\/\/www.koronakarkonoszy.pl\/blog\/wesele-w-dworku\/#breadcrumb"},"inLanguage":"pl-PL","potentialAction":[{"@type":"ReadAction","target":["https:\/\/www.koronakarkonoszy.pl\/blog\/wesele-w-dworku\/"]}]},{"@type":"ImageObject","inLanguage":"pl-PL","@id":"https:\/\/www.koronakarkonoszy.pl\/blog\/wesele-w-dworku\/#primaryimage","url":"https:\/\/www.koronakarkonoszy.pl\/blog\/wp-content\/uploads\/2023\/09\/dkk09.jpg","contentUrl":"https:\/\/www.koronakarkonoszy.pl\/blog\/wp-content\/uploads\/2023\/09\/dkk09.jpg","width":1476,"height":981},{"@type":"BreadcrumbList","@id":"https:\/\/www.koronakarkonoszy.pl\/blog\/wesele-w-dworku\/#breadcrumb","itemListElement":[{"@type":"ListItem","position":1,"name":"Strona g\u0142\u00f3wna","item":"https:\/\/www.koronakarkonoszy.pl\/blog\/"},{"@type":"ListItem","position":2,"name":"Bajkowe wesele w dworku \u2013 jak je zorganizowa\u0107?"}]},{"@type":"WebSite","@id":"https:\/\/www.koronakarkonoszy.pl\/blog\/#website","url":"https:\/\/www.koronakarkonoszy.pl\/blog\/","name":":: Blog weselny","description":"Blog weselny Dw\u00f3r Korona Karkonoszy","potentialAction":[{"@type":"SearchAction","target":{"@type":"EntryPoint","urlTemplate":"https:\/\/www.koronakarkonoszy.pl\/blog\/?s={search_term_string}"},"query-input":{"@type":"PropertyValueSpecification","valueRequired":true,"valueName":"search_term_string"}}],"inLanguage":"pl-PL"},{"@type":"Person","@id":"https:\/\/www.koronakarkonoszy.pl\/blog\/#\/schema\/person\/ec8c88bd01ebe6cbf6a16435ce22276f","name":"agnieszka","image":{"@type":"ImageObject","inLanguage":"pl-PL","@id":"https:\/\/www.koronakarkonoszy.pl\/blog\/wp-content\/litespeed\/avatar\/53ee7b676463f74d0aea1a09de3d003b.jpg?ver=1777438794","url":"https:\/\/www.koronakarkonoszy.pl\/blog\/wp-content\/litespeed\/avatar\/53ee7b676463f74d0aea1a09de3d003b.jpg?ver=1777438794","contentUrl":"https:\/\/www.koronakarkonoszy.pl\/blog\/wp-content\/litespeed\/avatar\/53ee7b676463f74d0aea1a09de3d003b.jpg?ver=1777438794","caption":"agnieszka"},"url":"https:\/\/www.koronakarkonoszy.pl\/blog\/author\/agnieszka\/"}]}},"_links":{"self":[{"href":"https:\/\/www.koronakarkonoszy.pl\/blog\/wp-json\/wp\/v2\/posts\/2824","targetHints":{"allow":["GET"]}}],"collection":[{"href":"https:\/\/www.koronakarkonoszy.pl\/blog\/wp-json\/wp\/v2\/posts"}],"about":[{"href":"https:\/\/www.koronakarkonoszy.pl\/blog\/wp-json\/wp\/v2\/types\/post"}],"author":[{"embeddable":true,"href":"https:\/\/www.koronakarkonoszy.pl\/blog\/wp-json\/wp\/v2\/users\/11"}],"replies":[{"embeddable":true,"href":"https:\/\/www.koronakarkonoszy.pl\/blog\/wp-json\/wp\/v2\/comments?post=2824"}],"version-history":[{"count":0,"href":"https:\/\/www.koronakarkonoszy.pl\/blog\/wp-json\/wp\/v2\/posts\/2824\/revisions"}],"wp:featuredmedia":[{"embeddable":true,"href":"https:\/\/www.koronakarkonoszy.pl\/blog\/wp-json\/wp\/v2\/media\/10739"}],"wp:attachment":[{"href":"https:\/\/www.koronakarkonoszy.pl\/blog\/wp-json\/wp\/v2\/media?parent=2824"}],"wp:term":[{"taxonomy":"category","embeddable":true,"href":"https:\/\/www.koronakarkonoszy.pl\/blog\/wp-json\/wp\/v2\/categories?post=2824"}],"curies":[{"name":"wp","href":"https:\/\/api.w.org\/{rel}","templated":true}]}}