{"id":2609,"date":"2024-07-03T08:22:00","date_gmt":"2024-07-03T06:22:00","guid":{"rendered":"https:\/\/www.koronakarkonoszy.pl\/blog\/?p=2609"},"modified":"2025-05-23T13:47:32","modified_gmt":"2025-05-23T11:47:32","slug":"wesele-z-noclegiem","status":"publish","type":"post","link":"https:\/\/www.koronakarkonoszy.pl\/blog\/wesele-z-noclegiem\/","title":{"rendered":"Wesele z noclegiem \u2013 co warto wiedzie\u0107?"},"content":{"rendered":"\n<p>Wesele to czas radosnego biesiadowania. To szcz\u0119\u015bliwe celebrowanie nowego etapu w \u017cyciu zakochanych. Prawdziwe \u015bwi\u0119to mi\u0142o\u015bci, kt\u00f3re nie mo\u017ce oby\u0107 si\u0119 bez najbli\u017cszych. Narzeczeni powinni zadba\u0107 o komfort i dobre samopoczucie swoich go\u015bci. Zar\u00f3wno przed, jak i w trakcie oraz po przyj\u0119ciu. W niekt\u00f3rych przypadkach najlepszym rozwi\u0105zaniem jest <a href=\"https:\/\/www.koronakarkonoszy.pl\/blog\/wesele-z-noclegiem\/\" class=\"links-placer\">wesele z noclegiem<\/a>. Jak zorganizowa\u0107 takie przedsi\u0119wzi\u0119cie?<\/p>\n\n\n\n<h3 class=\"wp-block-heading\" id=\"ha-czego-sie-dowiesz-z-artykulu\">Czego si\u0119 dowiesz z artyku\u0142u?<\/h3>\n\n\n\n<p>Organizacja wesela to wyj\u0105tkowe i niezapomniane wydarzenie, kt\u00f3re wi\u0105\u017ce si\u0119 z wieloma decyzjami do podj\u0119cia. Jednym z kluczowych aspekt\u00f3w jest wyb\u00f3r miejsca, w kt\u00f3rym odb\u0119dzie si\u0119 uroczysto\u015b\u0107. Coraz wi\u0119cej par decyduje si\u0119 na opcj\u0119 wesela z noclegiem, kt\u00f3ra jest mi\u0142ym uk\u0142onem w stron\u0119 biesiadnik\u00f3w. Ale jak wybra\u0107 odpowiedni\u0105 sal\u0119 weseln\u0105 z noclegiem? Czy takie rozwi\u0105zanie zawsze si\u0119 op\u0142aca? I co z kosztami noclegu dla go\u015bci?<\/p>\n\n\n\n<p>W tym artykule om\u00f3wimy najwa\u017cniejsze kwestie zwi\u0105zane z organizacj\u0105 wesela z noclegiem. Dowiecie si\u0119, kiedy warto zainwestowa\u0107 w sal\u0119 weseln\u0105 z noclegiem oraz na co zwr\u00f3ci\u0107 uwag\u0119 przy jej wyborze. Poruszymy r\u00f3wnie\u017c temat, czy istniej\u0105 miejsca oferuj\u0105ce nocleg gratis oraz czy nocleg u rodziny lub znajomych to dobra alternatywa. Podpowiemy, kto powinien pokry\u0107 koszty noclegu oraz wyja\u015bnimy dlaczego organizacja wesela z noclegiem w jednym obiekcie jest najwygodniejsz\u0105 opcj\u0105.<\/p>\n\n\n\n<p>Je\u015bli marzycie o weselu w malowniczych g\u00f3rach z mo\u017cliwo\u015bci\u0105 zakwaterowania go\u015bci, podpowiemy, jak zorganizowa\u0107 takie wydarzenie. Szczeg\u00f3lnie przyjrzymy si\u0119 tak\u017ce opcjom wesela z noclegiem na Dolnym \u015al\u0105sku, wskazuj\u0105c, gdzie szuka\u0107 idealnych miejsc na tak\u0105 uroczysto\u015b\u0107.<\/p>\n\n\n\n<p>Zanurzcie si\u0119 w lekturze i odkryjcie wszystkie zalety oraz potencjalne wyzwania zwi\u0105zane z organizacj\u0105 wesela z noclegiem!<\/p>\n\n\n<div id=\"ariadna-block_a2724d6a8c4283274b44e57726ac62d5\" class=\"ariadna\">\r\n    <ul><li><a href=\"#h-wesele-z-noclegiem-obowi-zek-czy-mi-y-dodatek\">Wesele z noclegiem \u2013 obowi\u0105zek czy mi\u0142y dodatek?<\/a><\/li><li><a href=\"#ha-sala-weselna-z-noclegiem-na-co-zwrocic-uwage-przy-wyborze\">Sala weselna z noclegiem &#8211; na co zwr\u00f3ci\u0107 uwag\u0119 przy wyborze?<\/a><\/li><li><a href=\"#h-kiedy-warto-zorganizowa-wesele-z-noclegiem\">Kiedy warto zorganizowa\u0107 wesele z noclegiem?<\/a><\/li><li><a href=\"#ha-czy-sa-miejsca-ktore-oferuja-wesele-z-noclegiem-gratis\">Czy s\u0105 miejsca, kt\u00f3re oferuj\u0105 wesele z noclegiem gratis?<\/a><\/li><li><a href=\"#h-wesele-z-noclegiem-w-jednym-obiekcie\">Wygodna opcja &#8211; wesele z noclegiem w jednym obiekcie<\/a><\/li><li><a href=\"#h-nocleg-u-rodziny-lub-znajomych\">Czy nocleg u rodziny lub znajomych to dobry pomys\u0142?<\/a><\/li><li><a href=\"#h-wesele-z-noclegiem-kto-pokrywa-koszty-noclegu\">Wesele z noclegiem \u2013 kto pokrywa koszty noclegu?<\/a><\/li><li><a href=\"#ha-jak-zorganizowac-wesele-w-gorach-z-noclegiem\">Jak zorganizowa\u0107 wesele w g\u00f3rach z noclegiem?<\/a><\/li><li><a href=\"#ha-kto-placi-za-nocleg-dla-gosci\">Kto p\u0142aci za nocleg dla go\u015bci?<\/a><\/li><li><a href=\"#ha-dom-weselny-z-noclegiem\">Dom weselny z noclegiem<\/a><\/li><li><a href=\"#ha-wesele-z-noclegiem-dolny-slask-gdzie-szukac\">Wesele z noclegiem Dolny \u015al\u0105sk &#8211; gdzie szuka\u0107?<\/a><\/li><li><a href=\"#ha-wesele-z-noclegiem-korzysci-dla-gosci-i-organizatorow\">Wesele z noclegiem \u2013 korzy\u015bci dla go\u015bci i organizator\u00f3w<\/a><\/li><li><a href=\"#ha-wybor-odpowiedniej-lokalizacji-na-wesele-z-noclegiem\">Wyb\u00f3r odpowiedniej lokalizacji na wesele z noclegiem<\/a><\/li><li><a href=\"#ha-koszty-i-organizacja-wesela-z-noclegiem\">Koszty i organizacja wesela z noclegiem<\/a><\/li><li><a href=\"#ha-jak-zaplanowac-transport-dla-gosci-weselnych\">Jak zaplanowa\u0107 transport dla go\u015bci weselnych?<\/a><\/li><li><a href=\"#ha-przygotowanie-hotelu-na-wesele-z-noclegiem-o-co-warto-zapytac-obsluge\">Przygotowanie hotelu na wesele z noclegiem \u2013 o co warto zapyta\u0107 obs\u0142ug\u0119?<\/a><\/li><li><a href=\"#ha-atrakcje-dla-gosci-na-wesele-z-noclegiem\">Atrakcje dla go\u015bci na wesele z noclegiem<\/a><\/li><li><a href=\"#ha-jak-wybrac-idealny-obiekt-na-wesele-z-noclegiem\">Jak wybra\u0107 idealny obiekt na wesele z noclegiem?<\/a><\/li><li><a href=\"#ha-wesele-z-noclegiem-zima-czy-latem\">Wesele z noclegiem zim\u0105 czy latem?<\/a><\/li><li><a href=\"#ha-dlaczego-warto-postawic-na-wesele-z-noclegiem\">Dlaczego warto postawi\u0107 na wesele z noclegiem?<\/a><\/li><li><a href=\"#ha-wesele-z-dziecmi-jak-zorganizowac-nocleg\">Wesele z dzie\u0107mi \u2013 jak zorganizowa\u0107 nocleg?<\/a><\/li><\/ul>\r\n<\/div>\r\n\r\n\r\n\r\n\n\n\n<h2 class=\"wp-block-heading\" id=\"h-wesele-z-noclegiem-obowi-zek-czy-mi-y-dodatek\">Wesele z noclegiem \u2013 obowi\u0105zek czy mi\u0142y dodatek?<\/h2>\n\n\n\n<p>Organizacja wesela to nie lada wyzwanie. Narzeczeni musz\u0105 zadba\u0107 o ka\u017cdy najdrobniejszy element wydarzenia \u2013 zaczynaj\u0105c od wystroju sali i menu, a ko\u0144cz\u0105c na oprawie muzycznej i <a href=\"https:\/\/www.koronakarkonoszy.pl\/blog\/upominek-dla-gosci-weselnych\/\"><strong>prezentach dla go\u015bci na \u015blub<\/strong><\/a>. R\u00f3wnie wa\u017cny, jak pi\u0119kny wygl\u0105d sali weselnej i pyszny <a href=\"https:\/\/www.koronakarkonoszy.pl\/catering\/\" target=\"_blank\" rel=\"noreferrer noopener\">catering<\/a>, jest komfort weselnik\u00f3w \u2013 nie tylko w trakcie wesela, ale r\u00f3wnie\u017c po imprezie.<\/p>\n\n\n\n<p>Wielu przysz\u0142ych nowo\u017ce\u0144c\u00f3w zastanawia si\u0119, czy do zakresu ich przed\u015blubnych zobowi\u0105za\u0144 nale\u017cy <strong>zapewnienie go\u015bciom noclegu <\/strong>w weseln\u0105 noc. Je\u015bli przyj\u0119cie odbywa si\u0119 w mie\u015bcie lub tu\u017c pod nim, nie ma takiego obowi\u0105zku. Warto jednak pomy\u015ble\u0107 o transporcie, by u\u0142atwi\u0107 weselnikom powr\u00f3t do dom\u00f3w po sko\u0144czonej imprezie. A kiedy wesele z noclegiem jest najlepszym rozwi\u0105zaniem? Co o organizacji zakwaterowania dla go\u015bci m\u00f3wi \u015blubny savoir-vivre?<\/p>\n\n\n\n<style>\n    .cta_block{\n        margin: 1.5em 0;\n    }\n    .cta_block_content {\n        position: relative;\n        color: white;\n        padding: 1em;\n    }\n    .cta_block_content h3{\n        text-align: center;\n        font: normal normal normal 36px\/50px Yeseva One;\n    }\n    .cta_block_content .cta_block_desc{\n        text-align: center;\n        font-size: 1.1em;\n        position: relative;\n    }\n    .cta_block_content .cta_block_desc:before {\n        content: '';\n        width: 80px;\n        height: 4px;\n        background: #EEB315;\n        position: absolute;\n        left: 0;\n        right: 0;\n        margin-left: auto;\n        margin-right: auto;\n        top: -22px;\n    }\n\n    .cta_block_content picture{\n        position: absolute;\n        top: 0;\n        right: 0;\n        z-index: -1;\n        height: 100%;\n        overflow: hidden;\n        width: 100%;\n    }\n    .cta_block_content picture img{\n        object-fit: cover;\n        height: 100%;\n        width: 100%;\n    }\n    .cta_block .cta_block_content .ninja-forms-field{\n        background: #FFFFFF2F;\n        border: 1px solid #EEB315;\n        border-radius: 25px;\n        opacity: 1;\n        color: #ffffff;\n    }\n    .cta_block .cta_block_content .nf-form-content input[type=submit]{\n        background-color: #EEB315;\n        color: #292929;\n        text-align: center;\n        font: normal normal bold 14px\/20px Work Sans;\n        padding: 0 2em;\n    }\n\n    .cta_block ::placeholder{\n        color: white!important;\n        opacity: 1;\n    }\n\n    .cta_block_content::after {\n        height: 100%;\n        width: 100%;\n        content: \"\";\n        z-index: -1;\n        position: absolute;\n        top: 0;\n        background: #00000070;\n        right: 0;\n        left: 0;\n        bottom: 0;\n    }\n    #ha-cta-block, .cta_block_desc, .cta_block .nf-field-label, .cta_block .nf-error-msg {\n        filter: drop-shadow(1px 1px 8px black);\n    }\n\n\/*    .cta_block nf-rows-wrap {\n        display: flex;\n        justify-content: space-around;\n        flex-direction: row;\n    }*\/\n\n    .cta_block .nf-field-label {\n        display:none;\n    }\n\n    .cta_block .nf-error.field-wrap .nf-field-element::after {\n        border-radius: 50px;\n    }\n\n    .cta_block .nf-error-msg {\n        color: #fff;\n    }\n\n    .cta_block .nf-form-cont {\n        margin-top: 3em;\n        margin-bottom: 1em;\n    }\n\n    .wp-admin .cta_block_content{\n        display: none;\n    }\n    .cta_block .nf-form-fields-required {\n        display: none;\n    }\n    body:not(.wp-admin) .cta_block_admin {\n        display: none;\n    }\n<\/style>\n<div id=\"cta_block-block_2ab6774ead79f39076156c1c59b6640e\" class=\"cta_block\">\n    <div class=\"cta_block_admin\" style=\"background-color: blue; color: white\">\n        Blok CTA\n    <\/div>\n    <div class=\"cta_block\">\n        <div class=\"cta_block_content\">   \n        <h3 id=\"ha-szukacie-klimatycznego-miejsca-na-wesele-z-noclegiem\">Szukacie klimatycznego miejsca na wesele z noclegiem?<\/h3>\n                    <div class=\"cta_block_desc\">W naszych wn\u0119trzach Wy i Wasi go\u015bcie sp\u0119dzicie niezapomniane chwile!<\/div>\n                <noscript class=\"ninja-forms-noscript-message\">\n\tUwaga: ta zawarto\u015b\u0107 wymaga obs\u0142ugi j\u0119zyka JavaScript.<\/noscript>\n<div id=\"nf-form-3-cont\" class=\"nf-form-cont\" aria-live=\"polite\" aria-labelledby=\"nf-form-title-3\" aria-describedby=\"nf-form-errors-3\" role=\"form\">\n\n    <div class=\"nf-loading-spinner\"><\/div>\n\n<\/div>\n        <!-- That data is being printed as a workaround to page builders reordering the order of the scripts loaded-->\n        <script>var formDisplay=1;var nfForms=nfForms||[];var form=[];form.id='3';form.settings={\"objectType\":\"Form Setting\",\"editActive\":true,\"title\":\"Block CTA\",\"created_at\":\"2022-11-08 16:03:33\",\"default_label_pos\":\"above\",\"show_title\":0,\"clear_complete\":\"1\",\"hide_complete\":\"1\",\"logged_in\":\"\",\"wrapper_class\":\"\",\"element_class\":\"\",\"key\":\"\",\"add_submit\":\"0\",\"changeEmailErrorMsg\":\"Wprowad\\u017a prawid\\u0142owy adres e-mail!\",\"changeDateErrorMsg\":\"Prosz\\u0119 wpisa\\u0107 prawid\\u0142ow\\u0105 dat\\u0119!\",\"confirmFieldErrorMsg\":\"Te pola musz\\u0105 si\\u0119 zgadza\\u0107!\",\"fieldNumberNumMinError\":\"B\\u0142\\u0105d \\u2014 liczba minimalna\",\"fieldNumberNumMaxError\":\"B\\u0142\\u0105d \\u2014 liczba maksymalna\",\"fieldNumberIncrementBy\":\"Zwi\\u0119ksz o \",\"formErrorsCorrectErrors\":\"Popraw b\\u0142\\u0119dy, zanim prze\\u015blesz formularz.\",\"validateRequiredField\":\"To jest wymagane pole.\",\"honeypotHoneypotError\":\"B\\u0142\\u0105d Honeypot\",\"fieldsMarkedRequired\":\"Pola oznaczone znakiem <span class=\\\"ninja-forms-req-symbol\\\">*<\\\/span> s\\u0105 wymagane\",\"currency\":\"\",\"repeatable_fieldsets\":\"\",\"unique_field_error\":\"Formularz z t\\u0105 warto\\u015bci\\u0105 zosta\\u0142 ju\\u017c przes\\u0142any.\",\"not_logged_in_msg\":\"\",\"sub_limit_msg\":\"Formularz osi\\u0105gn\\u0105\\u0142 limit wys\\u0142a\\u0144.\",\"calculations\":[],\"container_styles_show_advanced_css\":\"0\",\"title_styles_show_advanced_css\":\"0\",\"row_styles_show_advanced_css\":\"0\",\"row-odd_styles_show_advanced_css\":\"0\",\"success-msg_styles_show_advanced_css\":\"0\",\"error_msg_styles_show_advanced_css\":\"0\",\"formContentData\":[{\"order\":1,\"cells\":[{\"order\":0,\"fields\":[\"phone_1640098023980\"],\"width\":35},{\"order\":1,\"fields\":[\"adres_e-mail_1667919839452\"],\"width\":35},{\"order\":2,\"fields\":[\"zapisz_mnie_1667919853255\"],\"width\":30}]}],\"drawerDisabled\":false,\"conditions\":[],\"allow_public_link\":0,\"embed_form\":\"\",\"container_styles_border\":\"\",\"container_styles_height\":\"\",\"container_styles_margin\":\"\",\"container_styles_padding\":\"\",\"container_styles_float\":\"\",\"title_styles_border\":\"\",\"title_styles_height\":\"\",\"title_styles_width\":\"\",\"title_styles_font-size\":\"\",\"title_styles_margin\":\"\",\"title_styles_padding\":\"\",\"title_styles_float\":\"\",\"row_styles_border\":\"\",\"row_styles_width\":\"\",\"row_styles_font-size\":\"\",\"row_styles_margin\":\"\",\"row_styles_padding\":\"\",\"row-odd_styles_border\":\"\",\"row-odd_styles_height\":\"\",\"row-odd_styles_width\":\"\",\"row-odd_styles_font-size\":\"\",\"row-odd_styles_margin\":\"\",\"row-odd_styles_padding\":\"\",\"success-msg_styles_border\":\"\",\"success-msg_styles_height\":\"\",\"success-msg_styles_width\":\"\",\"success-msg_styles_font-size\":\"\",\"success-msg_styles_margin\":\"\",\"success-msg_styles_padding\":\"\",\"error_msg_styles_border\":\"\",\"error_msg_styles_width\":\"\",\"error_msg_styles_font-size\":\"\",\"error_msg_styles_margin\":\"\",\"error_msg_styles_padding\":\"\",\"form_title_heading_level\":\"3\",\"ninjaForms\":\"Ninja Forms\",\"fieldTextareaRTEInsertLink\":\"Wstaw odno\\u015bnik\",\"fieldTextareaRTEInsertMedia\":\"Wstaw media\",\"fieldTextareaRTESelectAFile\":\"Wybierz plik\",\"formHoneypot\":\"Je\\u015bli jeste\\u015b cz\\u0142owiekiem i widzisz to pole, nie wype\\u0142niaj go.\",\"fileUploadOldCodeFileUploadInProgress\":\"Przesy\\u0142anie pliku w toku.\",\"fileUploadOldCodeFileUpload\":\"PRZESY\\u0141ANIE PLIKU\",\"currencySymbol\":\"&#36;\",\"thousands_sep\":\"&nbsp;\",\"decimal_point\":\",\",\"siteLocale\":\"pl_PL\",\"dateFormat\":\"m\\\/d\\\/Y\",\"startOfWeek\":\"1\",\"of\":\"z\",\"previousMonth\":\"Poprzedni miesi\\u0105c\",\"nextMonth\":\"Nast\\u0119pny miesi\\u0105c\",\"months\":[\"Stycze\\u0144\",\"Luty\",\"Marzec\",\"Kwiecie\\u0144\",\"Maj\",\"Czerwiec\",\"Lipiec\",\"Sierpie\\u0144\",\"Wrzesie\\u0144\",\"Pa\\u017adziernik\",\"Listopad\",\"Grudzie\\u0144\"],\"monthsShort\":[\"Sty\",\"Lut\",\"Mar\",\"Kw\",\"Maj\",\"Cze\",\"Lip\",\"Sie\",\"Wrz\",\"Pa\\u017a\",\"Lis\",\"Gru\"],\"weekdays\":[\"Niedziela\",\"Poniedzia\\u0142ek\",\"Wtorek\",\"\\u015aroda\",\"Czwartek\",\"Pi\\u0105tek\",\"Sobota\"],\"weekdaysShort\":[\"Niedz\",\"Pon\",\"Wt\",\"\\u015ar\",\"Czw\",\"Pt\",\"Sob\"],\"weekdaysMin\":[\"Niedz\",\"Pon\",\"Wt\",\"\\u015ar\",\"Czw\",\"Pt\",\"Sob\"],\"recaptchaConsentMissing\":\"reCaptcha validation couldn&#039;t load.\",\"recaptchaMissingCookie\":\"reCaptcha v3 validation couldn&#039;t load the cookie needed to submit the form.\",\"recaptchaConsentEvent\":\"Accept reCaptcha cookies before sending the form.\",\"currency_symbol\":\"\",\"beforeForm\":\"\",\"beforeFields\":\"\",\"afterFields\":\"\",\"afterForm\":\"\"};form.fields=[{\"objectType\":\"Field\",\"objectDomain\":\"fields\",\"editActive\":false,\"order\":1,\"idAttribute\":\"id\",\"type\":\"phone\",\"label\":\"Numer telefonu\",\"key\":\"phone_1640098023980\",\"label_pos\":\"above\",\"required\":1,\"default\":\"\",\"placeholder\":\"Numer telefonu\",\"container_class\":\"\",\"element_class\":\"\",\"input_limit\":\"\",\"input_limit_type\":\"characters\",\"input_limit_msg\":\"Liczba pozosta\\u0142ych znak\\u00f3w:\",\"manual_key\":\"\",\"admin_label\":\"\",\"help_text\":\"\",\"mask\":\"\",\"custom_mask\":\"\",\"custom_name_attribute\":\"phone\",\"personally_identifiable\":1,\"wrap_styles_border\":\"\",\"wrap_styles_width\":\"\",\"wrap_styles_margin\":\"\",\"wrap_styles_padding\":\"\",\"wrap_styles_float\":\"\",\"wrap_styles_show_advanced_css\":0,\"label_styles_border\":\"\",\"label_styles_width\":\"\",\"label_styles_font-size\":\"\",\"label_styles_margin\":\"\",\"label_styles_padding\":\"\",\"label_styles_float\":\"\",\"label_styles_show_advanced_css\":0,\"element_styles_border\":\"\",\"element_styles_width\":\"\",\"element_styles_font-size\":\"\",\"element_styles_margin\":\"\",\"element_styles_padding\":\"\",\"element_styles_float\":\"\",\"element_styles_show_advanced_css\":0,\"cellcid\":\"c3386\",\"value\":\"\",\"field_label\":\"Numer telefonu\",\"field_key\":\"phone_1640098023980\",\"drawerDisabled\":false,\"id\":8,\"beforeField\":\"\",\"afterField\":\"\",\"parentType\":\"textbox\",\"element_templates\":[\"tel\",\"textbox\",\"input\"],\"old_classname\":\"\",\"wrap_template\":\"wrap\"},{\"objectType\":\"Field\",\"objectDomain\":\"fields\",\"editActive\":false,\"order\":2,\"idAttribute\":\"id\",\"type\":\"email\",\"label\":\"Adres e-mail\",\"key\":\"adres_e-mail_1667919839452\",\"label_pos\":\"above\",\"required\":1,\"default\":\"\",\"placeholder\":\"Adres e-mail\",\"container_class\":\"\",\"element_class\":\"\",\"admin_label\":\"\",\"help_text\":\"\",\"custom_name_attribute\":\"email\",\"personally_identifiable\":1,\"wrap_styles_border\":\"\",\"wrap_styles_width\":\"\",\"wrap_styles_margin\":\"\",\"wrap_styles_padding\":\"\",\"wrap_styles_float\":\"\",\"wrap_styles_show_advanced_css\":0,\"label_styles_border\":\"\",\"label_styles_width\":\"\",\"label_styles_font-size\":\"\",\"label_styles_margin\":\"\",\"label_styles_padding\":\"\",\"label_styles_float\":\"\",\"label_styles_show_advanced_css\":0,\"element_styles_border\":\"\",\"element_styles_width\":\"\",\"element_styles_font-size\":\"\",\"element_styles_margin\":\"\",\"element_styles_padding\":\"\",\"element_styles_float\":\"\",\"element_styles_show_advanced_css\":0,\"cellcid\":\"c3389\",\"value\":\"\",\"drawerDisabled\":false,\"field_label\":\"E-mail\",\"field_key\":\"email_1640098026199\",\"id\":9,\"beforeField\":\"\",\"afterField\":\"\",\"parentType\":\"email\",\"element_templates\":[\"email\",\"input\"],\"old_classname\":\"\",\"wrap_template\":\"wrap\"},{\"objectType\":\"Field\",\"objectDomain\":\"fields\",\"editActive\":false,\"order\":3,\"idAttribute\":\"id\",\"type\":\"submit\",\"label\":\"Zapisz mnie\",\"processing_label\":\"W trakcie realizacji\",\"container_class\":\"\",\"element_class\":\"\",\"key\":\"zapisz_mnie_1667919853255\",\"wrap_styles_border\":\"\",\"wrap_styles_width\":\"\",\"wrap_styles_margin\":\"\",\"wrap_styles_padding\":\"\",\"wrap_styles_float\":\"\",\"wrap_styles_show_advanced_css\":0,\"element_styles_border\":\"\",\"element_styles_width\":\"\",\"element_styles_font-size\":\"\",\"element_styles_margin\":\"\",\"element_styles_padding\":\"\",\"element_styles_float\":\"\",\"element_styles_show_advanced_css\":0,\"submit_element_hover_styles_border\":\"\",\"submit_element_hover_styles_width\":\"\",\"submit_element_hover_styles_font-size\":\"\",\"submit_element_hover_styles_margin\":\"\",\"submit_element_hover_styles_padding\":\"\",\"submit_element_hover_styles_float\":\"\",\"submit_element_hover_styles_show_advanced_css\":0,\"cellcid\":\"c3391\",\"drawerDisabled\":false,\"field_label\":\"Zamawiam rozmow\\u0119\",\"field_key\":\"zamawiam_rozmowe_1640098067453\",\"id\":10,\"beforeField\":\"\",\"afterField\":\"\",\"value\":\"\",\"label_pos\":\"above\",\"parentType\":\"textbox\",\"element_templates\":[\"submit\",\"button\",\"input\"],\"old_classname\":\"\",\"wrap_template\":\"wrap-no-label\"}];nfForms.push(form);<\/script>\n                <script id=\"nf-tmpl-cell\" type=\"text\/template\">\n            <nf-fields><\/nf-fields>\n        <\/script>\n\n        <script id=\"nf-tmpl-row\" type=\"text\/template\">\n            <nf-cells><\/nf-cells>\n        <\/script>\n\n                <img loading=\"lazy\" decoding=\"async\" width=\"1500\" height=\"705\" src=\"https:\/\/www.koronakarkonoszy.pl\/blog\/wp-content\/uploads\/2022\/06\/Dwor-Korona-Karkonoszy.jpg\" class=\"attachment-full size-full\" alt=\"\" srcset=\"https:\/\/www.koronakarkonoszy.pl\/blog\/wp-content\/uploads\/2022\/06\/Dwor-Korona-Karkonoszy.jpg 1500w, https:\/\/www.koronakarkonoszy.pl\/blog\/wp-content\/uploads\/2022\/06\/Dwor-Korona-Karkonoszy-300x141.jpg 300w, https:\/\/www.koronakarkonoszy.pl\/blog\/wp-content\/uploads\/2022\/06\/Dwor-Korona-Karkonoszy-1024x481.jpg 1024w, https:\/\/www.koronakarkonoszy.pl\/blog\/wp-content\/uploads\/2022\/06\/Dwor-Korona-Karkonoszy-768x361.jpg 768w\" sizes=\"auto, (max-width: 1500px) 100vw, 1500px\" \/>        <\/div> \n    <\/div>\n<\/div>\n\n\n\n<h2 class=\"wp-block-heading\" id=\"ha-sala-weselna-z-noclegiem-na-co-zwrocic-uwage-przy-wyborze\">Sala weselna z noclegiem &#8211; na co zwr\u00f3ci\u0107 uwag\u0119 przy wyborze?<\/h2>\n\n\n\n<p>Poszukiwania sali weselnej ju\u017c same w sobie mog\u0105 wydawa\u0107 si\u0119 spraw\u0105 do\u015b\u0107 wymagaj\u0105c\u0105. A je\u015bli dojedzie do tego jeszcze kwestia zapewnienia nocleg\u00f3w dla go\u015bci weselnych, sprawa komplikuje si\u0119 dodatkowo. Na poz\u00f3r idealne sale weselne nie zawsze znajduj\u0105 si\u0119 w takim miejscu, gdzie \u0142atwo mo\u017cna zorganizowa\u0107 nocleg weselny. Dlatego szukaj\u0105c wymarzonego <strong>miejsca na wesele, warto <\/strong>okre\u015bli\u0107 kilka cech, kt\u00f3rych b\u0119dziemy szuka\u0107.<\/p>\n\n\n\n<figure class=\"wp-block-image size-large\"><a href=\"https:\/\/www.koronakarkonoszy.pl\/wesele\/\" target=\"_blank\" rel=\"noreferrer noopener\"><img loading=\"lazy\" decoding=\"async\" width=\"1024\" height=\"512\" src=\"https:\/\/www.koronakarkonoszy.pl\/blog\/wp-content\/uploads\/2022\/09\/piekne_wesela_DKK-1024x512.jpg\" alt=\"\" class=\"wp-image-5906\" srcset=\"https:\/\/www.koronakarkonoszy.pl\/blog\/wp-content\/uploads\/2022\/09\/piekne_wesela_DKK-1024x512.jpg 1024w, https:\/\/www.koronakarkonoszy.pl\/blog\/wp-content\/uploads\/2022\/09\/piekne_wesela_DKK-300x150.jpg 300w, https:\/\/www.koronakarkonoszy.pl\/blog\/wp-content\/uploads\/2022\/09\/piekne_wesela_DKK-768x384.jpg 768w, https:\/\/www.koronakarkonoszy.pl\/blog\/wp-content\/uploads\/2022\/09\/piekne_wesela_DKK.jpg 1200w\" sizes=\"auto, (max-width: 1024px) 100vw, 1024px\" \/><\/a><\/figure>\n\n\n\n<p>Na przyk\u0142ad: czy mo\u017cna tam zorganizowa\u0107 wesele z noclegiem na miejscu? Ile jest pokoi i \u0142\u00f3\u017cek dla go\u015bci weselnych? Czy s\u0105 odpowiednie apartamenty dla M\u0142odej Pary? Czy standard nocleg\u00f3w weselnych jest dla nas wystarczaj\u0105cy?<\/p>\n\n\n\n<p>Inne, by\u0107 mo\u017ce mniej istotne kwestie, ale kt\u00f3re r\u00f3wnie\u017c trzeba wzi\u0105\u0107 pod uwag\u0119 wybieraj\u0105c ofert\u0119 wesela z noclegiem to cho\u0107by: wygodny parking dla wszystkich go\u015bci weselnych, czas trwania doby hotelowej czy dobry i wygodny dojazd do wybranej sali weselnej.<\/p>\n\n\n<section id=\"leonardo-block_93d5f52786cd9556e068c6e2f1e368ea\" class=\"leonardo page-breaker leonardo-image-right\">\r\n    <div class=\"leonardo-body\">\r\n                <div class=\"leonardo-content\"><p><!-- wp:heading --><\/p>\n<h3 id=\"ha-czy-wesele-z-noclegiem-to-norma\">Czy wesele z noclegiem to norma?<\/h3>\n<p>Dla wielu os\u00f3b nocleg na weselu wydaje si\u0119 norm\u0105. Mo\u017cna bawi\u0107 si\u0119 wtedy do bia\u0142ego rana i, co r\u00f3wnie\u017c kojarzy si\u0119 z weselem, spo\u017cywa\u0107 alkohol. Na przyk\u0142ad degustowa\u0107 wy\u015bmienite <strong><a href=\"https:\/\/www.koronakarkonoszy.pl\/blog\/piwo-z-beczki-na-wesele\/\">piwo z beczki na weselu<\/a><\/strong>\u00a0rzemie\u015blnicze \u2013 to coraz cz\u0119\u015bciej wykorzystywana <strong>atrakcja na wesele<\/strong>. W przypadku organizacji wesela z noclegiem, nie ma potrzeby organizowa\u0107 transportu z wesela. Zw\u0142aszcza je\u015bli liczba go\u015bci weselnych b\u0119dzie du\u017ca, to z pewno\u015bci\u0105 wielu weselnik\u00f3w zechce mie\u0107 na miejscu mo\u017cliwo\u015b\u0107 wygodnego odpoczynku i kontynuowania zabawy na poprawinach lub cho\u0107by wymiany wra\u017ce\u0144 na wsp\u00f3lnym \u015bniadaniu po weselu. Nocleg blisko sali weselnej, a ju\u017c najlepiej wygodny <strong>pok\u00f3j w domu weselnym<\/strong> na pewno sprawi, \u017ce wszyscy b\u0119d\u0105 zadowoleni z wesela. Dla niekt\u00f3rych go\u015bci noclegi na weselu mog\u0105 by\u0107 wa\u017cniejsze nawet ni\u017c sam wystr\u00f3j sali weselnej albo <strong><a href=\"https:\/\/www.koronakarkonoszy.pl\/blog\/obiad-weselny\/\">obiad weselny<\/a><\/strong>.<\/p>\n<p><!-- \/wp:paragraph --> <!-- wp:paragraph --><\/p>\n<p>Jeszcze inn\u0105 kwesti\u0105 s\u0105 <strong>apartamenty dla nowo\u017ce\u0144c\u00f3w<\/strong> na miejscu. Tak jak dla go\u015bci weselnych przygotowane si\u0119 do wesela nawet po podr\u00f3\u017cy jest wa\u017cne, tak i dla Par M\u0142odych apartament w miejscu wesela ma kluczowe znaczenie. Panna M\u0142oda mo\u017ce tam swobodnie zrobi\u0107 lub poprawi\u0107 makija\u017c, Pan M\u0142ody r\u00f3wnie\u017c mo\u017ce skupi\u0107 si\u0119 na przyk\u0142ad na witaniu go\u015bci i jeszcze nieco odpocz\u0105\u0107 przed weselem. Dla Pa\u0144stwa M\u0142odych potrzebne b\u0119dzie r\u00f3wnie\u017c miejsce, gdzie b\u0119d\u0105 mogli si\u0119 nieco od\u015bwie\u017cy\u0107 w czasie zabawy, ale te\u017c od\u0142o\u017cy\u0107 prezenty czy koperty weselne. Dlatego warto zwr\u00f3ci\u0107 uwag\u0119, czy obiekt, kt\u00f3ry dysponuje sal\u0105 weseln\u0105, ma na wyposa\u017ceniu r\u00f3wnie\u017c apartamenty dla nowo\u017ce\u0144c\u00f3w z sejfem i innym, potrzebnym M\u0142odej Parze wyposa\u017ceniem.<\/p>\n<p><!-- \/wp:paragraph --><\/p>\n<\/div>\r\n            <\/div>\r\n    <div class=\"leonardo-image\">\r\n        <img loading=\"lazy\" decoding=\"async\" width=\"1255\" height=\"836\" src=\"https:\/\/www.koronakarkonoszy.pl\/blog\/wp-content\/uploads\/2022\/06\/sala-weselna-Panna-Mloda.jpg\" class=\"attachment-full size-full\" alt=\"\" srcset=\"https:\/\/www.koronakarkonoszy.pl\/blog\/wp-content\/uploads\/2022\/06\/sala-weselna-Panna-Mloda.jpg 1255w, https:\/\/www.koronakarkonoszy.pl\/blog\/wp-content\/uploads\/2022\/06\/sala-weselna-Panna-Mloda-300x200.jpg 300w, https:\/\/www.koronakarkonoszy.pl\/blog\/wp-content\/uploads\/2022\/06\/sala-weselna-Panna-Mloda-1024x682.jpg 1024w, https:\/\/www.koronakarkonoszy.pl\/blog\/wp-content\/uploads\/2022\/06\/sala-weselna-Panna-Mloda-768x512.jpg 768w\" sizes=\"auto, (max-width: 1255px) 100vw, 1255px\" \/>            <\/div>\r\n<\/section>\n\n\n<h2 class=\"wp-block-heading\" id=\"h-kiedy-warto-zorganizowa-wesele-z-noclegiem\">Kiedy warto zorganizowa\u0107 wesele z noclegiem?<\/h2>\n\n\n\n<p>Wed\u0142ug \u015blubnej etykiety Para M\u0142oda powinna zadba\u0107 o nocleg dla weselnik\u00f3w, je\u015bli:<\/p>\n\n\n\n<ul class=\"wp-block-list\">\n<li>go\u015bcie przybywaj\u0105 z daleka,<\/li>\n\n\n\n<li>wesele odbywa si\u0119 w innym mie\u015bcie ni\u017c miejsce zamieszkania wi\u0119kszo\u015bci go\u015bci.<\/li>\n<\/ul>\n\n\n\n<p>W przypadku organizacji przyj\u0119cia w lokalizacji, kt\u00f3ra znajduje si\u0119 w bardzo du\u017cej odleg\u0142o\u015bci od miejsca zamieszkania wi\u0119kszo\u015bci go\u015bci, warto rozwa\u017cy\u0107 rezerwacj\u0119 noclegu na dwie noce \u2013 jedn\u0105 przed weselem i drug\u0105 po przyj\u0119ciu. Dzi\u0119ki temu go\u015bcie dodatkowo b\u0119d\u0105 mogli spokojnie przygotowa\u0107 si\u0119 do uroczysto\u015bci w swoich hotelowych <a href=\"https:\/\/www.koronakarkonoszy.pl\/pokoje\/\" target=\"_blank\" rel=\"noreferrer noopener\">pokojach<\/a>.<\/p>\n\n\n<section id=\"leonardo-block_cea1aa3c3a7d211f70b3f804a30fc7d8\" class=\"leonardo page-breaker leonardo-image-left\">\r\n    <div class=\"leonardo-body\">\r\n                <div class=\"leonardo-content\"><h3 id=\"ha-jak-zadbac-o-nocleg-dla-gosci\">Jak zadba\u0107 o nocleg dla go\u015bci?<\/h3>\n<p>Organizacj\u0105 noclegu zajmijcie si\u0119 odpowiednio wcze\u015bniej. Znalezienie zakwaterowania na ostatni\u0105 chwil\u0119 jest niezwykle trudne i mo\u017ce dostarczy\u0107 Wam mn\u00f3stwo niepotrzebnych nerw\u00f3w. Stresu przed \u015blubem i tak jest du\u017co. Nie warto wi\u0119c dok\u0142ada\u0107 go sobie jeszcze wi\u0119cej.<\/p>\n<p>Koniecznie przeka\u017ccie wszystkie szczeg\u00f3\u0142y dotycz\u0105ce noclegu swoim go\u015bciom. Nie musicie pisa\u0107 o tym w zaproszeniach. Mo\u017cecie zadzwoni\u0107 lub przes\u0142a\u0107 informacje drog\u0105 elektroniczn\u0105. Forma nie ma znaczenia. Najwa\u017cniejsze jest to, \u017ceby zrobi\u0107 to przynajmniej kilka tygodni przed \u015blubem. Pytanie &#8211; gdzie zorganizowa\u0107 nocleg dla go\u015bci weselnych?<\/p>\n<\/div>\r\n                    <aside class=\"leonardo-interlink\">\r\n                <b>Polecamy<\/b>\r\n                <a href=\"https:\/\/www.koronakarkonoszy.pl\/blog\/ile-kosztuje-wesele-jak-z-bajki\/\">Ile kosztuje wesele jak z bajki?<\/a>\r\n            <\/aside>\r\n            <\/div>\r\n    <div class=\"leonardo-image\">\r\n        <img loading=\"lazy\" decoding=\"async\" width=\"1254\" height=\"835\" src=\"https:\/\/www.koronakarkonoszy.pl\/blog\/wp-content\/uploads\/2022\/01\/Wesele-z-noclegiem-_.jpg\" class=\"attachment-full size-full\" alt=\"\" srcset=\"https:\/\/www.koronakarkonoszy.pl\/blog\/wp-content\/uploads\/2022\/01\/Wesele-z-noclegiem-_.jpg 1254w, https:\/\/www.koronakarkonoszy.pl\/blog\/wp-content\/uploads\/2022\/01\/Wesele-z-noclegiem-_-300x200.jpg 300w, https:\/\/www.koronakarkonoszy.pl\/blog\/wp-content\/uploads\/2022\/01\/Wesele-z-noclegiem-_-1024x682.jpg 1024w, https:\/\/www.koronakarkonoszy.pl\/blog\/wp-content\/uploads\/2022\/01\/Wesele-z-noclegiem-_-768x511.jpg 768w\" sizes=\"auto, (max-width: 1254px) 100vw, 1254px\" \/>            <\/div>\r\n<\/section>\n\n\n<h2 class=\"wp-block-heading\" id=\"ha-czy-sa-miejsca-ktore-oferuja-wesele-z-noclegiem-gratis\">Czy s\u0105 miejsca, kt\u00f3re oferuj\u0105 wesele z noclegiem gratis?<\/h2>\n\n\n\n<p>Oferty \u015blub\u00f3w z noclegiem gratis mog\u0105 r\u00f3\u017cni\u0107 si\u0119 w zale\u017cno\u015bci od miejsca, w kt\u00f3rym planujesz wesele. Niekt\u00f3re hotele, o\u015brodki konferencyjne, restauracje, <a href=\"https:\/\/www.koronakarkonoszy.pl\/blog\/dworek-na-wesele\/\" target=\"_blank\" rel=\"noreferrer noopener\"><strong>dworki na wesele<\/strong><\/a> czy inne miejsca \u015bwiadcz\u0105ce us\u0142ugi weddingowe mog\u0105 oferowa\u0107 specjalne pakiety, w ramach kt\u00f3rych dost\u0119pny jest nocleg dla Pary M\u0142odej lub nawet dla go\u015bci weselnych.<\/p>\n\n\n\n<p>Aby znale\u017a\u0107 oferty wesel z noclegiem gratis, warto skonsultowa\u0107 si\u0119 z r\u00f3\u017cnymi lokalami \u015bwiadcz\u0105cymi us\u0142ugi weselne. Mo\u017cesz skontaktowa\u0107 si\u0119 bezpo\u015brednio z wybranymi obiektami, zapyta\u0107 o dost\u0119pne pakiety weselne i sprawdzi\u0107, czy oferuj\u0105 gratisowy nocleg w ramach tych pakiet\u00f3w.<\/p>\n\n\n\n<p>Pami\u0119taj, \u017ce warunki i dost\u0119pno\u015b\u0107 ofert mog\u0105 si\u0119 r\u00f3\u017cni\u0107, dlatego warto por\u00f3wna\u0107 kilka opcji i zwr\u00f3ci\u0107 uwag\u0119 na dodatkowe us\u0142ugi oferowane w ramach pakiet\u00f3w weselnych. Na przyk\u0142ad w <strong>Dw\u00f3r Korona Karkonoszy w Sosn\u00f3wce ko\u0142o Karpacza apartament dla Par M\u0142odych zawsze oferuje gratis, bez wzgl\u0119du na wielko\u015b\u0107 wesela.&nbsp;<\/strong><\/p>\n\n\n\n<figure class=\"wp-block-image size-full\"><img loading=\"lazy\" decoding=\"async\" width=\"800\" height=\"534\" src=\"https:\/\/www.koronakarkonoszy.pl\/blog\/wp-content\/uploads\/2021\/07\/Elegancki_apartament_dla_Mlodej_Pary.jpg\" alt=\"elegancki apartament dla M\u0142odej Pary\" class=\"wp-image-686\" srcset=\"https:\/\/www.koronakarkonoszy.pl\/blog\/wp-content\/uploads\/2021\/07\/Elegancki_apartament_dla_Mlodej_Pary.jpg 800w, https:\/\/www.koronakarkonoszy.pl\/blog\/wp-content\/uploads\/2021\/07\/Elegancki_apartament_dla_Mlodej_Pary-300x200.jpg 300w, https:\/\/www.koronakarkonoszy.pl\/blog\/wp-content\/uploads\/2021\/07\/Elegancki_apartament_dla_Mlodej_Pary-768x513.jpg 768w\" sizes=\"auto, (max-width: 800px) 100vw, 800px\" \/><figcaption class=\"wp-element-caption\"><strong>Apartament Zwierciadlany, Dw\u00f3r Korona Karkonoszy, <a href=\"https:\/\/www.koronakarkonoszy.pl\/blog-atrakcje\/sosnowka\/\" class=\"links-placer\">Sosn\u00f3wka<\/a> k. Karpacza <\/strong><\/figcaption><\/figure>\n\n\n\n<h2 class=\"wp-block-heading\" id=\"h-wesele-z-noclegiem-w-jednym-obiekcie\">Wygodna opcja &#8211; wesele z noclegiem w jednym obiekcie<\/h2>\n\n\n\n<p>Bardzo popularne w ostatnim czasie sta\u0142o si\u0119 <a href=\"https:\/\/www.koronakarkonoszy.pl\/blog\/organizacja-wesel\/\" class=\"links-placer\">organizowanie wesel<\/a> w obiektach wypoczynkowych usytuowanych z dala od miejskiego zgie\u0142ku, w malowniczej, spokojnej okolicy \u2013 na przyk\u0142ad w g\u00f3rach czy nad morzem. Wiele obiekt\u00f3w wypoczynkowych dysponuje przestronnymi, stylowo urz\u0105dzonymi <a href=\"https:\/\/www.koronakarkonoszy.pl\/blog\/sale-weselne\/\"><strong>salami weselnymi<\/strong><\/a>, idealnymi zar\u00f3wno na kameralne przyj\u0119cia weselne, jak i na huczne <a href=\"https:\/\/www.koronakarkonoszy.pl\/imprezy-firmowe\/\"><strong>imprezy firmowe<\/strong><\/a> nawet na kilkaset os\u00f3b. A wszystko to w otoczeniu pi\u0119knej przyrody i spektakularnych widok\u00f3w. \u015awi\u0119towanie nowego etapu w \u017cyciu w takim miejscu jest wspania\u0142ym do\u015bwiadczeniem i niezapomnianym prze\u017cyciem nie tylko dla samych zakochanych, ale r\u00f3wnie\u017c dla go\u015bci.<\/p>\n\n\n\n<figure class=\"wp-block-image size-full is-resized\"><img loading=\"lazy\" decoding=\"async\" width=\"800\" height=\"613\" src=\"https:\/\/www.koronakarkonoszy.pl\/blog\/wp-content\/uploads\/2021\/07\/Apartament_Botaniczny.jpg\" alt=\"Apartament Botaniczny\" class=\"wp-image-367\" style=\"width:800px;height:613px\" srcset=\"https:\/\/www.koronakarkonoszy.pl\/blog\/wp-content\/uploads\/2021\/07\/Apartament_Botaniczny.jpg 800w, https:\/\/www.koronakarkonoszy.pl\/blog\/wp-content\/uploads\/2021\/07\/Apartament_Botaniczny-300x230.jpg 300w, https:\/\/www.koronakarkonoszy.pl\/blog\/wp-content\/uploads\/2021\/07\/Apartament_Botaniczny-768x588.jpg 768w\" sizes=\"auto, (max-width: 800px) 100vw, 800px\" \/><figcaption class=\"wp-element-caption\"><strong>Apartament Botaniczny, Dw\u00f3r Korona Karkonoszy, Sosn\u00f3wka k. Karpacza <\/strong><\/figcaption><\/figure>\n\n\n\n<p>Du\u017cym plusem organizacji wesela w obiekcie wypoczynkowym jest dost\u0119pno\u015b\u0107 miejsc noclegowych. Wesele z noclegiem w jednym obiekcie to najlepsza i najwygodniejsza opcja. Nie tylko eliminuje problem transportu go\u015bci, ale tak\u017ce pozwala im na odpoczynek lub od\u015bwie\u017cenie si\u0119 w trakcie weselnej zabawy.<\/p>\n\n\n\n<p>W tym samym obiekcie mo\u017cna zorganizowa\u0107 wsp\u00f3lne \u015bniadanie lub <strong>poprawiny weselne<\/strong> na drugi dzie\u0144 \u2013 na przyk\u0142ad w formie obiadu lub grilla. Dwa dni pe\u0142ne wra\u017ce\u0144 to gwarancja wy\u015bmienitej zabawy i niezapomnianych wspomnie\u0144. Co ciekawe, wiele obiekt\u00f3w wypoczynkowych specjalizuj\u0105cych si\u0119 w organizacji wesel, oferuje atrakcyjne zni\u017cki na nocleg dla go\u015bci weselnych.<\/p>\n\n\n<section id=\"leonardo-block_b9fb3c1f315b22d4c53b3320e0b95feb\" class=\"leonardo page-breaker leonardo-image-right\">\r\n    <div class=\"leonardo-body\">\r\n                <div class=\"leonardo-content\"><p>Je\u015bli wybrany obiekt weselny nie dysponuje miejscami noclegowymi, zakwaterowania nale\u017cy poszuka\u0107 gdzie\u015b indziej. Najlepszym rozwi\u0105zaniem b\u0119dzie wyb\u00f3r <strong><a href=\"https:\/\/www.koronakarkonoszy.pl\/blog\/hotel-na-wesele\/\">wesela w\u00a0hotelu<\/a><\/strong> lub pensjonatu usytuowanego niedaleko <strong><a href=\"https:\/\/www.koronakarkonoszy.pl\/blog\/lokal-na-wesele\/\" target=\"_blank\" rel=\"noopener\">lokalu weselnego<\/a><\/strong>. Rozwi\u0105\u017ce to problem transportu dla go\u015bci. Je\u015bli jednak w pobli\u017cu nie ma \u017cadnego obiektu wypoczynkowego, musicie dodatkowo zorganizowa\u0107 bus lub inny \u015brodek transportu, kt\u00f3ry odwiezie ich do hotelu po sko\u0144czonej zabawie.<\/p>\n<\/div>\r\n                    <aside class=\"leonardo-interlink\">\r\n                <b>Polecamy<\/b>\r\n                <a href=\"https:\/\/www.koronakarkonoszy.pl\/blog\/wesele-okolice-wroclawia\/\">Wesele okolice Wroc\u0142awia \u2013 gdzie zorganizowa\u0107 przyj\u0119cie?<\/a>\r\n            <\/aside>\r\n            <\/div>\r\n    <div class=\"leonardo-image\">\r\n        <img loading=\"lazy\" decoding=\"async\" width=\"1024\" height=\"683\" src=\"https:\/\/www.koronakarkonoszy.pl\/blog\/wp-content\/uploads\/2023\/01\/1521.jpg\" class=\"attachment-full size-full\" alt=\"\" srcset=\"https:\/\/www.koronakarkonoszy.pl\/blog\/wp-content\/uploads\/2023\/01\/1521.jpg 1024w, https:\/\/www.koronakarkonoszy.pl\/blog\/wp-content\/uploads\/2023\/01\/1521-300x200.jpg 300w, https:\/\/www.koronakarkonoszy.pl\/blog\/wp-content\/uploads\/2023\/01\/1521-768x512.jpg 768w\" sizes=\"auto, (max-width: 1024px) 100vw, 1024px\" \/>            <\/div>\r\n<\/section>\n\n\n<h2 class=\"wp-block-heading\" id=\"h-nocleg-u-rodziny-lub-znajomych\">Czy nocleg u rodziny lub znajomych to dobry pomys\u0142?<\/h2>\n\n\n\n<p>Je\u015bli wesele odbywa si\u0119 w miejscu zamieszkania wi\u0119kszo\u015bci go\u015bci, a tylko niekt\u00f3rzy z nich przyje\u017cd\u017caj\u0105 z daleka, mo\u017cna pokusi\u0107 si\u0119 o zapewnienie im noclegu u rodziny lub znajomych \u2013 oczywi\u015bcie za zgod\u0105 jednych i drugich. Opcja ta sprawdzi si\u0119 wy\u0142\u0105cznie w przypadku, je\u015bli obie strony dobrze si\u0119 znaj\u0105. W innym razie go\u015bcie lub gospodarze mog\u0105 czu\u0107 si\u0119 skr\u0119powani.<\/p>\n\n\n\n<p>Pami\u0119tajcie, \u017ce rodzina czy znajomi, kt\u00f3rzy zgodz\u0105 si\u0119 przyj\u0105\u0107 na noc Waszych go\u015bci, wy\u015bwiadczaj\u0105 Wam du\u017c\u0105 przys\u0142ug\u0119. Nie mo\u017cecie zostawi\u0107 ich bez \u017cadnej pomocy. Dostarczcie im r\u0119czniki i po\u015bciel dla przyjezdnych, czy chocia\u017cby zapewnijcie wszystkim smaczne \u015bniadanie.<\/p>\n\n\n\n<figure class=\"wp-block-image size-full\"><img loading=\"lazy\" decoding=\"async\" width=\"800\" height=\"534\" src=\"https:\/\/www.koronakarkonoszy.pl\/blog\/wp-content\/uploads\/2021\/07\/artistic_apartment.jpg\" alt=\"Artistic Apartament\" class=\"wp-image-369\" srcset=\"https:\/\/www.koronakarkonoszy.pl\/blog\/wp-content\/uploads\/2021\/07\/artistic_apartment.jpg 800w, https:\/\/www.koronakarkonoszy.pl\/blog\/wp-content\/uploads\/2021\/07\/artistic_apartment-300x200.jpg 300w, https:\/\/www.koronakarkonoszy.pl\/blog\/wp-content\/uploads\/2021\/07\/artistic_apartment-768x513.jpg 768w\" sizes=\"auto, (max-width: 800px) 100vw, 800px\" \/><figcaption class=\"wp-element-caption\"><strong>Salonik Aktora,<\/strong> <strong>Dw\u00f3r Korona Karkonoszy, Sosn\u00f3wka k. Karpacza<\/strong><\/figcaption><\/figure>\n\n\n\n<h2 class=\"wp-block-heading\" id=\"h-wesele-z-noclegiem-kto-pokrywa-koszty-noclegu\">Wesele z noclegiem \u2013 kto pokrywa koszty noclegu?<\/h2>\n\n\n\n<p>Organizacja \u015blubu to spory wydatek. Nocleg dla paru go\u015bci, kt\u00f3rzy przyje\u017cd\u017caj\u0105 z daleka, raczej nie b\u0119dzie du\u017cym obci\u0105\u017ceniem finansowym. W takim wypadku kwot\u0119 za zakwaterowanie warto wliczy\u0107 w <a href=\"https:\/\/www.koronakarkonoszy.pl\/blog\/kosztorys-wesela\/\" target=\"_blank\" rel=\"noreferrer noopener\"><strong>kosztorys wesela<\/strong><\/a>. Jest to wyraz szacunku i podzi\u0119kowania dla przyjezdnych.<\/p>\n\n\n<section id=\"leonardo-block_a18fc26a646851775b5d06d8dfdce5b7\" class=\"leonardo page-breaker leonardo-image-left\">\r\n    <div class=\"leonardo-body\">\r\n                <div class=\"leonardo-content\"><p>Problem mo\u017ce pojawi\u0107 si\u0119 wtedy, gdy wesele odb\u0119dzie si\u0119 z dala od miejsca zamieszkania wi\u0119kszo\u015bci go\u015bci. A teraz cz\u0119sto organizuje si\u0119 imprezy weselne w jakich\u015b atrakcyjnie turystycznie miejscach, na przyk\u0142ad <strong><a href=\"https:\/\/www.koronakarkonoszy.pl\/blog\/wesele-w-gorach-z-noclegiem\/\">wesele z noclegiem w g\u00f3rach<\/a><\/strong>\u00a0to bardzo popularny model. Jednak zapewnienie noclegu wszystkim weselnikom to dodatkowe koszty \u2013 cz\u0119sto niema\u0142e. Je\u015bli Wasze mo\u017cliwo\u015bci finansowe ogranicza \u015bcis\u0142y bud\u017cet, nie b\u00f3jcie si\u0119 poinformowa\u0107 o tym swoich go\u015bci. Najgorsze, co mo\u017cecie zrobi\u0107, to zostawi\u0107 przyjezdnych bez \u017cadnej opieki.<\/p>\n<p>Je\u015bli nie sta\u0107 Was na organizacj\u0119 wesela z noclegiem, do\u0142\u00f3\u017ccie wszelkich stara\u0144, aby jak najbardziej u\u0142atwi\u0107 go\u015bciom wynaj\u0119cie pokoi na w\u0142asn\u0105 r\u0119k\u0119. Przygotujcie list\u0119 obiekt\u00f3w wypoczynkowych usytuowanych w pobli\u017cu lokalu weselnego, w r\u00f3\u017cnych przedzia\u0142ach cenowych. Mo\u017cecie r\u00f3wnie\u017c stworzy\u0107 mapk\u0119, na kt\u00f3rej zaznaczycie drog\u0119 z poszczeg\u00f3lnych hoteli do USC\/ko\u015bcio\u0142a i sali weselnej.<\/p>\n<\/div>\r\n                    <aside class=\"leonardo-interlink\">\r\n                <b>Polecamy<\/b>\r\n                <a href=\"https:\/\/www.koronakarkonoszy.pl\/blog\/jak-wybrac-miejsce-na-wesele\/\">Jak wybra\u0107 miejsce na wesele?<\/a>\r\n            <\/aside>\r\n            <\/div>\r\n    <div class=\"leonardo-image\">\r\n        <img loading=\"lazy\" decoding=\"async\" width=\"1254\" height=\"835\" src=\"https:\/\/www.koronakarkonoszy.pl\/blog\/wp-content\/uploads\/2022\/01\/wesele-z-noclegiem_1.jpg\" class=\"attachment-full size-full\" alt=\"\" srcset=\"https:\/\/www.koronakarkonoszy.pl\/blog\/wp-content\/uploads\/2022\/01\/wesele-z-noclegiem_1.jpg 1254w, https:\/\/www.koronakarkonoszy.pl\/blog\/wp-content\/uploads\/2022\/01\/wesele-z-noclegiem_1-300x200.jpg 300w, https:\/\/www.koronakarkonoszy.pl\/blog\/wp-content\/uploads\/2022\/01\/wesele-z-noclegiem_1-1024x682.jpg 1024w, https:\/\/www.koronakarkonoszy.pl\/blog\/wp-content\/uploads\/2022\/01\/wesele-z-noclegiem_1-768x511.jpg 768w\" sizes=\"auto, (max-width: 1254px) 100vw, 1254px\" \/>            <\/div>\r\n<\/section>\n\n\n<h2 class=\"wp-block-heading\" id=\"ha-jak-zorganizowac-wesele-w-gorach-z-noclegiem\">Jak zorganizowa\u0107 wesele w g\u00f3rach z noclegiem?<\/h2>\n\n\n\n<p>Wesele w g\u00f3rach z noclegiem mo\u017ce by\u0107 \u015bwietnym sposobem na zorganizowanie wyj\u0105tkowego \u015blubu. G\u00f3rzyste regiony zwykle zapewniaj\u0105 przepi\u0119kne krajobrazy, przytulne hotele i wiele mo\u017cliwo\u015bci sp\u0119dzenia czasu na \u015bwie\u017cym powietrzu. W takim miejscu mo\u017cemy urz\u0105dzi\u0107 nie tylko wesele w sali, lecz tak\u017ce magiczny <a href=\"https:\/\/www.koronakarkonoszy.pl\/blog\/slub-w-plenerze-wszystko-co-warto-o-nim-wiedziec\/\" target=\"_blank\" rel=\"noreferrer noopener\"><strong>\u015blub w plenerze<\/strong><\/a>! Aby znale\u017a\u0107 odpowiednie miejsce na wesele w g\u00f3rach z noclegiem, mo\u017cesz rozwa\u017cy\u0107 nast\u0119puj\u0105ce kroki:<\/p>\n\n\n\n<figure class=\"wp-block-image size-full\"><img loading=\"lazy\" decoding=\"async\" width=\"800\" height=\"534\" src=\"https:\/\/www.koronakarkonoszy.pl\/blog\/wp-content\/uploads\/2021\/07\/sluby_w_ogrodzie__4_.jpg\" alt=\"\u015blub w ogrodzie\" class=\"wp-image-825\" srcset=\"https:\/\/www.koronakarkonoszy.pl\/blog\/wp-content\/uploads\/2021\/07\/sluby_w_ogrodzie__4_.jpg 800w, https:\/\/www.koronakarkonoszy.pl\/blog\/wp-content\/uploads\/2021\/07\/sluby_w_ogrodzie__4_-300x200.jpg 300w, https:\/\/www.koronakarkonoszy.pl\/blog\/wp-content\/uploads\/2021\/07\/sluby_w_ogrodzie__4_-768x513.jpg 768w\" sizes=\"auto, (max-width: 800px) 100vw, 800px\" \/><figcaption class=\"wp-element-caption\"><strong>Wesele w ogrodzie, Dw\u00f3r Korona Karkonoszy, Sosn\u00f3wka<\/strong><\/figcaption><\/figure>\n\n\n\n<h3 class=\"wp-block-heading\" id=\"ha-wybierz-gorski-region\">Wybierz g\u00f3rski region<\/h3>\n\n\n\n<p>Zdecyduj, w jakim g\u00f3rskim regionie chcia\u0142by\u015b zorganizowa\u0107 swoje wesele. Mog\u0105 to by\u0107 na przyk\u0142ad Karkonosze, w kt\u00f3rych zakocha\u0142e\u015b si\u0119 ju\u017c przy pierwszej studenckiej wyprawie. Na przyk\u0142ad urokliwa miejscowo\u015b\u0107 letniskowa Sosn\u00f3wka, po\u0142o\u017cona nad malowniczym zalewem. Znajdziemy tam stylowy Dw\u00f3r Korona Karkonoszy, w kt\u00f3rym odby\u0142o si\u0119 ju\u017c 780 wspania\u0142ych wesel!<\/p>\n\n\n\n<h3 class=\"wp-block-heading\" id=\"ha-znajdz-miejsca-swiadczace-uslugi-weselne\">Znajd\u017a miejsca \u015bwiadcz\u0105ce us\u0142ugi weselne<\/h3>\n\n\n\n<p>Przeszukaj Internet, skorzystaj z wyszukiwarek i portali \u015blubnych, aby znale\u017a\u0107 hotele, zamki, pa\u0142ace czy dworki oraz domy weselne i restauracje w wybranym regionie, kt\u00f3re oferuj\u0105 us\u0142ugi weselne wraz z noclegiem.<\/p>\n\n\n\n<figure class=\"wp-block-image size-full is-resized\"><img loading=\"lazy\" decoding=\"async\" width=\"819\" height=\"546\" src=\"https:\/\/www.koronakarkonoszy.pl\/blog\/wp-content\/uploads\/2022\/12\/wesele-wroclaw-Dwor-Korona-Karkonoszy-2.jpg\" alt=\"\" class=\"wp-image-6544\" style=\"width:819px;height:546px\" srcset=\"https:\/\/www.koronakarkonoszy.pl\/blog\/wp-content\/uploads\/2022\/12\/wesele-wroclaw-Dwor-Korona-Karkonoszy-2.jpg 819w, https:\/\/www.koronakarkonoszy.pl\/blog\/wp-content\/uploads\/2022\/12\/wesele-wroclaw-Dwor-Korona-Karkonoszy-2-300x200.jpg 300w, https:\/\/www.koronakarkonoszy.pl\/blog\/wp-content\/uploads\/2022\/12\/wesele-wroclaw-Dwor-Korona-Karkonoszy-2-768x512.jpg 768w\" sizes=\"auto, (max-width: 819px) 100vw, 819px\" \/><figcaption class=\"wp-element-caption\"><strong>Dw\u00f3r Korona Karkonoszy, Sosn\u00f3wka<\/strong> <strong>k. Karpacza <\/strong><\/figcaption><\/figure>\n\n\n\n<h3 class=\"wp-block-heading\" id=\"ha-skontaktuj-sie-z-wybranymi-lokalami\">Skontaktuj si\u0119 z wybranymi lokalami<\/h3>\n\n\n\n<p>Skontaktuj si\u0119 bezpo\u015brednio z wybranymi miejscami \u015bwiadcz\u0105cymi us\u0142ugi weselne w g\u00f3rach. Zapytaj o dost\u0119pno\u015b\u0107 termin\u00f3w, koszty, mo\u017cliwo\u015bci zakwaterowania dla go\u015bci oraz inne szczeg\u00f3\u0142y, kt\u00f3re s\u0105 dla Ciebie istotne. Mo\u017ce chcesz zorganizowa\u0107 <a href=\"https:\/\/www.koronakarkonoszy.pl\/blog\/kameralny-slub-w-gorach\/\" target=\"_blank\" rel=\"noreferrer noopener\"><strong>kameralny \u015blub w g\u00f3rach<\/strong><\/a>? Poszukaj klimatycznej, niezbyt du\u017cej <a href=\"https:\/\/www.koronakarkonoszy.pl\/blog\/sala-na-wesele-co-warto-wiedziec\/\" target=\"_blank\" rel=\"noreferrer noopener\"><strong>sali na wesele<\/strong><\/a>.<\/p>\n\n\n\n<h3 class=\"wp-block-heading\" id=\"ha-sprawdz-opinie-i-referencje\">Sprawd\u017a opinie i referencje<\/h3>\n\n\n\n<p>Przed podj\u0119ciem decyzji o wyborze miejsca na wesele w g\u00f3rach z noclegiem, warto sprawdzi\u0107 opinie innych Par M\u0142odych. Przeczytaj recenzje, popro\u015b o referencje i zobacz zdj\u0119cia z wcze\u015bniejszych wesel.<\/p>\n\n\n\n<figure class=\"wp-block-image size-large\"><img loading=\"lazy\" decoding=\"async\" width=\"1024\" height=\"577\" src=\"https:\/\/www.koronakarkonoszy.pl\/blog\/wp-content\/uploads\/2022\/12\/Sala-Zlota-Dwor-Korona-Karkonoszy-1024x577.jpg\" alt=\"\" class=\"wp-image-6532\" srcset=\"https:\/\/www.koronakarkonoszy.pl\/blog\/wp-content\/uploads\/2022\/12\/Sala-Zlota-Dwor-Korona-Karkonoszy-1024x577.jpg 1024w, https:\/\/www.koronakarkonoszy.pl\/blog\/wp-content\/uploads\/2022\/12\/Sala-Zlota-Dwor-Korona-Karkonoszy-300x169.jpg 300w, https:\/\/www.koronakarkonoszy.pl\/blog\/wp-content\/uploads\/2022\/12\/Sala-Zlota-Dwor-Korona-Karkonoszy-768x433.jpg 768w, https:\/\/www.koronakarkonoszy.pl\/blog\/wp-content\/uploads\/2022\/12\/Sala-Zlota-Dwor-Korona-Karkonoszy.jpg 1278w\" sizes=\"auto, (max-width: 1024px) 100vw, 1024px\" \/><figcaption class=\"wp-element-caption\"><strong>Sala Z\u0142ota, Dw\u00f3r Korona Karkonoszy, Sosn\u00f3wka<\/strong> <strong>k. Karpacza<\/strong><\/figcaption><\/figure>\n\n\n\n<h3 class=\"wp-block-heading\" id=\"ha-zaplanuj-dodatkowe-atrakcje\">Zaplanuj dodatkowe atrakcje<\/h3>\n\n\n\n<p>G\u00f3ry cz\u0119sto oferuj\u0105 wiele atrakcji turystycznych i mo\u017cliwo\u015bci sp\u0119dzania czasu na \u015bwie\u017cym powietrzu. Sprawd\u017a, jakie dodatkowe atrakcje s\u0105 dost\u0119pne w okolicy wybranego miejsca i czy mo\u017cna zorganizowa\u0107 dodatkowe aktywno\u015bci dla go\u015bci weselnych. Wesele w g\u00f3rach pomys\u0142y na aran\u017cacj\u0119 i zabawy dla go\u015bci mog\u0105 by\u0107 bardzo r\u00f3\u017cne \u2013 warto zaplanowa\u0107 co\u015b spektakularnego.<\/p>\n\n\n<section id=\"leonardo-block_e620a5d09e260f2dc112240bc6a1f28e\" class=\"leonardo page-breaker leonardo-image-right\">\r\n    <div class=\"leonardo-body\">\r\n                <div class=\"leonardo-content\"><p><!-- wp:heading --><\/p>\n<h3 id=\"ha-nocleg-dla-gosci-weselnych-kwestie-organizacyjne\">Nocleg dla go\u015bci weselnych \u2013 kwestie organizacyjne<\/h3>\n<p>Bez wzgl\u0119du na to, czy zdecydowali\u015bcie si\u0119 urz\u0105dzi\u0107 wesele z noclegiem w jednym obiekcie, czy zarezerwowali\u015bcie pokoje w innym hotelu, o szczeg\u00f3\u0142ach przedsi\u0119wzi\u0119cia powinni\u015bcie powiadomi\u0107 ka\u017cdego go\u015bcia. Przede wszystkim poinformujcie weselnik\u00f3w o terminie potwierdzenia rezerwacji, \u017ceby nie nara\u017ca\u0107 siebie (b\u0105d\u017a ich) na niepotrzebny stres. Dodatkowo przeka\u017ccie im informacje dotycz\u0105ce godzin meldowania i wymeldowania si\u0119 z obiektu, a tak\u017ce godziny i formy serwowania \u015bniadania. Je\u015bli go\u015bcie sami p\u0142ac\u0105 za nocleg, koniecznie dajcie im zna\u0107 o sposobie i terminie p\u0142atno\u015bci.<\/p>\n<p><!-- \/wp:paragraph --><\/p>\n<\/div>\r\n                    <aside class=\"leonardo-interlink\">\r\n                <b>Polecamy<\/b>\r\n                <a href=\"https:\/\/www.koronakarkonoszy.pl\/blog\/wesele-w-czwartek\/\">Czy huczne wesele w czwartek mo\u017ce si\u0119 uda\u0107?<\/a>\r\n            <\/aside>\r\n            <\/div>\r\n    <div class=\"leonardo-image\">\r\n        <img loading=\"lazy\" decoding=\"async\" width=\"800\" height=\"533\" src=\"https:\/\/www.koronakarkonoszy.pl\/blog\/wp-content\/uploads\/2021\/07\/pokoj_w_stylu_retro.jpg\" class=\"attachment-full size-full\" alt=\"pok\u00f3j w stylu retro\" srcset=\"https:\/\/www.koronakarkonoszy.pl\/blog\/wp-content\/uploads\/2021\/07\/pokoj_w_stylu_retro.jpg 800w, https:\/\/www.koronakarkonoszy.pl\/blog\/wp-content\/uploads\/2021\/07\/pokoj_w_stylu_retro-300x200.jpg 300w, https:\/\/www.koronakarkonoszy.pl\/blog\/wp-content\/uploads\/2021\/07\/pokoj_w_stylu_retro-768x512.jpg 768w\" sizes=\"auto, (max-width: 800px) 100vw, 800px\" \/>            <\/div>\r\n<\/section>\n\n\n<h3 class=\"wp-block-heading\" id=\"ha-wesele-z-noclegiem-ile-do-koperty\">Wesele z noclegiem ile do koperty?<\/h3>\n\n\n\n<p>Kwestia okre\u015blenia kwoty pieni\u0119dzy do umieszczenia w kopercie weselnej zale\u017cy od kilku czynnik\u00f3w, takich jak Twoje relacje z Par\u0105 M\u0142od\u0105, lokalne zwyczaje weselne, standardy panuj\u0105ce w Twoim regionie oraz Twoje mo\u017cliwo\u015bci finansowe. Istnieje wiele r\u00f3\u017cnych opinii i praktyk dotycz\u0105cych tej kwestii.<\/p>\n\n\n\n<p>Og\u00f3lnie rzecz bior\u0105c, warto rozwa\u017cy\u0107 koszty, jakie ponosi Para M\u0142oda. Chodzi o organizacj\u0119 wesela, w tym noclegi dla go\u015bci. W niekt\u00f3rych kulturach istniej\u0105 okre\u015blone zwyczaje dotycz\u0105ce prezent\u00f3w weselnych, w tym ustalone kwoty pieni\u0119dzy, kt\u00f3re nale\u017cy umie\u015bci\u0107 w kopercie weselnej. Mo\u017cna si\u0119 z nimi zapozna\u0107 i dostosowa\u0107 do lokalnych tradycji.<\/p>\n\n\n\n<p>Je\u015bli nie masz pewno\u015bci, jaka kwota jest odpowiednia, warto skonsultowa\u0107 si\u0119 z innymi go\u015b\u0107mi weselnymi, cz\u0142onkami rodziny lub przyjaci\u00f3\u0142mi, kt\u00f3rzy mog\u0105 mie\u0107 wi\u0119ksze do\u015bwiadczenie w zwyczajach weselnych. Mog\u0105 oni udzieli\u0107 wskaz\u00f3wek i podzieli\u0107 si\u0119 swoimi do\u015bwiadczeniami.<\/p>\n\n\n<section id=\"leonardo-block_3caefebba32db7ff10e543574718395d\" class=\"leonardo page-breaker leonardo-image-left\">\r\n    <div class=\"leonardo-body\">\r\n                <div class=\"leonardo-content\"><p><!-- wp:heading --><\/p>\n<h3 id=\"ha-co-powinno-zawierac-zaproszenie-na-wesele-z-noclegiem\">Co powinno zawiera\u0107 zaproszenie na wesele z noclegiem?<\/h3>\n<p>Zaproszenia dla go\u015bci powinno by\u0107 nie tylko eleganckie, ale tak\u017ce zawiera\u0107 najwa\u017cniejsze informacje. R\u00f3wnie\u017c zaproszenie na wesele z noclegiem powinno wskazywa\u0107 nie tylko miejsce, dat\u0119 i godzin\u0119 \u015blubu i wesela, ale r\u00f3wnie\u017c informacj\u0119 o mo\u017cliwo\u015bci noclegu. Nie musi natomiast zawiera\u0107 takich szczeg\u00f3\u0142\u00f3w, jak pocz\u0105tek i koniec doby hotelowej. R\u00f3wnie\u017c cena noclegu weselnego nie powinna by\u0107 na tym zaproszeniu widoczna. Osoby zainteresowane z \u0142atwo\u015bci\u0105 to ustal\u0105, wchodz\u0105c na strony obiektu lub kontaktuj\u0105c si\u0119 z narzeczonymi.<\/p>\n<p><!-- \/wp:paragraph --><\/p>\n<\/div>\r\n                    <aside class=\"leonardo-interlink\">\r\n                <b>Polecamy<\/b>\r\n                <a href=\"https:\/\/www.koronakarkonoszy.pl\/blog\/jaki-pojazd-wybrac-do-kosciola-czyli-czym-jechac-na-weselu\/\">Jaki pojazd wybra\u0107 do ko\u015bcio\u0142a &#8211; czyli czym jecha\u0107 na weselu?<\/a>\r\n            <\/aside>\r\n            <\/div>\r\n    <div class=\"leonardo-image\">\r\n        <img loading=\"lazy\" decoding=\"async\" width=\"1280\" height=\"938\" src=\"https:\/\/www.koronakarkonoszy.pl\/blog\/wp-content\/uploads\/2021\/07\/jak-zapraszac-na-wesele2.jpg\" class=\"attachment-full size-full\" alt=\"\" srcset=\"https:\/\/www.koronakarkonoszy.pl\/blog\/wp-content\/uploads\/2021\/07\/jak-zapraszac-na-wesele2.jpg 1280w, https:\/\/www.koronakarkonoszy.pl\/blog\/wp-content\/uploads\/2021\/07\/jak-zapraszac-na-wesele2-300x220.jpg 300w, https:\/\/www.koronakarkonoszy.pl\/blog\/wp-content\/uploads\/2021\/07\/jak-zapraszac-na-wesele2-1024x750.jpg 1024w, https:\/\/www.koronakarkonoszy.pl\/blog\/wp-content\/uploads\/2021\/07\/jak-zapraszac-na-wesele2-768x563.jpg 768w\" sizes=\"auto, (max-width: 1280px) 100vw, 1280px\" \/>            <\/div>\r\n<\/section>\n\n\n<h2 class=\"wp-block-heading\" id=\"ha-kto-placi-za-nocleg-dla-gosci\">Kto p\u0142aci za nocleg dla go\u015bci?<\/h2>\n\n\n\n<p><a href=\"https:\/\/www.koronakarkonoszy.pl\/blog\/kto-za-co-placi-na-weselu\/\" target=\"_blank\" rel=\"noreferrer noopener\"><strong>Kto za co p\u0142aci na weselu<\/strong> <\/a>to pytanie, kt\u00f3re zawsze zadaj\u0105 sobie narzeczeni. Za noclegi dla go\u015bci weselnych na og\u00f3\u0142 p\u0142aci organizator wesela. Najcz\u0119\u015bciej impreza weselna jest fundowana przez rodzic\u00f3w pa\u0144stwa m\u0142odych albo przez nich samych. Mo\u017cna te\u017c op\u0142aci\u0107 tylko sal\u0119 weseln\u0105 i ca\u0142e przyj\u0119cie \u015blubne, a go\u015bci poinformowa\u0107 o mo\u017cliwo\u015bci wynaj\u0119cia pokoi na miejscu wesela albo zaproponowa\u0107 co\u015b w pobli\u017cu. W tym wypadku wypada jasno ich o tym poinformowa\u0107. Taki wariant mo\u017ce sprawdzi\u0107 si\u0119 zw\u0142aszcza, je\u015bli miejsce wesela po\u0142o\u017cone jest w bardzo atrakcyjnymi miejscu. W\u00f3wczas cz\u0119\u015b\u0107 go\u015bci b\u0119dzie mog\u0142a przy okazji wesela zaplanowa\u0107 r\u00f3wnie\u017c kr\u00f3tki urlop w tej okolicy. Takie doskona\u0142e miejsce na wesele i odpoczynek to na przyk\u0142ad okolice Karpacza. Nasi go\u015bcie weselni pewnie ch\u0119tnie zwiedz\u0105 okolic\u0119 i dodatkowo skorzystaj\u0105 z niepowtarzalnego klimatu Karkonoszy.<\/p>\n\n\n<section id=\"leonardo-block_669889a1f4899d24148481d9ed2fa7c9\" class=\"leonardo page-breaker leonardo-image-right\">\r\n    <div class=\"leonardo-body\">\r\n                <div class=\"leonardo-content\"><p><!-- wp:heading --><\/p>\n<p>Chc\u0105c zapewni\u0107 noclegi dla weselnych go\u015bci szukajcie sal, dom\u00f3w weselnych albo hoteli, kt\u00f3re maj\u0105 r\u00f3wnie\u017c pokoje do wynaj\u0119cia na miejscu. Zapoznaj\u0105c si\u0119 z ofert\u0105 weseln\u0105, do\u0142\u00f3\u017cmy po prostu kryterium: <strong>noclegi dla go\u015bci weselnych na miejscu<\/strong>. A kiedy ju\u017c znajdziecie idealne miejsce na wesele, najlepiej jest od razu zarezerwowa\u0107 nocleg weselny dla przybli\u017conej liczby go\u015bci. Kiedy liczba nocleg\u00f3w b\u0119dzie ostatecznie ustalona, to warto jeszcze raz zweryfikowa\u0107 list\u0119 i potwierdzi\u0107 rezerwacje nocleg\u00f3w w wybranym obiekcie.<\/p>\n<p><!-- \/wp:paragraph --><\/p>\n<\/div>\r\n                    <aside class=\"leonardo-interlink\">\r\n                <b>Polecamy<\/b>\r\n                <a href=\"https:\/\/www.koronakarkonoszy.pl\/blog\/wesele-w-polsce\/\">Wesele w Polsce<\/a>\r\n            <\/aside>\r\n            <\/div>\r\n    <div class=\"leonardo-image\">\r\n        <img loading=\"lazy\" decoding=\"async\" width=\"1000\" height=\"857\" src=\"https:\/\/www.koronakarkonoszy.pl\/blog\/wp-content\/uploads\/2021\/07\/Stylowe_apartamenty_pokoje_saloniki.jpg\" class=\"attachment-full size-full\" alt=\"stylowe apartamenty pokoje saloniki\" srcset=\"https:\/\/www.koronakarkonoszy.pl\/blog\/wp-content\/uploads\/2021\/07\/Stylowe_apartamenty_pokoje_saloniki.jpg 1000w, https:\/\/www.koronakarkonoszy.pl\/blog\/wp-content\/uploads\/2021\/07\/Stylowe_apartamenty_pokoje_saloniki-300x257.jpg 300w, https:\/\/www.koronakarkonoszy.pl\/blog\/wp-content\/uploads\/2021\/07\/Stylowe_apartamenty_pokoje_saloniki-768x658.jpg 768w\" sizes=\"auto, (max-width: 1000px) 100vw, 1000px\" \/>            <\/div>\r\n<\/section>\n\n\n<h3 class=\"wp-block-heading\" id=\"ha-kwestia-ceny\">Kwestia ceny<\/h3>\n\n\n\n<p>Dla wielu os\u00f3b <a href=\"https:\/\/www.koronakarkonoszy.pl\/blog\/koszt-wesela-na-100-osob\/\" target=\"_blank\" rel=\"noreferrer noopener\"><strong>koszt wesela<\/strong><\/a> to spory wydatek. Dlatego te\u017c analizuj\u0105 one ka\u017cd\u0105 pozycj\u0119 weselnego bud\u017cetu i pr\u00f3buj\u0105 na czym\u015b zaoszcz\u0119dzi\u0107. Czy w pozycji \u201enoclegi dla go\u015bci weselnych\u201d r\u00f3wnie\u017c da si\u0119 to zrobi\u0107? Wyb\u00f3r sali weselnej wed\u0142ug tego kryterium te\u017c jest mo\u017cliwy. Sporo hoteli posiada sale weselne i bankietowe, a tak\u017ce oczywi\u015bcie wolne pokoje. Zaleta organizacji wesela z du\u017cym wyprzedzeniem jest taka, \u017ce zawsze mo\u017cna negocjowa\u0107 ceny. W niekt\u00f3rych obiektach jednak rezerwacja sali weselnej, wyb\u00f3r menu weselnego i liczba pokoi dla go\u015bci weselnej decyduje o tym, jaka b\u0119dzie cena minimalna. Chodzi o to, \u017ce organizacja bardzo ma\u0142ego przyj\u0119cia weselnego, na przyk\u0142ad przyj\u0119cia weselnego do 30 os\u00f3b,&nbsp; w takich obiektach mo\u017ce si\u0119 po prostu w\u0142a\u015bcicielowi nie op\u0142aca\u0107.<\/p>\n\n\n\n<figure class=\"wp-block-image size-large\"><a href=\"https:\/\/www.koronakarkonoszy.pl\/wesele\/\" target=\"_blank\" rel=\"noreferrer noopener\"><img loading=\"lazy\" decoding=\"async\" width=\"1024\" height=\"512\" src=\"https:\/\/www.koronakarkonoszy.pl\/blog\/wp-content\/uploads\/2022\/06\/stylowy_dwor_wesleny_DKK-3-1024x512.jpg\" alt=\"\" class=\"wp-image-4637\" srcset=\"https:\/\/www.koronakarkonoszy.pl\/blog\/wp-content\/uploads\/2022\/06\/stylowy_dwor_wesleny_DKK-3-1024x512.jpg 1024w, https:\/\/www.koronakarkonoszy.pl\/blog\/wp-content\/uploads\/2022\/06\/stylowy_dwor_wesleny_DKK-3-300x150.jpg 300w, https:\/\/www.koronakarkonoszy.pl\/blog\/wp-content\/uploads\/2022\/06\/stylowy_dwor_wesleny_DKK-3-768x384.jpg 768w, https:\/\/www.koronakarkonoszy.pl\/blog\/wp-content\/uploads\/2022\/06\/stylowy_dwor_wesleny_DKK-3.jpg 1200w\" sizes=\"auto, (max-width: 1024px) 100vw, 1024px\" \/><\/a><\/figure>\n\n\n\n<p>W tym kontek\u015bcie wesele z noclegiem gratis, cho\u0107by tylko dla Pary M\u0142odej, mo\u017ce si\u0119 ju\u017c op\u0142aca\u0107. Wynaj\u0119cie luksusowego apartamentu dla nowo\u017ce\u0144c\u00f3w w drogim hotelu mo\u017ce czasem r\u00f3wna\u0107 si\u0119 cenie sporej cz\u0119\u015bci wesela w mniejszym domu weselnym.<\/p>\n\n\n\n<figure class=\"wp-block-image size-large\"><img loading=\"lazy\" decoding=\"async\" width=\"1024\" height=\"683\" src=\"https:\/\/www.koronakarkonoszy.pl\/blog\/wp-content\/uploads\/2021\/01\/altana-dkk-1024x683.jpg\" alt=\"\" class=\"wp-image-7161\" srcset=\"https:\/\/www.koronakarkonoszy.pl\/blog\/wp-content\/uploads\/2021\/01\/altana-dkk-1024x683.jpg 1024w, https:\/\/www.koronakarkonoszy.pl\/blog\/wp-content\/uploads\/2021\/01\/altana-dkk-300x200.jpg 300w, https:\/\/www.koronakarkonoszy.pl\/blog\/wp-content\/uploads\/2021\/01\/altana-dkk-768x512.jpg 768w, https:\/\/www.koronakarkonoszy.pl\/blog\/wp-content\/uploads\/2021\/01\/altana-dkk.jpg 1392w\" sizes=\"auto, (max-width: 1024px) 100vw, 1024px\" \/><figcaption class=\"wp-element-caption\"><strong>Altana na \u015blub w plenerze,<\/strong> <strong>Dw\u00f3r Korona Karkonoszy, Sosn\u00f3wka<\/strong> <strong>k. Karpacza<\/strong><\/figcaption><\/figure>\n\n\n\n<h2 class=\"wp-block-heading\" id=\"ha-dom-weselny-z-noclegiem\">Dom weselny z noclegiem<\/h2>\n\n\n\n<p>Dla wielu z nas \u015blub i wesele jest naprawd\u0119 wyj\u0105tkowym prze\u017cyciem. Dlatego tak istotne jest, \u017ceby najbli\u017csi M\u0142odej Pary, ich przyjaciele i rodzina mogli uczestniczy\u0107 w tej uroczysto\u015bci. Do tego, by go\u015bci weselnych by\u0142o jak najwi\u0119cej, trzeba zorganizowa\u0107 nocleg weselny. Dlatego zanim zdecydujemy si\u0119 zarezerwowa\u0107 sal\u0119 weseln\u0105 sprawd\u017amy, czy oferuje ona r\u00f3wnie\u017c <strong>noclegi go\u015bci przyj\u0119cia weselnego<\/strong>. Mog\u0105 one r\u00f3wnie\u017c by\u0107 w miar\u0119 blisko sali weselnej tak, aby swobodnie i wygodnie mo\u017cna by\u0142o doj\u015b\u0107 tam r\u00f3wnie\u017c na chwil\u0119 w trakcie trwania wesela. Istotne to b\u0119dzie zw\u0142aszcza dla Pary M\u0142odej, kt\u00f3ra mo\u017ce chcie\u0107 zmieni\u0107 kreacj\u0119 lub si\u0119 od\u015bwie\u017cy\u0107. Dla takich os\u00f3b<strong> dom weselny z noclegiem b\u0119dzie \u015bwietnym rozwi\u0105zaniem<\/strong>.<\/p>\n\n\n\n<h2 class=\"wp-block-heading\" id=\"ha-wesele-z-noclegiem-dolny-slask-gdzie-szukac\">Wesele z noclegiem Dolny \u015al\u0105sk &#8211; gdzie szuka\u0107?<\/h2>\n\n\n\n<p>Chc\u0105c zorganizowa\u0107 wymarzone <strong>przyj\u0119cie \u015blubne na Dolnym \u015al\u0105sku<\/strong>, musimy przede wszystkim znale\u017a\u0107 odpowiedni\u0105 sal\u0119 weseln\u0105. Takie wymarzone miejsce na \u015blub to dla wielu os\u00f3b po\u0142o\u017cone na Dolnym \u015al\u0105sku Karkonosze, a zaw\u0142aszcza okolice Karpacza i Szklarskiej Por\u0119by. Na szcz\u0119\u015bcie dla Par M\u0142odych jest tu sporo hoteli, dwork\u00f3w i pa\u0142ac\u00f3w, w kt\u00f3rych uroczysto\u015b\u0107 weselna zyska dodatkowo eleganck\u0105 opraw\u0119. Na przyk\u0142ad w Sosn\u00f3wce ko\u0142o Karpacza znajdziemy stylowy Dw\u00f3r Korona Karkonoszy. Jest tu nie tylko bardzo oryginalna Dworska Sala Balowa, wysoka na 9 metr\u00f3w, ale tak\u017ce wiele apartament\u00f3w i butikowych pokoi na nocleg dla go\u015bci weselnych. <strong>Wesele Dolny \u015al\u0105sk<\/strong> to opcja na pewno warta rozwa\u017cenia.<\/p>\n\n\n\n<h2 class=\"wp-block-heading\" id=\"ha-wesele-z-noclegiem-korzysci-dla-gosci-i-organizatorow\">Wesele z noclegiem \u2013 korzy\u015bci dla go\u015bci i organizator\u00f3w<\/h2>\n\n\n\n<p>Organizacja <strong>wesela z noclegiem<\/strong> przynosi korzy\u015bci zar\u00f3wno dla Pary M\u0142odej, jak i zaproszonych go\u015bci. Przede wszystkim, zapewnienie zakwaterowania eliminuje problem powrotu po uroczysto\u015bci, co jest szczeg\u00f3lnie istotne, gdy sale weselneznajduj\u0105 si\u0119 w odleg\u0142ych lokalizacjach. Go\u015bcie mog\u0105 w pe\u0142ni cieszy\u0107 si\u0119 zabaw\u0105, nie martwi\u0105c si\u0119 o transport czy ograniczenia czasowe. Wiele par w Polsce decyduje si\u0119 na <a href=\"https:\/\/www.koronakarkonoszy.pl\/blog\/wesele-w-polsce\/\"><strong>wesele w Polsce<\/strong><\/a> z noclegiem, wybieraj\u0105c miejsca oferuj\u0105ce pi\u0119kne widoki i komfort.<\/p>\n\n\n\n<h2 class=\"wp-block-heading\" id=\"ha-wybor-odpowiedniej-lokalizacji-na-wesele-z-noclegiem\">Wyb\u00f3r odpowiedniej lokalizacji na wesele z noclegiem<\/h2>\n\n\n\n<p>Decyduj\u0105c si\u0119 na <strong>wesele z noclegiem<\/strong>, kluczowe jest wybranie odpowiedniej lokalizacji, kt\u00f3ra spe\u0142ni oczekiwania zar\u00f3wno Pary M\u0142odej, jak i go\u015bci. <strong>Sale weselne z noclegiem<\/strong> w malowniczych miejscach, takich jak g\u00f3ry czy nadmorskie kurorty, oferuj\u0105 mo\u017cliwo\u015b\u0107 po\u0142\u0105czenia uroczysto\u015bci z kr\u00f3tkim wypoczynkiem. Przyk\u0142adem takiego miejsca jest <a href=\"https:\/\/www.koronakarkonoszy.pl\/\"><strong>Dw\u00f3r Korona Karkonoszy<\/strong><\/a>, kt\u00f3ry \u0142\u0105czy eleganckie wn\u0119trza z komfortowymi pokojami dla go\u015bci. Organizuj\u0105c <a href=\"https:\/\/www.koronakarkonoszy.pl\/blog\/wesele-w-gorach-z-noclegiem\/\"><strong>wesele z noclegiem w g\u00f3rach<\/strong><\/a>, Para M\u0142oda zapewnia swoim go\u015bciom niezapomniane chwile w niezwyk\u0142ej scenerii.<\/p>\n\n\n\n<h2 class=\"wp-block-heading\" id=\"ha-koszty-i-organizacja-wesela-z-noclegiem\">Koszty i organizacja wesela z noclegiem<\/h2>\n\n\n\n<p>Planowanie <strong>wesela z noclegiem<\/strong> wi\u0105\u017ce si\u0119 z dodatkowymi kosztami, jednak odpowiednie podej\u015bcie mo\u017ce przynie\u015b\u0107 wiele korzy\u015bci. Warto rozwa\u017cy\u0107 negocjacje z obiektem w celu uzyskania korzystniejszych cen za zakwaterowanie dla go\u015bci. Niekt\u00f3re <strong>sale weselne z noclegiem<\/strong> oferuj\u0105 pakiety, kt\u00f3re obejmuj\u0105 zar\u00f3wno wynajem sali, jak i noclegi, co mo\u017ce by\u0107 bardziej op\u0142acalne przy organizacji <a href=\"https:\/\/www.koronakarkonoszy.pl\/wesele\/\"><strong>wesela w g\u00f3rach<\/strong><\/a>. Dobrze zorganizowane <strong>wesele z noclegiem<\/strong> to inwestycja w komfort i zadowolenie wszystkich uczestnik\u00f3w uroczysto\u015bci.<\/p>\n\n\n\n<h2 class=\"wp-block-heading\" id=\"ha-jak-zaplanowac-transport-dla-gosci-weselnych\">Jak zaplanowa\u0107 transport dla go\u015bci weselnych?<\/h2>\n\n\n\n<p>Organizuj\u0105c <strong>wesele z noclegiem<\/strong>, warto zadba\u0107 o transport go\u015bci. Wynaj\u0119cie autokaru, kt\u00f3ry przewiezie uczestnik\u00f3w z ceremonii do obiektu noclegowego, zapewni komfort i bezpiecze\u0144stwo. Je\u015bli na miejscu jest ma\u0142o miejsc parkingowych, warto poinformowa\u0107 o tym wcze\u015bniej i zasugerowa\u0107 wsp\u00f3lne przejazdy. Dobrze jest tak\u017ce przygotowa\u0107 informacje o dost\u0119pnych po\u0142\u0105czeniach komunikacyjnych dla przyjezdnych. W przypadku os\u00f3b starszych i z niepe\u0142nosprawno\u015bciami nale\u017cy sprawdzi\u0107 mo\u017cliwo\u015b\u0107 zapewnienia transportu dostosowanego do ich potrzeb. Koordynacja przejazd\u00f3w pozwoli unikn\u0105\u0107 chaosu i sprawi, \u017ce <strong>wesele z noclegiem<\/strong> b\u0119dzie przebiega\u0107 p\u0142ynnie.<\/p>\n\n\n\n<h2 class=\"wp-block-heading\" id=\"ha-przygotowanie-hotelu-na-wesele-z-noclegiem-o-co-warto-zapytac-obsluge\">Przygotowanie hotelu na wesele z noclegiem \u2013 o co warto zapyta\u0107 obs\u0142ug\u0119?<\/h2>\n\n\n\n<p>Planuj\u0105c <strong>wesele z noclegiem<\/strong>, warto om\u00f3wi\u0107 szczeg\u00f3\u0142y z obs\u0142ug\u0105 hotelu. Nale\u017cy zapyta\u0107 o standard pokoi i ewentualne pakiety dla nowo\u017ce\u0144c\u00f3w. Wa\u017cne jest r\u00f3wnie\u017c ustalenie godzin zameldowania i wymeldowania, zw\u0142aszcza gdy impreza potrwa do p\u00f3\u017ana. Warto upewni\u0107 si\u0119, czy hotel oferuje \u015bniadanie dla go\u015bci oraz posiada miejsca parkingowe. Dobrze zaplanowane <strong>wesele z noclegiem<\/strong> to gwarancja wygody i zadowolenia uczestnik\u00f3w.<\/p>\n\n\n\n<h2 class=\"wp-block-heading\" id=\"ha-atrakcje-dla-gosci-na-wesele-z-noclegiem\">Atrakcje dla go\u015bci na wesele z noclegiem<\/h2>\n\n\n\n<p>Organizuj\u0105c <strong>wesele z noclegiem<\/strong>, warto zadba\u0107 o dodatkowe atrakcje dla go\u015bci \u2013 jeszcze przed i po g\u0142\u00f3wnej uroczysto\u015bci. W malowniczych Karkonoszach doskona\u0142ym pomys\u0142em b\u0119d\u0105 spacery po g\u00f3rskich szlakach, kt\u00f3re sprzyjaj\u0105 integracji i aktywnemu wypoczynkowi. Dla os\u00f3b ceni\u0105cych histori\u0119 mo\u017cna zaplanowa\u0107 zwiedzanie pa\u0142ac\u00f3w i lokalnych zabytk\u00f3w, co wzbogaci weekendowy pobyt. Wiele obiekt\u00f3w oferuj\u0105cych <strong>wesele z noclegiem<\/strong> dysponuje strefami wellness, kt\u00f3re pozwalaj\u0105 si\u0119 zrelaksowa\u0107 po podr\u00f3\u017cy lub tanecznej nocy. Wieczorne grillowanie lub wsp\u00f3lne ognisko to kolejna okazja do rozm\u00f3w i budowania wi\u0119zi mi\u0119dzy rodzinami. Dzi\u0119ki takiemu podej\u015bciu <strong>wesele z noclegiem<\/strong> zyskuje wymiar ca\u0142ego, wyj\u0105tkowego weekendu, a nie tylko jednego wieczoru.<\/p>\n\n\n\n<h2 class=\"wp-block-heading\" id=\"ha-jak-wybrac-idealny-obiekt-na-wesele-z-noclegiem\">Jak wybra\u0107 idealny obiekt na wesele z noclegiem?<\/h2>\n\n\n\n<p>Planuj\u0105c <strong>wesele z noclegiem<\/strong>, warto uwa\u017cnie przeanalizowa\u0107 ofert\u0119 wybranego miejsca. Przede wszystkim nale\u017cy sprawdzi\u0107, czy obiekt pomie\u015bci wszystkich go\u015bci \u2013 zar\u00f3wno w sali, jak i pokojach. R\u00f3wnie istotna jest lokalizacja \u2013 po\u0142o\u017cenie w atrakcyjnym otoczeniu to ogromny atut, kt\u00f3ry wp\u0142ywa na klimat wydarzenia. Wysoki standard pokoi i udogodnienia, takie jak restauracja czy strefa relaksu, zdecydowanie podnosz\u0105 komfort pobytu. Opinie wcze\u015bniejszych par, kt\u00f3re zorganizowa\u0142y <strong>wesele z noclegiem<\/strong>, mog\u0105 pom\u00f3c w podj\u0119ciu decyzji i unikni\u0119ciu rozczarowa\u0144. Dobry kontakt z obs\u0142ug\u0105 i elastyczno\u015b\u0107 w realizacji pomys\u0142\u00f3w to kolejne atuty, kt\u00f3re warto wzi\u0105\u0107 pod uwag\u0119.<\/p>\n\n\n\n<h2 class=\"wp-block-heading\" id=\"ha-wesele-z-noclegiem-zima-czy-latem\">Wesele z noclegiem zim\u0105 czy latem?<\/h2>\n\n\n\n<p>Sezon, w kt\u00f3rym odbywa si\u0119 <strong>wesele z noclegiem<\/strong>, ma du\u017ce znaczenie dla ca\u0142ej oprawy uroczysto\u015bci. Lato kusi d\u0142ugimi dniami, ceremoniami w plenerze i zabaw\u0105 na \u015bwie\u017cym powietrzu. Zim\u0105 z kolei mo\u017cna liczy\u0107 na magiczn\u0105 atmosfer\u0119, \u015bnie\u017cne krajobrazy i romantyczne wn\u0119trza z kominkiem. Wiele obiekt\u00f3w oferuj\u0105cych <strong>wesele z noclegiem<\/strong> dostosowuje swoje pakiety do sezonu \u2013 latem proponuj\u0105c ogrody i tarasy, a zim\u0105 kuligi lub gor\u0105ce napoje przy ognisku. Wyb\u00f3r odpowiedniego terminu powinien uwzgl\u0119dnia\u0107 tak\u017ce preferencje go\u015bci \u2013 niekt\u00f3rzy lepiej czuj\u0105 si\u0119 latem, inni wol\u0105 zimow\u0105 aur\u0119. Bez wzgl\u0119du na por\u0119 roku, dobrze zaplanowane <strong>wesele z noclegiem<\/strong> to gwarancja niezapomnianych wra\u017ce\u0144 i komfortowego wypoczynku dla wszystkich.<\/p>\n\n\n\n<h2 class=\"wp-block-heading\" id=\"ha-dlaczego-warto-postawic-na-wesele-z-noclegiem\">Dlaczego warto postawi\u0107 na wesele z noclegiem?<\/h2>\n\n\n\n<p>Organizacja <strong>wesela z noclegiem<\/strong> to nie tylko wygoda dla go\u015bci, ale tak\u017ce spos\u00f3b na stworzenie niezapomnianej atmosfery \u015bwi\u0119towania. Zapewniaj\u0105c zakwaterowanie na miejscu, eliminujemy konieczno\u015b\u0107 organizowania transportu po przyj\u0119ciu, co zwi\u0119ksza komfort i bezpiecze\u0144stwo uczestnik\u00f3w. Dodatkowo, go\u015bcie mog\u0105 w pe\u0142ni cieszy\u0107 si\u0119 uroczysto\u015bci\u0105, nie martwi\u0105c si\u0119 o powr\u00f3t do domu. Wybieraj\u0105c <strong>sale weselne z noclegiem<\/strong>, zyskujemy mo\u017cliwo\u015b\u0107 przed\u0142u\u017cenia \u015bwi\u0119towania do nast\u0119pnego dnia, organizuj\u0105c poprawiny czy wsp\u00f3lne \u015bniadanie. Takie rozwi\u0105zanie sprzyja integracji rodzin i przyjaci\u00f3\u0142, tworz\u0105c okazj\u0119 do bli\u017cszego poznania si\u0119 w swobodnej atmosferze. Decyduj\u0105c si\u0119 na <strong>sale weselne z noclegiem<\/strong>, inwestujemy w kompleksow\u0105 obs\u0142ug\u0119 i komfort, kt\u00f3ry doceni\u0105 wszyscy uczestnicy uroczysto\u015bci.<\/p>\n\n\n\n<h2 class=\"wp-block-heading\" id=\"ha-wesele-z-dziecmi-jak-zorganizowac-nocleg\">Wesele z dzie\u0107mi \u2013 jak zorganizowa\u0107 nocleg?<\/h2>\n\n\n\n<p>Planuj\u0105c <strong>wesele z noclegiem<\/strong>, warto szczeg\u00f3lnie zadba\u0107 o potrzeby najm\u0142odszych uczestnik\u00f3w uroczysto\u015bci. Dzieci wymagaj\u0105 odpowiednich warunk\u00f3w do odpoczynku i zabawy, dlatego wybieraj\u0105c <strong>sale weselne z noclegiem<\/strong>, nale\u017cy upewni\u0107 si\u0119, \u017ce obiekt oferuje pokoje rodzinne lub mo\u017cliwo\u015b\u0107 dostawienia \u0142\u00f3\u017ceczek dzieci\u0119cych. Dodatkowo, warto zorganizowa\u0107 k\u0105cik zabaw z animatorami, co pozwoli rodzicom na swobodne uczestnictwo w przyj\u0119ciu. Obiekty oferuj\u0105ce <strong>wesele z noclegiem<\/strong> cz\u0119sto dysponuj\u0105 przestrzeniami na \u015bwie\u017cym powietrzu, gdzie dzieci mog\u0105 bezpiecznie si\u0119 bawi\u0107. Wybieraj\u0105c <strong>sale weselne z noclegiem<\/strong>, kt\u00f3re s\u0105 przyjazne rodzinom z dzie\u0107mi, tworzymy warunki, w kt\u00f3rych wszyscy go\u015bcie, niezale\u017cnie od wieku, b\u0119d\u0105 mogli w pe\u0142ni cieszy\u0107 si\u0119 uroczysto\u015bci\u0105.<\/p>\n\n\n\n<figure class=\"wp-block-image size-full\"><img loading=\"lazy\" decoding=\"async\" width=\"800\" height=\"530\" src=\"https:\/\/www.koronakarkonoszy.pl\/blog\/wp-content\/uploads\/2021\/07\/zima-Dwor_Korona_Karkonoszy_Dworska_Sala_Balowa.jpg\" alt=\"zima Dw\u00f3r Korona Karkonoszy Dworska Sala Balowa\" class=\"wp-image-743\" srcset=\"https:\/\/www.koronakarkonoszy.pl\/blog\/wp-content\/uploads\/2021\/07\/zima-Dwor_Korona_Karkonoszy_Dworska_Sala_Balowa.jpg 800w, https:\/\/www.koronakarkonoszy.pl\/blog\/wp-content\/uploads\/2021\/07\/zima-Dwor_Korona_Karkonoszy_Dworska_Sala_Balowa-300x199.jpg 300w, https:\/\/www.koronakarkonoszy.pl\/blog\/wp-content\/uploads\/2021\/07\/zima-Dwor_Korona_Karkonoszy_Dworska_Sala_Balowa-768x509.jpg 768w\" sizes=\"auto, (max-width: 800px) 100vw, 800px\" \/><figcaption class=\"wp-element-caption\"><strong>Dworska Sala Balowa, Dw\u00f3r Korona Karkonoszy, Sosn\u00f3wka k. Karpacza <\/strong><\/figcaption><\/figure>\n\n\n<style>\n  .destination_map {\n    margin: 1.5em 0;\n  }\n\n  body:not(.wp-admin) .admin {\n    display: none;\n  }\n\n  .map {\n    max-width: 800px;\n    height: 400px;\n  }\n\n  .wp-admin .map {\n    display: none;\n  }\n<\/style>\n\n<div id=\"destination_map-block_c7f148e968776ca3c231f645f2f08162\" class=\"destination_map\">\n  <div class=\"destinationmap-body admin\" style=\"background-color: lightblue;\">\n        Mapa dojazdu\n  <\/div>\n  <div id=\"block_c7f148e968776ca3c231f645f2f08162\" class=\"map\"><\/div>\n<\/div>\n\n<script>\n  (function($) {\n\n    function mapLocation() {\n      var directionsDisplay;\n      var directionsService = new google.maps.DirectionsService();\n      var map;\n\n      function initialize() {\n        var pos = new google.maps.LatLng(50.8190591, 15.7212853);\n        var mapOptions = {\n          zoom: 11,\n          center: pos\n        };\n        map = new google.maps.Map(document.getElementById('block_c7f148e968776ca3c231f645f2f08162'), mapOptions);\n\n        var marker = new google.maps.Marker({\n          position: pos,\n          map: map\n        });\n\n      }\n\n      google.maps.event.addDomListener(window, 'load', initialize);\n    }\n    mapLocation();\n\n  })(jQuery);\n<\/script>","protected":false},"excerpt":{"rendered":"<p>Wesele to czas radosnego biesiadowania. To szcz\u0119\u015bliwe celebrowanie nowego etapu w \u017cyciu zakochanych. Prawdziwe \u015bwi\u0119to mi\u0142o\u015bci, kt\u00f3re nie mo\u017ce oby\u0107 si\u0119 bez najbli\u017cszych. Narzeczeni powinni zadba\u0107 o komfort i dobre samopoczucie swoich go\u015bci. Zar\u00f3wno przed, jak i w trakcie oraz po przyj\u0119ciu. W niekt\u00f3rych przypadkach najlepszym rozwi\u0105zaniem jest wesele z noclegiem. Jak zorganizowa\u0107 takie przedsi\u0119wzi\u0119cie? [&hellip;]<\/p>\n","protected":false},"author":11,"featured_media":2613,"comment_status":"closed","ping_status":"closed","sticky":false,"template":"","format":"standard","meta":{"_acf_changed":false,"footnotes":""},"categories":[2,11],"class_list":["post-2609","post","type-post","status-publish","format-standard","has-post-thumbnail","hentry","category-porady","category-sala-weselna"],"acf":[],"yoast_head":"<!-- This site is optimized with the Yoast SEO plugin v27.5 - https:\/\/yoast.com\/product\/yoast-seo-wordpress\/ -->\n<title>Wesele z noclegiem \u2013 korzy\u015bci i organizacja przyj\u0119cia<\/title>\n<meta name=\"description\" content=\"Wesele z noclegiem to komfort dla go\u015bci i mniej stresu dla pary m\u0142odej. Poznaj zalety takiego rozwi\u0105zania i dowiedz si\u0119, jak je zorganizowa\u0107.\" \/>\n<meta name=\"robots\" content=\"index, follow, max-snippet:-1, max-image-preview:large, max-video-preview:-1\" \/>\n<link rel=\"canonical\" href=\"https:\/\/www.koronakarkonoszy.pl\/blog\/wesele-z-noclegiem\/\" \/>\n<meta property=\"og:locale\" content=\"pl_PL\" \/>\n<meta property=\"og:type\" content=\"article\" \/>\n<meta property=\"og:title\" content=\"Wesele z noclegiem \u2013 korzy\u015bci i organizacja przyj\u0119cia\" \/>\n<meta property=\"og:description\" content=\"Wesele z noclegiem to komfort dla go\u015bci i mniej stresu dla pary m\u0142odej. Poznaj zalety takiego rozwi\u0105zania i dowiedz si\u0119, jak je zorganizowa\u0107.\" \/>\n<meta property=\"og:url\" content=\"https:\/\/www.koronakarkonoszy.pl\/blog\/wesele-z-noclegiem\/\" \/>\n<meta property=\"og:site_name\" content=\":: Blog weselny\" \/>\n<meta property=\"article:published_time\" content=\"2024-07-03T06:22:00+00:00\" \/>\n<meta property=\"article:modified_time\" content=\"2025-05-23T11:47:32+00:00\" \/>\n<meta property=\"og:image\" content=\"https:\/\/www.koronakarkonoszy.pl\/blog\/wp-content\/uploads\/2022\/01\/wesele-z-noclegiem_.jpg\" \/>\n\t<meta property=\"og:image:width\" content=\"1254\" \/>\n\t<meta property=\"og:image:height\" content=\"835\" \/>\n\t<meta property=\"og:image:type\" content=\"image\/jpeg\" \/>\n<meta name=\"author\" content=\"agnieszka\" \/>\n<meta name=\"twitter:card\" content=\"summary_large_image\" \/>\n<meta name=\"twitter:label1\" content=\"Napisane przez\" \/>\n\t<meta name=\"twitter:data1\" content=\"agnieszka\" \/>\n\t<meta name=\"twitter:label2\" content=\"Szacowany czas czytania\" \/>\n\t<meta name=\"twitter:data2\" content=\"20 minut\" \/>\n<script type=\"application\/ld+json\" class=\"yoast-schema-graph\">{\"@context\":\"https:\\\/\\\/schema.org\",\"@graph\":[{\"@type\":\"Article\",\"@id\":\"https:\\\/\\\/www.koronakarkonoszy.pl\\\/blog\\\/wesele-z-noclegiem\\\/#article\",\"isPartOf\":{\"@id\":\"https:\\\/\\\/www.koronakarkonoszy.pl\\\/blog\\\/wesele-z-noclegiem\\\/\"},\"author\":{\"name\":\"agnieszka\",\"@id\":\"https:\\\/\\\/www.koronakarkonoszy.pl\\\/blog\\\/#\\\/schema\\\/person\\\/ec8c88bd01ebe6cbf6a16435ce22276f\"},\"headline\":\"Wesele z noclegiem \u2013 co warto wiedzie\u0107?\",\"datePublished\":\"2024-07-03T06:22:00+00:00\",\"dateModified\":\"2025-05-23T11:47:32+00:00\",\"mainEntityOfPage\":{\"@id\":\"https:\\\/\\\/www.koronakarkonoszy.pl\\\/blog\\\/wesele-z-noclegiem\\\/\"},\"wordCount\":3648,\"image\":{\"@id\":\"https:\\\/\\\/www.koronakarkonoszy.pl\\\/blog\\\/wesele-z-noclegiem\\\/#primaryimage\"},\"thumbnailUrl\":\"https:\\\/\\\/www.koronakarkonoszy.pl\\\/blog\\\/wp-content\\\/uploads\\\/2022\\\/01\\\/wesele-z-noclegiem_.jpg\",\"articleSection\":[\"Porady\",\"Sala weselna\"],\"inLanguage\":\"pl-PL\"},{\"@type\":\"WebPage\",\"@id\":\"https:\\\/\\\/www.koronakarkonoszy.pl\\\/blog\\\/wesele-z-noclegiem\\\/\",\"url\":\"https:\\\/\\\/www.koronakarkonoszy.pl\\\/blog\\\/wesele-z-noclegiem\\\/\",\"name\":\"Wesele z noclegiem \u2013 korzy\u015bci i organizacja przyj\u0119cia\",\"isPartOf\":{\"@id\":\"https:\\\/\\\/www.koronakarkonoszy.pl\\\/blog\\\/#website\"},\"primaryImageOfPage\":{\"@id\":\"https:\\\/\\\/www.koronakarkonoszy.pl\\\/blog\\\/wesele-z-noclegiem\\\/#primaryimage\"},\"image\":{\"@id\":\"https:\\\/\\\/www.koronakarkonoszy.pl\\\/blog\\\/wesele-z-noclegiem\\\/#primaryimage\"},\"thumbnailUrl\":\"https:\\\/\\\/www.koronakarkonoszy.pl\\\/blog\\\/wp-content\\\/uploads\\\/2022\\\/01\\\/wesele-z-noclegiem_.jpg\",\"datePublished\":\"2024-07-03T06:22:00+00:00\",\"dateModified\":\"2025-05-23T11:47:32+00:00\",\"author\":{\"@id\":\"https:\\\/\\\/www.koronakarkonoszy.pl\\\/blog\\\/#\\\/schema\\\/person\\\/ec8c88bd01ebe6cbf6a16435ce22276f\"},\"description\":\"Wesele z noclegiem to komfort dla go\u015bci i mniej stresu dla pary m\u0142odej. Poznaj zalety takiego rozwi\u0105zania i dowiedz si\u0119, jak je zorganizowa\u0107.\",\"breadcrumb\":{\"@id\":\"https:\\\/\\\/www.koronakarkonoszy.pl\\\/blog\\\/wesele-z-noclegiem\\\/#breadcrumb\"},\"inLanguage\":\"pl-PL\",\"potentialAction\":[{\"@type\":\"ReadAction\",\"target\":[\"https:\\\/\\\/www.koronakarkonoszy.pl\\\/blog\\\/wesele-z-noclegiem\\\/\"]}]},{\"@type\":\"ImageObject\",\"inLanguage\":\"pl-PL\",\"@id\":\"https:\\\/\\\/www.koronakarkonoszy.pl\\\/blog\\\/wesele-z-noclegiem\\\/#primaryimage\",\"url\":\"https:\\\/\\\/www.koronakarkonoszy.pl\\\/blog\\\/wp-content\\\/uploads\\\/2022\\\/01\\\/wesele-z-noclegiem_.jpg\",\"contentUrl\":\"https:\\\/\\\/www.koronakarkonoszy.pl\\\/blog\\\/wp-content\\\/uploads\\\/2022\\\/01\\\/wesele-z-noclegiem_.jpg\",\"width\":1254,\"height\":835,\"caption\":\"Wesele z noclegiem \u2013 wszystko, co warto o tym wiedzie\u0107\"},{\"@type\":\"BreadcrumbList\",\"@id\":\"https:\\\/\\\/www.koronakarkonoszy.pl\\\/blog\\\/wesele-z-noclegiem\\\/#breadcrumb\",\"itemListElement\":[{\"@type\":\"ListItem\",\"position\":1,\"name\":\"Strona g\u0142\u00f3wna\",\"item\":\"https:\\\/\\\/www.koronakarkonoszy.pl\\\/blog\\\/\"},{\"@type\":\"ListItem\",\"position\":2,\"name\":\"Wesele z noclegiem \u2013 co warto wiedzie\u0107?\"}]},{\"@type\":\"WebSite\",\"@id\":\"https:\\\/\\\/www.koronakarkonoszy.pl\\\/blog\\\/#website\",\"url\":\"https:\\\/\\\/www.koronakarkonoszy.pl\\\/blog\\\/\",\"name\":\":: Blog weselny\",\"description\":\"Blog weselny Dw\u00f3r Korona Karkonoszy\",\"potentialAction\":[{\"@type\":\"SearchAction\",\"target\":{\"@type\":\"EntryPoint\",\"urlTemplate\":\"https:\\\/\\\/www.koronakarkonoszy.pl\\\/blog\\\/?s={search_term_string}\"},\"query-input\":{\"@type\":\"PropertyValueSpecification\",\"valueRequired\":true,\"valueName\":\"search_term_string\"}}],\"inLanguage\":\"pl-PL\"},{\"@type\":\"Person\",\"@id\":\"https:\\\/\\\/www.koronakarkonoszy.pl\\\/blog\\\/#\\\/schema\\\/person\\\/ec8c88bd01ebe6cbf6a16435ce22276f\",\"name\":\"agnieszka\",\"image\":{\"@type\":\"ImageObject\",\"inLanguage\":\"pl-PL\",\"@id\":\"https:\\\/\\\/www.koronakarkonoszy.pl\\\/blog\\\/wp-content\\\/litespeed\\\/avatar\\\/53ee7b676463f74d0aea1a09de3d003b.jpg?ver=1777438794\",\"url\":\"https:\\\/\\\/www.koronakarkonoszy.pl\\\/blog\\\/wp-content\\\/litespeed\\\/avatar\\\/53ee7b676463f74d0aea1a09de3d003b.jpg?ver=1777438794\",\"contentUrl\":\"https:\\\/\\\/www.koronakarkonoszy.pl\\\/blog\\\/wp-content\\\/litespeed\\\/avatar\\\/53ee7b676463f74d0aea1a09de3d003b.jpg?ver=1777438794\",\"caption\":\"agnieszka\"},\"url\":\"https:\\\/\\\/www.koronakarkonoszy.pl\\\/blog\\\/author\\\/agnieszka\\\/\"}]}<\/script>\n<!-- \/ Yoast SEO plugin. -->","yoast_head_json":{"title":"Wesele z noclegiem \u2013 korzy\u015bci i organizacja przyj\u0119cia","description":"Wesele z noclegiem to komfort dla go\u015bci i mniej stresu dla pary m\u0142odej. Poznaj zalety takiego rozwi\u0105zania i dowiedz si\u0119, jak je zorganizowa\u0107.","robots":{"index":"index","follow":"follow","max-snippet":"max-snippet:-1","max-image-preview":"max-image-preview:large","max-video-preview":"max-video-preview:-1"},"canonical":"https:\/\/www.koronakarkonoszy.pl\/blog\/wesele-z-noclegiem\/","og_locale":"pl_PL","og_type":"article","og_title":"Wesele z noclegiem \u2013 korzy\u015bci i organizacja przyj\u0119cia","og_description":"Wesele z noclegiem to komfort dla go\u015bci i mniej stresu dla pary m\u0142odej. Poznaj zalety takiego rozwi\u0105zania i dowiedz si\u0119, jak je zorganizowa\u0107.","og_url":"https:\/\/www.koronakarkonoszy.pl\/blog\/wesele-z-noclegiem\/","og_site_name":":: Blog weselny","article_published_time":"2024-07-03T06:22:00+00:00","article_modified_time":"2025-05-23T11:47:32+00:00","og_image":[{"width":1254,"height":835,"url":"https:\/\/www.koronakarkonoszy.pl\/blog\/wp-content\/uploads\/2022\/01\/wesele-z-noclegiem_.jpg","type":"image\/jpeg"}],"author":"agnieszka","twitter_card":"summary_large_image","twitter_misc":{"Napisane przez":"agnieszka","Szacowany czas czytania":"20 minut"},"schema":{"@context":"https:\/\/schema.org","@graph":[{"@type":"Article","@id":"https:\/\/www.koronakarkonoszy.pl\/blog\/wesele-z-noclegiem\/#article","isPartOf":{"@id":"https:\/\/www.koronakarkonoszy.pl\/blog\/wesele-z-noclegiem\/"},"author":{"name":"agnieszka","@id":"https:\/\/www.koronakarkonoszy.pl\/blog\/#\/schema\/person\/ec8c88bd01ebe6cbf6a16435ce22276f"},"headline":"Wesele z noclegiem \u2013 co warto wiedzie\u0107?","datePublished":"2024-07-03T06:22:00+00:00","dateModified":"2025-05-23T11:47:32+00:00","mainEntityOfPage":{"@id":"https:\/\/www.koronakarkonoszy.pl\/blog\/wesele-z-noclegiem\/"},"wordCount":3648,"image":{"@id":"https:\/\/www.koronakarkonoszy.pl\/blog\/wesele-z-noclegiem\/#primaryimage"},"thumbnailUrl":"https:\/\/www.koronakarkonoszy.pl\/blog\/wp-content\/uploads\/2022\/01\/wesele-z-noclegiem_.jpg","articleSection":["Porady","Sala weselna"],"inLanguage":"pl-PL"},{"@type":"WebPage","@id":"https:\/\/www.koronakarkonoszy.pl\/blog\/wesele-z-noclegiem\/","url":"https:\/\/www.koronakarkonoszy.pl\/blog\/wesele-z-noclegiem\/","name":"Wesele z noclegiem \u2013 korzy\u015bci i organizacja przyj\u0119cia","isPartOf":{"@id":"https:\/\/www.koronakarkonoszy.pl\/blog\/#website"},"primaryImageOfPage":{"@id":"https:\/\/www.koronakarkonoszy.pl\/blog\/wesele-z-noclegiem\/#primaryimage"},"image":{"@id":"https:\/\/www.koronakarkonoszy.pl\/blog\/wesele-z-noclegiem\/#primaryimage"},"thumbnailUrl":"https:\/\/www.koronakarkonoszy.pl\/blog\/wp-content\/uploads\/2022\/01\/wesele-z-noclegiem_.jpg","datePublished":"2024-07-03T06:22:00+00:00","dateModified":"2025-05-23T11:47:32+00:00","author":{"@id":"https:\/\/www.koronakarkonoszy.pl\/blog\/#\/schema\/person\/ec8c88bd01ebe6cbf6a16435ce22276f"},"description":"Wesele z noclegiem to komfort dla go\u015bci i mniej stresu dla pary m\u0142odej. Poznaj zalety takiego rozwi\u0105zania i dowiedz si\u0119, jak je zorganizowa\u0107.","breadcrumb":{"@id":"https:\/\/www.koronakarkonoszy.pl\/blog\/wesele-z-noclegiem\/#breadcrumb"},"inLanguage":"pl-PL","potentialAction":[{"@type":"ReadAction","target":["https:\/\/www.koronakarkonoszy.pl\/blog\/wesele-z-noclegiem\/"]}]},{"@type":"ImageObject","inLanguage":"pl-PL","@id":"https:\/\/www.koronakarkonoszy.pl\/blog\/wesele-z-noclegiem\/#primaryimage","url":"https:\/\/www.koronakarkonoszy.pl\/blog\/wp-content\/uploads\/2022\/01\/wesele-z-noclegiem_.jpg","contentUrl":"https:\/\/www.koronakarkonoszy.pl\/blog\/wp-content\/uploads\/2022\/01\/wesele-z-noclegiem_.jpg","width":1254,"height":835,"caption":"Wesele z noclegiem \u2013 wszystko, co warto o tym wiedzie\u0107"},{"@type":"BreadcrumbList","@id":"https:\/\/www.koronakarkonoszy.pl\/blog\/wesele-z-noclegiem\/#breadcrumb","itemListElement":[{"@type":"ListItem","position":1,"name":"Strona g\u0142\u00f3wna","item":"https:\/\/www.koronakarkonoszy.pl\/blog\/"},{"@type":"ListItem","position":2,"name":"Wesele z noclegiem \u2013 co warto wiedzie\u0107?"}]},{"@type":"WebSite","@id":"https:\/\/www.koronakarkonoszy.pl\/blog\/#website","url":"https:\/\/www.koronakarkonoszy.pl\/blog\/","name":":: Blog weselny","description":"Blog weselny Dw\u00f3r Korona Karkonoszy","potentialAction":[{"@type":"SearchAction","target":{"@type":"EntryPoint","urlTemplate":"https:\/\/www.koronakarkonoszy.pl\/blog\/?s={search_term_string}"},"query-input":{"@type":"PropertyValueSpecification","valueRequired":true,"valueName":"search_term_string"}}],"inLanguage":"pl-PL"},{"@type":"Person","@id":"https:\/\/www.koronakarkonoszy.pl\/blog\/#\/schema\/person\/ec8c88bd01ebe6cbf6a16435ce22276f","name":"agnieszka","image":{"@type":"ImageObject","inLanguage":"pl-PL","@id":"https:\/\/www.koronakarkonoszy.pl\/blog\/wp-content\/litespeed\/avatar\/53ee7b676463f74d0aea1a09de3d003b.jpg?ver=1777438794","url":"https:\/\/www.koronakarkonoszy.pl\/blog\/wp-content\/litespeed\/avatar\/53ee7b676463f74d0aea1a09de3d003b.jpg?ver=1777438794","contentUrl":"https:\/\/www.koronakarkonoszy.pl\/blog\/wp-content\/litespeed\/avatar\/53ee7b676463f74d0aea1a09de3d003b.jpg?ver=1777438794","caption":"agnieszka"},"url":"https:\/\/www.koronakarkonoszy.pl\/blog\/author\/agnieszka\/"}]}},"_links":{"self":[{"href":"https:\/\/www.koronakarkonoszy.pl\/blog\/wp-json\/wp\/v2\/posts\/2609","targetHints":{"allow":["GET"]}}],"collection":[{"href":"https:\/\/www.koronakarkonoszy.pl\/blog\/wp-json\/wp\/v2\/posts"}],"about":[{"href":"https:\/\/www.koronakarkonoszy.pl\/blog\/wp-json\/wp\/v2\/types\/post"}],"author":[{"embeddable":true,"href":"https:\/\/www.koronakarkonoszy.pl\/blog\/wp-json\/wp\/v2\/users\/11"}],"replies":[{"embeddable":true,"href":"https:\/\/www.koronakarkonoszy.pl\/blog\/wp-json\/wp\/v2\/comments?post=2609"}],"version-history":[{"count":8,"href":"https:\/\/www.koronakarkonoszy.pl\/blog\/wp-json\/wp\/v2\/posts\/2609\/revisions"}],"predecessor-version":[{"id":11745,"href":"https:\/\/www.koronakarkonoszy.pl\/blog\/wp-json\/wp\/v2\/posts\/2609\/revisions\/11745"}],"wp:featuredmedia":[{"embeddable":true,"href":"https:\/\/www.koronakarkonoszy.pl\/blog\/wp-json\/wp\/v2\/media\/2613"}],"wp:attachment":[{"href":"https:\/\/www.koronakarkonoszy.pl\/blog\/wp-json\/wp\/v2\/media?parent=2609"}],"wp:term":[{"taxonomy":"category","embeddable":true,"href":"https:\/\/www.koronakarkonoszy.pl\/blog\/wp-json\/wp\/v2\/categories?post=2609"}],"curies":[{"name":"wp","href":"https:\/\/api.w.org\/{rel}","templated":true}]}}