{"id":2066,"date":"2023-03-08T07:57:11","date_gmt":"2023-03-08T06:57:11","guid":{"rendered":"https:\/\/www.koronakarkonoszy.pl\/blog\/?p=2066"},"modified":"2024-12-11T10:39:17","modified_gmt":"2024-12-11T09:39:17","slug":"slub-w-styczniu","status":"publish","type":"post","link":"https:\/\/www.koronakarkonoszy.pl\/blog\/slub-w-styczniu\/","title":{"rendered":"Pomys\u0142y na magiczny \u015blub w styczniu"},"content":{"rendered":"\n<p><strong>Zawarcie zwi\u0105zku ma\u0142\u017ce\u0144skiego w \u015bnie\u017cnej, mro\u017anej aurze mo\u017ce by\u0107 wyj\u0105tkowym do\u015bwiadczeniem. Zimowa atmosfera idealnie wpisuje si\u0119 w romantyczny i magiczny charakter ceremonii za\u015blubin. I chocia\u017c zimowe \u015bluby nie ciesz\u0105 si\u0119 du\u017c\u0105 popularno\u015bci\u0105, to bez w\u0105tpienia jest to pomys\u0142 wart rozwa\u017cenia. Dlaczego \u015blub w styczniu to dobre rozwi\u0105zanie? Jak zaaran\u017cowa\u0107 magiczne wydarzenie, kt\u00f3re oczaruje ka\u017cdego?<\/strong><\/p>\n\n\n<div id=\"ariadna-block_a3267e77c0dd1545ba4a17878627448d\" class=\"ariadna\">\r\n    <ul><li><a href=\"#h-dlaczego-warto-zorganizowa-lub-w-styczniu\">Dlaczego warto zorganizowa\u0107 \u015blub w styczniu?<\/a><\/li><li><a href=\"#ha-slub-w-styczniu-opinie\">\u015alub w styczniu &#8211; opinie<\/a><\/li><li><a href=\"#h-slub-w-styczniu-basniowo-i-w-snieznej-aurze\">\u015alub w styczniu &#8211; ba\u015bniowo i w \u015bnie\u017cnej aurze<\/a><\/li><li><a href=\"#ha-jak-wygladaja-zimowe-wesela\">Jak wygl\u0105daj\u0105 zimowe wesela?<\/a><\/li><li><a href=\"#h-zimowe-wesele-w-stylu-glamour\">Zimowe wesele w stylu glamour<\/a><\/li><li><a href=\"#ha-jak-sie-ubrac-na-slub-w-styczniu\">Jak si\u0119 ubra\u0107 na \u015blub w styczniu?<\/a><\/li><li><a href=\"#h-slub-w-styczniu-zimowe-inspiracje\">\u015alub w styczniu \u2013 zimowe inspiracje<\/a><\/li><li><a href=\"#h-slub-w-styczniu\">\u015alub w styczniu<\/a><\/li><li><a href=\"#ha-niezapomniane-wesele-w-gorach\">Niezapomniane wesele w g\u00f3rach<\/a><\/li><li><a href=\"#ha-wesele-w-stylu-folkowym\">Wesele w stylu folkowym<\/a><\/li><li><a href=\"#ha-jakie-sa-zalety-zimowych-slubow\">Jakie s\u0105 zalety zimowych \u015blub\u00f3w?<\/a><\/li><li><a href=\"#h-slub-w-plenerze-zima\">\u015alub w plenerze zim\u0105<\/a><\/li><li><a href=\"#ha-slub-i-wesele-zima-tak-czy-nie\">\u015alub i wesele zim\u0105 \u2013 tak czy nie?<\/a><\/li><\/ul>\r\n<\/div>\r\n\r\n\r\n\r\n\n\n\n<h2 class=\"wp-block-heading\" id=\"h-dlaczego-warto-zorganizowa-lub-w-styczniu\">Dlaczego warto zorganizowa\u0107 \u015blub w styczniu?<\/h2>\n\n\n\n<p>Dwoje zakochanych w sobie os\u00f3b staje na \u015blubnym kobiercu, gdzie przyrzeka sobie wieczn\u0105 mi\u0142o\u015b\u0107. Przed nimi ca\u0142e \u017cycie wsp\u00f3lnych do\u015bwiadcze\u0144, przyg\u00f3d i tych zwyczajnych, prostych chwil. Wesele to czas na radosne \u015bwi\u0119towanie. To wydarzenie, kt\u00f3re otwiera nowy etap w \u017cyciu ma\u0142\u017conk\u00f3w. Dlatego powinno by\u0107 wyj\u0105tkowe. Takie, o jakim zakochani marzyli. <a href=\"https:\/\/www.koronakarkonoszy.pl\/blog\/organizacja-wesel\/\" class=\"links-placer\">Organizacja \u015blubu<\/a> i wesela wymaga mn\u00f3stwo zaanga\u017cowania, czasu i pracy. Jednym z pierwszych etap\u00f3w jest <strong>wyb\u00f3r idealnej daty<\/strong>. <\/p>\n\n\n\n<figure class=\"wp-block-image size-large\"><img loading=\"lazy\" decoding=\"async\" width=\"1024\" height=\"683\" src=\"https:\/\/www.koronakarkonoszy.pl\/blog\/wp-content\/uploads\/2021\/05\/MG_28_11_53_IM5_4444-1024x683.jpg\" alt=\"\" class=\"wp-image-6616\" srcset=\"https:\/\/www.koronakarkonoszy.pl\/blog\/wp-content\/uploads\/2021\/05\/MG_28_11_53_IM5_4444-1024x683.jpg 1024w, https:\/\/www.koronakarkonoszy.pl\/blog\/wp-content\/uploads\/2021\/05\/MG_28_11_53_IM5_4444-300x200.jpg 300w, https:\/\/www.koronakarkonoszy.pl\/blog\/wp-content\/uploads\/2021\/05\/MG_28_11_53_IM5_4444-768x512.jpg 768w, https:\/\/www.koronakarkonoszy.pl\/blog\/wp-content\/uploads\/2021\/05\/MG_28_11_53_IM5_4444-1920x1280.jpg 1920w, https:\/\/www.koronakarkonoszy.pl\/blog\/wp-content\/uploads\/2021\/05\/MG_28_11_53_IM5_4444-1536x1024.jpg 1536w, https:\/\/www.koronakarkonoszy.pl\/blog\/wp-content\/uploads\/2021\/05\/MG_28_11_53_IM5_4444-2048x1365.jpg 2048w\" sizes=\"auto, (max-width: 1024px) 100vw, 1024px\" \/><figcaption class=\"wp-element-caption\"><strong>\u015alub zim\u0105 zdj\u0119cia z Karkonoszy<\/strong><\/figcaption><\/figure>\n\n\n\n<p>Najwi\u0119ksz\u0105 popularno\u015bci\u0105 w\u015br\u00f3d zakochanych ciesz\u0105 si\u0119 ciep\u0142e miesi\u0105ce. <a href=\"https:\/\/www.koronakarkonoszy.pl\/blog\/sezon-slubny\/\" class=\"links-placer\">Sezon \u015blubny<\/a> rozpoczyna si\u0119 wiosn\u0105, a ko\u0144czy wczesn\u0105 jesieni\u0105. Jednak nic nie stoi na przeszkodzie, by zorganizowa\u0107 \u015blub w innym terminie. Idealna&nbsp;<a href=\"https:\/\/www.koronakarkonoszy.pl\/blog\/idealna-data-na-slub-podpowiadamy-kiedy-warto-zorganizowac-wesele\/\" target=\"_blank\" rel=\"noreferrer noopener\">data na \u015blub<\/a>&nbsp;nie istnieje. Ka\u017cda pora roku jest na sw\u00f3j spos\u00f3b wyj\u0105tkowa. Wiosn\u0105 wszystko budzi si\u0119 do \u017cycia. Lato to najcieplejszy czas w roku. Jesieni\u0105 \u015bwiat przybiera kolorowe barwy. A jakie s\u0105 atuty zimowego wesela? Zim\u0105 wszystko pokrywa si\u0119 bia\u0142ym puchem, tworz\u0105c magiczn\u0105 aur\u0119.<\/p>\n\n\n\n<figure class=\"wp-block-image size-large\"><a href=\"https:\/\/www.koronakarkonoszy.pl\/wesele\/\" target=\"_blank\" rel=\"noreferrer noopener\"><img loading=\"lazy\" decoding=\"async\" width=\"1024\" height=\"512\" src=\"https:\/\/www.koronakarkonoszy.pl\/blog\/wp-content\/uploads\/2022\/06\/piekne_wesela_DKK-2-1024x512.jpg\" alt=\"\" class=\"wp-image-4072\" srcset=\"https:\/\/www.koronakarkonoszy.pl\/blog\/wp-content\/uploads\/2022\/06\/piekne_wesela_DKK-2-1024x512.jpg 1024w, https:\/\/www.koronakarkonoszy.pl\/blog\/wp-content\/uploads\/2022\/06\/piekne_wesela_DKK-2-300x150.jpg 300w, https:\/\/www.koronakarkonoszy.pl\/blog\/wp-content\/uploads\/2022\/06\/piekne_wesela_DKK-2-768x384.jpg 768w, https:\/\/www.koronakarkonoszy.pl\/blog\/wp-content\/uploads\/2022\/06\/piekne_wesela_DKK-2.jpg 1200w\" sizes=\"auto, (max-width: 1024px) 100vw, 1024px\" \/><\/a><\/figure>\n\n\n\n<h2 class=\"wp-block-heading\" id=\"ha-slub-w-styczniu-opinie\">\u015alub w styczniu &#8211; opinie <\/h2>\n\n\n\n<p>O \u015blubach branych zim\u0105 kr\u0105\u017c\u0105 r\u00f3\u017cne opinie. Nie wszyscy wierz\u0105, \u017ce to dobra pora roku na \u015blub i wesele. Jednak opinie Par M\u0142odych zachwyconych swoim zimowym \u015blubem i wspania\u0142e zdj\u0119cia, jakie znajdziemy w sieci przecz\u0105 tezie, \u017ce zima to nie czas na \u015blub. Wr\u0119cz przeciwnie! Wesele jak z bajki \u2013 takie w\u0142a\u015bnie s\u0105 <strong>zimowe wesela.&nbsp;<\/strong><\/p>\n\n\n\n<style>\n    .cta_block{\n        margin: 1.5em 0;\n    }\n    .cta_block_content {\n        position: relative;\n        color: white;\n        padding: 1em;\n    }\n    .cta_block_content h3{\n        text-align: center;\n        font: normal normal normal 36px\/50px Yeseva One;\n    }\n    .cta_block_content .cta_block_desc{\n        text-align: center;\n        font-size: 1.1em;\n        position: relative;\n    }\n    .cta_block_content .cta_block_desc:before {\n        content: '';\n        width: 80px;\n        height: 4px;\n        background: #EEB315;\n        position: absolute;\n        left: 0;\n        right: 0;\n        margin-left: auto;\n        margin-right: auto;\n        top: -22px;\n    }\n\n    .cta_block_content picture{\n        position: absolute;\n        top: 0;\n        right: 0;\n        z-index: -1;\n        height: 100%;\n        overflow: hidden;\n        width: 100%;\n    }\n    .cta_block_content picture img{\n        object-fit: cover;\n        height: 100%;\n        width: 100%;\n    }\n    .cta_block .cta_block_content .ninja-forms-field{\n        background: #FFFFFF2F;\n        border: 1px solid #EEB315;\n        border-radius: 25px;\n        opacity: 1;\n        color: #ffffff;\n    }\n    .cta_block .cta_block_content .nf-form-content input[type=submit]{\n        background-color: #EEB315;\n        color: #292929;\n        text-align: center;\n        font: normal normal bold 14px\/20px Work Sans;\n        padding: 0 2em;\n    }\n\n    .cta_block ::placeholder{\n        color: white!important;\n        opacity: 1;\n    }\n\n    .cta_block_content::after {\n        height: 100%;\n        width: 100%;\n        content: \"\";\n        z-index: -1;\n        position: absolute;\n        top: 0;\n        background: #00000070;\n        right: 0;\n        left: 0;\n        bottom: 0;\n    }\n    #ha-cta-block, .cta_block_desc, .cta_block .nf-field-label, .cta_block .nf-error-msg {\n        filter: drop-shadow(1px 1px 8px black);\n    }\n\n\/*    .cta_block nf-rows-wrap {\n        display: flex;\n        justify-content: space-around;\n        flex-direction: row;\n    }*\/\n\n    .cta_block .nf-field-label {\n        display:none;\n    }\n\n    .cta_block .nf-error.field-wrap .nf-field-element::after {\n        border-radius: 50px;\n    }\n\n    .cta_block .nf-error-msg {\n        color: #fff;\n    }\n\n    .cta_block .nf-form-cont {\n        margin-top: 3em;\n        margin-bottom: 1em;\n    }\n\n    .wp-admin .cta_block_content{\n        display: none;\n    }\n    .cta_block .nf-form-fields-required {\n        display: none;\n    }\n    body:not(.wp-admin) .cta_block_admin {\n        display: none;\n    }\n<\/style>\n<div id=\"cta_block-block_9adfd73299a6c159e47c5e64ead1b10d\" class=\"cta_block\">\n    <div class=\"cta_block_admin\" style=\"background-color: blue; color: white\">\n        Blok CTA\n    <\/div>\n    <div class=\"cta_block\">\n        <div class=\"cta_block_content\">   \n        <h3 id=\"ha-planujecie-wesele-w-styczniu\">Planujecie wesele w styczniu?<\/h3>\n                    <div class=\"cta_block_desc\">Sprawd\u017acie dost\u0119pne terminy i ju\u017c dzi\u015b zarezerwujcie sal\u0119 &#8211;<br>Wasz Wielki Dzie\u0144 zbli\u017ca si\u0119 wielkimi krokami \u2665<\/div>\n                <noscript class=\"ninja-forms-noscript-message\">\n\tUwaga: ta zawarto\u015b\u0107 wymaga obs\u0142ugi j\u0119zyka JavaScript.<\/noscript>\n<div id=\"nf-form-3-cont\" class=\"nf-form-cont\" aria-live=\"polite\" aria-labelledby=\"nf-form-title-3\" aria-describedby=\"nf-form-errors-3\" role=\"form\">\n\n    <div class=\"nf-loading-spinner\"><\/div>\n\n<\/div>\n        <!-- That data is being printed as a workaround to page builders reordering the order of the scripts loaded-->\n        <script>var formDisplay=1;var nfForms=nfForms||[];var form=[];form.id='3';form.settings={\"objectType\":\"Form Setting\",\"editActive\":true,\"title\":\"Block CTA\",\"created_at\":\"2022-11-08 16:03:33\",\"default_label_pos\":\"above\",\"show_title\":0,\"clear_complete\":\"1\",\"hide_complete\":\"1\",\"logged_in\":\"\",\"wrapper_class\":\"\",\"element_class\":\"\",\"key\":\"\",\"add_submit\":\"0\",\"changeEmailErrorMsg\":\"Wprowad\\u017a prawid\\u0142owy adres e-mail!\",\"changeDateErrorMsg\":\"Prosz\\u0119 wpisa\\u0107 prawid\\u0142ow\\u0105 dat\\u0119!\",\"confirmFieldErrorMsg\":\"Te pola musz\\u0105 si\\u0119 zgadza\\u0107!\",\"fieldNumberNumMinError\":\"B\\u0142\\u0105d \\u2014 liczba minimalna\",\"fieldNumberNumMaxError\":\"B\\u0142\\u0105d \\u2014 liczba maksymalna\",\"fieldNumberIncrementBy\":\"Zwi\\u0119ksz o \",\"formErrorsCorrectErrors\":\"Popraw b\\u0142\\u0119dy, zanim prze\\u015blesz formularz.\",\"validateRequiredField\":\"To jest wymagane pole.\",\"honeypotHoneypotError\":\"B\\u0142\\u0105d Honeypot\",\"fieldsMarkedRequired\":\"Pola oznaczone znakiem <span class=\\\"ninja-forms-req-symbol\\\">*<\\\/span> s\\u0105 wymagane\",\"currency\":\"\",\"repeatable_fieldsets\":\"\",\"unique_field_error\":\"Formularz z t\\u0105 warto\\u015bci\\u0105 zosta\\u0142 ju\\u017c przes\\u0142any.\",\"not_logged_in_msg\":\"\",\"sub_limit_msg\":\"Formularz osi\\u0105gn\\u0105\\u0142 limit wys\\u0142a\\u0144.\",\"calculations\":[],\"container_styles_show_advanced_css\":\"0\",\"title_styles_show_advanced_css\":\"0\",\"row_styles_show_advanced_css\":\"0\",\"row-odd_styles_show_advanced_css\":\"0\",\"success-msg_styles_show_advanced_css\":\"0\",\"error_msg_styles_show_advanced_css\":\"0\",\"formContentData\":[{\"order\":1,\"cells\":[{\"order\":0,\"fields\":[\"phone_1640098023980\"],\"width\":35},{\"order\":1,\"fields\":[\"adres_e-mail_1667919839452\"],\"width\":35},{\"order\":2,\"fields\":[\"zapisz_mnie_1667919853255\"],\"width\":30}]}],\"drawerDisabled\":false,\"conditions\":[],\"allow_public_link\":0,\"embed_form\":\"\",\"container_styles_border\":\"\",\"container_styles_height\":\"\",\"container_styles_margin\":\"\",\"container_styles_padding\":\"\",\"container_styles_float\":\"\",\"title_styles_border\":\"\",\"title_styles_height\":\"\",\"title_styles_width\":\"\",\"title_styles_font-size\":\"\",\"title_styles_margin\":\"\",\"title_styles_padding\":\"\",\"title_styles_float\":\"\",\"row_styles_border\":\"\",\"row_styles_width\":\"\",\"row_styles_font-size\":\"\",\"row_styles_margin\":\"\",\"row_styles_padding\":\"\",\"row-odd_styles_border\":\"\",\"row-odd_styles_height\":\"\",\"row-odd_styles_width\":\"\",\"row-odd_styles_font-size\":\"\",\"row-odd_styles_margin\":\"\",\"row-odd_styles_padding\":\"\",\"success-msg_styles_border\":\"\",\"success-msg_styles_height\":\"\",\"success-msg_styles_width\":\"\",\"success-msg_styles_font-size\":\"\",\"success-msg_styles_margin\":\"\",\"success-msg_styles_padding\":\"\",\"error_msg_styles_border\":\"\",\"error_msg_styles_width\":\"\",\"error_msg_styles_font-size\":\"\",\"error_msg_styles_margin\":\"\",\"error_msg_styles_padding\":\"\",\"form_title_heading_level\":\"3\",\"ninjaForms\":\"Ninja Forms\",\"fieldTextareaRTEInsertLink\":\"Wstaw odno\\u015bnik\",\"fieldTextareaRTEInsertMedia\":\"Wstaw media\",\"fieldTextareaRTESelectAFile\":\"Wybierz plik\",\"formHoneypot\":\"Je\\u015bli jeste\\u015b cz\\u0142owiekiem i widzisz to pole, nie wype\\u0142niaj go.\",\"fileUploadOldCodeFileUploadInProgress\":\"Przesy\\u0142anie pliku w toku.\",\"fileUploadOldCodeFileUpload\":\"PRZESY\\u0141ANIE PLIKU\",\"currencySymbol\":\"&#36;\",\"thousands_sep\":\"&nbsp;\",\"decimal_point\":\",\",\"siteLocale\":\"pl_PL\",\"dateFormat\":\"m\\\/d\\\/Y\",\"startOfWeek\":\"1\",\"of\":\"z\",\"previousMonth\":\"Poprzedni miesi\\u0105c\",\"nextMonth\":\"Nast\\u0119pny miesi\\u0105c\",\"months\":[\"Stycze\\u0144\",\"Luty\",\"Marzec\",\"Kwiecie\\u0144\",\"Maj\",\"Czerwiec\",\"Lipiec\",\"Sierpie\\u0144\",\"Wrzesie\\u0144\",\"Pa\\u017adziernik\",\"Listopad\",\"Grudzie\\u0144\"],\"monthsShort\":[\"Sty\",\"Lut\",\"Mar\",\"Kw\",\"Maj\",\"Cze\",\"Lip\",\"Sie\",\"Wrz\",\"Pa\\u017a\",\"Lis\",\"Gru\"],\"weekdays\":[\"Niedziela\",\"Poniedzia\\u0142ek\",\"Wtorek\",\"\\u015aroda\",\"Czwartek\",\"Pi\\u0105tek\",\"Sobota\"],\"weekdaysShort\":[\"Niedz\",\"Pon\",\"Wt\",\"\\u015ar\",\"Czw\",\"Pt\",\"Sob\"],\"weekdaysMin\":[\"Niedz\",\"Pon\",\"Wt\",\"\\u015ar\",\"Czw\",\"Pt\",\"Sob\"],\"recaptchaConsentMissing\":\"reCaptcha validation couldn&#039;t load.\",\"recaptchaMissingCookie\":\"reCaptcha v3 validation couldn&#039;t load the cookie needed to submit the form.\",\"recaptchaConsentEvent\":\"Accept reCaptcha cookies before sending the form.\",\"currency_symbol\":\"\",\"beforeForm\":\"\",\"beforeFields\":\"\",\"afterFields\":\"\",\"afterForm\":\"\"};form.fields=[{\"objectType\":\"Field\",\"objectDomain\":\"fields\",\"editActive\":false,\"order\":1,\"idAttribute\":\"id\",\"type\":\"phone\",\"label\":\"Numer telefonu\",\"key\":\"phone_1640098023980\",\"label_pos\":\"above\",\"required\":1,\"default\":\"\",\"placeholder\":\"Numer telefonu\",\"container_class\":\"\",\"element_class\":\"\",\"input_limit\":\"\",\"input_limit_type\":\"characters\",\"input_limit_msg\":\"Liczba pozosta\\u0142ych znak\\u00f3w:\",\"manual_key\":\"\",\"admin_label\":\"\",\"help_text\":\"\",\"mask\":\"\",\"custom_mask\":\"\",\"custom_name_attribute\":\"phone\",\"personally_identifiable\":1,\"wrap_styles_border\":\"\",\"wrap_styles_width\":\"\",\"wrap_styles_margin\":\"\",\"wrap_styles_padding\":\"\",\"wrap_styles_float\":\"\",\"wrap_styles_show_advanced_css\":0,\"label_styles_border\":\"\",\"label_styles_width\":\"\",\"label_styles_font-size\":\"\",\"label_styles_margin\":\"\",\"label_styles_padding\":\"\",\"label_styles_float\":\"\",\"label_styles_show_advanced_css\":0,\"element_styles_border\":\"\",\"element_styles_width\":\"\",\"element_styles_font-size\":\"\",\"element_styles_margin\":\"\",\"element_styles_padding\":\"\",\"element_styles_float\":\"\",\"element_styles_show_advanced_css\":0,\"cellcid\":\"c3386\",\"value\":\"\",\"field_label\":\"Numer telefonu\",\"field_key\":\"phone_1640098023980\",\"drawerDisabled\":false,\"id\":8,\"beforeField\":\"\",\"afterField\":\"\",\"parentType\":\"textbox\",\"element_templates\":[\"tel\",\"textbox\",\"input\"],\"old_classname\":\"\",\"wrap_template\":\"wrap\"},{\"objectType\":\"Field\",\"objectDomain\":\"fields\",\"editActive\":false,\"order\":2,\"idAttribute\":\"id\",\"type\":\"email\",\"label\":\"Adres e-mail\",\"key\":\"adres_e-mail_1667919839452\",\"label_pos\":\"above\",\"required\":1,\"default\":\"\",\"placeholder\":\"Adres e-mail\",\"container_class\":\"\",\"element_class\":\"\",\"admin_label\":\"\",\"help_text\":\"\",\"custom_name_attribute\":\"email\",\"personally_identifiable\":1,\"wrap_styles_border\":\"\",\"wrap_styles_width\":\"\",\"wrap_styles_margin\":\"\",\"wrap_styles_padding\":\"\",\"wrap_styles_float\":\"\",\"wrap_styles_show_advanced_css\":0,\"label_styles_border\":\"\",\"label_styles_width\":\"\",\"label_styles_font-size\":\"\",\"label_styles_margin\":\"\",\"label_styles_padding\":\"\",\"label_styles_float\":\"\",\"label_styles_show_advanced_css\":0,\"element_styles_border\":\"\",\"element_styles_width\":\"\",\"element_styles_font-size\":\"\",\"element_styles_margin\":\"\",\"element_styles_padding\":\"\",\"element_styles_float\":\"\",\"element_styles_show_advanced_css\":0,\"cellcid\":\"c3389\",\"value\":\"\",\"drawerDisabled\":false,\"field_label\":\"E-mail\",\"field_key\":\"email_1640098026199\",\"id\":9,\"beforeField\":\"\",\"afterField\":\"\",\"parentType\":\"email\",\"element_templates\":[\"email\",\"input\"],\"old_classname\":\"\",\"wrap_template\":\"wrap\"},{\"objectType\":\"Field\",\"objectDomain\":\"fields\",\"editActive\":false,\"order\":3,\"idAttribute\":\"id\",\"type\":\"submit\",\"label\":\"Zapisz mnie\",\"processing_label\":\"W trakcie realizacji\",\"container_class\":\"\",\"element_class\":\"\",\"key\":\"zapisz_mnie_1667919853255\",\"wrap_styles_border\":\"\",\"wrap_styles_width\":\"\",\"wrap_styles_margin\":\"\",\"wrap_styles_padding\":\"\",\"wrap_styles_float\":\"\",\"wrap_styles_show_advanced_css\":0,\"element_styles_border\":\"\",\"element_styles_width\":\"\",\"element_styles_font-size\":\"\",\"element_styles_margin\":\"\",\"element_styles_padding\":\"\",\"element_styles_float\":\"\",\"element_styles_show_advanced_css\":0,\"submit_element_hover_styles_border\":\"\",\"submit_element_hover_styles_width\":\"\",\"submit_element_hover_styles_font-size\":\"\",\"submit_element_hover_styles_margin\":\"\",\"submit_element_hover_styles_padding\":\"\",\"submit_element_hover_styles_float\":\"\",\"submit_element_hover_styles_show_advanced_css\":0,\"cellcid\":\"c3391\",\"drawerDisabled\":false,\"field_label\":\"Zamawiam rozmow\\u0119\",\"field_key\":\"zamawiam_rozmowe_1640098067453\",\"id\":10,\"beforeField\":\"\",\"afterField\":\"\",\"value\":\"\",\"label_pos\":\"above\",\"parentType\":\"textbox\",\"element_templates\":[\"submit\",\"button\",\"input\"],\"old_classname\":\"\",\"wrap_template\":\"wrap-no-label\"}];nfForms.push(form);<\/script>\n                <script id=\"nf-tmpl-cell\" type=\"text\/template\">\n            <nf-fields><\/nf-fields>\n        <\/script>\n\n        <script id=\"nf-tmpl-row\" type=\"text\/template\">\n            <nf-cells><\/nf-cells>\n        <\/script>\n\n                <img loading=\"lazy\" decoding=\"async\" width=\"1500\" height=\"705\" src=\"https:\/\/www.koronakarkonoszy.pl\/blog\/wp-content\/uploads\/2022\/06\/Dwor-Korona-Karkonoszy.jpg\" class=\"attachment-full size-full\" alt=\"\" srcset=\"https:\/\/www.koronakarkonoszy.pl\/blog\/wp-content\/uploads\/2022\/06\/Dwor-Korona-Karkonoszy.jpg 1500w, https:\/\/www.koronakarkonoszy.pl\/blog\/wp-content\/uploads\/2022\/06\/Dwor-Korona-Karkonoszy-300x141.jpg 300w, https:\/\/www.koronakarkonoszy.pl\/blog\/wp-content\/uploads\/2022\/06\/Dwor-Korona-Karkonoszy-1024x481.jpg 1024w, https:\/\/www.koronakarkonoszy.pl\/blog\/wp-content\/uploads\/2022\/06\/Dwor-Korona-Karkonoszy-768x361.jpg 768w\" sizes=\"auto, (max-width: 1500px) 100vw, 1500px\" \/>        <\/div> \n    <\/div>\n<\/div>\n\n\n\n<p><strong>Ciekawym rozwi\u0105zaniem mo\u017ce by\u0107 wesele w styczniu<\/strong>. Dlaczego? \u015alub w styczniu to przede wszystkim szansa na rezerwacj\u0119 wymarzonej sali. Je\u015bli chodzi o <a href=\"https:\/\/www.koronakarkonoszy.pl\/blog\/sale-weselne-jak-dobrze-wybrac\/\" target=\"_blank\" rel=\"noreferrer noopener\">sale weselne<\/a>, zim\u0105 \u0142atwiej o wolne terminy w wielu ciekawych miejscach, kt\u00f3re przez wi\u0119kszo\u015b\u0107 roku s\u0105 oblegane przez zakochanych. To samo dotyczy dost\u0119pno\u015bci podwykonawc\u00f3w \u015blubnych, czyli fotograf\u00f3w, zespo\u0142\u00f3w, DJ-\u00f3w czy kamerzyst\u00f3w. Plusem s\u0105 te\u017c ni\u017csze ceny poszczeg\u00f3lnych us\u0142ug \u2013 og\u00f3lny <a href=\"https:\/\/www.koronakarkonoszy.pl\/blog\/koszt-wesela-na-100-osob\/\" target=\"_blank\" rel=\"noreferrer noopener\">koszt wesela<\/a> b\u0119dzie mniejszy.<\/p>\n\n\n\n<figure class=\"wp-block-image size-full\"><img loading=\"lazy\" decoding=\"async\" width=\"800\" height=\"530\" src=\"https:\/\/www.koronakarkonoszy.pl\/blog\/wp-content\/uploads\/2020\/08\/zimowe-wesele.jpg\" alt=\"\" class=\"wp-image-2563\" srcset=\"https:\/\/www.koronakarkonoszy.pl\/blog\/wp-content\/uploads\/2020\/08\/zimowe-wesele.jpg 800w, https:\/\/www.koronakarkonoszy.pl\/blog\/wp-content\/uploads\/2020\/08\/zimowe-wesele-300x199.jpg 300w, https:\/\/www.koronakarkonoszy.pl\/blog\/wp-content\/uploads\/2020\/08\/zimowe-wesele-768x509.jpg 768w\" sizes=\"auto, (max-width: 800px) 100vw, 800px\" \/><figcaption class=\"wp-element-caption\"><strong>Dekoracje \u015blubne zimowe<\/strong> &#8211; <strong><a href=\"https:\/\/www.koronakarkonoszy.pl\/wesele\/\" target=\"_blank\" rel=\"noreferrer noopener\">Dw\u00f3r Korona Karkonoszy<\/a>, <a href=\"https:\/\/www.koronakarkonoszy.pl\/blog-atrakcje\/sosnowka\/\" class=\"links-placer\">Sosn\u00f3wka<\/a> k. Karpacza <\/strong><\/figcaption><\/figure>\n\n\n\n<p>Drugi plus to niesamowita, zimowa aura. W styczniu prawdopodobie\u0144stwo opad\u00f3w \u015bniegu jest najwi\u0119ksze. Bia\u0142y puch mo\u017ce stworzy\u0107 naprawd\u0119 magiczny klimat, kt\u00f3ry perfekcyjnie wpisuje si\u0119 w romantyczny charakter \u015blubu.<\/p>\n\n\n<section id=\"leonardo-block_e6daa1cf4f7f7351681d80fa27bcd2bd\" class=\"leonardo page-breaker leonardo-image-right\">\r\n    <div class=\"leonardo-body\">\r\n        <h2 class=\"leonardo-title\" id=\"h-slub-w-styczniu-basniowo-i-w-snieznej-aurze\">\u015alub w styczniu &#8211; ba\u015bniowo i w \u015bnie\u017cnej aurze<\/h2>        <div class=\"leonardo-content\"><p><!-- wp:heading --><\/p>\n<p>O\u015bnie\u017cone krajobrazy tworz\u0105 znakomite t\u0142o do bajkowej, zimowej aran\u017cacji \u015blubnej. <strong>Zima to idealny czas na organizacj\u0119 wesela glamour<\/strong>. Styl glamour to po\u0142\u0105czenie nutki luksusu, blasku i odrobiny przepychu z niezwyk\u0142\u0105 elegancj\u0105. To mieszanka najlepszej klasyki z najnowszymi trendami i nowoczesno\u015bci\u0105. Idealna aran\u017cacja glamour powinna zachowa\u0107 balans pomi\u0119dzy bogactwem a prostot\u0105. Magia wesela zim\u0105 polega w\u0142a\u015bnie na tym, \u017ce pokryty bia\u0142ym puchem krajobraz wydaje si\u0119 ba\u015bniowy, nierzeczywisty. \u015aluby zim\u0105 potrafi\u0105 naprawd\u0119 zachwyci\u0107!<\/p>\n<p><!-- \/wp:paragraph --> <!-- wp:paragraph --><\/p>\n<p>Wiele zalet zimowych wesel jest niedostrzeganych, a przecie\u017c zim\u0105 \u0142atwiej o wolny termin, us\u0142ugodawc\u00f3w, a i ceny us\u0142ug i obiekt\u00f3w weddingowych s\u0105 ni\u017csze. O wadach wesela zim\u0105 nawet nie warto wspomina\u0107, bo s\u0105 to kwestie bardzo subiektywne. Ka\u017cdy miesi\u0105c w roku, bior\u0105c pod uwag\u0119 termin \u015blubu i wesela, znajdzie swoich zagorza\u0142ych przeciwnik\u00f3w i gor\u0105cych zwolennik\u00f3w. Wszystko zale\u017cy od upodoba\u0144.<\/p>\n<p><!-- \/wp:paragraph --><\/p>\n<\/div>\r\n                    <aside class=\"leonardo-interlink\">\r\n                <b>Polecamy<\/b>\r\n                <a href=\"https:\/\/www.koronakarkonoszy.pl\/blog\/slub-w-styczniu\/\"><\/a>\r\n            <\/aside>\r\n            <\/div>\r\n    <div class=\"leonardo-image\">\r\n        <img loading=\"lazy\" decoding=\"async\" width=\"1920\" height=\"1440\" src=\"https:\/\/www.koronakarkonoszy.pl\/blog\/wp-content\/uploads\/2023\/03\/aaron-burden-5AiWn2U10cw-unsplash.jpg\" class=\"attachment-full size-full\" alt=\"\" srcset=\"https:\/\/www.koronakarkonoszy.pl\/blog\/wp-content\/uploads\/2023\/03\/aaron-burden-5AiWn2U10cw-unsplash.jpg 1920w, https:\/\/www.koronakarkonoszy.pl\/blog\/wp-content\/uploads\/2023\/03\/aaron-burden-5AiWn2U10cw-unsplash-300x225.jpg 300w, https:\/\/www.koronakarkonoszy.pl\/blog\/wp-content\/uploads\/2023\/03\/aaron-burden-5AiWn2U10cw-unsplash-1024x768.jpg 1024w, https:\/\/www.koronakarkonoszy.pl\/blog\/wp-content\/uploads\/2023\/03\/aaron-burden-5AiWn2U10cw-unsplash-768x576.jpg 768w, https:\/\/www.koronakarkonoszy.pl\/blog\/wp-content\/uploads\/2023\/03\/aaron-burden-5AiWn2U10cw-unsplash-1536x1152.jpg 1536w, https:\/\/www.koronakarkonoszy.pl\/blog\/wp-content\/uploads\/2023\/03\/aaron-burden-5AiWn2U10cw-unsplash-16x12.jpg 16w\" sizes=\"auto, (max-width: 1920px) 100vw, 1920px\" \/>            <\/div>\r\n<\/section>\n\n\n<h2 class=\"wp-block-heading\" id=\"ha-jak-wygladaja-zimowe-wesela\">Jak wygl\u0105daj\u0105 zimowe wesela?<\/h2>\n\n\n\n<p>Zimowe wesela wygl\u0105daj\u0105 jak te, urz\u0105dzane wiosn\u0105, jesieni\u0105 czy latem. Mamy Par\u0119 M\u0142od\u0105 i go\u015bci; \u015blub cywilny, ko\u015bcielny, konkordatowy lub humanistyczny; sal\u0119 weseln\u0105 i catering; zabawy i ta\u0144ce oraz dodatkowe atrakcje, ewentualnie poprawiny. Wszystko tak jak zwykle, tyle \u017ce szybciej zapada zmrok. To nawet lepiej, bo impreza robi si\u0119 bardziej nastrojowa \u2013 no i za oknem sypie \u015bnieg, dodaj\u0105c magii naszej uroczysto\u015bci. Wesele zim\u0105 oznacza po prostu konieczno\u015b\u0107 pomy\u015blenia o dodatkowych okryciach, kt\u00f3re tylko dodadz\u0105 szyku i klasy \u015blubnym kreacjom. A go\u015bci w progu domu weselnego, zamiast lampk\u0105 zimnego szampana, mo\u017cemy powita\u0107 czark\u0105 grzanego wina z go\u017adzikami.<\/p>\n\n\n\n<figure class=\"wp-block-image size-large\"><img loading=\"lazy\" decoding=\"async\" width=\"1024\" height=\"683\" src=\"https:\/\/www.koronakarkonoszy.pl\/blog\/wp-content\/uploads\/2023\/03\/konstantin-mishchenko-oE_RKtJ8wVw-unsplash-1024x683.jpg\" alt=\"\" class=\"wp-image-8480\" srcset=\"https:\/\/www.koronakarkonoszy.pl\/blog\/wp-content\/uploads\/2023\/03\/konstantin-mishchenko-oE_RKtJ8wVw-unsplash-1024x683.jpg 1024w, https:\/\/www.koronakarkonoszy.pl\/blog\/wp-content\/uploads\/2023\/03\/konstantin-mishchenko-oE_RKtJ8wVw-unsplash-300x200.jpg 300w, https:\/\/www.koronakarkonoszy.pl\/blog\/wp-content\/uploads\/2023\/03\/konstantin-mishchenko-oE_RKtJ8wVw-unsplash-768x512.jpg 768w, https:\/\/www.koronakarkonoszy.pl\/blog\/wp-content\/uploads\/2023\/03\/konstantin-mishchenko-oE_RKtJ8wVw-unsplash-1536x1024.jpg 1536w, https:\/\/www.koronakarkonoszy.pl\/blog\/wp-content\/uploads\/2023\/03\/konstantin-mishchenko-oE_RKtJ8wVw-unsplash-18x12.jpg 18w, https:\/\/www.koronakarkonoszy.pl\/blog\/wp-content\/uploads\/2023\/03\/konstantin-mishchenko-oE_RKtJ8wVw-unsplash.jpg 1920w\" sizes=\"auto, (max-width: 1024px) 100vw, 1024px\" \/><figcaption class=\"wp-element-caption\"><strong>Wesele zim\u0105 inspiracje<\/strong><\/figcaption><\/figure>\n\n\n\n<p>Jest jeszcze jednak kwestia, kt\u00f3ra odr\u00f3\u017cnia zimowe terminy \u015blubu i wesela od tych letnich. Chodzi o dost\u0119pno\u015b\u0107 us\u0142ug weselnych &#8211; \u015blub w styczniu sprawi, \u017ce nie b\u0119dzie najmniejszego problemu z wynaj\u0119ciem muzyk\u00f3w, fotograf\u00f3w, dekorator\u00f3w. Je\u015bli planujecie wesele zim\u0105, nie musicie te\u017c martwi\u0107 si\u0119 dost\u0119pno\u015bci\u0105 sali weselnej. Na pewno znajdziecie dogodn\u0105 dat\u0119 w terminarzu wymarzonej sali na wesele.&nbsp;<\/p>\n\n\n\n<figure class=\"wp-block-image size-large\"><img loading=\"lazy\" decoding=\"async\" width=\"1024\" height=\"670\" src=\"https:\/\/www.koronakarkonoszy.pl\/blog\/wp-content\/uploads\/2022\/03\/wedding-1836315_1280-1024x670.jpg\" alt=\"ceremonia \u015blubna: para m\u0142oda\" class=\"wp-image-3454\" srcset=\"https:\/\/www.koronakarkonoszy.pl\/blog\/wp-content\/uploads\/2022\/03\/wedding-1836315_1280-1024x670.jpg 1024w, https:\/\/www.koronakarkonoszy.pl\/blog\/wp-content\/uploads\/2022\/03\/wedding-1836315_1280-300x196.jpg 300w, https:\/\/www.koronakarkonoszy.pl\/blog\/wp-content\/uploads\/2022\/03\/wedding-1836315_1280-768x502.jpg 768w, https:\/\/www.koronakarkonoszy.pl\/blog\/wp-content\/uploads\/2022\/03\/wedding-1836315_1280.jpg 1280w\" sizes=\"auto, (max-width: 1024px) 100vw, 1024px\" \/><figcaption class=\"wp-element-caption\"><strong>\u015alub cywilny zim\u0105<\/strong><\/figcaption><\/figure>\n\n\n\n<h3 class=\"wp-block-heading\"><strong>Wesele zim\u0105 dekoracje<\/strong><\/h3>\n\n\n\n<p>\u015alub zim\u0105 daje nam szans\u0119 na skorzystanie z dekoracji, jakie oferuje nam matka natura. Najlepiej wzi\u0105\u0107 \u015blub zim\u0105 w g\u00f3rach. Dlaczego? To oczywiste! Zima najpi\u0119kniej wygl\u0105da w naturze, a nie w mie\u015bcie. O\u015bnie\u017cone szczyty g\u00f3r, ga\u0142\u0119zie przyozdobione lodowymi soplami, zamarzni\u0119te strumyki czy kaskady wodne, pobielone mrozem szyszki &#8211; <a href=\"https:\/\/www.koronakarkonoszy.pl\/blog\/wesele-zima-dekoracje-na-stoly-gosci-oraz-pary-mlodej\/\" target=\"_blank\" rel=\"noreferrer noopener\">zimowe dekoracje<\/a> weselne sprawi\u0105, \u017ce nasze wesele w styczniu b\u0119dzie naprawd\u0119 zjawiskowe. <a href=\"https:\/\/www.koronakarkonoszy.pl\/blog\/zimowa-sesja-slubna\/\" target=\"_blank\" rel=\"noreferrer noopener\">Zimowa sesja \u015blubna<\/a>, do kt\u00f3rej warto zaprosi\u0107 tak\u017ce go\u015bci, by zrobi\u0107 wsp\u00f3lnie kilka uj\u0119\u0107, na tle natury, na przyk\u0142ad w Karkonoszach, b\u0119dzie niezwyk\u0142a i niepowtarzalna.&nbsp;<\/p>\n\n\n<section id=\"leonardo-block_109016b20c46eae0e2d36fc577a1437b\" class=\"leonardo page-breaker leonardo-image-left\">\r\n    <div class=\"leonardo-body\">\r\n        <h2 class=\"leonardo-title\" id=\"h-zimowe-wesele-w-stylu-glamour\">Zimowe wesele w stylu glamour<\/h2>        <div class=\"leonardo-content\"><p>W weselnej aran\u017cacji w stylu glamour nie mo\u017ce zabrakn\u0105\u0107 wyrafinowanych dekoracji z l\u015bni\u0105cymi akcentami. Prostot\u0119 subtelnych obrus\u00f3w o stonowanej kolorystyce mo\u017cna prze\u0142ama\u0107 bogato zdobionymi bie\u017cnikami. Na sto\u0142ach powinna znale\u017a\u0107 si\u0119 luksusowa, gustowna zastawa (najlepiej porcelanowa), bia\u0142e serwetki z metalicznym, delikatnym napisem (cho\u0107by \u201elove\u201d lub imionami narzeczonych) i kwiaty w eleganckich, szklanych wazonach.<\/p>\n<p style=\"margin-bottom: 0cm;\">\n<\/div>\r\n                    <aside class=\"leonardo-interlink\">\r\n                <b>Polecamy<\/b>\r\n                <a href=\"https:\/\/www.koronakarkonoszy.pl\/blog\/4-pory-roku-czyli-sezon-weselny-non-stop\/\">4 pory roku, czyli sezon weselny non stop<\/a>\r\n            <\/aside>\r\n            <\/div>\r\n    <div class=\"leonardo-image\">\r\n        <img loading=\"lazy\" decoding=\"async\" width=\"640\" height=\"427\" src=\"https:\/\/www.koronakarkonoszy.pl\/blog\/wp-content\/uploads\/2021\/07\/wesele-zima.jpg\" class=\"attachment-full size-full\" alt=\"wesele zim\u0105\" srcset=\"https:\/\/www.koronakarkonoszy.pl\/blog\/wp-content\/uploads\/2021\/07\/wesele-zima.jpg 640w, https:\/\/www.koronakarkonoszy.pl\/blog\/wp-content\/uploads\/2021\/07\/wesele-zima-300x200.jpg 300w\" sizes=\"auto, (max-width: 640px) 100vw, 640px\" \/>            <\/div>\r\n<\/section>\n\n\n<p>Dope\u0142nieniem dekoracji sto\u0142\u00f3w b\u0119d\u0105 wysokie \u015bwiece. \u015awiece nadadz\u0105 aran\u017cacji przytulny, ciep\u0142y charakter. Stworz\u0105 na sali weselnej niesamowity, magiczny klimat, kt\u00f3ry przeniesie go\u015bci weselnych w bajkowy \u015bwiat. W menu weselnym powinny znale\u017a\u0107 si\u0119 wykwintne dania, pyszne desery podane w wytworny spos\u00f3b i eleganckie drinki w wystawnych szk\u0142ach. Z dekoracjami sali weselnej powinny wsp\u00f3\u0142gra\u0107 dekoracje samochodu czy ogrodzenia lub wej\u015bcia, je\u015bli przewidujemy strojenie ca\u0142ej przestrzeni. Czyli elegancko, ale z umiarem. <a href=\"https:\/\/www.koronakarkonoszy.pl\/blog\/zimowe-wesele\/\" target=\"_blank\" rel=\"noreferrer noopener\">Zimowe wesele<\/a> wymaga dekoracji, jednak sama natura, kre\u015bl\u0105c mro\u017ane ornamenty na szybach pomaga stworzy\u0107 wyj\u0105tkow\u0105 atmosfer\u0119.<\/p>\n\n\n\n<figure class=\"wp-block-image size-large\"><img loading=\"lazy\" decoding=\"async\" width=\"1024\" height=\"682\" src=\"https:\/\/www.koronakarkonoszy.pl\/blog\/wp-content\/uploads\/2022\/03\/wedding-7003293_1280-1024x682.jpg\" alt=\"zimowa sesja \u015blubna: para m\u0142oda\" class=\"wp-image-3458\" srcset=\"https:\/\/www.koronakarkonoszy.pl\/blog\/wp-content\/uploads\/2022\/03\/wedding-7003293_1280-1024x682.jpg 1024w, https:\/\/www.koronakarkonoszy.pl\/blog\/wp-content\/uploads\/2022\/03\/wedding-7003293_1280-300x200.jpg 300w, https:\/\/www.koronakarkonoszy.pl\/blog\/wp-content\/uploads\/2022\/03\/wedding-7003293_1280-768x512.jpg 768w, https:\/\/www.koronakarkonoszy.pl\/blog\/wp-content\/uploads\/2022\/03\/wedding-7003293_1280.jpg 1280w\" sizes=\"auto, (max-width: 1024px) 100vw, 1024px\" \/><figcaption class=\"wp-element-caption\"><strong>Para M\u0142oda w zimowej stylizacji \u015blubnej<\/strong><\/figcaption><\/figure>\n\n\n\n<h2 class=\"wp-block-heading\" id=\"ha-jak-sie-ubrac-na-slub-w-styczniu\">Jak si\u0119 ubra\u0107 na \u015blub w styczniu?<\/h2>\n\n\n\n<p>W przypadku \u015blubu zim\u0105 Panny M\u0142ode cz\u0119sto zastanawiaj\u0105 si\u0119, jakie kreacje b\u0119d\u0105 odpowiednie na \u015blub w styczniu? <a href=\"https:\/\/www.koronakarkonoszy.pl\/blog\/wesele-w-dworku\/\" class=\"links-placer\">Bajkowe wesele<\/a> glamour to doskona\u0142a okazja do tego, by w\u0142o\u017cy\u0107 bajkowe kreacje i poczu\u0107 si\u0119 jak prawdziwa para kr\u00f3lewska. Jaka powinna by\u0107 stylizacja Panny M\u0142odej na wesele w styczniu? <strong>Zimowa Panna M\u0142oda mo\u017ce pokusi\u0107 si\u0119 o pi\u0119kn\u0105 sukni\u0119 typu princessa z rozkloszowanym, tiulowym do\u0142em<\/strong>. Mile widziana b\u0119dzie kreacja zdobiona cekinami, kryszta\u0142kami i innymi l\u015bni\u0105cymi elementami. Dope\u0142nieniem \u015blubnej stylizacji powinien by\u0107 d\u0142ugi welon. \u015awietnie sprawdzi si\u0119 r\u00f3wnie\u017c gustowna tiara. Panna M\u0142oda powinna zaopatrzy\u0107 si\u0119 w ciep\u0142e okrycie wierzchnie, kt\u00f3re b\u0119dzie mog\u0142a narzuci\u0107 na siebie w drodze do ko\u015bcio\u0142a\/urz\u0119du i na sal\u0119 weseln\u0105.<\/p>\n\n\n\n<figure class=\"wp-block-image size-large\"><img loading=\"lazy\" decoding=\"async\" width=\"1024\" height=\"682\" src=\"https:\/\/www.koronakarkonoszy.pl\/blog\/wp-content\/uploads\/2022\/03\/wedding-7003291_1280-1024x682.jpg\" alt=\"zimowa sesja \u015blubna: nowo\u017ce\u0144cy\" class=\"wp-image-3459\" srcset=\"https:\/\/www.koronakarkonoszy.pl\/blog\/wp-content\/uploads\/2022\/03\/wedding-7003291_1280-1024x682.jpg 1024w, https:\/\/www.koronakarkonoszy.pl\/blog\/wp-content\/uploads\/2022\/03\/wedding-7003291_1280-300x200.jpg 300w, https:\/\/www.koronakarkonoszy.pl\/blog\/wp-content\/uploads\/2022\/03\/wedding-7003291_1280-768x512.jpg 768w, https:\/\/www.koronakarkonoszy.pl\/blog\/wp-content\/uploads\/2022\/03\/wedding-7003291_1280.jpg 1280w\" sizes=\"auto, (max-width: 1024px) 100vw, 1024px\" \/><figcaption class=\"wp-element-caption\"><strong>Zimowa Panna M\u0142oda &nbsp;<\/strong><\/figcaption><\/figure>\n\n\n\n<p> Z eleganck\u0105 sukni\u0105 glamour doskonale komponuje si\u0119 bia\u0142e futerko lub gustowny szal z dzianinowej tkaniny. W zimowej stylizacji warto te\u017c wykorzysta\u0107 mufki i etole \u2013 troch\u0119 ju\u017c zapomniane elementy damskiej garderoby, kt\u00f3re podczas styczniowego \u015blubu dodadz\u0105 wyj\u0105tkowego uroku zimowej Pannie M\u0142odej. Idealn\u0105 kreacj\u0105 dla Pana M\u0142odego b\u0119dzie natomiast klasyczny, czarny frak lub elegancki garnitur po\u0142\u0105czony z prostym p\u0142aszczem w stonowanym kolorze. A wi\u0119c wystarcz\u0105 odpowiednie <a href=\"https:\/\/www.koronakarkonoszy.pl\/blog\/niezbedne-dodatki-na-wesele-zima\/\" target=\"_blank\" rel=\"noreferrer noopener\">dodatki na wesele zim\u0105<\/a>, by w pe\u0142ni cieszy\u0107 si\u0119 chwil\u0105, nie przejmuj\u0105c temperatur\u0105 na zewn\u0105trz. &nbsp;<\/p>\n\n\n<section id=\"leonardo-block_325e84d26b7928dde634b70623da212e\" class=\"leonardo page-breaker leonardo-image-left\">\r\n    <div class=\"leonardo-body\">\r\n        <h2 class=\"leonardo-title\" id=\"h-slub-w-styczniu-zimowe-inspiracje\">\u015alub w styczniu \u2013 zimowe inspiracje<\/h2>        <div class=\"leonardo-content\"><p><!-- wp:heading --><\/p>\n<p>A co, gdyby tak przenie\u015b\u0107 zimow\u0105, mro\u017an\u0105 aur\u0119 na sal\u0119 weseln\u0105? <strong>\u015alub w styczniu<\/strong> to doskona\u0142a okazja do organizacji przyj\u0119cia w stylu lodowej krainy. W weselnej aran\u017cacji nie mo\u017ce zabrakn\u0105\u0107 naturalnych szyszek, delikatnych \u015bnie\u017cynek, zielonych choinek opr\u00f3szonych \u015bniegiem, subtelnych \u015bwiate\u0142ek i eleganckich \u015bwiec. Dope\u0142nieniem zimowej aran\u017cacji powinny by\u0107 bia\u0142e kwiaty \u2013 na przyk\u0142ad r\u00f3\u017ce, kt\u00f3re s\u0105 dost\u0119pne przez ca\u0142y rok. Para M\u0142oda mo\u017ce pojecha\u0107 do \u015blubu saniami zamiast samochodem. Je\u015bli lubicie zimowe \u015bluby &#8211; nie ma co si\u0119 waha\u0107. <strong>Takich <a href=\"https:\/\/www.koronakarkonoszy.pl\/blog\/zimowe-atrakcje-na-weselu\/\" target=\"_blank\" rel=\"noopener\">atrakcji<\/a> jaki kulig nie uda si\u0119 zapewni\u0107 w \u017cadnej innej porze roku. Oto co zapewnia <a href=\"https:\/\/www.koronakarkonoszy.pl\/blog\/slub-zima\/\" class=\"links-placer\">zimowy \u015blub<\/a>.<\/strong><\/p>\n<p><!-- \/wp:paragraph --><\/p>\n<\/div>\r\n                    <aside class=\"leonardo-interlink\">\r\n                <b>Polecamy<\/b>\r\n                <a href=\"https:\/\/www.koronakarkonoszy.pl\/blog\/wesele-okolice-wroclawia\/\">Wesele okolice Wroc\u0142awia \u2013 gdzie zorganizowa\u0107 przyj\u0119cie?<\/a>\r\n            <\/aside>\r\n            <\/div>\r\n    <div class=\"leonardo-image\">\r\n        <img loading=\"lazy\" decoding=\"async\" width=\"1024\" height=\"683\" src=\"https:\/\/www.koronakarkonoszy.pl\/blog\/wp-content\/uploads\/2021\/07\/kulig-wesele.jpg\" class=\"attachment-full size-full\" alt=\"atrakcje na weselu\" srcset=\"https:\/\/www.koronakarkonoszy.pl\/blog\/wp-content\/uploads\/2021\/07\/kulig-wesele.jpg 1024w, https:\/\/www.koronakarkonoszy.pl\/blog\/wp-content\/uploads\/2021\/07\/kulig-wesele-300x200.jpg 300w, https:\/\/www.koronakarkonoszy.pl\/blog\/wp-content\/uploads\/2021\/07\/kulig-wesele-768x512.jpg 768w\" sizes=\"auto, (max-width: 1024px) 100vw, 1024px\" \/>            <\/div>\r\n<\/section>\n\n\n<h3 class=\"wp-block-heading\" id=\"ha-motyw-przewodni-wesela-zima\">Motyw przewodni wesela zim\u0105<\/h3>\n\n\n\n<p>Jak wykreowa\u0107 klimat zimowego wesel? Biel, biel i jeszcze raz biel! Je\u015bli dope\u0142nimy j\u0105 zieleni\u0105 i czerwieni\u0105, otrzymamy efekt \u015bwi\u0105teczny, kt\u00f3ry w pierwszej po\u0142owie stycznia b\u0119dzie jak najbardziej na miejscu. Zimowe dekoracje \u015blubne mog\u0105 te\u017c wyst\u0119powa\u0107 w granatach \u2013 osi\u0105gniemy wtedy bardzo eleganck\u0105 aran\u017cacj\u0119. Z kolei ch\u0142odny b\u0142\u0119kit i srebro po\u0142\u0105czone z biel\u0105 sprawi\u0105, \u017ce b\u0119dzie ona wydawa\u0142a si\u0119 jeszcze zimniejsza. Poczujemy si\u0119 niczym w lodowym pa\u0142acu. Do zimowych wesel idealnie pasuje motyw <a href=\"https:\/\/www.koronakarkonoszy.pl\/blog\/krolowa-sniegu-czyli-zimowa-panna-mloda\/\" target=\"_blank\" rel=\"noreferrer noopener\">Kr\u00f3lowej \u015aniegu<\/a>. Zimowa oprawa \u015blubu to l\u015bni\u0105ca biel, kryszta\u0142y i kryszta\u0142ki oraz lustra \u2013 razem da to efekt wesela w stylu glamour.<\/p>\n\n\n<section id=\"leonardo-block_2efbffab041d75f57b7959a925640d31\" class=\"leonardo page-breaker leonardo-image-right\">\r\n    <div class=\"leonardo-body\">\r\n        <h2 class=\"leonardo-title\" id=\"h-slub-w-styczniu\">\u015alub w styczniu<\/h2>        <div class=\"leonardo-content\"><p>Na\u00a0<a href=\"https:\/\/www.koronakarkonoszy.pl\/blog\/zimowy-slub-wady-i-zalety\/\" target=\"_blank\" rel=\"noopener\">zimowym \u015blubie<\/a>\u00a0nie mo\u017ce zabrakn\u0105\u0107 zimowych atrakcji! \u015awietnie sprawdz\u0105 si\u0119 <strong>zimne ognie,<\/strong> kt\u00f3re mo\u017cna wykorzysta\u0107 na przyk\u0142ad do \u015blubnych zdj\u0119\u0107 lub jako t\u0142o pierwszego ta\u0144ca zakochanych. B\u0142yszcz\u0105ce iskierki idealnie wsp\u00f3\u0142graj\u0105 z mro\u017an\u0105 aur\u0105. Mog\u0105 stworzy\u0107 magiczny klimat i podkre\u015bli\u0107 romantyczny charakter wydarzenia. \u015alub zim\u0105 pe\u0142en jest wyj\u0105tkowego czaru. Je\u015bli <a href=\"https:\/\/www.koronakarkonoszy.pl\/blog\/zimowe-wesele\/\" class=\"links-placer\">zimowe wesele<\/a> zorganizujecie w g\u00f3rach, t\u0142em zdj\u0119\u0107 b\u0119d\u0105 o\u015bnie\u017cone szczyty albo zamarzni\u0119te g\u00f3rskie wodospady. Zimow\u0105 sesj\u0119 weseln\u0105 mo\u017cna te\u017c przygotowa\u0107 po zapadni\u0119ciu zmroku, gdy \u015bwiat za oknem wygl\u0105da jeszcze bardziej bajkowo.<\/p>\n<\/div>\r\n                    <aside class=\"leonardo-interlink\">\r\n                <b>Polecamy<\/b>\r\n                <a href=\"https:\/\/www.koronakarkonoszy.pl\/blog\/scianka-na-wesele\/\">Do czego s\u0142u\u017cy \u015bcianka na wesele?<\/a>\r\n            <\/aside>\r\n            <\/div>\r\n    <div class=\"leonardo-image\">\r\n        <img loading=\"lazy\" decoding=\"async\" width=\"1920\" height=\"1280\" src=\"https:\/\/www.koronakarkonoszy.pl\/blog\/wp-content\/uploads\/2023\/03\/andreas-ronningen-S2YssLw97l4-unsplash.jpg\" class=\"attachment-full size-full\" alt=\"\" srcset=\"https:\/\/www.koronakarkonoszy.pl\/blog\/wp-content\/uploads\/2023\/03\/andreas-ronningen-S2YssLw97l4-unsplash.jpg 1920w, https:\/\/www.koronakarkonoszy.pl\/blog\/wp-content\/uploads\/2023\/03\/andreas-ronningen-S2YssLw97l4-unsplash-300x200.jpg 300w, https:\/\/www.koronakarkonoszy.pl\/blog\/wp-content\/uploads\/2023\/03\/andreas-ronningen-S2YssLw97l4-unsplash-1024x683.jpg 1024w, https:\/\/www.koronakarkonoszy.pl\/blog\/wp-content\/uploads\/2023\/03\/andreas-ronningen-S2YssLw97l4-unsplash-768x512.jpg 768w, https:\/\/www.koronakarkonoszy.pl\/blog\/wp-content\/uploads\/2023\/03\/andreas-ronningen-S2YssLw97l4-unsplash-1536x1024.jpg 1536w, https:\/\/www.koronakarkonoszy.pl\/blog\/wp-content\/uploads\/2023\/03\/andreas-ronningen-S2YssLw97l4-unsplash-18x12.jpg 18w\" sizes=\"auto, (max-width: 1920px) 100vw, 1920px\" \/>            <\/div>\r\n<\/section>\n\n\n<h2 class=\"wp-block-heading\" id=\"ha-niezapomniane-wesele-w-gorach\">Niezapomniane wesele w g\u00f3rach<\/h2>\n\n\n\n<p><strong>Stycze\u0144 to doskona\u0142y czas na organizacj\u0119\u00a0wesela w g\u00f3rach.<\/strong> W\u0142a\u015bnie w stylu glamour! Doskonale sprawdzi si\u0119 wtedy tradycyjna, elegancka <a href=\"https:\/\/www.koronakarkonoszy.pl\/sala-weselna\/\" target=\"_blank\" rel=\"noreferrer noopener\">sala weselna<\/a>\u00a0usytuowana w malowniczej, g\u00f3rskiej okolicy. Na przyk\u0142ad <strong>Dw\u00f3r Korona Karkonoszy w Sosn\u00f3wce ko\u0142o Karpacza<\/strong> dysponuje wysok\u0105 na 9 metr\u00f3w, pi\u0119kn\u0105 sal\u0105 balow\u0105 na 170 os\u00f3b z oryginalnym, bia\u0142ym parkietem.<\/p>\n\n\n\n<figure class=\"wp-block-image size-large\"><img loading=\"lazy\" decoding=\"async\" width=\"1024\" height=\"683\" src=\"https:\/\/www.koronakarkonoszy.pl\/blog\/wp-content\/uploads\/2022\/08\/20722274301_85905cf57f_o-1024x683.jpg\" alt=\"\" class=\"wp-image-5262\" srcset=\"https:\/\/www.koronakarkonoszy.pl\/blog\/wp-content\/uploads\/2022\/08\/20722274301_85905cf57f_o-1024x683.jpg 1024w, https:\/\/www.koronakarkonoszy.pl\/blog\/wp-content\/uploads\/2022\/08\/20722274301_85905cf57f_o-300x200.jpg 300w, https:\/\/www.koronakarkonoszy.pl\/blog\/wp-content\/uploads\/2022\/08\/20722274301_85905cf57f_o-768x512.jpg 768w, https:\/\/www.koronakarkonoszy.pl\/blog\/wp-content\/uploads\/2022\/08\/20722274301_85905cf57f_o.jpg 1200w\" sizes=\"auto, (max-width: 1024px) 100vw, 1024px\" \/><figcaption class=\"wp-element-caption\"><strong><a href=\"https:\/\/www.koronakarkonoszy.pl\/dworska-sala-balowa\/\" target=\"_blank\" rel=\"noreferrer noopener\">Sala na wesele<\/a> &#8211; Dw\u00f3r Korona Karkonoszy, Sosn\u00f3wka k. Karpacza <\/strong><\/figcaption><\/figure>\n\n\n\n<p>W okresie zimowym Pary M\u0142ode ch\u0119tnie decyduj\u0105 si\u0119 na wesele wyjazdowe w Karkonoszach. Zima w g\u00f3rach \u015bwietnie prezentuje si\u0119 na zdj\u0119ciach, a i \u015bnieg, gdzie indziej szybko topniej\u0105cy, na terenach g\u00f3rskich stanowi wyj\u0105tkow\u0105 opraw\u0119 wesela.<\/p>\n\n\n\n<style>\n    .cta_block{\n        margin: 1.5em 0;\n    }\n    .cta_block_content {\n        position: relative;\n        color: white;\n        padding: 1em;\n    }\n    .cta_block_content h3{\n        text-align: center;\n        font: normal normal normal 36px\/50px Yeseva One;\n    }\n    .cta_block_content .cta_block_desc{\n        text-align: center;\n        font-size: 1.1em;\n        position: relative;\n    }\n    .cta_block_content .cta_block_desc:before {\n        content: '';\n        width: 80px;\n        height: 4px;\n        background: #EEB315;\n        position: absolute;\n        left: 0;\n        right: 0;\n        margin-left: auto;\n        margin-right: auto;\n        top: -22px;\n    }\n\n    .cta_block_content picture{\n        position: absolute;\n        top: 0;\n        right: 0;\n        z-index: -1;\n        height: 100%;\n        overflow: hidden;\n        width: 100%;\n    }\n    .cta_block_content picture img{\n        object-fit: cover;\n        height: 100%;\n        width: 100%;\n    }\n    .cta_block .cta_block_content .ninja-forms-field{\n        background: #FFFFFF2F;\n        border: 1px solid #EEB315;\n        border-radius: 25px;\n        opacity: 1;\n        color: #ffffff;\n    }\n    .cta_block .cta_block_content .nf-form-content input[type=submit]{\n        background-color: #EEB315;\n        color: #292929;\n        text-align: center;\n        font: normal normal bold 14px\/20px Work Sans;\n        padding: 0 2em;\n    }\n\n    .cta_block ::placeholder{\n        color: white!important;\n        opacity: 1;\n    }\n\n    .cta_block_content::after {\n        height: 100%;\n        width: 100%;\n        content: \"\";\n        z-index: -1;\n        position: absolute;\n        top: 0;\n        background: #00000070;\n        right: 0;\n        left: 0;\n        bottom: 0;\n    }\n    #ha-cta-block, .cta_block_desc, .cta_block .nf-field-label, .cta_block .nf-error-msg {\n        filter: drop-shadow(1px 1px 8px black);\n    }\n\n\/*    .cta_block nf-rows-wrap {\n        display: flex;\n        justify-content: space-around;\n        flex-direction: row;\n    }*\/\n\n    .cta_block .nf-field-label {\n        display:none;\n    }\n\n    .cta_block .nf-error.field-wrap .nf-field-element::after {\n        border-radius: 50px;\n    }\n\n    .cta_block .nf-error-msg {\n        color: #fff;\n    }\n\n    .cta_block .nf-form-cont {\n        margin-top: 3em;\n        margin-bottom: 1em;\n    }\n\n    .wp-admin .cta_block_content{\n        display: none;\n    }\n    .cta_block .nf-form-fields-required {\n        display: none;\n    }\n    body:not(.wp-admin) .cta_block_admin {\n        display: none;\n    }\n<\/style>\n<div id=\"cta_block-block_826f9f44369176f84fd6f297f4ee62b1\" class=\"cta_block\">\n    <div class=\"cta_block_admin\" style=\"background-color: blue; color: white\">\n        Blok CTA\n    <\/div>\n    <div class=\"cta_block\">\n        <div class=\"cta_block_content\">   \n        <h3 id=\"ha-marzycie-o-magicznym-zimowym-weselu\">Marzycie o magicznym zimowym weselu? <\/h3>\n                    <div class=\"cta_block_desc\">Najlepiej w g\u00f3rach! <\/div>\n                <noscript class=\"ninja-forms-noscript-message\">\n\tUwaga: ta zawarto\u015b\u0107 wymaga obs\u0142ugi j\u0119zyka JavaScript.<\/noscript>\n<div id=\"nf-form-3_1-cont\" class=\"nf-form-cont\" aria-live=\"polite\" aria-labelledby=\"nf-form-title-3_1\" aria-describedby=\"nf-form-errors-3_1\" role=\"form\">\n\n    <div class=\"nf-loading-spinner\"><\/div>\n\n<\/div>\n        <!-- That data is being printed as a workaround to page builders reordering the order of the scripts loaded-->\n        <script>var formDisplay=1;var nfForms=nfForms||[];var form=[];form.id='3_1';form.settings={\"objectType\":\"Form Setting\",\"editActive\":true,\"title\":\"Block CTA\",\"created_at\":\"2022-11-08 16:03:33\",\"default_label_pos\":\"above\",\"show_title\":0,\"clear_complete\":\"1\",\"hide_complete\":\"1\",\"logged_in\":\"\",\"wrapper_class\":\"\",\"element_class\":\"\",\"key\":\"\",\"add_submit\":\"0\",\"changeEmailErrorMsg\":\"Wprowad\\u017a prawid\\u0142owy adres e-mail!\",\"changeDateErrorMsg\":\"Prosz\\u0119 wpisa\\u0107 prawid\\u0142ow\\u0105 dat\\u0119!\",\"confirmFieldErrorMsg\":\"Te pola musz\\u0105 si\\u0119 zgadza\\u0107!\",\"fieldNumberNumMinError\":\"B\\u0142\\u0105d \\u2014 liczba minimalna\",\"fieldNumberNumMaxError\":\"B\\u0142\\u0105d \\u2014 liczba maksymalna\",\"fieldNumberIncrementBy\":\"Zwi\\u0119ksz o \",\"formErrorsCorrectErrors\":\"Popraw b\\u0142\\u0119dy, zanim prze\\u015blesz formularz.\",\"validateRequiredField\":\"To jest wymagane pole.\",\"honeypotHoneypotError\":\"B\\u0142\\u0105d Honeypot\",\"fieldsMarkedRequired\":\"Pola oznaczone znakiem &lt;span class=&quot;ninja-forms-req-symbol&quot;&gt;*&lt;\\\/span&gt; s\\u0105 wymagane\",\"currency\":\"\",\"repeatable_fieldsets\":\"\",\"unique_field_error\":\"Formularz z t\\u0105 warto\\u015bci\\u0105 zosta\\u0142 ju\\u017c przes\\u0142any.\",\"not_logged_in_msg\":\"\",\"sub_limit_msg\":\"Formularz osi\\u0105gn\\u0105\\u0142 limit wys\\u0142a\\u0144.\",\"calculations\":[],\"container_styles_show_advanced_css\":\"0\",\"title_styles_show_advanced_css\":\"0\",\"row_styles_show_advanced_css\":\"0\",\"row-odd_styles_show_advanced_css\":\"0\",\"success-msg_styles_show_advanced_css\":\"0\",\"error_msg_styles_show_advanced_css\":\"0\",\"formContentData\":[{\"order\":1,\"cells\":[{\"order\":0,\"fields\":[\"phone_1640098023980\"],\"width\":35},{\"order\":1,\"fields\":[\"adres_e-mail_1667919839452\"],\"width\":35},{\"order\":2,\"fields\":[\"zapisz_mnie_1667919853255\"],\"width\":30}]}],\"drawerDisabled\":false,\"conditions\":[],\"allow_public_link\":0,\"embed_form\":\"\",\"container_styles_border\":\"\",\"container_styles_height\":\"\",\"container_styles_margin\":\"\",\"container_styles_padding\":\"\",\"container_styles_float\":\"\",\"title_styles_border\":\"\",\"title_styles_height\":\"\",\"title_styles_width\":\"\",\"title_styles_font-size\":\"\",\"title_styles_margin\":\"\",\"title_styles_padding\":\"\",\"title_styles_float\":\"\",\"row_styles_border\":\"\",\"row_styles_width\":\"\",\"row_styles_font-size\":\"\",\"row_styles_margin\":\"\",\"row_styles_padding\":\"\",\"row-odd_styles_border\":\"\",\"row-odd_styles_height\":\"\",\"row-odd_styles_width\":\"\",\"row-odd_styles_font-size\":\"\",\"row-odd_styles_margin\":\"\",\"row-odd_styles_padding\":\"\",\"success-msg_styles_border\":\"\",\"success-msg_styles_height\":\"\",\"success-msg_styles_width\":\"\",\"success-msg_styles_font-size\":\"\",\"success-msg_styles_margin\":\"\",\"success-msg_styles_padding\":\"\",\"error_msg_styles_border\":\"\",\"error_msg_styles_width\":\"\",\"error_msg_styles_font-size\":\"\",\"error_msg_styles_margin\":\"\",\"error_msg_styles_padding\":\"\",\"form_title_heading_level\":\"3\",\"ninjaForms\":\"Ninja Forms\",\"fieldTextareaRTEInsertLink\":\"Wstaw odno\\u015bnik\",\"fieldTextareaRTEInsertMedia\":\"Wstaw media\",\"fieldTextareaRTESelectAFile\":\"Wybierz plik\",\"formHoneypot\":\"Je\\u015bli jeste\\u015b cz\\u0142owiekiem i widzisz to pole, nie wype\\u0142niaj go.\",\"fileUploadOldCodeFileUploadInProgress\":\"Przesy\\u0142anie pliku w toku.\",\"fileUploadOldCodeFileUpload\":\"PRZESY\\u0141ANIE PLIKU\",\"currencySymbol\":\"&#36;\",\"thousands_sep\":\"&nbsp;\",\"decimal_point\":\",\",\"siteLocale\":\"pl_PL\",\"dateFormat\":\"m\\\/d\\\/Y\",\"startOfWeek\":\"1\",\"of\":\"z\",\"previousMonth\":\"Poprzedni miesi\\u0105c\",\"nextMonth\":\"Nast\\u0119pny miesi\\u0105c\",\"months\":[\"Stycze\\u0144\",\"Luty\",\"Marzec\",\"Kwiecie\\u0144\",\"Maj\",\"Czerwiec\",\"Lipiec\",\"Sierpie\\u0144\",\"Wrzesie\\u0144\",\"Pa\\u017adziernik\",\"Listopad\",\"Grudzie\\u0144\"],\"monthsShort\":[\"Sty\",\"Lut\",\"Mar\",\"Kw\",\"Maj\",\"Cze\",\"Lip\",\"Sie\",\"Wrz\",\"Pa\\u017a\",\"Lis\",\"Gru\"],\"weekdays\":[\"Niedziela\",\"Poniedzia\\u0142ek\",\"Wtorek\",\"\\u015aroda\",\"Czwartek\",\"Pi\\u0105tek\",\"Sobota\"],\"weekdaysShort\":[\"Niedz\",\"Pon\",\"Wt\",\"\\u015ar\",\"Czw\",\"Pt\",\"Sob\"],\"weekdaysMin\":[\"Niedz\",\"Pon\",\"Wt\",\"\\u015ar\",\"Czw\",\"Pt\",\"Sob\"],\"recaptchaConsentMissing\":\"reCaptcha validation couldn&#039;t load.\",\"recaptchaMissingCookie\":\"reCaptcha v3 validation couldn&#039;t load the cookie needed to submit the form.\",\"recaptchaConsentEvent\":\"Accept reCaptcha cookies before sending the form.\",\"currency_symbol\":\"\",\"beforeForm\":\"\",\"beforeFields\":\"\",\"afterFields\":\"\",\"afterForm\":\"\"};form.fields=[{\"objectType\":\"Field\",\"objectDomain\":\"fields\",\"editActive\":false,\"order\":1,\"idAttribute\":\"id\",\"type\":\"phone\",\"label\":\"Numer telefonu\",\"key\":\"phone_1640098023980\",\"label_pos\":\"above\",\"required\":1,\"default\":\"\",\"placeholder\":\"Numer telefonu\",\"container_class\":\"\",\"element_class\":\"\",\"input_limit\":\"\",\"input_limit_type\":\"characters\",\"input_limit_msg\":\"Liczba pozosta\\u0142ych znak\\u00f3w:\",\"manual_key\":\"\",\"admin_label\":\"\",\"help_text\":\"\",\"mask\":\"\",\"custom_mask\":\"\",\"custom_name_attribute\":\"phone\",\"personally_identifiable\":1,\"wrap_styles_border\":\"\",\"wrap_styles_width\":\"\",\"wrap_styles_margin\":\"\",\"wrap_styles_padding\":\"\",\"wrap_styles_float\":\"\",\"wrap_styles_show_advanced_css\":0,\"label_styles_border\":\"\",\"label_styles_width\":\"\",\"label_styles_font-size\":\"\",\"label_styles_margin\":\"\",\"label_styles_padding\":\"\",\"label_styles_float\":\"\",\"label_styles_show_advanced_css\":0,\"element_styles_border\":\"\",\"element_styles_width\":\"\",\"element_styles_font-size\":\"\",\"element_styles_margin\":\"\",\"element_styles_padding\":\"\",\"element_styles_float\":\"\",\"element_styles_show_advanced_css\":0,\"cellcid\":\"c3386\",\"value\":\"\",\"field_label\":\"Numer telefonu\",\"field_key\":\"phone_1640098023980\",\"drawerDisabled\":false,\"id\":\"8_1\",\"beforeField\":\"\",\"afterField\":\"\",\"parentType\":\"textbox\",\"element_templates\":[\"tel\",\"textbox\",\"input\"],\"old_classname\":\"\",\"wrap_template\":\"wrap\"},{\"objectType\":\"Field\",\"objectDomain\":\"fields\",\"editActive\":false,\"order\":2,\"idAttribute\":\"id\",\"type\":\"email\",\"label\":\"Adres e-mail\",\"key\":\"adres_e-mail_1667919839452\",\"label_pos\":\"above\",\"required\":1,\"default\":\"\",\"placeholder\":\"Adres e-mail\",\"container_class\":\"\",\"element_class\":\"\",\"admin_label\":\"\",\"help_text\":\"\",\"custom_name_attribute\":\"email\",\"personally_identifiable\":1,\"wrap_styles_border\":\"\",\"wrap_styles_width\":\"\",\"wrap_styles_margin\":\"\",\"wrap_styles_padding\":\"\",\"wrap_styles_float\":\"\",\"wrap_styles_show_advanced_css\":0,\"label_styles_border\":\"\",\"label_styles_width\":\"\",\"label_styles_font-size\":\"\",\"label_styles_margin\":\"\",\"label_styles_padding\":\"\",\"label_styles_float\":\"\",\"label_styles_show_advanced_css\":0,\"element_styles_border\":\"\",\"element_styles_width\":\"\",\"element_styles_font-size\":\"\",\"element_styles_margin\":\"\",\"element_styles_padding\":\"\",\"element_styles_float\":\"\",\"element_styles_show_advanced_css\":0,\"cellcid\":\"c3389\",\"value\":\"\",\"drawerDisabled\":false,\"field_label\":\"E-mail\",\"field_key\":\"email_1640098026199\",\"id\":\"9_1\",\"beforeField\":\"\",\"afterField\":\"\",\"parentType\":\"email\",\"element_templates\":[\"email\",\"input\"],\"old_classname\":\"\",\"wrap_template\":\"wrap\"},{\"objectType\":\"Field\",\"objectDomain\":\"fields\",\"editActive\":false,\"order\":3,\"idAttribute\":\"id\",\"type\":\"submit\",\"label\":\"Zapisz mnie\",\"processing_label\":\"W trakcie realizacji\",\"container_class\":\"\",\"element_class\":\"\",\"key\":\"zapisz_mnie_1667919853255\",\"wrap_styles_border\":\"\",\"wrap_styles_width\":\"\",\"wrap_styles_margin\":\"\",\"wrap_styles_padding\":\"\",\"wrap_styles_float\":\"\",\"wrap_styles_show_advanced_css\":0,\"element_styles_border\":\"\",\"element_styles_width\":\"\",\"element_styles_font-size\":\"\",\"element_styles_margin\":\"\",\"element_styles_padding\":\"\",\"element_styles_float\":\"\",\"element_styles_show_advanced_css\":0,\"submit_element_hover_styles_border\":\"\",\"submit_element_hover_styles_width\":\"\",\"submit_element_hover_styles_font-size\":\"\",\"submit_element_hover_styles_margin\":\"\",\"submit_element_hover_styles_padding\":\"\",\"submit_element_hover_styles_float\":\"\",\"submit_element_hover_styles_show_advanced_css\":0,\"cellcid\":\"c3391\",\"drawerDisabled\":false,\"field_label\":\"Zamawiam rozmow\\u0119\",\"field_key\":\"zamawiam_rozmowe_1640098067453\",\"id\":\"10_1\",\"beforeField\":\"\",\"afterField\":\"\",\"value\":\"\",\"label_pos\":\"above\",\"parentType\":\"textbox\",\"element_templates\":[\"submit\",\"button\",\"input\"],\"old_classname\":\"\",\"wrap_template\":\"wrap-no-label\"}];nfForms.push(form);<\/script>\n                <script id=\"nf-tmpl-cell\" type=\"text\/template\">\n            <nf-fields><\/nf-fields>\n        <\/script>\n\n        <script id=\"nf-tmpl-row\" type=\"text\/template\">\n            <nf-cells><\/nf-cells>\n        <\/script>\n\n                <img loading=\"lazy\" decoding=\"async\" width=\"1500\" height=\"705\" src=\"https:\/\/www.koronakarkonoszy.pl\/blog\/wp-content\/uploads\/2022\/06\/Dwor-Korona-Karkonoszy.jpg\" class=\"attachment-full size-full\" alt=\"\" srcset=\"https:\/\/www.koronakarkonoszy.pl\/blog\/wp-content\/uploads\/2022\/06\/Dwor-Korona-Karkonoszy.jpg 1500w, https:\/\/www.koronakarkonoszy.pl\/blog\/wp-content\/uploads\/2022\/06\/Dwor-Korona-Karkonoszy-300x141.jpg 300w, https:\/\/www.koronakarkonoszy.pl\/blog\/wp-content\/uploads\/2022\/06\/Dwor-Korona-Karkonoszy-1024x481.jpg 1024w, https:\/\/www.koronakarkonoszy.pl\/blog\/wp-content\/uploads\/2022\/06\/Dwor-Korona-Karkonoszy-768x361.jpg 768w\" sizes=\"auto, (max-width: 1500px) 100vw, 1500px\" \/>        <\/div> \n    <\/div>\n<\/div>\n\n\n\n<h2 class=\"wp-block-heading\" id=\"ha-wesele-w-stylu-folkowym\">Wesele w stylu folkowym<\/h2>\n\n\n\n<p>Jaki wybra\u0107 motyw przewodni wesela zim\u0105? Wesele folkowe! Nic tak nie oddaje g\u00f3rskiego klimatu, jak wiejska biesiada w tradycyjnej karczmie z drewnianych bali i kamienia. W weselnej aran\u017cacji w g\u00f3ralskim stylu powinny rz\u0105dzi\u0107 folkowe dekoracje. Haftowane obrusy i firany, delikatne kwiaty, kolorowe wycinanki i elementy z czerwonymi akcentami \u2013 starannie dobrane ozdoby stworz\u0105 na sali niesamowity klimat. Na weselnej biesiadzie nie mo\u017ce zabrakn\u0105\u0107 skocznej, radosnej muzyki przygrywanej przez g\u00f3ralsk\u0105 kapel\u0119, wiejskiego sto\u0142u ze swojskim jad\u0142em i tradycyjnych trunk\u00f3w. Absolutnym must have jest prawdziwy, g\u00f3ralski grzaniec sk\u0142adaj\u0105cy si\u0119 z dobrego wina i rozgrzewaj\u0105cych przypraw \u2013 takich jak cynamon, imbir, chili, pieprz, go\u017adziki czy ga\u0142ka muszkato\u0142owa.<\/p>\n\n\n\n<figure class=\"wp-block-image size-large\"><img loading=\"lazy\" decoding=\"async\" width=\"1024\" height=\"684\" src=\"https:\/\/www.koronakarkonoszy.pl\/blog\/wp-content\/uploads\/2021\/05\/suknia-1024x684.jpg\" alt=\"\" class=\"wp-image-6620\" srcset=\"https:\/\/www.koronakarkonoszy.pl\/blog\/wp-content\/uploads\/2021\/05\/suknia-1024x684.jpg 1024w, https:\/\/www.koronakarkonoszy.pl\/blog\/wp-content\/uploads\/2021\/05\/suknia-300x200.jpg 300w, https:\/\/www.koronakarkonoszy.pl\/blog\/wp-content\/uploads\/2021\/05\/suknia-768x513.jpg 768w, https:\/\/www.koronakarkonoszy.pl\/blog\/wp-content\/uploads\/2021\/05\/suknia-1920x1282.jpg 1920w, https:\/\/www.koronakarkonoszy.pl\/blog\/wp-content\/uploads\/2021\/05\/suknia-1536x1025.jpg 1536w, https:\/\/www.koronakarkonoszy.pl\/blog\/wp-content\/uploads\/2021\/05\/suknia-2048x1367.jpg 2048w\" sizes=\"auto, (max-width: 1024px) 100vw, 1024px\" \/><figcaption class=\"wp-element-caption\"><strong>\u015alub zimow\u0105 por\u0105<\/strong><\/figcaption><\/figure>\n\n\n\n<p>Wesele w styczniu to doskona\u0142y czas na urlop po\u015blubny w g\u00f3rskiej okolicy. Kilka dni sp\u0119dzonych na szusowaniu po o\u015bnie\u017conych stokach i romantycznych randkach, na kt\u00f3rych mo\u017cna spr\u00f3bowa\u0107 wy\u015bmienitych regionalnych da\u0144 i spokojnych w\u0119dr\u00f3wkach po malowniczej, zimowej okolicy to przepis na wy\u015bmienit\u0105 zabaw\u0119 i niezapomniane wra\u017cenia.<\/p>\n\n\n\n<figure class=\"wp-block-image size-large\"><img loading=\"lazy\" decoding=\"async\" width=\"1024\" height=\"576\" src=\"https:\/\/www.koronakarkonoszy.pl\/blog\/wp-content\/uploads\/2022\/01\/slub-w-adwencie-3-1024x576.jpg\" alt=\"\" class=\"wp-image-2672\" srcset=\"https:\/\/www.koronakarkonoszy.pl\/blog\/wp-content\/uploads\/2022\/01\/slub-w-adwencie-3-1024x576.jpg 1024w, https:\/\/www.koronakarkonoszy.pl\/blog\/wp-content\/uploads\/2022\/01\/slub-w-adwencie-3-300x169.jpg 300w, https:\/\/www.koronakarkonoszy.pl\/blog\/wp-content\/uploads\/2022\/01\/slub-w-adwencie-3-768x432.jpg 768w, https:\/\/www.koronakarkonoszy.pl\/blog\/wp-content\/uploads\/2022\/01\/slub-w-adwencie-3.jpg 1486w\" sizes=\"auto, (max-width: 1024px) 100vw, 1024px\" \/><figcaption class=\"wp-element-caption\"><strong><a href=\"https:\/\/www.koronakarkonoszy.pl\/wesele\/\" target=\"_blank\" rel=\"noreferrer noopener\">Dw\u00f3r Korona Karkonoszy<\/a>, Sosn\u00f3wka k. Karpacza <\/strong><\/figcaption><\/figure>\n\n\n\n<h2 class=\"wp-block-heading\" id=\"ha-jakie-sa-zalety-zimowych-slubow\">Jakie s\u0105 zalety zimowych \u015blub\u00f3w?<\/h2>\n\n\n\n<p>Jak zorganizowa\u0107 \u015blub zim\u0105? W sieci znajdziemy wiele porad dotycz\u0105cych \u015blubu zim\u0105. Oczywi\u015bcie wesele zim\u0105 budzi mieszane uczucia, zar\u00f3wno w\u015br\u00f3d Par M\u0142odych, jak i go\u015bci. Nies\u0142usznie! Stycze\u0144 to tak samo dobry miesi\u0105c na wzi\u0119cie \u015blubu i urz\u0105dzenie wesela jak ka\u017cdy inny. I mimo \u017ce \u015blub warto wzi\u0105\u0107 o ka\u017cdej porze roku, je\u015bli tylko jeste\u015bmy zakochani, to plusem wesela zim\u0105 jest ta jedyna w swoim rodzaju aura. A podczas zimowej sesji \u015blubnej uzyskamy efekty niespotykane nigdzie indziej. Tylko p\u0142atki \u015bniegu skrz\u0105ce si\u0119 w s\u0142o\u0144cu czy blasku ksi\u0119\u017cyca wywo\u0142uj\u0105 tak zjawiskowy efekt.&nbsp;<\/p>\n\n\n<section id=\"leonardo-block_6f18553e2b3a88daf32d1bd8dd7ef33c\" class=\"leonardo page-breaker leonardo-image-left\">\r\n    <div class=\"leonardo-body\">\r\n        <h2 class=\"leonardo-title\" id=\"h-slub-w-plenerze-zima\">\u015alub w plenerze zim\u0105<\/h2>        <div class=\"leonardo-content\"><p><!-- wp:heading --><\/p>\n<p>W okresie zimowym rzadko organizowane s\u0105 wesela czy \u015bluby w plenerze. Oczywi\u015bcie <a href=\"https:\/\/www.koronakarkonoszy.pl\/blog\/organizacja-wesel-od-a-do-z\/\" target=\"_blank\" rel=\"noopener\">organizacja<\/a> przyj\u0119cia weselnego zim\u0105 na \u015bwie\u017cym powietrzu to prawdziwe wyzwanie, wi\u0119c organizacj\u0119 \u015blubu zim\u0105 w plenerze warto powierzy\u0107 specjalistom. I co wa\u017cne, zorganizowa\u0107 go w pobli\u017cu obiektu weselnego, gdzie b\u0119dziemy mogli schroni\u0107 si\u0119 w razie za\u0142amania pogody. Na przyk\u0142ad w pi\u0119knym wielkim ogrodzie z zimozielonymi ro\u015blinami, w Dworze Korona Karkonoszy w Sosn\u00f3wce ko\u0142o Karpacza nawet zim\u0105 mo\u017cemy wzi\u0105\u0107 \u015blub w pi\u0119knej altanie na wzniesieniu, a potem urz\u0105dzi\u0107 ognisko i kulig, lub schroni\u0107 si\u0119 w jednej z sal weselnych i tam kontynuowa\u0107 zabaw\u0119. Tylko podczas \u015blubu w plenerze przyda si\u0119 zimowa suknia \u015blubna \u2013 na pewno cieplejsza ni\u017c model przeznaczony do zabaw wewn\u0105trz dom\u00f3w weselnych.<\/p>\n<p><!-- \/wp:paragraph --><\/p>\n<\/div>\r\n                    <aside class=\"leonardo-interlink\">\r\n                <b>Polecamy<\/b>\r\n                <a href=\"https:\/\/www.koronakarkonoszy.pl\/blog\/slub-jelenia-gora\/\">\u015alub Jelenia G\u00f3ra \u2013 sielska ceremonia w stolicy Karkonoszy<\/a>\r\n            <\/aside>\r\n            <\/div>\r\n    <div class=\"leonardo-image\">\r\n        <img loading=\"lazy\" decoding=\"async\" width=\"2560\" height=\"1440\" src=\"https:\/\/www.koronakarkonoszy.pl\/blog\/wp-content\/uploads\/2022\/01\/9-scaled.jpg\" class=\"attachment-full size-full\" alt=\"\" srcset=\"https:\/\/www.koronakarkonoszy.pl\/blog\/wp-content\/uploads\/2022\/01\/9-scaled.jpg 2560w, https:\/\/www.koronakarkonoszy.pl\/blog\/wp-content\/uploads\/2022\/01\/9-300x169.jpg 300w, https:\/\/www.koronakarkonoszy.pl\/blog\/wp-content\/uploads\/2022\/01\/9-1024x576.jpg 1024w, https:\/\/www.koronakarkonoszy.pl\/blog\/wp-content\/uploads\/2022\/01\/9-768x432.jpg 768w, https:\/\/www.koronakarkonoszy.pl\/blog\/wp-content\/uploads\/2022\/01\/9-1920x1080.jpg 1920w, https:\/\/www.koronakarkonoszy.pl\/blog\/wp-content\/uploads\/2022\/01\/9-1536x864.jpg 1536w, https:\/\/www.koronakarkonoszy.pl\/blog\/wp-content\/uploads\/2022\/01\/9-2048x1152.jpg 2048w, https:\/\/www.koronakarkonoszy.pl\/blog\/wp-content\/uploads\/2022\/01\/9-18x10.jpg 18w\" sizes=\"auto, (max-width: 2560px) 100vw, 2560px\" \/>            <\/div>\r\n<\/section>\n\n\n<h2 class=\"wp-block-heading\" id=\"ha-slub-i-wesele-zima-tak-czy-nie\">\u015alub i wesele zim\u0105 \u2013 tak czy nie?<\/h2>\n\n\n\n<p>\u015alub zim\u0105 to wyj\u0105tkowa uroczysto\u015b\u0107. Ka\u017cdy z nas ma dobre wspomnienia z dzieci\u0144stwa zwi\u0105zane z t\u0105 por\u0105 roku. \u015awi\u0119ta, ferie, sanki, \u015bnie\u017cki, \u0142y\u017cwy, lepienie ba\u0142wana \u2013 dzieci zwykle s\u0105 zachwycone zim\u0105. Czemu jako doro\u015bli nie mieliby\u015bmy doceni\u0107 tej pory roku? Nawet je\u015bli \u015blub zim\u0105 nadal jest rzadziej wybieran\u0105 opcj\u0105 ni\u017c wesele latem, to warto dostrzec plusy \u015blubu zim\u0105. Wyj\u0105tkowa atmosfera, dost\u0119pno\u015b\u0107 lokali i us\u0142ug oraz ceny powinny nas sk\u0142oni\u0107 do rozwa\u017cenia \u015blubu w styczniu. Po prostu &#8211; ta\u0144szy zimowy \u015blub to podstawowa zaleta wesela w styczniu. Minusy \u015blubu zim\u0105 widzi tylko ten, kto wyj\u0105tkowo nie lubi zimy, \u015bnie\u017cynek i tej magicznej aury.<\/p>\n\n\n\n<figure class=\"wp-block-image size-large\"><img loading=\"lazy\" decoding=\"async\" width=\"1024\" height=\"683\" src=\"https:\/\/www.koronakarkonoszy.pl\/blog\/wp-content\/uploads\/2019\/11\/20180119-Klaudia-Cieplinska-Photo-JA-13-copy-1024x683.jpg\" alt=\"\" class=\"wp-image-4913\" srcset=\"https:\/\/www.koronakarkonoszy.pl\/blog\/wp-content\/uploads\/2019\/11\/20180119-Klaudia-Cieplinska-Photo-JA-13-copy-1024x683.jpg 1024w, https:\/\/www.koronakarkonoszy.pl\/blog\/wp-content\/uploads\/2019\/11\/20180119-Klaudia-Cieplinska-Photo-JA-13-copy-300x200.jpg 300w, https:\/\/www.koronakarkonoszy.pl\/blog\/wp-content\/uploads\/2019\/11\/20180119-Klaudia-Cieplinska-Photo-JA-13-copy-768x512.jpg 768w, https:\/\/www.koronakarkonoszy.pl\/blog\/wp-content\/uploads\/2019\/11\/20180119-Klaudia-Cieplinska-Photo-JA-13-copy-1536x1024.jpg 1536w, https:\/\/www.koronakarkonoszy.pl\/blog\/wp-content\/uploads\/2019\/11\/20180119-Klaudia-Cieplinska-Photo-JA-13-copy.jpg 1620w\" sizes=\"auto, (max-width: 1024px) 100vw, 1024px\" \/><figcaption class=\"wp-element-caption\"><strong>Para M\u0142oda podczas zimowej sesji \u015blubnej<\/strong><\/figcaption><\/figure>\n\n\n\n<p>A wi\u0119c czy warto organizowa\u0107 wesele w styczniu? Obecnie <strong>sezon \u015blubny trwa ca\u0142y rok<\/strong>. Ka\u017cdy miesi\u0105c ma w sobie co\u015b wyj\u0105tkowego. Ma swoje atrybuty, kt\u00f3re mog\u0105 nada\u0107 przyj\u0119ciu weselnemu niepowtarzalny charakter. Grunt to odpowiednio je wykorzysta\u0107!<\/p>\n\n\n\n<figure class=\"wp-block-image size-large\"><a href=\"https:\/\/www.koronakarkonoszy.pl\/wesele\/\" target=\"_blank\" rel=\"noreferrer noopener\"><img loading=\"lazy\" decoding=\"async\" width=\"1024\" height=\"512\" src=\"https:\/\/www.koronakarkonoszy.pl\/blog\/wp-content\/uploads\/2022\/06\/stylowy_dwor_wesleny_DKK-4-1024x512.jpg\" alt=\"\" class=\"wp-image-4048\" srcset=\"https:\/\/www.koronakarkonoszy.pl\/blog\/wp-content\/uploads\/2022\/06\/stylowy_dwor_wesleny_DKK-4-1024x512.jpg 1024w, https:\/\/www.koronakarkonoszy.pl\/blog\/wp-content\/uploads\/2022\/06\/stylowy_dwor_wesleny_DKK-4-300x150.jpg 300w, https:\/\/www.koronakarkonoszy.pl\/blog\/wp-content\/uploads\/2022\/06\/stylowy_dwor_wesleny_DKK-4-768x384.jpg 768w, https:\/\/www.koronakarkonoszy.pl\/blog\/wp-content\/uploads\/2022\/06\/stylowy_dwor_wesleny_DKK-4.jpg 1200w\" sizes=\"auto, (max-width: 1024px) 100vw, 1024px\" \/><\/a><\/figure>\n","protected":false},"excerpt":{"rendered":"<p>Zawarcie zwi\u0105zku ma\u0142\u017ce\u0144skiego w \u015bnie\u017cnej, mro\u017anej aurze mo\u017ce by\u0107 wyj\u0105tkowym do\u015bwiadczeniem. Zimowa atmosfera idealnie wpisuje si\u0119 w romantyczny i magiczny charakter ceremonii za\u015blubin. I chocia\u017c zimowe \u015bluby nie ciesz\u0105 si\u0119 du\u017c\u0105 popularno\u015bci\u0105, to bez w\u0105tpienia jest to pomys\u0142 wart rozwa\u017cenia. Dlaczego \u015blub w styczniu to dobre rozwi\u0105zanie? Jak zaaran\u017cowa\u0107 magiczne wydarzenie, kt\u00f3re oczaruje ka\u017cdego? Dlaczego [&hellip;]<\/p>\n","protected":false},"author":11,"featured_media":2067,"comment_status":"closed","ping_status":"closed","sticky":false,"template":"","format":"standard","meta":{"_acf_changed":false,"footnotes":""},"categories":[16,2,15],"class_list":["post-2066","post","type-post","status-publish","format-standard","has-post-thumbnail","hentry","category-kiedy-wesele","category-porady","category-wesela-zima"],"acf":[],"yoast_head":"<!-- This site is optimized with the Yoast SEO plugin v27.5 - https:\/\/yoast.com\/product\/yoast-seo-wordpress\/ -->\n<title>Pomys\u0142y na magiczny \u015blub w styczniu - :: Blog weselny<\/title>\n<meta name=\"description\" content=\"Dlaczego \u015blub w styczniu i wesele zim\u0105 to dobre rozwi\u0105zanie? Jak zaaran\u017cowa\u0107 magiczne wydarzenie, kt\u00f3re oczaruje ka\u017cdego? Podpowiadamy!\" \/>\n<meta name=\"robots\" content=\"index, follow, max-snippet:-1, max-image-preview:large, max-video-preview:-1\" \/>\n<link rel=\"canonical\" href=\"https:\/\/www.koronakarkonoszy.pl\/blog\/slub-w-styczniu\/\" \/>\n<meta property=\"og:locale\" content=\"pl_PL\" \/>\n<meta property=\"og:type\" content=\"article\" \/>\n<meta property=\"og:title\" content=\"Pomys\u0142y na magiczny \u015blub w styczniu - :: Blog weselny\" \/>\n<meta property=\"og:description\" content=\"Dlaczego \u015blub w styczniu i wesele zim\u0105 to dobre rozwi\u0105zanie? Jak zaaran\u017cowa\u0107 magiczne wydarzenie, kt\u00f3re oczaruje ka\u017cdego? Podpowiadamy!\" \/>\n<meta property=\"og:url\" content=\"https:\/\/www.koronakarkonoszy.pl\/blog\/slub-w-styczniu\/\" \/>\n<meta property=\"og:site_name\" content=\":: Blog weselny\" \/>\n<meta property=\"article:published_time\" content=\"2023-03-08T06:57:11+00:00\" \/>\n<meta property=\"article:modified_time\" content=\"2024-12-11T09:39:17+00:00\" \/>\n<meta property=\"og:image\" content=\"https:\/\/www.koronakarkonoszy.pl\/blog\/wp-content\/uploads\/2021\/10\/wesele-w-styczniu.jpg\" \/>\n\t<meta property=\"og:image:width\" content=\"1254\" \/>\n\t<meta property=\"og:image:height\" content=\"836\" \/>\n\t<meta property=\"og:image:type\" content=\"image\/jpeg\" \/>\n<meta name=\"author\" content=\"agnieszka\" \/>\n<meta name=\"twitter:card\" content=\"summary_large_image\" \/>\n<meta name=\"twitter:label1\" content=\"Napisane przez\" \/>\n\t<meta name=\"twitter:data1\" content=\"agnieszka\" \/>\n\t<meta name=\"twitter:label2\" content=\"Szacowany czas czytania\" \/>\n\t<meta name=\"twitter:data2\" content=\"12 minut\" \/>\n<script type=\"application\/ld+json\" class=\"yoast-schema-graph\">{\"@context\":\"https:\\\/\\\/schema.org\",\"@graph\":[{\"@type\":\"Article\",\"@id\":\"https:\\\/\\\/www.koronakarkonoszy.pl\\\/blog\\\/slub-w-styczniu\\\/#article\",\"isPartOf\":{\"@id\":\"https:\\\/\\\/www.koronakarkonoszy.pl\\\/blog\\\/slub-w-styczniu\\\/\"},\"author\":{\"name\":\"agnieszka\",\"@id\":\"https:\\\/\\\/www.koronakarkonoszy.pl\\\/blog\\\/#\\\/schema\\\/person\\\/ec8c88bd01ebe6cbf6a16435ce22276f\"},\"headline\":\"Pomys\u0142y na magiczny \u015blub w styczniu\",\"datePublished\":\"2023-03-08T06:57:11+00:00\",\"dateModified\":\"2024-12-11T09:39:17+00:00\",\"mainEntityOfPage\":{\"@id\":\"https:\\\/\\\/www.koronakarkonoszy.pl\\\/blog\\\/slub-w-styczniu\\\/\"},\"wordCount\":1825,\"image\":{\"@id\":\"https:\\\/\\\/www.koronakarkonoszy.pl\\\/blog\\\/slub-w-styczniu\\\/#primaryimage\"},\"thumbnailUrl\":\"https:\\\/\\\/www.koronakarkonoszy.pl\\\/blog\\\/wp-content\\\/uploads\\\/2021\\\/10\\\/wesele-w-styczniu.jpg\",\"articleSection\":[\"Kiedy wesele\",\"Porady\",\"Wesele zima\"],\"inLanguage\":\"pl-PL\"},{\"@type\":\"WebPage\",\"@id\":\"https:\\\/\\\/www.koronakarkonoszy.pl\\\/blog\\\/slub-w-styczniu\\\/\",\"url\":\"https:\\\/\\\/www.koronakarkonoszy.pl\\\/blog\\\/slub-w-styczniu\\\/\",\"name\":\"Pomys\u0142y na magiczny \u015blub w styczniu - :: Blog weselny\",\"isPartOf\":{\"@id\":\"https:\\\/\\\/www.koronakarkonoszy.pl\\\/blog\\\/#website\"},\"primaryImageOfPage\":{\"@id\":\"https:\\\/\\\/www.koronakarkonoszy.pl\\\/blog\\\/slub-w-styczniu\\\/#primaryimage\"},\"image\":{\"@id\":\"https:\\\/\\\/www.koronakarkonoszy.pl\\\/blog\\\/slub-w-styczniu\\\/#primaryimage\"},\"thumbnailUrl\":\"https:\\\/\\\/www.koronakarkonoszy.pl\\\/blog\\\/wp-content\\\/uploads\\\/2021\\\/10\\\/wesele-w-styczniu.jpg\",\"datePublished\":\"2023-03-08T06:57:11+00:00\",\"dateModified\":\"2024-12-11T09:39:17+00:00\",\"author\":{\"@id\":\"https:\\\/\\\/www.koronakarkonoszy.pl\\\/blog\\\/#\\\/schema\\\/person\\\/ec8c88bd01ebe6cbf6a16435ce22276f\"},\"description\":\"Dlaczego \u015blub w styczniu i wesele zim\u0105 to dobre rozwi\u0105zanie? Jak zaaran\u017cowa\u0107 magiczne wydarzenie, kt\u00f3re oczaruje ka\u017cdego? Podpowiadamy!\",\"breadcrumb\":{\"@id\":\"https:\\\/\\\/www.koronakarkonoszy.pl\\\/blog\\\/slub-w-styczniu\\\/#breadcrumb\"},\"inLanguage\":\"pl-PL\",\"potentialAction\":[{\"@type\":\"ReadAction\",\"target\":[\"https:\\\/\\\/www.koronakarkonoszy.pl\\\/blog\\\/slub-w-styczniu\\\/\"]}]},{\"@type\":\"ImageObject\",\"inLanguage\":\"pl-PL\",\"@id\":\"https:\\\/\\\/www.koronakarkonoszy.pl\\\/blog\\\/slub-w-styczniu\\\/#primaryimage\",\"url\":\"https:\\\/\\\/www.koronakarkonoszy.pl\\\/blog\\\/wp-content\\\/uploads\\\/2021\\\/10\\\/wesele-w-styczniu.jpg\",\"contentUrl\":\"https:\\\/\\\/www.koronakarkonoszy.pl\\\/blog\\\/wp-content\\\/uploads\\\/2021\\\/10\\\/wesele-w-styczniu.jpg\",\"width\":1254,\"height\":836,\"caption\":\"Pomys\u0142y na magiczny \u015blub w styczniu\"},{\"@type\":\"BreadcrumbList\",\"@id\":\"https:\\\/\\\/www.koronakarkonoszy.pl\\\/blog\\\/slub-w-styczniu\\\/#breadcrumb\",\"itemListElement\":[{\"@type\":\"ListItem\",\"position\":1,\"name\":\"Strona g\u0142\u00f3wna\",\"item\":\"https:\\\/\\\/www.koronakarkonoszy.pl\\\/blog\\\/\"},{\"@type\":\"ListItem\",\"position\":2,\"name\":\"Pomys\u0142y na magiczny \u015blub w styczniu\"}]},{\"@type\":\"WebSite\",\"@id\":\"https:\\\/\\\/www.koronakarkonoszy.pl\\\/blog\\\/#website\",\"url\":\"https:\\\/\\\/www.koronakarkonoszy.pl\\\/blog\\\/\",\"name\":\":: Blog weselny\",\"description\":\"Blog weselny Dw\u00f3r Korona Karkonoszy\",\"potentialAction\":[{\"@type\":\"SearchAction\",\"target\":{\"@type\":\"EntryPoint\",\"urlTemplate\":\"https:\\\/\\\/www.koronakarkonoszy.pl\\\/blog\\\/?s={search_term_string}\"},\"query-input\":{\"@type\":\"PropertyValueSpecification\",\"valueRequired\":true,\"valueName\":\"search_term_string\"}}],\"inLanguage\":\"pl-PL\"},{\"@type\":\"Person\",\"@id\":\"https:\\\/\\\/www.koronakarkonoszy.pl\\\/blog\\\/#\\\/schema\\\/person\\\/ec8c88bd01ebe6cbf6a16435ce22276f\",\"name\":\"agnieszka\",\"image\":{\"@type\":\"ImageObject\",\"inLanguage\":\"pl-PL\",\"@id\":\"https:\\\/\\\/www.koronakarkonoszy.pl\\\/blog\\\/wp-content\\\/litespeed\\\/avatar\\\/53ee7b676463f74d0aea1a09de3d003b.jpg?ver=1777438794\",\"url\":\"https:\\\/\\\/www.koronakarkonoszy.pl\\\/blog\\\/wp-content\\\/litespeed\\\/avatar\\\/53ee7b676463f74d0aea1a09de3d003b.jpg?ver=1777438794\",\"contentUrl\":\"https:\\\/\\\/www.koronakarkonoszy.pl\\\/blog\\\/wp-content\\\/litespeed\\\/avatar\\\/53ee7b676463f74d0aea1a09de3d003b.jpg?ver=1777438794\",\"caption\":\"agnieszka\"},\"url\":\"https:\\\/\\\/www.koronakarkonoszy.pl\\\/blog\\\/author\\\/agnieszka\\\/\"}]}<\/script>\n<!-- \/ Yoast SEO plugin. -->","yoast_head_json":{"title":"Pomys\u0142y na magiczny \u015blub w styczniu - :: Blog weselny","description":"Dlaczego \u015blub w styczniu i wesele zim\u0105 to dobre rozwi\u0105zanie? Jak zaaran\u017cowa\u0107 magiczne wydarzenie, kt\u00f3re oczaruje ka\u017cdego? Podpowiadamy!","robots":{"index":"index","follow":"follow","max-snippet":"max-snippet:-1","max-image-preview":"max-image-preview:large","max-video-preview":"max-video-preview:-1"},"canonical":"https:\/\/www.koronakarkonoszy.pl\/blog\/slub-w-styczniu\/","og_locale":"pl_PL","og_type":"article","og_title":"Pomys\u0142y na magiczny \u015blub w styczniu - :: Blog weselny","og_description":"Dlaczego \u015blub w styczniu i wesele zim\u0105 to dobre rozwi\u0105zanie? Jak zaaran\u017cowa\u0107 magiczne wydarzenie, kt\u00f3re oczaruje ka\u017cdego? Podpowiadamy!","og_url":"https:\/\/www.koronakarkonoszy.pl\/blog\/slub-w-styczniu\/","og_site_name":":: Blog weselny","article_published_time":"2023-03-08T06:57:11+00:00","article_modified_time":"2024-12-11T09:39:17+00:00","og_image":[{"width":1254,"height":836,"url":"https:\/\/www.koronakarkonoszy.pl\/blog\/wp-content\/uploads\/2021\/10\/wesele-w-styczniu.jpg","type":"image\/jpeg"}],"author":"agnieszka","twitter_card":"summary_large_image","twitter_misc":{"Napisane przez":"agnieszka","Szacowany czas czytania":"12 minut"},"schema":{"@context":"https:\/\/schema.org","@graph":[{"@type":"Article","@id":"https:\/\/www.koronakarkonoszy.pl\/blog\/slub-w-styczniu\/#article","isPartOf":{"@id":"https:\/\/www.koronakarkonoszy.pl\/blog\/slub-w-styczniu\/"},"author":{"name":"agnieszka","@id":"https:\/\/www.koronakarkonoszy.pl\/blog\/#\/schema\/person\/ec8c88bd01ebe6cbf6a16435ce22276f"},"headline":"Pomys\u0142y na magiczny \u015blub w styczniu","datePublished":"2023-03-08T06:57:11+00:00","dateModified":"2024-12-11T09:39:17+00:00","mainEntityOfPage":{"@id":"https:\/\/www.koronakarkonoszy.pl\/blog\/slub-w-styczniu\/"},"wordCount":1825,"image":{"@id":"https:\/\/www.koronakarkonoszy.pl\/blog\/slub-w-styczniu\/#primaryimage"},"thumbnailUrl":"https:\/\/www.koronakarkonoszy.pl\/blog\/wp-content\/uploads\/2021\/10\/wesele-w-styczniu.jpg","articleSection":["Kiedy wesele","Porady","Wesele zima"],"inLanguage":"pl-PL"},{"@type":"WebPage","@id":"https:\/\/www.koronakarkonoszy.pl\/blog\/slub-w-styczniu\/","url":"https:\/\/www.koronakarkonoszy.pl\/blog\/slub-w-styczniu\/","name":"Pomys\u0142y na magiczny \u015blub w styczniu - :: Blog weselny","isPartOf":{"@id":"https:\/\/www.koronakarkonoszy.pl\/blog\/#website"},"primaryImageOfPage":{"@id":"https:\/\/www.koronakarkonoszy.pl\/blog\/slub-w-styczniu\/#primaryimage"},"image":{"@id":"https:\/\/www.koronakarkonoszy.pl\/blog\/slub-w-styczniu\/#primaryimage"},"thumbnailUrl":"https:\/\/www.koronakarkonoszy.pl\/blog\/wp-content\/uploads\/2021\/10\/wesele-w-styczniu.jpg","datePublished":"2023-03-08T06:57:11+00:00","dateModified":"2024-12-11T09:39:17+00:00","author":{"@id":"https:\/\/www.koronakarkonoszy.pl\/blog\/#\/schema\/person\/ec8c88bd01ebe6cbf6a16435ce22276f"},"description":"Dlaczego \u015blub w styczniu i wesele zim\u0105 to dobre rozwi\u0105zanie? Jak zaaran\u017cowa\u0107 magiczne wydarzenie, kt\u00f3re oczaruje ka\u017cdego? Podpowiadamy!","breadcrumb":{"@id":"https:\/\/www.koronakarkonoszy.pl\/blog\/slub-w-styczniu\/#breadcrumb"},"inLanguage":"pl-PL","potentialAction":[{"@type":"ReadAction","target":["https:\/\/www.koronakarkonoszy.pl\/blog\/slub-w-styczniu\/"]}]},{"@type":"ImageObject","inLanguage":"pl-PL","@id":"https:\/\/www.koronakarkonoszy.pl\/blog\/slub-w-styczniu\/#primaryimage","url":"https:\/\/www.koronakarkonoszy.pl\/blog\/wp-content\/uploads\/2021\/10\/wesele-w-styczniu.jpg","contentUrl":"https:\/\/www.koronakarkonoszy.pl\/blog\/wp-content\/uploads\/2021\/10\/wesele-w-styczniu.jpg","width":1254,"height":836,"caption":"Pomys\u0142y na magiczny \u015blub w styczniu"},{"@type":"BreadcrumbList","@id":"https:\/\/www.koronakarkonoszy.pl\/blog\/slub-w-styczniu\/#breadcrumb","itemListElement":[{"@type":"ListItem","position":1,"name":"Strona g\u0142\u00f3wna","item":"https:\/\/www.koronakarkonoszy.pl\/blog\/"},{"@type":"ListItem","position":2,"name":"Pomys\u0142y na magiczny \u015blub w styczniu"}]},{"@type":"WebSite","@id":"https:\/\/www.koronakarkonoszy.pl\/blog\/#website","url":"https:\/\/www.koronakarkonoszy.pl\/blog\/","name":":: Blog weselny","description":"Blog weselny Dw\u00f3r Korona Karkonoszy","potentialAction":[{"@type":"SearchAction","target":{"@type":"EntryPoint","urlTemplate":"https:\/\/www.koronakarkonoszy.pl\/blog\/?s={search_term_string}"},"query-input":{"@type":"PropertyValueSpecification","valueRequired":true,"valueName":"search_term_string"}}],"inLanguage":"pl-PL"},{"@type":"Person","@id":"https:\/\/www.koronakarkonoszy.pl\/blog\/#\/schema\/person\/ec8c88bd01ebe6cbf6a16435ce22276f","name":"agnieszka","image":{"@type":"ImageObject","inLanguage":"pl-PL","@id":"https:\/\/www.koronakarkonoszy.pl\/blog\/wp-content\/litespeed\/avatar\/53ee7b676463f74d0aea1a09de3d003b.jpg?ver=1777438794","url":"https:\/\/www.koronakarkonoszy.pl\/blog\/wp-content\/litespeed\/avatar\/53ee7b676463f74d0aea1a09de3d003b.jpg?ver=1777438794","contentUrl":"https:\/\/www.koronakarkonoszy.pl\/blog\/wp-content\/litespeed\/avatar\/53ee7b676463f74d0aea1a09de3d003b.jpg?ver=1777438794","caption":"agnieszka"},"url":"https:\/\/www.koronakarkonoszy.pl\/blog\/author\/agnieszka\/"}]}},"_links":{"self":[{"href":"https:\/\/www.koronakarkonoszy.pl\/blog\/wp-json\/wp\/v2\/posts\/2066","targetHints":{"allow":["GET"]}}],"collection":[{"href":"https:\/\/www.koronakarkonoszy.pl\/blog\/wp-json\/wp\/v2\/posts"}],"about":[{"href":"https:\/\/www.koronakarkonoszy.pl\/blog\/wp-json\/wp\/v2\/types\/post"}],"author":[{"embeddable":true,"href":"https:\/\/www.koronakarkonoszy.pl\/blog\/wp-json\/wp\/v2\/users\/11"}],"replies":[{"embeddable":true,"href":"https:\/\/www.koronakarkonoszy.pl\/blog\/wp-json\/wp\/v2\/comments?post=2066"}],"version-history":[{"count":1,"href":"https:\/\/www.koronakarkonoszy.pl\/blog\/wp-json\/wp\/v2\/posts\/2066\/revisions"}],"predecessor-version":[{"id":11628,"href":"https:\/\/www.koronakarkonoszy.pl\/blog\/wp-json\/wp\/v2\/posts\/2066\/revisions\/11628"}],"wp:featuredmedia":[{"embeddable":true,"href":"https:\/\/www.koronakarkonoszy.pl\/blog\/wp-json\/wp\/v2\/media\/2067"}],"wp:attachment":[{"href":"https:\/\/www.koronakarkonoszy.pl\/blog\/wp-json\/wp\/v2\/media?parent=2066"}],"wp:term":[{"taxonomy":"category","embeddable":true,"href":"https:\/\/www.koronakarkonoszy.pl\/blog\/wp-json\/wp\/v2\/categories?post=2066"}],"curies":[{"name":"wp","href":"https:\/\/api.w.org\/{rel}","templated":true}]}}