{"id":181,"date":"2021-06-10T14:50:00","date_gmt":"2021-06-10T12:50:00","guid":{"rendered":"https:\/\/www.koronakarkonoszy.pl\/blog\/?p=181"},"modified":"2025-01-16T09:12:53","modified_gmt":"2025-01-16T08:12:53","slug":"urocze-i-sielskie-wesele-folkowe","status":"publish","type":"post","link":"https:\/\/www.koronakarkonoszy.pl\/blog\/urocze-i-sielskie-wesele-folkowe\/","title":{"rendered":"Urocze i sielskie wesele folkowe"},"content":{"rendered":"\n<p><strong>Cho\u0107 lubimy ogl\u0105da\u0107 ameryka\u0144skie wesela na filmach, to szkoda by\u0142oby, gdyby w mi\u0119dzyczasie przepad\u0142y pi\u0119kne, polskie tradycje weselne, kt\u00f3rych mamy jeszcze sporo. Wesele folkowe pozwala w r\u00f3\u017cnym stopniu zaczerpn\u0105\u0107 z tego dziedzictwa, cho\u0107by w zupe\u0142nie od\u015bwie\u017conym wydaniu.<\/strong><\/p>\n\n\n<div id=\"ariadna-block_94d4e9463d7057ee17c95897da01d1aa\" class=\"ariadna\">\r\n    <ul><li><a href=\"#ha-wesele-folkowe-skad-taki-pomysl\">Wesele folkowe &#8211; sk\u0105d taki pomys\u0142?<\/a><\/li><li><a href=\"#ha-organizacja-wesela-folkowego-o-czym-nalezy-pamietac\">Organizacja wesela folkowego &#8211; o czym nale\u017cy pami\u0119ta\u0107?<\/a><\/li><li><a href=\"#ha-tradycyjne-menu-na-wesele-w-stylu-folkowym\">Tradycyjne menu na wesele w stylu folkowym<\/a><\/li><li><a href=\"#ha-muzyka-i-atrakcje-na-wesele-folkowe\">Muzyka i atrakcje na wesele folkowe<\/a><\/li><li><a href=\"#ha-marzysz-o-weselu-w-stylu-folkowym\">Marzysz o weselu w stylu folkowym?<\/a><\/li><li><a href=\"#ha-wesele-folkowe-stroj-pary-mlodej\">Wesele folkowe &#8211; str\u00f3j Pary M\u0142odej<\/a><\/li><\/ul>\r\n<\/div>\r\n\r\n\r\n\r\n\n\n\n<p><strong>Wesele folkowe<\/strong> \u2013 ta nazwa mo\u017ce myli\u0107. Czy chodzi o imprez\u0119, na kt\u00f3rej b\u0119d\u0105 puszczane hity Brathank\u00f3w i Braci Golc\u00f3w? To te\u017c, ale nie jest to najwa\u017cniejsze w weselu folkowym (kt\u00f3re zreszt\u0105 mo\u017ce stroni\u0107 od takich hit\u00f3w, a tymczasem i tak s\u0105 one puszczane na prawie ka\u017cdej tradycyjnej imprezie weselnej).<\/p>\n\n\n\n<p><strong>Wesele folkowe<\/strong> pozwala zaczerpn\u0105\u0107 z polskich tradycji i historii regionu.\u00a0 Nie ka\u017cdy widzi urok w tym, by do sali weselnej wygl\u0105daj\u0105cej jak dom Kardashian\u00f3w podjecha\u0107 bia\u0142ym Rollse-Royce&#8217;m. Bardziej atrakcyjne mo\u017ce by\u0107 ta\u0144czenie boso na trawie i swojskie, lokalne jedzenie. Pami\u0119tajmy, \u017ce najg\u0142o\u015bniejsze polskie \u015bluby cz\u0119sto zawiera\u0142y elementy sielsko\u015bci i folku. Katarzyna Figura do \u015blubu w drewnianym ko\u015bci\u00f3\u0142ku w Dolinie Chocho\u0142owskiej jecha\u0142a bryczk\u0105, a Lara Gessler wzi\u0119\u0142a \u015blub w zagajniku. Wesele by\u0142o utrzymane w klimacie rustykalnym. Jej s\u0142awna mama okre\u015bli\u0142a je jako \u201ejak z Pana Tadeusza\u201d a media pisa\u0142y, \u017ce wygl\u0105da\u0142a \u201ejak \u015awitezianka\u201d. Wszystko to daje ju\u017c wyobra\u017cenie tego, jak mo\u017ce wygl\u0105da\u0107 wesele folkowe. Poni\u017cej wi\u0119cej informacji.<\/p>\n\n\n\n<h2 class=\"wp-block-heading\" id=\"ha-wesele-folkowe-skad-taki-pomysl\">Wesele folkowe &#8211; sk\u0105d taki pomys\u0142?<\/h2>\n\n\n\n<p>Korowody, rozpleciny, jedzenie ko\u0142acza \u2013 <a href=\"https:\/\/www.koronakarkonoszy.pl\/blog\/wesele-staropolskie\/\" class=\"links-placer\">staropolskie wesele<\/a> zawiera\u0142o wiele pi\u0119knych element\u00f3w, kt\u00f3re dzi\u015b odchodz\u0105 do lamusa. Wypieraj\u0105 je wesela z wielk\u0105 pomp\u0105, w stylu Hollywood. Niekiedy jednak na zdj\u0119ciach wida\u0107, \u017ce ani Pa\u0144stwo M\u0142odzi, ani go\u015bcie nie czuj\u0105 si\u0119 swojsko w stylu glamour.<\/p>\n\n\n<section id=\"leonardo-block_aaec45f627055db40892306083fd5509\" class=\"leonardo page-breaker leonardo-image-left\">\r\n    <div class=\"leonardo-body\">\r\n                <div class=\"leonardo-content\"><p>Szczeg\u00f3lnie dzi\u015b w trendach jest umiar, to co lokalne i naturalne. Nowo\u017ce\u0144cy przez wiele lat musieli kr\u0119powa\u0107 si\u0119 konwencj\u0105 i licznymi wymogami, a tymczasem <strong>wesele folkowe<\/strong> jest bezpretensjonalne i sprzyja swobodnej zabawie. Nie oznacza to, \u017ce jego organizacja jest \u0142atwiejsza ni\u017c zwyk\u0142ego wesela. Proste, jakby \u015bwie\u017co zerwane z \u0142\u0105ki dekoracje z kwiat\u00f3w polnych, kt\u00f3re tak efektownie wygl\u0105daj\u0105 na Instagramie, to czasem efekt skrupulatnej pracy najlepszych floryst\u00f3w.<\/p>\n<\/div>\r\n            <\/div>\r\n    <div class=\"leonardo-image\">\r\n        <img loading=\"lazy\" decoding=\"async\" width=\"800\" height=\"533\" src=\"https:\/\/www.koronakarkonoszy.pl\/blog\/wp-content\/uploads\/2021\/07\/wesele-folkowe3jpg.jpg\" class=\"attachment-full size-full\" alt=\"\" srcset=\"https:\/\/www.koronakarkonoszy.pl\/blog\/wp-content\/uploads\/2021\/07\/wesele-folkowe3jpg.jpg 800w, https:\/\/www.koronakarkonoszy.pl\/blog\/wp-content\/uploads\/2021\/07\/wesele-folkowe3jpg-300x200.jpg 300w, https:\/\/www.koronakarkonoszy.pl\/blog\/wp-content\/uploads\/2021\/07\/wesele-folkowe3jpg-768x512.jpg 768w\" sizes=\"auto, (max-width: 800px) 100vw, 800px\" \/>            <\/div>\r\n<\/section>\n\n\n<h2 class=\"wp-block-heading\" id=\"ha-organizacja-wesela-folkowego-o-czym-nalezy-pamietac\">Organizacja wesela folkowego &#8211; o czym nale\u017cy pami\u0119ta\u0107?<\/h2>\n\n\n\n<p>Przede wszystkim pami\u0119taj, \u017ce go\u015bcie nie musz\u0105 siedzie\u0107 na belach siana ani spa\u0107 w sza\u0142asach. Wszystko da si\u0119 urz\u0105dzi\u0107 ze smakiem i wszelkimi wygodami, ale z zachowaniem motywu nawi\u0105zuj\u0105cego do dawnych tradycji i symboli. <strong>Wesele w stylu folkowym<\/strong> to niezwykle wdzi\u0119czny motyw, kt\u00f3ry pozwala niskim kosztem i lokalnie kupi\u0107 wszystko: kwiaty, dekoracje czy drobne upominki dla go\u015bci. To pomaga stworzy\u0107 bezpretensjonalny klimat, w kt\u00f3rym wszyscy b\u0119d\u0105 czuli si\u0119 swobodnie.<\/p>\n\n\n\n<p>Co ciekawe, cz\u0119sto <strong>wesele folkowe<\/strong> robi kolosalne wra\u017cenie na go\u015bciach z zagranicy. Znudzeni sztampowymi uroczysto\u015bciami w stylu \u201einternational\u201d z imprezy wychodz\u0105 oczarowani bogactwem polskiej kultury. Gdy jedno z ma\u0142\u017conk\u00f3w nie pochodzi z Polski, zamiast na urz\u0105d stanu cywilnego w mie\u015bcie, warto nam\u00f3wi\u0107 go na \u015blub na le\u015bnej polanie czy\u00a0wesele\u00a0w Dworze Korona Karkonoszy. Wesele folkowe mo\u017ce po\u0142\u0105czy\u0107 pokolenia, bo dziadek b\u0119dzie szcz\u0119\u015bliwy, gdy b\u0119dzie m\u00f3g\u0142 zagra\u0107 na harmonii ze swoim zespo\u0142em, a babci\u0119 mo\u017ce wzruszy\u0107 do \u0142ez odwo\u0142aniem si\u0119 do tradycji z jej m\u0142odo\u015bci.<\/p>\n\n\n\n<h2 class=\"wp-block-heading\" id=\"ha-tradycyjne-menu-na-wesele-w-stylu-folkowym\">Tradycyjne menu na wesele w stylu folkowym<\/h2>\n\n\n\n<p>Organizuj\u0105c <strong>wesele w stylu folkowym<\/strong>, warto zadba\u0107 o odpowiednie menu, kt\u00f3re podkre\u015bli charakter uroczysto\u015bci. Tradycyjne potrawy regionalne, takie jak pierogi, bigos czy \u017curek, doskonale wpisuj\u0105 si\u0119 w klimat <strong>folkowego wesela<\/strong>. Warto r\u00f3wnie\u017c rozwa\u017cy\u0107 podanie domowych wypiek\u00f3w, takich jak ciasta dro\u017cd\u017cowe czy s\u0119kacze, kt\u00f3re dodadz\u0105 uroku <strong>weselu folkowemu<\/strong>. Aby zapewni\u0107 komfort uczestnikom, warto zorganizowa\u0107 <a href=\"https:\/\/www.koronakarkonoszy.pl\/blog\/wesele-w-gorach-z-noclegiem\/\"><strong>wesele z noclegiem w g\u00f3rach<\/strong><\/a>, co pozwoli na pe\u0142ne zanurzenie si\u0119 w regionalnej atmosferze. Je\u017celi zale\u017cy Ci na unikalnym miejscu, rozwa\u017c <a href=\"https:\/\/www.koronakarkonoszy.pl\/blog\/wesele-w-namiocie\/\"><strong>wesele w namiocie<\/strong><\/a>, kt\u00f3re wprowadzi jeszcze bardziej wyj\u0105tkowy klimat.<\/p>\n\n\n\n<h2 class=\"wp-block-heading\" id=\"ha-muzyka-i-atrakcje-na-wesele-folkowe\">Muzyka i atrakcje na wesele folkowe<\/h2>\n\n\n\n<p>Muzyka odgrywa kluczow\u0105 rol\u0119 w tworzeniu atmosfery na <strong>weselu folkowym<\/strong>. Zatrudnienie kapeli ludowej, kt\u00f3ra zagra tradycyjne melodie, zach\u0119ci go\u015bci do wsp\u00f3lnej zabawy i ta\u0144c\u00f3w. Warto r\u00f3wnie\u017c zorganizowa\u0107 nauk\u0119 regionalnych ta\u0144c\u00f3w, co stanie si\u0119 niezapomnian\u0105 atrakcj\u0105 <strong>folkowego wesela<\/strong>. Dodatkowo, mo\u017cna przygotowa\u0107 warsztaty r\u0119kodzie\u0142a, takie jak wyplatanie wiank\u00f3w czy tworzenie wycinanek, kt\u00f3re wprowadz\u0105 uczestnik\u00f3w w klimat <strong>wesela w stylu folk<\/strong>. Aby podkre\u015bli\u0107 autentyczno\u015b\u0107 wydarzenia, rozwa\u017c wyb\u00f3r odpowiedniego miejsca, takiego jak <a href=\"https:\/\/www.koronakarkonoszy.pl\/blog\/sala-weselna-w-gorach\/\"><strong>sala weselna w g\u00f3rach<\/strong><\/a>, kt\u00f3ra swoim wystrojem i otoczeniem dope\u0142ni ca\u0142o\u015bci. Je\u015bli planujesz <strong>wesele folkowe<\/strong> na po\u0142udniu Polski, zwr\u00f3\u0107 uwag\u0119 na <a href=\"https:\/\/www.koronakarkonoszy.pl\/blog\/wesele-na-dolnym-slasku\/\"><strong>sal\u0119 weseln\u0105 na Dolnym \u015al\u0105sku<\/strong><\/a>, gdzie tradycyjny klimat spotyka si\u0119 z nowoczesnymi rozwi\u0105zaniami. Ciekawym pomys\u0142em mo\u017ce by\u0107 r\u00f3wnie\u017c rozwa\u017cenie <a href=\"https:\/\/www.koronakarkonoszy.pl\/blog\/wesele-z-noclegiem\/\"><strong>wesela z noclegiem<\/strong><\/a>, kt\u00f3re zapewni go\u015bciom wygod\u0119 i pozwoli na d\u0142u\u017csze \u015bwi\u0119towanie.<\/p>\n\n\n<section id=\"ctaninja-block_adc9aa985c29db3089fd76b97d97bed5\" class=\"ctaninja\">\r\n    <div class=\"ctaninja-body\">\r\n        <h2 class=\"h1\" id=\"ha-marzysz-o-weselu-w-stylu-folkowym\">Marzysz o weselu w stylu folkowym?<\/h2>\r\n        <p>Spe\u0142niamy ka\u017cde marzenia.<\/p>\r\n        <div class=\"nf-container\">\r\n            <noscript class=\"ninja-forms-noscript-message\">\n\tUwaga: ta zawarto\u015b\u0107 wymaga obs\u0142ugi j\u0119zyka JavaScript.<\/noscript>\n<div id=\"nf-form-1-cont\" class=\"nf-form-cont\" aria-live=\"polite\" aria-labelledby=\"nf-form-title-1\" aria-describedby=\"nf-form-errors-1\" role=\"form\">\n\n    <div class=\"nf-loading-spinner\"><\/div>\n\n<\/div>\n        <!-- That data is being printed as a workaround to page builders reordering the order of the scripts loaded-->\n        <script>var formDisplay=1;var nfForms=nfForms||[];var form=[];form.id='1';form.settings={\"objectType\":\"Form Setting\",\"editActive\":\"\",\"title\":\"Contact Me\",\"key\":\"\",\"created_at\":\"2021-05-31 16:57:05\",\"default_label_pos\":\"above\",\"conditions\":[],\"show_title\":\"1\",\"clear_complete\":\"1\",\"hide_complete\":\"1\",\"wrapper_class\":\"\",\"element_class\":\"\",\"add_submit\":\"1\",\"logged_in\":\"\",\"not_logged_in_msg\":\"\",\"sub_limit_number\":\"\",\"sub_limit_msg\":\"\",\"calculations\":[],\"formContentData\":[{\"order\":1,\"cells\":[{\"order\":0,\"fields\":[\"email\"],\"width\":50},{\"order\":1,\"fields\":[\"wyslij_1640001513358\"],\"width\":50}]}],\"container_styles_background-color\":\"\",\"container_styles_border\":\"\",\"container_styles_border-style\":\"\",\"container_styles_border-color\":\"\",\"container_styles_color\":\"\",\"container_styles_height\":\"\",\"container_styles_width\":\"\",\"container_styles_font-size\":\"\",\"container_styles_margin\":\"\",\"container_styles_padding\":\"\",\"container_styles_display\":\"\",\"container_styles_float\":\"\",\"container_styles_show_advanced_css\":\"0\",\"container_styles_advanced\":\"\",\"title_styles_background-color\":\"\",\"title_styles_border\":\"\",\"title_styles_border-style\":\"\",\"title_styles_border-color\":\"\",\"title_styles_color\":\"\",\"title_styles_height\":\"\",\"title_styles_width\":\"\",\"title_styles_font-size\":\"\",\"title_styles_margin\":\"\",\"title_styles_padding\":\"\",\"title_styles_display\":\"\",\"title_styles_float\":\"\",\"title_styles_show_advanced_css\":\"0\",\"title_styles_advanced\":\"\",\"row_styles_background-color\":\"\",\"row_styles_border\":\"\",\"row_styles_border-style\":\"\",\"row_styles_border-color\":\"\",\"row_styles_color\":\"\",\"row_styles_height\":\"\",\"row_styles_width\":\"\",\"row_styles_font-size\":\"\",\"row_styles_margin\":\"\",\"row_styles_padding\":\"\",\"row_styles_display\":\"\",\"row_styles_show_advanced_css\":\"0\",\"row_styles_advanced\":\"\",\"row-odd_styles_background-color\":\"\",\"row-odd_styles_border\":\"\",\"row-odd_styles_border-style\":\"\",\"row-odd_styles_border-color\":\"\",\"row-odd_styles_color\":\"\",\"row-odd_styles_height\":\"\",\"row-odd_styles_width\":\"\",\"row-odd_styles_font-size\":\"\",\"row-odd_styles_margin\":\"\",\"row-odd_styles_padding\":\"\",\"row-odd_styles_display\":\"\",\"row-odd_styles_show_advanced_css\":\"0\",\"row-odd_styles_advanced\":\"\",\"success-msg_styles_background-color\":\"\",\"success-msg_styles_border\":\"\",\"success-msg_styles_border-style\":\"\",\"success-msg_styles_border-color\":\"\",\"success-msg_styles_color\":\"\",\"success-msg_styles_height\":\"\",\"success-msg_styles_width\":\"\",\"success-msg_styles_font-size\":\"\",\"success-msg_styles_margin\":\"\",\"success-msg_styles_padding\":\"\",\"success-msg_styles_display\":\"\",\"success-msg_styles_show_advanced_css\":\"0\",\"success-msg_styles_advanced\":\"\",\"error_msg_styles_background-color\":\"\",\"error_msg_styles_border\":\"\",\"error_msg_styles_border-style\":\"\",\"error_msg_styles_border-color\":\"\",\"error_msg_styles_color\":\"\",\"error_msg_styles_height\":\"\",\"error_msg_styles_width\":\"\",\"error_msg_styles_font-size\":\"\",\"error_msg_styles_margin\":\"\",\"error_msg_styles_padding\":\"\",\"error_msg_styles_display\":\"\",\"error_msg_styles_show_advanced_css\":\"0\",\"error_msg_styles_advanced\":\"\",\"allow_public_link\":0,\"embed_form\":\"\",\"currency\":\"\",\"repeatable_fieldsets\":\"\",\"unique_field_error\":\"Formularz z t\\u0105 warto\\u015bci\\u0105 zosta\\u0142 ju\\u017c przes\\u0142any.\",\"ninjaForms\":\"Ninja Forms\",\"changeEmailErrorMsg\":\"Wprowad\\u017a prawid\\u0142owy adres e-mail!\",\"changeDateErrorMsg\":\"Prosz\\u0119 wpisa\\u0107 prawid\\u0142ow\\u0105 dat\\u0119!\",\"confirmFieldErrorMsg\":\"Te pola musz\\u0105 si\\u0119 zgadza\\u0107!\",\"fieldNumberNumMinError\":\"B\\u0142\\u0105d \\u2014 liczba minimalna\",\"fieldNumberNumMaxError\":\"B\\u0142\\u0105d \\u2014 liczba maksymalna\",\"fieldNumberIncrementBy\":\"Zwi\\u0119ksz o \",\"fieldTextareaRTEInsertLink\":\"Wstaw odno\\u015bnik\",\"fieldTextareaRTEInsertMedia\":\"Wstaw media\",\"fieldTextareaRTESelectAFile\":\"Wybierz plik\",\"formErrorsCorrectErrors\":\"Popraw b\\u0142\\u0119dy, zanim prze\\u015blesz formularz.\",\"formHoneypot\":\"Je\\u015bli jeste\\u015b cz\\u0142owiekiem i widzisz to pole, nie wype\\u0142niaj go.\",\"validateRequiredField\":\"To jest wymagane pole.\",\"honeypotHoneypotError\":\"B\\u0142\\u0105d Honeypot\",\"fileUploadOldCodeFileUploadInProgress\":\"Przesy\\u0142anie pliku w toku.\",\"fileUploadOldCodeFileUpload\":\"PRZESY\\u0141ANIE PLIKU\",\"currencySymbol\":\"&#36;\",\"fieldsMarkedRequired\":\"Pola oznaczone znakiem <span class=\\\"ninja-forms-req-symbol\\\">*<\\\/span> s\\u0105 wymagane\",\"thousands_sep\":\"&nbsp;\",\"decimal_point\":\",\",\"siteLocale\":\"pl_PL\",\"dateFormat\":\"m\\\/d\\\/Y\",\"startOfWeek\":\"1\",\"of\":\"z\",\"previousMonth\":\"Poprzedni miesi\\u0105c\",\"nextMonth\":\"Nast\\u0119pny miesi\\u0105c\",\"months\":[\"Stycze\\u0144\",\"Luty\",\"Marzec\",\"Kwiecie\\u0144\",\"Maj\",\"Czerwiec\",\"Lipiec\",\"Sierpie\\u0144\",\"Wrzesie\\u0144\",\"Pa\\u017adziernik\",\"Listopad\",\"Grudzie\\u0144\"],\"monthsShort\":[\"Sty\",\"Lut\",\"Mar\",\"Kw\",\"Maj\",\"Cze\",\"Lip\",\"Sie\",\"Wrz\",\"Pa\\u017a\",\"Lis\",\"Gru\"],\"weekdays\":[\"Niedziela\",\"Poniedzia\\u0142ek\",\"Wtorek\",\"\\u015aroda\",\"Czwartek\",\"Pi\\u0105tek\",\"Sobota\"],\"weekdaysShort\":[\"Niedz\",\"Pon\",\"Wt\",\"\\u015ar\",\"Czw\",\"Pt\",\"Sob\"],\"weekdaysMin\":[\"Niedz\",\"Pon\",\"Wt\",\"\\u015ar\",\"Czw\",\"Pt\",\"Sob\"],\"recaptchaConsentMissing\":\"reCaptcha validation couldn&#039;t load.\",\"recaptchaMissingCookie\":\"reCaptcha v3 validation couldn&#039;t load the cookie needed to submit the form.\",\"recaptchaConsentEvent\":\"Accept reCaptcha cookies before sending the form.\",\"currency_symbol\":\"\",\"beforeForm\":\"\",\"beforeFields\":\"\",\"afterFields\":\"\",\"afterForm\":\"\"};form.fields=[{\"objectType\":\"Field\",\"objectDomain\":\"fields\",\"editActive\":false,\"order\":1,\"idAttribute\":\"id\",\"label\":\"Email\",\"key\":\"email\",\"type\":\"email\",\"created_at\":\"2021-05-31 16:57:06\",\"label_pos\":\"above\",\"required\":1,\"placeholder\":\"Podaj maila, skontaktujemy si\\u0119 z Tob\\u0105\",\"default\":\"\",\"wrapper_class\":\"\",\"element_class\":\"\",\"container_class\":\"\",\"admin_label\":\"\",\"help_text\":\"\",\"desc_text\":\"\",\"wrap_styles_background-color\":\"\",\"wrap_styles_border\":\"\",\"wrap_styles_border-style\":\"\",\"wrap_styles_border-color\":\"\",\"wrap_styles_color\":\"\",\"wrap_styles_height\":\"\",\"wrap_styles_width\":\"\",\"wrap_styles_font-size\":\"\",\"wrap_styles_margin\":\"\",\"wrap_styles_padding\":\"\",\"wrap_styles_display\":\"\",\"wrap_styles_float\":\"\",\"wrap_styles_show_advanced_css\":0,\"wrap_styles_advanced\":\"\",\"label_styles_background-color\":\"\",\"label_styles_border\":\"\",\"label_styles_border-style\":\"\",\"label_styles_border-color\":\"\",\"label_styles_color\":\"\",\"label_styles_height\":\"\",\"label_styles_width\":\"\",\"label_styles_font-size\":\"\",\"label_styles_margin\":\"\",\"label_styles_padding\":\"\",\"label_styles_display\":\"\",\"label_styles_float\":\"\",\"label_styles_show_advanced_css\":0,\"label_styles_advanced\":\"\",\"element_styles_background-color\":\"\",\"element_styles_border\":\"\",\"element_styles_border-style\":\"\",\"element_styles_border-color\":\"\",\"element_styles_color\":\"\",\"element_styles_height\":\"\",\"element_styles_width\":\"\",\"element_styles_font-size\":\"\",\"element_styles_margin\":\"\",\"element_styles_padding\":\"\",\"element_styles_display\":\"\",\"element_styles_float\":\"\",\"element_styles_show_advanced_css\":0,\"element_styles_advanced\":\"\",\"cellcid\":\"c3375\",\"custom_name_attribute\":\"email\",\"personally_identifiable\":1,\"value\":\"\",\"drawerDisabled\":false,\"id\":2,\"beforeField\":\"\",\"afterField\":\"\",\"parentType\":\"email\",\"element_templates\":[\"email\",\"input\"],\"old_classname\":\"\",\"wrap_template\":\"wrap\"},{\"objectType\":\"Field\",\"objectDomain\":\"fields\",\"editActive\":false,\"order\":2,\"idAttribute\":\"id\",\"label\":\"Wy\\u015blij\",\"key\":\"wyslij_1640001513358\",\"type\":\"submit\",\"created_at\":\"2021-05-31 16:57:06\",\"processing_label\":\"Wysy\\u0142anie...\",\"container_class\":\"\",\"element_class\":\"\",\"wrap_styles_background-color\":\"\",\"wrap_styles_border\":\"\",\"wrap_styles_border-style\":\"\",\"wrap_styles_border-color\":\"\",\"wrap_styles_color\":\"\",\"wrap_styles_height\":\"\",\"wrap_styles_width\":\"\",\"wrap_styles_font-size\":\"\",\"wrap_styles_margin\":\"\",\"wrap_styles_padding\":\"\",\"wrap_styles_display\":\"\",\"wrap_styles_float\":\"\",\"wrap_styles_show_advanced_css\":0,\"wrap_styles_advanced\":\"\",\"label_styles_background-color\":\"\",\"label_styles_border\":\"\",\"label_styles_border-style\":\"\",\"label_styles_border-color\":\"\",\"label_styles_color\":\"\",\"label_styles_height\":\"\",\"label_styles_width\":\"\",\"label_styles_font-size\":\"\",\"label_styles_margin\":\"\",\"label_styles_padding\":\"\",\"label_styles_display\":\"\",\"label_styles_float\":\"\",\"label_styles_show_advanced_css\":0,\"label_styles_advanced\":\"\",\"element_styles_background-color\":\"\",\"element_styles_border\":\"\",\"element_styles_border-style\":\"\",\"element_styles_border-color\":\"\",\"element_styles_color\":\"\",\"element_styles_height\":\"\",\"element_styles_width\":\"\",\"element_styles_font-size\":\"\",\"element_styles_margin\":\"\",\"element_styles_padding\":\"\",\"element_styles_display\":\"\",\"element_styles_float\":\"\",\"element_styles_show_advanced_css\":0,\"element_styles_advanced\":\"\",\"submit_element_hover_styles_background-color\":\"\",\"submit_element_hover_styles_border\":\"\",\"submit_element_hover_styles_border-style\":\"\",\"submit_element_hover_styles_border-color\":\"\",\"submit_element_hover_styles_color\":\"\",\"submit_element_hover_styles_height\":\"\",\"submit_element_hover_styles_width\":\"\",\"submit_element_hover_styles_font-size\":\"\",\"submit_element_hover_styles_margin\":\"\",\"submit_element_hover_styles_padding\":\"\",\"submit_element_hover_styles_display\":\"\",\"submit_element_hover_styles_float\":\"\",\"submit_element_hover_styles_show_advanced_css\":0,\"submit_element_hover_styles_advanced\":\"\",\"cellcid\":\"c3378\",\"drawerDisabled\":false,\"id\":4,\"beforeField\":\"\",\"afterField\":\"\",\"value\":\"\",\"label_pos\":\"above\",\"parentType\":\"textbox\",\"element_templates\":[\"submit\",\"button\",\"input\"],\"old_classname\":\"\",\"wrap_template\":\"wrap-no-label\"}];nfForms.push(form);<\/script>\n                <script id=\"nf-tmpl-cell\" type=\"text\/template\">\n            <nf-fields><\/nf-fields>\n        <\/script>\n\n        <script id=\"nf-tmpl-row\" type=\"text\/template\">\n            <nf-cells><\/nf-cells>\n        <\/script>\n\n                <\/div>\r\n    <\/div>\r\n    <div class=\"ctaninja-onm ctaninja-onm-1 rbg\"><\/div>\r\n    <div class=\"ctaninja-onm ctaninja-onm-2 rbg\"><\/div>\r\n<\/section>\n\n\n<h2 class=\"wp-block-heading\"><strong>Pomys\u0142y na dekoracje na wesele w stylu folkowym<\/strong><\/h2>\n\n\n\n<p><strong>Wesele folkowe<\/strong> daje tak wiele mo\u017cliwo\u015bci, \u017ce nie spos\u00f3b tu wymieni\u0107 wszystkich. Mo\u017cesz je urz\u0105dzi\u0107 w stylu:<\/p>\n\n\n\n<ul class=\"wp-block-list\">\n<li>Zalipia \u2013 inspirowane kolorow\u0105, malowan\u0105 chat\u0105,<\/li>\n\n\n\n<li>\u0141owicza \u2013 z wycinankami,<\/li>\n\n\n\n<li>g\u00f3ralskim,<\/li>\n\n\n\n<li>kaszubskim,<\/li>\n\n\n\n<li>s\u0142owia\u0144skim,<\/li>\n\n\n\n<li>etno \u2013 z zespo\u0142em typu Kapela Ze Wsi Warszawa lub tzw. \u201eta\u0144cami na deskach\u201d<\/li>\n<\/ul>\n\n\n\n<p>i wielu, wielu innych. Sk\u0105d bra\u0107 inspiracje? Pom\u00f3c mo\u017ce dobry wedding planner. Warto te\u017c zaczerpn\u0105\u0107 z w\u0142asnych tradycji i podpyta\u0107 babci\u0119 lub rodzic\u00f3w o to, z jakim regionem zwi\u0105zana jest rodzina. Takie przyj\u0119cie mo\u017ce powsta\u0107 te\u017c z inspiracji pi\u0119knem lokalnej przyrody, jak zdarza si\u0119 parom, kt\u00f3re pierwszy raz przyje\u017cd\u017caj\u0105 w Karkonosze.<\/p>\n\n\n\n<h2 class=\"wp-block-heading\" id=\"ha-wesele-folkowe-stroj-pary-mlodej\">Wesele folkowe &#8211; str\u00f3j Pary M\u0142odej<\/h2>\n\n\n\n<p>R\u00f3wnie bogate s\u0105 mo\u017cliwo\u015bci, je\u015bli chodzi o folkowy str\u00f3j Panny M\u0142odej. Niekt\u00f3rzy id\u0105 na ca\u0142o\u015b\u0107 i bior\u0105 \u015blub w s\u0142owia\u0144skich strojach nawi\u0105zuj\u0105cych do dawnych wzor\u00f3w. Inni inspiruj\u0105 si\u0119 literatur\u0105 \u2013 \u201eCh\u0142opami\u201d, \u201ePanem Tadeuszem\u201d lub \u201eWeselem\u201d. S\u0105 te\u017c kobiety, kt\u00f3re wybieraj\u0105 prost\u0105 sukienk\u0119, ale dodaj\u0105 do niej fragment nawi\u0105zuj\u0105cy do folku, jak np. koronk\u0119 z Koniakowa albo g\u00f3ralsk\u0105 parzenic\u0119.&nbsp;<\/p>\n\n\n<section id=\"leonardo-block_5a1815ba82aad9482884caa0e460a539\" class=\"leonardo page-breaker leonardo-image-right\">\r\n    <div class=\"leonardo-body\">\r\n                <div class=\"leonardo-content\"><p>Niekt\u00f3rym wystarczy dyskretne nawi\u0105zanie do folkowego klimatu w dodatkach. Przede wszystkim nastr\u00f3j tworzy bukiet polnych kwiat\u00f3w i dyskretna bi\u017cuteria czy opaska na g\u0142owie. Nie ma nic bardziej sielskiego i dziewcz\u0119cego, ni\u017c wianek na g\u0142owie Panny M\u0142odej. Tak zreszt\u0105 prawdopodobnie w dniu \u015blubu wygl\u0105da\u0142y nasze babki. Jak wida\u0107, wesele folkowe jako motyw przewodni to kopalnia bez dna, je\u015bli chodzi o pomys\u0142y na to, jak b\u0119dzie wygl\u0105da\u0142a\u00a0sala balowa, str\u00f3j nowo\u017ce\u0144c\u00f3w czy menu.<\/p>\n<\/div>\r\n            <\/div>\r\n    <div class=\"leonardo-image\">\r\n        <img loading=\"lazy\" decoding=\"async\" width=\"750\" height=\"500\" src=\"https:\/\/www.koronakarkonoszy.pl\/blog\/wp-content\/uploads\/2021\/07\/wesele-folkowe.jpg\" class=\"attachment-full size-full\" alt=\"\" srcset=\"https:\/\/www.koronakarkonoszy.pl\/blog\/wp-content\/uploads\/2021\/07\/wesele-folkowe.jpg 750w, https:\/\/www.koronakarkonoszy.pl\/blog\/wp-content\/uploads\/2021\/07\/wesele-folkowe-300x200.jpg 300w\" sizes=\"auto, (max-width: 750px) 100vw, 750px\" \/>            <\/div>\r\n<\/section>","protected":false},"excerpt":{"rendered":"<p>Cho\u0107 lubimy ogl\u0105da\u0107 ameryka\u0144skie wesela na filmach, to szkoda by\u0142oby, gdyby w mi\u0119dzyczasie przepad\u0142y pi\u0119kne, polskie tradycje weselne, kt\u00f3rych mamy jeszcze sporo. Wesele folkowe pozwala w r\u00f3\u017cnym stopniu zaczerpn\u0105\u0107 z tego dziedzictwa, cho\u0107by w zupe\u0142nie od\u015bwie\u017conym wydaniu. Wesele folkowe \u2013 ta nazwa mo\u017ce myli\u0107. Czy chodzi o imprez\u0119, na kt\u00f3rej b\u0119d\u0105 puszczane hity Brathank\u00f3w i [&hellip;]<\/p>\n","protected":false},"author":4,"featured_media":183,"comment_status":"closed","ping_status":"closed","sticky":false,"template":"","format":"standard","meta":{"_acf_changed":false,"footnotes":""},"categories":[2,4],"class_list":["post-181","post","type-post","status-publish","format-standard","has-post-thumbnail","hentry","category-porady","category-tradycja"],"acf":[],"yoast_head":"<!-- This site is optimized with the Yoast SEO plugin v27.4 - https:\/\/yoast.com\/product\/yoast-seo-wordpress\/ -->\n<title>Wesele folkowe | Korona Karkonoszy.pl<\/title>\n<meta name=\"description\" content=\"Wesele folkowe \u0142\u0105czy styl rustykalny z unikaln\u0105 atmosfer\u0105 i klimatem. Folkowe wesela to idealny wyb\u00f3r dla mi\u0142o\u015bnik\u00f3w tradycji i natury.\" \/>\n<meta name=\"robots\" content=\"index, follow, max-snippet:-1, max-image-preview:large, max-video-preview:-1\" \/>\n<link rel=\"canonical\" href=\"https:\/\/www.koronakarkonoszy.pl\/blog\/urocze-i-sielskie-wesele-folkowe\/\" \/>\n<meta property=\"og:locale\" content=\"pl_PL\" \/>\n<meta property=\"og:type\" content=\"article\" \/>\n<meta property=\"og:title\" content=\"Wesele folkowe | Korona Karkonoszy.pl\" \/>\n<meta property=\"og:description\" content=\"Wesele folkowe \u0142\u0105czy styl rustykalny z unikaln\u0105 atmosfer\u0105 i klimatem. Folkowe wesela to idealny wyb\u00f3r dla mi\u0142o\u015bnik\u00f3w tradycji i natury.\" \/>\n<meta property=\"og:url\" content=\"https:\/\/www.koronakarkonoszy.pl\/blog\/urocze-i-sielskie-wesele-folkowe\/\" \/>\n<meta property=\"og:site_name\" content=\":: Blog weselny\" \/>\n<meta property=\"article:published_time\" content=\"2021-06-10T12:50:00+00:00\" \/>\n<meta property=\"article:modified_time\" content=\"2025-01-16T08:12:53+00:00\" \/>\n<meta property=\"og:image\" content=\"https:\/\/www.koronakarkonoszy.pl\/blog\/wp-content\/uploads\/2021\/07\/wesele-folkowe1jpg.jpg\" \/>\n\t<meta property=\"og:image:width\" content=\"800\" \/>\n\t<meta property=\"og:image:height\" content=\"534\" \/>\n\t<meta property=\"og:image:type\" content=\"image\/jpeg\" \/>\n<meta name=\"author\" content=\"Maria Szruba\" \/>\n<meta name=\"twitter:card\" content=\"summary_large_image\" \/>\n<meta name=\"twitter:label1\" content=\"Napisane przez\" \/>\n\t<meta name=\"twitter:data1\" content=\"Maria Szruba\" \/>\n\t<meta name=\"twitter:label2\" content=\"Szacowany czas czytania\" \/>\n\t<meta name=\"twitter:data2\" content=\"5 minut\" \/>\n<script type=\"application\/ld+json\" class=\"yoast-schema-graph\">{\"@context\":\"https:\\\/\\\/schema.org\",\"@graph\":[{\"@type\":\"Article\",\"@id\":\"https:\\\/\\\/www.koronakarkonoszy.pl\\\/blog\\\/urocze-i-sielskie-wesele-folkowe\\\/#article\",\"isPartOf\":{\"@id\":\"https:\\\/\\\/www.koronakarkonoszy.pl\\\/blog\\\/urocze-i-sielskie-wesele-folkowe\\\/\"},\"author\":{\"name\":\"Maria Szruba\",\"@id\":\"https:\\\/\\\/www.koronakarkonoszy.pl\\\/blog\\\/#\\\/schema\\\/person\\\/c3d9d467cc9af49e50c67be561c643eb\"},\"headline\":\"Urocze i sielskie wesele folkowe\",\"datePublished\":\"2021-06-10T12:50:00+00:00\",\"dateModified\":\"2025-01-16T08:12:53+00:00\",\"mainEntityOfPage\":{\"@id\":\"https:\\\/\\\/www.koronakarkonoszy.pl\\\/blog\\\/urocze-i-sielskie-wesele-folkowe\\\/\"},\"wordCount\":979,\"image\":{\"@id\":\"https:\\\/\\\/www.koronakarkonoszy.pl\\\/blog\\\/urocze-i-sielskie-wesele-folkowe\\\/#primaryimage\"},\"thumbnailUrl\":\"https:\\\/\\\/www.koronakarkonoszy.pl\\\/blog\\\/wp-content\\\/uploads\\\/2021\\\/07\\\/wesele-folkowe1jpg.jpg\",\"articleSection\":[\"Porady\",\"Tradycja\"],\"inLanguage\":\"pl-PL\"},{\"@type\":\"WebPage\",\"@id\":\"https:\\\/\\\/www.koronakarkonoszy.pl\\\/blog\\\/urocze-i-sielskie-wesele-folkowe\\\/\",\"url\":\"https:\\\/\\\/www.koronakarkonoszy.pl\\\/blog\\\/urocze-i-sielskie-wesele-folkowe\\\/\",\"name\":\"Wesele folkowe | Korona Karkonoszy.pl\",\"isPartOf\":{\"@id\":\"https:\\\/\\\/www.koronakarkonoszy.pl\\\/blog\\\/#website\"},\"primaryImageOfPage\":{\"@id\":\"https:\\\/\\\/www.koronakarkonoszy.pl\\\/blog\\\/urocze-i-sielskie-wesele-folkowe\\\/#primaryimage\"},\"image\":{\"@id\":\"https:\\\/\\\/www.koronakarkonoszy.pl\\\/blog\\\/urocze-i-sielskie-wesele-folkowe\\\/#primaryimage\"},\"thumbnailUrl\":\"https:\\\/\\\/www.koronakarkonoszy.pl\\\/blog\\\/wp-content\\\/uploads\\\/2021\\\/07\\\/wesele-folkowe1jpg.jpg\",\"datePublished\":\"2021-06-10T12:50:00+00:00\",\"dateModified\":\"2025-01-16T08:12:53+00:00\",\"author\":{\"@id\":\"https:\\\/\\\/www.koronakarkonoszy.pl\\\/blog\\\/#\\\/schema\\\/person\\\/c3d9d467cc9af49e50c67be561c643eb\"},\"description\":\"Wesele folkowe \u0142\u0105czy styl rustykalny z unikaln\u0105 atmosfer\u0105 i klimatem. Folkowe wesela to idealny wyb\u00f3r dla mi\u0142o\u015bnik\u00f3w tradycji i natury.\",\"breadcrumb\":{\"@id\":\"https:\\\/\\\/www.koronakarkonoszy.pl\\\/blog\\\/urocze-i-sielskie-wesele-folkowe\\\/#breadcrumb\"},\"inLanguage\":\"pl-PL\",\"potentialAction\":[{\"@type\":\"ReadAction\",\"target\":[\"https:\\\/\\\/www.koronakarkonoszy.pl\\\/blog\\\/urocze-i-sielskie-wesele-folkowe\\\/\"]}]},{\"@type\":\"ImageObject\",\"inLanguage\":\"pl-PL\",\"@id\":\"https:\\\/\\\/www.koronakarkonoszy.pl\\\/blog\\\/urocze-i-sielskie-wesele-folkowe\\\/#primaryimage\",\"url\":\"https:\\\/\\\/www.koronakarkonoszy.pl\\\/blog\\\/wp-content\\\/uploads\\\/2021\\\/07\\\/wesele-folkowe1jpg.jpg\",\"contentUrl\":\"https:\\\/\\\/www.koronakarkonoszy.pl\\\/blog\\\/wp-content\\\/uploads\\\/2021\\\/07\\\/wesele-folkowe1jpg.jpg\",\"width\":800,\"height\":534,\"caption\":\"wesele folkowe\"},{\"@type\":\"BreadcrumbList\",\"@id\":\"https:\\\/\\\/www.koronakarkonoszy.pl\\\/blog\\\/urocze-i-sielskie-wesele-folkowe\\\/#breadcrumb\",\"itemListElement\":[{\"@type\":\"ListItem\",\"position\":1,\"name\":\"Strona g\u0142\u00f3wna\",\"item\":\"https:\\\/\\\/www.koronakarkonoszy.pl\\\/blog\\\/\"},{\"@type\":\"ListItem\",\"position\":2,\"name\":\"Urocze i sielskie wesele folkowe\"}]},{\"@type\":\"WebSite\",\"@id\":\"https:\\\/\\\/www.koronakarkonoszy.pl\\\/blog\\\/#website\",\"url\":\"https:\\\/\\\/www.koronakarkonoszy.pl\\\/blog\\\/\",\"name\":\":: Blog weselny\",\"description\":\"Blog weselny Dw\u00f3r Korona Karkonoszy\",\"potentialAction\":[{\"@type\":\"SearchAction\",\"target\":{\"@type\":\"EntryPoint\",\"urlTemplate\":\"https:\\\/\\\/www.koronakarkonoszy.pl\\\/blog\\\/?s={search_term_string}\"},\"query-input\":{\"@type\":\"PropertyValueSpecification\",\"valueRequired\":true,\"valueName\":\"search_term_string\"}}],\"inLanguage\":\"pl-PL\"},{\"@type\":\"Person\",\"@id\":\"https:\\\/\\\/www.koronakarkonoszy.pl\\\/blog\\\/#\\\/schema\\\/person\\\/c3d9d467cc9af49e50c67be561c643eb\",\"name\":\"Maria Szruba\",\"image\":{\"@type\":\"ImageObject\",\"inLanguage\":\"pl-PL\",\"@id\":\"https:\\\/\\\/www.koronakarkonoszy.pl\\\/blog\\\/wp-content\\\/litespeed\\\/avatar\\\/d0fe7fde2b2277621e0a2904789bab14.jpg?ver=1776835008\",\"url\":\"https:\\\/\\\/www.koronakarkonoszy.pl\\\/blog\\\/wp-content\\\/litespeed\\\/avatar\\\/d0fe7fde2b2277621e0a2904789bab14.jpg?ver=1776835008\",\"contentUrl\":\"https:\\\/\\\/www.koronakarkonoszy.pl\\\/blog\\\/wp-content\\\/litespeed\\\/avatar\\\/d0fe7fde2b2277621e0a2904789bab14.jpg?ver=1776835008\",\"caption\":\"Maria Szruba\"},\"url\":\"https:\\\/\\\/www.koronakarkonoszy.pl\\\/blog\\\/author\\\/m-szruba\\\/\"}]}<\/script>\n<!-- \/ Yoast SEO plugin. -->","yoast_head_json":{"title":"Wesele folkowe | Korona Karkonoszy.pl","description":"Wesele folkowe \u0142\u0105czy styl rustykalny z unikaln\u0105 atmosfer\u0105 i klimatem. Folkowe wesela to idealny wyb\u00f3r dla mi\u0142o\u015bnik\u00f3w tradycji i natury.","robots":{"index":"index","follow":"follow","max-snippet":"max-snippet:-1","max-image-preview":"max-image-preview:large","max-video-preview":"max-video-preview:-1"},"canonical":"https:\/\/www.koronakarkonoszy.pl\/blog\/urocze-i-sielskie-wesele-folkowe\/","og_locale":"pl_PL","og_type":"article","og_title":"Wesele folkowe | Korona Karkonoszy.pl","og_description":"Wesele folkowe \u0142\u0105czy styl rustykalny z unikaln\u0105 atmosfer\u0105 i klimatem. Folkowe wesela to idealny wyb\u00f3r dla mi\u0142o\u015bnik\u00f3w tradycji i natury.","og_url":"https:\/\/www.koronakarkonoszy.pl\/blog\/urocze-i-sielskie-wesele-folkowe\/","og_site_name":":: Blog weselny","article_published_time":"2021-06-10T12:50:00+00:00","article_modified_time":"2025-01-16T08:12:53+00:00","og_image":[{"width":800,"height":534,"url":"https:\/\/www.koronakarkonoszy.pl\/blog\/wp-content\/uploads\/2021\/07\/wesele-folkowe1jpg.jpg","type":"image\/jpeg"}],"author":"Maria Szruba","twitter_card":"summary_large_image","twitter_misc":{"Napisane przez":"Maria Szruba","Szacowany czas czytania":"5 minut"},"schema":{"@context":"https:\/\/schema.org","@graph":[{"@type":"Article","@id":"https:\/\/www.koronakarkonoszy.pl\/blog\/urocze-i-sielskie-wesele-folkowe\/#article","isPartOf":{"@id":"https:\/\/www.koronakarkonoszy.pl\/blog\/urocze-i-sielskie-wesele-folkowe\/"},"author":{"name":"Maria Szruba","@id":"https:\/\/www.koronakarkonoszy.pl\/blog\/#\/schema\/person\/c3d9d467cc9af49e50c67be561c643eb"},"headline":"Urocze i sielskie wesele folkowe","datePublished":"2021-06-10T12:50:00+00:00","dateModified":"2025-01-16T08:12:53+00:00","mainEntityOfPage":{"@id":"https:\/\/www.koronakarkonoszy.pl\/blog\/urocze-i-sielskie-wesele-folkowe\/"},"wordCount":979,"image":{"@id":"https:\/\/www.koronakarkonoszy.pl\/blog\/urocze-i-sielskie-wesele-folkowe\/#primaryimage"},"thumbnailUrl":"https:\/\/www.koronakarkonoszy.pl\/blog\/wp-content\/uploads\/2021\/07\/wesele-folkowe1jpg.jpg","articleSection":["Porady","Tradycja"],"inLanguage":"pl-PL"},{"@type":"WebPage","@id":"https:\/\/www.koronakarkonoszy.pl\/blog\/urocze-i-sielskie-wesele-folkowe\/","url":"https:\/\/www.koronakarkonoszy.pl\/blog\/urocze-i-sielskie-wesele-folkowe\/","name":"Wesele folkowe | Korona Karkonoszy.pl","isPartOf":{"@id":"https:\/\/www.koronakarkonoszy.pl\/blog\/#website"},"primaryImageOfPage":{"@id":"https:\/\/www.koronakarkonoszy.pl\/blog\/urocze-i-sielskie-wesele-folkowe\/#primaryimage"},"image":{"@id":"https:\/\/www.koronakarkonoszy.pl\/blog\/urocze-i-sielskie-wesele-folkowe\/#primaryimage"},"thumbnailUrl":"https:\/\/www.koronakarkonoszy.pl\/blog\/wp-content\/uploads\/2021\/07\/wesele-folkowe1jpg.jpg","datePublished":"2021-06-10T12:50:00+00:00","dateModified":"2025-01-16T08:12:53+00:00","author":{"@id":"https:\/\/www.koronakarkonoszy.pl\/blog\/#\/schema\/person\/c3d9d467cc9af49e50c67be561c643eb"},"description":"Wesele folkowe \u0142\u0105czy styl rustykalny z unikaln\u0105 atmosfer\u0105 i klimatem. Folkowe wesela to idealny wyb\u00f3r dla mi\u0142o\u015bnik\u00f3w tradycji i natury.","breadcrumb":{"@id":"https:\/\/www.koronakarkonoszy.pl\/blog\/urocze-i-sielskie-wesele-folkowe\/#breadcrumb"},"inLanguage":"pl-PL","potentialAction":[{"@type":"ReadAction","target":["https:\/\/www.koronakarkonoszy.pl\/blog\/urocze-i-sielskie-wesele-folkowe\/"]}]},{"@type":"ImageObject","inLanguage":"pl-PL","@id":"https:\/\/www.koronakarkonoszy.pl\/blog\/urocze-i-sielskie-wesele-folkowe\/#primaryimage","url":"https:\/\/www.koronakarkonoszy.pl\/blog\/wp-content\/uploads\/2021\/07\/wesele-folkowe1jpg.jpg","contentUrl":"https:\/\/www.koronakarkonoszy.pl\/blog\/wp-content\/uploads\/2021\/07\/wesele-folkowe1jpg.jpg","width":800,"height":534,"caption":"wesele folkowe"},{"@type":"BreadcrumbList","@id":"https:\/\/www.koronakarkonoszy.pl\/blog\/urocze-i-sielskie-wesele-folkowe\/#breadcrumb","itemListElement":[{"@type":"ListItem","position":1,"name":"Strona g\u0142\u00f3wna","item":"https:\/\/www.koronakarkonoszy.pl\/blog\/"},{"@type":"ListItem","position":2,"name":"Urocze i sielskie wesele folkowe"}]},{"@type":"WebSite","@id":"https:\/\/www.koronakarkonoszy.pl\/blog\/#website","url":"https:\/\/www.koronakarkonoszy.pl\/blog\/","name":":: Blog weselny","description":"Blog weselny Dw\u00f3r Korona Karkonoszy","potentialAction":[{"@type":"SearchAction","target":{"@type":"EntryPoint","urlTemplate":"https:\/\/www.koronakarkonoszy.pl\/blog\/?s={search_term_string}"},"query-input":{"@type":"PropertyValueSpecification","valueRequired":true,"valueName":"search_term_string"}}],"inLanguage":"pl-PL"},{"@type":"Person","@id":"https:\/\/www.koronakarkonoszy.pl\/blog\/#\/schema\/person\/c3d9d467cc9af49e50c67be561c643eb","name":"Maria Szruba","image":{"@type":"ImageObject","inLanguage":"pl-PL","@id":"https:\/\/www.koronakarkonoszy.pl\/blog\/wp-content\/litespeed\/avatar\/d0fe7fde2b2277621e0a2904789bab14.jpg?ver=1776835008","url":"https:\/\/www.koronakarkonoszy.pl\/blog\/wp-content\/litespeed\/avatar\/d0fe7fde2b2277621e0a2904789bab14.jpg?ver=1776835008","contentUrl":"https:\/\/www.koronakarkonoszy.pl\/blog\/wp-content\/litespeed\/avatar\/d0fe7fde2b2277621e0a2904789bab14.jpg?ver=1776835008","caption":"Maria Szruba"},"url":"https:\/\/www.koronakarkonoszy.pl\/blog\/author\/m-szruba\/"}]}},"_links":{"self":[{"href":"https:\/\/www.koronakarkonoszy.pl\/blog\/wp-json\/wp\/v2\/posts\/181","targetHints":{"allow":["GET"]}}],"collection":[{"href":"https:\/\/www.koronakarkonoszy.pl\/blog\/wp-json\/wp\/v2\/posts"}],"about":[{"href":"https:\/\/www.koronakarkonoszy.pl\/blog\/wp-json\/wp\/v2\/types\/post"}],"author":[{"embeddable":true,"href":"https:\/\/www.koronakarkonoszy.pl\/blog\/wp-json\/wp\/v2\/users\/4"}],"replies":[{"embeddable":true,"href":"https:\/\/www.koronakarkonoszy.pl\/blog\/wp-json\/wp\/v2\/comments?post=181"}],"version-history":[{"count":1,"href":"https:\/\/www.koronakarkonoszy.pl\/blog\/wp-json\/wp\/v2\/posts\/181\/revisions"}],"predecessor-version":[{"id":11668,"href":"https:\/\/www.koronakarkonoszy.pl\/blog\/wp-json\/wp\/v2\/posts\/181\/revisions\/11668"}],"wp:featuredmedia":[{"embeddable":true,"href":"https:\/\/www.koronakarkonoszy.pl\/blog\/wp-json\/wp\/v2\/media\/183"}],"wp:attachment":[{"href":"https:\/\/www.koronakarkonoszy.pl\/blog\/wp-json\/wp\/v2\/media?parent=181"}],"wp:term":[{"taxonomy":"category","embeddable":true,"href":"https:\/\/www.koronakarkonoszy.pl\/blog\/wp-json\/wp\/v2\/categories?post=181"}],"curies":[{"name":"wp","href":"https:\/\/api.w.org\/{rel}","templated":true}]}}