{"id":1673,"date":"2021-09-24T22:06:00","date_gmt":"2021-09-24T20:06:00","guid":{"rendered":"https:\/\/www.koronakarkonoszy.pl\/blog\/?p=1673"},"modified":"2025-01-15T13:49:54","modified_gmt":"2025-01-15T12:49:54","slug":"wesele-w-namiocie","status":"publish","type":"post","link":"https:\/\/www.koronakarkonoszy.pl\/blog\/wesele-w-namiocie\/","title":{"rendered":"Wesele w namiocie czy przyj\u0119cie w sali \u2013 co wybra\u0107?"},"content":{"rendered":"\n<p>Wesele to wyj\u0105tkowe wydarzenie w \u017cyciu dw\u00f3ch zakochanych w sobie os\u00f3b. \u015awie\u017co upieczeni ma\u0142\u017conkowie zapami\u0119taj\u0105 je go ko\u0144ca swoich dni, dlatego wa\u017cne jest, aby&nbsp;spe\u0142nia\u0142o ich najwi\u0119ksze marzenia. Jednym z pierwszych etap\u00f3w przygotowa\u0144 do wesela jest znalezienie idealnej lokalizacji na imprez\u0119. W ostatnim czasie du\u017c\u0105 popularno\u015bci\u0105 ciesz\u0105 si\u0119 przyj\u0119cia plenerowe. Czy warto zorganizowa\u0107 wesele w namiocie? A mo\u017ce lepszym rozwi\u0105zaniem jest tradycyjna impreza w sali?&nbsp;<\/p>\n\n\n<div id=\"ariadna-block_d120c2c09af89c50d81e1fcbfafe50c1\" class=\"ariadna\">\r\n    <ul><li><a href=\"#h-czy-warto-zorganizowa-wesele-w-namiocie\">Czy warto zorganizowa\u0107 wesele w namiocie?&nbsp;<\/a><\/li><li><a href=\"#ha-wesele-w-namiocie-wyjatkowe-doswiadczenie\">Wesele w namiocie \u2013 wyj\u0105tkowe do\u015bwiadczenie<\/a><\/li><li><a href=\"#ha-praktyczne-aspekty-organizacji-wesela-pod-namiotem\">Praktyczne aspekty organizacji wesela pod namiotem<\/a><\/li><li><a href=\"#ha-marzycie-o-weselu-w-otoczeniu-przyrody\">Marzycie o weselu w otoczeniu przyrody?<\/a><\/li><li><a href=\"#h-wesele-w-namiocie-kontra-pogoda\">Wesele w namiocie kontra pogoda&nbsp;<\/a><\/li><li><a href=\"#h-plusy-organizacji-przyj-cia-w-sali-weselnej\">Plusy organizacji przyj\u0119cia w sali weselnej&nbsp;<\/a><\/li><li><a href=\"#h-wesele-w-namiocie-a-mo-e-po-prostu-w-ogrodzie\">Wesele w namiocie, a mo\u017ce po prostu w ogrodzie?&nbsp;<\/a><\/li><li><a href=\"#h-wesele-w-namiocie-praktyczne-wskazowki-dla-pary-mlodej\">Wesele w namiocie: praktyczne wskaz\u00f3wki dla Pary M\u0142odej<\/a><\/li><\/ul>\r\n<\/div>\r\n\r\n\r\n\r\n\n\n\n<p>Organizacja wesela to du\u017ce przedsi\u0119wzi\u0119cie. Przysz\u0142a Para M\u0142oda ma przed sob\u0105 d\u0142ug\u0105 list\u0119 rzeczy do zrobienia przed tym wyj\u0105tkowym wydarzeniem. Jednym z wa\u017cnych punkt\u00f3w na li\u015bcie jest znalezienie idealnego miejsca na <a href=\"https:\/\/www.koronakarkonoszy.pl\/blog\/jak-zorganizowac-przyjecie-weselne-na-30-osob\/\" class=\"links-placer\">przyj\u0119cie weselne<\/a>. Wybrana &#8222;miejsc\u00f3wka&#8221; powinna perfekcyjnie wpisywa\u0107 si\u0119 w gusta nowo\u017ce\u0144c\u00f3w. Musi by\u0107 dostosowana do liczby zaproszonych go\u015bci i charakteru przyj\u0119cia. Ka\u017cdy weselnik powinien czu\u0107 si\u0119 swobodnie i komfortowo podczas radosnego \u015bwi\u0119towania.&nbsp;<\/p>\n\n\n\n<h2 class=\"wp-block-heading\" id=\"h-czy-warto-zorganizowa-wesele-w-namiocie\">Czy warto zorganizowa\u0107 wesele w namiocie?&nbsp;<\/h2>\n\n\n\n<p>Du\u017c\u0105 popularno\u015bci\u0105 w ostatnim czasie cieszy si\u0119 opcja organizacji wesel w specjalnych namiotach. Czy jest to dobre rozwi\u0105zanie? Bez w\u0105tpienia nie mo\u017cna odm\u00f3wi\u0107 mu romantycznego charakteru. Wesele w namiocie mo\u017ce by\u0107 magiczne i wyj\u0105tkowe \u2013 szczeg\u00f3lnie je\u015bli organizatorzy przyj\u0119cia odpowiednio zaaran\u017cuj\u0105 jego wn\u0119trze. \u015awie\u017ce kwiaty, delikatne \u015bwiate\u0142ka, subtelne materia\u0142y, ozdobne \u015bwieczniki i koronkowe obrusy na sto\u0142ach \u2013 starannie dobrane dekoracje mog\u0105 stworzy\u0107 wyj\u0105tkowo klimatyczny wystr\u00f3j, kt\u00f3ry w pe\u0142ni odda romantyczn\u0105 aur\u0119 towarzysz\u0105c\u0105 M\u0142odym i weselnikom w tym niezwyk\u0142ym dniu.&nbsp;<\/p>\n\n\n\n<p>Wesele w namiocie to r\u00f3wnie\u017c dobre rozwi\u0105zanie w przypadku bardzo d\u0142ugiej listy go\u015bci. Firmy specjalizuj\u0105ce si\u0119 w wynajmie namiot\u00f3w oferuj\u0105 konstrukcje o r\u00f3\u017cnych rozmiarach \u2013 zar\u00f3wno mniejsze, jak i wi\u0119ksze. Dzi\u0119ki temu \u0142atwo dopasowa\u0107 je do charakteru organizowanej uroczysto\u015bci. Pami\u0119tajmy, \u017ce im wi\u0119kszy namiot, tym wi\u0119cej miejsca potrzeba, \u017ceby go rozstawi\u0107. Teren pod namiot\u00a0powinien by\u0107 przestronny, w miar\u0119 \u0142agodny i r\u00f3wny \u2013 najlepiej z traw\u0105. Nie bez znaczenia jest r\u00f3wnie\u017c to, co b\u0119dzie znajdowa\u0107 si\u0119 wok\u00f3\u0142. \u0141adnie zagospodarowany, estetyczny ogr\u00f3d z alejkami w\u015br\u00f3d pi\u0119knych, kolorowych kwiat\u00f3w i idealnie przyci\u0119tych krzew\u00f3w b\u0119dzie doskona\u0142ym uzupe\u0142nieniem romantycznego wystroju namiotu.<\/p>\n\n\n\n<h2 class=\"wp-block-heading\" id=\"ha-wesele-w-namiocie-wyjatkowe-doswiadczenie\">Wesele w namiocie \u2013 wyj\u0105tkowe do\u015bwiadczenie<\/h2>\n\n\n\n<p>Organizacja <strong>wesela w namiocie \u015al\u0105sk<\/strong> to doskona\u0142a okazja, by po\u0142\u0105czy\u0107 elegancj\u0119 z blisko\u015bci\u0105 natury. Wybieraj\u0105c t\u0119 form\u0119 przyj\u0119cia, mo\u017cna stworzy\u0107 niepowtarzaln\u0105 atmosfer\u0119, kt\u00f3ra zachwyci zar\u00f3wno Par\u0119 M\u0142od\u0105, jak i go\u015bci. Dzi\u0119ki elastyczno\u015bci przestrzeni, <strong>wesele pod namiotem<\/strong> pozwala na realizacj\u0119 nawet najbardziej kreatywnych pomys\u0142\u00f3w dekoracyjnych. Dodatkowo, <strong>wesele w namiocie<\/strong> na \u015al\u0105sku oferuje r\u00f3\u017cnorodne krajobrazy \u2013 od malowniczych g\u00f3r po urokliwe tereny zielone \u2013 stanowi\u0105ce idealne t\u0142o dla tak wa\u017cnego wydarzenia. Warto r\u00f3wnie\u017c rozwa\u017cy\u0107 <a href=\"https:\/\/www.koronakarkonoszy.pl\/blog\/wesele-w-gorach-z-noclegiem\/\"><strong>wesele z noclegiem w g\u00f3rach<\/strong><\/a>, co zapewni komfort go\u015bciom i przed\u0142u\u017cy rado\u015b\u0107 ze wsp\u00f3lnego \u015bwi\u0119towania. Je\u015bli marzysz o miejscu z wyj\u0105tkowym klimatem, sprawd\u017a <a href=\"https:\/\/www.koronakarkonoszy.pl\/wesele\/\"><strong>oferty weselne w g\u00f3rach<\/strong><\/a>, kt\u00f3re mog\u0105 by\u0107 idealnym wyborem dla Twojej uroczysto\u015bci.<\/p>\n\n\n\n<h2 class=\"wp-block-heading\" id=\"ha-praktyczne-aspekty-organizacji-wesela-pod-namiotem\">Praktyczne aspekty organizacji wesela pod namiotem<\/h2>\n\n\n\n<p>Decyduj\u0105c si\u0119 na <strong>wesele pod namiotem na \u015al\u0105sku<\/strong>, nale\u017cy zwr\u00f3ci\u0107 uwag\u0119 na kilka kluczowych kwestii. Przede wszystkim, istotnym elementem jest zabezpieczenie namiotu przed ewentualnymi kaprysami pogody, co mo\u017cna osi\u0105gn\u0105\u0107 poprzez wynajem solidnych konstrukcji i dodatkowych system\u00f3w ogrzewania lub ch\u0142odzenia. Warto r\u00f3wnie\u017c zadba\u0107 o odpowiednie o\u015bwietlenie i nag\u0142o\u015bnienie, aby stworzy\u0107 niezapomnian\u0105 atmosfer\u0119 podczas <strong>wesela w namiocie<\/strong>. Dla par pragn\u0105cych zorganizowa\u0107 <a href=\"https:\/\/www.koronakarkonoszy.pl\/wesele\/\"><strong>wesele w g\u00f3rach<\/strong><\/a>, dost\u0119pne s\u0105 liczne oferty \u0142\u0105cz\u0105ce pi\u0119kno przyrody z profesjonaln\u0105 obs\u0142ug\u0105, co czyni takie wydarzenie jeszcze bardziej wyj\u0105tkowym. Interesuj\u0105c\u0105 opcj\u0105 jest tak\u017ce <a href=\"https:\/\/www.koronakarkonoszy.pl\/blog\/wesele-z-noclegiem\/\"><strong>wesele z noclegiem<\/strong><\/a>, kt\u00f3re pozwoli cieszy\u0107 si\u0119 zabaw\u0105 bez obaw o p\u00f3\u017any powr\u00f3t do domu.<\/p>\n\n\n<section id=\"ctaninja-block_bde643f0193698b4336d04d1106593f2\" class=\"ctaninja\">\r\n    <div class=\"ctaninja-body\">\r\n        <h2 class=\"h1\" id=\"ha-marzycie-o-weselu-w-otoczeniu-przyrody\">Marzycie o weselu w otoczeniu przyrody?<\/h2>\r\n        <p>Urzeczywistnimy je dla Was z przyjemno\u015bci\u0105!<\/p>\r\n        <div class=\"nf-container\">\r\n            <noscript class=\"ninja-forms-noscript-message\">\n\tUwaga: ta zawarto\u015b\u0107 wymaga obs\u0142ugi j\u0119zyka JavaScript.<\/noscript>\n<div id=\"nf-form-1-cont\" class=\"nf-form-cont\" aria-live=\"polite\" aria-labelledby=\"nf-form-title-1\" aria-describedby=\"nf-form-errors-1\" role=\"form\">\n\n    <div class=\"nf-loading-spinner\"><\/div>\n\n<\/div>\n        <!-- That data is being printed as a workaround to page builders reordering the order of the scripts loaded-->\n        <script>var formDisplay=1;var nfForms=nfForms||[];var form=[];form.id='1';form.settings={\"objectType\":\"Form Setting\",\"editActive\":\"\",\"title\":\"Contact Me\",\"key\":\"\",\"created_at\":\"2021-05-31 16:57:05\",\"default_label_pos\":\"above\",\"conditions\":[],\"show_title\":\"1\",\"clear_complete\":\"1\",\"hide_complete\":\"1\",\"wrapper_class\":\"\",\"element_class\":\"\",\"add_submit\":\"1\",\"logged_in\":\"\",\"not_logged_in_msg\":\"\",\"sub_limit_number\":\"\",\"sub_limit_msg\":\"\",\"calculations\":[],\"formContentData\":[{\"order\":1,\"cells\":[{\"order\":0,\"fields\":[\"email\"],\"width\":50},{\"order\":1,\"fields\":[\"wyslij_1640001513358\"],\"width\":50}]}],\"container_styles_background-color\":\"\",\"container_styles_border\":\"\",\"container_styles_border-style\":\"\",\"container_styles_border-color\":\"\",\"container_styles_color\":\"\",\"container_styles_height\":\"\",\"container_styles_width\":\"\",\"container_styles_font-size\":\"\",\"container_styles_margin\":\"\",\"container_styles_padding\":\"\",\"container_styles_display\":\"\",\"container_styles_float\":\"\",\"container_styles_show_advanced_css\":\"0\",\"container_styles_advanced\":\"\",\"title_styles_background-color\":\"\",\"title_styles_border\":\"\",\"title_styles_border-style\":\"\",\"title_styles_border-color\":\"\",\"title_styles_color\":\"\",\"title_styles_height\":\"\",\"title_styles_width\":\"\",\"title_styles_font-size\":\"\",\"title_styles_margin\":\"\",\"title_styles_padding\":\"\",\"title_styles_display\":\"\",\"title_styles_float\":\"\",\"title_styles_show_advanced_css\":\"0\",\"title_styles_advanced\":\"\",\"row_styles_background-color\":\"\",\"row_styles_border\":\"\",\"row_styles_border-style\":\"\",\"row_styles_border-color\":\"\",\"row_styles_color\":\"\",\"row_styles_height\":\"\",\"row_styles_width\":\"\",\"row_styles_font-size\":\"\",\"row_styles_margin\":\"\",\"row_styles_padding\":\"\",\"row_styles_display\":\"\",\"row_styles_show_advanced_css\":\"0\",\"row_styles_advanced\":\"\",\"row-odd_styles_background-color\":\"\",\"row-odd_styles_border\":\"\",\"row-odd_styles_border-style\":\"\",\"row-odd_styles_border-color\":\"\",\"row-odd_styles_color\":\"\",\"row-odd_styles_height\":\"\",\"row-odd_styles_width\":\"\",\"row-odd_styles_font-size\":\"\",\"row-odd_styles_margin\":\"\",\"row-odd_styles_padding\":\"\",\"row-odd_styles_display\":\"\",\"row-odd_styles_show_advanced_css\":\"0\",\"row-odd_styles_advanced\":\"\",\"success-msg_styles_background-color\":\"\",\"success-msg_styles_border\":\"\",\"success-msg_styles_border-style\":\"\",\"success-msg_styles_border-color\":\"\",\"success-msg_styles_color\":\"\",\"success-msg_styles_height\":\"\",\"success-msg_styles_width\":\"\",\"success-msg_styles_font-size\":\"\",\"success-msg_styles_margin\":\"\",\"success-msg_styles_padding\":\"\",\"success-msg_styles_display\":\"\",\"success-msg_styles_show_advanced_css\":\"0\",\"success-msg_styles_advanced\":\"\",\"error_msg_styles_background-color\":\"\",\"error_msg_styles_border\":\"\",\"error_msg_styles_border-style\":\"\",\"error_msg_styles_border-color\":\"\",\"error_msg_styles_color\":\"\",\"error_msg_styles_height\":\"\",\"error_msg_styles_width\":\"\",\"error_msg_styles_font-size\":\"\",\"error_msg_styles_margin\":\"\",\"error_msg_styles_padding\":\"\",\"error_msg_styles_display\":\"\",\"error_msg_styles_show_advanced_css\":\"0\",\"error_msg_styles_advanced\":\"\",\"allow_public_link\":0,\"embed_form\":\"\",\"currency\":\"\",\"repeatable_fieldsets\":\"\",\"unique_field_error\":\"Formularz z t\\u0105 warto\\u015bci\\u0105 zosta\\u0142 ju\\u017c przes\\u0142any.\",\"ninjaForms\":\"Ninja Forms\",\"changeEmailErrorMsg\":\"Wprowad\\u017a prawid\\u0142owy adres e-mail!\",\"changeDateErrorMsg\":\"Prosz\\u0119 wpisa\\u0107 prawid\\u0142ow\\u0105 dat\\u0119!\",\"confirmFieldErrorMsg\":\"Te pola musz\\u0105 si\\u0119 zgadza\\u0107!\",\"fieldNumberNumMinError\":\"B\\u0142\\u0105d \\u2014 liczba minimalna\",\"fieldNumberNumMaxError\":\"B\\u0142\\u0105d \\u2014 liczba maksymalna\",\"fieldNumberIncrementBy\":\"Zwi\\u0119ksz o \",\"fieldTextareaRTEInsertLink\":\"Wstaw odno\\u015bnik\",\"fieldTextareaRTEInsertMedia\":\"Wstaw media\",\"fieldTextareaRTESelectAFile\":\"Wybierz plik\",\"formErrorsCorrectErrors\":\"Popraw b\\u0142\\u0119dy, zanim prze\\u015blesz formularz.\",\"formHoneypot\":\"Je\\u015bli jeste\\u015b cz\\u0142owiekiem i widzisz to pole, nie wype\\u0142niaj go.\",\"validateRequiredField\":\"To jest wymagane pole.\",\"honeypotHoneypotError\":\"B\\u0142\\u0105d Honeypot\",\"fileUploadOldCodeFileUploadInProgress\":\"Przesy\\u0142anie pliku w toku.\",\"fileUploadOldCodeFileUpload\":\"PRZESY\\u0141ANIE PLIKU\",\"currencySymbol\":\"&#36;\",\"fieldsMarkedRequired\":\"Pola oznaczone znakiem <span class=\\\"ninja-forms-req-symbol\\\">*<\\\/span> s\\u0105 wymagane\",\"thousands_sep\":\"&nbsp;\",\"decimal_point\":\",\",\"siteLocale\":\"pl_PL\",\"dateFormat\":\"m\\\/d\\\/Y\",\"startOfWeek\":\"1\",\"of\":\"z\",\"previousMonth\":\"Poprzedni miesi\\u0105c\",\"nextMonth\":\"Nast\\u0119pny miesi\\u0105c\",\"months\":[\"Stycze\\u0144\",\"Luty\",\"Marzec\",\"Kwiecie\\u0144\",\"Maj\",\"Czerwiec\",\"Lipiec\",\"Sierpie\\u0144\",\"Wrzesie\\u0144\",\"Pa\\u017adziernik\",\"Listopad\",\"Grudzie\\u0144\"],\"monthsShort\":[\"Sty\",\"Lut\",\"Mar\",\"Kw\",\"Maj\",\"Cze\",\"Lip\",\"Sie\",\"Wrz\",\"Pa\\u017a\",\"Lis\",\"Gru\"],\"weekdays\":[\"Niedziela\",\"Poniedzia\\u0142ek\",\"Wtorek\",\"\\u015aroda\",\"Czwartek\",\"Pi\\u0105tek\",\"Sobota\"],\"weekdaysShort\":[\"Niedz\",\"Pon\",\"Wt\",\"\\u015ar\",\"Czw\",\"Pt\",\"Sob\"],\"weekdaysMin\":[\"Niedz\",\"Pon\",\"Wt\",\"\\u015ar\",\"Czw\",\"Pt\",\"Sob\"],\"recaptchaConsentMissing\":\"reCaptcha validation couldn&#039;t load.\",\"recaptchaMissingCookie\":\"reCaptcha v3 validation couldn&#039;t load the cookie needed to submit the form.\",\"recaptchaConsentEvent\":\"Accept reCaptcha cookies before sending the form.\",\"currency_symbol\":\"\",\"beforeForm\":\"\",\"beforeFields\":\"\",\"afterFields\":\"\",\"afterForm\":\"\"};form.fields=[{\"objectType\":\"Field\",\"objectDomain\":\"fields\",\"editActive\":false,\"order\":1,\"idAttribute\":\"id\",\"label\":\"Email\",\"key\":\"email\",\"type\":\"email\",\"created_at\":\"2021-05-31 16:57:06\",\"label_pos\":\"above\",\"required\":1,\"placeholder\":\"Podaj maila, skontaktujemy si\\u0119 z Tob\\u0105\",\"default\":\"\",\"wrapper_class\":\"\",\"element_class\":\"\",\"container_class\":\"\",\"admin_label\":\"\",\"help_text\":\"\",\"desc_text\":\"\",\"wrap_styles_background-color\":\"\",\"wrap_styles_border\":\"\",\"wrap_styles_border-style\":\"\",\"wrap_styles_border-color\":\"\",\"wrap_styles_color\":\"\",\"wrap_styles_height\":\"\",\"wrap_styles_width\":\"\",\"wrap_styles_font-size\":\"\",\"wrap_styles_margin\":\"\",\"wrap_styles_padding\":\"\",\"wrap_styles_display\":\"\",\"wrap_styles_float\":\"\",\"wrap_styles_show_advanced_css\":0,\"wrap_styles_advanced\":\"\",\"label_styles_background-color\":\"\",\"label_styles_border\":\"\",\"label_styles_border-style\":\"\",\"label_styles_border-color\":\"\",\"label_styles_color\":\"\",\"label_styles_height\":\"\",\"label_styles_width\":\"\",\"label_styles_font-size\":\"\",\"label_styles_margin\":\"\",\"label_styles_padding\":\"\",\"label_styles_display\":\"\",\"label_styles_float\":\"\",\"label_styles_show_advanced_css\":0,\"label_styles_advanced\":\"\",\"element_styles_background-color\":\"\",\"element_styles_border\":\"\",\"element_styles_border-style\":\"\",\"element_styles_border-color\":\"\",\"element_styles_color\":\"\",\"element_styles_height\":\"\",\"element_styles_width\":\"\",\"element_styles_font-size\":\"\",\"element_styles_margin\":\"\",\"element_styles_padding\":\"\",\"element_styles_display\":\"\",\"element_styles_float\":\"\",\"element_styles_show_advanced_css\":0,\"element_styles_advanced\":\"\",\"cellcid\":\"c3375\",\"custom_name_attribute\":\"email\",\"personally_identifiable\":1,\"value\":\"\",\"drawerDisabled\":false,\"id\":2,\"beforeField\":\"\",\"afterField\":\"\",\"parentType\":\"email\",\"element_templates\":[\"email\",\"input\"],\"old_classname\":\"\",\"wrap_template\":\"wrap\"},{\"objectType\":\"Field\",\"objectDomain\":\"fields\",\"editActive\":false,\"order\":2,\"idAttribute\":\"id\",\"label\":\"Wy\\u015blij\",\"key\":\"wyslij_1640001513358\",\"type\":\"submit\",\"created_at\":\"2021-05-31 16:57:06\",\"processing_label\":\"Wysy\\u0142anie...\",\"container_class\":\"\",\"element_class\":\"\",\"wrap_styles_background-color\":\"\",\"wrap_styles_border\":\"\",\"wrap_styles_border-style\":\"\",\"wrap_styles_border-color\":\"\",\"wrap_styles_color\":\"\",\"wrap_styles_height\":\"\",\"wrap_styles_width\":\"\",\"wrap_styles_font-size\":\"\",\"wrap_styles_margin\":\"\",\"wrap_styles_padding\":\"\",\"wrap_styles_display\":\"\",\"wrap_styles_float\":\"\",\"wrap_styles_show_advanced_css\":0,\"wrap_styles_advanced\":\"\",\"label_styles_background-color\":\"\",\"label_styles_border\":\"\",\"label_styles_border-style\":\"\",\"label_styles_border-color\":\"\",\"label_styles_color\":\"\",\"label_styles_height\":\"\",\"label_styles_width\":\"\",\"label_styles_font-size\":\"\",\"label_styles_margin\":\"\",\"label_styles_padding\":\"\",\"label_styles_display\":\"\",\"label_styles_float\":\"\",\"label_styles_show_advanced_css\":0,\"label_styles_advanced\":\"\",\"element_styles_background-color\":\"\",\"element_styles_border\":\"\",\"element_styles_border-style\":\"\",\"element_styles_border-color\":\"\",\"element_styles_color\":\"\",\"element_styles_height\":\"\",\"element_styles_width\":\"\",\"element_styles_font-size\":\"\",\"element_styles_margin\":\"\",\"element_styles_padding\":\"\",\"element_styles_display\":\"\",\"element_styles_float\":\"\",\"element_styles_show_advanced_css\":0,\"element_styles_advanced\":\"\",\"submit_element_hover_styles_background-color\":\"\",\"submit_element_hover_styles_border\":\"\",\"submit_element_hover_styles_border-style\":\"\",\"submit_element_hover_styles_border-color\":\"\",\"submit_element_hover_styles_color\":\"\",\"submit_element_hover_styles_height\":\"\",\"submit_element_hover_styles_width\":\"\",\"submit_element_hover_styles_font-size\":\"\",\"submit_element_hover_styles_margin\":\"\",\"submit_element_hover_styles_padding\":\"\",\"submit_element_hover_styles_display\":\"\",\"submit_element_hover_styles_float\":\"\",\"submit_element_hover_styles_show_advanced_css\":0,\"submit_element_hover_styles_advanced\":\"\",\"cellcid\":\"c3378\",\"drawerDisabled\":false,\"id\":4,\"beforeField\":\"\",\"afterField\":\"\",\"value\":\"\",\"label_pos\":\"above\",\"parentType\":\"textbox\",\"element_templates\":[\"submit\",\"button\",\"input\"],\"old_classname\":\"\",\"wrap_template\":\"wrap-no-label\"}];nfForms.push(form);<\/script>\n                <script id=\"nf-tmpl-cell\" type=\"text\/template\">\n            <nf-fields><\/nf-fields>\n        <\/script>\n\n        <script id=\"nf-tmpl-row\" type=\"text\/template\">\n            <nf-cells><\/nf-cells>\n        <\/script>\n\n                <\/div>\r\n    <\/div>\r\n    <div class=\"ctaninja-onm ctaninja-onm-1 rbg\"><\/div>\r\n    <div class=\"ctaninja-onm ctaninja-onm-2 rbg\"><\/div>\r\n<\/section>\n\n\n<h2 class=\"wp-block-heading\" id=\"h-wesele-w-namiocie-kontra-pogoda\">Wesele w namiocie kontra pogoda&nbsp;<\/h2>\n\n\n\n<p>Nieod\u0142\u0105cznym elementem wesela jest muzyka. Pary M\u0142ode zwykle decyduj\u0105 si\u0119 na wynaj\u0119cie profesjonalnego zespo\u0142u lub&nbsp;DJ&#8217;a. Artystom nale\u017cy wygospodarowa\u0107 podest oraz zapewni\u0107 im dost\u0119p do pr\u0105du&nbsp;\u2013 \u017ceby mogli pod\u0142\u0105czy\u0107 wszystkie niezb\u0119dne sprz\u0119ty. Warto pami\u0119ta\u0107 o tym, przy poszukiwaniach miejsca na wesele w namiocie.&nbsp;Idealna lokalizacja na takie przyj\u0119cie musi mie\u0107 zaplecze sanitarne. Plusem b\u0119dzie r\u00f3wnie\u017c dost\u0119pno\u015b\u0107 zaplecza cateringowego.&nbsp;<\/p>\n\n\n<section id=\"leonardo-block_6639184f22e6530bed5f7ff7d31d0eb3\" class=\"leonardo page-breaker leonardo-image-left\">\r\n    <div class=\"leonardo-body\">\r\n                <div class=\"leonardo-content\"><p><span data-contrast=\"auto\">A co z pogod\u0105? Wesele w namiocie mo\u017ce by\u0107 dobrym rozwi\u0105zaniem w okresie letnim. Kiedy pogoda dopisuje, mo\u017cna zwin\u0105\u0107 cz\u0119\u015b\u0107 lub wszystkie \u015bcianki i cieszy\u0107 si\u0119 \u015bwie\u017cym powietrzem podczas ta\u0144ca czy biesiadowania. W ch\u0142odniejsze wieczory mo\u017cna dogrza\u0107 wn\u0119trze namiotu specjalnym urz\u0105dzeniami.<\/span><span data-ccp-props=\"{&quot;335551550&quot;:6,&quot;335551620&quot;:6}\">\u00a0<\/span><\/p>\n<p><span data-contrast=\"auto\">Niestety pogoda jest nieprzewidywalna. Czasem warunki atmosferyczne mocno daj\u0105 si\u0119 we znaki. Silny wiatr czy ulewny deszcz mog\u0105 skutecznie popsu\u0107 weseln\u0105 zabaw\u0119. I mimo \u017ce jest to najgorszy scenariusz, to bez w\u0105tpienia warto mie\u0107 go na uwadze przy planowaniu plenerowego przyj\u0119cia. Aby unikn\u0105\u0107 niemi\u0142ych niespodzianek w dniu \u015blubu, lepiej zorganizowa\u0107 tradycyjn\u0105 imprez\u0119 <\/span><span data-contrast=\"none\"><strong><a href=\"https:\/\/www.koronakarkonoszy.pl\/wesele\/\">weseln\u0105<\/a><\/strong>.<\/span><span data-ccp-props=\"{&quot;335551550&quot;:6,&quot;335551620&quot;:6}\">\u00a0<\/span><\/p>\n<\/div>\r\n                    <aside class=\"leonardo-interlink\">\r\n                <b>Polecamy<\/b>\r\n                <a href=\"https:\/\/www.koronakarkonoszy.pl\/blog\/dekoracja-ogrodzenia-na-wesele\/\">Dekoracja ogrodzenia na wesele  &#8211; jak\u0105 najlepiej wybra\u0107?<\/a>\r\n            <\/aside>\r\n            <\/div>\r\n    <div class=\"leonardo-image\">\r\n        <img loading=\"lazy\" decoding=\"async\" width=\"960\" height=\"637\" src=\"https:\/\/www.koronakarkonoszy.pl\/blog\/wp-content\/uploads\/2021\/10\/wesele-w-namiocie2.jpg\" class=\"attachment-full size-full\" alt=\"\" srcset=\"https:\/\/www.koronakarkonoszy.pl\/blog\/wp-content\/uploads\/2021\/10\/wesele-w-namiocie2.jpg 960w, https:\/\/www.koronakarkonoszy.pl\/blog\/wp-content\/uploads\/2021\/10\/wesele-w-namiocie2-300x199.jpg 300w, https:\/\/www.koronakarkonoszy.pl\/blog\/wp-content\/uploads\/2021\/10\/wesele-w-namiocie2-768x510.jpg 768w\" sizes=\"auto, (max-width: 960px) 100vw, 960px\" \/>            <\/div>\r\n<\/section>\n\n\n<h2 class=\"wp-block-heading\" id=\"h-plusy-organizacji-przyj-cia-w-sali-weselnej\">Plusy organizacji przyj\u0119cia w sali weselnej&nbsp;<\/h2>\n\n\n\n<p>Impreza weselna w sali to&nbsp;ponadczasowe rozwi\u0105zanie, kt\u00f3re wci\u0105\u017c ma wielu zwolennik\u00f3w. To bezpieczna opcja, kt\u00f3r\u0105 mo\u017cna zorganizowa\u0107 bez obaw o warunki atmosferyczne, co pozwala zaoszcz\u0119dzi\u0107 mn\u00f3stwo niepotrzebnego stresu \u2013 kt\u00f3rego i tak jest du\u017co w czasie przygotowa\u0144 do \u015blubu.&nbsp;<\/p>\n\n\n\n<p>W Polsce funkcjonuje wiele&nbsp;sal&nbsp;weselnych \u2013 w tym eleganckie pomieszczenia balowe, przytulne karczmy, przyjemne salki kominkowe i inne. Dzi\u0119ki temu ka\u017cda para znajdzie co\u015b idealnego dla siebie. Co\u015b, co spe\u0142ni jej wszystkie oczekiwania i zapewni stuprocentowy komfort wszystkim zaproszonym go\u015bciom. Plusem wesela w sali jest dost\u0119p do zaplecza gastronomicznego i sanitarnego, co jest du\u017cym u\u0142atwieniem organizacyjnym.&nbsp;<\/p>\n\n\n\n<p>Przyj\u0119cie w sali mo\u017ce by\u0107 r\u00f3wnie romantyczna co wesele w namiocie. Grunt to wybra\u0107 odpowiedni lokal&nbsp;(ten idealny, wymarzony) i zadba\u0107 o perfekcyjnie dopasowane dekoracje. Warto ustali\u0107&nbsp;<a href=\"https:\/\/www.koronakarkonoszy.pl\/blog\/motywy-weselne-ktore-zachwyca-gosci\/\" target=\"_blank\" rel=\"noreferrer noopener\">motyw weselny<\/a>&nbsp;\u2013 np. przyj\u0119cie w hawajskim stylu, impreza&nbsp;boho&nbsp;czy&nbsp;<a href=\"https:\/\/www.koronakarkonoszy.pl\/blog\/pastelowe-wesele\/\" target=\"_blank\" rel=\"noreferrer noopener\">pastelowe wesele<\/a>. Dzi\u0119ki temu weselna aran\u017cacja b\u0119dzie sp\u00f3jna i estetyczna. Starannie przygotowany wystr\u00f3j przeniesie weselnik\u00f3w w niesamowity \u015bwiat, a samo przyj\u0119cie wygeneruje mn\u00f3stwo niezwyk\u0142ych, niezapomnianych wspomnie\u0144.&nbsp;<\/p>\n\n\n\n<h2 class=\"wp-block-heading\" id=\"h-wesele-w-namiocie-a-mo-e-po-prostu-w-ogrodzie\">Wesele w namiocie, a mo\u017ce po prostu w ogrodzie?&nbsp;<\/h2>\n\n\n\n<p>Czy mo\u017cna zorganizowa\u0107 wesele bez obaw o zmienne warunki pogodowe przy jednoczesnej realizacji marze\u0144 o plenerowym przyj\u0119ciu? Oczywi\u015bcie! Doskona\u0142ym rozwi\u0105zaniem jest zaplanowanie przyj\u0119cia w takie sali, kt\u00f3ra ma dost\u0119p do&nbsp;<a href=\"https:\/\/www.koronakarkonoszy.pl\/blog\/ogrod-weselny-ktory-stworzy-wyjatkowa-atmosfere-na-przyjeciu\/\" target=\"_blank\" rel=\"noreferrer noopener\">ogrodu weselnego<\/a>. Biesiada i ta\u0144ce odb\u0119d\u0105 si\u0119 w pomieszczeniu, a na spokojny odpoczynek b\u0119dzie mo\u017cna uda\u0107 si\u0119 na zewn\u0105trz. Takie przyj\u0119cie warto zorganizowa\u0107 w dworku lub hotelu z dost\u0119pem do ogrodu.<\/p>\n\n\n<section id=\"leonardo-block_c3b87edaffbc5b8d327fdb2597ed366d\" class=\"leonardo page-breaker leonardo-image-right\">\r\n    <div class=\"leonardo-body\">\r\n                <div class=\"leonardo-content\"><p><span class=\"TextRun SCXW78291002 BCX0\" lang=\"PL-PL\" xml:lang=\"PL-PL\" data-contrast=\"auto\"><span class=\"NormalTextRun SCXW78291002 BCX0\" data-ccp-parastyle=\"Standard\">Jednym z takich obiekt\u00f3w jest Dw\u00f3r Korona Karkonoszy. Wyj\u0105tkowa Dworska Sala Balowa zachwyci go\u015bci swoimi efektownymi ozdobami i romantycznym charakterem. Weselnicy mog\u0105 r\u00f3wnie\u017c korzysta\u0107 z przepi\u0119knego ogr<\/span><span class=\"NormalTextRun SCXW78291002 BCX0\" data-ccp-parastyle=\"Standard\">odu r\u00f3\u017canego. Toast pod eleganckimi parasolami w otoczeniu malowniczych okoliczno\u015bci przyrody mo\u017ce by\u0107 niezwykle magicznym elementem przyj\u0119cia weselnego.<\/span><\/span><span class=\"EOP SCXW78291002 BCX0\" data-ccp-props=\"{&quot;335551550&quot;:6,&quot;335551620&quot;:6}\">\u00a0<\/span><\/p>\n<\/div>\r\n                    <aside class=\"leonardo-interlink\">\r\n                <b>Polecamy<\/b>\r\n                <a href=\"https:\/\/www.koronakarkonoszy.pl\/blog\/jak-zorganizowac-wesele-na-zewnatrz\/\">Jak zorganizowa\u0107 wesele na zewn\u0105trz?<\/a>\r\n            <\/aside>\r\n            <\/div>\r\n    <div class=\"leonardo-image\">\r\n        <img loading=\"lazy\" decoding=\"async\" width=\"1024\" height=\"683\" src=\"https:\/\/www.koronakarkonoszy.pl\/blog\/wp-content\/uploads\/2021\/10\/wesele-w-namiocie1.jpg\" class=\"attachment-full size-full\" alt=\"\" srcset=\"https:\/\/www.koronakarkonoszy.pl\/blog\/wp-content\/uploads\/2021\/10\/wesele-w-namiocie1.jpg 1024w, https:\/\/www.koronakarkonoszy.pl\/blog\/wp-content\/uploads\/2021\/10\/wesele-w-namiocie1-300x200.jpg 300w, https:\/\/www.koronakarkonoszy.pl\/blog\/wp-content\/uploads\/2021\/10\/wesele-w-namiocie1-768x512.jpg 768w\" sizes=\"auto, (max-width: 1024px) 100vw, 1024px\" \/>            <\/div>\r\n<\/section>\n\n\n<p>Wesele w namiocie to bardzo ciekawe rozwi\u0105zanie. Jednak tradycyjne przyj\u0119cie w&nbsp;sali weselnej&nbsp;mo\u017ce by\u0107 r\u00f3wnie romantyczne i efektowne. Grunt to wybra\u0107 odpowiedni lokal. Taki, kt\u00f3ry spe\u0142ni marzenia nowo\u017ce\u0144c\u00f3w i zapewni pe\u0142en komfort go\u015bciom przyby\u0142ym na wsp\u00f3lne \u015bwi\u0119towanie wyj\u0105tkowego dnia za\u015blubin.&nbsp;<\/p>\n\n\n\n<h2 class=\"wp-block-heading\"><a><\/a>Jak zaplanowa\u0107 wesele w namiocie?<\/h2>\n\n\n\n<p>Marzycie o przyj\u0119ciu na \u0142onie natury? W takim razie we\u017acie pod uwag\u0119 wesele w namiocie, na kt\u00f3rym panuje lekka i swobodna atmosfera. Je\u015bli zdecydujecie si\u0119 na takie przedsi\u0119wzi\u0119cie, na pierwszym miejscu postawcie bezpiecze\u0144stwo i wygod\u0119 go\u015bci. Upewnijcie, \u017ce wybrany namiot zosta\u0142 wykonany z certyfikowanych i atestowanych materia\u0142\u00f3w. Dzi\u0119ki temu macie pewno\u015b\u0107, \u017ce obiekt wyr\u00f3\u017cnia si\u0119 wysok\u0105 jako\u015bci\u0105.<\/p>\n\n\n\n<p>Jak wybra\u0107 miejsce na wesele w namiocie? Przede wszystkim sprawd\u017acie, czy teren jest nie tylko \u0142adny, lecz tak\u017ce na tyle du\u017cy, \u017ceby zmie\u015bci\u0142 na nim pi\u0119kny obiekt ze sto\u0142ami, krzes\u0142ami, sprz\u0119tem, parkietem tanecznym, podestem dla DJ, czy zespo\u0142u na wesele,\u00a0 a tak\u017ce strefa gastronomiczna. Zadbajcie te\u017c o profesjonalne nag\u0142o\u015bnienie i o\u015bwietlenie, aby nic nie popsu\u0142o zabawy Waszym go\u015bciom.<\/p>\n\n\n\n<p>Upewnijcie si\u0119, \u017ce do wybranego miejsca przy\u0142\u0105czono pr\u0105d. Je\u015bli nie, powinni\u015bcie wypo\u017cyczy\u0107 wydajny agregat pr\u0105dotw\u00f3rczy. Pami\u0119tajcie te\u017c, \u017ceby zorganizowa\u0107 przeno\u015bne toalety. Zam\u00f3wcie ich tyle, \u017ceby weselnicy nie czekali w d\u0142ugich kolejkach, przegapiaj\u0105c przy tym najciekawsze atrakcje.<\/p>\n\n\n\n<figure class=\"wp-block-image size-large\"><img loading=\"lazy\" decoding=\"async\" width=\"1024\" height=\"512\" src=\"https:\/\/www.koronakarkonoszy.pl\/blog\/wp-content\/uploads\/2022\/06\/stylowy_dwor_wesleny_DKK-4-1024x512.jpg\" alt=\"\" class=\"wp-image-4048\" srcset=\"https:\/\/www.koronakarkonoszy.pl\/blog\/wp-content\/uploads\/2022\/06\/stylowy_dwor_wesleny_DKK-4-1024x512.jpg 1024w, https:\/\/www.koronakarkonoszy.pl\/blog\/wp-content\/uploads\/2022\/06\/stylowy_dwor_wesleny_DKK-4-300x150.jpg 300w, https:\/\/www.koronakarkonoszy.pl\/blog\/wp-content\/uploads\/2022\/06\/stylowy_dwor_wesleny_DKK-4-768x384.jpg 768w, https:\/\/www.koronakarkonoszy.pl\/blog\/wp-content\/uploads\/2022\/06\/stylowy_dwor_wesleny_DKK-4.jpg 1200w\" sizes=\"auto, (max-width: 1024px) 100vw, 1024px\" \/><figcaption class=\"wp-element-caption\"><a href=\"https:\/\/www.koronakarkonoszy.pl\/\">Dw\u00f3r Korona Karkonoszy &#8211; zapraszamy!<\/a><\/figcaption><\/figure>\n\n\n\n<h2 class=\"wp-block-heading\"><a><\/a>Wesele w namiocie: krok po kroku<\/h2>\n\n\n\n<p>Przypominamy, \u017ce wynajmuj\u0105c taki obiekt, mo\u017cecie go dowolnie spersonalizowa\u0107. Wybrali\u015bcie miejsce w malowniczej okolicy? Organizuj\u0105c wesele w namiocie, chcecie zapewni\u0107 go\u015bciom widoki zapieraj\u0105ce dech w piersiach? W takim razie zdecydujcie si\u0119 na przezroczyste pokrycie \u015bcian i dachu. Taka konstrukcja chroni przed niekorzystnymi warunkami atmosferycznymi, jednocze\u015bnie pozwala podziwia\u0107 romantyczny krajobraz.<\/p>\n\n\n\n<p>Nawet je\u015bli <a href=\"https:\/\/www.koronakarkonoszy.pl\/blog\/wesele-w-ogrodzie\/\" class=\"links-placer\">wesele w ogrodzie<\/a> odb\u0119dzie si\u0119 latem, noce mog\u0105 by\u0107 zimne. Przy ka\u017cdym stoliku zostawcie przynajmniej kilka ciep\u0142ych kocy. Je\u015bli go\u015bciom zrobi si\u0119 zimno, w ka\u017cdej chwili b\u0119d\u0105 si\u0119 mogli nimi otuli\u0107.<\/p>\n\n\n<section id=\"leonardo-block_993efebc09e1c20eff779a762c423884\" class=\"leonardo page-breaker leonardo-image-left\">\r\n    <div class=\"leonardo-body\">\r\n        <h2 class=\"leonardo-title\" id=\"h-wesele-w-namiocie-praktyczne-wskazowki-dla-pary-mlodej\">Wesele w namiocie: praktyczne wskaz\u00f3wki dla Pary M\u0142odej<\/h2>        <div class=\"leonardo-content\"><p><!-- wp:heading --><\/p>\n<p>Zastanawiacie si\u0119, dlaczego warto urz\u0105dzi\u0107 wesele w namiocie? W tym przypadku nie musicie czeka\u0107 na wolny termin w restauracji, hotelu, czy domu weselnym. Wystarczy, \u017ce dysponujecie du\u017cym ogrodem, najlepiej przylegaj\u0105cym do romantycznym dworku. Porozmawiajcie z w\u0142a\u015bcicielem lub mened\u017cerem, czy w razie potrzeby mo\u017cecie przenie\u015b\u0107 przyj\u0119cie do \u015brodka. Decyduj\u0105c si\u0119 na takie rozwi\u0105zanie, nie musicie si\u0119 martwi\u0107, \u017ce pogoda pokrzy\u017cuje Wam plany.<\/p>\n<p><!-- \/wp:paragraph --> <!-- wp:paragraph --><\/p>\n<p>Planuj\u0105c wesele w namiocie, pami\u0119tajcie, \u017ce czeka Was sporo pracy. Nie chodzi tylko o logistyk\u0119, pod kt\u00f3r\u0105 kryje si\u0119 rozstawienie obiektu, lecz tak\u017ce przygotowanie sto\u0142\u00f3w, krzese\u0142, kwiat\u00f3w i o\u015bwietlenia. Je\u015bli nie ma czasu ani ochoty na dopilnowanie mn\u00f3stwa szczeg\u00f3\u0142\u00f3w, ale dysponujecie sporym bud\u017cetem, skorzystajcie z pomocy wedding planera.<\/p>\n<p><!-- \/wp:paragraph --> <!-- wp:paragraph --><\/p>\n<p>Oczywi\u015bcie, mo\u017cecie mu wspomnie\u0107, \u017ce podoba si\u0119 Wam motyw tropikalny, cyga\u0144skiej bohemy, angielskim, tajemniczego ogrodu lub nonszalanckiego whimsky. Profesjonalista podpowie, jak wcieli\u0107 Wasze pomys\u0142y w \u017cycie i dopilnuje wszystkich szczeg\u00f3\u0142\u00f3w.<\/p>\n<p><!-- \/wp:paragraph --><\/p>\n<\/div>\r\n                    <aside class=\"leonardo-interlink\">\r\n                <b>Polecamy<\/b>\r\n                <a href=\"https:\/\/www.koronakarkonoszy.pl\/blog\/wesele-okolice-wroclawia\/\">Wesele okolice Wroc\u0142awia \u2013 gdzie zorganizowa\u0107 przyj\u0119cie?<\/a>\r\n            <\/aside>\r\n            <\/div>\r\n    <div class=\"leonardo-image\">\r\n        <img loading=\"lazy\" decoding=\"async\" width=\"1920\" height=\"1280\" src=\"https:\/\/www.koronakarkonoszy.pl\/blog\/wp-content\/uploads\/2022\/05\/namiot-weselny-2.jpg\" class=\"attachment-full size-full\" alt=\"namiot weselny: taniec\" srcset=\"https:\/\/www.koronakarkonoszy.pl\/blog\/wp-content\/uploads\/2022\/05\/namiot-weselny-2.jpg 1920w, https:\/\/www.koronakarkonoszy.pl\/blog\/wp-content\/uploads\/2022\/05\/namiot-weselny-2-300x200.jpg 300w, https:\/\/www.koronakarkonoszy.pl\/blog\/wp-content\/uploads\/2022\/05\/namiot-weselny-2-1024x683.jpg 1024w, https:\/\/www.koronakarkonoszy.pl\/blog\/wp-content\/uploads\/2022\/05\/namiot-weselny-2-768x512.jpg 768w, https:\/\/www.koronakarkonoszy.pl\/blog\/wp-content\/uploads\/2022\/05\/namiot-weselny-2-1536x1024.jpg 1536w\" sizes=\"auto, (max-width: 1920px) 100vw, 1920px\" \/>            <\/div>\r\n<\/section>\n\n\n<h2 class=\"wp-block-heading\"><a><\/a>Jak wybra\u0107 namiot weselny?<\/h2>\n\n\n\n<p>Je\u015bli organizujecie wesele w namiocie, z pewno\u015bci\u0105 zastanawiacie si\u0119, jak wybra\u0107 odpowiedni obiekt. W pierwszej kolejno\u015bci sprawd\u017acie, czy panuje w nim swobodny przep\u0142yw powietrza. Taki<a href=\"https:\/\/www.koronakarkonoszy.pl\/blog\/namiot-weselny\/\"> namiot weselny <\/a>zapewnia maksymalny komfort, nawet w upalny dzie\u0144. Z drugiej strony solidna konstrukcja chroni przed porywistym wiatrem, ulewnym deszczem i burzami.<\/p>\n\n\n\n<p>Wypo\u017cyczalnie namiot\u00f3w oferuj\u0105 obiekty w r\u00f3\u017cnych obiektach. Dzi\u0119ki temu bez problemu znajdziecie taki, kt\u00f3ry pomie\u015bci wszystkich go\u015bci. Oczywi\u015bcie, to jak b\u0119dzie wygl\u0105da\u0142 namiot, w du\u017cej mierze zale\u017cy od tego, czy zdecydujecie si\u0119 na uk\u0142ad sto\u0142\u00f3w w kszta\u0142cie litery L, U, I, T, czy M. Je\u015bli chodzi o kolor, kr\u00f3luje biel, poniewa\u017c pasuje do r\u00f3\u017cnych motyw\u00f3w przewodnich.<\/p>\n\n\n\n<p>Nic jednak nie stoi na przeszkodzie, \u017ceby\u015bcie wybrali niebieski, zielony, czerwony, czarny lub szarym. Popularne wypo\u017cyczalnie oferuj\u0105 namioty w szerokiej palecie kolor\u00f3w, dlatego ka\u017cda Para znajdzie co\u015b dla siebie. Je\u015bli lubicie \u0142\u0105czy\u0107 tradycj\u0119 z nowoczesno\u015bci\u0105, poszukajcie bia\u0142ego namiotu, ale z granatowymi, ciemnor\u00f3\u017cowymi lub czerwonymi akcentami.<\/p>\n\n\n\n<figure class=\"wp-block-image size-large\"><img loading=\"lazy\" decoding=\"async\" width=\"1024\" height=\"512\" src=\"https:\/\/www.koronakarkonoszy.pl\/blog\/wp-content\/uploads\/2022\/06\/piekne_wesela_DKK-2-1024x512.jpg\" alt=\"\" class=\"wp-image-4072\" srcset=\"https:\/\/www.koronakarkonoszy.pl\/blog\/wp-content\/uploads\/2022\/06\/piekne_wesela_DKK-2-1024x512.jpg 1024w, https:\/\/www.koronakarkonoszy.pl\/blog\/wp-content\/uploads\/2022\/06\/piekne_wesela_DKK-2-300x150.jpg 300w, https:\/\/www.koronakarkonoszy.pl\/blog\/wp-content\/uploads\/2022\/06\/piekne_wesela_DKK-2-768x384.jpg 768w, https:\/\/www.koronakarkonoszy.pl\/blog\/wp-content\/uploads\/2022\/06\/piekne_wesela_DKK-2.jpg 1200w\" sizes=\"auto, (max-width: 1024px) 100vw, 1024px\" \/><figcaption class=\"wp-element-caption\"><br>Dw\u00f3r Korona Karkonoszy &#8211; zapraszamy!<\/figcaption><\/figure>\n\n\n\n<h2 class=\"wp-block-heading\"><a><\/a>Jak udekorowa\u0107 namiot weselny?<\/h2>\n\n\n\n<p>Zastanawiacie si\u0119, jak samodzielnie ozdobi\u0107 namiot na wesele? Je\u015bli brakuje Wam pomys\u0142\u00f3w, skorzystajcie z naszych propozycji. Planujecie wesele w namiocie, na kt\u00f3rym b\u0119d\u0105 kr\u00f3lowa\u0107 romantyczne pastele? Zam\u00f3wcie d\u0119bowe sto\u0142y i bia\u0142e krzes\u0142a, a nast\u0119pnie wple\u0107cie w wystr\u00f3j dzikie trawy, pudrowe r\u00f3\u017ce, r\u00f3\u017cowe balony i papierowe girlandy. Na sto\u0142ach powinna pojawi\u0107 si\u0119 bia\u0142a lub kryszta\u0142owa zastawa, srebrne sztu\u0107ce i r\u00f3\u017cowe serwetki.<\/p>\n\n\n\n<p>Ch\u0119tnie podr\u00f3\u017cujecie w najdalsze zak\u0105tki \u015bwiata? Szukacie sposobu, \u017ceby wple\u015b\u0107 w wystr\u00f3j egzotyczne akcenty? Odwa\u017cne, intensywne kolory doskonale komponuj\u0105 si\u0119 z jasnym namiotem. Planuj\u0105c wesele w namiocie, zam\u00f3wcie zielone girlandy z li\u015bci monstery i sukulent\u00f3w. Takie dekoracje b\u0142yskawicznie stworz\u0105 wyj\u0105tkowy klimat. Je\u015bli mo\u017cecie wypo\u017cyczy\u0107 meble, zdecydujcie si\u0119 na bambusowe lub rattanowe. Opr\u00f3cz tego pomy\u015blcie o tropikalnych ro\u015blinach, drewnianych winietkach, li\u015bciach palm i paproci i serwetkach w egzotyczny wz\u00f3r.<\/p>\n\n\n\n<p>Wesele w namiocie w stylu cyga\u0144skiej bohemy kojarzy si\u0119 z feeri\u0105 barw. Nie ma tutaj mowy o skromno\u015bci, minimalizmie, czy prostocie. Postawcie na ciemne, intensywne kolory! W tym przypadku idealnie sprawdz\u0105 si\u0119 bajecznie kolorowe i wzorzyste tkaniny.<\/p>\n","protected":false},"excerpt":{"rendered":"<p>Wesele to wyj\u0105tkowe wydarzenie w \u017cyciu dw\u00f3ch zakochanych w sobie os\u00f3b. \u015awie\u017co upieczeni ma\u0142\u017conkowie zapami\u0119taj\u0105 je go ko\u0144ca swoich dni, dlatego wa\u017cne jest, aby&nbsp;spe\u0142nia\u0142o ich najwi\u0119ksze marzenia. Jednym z pierwszych etap\u00f3w przygotowa\u0144 do wesela jest znalezienie idealnej lokalizacji na imprez\u0119. W ostatnim czasie du\u017c\u0105 popularno\u015bci\u0105 ciesz\u0105 si\u0119 przyj\u0119cia plenerowe. Czy warto zorganizowa\u0107 wesele w namiocie? [&hellip;]<\/p>\n","protected":false},"author":4,"featured_media":1674,"comment_status":"closed","ping_status":"closed","sticky":false,"template":"","format":"standard","meta":{"_acf_changed":false,"footnotes":""},"categories":[2,11,3],"class_list":["post-1673","post","type-post","status-publish","format-standard","has-post-thumbnail","hentry","category-porady","category-sala-weselna","category-trendy"],"acf":[],"yoast_head":"<!-- This site is optimized with the Yoast SEO plugin v27.4 - https:\/\/yoast.com\/product\/yoast-seo-wordpress\/ -->\n<title>Wesele w namiocie | Korona Karkonoszy.pl<\/title>\n<meta name=\"description\" content=\"Wesele w namiocie to doskona\u0142y wyb\u00f3r na kameraln\u0105 uroczysto\u015b\u0107. Organizacja wesel w namiocie gwarantuje niezapomniany klimat i elastyczno\u015b\u0107.\" \/>\n<meta name=\"robots\" content=\"index, follow, max-snippet:-1, max-image-preview:large, max-video-preview:-1\" \/>\n<link rel=\"canonical\" href=\"https:\/\/www.koronakarkonoszy.pl\/blog\/wesele-w-namiocie\/\" \/>\n<meta property=\"og:locale\" content=\"pl_PL\" \/>\n<meta property=\"og:type\" content=\"article\" \/>\n<meta property=\"og:title\" content=\"Wesele w namiocie | Korona Karkonoszy.pl\" \/>\n<meta property=\"og:description\" content=\"Wesele w namiocie to doskona\u0142y wyb\u00f3r na kameraln\u0105 uroczysto\u015b\u0107. Organizacja wesel w namiocie gwarantuje niezapomniany klimat i elastyczno\u015b\u0107.\" \/>\n<meta property=\"og:url\" content=\"https:\/\/www.koronakarkonoszy.pl\/blog\/wesele-w-namiocie\/\" \/>\n<meta property=\"og:site_name\" content=\":: Blog weselny\" \/>\n<meta property=\"article:published_time\" content=\"2021-09-24T20:06:00+00:00\" \/>\n<meta property=\"article:modified_time\" content=\"2025-01-15T12:49:54+00:00\" \/>\n<meta property=\"og:image\" content=\"https:\/\/www.koronakarkonoszy.pl\/blog\/wp-content\/uploads\/2021\/10\/wesele-w-namiocie.jpg\" \/>\n\t<meta property=\"og:image:width\" content=\"314\" \/>\n\t<meta property=\"og:image:height\" content=\"209\" \/>\n\t<meta property=\"og:image:type\" content=\"image\/jpeg\" \/>\n<meta name=\"author\" content=\"Maria Szruba\" \/>\n<meta name=\"twitter:card\" content=\"summary_large_image\" \/>\n<meta name=\"twitter:label1\" content=\"Napisane przez\" \/>\n\t<meta name=\"twitter:data1\" content=\"Maria Szruba\" \/>\n\t<meta name=\"twitter:label2\" content=\"Szacowany czas czytania\" \/>\n\t<meta name=\"twitter:data2\" content=\"10 minut\" \/>\n<script type=\"application\/ld+json\" class=\"yoast-schema-graph\">{\"@context\":\"https:\\\/\\\/schema.org\",\"@graph\":[{\"@type\":\"Article\",\"@id\":\"https:\\\/\\\/www.koronakarkonoszy.pl\\\/blog\\\/wesele-w-namiocie\\\/#article\",\"isPartOf\":{\"@id\":\"https:\\\/\\\/www.koronakarkonoszy.pl\\\/blog\\\/wesele-w-namiocie\\\/\"},\"author\":{\"name\":\"Maria Szruba\",\"@id\":\"https:\\\/\\\/www.koronakarkonoszy.pl\\\/blog\\\/#\\\/schema\\\/person\\\/c3d9d467cc9af49e50c67be561c643eb\"},\"headline\":\"Wesele w namiocie czy przyj\u0119cie w sali \u2013 co wybra\u0107?\",\"datePublished\":\"2021-09-24T20:06:00+00:00\",\"dateModified\":\"2025-01-15T12:49:54+00:00\",\"mainEntityOfPage\":{\"@id\":\"https:\\\/\\\/www.koronakarkonoszy.pl\\\/blog\\\/wesele-w-namiocie\\\/\"},\"wordCount\":1822,\"image\":{\"@id\":\"https:\\\/\\\/www.koronakarkonoszy.pl\\\/blog\\\/wesele-w-namiocie\\\/#primaryimage\"},\"thumbnailUrl\":\"https:\\\/\\\/www.koronakarkonoszy.pl\\\/blog\\\/wp-content\\\/uploads\\\/2021\\\/10\\\/wesele-w-namiocie.jpg\",\"articleSection\":[\"Porady\",\"Sala weselna\",\"Trendy\"],\"inLanguage\":\"pl-PL\"},{\"@type\":\"WebPage\",\"@id\":\"https:\\\/\\\/www.koronakarkonoszy.pl\\\/blog\\\/wesele-w-namiocie\\\/\",\"url\":\"https:\\\/\\\/www.koronakarkonoszy.pl\\\/blog\\\/wesele-w-namiocie\\\/\",\"name\":\"Wesele w namiocie | Korona Karkonoszy.pl\",\"isPartOf\":{\"@id\":\"https:\\\/\\\/www.koronakarkonoszy.pl\\\/blog\\\/#website\"},\"primaryImageOfPage\":{\"@id\":\"https:\\\/\\\/www.koronakarkonoszy.pl\\\/blog\\\/wesele-w-namiocie\\\/#primaryimage\"},\"image\":{\"@id\":\"https:\\\/\\\/www.koronakarkonoszy.pl\\\/blog\\\/wesele-w-namiocie\\\/#primaryimage\"},\"thumbnailUrl\":\"https:\\\/\\\/www.koronakarkonoszy.pl\\\/blog\\\/wp-content\\\/uploads\\\/2021\\\/10\\\/wesele-w-namiocie.jpg\",\"datePublished\":\"2021-09-24T20:06:00+00:00\",\"dateModified\":\"2025-01-15T12:49:54+00:00\",\"author\":{\"@id\":\"https:\\\/\\\/www.koronakarkonoszy.pl\\\/blog\\\/#\\\/schema\\\/person\\\/c3d9d467cc9af49e50c67be561c643eb\"},\"description\":\"Wesele w namiocie to doskona\u0142y wyb\u00f3r na kameraln\u0105 uroczysto\u015b\u0107. Organizacja wesel w namiocie gwarantuje niezapomniany klimat i elastyczno\u015b\u0107.\",\"breadcrumb\":{\"@id\":\"https:\\\/\\\/www.koronakarkonoszy.pl\\\/blog\\\/wesele-w-namiocie\\\/#breadcrumb\"},\"inLanguage\":\"pl-PL\",\"potentialAction\":[{\"@type\":\"ReadAction\",\"target\":[\"https:\\\/\\\/www.koronakarkonoszy.pl\\\/blog\\\/wesele-w-namiocie\\\/\"]}]},{\"@type\":\"ImageObject\",\"inLanguage\":\"pl-PL\",\"@id\":\"https:\\\/\\\/www.koronakarkonoszy.pl\\\/blog\\\/wesele-w-namiocie\\\/#primaryimage\",\"url\":\"https:\\\/\\\/www.koronakarkonoszy.pl\\\/blog\\\/wp-content\\\/uploads\\\/2021\\\/10\\\/wesele-w-namiocie.jpg\",\"contentUrl\":\"https:\\\/\\\/www.koronakarkonoszy.pl\\\/blog\\\/wp-content\\\/uploads\\\/2021\\\/10\\\/wesele-w-namiocie.jpg\",\"width\":314,\"height\":209,\"caption\":\"Niecodzienne wesele w namiocie czy klasyczne przyj\u0119cie w sali \u2013 co wybra\u0107?\"},{\"@type\":\"BreadcrumbList\",\"@id\":\"https:\\\/\\\/www.koronakarkonoszy.pl\\\/blog\\\/wesele-w-namiocie\\\/#breadcrumb\",\"itemListElement\":[{\"@type\":\"ListItem\",\"position\":1,\"name\":\"Strona g\u0142\u00f3wna\",\"item\":\"https:\\\/\\\/www.koronakarkonoszy.pl\\\/blog\\\/\"},{\"@type\":\"ListItem\",\"position\":2,\"name\":\"Wesele w namiocie czy przyj\u0119cie w sali \u2013 co wybra\u0107?\"}]},{\"@type\":\"WebSite\",\"@id\":\"https:\\\/\\\/www.koronakarkonoszy.pl\\\/blog\\\/#website\",\"url\":\"https:\\\/\\\/www.koronakarkonoszy.pl\\\/blog\\\/\",\"name\":\":: Blog weselny\",\"description\":\"Blog weselny Dw\u00f3r Korona Karkonoszy\",\"potentialAction\":[{\"@type\":\"SearchAction\",\"target\":{\"@type\":\"EntryPoint\",\"urlTemplate\":\"https:\\\/\\\/www.koronakarkonoszy.pl\\\/blog\\\/?s={search_term_string}\"},\"query-input\":{\"@type\":\"PropertyValueSpecification\",\"valueRequired\":true,\"valueName\":\"search_term_string\"}}],\"inLanguage\":\"pl-PL\"},{\"@type\":\"Person\",\"@id\":\"https:\\\/\\\/www.koronakarkonoszy.pl\\\/blog\\\/#\\\/schema\\\/person\\\/c3d9d467cc9af49e50c67be561c643eb\",\"name\":\"Maria Szruba\",\"image\":{\"@type\":\"ImageObject\",\"inLanguage\":\"pl-PL\",\"@id\":\"https:\\\/\\\/www.koronakarkonoszy.pl\\\/blog\\\/wp-content\\\/litespeed\\\/avatar\\\/d0fe7fde2b2277621e0a2904789bab14.jpg?ver=1776835008\",\"url\":\"https:\\\/\\\/www.koronakarkonoszy.pl\\\/blog\\\/wp-content\\\/litespeed\\\/avatar\\\/d0fe7fde2b2277621e0a2904789bab14.jpg?ver=1776835008\",\"contentUrl\":\"https:\\\/\\\/www.koronakarkonoszy.pl\\\/blog\\\/wp-content\\\/litespeed\\\/avatar\\\/d0fe7fde2b2277621e0a2904789bab14.jpg?ver=1776835008\",\"caption\":\"Maria Szruba\"},\"url\":\"https:\\\/\\\/www.koronakarkonoszy.pl\\\/blog\\\/author\\\/m-szruba\\\/\"}]}<\/script>\n<!-- \/ Yoast SEO plugin. -->","yoast_head_json":{"title":"Wesele w namiocie | Korona Karkonoszy.pl","description":"Wesele w namiocie to doskona\u0142y wyb\u00f3r na kameraln\u0105 uroczysto\u015b\u0107. Organizacja wesel w namiocie gwarantuje niezapomniany klimat i elastyczno\u015b\u0107.","robots":{"index":"index","follow":"follow","max-snippet":"max-snippet:-1","max-image-preview":"max-image-preview:large","max-video-preview":"max-video-preview:-1"},"canonical":"https:\/\/www.koronakarkonoszy.pl\/blog\/wesele-w-namiocie\/","og_locale":"pl_PL","og_type":"article","og_title":"Wesele w namiocie | Korona Karkonoszy.pl","og_description":"Wesele w namiocie to doskona\u0142y wyb\u00f3r na kameraln\u0105 uroczysto\u015b\u0107. Organizacja wesel w namiocie gwarantuje niezapomniany klimat i elastyczno\u015b\u0107.","og_url":"https:\/\/www.koronakarkonoszy.pl\/blog\/wesele-w-namiocie\/","og_site_name":":: Blog weselny","article_published_time":"2021-09-24T20:06:00+00:00","article_modified_time":"2025-01-15T12:49:54+00:00","og_image":[{"width":314,"height":209,"url":"https:\/\/www.koronakarkonoszy.pl\/blog\/wp-content\/uploads\/2021\/10\/wesele-w-namiocie.jpg","type":"image\/jpeg"}],"author":"Maria Szruba","twitter_card":"summary_large_image","twitter_misc":{"Napisane przez":"Maria Szruba","Szacowany czas czytania":"10 minut"},"schema":{"@context":"https:\/\/schema.org","@graph":[{"@type":"Article","@id":"https:\/\/www.koronakarkonoszy.pl\/blog\/wesele-w-namiocie\/#article","isPartOf":{"@id":"https:\/\/www.koronakarkonoszy.pl\/blog\/wesele-w-namiocie\/"},"author":{"name":"Maria Szruba","@id":"https:\/\/www.koronakarkonoszy.pl\/blog\/#\/schema\/person\/c3d9d467cc9af49e50c67be561c643eb"},"headline":"Wesele w namiocie czy przyj\u0119cie w sali \u2013 co wybra\u0107?","datePublished":"2021-09-24T20:06:00+00:00","dateModified":"2025-01-15T12:49:54+00:00","mainEntityOfPage":{"@id":"https:\/\/www.koronakarkonoszy.pl\/blog\/wesele-w-namiocie\/"},"wordCount":1822,"image":{"@id":"https:\/\/www.koronakarkonoszy.pl\/blog\/wesele-w-namiocie\/#primaryimage"},"thumbnailUrl":"https:\/\/www.koronakarkonoszy.pl\/blog\/wp-content\/uploads\/2021\/10\/wesele-w-namiocie.jpg","articleSection":["Porady","Sala weselna","Trendy"],"inLanguage":"pl-PL"},{"@type":"WebPage","@id":"https:\/\/www.koronakarkonoszy.pl\/blog\/wesele-w-namiocie\/","url":"https:\/\/www.koronakarkonoszy.pl\/blog\/wesele-w-namiocie\/","name":"Wesele w namiocie | Korona Karkonoszy.pl","isPartOf":{"@id":"https:\/\/www.koronakarkonoszy.pl\/blog\/#website"},"primaryImageOfPage":{"@id":"https:\/\/www.koronakarkonoszy.pl\/blog\/wesele-w-namiocie\/#primaryimage"},"image":{"@id":"https:\/\/www.koronakarkonoszy.pl\/blog\/wesele-w-namiocie\/#primaryimage"},"thumbnailUrl":"https:\/\/www.koronakarkonoszy.pl\/blog\/wp-content\/uploads\/2021\/10\/wesele-w-namiocie.jpg","datePublished":"2021-09-24T20:06:00+00:00","dateModified":"2025-01-15T12:49:54+00:00","author":{"@id":"https:\/\/www.koronakarkonoszy.pl\/blog\/#\/schema\/person\/c3d9d467cc9af49e50c67be561c643eb"},"description":"Wesele w namiocie to doskona\u0142y wyb\u00f3r na kameraln\u0105 uroczysto\u015b\u0107. Organizacja wesel w namiocie gwarantuje niezapomniany klimat i elastyczno\u015b\u0107.","breadcrumb":{"@id":"https:\/\/www.koronakarkonoszy.pl\/blog\/wesele-w-namiocie\/#breadcrumb"},"inLanguage":"pl-PL","potentialAction":[{"@type":"ReadAction","target":["https:\/\/www.koronakarkonoszy.pl\/blog\/wesele-w-namiocie\/"]}]},{"@type":"ImageObject","inLanguage":"pl-PL","@id":"https:\/\/www.koronakarkonoszy.pl\/blog\/wesele-w-namiocie\/#primaryimage","url":"https:\/\/www.koronakarkonoszy.pl\/blog\/wp-content\/uploads\/2021\/10\/wesele-w-namiocie.jpg","contentUrl":"https:\/\/www.koronakarkonoszy.pl\/blog\/wp-content\/uploads\/2021\/10\/wesele-w-namiocie.jpg","width":314,"height":209,"caption":"Niecodzienne wesele w namiocie czy klasyczne przyj\u0119cie w sali \u2013 co wybra\u0107?"},{"@type":"BreadcrumbList","@id":"https:\/\/www.koronakarkonoszy.pl\/blog\/wesele-w-namiocie\/#breadcrumb","itemListElement":[{"@type":"ListItem","position":1,"name":"Strona g\u0142\u00f3wna","item":"https:\/\/www.koronakarkonoszy.pl\/blog\/"},{"@type":"ListItem","position":2,"name":"Wesele w namiocie czy przyj\u0119cie w sali \u2013 co wybra\u0107?"}]},{"@type":"WebSite","@id":"https:\/\/www.koronakarkonoszy.pl\/blog\/#website","url":"https:\/\/www.koronakarkonoszy.pl\/blog\/","name":":: Blog weselny","description":"Blog weselny Dw\u00f3r Korona Karkonoszy","potentialAction":[{"@type":"SearchAction","target":{"@type":"EntryPoint","urlTemplate":"https:\/\/www.koronakarkonoszy.pl\/blog\/?s={search_term_string}"},"query-input":{"@type":"PropertyValueSpecification","valueRequired":true,"valueName":"search_term_string"}}],"inLanguage":"pl-PL"},{"@type":"Person","@id":"https:\/\/www.koronakarkonoszy.pl\/blog\/#\/schema\/person\/c3d9d467cc9af49e50c67be561c643eb","name":"Maria Szruba","image":{"@type":"ImageObject","inLanguage":"pl-PL","@id":"https:\/\/www.koronakarkonoszy.pl\/blog\/wp-content\/litespeed\/avatar\/d0fe7fde2b2277621e0a2904789bab14.jpg?ver=1776835008","url":"https:\/\/www.koronakarkonoszy.pl\/blog\/wp-content\/litespeed\/avatar\/d0fe7fde2b2277621e0a2904789bab14.jpg?ver=1776835008","contentUrl":"https:\/\/www.koronakarkonoszy.pl\/blog\/wp-content\/litespeed\/avatar\/d0fe7fde2b2277621e0a2904789bab14.jpg?ver=1776835008","caption":"Maria Szruba"},"url":"https:\/\/www.koronakarkonoszy.pl\/blog\/author\/m-szruba\/"}]}},"_links":{"self":[{"href":"https:\/\/www.koronakarkonoszy.pl\/blog\/wp-json\/wp\/v2\/posts\/1673","targetHints":{"allow":["GET"]}}],"collection":[{"href":"https:\/\/www.koronakarkonoszy.pl\/blog\/wp-json\/wp\/v2\/posts"}],"about":[{"href":"https:\/\/www.koronakarkonoszy.pl\/blog\/wp-json\/wp\/v2\/types\/post"}],"author":[{"embeddable":true,"href":"https:\/\/www.koronakarkonoszy.pl\/blog\/wp-json\/wp\/v2\/users\/4"}],"replies":[{"embeddable":true,"href":"https:\/\/www.koronakarkonoszy.pl\/blog\/wp-json\/wp\/v2\/comments?post=1673"}],"version-history":[{"count":1,"href":"https:\/\/www.koronakarkonoszy.pl\/blog\/wp-json\/wp\/v2\/posts\/1673\/revisions"}],"predecessor-version":[{"id":11664,"href":"https:\/\/www.koronakarkonoszy.pl\/blog\/wp-json\/wp\/v2\/posts\/1673\/revisions\/11664"}],"wp:featuredmedia":[{"embeddable":true,"href":"https:\/\/www.koronakarkonoszy.pl\/blog\/wp-json\/wp\/v2\/media\/1674"}],"wp:attachment":[{"href":"https:\/\/www.koronakarkonoszy.pl\/blog\/wp-json\/wp\/v2\/media?parent=1673"}],"wp:term":[{"taxonomy":"category","embeddable":true,"href":"https:\/\/www.koronakarkonoszy.pl\/blog\/wp-json\/wp\/v2\/categories?post=1673"}],"curies":[{"name":"wp","href":"https:\/\/api.w.org\/{rel}","templated":true}]}}