{"id":1543,"date":"2021-09-16T08:59:00","date_gmt":"2021-09-16T06:59:00","guid":{"rendered":"https:\/\/www.koronakarkonoszy.pl\/blog\/?p=1543"},"modified":"2021-09-18T09:06:20","modified_gmt":"2021-09-18T07:06:20","slug":"kolory-przewodnie-wesela","status":"publish","type":"post","link":"https:\/\/www.koronakarkonoszy.pl\/blog\/kolory-przewodnie-wesela\/","title":{"rendered":"Czym si\u0119 kierowa\u0107, wybieraj\u0105c kolory przewodnie wesela?"},"content":{"rendered":"\n<p><strong>Je\u015bli chcecie, by Wasze wesele by\u0142o dopi\u0119te na ostatni guzik\u00a0i wszystkie jego cz\u0119\u015bci by\u0142y ze sob\u0105 sp\u00f3jne, warto\u00a0po\u0142\u0105czy\u0107\u00a0wszystkie elementy\u00a0jednym motywem przewodnim.\u00a0Tak\u0105 klamr\u0105 mog\u0105 by\u0107\u00a0okre\u015blone przez Was barwy. Co\u00a0jednak\u00a0zrobi\u0107, by tego\u00a0wa\u017cnego\u00a0dnia kolory przewodnie wesela rz\u0105dzi\u0142y, ale nie przyt\u0142acza\u0142y?\u00a0Podpowiadamy.<\/strong>\u00a0<\/p>\n\n\n<div id=\"ariadna-block_61458e5b1928b\" class=\"ariadna\">\r\n    <ul><li><a href=\"#ha-do-czego-sluza-kolory-przewodnie-wesela\">Do czego s\u0142u\u017c\u0105 kolory przewodnie wesela?\u00a0<\/a><\/li><li><a href=\"#ha-w-jaki-sposob-wybrac-odpowiednie-kolory-przewodnie-wesela\">W jaki spos\u00f3b wybra\u0107 odpowiednie kolory przewodnie wesela?\u00a0<\/a><\/li><li><a href=\"#ha-kiedy-zdecydowac-sie-na-konkretny-kolor-przewodni-wesela\">Kiedy zdecydowa\u0107 si\u0119 na konkretny kolor przewodni wesela?\u00a0<\/a><\/li><li><a href=\"#ha-szukasz-niebanalnego-miejsca-na-zorganizowanie-wesela\">Szukasz niebanalnego miejsca na zorganizowanie wesela?<\/a><\/li><li><a href=\"#ha-jakie-kolory-sa-modne-w-tym-sezonie\">Jakie kolory s\u0105 modne w tym sezonie?\u00a0<\/a><\/li><li><a href=\"#ha-czy-mozna-laczyc-kolory-przewodnie-wesela\">Czy mo\u017cna \u0142\u0105czy\u0107 kolory przewodnie wesela?\u00a0<\/a><\/li><\/ul>\r\n<\/div>\r\n\r\n\r\n\r\n\n\n\n<h2 class=\"wp-block-heading\" id=\"ha-do-czego-sluza-kolory-przewodnie-wesela\">Do czego s\u0142u\u017c\u0105 kolory przewodnie wesela?\u00a0<\/h2>\n\n\n\n<p>Kolor przewodni wesela ma by\u0107&nbsp;\u201epomocnikiem\u201d&nbsp;Pary M\u0142odej. Mo\u017ce by\u0107 obecny w r\u00f3\u017cnych miejscach, by spina\u0107 wszystko w jedn\u0105 ca\u0142o\u015b\u0107. Jego obecno\u015b\u0107 na zaproszeniach, winietkach, czy w dodatkach Pary M\u0142odej sprawia, \u017ce \u015blub b\u0119dzie wygl\u0105da\u0142 na bardziej przemy\u015blany i pouk\u0142adany. Mo\u017cna go r\u00f3wnie\u017c wple\u015b\u0107 w dekoracje sto\u0142\u00f3w czy np.&nbsp;zaakcentowa\u0107 jego obecno\u015b\u0107 na upominkach dla go\u015bci. Powinien by\u0107 obecny zar\u00f3wno w ko\u015bciele jak i w sali urz\u0119du stanu cywilnego.&nbsp;<a href=\"https:\/\/www.koronakarkonoszy.pl\/sala-balowa\/\" target=\"_blank\" rel=\"noreferrer noopener\">Sala balowa<\/a>&nbsp;mo\u017ce by\u0107 nim wype\u0142niona po brzegi lub mo\u017ce on delikatnie&nbsp;podkre\u015bla\u0107 jej atuty.&nbsp;&nbsp;<\/p>\n\n\n\n<p>Ponadto kolory przewodnie wesela pomagaj\u0105 Parze M\u0142odej w wyborach. Decyduj\u0105c si\u0119 na jeden konkretny\u00a0lub zestaw kolor\u00f3w przewodnich, Pa\u0144stwo M\u0142odzi nie b\u0119d\u0105 mieli problem\u00f3w z doborem r\u00f3\u017cnych dodatk\u00f3w. Jednym s\u0142owem kolor przewodni\u00a0wesela jest po to, by u\u0142atwi\u0107\u00a0\u00a0Parze M\u0142odej\u00a0wiele decyzji. Zamiast kolejny raz zastanawia\u0107 si\u0119 mi\u0119dzy zielonym butelkowym, a szarym, Para M\u0142oda b\u0119dzie mog\u0142a dobiera\u0107 wszelkie dodatki pod\u00a0wybrany wcze\u015bniej\u00a0kolor przewodni.\u00a0<\/p>\n\n\n\n<h2 class=\"wp-block-heading\" id=\"ha-w-jaki-sposob-wybrac-odpowiednie-kolory-przewodnie-wesela\">W jaki spos\u00f3b wybra\u0107 odpowiednie kolory przewodnie wesela?\u00a0<\/h2>\n\n\n\n<p>Cz\u0119sto Pary M\u0142ode dobieraj\u0105 kolory przewodnie wesela pod por\u0119 roku, w czasie kt\u00f3rej organizuj\u0105 wesele. Wiosn\u0105 s\u0105 to ziele\u0144 i \u017c\u00f3\u0142ty. Letnie wesela uwielbiaj\u0105\u00a0r\u00f3\u017c,\u00a0mi\u0119t\u0119 czy brzoskwini\u0119.\u00a0Na\u00a0jesiennych\u00a0przyj\u0119ciach\u00a0kr\u00f3luj\u0105 br\u0105zy i rudo\u015bci. Z kolei\u00a0zimowymi odcieniami s\u0105 biel i b\u0142\u0119kit, ale tak\u017ce z\u0142oto.\u00a0Nie jest to\u00a0jednak sztywna regu\u0142a.\u00a0Je\u015bli\u00a0np.\u00a0Para M\u0142oda\u00a0zdecyduje si\u0119 zimn\u0105\u00a0na\u00a0<a href=\"https:\/\/www.koronakarkonoszy.pl\/blog\/kolor-przewodni-wesela-bordo\/\" target=\"_blank\" rel=\"noreferrer noopener\">kolor przewodni wesela &#8211; bordo<\/a>,\u00a0b\u0119dzie on idealnie pasowa\u0142 do panuj\u0105cej atmosfery zbli\u017caj\u0105cych\u00a0si\u0119 \u015awi\u0105t Bo\u017cego Narodzenia.\u00a0\u00a0<\/p>\n\n\n<section id=\"leonardo-block_61458ea21928c\" class=\"leonardo page-breaker leonardo-image-left\">\r\n    <div class=\"leonardo-body\">\r\n                <div class=\"leonardo-content\"><p><span class=\"TextRun SCXW34762486 BCX0\" lang=\"PL\" xml:lang=\"PL\" data-contrast=\"auto\"><span class=\"NormalTextRun SCXW34762486 BCX0\">Narzeczeni w czasie organizowania wesela mog\u0105 r\u00f3wnie\u017c zdecydowa\u0107 si\u0119 na bardziej neutralne kolory. Be\u017ce lub szaro\u015bci sprawi\u0105, \u017ce wesele wyda si\u0119 bardziej stonowane.\u00a0<\/span><\/span><a class=\"Hyperlink SCXW34762486 BCX0\" href=\"https:\/\/www.koronakarkonoszy.pl\/blog\/czerwone-wesele-spektakularne-i-zapadajace-w-pamiec\/\" target=\"_blank\" rel=\"noreferrer noopener\"><span class=\"TextRun Underlined SCXW34762486 BCX0\" lang=\"PL\" xml:lang=\"PL\" data-contrast=\"none\"><span class=\"NormalTextRun SCXW34762486 BCX0\">Czerwone wesele<\/span><\/span><\/a><span class=\"TextRun SCXW34762486 BCX0\" lang=\"PL\" xml:lang=\"PL\" data-contrast=\"auto\"><span class=\"NormalTextRun SCXW34762486 BCX0\">\u00a0jest spektakularne i gor\u0105ce.\u00a0<\/span><span class=\"NormalTextRun SCXW34762486 BCX0\">Z kolei z<\/span><span class=\"NormalTextRun SCXW34762486 BCX0\">ielenie i br\u0105zy pasuj\u0105 do \u015blubu w stylu\u00a0<\/span><span class=\"SpellingError SCXW34762486 BCX0\">boho<\/span><span class=\"NormalTextRun SCXW34762486 BCX0\">\u00a0i s\u0142owia\u0144skiego \u015blubu<\/span><span class=\"NormalTextRun SCXW34762486 BCX0\">, kt\u00f3ry nawi\u0105zuje do barw natury<\/span><span class=\"NormalTextRun SCXW34762486 BCX0\">.\u00a0<\/span><\/span><span class=\"EOP SCXW34762486 BCX0\" data-ccp-props=\"{&quot;201341983&quot;:0,&quot;335559740&quot;:276}\">\u00a0<\/span><\/p>\n<\/div>\r\n                    <aside class=\"leonardo-interlink\">\r\n                <b>Polecamy<\/b>\r\n                <a href=\"https:\/\/www.koronakarkonoszy.pl\/blog\/scianka-na-wesele\/\">Do czego s\u0142u\u017cy \u015bcianka na wesele?<\/a>\r\n            <\/aside>\r\n            <\/div>\r\n    <div class=\"leonardo-image\">\r\n        <img loading=\"lazy\" decoding=\"async\" width=\"640\" height=\"480\" src=\"https:\/\/www.koronakarkonoszy.pl\/blog\/wp-content\/uploads\/2021\/09\/kolory-przewodnie-wesela2.jpg\" class=\"attachment-full size-full\" alt=\"\" srcset=\"https:\/\/www.koronakarkonoszy.pl\/blog\/wp-content\/uploads\/2021\/09\/kolory-przewodnie-wesela2.jpg 640w, https:\/\/www.koronakarkonoszy.pl\/blog\/wp-content\/uploads\/2021\/09\/kolory-przewodnie-wesela2-300x225.jpg 300w\" sizes=\"auto, (max-width: 640px) 100vw, 640px\" \/>            <\/div>\r\n<\/section>\n\n\n<h2 class=\"wp-block-heading\" id=\"ha-kiedy-zdecydowac-sie-na-konkretny-kolor-przewodni-wesela\">Kiedy zdecydowa\u0107 si\u0119 na konkretny kolor przewodni wesela?\u00a0<\/h2>\n\n\n\n<p>Para M\u0142oda&nbsp;powinna zdecydowa\u0107 si\u0119 na konkretny kolor przewodni wesela ju\u017c podczas planowania.&nbsp;<a href=\"https:\/\/www.koronakarkonoszy.pl\/blog\/plan-wesela-idealnego\/\" target=\"_blank\" rel=\"noreferrer noopener\">Plan wesela<\/a>&nbsp;powinien&nbsp;uwzgl\u0119dnia\u0107&nbsp;informacje na temat dominuj\u0105cego koloru. Dzi\u0119ki temu Pa\u0144stwo M\u0142odzi mog\u0105 zam\u00f3wi\u0107 w kwiaciarni odpowiednie kwiaty i dekoracje. R\u00f3wnie\u017c&nbsp;<a href=\"https:\/\/www.koronakarkonoszy.pl\/sala-weselna\/\" target=\"_blank\" rel=\"noreferrer noopener\">sala weselna<\/a>&nbsp;mo\u017ce by\u0107 ozdobiona odpowiednio, dzi\u0119ki do\u015b\u0107 wczesnemu poinformowaniu obs\u0142ugi, jaki kolor ma by\u0107 u\u017cyty. Pozwoli to odpowiednio dopasowa\u0107&nbsp;np.&nbsp;bie\u017cniki, czy serwetki na sto\u0142ach. Dlatego im wcze\u015bniej Narzeczeni wiedz\u0105,&nbsp;na jak kolor postawi\u0105, tym lepiej.&nbsp;&nbsp;<\/p>\n\n\n\n<p>Panna M\u0142oda mo\u017ce u\u017cy\u0107 koloru przewodniego w bukiecie \u015blubnym lub tworz\u0105c\u00a0<a href=\"https:\/\/www.koronakarkonoszy.pl\/blog\/wianki-na-slub-o-czym-warto-wiedziec\/\" target=\"_blank\" rel=\"noreferrer noopener\">wianki na \u015blub<\/a>. Kolory przewodnie mog\u0105 by\u0107 r\u00f3wnie\u017c obecne w innych miejscach wesela. \u015acianka na wesele ozdobiona kokardami w kolorze przewodnim lub serwetki na sto\u0142ach w takich odcieniach s\u0105 drobnymi akcentami, kt\u00f3re jednak sprawiaj\u0105, \u017ce ca\u0142o\u015b\u0107 wygl\u0105da idealnie.\u00a0\u00a0<\/p>\n\n\n<section id=\"ctaninja-block_61458ef31928d\" class=\"ctaninja\">\r\n    <div class=\"ctaninja-body\">\r\n        <h2 class=\"h1\" id=\"ha-szukasz-niebanalnego-miejsca-na-zorganizowanie-wesela\">Szukasz niebanalnego miejsca na zorganizowanie wesela?<\/h2>\r\n        <p>Zobacz, jak mo\u017ce wygl\u0105da\u0107 Wasz najwa\u017cniejszy dzie\u0144 w \u017cyciu!<\/p>\r\n        <div class=\"nf-container\">\r\n            <noscript class=\"ninja-forms-noscript-message\">\n\tUwaga: ta zawarto\u015b\u0107 wymaga obs\u0142ugi j\u0119zyka JavaScript.<\/noscript>\n<div id=\"nf-form-1-cont\" class=\"nf-form-cont\" aria-live=\"polite\" aria-labelledby=\"nf-form-title-1\" aria-describedby=\"nf-form-errors-1\" role=\"form\">\n\n    <div class=\"nf-loading-spinner\"><\/div>\n\n<\/div>\n        <!-- That data is being printed as a workaround to page builders reordering the order of the scripts loaded-->\n        <script>var formDisplay=1;var nfForms=nfForms||[];var form=[];form.id='1';form.settings={\"objectType\":\"Form Setting\",\"editActive\":\"\",\"title\":\"Contact Me\",\"key\":\"\",\"created_at\":\"2021-05-31 16:57:05\",\"default_label_pos\":\"above\",\"conditions\":[],\"show_title\":\"1\",\"clear_complete\":\"1\",\"hide_complete\":\"1\",\"wrapper_class\":\"\",\"element_class\":\"\",\"add_submit\":\"1\",\"logged_in\":\"\",\"not_logged_in_msg\":\"\",\"sub_limit_number\":\"\",\"sub_limit_msg\":\"\",\"calculations\":[],\"formContentData\":[{\"order\":1,\"cells\":[{\"order\":0,\"fields\":[\"email\"],\"width\":50},{\"order\":1,\"fields\":[\"wyslij_1640001513358\"],\"width\":50}]}],\"container_styles_background-color\":\"\",\"container_styles_border\":\"\",\"container_styles_border-style\":\"\",\"container_styles_border-color\":\"\",\"container_styles_color\":\"\",\"container_styles_height\":\"\",\"container_styles_width\":\"\",\"container_styles_font-size\":\"\",\"container_styles_margin\":\"\",\"container_styles_padding\":\"\",\"container_styles_display\":\"\",\"container_styles_float\":\"\",\"container_styles_show_advanced_css\":\"0\",\"container_styles_advanced\":\"\",\"title_styles_background-color\":\"\",\"title_styles_border\":\"\",\"title_styles_border-style\":\"\",\"title_styles_border-color\":\"\",\"title_styles_color\":\"\",\"title_styles_height\":\"\",\"title_styles_width\":\"\",\"title_styles_font-size\":\"\",\"title_styles_margin\":\"\",\"title_styles_padding\":\"\",\"title_styles_display\":\"\",\"title_styles_float\":\"\",\"title_styles_show_advanced_css\":\"0\",\"title_styles_advanced\":\"\",\"row_styles_background-color\":\"\",\"row_styles_border\":\"\",\"row_styles_border-style\":\"\",\"row_styles_border-color\":\"\",\"row_styles_color\":\"\",\"row_styles_height\":\"\",\"row_styles_width\":\"\",\"row_styles_font-size\":\"\",\"row_styles_margin\":\"\",\"row_styles_padding\":\"\",\"row_styles_display\":\"\",\"row_styles_show_advanced_css\":\"0\",\"row_styles_advanced\":\"\",\"row-odd_styles_background-color\":\"\",\"row-odd_styles_border\":\"\",\"row-odd_styles_border-style\":\"\",\"row-odd_styles_border-color\":\"\",\"row-odd_styles_color\":\"\",\"row-odd_styles_height\":\"\",\"row-odd_styles_width\":\"\",\"row-odd_styles_font-size\":\"\",\"row-odd_styles_margin\":\"\",\"row-odd_styles_padding\":\"\",\"row-odd_styles_display\":\"\",\"row-odd_styles_show_advanced_css\":\"0\",\"row-odd_styles_advanced\":\"\",\"success-msg_styles_background-color\":\"\",\"success-msg_styles_border\":\"\",\"success-msg_styles_border-style\":\"\",\"success-msg_styles_border-color\":\"\",\"success-msg_styles_color\":\"\",\"success-msg_styles_height\":\"\",\"success-msg_styles_width\":\"\",\"success-msg_styles_font-size\":\"\",\"success-msg_styles_margin\":\"\",\"success-msg_styles_padding\":\"\",\"success-msg_styles_display\":\"\",\"success-msg_styles_show_advanced_css\":\"0\",\"success-msg_styles_advanced\":\"\",\"error_msg_styles_background-color\":\"\",\"error_msg_styles_border\":\"\",\"error_msg_styles_border-style\":\"\",\"error_msg_styles_border-color\":\"\",\"error_msg_styles_color\":\"\",\"error_msg_styles_height\":\"\",\"error_msg_styles_width\":\"\",\"error_msg_styles_font-size\":\"\",\"error_msg_styles_margin\":\"\",\"error_msg_styles_padding\":\"\",\"error_msg_styles_display\":\"\",\"error_msg_styles_show_advanced_css\":\"0\",\"error_msg_styles_advanced\":\"\",\"allow_public_link\":0,\"embed_form\":\"\",\"currency\":\"\",\"repeatable_fieldsets\":\"\",\"unique_field_error\":\"Formularz z t\\u0105 warto\\u015bci\\u0105 zosta\\u0142 ju\\u017c przes\\u0142any.\",\"ninjaForms\":\"Ninja Forms\",\"changeEmailErrorMsg\":\"Wprowad\\u017a prawid\\u0142owy adres e-mail!\",\"changeDateErrorMsg\":\"Prosz\\u0119 wpisa\\u0107 prawid\\u0142ow\\u0105 dat\\u0119!\",\"confirmFieldErrorMsg\":\"Te pola musz\\u0105 si\\u0119 zgadza\\u0107!\",\"fieldNumberNumMinError\":\"B\\u0142\\u0105d \\u2014 liczba minimalna\",\"fieldNumberNumMaxError\":\"B\\u0142\\u0105d \\u2014 liczba maksymalna\",\"fieldNumberIncrementBy\":\"Zwi\\u0119ksz o \",\"fieldTextareaRTEInsertLink\":\"Wstaw odno\\u015bnik\",\"fieldTextareaRTEInsertMedia\":\"Wstaw media\",\"fieldTextareaRTESelectAFile\":\"Wybierz plik\",\"formErrorsCorrectErrors\":\"Popraw b\\u0142\\u0119dy, zanim prze\\u015blesz formularz.\",\"formHoneypot\":\"Je\\u015bli jeste\\u015b cz\\u0142owiekiem i widzisz to pole, nie wype\\u0142niaj go.\",\"validateRequiredField\":\"To jest wymagane pole.\",\"honeypotHoneypotError\":\"B\\u0142\\u0105d Honeypot\",\"fileUploadOldCodeFileUploadInProgress\":\"Przesy\\u0142anie pliku w toku.\",\"fileUploadOldCodeFileUpload\":\"PRZESY\\u0141ANIE PLIKU\",\"currencySymbol\":\"&#36;\",\"fieldsMarkedRequired\":\"Pola oznaczone znakiem <span class=\\\"ninja-forms-req-symbol\\\">*<\\\/span> s\\u0105 wymagane\",\"thousands_sep\":\"&nbsp;\",\"decimal_point\":\",\",\"siteLocale\":\"pl_PL\",\"dateFormat\":\"m\\\/d\\\/Y\",\"startOfWeek\":\"1\",\"of\":\"z\",\"previousMonth\":\"Poprzedni miesi\\u0105c\",\"nextMonth\":\"Nast\\u0119pny miesi\\u0105c\",\"months\":[\"Stycze\\u0144\",\"Luty\",\"Marzec\",\"Kwiecie\\u0144\",\"Maj\",\"Czerwiec\",\"Lipiec\",\"Sierpie\\u0144\",\"Wrzesie\\u0144\",\"Pa\\u017adziernik\",\"Listopad\",\"Grudzie\\u0144\"],\"monthsShort\":[\"Sty\",\"Lut\",\"Mar\",\"Kw\",\"Maj\",\"Cze\",\"Lip\",\"Sie\",\"Wrz\",\"Pa\\u017a\",\"Lis\",\"Gru\"],\"weekdays\":[\"Niedziela\",\"Poniedzia\\u0142ek\",\"Wtorek\",\"\\u015aroda\",\"Czwartek\",\"Pi\\u0105tek\",\"Sobota\"],\"weekdaysShort\":[\"Niedz\",\"Pon\",\"Wt\",\"\\u015ar\",\"Czw\",\"Pt\",\"Sob\"],\"weekdaysMin\":[\"Niedz\",\"Pon\",\"Wt\",\"\\u015ar\",\"Czw\",\"Pt\",\"Sob\"],\"recaptchaConsentMissing\":\"reCaptcha validation couldn&#039;t load.\",\"recaptchaMissingCookie\":\"reCaptcha v3 validation couldn&#039;t load the cookie needed to submit the form.\",\"recaptchaConsentEvent\":\"Accept reCaptcha cookies before sending the form.\",\"currency_symbol\":\"\",\"beforeForm\":\"\",\"beforeFields\":\"\",\"afterFields\":\"\",\"afterForm\":\"\"};form.fields=[{\"objectType\":\"Field\",\"objectDomain\":\"fields\",\"editActive\":false,\"order\":1,\"idAttribute\":\"id\",\"label\":\"Email\",\"key\":\"email\",\"type\":\"email\",\"created_at\":\"2021-05-31 16:57:06\",\"label_pos\":\"above\",\"required\":1,\"placeholder\":\"Podaj maila, skontaktujemy si\\u0119 z Tob\\u0105\",\"default\":\"\",\"wrapper_class\":\"\",\"element_class\":\"\",\"container_class\":\"\",\"admin_label\":\"\",\"help_text\":\"\",\"desc_text\":\"\",\"wrap_styles_background-color\":\"\",\"wrap_styles_border\":\"\",\"wrap_styles_border-style\":\"\",\"wrap_styles_border-color\":\"\",\"wrap_styles_color\":\"\",\"wrap_styles_height\":\"\",\"wrap_styles_width\":\"\",\"wrap_styles_font-size\":\"\",\"wrap_styles_margin\":\"\",\"wrap_styles_padding\":\"\",\"wrap_styles_display\":\"\",\"wrap_styles_float\":\"\",\"wrap_styles_show_advanced_css\":0,\"wrap_styles_advanced\":\"\",\"label_styles_background-color\":\"\",\"label_styles_border\":\"\",\"label_styles_border-style\":\"\",\"label_styles_border-color\":\"\",\"label_styles_color\":\"\",\"label_styles_height\":\"\",\"label_styles_width\":\"\",\"label_styles_font-size\":\"\",\"label_styles_margin\":\"\",\"label_styles_padding\":\"\",\"label_styles_display\":\"\",\"label_styles_float\":\"\",\"label_styles_show_advanced_css\":0,\"label_styles_advanced\":\"\",\"element_styles_background-color\":\"\",\"element_styles_border\":\"\",\"element_styles_border-style\":\"\",\"element_styles_border-color\":\"\",\"element_styles_color\":\"\",\"element_styles_height\":\"\",\"element_styles_width\":\"\",\"element_styles_font-size\":\"\",\"element_styles_margin\":\"\",\"element_styles_padding\":\"\",\"element_styles_display\":\"\",\"element_styles_float\":\"\",\"element_styles_show_advanced_css\":0,\"element_styles_advanced\":\"\",\"cellcid\":\"c3375\",\"custom_name_attribute\":\"email\",\"personally_identifiable\":1,\"value\":\"\",\"drawerDisabled\":false,\"id\":2,\"beforeField\":\"\",\"afterField\":\"\",\"parentType\":\"email\",\"element_templates\":[\"email\",\"input\"],\"old_classname\":\"\",\"wrap_template\":\"wrap\"},{\"objectType\":\"Field\",\"objectDomain\":\"fields\",\"editActive\":false,\"order\":2,\"idAttribute\":\"id\",\"label\":\"Wy\\u015blij\",\"key\":\"wyslij_1640001513358\",\"type\":\"submit\",\"created_at\":\"2021-05-31 16:57:06\",\"processing_label\":\"Wysy\\u0142anie...\",\"container_class\":\"\",\"element_class\":\"\",\"wrap_styles_background-color\":\"\",\"wrap_styles_border\":\"\",\"wrap_styles_border-style\":\"\",\"wrap_styles_border-color\":\"\",\"wrap_styles_color\":\"\",\"wrap_styles_height\":\"\",\"wrap_styles_width\":\"\",\"wrap_styles_font-size\":\"\",\"wrap_styles_margin\":\"\",\"wrap_styles_padding\":\"\",\"wrap_styles_display\":\"\",\"wrap_styles_float\":\"\",\"wrap_styles_show_advanced_css\":0,\"wrap_styles_advanced\":\"\",\"label_styles_background-color\":\"\",\"label_styles_border\":\"\",\"label_styles_border-style\":\"\",\"label_styles_border-color\":\"\",\"label_styles_color\":\"\",\"label_styles_height\":\"\",\"label_styles_width\":\"\",\"label_styles_font-size\":\"\",\"label_styles_margin\":\"\",\"label_styles_padding\":\"\",\"label_styles_display\":\"\",\"label_styles_float\":\"\",\"label_styles_show_advanced_css\":0,\"label_styles_advanced\":\"\",\"element_styles_background-color\":\"\",\"element_styles_border\":\"\",\"element_styles_border-style\":\"\",\"element_styles_border-color\":\"\",\"element_styles_color\":\"\",\"element_styles_height\":\"\",\"element_styles_width\":\"\",\"element_styles_font-size\":\"\",\"element_styles_margin\":\"\",\"element_styles_padding\":\"\",\"element_styles_display\":\"\",\"element_styles_float\":\"\",\"element_styles_show_advanced_css\":0,\"element_styles_advanced\":\"\",\"submit_element_hover_styles_background-color\":\"\",\"submit_element_hover_styles_border\":\"\",\"submit_element_hover_styles_border-style\":\"\",\"submit_element_hover_styles_border-color\":\"\",\"submit_element_hover_styles_color\":\"\",\"submit_element_hover_styles_height\":\"\",\"submit_element_hover_styles_width\":\"\",\"submit_element_hover_styles_font-size\":\"\",\"submit_element_hover_styles_margin\":\"\",\"submit_element_hover_styles_padding\":\"\",\"submit_element_hover_styles_display\":\"\",\"submit_element_hover_styles_float\":\"\",\"submit_element_hover_styles_show_advanced_css\":0,\"submit_element_hover_styles_advanced\":\"\",\"cellcid\":\"c3378\",\"drawerDisabled\":false,\"id\":4,\"beforeField\":\"\",\"afterField\":\"\",\"value\":\"\",\"label_pos\":\"above\",\"parentType\":\"textbox\",\"element_templates\":[\"submit\",\"button\",\"input\"],\"old_classname\":\"\",\"wrap_template\":\"wrap-no-label\"}];nfForms.push(form);<\/script>\n                <script id=\"nf-tmpl-cell\" type=\"text\/template\">\n            <nf-fields><\/nf-fields>\n        <\/script>\n\n        <script id=\"nf-tmpl-row\" type=\"text\/template\">\n            <nf-cells><\/nf-cells>\n        <\/script>\n\n                <\/div>\r\n    <\/div>\r\n    <div class=\"ctaninja-onm ctaninja-onm-1 rbg\"><\/div>\r\n    <div class=\"ctaninja-onm ctaninja-onm-2 rbg\"><\/div>\r\n<\/section>\n\n\n<h2 class=\"wp-block-heading\" id=\"ha-jakie-kolory-sa-modne-w-tym-sezonie\">Jakie kolory s\u0105 modne w tym sezonie?\u00a0<\/h2>\n\n\n\n<p>Jednym z popularniejszych kolor\u00f3w dominuj\u0105cych&nbsp;w ostatnim czasie&nbsp;na weselach jest morska ziele\u0144. Nadaje dystyngowanego charakteru&nbsp;wydarzeniu, a&nbsp;spotka\u0107 j\u0105 mo\u017cna&nbsp;m.in&nbsp;w bi\u017cuterii \u015blubnej, czy w bukietach.&nbsp;&nbsp;<\/p>\n\n\n\n<p>Szaro\u015bci kolejny sezon kr\u00f3luj\u0105 nie tylko na weselach, ale tak\u017ce na wybiegach. Nikogo wi\u0119c ju\u017c nie zdziwi szary garnitur Pana M\u0142odego, czy srebrne dodatki&nbsp;do stroju&nbsp;Panny M\u0142odej.&nbsp;&nbsp;<\/p>\n\n\n\n<p>Romantyczne Panny M\u0142ode z ch\u0119ci\u0105 decyduj\u0105 si\u0119 na delikatne r\u00f3\u017ce. Takie&nbsp;kolory przewodnie wesela&nbsp;jak&nbsp;pudrowy r\u00f3\u017c&nbsp;idealnie&nbsp;wpisuj\u0105&nbsp;si\u0119 w&nbsp;<a href=\"https:\/\/www.koronakarkonoszy.pl\/blog\/cukierkowe-wesele-w-stylu-lat-50\/\" target=\"_blank\" rel=\"noreferrer noopener\">cukierkowe wesele w stylu lat 50.<\/a>&nbsp;Tym bardziej, \u017ce mo\u017cna w podobnej kolorystyce wykona\u0107 nawet s\u0142odko\u015bci serwowane na sto\u0142ach i wykorzysta\u0107 r\u00f3\u017c w&nbsp;torcie, a&nbsp;tak\u017ce&nbsp;doda\u0107 go do&nbsp;lukru&nbsp;zdobi\u0105cego&nbsp;<a href=\"https:\/\/www.koronakarkonoszy.pl\/blog\/slodkie-i-wykwintne-czyli-ciasteczka-na-wesele\/\" target=\"_blank\" rel=\"noreferrer noopener\">ciasteczka na wesele<\/a>.&nbsp;&nbsp;<\/p>\n\n\n\n<p>Czy \u017c\u00f3\u0142ty nada si\u0119&nbsp;jako kolor przewodni&nbsp;wesela? Oczywi\u015bcie, \u017ce&nbsp;tak. W tym sezonie modny jest kolor \u017c\u00f3\u0142ty w odcieniu Green&nbsp;Sheen&nbsp;&#8211;&nbsp;optymistyczny i bardzo odwa\u017cny. Pasuje nie tylko na wesele, kt\u00f3re odbywa si\u0119&nbsp;wiosn\u0105.&nbsp;Nadaje przyj\u0119ciu nutk\u0119 egzotyki.&nbsp;&nbsp;<\/p>\n\n\n\n<h2 class=\"wp-block-heading\" id=\"ha-czy-mozna-laczyc-kolory-przewodnie-wesela\">Czy mo\u017cna \u0142\u0105czy\u0107 kolory przewodnie wesela?\u00a0<\/h2>\n\n\n\n<p>\u0141\u0105czenie kolor\u00f3w przewodnich kieruje si\u0119 swoimi prawami. Nie jest to niemo\u017cliwe, jednak nale\u017cy zna\u0107 umiar. Istniej\u0105 trzy sposoby \u0142\u0105czenia kolor\u00f3w przewodnich. Pierwszy z nich to \u0142\u0105czenie r\u00f3\u017cnych odcieni jednej barwy. R\u00f3\u017cne odcienie czerwieni lub wszystkie mo\u017cliwe odcienie zieleni b\u0119d\u0105 idealnie do siebie pasowa\u0142y.\u00a0<\/p>\n\n\n<section id=\"leonardo-block_61458f571928e\" class=\"leonardo page-breaker leonardo-image-right\">\r\n    <div class=\"leonardo-body\">\r\n                <div class=\"leonardo-content\"><p><span class=\"TextRun SCXW147778340 BCX0\" lang=\"PL\" xml:lang=\"PL\" data-contrast=\"auto\"><span class=\"NormalTextRun SCXW147778340 BCX0\">Inn\u0105 opcj\u0105 jest \u0142\u0105czenie barw na zasadzie kontrastu<\/span><span class=\"NormalTextRun SCXW147778340 BCX0\">.\u00a0<\/span><span class=\"NormalTextRun SCXW147778340 BCX0\">Taki zabieg polega na<\/span><span class=\"NormalTextRun SCXW147778340 BCX0\">\u00a0wprowadzeniu do wystroju jednego, mocnego koloru, kt\u00f3ry nie b\u0119dzie powtarza\u0142 si\u0119\u00a0<\/span><span class=\"NormalTextRun SCXW147778340 BCX0\">zbyt nachalnie<\/span><span class=\"NormalTextRun SCXW147778340 BCX0\">, ale gdy ju\u017c si\u0119 pojawi, wszystkie oczy b\u0119d\u0105 skierowane w jego stron\u0119. Kolory, kt\u00f3re przyci\u0105gaj\u0105 wzrok to czerwie\u0144, wyrazisty \u017c\u00f3\u0142ty lub czarny.\u00a0<\/span><\/span><span class=\"EOP SCXW147778340 BCX0\" data-ccp-props=\"{&quot;201341983&quot;:0,&quot;335559740&quot;:276}\">\u00a0<\/span><\/p>\n<\/div>\r\n                    <aside class=\"leonardo-interlink\">\r\n                <b>Polecamy<\/b>\r\n                <a href=\"https:\/\/www.koronakarkonoszy.pl\/blog\/jak-sie-ubrac-na-wesele-latem\/\">Jak si\u0119 ubra\u0107 na wesele latem?<\/a>\r\n            <\/aside>\r\n            <\/div>\r\n    <div class=\"leonardo-image\">\r\n        <img loading=\"lazy\" decoding=\"async\" width=\"1920\" height=\"1181\" src=\"https:\/\/www.koronakarkonoszy.pl\/blog\/wp-content\/uploads\/2021\/09\/scianka-na-wesele1.jpg\" class=\"attachment-full size-full\" alt=\"\" srcset=\"https:\/\/www.koronakarkonoszy.pl\/blog\/wp-content\/uploads\/2021\/09\/scianka-na-wesele1.jpg 1920w, https:\/\/www.koronakarkonoszy.pl\/blog\/wp-content\/uploads\/2021\/09\/scianka-na-wesele1-300x185.jpg 300w, https:\/\/www.koronakarkonoszy.pl\/blog\/wp-content\/uploads\/2021\/09\/scianka-na-wesele1-1024x630.jpg 1024w, https:\/\/www.koronakarkonoszy.pl\/blog\/wp-content\/uploads\/2021\/09\/scianka-na-wesele1-768x472.jpg 768w, https:\/\/www.koronakarkonoszy.pl\/blog\/wp-content\/uploads\/2021\/09\/scianka-na-wesele1-1536x945.jpg 1536w\" sizes=\"auto, (max-width: 1920px) 100vw, 1920px\" \/>            <\/div>\r\n<\/section>\n\n\n<p>Ciekawym rozwi\u0105zaniem mo\u017ce okaza\u0107 si\u0119 \u0142\u0105czenie podobnych do siebie barw. Bardzo \u0142adnie wygl\u0105daj\u0105 ozdoby sali, gdy&nbsp;<a href=\"https:\/\/www.koronakarkonoszy.pl\/blog\/kolor-przewodni-wesela-fiolet\/\" target=\"_blank\" rel=\"noreferrer noopener\">kolor przewodni wesela fiolet<\/a>&nbsp;przechodzi delikatnie w r\u00f3\u017c. To samo dotyczy br\u0105z\u00f3w i be\u017cy, czy r\u00f3\u017cnych odcieni b\u0142\u0119kitu przechodz\u0105cego w zielony.&nbsp;&nbsp;<\/p>\n\n\n\n<p>Kolory przewodnie wesela nadaj\u0105 mu niepowtarzalnego charakteru. Dzi\u0119ki nim wszystko tworzy sp\u00f3jn\u0105 ca\u0142o\u015b\u0107.&nbsp;Warto&nbsp;wi\u0119c dobrze si\u0119&nbsp;zastanowi\u0107 przed ostatecznym wyborem.&nbsp;&nbsp;&nbsp;<\/p>\n","protected":false},"excerpt":{"rendered":"<p>Je\u015bli chcecie, by Wasze wesele by\u0142o dopi\u0119te na ostatni guzik\u00a0i wszystkie jego cz\u0119\u015bci by\u0142y ze sob\u0105 sp\u00f3jne, warto\u00a0po\u0142\u0105czy\u0107\u00a0wszystkie elementy\u00a0jednym motywem przewodnim.\u00a0Tak\u0105 klamr\u0105 mog\u0105 by\u0107\u00a0okre\u015blone przez Was barwy. Co\u00a0jednak\u00a0zrobi\u0107, by tego\u00a0wa\u017cnego\u00a0dnia kolory przewodnie wesela rz\u0105dzi\u0142y, ale nie przyt\u0142acza\u0142y?\u00a0Podpowiadamy.\u00a0 Do czego s\u0142u\u017c\u0105 kolory przewodnie wesela?\u00a0 Kolor przewodni wesela ma by\u0107&nbsp;\u201epomocnikiem\u201d&nbsp;Pary M\u0142odej. Mo\u017ce by\u0107 obecny w r\u00f3\u017cnych miejscach, [&hellip;]<\/p>\n","protected":false},"author":4,"featured_media":1544,"comment_status":"closed","ping_status":"closed","sticky":false,"template":"","format":"standard","meta":{"_acf_changed":false,"footnotes":""},"categories":[2,8],"class_list":["post-1543","post","type-post","status-publish","format-standard","has-post-thumbnail","hentry","category-porady","category-stylizacje"],"acf":[],"yoast_head":"<!-- This site is optimized with the Yoast SEO plugin v27.5 - https:\/\/yoast.com\/product\/yoast-seo-wordpress\/ -->\n<title>Czym si\u0119 kierowa\u0107, wybieraj\u0105c kolory przewodnie wesela? - :: Blog weselny<\/title>\n<meta name=\"description\" content=\"Co\u00a0zrobi\u0107, by tego\u00a0wa\u017cnego\u00a0dnia kolory przewodnie wesela rz\u0105dzi\u0142y, ale nie przyt\u0142acza\u0142y?\u00a0Jak je umiej\u0119tnie zestawi\u0107? Podpowiadamy.\u00a0\" \/>\n<meta name=\"robots\" content=\"index, follow, max-snippet:-1, max-image-preview:large, max-video-preview:-1\" \/>\n<link rel=\"canonical\" href=\"https:\/\/www.koronakarkonoszy.pl\/blog\/kolory-przewodnie-wesela\/\" \/>\n<meta property=\"og:locale\" content=\"pl_PL\" \/>\n<meta property=\"og:type\" content=\"article\" \/>\n<meta property=\"og:title\" content=\"Czym si\u0119 kierowa\u0107, wybieraj\u0105c kolory przewodnie wesela? - :: Blog weselny\" \/>\n<meta property=\"og:description\" content=\"Co\u00a0zrobi\u0107, by tego\u00a0wa\u017cnego\u00a0dnia kolory przewodnie wesela rz\u0105dzi\u0142y, ale nie przyt\u0142acza\u0142y?\u00a0Jak je umiej\u0119tnie zestawi\u0107? Podpowiadamy.\u00a0\" \/>\n<meta property=\"og:url\" content=\"https:\/\/www.koronakarkonoszy.pl\/blog\/kolory-przewodnie-wesela\/\" \/>\n<meta property=\"og:site_name\" content=\":: Blog weselny\" \/>\n<meta property=\"article:published_time\" content=\"2021-09-16T06:59:00+00:00\" \/>\n<meta property=\"article:modified_time\" content=\"2021-09-18T07:06:20+00:00\" \/>\n<meta property=\"og:image\" content=\"https:\/\/www.koronakarkonoszy.pl\/blog\/wp-content\/uploads\/2021\/09\/kolory-przewodnie-wesela.jpg\" \/>\n\t<meta property=\"og:image:width\" content=\"1280\" \/>\n\t<meta property=\"og:image:height\" content=\"720\" \/>\n\t<meta property=\"og:image:type\" content=\"image\/jpeg\" \/>\n<meta name=\"author\" content=\"Maria Szruba\" \/>\n<meta name=\"twitter:card\" content=\"summary_large_image\" \/>\n<meta name=\"twitter:label1\" content=\"Napisane przez\" \/>\n\t<meta name=\"twitter:data1\" content=\"Maria Szruba\" \/>\n\t<meta name=\"twitter:label2\" content=\"Szacowany czas czytania\" \/>\n\t<meta name=\"twitter:data2\" content=\"3 minuty\" \/>\n<script type=\"application\/ld+json\" class=\"yoast-schema-graph\">{\"@context\":\"https:\\\/\\\/schema.org\",\"@graph\":[{\"@type\":\"Article\",\"@id\":\"https:\\\/\\\/www.koronakarkonoszy.pl\\\/blog\\\/kolory-przewodnie-wesela\\\/#article\",\"isPartOf\":{\"@id\":\"https:\\\/\\\/www.koronakarkonoszy.pl\\\/blog\\\/kolory-przewodnie-wesela\\\/\"},\"author\":{\"name\":\"Maria Szruba\",\"@id\":\"https:\\\/\\\/www.koronakarkonoszy.pl\\\/blog\\\/#\\\/schema\\\/person\\\/c3d9d467cc9af49e50c67be561c643eb\"},\"headline\":\"Czym si\u0119 kierowa\u0107, wybieraj\u0105c kolory przewodnie wesela?\",\"datePublished\":\"2021-09-16T06:59:00+00:00\",\"dateModified\":\"2021-09-18T07:06:20+00:00\",\"mainEntityOfPage\":{\"@id\":\"https:\\\/\\\/www.koronakarkonoszy.pl\\\/blog\\\/kolory-przewodnie-wesela\\\/\"},\"wordCount\":899,\"image\":{\"@id\":\"https:\\\/\\\/www.koronakarkonoszy.pl\\\/blog\\\/kolory-przewodnie-wesela\\\/#primaryimage\"},\"thumbnailUrl\":\"https:\\\/\\\/www.koronakarkonoszy.pl\\\/blog\\\/wp-content\\\/uploads\\\/2021\\\/09\\\/kolory-przewodnie-wesela.jpg\",\"articleSection\":[\"Porady\",\"Stylizacje\"],\"inLanguage\":\"pl-PL\"},{\"@type\":\"WebPage\",\"@id\":\"https:\\\/\\\/www.koronakarkonoszy.pl\\\/blog\\\/kolory-przewodnie-wesela\\\/\",\"url\":\"https:\\\/\\\/www.koronakarkonoszy.pl\\\/blog\\\/kolory-przewodnie-wesela\\\/\",\"name\":\"Czym si\u0119 kierowa\u0107, wybieraj\u0105c kolory przewodnie wesela? - :: Blog weselny\",\"isPartOf\":{\"@id\":\"https:\\\/\\\/www.koronakarkonoszy.pl\\\/blog\\\/#website\"},\"primaryImageOfPage\":{\"@id\":\"https:\\\/\\\/www.koronakarkonoszy.pl\\\/blog\\\/kolory-przewodnie-wesela\\\/#primaryimage\"},\"image\":{\"@id\":\"https:\\\/\\\/www.koronakarkonoszy.pl\\\/blog\\\/kolory-przewodnie-wesela\\\/#primaryimage\"},\"thumbnailUrl\":\"https:\\\/\\\/www.koronakarkonoszy.pl\\\/blog\\\/wp-content\\\/uploads\\\/2021\\\/09\\\/kolory-przewodnie-wesela.jpg\",\"datePublished\":\"2021-09-16T06:59:00+00:00\",\"dateModified\":\"2021-09-18T07:06:20+00:00\",\"author\":{\"@id\":\"https:\\\/\\\/www.koronakarkonoszy.pl\\\/blog\\\/#\\\/schema\\\/person\\\/c3d9d467cc9af49e50c67be561c643eb\"},\"description\":\"Co\u00a0zrobi\u0107, by tego\u00a0wa\u017cnego\u00a0dnia kolory przewodnie wesela rz\u0105dzi\u0142y, ale nie przyt\u0142acza\u0142y?\u00a0Jak je umiej\u0119tnie zestawi\u0107? Podpowiadamy.\u00a0\",\"breadcrumb\":{\"@id\":\"https:\\\/\\\/www.koronakarkonoszy.pl\\\/blog\\\/kolory-przewodnie-wesela\\\/#breadcrumb\"},\"inLanguage\":\"pl-PL\",\"potentialAction\":[{\"@type\":\"ReadAction\",\"target\":[\"https:\\\/\\\/www.koronakarkonoszy.pl\\\/blog\\\/kolory-przewodnie-wesela\\\/\"]}]},{\"@type\":\"ImageObject\",\"inLanguage\":\"pl-PL\",\"@id\":\"https:\\\/\\\/www.koronakarkonoszy.pl\\\/blog\\\/kolory-przewodnie-wesela\\\/#primaryimage\",\"url\":\"https:\\\/\\\/www.koronakarkonoszy.pl\\\/blog\\\/wp-content\\\/uploads\\\/2021\\\/09\\\/kolory-przewodnie-wesela.jpg\",\"contentUrl\":\"https:\\\/\\\/www.koronakarkonoszy.pl\\\/blog\\\/wp-content\\\/uploads\\\/2021\\\/09\\\/kolory-przewodnie-wesela.jpg\",\"width\":1280,\"height\":720,\"caption\":\"Czym si\u0119 kierowa\u0107, wybieraj\u0105c kolory przewodnie wesela?\"},{\"@type\":\"BreadcrumbList\",\"@id\":\"https:\\\/\\\/www.koronakarkonoszy.pl\\\/blog\\\/kolory-przewodnie-wesela\\\/#breadcrumb\",\"itemListElement\":[{\"@type\":\"ListItem\",\"position\":1,\"name\":\"Strona g\u0142\u00f3wna\",\"item\":\"https:\\\/\\\/www.koronakarkonoszy.pl\\\/blog\\\/\"},{\"@type\":\"ListItem\",\"position\":2,\"name\":\"Czym si\u0119 kierowa\u0107, wybieraj\u0105c kolory przewodnie wesela?\"}]},{\"@type\":\"WebSite\",\"@id\":\"https:\\\/\\\/www.koronakarkonoszy.pl\\\/blog\\\/#website\",\"url\":\"https:\\\/\\\/www.koronakarkonoszy.pl\\\/blog\\\/\",\"name\":\":: Blog weselny\",\"description\":\"Blog weselny Dw\u00f3r Korona Karkonoszy\",\"potentialAction\":[{\"@type\":\"SearchAction\",\"target\":{\"@type\":\"EntryPoint\",\"urlTemplate\":\"https:\\\/\\\/www.koronakarkonoszy.pl\\\/blog\\\/?s={search_term_string}\"},\"query-input\":{\"@type\":\"PropertyValueSpecification\",\"valueRequired\":true,\"valueName\":\"search_term_string\"}}],\"inLanguage\":\"pl-PL\"},{\"@type\":\"Person\",\"@id\":\"https:\\\/\\\/www.koronakarkonoszy.pl\\\/blog\\\/#\\\/schema\\\/person\\\/c3d9d467cc9af49e50c67be561c643eb\",\"name\":\"Maria Szruba\",\"image\":{\"@type\":\"ImageObject\",\"inLanguage\":\"pl-PL\",\"@id\":\"https:\\\/\\\/www.koronakarkonoszy.pl\\\/blog\\\/wp-content\\\/litespeed\\\/avatar\\\/d0fe7fde2b2277621e0a2904789bab14.jpg?ver=1777440145\",\"url\":\"https:\\\/\\\/www.koronakarkonoszy.pl\\\/blog\\\/wp-content\\\/litespeed\\\/avatar\\\/d0fe7fde2b2277621e0a2904789bab14.jpg?ver=1777440145\",\"contentUrl\":\"https:\\\/\\\/www.koronakarkonoszy.pl\\\/blog\\\/wp-content\\\/litespeed\\\/avatar\\\/d0fe7fde2b2277621e0a2904789bab14.jpg?ver=1777440145\",\"caption\":\"Maria Szruba\"},\"url\":\"https:\\\/\\\/www.koronakarkonoszy.pl\\\/blog\\\/author\\\/m-szruba\\\/\"}]}<\/script>\n<!-- \/ Yoast SEO plugin. -->","yoast_head_json":{"title":"Czym si\u0119 kierowa\u0107, wybieraj\u0105c kolory przewodnie wesela? - :: Blog weselny","description":"Co\u00a0zrobi\u0107, by tego\u00a0wa\u017cnego\u00a0dnia kolory przewodnie wesela rz\u0105dzi\u0142y, ale nie przyt\u0142acza\u0142y?\u00a0Jak je umiej\u0119tnie zestawi\u0107? Podpowiadamy.\u00a0","robots":{"index":"index","follow":"follow","max-snippet":"max-snippet:-1","max-image-preview":"max-image-preview:large","max-video-preview":"max-video-preview:-1"},"canonical":"https:\/\/www.koronakarkonoszy.pl\/blog\/kolory-przewodnie-wesela\/","og_locale":"pl_PL","og_type":"article","og_title":"Czym si\u0119 kierowa\u0107, wybieraj\u0105c kolory przewodnie wesela? - :: Blog weselny","og_description":"Co\u00a0zrobi\u0107, by tego\u00a0wa\u017cnego\u00a0dnia kolory przewodnie wesela rz\u0105dzi\u0142y, ale nie przyt\u0142acza\u0142y?\u00a0Jak je umiej\u0119tnie zestawi\u0107? Podpowiadamy.\u00a0","og_url":"https:\/\/www.koronakarkonoszy.pl\/blog\/kolory-przewodnie-wesela\/","og_site_name":":: Blog weselny","article_published_time":"2021-09-16T06:59:00+00:00","article_modified_time":"2021-09-18T07:06:20+00:00","og_image":[{"width":1280,"height":720,"url":"https:\/\/www.koronakarkonoszy.pl\/blog\/wp-content\/uploads\/2021\/09\/kolory-przewodnie-wesela.jpg","type":"image\/jpeg"}],"author":"Maria Szruba","twitter_card":"summary_large_image","twitter_misc":{"Napisane przez":"Maria Szruba","Szacowany czas czytania":"3 minuty"},"schema":{"@context":"https:\/\/schema.org","@graph":[{"@type":"Article","@id":"https:\/\/www.koronakarkonoszy.pl\/blog\/kolory-przewodnie-wesela\/#article","isPartOf":{"@id":"https:\/\/www.koronakarkonoszy.pl\/blog\/kolory-przewodnie-wesela\/"},"author":{"name":"Maria Szruba","@id":"https:\/\/www.koronakarkonoszy.pl\/blog\/#\/schema\/person\/c3d9d467cc9af49e50c67be561c643eb"},"headline":"Czym si\u0119 kierowa\u0107, wybieraj\u0105c kolory przewodnie wesela?","datePublished":"2021-09-16T06:59:00+00:00","dateModified":"2021-09-18T07:06:20+00:00","mainEntityOfPage":{"@id":"https:\/\/www.koronakarkonoszy.pl\/blog\/kolory-przewodnie-wesela\/"},"wordCount":899,"image":{"@id":"https:\/\/www.koronakarkonoszy.pl\/blog\/kolory-przewodnie-wesela\/#primaryimage"},"thumbnailUrl":"https:\/\/www.koronakarkonoszy.pl\/blog\/wp-content\/uploads\/2021\/09\/kolory-przewodnie-wesela.jpg","articleSection":["Porady","Stylizacje"],"inLanguage":"pl-PL"},{"@type":"WebPage","@id":"https:\/\/www.koronakarkonoszy.pl\/blog\/kolory-przewodnie-wesela\/","url":"https:\/\/www.koronakarkonoszy.pl\/blog\/kolory-przewodnie-wesela\/","name":"Czym si\u0119 kierowa\u0107, wybieraj\u0105c kolory przewodnie wesela? - :: Blog weselny","isPartOf":{"@id":"https:\/\/www.koronakarkonoszy.pl\/blog\/#website"},"primaryImageOfPage":{"@id":"https:\/\/www.koronakarkonoszy.pl\/blog\/kolory-przewodnie-wesela\/#primaryimage"},"image":{"@id":"https:\/\/www.koronakarkonoszy.pl\/blog\/kolory-przewodnie-wesela\/#primaryimage"},"thumbnailUrl":"https:\/\/www.koronakarkonoszy.pl\/blog\/wp-content\/uploads\/2021\/09\/kolory-przewodnie-wesela.jpg","datePublished":"2021-09-16T06:59:00+00:00","dateModified":"2021-09-18T07:06:20+00:00","author":{"@id":"https:\/\/www.koronakarkonoszy.pl\/blog\/#\/schema\/person\/c3d9d467cc9af49e50c67be561c643eb"},"description":"Co\u00a0zrobi\u0107, by tego\u00a0wa\u017cnego\u00a0dnia kolory przewodnie wesela rz\u0105dzi\u0142y, ale nie przyt\u0142acza\u0142y?\u00a0Jak je umiej\u0119tnie zestawi\u0107? Podpowiadamy.\u00a0","breadcrumb":{"@id":"https:\/\/www.koronakarkonoszy.pl\/blog\/kolory-przewodnie-wesela\/#breadcrumb"},"inLanguage":"pl-PL","potentialAction":[{"@type":"ReadAction","target":["https:\/\/www.koronakarkonoszy.pl\/blog\/kolory-przewodnie-wesela\/"]}]},{"@type":"ImageObject","inLanguage":"pl-PL","@id":"https:\/\/www.koronakarkonoszy.pl\/blog\/kolory-przewodnie-wesela\/#primaryimage","url":"https:\/\/www.koronakarkonoszy.pl\/blog\/wp-content\/uploads\/2021\/09\/kolory-przewodnie-wesela.jpg","contentUrl":"https:\/\/www.koronakarkonoszy.pl\/blog\/wp-content\/uploads\/2021\/09\/kolory-przewodnie-wesela.jpg","width":1280,"height":720,"caption":"Czym si\u0119 kierowa\u0107, wybieraj\u0105c kolory przewodnie wesela?"},{"@type":"BreadcrumbList","@id":"https:\/\/www.koronakarkonoszy.pl\/blog\/kolory-przewodnie-wesela\/#breadcrumb","itemListElement":[{"@type":"ListItem","position":1,"name":"Strona g\u0142\u00f3wna","item":"https:\/\/www.koronakarkonoszy.pl\/blog\/"},{"@type":"ListItem","position":2,"name":"Czym si\u0119 kierowa\u0107, wybieraj\u0105c kolory przewodnie wesela?"}]},{"@type":"WebSite","@id":"https:\/\/www.koronakarkonoszy.pl\/blog\/#website","url":"https:\/\/www.koronakarkonoszy.pl\/blog\/","name":":: Blog weselny","description":"Blog weselny Dw\u00f3r Korona Karkonoszy","potentialAction":[{"@type":"SearchAction","target":{"@type":"EntryPoint","urlTemplate":"https:\/\/www.koronakarkonoszy.pl\/blog\/?s={search_term_string}"},"query-input":{"@type":"PropertyValueSpecification","valueRequired":true,"valueName":"search_term_string"}}],"inLanguage":"pl-PL"},{"@type":"Person","@id":"https:\/\/www.koronakarkonoszy.pl\/blog\/#\/schema\/person\/c3d9d467cc9af49e50c67be561c643eb","name":"Maria Szruba","image":{"@type":"ImageObject","inLanguage":"pl-PL","@id":"https:\/\/www.koronakarkonoszy.pl\/blog\/wp-content\/litespeed\/avatar\/d0fe7fde2b2277621e0a2904789bab14.jpg?ver=1777440145","url":"https:\/\/www.koronakarkonoszy.pl\/blog\/wp-content\/litespeed\/avatar\/d0fe7fde2b2277621e0a2904789bab14.jpg?ver=1777440145","contentUrl":"https:\/\/www.koronakarkonoszy.pl\/blog\/wp-content\/litespeed\/avatar\/d0fe7fde2b2277621e0a2904789bab14.jpg?ver=1777440145","caption":"Maria Szruba"},"url":"https:\/\/www.koronakarkonoszy.pl\/blog\/author\/m-szruba\/"}]}},"_links":{"self":[{"href":"https:\/\/www.koronakarkonoszy.pl\/blog\/wp-json\/wp\/v2\/posts\/1543","targetHints":{"allow":["GET"]}}],"collection":[{"href":"https:\/\/www.koronakarkonoszy.pl\/blog\/wp-json\/wp\/v2\/posts"}],"about":[{"href":"https:\/\/www.koronakarkonoszy.pl\/blog\/wp-json\/wp\/v2\/types\/post"}],"author":[{"embeddable":true,"href":"https:\/\/www.koronakarkonoszy.pl\/blog\/wp-json\/wp\/v2\/users\/4"}],"replies":[{"embeddable":true,"href":"https:\/\/www.koronakarkonoszy.pl\/blog\/wp-json\/wp\/v2\/comments?post=1543"}],"version-history":[{"count":0,"href":"https:\/\/www.koronakarkonoszy.pl\/blog\/wp-json\/wp\/v2\/posts\/1543\/revisions"}],"wp:featuredmedia":[{"embeddable":true,"href":"https:\/\/www.koronakarkonoszy.pl\/blog\/wp-json\/wp\/v2\/media\/1544"}],"wp:attachment":[{"href":"https:\/\/www.koronakarkonoszy.pl\/blog\/wp-json\/wp\/v2\/media?parent=1543"}],"wp:term":[{"taxonomy":"category","embeddable":true,"href":"https:\/\/www.koronakarkonoszy.pl\/blog\/wp-json\/wp\/v2\/categories?post=1543"}],"curies":[{"name":"wp","href":"https:\/\/api.w.org\/{rel}","templated":true}]}}