{"id":1494,"date":"2020-09-17T18:03:00","date_gmt":"2020-09-17T16:03:00","guid":{"rendered":"https:\/\/www.koronakarkonoszy.pl\/blog\/?p=1494"},"modified":"2021-11-25T22:10:20","modified_gmt":"2021-11-25T21:10:20","slug":"kwiaty-na-slub-i-wesele-jak-wybrac-dobra-kwiaciarnie","status":"publish","type":"post","link":"https:\/\/www.koronakarkonoszy.pl\/blog\/kwiaty-na-slub-i-wesele-jak-wybrac-dobra-kwiaciarnie\/","title":{"rendered":"Kwiaty na \u015blub i wesele &#8211; jak wybra\u0107 dobr\u0105 kwiaciarni\u0119?"},"content":{"rendered":"\n<p><strong>Dobra kwiaciarnia pomo\u017ce Ci pi\u0119knie ozdobi\u0107 wyj\u0105tkow\u0105 okoliczno\u015b\u0107 za\u015blubin i ceremonii weselnej. Odpowiednio dobrane kwiaty na \u015blub nadadz\u0105 niepowtarzalnego charakteru zar\u00f3wno Parze M\u0142odej, jaki i miejscu uroczysto\u015bci. Doskonale udekorowana sala zachwyci wszystkich go\u015bci, a Parze M\u0142odej doda wyj\u0105tkowo\u015bci i jeszcze wi\u0119cej przyjemno\u015bci w tym wymarzonym dniu. Co zrobi\u0107, aby wi\u0105zanka \u015blubna pasowa\u0142a do Panny M\u0142odej pod ka\u017cdym wzgl\u0119dem? A kwiaty na wesele by\u0142y jedyne w swoim rodzaju?<\/strong><\/p>\n\n\n<div id=\"ariadna-block_613a392c02de5\" class=\"ariadna\">\r\n    <ul><li><a href=\"#h-kwiaty-na-lub\">Kwiaty na \u015blub<\/a><\/li><li><a href=\"#h-kwiaty-na-lub-kwiaciarnia-czy-dekorator\">Kwiaty na \u015blub \u2013 kwiaciarnia czy dekorator?<\/a><\/li><li><a href=\"#h-kwiaty-na-lub-jak-zaoszcz-dzi\">Kwiaty na \u015blub \u2013 jak zaoszcz\u0119dzi\u0107?<\/a><\/li><\/ul>\r\n<\/div>\r\n\r\n\r\n\r\n\n\n\n<h2 class=\"wp-block-heading\" id=\"h-kwiaty-na-lub\"><strong>Kwiaty na \u015blub<\/strong><\/h2>\n\n\n\n<p>Wyboru w\u0142a\u015bciwej kwiaciarni lub dekoratorki nie odk\u0142adajmy na ostatnio chwil\u0119 \u2013 kwiaty na \u015blub to dosy\u0107 wa\u017cny element przygotowa\u0144. Moment, w kt\u00f3rym powinni\u015bmy zainteresowa\u0107 si\u0119 t\u0105 kwesti\u0105 to&nbsp;<strong>p\u00f3\u0142 roku do 2 miesi\u0119cy przed planowan\u0105 dat\u0105 \u015blubu.<\/strong>&nbsp;Dodatkowym argumentem za tym, aby zdecydowa\u0107 si\u0119 na dan\u0105 kwiaciarni\u0119 wcze\u015bniej, jest mo\u017cliwo\u015b\u0107 uzyskania atrakcyjnych cen i rabat\u00f3w oraz wi\u0119ksze rozeznanie w temacie. Bardzo cz\u0119sto istnieje mo\u017cliwo\u015b\u0107 zapewnienia kwiat\u00f3w przez <a href=\"https:\/\/www.koronakarkonoszy.pl\/sala-weselna\/\">sal\u0119 weseln\u0105<\/a> we wsp\u00f3\u0142pracy z zaprzyja\u017anion\u0105 kwiaciarni\u0105 czy firm\u0105, kt\u00f3ra dekoruje sal\u0119. W\u00f3wczas koszt le\u017cy po stronie Sali weselnej, kt\u00f3ra zazwyczaj dolicza go do og\u00f3lnego rachunku.<\/p>\n\n\n<section id=\"leonardo-block_613a398902de6\" class=\"leonardo page-breaker leonardo-image-left\">\r\n    <div class=\"leonardo-body\">\r\n                <div class=\"leonardo-content\"><p>W tej sprawie radzi nasza ekspertka weselna, Joanna Hoc-Kopiej: &#8222;W szczeg\u00f3lno\u015bci powinni\u015bmy zwr\u00f3ci\u0107 uwag\u0119 na specjalizacj\u0119 \u015blubn\u0105 kwiaciarni oraz\u00a0<strong>szeroki zakres us\u0142ug<\/strong>, jak: bukiety i <a href=\"https:\/\/www.koronakarkonoszy.pl\/blog\/wiazanki-slubne-zawsze-modne\/\">wi\u0105zanki \u015blubne<\/a>, butonierki dla Pana M\u0142odego, dekoracje kwiatowe na st\u00f3\u0142, do ko\u015bcio\u0142a oraz kwiaty na samoch\u00f3d. Sprawd\u017amy, czy jest mo\u017cliwo\u015b\u0107 indywidualnego spotkania oraz wyboru oprawy kwiatowej \u201eszytej na miar\u0119\u201d. Warto rozwa\u017cy\u0107\u00a0opcj\u0119\u00a0<strong>internetowych kwiaciarni<\/strong>\u00a0\u2013 dzi\u0119ki temu mo\u017cemy uzyska\u0107 bardziej atrakcyjne ceny oraz wi\u0119kszy wyb\u00f3r. Pami\u0119tajmy jednak, aby bra\u0107 pod uwag\u0119 jedynie miejsca sprawdzone, z pozytywnymi opiniami innych u\u017cytkownik\u00f3w&#8221; &#8211; podkre\u015bla Joanna Hoc-Kopiej.<\/p>\n<\/div>\r\n            <\/div>\r\n    <div class=\"leonardo-image\">\r\n        <img loading=\"lazy\" decoding=\"async\" width=\"800\" height=\"534\" src=\"https:\/\/www.koronakarkonoszy.pl\/blog\/wp-content\/uploads\/2021\/09\/wiosna_-_wesele.jpg\" class=\"attachment-full size-full\" alt=\"wiosna wesele\" srcset=\"https:\/\/www.koronakarkonoszy.pl\/blog\/wp-content\/uploads\/2021\/09\/wiosna_-_wesele.jpg 800w, https:\/\/www.koronakarkonoszy.pl\/blog\/wp-content\/uploads\/2021\/09\/wiosna_-_wesele-300x200.jpg 300w, https:\/\/www.koronakarkonoszy.pl\/blog\/wp-content\/uploads\/2021\/09\/wiosna_-_wesele-768x513.jpg 768w\" sizes=\"auto, (max-width: 800px) 100vw, 800px\" \/>            <\/div>\r\n<\/section>\n\n\n<h2 class=\"wp-block-heading\" id=\"h-kwiaty-na-lub-kwiaciarnia-czy-dekorator\"><strong>Kwiaty na \u015blub \u2013 kwiaciarnia czy dekorator?<\/strong><\/h2>\n\n\n\n<p>Czym r\u00f3\u017cni si\u0119 us\u0142uga florysty od us\u0142ug profesjonalnej dekoratorki? Florysta to osoba, kt\u00f3ra tworzy wyj\u0105tkowe kompozycje kwiatowe. Zapewni wi\u0119c pi\u0119kn\u0105 wi\u0105zank\u0119 \u015blubn\u0105, bukieciki do butonierki, opraw\u0119 kwiatow\u0105 samochodu, bukiety na sto\u0142y weselne, a nawet bukiety na podzi\u0119kowania dla rodzic\u00f3w. Wszystko to, co stworzy florysta, nale\u017cy odebra\u0107 z kwiaciarni i umiejscowi\u0107 ca\u0142kowicie samodzielnie. Chyba \u017ce inaczej dogadamy si\u0119 z kwiaciarni\u0105, co zwykle wi\u0105\u017ce si\u0119 z dodatkow\u0105 op\u0142at\u0105.<\/p>\n\n\n\n<p>Natomiast dekorator to osoba, kt\u00f3ra zajmie si\u0119 kompleksow\u0105 opraw\u0105 \u015blubu i wesela, zar\u00f3wno w kwestii kwiat\u00f3w, jak i innych dekoracji. Dekorator zajmie si\u0119 nie tylko bukietami, ale tak\u017ce <a href=\"https:\/\/www.koronakarkonoszy.pl\/blog\/modne-dekoracje-sali-weselnej-jak-to-osiagnac\/\">dekoracj\u0105 Sali weselnej<\/a>, ko\u015bcio\u0142a, domu Pary M\u0142odej, samochodu i wszelkich miejsc, w kt\u00f3rych b\u0119d\u0105 tego dnia odbywa\u0142y si\u0119 wszelkie tradycyjne obrz\u0119dy. Dekorator pozyskuje kwiaty do kompozycji z hurtowni. Para M\u0142oda nie musi wi\u0119c martwi\u0107 si\u0119 nie tylko o dostarczenie kwiat\u00f3w. Oddaje dekoratorowi ich ulokowanie i opraw\u0119 otoczenia &#8211; sto\u0142\u00f3w czy \u015bcianki za Par\u0105 M\u0142od\u0105. Za tak\u0105 kompleksow\u0105 us\u0142ug\u0119 trzeba jednak zap\u0142aci\u0107 znacznie wi\u0119cej ni\u017c flory\u015bcie.<\/p>\n\n\n<section id=\"leonardo-block_613a39cb02de7\" class=\"leonardo page-breaker leonardo-image-right\">\r\n    <div class=\"leonardo-body\">\r\n                <div class=\"leonardo-content\"><p>W zale\u017cno\u015bci od naszych potrzeb mo\u017cemy sami wybra\u0107 kolor i rodzaj kwiat\u00f3w lub\u00a0<strong>zda\u0107 si\u0119 na fachow\u0105 opini\u0119 florystki.<\/strong>\u00a0Wi\u0105zank\u0119 dla Panny M\u0142odej dobieramy wzgl\u0119dem typu urody, wzrostu, fryzury, koloru w\u0142os\u00f3w i sukni. Je\u015bli chcemy, aby do\u015bwiadczona florystyka wybra\u0142a dla nas bukiet \u015blubny, powinna wzi\u0105\u0107 pod uwag\u0119 te w\u0142a\u015bnie aspekty. To samo dotyczy sali weselnej, samochodu etc. Upewnijmy si\u0119 czy w upatrzonej kwiaciarni pracuj\u0105 profesjonali\u015bci. \u0179le dopasowane kolory sprawi\u0105, \u017ce nasza wi\u0105zanka b\u0119dzie niewidoczna lub nie b\u0119dzie si\u0119 dobrze prezentowa\u0142a, a ca\u0142a koncepcja oprawy kwiatowej p\u00f3jdzie na marne. Jednocze\u015bnie powinni\u015bmy wzi\u0105\u0107 pod uwag\u0119 jeszcze jedn\u0105 bardzo wa\u017cn\u0105 kwesti\u0119, zwi\u0105zan\u0105 z kwiatami, a mianowicie upodobania Panny M\u0142odej oraz Pana M\u0142odego. By\u0107 mo\u017ce maj\u0105 oni jaki\u015b gatunek kwiat\u00f3w, kt\u00f3ry jest szczeg\u00f3lnie bliski ich sercu. W\u00f3wczas powinno by\u0107 to wzi\u0119te pod uwag\u0119 przez floryst\u0119 przy komponowaniu bukiet\u00f3w.<\/p>\n<\/div>\r\n            <\/div>\r\n    <div class=\"leonardo-image\">\r\n        <img loading=\"lazy\" decoding=\"async\" width=\"800\" height=\"534\" src=\"https:\/\/www.koronakarkonoszy.pl\/blog\/wp-content\/uploads\/2021\/09\/baloniki_na_weselu__9_.jpg\" class=\"attachment-full size-full\" alt=\"baloniki na weselu\" srcset=\"https:\/\/www.koronakarkonoszy.pl\/blog\/wp-content\/uploads\/2021\/09\/baloniki_na_weselu__9_.jpg 800w, https:\/\/www.koronakarkonoszy.pl\/blog\/wp-content\/uploads\/2021\/09\/baloniki_na_weselu__9_-300x200.jpg 300w, https:\/\/www.koronakarkonoszy.pl\/blog\/wp-content\/uploads\/2021\/09\/baloniki_na_weselu__9_-768x513.jpg 768w\" sizes=\"auto, (max-width: 800px) 100vw, 800px\" \/>            <\/div>\r\n<\/section>\n\n\n<p><strong>Pami\u0119tajmy o sezonowo\u015bci. W r\u00f3\u017cnych miesi\u0105cach te same kwiaty mog\u0105 by\u0107 znacznie dro\u017csze. Wszystkie ustalenia z kwiaciarni\u0105 zawierajmy w formie pisemnej. Czas przygotowa\u0144 sali weselnej, zakres czynno\u015bci, musimy zawrze\u0107 w umowie.&nbsp;<\/strong><\/p>\n\n\n\n<h2 class=\"wp-block-heading\" id=\"h-kwiaty-na-lub-jak-zaoszcz-dzi\"><strong>Kwiaty na \u015blub \u2013 jak zaoszcz\u0119dzi\u0107?<\/strong><\/h2>\n\n\n\n<p>Kwiaty na \u015blub to kosztowna sprawa \u2013 czasem musimy zap\u0142aci\u0107 za wi\u0105zanki nawet 2,5 tys. z\u0142otych, a przy gatunkach egzotycznych, takich jak np. Falenopsis, ta kwota wzrasta z ka\u017cdym p\u0119dem.<\/p>\n\n\n\n<p>&nbsp;Je\u015bli kwestia wi\u0105zanek \u015blubnych przerasta nasze mo\u017cliwo\u015bci finansowe, warto zwr\u00f3ci\u0107 uwag\u0119 na alternatywy, kt\u00f3re mog\u0105 uratowa\u0107 nasz bud\u017cet. Gdy doskonale wiemy, \u017ce nie sta\u0107 nas na wybrany gatunek kwiat\u00f3w, mo\u017cemy zastosowa\u0107 pewne triki dekoratorskie, mianowicie postawi\u0107 na zielone dodatki. D\u0142ugie palmy lub du\u017ce li\u015bcie monstery s\u0105 absolutnym hitem ostatnich lat, w zwi\u0105zku z tym wiele Par M\u0142odych wybiera te ro\u015bliny do swoich bukiet\u00f3w. W wielu efektownych, lecz oszcz\u0119dnych bukietach, te ro\u015bliny przewa\u017caj\u0105 inne gatunki, a kwiaty s\u0105 wkomponowane w ograniczonej ilo\u015bci. Opr\u00f3cz tego, mo\u017cemy zastosowa\u0107 tak\u017ce du\u017ce hortensje \u2013 potrzeba ich ma\u0142o, a sam kwiatostan jest wyj\u0105tkowo du\u017cy i bardzo efektowny. Ju\u017c 3 hortensje wplecione w bukiet li\u015bci, zast\u0119puje wiele mniejszych kwiat\u00f3w eustomy, peonii czy r\u00f3\u017cy.&nbsp;<\/p>\n\n\n\n<p>Gdy uroczysto\u015b\u0107 organizowana jest np. jesieni\u0105, \u015bwietnym pomys\u0142em b\u0119dzie zastosowanie do dekoracji kwiat\u00f3w doniczkowych, takich jak wrzosy. To prawdziwa moda, kt\u00f3ra wesz\u0142a do bran\u017cy weselnej przy okazji organizowania wesel w stylu rustykalnym. Ta ro\u015blina idealnie komponuje si\u0119 z surowym drewnem i blaskiem \u017cywych \u015bwiec. Sprawdzi si\u0119 wi\u0119c doskonale do tego typu dekoracji. Z wrzosami kwiaty na \u015blub przestaj\u0105 by\u0107 du\u017cym wydatkiem, poniewa\u017c koszt jednej, bardzo g\u0119stej i efektownej doniczki to oko\u0142o 7 z\u0142 w hurtowni kwiatowej.<br>Na koniec wa\u017cna uwaga: nie sugerujmy si\u0119 jedynie przej\u015bciow\u0105 mod\u0105 i upodobaniem do danego gatunku kwiat\u00f3w. Pami\u0119tajmy, \u017ce najwa\u017cniejsze jest, aby kwiaty by\u0142y estetyczne,&nbsp;<strong>pasowa\u0142y do nas i pi\u0119knie si\u0119 komponowa\u0142y z otoczeniem!&nbsp;<\/strong>Je\u015bli we\u017amiemy pod uwag\u0119 te czynniki, wybrane przez nas kompozycje kwiatowe, b\u0119d\u0105 stanowi\u0142y pi\u0119kne dope\u0142nienie \u015blubu, ca\u0142ej ceremonii weselnej oraz str\u00f3j, w jakim b\u0119dzie tego dnia M\u0142oda Para.<\/p>\n","protected":false},"excerpt":{"rendered":"<p>Dobra kwiaciarnia pomo\u017ce Ci pi\u0119knie ozdobi\u0107 wyj\u0105tkow\u0105 okoliczno\u015b\u0107 za\u015blubin i ceremonii weselnej. Odpowiednio dobrane kwiaty na \u015blub nadadz\u0105 niepowtarzalnego charakteru zar\u00f3wno Parze M\u0142odej, jaki i miejscu uroczysto\u015bci. Doskonale udekorowana sala zachwyci wszystkich go\u015bci, a Parze M\u0142odej doda wyj\u0105tkowo\u015bci i jeszcze wi\u0119cej przyjemno\u015bci w tym wymarzonym dniu. Co zrobi\u0107, aby wi\u0105zanka \u015blubna pasowa\u0142a do Panny M\u0142odej [&hellip;]<\/p>\n","protected":false},"author":11,"featured_media":1495,"comment_status":"closed","ping_status":"closed","sticky":false,"template":"","format":"standard","meta":{"_acf_changed":false,"footnotes":""},"categories":[2],"class_list":["post-1494","post","type-post","status-publish","format-standard","has-post-thumbnail","hentry","category-porady"],"acf":[],"yoast_head":"<!-- This site is optimized with the Yoast SEO plugin v27.4 - https:\/\/yoast.com\/product\/yoast-seo-wordpress\/ -->\n<title>Kwiaty na \u015blub i wesele - jak wybra\u0107 dobr\u0105 kwiaciarni\u0119? - :: Blog weselny<\/title>\n<meta name=\"description\" content=\"Odpowiednio dobrane kwiaty na \u015blub nadadz\u0105 niepowtarzalnego charakteru zar\u00f3wno Parze M\u0142odej, jaki i miejscu uroczysto\u015bci.\" \/>\n<meta name=\"robots\" content=\"index, follow, max-snippet:-1, max-image-preview:large, max-video-preview:-1\" \/>\n<link rel=\"canonical\" href=\"https:\/\/www.koronakarkonoszy.pl\/blog\/kwiaty-na-slub-i-wesele-jak-wybrac-dobra-kwiaciarnie\/\" \/>\n<meta property=\"og:locale\" content=\"pl_PL\" \/>\n<meta property=\"og:type\" content=\"article\" \/>\n<meta property=\"og:title\" content=\"Kwiaty na \u015blub i wesele - jak wybra\u0107 dobr\u0105 kwiaciarni\u0119? - :: Blog weselny\" \/>\n<meta property=\"og:description\" content=\"Odpowiednio dobrane kwiaty na \u015blub nadadz\u0105 niepowtarzalnego charakteru zar\u00f3wno Parze M\u0142odej, jaki i miejscu uroczysto\u015bci.\" \/>\n<meta property=\"og:url\" content=\"https:\/\/www.koronakarkonoszy.pl\/blog\/kwiaty-na-slub-i-wesele-jak-wybrac-dobra-kwiaciarnie\/\" \/>\n<meta property=\"og:site_name\" content=\":: Blog weselny\" \/>\n<meta property=\"article:published_time\" content=\"2020-09-17T16:03:00+00:00\" \/>\n<meta property=\"article:modified_time\" content=\"2021-11-25T21:10:20+00:00\" \/>\n<meta property=\"og:image\" content=\"https:\/\/www.koronakarkonoszy.pl\/blog\/wp-content\/uploads\/2021\/09\/bukiet_na_wesele.jpg\" \/>\n\t<meta property=\"og:image:width\" content=\"800\" \/>\n\t<meta property=\"og:image:height\" content=\"534\" \/>\n\t<meta property=\"og:image:type\" content=\"image\/jpeg\" \/>\n<meta name=\"author\" content=\"agnieszka\" \/>\n<meta name=\"twitter:card\" content=\"summary_large_image\" \/>\n<meta name=\"twitter:label1\" content=\"Napisane przez\" \/>\n\t<meta name=\"twitter:data1\" content=\"agnieszka\" \/>\n\t<meta name=\"twitter:label2\" content=\"Szacowany czas czytania\" \/>\n\t<meta name=\"twitter:data2\" content=\"3 minuty\" \/>\n<script type=\"application\/ld+json\" class=\"yoast-schema-graph\">{\"@context\":\"https:\\\/\\\/schema.org\",\"@graph\":[{\"@type\":\"Article\",\"@id\":\"https:\\\/\\\/www.koronakarkonoszy.pl\\\/blog\\\/kwiaty-na-slub-i-wesele-jak-wybrac-dobra-kwiaciarnie\\\/#article\",\"isPartOf\":{\"@id\":\"https:\\\/\\\/www.koronakarkonoszy.pl\\\/blog\\\/kwiaty-na-slub-i-wesele-jak-wybrac-dobra-kwiaciarnie\\\/\"},\"author\":{\"name\":\"agnieszka\",\"@id\":\"https:\\\/\\\/www.koronakarkonoszy.pl\\\/blog\\\/#\\\/schema\\\/person\\\/ec8c88bd01ebe6cbf6a16435ce22276f\"},\"headline\":\"Kwiaty na \u015blub i wesele &#8211; jak wybra\u0107 dobr\u0105 kwiaciarni\u0119?\",\"datePublished\":\"2020-09-17T16:03:00+00:00\",\"dateModified\":\"2021-11-25T21:10:20+00:00\",\"mainEntityOfPage\":{\"@id\":\"https:\\\/\\\/www.koronakarkonoszy.pl\\\/blog\\\/kwiaty-na-slub-i-wesele-jak-wybrac-dobra-kwiaciarnie\\\/\"},\"wordCount\":805,\"image\":{\"@id\":\"https:\\\/\\\/www.koronakarkonoszy.pl\\\/blog\\\/kwiaty-na-slub-i-wesele-jak-wybrac-dobra-kwiaciarnie\\\/#primaryimage\"},\"thumbnailUrl\":\"https:\\\/\\\/www.koronakarkonoszy.pl\\\/blog\\\/wp-content\\\/uploads\\\/2021\\\/09\\\/bukiet_na_wesele.jpg\",\"articleSection\":[\"Porady\"],\"inLanguage\":\"pl-PL\"},{\"@type\":\"WebPage\",\"@id\":\"https:\\\/\\\/www.koronakarkonoszy.pl\\\/blog\\\/kwiaty-na-slub-i-wesele-jak-wybrac-dobra-kwiaciarnie\\\/\",\"url\":\"https:\\\/\\\/www.koronakarkonoszy.pl\\\/blog\\\/kwiaty-na-slub-i-wesele-jak-wybrac-dobra-kwiaciarnie\\\/\",\"name\":\"Kwiaty na \u015blub i wesele - jak wybra\u0107 dobr\u0105 kwiaciarni\u0119? - :: Blog weselny\",\"isPartOf\":{\"@id\":\"https:\\\/\\\/www.koronakarkonoszy.pl\\\/blog\\\/#website\"},\"primaryImageOfPage\":{\"@id\":\"https:\\\/\\\/www.koronakarkonoszy.pl\\\/blog\\\/kwiaty-na-slub-i-wesele-jak-wybrac-dobra-kwiaciarnie\\\/#primaryimage\"},\"image\":{\"@id\":\"https:\\\/\\\/www.koronakarkonoszy.pl\\\/blog\\\/kwiaty-na-slub-i-wesele-jak-wybrac-dobra-kwiaciarnie\\\/#primaryimage\"},\"thumbnailUrl\":\"https:\\\/\\\/www.koronakarkonoszy.pl\\\/blog\\\/wp-content\\\/uploads\\\/2021\\\/09\\\/bukiet_na_wesele.jpg\",\"datePublished\":\"2020-09-17T16:03:00+00:00\",\"dateModified\":\"2021-11-25T21:10:20+00:00\",\"author\":{\"@id\":\"https:\\\/\\\/www.koronakarkonoszy.pl\\\/blog\\\/#\\\/schema\\\/person\\\/ec8c88bd01ebe6cbf6a16435ce22276f\"},\"description\":\"Odpowiednio dobrane kwiaty na \u015blub nadadz\u0105 niepowtarzalnego charakteru zar\u00f3wno Parze M\u0142odej, jaki i miejscu uroczysto\u015bci.\",\"breadcrumb\":{\"@id\":\"https:\\\/\\\/www.koronakarkonoszy.pl\\\/blog\\\/kwiaty-na-slub-i-wesele-jak-wybrac-dobra-kwiaciarnie\\\/#breadcrumb\"},\"inLanguage\":\"pl-PL\",\"potentialAction\":[{\"@type\":\"ReadAction\",\"target\":[\"https:\\\/\\\/www.koronakarkonoszy.pl\\\/blog\\\/kwiaty-na-slub-i-wesele-jak-wybrac-dobra-kwiaciarnie\\\/\"]}]},{\"@type\":\"ImageObject\",\"inLanguage\":\"pl-PL\",\"@id\":\"https:\\\/\\\/www.koronakarkonoszy.pl\\\/blog\\\/kwiaty-na-slub-i-wesele-jak-wybrac-dobra-kwiaciarnie\\\/#primaryimage\",\"url\":\"https:\\\/\\\/www.koronakarkonoszy.pl\\\/blog\\\/wp-content\\\/uploads\\\/2021\\\/09\\\/bukiet_na_wesele.jpg\",\"contentUrl\":\"https:\\\/\\\/www.koronakarkonoszy.pl\\\/blog\\\/wp-content\\\/uploads\\\/2021\\\/09\\\/bukiet_na_wesele.jpg\",\"width\":800,\"height\":534,\"caption\":\"bukiet na wesele\"},{\"@type\":\"BreadcrumbList\",\"@id\":\"https:\\\/\\\/www.koronakarkonoszy.pl\\\/blog\\\/kwiaty-na-slub-i-wesele-jak-wybrac-dobra-kwiaciarnie\\\/#breadcrumb\",\"itemListElement\":[{\"@type\":\"ListItem\",\"position\":1,\"name\":\"Strona g\u0142\u00f3wna\",\"item\":\"https:\\\/\\\/www.koronakarkonoszy.pl\\\/blog\\\/\"},{\"@type\":\"ListItem\",\"position\":2,\"name\":\"Kwiaty na \u015blub i wesele &#8211; jak wybra\u0107 dobr\u0105 kwiaciarni\u0119?\"}]},{\"@type\":\"WebSite\",\"@id\":\"https:\\\/\\\/www.koronakarkonoszy.pl\\\/blog\\\/#website\",\"url\":\"https:\\\/\\\/www.koronakarkonoszy.pl\\\/blog\\\/\",\"name\":\":: Blog weselny\",\"description\":\"Blog weselny Dw\u00f3r Korona Karkonoszy\",\"potentialAction\":[{\"@type\":\"SearchAction\",\"target\":{\"@type\":\"EntryPoint\",\"urlTemplate\":\"https:\\\/\\\/www.koronakarkonoszy.pl\\\/blog\\\/?s={search_term_string}\"},\"query-input\":{\"@type\":\"PropertyValueSpecification\",\"valueRequired\":true,\"valueName\":\"search_term_string\"}}],\"inLanguage\":\"pl-PL\"},{\"@type\":\"Person\",\"@id\":\"https:\\\/\\\/www.koronakarkonoszy.pl\\\/blog\\\/#\\\/schema\\\/person\\\/ec8c88bd01ebe6cbf6a16435ce22276f\",\"name\":\"agnieszka\",\"image\":{\"@type\":\"ImageObject\",\"inLanguage\":\"pl-PL\",\"@id\":\"https:\\\/\\\/www.koronakarkonoszy.pl\\\/blog\\\/wp-content\\\/litespeed\\\/avatar\\\/53ee7b676463f74d0aea1a09de3d003b.jpg?ver=1777438794\",\"url\":\"https:\\\/\\\/www.koronakarkonoszy.pl\\\/blog\\\/wp-content\\\/litespeed\\\/avatar\\\/53ee7b676463f74d0aea1a09de3d003b.jpg?ver=1777438794\",\"contentUrl\":\"https:\\\/\\\/www.koronakarkonoszy.pl\\\/blog\\\/wp-content\\\/litespeed\\\/avatar\\\/53ee7b676463f74d0aea1a09de3d003b.jpg?ver=1777438794\",\"caption\":\"agnieszka\"},\"url\":\"https:\\\/\\\/www.koronakarkonoszy.pl\\\/blog\\\/author\\\/agnieszka\\\/\"}]}<\/script>\n<!-- \/ Yoast SEO plugin. -->","yoast_head_json":{"title":"Kwiaty na \u015blub i wesele - jak wybra\u0107 dobr\u0105 kwiaciarni\u0119? - :: Blog weselny","description":"Odpowiednio dobrane kwiaty na \u015blub nadadz\u0105 niepowtarzalnego charakteru zar\u00f3wno Parze M\u0142odej, jaki i miejscu uroczysto\u015bci.","robots":{"index":"index","follow":"follow","max-snippet":"max-snippet:-1","max-image-preview":"max-image-preview:large","max-video-preview":"max-video-preview:-1"},"canonical":"https:\/\/www.koronakarkonoszy.pl\/blog\/kwiaty-na-slub-i-wesele-jak-wybrac-dobra-kwiaciarnie\/","og_locale":"pl_PL","og_type":"article","og_title":"Kwiaty na \u015blub i wesele - jak wybra\u0107 dobr\u0105 kwiaciarni\u0119? - :: Blog weselny","og_description":"Odpowiednio dobrane kwiaty na \u015blub nadadz\u0105 niepowtarzalnego charakteru zar\u00f3wno Parze M\u0142odej, jaki i miejscu uroczysto\u015bci.","og_url":"https:\/\/www.koronakarkonoszy.pl\/blog\/kwiaty-na-slub-i-wesele-jak-wybrac-dobra-kwiaciarnie\/","og_site_name":":: Blog weselny","article_published_time":"2020-09-17T16:03:00+00:00","article_modified_time":"2021-11-25T21:10:20+00:00","og_image":[{"width":800,"height":534,"url":"https:\/\/www.koronakarkonoszy.pl\/blog\/wp-content\/uploads\/2021\/09\/bukiet_na_wesele.jpg","type":"image\/jpeg"}],"author":"agnieszka","twitter_card":"summary_large_image","twitter_misc":{"Napisane przez":"agnieszka","Szacowany czas czytania":"3 minuty"},"schema":{"@context":"https:\/\/schema.org","@graph":[{"@type":"Article","@id":"https:\/\/www.koronakarkonoszy.pl\/blog\/kwiaty-na-slub-i-wesele-jak-wybrac-dobra-kwiaciarnie\/#article","isPartOf":{"@id":"https:\/\/www.koronakarkonoszy.pl\/blog\/kwiaty-na-slub-i-wesele-jak-wybrac-dobra-kwiaciarnie\/"},"author":{"name":"agnieszka","@id":"https:\/\/www.koronakarkonoszy.pl\/blog\/#\/schema\/person\/ec8c88bd01ebe6cbf6a16435ce22276f"},"headline":"Kwiaty na \u015blub i wesele &#8211; jak wybra\u0107 dobr\u0105 kwiaciarni\u0119?","datePublished":"2020-09-17T16:03:00+00:00","dateModified":"2021-11-25T21:10:20+00:00","mainEntityOfPage":{"@id":"https:\/\/www.koronakarkonoszy.pl\/blog\/kwiaty-na-slub-i-wesele-jak-wybrac-dobra-kwiaciarnie\/"},"wordCount":805,"image":{"@id":"https:\/\/www.koronakarkonoszy.pl\/blog\/kwiaty-na-slub-i-wesele-jak-wybrac-dobra-kwiaciarnie\/#primaryimage"},"thumbnailUrl":"https:\/\/www.koronakarkonoszy.pl\/blog\/wp-content\/uploads\/2021\/09\/bukiet_na_wesele.jpg","articleSection":["Porady"],"inLanguage":"pl-PL"},{"@type":"WebPage","@id":"https:\/\/www.koronakarkonoszy.pl\/blog\/kwiaty-na-slub-i-wesele-jak-wybrac-dobra-kwiaciarnie\/","url":"https:\/\/www.koronakarkonoszy.pl\/blog\/kwiaty-na-slub-i-wesele-jak-wybrac-dobra-kwiaciarnie\/","name":"Kwiaty na \u015blub i wesele - jak wybra\u0107 dobr\u0105 kwiaciarni\u0119? - :: Blog weselny","isPartOf":{"@id":"https:\/\/www.koronakarkonoszy.pl\/blog\/#website"},"primaryImageOfPage":{"@id":"https:\/\/www.koronakarkonoszy.pl\/blog\/kwiaty-na-slub-i-wesele-jak-wybrac-dobra-kwiaciarnie\/#primaryimage"},"image":{"@id":"https:\/\/www.koronakarkonoszy.pl\/blog\/kwiaty-na-slub-i-wesele-jak-wybrac-dobra-kwiaciarnie\/#primaryimage"},"thumbnailUrl":"https:\/\/www.koronakarkonoszy.pl\/blog\/wp-content\/uploads\/2021\/09\/bukiet_na_wesele.jpg","datePublished":"2020-09-17T16:03:00+00:00","dateModified":"2021-11-25T21:10:20+00:00","author":{"@id":"https:\/\/www.koronakarkonoszy.pl\/blog\/#\/schema\/person\/ec8c88bd01ebe6cbf6a16435ce22276f"},"description":"Odpowiednio dobrane kwiaty na \u015blub nadadz\u0105 niepowtarzalnego charakteru zar\u00f3wno Parze M\u0142odej, jaki i miejscu uroczysto\u015bci.","breadcrumb":{"@id":"https:\/\/www.koronakarkonoszy.pl\/blog\/kwiaty-na-slub-i-wesele-jak-wybrac-dobra-kwiaciarnie\/#breadcrumb"},"inLanguage":"pl-PL","potentialAction":[{"@type":"ReadAction","target":["https:\/\/www.koronakarkonoszy.pl\/blog\/kwiaty-na-slub-i-wesele-jak-wybrac-dobra-kwiaciarnie\/"]}]},{"@type":"ImageObject","inLanguage":"pl-PL","@id":"https:\/\/www.koronakarkonoszy.pl\/blog\/kwiaty-na-slub-i-wesele-jak-wybrac-dobra-kwiaciarnie\/#primaryimage","url":"https:\/\/www.koronakarkonoszy.pl\/blog\/wp-content\/uploads\/2021\/09\/bukiet_na_wesele.jpg","contentUrl":"https:\/\/www.koronakarkonoszy.pl\/blog\/wp-content\/uploads\/2021\/09\/bukiet_na_wesele.jpg","width":800,"height":534,"caption":"bukiet na wesele"},{"@type":"BreadcrumbList","@id":"https:\/\/www.koronakarkonoszy.pl\/blog\/kwiaty-na-slub-i-wesele-jak-wybrac-dobra-kwiaciarnie\/#breadcrumb","itemListElement":[{"@type":"ListItem","position":1,"name":"Strona g\u0142\u00f3wna","item":"https:\/\/www.koronakarkonoszy.pl\/blog\/"},{"@type":"ListItem","position":2,"name":"Kwiaty na \u015blub i wesele &#8211; jak wybra\u0107 dobr\u0105 kwiaciarni\u0119?"}]},{"@type":"WebSite","@id":"https:\/\/www.koronakarkonoszy.pl\/blog\/#website","url":"https:\/\/www.koronakarkonoszy.pl\/blog\/","name":":: Blog weselny","description":"Blog weselny Dw\u00f3r Korona Karkonoszy","potentialAction":[{"@type":"SearchAction","target":{"@type":"EntryPoint","urlTemplate":"https:\/\/www.koronakarkonoszy.pl\/blog\/?s={search_term_string}"},"query-input":{"@type":"PropertyValueSpecification","valueRequired":true,"valueName":"search_term_string"}}],"inLanguage":"pl-PL"},{"@type":"Person","@id":"https:\/\/www.koronakarkonoszy.pl\/blog\/#\/schema\/person\/ec8c88bd01ebe6cbf6a16435ce22276f","name":"agnieszka","image":{"@type":"ImageObject","inLanguage":"pl-PL","@id":"https:\/\/www.koronakarkonoszy.pl\/blog\/wp-content\/litespeed\/avatar\/53ee7b676463f74d0aea1a09de3d003b.jpg?ver=1777438794","url":"https:\/\/www.koronakarkonoszy.pl\/blog\/wp-content\/litespeed\/avatar\/53ee7b676463f74d0aea1a09de3d003b.jpg?ver=1777438794","contentUrl":"https:\/\/www.koronakarkonoszy.pl\/blog\/wp-content\/litespeed\/avatar\/53ee7b676463f74d0aea1a09de3d003b.jpg?ver=1777438794","caption":"agnieszka"},"url":"https:\/\/www.koronakarkonoszy.pl\/blog\/author\/agnieszka\/"}]}},"_links":{"self":[{"href":"https:\/\/www.koronakarkonoszy.pl\/blog\/wp-json\/wp\/v2\/posts\/1494","targetHints":{"allow":["GET"]}}],"collection":[{"href":"https:\/\/www.koronakarkonoszy.pl\/blog\/wp-json\/wp\/v2\/posts"}],"about":[{"href":"https:\/\/www.koronakarkonoszy.pl\/blog\/wp-json\/wp\/v2\/types\/post"}],"author":[{"embeddable":true,"href":"https:\/\/www.koronakarkonoszy.pl\/blog\/wp-json\/wp\/v2\/users\/11"}],"replies":[{"embeddable":true,"href":"https:\/\/www.koronakarkonoszy.pl\/blog\/wp-json\/wp\/v2\/comments?post=1494"}],"version-history":[{"count":0,"href":"https:\/\/www.koronakarkonoszy.pl\/blog\/wp-json\/wp\/v2\/posts\/1494\/revisions"}],"wp:featuredmedia":[{"embeddable":true,"href":"https:\/\/www.koronakarkonoszy.pl\/blog\/wp-json\/wp\/v2\/media\/1495"}],"wp:attachment":[{"href":"https:\/\/www.koronakarkonoszy.pl\/blog\/wp-json\/wp\/v2\/media?parent=1494"}],"wp:term":[{"taxonomy":"category","embeddable":true,"href":"https:\/\/www.koronakarkonoszy.pl\/blog\/wp-json\/wp\/v2\/categories?post=1494"}],"curies":[{"name":"wp","href":"https:\/\/api.w.org\/{rel}","templated":true}]}}