{"id":1374,"date":"2021-08-30T12:09:00","date_gmt":"2021-08-30T10:09:00","guid":{"rendered":"https:\/\/www.koronakarkonoszy.pl\/blog\/?p=1374"},"modified":"2021-09-02T12:32:44","modified_gmt":"2021-09-02T10:32:44","slug":"plener-weselny","status":"publish","type":"post","link":"https:\/\/www.koronakarkonoszy.pl\/blog\/plener-weselny\/","title":{"rendered":"Wyj\u0105tkowa pami\u0105tka z dnia \u015blubu &#8211; jak zorganizowa\u0107 wymarzony plener weselny?"},"content":{"rendered":"\n<p><strong>Przepi\u0119kne zdj\u0119cia, u\u015bmiechni\u0119ta i wypocz\u0119ta Para M\u0142oda, a w tle bajkowa sceneria. Szukaj\u0105c fotografa na wesele, trudno przej\u015b\u0107 oboj\u0119tnie obok takich plenerowych zdj\u0119\u0107. W takich momentach ka\u017cda Para M\u0142oda zaczyna si\u0119 zastanawia\u0107 nad tym, na co powinna zwr\u00f3ci\u0107 uwag\u0119? Jak wybra\u0107 fotografa? Kiedy powinien odby\u0107 si\u0119 plener weselny? Lepiej zorganizowa\u0107 go w znanym Pa\u0144stwu M\u0142odym miejscu, czy zaufa\u0107, \u017ce fotograf zna miejsca jak ze sn\u00f3w?<\/strong>\u00a0<\/p>\n\n\n<div id=\"ariadna-block_6130a435b7ff8\" class=\"ariadna\">\r\n    <ul><li><a href=\"#ha-jak-wybrac-fotografa-na-wesele\">Jak wybra\u0107 fotografa na wesele?\u00a0<\/a><\/li><li><a href=\"#ha-nie-mozecie-sie-zdecydowac-gdzie-zorganizowac-wesele\">Nie mo\u017cecie si\u0119 zdecydowa\u0107 gdzie zorganizowa\u0107 wesele?<\/a><\/li><li><a href=\"#ha-kiedy-najlepiej-zrealizowac-plener-weselny\">Kiedy najlepiej zrealizowa\u0107 plener weselny?\u00a0<\/a><\/li><li><a href=\"#ha-pomysl-na-plener-weselny\">Pomys\u0142 na plener weselny\u00a0<\/a><\/li><li><a href=\"#ha-plener-weselny-jak-z-bajki\">Plener weselny jak z bajki\u00a0<\/a><\/li><\/ul>\r\n<\/div>\r\n\r\n\r\n\r\n\n\n\n<h2 class=\"wp-block-heading\" id=\"ha-jak-wybrac-fotografa-na-wesele\">Jak wybra\u0107 fotografa na wesele?\u00a0<\/h2>\n\n\n\n<p><a href=\"https:\/\/www.koronakarkonoszy.pl\/blog\/fotograf-na-slub-jakich-zdjec-oczekuja-panstwo-mlodzi\/\" target=\"_blank\" rel=\"noreferrer noopener\">Fotograf na \u015blub<\/a>&nbsp;i wesele to niezwykle wa\u017cny element obu uroczysto\u015bci.&nbsp;<a href=\"https:\/\/www.koronakarkonoszy.pl\/blog\/jak-wybrac-fotografa-weselnego\/\" target=\"_blank\" rel=\"noreferrer noopener\">Jak wybra\u0107 fotografa weselnego<\/a>? Decyduj\u0105c si\u0119 na osob\u0119, kt\u00f3ra b\u0119dzie odpowiedzialna za zdj\u0119cia z dnia \u015blubu, nale\u017cy by\u0107 rozwa\u017cnym. Pa\u0144stwo M\u0142odzi musz\u0105 pami\u0119ta\u0107, \u017ce nie liczy si\u0119 ilo\u015b\u0107 fotografii, kt\u00f3re dostan\u0105, a ich jako\u015b\u0107. Dlatego nale\u017cy szuka\u0107 takiej osoby, kt\u00f3rej fotografie i styl b\u0119dzie odpowiada\u0142 Narzeczonym.&nbsp;&nbsp;<\/p>\n\n\n\n<p>Para M\u0142oda powinna wiedzie\u0107, co dok\u0142adnie sk\u0142ada si\u0119 na cen\u0119 wynaj\u0119cia fotografa. Profesjonalista okre\u015bla dok\u0142adnie minimaln\u0105 ilo\u015b\u0107 zdj\u0119\u0107, jak\u0105 przeka\u017ce M\u0142odej Parze po obr\u00f3bce, ile godzin b\u0119dzie obecny w dniu \u015blubu, czy cena pleneru jest ju\u017c uj\u0119ta w ofercie. To jednak nie wszystko. Fotograf powinien poinformowa\u0107, w jakim formacie dostarczy zdj\u0119cia, czy stworzy album, czy jednak podaruje zdj\u0119cia na dysku przeno\u015bnym.&nbsp;&nbsp;<\/p>\n\n\n\n<p>Je\u015bli przysz\u0142e Ma\u0142\u017ce\u0144stwo decyduje si\u0119 na plener weselny oddalony od miejsca zamieszkania (g\u00f3ry, morze, a nawet sesja zagraniczna), to nale\u017cy do ceny pleneru doliczy\u0107 dojazd, ewentualny nocleg i wy\u017cywienie dla fotografa.\u00a0<\/p>\n\n\n\n<p>Przed zdecydowaniem si\u0119 na konkretn\u0105 osob\u0119, lub grup\u0119 os\u00f3b warto si\u0119 z nimi spotka\u0107 twarz\u0105 w twarz. Cho\u0107by po to, by sprawdzi\u0107, czy fotograf nie jest problemowy oraz czy nie peszy \u017cadnego z ma\u0142\u017conk\u00f3w. By si\u0119 zabezpieczy\u0107, warto podpisa\u0107 z fotografem umow\u0119. Nale\u017cy pami\u0119ta\u0107, by umie\u015bci\u0107 w niej wszystkie szczeg\u00f3\u0142y i ustalenia mi\u0119dzy nim, a Par\u0105 M\u0142od\u0105.\u00a0<\/p>\n\n\n<section id=\"ctaninja-block_6130a482b7ff9\" class=\"ctaninja\">\r\n    <div class=\"ctaninja-body\">\r\n        <h2 class=\"h1\" id=\"ha-nie-mozecie-sie-zdecydowac-gdzie-zorganizowac-wesele\">Nie mo\u017cecie si\u0119 zdecydowa\u0107 gdzie zorganizowa\u0107 wesele?<\/h2>\r\n        <p>Sprawd\u017acie, dlaczego nie warto d\u0142u\u017cej szuka\u0107!<\/p>\r\n        <div class=\"nf-container\">\r\n            <noscript class=\"ninja-forms-noscript-message\">\n\tUwaga: ta zawarto\u015b\u0107 wymaga obs\u0142ugi j\u0119zyka JavaScript.<\/noscript>\n<div id=\"nf-form-1-cont\" class=\"nf-form-cont\" aria-live=\"polite\" aria-labelledby=\"nf-form-title-1\" aria-describedby=\"nf-form-errors-1\" role=\"form\">\n\n    <div class=\"nf-loading-spinner\"><\/div>\n\n<\/div>\n        <!-- That data is being printed as a workaround to page builders reordering the order of the scripts loaded-->\n        <script>var formDisplay=1;var nfForms=nfForms||[];var form=[];form.id='1';form.settings={\"objectType\":\"Form Setting\",\"editActive\":\"\",\"title\":\"Contact Me\",\"key\":\"\",\"created_at\":\"2021-05-31 16:57:05\",\"default_label_pos\":\"above\",\"conditions\":[],\"show_title\":\"1\",\"clear_complete\":\"1\",\"hide_complete\":\"1\",\"wrapper_class\":\"\",\"element_class\":\"\",\"add_submit\":\"1\",\"logged_in\":\"\",\"not_logged_in_msg\":\"\",\"sub_limit_number\":\"\",\"sub_limit_msg\":\"\",\"calculations\":[],\"formContentData\":[{\"order\":1,\"cells\":[{\"order\":0,\"fields\":[\"email\"],\"width\":50},{\"order\":1,\"fields\":[\"wyslij_1640001513358\"],\"width\":50}]}],\"container_styles_background-color\":\"\",\"container_styles_border\":\"\",\"container_styles_border-style\":\"\",\"container_styles_border-color\":\"\",\"container_styles_color\":\"\",\"container_styles_height\":\"\",\"container_styles_width\":\"\",\"container_styles_font-size\":\"\",\"container_styles_margin\":\"\",\"container_styles_padding\":\"\",\"container_styles_display\":\"\",\"container_styles_float\":\"\",\"container_styles_show_advanced_css\":\"0\",\"container_styles_advanced\":\"\",\"title_styles_background-color\":\"\",\"title_styles_border\":\"\",\"title_styles_border-style\":\"\",\"title_styles_border-color\":\"\",\"title_styles_color\":\"\",\"title_styles_height\":\"\",\"title_styles_width\":\"\",\"title_styles_font-size\":\"\",\"title_styles_margin\":\"\",\"title_styles_padding\":\"\",\"title_styles_display\":\"\",\"title_styles_float\":\"\",\"title_styles_show_advanced_css\":\"0\",\"title_styles_advanced\":\"\",\"row_styles_background-color\":\"\",\"row_styles_border\":\"\",\"row_styles_border-style\":\"\",\"row_styles_border-color\":\"\",\"row_styles_color\":\"\",\"row_styles_height\":\"\",\"row_styles_width\":\"\",\"row_styles_font-size\":\"\",\"row_styles_margin\":\"\",\"row_styles_padding\":\"\",\"row_styles_display\":\"\",\"row_styles_show_advanced_css\":\"0\",\"row_styles_advanced\":\"\",\"row-odd_styles_background-color\":\"\",\"row-odd_styles_border\":\"\",\"row-odd_styles_border-style\":\"\",\"row-odd_styles_border-color\":\"\",\"row-odd_styles_color\":\"\",\"row-odd_styles_height\":\"\",\"row-odd_styles_width\":\"\",\"row-odd_styles_font-size\":\"\",\"row-odd_styles_margin\":\"\",\"row-odd_styles_padding\":\"\",\"row-odd_styles_display\":\"\",\"row-odd_styles_show_advanced_css\":\"0\",\"row-odd_styles_advanced\":\"\",\"success-msg_styles_background-color\":\"\",\"success-msg_styles_border\":\"\",\"success-msg_styles_border-style\":\"\",\"success-msg_styles_border-color\":\"\",\"success-msg_styles_color\":\"\",\"success-msg_styles_height\":\"\",\"success-msg_styles_width\":\"\",\"success-msg_styles_font-size\":\"\",\"success-msg_styles_margin\":\"\",\"success-msg_styles_padding\":\"\",\"success-msg_styles_display\":\"\",\"success-msg_styles_show_advanced_css\":\"0\",\"success-msg_styles_advanced\":\"\",\"error_msg_styles_background-color\":\"\",\"error_msg_styles_border\":\"\",\"error_msg_styles_border-style\":\"\",\"error_msg_styles_border-color\":\"\",\"error_msg_styles_color\":\"\",\"error_msg_styles_height\":\"\",\"error_msg_styles_width\":\"\",\"error_msg_styles_font-size\":\"\",\"error_msg_styles_margin\":\"\",\"error_msg_styles_padding\":\"\",\"error_msg_styles_display\":\"\",\"error_msg_styles_show_advanced_css\":\"0\",\"error_msg_styles_advanced\":\"\",\"allow_public_link\":0,\"embed_form\":\"\",\"currency\":\"\",\"repeatable_fieldsets\":\"\",\"unique_field_error\":\"Formularz z t\\u0105 warto\\u015bci\\u0105 zosta\\u0142 ju\\u017c przes\\u0142any.\",\"ninjaForms\":\"Ninja Forms\",\"changeEmailErrorMsg\":\"Wprowad\\u017a prawid\\u0142owy adres e-mail!\",\"changeDateErrorMsg\":\"Prosz\\u0119 wpisa\\u0107 prawid\\u0142ow\\u0105 dat\\u0119!\",\"confirmFieldErrorMsg\":\"Te pola musz\\u0105 si\\u0119 zgadza\\u0107!\",\"fieldNumberNumMinError\":\"B\\u0142\\u0105d \\u2014 liczba minimalna\",\"fieldNumberNumMaxError\":\"B\\u0142\\u0105d \\u2014 liczba maksymalna\",\"fieldNumberIncrementBy\":\"Zwi\\u0119ksz o \",\"fieldTextareaRTEInsertLink\":\"Wstaw odno\\u015bnik\",\"fieldTextareaRTEInsertMedia\":\"Wstaw media\",\"fieldTextareaRTESelectAFile\":\"Wybierz plik\",\"formErrorsCorrectErrors\":\"Popraw b\\u0142\\u0119dy, zanim prze\\u015blesz formularz.\",\"formHoneypot\":\"Je\\u015bli jeste\\u015b cz\\u0142owiekiem i widzisz to pole, nie wype\\u0142niaj go.\",\"validateRequiredField\":\"To jest wymagane pole.\",\"honeypotHoneypotError\":\"B\\u0142\\u0105d Honeypot\",\"fileUploadOldCodeFileUploadInProgress\":\"Przesy\\u0142anie pliku w toku.\",\"fileUploadOldCodeFileUpload\":\"PRZESY\\u0141ANIE PLIKU\",\"currencySymbol\":\"&#36;\",\"fieldsMarkedRequired\":\"Pola oznaczone znakiem <span class=\\\"ninja-forms-req-symbol\\\">*<\\\/span> s\\u0105 wymagane\",\"thousands_sep\":\"&nbsp;\",\"decimal_point\":\",\",\"siteLocale\":\"pl_PL\",\"dateFormat\":\"m\\\/d\\\/Y\",\"startOfWeek\":\"1\",\"of\":\"z\",\"previousMonth\":\"Poprzedni miesi\\u0105c\",\"nextMonth\":\"Nast\\u0119pny miesi\\u0105c\",\"months\":[\"Stycze\\u0144\",\"Luty\",\"Marzec\",\"Kwiecie\\u0144\",\"Maj\",\"Czerwiec\",\"Lipiec\",\"Sierpie\\u0144\",\"Wrzesie\\u0144\",\"Pa\\u017adziernik\",\"Listopad\",\"Grudzie\\u0144\"],\"monthsShort\":[\"Sty\",\"Lut\",\"Mar\",\"Kw\",\"Maj\",\"Cze\",\"Lip\",\"Sie\",\"Wrz\",\"Pa\\u017a\",\"Lis\",\"Gru\"],\"weekdays\":[\"Niedziela\",\"Poniedzia\\u0142ek\",\"Wtorek\",\"\\u015aroda\",\"Czwartek\",\"Pi\\u0105tek\",\"Sobota\"],\"weekdaysShort\":[\"Niedz\",\"Pon\",\"Wt\",\"\\u015ar\",\"Czw\",\"Pt\",\"Sob\"],\"weekdaysMin\":[\"Niedz\",\"Pon\",\"Wt\",\"\\u015ar\",\"Czw\",\"Pt\",\"Sob\"],\"recaptchaConsentMissing\":\"reCaptcha validation couldn&#039;t load.\",\"recaptchaMissingCookie\":\"reCaptcha v3 validation couldn&#039;t load the cookie needed to submit the form.\",\"recaptchaConsentEvent\":\"Accept reCaptcha cookies before sending the form.\",\"currency_symbol\":\"\",\"beforeForm\":\"\",\"beforeFields\":\"\",\"afterFields\":\"\",\"afterForm\":\"\"};form.fields=[{\"objectType\":\"Field\",\"objectDomain\":\"fields\",\"editActive\":false,\"order\":1,\"idAttribute\":\"id\",\"label\":\"Email\",\"key\":\"email\",\"type\":\"email\",\"created_at\":\"2021-05-31 16:57:06\",\"label_pos\":\"above\",\"required\":1,\"placeholder\":\"Podaj maila, skontaktujemy si\\u0119 z Tob\\u0105\",\"default\":\"\",\"wrapper_class\":\"\",\"element_class\":\"\",\"container_class\":\"\",\"admin_label\":\"\",\"help_text\":\"\",\"desc_text\":\"\",\"wrap_styles_background-color\":\"\",\"wrap_styles_border\":\"\",\"wrap_styles_border-style\":\"\",\"wrap_styles_border-color\":\"\",\"wrap_styles_color\":\"\",\"wrap_styles_height\":\"\",\"wrap_styles_width\":\"\",\"wrap_styles_font-size\":\"\",\"wrap_styles_margin\":\"\",\"wrap_styles_padding\":\"\",\"wrap_styles_display\":\"\",\"wrap_styles_float\":\"\",\"wrap_styles_show_advanced_css\":0,\"wrap_styles_advanced\":\"\",\"label_styles_background-color\":\"\",\"label_styles_border\":\"\",\"label_styles_border-style\":\"\",\"label_styles_border-color\":\"\",\"label_styles_color\":\"\",\"label_styles_height\":\"\",\"label_styles_width\":\"\",\"label_styles_font-size\":\"\",\"label_styles_margin\":\"\",\"label_styles_padding\":\"\",\"label_styles_display\":\"\",\"label_styles_float\":\"\",\"label_styles_show_advanced_css\":0,\"label_styles_advanced\":\"\",\"element_styles_background-color\":\"\",\"element_styles_border\":\"\",\"element_styles_border-style\":\"\",\"element_styles_border-color\":\"\",\"element_styles_color\":\"\",\"element_styles_height\":\"\",\"element_styles_width\":\"\",\"element_styles_font-size\":\"\",\"element_styles_margin\":\"\",\"element_styles_padding\":\"\",\"element_styles_display\":\"\",\"element_styles_float\":\"\",\"element_styles_show_advanced_css\":0,\"element_styles_advanced\":\"\",\"cellcid\":\"c3375\",\"custom_name_attribute\":\"email\",\"personally_identifiable\":1,\"value\":\"\",\"drawerDisabled\":false,\"id\":2,\"beforeField\":\"\",\"afterField\":\"\",\"parentType\":\"email\",\"element_templates\":[\"email\",\"input\"],\"old_classname\":\"\",\"wrap_template\":\"wrap\"},{\"objectType\":\"Field\",\"objectDomain\":\"fields\",\"editActive\":false,\"order\":2,\"idAttribute\":\"id\",\"label\":\"Wy\\u015blij\",\"key\":\"wyslij_1640001513358\",\"type\":\"submit\",\"created_at\":\"2021-05-31 16:57:06\",\"processing_label\":\"Wysy\\u0142anie...\",\"container_class\":\"\",\"element_class\":\"\",\"wrap_styles_background-color\":\"\",\"wrap_styles_border\":\"\",\"wrap_styles_border-style\":\"\",\"wrap_styles_border-color\":\"\",\"wrap_styles_color\":\"\",\"wrap_styles_height\":\"\",\"wrap_styles_width\":\"\",\"wrap_styles_font-size\":\"\",\"wrap_styles_margin\":\"\",\"wrap_styles_padding\":\"\",\"wrap_styles_display\":\"\",\"wrap_styles_float\":\"\",\"wrap_styles_show_advanced_css\":0,\"wrap_styles_advanced\":\"\",\"label_styles_background-color\":\"\",\"label_styles_border\":\"\",\"label_styles_border-style\":\"\",\"label_styles_border-color\":\"\",\"label_styles_color\":\"\",\"label_styles_height\":\"\",\"label_styles_width\":\"\",\"label_styles_font-size\":\"\",\"label_styles_margin\":\"\",\"label_styles_padding\":\"\",\"label_styles_display\":\"\",\"label_styles_float\":\"\",\"label_styles_show_advanced_css\":0,\"label_styles_advanced\":\"\",\"element_styles_background-color\":\"\",\"element_styles_border\":\"\",\"element_styles_border-style\":\"\",\"element_styles_border-color\":\"\",\"element_styles_color\":\"\",\"element_styles_height\":\"\",\"element_styles_width\":\"\",\"element_styles_font-size\":\"\",\"element_styles_margin\":\"\",\"element_styles_padding\":\"\",\"element_styles_display\":\"\",\"element_styles_float\":\"\",\"element_styles_show_advanced_css\":0,\"element_styles_advanced\":\"\",\"submit_element_hover_styles_background-color\":\"\",\"submit_element_hover_styles_border\":\"\",\"submit_element_hover_styles_border-style\":\"\",\"submit_element_hover_styles_border-color\":\"\",\"submit_element_hover_styles_color\":\"\",\"submit_element_hover_styles_height\":\"\",\"submit_element_hover_styles_width\":\"\",\"submit_element_hover_styles_font-size\":\"\",\"submit_element_hover_styles_margin\":\"\",\"submit_element_hover_styles_padding\":\"\",\"submit_element_hover_styles_display\":\"\",\"submit_element_hover_styles_float\":\"\",\"submit_element_hover_styles_show_advanced_css\":0,\"submit_element_hover_styles_advanced\":\"\",\"cellcid\":\"c3378\",\"drawerDisabled\":false,\"id\":4,\"beforeField\":\"\",\"afterField\":\"\",\"value\":\"\",\"label_pos\":\"above\",\"parentType\":\"textbox\",\"element_templates\":[\"submit\",\"button\",\"input\"],\"old_classname\":\"\",\"wrap_template\":\"wrap-no-label\"}];nfForms.push(form);<\/script>\n                <script id=\"nf-tmpl-cell\" type=\"text\/template\">\n            <nf-fields><\/nf-fields>\n        <\/script>\n\n        <script id=\"nf-tmpl-row\" type=\"text\/template\">\n            <nf-cells><\/nf-cells>\n        <\/script>\n\n                <\/div>\r\n    <\/div>\r\n    <div class=\"ctaninja-onm ctaninja-onm-1 rbg\"><\/div>\r\n    <div class=\"ctaninja-onm ctaninja-onm-2 rbg\"><\/div>\r\n<\/section>\n\n\n<h2 class=\"wp-block-heading\" id=\"ha-kiedy-najlepiej-zrealizowac-plener-weselny\">Kiedy najlepiej zrealizowa\u0107 plener weselny?\u00a0<\/h2>\n\n\n\n<p>Niezale\u017cnie od tego, gdzie Para M\u0142oda zdecyduje si\u0119 zorganizowa\u0107 plener \u015blubny, jedno jest pewne &#8211; w dniu \u015blubu czas b\u0119dzie goni\u0142 Oboje Ma\u0142\u017conk\u00f3w. Dlatego najlepiej plener zorganizowa\u0107 w innym terminie.&nbsp;&nbsp;<\/p>\n\n\n\n<p>Najcz\u0119\u015bciej plenery weselne organizowane s\u0105 po \u015blubie. W zale\u017cno\u015bci od ustale\u0144, mo\u017ce on odby\u0107 si\u0119 dzie\u0144, dwa, lub tydzie\u0144 po uroczysto\u015bci. Zale\u017cne jest to od wielu czynnik\u00f3w. Od tego, czy organizujemy&nbsp;<a href=\"https:\/\/www.koronakarkonoszy.pl\/blog\/slub-w-piatek-modny-zwyczaj-ostatnich-lat\/\" target=\"_blank\" rel=\"noreferrer noopener\">\u015blub w pi\u0105tek<\/a>, sobot\u0119, czy niedziel\u0119. Czy Para M\u0142oda organizuje poprawiny. Nawet od tego, czy Panna M\u0142oda ma sukni\u0119 \u015blubn\u0105 kupion\u0105, czy wypo\u017cyczon\u0105. Warto r\u00f3wnie\u017c zwr\u00f3ci\u0107 uwag\u0119 na to, czy plener organizowany jest blisko miejsca zamieszkania, czy wi\u0105\u017ce si\u0119 z wyjazdem na kilka dni.&nbsp;&nbsp;<\/p>\n\n\n<section id=\"leonardo-block_6130a78db7ffa\" class=\"leonardo page-breaker leonardo-image-left\">\r\n    <div class=\"leonardo-body\">\r\n                <div class=\"leonardo-content\"><p>Organizacja pleneru w innym terminie ma wiele zalet. Pa\u0144stwo M\u0142odzi po \u015blubie s\u0105 na zdj\u0119ciach bardziej wypocz\u0119ci i mniej zestresowani. W dniu \u015blubu czeka na Ma\u0142\u017conk\u00f3w wiele obowi\u0105zk\u00f3w. Przez co na plener \u015blubny mo\u017ce zabrakn\u0105\u0107 czasu. Wa\u017cne jest tak\u017ce to, \u017ce organizacja pleneru \u015blubnego w innym terminie sprawia, \u017ce go\u015bcie weselni nie musz\u0105 czeka\u0107 na Narzeczonych. Para M\u0142oda nie b\u0119dzie musia\u0142a ucieka\u0107 z w\u0142asnego przyj\u0119cia, by stworzy\u0107 wraz z fotografem plener weselny.<\/p>\n<\/div>\r\n                    <aside class=\"leonardo-interlink\">\r\n                <b>Polecamy<\/b>\r\n                <a href=\"https:\/\/www.koronakarkonoszy.pl\/blog\/slub-koscielny-w-plenerze\/\">\u015alub ko\u015bcielny w plenerze &#8211; jak to zorganizowa\u0107?<\/a>\r\n            <\/aside>\r\n            <\/div>\r\n    <div class=\"leonardo-image\">\r\n        <img loading=\"lazy\" decoding=\"async\" width=\"640\" height=\"408\" src=\"https:\/\/www.koronakarkonoszy.pl\/blog\/wp-content\/uploads\/2021\/09\/plener-weselny1.jpg\" class=\"attachment-full size-full\" alt=\"\" srcset=\"https:\/\/www.koronakarkonoszy.pl\/blog\/wp-content\/uploads\/2021\/09\/plener-weselny1.jpg 640w, https:\/\/www.koronakarkonoszy.pl\/blog\/wp-content\/uploads\/2021\/09\/plener-weselny1-300x191.jpg 300w\" sizes=\"auto, (max-width: 640px) 100vw, 640px\" \/>            <\/div>\r\n<\/section>\n\n\n<h2 class=\"wp-block-heading\" id=\"ha-pomysl-na-plener-weselny\">Pomys\u0142 na plener weselny\u00a0<\/h2>\n\n\n\n<p>Ile Par M\u0142odych, tyle pomys\u0142\u00f3w na plener weselny. Warto pami\u0119ta\u0107, \u017ce mimo nazwy, mo\u017cna go zorganizowa\u0107 w pomieszczeniu. Zw\u0142aszcza, gdy pogoda nie dopisze. Na jaki plener si\u0119 zdecydowa\u0107?&nbsp;<\/p>\n\n\n\n<p>Romantyczny plener w miejscu znanym Parze M\u0142odej mo\u017ce okaza\u0107 si\u0119 strza\u0142em w dziesi\u0105tk\u0119. Mog\u0105 to by\u0107 zar\u00f3wno urokliwe uliczki miasta, jak r\u00f3wnie\u017c las, czy park. Sesja weselna mo\u017ce odby\u0107 si\u0119 wsz\u0119dzie. Nawet na dzia\u0142ce, czy w ogrodzie.&nbsp;&nbsp;<\/p>\n\n\n\n<p>Je\u015bli mimo najlepszych ch\u0119ci Pary M\u0142odej i fotografa, pogoda w dniu sesji nie dopisa\u0142a, mo\u017cna plener weselny wykona\u0107 w budynku. Idealnym rozwi\u0105zaniem jest wynaj\u0119cie sali muzealnej lub wybra\u0107 na miejsce sesji, dworek, w kt\u00f3rym odbywa\u0142o si\u0119 wesele. Dw\u00f3r Korona Karkonoszy, pr\u00f3cz&nbsp;<a href=\"https:\/\/www.koronakarkonoszy.pl\/sala-weselna\/\" target=\"_blank\" rel=\"noreferrer noopener\">sali weselnej<\/a>, oferuje tak\u017ce&nbsp;<a href=\"https:\/\/www.koronakarkonoszy.pl\/Stylowe_pokoje\/\" target=\"_blank\" rel=\"noreferrer noopener\">stylowe pokoje<\/a>. W pomieszczeniach tych mo\u017cna stworzy\u0107 sesj\u0119 weseln\u0105 marze\u0144.&nbsp;<\/p>\n\n\n\n<p>Parom, kt\u00f3re po\u0142\u0105czy\u0142a wsp\u00f3lna pasja, z pewno\u015bci\u0105 spodoba si\u0119 pomys\u0142 na sesj\u0119 tematyczn\u0105. Je\u015bli Pa\u0144stwo M\u0142odzi kochaj\u0105 rowery lub je\u017cd\u017c\u0105 konno, dlaczego nie powi\u0105za\u0107 zainteresowania ze zdj\u0119ciami z sesji weselnej?&nbsp;&nbsp;<\/p>\n\n\n\n<p>Sesja, kt\u00f3ra po\u0142\u0105czy\u0107 ma podr\u00f3\u017cnik\u00f3w? Oczywi\u015bcie w terenie! Je\u015bli plener weselny planowany jest na szczytach lub na pla\u017cy, Para M\u0142oda musi si\u0119 dobrze przygotowa\u0107. Wyj\u015bcie w g\u00f3ry w szpilkach czy garniturze nie nale\u017cy do naj\u0142atwiejszych. Dlatego nale\u017cy opr\u00f3cz stroj\u00f3w \u015blubnych wzi\u0105\u0107 ubrania na zmian\u0119. W czasie gor\u0105cego dnia, wielogodzinny pobyt na pla\u017cy w pe\u0142nym s\u0142o\u0144cu r\u00f3wnie\u017c mo\u017ce okaza\u0107 si\u0119 nie\u0142atwy. Zw\u0142aszcza, je\u015bli Parze M\u0142odej zale\u017cy na tym, by wygl\u0105da\u0107 \u015bwie\u017co na zdj\u0119ciach. Wiele Par M\u0142odych decyduje si\u0119 na plener weselny w trakcie wsp\u00f3lnych wakacji. Zagraniczne sesje \u015blubne s\u0105 tak\u017ce coraz cz\u0119\u015bciej wybieran\u0105 opcj\u0105.\u00a0\u00a0<\/p>\n\n\n\n<h2 class=\"wp-block-heading\" id=\"ha-plener-weselny-jak-z-bajki\">Plener weselny jak z bajki\u00a0<\/h2>\n\n\n\n<p>Je\u015bli Pa\u0144stwo M\u0142odzi marz\u0105 o scenerii jak z bajki, a nie znaj\u0105 takiego miejsca, mog\u0105 zapyta\u0107 fotografa, czy ma on dla nich jak\u0105\u015b propozycj\u0119. Wielu z nich zna przepi\u0119kne miejsca pe\u0142ne uroku, kt\u00f3re znajduj\u0105 si\u0119 w stosunkowo ma\u0142ej odleg\u0142o\u015bci od miejsca uroczysto\u015bci, czy zamieszkania Pary M\u0142odej.\u00a0\u00a0<\/p>\n\n\n<section id=\"leonardo-block_6130a7d5b7ffb\" class=\"leonardo page-breaker leonardo-image-right\">\r\n    <div class=\"leonardo-body\">\r\n                <div class=\"leonardo-content\"><p><span data-contrast=\"auto\">Jednak aby nie by\u0107 zaskoczonym, warto sprawdzi\u0107 wcze\u015bniej to miejsce. Para M\u0142oda powinna si\u0119 tam wybra\u0107 wcze\u015bniej i zdecydowa\u0107, czy klimat proponowanej sesji w plenerze\u00a0im odpowiada. Mo\u017cna tak\u017ce poprosi\u0107 fotografa, by pokaza\u0142 swoje zdj\u0119cia z proponowanego miejsca.\u00a0<\/span><span data-ccp-props=\"{&quot;201341983&quot;:0,&quot;335559739&quot;:0,&quot;335559740&quot;:276}\">\u00a0<\/span><\/p>\n<\/div>\r\n                    <aside class=\"leonardo-interlink\">\r\n                <b>Polecamy<\/b>\r\n                <a href=\"https:\/\/www.koronakarkonoszy.pl\/blog\/slub-w-ogrodzie-magia-slubow-w-plenerze\/\">\u015alub w ogrodzie &#8211; magia \u015blub\u00f3w w plenerze<\/a>\r\n            <\/aside>\r\n            <\/div>\r\n    <div class=\"leonardo-image\">\r\n        <img loading=\"lazy\" decoding=\"async\" width=\"1280\" height=\"853\" src=\"https:\/\/www.koronakarkonoszy.pl\/blog\/wp-content\/uploads\/2021\/09\/plener-weselny2.jpg\" class=\"attachment-full size-full\" alt=\"\" srcset=\"https:\/\/www.koronakarkonoszy.pl\/blog\/wp-content\/uploads\/2021\/09\/plener-weselny2.jpg 1280w, https:\/\/www.koronakarkonoszy.pl\/blog\/wp-content\/uploads\/2021\/09\/plener-weselny2-300x200.jpg 300w, https:\/\/www.koronakarkonoszy.pl\/blog\/wp-content\/uploads\/2021\/09\/plener-weselny2-1024x682.jpg 1024w, https:\/\/www.koronakarkonoszy.pl\/blog\/wp-content\/uploads\/2021\/09\/plener-weselny2-768x512.jpg 768w\" sizes=\"auto, (max-width: 1280px) 100vw, 1280px\" \/>            <\/div>\r\n<\/section>\n\n\n<p>Niemniej, je\u015bli Narzeczeni nie maj\u0105 pomys\u0142u na miejsce organizacji pleneru weselnego, zdecydowanie powinni uda\u0107 si\u0119 z tym problemem do wybranego przez siebie fotografa. Osoby takie maj\u0105 wi\u0119ksze do\u015bwiadczenie w wyszukiwaniu niebanalnego t\u0142a do zdj\u0119\u0107.&nbsp;<\/p>\n\n\n\n<p>Plener weselny dostarcza cudownych wspomnie\u0144 i pozwala \u015bwie\u017co upieczonym Ma\u0142\u017conkom d\u0142u\u017cej cieszy\u0107 si\u0119 atmosfer\u0105 swojej\u00a0uroczysto\u015bci.\u00a0Niezale\u017cnie\u00a0od tego, jak\u0105 form\u0119 pleneru weselnego Para M\u0142oda wybierze, z pewno\u015bci\u0105 po latach b\u0119dzie wraca\u0107 do tych zdj\u0119\u0107 z u\u015bmiechem na twarzy.\u00a0<\/p>\n","protected":false},"excerpt":{"rendered":"<p>Przepi\u0119kne zdj\u0119cia, u\u015bmiechni\u0119ta i wypocz\u0119ta Para M\u0142oda, a w tle bajkowa sceneria. Szukaj\u0105c fotografa na wesele, trudno przej\u015b\u0107 oboj\u0119tnie obok takich plenerowych zdj\u0119\u0107. W takich momentach ka\u017cda Para M\u0142oda zaczyna si\u0119 zastanawia\u0107 nad tym, na co powinna zwr\u00f3ci\u0107 uwag\u0119? Jak wybra\u0107 fotografa? Kiedy powinien odby\u0107 si\u0119 plener weselny? Lepiej zorganizowa\u0107 go w znanym Pa\u0144stwu M\u0142odym [&hellip;]<\/p>\n","protected":false},"author":4,"featured_media":1375,"comment_status":"closed","ping_status":"closed","sticky":false,"template":"","format":"standard","meta":{"_acf_changed":false,"footnotes":""},"categories":[2,8],"class_list":["post-1374","post","type-post","status-publish","format-standard","has-post-thumbnail","hentry","category-porady","category-stylizacje"],"acf":[],"yoast_head":"<!-- This site is optimized with the Yoast SEO plugin v27.5 - https:\/\/yoast.com\/product\/yoast-seo-wordpress\/ -->\n<title>Wyj\u0105tkowa pami\u0105tka z dnia \u015blubu - jak zorganizowa\u0107 wymarzony plener weselny? - :: Blog weselny<\/title>\n<meta name=\"description\" content=\"Jak wybra\u0107 fotografa? Kiedy powinien odby\u0107 si\u0119 plener weselny? Na co zwr\u00f3ci\u0107 uwag\u0119 i jak go zorganizowa\u0107? Odpowiadamy na te i inne pytania.\" \/>\n<meta name=\"robots\" content=\"index, follow, max-snippet:-1, max-image-preview:large, max-video-preview:-1\" \/>\n<link rel=\"canonical\" href=\"https:\/\/www.koronakarkonoszy.pl\/blog\/plener-weselny\/\" \/>\n<meta property=\"og:locale\" content=\"pl_PL\" \/>\n<meta property=\"og:type\" content=\"article\" \/>\n<meta property=\"og:title\" content=\"Wyj\u0105tkowa pami\u0105tka z dnia \u015blubu - jak zorganizowa\u0107 wymarzony plener weselny? - :: Blog weselny\" \/>\n<meta property=\"og:description\" content=\"Jak wybra\u0107 fotografa? Kiedy powinien odby\u0107 si\u0119 plener weselny? Na co zwr\u00f3ci\u0107 uwag\u0119 i jak go zorganizowa\u0107? Odpowiadamy na te i inne pytania.\" \/>\n<meta property=\"og:url\" content=\"https:\/\/www.koronakarkonoszy.pl\/blog\/plener-weselny\/\" \/>\n<meta property=\"og:site_name\" content=\":: Blog weselny\" \/>\n<meta property=\"article:published_time\" content=\"2021-08-30T10:09:00+00:00\" \/>\n<meta property=\"article:modified_time\" content=\"2021-09-02T10:32:44+00:00\" \/>\n<meta property=\"og:image\" content=\"https:\/\/www.koronakarkonoszy.pl\/blog\/wp-content\/uploads\/2021\/09\/plener-weselny.jpg\" \/>\n\t<meta property=\"og:image:width\" content=\"1280\" \/>\n\t<meta property=\"og:image:height\" content=\"854\" \/>\n\t<meta property=\"og:image:type\" content=\"image\/jpeg\" \/>\n<meta name=\"author\" content=\"Maria Szruba\" \/>\n<meta name=\"twitter:card\" content=\"summary_large_image\" \/>\n<meta name=\"twitter:label1\" content=\"Napisane przez\" \/>\n\t<meta name=\"twitter:data1\" content=\"Maria Szruba\" \/>\n\t<meta name=\"twitter:label2\" content=\"Szacowany czas czytania\" \/>\n\t<meta name=\"twitter:data2\" content=\"4 minuty\" \/>\n<script type=\"application\/ld+json\" class=\"yoast-schema-graph\">{\"@context\":\"https:\\\/\\\/schema.org\",\"@graph\":[{\"@type\":\"Article\",\"@id\":\"https:\\\/\\\/www.koronakarkonoszy.pl\\\/blog\\\/plener-weselny\\\/#article\",\"isPartOf\":{\"@id\":\"https:\\\/\\\/www.koronakarkonoszy.pl\\\/blog\\\/plener-weselny\\\/\"},\"author\":{\"name\":\"Maria Szruba\",\"@id\":\"https:\\\/\\\/www.koronakarkonoszy.pl\\\/blog\\\/#\\\/schema\\\/person\\\/c3d9d467cc9af49e50c67be561c643eb\"},\"headline\":\"Wyj\u0105tkowa pami\u0105tka z dnia \u015blubu &#8211; jak zorganizowa\u0107 wymarzony plener weselny?\",\"datePublished\":\"2021-08-30T10:09:00+00:00\",\"dateModified\":\"2021-09-02T10:32:44+00:00\",\"mainEntityOfPage\":{\"@id\":\"https:\\\/\\\/www.koronakarkonoszy.pl\\\/blog\\\/plener-weselny\\\/\"},\"wordCount\":967,\"image\":{\"@id\":\"https:\\\/\\\/www.koronakarkonoszy.pl\\\/blog\\\/plener-weselny\\\/#primaryimage\"},\"thumbnailUrl\":\"https:\\\/\\\/www.koronakarkonoszy.pl\\\/blog\\\/wp-content\\\/uploads\\\/2021\\\/09\\\/plener-weselny.jpg\",\"articleSection\":[\"Porady\",\"Stylizacje\"],\"inLanguage\":\"pl-PL\"},{\"@type\":\"WebPage\",\"@id\":\"https:\\\/\\\/www.koronakarkonoszy.pl\\\/blog\\\/plener-weselny\\\/\",\"url\":\"https:\\\/\\\/www.koronakarkonoszy.pl\\\/blog\\\/plener-weselny\\\/\",\"name\":\"Wyj\u0105tkowa pami\u0105tka z dnia \u015blubu - jak zorganizowa\u0107 wymarzony plener weselny? - :: Blog weselny\",\"isPartOf\":{\"@id\":\"https:\\\/\\\/www.koronakarkonoszy.pl\\\/blog\\\/#website\"},\"primaryImageOfPage\":{\"@id\":\"https:\\\/\\\/www.koronakarkonoszy.pl\\\/blog\\\/plener-weselny\\\/#primaryimage\"},\"image\":{\"@id\":\"https:\\\/\\\/www.koronakarkonoszy.pl\\\/blog\\\/plener-weselny\\\/#primaryimage\"},\"thumbnailUrl\":\"https:\\\/\\\/www.koronakarkonoszy.pl\\\/blog\\\/wp-content\\\/uploads\\\/2021\\\/09\\\/plener-weselny.jpg\",\"datePublished\":\"2021-08-30T10:09:00+00:00\",\"dateModified\":\"2021-09-02T10:32:44+00:00\",\"author\":{\"@id\":\"https:\\\/\\\/www.koronakarkonoszy.pl\\\/blog\\\/#\\\/schema\\\/person\\\/c3d9d467cc9af49e50c67be561c643eb\"},\"description\":\"Jak wybra\u0107 fotografa? Kiedy powinien odby\u0107 si\u0119 plener weselny? Na co zwr\u00f3ci\u0107 uwag\u0119 i jak go zorganizowa\u0107? Odpowiadamy na te i inne pytania.\",\"breadcrumb\":{\"@id\":\"https:\\\/\\\/www.koronakarkonoszy.pl\\\/blog\\\/plener-weselny\\\/#breadcrumb\"},\"inLanguage\":\"pl-PL\",\"potentialAction\":[{\"@type\":\"ReadAction\",\"target\":[\"https:\\\/\\\/www.koronakarkonoszy.pl\\\/blog\\\/plener-weselny\\\/\"]}]},{\"@type\":\"ImageObject\",\"inLanguage\":\"pl-PL\",\"@id\":\"https:\\\/\\\/www.koronakarkonoszy.pl\\\/blog\\\/plener-weselny\\\/#primaryimage\",\"url\":\"https:\\\/\\\/www.koronakarkonoszy.pl\\\/blog\\\/wp-content\\\/uploads\\\/2021\\\/09\\\/plener-weselny.jpg\",\"contentUrl\":\"https:\\\/\\\/www.koronakarkonoszy.pl\\\/blog\\\/wp-content\\\/uploads\\\/2021\\\/09\\\/plener-weselny.jpg\",\"width\":1280,\"height\":854,\"caption\":\"Wyj\u0105tkowa pami\u0105tka z dnia \u015blubu - jak zorganizowa\u0107 wymarzony plener weselny?\"},{\"@type\":\"BreadcrumbList\",\"@id\":\"https:\\\/\\\/www.koronakarkonoszy.pl\\\/blog\\\/plener-weselny\\\/#breadcrumb\",\"itemListElement\":[{\"@type\":\"ListItem\",\"position\":1,\"name\":\"Strona g\u0142\u00f3wna\",\"item\":\"https:\\\/\\\/www.koronakarkonoszy.pl\\\/blog\\\/\"},{\"@type\":\"ListItem\",\"position\":2,\"name\":\"Wyj\u0105tkowa pami\u0105tka z dnia \u015blubu &#8211; jak zorganizowa\u0107 wymarzony plener weselny?\"}]},{\"@type\":\"WebSite\",\"@id\":\"https:\\\/\\\/www.koronakarkonoszy.pl\\\/blog\\\/#website\",\"url\":\"https:\\\/\\\/www.koronakarkonoszy.pl\\\/blog\\\/\",\"name\":\":: Blog weselny\",\"description\":\"Blog weselny Dw\u00f3r Korona Karkonoszy\",\"potentialAction\":[{\"@type\":\"SearchAction\",\"target\":{\"@type\":\"EntryPoint\",\"urlTemplate\":\"https:\\\/\\\/www.koronakarkonoszy.pl\\\/blog\\\/?s={search_term_string}\"},\"query-input\":{\"@type\":\"PropertyValueSpecification\",\"valueRequired\":true,\"valueName\":\"search_term_string\"}}],\"inLanguage\":\"pl-PL\"},{\"@type\":\"Person\",\"@id\":\"https:\\\/\\\/www.koronakarkonoszy.pl\\\/blog\\\/#\\\/schema\\\/person\\\/c3d9d467cc9af49e50c67be561c643eb\",\"name\":\"Maria Szruba\",\"image\":{\"@type\":\"ImageObject\",\"inLanguage\":\"pl-PL\",\"@id\":\"https:\\\/\\\/www.koronakarkonoszy.pl\\\/blog\\\/wp-content\\\/litespeed\\\/avatar\\\/d0fe7fde2b2277621e0a2904789bab14.jpg?ver=1777440145\",\"url\":\"https:\\\/\\\/www.koronakarkonoszy.pl\\\/blog\\\/wp-content\\\/litespeed\\\/avatar\\\/d0fe7fde2b2277621e0a2904789bab14.jpg?ver=1777440145\",\"contentUrl\":\"https:\\\/\\\/www.koronakarkonoszy.pl\\\/blog\\\/wp-content\\\/litespeed\\\/avatar\\\/d0fe7fde2b2277621e0a2904789bab14.jpg?ver=1777440145\",\"caption\":\"Maria Szruba\"},\"url\":\"https:\\\/\\\/www.koronakarkonoszy.pl\\\/blog\\\/author\\\/m-szruba\\\/\"}]}<\/script>\n<!-- \/ Yoast SEO plugin. -->","yoast_head_json":{"title":"Wyj\u0105tkowa pami\u0105tka z dnia \u015blubu - jak zorganizowa\u0107 wymarzony plener weselny? - :: Blog weselny","description":"Jak wybra\u0107 fotografa? Kiedy powinien odby\u0107 si\u0119 plener weselny? Na co zwr\u00f3ci\u0107 uwag\u0119 i jak go zorganizowa\u0107? Odpowiadamy na te i inne pytania.","robots":{"index":"index","follow":"follow","max-snippet":"max-snippet:-1","max-image-preview":"max-image-preview:large","max-video-preview":"max-video-preview:-1"},"canonical":"https:\/\/www.koronakarkonoszy.pl\/blog\/plener-weselny\/","og_locale":"pl_PL","og_type":"article","og_title":"Wyj\u0105tkowa pami\u0105tka z dnia \u015blubu - jak zorganizowa\u0107 wymarzony plener weselny? - :: Blog weselny","og_description":"Jak wybra\u0107 fotografa? Kiedy powinien odby\u0107 si\u0119 plener weselny? Na co zwr\u00f3ci\u0107 uwag\u0119 i jak go zorganizowa\u0107? Odpowiadamy na te i inne pytania.","og_url":"https:\/\/www.koronakarkonoszy.pl\/blog\/plener-weselny\/","og_site_name":":: Blog weselny","article_published_time":"2021-08-30T10:09:00+00:00","article_modified_time":"2021-09-02T10:32:44+00:00","og_image":[{"width":1280,"height":854,"url":"https:\/\/www.koronakarkonoszy.pl\/blog\/wp-content\/uploads\/2021\/09\/plener-weselny.jpg","type":"image\/jpeg"}],"author":"Maria Szruba","twitter_card":"summary_large_image","twitter_misc":{"Napisane przez":"Maria Szruba","Szacowany czas czytania":"4 minuty"},"schema":{"@context":"https:\/\/schema.org","@graph":[{"@type":"Article","@id":"https:\/\/www.koronakarkonoszy.pl\/blog\/plener-weselny\/#article","isPartOf":{"@id":"https:\/\/www.koronakarkonoszy.pl\/blog\/plener-weselny\/"},"author":{"name":"Maria Szruba","@id":"https:\/\/www.koronakarkonoszy.pl\/blog\/#\/schema\/person\/c3d9d467cc9af49e50c67be561c643eb"},"headline":"Wyj\u0105tkowa pami\u0105tka z dnia \u015blubu &#8211; jak zorganizowa\u0107 wymarzony plener weselny?","datePublished":"2021-08-30T10:09:00+00:00","dateModified":"2021-09-02T10:32:44+00:00","mainEntityOfPage":{"@id":"https:\/\/www.koronakarkonoszy.pl\/blog\/plener-weselny\/"},"wordCount":967,"image":{"@id":"https:\/\/www.koronakarkonoszy.pl\/blog\/plener-weselny\/#primaryimage"},"thumbnailUrl":"https:\/\/www.koronakarkonoszy.pl\/blog\/wp-content\/uploads\/2021\/09\/plener-weselny.jpg","articleSection":["Porady","Stylizacje"],"inLanguage":"pl-PL"},{"@type":"WebPage","@id":"https:\/\/www.koronakarkonoszy.pl\/blog\/plener-weselny\/","url":"https:\/\/www.koronakarkonoszy.pl\/blog\/plener-weselny\/","name":"Wyj\u0105tkowa pami\u0105tka z dnia \u015blubu - jak zorganizowa\u0107 wymarzony plener weselny? - :: Blog weselny","isPartOf":{"@id":"https:\/\/www.koronakarkonoszy.pl\/blog\/#website"},"primaryImageOfPage":{"@id":"https:\/\/www.koronakarkonoszy.pl\/blog\/plener-weselny\/#primaryimage"},"image":{"@id":"https:\/\/www.koronakarkonoszy.pl\/blog\/plener-weselny\/#primaryimage"},"thumbnailUrl":"https:\/\/www.koronakarkonoszy.pl\/blog\/wp-content\/uploads\/2021\/09\/plener-weselny.jpg","datePublished":"2021-08-30T10:09:00+00:00","dateModified":"2021-09-02T10:32:44+00:00","author":{"@id":"https:\/\/www.koronakarkonoszy.pl\/blog\/#\/schema\/person\/c3d9d467cc9af49e50c67be561c643eb"},"description":"Jak wybra\u0107 fotografa? Kiedy powinien odby\u0107 si\u0119 plener weselny? Na co zwr\u00f3ci\u0107 uwag\u0119 i jak go zorganizowa\u0107? Odpowiadamy na te i inne pytania.","breadcrumb":{"@id":"https:\/\/www.koronakarkonoszy.pl\/blog\/plener-weselny\/#breadcrumb"},"inLanguage":"pl-PL","potentialAction":[{"@type":"ReadAction","target":["https:\/\/www.koronakarkonoszy.pl\/blog\/plener-weselny\/"]}]},{"@type":"ImageObject","inLanguage":"pl-PL","@id":"https:\/\/www.koronakarkonoszy.pl\/blog\/plener-weselny\/#primaryimage","url":"https:\/\/www.koronakarkonoszy.pl\/blog\/wp-content\/uploads\/2021\/09\/plener-weselny.jpg","contentUrl":"https:\/\/www.koronakarkonoszy.pl\/blog\/wp-content\/uploads\/2021\/09\/plener-weselny.jpg","width":1280,"height":854,"caption":"Wyj\u0105tkowa pami\u0105tka z dnia \u015blubu - jak zorganizowa\u0107 wymarzony plener weselny?"},{"@type":"BreadcrumbList","@id":"https:\/\/www.koronakarkonoszy.pl\/blog\/plener-weselny\/#breadcrumb","itemListElement":[{"@type":"ListItem","position":1,"name":"Strona g\u0142\u00f3wna","item":"https:\/\/www.koronakarkonoszy.pl\/blog\/"},{"@type":"ListItem","position":2,"name":"Wyj\u0105tkowa pami\u0105tka z dnia \u015blubu &#8211; jak zorganizowa\u0107 wymarzony plener weselny?"}]},{"@type":"WebSite","@id":"https:\/\/www.koronakarkonoszy.pl\/blog\/#website","url":"https:\/\/www.koronakarkonoszy.pl\/blog\/","name":":: Blog weselny","description":"Blog weselny Dw\u00f3r Korona Karkonoszy","potentialAction":[{"@type":"SearchAction","target":{"@type":"EntryPoint","urlTemplate":"https:\/\/www.koronakarkonoszy.pl\/blog\/?s={search_term_string}"},"query-input":{"@type":"PropertyValueSpecification","valueRequired":true,"valueName":"search_term_string"}}],"inLanguage":"pl-PL"},{"@type":"Person","@id":"https:\/\/www.koronakarkonoszy.pl\/blog\/#\/schema\/person\/c3d9d467cc9af49e50c67be561c643eb","name":"Maria Szruba","image":{"@type":"ImageObject","inLanguage":"pl-PL","@id":"https:\/\/www.koronakarkonoszy.pl\/blog\/wp-content\/litespeed\/avatar\/d0fe7fde2b2277621e0a2904789bab14.jpg?ver=1777440145","url":"https:\/\/www.koronakarkonoszy.pl\/blog\/wp-content\/litespeed\/avatar\/d0fe7fde2b2277621e0a2904789bab14.jpg?ver=1777440145","contentUrl":"https:\/\/www.koronakarkonoszy.pl\/blog\/wp-content\/litespeed\/avatar\/d0fe7fde2b2277621e0a2904789bab14.jpg?ver=1777440145","caption":"Maria Szruba"},"url":"https:\/\/www.koronakarkonoszy.pl\/blog\/author\/m-szruba\/"}]}},"_links":{"self":[{"href":"https:\/\/www.koronakarkonoszy.pl\/blog\/wp-json\/wp\/v2\/posts\/1374","targetHints":{"allow":["GET"]}}],"collection":[{"href":"https:\/\/www.koronakarkonoszy.pl\/blog\/wp-json\/wp\/v2\/posts"}],"about":[{"href":"https:\/\/www.koronakarkonoszy.pl\/blog\/wp-json\/wp\/v2\/types\/post"}],"author":[{"embeddable":true,"href":"https:\/\/www.koronakarkonoszy.pl\/blog\/wp-json\/wp\/v2\/users\/4"}],"replies":[{"embeddable":true,"href":"https:\/\/www.koronakarkonoszy.pl\/blog\/wp-json\/wp\/v2\/comments?post=1374"}],"version-history":[{"count":0,"href":"https:\/\/www.koronakarkonoszy.pl\/blog\/wp-json\/wp\/v2\/posts\/1374\/revisions"}],"wp:featuredmedia":[{"embeddable":true,"href":"https:\/\/www.koronakarkonoszy.pl\/blog\/wp-json\/wp\/v2\/media\/1375"}],"wp:attachment":[{"href":"https:\/\/www.koronakarkonoszy.pl\/blog\/wp-json\/wp\/v2\/media?parent=1374"}],"wp:term":[{"taxonomy":"category","embeddable":true,"href":"https:\/\/www.koronakarkonoszy.pl\/blog\/wp-json\/wp\/v2\/categories?post=1374"}],"curies":[{"name":"wp","href":"https:\/\/api.w.org\/{rel}","templated":true}]}}