{"id":1325,"date":"2023-04-02T22:32:36","date_gmt":"2023-04-02T20:32:36","guid":{"rendered":"https:\/\/www.koronakarkonoszy.pl\/blog\/?p=1325"},"modified":"2023-04-02T22:32:38","modified_gmt":"2023-04-02T20:32:38","slug":"slub-w-wielkanoc","status":"publish","type":"post","link":"https:\/\/www.koronakarkonoszy.pl\/blog\/slub-w-wielkanoc\/","title":{"rendered":"Czy wypada organizowa\u0107 \u015blub w Wielkanoc?"},"content":{"rendered":"\n<p><strong>\u015alub w Wielkanoc mo\u017ce budzi\u0107 obawy przysz\u0142ych Nowo\u017ce\u0144c\u00f3w. Czy wypada organizowa\u0107 tak wa\u017cn\u0105 dla nas uroczysto\u015b\u0107 w jakiekolwiek \u015bwi\u0119ta? Jakie s\u0105 plusy, a jakie minusy organizowania przyj\u0119cia weselnego w Wielkanoc? Sprawdzamy.\u00a0<\/strong><\/p>\n\n\n<div id=\"ariadna-block_74a9f8e978f19d15e27029d3f3370483\" class=\"ariadna\">\r\n    <ul><li><a href=\"#h-czy-mo-na-organizowa-lub-w-wielkanoc\">Czy mo\u017cna organizowa\u0107 \u015blub w Wielkanoc?&nbsp;<\/a><\/li><li><a href=\"#h-dlaczego-warto-zorganizowac-slub-w-wielkanoc\">Dlaczego warto zorganizowa\u0107 \u015blub w Wielkanoc?\u00a0<\/a><\/li><li><a href=\"#ha-inne-zalety-slubu-w-wielkanoc\">Inne zalety \u015blubu w Wielkanoc<\/a><\/li><li><a href=\"#h-motyw-przewodni-na-slub-w-wielkanoc\">Motyw przewodni na \u015blub w Wielkanoc<\/a><\/li><li><a href=\"#h-dlaczego-pary-mlode-boja-sie-organizowac-slub-w-wielkanoc\">Dlaczego Pary M\u0142ode boj\u0105 si\u0119 organizowa\u0107 \u015blub w Wielkanoc?\u00a0<\/a><\/li><li><a href=\"#ha-menu-na-slub-w-wielkanoc\">Menu na \u015blub w Wielkanoc<\/a><\/li><li><a href=\"#h-dekoracje-na-wesele-w-wielkanoc\">Dekoracje na wesele w Wielkanoc<\/a><\/li><li><a href=\"#ha-wady-i-zalety-wesela-w-wielkanoc\">Wady i zalety wesela w Wielkanoc<\/a><\/li><li><a href=\"#h-zalety-slubu-w-wielkanoc\">Zalety \u015blubu w Wielkanoc<\/a><\/li><li><a href=\"#ha-wesele-w-wielkanoc-warto\">Wesele w Wielkanoc\u00a0\u2013 warto!<\/a><\/li><\/ul>\r\n<\/div>\r\n\r\n\r\n\r\n\n\n\n<h2 class=\"wp-block-heading\" id=\"h-czy-mo-na-organizowa-lub-w-wielkanoc\">Czy mo\u017cna organizowa\u0107 \u015blub w Wielkanoc?&nbsp;<\/h2>\n\n\n\n<p>Wielkanoc jest \u015bwi\u0119tem bardzo radosnym, mimo \u017ce poprzedza j\u0105 Wielki Post oraz bardzo restrykcyjnie obchodzony w niekt\u00f3rych rodzinach Wielki Tydzie\u0144. Para M\u0142oda nie powinna spodziewa\u0107 si\u0119, \u017ce ksi\u0105dz udzieli im \u015blubu ko\u015bcielnego w Wielki Pi\u0105tek czy Wielk\u0105 Sobot\u0119. S\u0105 to bowiem w Ko\u015bciele katolickim dni ciszy, modlitwy i zadumy. W Wielki Pi\u0105tek panuje post \u015bcis\u0142y i nie jest odprawiana msza. W Wielk\u0105 Sobot\u0119 za\u015b msza jest odprawiana, ale dopiero po zmroku.&nbsp;&nbsp;<\/p>\n\n\n\n<figure class=\"wp-block-image size-large\"><a href=\"https:\/\/www.koronakarkonoszy.pl\/wesele\/\" target=\"_blank\" rel=\"noreferrer noopener\"><img loading=\"lazy\" decoding=\"async\" width=\"1024\" height=\"512\" src=\"https:\/\/www.koronakarkonoszy.pl\/blog\/wp-content\/uploads\/2022\/01\/piekne_wesela_DKK-1024x512.jpg\" alt=\"\" class=\"wp-image-4011\" srcset=\"https:\/\/www.koronakarkonoszy.pl\/blog\/wp-content\/uploads\/2022\/01\/piekne_wesela_DKK-1024x512.jpg 1024w, https:\/\/www.koronakarkonoszy.pl\/blog\/wp-content\/uploads\/2022\/01\/piekne_wesela_DKK-300x150.jpg 300w, https:\/\/www.koronakarkonoszy.pl\/blog\/wp-content\/uploads\/2022\/01\/piekne_wesela_DKK-768x384.jpg 768w, https:\/\/www.koronakarkonoszy.pl\/blog\/wp-content\/uploads\/2022\/01\/piekne_wesela_DKK.jpg 1200w\" sizes=\"auto, (max-width: 1024px) 100vw, 1024px\" \/><\/a><\/figure>\n\n\n\n<p>Jednak ju\u017c Wielkanoc, czyli Niedziela Wielkanocna, jest dniem rado\u015bci. Nie ma przeciwwskaza\u0144 ze strony Ko\u015bcio\u0142a, by zdecydowa\u0107 si\u0119 na organizacj\u0119 \u015blubu tego dnia. To samo dotyczy Poniedzia\u0142ku Wielkanocnego. Tak wi\u0119c jak najbardziej Pa\u0144stwo M\u0142odzi mog\u0105 planowa\u0107 \u015blub w Wielkanoc. Dawniej w\u0142a\u015bnie w to \u015bwi\u0119to Pary M\u0142ode pobiera\u0142y si\u0119 najcz\u0119\u015bciej.&nbsp;&nbsp;<\/p>\n\n\n\n<figure class=\"wp-block-image size-large\"><img loading=\"lazy\" decoding=\"async\" width=\"1024\" height=\"683\" src=\"https:\/\/www.koronakarkonoszy.pl\/blog\/wp-content\/uploads\/2022\/12\/wesele-w-gorach-piekne-wesele-Dwor-Korona-Karkonoszy-1024x683.jpg\" alt=\"\" class=\"wp-image-6537\" srcset=\"https:\/\/www.koronakarkonoszy.pl\/blog\/wp-content\/uploads\/2022\/12\/wesele-w-gorach-piekne-wesele-Dwor-Korona-Karkonoszy-1024x683.jpg 1024w, https:\/\/www.koronakarkonoszy.pl\/blog\/wp-content\/uploads\/2022\/12\/wesele-w-gorach-piekne-wesele-Dwor-Korona-Karkonoszy-300x200.jpg 300w, https:\/\/www.koronakarkonoszy.pl\/blog\/wp-content\/uploads\/2022\/12\/wesele-w-gorach-piekne-wesele-Dwor-Korona-Karkonoszy-768x512.jpg 768w, https:\/\/www.koronakarkonoszy.pl\/blog\/wp-content\/uploads\/2022\/12\/wesele-w-gorach-piekne-wesele-Dwor-Korona-Karkonoszy.jpg 1200w\" sizes=\"auto, (max-width: 1024px) 100vw, 1024px\" \/><figcaption class=\"wp-element-caption\"><strong>Wesele w g\u00f3rach <\/strong><\/figcaption><\/figure>\n\n\n\n<p>Cho\u0107 w r\u00f3\u017cnych krajach tradycje \u015blubne mog\u0105 si\u0119 r\u00f3\u017cni\u0107, to w Polsce \u015blub w Wielkanoc jest cz\u0119sto uwa\u017cany za szczeg\u00f3lnie pi\u0119kny i godny uwagi. Nie tylko ze wzgl\u0119du na \u015bwi\u0105teczny nastr\u00f3j, ale tak\u017ce ze wzgl\u0119du na wyj\u0105tkow\u0105 symbolik\u0119, kt\u00f3r\u0105 niesie ze sob\u0105 ten czas. <a href=\"https:\/\/www.koronakarkonoszy.pl\/blog\/wesele-w-polsce\/\" target=\"_blank\" rel=\"noreferrer noopener\">Wesele w Polsce<\/a> w Wielkanoc ma naprawd\u0119 d\u0142uga tradycj\u0119. Zwyczaje zwi\u0105zane ze \u015blubem w Wielkanoc zazwyczaj obejmuj\u0105 takie elementy, jak dekoracje ko\u015bcio\u0142a, stroje Panny M\u0142odej i Pana M\u0142odego, a tak\u017ce menu weselne.<\/p>\n\n\n\n<style>\n    .cta_block{\n        margin: 1.5em 0;\n    }\n    .cta_block_content {\n        position: relative;\n        color: white;\n        padding: 1em;\n    }\n    .cta_block_content h3{\n        text-align: center;\n        font: normal normal normal 36px\/50px Yeseva One;\n    }\n    .cta_block_content .cta_block_desc{\n        text-align: center;\n        font-size: 1.1em;\n        position: relative;\n    }\n    .cta_block_content .cta_block_desc:before {\n        content: '';\n        width: 80px;\n        height: 4px;\n        background: #EEB315;\n        position: absolute;\n        left: 0;\n        right: 0;\n        margin-left: auto;\n        margin-right: auto;\n        top: -22px;\n    }\n\n    .cta_block_content picture{\n        position: absolute;\n        top: 0;\n        right: 0;\n        z-index: -1;\n        height: 100%;\n        overflow: hidden;\n        width: 100%;\n    }\n    .cta_block_content picture img{\n        object-fit: cover;\n        height: 100%;\n        width: 100%;\n    }\n    .cta_block .cta_block_content .ninja-forms-field{\n        background: #FFFFFF2F;\n        border: 1px solid #EEB315;\n        border-radius: 25px;\n        opacity: 1;\n        color: #ffffff;\n    }\n    .cta_block .cta_block_content .nf-form-content input[type=submit]{\n        background-color: #EEB315;\n        color: #292929;\n        text-align: center;\n        font: normal normal bold 14px\/20px Work Sans;\n        padding: 0 2em;\n    }\n\n    .cta_block ::placeholder{\n        color: white!important;\n        opacity: 1;\n    }\n\n    .cta_block_content::after {\n        height: 100%;\n        width: 100%;\n        content: \"\";\n        z-index: -1;\n        position: absolute;\n        top: 0;\n        background: #00000070;\n        right: 0;\n        left: 0;\n        bottom: 0;\n    }\n    #ha-cta-block, .cta_block_desc, .cta_block .nf-field-label, .cta_block .nf-error-msg {\n        filter: drop-shadow(1px 1px 8px black);\n    }\n\n\/*    .cta_block nf-rows-wrap {\n        display: flex;\n        justify-content: space-around;\n        flex-direction: row;\n    }*\/\n\n    .cta_block .nf-field-label {\n        display:none;\n    }\n\n    .cta_block .nf-error.field-wrap .nf-field-element::after {\n        border-radius: 50px;\n    }\n\n    .cta_block .nf-error-msg {\n        color: #fff;\n    }\n\n    .cta_block .nf-form-cont {\n        margin-top: 3em;\n        margin-bottom: 1em;\n    }\n\n    .wp-admin .cta_block_content{\n        display: none;\n    }\n    .cta_block .nf-form-fields-required {\n        display: none;\n    }\n    body:not(.wp-admin) .cta_block_admin {\n        display: none;\n    }\n<\/style>\n<div id=\"cta_block-block_7374e0a2db0b54b7bec464aeb8650cbe\" class=\"cta_block\">\n    <div class=\"cta_block_admin\" style=\"background-color: blue; color: white\">\n        Blok CTA\n    <\/div>\n    <div class=\"cta_block\">\n        <div class=\"cta_block_content\">   \n        <h3 id=\"ha-myslicie-o-slubie-w-wielkanoc\">My\u015blicie o \u015blubie w Wielkanoc?<\/h3>\n                    <div class=\"cta_block_desc\">Sprawd\u017acie wolne terminy!<\/div>\n                <noscript class=\"ninja-forms-noscript-message\">\n\tUwaga: ta zawarto\u015b\u0107 wymaga obs\u0142ugi j\u0119zyka JavaScript.<\/noscript>\n<div id=\"nf-form-3-cont\" class=\"nf-form-cont\" aria-live=\"polite\" aria-labelledby=\"nf-form-title-3\" aria-describedby=\"nf-form-errors-3\" role=\"form\">\n\n    <div class=\"nf-loading-spinner\"><\/div>\n\n<\/div>\n        <!-- That data is being printed as a workaround to page builders reordering the order of the scripts loaded-->\n        <script>var formDisplay=1;var nfForms=nfForms||[];var form=[];form.id='3';form.settings={\"objectType\":\"Form Setting\",\"editActive\":true,\"title\":\"Block CTA\",\"created_at\":\"2022-11-08 16:03:33\",\"default_label_pos\":\"above\",\"show_title\":0,\"clear_complete\":\"1\",\"hide_complete\":\"1\",\"logged_in\":\"\",\"wrapper_class\":\"\",\"element_class\":\"\",\"key\":\"\",\"add_submit\":\"0\",\"changeEmailErrorMsg\":\"Wprowad\\u017a prawid\\u0142owy adres e-mail!\",\"changeDateErrorMsg\":\"Prosz\\u0119 wpisa\\u0107 prawid\\u0142ow\\u0105 dat\\u0119!\",\"confirmFieldErrorMsg\":\"Te pola musz\\u0105 si\\u0119 zgadza\\u0107!\",\"fieldNumberNumMinError\":\"B\\u0142\\u0105d \\u2014 liczba minimalna\",\"fieldNumberNumMaxError\":\"B\\u0142\\u0105d \\u2014 liczba maksymalna\",\"fieldNumberIncrementBy\":\"Zwi\\u0119ksz o \",\"formErrorsCorrectErrors\":\"Popraw b\\u0142\\u0119dy, zanim prze\\u015blesz formularz.\",\"validateRequiredField\":\"To jest wymagane pole.\",\"honeypotHoneypotError\":\"B\\u0142\\u0105d Honeypot\",\"fieldsMarkedRequired\":\"Pola oznaczone znakiem <span class=\\\"ninja-forms-req-symbol\\\">*<\\\/span> s\\u0105 wymagane\",\"currency\":\"\",\"repeatable_fieldsets\":\"\",\"unique_field_error\":\"Formularz z t\\u0105 warto\\u015bci\\u0105 zosta\\u0142 ju\\u017c przes\\u0142any.\",\"not_logged_in_msg\":\"\",\"sub_limit_msg\":\"Formularz osi\\u0105gn\\u0105\\u0142 limit wys\\u0142a\\u0144.\",\"calculations\":[],\"container_styles_show_advanced_css\":\"0\",\"title_styles_show_advanced_css\":\"0\",\"row_styles_show_advanced_css\":\"0\",\"row-odd_styles_show_advanced_css\":\"0\",\"success-msg_styles_show_advanced_css\":\"0\",\"error_msg_styles_show_advanced_css\":\"0\",\"formContentData\":[{\"order\":1,\"cells\":[{\"order\":0,\"fields\":[\"phone_1640098023980\"],\"width\":35},{\"order\":1,\"fields\":[\"adres_e-mail_1667919839452\"],\"width\":35},{\"order\":2,\"fields\":[\"zapisz_mnie_1667919853255\"],\"width\":30}]}],\"drawerDisabled\":false,\"conditions\":[],\"allow_public_link\":0,\"embed_form\":\"\",\"container_styles_border\":\"\",\"container_styles_height\":\"\",\"container_styles_margin\":\"\",\"container_styles_padding\":\"\",\"container_styles_float\":\"\",\"title_styles_border\":\"\",\"title_styles_height\":\"\",\"title_styles_width\":\"\",\"title_styles_font-size\":\"\",\"title_styles_margin\":\"\",\"title_styles_padding\":\"\",\"title_styles_float\":\"\",\"row_styles_border\":\"\",\"row_styles_width\":\"\",\"row_styles_font-size\":\"\",\"row_styles_margin\":\"\",\"row_styles_padding\":\"\",\"row-odd_styles_border\":\"\",\"row-odd_styles_height\":\"\",\"row-odd_styles_width\":\"\",\"row-odd_styles_font-size\":\"\",\"row-odd_styles_margin\":\"\",\"row-odd_styles_padding\":\"\",\"success-msg_styles_border\":\"\",\"success-msg_styles_height\":\"\",\"success-msg_styles_width\":\"\",\"success-msg_styles_font-size\":\"\",\"success-msg_styles_margin\":\"\",\"success-msg_styles_padding\":\"\",\"error_msg_styles_border\":\"\",\"error_msg_styles_width\":\"\",\"error_msg_styles_font-size\":\"\",\"error_msg_styles_margin\":\"\",\"error_msg_styles_padding\":\"\",\"form_title_heading_level\":\"3\",\"ninjaForms\":\"Ninja Forms\",\"fieldTextareaRTEInsertLink\":\"Wstaw odno\\u015bnik\",\"fieldTextareaRTEInsertMedia\":\"Wstaw media\",\"fieldTextareaRTESelectAFile\":\"Wybierz plik\",\"formHoneypot\":\"Je\\u015bli jeste\\u015b cz\\u0142owiekiem i widzisz to pole, nie wype\\u0142niaj go.\",\"fileUploadOldCodeFileUploadInProgress\":\"Przesy\\u0142anie pliku w toku.\",\"fileUploadOldCodeFileUpload\":\"PRZESY\\u0141ANIE PLIKU\",\"currencySymbol\":\"&#36;\",\"thousands_sep\":\"&nbsp;\",\"decimal_point\":\",\",\"siteLocale\":\"pl_PL\",\"dateFormat\":\"m\\\/d\\\/Y\",\"startOfWeek\":\"1\",\"of\":\"z\",\"previousMonth\":\"Poprzedni miesi\\u0105c\",\"nextMonth\":\"Nast\\u0119pny miesi\\u0105c\",\"months\":[\"Stycze\\u0144\",\"Luty\",\"Marzec\",\"Kwiecie\\u0144\",\"Maj\",\"Czerwiec\",\"Lipiec\",\"Sierpie\\u0144\",\"Wrzesie\\u0144\",\"Pa\\u017adziernik\",\"Listopad\",\"Grudzie\\u0144\"],\"monthsShort\":[\"Sty\",\"Lut\",\"Mar\",\"Kw\",\"Maj\",\"Cze\",\"Lip\",\"Sie\",\"Wrz\",\"Pa\\u017a\",\"Lis\",\"Gru\"],\"weekdays\":[\"Niedziela\",\"Poniedzia\\u0142ek\",\"Wtorek\",\"\\u015aroda\",\"Czwartek\",\"Pi\\u0105tek\",\"Sobota\"],\"weekdaysShort\":[\"Niedz\",\"Pon\",\"Wt\",\"\\u015ar\",\"Czw\",\"Pt\",\"Sob\"],\"weekdaysMin\":[\"Niedz\",\"Pon\",\"Wt\",\"\\u015ar\",\"Czw\",\"Pt\",\"Sob\"],\"recaptchaConsentMissing\":\"reCaptcha validation couldn&#039;t load.\",\"recaptchaMissingCookie\":\"reCaptcha v3 validation couldn&#039;t load the cookie needed to submit the form.\",\"recaptchaConsentEvent\":\"Accept reCaptcha cookies before sending the form.\",\"currency_symbol\":\"\",\"beforeForm\":\"\",\"beforeFields\":\"\",\"afterFields\":\"\",\"afterForm\":\"\"};form.fields=[{\"objectType\":\"Field\",\"objectDomain\":\"fields\",\"editActive\":false,\"order\":1,\"idAttribute\":\"id\",\"type\":\"phone\",\"label\":\"Numer telefonu\",\"key\":\"phone_1640098023980\",\"label_pos\":\"above\",\"required\":1,\"default\":\"\",\"placeholder\":\"Numer telefonu\",\"container_class\":\"\",\"element_class\":\"\",\"input_limit\":\"\",\"input_limit_type\":\"characters\",\"input_limit_msg\":\"Liczba pozosta\\u0142ych znak\\u00f3w:\",\"manual_key\":\"\",\"admin_label\":\"\",\"help_text\":\"\",\"mask\":\"\",\"custom_mask\":\"\",\"custom_name_attribute\":\"phone\",\"personally_identifiable\":1,\"wrap_styles_border\":\"\",\"wrap_styles_width\":\"\",\"wrap_styles_margin\":\"\",\"wrap_styles_padding\":\"\",\"wrap_styles_float\":\"\",\"wrap_styles_show_advanced_css\":0,\"label_styles_border\":\"\",\"label_styles_width\":\"\",\"label_styles_font-size\":\"\",\"label_styles_margin\":\"\",\"label_styles_padding\":\"\",\"label_styles_float\":\"\",\"label_styles_show_advanced_css\":0,\"element_styles_border\":\"\",\"element_styles_width\":\"\",\"element_styles_font-size\":\"\",\"element_styles_margin\":\"\",\"element_styles_padding\":\"\",\"element_styles_float\":\"\",\"element_styles_show_advanced_css\":0,\"cellcid\":\"c3386\",\"value\":\"\",\"field_label\":\"Numer telefonu\",\"field_key\":\"phone_1640098023980\",\"drawerDisabled\":false,\"id\":8,\"beforeField\":\"\",\"afterField\":\"\",\"parentType\":\"textbox\",\"element_templates\":[\"tel\",\"textbox\",\"input\"],\"old_classname\":\"\",\"wrap_template\":\"wrap\"},{\"objectType\":\"Field\",\"objectDomain\":\"fields\",\"editActive\":false,\"order\":2,\"idAttribute\":\"id\",\"type\":\"email\",\"label\":\"Adres e-mail\",\"key\":\"adres_e-mail_1667919839452\",\"label_pos\":\"above\",\"required\":1,\"default\":\"\",\"placeholder\":\"Adres e-mail\",\"container_class\":\"\",\"element_class\":\"\",\"admin_label\":\"\",\"help_text\":\"\",\"custom_name_attribute\":\"email\",\"personally_identifiable\":1,\"wrap_styles_border\":\"\",\"wrap_styles_width\":\"\",\"wrap_styles_margin\":\"\",\"wrap_styles_padding\":\"\",\"wrap_styles_float\":\"\",\"wrap_styles_show_advanced_css\":0,\"label_styles_border\":\"\",\"label_styles_width\":\"\",\"label_styles_font-size\":\"\",\"label_styles_margin\":\"\",\"label_styles_padding\":\"\",\"label_styles_float\":\"\",\"label_styles_show_advanced_css\":0,\"element_styles_border\":\"\",\"element_styles_width\":\"\",\"element_styles_font-size\":\"\",\"element_styles_margin\":\"\",\"element_styles_padding\":\"\",\"element_styles_float\":\"\",\"element_styles_show_advanced_css\":0,\"cellcid\":\"c3389\",\"value\":\"\",\"drawerDisabled\":false,\"field_label\":\"E-mail\",\"field_key\":\"email_1640098026199\",\"id\":9,\"beforeField\":\"\",\"afterField\":\"\",\"parentType\":\"email\",\"element_templates\":[\"email\",\"input\"],\"old_classname\":\"\",\"wrap_template\":\"wrap\"},{\"objectType\":\"Field\",\"objectDomain\":\"fields\",\"editActive\":false,\"order\":3,\"idAttribute\":\"id\",\"type\":\"submit\",\"label\":\"Zapisz mnie\",\"processing_label\":\"W trakcie realizacji\",\"container_class\":\"\",\"element_class\":\"\",\"key\":\"zapisz_mnie_1667919853255\",\"wrap_styles_border\":\"\",\"wrap_styles_width\":\"\",\"wrap_styles_margin\":\"\",\"wrap_styles_padding\":\"\",\"wrap_styles_float\":\"\",\"wrap_styles_show_advanced_css\":0,\"element_styles_border\":\"\",\"element_styles_width\":\"\",\"element_styles_font-size\":\"\",\"element_styles_margin\":\"\",\"element_styles_padding\":\"\",\"element_styles_float\":\"\",\"element_styles_show_advanced_css\":0,\"submit_element_hover_styles_border\":\"\",\"submit_element_hover_styles_width\":\"\",\"submit_element_hover_styles_font-size\":\"\",\"submit_element_hover_styles_margin\":\"\",\"submit_element_hover_styles_padding\":\"\",\"submit_element_hover_styles_float\":\"\",\"submit_element_hover_styles_show_advanced_css\":0,\"cellcid\":\"c3391\",\"drawerDisabled\":false,\"field_label\":\"Zamawiam rozmow\\u0119\",\"field_key\":\"zamawiam_rozmowe_1640098067453\",\"id\":10,\"beforeField\":\"\",\"afterField\":\"\",\"value\":\"\",\"label_pos\":\"above\",\"parentType\":\"textbox\",\"element_templates\":[\"submit\",\"button\",\"input\"],\"old_classname\":\"\",\"wrap_template\":\"wrap-no-label\"}];nfForms.push(form);<\/script>\n                <script id=\"nf-tmpl-cell\" type=\"text\/template\">\n            <nf-fields><\/nf-fields>\n        <\/script>\n\n        <script id=\"nf-tmpl-row\" type=\"text\/template\">\n            <nf-cells><\/nf-cells>\n        <\/script>\n\n                <img loading=\"lazy\" decoding=\"async\" width=\"1500\" height=\"705\" src=\"https:\/\/www.koronakarkonoszy.pl\/blog\/wp-content\/uploads\/2022\/06\/Dwor-Korona-Karkonoszy.jpg\" class=\"attachment-full size-full\" alt=\"\" srcset=\"https:\/\/www.koronakarkonoszy.pl\/blog\/wp-content\/uploads\/2022\/06\/Dwor-Korona-Karkonoszy.jpg 1500w, https:\/\/www.koronakarkonoszy.pl\/blog\/wp-content\/uploads\/2022\/06\/Dwor-Korona-Karkonoszy-300x141.jpg 300w, https:\/\/www.koronakarkonoszy.pl\/blog\/wp-content\/uploads\/2022\/06\/Dwor-Korona-Karkonoszy-1024x481.jpg 1024w, https:\/\/www.koronakarkonoszy.pl\/blog\/wp-content\/uploads\/2022\/06\/Dwor-Korona-Karkonoszy-768x361.jpg 768w\" sizes=\"auto, (max-width: 1500px) 100vw, 1500px\" \/>        <\/div> \n    <\/div>\n<\/div>\n\n\n\n<p>Je\u017celi Para M\u0142oda nie chce \u015blubu ko\u015bcielnego, a jedynie cywilny, to musi zorientowa\u0107 si\u0119 w swoim urz\u0119dzie, czy udziela on \u015blub\u00f3w w niedziel\u0119. S\u0105 bowiem urz\u0119dy, w kt\u00f3rych \u015bluby udzielane s\u0105 jedynie w soboty.&nbsp;&nbsp;<\/p>\n\n\n<section id=\"leonardo-block_4439d1f1a98ff56eb8610b82562846a9\" class=\"leonardo page-breaker leonardo-image-left\">\r\n    <div class=\"leonardo-body\">\r\n        <h2 class=\"leonardo-title\" id=\"h-dlaczego-warto-zorganizowac-slub-w-wielkanoc\">Dlaczego warto zorganizowa\u0107 \u015blub w Wielkanoc?\u00a0<\/h2>        <div class=\"leonardo-content\"><p><!-- wp:heading --><\/p>\n<p>Branie \u015blubu w Wielkanoc to temat, kt\u00f3ry budzi pewne kontrowersje. To dobry czy z\u0142y pomys\u0142? Przyjrzyjmy si\u0119 bli\u017cej temu tematowi.<\/p>\n<p><!-- \/wp:paragraph --> <!-- wp:paragraph --><\/p>\n<p>Zacznijmy od zalet. \u015alub w Wielkanoc jest jeszcze bardziej radosny, ni\u017c w inne dni. Tradycja za\u015b m\u00f3wi, \u017ce Pary M\u0142ode, kt\u00f3re pobra\u0142y si\u0119 w Wielkanoc s\u0105 bardziej szcz\u0119\u015bliwe. Po po\u015bcie, kt\u00f3ry dla katolik\u00f3w pe\u0142en jest zadumy i wyrzecze\u0144,\u00a0<a href=\"https:\/\/www.koronakarkonoszy.pl\/blog\/czy-warto-organizowac-wesele-w-niedziele\/\" target=\"_blank\" rel=\"noreferrer noopener\">wesele w niedziel\u0119<\/a>\u00a0tu\u017c po nim jest tym bardziej radosne. Rado\u015b\u0107 ta udziela si\u0119 nie tylko Parze M\u0142odej, ale tak\u017ce rodzinom i znajomym.<\/p>\n<p><!-- \/wp:paragraph --> <!-- wp:paragraph --><\/p>\n<p>Wielkanoc to czas, w kt\u00f3rym wiele os\u00f3b ma wolne od pracy i mo\u017ce sp\u0119dzi\u0107 ten czas z rodzin\u0105 i przyjaci\u00f3\u0142mi. <a href=\"https:\/\/www.koronakarkonoszy.pl\/blog\/organizacja-wesel\/\" class=\"links-placer\">Organizacja \u015blubu<\/a> w tym czasie mo\u017ce by\u0107 wi\u0119c doskona\u0142\u0105 okazj\u0105 do spotkania bliskich, kt\u00f3rzy z r\u00f3\u017cnych powod\u00f3w nie mogli uczestniczy\u0107 w naszym \u017cyciu na co dzie\u0144. Co wa\u017cne, Poniedzia\u0142ek Wielkanocny jest dniem wolnym od pracy. Dlatego te\u017c bior\u0105c \u015blub w Niedziel\u0119 Wielkanocn\u0105, Para M\u0142oda nie musi si\u0119 martwi\u0107 o ewentualn\u0105 niedyspozycj\u0119 go\u015bci w poniedzia\u0142kowy poranek i zwi\u0105zan\u0105 z obecno\u015bci\u0105 na weselu absencj\u0119 w pracy.<\/p>\n<p><!-- \/wp:paragraph --> <!-- wp:paragraph --><\/p>\n<p>Ponadto, sceneria Wielkanocy, pe\u0142na kolorowych jajek, kwiat\u00f3w, ga\u0142\u0105zek wierzby, palm i innych symboli \u015bwi\u0105tecznych mo\u017ce nada\u0107 naszej uroczysto\u015bci wyj\u0105tkowy klimat. Uczyni\u0107 j\u0105 naprawd\u0119 niezapomnian\u0105!<\/p>\n<p><!-- \/wp:paragraph --><\/p>\n<\/div>\r\n            <\/div>\r\n    <div class=\"leonardo-image\">\r\n        <img loading=\"lazy\" decoding=\"async\" width=\"2560\" height=\"1707\" src=\"https:\/\/www.koronakarkonoszy.pl\/blog\/wp-content\/uploads\/2022\/06\/wesele-scaled.jpg\" class=\"attachment-full size-full\" alt=\"\" srcset=\"https:\/\/www.koronakarkonoszy.pl\/blog\/wp-content\/uploads\/2022\/06\/wesele-scaled.jpg 2560w, https:\/\/www.koronakarkonoszy.pl\/blog\/wp-content\/uploads\/2022\/06\/wesele-300x200.jpg 300w, https:\/\/www.koronakarkonoszy.pl\/blog\/wp-content\/uploads\/2022\/06\/wesele-1024x683.jpg 1024w, https:\/\/www.koronakarkonoszy.pl\/blog\/wp-content\/uploads\/2022\/06\/wesele-768x512.jpg 768w, https:\/\/www.koronakarkonoszy.pl\/blog\/wp-content\/uploads\/2022\/06\/wesele-1920x1280.jpg 1920w, https:\/\/www.koronakarkonoszy.pl\/blog\/wp-content\/uploads\/2022\/06\/wesele-1536x1024.jpg 1536w, https:\/\/www.koronakarkonoszy.pl\/blog\/wp-content\/uploads\/2022\/06\/wesele-2048x1365.jpg 2048w\" sizes=\"auto, (max-width: 2560px) 100vw, 2560px\" \/>            <\/div>\r\n<\/section>\n\n\n<h2 class=\"wp-block-heading\" id=\"ha-inne-zalety-slubu-w-wielkanoc\">Inne zalety \u015blubu w Wielkanoc<\/h2>\n\n\n\n<p>Warto r\u00f3wnie\u017c zauwa\u017cy\u0107, \u017ce organizacja \u015blubu w Wielkanoc mo\u017ce przynie\u015b\u0107 pewne oszcz\u0119dno\u015bci Parze M\u0142odej. W tym czasie wiele firm oferuje specjalne pakiety \u015blubne, co mo\u017ce oznacza\u0107 ni\u017csze koszty organizacji uroczysto\u015bci. Ponadto, wi\u0119kszo\u015b\u0107 go\u015bci ma wolne od pracy, co u\u0142atwia ich obecno\u015b\u0107 na weselu i pozwala im na d\u0142u\u017csze przebywanie z nami w tym wyj\u0105tkowym dniu.<\/p>\n\n\n<section id=\"leonardo-block_afa1a94b57e9daa33a75bc68e1975dfd\" class=\"leonardo page-breaker leonardo-image-right\">\r\n    <div class=\"leonardo-body\">\r\n        <h2 class=\"leonardo-title\" id=\"h-motyw-przewodni-na-slub-w-wielkanoc\">Motyw przewodni na \u015blub w Wielkanoc <\/h2>        <div class=\"leonardo-content\"><p>Pa\u0144stwo M\u0142odzi, kt\u00f3rzy decyduj\u0105 si\u0119 na \u015blub w Wielkanoc, nie musz\u0105 si\u0119 d\u0142ugo zastanawia\u0107 nad dekoracjami i motywem przewodnim wesela. Jest on oczywisty. Ponadto nikt nie zabroni Ma\u0142\u017conkom stworzy\u0107 sesji zdj\u0119ciowej, w czasie kt\u00f3rej drugoplanow\u0105 rol\u0119 gra\u0107 b\u0119d\u0105 kr\u00f3liczki i kurczaczki. <strong>Stroje Pary M\u0142odej r\u00f3wnie\u017c cz\u0119sto odzwierciedlaj\u0105 \u015bwi\u0105teczn\u0105 symbolik\u0119.<\/strong> Panna M\u0142oda mo\u017ce wybra\u0107 bia\u0142\u0105 sukni\u0119 z dodatkami w kolorze z\u0142otym lub \u017c\u00f3\u0142tym, natomiast Pan M\u0142ody mo\u017ce ubra\u0107 si\u0119 w klasyczny garnitur w kolorze bia\u0142ym lub jasnoszarym.<\/p>\n<p><span data-ccp-props=\"{&quot;201341983&quot;:0,&quot;335559739&quot;:0,&quot;335559740&quot;:276}\">\u00a0<\/span><\/p>\n<\/div>\r\n                    <aside class=\"leonardo-interlink\">\r\n                <b>Polecamy<\/b>\r\n                <a href=\"https:\/\/www.koronakarkonoszy.pl\/blog\/slub-koscielny-czy-cywilny-jaka-opcje-wybrac\/\">\u015alub ko\u015bcielny czy cywilny &#8211; jak\u0105 opcj\u0119 wybra\u0107?<\/a>\r\n            <\/aside>\r\n            <\/div>\r\n    <div class=\"leonardo-image\">\r\n        <img loading=\"lazy\" decoding=\"async\" width=\"1280\" height=\"853\" src=\"https:\/\/www.koronakarkonoszy.pl\/blog\/wp-content\/uploads\/2021\/08\/slub-w-Wielkanoc1.jpg\" class=\"attachment-full size-full\" alt=\"\" srcset=\"https:\/\/www.koronakarkonoszy.pl\/blog\/wp-content\/uploads\/2021\/08\/slub-w-Wielkanoc1.jpg 1280w, https:\/\/www.koronakarkonoszy.pl\/blog\/wp-content\/uploads\/2021\/08\/slub-w-Wielkanoc1-300x200.jpg 300w, https:\/\/www.koronakarkonoszy.pl\/blog\/wp-content\/uploads\/2021\/08\/slub-w-Wielkanoc1-1024x682.jpg 1024w, https:\/\/www.koronakarkonoszy.pl\/blog\/wp-content\/uploads\/2021\/08\/slub-w-Wielkanoc1-768x512.jpg 768w\" sizes=\"auto, (max-width: 1280px) 100vw, 1280px\" \/>            <\/div>\r\n<\/section>\n\n\n<p>To samo dotyczy&nbsp;menu weselnego. Para M\u0142oda mo\u017ce z \u0142atwo\u015bci\u0105 je dostosowa\u0107 do trwaj\u0105cego \u015bwi\u0119ta i postawi\u0107 na jajka pod r\u00f3\u017cn\u0105 postaci\u0105, \u017cur, barszcz bia\u0142y i mazurki.&nbsp;<\/p>\n\n\n\n<p>Zazwyczaj Wielkanoc odbywa si\u0119 w takim terminie, \u017ce nie ma jeszcze upa\u0142\u00f3w, ale pogoda sprzyja zabawie. Dlatego organizuj\u0105c wesele w Wielkanoc, Pa\u0144stwo M\u0142odzi nie musz\u0105 si\u0119 raczej martwi\u0107 o pogod\u0119. Zw\u0142aszcza, \u017ce przyj\u0119cie odbywa si\u0119 w\u00a0<a href=\"https:\/\/www.koronakarkonoszy.pl\/sala-weselna\/\" target=\"_blank\" rel=\"noreferrer noopener\">sali weselnej<\/a>. I tutaj kolejna dobra\u00a0wiadomo\u015b\u0107. Nie ka\u017cdy decyduje si\u0119 na organizacj\u0119 \u015blubu w Wielkanoc. Dlatego dost\u0119pno\u015b\u0107\u00a0sal\u00a0weselnych w tym terminie jest zwykle spora. \u015awi\u0119ta Wielkanocne to czas, w kt\u00f3rym wszyscy spotykaj\u0105 si\u0119 z rodzinami. Dlatego te\u017c wesele w Wielkanoc jest idealnym pretekstem na spotkanie zar\u00f3wno z bli\u017csz\u0105, jak i t\u0105 dalsz\u0105 rodzin\u0105<\/p>\n\n\n<section id=\"leonardo-block_2738a958390ed625f8ea49426c3842f9\" class=\"leonardo page-breaker leonardo-image-left\">\r\n    <div class=\"leonardo-body\">\r\n        <h2 class=\"leonardo-title\" id=\"h-dlaczego-pary-mlode-boja-sie-organizowac-slub-w-wielkanoc\">Dlaczego Pary M\u0142ode boj\u0105 si\u0119 organizowa\u0107 \u015blub w Wielkanoc?\u00a0<\/h2>        <div class=\"leonardo-content\"><p><!-- wp:heading --><\/p>\n<p>\u015alub w Wielkanoc przysparza tyle samo rado\u015bci i ekscytacji, co w\u0105tpliwo\u015bci i obaw. Z czym mo\u017ce mie\u0107 problem Para M\u0142oda, organizuj\u0105ca \u015blub w Wielkanoc? Nie warto w tym wypadku wierzy\u0107 w\u00a0<a href=\"https:\/\/www.koronakarkonoszy.pl\/blog\/przesady-slubne-i-weselne\/\" target=\"_blank\" rel=\"noreferrer noopener\">przes\u0105dy \u015blubne i weselne<\/a>. Problem mo\u017ce by\u0107 ca\u0142kiem przyziemny \u2013 mianowicie z us\u0142ugodawcami. Fryzjerzy, fotografowie i kosmetyczki mog\u0105 odm\u00f3wi\u0107 Pa\u0144stwu M\u0142odym wykonania us\u0142ug w czasie \u015bwi\u0105t, lub wykonywa\u0107 za wy\u017csze, bo \u015bwi\u0105teczny ceny.<\/p>\n<p><!-- \/wp:paragraph --> <!-- wp:paragraph --><\/p>\n<p>Mo\u017ce te\u017c by\u0107 problem z dost\u0119pno\u015bci\u0105 \u015bwie\u017cych potraw. W Wielk\u0105 Sobot\u0119 wiele zak\u0142ad\u00f3w takich jak piekarnie czy cukierni\u0119 nie pracuje. Dlatego te\u017c niekt\u00f3re produkty mog\u0105 by\u0107 niedost\u0119pne.<\/p>\n<p><!-- \/wp:paragraph --> <!-- wp:paragraph --><\/p>\n<p>Poniewa\u017c Wielkanoc jest \u015bwi\u0119tem ruchomym, Para M\u0142oda nie ma pewno\u015bci, jaka pogoda czeka j\u0105 w dniu \u015blubu. A ta mo\u017ce okaza\u0107 si\u0119 bardzo kapry\u015bna \u2013 czasem w marcu pada jeszcze \u015bnieg.\u00a0Zw\u0142aszcza je\u015bli planujemy <a href=\"https:\/\/www.koronakarkonoszy.pl\/blog\/wesele-w-ogrodzie\/\" target=\"_blank\" rel=\"noopener\">wesele w ogrodzie<\/a>, pogoda mo\u017ce pokrzy\u017cowa\u0107 nam plany. Warto zadba\u0107 o wariant B \u2013 eleganckie parasole, namiot czy mo\u017cliwo\u015b\u0107 przeniesienia ceremonii do domu weselnego.<\/p>\n<p><!-- \/wp:paragraph --> <!-- wp:paragraph --><\/p>\n<p>Jednak najwi\u0119ksze w\u0105tpliwo\u015bci zwi\u0105zane z organizacj\u0105 wesela w Wielkanoc wi\u0105\u017c\u0105 si\u0119 z reakcj\u0105 rodziny. Pary M\u0142ode obawiaj\u0105 si\u0119, \u017ce \u015blub w Wielkanoc b\u0119dzie \u017ale odebrany przez ich najbli\u017cszych, kt\u00f3rzy przyzwyczajeni s\u0105 do innego sp\u0119dzania \u015bwi\u0105tecznego czasu. Przede wszystkim to czas, w kt\u00f3rym wiele os\u00f3b podr\u00f3\u017cuje do swoich rodzin i mo\u017ce mie\u0107 trudno\u015bci z dost\u0119pno\u015bci\u0105 lub po prostu nie m\u00f3c przyby\u0107 na nasze wesele ze wzgl\u0119du na wcze\u015bniej zaplanowane wyjazdy. Pa\u0144stwo M\u0142odzi mog\u0105 obawia\u0107 si\u0119, \u017ce wielu go\u015bci wcze\u015bniej opu\u015bci sal\u0119 weseln\u0105 lub wr\u0119cz odm\u00f3wi przybycia na wesele.\u00a0Jednak to zwykle bezpodstawne obawy \u2013 najbli\u017csi Pary M\u0142odej na pewno ch\u0119tnie b\u0119d\u0105 uczestniczy\u0107 w ich \u015bwi\u0119cie, po\u0142\u0105czonym ze \u015bwi\u0119towaniem Wielkanocy.<\/p>\n<p><!-- \/wp:paragraph --><\/p>\n<\/div>\r\n            <\/div>\r\n    <div class=\"leonardo-image\">\r\n        <img loading=\"lazy\" decoding=\"async\" width=\"800\" height=\"534\" src=\"https:\/\/www.koronakarkonoszy.pl\/blog\/wp-content\/uploads\/2021\/07\/newwesele_wiosna.jpg\" class=\"attachment-full size-full\" alt=\"wesele wiosn\u0105\" srcset=\"https:\/\/www.koronakarkonoszy.pl\/blog\/wp-content\/uploads\/2021\/07\/newwesele_wiosna.jpg 800w, https:\/\/www.koronakarkonoszy.pl\/blog\/wp-content\/uploads\/2021\/07\/newwesele_wiosna-300x200.jpg 300w, https:\/\/www.koronakarkonoszy.pl\/blog\/wp-content\/uploads\/2021\/07\/newwesele_wiosna-768x513.jpg 768w\" sizes=\"auto, (max-width: 800px) 100vw, 800px\" \/>            <\/div>\r\n<\/section>\n\n\n<h2 class=\"wp-block-heading\" id=\"ha-menu-na-slub-w-wielkanoc\">Menu na \u015blub w Wielkanoc<\/h2>\n\n\n\n<p>Organizacja wesela to jedno z najwa\u017cniejszych wydarze\u0144 w \u017cyciu Pary M\u0142odej. Planowanie menu na t\u0119 okazj\u0119 mo\u017ce by\u0107 jednak trudnym zadaniem, szczeg\u00f3lnie je\u015bli wesele przypada na Wielkanoc. Jakie dania wybra\u0107, aby zadowoli\u0107 wszystkich go\u015bci i wprowadzi\u0107 \u015bwi\u0105teczny nastr\u00f3j? Oto kilka sugestii.<\/p>\n\n\n\n<p>Zacznijmy od <strong>przystawek<\/strong>. Wiosenne warzywa, takie jak szparagi czy rzodkiewki, mog\u0105 stanowi\u0107 doskona\u0142\u0105 baz\u0119 do pysznych i lekkich <a href=\"https:\/\/www.koronakarkonoszy.pl\/blog\/przystawki-na-zimno-na-wesele\/\" target=\"_blank\" rel=\"noreferrer noopener\">przystawek<\/a>. Warto r\u00f3wnie\u017c pomy\u015ble\u0107 o w\u0119dlinach i serach, kt\u00f3re pasuj\u0105 idealnie do wielkanocnego klimatu. Proponujemy zaserwowa\u0107 kie\u0142baski, jajka faszerowane past\u0105 chrzanow\u0105 oraz delikatne tarty z bia\u0142ym serem i szpinakiem.<\/p>\n\n\n\n<figure class=\"wp-block-image size-large\"><img loading=\"lazy\" decoding=\"async\" width=\"1024\" height=\"683\" src=\"https:\/\/www.koronakarkonoszy.pl\/blog\/wp-content\/uploads\/2021\/10\/przystawki-na-zimno-na-wesele-1024x683.jpg\" alt=\"Przystawki na zimno na wesele \u2013 jak je wybra\u0107?\" class=\"wp-image-1824\" srcset=\"https:\/\/www.koronakarkonoszy.pl\/blog\/wp-content\/uploads\/2021\/10\/przystawki-na-zimno-na-wesele-1024x683.jpg 1024w, https:\/\/www.koronakarkonoszy.pl\/blog\/wp-content\/uploads\/2021\/10\/przystawki-na-zimno-na-wesele-300x200.jpg 300w, https:\/\/www.koronakarkonoszy.pl\/blog\/wp-content\/uploads\/2021\/10\/przystawki-na-zimno-na-wesele-768x512.jpg 768w, https:\/\/www.koronakarkonoszy.pl\/blog\/wp-content\/uploads\/2021\/10\/przystawki-na-zimno-na-wesele.jpg 1254w\" sizes=\"auto, (max-width: 1024px) 100vw, 1024px\" \/><\/figure>\n\n\n\n<p>Je\u015bli chodzi o <strong>zupy<\/strong>, to klasyk\u0105 Wielkanocn\u0105 jest \u017curek. To aromatyczna zupa na zakwasie, wzbogacona o boczek, kie\u0142bas\u0119 i jajka. Wielu zwolennik\u00f3w ma r\u00f3wnie\u017c tradycyjny barszcz bia\u0142y. Do wyboru mamy r\u00f3wnie\u017c krem z pieczonych warzyw lub z jarmu\u017cu z ziemniakami.<\/p>\n\n\n\n<p><strong><a href=\"https:\/\/www.koronakarkonoszy.pl\/blog\/dania-na-wesele\/\" target=\"_blank\" rel=\"noreferrer noopener\">G\u0142\u00f3wne dania<\/a><\/strong> powinny by\u0107 smaczne i syte, ale jednocze\u015bnie lekkie i \u015bwie\u017ce. Idealnym wyborem b\u0119d\u0105 dania z ryb, takie jak pieczona \u0142oso\u015b czy dorsz w sosie cytrynowym. Je\u015bli wolicie mi\u0119so, to proponujemy baranin\u0119 pieczon\u0105 w marynacie zio\u0142owej lub szynk\u0119 wieprzow\u0105 z sa\u0142atk\u0105 z kiszonej kapusty.<\/p>\n\n\n\n<figure class=\"wp-block-image size-large\"><img loading=\"lazy\" decoding=\"async\" width=\"1024\" height=\"683\" src=\"https:\/\/www.koronakarkonoszy.pl\/blog\/wp-content\/uploads\/2021\/10\/dania-na-wesele-1024x683.jpg\" alt=\"\" class=\"wp-image-1885\" srcset=\"https:\/\/www.koronakarkonoszy.pl\/blog\/wp-content\/uploads\/2021\/10\/dania-na-wesele-1024x683.jpg 1024w, https:\/\/www.koronakarkonoszy.pl\/blog\/wp-content\/uploads\/2021\/10\/dania-na-wesele-300x200.jpg 300w, https:\/\/www.koronakarkonoszy.pl\/blog\/wp-content\/uploads\/2021\/10\/dania-na-wesele-768x512.jpg 768w, https:\/\/www.koronakarkonoszy.pl\/blog\/wp-content\/uploads\/2021\/10\/dania-na-wesele.jpg 1254w\" sizes=\"auto, (max-width: 1024px) 100vw, 1024px\" \/><figcaption class=\"wp-element-caption\"><strong><a href=\"https:\/\/www.koronakarkonoszy.pl\/restauracja\/\" target=\"_blank\" rel=\"noreferrer noopener\">Menu na wesele<\/a>, Dw\u00f3r Korona Karkonoszy, <a href=\"https:\/\/www.koronakarkonoszy.pl\/blog-atrakcje\/sosnowka\/\" class=\"links-placer\">Sosn\u00f3wka<\/a> k. Karpacza <\/strong><\/figcaption><\/figure>\n\n\n\n<p>Na <strong><a href=\"https:\/\/www.koronakarkonoszy.pl\/blog\/desery-na-wesele\/\" target=\"_blank\" rel=\"noreferrer noopener\">deser<\/a><\/strong> proponujemy tradycyjne babki wielkanocne, sernik na zimno z owocami, czy kolorowe mazurki z migda\u0142ami i bakaliami. Do kawy i herbaty mo\u017cemy poda\u0107 r\u00f3wnie\u017c koszyczki z ciasteczkami i czekoladkami w kszta\u0142cie jajek.<\/p>\n\n\n\n<p>Wa\u017cne, aby pami\u0119ta\u0107 o r\u00f3\u017cnorodno\u015bci i dostosowaniu menu do preferencji naszych go\u015bci. Je\u015bli wiele os\u00f3b na li\u015bcie zaprosze\u0144 ma restrykcyjne diety lub preferuje wegetaria\u0144skie dania, warto zadba\u0107 o odpowiednie warianty menu. Nie warto przesadza\u0107 z liczb\u0105 da\u0144, ale warto postawi\u0107 na smaczne i \u015bwie\u017ce produkty.<\/p>\n\n\n<section id=\"leonardo-block_3d2c82ecd1634964504a781ed4d67799\" class=\"leonardo page-breaker leonardo-image-right\">\r\n    <div class=\"leonardo-body\">\r\n        <h2 class=\"leonardo-title\" id=\"h-dekoracje-na-wesele-w-wielkanoc\">Dekoracje na wesele w Wielkanoc<\/h2>        <div class=\"leonardo-content\"><p><!-- wp:heading --><\/p>\n<p>Wesele w Wielkanoc to wyj\u0105tkowa okazja do wprowadzenia do <a href=\"https:\/\/www.koronakarkonoszy.pl\/blog\/sala-weselna\/\" target=\"_blank\" rel=\"noopener\">sali weselnej<\/a> pi\u0119knych, klimatycznych dekoracji, kt\u00f3re wprowadz\u0105 go\u015bci w \u015bwi\u0105teczny nastr\u00f3j. Jakie elementy dekoracyjne warto wykorzysta\u0107 podczas takiej uroczysto\u015bci?<\/p>\n<p><!-- \/wp:paragraph --> <!-- wp:paragraph --><\/p>\n<p>Na pocz\u0105tek warto pomy\u015ble\u0107 o aran\u017cacji sto\u0142\u00f3w dla go\u015bci. Na bia\u0142ych obrusach \u015bwietnie b\u0119d\u0105 wygl\u0105da\u0107 jasne, pastelowe serwetki w kolorze \u017c\u00f3\u0142tym, zielonym lub r\u00f3\u017cowym. Do dekoracji sto\u0142\u00f3w mo\u017cemy wykorzysta\u0107 r\u00f3wnie\u017c wiosenne <a href=\"https:\/\/www.koronakarkonoszy.pl\/blog\/kwiaty-na-stoly-weselne\/\" target=\"_blank\" rel=\"noopener\">kwiaty<\/a>, takie jak tulipany, narcyzy czy hiacynty. Na \u015brodku sto\u0142u mo\u017cna postawi\u0107 klasyczne koszyczki wielkanocne z jajkami, pisankami lub wianki ze wst\u0105\u017cek i kwiat\u00f3w.<\/p>\n<p><!-- \/wp:paragraph --> <!-- wp:paragraph --><\/p>\n<p>W <a href=\"https:\/\/www.koronakarkonoszy.pl\/blog\/sala-na-wesele-co-warto-wiedziec\/\" target=\"_blank\" rel=\"noopener\">sali na wesele<\/a> warto r\u00f3wnie\u017c umie\u015bci\u0107 odpowiednie akcenty dekoracyjne. Dobrym pomys\u0142em b\u0119dzie dekoracja \u015bcian i kolumn, na kt\u00f3rych mo\u017cna zawiesi\u0107 wianki lub girlandy z kwiat\u00f3w i jajek. \u015awi\u0105teczny klimat wprowadz\u0105 r\u00f3wnie\u017c stylowe zaj\u0105ce lub kurczaki ozdobne oraz kolorowe jajka, kt\u00f3re mo\u017cna rozmie\u015bci\u0107 w r\u00f3\u017cnych miejscach na sali.<\/p>\n<p><!-- \/wp:paragraph --> <!-- wp:paragraph --><\/p>\n<p>Wa\u017cn\u0105 cz\u0119\u015bci\u0105 dekoracji b\u0119d\u0105 r\u00f3wnie\u017c \u015bwiece. Najlepiej delikatne, pastelowe w kolorach \u017c\u00f3\u0142tym, zielonym lub b\u0142\u0119kitnym dodadz\u0105 sali weselnej ciep\u0142a i przytulno\u015bci. Mo\u017cemy r\u00f3wnie\u017c zastosowa\u0107 wieniec z jajek i kwiat\u00f3w z wplecionymi w niego \u015bwiate\u0142kami, kt\u00f3ry b\u0119dzie przyci\u0105ga\u0142 uwag\u0119 i wprowadza\u0142 nastr\u00f3j wielkanocny.<\/p>\n<p><!-- \/wp:paragraph --> <!-- wp:paragraph --><\/p>\n<p>Nie zapominajmy r\u00f3wnie\u017c o dekoracji sto\u0142u weselnego, przy kt\u00f3rym zasi\u0105dzie Para M\u0142oda. Warto postawi\u0107 na eleganckie serwetki, pi\u0119kne talerze i szklanki, a tak\u017ce ozdobi\u0107 go kwiatami, jajkami i wiosennymi ozdobami. <a href=\"https:\/\/www.koronakarkonoszy.pl\/blog\/aranzacja-sali-weselnej\/\" target=\"_blank\" rel=\"noopener\">Aran\u017cacja sali weselnej<\/a> w Wielkanoc powinna wprowadza\u0107 do sali weselnej klimat \u015bwi\u0105t, ale jednocze\u015bnie by\u0107 elegancka i stylowa.<\/p>\n<p><!-- \/wp:paragraph --><\/p>\n<\/div>\r\n            <\/div>\r\n    <div class=\"leonardo-image\">\r\n        <img loading=\"lazy\" decoding=\"async\" width=\"1024\" height=\"682\" src=\"https:\/\/www.koronakarkonoszy.pl\/blog\/wp-content\/uploads\/2021\/07\/sala_elegancki_wystroj.jpg\" class=\"attachment-full size-full\" alt=\"sala elegancki wystr\u00f3j\" srcset=\"https:\/\/www.koronakarkonoszy.pl\/blog\/wp-content\/uploads\/2021\/07\/sala_elegancki_wystroj.jpg 1024w, https:\/\/www.koronakarkonoszy.pl\/blog\/wp-content\/uploads\/2021\/07\/sala_elegancki_wystroj-300x200.jpg 300w, https:\/\/www.koronakarkonoszy.pl\/blog\/wp-content\/uploads\/2021\/07\/sala_elegancki_wystroj-768x512.jpg 768w\" sizes=\"auto, (max-width: 1024px) 100vw, 1024px\" \/>            <\/div>\r\n<\/section>\n\n\n<h2 class=\"wp-block-heading\" id=\"ha-wady-i-zalety-wesela-w-wielkanoc\">Wady i zalety wesela w Wielkanoc<\/h2>\n\n\n\n<p>Organizacja wesela w Wielkanoc ma swoje wady i zalety, kt\u00f3re warto rozwa\u017cy\u0107 przed podj\u0119ciem decyzji: <a href=\"https:\/\/www.koronakarkonoszy.pl\/blog\/kiedy-slub\/\" target=\"_blank\" rel=\"noreferrer noopener\">kiedy \u015blub<\/a>?<\/p>\n\n\n<section id=\"leonardo-block_0694f9b3139198187e0fe25ce73fd7c0\" class=\"leonardo page-breaker leonardo-image-left\">\r\n    <div class=\"leonardo-body\">\r\n        <h2 class=\"leonardo-title\" id=\"h-zalety-slubu-w-wielkanoc\">Zalety \u015blubu w Wielkanoc<\/h2>        <div class=\"leonardo-content\"><p>Jedn\u0105 z g\u0142\u00f3wnych zalet organizacji wesela w Wielkanoc jest pi\u0119kna sceneria i dekoracje, jakie towarzysz\u0105 temu \u015bwi\u0119tu. Kolorowe jajka, kwiaty, zaj\u0105ce i baranki sprawiaj\u0105, \u017ce sala weselna nabiera wyj\u0105tkowego klimatu. Uroczysto\u015b\u0107 staje si\u0119 jeszcze bardziej urocza, ni\u017c zwykle.<\/p>\n<p><!-- \/wp:paragraph --> <!-- wp:paragraph --><\/p>\n<p>Wielkanoc to czas, w kt\u00f3rym wiele os\u00f3b podr\u00f3\u017cuje do swoich rodzin i sp\u0119dza razem czas. <a href=\"https:\/\/www.koronakarkonoszy.pl\/blog\/organizacja-wesel-od-a-do-z\/\" target=\"_blank\" rel=\"noopener\">Organizacja wesela<\/a> w tym czasie mo\u017ce by\u0107 wi\u0119c idealn\u0105 okazj\u0105 do spotkania bliskich, z kt\u00f3rymi nie mieli\u015bmy okazji si\u0119 widzie\u0107 przez d\u0142ugi czas. Ponadto, go\u015bcie mog\u0105 cieszy\u0107 si\u0119 dodatkowym wolnym, co pozwoli im na d\u0142u\u017csze przebywanie na weselu i zabaw\u0119 do bia\u0142ego rana. Nawet go\u015bcie z dalszych stron \u0142atwiej znajd\u0105 czas na przyjazd na uroczysto\u015b\u0107. Dodatkowo mo\u017cna wykorzysta\u0107 ten czas, aby wsp\u00f3lnie zobaczy\u0107 lokalne atrakcje turystyczne.<\/p>\n<p><!-- \/wp:paragraph --> <!-- wp:paragraph --><\/p>\n<p>Ponadto Para M\u0142oda mo\u017ce w prosty spos\u00f3b w\u0142\u0105czy\u0107 si\u0119 w lokalne zwyczaje i tradycje. Mo\u017cna zorganizowa\u0107 warsztaty pisankarskie czy z\u0142o\u017cy\u0107 \u017cyczenia wierzb\u0105 palmow\u0105. To doskona\u0142y spos\u00f3b na lepsze zrozumienie i odkrycie regionalnych obyczaj\u00f3w.<\/p>\n<p><!-- \/wp:paragraph --> <!-- wp:paragraph --><\/p>\n<p>Warto r\u00f3wnie\u017c zauwa\u017cy\u0107, \u017ce organizacja wesela w Wielkanoc mo\u017ce mie\u0107 r\u00f3wnie\u017c pozytywny wp\u0142yw na bud\u017cet. W tym czasie wiele firm oferuje specjalne pakiety weselne, co mo\u017ce przynie\u015b\u0107 oszcz\u0119dno\u015bci. Ponadto, poniewa\u017c wi\u0119kszo\u015b\u0107 os\u00f3b ma wolne od pracy, \u0142atwiej jest r\u00f3wnie\u017c znale\u017a\u0107 dost\u0119pne terminy u r\u00f3\u017cnych us\u0142ugodawc\u00f3w.<\/p>\n<\/div>\r\n                    <aside class=\"leonardo-interlink\">\r\n                <b>Polecamy<\/b>\r\n                <a href=\"https:\/\/www.koronakarkonoszy.pl\/blog\/sukienka-na-wesele-kolor-ma-znaczenie\/\">Sukienka na wesele &#8211; kolor ma znaczenie!<\/a>\r\n            <\/aside>\r\n            <\/div>\r\n    <div class=\"leonardo-image\">\r\n        <img loading=\"lazy\" decoding=\"async\" width=\"640\" height=\"426\" src=\"https:\/\/www.koronakarkonoszy.pl\/blog\/wp-content\/uploads\/2021\/08\/slub-w-Wielkanoc2.jpg\" class=\"attachment-full size-full\" alt=\"\" srcset=\"https:\/\/www.koronakarkonoszy.pl\/blog\/wp-content\/uploads\/2021\/08\/slub-w-Wielkanoc2.jpg 640w, https:\/\/www.koronakarkonoszy.pl\/blog\/wp-content\/uploads\/2021\/08\/slub-w-Wielkanoc2-300x200.jpg 300w\" sizes=\"auto, (max-width: 640px) 100vw, 640px\" \/>            <\/div>\r\n<\/section>\n\n\n<h3 class=\"wp-block-heading\" id=\"ha-wady-wesela-w-wielkanoc\">Wady wesela w Wielkanoc<\/h3>\n\n\n\n<p>Jedn\u0105 z g\u0142\u00f3wnych wad organizacji wesela w Wielkanoc jest fakt, \u017ce jest to czas, w kt\u00f3rym wiele os\u00f3b podr\u00f3\u017cuje do swoich rodzin. W zwi\u0105zku z tym, go\u015bcie mog\u0105 mie\u0107 trudno\u015bci z przybyciem na wesele ze wzgl\u0119du na wcze\u015bniej zaplanowane wyjazdy.<\/p>\n\n\n\n<p>Kolejn\u0105 wad\u0105 jest to, \u017ce w Wielkanoc pogoda bywa zmienna. Trudno jest przewidzie\u0107, jaka b\u0119dzie w dniu wesela. Mo\u017ce to stanowi\u0107 problem, je\u015bli uroczysto\u015b\u0107 ma odby\u0107 si\u0119 w plenerze. W przypadku nag\u0142ych opad\u00f3w deszczu lub silnego wiatru, trzeba szybko reagowa\u0107 i przenie\u015b\u0107 uroczysto\u015b\u0107 do budynku, co na pewno nie jest po\u017c\u0105danym scenariuszem.<\/p>\n\n\n\n<p>Kolejn\u0105 wad\u0105 jest to, \u017ce w Wielkanoc ceny us\u0142ug weselnych mog\u0105 by\u0107 wy\u017csze. Wiele os\u00f3b decyduje si\u0119 na zorganizowanie wesela w tym okresie, co skutkuje tym, \u017ce ceny wynajmu sal weselnych, <a href=\"https:\/\/www.koronakarkonoszy.pl\/catering\/\" target=\"_blank\" rel=\"noreferrer noopener\">cateringu<\/a>, kwiat\u00f3w czy zespo\u0142\u00f3w muzycznych mog\u0105 by\u0107 wy\u017csze ni\u017c w pozosta\u0142e miesi\u0105ce. Mniej wi\u0119cej od Wielkanocy zaczyna si\u0119 ju\u017c tak zwany wysoki <a href=\"https:\/\/www.koronakarkonoszy.pl\/blog\/sezon-slubny\/\" target=\"_blank\" rel=\"noreferrer noopener\">sezon \u015blubny<\/a>.<\/p>\n\n\n\n<figure class=\"wp-block-image size-large\"><a href=\"https:\/\/www.koronakarkonoszy.pl\/wesele\/\" target=\"_blank\" rel=\"noreferrer noopener\"><img loading=\"lazy\" decoding=\"async\" width=\"1024\" height=\"512\" src=\"https:\/\/www.koronakarkonoszy.pl\/blog\/wp-content\/uploads\/2022\/06\/stylowy_dwor_wesleny_DKK-3-1024x512.jpg\" alt=\"\" class=\"wp-image-4637\" srcset=\"https:\/\/www.koronakarkonoszy.pl\/blog\/wp-content\/uploads\/2022\/06\/stylowy_dwor_wesleny_DKK-3-1024x512.jpg 1024w, https:\/\/www.koronakarkonoszy.pl\/blog\/wp-content\/uploads\/2022\/06\/stylowy_dwor_wesleny_DKK-3-300x150.jpg 300w, https:\/\/www.koronakarkonoszy.pl\/blog\/wp-content\/uploads\/2022\/06\/stylowy_dwor_wesleny_DKK-3-768x384.jpg 768w, https:\/\/www.koronakarkonoszy.pl\/blog\/wp-content\/uploads\/2022\/06\/stylowy_dwor_wesleny_DKK-3.jpg 1200w\" sizes=\"auto, (max-width: 1024px) 100vw, 1024px\" \/><\/a><\/figure>\n\n\n\n<h2 class=\"wp-block-heading\" id=\"ha-wesele-w-wielkanoc-warto\">Wesele w Wielkanoc\u00a0\u2013 warto!<\/h2>\n\n\n\n<p>Organizacja \u015blubu w Wielkanoc ma du\u017co samo plus\u00f3w, a niewiele minus\u00f3w. Pary M\u0142ode mog\u0105 jedynie obawia\u0107 si\u0119 reakcji rodziny i drobnych utrudnie\u0144 w organizacji. Jednak je\u015bli si\u0119 ju\u017c zdecyduj\u0105 na \u015blub w Wielkanoc, to mo\u017ce si\u0119 okaza\u0107, \u017ce wszystkie przeszkody uda im si\u0119 bez problemu pokona\u0107. Panuj\u0105ca radosna atmosfera i rado\u015b\u0107 sprawiaj\u0105, \u017ce warto przemy\u015ble\u0107 t\u0105 dat\u0119. Ponadto ka\u017cda rodzina jest inna i Para M\u0142oda najlepiej wie, czy organizacja wesela w \u015bwi\u0119ta b\u0119dzie \u017ale odebrana przez bliskich. A mo\u017ce wr\u0119cz przeciwnie? Mo\u017ce wesele to oka\u017ce si\u0119 idealnym momentem na spotkanie si\u0119 ca\u0142ej rodziny? Ma\u0142\u017ce\u0144stwa zawarte w Wielkanoc mog\u0105 by\u0107 tak samo szcz\u0119\u015bliwe, jak w ka\u017cdym innym terminie. A samo \u015bwi\u0119to, ko\u0144cz\u0105ce d\u0142ugi post, od wiek\u00f3w by\u0142o pocz\u0105tkiem sezonu \u015blubnego. Warto wi\u0119c kultywowa\u0107 tradycj\u0119 i&nbsp;<a href=\"https:\/\/www.koronakarkonoszy.pl\/blog\/weselne-zwyczaje\/\" target=\"_blank\" rel=\"noreferrer noopener\">weselne zwyczaje<\/a>&nbsp;tak\u017ce w tym obr\u0119bie.&nbsp;<\/p>\n\n\n<div class=\"wp-block-image\">\n<figure class=\"alignleft size-full is-resized\"><img loading=\"lazy\" decoding=\"async\" src=\"https:\/\/www.koronakarkonoszy.pl\/blog\/wp-content\/uploads\/2021\/07\/wiosna-wesele.jpg\" alt=\"\" class=\"wp-image-341\" width=\"660\" height=\"271\" srcset=\"https:\/\/www.koronakarkonoszy.pl\/blog\/wp-content\/uploads\/2021\/07\/wiosna-wesele.jpg 660w, https:\/\/www.koronakarkonoszy.pl\/blog\/wp-content\/uploads\/2021\/07\/wiosna-wesele-300x123.jpg 300w\" sizes=\"auto, (max-width: 660px) 100vw, 660px\" \/><figcaption class=\"wp-element-caption\"><strong>Wesele wiosn\u0105 <\/strong><\/figcaption><\/figure>\n<\/div>","protected":false},"excerpt":{"rendered":"<p>\u015alub w Wielkanoc mo\u017ce budzi\u0107 obawy przysz\u0142ych Nowo\u017ce\u0144c\u00f3w. Czy wypada organizowa\u0107 tak wa\u017cn\u0105 dla nas uroczysto\u015b\u0107 w jakiekolwiek \u015bwi\u0119ta? Jakie s\u0105 plusy, a jakie minusy organizowania przyj\u0119cia weselnego w Wielkanoc? Sprawdzamy.\u00a0 Czy mo\u017cna organizowa\u0107 \u015blub w Wielkanoc?&nbsp; Wielkanoc jest \u015bwi\u0119tem bardzo radosnym, mimo \u017ce poprzedza j\u0105 Wielki Post oraz bardzo restrykcyjnie obchodzony w niekt\u00f3rych rodzinach [&hellip;]<\/p>\n","protected":false},"author":11,"featured_media":1326,"comment_status":"closed","ping_status":"closed","sticky":false,"template":"","format":"standard","meta":{"_acf_changed":false,"footnotes":""},"categories":[16,2,14],"class_list":["post-1325","post","type-post","status-publish","format-standard","has-post-thumbnail","hentry","category-kiedy-wesele","category-porady","category-wesele-wiosna"],"acf":[],"yoast_head":"<!-- This site is optimized with the Yoast SEO plugin v27.5 - https:\/\/yoast.com\/product\/yoast-seo-wordpress\/ -->\n<title>Czy wypada organizowa\u0107 \u015blub w Wielkanoc? - :: Blog weselny<\/title>\n<meta name=\"description\" content=\"\u015alub w Wielkanoc mo\u017ce budzi\u0107 obawy przysz\u0142ych Nowo\u017ce\u0144c\u00f3w. Czy wypada organizowa\u0107 tak wa\u017cn\u0105 uroczysto\u015b\u0107 w jakiekolwiek \u015bwi\u0119ta? Sprawd\u017amy.\" \/>\n<meta name=\"robots\" content=\"index, follow, max-snippet:-1, max-image-preview:large, max-video-preview:-1\" \/>\n<link rel=\"canonical\" href=\"https:\/\/www.koronakarkonoszy.pl\/blog\/slub-w-wielkanoc\/\" \/>\n<meta property=\"og:locale\" content=\"pl_PL\" \/>\n<meta property=\"og:type\" content=\"article\" \/>\n<meta property=\"og:title\" content=\"Czy wypada organizowa\u0107 \u015blub w Wielkanoc? - :: Blog weselny\" \/>\n<meta property=\"og:description\" content=\"\u015alub w Wielkanoc mo\u017ce budzi\u0107 obawy przysz\u0142ych Nowo\u017ce\u0144c\u00f3w. Czy wypada organizowa\u0107 tak wa\u017cn\u0105 uroczysto\u015b\u0107 w jakiekolwiek \u015bwi\u0119ta? Sprawd\u017amy.\" \/>\n<meta property=\"og:url\" content=\"https:\/\/www.koronakarkonoszy.pl\/blog\/slub-w-wielkanoc\/\" \/>\n<meta property=\"og:site_name\" content=\":: Blog weselny\" \/>\n<meta property=\"article:published_time\" content=\"2023-04-02T20:32:36+00:00\" \/>\n<meta property=\"article:modified_time\" content=\"2023-04-02T20:32:38+00:00\" \/>\n<meta property=\"og:image\" content=\"https:\/\/www.koronakarkonoszy.pl\/blog\/wp-content\/uploads\/2021\/08\/slub-w-Wielkanoc.jpg\" \/>\n\t<meta property=\"og:image:width\" content=\"1920\" \/>\n\t<meta property=\"og:image:height\" content=\"1280\" \/>\n\t<meta property=\"og:image:type\" content=\"image\/jpeg\" \/>\n<meta name=\"author\" content=\"agnieszka\" \/>\n<meta name=\"twitter:card\" content=\"summary_large_image\" \/>\n<meta name=\"twitter:label1\" content=\"Napisane przez\" \/>\n\t<meta name=\"twitter:data1\" content=\"agnieszka\" \/>\n\t<meta name=\"twitter:label2\" content=\"Szacowany czas czytania\" \/>\n\t<meta name=\"twitter:data2\" content=\"8 minut\" \/>\n<script type=\"application\/ld+json\" class=\"yoast-schema-graph\">{\"@context\":\"https:\\\/\\\/schema.org\",\"@graph\":[{\"@type\":\"Article\",\"@id\":\"https:\\\/\\\/www.koronakarkonoszy.pl\\\/blog\\\/slub-w-wielkanoc\\\/#article\",\"isPartOf\":{\"@id\":\"https:\\\/\\\/www.koronakarkonoszy.pl\\\/blog\\\/slub-w-wielkanoc\\\/\"},\"author\":{\"name\":\"agnieszka\",\"@id\":\"https:\\\/\\\/www.koronakarkonoszy.pl\\\/blog\\\/#\\\/schema\\\/person\\\/ec8c88bd01ebe6cbf6a16435ce22276f\"},\"headline\":\"Czy wypada organizowa\u0107 \u015blub w Wielkanoc?\",\"datePublished\":\"2023-04-02T20:32:36+00:00\",\"dateModified\":\"2023-04-02T20:32:38+00:00\",\"mainEntityOfPage\":{\"@id\":\"https:\\\/\\\/www.koronakarkonoszy.pl\\\/blog\\\/slub-w-wielkanoc\\\/\"},\"wordCount\":1237,\"image\":{\"@id\":\"https:\\\/\\\/www.koronakarkonoszy.pl\\\/blog\\\/slub-w-wielkanoc\\\/#primaryimage\"},\"thumbnailUrl\":\"https:\\\/\\\/www.koronakarkonoszy.pl\\\/blog\\\/wp-content\\\/uploads\\\/2021\\\/08\\\/slub-w-Wielkanoc.jpg\",\"articleSection\":[\"Kiedy wesele\",\"Porady\",\"Wesele wiosna\"],\"inLanguage\":\"pl-PL\"},{\"@type\":\"WebPage\",\"@id\":\"https:\\\/\\\/www.koronakarkonoszy.pl\\\/blog\\\/slub-w-wielkanoc\\\/\",\"url\":\"https:\\\/\\\/www.koronakarkonoszy.pl\\\/blog\\\/slub-w-wielkanoc\\\/\",\"name\":\"Czy wypada organizowa\u0107 \u015blub w Wielkanoc? - :: Blog weselny\",\"isPartOf\":{\"@id\":\"https:\\\/\\\/www.koronakarkonoszy.pl\\\/blog\\\/#website\"},\"primaryImageOfPage\":{\"@id\":\"https:\\\/\\\/www.koronakarkonoszy.pl\\\/blog\\\/slub-w-wielkanoc\\\/#primaryimage\"},\"image\":{\"@id\":\"https:\\\/\\\/www.koronakarkonoszy.pl\\\/blog\\\/slub-w-wielkanoc\\\/#primaryimage\"},\"thumbnailUrl\":\"https:\\\/\\\/www.koronakarkonoszy.pl\\\/blog\\\/wp-content\\\/uploads\\\/2021\\\/08\\\/slub-w-Wielkanoc.jpg\",\"datePublished\":\"2023-04-02T20:32:36+00:00\",\"dateModified\":\"2023-04-02T20:32:38+00:00\",\"author\":{\"@id\":\"https:\\\/\\\/www.koronakarkonoszy.pl\\\/blog\\\/#\\\/schema\\\/person\\\/ec8c88bd01ebe6cbf6a16435ce22276f\"},\"description\":\"\u015alub w Wielkanoc mo\u017ce budzi\u0107 obawy przysz\u0142ych Nowo\u017ce\u0144c\u00f3w. Czy wypada organizowa\u0107 tak wa\u017cn\u0105 uroczysto\u015b\u0107 w jakiekolwiek \u015bwi\u0119ta? Sprawd\u017amy.\",\"breadcrumb\":{\"@id\":\"https:\\\/\\\/www.koronakarkonoszy.pl\\\/blog\\\/slub-w-wielkanoc\\\/#breadcrumb\"},\"inLanguage\":\"pl-PL\",\"potentialAction\":[{\"@type\":\"ReadAction\",\"target\":[\"https:\\\/\\\/www.koronakarkonoszy.pl\\\/blog\\\/slub-w-wielkanoc\\\/\"]}]},{\"@type\":\"ImageObject\",\"inLanguage\":\"pl-PL\",\"@id\":\"https:\\\/\\\/www.koronakarkonoszy.pl\\\/blog\\\/slub-w-wielkanoc\\\/#primaryimage\",\"url\":\"https:\\\/\\\/www.koronakarkonoszy.pl\\\/blog\\\/wp-content\\\/uploads\\\/2021\\\/08\\\/slub-w-Wielkanoc.jpg\",\"contentUrl\":\"https:\\\/\\\/www.koronakarkonoszy.pl\\\/blog\\\/wp-content\\\/uploads\\\/2021\\\/08\\\/slub-w-Wielkanoc.jpg\",\"width\":1920,\"height\":1280,\"caption\":\"Czy wypada organizowa\u0107 \u015blub w Wielkanoc?\"},{\"@type\":\"BreadcrumbList\",\"@id\":\"https:\\\/\\\/www.koronakarkonoszy.pl\\\/blog\\\/slub-w-wielkanoc\\\/#breadcrumb\",\"itemListElement\":[{\"@type\":\"ListItem\",\"position\":1,\"name\":\"Strona g\u0142\u00f3wna\",\"item\":\"https:\\\/\\\/www.koronakarkonoszy.pl\\\/blog\\\/\"},{\"@type\":\"ListItem\",\"position\":2,\"name\":\"Czy wypada organizowa\u0107 \u015blub w Wielkanoc?\"}]},{\"@type\":\"WebSite\",\"@id\":\"https:\\\/\\\/www.koronakarkonoszy.pl\\\/blog\\\/#website\",\"url\":\"https:\\\/\\\/www.koronakarkonoszy.pl\\\/blog\\\/\",\"name\":\":: Blog weselny\",\"description\":\"Blog weselny Dw\u00f3r Korona Karkonoszy\",\"potentialAction\":[{\"@type\":\"SearchAction\",\"target\":{\"@type\":\"EntryPoint\",\"urlTemplate\":\"https:\\\/\\\/www.koronakarkonoszy.pl\\\/blog\\\/?s={search_term_string}\"},\"query-input\":{\"@type\":\"PropertyValueSpecification\",\"valueRequired\":true,\"valueName\":\"search_term_string\"}}],\"inLanguage\":\"pl-PL\"},{\"@type\":\"Person\",\"@id\":\"https:\\\/\\\/www.koronakarkonoszy.pl\\\/blog\\\/#\\\/schema\\\/person\\\/ec8c88bd01ebe6cbf6a16435ce22276f\",\"name\":\"agnieszka\",\"image\":{\"@type\":\"ImageObject\",\"inLanguage\":\"pl-PL\",\"@id\":\"https:\\\/\\\/www.koronakarkonoszy.pl\\\/blog\\\/wp-content\\\/litespeed\\\/avatar\\\/53ee7b676463f74d0aea1a09de3d003b.jpg?ver=1777438794\",\"url\":\"https:\\\/\\\/www.koronakarkonoszy.pl\\\/blog\\\/wp-content\\\/litespeed\\\/avatar\\\/53ee7b676463f74d0aea1a09de3d003b.jpg?ver=1777438794\",\"contentUrl\":\"https:\\\/\\\/www.koronakarkonoszy.pl\\\/blog\\\/wp-content\\\/litespeed\\\/avatar\\\/53ee7b676463f74d0aea1a09de3d003b.jpg?ver=1777438794\",\"caption\":\"agnieszka\"},\"url\":\"https:\\\/\\\/www.koronakarkonoszy.pl\\\/blog\\\/author\\\/agnieszka\\\/\"}]}<\/script>\n<!-- \/ Yoast SEO plugin. -->","yoast_head_json":{"title":"Czy wypada organizowa\u0107 \u015blub w Wielkanoc? - :: Blog weselny","description":"\u015alub w Wielkanoc mo\u017ce budzi\u0107 obawy przysz\u0142ych Nowo\u017ce\u0144c\u00f3w. Czy wypada organizowa\u0107 tak wa\u017cn\u0105 uroczysto\u015b\u0107 w jakiekolwiek \u015bwi\u0119ta? Sprawd\u017amy.","robots":{"index":"index","follow":"follow","max-snippet":"max-snippet:-1","max-image-preview":"max-image-preview:large","max-video-preview":"max-video-preview:-1"},"canonical":"https:\/\/www.koronakarkonoszy.pl\/blog\/slub-w-wielkanoc\/","og_locale":"pl_PL","og_type":"article","og_title":"Czy wypada organizowa\u0107 \u015blub w Wielkanoc? - :: Blog weselny","og_description":"\u015alub w Wielkanoc mo\u017ce budzi\u0107 obawy przysz\u0142ych Nowo\u017ce\u0144c\u00f3w. Czy wypada organizowa\u0107 tak wa\u017cn\u0105 uroczysto\u015b\u0107 w jakiekolwiek \u015bwi\u0119ta? Sprawd\u017amy.","og_url":"https:\/\/www.koronakarkonoszy.pl\/blog\/slub-w-wielkanoc\/","og_site_name":":: Blog weselny","article_published_time":"2023-04-02T20:32:36+00:00","article_modified_time":"2023-04-02T20:32:38+00:00","og_image":[{"width":1920,"height":1280,"url":"https:\/\/www.koronakarkonoszy.pl\/blog\/wp-content\/uploads\/2021\/08\/slub-w-Wielkanoc.jpg","type":"image\/jpeg"}],"author":"agnieszka","twitter_card":"summary_large_image","twitter_misc":{"Napisane przez":"agnieszka","Szacowany czas czytania":"8 minut"},"schema":{"@context":"https:\/\/schema.org","@graph":[{"@type":"Article","@id":"https:\/\/www.koronakarkonoszy.pl\/blog\/slub-w-wielkanoc\/#article","isPartOf":{"@id":"https:\/\/www.koronakarkonoszy.pl\/blog\/slub-w-wielkanoc\/"},"author":{"name":"agnieszka","@id":"https:\/\/www.koronakarkonoszy.pl\/blog\/#\/schema\/person\/ec8c88bd01ebe6cbf6a16435ce22276f"},"headline":"Czy wypada organizowa\u0107 \u015blub w Wielkanoc?","datePublished":"2023-04-02T20:32:36+00:00","dateModified":"2023-04-02T20:32:38+00:00","mainEntityOfPage":{"@id":"https:\/\/www.koronakarkonoszy.pl\/blog\/slub-w-wielkanoc\/"},"wordCount":1237,"image":{"@id":"https:\/\/www.koronakarkonoszy.pl\/blog\/slub-w-wielkanoc\/#primaryimage"},"thumbnailUrl":"https:\/\/www.koronakarkonoszy.pl\/blog\/wp-content\/uploads\/2021\/08\/slub-w-Wielkanoc.jpg","articleSection":["Kiedy wesele","Porady","Wesele wiosna"],"inLanguage":"pl-PL"},{"@type":"WebPage","@id":"https:\/\/www.koronakarkonoszy.pl\/blog\/slub-w-wielkanoc\/","url":"https:\/\/www.koronakarkonoszy.pl\/blog\/slub-w-wielkanoc\/","name":"Czy wypada organizowa\u0107 \u015blub w Wielkanoc? - :: Blog weselny","isPartOf":{"@id":"https:\/\/www.koronakarkonoszy.pl\/blog\/#website"},"primaryImageOfPage":{"@id":"https:\/\/www.koronakarkonoszy.pl\/blog\/slub-w-wielkanoc\/#primaryimage"},"image":{"@id":"https:\/\/www.koronakarkonoszy.pl\/blog\/slub-w-wielkanoc\/#primaryimage"},"thumbnailUrl":"https:\/\/www.koronakarkonoszy.pl\/blog\/wp-content\/uploads\/2021\/08\/slub-w-Wielkanoc.jpg","datePublished":"2023-04-02T20:32:36+00:00","dateModified":"2023-04-02T20:32:38+00:00","author":{"@id":"https:\/\/www.koronakarkonoszy.pl\/blog\/#\/schema\/person\/ec8c88bd01ebe6cbf6a16435ce22276f"},"description":"\u015alub w Wielkanoc mo\u017ce budzi\u0107 obawy przysz\u0142ych Nowo\u017ce\u0144c\u00f3w. Czy wypada organizowa\u0107 tak wa\u017cn\u0105 uroczysto\u015b\u0107 w jakiekolwiek \u015bwi\u0119ta? Sprawd\u017amy.","breadcrumb":{"@id":"https:\/\/www.koronakarkonoszy.pl\/blog\/slub-w-wielkanoc\/#breadcrumb"},"inLanguage":"pl-PL","potentialAction":[{"@type":"ReadAction","target":["https:\/\/www.koronakarkonoszy.pl\/blog\/slub-w-wielkanoc\/"]}]},{"@type":"ImageObject","inLanguage":"pl-PL","@id":"https:\/\/www.koronakarkonoszy.pl\/blog\/slub-w-wielkanoc\/#primaryimage","url":"https:\/\/www.koronakarkonoszy.pl\/blog\/wp-content\/uploads\/2021\/08\/slub-w-Wielkanoc.jpg","contentUrl":"https:\/\/www.koronakarkonoszy.pl\/blog\/wp-content\/uploads\/2021\/08\/slub-w-Wielkanoc.jpg","width":1920,"height":1280,"caption":"Czy wypada organizowa\u0107 \u015blub w Wielkanoc?"},{"@type":"BreadcrumbList","@id":"https:\/\/www.koronakarkonoszy.pl\/blog\/slub-w-wielkanoc\/#breadcrumb","itemListElement":[{"@type":"ListItem","position":1,"name":"Strona g\u0142\u00f3wna","item":"https:\/\/www.koronakarkonoszy.pl\/blog\/"},{"@type":"ListItem","position":2,"name":"Czy wypada organizowa\u0107 \u015blub w Wielkanoc?"}]},{"@type":"WebSite","@id":"https:\/\/www.koronakarkonoszy.pl\/blog\/#website","url":"https:\/\/www.koronakarkonoszy.pl\/blog\/","name":":: Blog weselny","description":"Blog weselny Dw\u00f3r Korona Karkonoszy","potentialAction":[{"@type":"SearchAction","target":{"@type":"EntryPoint","urlTemplate":"https:\/\/www.koronakarkonoszy.pl\/blog\/?s={search_term_string}"},"query-input":{"@type":"PropertyValueSpecification","valueRequired":true,"valueName":"search_term_string"}}],"inLanguage":"pl-PL"},{"@type":"Person","@id":"https:\/\/www.koronakarkonoszy.pl\/blog\/#\/schema\/person\/ec8c88bd01ebe6cbf6a16435ce22276f","name":"agnieszka","image":{"@type":"ImageObject","inLanguage":"pl-PL","@id":"https:\/\/www.koronakarkonoszy.pl\/blog\/wp-content\/litespeed\/avatar\/53ee7b676463f74d0aea1a09de3d003b.jpg?ver=1777438794","url":"https:\/\/www.koronakarkonoszy.pl\/blog\/wp-content\/litespeed\/avatar\/53ee7b676463f74d0aea1a09de3d003b.jpg?ver=1777438794","contentUrl":"https:\/\/www.koronakarkonoszy.pl\/blog\/wp-content\/litespeed\/avatar\/53ee7b676463f74d0aea1a09de3d003b.jpg?ver=1777438794","caption":"agnieszka"},"url":"https:\/\/www.koronakarkonoszy.pl\/blog\/author\/agnieszka\/"}]}},"_links":{"self":[{"href":"https:\/\/www.koronakarkonoszy.pl\/blog\/wp-json\/wp\/v2\/posts\/1325","targetHints":{"allow":["GET"]}}],"collection":[{"href":"https:\/\/www.koronakarkonoszy.pl\/blog\/wp-json\/wp\/v2\/posts"}],"about":[{"href":"https:\/\/www.koronakarkonoszy.pl\/blog\/wp-json\/wp\/v2\/types\/post"}],"author":[{"embeddable":true,"href":"https:\/\/www.koronakarkonoszy.pl\/blog\/wp-json\/wp\/v2\/users\/11"}],"replies":[{"embeddable":true,"href":"https:\/\/www.koronakarkonoszy.pl\/blog\/wp-json\/wp\/v2\/comments?post=1325"}],"version-history":[{"count":0,"href":"https:\/\/www.koronakarkonoszy.pl\/blog\/wp-json\/wp\/v2\/posts\/1325\/revisions"}],"wp:featuredmedia":[{"embeddable":true,"href":"https:\/\/www.koronakarkonoszy.pl\/blog\/wp-json\/wp\/v2\/media\/1326"}],"wp:attachment":[{"href":"https:\/\/www.koronakarkonoszy.pl\/blog\/wp-json\/wp\/v2\/media?parent=1325"}],"wp:term":[{"taxonomy":"category","embeddable":true,"href":"https:\/\/www.koronakarkonoszy.pl\/blog\/wp-json\/wp\/v2\/categories?post=1325"}],"curies":[{"name":"wp","href":"https:\/\/api.w.org\/{rel}","templated":true}]}}