{"id":1270,"date":"2021-08-14T13:18:00","date_gmt":"2021-08-14T11:18:00","guid":{"rendered":"https:\/\/www.koronakarkonoszy.pl\/blog\/?p=1270"},"modified":"2023-02-23T18:14:11","modified_gmt":"2023-02-23T17:14:11","slug":"dokumenty-przed-slubem","status":"publish","type":"post","link":"https:\/\/www.koronakarkonoszy.pl\/blog\/dokumenty-przed-slubem\/","title":{"rendered":"Dokumenty przed \u015blubem \u2013 o czym nale\u017cy pami\u0119ta\u0107?"},"content":{"rendered":"\n<p><strong>Przed\u015blubna gor\u0105czka, wielomiesi\u0119czne przygotowania i d\u0105\u017cenie do tego, \u017ceby wszystko by\u0142o idealne \u2013 <a href=\"https:\/\/www.koronakarkonoszy.pl\/blog\/organizacja-wesel\/\" class=\"links-placer\">organizacja \u015blubu<\/a> to nie lada&nbsp;wyzwanie. Lista rzeczy do zrobienia przed \u015blubem jest bardzo d\u0142uga. Poza znalezieniem idealnych kreacji, rezerwacj\u0105 sali weselnej i zaproszeniem go\u015bci, trzeba za\u0142atwi\u0107 mn\u00f3stwo formalno\u015bci zwi\u0105zanych z ceremoni\u0105. Jakie dokumenty s\u0105 niezb\u0119dne do tego, \u017ceby wzi\u0105\u0107 \u015blub cywilny? Jak skompletowa\u0107 wszystkie dokumenty przed \u015blubem ko\u015bcielnym? Podpowiadamy.<\/strong>&nbsp;<\/p>\n\n\n<div id=\"ariadna-block_9d699494ad3015fab08e6da1456f8dda\" class=\"ariadna\">\r\n    <ul><li><a href=\"#h-kto-mo-e-wzi-lub\">Kto mo\u017ce wzi\u0105\u0107 \u015blub?&nbsp;&nbsp;<\/a><\/li><li><a href=\"#h-dokumenty-przed-lubem-cywilnym-co-warto-wiedzie\">Dokumenty przed \u015blubem cywilnym \u2013 co warto wiedzie\u0107?&nbsp;<\/a><\/li><li><a href=\"#ha-marzysz-o-weselu-jak-z-bajki\">Marzysz o weselu jak z bajki?<\/a><\/li><li><a href=\"#h-dokumenty-przed-lubem-ko-cielnym-co-jest-niezb-dne\">Dokumenty przed \u015blubem ko\u015bcielnym \u2013 co jest niezb\u0119dne?&nbsp;<\/a><\/li><li><a href=\"#h-dokumenty-przed-lubem-ko-cielnym-kompletowanie-krok-po-kroku\">Dokumenty przed \u015blubem ko\u015bcielnym \u2013 kompletowanie krok po kroku&nbsp;<\/a><\/li><\/ul>\r\n<\/div>\r\n\r\n\r\n\r\n\n\n\n<h2 class=\"wp-block-heading\" id=\"h-kto-mo-e-wzi-lub\">Kto mo\u017ce wzi\u0105\u0107 \u015blub?&nbsp;&nbsp;<\/h2>\n\n\n\n<p>\u015alub to bardzo podnios\u0142e i romantyczne wydarzenie. Dwoje ludzi przyrzeka sobie mi\u0142o\u015b\u0107 w obecno\u015bci ksi\u0119dza lub urz\u0119dnika. Zanim jednak dojdzie do ceremonii, przyszli nowo\u017ce\u0144cy musz\u0105 za\u0142atwi\u0107 sporo formalno\u015bci. Jedn\u0105 z nich jest z\u0142o\u017cenie deklaracji o braku przeciwwskaza\u0144 do zawarcia zwi\u0105zku ma\u0142\u017ce\u0144skiego. Zgodnie z polskim prawem \u015blub mog\u0105 wzi\u0105\u0107 dwie osoby, kt\u00f3re s\u0105 pe\u0142noletnie, i w przypadku kt\u00f3rych \u017cadne z poni\u017cszych twierdze\u0144 nie jest prawdziwe:&nbsp;<\/p>\n\n\n\n<ul class=\"wp-block-list\">\n<li>pozostaj\u0105&nbsp;w innym zwi\u0105zku ma\u0142\u017ce\u0144skim,&nbsp;<\/li>\n\n\n\n<li>s\u0105 spokrewnieni lub spowinowaceni w linii prostej,&nbsp;<\/li>\n\n\n\n<li>s\u0105 rodze\u0144stwem,&nbsp;<\/li>\n\n\n\n<li>pozostaj\u0105 w stosunku przysposobienia.&nbsp;<\/li>\n<\/ul>\n\n\n\n<p>Jest kilka wyj\u0105tk\u00f3w, kt\u00f3re umo\u017cliwiaj\u0105 zawarcie zwi\u0105zku ma\u0142\u017ce\u0144skiego, mimo istnienia przeciwskaza\u0144. W\u00f3wczas jednak niezb\u0119dna do tego jest zgoda s\u0105du. Po pozytywnym rozpatrzeniu wniosku przez s\u0105d, \u015blub mo\u017ce wzi\u0105\u0107 niepe\u0142noletnia kobieta, kt\u00f3ra uko\u0144czy\u0142a 16 lat, osoba dotkni\u0119ta chorob\u0105 psychiczn\u0105\/niedorozwojem umys\u0142owym lub dwie osoby spowinowacone ze sob\u0105.&nbsp;<\/p>\n\n\n\n<h2 class=\"wp-block-heading\" id=\"h-dokumenty-przed-lubem-cywilnym-co-warto-wiedzie\">Dokumenty przed \u015blubem cywilnym \u2013 co warto wiedzie\u0107?&nbsp;<\/h2>\n\n\n\n<p>\u015alub cywilny zawiera si\u0119 w obecno\u015bci kierownika Urz\u0119du Stanu Cywilnego i dw\u00f3ch \u015bwiadk\u00f3w. \u015awiadkiem mo\u017ce zosta\u0107 osoba pe\u0142noletnia. Wyznanie, p\u0142e\u0107 czy stan cywilny nie ma znaczenia. Je\u015bli \u015bwiadkiem jest obcokrajowiec, na ceremonii powinien pojawi\u0107 si\u0119 t\u0142umacz przysi\u0119g\u0142y. To pokazuje, \u017ce&nbsp;<a href=\"https:\/\/www.koronakarkonoszy.pl\/blog\/obowiazki-swiadka-na-weselu-o-czym-warto-wiedziec\/\" target=\"_blank\" rel=\"noreferrer noopener\">obowi\u0105zki \u015bwiadka na weselu<\/a>&nbsp;zaczynaj\u0105 si\u0119 tak naprawd\u0119 ju\u017c podczas \u015blubu.&nbsp;<\/p>\n\n\n<section id=\"leonardo-block_099c3c2ebf3f23e8cddb6c8a50f812c6\" class=\"leonardo page-breaker leonardo-image-left\">\r\n    <div class=\"leonardo-body\">\r\n                <div class=\"leonardo-content\"><p><span class=\"TextRun SCXW15407684 BCX0\" lang=\"PL-PL\" xml:lang=\"PL-PL\" data-contrast=\"auto\"><span class=\"NormalTextRun SCXW15407684 BCX0\" data-ccp-parastyle=\"Standard\" data-ccp-parastyle-defn=\"{&quot;ObjectId&quot;:&quot;d05e4ffd-bffb-418e-ac72-95e7325ef6eb|23&quot;,&quot;ClassId&quot;:1073872969,&quot;Properties&quot;:[134233614,&quot;true&quot;,201340122,&quot;2&quot;,469775450,&quot;Standard&quot;,469778129,&quot;Standard&quot;,469778325,&quot;[\\&quot;Heading\\&quot;,\\&quot;Text body\\&quot;,\\&quot;caption\\&quot;,\\&quot;Index\\&quot;]&quot;]}\">Za\u0142atwienie formalno\u015bci zwi\u0105zanych ze \u015blubem cywilnym nie jest skomplikowane. Przyszli ma\u0142\u017conkowie mog\u0105 dope\u0142ni\u0107 wszystkiego na jednej wizycie w USC. Na spotkanie z kierownikiem para powinna zabra\u0107 ze sob\u0105 dowody osobiste, skr\u00f3cone akty urodzenia (nie zaw<\/span><span class=\"NormalTextRun SCXW15407684 BCX0\" data-ccp-parastyle=\"Standard\">sze) oraz dow\u00f3d op\u0142aty za \u015blub \u2013 84 z\u0142 to stawka obowi\u0105zuj\u0105ca na dzie\u0144 27.08.2021. Wp\u0142aty mo\u017cna dokona\u0107 przelewem lub w kasie urz\u0119du. Podczas wizyty w USC przyszli nowo\u017ce\u0144cy sk\u0142adaj\u0105 pisemne zapewnienie o nieistnieniu \u017cadnych okoliczno\u015bci wykluczaj\u0105cych zawarcie ma\u0142\u017ce\u0144stwa. Nast\u0119pnie ustalaj\u0105 dat\u0119 <\/span><\/span><span class=\"TextRun SCXW15407684 BCX0\" lang=\"PL-PL\" xml:lang=\"PL-PL\" data-contrast=\"auto\"><span class=\"NormalTextRun SCXW15407684 BCX0\" data-ccp-parastyle=\"Standard\">\u015blubu, a tak\u017ce decyduj\u0105, jakie nazwisko przyjm\u0105 po \u015blubie oraz jakie nazwisko b\u0119d\u0105 nosi\u0107 ich przysz\u0142e dzieci. Zapewnienie wa\u017cne jest przez 6 miesi\u0119cy. Nie ma sensu sk\u0142ada\u0107 go wcze\u015bniej ni\u017c p\u00f3\u0142 roku przed planowan\u0105 dat\u0105 \u015blubu. Wniosek si\u0119 przedawni i trzeba<\/span><\/span><span class=\"TextRun SCXW15407684 BCX0\" lang=\"PL-PL\" xml:lang=\"PL-PL\" data-contrast=\"auto\"><span class=\"NormalTextRun SCXW15407684 BCX0\" data-ccp-parastyle=\"Standard\">\u00a0b\u0119dzie z\u0142o\u017cy\u0107 go ponownie. \u015alub mo\u017ce zosta\u0107 zawarty po up\u0142ywie miesi\u0105ca od daty z\u0142o\u017cenia zapewnienia o braku przeciwwskaza\u0144.<\/span><\/span><span class=\"EOP SCXW15407684 BCX0\" data-ccp-props=\"{&quot;335551550&quot;:6,&quot;335551620&quot;:6}\">\u00a0<\/span><\/p>\n<\/div>\r\n                    <aside class=\"leonardo-interlink\">\r\n                <b>Polecamy<\/b>\r\n                <a href=\"https:\/\/www.koronakarkonoszy.pl\/blog\/ile-kosztuje-wesele-jak-z-bajki\/\">Ile kosztuje wesele jak z bajki?<\/a>\r\n            <\/aside>\r\n            <\/div>\r\n    <div class=\"leonardo-image\">\r\n        <img loading=\"lazy\" decoding=\"async\" width=\"1280\" height=\"853\" src=\"https:\/\/www.koronakarkonoszy.pl\/blog\/wp-content\/uploads\/2021\/08\/Umowa-na-wesele1.jpg\" class=\"attachment-full size-full\" alt=\"\" srcset=\"https:\/\/www.koronakarkonoszy.pl\/blog\/wp-content\/uploads\/2021\/08\/Umowa-na-wesele1.jpg 1280w, https:\/\/www.koronakarkonoszy.pl\/blog\/wp-content\/uploads\/2021\/08\/Umowa-na-wesele1-300x200.jpg 300w, https:\/\/www.koronakarkonoszy.pl\/blog\/wp-content\/uploads\/2021\/08\/Umowa-na-wesele1-1024x682.jpg 1024w, https:\/\/www.koronakarkonoszy.pl\/blog\/wp-content\/uploads\/2021\/08\/Umowa-na-wesele1-768x512.jpg 768w\" sizes=\"auto, (max-width: 1280px) 100vw, 1280px\" \/>            <\/div>\r\n<\/section>\n\n\n<p>Inaczej jest w przypadku, kiedy to jedn\u0105 z os\u00f3b chc\u0105cych wst\u0105pi\u0107 w zwi\u0105zek ma\u0142\u017ce\u0144ski jest obcokrajowiec.&nbsp;<a href=\"https:\/\/www.koronakarkonoszy.pl\/blog\/planowanie-wesela-od-czego-zaczac\/\" target=\"_blank\" rel=\"noreferrer noopener\">Planowanie wesela<\/a>&nbsp;i \u015blubu mo\u017ce potrwa\u0107 ciut d\u0142u\u017cej z uwagi na konieczno\u015b\u0107 kompletowania niezb\u0119dnych dokument\u00f3w. Cudzoziemiec powinien dostarczy\u0107 do Urz\u0119du Stanu Cywilnego dokument potwierdzaj\u0105cy mo\u017cliwo\u015b\u0107 zawarcia zwi\u0105zku ma\u0142\u017ce\u0144skiego zgodnie z prawem kraju, z kt\u00f3rego pochodzi. Dokumenty sporz\u0105dzone w j\u0119zyku obcym musz\u0105 zosta\u0107 przet\u0142umaczone przez t\u0142umacza przysi\u0119g\u0142ego.&nbsp;<\/p>\n\n\n\n<p>Na pytanie &#8211; <a href=\"http:\/\/koronakarkonoszy.pl\/blog\/kto-za-co-placi-na-weselu\/\" target=\"_blank\" rel=\"noreferrer noopener\">\u015blub o czym pami\u0119ta\u0107<\/a> &#8211; odpowied\u017a jest oczywista &#8211; o dokumentach. W dniu \u015blubu Pa\u0144stwo M\u0142odzi oraz \u015bwiadkowie powinni\u00a0mie\u0107 przy sobie dowody osobiste.\u00a0Ceremonia \u015blubna odbywa si\u0119 w Urz\u0119dzie Stanu Cywilnego. Oczywi\u015bcie istnieje mo\u017cliwo\u015b\u0107 przeniesienia ceremonii w inne, dowolne miejsce po z\u0142o\u017ceniu odpowiedniego wniosku. Koszt ceremonii poza USC to oko\u0142o 1000 z\u0142otych. Od niedawna mo\u017cliwy jest tak\u017ce\u00a0<a href=\"https:\/\/www.koronakarkonoszy.pl\/blog\/slub-koscielny-w-plenerze\/\" target=\"_blank\" rel=\"noreferrer noopener\">\u015blub ko\u015bcielny w plenerze<\/a>. Pierwszym krokiem jest w\u00f3wczas uzyskanie zgody biskupa, a nast\u0119pnie kurii.\u00a0<\/p>\n\n\n<section id=\"ctaninja-block_85f224ecf57207f73fceb341b746583f\" class=\"ctaninja\">\r\n    <div class=\"ctaninja-body\">\r\n        <h2 class=\"h1\" id=\"ha-marzysz-o-weselu-jak-z-bajki\">Marzysz o weselu jak z bajki?<\/h2>\r\n        <p>Jeste\u015b we w\u0142a\u015bciwym miejscu!<\/p>\r\n        <div class=\"nf-container\">\r\n            <noscript class=\"ninja-forms-noscript-message\">\n\tUwaga: ta zawarto\u015b\u0107 wymaga obs\u0142ugi j\u0119zyka JavaScript.<\/noscript>\n<div id=\"nf-form-1-cont\" class=\"nf-form-cont\" aria-live=\"polite\" aria-labelledby=\"nf-form-title-1\" aria-describedby=\"nf-form-errors-1\" role=\"form\">\n\n    <div class=\"nf-loading-spinner\"><\/div>\n\n<\/div>\n        <!-- That data is being printed as a workaround to page builders reordering the order of the scripts loaded-->\n        <script>var formDisplay=1;var nfForms=nfForms||[];var form=[];form.id='1';form.settings={\"objectType\":\"Form Setting\",\"editActive\":\"\",\"title\":\"Contact Me\",\"key\":\"\",\"created_at\":\"2021-05-31 16:57:05\",\"default_label_pos\":\"above\",\"conditions\":[],\"show_title\":\"1\",\"clear_complete\":\"1\",\"hide_complete\":\"1\",\"wrapper_class\":\"\",\"element_class\":\"\",\"add_submit\":\"1\",\"logged_in\":\"\",\"not_logged_in_msg\":\"\",\"sub_limit_number\":\"\",\"sub_limit_msg\":\"\",\"calculations\":[],\"formContentData\":[{\"order\":1,\"cells\":[{\"order\":0,\"fields\":[\"email\"],\"width\":50},{\"order\":1,\"fields\":[\"wyslij_1640001513358\"],\"width\":50}]}],\"container_styles_background-color\":\"\",\"container_styles_border\":\"\",\"container_styles_border-style\":\"\",\"container_styles_border-color\":\"\",\"container_styles_color\":\"\",\"container_styles_height\":\"\",\"container_styles_width\":\"\",\"container_styles_font-size\":\"\",\"container_styles_margin\":\"\",\"container_styles_padding\":\"\",\"container_styles_display\":\"\",\"container_styles_float\":\"\",\"container_styles_show_advanced_css\":\"0\",\"container_styles_advanced\":\"\",\"title_styles_background-color\":\"\",\"title_styles_border\":\"\",\"title_styles_border-style\":\"\",\"title_styles_border-color\":\"\",\"title_styles_color\":\"\",\"title_styles_height\":\"\",\"title_styles_width\":\"\",\"title_styles_font-size\":\"\",\"title_styles_margin\":\"\",\"title_styles_padding\":\"\",\"title_styles_display\":\"\",\"title_styles_float\":\"\",\"title_styles_show_advanced_css\":\"0\",\"title_styles_advanced\":\"\",\"row_styles_background-color\":\"\",\"row_styles_border\":\"\",\"row_styles_border-style\":\"\",\"row_styles_border-color\":\"\",\"row_styles_color\":\"\",\"row_styles_height\":\"\",\"row_styles_width\":\"\",\"row_styles_font-size\":\"\",\"row_styles_margin\":\"\",\"row_styles_padding\":\"\",\"row_styles_display\":\"\",\"row_styles_show_advanced_css\":\"0\",\"row_styles_advanced\":\"\",\"row-odd_styles_background-color\":\"\",\"row-odd_styles_border\":\"\",\"row-odd_styles_border-style\":\"\",\"row-odd_styles_border-color\":\"\",\"row-odd_styles_color\":\"\",\"row-odd_styles_height\":\"\",\"row-odd_styles_width\":\"\",\"row-odd_styles_font-size\":\"\",\"row-odd_styles_margin\":\"\",\"row-odd_styles_padding\":\"\",\"row-odd_styles_display\":\"\",\"row-odd_styles_show_advanced_css\":\"0\",\"row-odd_styles_advanced\":\"\",\"success-msg_styles_background-color\":\"\",\"success-msg_styles_border\":\"\",\"success-msg_styles_border-style\":\"\",\"success-msg_styles_border-color\":\"\",\"success-msg_styles_color\":\"\",\"success-msg_styles_height\":\"\",\"success-msg_styles_width\":\"\",\"success-msg_styles_font-size\":\"\",\"success-msg_styles_margin\":\"\",\"success-msg_styles_padding\":\"\",\"success-msg_styles_display\":\"\",\"success-msg_styles_show_advanced_css\":\"0\",\"success-msg_styles_advanced\":\"\",\"error_msg_styles_background-color\":\"\",\"error_msg_styles_border\":\"\",\"error_msg_styles_border-style\":\"\",\"error_msg_styles_border-color\":\"\",\"error_msg_styles_color\":\"\",\"error_msg_styles_height\":\"\",\"error_msg_styles_width\":\"\",\"error_msg_styles_font-size\":\"\",\"error_msg_styles_margin\":\"\",\"error_msg_styles_padding\":\"\",\"error_msg_styles_display\":\"\",\"error_msg_styles_show_advanced_css\":\"0\",\"error_msg_styles_advanced\":\"\",\"allow_public_link\":0,\"embed_form\":\"\",\"currency\":\"\",\"repeatable_fieldsets\":\"\",\"unique_field_error\":\"Formularz z t\\u0105 warto\\u015bci\\u0105 zosta\\u0142 ju\\u017c przes\\u0142any.\",\"ninjaForms\":\"Ninja Forms\",\"changeEmailErrorMsg\":\"Wprowad\\u017a prawid\\u0142owy adres e-mail!\",\"changeDateErrorMsg\":\"Prosz\\u0119 wpisa\\u0107 prawid\\u0142ow\\u0105 dat\\u0119!\",\"confirmFieldErrorMsg\":\"Te pola musz\\u0105 si\\u0119 zgadza\\u0107!\",\"fieldNumberNumMinError\":\"B\\u0142\\u0105d \\u2014 liczba minimalna\",\"fieldNumberNumMaxError\":\"B\\u0142\\u0105d \\u2014 liczba maksymalna\",\"fieldNumberIncrementBy\":\"Zwi\\u0119ksz o \",\"fieldTextareaRTEInsertLink\":\"Wstaw odno\\u015bnik\",\"fieldTextareaRTEInsertMedia\":\"Wstaw media\",\"fieldTextareaRTESelectAFile\":\"Wybierz plik\",\"formErrorsCorrectErrors\":\"Popraw b\\u0142\\u0119dy, zanim prze\\u015blesz formularz.\",\"formHoneypot\":\"Je\\u015bli jeste\\u015b cz\\u0142owiekiem i widzisz to pole, nie wype\\u0142niaj go.\",\"validateRequiredField\":\"To jest wymagane pole.\",\"honeypotHoneypotError\":\"B\\u0142\\u0105d Honeypot\",\"fileUploadOldCodeFileUploadInProgress\":\"Przesy\\u0142anie pliku w toku.\",\"fileUploadOldCodeFileUpload\":\"PRZESY\\u0141ANIE PLIKU\",\"currencySymbol\":\"&#36;\",\"fieldsMarkedRequired\":\"Pola oznaczone znakiem <span class=\\\"ninja-forms-req-symbol\\\">*<\\\/span> s\\u0105 wymagane\",\"thousands_sep\":\"&nbsp;\",\"decimal_point\":\",\",\"siteLocale\":\"pl_PL\",\"dateFormat\":\"m\\\/d\\\/Y\",\"startOfWeek\":\"1\",\"of\":\"z\",\"previousMonth\":\"Poprzedni miesi\\u0105c\",\"nextMonth\":\"Nast\\u0119pny miesi\\u0105c\",\"months\":[\"Stycze\\u0144\",\"Luty\",\"Marzec\",\"Kwiecie\\u0144\",\"Maj\",\"Czerwiec\",\"Lipiec\",\"Sierpie\\u0144\",\"Wrzesie\\u0144\",\"Pa\\u017adziernik\",\"Listopad\",\"Grudzie\\u0144\"],\"monthsShort\":[\"Sty\",\"Lut\",\"Mar\",\"Kw\",\"Maj\",\"Cze\",\"Lip\",\"Sie\",\"Wrz\",\"Pa\\u017a\",\"Lis\",\"Gru\"],\"weekdays\":[\"Niedziela\",\"Poniedzia\\u0142ek\",\"Wtorek\",\"\\u015aroda\",\"Czwartek\",\"Pi\\u0105tek\",\"Sobota\"],\"weekdaysShort\":[\"Niedz\",\"Pon\",\"Wt\",\"\\u015ar\",\"Czw\",\"Pt\",\"Sob\"],\"weekdaysMin\":[\"Niedz\",\"Pon\",\"Wt\",\"\\u015ar\",\"Czw\",\"Pt\",\"Sob\"],\"recaptchaConsentMissing\":\"reCaptcha validation couldn&#039;t load.\",\"recaptchaMissingCookie\":\"reCaptcha v3 validation couldn&#039;t load the cookie needed to submit the form.\",\"recaptchaConsentEvent\":\"Accept reCaptcha cookies before sending the form.\",\"currency_symbol\":\"\",\"beforeForm\":\"\",\"beforeFields\":\"\",\"afterFields\":\"\",\"afterForm\":\"\"};form.fields=[{\"objectType\":\"Field\",\"objectDomain\":\"fields\",\"editActive\":false,\"order\":1,\"idAttribute\":\"id\",\"label\":\"Email\",\"key\":\"email\",\"type\":\"email\",\"created_at\":\"2021-05-31 16:57:06\",\"label_pos\":\"above\",\"required\":1,\"placeholder\":\"Podaj maila, skontaktujemy si\\u0119 z Tob\\u0105\",\"default\":\"\",\"wrapper_class\":\"\",\"element_class\":\"\",\"container_class\":\"\",\"admin_label\":\"\",\"help_text\":\"\",\"desc_text\":\"\",\"wrap_styles_background-color\":\"\",\"wrap_styles_border\":\"\",\"wrap_styles_border-style\":\"\",\"wrap_styles_border-color\":\"\",\"wrap_styles_color\":\"\",\"wrap_styles_height\":\"\",\"wrap_styles_width\":\"\",\"wrap_styles_font-size\":\"\",\"wrap_styles_margin\":\"\",\"wrap_styles_padding\":\"\",\"wrap_styles_display\":\"\",\"wrap_styles_float\":\"\",\"wrap_styles_show_advanced_css\":0,\"wrap_styles_advanced\":\"\",\"label_styles_background-color\":\"\",\"label_styles_border\":\"\",\"label_styles_border-style\":\"\",\"label_styles_border-color\":\"\",\"label_styles_color\":\"\",\"label_styles_height\":\"\",\"label_styles_width\":\"\",\"label_styles_font-size\":\"\",\"label_styles_margin\":\"\",\"label_styles_padding\":\"\",\"label_styles_display\":\"\",\"label_styles_float\":\"\",\"label_styles_show_advanced_css\":0,\"label_styles_advanced\":\"\",\"element_styles_background-color\":\"\",\"element_styles_border\":\"\",\"element_styles_border-style\":\"\",\"element_styles_border-color\":\"\",\"element_styles_color\":\"\",\"element_styles_height\":\"\",\"element_styles_width\":\"\",\"element_styles_font-size\":\"\",\"element_styles_margin\":\"\",\"element_styles_padding\":\"\",\"element_styles_display\":\"\",\"element_styles_float\":\"\",\"element_styles_show_advanced_css\":0,\"element_styles_advanced\":\"\",\"cellcid\":\"c3375\",\"custom_name_attribute\":\"email\",\"personally_identifiable\":1,\"value\":\"\",\"drawerDisabled\":false,\"id\":2,\"beforeField\":\"\",\"afterField\":\"\",\"parentType\":\"email\",\"element_templates\":[\"email\",\"input\"],\"old_classname\":\"\",\"wrap_template\":\"wrap\"},{\"objectType\":\"Field\",\"objectDomain\":\"fields\",\"editActive\":false,\"order\":2,\"idAttribute\":\"id\",\"label\":\"Wy\\u015blij\",\"key\":\"wyslij_1640001513358\",\"type\":\"submit\",\"created_at\":\"2021-05-31 16:57:06\",\"processing_label\":\"Wysy\\u0142anie...\",\"container_class\":\"\",\"element_class\":\"\",\"wrap_styles_background-color\":\"\",\"wrap_styles_border\":\"\",\"wrap_styles_border-style\":\"\",\"wrap_styles_border-color\":\"\",\"wrap_styles_color\":\"\",\"wrap_styles_height\":\"\",\"wrap_styles_width\":\"\",\"wrap_styles_font-size\":\"\",\"wrap_styles_margin\":\"\",\"wrap_styles_padding\":\"\",\"wrap_styles_display\":\"\",\"wrap_styles_float\":\"\",\"wrap_styles_show_advanced_css\":0,\"wrap_styles_advanced\":\"\",\"label_styles_background-color\":\"\",\"label_styles_border\":\"\",\"label_styles_border-style\":\"\",\"label_styles_border-color\":\"\",\"label_styles_color\":\"\",\"label_styles_height\":\"\",\"label_styles_width\":\"\",\"label_styles_font-size\":\"\",\"label_styles_margin\":\"\",\"label_styles_padding\":\"\",\"label_styles_display\":\"\",\"label_styles_float\":\"\",\"label_styles_show_advanced_css\":0,\"label_styles_advanced\":\"\",\"element_styles_background-color\":\"\",\"element_styles_border\":\"\",\"element_styles_border-style\":\"\",\"element_styles_border-color\":\"\",\"element_styles_color\":\"\",\"element_styles_height\":\"\",\"element_styles_width\":\"\",\"element_styles_font-size\":\"\",\"element_styles_margin\":\"\",\"element_styles_padding\":\"\",\"element_styles_display\":\"\",\"element_styles_float\":\"\",\"element_styles_show_advanced_css\":0,\"element_styles_advanced\":\"\",\"submit_element_hover_styles_background-color\":\"\",\"submit_element_hover_styles_border\":\"\",\"submit_element_hover_styles_border-style\":\"\",\"submit_element_hover_styles_border-color\":\"\",\"submit_element_hover_styles_color\":\"\",\"submit_element_hover_styles_height\":\"\",\"submit_element_hover_styles_width\":\"\",\"submit_element_hover_styles_font-size\":\"\",\"submit_element_hover_styles_margin\":\"\",\"submit_element_hover_styles_padding\":\"\",\"submit_element_hover_styles_display\":\"\",\"submit_element_hover_styles_float\":\"\",\"submit_element_hover_styles_show_advanced_css\":0,\"submit_element_hover_styles_advanced\":\"\",\"cellcid\":\"c3378\",\"drawerDisabled\":false,\"id\":4,\"beforeField\":\"\",\"afterField\":\"\",\"value\":\"\",\"label_pos\":\"above\",\"parentType\":\"textbox\",\"element_templates\":[\"submit\",\"button\",\"input\"],\"old_classname\":\"\",\"wrap_template\":\"wrap-no-label\"}];nfForms.push(form);<\/script>\n                <script id=\"nf-tmpl-cell\" type=\"text\/template\">\n            <nf-fields><\/nf-fields>\n        <\/script>\n\n        <script id=\"nf-tmpl-row\" type=\"text\/template\">\n            <nf-cells><\/nf-cells>\n        <\/script>\n\n                <\/div>\r\n    <\/div>\r\n    <div class=\"ctaninja-onm ctaninja-onm-1 rbg\"><\/div>\r\n    <div class=\"ctaninja-onm ctaninja-onm-2 rbg\"><\/div>\r\n<\/section>\n\n\n<h2 class=\"wp-block-heading\" id=\"h-dokumenty-przed-lubem-ko-cielnym-co-jest-niezb-dne\">Dokumenty przed \u015blubem ko\u015bcielnym \u2013 co jest niezb\u0119dne?&nbsp;<\/h2>\n\n\n\n<p>\u015alub ko\u015bcielny, inaczej zwany konkordatowym, zawiera si\u0119 w obecno\u015bci ksi\u0119dza i \u015bwiadk\u00f3w w wybranym ko\u015bciele \u2013 zwykle jest to parafia Panny M\u0142odej. Organizacja katolickiej ceremonii jest ju\u017c nieco bardziej skomplikowana. Jakich dokument\u00f3w przed \u015blubem potrzeba? Przyszli nowo\u017ce\u0144cy poza dowodami osobistymi powinni przygotowa\u0107:&nbsp;<\/p>\n\n\n\n<ul class=\"wp-block-list\">\n<li>metryki chrztu (nie starsze ni\u017c trzy miesi\u0105ce),&nbsp;<\/li>\n\n\n\n<li>za\u015bwiadczenia o bierzmowaniu,&nbsp;<\/li>\n<\/ul>\n\n\n\n<ul class=\"wp-block-list\">\n<li>\u015bwiadectwa nauki religii (w niekt\u00f3rych parafiach),&nbsp;<\/li>\n\n\n\n<li>potwierdzenie odbycia nauk przedma\u0142\u017ce\u0144skich,&nbsp;<\/li>\n\n\n\n<li>potwierdzenia odbycia spotka\u0144 w poradni rodzinnej,&nbsp;<\/li>\n\n\n\n<li>za\u015bwiadczenie o wyg\u0142oszeniu zapowiedzi w innych parafiach (je\u015bli takie by\u0142y),&nbsp;<\/li>\n\n\n\n<li>za\u015bwiadczenia o przyst\u0105pieniu do spowiedzi.&nbsp;<\/li>\n<\/ul>\n\n\n\n<h2 class=\"wp-block-heading\" id=\"h-dokumenty-przed-lubem-ko-cielnym-kompletowanie-krok-po-kroku\">Dokumenty przed \u015blubem ko\u015bcielnym \u2013 kompletowanie krok po kroku&nbsp;<\/h2>\n\n\n\n<p>Para, kt\u00f3ra chce wzi\u0105\u0107 \u015blub ko\u015bcielny, mniej wi\u0119cej p\u00f3\u0142 roku przed planowan\u0105 ceremoni\u0105 musi uda\u0107 si\u0119 do kancelarii parafialnej, w celu ustalenia daty \u015blubu. Przed kolejn\u0105 wizyt\u0105 w kancelarii przyszli ma\u0142\u017conkowie powinni za\u0142atwi\u0107 metryki chrztu oraz za\u015bwiadczenia o bierzmowaniu. Dokumenty te trac\u0105 wa\u017cno\u015b\u0107 po trzech miesi\u0105cach od wydania, dlatego warto zaczeka\u0107 z pro\u015bb\u0105 o ich wydanie. Na \u015blub poza parafiami przysz\u0142ych ma\u0142\u017conk\u00f3w niezb\u0119dne s\u0105 zgody proboszcz\u00f3w.&nbsp;<\/p>\n\n\n\n<p>Trzy miesi\u0105ce przed \u015blubem przysz\u0142a Para M\u0142oda musi uda\u0107 si\u0119 na spotkanie z ksi\u0119dzem, kt\u00f3ry sporz\u0105dzi protok\u00f3\u0142 przedma\u0142\u017ce\u0144ski. W tym wa\u017cnym dokumencie przed \u015blubem znajd\u0105 si\u0119 dane osobowe pary, daty przyj\u0119cia wcze\u015bniejszych sakrament\u00f3w oraz ewentualne przeszkody do zawarcia zwi\u0105zku ma\u0142\u017ce\u0144skiego.<\/p>\n\n\n<section id=\"leonardo-block_3ec2ad78c592edf6dcb473e00e891537\" class=\"leonardo page-breaker leonardo-image-right\">\r\n    <div class=\"leonardo-body\">\r\n                <div class=\"leonardo-content\"><p><span data-contrast=\"auto\">Dwa tygodnie przed planowan\u0105 ceremoni\u0105 przyszli nowo\u017ce\u0144cy musz\u0105 poprosi\u0107 o og\u0142oszenie zapowiedzi w parafiach, z kt\u00f3rych pochodz\u0105. Nast\u0119pnie powinni uda\u0107 si\u0119 do Urz\u0119du Stanu Cywilnego. Kierownik na podstawie dowod\u00f3w osobistych i skr\u00f3conych akt\u00f3w urodzenia przygotuje za\u015bwiadczenie o\u00a0braku okoliczno\u015bci wykluczaj\u0105cych zawarcie zwi\u0105zku ma\u0142\u017ce\u0144skiego. Za\u015bwiadczenie o braku przeciwwskaza\u0144 oraz dokument potwierdzaj\u0105cy wyg\u0142oszenie zapowiedzi nale\u017cy dostarczy\u0107 do kancelarii parafialnej.<\/span><span data-ccp-props=\"{&quot;335551550&quot;:6,&quot;335551620&quot;:6}\">\u00a0<\/span><\/p>\n<p><span data-contrast=\"auto\">Co dalej? Tydzie\u0144 przed \u015blubem przyszli ma\u0142\u017conkowie wraz\u00a0z ksi\u0119dzem i \u015bwiadkami spisuj\u0105 akt \u015blubu. Dzie\u0144 przed ceremoni\u0105 powinni przyst\u0105pi\u0107 do spowiedzi.<\/span><span data-ccp-props=\"{&quot;335551550&quot;:6,&quot;335551620&quot;:6}\">\u00a0<\/span><\/p>\n<\/div>\r\n                    <aside class=\"leonardo-interlink\">\r\n                <b>Polecamy<\/b>\r\n                <a href=\"https:\/\/www.koronakarkonoszy.pl\/blog\/plan-wesela-idealnego\/\">Plan wesela idealnego \u2013 jak go stworzy\u0107?<\/a>\r\n            <\/aside>\r\n            <\/div>\r\n    <div class=\"leonardo-image\">\r\n        <img loading=\"lazy\" decoding=\"async\" width=\"1280\" height=\"853\" src=\"https:\/\/www.koronakarkonoszy.pl\/blog\/wp-content\/uploads\/2021\/08\/Dokumenty-przed-slubem1.jpg\" class=\"attachment-full size-full\" alt=\"\" srcset=\"https:\/\/www.koronakarkonoszy.pl\/blog\/wp-content\/uploads\/2021\/08\/Dokumenty-przed-slubem1.jpg 1280w, https:\/\/www.koronakarkonoszy.pl\/blog\/wp-content\/uploads\/2021\/08\/Dokumenty-przed-slubem1-300x200.jpg 300w, https:\/\/www.koronakarkonoszy.pl\/blog\/wp-content\/uploads\/2021\/08\/Dokumenty-przed-slubem1-1024x682.jpg 1024w, https:\/\/www.koronakarkonoszy.pl\/blog\/wp-content\/uploads\/2021\/08\/Dokumenty-przed-slubem1-768x512.jpg 768w\" sizes=\"auto, (max-width: 1280px) 100vw, 1280px\" \/>            <\/div>\r\n<\/section>\n\n\n<p>W dniu uroczysto\u015bci Pa\u0144stwo M\u0142odzi podpisuj\u0105 zgod\u0119 na skutki cywilno-prawne zwi\u0105zane z zawarciem ma\u0142\u017ce\u0144stwa. Gotowe dokumenty dostarcza si\u0119 do Urz\u0119du stanu&nbsp;Cywilnego \u2013 dope\u0142nienie tego obowi\u0105zku le\u017cy po stronie parafii, w kt\u00f3rej zosta\u0142o zawarte ma\u0142\u017ce\u0144stwo.&nbsp;<\/p>\n\n\n\n<p>Formalno\u015bci, kt\u00f3re trzeba za\u0142atwi\u0107 przed \u015blubem, mog\u0105 wydawa\u0107 si\u0119 bardzo skomplikowane i czasoch\u0142onne. Jednak wbrew pozorom nie jest to tak trudne. Grunt&nbsp;to nie ba\u0107 si\u0119 pyta\u0107 i prosi\u0107 o wsparcie. Urz\u0119dnicy i ksi\u0119\u017ca zwykle s\u0105 bardzo wyrozumiali i s\u0142u\u017c\u0105 pomoc\u0105 na ka\u017cdym kroku. Przygotowania do \u015blubu maj\u0105 by\u0107 radosne, a nie pe\u0142ne nerw\u00f3w i niepotrzebnych nieporozumie\u0144. Podobnie przygotowanie wesela wcale nie musi oznacza\u0107 wielu miesi\u0119cy stresu.&nbsp;<a href=\"https:\/\/www.koronakarkonoszy.pl\/sala-weselna\/\" target=\"_blank\" rel=\"noreferrer noopener\">Sala weselna<\/a>&nbsp;jak z bajki w Stylowym Dworze Weselnym, w po\u0142\u0105czeniu z czuwaj\u0105cym nad ca\u0142o\u015bci\u0105 doradc\u0105 \u015blubnym, to&nbsp;opcje, kt\u00f3re zdecydowanie warto rozwa\u017cy\u0107.&nbsp;&nbsp;<\/p>\n","protected":false},"excerpt":{"rendered":"<p>Przed\u015blubna gor\u0105czka, wielomiesi\u0119czne przygotowania i d\u0105\u017cenie do tego, \u017ceby wszystko by\u0142o idealne \u2013 organizacja \u015blubu to nie lada&nbsp;wyzwanie. Lista rzeczy do zrobienia przed \u015blubem jest bardzo d\u0142uga. Poza znalezieniem idealnych kreacji, rezerwacj\u0105 sali weselnej i zaproszeniem go\u015bci, trzeba za\u0142atwi\u0107 mn\u00f3stwo formalno\u015bci zwi\u0105zanych z ceremoni\u0105. Jakie dokumenty s\u0105 niezb\u0119dne do tego, \u017ceby wzi\u0105\u0107 \u015blub cywilny? Jak [&hellip;]<\/p>\n","protected":false},"author":4,"featured_media":1271,"comment_status":"closed","ping_status":"closed","sticky":false,"template":"","format":"standard","meta":{"_acf_changed":false,"footnotes":""},"categories":[2],"class_list":["post-1270","post","type-post","status-publish","format-standard","has-post-thumbnail","hentry","category-porady"],"acf":[],"yoast_head":"<!-- This site is optimized with the Yoast SEO plugin v27.5 - https:\/\/yoast.com\/product\/yoast-seo-wordpress\/ -->\n<title>Dokumenty przed \u015blubem \u2013 o czym nale\u017cy pami\u0119ta\u0107? - :: Blog weselny<\/title>\n<meta name=\"description\" content=\"Jakie dokumenty s\u0105 niezb\u0119dne do tego, \u017ceby wzi\u0105\u0107 \u015blub cywilny? Jak skompletowa\u0107 wszystkie dokumenty przed \u015blubem ko\u015bcielnym? Podpowiadamy.\u00a0\" \/>\n<meta name=\"robots\" content=\"index, follow, max-snippet:-1, max-image-preview:large, max-video-preview:-1\" \/>\n<link rel=\"canonical\" href=\"https:\/\/www.koronakarkonoszy.pl\/blog\/dokumenty-przed-slubem\/\" \/>\n<meta property=\"og:locale\" content=\"pl_PL\" \/>\n<meta property=\"og:type\" content=\"article\" \/>\n<meta property=\"og:title\" content=\"Dokumenty przed \u015blubem \u2013 o czym nale\u017cy pami\u0119ta\u0107? - :: Blog weselny\" \/>\n<meta property=\"og:description\" content=\"Jakie dokumenty s\u0105 niezb\u0119dne do tego, \u017ceby wzi\u0105\u0107 \u015blub cywilny? Jak skompletowa\u0107 wszystkie dokumenty przed \u015blubem ko\u015bcielnym? Podpowiadamy.\u00a0\" \/>\n<meta property=\"og:url\" content=\"https:\/\/www.koronakarkonoszy.pl\/blog\/dokumenty-przed-slubem\/\" \/>\n<meta property=\"og:site_name\" content=\":: Blog weselny\" \/>\n<meta property=\"article:published_time\" content=\"2021-08-14T11:18:00+00:00\" \/>\n<meta property=\"article:modified_time\" content=\"2023-02-23T17:14:11+00:00\" \/>\n<meta property=\"og:image\" content=\"https:\/\/www.koronakarkonoszy.pl\/blog\/wp-content\/uploads\/2021\/08\/Dokumenty-przed-slubem.jpg\" \/>\n\t<meta property=\"og:image:width\" content=\"1920\" \/>\n\t<meta property=\"og:image:height\" content=\"1279\" \/>\n\t<meta property=\"og:image:type\" content=\"image\/jpeg\" \/>\n<meta name=\"author\" content=\"Maria Szruba\" \/>\n<meta name=\"twitter:card\" content=\"summary_large_image\" \/>\n<meta name=\"twitter:label1\" content=\"Napisane przez\" \/>\n\t<meta name=\"twitter:data1\" content=\"Maria Szruba\" \/>\n\t<meta name=\"twitter:label2\" content=\"Szacowany czas czytania\" \/>\n\t<meta name=\"twitter:data2\" content=\"5 minut\" \/>\n<script type=\"application\/ld+json\" class=\"yoast-schema-graph\">{\"@context\":\"https:\\\/\\\/schema.org\",\"@graph\":[{\"@type\":\"Article\",\"@id\":\"https:\\\/\\\/www.koronakarkonoszy.pl\\\/blog\\\/dokumenty-przed-slubem\\\/#article\",\"isPartOf\":{\"@id\":\"https:\\\/\\\/www.koronakarkonoszy.pl\\\/blog\\\/dokumenty-przed-slubem\\\/\"},\"author\":{\"name\":\"Maria Szruba\",\"@id\":\"https:\\\/\\\/www.koronakarkonoszy.pl\\\/blog\\\/#\\\/schema\\\/person\\\/c3d9d467cc9af49e50c67be561c643eb\"},\"headline\":\"Dokumenty przed \u015blubem \u2013 o czym nale\u017cy pami\u0119ta\u0107?\",\"datePublished\":\"2021-08-14T11:18:00+00:00\",\"dateModified\":\"2023-02-23T17:14:11+00:00\",\"mainEntityOfPage\":{\"@id\":\"https:\\\/\\\/www.koronakarkonoszy.pl\\\/blog\\\/dokumenty-przed-slubem\\\/\"},\"wordCount\":948,\"image\":{\"@id\":\"https:\\\/\\\/www.koronakarkonoszy.pl\\\/blog\\\/dokumenty-przed-slubem\\\/#primaryimage\"},\"thumbnailUrl\":\"https:\\\/\\\/www.koronakarkonoszy.pl\\\/blog\\\/wp-content\\\/uploads\\\/2021\\\/08\\\/Dokumenty-przed-slubem.jpg\",\"articleSection\":[\"Porady\"],\"inLanguage\":\"pl-PL\"},{\"@type\":\"WebPage\",\"@id\":\"https:\\\/\\\/www.koronakarkonoszy.pl\\\/blog\\\/dokumenty-przed-slubem\\\/\",\"url\":\"https:\\\/\\\/www.koronakarkonoszy.pl\\\/blog\\\/dokumenty-przed-slubem\\\/\",\"name\":\"Dokumenty przed \u015blubem \u2013 o czym nale\u017cy pami\u0119ta\u0107? - :: Blog weselny\",\"isPartOf\":{\"@id\":\"https:\\\/\\\/www.koronakarkonoszy.pl\\\/blog\\\/#website\"},\"primaryImageOfPage\":{\"@id\":\"https:\\\/\\\/www.koronakarkonoszy.pl\\\/blog\\\/dokumenty-przed-slubem\\\/#primaryimage\"},\"image\":{\"@id\":\"https:\\\/\\\/www.koronakarkonoszy.pl\\\/blog\\\/dokumenty-przed-slubem\\\/#primaryimage\"},\"thumbnailUrl\":\"https:\\\/\\\/www.koronakarkonoszy.pl\\\/blog\\\/wp-content\\\/uploads\\\/2021\\\/08\\\/Dokumenty-przed-slubem.jpg\",\"datePublished\":\"2021-08-14T11:18:00+00:00\",\"dateModified\":\"2023-02-23T17:14:11+00:00\",\"author\":{\"@id\":\"https:\\\/\\\/www.koronakarkonoszy.pl\\\/blog\\\/#\\\/schema\\\/person\\\/c3d9d467cc9af49e50c67be561c643eb\"},\"description\":\"Jakie dokumenty s\u0105 niezb\u0119dne do tego, \u017ceby wzi\u0105\u0107 \u015blub cywilny? Jak skompletowa\u0107 wszystkie dokumenty przed \u015blubem ko\u015bcielnym? Podpowiadamy.\u00a0\",\"breadcrumb\":{\"@id\":\"https:\\\/\\\/www.koronakarkonoszy.pl\\\/blog\\\/dokumenty-przed-slubem\\\/#breadcrumb\"},\"inLanguage\":\"pl-PL\",\"potentialAction\":[{\"@type\":\"ReadAction\",\"target\":[\"https:\\\/\\\/www.koronakarkonoszy.pl\\\/blog\\\/dokumenty-przed-slubem\\\/\"]}]},{\"@type\":\"ImageObject\",\"inLanguage\":\"pl-PL\",\"@id\":\"https:\\\/\\\/www.koronakarkonoszy.pl\\\/blog\\\/dokumenty-przed-slubem\\\/#primaryimage\",\"url\":\"https:\\\/\\\/www.koronakarkonoszy.pl\\\/blog\\\/wp-content\\\/uploads\\\/2021\\\/08\\\/Dokumenty-przed-slubem.jpg\",\"contentUrl\":\"https:\\\/\\\/www.koronakarkonoszy.pl\\\/blog\\\/wp-content\\\/uploads\\\/2021\\\/08\\\/Dokumenty-przed-slubem.jpg\",\"width\":1920,\"height\":1279,\"caption\":\"Dokumenty przed \u015blubem \u2013 o czym nale\u017cy pami\u0119ta\u0107?\"},{\"@type\":\"BreadcrumbList\",\"@id\":\"https:\\\/\\\/www.koronakarkonoszy.pl\\\/blog\\\/dokumenty-przed-slubem\\\/#breadcrumb\",\"itemListElement\":[{\"@type\":\"ListItem\",\"position\":1,\"name\":\"Strona g\u0142\u00f3wna\",\"item\":\"https:\\\/\\\/www.koronakarkonoszy.pl\\\/blog\\\/\"},{\"@type\":\"ListItem\",\"position\":2,\"name\":\"Dokumenty przed \u015blubem \u2013 o czym nale\u017cy pami\u0119ta\u0107?\"}]},{\"@type\":\"WebSite\",\"@id\":\"https:\\\/\\\/www.koronakarkonoszy.pl\\\/blog\\\/#website\",\"url\":\"https:\\\/\\\/www.koronakarkonoszy.pl\\\/blog\\\/\",\"name\":\":: Blog weselny\",\"description\":\"Blog weselny Dw\u00f3r Korona Karkonoszy\",\"potentialAction\":[{\"@type\":\"SearchAction\",\"target\":{\"@type\":\"EntryPoint\",\"urlTemplate\":\"https:\\\/\\\/www.koronakarkonoszy.pl\\\/blog\\\/?s={search_term_string}\"},\"query-input\":{\"@type\":\"PropertyValueSpecification\",\"valueRequired\":true,\"valueName\":\"search_term_string\"}}],\"inLanguage\":\"pl-PL\"},{\"@type\":\"Person\",\"@id\":\"https:\\\/\\\/www.koronakarkonoszy.pl\\\/blog\\\/#\\\/schema\\\/person\\\/c3d9d467cc9af49e50c67be561c643eb\",\"name\":\"Maria Szruba\",\"image\":{\"@type\":\"ImageObject\",\"inLanguage\":\"pl-PL\",\"@id\":\"https:\\\/\\\/www.koronakarkonoszy.pl\\\/blog\\\/wp-content\\\/litespeed\\\/avatar\\\/d0fe7fde2b2277621e0a2904789bab14.jpg?ver=1777440145\",\"url\":\"https:\\\/\\\/www.koronakarkonoszy.pl\\\/blog\\\/wp-content\\\/litespeed\\\/avatar\\\/d0fe7fde2b2277621e0a2904789bab14.jpg?ver=1777440145\",\"contentUrl\":\"https:\\\/\\\/www.koronakarkonoszy.pl\\\/blog\\\/wp-content\\\/litespeed\\\/avatar\\\/d0fe7fde2b2277621e0a2904789bab14.jpg?ver=1777440145\",\"caption\":\"Maria Szruba\"},\"url\":\"https:\\\/\\\/www.koronakarkonoszy.pl\\\/blog\\\/author\\\/m-szruba\\\/\"}]}<\/script>\n<!-- \/ Yoast SEO plugin. -->","yoast_head_json":{"title":"Dokumenty przed \u015blubem \u2013 o czym nale\u017cy pami\u0119ta\u0107? - :: Blog weselny","description":"Jakie dokumenty s\u0105 niezb\u0119dne do tego, \u017ceby wzi\u0105\u0107 \u015blub cywilny? Jak skompletowa\u0107 wszystkie dokumenty przed \u015blubem ko\u015bcielnym? Podpowiadamy.\u00a0","robots":{"index":"index","follow":"follow","max-snippet":"max-snippet:-1","max-image-preview":"max-image-preview:large","max-video-preview":"max-video-preview:-1"},"canonical":"https:\/\/www.koronakarkonoszy.pl\/blog\/dokumenty-przed-slubem\/","og_locale":"pl_PL","og_type":"article","og_title":"Dokumenty przed \u015blubem \u2013 o czym nale\u017cy pami\u0119ta\u0107? - :: Blog weselny","og_description":"Jakie dokumenty s\u0105 niezb\u0119dne do tego, \u017ceby wzi\u0105\u0107 \u015blub cywilny? Jak skompletowa\u0107 wszystkie dokumenty przed \u015blubem ko\u015bcielnym? Podpowiadamy.\u00a0","og_url":"https:\/\/www.koronakarkonoszy.pl\/blog\/dokumenty-przed-slubem\/","og_site_name":":: Blog weselny","article_published_time":"2021-08-14T11:18:00+00:00","article_modified_time":"2023-02-23T17:14:11+00:00","og_image":[{"width":1920,"height":1279,"url":"https:\/\/www.koronakarkonoszy.pl\/blog\/wp-content\/uploads\/2021\/08\/Dokumenty-przed-slubem.jpg","type":"image\/jpeg"}],"author":"Maria Szruba","twitter_card":"summary_large_image","twitter_misc":{"Napisane przez":"Maria Szruba","Szacowany czas czytania":"5 minut"},"schema":{"@context":"https:\/\/schema.org","@graph":[{"@type":"Article","@id":"https:\/\/www.koronakarkonoszy.pl\/blog\/dokumenty-przed-slubem\/#article","isPartOf":{"@id":"https:\/\/www.koronakarkonoszy.pl\/blog\/dokumenty-przed-slubem\/"},"author":{"name":"Maria Szruba","@id":"https:\/\/www.koronakarkonoszy.pl\/blog\/#\/schema\/person\/c3d9d467cc9af49e50c67be561c643eb"},"headline":"Dokumenty przed \u015blubem \u2013 o czym nale\u017cy pami\u0119ta\u0107?","datePublished":"2021-08-14T11:18:00+00:00","dateModified":"2023-02-23T17:14:11+00:00","mainEntityOfPage":{"@id":"https:\/\/www.koronakarkonoszy.pl\/blog\/dokumenty-przed-slubem\/"},"wordCount":948,"image":{"@id":"https:\/\/www.koronakarkonoszy.pl\/blog\/dokumenty-przed-slubem\/#primaryimage"},"thumbnailUrl":"https:\/\/www.koronakarkonoszy.pl\/blog\/wp-content\/uploads\/2021\/08\/Dokumenty-przed-slubem.jpg","articleSection":["Porady"],"inLanguage":"pl-PL"},{"@type":"WebPage","@id":"https:\/\/www.koronakarkonoszy.pl\/blog\/dokumenty-przed-slubem\/","url":"https:\/\/www.koronakarkonoszy.pl\/blog\/dokumenty-przed-slubem\/","name":"Dokumenty przed \u015blubem \u2013 o czym nale\u017cy pami\u0119ta\u0107? - :: Blog weselny","isPartOf":{"@id":"https:\/\/www.koronakarkonoszy.pl\/blog\/#website"},"primaryImageOfPage":{"@id":"https:\/\/www.koronakarkonoszy.pl\/blog\/dokumenty-przed-slubem\/#primaryimage"},"image":{"@id":"https:\/\/www.koronakarkonoszy.pl\/blog\/dokumenty-przed-slubem\/#primaryimage"},"thumbnailUrl":"https:\/\/www.koronakarkonoszy.pl\/blog\/wp-content\/uploads\/2021\/08\/Dokumenty-przed-slubem.jpg","datePublished":"2021-08-14T11:18:00+00:00","dateModified":"2023-02-23T17:14:11+00:00","author":{"@id":"https:\/\/www.koronakarkonoszy.pl\/blog\/#\/schema\/person\/c3d9d467cc9af49e50c67be561c643eb"},"description":"Jakie dokumenty s\u0105 niezb\u0119dne do tego, \u017ceby wzi\u0105\u0107 \u015blub cywilny? Jak skompletowa\u0107 wszystkie dokumenty przed \u015blubem ko\u015bcielnym? Podpowiadamy.\u00a0","breadcrumb":{"@id":"https:\/\/www.koronakarkonoszy.pl\/blog\/dokumenty-przed-slubem\/#breadcrumb"},"inLanguage":"pl-PL","potentialAction":[{"@type":"ReadAction","target":["https:\/\/www.koronakarkonoszy.pl\/blog\/dokumenty-przed-slubem\/"]}]},{"@type":"ImageObject","inLanguage":"pl-PL","@id":"https:\/\/www.koronakarkonoszy.pl\/blog\/dokumenty-przed-slubem\/#primaryimage","url":"https:\/\/www.koronakarkonoszy.pl\/blog\/wp-content\/uploads\/2021\/08\/Dokumenty-przed-slubem.jpg","contentUrl":"https:\/\/www.koronakarkonoszy.pl\/blog\/wp-content\/uploads\/2021\/08\/Dokumenty-przed-slubem.jpg","width":1920,"height":1279,"caption":"Dokumenty przed \u015blubem \u2013 o czym nale\u017cy pami\u0119ta\u0107?"},{"@type":"BreadcrumbList","@id":"https:\/\/www.koronakarkonoszy.pl\/blog\/dokumenty-przed-slubem\/#breadcrumb","itemListElement":[{"@type":"ListItem","position":1,"name":"Strona g\u0142\u00f3wna","item":"https:\/\/www.koronakarkonoszy.pl\/blog\/"},{"@type":"ListItem","position":2,"name":"Dokumenty przed \u015blubem \u2013 o czym nale\u017cy pami\u0119ta\u0107?"}]},{"@type":"WebSite","@id":"https:\/\/www.koronakarkonoszy.pl\/blog\/#website","url":"https:\/\/www.koronakarkonoszy.pl\/blog\/","name":":: Blog weselny","description":"Blog weselny Dw\u00f3r Korona Karkonoszy","potentialAction":[{"@type":"SearchAction","target":{"@type":"EntryPoint","urlTemplate":"https:\/\/www.koronakarkonoszy.pl\/blog\/?s={search_term_string}"},"query-input":{"@type":"PropertyValueSpecification","valueRequired":true,"valueName":"search_term_string"}}],"inLanguage":"pl-PL"},{"@type":"Person","@id":"https:\/\/www.koronakarkonoszy.pl\/blog\/#\/schema\/person\/c3d9d467cc9af49e50c67be561c643eb","name":"Maria Szruba","image":{"@type":"ImageObject","inLanguage":"pl-PL","@id":"https:\/\/www.koronakarkonoszy.pl\/blog\/wp-content\/litespeed\/avatar\/d0fe7fde2b2277621e0a2904789bab14.jpg?ver=1777440145","url":"https:\/\/www.koronakarkonoszy.pl\/blog\/wp-content\/litespeed\/avatar\/d0fe7fde2b2277621e0a2904789bab14.jpg?ver=1777440145","contentUrl":"https:\/\/www.koronakarkonoszy.pl\/blog\/wp-content\/litespeed\/avatar\/d0fe7fde2b2277621e0a2904789bab14.jpg?ver=1777440145","caption":"Maria Szruba"},"url":"https:\/\/www.koronakarkonoszy.pl\/blog\/author\/m-szruba\/"}]}},"_links":{"self":[{"href":"https:\/\/www.koronakarkonoszy.pl\/blog\/wp-json\/wp\/v2\/posts\/1270","targetHints":{"allow":["GET"]}}],"collection":[{"href":"https:\/\/www.koronakarkonoszy.pl\/blog\/wp-json\/wp\/v2\/posts"}],"about":[{"href":"https:\/\/www.koronakarkonoszy.pl\/blog\/wp-json\/wp\/v2\/types\/post"}],"author":[{"embeddable":true,"href":"https:\/\/www.koronakarkonoszy.pl\/blog\/wp-json\/wp\/v2\/users\/4"}],"replies":[{"embeddable":true,"href":"https:\/\/www.koronakarkonoszy.pl\/blog\/wp-json\/wp\/v2\/comments?post=1270"}],"version-history":[{"count":0,"href":"https:\/\/www.koronakarkonoszy.pl\/blog\/wp-json\/wp\/v2\/posts\/1270\/revisions"}],"wp:featuredmedia":[{"embeddable":true,"href":"https:\/\/www.koronakarkonoszy.pl\/blog\/wp-json\/wp\/v2\/media\/1271"}],"wp:attachment":[{"href":"https:\/\/www.koronakarkonoszy.pl\/blog\/wp-json\/wp\/v2\/media?parent=1270"}],"wp:term":[{"taxonomy":"category","embeddable":true,"href":"https:\/\/www.koronakarkonoszy.pl\/blog\/wp-json\/wp\/v2\/categories?post=1270"}],"curies":[{"name":"wp","href":"https:\/\/api.w.org\/{rel}","templated":true}]}}