{"id":1252,"date":"2021-08-27T12:32:36","date_gmt":"2021-08-27T10:32:36","guid":{"rendered":"https:\/\/www.koronakarkonoszy.pl\/blog\/?p=1252"},"modified":"2023-02-09T19:35:13","modified_gmt":"2023-02-09T18:35:13","slug":"urlop-na-wesele","status":"publish","type":"post","link":"https:\/\/www.koronakarkonoszy.pl\/blog\/urlop-na-wesele\/","title":{"rendered":"Komu przys\u0142uguje urlop na wesele?"},"content":{"rendered":"\n<p><strong>Wybieraj\u0105c termin \u015blubu, Pary M\u0142ode z oczywistych wzgl\u0119d\u00f3w wybieraj\u0105\u00a0cz\u0119sto\u00a0weekend.\u00a0Zwykle\u00a0jest to sobota, jednak cz\u0119sto zdarzaj\u0105 si\u0119 \u015bluby w pi\u0105tki, a nawet w niedziele. Jest to jeden z wa\u017cniejszych w \u017cyciu dni i do jego organizacji potrzeba wielu godzin przygotowa\u0144. Wszyscy to rozumiej\u0105, dlatego Kodeks Pracy przewiduje mo\u017cliwo\u015b\u0107 udzielenia urlopu okoliczno\u015bciowego w\u0142a\u015bnie na \u015blub. Komu przys\u0142uguje urlop na wesele?\u00a0Podpowiadamy.<\/strong>\u00a0<\/p>\n\n\n<div id=\"ariadna-block_6128be4d8172f\" class=\"ariadna\">\r\n    <ul><li><a href=\"#ha-urlop-na-wesele-kto-moze-wziac\">Urlop na wesele &#8211; kto mo\u017ce wzi\u0105\u0107?\u00a0<\/a><\/li><li><a href=\"#ha-urlop-na-wesele-kiedy-wziac\">Urlop na wesele &#8211; kiedy wzi\u0105\u0107?\u00a0<\/a><\/li><li><a href=\"#ha-brakuje-ci-czasu-na-sprawy-organizacyjne-zwiazane-z-weselem\">Brakuje Ci czasu na sprawy organizacyjne zwi\u0105zane z weselem?<\/a><\/li><li><a href=\"#ha-urlop-na-wesele-jak-go-wykorzystac\">Urlop na wesele &#8211; jak go wykorzysta\u0107?\u00a0<\/a><\/li><\/ul>\r\n<\/div>\r\n\r\n\r\n\r\n\n\n\n<h2 class=\"wp-block-heading\" id=\"ha-urlop-na-wesele-kto-moze-wziac\">Urlop na wesele &#8211; kto mo\u017ce wzi\u0105\u0107?\u00a0<\/h2>\n\n\n\n<p>Kodeks pracy umo\u017cliwia pracownikom wykorzystanie urlopu okoliczno\u015bciowego, potocznie nazywanego urlopem na \u015blub. Je\u017celi to pracownik bierze \u015blub, przys\u0142uguj\u0105 mu dwa dni urlopu okoliczno\u015bciowego. Je\u017celi \u015blub udzielany b\u0119dzie dzieciom pracownika, mo\u017ce on wykorzysta\u0107 1 dzie\u0144 urlopu okoliczno\u015bciowego.&nbsp;&nbsp;<\/p>\n\n\n\n<p>Wa\u017cne jest to, \u017ce urlop ten nie musi zosta\u0107 wykorzystany w dniu wydarzenia. Mo\u017cna go wykorzysta\u0107 na przyk\u0142ad do organizacji wesela swojego lub dziecka, a tak\u017ce po dniu \u015blubu, na przyk\u0142ad gdy uroczysto\u015b\u0107 b\u0119dzie si\u0119 odbywa\u0107 w niedziel\u0119.&nbsp;&nbsp;<\/p>\n\n\n\n<p>Mimo, \u017ce jest to urlop okoliczno\u015bciowy, warto poinformowa\u0107 pracodawc\u0119 wcze\u015bniej o ch\u0119ci wykorzystania\u00a0dnia wolnego. Pracodawca ma obowi\u0105zek udzieli\u0107 urlopu okoliczno\u015bciowego, jednak mo\u017ce poprosi\u0107 pracownika o odpis aktu ma\u0142\u017ce\u0144stwa.\u00a0\u00a0<\/p>\n\n\n<section id=\"leonardo-block_6128bdbc8172e\" class=\"leonardo page-breaker leonardo-image-left\">\r\n    <div class=\"leonardo-body\">\r\n                <div class=\"leonardo-content\"><p><span data-contrast=\"auto\">Wa\u017cne, by wykorzysta\u0107\u00a0urlop na wesele<\/span><b><span data-contrast=\"auto\">\u00a0<\/span><\/b><span data-contrast=\"auto\">w odpowiedni spos\u00f3b. Warto r\u00f3wnie\u017c wiedzie\u0107, \u017ce je\u017celi z jakichkolwiek przyczyn \u015blub nie dojdzie do skutku, urlop ten przepada, a wykorzystane ju\u017c dni b\u0119d\u0105 liczy\u0142y si\u0119 jako urlop wypoczynkowy.\u00a0<\/span><span data-ccp-props=\"{&quot;201341983&quot;:0,&quot;335559740&quot;:276}\">\u00a0<\/span><\/p>\n<p><span data-ccp-props=\"{&quot;201341983&quot;:0,&quot;335559740&quot;:276}\">\u00a0<\/span><span data-contrast=\"auto\">Nale\u017cy pami\u0119ta\u0107, \u017ce\u00a0urlop na wesele<\/span><b><span data-contrast=\"auto\">\u00a0<\/span><\/b><span data-contrast=\"auto\">przys\u0142uguje jedynie tym osobom, kt\u00f3re zatrudnione s\u0105 w oparciu o umow\u0119 o prac\u0119. Zatrudnionym na umow\u0119 zlecenie lub umow\u0119 o dzie\u0142o nie przys\u0142uguje urlop okoliczno\u015bciowy.<\/span><span data-ccp-props=\"{&quot;201341983&quot;:0,&quot;335559740&quot;:276}\">\u00a0<\/span><\/p>\n<p><span data-ccp-props=\"{&quot;201341983&quot;:0,&quot;335559740&quot;:276}\">\u00a0<\/span><span data-contrast=\"auto\">Warto wiedzie\u0107 r\u00f3wnie\u017c, \u017ce urlop ten przys\u0142uguje zar\u00f3wno osobom, kt\u00f3re bior\u0105 \u015blub cywilny, jak i Parom decyduj\u0105cym si\u0119 na \u015blub konkordatowy. Jest to \u015blub w ko\u015bciele, w czasie kt\u00f3rego M\u0142oda Para podpisuje r\u00f3wnie\u017c dokumenty urz\u0119dowe.<\/span><span data-ccp-props=\"{&quot;201341983&quot;:0,&quot;335559740&quot;:276}\">\u00a0<\/span><\/p>\n<\/div>\r\n                    <aside class=\"leonardo-interlink\">\r\n                <b>Polecamy<\/b>\r\n                <a href=\"https:\/\/www.koronakarkonoszy.pl\/blog\/ile-kosztuje-wesele-jak-z-bajki\/\">Ile kosztuje wesele jak z bajki?<\/a>\r\n            <\/aside>\r\n            <\/div>\r\n    <div class=\"leonardo-image\">\r\n        <img loading=\"lazy\" decoding=\"async\" width=\"1280\" height=\"853\" src=\"https:\/\/www.koronakarkonoszy.pl\/blog\/wp-content\/uploads\/2021\/08\/urlop-na-wesele1.jpg\" class=\"attachment-full size-full\" alt=\"\" srcset=\"https:\/\/www.koronakarkonoszy.pl\/blog\/wp-content\/uploads\/2021\/08\/urlop-na-wesele1.jpg 1280w, https:\/\/www.koronakarkonoszy.pl\/blog\/wp-content\/uploads\/2021\/08\/urlop-na-wesele1-300x200.jpg 300w, https:\/\/www.koronakarkonoszy.pl\/blog\/wp-content\/uploads\/2021\/08\/urlop-na-wesele1-1024x682.jpg 1024w, https:\/\/www.koronakarkonoszy.pl\/blog\/wp-content\/uploads\/2021\/08\/urlop-na-wesele1-768x512.jpg 768w\" sizes=\"auto, (max-width: 1280px) 100vw, 1280px\" \/>            <\/div>\r\n<\/section>\n\n<section id=\"leonardo-block_6128bd998172d\" class=\"leonardo page-breaker leonardo-image-left\">\r\n    <div class=\"leonardo-body\">\r\n                <div class=\"leonardo-content\"><\/div>\r\n            <\/div>\r\n    <div class=\"leonardo-image\">\r\n                    <\/div>\r\n<\/section>\n\n\n<h2 class=\"wp-block-heading\" id=\"ha-urlop-na-wesele-kiedy-wziac\">Urlop na wesele &#8211; kiedy wzi\u0105\u0107?\u00a0<\/h2>\n\n\n\n<p>Chc\u0105c wykorzysta\u0107 urlop okoliczno\u015bciowy, Para M\u0142oda mo\u017ce wzi\u0105\u0107 go przed \u015blubem, w dniu \u015blubu lub bezpo\u015brednio po nim. Najch\u0119tniej M\u0142odzi jednak wykorzystuj\u0105 urlop okoliczno\u015bciowy bezpo\u015brednio przed dniem \u015blubu. Para M\u0142oda mo\u017ce dzi\u0119ki temu dopi\u0105\u0107 na ostatni guzik uroczysto\u015b\u0107.&nbsp;<\/p>\n\n\n\n<p>R\u00f3wnie cz\u0119sto Panny M\u0142ode bior\u0105 urlop okoliczno\u015bciowy w dniu \u015blubu. Dzi\u0119ki temu&nbsp;Pani M\u0142oda mo\u017ce np.&nbsp;uda\u0107 si\u0119 do kosmetyczki i fryzjera.&nbsp;<\/p>\n\n\n\n<p>Jak wspomniano, przys\u0142uguj\u0105cy&nbsp;urlop Para M\u0142oda mo\u017ce r\u00f3wnie\u017c wykorzysta\u0107 bezpo\u015brednio po \u015blubie. W po\u0142\u0105czeniu z urlopem wypoczynkowym&nbsp;zyskuj\u0105 dodatkowy czas, by&nbsp;cieszy\u0107 si\u0119 sob\u0105&nbsp;na wsp\u00f3lnych&nbsp;wakacjach.&nbsp;&nbsp;<\/p>\n\n\n\n<p>Organizuj\u0105c wesele, Para M\u0142oda powinna mie\u0107 na uwadze komfort go\u015bci. Je\u017celi dost\u0119pno\u015b\u0107\u00a0<a href=\"https:\/\/www.koronakarkonoszy.pl\/sala-weselna\/\" target=\"_blank\" rel=\"noreferrer noopener\">sali\u00a0weselnej<\/a>\u00a0na to pozwala, przyszli Nowo\u017ce\u0144cy zazwyczaj decyduj\u0105 si\u0119 na wesele w sobot\u0119. Wi\u0119kszo\u015b\u0107 os\u00f3b pracuje od poniedzia\u0142ku do pi\u0105tku. W sobot\u0119 maj\u0105 wi\u0119c oni czas na przygotowanie si\u0119 do uroczysto\u015bci, a w niedziel\u0119 bez problemu ode\u015bpi\u0105 noc sp\u0119dzon\u0105 na parkiecie.\u00a0<\/p>\n\n\n<section id=\"ctaninja-block_6128be9981731\" class=\"ctaninja\">\r\n    <div class=\"ctaninja-body\">\r\n        <h2 class=\"h1\" id=\"ha-brakuje-ci-czasu-na-sprawy-organizacyjne-zwiazane-z-weselem\">Brakuje Ci czasu na sprawy organizacyjne zwi\u0105zane z weselem?<\/h2>\r\n        <p>Zrobimy za Ciebie zdecydowanie wi\u0119cej ni\u017c my\u015blisz!<\/p>\r\n        <div class=\"nf-container\">\r\n            <noscript class=\"ninja-forms-noscript-message\">\n\tUwaga: ta zawarto\u015b\u0107 wymaga obs\u0142ugi j\u0119zyka JavaScript.<\/noscript>\n<div id=\"nf-form-1-cont\" class=\"nf-form-cont\" aria-live=\"polite\" aria-labelledby=\"nf-form-title-1\" aria-describedby=\"nf-form-errors-1\" role=\"form\">\n\n    <div class=\"nf-loading-spinner\"><\/div>\n\n<\/div>\n        <!-- That data is being printed as a workaround to page builders reordering the order of the scripts loaded-->\n        <script>var formDisplay=1;var nfForms=nfForms||[];var form=[];form.id='1';form.settings={\"objectType\":\"Form Setting\",\"editActive\":\"\",\"title\":\"Contact Me\",\"key\":\"\",\"created_at\":\"2021-05-31 16:57:05\",\"default_label_pos\":\"above\",\"conditions\":[],\"show_title\":\"1\",\"clear_complete\":\"1\",\"hide_complete\":\"1\",\"wrapper_class\":\"\",\"element_class\":\"\",\"add_submit\":\"1\",\"logged_in\":\"\",\"not_logged_in_msg\":\"\",\"sub_limit_number\":\"\",\"sub_limit_msg\":\"\",\"calculations\":[],\"formContentData\":[{\"order\":1,\"cells\":[{\"order\":0,\"fields\":[\"email\"],\"width\":50},{\"order\":1,\"fields\":[\"wyslij_1640001513358\"],\"width\":50}]}],\"container_styles_background-color\":\"\",\"container_styles_border\":\"\",\"container_styles_border-style\":\"\",\"container_styles_border-color\":\"\",\"container_styles_color\":\"\",\"container_styles_height\":\"\",\"container_styles_width\":\"\",\"container_styles_font-size\":\"\",\"container_styles_margin\":\"\",\"container_styles_padding\":\"\",\"container_styles_display\":\"\",\"container_styles_float\":\"\",\"container_styles_show_advanced_css\":\"0\",\"container_styles_advanced\":\"\",\"title_styles_background-color\":\"\",\"title_styles_border\":\"\",\"title_styles_border-style\":\"\",\"title_styles_border-color\":\"\",\"title_styles_color\":\"\",\"title_styles_height\":\"\",\"title_styles_width\":\"\",\"title_styles_font-size\":\"\",\"title_styles_margin\":\"\",\"title_styles_padding\":\"\",\"title_styles_display\":\"\",\"title_styles_float\":\"\",\"title_styles_show_advanced_css\":\"0\",\"title_styles_advanced\":\"\",\"row_styles_background-color\":\"\",\"row_styles_border\":\"\",\"row_styles_border-style\":\"\",\"row_styles_border-color\":\"\",\"row_styles_color\":\"\",\"row_styles_height\":\"\",\"row_styles_width\":\"\",\"row_styles_font-size\":\"\",\"row_styles_margin\":\"\",\"row_styles_padding\":\"\",\"row_styles_display\":\"\",\"row_styles_show_advanced_css\":\"0\",\"row_styles_advanced\":\"\",\"row-odd_styles_background-color\":\"\",\"row-odd_styles_border\":\"\",\"row-odd_styles_border-style\":\"\",\"row-odd_styles_border-color\":\"\",\"row-odd_styles_color\":\"\",\"row-odd_styles_height\":\"\",\"row-odd_styles_width\":\"\",\"row-odd_styles_font-size\":\"\",\"row-odd_styles_margin\":\"\",\"row-odd_styles_padding\":\"\",\"row-odd_styles_display\":\"\",\"row-odd_styles_show_advanced_css\":\"0\",\"row-odd_styles_advanced\":\"\",\"success-msg_styles_background-color\":\"\",\"success-msg_styles_border\":\"\",\"success-msg_styles_border-style\":\"\",\"success-msg_styles_border-color\":\"\",\"success-msg_styles_color\":\"\",\"success-msg_styles_height\":\"\",\"success-msg_styles_width\":\"\",\"success-msg_styles_font-size\":\"\",\"success-msg_styles_margin\":\"\",\"success-msg_styles_padding\":\"\",\"success-msg_styles_display\":\"\",\"success-msg_styles_show_advanced_css\":\"0\",\"success-msg_styles_advanced\":\"\",\"error_msg_styles_background-color\":\"\",\"error_msg_styles_border\":\"\",\"error_msg_styles_border-style\":\"\",\"error_msg_styles_border-color\":\"\",\"error_msg_styles_color\":\"\",\"error_msg_styles_height\":\"\",\"error_msg_styles_width\":\"\",\"error_msg_styles_font-size\":\"\",\"error_msg_styles_margin\":\"\",\"error_msg_styles_padding\":\"\",\"error_msg_styles_display\":\"\",\"error_msg_styles_show_advanced_css\":\"0\",\"error_msg_styles_advanced\":\"\",\"allow_public_link\":0,\"embed_form\":\"\",\"currency\":\"\",\"repeatable_fieldsets\":\"\",\"unique_field_error\":\"Formularz z t\\u0105 warto\\u015bci\\u0105 zosta\\u0142 ju\\u017c przes\\u0142any.\",\"ninjaForms\":\"Ninja Forms\",\"changeEmailErrorMsg\":\"Wprowad\\u017a prawid\\u0142owy adres e-mail!\",\"changeDateErrorMsg\":\"Prosz\\u0119 wpisa\\u0107 prawid\\u0142ow\\u0105 dat\\u0119!\",\"confirmFieldErrorMsg\":\"Te pola musz\\u0105 si\\u0119 zgadza\\u0107!\",\"fieldNumberNumMinError\":\"B\\u0142\\u0105d \\u2014 liczba minimalna\",\"fieldNumberNumMaxError\":\"B\\u0142\\u0105d \\u2014 liczba maksymalna\",\"fieldNumberIncrementBy\":\"Zwi\\u0119ksz o \",\"fieldTextareaRTEInsertLink\":\"Wstaw odno\\u015bnik\",\"fieldTextareaRTEInsertMedia\":\"Wstaw media\",\"fieldTextareaRTESelectAFile\":\"Wybierz plik\",\"formErrorsCorrectErrors\":\"Popraw b\\u0142\\u0119dy, zanim prze\\u015blesz formularz.\",\"formHoneypot\":\"Je\\u015bli jeste\\u015b cz\\u0142owiekiem i widzisz to pole, nie wype\\u0142niaj go.\",\"validateRequiredField\":\"To jest wymagane pole.\",\"honeypotHoneypotError\":\"B\\u0142\\u0105d Honeypot\",\"fileUploadOldCodeFileUploadInProgress\":\"Przesy\\u0142anie pliku w toku.\",\"fileUploadOldCodeFileUpload\":\"PRZESY\\u0141ANIE PLIKU\",\"currencySymbol\":\"&#36;\",\"fieldsMarkedRequired\":\"Pola oznaczone znakiem <span class=\\\"ninja-forms-req-symbol\\\">*<\\\/span> s\\u0105 wymagane\",\"thousands_sep\":\"&nbsp;\",\"decimal_point\":\",\",\"siteLocale\":\"pl_PL\",\"dateFormat\":\"m\\\/d\\\/Y\",\"startOfWeek\":\"1\",\"of\":\"z\",\"previousMonth\":\"Poprzedni miesi\\u0105c\",\"nextMonth\":\"Nast\\u0119pny miesi\\u0105c\",\"months\":[\"Stycze\\u0144\",\"Luty\",\"Marzec\",\"Kwiecie\\u0144\",\"Maj\",\"Czerwiec\",\"Lipiec\",\"Sierpie\\u0144\",\"Wrzesie\\u0144\",\"Pa\\u017adziernik\",\"Listopad\",\"Grudzie\\u0144\"],\"monthsShort\":[\"Sty\",\"Lut\",\"Mar\",\"Kw\",\"Maj\",\"Cze\",\"Lip\",\"Sie\",\"Wrz\",\"Pa\\u017a\",\"Lis\",\"Gru\"],\"weekdays\":[\"Niedziela\",\"Poniedzia\\u0142ek\",\"Wtorek\",\"\\u015aroda\",\"Czwartek\",\"Pi\\u0105tek\",\"Sobota\"],\"weekdaysShort\":[\"Niedz\",\"Pon\",\"Wt\",\"\\u015ar\",\"Czw\",\"Pt\",\"Sob\"],\"weekdaysMin\":[\"Niedz\",\"Pon\",\"Wt\",\"\\u015ar\",\"Czw\",\"Pt\",\"Sob\"],\"recaptchaConsentMissing\":\"reCaptcha validation couldn&#039;t load.\",\"recaptchaMissingCookie\":\"reCaptcha v3 validation couldn&#039;t load the cookie needed to submit the form.\",\"recaptchaConsentEvent\":\"Accept reCaptcha cookies before sending the form.\",\"currency_symbol\":\"\",\"beforeForm\":\"\",\"beforeFields\":\"\",\"afterFields\":\"\",\"afterForm\":\"\"};form.fields=[{\"objectType\":\"Field\",\"objectDomain\":\"fields\",\"editActive\":false,\"order\":1,\"idAttribute\":\"id\",\"label\":\"Email\",\"key\":\"email\",\"type\":\"email\",\"created_at\":\"2021-05-31 16:57:06\",\"label_pos\":\"above\",\"required\":1,\"placeholder\":\"Podaj maila, skontaktujemy si\\u0119 z Tob\\u0105\",\"default\":\"\",\"wrapper_class\":\"\",\"element_class\":\"\",\"container_class\":\"\",\"admin_label\":\"\",\"help_text\":\"\",\"desc_text\":\"\",\"wrap_styles_background-color\":\"\",\"wrap_styles_border\":\"\",\"wrap_styles_border-style\":\"\",\"wrap_styles_border-color\":\"\",\"wrap_styles_color\":\"\",\"wrap_styles_height\":\"\",\"wrap_styles_width\":\"\",\"wrap_styles_font-size\":\"\",\"wrap_styles_margin\":\"\",\"wrap_styles_padding\":\"\",\"wrap_styles_display\":\"\",\"wrap_styles_float\":\"\",\"wrap_styles_show_advanced_css\":0,\"wrap_styles_advanced\":\"\",\"label_styles_background-color\":\"\",\"label_styles_border\":\"\",\"label_styles_border-style\":\"\",\"label_styles_border-color\":\"\",\"label_styles_color\":\"\",\"label_styles_height\":\"\",\"label_styles_width\":\"\",\"label_styles_font-size\":\"\",\"label_styles_margin\":\"\",\"label_styles_padding\":\"\",\"label_styles_display\":\"\",\"label_styles_float\":\"\",\"label_styles_show_advanced_css\":0,\"label_styles_advanced\":\"\",\"element_styles_background-color\":\"\",\"element_styles_border\":\"\",\"element_styles_border-style\":\"\",\"element_styles_border-color\":\"\",\"element_styles_color\":\"\",\"element_styles_height\":\"\",\"element_styles_width\":\"\",\"element_styles_font-size\":\"\",\"element_styles_margin\":\"\",\"element_styles_padding\":\"\",\"element_styles_display\":\"\",\"element_styles_float\":\"\",\"element_styles_show_advanced_css\":0,\"element_styles_advanced\":\"\",\"cellcid\":\"c3375\",\"custom_name_attribute\":\"email\",\"personally_identifiable\":1,\"value\":\"\",\"drawerDisabled\":false,\"id\":2,\"beforeField\":\"\",\"afterField\":\"\",\"parentType\":\"email\",\"element_templates\":[\"email\",\"input\"],\"old_classname\":\"\",\"wrap_template\":\"wrap\"},{\"objectType\":\"Field\",\"objectDomain\":\"fields\",\"editActive\":false,\"order\":2,\"idAttribute\":\"id\",\"label\":\"Wy\\u015blij\",\"key\":\"wyslij_1640001513358\",\"type\":\"submit\",\"created_at\":\"2021-05-31 16:57:06\",\"processing_label\":\"Wysy\\u0142anie...\",\"container_class\":\"\",\"element_class\":\"\",\"wrap_styles_background-color\":\"\",\"wrap_styles_border\":\"\",\"wrap_styles_border-style\":\"\",\"wrap_styles_border-color\":\"\",\"wrap_styles_color\":\"\",\"wrap_styles_height\":\"\",\"wrap_styles_width\":\"\",\"wrap_styles_font-size\":\"\",\"wrap_styles_margin\":\"\",\"wrap_styles_padding\":\"\",\"wrap_styles_display\":\"\",\"wrap_styles_float\":\"\",\"wrap_styles_show_advanced_css\":0,\"wrap_styles_advanced\":\"\",\"label_styles_background-color\":\"\",\"label_styles_border\":\"\",\"label_styles_border-style\":\"\",\"label_styles_border-color\":\"\",\"label_styles_color\":\"\",\"label_styles_height\":\"\",\"label_styles_width\":\"\",\"label_styles_font-size\":\"\",\"label_styles_margin\":\"\",\"label_styles_padding\":\"\",\"label_styles_display\":\"\",\"label_styles_float\":\"\",\"label_styles_show_advanced_css\":0,\"label_styles_advanced\":\"\",\"element_styles_background-color\":\"\",\"element_styles_border\":\"\",\"element_styles_border-style\":\"\",\"element_styles_border-color\":\"\",\"element_styles_color\":\"\",\"element_styles_height\":\"\",\"element_styles_width\":\"\",\"element_styles_font-size\":\"\",\"element_styles_margin\":\"\",\"element_styles_padding\":\"\",\"element_styles_display\":\"\",\"element_styles_float\":\"\",\"element_styles_show_advanced_css\":0,\"element_styles_advanced\":\"\",\"submit_element_hover_styles_background-color\":\"\",\"submit_element_hover_styles_border\":\"\",\"submit_element_hover_styles_border-style\":\"\",\"submit_element_hover_styles_border-color\":\"\",\"submit_element_hover_styles_color\":\"\",\"submit_element_hover_styles_height\":\"\",\"submit_element_hover_styles_width\":\"\",\"submit_element_hover_styles_font-size\":\"\",\"submit_element_hover_styles_margin\":\"\",\"submit_element_hover_styles_padding\":\"\",\"submit_element_hover_styles_display\":\"\",\"submit_element_hover_styles_float\":\"\",\"submit_element_hover_styles_show_advanced_css\":0,\"submit_element_hover_styles_advanced\":\"\",\"cellcid\":\"c3378\",\"drawerDisabled\":false,\"id\":4,\"beforeField\":\"\",\"afterField\":\"\",\"value\":\"\",\"label_pos\":\"above\",\"parentType\":\"textbox\",\"element_templates\":[\"submit\",\"button\",\"input\"],\"old_classname\":\"\",\"wrap_template\":\"wrap-no-label\"}];nfForms.push(form);<\/script>\n                <script id=\"nf-tmpl-cell\" type=\"text\/template\">\n            <nf-fields><\/nf-fields>\n        <\/script>\n\n        <script id=\"nf-tmpl-row\" type=\"text\/template\">\n            <nf-cells><\/nf-cells>\n        <\/script>\n\n                <\/div>\r\n    <\/div>\r\n    <div class=\"ctaninja-onm ctaninja-onm-1 rbg\"><\/div>\r\n    <div class=\"ctaninja-onm ctaninja-onm-2 rbg\"><\/div>\r\n<\/section>\n\n\n<p>Je\u015bli jednak Pa\u0144stwo M\u0142odzi zdecyduj\u0105 si\u0119 na\u00a0<a href=\"https:\/\/www.koronakarkonoszy.pl\/blog\/slub-w-piatek-modny-zwyczaj-ostatnich-lat\/\" target=\"_blank\" rel=\"noreferrer noopener\">\u015blub w pi\u0105tek<\/a>\u00a0i\u00a0organizacj\u0119 wesela w\u00a0ten sam dzie\u0144, go\u015bcie musz\u0105 liczy\u0107 si\u0119 z konieczno\u015bci\u0105 wzi\u0119cia urlopu. Wesela w pi\u0105tek s\u0105 raczej weselami rozpoczynaj\u0105cymi si\u0119 w godzinach\u00a0p\u00f3\u017ano popo\u0142udniowych. Jednak bior\u0105c pod uwag\u0119 to, \u017ce go\u015bcie mog\u0105 przybywa\u0107 z r\u00f3\u017cnych stron polski, urlop taki mo\u017ce okaza\u0107 si\u0119 niezb\u0119dny.\u00a0To samo dotyczy sytuacji, gdy Pa\u0144stwo M\u0142odzi decyduj\u0105 si\u0119 na\u00a0<a href=\"https:\/\/www.koronakarkonoszy.pl\/blog\/wesele-z-poprawinami-czy-bez\/\" target=\"_blank\" rel=\"noreferrer noopener\">wesele z poprawinami<\/a>.\u00a0<\/p>\n\n\n\n<p>Weselnicy nie mog\u0105 liczy\u0107 na urlopy okoliczno\u015bciowe&nbsp;\u201ez urz\u0119du\u201d. Zar\u00f3wno rodze\u0144stwo, jak i dalsza rodzina i znajomi, by m\u00f3c \u015bwi\u0119towa\u0107 z M\u0142od\u0105 Par\u0105, b\u0119d\u0105 musieli wykorzysta\u0107 urlop wypoczynkowy. Nic nie stoi r\u00f3wnie\u017c na przeszkodzie, by wzi\u0119li oni jedynie kilka godzin urlopu.&nbsp;Co jednak, je\u017celi nie posiadaj\u0105 ju\u017c takiego? Mog\u0105&nbsp;w\u00f3wczas&nbsp;wzi\u0105\u0107 urlop bezp\u0142atny, o ile tylko pracodawca wyrazi na to zgod\u0119.&nbsp;<\/p>\n\n\n\n<h2 class=\"wp-block-heading\" id=\"ha-urlop-na-wesele-jak-go-wykorzystac\">Urlop na wesele &#8211; jak go wykorzysta\u0107?\u00a0<\/h2>\n\n\n\n<p>Ka\u017cdy wie, \u017ce s\u0105 dni gdy nie da si\u0119 pracowa\u0107. Nadmiar emocji i ilo\u015b\u0107 spraw&nbsp;do za\u0142atwienia w zwi\u0105zku z weselem,&nbsp;uniemo\u017cliwia pracownikom odpowiednie zaj\u0119cie si\u0119 powierzon\u0105 mu prac\u0105. Dlatego&nbsp;w\u0142a\u015bnie&nbsp;pracownik zatrudniony na umow\u0119 o prac\u0119 mo\u017ce skorzysta\u0107 z urlopu okoliczno\u015bciowego. Ustawodawca zastrzega&nbsp;jednak, \u017ce urlop okoliczno\u015bciowy musi zosta\u0107 wykorzystany w spos\u00f3b odpowiedni. Rodzice Pary M\u0142odej nie powinni wykorzystywa\u0107 go np.&nbsp;w celach wypoczynkowych, a wi\u0119c po to by wyjecha\u0107 sobie na wsp\u00f3lny weekend. Jednak&nbsp;w praktyce&nbsp;nikt nie rozlicza Pary M\u0142odej i ich rodzic\u00f3w z tego, co robili w czasie urlopu okoliczno\u015bciowego.&nbsp;&nbsp;<\/p>\n\n\n<section id=\"leonardo-block_6128be5d81730\" class=\"leonardo page-breaker leonardo-image-right\">\r\n    <div class=\"leonardo-body\">\r\n                <div class=\"leonardo-content\"><p>Urlop, jaki przys\u0142uguje M\u0142odej Parze\u00a0w zwi\u0105zku z organizacj\u0105 wesela,\u00a0mo\u017ce by\u0107 wykorzystany w r\u00f3\u017cnoraki spos\u00f3b. Najlepiej wykorzysta\u0107 go na dopracowanie wszystkich szczeg\u00f3\u0142\u00f3w ceremonii. Wa\u017cne, by w tej gonitwie nie zapomnie\u0107 o sobie. Urlop okoliczno\u015bciowy musi zosta\u0107 wykorzystany do organizacji danej uroczysto\u015bci. Jednak pomimo nat\u0142oku spraw, jakie Para M\u0142oda musi za\u0142atwi\u0107 przed \u015blubem, warto zaplanowa\u0107 cho\u0107 par\u0119 godzin, kt\u00f3re sp\u0119dz\u0105 razem i odpoczn\u0105. Urlop okoliczno\u015bciowy mo\u017cna podzieli\u0107. Jeden dzie\u0144 po\u015bwi\u0119ci\u0107 na dopracowanie szczeg\u00f3\u0142\u00f3w, a drugi dzie\u0144 wykorzysta\u0107 po \u015blubie np.\u00a0na sesj\u0119 \u015blubn\u0105.<\/p>\n<\/div>\r\n                    <aside class=\"leonardo-interlink\">\r\n                <b>Polecamy<\/b>\r\n                <a href=\"https:\/\/www.koronakarkonoszy.pl\/blog\/modne-dekoracje-sali-weselnej-jak-to-osiagnac\/\">Modne dekoracje sali weselnej &#8211; jak to osi\u0105gn\u0105\u0107?<\/a>\r\n            <\/aside>\r\n            <\/div>\r\n    <div class=\"leonardo-image\">\r\n        <img loading=\"lazy\" decoding=\"async\" width=\"1920\" height=\"1280\" src=\"https:\/\/www.koronakarkonoszy.pl\/blog\/wp-content\/uploads\/2021\/08\/urlop-na-wesele2.jpg\" class=\"attachment-full size-full\" alt=\"\" srcset=\"https:\/\/www.koronakarkonoszy.pl\/blog\/wp-content\/uploads\/2021\/08\/urlop-na-wesele2.jpg 1920w, https:\/\/www.koronakarkonoszy.pl\/blog\/wp-content\/uploads\/2021\/08\/urlop-na-wesele2-300x200.jpg 300w, https:\/\/www.koronakarkonoszy.pl\/blog\/wp-content\/uploads\/2021\/08\/urlop-na-wesele2-1024x683.jpg 1024w, https:\/\/www.koronakarkonoszy.pl\/blog\/wp-content\/uploads\/2021\/08\/urlop-na-wesele2-768x512.jpg 768w, https:\/\/www.koronakarkonoszy.pl\/blog\/wp-content\/uploads\/2021\/08\/urlop-na-wesele2-1536x1024.jpg 1536w\" sizes=\"auto, (max-width: 1920px) 100vw, 1920px\" \/>            <\/div>\r\n<\/section>","protected":false},"excerpt":{"rendered":"<p>Wybieraj\u0105c termin \u015blubu, Pary M\u0142ode z oczywistych wzgl\u0119d\u00f3w wybieraj\u0105\u00a0cz\u0119sto\u00a0weekend.\u00a0Zwykle\u00a0jest to sobota, jednak cz\u0119sto zdarzaj\u0105 si\u0119 \u015bluby w pi\u0105tki, a nawet w niedziele. Jest to jeden z wa\u017cniejszych w \u017cyciu dni i do jego organizacji potrzeba wielu godzin przygotowa\u0144. Wszyscy to rozumiej\u0105, dlatego Kodeks Pracy przewiduje mo\u017cliwo\u015b\u0107 udzielenia urlopu okoliczno\u015bciowego w\u0142a\u015bnie na \u015blub. Komu przys\u0142uguje urlop [&hellip;]<\/p>\n","protected":false},"author":4,"featured_media":1253,"comment_status":"closed","ping_status":"closed","sticky":false,"template":"","format":"standard","meta":{"_acf_changed":false,"footnotes":""},"categories":[16,2],"class_list":["post-1252","post","type-post","status-publish","format-standard","has-post-thumbnail","hentry","category-kiedy-wesele","category-porady"],"acf":[],"yoast_head":"<!-- This site is optimized with the Yoast SEO plugin v27.5 - https:\/\/yoast.com\/product\/yoast-seo-wordpress\/ -->\n<title>Komu przys\u0142uguje urlop na wesele? - :: Blog weselny<\/title>\n<meta name=\"description\" content=\"Kodeks Pracy przewiduje mo\u017cliwo\u015b\u0107 udzielenia urlopu okoliczno\u015bciowego w\u0142a\u015bnie na \u015blub. Komu przys\u0142uguje urlop na wesele?\u00a0Podpowiadamy.\u00a0\" \/>\n<meta name=\"robots\" content=\"index, follow, max-snippet:-1, max-image-preview:large, max-video-preview:-1\" \/>\n<link rel=\"canonical\" href=\"https:\/\/www.koronakarkonoszy.pl\/blog\/urlop-na-wesele\/\" \/>\n<meta property=\"og:locale\" content=\"pl_PL\" \/>\n<meta property=\"og:type\" content=\"article\" \/>\n<meta property=\"og:title\" content=\"Komu przys\u0142uguje urlop na wesele? - :: Blog weselny\" \/>\n<meta property=\"og:description\" content=\"Kodeks Pracy przewiduje mo\u017cliwo\u015b\u0107 udzielenia urlopu okoliczno\u015bciowego w\u0142a\u015bnie na \u015blub. Komu przys\u0142uguje urlop na wesele?\u00a0Podpowiadamy.\u00a0\" \/>\n<meta property=\"og:url\" content=\"https:\/\/www.koronakarkonoszy.pl\/blog\/urlop-na-wesele\/\" \/>\n<meta property=\"og:site_name\" content=\":: Blog weselny\" \/>\n<meta property=\"article:published_time\" content=\"2021-08-27T10:32:36+00:00\" \/>\n<meta property=\"article:modified_time\" content=\"2023-02-09T18:35:13+00:00\" \/>\n<meta property=\"og:image\" content=\"https:\/\/www.koronakarkonoszy.pl\/blog\/wp-content\/uploads\/2021\/08\/urlop-na-wesele.jpg\" \/>\n\t<meta property=\"og:image:width\" content=\"1280\" \/>\n\t<meta property=\"og:image:height\" content=\"853\" \/>\n\t<meta property=\"og:image:type\" content=\"image\/jpeg\" \/>\n<meta name=\"author\" content=\"Maria Szruba\" \/>\n<meta name=\"twitter:card\" content=\"summary_large_image\" \/>\n<meta name=\"twitter:label1\" content=\"Napisane przez\" \/>\n\t<meta name=\"twitter:data1\" content=\"Maria Szruba\" \/>\n\t<meta name=\"twitter:label2\" content=\"Szacowany czas czytania\" \/>\n\t<meta name=\"twitter:data2\" content=\"3 minuty\" \/>\n<script type=\"application\/ld+json\" class=\"yoast-schema-graph\">{\"@context\":\"https:\\\/\\\/schema.org\",\"@graph\":[{\"@type\":\"Article\",\"@id\":\"https:\\\/\\\/www.koronakarkonoszy.pl\\\/blog\\\/urlop-na-wesele\\\/#article\",\"isPartOf\":{\"@id\":\"https:\\\/\\\/www.koronakarkonoszy.pl\\\/blog\\\/urlop-na-wesele\\\/\"},\"author\":{\"name\":\"Maria Szruba\",\"@id\":\"https:\\\/\\\/www.koronakarkonoszy.pl\\\/blog\\\/#\\\/schema\\\/person\\\/c3d9d467cc9af49e50c67be561c643eb\"},\"headline\":\"Komu przys\u0142uguje urlop na wesele?\",\"datePublished\":\"2021-08-27T10:32:36+00:00\",\"dateModified\":\"2023-02-09T18:35:13+00:00\",\"mainEntityOfPage\":{\"@id\":\"https:\\\/\\\/www.koronakarkonoszy.pl\\\/blog\\\/urlop-na-wesele\\\/\"},\"wordCount\":712,\"image\":{\"@id\":\"https:\\\/\\\/www.koronakarkonoszy.pl\\\/blog\\\/urlop-na-wesele\\\/#primaryimage\"},\"thumbnailUrl\":\"https:\\\/\\\/www.koronakarkonoszy.pl\\\/blog\\\/wp-content\\\/uploads\\\/2021\\\/08\\\/urlop-na-wesele.jpg\",\"articleSection\":[\"Kiedy wesele\",\"Porady\"],\"inLanguage\":\"pl-PL\"},{\"@type\":\"WebPage\",\"@id\":\"https:\\\/\\\/www.koronakarkonoszy.pl\\\/blog\\\/urlop-na-wesele\\\/\",\"url\":\"https:\\\/\\\/www.koronakarkonoszy.pl\\\/blog\\\/urlop-na-wesele\\\/\",\"name\":\"Komu przys\u0142uguje urlop na wesele? - :: Blog weselny\",\"isPartOf\":{\"@id\":\"https:\\\/\\\/www.koronakarkonoszy.pl\\\/blog\\\/#website\"},\"primaryImageOfPage\":{\"@id\":\"https:\\\/\\\/www.koronakarkonoszy.pl\\\/blog\\\/urlop-na-wesele\\\/#primaryimage\"},\"image\":{\"@id\":\"https:\\\/\\\/www.koronakarkonoszy.pl\\\/blog\\\/urlop-na-wesele\\\/#primaryimage\"},\"thumbnailUrl\":\"https:\\\/\\\/www.koronakarkonoszy.pl\\\/blog\\\/wp-content\\\/uploads\\\/2021\\\/08\\\/urlop-na-wesele.jpg\",\"datePublished\":\"2021-08-27T10:32:36+00:00\",\"dateModified\":\"2023-02-09T18:35:13+00:00\",\"author\":{\"@id\":\"https:\\\/\\\/www.koronakarkonoszy.pl\\\/blog\\\/#\\\/schema\\\/person\\\/c3d9d467cc9af49e50c67be561c643eb\"},\"description\":\"Kodeks Pracy przewiduje mo\u017cliwo\u015b\u0107 udzielenia urlopu okoliczno\u015bciowego w\u0142a\u015bnie na \u015blub. Komu przys\u0142uguje urlop na wesele?\u00a0Podpowiadamy.\u00a0\",\"breadcrumb\":{\"@id\":\"https:\\\/\\\/www.koronakarkonoszy.pl\\\/blog\\\/urlop-na-wesele\\\/#breadcrumb\"},\"inLanguage\":\"pl-PL\",\"potentialAction\":[{\"@type\":\"ReadAction\",\"target\":[\"https:\\\/\\\/www.koronakarkonoszy.pl\\\/blog\\\/urlop-na-wesele\\\/\"]}]},{\"@type\":\"ImageObject\",\"inLanguage\":\"pl-PL\",\"@id\":\"https:\\\/\\\/www.koronakarkonoszy.pl\\\/blog\\\/urlop-na-wesele\\\/#primaryimage\",\"url\":\"https:\\\/\\\/www.koronakarkonoszy.pl\\\/blog\\\/wp-content\\\/uploads\\\/2021\\\/08\\\/urlop-na-wesele.jpg\",\"contentUrl\":\"https:\\\/\\\/www.koronakarkonoszy.pl\\\/blog\\\/wp-content\\\/uploads\\\/2021\\\/08\\\/urlop-na-wesele.jpg\",\"width\":1280,\"height\":853,\"caption\":\"Komu przys\u0142uguje urlop na wesele?\"},{\"@type\":\"BreadcrumbList\",\"@id\":\"https:\\\/\\\/www.koronakarkonoszy.pl\\\/blog\\\/urlop-na-wesele\\\/#breadcrumb\",\"itemListElement\":[{\"@type\":\"ListItem\",\"position\":1,\"name\":\"Strona g\u0142\u00f3wna\",\"item\":\"https:\\\/\\\/www.koronakarkonoszy.pl\\\/blog\\\/\"},{\"@type\":\"ListItem\",\"position\":2,\"name\":\"Komu przys\u0142uguje urlop na wesele?\"}]},{\"@type\":\"WebSite\",\"@id\":\"https:\\\/\\\/www.koronakarkonoszy.pl\\\/blog\\\/#website\",\"url\":\"https:\\\/\\\/www.koronakarkonoszy.pl\\\/blog\\\/\",\"name\":\":: Blog weselny\",\"description\":\"Blog weselny Dw\u00f3r Korona Karkonoszy\",\"potentialAction\":[{\"@type\":\"SearchAction\",\"target\":{\"@type\":\"EntryPoint\",\"urlTemplate\":\"https:\\\/\\\/www.koronakarkonoszy.pl\\\/blog\\\/?s={search_term_string}\"},\"query-input\":{\"@type\":\"PropertyValueSpecification\",\"valueRequired\":true,\"valueName\":\"search_term_string\"}}],\"inLanguage\":\"pl-PL\"},{\"@type\":\"Person\",\"@id\":\"https:\\\/\\\/www.koronakarkonoszy.pl\\\/blog\\\/#\\\/schema\\\/person\\\/c3d9d467cc9af49e50c67be561c643eb\",\"name\":\"Maria Szruba\",\"image\":{\"@type\":\"ImageObject\",\"inLanguage\":\"pl-PL\",\"@id\":\"https:\\\/\\\/www.koronakarkonoszy.pl\\\/blog\\\/wp-content\\\/litespeed\\\/avatar\\\/d0fe7fde2b2277621e0a2904789bab14.jpg?ver=1777440145\",\"url\":\"https:\\\/\\\/www.koronakarkonoszy.pl\\\/blog\\\/wp-content\\\/litespeed\\\/avatar\\\/d0fe7fde2b2277621e0a2904789bab14.jpg?ver=1777440145\",\"contentUrl\":\"https:\\\/\\\/www.koronakarkonoszy.pl\\\/blog\\\/wp-content\\\/litespeed\\\/avatar\\\/d0fe7fde2b2277621e0a2904789bab14.jpg?ver=1777440145\",\"caption\":\"Maria Szruba\"},\"url\":\"https:\\\/\\\/www.koronakarkonoszy.pl\\\/blog\\\/author\\\/m-szruba\\\/\"}]}<\/script>\n<!-- \/ Yoast SEO plugin. -->","yoast_head_json":{"title":"Komu przys\u0142uguje urlop na wesele? - :: Blog weselny","description":"Kodeks Pracy przewiduje mo\u017cliwo\u015b\u0107 udzielenia urlopu okoliczno\u015bciowego w\u0142a\u015bnie na \u015blub. Komu przys\u0142uguje urlop na wesele?\u00a0Podpowiadamy.\u00a0","robots":{"index":"index","follow":"follow","max-snippet":"max-snippet:-1","max-image-preview":"max-image-preview:large","max-video-preview":"max-video-preview:-1"},"canonical":"https:\/\/www.koronakarkonoszy.pl\/blog\/urlop-na-wesele\/","og_locale":"pl_PL","og_type":"article","og_title":"Komu przys\u0142uguje urlop na wesele? - :: Blog weselny","og_description":"Kodeks Pracy przewiduje mo\u017cliwo\u015b\u0107 udzielenia urlopu okoliczno\u015bciowego w\u0142a\u015bnie na \u015blub. Komu przys\u0142uguje urlop na wesele?\u00a0Podpowiadamy.\u00a0","og_url":"https:\/\/www.koronakarkonoszy.pl\/blog\/urlop-na-wesele\/","og_site_name":":: Blog weselny","article_published_time":"2021-08-27T10:32:36+00:00","article_modified_time":"2023-02-09T18:35:13+00:00","og_image":[{"width":1280,"height":853,"url":"https:\/\/www.koronakarkonoszy.pl\/blog\/wp-content\/uploads\/2021\/08\/urlop-na-wesele.jpg","type":"image\/jpeg"}],"author":"Maria Szruba","twitter_card":"summary_large_image","twitter_misc":{"Napisane przez":"Maria Szruba","Szacowany czas czytania":"3 minuty"},"schema":{"@context":"https:\/\/schema.org","@graph":[{"@type":"Article","@id":"https:\/\/www.koronakarkonoszy.pl\/blog\/urlop-na-wesele\/#article","isPartOf":{"@id":"https:\/\/www.koronakarkonoszy.pl\/blog\/urlop-na-wesele\/"},"author":{"name":"Maria Szruba","@id":"https:\/\/www.koronakarkonoszy.pl\/blog\/#\/schema\/person\/c3d9d467cc9af49e50c67be561c643eb"},"headline":"Komu przys\u0142uguje urlop na wesele?","datePublished":"2021-08-27T10:32:36+00:00","dateModified":"2023-02-09T18:35:13+00:00","mainEntityOfPage":{"@id":"https:\/\/www.koronakarkonoszy.pl\/blog\/urlop-na-wesele\/"},"wordCount":712,"image":{"@id":"https:\/\/www.koronakarkonoszy.pl\/blog\/urlop-na-wesele\/#primaryimage"},"thumbnailUrl":"https:\/\/www.koronakarkonoszy.pl\/blog\/wp-content\/uploads\/2021\/08\/urlop-na-wesele.jpg","articleSection":["Kiedy wesele","Porady"],"inLanguage":"pl-PL"},{"@type":"WebPage","@id":"https:\/\/www.koronakarkonoszy.pl\/blog\/urlop-na-wesele\/","url":"https:\/\/www.koronakarkonoszy.pl\/blog\/urlop-na-wesele\/","name":"Komu przys\u0142uguje urlop na wesele? - :: Blog weselny","isPartOf":{"@id":"https:\/\/www.koronakarkonoszy.pl\/blog\/#website"},"primaryImageOfPage":{"@id":"https:\/\/www.koronakarkonoszy.pl\/blog\/urlop-na-wesele\/#primaryimage"},"image":{"@id":"https:\/\/www.koronakarkonoszy.pl\/blog\/urlop-na-wesele\/#primaryimage"},"thumbnailUrl":"https:\/\/www.koronakarkonoszy.pl\/blog\/wp-content\/uploads\/2021\/08\/urlop-na-wesele.jpg","datePublished":"2021-08-27T10:32:36+00:00","dateModified":"2023-02-09T18:35:13+00:00","author":{"@id":"https:\/\/www.koronakarkonoszy.pl\/blog\/#\/schema\/person\/c3d9d467cc9af49e50c67be561c643eb"},"description":"Kodeks Pracy przewiduje mo\u017cliwo\u015b\u0107 udzielenia urlopu okoliczno\u015bciowego w\u0142a\u015bnie na \u015blub. Komu przys\u0142uguje urlop na wesele?\u00a0Podpowiadamy.\u00a0","breadcrumb":{"@id":"https:\/\/www.koronakarkonoszy.pl\/blog\/urlop-na-wesele\/#breadcrumb"},"inLanguage":"pl-PL","potentialAction":[{"@type":"ReadAction","target":["https:\/\/www.koronakarkonoszy.pl\/blog\/urlop-na-wesele\/"]}]},{"@type":"ImageObject","inLanguage":"pl-PL","@id":"https:\/\/www.koronakarkonoszy.pl\/blog\/urlop-na-wesele\/#primaryimage","url":"https:\/\/www.koronakarkonoszy.pl\/blog\/wp-content\/uploads\/2021\/08\/urlop-na-wesele.jpg","contentUrl":"https:\/\/www.koronakarkonoszy.pl\/blog\/wp-content\/uploads\/2021\/08\/urlop-na-wesele.jpg","width":1280,"height":853,"caption":"Komu przys\u0142uguje urlop na wesele?"},{"@type":"BreadcrumbList","@id":"https:\/\/www.koronakarkonoszy.pl\/blog\/urlop-na-wesele\/#breadcrumb","itemListElement":[{"@type":"ListItem","position":1,"name":"Strona g\u0142\u00f3wna","item":"https:\/\/www.koronakarkonoszy.pl\/blog\/"},{"@type":"ListItem","position":2,"name":"Komu przys\u0142uguje urlop na wesele?"}]},{"@type":"WebSite","@id":"https:\/\/www.koronakarkonoszy.pl\/blog\/#website","url":"https:\/\/www.koronakarkonoszy.pl\/blog\/","name":":: Blog weselny","description":"Blog weselny Dw\u00f3r Korona Karkonoszy","potentialAction":[{"@type":"SearchAction","target":{"@type":"EntryPoint","urlTemplate":"https:\/\/www.koronakarkonoszy.pl\/blog\/?s={search_term_string}"},"query-input":{"@type":"PropertyValueSpecification","valueRequired":true,"valueName":"search_term_string"}}],"inLanguage":"pl-PL"},{"@type":"Person","@id":"https:\/\/www.koronakarkonoszy.pl\/blog\/#\/schema\/person\/c3d9d467cc9af49e50c67be561c643eb","name":"Maria Szruba","image":{"@type":"ImageObject","inLanguage":"pl-PL","@id":"https:\/\/www.koronakarkonoszy.pl\/blog\/wp-content\/litespeed\/avatar\/d0fe7fde2b2277621e0a2904789bab14.jpg?ver=1777440145","url":"https:\/\/www.koronakarkonoszy.pl\/blog\/wp-content\/litespeed\/avatar\/d0fe7fde2b2277621e0a2904789bab14.jpg?ver=1777440145","contentUrl":"https:\/\/www.koronakarkonoszy.pl\/blog\/wp-content\/litespeed\/avatar\/d0fe7fde2b2277621e0a2904789bab14.jpg?ver=1777440145","caption":"Maria Szruba"},"url":"https:\/\/www.koronakarkonoszy.pl\/blog\/author\/m-szruba\/"}]}},"_links":{"self":[{"href":"https:\/\/www.koronakarkonoszy.pl\/blog\/wp-json\/wp\/v2\/posts\/1252","targetHints":{"allow":["GET"]}}],"collection":[{"href":"https:\/\/www.koronakarkonoszy.pl\/blog\/wp-json\/wp\/v2\/posts"}],"about":[{"href":"https:\/\/www.koronakarkonoszy.pl\/blog\/wp-json\/wp\/v2\/types\/post"}],"author":[{"embeddable":true,"href":"https:\/\/www.koronakarkonoszy.pl\/blog\/wp-json\/wp\/v2\/users\/4"}],"replies":[{"embeddable":true,"href":"https:\/\/www.koronakarkonoszy.pl\/blog\/wp-json\/wp\/v2\/comments?post=1252"}],"version-history":[{"count":0,"href":"https:\/\/www.koronakarkonoszy.pl\/blog\/wp-json\/wp\/v2\/posts\/1252\/revisions"}],"wp:featuredmedia":[{"embeddable":true,"href":"https:\/\/www.koronakarkonoszy.pl\/blog\/wp-json\/wp\/v2\/media\/1253"}],"wp:attachment":[{"href":"https:\/\/www.koronakarkonoszy.pl\/blog\/wp-json\/wp\/v2\/media?parent=1252"}],"wp:term":[{"taxonomy":"category","embeddable":true,"href":"https:\/\/www.koronakarkonoszy.pl\/blog\/wp-json\/wp\/v2\/categories?post=1252"}],"curies":[{"name":"wp","href":"https:\/\/api.w.org\/{rel}","templated":true}]}}