{"id":1121,"date":"2021-07-22T12:00:00","date_gmt":"2021-07-22T10:00:00","guid":{"rendered":"https:\/\/www.koronakarkonoszy.pl\/blog\/?p=1121"},"modified":"2023-01-23T14:37:24","modified_gmt":"2023-01-23T13:37:24","slug":"kolor-przewodni-wesela-bordo","status":"publish","type":"post","link":"https:\/\/www.koronakarkonoszy.pl\/blog\/kolor-przewodni-wesela-bordo\/","title":{"rendered":"Kolor przewodni wesela bordo &#8211; atrybut mi\u0142o\u015bci"},"content":{"rendered":"\n<p><strong>Kolor przewodni wesela bordo kr\u00f3luje na salach weselnych. Nic dziwnego \u2013 przez wielu jest kojarzony z mi\u0142o\u015bci\u0105. Je\u017celi od pocz\u0105tku zwi\u0105zku towarzyszy r\u00f3wnie\u017c Parze M\u0142odej, nic nie stoi na przeszkodzie by u\u017cy\u0142a go jako motywu przewodniego ca\u0142ego wesela. Mo\u017ce on zosta\u0107 zastosowany w niemal wszystkich elementach zwi\u0105zanych zar\u00f3wno z ceremoni\u0105 \u015blubn\u0105, jak i z p\u00f3\u017aniejsz\u0105 uroczysto\u015bci\u0105.&nbsp;<\/strong>&nbsp;<\/p>\n\n\n<div id=\"ariadna-block_e7f76f6ef1d128a06de2e659ecccf1b4\" class=\"ariadna\">\r\n    <ul><li><a href=\"#h-kolor-jako-motyw-przewodni-na-weselu\">Kolor jako motyw przewodni na weselu&nbsp;<\/a><\/li><li><a href=\"#h-symbolika-koloru-bordowego\">Symbolika koloru bordowego&nbsp;<\/a><\/li><li><a href=\"#ha-masz-pomysl-na-kolor-przewodni-wesela\">Masz pomys\u0142 na kolor przewodni wesela?<\/a><\/li><li><a href=\"#h-kolor-przewodni-wesela-bordo-a-styl-wesela\">Kolor przewodni wesela bordo, a styl wesela&nbsp;<\/a><\/li><li><a href=\"#h-jak-wykorzysta-bordowy-jako-kolor-przewodni-na-weselu\">Jak wykorzysta\u0107 bordowy, jako&nbsp; kolor przewodni na weselu&nbsp;<\/a><\/li><\/ul>\r\n<\/div>\r\n\r\n\r\n\r\n\n\n\n<h2 class=\"wp-block-heading\" id=\"h-kolor-jako-motyw-przewodni-na-weselu\">Kolor jako motyw przewodni na weselu&nbsp;<\/h2>\n\n\n\n<p>Nie ka\u017cdy o tym wie, ale ka\u017cdy kolor wzbudza w nas okre\u015blone emocje. Dlatego te\u017c tak wa\u017cne jest, by wybra\u0107 odpowiedni<strong>&nbsp;<\/strong>kolor przewodni wesela. Bordo, z\u0142oty, fioletowy, czy srebrny \u2013 Pary M\u0142ode maj\u0105 naprawd\u0119&nbsp;spory wyb\u00f3r. Tak samo jak kojarzona z weselem biel, czy&nbsp; be\u017c, kt\u00f3ry tak\u017ce cz\u0119sto pojawia si\u0119 jako akcent weselnych dekoracji.&nbsp;<\/p>\n\n\n\n<p>Pa\u0144stwo M\u0142odzi mog\u0105 wykorzysta\u0107 kolor przewodni na r\u00f3\u017cne sposoby. Najlepiej, gdy stanowi on akcent w ka\u017cdym elemencie uroczysto\u015bci. Kolor przewodni wesela bordo, zielony, czy z\u0142oty, pojawi\u0107 si\u0119 mog\u0105 na zaproszeniach,\u00a0<a href=\"https:\/\/www.koronakarkonoszy.pl\/blog\/kwiaty-na-slub-i-wesele-jak-wybrac-dobra-kwiaciarnie\/\" target=\"_blank\" rel=\"noreferrer noopener\">kwiatach na \u015blub<\/a>\u00a0i dekoracjach sto\u0142\u00f3w, a nawet jako elementy tortu. Nic nie stoi na przeszkodzie, by Pan M\u0142ody mia\u0142 muszk\u0119 w tym kolorze, a Panna M\u0142oda kwiaty, wianek, lub bi\u017cuteri\u0119. Bardziej odwa\u017cnym pomys\u0142em s\u0105 buty z akcentami kolorystycznymi.\u00a0<\/p>\n\n\n<section id=\"leonardo-block_7ed5968137252a62b1024c7f7b47af66\" class=\"leonardo page-breaker leonardo-image-left\">\r\n    <div class=\"leonardo-body\">\r\n                <div class=\"leonardo-content\"><p><span class=\"TextRun SCXW83529112 BCX0\" lang=\"PL\" xml:lang=\"PL\" data-contrast=\"auto\"><span class=\"NormalTextRun SCXW83529112 BCX0\">Podczas rozmowy z obs\u0142ug\u0105 sali warto wspomnie\u0107, jaki kolor b\u0119dzie dominuj\u0105cy w trakcie wesela. Je\u015bli ewidentnie \u201cgryzie\u201d si\u0119 z wystrojem, warto rozwa\u017cy\u0107 zmian\u0119. Mo\u017cna r\u00f3wnie\u017c poprosi\u0107 zesp\u00f3\u0142, lub\u00a0<\/span><span class=\"SpellingError SCXW83529112 BCX0\">DJa<\/span><span class=\"NormalTextRun SCXW83529112 BCX0\">\u00a0by mia\u0142 na uwadze to, jaki b\u0119dzie motyw przewodni na weselu. Mo\u017cemy r\u00f3wnie\u017c poprosi\u0107, by w miar\u0119 mo\u017cliwo\u015bci mieli ubrany cho\u0107 ma\u0142y akcent kolorystyczny powi\u0105zany z kolorem przewodnim.<\/span><\/span><span class=\"EOP SCXW83529112 BCX0\" data-ccp-props=\"{&quot;201341983&quot;:0,&quot;335559740&quot;:276}\">\u00a0<\/span><\/p>\n<\/div>\r\n            <\/div>\r\n    <div class=\"leonardo-image\">\r\n        <img loading=\"lazy\" decoding=\"async\" width=\"1280\" height=\"853\" src=\"https:\/\/www.koronakarkonoszy.pl\/blog\/wp-content\/uploads\/2021\/08\/kolor-przewodni-wesela-bordo.jpg\" class=\"attachment-full size-full\" alt=\"\" srcset=\"https:\/\/www.koronakarkonoszy.pl\/blog\/wp-content\/uploads\/2021\/08\/kolor-przewodni-wesela-bordo.jpg 1280w, https:\/\/www.koronakarkonoszy.pl\/blog\/wp-content\/uploads\/2021\/08\/kolor-przewodni-wesela-bordo-300x200.jpg 300w, https:\/\/www.koronakarkonoszy.pl\/blog\/wp-content\/uploads\/2021\/08\/kolor-przewodni-wesela-bordo-1024x682.jpg 1024w, https:\/\/www.koronakarkonoszy.pl\/blog\/wp-content\/uploads\/2021\/08\/kolor-przewodni-wesela-bordo-768x512.jpg 768w\" sizes=\"auto, (max-width: 1280px) 100vw, 1280px\" \/>            <\/div>\r\n<\/section>\n\n\n<p>Para M\u0142oda mo\u017ce postawi\u0107 na dwa dominuj\u0105ce kolory lub na jeden, ale w r\u00f3\u017cnych odcieniach. W pierwszym przypadku warto postawi\u0107 na harmonijne po\u0142\u0105czenia lub na mocne akcenty i kontrasty. Mocny kolor przewodni bordo w po\u0142\u0105czeniu z delikatnymi r\u00f3\u017cami i fioletami b\u0119dzie wspania\u0142ym po\u0142\u0105czeniem na romantycznej uroczysto\u015bci. Za\u015b zielony ze z\u0142otym b\u0119d\u0105 razem odbija\u0142y si\u0119 na tle bieli towarzysz\u0105cej ka\u017cdemu weselu.&nbsp;&nbsp;<\/p>\n\n\n\n<h2 class=\"wp-block-heading\" id=\"h-symbolika-koloru-bordowego\">Symbolika koloru bordowego&nbsp;<\/h2>\n\n\n\n<p>Okazuje si\u0119, \u017ce\u00a0<a href=\"https:\/\/www.koronakarkonoszy.pl\/blog\/przesady-slubne-i-weselne\/\" target=\"_blank\" rel=\"noreferrer noopener\">przes\u0105dy \u015blubne i weselne<\/a>\u00a0dotycz\u0105 tak\u017ce kolor\u00f3w. Wszystkie\u00a0odcienie czerwieni,\u00a0w tym kolor bordowy, silnie oddzia\u0142uj\u0105 na emocje ka\u017cdego cz\u0142owieka. St\u0105d tak popularne ostatnio\u00a0<a href=\"https:\/\/www.koronakarkonoszy.pl\/blog\/czerwone-wesele-spektakularne-i-zapadajace-w-pamiec\/\" target=\"_blank\" rel=\"noreferrer noopener\">czerwone wesela<\/a>, czyli przyj\u0119cia, na kt\u00f3rych wiod\u0105 prym czerwone akcenty. Elementy w tym kolorze skupiaj\u0105 uwag\u0119 wszystkich na sobie. Dlatego stawiaj\u0105c na ten kolor warto wykorzysta\u0107 go w tych miejscach, kt\u00f3re chcemy wyeksponowa\u0107.\u00a0\u00a0<\/p>\n\n\n<section id=\"ctaninja-block_d208ea7b64e9b7b6c6c892b0e7f6838b\" class=\"ctaninja\">\r\n    <div class=\"ctaninja-body\">\r\n        <h2 class=\"h1\" id=\"ha-masz-pomysl-na-kolor-przewodni-wesela\">Masz pomys\u0142 na kolor przewodni wesela? <\/h2>\r\n        <p>Z przyjemno\u015bci\u0105 pomo\u017cemy w realizacji Twojej wizji!<\/p>\r\n        <div class=\"nf-container\">\r\n            <noscript class=\"ninja-forms-noscript-message\">\n\tUwaga: ta zawarto\u015b\u0107 wymaga obs\u0142ugi j\u0119zyka JavaScript.<\/noscript>\n<div id=\"nf-form-1-cont\" class=\"nf-form-cont\" aria-live=\"polite\" aria-labelledby=\"nf-form-title-1\" aria-describedby=\"nf-form-errors-1\" role=\"form\">\n\n    <div class=\"nf-loading-spinner\"><\/div>\n\n<\/div>\n        <!-- That data is being printed as a workaround to page builders reordering the order of the scripts loaded-->\n        <script>var formDisplay=1;var nfForms=nfForms||[];var form=[];form.id='1';form.settings={\"objectType\":\"Form Setting\",\"editActive\":\"\",\"title\":\"Contact Me\",\"key\":\"\",\"created_at\":\"2021-05-31 16:57:05\",\"default_label_pos\":\"above\",\"conditions\":[],\"show_title\":\"1\",\"clear_complete\":\"1\",\"hide_complete\":\"1\",\"wrapper_class\":\"\",\"element_class\":\"\",\"add_submit\":\"1\",\"logged_in\":\"\",\"not_logged_in_msg\":\"\",\"sub_limit_number\":\"\",\"sub_limit_msg\":\"\",\"calculations\":[],\"formContentData\":[{\"order\":1,\"cells\":[{\"order\":0,\"fields\":[\"email\"],\"width\":50},{\"order\":1,\"fields\":[\"wyslij_1640001513358\"],\"width\":50}]}],\"container_styles_background-color\":\"\",\"container_styles_border\":\"\",\"container_styles_border-style\":\"\",\"container_styles_border-color\":\"\",\"container_styles_color\":\"\",\"container_styles_height\":\"\",\"container_styles_width\":\"\",\"container_styles_font-size\":\"\",\"container_styles_margin\":\"\",\"container_styles_padding\":\"\",\"container_styles_display\":\"\",\"container_styles_float\":\"\",\"container_styles_show_advanced_css\":\"0\",\"container_styles_advanced\":\"\",\"title_styles_background-color\":\"\",\"title_styles_border\":\"\",\"title_styles_border-style\":\"\",\"title_styles_border-color\":\"\",\"title_styles_color\":\"\",\"title_styles_height\":\"\",\"title_styles_width\":\"\",\"title_styles_font-size\":\"\",\"title_styles_margin\":\"\",\"title_styles_padding\":\"\",\"title_styles_display\":\"\",\"title_styles_float\":\"\",\"title_styles_show_advanced_css\":\"0\",\"title_styles_advanced\":\"\",\"row_styles_background-color\":\"\",\"row_styles_border\":\"\",\"row_styles_border-style\":\"\",\"row_styles_border-color\":\"\",\"row_styles_color\":\"\",\"row_styles_height\":\"\",\"row_styles_width\":\"\",\"row_styles_font-size\":\"\",\"row_styles_margin\":\"\",\"row_styles_padding\":\"\",\"row_styles_display\":\"\",\"row_styles_show_advanced_css\":\"0\",\"row_styles_advanced\":\"\",\"row-odd_styles_background-color\":\"\",\"row-odd_styles_border\":\"\",\"row-odd_styles_border-style\":\"\",\"row-odd_styles_border-color\":\"\",\"row-odd_styles_color\":\"\",\"row-odd_styles_height\":\"\",\"row-odd_styles_width\":\"\",\"row-odd_styles_font-size\":\"\",\"row-odd_styles_margin\":\"\",\"row-odd_styles_padding\":\"\",\"row-odd_styles_display\":\"\",\"row-odd_styles_show_advanced_css\":\"0\",\"row-odd_styles_advanced\":\"\",\"success-msg_styles_background-color\":\"\",\"success-msg_styles_border\":\"\",\"success-msg_styles_border-style\":\"\",\"success-msg_styles_border-color\":\"\",\"success-msg_styles_color\":\"\",\"success-msg_styles_height\":\"\",\"success-msg_styles_width\":\"\",\"success-msg_styles_font-size\":\"\",\"success-msg_styles_margin\":\"\",\"success-msg_styles_padding\":\"\",\"success-msg_styles_display\":\"\",\"success-msg_styles_show_advanced_css\":\"0\",\"success-msg_styles_advanced\":\"\",\"error_msg_styles_background-color\":\"\",\"error_msg_styles_border\":\"\",\"error_msg_styles_border-style\":\"\",\"error_msg_styles_border-color\":\"\",\"error_msg_styles_color\":\"\",\"error_msg_styles_height\":\"\",\"error_msg_styles_width\":\"\",\"error_msg_styles_font-size\":\"\",\"error_msg_styles_margin\":\"\",\"error_msg_styles_padding\":\"\",\"error_msg_styles_display\":\"\",\"error_msg_styles_show_advanced_css\":\"0\",\"error_msg_styles_advanced\":\"\",\"allow_public_link\":0,\"embed_form\":\"\",\"currency\":\"\",\"repeatable_fieldsets\":\"\",\"unique_field_error\":\"Formularz z t\\u0105 warto\\u015bci\\u0105 zosta\\u0142 ju\\u017c przes\\u0142any.\",\"ninjaForms\":\"Ninja Forms\",\"changeEmailErrorMsg\":\"Wprowad\\u017a prawid\\u0142owy adres e-mail!\",\"changeDateErrorMsg\":\"Prosz\\u0119 wpisa\\u0107 prawid\\u0142ow\\u0105 dat\\u0119!\",\"confirmFieldErrorMsg\":\"Te pola musz\\u0105 si\\u0119 zgadza\\u0107!\",\"fieldNumberNumMinError\":\"B\\u0142\\u0105d \\u2014 liczba minimalna\",\"fieldNumberNumMaxError\":\"B\\u0142\\u0105d \\u2014 liczba maksymalna\",\"fieldNumberIncrementBy\":\"Zwi\\u0119ksz o \",\"fieldTextareaRTEInsertLink\":\"Wstaw odno\\u015bnik\",\"fieldTextareaRTEInsertMedia\":\"Wstaw media\",\"fieldTextareaRTESelectAFile\":\"Wybierz plik\",\"formErrorsCorrectErrors\":\"Popraw b\\u0142\\u0119dy, zanim prze\\u015blesz formularz.\",\"formHoneypot\":\"Je\\u015bli jeste\\u015b cz\\u0142owiekiem i widzisz to pole, nie wype\\u0142niaj go.\",\"validateRequiredField\":\"To jest wymagane pole.\",\"honeypotHoneypotError\":\"B\\u0142\\u0105d Honeypot\",\"fileUploadOldCodeFileUploadInProgress\":\"Przesy\\u0142anie pliku w toku.\",\"fileUploadOldCodeFileUpload\":\"PRZESY\\u0141ANIE PLIKU\",\"currencySymbol\":\"&#36;\",\"fieldsMarkedRequired\":\"Pola oznaczone znakiem <span class=\\\"ninja-forms-req-symbol\\\">*<\\\/span> s\\u0105 wymagane\",\"thousands_sep\":\"&nbsp;\",\"decimal_point\":\",\",\"siteLocale\":\"pl_PL\",\"dateFormat\":\"m\\\/d\\\/Y\",\"startOfWeek\":\"1\",\"of\":\"z\",\"previousMonth\":\"Poprzedni miesi\\u0105c\",\"nextMonth\":\"Nast\\u0119pny miesi\\u0105c\",\"months\":[\"Stycze\\u0144\",\"Luty\",\"Marzec\",\"Kwiecie\\u0144\",\"Maj\",\"Czerwiec\",\"Lipiec\",\"Sierpie\\u0144\",\"Wrzesie\\u0144\",\"Pa\\u017adziernik\",\"Listopad\",\"Grudzie\\u0144\"],\"monthsShort\":[\"Sty\",\"Lut\",\"Mar\",\"Kw\",\"Maj\",\"Cze\",\"Lip\",\"Sie\",\"Wrz\",\"Pa\\u017a\",\"Lis\",\"Gru\"],\"weekdays\":[\"Niedziela\",\"Poniedzia\\u0142ek\",\"Wtorek\",\"\\u015aroda\",\"Czwartek\",\"Pi\\u0105tek\",\"Sobota\"],\"weekdaysShort\":[\"Niedz\",\"Pon\",\"Wt\",\"\\u015ar\",\"Czw\",\"Pt\",\"Sob\"],\"weekdaysMin\":[\"Niedz\",\"Pon\",\"Wt\",\"\\u015ar\",\"Czw\",\"Pt\",\"Sob\"],\"recaptchaConsentMissing\":\"reCaptcha validation couldn&#039;t load.\",\"recaptchaMissingCookie\":\"reCaptcha v3 validation couldn&#039;t load the cookie needed to submit the form.\",\"recaptchaConsentEvent\":\"Accept reCaptcha cookies before sending the form.\",\"currency_symbol\":\"\",\"beforeForm\":\"\",\"beforeFields\":\"\",\"afterFields\":\"\",\"afterForm\":\"\"};form.fields=[{\"objectType\":\"Field\",\"objectDomain\":\"fields\",\"editActive\":false,\"order\":1,\"idAttribute\":\"id\",\"label\":\"Email\",\"key\":\"email\",\"type\":\"email\",\"created_at\":\"2021-05-31 16:57:06\",\"label_pos\":\"above\",\"required\":1,\"placeholder\":\"Podaj maila, skontaktujemy si\\u0119 z Tob\\u0105\",\"default\":\"\",\"wrapper_class\":\"\",\"element_class\":\"\",\"container_class\":\"\",\"admin_label\":\"\",\"help_text\":\"\",\"desc_text\":\"\",\"wrap_styles_background-color\":\"\",\"wrap_styles_border\":\"\",\"wrap_styles_border-style\":\"\",\"wrap_styles_border-color\":\"\",\"wrap_styles_color\":\"\",\"wrap_styles_height\":\"\",\"wrap_styles_width\":\"\",\"wrap_styles_font-size\":\"\",\"wrap_styles_margin\":\"\",\"wrap_styles_padding\":\"\",\"wrap_styles_display\":\"\",\"wrap_styles_float\":\"\",\"wrap_styles_show_advanced_css\":0,\"wrap_styles_advanced\":\"\",\"label_styles_background-color\":\"\",\"label_styles_border\":\"\",\"label_styles_border-style\":\"\",\"label_styles_border-color\":\"\",\"label_styles_color\":\"\",\"label_styles_height\":\"\",\"label_styles_width\":\"\",\"label_styles_font-size\":\"\",\"label_styles_margin\":\"\",\"label_styles_padding\":\"\",\"label_styles_display\":\"\",\"label_styles_float\":\"\",\"label_styles_show_advanced_css\":0,\"label_styles_advanced\":\"\",\"element_styles_background-color\":\"\",\"element_styles_border\":\"\",\"element_styles_border-style\":\"\",\"element_styles_border-color\":\"\",\"element_styles_color\":\"\",\"element_styles_height\":\"\",\"element_styles_width\":\"\",\"element_styles_font-size\":\"\",\"element_styles_margin\":\"\",\"element_styles_padding\":\"\",\"element_styles_display\":\"\",\"element_styles_float\":\"\",\"element_styles_show_advanced_css\":0,\"element_styles_advanced\":\"\",\"cellcid\":\"c3375\",\"custom_name_attribute\":\"email\",\"personally_identifiable\":1,\"value\":\"\",\"drawerDisabled\":false,\"id\":2,\"beforeField\":\"\",\"afterField\":\"\",\"parentType\":\"email\",\"element_templates\":[\"email\",\"input\"],\"old_classname\":\"\",\"wrap_template\":\"wrap\"},{\"objectType\":\"Field\",\"objectDomain\":\"fields\",\"editActive\":false,\"order\":2,\"idAttribute\":\"id\",\"label\":\"Wy\\u015blij\",\"key\":\"wyslij_1640001513358\",\"type\":\"submit\",\"created_at\":\"2021-05-31 16:57:06\",\"processing_label\":\"Wysy\\u0142anie...\",\"container_class\":\"\",\"element_class\":\"\",\"wrap_styles_background-color\":\"\",\"wrap_styles_border\":\"\",\"wrap_styles_border-style\":\"\",\"wrap_styles_border-color\":\"\",\"wrap_styles_color\":\"\",\"wrap_styles_height\":\"\",\"wrap_styles_width\":\"\",\"wrap_styles_font-size\":\"\",\"wrap_styles_margin\":\"\",\"wrap_styles_padding\":\"\",\"wrap_styles_display\":\"\",\"wrap_styles_float\":\"\",\"wrap_styles_show_advanced_css\":0,\"wrap_styles_advanced\":\"\",\"label_styles_background-color\":\"\",\"label_styles_border\":\"\",\"label_styles_border-style\":\"\",\"label_styles_border-color\":\"\",\"label_styles_color\":\"\",\"label_styles_height\":\"\",\"label_styles_width\":\"\",\"label_styles_font-size\":\"\",\"label_styles_margin\":\"\",\"label_styles_padding\":\"\",\"label_styles_display\":\"\",\"label_styles_float\":\"\",\"label_styles_show_advanced_css\":0,\"label_styles_advanced\":\"\",\"element_styles_background-color\":\"\",\"element_styles_border\":\"\",\"element_styles_border-style\":\"\",\"element_styles_border-color\":\"\",\"element_styles_color\":\"\",\"element_styles_height\":\"\",\"element_styles_width\":\"\",\"element_styles_font-size\":\"\",\"element_styles_margin\":\"\",\"element_styles_padding\":\"\",\"element_styles_display\":\"\",\"element_styles_float\":\"\",\"element_styles_show_advanced_css\":0,\"element_styles_advanced\":\"\",\"submit_element_hover_styles_background-color\":\"\",\"submit_element_hover_styles_border\":\"\",\"submit_element_hover_styles_border-style\":\"\",\"submit_element_hover_styles_border-color\":\"\",\"submit_element_hover_styles_color\":\"\",\"submit_element_hover_styles_height\":\"\",\"submit_element_hover_styles_width\":\"\",\"submit_element_hover_styles_font-size\":\"\",\"submit_element_hover_styles_margin\":\"\",\"submit_element_hover_styles_padding\":\"\",\"submit_element_hover_styles_display\":\"\",\"submit_element_hover_styles_float\":\"\",\"submit_element_hover_styles_show_advanced_css\":0,\"submit_element_hover_styles_advanced\":\"\",\"cellcid\":\"c3378\",\"drawerDisabled\":false,\"id\":4,\"beforeField\":\"\",\"afterField\":\"\",\"value\":\"\",\"label_pos\":\"above\",\"parentType\":\"textbox\",\"element_templates\":[\"submit\",\"button\",\"input\"],\"old_classname\":\"\",\"wrap_template\":\"wrap-no-label\"}];nfForms.push(form);<\/script>\n                <script id=\"nf-tmpl-cell\" type=\"text\/template\">\n            <nf-fields><\/nf-fields>\n        <\/script>\n\n        <script id=\"nf-tmpl-row\" type=\"text\/template\">\n            <nf-cells><\/nf-cells>\n        <\/script>\n\n                <\/div>\r\n    <\/div>\r\n    <div class=\"ctaninja-onm ctaninja-onm-1 rbg\"><\/div>\r\n    <div class=\"ctaninja-onm ctaninja-onm-2 rbg\"><\/div>\r\n<\/section>\n\n\n<p>Kolor przewodni wesela bordo kojarzy si\u0119 z w\u0142adz\u0105, elegancj\u0105 i luksusem. Mo\u017ce wyst\u0119powa\u0107 w roli g\u0142\u00f3wnej. Mo\u017cna wykorzysta\u0107 go do dekoracji sto\u0142\u00f3w oraz komponuj\u0105c bukiety z odpowiednich kwiat\u00f3w. Jednak r\u00f3wnie dobrze wsp\u00f3\u0142gra ze z\u0142otym. \u0141\u0105cz\u0105c obie te barwy mo\u017cna otrzyma\u0107 naprawd\u0119 zgran\u0105 kompozycj\u0119. Bardzo luksusow\u0105, kt\u00f3ra kojarzona jest z weselem na najwy\u017cszym poziomie.&nbsp;<\/p>\n\n\n\n<h2 class=\"wp-block-heading\" id=\"h-kolor-przewodni-wesela-bordo-a-styl-wesela\">Kolor przewodni wesela bordo, a styl wesela&nbsp;<\/h2>\n\n\n\n<p>Bordowy potrafi nada\u0107 elegancji ka\u017cdej uroczysto\u015bci. Kojarzony jest przede wszystkim z weselami w stylu&nbsp;glamour, kt\u00f3re cechuj\u0105 si\u0119&nbsp;niebywa\u0142\u0105&nbsp;elegancj\u0105. Na my\u015bl przywodzi r\u00f3wnie\u017c \u015bluby charakteryzowane na bale, gdzie ubrana w sukni\u0119 ksi\u0119\u017cniczk\u0119 Panna M\u0142oda b\u0142yszczy na parkiecie niczym kr\u00f3lowa.&nbsp;&nbsp;<\/p>\n\n\n\n<p>Jednak nic nie stoi na przeszkodzie, by\u00a0<a href=\"https:\/\/www.koronakarkonoszy.pl\/blog\/wesela-w-stylu-retro\/\" target=\"_blank\" rel=\"noreferrer noopener\">wesele w stylu\u00a0retro,<\/a>\u00a0czy nawet\u00a0boho\u00a0wsp\u00f3\u0142gra\u0142o z kolorem bordowym. Wesele w stylu\u00a0boho\u00a0jest uroczysto\u015bci\u0105, kt\u00f3rej kolor ten nada elegancji i powagi. Na przyj\u0119ciu w stylu\u00a0vintage\u00a0kolor przewodni wesela &#8211; bordo\u00a0lub inny odcie\u0144\u00a0czerwieni &#8211;\u00a0mog\u0105 nada\u0107\u00a0wydarzeniu\u00a0dostojny charakter.\u00a0\u00a0<\/p>\n\n\n\n<h2 class=\"wp-block-heading\" id=\"h-jak-wykorzysta-bordowy-jako-kolor-przewodni-na-weselu\">Jak wykorzysta\u0107 bordowy, jako&nbsp; kolor przewodni na weselu&nbsp;<\/h2>\n\n\n\n<p>Na weselu, na kt\u00f3rym kolorem przewodni ma by\u0107 bordo, trzeba uwa\u017ca\u0107 by nie przesadzi\u0107. Jest to kolor bardzo intensywny i zbyt cz\u0119sto u\u017cywany mo\u017ce okaza\u0107 si\u0119 przyt\u0142aczaj\u0105cy. Warto wi\u0119c przemy\u015ble\u0107, jak wykorzysta\u0107 t\u0105 barw\u0119, by podkre\u015bli\u0142a ona charakter uroczysto\u015bci, ale nie przyt\u0142umi\u0142a tego, co najwa\u017cniejsze &#8211; mi\u0142o\u015bci Nowo\u017ce\u0144c\u00f3w.&nbsp;<\/p>\n\n\n\n<p>Ju\u017c zaproszenia powinny zawiera\u0107 kolor przewodni. Bordowe litery, lub kolorowe ozdoby w kszta\u0142cie kwiat\u00f3w s\u0105 tegorocznym hitem. Ten sam motyw warto wykorzysta\u0107 na winietkach, czy drobnych upominkach, kt\u00f3re go\u015bcie otrzymaj\u0105 w czasie wesela.&nbsp;<\/p>\n\n\n<section id=\"leonardo-block_e6fbd50a80699693b86bfbdd81d8d01a\" class=\"leonardo page-breaker leonardo-image-right\">\r\n    <div class=\"leonardo-body\">\r\n                <div class=\"leonardo-content\"><p><span data-contrast=\"auto\">Pytanie, nad kt\u00f3rym g\u0142owi si\u0119 ka\u017cda Panna M\u0142oda, brzmi:\u00a0<\/span><a href=\"https:\/\/www.koronakarkonoszy.pl\/blog,weselny\/jak-sie-ubrac-na-wesele-latem\/\"><span data-contrast=\"none\">jak si\u0119 ubra\u0107 na wesele<\/span><\/a><span data-contrast=\"auto\">? Suknia nie musi by\u0107 ca\u0142kiem jasna &#8211; mo\u017ce by\u0107 np. zdobiona bordowymi akcentami. We w\u0142osach Pani M\u0142odej mo\u017ce si\u0119 pojawi\u0107 opaska czy wianek w tym kolorze. Dodatki takie jak kolczyki, czy bransoletka z kamieniami w kolorze bordowym idealnie podkre\u015bl\u0105 urod\u0119 zar\u00f3wno brunetek, jak i blondynek.\u00a0<\/span><span data-ccp-props=\"{&quot;201341983&quot;:0,&quot;335559740&quot;:276}\">\u00a0<\/span><\/p>\n<p><span data-contrast=\"auto\">Je\u015bli Panna M\u0142oda decyduje si\u0119 na bukiet w kolorze bordowym, nie musi stawia\u0107 na monotoni\u0119. Bordowe dalie w po\u0142\u0105czeniu z drobniejszymi kwiatami w odcieniach bieli, pomara\u0144czy i r\u00f3\u017cu nadadz\u0105 bukietowi bardziej sielski wygl\u0105d.\u00a0<\/span><span data-ccp-props=\"{&quot;201341983&quot;:0,&quot;335559740&quot;:276}\">\u00a0<\/span><\/p>\n<\/div>\r\n            <\/div>\r\n    <div class=\"leonardo-image\">\r\n        <img loading=\"lazy\" decoding=\"async\" width=\"1280\" height=\"850\" src=\"https:\/\/www.koronakarkonoszy.pl\/blog\/wp-content\/uploads\/2021\/08\/kolor-przewodni-wesela-bordo1.jpg\" class=\"attachment-full size-full\" alt=\"\" srcset=\"https:\/\/www.koronakarkonoszy.pl\/blog\/wp-content\/uploads\/2021\/08\/kolor-przewodni-wesela-bordo1.jpg 1280w, https:\/\/www.koronakarkonoszy.pl\/blog\/wp-content\/uploads\/2021\/08\/kolor-przewodni-wesela-bordo1-300x199.jpg 300w, https:\/\/www.koronakarkonoszy.pl\/blog\/wp-content\/uploads\/2021\/08\/kolor-przewodni-wesela-bordo1-1024x680.jpg 1024w, https:\/\/www.koronakarkonoszy.pl\/blog\/wp-content\/uploads\/2021\/08\/kolor-przewodni-wesela-bordo1-768x510.jpg 768w\" sizes=\"auto, (max-width: 1280px) 100vw, 1280px\" \/>            <\/div>\r\n<\/section>\n\n\n<p>Pan M\u0142ody r\u00f3wnie\u017c mo\u017ce wykorzysta\u0107&nbsp;kolor przewodni wesela. Bordo&nbsp;w ubiorze ma\u0142\u017conka mo\u017ce by\u0107 wykorzystany jako dodatek taki jak butonierka, spinki do koszuli, czy muszka. Jednak mo\u017cna go wykorzysta\u0107 r\u00f3wnie\u017c jako kolor dominuj\u0105cy na koszuli, w ca\u0142ym garniturze, lub za\u0142o\u017cy\u0107 bordowe buty.&nbsp;&nbsp;<\/p>\n\n\n\n<p>R\u00f3wnie\u017c dru\u017cba i \u015bwiadkowie mog\u0105 w swoim ubiorze wykorzysta\u0107 bordo akcenty. Za\u015b na sto\u0142ach, przy kt\u00f3rych zasi\u0105d\u0105 go\u015bcie weselni, kolor bordowy mo\u017cna wyeksponowa\u0107 nie tylko dzi\u0119ki kwiatom, ale tak\u017ce wykorzystuj\u0105c odpowiednie bie\u017cniki, serwetki czy \u015bwieczniki.&nbsp;<\/p>\n\n\n\n<p>Kolor bordowy idealnie pasuje zar\u00f3wno do eleganckiej uroczysto\u015bci, jak i do wesela w wiejskim stylu, lub\u00a0boho. Wszystko zale\u017cy od tego, jakie dodatki chcemy podkre\u015bli\u0107 kolorem przewodnim wesela. Bordo jako dodatek do ubioru Pa\u0144stwa M\u0142odych, czy w bukietach zar\u00f3wno Panny M\u0142odej jak i tych na stole, w zale\u017cno\u015bci od kompozycji mog\u0105 doda\u0107 elegancji lub sielankowej atmosfery. Mimo, \u017ce kolor ten kojarzony jest z\u00a0<a href=\"https:\/\/www.koronakarkonoszy.pl\/blog\/romatyczne-wesele-jesienia\/\" target=\"_blank\" rel=\"noreferrer noopener\">jesiennymi weselami<\/a>, r\u00f3wnie dobrze sprawdzi si\u0119 w zimowej oraz letniej scenerii. Je\u015bli wi\u0119c Para M\u0142oda chce zdecydowa\u0107 si\u0119 na\u00a0kolor przewodni wesela, bordo\u00a0sprawdzi si\u0119 idealnie.\u00a0<\/p>\n","protected":false},"excerpt":{"rendered":"<p>Kolor przewodni wesela bordo kr\u00f3luje na salach weselnych. Nic dziwnego \u2013 przez wielu jest kojarzony z mi\u0142o\u015bci\u0105. Je\u017celi od pocz\u0105tku zwi\u0105zku towarzyszy r\u00f3wnie\u017c Parze M\u0142odej, nic nie stoi na przeszkodzie by u\u017cy\u0142a go jako motywu przewodniego ca\u0142ego wesela. Mo\u017ce on zosta\u0107 zastosowany w niemal wszystkich elementach zwi\u0105zanych zar\u00f3wno z ceremoni\u0105 \u015blubn\u0105, jak i z p\u00f3\u017aniejsz\u0105 [&hellip;]<\/p>\n","protected":false},"author":4,"featured_media":1124,"comment_status":"closed","ping_status":"closed","sticky":false,"template":"","format":"standard","meta":{"_acf_changed":false,"footnotes":""},"categories":[2,8,3],"class_list":["post-1121","post","type-post","status-publish","format-standard","has-post-thumbnail","hentry","category-porady","category-stylizacje","category-trendy"],"acf":[],"yoast_head":"<!-- This site is optimized with the Yoast SEO plugin v27.5 - https:\/\/yoast.com\/product\/yoast-seo-wordpress\/ -->\n<title>Kolor przewodni wesela bordo - atrybut mi\u0142o\u015bci - :: Blog weselny<\/title>\n<meta name=\"description\" content=\"Kolor przewodni wesela bordo kr\u00f3luje na salach weselnych. Nic dziwnego \u2013 przez wielu jest kojarzony z mi\u0142o\u015bci\u0105. Oto jak mo\u017cesz go wykorzysta\u0107!\" \/>\n<meta name=\"robots\" content=\"index, follow, max-snippet:-1, max-image-preview:large, max-video-preview:-1\" \/>\n<link rel=\"canonical\" href=\"https:\/\/www.koronakarkonoszy.pl\/blog\/kolor-przewodni-wesela-bordo\/\" \/>\n<meta property=\"og:locale\" content=\"pl_PL\" \/>\n<meta property=\"og:type\" content=\"article\" \/>\n<meta property=\"og:title\" content=\"Kolor przewodni wesela bordo - atrybut mi\u0142o\u015bci - :: Blog weselny\" \/>\n<meta property=\"og:description\" content=\"Kolor przewodni wesela bordo kr\u00f3luje na salach weselnych. Nic dziwnego \u2013 przez wielu jest kojarzony z mi\u0142o\u015bci\u0105. Oto jak mo\u017cesz go wykorzysta\u0107!\" \/>\n<meta property=\"og:url\" content=\"https:\/\/www.koronakarkonoszy.pl\/blog\/kolor-przewodni-wesela-bordo\/\" \/>\n<meta property=\"og:site_name\" content=\":: Blog weselny\" \/>\n<meta property=\"article:published_time\" content=\"2021-07-22T10:00:00+00:00\" \/>\n<meta property=\"article:modified_time\" content=\"2023-01-23T13:37:24+00:00\" \/>\n<meta property=\"og:image\" content=\"https:\/\/www.koronakarkonoszy.pl\/blog\/wp-content\/uploads\/2021\/08\/kolor-przewodni-wesela-bordo2.jpg\" \/>\n\t<meta property=\"og:image:width\" content=\"1280\" \/>\n\t<meta property=\"og:image:height\" content=\"854\" \/>\n\t<meta property=\"og:image:type\" content=\"image\/jpeg\" \/>\n<meta name=\"author\" content=\"Maria Szruba\" \/>\n<meta name=\"twitter:card\" content=\"summary_large_image\" \/>\n<meta name=\"twitter:label1\" content=\"Napisane przez\" \/>\n\t<meta name=\"twitter:data1\" content=\"Maria Szruba\" \/>\n\t<meta name=\"twitter:label2\" content=\"Szacowany czas czytania\" \/>\n\t<meta name=\"twitter:data2\" content=\"5 minut\" \/>\n<script type=\"application\/ld+json\" class=\"yoast-schema-graph\">{\"@context\":\"https:\\\/\\\/schema.org\",\"@graph\":[{\"@type\":\"Article\",\"@id\":\"https:\\\/\\\/www.koronakarkonoszy.pl\\\/blog\\\/kolor-przewodni-wesela-bordo\\\/#article\",\"isPartOf\":{\"@id\":\"https:\\\/\\\/www.koronakarkonoszy.pl\\\/blog\\\/kolor-przewodni-wesela-bordo\\\/\"},\"author\":{\"name\":\"Maria Szruba\",\"@id\":\"https:\\\/\\\/www.koronakarkonoszy.pl\\\/blog\\\/#\\\/schema\\\/person\\\/c3d9d467cc9af49e50c67be561c643eb\"},\"headline\":\"Kolor przewodni wesela bordo &#8211; atrybut mi\u0142o\u015bci\",\"datePublished\":\"2021-07-22T10:00:00+00:00\",\"dateModified\":\"2023-01-23T13:37:24+00:00\",\"mainEntityOfPage\":{\"@id\":\"https:\\\/\\\/www.koronakarkonoszy.pl\\\/blog\\\/kolor-przewodni-wesela-bordo\\\/\"},\"wordCount\":901,\"image\":{\"@id\":\"https:\\\/\\\/www.koronakarkonoszy.pl\\\/blog\\\/kolor-przewodni-wesela-bordo\\\/#primaryimage\"},\"thumbnailUrl\":\"https:\\\/\\\/www.koronakarkonoszy.pl\\\/blog\\\/wp-content\\\/uploads\\\/2021\\\/08\\\/kolor-przewodni-wesela-bordo2.jpg\",\"articleSection\":[\"Porady\",\"Stylizacje\",\"Trendy\"],\"inLanguage\":\"pl-PL\"},{\"@type\":\"WebPage\",\"@id\":\"https:\\\/\\\/www.koronakarkonoszy.pl\\\/blog\\\/kolor-przewodni-wesela-bordo\\\/\",\"url\":\"https:\\\/\\\/www.koronakarkonoszy.pl\\\/blog\\\/kolor-przewodni-wesela-bordo\\\/\",\"name\":\"Kolor przewodni wesela bordo - atrybut mi\u0142o\u015bci - :: Blog weselny\",\"isPartOf\":{\"@id\":\"https:\\\/\\\/www.koronakarkonoszy.pl\\\/blog\\\/#website\"},\"primaryImageOfPage\":{\"@id\":\"https:\\\/\\\/www.koronakarkonoszy.pl\\\/blog\\\/kolor-przewodni-wesela-bordo\\\/#primaryimage\"},\"image\":{\"@id\":\"https:\\\/\\\/www.koronakarkonoszy.pl\\\/blog\\\/kolor-przewodni-wesela-bordo\\\/#primaryimage\"},\"thumbnailUrl\":\"https:\\\/\\\/www.koronakarkonoszy.pl\\\/blog\\\/wp-content\\\/uploads\\\/2021\\\/08\\\/kolor-przewodni-wesela-bordo2.jpg\",\"datePublished\":\"2021-07-22T10:00:00+00:00\",\"dateModified\":\"2023-01-23T13:37:24+00:00\",\"author\":{\"@id\":\"https:\\\/\\\/www.koronakarkonoszy.pl\\\/blog\\\/#\\\/schema\\\/person\\\/c3d9d467cc9af49e50c67be561c643eb\"},\"description\":\"Kolor przewodni wesela bordo kr\u00f3luje na salach weselnych. Nic dziwnego \u2013 przez wielu jest kojarzony z mi\u0142o\u015bci\u0105. Oto jak mo\u017cesz go wykorzysta\u0107!\",\"breadcrumb\":{\"@id\":\"https:\\\/\\\/www.koronakarkonoszy.pl\\\/blog\\\/kolor-przewodni-wesela-bordo\\\/#breadcrumb\"},\"inLanguage\":\"pl-PL\",\"potentialAction\":[{\"@type\":\"ReadAction\",\"target\":[\"https:\\\/\\\/www.koronakarkonoszy.pl\\\/blog\\\/kolor-przewodni-wesela-bordo\\\/\"]}]},{\"@type\":\"ImageObject\",\"inLanguage\":\"pl-PL\",\"@id\":\"https:\\\/\\\/www.koronakarkonoszy.pl\\\/blog\\\/kolor-przewodni-wesela-bordo\\\/#primaryimage\",\"url\":\"https:\\\/\\\/www.koronakarkonoszy.pl\\\/blog\\\/wp-content\\\/uploads\\\/2021\\\/08\\\/kolor-przewodni-wesela-bordo2.jpg\",\"contentUrl\":\"https:\\\/\\\/www.koronakarkonoszy.pl\\\/blog\\\/wp-content\\\/uploads\\\/2021\\\/08\\\/kolor-przewodni-wesela-bordo2.jpg\",\"width\":1280,\"height\":854,\"caption\":\"Kolor przewodni wesela bordo - atrybut mi\u0142o\u015bci\"},{\"@type\":\"BreadcrumbList\",\"@id\":\"https:\\\/\\\/www.koronakarkonoszy.pl\\\/blog\\\/kolor-przewodni-wesela-bordo\\\/#breadcrumb\",\"itemListElement\":[{\"@type\":\"ListItem\",\"position\":1,\"name\":\"Strona g\u0142\u00f3wna\",\"item\":\"https:\\\/\\\/www.koronakarkonoszy.pl\\\/blog\\\/\"},{\"@type\":\"ListItem\",\"position\":2,\"name\":\"Kolor przewodni wesela bordo &#8211; atrybut mi\u0142o\u015bci\"}]},{\"@type\":\"WebSite\",\"@id\":\"https:\\\/\\\/www.koronakarkonoszy.pl\\\/blog\\\/#website\",\"url\":\"https:\\\/\\\/www.koronakarkonoszy.pl\\\/blog\\\/\",\"name\":\":: Blog weselny\",\"description\":\"Blog weselny Dw\u00f3r Korona Karkonoszy\",\"potentialAction\":[{\"@type\":\"SearchAction\",\"target\":{\"@type\":\"EntryPoint\",\"urlTemplate\":\"https:\\\/\\\/www.koronakarkonoszy.pl\\\/blog\\\/?s={search_term_string}\"},\"query-input\":{\"@type\":\"PropertyValueSpecification\",\"valueRequired\":true,\"valueName\":\"search_term_string\"}}],\"inLanguage\":\"pl-PL\"},{\"@type\":\"Person\",\"@id\":\"https:\\\/\\\/www.koronakarkonoszy.pl\\\/blog\\\/#\\\/schema\\\/person\\\/c3d9d467cc9af49e50c67be561c643eb\",\"name\":\"Maria Szruba\",\"image\":{\"@type\":\"ImageObject\",\"inLanguage\":\"pl-PL\",\"@id\":\"https:\\\/\\\/www.koronakarkonoszy.pl\\\/blog\\\/wp-content\\\/litespeed\\\/avatar\\\/d0fe7fde2b2277621e0a2904789bab14.jpg?ver=1777440145\",\"url\":\"https:\\\/\\\/www.koronakarkonoszy.pl\\\/blog\\\/wp-content\\\/litespeed\\\/avatar\\\/d0fe7fde2b2277621e0a2904789bab14.jpg?ver=1777440145\",\"contentUrl\":\"https:\\\/\\\/www.koronakarkonoszy.pl\\\/blog\\\/wp-content\\\/litespeed\\\/avatar\\\/d0fe7fde2b2277621e0a2904789bab14.jpg?ver=1777440145\",\"caption\":\"Maria Szruba\"},\"url\":\"https:\\\/\\\/www.koronakarkonoszy.pl\\\/blog\\\/author\\\/m-szruba\\\/\"}]}<\/script>\n<!-- \/ Yoast SEO plugin. -->","yoast_head_json":{"title":"Kolor przewodni wesela bordo - atrybut mi\u0142o\u015bci - :: Blog weselny","description":"Kolor przewodni wesela bordo kr\u00f3luje na salach weselnych. Nic dziwnego \u2013 przez wielu jest kojarzony z mi\u0142o\u015bci\u0105. Oto jak mo\u017cesz go wykorzysta\u0107!","robots":{"index":"index","follow":"follow","max-snippet":"max-snippet:-1","max-image-preview":"max-image-preview:large","max-video-preview":"max-video-preview:-1"},"canonical":"https:\/\/www.koronakarkonoszy.pl\/blog\/kolor-przewodni-wesela-bordo\/","og_locale":"pl_PL","og_type":"article","og_title":"Kolor przewodni wesela bordo - atrybut mi\u0142o\u015bci - :: Blog weselny","og_description":"Kolor przewodni wesela bordo kr\u00f3luje na salach weselnych. Nic dziwnego \u2013 przez wielu jest kojarzony z mi\u0142o\u015bci\u0105. Oto jak mo\u017cesz go wykorzysta\u0107!","og_url":"https:\/\/www.koronakarkonoszy.pl\/blog\/kolor-przewodni-wesela-bordo\/","og_site_name":":: Blog weselny","article_published_time":"2021-07-22T10:00:00+00:00","article_modified_time":"2023-01-23T13:37:24+00:00","og_image":[{"width":1280,"height":854,"url":"https:\/\/www.koronakarkonoszy.pl\/blog\/wp-content\/uploads\/2021\/08\/kolor-przewodni-wesela-bordo2.jpg","type":"image\/jpeg"}],"author":"Maria Szruba","twitter_card":"summary_large_image","twitter_misc":{"Napisane przez":"Maria Szruba","Szacowany czas czytania":"5 minut"},"schema":{"@context":"https:\/\/schema.org","@graph":[{"@type":"Article","@id":"https:\/\/www.koronakarkonoszy.pl\/blog\/kolor-przewodni-wesela-bordo\/#article","isPartOf":{"@id":"https:\/\/www.koronakarkonoszy.pl\/blog\/kolor-przewodni-wesela-bordo\/"},"author":{"name":"Maria Szruba","@id":"https:\/\/www.koronakarkonoszy.pl\/blog\/#\/schema\/person\/c3d9d467cc9af49e50c67be561c643eb"},"headline":"Kolor przewodni wesela bordo &#8211; atrybut mi\u0142o\u015bci","datePublished":"2021-07-22T10:00:00+00:00","dateModified":"2023-01-23T13:37:24+00:00","mainEntityOfPage":{"@id":"https:\/\/www.koronakarkonoszy.pl\/blog\/kolor-przewodni-wesela-bordo\/"},"wordCount":901,"image":{"@id":"https:\/\/www.koronakarkonoszy.pl\/blog\/kolor-przewodni-wesela-bordo\/#primaryimage"},"thumbnailUrl":"https:\/\/www.koronakarkonoszy.pl\/blog\/wp-content\/uploads\/2021\/08\/kolor-przewodni-wesela-bordo2.jpg","articleSection":["Porady","Stylizacje","Trendy"],"inLanguage":"pl-PL"},{"@type":"WebPage","@id":"https:\/\/www.koronakarkonoszy.pl\/blog\/kolor-przewodni-wesela-bordo\/","url":"https:\/\/www.koronakarkonoszy.pl\/blog\/kolor-przewodni-wesela-bordo\/","name":"Kolor przewodni wesela bordo - atrybut mi\u0142o\u015bci - :: Blog weselny","isPartOf":{"@id":"https:\/\/www.koronakarkonoszy.pl\/blog\/#website"},"primaryImageOfPage":{"@id":"https:\/\/www.koronakarkonoszy.pl\/blog\/kolor-przewodni-wesela-bordo\/#primaryimage"},"image":{"@id":"https:\/\/www.koronakarkonoszy.pl\/blog\/kolor-przewodni-wesela-bordo\/#primaryimage"},"thumbnailUrl":"https:\/\/www.koronakarkonoszy.pl\/blog\/wp-content\/uploads\/2021\/08\/kolor-przewodni-wesela-bordo2.jpg","datePublished":"2021-07-22T10:00:00+00:00","dateModified":"2023-01-23T13:37:24+00:00","author":{"@id":"https:\/\/www.koronakarkonoszy.pl\/blog\/#\/schema\/person\/c3d9d467cc9af49e50c67be561c643eb"},"description":"Kolor przewodni wesela bordo kr\u00f3luje na salach weselnych. Nic dziwnego \u2013 przez wielu jest kojarzony z mi\u0142o\u015bci\u0105. Oto jak mo\u017cesz go wykorzysta\u0107!","breadcrumb":{"@id":"https:\/\/www.koronakarkonoszy.pl\/blog\/kolor-przewodni-wesela-bordo\/#breadcrumb"},"inLanguage":"pl-PL","potentialAction":[{"@type":"ReadAction","target":["https:\/\/www.koronakarkonoszy.pl\/blog\/kolor-przewodni-wesela-bordo\/"]}]},{"@type":"ImageObject","inLanguage":"pl-PL","@id":"https:\/\/www.koronakarkonoszy.pl\/blog\/kolor-przewodni-wesela-bordo\/#primaryimage","url":"https:\/\/www.koronakarkonoszy.pl\/blog\/wp-content\/uploads\/2021\/08\/kolor-przewodni-wesela-bordo2.jpg","contentUrl":"https:\/\/www.koronakarkonoszy.pl\/blog\/wp-content\/uploads\/2021\/08\/kolor-przewodni-wesela-bordo2.jpg","width":1280,"height":854,"caption":"Kolor przewodni wesela bordo - atrybut mi\u0142o\u015bci"},{"@type":"BreadcrumbList","@id":"https:\/\/www.koronakarkonoszy.pl\/blog\/kolor-przewodni-wesela-bordo\/#breadcrumb","itemListElement":[{"@type":"ListItem","position":1,"name":"Strona g\u0142\u00f3wna","item":"https:\/\/www.koronakarkonoszy.pl\/blog\/"},{"@type":"ListItem","position":2,"name":"Kolor przewodni wesela bordo &#8211; atrybut mi\u0142o\u015bci"}]},{"@type":"WebSite","@id":"https:\/\/www.koronakarkonoszy.pl\/blog\/#website","url":"https:\/\/www.koronakarkonoszy.pl\/blog\/","name":":: Blog weselny","description":"Blog weselny Dw\u00f3r Korona Karkonoszy","potentialAction":[{"@type":"SearchAction","target":{"@type":"EntryPoint","urlTemplate":"https:\/\/www.koronakarkonoszy.pl\/blog\/?s={search_term_string}"},"query-input":{"@type":"PropertyValueSpecification","valueRequired":true,"valueName":"search_term_string"}}],"inLanguage":"pl-PL"},{"@type":"Person","@id":"https:\/\/www.koronakarkonoszy.pl\/blog\/#\/schema\/person\/c3d9d467cc9af49e50c67be561c643eb","name":"Maria Szruba","image":{"@type":"ImageObject","inLanguage":"pl-PL","@id":"https:\/\/www.koronakarkonoszy.pl\/blog\/wp-content\/litespeed\/avatar\/d0fe7fde2b2277621e0a2904789bab14.jpg?ver=1777440145","url":"https:\/\/www.koronakarkonoszy.pl\/blog\/wp-content\/litespeed\/avatar\/d0fe7fde2b2277621e0a2904789bab14.jpg?ver=1777440145","contentUrl":"https:\/\/www.koronakarkonoszy.pl\/blog\/wp-content\/litespeed\/avatar\/d0fe7fde2b2277621e0a2904789bab14.jpg?ver=1777440145","caption":"Maria Szruba"},"url":"https:\/\/www.koronakarkonoszy.pl\/blog\/author\/m-szruba\/"}]}},"_links":{"self":[{"href":"https:\/\/www.koronakarkonoszy.pl\/blog\/wp-json\/wp\/v2\/posts\/1121","targetHints":{"allow":["GET"]}}],"collection":[{"href":"https:\/\/www.koronakarkonoszy.pl\/blog\/wp-json\/wp\/v2\/posts"}],"about":[{"href":"https:\/\/www.koronakarkonoszy.pl\/blog\/wp-json\/wp\/v2\/types\/post"}],"author":[{"embeddable":true,"href":"https:\/\/www.koronakarkonoszy.pl\/blog\/wp-json\/wp\/v2\/users\/4"}],"replies":[{"embeddable":true,"href":"https:\/\/www.koronakarkonoszy.pl\/blog\/wp-json\/wp\/v2\/comments?post=1121"}],"version-history":[{"count":0,"href":"https:\/\/www.koronakarkonoszy.pl\/blog\/wp-json\/wp\/v2\/posts\/1121\/revisions"}],"wp:featuredmedia":[{"embeddable":true,"href":"https:\/\/www.koronakarkonoszy.pl\/blog\/wp-json\/wp\/v2\/media\/1124"}],"wp:attachment":[{"href":"https:\/\/www.koronakarkonoszy.pl\/blog\/wp-json\/wp\/v2\/media?parent=1121"}],"wp:term":[{"taxonomy":"category","embeddable":true,"href":"https:\/\/www.koronakarkonoszy.pl\/blog\/wp-json\/wp\/v2\/categories?post=1121"}],"curies":[{"name":"wp","href":"https:\/\/api.w.org\/{rel}","templated":true}]}}