{"id":1075,"date":"2021-07-12T18:21:00","date_gmt":"2021-07-12T16:21:00","guid":{"rendered":"https:\/\/www.koronakarkonoszy.pl\/blog\/?p=1075"},"modified":"2023-02-09T19:39:15","modified_gmt":"2023-02-09T18:39:15","slug":"obrzedowe-pieczywo-weselne-czy-to-nadal-zywa-tradycja","status":"publish","type":"post","link":"https:\/\/www.koronakarkonoszy.pl\/blog\/obrzedowe-pieczywo-weselne-czy-to-nadal-zywa-tradycja\/","title":{"rendered":"Obrz\u0119dowe pieczywo weselne \u2014 czy to nadal \u017cywa tradycja?"},"content":{"rendered":"\n<p><strong>\u015alub i wesele wi\u0105\u017c\u0105 si\u0119 z niezliczon\u0105 ilo\u015bci\u0105 tradycji, kt\u00f3re s\u0105 charakterystyczne dla danego regionu. W dawnych&nbsp;czasach by\u0142y podstaw\u0105 ka\u017cdego wesela i nios\u0142y za sob\u0105 symboliczne znaczenie. Dzisiaj coraz cz\u0119\u015bciej go\u015bcie bawi\u0105 si\u0119 na przyj\u0119ciach podobnych do tych, kt\u00f3re znamy z ameryka\u0144skich film\u00f3w. Tradycyjne obrz\u0119dowe pieczywo weselne to jeden z najpopularniejszych zwyczaj\u00f3w, kultywowanych g\u0142\u00f3wnie na Podlasiu,&nbsp;Lubelszczy\u017anie&nbsp;i Suwalszczy\u017anie. Czy dzisiaj ma znaczenie?<\/strong>&nbsp;<\/p>\n\n\n<div id=\"ariadna-block_e7d3487c6b3dd991dea57beff62f8c8b\" class=\"ariadna\">\r\n    <ul><li><a href=\"#h-sk-d-wzi-o-si-obrz-dowe-pieczywo-weselne\">Sk\u0105d wzi\u0119\u0142o si\u0119 obrz\u0119dowe pieczywo weselne?&nbsp;&nbsp;<\/a><\/li><li><a href=\"#h-obrz-dowe-pieczywo-weselne-czy-nadal-je-cenimy\">Obrz\u0119dowe pieczywo weselne&nbsp;\u2013 czy nadal je cenimy?&nbsp;<\/a><\/li><li><a href=\"#ha-marzycie-o-weselu-w-gorach\">Marzycie o weselu w g\u00f3rach?<\/a><\/li><li><a href=\"#h-tort-weselny-alternatyw-dla-ko-acza\">Tort weselny alternatyw\u0105 dla ko\u0142acza&nbsp;<\/a><\/li><li><a href=\"#h-czy-tradycyjne-obrz-dowe-pieczywo-weselne-ma-sens\">Czy tradycyjne obrz\u0119dowe pieczywo weselne ma sens?&nbsp;<\/a><\/li><\/ul>\r\n<\/div>\r\n\r\n\r\n\r\n\n\n\n<h2 class=\"wp-block-heading\" id=\"h-sk-d-wzi-o-si-obrz-dowe-pieczywo-weselne\">Sk\u0105d wzi\u0119\u0142o si\u0119 obrz\u0119dowe pieczywo weselne?&nbsp;&nbsp;<\/h2>\n\n\n\n<p>Wiele zale\u017cy od regionu, jego historii i wp\u0142ywu innych kultur.&nbsp;Cz\u0119\u015b\u0107&nbsp;zwyczaj\u00f3w przyw\u0119drowa\u0142a&nbsp;do nas&nbsp;ze wschodu, gdzie silnie kultywowano s\u0142owia\u0144skie tradycje. Bardzo du\u017cy wp\u0142yw na kultur\u0119 mia\u0142a tak\u017ce sytuacja gospodarcza i dost\u0119p do podstawowych d\u00f3br materialnych.&nbsp;&nbsp;<\/p>\n\n\n\n<p>Najpopularniejsze obrz\u0119dowe pieczywo to korowaj, zwany te\u017c ko\u0142aczem. Chlebek weselny wypiekano z wysokogatunkowej m\u0105ki pszennej lub \u017cytniej. Zwyczaj ten&nbsp;obowi\u0105zywa\u0142&nbsp;tylko w tak szczeg\u00f3lnym dniu jak wesele i&nbsp;korowaj&nbsp;mo\u017cna by\u0142o wypiec jeden raz&nbsp;w \u017cyciu.&nbsp;Wdowy i rozw\u00f3dki ponownie wychodz\u0105ce za m\u0105\u017c nie wypieka\u0142y&nbsp;kolejny raz ko\u0142acza. Zaszczyt pieczenia przys\u0142ugiwa\u0142 wy\u0142\u0105cznie kobietom i wi\u0105za\u0142 si\u0119 z licznymi ta\u0144cami, modlitwami i pie\u015bniami, kt\u00f3re rozbrzmiewa\u0142y w trakcie pracy. Ko\u0142acze wypiekano najcz\u0119\u015bciej na dzie\u0144 przed weselem.&nbsp;&nbsp;<\/p>\n\n\n<section id=\"leonardo-block_7ddecca8f76b2a2bde95e246c7bc6fbd\" class=\"leonardo page-breaker leonardo-image-left\">\r\n    <div class=\"leonardo-body\">\r\n                <div class=\"leonardo-content\"><p><span class=\"TextRun SCXW20443693 BCX0\" lang=\"PL-PL\" xml:lang=\"PL-PL\" data-contrast=\"auto\"><span class=\"NormalTextRun SCXW20443693 BCX0\">Forma i kszta\u0142t korowaja uzale\u017cniona by\u0142a od regionu,\u00a0<\/span><span class=\"NormalTextRun SCXW20443693 BCX0\">ale<\/span><span class=\"NormalTextRun SCXW20443693 BCX0\">\u00a0ka\u017cdy z nich by\u0142 bogato zdobiony. Do dekoracji wykorzystywano plecione warkocze, ptaki, rozety i kwiaty, kt\u00f3re symbolizowa\u0142y dobrobyt i p\u0142odno\u015b\u0107. W dawnych czasach wesele tradycyjnie odbywa\u0142o si\u0119 w domu Panny M\u0142odej, wi\u0119c i tam przyst\u0119powano do krojenia korowaja. Zaszczyt\u00a0<\/span><span class=\"NormalTextRun SCXW20443693 BCX0\">ten\u00a0<\/span><span class=\"NormalTextRun SCXW20443693 BCX0\">przypada\u0142 staro\u015bcie, kt\u00f3ry musia\u0142 rozda\u0107 ka\u017cdy kawa\u0142ek wed\u0142ug \u015bci\u015ble okre\u015blonej kolejno\u015bci.\u00a0<\/span><\/span><span class=\"EOP SCXW20443693 BCX0\" data-ccp-props=\"{&quot;201341983&quot;:0,&quot;335559739&quot;:160,&quot;335559740&quot;:259}\">\u00a0<\/span><\/p>\n<\/div>\r\n                    <aside class=\"leonardo-interlink\">\r\n                <b>Polecamy<\/b>\r\n                <a href=\"https:\/\/www.koronakarkonoszy.pl\/blog\/kieliszki-w-gore-czyli-moda-na-wesele-w-karkonoszach\/\">Kieliszki w g\u00f3r\u0119, czyli moda na wesele w Karkonoszach<\/a>\r\n            <\/aside>\r\n            <\/div>\r\n    <div class=\"leonardo-image\">\r\n        <img loading=\"lazy\" decoding=\"async\" width=\"1280\" height=\"853\" src=\"https:\/\/www.koronakarkonoszy.pl\/blog\/wp-content\/uploads\/2021\/07\/Obrzedowe-pieczywo-weselne1.jpg\" class=\"attachment-full size-full\" alt=\"\" srcset=\"https:\/\/www.koronakarkonoszy.pl\/blog\/wp-content\/uploads\/2021\/07\/Obrzedowe-pieczywo-weselne1.jpg 1280w, https:\/\/www.koronakarkonoszy.pl\/blog\/wp-content\/uploads\/2021\/07\/Obrzedowe-pieczywo-weselne1-300x200.jpg 300w, https:\/\/www.koronakarkonoszy.pl\/blog\/wp-content\/uploads\/2021\/07\/Obrzedowe-pieczywo-weselne1-1024x682.jpg 1024w, https:\/\/www.koronakarkonoszy.pl\/blog\/wp-content\/uploads\/2021\/07\/Obrzedowe-pieczywo-weselne1-768x512.jpg 768w\" sizes=\"auto, (max-width: 1280px) 100vw, 1280px\" \/>            <\/div>\r\n<\/section>\n\n\n<p>Podczas pracy nad korowajem wypiekano tak\u017ce inne pieczywo, kt\u00f3re Para M\u0142oda rozdawa\u0142a go\u015bciom w drodze do ko\u015bcio\u0142a:&nbsp;pieczone&nbsp;laleczki, szyszki, g\u0105ski i orzechy. W niekt\u00f3rych miejscach do tradycji nale\u017ca\u0142o wypiekanie bu\u0142eczek dla Pary M\u0142odej, kt\u00f3ra&nbsp;konsumowa\u0142a je rano po pierwszej wsp\u00f3lnie sp\u0119dzonej nocy.&nbsp;&nbsp;<\/p>\n\n\n\n<h2 class=\"wp-block-heading\" id=\"h-obrz-dowe-pieczywo-weselne-czy-nadal-je-cenimy\">Obrz\u0119dowe pieczywo weselne&nbsp;\u2013 czy nadal je cenimy?&nbsp;<\/h2>\n\n\n\n<p><a href=\"https:\/\/www.koronakarkonoszy.pl\/blog\/polskie-tradycje-weselne-czy-znasz-je-wszystkie\/\" target=\"_blank\" rel=\"noreferrer noopener\">Polskie tradycje weselne<\/a>\u00a0wida\u0107 w wielu obszarach. Chleb wci\u0105\u017c ma szczeg\u00f3lne znaczenie \u2013 i to nie tylko w\u00a0tradycji\u00a0weselnej. Wi\u0119kszo\u015b\u0107 z nas ma du\u017cy szacunek do pieczywa, poza tym jest to podstawa w codziennym \u017cywieniu. Niekt\u00f3re regiony do dzi\u015b kultywuj\u0105 dawne tradycje, jednak w zdecydowanej wi\u0119kszo\u015bci mo\u017cna spotka\u0107 nieco inne obrz\u0119dowe pieczywo weselne.\u00a0\u00a0<\/p>\n\n\n\n<p>Do najpopularniejszych zwyczaj\u00f3w nale\u017cy powitanie M\u0142odej Pary chlebem i sol\u0105. Dawniej, w czasach, kiedy wesela odbywa\u0142y si\u0119 w domu Panny M\u0142odej, do obowi\u0105zk\u00f3w matki nale\u017ca\u0142o przygotowanie powitania z chleba i soli. Tradycja nakazywa\u0142a, aby zakochanych przywita\u0107&nbsp;s\u0142owami:&nbsp;witam was chlebem i sol\u0105, aby Wam chleba i soli nigdy w \u017cyciu nie zabrak\u0142o.&nbsp;Co symbolizuj\u0105 te dwa sk\u0142adniki? Zwyczaj ma przede wszystkim ochroni\u0107 par\u0119 przed nieszcz\u0119\u015bciem, zapewni\u0107 dobrobyt, sprowadzi\u0107 na nich \u015bwiat\u0142o\u015b\u0107 i m\u0105dro\u015b\u0107, kt\u00f3ra pomo\u017ce im we wsp\u00f3lnym \u017cyciu ma\u0142\u017ce\u0144skim.&nbsp;&nbsp;<\/p>\n\n\n<section id=\"ctaninja-block_07c65afab3f83237f60e15b769fe203a\" class=\"ctaninja\">\r\n    <div class=\"ctaninja-body\">\r\n        <h2 class=\"h1\" id=\"ha-marzycie-o-weselu-w-gorach\">Marzycie o weselu w g\u00f3rach?<\/h2>\r\n        <p>Zadbamy o niezapomniane wra\u017cenia!<\/p>\r\n        <div class=\"nf-container\">\r\n            <noscript class=\"ninja-forms-noscript-message\">\n\tUwaga: ta zawarto\u015b\u0107 wymaga obs\u0142ugi j\u0119zyka JavaScript.<\/noscript>\n<div id=\"nf-form-1-cont\" class=\"nf-form-cont\" aria-live=\"polite\" aria-labelledby=\"nf-form-title-1\" aria-describedby=\"nf-form-errors-1\" role=\"form\">\n\n    <div class=\"nf-loading-spinner\"><\/div>\n\n<\/div>\n        <!-- That data is being printed as a workaround to page builders reordering the order of the scripts loaded-->\n        <script>var formDisplay=1;var nfForms=nfForms||[];var form=[];form.id='1';form.settings={\"objectType\":\"Form Setting\",\"editActive\":\"\",\"title\":\"Contact Me\",\"key\":\"\",\"created_at\":\"2021-05-31 16:57:05\",\"default_label_pos\":\"above\",\"conditions\":[],\"show_title\":\"1\",\"clear_complete\":\"1\",\"hide_complete\":\"1\",\"wrapper_class\":\"\",\"element_class\":\"\",\"add_submit\":\"1\",\"logged_in\":\"\",\"not_logged_in_msg\":\"\",\"sub_limit_number\":\"\",\"sub_limit_msg\":\"\",\"calculations\":[],\"formContentData\":[{\"order\":1,\"cells\":[{\"order\":0,\"fields\":[\"email\"],\"width\":50},{\"order\":1,\"fields\":[\"wyslij_1640001513358\"],\"width\":50}]}],\"container_styles_background-color\":\"\",\"container_styles_border\":\"\",\"container_styles_border-style\":\"\",\"container_styles_border-color\":\"\",\"container_styles_color\":\"\",\"container_styles_height\":\"\",\"container_styles_width\":\"\",\"container_styles_font-size\":\"\",\"container_styles_margin\":\"\",\"container_styles_padding\":\"\",\"container_styles_display\":\"\",\"container_styles_float\":\"\",\"container_styles_show_advanced_css\":\"0\",\"container_styles_advanced\":\"\",\"title_styles_background-color\":\"\",\"title_styles_border\":\"\",\"title_styles_border-style\":\"\",\"title_styles_border-color\":\"\",\"title_styles_color\":\"\",\"title_styles_height\":\"\",\"title_styles_width\":\"\",\"title_styles_font-size\":\"\",\"title_styles_margin\":\"\",\"title_styles_padding\":\"\",\"title_styles_display\":\"\",\"title_styles_float\":\"\",\"title_styles_show_advanced_css\":\"0\",\"title_styles_advanced\":\"\",\"row_styles_background-color\":\"\",\"row_styles_border\":\"\",\"row_styles_border-style\":\"\",\"row_styles_border-color\":\"\",\"row_styles_color\":\"\",\"row_styles_height\":\"\",\"row_styles_width\":\"\",\"row_styles_font-size\":\"\",\"row_styles_margin\":\"\",\"row_styles_padding\":\"\",\"row_styles_display\":\"\",\"row_styles_show_advanced_css\":\"0\",\"row_styles_advanced\":\"\",\"row-odd_styles_background-color\":\"\",\"row-odd_styles_border\":\"\",\"row-odd_styles_border-style\":\"\",\"row-odd_styles_border-color\":\"\",\"row-odd_styles_color\":\"\",\"row-odd_styles_height\":\"\",\"row-odd_styles_width\":\"\",\"row-odd_styles_font-size\":\"\",\"row-odd_styles_margin\":\"\",\"row-odd_styles_padding\":\"\",\"row-odd_styles_display\":\"\",\"row-odd_styles_show_advanced_css\":\"0\",\"row-odd_styles_advanced\":\"\",\"success-msg_styles_background-color\":\"\",\"success-msg_styles_border\":\"\",\"success-msg_styles_border-style\":\"\",\"success-msg_styles_border-color\":\"\",\"success-msg_styles_color\":\"\",\"success-msg_styles_height\":\"\",\"success-msg_styles_width\":\"\",\"success-msg_styles_font-size\":\"\",\"success-msg_styles_margin\":\"\",\"success-msg_styles_padding\":\"\",\"success-msg_styles_display\":\"\",\"success-msg_styles_show_advanced_css\":\"0\",\"success-msg_styles_advanced\":\"\",\"error_msg_styles_background-color\":\"\",\"error_msg_styles_border\":\"\",\"error_msg_styles_border-style\":\"\",\"error_msg_styles_border-color\":\"\",\"error_msg_styles_color\":\"\",\"error_msg_styles_height\":\"\",\"error_msg_styles_width\":\"\",\"error_msg_styles_font-size\":\"\",\"error_msg_styles_margin\":\"\",\"error_msg_styles_padding\":\"\",\"error_msg_styles_display\":\"\",\"error_msg_styles_show_advanced_css\":\"0\",\"error_msg_styles_advanced\":\"\",\"allow_public_link\":0,\"embed_form\":\"\",\"currency\":\"\",\"repeatable_fieldsets\":\"\",\"unique_field_error\":\"Formularz z t\\u0105 warto\\u015bci\\u0105 zosta\\u0142 ju\\u017c przes\\u0142any.\",\"ninjaForms\":\"Ninja Forms\",\"changeEmailErrorMsg\":\"Wprowad\\u017a prawid\\u0142owy adres e-mail!\",\"changeDateErrorMsg\":\"Prosz\\u0119 wpisa\\u0107 prawid\\u0142ow\\u0105 dat\\u0119!\",\"confirmFieldErrorMsg\":\"Te pola musz\\u0105 si\\u0119 zgadza\\u0107!\",\"fieldNumberNumMinError\":\"B\\u0142\\u0105d \\u2014 liczba minimalna\",\"fieldNumberNumMaxError\":\"B\\u0142\\u0105d \\u2014 liczba maksymalna\",\"fieldNumberIncrementBy\":\"Zwi\\u0119ksz o \",\"fieldTextareaRTEInsertLink\":\"Wstaw odno\\u015bnik\",\"fieldTextareaRTEInsertMedia\":\"Wstaw media\",\"fieldTextareaRTESelectAFile\":\"Wybierz plik\",\"formErrorsCorrectErrors\":\"Popraw b\\u0142\\u0119dy, zanim prze\\u015blesz formularz.\",\"formHoneypot\":\"Je\\u015bli jeste\\u015b cz\\u0142owiekiem i widzisz to pole, nie wype\\u0142niaj go.\",\"validateRequiredField\":\"To jest wymagane pole.\",\"honeypotHoneypotError\":\"B\\u0142\\u0105d Honeypot\",\"fileUploadOldCodeFileUploadInProgress\":\"Przesy\\u0142anie pliku w toku.\",\"fileUploadOldCodeFileUpload\":\"PRZESY\\u0141ANIE PLIKU\",\"currencySymbol\":\"&#36;\",\"fieldsMarkedRequired\":\"Pola oznaczone znakiem <span class=\\\"ninja-forms-req-symbol\\\">*<\\\/span> s\\u0105 wymagane\",\"thousands_sep\":\"&nbsp;\",\"decimal_point\":\",\",\"siteLocale\":\"pl_PL\",\"dateFormat\":\"m\\\/d\\\/Y\",\"startOfWeek\":\"1\",\"of\":\"z\",\"previousMonth\":\"Poprzedni miesi\\u0105c\",\"nextMonth\":\"Nast\\u0119pny miesi\\u0105c\",\"months\":[\"Stycze\\u0144\",\"Luty\",\"Marzec\",\"Kwiecie\\u0144\",\"Maj\",\"Czerwiec\",\"Lipiec\",\"Sierpie\\u0144\",\"Wrzesie\\u0144\",\"Pa\\u017adziernik\",\"Listopad\",\"Grudzie\\u0144\"],\"monthsShort\":[\"Sty\",\"Lut\",\"Mar\",\"Kw\",\"Maj\",\"Cze\",\"Lip\",\"Sie\",\"Wrz\",\"Pa\\u017a\",\"Lis\",\"Gru\"],\"weekdays\":[\"Niedziela\",\"Poniedzia\\u0142ek\",\"Wtorek\",\"\\u015aroda\",\"Czwartek\",\"Pi\\u0105tek\",\"Sobota\"],\"weekdaysShort\":[\"Niedz\",\"Pon\",\"Wt\",\"\\u015ar\",\"Czw\",\"Pt\",\"Sob\"],\"weekdaysMin\":[\"Niedz\",\"Pon\",\"Wt\",\"\\u015ar\",\"Czw\",\"Pt\",\"Sob\"],\"recaptchaConsentMissing\":\"reCaptcha validation couldn&#039;t load.\",\"recaptchaMissingCookie\":\"reCaptcha v3 validation couldn&#039;t load the cookie needed to submit the form.\",\"recaptchaConsentEvent\":\"Accept reCaptcha cookies before sending the form.\",\"currency_symbol\":\"\",\"beforeForm\":\"\",\"beforeFields\":\"\",\"afterFields\":\"\",\"afterForm\":\"\"};form.fields=[{\"objectType\":\"Field\",\"objectDomain\":\"fields\",\"editActive\":false,\"order\":1,\"idAttribute\":\"id\",\"label\":\"Email\",\"key\":\"email\",\"type\":\"email\",\"created_at\":\"2021-05-31 16:57:06\",\"label_pos\":\"above\",\"required\":1,\"placeholder\":\"Podaj maila, skontaktujemy si\\u0119 z Tob\\u0105\",\"default\":\"\",\"wrapper_class\":\"\",\"element_class\":\"\",\"container_class\":\"\",\"admin_label\":\"\",\"help_text\":\"\",\"desc_text\":\"\",\"wrap_styles_background-color\":\"\",\"wrap_styles_border\":\"\",\"wrap_styles_border-style\":\"\",\"wrap_styles_border-color\":\"\",\"wrap_styles_color\":\"\",\"wrap_styles_height\":\"\",\"wrap_styles_width\":\"\",\"wrap_styles_font-size\":\"\",\"wrap_styles_margin\":\"\",\"wrap_styles_padding\":\"\",\"wrap_styles_display\":\"\",\"wrap_styles_float\":\"\",\"wrap_styles_show_advanced_css\":0,\"wrap_styles_advanced\":\"\",\"label_styles_background-color\":\"\",\"label_styles_border\":\"\",\"label_styles_border-style\":\"\",\"label_styles_border-color\":\"\",\"label_styles_color\":\"\",\"label_styles_height\":\"\",\"label_styles_width\":\"\",\"label_styles_font-size\":\"\",\"label_styles_margin\":\"\",\"label_styles_padding\":\"\",\"label_styles_display\":\"\",\"label_styles_float\":\"\",\"label_styles_show_advanced_css\":0,\"label_styles_advanced\":\"\",\"element_styles_background-color\":\"\",\"element_styles_border\":\"\",\"element_styles_border-style\":\"\",\"element_styles_border-color\":\"\",\"element_styles_color\":\"\",\"element_styles_height\":\"\",\"element_styles_width\":\"\",\"element_styles_font-size\":\"\",\"element_styles_margin\":\"\",\"element_styles_padding\":\"\",\"element_styles_display\":\"\",\"element_styles_float\":\"\",\"element_styles_show_advanced_css\":0,\"element_styles_advanced\":\"\",\"cellcid\":\"c3375\",\"custom_name_attribute\":\"email\",\"personally_identifiable\":1,\"value\":\"\",\"drawerDisabled\":false,\"id\":2,\"beforeField\":\"\",\"afterField\":\"\",\"parentType\":\"email\",\"element_templates\":[\"email\",\"input\"],\"old_classname\":\"\",\"wrap_template\":\"wrap\"},{\"objectType\":\"Field\",\"objectDomain\":\"fields\",\"editActive\":false,\"order\":2,\"idAttribute\":\"id\",\"label\":\"Wy\\u015blij\",\"key\":\"wyslij_1640001513358\",\"type\":\"submit\",\"created_at\":\"2021-05-31 16:57:06\",\"processing_label\":\"Wysy\\u0142anie...\",\"container_class\":\"\",\"element_class\":\"\",\"wrap_styles_background-color\":\"\",\"wrap_styles_border\":\"\",\"wrap_styles_border-style\":\"\",\"wrap_styles_border-color\":\"\",\"wrap_styles_color\":\"\",\"wrap_styles_height\":\"\",\"wrap_styles_width\":\"\",\"wrap_styles_font-size\":\"\",\"wrap_styles_margin\":\"\",\"wrap_styles_padding\":\"\",\"wrap_styles_display\":\"\",\"wrap_styles_float\":\"\",\"wrap_styles_show_advanced_css\":0,\"wrap_styles_advanced\":\"\",\"label_styles_background-color\":\"\",\"label_styles_border\":\"\",\"label_styles_border-style\":\"\",\"label_styles_border-color\":\"\",\"label_styles_color\":\"\",\"label_styles_height\":\"\",\"label_styles_width\":\"\",\"label_styles_font-size\":\"\",\"label_styles_margin\":\"\",\"label_styles_padding\":\"\",\"label_styles_display\":\"\",\"label_styles_float\":\"\",\"label_styles_show_advanced_css\":0,\"label_styles_advanced\":\"\",\"element_styles_background-color\":\"\",\"element_styles_border\":\"\",\"element_styles_border-style\":\"\",\"element_styles_border-color\":\"\",\"element_styles_color\":\"\",\"element_styles_height\":\"\",\"element_styles_width\":\"\",\"element_styles_font-size\":\"\",\"element_styles_margin\":\"\",\"element_styles_padding\":\"\",\"element_styles_display\":\"\",\"element_styles_float\":\"\",\"element_styles_show_advanced_css\":0,\"element_styles_advanced\":\"\",\"submit_element_hover_styles_background-color\":\"\",\"submit_element_hover_styles_border\":\"\",\"submit_element_hover_styles_border-style\":\"\",\"submit_element_hover_styles_border-color\":\"\",\"submit_element_hover_styles_color\":\"\",\"submit_element_hover_styles_height\":\"\",\"submit_element_hover_styles_width\":\"\",\"submit_element_hover_styles_font-size\":\"\",\"submit_element_hover_styles_margin\":\"\",\"submit_element_hover_styles_padding\":\"\",\"submit_element_hover_styles_display\":\"\",\"submit_element_hover_styles_float\":\"\",\"submit_element_hover_styles_show_advanced_css\":0,\"submit_element_hover_styles_advanced\":\"\",\"cellcid\":\"c3378\",\"drawerDisabled\":false,\"id\":4,\"beforeField\":\"\",\"afterField\":\"\",\"value\":\"\",\"label_pos\":\"above\",\"parentType\":\"textbox\",\"element_templates\":[\"submit\",\"button\",\"input\"],\"old_classname\":\"\",\"wrap_template\":\"wrap-no-label\"}];nfForms.push(form);<\/script>\n                <script id=\"nf-tmpl-cell\" type=\"text\/template\">\n            <nf-fields><\/nf-fields>\n        <\/script>\n\n        <script id=\"nf-tmpl-row\" type=\"text\/template\">\n            <nf-cells><\/nf-cells>\n        <\/script>\n\n                <\/div>\r\n    <\/div>\r\n    <div class=\"ctaninja-onm ctaninja-onm-1 rbg\"><\/div>\r\n    <div class=\"ctaninja-onm ctaninja-onm-2 rbg\"><\/div>\r\n<\/section>\n\n\n<p>Dzisiaj wi\u0119kszo\u015b\u0107 przyj\u0119\u0107 odbywa si\u0119 na&nbsp;<a href=\"https:\/\/www.koronakarkonoszy.pl\/sala-weselna\/\" target=\"_blank\" rel=\"noreferrer noopener\">salach&nbsp;<\/a>weselnych, dlatego i zwyczaj witania Pary M\u0142odej przeniesiono w miejsce organizacji zabawy. W wielu miejscach za powitanie odpowiada obs\u0142uga&nbsp;sali,&nbsp;a kuchnia&nbsp;przygotowuje wypieki, je\u015bli jednak parze zale\u017cy na jak najwierniejszym zachowaniu tradycji, mog\u0105 poprosi\u0107 matk\u0119 Panny M\u0142odej o przeprowadzenie tradycyjnego powitania.&nbsp;&nbsp;<\/p>\n\n\n\n<h2 class=\"wp-block-heading\" id=\"h-tort-weselny-alternatyw-dla-ko-acza\">Tort weselny alternatyw\u0105 dla ko\u0142acza&nbsp;<\/h2>\n\n\n\n<p>Wspominali\u015bmy wcze\u015bniej, \u017ce obrz\u0119dowe pieczywo weselne z dawnych czas\u00f3w to ko\u0142acz. Do dzi\u015b mo\u017cna spotka\u0107 wypieki z ciasta dro\u017cd\u017cowego, kt\u00f3re s\u0105 odwo\u0142aniem do tradycji. Mimo wszystko, wsp\u00f3\u0142czesne ciasta nie maj\u0105 tak bogatej symboliki.&nbsp;&nbsp;<\/p>\n\n\n<section id=\"leonardo-block_43fc30ea659deea49e5bba2059d90654\" class=\"leonardo page-breaker leonardo-image-right\">\r\n    <div class=\"leonardo-body\">\r\n                <div class=\"leonardo-content\"><p><span class=\"TextRun SCXW136151178 BCX0\" lang=\"PL-PL\" xml:lang=\"PL-PL\" data-contrast=\"auto\"><span class=\"NormalTextRun SCXW136151178 BCX0\">Niemal\u017ce ka\u017cde wesele wi\u0105\u017ce si\u0119 z tradycj\u0105 krojenia tortu i to w\u0142a\u015bnie on zaj\u0105\u0142 miejsce s\u0142owia\u0144skich wypiek\u00f3w. Zmieni\u0142a si\u0119 tak\u017ce tradycja zwi\u0105zana z krojeniem i dzieleniem ciasta. Teraz robi to Para M\u0142oda, kt\u00f3ra jako pierwsza zjada dwa kawa\u0142ki, a dopiero p\u00f3\u017aniej dzieli tort pomi\u0119dzy go\u015bci weselnych.\u00a0<\/span><\/span><span class=\"EOP SCXW136151178 BCX0\" data-ccp-props=\"{&quot;201341983&quot;:0,&quot;335559739&quot;:160,&quot;335559740&quot;:259}\">\u00a0<\/span><\/p>\n<\/div>\r\n                    <aside class=\"leonardo-interlink\">\r\n                <b>Polecamy<\/b>\r\n                <a href=\"https:\/\/www.koronakarkonoszy.pl\/blog\/jaki-tort-na-wesele-bedzie-najbardziej-elegancki\/\">Jaki tort na wesele b\u0119dzie najbardziej elegancki?<\/a>\r\n            <\/aside>\r\n            <\/div>\r\n    <div class=\"leonardo-image\">\r\n        <img loading=\"lazy\" decoding=\"async\" width=\"1280\" height=\"853\" src=\"https:\/\/www.koronakarkonoszy.pl\/blog\/wp-content\/uploads\/2021\/07\/Obrzedowe-pieczywo-weselne3.jpg\" class=\"attachment-full size-full\" alt=\"\" srcset=\"https:\/\/www.koronakarkonoszy.pl\/blog\/wp-content\/uploads\/2021\/07\/Obrzedowe-pieczywo-weselne3.jpg 1280w, https:\/\/www.koronakarkonoszy.pl\/blog\/wp-content\/uploads\/2021\/07\/Obrzedowe-pieczywo-weselne3-300x200.jpg 300w, https:\/\/www.koronakarkonoszy.pl\/blog\/wp-content\/uploads\/2021\/07\/Obrzedowe-pieczywo-weselne3-1024x682.jpg 1024w, https:\/\/www.koronakarkonoszy.pl\/blog\/wp-content\/uploads\/2021\/07\/Obrzedowe-pieczywo-weselne3-768x512.jpg 768w\" sizes=\"auto, (max-width: 1280px) 100vw, 1280px\" \/>            <\/div>\r\n<\/section>\n\n\n<p>Kiedy\u015b\u00a0<a href=\"https:\/\/www.koronakarkonoszy.pl\/blog\/jaki-tort-na-wesele-bedzie-najbardziej-elegancki\/\" target=\"_blank\" rel=\"noreferrer noopener\">tort weselny<\/a>\u00a0podawano o p\u00f3\u0142nocy, a w wielu regionach ta tradycja utrzyma\u0142a si\u0119 po dzi\u015b dzie\u0144. Na pewno jest to jeden z bardziej efektownych moment\u00f3w, na kt\u00f3ry czekaj\u0105\u00a0wszyscy\u00a0go\u015bcie, zw\u0142aszcza je\u015bli Para M\u0142oda\u00a0zdecyduje si\u0119 uzupe\u0142ni\u0107 dekoracje o p\u0142on\u0105ce race.\u00a0Nic nie stoi jednak na przeszkodzie, aby serwowa\u0107 tort weselny wcze\u015bniej. Je\u015bli w\u015br\u00f3d go\u015bci weselnych znajduje si\u0119 sporo starszych os\u00f3b i dzieci, mo\u017cna poda\u0107 go pomi\u0119dzy daniem g\u0142\u00f3wnym a kolacj\u0105.\u00a0\u00a0<\/p>\n\n\n\n<h2 class=\"wp-block-heading\" id=\"h-czy-tradycyjne-obrz-dowe-pieczywo-weselne-ma-sens\">Czy tradycyjne obrz\u0119dowe pieczywo weselne ma sens?&nbsp;<\/h2>\n\n\n\n<p>O tym powinna zadecydowa\u0107 Para M\u0142oda, kt\u00f3ra odpowiada za organizacj\u0119 wesela. Je\u015bli czujecie&nbsp;si\u0119 mocno zwi\u0105zani z tradycj\u0105 s\u0142owia\u0144sk\u0105, mo\u017cecie&nbsp;zamieni\u0107 wsp\u00f3\u0142czesne obrz\u0119dy na dawne zwyczaje. Dla wielu go\u015bci weselnych z pewno\u015bci\u0105 b\u0119dzie to ciekawostka, a starszyzna przypomni sobie o tym, jak wygl\u0105da\u0142y wesela za ich czas\u00f3w.&nbsp;&nbsp;<\/p>\n\n\n\n<p>Pami\u0119tajcie, aby przed podj\u0119ciem decyzji zapozna\u0107 si\u0119 z wszystkimi tradycjami, dok\u0142adnie prze\u015bledzi\u0107 ich symbolik\u0119 i znaczenie, a tak\u017ce skupi\u0107 si\u0119 na obrz\u0119dach, jakie musicie wype\u0142ni\u0107. Je\u015bli nie wiecie sk\u0105d czerpa\u0107 wiedz\u0119, warto podpyta\u0107 dziadk\u00f3w o zwyczaje, kt\u00f3re zapami\u0119tali z lat m\u0142odo\u015bci. B\u0119d\u0105 zdecydowanie bardziej wiarygodnym \u017ar\u00f3d\u0142em, ni\u017c znajomi w Waszym wieku.&nbsp;&nbsp;<\/p>\n","protected":false},"excerpt":{"rendered":"<p>\u015alub i wesele wi\u0105\u017c\u0105 si\u0119 z niezliczon\u0105 ilo\u015bci\u0105 tradycji, kt\u00f3re s\u0105 charakterystyczne dla danego regionu. W dawnych&nbsp;czasach by\u0142y podstaw\u0105 ka\u017cdego wesela i nios\u0142y za sob\u0105 symboliczne znaczenie. Dzisiaj coraz cz\u0119\u015bciej go\u015bcie bawi\u0105 si\u0119 na przyj\u0119ciach podobnych do tych, kt\u00f3re znamy z ameryka\u0144skich film\u00f3w. Tradycyjne obrz\u0119dowe pieczywo weselne to jeden z najpopularniejszych zwyczaj\u00f3w, kultywowanych g\u0142\u00f3wnie na [&hellip;]<\/p>\n","protected":false},"author":4,"featured_media":1076,"comment_status":"closed","ping_status":"closed","sticky":false,"template":"","format":"standard","meta":{"_acf_changed":false,"footnotes":""},"categories":[2,4],"class_list":["post-1075","post","type-post","status-publish","format-standard","has-post-thumbnail","hentry","category-porady","category-tradycja"],"acf":[],"yoast_head":"<!-- This site is optimized with the Yoast SEO plugin v27.5 - https:\/\/yoast.com\/product\/yoast-seo-wordpress\/ -->\n<title>Obrz\u0119dowe pieczywo weselne \u2014 czy to nadal \u017cywa tradycja? - :: Blog weselny<\/title>\n<meta name=\"description\" content=\"Tradycyjne obrz\u0119dowe pieczywo weselne to niegdy\u015b jeden z najpopularniejszych zwyczaj\u00f3w. Czy dzisiaj ma znaczenie?\u00a0Sprawdzamy!\" \/>\n<meta name=\"robots\" content=\"index, follow, max-snippet:-1, max-image-preview:large, max-video-preview:-1\" \/>\n<link rel=\"canonical\" href=\"https:\/\/www.koronakarkonoszy.pl\/blog\/obrzedowe-pieczywo-weselne-czy-to-nadal-zywa-tradycja\/\" \/>\n<meta property=\"og:locale\" content=\"pl_PL\" \/>\n<meta property=\"og:type\" content=\"article\" \/>\n<meta property=\"og:title\" content=\"Obrz\u0119dowe pieczywo weselne \u2014 czy to nadal \u017cywa tradycja? - :: Blog weselny\" \/>\n<meta property=\"og:description\" content=\"Tradycyjne obrz\u0119dowe pieczywo weselne to niegdy\u015b jeden z najpopularniejszych zwyczaj\u00f3w. Czy dzisiaj ma znaczenie?\u00a0Sprawdzamy!\" \/>\n<meta property=\"og:url\" content=\"https:\/\/www.koronakarkonoszy.pl\/blog\/obrzedowe-pieczywo-weselne-czy-to-nadal-zywa-tradycja\/\" \/>\n<meta property=\"og:site_name\" content=\":: Blog weselny\" \/>\n<meta property=\"article:published_time\" content=\"2021-07-12T16:21:00+00:00\" \/>\n<meta property=\"article:modified_time\" content=\"2023-02-09T18:39:15+00:00\" \/>\n<meta property=\"og:image\" content=\"https:\/\/www.koronakarkonoszy.pl\/blog\/wp-content\/uploads\/2021\/07\/Obrzedowe-pieczywo-weselne.jpg\" \/>\n\t<meta property=\"og:image:width\" content=\"1280\" \/>\n\t<meta property=\"og:image:height\" content=\"853\" \/>\n\t<meta property=\"og:image:type\" content=\"image\/jpeg\" \/>\n<meta name=\"author\" content=\"Maria Szruba\" \/>\n<meta name=\"twitter:card\" content=\"summary_large_image\" \/>\n<meta name=\"twitter:label1\" content=\"Napisane przez\" \/>\n\t<meta name=\"twitter:data1\" content=\"Maria Szruba\" \/>\n\t<meta name=\"twitter:label2\" content=\"Szacowany czas czytania\" \/>\n\t<meta name=\"twitter:data2\" content=\"4 minuty\" \/>\n<script type=\"application\/ld+json\" class=\"yoast-schema-graph\">{\"@context\":\"https:\\\/\\\/schema.org\",\"@graph\":[{\"@type\":\"Article\",\"@id\":\"https:\\\/\\\/www.koronakarkonoszy.pl\\\/blog\\\/obrzedowe-pieczywo-weselne-czy-to-nadal-zywa-tradycja\\\/#article\",\"isPartOf\":{\"@id\":\"https:\\\/\\\/www.koronakarkonoszy.pl\\\/blog\\\/obrzedowe-pieczywo-weselne-czy-to-nadal-zywa-tradycja\\\/\"},\"author\":{\"name\":\"Maria Szruba\",\"@id\":\"https:\\\/\\\/www.koronakarkonoszy.pl\\\/blog\\\/#\\\/schema\\\/person\\\/c3d9d467cc9af49e50c67be561c643eb\"},\"headline\":\"Obrz\u0119dowe pieczywo weselne \u2014 czy to nadal \u017cywa tradycja?\",\"datePublished\":\"2021-07-12T16:21:00+00:00\",\"dateModified\":\"2023-02-09T18:39:15+00:00\",\"mainEntityOfPage\":{\"@id\":\"https:\\\/\\\/www.koronakarkonoszy.pl\\\/blog\\\/obrzedowe-pieczywo-weselne-czy-to-nadal-zywa-tradycja\\\/\"},\"wordCount\":857,\"image\":{\"@id\":\"https:\\\/\\\/www.koronakarkonoszy.pl\\\/blog\\\/obrzedowe-pieczywo-weselne-czy-to-nadal-zywa-tradycja\\\/#primaryimage\"},\"thumbnailUrl\":\"https:\\\/\\\/www.koronakarkonoszy.pl\\\/blog\\\/wp-content\\\/uploads\\\/2021\\\/07\\\/Obrzedowe-pieczywo-weselne.jpg\",\"articleSection\":[\"Porady\",\"Tradycja\"],\"inLanguage\":\"pl-PL\"},{\"@type\":\"WebPage\",\"@id\":\"https:\\\/\\\/www.koronakarkonoszy.pl\\\/blog\\\/obrzedowe-pieczywo-weselne-czy-to-nadal-zywa-tradycja\\\/\",\"url\":\"https:\\\/\\\/www.koronakarkonoszy.pl\\\/blog\\\/obrzedowe-pieczywo-weselne-czy-to-nadal-zywa-tradycja\\\/\",\"name\":\"Obrz\u0119dowe pieczywo weselne \u2014 czy to nadal \u017cywa tradycja? - :: Blog weselny\",\"isPartOf\":{\"@id\":\"https:\\\/\\\/www.koronakarkonoszy.pl\\\/blog\\\/#website\"},\"primaryImageOfPage\":{\"@id\":\"https:\\\/\\\/www.koronakarkonoszy.pl\\\/blog\\\/obrzedowe-pieczywo-weselne-czy-to-nadal-zywa-tradycja\\\/#primaryimage\"},\"image\":{\"@id\":\"https:\\\/\\\/www.koronakarkonoszy.pl\\\/blog\\\/obrzedowe-pieczywo-weselne-czy-to-nadal-zywa-tradycja\\\/#primaryimage\"},\"thumbnailUrl\":\"https:\\\/\\\/www.koronakarkonoszy.pl\\\/blog\\\/wp-content\\\/uploads\\\/2021\\\/07\\\/Obrzedowe-pieczywo-weselne.jpg\",\"datePublished\":\"2021-07-12T16:21:00+00:00\",\"dateModified\":\"2023-02-09T18:39:15+00:00\",\"author\":{\"@id\":\"https:\\\/\\\/www.koronakarkonoszy.pl\\\/blog\\\/#\\\/schema\\\/person\\\/c3d9d467cc9af49e50c67be561c643eb\"},\"description\":\"Tradycyjne obrz\u0119dowe pieczywo weselne to niegdy\u015b jeden z najpopularniejszych zwyczaj\u00f3w. Czy dzisiaj ma znaczenie?\u00a0Sprawdzamy!\",\"breadcrumb\":{\"@id\":\"https:\\\/\\\/www.koronakarkonoszy.pl\\\/blog\\\/obrzedowe-pieczywo-weselne-czy-to-nadal-zywa-tradycja\\\/#breadcrumb\"},\"inLanguage\":\"pl-PL\",\"potentialAction\":[{\"@type\":\"ReadAction\",\"target\":[\"https:\\\/\\\/www.koronakarkonoszy.pl\\\/blog\\\/obrzedowe-pieczywo-weselne-czy-to-nadal-zywa-tradycja\\\/\"]}]},{\"@type\":\"ImageObject\",\"inLanguage\":\"pl-PL\",\"@id\":\"https:\\\/\\\/www.koronakarkonoszy.pl\\\/blog\\\/obrzedowe-pieczywo-weselne-czy-to-nadal-zywa-tradycja\\\/#primaryimage\",\"url\":\"https:\\\/\\\/www.koronakarkonoszy.pl\\\/blog\\\/wp-content\\\/uploads\\\/2021\\\/07\\\/Obrzedowe-pieczywo-weselne.jpg\",\"contentUrl\":\"https:\\\/\\\/www.koronakarkonoszy.pl\\\/blog\\\/wp-content\\\/uploads\\\/2021\\\/07\\\/Obrzedowe-pieczywo-weselne.jpg\",\"width\":1280,\"height\":853,\"caption\":\"Obrz\u0119dowe pieczywo weselne \u2014 czy to nadal \u017cywa tradycja?\"},{\"@type\":\"BreadcrumbList\",\"@id\":\"https:\\\/\\\/www.koronakarkonoszy.pl\\\/blog\\\/obrzedowe-pieczywo-weselne-czy-to-nadal-zywa-tradycja\\\/#breadcrumb\",\"itemListElement\":[{\"@type\":\"ListItem\",\"position\":1,\"name\":\"Strona g\u0142\u00f3wna\",\"item\":\"https:\\\/\\\/www.koronakarkonoszy.pl\\\/blog\\\/\"},{\"@type\":\"ListItem\",\"position\":2,\"name\":\"Obrz\u0119dowe pieczywo weselne \u2014 czy to nadal \u017cywa tradycja?\"}]},{\"@type\":\"WebSite\",\"@id\":\"https:\\\/\\\/www.koronakarkonoszy.pl\\\/blog\\\/#website\",\"url\":\"https:\\\/\\\/www.koronakarkonoszy.pl\\\/blog\\\/\",\"name\":\":: Blog weselny\",\"description\":\"Blog weselny Dw\u00f3r Korona Karkonoszy\",\"potentialAction\":[{\"@type\":\"SearchAction\",\"target\":{\"@type\":\"EntryPoint\",\"urlTemplate\":\"https:\\\/\\\/www.koronakarkonoszy.pl\\\/blog\\\/?s={search_term_string}\"},\"query-input\":{\"@type\":\"PropertyValueSpecification\",\"valueRequired\":true,\"valueName\":\"search_term_string\"}}],\"inLanguage\":\"pl-PL\"},{\"@type\":\"Person\",\"@id\":\"https:\\\/\\\/www.koronakarkonoszy.pl\\\/blog\\\/#\\\/schema\\\/person\\\/c3d9d467cc9af49e50c67be561c643eb\",\"name\":\"Maria Szruba\",\"image\":{\"@type\":\"ImageObject\",\"inLanguage\":\"pl-PL\",\"@id\":\"https:\\\/\\\/www.koronakarkonoszy.pl\\\/blog\\\/wp-content\\\/litespeed\\\/avatar\\\/d0fe7fde2b2277621e0a2904789bab14.jpg?ver=1777440145\",\"url\":\"https:\\\/\\\/www.koronakarkonoszy.pl\\\/blog\\\/wp-content\\\/litespeed\\\/avatar\\\/d0fe7fde2b2277621e0a2904789bab14.jpg?ver=1777440145\",\"contentUrl\":\"https:\\\/\\\/www.koronakarkonoszy.pl\\\/blog\\\/wp-content\\\/litespeed\\\/avatar\\\/d0fe7fde2b2277621e0a2904789bab14.jpg?ver=1777440145\",\"caption\":\"Maria Szruba\"},\"url\":\"https:\\\/\\\/www.koronakarkonoszy.pl\\\/blog\\\/author\\\/m-szruba\\\/\"}]}<\/script>\n<!-- \/ Yoast SEO plugin. -->","yoast_head_json":{"title":"Obrz\u0119dowe pieczywo weselne \u2014 czy to nadal \u017cywa tradycja? - :: Blog weselny","description":"Tradycyjne obrz\u0119dowe pieczywo weselne to niegdy\u015b jeden z najpopularniejszych zwyczaj\u00f3w. Czy dzisiaj ma znaczenie?\u00a0Sprawdzamy!","robots":{"index":"index","follow":"follow","max-snippet":"max-snippet:-1","max-image-preview":"max-image-preview:large","max-video-preview":"max-video-preview:-1"},"canonical":"https:\/\/www.koronakarkonoszy.pl\/blog\/obrzedowe-pieczywo-weselne-czy-to-nadal-zywa-tradycja\/","og_locale":"pl_PL","og_type":"article","og_title":"Obrz\u0119dowe pieczywo weselne \u2014 czy to nadal \u017cywa tradycja? - :: Blog weselny","og_description":"Tradycyjne obrz\u0119dowe pieczywo weselne to niegdy\u015b jeden z najpopularniejszych zwyczaj\u00f3w. Czy dzisiaj ma znaczenie?\u00a0Sprawdzamy!","og_url":"https:\/\/www.koronakarkonoszy.pl\/blog\/obrzedowe-pieczywo-weselne-czy-to-nadal-zywa-tradycja\/","og_site_name":":: Blog weselny","article_published_time":"2021-07-12T16:21:00+00:00","article_modified_time":"2023-02-09T18:39:15+00:00","og_image":[{"width":1280,"height":853,"url":"https:\/\/www.koronakarkonoszy.pl\/blog\/wp-content\/uploads\/2021\/07\/Obrzedowe-pieczywo-weselne.jpg","type":"image\/jpeg"}],"author":"Maria Szruba","twitter_card":"summary_large_image","twitter_misc":{"Napisane przez":"Maria Szruba","Szacowany czas czytania":"4 minuty"},"schema":{"@context":"https:\/\/schema.org","@graph":[{"@type":"Article","@id":"https:\/\/www.koronakarkonoszy.pl\/blog\/obrzedowe-pieczywo-weselne-czy-to-nadal-zywa-tradycja\/#article","isPartOf":{"@id":"https:\/\/www.koronakarkonoszy.pl\/blog\/obrzedowe-pieczywo-weselne-czy-to-nadal-zywa-tradycja\/"},"author":{"name":"Maria Szruba","@id":"https:\/\/www.koronakarkonoszy.pl\/blog\/#\/schema\/person\/c3d9d467cc9af49e50c67be561c643eb"},"headline":"Obrz\u0119dowe pieczywo weselne \u2014 czy to nadal \u017cywa tradycja?","datePublished":"2021-07-12T16:21:00+00:00","dateModified":"2023-02-09T18:39:15+00:00","mainEntityOfPage":{"@id":"https:\/\/www.koronakarkonoszy.pl\/blog\/obrzedowe-pieczywo-weselne-czy-to-nadal-zywa-tradycja\/"},"wordCount":857,"image":{"@id":"https:\/\/www.koronakarkonoszy.pl\/blog\/obrzedowe-pieczywo-weselne-czy-to-nadal-zywa-tradycja\/#primaryimage"},"thumbnailUrl":"https:\/\/www.koronakarkonoszy.pl\/blog\/wp-content\/uploads\/2021\/07\/Obrzedowe-pieczywo-weselne.jpg","articleSection":["Porady","Tradycja"],"inLanguage":"pl-PL"},{"@type":"WebPage","@id":"https:\/\/www.koronakarkonoszy.pl\/blog\/obrzedowe-pieczywo-weselne-czy-to-nadal-zywa-tradycja\/","url":"https:\/\/www.koronakarkonoszy.pl\/blog\/obrzedowe-pieczywo-weselne-czy-to-nadal-zywa-tradycja\/","name":"Obrz\u0119dowe pieczywo weselne \u2014 czy to nadal \u017cywa tradycja? - :: Blog weselny","isPartOf":{"@id":"https:\/\/www.koronakarkonoszy.pl\/blog\/#website"},"primaryImageOfPage":{"@id":"https:\/\/www.koronakarkonoszy.pl\/blog\/obrzedowe-pieczywo-weselne-czy-to-nadal-zywa-tradycja\/#primaryimage"},"image":{"@id":"https:\/\/www.koronakarkonoszy.pl\/blog\/obrzedowe-pieczywo-weselne-czy-to-nadal-zywa-tradycja\/#primaryimage"},"thumbnailUrl":"https:\/\/www.koronakarkonoszy.pl\/blog\/wp-content\/uploads\/2021\/07\/Obrzedowe-pieczywo-weselne.jpg","datePublished":"2021-07-12T16:21:00+00:00","dateModified":"2023-02-09T18:39:15+00:00","author":{"@id":"https:\/\/www.koronakarkonoszy.pl\/blog\/#\/schema\/person\/c3d9d467cc9af49e50c67be561c643eb"},"description":"Tradycyjne obrz\u0119dowe pieczywo weselne to niegdy\u015b jeden z najpopularniejszych zwyczaj\u00f3w. Czy dzisiaj ma znaczenie?\u00a0Sprawdzamy!","breadcrumb":{"@id":"https:\/\/www.koronakarkonoszy.pl\/blog\/obrzedowe-pieczywo-weselne-czy-to-nadal-zywa-tradycja\/#breadcrumb"},"inLanguage":"pl-PL","potentialAction":[{"@type":"ReadAction","target":["https:\/\/www.koronakarkonoszy.pl\/blog\/obrzedowe-pieczywo-weselne-czy-to-nadal-zywa-tradycja\/"]}]},{"@type":"ImageObject","inLanguage":"pl-PL","@id":"https:\/\/www.koronakarkonoszy.pl\/blog\/obrzedowe-pieczywo-weselne-czy-to-nadal-zywa-tradycja\/#primaryimage","url":"https:\/\/www.koronakarkonoszy.pl\/blog\/wp-content\/uploads\/2021\/07\/Obrzedowe-pieczywo-weselne.jpg","contentUrl":"https:\/\/www.koronakarkonoszy.pl\/blog\/wp-content\/uploads\/2021\/07\/Obrzedowe-pieczywo-weselne.jpg","width":1280,"height":853,"caption":"Obrz\u0119dowe pieczywo weselne \u2014 czy to nadal \u017cywa tradycja?"},{"@type":"BreadcrumbList","@id":"https:\/\/www.koronakarkonoszy.pl\/blog\/obrzedowe-pieczywo-weselne-czy-to-nadal-zywa-tradycja\/#breadcrumb","itemListElement":[{"@type":"ListItem","position":1,"name":"Strona g\u0142\u00f3wna","item":"https:\/\/www.koronakarkonoszy.pl\/blog\/"},{"@type":"ListItem","position":2,"name":"Obrz\u0119dowe pieczywo weselne \u2014 czy to nadal \u017cywa tradycja?"}]},{"@type":"WebSite","@id":"https:\/\/www.koronakarkonoszy.pl\/blog\/#website","url":"https:\/\/www.koronakarkonoszy.pl\/blog\/","name":":: Blog weselny","description":"Blog weselny Dw\u00f3r Korona Karkonoszy","potentialAction":[{"@type":"SearchAction","target":{"@type":"EntryPoint","urlTemplate":"https:\/\/www.koronakarkonoszy.pl\/blog\/?s={search_term_string}"},"query-input":{"@type":"PropertyValueSpecification","valueRequired":true,"valueName":"search_term_string"}}],"inLanguage":"pl-PL"},{"@type":"Person","@id":"https:\/\/www.koronakarkonoszy.pl\/blog\/#\/schema\/person\/c3d9d467cc9af49e50c67be561c643eb","name":"Maria Szruba","image":{"@type":"ImageObject","inLanguage":"pl-PL","@id":"https:\/\/www.koronakarkonoszy.pl\/blog\/wp-content\/litespeed\/avatar\/d0fe7fde2b2277621e0a2904789bab14.jpg?ver=1777440145","url":"https:\/\/www.koronakarkonoszy.pl\/blog\/wp-content\/litespeed\/avatar\/d0fe7fde2b2277621e0a2904789bab14.jpg?ver=1777440145","contentUrl":"https:\/\/www.koronakarkonoszy.pl\/blog\/wp-content\/litespeed\/avatar\/d0fe7fde2b2277621e0a2904789bab14.jpg?ver=1777440145","caption":"Maria Szruba"},"url":"https:\/\/www.koronakarkonoszy.pl\/blog\/author\/m-szruba\/"}]}},"_links":{"self":[{"href":"https:\/\/www.koronakarkonoszy.pl\/blog\/wp-json\/wp\/v2\/posts\/1075","targetHints":{"allow":["GET"]}}],"collection":[{"href":"https:\/\/www.koronakarkonoszy.pl\/blog\/wp-json\/wp\/v2\/posts"}],"about":[{"href":"https:\/\/www.koronakarkonoszy.pl\/blog\/wp-json\/wp\/v2\/types\/post"}],"author":[{"embeddable":true,"href":"https:\/\/www.koronakarkonoszy.pl\/blog\/wp-json\/wp\/v2\/users\/4"}],"replies":[{"embeddable":true,"href":"https:\/\/www.koronakarkonoszy.pl\/blog\/wp-json\/wp\/v2\/comments?post=1075"}],"version-history":[{"count":0,"href":"https:\/\/www.koronakarkonoszy.pl\/blog\/wp-json\/wp\/v2\/posts\/1075\/revisions"}],"wp:featuredmedia":[{"embeddable":true,"href":"https:\/\/www.koronakarkonoszy.pl\/blog\/wp-json\/wp\/v2\/media\/1076"}],"wp:attachment":[{"href":"https:\/\/www.koronakarkonoszy.pl\/blog\/wp-json\/wp\/v2\/media?parent=1075"}],"wp:term":[{"taxonomy":"category","embeddable":true,"href":"https:\/\/www.koronakarkonoszy.pl\/blog\/wp-json\/wp\/v2\/categories?post=1075"}],"curies":[{"name":"wp","href":"https:\/\/api.w.org\/{rel}","templated":true}]}}