{"id":10345,"date":"2024-01-31T18:14:29","date_gmt":"2024-01-31T17:14:29","guid":{"rendered":"https:\/\/www.koronakarkonoszy.pl\/blog\/?p=10345"},"modified":"2025-05-23T13:48:39","modified_gmt":"2025-05-23T11:48:39","slug":"wesele-na-dolnym-slasku","status":"publish","type":"post","link":"https:\/\/www.koronakarkonoszy.pl\/blog\/wesele-na-dolnym-slasku\/","title":{"rendered":"Wesele na Dolnym \u015al\u0105sku"},"content":{"rendered":"\n<p><strong>Wesele Dolny \u015al\u0105sk? Oczywi\u015bcie! Sprawd\u017a, gdzie urz\u0105dzi\u0107 wymarzon\u0105 imprez\u0119. Dolny \u015al\u0105sk to region pe\u0142en obiekt\u00f3w idealnych na weselne uroczysto\u015bci. Dworki, zamki, pa\u0142ace, wille, restauracje i winnice. Tyle do wyboru! Podpowiemy, gdzie urz\u0105dzi\u0107 wesele na Dolnym \u015al\u0105sku. <\/strong><\/p>\n\n\n<div id=\"ariadna-block_644b0bbe138b8ac5c3670dfe68ed8c2b\" class=\"ariadna\">\r\n    <ul><li><a href=\"#ha-wybor-idealnej-sali-weselnej-na-dolnym-slasku\">Wyb\u00f3r idealnej sali weselnej na Dolnym \u015al\u0105sku<\/a><\/li><li><a href=\"#ha-atrakcje-i-udogodnienia-dla-gosci-weselnych-na-dolnym-slasku\">Atrakcje i udogodnienia dla go\u015bci weselnych na Dolnym \u015al\u0105sku<\/a><\/li><li><a href=\"#h-jak-zorganizowac-wesele-dolny-slask\">Jak zorganizowa\u0107 wesele Dolny \u015al\u0105sk?<\/a><\/li><li><a href=\"#ha-miejsce-na-wesele-dolny-slask\">Miejsce na wesele \u2013 Dolny \u015al\u0105sk<\/a><\/li><li><a href=\"#ha-sala-weselna-dolny-slask-z-widokiem-na-gory\">Sala weselna Dolny \u015al\u0105sk z widokiem na g\u00f3ry<\/a><\/li><li><a href=\"#ha-najlepsze-miesiace-na-wesele-w-karkonoszach-sala-weselna-na-dolnym-slasku\">Najlepsze miesi\u0105ce na wesele w Karkonoszach \u2013 sala weselna na Dolnym \u015al\u0105sku<\/a><\/li><li><a href=\"#ha-sala-weselna-na-dolnym-slasku-w-stylu-rustykalnym\">Sala weselna na Dolnym \u015al\u0105sku w stylu rustykalnym<\/a><\/li><li><a href=\"#ha-wesele-w-gorach-dlaczego-warto\">Wesele w g\u00f3rach \u2013 dlaczego warto?<\/a><\/li><li><a href=\"#ha-kiedy-najlepiej-zorganizowac-wesele-na-dolnym-slasku\">Kiedy najlepiej zorganizowa\u0107 wesele na Dolnym \u015al\u0105sku?<\/a><\/li><li><a href=\"#h-gdzie-zorganizowac-wesele-dolny-slask\">Gdzie zorganizowa\u0107 wesele Dolny \u015al\u0105sk?<\/a><\/li><li><a href=\"#h-wesele-na-dolnym-slasku-wesele-wroclaw\">Wesele na Dolnym \u015al\u0105sku &#8211; wesele Wroc\u0142aw<\/a><\/li><li><a href=\"#ha-wesele-karpacz-i-okolice-wesele-na-dolnym-slasku\">Wesele Karpacz i okolice &#8211; wesele na Dolnym \u015al\u0105sku<\/a><\/li><li><a href=\"#ha-dolny-slask-wesele-w-plenerze\">Dolny \u015al\u0105sk wesele w plenerze<\/a><\/li><\/ul>\r\n<\/div>\r\n\r\n\r\n\r\n\n\n\n<p>Gdzie szuka\u0107 <a href=\"https:\/\/www.koronakarkonoszy.pl\/blog\/wesele-w-dworku\/\" target=\"_blank\" rel=\"noreferrer noopener\">sali weselnej<\/a>? Takie pytanie cz\u0119sto zadaj\u0105 sobie narzeczeni, bo przecie\u017c jej znalezienie to pierwszy krok do wymarzonego wesela. Na <strong>magiczne wesele Dolny \u015al\u0105sk<\/strong> oferuje jeden ze swoich licznych pa\u0142ac\u00f3w, dwork\u00f3w, zamk\u00f3w czy ogrod\u00f3w. W tym wpisie podpowiemy, <strong>na co warto zwr\u00f3ci\u0107 uwag\u0119 przy wyborze sali weselnej<\/strong>. Lokalizacja, wystr\u00f3j, cena, catering, <a href=\"https:\/\/www.koronakarkonoszy.pl\/blog\/nocleg-dla-gosci-weselnych-koniecznosc-czy-dodatek\/\" target=\"_blank\" rel=\"noreferrer noopener\">noclegi dla go\u015bci weselnych<\/a> \u2013 co jest najwa\u017cniejsze? Sprawd\u017acie sami.<\/p>\n\n\n\n<figure class=\"wp-block-image size-large\"><img loading=\"lazy\" decoding=\"async\" width=\"1024\" height=\"683\" src=\"https:\/\/www.koronakarkonoszy.pl\/blog\/wp-content\/uploads\/2023\/06\/AL-26072021-rs_236-1024x683.jpg\" alt=\"Wesele Dolny \u015al\u0105sk, Dworska Sala Balowa, Sosn\u00f3wka \" class=\"wp-image-10360\" title=\"Wesele Dolny \u015al\u0105sk, Dworska Sala Balowa, Sosn\u00f3wka \" srcset=\"https:\/\/www.koronakarkonoszy.pl\/blog\/wp-content\/uploads\/2023\/06\/AL-26072021-rs_236-1024x683.jpg 1024w, https:\/\/www.koronakarkonoszy.pl\/blog\/wp-content\/uploads\/2023\/06\/AL-26072021-rs_236-300x200.jpg 300w, https:\/\/www.koronakarkonoszy.pl\/blog\/wp-content\/uploads\/2023\/06\/AL-26072021-rs_236-768x512.jpg 768w, https:\/\/www.koronakarkonoszy.pl\/blog\/wp-content\/uploads\/2023\/06\/AL-26072021-rs_236-1536x1024.jpg 1536w, https:\/\/www.koronakarkonoszy.pl\/blog\/wp-content\/uploads\/2023\/06\/AL-26072021-rs_236-18x12.jpg 18w, https:\/\/www.koronakarkonoszy.pl\/blog\/wp-content\/uploads\/2023\/06\/AL-26072021-rs_236.jpg 1600w\" sizes=\"auto, (max-width: 1024px) 100vw, 1024px\" \/><figcaption class=\"wp-element-caption\"><strong><a href=\"https:\/\/www.koronakarkonoszy.pl\/dworska-sala-balowa\/\" target=\"_blank\" rel=\"noreferrer noopener\">Sala balowa<\/a> &#8211; Dw\u00f3r Korona Karkonoszy, <a href=\"https:\/\/www.koronakarkonoszy.pl\/blog-atrakcje\/sosnowka\/\" class=\"links-placer\">Sosn\u00f3wka<\/a> k. Karpacza <\/strong><\/figcaption><\/figure>\n\n\n\n<h2 class=\"wp-block-heading\"><strong>Dlaczego warto zorganizowa\u0107 wesele na Dolnym \u015al\u0105sku?<\/strong><\/h2>\n\n\n\n<p>Na Dolnym \u015al\u0105sku jest wiele miejsc, gdzie mo\u017cna zorganizowa\u0107 wesele. Ostateczny wyb\u00f3r zale\u017cy od preferencji Pary M\u0142odej, stylu wesela, liczby go\u015bci oraz bud\u017cetu.<\/p>\n\n\n\n<style>\n    .cta_block{\n        margin: 1.5em 0;\n    }\n    .cta_block_content {\n        position: relative;\n        color: white;\n        padding: 1em;\n    }\n    .cta_block_content h3{\n        text-align: center;\n        font: normal normal normal 36px\/50px Yeseva One;\n    }\n    .cta_block_content .cta_block_desc{\n        text-align: center;\n        font-size: 1.1em;\n        position: relative;\n    }\n    .cta_block_content .cta_block_desc:before {\n        content: '';\n        width: 80px;\n        height: 4px;\n        background: #EEB315;\n        position: absolute;\n        left: 0;\n        right: 0;\n        margin-left: auto;\n        margin-right: auto;\n        top: -22px;\n    }\n\n    .cta_block_content picture{\n        position: absolute;\n        top: 0;\n        right: 0;\n        z-index: -1;\n        height: 100%;\n        overflow: hidden;\n        width: 100%;\n    }\n    .cta_block_content picture img{\n        object-fit: cover;\n        height: 100%;\n        width: 100%;\n    }\n    .cta_block .cta_block_content .ninja-forms-field{\n        background: #FFFFFF2F;\n        border: 1px solid #EEB315;\n        border-radius: 25px;\n        opacity: 1;\n        color: #ffffff;\n    }\n    .cta_block .cta_block_content .nf-form-content input[type=submit]{\n        background-color: #EEB315;\n        color: #292929;\n        text-align: center;\n        font: normal normal bold 14px\/20px Work Sans;\n        padding: 0 2em;\n    }\n\n    .cta_block ::placeholder{\n        color: white!important;\n        opacity: 1;\n    }\n\n    .cta_block_content::after {\n        height: 100%;\n        width: 100%;\n        content: \"\";\n        z-index: -1;\n        position: absolute;\n        top: 0;\n        background: #00000070;\n        right: 0;\n        left: 0;\n        bottom: 0;\n    }\n    #ha-cta-block, .cta_block_desc, .cta_block .nf-field-label, .cta_block .nf-error-msg {\n        filter: drop-shadow(1px 1px 8px black);\n    }\n\n\/*    .cta_block nf-rows-wrap {\n        display: flex;\n        justify-content: space-around;\n        flex-direction: row;\n    }*\/\n\n    .cta_block .nf-field-label {\n        display:none;\n    }\n\n    .cta_block .nf-error.field-wrap .nf-field-element::after {\n        border-radius: 50px;\n    }\n\n    .cta_block .nf-error-msg {\n        color: #fff;\n    }\n\n    .cta_block .nf-form-cont {\n        margin-top: 3em;\n        margin-bottom: 1em;\n    }\n\n    .wp-admin .cta_block_content{\n        display: none;\n    }\n    .cta_block .nf-form-fields-required {\n        display: none;\n    }\n    body:not(.wp-admin) .cta_block_admin {\n        display: none;\n    }\n<\/style>\n<div id=\"cta_block-block_767919f833b3e3706d2d4303982dd35b\" class=\"cta_block\">\n    <div class=\"cta_block_admin\" style=\"background-color: blue; color: white\">\n        Blok CTA\n    <\/div>\n    <div class=\"cta_block\">\n        <div class=\"cta_block_content\">   \n        <h3 id=\"ha-marszysz-o-weselu-na-dolnym-slasku\">Marszysz o weselu na Dolnym \u015al\u0105sku? <\/h3>\n                    <div class=\"cta_block_desc\">Zorganizujemy je dla Ciebie! <\/div>\n                <noscript class=\"ninja-forms-noscript-message\">\n\tUwaga: ta zawarto\u015b\u0107 wymaga obs\u0142ugi j\u0119zyka JavaScript.<\/noscript>\n<div id=\"nf-form-3-cont\" class=\"nf-form-cont\" aria-live=\"polite\" aria-labelledby=\"nf-form-title-3\" aria-describedby=\"nf-form-errors-3\" role=\"form\">\n\n    <div class=\"nf-loading-spinner\"><\/div>\n\n<\/div>\n        <!-- That data is being printed as a workaround to page builders reordering the order of the scripts loaded-->\n        <script>var formDisplay=1;var nfForms=nfForms||[];var form=[];form.id='3';form.settings={\"objectType\":\"Form Setting\",\"editActive\":true,\"title\":\"Block CTA\",\"created_at\":\"2022-11-08 16:03:33\",\"default_label_pos\":\"above\",\"show_title\":0,\"clear_complete\":\"1\",\"hide_complete\":\"1\",\"logged_in\":\"\",\"wrapper_class\":\"\",\"element_class\":\"\",\"key\":\"\",\"add_submit\":\"0\",\"changeEmailErrorMsg\":\"Wprowad\\u017a prawid\\u0142owy adres e-mail!\",\"changeDateErrorMsg\":\"Prosz\\u0119 wpisa\\u0107 prawid\\u0142ow\\u0105 dat\\u0119!\",\"confirmFieldErrorMsg\":\"Te pola musz\\u0105 si\\u0119 zgadza\\u0107!\",\"fieldNumberNumMinError\":\"B\\u0142\\u0105d \\u2014 liczba minimalna\",\"fieldNumberNumMaxError\":\"B\\u0142\\u0105d \\u2014 liczba maksymalna\",\"fieldNumberIncrementBy\":\"Zwi\\u0119ksz o \",\"formErrorsCorrectErrors\":\"Popraw b\\u0142\\u0119dy, zanim prze\\u015blesz formularz.\",\"validateRequiredField\":\"To jest wymagane pole.\",\"honeypotHoneypotError\":\"B\\u0142\\u0105d Honeypot\",\"fieldsMarkedRequired\":\"Pola oznaczone znakiem <span class=\\\"ninja-forms-req-symbol\\\">*<\\\/span> s\\u0105 wymagane\",\"currency\":\"\",\"repeatable_fieldsets\":\"\",\"unique_field_error\":\"Formularz z t\\u0105 warto\\u015bci\\u0105 zosta\\u0142 ju\\u017c przes\\u0142any.\",\"not_logged_in_msg\":\"\",\"sub_limit_msg\":\"Formularz osi\\u0105gn\\u0105\\u0142 limit wys\\u0142a\\u0144.\",\"calculations\":[],\"container_styles_show_advanced_css\":\"0\",\"title_styles_show_advanced_css\":\"0\",\"row_styles_show_advanced_css\":\"0\",\"row-odd_styles_show_advanced_css\":\"0\",\"success-msg_styles_show_advanced_css\":\"0\",\"error_msg_styles_show_advanced_css\":\"0\",\"formContentData\":[{\"order\":1,\"cells\":[{\"order\":0,\"fields\":[\"phone_1640098023980\"],\"width\":35},{\"order\":1,\"fields\":[\"adres_e-mail_1667919839452\"],\"width\":35},{\"order\":2,\"fields\":[\"zapisz_mnie_1667919853255\"],\"width\":30}]}],\"drawerDisabled\":false,\"conditions\":[],\"allow_public_link\":0,\"embed_form\":\"\",\"container_styles_border\":\"\",\"container_styles_height\":\"\",\"container_styles_margin\":\"\",\"container_styles_padding\":\"\",\"container_styles_float\":\"\",\"title_styles_border\":\"\",\"title_styles_height\":\"\",\"title_styles_width\":\"\",\"title_styles_font-size\":\"\",\"title_styles_margin\":\"\",\"title_styles_padding\":\"\",\"title_styles_float\":\"\",\"row_styles_border\":\"\",\"row_styles_width\":\"\",\"row_styles_font-size\":\"\",\"row_styles_margin\":\"\",\"row_styles_padding\":\"\",\"row-odd_styles_border\":\"\",\"row-odd_styles_height\":\"\",\"row-odd_styles_width\":\"\",\"row-odd_styles_font-size\":\"\",\"row-odd_styles_margin\":\"\",\"row-odd_styles_padding\":\"\",\"success-msg_styles_border\":\"\",\"success-msg_styles_height\":\"\",\"success-msg_styles_width\":\"\",\"success-msg_styles_font-size\":\"\",\"success-msg_styles_margin\":\"\",\"success-msg_styles_padding\":\"\",\"error_msg_styles_border\":\"\",\"error_msg_styles_width\":\"\",\"error_msg_styles_font-size\":\"\",\"error_msg_styles_margin\":\"\",\"error_msg_styles_padding\":\"\",\"form_title_heading_level\":\"3\",\"ninjaForms\":\"Ninja Forms\",\"fieldTextareaRTEInsertLink\":\"Wstaw odno\\u015bnik\",\"fieldTextareaRTEInsertMedia\":\"Wstaw media\",\"fieldTextareaRTESelectAFile\":\"Wybierz plik\",\"formHoneypot\":\"Je\\u015bli jeste\\u015b cz\\u0142owiekiem i widzisz to pole, nie wype\\u0142niaj go.\",\"fileUploadOldCodeFileUploadInProgress\":\"Przesy\\u0142anie pliku w toku.\",\"fileUploadOldCodeFileUpload\":\"PRZESY\\u0141ANIE PLIKU\",\"currencySymbol\":\"&#36;\",\"thousands_sep\":\"&nbsp;\",\"decimal_point\":\",\",\"siteLocale\":\"pl_PL\",\"dateFormat\":\"m\\\/d\\\/Y\",\"startOfWeek\":\"1\",\"of\":\"z\",\"previousMonth\":\"Poprzedni miesi\\u0105c\",\"nextMonth\":\"Nast\\u0119pny miesi\\u0105c\",\"months\":[\"Stycze\\u0144\",\"Luty\",\"Marzec\",\"Kwiecie\\u0144\",\"Maj\",\"Czerwiec\",\"Lipiec\",\"Sierpie\\u0144\",\"Wrzesie\\u0144\",\"Pa\\u017adziernik\",\"Listopad\",\"Grudzie\\u0144\"],\"monthsShort\":[\"Sty\",\"Lut\",\"Mar\",\"Kw\",\"Maj\",\"Cze\",\"Lip\",\"Sie\",\"Wrz\",\"Pa\\u017a\",\"Lis\",\"Gru\"],\"weekdays\":[\"Niedziela\",\"Poniedzia\\u0142ek\",\"Wtorek\",\"\\u015aroda\",\"Czwartek\",\"Pi\\u0105tek\",\"Sobota\"],\"weekdaysShort\":[\"Niedz\",\"Pon\",\"Wt\",\"\\u015ar\",\"Czw\",\"Pt\",\"Sob\"],\"weekdaysMin\":[\"Niedz\",\"Pon\",\"Wt\",\"\\u015ar\",\"Czw\",\"Pt\",\"Sob\"],\"recaptchaConsentMissing\":\"reCaptcha validation couldn&#039;t load.\",\"recaptchaMissingCookie\":\"reCaptcha v3 validation couldn&#039;t load the cookie needed to submit the form.\",\"recaptchaConsentEvent\":\"Accept reCaptcha cookies before sending the form.\",\"currency_symbol\":\"\",\"beforeForm\":\"\",\"beforeFields\":\"\",\"afterFields\":\"\",\"afterForm\":\"\"};form.fields=[{\"objectType\":\"Field\",\"objectDomain\":\"fields\",\"editActive\":false,\"order\":1,\"idAttribute\":\"id\",\"type\":\"phone\",\"label\":\"Numer telefonu\",\"key\":\"phone_1640098023980\",\"label_pos\":\"above\",\"required\":1,\"default\":\"\",\"placeholder\":\"Numer telefonu\",\"container_class\":\"\",\"element_class\":\"\",\"input_limit\":\"\",\"input_limit_type\":\"characters\",\"input_limit_msg\":\"Liczba pozosta\\u0142ych znak\\u00f3w:\",\"manual_key\":\"\",\"admin_label\":\"\",\"help_text\":\"\",\"mask\":\"\",\"custom_mask\":\"\",\"custom_name_attribute\":\"phone\",\"personally_identifiable\":1,\"wrap_styles_border\":\"\",\"wrap_styles_width\":\"\",\"wrap_styles_margin\":\"\",\"wrap_styles_padding\":\"\",\"wrap_styles_float\":\"\",\"wrap_styles_show_advanced_css\":0,\"label_styles_border\":\"\",\"label_styles_width\":\"\",\"label_styles_font-size\":\"\",\"label_styles_margin\":\"\",\"label_styles_padding\":\"\",\"label_styles_float\":\"\",\"label_styles_show_advanced_css\":0,\"element_styles_border\":\"\",\"element_styles_width\":\"\",\"element_styles_font-size\":\"\",\"element_styles_margin\":\"\",\"element_styles_padding\":\"\",\"element_styles_float\":\"\",\"element_styles_show_advanced_css\":0,\"cellcid\":\"c3386\",\"value\":\"\",\"field_label\":\"Numer telefonu\",\"field_key\":\"phone_1640098023980\",\"drawerDisabled\":false,\"id\":8,\"beforeField\":\"\",\"afterField\":\"\",\"parentType\":\"textbox\",\"element_templates\":[\"tel\",\"textbox\",\"input\"],\"old_classname\":\"\",\"wrap_template\":\"wrap\"},{\"objectType\":\"Field\",\"objectDomain\":\"fields\",\"editActive\":false,\"order\":2,\"idAttribute\":\"id\",\"type\":\"email\",\"label\":\"Adres e-mail\",\"key\":\"adres_e-mail_1667919839452\",\"label_pos\":\"above\",\"required\":1,\"default\":\"\",\"placeholder\":\"Adres e-mail\",\"container_class\":\"\",\"element_class\":\"\",\"admin_label\":\"\",\"help_text\":\"\",\"custom_name_attribute\":\"email\",\"personally_identifiable\":1,\"wrap_styles_border\":\"\",\"wrap_styles_width\":\"\",\"wrap_styles_margin\":\"\",\"wrap_styles_padding\":\"\",\"wrap_styles_float\":\"\",\"wrap_styles_show_advanced_css\":0,\"label_styles_border\":\"\",\"label_styles_width\":\"\",\"label_styles_font-size\":\"\",\"label_styles_margin\":\"\",\"label_styles_padding\":\"\",\"label_styles_float\":\"\",\"label_styles_show_advanced_css\":0,\"element_styles_border\":\"\",\"element_styles_width\":\"\",\"element_styles_font-size\":\"\",\"element_styles_margin\":\"\",\"element_styles_padding\":\"\",\"element_styles_float\":\"\",\"element_styles_show_advanced_css\":0,\"cellcid\":\"c3389\",\"value\":\"\",\"drawerDisabled\":false,\"field_label\":\"E-mail\",\"field_key\":\"email_1640098026199\",\"id\":9,\"beforeField\":\"\",\"afterField\":\"\",\"parentType\":\"email\",\"element_templates\":[\"email\",\"input\"],\"old_classname\":\"\",\"wrap_template\":\"wrap\"},{\"objectType\":\"Field\",\"objectDomain\":\"fields\",\"editActive\":false,\"order\":3,\"idAttribute\":\"id\",\"type\":\"submit\",\"label\":\"Zapisz mnie\",\"processing_label\":\"W trakcie realizacji\",\"container_class\":\"\",\"element_class\":\"\",\"key\":\"zapisz_mnie_1667919853255\",\"wrap_styles_border\":\"\",\"wrap_styles_width\":\"\",\"wrap_styles_margin\":\"\",\"wrap_styles_padding\":\"\",\"wrap_styles_float\":\"\",\"wrap_styles_show_advanced_css\":0,\"element_styles_border\":\"\",\"element_styles_width\":\"\",\"element_styles_font-size\":\"\",\"element_styles_margin\":\"\",\"element_styles_padding\":\"\",\"element_styles_float\":\"\",\"element_styles_show_advanced_css\":0,\"submit_element_hover_styles_border\":\"\",\"submit_element_hover_styles_width\":\"\",\"submit_element_hover_styles_font-size\":\"\",\"submit_element_hover_styles_margin\":\"\",\"submit_element_hover_styles_padding\":\"\",\"submit_element_hover_styles_float\":\"\",\"submit_element_hover_styles_show_advanced_css\":0,\"cellcid\":\"c3391\",\"drawerDisabled\":false,\"field_label\":\"Zamawiam rozmow\\u0119\",\"field_key\":\"zamawiam_rozmowe_1640098067453\",\"id\":10,\"beforeField\":\"\",\"afterField\":\"\",\"value\":\"\",\"label_pos\":\"above\",\"parentType\":\"textbox\",\"element_templates\":[\"submit\",\"button\",\"input\"],\"old_classname\":\"\",\"wrap_template\":\"wrap-no-label\"}];nfForms.push(form);<\/script>\n                <script id=\"nf-tmpl-cell\" type=\"text\/template\">\n            <nf-fields><\/nf-fields>\n        <\/script>\n\n        <script id=\"nf-tmpl-row\" type=\"text\/template\">\n            <nf-cells><\/nf-cells>\n        <\/script>\n\n                <img loading=\"lazy\" decoding=\"async\" width=\"1500\" height=\"705\" src=\"https:\/\/www.koronakarkonoszy.pl\/blog\/wp-content\/uploads\/2022\/06\/Dwor-Korona-Karkonoszy.jpg\" class=\"attachment-full size-full\" alt=\"\" srcset=\"https:\/\/www.koronakarkonoszy.pl\/blog\/wp-content\/uploads\/2022\/06\/Dwor-Korona-Karkonoszy.jpg 1500w, https:\/\/www.koronakarkonoszy.pl\/blog\/wp-content\/uploads\/2022\/06\/Dwor-Korona-Karkonoszy-300x141.jpg 300w, https:\/\/www.koronakarkonoszy.pl\/blog\/wp-content\/uploads\/2022\/06\/Dwor-Korona-Karkonoszy-1024x481.jpg 1024w, https:\/\/www.koronakarkonoszy.pl\/blog\/wp-content\/uploads\/2022\/06\/Dwor-Korona-Karkonoszy-768x361.jpg 768w\" sizes=\"auto, (max-width: 1500px) 100vw, 1500px\" \/>        <\/div> \n    <\/div>\n<\/div>\n\n\n\n<p><strong>Wesele Dolny \u015al\u0105sk<\/strong> oznacza mo\u017cliwo\u015b\u0107 wyboru spo\u015br\u00f3d dziesi\u0105tek zabytkowych zamk\u00f3w, pa\u0142ac\u00f3w i dwor\u00f3w, kt\u00f3re oferuj\u0105 przepi\u0119kne otoczenie do organizacji wesela. Cz\u0119sto znajduj\u0105 si\u0119 w nich r\u00f3wnie\u017c pokoje dla go\u015bci, co u\u0142atwia zakwaterowanie. Liczba miejsc noclegowych jest wa\u017cnym czynnikiem, decyduj\u0105cym o wyborze tej, a nie innej sali na wesele. Obecnie Pary M\u0142ode zapraszaj\u0105 go\u015bci weselnych na wesele wyjazdowe do\u015b\u0107 cz\u0119sto, wi\u0119c zwykle istnieje potrzeba przenocowania. To bardzo wygodne rozwi\u0105zanie, zar\u00f3wno w trakcie zabawy, jak i po niej. Go\u015bcie mog\u0105 te\u017c \u0142atwiej si\u0119 zintegrowa\u0107, sp\u0119dzaj\u0105c czas w tym samym hotelu. Wiele hoteli na Dolnym \u015al\u0105sku posiada sale bankietowe, sale balowe oraz spore do\u015bwiadczenie w organizacji wesel.<\/p>\n\n\n\n<figure class=\"wp-block-image size-full\"><a href=\"https:\/\/www.koronakarkonoszy.pl\/pokoje\/\"><img loading=\"lazy\" decoding=\"async\" width=\"1000\" height=\"857\" src=\"https:\/\/www.koronakarkonoszy.pl\/blog\/wp-content\/uploads\/2021\/07\/Stylowe_apartamenty_pokoje_saloniki.jpg\" alt=\"stylowe apartamenty pokoje saloniki\" class=\"wp-image-713\" title=\"Dw\u00f3r Korona Karkonoszy\" srcset=\"https:\/\/www.koronakarkonoszy.pl\/blog\/wp-content\/uploads\/2021\/07\/Stylowe_apartamenty_pokoje_saloniki.jpg 1000w, https:\/\/www.koronakarkonoszy.pl\/blog\/wp-content\/uploads\/2021\/07\/Stylowe_apartamenty_pokoje_saloniki-300x257.jpg 300w, https:\/\/www.koronakarkonoszy.pl\/blog\/wp-content\/uploads\/2021\/07\/Stylowe_apartamenty_pokoje_saloniki-768x658.jpg 768w\" sizes=\"auto, (max-width: 1000px) 100vw, 1000px\" \/><\/a><figcaption class=\"wp-element-caption\"><strong>Pokoje dla go\u015bci, Dw\u00f3r Korona Karkonoszy, Sosn\u00f3wka k. Karpacza<\/strong><\/figcaption><\/figure>\n\n\n\n<p>Tak\u017ce restauracje na Dolnym \u015al\u0105sku oferuj\u0105 us\u0142ugi cateringowe i sale bankietowe. Wroc\u0142aw, Jelenia G\u00f3ra, Legnica czy Wa\u0142brzych to miasta, w kt\u00f3rych mo\u017cna znale\u017a\u0107 wiele ciekawych restauracji odpowiednich na organizacj\u0119 wesela. A je\u015bli my\u015blisz o nietypowej lokalizacji, mo\u017cna rozwa\u017cy\u0107 organizacj\u0119 wesela w jednej z winnic Dolnego \u015al\u0105ska. Na swoje wesele Pary M\u0142ode coraz cz\u0119\u015bciej szukaj\u0105 niebanalnych obiekt\u00f3w, a do takich na pewno zaliczy\u0107 mo\u017cna winnice.<\/p>\n\n\n\n<h2 class=\"wp-block-heading\" id=\"ha-wybor-idealnej-sali-weselnej-na-dolnym-slasku\">Wyb\u00f3r idealnej sali weselnej na Dolnym \u015al\u0105sku<\/h2>\n\n\n\n<p>Planuj\u0105c <a href=\"https:\/\/www.koronakarkonoszy.pl\/blog\/wesele-w-polsce\/\"><strong>wesele w Polsce<\/strong><\/a> na Dolnym \u015al\u0105sku, warto zwr\u00f3ci\u0107 uwag\u0119 na r\u00f3\u017cnorodno\u015b\u0107 dost\u0119pnych miejsc. <strong>Sala weselna Dolny \u015al\u0105sk<\/strong> oferuje zar\u00f3wno nowoczesne przestrzenie, jak i zabytkowe wn\u0119trza z dusz\u0105. Wybieraj\u0105c <strong>sal\u0119 weseln\u0105 w Dolno\u015bl\u0105skiem<\/strong>, warto rozwa\u017cy\u0107 lokalizacj\u0119, kt\u00f3ra zapewni dogodny dojazd dla go\u015bci oraz mo\u017cliwo\u015b\u0107 zakwaterowania. <strong>Domy weselne Dolno\u015bl\u0105skie<\/strong> oferuj\u0105 kompleksowe us\u0142ugi, w tym catering i dekoracje, co u\u0142atwia organizacj\u0119 przyj\u0119cia. Dla par marz\u0105cych o ceremonii w malowniczym otoczeniu, <a href=\"https:\/\/www.koronakarkonoszy.pl\/blog\/sala-weselna-w-gorach\/\"><strong>sala weselna w g\u00f3rach<\/strong><\/a>mo\u017ce by\u0107 spe\u0142nieniem marze\u0144. Przy wyborze miejsca kluczowe jest, aby odpowiada\u0142o ono stylowi i charakterowi planowanego przyj\u0119cia.<\/p>\n\n\n\n<h2 class=\"wp-block-heading\" id=\"ha-atrakcje-i-udogodnienia-dla-gosci-weselnych-na-dolnym-slasku\">Atrakcje i udogodnienia dla go\u015bci weselnych na Dolnym \u015al\u0105sku<\/h2>\n\n\n\n<p>Organizuj\u0105c <strong>wesele na Dolnym \u015al\u0105sku<\/strong>, warto zadba\u0107 o atrakcje, kt\u00f3re umil\u0105 czas go\u015bciom. Wiele <strong>dom\u00f3w weselnych w Dolno\u015bl\u0105skiem<\/strong> oferuje dodatkowe us\u0142ugi, takie jak pokazy barma\u0144skie czy fotobudki. Dla par planuj\u0105cych <a href=\"https:\/\/www.koronakarkonoszy.pl\/wesele\/\"><strong>wesele w g\u00f3rach<\/strong><\/a>, mo\u017cliwo\u015b\u0107 zorganizowania sesji zdj\u0119ciowej w malowniczym otoczeniu Karkonoszy b\u0119dzie dodatkowym atutem. Warto r\u00f3wnie\u017c rozwa\u017cy\u0107 <a href=\"https:\/\/www.koronakarkonoszy.pl\/blog\/wesele-w-gorach-z-noclegiem\/\"><strong>wesele z noclegiem w g\u00f3rach<\/strong><\/a>, co zapewni komfort go\u015bciom przyby\u0142ym z daleka.<strong> Sale weselne Dolny \u015al\u0105sk<\/strong> posiadaj\u0105 rozleg\u0142e ogrody, idealne na ceremonie plenerowe czy relaks dla go\u015bci. Dla mi\u0142o\u015bnik\u00f3w nietypowych rozwi\u0105za\u0144, <a href=\"https:\/\/www.koronakarkonoszy.pl\/blog\/wesele-w-namiocie\/\"><strong>wesele w namiocie<\/strong><\/a> mo\u017ce by\u0107 ciekaw\u0105 alternatyw\u0105, zw\u0142aszcza w letnich miesi\u0105cach.<\/p>\n\n\n<section id=\"leonardo-block_f7ecfa1e58108ee0aafcdf984098ded5\" class=\"leonardo page-breaker leonardo-image-left\">\r\n    <div class=\"leonardo-body\">\r\n        <h2 class=\"leonardo-title\" id=\"h-jak-zorganizowac-wesele-dolny-slask\">Jak zorganizowa\u0107 wesele Dolny \u015al\u0105sk? <\/h2>        <div class=\"leonardo-content\"><p><!-- wp:heading --><\/p>\n<p>Dolno\u015bl\u0105skie obiekty weselne znane s\u0105 w ca\u0142ym kraju, a nawet poza jego granicami. Cz\u0119sto <a href=\"https:\/\/www.koronakarkonoszy.pl\/blog\/wesele-w-polsce\/\" class=\"links-placer\">wesela w Polsce<\/a> odbywaj\u0105 si\u0119 w\u0142a\u015bnie tutaj. Region ten s\u0142ynie z niezapomnianych przyj\u0119\u0107 weselnych, to istne zag\u0142\u0119bie weddingowe. Wyb\u00f3r konkretnej <strong>lokalizacji<\/strong> zale\u017cy od Waszych preferencji dotycz\u0105cych stylu wesela i atmosfery, jak\u0105 chcieliby\u015bcie stworzy\u0107.<\/p>\n<p><!-- \/wp:paragraph --> <!-- wp:paragraph --><\/p>\n<p>Na przyk\u0142ad z popularnych G\u00f3r Sto\u0142owych weselnych go\u015bci \u0142atwo zabra\u0107 w pobliskie Karkonosze. Podobnie z G\u00f3r Wa\u0142brzyskich czy Sowich. <strong>Dolina Pa\u0142ac\u00f3w i Ogrod\u00f3w oraz okolice to wspania\u0142e sale weselne<\/strong> do wyboru, do koloru. Ka\u017cda Para M\u0142oda znajdzie miejsce idealne dla siebie.<\/p>\n<p><!-- \/wp:paragraph --> <!-- wp:paragraph --><\/p>\n<p>Przy planowaniu wesela na Dolnym \u015al\u0105sku wa\u017cne jest ustalenie <strong>bud\u017cetu<\/strong>. Domy weselne czy restauracje mog\u0105 mie\u0107 bardzo r\u00f3\u017cne ceny za tzw. talerzyk, wi\u0119c warto por\u00f3wna\u0107 oferty. Gdy ju\u017c b\u0119dziemy wiedzieli, kt\u00f3re miejsca wpisuj\u0105 si\u0119 w nasz bud\u017cet, mo\u017cemy sporz\u0105dzi\u0107 szczeg\u00f3\u0142owy <a href=\"https:\/\/www.koronakarkonoszy.pl\/blog\/kosztorys-wesela\/\" target=\"_blank\" rel=\"noopener\">kosztorys wesela<\/a>. Pozwoli nam to zapanowa\u0107 nad wydatkami.<\/p>\n<p><!-- \/wp:paragraph --><\/p>\n<\/div>\r\n                    <aside class=\"leonardo-interlink\">\r\n                <b>Polecamy<\/b>\r\n                <a href=\"https:\/\/www.koronakarkonoszy.pl\/blog\/slub-jelenia-gora\/\">\u015alub Jelenia G\u00f3ra \u2013 sielska ceremonia w stolicy Karkonoszy<\/a>\r\n            <\/aside>\r\n            <\/div>\r\n    <div class=\"leonardo-image\">\r\n        <img loading=\"lazy\" decoding=\"async\" width=\"1920\" height=\"1280\" src=\"https:\/\/www.koronakarkonoszy.pl\/blog\/wp-content\/uploads\/2023\/06\/zdjecie-545.jpg\" class=\"attachment-full size-full\" alt=\"\" srcset=\"https:\/\/www.koronakarkonoszy.pl\/blog\/wp-content\/uploads\/2023\/06\/zdjecie-545.jpg 1920w, https:\/\/www.koronakarkonoszy.pl\/blog\/wp-content\/uploads\/2023\/06\/zdjecie-545-300x200.jpg 300w, https:\/\/www.koronakarkonoszy.pl\/blog\/wp-content\/uploads\/2023\/06\/zdjecie-545-1024x683.jpg 1024w, https:\/\/www.koronakarkonoszy.pl\/blog\/wp-content\/uploads\/2023\/06\/zdjecie-545-768x512.jpg 768w, https:\/\/www.koronakarkonoszy.pl\/blog\/wp-content\/uploads\/2023\/06\/zdjecie-545-1536x1024.jpg 1536w, https:\/\/www.koronakarkonoszy.pl\/blog\/wp-content\/uploads\/2023\/06\/zdjecie-545-18x12.jpg 18w\" sizes=\"auto, (max-width: 1920px) 100vw, 1920px\" \/>            <\/div>\r\n<\/section>\n\n\n<h2 class=\"wp-block-heading\" id=\"ha-miejsce-na-wesele-dolny-slask\">Miejsce na wesele \u2013 Dolny \u015al\u0105sk<\/h2>\n\n\n\n<p>Wybieraj\u0105c <a href=\"https:\/\/www.koronakarkonoszy.pl\/blog\/jak-wybrac-miejsce-na-wesele\/\" target=\"_blank\" rel=\"noreferrer noopener\">miejsce na wesele<\/a>, warto okre\u015bli\u0107, ilu go\u015bci zamierzamy zaprosi\u0107. Niekt\u00f3re miejsca mog\u0105 pomie\u015bci\u0107 wi\u0119ksz\u0105 liczb\u0119 os\u00f3b, podczas gdy inne s\u0105 bardziej odpowiednie dla mniejszych przyj\u0119\u0107. Warto wi\u0119c pami\u0119ta\u0107, \u017ce maksymalna <strong>liczba go\u015bci<\/strong>, jak\u0105 mog\u0105 pomie\u015bci\u0107 sale weselne dolno\u015bl\u0105skie, mo\u017ce stanowi\u0107 pewne ograniczenie. Je\u015bli marzy nam si\u0119 naprawd\u0119 du\u017ce wesele, wiele obiekt\u00f3w w wojew\u00f3dztwie dolno\u015bl\u0105skim mo\u017ce nie sprosta\u0107 temu zadaniu. Ale na przyk\u0142ad <strong>Dw\u00f3r Korona Karkonoszy oferuje du\u017c\u0105 sal\u0119 weseln\u0105 na dolno\u015bl\u0105skie przyj\u0119cia weselne<\/strong>. Pomie\u015bci nawet 170 go\u015bci, a jej wysoko\u015b\u0107 \u2013 9 metr\u00f3w \u2013 oraz wewn\u0119trzna antresola i balkon sprawi\u0105, \u017ce zdj\u0119cia z wesela b\u0119d\u0105 wygl\u0105da\u0107 po prostu bajecznie. <strong>Niezapomniane wesele gwarantowane<\/strong>!<\/p>\n\n\n\n<h2 class=\"wp-block-heading\" id=\"ha-sala-weselna-dolny-slask-z-widokiem-na-gory\">Sala weselna Dolny \u015al\u0105sk z widokiem na g\u00f3ry<\/h2>\n\n\n\n<p>G\u00f3rska sceneria sprawia, \u017ce wesele staje si\u0119 niezapomnianym prze\u017cyciem, a <strong>sala weselna na Dolnym \u015al\u0105sku<\/strong> po\u0142o\u017cona w\u015br\u00f3d karkonoskiej natury idealnie podkre\u015bla ten wyj\u0105tkowy dzie\u0144. Widok na szczyty, eleganckie wn\u0119trza i blisko\u015b\u0107 przyrody tworz\u0105 idealn\u0105 opraw\u0119 zar\u00f3wno ceremonii, jak i przyj\u0119cia. <strong>Sala weselna na Dolnym \u015al\u0105sku<\/strong> oferuje tarasy i ogrody, kt\u00f3re doskonale nadaj\u0105 si\u0119 na romantyczne sesje zdj\u0119ciowe. Go\u015bcie ceni\u0105 sobie nie tylko pi\u0119kno otoczenia, lecz tak\u017ce mo\u017cliwo\u015b\u0107 wypoczynku w g\u00f3rskim klimacie. Takie miejsce \u0142\u0105czy luksus z autentyczno\u015bci\u0105, tworz\u0105c atmosfer\u0119 pe\u0142n\u0105 ciep\u0142a i emocji. <strong>Sala weselna na Dolnym \u015al\u0105sku<\/strong> staje si\u0119 wi\u0119c idealnym wyborem dla par, kt\u00f3re marz\u0105 o \u015blubie z dusz\u0105 i natur\u0105 w tle.<\/p>\n\n\n\n<h2 class=\"wp-block-heading\" id=\"ha-najlepsze-miesiace-na-wesele-w-karkonoszach-sala-weselna-na-dolnym-slasku\">Najlepsze miesi\u0105ce na wesele w Karkonoszach \u2013 sala weselna na Dolnym \u015al\u0105sku<\/h2>\n\n\n\n<p>Wesele w Karkonoszach mo\u017ce wygl\u0105da\u0107 zupe\u0142nie inaczej w zale\u017cno\u015bci od pory roku \u2013 <strong>sala weselna na Dolnym \u015al\u0105sku<\/strong> nabiera innego charakteru wiosn\u0105, latem, jesieni\u0105 i zim\u0105. Wiosna to czas \u015bwie\u017co\u015bci i kwiat\u00f3w, idealny do romantycznych dekoracji. Latem <strong>sala weselna na Dolnym \u015al\u0105sku<\/strong> otwiera si\u0119 na ogr\u00f3d, a ciep\u0142e wieczory sprzyjaj\u0105 plenerowym przyj\u0119ciom. Jesie\u0144 urzeka kolorami i klimatem idealnym do przyj\u0119\u0107 w stylu vintage. Nawet zima potrafi zachwyci\u0107 bajkow\u0105 aur\u0105 \u2013 <strong>sala weselna na Dolnym \u015al\u0105sku<\/strong> sk\u0105pana w \u015bniegu przypomina scenografi\u0119 z filmu. Ka\u017cda pora roku oferuje co\u015b innego, dlatego warto dobrze przemy\u015ble\u0107 wyb\u00f3r daty. Dzi\u0119ki temu ca\u0142e wydarzenie zyska wyj\u0105tkowy charakter i harmoni\u0119 z natur\u0105.<\/p>\n\n\n\n<h2 class=\"wp-block-heading\" id=\"ha-sala-weselna-na-dolnym-slasku-w-stylu-rustykalnym\">Sala weselna na Dolnym \u015al\u0105sku w stylu rustykalnym<\/h2>\n\n\n\n<p>Styl rustykalny to ciep\u0142o, prostota i blisko\u015b\u0107 przyrody \u2013 idealnym miejscem na takie przyj\u0119cie jest <strong>sala weselna na Dolnym \u015al\u0105sku<\/strong> urz\u0105dzona z wykorzystaniem drewna i naturalnych materia\u0142\u00f3w. Dekoracje z polnych kwiat\u00f3w, girlandy, lniane tkaniny \u2013 wszystko to doskonale wpisuje si\u0119 w przestrze\u0144 inspirowan\u0105 natur\u0105. <strong>Sala weselna na Dolnym \u015al\u0105sku<\/strong> w stylu rustykalnym sprzyja swobodnej, rodzinnej atmosferze, w kt\u00f3rej go\u015bcie czuj\u0105 si\u0119 naprawd\u0119 dobrze. Mo\u017cna tu poda\u0107 regionalne potrawy, zorganizowa\u0107 ognisko czy ta\u0144ce pod go\u0142ym niebem. <strong>Sala weselna na Dolnym \u015al\u0105sku<\/strong> w tej estetyce pozwala po\u0142\u0105czy\u0107 tradycj\u0119 z nowoczesno\u015bci\u0105, tworz\u0105c wesele, kt\u00f3re na d\u0142ugo zapada w pami\u0119\u0107. To wyb\u00f3r dla par ceni\u0105cych autentyczno\u015b\u0107 i niepowtarzalny klimat.<\/p>\n\n\n\n<h2 class=\"wp-block-heading\" id=\"ha-wesele-w-gorach-dlaczego-warto\">Wesele w g\u00f3rach \u2013 dlaczego warto?<\/h2>\n\n\n\n<p>Decyzja o zorganizowaniu wesela w g\u00f3rach niesie ze sob\u0105 wiele korzy\u015bci. Przede wszystkim, <strong>sala weselna na Dolnym \u015al\u0105sku<\/strong> po\u0142o\u017cona w malowniczym otoczeniu Karkonoszy oferuje niepowtarzalny klimat i widoki, kt\u00f3re zapieraj\u0105 dech w piersiach. Takie miejsce sprzyja tworzeniu romantycznej atmosfery, idealnej na rozpocz\u0119cie wsp\u00f3lnej drogi \u017cycia. Ponadto <strong>sala weselna w Dolno\u015bl\u0105skiem<\/strong> cz\u0119sto dysponuje przestronnymi wn\u0119trzami oraz mo\u017cliwo\u015bci\u0105 organizacji ceremonii plenerowej, co daje wi\u0119ksz\u0105 elastyczno\u015b\u0107 w planowaniu uroczysto\u015bci. Dodatkowo, <strong>domy weselne w Dolno\u015bl\u0105skiem<\/strong> oferuj\u0105 kompleksow\u0105 obs\u0142ug\u0119, w tym noclegi dla go\u015bci, co jest niezwykle wygodne dla par planuj\u0105cych wesele wyjazdowe. Wybieraj\u0105c takie miejsce, mo\u017cna liczy\u0107 na profesjonalne wsparcie w organizacji oraz dost\u0119p do lokalnych atrakcji, kt\u00f3re umil\u0105 czas go\u015bciom przed i po weselu.<\/p>\n\n\n\n<h2 class=\"wp-block-heading\" id=\"ha-kiedy-najlepiej-zorganizowac-wesele-na-dolnym-slasku\">Kiedy najlepiej zorganizowa\u0107 wesele na Dolnym \u015al\u0105sku?<\/h2>\n\n\n\n<p>Wyb\u00f3r odpowiedniego terminu na wesele w Karkonoszach zale\u017cy od preferencji Pary M\u0142odej oraz dost\u0119pno\u015bci obiekt\u00f3w. Najwi\u0119kszym zainteresowaniem ciesz\u0105 si\u0119 miesi\u0105ce letnie, kiedy to <strong>sale weselne na Dolnym \u015al\u0105sku<\/strong> oferuj\u0105 mo\u017cliwo\u015b\u0107 organizacji ceremonii w plenerze, w otoczeniu bujnej zieleni i kwitn\u0105cych ogrod\u00f3w. Jednak jesie\u0144 r\u00f3wnie\u017c ma swoje uroki \u2013 kolorowe li\u015bcie i spokojniejsza atmosfera sprawiaj\u0105, \u017ce <strong>wesela na Dolnym \u015al\u0105sku<\/strong> w tym okresie s\u0105 r\u00f3wnie magiczne. Zima z kolei przyci\u0105ga mi\u0142o\u015bnik\u00f3w \u015bnie\u017cnych krajobraz\u00f3w i przytulnych wn\u0119trz, kt\u00f3re oferuj\u0105 <strong>domy weselne w Dolno\u015bl\u0105skiem<\/strong> z kominkami i ciep\u0142\u0105 atmosfer\u0105. Warto r\u00f3wnie\u017c rozwa\u017cy\u0107 wiosn\u0119, kiedy to przyroda budzi si\u0119 do \u017cycia, a <strong>sala weselna na Dolnym \u015al\u0105sku<\/strong> otoczona jest \u015bwie\u017c\u0105 zieleni\u0105 i kwiatami. Planuj\u0105c wesele z odpowiednim wyprzedzeniem, mo\u017cna zapewni\u0107 sobie dost\u0119p do najlepszych lokalizacji i us\u0142ugodawc\u00f3w w regionie.<\/p>\n\n\n\n<figure class=\"wp-block-image size-large\"><a href=\"https:\/\/www.koronakarkonoszy.pl\/wesele\/\" target=\"_blank\" rel=\"noreferrer noopener\"><img loading=\"lazy\" decoding=\"async\" width=\"1024\" height=\"512\" src=\"https:\/\/www.koronakarkonoszy.pl\/blog\/wp-content\/uploads\/2022\/06\/piekne_wesela_DKK-2-1-1024x512.jpg\" alt=\"Baner Dw\u00f3r Korona Karkonoszy \" class=\"wp-image-4144\" title=\"Baner Dw\u00f3r Korona Karkonoszy \" srcset=\"https:\/\/www.koronakarkonoszy.pl\/blog\/wp-content\/uploads\/2022\/06\/piekne_wesela_DKK-2-1-1024x512.jpg 1024w, https:\/\/www.koronakarkonoszy.pl\/blog\/wp-content\/uploads\/2022\/06\/piekne_wesela_DKK-2-1-300x150.jpg 300w, https:\/\/www.koronakarkonoszy.pl\/blog\/wp-content\/uploads\/2022\/06\/piekne_wesela_DKK-2-1-768x384.jpg 768w, https:\/\/www.koronakarkonoszy.pl\/blog\/wp-content\/uploads\/2022\/06\/piekne_wesela_DKK-2-1.jpg 1200w\" sizes=\"auto, (max-width: 1024px) 100vw, 1024px\" \/><\/a><\/figure>\n\n\n\n<p>Przy wyborze miejsca weselnego warto wzi\u0105\u0107 pod uwag\u0119 dost\u0119pne <strong>udogodnienia<\/strong>, takie jak pokoje dla go\u015bci, parking, tarasy, czy ogr\u00f3d. Te elementy mog\u0105 by\u0107 istotne dla powodzenia Waszej imprezy. <a href=\"https:\/\/www.koronakarkonoszy.pl\/blog\/wesele-z-noclegiem\/\" class=\"links-placer\">Wesele z noclegiem<\/a> to obecnie bardzo popularna opcja, a skoro tak, warto poszuka\u0107 du\u017cego obiektu, gdzie wszystko b\u0119dzie na miejscu. To oznacza komfort zar\u00f3wno dla organizator\u00f3w wesela, jak i go\u015bci.<\/p>\n\n\n<section id=\"leonardo-block_d1b5a80a5da0cb4fc0c88520df64ecd3\" class=\"leonardo page-breaker leonardo-image-left\">\r\n    <div class=\"leonardo-body\">\r\n        <h2 class=\"leonardo-title\" id=\"h-gdzie-zorganizowac-wesele-dolny-slask\">Gdzie zorganizowa\u0107 wesele Dolny \u015al\u0105sk?<\/h2>        <div class=\"leonardo-content\"><p>Dolny \u015al\u0105sk oferuje wiele pi\u0119knych i urokliwych miejsc, w kt\u00f3rych mo\u017cna zorganizowa\u0107 wesele. A wi\u0119c <strong>gdzie zorganizowa\u0107 wesele Dolny \u015al\u0105sk?<\/strong><\/p>\n<p>Pi\u0119kne wille, majestatyczne zamki, urokliwe dworki czy eleganckie pa\u0142ace to tylko cz\u0119\u015b\u0107 oferty Dolnego \u015al\u0105ska na wesela. Znajdziemy tu te\u017c liczne sale bankietowe czy typowo weselne obiekty oraz hotele. Ponadto Pary M\u0142ode, kt\u00f3re marz\u0105 o weselu w plenerze, mog\u0105 spe\u0142ni\u0107 to marzenie w jednym z malowniczych ogrod\u00f3w czy park\u00f3w. A dolno\u015bl\u0105skie miasta oferuj\u0105 liczne przestrzenie poprzemys\u0142owe, idealne na wesela w nowoczesnym stylu.<\/p>\n<\/div>\r\n                    <aside class=\"leonardo-interlink\">\r\n                <b>Polecamy<\/b>\r\n                <a href=\"https:\/\/www.koronakarkonoszy.pl\/blog\/wesele-staropolskie\/\">Wesele staropolskie &#8211; tradycja czy moda?<\/a>\r\n            <\/aside>\r\n            <\/div>\r\n    <div class=\"leonardo-image\">\r\n        <img loading=\"lazy\" decoding=\"async\" width=\"2560\" height=\"1700\" src=\"https:\/\/www.koronakarkonoszy.pl\/blog\/wp-content\/uploads\/2023\/06\/mundur2-scaled.jpg\" class=\"attachment-full size-full\" alt=\"\" srcset=\"https:\/\/www.koronakarkonoszy.pl\/blog\/wp-content\/uploads\/2023\/06\/mundur2-scaled.jpg 2560w, https:\/\/www.koronakarkonoszy.pl\/blog\/wp-content\/uploads\/2023\/06\/mundur2-300x199.jpg 300w, https:\/\/www.koronakarkonoszy.pl\/blog\/wp-content\/uploads\/2023\/06\/mundur2-1024x680.jpg 1024w, https:\/\/www.koronakarkonoszy.pl\/blog\/wp-content\/uploads\/2023\/06\/mundur2-768x510.jpg 768w, https:\/\/www.koronakarkonoszy.pl\/blog\/wp-content\/uploads\/2023\/06\/mundur2-1920x1275.jpg 1920w, https:\/\/www.koronakarkonoszy.pl\/blog\/wp-content\/uploads\/2023\/06\/mundur2-1536x1020.jpg 1536w, https:\/\/www.koronakarkonoszy.pl\/blog\/wp-content\/uploads\/2023\/06\/mundur2-2048x1360.jpg 2048w, https:\/\/www.koronakarkonoszy.pl\/blog\/wp-content\/uploads\/2023\/06\/mundur2-18x12.jpg 18w\" sizes=\"auto, (max-width: 2560px) 100vw, 2560px\" \/>            <\/div>\r\n<\/section>\n\n\n<p>Catering to kolejny element weselnej uk\u0142adanki. Menu powinno by\u0107 zr\u00f3\u017cnicowane, smaczne, najlepiej przygotowane ze \u015bwie\u017cych, sezonowych produkt\u00f3w. Obiad weselny mo\u017ce sk\u0142ada\u0107 si\u0119 z da\u0144 kuchni regionalnej. Degustacja nowych potraw to dodatkowa atrakcja dla go\u015bci. Dolno\u015bl\u0105skie przysmaki to na przyk\u0142ad kluski \u015bl\u0105skie, czarne go\u0142\u0105bki, zrazy, czy s\u0142ynne \u201e\u015bl\u0105skie niebo\u201d \u2013 peklowana wieprzowina podawana z sosem z owoc\u00f3w. Tak\u017ce \u017curek \u015bl\u0105ski na pewno znajdzie swoich zwolennik\u00f3w, podobnie jak bigos wroc\u0142awski. A ju\u017c faszerowany karp to istny rarytas!<\/p>\n\n\n\n<figure class=\"wp-block-image size-full\"><img loading=\"lazy\" decoding=\"async\" width=\"800\" height=\"534\" src=\"https:\/\/www.koronakarkonoszy.pl\/blog\/wp-content\/uploads\/2021\/07\/potrawy-zimowe-wesele.jpg\" alt=\"potrawy zimowe wesele\" class=\"wp-image-751\" title=\"Menu na wesele \" srcset=\"https:\/\/www.koronakarkonoszy.pl\/blog\/wp-content\/uploads\/2021\/07\/potrawy-zimowe-wesele.jpg 800w, https:\/\/www.koronakarkonoszy.pl\/blog\/wp-content\/uploads\/2021\/07\/potrawy-zimowe-wesele-300x200.jpg 300w, https:\/\/www.koronakarkonoszy.pl\/blog\/wp-content\/uploads\/2021\/07\/potrawy-zimowe-wesele-768x513.jpg 768w\" sizes=\"auto, (max-width: 800px) 100vw, 800px\" \/><figcaption class=\"wp-element-caption\"><strong>Menu na wesele <\/strong><\/figcaption><\/figure>\n\n\n\n<p>Przed dokonaniem ostatecznego wyboru najlepiej jest odwiedzi\u0107 wybrane miejsca weselne, &nbsp;by zobaczy\u0107 je osobi\u015bcie i porozmawia\u0107 z koordynatorem wesel. B\u0119dziecie mogli zobaczy\u0107, czy miejsce odpowiada Waszym oczekiwaniom i zada\u0107 managerowi sali <a href=\"https:\/\/www.koronakarkonoszy.pl\/blog\/pytania-do-managera-sali-weselnej\/\" target=\"_blank\" rel=\"noreferrer noopener\">pytania<\/a> dotycz\u0105ce <a href=\"https:\/\/www.koronakarkonoszy.pl\/blog\/organizacja-wesel-od-a-do-z\/\" target=\"_blank\" rel=\"noreferrer noopener\">organizacji wesela<\/a>.<\/p>\n\n\n\n<p><strong>Wesele na Dolnym \u015al\u0105sku<\/strong> na pewno b\u0119dzie niezapomnianym wydarzeniem, bo region ten oferuje wiele urokliwych miejsc, kt\u00f3re pomog\u0105 stworzy\u0107 wspania\u0142\u0105 atmosfer\u0119 na Waszej uroczysto\u015bci.<\/p>\n\n\n<section id=\"leonardo-block_3c4ae5c31091a4b18ad1287e86514bf7\" class=\"leonardo page-breaker leonardo-image-right\">\r\n    <div class=\"leonardo-body\">\r\n        <h2 class=\"leonardo-title\" id=\"h-wesele-na-dolnym-slasku-wesele-wroclaw\">Wesele na Dolnym \u015al\u0105sku &#8211; wesele Wroc\u0142aw<\/h2>        <div class=\"leonardo-content\"><p><!-- wp:heading --><\/p>\n<p>Wroc\u0142aw, stolica Dolnego \u015al\u0105ska, oferuje wiele pi\u0119knych miejsc na organizacj\u0119 wesela. Znajdziecie tu r\u00f3\u017cnorodne sale weselne, restauracje, hotele i wiele innych atrakcyjnych lokalizacji. Gdzie wi\u0119c zorganizowa\u0107 <a href=\"https:\/\/www.koronakarkonoszy.pl\/blog\/jak-zorganizowac-przyjecie-weselne-na-30-osob\/\" class=\"links-placer\">przyj\u0119cie weselne<\/a> Wroc\u0142aw?<\/p>\n<p><!-- \/wp:paragraph --> <!-- wp:paragraph --><\/p>\n<p><strong>Sale weselne Wroc\u0142aw<\/strong> zlokalizowane na przyk\u0142ad w renomowanych hotelach w centrum miasta idealne b\u0119d\u0105 na wesela w stylu nowoczesnym, minimalistycznym czy industrialnym. B\u0119d\u0105 \u015bwietnie wsp\u00f3\u0142gra\u0107 z energi\u0105 wielkiego miasta. Podobnie lofty i przestrzenie eventowe, \u00a0kt\u00f3re mog\u0105 by\u0107 przekszta\u0142cone w wyj\u0105tkowe sale weselne. Z kolei restauracje i kawiarnie mog\u0105 by\u0107 idealne na <a href=\"https:\/\/www.koronakarkonoszy.pl\/blog\/kameralny-slub-w-gorach\/\" target=\"_blank\" rel=\"noopener\">kameralny \u015blub<\/a>. Cz\u0119sto oferuj\u0105 wy\u015bmienit\u0105 kuchni\u0119 i mo\u017cliwo\u015b\u0107 dostosowania menu do indywidualnych preferencji. W okolicach Wroc\u0142awia mo\u017cna znale\u017a\u0107 kilka pi\u0119knych pa\u0142ac\u00f3w i dwor\u00f3w, kt\u00f3re oferuj\u0105 zabytkowe przestrzenie na organizacj\u0119 wesela.<\/p>\n<p><!-- \/wp:paragraph --> <!-- wp:paragraph --><\/p>\n<p>A jako \u017ce Wroc\u0142aw le\u017cy nad Odr\u0105, jedn\u0105 z unikalnych opcji jest organizacja wesela na\u2026 statku lub barce. Z \u0142atwo\u015bci\u0105 mo\u017cecie wynaj\u0105\u0107 statek i urz\u0105dzi\u0107 przyj\u0119cie weselne na wodzie, ciesz\u0105c si\u0119 pi\u0119kn\u0105 panoram\u0105 miasta.<\/p>\n<p><!-- \/wp:paragraph --> <!-- wp:paragraph --><\/p>\n<p>Wroc\u0142aw oferuje wiele r\u00f3\u017cnorodnych opcji na organizacj\u0119 wesela, dlatego warto zastanowi\u0107 si\u0119 nad w\u0142asnymi preferencjami, bud\u017cetem i wymaganiami co do <a href=\"https:\/\/www.koronakarkonoszy.pl\/blog\/styl-wesela\/\" target=\"_blank\" rel=\"noopener\">stylu<\/a> miejsca na wesele.<\/p>\n<p><!-- \/wp:paragraph --><\/p>\n<\/div>\r\n            <\/div>\r\n    <div class=\"leonardo-image\">\r\n        <img loading=\"lazy\" decoding=\"async\" width=\"1600\" height=\"1067\" src=\"https:\/\/www.koronakarkonoszy.pl\/blog\/wp-content\/uploads\/2023\/06\/wesele-wroclaw.jpg\" class=\"attachment-full size-full\" alt=\"\" srcset=\"https:\/\/www.koronakarkonoszy.pl\/blog\/wp-content\/uploads\/2023\/06\/wesele-wroclaw.jpg 1600w, https:\/\/www.koronakarkonoszy.pl\/blog\/wp-content\/uploads\/2023\/06\/wesele-wroclaw-300x200.jpg 300w, https:\/\/www.koronakarkonoszy.pl\/blog\/wp-content\/uploads\/2023\/06\/wesele-wroclaw-1024x683.jpg 1024w, https:\/\/www.koronakarkonoszy.pl\/blog\/wp-content\/uploads\/2023\/06\/wesele-wroclaw-768x512.jpg 768w, https:\/\/www.koronakarkonoszy.pl\/blog\/wp-content\/uploads\/2023\/06\/wesele-wroclaw-1536x1024.jpg 1536w, https:\/\/www.koronakarkonoszy.pl\/blog\/wp-content\/uploads\/2023\/06\/wesele-wroclaw-18x12.jpg 18w\" sizes=\"auto, (max-width: 1600px) 100vw, 1600px\" \/>            <\/div>\r\n<\/section>\n\n\n<h2 class=\"wp-block-heading\" id=\"ha-wesele-karpacz-i-okolice-wesele-na-dolnym-slasku\">Wesele Karpacz i okolice &#8211; wesele na Dolnym \u015al\u0105sku <\/h2>\n\n\n\n<p>Region Dolnego \u015bl\u0105ska to dobre miejsce na niezapomniane wesele. Po\u0142udniowe granice Dolnego \u015al\u0105ska to g\u00f3ry \u2013 magiczne Karkonosze. <strong>Sala weselna w Dolnym \u015al\u0105sku<\/strong> to ch\u0119tnie wybierana opcja przez Pary M\u0142ode. Tak wi\u0119c Karpacz i okolice mog\u0105 zauroczy\u0107, je\u015bli lubicie g\u00f3rski klimat i malownicze krajobrazy. Opr\u00f3cz wspania\u0142ej przyrody i idealnych plener\u00f3w na wesele i sesj\u0119 zdj\u0119ciow\u0105 dodatkowym plusem okolic Karpacza jest fakt, \u017ce jest to region bardzo ch\u0119tnie odwiedzany przez turyst\u00f3w. Co za tym idzie, znajdziemy tam bogat\u0105 baz\u0119 noclegow\u0105 i gastronomiczn\u0105.<\/p>\n\n\n\n<figure class=\"wp-block-image size-large\"><img loading=\"lazy\" decoding=\"async\" width=\"1024\" height=\"683\" src=\"https:\/\/www.koronakarkonoszy.pl\/blog\/wp-content\/uploads\/2023\/06\/zabawa-1024x683.jpg\" alt=\"Wesele Dolny \u015al\u0105sk, Dworska Sala Balowa, Sosn\u00f3wka \" class=\"wp-image-10366\" title=\"Wesele Dolny \u015al\u0105sk, Dworska Sala Balowa, Sosn\u00f3wka \" srcset=\"https:\/\/www.koronakarkonoszy.pl\/blog\/wp-content\/uploads\/2023\/06\/zabawa-1024x683.jpg 1024w, https:\/\/www.koronakarkonoszy.pl\/blog\/wp-content\/uploads\/2023\/06\/zabawa-300x200.jpg 300w, https:\/\/www.koronakarkonoszy.pl\/blog\/wp-content\/uploads\/2023\/06\/zabawa-768x512.jpg 768w, https:\/\/www.koronakarkonoszy.pl\/blog\/wp-content\/uploads\/2023\/06\/zabawa-1920x1280.jpg 1920w, https:\/\/www.koronakarkonoszy.pl\/blog\/wp-content\/uploads\/2023\/06\/zabawa-1536x1024.jpg 1536w, https:\/\/www.koronakarkonoszy.pl\/blog\/wp-content\/uploads\/2023\/06\/zabawa-2048x1365.jpg 2048w, https:\/\/www.koronakarkonoszy.pl\/blog\/wp-content\/uploads\/2023\/06\/zabawa-18x12.jpg 18w\" sizes=\"auto, (max-width: 1024px) 100vw, 1024px\" \/><figcaption class=\"wp-element-caption\"><strong>Dworska Sala Balowa, Dw\u00f3r Korona Karkonoszy <\/strong><\/figcaption><\/figure>\n\n\n\n<p>Karpacz i pobliskie miejscowo\u015bci maj\u0105 wiele hoteli i o\u015brodk\u00f3w wypoczynkowych, kt\u00f3re oferuj\u0105 przestronne sale weselne oraz zakwaterowanie dla go\u015bci. Je\u015bli marzycie <strong>o pi\u0119knej sali z wyj\u0105tkowym klimatem<\/strong>, to w okolicy Karpacza mo\u017cna znale\u017a\u0107 urocze pa\u0142ace i dwory, kt\u00f3re oferuj\u0105 przestrzenie na organizacj\u0119 wesela. Niekt\u00f3re z nich maj\u0105 do tego magiczne ogrody lub widok na g\u00f3ry, co doda uroku i romantyzmu ca\u0142ej imprezie.<\/p>\n\n\n\n<style>\n    .cta_block{\n        margin: 1.5em 0;\n    }\n    .cta_block_content {\n        position: relative;\n        color: white;\n        padding: 1em;\n    }\n    .cta_block_content h3{\n        text-align: center;\n        font: normal normal normal 36px\/50px Yeseva One;\n    }\n    .cta_block_content .cta_block_desc{\n        text-align: center;\n        font-size: 1.1em;\n        position: relative;\n    }\n    .cta_block_content .cta_block_desc:before {\n        content: '';\n        width: 80px;\n        height: 4px;\n        background: #EEB315;\n        position: absolute;\n        left: 0;\n        right: 0;\n        margin-left: auto;\n        margin-right: auto;\n        top: -22px;\n    }\n\n    .cta_block_content picture{\n        position: absolute;\n        top: 0;\n        right: 0;\n        z-index: -1;\n        height: 100%;\n        overflow: hidden;\n        width: 100%;\n    }\n    .cta_block_content picture img{\n        object-fit: cover;\n        height: 100%;\n        width: 100%;\n    }\n    .cta_block .cta_block_content .ninja-forms-field{\n        background: #FFFFFF2F;\n        border: 1px solid #EEB315;\n        border-radius: 25px;\n        opacity: 1;\n        color: #ffffff;\n    }\n    .cta_block .cta_block_content .nf-form-content input[type=submit]{\n        background-color: #EEB315;\n        color: #292929;\n        text-align: center;\n        font: normal normal bold 14px\/20px Work Sans;\n        padding: 0 2em;\n    }\n\n    .cta_block ::placeholder{\n        color: white!important;\n        opacity: 1;\n    }\n\n    .cta_block_content::after {\n        height: 100%;\n        width: 100%;\n        content: \"\";\n        z-index: -1;\n        position: absolute;\n        top: 0;\n        background: #00000070;\n        right: 0;\n        left: 0;\n        bottom: 0;\n    }\n    #ha-cta-block, .cta_block_desc, .cta_block .nf-field-label, .cta_block .nf-error-msg {\n        filter: drop-shadow(1px 1px 8px black);\n    }\n\n\/*    .cta_block nf-rows-wrap {\n        display: flex;\n        justify-content: space-around;\n        flex-direction: row;\n    }*\/\n\n    .cta_block .nf-field-label {\n        display:none;\n    }\n\n    .cta_block .nf-error.field-wrap .nf-field-element::after {\n        border-radius: 50px;\n    }\n\n    .cta_block .nf-error-msg {\n        color: #fff;\n    }\n\n    .cta_block .nf-form-cont {\n        margin-top: 3em;\n        margin-bottom: 1em;\n    }\n\n    .wp-admin .cta_block_content{\n        display: none;\n    }\n    .cta_block .nf-form-fields-required {\n        display: none;\n    }\n    body:not(.wp-admin) .cta_block_admin {\n        display: none;\n    }\n<\/style>\n<div id=\"cta_block-block_6d14158a084c3126f467f7586e678b65\" class=\"cta_block\">\n    <div class=\"cta_block_admin\" style=\"background-color: blue; color: white\">\n        Blok CTA\n    <\/div>\n    <div class=\"cta_block\">\n        <div class=\"cta_block_content\">   \n        <h3 id=\"ha-najlepsze-wesela-dolny-slask\">Najlepsze wesela Dolny \u015al\u0105sk? <\/h3>\n                    <div class=\"cta_block_desc\">Oczywi\u015bcie w Dworze Korona Karkonoszy! <\/div>\n                <noscript class=\"ninja-forms-noscript-message\">\n\tUwaga: ta zawarto\u015b\u0107 wymaga obs\u0142ugi j\u0119zyka JavaScript.<\/noscript>\n<div id=\"nf-form-3_1-cont\" class=\"nf-form-cont\" aria-live=\"polite\" aria-labelledby=\"nf-form-title-3_1\" aria-describedby=\"nf-form-errors-3_1\" role=\"form\">\n\n    <div class=\"nf-loading-spinner\"><\/div>\n\n<\/div>\n        <!-- That data is being printed as a workaround to page builders reordering the order of the scripts loaded-->\n        <script>var formDisplay=1;var nfForms=nfForms||[];var form=[];form.id='3_1';form.settings={\"objectType\":\"Form Setting\",\"editActive\":true,\"title\":\"Block CTA\",\"created_at\":\"2022-11-08 16:03:33\",\"default_label_pos\":\"above\",\"show_title\":0,\"clear_complete\":\"1\",\"hide_complete\":\"1\",\"logged_in\":\"\",\"wrapper_class\":\"\",\"element_class\":\"\",\"key\":\"\",\"add_submit\":\"0\",\"changeEmailErrorMsg\":\"Wprowad\\u017a prawid\\u0142owy adres e-mail!\",\"changeDateErrorMsg\":\"Prosz\\u0119 wpisa\\u0107 prawid\\u0142ow\\u0105 dat\\u0119!\",\"confirmFieldErrorMsg\":\"Te pola musz\\u0105 si\\u0119 zgadza\\u0107!\",\"fieldNumberNumMinError\":\"B\\u0142\\u0105d \\u2014 liczba minimalna\",\"fieldNumberNumMaxError\":\"B\\u0142\\u0105d \\u2014 liczba maksymalna\",\"fieldNumberIncrementBy\":\"Zwi\\u0119ksz o \",\"formErrorsCorrectErrors\":\"Popraw b\\u0142\\u0119dy, zanim prze\\u015blesz formularz.\",\"validateRequiredField\":\"To jest wymagane pole.\",\"honeypotHoneypotError\":\"B\\u0142\\u0105d Honeypot\",\"fieldsMarkedRequired\":\"Pola oznaczone znakiem &lt;span class=&quot;ninja-forms-req-symbol&quot;&gt;*&lt;\\\/span&gt; s\\u0105 wymagane\",\"currency\":\"\",\"repeatable_fieldsets\":\"\",\"unique_field_error\":\"Formularz z t\\u0105 warto\\u015bci\\u0105 zosta\\u0142 ju\\u017c przes\\u0142any.\",\"not_logged_in_msg\":\"\",\"sub_limit_msg\":\"Formularz osi\\u0105gn\\u0105\\u0142 limit wys\\u0142a\\u0144.\",\"calculations\":[],\"container_styles_show_advanced_css\":\"0\",\"title_styles_show_advanced_css\":\"0\",\"row_styles_show_advanced_css\":\"0\",\"row-odd_styles_show_advanced_css\":\"0\",\"success-msg_styles_show_advanced_css\":\"0\",\"error_msg_styles_show_advanced_css\":\"0\",\"formContentData\":[{\"order\":1,\"cells\":[{\"order\":0,\"fields\":[\"phone_1640098023980\"],\"width\":35},{\"order\":1,\"fields\":[\"adres_e-mail_1667919839452\"],\"width\":35},{\"order\":2,\"fields\":[\"zapisz_mnie_1667919853255\"],\"width\":30}]}],\"drawerDisabled\":false,\"conditions\":[],\"allow_public_link\":0,\"embed_form\":\"\",\"container_styles_border\":\"\",\"container_styles_height\":\"\",\"container_styles_margin\":\"\",\"container_styles_padding\":\"\",\"container_styles_float\":\"\",\"title_styles_border\":\"\",\"title_styles_height\":\"\",\"title_styles_width\":\"\",\"title_styles_font-size\":\"\",\"title_styles_margin\":\"\",\"title_styles_padding\":\"\",\"title_styles_float\":\"\",\"row_styles_border\":\"\",\"row_styles_width\":\"\",\"row_styles_font-size\":\"\",\"row_styles_margin\":\"\",\"row_styles_padding\":\"\",\"row-odd_styles_border\":\"\",\"row-odd_styles_height\":\"\",\"row-odd_styles_width\":\"\",\"row-odd_styles_font-size\":\"\",\"row-odd_styles_margin\":\"\",\"row-odd_styles_padding\":\"\",\"success-msg_styles_border\":\"\",\"success-msg_styles_height\":\"\",\"success-msg_styles_width\":\"\",\"success-msg_styles_font-size\":\"\",\"success-msg_styles_margin\":\"\",\"success-msg_styles_padding\":\"\",\"error_msg_styles_border\":\"\",\"error_msg_styles_width\":\"\",\"error_msg_styles_font-size\":\"\",\"error_msg_styles_margin\":\"\",\"error_msg_styles_padding\":\"\",\"form_title_heading_level\":\"3\",\"ninjaForms\":\"Ninja Forms\",\"fieldTextareaRTEInsertLink\":\"Wstaw odno\\u015bnik\",\"fieldTextareaRTEInsertMedia\":\"Wstaw media\",\"fieldTextareaRTESelectAFile\":\"Wybierz plik\",\"formHoneypot\":\"Je\\u015bli jeste\\u015b cz\\u0142owiekiem i widzisz to pole, nie wype\\u0142niaj go.\",\"fileUploadOldCodeFileUploadInProgress\":\"Przesy\\u0142anie pliku w toku.\",\"fileUploadOldCodeFileUpload\":\"PRZESY\\u0141ANIE PLIKU\",\"currencySymbol\":\"&#36;\",\"thousands_sep\":\"&nbsp;\",\"decimal_point\":\",\",\"siteLocale\":\"pl_PL\",\"dateFormat\":\"m\\\/d\\\/Y\",\"startOfWeek\":\"1\",\"of\":\"z\",\"previousMonth\":\"Poprzedni miesi\\u0105c\",\"nextMonth\":\"Nast\\u0119pny miesi\\u0105c\",\"months\":[\"Stycze\\u0144\",\"Luty\",\"Marzec\",\"Kwiecie\\u0144\",\"Maj\",\"Czerwiec\",\"Lipiec\",\"Sierpie\\u0144\",\"Wrzesie\\u0144\",\"Pa\\u017adziernik\",\"Listopad\",\"Grudzie\\u0144\"],\"monthsShort\":[\"Sty\",\"Lut\",\"Mar\",\"Kw\",\"Maj\",\"Cze\",\"Lip\",\"Sie\",\"Wrz\",\"Pa\\u017a\",\"Lis\",\"Gru\"],\"weekdays\":[\"Niedziela\",\"Poniedzia\\u0142ek\",\"Wtorek\",\"\\u015aroda\",\"Czwartek\",\"Pi\\u0105tek\",\"Sobota\"],\"weekdaysShort\":[\"Niedz\",\"Pon\",\"Wt\",\"\\u015ar\",\"Czw\",\"Pt\",\"Sob\"],\"weekdaysMin\":[\"Niedz\",\"Pon\",\"Wt\",\"\\u015ar\",\"Czw\",\"Pt\",\"Sob\"],\"recaptchaConsentMissing\":\"reCaptcha validation couldn&#039;t load.\",\"recaptchaMissingCookie\":\"reCaptcha v3 validation couldn&#039;t load the cookie needed to submit the form.\",\"recaptchaConsentEvent\":\"Accept reCaptcha cookies before sending the form.\",\"currency_symbol\":\"\",\"beforeForm\":\"\",\"beforeFields\":\"\",\"afterFields\":\"\",\"afterForm\":\"\"};form.fields=[{\"objectType\":\"Field\",\"objectDomain\":\"fields\",\"editActive\":false,\"order\":1,\"idAttribute\":\"id\",\"type\":\"phone\",\"label\":\"Numer telefonu\",\"key\":\"phone_1640098023980\",\"label_pos\":\"above\",\"required\":1,\"default\":\"\",\"placeholder\":\"Numer telefonu\",\"container_class\":\"\",\"element_class\":\"\",\"input_limit\":\"\",\"input_limit_type\":\"characters\",\"input_limit_msg\":\"Liczba pozosta\\u0142ych znak\\u00f3w:\",\"manual_key\":\"\",\"admin_label\":\"\",\"help_text\":\"\",\"mask\":\"\",\"custom_mask\":\"\",\"custom_name_attribute\":\"phone\",\"personally_identifiable\":1,\"wrap_styles_border\":\"\",\"wrap_styles_width\":\"\",\"wrap_styles_margin\":\"\",\"wrap_styles_padding\":\"\",\"wrap_styles_float\":\"\",\"wrap_styles_show_advanced_css\":0,\"label_styles_border\":\"\",\"label_styles_width\":\"\",\"label_styles_font-size\":\"\",\"label_styles_margin\":\"\",\"label_styles_padding\":\"\",\"label_styles_float\":\"\",\"label_styles_show_advanced_css\":0,\"element_styles_border\":\"\",\"element_styles_width\":\"\",\"element_styles_font-size\":\"\",\"element_styles_margin\":\"\",\"element_styles_padding\":\"\",\"element_styles_float\":\"\",\"element_styles_show_advanced_css\":0,\"cellcid\":\"c3386\",\"value\":\"\",\"field_label\":\"Numer telefonu\",\"field_key\":\"phone_1640098023980\",\"drawerDisabled\":false,\"id\":\"8_1\",\"beforeField\":\"\",\"afterField\":\"\",\"parentType\":\"textbox\",\"element_templates\":[\"tel\",\"textbox\",\"input\"],\"old_classname\":\"\",\"wrap_template\":\"wrap\"},{\"objectType\":\"Field\",\"objectDomain\":\"fields\",\"editActive\":false,\"order\":2,\"idAttribute\":\"id\",\"type\":\"email\",\"label\":\"Adres e-mail\",\"key\":\"adres_e-mail_1667919839452\",\"label_pos\":\"above\",\"required\":1,\"default\":\"\",\"placeholder\":\"Adres e-mail\",\"container_class\":\"\",\"element_class\":\"\",\"admin_label\":\"\",\"help_text\":\"\",\"custom_name_attribute\":\"email\",\"personally_identifiable\":1,\"wrap_styles_border\":\"\",\"wrap_styles_width\":\"\",\"wrap_styles_margin\":\"\",\"wrap_styles_padding\":\"\",\"wrap_styles_float\":\"\",\"wrap_styles_show_advanced_css\":0,\"label_styles_border\":\"\",\"label_styles_width\":\"\",\"label_styles_font-size\":\"\",\"label_styles_margin\":\"\",\"label_styles_padding\":\"\",\"label_styles_float\":\"\",\"label_styles_show_advanced_css\":0,\"element_styles_border\":\"\",\"element_styles_width\":\"\",\"element_styles_font-size\":\"\",\"element_styles_margin\":\"\",\"element_styles_padding\":\"\",\"element_styles_float\":\"\",\"element_styles_show_advanced_css\":0,\"cellcid\":\"c3389\",\"value\":\"\",\"drawerDisabled\":false,\"field_label\":\"E-mail\",\"field_key\":\"email_1640098026199\",\"id\":\"9_1\",\"beforeField\":\"\",\"afterField\":\"\",\"parentType\":\"email\",\"element_templates\":[\"email\",\"input\"],\"old_classname\":\"\",\"wrap_template\":\"wrap\"},{\"objectType\":\"Field\",\"objectDomain\":\"fields\",\"editActive\":false,\"order\":3,\"idAttribute\":\"id\",\"type\":\"submit\",\"label\":\"Zapisz mnie\",\"processing_label\":\"W trakcie realizacji\",\"container_class\":\"\",\"element_class\":\"\",\"key\":\"zapisz_mnie_1667919853255\",\"wrap_styles_border\":\"\",\"wrap_styles_width\":\"\",\"wrap_styles_margin\":\"\",\"wrap_styles_padding\":\"\",\"wrap_styles_float\":\"\",\"wrap_styles_show_advanced_css\":0,\"element_styles_border\":\"\",\"element_styles_width\":\"\",\"element_styles_font-size\":\"\",\"element_styles_margin\":\"\",\"element_styles_padding\":\"\",\"element_styles_float\":\"\",\"element_styles_show_advanced_css\":0,\"submit_element_hover_styles_border\":\"\",\"submit_element_hover_styles_width\":\"\",\"submit_element_hover_styles_font-size\":\"\",\"submit_element_hover_styles_margin\":\"\",\"submit_element_hover_styles_padding\":\"\",\"submit_element_hover_styles_float\":\"\",\"submit_element_hover_styles_show_advanced_css\":0,\"cellcid\":\"c3391\",\"drawerDisabled\":false,\"field_label\":\"Zamawiam rozmow\\u0119\",\"field_key\":\"zamawiam_rozmowe_1640098067453\",\"id\":\"10_1\",\"beforeField\":\"\",\"afterField\":\"\",\"value\":\"\",\"label_pos\":\"above\",\"parentType\":\"textbox\",\"element_templates\":[\"submit\",\"button\",\"input\"],\"old_classname\":\"\",\"wrap_template\":\"wrap-no-label\"}];nfForms.push(form);<\/script>\n                <script id=\"nf-tmpl-cell\" type=\"text\/template\">\n            <nf-fields><\/nf-fields>\n        <\/script>\n\n        <script id=\"nf-tmpl-row\" type=\"text\/template\">\n            <nf-cells><\/nf-cells>\n        <\/script>\n\n                <img loading=\"lazy\" decoding=\"async\" width=\"1476\" height=\"981\" src=\"https:\/\/www.koronakarkonoszy.pl\/blog\/wp-content\/uploads\/2023\/09\/dkk09.jpg\" class=\"attachment-full size-full\" alt=\"\" srcset=\"https:\/\/www.koronakarkonoszy.pl\/blog\/wp-content\/uploads\/2023\/09\/dkk09.jpg 1476w, https:\/\/www.koronakarkonoszy.pl\/blog\/wp-content\/uploads\/2023\/09\/dkk09-300x199.jpg 300w, https:\/\/www.koronakarkonoszy.pl\/blog\/wp-content\/uploads\/2023\/09\/dkk09-1024x681.jpg 1024w, https:\/\/www.koronakarkonoszy.pl\/blog\/wp-content\/uploads\/2023\/09\/dkk09-768x510.jpg 768w, https:\/\/www.koronakarkonoszy.pl\/blog\/wp-content\/uploads\/2023\/09\/dkk09-18x12.jpg 18w\" sizes=\"auto, (max-width: 1476px) 100vw, 1476px\" \/>        <\/div> \n    <\/div>\n<\/div>\n\n\n\n<p>A je\u015bli marzycie o <strong>weselu plenerowym<\/strong>, Karpacz i okolice tak\u017ce oferuj\u0105 wiele pi\u0119knych miejsc na organizacj\u0119 ceremonii \u015blubnej i przyj\u0119cia na \u015bwie\u017cym powietrzu. Niezale\u017cnie od miejsca, kt\u00f3re wybierzesz, wesela w Karpaczu i okolicach maj\u0105 potencja\u0142, aby by\u0107 niezapomnianymi i magicznymi wydarzeniami.<\/p>\n\n\n\n<figure class=\"wp-block-image size-large\"><img loading=\"lazy\" decoding=\"async\" width=\"1024\" height=\"683\" src=\"https:\/\/www.koronakarkonoszy.pl\/blog\/wp-content\/uploads\/2023\/06\/zimowe_wesele_panifotograf.kr_35-1024x683.jpg\" alt=\"Wesele w plenerze \" class=\"wp-image-10367\" title=\"Wesele Dolny \u015al\u0105sk, Dw\u00f3r Korona Karkonoszy\" srcset=\"https:\/\/www.koronakarkonoszy.pl\/blog\/wp-content\/uploads\/2023\/06\/zimowe_wesele_panifotograf.kr_35-1024x683.jpg 1024w, https:\/\/www.koronakarkonoszy.pl\/blog\/wp-content\/uploads\/2023\/06\/zimowe_wesele_panifotograf.kr_35-300x200.jpg 300w, https:\/\/www.koronakarkonoszy.pl\/blog\/wp-content\/uploads\/2023\/06\/zimowe_wesele_panifotograf.kr_35-768x512.jpg 768w, https:\/\/www.koronakarkonoszy.pl\/blog\/wp-content\/uploads\/2023\/06\/zimowe_wesele_panifotograf.kr_35-18x12.jpg 18w, https:\/\/www.koronakarkonoszy.pl\/blog\/wp-content\/uploads\/2023\/06\/zimowe_wesele_panifotograf.kr_35.jpg 1200w\" sizes=\"auto, (max-width: 1024px) 100vw, 1024px\" \/><figcaption class=\"wp-element-caption\"><strong>\u015alub w plenerze, Dw\u00f3r Korona Karkonoszy, Sosn\u00f3wka k. Karpacza <\/strong><\/figcaption><\/figure>\n\n\n\n<h2 class=\"wp-block-heading\" id=\"ha-dolny-slask-wesele-w-plenerze\">Dolny \u015al\u0105sk wesele w plenerze<\/h2>\n\n\n\n<p><strong>Dolny \u015al\u0105sk oferuje wiele malowniczych miejsc, kt\u00f3re s\u0105 doskona\u0142e do organizacji wesela plenerowego<\/strong>. Je\u015bli marzysz o romantycznym i niepowtarzalnym \u015blubie i weselu na \u015bwie\u017cym powietrzu, rozwa\u017c kilka pomys\u0142\u00f3w. Wiele pa\u0142ac\u00f3w na Dolnym \u015al\u0105sku posiada przepi\u0119kne ogrody, kt\u00f3re s\u0105 idealne na ceremoni\u0119 \u015blubn\u0105 i przyj\u0119cie plenerowe. W tym regionie nie brakuje tak\u017ce park\u00f3w i ogrod\u00f3w botanicznych, kt\u00f3re mog\u0105 by\u0107 urokliwym miejscem na <a href=\"https:\/\/www.koronakarkonoszy.pl\/blog\/wesele-w-plenerze\/\">wesele w plenerze<\/a>.<\/p>\n\n\n\n<figure class=\"wp-block-image size-full\"><img loading=\"lazy\" decoding=\"async\" width=\"960\" height=\"639\" src=\"https:\/\/www.koronakarkonoszy.pl\/blog\/wp-content\/uploads\/2023\/03\/Wesele-w-gorach.-Zrodlo-Dwor-Korona-Karkonoszy.jpg\" alt=\"Wesele Dolny \u015al\u0105sk, Dw\u00f3r Korona Karkonoszy\" class=\"wp-image-10798\" title=\"Wesele w plenerze \" srcset=\"https:\/\/www.koronakarkonoszy.pl\/blog\/wp-content\/uploads\/2023\/03\/Wesele-w-gorach.-Zrodlo-Dwor-Korona-Karkonoszy.jpg 960w, https:\/\/www.koronakarkonoszy.pl\/blog\/wp-content\/uploads\/2023\/03\/Wesele-w-gorach.-Zrodlo-Dwor-Korona-Karkonoszy-300x200.jpg 300w, https:\/\/www.koronakarkonoszy.pl\/blog\/wp-content\/uploads\/2023\/03\/Wesele-w-gorach.-Zrodlo-Dwor-Korona-Karkonoszy-768x511.jpg 768w, https:\/\/www.koronakarkonoszy.pl\/blog\/wp-content\/uploads\/2023\/03\/Wesele-w-gorach.-Zrodlo-Dwor-Korona-Karkonoszy-18x12.jpg 18w\" sizes=\"auto, (max-width: 960px) 100vw, 960px\" \/><figcaption class=\"wp-element-caption\"><strong>Wesele w plenerze,<\/strong> <strong>Dw\u00f3r Korona Karkonoszy, Sosn\u00f3wka k. Karpacza <\/strong><\/figcaption><\/figure>\n\n\n\n<p>Mo\u017cecie rozwa\u017cy\u0107 te\u017c organizacj\u0119 przyj\u0119cia na brzegu jeziora lub na prywatnej pla\u017cy. A je\u015bli od wody wolicie g\u00f3ry i malownicze krajobrazy \u2013 idealne t\u0142o sesji \u015blubnej! &#8211; Dolny \u015al\u0105sk oferuje wiele miejsc w g\u00f3rach, kt\u00f3re mog\u0105 by\u0107 idealne na wesele plenerowe. Karkonosze, G\u00f3ry Sto\u0142owe czy G\u00f3ry Wa\u0142brzyskie to obszary, gdzie mo\u017cna znale\u017a\u0107 malownicze punkty widokowe i urokliwe miejsca.<\/p>\n\n\n\n<figure class=\"wp-block-image size-large\"><img loading=\"lazy\" decoding=\"async\" width=\"1024\" height=\"683\" src=\"https:\/\/www.koronakarkonoszy.pl\/blog\/wp-content\/uploads\/2023\/06\/plener-1024x683.jpg\" alt=\"Wesele Dolny \u015al\u0105sk, Dw\u00f3r Korona Karkonoszy\" class=\"wp-image-10318\" title=\"Wesele Dolny \u015al\u0105sk, Dw\u00f3r Korona Karkonoszy\" srcset=\"https:\/\/www.koronakarkonoszy.pl\/blog\/wp-content\/uploads\/2023\/06\/plener-1024x683.jpg 1024w, https:\/\/www.koronakarkonoszy.pl\/blog\/wp-content\/uploads\/2023\/06\/plener-300x200.jpg 300w, https:\/\/www.koronakarkonoszy.pl\/blog\/wp-content\/uploads\/2023\/06\/plener-768x512.jpg 768w, https:\/\/www.koronakarkonoszy.pl\/blog\/wp-content\/uploads\/2023\/06\/plener-18x12.jpg 18w, https:\/\/www.koronakarkonoszy.pl\/blog\/wp-content\/uploads\/2023\/06\/plener.jpg 1536w\" sizes=\"auto, (max-width: 1024px) 100vw, 1024px\" \/><figcaption class=\"wp-element-caption\"><strong>Malowniczy Dolny \u015al\u0105sk \u2013 Sosn\u00f3wka k. Karpacza<\/strong><\/figcaption><\/figure>\n\n\n\n<p>W pobli\u017cu Karpacza, w Sosn\u00f3wce nad malowniczym zalewem wesele mo\u017cna \u015blub i wesele urz\u0105dzi\u0107 mo\u017cna w stylowym Dworze Korona Karkonoszy. Zorganizowano tam ju\u017c mn\u00f3stwo wesel. Wspania\u0142e dworskie ogrody czekaj\u0105 na Pary M\u0142ode, kt\u00f3re marz\u0105 o weselu z widokiem na g\u00f3ry.<\/p>\n\n\n\n<style>\n    .cta_block{\n        margin: 1.5em 0;\n    }\n    .cta_block_content {\n        position: relative;\n        color: white;\n        padding: 1em;\n    }\n    .cta_block_content h3{\n        text-align: center;\n        font: normal normal normal 36px\/50px Yeseva One;\n    }\n    .cta_block_content .cta_block_desc{\n        text-align: center;\n        font-size: 1.1em;\n        position: relative;\n    }\n    .cta_block_content .cta_block_desc:before {\n        content: '';\n        width: 80px;\n        height: 4px;\n        background: #EEB315;\n        position: absolute;\n        left: 0;\n        right: 0;\n        margin-left: auto;\n        margin-right: auto;\n        top: -22px;\n    }\n\n    .cta_block_content picture{\n        position: absolute;\n        top: 0;\n        right: 0;\n        z-index: -1;\n        height: 100%;\n        overflow: hidden;\n        width: 100%;\n    }\n    .cta_block_content picture img{\n        object-fit: cover;\n        height: 100%;\n        width: 100%;\n    }\n    .cta_block .cta_block_content .ninja-forms-field{\n        background: #FFFFFF2F;\n        border: 1px solid #EEB315;\n        border-radius: 25px;\n        opacity: 1;\n        color: #ffffff;\n    }\n    .cta_block .cta_block_content .nf-form-content input[type=submit]{\n        background-color: #EEB315;\n        color: #292929;\n        text-align: center;\n        font: normal normal bold 14px\/20px Work Sans;\n        padding: 0 2em;\n    }\n\n    .cta_block ::placeholder{\n        color: white!important;\n        opacity: 1;\n    }\n\n    .cta_block_content::after {\n        height: 100%;\n        width: 100%;\n        content: \"\";\n        z-index: -1;\n        position: absolute;\n        top: 0;\n        background: #00000070;\n        right: 0;\n        left: 0;\n        bottom: 0;\n    }\n    #ha-cta-block, .cta_block_desc, .cta_block .nf-field-label, .cta_block .nf-error-msg {\n        filter: drop-shadow(1px 1px 8px black);\n    }\n\n\/*    .cta_block nf-rows-wrap {\n        display: flex;\n        justify-content: space-around;\n        flex-direction: row;\n    }*\/\n\n    .cta_block .nf-field-label {\n        display:none;\n    }\n\n    .cta_block .nf-error.field-wrap .nf-field-element::after {\n        border-radius: 50px;\n    }\n\n    .cta_block .nf-error-msg {\n        color: #fff;\n    }\n\n    .cta_block .nf-form-cont {\n        margin-top: 3em;\n        margin-bottom: 1em;\n    }\n\n    .wp-admin .cta_block_content{\n        display: none;\n    }\n    .cta_block .nf-form-fields-required {\n        display: none;\n    }\n    body:not(.wp-admin) .cta_block_admin {\n        display: none;\n    }\n<\/style>\n<div id=\"cta_block-block_6030e4ddf1445fba860dd5330893bc9e\" class=\"cta_block\">\n    <div class=\"cta_block_admin\" style=\"background-color: blue; color: white\">\n        Blok CTA\n    <\/div>\n    <div class=\"cta_block\">\n        <div class=\"cta_block_content\">   \n        <h3 id=\"ha-marzysz-o-wyjatkowym-weselu\">Marzysz o wyj\u0105tkowym weselu? <\/h3>\n                    <div class=\"cta_block_desc\">Organizujemy tylko takie! <\/div>\n                <noscript class=\"ninja-forms-noscript-message\">\n\tUwaga: ta zawarto\u015b\u0107 wymaga obs\u0142ugi j\u0119zyka JavaScript.<\/noscript>\n<div id=\"nf-form-3_2-cont\" class=\"nf-form-cont\" aria-live=\"polite\" aria-labelledby=\"nf-form-title-3_2\" aria-describedby=\"nf-form-errors-3_2\" role=\"form\">\n\n    <div class=\"nf-loading-spinner\"><\/div>\n\n<\/div>\n        <!-- That data is being printed as a workaround to page builders reordering the order of the scripts loaded-->\n        <script>var formDisplay=1;var nfForms=nfForms||[];var form=[];form.id='3_2';form.settings={\"objectType\":\"Form Setting\",\"editActive\":true,\"title\":\"Block CTA\",\"created_at\":\"2022-11-08 16:03:33\",\"default_label_pos\":\"above\",\"show_title\":0,\"clear_complete\":\"1\",\"hide_complete\":\"1\",\"logged_in\":\"\",\"wrapper_class\":\"\",\"element_class\":\"\",\"key\":\"\",\"add_submit\":\"0\",\"changeEmailErrorMsg\":\"Wprowad\\u017a prawid\\u0142owy adres e-mail!\",\"changeDateErrorMsg\":\"Prosz\\u0119 wpisa\\u0107 prawid\\u0142ow\\u0105 dat\\u0119!\",\"confirmFieldErrorMsg\":\"Te pola musz\\u0105 si\\u0119 zgadza\\u0107!\",\"fieldNumberNumMinError\":\"B\\u0142\\u0105d \\u2014 liczba minimalna\",\"fieldNumberNumMaxError\":\"B\\u0142\\u0105d \\u2014 liczba maksymalna\",\"fieldNumberIncrementBy\":\"Zwi\\u0119ksz o \",\"formErrorsCorrectErrors\":\"Popraw b\\u0142\\u0119dy, zanim prze\\u015blesz formularz.\",\"validateRequiredField\":\"To jest wymagane pole.\",\"honeypotHoneypotError\":\"B\\u0142\\u0105d Honeypot\",\"fieldsMarkedRequired\":\"Pola oznaczone znakiem &lt;span class=&quot;ninja-forms-req-symbol&quot;&gt;*&lt;\\\/span&gt; s\\u0105 wymagane\",\"currency\":\"\",\"repeatable_fieldsets\":\"\",\"unique_field_error\":\"Formularz z t\\u0105 warto\\u015bci\\u0105 zosta\\u0142 ju\\u017c przes\\u0142any.\",\"not_logged_in_msg\":\"\",\"sub_limit_msg\":\"Formularz osi\\u0105gn\\u0105\\u0142 limit wys\\u0142a\\u0144.\",\"calculations\":[],\"container_styles_show_advanced_css\":\"0\",\"title_styles_show_advanced_css\":\"0\",\"row_styles_show_advanced_css\":\"0\",\"row-odd_styles_show_advanced_css\":\"0\",\"success-msg_styles_show_advanced_css\":\"0\",\"error_msg_styles_show_advanced_css\":\"0\",\"formContentData\":[{\"order\":1,\"cells\":[{\"order\":0,\"fields\":[\"phone_1640098023980\"],\"width\":35},{\"order\":1,\"fields\":[\"adres_e-mail_1667919839452\"],\"width\":35},{\"order\":2,\"fields\":[\"zapisz_mnie_1667919853255\"],\"width\":30}]}],\"drawerDisabled\":false,\"conditions\":[],\"allow_public_link\":0,\"embed_form\":\"\",\"container_styles_border\":\"\",\"container_styles_height\":\"\",\"container_styles_margin\":\"\",\"container_styles_padding\":\"\",\"container_styles_float\":\"\",\"title_styles_border\":\"\",\"title_styles_height\":\"\",\"title_styles_width\":\"\",\"title_styles_font-size\":\"\",\"title_styles_margin\":\"\",\"title_styles_padding\":\"\",\"title_styles_float\":\"\",\"row_styles_border\":\"\",\"row_styles_width\":\"\",\"row_styles_font-size\":\"\",\"row_styles_margin\":\"\",\"row_styles_padding\":\"\",\"row-odd_styles_border\":\"\",\"row-odd_styles_height\":\"\",\"row-odd_styles_width\":\"\",\"row-odd_styles_font-size\":\"\",\"row-odd_styles_margin\":\"\",\"row-odd_styles_padding\":\"\",\"success-msg_styles_border\":\"\",\"success-msg_styles_height\":\"\",\"success-msg_styles_width\":\"\",\"success-msg_styles_font-size\":\"\",\"success-msg_styles_margin\":\"\",\"success-msg_styles_padding\":\"\",\"error_msg_styles_border\":\"\",\"error_msg_styles_width\":\"\",\"error_msg_styles_font-size\":\"\",\"error_msg_styles_margin\":\"\",\"error_msg_styles_padding\":\"\",\"form_title_heading_level\":\"3\",\"ninjaForms\":\"Ninja Forms\",\"fieldTextareaRTEInsertLink\":\"Wstaw odno\\u015bnik\",\"fieldTextareaRTEInsertMedia\":\"Wstaw media\",\"fieldTextareaRTESelectAFile\":\"Wybierz plik\",\"formHoneypot\":\"Je\\u015bli jeste\\u015b cz\\u0142owiekiem i widzisz to pole, nie wype\\u0142niaj go.\",\"fileUploadOldCodeFileUploadInProgress\":\"Przesy\\u0142anie pliku w toku.\",\"fileUploadOldCodeFileUpload\":\"PRZESY\\u0141ANIE PLIKU\",\"currencySymbol\":\"&#36;\",\"thousands_sep\":\"&nbsp;\",\"decimal_point\":\",\",\"siteLocale\":\"pl_PL\",\"dateFormat\":\"m\\\/d\\\/Y\",\"startOfWeek\":\"1\",\"of\":\"z\",\"previousMonth\":\"Poprzedni miesi\\u0105c\",\"nextMonth\":\"Nast\\u0119pny miesi\\u0105c\",\"months\":[\"Stycze\\u0144\",\"Luty\",\"Marzec\",\"Kwiecie\\u0144\",\"Maj\",\"Czerwiec\",\"Lipiec\",\"Sierpie\\u0144\",\"Wrzesie\\u0144\",\"Pa\\u017adziernik\",\"Listopad\",\"Grudzie\\u0144\"],\"monthsShort\":[\"Sty\",\"Lut\",\"Mar\",\"Kw\",\"Maj\",\"Cze\",\"Lip\",\"Sie\",\"Wrz\",\"Pa\\u017a\",\"Lis\",\"Gru\"],\"weekdays\":[\"Niedziela\",\"Poniedzia\\u0142ek\",\"Wtorek\",\"\\u015aroda\",\"Czwartek\",\"Pi\\u0105tek\",\"Sobota\"],\"weekdaysShort\":[\"Niedz\",\"Pon\",\"Wt\",\"\\u015ar\",\"Czw\",\"Pt\",\"Sob\"],\"weekdaysMin\":[\"Niedz\",\"Pon\",\"Wt\",\"\\u015ar\",\"Czw\",\"Pt\",\"Sob\"],\"recaptchaConsentMissing\":\"reCaptcha validation couldn&#039;t load.\",\"recaptchaMissingCookie\":\"reCaptcha v3 validation couldn&#039;t load the cookie needed to submit the form.\",\"recaptchaConsentEvent\":\"Accept reCaptcha cookies before sending the form.\",\"currency_symbol\":\"\",\"beforeForm\":\"\",\"beforeFields\":\"\",\"afterFields\":\"\",\"afterForm\":\"\"};form.fields=[{\"objectType\":\"Field\",\"objectDomain\":\"fields\",\"editActive\":false,\"order\":1,\"idAttribute\":\"id\",\"type\":\"phone\",\"label\":\"Numer telefonu\",\"key\":\"phone_1640098023980\",\"label_pos\":\"above\",\"required\":1,\"default\":\"\",\"placeholder\":\"Numer telefonu\",\"container_class\":\"\",\"element_class\":\"\",\"input_limit\":\"\",\"input_limit_type\":\"characters\",\"input_limit_msg\":\"Liczba pozosta\\u0142ych znak\\u00f3w:\",\"manual_key\":\"\",\"admin_label\":\"\",\"help_text\":\"\",\"mask\":\"\",\"custom_mask\":\"\",\"custom_name_attribute\":\"phone\",\"personally_identifiable\":1,\"wrap_styles_border\":\"\",\"wrap_styles_width\":\"\",\"wrap_styles_margin\":\"\",\"wrap_styles_padding\":\"\",\"wrap_styles_float\":\"\",\"wrap_styles_show_advanced_css\":0,\"label_styles_border\":\"\",\"label_styles_width\":\"\",\"label_styles_font-size\":\"\",\"label_styles_margin\":\"\",\"label_styles_padding\":\"\",\"label_styles_float\":\"\",\"label_styles_show_advanced_css\":0,\"element_styles_border\":\"\",\"element_styles_width\":\"\",\"element_styles_font-size\":\"\",\"element_styles_margin\":\"\",\"element_styles_padding\":\"\",\"element_styles_float\":\"\",\"element_styles_show_advanced_css\":0,\"cellcid\":\"c3386\",\"value\":\"\",\"field_label\":\"Numer telefonu\",\"field_key\":\"phone_1640098023980\",\"drawerDisabled\":false,\"id\":\"8_2\",\"beforeField\":\"\",\"afterField\":\"\",\"parentType\":\"textbox\",\"element_templates\":[\"tel\",\"textbox\",\"input\"],\"old_classname\":\"\",\"wrap_template\":\"wrap\"},{\"objectType\":\"Field\",\"objectDomain\":\"fields\",\"editActive\":false,\"order\":2,\"idAttribute\":\"id\",\"type\":\"email\",\"label\":\"Adres e-mail\",\"key\":\"adres_e-mail_1667919839452\",\"label_pos\":\"above\",\"required\":1,\"default\":\"\",\"placeholder\":\"Adres e-mail\",\"container_class\":\"\",\"element_class\":\"\",\"admin_label\":\"\",\"help_text\":\"\",\"custom_name_attribute\":\"email\",\"personally_identifiable\":1,\"wrap_styles_border\":\"\",\"wrap_styles_width\":\"\",\"wrap_styles_margin\":\"\",\"wrap_styles_padding\":\"\",\"wrap_styles_float\":\"\",\"wrap_styles_show_advanced_css\":0,\"label_styles_border\":\"\",\"label_styles_width\":\"\",\"label_styles_font-size\":\"\",\"label_styles_margin\":\"\",\"label_styles_padding\":\"\",\"label_styles_float\":\"\",\"label_styles_show_advanced_css\":0,\"element_styles_border\":\"\",\"element_styles_width\":\"\",\"element_styles_font-size\":\"\",\"element_styles_margin\":\"\",\"element_styles_padding\":\"\",\"element_styles_float\":\"\",\"element_styles_show_advanced_css\":0,\"cellcid\":\"c3389\",\"value\":\"\",\"drawerDisabled\":false,\"field_label\":\"E-mail\",\"field_key\":\"email_1640098026199\",\"id\":\"9_2\",\"beforeField\":\"\",\"afterField\":\"\",\"parentType\":\"email\",\"element_templates\":[\"email\",\"input\"],\"old_classname\":\"\",\"wrap_template\":\"wrap\"},{\"objectType\":\"Field\",\"objectDomain\":\"fields\",\"editActive\":false,\"order\":3,\"idAttribute\":\"id\",\"type\":\"submit\",\"label\":\"Zapisz mnie\",\"processing_label\":\"W trakcie realizacji\",\"container_class\":\"\",\"element_class\":\"\",\"key\":\"zapisz_mnie_1667919853255\",\"wrap_styles_border\":\"\",\"wrap_styles_width\":\"\",\"wrap_styles_margin\":\"\",\"wrap_styles_padding\":\"\",\"wrap_styles_float\":\"\",\"wrap_styles_show_advanced_css\":0,\"element_styles_border\":\"\",\"element_styles_width\":\"\",\"element_styles_font-size\":\"\",\"element_styles_margin\":\"\",\"element_styles_padding\":\"\",\"element_styles_float\":\"\",\"element_styles_show_advanced_css\":0,\"submit_element_hover_styles_border\":\"\",\"submit_element_hover_styles_width\":\"\",\"submit_element_hover_styles_font-size\":\"\",\"submit_element_hover_styles_margin\":\"\",\"submit_element_hover_styles_padding\":\"\",\"submit_element_hover_styles_float\":\"\",\"submit_element_hover_styles_show_advanced_css\":0,\"cellcid\":\"c3391\",\"drawerDisabled\":false,\"field_label\":\"Zamawiam rozmow\\u0119\",\"field_key\":\"zamawiam_rozmowe_1640098067453\",\"id\":\"10_2\",\"beforeField\":\"\",\"afterField\":\"\",\"value\":\"\",\"label_pos\":\"above\",\"parentType\":\"textbox\",\"element_templates\":[\"submit\",\"button\",\"input\"],\"old_classname\":\"\",\"wrap_template\":\"wrap-no-label\"}];nfForms.push(form);<\/script>\n                <script id=\"nf-tmpl-cell\" type=\"text\/template\">\n            <nf-fields><\/nf-fields>\n        <\/script>\n\n        <script id=\"nf-tmpl-row\" type=\"text\/template\">\n            <nf-cells><\/nf-cells>\n        <\/script>\n\n                <img loading=\"lazy\" decoding=\"async\" width=\"1728\" height=\"1152\" src=\"https:\/\/www.koronakarkonoszy.pl\/blog\/wp-content\/uploads\/2023\/09\/ogrod77.jpg\" class=\"attachment-full size-full\" alt=\"\" srcset=\"https:\/\/www.koronakarkonoszy.pl\/blog\/wp-content\/uploads\/2023\/09\/ogrod77.jpg 1728w, https:\/\/www.koronakarkonoszy.pl\/blog\/wp-content\/uploads\/2023\/09\/ogrod77-300x200.jpg 300w, https:\/\/www.koronakarkonoszy.pl\/blog\/wp-content\/uploads\/2023\/09\/ogrod77-1024x683.jpg 1024w, https:\/\/www.koronakarkonoszy.pl\/blog\/wp-content\/uploads\/2023\/09\/ogrod77-768x512.jpg 768w, https:\/\/www.koronakarkonoszy.pl\/blog\/wp-content\/uploads\/2023\/09\/ogrod77-1536x1024.jpg 1536w, https:\/\/www.koronakarkonoszy.pl\/blog\/wp-content\/uploads\/2023\/09\/ogrod77-18x12.jpg 18w\" sizes=\"auto, (max-width: 1728px) 100vw, 1728px\" \/>        <\/div> \n    <\/div>\n<\/div>\n\n\n\n<h2 class=\"wp-block-heading\"><strong>Koszt wesela Dolny \u015al\u0105sk?<\/strong><\/h2>\n\n\n\n<p><strong>Koszt wesela na Dolnym \u015al\u0105sku<\/strong> mo\u017ce by\u0107 bardzo zr\u00f3\u017cnicowany i zale\u017cy od wielu czynnik\u00f3w, takich jak lokalizacja, liczba go\u015bci, wyb\u00f3r miejsca, rodzaj us\u0142ug i wiele innych. Cena za wynajem sali bankietowej lub miejsca na wesele mo\u017ce znacz\u0105co si\u0119 r\u00f3\u017cni\u0107 w zale\u017cno\u015bci od wybranej lokalizacji, presti\u017cu i dost\u0119pnych udogodnie\u0144. Cena cateringu na osob\u0119 mo\u017ce by\u0107 jednym z najwi\u0119kszych wydatk\u00f3w podczas organizacji wesela. Koszt zale\u017cy od menu, jako\u015bci us\u0142ug oraz liczby go\u015bci. Liczy si\u0119 tak\u017ce koszt dekoracji sali, sto\u0142\u00f3w oraz innych element\u00f3w dekoracyjnych. Wynajem zespo\u0142u muzycznego lub DJ-a na wesele mo\u017ce by\u0107 znacz\u0105cym wydatkiem, zw\u0142aszcza je\u015bli zale\u017cy nam na wysokiej jako\u015bci muzyce i rozrywce. Koszt wynaj\u0119cia profesjonalnego fotografa, kt\u00f3ry uchwyci najwa\u017cniejsze chwile naszego wesela, r\u00f3wnie\u017c nale\u017cy uwzgl\u0119dni\u0107 w bud\u017cecie. Koszt wynaj\u0119cia samochodu \u015blubnego oraz ewentualnego transportu dla go\u015bci r\u00f3wnie\u017c wp\u0142ynie na <a href=\"https:\/\/www.koronakarkonoszy.pl\/blog\/koszt-wesela-na-100-osob\/\" class=\"links-placer\">koszt wesela<\/a>.<\/p>\n\n\n\n<figure class=\"wp-block-image size-large\"><img loading=\"lazy\" decoding=\"async\" width=\"1024\" height=\"683\" src=\"https:\/\/www.koronakarkonoszy.pl\/blog\/wp-content\/uploads\/2023\/02\/KK-256-kqge38a9-1024x683.jpg\" alt=\"Wesele Dolny \u015al\u0105sk, Dw\u00f3r Korona Karkonoszy \" class=\"wp-image-7794\" title=\"Wesele Dolny \u015al\u0105sk, Dw\u00f3r Korona Karkonoszy \" srcset=\"https:\/\/www.koronakarkonoszy.pl\/blog\/wp-content\/uploads\/2023\/02\/KK-256-kqge38a9-1024x683.jpg 1024w, https:\/\/www.koronakarkonoszy.pl\/blog\/wp-content\/uploads\/2023\/02\/KK-256-kqge38a9-300x200.jpg 300w, https:\/\/www.koronakarkonoszy.pl\/blog\/wp-content\/uploads\/2023\/02\/KK-256-kqge38a9-768x512.jpg 768w, https:\/\/www.koronakarkonoszy.pl\/blog\/wp-content\/uploads\/2023\/02\/KK-256-kqge38a9-1920x1280.jpg 1920w, https:\/\/www.koronakarkonoszy.pl\/blog\/wp-content\/uploads\/2023\/02\/KK-256-kqge38a9-1536x1024.jpg 1536w, https:\/\/www.koronakarkonoszy.pl\/blog\/wp-content\/uploads\/2023\/02\/KK-256-kqge38a9-18x12.jpg 18w, https:\/\/www.koronakarkonoszy.pl\/blog\/wp-content\/uploads\/2023\/02\/KK-256-kqge38a9.jpg 2048w\" sizes=\"auto, (max-width: 1024px) 100vw, 1024px\" \/><figcaption class=\"wp-element-caption\"><strong>Najlepsze wesele Dolny \u015al\u0105sk &#8211; Dw\u00f3r Korona Karkonoszy <\/strong><\/figcaption><\/figure>\n\n\n\n<p>Dodatkowe us\u0142ugi, takie jak tort weselny, <a href=\"https:\/\/www.koronakarkonoszy.pl\/blog\/animator-na-wesele\/\" target=\"_blank\" rel=\"noreferrer noopener\">animator<\/a> dla dzieci, strefa chilloutu czy open bar mog\u0105 r\u00f3wnie\u017c podnie\u015b\u0107 koszt wesela. Nale\u017cy r\u00f3wnie\u017c pami\u0119ta\u0107 o dodatkowych kosztach, takich jak op\u0142aty za us\u0142ugi koordynatora weselnego, zaproszenia, alkohol, <a href=\"https:\/\/www.koronakarkonoszy.pl\/blog\/jaki-tort-na-wesele-bedzie-najbardziej-elegancki\/\">tort weselny<\/a> czy pami\u0105tki dla go\u015bci. Ostateczny <strong>koszt wesela<\/strong> b\u0119dzie zale\u017ca\u0142 od indywidualnych wymaga\u0144 i mo\u017cliwo\u015bci finansowych.<\/p>\n\n\n\n<figure class=\"wp-block-image size-large\"><a href=\"https:\/\/www.koronakarkonoszy.pl\/wesele\/\" target=\"_blank\" rel=\"noreferrer noopener\"><img loading=\"lazy\" decoding=\"async\" width=\"1024\" height=\"512\" src=\"https:\/\/www.koronakarkonoszy.pl\/blog\/wp-content\/uploads\/2022\/06\/stylowy_dwor_wesleny_DKK-4-1024x512.jpg\" alt=\"Baner Dw\u00f3r Korona Karkonoszy \" class=\"wp-image-4048\" title=\"Baner Dw\u00f3r Korona Karkonoszy \" srcset=\"https:\/\/www.koronakarkonoszy.pl\/blog\/wp-content\/uploads\/2022\/06\/stylowy_dwor_wesleny_DKK-4-1024x512.jpg 1024w, https:\/\/www.koronakarkonoszy.pl\/blog\/wp-content\/uploads\/2022\/06\/stylowy_dwor_wesleny_DKK-4-300x150.jpg 300w, https:\/\/www.koronakarkonoszy.pl\/blog\/wp-content\/uploads\/2022\/06\/stylowy_dwor_wesleny_DKK-4-768x384.jpg 768w, https:\/\/www.koronakarkonoszy.pl\/blog\/wp-content\/uploads\/2022\/06\/stylowy_dwor_wesleny_DKK-4.jpg 1200w\" sizes=\"auto, (max-width: 1024px) 100vw, 1024px\" \/><\/a><\/figure>\n\n\n\n<p><strong>Podsumowanie<\/strong><\/p>\n\n\n\n<p>Organizacja wymarzonego wesela opr\u00f3cz rado\u015bci cz\u0119sto oznacza te\u017c stres. Jednak mo\u017cna go zminimalizowa\u0107, planuj\u0105c z wyprzedzeniem wszelkie kroki i rozs\u0105dnie podchodz\u0105c do przygotowa\u0144. Dolny \u015al\u0105sk to istne zag\u0142\u0119bie weddingowe, warto wi\u0119c rozwa\u017cy\u0107 wszystkie dost\u0119pne opcje i wybra\u0107 sal\u0119 weseln\u0105  dopasowan\u0105 nie tylko do swoich wyobra\u017ce\u0144, lecz tak\u017ce bud\u017cetu i atmosfery wesela. <a href=\"https:\/\/www.koronakarkonoszy.pl\/blog\/dworek-na-wesele\/\" class=\"links-placer\">Bajkowy dworek<\/a> czy klimatyczne zamczysko? Elegancki pa\u0142ac czy kipi\u0105cy zieleni\u0105 ogr\u00f3d? Pokazali\u015bmy Wam r\u00f3\u017cne mo\u017cliwo\u015bci. Wyb\u00f3r nale\u017cy do Was!&nbsp;<\/p>\n\n\n<style>\n  .destination_map {\n    margin: 1.5em 0;\n  }\n\n  body:not(.wp-admin) .admin {\n    display: none;\n  }\n\n  .map {\n    max-width: 800px;\n    height: 400px;\n  }\n\n  .wp-admin .map {\n    display: none;\n  }\n<\/style>\n\n<div id=\"destination_map-block_c53b562daa8d8caa561b9b3738f2c806\" class=\"destination_map\">\n  <div class=\"destinationmap-body admin\" style=\"background-color: lightblue;\">\n        Mapa dojazdu\n  <\/div>\n  <div id=\"block_c53b562daa8d8caa561b9b3738f2c806\" class=\"map\"><\/div>\n<\/div>\n\n<script>\n  (function($) {\n\n    function mapLocation() {\n      var directionsDisplay;\n      var directionsService = new google.maps.DirectionsService();\n      var map;\n\n      function initialize() {\n        var pos = new google.maps.LatLng(50.8219635, 15.7211499);\n        var mapOptions = {\n          zoom: 11,\n          center: pos\n        };\n        map = new google.maps.Map(document.getElementById('block_c53b562daa8d8caa561b9b3738f2c806'), mapOptions);\n\n        var marker = new google.maps.Marker({\n          position: pos,\n          map: map\n        });\n\n      }\n\n      google.maps.event.addDomListener(window, 'load', initialize);\n    }\n    mapLocation();\n\n  })(jQuery);\n<\/script>","protected":false},"excerpt":{"rendered":"<p>Wesele Dolny \u015al\u0105sk? Oczywi\u015bcie! Sprawd\u017a, gdzie urz\u0105dzi\u0107 wymarzon\u0105 imprez\u0119. Dolny \u015al\u0105sk to region pe\u0142en obiekt\u00f3w idealnych na weselne uroczysto\u015bci. Dworki, zamki, pa\u0142ace, wille, restauracje i winnice. Tyle do wyboru! Podpowiemy, gdzie urz\u0105dzi\u0107 wesele na Dolnym \u015al\u0105sku. Gdzie szuka\u0107 sali weselnej? Takie pytanie cz\u0119sto zadaj\u0105 sobie narzeczeni, bo przecie\u017c jej znalezienie to pierwszy krok do wymarzonego [&hellip;]<\/p>\n","protected":false},"author":11,"featured_media":10378,"comment_status":"closed","ping_status":"closed","sticky":false,"template":"","format":"standard","meta":{"_acf_changed":false,"footnotes":""},"categories":[2,11],"class_list":["post-10345","post","type-post","status-publish","format-standard","has-post-thumbnail","hentry","category-porady","category-sala-weselna"],"acf":[],"yoast_head":"<!-- This site is optimized with the Yoast SEO plugin v27.4 - https:\/\/yoast.com\/product\/yoast-seo-wordpress\/ -->\n<title>Sala weselna Dolny \u015al\u0105sk | Korona Karkonoszy.pl<\/title>\n<meta name=\"description\" content=\"Sala weselna Dolny \u015al\u0105sk to idealne miejsce na Twoje przyj\u0119cie. Sale weselne w regionie zachwyc\u0105 go\u015bci i podkre\u015bl\u0105 charakter wesela.\" \/>\n<meta name=\"robots\" content=\"index, follow, max-snippet:-1, max-image-preview:large, max-video-preview:-1\" \/>\n<link rel=\"canonical\" href=\"https:\/\/www.koronakarkonoszy.pl\/blog\/wesele-na-dolnym-slasku\/\" \/>\n<meta property=\"og:locale\" content=\"pl_PL\" \/>\n<meta property=\"og:type\" content=\"article\" \/>\n<meta property=\"og:title\" content=\"Sala weselna Dolny \u015al\u0105sk | Korona Karkonoszy.pl\" \/>\n<meta property=\"og:description\" content=\"Sala weselna Dolny \u015al\u0105sk to idealne miejsce na Twoje przyj\u0119cie. Sale weselne w regionie zachwyc\u0105 go\u015bci i podkre\u015bl\u0105 charakter wesela.\" \/>\n<meta property=\"og:url\" content=\"https:\/\/www.koronakarkonoszy.pl\/blog\/wesele-na-dolnym-slasku\/\" \/>\n<meta property=\"og:site_name\" content=\":: Blog weselny\" \/>\n<meta property=\"article:published_time\" content=\"2024-01-31T17:14:29+00:00\" \/>\n<meta property=\"article:modified_time\" content=\"2025-05-23T11:48:39+00:00\" \/>\n<meta property=\"og:image\" content=\"https:\/\/www.koronakarkonoszy.pl\/blog\/wp-content\/uploads\/2023\/06\/zdjecie-567.jpg\" \/>\n\t<meta property=\"og:image:width\" content=\"1920\" \/>\n\t<meta property=\"og:image:height\" content=\"1280\" \/>\n\t<meta property=\"og:image:type\" content=\"image\/jpeg\" \/>\n<meta name=\"author\" content=\"agnieszka\" \/>\n<meta name=\"twitter:card\" content=\"summary_large_image\" \/>\n<meta name=\"twitter:label1\" content=\"Napisane przez\" \/>\n\t<meta name=\"twitter:data1\" content=\"agnieszka\" \/>\n\t<meta name=\"twitter:label2\" content=\"Szacowany czas czytania\" \/>\n\t<meta name=\"twitter:data2\" content=\"13 minut\" \/>\n<script type=\"application\/ld+json\" class=\"yoast-schema-graph\">{\"@context\":\"https:\\\/\\\/schema.org\",\"@graph\":[{\"@type\":\"Article\",\"@id\":\"https:\\\/\\\/www.koronakarkonoszy.pl\\\/blog\\\/wesele-na-dolnym-slasku\\\/#article\",\"isPartOf\":{\"@id\":\"https:\\\/\\\/www.koronakarkonoszy.pl\\\/blog\\\/wesele-na-dolnym-slasku\\\/\"},\"author\":{\"name\":\"agnieszka\",\"@id\":\"https:\\\/\\\/www.koronakarkonoszy.pl\\\/blog\\\/#\\\/schema\\\/person\\\/ec8c88bd01ebe6cbf6a16435ce22276f\"},\"headline\":\"Wesele na Dolnym \u015al\u0105sku\",\"datePublished\":\"2024-01-31T17:14:29+00:00\",\"dateModified\":\"2025-05-23T11:48:39+00:00\",\"mainEntityOfPage\":{\"@id\":\"https:\\\/\\\/www.koronakarkonoszy.pl\\\/blog\\\/wesele-na-dolnym-slasku\\\/\"},\"wordCount\":2562,\"image\":{\"@id\":\"https:\\\/\\\/www.koronakarkonoszy.pl\\\/blog\\\/wesele-na-dolnym-slasku\\\/#primaryimage\"},\"thumbnailUrl\":\"https:\\\/\\\/www.koronakarkonoszy.pl\\\/blog\\\/wp-content\\\/uploads\\\/2023\\\/06\\\/zdjecie-567.jpg\",\"articleSection\":[\"Porady\",\"Sala weselna\"],\"inLanguage\":\"pl-PL\"},{\"@type\":\"WebPage\",\"@id\":\"https:\\\/\\\/www.koronakarkonoszy.pl\\\/blog\\\/wesele-na-dolnym-slasku\\\/\",\"url\":\"https:\\\/\\\/www.koronakarkonoszy.pl\\\/blog\\\/wesele-na-dolnym-slasku\\\/\",\"name\":\"Sala weselna Dolny \u015al\u0105sk | Korona Karkonoszy.pl\",\"isPartOf\":{\"@id\":\"https:\\\/\\\/www.koronakarkonoszy.pl\\\/blog\\\/#website\"},\"primaryImageOfPage\":{\"@id\":\"https:\\\/\\\/www.koronakarkonoszy.pl\\\/blog\\\/wesele-na-dolnym-slasku\\\/#primaryimage\"},\"image\":{\"@id\":\"https:\\\/\\\/www.koronakarkonoszy.pl\\\/blog\\\/wesele-na-dolnym-slasku\\\/#primaryimage\"},\"thumbnailUrl\":\"https:\\\/\\\/www.koronakarkonoszy.pl\\\/blog\\\/wp-content\\\/uploads\\\/2023\\\/06\\\/zdjecie-567.jpg\",\"datePublished\":\"2024-01-31T17:14:29+00:00\",\"dateModified\":\"2025-05-23T11:48:39+00:00\",\"author\":{\"@id\":\"https:\\\/\\\/www.koronakarkonoszy.pl\\\/blog\\\/#\\\/schema\\\/person\\\/ec8c88bd01ebe6cbf6a16435ce22276f\"},\"description\":\"Sala weselna Dolny \u015al\u0105sk to idealne miejsce na Twoje przyj\u0119cie. Sale weselne w regionie zachwyc\u0105 go\u015bci i podkre\u015bl\u0105 charakter wesela.\",\"breadcrumb\":{\"@id\":\"https:\\\/\\\/www.koronakarkonoszy.pl\\\/blog\\\/wesele-na-dolnym-slasku\\\/#breadcrumb\"},\"inLanguage\":\"pl-PL\",\"potentialAction\":[{\"@type\":\"ReadAction\",\"target\":[\"https:\\\/\\\/www.koronakarkonoszy.pl\\\/blog\\\/wesele-na-dolnym-slasku\\\/\"]}]},{\"@type\":\"ImageObject\",\"inLanguage\":\"pl-PL\",\"@id\":\"https:\\\/\\\/www.koronakarkonoszy.pl\\\/blog\\\/wesele-na-dolnym-slasku\\\/#primaryimage\",\"url\":\"https:\\\/\\\/www.koronakarkonoszy.pl\\\/blog\\\/wp-content\\\/uploads\\\/2023\\\/06\\\/zdjecie-567.jpg\",\"contentUrl\":\"https:\\\/\\\/www.koronakarkonoszy.pl\\\/blog\\\/wp-content\\\/uploads\\\/2023\\\/06\\\/zdjecie-567.jpg\",\"width\":1920,\"height\":1280},{\"@type\":\"BreadcrumbList\",\"@id\":\"https:\\\/\\\/www.koronakarkonoszy.pl\\\/blog\\\/wesele-na-dolnym-slasku\\\/#breadcrumb\",\"itemListElement\":[{\"@type\":\"ListItem\",\"position\":1,\"name\":\"Strona g\u0142\u00f3wna\",\"item\":\"https:\\\/\\\/www.koronakarkonoszy.pl\\\/blog\\\/\"},{\"@type\":\"ListItem\",\"position\":2,\"name\":\"Wesele na Dolnym \u015al\u0105sku\"}]},{\"@type\":\"WebSite\",\"@id\":\"https:\\\/\\\/www.koronakarkonoszy.pl\\\/blog\\\/#website\",\"url\":\"https:\\\/\\\/www.koronakarkonoszy.pl\\\/blog\\\/\",\"name\":\":: Blog weselny\",\"description\":\"Blog weselny Dw\u00f3r Korona Karkonoszy\",\"potentialAction\":[{\"@type\":\"SearchAction\",\"target\":{\"@type\":\"EntryPoint\",\"urlTemplate\":\"https:\\\/\\\/www.koronakarkonoszy.pl\\\/blog\\\/?s={search_term_string}\"},\"query-input\":{\"@type\":\"PropertyValueSpecification\",\"valueRequired\":true,\"valueName\":\"search_term_string\"}}],\"inLanguage\":\"pl-PL\"},{\"@type\":\"Person\",\"@id\":\"https:\\\/\\\/www.koronakarkonoszy.pl\\\/blog\\\/#\\\/schema\\\/person\\\/ec8c88bd01ebe6cbf6a16435ce22276f\",\"name\":\"agnieszka\",\"image\":{\"@type\":\"ImageObject\",\"inLanguage\":\"pl-PL\",\"@id\":\"https:\\\/\\\/www.koronakarkonoszy.pl\\\/blog\\\/wp-content\\\/litespeed\\\/avatar\\\/53ee7b676463f74d0aea1a09de3d003b.jpg?ver=1776833699\",\"url\":\"https:\\\/\\\/www.koronakarkonoszy.pl\\\/blog\\\/wp-content\\\/litespeed\\\/avatar\\\/53ee7b676463f74d0aea1a09de3d003b.jpg?ver=1776833699\",\"contentUrl\":\"https:\\\/\\\/www.koronakarkonoszy.pl\\\/blog\\\/wp-content\\\/litespeed\\\/avatar\\\/53ee7b676463f74d0aea1a09de3d003b.jpg?ver=1776833699\",\"caption\":\"agnieszka\"},\"url\":\"https:\\\/\\\/www.koronakarkonoszy.pl\\\/blog\\\/author\\\/agnieszka\\\/\"}]}<\/script>\n<!-- \/ Yoast SEO plugin. -->","yoast_head_json":{"title":"Sala weselna Dolny \u015al\u0105sk | Korona Karkonoszy.pl","description":"Sala weselna Dolny \u015al\u0105sk to idealne miejsce na Twoje przyj\u0119cie. Sale weselne w regionie zachwyc\u0105 go\u015bci i podkre\u015bl\u0105 charakter wesela.","robots":{"index":"index","follow":"follow","max-snippet":"max-snippet:-1","max-image-preview":"max-image-preview:large","max-video-preview":"max-video-preview:-1"},"canonical":"https:\/\/www.koronakarkonoszy.pl\/blog\/wesele-na-dolnym-slasku\/","og_locale":"pl_PL","og_type":"article","og_title":"Sala weselna Dolny \u015al\u0105sk | Korona Karkonoszy.pl","og_description":"Sala weselna Dolny \u015al\u0105sk to idealne miejsce na Twoje przyj\u0119cie. Sale weselne w regionie zachwyc\u0105 go\u015bci i podkre\u015bl\u0105 charakter wesela.","og_url":"https:\/\/www.koronakarkonoszy.pl\/blog\/wesele-na-dolnym-slasku\/","og_site_name":":: Blog weselny","article_published_time":"2024-01-31T17:14:29+00:00","article_modified_time":"2025-05-23T11:48:39+00:00","og_image":[{"width":1920,"height":1280,"url":"https:\/\/www.koronakarkonoszy.pl\/blog\/wp-content\/uploads\/2023\/06\/zdjecie-567.jpg","type":"image\/jpeg"}],"author":"agnieszka","twitter_card":"summary_large_image","twitter_misc":{"Napisane przez":"agnieszka","Szacowany czas czytania":"13 minut"},"schema":{"@context":"https:\/\/schema.org","@graph":[{"@type":"Article","@id":"https:\/\/www.koronakarkonoszy.pl\/blog\/wesele-na-dolnym-slasku\/#article","isPartOf":{"@id":"https:\/\/www.koronakarkonoszy.pl\/blog\/wesele-na-dolnym-slasku\/"},"author":{"name":"agnieszka","@id":"https:\/\/www.koronakarkonoszy.pl\/blog\/#\/schema\/person\/ec8c88bd01ebe6cbf6a16435ce22276f"},"headline":"Wesele na Dolnym \u015al\u0105sku","datePublished":"2024-01-31T17:14:29+00:00","dateModified":"2025-05-23T11:48:39+00:00","mainEntityOfPage":{"@id":"https:\/\/www.koronakarkonoszy.pl\/blog\/wesele-na-dolnym-slasku\/"},"wordCount":2562,"image":{"@id":"https:\/\/www.koronakarkonoszy.pl\/blog\/wesele-na-dolnym-slasku\/#primaryimage"},"thumbnailUrl":"https:\/\/www.koronakarkonoszy.pl\/blog\/wp-content\/uploads\/2023\/06\/zdjecie-567.jpg","articleSection":["Porady","Sala weselna"],"inLanguage":"pl-PL"},{"@type":"WebPage","@id":"https:\/\/www.koronakarkonoszy.pl\/blog\/wesele-na-dolnym-slasku\/","url":"https:\/\/www.koronakarkonoszy.pl\/blog\/wesele-na-dolnym-slasku\/","name":"Sala weselna Dolny \u015al\u0105sk | Korona Karkonoszy.pl","isPartOf":{"@id":"https:\/\/www.koronakarkonoszy.pl\/blog\/#website"},"primaryImageOfPage":{"@id":"https:\/\/www.koronakarkonoszy.pl\/blog\/wesele-na-dolnym-slasku\/#primaryimage"},"image":{"@id":"https:\/\/www.koronakarkonoszy.pl\/blog\/wesele-na-dolnym-slasku\/#primaryimage"},"thumbnailUrl":"https:\/\/www.koronakarkonoszy.pl\/blog\/wp-content\/uploads\/2023\/06\/zdjecie-567.jpg","datePublished":"2024-01-31T17:14:29+00:00","dateModified":"2025-05-23T11:48:39+00:00","author":{"@id":"https:\/\/www.koronakarkonoszy.pl\/blog\/#\/schema\/person\/ec8c88bd01ebe6cbf6a16435ce22276f"},"description":"Sala weselna Dolny \u015al\u0105sk to idealne miejsce na Twoje przyj\u0119cie. Sale weselne w regionie zachwyc\u0105 go\u015bci i podkre\u015bl\u0105 charakter wesela.","breadcrumb":{"@id":"https:\/\/www.koronakarkonoszy.pl\/blog\/wesele-na-dolnym-slasku\/#breadcrumb"},"inLanguage":"pl-PL","potentialAction":[{"@type":"ReadAction","target":["https:\/\/www.koronakarkonoszy.pl\/blog\/wesele-na-dolnym-slasku\/"]}]},{"@type":"ImageObject","inLanguage":"pl-PL","@id":"https:\/\/www.koronakarkonoszy.pl\/blog\/wesele-na-dolnym-slasku\/#primaryimage","url":"https:\/\/www.koronakarkonoszy.pl\/blog\/wp-content\/uploads\/2023\/06\/zdjecie-567.jpg","contentUrl":"https:\/\/www.koronakarkonoszy.pl\/blog\/wp-content\/uploads\/2023\/06\/zdjecie-567.jpg","width":1920,"height":1280},{"@type":"BreadcrumbList","@id":"https:\/\/www.koronakarkonoszy.pl\/blog\/wesele-na-dolnym-slasku\/#breadcrumb","itemListElement":[{"@type":"ListItem","position":1,"name":"Strona g\u0142\u00f3wna","item":"https:\/\/www.koronakarkonoszy.pl\/blog\/"},{"@type":"ListItem","position":2,"name":"Wesele na Dolnym \u015al\u0105sku"}]},{"@type":"WebSite","@id":"https:\/\/www.koronakarkonoszy.pl\/blog\/#website","url":"https:\/\/www.koronakarkonoszy.pl\/blog\/","name":":: Blog weselny","description":"Blog weselny Dw\u00f3r Korona Karkonoszy","potentialAction":[{"@type":"SearchAction","target":{"@type":"EntryPoint","urlTemplate":"https:\/\/www.koronakarkonoszy.pl\/blog\/?s={search_term_string}"},"query-input":{"@type":"PropertyValueSpecification","valueRequired":true,"valueName":"search_term_string"}}],"inLanguage":"pl-PL"},{"@type":"Person","@id":"https:\/\/www.koronakarkonoszy.pl\/blog\/#\/schema\/person\/ec8c88bd01ebe6cbf6a16435ce22276f","name":"agnieszka","image":{"@type":"ImageObject","inLanguage":"pl-PL","@id":"https:\/\/www.koronakarkonoszy.pl\/blog\/wp-content\/litespeed\/avatar\/53ee7b676463f74d0aea1a09de3d003b.jpg?ver=1776833699","url":"https:\/\/www.koronakarkonoszy.pl\/blog\/wp-content\/litespeed\/avatar\/53ee7b676463f74d0aea1a09de3d003b.jpg?ver=1776833699","contentUrl":"https:\/\/www.koronakarkonoszy.pl\/blog\/wp-content\/litespeed\/avatar\/53ee7b676463f74d0aea1a09de3d003b.jpg?ver=1776833699","caption":"agnieszka"},"url":"https:\/\/www.koronakarkonoszy.pl\/blog\/author\/agnieszka\/"}]}},"_links":{"self":[{"href":"https:\/\/www.koronakarkonoszy.pl\/blog\/wp-json\/wp\/v2\/posts\/10345","targetHints":{"allow":["GET"]}}],"collection":[{"href":"https:\/\/www.koronakarkonoszy.pl\/blog\/wp-json\/wp\/v2\/posts"}],"about":[{"href":"https:\/\/www.koronakarkonoszy.pl\/blog\/wp-json\/wp\/v2\/types\/post"}],"author":[{"embeddable":true,"href":"https:\/\/www.koronakarkonoszy.pl\/blog\/wp-json\/wp\/v2\/users\/11"}],"replies":[{"embeddable":true,"href":"https:\/\/www.koronakarkonoszy.pl\/blog\/wp-json\/wp\/v2\/comments?post=10345"}],"version-history":[{"count":10,"href":"https:\/\/www.koronakarkonoszy.pl\/blog\/wp-json\/wp\/v2\/posts\/10345\/revisions"}],"predecessor-version":[{"id":11746,"href":"https:\/\/www.koronakarkonoszy.pl\/blog\/wp-json\/wp\/v2\/posts\/10345\/revisions\/11746"}],"wp:featuredmedia":[{"embeddable":true,"href":"https:\/\/www.koronakarkonoszy.pl\/blog\/wp-json\/wp\/v2\/media\/10378"}],"wp:attachment":[{"href":"https:\/\/www.koronakarkonoszy.pl\/blog\/wp-json\/wp\/v2\/media?parent=10345"}],"wp:term":[{"taxonomy":"category","embeddable":true,"href":"https:\/\/www.koronakarkonoszy.pl\/blog\/wp-json\/wp\/v2\/categories?post=10345"}],"curies":[{"name":"wp","href":"https:\/\/api.w.org\/{rel}","templated":true}]}}