{"id":1016,"date":"2021-07-05T12:43:00","date_gmt":"2021-07-05T10:43:00","guid":{"rendered":"https:\/\/www.koronakarkonoszy.pl\/blog\/?p=1016"},"modified":"2023-02-09T19:39:39","modified_gmt":"2023-02-09T18:39:39","slug":"jak-zorganizowac-wesele-na-zewnatrz","status":"publish","type":"post","link":"https:\/\/www.koronakarkonoszy.pl\/blog\/jak-zorganizowac-wesele-na-zewnatrz\/","title":{"rendered":"Jak zorganizowa\u0107 wesele na zewn\u0105trz?"},"content":{"rendered":"\n<p><strong>Wesele w plenerze to marzenie wielu par. Jednak zwykle chodzi o sam \u015blub. Ogrodowe przyj\u0119cia maj\u0105 w sobie co\u015b magicznego. Blisko\u015b\u0107 przyrody tworzy wyj\u0105tkow\u0105, romantyczn\u0105 aur\u0119, idealn\u0105 do&nbsp;celebrowania wst\u0105pienia w zwi\u0105zek ma\u0142\u017ce\u0144ski dw\u00f3ch kochaj\u0105cych si\u0119 os\u00f3b. <a href=\"https:\/\/www.koronakarkonoszy.pl\/blog\/jak-zorganizowac-przyjecie-weselne-na-30-osob\/\" class=\"links-placer\">Jak zorganizowa\u0107 wesele<\/a> na zewn\u0105trz? I dlaczego w plenerze warto powinny si\u0119 odby\u0107 tylko niekt\u00f3re element imprezy? Wyja\u015bniamy.<\/strong>&nbsp;<\/p>\n\n\n<div id=\"ariadna-block_6ca02bec9c349c481056e408b4202b21\" class=\"ariadna\">\r\n    <ul><li><a href=\"#h-zalety-wesela-na-zewn-trz\">Zalety wesela na zewn\u0105trz&nbsp;<\/a><\/li><li><a href=\"#h-klucz-do-sukcesu-idealne-miejsce-na-wesele-na-zewn-trz\">Klucz do sukcesu \u2013 idealne miejsce na&nbsp;wesele na zewn\u0105trz&nbsp;<\/a><\/li><li><a href=\"#h-spos-b-na-wyj-tkowy-klimat-czyli-odpowiednie-dekoracje\">Spos\u00f3b na wyj\u0105tkowy klimat, czyli odpowiednie dekoracje&nbsp;<\/a><\/li><li><a href=\"#ha-marzysz-o-slubie-jak-z-bajki\">Marzysz o \u015blubie jak z bajki?<\/a><\/li><li><a href=\"#h-jakie-jedzenie-na-wesele-na-zewn-trz-b-dzie-najlepsze\">Jakie jedzenie na wesele na zewn\u0105trz b\u0119dzie najlepsze?&nbsp;<\/a><\/li><li><a href=\"#h-o-czym-jeszcze-warto-pami-ta\">O czym jeszcze warto pami\u0119ta\u0107?<\/a><\/li><\/ul>\r\n<\/div>\r\n\r\n\r\n\r\n\n\n\n<h2 class=\"wp-block-heading\" id=\"h-zalety-wesela-na-zewn-trz\">Zalety wesela na zewn\u0105trz&nbsp;<\/h2>\n\n\n\n<p>Wesele w plenerze ma wiele&nbsp;zalet. Na pocz\u0105tku jednak warto zaznaczy\u0107, \u017ce to tylko element imprezy, a jej \u201czasadnicza\u201d cz\u0119\u015b\u0107 ma miejsce wewn\u0105trz. Zwykle w ogrodzie odbywa si\u0119 \u015blub &#8211; cywilny lub humanistyczny. Po nim mog\u0105 nast\u0105pi\u0107 toasty i pocz\u0119stunek &#8211; nadal w plenerze. Wszystko trwa&nbsp;ok. 2-3 godziny. I mimo, \u017ce wesele na zewn\u0105trz to marzenie wielu par m\u0142odych, warto zawierzy\u0107 ekspertom i by\u0107 przygotowanym na wariant B.&nbsp;<\/p>\n\n\n\n<p><a href=\"https:\/\/www.koronakarkonoszy.pl\/blog\/trendy-slubne-wesele-w-stylu-vintage\/\" target=\"_blank\" rel=\"noreferrer noopener\">Trendy \u015blubne<\/a>&nbsp;powracaj\u0105 i odchodz\u0105. Co sprawia, \u017ce wesela na zewn\u0105trz ciesz\u0105 si\u0119 du\u017cym zainteresowaniem? Po pierwsze to dzi\u0119ki niesamowitej aurze takiego przyj\u0119cia, kt\u00f3re mo\u017ce by\u0107 niezwykle bajeczne i romantyczne. Pi\u0119kna, zielona przestrze\u0144 zapewni go\u015bciom uczucie spokoju&nbsp;i harmonii, a weselu nada nietuzinkowy charakter.&nbsp;<\/p>\n\n\n\n<p>Kolejny atut? Naturalna ro\u015blinno\u015b\u0107 to praktycznie gotowy motyw przewodni. Aura panuj\u0105ca w ogrodzie z pewno\u015bci\u0105 przypadnie do gustu wszystkim mi\u0142o\u015bnikom lekkiego, subtelnego stylu, a tak\u017ce tak obecnie modnego stylu&nbsp;boho. Wyj\u0105tkowa przyroda tworzy tak\u017ce pi\u0119kne t\u0142o do \u015blubnych zdj\u0119\u0107.&nbsp;<\/p>\n\n\n\n<p>Wesele w plenerze daje szerokie pole do popisu w kwestii atrakcji dla go\u015bci. Przestronna przestrze\u0144 umo\u017cliwia przeprowadzenie wielu ciekawych zabaw, kt\u00f3re wygeneruj\u0105 mn\u00f3stwo niezapomnianych wspomnie\u0144.&nbsp;<\/p>\n\n\n\n<h2 class=\"wp-block-heading\" id=\"h-klucz-do-sukcesu-idealne-miejsce-na-wesele-na-zewn-trz\">Klucz do sukcesu \u2013 idealne miejsce na&nbsp;wesele na zewn\u0105trz&nbsp;<\/h2>\n\n\n\n<p>Kiedy zamkniemy oczy i spr\u00f3bujemy wyobrazi\u0107 sobie idealne miejsce na wesele na zewn\u0105trz, widzimy&nbsp;mn\u00f3stwo wyj\u0105tkowej zieleni, idealnie przystrzy\u017cone krzewy, pi\u0119kne kwiaty o subtelnej kolorystyce oraz promienie s\u0142o\u0144ca, o\u015bwietlaj\u0105ce niepowtarzalne, delikatne dekoracje, kt\u00f3re doskonale komponuj\u0105 si\u0119 z otaczaj\u0105c\u0105 je aur\u0105. Nad nami unosi si\u0119 zapach wy\u015bmienitego jedzenia przygotowanego przez do\u015bwiadczonego szefa kuchni, a w tle s\u0142yszymy nasz\u0105 ulubion\u0105 muzyk\u0119, \u015bmiechy go\u015bci i rozmowy o wszystkim, i o niczym. Wesele na zewn\u0105trz mo\u017ce by\u0107 naprawd\u0119 magiczne. Grunt to wybra\u0107 odpowiednie miejsce!&nbsp;<\/p>\n\n\n<section id=\"leonardo-block_126340d77ec516799cb0d75c929d8812\" class=\"leonardo page-breaker leonardo-image-left\">\r\n    <div class=\"leonardo-body\">\r\n                <div class=\"leonardo-content\"><p><span class=\"TextRun SCXW114945874 BCX0\" lang=\"PL-PL\" xml:lang=\"PL-PL\" data-contrast=\"auto\"><span class=\"NormalTextRun SCXW114945874 BCX0\">Doskona\u0142ym pomys\u0142<\/span><span class=\"NormalTextRun SCXW114945874 BCX0\">em jest organizacja wesela w ogrodzie przynale\u017c\u0105cym do dworku lub hotelu. Zadbany ogr\u00f3d to pi\u0119kna, bajeczna lokalizacja na <a href=\"https:\/\/www.koronakarkonoszy.pl\/blog\/jak-zorganizowac-przyjecie-weselne-na-30-osob\/\" class=\"links-placer\">przyj\u0119cie weselne<\/a>. Ogromnym plusem wesela w takim miejscu jest dost\u0119pno\u015b\u0107 obs\u0142ugi, kuchni oraz odpowiednich mebli, kt\u00f3re s\u0105 na wyposa<\/span><\/span><span class=\"TextRun SCXW114945874 BCX0\" lang=\"PL-PL\" xml:lang=\"PL-PL\" data-contrast=\"auto\"><span class=\"NormalTextRun SCXW114945874 BCX0\">\u017ceniu hotelu. Nie trzeba zamawia\u0107 dodatkowego cateringu, zatrudnia\u0107 kelner\u00f3w czy organizowa\u0107 sto\u0142\u00f3w, krzese\u0142 itd. <a href=\"https:\/\/www.koronakarkonoszy.pl\/blog\/wesele-w-ogrodzie\/\" class=\"links-placer\">Wesele w ogrodzie<\/a> przy dworku to r\u00f3wnie\u017c mo\u017cliwo\u015b\u0107 wynaj\u0119cia miejsc noclegowych dla go\u015bci.<\/span><\/span><span class=\"EOP SCXW114945874 BCX0\" data-ccp-props=\"{&quot;335551550&quot;:6,&quot;335551620&quot;:6}\">\u00a0<\/span><\/p>\n<\/div>\r\n                    <aside class=\"leonardo-interlink\">\r\n                <b>Polecamy<\/b>\r\n                <a href=\"https:\/\/www.koronakarkonoszy.pl\/blog\/ile-kosztuje-wesele-jak-z-bajki\/\">Ile kosztuje wesele jak z bajki?<\/a>\r\n            <\/aside>\r\n            <\/div>\r\n    <div class=\"leonardo-image\">\r\n        <img loading=\"lazy\" decoding=\"async\" width=\"1280\" height=\"853\" src=\"https:\/\/www.koronakarkonoszy.pl\/blog\/wp-content\/uploads\/2021\/07\/wesele-na-zewnatrz1.jpg\" class=\"attachment-full size-full\" alt=\"\" srcset=\"https:\/\/www.koronakarkonoszy.pl\/blog\/wp-content\/uploads\/2021\/07\/wesele-na-zewnatrz1.jpg 1280w, https:\/\/www.koronakarkonoszy.pl\/blog\/wp-content\/uploads\/2021\/07\/wesele-na-zewnatrz1-300x200.jpg 300w, https:\/\/www.koronakarkonoszy.pl\/blog\/wp-content\/uploads\/2021\/07\/wesele-na-zewnatrz1-1024x682.jpg 1024w, https:\/\/www.koronakarkonoszy.pl\/blog\/wp-content\/uploads\/2021\/07\/wesele-na-zewnatrz1-768x512.jpg 768w\" sizes=\"auto, (max-width: 1280px) 100vw, 1280px\" \/>            <\/div>\r\n<\/section>\n\n\n<p>Wymarzonym miejscem na powiedzenie sobie sakramentalnego TAK, jest ogr\u00f3d r\u00f3\u017cany z fontann\u0105, atrakcja, kt\u00f3r\u0105 oferuje&nbsp;<a href=\"https:\/\/www.koronakarkonoszy.pl\/\" target=\"_blank\" rel=\"noreferrer noopener\">Dw\u00f3r Korona Karkonoszy<\/a>. To perfekcyjna lokalizacja, nie tylko na <a href=\"https:\/\/www.koronakarkonoszy.pl\/blog\/jak-zorganizowac-przyjecie-weselne-na-30-osob\/\" class=\"links-placer\">kameralne przyj\u0119cie weselne<\/a>. Kawiarnia mo\u017ce pomie\u015bci\u0107 nawet do 50&nbsp;os\u00f3b. W ogrodzie znajduje si\u0119 ponad 100 gatunk\u00f3w ro\u015blin, kt\u00f3re czyni\u0105 go prawdziwie niepowtarzalnym, malowniczym miejscem.&nbsp;<\/p>\n\n\n\n<h2 class=\"wp-block-heading\" id=\"h-spos-b-na-wyj-tkowy-klimat-czyli-odpowiednie-dekoracje\">Spos\u00f3b na wyj\u0105tkowy klimat, czyli odpowiednie dekoracje&nbsp;<\/h2>\n\n\n\n<p>Kolorowe kwiaty, idealnie przystrzy\u017cone krzewy oraz r\u00f3\u017cnorodne drzewa ju\u017c&nbsp;same w sobie s\u0105 wspania\u0142\u0105 ozdob\u0105 przyj\u0119cia weselnego. Jednak ka\u017cda Para M\u0142oda pragnie, aby jej wesele by\u0142o jedyne w swoim rodzaju \u2013 dlatego dekoracje r\u00f3wnie\u017c musz\u0105 takie by\u0107.&nbsp;<\/p>\n\n\n\n<p>\u015awietnym pomys\u0142em jest organizacja plenerowego wesela w stylu rustykalnym. Rustykalne, czyli zwi\u0105zane ze wsi\u0105. Jest to styl wiejski, ludowy, w kt\u00f3rym kr\u00f3luje minimalizm. G\u0142\u00f3wn\u0105 rol\u0119 odgrywaj\u0105 naturalne materia\u0142y i r\u0119cznie robione przedmioty.&nbsp;<a href=\"https:\/\/www.koronakarkonoszy.pl\/blog\/urocze-i-sielskie-wesele-folkowe\/\" target=\"_blank\" rel=\"noreferrer noopener\">Wesele folkowe<\/a>&nbsp;pozwala czerpa\u0107 z polskich tradycji i historii regionu.&nbsp;Na takim przyj\u0119ciu doskonale sprawdz\u0105 si\u0119 subtelne dekoracje wykonane z drewna \u2013 np. drewniane skrzynki na kwiaty, czy te\u017c drewniany&nbsp;topper&nbsp;na tort. Na sto\u0142ach nie mo\u017ce zabrakn\u0105\u0107 delikatnych kompozycji kwiatowych w kolorach zieleni, bieli i \u00e9cru. Dope\u0142nieniem wystroju w rustykalnym stylu b\u0119d\u0105 koronkowe serwetki, lampiony, wiklinowe dodatki oraz ozdoby z jutowych sznurk\u00f3w.&nbsp;<\/p>\n\n\n<section id=\"ctaninja-block_cdce7c0166346be155484a7422be9b9b\" class=\"ctaninja\">\r\n    <div class=\"ctaninja-body\">\r\n        <h2 class=\"h1\" id=\"ha-marzysz-o-slubie-jak-z-bajki\">Marzysz o \u015blubie jak z bajki?<\/h2>\r\n        <p>Wiemy, jak go zorganizowa\u0107!<\/p>\r\n        <div class=\"nf-container\">\r\n            <noscript class=\"ninja-forms-noscript-message\">\n\tUwaga: ta zawarto\u015b\u0107 wymaga obs\u0142ugi j\u0119zyka JavaScript.<\/noscript>\n<div id=\"nf-form-1-cont\" class=\"nf-form-cont\" aria-live=\"polite\" aria-labelledby=\"nf-form-title-1\" aria-describedby=\"nf-form-errors-1\" role=\"form\">\n\n    <div class=\"nf-loading-spinner\"><\/div>\n\n<\/div>\n        <!-- That data is being printed as a workaround to page builders reordering the order of the scripts loaded-->\n        <script>var formDisplay=1;var nfForms=nfForms||[];var form=[];form.id='1';form.settings={\"objectType\":\"Form Setting\",\"editActive\":\"\",\"title\":\"Contact Me\",\"key\":\"\",\"created_at\":\"2021-05-31 16:57:05\",\"default_label_pos\":\"above\",\"conditions\":[],\"show_title\":\"1\",\"clear_complete\":\"1\",\"hide_complete\":\"1\",\"wrapper_class\":\"\",\"element_class\":\"\",\"add_submit\":\"1\",\"logged_in\":\"\",\"not_logged_in_msg\":\"\",\"sub_limit_number\":\"\",\"sub_limit_msg\":\"\",\"calculations\":[],\"formContentData\":[{\"order\":1,\"cells\":[{\"order\":0,\"fields\":[\"email\"],\"width\":50},{\"order\":1,\"fields\":[\"wyslij_1640001513358\"],\"width\":50}]}],\"container_styles_background-color\":\"\",\"container_styles_border\":\"\",\"container_styles_border-style\":\"\",\"container_styles_border-color\":\"\",\"container_styles_color\":\"\",\"container_styles_height\":\"\",\"container_styles_width\":\"\",\"container_styles_font-size\":\"\",\"container_styles_margin\":\"\",\"container_styles_padding\":\"\",\"container_styles_display\":\"\",\"container_styles_float\":\"\",\"container_styles_show_advanced_css\":\"0\",\"container_styles_advanced\":\"\",\"title_styles_background-color\":\"\",\"title_styles_border\":\"\",\"title_styles_border-style\":\"\",\"title_styles_border-color\":\"\",\"title_styles_color\":\"\",\"title_styles_height\":\"\",\"title_styles_width\":\"\",\"title_styles_font-size\":\"\",\"title_styles_margin\":\"\",\"title_styles_padding\":\"\",\"title_styles_display\":\"\",\"title_styles_float\":\"\",\"title_styles_show_advanced_css\":\"0\",\"title_styles_advanced\":\"\",\"row_styles_background-color\":\"\",\"row_styles_border\":\"\",\"row_styles_border-style\":\"\",\"row_styles_border-color\":\"\",\"row_styles_color\":\"\",\"row_styles_height\":\"\",\"row_styles_width\":\"\",\"row_styles_font-size\":\"\",\"row_styles_margin\":\"\",\"row_styles_padding\":\"\",\"row_styles_display\":\"\",\"row_styles_show_advanced_css\":\"0\",\"row_styles_advanced\":\"\",\"row-odd_styles_background-color\":\"\",\"row-odd_styles_border\":\"\",\"row-odd_styles_border-style\":\"\",\"row-odd_styles_border-color\":\"\",\"row-odd_styles_color\":\"\",\"row-odd_styles_height\":\"\",\"row-odd_styles_width\":\"\",\"row-odd_styles_font-size\":\"\",\"row-odd_styles_margin\":\"\",\"row-odd_styles_padding\":\"\",\"row-odd_styles_display\":\"\",\"row-odd_styles_show_advanced_css\":\"0\",\"row-odd_styles_advanced\":\"\",\"success-msg_styles_background-color\":\"\",\"success-msg_styles_border\":\"\",\"success-msg_styles_border-style\":\"\",\"success-msg_styles_border-color\":\"\",\"success-msg_styles_color\":\"\",\"success-msg_styles_height\":\"\",\"success-msg_styles_width\":\"\",\"success-msg_styles_font-size\":\"\",\"success-msg_styles_margin\":\"\",\"success-msg_styles_padding\":\"\",\"success-msg_styles_display\":\"\",\"success-msg_styles_show_advanced_css\":\"0\",\"success-msg_styles_advanced\":\"\",\"error_msg_styles_background-color\":\"\",\"error_msg_styles_border\":\"\",\"error_msg_styles_border-style\":\"\",\"error_msg_styles_border-color\":\"\",\"error_msg_styles_color\":\"\",\"error_msg_styles_height\":\"\",\"error_msg_styles_width\":\"\",\"error_msg_styles_font-size\":\"\",\"error_msg_styles_margin\":\"\",\"error_msg_styles_padding\":\"\",\"error_msg_styles_display\":\"\",\"error_msg_styles_show_advanced_css\":\"0\",\"error_msg_styles_advanced\":\"\",\"allow_public_link\":0,\"embed_form\":\"\",\"currency\":\"\",\"repeatable_fieldsets\":\"\",\"unique_field_error\":\"Formularz z t\\u0105 warto\\u015bci\\u0105 zosta\\u0142 ju\\u017c przes\\u0142any.\",\"ninjaForms\":\"Ninja Forms\",\"changeEmailErrorMsg\":\"Wprowad\\u017a prawid\\u0142owy adres e-mail!\",\"changeDateErrorMsg\":\"Prosz\\u0119 wpisa\\u0107 prawid\\u0142ow\\u0105 dat\\u0119!\",\"confirmFieldErrorMsg\":\"Te pola musz\\u0105 si\\u0119 zgadza\\u0107!\",\"fieldNumberNumMinError\":\"B\\u0142\\u0105d \\u2014 liczba minimalna\",\"fieldNumberNumMaxError\":\"B\\u0142\\u0105d \\u2014 liczba maksymalna\",\"fieldNumberIncrementBy\":\"Zwi\\u0119ksz o \",\"fieldTextareaRTEInsertLink\":\"Wstaw odno\\u015bnik\",\"fieldTextareaRTEInsertMedia\":\"Wstaw media\",\"fieldTextareaRTESelectAFile\":\"Wybierz plik\",\"formErrorsCorrectErrors\":\"Popraw b\\u0142\\u0119dy, zanim prze\\u015blesz formularz.\",\"formHoneypot\":\"Je\\u015bli jeste\\u015b cz\\u0142owiekiem i widzisz to pole, nie wype\\u0142niaj go.\",\"validateRequiredField\":\"To jest wymagane pole.\",\"honeypotHoneypotError\":\"B\\u0142\\u0105d Honeypot\",\"fileUploadOldCodeFileUploadInProgress\":\"Przesy\\u0142anie pliku w toku.\",\"fileUploadOldCodeFileUpload\":\"PRZESY\\u0141ANIE PLIKU\",\"currencySymbol\":\"&#36;\",\"fieldsMarkedRequired\":\"Pola oznaczone znakiem <span class=\\\"ninja-forms-req-symbol\\\">*<\\\/span> s\\u0105 wymagane\",\"thousands_sep\":\"&nbsp;\",\"decimal_point\":\",\",\"siteLocale\":\"pl_PL\",\"dateFormat\":\"m\\\/d\\\/Y\",\"startOfWeek\":\"1\",\"of\":\"z\",\"previousMonth\":\"Poprzedni miesi\\u0105c\",\"nextMonth\":\"Nast\\u0119pny miesi\\u0105c\",\"months\":[\"Stycze\\u0144\",\"Luty\",\"Marzec\",\"Kwiecie\\u0144\",\"Maj\",\"Czerwiec\",\"Lipiec\",\"Sierpie\\u0144\",\"Wrzesie\\u0144\",\"Pa\\u017adziernik\",\"Listopad\",\"Grudzie\\u0144\"],\"monthsShort\":[\"Sty\",\"Lut\",\"Mar\",\"Kw\",\"Maj\",\"Cze\",\"Lip\",\"Sie\",\"Wrz\",\"Pa\\u017a\",\"Lis\",\"Gru\"],\"weekdays\":[\"Niedziela\",\"Poniedzia\\u0142ek\",\"Wtorek\",\"\\u015aroda\",\"Czwartek\",\"Pi\\u0105tek\",\"Sobota\"],\"weekdaysShort\":[\"Niedz\",\"Pon\",\"Wt\",\"\\u015ar\",\"Czw\",\"Pt\",\"Sob\"],\"weekdaysMin\":[\"Niedz\",\"Pon\",\"Wt\",\"\\u015ar\",\"Czw\",\"Pt\",\"Sob\"],\"recaptchaConsentMissing\":\"reCaptcha validation couldn&#039;t load.\",\"recaptchaMissingCookie\":\"reCaptcha v3 validation couldn&#039;t load the cookie needed to submit the form.\",\"recaptchaConsentEvent\":\"Accept reCaptcha cookies before sending the form.\",\"currency_symbol\":\"\",\"beforeForm\":\"\",\"beforeFields\":\"\",\"afterFields\":\"\",\"afterForm\":\"\"};form.fields=[{\"objectType\":\"Field\",\"objectDomain\":\"fields\",\"editActive\":false,\"order\":1,\"idAttribute\":\"id\",\"label\":\"Email\",\"key\":\"email\",\"type\":\"email\",\"created_at\":\"2021-05-31 16:57:06\",\"label_pos\":\"above\",\"required\":1,\"placeholder\":\"Podaj maila, skontaktujemy si\\u0119 z Tob\\u0105\",\"default\":\"\",\"wrapper_class\":\"\",\"element_class\":\"\",\"container_class\":\"\",\"admin_label\":\"\",\"help_text\":\"\",\"desc_text\":\"\",\"wrap_styles_background-color\":\"\",\"wrap_styles_border\":\"\",\"wrap_styles_border-style\":\"\",\"wrap_styles_border-color\":\"\",\"wrap_styles_color\":\"\",\"wrap_styles_height\":\"\",\"wrap_styles_width\":\"\",\"wrap_styles_font-size\":\"\",\"wrap_styles_margin\":\"\",\"wrap_styles_padding\":\"\",\"wrap_styles_display\":\"\",\"wrap_styles_float\":\"\",\"wrap_styles_show_advanced_css\":0,\"wrap_styles_advanced\":\"\",\"label_styles_background-color\":\"\",\"label_styles_border\":\"\",\"label_styles_border-style\":\"\",\"label_styles_border-color\":\"\",\"label_styles_color\":\"\",\"label_styles_height\":\"\",\"label_styles_width\":\"\",\"label_styles_font-size\":\"\",\"label_styles_margin\":\"\",\"label_styles_padding\":\"\",\"label_styles_display\":\"\",\"label_styles_float\":\"\",\"label_styles_show_advanced_css\":0,\"label_styles_advanced\":\"\",\"element_styles_background-color\":\"\",\"element_styles_border\":\"\",\"element_styles_border-style\":\"\",\"element_styles_border-color\":\"\",\"element_styles_color\":\"\",\"element_styles_height\":\"\",\"element_styles_width\":\"\",\"element_styles_font-size\":\"\",\"element_styles_margin\":\"\",\"element_styles_padding\":\"\",\"element_styles_display\":\"\",\"element_styles_float\":\"\",\"element_styles_show_advanced_css\":0,\"element_styles_advanced\":\"\",\"cellcid\":\"c3375\",\"custom_name_attribute\":\"email\",\"personally_identifiable\":1,\"value\":\"\",\"drawerDisabled\":false,\"id\":2,\"beforeField\":\"\",\"afterField\":\"\",\"parentType\":\"email\",\"element_templates\":[\"email\",\"input\"],\"old_classname\":\"\",\"wrap_template\":\"wrap\"},{\"objectType\":\"Field\",\"objectDomain\":\"fields\",\"editActive\":false,\"order\":2,\"idAttribute\":\"id\",\"label\":\"Wy\\u015blij\",\"key\":\"wyslij_1640001513358\",\"type\":\"submit\",\"created_at\":\"2021-05-31 16:57:06\",\"processing_label\":\"Wysy\\u0142anie...\",\"container_class\":\"\",\"element_class\":\"\",\"wrap_styles_background-color\":\"\",\"wrap_styles_border\":\"\",\"wrap_styles_border-style\":\"\",\"wrap_styles_border-color\":\"\",\"wrap_styles_color\":\"\",\"wrap_styles_height\":\"\",\"wrap_styles_width\":\"\",\"wrap_styles_font-size\":\"\",\"wrap_styles_margin\":\"\",\"wrap_styles_padding\":\"\",\"wrap_styles_display\":\"\",\"wrap_styles_float\":\"\",\"wrap_styles_show_advanced_css\":0,\"wrap_styles_advanced\":\"\",\"label_styles_background-color\":\"\",\"label_styles_border\":\"\",\"label_styles_border-style\":\"\",\"label_styles_border-color\":\"\",\"label_styles_color\":\"\",\"label_styles_height\":\"\",\"label_styles_width\":\"\",\"label_styles_font-size\":\"\",\"label_styles_margin\":\"\",\"label_styles_padding\":\"\",\"label_styles_display\":\"\",\"label_styles_float\":\"\",\"label_styles_show_advanced_css\":0,\"label_styles_advanced\":\"\",\"element_styles_background-color\":\"\",\"element_styles_border\":\"\",\"element_styles_border-style\":\"\",\"element_styles_border-color\":\"\",\"element_styles_color\":\"\",\"element_styles_height\":\"\",\"element_styles_width\":\"\",\"element_styles_font-size\":\"\",\"element_styles_margin\":\"\",\"element_styles_padding\":\"\",\"element_styles_display\":\"\",\"element_styles_float\":\"\",\"element_styles_show_advanced_css\":0,\"element_styles_advanced\":\"\",\"submit_element_hover_styles_background-color\":\"\",\"submit_element_hover_styles_border\":\"\",\"submit_element_hover_styles_border-style\":\"\",\"submit_element_hover_styles_border-color\":\"\",\"submit_element_hover_styles_color\":\"\",\"submit_element_hover_styles_height\":\"\",\"submit_element_hover_styles_width\":\"\",\"submit_element_hover_styles_font-size\":\"\",\"submit_element_hover_styles_margin\":\"\",\"submit_element_hover_styles_padding\":\"\",\"submit_element_hover_styles_display\":\"\",\"submit_element_hover_styles_float\":\"\",\"submit_element_hover_styles_show_advanced_css\":0,\"submit_element_hover_styles_advanced\":\"\",\"cellcid\":\"c3378\",\"drawerDisabled\":false,\"id\":4,\"beforeField\":\"\",\"afterField\":\"\",\"value\":\"\",\"label_pos\":\"above\",\"parentType\":\"textbox\",\"element_templates\":[\"submit\",\"button\",\"input\"],\"old_classname\":\"\",\"wrap_template\":\"wrap-no-label\"}];nfForms.push(form);<\/script>\n                <script id=\"nf-tmpl-cell\" type=\"text\/template\">\n            <nf-fields><\/nf-fields>\n        <\/script>\n\n        <script id=\"nf-tmpl-row\" type=\"text\/template\">\n            <nf-cells><\/nf-cells>\n        <\/script>\n\n                <\/div>\r\n    <\/div>\r\n    <div class=\"ctaninja-onm ctaninja-onm-1 rbg\"><\/div>\r\n    <div class=\"ctaninja-onm ctaninja-onm-2 rbg\"><\/div>\r\n<\/section>\n\n\n<h2 class=\"wp-block-heading\" id=\"h-jakie-jedzenie-na-wesele-na-zewn-trz-b-dzie-najlepsze\">Jakie jedzenie na wesele na zewn\u0105trz b\u0119dzie najlepsze?&nbsp;<\/h2>\n\n\n\n<p>Catering to jeden z najwa\u017cniejszych element\u00f3w przyj\u0119cia weselnego. Menu plenerowego wesela powinno by\u0107 rozs\u0105dne i dobrze zaplanowane. Zimne przek\u0105ski, lody oraz dania z du\u017c\u0105 ilo\u015bci\u0105 nabia\u0142u mog\u0105 si\u0119 nie sprawdzi\u0107 \u2013 szczeg\u00f3lnie je\u015bli na dzie\u0144 \u015blubu zapowiadany jest upa\u0142. Tak samo jest w przypadku ciast i deser\u00f3w z bardzo s\u0142odkimi kremami. Takie przysmaki mog\u0105 przyci\u0105ga\u0107 owady. Na plenerowe wesele doskonale sprawdz\u0105 si\u0119 dania z grilla. Nie mo\u017cna zapomnie\u0107 r\u00f3wnie\u017c o orze\u017awiaj\u0105cych drinkach.&nbsp;<br>&nbsp;<br>Plusem organizacji wesela w ogrodzie przynale\u017c\u0105cym do dworku lub hotelu jest to, \u017ce nie trzeba zamawia\u0107 dodatkowego cateringu. Dw\u00f3r Korona Karkonoszy udost\u0119pnia list\u0119 ponad&nbsp;300 wykwintnych da\u0144&nbsp;tworzonych ze starannie wyselekcjonowanych sk\u0142adnik\u00f3w. W menu znajdziemy zar\u00f3wno delikatnie&nbsp;rozp\u0142ywaj\u0105ce si\u0119 w ustach, subtelne potrawy, jak i wyraziste dania, kt\u00f3re podbij\u0105 kubki smakowe nawet najbardziej wymagaj\u0105cych os\u00f3b. Potrawy przygotowane na podstawie tradycyjnych receptur to gwarancja niezapomnianych dozna\u0144 smakowych.<\/p>\n\n\n\n<h2 class=\"wp-block-heading\" id=\"h-o-czym-jeszcze-warto-pami-ta\">O czym jeszcze warto pami\u0119ta\u0107?<\/h2>\n\n\n\n<p>Wymarzona pogoda na \u015blub to idealnie czyste niebo i ciep\u0142e, ale nie za gor\u0105ce powietrze. Powinno by\u0107 rze\u015bko i przyjemnie. Deszcz nie jest mile widziany. Niestety pogody nie da si\u0119 zaplanowa\u0107 &#8211; nie mamy na ni\u0105 wp\u0142ywu. Dlatego warto zabezpieczy\u0107 si\u0119 na ka\u017cd\u0105 ewentualno\u015b\u0107, a na zewn\u0105trz przenie\u015b\u0107 tylko cz\u0119\u015b\u0107 przyj\u0119cia &#8211; w dodatku w taki spos\u00f3b, aby w razie jakichkolwiek niesprzyjaj\u0105cych okoliczno\u015bci pogodowych, m\u00f3c si\u0119 nadal \u015bwietnie bawi\u0107 wewn\u0105trz obiektu.<\/p>\n\n\n<section id=\"leonardo-block_9b3c0d40aadedeaf7e10760e48bd48fd\" class=\"leonardo page-breaker leonardo-image-right\">\r\n    <div class=\"leonardo-body\">\r\n                <div class=\"leonardo-content\"><p><span class=\"TextRun  BCX0 SCXW122889740\" lang=\"PL-PL\" xml:lang=\"PL-PL\" data-contrast=\"auto\"><span class=\"NormalTextRun  BCX0 SCXW122889740\">Mog\u0142oby si\u0119 wydawa\u0107, \u017ce najlepsz\u0105 por<\/span><\/span><span class=\"TextRun  BCX0 SCXW122889740\" lang=\"PL-PL\" xml:lang=\"PL-PL\" data-contrast=\"auto\"><span class=\"NormalTextRun  BCX0 SCXW122889740\">\u0105 na wesele na zewn\u0105trz jest lato. W ciep\u0142e miesi\u0105ce mamy wi\u0119ksze prawdopodobie\u0144stwo, \u017ce natura zachwyci nas pi\u0119kn\u0105, s\u0142oneczn\u0105 pogod\u0105. Niemniej pewno\u015bci nigdy nie mamy. \u017beby zapewni\u0107 go\u015bciom schronienie przed ewentualnym deszczem, warto postawi\u0107 na specjal<\/span><\/span><span class=\"TextRun  BCX0 SCXW122889740\" lang=\"PL-PL\" xml:lang=\"PL-PL\" data-contrast=\"auto\"><span class=\"NormalTextRun  BCX0 SCXW122889740\">ny namiot lub inn\u0105 form\u0119 zadaszenia. \u015awietnym pomys\u0142em jest zaopatrzenie go\u015bci w parasole i wachlarze, stylem nawi\u0105zuj\u0105ce do motywu przewodniego przyj\u0119cia weselnego. Parasole ochroni\u0105 ich przed deszczem, a wachlarze pomog\u0105 upora\u0107 si\u0119 z du\u017cym upa\u0142em.<\/span><\/span><span class=\"LineBreakBlob BlobObject DragDrop  BCX0 SCXW122889740\"><span class=\"BCX0 SCXW122889740\">\u00a0<\/span><br class=\"BCX0 SCXW122889740\" \/><\/span><\/p>\n<\/div>\r\n                    <aside class=\"leonardo-interlink\">\r\n                <b>Polecamy<\/b>\r\n                <a href=\"https:\/\/www.koronakarkonoszy.pl\/blog\/wesele-okolice-wroclawia\/\">Wesele okolice Wroc\u0142awia \u2013 gdzie zorganizowa\u0107 przyj\u0119cie?<\/a>\r\n            <\/aside>\r\n            <\/div>\r\n    <div class=\"leonardo-image\">\r\n        <img loading=\"lazy\" decoding=\"async\" width=\"1280\" height=\"854\" src=\"https:\/\/www.koronakarkonoszy.pl\/blog\/wp-content\/uploads\/2021\/07\/wesele-na-zewnatrz2.jpg\" class=\"attachment-full size-full\" alt=\"\" srcset=\"https:\/\/www.koronakarkonoszy.pl\/blog\/wp-content\/uploads\/2021\/07\/wesele-na-zewnatrz2.jpg 1280w, https:\/\/www.koronakarkonoszy.pl\/blog\/wp-content\/uploads\/2021\/07\/wesele-na-zewnatrz2-300x200.jpg 300w, https:\/\/www.koronakarkonoszy.pl\/blog\/wp-content\/uploads\/2021\/07\/wesele-na-zewnatrz2-1024x683.jpg 1024w, https:\/\/www.koronakarkonoszy.pl\/blog\/wp-content\/uploads\/2021\/07\/wesele-na-zewnatrz2-768x512.jpg 768w\" sizes=\"auto, (max-width: 1280px) 100vw, 1280px\" \/>            <\/div>\r\n<\/section>\n\n\n<p>Organizuj\u0105c wesele w plenerze, powinni\u015bmy r\u00f3wnie\u017c zadba\u0107 o odpowiednie pod\u0142o\u017ce, po kt\u00f3rym b\u0119dzie mo\u017cna si\u0119 swobodnie porusza\u0107. Chodzenie i ta\u0144czenie w szpilkach na trawie nie jest zbyt komfortow\u0105 opcj\u0105. Dobrym rozwi\u0105zaniem jest przygotowanie specjalnej platformy do ta\u0144ca oraz sceny dla DJ-a czy zespo\u0142u. Je\u015bli nie mamy takiej mo\u017cliwo\u015bci, popro\u015bmy go\u015bci o zabranie ze sob\u0105 wygodnego obuwia.&nbsp;<\/p>\n\n\n\n<p>Wesele na zewn\u0105trz to co\u015b innego ni\u017c \u015blub w plenerze. Trzeba mie\u0107 tego \u015bwiadomo\u015b\u0107. Zasadnicza biesiada odbywa si\u0119 na&nbsp;<a href=\"https:\/\/www.koronakarkonoszy.pl\/sala-balowa\/\" target=\"_blank\" rel=\"noreferrer noopener\">sali balowej<\/a>. Wszystko mo\u017cna jednak zgrabnie po\u0142\u0105czy\u0107. Grunt to odpowiednie przygotowanie. Dobra organizacja sprawi, \u017ce przyj\u0119cie b\u0119dzie magiczne, romantyczne i niezapomniane.&nbsp;<\/p>\n","protected":false},"excerpt":{"rendered":"<p>Wesele w plenerze to marzenie wielu par. Jednak zwykle chodzi o sam \u015blub. Ogrodowe przyj\u0119cia maj\u0105 w sobie co\u015b magicznego. Blisko\u015b\u0107 przyrody tworzy wyj\u0105tkow\u0105, romantyczn\u0105 aur\u0119, idealn\u0105 do&nbsp;celebrowania wst\u0105pienia w zwi\u0105zek ma\u0142\u017ce\u0144ski dw\u00f3ch kochaj\u0105cych si\u0119 os\u00f3b. Jak zorganizowa\u0107 wesele na zewn\u0105trz? I dlaczego w plenerze warto powinny si\u0119 odby\u0107 tylko niekt\u00f3re element imprezy? Wyja\u015bniamy.&nbsp; Zalety [&hellip;]<\/p>\n","protected":false},"author":4,"featured_media":1017,"comment_status":"closed","ping_status":"closed","sticky":false,"template":"","format":"standard","meta":{"_acf_changed":false,"footnotes":""},"categories":[2,3,13,12,14],"class_list":["post-1016","post","type-post","status-publish","format-standard","has-post-thumbnail","hentry","category-porady","category-trendy","category-wesele-jesien","category-wesele-lato","category-wesele-wiosna"],"acf":[],"yoast_head":"<!-- This site is optimized with the Yoast SEO plugin v27.4 - https:\/\/yoast.com\/product\/yoast-seo-wordpress\/ -->\n<title>Jak zorganizowa\u0107 wesele na zewn\u0105trz? - :: Blog weselny<\/title>\n<meta name=\"description\" content=\"Jak zorganizowa\u0107 wesele na zewn\u0105trz? I dlaczego w plenerze warto powinny si\u0119 odby\u0107 tylko niekt\u00f3re element imprezy? Wyja\u015bniamy.\u00a0\" \/>\n<meta name=\"robots\" content=\"index, follow, max-snippet:-1, max-image-preview:large, max-video-preview:-1\" \/>\n<link rel=\"canonical\" href=\"https:\/\/www.koronakarkonoszy.pl\/blog\/jak-zorganizowac-wesele-na-zewnatrz\/\" \/>\n<meta property=\"og:locale\" content=\"pl_PL\" \/>\n<meta property=\"og:type\" content=\"article\" \/>\n<meta property=\"og:title\" content=\"Jak zorganizowa\u0107 wesele na zewn\u0105trz? - :: Blog weselny\" \/>\n<meta property=\"og:description\" content=\"Jak zorganizowa\u0107 wesele na zewn\u0105trz? I dlaczego w plenerze warto powinny si\u0119 odby\u0107 tylko niekt\u00f3re element imprezy? Wyja\u015bniamy.\u00a0\" \/>\n<meta property=\"og:url\" content=\"https:\/\/www.koronakarkonoszy.pl\/blog\/jak-zorganizowac-wesele-na-zewnatrz\/\" \/>\n<meta property=\"og:site_name\" content=\":: Blog weselny\" \/>\n<meta property=\"article:published_time\" content=\"2021-07-05T10:43:00+00:00\" \/>\n<meta property=\"article:modified_time\" content=\"2023-02-09T18:39:39+00:00\" \/>\n<meta property=\"og:image\" content=\"https:\/\/www.koronakarkonoszy.pl\/blog\/wp-content\/uploads\/2021\/07\/wesele-na-zewnatrz.jpg\" \/>\n\t<meta property=\"og:image:width\" content=\"1280\" \/>\n\t<meta property=\"og:image:height\" content=\"854\" \/>\n\t<meta property=\"og:image:type\" content=\"image\/jpeg\" \/>\n<meta name=\"author\" content=\"Maria Szruba\" \/>\n<meta name=\"twitter:card\" content=\"summary_large_image\" \/>\n<meta name=\"twitter:label1\" content=\"Napisane przez\" \/>\n\t<meta name=\"twitter:data1\" content=\"Maria Szruba\" \/>\n\t<meta name=\"twitter:label2\" content=\"Szacowany czas czytania\" \/>\n\t<meta name=\"twitter:data2\" content=\"5 minut\" \/>\n<script type=\"application\/ld+json\" class=\"yoast-schema-graph\">{\"@context\":\"https:\\\/\\\/schema.org\",\"@graph\":[{\"@type\":\"Article\",\"@id\":\"https:\\\/\\\/www.koronakarkonoszy.pl\\\/blog\\\/jak-zorganizowac-wesele-na-zewnatrz\\\/#article\",\"isPartOf\":{\"@id\":\"https:\\\/\\\/www.koronakarkonoszy.pl\\\/blog\\\/jak-zorganizowac-wesele-na-zewnatrz\\\/\"},\"author\":{\"name\":\"Maria Szruba\",\"@id\":\"https:\\\/\\\/www.koronakarkonoszy.pl\\\/blog\\\/#\\\/schema\\\/person\\\/c3d9d467cc9af49e50c67be561c643eb\"},\"headline\":\"Jak zorganizowa\u0107 wesele na zewn\u0105trz?\",\"datePublished\":\"2021-07-05T10:43:00+00:00\",\"dateModified\":\"2023-02-09T18:39:39+00:00\",\"mainEntityOfPage\":{\"@id\":\"https:\\\/\\\/www.koronakarkonoszy.pl\\\/blog\\\/jak-zorganizowac-wesele-na-zewnatrz\\\/\"},\"wordCount\":1025,\"image\":{\"@id\":\"https:\\\/\\\/www.koronakarkonoszy.pl\\\/blog\\\/jak-zorganizowac-wesele-na-zewnatrz\\\/#primaryimage\"},\"thumbnailUrl\":\"https:\\\/\\\/www.koronakarkonoszy.pl\\\/blog\\\/wp-content\\\/uploads\\\/2021\\\/07\\\/wesele-na-zewnatrz.jpg\",\"articleSection\":[\"Porady\",\"Trendy\",\"Wesele jesie\u0144\",\"Wesele lato\",\"Wesele wiosna\"],\"inLanguage\":\"pl-PL\"},{\"@type\":\"WebPage\",\"@id\":\"https:\\\/\\\/www.koronakarkonoszy.pl\\\/blog\\\/jak-zorganizowac-wesele-na-zewnatrz\\\/\",\"url\":\"https:\\\/\\\/www.koronakarkonoszy.pl\\\/blog\\\/jak-zorganizowac-wesele-na-zewnatrz\\\/\",\"name\":\"Jak zorganizowa\u0107 wesele na zewn\u0105trz? - :: Blog weselny\",\"isPartOf\":{\"@id\":\"https:\\\/\\\/www.koronakarkonoszy.pl\\\/blog\\\/#website\"},\"primaryImageOfPage\":{\"@id\":\"https:\\\/\\\/www.koronakarkonoszy.pl\\\/blog\\\/jak-zorganizowac-wesele-na-zewnatrz\\\/#primaryimage\"},\"image\":{\"@id\":\"https:\\\/\\\/www.koronakarkonoszy.pl\\\/blog\\\/jak-zorganizowac-wesele-na-zewnatrz\\\/#primaryimage\"},\"thumbnailUrl\":\"https:\\\/\\\/www.koronakarkonoszy.pl\\\/blog\\\/wp-content\\\/uploads\\\/2021\\\/07\\\/wesele-na-zewnatrz.jpg\",\"datePublished\":\"2021-07-05T10:43:00+00:00\",\"dateModified\":\"2023-02-09T18:39:39+00:00\",\"author\":{\"@id\":\"https:\\\/\\\/www.koronakarkonoszy.pl\\\/blog\\\/#\\\/schema\\\/person\\\/c3d9d467cc9af49e50c67be561c643eb\"},\"description\":\"Jak zorganizowa\u0107 wesele na zewn\u0105trz? I dlaczego w plenerze warto powinny si\u0119 odby\u0107 tylko niekt\u00f3re element imprezy? Wyja\u015bniamy.\u00a0\",\"breadcrumb\":{\"@id\":\"https:\\\/\\\/www.koronakarkonoszy.pl\\\/blog\\\/jak-zorganizowac-wesele-na-zewnatrz\\\/#breadcrumb\"},\"inLanguage\":\"pl-PL\",\"potentialAction\":[{\"@type\":\"ReadAction\",\"target\":[\"https:\\\/\\\/www.koronakarkonoszy.pl\\\/blog\\\/jak-zorganizowac-wesele-na-zewnatrz\\\/\"]}]},{\"@type\":\"ImageObject\",\"inLanguage\":\"pl-PL\",\"@id\":\"https:\\\/\\\/www.koronakarkonoszy.pl\\\/blog\\\/jak-zorganizowac-wesele-na-zewnatrz\\\/#primaryimage\",\"url\":\"https:\\\/\\\/www.koronakarkonoszy.pl\\\/blog\\\/wp-content\\\/uploads\\\/2021\\\/07\\\/wesele-na-zewnatrz.jpg\",\"contentUrl\":\"https:\\\/\\\/www.koronakarkonoszy.pl\\\/blog\\\/wp-content\\\/uploads\\\/2021\\\/07\\\/wesele-na-zewnatrz.jpg\",\"width\":1280,\"height\":854,\"caption\":\"Jak zorganizowa\u0107 wesele na zewn\u0105trz\"},{\"@type\":\"BreadcrumbList\",\"@id\":\"https:\\\/\\\/www.koronakarkonoszy.pl\\\/blog\\\/jak-zorganizowac-wesele-na-zewnatrz\\\/#breadcrumb\",\"itemListElement\":[{\"@type\":\"ListItem\",\"position\":1,\"name\":\"Strona g\u0142\u00f3wna\",\"item\":\"https:\\\/\\\/www.koronakarkonoszy.pl\\\/blog\\\/\"},{\"@type\":\"ListItem\",\"position\":2,\"name\":\"Jak zorganizowa\u0107 wesele na zewn\u0105trz?\"}]},{\"@type\":\"WebSite\",\"@id\":\"https:\\\/\\\/www.koronakarkonoszy.pl\\\/blog\\\/#website\",\"url\":\"https:\\\/\\\/www.koronakarkonoszy.pl\\\/blog\\\/\",\"name\":\":: Blog weselny\",\"description\":\"Blog weselny Dw\u00f3r Korona Karkonoszy\",\"potentialAction\":[{\"@type\":\"SearchAction\",\"target\":{\"@type\":\"EntryPoint\",\"urlTemplate\":\"https:\\\/\\\/www.koronakarkonoszy.pl\\\/blog\\\/?s={search_term_string}\"},\"query-input\":{\"@type\":\"PropertyValueSpecification\",\"valueRequired\":true,\"valueName\":\"search_term_string\"}}],\"inLanguage\":\"pl-PL\"},{\"@type\":\"Person\",\"@id\":\"https:\\\/\\\/www.koronakarkonoszy.pl\\\/blog\\\/#\\\/schema\\\/person\\\/c3d9d467cc9af49e50c67be561c643eb\",\"name\":\"Maria Szruba\",\"image\":{\"@type\":\"ImageObject\",\"inLanguage\":\"pl-PL\",\"@id\":\"https:\\\/\\\/www.koronakarkonoszy.pl\\\/blog\\\/wp-content\\\/litespeed\\\/avatar\\\/d0fe7fde2b2277621e0a2904789bab14.jpg?ver=1777440145\",\"url\":\"https:\\\/\\\/www.koronakarkonoszy.pl\\\/blog\\\/wp-content\\\/litespeed\\\/avatar\\\/d0fe7fde2b2277621e0a2904789bab14.jpg?ver=1777440145\",\"contentUrl\":\"https:\\\/\\\/www.koronakarkonoszy.pl\\\/blog\\\/wp-content\\\/litespeed\\\/avatar\\\/d0fe7fde2b2277621e0a2904789bab14.jpg?ver=1777440145\",\"caption\":\"Maria Szruba\"},\"url\":\"https:\\\/\\\/www.koronakarkonoszy.pl\\\/blog\\\/author\\\/m-szruba\\\/\"}]}<\/script>\n<!-- \/ Yoast SEO plugin. -->","yoast_head_json":{"title":"Jak zorganizowa\u0107 wesele na zewn\u0105trz? - :: Blog weselny","description":"Jak zorganizowa\u0107 wesele na zewn\u0105trz? I dlaczego w plenerze warto powinny si\u0119 odby\u0107 tylko niekt\u00f3re element imprezy? Wyja\u015bniamy.\u00a0","robots":{"index":"index","follow":"follow","max-snippet":"max-snippet:-1","max-image-preview":"max-image-preview:large","max-video-preview":"max-video-preview:-1"},"canonical":"https:\/\/www.koronakarkonoszy.pl\/blog\/jak-zorganizowac-wesele-na-zewnatrz\/","og_locale":"pl_PL","og_type":"article","og_title":"Jak zorganizowa\u0107 wesele na zewn\u0105trz? - :: Blog weselny","og_description":"Jak zorganizowa\u0107 wesele na zewn\u0105trz? I dlaczego w plenerze warto powinny si\u0119 odby\u0107 tylko niekt\u00f3re element imprezy? Wyja\u015bniamy.\u00a0","og_url":"https:\/\/www.koronakarkonoszy.pl\/blog\/jak-zorganizowac-wesele-na-zewnatrz\/","og_site_name":":: Blog weselny","article_published_time":"2021-07-05T10:43:00+00:00","article_modified_time":"2023-02-09T18:39:39+00:00","og_image":[{"width":1280,"height":854,"url":"https:\/\/www.koronakarkonoszy.pl\/blog\/wp-content\/uploads\/2021\/07\/wesele-na-zewnatrz.jpg","type":"image\/jpeg"}],"author":"Maria Szruba","twitter_card":"summary_large_image","twitter_misc":{"Napisane przez":"Maria Szruba","Szacowany czas czytania":"5 minut"},"schema":{"@context":"https:\/\/schema.org","@graph":[{"@type":"Article","@id":"https:\/\/www.koronakarkonoszy.pl\/blog\/jak-zorganizowac-wesele-na-zewnatrz\/#article","isPartOf":{"@id":"https:\/\/www.koronakarkonoszy.pl\/blog\/jak-zorganizowac-wesele-na-zewnatrz\/"},"author":{"name":"Maria Szruba","@id":"https:\/\/www.koronakarkonoszy.pl\/blog\/#\/schema\/person\/c3d9d467cc9af49e50c67be561c643eb"},"headline":"Jak zorganizowa\u0107 wesele na zewn\u0105trz?","datePublished":"2021-07-05T10:43:00+00:00","dateModified":"2023-02-09T18:39:39+00:00","mainEntityOfPage":{"@id":"https:\/\/www.koronakarkonoszy.pl\/blog\/jak-zorganizowac-wesele-na-zewnatrz\/"},"wordCount":1025,"image":{"@id":"https:\/\/www.koronakarkonoszy.pl\/blog\/jak-zorganizowac-wesele-na-zewnatrz\/#primaryimage"},"thumbnailUrl":"https:\/\/www.koronakarkonoszy.pl\/blog\/wp-content\/uploads\/2021\/07\/wesele-na-zewnatrz.jpg","articleSection":["Porady","Trendy","Wesele jesie\u0144","Wesele lato","Wesele wiosna"],"inLanguage":"pl-PL"},{"@type":"WebPage","@id":"https:\/\/www.koronakarkonoszy.pl\/blog\/jak-zorganizowac-wesele-na-zewnatrz\/","url":"https:\/\/www.koronakarkonoszy.pl\/blog\/jak-zorganizowac-wesele-na-zewnatrz\/","name":"Jak zorganizowa\u0107 wesele na zewn\u0105trz? - :: Blog weselny","isPartOf":{"@id":"https:\/\/www.koronakarkonoszy.pl\/blog\/#website"},"primaryImageOfPage":{"@id":"https:\/\/www.koronakarkonoszy.pl\/blog\/jak-zorganizowac-wesele-na-zewnatrz\/#primaryimage"},"image":{"@id":"https:\/\/www.koronakarkonoszy.pl\/blog\/jak-zorganizowac-wesele-na-zewnatrz\/#primaryimage"},"thumbnailUrl":"https:\/\/www.koronakarkonoszy.pl\/blog\/wp-content\/uploads\/2021\/07\/wesele-na-zewnatrz.jpg","datePublished":"2021-07-05T10:43:00+00:00","dateModified":"2023-02-09T18:39:39+00:00","author":{"@id":"https:\/\/www.koronakarkonoszy.pl\/blog\/#\/schema\/person\/c3d9d467cc9af49e50c67be561c643eb"},"description":"Jak zorganizowa\u0107 wesele na zewn\u0105trz? I dlaczego w plenerze warto powinny si\u0119 odby\u0107 tylko niekt\u00f3re element imprezy? Wyja\u015bniamy.\u00a0","breadcrumb":{"@id":"https:\/\/www.koronakarkonoszy.pl\/blog\/jak-zorganizowac-wesele-na-zewnatrz\/#breadcrumb"},"inLanguage":"pl-PL","potentialAction":[{"@type":"ReadAction","target":["https:\/\/www.koronakarkonoszy.pl\/blog\/jak-zorganizowac-wesele-na-zewnatrz\/"]}]},{"@type":"ImageObject","inLanguage":"pl-PL","@id":"https:\/\/www.koronakarkonoszy.pl\/blog\/jak-zorganizowac-wesele-na-zewnatrz\/#primaryimage","url":"https:\/\/www.koronakarkonoszy.pl\/blog\/wp-content\/uploads\/2021\/07\/wesele-na-zewnatrz.jpg","contentUrl":"https:\/\/www.koronakarkonoszy.pl\/blog\/wp-content\/uploads\/2021\/07\/wesele-na-zewnatrz.jpg","width":1280,"height":854,"caption":"Jak zorganizowa\u0107 wesele na zewn\u0105trz"},{"@type":"BreadcrumbList","@id":"https:\/\/www.koronakarkonoszy.pl\/blog\/jak-zorganizowac-wesele-na-zewnatrz\/#breadcrumb","itemListElement":[{"@type":"ListItem","position":1,"name":"Strona g\u0142\u00f3wna","item":"https:\/\/www.koronakarkonoszy.pl\/blog\/"},{"@type":"ListItem","position":2,"name":"Jak zorganizowa\u0107 wesele na zewn\u0105trz?"}]},{"@type":"WebSite","@id":"https:\/\/www.koronakarkonoszy.pl\/blog\/#website","url":"https:\/\/www.koronakarkonoszy.pl\/blog\/","name":":: Blog weselny","description":"Blog weselny Dw\u00f3r Korona Karkonoszy","potentialAction":[{"@type":"SearchAction","target":{"@type":"EntryPoint","urlTemplate":"https:\/\/www.koronakarkonoszy.pl\/blog\/?s={search_term_string}"},"query-input":{"@type":"PropertyValueSpecification","valueRequired":true,"valueName":"search_term_string"}}],"inLanguage":"pl-PL"},{"@type":"Person","@id":"https:\/\/www.koronakarkonoszy.pl\/blog\/#\/schema\/person\/c3d9d467cc9af49e50c67be561c643eb","name":"Maria Szruba","image":{"@type":"ImageObject","inLanguage":"pl-PL","@id":"https:\/\/www.koronakarkonoszy.pl\/blog\/wp-content\/litespeed\/avatar\/d0fe7fde2b2277621e0a2904789bab14.jpg?ver=1777440145","url":"https:\/\/www.koronakarkonoszy.pl\/blog\/wp-content\/litespeed\/avatar\/d0fe7fde2b2277621e0a2904789bab14.jpg?ver=1777440145","contentUrl":"https:\/\/www.koronakarkonoszy.pl\/blog\/wp-content\/litespeed\/avatar\/d0fe7fde2b2277621e0a2904789bab14.jpg?ver=1777440145","caption":"Maria Szruba"},"url":"https:\/\/www.koronakarkonoszy.pl\/blog\/author\/m-szruba\/"}]}},"_links":{"self":[{"href":"https:\/\/www.koronakarkonoszy.pl\/blog\/wp-json\/wp\/v2\/posts\/1016","targetHints":{"allow":["GET"]}}],"collection":[{"href":"https:\/\/www.koronakarkonoszy.pl\/blog\/wp-json\/wp\/v2\/posts"}],"about":[{"href":"https:\/\/www.koronakarkonoszy.pl\/blog\/wp-json\/wp\/v2\/types\/post"}],"author":[{"embeddable":true,"href":"https:\/\/www.koronakarkonoszy.pl\/blog\/wp-json\/wp\/v2\/users\/4"}],"replies":[{"embeddable":true,"href":"https:\/\/www.koronakarkonoszy.pl\/blog\/wp-json\/wp\/v2\/comments?post=1016"}],"version-history":[{"count":0,"href":"https:\/\/www.koronakarkonoszy.pl\/blog\/wp-json\/wp\/v2\/posts\/1016\/revisions"}],"wp:featuredmedia":[{"embeddable":true,"href":"https:\/\/www.koronakarkonoszy.pl\/blog\/wp-json\/wp\/v2\/media\/1017"}],"wp:attachment":[{"href":"https:\/\/www.koronakarkonoszy.pl\/blog\/wp-json\/wp\/v2\/media?parent=1016"}],"wp:term":[{"taxonomy":"category","embeddable":true,"href":"https:\/\/www.koronakarkonoszy.pl\/blog\/wp-json\/wp\/v2\/categories?post=1016"}],"curies":[{"name":"wp","href":"https:\/\/api.w.org\/{rel}","templated":true}]}}