{"id":971,"date":"2020-09-15T23:58:48","date_gmt":"2020-09-15T21:58:48","guid":{"rendered":"https:\/\/www.koronakarkonoszy.pl\/blog\/?p=971"},"modified":"2023-02-09T19:46:13","modified_gmt":"2023-02-09T18:46:13","slug":"winter-wedding-table-decorations-for-guests-and-bride-and-groom","status":"publish","type":"post","link":"https:\/\/www.koronakarkonoszy.pl\/blog\/en\/wesele-zima-dekoracje-na-stoly-gosci-oraz-pary-mlodej\/","title":{"rendered":"Wedding in winter - decorations for the tables of the guests and the Bride and Groom"},"content":{"rendered":"\n<p><strong>Udowadniamy, \u017ce dekoracje na sali weselnej mog\u0105 sprawi\u0107, \u017ce wesele zim\u0105 b\u0119dzie magiczne! I wcale nie potrzebujemy do tego g\u00f3ralskich przy\u015bpiewek czy sk\u00f3r z nied\u017awiedzia. <\/strong><\/p>\n\n\n<div id=\"ariadna-block_61a1ec5ad01e5\" class=\"ariadna\">\r\n    <ul><li><a href=\"#h-motyw-przewodni-na-wesele-zim-na-co-zdecydowa\">Motyw przewodni na wesele zim\u0105 \u2013 na co zdecydowa\u0107?<\/a><\/li><li><a href=\"#ha-planujecie-wesele-zima\">Planujecie wesele zim\u0105?<\/a><\/li><li><a href=\"#ha-wesele-zima-dekoracja-sali-weselnej\">Wesele zim\u0105 &#8211; dekoracja sali weselnej<\/a><\/li><li><a href=\"#ha-jakie-kwiaty-na-wesele-zima\">Jakie kwiaty na wesele zim\u0105?<\/a><\/li><li><a href=\"#h-dekoracja-stolu-panstwa-mlodych-wesele-zima\">Dekoracja sto\u0142u Pa\u0144stwa M\u0142odych \u2013 wesele zim\u0105<\/a><\/li><li><a href=\"#ha-stoly-gosci-dekoracje-na-wesele-zima\">Sto\u0142y go\u015bci \u2013 dekoracje na wesele zim\u0105<\/a><\/li><li><a href=\"#ha-zaslubiny-w-plenerze-zima-warto-to-przezyc\">Za\u015blubiny w plenerze zim\u0105 &#8211; warto to prze\u017cy\u0107!<\/a><\/li><\/ul>\r\n<\/div>\r\n\r\n\r\n\r\n\n\n\n<p>Dzie\u0144 uroczysto\u015bci \u015blubnej jest dla ka\u017cdej Pary M\u0142odej niesamowitym prze\u017cyciem. Jedyna w swoim rodzaju mi\u0142o\u015b\u0107, wyj\u0105tkowe stroje, dekoracje, s\u0142owa, kt\u00f3re nigdzie indziej nie b\u0119d\u0105 wypowiedziane \u2013 ka\u017cde wesele jest niepowtarzalne. Te okoliczno\u015bci kojarz\u0105 si\u0119 g\u0142\u00f3wnie z wiosenno-letni\u0105 por\u0105. Czy ten efekt mo\u017cna osi\u0105gn\u0105\u0107 tak\u017ce organizuj\u0105c wesele zim\u0105?<\/p>\n\n\n\n<h2 class=\"wp-block-heading\" id=\"h-motyw-przewodni-na-wesele-zim-na-co-zdecydowa\">Motyw przewodni na wesele zim\u0105 \u2013 na co zdecydowa\u0107?<\/h2>\n\n\n\n<p>Zbyt wiele element\u00f3w, kt\u00f3re Para M\u0142oda chcia\u0142aby umie\u015bci\u0107 na sali weselnej, mo\u017ce prowadzi\u0107 do stworzenia wra\u017cenia miszmaszu. Nie do ko\u0144ca sprzyja to pozytywnemu efektowi. Przesada nigdy nie jest wskazana, jednak umiej\u0119tne dopasowanie kilku motyw\u00f3w i po\u0142\u0105czenie ich ze sob\u0105, mo\u017ce przynie\u015b\u0107 naprawd\u0119 pi\u0119kne efekty. Je\u015bli sama sala weselna b\u0119dzie atrakcyjna, udekorowanie jej w elegancki spos\u00f3b b\u0119dzie \u0142atwe. Wystarczy wybra\u0107 kolor, kt\u00f3ry b\u0119dzie przewodzi\u0142 ca\u0142ej dekoracji, a jednocze\u015bnie doda\u0107 do niego kolorystyczne kontrasty \u2013 czerwie\u0144, granat, czy chocia\u017cby z\u0142oto lub srebro.<\/p>\n\n\n\n<p>Biel jest bardzo uniwersalna i stwarza idealne warunki do puszczenia wodzy fantazji. Bia\u0142e t\u0142o dla kontrastuj\u0105cych dodatk\u00f3w jest niezwykle uniwersalne. Do tego kojarzy si\u0119 w\u0142a\u015bnie z aur\u0105 zimowego puchu. Wesele zim\u0105, w niepowtarzalnej aurze, a dodatkowo w otoczeniu g\u00f3rskich szczyt\u00f3w, oferuje Dw\u00f3r Korona Karkonoszy. Tu nic nie jest przesadzone \u2013 eksperci od organizowania wesel zaproponuj\u0105 ka\u017cdej Parze M\u0142odej optymalne rozwi\u0105zania, aby efekt by\u0142 powalaj\u0105cy, a jednocze\u015bnie ka\u017cdy element ze sob\u0105 wsp\u00f3\u0142gra\u0142.<\/p>\n\n\n<section id=\"ctaninja-block_61a1ee7ed01e9\" class=\"ctaninja\">\r\n    <div class=\"ctaninja-body\">\r\n        <h2 class=\"h1\" id=\"ha-planujecie-wesele-zima\">Planujecie wesele zim\u0105?<\/h2>\r\n        <p>Czas zarezerwowa\u0107 sal\u0119 weseln\u0105 \u2665<\/p>\r\n        <div class=\"nf-container\">\r\n            <noscript class=\"ninja-forms-noscript-message\">\n\tNotice: JavaScript is required for this content.<\/noscript>\n<div id=\"nf-form-1-cont\" class=\"nf-form-cont\" aria-live=\"polite\" aria-labelledby=\"nf-form-title-1\" aria-describedby=\"nf-form-errors-1\" role=\"form\">\n\n    <div class=\"nf-loading-spinner\"><\/div>\n\n<\/div>\n        <!-- That data is being printed as a workaround to page builders reordering the order of the scripts loaded-->\n        <script>var formDisplay=1;var nfForms=nfForms||[];var form=[];form.id='1';form.settings={\"objectType\":\"Form Setting\",\"editActive\":\"\",\"title\":\"Contact Me\",\"key\":\"\",\"created_at\":\"2021-05-31 16:57:05\",\"default_label_pos\":\"above\",\"conditions\":[],\"show_title\":\"1\",\"clear_complete\":\"1\",\"hide_complete\":\"1\",\"wrapper_class\":\"\",\"element_class\":\"\",\"add_submit\":\"1\",\"logged_in\":\"\",\"not_logged_in_msg\":\"\",\"sub_limit_number\":\"\",\"sub_limit_msg\":\"\",\"calculations\":[],\"formContentData\":[{\"order\":1,\"cells\":[{\"order\":0,\"fields\":[\"email\"],\"width\":50},{\"order\":1,\"fields\":[\"wyslij_1640001513358\"],\"width\":50}]}],\"container_styles_background-color\":\"\",\"container_styles_border\":\"\",\"container_styles_border-style\":\"\",\"container_styles_border-color\":\"\",\"container_styles_color\":\"\",\"container_styles_height\":\"\",\"container_styles_width\":\"\",\"container_styles_font-size\":\"\",\"container_styles_margin\":\"\",\"container_styles_padding\":\"\",\"container_styles_display\":\"\",\"container_styles_float\":\"\",\"container_styles_show_advanced_css\":\"0\",\"container_styles_advanced\":\"\",\"title_styles_background-color\":\"\",\"title_styles_border\":\"\",\"title_styles_border-style\":\"\",\"title_styles_border-color\":\"\",\"title_styles_color\":\"\",\"title_styles_height\":\"\",\"title_styles_width\":\"\",\"title_styles_font-size\":\"\",\"title_styles_margin\":\"\",\"title_styles_padding\":\"\",\"title_styles_display\":\"\",\"title_styles_float\":\"\",\"title_styles_show_advanced_css\":\"0\",\"title_styles_advanced\":\"\",\"row_styles_background-color\":\"\",\"row_styles_border\":\"\",\"row_styles_border-style\":\"\",\"row_styles_border-color\":\"\",\"row_styles_color\":\"\",\"row_styles_height\":\"\",\"row_styles_width\":\"\",\"row_styles_font-size\":\"\",\"row_styles_margin\":\"\",\"row_styles_padding\":\"\",\"row_styles_display\":\"\",\"row_styles_show_advanced_css\":\"0\",\"row_styles_advanced\":\"\",\"row-odd_styles_background-color\":\"\",\"row-odd_styles_border\":\"\",\"row-odd_styles_border-style\":\"\",\"row-odd_styles_border-color\":\"\",\"row-odd_styles_color\":\"\",\"row-odd_styles_height\":\"\",\"row-odd_styles_width\":\"\",\"row-odd_styles_font-size\":\"\",\"row-odd_styles_margin\":\"\",\"row-odd_styles_padding\":\"\",\"row-odd_styles_display\":\"\",\"row-odd_styles_show_advanced_css\":\"0\",\"row-odd_styles_advanced\":\"\",\"success-msg_styles_background-color\":\"\",\"success-msg_styles_border\":\"\",\"success-msg_styles_border-style\":\"\",\"success-msg_styles_border-color\":\"\",\"success-msg_styles_color\":\"\",\"success-msg_styles_height\":\"\",\"success-msg_styles_width\":\"\",\"success-msg_styles_font-size\":\"\",\"success-msg_styles_margin\":\"\",\"success-msg_styles_padding\":\"\",\"success-msg_styles_display\":\"\",\"success-msg_styles_show_advanced_css\":\"0\",\"success-msg_styles_advanced\":\"\",\"error_msg_styles_background-color\":\"\",\"error_msg_styles_border\":\"\",\"error_msg_styles_border-style\":\"\",\"error_msg_styles_border-color\":\"\",\"error_msg_styles_color\":\"\",\"error_msg_styles_height\":\"\",\"error_msg_styles_width\":\"\",\"error_msg_styles_font-size\":\"\",\"error_msg_styles_margin\":\"\",\"error_msg_styles_padding\":\"\",\"error_msg_styles_display\":\"\",\"error_msg_styles_show_advanced_css\":\"0\",\"error_msg_styles_advanced\":\"\",\"allow_public_link\":0,\"embed_form\":\"\",\"currency\":\"\",\"repeatable_fieldsets\":\"\",\"unique_field_error\":\"Formularz z t\\u0105 warto\\u015bci\\u0105 zosta\\u0142 ju\\u017c przes\\u0142any.\",\"ninjaForms\":\"Ninja Forms\",\"changeEmailErrorMsg\":\"Please enter a valid email address!\",\"changeDateErrorMsg\":\"Please enter a valid date!\",\"confirmFieldErrorMsg\":\"These fields must match!\",\"fieldNumberNumMinError\":\"Number Min Error\",\"fieldNumberNumMaxError\":\"Number Max Error\",\"fieldNumberIncrementBy\":\"Please increment by \",\"fieldTextareaRTEInsertLink\":\"Insert Link\",\"fieldTextareaRTEInsertMedia\":\"Insert Media\",\"fieldTextareaRTESelectAFile\":\"Select a file\",\"formErrorsCorrectErrors\":\"Please correct errors before submitting this form.\",\"formHoneypot\":\"If you are a human seeing this field, please leave it empty.\",\"validateRequiredField\":\"This is a required field.\",\"honeypotHoneypotError\":\"Honeypot Error\",\"fileUploadOldCodeFileUploadInProgress\":\"File Upload in Progress.\",\"fileUploadOldCodeFileUpload\":\"FILE UPLOAD\",\"currencySymbol\":\"&#36;\",\"fieldsMarkedRequired\":\"Fields marked with an <span class=\\\"ninja-forms-req-symbol\\\">*<\\\/span> are required\",\"thousands_sep\":\",\",\"decimal_point\":\".\",\"siteLocale\":\"en_GB\",\"dateFormat\":\"m\\\/d\\\/Y\",\"startOfWeek\":\"1\",\"of\":\"of\",\"previousMonth\":\"Previous Month\",\"nextMonth\":\"Next Month\",\"months\":[\"January\",\"February\",\"March\",\"April\",\"May\",\"June\",\"July\",\"August\",\"September\",\"October\",\"November\",\"December\"],\"monthsShort\":[\"Jan\",\"Feb\",\"Mar\",\"Apr\",\"May\",\"Jun\",\"Jul\",\"Aug\",\"Sep\",\"Oct\",\"Nov\",\"Dec\"],\"weekdays\":[\"Sunday\",\"Monday\",\"Tuesday\",\"Wednesday\",\"Thursday\",\"Friday\",\"Saturday\"],\"weekdaysShort\":[\"Sun\",\"Mon\",\"Tue\",\"Wed\",\"Thu\",\"Fri\",\"Sat\"],\"weekdaysMin\":[\"Su\",\"Mo\",\"Tu\",\"We\",\"Th\",\"Fr\",\"Sa\"],\"recaptchaConsentMissing\":\"reCaptcha validation couldn&#039;t load.\",\"recaptchaMissingCookie\":\"reCaptcha v3 validation couldn&#039;t load the cookie needed to submit the form.\",\"recaptchaConsentEvent\":\"Accept reCaptcha cookies before sending the form.\",\"currency_symbol\":\"\",\"beforeForm\":\"\",\"beforeFields\":\"\",\"afterFields\":\"\",\"afterForm\":\"\"};form.fields=[{\"objectType\":\"Field\",\"objectDomain\":\"fields\",\"editActive\":false,\"order\":1,\"idAttribute\":\"id\",\"label\":\"Email\",\"key\":\"email\",\"type\":\"email\",\"created_at\":\"2021-05-31 16:57:06\",\"label_pos\":\"above\",\"required\":1,\"placeholder\":\"Podaj maila, skontaktujemy si\\u0119 z Tob\\u0105\",\"default\":\"\",\"wrapper_class\":\"\",\"element_class\":\"\",\"container_class\":\"\",\"admin_label\":\"\",\"help_text\":\"\",\"desc_text\":\"\",\"wrap_styles_background-color\":\"\",\"wrap_styles_border\":\"\",\"wrap_styles_border-style\":\"\",\"wrap_styles_border-color\":\"\",\"wrap_styles_color\":\"\",\"wrap_styles_height\":\"\",\"wrap_styles_width\":\"\",\"wrap_styles_font-size\":\"\",\"wrap_styles_margin\":\"\",\"wrap_styles_padding\":\"\",\"wrap_styles_display\":\"\",\"wrap_styles_float\":\"\",\"wrap_styles_show_advanced_css\":0,\"wrap_styles_advanced\":\"\",\"label_styles_background-color\":\"\",\"label_styles_border\":\"\",\"label_styles_border-style\":\"\",\"label_styles_border-color\":\"\",\"label_styles_color\":\"\",\"label_styles_height\":\"\",\"label_styles_width\":\"\",\"label_styles_font-size\":\"\",\"label_styles_margin\":\"\",\"label_styles_padding\":\"\",\"label_styles_display\":\"\",\"label_styles_float\":\"\",\"label_styles_show_advanced_css\":0,\"label_styles_advanced\":\"\",\"element_styles_background-color\":\"\",\"element_styles_border\":\"\",\"element_styles_border-style\":\"\",\"element_styles_border-color\":\"\",\"element_styles_color\":\"\",\"element_styles_height\":\"\",\"element_styles_width\":\"\",\"element_styles_font-size\":\"\",\"element_styles_margin\":\"\",\"element_styles_padding\":\"\",\"element_styles_display\":\"\",\"element_styles_float\":\"\",\"element_styles_show_advanced_css\":0,\"element_styles_advanced\":\"\",\"cellcid\":\"c3375\",\"custom_name_attribute\":\"email\",\"personally_identifiable\":1,\"value\":\"\",\"drawerDisabled\":false,\"id\":2,\"beforeField\":\"\",\"afterField\":\"\",\"parentType\":\"email\",\"element_templates\":[\"email\",\"input\"],\"old_classname\":\"\",\"wrap_template\":\"wrap\"},{\"objectType\":\"Field\",\"objectDomain\":\"fields\",\"editActive\":false,\"order\":2,\"idAttribute\":\"id\",\"label\":\"Wy\\u015blij\",\"key\":\"wyslij_1640001513358\",\"type\":\"submit\",\"created_at\":\"2021-05-31 16:57:06\",\"processing_label\":\"Wysy\\u0142anie...\",\"container_class\":\"\",\"element_class\":\"\",\"wrap_styles_background-color\":\"\",\"wrap_styles_border\":\"\",\"wrap_styles_border-style\":\"\",\"wrap_styles_border-color\":\"\",\"wrap_styles_color\":\"\",\"wrap_styles_height\":\"\",\"wrap_styles_width\":\"\",\"wrap_styles_font-size\":\"\",\"wrap_styles_margin\":\"\",\"wrap_styles_padding\":\"\",\"wrap_styles_display\":\"\",\"wrap_styles_float\":\"\",\"wrap_styles_show_advanced_css\":0,\"wrap_styles_advanced\":\"\",\"label_styles_background-color\":\"\",\"label_styles_border\":\"\",\"label_styles_border-style\":\"\",\"label_styles_border-color\":\"\",\"label_styles_color\":\"\",\"label_styles_height\":\"\",\"label_styles_width\":\"\",\"label_styles_font-size\":\"\",\"label_styles_margin\":\"\",\"label_styles_padding\":\"\",\"label_styles_display\":\"\",\"label_styles_float\":\"\",\"label_styles_show_advanced_css\":0,\"label_styles_advanced\":\"\",\"element_styles_background-color\":\"\",\"element_styles_border\":\"\",\"element_styles_border-style\":\"\",\"element_styles_border-color\":\"\",\"element_styles_color\":\"\",\"element_styles_height\":\"\",\"element_styles_width\":\"\",\"element_styles_font-size\":\"\",\"element_styles_margin\":\"\",\"element_styles_padding\":\"\",\"element_styles_display\":\"\",\"element_styles_float\":\"\",\"element_styles_show_advanced_css\":0,\"element_styles_advanced\":\"\",\"submit_element_hover_styles_background-color\":\"\",\"submit_element_hover_styles_border\":\"\",\"submit_element_hover_styles_border-style\":\"\",\"submit_element_hover_styles_border-color\":\"\",\"submit_element_hover_styles_color\":\"\",\"submit_element_hover_styles_height\":\"\",\"submit_element_hover_styles_width\":\"\",\"submit_element_hover_styles_font-size\":\"\",\"submit_element_hover_styles_margin\":\"\",\"submit_element_hover_styles_padding\":\"\",\"submit_element_hover_styles_display\":\"\",\"submit_element_hover_styles_float\":\"\",\"submit_element_hover_styles_show_advanced_css\":0,\"submit_element_hover_styles_advanced\":\"\",\"cellcid\":\"c3378\",\"drawerDisabled\":false,\"id\":4,\"beforeField\":\"\",\"afterField\":\"\",\"value\":\"\",\"label_pos\":\"above\",\"parentType\":\"textbox\",\"element_templates\":[\"submit\",\"button\",\"input\"],\"old_classname\":\"\",\"wrap_template\":\"wrap-no-label\"}];nfForms.push(form);<\/script>\n                <script id=\"nf-tmpl-cell\" type=\"text\/template\">\n            <nf-fields><\/nf-fields>\n        <\/script>\n\n        <script id=\"nf-tmpl-row\" type=\"text\/template\">\n            <nf-cells><\/nf-cells>\n        <\/script>\n\n                <\/div>\r\n    <\/div>\r\n    <div class=\"ctaninja-onm ctaninja-onm-1 rbg\"><\/div>\r\n    <div class=\"ctaninja-onm ctaninja-onm-2 rbg\"><\/div>\r\n<\/section>\n\n\n<h2 class=\"wp-block-heading\" id=\"ha-wesele-zima-dekoracja-sali-weselnej\">Wesele zim\u0105 &#8211; dekoracja sali weselnej<\/h2>\n\n\n\n<p>Zima charakteryzuje si\u0119 wyj\u0105tkow\u0105 atmosfer\u0105, kt\u00f3ra sprzyja organizacji wesela. Przede wszystkim szybciej robi si\u0119 ciemno. Mo\u017cna wi\u0119c wykorzysta\u0107 ten fakt do o\u015bwietlenia wej\u015bcia na sal\u0119 weseln\u0105, jak r\u00f3wnie\u017c samego wn\u0119trza sali. Zapalone \u015bwiece na sto\u0142ach, girlandy \u015bwietlne czy reflektory w ciep\u0142ych barwach, wytworz\u0105 i\u015bcie bajkow\u0105 atmosfer\u0119. <a href=\"https:\/\/www.koronakarkonoszy.pl\/sala-weselna\/\">Sala weselna<\/a> przepe\u0142niona romantycznym blaskiem z pewno\u015bci\u0105 przypadnie do gustu go\u015bciom weselnym. Wej\u015bcie oznaczone lampionami z \u017cywym \u015bwiat\u0142em b\u0119dzie wskazywa\u0142o drog\u0119 przybywaj\u0105cym na wesele go\u015bciom.<\/p>\n\n\n<section id=\"leonardo-block_61a1ed04d01e6\" class=\"leonardo page-breaker leonardo-image-left\">\r\n    <div class=\"leonardo-body\">\r\n                <div class=\"leonardo-content\"><p>\u015awietnym pomys\u0142em b\u0119dzie stworzenie \u015bwietlistej drogi z parkingu do sali weselnej tak, aby go\u015bcie od razu wiedzieli, gdzie powinni si\u0119 kierowa\u0107. Nie zapominajmy, \u017ce to st\u00f3\u0142 Pary M\u0142odej jest tego dnia najwa\u017cniejszy i to on powinien by\u0107 najbardziej wyeksponowany. Musi by\u0107 wi\u0119c najbardziej roz\u015bwietlony \u2013 taki efekt sprawi\u0105 \u015bwiece o r\u00f3\u017cnej wysoko\u015bci, kt\u00f3re zab\u0142ysn\u0105 w szklanych menzurkach czy lampionach.<\/p>\n<\/div>\r\n                    <aside class=\"leonardo-interlink\">\r\n                <b>Polecamy<\/b>\r\n                <a href=\"https:\/\/www.koronakarkonoszy.pl\/blog\/en\/fotograf-na-slub-jakich-zdjec-oczekuja-panstwo-mlodzi\/\">Fotograf na \u015blub &#8211; jakich zdj\u0119\u0107 oczekuj\u0105 Pa\u0144stwo M\u0142odzi?<\/a>\r\n            <\/aside>\r\n            <\/div>\r\n    <div class=\"leonardo-image\">\r\n        <img loading=\"lazy\" decoding=\"async\" width=\"1000\" height=\"665\" src=\"https:\/\/www.koronakarkonoszy.pl\/blog\/wp-content\/uploads\/2020\/09\/wesele-zima1.jpg\" class=\"attachment-full size-full\" alt=\"\" srcset=\"https:\/\/www.koronakarkonoszy.pl\/blog\/wp-content\/uploads\/2020\/09\/wesele-zima1.jpg 1000w, https:\/\/www.koronakarkonoszy.pl\/blog\/wp-content\/uploads\/2020\/09\/wesele-zima1-300x200.jpg 300w, https:\/\/www.koronakarkonoszy.pl\/blog\/wp-content\/uploads\/2020\/09\/wesele-zima1-768x511.jpg 768w\" sizes=\"auto, (max-width: 1000px) 100vw, 1000px\" \/>            <\/div>\r\n<\/section>\n\n\n<h2 class=\"wp-block-heading\" id=\"ha-jakie-kwiaty-na-wesele-zima\">Jakie kwiaty na wesele zim\u0105?<\/h2>\n\n\n\n<p>Wiele par m\u0142odych decyduje si\u0119 w ostatnich latach na zielone akcenty wystroju sali weselnej. Zim\u0105 tak\u017ce mo\u017cna korzysta\u0107 z tego pomys\u0142u. Intensywna ziele\u0144 na tle bieli sprawdzi si\u0119 znakomicie. Zima kojarzy si\u0119 g\u0142\u00f3wnie ze \u015bwierkiem i jod\u0142\u0105. Te ro\u015bliny tak\u017ce s\u0105 preferowane przez M\u0142odych, ale mo\u017cna p\u00f3j\u015b\u0107 o krok dalej. Jak si\u0119 okazuje <a href=\"https:\/\/www.koronakarkonoszy.pl\/blog\/kwiaty-na-stoly-weselne\/\">kwiaty na sto\u0142y weselne<\/a> mog\u0105 mie\u0107 r\u00f3\u017cne oblicza. Bardzo modne s\u0105 li\u015bcie eukaliptusa, kt\u00f3re odejd\u0105 nieco od tematu zimy i \u015awi\u0105t Bo\u017cego Narodzenia, a jednocze\u015bnie idealnie wpisz\u0105 si\u0119 w mro\u017any klimat, dzi\u0119ki ciemnej, lekko przydymionej barwie. W dodatku li\u015bcie wygl\u0105daj\u0105, jakby pokrywa\u0142a je warstwa mrozu. Czy to nie idealny klimat na wesele zim\u0105? Eukaliptus mo\u017cna tak\u017ce wple\u015b\u0107 w bukiet&nbsp;Panny M\u0142odej oraz bukiet do butonierki przysz\u0142ego ma\u0142\u017conka. <\/p>\n\n\n\n<h2 class=\"wp-block-heading\" id=\"h-\"><\/h2>\n\n\n<section id=\"leonardo-block_61a1edc5d01e7\" class=\"leonardo page-breaker leonardo-image-right\">\r\n    <div class=\"leonardo-body\">\r\n        <h2 class=\"leonardo-title\" id=\"h-dekoracja-stolu-panstwa-mlodych-wesele-zima\">Dekoracja sto\u0142u Pa\u0144stwa M\u0142odych \u2013 wesele zim\u0105<\/h2>        <div class=\"leonardo-content\"><p>Na stole Pa\u0144stwa M\u0142odych powinien znale\u017a\u0107 si\u0119 przede wszystkim poka\u017any bukiet. Tutaj tak\u017ce mo\u017cna wykorzysta\u0107 ro\u015blinny motyw przewodni, kt\u00f3ry wybierze Para M\u0142oda. Najbezpieczniejszym, a zarazem najbardziej eleganckim sposobem na wystr\u00f3j sali weselnej jest kontunuowanie motywu przewodniego we wszystkich elementach, nie tylko w samej dekoracji, ale tak\u017ce na zaproszeniach, winietkach czy podzi\u0119kowaniach dla go\u015bci.<\/p>\n<\/div>\r\n                    <aside class=\"leonardo-interlink\">\r\n                <b>Polecamy<\/b>\r\n                <a href=\"https:\/\/www.koronakarkonoszy.pl\/blog\/en\/kolory-przewodnie-wesela\/\">Czym si\u0119 kierowa\u0107, wybieraj\u0105c kolory przewodnie wesela?<\/a>\r\n            <\/aside>\r\n            <\/div>\r\n    <div class=\"leonardo-image\">\r\n        <img loading=\"lazy\" decoding=\"async\" width=\"1000\" height=\"667\" src=\"https:\/\/www.koronakarkonoszy.pl\/blog\/wp-content\/uploads\/2020\/09\/wesele-zima2.jpg\" class=\"attachment-full size-full\" alt=\"\" srcset=\"https:\/\/www.koronakarkonoszy.pl\/blog\/wp-content\/uploads\/2020\/09\/wesele-zima2.jpg 1000w, https:\/\/www.koronakarkonoszy.pl\/blog\/wp-content\/uploads\/2020\/09\/wesele-zima2-300x200.jpg 300w, https:\/\/www.koronakarkonoszy.pl\/blog\/wp-content\/uploads\/2020\/09\/wesele-zima2-768x512.jpg 768w\" sizes=\"auto, (max-width: 1000px) 100vw, 1000px\" \/>            <\/div>\r\n<\/section>\n\n\n<p>\u015acianka za Par\u0105 M\u0142od\u0105 powinna wskazywa\u0107, \u017ce to w\u0142a\u015bnie tam siedz\u0105 najwa\u017cniejsze osoby tego dnia. Dlatego j\u0105 tak\u017ce warto przystroi\u0107. Sprawdz\u0105 si\u0119 do tego idealnie \u017cywe kwiaty oraz podwieszane s\u0142oiczki z \u017cywym ogniem w postaci zapalonych tealight\u00f3w.<\/p>\n\n\n\n<h2 class=\"wp-block-heading\" id=\"ha-stoly-gosci-dekoracje-na-wesele-zima\">Sto\u0142y go\u015bci \u2013 dekoracje na wesele zim\u0105<\/h2>\n\n\n\n<p>Zar\u00f3wno na sto\u0142ach Pa\u0144stwa M\u0142odych, jak i go\u015bci, cz\u0119sto pojawiaj\u0105 si\u0119 tkaniny w formie bie\u017cnik\u00f3w. Najcz\u0119\u015bciej s\u0105 to bie\u017cniki \u015bwiec\u0105ce \u2013 srebrne lub z\u0142ote. One najlepiej odbijaj\u0105 \u015bwiat\u0142o \u015bwiec czy reflektor\u00f3w, sprawiaj\u0105c wra\u017cenie tr\u00f3jwymiarowo\u015bci. Do tego \u015bwiece w szkle lub kandelabry ozdobione ro\u015blinami. Efekt b\u0119dzie powalaj\u0105cy. O ile kwiaty na stole Pary M\u0142odej powinny by\u0107 niskie, o tyle na sto\u0142ach go\u015bci mo\u017cna zaszale\u0107 z wysoko\u015bci\u0105, szczeg\u00f3lnie, je\u015bli sto\u0142y s\u0105 prostok\u0105tne. Mo\u017cna ustawi\u0107 je w miejscu, w kt\u00f3rym nie b\u0119d\u0105 zas\u0142ania\u0107 go\u015bciom widoku. Na sto\u0142ach okr\u0105g\u0142ych znalezienie takiego miejsca na \u015brodku mo\u017ce by\u0107 niemo\u017cliwe. Dw\u00f3r Korona Karkonoszy zadba o ka\u017cdy szczeg\u00f3\u0142 organizacji przyj\u0119cia weselnego, w tym tak\u017ce eleganckiej i zaskakuj\u0105cej dekoracji sali.<\/p>\n\n\n\n<h2 class=\"wp-block-heading\" id=\"ha-zaslubiny-w-plenerze-zima-warto-to-przezyc\">Za\u015blubiny w plenerze zim\u0105 &#8211; warto to prze\u017cy\u0107!<\/h2>\n\n\n\n<p>Dekoracja ko\u015bcio\u0142a jest oczywi\u015bcie niezale\u017cna od pory roku, w kt\u00f3rej Para M\u0142oda bierze \u015blub. Jednak wiele par decyduje si\u0119 ostatnimi czasy na za\u015blubiny w plenerze. Niestety w dalszym ci\u0105gu nie ma mo\u017cliwo\u015bci organizowania \u015blubu ko\u015bcielnego poza miejscem kultu, wi\u0119c pozostaje jedynie \u015blub cywilny. Za odpowiedni\u0105 op\u0142at\u0105 mo\u017cemy oczywi\u015bcie zorganizowa\u0107 \u015blub w plenerze. Najlepiej, je\u015bli miejsce znajduje si\u0119 w pobli\u017cu sali weselnej. Szczeg\u00f3lnie, kiedy jest to wesele zim\u0105, go\u015bcie mog\u0105 tu\u017c po uroczysto\u015bci szybko uda\u0107 si\u0119 na sal\u0119 weseln\u0105, aby si\u0119 ogrza\u0107.<\/p>\n\n\n<section id=\"leonardo-block_61a1eee9d01ea\" class=\"leonardo page-breaker leonardo-image-left\">\r\n    <div class=\"leonardo-body\">\r\n                <div class=\"leonardo-content\"><p>Warto wi\u0119c przy tej okazji przystroi\u0107 odpowiednio altan\u0119 \u015blubn\u0105 czy jakiekolwiek miejsce, w kt\u00f3rym odb\u0119dzie si\u0119 ta podnios\u0142a chwila. Mo\u017cna do tego wykorzysta\u0107 \u015bwie\u017ce zimowe kwiaty i du\u017co \u017cywego \u015bwiat\u0142a. Na krzes\u0142a go\u015bci idealnie sprawdzi si\u0119 bia\u0142a organdyna lub tiul, kt\u00f3ry b\u0119dzie idealnie wsp\u00f3\u0142gra\u0107 z zalegaj\u0105cym na \u015bcie\u017cce \u015bniegiem. W takich okoliczno\u015bciach wesele zim\u0105 b\u0119dzie zdecydowanie niezapomnian\u0105 chwil\u0105.<\/p>\n<\/div>\r\n                    <aside class=\"leonardo-interlink\">\r\n                <b>Polecamy<\/b>\r\n                <a href=\"https:\/\/www.koronakarkonoszy.pl\/blog\/en\/jak-wybrac-miejsce-na-wesele\/\">Jak wybra\u0107 miejsce na wesele?<\/a>\r\n            <\/aside>\r\n            <\/div>\r\n    <div class=\"leonardo-image\">\r\n        <img loading=\"lazy\" decoding=\"async\" width=\"1024\" height=\"683\" src=\"https:\/\/www.koronakarkonoszy.pl\/blog\/wp-content\/uploads\/2021\/07\/kulig-wesele.jpg\" class=\"attachment-full size-full\" alt=\"atrakcje na weselu\" srcset=\"https:\/\/www.koronakarkonoszy.pl\/blog\/wp-content\/uploads\/2021\/07\/kulig-wesele.jpg 1024w, https:\/\/www.koronakarkonoszy.pl\/blog\/wp-content\/uploads\/2021\/07\/kulig-wesele-300x200.jpg 300w, https:\/\/www.koronakarkonoszy.pl\/blog\/wp-content\/uploads\/2021\/07\/kulig-wesele-768x512.jpg 768w\" sizes=\"auto, (max-width: 1024px) 100vw, 1024px\" \/>            <\/div>\r\n<\/section>","protected":false},"excerpt":{"rendered":"<p>Udowadniamy, \u017ce dekoracje na sali weselnej mog\u0105 sprawi\u0107, \u017ce wesele zim\u0105 b\u0119dzie magiczne! I wcale nie potrzebujemy do tego g\u00f3ralskich przy\u015bpiewek czy sk\u00f3r z nied\u017awiedzia. Dzie\u0144 uroczysto\u015bci \u015blubnej jest dla ka\u017cdej Pary M\u0142odej niesamowitym prze\u017cyciem. Jedyna w swoim rodzaju mi\u0142o\u015b\u0107, wyj\u0105tkowe stroje, dekoracje, s\u0142owa, kt\u00f3re nigdzie indziej nie b\u0119d\u0105 wypowiedziane \u2013 ka\u017cde wesele jest niepowtarzalne. [&hellip;]<\/p>\n","protected":false},"author":11,"featured_media":972,"comment_status":"closed","ping_status":"closed","sticky":false,"template":"","format":"standard","meta":{"_acf_changed":false,"footnotes":""},"categories":[2,15],"class_list":["post-971","post","type-post","status-publish","format-standard","has-post-thumbnail","hentry","category-porady","category-wesela-zima"],"acf":[],"yoast_head":"<!-- This site is optimized with the Yoast SEO plugin v27.5 - https:\/\/yoast.com\/product\/yoast-seo-wordpress\/ -->\n<title>Wesele zim\u0105 - dekoracje na sto\u0142y go\u015bci oraz Pary M\u0142odej - :: Blog weselny<\/title>\n<meta name=\"description\" content=\"Dekoracje sali weselnej mog\u0105 sprawi\u0107, \u017ce wesele zim\u0105 b\u0119dzie magiczne! I wcale nie potrzebujemy do tego sk\u00f3r z nied\u017awiedzia.\" \/>\n<meta name=\"robots\" content=\"index, follow, max-snippet:-1, max-image-preview:large, max-video-preview:-1\" \/>\n<link rel=\"canonical\" href=\"https:\/\/www.koronakarkonoszy.pl\/blog\/en\/winter-wedding-table-decorations-for-guests-and-bride-and-groom\/\" \/>\n<meta property=\"og:locale\" content=\"en_GB\" \/>\n<meta property=\"og:type\" content=\"article\" \/>\n<meta property=\"og:title\" content=\"Wesele zim\u0105 - dekoracje na sto\u0142y go\u015bci oraz Pary M\u0142odej - :: Blog weselny\" \/>\n<meta property=\"og:description\" content=\"Dekoracje sali weselnej mog\u0105 sprawi\u0107, \u017ce wesele zim\u0105 b\u0119dzie magiczne! I wcale nie potrzebujemy do tego sk\u00f3r z nied\u017awiedzia.\" \/>\n<meta property=\"og:url\" content=\"https:\/\/www.koronakarkonoszy.pl\/blog\/en\/winter-wedding-table-decorations-for-guests-and-bride-and-groom\/\" \/>\n<meta property=\"og:site_name\" content=\":: Blog weselny\" \/>\n<meta property=\"article:published_time\" content=\"2020-09-15T21:58:48+00:00\" \/>\n<meta property=\"article:modified_time\" content=\"2023-02-09T18:46:13+00:00\" \/>\n<meta property=\"og:image\" content=\"https:\/\/www.koronakarkonoszy.pl\/blog\/wp-content\/uploads\/2021\/07\/wesele_zima_dekoracje.jpg\" \/>\n\t<meta property=\"og:image:width\" content=\"1000\" \/>\n\t<meta property=\"og:image:height\" content=\"667\" \/>\n\t<meta property=\"og:image:type\" content=\"image\/jpeg\" \/>\n<meta name=\"author\" content=\"agnieszka\" \/>\n<meta name=\"twitter:card\" content=\"summary_large_image\" \/>\n<meta name=\"twitter:label1\" content=\"Written by\" \/>\n\t<meta name=\"twitter:data1\" content=\"agnieszka\" \/>\n\t<meta name=\"twitter:label2\" content=\"Estimated reading time\" \/>\n\t<meta name=\"twitter:data2\" content=\"3 minutes\" \/>\n<script type=\"application\/ld+json\" class=\"yoast-schema-graph\">{\"@context\":\"https:\\\/\\\/schema.org\",\"@graph\":[{\"@type\":\"Article\",\"@id\":\"https:\\\/\\\/www.koronakarkonoszy.pl\\\/blog\\\/wesele-zima-dekoracje-na-stoly-gosci-oraz-pary-mlodej\\\/#article\",\"isPartOf\":{\"@id\":\"https:\\\/\\\/www.koronakarkonoszy.pl\\\/blog\\\/wesele-zima-dekoracje-na-stoly-gosci-oraz-pary-mlodej\\\/\"},\"author\":{\"name\":\"agnieszka\",\"@id\":\"https:\\\/\\\/www.koronakarkonoszy.pl\\\/blog\\\/#\\\/schema\\\/person\\\/ec8c88bd01ebe6cbf6a16435ce22276f\"},\"headline\":\"Wesele zim\u0105 &#8211; dekoracje na sto\u0142y go\u015bci oraz Pary M\u0142odej\",\"datePublished\":\"2020-09-15T21:58:48+00:00\",\"dateModified\":\"2023-02-09T18:46:13+00:00\",\"mainEntityOfPage\":{\"@id\":\"https:\\\/\\\/www.koronakarkonoszy.pl\\\/blog\\\/wesele-zima-dekoracje-na-stoly-gosci-oraz-pary-mlodej\\\/\"},\"wordCount\":869,\"image\":{\"@id\":\"https:\\\/\\\/www.koronakarkonoszy.pl\\\/blog\\\/wesele-zima-dekoracje-na-stoly-gosci-oraz-pary-mlodej\\\/#primaryimage\"},\"thumbnailUrl\":\"https:\\\/\\\/www.koronakarkonoszy.pl\\\/blog\\\/wp-content\\\/uploads\\\/2021\\\/07\\\/wesele_zima_dekoracje.jpg\",\"articleSection\":[\"Porady\",\"Wesele zima\"],\"inLanguage\":\"en-GB\"},{\"@type\":\"WebPage\",\"@id\":\"https:\\\/\\\/www.koronakarkonoszy.pl\\\/blog\\\/wesele-zima-dekoracje-na-stoly-gosci-oraz-pary-mlodej\\\/\",\"url\":\"https:\\\/\\\/www.koronakarkonoszy.pl\\\/blog\\\/wesele-zima-dekoracje-na-stoly-gosci-oraz-pary-mlodej\\\/\",\"name\":\"Wesele zim\u0105 - dekoracje na sto\u0142y go\u015bci oraz Pary M\u0142odej - :: Blog weselny\",\"isPartOf\":{\"@id\":\"https:\\\/\\\/www.koronakarkonoszy.pl\\\/blog\\\/#website\"},\"primaryImageOfPage\":{\"@id\":\"https:\\\/\\\/www.koronakarkonoszy.pl\\\/blog\\\/wesele-zima-dekoracje-na-stoly-gosci-oraz-pary-mlodej\\\/#primaryimage\"},\"image\":{\"@id\":\"https:\\\/\\\/www.koronakarkonoszy.pl\\\/blog\\\/wesele-zima-dekoracje-na-stoly-gosci-oraz-pary-mlodej\\\/#primaryimage\"},\"thumbnailUrl\":\"https:\\\/\\\/www.koronakarkonoszy.pl\\\/blog\\\/wp-content\\\/uploads\\\/2021\\\/07\\\/wesele_zima_dekoracje.jpg\",\"datePublished\":\"2020-09-15T21:58:48+00:00\",\"dateModified\":\"2023-02-09T18:46:13+00:00\",\"author\":{\"@id\":\"https:\\\/\\\/www.koronakarkonoszy.pl\\\/blog\\\/#\\\/schema\\\/person\\\/ec8c88bd01ebe6cbf6a16435ce22276f\"},\"description\":\"Dekoracje sali weselnej mog\u0105 sprawi\u0107, \u017ce wesele zim\u0105 b\u0119dzie magiczne! I wcale nie potrzebujemy do tego sk\u00f3r z nied\u017awiedzia.\",\"breadcrumb\":{\"@id\":\"https:\\\/\\\/www.koronakarkonoszy.pl\\\/blog\\\/wesele-zima-dekoracje-na-stoly-gosci-oraz-pary-mlodej\\\/#breadcrumb\"},\"inLanguage\":\"en-GB\",\"potentialAction\":[{\"@type\":\"ReadAction\",\"target\":[\"https:\\\/\\\/www.koronakarkonoszy.pl\\\/blog\\\/wesele-zima-dekoracje-na-stoly-gosci-oraz-pary-mlodej\\\/\"]}]},{\"@type\":\"ImageObject\",\"inLanguage\":\"en-GB\",\"@id\":\"https:\\\/\\\/www.koronakarkonoszy.pl\\\/blog\\\/wesele-zima-dekoracje-na-stoly-gosci-oraz-pary-mlodej\\\/#primaryimage\",\"url\":\"https:\\\/\\\/www.koronakarkonoszy.pl\\\/blog\\\/wp-content\\\/uploads\\\/2021\\\/07\\\/wesele_zima_dekoracje.jpg\",\"contentUrl\":\"https:\\\/\\\/www.koronakarkonoszy.pl\\\/blog\\\/wp-content\\\/uploads\\\/2021\\\/07\\\/wesele_zima_dekoracje.jpg\",\"width\":1000,\"height\":667,\"caption\":\"wesele zim\u0105 dekoracje\"},{\"@type\":\"BreadcrumbList\",\"@id\":\"https:\\\/\\\/www.koronakarkonoszy.pl\\\/blog\\\/wesele-zima-dekoracje-na-stoly-gosci-oraz-pary-mlodej\\\/#breadcrumb\",\"itemListElement\":[{\"@type\":\"ListItem\",\"position\":1,\"name\":\"Strona g\u0142\u00f3wna\",\"item\":\"https:\\\/\\\/www.koronakarkonoszy.pl\\\/blog\\\/\"},{\"@type\":\"ListItem\",\"position\":2,\"name\":\"Wesele zim\u0105 &#8211; dekoracje na sto\u0142y go\u015bci oraz Pary M\u0142odej\"}]},{\"@type\":\"WebSite\",\"@id\":\"https:\\\/\\\/www.koronakarkonoszy.pl\\\/blog\\\/#website\",\"url\":\"https:\\\/\\\/www.koronakarkonoszy.pl\\\/blog\\\/\",\"name\":\":: Blog weselny\",\"description\":\"Blog weselny Dw\u00f3r Korona Karkonoszy\",\"potentialAction\":[{\"@type\":\"SearchAction\",\"target\":{\"@type\":\"EntryPoint\",\"urlTemplate\":\"https:\\\/\\\/www.koronakarkonoszy.pl\\\/blog\\\/?s={search_term_string}\"},\"query-input\":{\"@type\":\"PropertyValueSpecification\",\"valueRequired\":true,\"valueName\":\"search_term_string\"}}],\"inLanguage\":\"en-GB\"},{\"@type\":\"Person\",\"@id\":\"https:\\\/\\\/www.koronakarkonoszy.pl\\\/blog\\\/#\\\/schema\\\/person\\\/ec8c88bd01ebe6cbf6a16435ce22276f\",\"name\":\"agnieszka\",\"image\":{\"@type\":\"ImageObject\",\"inLanguage\":\"en-GB\",\"@id\":\"https:\\\/\\\/www.koronakarkonoszy.pl\\\/blog\\\/wp-content\\\/litespeed\\\/avatar\\\/53ee7b676463f74d0aea1a09de3d003b.jpg?ver=1777438794\",\"url\":\"https:\\\/\\\/www.koronakarkonoszy.pl\\\/blog\\\/wp-content\\\/litespeed\\\/avatar\\\/53ee7b676463f74d0aea1a09de3d003b.jpg?ver=1777438794\",\"contentUrl\":\"https:\\\/\\\/www.koronakarkonoszy.pl\\\/blog\\\/wp-content\\\/litespeed\\\/avatar\\\/53ee7b676463f74d0aea1a09de3d003b.jpg?ver=1777438794\",\"caption\":\"agnieszka\"},\"url\":\"https:\\\/\\\/www.koronakarkonoszy.pl\\\/blog\\\/en\\\/author\\\/agnieszka\\\/\"}]}<\/script>\n<!-- \/ Yoast SEO plugin. -->","yoast_head_json":{"title":"Winter wedding - decorations for the tables of guests and the bride and groom - :: Wedding blog","description":"Wedding hall decorations can make a winter wedding magical! And we don&#039;t need bear skins for that.","robots":{"index":"index","follow":"follow","max-snippet":"max-snippet:-1","max-image-preview":"max-image-preview:large","max-video-preview":"max-video-preview:-1"},"canonical":"https:\/\/www.koronakarkonoszy.pl\/blog\/en\/winter-wedding-table-decorations-for-guests-and-bride-and-groom\/","og_locale":"en_GB","og_type":"article","og_title":"Wesele zim\u0105 - dekoracje na sto\u0142y go\u015bci oraz Pary M\u0142odej - :: Blog weselny","og_description":"Dekoracje sali weselnej mog\u0105 sprawi\u0107, \u017ce wesele zim\u0105 b\u0119dzie magiczne! I wcale nie potrzebujemy do tego sk\u00f3r z nied\u017awiedzia.","og_url":"https:\/\/www.koronakarkonoszy.pl\/blog\/en\/winter-wedding-table-decorations-for-guests-and-bride-and-groom\/","og_site_name":":: Blog weselny","article_published_time":"2020-09-15T21:58:48+00:00","article_modified_time":"2023-02-09T18:46:13+00:00","og_image":[{"width":1000,"height":667,"url":"https:\/\/www.koronakarkonoszy.pl\/blog\/wp-content\/uploads\/2021\/07\/wesele_zima_dekoracje.jpg","type":"image\/jpeg"}],"author":"agnieszka","twitter_card":"summary_large_image","twitter_misc":{"Written by":"agnieszka","Estimated reading time":"3 minutes"},"schema":{"@context":"https:\/\/schema.org","@graph":[{"@type":"Article","@id":"https:\/\/www.koronakarkonoszy.pl\/blog\/wesele-zima-dekoracje-na-stoly-gosci-oraz-pary-mlodej\/#article","isPartOf":{"@id":"https:\/\/www.koronakarkonoszy.pl\/blog\/wesele-zima-dekoracje-na-stoly-gosci-oraz-pary-mlodej\/"},"author":{"name":"agnieszka","@id":"https:\/\/www.koronakarkonoszy.pl\/blog\/#\/schema\/person\/ec8c88bd01ebe6cbf6a16435ce22276f"},"headline":"Wesele zim\u0105 &#8211; dekoracje na sto\u0142y go\u015bci oraz Pary M\u0142odej","datePublished":"2020-09-15T21:58:48+00:00","dateModified":"2023-02-09T18:46:13+00:00","mainEntityOfPage":{"@id":"https:\/\/www.koronakarkonoszy.pl\/blog\/wesele-zima-dekoracje-na-stoly-gosci-oraz-pary-mlodej\/"},"wordCount":869,"image":{"@id":"https:\/\/www.koronakarkonoszy.pl\/blog\/wesele-zima-dekoracje-na-stoly-gosci-oraz-pary-mlodej\/#primaryimage"},"thumbnailUrl":"https:\/\/www.koronakarkonoszy.pl\/blog\/wp-content\/uploads\/2021\/07\/wesele_zima_dekoracje.jpg","articleSection":["Porady","Wesele zima"],"inLanguage":"en-GB"},{"@type":"WebPage","@id":"https:\/\/www.koronakarkonoszy.pl\/blog\/wesele-zima-dekoracje-na-stoly-gosci-oraz-pary-mlodej\/","url":"https:\/\/www.koronakarkonoszy.pl\/blog\/wesele-zima-dekoracje-na-stoly-gosci-oraz-pary-mlodej\/","name":"Winter wedding - decorations for the tables of guests and the bride and groom - :: Wedding blog","isPartOf":{"@id":"https:\/\/www.koronakarkonoszy.pl\/blog\/#website"},"primaryImageOfPage":{"@id":"https:\/\/www.koronakarkonoszy.pl\/blog\/wesele-zima-dekoracje-na-stoly-gosci-oraz-pary-mlodej\/#primaryimage"},"image":{"@id":"https:\/\/www.koronakarkonoszy.pl\/blog\/wesele-zima-dekoracje-na-stoly-gosci-oraz-pary-mlodej\/#primaryimage"},"thumbnailUrl":"https:\/\/www.koronakarkonoszy.pl\/blog\/wp-content\/uploads\/2021\/07\/wesele_zima_dekoracje.jpg","datePublished":"2020-09-15T21:58:48+00:00","dateModified":"2023-02-09T18:46:13+00:00","author":{"@id":"https:\/\/www.koronakarkonoszy.pl\/blog\/#\/schema\/person\/ec8c88bd01ebe6cbf6a16435ce22276f"},"description":"Wedding hall decorations can make a winter wedding magical! And we don&#039;t need bear skins for that.","breadcrumb":{"@id":"https:\/\/www.koronakarkonoszy.pl\/blog\/wesele-zima-dekoracje-na-stoly-gosci-oraz-pary-mlodej\/#breadcrumb"},"inLanguage":"en-GB","potentialAction":[{"@type":"ReadAction","target":["https:\/\/www.koronakarkonoszy.pl\/blog\/wesele-zima-dekoracje-na-stoly-gosci-oraz-pary-mlodej\/"]}]},{"@type":"ImageObject","inLanguage":"en-GB","@id":"https:\/\/www.koronakarkonoszy.pl\/blog\/wesele-zima-dekoracje-na-stoly-gosci-oraz-pary-mlodej\/#primaryimage","url":"https:\/\/www.koronakarkonoszy.pl\/blog\/wp-content\/uploads\/2021\/07\/wesele_zima_dekoracje.jpg","contentUrl":"https:\/\/www.koronakarkonoszy.pl\/blog\/wp-content\/uploads\/2021\/07\/wesele_zima_dekoracje.jpg","width":1000,"height":667,"caption":"wesele zim\u0105 dekoracje"},{"@type":"BreadcrumbList","@id":"https:\/\/www.koronakarkonoszy.pl\/blog\/wesele-zima-dekoracje-na-stoly-gosci-oraz-pary-mlodej\/#breadcrumb","itemListElement":[{"@type":"ListItem","position":1,"name":"Strona g\u0142\u00f3wna","item":"https:\/\/www.koronakarkonoszy.pl\/blog\/"},{"@type":"ListItem","position":2,"name":"Wesele zim\u0105 &#8211; dekoracje na sto\u0142y go\u015bci oraz Pary M\u0142odej"}]},{"@type":"WebSite","@id":"https:\/\/www.koronakarkonoszy.pl\/blog\/#website","url":"https:\/\/www.koronakarkonoszy.pl\/blog\/","name":":: Wedding blog","description":"Wedding blog Dw\u00f3r Korona Karkonosze","potentialAction":[{"@type":"SearchAction","target":{"@type":"EntryPoint","urlTemplate":"https:\/\/www.koronakarkonoszy.pl\/blog\/?s={search_term_string}"},"query-input":{"@type":"PropertyValueSpecification","valueRequired":true,"valueName":"search_term_string"}}],"inLanguage":"en-GB"},{"@type":"Person","@id":"https:\/\/www.koronakarkonoszy.pl\/blog\/#\/schema\/person\/ec8c88bd01ebe6cbf6a16435ce22276f","name":"Agnes","image":{"@type":"ImageObject","inLanguage":"en-GB","@id":"https:\/\/www.koronakarkonoszy.pl\/blog\/wp-content\/litespeed\/avatar\/53ee7b676463f74d0aea1a09de3d003b.jpg?ver=1777438794","url":"https:\/\/www.koronakarkonoszy.pl\/blog\/wp-content\/litespeed\/avatar\/53ee7b676463f74d0aea1a09de3d003b.jpg?ver=1777438794","contentUrl":"https:\/\/www.koronakarkonoszy.pl\/blog\/wp-content\/litespeed\/avatar\/53ee7b676463f74d0aea1a09de3d003b.jpg?ver=1777438794","caption":"agnieszka"},"url":"https:\/\/www.koronakarkonoszy.pl\/blog\/en\/author\/agnieszka\/"}]}},"_links":{"self":[{"href":"https:\/\/www.koronakarkonoszy.pl\/blog\/en\/wp-json\/wp\/v2\/posts\/971","targetHints":{"allow":["GET"]}}],"collection":[{"href":"https:\/\/www.koronakarkonoszy.pl\/blog\/en\/wp-json\/wp\/v2\/posts"}],"about":[{"href":"https:\/\/www.koronakarkonoszy.pl\/blog\/en\/wp-json\/wp\/v2\/types\/post"}],"author":[{"embeddable":true,"href":"https:\/\/www.koronakarkonoszy.pl\/blog\/en\/wp-json\/wp\/v2\/users\/11"}],"replies":[{"embeddable":true,"href":"https:\/\/www.koronakarkonoszy.pl\/blog\/en\/wp-json\/wp\/v2\/comments?post=971"}],"version-history":[{"count":0,"href":"https:\/\/www.koronakarkonoszy.pl\/blog\/en\/wp-json\/wp\/v2\/posts\/971\/revisions"}],"wp:featuredmedia":[{"embeddable":true,"href":"https:\/\/www.koronakarkonoszy.pl\/blog\/en\/wp-json\/wp\/v2\/media\/972"}],"wp:attachment":[{"href":"https:\/\/www.koronakarkonoszy.pl\/blog\/en\/wp-json\/wp\/v2\/media?parent=971"}],"wp:term":[{"taxonomy":"category","embeddable":true,"href":"https:\/\/www.koronakarkonoszy.pl\/blog\/en\/wp-json\/wp\/v2\/categories?post=971"}],"curies":[{"name":"wp","href":"https:\/\/api.w.org\/{rel}","templated":true}]}}