{"id":940,"date":"2020-10-15T14:56:38","date_gmt":"2020-10-15T12:56:38","guid":{"rendered":"https:\/\/www.koronakarkonoszy.pl\/blog\/?p=940"},"modified":"2025-02-14T10:52:52","modified_gmt":"2025-02-14T09:52:52","slug":"accommodation-for-wedding-guests-rooms-with-soul-2","status":"publish","type":"post","link":"https:\/\/www.koronakarkonoszy.pl\/blog\/en\/nocleg-dla-gosci-weselnych-pokoje-z-dusza\/","title":{"rendered":"Accommodation for wedding guests - rooms with a soul"},"content":{"rendered":"\n<p><strong>Szukaj\u0105c hotelu, sali czy innego miejsca na wesele z pewno\u015bci\u0105 nie raz spotkali\u015bcie si\u0119 z informacj\u0105: pokoje urz\u0105dzone<\/strong> <strong>s\u0105 w stylu\u2026 W\u0142a\u015bnie \u2013 w przypadku Dworu Korona Karkonoszy nie jest \u0142atwo doko\u0144czy\u0107 to zdanie. Naszym celem jest bowiem, aby ka\u017cda chwila sp\u0119dzona u nas, \u0142\u0105cznie z noclegiem, by\u0142a niezapomnianym prze\u017cyciem. Dlatego ka\u017cdy z naszych pokoj\u00f3w posiada sw\u00f3j niepowtarzalny, wyj\u0105tkowy charakter. Dlaczego w\u0142a\u015bciwie nocleg dla go\u015bci weselnych warto zaplanowa\u0107 w wyj\u0105tkowym miejscu?<\/strong><\/p>\n\n\n<div id=\"ariadna-block_be134ac252e9d9b55d5005ff43ff4b28\" class=\"ariadna\">\r\n    <ul><li><a href=\"#h-nocleg-dla-go-ci-weselnych-dw-r-korona-karkonoszy\">Nocleg dla go\u015bci weselnych &#8211; Dw\u00f3r Korona Karkonoszy<\/a><\/li><li><a href=\"#ha-noclegi-dla-gosci-weselnych-i-pary-mlodej\">Noclegi dla go\u015bci weselnych i Pary M\u0142odej<\/a><\/li><li><a href=\"#ha-planujecie-nocleg-dla-gosci-weselnych\">Planujecie nocleg dla go\u015bci weselnych?<\/a><\/li><li><a href=\"#h-wesele-w-gorach-z-noclegiem\">Wesele w g\u00f3rach z noclegiem<\/a><\/li><li><a href=\"#ha-nocleg-dla-gosci-weselnych-zapewniac-czy-nie\">Nocleg dla go\u015bci weselnych \u2013 zapewnia\u0107 czy nie?<\/a><\/li><li><a href=\"#h-nastrojowe-pokoje\">Nastrojowe pokoje<\/a><\/li><li><a href=\"#ha-nocleg-dla-gosci-weselnych-komfort-rowniez-na-dluzszy-pobyt\">Nocleg dla go\u015bci weselnych \u2013 komfort, r\u00f3wnie\u017c na d\u0142u\u017cszy pobyt<\/a><\/li><\/ul>\r\n<\/div>\r\n\r\n\r\n\r\n\n\n\n<h2 class=\"wp-block-heading\" id=\"h-nocleg-dla-go-ci-weselnych-dw-r-korona-karkonoszy\">Nocleg dla go\u015bci weselnych &#8211; Dw\u00f3r Korona Karkonoszy<\/h2>\n\n\n\n<p>Najpro\u015bciej mo\u017cna by powiedzie\u0107, \u017ce nasze pokoje, apartamenty i saloniki urz\u0105dzili\u015bmy w stylu eklektycznym. Rozpoczynaj\u0105c w\u0119dr\u00f3wk\u0119 od do\u0142u, np. z Dworskiej Sali Balowej czy Sommelier Club, trafimy na Parter Podr\u00f3\u017cnika. Znajdziemy tu wn\u0119trza inspirowane przygodami i r\u00f3\u017cnymi zak\u0105tkami globu. Np. nawi\u0105zuj\u0105cy do stylu kolonialnego Pok\u00f3j Afryka\u0144ski, Prowansalski czy uwielbian\u0105 przez dzieci Kajut\u0119 Marynarza z pi\u0119trowym \u0142\u00f3\u017ckiem. Wszystko utrzymane jest w konkretnej konwencji. Mimo, \u017ce poszczeg\u00f3lne pi\u0119tra czy obszary Dworu s\u0105 urz\u0105dzone zupe\u0142nie inaczej, wszystko ze sob\u0105 wsp\u00f3\u0142gra.<\/p>\n\n\n\n<h2 class=\"wp-block-heading\" id=\"ha-noclegi-dla-gosci-weselnych-i-pary-mlodej\">Noclegi dla go\u015bci weselnych i Pary M\u0142odej<\/h2>\n\n\n\n<p>Na Pi\u0119trze Ogrodowym znajduj\u0105 si\u0119 z kolei wn\u0119trza, nawi\u0105zuj\u0105ce do natury i motyw\u00f3w ro\u015blinnych. Utrzymany w bia\u0142o-zielonej kolorystyce Apartament Botaniczny to jedno z najpopularniejszych miejsc na pami\u0105tkowe zdj\u0119cia. Tu tak\u017ce odnajdziemy pogodne, sprzyjaj\u0105ce relaksowi saloniki: S\u0142oneczny i z Motylami. Niezwykle ciekawy jest te\u017c pok\u00f3j Wiejska Sielanka. Dzi\u0119ki oryginalnym elementom wyposa\u017cenia (np. tarka do prania r\u0119cznego czy monid\u0142o weselne z po\u0142owy ubieg\u0142ego wieku). Nocleg dla go\u015bci weselnych w tych pomieszczeniach to prawdziwa przyjemno\u015b\u0107.<\/p>\n\n\n<section id=\"ctaninja-block_f70286b611603ed08d07b7e1cf8185b2\" class=\"ctaninja\">\r\n    <div class=\"ctaninja-body\">\r\n        <h2 class=\"h1\" id=\"ha-planujecie-nocleg-dla-gosci-weselnych\">Planujecie nocleg dla go\u015bci weselnych?<\/h2>\r\n        <p>Nasze wn\u0119trza urzekn\u0105 ka\u017cdego \u2665<\/p>\r\n        <div class=\"nf-container\">\r\n            <noscript class=\"ninja-forms-noscript-message\">\n\tNotice: JavaScript is required for this content.<\/noscript>\n<div id=\"nf-form-1-cont\" class=\"nf-form-cont\" aria-live=\"polite\" aria-labelledby=\"nf-form-title-1\" aria-describedby=\"nf-form-errors-1\" role=\"form\">\n\n    <div class=\"nf-loading-spinner\"><\/div>\n\n<\/div>\n        <!-- That data is being printed as a workaround to page builders reordering the order of the scripts loaded-->\n        <script>var formDisplay=1;var nfForms=nfForms||[];var form=[];form.id='1';form.settings={\"objectType\":\"Form Setting\",\"editActive\":\"\",\"title\":\"Contact Me\",\"key\":\"\",\"created_at\":\"2021-05-31 16:57:05\",\"default_label_pos\":\"above\",\"conditions\":[],\"show_title\":\"1\",\"clear_complete\":\"1\",\"hide_complete\":\"1\",\"wrapper_class\":\"\",\"element_class\":\"\",\"add_submit\":\"1\",\"logged_in\":\"\",\"not_logged_in_msg\":\"\",\"sub_limit_number\":\"\",\"sub_limit_msg\":\"\",\"calculations\":[],\"formContentData\":[{\"order\":1,\"cells\":[{\"order\":0,\"fields\":[\"email\"],\"width\":50},{\"order\":1,\"fields\":[\"wyslij_1640001513358\"],\"width\":50}]}],\"container_styles_background-color\":\"\",\"container_styles_border\":\"\",\"container_styles_border-style\":\"\",\"container_styles_border-color\":\"\",\"container_styles_color\":\"\",\"container_styles_height\":\"\",\"container_styles_width\":\"\",\"container_styles_font-size\":\"\",\"container_styles_margin\":\"\",\"container_styles_padding\":\"\",\"container_styles_display\":\"\",\"container_styles_float\":\"\",\"container_styles_show_advanced_css\":\"0\",\"container_styles_advanced\":\"\",\"title_styles_background-color\":\"\",\"title_styles_border\":\"\",\"title_styles_border-style\":\"\",\"title_styles_border-color\":\"\",\"title_styles_color\":\"\",\"title_styles_height\":\"\",\"title_styles_width\":\"\",\"title_styles_font-size\":\"\",\"title_styles_margin\":\"\",\"title_styles_padding\":\"\",\"title_styles_display\":\"\",\"title_styles_float\":\"\",\"title_styles_show_advanced_css\":\"0\",\"title_styles_advanced\":\"\",\"row_styles_background-color\":\"\",\"row_styles_border\":\"\",\"row_styles_border-style\":\"\",\"row_styles_border-color\":\"\",\"row_styles_color\":\"\",\"row_styles_height\":\"\",\"row_styles_width\":\"\",\"row_styles_font-size\":\"\",\"row_styles_margin\":\"\",\"row_styles_padding\":\"\",\"row_styles_display\":\"\",\"row_styles_show_advanced_css\":\"0\",\"row_styles_advanced\":\"\",\"row-odd_styles_background-color\":\"\",\"row-odd_styles_border\":\"\",\"row-odd_styles_border-style\":\"\",\"row-odd_styles_border-color\":\"\",\"row-odd_styles_color\":\"\",\"row-odd_styles_height\":\"\",\"row-odd_styles_width\":\"\",\"row-odd_styles_font-size\":\"\",\"row-odd_styles_margin\":\"\",\"row-odd_styles_padding\":\"\",\"row-odd_styles_display\":\"\",\"row-odd_styles_show_advanced_css\":\"0\",\"row-odd_styles_advanced\":\"\",\"success-msg_styles_background-color\":\"\",\"success-msg_styles_border\":\"\",\"success-msg_styles_border-style\":\"\",\"success-msg_styles_border-color\":\"\",\"success-msg_styles_color\":\"\",\"success-msg_styles_height\":\"\",\"success-msg_styles_width\":\"\",\"success-msg_styles_font-size\":\"\",\"success-msg_styles_margin\":\"\",\"success-msg_styles_padding\":\"\",\"success-msg_styles_display\":\"\",\"success-msg_styles_show_advanced_css\":\"0\",\"success-msg_styles_advanced\":\"\",\"error_msg_styles_background-color\":\"\",\"error_msg_styles_border\":\"\",\"error_msg_styles_border-style\":\"\",\"error_msg_styles_border-color\":\"\",\"error_msg_styles_color\":\"\",\"error_msg_styles_height\":\"\",\"error_msg_styles_width\":\"\",\"error_msg_styles_font-size\":\"\",\"error_msg_styles_margin\":\"\",\"error_msg_styles_padding\":\"\",\"error_msg_styles_display\":\"\",\"error_msg_styles_show_advanced_css\":\"0\",\"error_msg_styles_advanced\":\"\",\"allow_public_link\":0,\"embed_form\":\"\",\"currency\":\"\",\"repeatable_fieldsets\":\"\",\"unique_field_error\":\"Formularz z t\\u0105 warto\\u015bci\\u0105 zosta\\u0142 ju\\u017c przes\\u0142any.\",\"ninjaForms\":\"Ninja Forms\",\"changeEmailErrorMsg\":\"Please enter a valid email address!\",\"changeDateErrorMsg\":\"Please enter a valid date!\",\"confirmFieldErrorMsg\":\"These fields must match!\",\"fieldNumberNumMinError\":\"Number Min Error\",\"fieldNumberNumMaxError\":\"Number Max Error\",\"fieldNumberIncrementBy\":\"Please increment by \",\"fieldTextareaRTEInsertLink\":\"Insert Link\",\"fieldTextareaRTEInsertMedia\":\"Insert Media\",\"fieldTextareaRTESelectAFile\":\"Select a file\",\"formErrorsCorrectErrors\":\"Please correct errors before submitting this form.\",\"formHoneypot\":\"If you are a human seeing this field, please leave it empty.\",\"validateRequiredField\":\"This is a required field.\",\"honeypotHoneypotError\":\"Honeypot Error\",\"fileUploadOldCodeFileUploadInProgress\":\"File Upload in Progress.\",\"fileUploadOldCodeFileUpload\":\"FILE UPLOAD\",\"currencySymbol\":\"&#36;\",\"fieldsMarkedRequired\":\"Fields marked with an <span class=\\\"ninja-forms-req-symbol\\\">*<\\\/span> are required\",\"thousands_sep\":\",\",\"decimal_point\":\".\",\"siteLocale\":\"en_GB\",\"dateFormat\":\"m\\\/d\\\/Y\",\"startOfWeek\":\"1\",\"of\":\"of\",\"previousMonth\":\"Previous Month\",\"nextMonth\":\"Next Month\",\"months\":[\"January\",\"February\",\"March\",\"April\",\"May\",\"June\",\"July\",\"August\",\"September\",\"October\",\"November\",\"December\"],\"monthsShort\":[\"Jan\",\"Feb\",\"Mar\",\"Apr\",\"May\",\"Jun\",\"Jul\",\"Aug\",\"Sep\",\"Oct\",\"Nov\",\"Dec\"],\"weekdays\":[\"Sunday\",\"Monday\",\"Tuesday\",\"Wednesday\",\"Thursday\",\"Friday\",\"Saturday\"],\"weekdaysShort\":[\"Sun\",\"Mon\",\"Tue\",\"Wed\",\"Thu\",\"Fri\",\"Sat\"],\"weekdaysMin\":[\"Su\",\"Mo\",\"Tu\",\"We\",\"Th\",\"Fr\",\"Sa\"],\"recaptchaConsentMissing\":\"reCaptcha validation couldn&#039;t load.\",\"recaptchaMissingCookie\":\"reCaptcha v3 validation couldn&#039;t load the cookie needed to submit the form.\",\"recaptchaConsentEvent\":\"Accept reCaptcha cookies before sending the form.\",\"currency_symbol\":\"\",\"beforeForm\":\"\",\"beforeFields\":\"\",\"afterFields\":\"\",\"afterForm\":\"\"};form.fields=[{\"objectType\":\"Field\",\"objectDomain\":\"fields\",\"editActive\":false,\"order\":1,\"idAttribute\":\"id\",\"label\":\"Email\",\"key\":\"email\",\"type\":\"email\",\"created_at\":\"2021-05-31 16:57:06\",\"label_pos\":\"above\",\"required\":1,\"placeholder\":\"Podaj maila, skontaktujemy si\\u0119 z Tob\\u0105\",\"default\":\"\",\"wrapper_class\":\"\",\"element_class\":\"\",\"container_class\":\"\",\"admin_label\":\"\",\"help_text\":\"\",\"desc_text\":\"\",\"wrap_styles_background-color\":\"\",\"wrap_styles_border\":\"\",\"wrap_styles_border-style\":\"\",\"wrap_styles_border-color\":\"\",\"wrap_styles_color\":\"\",\"wrap_styles_height\":\"\",\"wrap_styles_width\":\"\",\"wrap_styles_font-size\":\"\",\"wrap_styles_margin\":\"\",\"wrap_styles_padding\":\"\",\"wrap_styles_display\":\"\",\"wrap_styles_float\":\"\",\"wrap_styles_show_advanced_css\":0,\"wrap_styles_advanced\":\"\",\"label_styles_background-color\":\"\",\"label_styles_border\":\"\",\"label_styles_border-style\":\"\",\"label_styles_border-color\":\"\",\"label_styles_color\":\"\",\"label_styles_height\":\"\",\"label_styles_width\":\"\",\"label_styles_font-size\":\"\",\"label_styles_margin\":\"\",\"label_styles_padding\":\"\",\"label_styles_display\":\"\",\"label_styles_float\":\"\",\"label_styles_show_advanced_css\":0,\"label_styles_advanced\":\"\",\"element_styles_background-color\":\"\",\"element_styles_border\":\"\",\"element_styles_border-style\":\"\",\"element_styles_border-color\":\"\",\"element_styles_color\":\"\",\"element_styles_height\":\"\",\"element_styles_width\":\"\",\"element_styles_font-size\":\"\",\"element_styles_margin\":\"\",\"element_styles_padding\":\"\",\"element_styles_display\":\"\",\"element_styles_float\":\"\",\"element_styles_show_advanced_css\":0,\"element_styles_advanced\":\"\",\"cellcid\":\"c3375\",\"custom_name_attribute\":\"email\",\"personally_identifiable\":1,\"value\":\"\",\"drawerDisabled\":false,\"id\":2,\"beforeField\":\"\",\"afterField\":\"\",\"parentType\":\"email\",\"element_templates\":[\"email\",\"input\"],\"old_classname\":\"\",\"wrap_template\":\"wrap\"},{\"objectType\":\"Field\",\"objectDomain\":\"fields\",\"editActive\":false,\"order\":2,\"idAttribute\":\"id\",\"label\":\"Wy\\u015blij\",\"key\":\"wyslij_1640001513358\",\"type\":\"submit\",\"created_at\":\"2021-05-31 16:57:06\",\"processing_label\":\"Wysy\\u0142anie...\",\"container_class\":\"\",\"element_class\":\"\",\"wrap_styles_background-color\":\"\",\"wrap_styles_border\":\"\",\"wrap_styles_border-style\":\"\",\"wrap_styles_border-color\":\"\",\"wrap_styles_color\":\"\",\"wrap_styles_height\":\"\",\"wrap_styles_width\":\"\",\"wrap_styles_font-size\":\"\",\"wrap_styles_margin\":\"\",\"wrap_styles_padding\":\"\",\"wrap_styles_display\":\"\",\"wrap_styles_float\":\"\",\"wrap_styles_show_advanced_css\":0,\"wrap_styles_advanced\":\"\",\"label_styles_background-color\":\"\",\"label_styles_border\":\"\",\"label_styles_border-style\":\"\",\"label_styles_border-color\":\"\",\"label_styles_color\":\"\",\"label_styles_height\":\"\",\"label_styles_width\":\"\",\"label_styles_font-size\":\"\",\"label_styles_margin\":\"\",\"label_styles_padding\":\"\",\"label_styles_display\":\"\",\"label_styles_float\":\"\",\"label_styles_show_advanced_css\":0,\"label_styles_advanced\":\"\",\"element_styles_background-color\":\"\",\"element_styles_border\":\"\",\"element_styles_border-style\":\"\",\"element_styles_border-color\":\"\",\"element_styles_color\":\"\",\"element_styles_height\":\"\",\"element_styles_width\":\"\",\"element_styles_font-size\":\"\",\"element_styles_margin\":\"\",\"element_styles_padding\":\"\",\"element_styles_display\":\"\",\"element_styles_float\":\"\",\"element_styles_show_advanced_css\":0,\"element_styles_advanced\":\"\",\"submit_element_hover_styles_background-color\":\"\",\"submit_element_hover_styles_border\":\"\",\"submit_element_hover_styles_border-style\":\"\",\"submit_element_hover_styles_border-color\":\"\",\"submit_element_hover_styles_color\":\"\",\"submit_element_hover_styles_height\":\"\",\"submit_element_hover_styles_width\":\"\",\"submit_element_hover_styles_font-size\":\"\",\"submit_element_hover_styles_margin\":\"\",\"submit_element_hover_styles_padding\":\"\",\"submit_element_hover_styles_display\":\"\",\"submit_element_hover_styles_float\":\"\",\"submit_element_hover_styles_show_advanced_css\":0,\"submit_element_hover_styles_advanced\":\"\",\"cellcid\":\"c3378\",\"drawerDisabled\":false,\"id\":4,\"beforeField\":\"\",\"afterField\":\"\",\"value\":\"\",\"label_pos\":\"above\",\"parentType\":\"textbox\",\"element_templates\":[\"submit\",\"button\",\"input\"],\"old_classname\":\"\",\"wrap_template\":\"wrap-no-label\"}];nfForms.push(form);<\/script>\n                <script id=\"nf-tmpl-cell\" type=\"text\/template\">\n            <nf-fields><\/nf-fields>\n        <\/script>\n\n        <script id=\"nf-tmpl-row\" type=\"text\/template\">\n            <nf-cells><\/nf-cells>\n        <\/script>\n\n                <\/div>\r\n    <\/div>\r\n    <div class=\"ctaninja-onm ctaninja-onm-1 rbg\"><\/div>\r\n    <div class=\"ctaninja-onm ctaninja-onm-2 rbg\"><\/div>\r\n<\/section>\n\n\n<p>Kontynuuj\u0105c w\u0119dr\u00f3wk\u0119 ku g\u00f3rze trafimy na Pi\u0119tro Dworskie, z pokojami urz\u0105dzonymi w wytwornym, eleganckim stylu. Apartament Srebrny i Salonik Kr\u00f3lowej \u015aniegu od dawna konkuruj\u0105 o miano ulubionego wn\u0119trza M\u0142odych Par. Dzi\u0119ki kolorystyce i wystrojowi, w Pokoju Miedzianym poczujemy si\u0119 jak bohaterowie romansu z XIX w. Z kolei w Apartamencie Zwierciadlanym odnajdziemy spok\u00f3j i ukojenie po ca\u0142onocnej zabawie.&nbsp;<a href=\"https:\/\/www.koronakarkonoszy.pl\/Stylowe_pokoje\/\" target=\"_blank\" rel=\"noreferrer noopener\">Wesele z noclegiem w g\u00f3rach<\/a>&nbsp;w takim wydaniu staje si\u0119 niezapomnianym prze\u017cyciem.<\/p>\n\n\n\n<p>Ostatnie pi\u0119tro \u2013 Teatralne \u2013 to ho\u0142d dla r\u00f3\u017cnych dziedzin sztuki. Po\u0142o\u017cone tu pokoje posiadaj\u0105 sko\u015bny sufit, co nawi\u0105zuje \u017cycia malarzy i artyst\u00f3w z dawnych lat, tworz\u0105cych cz\u0119sto na strychach i poddaszach. Salonik Aktora inspirowany jest kinem i teatrem azjatyckim. Znajdziemy tu wiele niepowtarzalnych rekwizyt\u00f3w i dodatk\u00f3w, co nadaje temu wn\u0119trzu niezwyk\u0142ego uroku. Podobnie jest w przypadku Saloniku Fotografa \u2013 jego wystr\u00f3j przywo\u0142uje z kolei na my\u015bl pracowni\u0119 z pocz\u0105tk\u00f3w ery fotograficznego szale\u0144stwa.<\/p>\n\n\n<section id=\"leonardo-block_3af723c4fc6511501d2de6089c230c2a\" class=\"leonardo page-breaker leonardo-image-left\">\r\n    <div class=\"leonardo-body\">\r\n        <h2 class=\"leonardo-title\" id=\"h-wesele-w-gorach-z-noclegiem\">Wesele w g\u00f3rach z noclegiem <\/h2>        <div class=\"leonardo-content\"><p>Nocleg w Dworze Korona Karkonoszy to co\u015b, co nasi go\u015bcie mile wspominaj\u0105 przez d\u0142ugie lata. Nie zapominamy przy tym o wzgl\u0119dach praktycznych \u2013 posiadamy te\u017c pokoje z \u0142azienk\u0105 dostosowane do potrzeb os\u00f3b starszych i poruszaj\u0105cych si\u0119 na w\u00f3zku. Ka\u017cdy znajdzie u nas pok\u00f3j dostosowany do swoich potrzeb, gustu i temperamentu.<\/p>\n<\/div>\r\n                    <aside class=\"leonardo-interlink\">\r\n                <b>Polecamy<\/b>\r\n                <a href=\"https:\/\/www.koronakarkonoszy.pl\/blog\/en\/urlop-na-wesele\/\">Komu przys\u0142uguje urlop na wesele?<\/a>\r\n            <\/aside>\r\n            <\/div>\r\n    <div class=\"leonardo-image\">\r\n        <img loading=\"lazy\" decoding=\"async\" width=\"1024\" height=\"683\" src=\"https:\/\/www.koronakarkonoszy.pl\/blog\/wp-content\/uploads\/2021\/07\/wesele-w-gorach-z-noclegiem2.jpg\" class=\"attachment-full size-full\" alt=\"\" srcset=\"https:\/\/www.koronakarkonoszy.pl\/blog\/wp-content\/uploads\/2021\/07\/wesele-w-gorach-z-noclegiem2.jpg 1024w, https:\/\/www.koronakarkonoszy.pl\/blog\/wp-content\/uploads\/2021\/07\/wesele-w-gorach-z-noclegiem2-300x200.jpg 300w, https:\/\/www.koronakarkonoszy.pl\/blog\/wp-content\/uploads\/2021\/07\/wesele-w-gorach-z-noclegiem2-768x512.jpg 768w\" sizes=\"auto, (max-width: 1024px) 100vw, 1024px\" \/>            <\/div>\r\n<\/section>\n\n\n<h2 class=\"wp-block-heading\" id=\"ha-nocleg-dla-gosci-weselnych-zapewniac-czy-nie\">Nocleg dla go\u015bci weselnych \u2013 zapewnia\u0107 czy nie?<\/h2>\n\n\n\n<p>Wr\u00f3\u0107my jednak do samego pocz\u0105tku. Zastan\u00f3wmy si\u0119, czy zapewnienie noclegu dla go\u015bci weselnych ma sens. I dlaczego g\u0142osy w tej sprawie s\u0105 podzielone?<\/p>\n\n\n\n<p>Wygodny nocleg dla go\u015bci weselnych jest niezb\u0119dny dla os\u00f3b, kt\u00f3re nie mieszkaj\u0105 w pobli\u017cu miejsca uroczysto\u015bci. A wesela wyjazdowe s\u0105 coraz bardziej popularne. Wiele Par M\u0142odych szuka miejsca na wesele w regionie, kt\u00f3ry specjalizuje si\u0119 w us\u0142ugach weddingowych. Na przyk\u0142ad jaki miejsce na <a href=\"https:\/\/www.koronakarkonoszy.pl\/blog\/wesele-okolice-wroclawia\/\" target=\"_blank\" rel=\"noreferrer noopener\">wesele Wroc\u0142aw<\/a> i okolice s\u0105 cz\u0119sto wybierane.  <\/p>\n\n\n\n<p>Je\u015bli kto\u015b mieszka tu\u017c obok sali weselnej lub sala weselna jest w rodzinnej miejscowo\u015bci Pary, nale\u017cy da\u0107 go\u015bciom mo\u017cliwo\u015b\u0107 noclegu w sali weselnej lub w jej pobli\u017cu. \u201eDa\u0107 go\u015bciom mo\u017cliwo\u015b\u0107\u201d a nie \u201ezapewni\u0107\u201d &#8211; to zasadnicza r\u00f3\u017cnica. Nie ka\u017cdy bowiem decyduje si\u0119 na fundowanie go\u015bciom pobytu. Niekt\u00f3re Pary po prostu nie maj\u0105 takich funduszy. Z drugiej strony chodz\u0105 g\u0142osy, \u017ce je\u015bli na wesele zaprasza si\u0119 go\u015bci przyjezdnych, trzeba ich ugo\u015bci\u0107. Jest to pewnego rodzaju kwestia sporna, poniewa\u017c oczywi\u015bcie Para M\u0142oda nie ma obowi\u0105zku fundowania go\u015bciom noclegu. Powinni si\u0119 oni z tym liczy\u0107. Jednak\u017ce z drugiej strony z pewno\u015bci\u0105 poczuj\u0105 si\u0119 spokojniej, je\u015bli taki nocleg b\u0119dzie im zapewniony. Tym bardziej w sytuacji, kiedy po weselu odbywaj\u0105 si\u0119 poprawiny.<\/p>\n\n\n<section id=\"leonardo-block_d6ce8e3528536aecc2988d0b6da94a5e\" class=\"leonardo page-breaker leonardo-image-right\">\r\n    <div class=\"leonardo-body\">\r\n        <h2 class=\"leonardo-title\" id=\"h-nastrojowe-pokoje\">Nastrojowe pokoje<\/h2>        <div class=\"leonardo-content\"><p>Najwa\u017cniejsze jest to, aby Para M\u0142oda zadba\u0142a o mo\u017cliwo\u015b\u0107 zarezerwowania sobie przez go\u015bci noclegu po zabawie. Je\u015bli wspomnimy go\u015bciom, \u017ce niestety nie mamy takich mo\u017cliwo\u015bci, aby zapewni\u0107 im nocleg z w\u0142asnej kieszeni, ale zapewniacie im tak\u0105 mo\u017cliwo\u015b\u0107, powinni Was zrozumie\u0107. Oczywi\u015bcie w zamian za to mo\u017cecie postara\u0107 si\u0119 o zorganizowanie jakiego\u015b grupowego transportu, np. busa czy wi\u0119kszych taks\u00f3wek, kt\u00f3ry zawiezie go\u015bci do domu. Pozostawienie tej sprawy nieza\u0142atwionej, na pewno nie przypadnie go\u015bciom do gustu. Stwierdz\u0105 bowiem, \u017ce Para M\u0142oda nie zapewni\u0142a dostatecznych warunk\u00f3w, aby go\u015bcie mogli si\u0119 bez obaw bawi\u0107.<\/p>\n<\/div>\r\n                    <aside class=\"leonardo-interlink\">\r\n                <b>Polecamy<\/b>\r\n                <a href=\"https:\/\/www.koronakarkonoszy.pl\/blog\/en\/dzien-przed-slubem\/\">Dzie\u0144 przed \u015blubem: wskaz\u00f3wki dla Panny M\u0142odej<\/a>\r\n            <\/aside>\r\n            <\/div>\r\n    <div class=\"leonardo-image\">\r\n        <img loading=\"lazy\" decoding=\"async\" width=\"1024\" height=\"683\" src=\"https:\/\/www.koronakarkonoszy.pl\/blog\/wp-content\/uploads\/2021\/06\/newDwor_Korona_Karkonoszy_wesele.jpg\" class=\"attachment-full size-full\" alt=\"\" srcset=\"https:\/\/www.koronakarkonoszy.pl\/blog\/wp-content\/uploads\/2021\/06\/newDwor_Korona_Karkonoszy_wesele.jpg 1024w, https:\/\/www.koronakarkonoszy.pl\/blog\/wp-content\/uploads\/2021\/06\/newDwor_Korona_Karkonoszy_wesele-300x200.jpg 300w, https:\/\/www.koronakarkonoszy.pl\/blog\/wp-content\/uploads\/2021\/06\/newDwor_Korona_Karkonoszy_wesele-768x512.jpg 768w\" sizes=\"auto, (max-width: 1024px) 100vw, 1024px\" \/>            <\/div>\r\n<\/section>\n\n\n<h2 class=\"wp-block-heading\" id=\"ha-nocleg-dla-gosci-weselnych-komfort-rowniez-na-dluzszy-pobyt\">Nocleg dla go\u015bci weselnych \u2013 komfort, r\u00f3wnie\u017c na d\u0142u\u017cszy pobyt<\/h2>\n\n\n\n<p>Wybieraj\u0105c sal\u0119 weseln\u0105, powinni\u015bmy zwraca\u0107 uwag\u0119 na jako\u015b\u0107 nocleg\u00f3w. Go\u015bcie po zabawie b\u0119d\u0105 odpoczywa\u0107 w pokojach, jednak\u017ce w przypadku wesela wyjazdowego, go\u015bcie robi\u0105 sobie w zwi\u0105zku z tym ma\u0142y urlop. Chc\u0105 pozwiedza\u0107 okolic\u0119, zobaczy\u0107 ciekawe miejsca, odpocz\u0105\u0107 i sp\u0119dzi\u0107 wi\u0119cej czasu ju\u017c w mniejszym gronie rodziny. To \u015bwietna okazja do przed\u0142u\u017cenia pobytu o kilka dni. Wesele latem mo\u017cna r\u00f3wnie\u017c po\u0142\u0105czy\u0107 z wakacjami. Szczeg\u00f3lnie wtedy, gdy przyj\u0119cie odbywa si\u0119 w g\u00f3rach czy nad morzem. Atrakcji jest w\u00f3wczas wiele. R\u00f3wnie\u017c Para M\u0142oda cz\u0119sto pozostaje w hotelu sali weselnej i sp\u0119dza podr\u00f3\u017c po\u015blubn\u0105 w tym miejscu. Czy jest to dobry pomys\u0142? Oczywi\u015bcie! To dobra okazja, aby ciekawie sp\u0119dzi\u0107 czas, a przy okazji zaoszcz\u0119dzi\u0107.<\/p>\n\n\n\n<p>W zwi\u0105zku z tym, noclegi musz\u0105 by\u0107 komfortowe i przyjazne dla go\u015bci. Przebywaj\u0105c w pi\u0119knym, klimatycznym pokoju czy apartamencie, zar\u00f3wno go\u015bcie jak i Para M\u0142oda doskonale zapami\u0119ta ten aspekt wesela. Pami\u0119tajmy, \u017ce wra\u017cenie robi ca\u0142okszta\u0142t uroczysto\u015bci, a w jego sk\u0142ad wchodz\u0105 tak\u017ce komfortowe noclegi. Przydaj\u0105 si\u0119 one r\u00f3wnie\u017c w przypadku dzieci na weselu. One bowiem znacznie wcze\u015bniej potrzebuj\u0105 si\u0119 po\u0142o\u017cy\u0107. W przyjaznych, wygodnych pokojach, \u0142atwiej im b\u0119dzie zasn\u0105\u0107.<\/p>\n\n\n<style>\n  .destination_map {\n    margin: 1.5em 0;\n  }\n\n  body:not(.wp-admin) .admin {\n    display: none;\n  }\n\n  .map {\n    max-width: 800px;\n    height: 400px;\n  }\n\n  .wp-admin .map {\n    display: none;\n  }\n<\/style>\n\n<div id=\"destination_map-block_353c63d9d87e671a3734d414e665228e\" class=\"destination_map\">\n  <div class=\"destinationmap-body admin\" style=\"background-color: lightblue;\">\n        Mapa dojazdu\n  <\/div>\n  <div id=\"block_353c63d9d87e671a3734d414e665228e\" class=\"map\"><\/div>\n<\/div>\n\n<script>\n  (function($) {\n\n    function mapLocation() {\n      var directionsDisplay;\n      var directionsService = new google.maps.DirectionsService();\n      var map;\n\n      function initialize() {\n        var pos = new google.maps.LatLng(50.8190591, 15.7212853);\n        var mapOptions = {\n          zoom: 11,\n          center: pos\n        };\n        map = new google.maps.Map(document.getElementById('block_353c63d9d87e671a3734d414e665228e'), mapOptions);\n\n        var marker = new google.maps.Marker({\n          position: pos,\n          map: map\n        });\n\n      }\n\n      google.maps.event.addDomListener(window, 'load', initialize);\n    }\n    mapLocation();\n\n  })(jQuery);\n<\/script>","protected":false},"excerpt":{"rendered":"<p>Szukaj\u0105c hotelu, sali czy innego miejsca na wesele z pewno\u015bci\u0105 nie raz spotkali\u015bcie si\u0119 z informacj\u0105: pokoje urz\u0105dzone s\u0105 w stylu\u2026 W\u0142a\u015bnie \u2013 w przypadku Dworu Korona Karkonoszy nie jest \u0142atwo doko\u0144czy\u0107 to zdanie. Naszym celem jest bowiem, aby ka\u017cda chwila sp\u0119dzona u nas, \u0142\u0105cznie z noclegiem, by\u0142a niezapomnianym prze\u017cyciem. Dlatego ka\u017cdy z naszych pokoj\u00f3w [&hellip;]<\/p>\n","protected":false},"author":11,"featured_media":944,"comment_status":"closed","ping_status":"closed","sticky":false,"template":"","format":"standard","meta":{"_acf_changed":false,"footnotes":""},"categories":[2,11,3],"class_list":["post-940","post","type-post","status-publish","format-standard","has-post-thumbnail","hentry","category-porady","category-sala-weselna","category-trendy"],"acf":[],"yoast_head":"<!-- This site is optimized with the Yoast SEO plugin v27.5 - https:\/\/yoast.com\/product\/yoast-seo-wordpress\/ -->\n<title>Nocleg dla go\u015bci weselnych - wyj\u0105tkowe pokoje Dworu Korona<\/title>\n<meta name=\"description\" content=\"Ka\u017cdy z naszych pokoj\u00f3w posiada niepowtarzalny charakter. Oto dlaczego nocleg dla go\u015bci weselnych warto zaplanowa\u0107 w wyj\u0105tkowym miejscu.\" \/>\n<meta name=\"robots\" content=\"index, follow, max-snippet:-1, max-image-preview:large, max-video-preview:-1\" \/>\n<link rel=\"canonical\" href=\"https:\/\/www.koronakarkonoszy.pl\/blog\/en\/accommodation-for-wedding-guests-rooms-with-soul-2\/\" \/>\n<meta property=\"og:locale\" content=\"en_GB\" \/>\n<meta property=\"og:type\" content=\"article\" \/>\n<meta property=\"og:title\" content=\"Nocleg dla go\u015bci weselnych - wyj\u0105tkowe pokoje Dworu Korona\" \/>\n<meta property=\"og:description\" content=\"Ka\u017cdy z naszych pokoj\u00f3w posiada niepowtarzalny charakter. Oto dlaczego nocleg dla go\u015bci weselnych warto zaplanowa\u0107 w wyj\u0105tkowym miejscu.\" \/>\n<meta property=\"og:url\" content=\"https:\/\/www.koronakarkonoszy.pl\/blog\/en\/accommodation-for-wedding-guests-rooms-with-soul-2\/\" \/>\n<meta property=\"og:site_name\" content=\":: Blog weselny\" \/>\n<meta property=\"article:published_time\" content=\"2020-10-15T12:56:38+00:00\" \/>\n<meta property=\"article:modified_time\" content=\"2025-02-14T09:52:52+00:00\" \/>\n<meta property=\"og:image\" content=\"https:\/\/www.koronakarkonoszy.pl\/blog\/wp-content\/uploads\/2021\/07\/afrykanski.jpg\" \/>\n\t<meta property=\"og:image:width\" content=\"1024\" \/>\n\t<meta property=\"og:image:height\" content=\"683\" \/>\n\t<meta property=\"og:image:type\" content=\"image\/jpeg\" \/>\n<meta name=\"author\" content=\"agnieszka\" \/>\n<meta name=\"twitter:card\" content=\"summary_large_image\" \/>\n<meta name=\"twitter:label1\" content=\"Written by\" \/>\n\t<meta name=\"twitter:data1\" content=\"agnieszka\" \/>\n\t<meta name=\"twitter:label2\" content=\"Estimated reading time\" \/>\n\t<meta name=\"twitter:data2\" content=\"5 minutes\" \/>\n<script type=\"application\/ld+json\" class=\"yoast-schema-graph\">{\"@context\":\"https:\\\/\\\/schema.org\",\"@graph\":[{\"@type\":\"Article\",\"@id\":\"https:\\\/\\\/www.koronakarkonoszy.pl\\\/blog\\\/nocleg-dla-gosci-weselnych-pokoje-z-dusza\\\/#article\",\"isPartOf\":{\"@id\":\"https:\\\/\\\/www.koronakarkonoszy.pl\\\/blog\\\/nocleg-dla-gosci-weselnych-pokoje-z-dusza\\\/\"},\"author\":{\"name\":\"agnieszka\",\"@id\":\"https:\\\/\\\/www.koronakarkonoszy.pl\\\/blog\\\/#\\\/schema\\\/person\\\/ec8c88bd01ebe6cbf6a16435ce22276f\"},\"headline\":\"Nocleg dla go\u015bci weselnych &#8211; pokoje z dusz\u0105\",\"datePublished\":\"2020-10-15T12:56:38+00:00\",\"dateModified\":\"2025-02-14T09:52:52+00:00\",\"mainEntityOfPage\":{\"@id\":\"https:\\\/\\\/www.koronakarkonoszy.pl\\\/blog\\\/nocleg-dla-gosci-weselnych-pokoje-z-dusza\\\/\"},\"wordCount\":961,\"image\":{\"@id\":\"https:\\\/\\\/www.koronakarkonoszy.pl\\\/blog\\\/nocleg-dla-gosci-weselnych-pokoje-z-dusza\\\/#primaryimage\"},\"thumbnailUrl\":\"https:\\\/\\\/www.koronakarkonoszy.pl\\\/blog\\\/wp-content\\\/uploads\\\/2021\\\/07\\\/afrykanski.jpg\",\"articleSection\":[\"Porady\",\"Sala weselna\",\"Trendy\"],\"inLanguage\":\"en-GB\"},{\"@type\":\"WebPage\",\"@id\":\"https:\\\/\\\/www.koronakarkonoszy.pl\\\/blog\\\/nocleg-dla-gosci-weselnych-pokoje-z-dusza\\\/\",\"url\":\"https:\\\/\\\/www.koronakarkonoszy.pl\\\/blog\\\/nocleg-dla-gosci-weselnych-pokoje-z-dusza\\\/\",\"name\":\"Nocleg dla go\u015bci weselnych - wyj\u0105tkowe pokoje Dworu Korona\",\"isPartOf\":{\"@id\":\"https:\\\/\\\/www.koronakarkonoszy.pl\\\/blog\\\/#website\"},\"primaryImageOfPage\":{\"@id\":\"https:\\\/\\\/www.koronakarkonoszy.pl\\\/blog\\\/nocleg-dla-gosci-weselnych-pokoje-z-dusza\\\/#primaryimage\"},\"image\":{\"@id\":\"https:\\\/\\\/www.koronakarkonoszy.pl\\\/blog\\\/nocleg-dla-gosci-weselnych-pokoje-z-dusza\\\/#primaryimage\"},\"thumbnailUrl\":\"https:\\\/\\\/www.koronakarkonoszy.pl\\\/blog\\\/wp-content\\\/uploads\\\/2021\\\/07\\\/afrykanski.jpg\",\"datePublished\":\"2020-10-15T12:56:38+00:00\",\"dateModified\":\"2025-02-14T09:52:52+00:00\",\"author\":{\"@id\":\"https:\\\/\\\/www.koronakarkonoszy.pl\\\/blog\\\/#\\\/schema\\\/person\\\/ec8c88bd01ebe6cbf6a16435ce22276f\"},\"description\":\"Ka\u017cdy z naszych pokoj\u00f3w posiada niepowtarzalny charakter. Oto dlaczego nocleg dla go\u015bci weselnych warto zaplanowa\u0107 w wyj\u0105tkowym miejscu.\",\"breadcrumb\":{\"@id\":\"https:\\\/\\\/www.koronakarkonoszy.pl\\\/blog\\\/nocleg-dla-gosci-weselnych-pokoje-z-dusza\\\/#breadcrumb\"},\"inLanguage\":\"en-GB\",\"potentialAction\":[{\"@type\":\"ReadAction\",\"target\":[\"https:\\\/\\\/www.koronakarkonoszy.pl\\\/blog\\\/nocleg-dla-gosci-weselnych-pokoje-z-dusza\\\/\"]}]},{\"@type\":\"ImageObject\",\"inLanguage\":\"en-GB\",\"@id\":\"https:\\\/\\\/www.koronakarkonoszy.pl\\\/blog\\\/nocleg-dla-gosci-weselnych-pokoje-z-dusza\\\/#primaryimage\",\"url\":\"https:\\\/\\\/www.koronakarkonoszy.pl\\\/blog\\\/wp-content\\\/uploads\\\/2021\\\/07\\\/afrykanski.jpg\",\"contentUrl\":\"https:\\\/\\\/www.koronakarkonoszy.pl\\\/blog\\\/wp-content\\\/uploads\\\/2021\\\/07\\\/afrykanski.jpg\",\"width\":1024,\"height\":683,\"caption\":\"pok\u00f3j afryka\u0144ski\"},{\"@type\":\"BreadcrumbList\",\"@id\":\"https:\\\/\\\/www.koronakarkonoszy.pl\\\/blog\\\/nocleg-dla-gosci-weselnych-pokoje-z-dusza\\\/#breadcrumb\",\"itemListElement\":[{\"@type\":\"ListItem\",\"position\":1,\"name\":\"Strona g\u0142\u00f3wna\",\"item\":\"https:\\\/\\\/www.koronakarkonoszy.pl\\\/blog\\\/\"},{\"@type\":\"ListItem\",\"position\":2,\"name\":\"Nocleg dla go\u015bci weselnych &#8211; pokoje z dusz\u0105\"}]},{\"@type\":\"WebSite\",\"@id\":\"https:\\\/\\\/www.koronakarkonoszy.pl\\\/blog\\\/#website\",\"url\":\"https:\\\/\\\/www.koronakarkonoszy.pl\\\/blog\\\/\",\"name\":\":: Blog weselny\",\"description\":\"Blog weselny Dw\u00f3r Korona Karkonoszy\",\"potentialAction\":[{\"@type\":\"SearchAction\",\"target\":{\"@type\":\"EntryPoint\",\"urlTemplate\":\"https:\\\/\\\/www.koronakarkonoszy.pl\\\/blog\\\/?s={search_term_string}\"},\"query-input\":{\"@type\":\"PropertyValueSpecification\",\"valueRequired\":true,\"valueName\":\"search_term_string\"}}],\"inLanguage\":\"en-GB\"},{\"@type\":\"Person\",\"@id\":\"https:\\\/\\\/www.koronakarkonoszy.pl\\\/blog\\\/#\\\/schema\\\/person\\\/ec8c88bd01ebe6cbf6a16435ce22276f\",\"name\":\"agnieszka\",\"image\":{\"@type\":\"ImageObject\",\"inLanguage\":\"en-GB\",\"@id\":\"https:\\\/\\\/www.koronakarkonoszy.pl\\\/blog\\\/wp-content\\\/litespeed\\\/avatar\\\/53ee7b676463f74d0aea1a09de3d003b.jpg?ver=1777438794\",\"url\":\"https:\\\/\\\/www.koronakarkonoszy.pl\\\/blog\\\/wp-content\\\/litespeed\\\/avatar\\\/53ee7b676463f74d0aea1a09de3d003b.jpg?ver=1777438794\",\"contentUrl\":\"https:\\\/\\\/www.koronakarkonoszy.pl\\\/blog\\\/wp-content\\\/litespeed\\\/avatar\\\/53ee7b676463f74d0aea1a09de3d003b.jpg?ver=1777438794\",\"caption\":\"agnieszka\"},\"url\":\"https:\\\/\\\/www.koronakarkonoszy.pl\\\/blog\\\/en\\\/author\\\/agnieszka\\\/\"}]}<\/script>\n<!-- \/ Yoast SEO plugin. -->","yoast_head_json":{"title":"Accommodation for wedding guests - unique rooms of Korona Manor","description":"Each of our rooms has a unique character. This is why it is worth planning accommodation for wedding guests in a unique place.","robots":{"index":"index","follow":"follow","max-snippet":"max-snippet:-1","max-image-preview":"max-image-preview:large","max-video-preview":"max-video-preview:-1"},"canonical":"https:\/\/www.koronakarkonoszy.pl\/blog\/en\/accommodation-for-wedding-guests-rooms-with-soul-2\/","og_locale":"en_GB","og_type":"article","og_title":"Nocleg dla go\u015bci weselnych - wyj\u0105tkowe pokoje Dworu Korona","og_description":"Ka\u017cdy z naszych pokoj\u00f3w posiada niepowtarzalny charakter. Oto dlaczego nocleg dla go\u015bci weselnych warto zaplanowa\u0107 w wyj\u0105tkowym miejscu.","og_url":"https:\/\/www.koronakarkonoszy.pl\/blog\/en\/accommodation-for-wedding-guests-rooms-with-soul-2\/","og_site_name":":: Blog weselny","article_published_time":"2020-10-15T12:56:38+00:00","article_modified_time":"2025-02-14T09:52:52+00:00","og_image":[{"width":1024,"height":683,"url":"https:\/\/www.koronakarkonoszy.pl\/blog\/wp-content\/uploads\/2021\/07\/afrykanski.jpg","type":"image\/jpeg"}],"author":"agnieszka","twitter_card":"summary_large_image","twitter_misc":{"Written by":"agnieszka","Estimated reading time":"5 minutes"},"schema":{"@context":"https:\/\/schema.org","@graph":[{"@type":"Article","@id":"https:\/\/www.koronakarkonoszy.pl\/blog\/nocleg-dla-gosci-weselnych-pokoje-z-dusza\/#article","isPartOf":{"@id":"https:\/\/www.koronakarkonoszy.pl\/blog\/nocleg-dla-gosci-weselnych-pokoje-z-dusza\/"},"author":{"name":"agnieszka","@id":"https:\/\/www.koronakarkonoszy.pl\/blog\/#\/schema\/person\/ec8c88bd01ebe6cbf6a16435ce22276f"},"headline":"Nocleg dla go\u015bci weselnych &#8211; pokoje z dusz\u0105","datePublished":"2020-10-15T12:56:38+00:00","dateModified":"2025-02-14T09:52:52+00:00","mainEntityOfPage":{"@id":"https:\/\/www.koronakarkonoszy.pl\/blog\/nocleg-dla-gosci-weselnych-pokoje-z-dusza\/"},"wordCount":961,"image":{"@id":"https:\/\/www.koronakarkonoszy.pl\/blog\/nocleg-dla-gosci-weselnych-pokoje-z-dusza\/#primaryimage"},"thumbnailUrl":"https:\/\/www.koronakarkonoszy.pl\/blog\/wp-content\/uploads\/2021\/07\/afrykanski.jpg","articleSection":["Porady","Sala weselna","Trendy"],"inLanguage":"en-GB"},{"@type":"WebPage","@id":"https:\/\/www.koronakarkonoszy.pl\/blog\/nocleg-dla-gosci-weselnych-pokoje-z-dusza\/","url":"https:\/\/www.koronakarkonoszy.pl\/blog\/nocleg-dla-gosci-weselnych-pokoje-z-dusza\/","name":"Accommodation for wedding guests - unique rooms of Korona Manor","isPartOf":{"@id":"https:\/\/www.koronakarkonoszy.pl\/blog\/#website"},"primaryImageOfPage":{"@id":"https:\/\/www.koronakarkonoszy.pl\/blog\/nocleg-dla-gosci-weselnych-pokoje-z-dusza\/#primaryimage"},"image":{"@id":"https:\/\/www.koronakarkonoszy.pl\/blog\/nocleg-dla-gosci-weselnych-pokoje-z-dusza\/#primaryimage"},"thumbnailUrl":"https:\/\/www.koronakarkonoszy.pl\/blog\/wp-content\/uploads\/2021\/07\/afrykanski.jpg","datePublished":"2020-10-15T12:56:38+00:00","dateModified":"2025-02-14T09:52:52+00:00","author":{"@id":"https:\/\/www.koronakarkonoszy.pl\/blog\/#\/schema\/person\/ec8c88bd01ebe6cbf6a16435ce22276f"},"description":"Each of our rooms has a unique character. This is why it is worth planning accommodation for wedding guests in a unique place.","breadcrumb":{"@id":"https:\/\/www.koronakarkonoszy.pl\/blog\/nocleg-dla-gosci-weselnych-pokoje-z-dusza\/#breadcrumb"},"inLanguage":"en-GB","potentialAction":[{"@type":"ReadAction","target":["https:\/\/www.koronakarkonoszy.pl\/blog\/nocleg-dla-gosci-weselnych-pokoje-z-dusza\/"]}]},{"@type":"ImageObject","inLanguage":"en-GB","@id":"https:\/\/www.koronakarkonoszy.pl\/blog\/nocleg-dla-gosci-weselnych-pokoje-z-dusza\/#primaryimage","url":"https:\/\/www.koronakarkonoszy.pl\/blog\/wp-content\/uploads\/2021\/07\/afrykanski.jpg","contentUrl":"https:\/\/www.koronakarkonoszy.pl\/blog\/wp-content\/uploads\/2021\/07\/afrykanski.jpg","width":1024,"height":683,"caption":"pok\u00f3j afryka\u0144ski"},{"@type":"BreadcrumbList","@id":"https:\/\/www.koronakarkonoszy.pl\/blog\/nocleg-dla-gosci-weselnych-pokoje-z-dusza\/#breadcrumb","itemListElement":[{"@type":"ListItem","position":1,"name":"Strona g\u0142\u00f3wna","item":"https:\/\/www.koronakarkonoszy.pl\/blog\/"},{"@type":"ListItem","position":2,"name":"Nocleg dla go\u015bci weselnych &#8211; pokoje z dusz\u0105"}]},{"@type":"WebSite","@id":"https:\/\/www.koronakarkonoszy.pl\/blog\/#website","url":"https:\/\/www.koronakarkonoszy.pl\/blog\/","name":":: Wedding blog","description":"Wedding blog Dw\u00f3r Korona Karkonosze","potentialAction":[{"@type":"SearchAction","target":{"@type":"EntryPoint","urlTemplate":"https:\/\/www.koronakarkonoszy.pl\/blog\/?s={search_term_string}"},"query-input":{"@type":"PropertyValueSpecification","valueRequired":true,"valueName":"search_term_string"}}],"inLanguage":"en-GB"},{"@type":"Person","@id":"https:\/\/www.koronakarkonoszy.pl\/blog\/#\/schema\/person\/ec8c88bd01ebe6cbf6a16435ce22276f","name":"Agnes","image":{"@type":"ImageObject","inLanguage":"en-GB","@id":"https:\/\/www.koronakarkonoszy.pl\/blog\/wp-content\/litespeed\/avatar\/53ee7b676463f74d0aea1a09de3d003b.jpg?ver=1777438794","url":"https:\/\/www.koronakarkonoszy.pl\/blog\/wp-content\/litespeed\/avatar\/53ee7b676463f74d0aea1a09de3d003b.jpg?ver=1777438794","contentUrl":"https:\/\/www.koronakarkonoszy.pl\/blog\/wp-content\/litespeed\/avatar\/53ee7b676463f74d0aea1a09de3d003b.jpg?ver=1777438794","caption":"agnieszka"},"url":"https:\/\/www.koronakarkonoszy.pl\/blog\/en\/author\/agnieszka\/"}]}},"_links":{"self":[{"href":"https:\/\/www.koronakarkonoszy.pl\/blog\/en\/wp-json\/wp\/v2\/posts\/940","targetHints":{"allow":["GET"]}}],"collection":[{"href":"https:\/\/www.koronakarkonoszy.pl\/blog\/en\/wp-json\/wp\/v2\/posts"}],"about":[{"href":"https:\/\/www.koronakarkonoszy.pl\/blog\/en\/wp-json\/wp\/v2\/types\/post"}],"author":[{"embeddable":true,"href":"https:\/\/www.koronakarkonoszy.pl\/blog\/en\/wp-json\/wp\/v2\/users\/11"}],"replies":[{"embeddable":true,"href":"https:\/\/www.koronakarkonoszy.pl\/blog\/en\/wp-json\/wp\/v2\/comments?post=940"}],"version-history":[{"count":1,"href":"https:\/\/www.koronakarkonoszy.pl\/blog\/en\/wp-json\/wp\/v2\/posts\/940\/revisions"}],"predecessor-version":[{"id":11703,"href":"https:\/\/www.koronakarkonoszy.pl\/blog\/en\/wp-json\/wp\/v2\/posts\/940\/revisions\/11703"}],"wp:featuredmedia":[{"embeddable":true,"href":"https:\/\/www.koronakarkonoszy.pl\/blog\/en\/wp-json\/wp\/v2\/media\/944"}],"wp:attachment":[{"href":"https:\/\/www.koronakarkonoszy.pl\/blog\/en\/wp-json\/wp\/v2\/media?parent=940"}],"wp:term":[{"taxonomy":"category","embeddable":true,"href":"https:\/\/www.koronakarkonoszy.pl\/blog\/en\/wp-json\/wp\/v2\/categories?post=940"}],"curies":[{"name":"wp","href":"https:\/\/api.w.org\/{rel}","templated":true}]}}