{"id":902,"date":"2024-07-15T18:29:00","date_gmt":"2024-07-15T16:29:00","guid":{"rendered":"https:\/\/www.koronakarkonoszy.pl\/blog\/?p=902"},"modified":"2024-08-11T23:00:18","modified_gmt":"2024-08-11T21:00:18","slug":"wedding-in-may","status":"publish","type":"post","link":"https:\/\/www.koronakarkonoszy.pl\/blog\/en\/wesele-w-maju\/","title":{"rendered":"Wedding in May - advantages and disadvantages"},"content":{"rendered":"\n<p>Maj jest w\u0142a\u015bnie tym miesi\u0105cem, kt\u00f3ry w bran\u017cy weselnej wyznacza pocz\u0105tek \u201egor\u0105cego\u201d sezonu. Przysz\u0142e M\u0142ode Pary bardzo ch\u0119tnie wybieraj\u0105 ten miesi\u0105c ze wzgl\u0119du na pogod\u0119 i pi\u0119kn\u0105 wiosenn\u0105 przyrod\u0119. Wiosenne za\u015blubiny zwiastuj\u0105 dobry pocz\u0105tek i nie trzeba si\u0119 martwi\u0107 o to czy <a href=\"https:\/\/www.koronakarkonoszy.pl\/blog\/wesele-w-maju\/\" class=\"links-placer\">\u015blub w maju<\/a> przynosi pecha. Wraz z pocz\u0105tkiem maja zwi\u0119ksza si\u0119 tak\u017ce liczba \u015blub\u00f3w plenerowych, planowanie wesela w maju nie jest wi\u0119c rzadko\u015bci\u0105. Wydaje si\u0119 wi\u0119c, \u017ce majowy \u015blub czy wesele w maju maj\u0105 same zalety \u2013 sprawd\u017amy, czy tak jest w istocie.<\/p>\n\n\n\n<h3 class=\"wp-block-heading\" id=\"ha-czego-sie-dowiesz-z-artykulu\">Czego si\u0119 dowiesz z artyku\u0142u?<\/h3>\n\n\n\n<p>Maj to miesi\u0105c pe\u0142en uroku, kwitn\u0105cych kwiat\u00f3w i wiosennej energii, dlatego coraz wi\u0119cej par decyduje si\u0119 na organizacj\u0119 wesela w\u0142a\u015bnie w tym czasie. Ale czy wesele w maju to naprawd\u0119 dobry pomys\u0142? W tym artykule zastanowimy si\u0119 nad tym, dlaczego warto rozwa\u017cy\u0107 maj jako miesi\u0105c \u015blubu, jakie kwestie organizacyjne trzeba mie\u0107 na uwadze oraz jaki motyw przewodni wybra\u0107 na tak\u0105 uroczysto\u015b\u0107.<\/p>\n\n\n\n<p>Podpowiemy r\u00f3wnie\u017c, jakie sezonowe kwiaty najlepiej sprawdz\u0105 si\u0119 na majowym weselu i dlaczego nie warto przejmowa\u0107 si\u0119 przes\u0105dami zwi\u0105zanymi z tym miesi\u0105cem. Na koniec, przybli\u017cymy temat \u015blubu ko\u015bcielnego w maju oraz jakie formalno\u015bci nale\u017cy spe\u0142ni\u0107. Czytaj dalej, aby dowiedzie\u0107 si\u0119 wszystkiego, co musisz wiedzie\u0107 o organizacji wesela w maju!<\/p>\n\n\n<div id=\"ariadna-block_05851241449c48d07dcd8ddc24718d39\" class=\"ariadna\">\r\n    <ul><li><a href=\"#h-wesele-w-maju-za-i-przeciw\">Czy wesele w maju to dobry pomys\u0142?<\/a><\/li><li><a href=\"#h-lub-w-maju-o-czym-pami-ta\">Organizacja wesele w maju &#8211; o czym pami\u0119ta\u0107?<\/a><\/li><li><a href=\"#h-lub-w-maju-jaki-motyw-przewodni-wybra\">Jaki motyw przewodni wybra\u0107 na \u015blub w maju?<\/a><\/li><li><a href=\"#ha-jakie-sezonowe-kwiaty-na-wesele-w-maju-wybrac\">Jakie sezonowe kwiaty na wesele w maju wybra\u0107?<\/a><\/li><li><a href=\"#ha-wesele-w-maju-przesady-dlaczego-nie-warto-sie-nimi-przejmowac\">Wesele w maju przes\u0105dy &#8211; dlaczego nie warto si\u0119 nimi przejmowa\u0107?<\/a><\/li><li><a href=\"#h-koscielny-slub-w-maju\">Ko\u015bcielny \u015blub w maju<\/a><\/li><\/ul>\r\n<\/div>\r\n\r\n\r\n\r\n\n\n\n<h2 class=\"wp-block-heading\" id=\"h-wesele-w-maju-za-i-przeciw\">Czy wesele w maju to dobry pomys\u0142? <\/h2>\n\n\n\n<p>Pi\u0119kna, s\u0142oneczna aura jest tym, bez czego du\u017ca cz\u0119\u015b\u0107 przysz\u0142ych ma\u0142\u017conk\u00f3w nie wyobra\u017ca sobie swojego wesela. Maj jest pierwszym miesi\u0105cem roku kalendarzowego, w kt\u00f3rym pogoda zwykle sprzyja tym wymogom \u2013 co z pewno\u015bci\u0105 zach\u0119ca, aby zorganizowa\u0107 t\u0105 najwa\u017cniejsz\u0105 w \u017cyciu uroczysto\u015b\u0107 w maju.. Oczywi\u015bcie podobnie jak w marcu czy kwietniu zdarzaj\u0105 si\u0119 dni z nisk\u0105 temperatur\u0105, deszczem czy nawet \u015bniegiem, jednak jak potwierdzaj\u0105 statystyki, jest to du\u017co rzadsze, tym bardziej warto zorganizowa\u0107 \u015blub i wesele w maju.<\/p>\n\n\n\n<figure class=\"wp-block-image size-large\"><a href=\"https:\/\/www.koronakarkonoszy.pl\/wesele\/\" target=\"_blank\" rel=\"noreferrer noopener\"><img loading=\"lazy\" decoding=\"async\" width=\"1024\" height=\"512\" src=\"https:\/\/www.koronakarkonoszy.pl\/blog\/wp-content\/uploads\/2020\/10\/piekne_wesela_DKK-1024x512.jpg\" alt=\"\" class=\"wp-image-3914\" srcset=\"https:\/\/www.koronakarkonoszy.pl\/blog\/wp-content\/uploads\/2020\/10\/piekne_wesela_DKK-1024x512.jpg 1024w, https:\/\/www.koronakarkonoszy.pl\/blog\/wp-content\/uploads\/2020\/10\/piekne_wesela_DKK-300x150.jpg 300w, https:\/\/www.koronakarkonoszy.pl\/blog\/wp-content\/uploads\/2020\/10\/piekne_wesela_DKK-768x384.jpg 768w, https:\/\/www.koronakarkonoszy.pl\/blog\/wp-content\/uploads\/2020\/10\/piekne_wesela_DKK.jpg 1200w\" sizes=\"auto, (max-width: 1024px) 100vw, 1024px\" \/><\/a><\/figure>\n\n\n\n<h3 class=\"wp-block-heading\" id=\"h-dlaczego-wesele-w-maju-to-wietny-pomys\">Dlaczego wesele w maju to \u015bwietny pomys\u0142?<\/h3>\n\n\n\n<p>Uroczysto\u015b\u0107 w maju to doskona\u0142y pomys\u0142przede wszystkim dlatego, \u017ce maj\u00f3wka to tak\u017ce wyd\u0142u\u017cony urlop i wi\u0119cej czasu do przygotowania do \u015blubu. Je\u015bli wi\u0119c planujecie wesele na ten miesi\u0105c, mo\u017cecie zintegrowa\u0107 \u015blub z maj\u00f3wk\u0105. \u015alub i wesele w maju to \u015bwietny pomys\u0142 z dw\u00f3ch powod\u00f3w. Po pierwsze, je\u015bli jest to \u015blub wyjazdowy, go\u015bcie b\u0119d\u0105 mieli przy okazji ma\u0142\u0105 maj\u00f3wkow\u0105 wycieczk\u0119. Po drugie, je\u015bli jest to akurat d\u0142ugi weekend, b\u0119d\u0105 mogli w spokoju odpocz\u0105\u0107 po wielogodzinnej zabawie, zanim wyjad\u0105 w podr\u00f3\u017c do domu, warto bra\u0107 to pod uwag\u0119, ustalaj\u0105c termin \u015blubu.<\/p>\n\n\n\n<p>Organizacja wesela w maju przynosi wiele korzy\u015bci i dla pary m\u0142odej i dla go\u015bci. Maj jako miesi\u0105c zakochanych jest doskona\u0142y na \u015blub, cho\u0107 niekt\u00f3rzy go\u015bcie mog\u0105 by\u0107 zaskoczeni terminem. Na pewno zachwyci ich pomys\u0142 na \u015blub w maju i wiosenne wesele. Je\u017celi wybierzecie miejsce na wesele i zechcecie zorganizowa\u0107 <a target=\"_blank\" rel=\"noreferrer noopener\" href=\"https:\/\/www.koronakarkonoszy.pl\/blog\/wesele-w-gorach-czyli-zabawa-na-calego\/\">wesele w g\u00f3rach<\/a>, go\u015bcie b\u0119d\u0105 wniebowzi\u0119ci takim urlopem. Pi\u0119kne, g\u00f3rskie widoki, lokalne przysmaki, czas sp\u0119dzony w gronie rodziny i przyjaci\u00f3\u0142, a w roli g\u0142\u00f3wnej zabawa, rado\u015b\u0107 i mi\u0142o\u015b\u0107 \u2013 czego chcie\u0107 wi\u0119cej ni\u017c wiosenne za\u015blubiny?<\/p>\n\n\n\n<style>\n    .cta_block{\n        margin: 1.5em 0;\n    }\n    .cta_block_content {\n        position: relative;\n        color: white;\n        padding: 1em;\n    }\n    .cta_block_content h3{\n        text-align: center;\n        font: normal normal normal 36px\/50px Yeseva One;\n    }\n    .cta_block_content .cta_block_desc{\n        text-align: center;\n        font-size: 1.1em;\n        position: relative;\n    }\n    .cta_block_content .cta_block_desc:before {\n        content: '';\n        width: 80px;\n        height: 4px;\n        background: #EEB315;\n        position: absolute;\n        left: 0;\n        right: 0;\n        margin-left: auto;\n        margin-right: auto;\n        top: -22px;\n    }\n\n    .cta_block_content picture{\n        position: absolute;\n        top: 0;\n        right: 0;\n        z-index: -1;\n        height: 100%;\n        overflow: hidden;\n        width: 100%;\n    }\n    .cta_block_content picture img{\n        object-fit: cover;\n        height: 100%;\n        width: 100%;\n    }\n    .cta_block .cta_block_content .ninja-forms-field{\n        background: #FFFFFF2F;\n        border: 1px solid #EEB315;\n        border-radius: 25px;\n        opacity: 1;\n        color: #ffffff;\n    }\n    .cta_block .cta_block_content .nf-form-content input[type=submit]{\n        background-color: #EEB315;\n        color: #292929;\n        text-align: center;\n        font: normal normal bold 14px\/20px Work Sans;\n        padding: 0 2em;\n    }\n\n    .cta_block ::placeholder{\n        color: white!important;\n        opacity: 1;\n    }\n\n    .cta_block_content::after {\n        height: 100%;\n        width: 100%;\n        content: \"\";\n        z-index: -1;\n        position: absolute;\n        top: 0;\n        background: #00000070;\n        right: 0;\n        left: 0;\n        bottom: 0;\n    }\n    #ha-cta-block, .cta_block_desc, .cta_block .nf-field-label, .cta_block .nf-error-msg {\n        filter: drop-shadow(1px 1px 8px black);\n    }\n\n\/*    .cta_block nf-rows-wrap {\n        display: flex;\n        justify-content: space-around;\n        flex-direction: row;\n    }*\/\n\n    .cta_block .nf-field-label {\n        display:none;\n    }\n\n    .cta_block .nf-error.field-wrap .nf-field-element::after {\n        border-radius: 50px;\n    }\n\n    .cta_block .nf-error-msg {\n        color: #fff;\n    }\n\n    .cta_block .nf-form-cont {\n        margin-top: 3em;\n        margin-bottom: 1em;\n    }\n\n    .wp-admin .cta_block_content{\n        display: none;\n    }\n    .cta_block .nf-form-fields-required {\n        display: none;\n    }\n    body:not(.wp-admin) .cta_block_admin {\n        display: none;\n    }\n<\/style>\n<div id=\"cta_block-block_42302969c05d658c09d09eb8da47085e\" class=\"cta_block\">\n    <div class=\"cta_block_admin\" style=\"background-color: blue; color: white\">\n        Blok CTA\n    <\/div>\n    <div class=\"cta_block\">\n        <div class=\"cta_block_content\">   \n        <h3 id=\"ha-planujecie-wesele-w-maju\">Planujecie wesele w maju?<\/h3>\n                    <div class=\"cta_block_desc\">Nie ma na co czeka\u0107 &#8211; ju\u017c dzi\u015b zarezerwujcie termin \u2665<\/div>\n                <noscript class=\"ninja-forms-noscript-message\">\n\tNotice: JavaScript is required for this content.<\/noscript>\n<div id=\"nf-form-3-cont\" class=\"nf-form-cont\" aria-live=\"polite\" aria-labelledby=\"nf-form-title-3\" aria-describedby=\"nf-form-errors-3\" role=\"form\">\n\n    <div class=\"nf-loading-spinner\"><\/div>\n\n<\/div>\n        <!-- That data is being printed as a workaround to page builders reordering the order of the scripts loaded-->\n        <script>var formDisplay=1;var nfForms=nfForms||[];var form=[];form.id='3';form.settings={\"objectType\":\"Form Setting\",\"editActive\":true,\"title\":\"Block CTA\",\"created_at\":\"2022-11-08 16:03:33\",\"default_label_pos\":\"above\",\"show_title\":0,\"clear_complete\":\"1\",\"hide_complete\":\"1\",\"logged_in\":\"\",\"wrapper_class\":\"\",\"element_class\":\"\",\"key\":\"\",\"add_submit\":\"0\",\"changeEmailErrorMsg\":\"Please enter a valid email address!\",\"changeDateErrorMsg\":\"Please enter a valid date!\",\"confirmFieldErrorMsg\":\"These fields must match!\",\"fieldNumberNumMinError\":\"Number Min Error\",\"fieldNumberNumMaxError\":\"Number Max Error\",\"fieldNumberIncrementBy\":\"Please increment by \",\"formErrorsCorrectErrors\":\"Please correct errors before submitting this form.\",\"validateRequiredField\":\"This is a required field.\",\"honeypotHoneypotError\":\"Honeypot Error\",\"fieldsMarkedRequired\":\"Fields marked with an <span class=\\\"ninja-forms-req-symbol\\\">*<\\\/span> are required\",\"currency\":\"\",\"repeatable_fieldsets\":\"\",\"unique_field_error\":\"Formularz z t\\u0105 warto\\u015bci\\u0105 zosta\\u0142 ju\\u017c przes\\u0142any.\",\"not_logged_in_msg\":\"\",\"sub_limit_msg\":\"Formularz osi\\u0105gn\\u0105\\u0142 limit wys\\u0142a\\u0144.\",\"calculations\":[],\"container_styles_show_advanced_css\":\"0\",\"title_styles_show_advanced_css\":\"0\",\"row_styles_show_advanced_css\":\"0\",\"row-odd_styles_show_advanced_css\":\"0\",\"success-msg_styles_show_advanced_css\":\"0\",\"error_msg_styles_show_advanced_css\":\"0\",\"formContentData\":[{\"order\":1,\"cells\":[{\"order\":0,\"fields\":[\"phone_1640098023980\"],\"width\":35},{\"order\":1,\"fields\":[\"adres_e-mail_1667919839452\"],\"width\":35},{\"order\":2,\"fields\":[\"zapisz_mnie_1667919853255\"],\"width\":30}]}],\"drawerDisabled\":false,\"conditions\":[],\"allow_public_link\":0,\"embed_form\":\"\",\"container_styles_border\":\"\",\"container_styles_height\":\"\",\"container_styles_margin\":\"\",\"container_styles_padding\":\"\",\"container_styles_float\":\"\",\"title_styles_border\":\"\",\"title_styles_height\":\"\",\"title_styles_width\":\"\",\"title_styles_font-size\":\"\",\"title_styles_margin\":\"\",\"title_styles_padding\":\"\",\"title_styles_float\":\"\",\"row_styles_border\":\"\",\"row_styles_width\":\"\",\"row_styles_font-size\":\"\",\"row_styles_margin\":\"\",\"row_styles_padding\":\"\",\"row-odd_styles_border\":\"\",\"row-odd_styles_height\":\"\",\"row-odd_styles_width\":\"\",\"row-odd_styles_font-size\":\"\",\"row-odd_styles_margin\":\"\",\"row-odd_styles_padding\":\"\",\"success-msg_styles_border\":\"\",\"success-msg_styles_height\":\"\",\"success-msg_styles_width\":\"\",\"success-msg_styles_font-size\":\"\",\"success-msg_styles_margin\":\"\",\"success-msg_styles_padding\":\"\",\"error_msg_styles_border\":\"\",\"error_msg_styles_width\":\"\",\"error_msg_styles_font-size\":\"\",\"error_msg_styles_margin\":\"\",\"error_msg_styles_padding\":\"\",\"form_title_heading_level\":\"3\",\"ninjaForms\":\"Ninja Forms\",\"fieldTextareaRTEInsertLink\":\"Insert Link\",\"fieldTextareaRTEInsertMedia\":\"Insert Media\",\"fieldTextareaRTESelectAFile\":\"Select a file\",\"formHoneypot\":\"If you are a human seeing this field, please leave it empty.\",\"fileUploadOldCodeFileUploadInProgress\":\"File Upload in Progress.\",\"fileUploadOldCodeFileUpload\":\"FILE UPLOAD\",\"currencySymbol\":\"&#36;\",\"thousands_sep\":\",\",\"decimal_point\":\".\",\"siteLocale\":\"en_GB\",\"dateFormat\":\"m\\\/d\\\/Y\",\"startOfWeek\":\"1\",\"of\":\"of\",\"previousMonth\":\"Previous Month\",\"nextMonth\":\"Next Month\",\"months\":[\"January\",\"February\",\"March\",\"April\",\"May\",\"June\",\"July\",\"August\",\"September\",\"October\",\"November\",\"December\"],\"monthsShort\":[\"Jan\",\"Feb\",\"Mar\",\"Apr\",\"May\",\"Jun\",\"Jul\",\"Aug\",\"Sep\",\"Oct\",\"Nov\",\"Dec\"],\"weekdays\":[\"Sunday\",\"Monday\",\"Tuesday\",\"Wednesday\",\"Thursday\",\"Friday\",\"Saturday\"],\"weekdaysShort\":[\"Sun\",\"Mon\",\"Tue\",\"Wed\",\"Thu\",\"Fri\",\"Sat\"],\"weekdaysMin\":[\"Su\",\"Mo\",\"Tu\",\"We\",\"Th\",\"Fr\",\"Sa\"],\"recaptchaConsentMissing\":\"reCaptcha validation couldn&#039;t load.\",\"recaptchaMissingCookie\":\"reCaptcha v3 validation couldn&#039;t load the cookie needed to submit the form.\",\"recaptchaConsentEvent\":\"Accept reCaptcha cookies before sending the form.\",\"currency_symbol\":\"\",\"beforeForm\":\"\",\"beforeFields\":\"\",\"afterFields\":\"\",\"afterForm\":\"\"};form.fields=[{\"objectType\":\"Field\",\"objectDomain\":\"fields\",\"editActive\":false,\"order\":1,\"idAttribute\":\"id\",\"type\":\"phone\",\"label\":\"Numer telefonu\",\"key\":\"phone_1640098023980\",\"label_pos\":\"above\",\"required\":1,\"default\":\"\",\"placeholder\":\"Numer telefonu\",\"container_class\":\"\",\"element_class\":\"\",\"input_limit\":\"\",\"input_limit_type\":\"characters\",\"input_limit_msg\":\"Liczba pozosta\\u0142ych znak\\u00f3w:\",\"manual_key\":\"\",\"admin_label\":\"\",\"help_text\":\"\",\"mask\":\"\",\"custom_mask\":\"\",\"custom_name_attribute\":\"phone\",\"personally_identifiable\":1,\"wrap_styles_border\":\"\",\"wrap_styles_width\":\"\",\"wrap_styles_margin\":\"\",\"wrap_styles_padding\":\"\",\"wrap_styles_float\":\"\",\"wrap_styles_show_advanced_css\":0,\"label_styles_border\":\"\",\"label_styles_width\":\"\",\"label_styles_font-size\":\"\",\"label_styles_margin\":\"\",\"label_styles_padding\":\"\",\"label_styles_float\":\"\",\"label_styles_show_advanced_css\":0,\"element_styles_border\":\"\",\"element_styles_width\":\"\",\"element_styles_font-size\":\"\",\"element_styles_margin\":\"\",\"element_styles_padding\":\"\",\"element_styles_float\":\"\",\"element_styles_show_advanced_css\":0,\"cellcid\":\"c3386\",\"value\":\"\",\"field_label\":\"Numer telefonu\",\"field_key\":\"phone_1640098023980\",\"drawerDisabled\":false,\"id\":8,\"beforeField\":\"\",\"afterField\":\"\",\"parentType\":\"textbox\",\"element_templates\":[\"tel\",\"textbox\",\"input\"],\"old_classname\":\"\",\"wrap_template\":\"wrap\"},{\"objectType\":\"Field\",\"objectDomain\":\"fields\",\"editActive\":false,\"order\":2,\"idAttribute\":\"id\",\"type\":\"email\",\"label\":\"Adres e-mail\",\"key\":\"adres_e-mail_1667919839452\",\"label_pos\":\"above\",\"required\":1,\"default\":\"\",\"placeholder\":\"Adres e-mail\",\"container_class\":\"\",\"element_class\":\"\",\"admin_label\":\"\",\"help_text\":\"\",\"custom_name_attribute\":\"email\",\"personally_identifiable\":1,\"wrap_styles_border\":\"\",\"wrap_styles_width\":\"\",\"wrap_styles_margin\":\"\",\"wrap_styles_padding\":\"\",\"wrap_styles_float\":\"\",\"wrap_styles_show_advanced_css\":0,\"label_styles_border\":\"\",\"label_styles_width\":\"\",\"label_styles_font-size\":\"\",\"label_styles_margin\":\"\",\"label_styles_padding\":\"\",\"label_styles_float\":\"\",\"label_styles_show_advanced_css\":0,\"element_styles_border\":\"\",\"element_styles_width\":\"\",\"element_styles_font-size\":\"\",\"element_styles_margin\":\"\",\"element_styles_padding\":\"\",\"element_styles_float\":\"\",\"element_styles_show_advanced_css\":0,\"cellcid\":\"c3389\",\"value\":\"\",\"drawerDisabled\":false,\"field_label\":\"E-mail\",\"field_key\":\"email_1640098026199\",\"id\":9,\"beforeField\":\"\",\"afterField\":\"\",\"parentType\":\"email\",\"element_templates\":[\"email\",\"input\"],\"old_classname\":\"\",\"wrap_template\":\"wrap\"},{\"objectType\":\"Field\",\"objectDomain\":\"fields\",\"editActive\":false,\"order\":3,\"idAttribute\":\"id\",\"type\":\"submit\",\"label\":\"Zapisz mnie\",\"processing_label\":\"W trakcie realizacji\",\"container_class\":\"\",\"element_class\":\"\",\"key\":\"zapisz_mnie_1667919853255\",\"wrap_styles_border\":\"\",\"wrap_styles_width\":\"\",\"wrap_styles_margin\":\"\",\"wrap_styles_padding\":\"\",\"wrap_styles_float\":\"\",\"wrap_styles_show_advanced_css\":0,\"element_styles_border\":\"\",\"element_styles_width\":\"\",\"element_styles_font-size\":\"\",\"element_styles_margin\":\"\",\"element_styles_padding\":\"\",\"element_styles_float\":\"\",\"element_styles_show_advanced_css\":0,\"submit_element_hover_styles_border\":\"\",\"submit_element_hover_styles_width\":\"\",\"submit_element_hover_styles_font-size\":\"\",\"submit_element_hover_styles_margin\":\"\",\"submit_element_hover_styles_padding\":\"\",\"submit_element_hover_styles_float\":\"\",\"submit_element_hover_styles_show_advanced_css\":0,\"cellcid\":\"c3391\",\"drawerDisabled\":false,\"field_label\":\"Zamawiam rozmow\\u0119\",\"field_key\":\"zamawiam_rozmowe_1640098067453\",\"id\":10,\"beforeField\":\"\",\"afterField\":\"\",\"value\":\"\",\"label_pos\":\"above\",\"parentType\":\"textbox\",\"element_templates\":[\"submit\",\"button\",\"input\"],\"old_classname\":\"\",\"wrap_template\":\"wrap-no-label\"}];nfForms.push(form);<\/script>\n                <script id=\"nf-tmpl-cell\" type=\"text\/template\">\n            <nf-fields><\/nf-fields>\n        <\/script>\n\n        <script id=\"nf-tmpl-row\" type=\"text\/template\">\n            <nf-cells><\/nf-cells>\n        <\/script>\n\n                <img loading=\"lazy\" decoding=\"async\" width=\"1500\" height=\"705\" src=\"https:\/\/www.koronakarkonoszy.pl\/blog\/wp-content\/uploads\/2022\/06\/Dwor-Korona-Karkonoszy.jpg\" class=\"attachment-full size-full\" alt=\"\" srcset=\"https:\/\/www.koronakarkonoszy.pl\/blog\/wp-content\/uploads\/2022\/06\/Dwor-Korona-Karkonoszy.jpg 1500w, https:\/\/www.koronakarkonoszy.pl\/blog\/wp-content\/uploads\/2022\/06\/Dwor-Korona-Karkonoszy-300x141.jpg 300w, https:\/\/www.koronakarkonoszy.pl\/blog\/wp-content\/uploads\/2022\/06\/Dwor-Korona-Karkonoszy-1024x481.jpg 1024w, https:\/\/www.koronakarkonoszy.pl\/blog\/wp-content\/uploads\/2022\/06\/Dwor-Korona-Karkonoszy-768x361.jpg 768w\" sizes=\"auto, (max-width: 1500px) 100vw, 1500px\" \/>        <\/div> \n    <\/div>\n<\/div>\n\n\n\n<p>Poza tym w maju mamy du\u017ce szanse na zdobycie wolnego miejsca w wymarzonym lokalu weselnym. Dlaczego \u0142atwiej znale\u017a\u0107 wolne terminy w maju ni\u017c w czerwcu? Bo ci\u0105gle jeszcze wiele os\u00f3b wierzy w&nbsp;z\u0142owrog\u0105 moc majowych dat\u2026 Czyli brak literki \u201er\u201d. Warto to wykorzysta\u0107 i wybra\u0107 w\u0142a\u015bnie maj jako miesi\u0105c zakochanych do organizacji \u015blubu!<\/p>\n\n\n\n<figure class=\"wp-block-image size-full\"><img loading=\"lazy\" decoding=\"async\" width=\"960\" height=\"640\" src=\"https:\/\/www.koronakarkonoszy.pl\/blog\/wp-content\/uploads\/2022\/06\/sala-weselna-balowa.jpg\" alt=\"\" class=\"wp-image-4412\" srcset=\"https:\/\/www.koronakarkonoszy.pl\/blog\/wp-content\/uploads\/2022\/06\/sala-weselna-balowa.jpg 960w, https:\/\/www.koronakarkonoszy.pl\/blog\/wp-content\/uploads\/2022\/06\/sala-weselna-balowa-300x200.jpg 300w, https:\/\/www.koronakarkonoszy.pl\/blog\/wp-content\/uploads\/2022\/06\/sala-weselna-balowa-768x512.jpg 768w\" sizes=\"auto, (max-width: 960px) 100vw, 960px\" \/><figcaption class=\"wp-element-caption\"><strong><a href=\"https:\/\/www.koronakarkonoszy.pl\/sala-balowa\/\">Dworska Sala Balowa &#8211; Dw\u00f3r Korona Karkonoszy<\/a> <\/strong><\/figcaption><\/figure>\n\n\n\n<p>Ponadto maj to pierwsze promienie cudownego wiosennego s\u0142o\u0144ca, kt\u00f3re w cudowny spos\u00f3b przyozdobi\u0105 niejedne uroczysto\u015bci \u015blubne w maju. Pogoda w maju zdecydowanie lubi zaskoczy\u0107, oczywi\u015bcie pozytywnie. Maj\u00f3wka zazwyczaj jest przepi\u0119kna i s\u0142oneczna, rozpoczyna si\u0119 sezon przebywania na \u015bwie\u017cym powietrzu, mo\u017cemy zaaran\u017cowa\u0107 tak\u017ce przepi\u0119kny plener majowy. Taka aran\u017cacja \u015blubu i wesela to wymarzona atmosfera dla ka\u017cdej Pary M\u0142odej, niezale\u017cnie od wieku. Planowanie wesela w maju to idealny pocz\u0105tek wsp\u00f3lnego \u017cycia. Tak wi\u0119c \u015blub w maju z pewno\u015bci\u0105 kusi niejedn\u0105 zalet\u0105.<\/p>\n\n\n<section id=\"leonardo-block_31d616bf765e1a1877dc7c5b16d67eee\" class=\"leonardo page-breaker leonardo-image-right\">\r\n    <div class=\"leonardo-body\">\r\n                <div class=\"leonardo-content\"><h3 data-pm-slice=\"1 1 []\">A mo\u017ce <a href=\"https:\/\/www.koronakarkonoszy.pl\/blog\/wesele-w-ogrodzie\/\" class=\"links-placer\">\u015blub w ogrodzie<\/a>?<\/h3>\n<p data-pm-slice=\"1 1 []\">Uroczysto\u015bci \u015blubne w maju to ogrom mo\u017cliwo\u015bci. \u0141\u0105ka, ogr\u00f3d czy las b\u0119d\u0105 wspania\u0142ym t\u0142em dla majowej ceremonii za\u015blubin, zatem wesele plenerowe to idealne rozwi\u0105zanie dla kochaj\u0105cych natur\u0119.<\/p>\n<p>Jak wskazuje Joanna Hoc-Kopiej, ekspertka weselna Dworu Korona Karkonoszy: \u201eOd pocz\u0105tku maja ogromn\u0105 popularno\u015bci\u0105 w naszym obiekcie ciesz\u0105 si\u0119 \u015bluby w ogrodzie, w specjalnej altanie na wzniesieniu z widokiem na g\u00f3ry. Takie ceremonie maj\u0105 wyj\u0105tkowy charakter, a z opinii i komentarzy zachwyconych Par M\u0142odych i go\u015bci wiemy, \u017ce wspomnienia tych chwil zostaj\u0105 z nimi na d\u0142ugie lata\u201d.<\/p>\n<\/div>\r\n                    <aside class=\"leonardo-interlink\">\r\n                <b>Polecamy<\/b>\r\n                <a href=\"https:\/\/www.koronakarkonoszy.pl\/blog\/en\/wesele-okolice-wroclawia\/\">Wesele okolice Wroc\u0142awia \u2013 gdzie zorganizowa\u0107 przyj\u0119cie?<\/a>\r\n            <\/aside>\r\n            <\/div>\r\n    <div class=\"leonardo-image\">\r\n        <img loading=\"lazy\" decoding=\"async\" width=\"960\" height=\"640\" src=\"https:\/\/www.koronakarkonoszy.pl\/blog\/wp-content\/uploads\/2020\/11\/Wesele-w-maju-.jpg\" class=\"attachment-full size-full\" alt=\"\" srcset=\"https:\/\/www.koronakarkonoszy.pl\/blog\/wp-content\/uploads\/2020\/11\/Wesele-w-maju-.jpg 960w, https:\/\/www.koronakarkonoszy.pl\/blog\/wp-content\/uploads\/2020\/11\/Wesele-w-maju--300x200.jpg 300w, https:\/\/www.koronakarkonoszy.pl\/blog\/wp-content\/uploads\/2020\/11\/Wesele-w-maju--768x512.jpg 768w\" sizes=\"auto, (max-width: 960px) 100vw, 960px\" \/>            <\/div>\r\n<\/section>\n\n\n<h3 class=\"wp-block-heading\" id=\"h-lub-w-maju-natura-budzi-si-do-ycia\">\u015alub w maju \u2013 natura budzi si\u0119 do \u017cycia <\/h3>\n\n\n\n<p>Nie bez znaczenia jest tak\u017ce pi\u0119kno, kt\u00f3rym w maju obdarza nas natura i sprzyjaj\u0105ca jej majowa pogoda. W\u0142a\u015bnie wtedy nast\u0119puje prawdziwy wysyp kwitnienia drzew, krzew\u00f3w i wielu gatunk\u00f3w kwiat\u00f3w, jak np. konwalie \u015blubne, a w powietrzu unosi si\u0119 s\u0142odki zapach bzu. \u015alub w&nbsp;maju wydaje si\u0119 by\u0107 idealnym pomys\u0142em. Przyroda budzi si\u0119 do \u017cycia, wszystko kwitnie, s\u0142owiki wy\u015bpiewuj\u0105 swoje trele, dooko\u0142a kwitn\u0105 majowe kwiaty. Ma to znaczenie nie tylko dla romantyk\u00f3w, ale tak\u017ce dla wszystkich, kt\u00f3rzy planuj\u0105 \u015blub w plenerze i chc\u0105 urz\u0105dzi\u0107 wesele, kt\u00f3rego nikt nie zapomni. Kwiaty na wesele w maju i wiosenne dekoracje r\u00f3wnie\u017c nie b\u0119d\u0105 stanowi\u0142y \u017cadnego problemu \u2013 o wiele zadba sama natura.<\/p>\n\n\n<section id=\"leonardo-block_5a4c3b578db4f24dfa89855fe582bd66\" class=\"leonardo page-breaker leonardo-image-left\">\r\n    <div class=\"leonardo-body\">\r\n                <div class=\"leonardo-content\"><p>Je\u015bli nie planujemy \u015blubu cywilnego w plenerze, warto pomy\u015ble\u0107 o urz\u0105dzeniu na zewn\u0105trz poprawin. Maj jako miesi\u0105c \u015blubu wypada bardzo korzystnie r\u00f3wnie\u017c pod wzgl\u0119dem gastronomicznym. Na maj przypada bowiem tak\u017ce pocz\u0105tek sezonu grillowego! Poprawiny w takim lu\u017aniejszej, otwartej atmosferze na pewno spodobaj\u0105 si\u0119 go\u015bciom zm\u0119czonym po ca\u0142onocnej zabawie na parkiecie. Wspomniany Dw\u00f3r Korona Karkonoszy dysponuje nawet specjalnie przygotowanym miejscem na ognisko i centrum grillowym, gdzie go\u015bcie w trakcie poprawin mog\u0105 zrelaksowa\u0107 si\u0119 na \u015bwie\u017cym powietrzu, ciesz\u0105c si\u0119 specja\u0142ami z rusztu.<\/p>\n<\/div>\r\n                    <aside class=\"leonardo-interlink\">\r\n                <b>Polecamy<\/b>\r\n                <a href=\"https:\/\/www.koronakarkonoszy.pl\/blog\/en\/blogoslawienstwo-rodzicow-przed-slubem\/\">B\u0142ogos\u0142awie\u0144stwo rodzic\u00f3w przed \u015blubem \u2013 wzruszaj\u0105cy zwyczaj \u017cywy do dzi\u015b<\/a>\r\n            <\/aside>\r\n            <\/div>\r\n    <div class=\"leonardo-image\">\r\n        <img loading=\"lazy\" decoding=\"async\" width=\"2560\" height=\"1707\" src=\"https:\/\/www.koronakarkonoszy.pl\/blog\/wp-content\/uploads\/2023\/02\/008i-scaled.jpg\" class=\"attachment-full size-full\" alt=\"\" srcset=\"https:\/\/www.koronakarkonoszy.pl\/blog\/wp-content\/uploads\/2023\/02\/008i-scaled.jpg 2560w, https:\/\/www.koronakarkonoszy.pl\/blog\/wp-content\/uploads\/2023\/02\/008i-300x200.jpg 300w, https:\/\/www.koronakarkonoszy.pl\/blog\/wp-content\/uploads\/2023\/02\/008i-1024x683.jpg 1024w, https:\/\/www.koronakarkonoszy.pl\/blog\/wp-content\/uploads\/2023\/02\/008i-768x512.jpg 768w, https:\/\/www.koronakarkonoszy.pl\/blog\/wp-content\/uploads\/2023\/02\/008i-1920x1280.jpg 1920w, https:\/\/www.koronakarkonoszy.pl\/blog\/wp-content\/uploads\/2023\/02\/008i-1536x1024.jpg 1536w, https:\/\/www.koronakarkonoszy.pl\/blog\/wp-content\/uploads\/2023\/02\/008i-2048x1365.jpg 2048w, https:\/\/www.koronakarkonoszy.pl\/blog\/wp-content\/uploads\/2023\/02\/008i-18x12.jpg 18w\" sizes=\"auto, (max-width: 2560px) 100vw, 2560px\" \/>            <\/div>\r\n<\/section>\n\n\n<h3 class=\"wp-block-heading\" id=\"ha-majowy-slub-w-plenerze\">Majowy \u015blub w plenerze<\/h3>\n\n\n\n<p>Wesele w maju to te\u017c szansa na ubi\u00f3r Pa\u0144stwa M\u0142odych taki, jaki sobie wymarzyli. Pogoda w maju sprzyja \u2013 rozpoczyna si\u0119 bowiem ciep\u0142y okres w roku i zn\u00f3w mo\u017cemy porzuci\u0107 kurtki i p\u0142aszcze. Wielu Pannom M\u0142odym zale\u017cy, \u017ceby wyeksponowa\u0107 swoj\u0105 sukni\u0119 \u015blubn\u0105 ju\u017c w ko\u015bciele, dlatego wol\u0105 wzi\u0105\u0107 \u015blub w\u0142a\u015bnie wtedy, kiedy jest ciep\u0142o, a majowa pogoda w ostatnich latach cz\u0119sto zaskakuje. Maj to zwiewno\u015b\u0107, lekko\u015b\u0107, naturalno\u015b\u0107 \u2013 je\u015bli wi\u0119c Wasze stroje oraz ca\u0142a oprawa wesela b\u0119d\u0105 wygl\u0105da\u0142y w\u0142a\u015bnie w taki spos\u00f3b \u2013 maj jest dla Was!<\/p>\n\n\n\n<p>Uroczysto\u015bci w maju mo\u017cna zorganizowa\u0107 na zewn\u0105trz. Maj to idealny miesi\u0105c na wesele dla romantyk\u00f3w oraz na <strong>\u015bluby w ogrodzie<\/strong> i zabaw\u0119 na \u015bwie\u017cym powietrzu. Je\u015bli zale\u017cy nam jednak na weselu w kr\u00f3tkim terminie lub dysponujemy ograniczonym bud\u017cetem, warto rozwa\u017cy\u0107 mniej popularne miesi\u0105ce i wybra\u0107 plener majowy.<\/p>\n\n\n<section id=\"leonardo-block_4a5bca50c1f1ff2a81afcda705402a0e\" class=\"leonardo page-breaker leonardo-image-right\">\r\n    <div class=\"leonardo-body\">\r\n                <div class=\"leonardo-content\"><h3 data-pm-slice=\"1 1 []\" id=\"ha-slub-w-stylu-angielskim\">\u015alub w stylu angielskim<\/h3>\n<p data-pm-slice=\"1 1 []\">Planowanie wesela w maju sprzyja kreatywno\u015bci. Mo\u017cecie urz\u0105dzi\u0107 \u015blub w stylu angielskim w ogrodzie r\u00f3\u017canym \u2013 to doskona\u0142y motyw przewodni na uroczysto\u015bci \u015blubne w maju. Dw\u00f3r Korona Karkonoszy dysponuje wspania\u0142ym ogrodem z ponad 100 gatunkami ro\u015blin, idealnym na romantyczne za\u015blubiny!<\/p>\n<p data-pm-slice=\"1 1 []\">Kawiarnia w ogrodzie r\u00f3\u017canym z fontann\u0105 oraz centrum grillowe czekaj\u0105 na Pary M\u0142ode i ich go\u015bci. Ponadto w ogrodzie znajdziemy Per\u0142\u0119 w Koronie, czyli specjaln\u0105 altan\u0119 na wzniesieniu, z widokiem na Karkonosze, w kt\u00f3rej odbywaj\u0105 si\u0119 <a href=\"https:\/\/www.koronakarkonoszy.pl\/blog\/czy-slub-w-boze-cialo-to-dobry-pomysl\/\" class=\"links-placer\">pi\u0119kne \u015bluby<\/a> cywilne. Dzi\u0119ki temu w Dworze Korona Karkonoszy mo\u017cna celebrowa\u0107 sw\u00f3j \u015blub i wesele w jednym miejscu.<\/p>\n<\/div>\r\n                    <aside class=\"leonardo-interlink\">\r\n                <b>Polecamy<\/b>\r\n                <a href=\"https:\/\/www.koronakarkonoszy.pl\/blog\/en\/slub-jelenia-gora\/\">\u015alub Jelenia G\u00f3ra \u2013 sielska ceremonia w stolicy Karkonoszy<\/a>\r\n            <\/aside>\r\n            <\/div>\r\n    <div class=\"leonardo-image\">\r\n        <img loading=\"lazy\" decoding=\"async\" width=\"1200\" height=\"800\" src=\"https:\/\/www.koronakarkonoszy.pl\/blog\/wp-content\/uploads\/2020\/09\/Ile-kosztuje-wesele.jpg\" class=\"attachment-full size-full\" alt=\"\" srcset=\"https:\/\/www.koronakarkonoszy.pl\/blog\/wp-content\/uploads\/2020\/09\/Ile-kosztuje-wesele.jpg 1200w, https:\/\/www.koronakarkonoszy.pl\/blog\/wp-content\/uploads\/2020\/09\/Ile-kosztuje-wesele-300x200.jpg 300w, https:\/\/www.koronakarkonoszy.pl\/blog\/wp-content\/uploads\/2020\/09\/Ile-kosztuje-wesele-1024x683.jpg 1024w, https:\/\/www.koronakarkonoszy.pl\/blog\/wp-content\/uploads\/2020\/09\/Ile-kosztuje-wesele-768x512.jpg 768w\" sizes=\"auto, (max-width: 1200px) 100vw, 1200px\" \/>            <\/div>\r\n<\/section>\n\n\n<h2 class=\"wp-block-heading\" id=\"h-lub-w-maju-o-czym-pami-ta\">Organizacja wesele w maju &#8211; o czym pami\u0119ta\u0107?<\/h2>\n\n\n\n<p>Wydawa\u0107 by si\u0119 mog\u0142o, \u017ce wesele w maju nie ma praktycznie \u017cadnych wad. Nie jest to do ko\u0144ca prawda, cho\u0107 oczywi\u015bcie wszystko zale\u017cy od naszych pragnie\u0144, wymaga\u0144 i bud\u017cetu jakim dysponujemy. Niestety, pocz\u0105tek sezonu \u015blubnego oznacza bowiem wy\u017csze ceny za wynajem sali i us\u0142ugi, warto pomy\u015ble\u0107 o rozwi\u0105zaniu jakim jest wesele w hotelu. Je\u015bli zale\u017cy nam na majowym \u015blubie i nie chcemy wyda\u0107 zbyt wiele, warto poszuka\u0107 ofert typu \u015blub last minute lub zdecydowa\u0107 si\u0119 na uroczysto\u015b\u0107 w mniej popularnym dniu tygodnia, na przyk\u0142ad we wtorek, czwartek czy <a href=\"https:\/\/www.koronakarkonoszy.pl\/blog\/slub-w-piatek-modny-zwyczaj-ostatnich-lat\/\" target=\"_blank\" rel=\"noreferrer noopener\">\u015blub w pi\u0105tek<\/a>.<\/p>\n\n\n\n<figure class=\"wp-block-image size-full\"><img loading=\"lazy\" decoding=\"async\" width=\"1024\" height=\"683\" src=\"https:\/\/www.koronakarkonoszy.pl\/blog\/wp-content\/uploads\/2021\/07\/maj2.jpg\" alt=\"\u015blub w maju\" class=\"wp-image-909\" srcset=\"https:\/\/www.koronakarkonoszy.pl\/blog\/wp-content\/uploads\/2021\/07\/maj2.jpg 1024w, https:\/\/www.koronakarkonoszy.pl\/blog\/wp-content\/uploads\/2021\/07\/maj2-300x200.jpg 300w, https:\/\/www.koronakarkonoszy.pl\/blog\/wp-content\/uploads\/2021\/07\/maj2-768x512.jpg 768w\" sizes=\"auto, (max-width: 1024px) 100vw, 1024px\" \/><figcaption class=\"wp-element-caption\"><strong>Wesele w maju, <a href=\"https:\/\/www.koronakarkonoszy.pl\/wesele\/\" target=\"_blank\" rel=\"noreferrer noopener\">Dw\u00f3r Korona Karkonoszy<\/a>, <a href=\"https:\/\/www.koronakarkonoszy.pl\/blog-atrakcje\/sosnowka\/\" class=\"links-placer\">Sosn\u00f3wka<\/a> k. Karpacza <\/strong><\/figcaption><\/figure>\n\n\n\n<p>Przygotowania do \u015blubu bywaj\u0105 trudne. Kolejnym problemem mo\u017ce okaza\u0107 si\u0119 dost\u0119pno\u015b\u0107 termin\u00f3w (szczeg\u00f3lnie w okresie maj\u00f3wki). Je\u015bli wi\u0119c marzy nam si\u0119 jaka\u015b upatrzona&nbsp;<a href=\"https:\/\/www.koronakarkonoszy.pl\/sala-balowa\/\" target=\"_blank\" rel=\"noreferrer noopener\">sala na wesele<\/a>&nbsp;czy konkretny zesp\u00f3\u0142 muzyczny, powinni\u015bmy odpowiednio wcze\u015bniej je zarezerwowa\u0107 (z przynajmniej rocznym wyprzedzeniem) \u2013&nbsp;w przeciwnym razie mo\u017ce spotka\u0107 nas rozczarowanie. Z drugiej strony to wci\u0105\u017c nie jest tak zwany wysoki sezon \u2013 mimo wszystko w maju \u0142atwiej znale\u017a\u0107 sal\u0119 i wykonawc\u00f3w, ni\u017c na przyk\u0142ad miesi\u0105c p\u00f3\u017aniej.<\/p>\n\n\n\n<figure class=\"wp-block-image size-full\"><img loading=\"lazy\" decoding=\"async\" width=\"744\" height=\"497\" src=\"https:\/\/www.koronakarkonoszy.pl\/blog\/wp-content\/uploads\/2022\/12\/wesele-w-plenerze.jpg\" alt=\"\" class=\"wp-image-6540\" srcset=\"https:\/\/www.koronakarkonoszy.pl\/blog\/wp-content\/uploads\/2022\/12\/wesele-w-plenerze.jpg 744w, https:\/\/www.koronakarkonoszy.pl\/blog\/wp-content\/uploads\/2022\/12\/wesele-w-plenerze-300x200.jpg 300w\" sizes=\"auto, (max-width: 744px) 100vw, 744px\" \/><figcaption class=\"wp-element-caption\"><strong>Ogr\u00f3d na wesele w plenerze,<\/strong> <strong><a href=\"https:\/\/www.koronakarkonoszy.pl\/wesele\/\" target=\"_blank\" rel=\"noreferrer noopener\">Dw\u00f3r Korona Karkonoszy<\/a>, Sosn\u00f3wka k. Karpacza <\/strong><\/figcaption><\/figure>\n\n\n\n<h2 class=\"wp-block-heading\" id=\"h-lub-w-maju-jaki-motyw-przewodni-wybra\">Jaki motyw przewodni wybra\u0107 na \u015blub w maju?<\/h2>\n\n\n\n<p>Wiele os\u00f3b uwa\u017ca, \u017ce maj to jeden z najpi\u0119kniejszych miesi\u0119cy w roku. W maju wszystko kwitnie. \u015awiat mieni si\u0119 tysi\u0105cami barw, a w powietrzu unosi si\u0119 przyjemny zapach \u015bwie\u017co\u015bci. Wiosenny urok warto przenie\u015b\u0107 na sal\u0119 weseln\u0105. \u015alub w maju mo\u017ce przybra\u0107 najr\u00f3\u017cniejsze barwy. \u015alub w maju dekoracje to wiele mo\u017cliwo\u015bci kolorystycznych. Pi\u0119knie b\u0119dzie prezentowa\u0107 si\u0119 aran\u017cacja w odcieniach fioletu. Fiolet znakomicie podkre\u015bla romantyczn\u0105 aur\u0119 za\u015blubin. Jasnofioletowe dekoracje b\u0119d\u0105 wygl\u0105da\u0107 bardzo efektownie i gustownie. Sk\u0105d je wzi\u0105\u0107? Wykorzysta\u0107 kwitn\u0105cy w maju bez, dost\u0119pny w wielu odcieniach r\u00f3\u017cu i fioletu. Kwiaty majowe stworz\u0105 fantastyczne t\u0142o do zdj\u0119\u0107. Sesja w&nbsp;plenerze z&nbsp;kwitn\u0105cym bzem w&nbsp;tle b\u0119dzie wspania\u0142a!<\/p>\n\n\n\n<p>Dekoracje wesele maj to tak\u017ce odcienie r\u00f3\u017cu, dlatego dobrym pomys\u0142em jest przygotowanie r\u00f3\u017cowych dekoracji. R\u00f3\u017c doskonale komponuje si\u0119 ze \u015blubn\u0105 biel\u0105. Jasnor\u00f3\u017cowe wst\u0105\u017cki, serwetki czy inne elementy dekoracyjne to kwintesencja subtelno\u015bci. R\u00f3\u017cowe akcenty nadadz\u0105 przyj\u0119ciu romantyczny charakter.<\/p>\n\n\n<section id=\"leonardo-block_d6b49d5b711c2f77b3611c2d9bd513c1\" class=\"leonardo page-breaker leonardo-image-right\">\r\n    <div class=\"leonardo-body\">\r\n                <div class=\"leonardo-content\"><p data-pm-slice=\"1 1 []\">Planowanie wesela w maju to nie tylko pi\u0119kne kwiaty majowe ale i cudowne barwy wiosennego s\u0142o\u0144ca, kt\u00f3re coraz cz\u0119\u015bciej go\u015bci na niebie.\u00a0S\u0142oneczne akcenty warto wykorzysta\u0107 w weselnej aran\u017cacji. Z\u0142oto to symbol niezniszczalno\u015bci i wieczno\u015bci \u2013 nie bez przyczyny wi\u0119kszo\u015b\u0107 \u015blubnych obr\u0105czek wykonywana jest z tego kruszcu. Z\u0142ote dekoracje wielu osobom kojarz\u0105 si\u0119 z przepychem i tandet\u0105. Jednak elementy o stonowanym, subtelnym charakterze idealnie wpisz\u0105 si\u0119 w \u015blubny charakter. Z\u0142ote dekoracje mog\u0105 by\u0107 naprawd\u0119 pi\u0119kne i gustowne. Grunt to wybra\u0107 je m\u0105drze. Delikatne z\u0142ociste akcenty na wazonach, \u015bwiecach czy obrusach b\u0119d\u0105 wygl\u0105da\u0107 stylowo i elegancko.<\/p>\n<\/div>\r\n                    <aside class=\"leonardo-interlink\">\r\n                <b>Polecamy<\/b>\r\n                <a href=\"https:\/\/www.koronakarkonoszy.pl\/blog\/en\/scianka-na-wesele\/\">Do czego s\u0142u\u017cy \u015bcianka na wesele?<\/a>\r\n            <\/aside>\r\n            <\/div>\r\n    <div class=\"leonardo-image\">\r\n        <img loading=\"lazy\" decoding=\"async\" width=\"1920\" height=\"1440\" src=\"https:\/\/www.koronakarkonoszy.pl\/blog\/wp-content\/uploads\/2021\/09\/przywitanie-gosci-weselnych.jpg\" class=\"attachment-full size-full\" alt=\"przywitanie go\u015bci weselnych\" srcset=\"https:\/\/www.koronakarkonoszy.pl\/blog\/wp-content\/uploads\/2021\/09\/przywitanie-gosci-weselnych.jpg 1920w, https:\/\/www.koronakarkonoszy.pl\/blog\/wp-content\/uploads\/2021\/09\/przywitanie-gosci-weselnych-300x225.jpg 300w, https:\/\/www.koronakarkonoszy.pl\/blog\/wp-content\/uploads\/2021\/09\/przywitanie-gosci-weselnych-1024x768.jpg 1024w, https:\/\/www.koronakarkonoszy.pl\/blog\/wp-content\/uploads\/2021\/09\/przywitanie-gosci-weselnych-768x576.jpg 768w, https:\/\/www.koronakarkonoszy.pl\/blog\/wp-content\/uploads\/2021\/09\/przywitanie-gosci-weselnych-1536x1152.jpg 1536w\" sizes=\"auto, (max-width: 1920px) 100vw, 1920px\" \/>            <\/div>\r\n<\/section>\n\n\n<h3 class=\"wp-block-heading\" id=\"ha-zielen-niejedno-ma-imie\">Ziele\u0144 niejedno ma imi\u0119\u2026<\/h3>\n\n\n\n<p>Zielony kolor nie bez powodu jest jedn\u0105 z ulubionych barw wielu os\u00f3b. Symbolizuje spok\u00f3j i r\u00f3wnowag\u0119. Warto u\u017cy\u0107 go do przygotowywania wesela i \u015blubnych dekoracji \u2013 skoro dzia\u0142a jak balsam na dusz\u0119, to nawet w najwi\u0119kszym \u015blubnym rozgardiaszu pozostaniemy spokojni\u2026Bukiety \u015blubne r\u00f3wnie\u017c doskonale prezentuj\u0105 si\u0119 wzbogacone w elementy naturalnej zieleni.<\/p>\n\n\n\n<figure class=\"wp-block-image size-large\"><img loading=\"lazy\" decoding=\"async\" width=\"1024\" height=\"682\" src=\"https:\/\/www.koronakarkonoszy.pl\/blog\/wp-content\/uploads\/2022\/03\/sweet-dessert-1261776_1280-1024x682.jpg\" alt=\"nowoczesne wesele: s\u0142odko\u015bci\" class=\"wp-image-3396\" srcset=\"https:\/\/www.koronakarkonoszy.pl\/blog\/wp-content\/uploads\/2022\/03\/sweet-dessert-1261776_1280-1024x682.jpg 1024w, https:\/\/www.koronakarkonoszy.pl\/blog\/wp-content\/uploads\/2022\/03\/sweet-dessert-1261776_1280-300x200.jpg 300w, https:\/\/www.koronakarkonoszy.pl\/blog\/wp-content\/uploads\/2022\/03\/sweet-dessert-1261776_1280-768x512.jpg 768w, https:\/\/www.koronakarkonoszy.pl\/blog\/wp-content\/uploads\/2022\/03\/sweet-dessert-1261776_1280.jpg 1280w\" sizes=\"auto, (max-width: 1024px) 100vw, 1024px\" \/><figcaption class=\"wp-element-caption\"><strong>Desery na wesele <\/strong><\/figcaption><\/figure>\n\n\n\n<p>Paleta barw wyr\u00f3\u017cnia co najmniej siedemna\u015bcie ton\u00f3w koloru zielonego! Dobrze znany wszystkim khaki i maskuj\u0105ca zgni\u0142a ziele\u0144, u\u017cywane g\u0142\u00f3wnie w wojskowo\u015bci i survivalu, to tak\u017ce idealny kolor na dekoracje majowe. Podczas wesela raczej si\u0119 nie sprawdz\u0105, chyba \u017ce chcemy urz\u0105dzi\u0107 je w<strong> stylu militarnym<\/strong>. Smaczna pistacja, energetyczny limonkowy i odcie\u0144 mi\u0119towy idealne b\u0119d\u0105 na \u015blubie w kolorowym, troch\u0119 zwariowanym <strong>stylu boho<\/strong>. \u015awie\u017ca trawiasta wiejska ziele\u0144 idealnie wpasuje si\u0119 w dekoracje wesela rustykalnego. Tym kolorem cz\u0119sto malowano wiejskie sprz\u0119ty domowe, do obejrzenia ju\u017c tylko w skansenach. Dzi\u015b to rzadko spotykany kolor. Wszelkie \u201emorskie\u201d odcienie zieleni pasuj\u0105 oczywi\u015bcie do pla\u017cowego, nadmorskiego <strong>stylu Hamptons.<\/strong><\/p>\n\n\n<section id=\"leonardo-block_b73cd3db2476ebd0f2da18a7956c2f5b\" class=\"leonardo page-breaker leonardo-image-left\">\r\n    <div class=\"leonardo-body\">\r\n                <div class=\"leonardo-content\"><h3 id=\"ha-zielen-zloto-wyrafinowana-elegancja\">Ziele\u0144 + z\u0142oto = wyrafinowana elegancja<\/h3>\n<p>Jedno z najbardziej eleganckich po\u0142\u0105cze\u0144 to ziele\u0144 i z\u0142oto. Przywodzi na my\u015bl <strong>styl art d\u00e9co<\/strong>, kr\u00f3luj\u0105cy w salonach elit w okresie mi\u0119dzywojennym. Z\u0142ote dodatki doskonale wsp\u00f3\u0142graj\u0105 z zieleni\u0105. Styl szalenie elegancki i wyrafinowany, tylko dla koneser\u00f3w. Przy tym nieco tajemniczy&#8230; Jakie odcienie zielonego sprawdzaj\u0105 si\u0119 w tym wypadku? Tylko te kojarz\u0105ce si\u0119 z luksusem: ziele\u0144 butelkowa, odcienie szmaragdowe i intensywne barwy malachitu. Czasem warto je doprawi\u0107, obok z\u0142ota, kropelk\u0105 czerni \u2013 tak, nawet na \u015blubie i weselu! Dzi\u0119ki takiemu po\u0142\u0105czeniu ka\u017cda aran\u017cacji zyska wyj\u0105tkowy, wyrazisty charakter.<\/p>\n<\/div>\r\n                    <aside class=\"leonardo-interlink\">\r\n                <b>Polecamy<\/b>\r\n                <a href=\"https:\/\/www.koronakarkonoszy.pl\/blog\/en\/wesele-w-polsce\/\">Wesele w Polsce<\/a>\r\n            <\/aside>\r\n            <\/div>\r\n    <div class=\"leonardo-image\">\r\n        <img loading=\"lazy\" decoding=\"async\" width=\"1200\" height=\"800\" src=\"https:\/\/www.koronakarkonoszy.pl\/blog\/wp-content\/uploads\/2020\/11\/maciejchyra_com-IMG_1185.jpg\" class=\"attachment-full size-full\" alt=\"\" srcset=\"https:\/\/www.koronakarkonoszy.pl\/blog\/wp-content\/uploads\/2020\/11\/maciejchyra_com-IMG_1185.jpg 1200w, https:\/\/www.koronakarkonoszy.pl\/blog\/wp-content\/uploads\/2020\/11\/maciejchyra_com-IMG_1185-300x200.jpg 300w, https:\/\/www.koronakarkonoszy.pl\/blog\/wp-content\/uploads\/2020\/11\/maciejchyra_com-IMG_1185-1024x683.jpg 1024w, https:\/\/www.koronakarkonoszy.pl\/blog\/wp-content\/uploads\/2020\/11\/maciejchyra_com-IMG_1185-768x512.jpg 768w\" sizes=\"auto, (max-width: 1200px) 100vw, 1200px\" \/>            <\/div>\r\n<\/section>\n\n\n<h3 class=\"wp-block-heading\" id=\"ha-rustykalne-wesele-w-maju\">Rustykalne wesele w maju<\/h3>\n\n\n\n<p>Ziele\u0144 kojarzy si\u0119 tak\u017ce ze stylem rustykalnym. Wykorzystuj\u0105c naturalne dekoracje weselne maj, korzystamy z faktu, \u017ce przyroda daje nam je na wyci\u0105gniecie r\u0119ki! Styl rustykalny czerpie pe\u0142nymi gar\u015bciami z natury i sielskiej atmosfery wsi. <a href=\"https:\/\/www.koronakarkonoszy.pl\/blog\/rustykalne-wesele\/\" class=\"links-placer\">Rustykalne wesele<\/a> w maju b\u0119dzie doskona\u0142ym rozwi\u0105zaniem dla wielu par. W wystroju powinny znale\u017a\u0107 si\u0119 delikatne ga\u0142\u0105zki, zielone ro\u015bliny, drewno w r\u00f3\u017cnych formach, jutowe worki i sznurki, plecionki, koronki i hafty. Dope\u0142nieniem aran\u017cacji \u00a0powinny by\u0107 \u015bwie\u017ce kwiaty w delikatnych odcieniach.<\/p>\n\n\n\n<p>Na rustykalnym weselu nie mo\u017ce zabrakn\u0105\u0107 postarzanych przedmiot\u00f3w oraz innych dekoracji, kt\u00f3re swoim charakterem nawi\u0105zuj\u0105 do natury. Len, batyst, p\u0142\u00f3tno. Ze stylem rustykalnym doskonale komponuj\u0105 si\u0119 gips\u00f3wki, eustomy, eukaliptusy, paprocie, go\u017adziki, winoro\u015ble i piwonie. W aran\u017cacji tej kr\u00f3luj\u0105 barwy ziemi, obok zieleni be\u017ce i br\u0105zy. Pomy\u015bl, czy w pobli\u017cu Twojego miejsca zamieszkania albo \u015blubu nie ma przypadkiem skansenu? Warto urz\u0105dzi\u0107 w nim sesj\u0119 fotograficzn\u0105 lub wesele plenerowe, o ile sprzyja majowa pogoda. Bardziej rustykalnie ju\u017c by\u0107 nie mo\u017ce!<\/p>\n\n\n\n<figure class=\"wp-block-image size-large\"><img loading=\"lazy\" decoding=\"async\" width=\"1024\" height=\"683\" src=\"https:\/\/www.koronakarkonoszy.pl\/blog\/wp-content\/uploads\/2022\/03\/couple-7046755_1280-1024x683.jpg\" alt=\"sesja po\u015blubna: para m\u0142oda\" class=\"wp-image-3427\" srcset=\"https:\/\/www.koronakarkonoszy.pl\/blog\/wp-content\/uploads\/2022\/03\/couple-7046755_1280-1024x683.jpg 1024w, https:\/\/www.koronakarkonoszy.pl\/blog\/wp-content\/uploads\/2022\/03\/couple-7046755_1280-300x200.jpg 300w, https:\/\/www.koronakarkonoszy.pl\/blog\/wp-content\/uploads\/2022\/03\/couple-7046755_1280-768x512.jpg 768w, https:\/\/www.koronakarkonoszy.pl\/blog\/wp-content\/uploads\/2022\/03\/couple-7046755_1280.jpg 1280w\" sizes=\"auto, (max-width: 1024px) 100vw, 1024px\" \/><figcaption class=\"wp-element-caption\"><a href=\"https:\/\/www.koronakarkonoszy.pl\/blog\/wesele-okolice-wroclawia\/\" target=\"_blank\" rel=\"noreferrer noopener\"><strong>Wesele Wroc\u0142aw<\/strong><\/a> <strong>w maju<\/strong> <\/figcaption><\/figure>\n\n\n\n<h2 class=\"wp-block-heading\" id=\"ha-jakie-sezonowe-kwiaty-na-wesele-w-maju-wybrac\">Jakie sezonowe kwiaty na wesele w maju wybra\u0107?<\/h2>\n\n\n\n<p>Je\u015bli chodzi o dekoracje weselne, maj ma wiele do zaoferowania, zw\u0142aszcza w kwestii kwiat\u00f3w. Na wiosennym \u015blubie nie mo\u017ce zabrakn\u0105\u0107 <strong>sezonowych kwiat\u00f3w<\/strong>, kt\u00f3re podkre\u015bl\u0105 romantyczny klimat wydarzenia. Wesele w maju to doskona\u0142y moment na wykorzystanie przepi\u0119knych piwonii b\u0119d\u0105cych symbolem szcz\u0119\u015bcia i dobrobytu. Szeroka paleta barw, od bieli, przez be\u017ce i r\u00f3\u017ce w r\u00f3\u017cnych odcieniach, a\u017c do koralu i bordo, sprawia, \u017ce piwonie doskonale pasuj\u0105 zar\u00f3wno do pastelowych aran\u017cacji, jak i do <a href=\"https:\/\/www.koronakarkonoszy.pl\/blog\/motywy-weselne-ktore-zachwyca-gosci\/\" target=\"_blank\" rel=\"noreferrer noopener\">motyw\u00f3w weselnych<\/a> o wyrazistych barwach, piwonie pi\u0119knie zdobi\u0105 tak\u017ce bukiety \u015blubne.<\/p>\n\n\n\n<p>Warto pami\u0119ta\u0107, \u017ce w maju kwitn\u0105 konwalie \u2013 i tylko wtedy! Grzechem by\u0142oby nie wykorzysta\u0107 ich delikatnego uroku i pi\u0119knego aromatu. Konwalie w&nbsp;dekoracjach \u015blubnych od&nbsp;wiek\u00f3w uznaje si\u0119 za&nbsp;symbol pomy\u015blno\u015bci i&nbsp;dobrych \u017cycze\u0144.<\/p>\n\n\n\n<figure class=\"wp-block-image size-large\"><img loading=\"lazy\" decoding=\"async\" width=\"1024\" height=\"683\" src=\"https:\/\/www.koronakarkonoszy.pl\/blog\/wp-content\/uploads\/2021\/09\/dodatki-weselne3-1024x683.jpg\" alt=\"\" class=\"wp-image-1567\" srcset=\"https:\/\/www.koronakarkonoszy.pl\/blog\/wp-content\/uploads\/2021\/09\/dodatki-weselne3-1024x683.jpg 1024w, https:\/\/www.koronakarkonoszy.pl\/blog\/wp-content\/uploads\/2021\/09\/dodatki-weselne3-300x200.jpg 300w, https:\/\/www.koronakarkonoszy.pl\/blog\/wp-content\/uploads\/2021\/09\/dodatki-weselne3-768x512.jpg 768w, https:\/\/www.koronakarkonoszy.pl\/blog\/wp-content\/uploads\/2021\/09\/dodatki-weselne3-1536x1024.jpg 1536w, https:\/\/www.koronakarkonoszy.pl\/blog\/wp-content\/uploads\/2021\/09\/dodatki-weselne3.jpg 1920w\" sizes=\"auto, (max-width: 1024px) 100vw, 1024px\" \/><figcaption class=\"wp-element-caption\"><strong>Kwiatowe dekoracje weselne <\/strong><\/figcaption><\/figure>\n\n\n\n<p>Maj to te\u017c czas, gdy kwitnie i osza\u0142amiaj\u0105co pachnie bez. Bia\u0142y, r\u00f3\u017cowy, w r\u00f3\u017cnych odcieniach fioletu. Warto uwzgl\u0119dni\u0107 te wspania\u0142e kwiaty przy sporz\u0105dzaniu weselnych aran\u017cacji. Bez symbolizuje przyja\u017a\u0144, bardzo wa\u017cny element ka\u017cdego udanego ma\u0142\u017ce\u0144stwa. Bukiet Panny M\u0142odej z\u0142o\u017cony z samych ga\u0142\u0105zek bzu? Bajka!<\/p>\n\n\n\n<p>Inne kwiaty, kt\u00f3re mo\u017cna wykorzysta\u0107 w majowej aran\u017cacji weselnej to na przyk\u0142ad tulipany, wyst\u0119puj\u0105ce we wszystkich kolorach t\u0119czy symbole mi\u0142o\u015bci Albo skromne stokrotki, urocze go\u017adziki (tak\u017ce oznaczaj\u0105ce gor\u0105ce uczucia), eleganckie magnolie, smuk\u0142e liliowce, \u015bliczne eustomy, delikatne, cho\u0107 symbolizuj\u0105ce zabaw\u0119 hiacynty i puszyste hortensje, a nawet konwalie \u015blubne aran\u017cacje te mog\u0105 wzbogaci\u0107.<\/p>\n\n\n\n<figure class=\"wp-block-image size-large\"><img loading=\"lazy\" decoding=\"async\" width=\"1024\" height=\"682\" src=\"https:\/\/www.koronakarkonoszy.pl\/blog\/wp-content\/uploads\/2021\/08\/Kwiaty-na-stoly-weselne2-1024x682.jpg\" alt=\"\" class=\"wp-image-1295\" srcset=\"https:\/\/www.koronakarkonoszy.pl\/blog\/wp-content\/uploads\/2021\/08\/Kwiaty-na-stoly-weselne2-1024x682.jpg 1024w, https:\/\/www.koronakarkonoszy.pl\/blog\/wp-content\/uploads\/2021\/08\/Kwiaty-na-stoly-weselne2-300x200.jpg 300w, https:\/\/www.koronakarkonoszy.pl\/blog\/wp-content\/uploads\/2021\/08\/Kwiaty-na-stoly-weselne2-768x512.jpg 768w, https:\/\/www.koronakarkonoszy.pl\/blog\/wp-content\/uploads\/2021\/08\/Kwiaty-na-stoly-weselne2.jpg 1280w\" sizes=\"auto, (max-width: 1024px) 100vw, 1024px\" \/><figcaption class=\"wp-element-caption\"><strong>Kwiaty na sto\u0142y weselne <\/strong><\/figcaption><\/figure>\n\n\n\n<h3 class=\"wp-block-heading\" id=\"ha-slub-w-maju-dekoracje\">\u015alub w maju &#8211; dekoracje<\/h3>\n\n\n\n<p>\u201eTo by\u0142 maj, pachnia\u0142a Saska K\u0119pa, szalonym zielonym bzem\u201d &#8211; s\u0142owa jednego ze znanych przeboj\u00f3w mog\u0105 wskaza\u0107 nam kolejny motyw przewodni majowego wesela. Skoro szalonym, to urz\u0105dzamy <strong>wesele w stylu boho<\/strong>! Bajecznie kolorowe, z bzem i kolorem bzu w roli g\u0142\u00f3wnej. Dla kogo dobra b\u0119dzie ta niezobowi\u0105zuj\u0105ca stylistyka?<\/p>\n\n\n<section id=\"leonardo-block_c46c423df42f341df38dc1d4a8e0325b\" class=\"leonardo page-breaker leonardo-image-right\">\r\n    <div class=\"leonardo-body\">\r\n                <div class=\"leonardo-content\"><p>Bia\u0142a d\u0142uga suknia, dziewczynki sypi\u0105ce kwiatki, czerwony dywan. Znamy ten motyw z niezliczonych dzie\u0142 popkultury. Ale\u2026 Czy to naprawd\u0119 Twoja bajka? Mo\u017ce nigdy nie chcia\u0142a\u015b by\u0107 ksi\u0119\u017cniczk\u0105 i nie czeka\u0142a\u015b na ksi\u0119cia na bia\u0142ym koniu? Mo\u017ce bli\u017cej Ci do Pippi Langstrumpf ni\u017c do Kopciuszka? Wtedy warto my\u015ble\u0107 nieszablonowo i pod\u0105\u017ca\u0107 za swymi pragnieniami. Je\u015bli w d\u0142ugiej sukni czujesz si\u0119 jak w przebraniu, je\u015bli biel to stanowczo nie tw\u00f3j kolor \u2013 w\u0142\u00f3\u017c co\u015b w kolorze zielonym czy \u017c\u00f3\u0142tym. Pomara\u0144czowym albo r\u00f3\u017cowym. Albo w kolorze bzu\u2026 Nie wybieraj \u017cadnej klasycznej sukni \u015blubnej, tylko w\u0142\u00f3\u017c t\u0119 najbardziej ukochan\u0105. Mo\u017ce by\u0107 nawet we wzory!<\/p>\n<\/div>\r\n                    <aside class=\"leonardo-interlink\">\r\n                <b>Polecamy<\/b>\r\n                <a href=\"https:\/\/www.koronakarkonoszy.pl\/blog\/en\/dworek-na-wesele\/\">Bajkowy dworek na wesele \u2013 jak znale\u017a\u0107 idealny?<\/a>\r\n            <\/aside>\r\n            <\/div>\r\n    <div class=\"leonardo-image\">\r\n        <img loading=\"lazy\" decoding=\"async\" width=\"1280\" height=\"853\" src=\"https:\/\/www.koronakarkonoszy.pl\/blog\/wp-content\/uploads\/2021\/08\/Kwiaty-na-stoly-weselne.jpg\" class=\"attachment-full size-full\" alt=\"Kwiaty na sto\u0142y weselne \u2013 jakie kompozycje wybra\u0107?\" srcset=\"https:\/\/www.koronakarkonoszy.pl\/blog\/wp-content\/uploads\/2021\/08\/Kwiaty-na-stoly-weselne.jpg 1280w, https:\/\/www.koronakarkonoszy.pl\/blog\/wp-content\/uploads\/2021\/08\/Kwiaty-na-stoly-weselne-300x200.jpg 300w, https:\/\/www.koronakarkonoszy.pl\/blog\/wp-content\/uploads\/2021\/08\/Kwiaty-na-stoly-weselne-1024x682.jpg 1024w, https:\/\/www.koronakarkonoszy.pl\/blog\/wp-content\/uploads\/2021\/08\/Kwiaty-na-stoly-weselne-768x512.jpg 768w\" sizes=\"auto, (max-width: 1280px) 100vw, 1280px\" \/>            <\/div>\r\n<\/section>\n\n\n<p>Bo boho oznacza \u0142\u0105czenie wzor\u00f3w i kolor\u00f3w z r\u00f3\u017cnych cz\u0119\u015bci \u015bwiata. Idealnie sprawdzi si\u0119 podczas przyj\u0119cia weselnego w ogrodzie, na tle majowej natury. Jego symbolem m\u00f3g\u0142by by\u0107 patchwork. W dodatku nie wymaga wielkich nak\u0142ad\u00f3w finansowych i jest ekologiczny! Mo\u017cna, a nawet nale\u017cy wykorzysta\u0107 posiadane ju\u017c akcesoria i przedmioty, a tak\u017ce wszelkie dost\u0119pne majowe kwiaty. Kolorowe poduchy i kwieciste pledy, wzory \u0142owickie i kaszubskie, lamparcie c\u0119tki i tygrysie pasy, szkockie kraty. A wszystko o\u015bwietlone latarenkami i lampionami z r\u00f3\u017cnych stron \u015bwiata. Do tego koraliki, chwosty i tak modne teraz pompony czy kolorowe rozety. Mo\u017ce ju\u017c czas na radosn\u0105, niczym nieskr\u0119powan\u0105 tw\u00f3rczo\u015b\u0107 przy tworzeniu dekoracji weselnych? Ta estetyka z pewno\u015bci\u0105 przem\u00f3wi do os\u00f3b o artystycznym zaci\u0119ciu! Przygotowania do \u015blubu mog\u0105 tez pom\u00f3c odkry\u0107 w sobie nowe talenty.<\/p>\n\n\n<section id=\"leonardo-block_0546af8ef650a5076fa1f71c00beff6e\" class=\"leonardo page-breaker leonardo-image-left\">\r\n    <div class=\"leonardo-body\">\r\n                <div class=\"leonardo-content\"><p><!-- wp:heading --><\/p>\n<p>Kto nie chcia\u0142by zawrze\u0107 \u015blubu w otoczeniu ro\u015blin? \u015alubna aran\u017cacja z natur\u0105 w roli g\u0142\u00f3wnej to propozycja warta rozwa\u017cenia. Polecana szczeg\u00f3lnie mi\u0142o\u015bnikom zieleni w ka\u017cdej postaci. <a href=\"https:\/\/www.koronakarkonoszy.pl\/blog\/zielone-dekoracje-weselne\/\" target=\"_blank\" rel=\"noreferrer noopener\">Zielone dekoracje weselne<\/a> zawsze si\u0119 sprawdz\u0105! Wiosn\u0105, w maju to naturalna, darmowa dekoracja podczas wesela w plenerze. Je\u015bli nade wszystko kochamy ro\u015bliny, rozmawiamy z nimi i traktujemy niemal jak cz\u0142onk\u00f3w rodziny, a ka\u017cdy weekend sp\u0119dzamy na \u0142onie przyrody \u2013 urz\u0105d\u017amy wesele w stylu <strong>biophilic design. <\/strong>Ten termin wywodzi si\u0119 z architektury. Pocz\u0105tkowo oznacza\u0142 projektowanie budynk\u00f3w w taki spos\u00f3b, aby uczyni\u0107 ro\u015bliny ich cz\u0119\u015bci\u0105. A dzi\u015b obejmuje tak\u017ce wystr\u00f3j wn\u0119trz. Aran\u017cacja z natur\u0105 w roli g\u0142\u00f3wnej \u2013 to w\u0142a\u015bnie biophilic desing. Idealny dla wszystkich uzale\u017cnionych od przyrody! Jak go wykorzysta\u0107 podczas urz\u0105dzania wesela? Trzeba postawi\u0107 na naturalne materia\u0142y \u2013 drewno, wiklin\u0119, len. Przestrze\u0144, nawet je\u015bli jest to wn\u0119trze, wype\u0142ni\u0107 ro\u015blinami. Tymi \u017cywymi i tymi na grafikach czy plakatach. Tak zwana miejska d\u017cungla (urban jungle) to dobry trop.<\/p>\n<p><!-- \/wp:paragraph --> <!-- wp:paragraph --><\/p>\n<p>\u015alub i wesele w tym stylu go\u015bcie zapami\u0119taj\u0105 na d\u0142ugo \u2013 nie jest jeszcze zbyt popularny, wi\u0119c pozwoli nam si\u0119 wyr\u00f3\u017cni\u0107 spo\u015br\u00f3d wielu innych imprez \u015blubnych.<\/p>\n<p><!-- \/wp:paragraph --><\/p>\n<\/div>\r\n            <\/div>\r\n    <div class=\"leonardo-image\">\r\n        <img loading=\"lazy\" decoding=\"async\" width=\"1254\" height=\"835\" src=\"https:\/\/www.koronakarkonoszy.pl\/blog\/wp-content\/uploads\/2021\/10\/wiosenne-dekoracje-sali1.jpg\" class=\"attachment-full size-full\" alt=\"Wiosenne dekoracje sali, kt\u00f3re stworz\u0105 romantyczny klimat na weselu\" srcset=\"https:\/\/www.koronakarkonoszy.pl\/blog\/wp-content\/uploads\/2021\/10\/wiosenne-dekoracje-sali1.jpg 1254w, https:\/\/www.koronakarkonoszy.pl\/blog\/wp-content\/uploads\/2021\/10\/wiosenne-dekoracje-sali1-300x200.jpg 300w, https:\/\/www.koronakarkonoszy.pl\/blog\/wp-content\/uploads\/2021\/10\/wiosenne-dekoracje-sali1-1024x682.jpg 1024w, https:\/\/www.koronakarkonoszy.pl\/blog\/wp-content\/uploads\/2021\/10\/wiosenne-dekoracje-sali1-768x511.jpg 768w\" sizes=\"auto, (max-width: 1254px) 100vw, 1254px\" \/>            <\/div>\r\n<\/section>\n\n\n<h2 class=\"wp-block-heading\" id=\"ha-wesele-w-maju-przesady-dlaczego-nie-warto-sie-nimi-przejmowac\">Wesele w maju przes\u0105dy &#8211; dlaczego nie warto si\u0119 nimi przejmowa\u0107?<\/h2>\n\n\n\n<p>Czy istniej\u0105 jakie\u015b przes\u0105dy zwi\u0105zane z majowymi \u015blubami? Oczywi\u015bcie! Z ka\u017cdym miesi\u0105cem wi\u0105\u017c\u0105 si\u0119 jakie\u015b wierzenia dotycz\u0105ce wesel. A wi\u0119c, je\u015bli jeste\u015bcie przes\u0105dni pami\u0119tajcie, \u017ce maj nie posiada w nazwie literki \u201er\u201d. Mimo, \u017ce takie zabobony odchodz\u0105 do lamusa, wiele par jednak w dalszym ci\u0105gu zwraca na nie uwag\u0119. Z tego wzgl\u0119du w niekt\u00f3rych, mniej popularnych miejscach na \u015blub i wesele, jest wi\u0119cej dost\u0119pnych miejsc w tym miesi\u0105cu. \u015alub w maju &#8211; przes\u0105dy wci\u0105\u017c wp\u0142ywaj\u0105 na wybory M\u0142odych Par, je\u015bli chodzi o terminy za\u015blubin, i to nawet w XXI wieku.<\/p>\n\n\n\n<figure class=\"wp-block-image size-large\"><img loading=\"lazy\" decoding=\"async\" width=\"1024\" height=\"683\" src=\"https:\/\/www.koronakarkonoszy.pl\/blog\/wp-content\/uploads\/2021\/08\/wesele-bez-oczepin-1024x683.jpg\" alt=\"\" class=\"wp-image-1169\" srcset=\"https:\/\/www.koronakarkonoszy.pl\/blog\/wp-content\/uploads\/2021\/08\/wesele-bez-oczepin-1024x683.jpg 1024w, https:\/\/www.koronakarkonoszy.pl\/blog\/wp-content\/uploads\/2021\/08\/wesele-bez-oczepin-300x200.jpg 300w, https:\/\/www.koronakarkonoszy.pl\/blog\/wp-content\/uploads\/2021\/08\/wesele-bez-oczepin-768x512.jpg 768w, https:\/\/www.koronakarkonoszy.pl\/blog\/wp-content\/uploads\/2021\/08\/wesele-bez-oczepin-1536x1024.jpg 1536w, https:\/\/www.koronakarkonoszy.pl\/blog\/wp-content\/uploads\/2021\/08\/wesele-bez-oczepin.jpg 1920w\" sizes=\"auto, (max-width: 1024px) 100vw, 1024px\" \/><figcaption class=\"wp-element-caption\"><strong>Zwyczaje weselne <\/strong><\/figcaption><\/figure>\n\n\n\n<p>Brak literki \u201er\u201d w nazwie miesi\u0105ca to niejedyne przes\u0105dy zwi\u0105zane z majowym \u015blubem. Powiedzenia \u201e\u015blub majowy \u2013 gr\u00f3b gotowy\u201d, \u201ew maju \u015blub \u2013 szybki gr\u00f3b\u201d, czy te\u017c \u201emaj oszukuje, gdy mi\u0142o\u015b\u0107 \u015blubuje\u201d nie brzmi\u0105 zbyt optymistycznie. Wskazuj\u0105, \u017ce ma\u0142\u017ce\u0144stwa zawarte w maju s\u0105 nietrwa\u0142e i nieprawdziwe. S\u0142owo \u201egr\u00f3b\u201d wr\u0119cz przera\u017ca i skutecznie odwodzi narzeczonych od pomys\u0142u zawarcia zwi\u0105zku ma\u0142\u017ce\u0144skiego w tym miesi\u0105cu. A przecie\u017c to tylko powiedzonka\u2026 Czy warto tak wa\u017cne decyzje w swoim \u017cyciu, jakimi s\u0105 wyb\u00f3r daty \u015blubu i wesela, uzale\u017cnia\u0107 od jakich\u015b ludowych porzekade\u0142, kt\u00f3rych pocz\u0105tki gin\u0105 w mrokach dziej\u00f3w? W ko\u0144cu ten pi\u0119kny miesi\u0105c jest przecie\u017c idealny na romantyczne za\u015blubiny.<\/p>\n\n\n<section id=\"leonardo-block_07f38ee5901b63851d885b6b13871186\" class=\"leonardo page-breaker leonardo-image-left\">\r\n    <div class=\"leonardo-body\">\r\n                <div class=\"leonardo-content\"><p><span style=\"font-family: 'Cambria',serif;\">Jak si\u0119 okazuje, przes\u0105dy dotycz\u0105ce majowego \u015blubu nie s\u0105 popularne wy\u0142\u0105cznie w naszym kraju. Przes\u0105dne powiedzenia funkcjonuj\u0105 tak\u017ce za kana\u0142em La Manche! W Anglii zwyk\u0142o si\u0119 m\u00f3wi\u0107 \u201emarry in the month of May, and you\u2019ll surely rue the day\u201d, co w wolnym t\u0142umaczeniu oznacza \u201eje\u015bli we\u017amiesz \u015blub w maju, z pewno\u015bci\u0105 szybko tego po\u017ca\u0142ujesz\u201d. Jednak czy <a href=\"https:\/\/www.koronakarkonoszy.pl\/blog\/przesady-slubne-i-weselne\/\">przes\u0105dy \u015blubne<\/a> maj\u0105 potwierdzenie w rzeczywisto\u015bci? Sk\u0105d si\u0119 wzi\u0119\u0142y?<\/span><\/p>\n<p><span style=\"font-family: 'Cambria',serif;\">W Anglii prze\u015bwiadczenie, \u017ce pary decyduj\u0105ce si\u0119 na \u015blub i wesele w maju nie mog\u0105 liczy\u0107 na szcz\u0119\u015bliwe po\u017cycie ma\u0142\u017ce\u0144skie, mo\u017ce wywodzi\u0107 si\u0119 z celtyckiego \u015bwi\u0119ta Beltaine, podczas kt\u00f3rego pary zawiera\u0142y ma\u0142\u017ce\u0144stwa na pr\u00f3b\u0119. Co oznacza\u0142o to w praktyce? Je\u015bli kt\u00f3re\u015b z ma\u0142\u017conk\u00f3w nie czu\u0142o si\u0119 dobrze w zwi\u0105zku, mog\u0142o odej\u015b\u0107 bez \u017cadnych konsekwencji. By\u0142o to swego rodzaju \u201ewypr\u00f3bowanie partnera\u201d, kt\u00f3re nijak ma si\u0119 do idei wiecznej mi\u0142o\u015bci i wierno\u015bci, przyrzekanej na \u015blubnym kobiercu.<\/span><\/p>\n<\/div>\r\n            <\/div>\r\n    <div class=\"leonardo-image\">\r\n        <img loading=\"lazy\" decoding=\"async\" width=\"1920\" height=\"1234\" src=\"https:\/\/www.koronakarkonoszy.pl\/blog\/wp-content\/uploads\/2022\/05\/wesele-w-ogrodzie.jpg\" class=\"attachment-full size-full\" alt=\"wesele w ogrodzie: inspiracje\" srcset=\"https:\/\/www.koronakarkonoszy.pl\/blog\/wp-content\/uploads\/2022\/05\/wesele-w-ogrodzie.jpg 1920w, https:\/\/www.koronakarkonoszy.pl\/blog\/wp-content\/uploads\/2022\/05\/wesele-w-ogrodzie-300x193.jpg 300w, https:\/\/www.koronakarkonoszy.pl\/blog\/wp-content\/uploads\/2022\/05\/wesele-w-ogrodzie-1024x658.jpg 1024w, https:\/\/www.koronakarkonoszy.pl\/blog\/wp-content\/uploads\/2022\/05\/wesele-w-ogrodzie-768x494.jpg 768w, https:\/\/www.koronakarkonoszy.pl\/blog\/wp-content\/uploads\/2022\/05\/wesele-w-ogrodzie-1536x987.jpg 1536w\" sizes=\"auto, (max-width: 1920px) 100vw, 1920px\" \/>            <\/div>\r\n<\/section>\n\n\n<h3 class=\"wp-block-heading\" id=\"ha-a-jak-bylo-w-polsce\">A jak by\u0142o w Polsce?<\/h3>\n\n\n\n<p>Geneza polskich przes\u0105d\u00f3w o majowych \u015blubach jest nieco bardziej skomplikowana. Wed\u0142ug jednej z hipotez z\u0142a s\u0142awa maja jako miesi\u0105ca \u015blubnego rozpocz\u0119\u0142a si\u0119 od kl\u0119ski powstania styczniowego. Zrozpaczona m\u0142odzie\u017c postanowi\u0142a po\u015bwi\u0119ci\u0107 najweselszy miesi\u0105c w roku swojej ojczy\u017anie. Maj sta\u0142 si\u0119 czasem patriotycznym, w kt\u00f3rym powstrzymywano si\u0119 od zawierania ma\u0142\u017ce\u0144stw, a nawet bojkotowano wesela, kt\u00f3re odbywa\u0142y si\u0119 w tym czasie. Okres majowej \u017ca\u0142oby zniesiono w 1866 roku, kilka lat po kl\u0119sce powstania. Jednak prze\u015bwiadczenie o tym, \u017ce maj jest nieszcz\u0119\u015bliwy, na sta\u0142e wpisa\u0142o si\u0119 w <a href=\"https:\/\/www.koronakarkonoszy.pl\/blog\/weselne-zwyczaje\/\" target=\"_blank\" rel=\"noreferrer noopener\">weselne zwyczaje<\/a>.<\/p>\n\n\n\n<style>\n    .cta_block{\n        margin: 1.5em 0;\n    }\n    .cta_block_content {\n        position: relative;\n        color: white;\n        padding: 1em;\n    }\n    .cta_block_content h3{\n        text-align: center;\n        font: normal normal normal 36px\/50px Yeseva One;\n    }\n    .cta_block_content .cta_block_desc{\n        text-align: center;\n        font-size: 1.1em;\n        position: relative;\n    }\n    .cta_block_content .cta_block_desc:before {\n        content: '';\n        width: 80px;\n        height: 4px;\n        background: #EEB315;\n        position: absolute;\n        left: 0;\n        right: 0;\n        margin-left: auto;\n        margin-right: auto;\n        top: -22px;\n    }\n\n    .cta_block_content picture{\n        position: absolute;\n        top: 0;\n        right: 0;\n        z-index: -1;\n        height: 100%;\n        overflow: hidden;\n        width: 100%;\n    }\n    .cta_block_content picture img{\n        object-fit: cover;\n        height: 100%;\n        width: 100%;\n    }\n    .cta_block .cta_block_content .ninja-forms-field{\n        background: #FFFFFF2F;\n        border: 1px solid #EEB315;\n        border-radius: 25px;\n        opacity: 1;\n        color: #ffffff;\n    }\n    .cta_block .cta_block_content .nf-form-content input[type=submit]{\n        background-color: #EEB315;\n        color: #292929;\n        text-align: center;\n        font: normal normal bold 14px\/20px Work Sans;\n        padding: 0 2em;\n    }\n\n    .cta_block ::placeholder{\n        color: white!important;\n        opacity: 1;\n    }\n\n    .cta_block_content::after {\n        height: 100%;\n        width: 100%;\n        content: \"\";\n        z-index: -1;\n        position: absolute;\n        top: 0;\n        background: #00000070;\n        right: 0;\n        left: 0;\n        bottom: 0;\n    }\n    #ha-cta-block, .cta_block_desc, .cta_block .nf-field-label, .cta_block .nf-error-msg {\n        filter: drop-shadow(1px 1px 8px black);\n    }\n\n\/*    .cta_block nf-rows-wrap {\n        display: flex;\n        justify-content: space-around;\n        flex-direction: row;\n    }*\/\n\n    .cta_block .nf-field-label {\n        display:none;\n    }\n\n    .cta_block .nf-error.field-wrap .nf-field-element::after {\n        border-radius: 50px;\n    }\n\n    .cta_block .nf-error-msg {\n        color: #fff;\n    }\n\n    .cta_block .nf-form-cont {\n        margin-top: 3em;\n        margin-bottom: 1em;\n    }\n\n    .wp-admin .cta_block_content{\n        display: none;\n    }\n    .cta_block .nf-form-fields-required {\n        display: none;\n    }\n    body:not(.wp-admin) .cta_block_admin {\n        display: none;\n    }\n<\/style>\n<div id=\"cta_block-block_927ee885e078adeb9a3392c1217b4ec6\" class=\"cta_block\">\n    <div class=\"cta_block_admin\" style=\"background-color: blue; color: white\">\n        Blok CTA\n    <\/div>\n    <div class=\"cta_block\">\n        <div class=\"cta_block_content\">   \n        <h3 id=\"ha-wiosenne-wesele-w-gorach\">Wiosenne wesele w g\u00f3rach? <\/h3>\n                    <div class=\"cta_block_desc\">Tylko w Dworze Korona Karkonoszy! <\/div>\n                <noscript class=\"ninja-forms-noscript-message\">\n\tNotice: JavaScript is required for this content.<\/noscript>\n<div id=\"nf-form-3_1-cont\" class=\"nf-form-cont\" aria-live=\"polite\" aria-labelledby=\"nf-form-title-3_1\" aria-describedby=\"nf-form-errors-3_1\" role=\"form\">\n\n    <div class=\"nf-loading-spinner\"><\/div>\n\n<\/div>\n        <!-- That data is being printed as a workaround to page builders reordering the order of the scripts loaded-->\n        <script>var formDisplay=1;var nfForms=nfForms||[];var form=[];form.id='3_1';form.settings={\"objectType\":\"Form Setting\",\"editActive\":true,\"title\":\"Block CTA\",\"created_at\":\"2022-11-08 16:03:33\",\"default_label_pos\":\"above\",\"show_title\":0,\"clear_complete\":\"1\",\"hide_complete\":\"1\",\"logged_in\":\"\",\"wrapper_class\":\"\",\"element_class\":\"\",\"key\":\"\",\"add_submit\":\"0\",\"changeEmailErrorMsg\":\"Please enter a valid email address!\",\"changeDateErrorMsg\":\"Please enter a valid date!\",\"confirmFieldErrorMsg\":\"These fields must match!\",\"fieldNumberNumMinError\":\"Number Min Error\",\"fieldNumberNumMaxError\":\"Number Max Error\",\"fieldNumberIncrementBy\":\"Please increment by \",\"formErrorsCorrectErrors\":\"Please correct errors before submitting this form.\",\"validateRequiredField\":\"This is a required field.\",\"honeypotHoneypotError\":\"Honeypot Error\",\"fieldsMarkedRequired\":\"Fields marked with an &lt;span class=&quot;ninja-forms-req-symbol&quot;&gt;*&lt;\\\/span&gt; are required\",\"currency\":\"\",\"repeatable_fieldsets\":\"\",\"unique_field_error\":\"Formularz z t\\u0105 warto\\u015bci\\u0105 zosta\\u0142 ju\\u017c przes\\u0142any.\",\"not_logged_in_msg\":\"\",\"sub_limit_msg\":\"Formularz osi\\u0105gn\\u0105\\u0142 limit wys\\u0142a\\u0144.\",\"calculations\":[],\"container_styles_show_advanced_css\":\"0\",\"title_styles_show_advanced_css\":\"0\",\"row_styles_show_advanced_css\":\"0\",\"row-odd_styles_show_advanced_css\":\"0\",\"success-msg_styles_show_advanced_css\":\"0\",\"error_msg_styles_show_advanced_css\":\"0\",\"formContentData\":[{\"order\":1,\"cells\":[{\"order\":0,\"fields\":[\"phone_1640098023980\"],\"width\":35},{\"order\":1,\"fields\":[\"adres_e-mail_1667919839452\"],\"width\":35},{\"order\":2,\"fields\":[\"zapisz_mnie_1667919853255\"],\"width\":30}]}],\"drawerDisabled\":false,\"conditions\":[],\"allow_public_link\":0,\"embed_form\":\"\",\"container_styles_border\":\"\",\"container_styles_height\":\"\",\"container_styles_margin\":\"\",\"container_styles_padding\":\"\",\"container_styles_float\":\"\",\"title_styles_border\":\"\",\"title_styles_height\":\"\",\"title_styles_width\":\"\",\"title_styles_font-size\":\"\",\"title_styles_margin\":\"\",\"title_styles_padding\":\"\",\"title_styles_float\":\"\",\"row_styles_border\":\"\",\"row_styles_width\":\"\",\"row_styles_font-size\":\"\",\"row_styles_margin\":\"\",\"row_styles_padding\":\"\",\"row-odd_styles_border\":\"\",\"row-odd_styles_height\":\"\",\"row-odd_styles_width\":\"\",\"row-odd_styles_font-size\":\"\",\"row-odd_styles_margin\":\"\",\"row-odd_styles_padding\":\"\",\"success-msg_styles_border\":\"\",\"success-msg_styles_height\":\"\",\"success-msg_styles_width\":\"\",\"success-msg_styles_font-size\":\"\",\"success-msg_styles_margin\":\"\",\"success-msg_styles_padding\":\"\",\"error_msg_styles_border\":\"\",\"error_msg_styles_width\":\"\",\"error_msg_styles_font-size\":\"\",\"error_msg_styles_margin\":\"\",\"error_msg_styles_padding\":\"\",\"form_title_heading_level\":\"3\",\"ninjaForms\":\"Ninja Forms\",\"fieldTextareaRTEInsertLink\":\"Insert Link\",\"fieldTextareaRTEInsertMedia\":\"Insert Media\",\"fieldTextareaRTESelectAFile\":\"Select a file\",\"formHoneypot\":\"If you are a human seeing this field, please leave it empty.\",\"fileUploadOldCodeFileUploadInProgress\":\"File Upload in Progress.\",\"fileUploadOldCodeFileUpload\":\"FILE UPLOAD\",\"currencySymbol\":\"&#36;\",\"thousands_sep\":\",\",\"decimal_point\":\".\",\"siteLocale\":\"en_GB\",\"dateFormat\":\"m\\\/d\\\/Y\",\"startOfWeek\":\"1\",\"of\":\"of\",\"previousMonth\":\"Previous Month\",\"nextMonth\":\"Next Month\",\"months\":[\"January\",\"February\",\"March\",\"April\",\"May\",\"June\",\"July\",\"August\",\"September\",\"October\",\"November\",\"December\"],\"monthsShort\":[\"Jan\",\"Feb\",\"Mar\",\"Apr\",\"May\",\"Jun\",\"Jul\",\"Aug\",\"Sep\",\"Oct\",\"Nov\",\"Dec\"],\"weekdays\":[\"Sunday\",\"Monday\",\"Tuesday\",\"Wednesday\",\"Thursday\",\"Friday\",\"Saturday\"],\"weekdaysShort\":[\"Sun\",\"Mon\",\"Tue\",\"Wed\",\"Thu\",\"Fri\",\"Sat\"],\"weekdaysMin\":[\"Su\",\"Mo\",\"Tu\",\"We\",\"Th\",\"Fr\",\"Sa\"],\"recaptchaConsentMissing\":\"reCaptcha validation couldn&#039;t load.\",\"recaptchaMissingCookie\":\"reCaptcha v3 validation couldn&#039;t load the cookie needed to submit the form.\",\"recaptchaConsentEvent\":\"Accept reCaptcha cookies before sending the form.\",\"currency_symbol\":\"\",\"beforeForm\":\"\",\"beforeFields\":\"\",\"afterFields\":\"\",\"afterForm\":\"\"};form.fields=[{\"objectType\":\"Field\",\"objectDomain\":\"fields\",\"editActive\":false,\"order\":1,\"idAttribute\":\"id\",\"type\":\"phone\",\"label\":\"Numer telefonu\",\"key\":\"phone_1640098023980\",\"label_pos\":\"above\",\"required\":1,\"default\":\"\",\"placeholder\":\"Numer telefonu\",\"container_class\":\"\",\"element_class\":\"\",\"input_limit\":\"\",\"input_limit_type\":\"characters\",\"input_limit_msg\":\"Liczba pozosta\\u0142ych znak\\u00f3w:\",\"manual_key\":\"\",\"admin_label\":\"\",\"help_text\":\"\",\"mask\":\"\",\"custom_mask\":\"\",\"custom_name_attribute\":\"phone\",\"personally_identifiable\":1,\"wrap_styles_border\":\"\",\"wrap_styles_width\":\"\",\"wrap_styles_margin\":\"\",\"wrap_styles_padding\":\"\",\"wrap_styles_float\":\"\",\"wrap_styles_show_advanced_css\":0,\"label_styles_border\":\"\",\"label_styles_width\":\"\",\"label_styles_font-size\":\"\",\"label_styles_margin\":\"\",\"label_styles_padding\":\"\",\"label_styles_float\":\"\",\"label_styles_show_advanced_css\":0,\"element_styles_border\":\"\",\"element_styles_width\":\"\",\"element_styles_font-size\":\"\",\"element_styles_margin\":\"\",\"element_styles_padding\":\"\",\"element_styles_float\":\"\",\"element_styles_show_advanced_css\":0,\"cellcid\":\"c3386\",\"value\":\"\",\"field_label\":\"Numer telefonu\",\"field_key\":\"phone_1640098023980\",\"drawerDisabled\":false,\"id\":\"8_1\",\"beforeField\":\"\",\"afterField\":\"\",\"parentType\":\"textbox\",\"element_templates\":[\"tel\",\"textbox\",\"input\"],\"old_classname\":\"\",\"wrap_template\":\"wrap\"},{\"objectType\":\"Field\",\"objectDomain\":\"fields\",\"editActive\":false,\"order\":2,\"idAttribute\":\"id\",\"type\":\"email\",\"label\":\"Adres e-mail\",\"key\":\"adres_e-mail_1667919839452\",\"label_pos\":\"above\",\"required\":1,\"default\":\"\",\"placeholder\":\"Adres e-mail\",\"container_class\":\"\",\"element_class\":\"\",\"admin_label\":\"\",\"help_text\":\"\",\"custom_name_attribute\":\"email\",\"personally_identifiable\":1,\"wrap_styles_border\":\"\",\"wrap_styles_width\":\"\",\"wrap_styles_margin\":\"\",\"wrap_styles_padding\":\"\",\"wrap_styles_float\":\"\",\"wrap_styles_show_advanced_css\":0,\"label_styles_border\":\"\",\"label_styles_width\":\"\",\"label_styles_font-size\":\"\",\"label_styles_margin\":\"\",\"label_styles_padding\":\"\",\"label_styles_float\":\"\",\"label_styles_show_advanced_css\":0,\"element_styles_border\":\"\",\"element_styles_width\":\"\",\"element_styles_font-size\":\"\",\"element_styles_margin\":\"\",\"element_styles_padding\":\"\",\"element_styles_float\":\"\",\"element_styles_show_advanced_css\":0,\"cellcid\":\"c3389\",\"value\":\"\",\"drawerDisabled\":false,\"field_label\":\"E-mail\",\"field_key\":\"email_1640098026199\",\"id\":\"9_1\",\"beforeField\":\"\",\"afterField\":\"\",\"parentType\":\"email\",\"element_templates\":[\"email\",\"input\"],\"old_classname\":\"\",\"wrap_template\":\"wrap\"},{\"objectType\":\"Field\",\"objectDomain\":\"fields\",\"editActive\":false,\"order\":3,\"idAttribute\":\"id\",\"type\":\"submit\",\"label\":\"Zapisz mnie\",\"processing_label\":\"W trakcie realizacji\",\"container_class\":\"\",\"element_class\":\"\",\"key\":\"zapisz_mnie_1667919853255\",\"wrap_styles_border\":\"\",\"wrap_styles_width\":\"\",\"wrap_styles_margin\":\"\",\"wrap_styles_padding\":\"\",\"wrap_styles_float\":\"\",\"wrap_styles_show_advanced_css\":0,\"element_styles_border\":\"\",\"element_styles_width\":\"\",\"element_styles_font-size\":\"\",\"element_styles_margin\":\"\",\"element_styles_padding\":\"\",\"element_styles_float\":\"\",\"element_styles_show_advanced_css\":0,\"submit_element_hover_styles_border\":\"\",\"submit_element_hover_styles_width\":\"\",\"submit_element_hover_styles_font-size\":\"\",\"submit_element_hover_styles_margin\":\"\",\"submit_element_hover_styles_padding\":\"\",\"submit_element_hover_styles_float\":\"\",\"submit_element_hover_styles_show_advanced_css\":0,\"cellcid\":\"c3391\",\"drawerDisabled\":false,\"field_label\":\"Zamawiam rozmow\\u0119\",\"field_key\":\"zamawiam_rozmowe_1640098067453\",\"id\":\"10_1\",\"beforeField\":\"\",\"afterField\":\"\",\"value\":\"\",\"label_pos\":\"above\",\"parentType\":\"textbox\",\"element_templates\":[\"submit\",\"button\",\"input\"],\"old_classname\":\"\",\"wrap_template\":\"wrap-no-label\"}];nfForms.push(form);<\/script>\n                <script id=\"nf-tmpl-cell\" type=\"text\/template\">\n            <nf-fields><\/nf-fields>\n        <\/script>\n\n        <script id=\"nf-tmpl-row\" type=\"text\/template\">\n            <nf-cells><\/nf-cells>\n        <\/script>\n\n                <img loading=\"lazy\" decoding=\"async\" width=\"1500\" height=\"705\" src=\"https:\/\/www.koronakarkonoszy.pl\/blog\/wp-content\/uploads\/2022\/06\/Dwor-Korona-Karkonoszy.jpg\" class=\"attachment-full size-full\" alt=\"\" srcset=\"https:\/\/www.koronakarkonoszy.pl\/blog\/wp-content\/uploads\/2022\/06\/Dwor-Korona-Karkonoszy.jpg 1500w, https:\/\/www.koronakarkonoszy.pl\/blog\/wp-content\/uploads\/2022\/06\/Dwor-Korona-Karkonoszy-300x141.jpg 300w, https:\/\/www.koronakarkonoszy.pl\/blog\/wp-content\/uploads\/2022\/06\/Dwor-Korona-Karkonoszy-1024x481.jpg 1024w, https:\/\/www.koronakarkonoszy.pl\/blog\/wp-content\/uploads\/2022\/06\/Dwor-Korona-Karkonoszy-768x361.jpg 768w\" sizes=\"auto, (max-width: 1500px) 100vw, 1500px\" \/>        <\/div> \n    <\/div>\n<\/div>\n\n\n\n<p>Inna teoria m\u00f3wi o tym, \u017ce maj jako miesi\u0105c zakochanych, nie sprzyja racjonalnym wyborom. Ludzie o\u015blepieni pierwsz\u0105 mi\u0142o\u015bci\u0105 i romantycznymi uniesieniami typowymi dla pocz\u0105tku zwi\u0105zku nie s\u0105 w stanie podejmowa\u0107 logicznych decyzji. W konsekwencji zwi\u0105zki zawierane w tym okresie s\u0105 tylko pozornie trwa\u0142e i szcz\u0119\u015bliwe, a w rzeczywisto\u015bci szybko si\u0119 rozpadaj\u0105. Jednak nikt przecie\u017c nie bierze \u015blubu trzy dni po tym, jak si\u0119 zakocha\u0142! To tak wygl\u0105da tylko w ameryka\u0144skich filmach. \u015alub mo\u017ce i w maju, ale zakochanie si\u0119 z pewno\u015bci\u0105 nast\u0105pi\u0142o wiele miesi\u0119cy, a nawet lat wcze\u015bniej. Wi\u0119c spokojnie mo\u017cna wzi\u0105\u0107 \u015blub w maju. Nie b\u0119dzie to decyzja pochopna.<\/p>\n\n\n<section id=\"leonardo-block_51ba83895c1b6d55008f29f393b97efe\" class=\"leonardo page-breaker leonardo-image-right\">\r\n    <div class=\"leonardo-body\">\r\n                <div class=\"leonardo-content\"><p>Inne popularne powiedzenie g\u0142osi, \u017ce \u201eW maju jak w raju\u201d. Je\u015bli majowe ma\u0142\u017ce\u0144stwo ma przypomina\u0107 mityczny Eden, to czeg\u00f3\u017c chcie\u0107 wi\u0119cej? Ponadto maj to miesi\u0105c mi\u0142o\u015bci. A czy mo\u017ce by\u0107 lepsza wr\u00f3\u017cba na wsp\u00f3lne \u017cycie ni\u017c mi\u0142o\u015b\u0107? Nie przejmujmy si\u0119 wi\u0119c przes\u0105dami, i je\u015bli marzy nam si\u0119 majowy \u015blub, to zrealizujmy te plany!<\/p>\n<\/div>\r\n                    <aside class=\"leonardo-interlink\">\r\n                <b>Polecamy<\/b>\r\n                <a href=\"https:\/\/www.koronakarkonoszy.pl\/blog\/en\/slub-w-plenerze\/\">\u015alub w plenerze &#8211; wszystko, co warto o nim wiedzie\u0107<\/a>\r\n            <\/aside>\r\n            <\/div>\r\n    <div class=\"leonardo-image\">\r\n        <img loading=\"lazy\" decoding=\"async\" width=\"960\" height=\"640\" src=\"https:\/\/www.koronakarkonoszy.pl\/blog\/wp-content\/uploads\/2021\/10\/przygotowania-do-slubu.jpg\" class=\"attachment-full size-full\" alt=\"Szalone przygotowania do \u015blubu \u2013 czyli jak zaplanowa\u0107 \u015blubny dzie\u0144?\" srcset=\"https:\/\/www.koronakarkonoszy.pl\/blog\/wp-content\/uploads\/2021\/10\/przygotowania-do-slubu.jpg 960w, https:\/\/www.koronakarkonoszy.pl\/blog\/wp-content\/uploads\/2021\/10\/przygotowania-do-slubu-300x200.jpg 300w, https:\/\/www.koronakarkonoszy.pl\/blog\/wp-content\/uploads\/2021\/10\/przygotowania-do-slubu-768x512.jpg 768w\" sizes=\"auto, (max-width: 960px) 100vw, 960px\" \/>            <\/div>\r\n<\/section>\n\n\n<h3 class=\"wp-block-heading\" id=\"ha-wesele-w-maju-a-sezon-komunijny\">Wesele w maju a sezon komunijny<\/h3>\n\n\n\n<p>W majowe niedziele w wielu parafiach odbywaj\u0105 si\u0119 komunie. I chocia\u017c z ceremoni\u0105 za\u015blubin nie koliduje to w \u017caden spos\u00f3b, to problem mo\u017ce pojawi\u0107 si\u0119 przy rezerwacji sali weselnej. Wiele obiekt\u00f3w poza przyj\u0119ciami weselnymi organizuje r\u00f3wnie\u017c inne imprezy okoliczno\u015bciowe, w tym komunie. Lokal musi dobrze przygotowa\u0107 si\u0119 do obs\u0142ugi komunii, dlatego organizacja wesela dzie\u0144 wcze\u015bniej mo\u017ce by\u0107 nie lada k\u0142opotem \u2013 zw\u0142aszcza je\u015bli nowo\u017ce\u0144cy planuj\u0105 wyprawi\u0107 poprawiny w tym samym obiekcie na nast\u0119pny dzie\u0144. Jak zatem skutecznie zorganizowa\u0107 wesele w maju? Przede wszystkim zacz\u0105\u0107 organizacj\u0119 wydarzenia z du\u017cym wyprzedzeniem! Poszukiwania sali weselnej warto rozpocz\u0105\u0107 nawet dwa lata (a przynajmniej rok) przed planowanym \u015blubem i odpowiednio wcze\u015bniej zarezerwowa\u0107 wybrany obiekt.<\/p>\n\n\n<section id=\"leonardo-block_32fc066355873dea8fb7cf744c4be434\" class=\"leonardo page-breaker leonardo-image-left\">\r\n    <div class=\"leonardo-body\">\r\n        <h2 class=\"leonardo-title\" id=\"h-koscielny-slub-w-maju\">Ko\u015bcielny \u015blub w maju<\/h2>        <div class=\"leonardo-content\"><p>W katolicyzmie funkcjonuj\u0105 dwa sprzeczne przekonania dotycz\u0105ce \u015blubu i wesela w maju. Oba \u015bci\u015ble powi\u0105zane s\u0105 z osob\u0105 Matki Boskiej. W religii chrze\u015bcija\u0144skiej maj jest miesi\u0105cem Maryi. Uwaga wiernych powinna skupia\u0107 si\u0119 wy\u0142\u0105cznie na niej. W zwi\u0105zku z tym zawieranie ma\u0142\u017ce\u0144stw w tym okresie nie jest najlepszym pomys\u0142em.<\/p>\n<p>Druga teoria kompletnie r\u00f3\u017cni si\u0119 od pierwszej. Jako \u017ce Maryja uznawana jest za patronk\u0119 rodzin, para, kt\u00f3ra zdecyduje si\u0119 wst\u0105pi\u0107 w zwi\u0105zek ma\u0142\u017ce\u0144ski w maju, miesi\u0105cu Maryi, oddaje si\u0119 pod opiek\u0119 Matki Boskiej. Wed\u0142ug wiary katolickiej majowi ma\u0142\u017conkowie mog\u0105 prosi\u0107 Maryj\u0119 o pomoc na ka\u017cdy dzie\u0144 nowego \u017cycia jako m\u0105\u017c i \u017cona.<\/p>\n<\/div>\r\n            <\/div>\r\n    <div class=\"leonardo-image\">\r\n        <img loading=\"lazy\" decoding=\"async\" width=\"1280\" height=\"851\" src=\"https:\/\/www.koronakarkonoszy.pl\/blog\/wp-content\/uploads\/2022\/03\/architecture-1835456_1280.jpg\" class=\"attachment-full size-full\" alt=\"muzyka na \u015blub: ko\u015bci\u00f3\u0142\" srcset=\"https:\/\/www.koronakarkonoszy.pl\/blog\/wp-content\/uploads\/2022\/03\/architecture-1835456_1280.jpg 1280w, https:\/\/www.koronakarkonoszy.pl\/blog\/wp-content\/uploads\/2022\/03\/architecture-1835456_1280-300x199.jpg 300w, https:\/\/www.koronakarkonoszy.pl\/blog\/wp-content\/uploads\/2022\/03\/architecture-1835456_1280-1024x681.jpg 1024w, https:\/\/www.koronakarkonoszy.pl\/blog\/wp-content\/uploads\/2022\/03\/architecture-1835456_1280-768x511.jpg 768w\" sizes=\"auto, (max-width: 1280px) 100vw, 1280px\" \/>            <\/div>\r\n<\/section>\n\n\n<p>Ksi\u0119\u017ca nie odmawiaj\u0105 udzielania \u015blub\u00f3w w maju. Warto jednak odpowiednio wcze\u015bniej powiadomi\u0107 wybran\u0105 parafi\u0119 o zamiarze zawarcia zwi\u0105zku ma\u0142\u017ce\u0144skiego. Wyb\u00f3r dogodnego terminu \u015blubu mo\u017ce by\u0107 bowiem sporym wyzwaniem. W maju ka\u017cdego dnia odbywaj\u0105 si\u0119 specjalne nabo\u017ce\u0144stwa dedykowane Maryi. Ponadto maj to miesi\u0105c komunijny.<\/p>\n\n\n\n<figure class=\"wp-block-image size-large\"><img loading=\"lazy\" decoding=\"async\" width=\"1024\" height=\"683\" src=\"https:\/\/www.koronakarkonoszy.pl\/blog\/wp-content\/uploads\/2021\/06\/0A16-1024x683.jpg\" alt=\"\" class=\"wp-image-80\" srcset=\"https:\/\/www.koronakarkonoszy.pl\/blog\/wp-content\/uploads\/2021\/06\/0A16-1024x683.jpg 1024w, https:\/\/www.koronakarkonoszy.pl\/blog\/wp-content\/uploads\/2021\/06\/0A16-300x200.jpg 300w, https:\/\/www.koronakarkonoszy.pl\/blog\/wp-content\/uploads\/2021\/06\/0A16-768x512.jpg 768w, https:\/\/www.koronakarkonoszy.pl\/blog\/wp-content\/uploads\/2021\/06\/0A16.jpg 1536w\" sizes=\"auto, (max-width: 1024px) 100vw, 1024px\" \/><figcaption class=\"wp-element-caption\"><strong>Wesele w maju, <a href=\"https:\/\/www.koronakarkonoszy.pl\/wesele\/\" target=\"_blank\" rel=\"noreferrer noopener\">Dw\u00f3r Korona Karkonoszy,<\/a> Sosn\u00f3wka k. Karpacza<\/strong> <\/figcaption><\/figure>\n\n\n\n<h3 class=\"wp-block-heading\" id=\"ha-wesele-w-maju-w-sobote-czy-w-tygodniu\">Wesele w maju: w sobot\u0119 czy w tygodniu?<\/h3>\n\n\n\n<p>\u015awietnym rozwi\u0105zaniem jest <a href=\"https:\/\/www.koronakarkonoszy.pl\/blog\/czy-warto-zorganizowac-wesele-w-tygodniu\/\" target=\"_blank\" rel=\"noreferrer noopener\">wesele w tygodniu<\/a>. Jeszcze do niedawna nie wyobra\u017cano sobie \u015blubu w inny dzie\u0144 ni\u017c sobota. Dzi\u015b coraz wi\u0119cej par przenosi ceremonie za\u015blubin na inne dni tygodnia. Popularne sta\u0142y si\u0119 wesela w pi\u0105tki, albo <a href=\"https:\/\/www.koronakarkonoszy.pl\/blog\/slub-w-czwartek-nowa-moda-w-branzy-slubnej\/\" target=\"_blank\" rel=\"noreferrer noopener\">\u015bluby w czwartki<\/a>, a nawet w poniedzia\u0142ki. Planowanie wesela w maju mo\u017cna po\u0142\u0105czy\u0107 z maj\u00f3wk\u0105 i wykorzysta\u0107 dzie\u0144 wolny od pracy, przypadaj\u0105cy nawet w \u015brodku tygodnia.<\/p>\n\n\n\n<p>Plusem organizacji wesela w inny dzie\u0144 ni\u017c sobota jest wi\u0119ksza dost\u0119pno\u015b\u0107 obiekt\u00f3w weselnych. Weekendowe \u015bluby wci\u0105\u017c s\u0105 najpowszechniejsze, co daje wi\u0119ksze pole do popisu parom, decyduj\u0105cym si\u0119 na zawarcie zwi\u0105zku ma\u0142\u017ce\u0144skiego w inny dzie\u0144 tygodnia. Istnieje nawet szansa na zaplanowanie <a href=\"https:\/\/www.koronakarkonoszy.pl\/blog\/wesele-last-minute-jak-szybko-zorganizowac-przyjecie-weselne\/\" target=\"_blank\" rel=\"noreferrer noopener\">wesela last minute<\/a>, co przy weekendowych terminach raczej nie wchodzi w gr\u0119.<\/p>\n\n\n\n<figure class=\"wp-block-image size-large\"><a href=\"https:\/\/www.koronakarkonoszy.pl\/wesele\/\" target=\"_blank\" rel=\"noreferrer noopener\"><img loading=\"lazy\" decoding=\"async\" width=\"1024\" height=\"512\" src=\"https:\/\/www.koronakarkonoszy.pl\/blog\/wp-content\/uploads\/2022\/06\/stylowy_dwor_wesleny_DKK-3-1024x512.jpg\" alt=\"\" class=\"wp-image-4637\" srcset=\"https:\/\/www.koronakarkonoszy.pl\/blog\/wp-content\/uploads\/2022\/06\/stylowy_dwor_wesleny_DKK-3-1024x512.jpg 1024w, https:\/\/www.koronakarkonoszy.pl\/blog\/wp-content\/uploads\/2022\/06\/stylowy_dwor_wesleny_DKK-3-300x150.jpg 300w, https:\/\/www.koronakarkonoszy.pl\/blog\/wp-content\/uploads\/2022\/06\/stylowy_dwor_wesleny_DKK-3-768x384.jpg 768w, https:\/\/www.koronakarkonoszy.pl\/blog\/wp-content\/uploads\/2022\/06\/stylowy_dwor_wesleny_DKK-3.jpg 1200w\" sizes=\"auto, (max-width: 1024px) 100vw, 1024px\" \/><\/a><\/figure>\n\n\n\n<p>Podobnie jest z dost\u0119pno\u015bci\u0105 podwykonawc\u00f3w weselnych. Wymieni\u0107 Najbardziej rozchwytywani us\u0142ugodawcy weekendy w maju maj\u0105 zaj\u0119te nawet na kilka lat do przodu. Jednak organizuj\u0105c wesele w maju w innym dniu ni\u017c sobota, istnieje wi\u0119ksza szansa na to, \u017ce przysz\u0142ym nowo\u017ce\u0144com uda si\u0119 wynaj\u0105\u0107 wybitnego fotografa czy znany zesp\u00f3\u0142.<\/p>\n\n\n<section id=\"leonardo-block_4507a29ac7ab8bcb175cff8c35719623\" class=\"leonardo page-breaker leonardo-image-left\">\r\n    <div class=\"leonardo-body\">\r\n                <div class=\"leonardo-content\"><p data-pm-slice=\"1 1 []\">Dogodny termin \u015blubu to kwestia bardzo indywidualna. Wesele w tygodniu to tak\u017ce ni\u017csze koszty! <a href=\"https:\/\/www.koronakarkonoszy.pl\/blog\/organizacja-wesel\/\" class=\"links-placer\">Organizacja \u015blubu<\/a> i wesela w maju to niema\u0142y wydatek. Maj rozpoczyna gor\u0105cy <a href=\"https:\/\/www.koronakarkonoszy.pl\/blog\/sezon-slubny\/\" target=\"_blank\" rel=\"noreferrer noopener\">sezon \u015blubny<\/a>. Narzeczeni musz\u0105 wi\u0119c liczy\u0107 si\u0119 z wy\u017cszymi cenami za wynajem sali czy us\u0142ugi podwykonawc\u00f3w. Na szcz\u0119\u015bcie wiele obiekt\u00f3w weselnych i us\u0142ugodawc\u00f3w oferuje atrakcyjne zni\u017cki dla par, kt\u00f3re zdecydowa\u0142y si\u0119 na \u015blub w inny dzie\u0144 ni\u017c sobota. Organizuj\u0105c wesele w tygodniu, mo\u017cna sporo zaoszcz\u0119dzi\u0107! Dodatkowa got\u00f3wka z pewno\u015bci\u0105 przyda Wam si\u0119 na pocz\u0105tku ma\u0142\u017ce\u0144stwa!<\/p>\n<\/div>\r\n                    <aside class=\"leonardo-interlink\">\r\n                <b>Polecamy<\/b>\r\n                <a href=\"https:\/\/www.koronakarkonoszy.pl\/blog\/en\/wesele-w-maju\/\"><\/a>\r\n            <\/aside>\r\n            <\/div>\r\n    <div class=\"leonardo-image\">\r\n        <img loading=\"lazy\" decoding=\"async\" width=\"819\" height=\"546\" src=\"https:\/\/www.koronakarkonoszy.pl\/blog\/wp-content\/uploads\/2022\/12\/wesele-wroclaw-Dwor-Korona-Karkonoszy-2.jpg\" class=\"attachment-full size-full\" alt=\"\" srcset=\"https:\/\/www.koronakarkonoszy.pl\/blog\/wp-content\/uploads\/2022\/12\/wesele-wroclaw-Dwor-Korona-Karkonoszy-2.jpg 819w, https:\/\/www.koronakarkonoszy.pl\/blog\/wp-content\/uploads\/2022\/12\/wesele-wroclaw-Dwor-Korona-Karkonoszy-2-300x200.jpg 300w, https:\/\/www.koronakarkonoszy.pl\/blog\/wp-content\/uploads\/2022\/12\/wesele-wroclaw-Dwor-Korona-Karkonoszy-2-768x512.jpg 768w\" sizes=\"auto, (max-width: 819px) 100vw, 819px\" \/>            <\/div>\r\n<\/section>\n\n\n<h3 class=\"wp-block-heading\" id=\"ha-przepis-na-udane-wesele-w-maju-podsumowanie\">Przepis na udane wesele w maju \u2013 podsumowanie<\/h3>\n\n\n\n<p>Maj to wspania\u0142y miesi\u0105c na \u015blub! Natura budz\u0105ca si\u0119 do \u017cycia, wiosenne ciep\u0142o przyjemnie muskaj\u0105ce sk\u00f3r\u0119, \u015bpiew ptak\u00f3w, kt\u00f3re ciesz\u0105 z odej\u015bcia d\u0142ugiej zimy \u2013 to wszystko tworzy niesamowicie romantyczn\u0105, wr\u0119cz magiczn\u0105 atmosfer\u0119. W maju wszystko wydaje si\u0119 pi\u0119kniejsze i rado\u015bniejsze, tak\u017ce organizowana uroczysto\u015b\u0107 w maju. W powietrzu unosi si\u0119 wyj\u0105tkowa aura prawdziwej mi\u0142o\u015bci, kt\u00f3ra perfekcyjnie oddaje uczucia, jakie towarzysz\u0105 zakochanym w najwa\u017cniejszym momencie ich zwi\u0105zku.<\/p>\n\n\n<section id=\"leonardo-block_13cfd30cd93d97105ec3dd4fc1fbc05b\" class=\"leonardo page-breaker leonardo-image-right\">\r\n    <div class=\"leonardo-body\">\r\n                <div class=\"leonardo-content\"><p>Jak zorganizowa\u0107 \u015blub i wesele w maju? Przede wszystkim ca\u0142e przedsi\u0119wzi\u0119cie warto rozpocz\u0105\u0107 ze sporym wyprzedzeniem. Znalezienie idealnej sali na majowe wesele mo\u017ce troch\u0119 potrwa\u0107. Maj rozpoczyna bowiem gor\u0105cym sezon \u015blubny, kt\u00f3ry jest najch\u0119tniej wybierany przez zakochanych, a tak\u017ce jest miesi\u0105cem komunijnym, co sprawia, \u017ce wiele obiekt\u00f3w mo\u017ce by\u0107 zarezerwowanych na przyj\u0119cia komunijne.<\/p>\n<p>\u015alub lepiej zaplanowa\u0107 na drug\u0105 po\u0142ow\u0119 maja. Pogoda na pocz\u0105tku miesi\u0105ca bywa kapry\u015bna. Nie bez powodu okres mi\u0119dzy 12-14 maja nazywa si\u0119 mianem \u201ezimnych ogrodnik\u00f3w\u201d, a 15 maja m\u00f3wimy o \u201ezimnej Zo\u015bce\u201d. W pierwszej cz\u0119\u015bci miesi\u0105ca zdecydowanie cz\u0119\u015bciej zdarzaj\u0105 si\u0119 za\u0142amania pogody. Za to w drugiej mo\u017cemy liczy\u0107 na wspania\u0142\u0105 pogod\u0119! Statystyki pokazuj\u0105, \u017ce ko\u0144c\u00f3wka maja to czas s\u0142oneczny, ciep\u0142y i bardzo przyjemny. Majowa pogoda sprzyja temu, by urz\u0105dzi\u0107 wesele w\u0142a\u015bnie w tym okresie.<\/p>\n<\/div>\r\n                    <aside class=\"leonardo-interlink\">\r\n                <b>Polecamy<\/b>\r\n                <a href=\"https:\/\/www.koronakarkonoszy.pl\/blog\/en\/gdzie-wesele\/\">Gdzie wesele, czyli jak wybra\u0107 idealne miejsce?<\/a>\r\n            <\/aside>\r\n            <\/div>\r\n    <div class=\"leonardo-image\">\r\n        <img loading=\"lazy\" decoding=\"async\" width=\"543\" height=\"364\" src=\"https:\/\/www.koronakarkonoszy.pl\/blog\/wp-content\/uploads\/2020\/11\/wesele-w-maju-ma-wiele-uroku.jpg\" class=\"attachment-full size-full\" alt=\"\" srcset=\"https:\/\/www.koronakarkonoszy.pl\/blog\/wp-content\/uploads\/2020\/11\/wesele-w-maju-ma-wiele-uroku.jpg 543w, https:\/\/www.koronakarkonoszy.pl\/blog\/wp-content\/uploads\/2020\/11\/wesele-w-maju-ma-wiele-uroku-300x201.jpg 300w\" sizes=\"auto, (max-width: 543px) 100vw, 543px\" \/>            <\/div>\r\n<\/section>\n\n\n<p>Maj to idealny czas, \u017ceby wykorzysta\u0107 wiosenne dekoracje i zorganizowa\u0107 <a href=\"https:\/\/www.koronakarkonoszy.pl\/blog\/pastelowe-wesele\/\" target=\"_blank\" rel=\"noreferrer noopener\">pastelowe wesele<\/a>. W weselnej aran\u017cacji przede wszystkim nie mo\u017ce zabrakn\u0105\u0107 \u015bwie\u017cych kwiat\u00f3w! Tulipany, stokrotki, go\u017adziki, bzy czy hortensje podkre\u015bl\u0105 wiosenny charakter przyj\u0119cia i stworz\u0105 w sali wyj\u0105tkowo radosny, romantyczny klimat.<\/p>\n","protected":false},"excerpt":{"rendered":"<p>Maj jest w\u0142a\u015bnie tym miesi\u0105cem, kt\u00f3ry w bran\u017cy weselnej wyznacza pocz\u0105tek \u201egor\u0105cego\u201d sezonu. Przysz\u0142e M\u0142ode Pary bardzo ch\u0119tnie wybieraj\u0105 ten miesi\u0105c ze wzgl\u0119du na pogod\u0119 i pi\u0119kn\u0105 wiosenn\u0105 przyrod\u0119. Wiosenne za\u015blubiny zwiastuj\u0105 dobry pocz\u0105tek i nie trzeba si\u0119 martwi\u0107 o to czy \u015blub w maju przynosi pecha. Wraz z pocz\u0105tkiem maja zwi\u0119ksza si\u0119 tak\u017ce liczba [&hellip;]<\/p>\n","protected":false},"author":11,"featured_media":906,"comment_status":"closed","ping_status":"closed","sticky":false,"template":"","format":"standard","meta":{"_acf_changed":false,"footnotes":""},"categories":[16,2,14],"class_list":["post-902","post","type-post","status-publish","format-standard","has-post-thumbnail","hentry","category-kiedy-wesele","category-porady","category-wesele-wiosna"],"acf":[],"yoast_head":"<!-- This site is optimized with the Yoast SEO plugin v27.5 - https:\/\/yoast.com\/product\/yoast-seo-wordpress\/ -->\n<title>Wesele w maju - wady i zalety - :: Blog weselny<\/title>\n<meta name=\"description\" content=\"Wydaje si\u0119, \u017ce majowy \u015blub czy wesele w maju maj\u0105 same zalety \u2013 sprawd\u017amy, czy tak jest w istocie. Co decyduje o popularno\u015bci wesel wiosn\u0105?\" \/>\n<meta name=\"robots\" content=\"index, follow, max-snippet:-1, max-image-preview:large, max-video-preview:-1\" \/>\n<link rel=\"canonical\" href=\"https:\/\/www.koronakarkonoszy.pl\/blog\/en\/wedding-in-may\/\" \/>\n<meta property=\"og:locale\" content=\"en_GB\" \/>\n<meta property=\"og:type\" content=\"article\" \/>\n<meta property=\"og:title\" content=\"Wesele w maju - wady i zalety - :: Blog weselny\" \/>\n<meta property=\"og:description\" content=\"Wydaje si\u0119, \u017ce majowy \u015blub czy wesele w maju maj\u0105 same zalety \u2013 sprawd\u017amy, czy tak jest w istocie. Co decyduje o popularno\u015bci wesel wiosn\u0105?\" \/>\n<meta property=\"og:url\" content=\"https:\/\/www.koronakarkonoszy.pl\/blog\/en\/wedding-in-may\/\" \/>\n<meta property=\"og:site_name\" content=\":: Blog weselny\" \/>\n<meta property=\"article:published_time\" content=\"2024-07-15T16:29:00+00:00\" \/>\n<meta property=\"article:modified_time\" content=\"2024-08-11T21:00:18+00:00\" \/>\n<meta property=\"og:image\" content=\"https:\/\/www.koronakarkonoszy.pl\/blog\/wp-content\/uploads\/2021\/07\/maj3.jpg\" \/>\n\t<meta property=\"og:image:width\" content=\"1024\" \/>\n\t<meta property=\"og:image:height\" content=\"683\" \/>\n\t<meta property=\"og:image:type\" content=\"image\/jpeg\" \/>\n<meta name=\"author\" content=\"agnieszka\" \/>\n<meta name=\"twitter:card\" content=\"summary_large_image\" \/>\n<meta name=\"twitter:label1\" content=\"Written by\" \/>\n\t<meta name=\"twitter:data1\" content=\"agnieszka\" \/>\n\t<meta name=\"twitter:label2\" content=\"Estimated reading time\" \/>\n\t<meta name=\"twitter:data2\" content=\"19 minutes\" \/>\n<script type=\"application\/ld+json\" class=\"yoast-schema-graph\">{\"@context\":\"https:\\\/\\\/schema.org\",\"@graph\":[{\"@type\":\"Article\",\"@id\":\"https:\\\/\\\/www.koronakarkonoszy.pl\\\/blog\\\/wesele-w-maju\\\/#article\",\"isPartOf\":{\"@id\":\"https:\\\/\\\/www.koronakarkonoszy.pl\\\/blog\\\/wesele-w-maju\\\/\"},\"author\":{\"name\":\"agnieszka\",\"@id\":\"https:\\\/\\\/www.koronakarkonoszy.pl\\\/blog\\\/#\\\/schema\\\/person\\\/ec8c88bd01ebe6cbf6a16435ce22276f\"},\"headline\":\"Wesele w maju &#8211; wady i zalety\",\"datePublished\":\"2024-07-15T16:29:00+00:00\",\"dateModified\":\"2024-08-11T21:00:18+00:00\",\"mainEntityOfPage\":{\"@id\":\"https:\\\/\\\/www.koronakarkonoszy.pl\\\/blog\\\/wesele-w-maju\\\/\"},\"wordCount\":3362,\"image\":{\"@id\":\"https:\\\/\\\/www.koronakarkonoszy.pl\\\/blog\\\/wesele-w-maju\\\/#primaryimage\"},\"thumbnailUrl\":\"https:\\\/\\\/www.koronakarkonoszy.pl\\\/blog\\\/wp-content\\\/uploads\\\/2021\\\/07\\\/maj3.jpg\",\"articleSection\":[\"Kiedy wesele\",\"Porady\",\"Wesele wiosna\"],\"inLanguage\":\"en-GB\"},{\"@type\":\"WebPage\",\"@id\":\"https:\\\/\\\/www.koronakarkonoszy.pl\\\/blog\\\/wesele-w-maju\\\/\",\"url\":\"https:\\\/\\\/www.koronakarkonoszy.pl\\\/blog\\\/wesele-w-maju\\\/\",\"name\":\"Wesele w maju - wady i zalety - :: Blog weselny\",\"isPartOf\":{\"@id\":\"https:\\\/\\\/www.koronakarkonoszy.pl\\\/blog\\\/#website\"},\"primaryImageOfPage\":{\"@id\":\"https:\\\/\\\/www.koronakarkonoszy.pl\\\/blog\\\/wesele-w-maju\\\/#primaryimage\"},\"image\":{\"@id\":\"https:\\\/\\\/www.koronakarkonoszy.pl\\\/blog\\\/wesele-w-maju\\\/#primaryimage\"},\"thumbnailUrl\":\"https:\\\/\\\/www.koronakarkonoszy.pl\\\/blog\\\/wp-content\\\/uploads\\\/2021\\\/07\\\/maj3.jpg\",\"datePublished\":\"2024-07-15T16:29:00+00:00\",\"dateModified\":\"2024-08-11T21:00:18+00:00\",\"author\":{\"@id\":\"https:\\\/\\\/www.koronakarkonoszy.pl\\\/blog\\\/#\\\/schema\\\/person\\\/ec8c88bd01ebe6cbf6a16435ce22276f\"},\"description\":\"Wydaje si\u0119, \u017ce majowy \u015blub czy wesele w maju maj\u0105 same zalety \u2013 sprawd\u017amy, czy tak jest w istocie. Co decyduje o popularno\u015bci wesel wiosn\u0105?\",\"breadcrumb\":{\"@id\":\"https:\\\/\\\/www.koronakarkonoszy.pl\\\/blog\\\/wesele-w-maju\\\/#breadcrumb\"},\"inLanguage\":\"en-GB\",\"potentialAction\":[{\"@type\":\"ReadAction\",\"target\":[\"https:\\\/\\\/www.koronakarkonoszy.pl\\\/blog\\\/wesele-w-maju\\\/\"]}]},{\"@type\":\"ImageObject\",\"inLanguage\":\"en-GB\",\"@id\":\"https:\\\/\\\/www.koronakarkonoszy.pl\\\/blog\\\/wesele-w-maju\\\/#primaryimage\",\"url\":\"https:\\\/\\\/www.koronakarkonoszy.pl\\\/blog\\\/wp-content\\\/uploads\\\/2021\\\/07\\\/maj3.jpg\",\"contentUrl\":\"https:\\\/\\\/www.koronakarkonoszy.pl\\\/blog\\\/wp-content\\\/uploads\\\/2021\\\/07\\\/maj3.jpg\",\"width\":1024,\"height\":683,\"caption\":\"wesele w maju\"},{\"@type\":\"BreadcrumbList\",\"@id\":\"https:\\\/\\\/www.koronakarkonoszy.pl\\\/blog\\\/wesele-w-maju\\\/#breadcrumb\",\"itemListElement\":[{\"@type\":\"ListItem\",\"position\":1,\"name\":\"Strona g\u0142\u00f3wna\",\"item\":\"https:\\\/\\\/www.koronakarkonoszy.pl\\\/blog\\\/\"},{\"@type\":\"ListItem\",\"position\":2,\"name\":\"Wesele w maju &#8211; wady i zalety\"}]},{\"@type\":\"WebSite\",\"@id\":\"https:\\\/\\\/www.koronakarkonoszy.pl\\\/blog\\\/#website\",\"url\":\"https:\\\/\\\/www.koronakarkonoszy.pl\\\/blog\\\/\",\"name\":\":: Blog weselny\",\"description\":\"Blog weselny Dw\u00f3r Korona Karkonoszy\",\"potentialAction\":[{\"@type\":\"SearchAction\",\"target\":{\"@type\":\"EntryPoint\",\"urlTemplate\":\"https:\\\/\\\/www.koronakarkonoszy.pl\\\/blog\\\/?s={search_term_string}\"},\"query-input\":{\"@type\":\"PropertyValueSpecification\",\"valueRequired\":true,\"valueName\":\"search_term_string\"}}],\"inLanguage\":\"en-GB\"},{\"@type\":\"Person\",\"@id\":\"https:\\\/\\\/www.koronakarkonoszy.pl\\\/blog\\\/#\\\/schema\\\/person\\\/ec8c88bd01ebe6cbf6a16435ce22276f\",\"name\":\"agnieszka\",\"image\":{\"@type\":\"ImageObject\",\"inLanguage\":\"en-GB\",\"@id\":\"https:\\\/\\\/www.koronakarkonoszy.pl\\\/blog\\\/wp-content\\\/litespeed\\\/avatar\\\/53ee7b676463f74d0aea1a09de3d003b.jpg?ver=1777438794\",\"url\":\"https:\\\/\\\/www.koronakarkonoszy.pl\\\/blog\\\/wp-content\\\/litespeed\\\/avatar\\\/53ee7b676463f74d0aea1a09de3d003b.jpg?ver=1777438794\",\"contentUrl\":\"https:\\\/\\\/www.koronakarkonoszy.pl\\\/blog\\\/wp-content\\\/litespeed\\\/avatar\\\/53ee7b676463f74d0aea1a09de3d003b.jpg?ver=1777438794\",\"caption\":\"agnieszka\"},\"url\":\"https:\\\/\\\/www.koronakarkonoszy.pl\\\/blog\\\/en\\\/author\\\/agnieszka\\\/\"}]}<\/script>\n<!-- \/ Yoast SEO plugin. -->","yoast_head_json":{"title":"Wedding in May - advantages and disadvantages - :: Wedding blog","description":"It seems that a wedding in May or a wedding in May have only advantages - let&#039;s check if this is really the case. What makes spring weddings so popular?","robots":{"index":"index","follow":"follow","max-snippet":"max-snippet:-1","max-image-preview":"max-image-preview:large","max-video-preview":"max-video-preview:-1"},"canonical":"https:\/\/www.koronakarkonoszy.pl\/blog\/en\/wedding-in-may\/","og_locale":"en_GB","og_type":"article","og_title":"Wesele w maju - wady i zalety - :: Blog weselny","og_description":"Wydaje si\u0119, \u017ce majowy \u015blub czy wesele w maju maj\u0105 same zalety \u2013 sprawd\u017amy, czy tak jest w istocie. Co decyduje o popularno\u015bci wesel wiosn\u0105?","og_url":"https:\/\/www.koronakarkonoszy.pl\/blog\/en\/wedding-in-may\/","og_site_name":":: Blog weselny","article_published_time":"2024-07-15T16:29:00+00:00","article_modified_time":"2024-08-11T21:00:18+00:00","og_image":[{"width":1024,"height":683,"url":"https:\/\/www.koronakarkonoszy.pl\/blog\/wp-content\/uploads\/2021\/07\/maj3.jpg","type":"image\/jpeg"}],"author":"agnieszka","twitter_card":"summary_large_image","twitter_misc":{"Written by":"agnieszka","Estimated reading time":"19 minutes"},"schema":{"@context":"https:\/\/schema.org","@graph":[{"@type":"Article","@id":"https:\/\/www.koronakarkonoszy.pl\/blog\/wesele-w-maju\/#article","isPartOf":{"@id":"https:\/\/www.koronakarkonoszy.pl\/blog\/wesele-w-maju\/"},"author":{"name":"agnieszka","@id":"https:\/\/www.koronakarkonoszy.pl\/blog\/#\/schema\/person\/ec8c88bd01ebe6cbf6a16435ce22276f"},"headline":"Wesele w maju &#8211; wady i zalety","datePublished":"2024-07-15T16:29:00+00:00","dateModified":"2024-08-11T21:00:18+00:00","mainEntityOfPage":{"@id":"https:\/\/www.koronakarkonoszy.pl\/blog\/wesele-w-maju\/"},"wordCount":3362,"image":{"@id":"https:\/\/www.koronakarkonoszy.pl\/blog\/wesele-w-maju\/#primaryimage"},"thumbnailUrl":"https:\/\/www.koronakarkonoszy.pl\/blog\/wp-content\/uploads\/2021\/07\/maj3.jpg","articleSection":["Kiedy wesele","Porady","Wesele wiosna"],"inLanguage":"en-GB"},{"@type":"WebPage","@id":"https:\/\/www.koronakarkonoszy.pl\/blog\/wesele-w-maju\/","url":"https:\/\/www.koronakarkonoszy.pl\/blog\/wesele-w-maju\/","name":"Wedding in May - advantages and disadvantages - :: Wedding blog","isPartOf":{"@id":"https:\/\/www.koronakarkonoszy.pl\/blog\/#website"},"primaryImageOfPage":{"@id":"https:\/\/www.koronakarkonoszy.pl\/blog\/wesele-w-maju\/#primaryimage"},"image":{"@id":"https:\/\/www.koronakarkonoszy.pl\/blog\/wesele-w-maju\/#primaryimage"},"thumbnailUrl":"https:\/\/www.koronakarkonoszy.pl\/blog\/wp-content\/uploads\/2021\/07\/maj3.jpg","datePublished":"2024-07-15T16:29:00+00:00","dateModified":"2024-08-11T21:00:18+00:00","author":{"@id":"https:\/\/www.koronakarkonoszy.pl\/blog\/#\/schema\/person\/ec8c88bd01ebe6cbf6a16435ce22276f"},"description":"It seems that a wedding in May or a wedding in May have only advantages - let&#039;s check if this is really the case. What makes spring weddings so popular?","breadcrumb":{"@id":"https:\/\/www.koronakarkonoszy.pl\/blog\/wesele-w-maju\/#breadcrumb"},"inLanguage":"en-GB","potentialAction":[{"@type":"ReadAction","target":["https:\/\/www.koronakarkonoszy.pl\/blog\/wesele-w-maju\/"]}]},{"@type":"ImageObject","inLanguage":"en-GB","@id":"https:\/\/www.koronakarkonoszy.pl\/blog\/wesele-w-maju\/#primaryimage","url":"https:\/\/www.koronakarkonoszy.pl\/blog\/wp-content\/uploads\/2021\/07\/maj3.jpg","contentUrl":"https:\/\/www.koronakarkonoszy.pl\/blog\/wp-content\/uploads\/2021\/07\/maj3.jpg","width":1024,"height":683,"caption":"wesele w maju"},{"@type":"BreadcrumbList","@id":"https:\/\/www.koronakarkonoszy.pl\/blog\/wesele-w-maju\/#breadcrumb","itemListElement":[{"@type":"ListItem","position":1,"name":"Strona g\u0142\u00f3wna","item":"https:\/\/www.koronakarkonoszy.pl\/blog\/"},{"@type":"ListItem","position":2,"name":"Wesele w maju &#8211; wady i zalety"}]},{"@type":"WebSite","@id":"https:\/\/www.koronakarkonoszy.pl\/blog\/#website","url":"https:\/\/www.koronakarkonoszy.pl\/blog\/","name":":: Wedding blog","description":"Wedding blog Dw\u00f3r Korona Karkonosze","potentialAction":[{"@type":"SearchAction","target":{"@type":"EntryPoint","urlTemplate":"https:\/\/www.koronakarkonoszy.pl\/blog\/?s={search_term_string}"},"query-input":{"@type":"PropertyValueSpecification","valueRequired":true,"valueName":"search_term_string"}}],"inLanguage":"en-GB"},{"@type":"Person","@id":"https:\/\/www.koronakarkonoszy.pl\/blog\/#\/schema\/person\/ec8c88bd01ebe6cbf6a16435ce22276f","name":"Agnes","image":{"@type":"ImageObject","inLanguage":"en-GB","@id":"https:\/\/www.koronakarkonoszy.pl\/blog\/wp-content\/litespeed\/avatar\/53ee7b676463f74d0aea1a09de3d003b.jpg?ver=1777438794","url":"https:\/\/www.koronakarkonoszy.pl\/blog\/wp-content\/litespeed\/avatar\/53ee7b676463f74d0aea1a09de3d003b.jpg?ver=1777438794","contentUrl":"https:\/\/www.koronakarkonoszy.pl\/blog\/wp-content\/litespeed\/avatar\/53ee7b676463f74d0aea1a09de3d003b.jpg?ver=1777438794","caption":"agnieszka"},"url":"https:\/\/www.koronakarkonoszy.pl\/blog\/en\/author\/agnieszka\/"}]}},"_links":{"self":[{"href":"https:\/\/www.koronakarkonoszy.pl\/blog\/en\/wp-json\/wp\/v2\/posts\/902","targetHints":{"allow":["GET"]}}],"collection":[{"href":"https:\/\/www.koronakarkonoszy.pl\/blog\/en\/wp-json\/wp\/v2\/posts"}],"about":[{"href":"https:\/\/www.koronakarkonoszy.pl\/blog\/en\/wp-json\/wp\/v2\/types\/post"}],"author":[{"embeddable":true,"href":"https:\/\/www.koronakarkonoszy.pl\/blog\/en\/wp-json\/wp\/v2\/users\/11"}],"replies":[{"embeddable":true,"href":"https:\/\/www.koronakarkonoszy.pl\/blog\/en\/wp-json\/wp\/v2\/comments?post=902"}],"version-history":[{"count":2,"href":"https:\/\/www.koronakarkonoszy.pl\/blog\/en\/wp-json\/wp\/v2\/posts\/902\/revisions"}],"predecessor-version":[{"id":11374,"href":"https:\/\/www.koronakarkonoszy.pl\/blog\/en\/wp-json\/wp\/v2\/posts\/902\/revisions\/11374"}],"wp:featuredmedia":[{"embeddable":true,"href":"https:\/\/www.koronakarkonoszy.pl\/blog\/en\/wp-json\/wp\/v2\/media\/906"}],"wp:attachment":[{"href":"https:\/\/www.koronakarkonoszy.pl\/blog\/en\/wp-json\/wp\/v2\/media?parent=902"}],"wp:term":[{"taxonomy":"category","embeddable":true,"href":"https:\/\/www.koronakarkonoszy.pl\/blog\/en\/wp-json\/wp\/v2\/categories?post=902"}],"curies":[{"name":"wp","href":"https:\/\/api.w.org\/{rel}","templated":true}]}}