{"id":817,"date":"2021-01-06T12:43:56","date_gmt":"2021-01-06T11:43:56","guid":{"rendered":"https:\/\/www.koronakarkonoszy.pl\/blog\/?p=817"},"modified":"2023-02-09T19:42:29","modified_gmt":"2023-02-09T18:42:29","slug":"essential-accessories-for-a-winter-wedding","status":"publish","type":"post","link":"https:\/\/www.koronakarkonoszy.pl\/blog\/en\/niezbedne-dodatki-na-wesele-zima\/","title":{"rendered":"Essential accessories for a winter wedding"},"content":{"rendered":"\n<p><strong>Pary M\u0142ode coraz cz\u0119\u015bciej decyduj\u0105 si\u0119 na organizowanie przyj\u0119cia weselnego zim\u0105. Powod\u00f3w ku temu jest wiele \u2013 pocz\u0105wszy od ni\u017cszych cen za wynajem sali, a sko\u0144czywszy na bajkowej aurze i \u015bwi\u0105tecznych dekoracjach. Szykuj\u0105c si\u0119 na <a href=\"https:\/\/www.koronakarkonoszy.pl\/blog\/zimowe-wesele\/\" class=\"links-placer\">zimowe wesele<\/a> w grudniu czy styczniu powinni\u015bmy jednak pami\u0119ta\u0107 o tym, \u017ce wszystkie elementy stroju musz\u0105 by\u0107 nie tylko pi\u0119kne, ale tak\u017ce chroni\u0107 przed dzia\u0142aniem niskich temperatur. Jakie wi\u0119c dodatki na wesele powinna wybra\u0107 zimowa Panna M\u0142oda?<\/strong><\/p>\n\n\n<div id=\"ariadna-block_618d651b42dce\" class=\"ariadna\">\r\n    <ul><li><a href=\"#ha-kwiaty-na-slub-w-zimie\">Kwiaty na \u015blub w zimie<\/a><\/li><li><a href=\"#ha-dodatki-na-wesele-okrycie-wierzchnie\">Dodatki na wesele &#8211; okrycie wierzchnie<\/a><\/li><li><a href=\"#ha-dodatki-na-wesele-nakrycie-glowy-dla-pary-mlodej\">Dodatki na wesele \u2013 nakrycie g\u0142owy dla Pary M\u0142odej<\/a><\/li><li><a href=\"#ha-magiczne-wesele-w-gorach\">Magiczne wesele w g\u00f3rach?<\/a><\/li><li><a href=\"#ha-dodatki-na-wesele-powoz-konny\">Dodatki na wesele \u2013 pow\u00f3z konny<\/a><\/li><\/ul>\r\n<\/div>\r\n\r\n\r\n\r\n\n\n\n<h2 class=\"wp-block-heading\" id=\"ha-kwiaty-na-slub-w-zimie\">Kwiaty na \u015blub w zimie<\/h2>\n\n\n\n<p>Wydawa\u0107 by si\u0119 mog\u0142o, \u017ce wyb\u00f3r kwiat\u00f3w zim\u0105 jest bardzo ograniczony \u2013 na szcz\u0119\u015bcie to tylko pozory! Do dyspozycji mamy wiele ca\u0142orocznych i szklarniowych odmian kwiat\u00f3w, kt\u00f3re doskonale sprawdz\u0105 si\u0119 w zimowym bukiecie. Bardzo popularne i odporne na dzia\u0142anie niskich temperatur s\u0105 np. r\u00f3\u017ce, go\u017adziki, amarylisy, frezje, tulipany, czy niezawodna gips\u00f3wka. Jednym z najnowszych trend\u00f3w \u015blubnych s\u0105 te\u017c bukiety z sukulent\u00f3w! Szczeg\u00f3lnie o tej porze roku sprawdza si\u0119 kompozycja z \u017cywych ro\u015blin i dodatk\u00f3w w postaci tkanin, koronek, korali, bi\u017cuterii, pi\u00f3r, a tak\u017ce szyszek, dzikiej r\u00f3\u017cy czy ga\u0142\u0105zek sosny lub \u015bwierku.<\/p>\n\n\n\n<p>Je\u015bli chodzi o kolorystyk\u0119, dominuje biel, b\u0142\u0119kit, srebro i szaro\u015bci, przywodz\u0105ce na my\u015bl lodowe pa\u0142ace i Kr\u00f3low\u0105 \u015aniegu. Szczeg\u00f3lnie jednak w przypadku bukietu mo\u017cemy prze\u0142ama\u0107 je intensywniejszym akcentem kolorystycznym. Bardzo popularne s\u0105 te\u017c barwy nawi\u0105zuj\u0105ce do \u015bwi\u0105t Bo\u017cego Narodzenia, a wi\u0119c czerwie\u0144, bordo, z\u0142oto oraz ziele\u0144. &#8222;Panny M\u0142ode bior\u0105ce \u015blub zim\u0105, ch\u0119tnie dodaj\u0105 do bukietu elementy kojarz\u0105ce si\u0119 z motywem lasu i \u015bwi\u0105t.<\/p>\n\n\n\n<p>Cz\u0119sto pojawia si\u0119 przede wszystkim dzika r\u00f3\u017ca, ale tak\u017ce ostrokrzew czy szyszki. Bukiety takie przypominaj\u0105 wigilijne dekoracje i pi\u0119knie komponuj\u0105 si\u0119 z wystrojem sali w okresie Bo\u017cego Narodzenia&#8221; &#8211; podpowiada ekspert weselny Joanna Hoc-Kopiej.\u00a0<a href=\"https:\/\/www.koronakarkonoszy.pl\/sala-balowa\/\" target=\"_blank\" rel=\"noreferrer noopener\">Sala weselna<\/a>\u00a0w Dworze Korona Karkonoszy posiada pi\u0119kne, purpurowe \u015bciany, kt\u00f3re doskonale wpisuj\u0105 si\u0119 w stylistyk\u0119 \u015bwi\u0105t. Oczywi\u015bcie dodatki na <a href=\"https:\/\/www.koronakarkonoszy.pl\/blog\/zimowe-wesele\/\" class=\"links-placer\">wesele zimowe<\/a> nie musz\u0105 by\u0107 wy\u0142\u0105cznie zwi\u0105zane ze \u015bwi\u0119tami. Zw\u0142aszcza, \u017ce przyj\u0119cie mo\u017ce odbywa\u0107 si\u0119 ju\u017c po \u015awi\u0119tach Bo\u017cego Narodzenia.<\/p>\n\n\n\n<h2 class=\"wp-block-heading\" id=\"ha-dodatki-na-wesele-okrycie-wierzchnie\">Dodatki na wesele &#8211; okrycie wierzchnie<\/h2>\n\n\n\n<p>Okrycie wierzchnie to ten element, kt\u00f3ry szczeg\u00f3lnie wyr\u00f3\u017cnia str\u00f3j zimowej Panny M\u0142odej. Odpowiednio dobrane nie tylko zapewni komfort podczas sesji zdj\u0119ciowej w plenerze, ale te\u017c b\u0119dzie pi\u0119knym dope\u0142nieniem ca\u0142ego wizerunku. Popularne s\u0105 kr\u00f3tkie ko\u017cuszki i futra si\u0119gaj\u0105ce do pasa, kt\u00f3re dobrze eksponuj\u0105 d\u00f3\u0142 sukni \u015blubnej. Podczas lekkich mroz\u00f3w mo\u017cemy si\u0119 zdecydowa\u0107 te\u017c na futrzan\u0105 etol\u0119 czy szal \u2013 b\u0119d\u0105 ona stanowi\u0142y doskona\u0142e dope\u0142nienie zimowego wizerunku.<\/p>\n\n\n<section id=\"leonardo-block_618d65d542dcf\" class=\"leonardo page-breaker leonardo-image-left\">\r\n    <div class=\"leonardo-body\">\r\n                <div class=\"leonardo-content\"><p>Nie obawiajmy si\u0119 jednak wybiera\u0107 d\u0142u\u017cszych fason\u00f3w! D\u0142ugi zimowy p\u0142aszcz b\u0119dzie nie tylko ciep\u0142y, ale te\u017c pi\u0119knie zaprezentuje si\u0119 na zdj\u0119ciach. Mo\u017cemy nawet zdecydowa\u0107 si\u0119 na model, kt\u00f3ry b\u0119dzie imitowa\u0107 tren sukni \u015blubnej. Panna M\u0142oda w takim stroju nie musi czu\u0107 si\u0119 niekomfortowo. Je\u015bli wszystkie dodatki b\u0119d\u0105 pasowa\u0142y do og\u00f3lnej stylizacji a na zewn\u0105trz bia\u0142y puch pokryje drogi i drzewa, Panna M\u0142oda b\u0119dzie prezentowa\u0142a si\u0119 niczym prawdziwa Kr\u00f3lowa \u015aniegu. Czy to nie sprawi, \u017ce atmosfera wesela stanie si\u0119 naprawd\u0119 magiczna?<\/p>\n<\/div>\r\n                    <aside class=\"leonardo-interlink\">\r\n                <b>Polecamy<\/b>\r\n                <a href=\"https:\/\/www.koronakarkonoszy.pl\/blog\/en\/wesele-w-lutym\/\">Czy wesele w lutym to dobry pomys\u0142?<\/a>\r\n            <\/aside>\r\n            <\/div>\r\n    <div class=\"leonardo-image\">\r\n        <img loading=\"lazy\" decoding=\"async\" width=\"900\" height=\"600\" src=\"https:\/\/www.koronakarkonoszy.pl\/blog\/wp-content\/uploads\/2021\/07\/zima-wesele-karnawal.jpg\" class=\"attachment-full size-full\" alt=\"zima wesele karnawa\u0142\" srcset=\"https:\/\/www.koronakarkonoszy.pl\/blog\/wp-content\/uploads\/2021\/07\/zima-wesele-karnawal.jpg 900w, https:\/\/www.koronakarkonoszy.pl\/blog\/wp-content\/uploads\/2021\/07\/zima-wesele-karnawal-300x200.jpg 300w, https:\/\/www.koronakarkonoszy.pl\/blog\/wp-content\/uploads\/2021\/07\/zima-wesele-karnawal-768x512.jpg 768w\" sizes=\"auto, (max-width: 900px) 100vw, 900px\" \/>            <\/div>\r\n<\/section>\n\n\n<h2 class=\"wp-block-heading\" id=\"ha-dodatki-na-wesele-nakrycie-glowy-dla-pary-mlodej\">Dodatki na wesele \u2013 nakrycie g\u0142owy dla Pary M\u0142odej<\/h2>\n\n\n\n<p>Opr\u00f3cz okrycia wierzchniego r\u00f3wnie wa\u017cne dla komfortu M\u0142odej Pary b\u0119d\u0105 dodatki w postaci nakrycia g\u0142owy i r\u0119kawic. Panny M\u0142ode czasem obawiaj\u0105 si\u0119 tego, jak na zdj\u0119ciach prezentowa\u0107 si\u0119 b\u0119dzie czapka czy nauszniki. Je\u015bli jednak tylko skomponujemy je z reszt\u0105 stroju i dodatk\u00f3w, stan\u0105 si\u0119 one naszym atutem. Sprawa wygl\u0105da podobnie w przypadku r\u0119kawic. Panie maj\u0105 tu jednak tak\u017ce do wyboru nieco zapomniany element garderoby jakim jest mufka. Tradycyjnie stanowi\u0142a ona komplet z p\u0142aszczem lub futerkiem, i wykonana by\u0142a z tego samego materia\u0142u. To wygl\u0105da niezwykle bajecznie i elegancko.<\/p>\n\n\n<section id=\"ctaninja-block_618d664a42dd1\" class=\"ctaninja\">\r\n    <div class=\"ctaninja-body\">\r\n        <h2 class=\"h1\" id=\"ha-magiczne-wesele-w-gorach\">Magiczne wesele w g\u00f3rach?<\/h2>\r\n        <p>Zorganizujemy dla Was niezapomniane wydarzenie \u2665<\/p>\r\n        <div class=\"nf-container\">\r\n            <noscript class=\"ninja-forms-noscript-message\">\n\tNotice: JavaScript is required for this content.<\/noscript>\n<div id=\"nf-form-1-cont\" class=\"nf-form-cont\" aria-live=\"polite\" aria-labelledby=\"nf-form-title-1\" aria-describedby=\"nf-form-errors-1\" role=\"form\">\n\n    <div class=\"nf-loading-spinner\"><\/div>\n\n<\/div>\n        <!-- That data is being printed as a workaround to page builders reordering the order of the scripts loaded-->\n        <script>var formDisplay=1;var nfForms=nfForms||[];var form=[];form.id='1';form.settings={\"objectType\":\"Form Setting\",\"editActive\":\"\",\"title\":\"Contact Me\",\"key\":\"\",\"created_at\":\"2021-05-31 16:57:05\",\"default_label_pos\":\"above\",\"conditions\":[],\"show_title\":\"1\",\"clear_complete\":\"1\",\"hide_complete\":\"1\",\"wrapper_class\":\"\",\"element_class\":\"\",\"add_submit\":\"1\",\"logged_in\":\"\",\"not_logged_in_msg\":\"\",\"sub_limit_number\":\"\",\"sub_limit_msg\":\"\",\"calculations\":[],\"formContentData\":[{\"order\":1,\"cells\":[{\"order\":0,\"fields\":[\"email\"],\"width\":50},{\"order\":1,\"fields\":[\"wyslij_1640001513358\"],\"width\":50}]}],\"container_styles_background-color\":\"\",\"container_styles_border\":\"\",\"container_styles_border-style\":\"\",\"container_styles_border-color\":\"\",\"container_styles_color\":\"\",\"container_styles_height\":\"\",\"container_styles_width\":\"\",\"container_styles_font-size\":\"\",\"container_styles_margin\":\"\",\"container_styles_padding\":\"\",\"container_styles_display\":\"\",\"container_styles_float\":\"\",\"container_styles_show_advanced_css\":\"0\",\"container_styles_advanced\":\"\",\"title_styles_background-color\":\"\",\"title_styles_border\":\"\",\"title_styles_border-style\":\"\",\"title_styles_border-color\":\"\",\"title_styles_color\":\"\",\"title_styles_height\":\"\",\"title_styles_width\":\"\",\"title_styles_font-size\":\"\",\"title_styles_margin\":\"\",\"title_styles_padding\":\"\",\"title_styles_display\":\"\",\"title_styles_float\":\"\",\"title_styles_show_advanced_css\":\"0\",\"title_styles_advanced\":\"\",\"row_styles_background-color\":\"\",\"row_styles_border\":\"\",\"row_styles_border-style\":\"\",\"row_styles_border-color\":\"\",\"row_styles_color\":\"\",\"row_styles_height\":\"\",\"row_styles_width\":\"\",\"row_styles_font-size\":\"\",\"row_styles_margin\":\"\",\"row_styles_padding\":\"\",\"row_styles_display\":\"\",\"row_styles_show_advanced_css\":\"0\",\"row_styles_advanced\":\"\",\"row-odd_styles_background-color\":\"\",\"row-odd_styles_border\":\"\",\"row-odd_styles_border-style\":\"\",\"row-odd_styles_border-color\":\"\",\"row-odd_styles_color\":\"\",\"row-odd_styles_height\":\"\",\"row-odd_styles_width\":\"\",\"row-odd_styles_font-size\":\"\",\"row-odd_styles_margin\":\"\",\"row-odd_styles_padding\":\"\",\"row-odd_styles_display\":\"\",\"row-odd_styles_show_advanced_css\":\"0\",\"row-odd_styles_advanced\":\"\",\"success-msg_styles_background-color\":\"\",\"success-msg_styles_border\":\"\",\"success-msg_styles_border-style\":\"\",\"success-msg_styles_border-color\":\"\",\"success-msg_styles_color\":\"\",\"success-msg_styles_height\":\"\",\"success-msg_styles_width\":\"\",\"success-msg_styles_font-size\":\"\",\"success-msg_styles_margin\":\"\",\"success-msg_styles_padding\":\"\",\"success-msg_styles_display\":\"\",\"success-msg_styles_show_advanced_css\":\"0\",\"success-msg_styles_advanced\":\"\",\"error_msg_styles_background-color\":\"\",\"error_msg_styles_border\":\"\",\"error_msg_styles_border-style\":\"\",\"error_msg_styles_border-color\":\"\",\"error_msg_styles_color\":\"\",\"error_msg_styles_height\":\"\",\"error_msg_styles_width\":\"\",\"error_msg_styles_font-size\":\"\",\"error_msg_styles_margin\":\"\",\"error_msg_styles_padding\":\"\",\"error_msg_styles_display\":\"\",\"error_msg_styles_show_advanced_css\":\"0\",\"error_msg_styles_advanced\":\"\",\"allow_public_link\":0,\"embed_form\":\"\",\"currency\":\"\",\"repeatable_fieldsets\":\"\",\"unique_field_error\":\"Formularz z t\\u0105 warto\\u015bci\\u0105 zosta\\u0142 ju\\u017c przes\\u0142any.\",\"ninjaForms\":\"Ninja Forms\",\"changeEmailErrorMsg\":\"Please enter a valid email address!\",\"changeDateErrorMsg\":\"Please enter a valid date!\",\"confirmFieldErrorMsg\":\"These fields must match!\",\"fieldNumberNumMinError\":\"Number Min Error\",\"fieldNumberNumMaxError\":\"Number Max Error\",\"fieldNumberIncrementBy\":\"Please increment by \",\"fieldTextareaRTEInsertLink\":\"Insert Link\",\"fieldTextareaRTEInsertMedia\":\"Insert Media\",\"fieldTextareaRTESelectAFile\":\"Select a file\",\"formErrorsCorrectErrors\":\"Please correct errors before submitting this form.\",\"formHoneypot\":\"If you are a human seeing this field, please leave it empty.\",\"validateRequiredField\":\"This is a required field.\",\"honeypotHoneypotError\":\"Honeypot Error\",\"fileUploadOldCodeFileUploadInProgress\":\"File Upload in Progress.\",\"fileUploadOldCodeFileUpload\":\"FILE UPLOAD\",\"currencySymbol\":\"&#36;\",\"fieldsMarkedRequired\":\"Fields marked with an <span class=\\\"ninja-forms-req-symbol\\\">*<\\\/span> are required\",\"thousands_sep\":\",\",\"decimal_point\":\".\",\"siteLocale\":\"en_GB\",\"dateFormat\":\"m\\\/d\\\/Y\",\"startOfWeek\":\"1\",\"of\":\"of\",\"previousMonth\":\"Previous Month\",\"nextMonth\":\"Next Month\",\"months\":[\"January\",\"February\",\"March\",\"April\",\"May\",\"June\",\"July\",\"August\",\"September\",\"October\",\"November\",\"December\"],\"monthsShort\":[\"Jan\",\"Feb\",\"Mar\",\"Apr\",\"May\",\"Jun\",\"Jul\",\"Aug\",\"Sep\",\"Oct\",\"Nov\",\"Dec\"],\"weekdays\":[\"Sunday\",\"Monday\",\"Tuesday\",\"Wednesday\",\"Thursday\",\"Friday\",\"Saturday\"],\"weekdaysShort\":[\"Sun\",\"Mon\",\"Tue\",\"Wed\",\"Thu\",\"Fri\",\"Sat\"],\"weekdaysMin\":[\"Su\",\"Mo\",\"Tu\",\"We\",\"Th\",\"Fr\",\"Sa\"],\"recaptchaConsentMissing\":\"reCaptcha validation couldn&#039;t load.\",\"recaptchaMissingCookie\":\"reCaptcha v3 validation couldn&#039;t load the cookie needed to submit the form.\",\"recaptchaConsentEvent\":\"Accept reCaptcha cookies before sending the form.\",\"currency_symbol\":\"\",\"beforeForm\":\"\",\"beforeFields\":\"\",\"afterFields\":\"\",\"afterForm\":\"\"};form.fields=[{\"objectType\":\"Field\",\"objectDomain\":\"fields\",\"editActive\":false,\"order\":1,\"idAttribute\":\"id\",\"label\":\"Email\",\"key\":\"email\",\"type\":\"email\",\"created_at\":\"2021-05-31 16:57:06\",\"label_pos\":\"above\",\"required\":1,\"placeholder\":\"Podaj maila, skontaktujemy si\\u0119 z Tob\\u0105\",\"default\":\"\",\"wrapper_class\":\"\",\"element_class\":\"\",\"container_class\":\"\",\"admin_label\":\"\",\"help_text\":\"\",\"desc_text\":\"\",\"wrap_styles_background-color\":\"\",\"wrap_styles_border\":\"\",\"wrap_styles_border-style\":\"\",\"wrap_styles_border-color\":\"\",\"wrap_styles_color\":\"\",\"wrap_styles_height\":\"\",\"wrap_styles_width\":\"\",\"wrap_styles_font-size\":\"\",\"wrap_styles_margin\":\"\",\"wrap_styles_padding\":\"\",\"wrap_styles_display\":\"\",\"wrap_styles_float\":\"\",\"wrap_styles_show_advanced_css\":0,\"wrap_styles_advanced\":\"\",\"label_styles_background-color\":\"\",\"label_styles_border\":\"\",\"label_styles_border-style\":\"\",\"label_styles_border-color\":\"\",\"label_styles_color\":\"\",\"label_styles_height\":\"\",\"label_styles_width\":\"\",\"label_styles_font-size\":\"\",\"label_styles_margin\":\"\",\"label_styles_padding\":\"\",\"label_styles_display\":\"\",\"label_styles_float\":\"\",\"label_styles_show_advanced_css\":0,\"label_styles_advanced\":\"\",\"element_styles_background-color\":\"\",\"element_styles_border\":\"\",\"element_styles_border-style\":\"\",\"element_styles_border-color\":\"\",\"element_styles_color\":\"\",\"element_styles_height\":\"\",\"element_styles_width\":\"\",\"element_styles_font-size\":\"\",\"element_styles_margin\":\"\",\"element_styles_padding\":\"\",\"element_styles_display\":\"\",\"element_styles_float\":\"\",\"element_styles_show_advanced_css\":0,\"element_styles_advanced\":\"\",\"cellcid\":\"c3375\",\"custom_name_attribute\":\"email\",\"personally_identifiable\":1,\"value\":\"\",\"drawerDisabled\":false,\"id\":2,\"beforeField\":\"\",\"afterField\":\"\",\"parentType\":\"email\",\"element_templates\":[\"email\",\"input\"],\"old_classname\":\"\",\"wrap_template\":\"wrap\"},{\"objectType\":\"Field\",\"objectDomain\":\"fields\",\"editActive\":false,\"order\":2,\"idAttribute\":\"id\",\"label\":\"Wy\\u015blij\",\"key\":\"wyslij_1640001513358\",\"type\":\"submit\",\"created_at\":\"2021-05-31 16:57:06\",\"processing_label\":\"Wysy\\u0142anie...\",\"container_class\":\"\",\"element_class\":\"\",\"wrap_styles_background-color\":\"\",\"wrap_styles_border\":\"\",\"wrap_styles_border-style\":\"\",\"wrap_styles_border-color\":\"\",\"wrap_styles_color\":\"\",\"wrap_styles_height\":\"\",\"wrap_styles_width\":\"\",\"wrap_styles_font-size\":\"\",\"wrap_styles_margin\":\"\",\"wrap_styles_padding\":\"\",\"wrap_styles_display\":\"\",\"wrap_styles_float\":\"\",\"wrap_styles_show_advanced_css\":0,\"wrap_styles_advanced\":\"\",\"label_styles_background-color\":\"\",\"label_styles_border\":\"\",\"label_styles_border-style\":\"\",\"label_styles_border-color\":\"\",\"label_styles_color\":\"\",\"label_styles_height\":\"\",\"label_styles_width\":\"\",\"label_styles_font-size\":\"\",\"label_styles_margin\":\"\",\"label_styles_padding\":\"\",\"label_styles_display\":\"\",\"label_styles_float\":\"\",\"label_styles_show_advanced_css\":0,\"label_styles_advanced\":\"\",\"element_styles_background-color\":\"\",\"element_styles_border\":\"\",\"element_styles_border-style\":\"\",\"element_styles_border-color\":\"\",\"element_styles_color\":\"\",\"element_styles_height\":\"\",\"element_styles_width\":\"\",\"element_styles_font-size\":\"\",\"element_styles_margin\":\"\",\"element_styles_padding\":\"\",\"element_styles_display\":\"\",\"element_styles_float\":\"\",\"element_styles_show_advanced_css\":0,\"element_styles_advanced\":\"\",\"submit_element_hover_styles_background-color\":\"\",\"submit_element_hover_styles_border\":\"\",\"submit_element_hover_styles_border-style\":\"\",\"submit_element_hover_styles_border-color\":\"\",\"submit_element_hover_styles_color\":\"\",\"submit_element_hover_styles_height\":\"\",\"submit_element_hover_styles_width\":\"\",\"submit_element_hover_styles_font-size\":\"\",\"submit_element_hover_styles_margin\":\"\",\"submit_element_hover_styles_padding\":\"\",\"submit_element_hover_styles_display\":\"\",\"submit_element_hover_styles_float\":\"\",\"submit_element_hover_styles_show_advanced_css\":0,\"submit_element_hover_styles_advanced\":\"\",\"cellcid\":\"c3378\",\"drawerDisabled\":false,\"id\":4,\"beforeField\":\"\",\"afterField\":\"\",\"value\":\"\",\"label_pos\":\"above\",\"parentType\":\"textbox\",\"element_templates\":[\"submit\",\"button\",\"input\"],\"old_classname\":\"\",\"wrap_template\":\"wrap-no-label\"}];nfForms.push(form);<\/script>\n                <script id=\"nf-tmpl-cell\" type=\"text\/template\">\n            <nf-fields><\/nf-fields>\n        <\/script>\n\n        <script id=\"nf-tmpl-row\" type=\"text\/template\">\n            <nf-cells><\/nf-cells>\n        <\/script>\n\n                <\/div>\r\n    <\/div>\r\n    <div class=\"ctaninja-onm ctaninja-onm-1 rbg\"><\/div>\r\n    <div class=\"ctaninja-onm ctaninja-onm-2 rbg\"><\/div>\r\n<\/section>\n\n\n<p>Co wi\u0119cej, welon, kt\u00f3ry nie chroni zbytnio przed zimnem, mo\u017cna zast\u0105pi\u0107 wiankiem, kt\u00f3ry b\u0119dzie posiada\u0142 ca\u0142\u0105 gam\u0119 zimowych ro\u015blin. Oczywi\u015bcie dla komfortu Panny M\u0142odej nie mo\u017cemy u\u017cy\u0107 do tego cho\u0107by iglak\u00f3w, przecie\u017c przysz\u0142a m\u0119\u017catka w tak podnios\u0142ym dniu nie mo\u017ce wygl\u0105da\u0107 jak wieniec adwentowy. Jednak, je\u015bli wykorzystamy do tego intensywne, bordowe r\u00f3\u017ce i go\u017adziki, nakrycie g\u0142owy b\u0119dzie prezentowa\u0142o si\u0119 na tle sukni \u015blubnej doskonale!<\/p>\n\n\n\n<p>Nie zapominajmy o Panu M\u0142odym. Jego nakrycie g\u0142owy te\u017c mo\u017ce by\u0107 bardzo eleganckie. Mo\u017cemy zaproponowa\u0107 mu dostojny kapelusz czy kaszkiet, kt\u00f3ry ochroni go przed zimnem, ale jednocze\u015bnie sprawi, \u017ce przysz\u0142y ma\u0142\u017conek stanie si\u0119 ikon\u0105 stylu tego dnia.<\/p>\n\n\n\n<h2 class=\"wp-block-heading\" id=\"ha-dodatki-na-wesele-powoz-konny\">Dodatki na wesele \u2013 pow\u00f3z konny<\/h2>\n\n\n\n<p>Kt\u00f3\u017c z nas nie marzy o tym, aby do \u015blubu zajecha\u0107 pi\u0119knym klimatycznym powozem, kt\u00f3ry wyposa\u017cony w majestatyczne konie, sprawi na twarzach go\u015bci mn\u00f3stwo u\u015bmiechu i zaskoczenie? Panna M\u0142oda mog\u0142aby si\u0119 w\u00f3wczas poczu\u0107 jak kopciuszek, kt\u00f3ry na bal przyjecha\u0142 w\u0142a\u015bnie tak\u0105 pi\u0119kn\u0105 karoc\u0105. Pow\u00f3z idealnie pasuje do wesela zimowego, szczeg\u00f3lnie kiedy wok\u00f3\u0142 widzimy tylko za\u015bnie\u017cone g\u00f3rskie szczyty. Doskonale wpisze si\u0119 tak\u017ce w konwencj\u0119 wesela g\u00f3ralskiego \u2013 w takim przypadku pow\u00f3z konny, wioz\u0105cy Par\u0119 M\u0142od\u0105, to nie tylko wspania\u0142y dodatek na wesele, ale przede wszystkim wielopokoleniowa tradycja, kt\u00f3ra musi by\u0107 spe\u0142niona. Dw\u00f3r Korona Karkonoszy bez problemu jest w stanie zorganizowa\u0107 taki rodzaj transportu dla Pary M\u0142odej.<\/p>\n\n\n<section id=\"leonardo-block_618d661342dd0\" class=\"leonardo page-breaker leonardo-image-right\">\r\n    <div class=\"leonardo-body\">\r\n                <div class=\"leonardo-content\"><p>Dodatki na wesele to jednak nie tylko pewne atrybuty, kt\u00f3re towarzysz\u0105 Parze M\u0142odej i go\u015bciom podczas uroczysto\u015bci weselnej. To tak\u017ce zaproszenia oraz fotografie \u015blubne i teledysk, kt\u00f3re s\u0105 prawdziwym zwie\u0144czeniem tego dnia.<\/p>\n<p>Je\u015bli organizujemy \u015blub zim\u0105, dodatki na wesele zimowe w postaci zaprosze\u0144, tak\u017ce powinny by\u0107 utrzymane w klimacie zimy. Je\u015bli wesele odbywa si\u0119 w g\u00f3rach, dodatkowo mo\u017cemy wple\u015b\u0107 w zaproszenia g\u00f3rskie krajobrazy czy motyw lasu. Teledysk ze \u015blubu mo\u017ce by\u0107 nakr\u0119cony cz\u0119\u015bciowo na g\u00f3rskiej polanie, a sesja narzecze\u0144ska czy po\u015blubna mo\u017ce by\u0107 zrealizowana w otoczeniu szlak\u00f3w g\u00f3rskich. Taki tajemniczy motyw doda odrobiny magii zdj\u0119ciom.<\/p>\n<\/div>\r\n                    <aside class=\"leonardo-interlink\">\r\n                <b>Polecamy<\/b>\r\n                <a href=\"https:\/\/www.koronakarkonoszy.pl\/blog\/en\/jak-wybrac-obraczki-slubne\/\">Jak wybra\u0107 obr\u0105czki \u015blubne i na co zwraca\u0107 uwag\u0119?<\/a>\r\n            <\/aside>\r\n            <\/div>\r\n    <div class=\"leonardo-image\">\r\n        <img loading=\"lazy\" decoding=\"async\" width=\"800\" height=\"534\" src=\"https:\/\/www.koronakarkonoszy.pl\/blog\/wp-content\/uploads\/2021\/07\/wesle-zima-dkk.jpg\" class=\"attachment-full size-full\" alt=\"wesele zima dkk\" srcset=\"https:\/\/www.koronakarkonoszy.pl\/blog\/wp-content\/uploads\/2021\/07\/wesle-zima-dkk.jpg 800w, https:\/\/www.koronakarkonoszy.pl\/blog\/wp-content\/uploads\/2021\/07\/wesle-zima-dkk-300x200.jpg 300w, https:\/\/www.koronakarkonoszy.pl\/blog\/wp-content\/uploads\/2021\/07\/wesle-zima-dkk-768x513.jpg 768w\" sizes=\"auto, (max-width: 800px) 100vw, 800px\" \/>            <\/div>\r\n<\/section>\n\n\n<p>Jak wida\u0107, <a href=\"https:\/\/www.koronakarkonoszy.pl\/blog\/zimowe-wesele\/\" class=\"links-placer\">zimowe wesele<\/a> wcale nie ogranicza naszych opcji, wr\u0119cz przeciwnie. Daje nam okazj\u0119 do wykazania si\u0119 fantazj\u0105, kreatywno\u015bci\u0105 i pomys\u0142owo\u015bci\u0105. Mamy nadziej\u0119, \u017ce inspiracje z tego artyku\u0142u sprawi\u0105, \u017ce Wasze wesele zim\u0105 b\u0119dzie oryginalne i niepowtarzalne. Efekty s\u0105 cz\u0119sto naprawd\u0119 bajkowe, a zar\u00f3wno Para M\u0142oda jak i go\u015bcie zapami\u0119taj\u0105 takie wesele na d\u0142ugie lata.<\/p>\n","protected":false},"excerpt":{"rendered":"<p>Pary M\u0142ode coraz cz\u0119\u015bciej decyduj\u0105 si\u0119 na organizowanie przyj\u0119cia weselnego zim\u0105. Powod\u00f3w ku temu jest wiele \u2013 pocz\u0105wszy od ni\u017cszych cen za wynajem sali, a sko\u0144czywszy na bajkowej aurze i \u015bwi\u0105tecznych dekoracjach. Szykuj\u0105c si\u0119 na zimowe wesele w grudniu czy styczniu powinni\u015bmy jednak pami\u0119ta\u0107 o tym, \u017ce wszystkie elementy stroju musz\u0105 by\u0107 nie tylko pi\u0119kne, [&hellip;]<\/p>\n","protected":false},"author":11,"featured_media":820,"comment_status":"closed","ping_status":"closed","sticky":false,"template":"","format":"standard","meta":{"_acf_changed":false,"footnotes":""},"categories":[16,4,15],"class_list":["post-817","post","type-post","status-publish","format-standard","has-post-thumbnail","hentry","category-kiedy-wesele","category-tradycja","category-wesela-zima"],"acf":[],"yoast_head":"<!-- This site is optimized with the Yoast SEO plugin v27.5 - https:\/\/yoast.com\/product\/yoast-seo-wordpress\/ -->\n<title>Niezb\u0119dne dodatki na wesele zim\u0105 - :: Blog weselny<\/title>\n<meta name=\"description\" content=\"Elementy stroju musz\u0105 by\u0107 nie tylko pi\u0119kne, ale tak\u017ce chroni\u0107 przed zimnem. Jakie wi\u0119c dodatki na wesele powinna wybra\u0107 zimowa Panna M\u0142oda?\" \/>\n<meta name=\"robots\" content=\"index, follow, max-snippet:-1, max-image-preview:large, max-video-preview:-1\" \/>\n<link rel=\"canonical\" href=\"https:\/\/www.koronakarkonoszy.pl\/blog\/en\/essential-accessories-for-a-winter-wedding\/\" \/>\n<meta property=\"og:locale\" content=\"en_GB\" \/>\n<meta property=\"og:type\" content=\"article\" \/>\n<meta property=\"og:title\" content=\"Niezb\u0119dne dodatki na wesele zim\u0105 - :: Blog weselny\" \/>\n<meta property=\"og:description\" content=\"Elementy stroju musz\u0105 by\u0107 nie tylko pi\u0119kne, ale tak\u017ce chroni\u0107 przed zimnem. Jakie wi\u0119c dodatki na wesele powinna wybra\u0107 zimowa Panna M\u0142oda?\" \/>\n<meta property=\"og:url\" content=\"https:\/\/www.koronakarkonoszy.pl\/blog\/en\/essential-accessories-for-a-winter-wedding\/\" \/>\n<meta property=\"og:site_name\" content=\":: Blog weselny\" \/>\n<meta property=\"article:published_time\" content=\"2021-01-06T11:43:56+00:00\" \/>\n<meta property=\"article:modified_time\" content=\"2023-02-09T18:42:29+00:00\" \/>\n<meta property=\"og:image\" content=\"https:\/\/www.koronakarkonoszy.pl\/blog\/wp-content\/uploads\/2021\/07\/newnewzimowe_wesele.jpg\" \/>\n\t<meta property=\"og:image:width\" content=\"800\" \/>\n\t<meta property=\"og:image:height\" content=\"534\" \/>\n\t<meta property=\"og:image:type\" content=\"image\/jpeg\" \/>\n<meta name=\"author\" content=\"agnieszka\" \/>\n<meta name=\"twitter:card\" content=\"summary_large_image\" \/>\n<meta name=\"twitter:label1\" content=\"Written by\" \/>\n\t<meta name=\"twitter:data1\" content=\"agnieszka\" \/>\n\t<meta name=\"twitter:label2\" content=\"Estimated reading time\" \/>\n\t<meta name=\"twitter:data2\" content=\"4 minutes\" \/>\n<script type=\"application\/ld+json\" class=\"yoast-schema-graph\">{\"@context\":\"https:\\\/\\\/schema.org\",\"@graph\":[{\"@type\":\"Article\",\"@id\":\"https:\\\/\\\/www.koronakarkonoszy.pl\\\/blog\\\/niezbedne-dodatki-na-wesele-zima\\\/#article\",\"isPartOf\":{\"@id\":\"https:\\\/\\\/www.koronakarkonoszy.pl\\\/blog\\\/niezbedne-dodatki-na-wesele-zima\\\/\"},\"author\":{\"name\":\"agnieszka\",\"@id\":\"https:\\\/\\\/www.koronakarkonoszy.pl\\\/blog\\\/#\\\/schema\\\/person\\\/ec8c88bd01ebe6cbf6a16435ce22276f\"},\"headline\":\"Niezb\u0119dne dodatki na wesele zim\u0105\",\"datePublished\":\"2021-01-06T11:43:56+00:00\",\"dateModified\":\"2023-02-09T18:42:29+00:00\",\"mainEntityOfPage\":{\"@id\":\"https:\\\/\\\/www.koronakarkonoszy.pl\\\/blog\\\/niezbedne-dodatki-na-wesele-zima\\\/\"},\"wordCount\":931,\"image\":{\"@id\":\"https:\\\/\\\/www.koronakarkonoszy.pl\\\/blog\\\/niezbedne-dodatki-na-wesele-zima\\\/#primaryimage\"},\"thumbnailUrl\":\"https:\\\/\\\/www.koronakarkonoszy.pl\\\/blog\\\/wp-content\\\/uploads\\\/2021\\\/07\\\/newnewzimowe_wesele.jpg\",\"articleSection\":[\"Kiedy wesele\",\"Tradycja\",\"Wesele zima\"],\"inLanguage\":\"en-GB\"},{\"@type\":\"WebPage\",\"@id\":\"https:\\\/\\\/www.koronakarkonoszy.pl\\\/blog\\\/niezbedne-dodatki-na-wesele-zima\\\/\",\"url\":\"https:\\\/\\\/www.koronakarkonoszy.pl\\\/blog\\\/niezbedne-dodatki-na-wesele-zima\\\/\",\"name\":\"Niezb\u0119dne dodatki na wesele zim\u0105 - :: Blog weselny\",\"isPartOf\":{\"@id\":\"https:\\\/\\\/www.koronakarkonoszy.pl\\\/blog\\\/#website\"},\"primaryImageOfPage\":{\"@id\":\"https:\\\/\\\/www.koronakarkonoszy.pl\\\/blog\\\/niezbedne-dodatki-na-wesele-zima\\\/#primaryimage\"},\"image\":{\"@id\":\"https:\\\/\\\/www.koronakarkonoszy.pl\\\/blog\\\/niezbedne-dodatki-na-wesele-zima\\\/#primaryimage\"},\"thumbnailUrl\":\"https:\\\/\\\/www.koronakarkonoszy.pl\\\/blog\\\/wp-content\\\/uploads\\\/2021\\\/07\\\/newnewzimowe_wesele.jpg\",\"datePublished\":\"2021-01-06T11:43:56+00:00\",\"dateModified\":\"2023-02-09T18:42:29+00:00\",\"author\":{\"@id\":\"https:\\\/\\\/www.koronakarkonoszy.pl\\\/blog\\\/#\\\/schema\\\/person\\\/ec8c88bd01ebe6cbf6a16435ce22276f\"},\"description\":\"Elementy stroju musz\u0105 by\u0107 nie tylko pi\u0119kne, ale tak\u017ce chroni\u0107 przed zimnem. Jakie wi\u0119c dodatki na wesele powinna wybra\u0107 zimowa Panna M\u0142oda?\",\"breadcrumb\":{\"@id\":\"https:\\\/\\\/www.koronakarkonoszy.pl\\\/blog\\\/niezbedne-dodatki-na-wesele-zima\\\/#breadcrumb\"},\"inLanguage\":\"en-GB\",\"potentialAction\":[{\"@type\":\"ReadAction\",\"target\":[\"https:\\\/\\\/www.koronakarkonoszy.pl\\\/blog\\\/niezbedne-dodatki-na-wesele-zima\\\/\"]}]},{\"@type\":\"ImageObject\",\"inLanguage\":\"en-GB\",\"@id\":\"https:\\\/\\\/www.koronakarkonoszy.pl\\\/blog\\\/niezbedne-dodatki-na-wesele-zima\\\/#primaryimage\",\"url\":\"https:\\\/\\\/www.koronakarkonoszy.pl\\\/blog\\\/wp-content\\\/uploads\\\/2021\\\/07\\\/newnewzimowe_wesele.jpg\",\"contentUrl\":\"https:\\\/\\\/www.koronakarkonoszy.pl\\\/blog\\\/wp-content\\\/uploads\\\/2021\\\/07\\\/newnewzimowe_wesele.jpg\",\"width\":800,\"height\":534,\"caption\":\"wesele w zimie jak si\u0119 ubra\u0107\"},{\"@type\":\"BreadcrumbList\",\"@id\":\"https:\\\/\\\/www.koronakarkonoszy.pl\\\/blog\\\/niezbedne-dodatki-na-wesele-zima\\\/#breadcrumb\",\"itemListElement\":[{\"@type\":\"ListItem\",\"position\":1,\"name\":\"Strona g\u0142\u00f3wna\",\"item\":\"https:\\\/\\\/www.koronakarkonoszy.pl\\\/blog\\\/\"},{\"@type\":\"ListItem\",\"position\":2,\"name\":\"Niezb\u0119dne dodatki na wesele zim\u0105\"}]},{\"@type\":\"WebSite\",\"@id\":\"https:\\\/\\\/www.koronakarkonoszy.pl\\\/blog\\\/#website\",\"url\":\"https:\\\/\\\/www.koronakarkonoszy.pl\\\/blog\\\/\",\"name\":\":: Blog weselny\",\"description\":\"Blog weselny Dw\u00f3r Korona Karkonoszy\",\"potentialAction\":[{\"@type\":\"SearchAction\",\"target\":{\"@type\":\"EntryPoint\",\"urlTemplate\":\"https:\\\/\\\/www.koronakarkonoszy.pl\\\/blog\\\/?s={search_term_string}\"},\"query-input\":{\"@type\":\"PropertyValueSpecification\",\"valueRequired\":true,\"valueName\":\"search_term_string\"}}],\"inLanguage\":\"en-GB\"},{\"@type\":\"Person\",\"@id\":\"https:\\\/\\\/www.koronakarkonoszy.pl\\\/blog\\\/#\\\/schema\\\/person\\\/ec8c88bd01ebe6cbf6a16435ce22276f\",\"name\":\"agnieszka\",\"image\":{\"@type\":\"ImageObject\",\"inLanguage\":\"en-GB\",\"@id\":\"https:\\\/\\\/www.koronakarkonoszy.pl\\\/blog\\\/wp-content\\\/litespeed\\\/avatar\\\/53ee7b676463f74d0aea1a09de3d003b.jpg?ver=1777438794\",\"url\":\"https:\\\/\\\/www.koronakarkonoszy.pl\\\/blog\\\/wp-content\\\/litespeed\\\/avatar\\\/53ee7b676463f74d0aea1a09de3d003b.jpg?ver=1777438794\",\"contentUrl\":\"https:\\\/\\\/www.koronakarkonoszy.pl\\\/blog\\\/wp-content\\\/litespeed\\\/avatar\\\/53ee7b676463f74d0aea1a09de3d003b.jpg?ver=1777438794\",\"caption\":\"agnieszka\"},\"url\":\"https:\\\/\\\/www.koronakarkonoszy.pl\\\/blog\\\/en\\\/author\\\/agnieszka\\\/\"}]}<\/script>\n<!-- \/ Yoast SEO plugin. -->","yoast_head_json":{"title":"Necessary accessories for a winter wedding - :: Wedding blog","description":"The elements of the outfit must not only be beautiful, but also protect against the cold. So what wedding accessories should a winter bride choose?","robots":{"index":"index","follow":"follow","max-snippet":"max-snippet:-1","max-image-preview":"max-image-preview:large","max-video-preview":"max-video-preview:-1"},"canonical":"https:\/\/www.koronakarkonoszy.pl\/blog\/en\/essential-accessories-for-a-winter-wedding\/","og_locale":"en_GB","og_type":"article","og_title":"Niezb\u0119dne dodatki na wesele zim\u0105 - :: Blog weselny","og_description":"Elementy stroju musz\u0105 by\u0107 nie tylko pi\u0119kne, ale tak\u017ce chroni\u0107 przed zimnem. Jakie wi\u0119c dodatki na wesele powinna wybra\u0107 zimowa Panna M\u0142oda?","og_url":"https:\/\/www.koronakarkonoszy.pl\/blog\/en\/essential-accessories-for-a-winter-wedding\/","og_site_name":":: Blog weselny","article_published_time":"2021-01-06T11:43:56+00:00","article_modified_time":"2023-02-09T18:42:29+00:00","og_image":[{"width":800,"height":534,"url":"https:\/\/www.koronakarkonoszy.pl\/blog\/wp-content\/uploads\/2021\/07\/newnewzimowe_wesele.jpg","type":"image\/jpeg"}],"author":"agnieszka","twitter_card":"summary_large_image","twitter_misc":{"Written by":"agnieszka","Estimated reading time":"4 minutes"},"schema":{"@context":"https:\/\/schema.org","@graph":[{"@type":"Article","@id":"https:\/\/www.koronakarkonoszy.pl\/blog\/niezbedne-dodatki-na-wesele-zima\/#article","isPartOf":{"@id":"https:\/\/www.koronakarkonoszy.pl\/blog\/niezbedne-dodatki-na-wesele-zima\/"},"author":{"name":"agnieszka","@id":"https:\/\/www.koronakarkonoszy.pl\/blog\/#\/schema\/person\/ec8c88bd01ebe6cbf6a16435ce22276f"},"headline":"Niezb\u0119dne dodatki na wesele zim\u0105","datePublished":"2021-01-06T11:43:56+00:00","dateModified":"2023-02-09T18:42:29+00:00","mainEntityOfPage":{"@id":"https:\/\/www.koronakarkonoszy.pl\/blog\/niezbedne-dodatki-na-wesele-zima\/"},"wordCount":931,"image":{"@id":"https:\/\/www.koronakarkonoszy.pl\/blog\/niezbedne-dodatki-na-wesele-zima\/#primaryimage"},"thumbnailUrl":"https:\/\/www.koronakarkonoszy.pl\/blog\/wp-content\/uploads\/2021\/07\/newnewzimowe_wesele.jpg","articleSection":["Kiedy wesele","Tradycja","Wesele zima"],"inLanguage":"en-GB"},{"@type":"WebPage","@id":"https:\/\/www.koronakarkonoszy.pl\/blog\/niezbedne-dodatki-na-wesele-zima\/","url":"https:\/\/www.koronakarkonoszy.pl\/blog\/niezbedne-dodatki-na-wesele-zima\/","name":"Necessary accessories for a winter wedding - :: Wedding blog","isPartOf":{"@id":"https:\/\/www.koronakarkonoszy.pl\/blog\/#website"},"primaryImageOfPage":{"@id":"https:\/\/www.koronakarkonoszy.pl\/blog\/niezbedne-dodatki-na-wesele-zima\/#primaryimage"},"image":{"@id":"https:\/\/www.koronakarkonoszy.pl\/blog\/niezbedne-dodatki-na-wesele-zima\/#primaryimage"},"thumbnailUrl":"https:\/\/www.koronakarkonoszy.pl\/blog\/wp-content\/uploads\/2021\/07\/newnewzimowe_wesele.jpg","datePublished":"2021-01-06T11:43:56+00:00","dateModified":"2023-02-09T18:42:29+00:00","author":{"@id":"https:\/\/www.koronakarkonoszy.pl\/blog\/#\/schema\/person\/ec8c88bd01ebe6cbf6a16435ce22276f"},"description":"The elements of the outfit must not only be beautiful, but also protect against the cold. So what wedding accessories should a winter bride choose?","breadcrumb":{"@id":"https:\/\/www.koronakarkonoszy.pl\/blog\/niezbedne-dodatki-na-wesele-zima\/#breadcrumb"},"inLanguage":"en-GB","potentialAction":[{"@type":"ReadAction","target":["https:\/\/www.koronakarkonoszy.pl\/blog\/niezbedne-dodatki-na-wesele-zima\/"]}]},{"@type":"ImageObject","inLanguage":"en-GB","@id":"https:\/\/www.koronakarkonoszy.pl\/blog\/niezbedne-dodatki-na-wesele-zima\/#primaryimage","url":"https:\/\/www.koronakarkonoszy.pl\/blog\/wp-content\/uploads\/2021\/07\/newnewzimowe_wesele.jpg","contentUrl":"https:\/\/www.koronakarkonoszy.pl\/blog\/wp-content\/uploads\/2021\/07\/newnewzimowe_wesele.jpg","width":800,"height":534,"caption":"wesele w zimie jak si\u0119 ubra\u0107"},{"@type":"BreadcrumbList","@id":"https:\/\/www.koronakarkonoszy.pl\/blog\/niezbedne-dodatki-na-wesele-zima\/#breadcrumb","itemListElement":[{"@type":"ListItem","position":1,"name":"Strona g\u0142\u00f3wna","item":"https:\/\/www.koronakarkonoszy.pl\/blog\/"},{"@type":"ListItem","position":2,"name":"Niezb\u0119dne dodatki na wesele zim\u0105"}]},{"@type":"WebSite","@id":"https:\/\/www.koronakarkonoszy.pl\/blog\/#website","url":"https:\/\/www.koronakarkonoszy.pl\/blog\/","name":":: Wedding blog","description":"Wedding blog Dw\u00f3r Korona Karkonosze","potentialAction":[{"@type":"SearchAction","target":{"@type":"EntryPoint","urlTemplate":"https:\/\/www.koronakarkonoszy.pl\/blog\/?s={search_term_string}"},"query-input":{"@type":"PropertyValueSpecification","valueRequired":true,"valueName":"search_term_string"}}],"inLanguage":"en-GB"},{"@type":"Person","@id":"https:\/\/www.koronakarkonoszy.pl\/blog\/#\/schema\/person\/ec8c88bd01ebe6cbf6a16435ce22276f","name":"Agnes","image":{"@type":"ImageObject","inLanguage":"en-GB","@id":"https:\/\/www.koronakarkonoszy.pl\/blog\/wp-content\/litespeed\/avatar\/53ee7b676463f74d0aea1a09de3d003b.jpg?ver=1777438794","url":"https:\/\/www.koronakarkonoszy.pl\/blog\/wp-content\/litespeed\/avatar\/53ee7b676463f74d0aea1a09de3d003b.jpg?ver=1777438794","contentUrl":"https:\/\/www.koronakarkonoszy.pl\/blog\/wp-content\/litespeed\/avatar\/53ee7b676463f74d0aea1a09de3d003b.jpg?ver=1777438794","caption":"agnieszka"},"url":"https:\/\/www.koronakarkonoszy.pl\/blog\/en\/author\/agnieszka\/"}]}},"_links":{"self":[{"href":"https:\/\/www.koronakarkonoszy.pl\/blog\/en\/wp-json\/wp\/v2\/posts\/817","targetHints":{"allow":["GET"]}}],"collection":[{"href":"https:\/\/www.koronakarkonoszy.pl\/blog\/en\/wp-json\/wp\/v2\/posts"}],"about":[{"href":"https:\/\/www.koronakarkonoszy.pl\/blog\/en\/wp-json\/wp\/v2\/types\/post"}],"author":[{"embeddable":true,"href":"https:\/\/www.koronakarkonoszy.pl\/blog\/en\/wp-json\/wp\/v2\/users\/11"}],"replies":[{"embeddable":true,"href":"https:\/\/www.koronakarkonoszy.pl\/blog\/en\/wp-json\/wp\/v2\/comments?post=817"}],"version-history":[{"count":0,"href":"https:\/\/www.koronakarkonoszy.pl\/blog\/en\/wp-json\/wp\/v2\/posts\/817\/revisions"}],"wp:featuredmedia":[{"embeddable":true,"href":"https:\/\/www.koronakarkonoszy.pl\/blog\/en\/wp-json\/wp\/v2\/media\/820"}],"wp:attachment":[{"href":"https:\/\/www.koronakarkonoszy.pl\/blog\/en\/wp-json\/wp\/v2\/media?parent=817"}],"wp:term":[{"taxonomy":"category","embeddable":true,"href":"https:\/\/www.koronakarkonoszy.pl\/blog\/en\/wp-json\/wp\/v2\/categories?post=817"}],"curies":[{"name":"wp","href":"https:\/\/api.w.org\/{rel}","templated":true}]}}