{"id":763,"date":"2020-09-15T22:57:00","date_gmt":"2020-09-15T20:57:00","guid":{"rendered":"https:\/\/www.koronakarkonoszy.pl\/blog\/?p=763"},"modified":"2023-02-09T19:46:27","modified_gmt":"2023-02-09T18:46:27","slug":"ideal-wedding-date-hints-at-when-to-hold-your-wedding","status":"publish","type":"post","link":"https:\/\/www.koronakarkonoszy.pl\/blog\/en\/idealna-data-na-slub-podpowiadamy-kiedy-warto-zorganizowac-wesele\/","title":{"rendered":"The perfect wedding date? We advise when it is worth organizing a wedding"},"content":{"rendered":"\n<p><strong>Wyb\u00f3r daty \u015blubu to dla m\u0142odej pary nie lada wyzwanie. W ko\u0144cu wszyscy nowo\u017ce\u0144cy marz\u0105, aby ten dzie\u0144 by\u0142 jedyny i niepowtarzalny. Kiedy zatem zorganizowa\u0107 ceremoni\u0119 \u015blubn\u0105 i czy istnieje niezawodna pora roku, a tym bardziej data na \u015blub?<\/strong> <br><\/p>\n\n\n<div id=\"ariadna-block_cb9cb93b6ec5e8ce8a962a5bef163872\" class=\"ariadna\">\r\n    <ul><li><a href=\"#h-zimowa-data-na-lub-atrakcje\">Zimowa data na \u015blub &#8211; atrakcje<\/a><\/li><li><a href=\"#ha-data-slubu-wybrana\">Data \u015blubu wybrana?<\/a><\/li><li><a href=\"#h-data-na-lub-zim-zabawa-do-bia-ego-rana\">Data na \u015blub zim\u0105 \u2013 zabawa do bia\u0142ego rana<\/a><\/li><li><a href=\"#h-data-na-lub-zim-wsparta-wyj-tkowymi-atrakcjami\">Data na \u015blub zim\u0105 wsparta wyj\u0105tkowymi atrakcjami&nbsp;<\/a><\/li><li><a href=\"#h-korzystna-data-na-lub\">Korzystna data na \u015blub<\/a><\/li><\/ul>\r\n<\/div>\r\n\r\n\r\n\r\n\n\n\n<p><br>W\u015br\u00f3d wielu m\u0142odych par utar\u0142o si\u0119 przekonanie, \u017ce najlepsz\u0105 por\u0105 na \u015blub jest p\u00f3\u017ana wiosna lub lato. Tymczasem sezon zimowy ma w sobie olbrzymi potencja\u0142, a atut\u00f3w ceremonii \u015blubnej w zimowej ods\u0142onie jest od groma. Ni\u017csze ceny us\u0142ug, wi\u0119kszy wyb\u00f3r wykonawc\u00f3w z pierwszej ligi, dogodniejsze godziny u fryzjera czy makija\u017cystki, \u015bwi\u0105teczne dekoracje restauracji i ulic, kt\u00f3re pozwalaj\u0105 na rezygnacj\u0119 z cz\u0119\u015bci dekoracji, to tylko pocz\u0105tek d\u0142ugiej listy zalet jakie posiada data na\u00a0<a href=\"https:\/\/www.koronakarkonoszy.pl\/blog\/wesele-w-karnawale-zimowe-szalenstwo\/\" target=\"_blank\" rel=\"noreferrer noopener\">\u015blub w zimie<\/a>.<\/p>\n\n\n\n<figure class=\"wp-block-image size-large\"><img loading=\"lazy\" decoding=\"async\" width=\"800\" height=\"512\" src=\"https:\/\/www.koronakarkonoszy.pl\/blog\/wp-content\/uploads\/2021\/07\/wesele-zima.jpeg\" alt=\"wesele zima\" class=\"wp-image-769\" srcset=\"https:\/\/www.koronakarkonoszy.pl\/blog\/wp-content\/uploads\/2021\/07\/wesele-zima.jpeg 800w, https:\/\/www.koronakarkonoszy.pl\/blog\/wp-content\/uploads\/2021\/07\/wesele-zima-300x192.jpeg 300w, https:\/\/www.koronakarkonoszy.pl\/blog\/wp-content\/uploads\/2021\/07\/wesele-zima-768x492.jpeg 768w\" sizes=\"auto, (max-width: 800px) 100vw, 800px\" \/><\/figure>\n\n\n\n<h2 class=\"wp-block-heading\" id=\"h-zimowa-data-na-lub-atrakcje\">Zimowa data na \u015blub &#8211; atrakcje<\/h2>\n\n\n\n<p>Wyobra\u017amy sobie bia\u0142y puch, okalaj\u0105cy zbocza wzg\u00f3rz i wiruj\u0105ce \u015bnie\u017cne p\u0142atki. W\u0142a\u015bnie tak\u0105 niezapomnian\u0105, ba\u015bniow\u0105 sceneri\u0119 dostarcza nam zima. Kluczem jest jednak wyb\u00f3r odpowiedniego miejsca, kt\u00f3re w pe\u0142ni uroki zimowego klimatu uwidoczni.\u00a0<br><br>Kiedy rozwa\u017camy wesele w g\u00f3rach jako pierwsze na my\u015bl przychodz\u0105 nam Tatry, szczeg\u00f3lnie ich stolica, czyli Zakopane. Tymczasem, nowo\u017ce\u0144cy powinni zwr\u00f3ci\u0107 uwag\u0119 na okolice Kotliny Jeleniog\u00f3rskiej, s\u0142yn\u0105cej z licznych atrakcji turystycznych i malowniczych widok\u00f3w. &#8222;Magia\u00a0<a href=\"https:\/\/www.koronakarkonoszy.pl\/blog\/kieliszki-w-gore-czyli-moda-na-wesele-w-karkonoszach\/\" target=\"_blank\" rel=\"noreferrer noopener\">wesela w g\u00f3rach<\/a>\u00a0dzia\u0142a&#8221; &#8211; m\u00f3wi Joanna Hoc-Kopiej, ekspert Dworu Korona Karkonoszy, lidera w organizacji wesel na Dolnym \u015al\u0105sku. &#8222;Nowo\u017ce\u0144cy doceniaj\u0105 zachwycaj\u0105ce krajobrazy i wyj\u0105tkow\u0105 lokalizacj\u0119, kt\u00f3ra szczeg\u00f3lnie zim\u0105, pozwala na realizacj\u0119 najbardziej nietuzinkowych pomys\u0142\u00f3w. Wesele po\u0142\u0105czone z wypadem na narty czy lodowisko, to niebanalne propozycje dla rodziny i najbli\u017cszych. Z kolei na sympatyk\u00f3w nart biegowych czekaj\u0105 profesjonalne trasy, kt\u00f3rych w okolicach Karpaczu czy Jakuszyc, nie brakuje.\u00a0<\/p>\n\n\n<section id=\"ctaninja-block_af3cb06dfc80bf1baf54a43b0f67b622\" class=\"ctaninja\">\r\n    <div class=\"ctaninja-body\">\r\n        <h2 class=\"h1\" id=\"ha-data-slubu-wybrana\">Data \u015blubu wybrana?<\/h2>\r\n        <p>Czas zarezerwowa\u0107 sal\u0119 weseln\u0105 \u2665<\/p>\r\n        <div class=\"nf-container\">\r\n            <noscript class=\"ninja-forms-noscript-message\">\n\tNotice: JavaScript is required for this content.<\/noscript>\n<div id=\"nf-form-1-cont\" class=\"nf-form-cont\" aria-live=\"polite\" aria-labelledby=\"nf-form-title-1\" aria-describedby=\"nf-form-errors-1\" role=\"form\">\n\n    <div class=\"nf-loading-spinner\"><\/div>\n\n<\/div>\n        <!-- That data is being printed as a workaround to page builders reordering the order of the scripts loaded-->\n        <script>var formDisplay=1;var nfForms=nfForms||[];var form=[];form.id='1';form.settings={\"objectType\":\"Form Setting\",\"editActive\":\"\",\"title\":\"Contact Me\",\"key\":\"\",\"created_at\":\"2021-05-31 16:57:05\",\"default_label_pos\":\"above\",\"conditions\":[],\"show_title\":\"1\",\"clear_complete\":\"1\",\"hide_complete\":\"1\",\"wrapper_class\":\"\",\"element_class\":\"\",\"add_submit\":\"1\",\"logged_in\":\"\",\"not_logged_in_msg\":\"\",\"sub_limit_number\":\"\",\"sub_limit_msg\":\"\",\"calculations\":[],\"formContentData\":[{\"order\":1,\"cells\":[{\"order\":0,\"fields\":[\"email\"],\"width\":50},{\"order\":1,\"fields\":[\"wyslij_1640001513358\"],\"width\":50}]}],\"container_styles_background-color\":\"\",\"container_styles_border\":\"\",\"container_styles_border-style\":\"\",\"container_styles_border-color\":\"\",\"container_styles_color\":\"\",\"container_styles_height\":\"\",\"container_styles_width\":\"\",\"container_styles_font-size\":\"\",\"container_styles_margin\":\"\",\"container_styles_padding\":\"\",\"container_styles_display\":\"\",\"container_styles_float\":\"\",\"container_styles_show_advanced_css\":\"0\",\"container_styles_advanced\":\"\",\"title_styles_background-color\":\"\",\"title_styles_border\":\"\",\"title_styles_border-style\":\"\",\"title_styles_border-color\":\"\",\"title_styles_color\":\"\",\"title_styles_height\":\"\",\"title_styles_width\":\"\",\"title_styles_font-size\":\"\",\"title_styles_margin\":\"\",\"title_styles_padding\":\"\",\"title_styles_display\":\"\",\"title_styles_float\":\"\",\"title_styles_show_advanced_css\":\"0\",\"title_styles_advanced\":\"\",\"row_styles_background-color\":\"\",\"row_styles_border\":\"\",\"row_styles_border-style\":\"\",\"row_styles_border-color\":\"\",\"row_styles_color\":\"\",\"row_styles_height\":\"\",\"row_styles_width\":\"\",\"row_styles_font-size\":\"\",\"row_styles_margin\":\"\",\"row_styles_padding\":\"\",\"row_styles_display\":\"\",\"row_styles_show_advanced_css\":\"0\",\"row_styles_advanced\":\"\",\"row-odd_styles_background-color\":\"\",\"row-odd_styles_border\":\"\",\"row-odd_styles_border-style\":\"\",\"row-odd_styles_border-color\":\"\",\"row-odd_styles_color\":\"\",\"row-odd_styles_height\":\"\",\"row-odd_styles_width\":\"\",\"row-odd_styles_font-size\":\"\",\"row-odd_styles_margin\":\"\",\"row-odd_styles_padding\":\"\",\"row-odd_styles_display\":\"\",\"row-odd_styles_show_advanced_css\":\"0\",\"row-odd_styles_advanced\":\"\",\"success-msg_styles_background-color\":\"\",\"success-msg_styles_border\":\"\",\"success-msg_styles_border-style\":\"\",\"success-msg_styles_border-color\":\"\",\"success-msg_styles_color\":\"\",\"success-msg_styles_height\":\"\",\"success-msg_styles_width\":\"\",\"success-msg_styles_font-size\":\"\",\"success-msg_styles_margin\":\"\",\"success-msg_styles_padding\":\"\",\"success-msg_styles_display\":\"\",\"success-msg_styles_show_advanced_css\":\"0\",\"success-msg_styles_advanced\":\"\",\"error_msg_styles_background-color\":\"\",\"error_msg_styles_border\":\"\",\"error_msg_styles_border-style\":\"\",\"error_msg_styles_border-color\":\"\",\"error_msg_styles_color\":\"\",\"error_msg_styles_height\":\"\",\"error_msg_styles_width\":\"\",\"error_msg_styles_font-size\":\"\",\"error_msg_styles_margin\":\"\",\"error_msg_styles_padding\":\"\",\"error_msg_styles_display\":\"\",\"error_msg_styles_show_advanced_css\":\"0\",\"error_msg_styles_advanced\":\"\",\"allow_public_link\":0,\"embed_form\":\"\",\"currency\":\"\",\"repeatable_fieldsets\":\"\",\"unique_field_error\":\"Formularz z t\\u0105 warto\\u015bci\\u0105 zosta\\u0142 ju\\u017c przes\\u0142any.\",\"ninjaForms\":\"Ninja Forms\",\"changeEmailErrorMsg\":\"Please enter a valid email address!\",\"changeDateErrorMsg\":\"Please enter a valid date!\",\"confirmFieldErrorMsg\":\"These fields must match!\",\"fieldNumberNumMinError\":\"Number Min Error\",\"fieldNumberNumMaxError\":\"Number Max Error\",\"fieldNumberIncrementBy\":\"Please increment by \",\"fieldTextareaRTEInsertLink\":\"Insert Link\",\"fieldTextareaRTEInsertMedia\":\"Insert Media\",\"fieldTextareaRTESelectAFile\":\"Select a file\",\"formErrorsCorrectErrors\":\"Please correct errors before submitting this form.\",\"formHoneypot\":\"If you are a human seeing this field, please leave it empty.\",\"validateRequiredField\":\"This is a required field.\",\"honeypotHoneypotError\":\"Honeypot Error\",\"fileUploadOldCodeFileUploadInProgress\":\"File Upload in Progress.\",\"fileUploadOldCodeFileUpload\":\"FILE UPLOAD\",\"currencySymbol\":\"&#36;\",\"fieldsMarkedRequired\":\"Fields marked with an <span class=\\\"ninja-forms-req-symbol\\\">*<\\\/span> are required\",\"thousands_sep\":\",\",\"decimal_point\":\".\",\"siteLocale\":\"en_GB\",\"dateFormat\":\"m\\\/d\\\/Y\",\"startOfWeek\":\"1\",\"of\":\"of\",\"previousMonth\":\"Previous Month\",\"nextMonth\":\"Next Month\",\"months\":[\"January\",\"February\",\"March\",\"April\",\"May\",\"June\",\"July\",\"August\",\"September\",\"October\",\"November\",\"December\"],\"monthsShort\":[\"Jan\",\"Feb\",\"Mar\",\"Apr\",\"May\",\"Jun\",\"Jul\",\"Aug\",\"Sep\",\"Oct\",\"Nov\",\"Dec\"],\"weekdays\":[\"Sunday\",\"Monday\",\"Tuesday\",\"Wednesday\",\"Thursday\",\"Friday\",\"Saturday\"],\"weekdaysShort\":[\"Sun\",\"Mon\",\"Tue\",\"Wed\",\"Thu\",\"Fri\",\"Sat\"],\"weekdaysMin\":[\"Su\",\"Mo\",\"Tu\",\"We\",\"Th\",\"Fr\",\"Sa\"],\"recaptchaConsentMissing\":\"reCaptcha validation couldn&#039;t load.\",\"recaptchaMissingCookie\":\"reCaptcha v3 validation couldn&#039;t load the cookie needed to submit the form.\",\"recaptchaConsentEvent\":\"Accept reCaptcha cookies before sending the form.\",\"currency_symbol\":\"\",\"beforeForm\":\"\",\"beforeFields\":\"\",\"afterFields\":\"\",\"afterForm\":\"\"};form.fields=[{\"objectType\":\"Field\",\"objectDomain\":\"fields\",\"editActive\":false,\"order\":1,\"idAttribute\":\"id\",\"label\":\"Email\",\"key\":\"email\",\"type\":\"email\",\"created_at\":\"2021-05-31 16:57:06\",\"label_pos\":\"above\",\"required\":1,\"placeholder\":\"Podaj maila, skontaktujemy si\\u0119 z Tob\\u0105\",\"default\":\"\",\"wrapper_class\":\"\",\"element_class\":\"\",\"container_class\":\"\",\"admin_label\":\"\",\"help_text\":\"\",\"desc_text\":\"\",\"wrap_styles_background-color\":\"\",\"wrap_styles_border\":\"\",\"wrap_styles_border-style\":\"\",\"wrap_styles_border-color\":\"\",\"wrap_styles_color\":\"\",\"wrap_styles_height\":\"\",\"wrap_styles_width\":\"\",\"wrap_styles_font-size\":\"\",\"wrap_styles_margin\":\"\",\"wrap_styles_padding\":\"\",\"wrap_styles_display\":\"\",\"wrap_styles_float\":\"\",\"wrap_styles_show_advanced_css\":0,\"wrap_styles_advanced\":\"\",\"label_styles_background-color\":\"\",\"label_styles_border\":\"\",\"label_styles_border-style\":\"\",\"label_styles_border-color\":\"\",\"label_styles_color\":\"\",\"label_styles_height\":\"\",\"label_styles_width\":\"\",\"label_styles_font-size\":\"\",\"label_styles_margin\":\"\",\"label_styles_padding\":\"\",\"label_styles_display\":\"\",\"label_styles_float\":\"\",\"label_styles_show_advanced_css\":0,\"label_styles_advanced\":\"\",\"element_styles_background-color\":\"\",\"element_styles_border\":\"\",\"element_styles_border-style\":\"\",\"element_styles_border-color\":\"\",\"element_styles_color\":\"\",\"element_styles_height\":\"\",\"element_styles_width\":\"\",\"element_styles_font-size\":\"\",\"element_styles_margin\":\"\",\"element_styles_padding\":\"\",\"element_styles_display\":\"\",\"element_styles_float\":\"\",\"element_styles_show_advanced_css\":0,\"element_styles_advanced\":\"\",\"cellcid\":\"c3375\",\"custom_name_attribute\":\"email\",\"personally_identifiable\":1,\"value\":\"\",\"drawerDisabled\":false,\"id\":2,\"beforeField\":\"\",\"afterField\":\"\",\"parentType\":\"email\",\"element_templates\":[\"email\",\"input\"],\"old_classname\":\"\",\"wrap_template\":\"wrap\"},{\"objectType\":\"Field\",\"objectDomain\":\"fields\",\"editActive\":false,\"order\":2,\"idAttribute\":\"id\",\"label\":\"Wy\\u015blij\",\"key\":\"wyslij_1640001513358\",\"type\":\"submit\",\"created_at\":\"2021-05-31 16:57:06\",\"processing_label\":\"Wysy\\u0142anie...\",\"container_class\":\"\",\"element_class\":\"\",\"wrap_styles_background-color\":\"\",\"wrap_styles_border\":\"\",\"wrap_styles_border-style\":\"\",\"wrap_styles_border-color\":\"\",\"wrap_styles_color\":\"\",\"wrap_styles_height\":\"\",\"wrap_styles_width\":\"\",\"wrap_styles_font-size\":\"\",\"wrap_styles_margin\":\"\",\"wrap_styles_padding\":\"\",\"wrap_styles_display\":\"\",\"wrap_styles_float\":\"\",\"wrap_styles_show_advanced_css\":0,\"wrap_styles_advanced\":\"\",\"label_styles_background-color\":\"\",\"label_styles_border\":\"\",\"label_styles_border-style\":\"\",\"label_styles_border-color\":\"\",\"label_styles_color\":\"\",\"label_styles_height\":\"\",\"label_styles_width\":\"\",\"label_styles_font-size\":\"\",\"label_styles_margin\":\"\",\"label_styles_padding\":\"\",\"label_styles_display\":\"\",\"label_styles_float\":\"\",\"label_styles_show_advanced_css\":0,\"label_styles_advanced\":\"\",\"element_styles_background-color\":\"\",\"element_styles_border\":\"\",\"element_styles_border-style\":\"\",\"element_styles_border-color\":\"\",\"element_styles_color\":\"\",\"element_styles_height\":\"\",\"element_styles_width\":\"\",\"element_styles_font-size\":\"\",\"element_styles_margin\":\"\",\"element_styles_padding\":\"\",\"element_styles_display\":\"\",\"element_styles_float\":\"\",\"element_styles_show_advanced_css\":0,\"element_styles_advanced\":\"\",\"submit_element_hover_styles_background-color\":\"\",\"submit_element_hover_styles_border\":\"\",\"submit_element_hover_styles_border-style\":\"\",\"submit_element_hover_styles_border-color\":\"\",\"submit_element_hover_styles_color\":\"\",\"submit_element_hover_styles_height\":\"\",\"submit_element_hover_styles_width\":\"\",\"submit_element_hover_styles_font-size\":\"\",\"submit_element_hover_styles_margin\":\"\",\"submit_element_hover_styles_padding\":\"\",\"submit_element_hover_styles_display\":\"\",\"submit_element_hover_styles_float\":\"\",\"submit_element_hover_styles_show_advanced_css\":0,\"submit_element_hover_styles_advanced\":\"\",\"cellcid\":\"c3378\",\"drawerDisabled\":false,\"id\":4,\"beforeField\":\"\",\"afterField\":\"\",\"value\":\"\",\"label_pos\":\"above\",\"parentType\":\"textbox\",\"element_templates\":[\"submit\",\"button\",\"input\"],\"old_classname\":\"\",\"wrap_template\":\"wrap-no-label\"}];nfForms.push(form);<\/script>\n                <script id=\"nf-tmpl-cell\" type=\"text\/template\">\n            <nf-fields><\/nf-fields>\n        <\/script>\n\n        <script id=\"nf-tmpl-row\" type=\"text\/template\">\n            <nf-cells><\/nf-cells>\n        <\/script>\n\n                <\/div>\r\n    <\/div>\r\n    <div class=\"ctaninja-onm ctaninja-onm-1 rbg\"><\/div>\r\n    <div class=\"ctaninja-onm ctaninja-onm-2 rbg\"><\/div>\r\n<\/section>\n\n\n<p>Dlatego te\u017c, chc\u0105c w pe\u0142ni podkre\u015bli\u0107 zimow\u0105 aur\u0119, m\u0142oda para wybiera na organizacj\u0119 ceremonii \u015blubnej w\u0142a\u015bnie sal\u0119 weseln\u0105, usytuowan\u0105 nieopodal ca\u0142orocznych b\u0105d\u017a do\u015bnie\u017canych stok\u00f3w. Popularno\u015bci\u0105 ciesz\u0105 si\u0119 tak\u017ce poprawiny przy ognisku, z grzanym winem lub piwem. Atrakcjami dla m\u0142odszych go\u015bci mog\u0105 by\u0107 bitwy na \u015bnie\u017cki czy wsp\u00f3lne lepienie ba\u0142wana. Dobr\u0105 zabaw\u0119 dla weselnik\u00f3w zagwarantuj\u0105 tak\u017ce przeja\u017cd\u017cki bryczk\u0105 czy kulig&#8221; \u2013 dodaje ekspert Dworu Korona Karkonoszy.&nbsp;<br><br>Kotlina Jeleniog\u00f3rska, w odr\u00f3\u017cnieniu od Podhala, oferuje przyjemn\u0105 prywatno\u015b\u0107, kt\u00f3ra dla nowo\u017ce\u0144c\u00f3w i ich go\u015bci weselnych jest niezwykle wa\u017cna. Oczywi\u015bcie ka\u017cdego roku jest tutaj mn\u00f3stwo turyst\u00f3w, ale <strong><a href=\"https:\/\/www.koronakarkonoszy.pl\/wesele\/\" target=\"_blank\" rel=\"noreferrer noopener\">sala weselna w g\u00f3rach<\/a>,<\/strong> Dw\u00f3r Korona Karkonoszy tworzy doskona\u0142y, intymny klimat, kt\u00f3rego na pr\u00f3\u017cno szuka\u0107 w Zakopanem czy jego okolicach. <a href=\"https:\/\/www.koronakarkonoszy.pl\/blog-atrakcje\/sosnowka\/\" class=\"links-placer\">Sosn\u00f3wka<\/a> to wspania\u0142a miejscowo\u015b\u0107, kt\u00f3ra jako jedyna posiada ogromne jezioro tu\u017c u podn\u00f3\u017ca g\u00f3r!<br>&nbsp;<\/p>\n\n\n\n<figure class=\"wp-block-image size-large\"><img loading=\"lazy\" decoding=\"async\" width=\"800\" height=\"534\" src=\"https:\/\/www.koronakarkonoszy.pl\/blog\/wp-content\/uploads\/2021\/07\/data-na-slub.jpg\" alt=\"data na slub\" class=\"wp-image-770\" srcset=\"https:\/\/www.koronakarkonoszy.pl\/blog\/wp-content\/uploads\/2021\/07\/data-na-slub.jpg 800w, https:\/\/www.koronakarkonoszy.pl\/blog\/wp-content\/uploads\/2021\/07\/data-na-slub-300x200.jpg 300w, https:\/\/www.koronakarkonoszy.pl\/blog\/wp-content\/uploads\/2021\/07\/data-na-slub-768x513.jpg 768w\" sizes=\"auto, (max-width: 800px) 100vw, 800px\" \/><figcaption class=\"wp-element-caption\"><strong><a href=\"https:\/\/www.koronakarkonoszy.pl\/blog\/wesele-dolny-slask\/\">Wesele Dolny \u015al\u0105sk<\/a>, Dw\u00f3r Korona Karkonoszy, Sosn\u00f3wka k. Karpacza <\/strong><\/figcaption><\/figure>\n\n\n\n<h2 class=\"wp-block-heading\" id=\"h-data-na-lub-zim-zabawa-do-bia-ego-rana\">Data na \u015blub zim\u0105 \u2013 zabawa do bia\u0142ego rana<\/h2>\n\n\n\n<p>Wszystkie te pary, kt\u00f3re rozwa\u017caj\u0105 uroczysto\u015b\u0107 weseln\u0105 w porze zimowej, cz\u0119sto przekonuje mo\u017cliwo\u015b\u0107 po\u0142\u0105czenia przyj\u0119cia z rodzinn\u0105 wigili\u0105. Wyj\u0105tkowa atmosfera, nastr\u00f3j \u015bwi\u0105t i czas pojednania sprawiaj\u0105, \u017ce cho\u0107 na chwil\u0119 zapominamy o troskach, prym wiedzie uczucie magii i podnios\u0142o\u015b\u0107 chwili.&nbsp;<br><br>Coraz wi\u0119cej m\u0142odych decyduje si\u0119 tak\u017ce na zorganizowanie ceremonii \u015blubnej w przerwie \u015bwi\u0105teczno-sylwestrowej, gdy wi\u0119kszo\u015b\u0107 z nas ma wolne, b\u0105d\u017a podczas sylwestrowej nocy, kt\u00f3ra cz\u0119sto symbolizuje pocz\u0105tek nowego rozdzia\u0142u w \u017cyciu. Towarzysz\u0105 nam wtedy g\u0142\u0119bokie przemy\u015blenia, stawiamy sobie nowe cele i sk\u0142adamy obietnice najbli\u017cszym &#8211; podobnie jest w dniu zawarcia zwi\u0105zku ma\u0142\u017ce\u0144skiego. Dodatkowo weselnicy b\u0119d\u0105 na pewno zachwyceni faktem, \u017ce o to, co b\u0119d\u0105 robi\u0107 w Sylwestra, martwi\u0107 si\u0119 ju\u017c nie musz\u0105. <br><br>&#8222;Zapraszanie go\u015bci na wesele to dla mnie najprzyjemniejsza rzecz w \u015blubnym przedsi\u0119wzi\u0119ciu. Szczeg\u00f3lnie mi\u0142o wspominam moment, w kt\u00f3rym go\u015bcie chwalili wyb\u00f3r oryginalnego terminu. Wielu z nich o sylwestrowej zabawie my\u015bli dopiero po \u015bwi\u0119tach, dlatego zaaran\u017cowanie w tym dniu przyj\u0119cia weselnego, by\u0142o ogromnym zaskoczeniem i poniek\u0105d ulg\u0105, \u017ce ta decyzja zosta\u0142a za nich podj\u0119ta. Z reszt\u0105, wielu \u015bmia\u0142o si\u0119, \u017ce zadbali\u015bmy o to, aby Pan M\u0142ody nigdy nie zapomnia\u0142 o naszej rocznicy&#8221; \u2013 komentuje Justyna Babiuch, przysz\u0142a, sylwestrowa panna m\u0142oda.&nbsp;<br>&nbsp;<\/p>\n\n\n\n<figure class=\"wp-block-image size-large\"><img loading=\"lazy\" decoding=\"async\" width=\"800\" height=\"534\" src=\"https:\/\/www.koronakarkonoszy.pl\/blog\/wp-content\/uploads\/2021\/07\/idealna-data-na-slub.jpg\" alt=\"idealna data na slub\" class=\"wp-image-771\" srcset=\"https:\/\/www.koronakarkonoszy.pl\/blog\/wp-content\/uploads\/2021\/07\/idealna-data-na-slub.jpg 800w, https:\/\/www.koronakarkonoszy.pl\/blog\/wp-content\/uploads\/2021\/07\/idealna-data-na-slub-300x200.jpg 300w, https:\/\/www.koronakarkonoszy.pl\/blog\/wp-content\/uploads\/2021\/07\/idealna-data-na-slub-768x513.jpg 768w\" sizes=\"auto, (max-width: 800px) 100vw, 800px\" \/><\/figure>\n\n\n\n<h2 class=\"wp-block-heading\" id=\"h-data-na-lub-zim-wsparta-wyj-tkowymi-atrakcjami\">Data na \u015blub zim\u0105 wsparta wyj\u0105tkowymi atrakcjami&nbsp;<\/h2>\n\n\n\n<p>Niebanaln\u0105 atrakcj\u0105 na&nbsp;wesele w Sylwestra, koresponduj\u0105c\u0105 z zimowym klimatem, mo\u017ce by\u0107 efektowny bar lodowy. Sprawdz\u0105 si\u0119 tak\u017ce widowiskowe spektakle &#8211; przeprowadzane na oczach go\u015bci specjalne pokazy rze\u017abienia w lodzie. Na popularno\u015bci zyskuj\u0105 r\u00f3wnie\u017c wesela organizowane w okresie karnawa\u0142u. Cz\u0119sto wybieranym motywem przewodnim takiego przyj\u0119cia jest styl glamour. Wszechobecny b\u0142ysk, mieni\u0105ce si\u0119 ozdoby, cyrkonie czy per\u0142y s\u0105 atrakcyjnym elementem dekoracji sali, ale tak\u017ce wspania\u0142ym akcentem sukni \u015blubnej czy garnituru.&nbsp;<\/p>\n\n\n\n<p>Ciekawym pomys\u0142em jest tak\u017ce&nbsp;<a href=\"https:\/\/www.koronakarkonoszy.pl\/blog,weselny\/wesele-w-karnawale--zimowe-szalenstwo-\/\" target=\"_blank\" rel=\"noreferrer noopener\">bal kostiumowy<\/a>&nbsp;\u2013 kreacje z prze\u0142omu lat 20. i 30. XX wieku czy stroje rodem z ba\u015bni, sprawi\u0105, \u017ce nasi go\u015bci z pewno\u015bci\u0105 poczuj\u0105 si\u0119 wyj\u0105tkowo, niczym w innej epoce. Je\u015bli rozwa\u017cymy jeszcze pokaz ta\u0144ca towarzyskiego, po\u0142\u0105czony z nauk\u0105 ta\u0144ca na weso\u0142o, prowadzon\u0105 przez profesjonalist\u00f3w, sukces wesela mamy gwarantowany. Kto z rodziny i przyjaci\u00f3\u0142 zorganizowa\u0142by wesele na tak wysokim poziomie? Tylko WY!&nbsp;<\/p>\n\n\n\n<figure class=\"wp-block-image size-large\"><img loading=\"lazy\" decoding=\"async\" width=\"800\" height=\"533\" src=\"https:\/\/www.koronakarkonoszy.pl\/blog\/wp-content\/uploads\/2021\/07\/jaka-date-na-slub-wybrac.jpg\" alt=\"jaka dat\u0119 na \u015blub wybra\u0107\" class=\"wp-image-772\" srcset=\"https:\/\/www.koronakarkonoszy.pl\/blog\/wp-content\/uploads\/2021\/07\/jaka-date-na-slub-wybrac.jpg 800w, https:\/\/www.koronakarkonoszy.pl\/blog\/wp-content\/uploads\/2021\/07\/jaka-date-na-slub-wybrac-300x200.jpg 300w, https:\/\/www.koronakarkonoszy.pl\/blog\/wp-content\/uploads\/2021\/07\/jaka-date-na-slub-wybrac-768x512.jpg 768w\" sizes=\"auto, (max-width: 800px) 100vw, 800px\" \/><\/figure>\n\n\n\n<h2 class=\"wp-block-heading\" id=\"h-korzystna-data-na-lub\">Korzystna data na \u015blub<\/h2>\n\n\n\n<p>Ni\u017csze ceny us\u0142ug weselnych zim\u0105 to tak\u017ce mo\u017cliwo\u015b\u0107, by wygospodarowa\u0107 bud\u017cet na bardziej wyszukane menu, podr\u00f3\u017c po\u015blubn\u0105 czy dodatkowe atrakcje. Je\u015bli marzy nam si\u0119 wesele w stylu rustykalnym, to pomy\u015blmy nad obfituj\u0105cym w r\u00f3\u017cnorodno\u015bci wiejskim bufecie. W klimat idealnie wpisz\u0105 si\u0119 tak\u017ce przeja\u017cd\u017cki saniami czy ognisko po\u0142\u0105czone z pieczeniem kie\u0142basek i grzanym winem. Idealnym dope\u0142nieniem rustykalnego wesela b\u0119dzie wyst\u0119p lokalnej kapeli ludowej. A mo\u017ce przypadnie Wam do gustu wesele w prawdziwe g\u00f3ralskim klimacie? Dw\u00f3r Korona Karkonoszy zadba o ka\u017cdy najmniejszy szczeg\u00f3\u0142 tej wyj\u0105tkowej uroczysto\u015bci.&nbsp;<\/p>\n\n\n\n<p>W polskim klimacie trudno trafi\u0107, aby data na \u015blub by\u0142a idealna. Miesi\u0105ce letnie, cz\u0119sto rezerwowane z powodu daty z kilkuletnim wyprzedzeniem, wcale nie gwarantuj\u0105 pi\u0119knej pogody. Burze czy upa\u0142y najbardziej rozczarowuj\u0105 w\u0142a\u015bnie te pary m\u0142ode, kt\u00f3re organizuj\u0105 wesele latem. Dlatego warto przeanalizowa\u0107 jakie mo\u017cliwo\u015bci daje \u015blub zimow\u0105 por\u0105 i nabra\u0107 dystansu do aury, na kt\u00f3r\u0105 przecie\u017c nie mamy \u017cadnego wp\u0142ywu.&nbsp;&nbsp;<\/p>\n","protected":false},"excerpt":{"rendered":"<p>Wyb\u00f3r daty \u015blubu to dla m\u0142odej pary nie lada wyzwanie. W ko\u0144cu wszyscy nowo\u017ce\u0144cy marz\u0105, aby ten dzie\u0144 by\u0142 jedyny i niepowtarzalny. Kiedy zatem zorganizowa\u0107 ceremoni\u0119 \u015blubn\u0105 i czy istnieje niezawodna pora roku, a tym bardziej data na \u015blub? W\u015br\u00f3d wielu m\u0142odych par utar\u0142o si\u0119 przekonanie, \u017ce najlepsz\u0105 por\u0105 na \u015blub jest p\u00f3\u017ana wiosna lub [&hellip;]<\/p>\n","protected":false},"author":11,"featured_media":771,"comment_status":"closed","ping_status":"closed","sticky":false,"template":"","format":"standard","meta":{"_acf_changed":false,"footnotes":""},"categories":[16,2],"class_list":["post-763","post","type-post","status-publish","format-standard","has-post-thumbnail","hentry","category-kiedy-wesele","category-porady"],"acf":[],"yoast_head":"<!-- This site is optimized with the Yoast SEO plugin v27.5 - https:\/\/yoast.com\/product\/yoast-seo-wordpress\/ -->\n<title>Idealna data na \u015blub? Podpowiadamy, kiedy warto zorganizowa\u0107 wesele - :: Blog weselny<\/title>\n<meta name=\"description\" content=\"Zim\u0105 czy jednak latem? Kiedy warto zorganizowa\u0107 ceremoni\u0119 \u015blubn\u0105 i czy istnieje niezawodna pora roku, a tym bardziej data na \u015blub?\" \/>\n<meta name=\"robots\" content=\"index, follow, max-snippet:-1, max-image-preview:large, max-video-preview:-1\" \/>\n<link rel=\"canonical\" href=\"https:\/\/www.koronakarkonoszy.pl\/blog\/en\/ideal-wedding-date-hints-at-when-to-hold-your-wedding\/\" \/>\n<meta property=\"og:locale\" content=\"en_GB\" \/>\n<meta property=\"og:type\" content=\"article\" \/>\n<meta property=\"og:title\" content=\"Idealna data na \u015blub? Podpowiadamy, kiedy warto zorganizowa\u0107 wesele - :: Blog weselny\" \/>\n<meta property=\"og:description\" content=\"Zim\u0105 czy jednak latem? Kiedy warto zorganizowa\u0107 ceremoni\u0119 \u015blubn\u0105 i czy istnieje niezawodna pora roku, a tym bardziej data na \u015blub?\" \/>\n<meta property=\"og:url\" content=\"https:\/\/www.koronakarkonoszy.pl\/blog\/en\/ideal-wedding-date-hints-at-when-to-hold-your-wedding\/\" \/>\n<meta property=\"og:site_name\" content=\":: Blog weselny\" \/>\n<meta property=\"article:published_time\" content=\"2020-09-15T20:57:00+00:00\" \/>\n<meta property=\"article:modified_time\" content=\"2023-02-09T18:46:27+00:00\" \/>\n<meta property=\"og:image\" content=\"https:\/\/www.koronakarkonoszy.pl\/blog\/wp-content\/uploads\/2021\/07\/idealna-data-na-slub.jpg\" \/>\n\t<meta property=\"og:image:width\" content=\"800\" \/>\n\t<meta property=\"og:image:height\" content=\"534\" \/>\n\t<meta property=\"og:image:type\" content=\"image\/jpeg\" \/>\n<meta name=\"author\" content=\"agnieszka\" \/>\n<meta name=\"twitter:card\" content=\"summary_large_image\" \/>\n<meta name=\"twitter:label1\" content=\"Written by\" \/>\n\t<meta name=\"twitter:data1\" content=\"agnieszka\" \/>\n\t<meta name=\"twitter:label2\" content=\"Estimated reading time\" \/>\n\t<meta name=\"twitter:data2\" content=\"7 minutes\" \/>\n<script type=\"application\/ld+json\" class=\"yoast-schema-graph\">{\"@context\":\"https:\\\/\\\/schema.org\",\"@graph\":[{\"@type\":\"Article\",\"@id\":\"https:\\\/\\\/www.koronakarkonoszy.pl\\\/blog\\\/idealna-data-na-slub-podpowiadamy-kiedy-warto-zorganizowac-wesele\\\/#article\",\"isPartOf\":{\"@id\":\"https:\\\/\\\/www.koronakarkonoszy.pl\\\/blog\\\/idealna-data-na-slub-podpowiadamy-kiedy-warto-zorganizowac-wesele\\\/\"},\"author\":{\"name\":\"agnieszka\",\"@id\":\"https:\\\/\\\/www.koronakarkonoszy.pl\\\/blog\\\/#\\\/schema\\\/person\\\/ec8c88bd01ebe6cbf6a16435ce22276f\"},\"headline\":\"Idealna data na \u015blub? Podpowiadamy, kiedy warto zorganizowa\u0107 wesele\",\"datePublished\":\"2020-09-15T20:57:00+00:00\",\"dateModified\":\"2023-02-09T18:46:27+00:00\",\"mainEntityOfPage\":{\"@id\":\"https:\\\/\\\/www.koronakarkonoszy.pl\\\/blog\\\/idealna-data-na-slub-podpowiadamy-kiedy-warto-zorganizowac-wesele\\\/\"},\"wordCount\":1125,\"image\":{\"@id\":\"https:\\\/\\\/www.koronakarkonoszy.pl\\\/blog\\\/idealna-data-na-slub-podpowiadamy-kiedy-warto-zorganizowac-wesele\\\/#primaryimage\"},\"thumbnailUrl\":\"https:\\\/\\\/www.koronakarkonoszy.pl\\\/blog\\\/wp-content\\\/uploads\\\/2021\\\/07\\\/idealna-data-na-slub.jpg\",\"articleSection\":[\"Kiedy wesele\",\"Porady\"],\"inLanguage\":\"en-GB\"},{\"@type\":\"WebPage\",\"@id\":\"https:\\\/\\\/www.koronakarkonoszy.pl\\\/blog\\\/idealna-data-na-slub-podpowiadamy-kiedy-warto-zorganizowac-wesele\\\/\",\"url\":\"https:\\\/\\\/www.koronakarkonoszy.pl\\\/blog\\\/idealna-data-na-slub-podpowiadamy-kiedy-warto-zorganizowac-wesele\\\/\",\"name\":\"Idealna data na \u015blub? Podpowiadamy, kiedy warto zorganizowa\u0107 wesele - :: Blog weselny\",\"isPartOf\":{\"@id\":\"https:\\\/\\\/www.koronakarkonoszy.pl\\\/blog\\\/#website\"},\"primaryImageOfPage\":{\"@id\":\"https:\\\/\\\/www.koronakarkonoszy.pl\\\/blog\\\/idealna-data-na-slub-podpowiadamy-kiedy-warto-zorganizowac-wesele\\\/#primaryimage\"},\"image\":{\"@id\":\"https:\\\/\\\/www.koronakarkonoszy.pl\\\/blog\\\/idealna-data-na-slub-podpowiadamy-kiedy-warto-zorganizowac-wesele\\\/#primaryimage\"},\"thumbnailUrl\":\"https:\\\/\\\/www.koronakarkonoszy.pl\\\/blog\\\/wp-content\\\/uploads\\\/2021\\\/07\\\/idealna-data-na-slub.jpg\",\"datePublished\":\"2020-09-15T20:57:00+00:00\",\"dateModified\":\"2023-02-09T18:46:27+00:00\",\"author\":{\"@id\":\"https:\\\/\\\/www.koronakarkonoszy.pl\\\/blog\\\/#\\\/schema\\\/person\\\/ec8c88bd01ebe6cbf6a16435ce22276f\"},\"description\":\"Zim\u0105 czy jednak latem? Kiedy warto zorganizowa\u0107 ceremoni\u0119 \u015blubn\u0105 i czy istnieje niezawodna pora roku, a tym bardziej data na \u015blub?\",\"breadcrumb\":{\"@id\":\"https:\\\/\\\/www.koronakarkonoszy.pl\\\/blog\\\/idealna-data-na-slub-podpowiadamy-kiedy-warto-zorganizowac-wesele\\\/#breadcrumb\"},\"inLanguage\":\"en-GB\",\"potentialAction\":[{\"@type\":\"ReadAction\",\"target\":[\"https:\\\/\\\/www.koronakarkonoszy.pl\\\/blog\\\/idealna-data-na-slub-podpowiadamy-kiedy-warto-zorganizowac-wesele\\\/\"]}]},{\"@type\":\"ImageObject\",\"inLanguage\":\"en-GB\",\"@id\":\"https:\\\/\\\/www.koronakarkonoszy.pl\\\/blog\\\/idealna-data-na-slub-podpowiadamy-kiedy-warto-zorganizowac-wesele\\\/#primaryimage\",\"url\":\"https:\\\/\\\/www.koronakarkonoszy.pl\\\/blog\\\/wp-content\\\/uploads\\\/2021\\\/07\\\/idealna-data-na-slub.jpg\",\"contentUrl\":\"https:\\\/\\\/www.koronakarkonoszy.pl\\\/blog\\\/wp-content\\\/uploads\\\/2021\\\/07\\\/idealna-data-na-slub.jpg\",\"width\":800,\"height\":534,\"caption\":\"idealna data na slub\"},{\"@type\":\"BreadcrumbList\",\"@id\":\"https:\\\/\\\/www.koronakarkonoszy.pl\\\/blog\\\/idealna-data-na-slub-podpowiadamy-kiedy-warto-zorganizowac-wesele\\\/#breadcrumb\",\"itemListElement\":[{\"@type\":\"ListItem\",\"position\":1,\"name\":\"Strona g\u0142\u00f3wna\",\"item\":\"https:\\\/\\\/www.koronakarkonoszy.pl\\\/blog\\\/\"},{\"@type\":\"ListItem\",\"position\":2,\"name\":\"Idealna data na \u015blub? Podpowiadamy, kiedy warto zorganizowa\u0107 wesele\"}]},{\"@type\":\"WebSite\",\"@id\":\"https:\\\/\\\/www.koronakarkonoszy.pl\\\/blog\\\/#website\",\"url\":\"https:\\\/\\\/www.koronakarkonoszy.pl\\\/blog\\\/\",\"name\":\":: Blog weselny\",\"description\":\"Blog weselny Dw\u00f3r Korona Karkonoszy\",\"potentialAction\":[{\"@type\":\"SearchAction\",\"target\":{\"@type\":\"EntryPoint\",\"urlTemplate\":\"https:\\\/\\\/www.koronakarkonoszy.pl\\\/blog\\\/?s={search_term_string}\"},\"query-input\":{\"@type\":\"PropertyValueSpecification\",\"valueRequired\":true,\"valueName\":\"search_term_string\"}}],\"inLanguage\":\"en-GB\"},{\"@type\":\"Person\",\"@id\":\"https:\\\/\\\/www.koronakarkonoszy.pl\\\/blog\\\/#\\\/schema\\\/person\\\/ec8c88bd01ebe6cbf6a16435ce22276f\",\"name\":\"agnieszka\",\"image\":{\"@type\":\"ImageObject\",\"inLanguage\":\"en-GB\",\"@id\":\"https:\\\/\\\/www.koronakarkonoszy.pl\\\/blog\\\/wp-content\\\/litespeed\\\/avatar\\\/53ee7b676463f74d0aea1a09de3d003b.jpg?ver=1777438794\",\"url\":\"https:\\\/\\\/www.koronakarkonoszy.pl\\\/blog\\\/wp-content\\\/litespeed\\\/avatar\\\/53ee7b676463f74d0aea1a09de3d003b.jpg?ver=1777438794\",\"contentUrl\":\"https:\\\/\\\/www.koronakarkonoszy.pl\\\/blog\\\/wp-content\\\/litespeed\\\/avatar\\\/53ee7b676463f74d0aea1a09de3d003b.jpg?ver=1777438794\",\"caption\":\"agnieszka\"},\"url\":\"https:\\\/\\\/www.koronakarkonoszy.pl\\\/blog\\\/en\\\/author\\\/agnieszka\\\/\"}]}<\/script>\n<!-- \/ Yoast SEO plugin. -->","yoast_head_json":{"title":"The perfect date for a wedding? We advise you when it is worth organizing a wedding - :: Wedding blog","description":"In winter or in summer? When is it worth organizing a wedding ceremony and is there a reliable time of year, let alone a wedding date?","robots":{"index":"index","follow":"follow","max-snippet":"max-snippet:-1","max-image-preview":"max-image-preview:large","max-video-preview":"max-video-preview:-1"},"canonical":"https:\/\/www.koronakarkonoszy.pl\/blog\/en\/ideal-wedding-date-hints-at-when-to-hold-your-wedding\/","og_locale":"en_GB","og_type":"article","og_title":"Idealna data na \u015blub? Podpowiadamy, kiedy warto zorganizowa\u0107 wesele - :: Blog weselny","og_description":"Zim\u0105 czy jednak latem? Kiedy warto zorganizowa\u0107 ceremoni\u0119 \u015blubn\u0105 i czy istnieje niezawodna pora roku, a tym bardziej data na \u015blub?","og_url":"https:\/\/www.koronakarkonoszy.pl\/blog\/en\/ideal-wedding-date-hints-at-when-to-hold-your-wedding\/","og_site_name":":: Blog weselny","article_published_time":"2020-09-15T20:57:00+00:00","article_modified_time":"2023-02-09T18:46:27+00:00","og_image":[{"width":800,"height":534,"url":"https:\/\/www.koronakarkonoszy.pl\/blog\/wp-content\/uploads\/2021\/07\/idealna-data-na-slub.jpg","type":"image\/jpeg"}],"author":"agnieszka","twitter_card":"summary_large_image","twitter_misc":{"Written by":"agnieszka","Estimated reading time":"7 minutes"},"schema":{"@context":"https:\/\/schema.org","@graph":[{"@type":"Article","@id":"https:\/\/www.koronakarkonoszy.pl\/blog\/idealna-data-na-slub-podpowiadamy-kiedy-warto-zorganizowac-wesele\/#article","isPartOf":{"@id":"https:\/\/www.koronakarkonoszy.pl\/blog\/idealna-data-na-slub-podpowiadamy-kiedy-warto-zorganizowac-wesele\/"},"author":{"name":"agnieszka","@id":"https:\/\/www.koronakarkonoszy.pl\/blog\/#\/schema\/person\/ec8c88bd01ebe6cbf6a16435ce22276f"},"headline":"Idealna data na \u015blub? Podpowiadamy, kiedy warto zorganizowa\u0107 wesele","datePublished":"2020-09-15T20:57:00+00:00","dateModified":"2023-02-09T18:46:27+00:00","mainEntityOfPage":{"@id":"https:\/\/www.koronakarkonoszy.pl\/blog\/idealna-data-na-slub-podpowiadamy-kiedy-warto-zorganizowac-wesele\/"},"wordCount":1125,"image":{"@id":"https:\/\/www.koronakarkonoszy.pl\/blog\/idealna-data-na-slub-podpowiadamy-kiedy-warto-zorganizowac-wesele\/#primaryimage"},"thumbnailUrl":"https:\/\/www.koronakarkonoszy.pl\/blog\/wp-content\/uploads\/2021\/07\/idealna-data-na-slub.jpg","articleSection":["Kiedy wesele","Porady"],"inLanguage":"en-GB"},{"@type":"WebPage","@id":"https:\/\/www.koronakarkonoszy.pl\/blog\/idealna-data-na-slub-podpowiadamy-kiedy-warto-zorganizowac-wesele\/","url":"https:\/\/www.koronakarkonoszy.pl\/blog\/idealna-data-na-slub-podpowiadamy-kiedy-warto-zorganizowac-wesele\/","name":"The perfect date for a wedding? We advise you when it is worth organizing a wedding - :: Wedding blog","isPartOf":{"@id":"https:\/\/www.koronakarkonoszy.pl\/blog\/#website"},"primaryImageOfPage":{"@id":"https:\/\/www.koronakarkonoszy.pl\/blog\/idealna-data-na-slub-podpowiadamy-kiedy-warto-zorganizowac-wesele\/#primaryimage"},"image":{"@id":"https:\/\/www.koronakarkonoszy.pl\/blog\/idealna-data-na-slub-podpowiadamy-kiedy-warto-zorganizowac-wesele\/#primaryimage"},"thumbnailUrl":"https:\/\/www.koronakarkonoszy.pl\/blog\/wp-content\/uploads\/2021\/07\/idealna-data-na-slub.jpg","datePublished":"2020-09-15T20:57:00+00:00","dateModified":"2023-02-09T18:46:27+00:00","author":{"@id":"https:\/\/www.koronakarkonoszy.pl\/blog\/#\/schema\/person\/ec8c88bd01ebe6cbf6a16435ce22276f"},"description":"In winter or in summer? When is it worth organizing a wedding ceremony and is there a reliable time of year, let alone a wedding date?","breadcrumb":{"@id":"https:\/\/www.koronakarkonoszy.pl\/blog\/idealna-data-na-slub-podpowiadamy-kiedy-warto-zorganizowac-wesele\/#breadcrumb"},"inLanguage":"en-GB","potentialAction":[{"@type":"ReadAction","target":["https:\/\/www.koronakarkonoszy.pl\/blog\/idealna-data-na-slub-podpowiadamy-kiedy-warto-zorganizowac-wesele\/"]}]},{"@type":"ImageObject","inLanguage":"en-GB","@id":"https:\/\/www.koronakarkonoszy.pl\/blog\/idealna-data-na-slub-podpowiadamy-kiedy-warto-zorganizowac-wesele\/#primaryimage","url":"https:\/\/www.koronakarkonoszy.pl\/blog\/wp-content\/uploads\/2021\/07\/idealna-data-na-slub.jpg","contentUrl":"https:\/\/www.koronakarkonoszy.pl\/blog\/wp-content\/uploads\/2021\/07\/idealna-data-na-slub.jpg","width":800,"height":534,"caption":"idealna data na slub"},{"@type":"BreadcrumbList","@id":"https:\/\/www.koronakarkonoszy.pl\/blog\/idealna-data-na-slub-podpowiadamy-kiedy-warto-zorganizowac-wesele\/#breadcrumb","itemListElement":[{"@type":"ListItem","position":1,"name":"Strona g\u0142\u00f3wna","item":"https:\/\/www.koronakarkonoszy.pl\/blog\/"},{"@type":"ListItem","position":2,"name":"Idealna data na \u015blub? Podpowiadamy, kiedy warto zorganizowa\u0107 wesele"}]},{"@type":"WebSite","@id":"https:\/\/www.koronakarkonoszy.pl\/blog\/#website","url":"https:\/\/www.koronakarkonoszy.pl\/blog\/","name":":: Wedding blog","description":"Wedding blog Dw\u00f3r Korona Karkonosze","potentialAction":[{"@type":"SearchAction","target":{"@type":"EntryPoint","urlTemplate":"https:\/\/www.koronakarkonoszy.pl\/blog\/?s={search_term_string}"},"query-input":{"@type":"PropertyValueSpecification","valueRequired":true,"valueName":"search_term_string"}}],"inLanguage":"en-GB"},{"@type":"Person","@id":"https:\/\/www.koronakarkonoszy.pl\/blog\/#\/schema\/person\/ec8c88bd01ebe6cbf6a16435ce22276f","name":"Agnes","image":{"@type":"ImageObject","inLanguage":"en-GB","@id":"https:\/\/www.koronakarkonoszy.pl\/blog\/wp-content\/litespeed\/avatar\/53ee7b676463f74d0aea1a09de3d003b.jpg?ver=1777438794","url":"https:\/\/www.koronakarkonoszy.pl\/blog\/wp-content\/litespeed\/avatar\/53ee7b676463f74d0aea1a09de3d003b.jpg?ver=1777438794","contentUrl":"https:\/\/www.koronakarkonoszy.pl\/blog\/wp-content\/litespeed\/avatar\/53ee7b676463f74d0aea1a09de3d003b.jpg?ver=1777438794","caption":"agnieszka"},"url":"https:\/\/www.koronakarkonoszy.pl\/blog\/en\/author\/agnieszka\/"}]}},"_links":{"self":[{"href":"https:\/\/www.koronakarkonoszy.pl\/blog\/en\/wp-json\/wp\/v2\/posts\/763","targetHints":{"allow":["GET"]}}],"collection":[{"href":"https:\/\/www.koronakarkonoszy.pl\/blog\/en\/wp-json\/wp\/v2\/posts"}],"about":[{"href":"https:\/\/www.koronakarkonoszy.pl\/blog\/en\/wp-json\/wp\/v2\/types\/post"}],"author":[{"embeddable":true,"href":"https:\/\/www.koronakarkonoszy.pl\/blog\/en\/wp-json\/wp\/v2\/users\/11"}],"replies":[{"embeddable":true,"href":"https:\/\/www.koronakarkonoszy.pl\/blog\/en\/wp-json\/wp\/v2\/comments?post=763"}],"version-history":[{"count":0,"href":"https:\/\/www.koronakarkonoszy.pl\/blog\/en\/wp-json\/wp\/v2\/posts\/763\/revisions"}],"wp:featuredmedia":[{"embeddable":true,"href":"https:\/\/www.koronakarkonoszy.pl\/blog\/en\/wp-json\/wp\/v2\/media\/771"}],"wp:attachment":[{"href":"https:\/\/www.koronakarkonoszy.pl\/blog\/en\/wp-json\/wp\/v2\/media?parent=763"}],"wp:term":[{"taxonomy":"category","embeddable":true,"href":"https:\/\/www.koronakarkonoszy.pl\/blog\/en\/wp-json\/wp\/v2\/categories?post=763"}],"curies":[{"name":"wp","href":"https:\/\/api.w.org\/{rel}","templated":true}]}}