{"id":711,"date":"2024-05-26T12:17:00","date_gmt":"2024-05-26T10:17:00","guid":{"rendered":"https:\/\/www.koronakarkonoszy.pl\/blog\/?p=711"},"modified":"2025-01-07T15:57:17","modified_gmt":"2025-01-07T14:57:17","slug":"where-the-wedding","status":"publish","type":"post","link":"https:\/\/www.koronakarkonoszy.pl\/blog\/en\/gdzie-wesele\/","title":{"rendered":"Where is the wedding, or how to choose the perfect place?"},"content":{"rendered":"\n<p>\u201eWesele\u201d, jak sama nazwa wskazuje, to czas rado\u015bci i weselenia si\u0119. Go\u015bcie ciesz\u0105 si\u0119 ze szcz\u0119\u015bcia dwojga ludzi, kt\u00f3rzy w\u0142a\u015bnie zadeklarowali, \u017ce chc\u0105 prze\u017cy\u0107 razem ca\u0142e \u017cycie. <a href=\"https:\/\/www.koronakarkonoszy.pl\/blog\/wesele-pod-wroclawiem\/\" class=\"links-placer\">Gdzie wesele<\/a> zorganizowa\u0107? By te szczeg\u00f3lne chwile nie rozmin\u0119\u0142y si\u0119 z naszymi marzeniami, warto prze\u017cy\u0107 je tam, gdzie wszystko zosta\u0142o zaprojektowane z my\u015bl\u0105 o szcz\u0119\u015bciu M\u0142odej Pary.<\/p>\n\n\n\n<h3 class=\"wp-block-heading\" id=\"ha-czego-sie-dowiesz-z-artykulu\">Czego si\u0119 dowiesz z artyku\u0142u?<\/h3>\n\n\n\n<p>Planujesz wesele, ale nie wiesz, gdzie znale\u017a\u0107 idealne miejsce, kt\u00f3re zachwyci Twoich go\u015bci i zapewni niezapomniane wspomnienia? Karkonosze to odpowied\u017a na Twoje poszukiwania! W tym wpisie dowiesz si\u0119, dlaczego Dolina Pa\u0142ac\u00f3w i Ogrod\u00f3w jest polecana jako idealne miejsce na wesele, jakie s\u0105 najlepsze terminy na organizacj\u0119 tego wyj\u0105tkowego dnia, oraz jak znale\u017a\u0107 odpowiednie miejsce na wesele i nocleg dla go\u015bci. Czytaj dalej, aby odkry\u0107, gdzie najlepiej zorganizowa\u0107 swoje wesele w Polsce, i poznaj nasze propozycje w czym pojawi\u0107 si\u0119 na tym wyj\u0105tkowym wydarzeniu &#8211; podpowiedzi dotycz\u0105 zar\u00f3wno ubioru dla pa\u0144, jak i pan\u00f3w. A mo\u017ce marzy Ci si\u0119 \u015blub humanistyczny w plenerze? Mamy na to odpowied\u017a!<\/p>\n\n\n<div id=\"ariadna-block_be27c217ab438348f3c5f332043f46f6\" class=\"ariadna\">\r\n    <ul><li><a href=\"#ha-sala-na-wesele-karkonosze-sprawdza-sie-idealnie\">Sala na wesele? Karkonosze sprawdz\u0105 si\u0119 idealnie!<\/a><\/li><li><a href=\"#ha-czy-istnieje-idealne-miejsce-na-wesele\">Czy istnieje idealne miejsce na wesele?<\/a><\/li><li><a href=\"#h-kiedy-planowac-wesele\">Kiedy planowa\u0107 wesele?<\/a><\/li><li><a href=\"#ha-gdzie-wesele-2025\">Gdzie wesele 2025?<\/a><\/li><li><a href=\"#ha-jak-znalezc-miejsce-na-wesele-i-nocleg-dla-gosci\">Jak znale\u017a\u0107 miejsce na wesele i nocleg dla go\u015bci?<\/a><\/li><li><a href=\"#ha-dolina-palacow-i-ogrodow-poleca-sie-na-wesele\">Dolina Pa\u0142ac\u00f3w i Ogrod\u00f3w poleca si\u0119 na wesele!<\/a><\/li><li><a href=\"#ha-gdzie-wesele-w-polsce-uda-sie-najlepiej\">Gdzie wesele w Polsce uda si\u0119 najlepiej?<\/a><\/li><li><a href=\"#ha-w-czym-na-wesele-panie-maja-wybor\">W czym na wesele? Panie maj\u0105 wyb\u00f3r<\/a><\/li><li><a href=\"#ha-w-czym-na-wesele-panowie-oto-nasze-propozycje\">W czym na wesele? Panowie &#8211; oto nasze propozycje<\/a><\/li><li><a href=\"#h-slub-humanistyczny-najlepiej-w-plenerze\">\u015alub humanistyczny? Najlepiej w plenerze!<\/a><\/li><\/ul>\r\n<\/div>\r\n\r\n\r\n\r\n\n\n<section id=\"leonardo-block_2cf3a4cff9eff9c859b3351492e38634\" class=\"leonardo page-breaker leonardo-image-right\">\r\n    <div class=\"leonardo-body\">\r\n                <div class=\"leonardo-content\"><p>We wszystkich kulturach rado\u015b\u0107 wyra\u017ca si\u0119 przez taniec. Dlatego te\u017c wesele to przede wszystkim ca\u0142onocny bal, kt\u00f3ry powinien odbywa\u0107 si\u0119 w urokliwym, profesjonalnie do tego przygotowanym miejscu. Pi\u0119kna sala balowa sprawi, \u017ce wszyscy go\u015bcie na jedn\u0105 noc przenios\u0105 si\u0119 do bajkowej krainy. To pomo\u017ce im zapami\u0119ta\u0107 ten dzie\u0144 na d\u0142ugie lata.<\/p>\n<p>Chocia\u017c oferta <strong>obiekt\u00f3w weselnych<\/strong> jest bardzo szeroka, warto zwr\u00f3ci\u0107 uwag\u0119 na te, kt\u00f3re wyr\u00f3\u017cniaj\u0105 na tle konkurencji: szczeg\u00f3lny wystr\u00f3j, mo\u017cliwo\u015bci organizacyjne czy podej\u015bcie do klienta. Sala balowa zwie\u0144czona drewnianym sklepieniem zawieszonym 9 metr\u00f3w nad ziemi\u0105 musi budzi\u0107 podziw. Podobnie jak stylowa antresola czy urz\u0105dzone w <a href=\"https:\/\/www.koronakarkonoszy.pl\/blog\/styl-butikowy-najnowsze-trendy-w-hotelach\/\" target=\"_blank\" rel=\"noopener\">stylu butikowym<\/a> pokoje. Wszystkie te elementy odnajdziemy w Dworze Korona Karkonoszy w Sosn\u00f3wce ko\u0142o Karpacza. To idealna <a href=\"https:\/\/www.koronakarkonoszy.pl\/blog\/sala-na-wesele-co-warto-wiedziec\/\" target=\"_blank\" rel=\"noopener\">sala na wesele<\/a>!<\/p>\n<\/div>\r\n            <\/div>\r\n    <div class=\"leonardo-image\">\r\n        <img loading=\"lazy\" decoding=\"async\" width=\"1000\" height=\"667\" src=\"https:\/\/www.koronakarkonoszy.pl\/blog\/wp-content\/uploads\/2021\/07\/w_platkach_roz.jpg\" class=\"attachment-full size-full\" alt=\"w p\u0142atkach r\u00f3\u017c\" srcset=\"https:\/\/www.koronakarkonoszy.pl\/blog\/wp-content\/uploads\/2021\/07\/w_platkach_roz.jpg 1000w, https:\/\/www.koronakarkonoszy.pl\/blog\/wp-content\/uploads\/2021\/07\/w_platkach_roz-300x200.jpg 300w, https:\/\/www.koronakarkonoszy.pl\/blog\/wp-content\/uploads\/2021\/07\/w_platkach_roz-768x512.jpg 768w\" sizes=\"auto, (max-width: 1000px) 100vw, 1000px\" \/>            <\/div>\r\n<\/section>\n\n\n<h2 class=\"wp-block-heading\" id=\"ha-sala-na-wesele-karkonosze-sprawdza-sie-idealnie\">Sala na wesele? Karkonosze sprawdz\u0105 si\u0119 idealnie!<\/h2>\n\n\n\n<p>Gdzie wesele? Jak wybra\u0107 idealne miejsce? Zastanawiaj\u0105 si\u0119 nad tym ci, kt\u00f3rzy postanowili zawrze\u0107 zwi\u0105zek ma\u0142\u017ce\u0144ski. W Polsce jest wiele pi\u0119knych miejsc, ale to Karkonosze sprawdz\u0105 si\u0119 idealnie na \u015blub i wesele. To wyj\u0105tkowy region Polski, znany z tego, \u017ce jest jednym z najpi\u0119kniejszych pasm g\u00f3rskich w kraju. Te malownicze tereny warto odwiedzi\u0107 nie tylko w sezonie turystycznym, ale i jesieni\u0105, gdy kolory przebarwiaj\u0105cych si\u0119 las\u00f3w zaurocz\u0105 ka\u017cdego. A stolica regionu zachwyca swym urokiem z nut\u0105 retro. Dlatego na <a href=\"https:\/\/www.koronakarkonoszy.pl\/blog\/slub-jelenia-gora\/\" target=\"_blank\" rel=\"noreferrer noopener\">wesele Jelenia G\u00f3ra<\/a> to doskona\u0142a lokalizacja! <\/p>\n\n\n<section id=\"leonardo-block_33bf6134f3921818172f003740a7734f\" class=\"leonardo page-breaker leonardo-image-left\">\r\n    <div class=\"leonardo-body\">\r\n                <div class=\"leonardo-content\"><h3 id=\"ha-wszystkie-barwy-wesel\">Wszystkie barwy wesel&#8230;<\/h3>\n<p>\u015alub i wesele po\u0142\u0105czone z jesiennym urlopem w Karkonoszach to doskona\u0142y pomys\u0142. G\u00f3ry zachwycaj\u0105 o ka\u017cdej porze roku, ale w\u0142a\u015bnie jesieni\u0105, gdy barw jest tak wiele, s\u0105 najpi\u0119kniejsze. Niezwyk\u0142e i magiczne. Warto r\u00f3wnie\u017c wybra\u0107 si\u0119 w g\u00f3ry po sezonie ze wzgl\u0119du na pogod\u0119. <a href=\"https:\/\/www.koronakarkonoszy.pl\/blog\/zalety-i-wady-wesele-we-wrzesniu\/\">Wesele we wrze\u015bniu<\/a> lub <a href=\"https:\/\/www.koronakarkonoszy.pl\/blog\/wesele-w-pazdzierniku-najpiekniejszy-miesiac-w-gorach\/\">wesele w pa\u017adzierniku<\/a> w\u0142a\u015bnie w g\u00f3rach to doskona\u0142y pomys\u0142. Temperatury sprzyjaj\u0105 szalonej zabawie \u2013 nie jest za gor\u0105co ani zbyt zimno. A dekoracje mamy w\u0142a\u015bciwie za darmo, jako \u017ce g\u00f3ry o tej porze roku same szykuj\u0105 nam malownicze t\u0142o.<\/p>\n<\/div>\r\n            <\/div>\r\n    <div class=\"leonardo-image\">\r\n        <img loading=\"lazy\" decoding=\"async\" width=\"900\" height=\"600\" src=\"https:\/\/www.koronakarkonoszy.pl\/blog\/wp-content\/uploads\/2022\/08\/027.jpg\" class=\"attachment-full size-full\" alt=\"\" srcset=\"https:\/\/www.koronakarkonoszy.pl\/blog\/wp-content\/uploads\/2022\/08\/027.jpg 900w, https:\/\/www.koronakarkonoszy.pl\/blog\/wp-content\/uploads\/2022\/08\/027-300x200.jpg 300w, https:\/\/www.koronakarkonoszy.pl\/blog\/wp-content\/uploads\/2022\/08\/027-768x512.jpg 768w\" sizes=\"auto, (max-width: 900px) 100vw, 900px\" \/>            <\/div>\r\n<\/section>\n\n\n<h2 class=\"wp-block-heading\" id=\"ha-czy-istnieje-idealne-miejsce-na-wesele\">Czy istnieje idealne miejsce na wesele?<\/h2>\n\n\n\n<p><strong>Gdzie zrobi\u0107 wesele<\/strong> &#8211; to jedno z podstawowych i pierwszych pyta\u0144, jakie zadaj\u0105 sobie narzeczeni, gdy ju\u017c podejm\u0105 decyzj\u0119 o \u015blubie i weselu. Daleko czy blisko domu.? Czy w okolicy, gdzie mieszka rodzina Pana M\u0142odego, czy raczej bli\u017cej Panny M\u0142odej? A mo\u017ce zaskoczy\u0107 go\u015bci i zrobi\u0107 je w g\u00f3rach &#8211; <a href=\"https:\/\/www.koronakarkonoszy.pl\/wesela\/wesele-karpacz\/\" target=\"_blank\" rel=\"noreferrer noopener\">wesela w Karpaczu<\/a> i okolicach wypadaj\u0105 \u015bwietnie na zdj\u0119ciach! &#8211; albo nad morzem? To niby proste pytania, ale jest tak du\u017co mo\u017cliwych odpowiedzi&#8230; Podpowiemy Wam, jak wybra\u0107 <strong>miejsce na wesele<\/strong>.<\/p>\n\n\n\n<figure class=\"wp-block-image size-large\"><a href=\"https:\/\/www.koronakarkonoszy.pl\/wesele\/\" target=\"_blank\" rel=\"noreferrer noopener\"><img loading=\"lazy\" decoding=\"async\" width=\"1024\" height=\"512\" src=\"https:\/\/www.koronakarkonoszy.pl\/blog\/wp-content\/uploads\/2022\/09\/piekne_wesela_DKK-2-1024x512.jpg\" alt=\"\" class=\"wp-image-5952\" srcset=\"https:\/\/www.koronakarkonoszy.pl\/blog\/wp-content\/uploads\/2022\/09\/piekne_wesela_DKK-2-1024x512.jpg 1024w, https:\/\/www.koronakarkonoszy.pl\/blog\/wp-content\/uploads\/2022\/09\/piekne_wesela_DKK-2-300x150.jpg 300w, https:\/\/www.koronakarkonoszy.pl\/blog\/wp-content\/uploads\/2022\/09\/piekne_wesela_DKK-2-768x384.jpg 768w, https:\/\/www.koronakarkonoszy.pl\/blog\/wp-content\/uploads\/2022\/09\/piekne_wesela_DKK-2.jpg 1200w\" sizes=\"auto, (max-width: 1024px) 100vw, 1024px\" \/><\/a><\/figure>\n\n\n\n<p>Zacznijmy od tego, \u017ce to jest najwi\u0119ksze \u015bwi\u0119to dwojga ludzi, kt\u00f3rzy si\u0119 kochaj\u0105 i to oni powinni zdecydowa\u0107, <a href=\"https:\/\/www.koronakarkonoszy.pl\/blog\/gdzie-zorganizowac-wesele\/\">gdzie zorganizowa\u0107 wesele<\/a>. Czyli ju\u017c zaw\u0119\u017camy grono os\u00f3b, kt\u00f3re powinny podj\u0105\u0107 ostateczn\u0105 decyzj\u0119.<\/p>\n\n\n<section id=\"leonardo-block_f1ea37639af6df8e4f7db96fe757befb\" class=\"leonardo page-breaker leonardo-image-right\">\r\n    <div class=\"leonardo-body\">\r\n                <div class=\"leonardo-content\"><h3 id=\"ha-rozmiar-sali-ma-znaczenie\">Rozmiar sali ma znaczenie<\/h3>\n<p>Kolejnym elementem, kt\u00f3ry nale\u017cy wzi\u0105\u0107 pod uwag\u0119 jest to, jak du\u017ce wesele chcemy zrobi\u0107. Czyli odpowied\u017a na pytanie, ilu go\u015bci na weselu chcemy mie\u0107, powinna r\u00f3wnie\u017c pom\u00f3c przy wyborze miejsca na wesele. Innymi s\u0142owy &#8211; je\u015bli zdecydujemy si\u0119 na wi\u0119ksze wesele, to musimy znale\u017a\u0107 tak\u0105 sal\u0119 weseln\u0105, kt\u00f3ra pomie\u015bci wszystkich naszych go\u015bci. Co wi\u0119cej, musi by\u0107 tam na tyle du\u017co miejsca, \u017ceby wszyscy si\u0119 czuli swobodnie. Mieli gdzie pota\u0144czy\u0107, porozmawia\u0107, wyj\u015b\u0107 si\u0119 przewietrzy\u0107 czy cho\u0107by zaparkowa\u0107 samoch\u00f3d.<\/p>\n<\/div>\r\n            <\/div>\r\n    <div class=\"leonardo-image\">\r\n        <img loading=\"lazy\" decoding=\"async\" width=\"800\" height=\"534\" src=\"https:\/\/www.koronakarkonoszy.pl\/blog\/wp-content\/uploads\/2021\/07\/wesele_uklad_stolow.jpg\" class=\"attachment-full size-full\" alt=\"wesele go\u015bcie\" srcset=\"https:\/\/www.koronakarkonoszy.pl\/blog\/wp-content\/uploads\/2021\/07\/wesele_uklad_stolow.jpg 800w, https:\/\/www.koronakarkonoszy.pl\/blog\/wp-content\/uploads\/2021\/07\/wesele_uklad_stolow-300x200.jpg 300w, https:\/\/www.koronakarkonoszy.pl\/blog\/wp-content\/uploads\/2021\/07\/wesele_uklad_stolow-768x513.jpg 768w\" sizes=\"auto, (max-width: 800px) 100vw, 800px\" \/>            <\/div>\r\n<\/section>\n\n\n<p>Teraz pytanie &#8211; czy w okolicy jest odpowiedni obiekt na wesele? Ale \u017ceby nie by\u0142o zbyt \u0142atwo \u2013 nawet je\u015bli jest wystarczaj\u0105co du\u017cy lokal, to czy ta <a href=\"https:\/\/www.koronakarkonoszy.pl\/blog\/sala-weselna\/\" target=\"_blank\" rel=\"noreferrer noopener\">sala weselna<\/a> spe\u0142nia nasze oczekiwania? &nbsp;Pami\u0119tajmy, <strong>\u017ce \u015blub to wyj\u0105tkowa uroczysto\u015b\u0107 i nie da si\u0119 jej zrobi\u0107 \u201ena pr\u00f3b\u0119\u201d<\/strong>. Nie b\u0119dziemy mogli powtarza\u0107 naszego wesela tak d\u0142ugo i w tylu miejscach, a\u017c znajdziemy to najlepsze. Najpi\u0119kniejsze. Po prostu idealne! Dlatego od razu trzeba wybra\u0107 bezkompromisowo i zrealizowa\u0107 swoje marzenia i wyobra\u017cenia o \u015blubie i weselu.&nbsp;<\/p>\n\n\n<section id=\"leonardo-block_cda2863aebb249a45dbe05aa41b1c374\" class=\"leonardo page-breaker leonardo-image-left\">\r\n    <div class=\"leonardo-body\">\r\n        <h2 class=\"leonardo-title\" id=\"h-kiedy-planowac-wesele\">Kiedy planowa\u0107 wesele?<\/h2>        <div class=\"leonardo-content\"><p><!-- wp:heading --><\/p>\n<p>Zastan\u00f3wmy si\u0119, czy planowanie wesela z du\u017cym wyprzedzeniem, w czasach niepewno\u015bci, ma w og\u00f3le sens? Bior\u0105c pod uwag\u0119 zmienno\u015b\u0107 cen i inflacj\u0119, z pewno\u015bci\u0105 tak. Po prostu rezerwuj\u0105c sal\u0119 weseln\u0105, kupuj\u0105c obr\u0105czki czy sukni\u0119 \u015blubn\u0105 ju\u017c dzi\u015b, prawdopodobnie b\u0119dziemy p\u0142aci\u0107 kilkana\u015bcie procent mniej ni\u017c za rok lub dwa.<\/p>\n<p><!-- \/wp:paragraph --> <!-- wp:paragraph --><\/p>\n<p>Kolejnym argumentem za wcze\u015bniejszym planowaniem wesela jest dost\u0119pno\u015b\u0107 poszczeg\u00f3lnych us\u0142ug weselnych. Zaczynaj\u0105c od sali weselnej, poprzez zesp\u00f3\u0142 muzyczny, fotografa, stylistk\u0119 czy nawet terminy \u015blub\u00f3w mog\u0105 by\u0107 zaj\u0119te, je\u015bli zdecydujemy si\u0119 na wesele zbyt p\u00f3\u017ano. R\u00f3wnie\u017c go\u015bcie, bez kt\u00f3rych prawdziwe wesele oby\u0107 si\u0119 nie mo\u017ce, musz\u0105 mie\u0107 czas, by si\u0119 zorganizowa\u0107, za\u0142atwi\u0107 sobie wolne w pracy czy kupi\u0107 odpowiednie ubranie. Wydaje si\u0119 wi\u0119c, \u017ce wszystko przemawia za planowaniem wesela z du\u017cym wyprzedzeniem. A jednak <a href=\"https:\/\/www.koronakarkonoszy.pl\/blog\/wesele-last-minute-jak-szybko-zorganizowac-przyjecie-weselne\/\" target=\"_blank\" rel=\"noopener\">wesele last minute<\/a> te\u017c mo\u017ce by\u0107 doskona\u0142ym pomys\u0142em.<\/p>\n<p><!-- \/wp:paragraph --><\/p>\n<\/div>\r\n            <\/div>\r\n    <div class=\"leonardo-image\">\r\n        <img loading=\"lazy\" decoding=\"async\" width=\"2560\" height=\"1707\" src=\"https:\/\/www.koronakarkonoszy.pl\/blog\/wp-content\/uploads\/2022\/06\/Slub-scaled.jpg\" class=\"attachment-full size-full\" alt=\"\" srcset=\"https:\/\/www.koronakarkonoszy.pl\/blog\/wp-content\/uploads\/2022\/06\/Slub-scaled.jpg 2560w, https:\/\/www.koronakarkonoszy.pl\/blog\/wp-content\/uploads\/2022\/06\/Slub-300x200.jpg 300w, https:\/\/www.koronakarkonoszy.pl\/blog\/wp-content\/uploads\/2022\/06\/Slub-1024x683.jpg 1024w, https:\/\/www.koronakarkonoszy.pl\/blog\/wp-content\/uploads\/2022\/06\/Slub-768x512.jpg 768w, https:\/\/www.koronakarkonoszy.pl\/blog\/wp-content\/uploads\/2022\/06\/Slub-1920x1280.jpg 1920w, https:\/\/www.koronakarkonoszy.pl\/blog\/wp-content\/uploads\/2022\/06\/Slub-1536x1024.jpg 1536w, https:\/\/www.koronakarkonoszy.pl\/blog\/wp-content\/uploads\/2022\/06\/Slub-2048x1366.jpg 2048w\" sizes=\"auto, (max-width: 2560px) 100vw, 2560px\" \/>            <\/div>\r\n<\/section>\n\n\n<h3 class=\"wp-block-heading\" id=\"ha-wesele-last-minute\">Wesele last minute<\/h3>\n\n\n\n<p>Dla niecierpliwych argumentem mo\u017ce by\u0107 fakt, \u017ce nie trzeba d\u0142ugo czeka\u0107. Bo zastan\u00f3wmy si\u0119, kto tak naprawd\u0119 ma ch\u0119\u0107, by na najwspanialszy dzie\u0144 swego \u017cycia szykowa\u0107 si\u0119 przez dwa lata i tyle czeka\u0107 na sukni\u0119, tort, przyj\u0119cie i prezenty? Przecie\u017c to ca\u0142a wieczno\u015b\u0107!<\/p>\n\n\n\n<p>A dla spontanicznych szybkie wesele b\u0119dzie idealnym rozwi\u0105zaniem, bo mo\u017cna szybko podj\u0105\u0107 decyzje dotycz\u0105ce sali, stroj\u00f3w, menu i kwiat\u00f3w. Bo czy warto d\u0142ugo zastanawia\u0107 si\u0119 nad wyborem tych wszystkich element\u00f3w \u015blubu i wesela, skoro sam\u0105 decyzje o zawarciu zwi\u0105zku ma\u0142\u017ce\u0144skiego podj\u0119li\u015bmy w ci\u0105gu pi\u0119ciu minut? Dajmy sobie szans\u0119 na odrobin\u0119 szale\u0144stw i improwizacji &#8211; w ko\u0144cu nasze wesele to nie spektakl teatralny, w kt\u00f3rym ka\u017cdy element musi by\u0107 drobiazgowo zaplanowany i wyliczony co do minuty!<\/p>\n\n\n\n<figure class=\"wp-block-image size-large\"><img loading=\"lazy\" decoding=\"async\" width=\"1024\" height=\"683\" src=\"https:\/\/www.koronakarkonoszy.pl\/blog\/wp-content\/uploads\/2022\/09\/IMG_9400-1024x683.jpg\" alt=\"\" class=\"wp-image-5978\" srcset=\"https:\/\/www.koronakarkonoszy.pl\/blog\/wp-content\/uploads\/2022\/09\/IMG_9400-1024x683.jpg 1024w, https:\/\/www.koronakarkonoszy.pl\/blog\/wp-content\/uploads\/2022\/09\/IMG_9400-300x200.jpg 300w, https:\/\/www.koronakarkonoszy.pl\/blog\/wp-content\/uploads\/2022\/09\/IMG_9400-768x512.jpg 768w, https:\/\/www.koronakarkonoszy.pl\/blog\/wp-content\/uploads\/2022\/09\/IMG_9400-1920x1280.jpg 1920w, https:\/\/www.koronakarkonoszy.pl\/blog\/wp-content\/uploads\/2022\/09\/IMG_9400-1536x1024.jpg 1536w, https:\/\/www.koronakarkonoszy.pl\/blog\/wp-content\/uploads\/2022\/09\/IMG_9400-2048x1365.jpg 2048w\" sizes=\"auto, (max-width: 1024px) 100vw, 1024px\" \/><figcaption class=\"wp-element-caption\"><strong><a href=\"https:\/\/www.koronakarkonoszy.pl\/\" target=\"_blank\" rel=\"noreferrer noopener\">Dw\u00f3r Korona Karkonoszy <\/a>&#8211; <a href=\"https:\/\/www.koronakarkonoszy.pl\/blog\/miejsca-na-wesele-w-plenerze\/\" class=\"links-placer\">wesela plenerowe<\/a>  <\/strong><\/figcaption><\/figure>\n\n\n\n<h3 class=\"wp-block-heading\" id=\"ha-gdzie-wesele-2024\">Gdzie wesele 2024?<\/h3>\n\n\n\n<p>Kiedy przychodzi do planowania \u015blubu i wesela, nie brakuje wa\u017cnych decyzji do podj\u0119cia. Jedn\u0105 z najwa\u017cniejszych jest oczywi\u015bcie wyb\u00f3r idealnego <a href=\"https:\/\/www.koronakarkonoszy.pl\/blog\/miejsce-na-wesele\/\" target=\"_blank\" rel=\"noreferrer noopener\">miejsca na wesele<\/a>. Je\u015bli szukasz naprawd\u0119 wyj\u0105tkowego i niezapomnianego miejsca na sw\u00f3j wielki dzie\u0144, nie szukaj dalej ni\u017c na Dolnym \u015al\u0105sku. Wesele w\u015br\u00f3d g\u00f3r, dwor\u00f3w, park\u00f3w i pa\u0142ac\u00f3w w krainie wprost wymarzonej dla zakochanych musi si\u0119 uda\u0107! &nbsp;<\/p>\n\n\n\n<figure class=\"wp-block-image size-full\"><img loading=\"lazy\" decoding=\"async\" width=\"960\" height=\"640\" src=\"https:\/\/www.koronakarkonoszy.pl\/blog\/wp-content\/uploads\/2021\/07\/Dwor_Korona_Karkonoszy_toast_Mloda_Para.jpg\" alt=\"Dw\u00f3r Korona Karkonoszy toast M\u0142oda Para\" class=\"wp-image-712\" srcset=\"https:\/\/www.koronakarkonoszy.pl\/blog\/wp-content\/uploads\/2021\/07\/Dwor_Korona_Karkonoszy_toast_Mloda_Para.jpg 960w, https:\/\/www.koronakarkonoszy.pl\/blog\/wp-content\/uploads\/2021\/07\/Dwor_Korona_Karkonoszy_toast_Mloda_Para-300x200.jpg 300w, https:\/\/www.koronakarkonoszy.pl\/blog\/wp-content\/uploads\/2021\/07\/Dwor_Korona_Karkonoszy_toast_Mloda_Para-768x512.jpg 768w\" sizes=\"auto, (max-width: 960px) 100vw, 960px\" \/><figcaption class=\"wp-element-caption\"><strong>Para M\u0142oda <\/strong><\/figcaption><\/figure>\n\n\n\n<p>Dzi\u0119ki temu, \u017ce jest to istne zag\u0142\u0119bie us\u0142ug eventowych \u0142atwo znale\u017a\u0107 tu idealn\u0105 sal\u0119 weseln\u0105 i wszystkich podwykonawc\u00f3w us\u0142ug weselnych. Zatem mo\u017ce si\u0119 okaza\u0107, \u017ce odpowied\u017a na pytanie, <strong>gdzie wesele 2024<\/strong> roku uda si\u0119 najlepiej, mo\u017ce okaza\u0107 si\u0119 prostsza ni\u017c na przyk\u0142ad pytanie typu: jak\u0105 sukni\u0119 \u015blubn\u0105 wybra\u0107 albo kogo poprosi\u0107 na \u015bwiadka.<\/p>\n\n\n\n<p>Nie zwlekajmy zatem z decyzj\u0105, i zacznijmy ju\u017c szczeg\u00f3\u0142owo planowa\u0107 \u015blub i wesele. Trzeba wybra\u0107: \u015blub konkordatowy czy mo\u017ce cywilny. Albo czy \u015blub w ko\u015bciele czy mo\u017ce w plenerze z widokiem na g\u00f3ry? Wszystko jest mo\u017cliwe, ale najpierw musimy ws\u0142ucha\u0107 si\u0119 w swoje marzenia.<\/p>\n\n\n\n<figure class=\"wp-block-image size-full is-resized\"><img loading=\"lazy\" decoding=\"async\" width=\"800\" height=\"534\" src=\"https:\/\/www.koronakarkonoszy.pl\/blog\/wp-content\/uploads\/2021\/07\/slub_wroclaw.jpg\" alt=\"wesele steampunk dolny \u015bl\u0105sk\" class=\"wp-image-808\" style=\"width:800px;height:534px\" srcset=\"https:\/\/www.koronakarkonoszy.pl\/blog\/wp-content\/uploads\/2021\/07\/slub_wroclaw.jpg 800w, https:\/\/www.koronakarkonoszy.pl\/blog\/wp-content\/uploads\/2021\/07\/slub_wroclaw-300x200.jpg 300w, https:\/\/www.koronakarkonoszy.pl\/blog\/wp-content\/uploads\/2021\/07\/slub_wroclaw-768x513.jpg 768w\" sizes=\"auto, (max-width: 800px) 100vw, 800px\" \/><figcaption class=\"wp-element-caption\"><strong><a href=\"https:\/\/www.koronakarkonoszy.pl\/\" target=\"_blank\" rel=\"noreferrer noopener\">Dw\u00f3r Korona Karkonoszy <\/a>&#8211; wesela plenerowe  <\/strong><\/figcaption><\/figure>\n\n\n\n<h2 class=\"wp-block-heading\" id=\"ha-gdzie-wesele-2025\">Gdzie wesele 2025?<\/h2>\n\n\n\n<p>Rok 2025zapowiada si\u0119 naprawd\u0119 dobrze. Zw\u0142aszcza dla zakochanych powinien to by\u0107 szcz\u0119\u015bliwy czas. Dla tych, kt\u00f3rzy zdecyduj\u0105 si\u0119 w\u0142a\u015bnie wtedy wzi\u0105\u0107 \u015blub i zrobi\u0107 wesele podpowiadamy, <strong>gdzie wesele 2025 b\u0119dzie najlepsze<\/strong>. Czy pora roku, w kt\u00f3rej zdecydujemy si\u0119 na \u015blub, mo\u017ce wp\u0142yn\u0105\u0107 na wyb\u00f3r miejsca na wesele? I tak, i nie\u2026 Je\u015bli zdecydujemy si\u0119 zrobi\u0107 wesele w miejscu, kt\u00f3re jest atrakcyjne tylko latem, na przyk\u0142ad nad morzem, to faktycznie wa\u017cne. Wtedy pora roku i miejsce determinuj\u0105 okres, w jakim powinni\u015bmy si\u0119 zmie\u015bci\u0107 z nasz\u0105 uroczysto\u015bci\u0105.<\/p>\n\n\n<section id=\"leonardo-block_812cfb49c01b91b765f5a9ade42ed4fb\" class=\"leonardo page-breaker leonardo-image-left\">\r\n    <div class=\"leonardo-body\">\r\n                <div class=\"leonardo-content\"><h3 id=\"ha-przyjecie-weselne-w-gorach\">Przyj\u0119cie weselne w g\u00f3rach<\/h3>\n<p>Wesele w g\u00f3rach sprawdzi si\u0119 przez ca\u0142y rok! Niewa\u017cne, jak\u0105 por\u0119 roku wybierzemy, tam zawsze b\u0119dzie pi\u0119knie. Latem dobra widoczno\u015b\u0107, s\u0142o\u0144ce i ogromne przestrzenie z pewno\u015bci\u0105 pozwol\u0105 cieszy\u0107 si\u0119 wyj\u0105tkow\u0105 chwil\u0105 i b\u0119d\u0105 napawa\u0107 optymizmem. Jesieni\u0105 przebarwiaj\u0105ce si\u0119 li\u015bcie i niesamowite g\u00f3rskie zapachy stanowi\u0107 b\u0119d\u0105 wspania\u0142\u0105 opraw\u0119 naszej wyj\u0105tkowej uroczysto\u015bci. Zima z iskrz\u0105cymi si\u0119 w s\u0142o\u0144cu p\u0142atkami \u015bniegu i bajkowymi sopelkami lodu nigdzie tak nie smakuje jak w g\u00f3rach. A wiosna, kiedy wszystko budzi si\u0119 do \u017cycia, pozwala \u015bmia\u0142o spojrze\u0107 we wsp\u00f3ln\u0105 ju\u017c przysz\u0142o\u015b\u0107\u2026 Zatem chyba wiemy ju\u017c, gdzie wesele w 2024 roku warto zorganizowa\u0107.<\/p>\n<\/div>\r\n            <\/div>\r\n    <div class=\"leonardo-image\">\r\n        <img loading=\"lazy\" decoding=\"async\" width=\"2560\" height=\"1707\" src=\"https:\/\/www.koronakarkonoszy.pl\/blog\/wp-content\/uploads\/2021\/05\/PN3B7209-scaled.jpg\" class=\"attachment-full size-full\" alt=\"\" srcset=\"https:\/\/www.koronakarkonoszy.pl\/blog\/wp-content\/uploads\/2021\/05\/PN3B7209-scaled.jpg 2560w, https:\/\/www.koronakarkonoszy.pl\/blog\/wp-content\/uploads\/2021\/05\/PN3B7209-300x200.jpg 300w, https:\/\/www.koronakarkonoszy.pl\/blog\/wp-content\/uploads\/2021\/05\/PN3B7209-1024x683.jpg 1024w, https:\/\/www.koronakarkonoszy.pl\/blog\/wp-content\/uploads\/2021\/05\/PN3B7209-768x512.jpg 768w, https:\/\/www.koronakarkonoszy.pl\/blog\/wp-content\/uploads\/2021\/05\/PN3B7209-1920x1280.jpg 1920w, https:\/\/www.koronakarkonoszy.pl\/blog\/wp-content\/uploads\/2021\/05\/PN3B7209-1536x1024.jpg 1536w, https:\/\/www.koronakarkonoszy.pl\/blog\/wp-content\/uploads\/2021\/05\/PN3B7209-2048x1365.jpg 2048w\" sizes=\"auto, (max-width: 2560px) 100vw, 2560px\" \/>            <\/div>\r\n<\/section>\n\n\n<h3 class=\"wp-block-heading\" id=\"ha-gdzie-wesele-slask\">Gdzie wesele \u015al\u0105sk?<\/h3>\n\n\n\n<p>\u015al\u0105sk to miejsce, gdzie od zawsze dochodzi\u0142o do spotkania i mieszania si\u0119 r\u00f3\u017cnych kultur. To te\u017c miejsce, gdzie spotyka\u0142y si\u0119 najstarsze szlaki handlowe. Ten niezwykle bogaty geograficznie region rozci\u0105ga si\u0119 od Sudet\u00f3w i granicy z Czechami na po\u0142udniu po Dolin\u0119 Baryczy i granice Wielkopolski na p\u00f3\u0142nocy. Zachodnie rubie\u017ce to ju\u017c Niemcy, a wsch\u00f3d styka si\u0119 z Ma\u0142opolsk\u0105. Nic zatem dziwnego, \u017ce jest to miejsce, gdzie spotka\u0107 mo\u017cna bardzo r\u00f3\u017cne wp\u0142ywy. Dlatego zadaj\u0105c pytanie: <strong><a href=\"http:\/\/koronakarkonoszy.pl\/blog\/wesele-pod-wroclawiem\/\" target=\"_blank\" rel=\"noreferrer noopener\">gdzie wesele \u015al\u0105sk<\/a><\/strong> wydaje si\u0119 bardzo atrakcyjny. Tu ka\u017cdy znajdzie co\u015b dla siebie i nawet najdziwniejsza nowinka nikogo tu nie zaskoczy. Wszak to tygiel kulturowy i obyczajowy, w kt\u00f3rym mo\u017cemy si\u0119 swobodnie odnale\u017a\u0107 i w nieskr\u0119powany spos\u00f3b da\u0107 wyraz swym pragnieniom.<\/p>\n\n\n<section id=\"leonardo-block_7271a94047b5f4248aea7368dc9f9437\" class=\"leonardo page-breaker leonardo-image-right\">\r\n    <div class=\"leonardo-body\">\r\n                <div class=\"leonardo-content\"><h3 id=\"ha-gdzie-wesele-dolny-slask\">Gdzie wesele Dolny \u015al\u0105sk?<\/h3>\n<p>To wspania\u0142e miejsce pe\u0142ne historii, charakteru i naturalnego pi\u0119kna, co czyni je idealnym miejscem na z\u0142o\u017cenie przysi\u0119gi ma\u0142\u017ce\u0144skiej i wymian\u0119 obr\u0105czek.<\/p>\n<p>Niezale\u017cnie od tego, czy szukasz bajkowego zamku, urokliwego <a href=\"https:\/\/www.koronakarkonoszy.pl\/blog\/dworek-na-wesele\/\" target=\"_blank\" rel=\"noopener\">dworku na wesele<\/a> czy nowoczesnej przestrzeni loftowej, znajdziesz je tutaj. A dzi\u0119ki dogodnej lokalizacji, dojazd na Dolny \u015al\u0105sk nie b\u0119dzie stanowi\u0142 problemu nawet dla go\u015bci z innych cz\u0119\u015bci kraju czy z zagranicy. <a href=\"https:\/\/www.koronakarkonoszy.pl\/blog\/wesele-dolny-slask\/\" target=\"_blank\" rel=\"noopener\">Sala weselna Dolny \u015al\u0105sk<\/a> na pewno zadowoli ka\u017cd\u0105 Par\u0119 M\u0142od\u0105!<\/p>\n<\/div>\r\n            <\/div>\r\n    <div class=\"leonardo-image\">\r\n        <img loading=\"lazy\" decoding=\"async\" width=\"2048\" height=\"1367\" src=\"https:\/\/www.koronakarkonoszy.pl\/blog\/wp-content\/uploads\/2022\/08\/lukaszsulka_plener_kolorowe_jeziorka_ewa_kuba_47.jpg\" class=\"attachment-full size-full\" alt=\"\" srcset=\"https:\/\/www.koronakarkonoszy.pl\/blog\/wp-content\/uploads\/2022\/08\/lukaszsulka_plener_kolorowe_jeziorka_ewa_kuba_47.jpg 2048w, https:\/\/www.koronakarkonoszy.pl\/blog\/wp-content\/uploads\/2022\/08\/lukaszsulka_plener_kolorowe_jeziorka_ewa_kuba_47-300x200.jpg 300w, https:\/\/www.koronakarkonoszy.pl\/blog\/wp-content\/uploads\/2022\/08\/lukaszsulka_plener_kolorowe_jeziorka_ewa_kuba_47-1024x684.jpg 1024w, https:\/\/www.koronakarkonoszy.pl\/blog\/wp-content\/uploads\/2022\/08\/lukaszsulka_plener_kolorowe_jeziorka_ewa_kuba_47-768x513.jpg 768w, https:\/\/www.koronakarkonoszy.pl\/blog\/wp-content\/uploads\/2022\/08\/lukaszsulka_plener_kolorowe_jeziorka_ewa_kuba_47-1920x1282.jpg 1920w, https:\/\/www.koronakarkonoszy.pl\/blog\/wp-content\/uploads\/2022\/08\/lukaszsulka_plener_kolorowe_jeziorka_ewa_kuba_47-1536x1025.jpg 1536w\" sizes=\"auto, (max-width: 2048px) 100vw, 2048px\" \/>            <\/div>\r\n<\/section>\n\n\n<p>Hej wesele\u2026 A\u017c serce ro\u015bnie, a nogi same rw\u0105 si\u0119 do ta\u0144ca na my\u015bl o tak wspania\u0142ej imprezie. Wesele to przede wszystkim taniec i dobra zabawa. Ale \u017ceby te wszystkie marzenia mog\u0142y si\u0119 zi\u015bci\u0107, potrzebne s\u0105 odpowiednie warunki. Czyli musimy znale\u017a\u0107 pi\u0119kn\u0105 sal\u0119 weseln\u0105 z parkietem do ta\u0144ca. To bardzo wa\u017cne w przypadku wesela, gdzie urz\u0105dzi\u0107 przyj\u0119cie? Samo <strong>miejsce na wesele<\/strong> b\u0119dzie ju\u017c budowa\u0107 jego klimat. To od tego zale\u017cy, czy ju\u017c na wst\u0119pie b\u0119dziemy czu\u0107, \u017ce uczestniczymy w czym\u015b wa\u017cnym, w czym\u015b wyj\u0105tkowym. Bo przecie\u017c mimo \u017ce na \u015bwiecie codziennie odbywa si\u0119 mn\u00f3stwo wesel, to ka\u017cda Para M\u0142oda uwa\u017ca \u2013 i ma racj\u0119! \u2013 \u017ce jej impreza jest jedyna, wyj\u0105tkowa. &nbsp;&nbsp;<\/p>\n\n\n\n<figure class=\"wp-block-image size-large\"><a href=\"https:\/\/www.koronakarkonoszy.pl\/wesele\/\" target=\"_blank\" rel=\"noreferrer noopener\"><img loading=\"lazy\" decoding=\"async\" width=\"1024\" height=\"512\" src=\"https:\/\/www.koronakarkonoszy.pl\/blog\/wp-content\/uploads\/2022\/06\/piekne_wesela_DKK-2-1024x512.jpg\" alt=\"\" class=\"wp-image-4072\" srcset=\"https:\/\/www.koronakarkonoszy.pl\/blog\/wp-content\/uploads\/2022\/06\/piekne_wesela_DKK-2-1024x512.jpg 1024w, https:\/\/www.koronakarkonoszy.pl\/blog\/wp-content\/uploads\/2022\/06\/piekne_wesela_DKK-2-300x150.jpg 300w, https:\/\/www.koronakarkonoszy.pl\/blog\/wp-content\/uploads\/2022\/06\/piekne_wesela_DKK-2-768x384.jpg 768w, https:\/\/www.koronakarkonoszy.pl\/blog\/wp-content\/uploads\/2022\/06\/piekne_wesela_DKK-2.jpg 1200w\" sizes=\"auto, (max-width: 1024px) 100vw, 1024px\" \/><\/a><\/figure>\n\n\n\n<h3 class=\"wp-block-heading\" id=\"ha-wesele-w-sosnowce-k-karpacza\">Wesele w Sosn\u00f3wce k. Karpacza<\/h3>\n\n\n\n<p>Sosn\u00f3wka to malownicza wczasowa wie\u015b o bogatej historii. Domki tkaczy, kolonia willi letniskowych, domy tyrolskie, zielarze i&nbsp; wielka mi\u0142o\u015b\u0107 filmowca zaprzyja\u017anionego ze Spielbergiem, Iana Hickinbothama. Takie w\u0142a\u015bnie \u015blady przesz\u0142o\u015bci spotkamy w tym urokliwym miejscu. A do tego jeszcze \u0179r\u00f3de\u0142ko Mi\u0142o\u015bci i Szcz\u0119\u015bcia przy Kaplicy \u015bw. Anny, kt\u00f3re dzi\u0119ki bardzo prostemu trikowi zagwarantuje nam szcz\u0119\u015bcie w mi\u0142o\u015bci. Czy trzeba szuka\u0107 kolejnych argument\u00f3w przemawiaj\u0105cych za tym, \u017ce <strong>wesele w Sosn\u00f3wce<\/strong> to doskona\u0142y pomys\u0142?<\/p>\n\n\n\n<figure class=\"wp-block-image size-large is-resized\"><img loading=\"lazy\" decoding=\"async\" width=\"1024\" height=\"394\" src=\"https:\/\/www.koronakarkonoszy.pl\/blog\/wp-content\/uploads\/2020\/09\/Wesele-Dolny-Slask5-1-1024x394.jpg\" alt=\"\" class=\"wp-image-2191\" style=\"width:843px;height:324px\" srcset=\"https:\/\/www.koronakarkonoszy.pl\/blog\/wp-content\/uploads\/2020\/09\/Wesele-Dolny-Slask5-1-1024x394.jpg 1024w, https:\/\/www.koronakarkonoszy.pl\/blog\/wp-content\/uploads\/2020\/09\/Wesele-Dolny-Slask5-1-300x115.jpg 300w, https:\/\/www.koronakarkonoszy.pl\/blog\/wp-content\/uploads\/2020\/09\/Wesele-Dolny-Slask5-1-768x295.jpg 768w, https:\/\/www.koronakarkonoszy.pl\/blog\/wp-content\/uploads\/2020\/09\/Wesele-Dolny-Slask5-1-1536x590.jpg 1536w, https:\/\/www.koronakarkonoszy.pl\/blog\/wp-content\/uploads\/2020\/09\/Wesele-Dolny-Slask5-1.jpg 1920w\" sizes=\"auto, (max-width: 1024px) 100vw, 1024px\" \/><figcaption class=\"wp-element-caption\"><strong>Sosn\u00f3wka k. Karpacza <\/strong><\/figcaption><\/figure>\n\n\n\n<p>Atrakcyjne po\u0142o\u017cenie Sosn\u00f3wki sprawia, \u017ce od dawna powstaje tu du\u017co pensjonat\u00f3w i hoteli. Wiele z nich ma ju\u017c ponad stuletni\u0105 tradycj\u0119. Zmodernizowane, idealnie nadaj\u0105 si\u0119 na <a href=\"https:\/\/www.koronakarkonoszy.pl\/blog\/jak-zorganizowac-przyjecie-weselne-na-30-osob\/\" class=\"links-placer\">przyj\u0119cie weselne<\/a>. <a href=\"https:\/\/www.koronakarkonoszy.pl\/blog\/kieliszki-w-gore-czyli-moda-na-wesele-w-karkonoszach\/\" target=\"_blank\" rel=\"noreferrer noopener\">Wesele w Karkonoszach<\/a> to \u015bwietny pomys\u0142, zw\u0142aszcza <a href=\"https:\/\/www.koronakarkonoszy.pl\/blog\/wesele-w-listopadzie-czy-warto\/\" target=\"_blank\" rel=\"noreferrer noopener\">wesele w listopadzie<\/a>, kiedy ceny s\u0105 ni\u017csze, a obiekty weselne nie s\u0105 tak obl\u0119\u017cone.<\/p>\n\n\n\n<figure class=\"wp-block-image size-large\"><img loading=\"lazy\" decoding=\"async\" width=\"1024\" height=\"683\" src=\"https:\/\/www.koronakarkonoszy.pl\/blog\/wp-content\/uploads\/2022\/08\/3LP_DKK_panifotograf.kr_83-1024x683.jpg\" alt=\"\" class=\"wp-image-5327\" srcset=\"https:\/\/www.koronakarkonoszy.pl\/blog\/wp-content\/uploads\/2022\/08\/3LP_DKK_panifotograf.kr_83-1024x683.jpg 1024w, https:\/\/www.koronakarkonoszy.pl\/blog\/wp-content\/uploads\/2022\/08\/3LP_DKK_panifotograf.kr_83-300x200.jpg 300w, https:\/\/www.koronakarkonoszy.pl\/blog\/wp-content\/uploads\/2022\/08\/3LP_DKK_panifotograf.kr_83-768x512.jpg 768w, https:\/\/www.koronakarkonoszy.pl\/blog\/wp-content\/uploads\/2022\/08\/3LP_DKK_panifotograf.kr_83-1920x1280.jpg 1920w, https:\/\/www.koronakarkonoszy.pl\/blog\/wp-content\/uploads\/2022\/08\/3LP_DKK_panifotograf.kr_83-1536x1024.jpg 1536w, https:\/\/www.koronakarkonoszy.pl\/blog\/wp-content\/uploads\/2022\/08\/3LP_DKK_panifotograf.kr_83.jpg 2048w\" sizes=\"auto, (max-width: 1024px) 100vw, 1024px\" \/><figcaption class=\"wp-element-caption\"><strong><a href=\"https:\/\/www.koronakarkonoszy.pl\/\" target=\"_blank\" rel=\"noreferrer noopener\">Dw\u00f3r Korona Karkonoszy<\/a><\/strong>, <strong>Sosn\u00f3wka k. Karpacza<\/strong><\/figcaption><\/figure>\n\n\n\n<h2 class=\"wp-block-heading\" id=\"ha-jak-znalezc-miejsce-na-wesele-i-nocleg-dla-gosci\">Jak znale\u017a\u0107 miejsce na wesele i nocleg dla go\u015bci?<\/h2>\n\n\n\n<p>M\u0142ode Pary zastanawiaj\u0105c si\u0119, gdzie <a href=\"https:\/\/www.koronakarkonoszy.pl\/blog\/wesele-okolice-wroclawia\/\" target=\"_blank\" rel=\"noreferrer noopener\">wesele Wroc\u0142aw<\/a> b\u0119dzie dla nich najwygodniejsze, maj\u0105 do wyboru wiele hoteli, dom\u00f3w weselnych a tak\u017ce dwork\u00f3w. Przygotowane s\u0105 one cz\u0119sto nie tylko na samo wesele, ale tak\u017ce nocleg dla go\u015bci. \u201eW pensjonacie butikowym ka\u017cdy pok\u00f3j ma inny wystr\u00f3j, inny styl i w ka\u017cdym panuje inna atmosfera. Mo\u017cna nawet powiedzie\u0107, \u017ce ka\u017cdy opowiada inn\u0105, pasjonuj\u0105c\u0105 histori\u0119. Gdy Pary M\u0142ode zwiedzaj\u0105 nasz obiekt, nie kryj\u0105 zachwytu nad pomys\u0142owo\u015bci\u0105 w urz\u0105dzeniu wn\u0119trz. Ka\u017cdy z 35 pokoi, salonik\u00f3w czy apartament\u00f3w Dworu Korona Karkonoszy zosta\u0142 urz\u0105dzony w innym, oryginalnym stylu. <\/p>\n\n\n<section id=\"leonardo-block_7521e2b2d0e0b6093d94c2da1d0b8ea9\" class=\"leonardo page-breaker leonardo-image-left\">\r\n    <div class=\"leonardo-body\">\r\n                <div class=\"leonardo-content\"><h3 id=\"ha-dwor-korona-karkonoszy-stylowy-hotel-na-wesele\">Dw\u00f3r Korona Karkonoszy &#8211; stylowy hotel na wesele<\/h3>\n<p>Dwory i <a href=\"https:\/\/www.koronakarkonoszy.pl\/blog\/dworki-weselne-czy-klasyczne-obiekty-tu-najczesciej-organizuje-sie-wesela\/\" target=\"_blank\" rel=\"noreferrer noopener\">dworki weselne<\/a> to idealne miejsca na wesele. Zwykle oferuj\u0105 wn\u0119trza nie tak surowe jak zamki, ale te\u017c nie przesadnie wystylizowane czy ociekaj\u0105ce czasem kiczowatym przepychem, jak pa\u0142ace. Spokojna elegancja, jak\u0105 najcz\u0119\u015bciej widzimy w dworach i dworkach, to idealne t\u0142o \u015blubnych przyj\u0119\u0107 i wesel. Dw\u00f3r Korona Karkonoszy jest tego najlepszym przyk\u0142adem.<\/p>\n<p>\u201ePary M\u0142ode mog\u0105 zatem wybiera\u0107 mi\u0119dzy Pokojem Kolonialnym, Apartamentem Srebrnym, Kr\u00f3lowej \u015aniegu czy Rajskim Ogrodem. Za ka\u017cdym razem na twarzach przysz\u0142ych ma\u0142\u017conk\u00f3w maluj\u0105 si\u0119 te same emocje: kogo ulokujemy w Pokoju Botanicznym? Czy cioci Basi bardziej spodoba si\u0119 Pok\u00f3j Pomara\u0144czowy czy raczej Salonik Muzyczny?\u201d \u2013 wylicza Joanna Hoc-Kopiej, ekspertka bran\u017cy weddingowej.<\/p>\n<p><!-- wp:heading --><\/p>\n<h2 class=\"wp-block-heading\" id=\"ha-\"><\/h2>\n<p><!-- \/wp:heading --> <!-- wp:paragraph --><\/p>\n<p>&nbsp;<\/p>\n<p><!-- \/wp:paragraph --><\/p>\n<\/div>\r\n                    <aside class=\"leonardo-interlink\">\r\n                <b>Polecamy<\/b>\r\n                <a href=\"https:\/\/www.koronakarkonoszy.pl\/blog\/en\/organizacja-wesel\/\">Organizacja wesel od A do Z<\/a>\r\n            <\/aside>\r\n            <\/div>\r\n    <div class=\"leonardo-image\">\r\n        <img loading=\"lazy\" decoding=\"async\" width=\"1000\" height=\"857\" src=\"https:\/\/www.koronakarkonoszy.pl\/blog\/wp-content\/uploads\/2021\/07\/Stylowe_apartamenty_pokoje_saloniki.jpg\" class=\"attachment-full size-full\" alt=\"stylowe apartamenty pokoje saloniki\" srcset=\"https:\/\/www.koronakarkonoszy.pl\/blog\/wp-content\/uploads\/2021\/07\/Stylowe_apartamenty_pokoje_saloniki.jpg 1000w, https:\/\/www.koronakarkonoszy.pl\/blog\/wp-content\/uploads\/2021\/07\/Stylowe_apartamenty_pokoje_saloniki-300x257.jpg 300w, https:\/\/www.koronakarkonoszy.pl\/blog\/wp-content\/uploads\/2021\/07\/Stylowe_apartamenty_pokoje_saloniki-768x658.jpg 768w\" sizes=\"auto, (max-width: 1000px) 100vw, 1000px\" \/>            <\/div>\r\n<\/section>\n\n\n<p>Najcz\u0119\u015bciej obiekty te s\u0105 pieczo\u0142owicie odrestaurowane i oferuj\u0105 wszystkie wsp\u00f3\u0142czesne udogodnienia. A z drugiej strony znajdziemy w nich atmosfer\u0119 ponadczasowo\u015bci. Mo\u017cemy odnie\u015b\u0107 wra\u017cenie, \u017ce obserwujemy czas zatrzymany w kadrze i oczyma wyobra\u017ani widzimy powozy, z kt\u00f3rych wysiadaj\u0105 damy w eleganckich sukniach balowych i d\u017centelmeni we frakach. Kamerdyner odbiera od nich wierzchnie okrycia, gospodarze witaj\u0105 w drzwiach i bal mo\u017cna ju\u017c zacz\u0105\u0107\u2026<\/p>\n\n\n\n<figure class=\"wp-block-image size-full\"><img loading=\"lazy\" decoding=\"async\" width=\"800\" height=\"534\" src=\"https:\/\/www.koronakarkonoszy.pl\/blog\/wp-content\/uploads\/2021\/07\/Sala_Balowa_sloneczniki.jpg\" alt=\"sala balowa s\u0142oneczniki\" class=\"wp-image-598\" srcset=\"https:\/\/www.koronakarkonoszy.pl\/blog\/wp-content\/uploads\/2021\/07\/Sala_Balowa_sloneczniki.jpg 800w, https:\/\/www.koronakarkonoszy.pl\/blog\/wp-content\/uploads\/2021\/07\/Sala_Balowa_sloneczniki-300x200.jpg 300w, https:\/\/www.koronakarkonoszy.pl\/blog\/wp-content\/uploads\/2021\/07\/Sala_Balowa_sloneczniki-768x513.jpg 768w\" sizes=\"auto, (max-width: 800px) 100vw, 800px\" \/><figcaption class=\"wp-element-caption\"><strong><a href=\"https:\/\/www.koronakarkonoszy.pl\/sala-balowa\/\" target=\"_blank\" rel=\"noreferrer noopener\">Dworska Sala Balowa<\/a>, Dw\u00f3r Korona Karkonoszy<\/strong><\/figcaption><\/figure>\n\n\n\n<p>Je\u015bli marzycie o takim weselu i chcecie zarezerwowa\u0107 eleganck\u0105 <strong>sal\u0119 balow\u0105<\/strong> w dworku, ozdobion\u0105 delikatnymi drewnianymi ornamentami, pomy\u015blcie o Dworze Korona Karkonoszy. Wn\u0119trze pomalowane na karminowo przykuwa uwag\u0119 bia\u0142ym, drewnianym sklepieniem i du\u017cymi, \u0142ukowymi oknami, przez kt\u00f3re mo\u017cna podziwia\u0107 ogr\u00f3d r\u00f3\u017cany. <a href=\"https:\/\/www.koronakarkonoszy.pl\/blog\/dworek-na-wesele\/\">Dworek na wesele<\/a> to zawsze \u015bwietna opcja!<\/p>\n\n\n<section id=\"leonardo-block_0a5924134c242c36259c371775cafdae\" class=\"leonardo page-breaker leonardo-image-left\">\r\n    <div class=\"leonardo-body\">\r\n                <div class=\"leonardo-content\"><p><!-- wp:heading --><\/p>\n<h3 id=\"ha-czy-da-sie-urzadzic-wesele-w-palacu\">Czy da si\u0119 urz\u0105dzi\u0107 wesele w pa\u0142acu?<\/h3>\n<p>Kt\u00f3ra z nas w dzieci\u0144stwie nie marzy\u0142a o \u015blubie jak z bajki? Ogl\u0105dane filmy i ksi\u0105\u017cki, kt\u00f3re nam czytano budowa\u0142y w naszych umys\u0142ach \u2013 i sercach! \u2013 wizj\u0119 wesela jak z bajki. Czekanie na ksi\u0119cia na bia\u0142ym koniu, przejazd karoc\u0105, mo\u017ce nawet z\u0142ot\u0105? do wymarzonego miejsca na \u015blub i wesele, czyli pa\u0142acu! Bogata suknia z mn\u00f3stwem falbanek i bia\u0142y welon z diademem. Orszak \u015blubny na czerwonym kobiercu i herold obwieszczaj\u0105cy ca\u0142emu \u015bwiatu nasze zam\u0105\u017cp\u00f3j\u015bcie!<\/p>\n<p><!-- \/wp:paragraph --> <!-- wp:paragraph --><\/p>\n<p>Oczywi\u015bcie w doros\u0142ym \u017cyciu zwykle taki \u201ebajeczny\u201d \u015blub ju\u017c nas raczej nie poci\u0105ga. Za du\u017co blichtru, za ma\u0142o klasy. Ale mo\u017ce by tak zachowa\u0107 ten jeden, jedyny element \u2013 pa\u0142ac? Wiele z tych zabytkowych obiekt\u00f3w wsp\u00f3\u0142cze\u015bnie oferuje us\u0142ugi w zakresie organizacji wesel. Najcz\u0119\u015bciej zreszt\u0105 maj\u0105 spore do\u015bwiadczenie w tej dziedzinie \u2013 przez setki lat swego istnienia by\u0142y przecie\u017c \u015bwiadkami wielu takich uroczysto\u015bci. Na pewno poczujemy w nich genius loci, kt\u00f3ry przetrwa\u0142 te wszystkie wieki&#8230; \u015alub i wesele w pa\u0142acu na pewno b\u0119d\u0105 wyj\u0105tkowym prze\u017cyciem \u2013 nie tylko dla nas, tak\u017ce dla naszych go\u015bci.<\/p>\n<p><!-- \/wp:paragraph --><\/p>\n<\/div>\r\n                    <aside class=\"leonardo-interlink\">\r\n                <b>Polecamy<\/b>\r\n                <a href=\"https:\/\/www.koronakarkonoszy.pl\/blog\/en\/przesady-slubne-i-weselne\/\">Przes\u0105dy \u015blubne i weselne &#8211; przegl\u0105d<\/a>\r\n            <\/aside>\r\n            <\/div>\r\n    <div class=\"leonardo-image\">\r\n        <img loading=\"lazy\" decoding=\"async\" width=\"1920\" height=\"1280\" src=\"https:\/\/www.koronakarkonoszy.pl\/blog\/wp-content\/uploads\/2022\/02\/victoria-priessnitz-NtQYgEfISVQ-unsplash.jpg\" class=\"attachment-full size-full\" alt=\"\" srcset=\"https:\/\/www.koronakarkonoszy.pl\/blog\/wp-content\/uploads\/2022\/02\/victoria-priessnitz-NtQYgEfISVQ-unsplash.jpg 1920w, https:\/\/www.koronakarkonoszy.pl\/blog\/wp-content\/uploads\/2022\/02\/victoria-priessnitz-NtQYgEfISVQ-unsplash-300x200.jpg 300w, https:\/\/www.koronakarkonoszy.pl\/blog\/wp-content\/uploads\/2022\/02\/victoria-priessnitz-NtQYgEfISVQ-unsplash-1024x683.jpg 1024w, https:\/\/www.koronakarkonoszy.pl\/blog\/wp-content\/uploads\/2022\/02\/victoria-priessnitz-NtQYgEfISVQ-unsplash-768x512.jpg 768w, https:\/\/www.koronakarkonoszy.pl\/blog\/wp-content\/uploads\/2022\/02\/victoria-priessnitz-NtQYgEfISVQ-unsplash-1536x1024.jpg 1536w\" sizes=\"auto, (max-width: 1920px) 100vw, 1920px\" \/>            <\/div>\r\n<\/section>\n\n\n<h3 class=\"wp-block-heading\" id=\"ha-wesele-w-stodole\">Wesele w stodole<\/h3>\n\n\n\n<p>Historycy od kilku lat u\u015bwiadamiaj\u0105 nam, \u017ce w wi\u0119kszo\u015bci jeste\u015bmy potomkami ch\u0142op\u00f3w\u2026 Przez wiele lat jako spo\u0142ecze\u0144stwo nie mieli\u015bmy ochoty przyj\u0105\u0107 tego do wiadomo\u015bci. Pokutowa\u0142 w nas obraz dworku jako siedziby naszych przodk\u00f3w. A przecie\u017c w dworkach zamieszkiwa\u0142o zaledwie 0,3% polskiego spo\u0142ecze\u0144stwa, bo tyle jedynie liczy\u0142a warstwa ziemia\u0144ska. Prawdziwszy by\u0142 obraz naszej rodowej siedziby w postaci wiejskiej chatynki, jakie dzi\u015b mamy okazj\u0119 widywa\u0107 ju\u017c tylko w skansenach\u2026<\/p>\n\n\n\n<figure class=\"wp-block-image size-full\"><img loading=\"lazy\" decoding=\"async\" width=\"640\" height=\"512\" src=\"https:\/\/www.koronakarkonoszy.pl\/blog\/wp-content\/uploads\/2022\/02\/eric-brehm-t5PlRnsXy1I-unsplash-2.jpg\" alt=\"\" class=\"wp-image-3164\" srcset=\"https:\/\/www.koronakarkonoszy.pl\/blog\/wp-content\/uploads\/2022\/02\/eric-brehm-t5PlRnsXy1I-unsplash-2.jpg 640w, https:\/\/www.koronakarkonoszy.pl\/blog\/wp-content\/uploads\/2022\/02\/eric-brehm-t5PlRnsXy1I-unsplash-2-300x240.jpg 300w\" sizes=\"auto, (max-width: 640px) 100vw, 640px\" \/><figcaption class=\"wp-element-caption\"><strong>Wesele w stodole <\/strong><\/figcaption><\/figure>\n\n\n\n<p>Wesele w takiej chatce te\u017c mog\u0142oby by\u0107 ciekawe, jednak wi\u0119cej miejsca znajdziemy w innym budynku, nieod\u0142\u0105cznym elemencie wiejskiego gospodarstw. Czyli w stodole. Stodo\u0142y jako <strong>miejsca na wesele<\/strong> s\u0105 teraz bardzo na czasie. A wi\u0119c na pytanie -gdzie wesele? &#8211; odpowiedzmy \u015bmia\u0142o \u2013 w stodole! Tak jak nasi przodkowie, postawmy na naturalno\u015b\u0107 i prostot\u0119. Znajd\u017amy star\u0105 stodo\u0142\u0119 zaadaptowan\u0105 na potrzeby wsp\u00f3\u0142czesnych wymog\u00f3w, zw\u0142aszcza tych sanitarno-estetycznych, albo poszukajmy ca\u0142kiem nowego obiektu, na\u015bladuj\u0105cego kszta\u0142tem te dawne budynki gospodarcze. &nbsp;&nbsp;&nbsp;<\/p>\n\n\n\n<style>\n    .cta_block{\n        margin: 1.5em 0;\n    }\n    .cta_block_content {\n        position: relative;\n        color: white;\n        padding: 1em;\n    }\n    .cta_block_content h3{\n        text-align: center;\n        font: normal normal normal 36px\/50px Yeseva One;\n    }\n    .cta_block_content .cta_block_desc{\n        text-align: center;\n        font-size: 1.1em;\n        position: relative;\n    }\n    .cta_block_content .cta_block_desc:before {\n        content: '';\n        width: 80px;\n        height: 4px;\n        background: #EEB315;\n        position: absolute;\n        left: 0;\n        right: 0;\n        margin-left: auto;\n        margin-right: auto;\n        top: -22px;\n    }\n\n    .cta_block_content picture{\n        position: absolute;\n        top: 0;\n        right: 0;\n        z-index: -1;\n        height: 100%;\n        overflow: hidden;\n        width: 100%;\n    }\n    .cta_block_content picture img{\n        object-fit: cover;\n        height: 100%;\n        width: 100%;\n    }\n    .cta_block .cta_block_content .ninja-forms-field{\n        background: #FFFFFF2F;\n        border: 1px solid #EEB315;\n        border-radius: 25px;\n        opacity: 1;\n        color: #ffffff;\n    }\n    .cta_block .cta_block_content .nf-form-content input[type=submit]{\n        background-color: #EEB315;\n        color: #292929;\n        text-align: center;\n        font: normal normal bold 14px\/20px Work Sans;\n        padding: 0 2em;\n    }\n\n    .cta_block ::placeholder{\n        color: white!important;\n        opacity: 1;\n    }\n\n    .cta_block_content::after {\n        height: 100%;\n        width: 100%;\n        content: \"\";\n        z-index: -1;\n        position: absolute;\n        top: 0;\n        background: #00000070;\n        right: 0;\n        left: 0;\n        bottom: 0;\n    }\n    #ha-cta-block, .cta_block_desc, .cta_block .nf-field-label, .cta_block .nf-error-msg {\n        filter: drop-shadow(1px 1px 8px black);\n    }\n\n\/*    .cta_block nf-rows-wrap {\n        display: flex;\n        justify-content: space-around;\n        flex-direction: row;\n    }*\/\n\n    .cta_block .nf-field-label {\n        display:none;\n    }\n\n    .cta_block .nf-error.field-wrap .nf-field-element::after {\n        border-radius: 50px;\n    }\n\n    .cta_block .nf-error-msg {\n        color: #fff;\n    }\n\n    .cta_block .nf-form-cont {\n        margin-top: 3em;\n        margin-bottom: 1em;\n    }\n\n    .wp-admin .cta_block_content{\n        display: none;\n    }\n    .cta_block .nf-form-fields-required {\n        display: none;\n    }\n    body:not(.wp-admin) .cta_block_admin {\n        display: none;\n    }\n<\/style>\n<div id=\"cta_block-block_5e4592e68710d5a71f66417777761f4f\" class=\"cta_block\">\n    <div class=\"cta_block_admin\" style=\"background-color: blue; color: white\">\n        Blok CTA\n    <\/div>\n    <div class=\"cta_block\">\n        <div class=\"cta_block_content\">   \n        <h3 id=\"ha-gdzie-urzadzic-wesele\">Gdzie urz\u0105dzi\u0107 wesele? <\/h3>\n                    <div class=\"cta_block_desc\">Oczywi\u015bcie w Dworze Korona Karkonoszy! <\/div>\n                <noscript class=\"ninja-forms-noscript-message\">\n\tNotice: JavaScript is required for this content.<\/noscript>\n<div id=\"nf-form-3-cont\" class=\"nf-form-cont\" aria-live=\"polite\" aria-labelledby=\"nf-form-title-3\" aria-describedby=\"nf-form-errors-3\" role=\"form\">\n\n    <div class=\"nf-loading-spinner\"><\/div>\n\n<\/div>\n        <!-- That data is being printed as a workaround to page builders reordering the order of the scripts loaded-->\n        <script>var formDisplay=1;var nfForms=nfForms||[];var form=[];form.id='3';form.settings={\"objectType\":\"Form Setting\",\"editActive\":true,\"title\":\"Block CTA\",\"created_at\":\"2022-11-08 16:03:33\",\"default_label_pos\":\"above\",\"show_title\":0,\"clear_complete\":\"1\",\"hide_complete\":\"1\",\"logged_in\":\"\",\"wrapper_class\":\"\",\"element_class\":\"\",\"key\":\"\",\"add_submit\":\"0\",\"changeEmailErrorMsg\":\"Please enter a valid email address!\",\"changeDateErrorMsg\":\"Please enter a valid date!\",\"confirmFieldErrorMsg\":\"These fields must match!\",\"fieldNumberNumMinError\":\"Number Min Error\",\"fieldNumberNumMaxError\":\"Number Max Error\",\"fieldNumberIncrementBy\":\"Please increment by \",\"formErrorsCorrectErrors\":\"Please correct errors before submitting this form.\",\"validateRequiredField\":\"This is a required field.\",\"honeypotHoneypotError\":\"Honeypot Error\",\"fieldsMarkedRequired\":\"Fields marked with an <span class=\\\"ninja-forms-req-symbol\\\">*<\\\/span> are required\",\"currency\":\"\",\"repeatable_fieldsets\":\"\",\"unique_field_error\":\"Formularz z t\\u0105 warto\\u015bci\\u0105 zosta\\u0142 ju\\u017c przes\\u0142any.\",\"not_logged_in_msg\":\"\",\"sub_limit_msg\":\"Formularz osi\\u0105gn\\u0105\\u0142 limit wys\\u0142a\\u0144.\",\"calculations\":[],\"container_styles_show_advanced_css\":\"0\",\"title_styles_show_advanced_css\":\"0\",\"row_styles_show_advanced_css\":\"0\",\"row-odd_styles_show_advanced_css\":\"0\",\"success-msg_styles_show_advanced_css\":\"0\",\"error_msg_styles_show_advanced_css\":\"0\",\"formContentData\":[{\"order\":1,\"cells\":[{\"order\":0,\"fields\":[\"phone_1640098023980\"],\"width\":35},{\"order\":1,\"fields\":[\"adres_e-mail_1667919839452\"],\"width\":35},{\"order\":2,\"fields\":[\"zapisz_mnie_1667919853255\"],\"width\":30}]}],\"drawerDisabled\":false,\"conditions\":[],\"allow_public_link\":0,\"embed_form\":\"\",\"container_styles_border\":\"\",\"container_styles_height\":\"\",\"container_styles_margin\":\"\",\"container_styles_padding\":\"\",\"container_styles_float\":\"\",\"title_styles_border\":\"\",\"title_styles_height\":\"\",\"title_styles_width\":\"\",\"title_styles_font-size\":\"\",\"title_styles_margin\":\"\",\"title_styles_padding\":\"\",\"title_styles_float\":\"\",\"row_styles_border\":\"\",\"row_styles_width\":\"\",\"row_styles_font-size\":\"\",\"row_styles_margin\":\"\",\"row_styles_padding\":\"\",\"row-odd_styles_border\":\"\",\"row-odd_styles_height\":\"\",\"row-odd_styles_width\":\"\",\"row-odd_styles_font-size\":\"\",\"row-odd_styles_margin\":\"\",\"row-odd_styles_padding\":\"\",\"success-msg_styles_border\":\"\",\"success-msg_styles_height\":\"\",\"success-msg_styles_width\":\"\",\"success-msg_styles_font-size\":\"\",\"success-msg_styles_margin\":\"\",\"success-msg_styles_padding\":\"\",\"error_msg_styles_border\":\"\",\"error_msg_styles_width\":\"\",\"error_msg_styles_font-size\":\"\",\"error_msg_styles_margin\":\"\",\"error_msg_styles_padding\":\"\",\"form_title_heading_level\":\"3\",\"ninjaForms\":\"Ninja Forms\",\"fieldTextareaRTEInsertLink\":\"Insert Link\",\"fieldTextareaRTEInsertMedia\":\"Insert Media\",\"fieldTextareaRTESelectAFile\":\"Select a file\",\"formHoneypot\":\"If you are a human seeing this field, please leave it empty.\",\"fileUploadOldCodeFileUploadInProgress\":\"File Upload in Progress.\",\"fileUploadOldCodeFileUpload\":\"FILE UPLOAD\",\"currencySymbol\":\"&#36;\",\"thousands_sep\":\",\",\"decimal_point\":\".\",\"siteLocale\":\"en_GB\",\"dateFormat\":\"m\\\/d\\\/Y\",\"startOfWeek\":\"1\",\"of\":\"of\",\"previousMonth\":\"Previous Month\",\"nextMonth\":\"Next Month\",\"months\":[\"January\",\"February\",\"March\",\"April\",\"May\",\"June\",\"July\",\"August\",\"September\",\"October\",\"November\",\"December\"],\"monthsShort\":[\"Jan\",\"Feb\",\"Mar\",\"Apr\",\"May\",\"Jun\",\"Jul\",\"Aug\",\"Sep\",\"Oct\",\"Nov\",\"Dec\"],\"weekdays\":[\"Sunday\",\"Monday\",\"Tuesday\",\"Wednesday\",\"Thursday\",\"Friday\",\"Saturday\"],\"weekdaysShort\":[\"Sun\",\"Mon\",\"Tue\",\"Wed\",\"Thu\",\"Fri\",\"Sat\"],\"weekdaysMin\":[\"Su\",\"Mo\",\"Tu\",\"We\",\"Th\",\"Fr\",\"Sa\"],\"recaptchaConsentMissing\":\"reCaptcha validation couldn&#039;t load.\",\"recaptchaMissingCookie\":\"reCaptcha v3 validation couldn&#039;t load the cookie needed to submit the form.\",\"recaptchaConsentEvent\":\"Accept reCaptcha cookies before sending the form.\",\"currency_symbol\":\"\",\"beforeForm\":\"\",\"beforeFields\":\"\",\"afterFields\":\"\",\"afterForm\":\"\"};form.fields=[{\"objectType\":\"Field\",\"objectDomain\":\"fields\",\"editActive\":false,\"order\":1,\"idAttribute\":\"id\",\"type\":\"phone\",\"label\":\"Numer telefonu\",\"key\":\"phone_1640098023980\",\"label_pos\":\"above\",\"required\":1,\"default\":\"\",\"placeholder\":\"Numer telefonu\",\"container_class\":\"\",\"element_class\":\"\",\"input_limit\":\"\",\"input_limit_type\":\"characters\",\"input_limit_msg\":\"Liczba pozosta\\u0142ych znak\\u00f3w:\",\"manual_key\":\"\",\"admin_label\":\"\",\"help_text\":\"\",\"mask\":\"\",\"custom_mask\":\"\",\"custom_name_attribute\":\"phone\",\"personally_identifiable\":1,\"wrap_styles_border\":\"\",\"wrap_styles_width\":\"\",\"wrap_styles_margin\":\"\",\"wrap_styles_padding\":\"\",\"wrap_styles_float\":\"\",\"wrap_styles_show_advanced_css\":0,\"label_styles_border\":\"\",\"label_styles_width\":\"\",\"label_styles_font-size\":\"\",\"label_styles_margin\":\"\",\"label_styles_padding\":\"\",\"label_styles_float\":\"\",\"label_styles_show_advanced_css\":0,\"element_styles_border\":\"\",\"element_styles_width\":\"\",\"element_styles_font-size\":\"\",\"element_styles_margin\":\"\",\"element_styles_padding\":\"\",\"element_styles_float\":\"\",\"element_styles_show_advanced_css\":0,\"cellcid\":\"c3386\",\"value\":\"\",\"field_label\":\"Numer telefonu\",\"field_key\":\"phone_1640098023980\",\"drawerDisabled\":false,\"id\":8,\"beforeField\":\"\",\"afterField\":\"\",\"parentType\":\"textbox\",\"element_templates\":[\"tel\",\"textbox\",\"input\"],\"old_classname\":\"\",\"wrap_template\":\"wrap\"},{\"objectType\":\"Field\",\"objectDomain\":\"fields\",\"editActive\":false,\"order\":2,\"idAttribute\":\"id\",\"type\":\"email\",\"label\":\"Adres e-mail\",\"key\":\"adres_e-mail_1667919839452\",\"label_pos\":\"above\",\"required\":1,\"default\":\"\",\"placeholder\":\"Adres e-mail\",\"container_class\":\"\",\"element_class\":\"\",\"admin_label\":\"\",\"help_text\":\"\",\"custom_name_attribute\":\"email\",\"personally_identifiable\":1,\"wrap_styles_border\":\"\",\"wrap_styles_width\":\"\",\"wrap_styles_margin\":\"\",\"wrap_styles_padding\":\"\",\"wrap_styles_float\":\"\",\"wrap_styles_show_advanced_css\":0,\"label_styles_border\":\"\",\"label_styles_width\":\"\",\"label_styles_font-size\":\"\",\"label_styles_margin\":\"\",\"label_styles_padding\":\"\",\"label_styles_float\":\"\",\"label_styles_show_advanced_css\":0,\"element_styles_border\":\"\",\"element_styles_width\":\"\",\"element_styles_font-size\":\"\",\"element_styles_margin\":\"\",\"element_styles_padding\":\"\",\"element_styles_float\":\"\",\"element_styles_show_advanced_css\":0,\"cellcid\":\"c3389\",\"value\":\"\",\"drawerDisabled\":false,\"field_label\":\"E-mail\",\"field_key\":\"email_1640098026199\",\"id\":9,\"beforeField\":\"\",\"afterField\":\"\",\"parentType\":\"email\",\"element_templates\":[\"email\",\"input\"],\"old_classname\":\"\",\"wrap_template\":\"wrap\"},{\"objectType\":\"Field\",\"objectDomain\":\"fields\",\"editActive\":false,\"order\":3,\"idAttribute\":\"id\",\"type\":\"submit\",\"label\":\"Zapisz mnie\",\"processing_label\":\"W trakcie realizacji\",\"container_class\":\"\",\"element_class\":\"\",\"key\":\"zapisz_mnie_1667919853255\",\"wrap_styles_border\":\"\",\"wrap_styles_width\":\"\",\"wrap_styles_margin\":\"\",\"wrap_styles_padding\":\"\",\"wrap_styles_float\":\"\",\"wrap_styles_show_advanced_css\":0,\"element_styles_border\":\"\",\"element_styles_width\":\"\",\"element_styles_font-size\":\"\",\"element_styles_margin\":\"\",\"element_styles_padding\":\"\",\"element_styles_float\":\"\",\"element_styles_show_advanced_css\":0,\"submit_element_hover_styles_border\":\"\",\"submit_element_hover_styles_width\":\"\",\"submit_element_hover_styles_font-size\":\"\",\"submit_element_hover_styles_margin\":\"\",\"submit_element_hover_styles_padding\":\"\",\"submit_element_hover_styles_float\":\"\",\"submit_element_hover_styles_show_advanced_css\":0,\"cellcid\":\"c3391\",\"drawerDisabled\":false,\"field_label\":\"Zamawiam rozmow\\u0119\",\"field_key\":\"zamawiam_rozmowe_1640098067453\",\"id\":10,\"beforeField\":\"\",\"afterField\":\"\",\"value\":\"\",\"label_pos\":\"above\",\"parentType\":\"textbox\",\"element_templates\":[\"submit\",\"button\",\"input\"],\"old_classname\":\"\",\"wrap_template\":\"wrap-no-label\"}];nfForms.push(form);<\/script>\n                <script id=\"nf-tmpl-cell\" type=\"text\/template\">\n            <nf-fields><\/nf-fields>\n        <\/script>\n\n        <script id=\"nf-tmpl-row\" type=\"text\/template\">\n            <nf-cells><\/nf-cells>\n        <\/script>\n\n                <img loading=\"lazy\" decoding=\"async\" width=\"1500\" height=\"705\" src=\"https:\/\/www.koronakarkonoszy.pl\/blog\/wp-content\/uploads\/2022\/06\/Dwor-Korona-Karkonoszy.jpg\" class=\"attachment-full size-full\" alt=\"\" srcset=\"https:\/\/www.koronakarkonoszy.pl\/blog\/wp-content\/uploads\/2022\/06\/Dwor-Korona-Karkonoszy.jpg 1500w, https:\/\/www.koronakarkonoszy.pl\/blog\/wp-content\/uploads\/2022\/06\/Dwor-Korona-Karkonoszy-300x141.jpg 300w, https:\/\/www.koronakarkonoszy.pl\/blog\/wp-content\/uploads\/2022\/06\/Dwor-Korona-Karkonoszy-1024x481.jpg 1024w, https:\/\/www.koronakarkonoszy.pl\/blog\/wp-content\/uploads\/2022\/06\/Dwor-Korona-Karkonoszy-768x361.jpg 768w\" sizes=\"auto, (max-width: 1500px) 100vw, 1500px\" \/>        <\/div> \n    <\/div>\n<\/div>\n\n\n\n<h3 class=\"wp-block-heading\" id=\"ha-slub-i-wesele-w-zamku\">\u015alub i wesele w zamku<\/h3>\n\n\n\n<p>\u015aredniowieczne budowle obronne pe\u0142ni\u0142y te\u017c funkcje mieszkalne. A skoro tak, to przetrwa\u0142y w nich echa dawnych nami\u0119tno\u015bci\u2026 Mi\u0142o\u015b\u0107, emocje, po\u017cadanie. Ale te\u017c zakazane uczucia, potajemne schadzki i nienawidz\u0105ce si\u0119 rodziny, jak w przypadku legendy, kt\u00f3ra opowiada o afekcie \u0142\u0105cz\u0105cym potomk\u00f3w rod\u00f3w von Reuss i Schaffgotsch\u00f3w. Rodziny te zamieszkiwa\u0142y le\u017c\u0105ce naprzeciw siebie zamki \u2013 Chojnik i zamek ksi\u0119cia Henryka ko\u0142o Sosn\u00f3wki w <strong>Karkonoszach<\/strong>. M\u0142odych po\u0142\u0105czy\u0142o zakazane uczucie. Ich rody rywalizowa\u0142y ze sob\u0105 i nie chcia\u0142y s\u0142ysze\u0107 o tym zwi\u0105zku, uwi\u0119zi\u0142y wi\u0119c pann\u0119 i m\u0142odzie\u0144ca, by ci nie mogli si\u0119 widywa\u0107.<\/p>\n\n\n\n<figure class=\"wp-block-image size-large\"><img loading=\"lazy\" decoding=\"async\" width=\"1024\" height=\"683\" src=\"https:\/\/www.koronakarkonoszy.pl\/blog\/wp-content\/uploads\/2020\/05\/IMG_8619-1024x683.jpg\" alt=\"\" class=\"wp-image-5786\" srcset=\"https:\/\/www.koronakarkonoszy.pl\/blog\/wp-content\/uploads\/2020\/05\/IMG_8619-1024x683.jpg 1024w, https:\/\/www.koronakarkonoszy.pl\/blog\/wp-content\/uploads\/2020\/05\/IMG_8619-300x200.jpg 300w, https:\/\/www.koronakarkonoszy.pl\/blog\/wp-content\/uploads\/2020\/05\/IMG_8619-768x512.jpg 768w, https:\/\/www.koronakarkonoszy.pl\/blog\/wp-content\/uploads\/2020\/05\/IMG_8619-1920x1280.jpg 1920w, https:\/\/www.koronakarkonoszy.pl\/blog\/wp-content\/uploads\/2020\/05\/IMG_8619-1536x1024.jpg 1536w, https:\/\/www.koronakarkonoszy.pl\/blog\/wp-content\/uploads\/2020\/05\/IMG_8619-2048x1365.jpg 2048w\" sizes=\"auto, (max-width: 1024px) 100vw, 1024px\" \/><figcaption class=\"wp-element-caption\"><strong>Para M\u0142oda w ruinach zamku <\/strong><\/figcaption><\/figure>\n\n\n\n<p>Na szcz\u0119\u015bcie w Karkonoszach mieszka\u0142 \u2013 i nadal mieszka! \u2013 Duch G\u00f3r. Spotka\u0142 zakochanych, gdy ci wymkn\u0119li si\u0119 na spotkanie um\u00f3wione w po\u0142owie drogi mi\u0119dzy swymi zamkami, w tunelu, kt\u00f3ry zacz\u0119li kopa\u0107, by m\u00f3c si\u0119 znowu zobaczy\u0107. Pot\u0119\u017cny Karkonosz, wzruszony ich uczuciem postanowi\u0142 im pom\u00f3c. Spyta\u0142, czego pragn\u0105 i obieca\u0142 spe\u0142ni\u0107 ich \u017cyczenie. Odpowiedzieli, \u017ce chc\u0105, by ich mi\u0142o\u015b\u0107 przetrwa\u0142a na wieki. Gdy wi\u0119c spotkali si\u0119 pod korzeniami grabu, w Czerwonej Dolinie, i przytulili do siebie najmocniej, jak to tylko mo\u017cliwe, drzewo obj\u0119\u0142o ich swymi mocarnymi korzeniami. Wtedy Karkonosz zabra\u0142 zakochan\u0105 par\u0119 z tego \u015bwiata i zasypa\u0142 tunel. A ich rody szybko podupad\u0142y i ju\u017c nigdy nie odzyska\u0142y dawnej \u015bwietno\u015bci. To by\u0142a kara Ducha G\u00f3r za to, \u017ce nie potrafi\u0142y doceni\u0107 prawdziwego uczucia.<\/p>\n\n\n\n<p>Jednak na szcz\u0119\u015bcie nie wszystkie \u201ezamkowe\u201d mi\u0142o\u015bci tak si\u0119 ko\u0144cz\u0105. Wasze uczucie, zwie\u0144czone weselem w zamku, na pewno b\u0119dzie mia\u0142o szcz\u0119\u015bliwy ci\u0105g dalszy. B\u0119dzie jak w filmach &#8211; and they lived happily ever after\u2026 &nbsp;<\/p>\n\n\n\n<figure class=\"wp-block-image size-large\"><img loading=\"lazy\" decoding=\"async\" width=\"1024\" height=\"683\" src=\"https:\/\/www.koronakarkonoszy.pl\/blog\/wp-content\/uploads\/2022\/05\/slub-w-plenerze-1024x683.jpg\" alt=\"\u015blub w plenerze: pa\u0144stwo m\u0142odzi\" class=\"wp-image-3863\" srcset=\"https:\/\/www.koronakarkonoszy.pl\/blog\/wp-content\/uploads\/2022\/05\/slub-w-plenerze-1024x683.jpg 1024w, https:\/\/www.koronakarkonoszy.pl\/blog\/wp-content\/uploads\/2022\/05\/slub-w-plenerze-300x200.jpg 300w, https:\/\/www.koronakarkonoszy.pl\/blog\/wp-content\/uploads\/2022\/05\/slub-w-plenerze-768x512.jpg 768w, https:\/\/www.koronakarkonoszy.pl\/blog\/wp-content\/uploads\/2022\/05\/slub-w-plenerze-1536x1024.jpg 1536w, https:\/\/www.koronakarkonoszy.pl\/blog\/wp-content\/uploads\/2022\/05\/slub-w-plenerze.jpg 1920w\" sizes=\"auto, (max-width: 1024px) 100vw, 1024px\" \/><figcaption class=\"wp-element-caption\"><strong><a href=\"https:\/\/www.koronakarkonoszy.pl\/wesele\/\" target=\"_blank\" rel=\"noreferrer noopener\">\u015alub w g\u00f3rach <\/a>&#8211; Dw\u00f3r Korona Karkonoszy, <a href=\"https:\/\/www.koronakarkonoszy.pl\/blog-atrakcje\/sosnowka\/\" class=\"links-placer\">Sosn\u00f3wka<\/a> k. Karpacza <\/strong><\/figcaption><\/figure>\n\n\n\n<h2 class=\"wp-block-heading\" id=\"ha-dolina-palacow-i-ogrodow-poleca-sie-na-wesele\">Dolina Pa\u0142ac\u00f3w i Ogrod\u00f3w poleca si\u0119 na wesele! <\/h2>\n\n\n\n<p>W Polsce, tu\u017c przy granicy z Czechami, znajdziemy cudowne miejsce. Region ten pe\u0142en jest ba\u015bniowych zamk\u00f3w, urokliwych dwork\u00f3w oraz pe\u0142nych przepychu pa\u0142ac\u00f3w. A ponadto znajdziemy tam fantastyczn\u0105, niemal nietkni\u0119t\u0105 r\u0119k\u0105 cz\u0142owieka przyrod\u0119. Przepi\u0119kne, bajkowe ogrody i prastare lasy otaczaj\u0105 okoliczne dwory i wille. Idealne miejsce na rodzinn\u0105 uroczysto\u015b\u0107, jak\u0105 jest wesele.<\/p>\n\n\n<section id=\"leonardo-block_86df020cc7a2316c768b3e08f079c010\" class=\"leonardo page-breaker leonardo-image-left\">\r\n    <div class=\"leonardo-body\">\r\n                <div class=\"leonardo-content\"><h3 id=\"ha-zamki-palace-ogrody\">Zamki, pa\u0142ace, ogrody&#8230;<\/h3>\n<p><strong>Dolina Pa\u0142ac\u00f3w i Ogrod\u00f3w<\/strong> to idealne miejsce na wesele! Po\u0142o\u017cona w Kotlinie Jeleniog\u00f3rskiej, sk\u0142ada si\u0119 z prawie 30 obiekt\u00f3w \u015bwieckiej architektury. To jedyne w swoim rodzaju unikatowe \u015bredniowieczne wie\u017ce mieszkalne czy imponuj\u0105ce zamki. Ale tak\u017ce przepi\u0119kne renesansowe dwory i bogato zdobione barokowe pa\u0142ace.<\/p>\n<p><!-- wp:paragraph --><\/p>\n<p>Wszystkie te zabytkowe obiekty stanowi\u0105 pozosta\u0142o\u015b\u0107 po czasach, gdy teren ten zamieszkiwali mo\u017cnow\u0142adcy i arystokracja, wywodz\u0105cy si\u0119 z ca\u0142ej Europy. Dolina Pa\u0142ac\u00f3w i Ogrod\u00f3w by\u0142a te\u017c ch\u0119tnie odwiedzana przez wybitnych artyst\u00f3w, my\u015blicieli czy naukowc\u00f3w. Szukali tu natchnienia i inspiracji.<\/p>\n<p><!-- \/wp:paragraph --> <!-- wp:paragraph --><\/p>\n<p>Wiele z tych rezydencji mo\u017cnych rod\u00f3w, obecnie pozostaj\u0105ca w r\u0119kach nowych w\u0142a\u015bcicieli czy fundacji, zosta\u0142a wpisana na List\u0119 Pomnik\u00f3w Historii. To idealne miejsce nie tylko na \u015blub i wesele, lecz tak\u017ce na samochodowe, rowerowe lub piesze wycieczki. <a href=\"https:\/\/www.koronakarkonoszy.pl\/blog\/zamek-palac-czy-dwor-jakie-miejsce-na-wesele-wybrac\/\" target=\"_blank\" rel=\"noreferrer noopener\">Zamek, pa\u0142ac czy dw\u00f3r<\/a>? Wszystko! Znajdziemy tu same wspania\u0142e obiekty, idealne tak\u017ce na <a href=\"https:\/\/www.koronakarkonoszy.pl\/blog\/sale-weselne-jak-dobrze-wybrac\/\" target=\"_blank\" rel=\"noreferrer noopener\">sale weselne<\/a>.<\/p>\n<p><!-- \/wp:paragraph --><\/p>\n<\/div>\r\n            <\/div>\r\n    <div class=\"leonardo-image\">\r\n        <img loading=\"lazy\" decoding=\"async\" width=\"1254\" height=\"835\" src=\"https:\/\/www.koronakarkonoszy.pl\/blog\/wp-content\/uploads\/2020\/09\/Wesele-Dolny-Slask4.jpg\" class=\"attachment-full size-full\" alt=\"\" srcset=\"https:\/\/www.koronakarkonoszy.pl\/blog\/wp-content\/uploads\/2020\/09\/Wesele-Dolny-Slask4.jpg 1254w, https:\/\/www.koronakarkonoszy.pl\/blog\/wp-content\/uploads\/2020\/09\/Wesele-Dolny-Slask4-300x200.jpg 300w, https:\/\/www.koronakarkonoszy.pl\/blog\/wp-content\/uploads\/2020\/09\/Wesele-Dolny-Slask4-1024x682.jpg 1024w, https:\/\/www.koronakarkonoszy.pl\/blog\/wp-content\/uploads\/2020\/09\/Wesele-Dolny-Slask4-768x511.jpg 768w\" sizes=\"auto, (max-width: 1254px) 100vw, 1254px\" \/>            <\/div>\r\n<\/section>\n\n<section id=\"leonardo-block_8c21955636cb088759ebf794189f3a0d\" class=\"leonardo page-breaker leonardo-image-right\">\r\n    <div class=\"leonardo-body\">\r\n                <div class=\"leonardo-content\"><p><!-- wp:heading --><\/p>\n<h3 id=\"ha-miejsce-na-wesele-wroclaw-wart-rozwazenia\">Miejsce na wesele? Wroc\u0142aw wart rozwa\u017cenia<\/h3>\n<p>Po\u0142o\u017cony w samym sercu Europy Wroc\u0142aw jest idealnym miejscem w\u0142a\u015bciwie na ka\u017cd\u0105 okazj\u0119. Na pewno sprawdzi si\u0119 tak\u017ce jako wyj\u0105tkowe i niezapomniane miejsca na imprez\u0119 weseln\u0105.<\/p>\n<p><!-- \/wp:paragraph --> <!-- wp:paragraph --><\/p>\n<p>\u015aredniowieczne Stare Miasto we Wroc\u0142awiu jest bajkow\u0105 sceneri\u0105 dla \u015blubu, z jego brukowanymi uliczkami i malowniczym Rynkiem. Pi\u0119kna gotycka katedra z XVII wieku to kolejny popularny wyb\u00f3r na zawarcie zwi\u0105zku ma\u0142\u017ce\u0144skiego, a widoki z mostu na Odrze stanowi\u0105 wspania\u0142e t\u0142o dla zdj\u0119\u0107 \u015blubnych.<\/p>\n<p><!-- \/wp:paragraph --> <!-- wp:paragraph --><\/p>\n<p>W bardziej nowoczesnej scenerii, Wroc\u0142aw oferuje r\u00f3wnie\u017c wiele stylowych hoteli i miejsc na imprezy, kt\u00f3re b\u0119d\u0105 idealne na Wasz wielki dzie\u0144. Niezale\u017cnie od tego, czy planujesz kameralne spotkanie, czy wielk\u0105\u00a0 uroczysto\u015b\u0107, Wroc\u0142aw ma wszystko, czego potrzebujesz, aby spe\u0142ni\u0107 swoje \u015blubne marzenia. Zacznijcie wi\u0119c planowa\u0107 sw\u00f3j wymarzony \u015blub ju\u017c dzi\u015b!<\/p>\n<p><!-- \/wp:paragraph --><\/p>\n<\/div>\r\n            <\/div>\r\n    <div class=\"leonardo-image\">\r\n        <img loading=\"lazy\" decoding=\"async\" width=\"800\" height=\"534\" src=\"https:\/\/www.koronakarkonoszy.pl\/blog\/wp-content\/uploads\/2021\/07\/wroclaw_wesele-1.jpg\" class=\"attachment-full size-full\" alt=\"wesele dolny \u015bl\u0105sk\" srcset=\"https:\/\/www.koronakarkonoszy.pl\/blog\/wp-content\/uploads\/2021\/07\/wroclaw_wesele-1.jpg 800w, https:\/\/www.koronakarkonoszy.pl\/blog\/wp-content\/uploads\/2021\/07\/wroclaw_wesele-1-300x200.jpg 300w, https:\/\/www.koronakarkonoszy.pl\/blog\/wp-content\/uploads\/2021\/07\/wroclaw_wesele-1-768x513.jpg 768w\" sizes=\"auto, (max-width: 800px) 100vw, 800px\" \/>            <\/div>\r\n<\/section>\n\n\n<h2 class=\"wp-block-heading\" id=\"ha-gdzie-wesele-w-polsce-uda-sie-najlepiej\">Gdzie wesele w Polsce uda si\u0119 najlepiej? <\/h2>\n\n\n\n<p>Trudno wymieni\u0107 wszystkie wspania\u0142e lokalizacje na \u015blub i wesele, kt\u00f3re mo\u017cemy znale\u017a\u0107 w naszym kraju. Jest ich tyle, \u017ce wyb\u00f3r jest niew\u0105tpliwie bardzo trudny. Mi\u0142o\u015bnicy pla\u017cowania mog\u0105 urz\u0105dzi\u0107 wesele w stylu Hamptons w jednej z wielu urokliwych nadmorskich miejscowo\u015bci, a sam \u015blub \u2013 cywilny lub <a href=\"https:\/\/www.koronakarkonoszy.pl\/blog\/sluby-humanistyczne\/\" target=\"_blank\" rel=\"noreferrer noopener\">\u015blub humanistyczny<\/a> &#8211; celebrowa\u0107 na pla\u017cy. Pary zakochane w majestacie g\u00f3r maj\u0105 do dyspozycji ca\u0142\u0105 w\u0142a\u015bciwie po\u0142udniow\u0105 granice Polski. A tam najwy\u017csze Tatry, roz\u0142o\u017cyste Beskidy, przepi\u0119kne Pieniny czy kryj\u0105ce wiele tajemnic Karkonosze.<\/p>\n\n\n<section id=\"leonardo-block_3ea4e5dd5d08856fb760d676561e46c2\" class=\"leonardo page-breaker leonardo-image-left\">\r\n    <div class=\"leonardo-body\">\r\n                <div class=\"leonardo-content\"><h3 id=\"ha-najlepsze-miejsca-na-wesela\">Najlepsze miejsca na wesela<\/h3>\n<p>Wiele os\u00f3b marzy o <strong>weselu nad jeziorem i \u015blubie na pomo\u015bcie<\/strong>. Pojezierzy te\u017c nam nie brakuje, na czele z najbardziej znanymi Mazurami czy obfituj\u0105cym w atrakcje turystyczne, szalenie malowniczym Pojezierzem Drawskim. A je\u015bli mamy do czynienia ze zdeklarowanymi mieszczuchami, kt\u00f3rzy nie wyobra\u017caj\u0105 sobie \u017cycia \u2013 i wesela! \u2013 blisko natury, nie ma problemu. Sto\u0142eczna, wielkomiejska Warszawa, zabytkowy Krak\u00f3w i t\u0119tni\u0105cy energi\u0105 Wroc\u0142aw to trzy najwi\u0119ksze miasta w Polsce. Ka\u017cde z ich oferuje mn\u00f3stwo miejsc, w kt\u00f3rych mo\u017cna urz\u0105dzi\u0107 wesele. A mamy przecie\u017c te\u017c wspania\u0142e Tr\u00f3jmiasto czy pe\u0142n\u0105 pofabrycznego uroku \u0141\u00f3d\u017a, idealn\u0105 na wesela w stylu loftowym czy steampunkowym. Albo Katowice ze swymi zabytkami techniki, \u015bwietne t\u0142o \u015blubnych fotografii w przypadku wesela industrialnego. Ci, kt\u00f3rzy nie mog\u0105 \u017cy\u0107 bez wrzawy i atmosfery wielkiego miasta tak\u017ce maj\u0105 spory wyb\u00f3r, gdy szukaj\u0105 odpowiedzi na pytanie: gdzie <a href=\"https:\/\/www.koronakarkonoszy.pl\/blog\/wesele-w-polsce\/\"><strong>wesele<\/strong> <strong>w Polsce<\/strong><\/a>?<\/p>\n<\/div>\r\n                    <aside class=\"leonardo-interlink\">\r\n                <b>Polecamy<\/b>\r\n                <a href=\"https:\/\/www.koronakarkonoszy.pl\/blog\/en\/koszt-wesela-na-100-osob\/\">Koszt wesela na 100 os\u00f3b &#8211; praktyczne wskaz\u00f3wki<\/a>\r\n            <\/aside>\r\n            <\/div>\r\n    <div class=\"leonardo-image\">\r\n        <img loading=\"lazy\" decoding=\"async\" width=\"640\" height=\"427\" src=\"https:\/\/www.koronakarkonoszy.pl\/blog\/wp-content\/uploads\/2022\/08\/IMG_7227ip.jpg\" class=\"attachment-full size-full\" alt=\"\" srcset=\"https:\/\/www.koronakarkonoszy.pl\/blog\/wp-content\/uploads\/2022\/08\/IMG_7227ip.jpg 640w, https:\/\/www.koronakarkonoszy.pl\/blog\/wp-content\/uploads\/2022\/08\/IMG_7227ip-300x200.jpg 300w\" sizes=\"auto, (max-width: 640px) 100vw, 640px\" \/>            <\/div>\r\n<\/section>\n\n\n<h2 class=\"wp-block-heading\" id=\"ha-w-czym-na-wesele-panie-maja-wybor\">W czym na wesele? Panie maj\u0105 wyb\u00f3r<\/h2>\n\n\n\n<p>Tatua\u017c zamiast obr\u0105czki, sukienka z sieci\u00f3wki zamiast specjalnej \u015blubnej kreacji. To oczywi\u015bcie wersja niestandardowa, do\u015b\u0107 rzadko jeszcze spotykana, ale coraz cz\u0119\u015bciej Panny M\u0142ode ubieraj\u0105 si\u0119 niekoniecznie zgodnie z tradycj\u0105, za to zgodnie ze swymi upodobaniami. Je\u015bli pragniesz mie\u0107 kolorow\u0105 sukienk\u0119, bo biel to nie Tw\u00f3j kolor \u2013 dlaczego nie? Zw\u0142aszcza \u017ce bia\u0142e sukienki \u015blubne to stosunkowo nowy wymys\u0142, w dodatku nieobecny w wielu kulturach, cho\u0107by w Indiach, gdzie jest kolorem \u017ca\u0142oby. A w Meksyku Panny M\u0142ode zwykle wk\u0142adaj\u0105 czarne suknie na sw\u00f3j \u015blub. Wi\u0119c nie warto przejmowa\u0107 si\u0119 rzekom\u0105 tradycj\u0105 i opini\u0105 innych. Warto w\u0142o\u017cy\u0107 to, co naprawd\u0119 chcemy mie\u0107 tego dnia na sobie.<\/p>\n\n\n<section id=\"leonardo-block_c18b249292f95f1e8d2adfc9c7d83803\" class=\"leonardo page-breaker leonardo-image-right\">\r\n    <div class=\"leonardo-body\">\r\n                <div class=\"leonardo-content\"><p>Pami\u0119tajmy, \u017ce to nasz dzie\u0144! Je\u015bli od dzieci\u0144stwa marzy\u0142y\u015bmy o \u015blubnej kreacji w stylu ksi\u0119\u017cniczki, o falbankach, diademach i pantofelkach na obcasie \u2013 zrealizujmy t\u0119 fantazj\u0119. Ale je\u015bli wiemy, \u017ce \u017ale b\u0119dziemy si\u0119 w tym czu\u0142y, w\u0142\u00f3\u017cmy spodnie i baleriny. Albo zwiewn\u0105 sukienk\u0119 w stylu boho, lekkie sanda\u0142ki i kwiat we w\u0142osy.<br \/>\nMo\u017cemy tez postawi\u0107 na wesele w stylu lat. 20. czy gotyckim. Albo innym ulubionym, z ciekawymi dekoracjami i rekwizytami. No i oczywi\u015bcie strojami dopasowanymi do konwencji. Wtedy nikt si\u0119 nie b\u0119dzie dziwi\u0142, \u017ce nie mamy na sobie typowej \u015blubnej kreacji.<\/p>\n<\/div>\r\n            <\/div>\r\n    <div class=\"leonardo-image\">\r\n        <img loading=\"lazy\" decoding=\"async\" width=\"800\" height=\"534\" src=\"https:\/\/www.koronakarkonoszy.pl\/blog\/wp-content\/uploads\/2021\/07\/suknia_vintage.jpg\" class=\"attachment-full size-full\" alt=\"suknia \u015blubna vintage\" srcset=\"https:\/\/www.koronakarkonoszy.pl\/blog\/wp-content\/uploads\/2021\/07\/suknia_vintage.jpg 800w, https:\/\/www.koronakarkonoszy.pl\/blog\/wp-content\/uploads\/2021\/07\/suknia_vintage-300x200.jpg 300w, https:\/\/www.koronakarkonoszy.pl\/blog\/wp-content\/uploads\/2021\/07\/suknia_vintage-768x513.jpg 768w\" sizes=\"auto, (max-width: 800px) 100vw, 800px\" \/>            <\/div>\r\n<\/section>\n\n\n<h2 class=\"wp-block-heading\" id=\"ha-w-czym-na-wesele-panowie-oto-nasze-propozycje\">W czym na wesele? Panowie &#8211; oto nasze propozycje<\/h2>\n\n\n\n<p>Je\u015bli zastanawiasz si\u0119, jak si\u0119 ubra\u0107 na wesele, to odpowied\u017a jest prosta. Elegancko, ale pozostaj\u0105c w zgodzie z samym sob\u0105. \u017beby dobrze si\u0119 bawi\u0107 na weselu, przede wszystkim trzeba si\u0119 dobrze czu\u0107 we w\u0142asnym ubraniu. Pami\u0119tajmy te\u017c, \u017ce wesele to najwa\u017cniejszy dzie\u0144 w \u017cyciu dwojga staj\u0105cych na \u015blubnym kobiercu os\u00f3b. To w\u0142a\u015bnie dla nich tu przyszli\u015bmy, to s\u0105 ich wyj\u0105tkowe chwile. Nie powinni\u015bmy wi\u0119c ich zawie\u015b\u0107. I wcale nie chodzi tu o to, by koniecznie kupi\u0107 nowe ubranie, ale by tym, co mamy na sobie, podkre\u015bli\u0107 rang\u0119 tego wydarzenia. Je\u015bli lubimy klasyczn\u0105 elegancj\u0119, to oczywi\u015bcie garnitur. Ale nie tylko on si\u0119 sprawdzi.<\/p>\n\n\n\n<figure class=\"wp-block-image size-large\"><img loading=\"lazy\" decoding=\"async\" width=\"1024\" height=\"682\" src=\"https:\/\/www.koronakarkonoszy.pl\/blog\/wp-content\/uploads\/2022\/03\/DSC_3177-1024x682.jpg\" alt=\"\" class=\"wp-image-5843\" srcset=\"https:\/\/www.koronakarkonoszy.pl\/blog\/wp-content\/uploads\/2022\/03\/DSC_3177-1024x682.jpg 1024w, https:\/\/www.koronakarkonoszy.pl\/blog\/wp-content\/uploads\/2022\/03\/DSC_3177-300x200.jpg 300w, https:\/\/www.koronakarkonoszy.pl\/blog\/wp-content\/uploads\/2022\/03\/DSC_3177-768x511.jpg 768w, https:\/\/www.koronakarkonoszy.pl\/blog\/wp-content\/uploads\/2022\/03\/DSC_3177-1536x1022.jpg 1536w, https:\/\/www.koronakarkonoszy.pl\/blog\/wp-content\/uploads\/2022\/03\/DSC_3177.jpg 1600w\" sizes=\"auto, (max-width: 1024px) 100vw, 1024px\" \/><figcaption class=\"wp-element-caption\"><strong>Ubi\u00f3r Pana M\u0142odego<\/strong>,<strong> <a href=\"https:\/\/www.koronakarkonoszy.pl\/pokoje\" target=\"_blank\" rel=\"noreferrer noopener\">Pok\u00f3j \u015aliwkowy<\/a>, Dw\u00f3r Korona Karkonoszy <\/strong><\/figcaption><\/figure>\n\n\n\n<p>Wszelkiego rodzaju mundury galowe, eleganckie marynarki i koszule, a tak\u017ce oczywi\u015bcie stroje regionalne te\u017c z pewno\u015bci\u0105 b\u0119d\u0105 \u015bwietnie si\u0119 prezentowa\u0107 na weselu. Tu jednak nale\u017cy zachowa\u0107 pewien umiar i rozs\u0105dek. Je\u015bli znamy konwencj\u0119, w jakiej odb\u0119dzie si\u0119 wesele &#8211; na przyk\u0142ad Pan M\u0142ody lub Panna M\u0142oda j\u0105 \u015bci\u015ble okre\u015blili &#8211; to si\u0119 jej trzymajmy. Ale te\u017c, je\u015bli jest pe\u0142na dowolno\u015b\u0107 pami\u0119tajmy, \u017ce jako go\u015bcie na weselu nie powinni\u015bmy by\u0107 g\u0142\u00f3wnymi aktorami i \u015bci\u0105ga\u0107 na siebie najwi\u0119kszej uwagi swoim strojem. To nie my jeste\u015bmy tu najwa\u017cniejsi, nie ma si\u0119 co oszukiwa\u0107.<\/p>\n\n\n\n<p>Je\u015bli jest to przyj\u0119cie w mniej formalnym stylu, na przyk\u0142ad boho w ogrodzie lub Hamptons na pla\u017cy, doskonale b\u0119dzie si\u0119 prezentowa\u0142 styl smart casual. Mokasyny, spodnie chinosy, sportowa marynarka \u2013 b\u0119dzie elegancko, ale bez zad\u0119cia.<\/p>\n\n\n<section id=\"leonardo-block_238be1cc3acb2b22762f297b8a6f6096\" class=\"leonardo page-breaker leonardo-image-left\">\r\n    <div class=\"leonardo-body\">\r\n                <div class=\"leonardo-content\"><p><!-- wp:heading --><\/p>\n<h3 id=\"ha-wesele-w-gorach-gdzie-je-planowac\">Wesele w g\u00f3rach &#8211; gdzie je planowa\u0107?<\/h3>\n<p>Na pytanie, gdzie wesele g\u00f3ry jawi\u0105 si\u0119 jako wyb\u00f3r oczywisty i naturalny. Wspania\u0142e panoramy i wyj\u0105tkowa atmosfera sprawiaj\u0105, \u017ce <a href=\"https:\/\/www.koronakarkonoszy.pl\/blog\/wesele-w-gorach-z-noclegiem-o-czym-trzeba-wiedziec\/\" target=\"_blank\" rel=\"noopener\">wesele w g\u00f3rach<\/a>, zw\u0142aszcza z noclegiem, zawsze jest udane. Bez wzgl\u0119du na por\u0119 roku oczy ciesz\u0105 malownicze krajobrazy. Zim\u0105 oszronione szczyty wydaj\u0105 si\u0119 si\u0119ga\u0107 nieba. Jesie\u0144 rozpieszcza nas widokiem niesamowitego spektaklu kolorystycznego dzi\u0119ki przebarwiaj\u0105cym si\u0119 li\u015bciom. Karkonosze zafunduj\u0105 nam ten niesamowity spektakl!<\/p>\n<p><!-- \/wp:paragraph --><\/p>\n<\/div>\r\n                    <aside class=\"leonardo-interlink\">\r\n                <b>Polecamy<\/b>\r\n                <a href=\"https:\/\/www.koronakarkonoszy.pl\/blog\/en\/kameralny-slub-w-gorach\/\">Kameralny \u015blub w g\u00f3rach \u2013 magiczna ceremonia<\/a>\r\n            <\/aside>\r\n            <\/div>\r\n    <div class=\"leonardo-image\">\r\n        <img loading=\"lazy\" decoding=\"async\" width=\"1280\" height=\"853\" src=\"https:\/\/www.koronakarkonoszy.pl\/blog\/wp-content\/uploads\/2022\/05\/zimowe-wesele.jpg\" class=\"attachment-full size-full\" alt=\"zimowe wesele: para m\u0142oda\" srcset=\"https:\/\/www.koronakarkonoszy.pl\/blog\/wp-content\/uploads\/2022\/05\/zimowe-wesele.jpg 1280w, https:\/\/www.koronakarkonoszy.pl\/blog\/wp-content\/uploads\/2022\/05\/zimowe-wesele-300x200.jpg 300w, https:\/\/www.koronakarkonoszy.pl\/blog\/wp-content\/uploads\/2022\/05\/zimowe-wesele-1024x682.jpg 1024w, https:\/\/www.koronakarkonoszy.pl\/blog\/wp-content\/uploads\/2022\/05\/zimowe-wesele-768x512.jpg 768w\" sizes=\"auto, (max-width: 1280px) 100vw, 1280px\" \/>            <\/div>\r\n<\/section>\n\n\n<h3 class=\"wp-block-heading\" id=\"ha-gdzie-na-slub-niewazne-gdzie-wazne-czym\">Gdzie na \u015blub? Niewa\u017cne gdzie, wa\u017cne czym!<\/h3>\n\n\n\n<p>W \u017cyciu najwa\u017cniejsza jest oczywi\u015bcie mi\u0142o\u015b\u0107&#8230; Pozw\u00f3lmy jej w pe\u0142ni rozkwitn\u0105\u0107 i nadajmy jej odpowiedni\u0105 opraw\u0119, zw\u0142aszcza podczas wesela. Kiedy mamy ju\u017c zaplanowany w szczeg\u00f3\u0142ach \u015blub i wesele i wybrali\u015bmy ju\u017c na nie miejsce, pozostaje jeszcze kwestia: czym na wesele si\u0119 dosta\u0107? Najpro\u015bciej, kiedy wesele jest w tym samym miejscu, gdzie bierzemy \u015blub. Je\u015bli jednak \u015blub bierzemy w ko\u015bciele albo w urz\u0119dzie, a wesele b\u0119dzie na przyk\u0142ad w najpi\u0119kniejszej sali balowej na Dolnym \u015al\u0105sku, to trzeba si\u0119 tam po prostu jako\u015b dosta\u0107.<\/p>\n\n\n\n<figure class=\"wp-block-image size-large\"><img loading=\"lazy\" decoding=\"async\" width=\"1024\" height=\"683\" src=\"https:\/\/www.koronakarkonoszy.pl\/blog\/wp-content\/uploads\/2022\/09\/IMG_9990-1024x683.jpg\" alt=\"\" class=\"wp-image-5882\" srcset=\"https:\/\/www.koronakarkonoszy.pl\/blog\/wp-content\/uploads\/2022\/09\/IMG_9990-1024x683.jpg 1024w, https:\/\/www.koronakarkonoszy.pl\/blog\/wp-content\/uploads\/2022\/09\/IMG_9990-300x200.jpg 300w, https:\/\/www.koronakarkonoszy.pl\/blog\/wp-content\/uploads\/2022\/09\/IMG_9990-768x512.jpg 768w, https:\/\/www.koronakarkonoszy.pl\/blog\/wp-content\/uploads\/2022\/09\/IMG_9990-1920x1280.jpg 1920w, https:\/\/www.koronakarkonoszy.pl\/blog\/wp-content\/uploads\/2022\/09\/IMG_9990-1536x1024.jpg 1536w, https:\/\/www.koronakarkonoszy.pl\/blog\/wp-content\/uploads\/2022\/09\/IMG_9990-2048x1365.jpg 2048w\" sizes=\"auto, (max-width: 1024px) 100vw, 1024px\" \/><figcaption class=\"wp-element-caption\"><strong><a href=\"https:\/\/www.koronakarkonoszy.pl\/sala-balowa\/\" target=\"_blank\" rel=\"noreferrer noopener\">Dworska Sala Balowa<\/a>, Dw\u00f3r Korona Karkonoszy <\/strong><\/figcaption><\/figure>\n\n\n\n<p>Klasycznym rozwi\u0105zaniem jest limuzyna \u015blubna, kt\u00f3r\u0105 mo\u017cna wynaj\u0105\u0107. Albo przystroi\u0107 odpowiednio zwyk\u0142y samoch\u00f3d. Ale je\u015bli Pa\u0144stwo M\u0142odzi maj\u0105 tak\u0105 fantazj\u0119 albo hobby, do \u015blubu mo\u017cna pojecha\u0107 pojazdem przystosowanym do jazdy off road, motocyklem, poci\u0105giem albo bryczk\u0105. Dla mi\u0142o\u015bnik\u00f3w hippiki doskona\u0142ym \u201e\u015brodkiem lokomocji\u201d b\u0119d\u0105 konie, najlepiej ulubione wierzchowce. Maniacy dw\u00f3ch k\u00f3\u0142ek mog\u0105 wybra\u0107 si\u0119 do \u015blubu swymi jedno\u015bladami. To tylko kilka przyk\u0142ad\u00f3w r\u00f3\u017cnych nietypowych odpowiedzi na pytanie, czym na wesele.<\/p>\n\n\n\n<figure class=\"wp-block-image size-large\"><a href=\"https:\/\/www.koronakarkonoszy.pl\/wesele\/\" target=\"_blank\" rel=\"noreferrer noopener\"><img loading=\"lazy\" decoding=\"async\" width=\"1024\" height=\"512\" src=\"https:\/\/www.koronakarkonoszy.pl\/blog\/wp-content\/uploads\/2022\/01\/stylowy_dwor_wesleny_DKK-4-1024x512.jpg\" alt=\"\" class=\"wp-image-4627\" srcset=\"https:\/\/www.koronakarkonoszy.pl\/blog\/wp-content\/uploads\/2022\/01\/stylowy_dwor_wesleny_DKK-4-1024x512.jpg 1024w, https:\/\/www.koronakarkonoszy.pl\/blog\/wp-content\/uploads\/2022\/01\/stylowy_dwor_wesleny_DKK-4-300x150.jpg 300w, https:\/\/www.koronakarkonoszy.pl\/blog\/wp-content\/uploads\/2022\/01\/stylowy_dwor_wesleny_DKK-4-768x384.jpg 768w, https:\/\/www.koronakarkonoszy.pl\/blog\/wp-content\/uploads\/2022\/01\/stylowy_dwor_wesleny_DKK-4.jpg 1200w\" sizes=\"auto, (max-width: 1024px) 100vw, 1024px\" \/><\/a><\/figure>\n\n\n\n<p>Ma\u0142o znanym, ale tradycyjnym w niekt\u00f3rych rejonach Karkonoszy \u015brodkiem transportu do \u015blubu jest <strong>lektyka<\/strong>. A dok\u0142adnie, tradycyjnie takie podr\u00f3\u017cowanie okre\u015blano mianem podr\u00f3\u017cy \u201ena dr\u0105gach\u201d. Tradycja ta wywodzi si\u0119 z tego, \u017ce aby dosta\u0107 si\u0119 do \u0179r\u00f3d\u0142a \u015awi\u0119tej Anny w <strong>Sosn\u00f3wce<\/strong>, ju\u017c przed wiekami mo\u017cniejsi tury\u015bci i kuracjusze wynajmowali tragarzy, kt\u00f3rzy transportowali ich wraz z ekwipunkiem na g\u00f3r\u0119 w\u0142a\u015bnie za pomoc\u0105 lektyk. Turyst\u00f3w wnoszono w lektykach nawet na Snie\u017ck\u0119! Na pocz\u0105tku XIX wieku istnia\u0142 ju\u017c na tym terenie \u201eKorpus przewodnik\u00f3w i tragarzy lektyk\u201d. Wsp\u00f3\u0142cze\u015bnie tradycja ta od\u017cywa i w\u0142a\u015bnie tak czasem docieraj\u0105 do \u015blubu zupe\u0142nie sprawni i rozweseleni Pa\u0144stwo M\u0142odzi i ich go\u015bcie. Dla niepewnych mo\u017cliwo\u015bci wsp\u00f3\u0142czesnych tragarzy nowo\u017ce\u0144c\u00f3w jest te\u017c dobra informacja. Wsz\u0119dzie na \u015blub mo\u017cna ju\u017c dotrze\u0107 r\u00f3wnie\u017c autem, skuterem, a nawet balonem!<\/p>\n\n\n<section id=\"leonardo-block_ab35832cb18d8a1565ecdffd0c7adfe4\" class=\"leonardo page-breaker leonardo-image-right\">\r\n    <div class=\"leonardo-body\">\r\n        <h2 class=\"leonardo-title\" id=\"h-slub-humanistyczny-najlepiej-w-plenerze\">\u015alub humanistyczny? Najlepiej w plenerze!<\/h2>        <div class=\"leonardo-content\"><p><!-- wp:heading --><\/p>\n<p><a href=\"https:\/\/www.koronakarkonoszy.pl\/blog\/miejsca-na-wesele-w-plenerze\/\" target=\"_blank\" rel=\"noopener\">Wesele w plenerze<\/a> ma wyj\u0105tkowy urok. Ziele\u0144 uspokaja i pobudza wydzielanie endorfin, podobnie jak promienie s\u0142oneczne. W nocy rozgwie\u017cd\u017cone niebo zamiast sufitu tworzy niesamowity nastr\u00f3j. Ta\u0144ce na \u015bwie\u017cym powietrzu s\u0105 o wiele przyjemniejsze ni\u017c w sali, a i jedzenie lepiej smakuje w plenerze.<\/p>\n<p><!-- \/wp:paragraph --> <!-- wp:paragraph --><\/p>\n<p>Oczywi\u015bcie musimy zadba\u0107 o zaplecze techniczne, kulinarne i sanitarne, dlatego najlepiej wybra\u0107 ogr\u00f3d czy park usytuowany przy sali weselnej, hotelu czy restauracji. Wtedy wszystkie niezb\u0119dne udogodnienia b\u0119d\u0105 na miejscu, a w razie niepogody b\u0119dzie si\u0119 gdzie schroni\u0107.<\/p>\n<p><!-- \/wp:paragraph --> <!-- wp:paragraph --><\/p>\n<p>W plenerze mo\u017cna te\u017c zawrze\u0107 \u015blub, nie tylko urz\u0105dzi\u0107 wesele. \u015aluby cywilne czy humanistyczne coraz cz\u0119\u015bciej odbywaj\u0105 si\u0119 w\u0142a\u015bnie w ogrodzie, w lesie czy na pla\u017cy. Wiele Par M\u0142odych marzy o takim w\u0142a\u015bnie \u015blubie i weselu \u2013 w otoczeniu przyrody, troch\u0119 mniej formalnym, bardziej na luzie.<\/p>\n<p><!-- \/wp:paragraph --><\/p>\n<\/div>\r\n                    <aside class=\"leonardo-interlink\">\r\n                <b>Polecamy<\/b>\r\n                <a href=\"https:\/\/www.koronakarkonoszy.pl\/blog\/en\/wesele-w-czerwcu-co-musisz-wiedziec\/\">Wesele w czerwcu &#8211; co musisz o nim wiedzie\u0107?<\/a>\r\n            <\/aside>\r\n            <\/div>\r\n    <div class=\"leonardo-image\">\r\n        <img loading=\"lazy\" decoding=\"async\" width=\"1512\" height=\"1095\" src=\"https:\/\/www.koronakarkonoszy.pl\/blog\/wp-content\/uploads\/2022\/10\/mloda-para-wesele-w-ogrodzie-54.jpg\" class=\"attachment-full size-full\" alt=\"\" srcset=\"https:\/\/www.koronakarkonoszy.pl\/blog\/wp-content\/uploads\/2022\/10\/mloda-para-wesele-w-ogrodzie-54.jpg 1512w, https:\/\/www.koronakarkonoszy.pl\/blog\/wp-content\/uploads\/2022\/10\/mloda-para-wesele-w-ogrodzie-54-300x217.jpg 300w, https:\/\/www.koronakarkonoszy.pl\/blog\/wp-content\/uploads\/2022\/10\/mloda-para-wesele-w-ogrodzie-54-1024x742.jpg 1024w, https:\/\/www.koronakarkonoszy.pl\/blog\/wp-content\/uploads\/2022\/10\/mloda-para-wesele-w-ogrodzie-54-768x556.jpg 768w\" sizes=\"auto, (max-width: 1512px) 100vw, 1512px\" \/>            <\/div>\r\n<\/section>\n\n\n<h3 class=\"wp-block-heading\" id=\"ha-niewazne-gdzie-bedzie-slubwazne-z-kim\">Niewa\u017cne, gdzie b\u0119dzie \u015blub&#8230;Wa\u017cne z kim!<\/h3>\n\n\n\n<p><strong>Sologamia<\/strong> to nie jest rozwi\u0105zanie dla ka\u017cdego. Ale je\u015bli marzymy o \u015blubie i imprezie weselnej, a nie mamy z kim go wzi\u0105\u0107, skorzystajmy z \u201ewyj\u015bcia awaryjnego\u201d, jakim jest \u015blub z samym sob\u0105czyli sologamia. Taka ceremonia coraz cz\u0119\u015bciej urz\u0105dzana jest przez osoby, kt\u00f3rym niekoniecznie zale\u017cy na partnerze, a bardziej na samej uroczysto\u015bci i przyj\u0119ciu weselnym.<\/p>\n\n\n\n<figure class=\"wp-block-image size-full\"><img loading=\"lazy\" decoding=\"async\" width=\"1024\" height=\"683\" src=\"https:\/\/www.koronakarkonoszy.pl\/blog\/wp-content\/uploads\/2021\/07\/fotograf-na-slub.jpg\" alt=\"\" class=\"wp-image-274\" srcset=\"https:\/\/www.koronakarkonoszy.pl\/blog\/wp-content\/uploads\/2021\/07\/fotograf-na-slub.jpg 1024w, https:\/\/www.koronakarkonoszy.pl\/blog\/wp-content\/uploads\/2021\/07\/fotograf-na-slub-300x200.jpg 300w, https:\/\/www.koronakarkonoszy.pl\/blog\/wp-content\/uploads\/2021\/07\/fotograf-na-slub-768x512.jpg 768w\" sizes=\"auto, (max-width: 1024px) 100vw, 1024px\" \/><figcaption class=\"wp-element-caption\"><strong>Para M\u0142oda<\/strong> <\/figcaption><\/figure>\n\n\n\n<p><br>Sologamia nie zawsze musi by\u0107 \u201eopcj\u0105 zapasow\u0105\u201d. Wprawdzie wi\u0119kszo\u015b\u0107 z nas ma poniek\u0105d wdrukowany plato\u0144ski mit o dw\u00f3ch po\u0142\u00f3wkach jab\u0142ka, kt\u00f3re przez ca\u0142e \u017cycia szukaj\u0105 swego dope\u0142nienia, swojej pary, bo bez tej drugiej czuj\u0105 si\u0119 niepe\u0142ne. Jednak to tylko mit. S\u0105 przecie\u017c osoby, kt\u00f3re dobrze czuj\u0105 si\u0119 w pojedynk\u0119. Kt\u00f3re nie maj\u0105 ochoty i\u015b\u0107 na kompromisy w \u017cyciu,. A ka\u017cdy zwi\u0105zek, nawet najszcz\u0119\u015bliwszy, to sztuka kompromisu. Cho\u0107by w kwestii stylu \u017cycia, miejsca zamieszkania, posiadania dzieci, sposobu sp\u0119dzania wolnego czasu czy urz\u0105dzenia mieszkania.<\/p>\n\n\n\n<figure class=\"wp-block-image size-large is-resized\"><img loading=\"lazy\" decoding=\"async\" width=\"1024\" height=\"683\" src=\"https:\/\/www.koronakarkonoszy.pl\/blog\/wp-content\/uploads\/2020\/11\/wesele-w-czerwcu-musi-sie-udac-1024x683.jpg\" alt=\"\" class=\"wp-image-3685\" style=\"width:840px;height:560px\" srcset=\"https:\/\/www.koronakarkonoszy.pl\/blog\/wp-content\/uploads\/2020\/11\/wesele-w-czerwcu-musi-sie-udac-1024x683.jpg 1024w, https:\/\/www.koronakarkonoszy.pl\/blog\/wp-content\/uploads\/2020\/11\/wesele-w-czerwcu-musi-sie-udac-300x200.jpg 300w, https:\/\/www.koronakarkonoszy.pl\/blog\/wp-content\/uploads\/2020\/11\/wesele-w-czerwcu-musi-sie-udac-768x512.jpg 768w, https:\/\/www.koronakarkonoszy.pl\/blog\/wp-content\/uploads\/2020\/11\/wesele-w-czerwcu-musi-sie-udac.jpg 1075w\" sizes=\"auto, (max-width: 1024px) 100vw, 1024px\" \/><figcaption class=\"wp-element-caption\"><strong><a href=\"https:\/\/www.koronakarkonoszy.pl\/\" target=\"_blank\" rel=\"noreferrer noopener\">Dw\u00f3r Korona Karkonoszy <\/a>&#8211; wesela plenerowe  <\/strong><\/figcaption><\/figure>\n\n\n\n<p>Niekt\u00f3rzy ceni\u0105 sobie totaln\u0105 wolno\u015b\u0107, jak\u0105 daje \u017cycia singla. A z drugiej strony chc\u0105 urz\u0105dzi\u0107 wesele, zrobi\u0107 huczn\u0105 imprez\u0119 dla bliskich. Wi\u0119c czemu nie? Przynajmniej decyzja, <strong>gdzie wesele<\/strong> b\u0119dzie \u0142atwiejsza \u2013 bo decydowa\u0107 b\u0119dzie tylko jedna osoba.<\/p>\n\n\n\n<h3 class=\"wp-block-heading\" id=\"ha-industrialne-miejsce-na-wesele\">Industrialne miejsce na wesele<\/h3>\n\n\n\n<p><a href=\"https:\/\/www.koronakarkonoszy.pl\/blog\/wesele-industrialne\/\" target=\"_blank\" rel=\"noreferrer noopener\">Wesele industrialne<\/a> naj\u0142atwiej oczywi\u015bcie urz\u0105dzi\u0107 w mie\u015bcie o przemys\u0142owych tradycjach, w kt\u00f3rym znajdziemy wiele dawnych obiekt\u00f3w techniki, cz\u0119sto teraz przerabianych na restauracje czy hotele. Takie wn\u0119trza maj\u0105 loftowy charakter i zachwycaj\u0105 swym industrialnym pi\u0119knem. Wysokie sufity, wielkie przemys\u0142owe okna, \u017celiwne i metalowe elementy typu schodu, kolumny, rampy \u2013 wszystko to tworzy niesamowity klimat. Na takim tle Panna M\u0142oda w swej bia\u0142ej sukni zal\u015bni niczym diament.<\/p>\n\n\n\n<figure class=\"wp-block-image size-large\"><img loading=\"lazy\" decoding=\"async\" width=\"1024\" height=\"768\" src=\"https:\/\/www.koronakarkonoszy.pl\/blog\/wp-content\/uploads\/2022\/10\/kacper-chaladaj-OXxHUfE6JEc-unsplash-1024x768.jpg\" alt=\"\" class=\"wp-image-6344\" srcset=\"https:\/\/www.koronakarkonoszy.pl\/blog\/wp-content\/uploads\/2022\/10\/kacper-chaladaj-OXxHUfE6JEc-unsplash-1024x768.jpg 1024w, https:\/\/www.koronakarkonoszy.pl\/blog\/wp-content\/uploads\/2022\/10\/kacper-chaladaj-OXxHUfE6JEc-unsplash-300x225.jpg 300w, https:\/\/www.koronakarkonoszy.pl\/blog\/wp-content\/uploads\/2022\/10\/kacper-chaladaj-OXxHUfE6JEc-unsplash-768x576.jpg 768w, https:\/\/www.koronakarkonoszy.pl\/blog\/wp-content\/uploads\/2022\/10\/kacper-chaladaj-OXxHUfE6JEc-unsplash-1536x1152.jpg 1536w, https:\/\/www.koronakarkonoszy.pl\/blog\/wp-content\/uploads\/2022\/10\/kacper-chaladaj-OXxHUfE6JEc-unsplash.jpg 1920w\" sizes=\"auto, (max-width: 1024px) 100vw, 1024px\" \/><figcaption class=\"wp-element-caption\"><strong>Loft na wesele <\/strong><\/figcaption><\/figure>\n\n\n\n<p>Tego typu <strong>miejsca na wesele<\/strong> naj\u0142atwiej znale\u017a\u0107 w Katowicach i innych miastach Zag\u0142\u0119bia, w \u0141odzi czy Gdyni lub Wroc\u0142awiu. Ale nawet poza miastem znajdziemy obiekty nadaj\u0105c si\u0119 na t\u0142o industrialnego wesela \u2013 cho\u0107by dawne m\u0142yny, ku\u017anie, gorzelnie albo folwarki.&nbsp; &nbsp;<\/p>\n\n\n<section id=\"leonardo-block_8e7da64f0972c393ab9deac876140b2a\" class=\"leonardo page-breaker leonardo-image-left\">\r\n    <div class=\"leonardo-body\">\r\n                <div class=\"leonardo-content\"><p><!-- wp:heading --><\/p>\n<h3 id=\"ha-rustykalne-miejsca-na-wesele\">Rustykalne miejsca na wesele<\/h3>\n<p>Jakie s\u0105 rustykalne miejsca na wesele? Najbardziej rustykalne miejsca na wesele, jakie\u00a0 tylko mo\u017cemy obie wyobrazi\u0107, to skanseny. Te muzea na \u015bwie\u017cym powietrzu pozwalaj\u0105 nam przenie\u015b\u0107 si\u0119 w \u015bwiat naszych przodk\u00f3w. Drewniana chata z wisz\u0105cymi u powa\u0142y kolorowymi paj\u0105kami z bibu\u0142ki, papierowe wycinanki w male\u0144kich okienkach, proste \u0142awy i sto\u0142y przykryte \u015bwie\u017co wykrochmalonym p\u0142\u00f3tnem sprawiaj\u0105, \u017ce poczujemy si\u0119, jakby\u015bmy wsiedli do wehiku\u0142u czasu i cofn\u0119li o jakie\u015b 150 lat\u2026<\/p>\n<p><!-- \/wp:paragraph --> <!-- wp:paragraph --><\/p>\n<p>Mo\u017cna te\u017c ustawi\u0107 sto\u0142y pod star\u0105 lip\u0105 przed domem, i zorganizowa\u0107 <a href=\"https:\/\/www.koronakarkonoszy.pl\/blog\/wesele-w-ogrodzie\/\" target=\"_blank\" rel=\"noopener\">wesele w ogrodzie<\/a>. Kamionkowa zastawa, polne bukiety w glinianych dzbankach, tradycyjne wiejskie jad\u0142o wszystko to znajdziemy, je\u015bli wybierzemy rustykalne miejsce na wesele.<\/p>\n<p><!-- \/wp:paragraph --> <!-- wp:paragraph --><\/p>\n<p>Albo stodo\u0142a \u2013 wesela w stodo\u0142ach staj\u0105 si\u0119 coraz bardziej popularne. Mamy do czynienia albo z dawnymi, oryginalnymi budynkami, dostosowanymi do wymaga\u0144 wsp\u00f3\u0142czesnych Par M\u0142odych. Albo z nowymi obiektami, stylizowanymi na stare wiejskie budynki gospodarcze.<\/p>\n<p><!-- \/wp:paragraph --> <!-- wp:paragraph --><\/p>\n<p>Tak czy inaczej, je\u015bli zdecydujemy si\u0119 na <a href=\"https:\/\/www.koronakarkonoszy.pl\/blog\/rustykalne-wesele\/\">rustykalne wesele<\/a>, magiczna, a przy tym rodzinna i ciep\u0142a atmosfera gwarantowana!<\/p>\n<p><!-- \/wp:paragraph --><\/p>\n<\/div>\r\n                    <aside class=\"leonardo-interlink\">\r\n                <b>Polecamy<\/b>\r\n                <a href=\"https:\/\/www.koronakarkonoszy.pl\/blog\/en\/slub-w-piatek-modny-zwyczaj-ostatnich-lat\/\">\u015alub w pi\u0105tek &#8211; modny zwyczaj ostatnich lat!<\/a>\r\n            <\/aside>\r\n            <\/div>\r\n    <div class=\"leonardo-image\">\r\n        <img loading=\"lazy\" decoding=\"async\" width=\"1920\" height=\"1280\" src=\"https:\/\/www.koronakarkonoszy.pl\/blog\/wp-content\/uploads\/2022\/03\/jonathan-borba-OoJIOP2QLUg-unsplash.jpg\" class=\"attachment-full size-full\" alt=\"atrakcje \u015blubne: niespodzianka\" srcset=\"https:\/\/www.koronakarkonoszy.pl\/blog\/wp-content\/uploads\/2022\/03\/jonathan-borba-OoJIOP2QLUg-unsplash.jpg 1920w, https:\/\/www.koronakarkonoszy.pl\/blog\/wp-content\/uploads\/2022\/03\/jonathan-borba-OoJIOP2QLUg-unsplash-300x200.jpg 300w, https:\/\/www.koronakarkonoszy.pl\/blog\/wp-content\/uploads\/2022\/03\/jonathan-borba-OoJIOP2QLUg-unsplash-1024x683.jpg 1024w, https:\/\/www.koronakarkonoszy.pl\/blog\/wp-content\/uploads\/2022\/03\/jonathan-borba-OoJIOP2QLUg-unsplash-768x512.jpg 768w, https:\/\/www.koronakarkonoszy.pl\/blog\/wp-content\/uploads\/2022\/03\/jonathan-borba-OoJIOP2QLUg-unsplash-1536x1024.jpg 1536w\" sizes=\"auto, (max-width: 1920px) 100vw, 1920px\" \/>            <\/div>\r\n<\/section>\n\n<section id=\"leonardo-block_5ed27eba7703be2cdee55d2a70e80362\" class=\"leonardo page-breaker leonardo-image-right\">\r\n    <div class=\"leonardo-body\">\r\n                <div class=\"leonardo-content\"><p><!-- wp:heading --><\/p>\n<h3 id=\"ha-przyjecie-weselne-na-rzece\">Przyj\u0119cie weselne na rzece<\/h3>\n<p>Od kilkunastu ju\u017c lat polskie miasta zaczynaj\u0105 wykorzystywa\u0107 potencja\u0142, jaki daje po\u0142o\u017cenie nad du\u017c\u0105 rzek\u0105. Rewitalizuj\u0105 bulwary, rozwijaj\u0105 \u017ceglug\u0119 \u015br\u00f3dl\u0105dow\u0105, tak\u017ce t\u0119 turystyczn\u0105, otwieraj\u0105 knajpki i bary. Atmosfera nie do podrobienia!<\/p>\n<p><!-- \/wp:paragraph --> <!-- wp:paragraph --><\/p>\n<p>\u015awiat\u0142a miasta odbijaj\u0105ce si\u0119 w wodzie rzeki wykreuj\u0105 magiczn\u0105, wyj\u0105tkow\u0105 atmosfer\u0119. Idealn\u0105 na wesele! Miasto z perspektywy rzeki wygl\u0105da ca\u0142kiem inaczej. Nawet doskonale znane miejsca nabieraj\u0105 nowego charakteru. Pla\u017ce i bulwary w centrum miasta kusz\u0105 miejskim gwarem i wakacyjnym klimatem. Na rzekach pojawia si\u0119 coraz wi\u0119cej barek i statk\u00f3w, na kt\u00f3rych mo\u017cna urz\u0105dzi\u0107 wesele.<\/p>\n<p><!-- \/wp:paragraph --><\/p>\n<\/div>\r\n            <\/div>\r\n    <div class=\"leonardo-image\">\r\n        <img loading=\"lazy\" decoding=\"async\" width=\"1920\" height=\"2560\" src=\"https:\/\/www.koronakarkonoszy.pl\/blog\/wp-content\/uploads\/2022\/10\/michal-er-mcZaTkl8-unsplash.jpg\" class=\"attachment-full size-full\" alt=\"\" srcset=\"https:\/\/www.koronakarkonoszy.pl\/blog\/wp-content\/uploads\/2022\/10\/michal-er-mcZaTkl8-unsplash.jpg 1920w, https:\/\/www.koronakarkonoszy.pl\/blog\/wp-content\/uploads\/2022\/10\/michal-er-mcZaTkl8-unsplash-225x300.jpg 225w, https:\/\/www.koronakarkonoszy.pl\/blog\/wp-content\/uploads\/2022\/10\/michal-er-mcZaTkl8-unsplash-768x1024.jpg 768w, https:\/\/www.koronakarkonoszy.pl\/blog\/wp-content\/uploads\/2022\/10\/michal-er-mcZaTkl8-unsplash-1440x1920.jpg 1440w, https:\/\/www.koronakarkonoszy.pl\/blog\/wp-content\/uploads\/2022\/10\/michal-er-mcZaTkl8-unsplash-1152x1536.jpg 1152w, https:\/\/www.koronakarkonoszy.pl\/blog\/wp-content\/uploads\/2022\/10\/michal-er-mcZaTkl8-unsplash-1536x2048.jpg 1536w\" sizes=\"auto, (max-width: 1920px) 100vw, 1920px\" \/>            <\/div>\r\n<\/section>\n\n\n<h3 class=\"wp-block-heading\" id=\"h-sala-weselna-na-wy-czno\">Sala weselna na wy\u0142\u0105czno\u015b\u0107? W Dw\u00f3r Korona Karkonoszy jak najbardziej!<\/h3>\n\n\n\n<p>Szukaj\u0105c miejsca na zorganizowanie wymarzonego wesela, warto zwr\u00f3ci\u0107 uwag\u0119 na to, czy podczas zabawy nikt poza go\u015b\u0107mi weselnymi nie b\u0119dzie m\u00f3g\u0142 wej\u015b\u0107 na teren posesji. Najlepiej, aby w\u0142a\u015bciciele obiektu zastrzegli, \u017ce nie organizuj\u0105 dw\u00f3ch wesel w tym samym czasie. I zobowi\u0105zali si\u0119 do tego, \u017ce podczas trwania wesela nie prowadz\u0105 szkole\u0144 dla firm, a tak\u017ce nie przyjmuj\u0105 indywidualnych go\u015bci. W\u00f3wczas weselnicy nie musz\u0105 si\u0119 martwi\u0107 o to, \u017ce nieoczekiwani go\u015bcie popsuj\u0105 ich wyj\u0105tkowy dzie\u0144.<\/p>\n\n\n\n<style>\n    .cta_block{\n        margin: 1.5em 0;\n    }\n    .cta_block_content {\n        position: relative;\n        color: white;\n        padding: 1em;\n    }\n    .cta_block_content h3{\n        text-align: center;\n        font: normal normal normal 36px\/50px Yeseva One;\n    }\n    .cta_block_content .cta_block_desc{\n        text-align: center;\n        font-size: 1.1em;\n        position: relative;\n    }\n    .cta_block_content .cta_block_desc:before {\n        content: '';\n        width: 80px;\n        height: 4px;\n        background: #EEB315;\n        position: absolute;\n        left: 0;\n        right: 0;\n        margin-left: auto;\n        margin-right: auto;\n        top: -22px;\n    }\n\n    .cta_block_content picture{\n        position: absolute;\n        top: 0;\n        right: 0;\n        z-index: -1;\n        height: 100%;\n        overflow: hidden;\n        width: 100%;\n    }\n    .cta_block_content picture img{\n        object-fit: cover;\n        height: 100%;\n        width: 100%;\n    }\n    .cta_block .cta_block_content .ninja-forms-field{\n        background: #FFFFFF2F;\n        border: 1px solid #EEB315;\n        border-radius: 25px;\n        opacity: 1;\n        color: #ffffff;\n    }\n    .cta_block .cta_block_content .nf-form-content input[type=submit]{\n        background-color: #EEB315;\n        color: #292929;\n        text-align: center;\n        font: normal normal bold 14px\/20px Work Sans;\n        padding: 0 2em;\n    }\n\n    .cta_block ::placeholder{\n        color: white!important;\n        opacity: 1;\n    }\n\n    .cta_block_content::after {\n        height: 100%;\n        width: 100%;\n        content: \"\";\n        z-index: -1;\n        position: absolute;\n        top: 0;\n        background: #00000070;\n        right: 0;\n        left: 0;\n        bottom: 0;\n    }\n    #ha-cta-block, .cta_block_desc, .cta_block .nf-field-label, .cta_block .nf-error-msg {\n        filter: drop-shadow(1px 1px 8px black);\n    }\n\n\/*    .cta_block nf-rows-wrap {\n        display: flex;\n        justify-content: space-around;\n        flex-direction: row;\n    }*\/\n\n    .cta_block .nf-field-label {\n        display:none;\n    }\n\n    .cta_block .nf-error.field-wrap .nf-field-element::after {\n        border-radius: 50px;\n    }\n\n    .cta_block .nf-error-msg {\n        color: #fff;\n    }\n\n    .cta_block .nf-form-cont {\n        margin-top: 3em;\n        margin-bottom: 1em;\n    }\n\n    .wp-admin .cta_block_content{\n        display: none;\n    }\n    .cta_block .nf-form-fields-required {\n        display: none;\n    }\n    body:not(.wp-admin) .cta_block_admin {\n        display: none;\n    }\n<\/style>\n<div id=\"cta_block-block_f3fa4cf45eee1940639b9ad32466c764\" class=\"cta_block\">\n    <div class=\"cta_block_admin\" style=\"background-color: blue; color: white\">\n        Blok CTA\n    <\/div>\n    <div class=\"cta_block\">\n        <div class=\"cta_block_content\">   \n        <h3 id=\"ha-sala-weselna-na-wylacznosc\">Sala weselna na wy\u0142\u0105czno\u015b\u0107?<\/h3>\n                    <div class=\"cta_block_desc\">Nasz obiekt jest do Waszej dyspozycji \u2665<\/div>\n                <noscript class=\"ninja-forms-noscript-message\">\n\tNotice: JavaScript is required for this content.<\/noscript>\n<div id=\"nf-form-3_1-cont\" class=\"nf-form-cont\" aria-live=\"polite\" aria-labelledby=\"nf-form-title-3_1\" aria-describedby=\"nf-form-errors-3_1\" role=\"form\">\n\n    <div class=\"nf-loading-spinner\"><\/div>\n\n<\/div>\n        <!-- That data is being printed as a workaround to page builders reordering the order of the scripts loaded-->\n        <script>var formDisplay=1;var nfForms=nfForms||[];var form=[];form.id='3_1';form.settings={\"objectType\":\"Form Setting\",\"editActive\":true,\"title\":\"Block CTA\",\"created_at\":\"2022-11-08 16:03:33\",\"default_label_pos\":\"above\",\"show_title\":0,\"clear_complete\":\"1\",\"hide_complete\":\"1\",\"logged_in\":\"\",\"wrapper_class\":\"\",\"element_class\":\"\",\"key\":\"\",\"add_submit\":\"0\",\"changeEmailErrorMsg\":\"Please enter a valid email address!\",\"changeDateErrorMsg\":\"Please enter a valid date!\",\"confirmFieldErrorMsg\":\"These fields must match!\",\"fieldNumberNumMinError\":\"Number Min Error\",\"fieldNumberNumMaxError\":\"Number Max Error\",\"fieldNumberIncrementBy\":\"Please increment by \",\"formErrorsCorrectErrors\":\"Please correct errors before submitting this form.\",\"validateRequiredField\":\"This is a required field.\",\"honeypotHoneypotError\":\"Honeypot Error\",\"fieldsMarkedRequired\":\"Fields marked with an &lt;span class=&quot;ninja-forms-req-symbol&quot;&gt;*&lt;\\\/span&gt; are required\",\"currency\":\"\",\"repeatable_fieldsets\":\"\",\"unique_field_error\":\"Formularz z t\\u0105 warto\\u015bci\\u0105 zosta\\u0142 ju\\u017c przes\\u0142any.\",\"not_logged_in_msg\":\"\",\"sub_limit_msg\":\"Formularz osi\\u0105gn\\u0105\\u0142 limit wys\\u0142a\\u0144.\",\"calculations\":[],\"container_styles_show_advanced_css\":\"0\",\"title_styles_show_advanced_css\":\"0\",\"row_styles_show_advanced_css\":\"0\",\"row-odd_styles_show_advanced_css\":\"0\",\"success-msg_styles_show_advanced_css\":\"0\",\"error_msg_styles_show_advanced_css\":\"0\",\"formContentData\":[{\"order\":1,\"cells\":[{\"order\":0,\"fields\":[\"phone_1640098023980\"],\"width\":35},{\"order\":1,\"fields\":[\"adres_e-mail_1667919839452\"],\"width\":35},{\"order\":2,\"fields\":[\"zapisz_mnie_1667919853255\"],\"width\":30}]}],\"drawerDisabled\":false,\"conditions\":[],\"allow_public_link\":0,\"embed_form\":\"\",\"container_styles_border\":\"\",\"container_styles_height\":\"\",\"container_styles_margin\":\"\",\"container_styles_padding\":\"\",\"container_styles_float\":\"\",\"title_styles_border\":\"\",\"title_styles_height\":\"\",\"title_styles_width\":\"\",\"title_styles_font-size\":\"\",\"title_styles_margin\":\"\",\"title_styles_padding\":\"\",\"title_styles_float\":\"\",\"row_styles_border\":\"\",\"row_styles_width\":\"\",\"row_styles_font-size\":\"\",\"row_styles_margin\":\"\",\"row_styles_padding\":\"\",\"row-odd_styles_border\":\"\",\"row-odd_styles_height\":\"\",\"row-odd_styles_width\":\"\",\"row-odd_styles_font-size\":\"\",\"row-odd_styles_margin\":\"\",\"row-odd_styles_padding\":\"\",\"success-msg_styles_border\":\"\",\"success-msg_styles_height\":\"\",\"success-msg_styles_width\":\"\",\"success-msg_styles_font-size\":\"\",\"success-msg_styles_margin\":\"\",\"success-msg_styles_padding\":\"\",\"error_msg_styles_border\":\"\",\"error_msg_styles_width\":\"\",\"error_msg_styles_font-size\":\"\",\"error_msg_styles_margin\":\"\",\"error_msg_styles_padding\":\"\",\"form_title_heading_level\":\"3\",\"ninjaForms\":\"Ninja Forms\",\"fieldTextareaRTEInsertLink\":\"Insert Link\",\"fieldTextareaRTEInsertMedia\":\"Insert Media\",\"fieldTextareaRTESelectAFile\":\"Select a file\",\"formHoneypot\":\"If you are a human seeing this field, please leave it empty.\",\"fileUploadOldCodeFileUploadInProgress\":\"File Upload in Progress.\",\"fileUploadOldCodeFileUpload\":\"FILE UPLOAD\",\"currencySymbol\":\"&#36;\",\"thousands_sep\":\",\",\"decimal_point\":\".\",\"siteLocale\":\"en_GB\",\"dateFormat\":\"m\\\/d\\\/Y\",\"startOfWeek\":\"1\",\"of\":\"of\",\"previousMonth\":\"Previous Month\",\"nextMonth\":\"Next Month\",\"months\":[\"January\",\"February\",\"March\",\"April\",\"May\",\"June\",\"July\",\"August\",\"September\",\"October\",\"November\",\"December\"],\"monthsShort\":[\"Jan\",\"Feb\",\"Mar\",\"Apr\",\"May\",\"Jun\",\"Jul\",\"Aug\",\"Sep\",\"Oct\",\"Nov\",\"Dec\"],\"weekdays\":[\"Sunday\",\"Monday\",\"Tuesday\",\"Wednesday\",\"Thursday\",\"Friday\",\"Saturday\"],\"weekdaysShort\":[\"Sun\",\"Mon\",\"Tue\",\"Wed\",\"Thu\",\"Fri\",\"Sat\"],\"weekdaysMin\":[\"Su\",\"Mo\",\"Tu\",\"We\",\"Th\",\"Fr\",\"Sa\"],\"recaptchaConsentMissing\":\"reCaptcha validation couldn&#039;t load.\",\"recaptchaMissingCookie\":\"reCaptcha v3 validation couldn&#039;t load the cookie needed to submit the form.\",\"recaptchaConsentEvent\":\"Accept reCaptcha cookies before sending the form.\",\"currency_symbol\":\"\",\"beforeForm\":\"\",\"beforeFields\":\"\",\"afterFields\":\"\",\"afterForm\":\"\"};form.fields=[{\"objectType\":\"Field\",\"objectDomain\":\"fields\",\"editActive\":false,\"order\":1,\"idAttribute\":\"id\",\"type\":\"phone\",\"label\":\"Numer telefonu\",\"key\":\"phone_1640098023980\",\"label_pos\":\"above\",\"required\":1,\"default\":\"\",\"placeholder\":\"Numer telefonu\",\"container_class\":\"\",\"element_class\":\"\",\"input_limit\":\"\",\"input_limit_type\":\"characters\",\"input_limit_msg\":\"Liczba pozosta\\u0142ych znak\\u00f3w:\",\"manual_key\":\"\",\"admin_label\":\"\",\"help_text\":\"\",\"mask\":\"\",\"custom_mask\":\"\",\"custom_name_attribute\":\"phone\",\"personally_identifiable\":1,\"wrap_styles_border\":\"\",\"wrap_styles_width\":\"\",\"wrap_styles_margin\":\"\",\"wrap_styles_padding\":\"\",\"wrap_styles_float\":\"\",\"wrap_styles_show_advanced_css\":0,\"label_styles_border\":\"\",\"label_styles_width\":\"\",\"label_styles_font-size\":\"\",\"label_styles_margin\":\"\",\"label_styles_padding\":\"\",\"label_styles_float\":\"\",\"label_styles_show_advanced_css\":0,\"element_styles_border\":\"\",\"element_styles_width\":\"\",\"element_styles_font-size\":\"\",\"element_styles_margin\":\"\",\"element_styles_padding\":\"\",\"element_styles_float\":\"\",\"element_styles_show_advanced_css\":0,\"cellcid\":\"c3386\",\"value\":\"\",\"field_label\":\"Numer telefonu\",\"field_key\":\"phone_1640098023980\",\"drawerDisabled\":false,\"id\":\"8_1\",\"beforeField\":\"\",\"afterField\":\"\",\"parentType\":\"textbox\",\"element_templates\":[\"tel\",\"textbox\",\"input\"],\"old_classname\":\"\",\"wrap_template\":\"wrap\"},{\"objectType\":\"Field\",\"objectDomain\":\"fields\",\"editActive\":false,\"order\":2,\"idAttribute\":\"id\",\"type\":\"email\",\"label\":\"Adres e-mail\",\"key\":\"adres_e-mail_1667919839452\",\"label_pos\":\"above\",\"required\":1,\"default\":\"\",\"placeholder\":\"Adres e-mail\",\"container_class\":\"\",\"element_class\":\"\",\"admin_label\":\"\",\"help_text\":\"\",\"custom_name_attribute\":\"email\",\"personally_identifiable\":1,\"wrap_styles_border\":\"\",\"wrap_styles_width\":\"\",\"wrap_styles_margin\":\"\",\"wrap_styles_padding\":\"\",\"wrap_styles_float\":\"\",\"wrap_styles_show_advanced_css\":0,\"label_styles_border\":\"\",\"label_styles_width\":\"\",\"label_styles_font-size\":\"\",\"label_styles_margin\":\"\",\"label_styles_padding\":\"\",\"label_styles_float\":\"\",\"label_styles_show_advanced_css\":0,\"element_styles_border\":\"\",\"element_styles_width\":\"\",\"element_styles_font-size\":\"\",\"element_styles_margin\":\"\",\"element_styles_padding\":\"\",\"element_styles_float\":\"\",\"element_styles_show_advanced_css\":0,\"cellcid\":\"c3389\",\"value\":\"\",\"drawerDisabled\":false,\"field_label\":\"E-mail\",\"field_key\":\"email_1640098026199\",\"id\":\"9_1\",\"beforeField\":\"\",\"afterField\":\"\",\"parentType\":\"email\",\"element_templates\":[\"email\",\"input\"],\"old_classname\":\"\",\"wrap_template\":\"wrap\"},{\"objectType\":\"Field\",\"objectDomain\":\"fields\",\"editActive\":false,\"order\":3,\"idAttribute\":\"id\",\"type\":\"submit\",\"label\":\"Zapisz mnie\",\"processing_label\":\"W trakcie realizacji\",\"container_class\":\"\",\"element_class\":\"\",\"key\":\"zapisz_mnie_1667919853255\",\"wrap_styles_border\":\"\",\"wrap_styles_width\":\"\",\"wrap_styles_margin\":\"\",\"wrap_styles_padding\":\"\",\"wrap_styles_float\":\"\",\"wrap_styles_show_advanced_css\":0,\"element_styles_border\":\"\",\"element_styles_width\":\"\",\"element_styles_font-size\":\"\",\"element_styles_margin\":\"\",\"element_styles_padding\":\"\",\"element_styles_float\":\"\",\"element_styles_show_advanced_css\":0,\"submit_element_hover_styles_border\":\"\",\"submit_element_hover_styles_width\":\"\",\"submit_element_hover_styles_font-size\":\"\",\"submit_element_hover_styles_margin\":\"\",\"submit_element_hover_styles_padding\":\"\",\"submit_element_hover_styles_float\":\"\",\"submit_element_hover_styles_show_advanced_css\":0,\"cellcid\":\"c3391\",\"drawerDisabled\":false,\"field_label\":\"Zamawiam rozmow\\u0119\",\"field_key\":\"zamawiam_rozmowe_1640098067453\",\"id\":\"10_1\",\"beforeField\":\"\",\"afterField\":\"\",\"value\":\"\",\"label_pos\":\"above\",\"parentType\":\"textbox\",\"element_templates\":[\"submit\",\"button\",\"input\"],\"old_classname\":\"\",\"wrap_template\":\"wrap-no-label\"}];nfForms.push(form);<\/script>\n                <script id=\"nf-tmpl-cell\" type=\"text\/template\">\n            <nf-fields><\/nf-fields>\n        <\/script>\n\n        <script id=\"nf-tmpl-row\" type=\"text\/template\">\n            <nf-cells><\/nf-cells>\n        <\/script>\n\n                <img loading=\"lazy\" decoding=\"async\" width=\"1500\" height=\"705\" src=\"https:\/\/www.koronakarkonoszy.pl\/blog\/wp-content\/uploads\/2022\/06\/Dwor-Korona-Karkonoszy.jpg\" class=\"attachment-full size-full\" alt=\"\" srcset=\"https:\/\/www.koronakarkonoszy.pl\/blog\/wp-content\/uploads\/2022\/06\/Dwor-Korona-Karkonoszy.jpg 1500w, https:\/\/www.koronakarkonoszy.pl\/blog\/wp-content\/uploads\/2022\/06\/Dwor-Korona-Karkonoszy-300x141.jpg 300w, https:\/\/www.koronakarkonoszy.pl\/blog\/wp-content\/uploads\/2022\/06\/Dwor-Korona-Karkonoszy-1024x481.jpg 1024w, https:\/\/www.koronakarkonoszy.pl\/blog\/wp-content\/uploads\/2022\/06\/Dwor-Korona-Karkonoszy-768x361.jpg 768w\" sizes=\"auto, (max-width: 1500px) 100vw, 1500px\" \/>        <\/div> \n    <\/div>\n<\/div>\n\n\n\n<p>Je\u015bli szukacie idealnej sali weselnej, nie mogli\u015bcie trafi\u0107 lepiej. Zaopiekujemy si\u0119 Wami i Waszymi go\u015b\u0107mi \u2665<\/p>\n\n\n\n<figure class=\"wp-block-image size-large\"><img loading=\"lazy\" decoding=\"async\" width=\"1024\" height=\"683\" src=\"https:\/\/www.koronakarkonoszy.pl\/blog\/wp-content\/uploads\/2022\/08\/20722274301_85905cf57f_o-1024x683.jpg\" alt=\"\" class=\"wp-image-5262\" srcset=\"https:\/\/www.koronakarkonoszy.pl\/blog\/wp-content\/uploads\/2022\/08\/20722274301_85905cf57f_o-1024x683.jpg 1024w, https:\/\/www.koronakarkonoszy.pl\/blog\/wp-content\/uploads\/2022\/08\/20722274301_85905cf57f_o-300x200.jpg 300w, https:\/\/www.koronakarkonoszy.pl\/blog\/wp-content\/uploads\/2022\/08\/20722274301_85905cf57f_o-768x512.jpg 768w, https:\/\/www.koronakarkonoszy.pl\/blog\/wp-content\/uploads\/2022\/08\/20722274301_85905cf57f_o.jpg 1200w\" sizes=\"auto, (max-width: 1024px) 100vw, 1024px\" \/><figcaption class=\"wp-element-caption\"><strong><a href=\"https:\/\/www.koronakarkonoszy.pl\/sala-balowa\/\" target=\"_blank\" rel=\"noreferrer noopener\">Dworska Sala Balowa<\/a>, Dw\u00f3r Korona Karkonoszy <\/strong><\/figcaption><\/figure>\n\n\n<style>\n  .destination_map {\n    margin: 1.5em 0;\n  }\n\n  body:not(.wp-admin) .admin {\n    display: none;\n  }\n\n  .map {\n    max-width: 800px;\n    height: 400px;\n  }\n\n  .wp-admin .map {\n    display: none;\n  }\n<\/style>\n\n<div id=\"destination_map-block_01c3584ff275cc146e250595e16a67a6\" class=\"destination_map\">\n  <div class=\"destinationmap-body admin\" style=\"background-color: lightblue;\">\n        Mapa dojazdu\n  <\/div>\n  <div id=\"block_01c3584ff275cc146e250595e16a67a6\" class=\"map\"><\/div>\n<\/div>\n\n<script>\n  (function($) {\n\n    function mapLocation() {\n      var directionsDisplay;\n      var directionsService = new google.maps.DirectionsService();\n      var map;\n\n      function initialize() {\n        var pos = new google.maps.LatLng(50.8190591, 15.7212853);\n        var mapOptions = {\n          zoom: 11,\n          center: pos\n        };\n        map = new google.maps.Map(document.getElementById('block_01c3584ff275cc146e250595e16a67a6'), mapOptions);\n\n        var marker = new google.maps.Marker({\n          position: pos,\n          map: map\n        });\n\n      }\n\n      google.maps.event.addDomListener(window, 'load', initialize);\n    }\n    mapLocation();\n\n  })(jQuery);\n<\/script>","protected":false},"excerpt":{"rendered":"<p>\u201eWesele\u201d, jak sama nazwa wskazuje, to czas rado\u015bci i weselenia si\u0119. Go\u015bcie ciesz\u0105 si\u0119 ze szcz\u0119\u015bcia dwojga ludzi, kt\u00f3rzy w\u0142a\u015bnie zadeklarowali, \u017ce chc\u0105 prze\u017cy\u0107 razem ca\u0142e \u017cycie. Gdzie wesele zorganizowa\u0107? By te szczeg\u00f3lne chwile nie rozmin\u0119\u0142y si\u0119 z naszymi marzeniami, warto prze\u017cy\u0107 je tam, gdzie wszystko zosta\u0142o zaprojektowane z my\u015bl\u0105 o szcz\u0119\u015bciu M\u0142odej Pary. Czego [&hellip;]<\/p>\n","protected":false},"author":11,"featured_media":715,"comment_status":"closed","ping_status":"closed","sticky":false,"template":"","format":"standard","meta":{"_acf_changed":false,"footnotes":""},"categories":[2,11,3],"class_list":["post-711","post","type-post","status-publish","format-standard","has-post-thumbnail","hentry","category-porady","category-sala-weselna","category-trendy"],"acf":[],"yoast_head":"<!-- This site is optimized with the Yoast SEO plugin v27.4 - https:\/\/yoast.com\/product\/yoast-seo-wordpress\/ -->\n<title>Gdzie wesele, czyli jak wybra\u0107 idealne miejsce? - :: Blog weselny<\/title>\n<meta name=\"description\" content=\"Gdzie wesele zorganizowa\u0107? To proste. Tam, gdzie wszystko zosta\u0142o zaprojektowane z my\u015bl\u0105 o szcz\u0119\u015bciu M\u0142odej Pary! Sprawd\u017acie nasze propozycje\" \/>\n<meta name=\"robots\" content=\"index, follow, max-snippet:-1, max-image-preview:large, max-video-preview:-1\" \/>\n<link rel=\"canonical\" href=\"https:\/\/www.koronakarkonoszy.pl\/blog\/en\/where-the-wedding\/\" \/>\n<meta property=\"og:locale\" content=\"en_GB\" \/>\n<meta property=\"og:type\" content=\"article\" \/>\n<meta property=\"og:title\" content=\"Gdzie wesele, czyli jak wybra\u0107 idealne miejsce? - :: Blog weselny\" \/>\n<meta property=\"og:description\" content=\"Gdzie wesele zorganizowa\u0107? To proste. Tam, gdzie wszystko zosta\u0142o zaprojektowane z my\u015bl\u0105 o szcz\u0119\u015bciu M\u0142odej Pary! Sprawd\u017acie nasze propozycje\" \/>\n<meta property=\"og:url\" content=\"https:\/\/www.koronakarkonoszy.pl\/blog\/en\/where-the-wedding\/\" \/>\n<meta property=\"og:site_name\" content=\":: Blog weselny\" \/>\n<meta property=\"article:published_time\" content=\"2024-05-26T10:17:00+00:00\" \/>\n<meta property=\"article:modified_time\" content=\"2025-01-07T14:57:17+00:00\" \/>\n<meta property=\"og:image\" content=\"https:\/\/www.koronakarkonoszy.pl\/blog\/wp-content\/uploads\/2021\/07\/dwor_butikowy.jpg\" \/>\n\t<meta property=\"og:image:width\" content=\"900\" \/>\n\t<meta property=\"og:image:height\" content=\"600\" \/>\n\t<meta property=\"og:image:type\" content=\"image\/jpeg\" \/>\n<meta name=\"author\" content=\"agnieszka\" \/>\n<meta name=\"twitter:card\" content=\"summary_large_image\" \/>\n<meta name=\"twitter:label1\" content=\"Written by\" \/>\n\t<meta name=\"twitter:data1\" content=\"agnieszka\" \/>\n\t<meta name=\"twitter:label2\" content=\"Estimated reading time\" \/>\n\t<meta name=\"twitter:data2\" content=\"22 minutes\" \/>\n<script type=\"application\/ld+json\" class=\"yoast-schema-graph\">{\"@context\":\"https:\\\/\\\/schema.org\",\"@graph\":[{\"@type\":\"Article\",\"@id\":\"https:\\\/\\\/www.koronakarkonoszy.pl\\\/blog\\\/gdzie-wesele\\\/#article\",\"isPartOf\":{\"@id\":\"https:\\\/\\\/www.koronakarkonoszy.pl\\\/blog\\\/gdzie-wesele\\\/\"},\"author\":{\"name\":\"agnieszka\",\"@id\":\"https:\\\/\\\/www.koronakarkonoszy.pl\\\/blog\\\/#\\\/schema\\\/person\\\/ec8c88bd01ebe6cbf6a16435ce22276f\"},\"headline\":\"Gdzie wesele, czyli jak wybra\u0107 idealne miejsce?\",\"datePublished\":\"2024-05-26T10:17:00+00:00\",\"dateModified\":\"2025-01-07T14:57:17+00:00\",\"mainEntityOfPage\":{\"@id\":\"https:\\\/\\\/www.koronakarkonoszy.pl\\\/blog\\\/gdzie-wesele\\\/\"},\"wordCount\":3642,\"image\":{\"@id\":\"https:\\\/\\\/www.koronakarkonoszy.pl\\\/blog\\\/gdzie-wesele\\\/#primaryimage\"},\"thumbnailUrl\":\"https:\\\/\\\/www.koronakarkonoszy.pl\\\/blog\\\/wp-content\\\/uploads\\\/2021\\\/07\\\/dwor_butikowy.jpg\",\"articleSection\":[\"Porady\",\"Sala weselna\",\"Trendy\"],\"inLanguage\":\"en-GB\"},{\"@type\":\"WebPage\",\"@id\":\"https:\\\/\\\/www.koronakarkonoszy.pl\\\/blog\\\/gdzie-wesele\\\/\",\"url\":\"https:\\\/\\\/www.koronakarkonoszy.pl\\\/blog\\\/gdzie-wesele\\\/\",\"name\":\"Gdzie wesele, czyli jak wybra\u0107 idealne miejsce? - :: Blog weselny\",\"isPartOf\":{\"@id\":\"https:\\\/\\\/www.koronakarkonoszy.pl\\\/blog\\\/#website\"},\"primaryImageOfPage\":{\"@id\":\"https:\\\/\\\/www.koronakarkonoszy.pl\\\/blog\\\/gdzie-wesele\\\/#primaryimage\"},\"image\":{\"@id\":\"https:\\\/\\\/www.koronakarkonoszy.pl\\\/blog\\\/gdzie-wesele\\\/#primaryimage\"},\"thumbnailUrl\":\"https:\\\/\\\/www.koronakarkonoszy.pl\\\/blog\\\/wp-content\\\/uploads\\\/2021\\\/07\\\/dwor_butikowy.jpg\",\"datePublished\":\"2024-05-26T10:17:00+00:00\",\"dateModified\":\"2025-01-07T14:57:17+00:00\",\"author\":{\"@id\":\"https:\\\/\\\/www.koronakarkonoszy.pl\\\/blog\\\/#\\\/schema\\\/person\\\/ec8c88bd01ebe6cbf6a16435ce22276f\"},\"description\":\"Gdzie wesele zorganizowa\u0107? To proste. Tam, gdzie wszystko zosta\u0142o zaprojektowane z my\u015bl\u0105 o szcz\u0119\u015bciu M\u0142odej Pary! Sprawd\u017acie nasze propozycje\",\"breadcrumb\":{\"@id\":\"https:\\\/\\\/www.koronakarkonoszy.pl\\\/blog\\\/gdzie-wesele\\\/#breadcrumb\"},\"inLanguage\":\"en-GB\",\"potentialAction\":[{\"@type\":\"ReadAction\",\"target\":[\"https:\\\/\\\/www.koronakarkonoszy.pl\\\/blog\\\/gdzie-wesele\\\/\"]}]},{\"@type\":\"ImageObject\",\"inLanguage\":\"en-GB\",\"@id\":\"https:\\\/\\\/www.koronakarkonoszy.pl\\\/blog\\\/gdzie-wesele\\\/#primaryimage\",\"url\":\"https:\\\/\\\/www.koronakarkonoszy.pl\\\/blog\\\/wp-content\\\/uploads\\\/2021\\\/07\\\/dwor_butikowy.jpg\",\"contentUrl\":\"https:\\\/\\\/www.koronakarkonoszy.pl\\\/blog\\\/wp-content\\\/uploads\\\/2021\\\/07\\\/dwor_butikowy.jpg\",\"width\":900,\"height\":600,\"caption\":\"dw\u00f3r butikowy\"},{\"@type\":\"BreadcrumbList\",\"@id\":\"https:\\\/\\\/www.koronakarkonoszy.pl\\\/blog\\\/gdzie-wesele\\\/#breadcrumb\",\"itemListElement\":[{\"@type\":\"ListItem\",\"position\":1,\"name\":\"Strona g\u0142\u00f3wna\",\"item\":\"https:\\\/\\\/www.koronakarkonoszy.pl\\\/blog\\\/\"},{\"@type\":\"ListItem\",\"position\":2,\"name\":\"Gdzie wesele, czyli jak wybra\u0107 idealne miejsce?\"}]},{\"@type\":\"WebSite\",\"@id\":\"https:\\\/\\\/www.koronakarkonoszy.pl\\\/blog\\\/#website\",\"url\":\"https:\\\/\\\/www.koronakarkonoszy.pl\\\/blog\\\/\",\"name\":\":: Blog weselny\",\"description\":\"Blog weselny Dw\u00f3r Korona Karkonoszy\",\"potentialAction\":[{\"@type\":\"SearchAction\",\"target\":{\"@type\":\"EntryPoint\",\"urlTemplate\":\"https:\\\/\\\/www.koronakarkonoszy.pl\\\/blog\\\/?s={search_term_string}\"},\"query-input\":{\"@type\":\"PropertyValueSpecification\",\"valueRequired\":true,\"valueName\":\"search_term_string\"}}],\"inLanguage\":\"en-GB\"},{\"@type\":\"Person\",\"@id\":\"https:\\\/\\\/www.koronakarkonoszy.pl\\\/blog\\\/#\\\/schema\\\/person\\\/ec8c88bd01ebe6cbf6a16435ce22276f\",\"name\":\"agnieszka\",\"image\":{\"@type\":\"ImageObject\",\"inLanguage\":\"en-GB\",\"@id\":\"https:\\\/\\\/www.koronakarkonoszy.pl\\\/blog\\\/wp-content\\\/litespeed\\\/avatar\\\/53ee7b676463f74d0aea1a09de3d003b.jpg?ver=1776833699\",\"url\":\"https:\\\/\\\/www.koronakarkonoszy.pl\\\/blog\\\/wp-content\\\/litespeed\\\/avatar\\\/53ee7b676463f74d0aea1a09de3d003b.jpg?ver=1776833699\",\"contentUrl\":\"https:\\\/\\\/www.koronakarkonoszy.pl\\\/blog\\\/wp-content\\\/litespeed\\\/avatar\\\/53ee7b676463f74d0aea1a09de3d003b.jpg?ver=1776833699\",\"caption\":\"agnieszka\"},\"url\":\"https:\\\/\\\/www.koronakarkonoszy.pl\\\/blog\\\/en\\\/author\\\/agnieszka\\\/\"}]}<\/script>\n<!-- \/ Yoast SEO plugin. -->","yoast_head_json":{"title":"Where is the wedding, or how to choose the perfect place? - :: Wedding blog","description":"Where to organize a wedding? It&#039;s easy. Where everything was designed with the happiness of the newlyweds in mind! Check out our proposals","robots":{"index":"index","follow":"follow","max-snippet":"max-snippet:-1","max-image-preview":"max-image-preview:large","max-video-preview":"max-video-preview:-1"},"canonical":"https:\/\/www.koronakarkonoszy.pl\/blog\/en\/where-the-wedding\/","og_locale":"en_GB","og_type":"article","og_title":"Gdzie wesele, czyli jak wybra\u0107 idealne miejsce? - :: Blog weselny","og_description":"Gdzie wesele zorganizowa\u0107? To proste. Tam, gdzie wszystko zosta\u0142o zaprojektowane z my\u015bl\u0105 o szcz\u0119\u015bciu M\u0142odej Pary! Sprawd\u017acie nasze propozycje","og_url":"https:\/\/www.koronakarkonoszy.pl\/blog\/en\/where-the-wedding\/","og_site_name":":: Blog weselny","article_published_time":"2024-05-26T10:17:00+00:00","article_modified_time":"2025-01-07T14:57:17+00:00","og_image":[{"width":900,"height":600,"url":"https:\/\/www.koronakarkonoszy.pl\/blog\/wp-content\/uploads\/2021\/07\/dwor_butikowy.jpg","type":"image\/jpeg"}],"author":"agnieszka","twitter_card":"summary_large_image","twitter_misc":{"Written by":"agnieszka","Estimated reading time":"22 minutes"},"schema":{"@context":"https:\/\/schema.org","@graph":[{"@type":"Article","@id":"https:\/\/www.koronakarkonoszy.pl\/blog\/gdzie-wesele\/#article","isPartOf":{"@id":"https:\/\/www.koronakarkonoszy.pl\/blog\/gdzie-wesele\/"},"author":{"name":"agnieszka","@id":"https:\/\/www.koronakarkonoszy.pl\/blog\/#\/schema\/person\/ec8c88bd01ebe6cbf6a16435ce22276f"},"headline":"Gdzie wesele, czyli jak wybra\u0107 idealne miejsce?","datePublished":"2024-05-26T10:17:00+00:00","dateModified":"2025-01-07T14:57:17+00:00","mainEntityOfPage":{"@id":"https:\/\/www.koronakarkonoszy.pl\/blog\/gdzie-wesele\/"},"wordCount":3642,"image":{"@id":"https:\/\/www.koronakarkonoszy.pl\/blog\/gdzie-wesele\/#primaryimage"},"thumbnailUrl":"https:\/\/www.koronakarkonoszy.pl\/blog\/wp-content\/uploads\/2021\/07\/dwor_butikowy.jpg","articleSection":["Porady","Sala weselna","Trendy"],"inLanguage":"en-GB"},{"@type":"WebPage","@id":"https:\/\/www.koronakarkonoszy.pl\/blog\/gdzie-wesele\/","url":"https:\/\/www.koronakarkonoszy.pl\/blog\/gdzie-wesele\/","name":"Where is the wedding, or how to choose the perfect place? - :: Wedding blog","isPartOf":{"@id":"https:\/\/www.koronakarkonoszy.pl\/blog\/#website"},"primaryImageOfPage":{"@id":"https:\/\/www.koronakarkonoszy.pl\/blog\/gdzie-wesele\/#primaryimage"},"image":{"@id":"https:\/\/www.koronakarkonoszy.pl\/blog\/gdzie-wesele\/#primaryimage"},"thumbnailUrl":"https:\/\/www.koronakarkonoszy.pl\/blog\/wp-content\/uploads\/2021\/07\/dwor_butikowy.jpg","datePublished":"2024-05-26T10:17:00+00:00","dateModified":"2025-01-07T14:57:17+00:00","author":{"@id":"https:\/\/www.koronakarkonoszy.pl\/blog\/#\/schema\/person\/ec8c88bd01ebe6cbf6a16435ce22276f"},"description":"Where to organize a wedding? It&#039;s easy. Where everything was designed with the happiness of the newlyweds in mind! Check out our proposals","breadcrumb":{"@id":"https:\/\/www.koronakarkonoszy.pl\/blog\/gdzie-wesele\/#breadcrumb"},"inLanguage":"en-GB","potentialAction":[{"@type":"ReadAction","target":["https:\/\/www.koronakarkonoszy.pl\/blog\/gdzie-wesele\/"]}]},{"@type":"ImageObject","inLanguage":"en-GB","@id":"https:\/\/www.koronakarkonoszy.pl\/blog\/gdzie-wesele\/#primaryimage","url":"https:\/\/www.koronakarkonoszy.pl\/blog\/wp-content\/uploads\/2021\/07\/dwor_butikowy.jpg","contentUrl":"https:\/\/www.koronakarkonoszy.pl\/blog\/wp-content\/uploads\/2021\/07\/dwor_butikowy.jpg","width":900,"height":600,"caption":"dw\u00f3r butikowy"},{"@type":"BreadcrumbList","@id":"https:\/\/www.koronakarkonoszy.pl\/blog\/gdzie-wesele\/#breadcrumb","itemListElement":[{"@type":"ListItem","position":1,"name":"Strona g\u0142\u00f3wna","item":"https:\/\/www.koronakarkonoszy.pl\/blog\/"},{"@type":"ListItem","position":2,"name":"Gdzie wesele, czyli jak wybra\u0107 idealne miejsce?"}]},{"@type":"WebSite","@id":"https:\/\/www.koronakarkonoszy.pl\/blog\/#website","url":"https:\/\/www.koronakarkonoszy.pl\/blog\/","name":":: Wedding blog","description":"Wedding blog Dw\u00f3r Korona Karkonosze","potentialAction":[{"@type":"SearchAction","target":{"@type":"EntryPoint","urlTemplate":"https:\/\/www.koronakarkonoszy.pl\/blog\/?s={search_term_string}"},"query-input":{"@type":"PropertyValueSpecification","valueRequired":true,"valueName":"search_term_string"}}],"inLanguage":"en-GB"},{"@type":"Person","@id":"https:\/\/www.koronakarkonoszy.pl\/blog\/#\/schema\/person\/ec8c88bd01ebe6cbf6a16435ce22276f","name":"Agnes","image":{"@type":"ImageObject","inLanguage":"en-GB","@id":"https:\/\/www.koronakarkonoszy.pl\/blog\/wp-content\/litespeed\/avatar\/53ee7b676463f74d0aea1a09de3d003b.jpg?ver=1776833699","url":"https:\/\/www.koronakarkonoszy.pl\/blog\/wp-content\/litespeed\/avatar\/53ee7b676463f74d0aea1a09de3d003b.jpg?ver=1776833699","contentUrl":"https:\/\/www.koronakarkonoszy.pl\/blog\/wp-content\/litespeed\/avatar\/53ee7b676463f74d0aea1a09de3d003b.jpg?ver=1776833699","caption":"agnieszka"},"url":"https:\/\/www.koronakarkonoszy.pl\/blog\/en\/author\/agnieszka\/"}]}},"_links":{"self":[{"href":"https:\/\/www.koronakarkonoszy.pl\/blog\/en\/wp-json\/wp\/v2\/posts\/711","targetHints":{"allow":["GET"]}}],"collection":[{"href":"https:\/\/www.koronakarkonoszy.pl\/blog\/en\/wp-json\/wp\/v2\/posts"}],"about":[{"href":"https:\/\/www.koronakarkonoszy.pl\/blog\/en\/wp-json\/wp\/v2\/types\/post"}],"author":[{"embeddable":true,"href":"https:\/\/www.koronakarkonoszy.pl\/blog\/en\/wp-json\/wp\/v2\/users\/11"}],"replies":[{"embeddable":true,"href":"https:\/\/www.koronakarkonoszy.pl\/blog\/en\/wp-json\/wp\/v2\/comments?post=711"}],"version-history":[{"count":5,"href":"https:\/\/www.koronakarkonoszy.pl\/blog\/en\/wp-json\/wp\/v2\/posts\/711\/revisions"}],"predecessor-version":[{"id":11653,"href":"https:\/\/www.koronakarkonoszy.pl\/blog\/en\/wp-json\/wp\/v2\/posts\/711\/revisions\/11653"}],"wp:featuredmedia":[{"embeddable":true,"href":"https:\/\/www.koronakarkonoszy.pl\/blog\/en\/wp-json\/wp\/v2\/media\/715"}],"wp:attachment":[{"href":"https:\/\/www.koronakarkonoszy.pl\/blog\/en\/wp-json\/wp\/v2\/media?parent=711"}],"wp:term":[{"taxonomy":"category","embeddable":true,"href":"https:\/\/www.koronakarkonoszy.pl\/blog\/en\/wp-json\/wp\/v2\/categories?post=711"}],"curies":[{"name":"wp","href":"https:\/\/api.w.org\/{rel}","templated":true}]}}