{"id":654,"date":"2020-06-26T20:21:00","date_gmt":"2020-06-26T18:21:00","guid":{"rendered":"https:\/\/www.koronakarkonoszy.pl\/blog\/?p=654"},"modified":"2024-12-11T11:55:31","modified_gmt":"2024-12-11T10:55:31","slug":"carnival-wedding-winter-madness","status":"publish","type":"post","link":"https:\/\/www.koronakarkonoszy.pl\/blog\/en\/wesele-w-karnawale-zimowe-szalenstwo\/","title":{"rendered":"Carnival wedding: winter madness"},"content":{"rendered":"\n<p>Karnawa\u0142 to okres w polskim kalendarzu, rozpoczynaj\u0105cy si\u0119 zwykle w dniu Trzech Kr\u00f3li i ko\u0144cz\u0105cy we wtorek przed \u015arod\u0105 Popielcow\u0105. Karnawa\u0142, jak sama nazwa wskazuje, oznacza okres zimowych imprez i zabaw: maskarad, bal\u00f3w, pochod\u00f3w. Pary M\u0142ode coraz cz\u0119\u015bciej decyduj\u0105 si\u0119 na wesele w karnawale. Jakie s\u0105 plusy takiego rozwi\u0105zania?<\/p>\n\n\n<div id=\"ariadna-block_849a9f30b6347a25b7853f0dccd4bf79\" class=\"ariadna\">\r\n    <ul><li><a href=\"#h-wesele-w-karnawale-zima-nie-taka-z-a\">Wesele w karnawale \u2013 zima nie taka z\u0142a<\/a><\/li><li><a href=\"#h-wesele-w-karnawale-wesele-zim-i-jego-zalety\">Wesele w karnawale &#8211; wesele zim\u0105 i jego zalety<\/a><\/li><li><a href=\"#h-wesele-w-karnawale-impreza-tematyczna\">Wesele w karnawale \u2013 <a href=\"https:\/\/www.koronakarkonoszy.pl\/blog-dla-firm\/impreza-tematyczna-hollywood\/\" class=\"links-placer\">impreza tematyczna!<\/a><\/li><li><a href=\"#h-zimowe-wesele-w-karnawale-okazja-do-nietuzinkowego-szale-stwa\">Zimowe wesele w karnawale \u2013 okazja do nietuzinkowego szale\u0144stwa!&nbsp;<\/a><\/li><li><a href=\"#ha-marzysz-o-idealnie-zorganizowanym-weselu\">Marzysz o idealnie zorganizowanym weselu?<\/a><\/li><li><a href=\"#h-karnawa-owo-weselna-sesja\">Karnawa\u0142owo-weselna sesja<\/a><\/li><li><a href=\"#h-lub-w-karnawale-i-tydzie-miodowy-w-g-rach\">\u015alub w karnawale i tydzie\u0144 miodowy w g\u00f3rach<\/a><\/li><\/ul>\r\n<\/div>\r\n\r\n\r\n\r\n\n\n\n<h2 class=\"wp-block-heading\" id=\"h-wesele-w-karnawale-zima-nie-taka-z-a\">Wesele w karnawale \u2013 zima nie taka z\u0142a<\/h2>\n\n\n\n<p>Wiele Par M\u0142odych, ze wzgl\u0119du na zimow\u0105 por\u0119, wci\u0105\u017c obawia si\u0119 organizowania wesela w karnawale. G\u0142\u00f3wnym przeciwwskazaniem s\u0105 oczywi\u015bcie niskie temperatury. Jednak \u015bnieg mo\u017cemy przeku\u0107 w atut, a mrozu nie traktowa\u0107 wcale jako mankament. Zimowa aura, szczeg\u00f3lnie w rejonach poza du\u017cymi aglomeracjami, jest naprawd\u0119 pi\u0119kna i urzekaj\u0105ca! Przecie\u017c w\u0142a\u015bnie zim\u0105 je\u017adzimy do wielu europejskich kurort\u00f3w narciarskich i czekamy a\u017c zima zmrozi szczyty i g\u00f3rskie zbocza.&nbsp;<\/p>\n\n\n\n<p>Wybieraj\u0105c&nbsp;<a href=\"https:\/\/www.koronakarkonoszy.pl\/blog\/zimowe-wesele-dlaczego-warto\/\">zimowe wesele<\/a>&nbsp;w polskich g\u00f3rach, np. Karkonoszach, zje\u017cd\u017canie na sankach i lepienie ba\u0142wana mamy gratis! Joanna Hoc-Kopiej, ekspert weselny Dworu Korona Karkonoszy, zauwa\u017ca: &#8222;Wiele Par M\u0142odych ju\u017c doceni\u0142o uroki zimy i zdecydowa\u0142o si\u0119 na <a href=\"https:\/\/www.koronakarkonoszy.pl\/blog\/jak-zorganizowac-przyjecie-weselne-na-30-osob\/\" class=\"links-placer\">przyj\u0119cie weselne<\/a> w miesi\u0105cach zimowych. Wiele wci\u0105\u017c si\u0119 tego obawia. Je\u015bli nic was nie przekona do zimowego wesela, musicie liczy\u0107 si\u0119 z d\u0142u\u017cszym oczekiwaniem na wolny termin i wy\u017csz\u0105 cen\u0105, ale w zamian mo\u017cecie cieszy\u0107 si\u0119 s\u0142oneczn\u0105 aur\u0105 i np. \u015blubem w ogrodzie. Co\u015b za co\u015b. Wyb\u00f3r zale\u017cy od waszych priorytet\u00f3w oraz zasob\u00f3w finansowych&#8221; &#8211; podkre\u015bla ekspertka.&nbsp;<\/p>\n\n\n<section id=\"leonardo-block_a735b9e50e92b509af56aaab917a3d65\" class=\"leonardo page-breaker leonardo-image-right\">\r\n    <div class=\"leonardo-body\">\r\n                <div class=\"leonardo-content\"><p>To, w czym lepiej b\u0119dziecie si\u0119 czuli, zale\u017cy ju\u017c tylko od Was, lecz warto wzi\u0105\u0107 pod uwag\u0119 wiele czynnik\u00f3w, np. gotowo\u015b\u0107 go\u015bci do przybycia. Je\u015bli wiecie, \u017ce po\u0142owa Waszej rodziny w wakacje wyje\u017cd\u017ca na urlopy w r\u00f3\u017cnych odst\u0119pach czasu, warto pomy\u015ble\u0107 o zimie, w kt\u00f3rej bardzo cz\u0119sto brakuje nam takich spotka\u0144 i okazji do \u015bwi\u0119towania. O wiele \u0142atwiej b\u0119dzie go\u015bciom dojecha\u0107 na wesele w g\u00f3ry zim\u0105, poniewa\u017c w\u00f3wczas nie pojawia si\u0119 tak du\u017ce prawdopodobie\u0144stwo urlop\u00f3w, wyjazd\u00f3w itp. Nawet, je\u015bli kto\u015b pracuje za granic\u0105, to zim\u0105 \u0142atwej b\u0119dzie mu si\u0119 wyrwa\u0107 z pracy, aby dotrze\u0107 na wesele. Ten czas jest wi\u0119c optymalny pod wieloma wzgl\u0119dami, cho\u0107 jeszcze cz\u0119sto niedoceniany przez Pary M\u0142ode. A szkoda, bo wesele w karnawale si\u0119 op\u0142aca!<\/p>\n<\/div>\r\n            <\/div>\r\n    <div class=\"leonardo-image\">\r\n        <img loading=\"lazy\" decoding=\"async\" width=\"1024\" height=\"682\" src=\"https:\/\/www.koronakarkonoszy.pl\/blog\/wp-content\/uploads\/2021\/07\/event-karnawal-impreza__13_.jpg\" class=\"attachment-full size-full\" alt=\"event karnawa\u0142 impreza\" srcset=\"https:\/\/www.koronakarkonoszy.pl\/blog\/wp-content\/uploads\/2021\/07\/event-karnawal-impreza__13_.jpg 1024w, https:\/\/www.koronakarkonoszy.pl\/blog\/wp-content\/uploads\/2021\/07\/event-karnawal-impreza__13_-300x200.jpg 300w, https:\/\/www.koronakarkonoszy.pl\/blog\/wp-content\/uploads\/2021\/07\/event-karnawal-impreza__13_-768x512.jpg 768w\" sizes=\"auto, (max-width: 1024px) 100vw, 1024px\" \/>            <\/div>\r\n<\/section>\n\n\n<h2 class=\"wp-block-heading\" id=\"h-wesele-w-karnawale-wesele-zim-i-jego-zalety\">Wesele w karnawale &#8211; wesele zim\u0105 i jego zalety<\/h2>\n\n\n\n<p>Argumentem koronnym dla wielu narzeczonych b\u0119dzie z pewno\u015bci\u0105 cena. Wi\u0119kszo\u015b\u0107 obiekt\u00f3w weselnych w sezonie zimowym przygotowuje specjalne oferty i obni\u017cki. W ten spos\u00f3b mo\u017cemy zaoszcz\u0119dzi\u0107 od kilku do kilkunastu ty\u015b. z\u0142otych! Je\u015bli zdecydujemy si\u0119 na <a href=\"https:\/\/www.koronakarkonoszy.pl\/blog\/zimowe-wesele\/\" class=\"links-placer\">zimowe wesele<\/a> last minute, mo\u017cemy liczy\u0107 na dodatkowy rabat. Rekordzistom uda\u0142o si\u0119 zaoszcz\u0119dzi\u0107 w ten spos\u00f3b nawet 20 ty\u015b.! To spora oszcz\u0119dno\u015b\u0107, bior\u0105c pod uwag\u0119 jak du\u017cym wydatkiem jest \u015blub i wesele.&nbsp;<\/p>\n\n\n\n<h2 class=\"wp-block-heading\" id=\"h-wesele-w-karnawale-impreza-tematyczna\">Wesele w karnawale \u2013 <a href=\"https:\/\/www.koronakarkonoszy.pl\/blog-dla-firm\/impreza-tematyczna-hollywood\/\" class=\"links-placer\">impreza tematyczna<\/a>!<\/h2>\n\n\n\n<p>Wesele w karnawale ma z pewno\u015bci\u0105 t\u0105 zalet\u0119, \u017ce jest to czas przewidziany na zabaw\u0119 i szale\u0144stwa na parkiecie. Mo\u017cemy zaopatrzy\u0107 naszych go\u015bci w specjalne rekwizyty: pi\u00f3ra i inne kolorowe gad\u017cety, albo zorganizowa\u0107 wesele tematyczne, np. w stylu lat. 20. To nie tylko znakomita zabawa, ale tak\u017ce \u015bwietna pami\u0105tka, w postaci filmu weselnego. <a href=\"https:\/\/www.koronakarkonoszy.pl\/blog\/wesele-tematyczne\/\" class=\"links-placer\">Wesela tematyczne<\/a> rz\u0105dz\u0105 si\u0119 swoimi prawami, a je\u015bli go\u015bcie s\u0105 w nie tak mocno zaanga\u017cowani, jak Para M\u0142oda, efekt bywa piorunuj\u0105cy!&nbsp;<\/p>\n\n\n<section id=\"leonardo-block_c11db3902cb27d82560d72b5b6bdf8c2\" class=\"leonardo page-breaker leonardo-image-left\">\r\n    <div class=\"leonardo-body\">\r\n                <div class=\"leonardo-content\"><p>Nierzadko podczas okresu karnawa\u0142u organizowane s\u0105 bale maskowe czy bale przebiera\u0144c\u00f3w. Dlaczego nie skorzysta\u0107 z tej okazji i nie wple\u015b\u0107 tej tradycji do w\u0142asnego wesela? Kt\u00f3ry mi\u0142o\u015bnik Harry\u2019ego Pottera nie chcia\u0142by pozosta\u0107 w tej tematyce na w\u0142asnej uroczysto\u015bci? Wiele par chce si\u0119 wyr\u00f3\u017cni\u0107, a wesele tematyczne, czy cho\u0107by wplecenie jakiego\u015b motywu do wesela, absolutnie na to pozwala!<\/p>\n<\/div>\r\n                    <aside class=\"leonardo-interlink\">\r\n                <b>Polecamy<\/b>\r\n                <a href=\"https:\/\/www.koronakarkonoszy.pl\/blog\/en\/4-pory-roku-czyli-sezon-weselny-non-stop\/\">4 pory roku, czyli sezon weselny non stop<\/a>\r\n            <\/aside>\r\n            <\/div>\r\n    <div class=\"leonardo-image\">\r\n        <img loading=\"lazy\" decoding=\"async\" width=\"1024\" height=\"682\" src=\"https:\/\/www.koronakarkonoszy.pl\/blog\/wp-content\/uploads\/2021\/07\/event-karnawal-impreza__5_.jpg\" class=\"attachment-full size-full\" alt=\"event karnawa\u0142 impreza\" srcset=\"https:\/\/www.koronakarkonoszy.pl\/blog\/wp-content\/uploads\/2021\/07\/event-karnawal-impreza__5_.jpg 1024w, https:\/\/www.koronakarkonoszy.pl\/blog\/wp-content\/uploads\/2021\/07\/event-karnawal-impreza__5_-300x200.jpg 300w, https:\/\/www.koronakarkonoszy.pl\/blog\/wp-content\/uploads\/2021\/07\/event-karnawal-impreza__5_-768x512.jpg 768w\" sizes=\"auto, (max-width: 1024px) 100vw, 1024px\" \/>            <\/div>\r\n<\/section>\n\n\n<p>Cz\u0119\u015b\u0107 par decyduje si\u0119 tak\u017ce na wynaj\u0119cie specjalnej fotobudki, aby w ten spos\u00f3b upami\u0119tni\u0107 niezwyk\u0142e stroje i charakter imprezy oraz sprawi\u0107 go\u015bciom dodatkow\u0105 frajd\u0119. Koszt wynaj\u0119cia fotobudki to kilkaset z\u0142 za godzin\u0119 do 1-2 ty\u015b za kilkugodzinny wynajem. Ostatnio furor\u0119 robi\u0105 tak\u017ce videobudki. Pami\u0119tajmy, \u017ce dzi\u0119ki weselu w styczniu lub lutym, mamy na to dodatkowy bud\u017cet!<\/p>\n\n\n\n<h2 class=\"wp-block-heading\" id=\"h-zimowe-wesele-w-karnawale-okazja-do-nietuzinkowego-szale-stwa\">Zimowe wesele w karnawale \u2013 okazja do nietuzinkowego szale\u0144stwa!&nbsp;<\/h2>\n\n\n\n<p>Pami\u0119tajmy, \u017ce wesele w karnawale to \u015bwietna okazja do niespotykanych dot\u0105d atrakcji. Stycze\u0144, luty a czasami nawet marzec, oferuj\u0105 nam niesamowit\u0105 aur\u0119, szczeg\u00f3lnie w rejonach g\u00f3rskich. Mo\u017cemy wi\u0119c korzysta\u0107 ze wszystkich dobrodziejstw, kt\u00f3re oferuj\u0105 nam te regiony. Dolny \u015al\u0105sk to kolebka nie tylko g\u00f3rskich szczyt\u00f3w, ale tak\u017ce zabytk\u00f3w i ciekawych miejsc. Przy okazji wesela, warto zrobi\u0107 sobie mini urlop i odkry\u0107 niekt\u00f3re z nich.&nbsp;<\/p>\n\n\n<section id=\"ctaninja-block_72f835a60bf7098e92425b422b439ad5\" class=\"ctaninja\">\r\n    <div class=\"ctaninja-body\">\r\n        <h2 class=\"h1\" id=\"ha-marzysz-o-idealnie-zorganizowanym-weselu\">Marzysz o idealnie zorganizowanym weselu?<\/h2>\r\n        <p>Jeste\u015b w dobrym miejscu.<\/p>\r\n        <div class=\"nf-container\">\r\n            <noscript class=\"ninja-forms-noscript-message\">\n\tNotice: JavaScript is required for this content.<\/noscript>\n<div id=\"nf-form-1-cont\" class=\"nf-form-cont\" aria-live=\"polite\" aria-labelledby=\"nf-form-title-1\" aria-describedby=\"nf-form-errors-1\" role=\"form\">\n\n    <div class=\"nf-loading-spinner\"><\/div>\n\n<\/div>\n        <!-- That data is being printed as a workaround to page builders reordering the order of the scripts loaded-->\n        <script>var formDisplay=1;var nfForms=nfForms||[];var form=[];form.id='1';form.settings={\"objectType\":\"Form Setting\",\"editActive\":\"\",\"title\":\"Contact Me\",\"key\":\"\",\"created_at\":\"2021-05-31 16:57:05\",\"default_label_pos\":\"above\",\"conditions\":[],\"show_title\":\"1\",\"clear_complete\":\"1\",\"hide_complete\":\"1\",\"wrapper_class\":\"\",\"element_class\":\"\",\"add_submit\":\"1\",\"logged_in\":\"\",\"not_logged_in_msg\":\"\",\"sub_limit_number\":\"\",\"sub_limit_msg\":\"\",\"calculations\":[],\"formContentData\":[{\"order\":1,\"cells\":[{\"order\":0,\"fields\":[\"email\"],\"width\":50},{\"order\":1,\"fields\":[\"wyslij_1640001513358\"],\"width\":50}]}],\"container_styles_background-color\":\"\",\"container_styles_border\":\"\",\"container_styles_border-style\":\"\",\"container_styles_border-color\":\"\",\"container_styles_color\":\"\",\"container_styles_height\":\"\",\"container_styles_width\":\"\",\"container_styles_font-size\":\"\",\"container_styles_margin\":\"\",\"container_styles_padding\":\"\",\"container_styles_display\":\"\",\"container_styles_float\":\"\",\"container_styles_show_advanced_css\":\"0\",\"container_styles_advanced\":\"\",\"title_styles_background-color\":\"\",\"title_styles_border\":\"\",\"title_styles_border-style\":\"\",\"title_styles_border-color\":\"\",\"title_styles_color\":\"\",\"title_styles_height\":\"\",\"title_styles_width\":\"\",\"title_styles_font-size\":\"\",\"title_styles_margin\":\"\",\"title_styles_padding\":\"\",\"title_styles_display\":\"\",\"title_styles_float\":\"\",\"title_styles_show_advanced_css\":\"0\",\"title_styles_advanced\":\"\",\"row_styles_background-color\":\"\",\"row_styles_border\":\"\",\"row_styles_border-style\":\"\",\"row_styles_border-color\":\"\",\"row_styles_color\":\"\",\"row_styles_height\":\"\",\"row_styles_width\":\"\",\"row_styles_font-size\":\"\",\"row_styles_margin\":\"\",\"row_styles_padding\":\"\",\"row_styles_display\":\"\",\"row_styles_show_advanced_css\":\"0\",\"row_styles_advanced\":\"\",\"row-odd_styles_background-color\":\"\",\"row-odd_styles_border\":\"\",\"row-odd_styles_border-style\":\"\",\"row-odd_styles_border-color\":\"\",\"row-odd_styles_color\":\"\",\"row-odd_styles_height\":\"\",\"row-odd_styles_width\":\"\",\"row-odd_styles_font-size\":\"\",\"row-odd_styles_margin\":\"\",\"row-odd_styles_padding\":\"\",\"row-odd_styles_display\":\"\",\"row-odd_styles_show_advanced_css\":\"0\",\"row-odd_styles_advanced\":\"\",\"success-msg_styles_background-color\":\"\",\"success-msg_styles_border\":\"\",\"success-msg_styles_border-style\":\"\",\"success-msg_styles_border-color\":\"\",\"success-msg_styles_color\":\"\",\"success-msg_styles_height\":\"\",\"success-msg_styles_width\":\"\",\"success-msg_styles_font-size\":\"\",\"success-msg_styles_margin\":\"\",\"success-msg_styles_padding\":\"\",\"success-msg_styles_display\":\"\",\"success-msg_styles_show_advanced_css\":\"0\",\"success-msg_styles_advanced\":\"\",\"error_msg_styles_background-color\":\"\",\"error_msg_styles_border\":\"\",\"error_msg_styles_border-style\":\"\",\"error_msg_styles_border-color\":\"\",\"error_msg_styles_color\":\"\",\"error_msg_styles_height\":\"\",\"error_msg_styles_width\":\"\",\"error_msg_styles_font-size\":\"\",\"error_msg_styles_margin\":\"\",\"error_msg_styles_padding\":\"\",\"error_msg_styles_display\":\"\",\"error_msg_styles_show_advanced_css\":\"0\",\"error_msg_styles_advanced\":\"\",\"allow_public_link\":0,\"embed_form\":\"\",\"currency\":\"\",\"repeatable_fieldsets\":\"\",\"unique_field_error\":\"Formularz z t\\u0105 warto\\u015bci\\u0105 zosta\\u0142 ju\\u017c przes\\u0142any.\",\"ninjaForms\":\"Ninja Forms\",\"changeEmailErrorMsg\":\"Please enter a valid email address!\",\"changeDateErrorMsg\":\"Please enter a valid date!\",\"confirmFieldErrorMsg\":\"These fields must match!\",\"fieldNumberNumMinError\":\"Number Min Error\",\"fieldNumberNumMaxError\":\"Number Max Error\",\"fieldNumberIncrementBy\":\"Please increment by \",\"fieldTextareaRTEInsertLink\":\"Insert Link\",\"fieldTextareaRTEInsertMedia\":\"Insert Media\",\"fieldTextareaRTESelectAFile\":\"Select a file\",\"formErrorsCorrectErrors\":\"Please correct errors before submitting this form.\",\"formHoneypot\":\"If you are a human seeing this field, please leave it empty.\",\"validateRequiredField\":\"This is a required field.\",\"honeypotHoneypotError\":\"Honeypot Error\",\"fileUploadOldCodeFileUploadInProgress\":\"File Upload in Progress.\",\"fileUploadOldCodeFileUpload\":\"FILE UPLOAD\",\"currencySymbol\":\"&#36;\",\"fieldsMarkedRequired\":\"Fields marked with an <span class=\\\"ninja-forms-req-symbol\\\">*<\\\/span> are required\",\"thousands_sep\":\",\",\"decimal_point\":\".\",\"siteLocale\":\"en_GB\",\"dateFormat\":\"m\\\/d\\\/Y\",\"startOfWeek\":\"1\",\"of\":\"of\",\"previousMonth\":\"Previous Month\",\"nextMonth\":\"Next Month\",\"months\":[\"January\",\"February\",\"March\",\"April\",\"May\",\"June\",\"July\",\"August\",\"September\",\"October\",\"November\",\"December\"],\"monthsShort\":[\"Jan\",\"Feb\",\"Mar\",\"Apr\",\"May\",\"Jun\",\"Jul\",\"Aug\",\"Sep\",\"Oct\",\"Nov\",\"Dec\"],\"weekdays\":[\"Sunday\",\"Monday\",\"Tuesday\",\"Wednesday\",\"Thursday\",\"Friday\",\"Saturday\"],\"weekdaysShort\":[\"Sun\",\"Mon\",\"Tue\",\"Wed\",\"Thu\",\"Fri\",\"Sat\"],\"weekdaysMin\":[\"Su\",\"Mo\",\"Tu\",\"We\",\"Th\",\"Fr\",\"Sa\"],\"recaptchaConsentMissing\":\"reCaptcha validation couldn&#039;t load.\",\"recaptchaMissingCookie\":\"reCaptcha v3 validation couldn&#039;t load the cookie needed to submit the form.\",\"recaptchaConsentEvent\":\"Accept reCaptcha cookies before sending the form.\",\"currency_symbol\":\"\",\"beforeForm\":\"\",\"beforeFields\":\"\",\"afterFields\":\"\",\"afterForm\":\"\"};form.fields=[{\"objectType\":\"Field\",\"objectDomain\":\"fields\",\"editActive\":false,\"order\":1,\"idAttribute\":\"id\",\"label\":\"Email\",\"key\":\"email\",\"type\":\"email\",\"created_at\":\"2021-05-31 16:57:06\",\"label_pos\":\"above\",\"required\":1,\"placeholder\":\"Podaj maila, skontaktujemy si\\u0119 z Tob\\u0105\",\"default\":\"\",\"wrapper_class\":\"\",\"element_class\":\"\",\"container_class\":\"\",\"admin_label\":\"\",\"help_text\":\"\",\"desc_text\":\"\",\"wrap_styles_background-color\":\"\",\"wrap_styles_border\":\"\",\"wrap_styles_border-style\":\"\",\"wrap_styles_border-color\":\"\",\"wrap_styles_color\":\"\",\"wrap_styles_height\":\"\",\"wrap_styles_width\":\"\",\"wrap_styles_font-size\":\"\",\"wrap_styles_margin\":\"\",\"wrap_styles_padding\":\"\",\"wrap_styles_display\":\"\",\"wrap_styles_float\":\"\",\"wrap_styles_show_advanced_css\":0,\"wrap_styles_advanced\":\"\",\"label_styles_background-color\":\"\",\"label_styles_border\":\"\",\"label_styles_border-style\":\"\",\"label_styles_border-color\":\"\",\"label_styles_color\":\"\",\"label_styles_height\":\"\",\"label_styles_width\":\"\",\"label_styles_font-size\":\"\",\"label_styles_margin\":\"\",\"label_styles_padding\":\"\",\"label_styles_display\":\"\",\"label_styles_float\":\"\",\"label_styles_show_advanced_css\":0,\"label_styles_advanced\":\"\",\"element_styles_background-color\":\"\",\"element_styles_border\":\"\",\"element_styles_border-style\":\"\",\"element_styles_border-color\":\"\",\"element_styles_color\":\"\",\"element_styles_height\":\"\",\"element_styles_width\":\"\",\"element_styles_font-size\":\"\",\"element_styles_margin\":\"\",\"element_styles_padding\":\"\",\"element_styles_display\":\"\",\"element_styles_float\":\"\",\"element_styles_show_advanced_css\":0,\"element_styles_advanced\":\"\",\"cellcid\":\"c3375\",\"custom_name_attribute\":\"email\",\"personally_identifiable\":1,\"value\":\"\",\"drawerDisabled\":false,\"id\":2,\"beforeField\":\"\",\"afterField\":\"\",\"parentType\":\"email\",\"element_templates\":[\"email\",\"input\"],\"old_classname\":\"\",\"wrap_template\":\"wrap\"},{\"objectType\":\"Field\",\"objectDomain\":\"fields\",\"editActive\":false,\"order\":2,\"idAttribute\":\"id\",\"label\":\"Wy\\u015blij\",\"key\":\"wyslij_1640001513358\",\"type\":\"submit\",\"created_at\":\"2021-05-31 16:57:06\",\"processing_label\":\"Wysy\\u0142anie...\",\"container_class\":\"\",\"element_class\":\"\",\"wrap_styles_background-color\":\"\",\"wrap_styles_border\":\"\",\"wrap_styles_border-style\":\"\",\"wrap_styles_border-color\":\"\",\"wrap_styles_color\":\"\",\"wrap_styles_height\":\"\",\"wrap_styles_width\":\"\",\"wrap_styles_font-size\":\"\",\"wrap_styles_margin\":\"\",\"wrap_styles_padding\":\"\",\"wrap_styles_display\":\"\",\"wrap_styles_float\":\"\",\"wrap_styles_show_advanced_css\":0,\"wrap_styles_advanced\":\"\",\"label_styles_background-color\":\"\",\"label_styles_border\":\"\",\"label_styles_border-style\":\"\",\"label_styles_border-color\":\"\",\"label_styles_color\":\"\",\"label_styles_height\":\"\",\"label_styles_width\":\"\",\"label_styles_font-size\":\"\",\"label_styles_margin\":\"\",\"label_styles_padding\":\"\",\"label_styles_display\":\"\",\"label_styles_float\":\"\",\"label_styles_show_advanced_css\":0,\"label_styles_advanced\":\"\",\"element_styles_background-color\":\"\",\"element_styles_border\":\"\",\"element_styles_border-style\":\"\",\"element_styles_border-color\":\"\",\"element_styles_color\":\"\",\"element_styles_height\":\"\",\"element_styles_width\":\"\",\"element_styles_font-size\":\"\",\"element_styles_margin\":\"\",\"element_styles_padding\":\"\",\"element_styles_display\":\"\",\"element_styles_float\":\"\",\"element_styles_show_advanced_css\":0,\"element_styles_advanced\":\"\",\"submit_element_hover_styles_background-color\":\"\",\"submit_element_hover_styles_border\":\"\",\"submit_element_hover_styles_border-style\":\"\",\"submit_element_hover_styles_border-color\":\"\",\"submit_element_hover_styles_color\":\"\",\"submit_element_hover_styles_height\":\"\",\"submit_element_hover_styles_width\":\"\",\"submit_element_hover_styles_font-size\":\"\",\"submit_element_hover_styles_margin\":\"\",\"submit_element_hover_styles_padding\":\"\",\"submit_element_hover_styles_display\":\"\",\"submit_element_hover_styles_float\":\"\",\"submit_element_hover_styles_show_advanced_css\":0,\"submit_element_hover_styles_advanced\":\"\",\"cellcid\":\"c3378\",\"drawerDisabled\":false,\"id\":4,\"beforeField\":\"\",\"afterField\":\"\",\"value\":\"\",\"label_pos\":\"above\",\"parentType\":\"textbox\",\"element_templates\":[\"submit\",\"button\",\"input\"],\"old_classname\":\"\",\"wrap_template\":\"wrap-no-label\"}];nfForms.push(form);<\/script>\n                <script id=\"nf-tmpl-cell\" type=\"text\/template\">\n            <nf-fields><\/nf-fields>\n        <\/script>\n\n        <script id=\"nf-tmpl-row\" type=\"text\/template\">\n            <nf-cells><\/nf-cells>\n        <\/script>\n\n                <\/div>\r\n    <\/div>\r\n    <div class=\"ctaninja-onm ctaninja-onm-1 rbg\"><\/div>\r\n    <div class=\"ctaninja-onm ctaninja-onm-2 rbg\"><\/div>\r\n<\/section>\n\n\n<p>Opr\u00f3cz tego \u015bwietnym pomys\u0142em jest wynaj\u0119cie magika czy iluzjonisty na wesele w karnawale, poniewa\u017c ta tematyka doskonale \u0142\u0105czy si\u0119 z motywem balu maskowego. Nieco tajemnicz\u0105 atmosfer\u0119 podbij\u0105 jeszcze bardziej tajemnicze g\u00f3ry, kt\u00f3rych widok rozpo\u015bciera si\u0119 na ca\u0142\u0105 okolic\u0119 Dworu Korona Karkonoszy. Dzi\u0119ki temu go\u015bcie nawet noc\u0105 mog\u0105 podziwia\u0107 unikatowe krajobrazy, kt\u00f3rych uwierzcie nam, nie zapomina si\u0119 nigdy. Nie bez powodu zdarzaj\u0105 si\u0119 sytuacje, w kt\u00f3rych go\u015bcie wracaj\u0105 do nas ka\u017cdego roku, a pierwszy raz odkryli nas podczas wesela. To niesamowite by\u0107 cz\u0119\u015bci\u0105 czyjej\u015b historii.&nbsp;<\/p>\n\n\n<section id=\"leonardo-block_fb73a0e690aa07d87018ad1db82701c1\" class=\"leonardo page-breaker leonardo-image-right\">\r\n    <div class=\"leonardo-body\">\r\n                <div class=\"leonardo-content\"><p>Kulig, bitwa na \u015bnie\u017cki, weneckie maski, przebiera\u0144cy na szczud\u0142ach, pokazy kolorowych dym\u00f3w, fajerwerki, ognisko, przejazdy konnym powozem \u2013 wszystko czego dusza zapragnie, mo\u017cecie mie\u0107 na wyci\u0105gni\u0119cie r\u0119ki. Do\u015bwiadczona <a href=\"https:\/\/www.koronakarkonoszy.pl\/sala-weselna\/\">sala weselna<\/a> wie, jak zaproponowa\u0107 go\u015bciom co\u015b absolutnie nietuzinkowego.<\/p>\n<\/div>\r\n                    <aside class=\"leonardo-interlink\">\r\n                <b>Polecamy<\/b>\r\n                <a href=\"https:\/\/www.koronakarkonoszy.pl\/blog\/en\/atrakcje-dla-dzieci-na-weselu\/\">Atrakcje dla dzieci na weselu<\/a>\r\n            <\/aside>\r\n            <\/div>\r\n    <div class=\"leonardo-image\">\r\n        <img loading=\"lazy\" decoding=\"async\" width=\"1024\" height=\"682\" src=\"https:\/\/www.koronakarkonoszy.pl\/blog\/wp-content\/uploads\/2021\/07\/event-karnawal-impreza__16_.jpg\" class=\"attachment-full size-full\" alt=\"event karnawa\u0142 impreza\" srcset=\"https:\/\/www.koronakarkonoszy.pl\/blog\/wp-content\/uploads\/2021\/07\/event-karnawal-impreza__16_.jpg 1024w, https:\/\/www.koronakarkonoszy.pl\/blog\/wp-content\/uploads\/2021\/07\/event-karnawal-impreza__16_-300x200.jpg 300w, https:\/\/www.koronakarkonoszy.pl\/blog\/wp-content\/uploads\/2021\/07\/event-karnawal-impreza__16_-768x512.jpg 768w\" sizes=\"auto, (max-width: 1024px) 100vw, 1024px\" \/>            <\/div>\r\n<\/section>\n\n\n<h2 class=\"wp-block-heading\" id=\"h-karnawa-owo-weselna-sesja\">Karnawa\u0142owo-weselna sesja<\/h2>\n\n\n\n<p>Z pewno\u015bci\u0105 jeste\u015bcie sobie w stanie wyobrazi\u0107 karnawa\u0142ow\u0105 sesj\u0119 \u015blubn\u0105, w kt\u00f3rej uczestnicz\u0105 wszyscy Wasi go\u015bcie. Stoicie po\u015brodku g\u00f3rskiej polany, w tle wida\u0107 niesamowite krajobrazy g\u00f3r, a wy przebrani w karnawa\u0142owe maski \u015bmiejecie si\u0119 i wyg\u0142upiacie do upad\u0142ego! Takie sesje s\u0105 najlepsze \u2013 pokazuj\u0105 wi\u0119zi rodzinne, ogromn\u0105 mi\u0142o\u015b\u0107 Pary M\u0142odej i ich zaanga\u017cowanie w ca\u0142e przedsi\u0119wzi\u0119cie. Nie ma nic cenniejszego ni\u017c ogromny u\u015bmiech na twarzach wszystkich! Taka niespotykana sesja \u015blubna to prawdziwa pami\u0105tka na ca\u0142e \u017cycie i niema\u0142y pow\u00f3d do dumy!<br><br>Z w\u0142asnego do\u015bwiadczenia mo\u017cemy podpowiedzie\u0107, \u017ce wesela w okresie karnawa\u0142u, to \u015bwietna opcja. Wiele Par, kt\u00f3re nie by\u0142y do ko\u0144ca przekonane, jest potem zachwyconych. Go\u015bcie tak\u017ce bawi\u0105 si\u0119 znakomicie i zimowa aura za oknem czy widok na o\u015bnie\u017cone szczyty, zapiera dech w piersiach!<\/p>\n\n\n\n<h2 class=\"wp-block-heading\" id=\"h-lub-w-karnawale-i-tydzie-miodowy-w-g-rach\">\u015alub w karnawale i tydzie\u0144 miodowy w g\u00f3rach<\/h2>\n\n\n\n<p>Karnawa\u0142 przypada na okres zimowy. Jest to zatem doskona\u0142y czas organizacj\u0119 \u015blubu w g\u00f3rach \u2013 np. w pi\u0119knych Karkonoszach. Majestatyczne szczyty g\u00f3rskie pokryte grub\u0105 warstw\u0105 bia\u0142ego puchu tworz\u0105 wyj\u0105tkowo magiczn\u0105 aur\u0119, kt\u00f3ra doskonale wpisuje si\u0119 w romantyczny charakter uroczysto\u015bci za\u015blubin. Wesele w karnawale w g\u00f3rach mo\u017ce by\u0107 niepowtarzalnym prze\u017cyciem, kt\u00f3re wygeneruje mn\u00f3stwo niezapomnianych wspomnie\u0144.<\/p>\n\n\n\n<figure class=\"wp-block-image size-large is-resized\"><img loading=\"lazy\" decoding=\"async\" width=\"1024\" height=\"683\" src=\"https:\/\/www.koronakarkonoszy.pl\/blog\/wp-content\/uploads\/2022\/07\/IMG_6764-1024x683.jpg\" alt=\"\" class=\"wp-image-4838\" style=\"width:840px;height:560px\" srcset=\"https:\/\/www.koronakarkonoszy.pl\/blog\/wp-content\/uploads\/2022\/07\/IMG_6764-1024x683.jpg 1024w, https:\/\/www.koronakarkonoszy.pl\/blog\/wp-content\/uploads\/2022\/07\/IMG_6764-300x200.jpg 300w, https:\/\/www.koronakarkonoszy.pl\/blog\/wp-content\/uploads\/2022\/07\/IMG_6764-768x512.jpg 768w, https:\/\/www.koronakarkonoszy.pl\/blog\/wp-content\/uploads\/2022\/07\/IMG_6764-1920x1280.jpg 1920w, https:\/\/www.koronakarkonoszy.pl\/blog\/wp-content\/uploads\/2022\/07\/IMG_6764-1536x1024.jpg 1536w, https:\/\/www.koronakarkonoszy.pl\/blog\/wp-content\/uploads\/2022\/07\/IMG_6764-2048x1365.jpg 2048w\" sizes=\"auto, (max-width: 1024px) 100vw, 1024px\" \/><figcaption class=\"wp-element-caption\"><strong><a href=\"https:\/\/www.koronakarkonoszy.pl\/wesele\/\" target=\"_blank\" rel=\"noreferrer noopener\">Sala weselna w g\u00f3rach<\/a>, Dw\u00f3r Korona Karkonoszy <a href=\"https:\/\/www.koronakarkonoszy.pl\/blog-atrakcje\/sosnowka\/\" class=\"links-placer\">Sosn\u00f3wka<\/a> k. Karpacza<\/strong>\u2665<\/figcaption><\/figure>\n\n\n\n<p>A co gdyby tak nieco urozmaici\u0107 \u015bwi\u0119towanie dnia za\u015blubin i zosta\u0107 w g\u00f3rach troch\u0119 d\u0142u\u017cej? \u015alub w karnawale w g\u00f3rach mo\u017cna po\u0142\u0105czy\u0107 z kilkudniow\u0105, romantyczn\u0105 podr\u00f3\u017c\u0105 po\u015blubn\u0105 \u015bwie\u017co upieczonych ma\u0142\u017conk\u00f3w. <a href=\"https:\/\/www.koronakarkonoszy.pl\/blog\/zimowy-slub-wady-i-zalety\/\">Zimowy \u015blub<\/a> i romantyczny pobyt w malowniczej g\u00f3rskiej okolicy b\u0119dzie dla ma\u0142\u017conk\u00f3w wspania\u0142ym prze\u017cyciem. Odpoczynek po\u015br\u00f3d przepi\u0119knych, g\u00f3rskich krajobraz\u00f3w z dala od miejskiego zgie\u0142ku to doskona\u0142y spos\u00f3b na sp\u0119dzenie pierwszych chwil jako m\u0105\u017c i \u017cona.<\/p>\n\n\n\n<p>Co robi\u0107 na wyje\u017adzie miodowym? Na Dolnym \u015al\u0105sku ma czasu na nud\u0119! Jest to region wyj\u0105tkowo atrakcyjny pod wzgl\u0119dem turystycznym. Oferuje przyjezdnym mn\u00f3stwo wspania\u0142ych atrakcji. \u015awie\u017co upieczeni ma\u0142\u017conkowie mog\u0105 wykorzysta\u0107 zimow\u0105 aur\u0119 i poszusowa\u0107 po o\u015bnie\u017conych stokach. Inn\u0105 aktywn\u0105 form\u0105 na sp\u0119dzenie urlopu w Karkonoszach s\u0105 piesze wycieczki po malowniczej, g\u00f3rskiej okolicy. Je\u015bli nowo\u017ce\u0144cy wci\u0105\u017c czuj\u0105 niedosyt po weselnej zabawie, mog\u0105 wybra\u0107 si\u0119 na fantastyczn\u0105 imprez\u0119 karnawa\u0142ow\u0105. Karnawa\u0142 to przecie\u017c gor\u0105cy okres! Okres szale\u0144stwa, ta\u0144ca do bia\u0142ego rana i wy\u015bmienitej zabawy.<\/p>\n\n\n\n<p>Na wyje\u017adzie miodowym nie mo\u017ce zabrakn\u0105\u0107 romantycznych chwil, kt\u00f3re zapiecz\u0119tuj\u0105 wst\u0105pienie w zwi\u0105zek ma\u0142\u017ce\u0144ski. Wsp\u00f3lne masa\u017ce, spokojny odpoczynek przy basenie, czy romantyczne kolacje przy \u015bwiecach, podczas kt\u00f3rych \u015bwie\u017co upieczeni ma\u0142\u017conkowie b\u0119d\u0105 mogli skosztowa\u0107 regionalnych przysmak\u00f3w.<\/p>\n\n\n\n<figure class=\"wp-block-image size-large is-resized\"><img loading=\"lazy\" decoding=\"async\" width=\"1024\" height=\"512\" src=\"https:\/\/www.koronakarkonoszy.pl\/blog\/wp-content\/uploads\/2022\/06\/piekne_wesela_DKK-2-1024x512.jpg\" alt=\"\" class=\"wp-image-4072\" style=\"width:840px;height:420px\" srcset=\"https:\/\/www.koronakarkonoszy.pl\/blog\/wp-content\/uploads\/2022\/06\/piekne_wesela_DKK-2-1024x512.jpg 1024w, https:\/\/www.koronakarkonoszy.pl\/blog\/wp-content\/uploads\/2022\/06\/piekne_wesela_DKK-2-300x150.jpg 300w, https:\/\/www.koronakarkonoszy.pl\/blog\/wp-content\/uploads\/2022\/06\/piekne_wesela_DKK-2-768x384.jpg 768w, https:\/\/www.koronakarkonoszy.pl\/blog\/wp-content\/uploads\/2022\/06\/piekne_wesela_DKK-2.jpg 1200w\" sizes=\"auto, (max-width: 1024px) 100vw, 1024px\" \/><figcaption class=\"wp-element-caption\"><a href=\"https:\/\/www.koronakarkonoszy.pl\/\">Dw\u00f3r Korona Karkonoszy &#8211; zapraszamy!<\/a><\/figcaption><\/figure>\n\n\n\n<h2 class=\"wp-block-heading\"><a><\/a>Jak zorganizowa\u0107 niepowtarzalne wesele w karnawale?<\/h2>\n\n\n\n<p>Je\u015bli ch\u0119tnie bawicie si\u0119 na balach karnawa\u0142owych, pomy\u015blcie o tym, aby zorganizowa\u0107 przyj\u0119cie weselne w\u0142a\u015bnie w tym okresie. Macie w\u0105tpliwo\u015bci, \u017ce<a href=\"https:\/\/www.koronakarkonoszy.pl\/blog\/wesele-w-lutym\/\"> wesele w lutym<\/a> to rzeczywi\u015bcie taki dobry pomys\u0142? Chocia\u017c wiele par organizuje uroczysto\u015b\u0107 w okresie wiosenno-letnim, zimowe przyj\u0119cie mo\u017ce by\u0107 r\u00f3wnie pi\u0119kne i wyj\u0105tkowe.<\/p>\n\n\n\n<p>W ko\u0144cu luty jest cz\u0119sto nazywany miesi\u0105cem zakochanych. Aby podkre\u015bli\u0107 romantyczny klimat, zorganizujcie przyj\u0119cie w g\u00f3rach. Serdecznie zapraszamy do Dworu Korona Karkonoszy, zlokalizowanego w malowniczej okolicy. Gwarantujemy, \u017ce wesele w karnawale na d\u0142ugo zapadnie w pami\u0119ci go\u015bci.<\/p>\n\n\n\n<p>Zastanawiacie si\u0119, co zrobi\u0107, \u017ceby na weselu w karnawale panowa\u0142a magiczna atmosfera? Planuj\u0105c <a href=\"https:\/\/www.koronakarkonoszy.pl\/blog\/slub-w-gorach-organizacja-krok-po-kroku\/\">\u015blub w g\u00f3rach<\/a>, mo\u017cecie popu\u015bci\u0107 wodze fantazji. Zorganizujcie kulig i lepienie ba\u0142wana! Takie atrakcje szczeg\u00f3lnie przypadn\u0105 do gustu dzieciom. Opr\u00f3cz tego zaplanowa\u0107 wiecz\u00f3r przy ognisku lub kominku. To doskona\u0142a okazja, aby troch\u0119 powspomina\u0107. Przy okazji rodzina Panny M\u0142odej lepiej zapozna si\u0119 z krewnymi Pana M\u0142odego.<\/p>\n\n\n\n<h2 class=\"wp-block-heading\"><a><\/a>Przyj\u0119cie weselne w stylu karnawa\u0142u w Rio<\/h2>\n\n\n\n<p>Je\u015bli lubicie odwa\u017cne rozwi\u0105zania, potraktujcie karnawa\u0142 Rio de Janeiro jako \u017ar\u00f3d\u0142o inspiracji. Pomy\u015blcie o muzyce w rytmach samby i bosa nova, przy kt\u00f3rej nogi same rw\u0105 si\u0119 do ta\u0144ca. Chcecie zaskoczy\u0107 go\u015bci oryginalnymi dekoracjami? W wystr\u00f3j sali mo\u017cecie wple\u015b\u0107 ro\u015bliny egzotyczne, ozdobne maski, wachlarze, li\u015bcie palmy, girlandy plecione z kwiat\u00f3w i pi\u00f3r.<\/p>\n\n\n\n<p>Zastanawiacie si\u0119, jakie atrakcje przygotowa\u0107 na wesele w karnawale? Koniecznie uwzgl\u0119dnijcie w swoim harmonogramie taniec pingwina, zabaw\u0119 w gor\u0105ce krzes\u0142a, test zgodno\u015bci, czy \u201czbieranie na w\u00f3zek\u201d. Gwarantujemy, \u017ce Waszym go\u015bciom spodoba si\u0119 te\u017c:<\/p>\n\n\n\n<ul class=\"wp-block-list\">\n<li>pokaz fajerwerk\u00f3w,<\/li>\n\n\n\n<li>tworzenie pi\u00f3rkowych kapeluszy,<\/li>\n\n\n\n<li>wystrzeliwanie konfetti.<\/li>\n<\/ul>\n\n\n\n<p>Je\u015bli dysponujecie wi\u0119kszym bud\u017cetem, przygotowali\u015bmy jeszcze kilka ciekawych propozycji na wesele w karnawale. Zorganizujcie niezapomniany pokaz tancerek samby brazylijskiej. Mo\u017cecie te\u017c skorzysta\u0107 z us\u0142ug instruktora, kt\u00f3ry nauczy go\u015bci podstawowych krok\u00f3w.<\/p>\n\n\n\n<p>Szukacie atrakcji na wesele w karnawale? Zdecydujcie si\u0119 na zimne ognie, kt\u00f3re stworz\u0105 niezwyk\u0142y klimat, a przy okazji pi\u0119knie wyjd\u0105 na zdj\u0119ciach.<\/p>\n\n\n\n<h2 class=\"wp-block-heading\"><a><\/a>Dlaczego warto urz\u0105dzi\u0107 wesele w karnawale?<\/h2>\n\n\n\n<p>Zastanawiacie si\u0119, dlaczego warto zorganizowa\u0107 wesele w karnawale? Przede wszystkim nie jest to okres ch\u0119tnie wybierany przez Pary M\u0142odej, w zwi\u0105zku z tym \u0142atwiej b\u0119dzie Wam zarezerwowa\u0107 sal\u0119. Istnieje te\u017c du\u017ca szansa, \u017ce fotograf, kamerzysta, fryzjerka, kosmetyczka i florystka znajd\u0105 dla Was wolny termin. Podobnie nie powinni\u015bcie mie\u0107 wi\u0119kszych problem\u00f3w przy szukaniu zespo\u0142u lub DJ-a.<\/p>\n\n\n\n<p>Szukacie nietuzinkowych pomys\u0142\u00f3w na wesele w karnawale? Czy s\u0142yszeli\u015bcie o tym, \u017ce w Niemczech ten okres nazywany jest pi\u0105t\u0105 por\u0105 roku? Warto to wykorzysta\u0107, zapewniaj\u0105c go\u015bciom niecodzienne atrakcje. Oczywi\u015bcie, na Waszym przyj\u0119ciu powinny si\u0119 maski weneckie. Przypominamy, \u017ce takie akcesoria s\u0105 nieod\u0142\u0105cznym atrybutem karnawa\u0142u.<\/p>\n\n\n\n<p>Decyduj\u0105c si\u0119 na wesele w karnawale, pomy\u015blcie o tym, \u017ceby urz\u0105dzi\u0107 je w stylu glamour. Wspomniany motyw przewodni kojarzy si\u0119 z blichtrem, luksusem, przepychem i wytworn\u0105 elegancj\u0105. Aby wprowadzi\u0107 go\u015bci w wyj\u0105tkowy klimat, zam\u00f3wcie efektowne zaproszenia ze srebrnymi lub z\u0142otymi akcentami.<\/p>\n\n\n\n<figure class=\"wp-block-image size-large\"><img loading=\"lazy\" decoding=\"async\" width=\"1024\" height=\"512\" src=\"https:\/\/www.koronakarkonoszy.pl\/blog\/wp-content\/uploads\/2020\/01\/stylowy_dwor_wesleny_DKK-3-1024x512.jpg\" alt=\"\" class=\"wp-image-3921\" srcset=\"https:\/\/www.koronakarkonoszy.pl\/blog\/wp-content\/uploads\/2020\/01\/stylowy_dwor_wesleny_DKK-3-1024x512.jpg 1024w, https:\/\/www.koronakarkonoszy.pl\/blog\/wp-content\/uploads\/2020\/01\/stylowy_dwor_wesleny_DKK-3-300x150.jpg 300w, https:\/\/www.koronakarkonoszy.pl\/blog\/wp-content\/uploads\/2020\/01\/stylowy_dwor_wesleny_DKK-3-768x384.jpg 768w, https:\/\/www.koronakarkonoszy.pl\/blog\/wp-content\/uploads\/2020\/01\/stylowy_dwor_wesleny_DKK-3.jpg 1200w\" sizes=\"auto, (max-width: 1024px) 100vw, 1024px\" \/><figcaption class=\"wp-element-caption\"><a href=\"https:\/\/www.koronakarkonoszy.pl\/\">Dw\u00f3r Korona Karkonoszy &#8211; zapraszamy!<\/a><\/figcaption><\/figure>\n\n\n\n<h2 class=\"wp-block-heading\"><a><\/a>Wesele w karnawale: jak zaskoczy\u0107 go\u015bci?<\/h2>\n\n\n\n<p>Huczna zabawa do bia\u0142ego rana wcale nie musi oznacza\u0107 ko\u0144ca \u015bwi\u0119towania. Je\u015bli dysponujecie wi\u0119kszym bud\u017cetem, mo\u017cecie zorganizowa\u0107 poprawiny weselne. Chocia\u017c takie przedsi\u0119wzi\u0119cie nie jest obowi\u0105zkowe, warto go zorganizowa\u0107, zw\u0142aszcza je\u015bli wielu go\u015bci przyje\u017cd\u017ca z daleka. Pami\u0119tajcie, \u017ceby nie zostawia\u0107 bliskich bez opieki. Zorganizujcie dla nich nocleg i wy\u017cywienie, dzi\u0119ki czemu poczuj\u0105 si\u0119 komfortowo.<\/p>\n\n\n\n<p>&nbsp;Je\u015bli organizujecie wesele w karnawale, zapro\u015bcie wszystkich do zabawy w przebieranie. Oczywi\u015bcie, powinni\u015bcie poinformowa\u0107 o tym go\u015bci z wyprzedzeniem. Dzi\u0119ki temu b\u0119d\u0105 mogli spokojnie si\u0119 przygotowa\u0107 do zabawy. Pami\u0119tajcie, \u017ceby zorganizowa\u0107 konkurs na najlepszy kostium. Przygotujcie atrakcyjne upominki, aby doceni\u0107 najbardziej kreatywnych weselnik\u00f3w.<\/p>\n\n\n\n<h2 class=\"wp-block-heading\"><a><\/a>Atrakcja na weselu dla dzieci i doros\u0142ych<\/h2>\n\n\n\n<p>Jak zaj\u0105\u0107 czas najm\u0142odszym go\u015bciom? Zatrudnijcie animatora, kt\u00f3ry zorganizuje czas dzieciom, tym samym odci\u0105\u017caj\u0105c rodzic\u00f3w. Zaplanuje ciekawe gry i zabawy, spo\u015br\u00f3d kt\u00f3rych du\u017c\u0105 popularno\u015bci\u0105 cieszy si\u0119:<\/p>\n\n\n\n<ul class=\"wp-block-list\">\n<li>malowanie twarzy,<\/li>\n\n\n\n<li>przebieranki,<\/li>\n\n\n\n<li>konkurs na najwi\u0119ksz\u0105 ba\u0144k\u0119 mydlan\u0105,<\/li>\n\n\n\n<li>budowanie wie\u017cy z drewnianych klock\u00f3w,<\/li>\n\n\n\n<li>weselny teatrzyk,<\/li>\n\n\n\n<li>konkurs taneczny,<\/li>\n\n\n\n<li>k\u00f3\u0142ko i krzy\u017cyk,<\/li>\n\n\n\n<li>chi\u0144czyk,<\/li>\n\n\n\n<li>statki.<\/li>\n<\/ul>\n\n\n\n<figure class=\"wp-block-image size-large\"><img loading=\"lazy\" decoding=\"async\" width=\"1024\" height=\"683\" src=\"https:\/\/www.koronakarkonoszy.pl\/blog\/wp-content\/uploads\/2021\/05\/lukasz_sulka_fotografia_ewa_kuba_wesele_sosnowka_62-1024x683.jpg\" alt=\"\" class=\"wp-image-6627\" srcset=\"https:\/\/www.koronakarkonoszy.pl\/blog\/wp-content\/uploads\/2021\/05\/lukasz_sulka_fotografia_ewa_kuba_wesele_sosnowka_62-1024x683.jpg 1024w, https:\/\/www.koronakarkonoszy.pl\/blog\/wp-content\/uploads\/2021\/05\/lukasz_sulka_fotografia_ewa_kuba_wesele_sosnowka_62-300x200.jpg 300w, https:\/\/www.koronakarkonoszy.pl\/blog\/wp-content\/uploads\/2021\/05\/lukasz_sulka_fotografia_ewa_kuba_wesele_sosnowka_62-768x512.jpg 768w, https:\/\/www.koronakarkonoszy.pl\/blog\/wp-content\/uploads\/2021\/05\/lukasz_sulka_fotografia_ewa_kuba_wesele_sosnowka_62-1920x1280.jpg 1920w, https:\/\/www.koronakarkonoszy.pl\/blog\/wp-content\/uploads\/2021\/05\/lukasz_sulka_fotografia_ewa_kuba_wesele_sosnowka_62-1536x1024.jpg 1536w, https:\/\/www.koronakarkonoszy.pl\/blog\/wp-content\/uploads\/2021\/05\/lukasz_sulka_fotografia_ewa_kuba_wesele_sosnowka_62.jpg 2048w\" sizes=\"auto, (max-width: 1024px) 100vw, 1024px\" \/><figcaption class=\"wp-element-caption\"><strong><a href=\"https:\/\/www.koronakarkonoszy.pl\/blog\/wesele-dolny-slask\/\">Wesele Dolny \u015al\u0105sk<\/a>, Dw\u00f3r Korona Karkonoszy, Sosn\u00f3wka k. Karpacza<\/strong><\/figcaption><\/figure>\n\n\n\n<p>Chcecie zatrudni\u0107 animatora na wesele w karnawale? W takim razie przeka\u017ccie mu informacj\u0119, w jakim wieku znajduj\u0105 si\u0119 dzieci i czym si\u0119 interesuj\u0105. Dzi\u0119ki temu profesjonalista zaplanuje wyj\u0105tkowe atrakcje, bior\u0105c pod uwag\u0119 wiek i umiej\u0119tno\u015bci uczestnik\u00f3w. Aby roz\u0142adowa\u0107 skumulowan\u0105 energi\u0119, najprawdopodobniej animator zaproponuje szukanie ukrytego skarbu, budowanie totemu, czy zabawy z chust\u0105 animacyjn\u0105.<\/p>\n\n\n\n<p>Zastanawiacie si\u0119, jak zaj\u0105\u0107 swoich go\u015bci? Pomy\u015blcie o tym, \u017ceby wynaj\u0105\u0107 fotobudk\u0119, przynajmniej na kilka godzin. Przy okazji po\u0142\u00f3\u017ccie obok niej koszyczek. Popro\u015bcie rodzin\u0119 i znajomych, aby wrzucili do niego przynajmniej jedno zdj\u0119cie. Zach\u0119\u0107cie r\u00f3wnie\u017c do napisania na odwrocie kilku s\u0142\u00f3w. Takie zdj\u0119cia przywo\u0142aj\u0105 cudowne wspomnienia w mgnieniu oka.<\/p>\n","protected":false},"excerpt":{"rendered":"<p>Karnawa\u0142 to okres w polskim kalendarzu, rozpoczynaj\u0105cy si\u0119 zwykle w dniu Trzech Kr\u00f3li i ko\u0144cz\u0105cy we wtorek przed \u015arod\u0105 Popielcow\u0105. Karnawa\u0142, jak sama nazwa wskazuje, oznacza okres zimowych imprez i zabaw: maskarad, bal\u00f3w, pochod\u00f3w. Pary M\u0142ode coraz cz\u0119\u015bciej decyduj\u0105 si\u0119 na wesele w karnawale. Jakie s\u0105 plusy takiego rozwi\u0105zania? Wesele w karnawale \u2013 zima nie [&hellip;]<\/p>\n","protected":false},"author":11,"featured_media":655,"comment_status":"closed","ping_status":"closed","sticky":false,"template":"","format":"standard","meta":{"_acf_changed":false,"footnotes":""},"categories":[16,2,15],"class_list":["post-654","post","type-post","status-publish","format-standard","has-post-thumbnail","hentry","category-kiedy-wesele","category-porady","category-wesela-zima"],"acf":[],"yoast_head":"<!-- This site is optimized with the Yoast SEO plugin v27.5 - https:\/\/yoast.com\/product\/yoast-seo-wordpress\/ -->\n<title>Wesele w karnawale: zimowe szale\u0144stwo - :: Blog weselny<\/title>\n<meta name=\"description\" content=\"Karnawa\u0142 to okres zimowych imprez i zabaw: maskarad, bal\u00f3w, pochod\u00f3w. Pary M\u0142ode coraz cz\u0119\u015bciej decyduj\u0105 si\u0119 na wesele w karnawale. Dlaczego?\" \/>\n<meta name=\"robots\" content=\"index, follow, max-snippet:-1, max-image-preview:large, max-video-preview:-1\" \/>\n<link rel=\"canonical\" href=\"https:\/\/www.koronakarkonoszy.pl\/blog\/en\/carnival-wedding-winter-madness\/\" \/>\n<meta property=\"og:locale\" content=\"en_GB\" \/>\n<meta property=\"og:type\" content=\"article\" \/>\n<meta property=\"og:title\" content=\"Wesele w karnawale: zimowe szale\u0144stwo - :: Blog weselny\" \/>\n<meta property=\"og:description\" content=\"Karnawa\u0142 to okres zimowych imprez i zabaw: maskarad, bal\u00f3w, pochod\u00f3w. Pary M\u0142ode coraz cz\u0119\u015bciej decyduj\u0105 si\u0119 na wesele w karnawale. Dlaczego?\" \/>\n<meta property=\"og:url\" content=\"https:\/\/www.koronakarkonoszy.pl\/blog\/en\/carnival-wedding-winter-madness\/\" \/>\n<meta property=\"og:site_name\" content=\":: Blog weselny\" \/>\n<meta property=\"article:published_time\" content=\"2020-06-26T18:21:00+00:00\" \/>\n<meta property=\"article:modified_time\" content=\"2024-12-11T10:55:31+00:00\" \/>\n<meta property=\"og:image\" content=\"https:\/\/www.koronakarkonoszy.pl\/blog\/wp-content\/uploads\/2021\/07\/event-karnawal-impreza__15_.jpg\" \/>\n\t<meta property=\"og:image:width\" content=\"800\" \/>\n\t<meta property=\"og:image:height\" content=\"329\" \/>\n\t<meta property=\"og:image:type\" content=\"image\/jpeg\" \/>\n<meta name=\"author\" content=\"agnieszka\" \/>\n<meta name=\"twitter:card\" content=\"summary_large_image\" \/>\n<meta name=\"twitter:label1\" content=\"Written by\" \/>\n\t<meta name=\"twitter:data1\" content=\"agnieszka\" \/>\n\t<meta name=\"twitter:label2\" content=\"Estimated reading time\" \/>\n\t<meta name=\"twitter:data2\" content=\"11 minutes\" \/>\n<script type=\"application\/ld+json\" class=\"yoast-schema-graph\">{\"@context\":\"https:\\\/\\\/schema.org\",\"@graph\":[{\"@type\":\"Article\",\"@id\":\"https:\\\/\\\/www.koronakarkonoszy.pl\\\/blog\\\/wesele-w-karnawale-zimowe-szalenstwo\\\/#article\",\"isPartOf\":{\"@id\":\"https:\\\/\\\/www.koronakarkonoszy.pl\\\/blog\\\/wesele-w-karnawale-zimowe-szalenstwo\\\/\"},\"author\":{\"name\":\"agnieszka\",\"@id\":\"https:\\\/\\\/www.koronakarkonoszy.pl\\\/blog\\\/#\\\/schema\\\/person\\\/ec8c88bd01ebe6cbf6a16435ce22276f\"},\"headline\":\"Wesele w karnawale: zimowe szale\u0144stwo\",\"datePublished\":\"2020-06-26T18:21:00+00:00\",\"dateModified\":\"2024-12-11T10:55:31+00:00\",\"mainEntityOfPage\":{\"@id\":\"https:\\\/\\\/www.koronakarkonoszy.pl\\\/blog\\\/wesele-w-karnawale-zimowe-szalenstwo\\\/\"},\"wordCount\":2093,\"image\":{\"@id\":\"https:\\\/\\\/www.koronakarkonoszy.pl\\\/blog\\\/wesele-w-karnawale-zimowe-szalenstwo\\\/#primaryimage\"},\"thumbnailUrl\":\"https:\\\/\\\/www.koronakarkonoszy.pl\\\/blog\\\/wp-content\\\/uploads\\\/2021\\\/07\\\/event-karnawal-impreza__15_.jpg\",\"articleSection\":[\"Kiedy wesele\",\"Porady\",\"Wesele zima\"],\"inLanguage\":\"en-GB\"},{\"@type\":\"WebPage\",\"@id\":\"https:\\\/\\\/www.koronakarkonoszy.pl\\\/blog\\\/wesele-w-karnawale-zimowe-szalenstwo\\\/\",\"url\":\"https:\\\/\\\/www.koronakarkonoszy.pl\\\/blog\\\/wesele-w-karnawale-zimowe-szalenstwo\\\/\",\"name\":\"Wesele w karnawale: zimowe szale\u0144stwo - :: Blog weselny\",\"isPartOf\":{\"@id\":\"https:\\\/\\\/www.koronakarkonoszy.pl\\\/blog\\\/#website\"},\"primaryImageOfPage\":{\"@id\":\"https:\\\/\\\/www.koronakarkonoszy.pl\\\/blog\\\/wesele-w-karnawale-zimowe-szalenstwo\\\/#primaryimage\"},\"image\":{\"@id\":\"https:\\\/\\\/www.koronakarkonoszy.pl\\\/blog\\\/wesele-w-karnawale-zimowe-szalenstwo\\\/#primaryimage\"},\"thumbnailUrl\":\"https:\\\/\\\/www.koronakarkonoszy.pl\\\/blog\\\/wp-content\\\/uploads\\\/2021\\\/07\\\/event-karnawal-impreza__15_.jpg\",\"datePublished\":\"2020-06-26T18:21:00+00:00\",\"dateModified\":\"2024-12-11T10:55:31+00:00\",\"author\":{\"@id\":\"https:\\\/\\\/www.koronakarkonoszy.pl\\\/blog\\\/#\\\/schema\\\/person\\\/ec8c88bd01ebe6cbf6a16435ce22276f\"},\"description\":\"Karnawa\u0142 to okres zimowych imprez i zabaw: maskarad, bal\u00f3w, pochod\u00f3w. Pary M\u0142ode coraz cz\u0119\u015bciej decyduj\u0105 si\u0119 na wesele w karnawale. Dlaczego?\",\"breadcrumb\":{\"@id\":\"https:\\\/\\\/www.koronakarkonoszy.pl\\\/blog\\\/wesele-w-karnawale-zimowe-szalenstwo\\\/#breadcrumb\"},\"inLanguage\":\"en-GB\",\"potentialAction\":[{\"@type\":\"ReadAction\",\"target\":[\"https:\\\/\\\/www.koronakarkonoszy.pl\\\/blog\\\/wesele-w-karnawale-zimowe-szalenstwo\\\/\"]}]},{\"@type\":\"ImageObject\",\"inLanguage\":\"en-GB\",\"@id\":\"https:\\\/\\\/www.koronakarkonoszy.pl\\\/blog\\\/wesele-w-karnawale-zimowe-szalenstwo\\\/#primaryimage\",\"url\":\"https:\\\/\\\/www.koronakarkonoszy.pl\\\/blog\\\/wp-content\\\/uploads\\\/2021\\\/07\\\/event-karnawal-impreza__15_.jpg\",\"contentUrl\":\"https:\\\/\\\/www.koronakarkonoszy.pl\\\/blog\\\/wp-content\\\/uploads\\\/2021\\\/07\\\/event-karnawal-impreza__15_.jpg\",\"width\":800,\"height\":329,\"caption\":\"event karnawa\u0142 impreza\"},{\"@type\":\"BreadcrumbList\",\"@id\":\"https:\\\/\\\/www.koronakarkonoszy.pl\\\/blog\\\/wesele-w-karnawale-zimowe-szalenstwo\\\/#breadcrumb\",\"itemListElement\":[{\"@type\":\"ListItem\",\"position\":1,\"name\":\"Strona g\u0142\u00f3wna\",\"item\":\"https:\\\/\\\/www.koronakarkonoszy.pl\\\/blog\\\/\"},{\"@type\":\"ListItem\",\"position\":2,\"name\":\"Wesele w karnawale: zimowe szale\u0144stwo\"}]},{\"@type\":\"WebSite\",\"@id\":\"https:\\\/\\\/www.koronakarkonoszy.pl\\\/blog\\\/#website\",\"url\":\"https:\\\/\\\/www.koronakarkonoszy.pl\\\/blog\\\/\",\"name\":\":: Blog weselny\",\"description\":\"Blog weselny Dw\u00f3r Korona Karkonoszy\",\"potentialAction\":[{\"@type\":\"SearchAction\",\"target\":{\"@type\":\"EntryPoint\",\"urlTemplate\":\"https:\\\/\\\/www.koronakarkonoszy.pl\\\/blog\\\/?s={search_term_string}\"},\"query-input\":{\"@type\":\"PropertyValueSpecification\",\"valueRequired\":true,\"valueName\":\"search_term_string\"}}],\"inLanguage\":\"en-GB\"},{\"@type\":\"Person\",\"@id\":\"https:\\\/\\\/www.koronakarkonoszy.pl\\\/blog\\\/#\\\/schema\\\/person\\\/ec8c88bd01ebe6cbf6a16435ce22276f\",\"name\":\"agnieszka\",\"image\":{\"@type\":\"ImageObject\",\"inLanguage\":\"en-GB\",\"@id\":\"https:\\\/\\\/www.koronakarkonoszy.pl\\\/blog\\\/wp-content\\\/litespeed\\\/avatar\\\/53ee7b676463f74d0aea1a09de3d003b.jpg?ver=1777438794\",\"url\":\"https:\\\/\\\/www.koronakarkonoszy.pl\\\/blog\\\/wp-content\\\/litespeed\\\/avatar\\\/53ee7b676463f74d0aea1a09de3d003b.jpg?ver=1777438794\",\"contentUrl\":\"https:\\\/\\\/www.koronakarkonoszy.pl\\\/blog\\\/wp-content\\\/litespeed\\\/avatar\\\/53ee7b676463f74d0aea1a09de3d003b.jpg?ver=1777438794\",\"caption\":\"agnieszka\"},\"url\":\"https:\\\/\\\/www.koronakarkonoszy.pl\\\/blog\\\/en\\\/author\\\/agnieszka\\\/\"}]}<\/script>\n<!-- \/ Yoast SEO plugin. -->","yoast_head_json":{"title":"Carnival wedding: winter madness - :: Wedding blog","description":"Carnival is a period of winter events and games: masquerades, balls, parades. Young couples more and more often decide to have a wedding in the carnival. Why?","robots":{"index":"index","follow":"follow","max-snippet":"max-snippet:-1","max-image-preview":"max-image-preview:large","max-video-preview":"max-video-preview:-1"},"canonical":"https:\/\/www.koronakarkonoszy.pl\/blog\/en\/carnival-wedding-winter-madness\/","og_locale":"en_GB","og_type":"article","og_title":"Wesele w karnawale: zimowe szale\u0144stwo - :: Blog weselny","og_description":"Karnawa\u0142 to okres zimowych imprez i zabaw: maskarad, bal\u00f3w, pochod\u00f3w. Pary M\u0142ode coraz cz\u0119\u015bciej decyduj\u0105 si\u0119 na wesele w karnawale. Dlaczego?","og_url":"https:\/\/www.koronakarkonoszy.pl\/blog\/en\/carnival-wedding-winter-madness\/","og_site_name":":: Blog weselny","article_published_time":"2020-06-26T18:21:00+00:00","article_modified_time":"2024-12-11T10:55:31+00:00","og_image":[{"width":800,"height":329,"url":"https:\/\/www.koronakarkonoszy.pl\/blog\/wp-content\/uploads\/2021\/07\/event-karnawal-impreza__15_.jpg","type":"image\/jpeg"}],"author":"agnieszka","twitter_card":"summary_large_image","twitter_misc":{"Written by":"agnieszka","Estimated reading time":"11 minutes"},"schema":{"@context":"https:\/\/schema.org","@graph":[{"@type":"Article","@id":"https:\/\/www.koronakarkonoszy.pl\/blog\/wesele-w-karnawale-zimowe-szalenstwo\/#article","isPartOf":{"@id":"https:\/\/www.koronakarkonoszy.pl\/blog\/wesele-w-karnawale-zimowe-szalenstwo\/"},"author":{"name":"agnieszka","@id":"https:\/\/www.koronakarkonoszy.pl\/blog\/#\/schema\/person\/ec8c88bd01ebe6cbf6a16435ce22276f"},"headline":"Wesele w karnawale: zimowe szale\u0144stwo","datePublished":"2020-06-26T18:21:00+00:00","dateModified":"2024-12-11T10:55:31+00:00","mainEntityOfPage":{"@id":"https:\/\/www.koronakarkonoszy.pl\/blog\/wesele-w-karnawale-zimowe-szalenstwo\/"},"wordCount":2093,"image":{"@id":"https:\/\/www.koronakarkonoszy.pl\/blog\/wesele-w-karnawale-zimowe-szalenstwo\/#primaryimage"},"thumbnailUrl":"https:\/\/www.koronakarkonoszy.pl\/blog\/wp-content\/uploads\/2021\/07\/event-karnawal-impreza__15_.jpg","articleSection":["Kiedy wesele","Porady","Wesele zima"],"inLanguage":"en-GB"},{"@type":"WebPage","@id":"https:\/\/www.koronakarkonoszy.pl\/blog\/wesele-w-karnawale-zimowe-szalenstwo\/","url":"https:\/\/www.koronakarkonoszy.pl\/blog\/wesele-w-karnawale-zimowe-szalenstwo\/","name":"Carnival wedding: winter madness - :: Wedding blog","isPartOf":{"@id":"https:\/\/www.koronakarkonoszy.pl\/blog\/#website"},"primaryImageOfPage":{"@id":"https:\/\/www.koronakarkonoszy.pl\/blog\/wesele-w-karnawale-zimowe-szalenstwo\/#primaryimage"},"image":{"@id":"https:\/\/www.koronakarkonoszy.pl\/blog\/wesele-w-karnawale-zimowe-szalenstwo\/#primaryimage"},"thumbnailUrl":"https:\/\/www.koronakarkonoszy.pl\/blog\/wp-content\/uploads\/2021\/07\/event-karnawal-impreza__15_.jpg","datePublished":"2020-06-26T18:21:00+00:00","dateModified":"2024-12-11T10:55:31+00:00","author":{"@id":"https:\/\/www.koronakarkonoszy.pl\/blog\/#\/schema\/person\/ec8c88bd01ebe6cbf6a16435ce22276f"},"description":"Carnival is a period of winter events and games: masquerades, balls, parades. Young couples more and more often decide to have a wedding in the carnival. Why?","breadcrumb":{"@id":"https:\/\/www.koronakarkonoszy.pl\/blog\/wesele-w-karnawale-zimowe-szalenstwo\/#breadcrumb"},"inLanguage":"en-GB","potentialAction":[{"@type":"ReadAction","target":["https:\/\/www.koronakarkonoszy.pl\/blog\/wesele-w-karnawale-zimowe-szalenstwo\/"]}]},{"@type":"ImageObject","inLanguage":"en-GB","@id":"https:\/\/www.koronakarkonoszy.pl\/blog\/wesele-w-karnawale-zimowe-szalenstwo\/#primaryimage","url":"https:\/\/www.koronakarkonoszy.pl\/blog\/wp-content\/uploads\/2021\/07\/event-karnawal-impreza__15_.jpg","contentUrl":"https:\/\/www.koronakarkonoszy.pl\/blog\/wp-content\/uploads\/2021\/07\/event-karnawal-impreza__15_.jpg","width":800,"height":329,"caption":"event karnawa\u0142 impreza"},{"@type":"BreadcrumbList","@id":"https:\/\/www.koronakarkonoszy.pl\/blog\/wesele-w-karnawale-zimowe-szalenstwo\/#breadcrumb","itemListElement":[{"@type":"ListItem","position":1,"name":"Strona g\u0142\u00f3wna","item":"https:\/\/www.koronakarkonoszy.pl\/blog\/"},{"@type":"ListItem","position":2,"name":"Wesele w karnawale: zimowe szale\u0144stwo"}]},{"@type":"WebSite","@id":"https:\/\/www.koronakarkonoszy.pl\/blog\/#website","url":"https:\/\/www.koronakarkonoszy.pl\/blog\/","name":":: Wedding blog","description":"Wedding blog Dw\u00f3r Korona Karkonosze","potentialAction":[{"@type":"SearchAction","target":{"@type":"EntryPoint","urlTemplate":"https:\/\/www.koronakarkonoszy.pl\/blog\/?s={search_term_string}"},"query-input":{"@type":"PropertyValueSpecification","valueRequired":true,"valueName":"search_term_string"}}],"inLanguage":"en-GB"},{"@type":"Person","@id":"https:\/\/www.koronakarkonoszy.pl\/blog\/#\/schema\/person\/ec8c88bd01ebe6cbf6a16435ce22276f","name":"Agnes","image":{"@type":"ImageObject","inLanguage":"en-GB","@id":"https:\/\/www.koronakarkonoszy.pl\/blog\/wp-content\/litespeed\/avatar\/53ee7b676463f74d0aea1a09de3d003b.jpg?ver=1777438794","url":"https:\/\/www.koronakarkonoszy.pl\/blog\/wp-content\/litespeed\/avatar\/53ee7b676463f74d0aea1a09de3d003b.jpg?ver=1777438794","contentUrl":"https:\/\/www.koronakarkonoszy.pl\/blog\/wp-content\/litespeed\/avatar\/53ee7b676463f74d0aea1a09de3d003b.jpg?ver=1777438794","caption":"agnieszka"},"url":"https:\/\/www.koronakarkonoszy.pl\/blog\/en\/author\/agnieszka\/"}]}},"_links":{"self":[{"href":"https:\/\/www.koronakarkonoszy.pl\/blog\/en\/wp-json\/wp\/v2\/posts\/654","targetHints":{"allow":["GET"]}}],"collection":[{"href":"https:\/\/www.koronakarkonoszy.pl\/blog\/en\/wp-json\/wp\/v2\/posts"}],"about":[{"href":"https:\/\/www.koronakarkonoszy.pl\/blog\/en\/wp-json\/wp\/v2\/types\/post"}],"author":[{"embeddable":true,"href":"https:\/\/www.koronakarkonoszy.pl\/blog\/en\/wp-json\/wp\/v2\/users\/11"}],"replies":[{"embeddable":true,"href":"https:\/\/www.koronakarkonoszy.pl\/blog\/en\/wp-json\/wp\/v2\/comments?post=654"}],"version-history":[{"count":1,"href":"https:\/\/www.koronakarkonoszy.pl\/blog\/en\/wp-json\/wp\/v2\/posts\/654\/revisions"}],"predecessor-version":[{"id":11645,"href":"https:\/\/www.koronakarkonoszy.pl\/blog\/en\/wp-json\/wp\/v2\/posts\/654\/revisions\/11645"}],"wp:featuredmedia":[{"embeddable":true,"href":"https:\/\/www.koronakarkonoszy.pl\/blog\/en\/wp-json\/wp\/v2\/media\/655"}],"wp:attachment":[{"href":"https:\/\/www.koronakarkonoszy.pl\/blog\/en\/wp-json\/wp\/v2\/media?parent=654"}],"wp:term":[{"taxonomy":"category","embeddable":true,"href":"https:\/\/www.koronakarkonoszy.pl\/blog\/en\/wp-json\/wp\/v2\/categories?post=654"}],"curies":[{"name":"wp","href":"https:\/\/api.w.org\/{rel}","templated":true}]}}