{"id":489,"date":"2020-04-13T08:50:00","date_gmt":"2020-04-13T06:50:00","guid":{"rendered":"https:\/\/www.koronakarkonoszy.pl\/blog\/?p=489"},"modified":"2023-02-09T19:48:52","modified_gmt":"2023-02-09T18:48:52","slug":"wedding-in-winter-white-magic-2","status":"publish","type":"post","link":"https:\/\/www.koronakarkonoszy.pl\/blog\/en\/wesele-w-zimie-biala-magia\/","title":{"rendered":"Wedding in winter - white magic"},"content":{"rendered":"\n<p><strong>Nikogo nie trzeba ju\u017c przekonywa\u0107, \u017ce wesele w Bo\u017ce Narodzenie czy og\u00f3lnie wesele w zimie jest naprawd\u0119 magiczne. Je\u015bli rozwa\u017camy powa\u017cnie t\u0119 opcj\u0119 lub zdecydowali\u015bmy si\u0119 ju\u017c na ni\u0105, dobrze jest wykorzysta\u0107 wszystkie dobrodziejstwa i zalety, kt\u00f3re oferuje nam zimowa ceremonia. Bia\u0142a magia trwa tylko przez niewielk\u0105 cz\u0119\u015b\u0107 roku i jak uczy do\u015bwiadczenie niejednej M\u0142odej Pary, warto podda\u0107 si\u0119 jej urokowi.<\/strong><\/p>\n\n\n\n<h2 class=\"wp-block-heading\" id=\"h-najpi-kniejsze-wesele-w-zimie\"><strong>Najpi\u0119kniejsze wesele w zimie<\/strong><\/h2>\n\n\n\n<p>Je\u015bli chodzi o sam\u0105 M\u0142od\u0105 Par\u0119, to wykorzystajmy jak najbardziej wyj\u0105tkow\u0105 dekoracj\u0119 sali. Joanna Hoc-Kopiej, ekspert weselny Dworu Korona Karkonoszy wskazuje: &#8222;Organizuj\u0105ce wesele w zimie mamy du\u017c\u0105 szans\u0119 na to, \u017ce b\u0119dzie ona specjalnie przystrojona na okres \u015bwi\u0105t, Sylwestra czy karnawa\u0142u. Koniecznie te\u017c wybierzmy si\u0119 na sesj\u0119 w plenerze! Je\u015bli mamy szcz\u0119\u015bcie bra\u0107 wesele w g\u00f3rach, daje nam to okazj\u0119 do prawdziwie bajkowych i romantycznych uj\u0119\u0107. Tak\u017ce miasta i wioski prezentuj\u0105 si\u0119 w tym okresie wyj\u0105tkowo atrakcyjnie, i b\u0119d\u0105 wspania\u0142ym t\u0142em dla naszych zdj\u0119\u0107&#8221;. Je\u015bli fotograf zosta\u0142 wynaj\u0119ty jedynie na samo przyj\u0119cie \u015blubne, warto poprosi\u0107 ulubionego wujka czy kuzyna, aby wybra\u0142 si\u0119 z nami na tak\u0105 sesj\u0119 zdj\u0119ciow\u0105. Zima w g\u00f3rach zawsze przepi\u0119knie prezentuje si\u0119 na fotografiach.<\/p>\n\n\n\n<p>&nbsp;<\/p>\n\n\n<section id=\"leonardo-block_60ee89a911a9b\" class=\"leonardo page-breaker leonardo-image-left\">\r\n    <div class=\"leonardo-body\">\r\n        <h2 class=\"leonardo-title\" id=\"h-zimowa-sesja-slubna-zdjec-nigdy-za-wiele\">Zimowa sesja \u015blubna &#8211; zdj\u0119\u0107 nigdy za wiele!<\/h2>        <div class=\"leonardo-content\"><p>Zima to pora roku, kt\u00f3ra daje okazj\u0119 do stworzenia niezliczonej ilo\u015bci niepowtarzalnych fotografii. To tak\u017ce nietuzinkowy spos\u00f3b na \u015bwietn\u0105 zabaw\u0119 dla naszych weselnych go\u015bci! Prawdziwym hitem s\u0105 zdj\u0119cia grupowe pod choink\u0105 (lub innym efektownym elementem dekoracyjnym). Taka fotografia b\u0119dzie nie tylko doskona\u0142\u0105 pami\u0105tk\u0105, kt\u00f3r\u0105 dodatkowo mo\u017cemy przerobi\u0107 na \u015bwi\u0105teczn\u0105 kartk\u0119 z \u017cyczeniami! W ten spos\u00f3b mo\u017cemy co roku dzi\u0119kowa\u0107 wszystkim za \u015bwietn\u0105 zabaw\u0119 na weselu, rozsy\u0142aj\u0105c j\u0105 w okresie Bo\u017cego Narodzenia za pomoc\u0105 poczty tradycyjnej lub e-maila. Je\u015bli na naszym przyj\u0119ciu ma stan\u0105\u0107 fotobudka, warto te\u017c zadba\u0107 o odpowiednie rekwizyty i dodatki zwi\u0105zane ze \u015awi\u0119tami i karnawa\u0142em. Nasi go\u015bcie z pewno\u015bci\u0105 to doceni\u0105, a takie stylizowane fotki stan\u0105 si\u0119 ozdob\u0105 niejednego albumu.<\/p>\n<\/div>\r\n            <\/div>\r\n    <div class=\"leonardo-image\">\r\n        <img loading=\"lazy\" decoding=\"async\" width=\"800\" height=\"534\" src=\"https:\/\/www.koronakarkonoszy.pl\/blog\/wp-content\/uploads\/2021\/07\/sala-weselna-w-zimie.jpg\" class=\"attachment-full size-full\" alt=\"sala weselna w zimie\" srcset=\"https:\/\/www.koronakarkonoszy.pl\/blog\/wp-content\/uploads\/2021\/07\/sala-weselna-w-zimie.jpg 800w, https:\/\/www.koronakarkonoszy.pl\/blog\/wp-content\/uploads\/2021\/07\/sala-weselna-w-zimie-300x200.jpg 300w, https:\/\/www.koronakarkonoszy.pl\/blog\/wp-content\/uploads\/2021\/07\/sala-weselna-w-zimie-768x513.jpg 768w\" sizes=\"auto, (max-width: 800px) 100vw, 800px\" \/>            <\/div>\r\n<\/section>\n\n\n<h2 class=\"wp-block-heading\" id=\"h-wesele-w-zimie-g-rskie-szale-stwo\"><strong>Wesele w zimie &#8211; g\u00f3rskie szale\u0144stwo<\/strong><\/h2>\n\n\n\n<p>Chwila aktywno\u015bci na \u015bwie\u017cym powietrzu podczas wesela zostanie przyj\u0119ta z entuzjazmem nie tylko przez dzieci. Pomo\u017ce to naszym go\u015bciom od\u015bwie\u017cy\u0107 si\u0119 i zebra\u0107 si\u0142y do dalszej zabawy i ta\u0144ca. Klasykiem jest tu oczywi\u015bcie bitwa na \u015bnie\u017cki i lepienie ba\u0142wana. Mo\u017cemy te\u017c da\u0107 pole do popisu i zorganizowa\u0107 konkurs na najlepsz\u0105 rze\u017ab\u0119 \u015bnie\u017cn\u0105, zamek czy igloo. Wszystkim te\u017c na pewno zapadnie na d\u0142ugo w pami\u0119\u0107 kulig, a jednocze\u015bnie pomo\u017ce wskrzesi\u0107 niezwyk\u0142\u0105 atmosfer\u0119 i przenie\u015b\u0107 si\u0119 na chwil\u0119 do lat dzieci\u0144stwa. Je\u015bli teren temu sprzyja warto te\u017c urz\u0105dzi\u0107 dla m\u0142odszych go\u015bci zjazdy sankami. Starszym mo\u017cna urozmaici\u0107 tras\u0119 zjazdu, ustawiaj\u0105c kilka przeszk\u00f3d lub urz\u0105dzaj\u0105c wy\u015bcigi na sankach. Ka\u017cdy zapami\u0119ta wesele w zimie, na kt\u00f3rym tyle si\u0119 dzia\u0142o!<\/p>\n\n\n\n<p>Popularne nie tylko w zimie s\u0105 przeja\u017cd\u017cki doro\u017ck\u0105 czy bryczk\u0105, jednak w\u0142a\u015bnie w zimie nabieraj\u0105 one szczeg\u00f3lnego uroku. Jest to doskona\u0142a propozycja nie tylko dla M\u0142odej Pary, ale te\u017c ich rodzic\u00f3w czy dziadk\u00f3w. Wszyscy na pewno b\u0119d\u0105 si\u0119 \u015bwietnie bawi\u0107 na takiej wycieczce. Z kolei w\u015br\u00f3d m\u0119skiej cz\u0119\u015bci go\u015bci prawdziwym hitem s\u0105 zawody w przeci\u0105ganiu liny na \u015bniegu. Pami\u0119tajmy tylko, aby po powrocie do sali przygotowa\u0107 dla naszych go\u015bci ciep\u0142e napoje w postaci herbaty, kawy czy grzanego wina. <\/p>\n\n\n<section id=\"ctaninja-block_61a115cc5ac47\" class=\"ctaninja\">\r\n    <div class=\"ctaninja-body\">\r\n        <h2 class=\"h1\" id=\"ha-planujecie-wesele-w-zimie\">Planujecie wesele w zimie?<\/h2>\r\n        <p>Czas zarezerwowa\u0107 sal\u0119 &#8211; sprawd\u017acie nasze wolne terminy \u2665<\/p>\r\n        <div class=\"nf-container\">\r\n            <noscript class=\"ninja-forms-noscript-message\">\n\tNotice: JavaScript is required for this content.<\/noscript>\n<div id=\"nf-form-1-cont\" class=\"nf-form-cont\" aria-live=\"polite\" aria-labelledby=\"nf-form-title-1\" aria-describedby=\"nf-form-errors-1\" role=\"form\">\n\n    <div class=\"nf-loading-spinner\"><\/div>\n\n<\/div>\n        <!-- That data is being printed as a workaround to page builders reordering the order of the scripts loaded-->\n        <script>var formDisplay=1;var nfForms=nfForms||[];var form=[];form.id='1';form.settings={\"objectType\":\"Form Setting\",\"editActive\":\"\",\"title\":\"Contact Me\",\"key\":\"\",\"created_at\":\"2021-05-31 16:57:05\",\"default_label_pos\":\"above\",\"conditions\":[],\"show_title\":\"1\",\"clear_complete\":\"1\",\"hide_complete\":\"1\",\"wrapper_class\":\"\",\"element_class\":\"\",\"add_submit\":\"1\",\"logged_in\":\"\",\"not_logged_in_msg\":\"\",\"sub_limit_number\":\"\",\"sub_limit_msg\":\"\",\"calculations\":[],\"formContentData\":[{\"order\":1,\"cells\":[{\"order\":0,\"fields\":[\"email\"],\"width\":50},{\"order\":1,\"fields\":[\"wyslij_1640001513358\"],\"width\":50}]}],\"container_styles_background-color\":\"\",\"container_styles_border\":\"\",\"container_styles_border-style\":\"\",\"container_styles_border-color\":\"\",\"container_styles_color\":\"\",\"container_styles_height\":\"\",\"container_styles_width\":\"\",\"container_styles_font-size\":\"\",\"container_styles_margin\":\"\",\"container_styles_padding\":\"\",\"container_styles_display\":\"\",\"container_styles_float\":\"\",\"container_styles_show_advanced_css\":\"0\",\"container_styles_advanced\":\"\",\"title_styles_background-color\":\"\",\"title_styles_border\":\"\",\"title_styles_border-style\":\"\",\"title_styles_border-color\":\"\",\"title_styles_color\":\"\",\"title_styles_height\":\"\",\"title_styles_width\":\"\",\"title_styles_font-size\":\"\",\"title_styles_margin\":\"\",\"title_styles_padding\":\"\",\"title_styles_display\":\"\",\"title_styles_float\":\"\",\"title_styles_show_advanced_css\":\"0\",\"title_styles_advanced\":\"\",\"row_styles_background-color\":\"\",\"row_styles_border\":\"\",\"row_styles_border-style\":\"\",\"row_styles_border-color\":\"\",\"row_styles_color\":\"\",\"row_styles_height\":\"\",\"row_styles_width\":\"\",\"row_styles_font-size\":\"\",\"row_styles_margin\":\"\",\"row_styles_padding\":\"\",\"row_styles_display\":\"\",\"row_styles_show_advanced_css\":\"0\",\"row_styles_advanced\":\"\",\"row-odd_styles_background-color\":\"\",\"row-odd_styles_border\":\"\",\"row-odd_styles_border-style\":\"\",\"row-odd_styles_border-color\":\"\",\"row-odd_styles_color\":\"\",\"row-odd_styles_height\":\"\",\"row-odd_styles_width\":\"\",\"row-odd_styles_font-size\":\"\",\"row-odd_styles_margin\":\"\",\"row-odd_styles_padding\":\"\",\"row-odd_styles_display\":\"\",\"row-odd_styles_show_advanced_css\":\"0\",\"row-odd_styles_advanced\":\"\",\"success-msg_styles_background-color\":\"\",\"success-msg_styles_border\":\"\",\"success-msg_styles_border-style\":\"\",\"success-msg_styles_border-color\":\"\",\"success-msg_styles_color\":\"\",\"success-msg_styles_height\":\"\",\"success-msg_styles_width\":\"\",\"success-msg_styles_font-size\":\"\",\"success-msg_styles_margin\":\"\",\"success-msg_styles_padding\":\"\",\"success-msg_styles_display\":\"\",\"success-msg_styles_show_advanced_css\":\"0\",\"success-msg_styles_advanced\":\"\",\"error_msg_styles_background-color\":\"\",\"error_msg_styles_border\":\"\",\"error_msg_styles_border-style\":\"\",\"error_msg_styles_border-color\":\"\",\"error_msg_styles_color\":\"\",\"error_msg_styles_height\":\"\",\"error_msg_styles_width\":\"\",\"error_msg_styles_font-size\":\"\",\"error_msg_styles_margin\":\"\",\"error_msg_styles_padding\":\"\",\"error_msg_styles_display\":\"\",\"error_msg_styles_show_advanced_css\":\"0\",\"error_msg_styles_advanced\":\"\",\"allow_public_link\":0,\"embed_form\":\"\",\"currency\":\"\",\"repeatable_fieldsets\":\"\",\"unique_field_error\":\"Formularz z t\\u0105 warto\\u015bci\\u0105 zosta\\u0142 ju\\u017c przes\\u0142any.\",\"ninjaForms\":\"Ninja Forms\",\"changeEmailErrorMsg\":\"Please enter a valid email address!\",\"changeDateErrorMsg\":\"Please enter a valid date!\",\"confirmFieldErrorMsg\":\"These fields must match!\",\"fieldNumberNumMinError\":\"Number Min Error\",\"fieldNumberNumMaxError\":\"Number Max Error\",\"fieldNumberIncrementBy\":\"Please increment by \",\"fieldTextareaRTEInsertLink\":\"Insert Link\",\"fieldTextareaRTEInsertMedia\":\"Insert Media\",\"fieldTextareaRTESelectAFile\":\"Select a file\",\"formErrorsCorrectErrors\":\"Please correct errors before submitting this form.\",\"formHoneypot\":\"If you are a human seeing this field, please leave it empty.\",\"validateRequiredField\":\"This is a required field.\",\"honeypotHoneypotError\":\"Honeypot Error\",\"fileUploadOldCodeFileUploadInProgress\":\"File Upload in Progress.\",\"fileUploadOldCodeFileUpload\":\"FILE UPLOAD\",\"currencySymbol\":\"&#36;\",\"fieldsMarkedRequired\":\"Fields marked with an <span class=\\\"ninja-forms-req-symbol\\\">*<\\\/span> are required\",\"thousands_sep\":\",\",\"decimal_point\":\".\",\"siteLocale\":\"en_GB\",\"dateFormat\":\"m\\\/d\\\/Y\",\"startOfWeek\":\"1\",\"of\":\"of\",\"previousMonth\":\"Previous Month\",\"nextMonth\":\"Next Month\",\"months\":[\"January\",\"February\",\"March\",\"April\",\"May\",\"June\",\"July\",\"August\",\"September\",\"October\",\"November\",\"December\"],\"monthsShort\":[\"Jan\",\"Feb\",\"Mar\",\"Apr\",\"May\",\"Jun\",\"Jul\",\"Aug\",\"Sep\",\"Oct\",\"Nov\",\"Dec\"],\"weekdays\":[\"Sunday\",\"Monday\",\"Tuesday\",\"Wednesday\",\"Thursday\",\"Friday\",\"Saturday\"],\"weekdaysShort\":[\"Sun\",\"Mon\",\"Tue\",\"Wed\",\"Thu\",\"Fri\",\"Sat\"],\"weekdaysMin\":[\"Su\",\"Mo\",\"Tu\",\"We\",\"Th\",\"Fr\",\"Sa\"],\"recaptchaConsentMissing\":\"reCaptcha validation couldn&#039;t load.\",\"recaptchaMissingCookie\":\"reCaptcha v3 validation couldn&#039;t load the cookie needed to submit the form.\",\"recaptchaConsentEvent\":\"Accept reCaptcha cookies before sending the form.\",\"currency_symbol\":\"\",\"beforeForm\":\"\",\"beforeFields\":\"\",\"afterFields\":\"\",\"afterForm\":\"\"};form.fields=[{\"objectType\":\"Field\",\"objectDomain\":\"fields\",\"editActive\":false,\"order\":1,\"idAttribute\":\"id\",\"label\":\"Email\",\"key\":\"email\",\"type\":\"email\",\"created_at\":\"2021-05-31 16:57:06\",\"label_pos\":\"above\",\"required\":1,\"placeholder\":\"Podaj maila, skontaktujemy si\\u0119 z Tob\\u0105\",\"default\":\"\",\"wrapper_class\":\"\",\"element_class\":\"\",\"container_class\":\"\",\"admin_label\":\"\",\"help_text\":\"\",\"desc_text\":\"\",\"wrap_styles_background-color\":\"\",\"wrap_styles_border\":\"\",\"wrap_styles_border-style\":\"\",\"wrap_styles_border-color\":\"\",\"wrap_styles_color\":\"\",\"wrap_styles_height\":\"\",\"wrap_styles_width\":\"\",\"wrap_styles_font-size\":\"\",\"wrap_styles_margin\":\"\",\"wrap_styles_padding\":\"\",\"wrap_styles_display\":\"\",\"wrap_styles_float\":\"\",\"wrap_styles_show_advanced_css\":0,\"wrap_styles_advanced\":\"\",\"label_styles_background-color\":\"\",\"label_styles_border\":\"\",\"label_styles_border-style\":\"\",\"label_styles_border-color\":\"\",\"label_styles_color\":\"\",\"label_styles_height\":\"\",\"label_styles_width\":\"\",\"label_styles_font-size\":\"\",\"label_styles_margin\":\"\",\"label_styles_padding\":\"\",\"label_styles_display\":\"\",\"label_styles_float\":\"\",\"label_styles_show_advanced_css\":0,\"label_styles_advanced\":\"\",\"element_styles_background-color\":\"\",\"element_styles_border\":\"\",\"element_styles_border-style\":\"\",\"element_styles_border-color\":\"\",\"element_styles_color\":\"\",\"element_styles_height\":\"\",\"element_styles_width\":\"\",\"element_styles_font-size\":\"\",\"element_styles_margin\":\"\",\"element_styles_padding\":\"\",\"element_styles_display\":\"\",\"element_styles_float\":\"\",\"element_styles_show_advanced_css\":0,\"element_styles_advanced\":\"\",\"cellcid\":\"c3375\",\"custom_name_attribute\":\"email\",\"personally_identifiable\":1,\"value\":\"\",\"drawerDisabled\":false,\"id\":2,\"beforeField\":\"\",\"afterField\":\"\",\"parentType\":\"email\",\"element_templates\":[\"email\",\"input\"],\"old_classname\":\"\",\"wrap_template\":\"wrap\"},{\"objectType\":\"Field\",\"objectDomain\":\"fields\",\"editActive\":false,\"order\":2,\"idAttribute\":\"id\",\"label\":\"Wy\\u015blij\",\"key\":\"wyslij_1640001513358\",\"type\":\"submit\",\"created_at\":\"2021-05-31 16:57:06\",\"processing_label\":\"Wysy\\u0142anie...\",\"container_class\":\"\",\"element_class\":\"\",\"wrap_styles_background-color\":\"\",\"wrap_styles_border\":\"\",\"wrap_styles_border-style\":\"\",\"wrap_styles_border-color\":\"\",\"wrap_styles_color\":\"\",\"wrap_styles_height\":\"\",\"wrap_styles_width\":\"\",\"wrap_styles_font-size\":\"\",\"wrap_styles_margin\":\"\",\"wrap_styles_padding\":\"\",\"wrap_styles_display\":\"\",\"wrap_styles_float\":\"\",\"wrap_styles_show_advanced_css\":0,\"wrap_styles_advanced\":\"\",\"label_styles_background-color\":\"\",\"label_styles_border\":\"\",\"label_styles_border-style\":\"\",\"label_styles_border-color\":\"\",\"label_styles_color\":\"\",\"label_styles_height\":\"\",\"label_styles_width\":\"\",\"label_styles_font-size\":\"\",\"label_styles_margin\":\"\",\"label_styles_padding\":\"\",\"label_styles_display\":\"\",\"label_styles_float\":\"\",\"label_styles_show_advanced_css\":0,\"label_styles_advanced\":\"\",\"element_styles_background-color\":\"\",\"element_styles_border\":\"\",\"element_styles_border-style\":\"\",\"element_styles_border-color\":\"\",\"element_styles_color\":\"\",\"element_styles_height\":\"\",\"element_styles_width\":\"\",\"element_styles_font-size\":\"\",\"element_styles_margin\":\"\",\"element_styles_padding\":\"\",\"element_styles_display\":\"\",\"element_styles_float\":\"\",\"element_styles_show_advanced_css\":0,\"element_styles_advanced\":\"\",\"submit_element_hover_styles_background-color\":\"\",\"submit_element_hover_styles_border\":\"\",\"submit_element_hover_styles_border-style\":\"\",\"submit_element_hover_styles_border-color\":\"\",\"submit_element_hover_styles_color\":\"\",\"submit_element_hover_styles_height\":\"\",\"submit_element_hover_styles_width\":\"\",\"submit_element_hover_styles_font-size\":\"\",\"submit_element_hover_styles_margin\":\"\",\"submit_element_hover_styles_padding\":\"\",\"submit_element_hover_styles_display\":\"\",\"submit_element_hover_styles_float\":\"\",\"submit_element_hover_styles_show_advanced_css\":0,\"submit_element_hover_styles_advanced\":\"\",\"cellcid\":\"c3378\",\"drawerDisabled\":false,\"id\":4,\"beforeField\":\"\",\"afterField\":\"\",\"value\":\"\",\"label_pos\":\"above\",\"parentType\":\"textbox\",\"element_templates\":[\"submit\",\"button\",\"input\"],\"old_classname\":\"\",\"wrap_template\":\"wrap-no-label\"}];nfForms.push(form);<\/script>\n                <script id=\"nf-tmpl-cell\" type=\"text\/template\">\n            <nf-fields><\/nf-fields>\n        <\/script>\n\n        <script id=\"nf-tmpl-row\" type=\"text\/template\">\n            <nf-cells><\/nf-cells>\n        <\/script>\n\n                <\/div>\r\n    <\/div>\r\n    <div class=\"ctaninja-onm ctaninja-onm-1 rbg\"><\/div>\r\n    <div class=\"ctaninja-onm ctaninja-onm-2 rbg\"><\/div>\r\n<\/section>\n\n\n<h2 class=\"wp-block-heading\" id=\"h-mro-ne-party-pomys-na-nietuzinkowe-poprawiny\">Mro\u017ane party<strong> \u2013 pomys\u0142 na nietuzinkowe poprawiny<\/strong><\/h2>\n\n\n\n<p>Kulig mo\u017ce by\u0107 tak\u017ce \u015bwietnym pomys\u0142em na zorganizowanie poprawin, o kt\u00f3rych go\u015bciom si\u0119 nawet nie marzy\u0142o. Opr\u00f3cz tego wycieczka po g\u00f3rach lub wjazd na \u015anie\u017ck\u0119 wyci\u0105giem. Po tym wszystkim klimatyczne ognisko wieczorne, kt\u00f3re roz\u015bwietli rozpo\u015bcieraj\u0105cy si\u0119 zewsz\u0105d widok g\u00f3rskich szczyt\u00f3w. Takich poprawin nie zapomni \u017caden go\u015b\u0107, a Para M\u0142oda b\u0119dzie absolutnie zachwycona rozwojem wydarze\u0144 i u\u015bmiechami na twarzach go\u015bci.&nbsp;<\/p>\n\n\n<section id=\"leonardo-block_60ee89e611a9c\" class=\"leonardo page-breaker leonardo-image-right\">\r\n    <div class=\"leonardo-body\">\r\n        <h2 class=\"leonardo-title\" id=\"h-atrakcje-na-zimowe-wesele\"> Atrakcje na zimowe wesele<\/h2>        <div class=\"leonardo-content\"><p><!-- wp:heading --><\/p>\n<p>\u015alub i wesele w zimie obliguje nas do pozostania w tym klimacie w wi\u0119kszo\u015bci element\u00f3w ca\u0142ej uroczysto\u015bci. Warto wi\u0119c pokusi\u0107 si\u0119 o jakie\u015b tematyczne atrakcje dla go\u015bci. \u015awietnym pomys\u0142em mo\u017ce by\u0107 tutaj pokaz tworzenia rze\u017ab lodowych lub ju\u017c gotowe rze\u017aby z lodu, kt\u00f3re przywitaj\u0105 go\u015bci po dotarciu na miejsce wesela. Taka atrakcja wprawi ich w os\u0142upienie i zachwyt! Inn\u0105 opcj\u0105 mo\u017ce by\u0107 tak\u017ce zaserwowanie deseru w postaci lod\u00f3w, np. p\u0142on\u0105cych. Po\u0142\u0105czenie zimy i \u017caru mi\u0142o\u015bci jest jak najbardziej wskazane podczas takiej imprezy! Doskona\u0142\u0105 atrakcj\u0105 i niezwykle popularn\u0105 w ostatnich latach s\u0105 zamarzaj\u0105ce ba\u0144ki mydlane. Pokaz robiony jest zazwyczaj na zewn\u0105trz i idealnie pasuje do zimowej scenerii, poniewa\u017c aby pokaz si\u0119 uda\u0142, musi dopisywa\u0107 prawdziwy mr\u00f3z. Owacje i brawa z pewno\u015bci\u0105 rozgrzej\u0105 go\u015bci, a zamarzni\u0119t\u0105 ba\u0144k\u0119 mydlan\u0105 b\u0119d\u0105 mogli bez problem\u00f3w ukry\u0107 w d\u0142oniach.<\/p>\n<p><!-- \/wp:paragraph --><\/p>\n<\/div>\r\n            <\/div>\r\n    <div class=\"leonardo-image\">\r\n        <img loading=\"lazy\" decoding=\"async\" width=\"800\" height=\"534\" src=\"https:\/\/www.koronakarkonoszy.pl\/blog\/wp-content\/uploads\/2021\/07\/wesle-zima-dkk.jpg\" class=\"attachment-full size-full\" alt=\"wesele zima dkk\" srcset=\"https:\/\/www.koronakarkonoszy.pl\/blog\/wp-content\/uploads\/2021\/07\/wesle-zima-dkk.jpg 800w, https:\/\/www.koronakarkonoszy.pl\/blog\/wp-content\/uploads\/2021\/07\/wesle-zima-dkk-300x200.jpg 300w, https:\/\/www.koronakarkonoszy.pl\/blog\/wp-content\/uploads\/2021\/07\/wesle-zima-dkk-768x513.jpg 768w\" sizes=\"auto, (max-width: 800px) 100vw, 800px\" \/>            <\/div>\r\n<\/section>\n\n\n<h2 class=\"wp-block-heading\" id=\"h-pomys-y-na-wesele-w-zimie-inspiracje\"><strong>Pomys\u0142y na wesele w zimie &#8211; inspiracje<\/strong><\/h2>\n\n\n\n<p>Trudno nie podda\u0107 si\u0119 magii zimowej aury, zw\u0142aszcza bior\u0105c \u015blub w g\u00f3rach. Wykorzystajmy to i podejd\u017amy kreatywnie do planowania przyj\u0119cia weselnego. Nie trzeba od razu wydawa\u0107 ogromnych kwot na dekoracje. Wystarczy drobny akcent, np. w postaci \u015bwi\u0105tecznego piernika po\u0142o\u017conego przy zastawie ka\u017cdego z go\u015bci. Je\u015bli jednak mamy ochot\u0119 na co\u015b z wi\u0119kszym rozmachem, nic nie stoi na przeszkodzie by\u00a0sala weselna\u00a0sta\u0142a si\u0119 ba\u015bniowym dworem M\u0142odej Pary, kryszta\u0142ow\u0105 grot\u0105 czy zb\u00f3jnick\u0105 karczm\u0105.<\/p>\n\n\n\n<p>Pami\u0119tajmy, \u017ce zima to nie tylko Bo\u017ce Narodzenie, ale tak\u017ce okres karnawa\u0142u! Mo\u017cemy zainspirowa\u0107 si\u0119 klasycznym renesansowym stylem lub wr\u0119cz przeciwnie, urz\u0105dzi\u0107 futurystyczny bal maskowy. Wszystko zale\u017cy tak naprawd\u0119 od nas, ale jednego mo\u017cemy by\u0107 pewni. Nikt, kto by\u0142 zaproszony na wesele w zimie, nie jest w stanie oprze\u0107 si\u0119 bia\u0142ej magii.<\/p>\n\n\n<section id=\"leonardo-block_60ee8a2311a9d\" class=\"leonardo page-breaker leonardo-image-left\">\r\n    <div class=\"leonardo-body\">\r\n        <h2 class=\"leonardo-title\" id=\"h-wesele-w-zimie-ubior-pary-mlodej-oraz-gosci\">Wesele w zimie \u2013 ubi\u00f3r Pary M\u0142odej oraz go\u015bci<\/h2>        <div class=\"leonardo-content\"><p><!-- wp:heading --><\/p>\n<p>Nic tak nie wsp\u00f3\u0142gra z bia\u0142ym puchem jak \u015bnie\u017cnobia\u0142a suknia Panny M\u0142odej, otulona kawa\u0142kiem futerkowego szala. Taki ubi\u00f3r idealnie sprawdzi si\u0119 na wesele w zimie, kiedy serca mamy mocno rozgrzane, aczkolwiek aura panuj\u0105ca w\u00f3wczas w g\u00f3rach przynosi nam minusowe temperatury. Nie mo\u017cemy wi\u0119c pozwoli\u0107, aby jedna z dw\u00f3ch najwa\u017cniejszych os\u00f3b na tej uroczysto\u015bci trz\u0119s\u0142a si\u0119 z zimna. Futerko lub ko\u017cuszek dope\u0142ni ca\u0142o\u015bci. A co z Panem M\u0142odym? Jego oczywi\u015bcie chroni garnitur, jednak na czas przejazdu z ko\u015bcio\u0142a czy USC do Sali, polecamy okry\u0107 si\u0119 przemi\u0142ym kocem z owczej we\u0142ny. To sprawi, \u017ce Para M\u0142oda nie tylko si\u0119 rozgrzeje, ale tak\u017ce doskonale zaprezentuje si\u0119 na fotografiach \u015blubnych. W ko\u0144cu jak g\u00f3rski \u015blub w zimie to po g\u00f3ralsku!<\/p>\n<p><!-- \/wp:paragraph --><\/p>\n<\/div>\r\n            <\/div>\r\n    <div class=\"leonardo-image\">\r\n        <img loading=\"lazy\" decoding=\"async\" width=\"800\" height=\"534\" src=\"https:\/\/www.koronakarkonoszy.pl\/blog\/wp-content\/uploads\/2021\/07\/wesele-w-zimie.jpg\" class=\"attachment-full size-full\" alt=\"wesele w zimie\" srcset=\"https:\/\/www.koronakarkonoszy.pl\/blog\/wp-content\/uploads\/2021\/07\/wesele-w-zimie.jpg 800w, https:\/\/www.koronakarkonoszy.pl\/blog\/wp-content\/uploads\/2021\/07\/wesele-w-zimie-300x200.jpg 300w, https:\/\/www.koronakarkonoszy.pl\/blog\/wp-content\/uploads\/2021\/07\/wesele-w-zimie-768x513.jpg 768w\" sizes=\"auto, (max-width: 800px) 100vw, 800px\" \/>            <\/div>\r\n<\/section>","protected":false},"excerpt":{"rendered":"<p>Nikogo nie trzeba ju\u017c przekonywa\u0107, \u017ce wesele w Bo\u017ce Narodzenie czy og\u00f3lnie wesele w zimie jest naprawd\u0119 magiczne. Je\u015bli rozwa\u017camy powa\u017cnie t\u0119 opcj\u0119 lub zdecydowali\u015bmy si\u0119 ju\u017c na ni\u0105, dobrze jest wykorzysta\u0107 wszystkie dobrodziejstwa i zalety, kt\u00f3re oferuje nam zimowa ceremonia. Bia\u0142a magia trwa tylko przez niewielk\u0105 cz\u0119\u015b\u0107 roku i jak uczy do\u015bwiadczenie niejednej M\u0142odej [&hellip;]<\/p>\n","protected":false},"author":11,"featured_media":492,"comment_status":"closed","ping_status":"closed","sticky":false,"template":"","format":"standard","meta":{"_acf_changed":false,"footnotes":""},"categories":[16,3,15],"class_list":["post-489","post","type-post","status-publish","format-standard","has-post-thumbnail","hentry","category-kiedy-wesele","category-trendy","category-wesela-zima"],"acf":[],"yoast_head":"<!-- This site is optimized with the Yoast SEO plugin v27.5 - https:\/\/yoast.com\/product\/yoast-seo-wordpress\/ -->\n<title>Wesele w zimie - bia\u0142a magia - :: Blog weselny<\/title>\n<meta name=\"description\" content=\"Nikogo nie trzeba ju\u017c przekonywa\u0107, \u017ce wesele w Bo\u017ce Narodzenie czy og\u00f3lnie wesele w zimie jest naprawd\u0119 magiczne. Oto dlaczego.\" \/>\n<meta name=\"robots\" content=\"index, follow, max-snippet:-1, max-image-preview:large, max-video-preview:-1\" \/>\n<link rel=\"canonical\" href=\"https:\/\/www.koronakarkonoszy.pl\/blog\/en\/wedding-in-winter-white-magic-2\/\" \/>\n<meta property=\"og:locale\" content=\"en_GB\" \/>\n<meta property=\"og:type\" content=\"article\" \/>\n<meta property=\"og:title\" content=\"Wesele w zimie - bia\u0142a magia - :: Blog weselny\" \/>\n<meta property=\"og:description\" content=\"Nikogo nie trzeba ju\u017c przekonywa\u0107, \u017ce wesele w Bo\u017ce Narodzenie czy og\u00f3lnie wesele w zimie jest naprawd\u0119 magiczne. Oto dlaczego.\" \/>\n<meta property=\"og:url\" content=\"https:\/\/www.koronakarkonoszy.pl\/blog\/en\/wedding-in-winter-white-magic-2\/\" \/>\n<meta property=\"og:site_name\" content=\":: Blog weselny\" \/>\n<meta property=\"article:published_time\" content=\"2020-04-13T06:50:00+00:00\" \/>\n<meta property=\"article:modified_time\" content=\"2023-02-09T18:48:52+00:00\" \/>\n<meta property=\"og:image\" content=\"https:\/\/www.koronakarkonoszy.pl\/blog\/wp-content\/uploads\/2021\/07\/wesele-w-zimie.jpg\" \/>\n\t<meta property=\"og:image:width\" content=\"800\" \/>\n\t<meta property=\"og:image:height\" content=\"534\" \/>\n\t<meta property=\"og:image:type\" content=\"image\/jpeg\" \/>\n<meta name=\"author\" content=\"agnieszka\" \/>\n<meta name=\"twitter:card\" content=\"summary_large_image\" \/>\n<meta name=\"twitter:label1\" content=\"Written by\" \/>\n\t<meta name=\"twitter:data1\" content=\"agnieszka\" \/>\n\t<meta name=\"twitter:label2\" content=\"Estimated reading time\" \/>\n\t<meta name=\"twitter:data2\" content=\"3 minutes\" \/>\n<script type=\"application\/ld+json\" class=\"yoast-schema-graph\">{\"@context\":\"https:\\\/\\\/schema.org\",\"@graph\":[{\"@type\":\"Article\",\"@id\":\"https:\\\/\\\/www.koronakarkonoszy.pl\\\/blog\\\/wesele-w-zimie-biala-magia\\\/#article\",\"isPartOf\":{\"@id\":\"https:\\\/\\\/www.koronakarkonoszy.pl\\\/blog\\\/wesele-w-zimie-biala-magia\\\/\"},\"author\":{\"name\":\"agnieszka\",\"@id\":\"https:\\\/\\\/www.koronakarkonoszy.pl\\\/blog\\\/#\\\/schema\\\/person\\\/ec8c88bd01ebe6cbf6a16435ce22276f\"},\"headline\":\"Wesele w zimie &#8211; bia\u0142a magia\",\"datePublished\":\"2020-04-13T06:50:00+00:00\",\"dateModified\":\"2023-02-09T18:48:52+00:00\",\"mainEntityOfPage\":{\"@id\":\"https:\\\/\\\/www.koronakarkonoszy.pl\\\/blog\\\/wesele-w-zimie-biala-magia\\\/\"},\"wordCount\":722,\"image\":{\"@id\":\"https:\\\/\\\/www.koronakarkonoszy.pl\\\/blog\\\/wesele-w-zimie-biala-magia\\\/#primaryimage\"},\"thumbnailUrl\":\"https:\\\/\\\/www.koronakarkonoszy.pl\\\/blog\\\/wp-content\\\/uploads\\\/2021\\\/07\\\/wesele-w-zimie.jpg\",\"articleSection\":[\"Kiedy wesele\",\"Trendy\",\"Wesele zima\"],\"inLanguage\":\"en-GB\"},{\"@type\":\"WebPage\",\"@id\":\"https:\\\/\\\/www.koronakarkonoszy.pl\\\/blog\\\/wesele-w-zimie-biala-magia\\\/\",\"url\":\"https:\\\/\\\/www.koronakarkonoszy.pl\\\/blog\\\/wesele-w-zimie-biala-magia\\\/\",\"name\":\"Wesele w zimie - bia\u0142a magia - :: Blog weselny\",\"isPartOf\":{\"@id\":\"https:\\\/\\\/www.koronakarkonoszy.pl\\\/blog\\\/#website\"},\"primaryImageOfPage\":{\"@id\":\"https:\\\/\\\/www.koronakarkonoszy.pl\\\/blog\\\/wesele-w-zimie-biala-magia\\\/#primaryimage\"},\"image\":{\"@id\":\"https:\\\/\\\/www.koronakarkonoszy.pl\\\/blog\\\/wesele-w-zimie-biala-magia\\\/#primaryimage\"},\"thumbnailUrl\":\"https:\\\/\\\/www.koronakarkonoszy.pl\\\/blog\\\/wp-content\\\/uploads\\\/2021\\\/07\\\/wesele-w-zimie.jpg\",\"datePublished\":\"2020-04-13T06:50:00+00:00\",\"dateModified\":\"2023-02-09T18:48:52+00:00\",\"author\":{\"@id\":\"https:\\\/\\\/www.koronakarkonoszy.pl\\\/blog\\\/#\\\/schema\\\/person\\\/ec8c88bd01ebe6cbf6a16435ce22276f\"},\"description\":\"Nikogo nie trzeba ju\u017c przekonywa\u0107, \u017ce wesele w Bo\u017ce Narodzenie czy og\u00f3lnie wesele w zimie jest naprawd\u0119 magiczne. Oto dlaczego.\",\"breadcrumb\":{\"@id\":\"https:\\\/\\\/www.koronakarkonoszy.pl\\\/blog\\\/wesele-w-zimie-biala-magia\\\/#breadcrumb\"},\"inLanguage\":\"en-GB\",\"potentialAction\":[{\"@type\":\"ReadAction\",\"target\":[\"https:\\\/\\\/www.koronakarkonoszy.pl\\\/blog\\\/wesele-w-zimie-biala-magia\\\/\"]}]},{\"@type\":\"ImageObject\",\"inLanguage\":\"en-GB\",\"@id\":\"https:\\\/\\\/www.koronakarkonoszy.pl\\\/blog\\\/wesele-w-zimie-biala-magia\\\/#primaryimage\",\"url\":\"https:\\\/\\\/www.koronakarkonoszy.pl\\\/blog\\\/wp-content\\\/uploads\\\/2021\\\/07\\\/wesele-w-zimie.jpg\",\"contentUrl\":\"https:\\\/\\\/www.koronakarkonoszy.pl\\\/blog\\\/wp-content\\\/uploads\\\/2021\\\/07\\\/wesele-w-zimie.jpg\",\"width\":800,\"height\":534,\"caption\":\"wesele w zimie\"},{\"@type\":\"BreadcrumbList\",\"@id\":\"https:\\\/\\\/www.koronakarkonoszy.pl\\\/blog\\\/wesele-w-zimie-biala-magia\\\/#breadcrumb\",\"itemListElement\":[{\"@type\":\"ListItem\",\"position\":1,\"name\":\"Strona g\u0142\u00f3wna\",\"item\":\"https:\\\/\\\/www.koronakarkonoszy.pl\\\/blog\\\/\"},{\"@type\":\"ListItem\",\"position\":2,\"name\":\"Wesele w zimie &#8211; bia\u0142a magia\"}]},{\"@type\":\"WebSite\",\"@id\":\"https:\\\/\\\/www.koronakarkonoszy.pl\\\/blog\\\/#website\",\"url\":\"https:\\\/\\\/www.koronakarkonoszy.pl\\\/blog\\\/\",\"name\":\":: Blog weselny\",\"description\":\"Blog weselny Dw\u00f3r Korona Karkonoszy\",\"potentialAction\":[{\"@type\":\"SearchAction\",\"target\":{\"@type\":\"EntryPoint\",\"urlTemplate\":\"https:\\\/\\\/www.koronakarkonoszy.pl\\\/blog\\\/?s={search_term_string}\"},\"query-input\":{\"@type\":\"PropertyValueSpecification\",\"valueRequired\":true,\"valueName\":\"search_term_string\"}}],\"inLanguage\":\"en-GB\"},{\"@type\":\"Person\",\"@id\":\"https:\\\/\\\/www.koronakarkonoszy.pl\\\/blog\\\/#\\\/schema\\\/person\\\/ec8c88bd01ebe6cbf6a16435ce22276f\",\"name\":\"agnieszka\",\"image\":{\"@type\":\"ImageObject\",\"inLanguage\":\"en-GB\",\"@id\":\"https:\\\/\\\/www.koronakarkonoszy.pl\\\/blog\\\/wp-content\\\/litespeed\\\/avatar\\\/53ee7b676463f74d0aea1a09de3d003b.jpg?ver=1777438794\",\"url\":\"https:\\\/\\\/www.koronakarkonoszy.pl\\\/blog\\\/wp-content\\\/litespeed\\\/avatar\\\/53ee7b676463f74d0aea1a09de3d003b.jpg?ver=1777438794\",\"contentUrl\":\"https:\\\/\\\/www.koronakarkonoszy.pl\\\/blog\\\/wp-content\\\/litespeed\\\/avatar\\\/53ee7b676463f74d0aea1a09de3d003b.jpg?ver=1777438794\",\"caption\":\"agnieszka\"},\"url\":\"https:\\\/\\\/www.koronakarkonoszy.pl\\\/blog\\\/en\\\/author\\\/agnieszka\\\/\"}]}<\/script>\n<!-- \/ Yoast SEO plugin. -->","yoast_head_json":{"title":"Winter wedding - white magic - :: Wedding blog","description":"No one needs to be convinced that a Christmas wedding or a winter wedding in general is truly magical. Here&#039;s why.","robots":{"index":"index","follow":"follow","max-snippet":"max-snippet:-1","max-image-preview":"max-image-preview:large","max-video-preview":"max-video-preview:-1"},"canonical":"https:\/\/www.koronakarkonoszy.pl\/blog\/en\/wedding-in-winter-white-magic-2\/","og_locale":"en_GB","og_type":"article","og_title":"Wesele w zimie - bia\u0142a magia - :: Blog weselny","og_description":"Nikogo nie trzeba ju\u017c przekonywa\u0107, \u017ce wesele w Bo\u017ce Narodzenie czy og\u00f3lnie wesele w zimie jest naprawd\u0119 magiczne. Oto dlaczego.","og_url":"https:\/\/www.koronakarkonoszy.pl\/blog\/en\/wedding-in-winter-white-magic-2\/","og_site_name":":: Blog weselny","article_published_time":"2020-04-13T06:50:00+00:00","article_modified_time":"2023-02-09T18:48:52+00:00","og_image":[{"width":800,"height":534,"url":"https:\/\/www.koronakarkonoszy.pl\/blog\/wp-content\/uploads\/2021\/07\/wesele-w-zimie.jpg","type":"image\/jpeg"}],"author":"agnieszka","twitter_card":"summary_large_image","twitter_misc":{"Written by":"agnieszka","Estimated reading time":"3 minutes"},"schema":{"@context":"https:\/\/schema.org","@graph":[{"@type":"Article","@id":"https:\/\/www.koronakarkonoszy.pl\/blog\/wesele-w-zimie-biala-magia\/#article","isPartOf":{"@id":"https:\/\/www.koronakarkonoszy.pl\/blog\/wesele-w-zimie-biala-magia\/"},"author":{"name":"agnieszka","@id":"https:\/\/www.koronakarkonoszy.pl\/blog\/#\/schema\/person\/ec8c88bd01ebe6cbf6a16435ce22276f"},"headline":"Wesele w zimie &#8211; bia\u0142a magia","datePublished":"2020-04-13T06:50:00+00:00","dateModified":"2023-02-09T18:48:52+00:00","mainEntityOfPage":{"@id":"https:\/\/www.koronakarkonoszy.pl\/blog\/wesele-w-zimie-biala-magia\/"},"wordCount":722,"image":{"@id":"https:\/\/www.koronakarkonoszy.pl\/blog\/wesele-w-zimie-biala-magia\/#primaryimage"},"thumbnailUrl":"https:\/\/www.koronakarkonoszy.pl\/blog\/wp-content\/uploads\/2021\/07\/wesele-w-zimie.jpg","articleSection":["Kiedy wesele","Trendy","Wesele zima"],"inLanguage":"en-GB"},{"@type":"WebPage","@id":"https:\/\/www.koronakarkonoszy.pl\/blog\/wesele-w-zimie-biala-magia\/","url":"https:\/\/www.koronakarkonoszy.pl\/blog\/wesele-w-zimie-biala-magia\/","name":"Winter wedding - white magic - :: Wedding blog","isPartOf":{"@id":"https:\/\/www.koronakarkonoszy.pl\/blog\/#website"},"primaryImageOfPage":{"@id":"https:\/\/www.koronakarkonoszy.pl\/blog\/wesele-w-zimie-biala-magia\/#primaryimage"},"image":{"@id":"https:\/\/www.koronakarkonoszy.pl\/blog\/wesele-w-zimie-biala-magia\/#primaryimage"},"thumbnailUrl":"https:\/\/www.koronakarkonoszy.pl\/blog\/wp-content\/uploads\/2021\/07\/wesele-w-zimie.jpg","datePublished":"2020-04-13T06:50:00+00:00","dateModified":"2023-02-09T18:48:52+00:00","author":{"@id":"https:\/\/www.koronakarkonoszy.pl\/blog\/#\/schema\/person\/ec8c88bd01ebe6cbf6a16435ce22276f"},"description":"No one needs to be convinced that a Christmas wedding or a winter wedding in general is truly magical. Here&#039;s why.","breadcrumb":{"@id":"https:\/\/www.koronakarkonoszy.pl\/blog\/wesele-w-zimie-biala-magia\/#breadcrumb"},"inLanguage":"en-GB","potentialAction":[{"@type":"ReadAction","target":["https:\/\/www.koronakarkonoszy.pl\/blog\/wesele-w-zimie-biala-magia\/"]}]},{"@type":"ImageObject","inLanguage":"en-GB","@id":"https:\/\/www.koronakarkonoszy.pl\/blog\/wesele-w-zimie-biala-magia\/#primaryimage","url":"https:\/\/www.koronakarkonoszy.pl\/blog\/wp-content\/uploads\/2021\/07\/wesele-w-zimie.jpg","contentUrl":"https:\/\/www.koronakarkonoszy.pl\/blog\/wp-content\/uploads\/2021\/07\/wesele-w-zimie.jpg","width":800,"height":534,"caption":"wesele w zimie"},{"@type":"BreadcrumbList","@id":"https:\/\/www.koronakarkonoszy.pl\/blog\/wesele-w-zimie-biala-magia\/#breadcrumb","itemListElement":[{"@type":"ListItem","position":1,"name":"Strona g\u0142\u00f3wna","item":"https:\/\/www.koronakarkonoszy.pl\/blog\/"},{"@type":"ListItem","position":2,"name":"Wesele w zimie &#8211; bia\u0142a magia"}]},{"@type":"WebSite","@id":"https:\/\/www.koronakarkonoszy.pl\/blog\/#website","url":"https:\/\/www.koronakarkonoszy.pl\/blog\/","name":":: Wedding blog","description":"Wedding blog Dw\u00f3r Korona Karkonosze","potentialAction":[{"@type":"SearchAction","target":{"@type":"EntryPoint","urlTemplate":"https:\/\/www.koronakarkonoszy.pl\/blog\/?s={search_term_string}"},"query-input":{"@type":"PropertyValueSpecification","valueRequired":true,"valueName":"search_term_string"}}],"inLanguage":"en-GB"},{"@type":"Person","@id":"https:\/\/www.koronakarkonoszy.pl\/blog\/#\/schema\/person\/ec8c88bd01ebe6cbf6a16435ce22276f","name":"Agnes","image":{"@type":"ImageObject","inLanguage":"en-GB","@id":"https:\/\/www.koronakarkonoszy.pl\/blog\/wp-content\/litespeed\/avatar\/53ee7b676463f74d0aea1a09de3d003b.jpg?ver=1777438794","url":"https:\/\/www.koronakarkonoszy.pl\/blog\/wp-content\/litespeed\/avatar\/53ee7b676463f74d0aea1a09de3d003b.jpg?ver=1777438794","contentUrl":"https:\/\/www.koronakarkonoszy.pl\/blog\/wp-content\/litespeed\/avatar\/53ee7b676463f74d0aea1a09de3d003b.jpg?ver=1777438794","caption":"agnieszka"},"url":"https:\/\/www.koronakarkonoszy.pl\/blog\/en\/author\/agnieszka\/"}]}},"_links":{"self":[{"href":"https:\/\/www.koronakarkonoszy.pl\/blog\/en\/wp-json\/wp\/v2\/posts\/489","targetHints":{"allow":["GET"]}}],"collection":[{"href":"https:\/\/www.koronakarkonoszy.pl\/blog\/en\/wp-json\/wp\/v2\/posts"}],"about":[{"href":"https:\/\/www.koronakarkonoszy.pl\/blog\/en\/wp-json\/wp\/v2\/types\/post"}],"author":[{"embeddable":true,"href":"https:\/\/www.koronakarkonoszy.pl\/blog\/en\/wp-json\/wp\/v2\/users\/11"}],"replies":[{"embeddable":true,"href":"https:\/\/www.koronakarkonoszy.pl\/blog\/en\/wp-json\/wp\/v2\/comments?post=489"}],"version-history":[{"count":0,"href":"https:\/\/www.koronakarkonoszy.pl\/blog\/en\/wp-json\/wp\/v2\/posts\/489\/revisions"}],"wp:featuredmedia":[{"embeddable":true,"href":"https:\/\/www.koronakarkonoszy.pl\/blog\/en\/wp-json\/wp\/v2\/media\/492"}],"wp:attachment":[{"href":"https:\/\/www.koronakarkonoszy.pl\/blog\/en\/wp-json\/wp\/v2\/media?parent=489"}],"wp:term":[{"taxonomy":"category","embeddable":true,"href":"https:\/\/www.koronakarkonoszy.pl\/blog\/en\/wp-json\/wp\/v2\/categories?post=489"}],"curies":[{"name":"wp","href":"https:\/\/api.w.org\/{rel}","templated":true}]}}