{"id":475,"date":"2023-05-01T21:42:19","date_gmt":"2023-05-01T19:42:19","guid":{"rendered":"https:\/\/www.koronakarkonoszy.pl\/blog\/?p=475"},"modified":"2023-05-23T11:42:06","modified_gmt":"2023-05-23T09:42:06","slug":"how-to-choose-a-venue-for-your-wedding","status":"publish","type":"post","link":"https:\/\/www.koronakarkonoszy.pl\/blog\/en\/jak-wybrac-miejsce-na-wesele\/","title":{"rendered":"How to choose a wedding venue?"},"content":{"rendered":"\n<p><strong>Gdy do naszego \u015blubu zaczynamy odlicza\u0107 dni, a nawet godziny, cz\u0119sto jeste\u015bmy podekscytowani, lekko zdenerwowani, ale bywa te\u017c, \u017ce spanikowani do granic mo\u017cliwo\u015bci. Tak, to prawda! Pa\u0144stwo M\u0142odzi cz\u0119sto zastanawiaj\u0105 si\u0119, czy wybrane przez nich miejsce na wesele oka\u017ce si\u0119 trafnym wyborem. I nic w tym dziwnego.&nbsp;Jak sprawi\u0107, by w nie znale\u017a\u0107 si\u0119 w gronie nieszcz\u0119\u015bliwc\u00f3w, kt\u00f3rzy w dniu \u015blubu z powodu nietrafionych wybor\u00f3w dostaj\u0105 rozstroju \u017co\u0142\u0105dka?&nbsp;Niestety po podpisaniu umowy, a zw\u0142aszcza gdy weselne potrawy ju\u017c kipi\u0105 w garnku, i Panna M\u0142oda stuka obcasami po kamiennych schodach, nasze pole manewru jest mocno ograniczone.<\/strong><\/p>\n\n\n<div id=\"ariadna-block_ab5ad7c21410c620d5d29b6927c1f39c\" class=\"ariadna\">\r\n    <ul><li><a href=\"#h-miejsce-na-wesele-jak-wybrac-odpowiednia-lokalizacje\">Miejsce na wesele &#8211; jak wybra\u0107 odpowiedni\u0105 lokalizacj\u0119?<\/a><\/li><li><a href=\"#h-jakie-powinno-by-idealne-miejsce-na-wesele-i-sala-weselna\">Jakie powinno by\u0107 idealne miejsce na wesele i&nbsp;sala weselna?<\/a><\/li><li><a href=\"#h-jak-wybrac-sale-na-wesele\">Jak wybra\u0107 sal\u0119 na wesele?<\/a><\/li><li><a href=\"#h-miejsce-na-wesele-impreza-w-stylu-g-ralskim\">Miejsce na wesele \u2013 impreza w stylu g\u00f3ralskim<\/a><\/li><li><a href=\"#h-sala-na-wesele\">Sala na wesele<\/a><\/li><li><a href=\"#h-miejsce-na-wesele-z-noclegiem\">Miejsce na wesele z noclegiem<\/a><\/li><li><a href=\"#h-styl-rustykalny-wesele-blisko-natury\">Styl rustykalny &#8211; wesele blisko natury<\/a><\/li><li><a href=\"#h-o-co-pytac-przy-wyborze-sali\">O co pyta\u0107 przy wyborze sali?<\/a><\/li><li><a href=\"#h-wesele-w-gorach\">Wesele w g\u00f3rach<\/a><\/li><li><a href=\"#h-styl-glamour-miejsce-na-wesele-po-r-d-g-rskich-krajobraz-w\">Styl glamour \u2013 miejsce na wesele po\u015br\u00f3d g\u00f3rskich krajobraz\u00f3w<\/a><\/li><li><a href=\"#h-organizacja-wesela\">Organizacja wesela<\/a><\/li><\/ul>\r\n<\/div>\r\n\r\n\r\n\r\n\n\n<section id=\"leonardo-block_dc00e05683db2633689eb27efbb73cec\" class=\"leonardo page-breaker leonardo-image-left\">\r\n    <div class=\"leonardo-body\">\r\n        <h2 class=\"leonardo-title\" id=\"h-miejsce-na-wesele-jak-wybrac-odpowiednia-lokalizacje\">Miejsce na wesele &#8211; jak wybra\u0107 odpowiedni\u0105 lokalizacj\u0119?<\/h2>        <div class=\"leonardo-content\"><p>Przy wyborze miejsca na wesele powinni\u015bmy kierowa\u0107 si\u0119 swoimi w\u0142asnymi upodobaniami. Je\u015bli uwielbiamy morze, \u015bwietnym pomys\u0142em b\u0119dzie sala ulokowana blisko pla\u017cy. Jednak wiele os\u00f3b decyduje si\u0119 tak\u017ce na g\u00f3ry. To doskona\u0142a propozycja nie tylko ze wzgl\u0119du na wspania\u0142e widoki, ale tak\u017ce na mo\u017cliwo\u015b\u0107 pieszych w\u0119dr\u00f3wek po g\u00f3rskich \u015bcie\u017ckach. Dolny \u015al\u0105sk jest pe\u0142en niespodzianek, a majestatyczne g\u00f3ry wprowadzaj\u0105 w doskona\u0142y nastr\u00f3j. Na co zatem zwr\u00f3ci\u0107 uwag\u0119 przy wyborze sali weselnej, aby p\u00f3\u017aniej unikn\u0105\u0107 rozczarowania czy zawodu na ca\u0142e \u017cycie? Jak sprawi\u0107, aby uroczysto\u015b\u0107 przebieg\u0142a idealnie, bez \u017cadnych wpadek ze strony organizatora?<\/p>\n<\/div>\r\n                    <aside class=\"leonardo-interlink\">\r\n                <b>Polecamy<\/b>\r\n                <a href=\"https:\/\/www.koronakarkonoszy.pl\/blog\/en\/kameralny-slub-w-gorach\/\">Kameralny \u015blub w g\u00f3rach \u2013 magiczna ceremonia<\/a>\r\n            <\/aside>\r\n            <\/div>\r\n    <div class=\"leonardo-image\">\r\n        <img loading=\"lazy\" decoding=\"async\" width=\"800\" height=\"534\" src=\"https:\/\/www.koronakarkonoszy.pl\/blog\/wp-content\/uploads\/2021\/07\/miejsce-na-wesele.jpg\" class=\"attachment-full size-full\" alt=\"Miejsce na wesele\" srcset=\"https:\/\/www.koronakarkonoszy.pl\/blog\/wp-content\/uploads\/2021\/07\/miejsce-na-wesele.jpg 800w, https:\/\/www.koronakarkonoszy.pl\/blog\/wp-content\/uploads\/2021\/07\/miejsce-na-wesele-300x200.jpg 300w, https:\/\/www.koronakarkonoszy.pl\/blog\/wp-content\/uploads\/2021\/07\/miejsce-na-wesele-768x513.jpg 768w\" sizes=\"auto, (max-width: 800px) 100vw, 800px\" \/>            <\/div>\r\n<\/section>\n\n\n<h2 class=\"wp-block-heading\" id=\"h-jakie-powinno-by-idealne-miejsce-na-wesele-i-sala-weselna\">Jakie powinno by\u0107 idealne miejsce na wesele i&nbsp;sala weselna?<\/h2>\n\n\n\n<p>Rozgl\u0105daj\u0105c si\u0119 za wymarzon\u0105&nbsp;<a href=\"https:\/\/www.koronakarkonoszy.pl\/blog\/sala-weselna\/\" target=\"_blank\" rel=\"noreferrer noopener\">sal\u0105 weseln\u0105<\/a>, powinni\u015bmy zwr\u00f3ci\u0107 uwag\u0119 na kilka istotnych czynnik\u00f3w. Musimy zastanowi\u0107 si\u0119, jaki rodzaj oprawy weselnej najbardziej nam odpowiada. Czy b\u0119dzie to <a href=\"https:\/\/www.koronakarkonoszy.pl\/blog\/dworek-na-wesele\/\" target=\"_blank\" rel=\"noreferrer noopener\">dworek weselny<\/a>, pa\u0142acyk, karczma czy te\u017c restauracja hotelowa, wa\u017cne jest, aby miejsce by\u0142o dostosowane do naszych oczekiwa\u0144, a organizatorzy mieli&nbsp;odpowiednie do\u015bwiadczenie.&nbsp;<\/p>\n\n\n\n<figure class=\"wp-block-image size-large\"><a href=\"https:\/\/www.koronakarkonoszy.pl\/wesele\/\" target=\"_blank\" rel=\"noreferrer noopener\"><img loading=\"lazy\" decoding=\"async\" width=\"1024\" height=\"512\" src=\"https:\/\/www.koronakarkonoszy.pl\/blog\/wp-content\/uploads\/2022\/06\/piekne_wesela_DKK-2-1-1024x512.jpg\" alt=\"\" class=\"wp-image-4144\" srcset=\"https:\/\/www.koronakarkonoszy.pl\/blog\/wp-content\/uploads\/2022\/06\/piekne_wesela_DKK-2-1-1024x512.jpg 1024w, https:\/\/www.koronakarkonoszy.pl\/blog\/wp-content\/uploads\/2022\/06\/piekne_wesela_DKK-2-1-300x150.jpg 300w, https:\/\/www.koronakarkonoszy.pl\/blog\/wp-content\/uploads\/2022\/06\/piekne_wesela_DKK-2-1-768x384.jpg 768w, https:\/\/www.koronakarkonoszy.pl\/blog\/wp-content\/uploads\/2022\/06\/piekne_wesela_DKK-2-1.jpg 1200w\" sizes=\"auto, (max-width: 1024px) 100vw, 1024px\" \/><\/a><\/figure>\n\n\n\n<p>Sala na wesele to bardzo wa\u017cna kwestia. Dlatego, jak podkre\u015bla ekspertka weselna Joanna Hoc-Kopiej: \u201eSpraw\u0105 oczywist\u0105 jest, \u017ce musimy pojecha\u0107 i obejrze\u0107 wybrane miejsce na \u017cywo, gdy\u017c zdj\u0119cie na stronie internetowej nie oddaje niekiedy charakteru miejsca. Przed spotkaniem dobrze jest poczyta\u0107 opinie w Internecie oraz przygotowa\u0107 sobie list\u0119 pyta\u0144 tak, aby nic istotnego nam nie umkn\u0119\u0142o. Cz\u0119sto od samej kategorii miejsca, wa\u017cniejszy jest pewnego rodzaju klimat oraz z\u0142apanie pozytywnego kontaktu z organizatorami\u201d. Je\u015bli nasz zmys\u0142 nas nie zawodzi, tym razem r\u00f3wnie\u017c mo\u017cemy zda\u0107 si\u0119 na przeczucie, uwzgl\u0119dniaj\u0105c przy tym twarde fakty.<\/p>\n\n\n<section id=\"leonardo-block_bc108873ceb51eb211487d33ad10cd6a\" class=\"leonardo page-breaker leonardo-image-right\">\r\n    <div class=\"leonardo-body\">\r\n        <h2 class=\"leonardo-title\" id=\"h-jak-wybrac-sale-na-wesele\">Jak wybra\u0107 sal\u0119 na wesele?<\/h2>        <div class=\"leonardo-content\"><ul>\n<li>Okre\u015bl swoje wymagania i preferencje &#8211; przed rozpocz\u0119ciem poszukiwa\u0144 sali weselnej warto okre\u015bli\u0107, jakie s\u0105 Twoje wymagania i preferencje dotycz\u0105ce miejsca, w kt\u00f3rym odb\u0119dzie si\u0119 wesele. Na przyk\u0142ad, jak du\u017ca powinna by\u0107 sala, ile go\u015bci zamierzasz zaprosi\u0107, jakie menu ma by\u0107 podawane, czy sala powinna mie\u0107 ogr\u00f3dek czy parking. Pozwoli to skupi\u0107 si\u0119 na szukaniu sali, kt\u00f3ra spe\u0142nia Twoje oczekiwania.<\/li>\n<li>Przegl\u0105daj oferty &#8211; w Internecie znajdziesz wiele stron internetowych, na kt\u00f3rych s\u0105 umieszczone oferty r\u00f3\u017cnych sal weselnych. Przegl\u0105daj\u0105c te oferty, warto zwr\u00f3ci\u0107 uwag\u0119 na zdj\u0119cia, opisy i ceny, aby wybra\u0107 kilka sal, kt\u00f3re najbardziej Ci odpowiadaj\u0105.<\/li>\n<li>Zapytaj znajomych i rodzin\u0119 &#8211; je\u015bli znasz kogo\u015b, kto niedawno organizowa\u0142 wesele, warto zapyta\u0107 o ich do\u015bwiadczenia i rekomendacje. Mog\u0105 poleci\u0107 Ci miejsca, z kt\u00f3rymi mieli dobre do\u015bwiadczenia lub ostrzec przed salami, kt\u00f3re lepiej omija\u0107.<\/li>\n<li>Um\u00f3w si\u0119 na spotkanie z w\u0142a\u015bcicielem sali &#8211; je\u015bli ju\u017c wybra\u0142a\u015b kilka sal, kt\u00f3re Ci si\u0119 podobaj\u0105, warto um\u00f3wi\u0107 si\u0119 na spotkanie z managerem ka\u017cdej z nich. Podczas spotkania mo\u017cesz zobaczy\u0107 sal\u0119 na \u017cywo, porozmawia\u0107 o menu, cenie i innych szczeg\u00f3\u0142ach, kt\u00f3re s\u0105 dla Ciebie wa\u017cne.<\/li>\n<li>Por\u00f3wnaj oferty &#8211; po spotkaniach warto por\u00f3wna\u0107 oferty r\u00f3\u017cnych sal, aby wybra\u0107 t\u0119, kt\u00f3ra najlepiej odpowiada Twoim wymaganiom i bud\u017cetowi.<\/li>\n<li>Potwierd\u017a rezerwacj\u0119 &#8211; gdy ju\u017c zdecydujesz si\u0119 na sal\u0119 weseln\u0105, wa\u017cne jest, aby potwierdzi\u0107 rezerwacj\u0119 i podpisa\u0107 umow\u0119. Upewnij si\u0119, \u017ce dok\u0142adnie przeczyta\u0142a\u015b i zrozumia\u0142a\u015b warunki umowy, aby unikn\u0105\u0107 nieporozumie\u0144 w przysz\u0142o\u015bci.<\/li>\n<\/ul>\n<\/div>\r\n            <\/div>\r\n    <div class=\"leonardo-image\">\r\n        <img loading=\"lazy\" decoding=\"async\" width=\"2560\" height=\"1707\" src=\"https:\/\/www.koronakarkonoszy.pl\/blog\/wp-content\/uploads\/2022\/08\/IMG_6830-scaled.jpg\" class=\"attachment-full size-full\" alt=\"\" srcset=\"https:\/\/www.koronakarkonoszy.pl\/blog\/wp-content\/uploads\/2022\/08\/IMG_6830-scaled.jpg 2560w, https:\/\/www.koronakarkonoszy.pl\/blog\/wp-content\/uploads\/2022\/08\/IMG_6830-300x200.jpg 300w, https:\/\/www.koronakarkonoszy.pl\/blog\/wp-content\/uploads\/2022\/08\/IMG_6830-1024x683.jpg 1024w, https:\/\/www.koronakarkonoszy.pl\/blog\/wp-content\/uploads\/2022\/08\/IMG_6830-768x512.jpg 768w, https:\/\/www.koronakarkonoszy.pl\/blog\/wp-content\/uploads\/2022\/08\/IMG_6830-1920x1280.jpg 1920w, https:\/\/www.koronakarkonoszy.pl\/blog\/wp-content\/uploads\/2022\/08\/IMG_6830-1536x1024.jpg 1536w, https:\/\/www.koronakarkonoszy.pl\/blog\/wp-content\/uploads\/2022\/08\/IMG_6830-2048x1365.jpg 2048w\" sizes=\"auto, (max-width: 2560px) 100vw, 2560px\" \/>            <\/div>\r\n<\/section>\n\n\n<h2 class=\"wp-block-heading\" id=\"h-miejsce-na-wesele-impreza-w-stylu-g-ralskim\">Miejsce na wesele \u2013 impreza w stylu g\u00f3ralskim<\/h2>\n\n\n\n<p>Tradycyjne g\u00f3ralskie wesela maj\u0105 w sobie co\u015b niepowtarzalnego. Maj\u0105 dusz\u0119, osobowo\u015b\u0107, wyj\u0105tkowy charakter i nieodparty urok. Folkowe dekoracje, wy\u015bmienita kuchnia g\u00f3ralska, skoczna muzyka przygrywana przez prawdziw\u0105 g\u00f3ralsk\u0105 kapel\u0119. Po\u0142\u0105czenie tych element\u00f3w tworzy wspania\u0142y klimat, kt\u00f3ry przenosi uczestnik\u00f3w weselnej zabawy w niezwyk\u0142y \u015bwiat. \u015awiat magiczny, romantyczny, pe\u0142en niesamowitych wra\u017ce\u0144.<\/p>\n\n\n\n<style>\n    .cta_block{\n        margin: 1.5em 0;\n    }\n    .cta_block_content {\n        position: relative;\n        color: white;\n        padding: 1em;\n    }\n    .cta_block_content h3{\n        text-align: center;\n        font: normal normal normal 36px\/50px Yeseva One;\n    }\n    .cta_block_content .cta_block_desc{\n        text-align: center;\n        font-size: 1.1em;\n        position: relative;\n    }\n    .cta_block_content .cta_block_desc:before {\n        content: '';\n        width: 80px;\n        height: 4px;\n        background: #EEB315;\n        position: absolute;\n        left: 0;\n        right: 0;\n        margin-left: auto;\n        margin-right: auto;\n        top: -22px;\n    }\n\n    .cta_block_content picture{\n        position: absolute;\n        top: 0;\n        right: 0;\n        z-index: -1;\n        height: 100%;\n        overflow: hidden;\n        width: 100%;\n    }\n    .cta_block_content picture img{\n        object-fit: cover;\n        height: 100%;\n        width: 100%;\n    }\n    .cta_block .cta_block_content .ninja-forms-field{\n        background: #FFFFFF2F;\n        border: 1px solid #EEB315;\n        border-radius: 25px;\n        opacity: 1;\n        color: #ffffff;\n    }\n    .cta_block .cta_block_content .nf-form-content input[type=submit]{\n        background-color: #EEB315;\n        color: #292929;\n        text-align: center;\n        font: normal normal bold 14px\/20px Work Sans;\n        padding: 0 2em;\n    }\n\n    .cta_block ::placeholder{\n        color: white!important;\n        opacity: 1;\n    }\n\n    .cta_block_content::after {\n        height: 100%;\n        width: 100%;\n        content: \"\";\n        z-index: -1;\n        position: absolute;\n        top: 0;\n        background: #00000070;\n        right: 0;\n        left: 0;\n        bottom: 0;\n    }\n    #ha-cta-block, .cta_block_desc, .cta_block .nf-field-label, .cta_block .nf-error-msg {\n        filter: drop-shadow(1px 1px 8px black);\n    }\n\n\/*    .cta_block nf-rows-wrap {\n        display: flex;\n        justify-content: space-around;\n        flex-direction: row;\n    }*\/\n\n    .cta_block .nf-field-label {\n        display:none;\n    }\n\n    .cta_block .nf-error.field-wrap .nf-field-element::after {\n        border-radius: 50px;\n    }\n\n    .cta_block .nf-error-msg {\n        color: #fff;\n    }\n\n    .cta_block .nf-form-cont {\n        margin-top: 3em;\n        margin-bottom: 1em;\n    }\n\n    .wp-admin .cta_block_content{\n        display: none;\n    }\n    .cta_block .nf-form-fields-required {\n        display: none;\n    }\n    body:not(.wp-admin) .cta_block_admin {\n        display: none;\n    }\n<\/style>\n<div id=\"cta_block-block_14090efbf84241bbc3d8f7cef44897be\" class=\"cta_block\">\n    <div class=\"cta_block_admin\" style=\"background-color: blue; color: white\">\n        Blok CTA\n    <\/div>\n    <div class=\"cta_block\">\n        <div class=\"cta_block_content\">   \n        <h3 id=\"ha-szukasz-miejsca-na-impreze-weselna-w-stylu-goralskim\">Szukasz miejsca na imprez\u0119 weseln\u0105 w stylu g\u00f3ralskim?<\/h3>\n                    <div class=\"cta_block_desc\">Dw\u00f3r Korona Karkonoszy to doskona\u0142y wyb\u00f3r!<\/div>\n                <noscript class=\"ninja-forms-noscript-message\">\n\tNotice: JavaScript is required for this content.<\/noscript>\n<div id=\"nf-form-3-cont\" class=\"nf-form-cont\" aria-live=\"polite\" aria-labelledby=\"nf-form-title-3\" aria-describedby=\"nf-form-errors-3\" role=\"form\">\n\n    <div class=\"nf-loading-spinner\"><\/div>\n\n<\/div>\n        <!-- That data is being printed as a workaround to page builders reordering the order of the scripts loaded-->\n        <script>var formDisplay=1;var nfForms=nfForms||[];var form=[];form.id='3';form.settings={\"objectType\":\"Form Setting\",\"editActive\":true,\"title\":\"Block CTA\",\"created_at\":\"2022-11-08 16:03:33\",\"default_label_pos\":\"above\",\"show_title\":0,\"clear_complete\":\"1\",\"hide_complete\":\"1\",\"logged_in\":\"\",\"wrapper_class\":\"\",\"element_class\":\"\",\"key\":\"\",\"add_submit\":\"0\",\"changeEmailErrorMsg\":\"Please enter a valid email address!\",\"changeDateErrorMsg\":\"Please enter a valid date!\",\"confirmFieldErrorMsg\":\"These fields must match!\",\"fieldNumberNumMinError\":\"Number Min Error\",\"fieldNumberNumMaxError\":\"Number Max Error\",\"fieldNumberIncrementBy\":\"Please increment by \",\"formErrorsCorrectErrors\":\"Please correct errors before submitting this form.\",\"validateRequiredField\":\"This is a required field.\",\"honeypotHoneypotError\":\"Honeypot Error\",\"fieldsMarkedRequired\":\"Fields marked with an <span class=\\\"ninja-forms-req-symbol\\\">*<\\\/span> are required\",\"currency\":\"\",\"repeatable_fieldsets\":\"\",\"unique_field_error\":\"Formularz z t\\u0105 warto\\u015bci\\u0105 zosta\\u0142 ju\\u017c przes\\u0142any.\",\"not_logged_in_msg\":\"\",\"sub_limit_msg\":\"Formularz osi\\u0105gn\\u0105\\u0142 limit wys\\u0142a\\u0144.\",\"calculations\":[],\"container_styles_show_advanced_css\":\"0\",\"title_styles_show_advanced_css\":\"0\",\"row_styles_show_advanced_css\":\"0\",\"row-odd_styles_show_advanced_css\":\"0\",\"success-msg_styles_show_advanced_css\":\"0\",\"error_msg_styles_show_advanced_css\":\"0\",\"formContentData\":[{\"order\":1,\"cells\":[{\"order\":0,\"fields\":[\"phone_1640098023980\"],\"width\":35},{\"order\":1,\"fields\":[\"adres_e-mail_1667919839452\"],\"width\":35},{\"order\":2,\"fields\":[\"zapisz_mnie_1667919853255\"],\"width\":30}]}],\"drawerDisabled\":false,\"conditions\":[],\"allow_public_link\":0,\"embed_form\":\"\",\"container_styles_border\":\"\",\"container_styles_height\":\"\",\"container_styles_margin\":\"\",\"container_styles_padding\":\"\",\"container_styles_float\":\"\",\"title_styles_border\":\"\",\"title_styles_height\":\"\",\"title_styles_width\":\"\",\"title_styles_font-size\":\"\",\"title_styles_margin\":\"\",\"title_styles_padding\":\"\",\"title_styles_float\":\"\",\"row_styles_border\":\"\",\"row_styles_width\":\"\",\"row_styles_font-size\":\"\",\"row_styles_margin\":\"\",\"row_styles_padding\":\"\",\"row-odd_styles_border\":\"\",\"row-odd_styles_height\":\"\",\"row-odd_styles_width\":\"\",\"row-odd_styles_font-size\":\"\",\"row-odd_styles_margin\":\"\",\"row-odd_styles_padding\":\"\",\"success-msg_styles_border\":\"\",\"success-msg_styles_height\":\"\",\"success-msg_styles_width\":\"\",\"success-msg_styles_font-size\":\"\",\"success-msg_styles_margin\":\"\",\"success-msg_styles_padding\":\"\",\"error_msg_styles_border\":\"\",\"error_msg_styles_width\":\"\",\"error_msg_styles_font-size\":\"\",\"error_msg_styles_margin\":\"\",\"error_msg_styles_padding\":\"\",\"form_title_heading_level\":\"3\",\"ninjaForms\":\"Ninja Forms\",\"fieldTextareaRTEInsertLink\":\"Insert Link\",\"fieldTextareaRTEInsertMedia\":\"Insert Media\",\"fieldTextareaRTESelectAFile\":\"Select a file\",\"formHoneypot\":\"If you are a human seeing this field, please leave it empty.\",\"fileUploadOldCodeFileUploadInProgress\":\"File Upload in Progress.\",\"fileUploadOldCodeFileUpload\":\"FILE UPLOAD\",\"currencySymbol\":\"&#36;\",\"thousands_sep\":\",\",\"decimal_point\":\".\",\"siteLocale\":\"en_GB\",\"dateFormat\":\"m\\\/d\\\/Y\",\"startOfWeek\":\"1\",\"of\":\"of\",\"previousMonth\":\"Previous Month\",\"nextMonth\":\"Next Month\",\"months\":[\"January\",\"February\",\"March\",\"April\",\"May\",\"June\",\"July\",\"August\",\"September\",\"October\",\"November\",\"December\"],\"monthsShort\":[\"Jan\",\"Feb\",\"Mar\",\"Apr\",\"May\",\"Jun\",\"Jul\",\"Aug\",\"Sep\",\"Oct\",\"Nov\",\"Dec\"],\"weekdays\":[\"Sunday\",\"Monday\",\"Tuesday\",\"Wednesday\",\"Thursday\",\"Friday\",\"Saturday\"],\"weekdaysShort\":[\"Sun\",\"Mon\",\"Tue\",\"Wed\",\"Thu\",\"Fri\",\"Sat\"],\"weekdaysMin\":[\"Su\",\"Mo\",\"Tu\",\"We\",\"Th\",\"Fr\",\"Sa\"],\"recaptchaConsentMissing\":\"reCaptcha validation couldn&#039;t load.\",\"recaptchaMissingCookie\":\"reCaptcha v3 validation couldn&#039;t load the cookie needed to submit the form.\",\"recaptchaConsentEvent\":\"Accept reCaptcha cookies before sending the form.\",\"currency_symbol\":\"\",\"beforeForm\":\"\",\"beforeFields\":\"\",\"afterFields\":\"\",\"afterForm\":\"\"};form.fields=[{\"objectType\":\"Field\",\"objectDomain\":\"fields\",\"editActive\":false,\"order\":1,\"idAttribute\":\"id\",\"type\":\"phone\",\"label\":\"Numer telefonu\",\"key\":\"phone_1640098023980\",\"label_pos\":\"above\",\"required\":1,\"default\":\"\",\"placeholder\":\"Numer telefonu\",\"container_class\":\"\",\"element_class\":\"\",\"input_limit\":\"\",\"input_limit_type\":\"characters\",\"input_limit_msg\":\"Liczba pozosta\\u0142ych znak\\u00f3w:\",\"manual_key\":\"\",\"admin_label\":\"\",\"help_text\":\"\",\"mask\":\"\",\"custom_mask\":\"\",\"custom_name_attribute\":\"phone\",\"personally_identifiable\":1,\"wrap_styles_border\":\"\",\"wrap_styles_width\":\"\",\"wrap_styles_margin\":\"\",\"wrap_styles_padding\":\"\",\"wrap_styles_float\":\"\",\"wrap_styles_show_advanced_css\":0,\"label_styles_border\":\"\",\"label_styles_width\":\"\",\"label_styles_font-size\":\"\",\"label_styles_margin\":\"\",\"label_styles_padding\":\"\",\"label_styles_float\":\"\",\"label_styles_show_advanced_css\":0,\"element_styles_border\":\"\",\"element_styles_width\":\"\",\"element_styles_font-size\":\"\",\"element_styles_margin\":\"\",\"element_styles_padding\":\"\",\"element_styles_float\":\"\",\"element_styles_show_advanced_css\":0,\"cellcid\":\"c3386\",\"value\":\"\",\"field_label\":\"Numer telefonu\",\"field_key\":\"phone_1640098023980\",\"drawerDisabled\":false,\"id\":8,\"beforeField\":\"\",\"afterField\":\"\",\"parentType\":\"textbox\",\"element_templates\":[\"tel\",\"textbox\",\"input\"],\"old_classname\":\"\",\"wrap_template\":\"wrap\"},{\"objectType\":\"Field\",\"objectDomain\":\"fields\",\"editActive\":false,\"order\":2,\"idAttribute\":\"id\",\"type\":\"email\",\"label\":\"Adres e-mail\",\"key\":\"adres_e-mail_1667919839452\",\"label_pos\":\"above\",\"required\":1,\"default\":\"\",\"placeholder\":\"Adres e-mail\",\"container_class\":\"\",\"element_class\":\"\",\"admin_label\":\"\",\"help_text\":\"\",\"custom_name_attribute\":\"email\",\"personally_identifiable\":1,\"wrap_styles_border\":\"\",\"wrap_styles_width\":\"\",\"wrap_styles_margin\":\"\",\"wrap_styles_padding\":\"\",\"wrap_styles_float\":\"\",\"wrap_styles_show_advanced_css\":0,\"label_styles_border\":\"\",\"label_styles_width\":\"\",\"label_styles_font-size\":\"\",\"label_styles_margin\":\"\",\"label_styles_padding\":\"\",\"label_styles_float\":\"\",\"label_styles_show_advanced_css\":0,\"element_styles_border\":\"\",\"element_styles_width\":\"\",\"element_styles_font-size\":\"\",\"element_styles_margin\":\"\",\"element_styles_padding\":\"\",\"element_styles_float\":\"\",\"element_styles_show_advanced_css\":0,\"cellcid\":\"c3389\",\"value\":\"\",\"drawerDisabled\":false,\"field_label\":\"E-mail\",\"field_key\":\"email_1640098026199\",\"id\":9,\"beforeField\":\"\",\"afterField\":\"\",\"parentType\":\"email\",\"element_templates\":[\"email\",\"input\"],\"old_classname\":\"\",\"wrap_template\":\"wrap\"},{\"objectType\":\"Field\",\"objectDomain\":\"fields\",\"editActive\":false,\"order\":3,\"idAttribute\":\"id\",\"type\":\"submit\",\"label\":\"Zapisz mnie\",\"processing_label\":\"W trakcie realizacji\",\"container_class\":\"\",\"element_class\":\"\",\"key\":\"zapisz_mnie_1667919853255\",\"wrap_styles_border\":\"\",\"wrap_styles_width\":\"\",\"wrap_styles_margin\":\"\",\"wrap_styles_padding\":\"\",\"wrap_styles_float\":\"\",\"wrap_styles_show_advanced_css\":0,\"element_styles_border\":\"\",\"element_styles_width\":\"\",\"element_styles_font-size\":\"\",\"element_styles_margin\":\"\",\"element_styles_padding\":\"\",\"element_styles_float\":\"\",\"element_styles_show_advanced_css\":0,\"submit_element_hover_styles_border\":\"\",\"submit_element_hover_styles_width\":\"\",\"submit_element_hover_styles_font-size\":\"\",\"submit_element_hover_styles_margin\":\"\",\"submit_element_hover_styles_padding\":\"\",\"submit_element_hover_styles_float\":\"\",\"submit_element_hover_styles_show_advanced_css\":0,\"cellcid\":\"c3391\",\"drawerDisabled\":false,\"field_label\":\"Zamawiam rozmow\\u0119\",\"field_key\":\"zamawiam_rozmowe_1640098067453\",\"id\":10,\"beforeField\":\"\",\"afterField\":\"\",\"value\":\"\",\"label_pos\":\"above\",\"parentType\":\"textbox\",\"element_templates\":[\"submit\",\"button\",\"input\"],\"old_classname\":\"\",\"wrap_template\":\"wrap-no-label\"}];nfForms.push(form);<\/script>\n                <script id=\"nf-tmpl-cell\" type=\"text\/template\">\n            <nf-fields><\/nf-fields>\n        <\/script>\n\n        <script id=\"nf-tmpl-row\" type=\"text\/template\">\n            <nf-cells><\/nf-cells>\n        <\/script>\n\n                <img loading=\"lazy\" decoding=\"async\" width=\"1500\" height=\"705\" src=\"https:\/\/www.koronakarkonoszy.pl\/blog\/wp-content\/uploads\/2022\/06\/Dwor-Korona-Karkonoszy.jpg\" class=\"attachment-full size-full\" alt=\"\" srcset=\"https:\/\/www.koronakarkonoszy.pl\/blog\/wp-content\/uploads\/2022\/06\/Dwor-Korona-Karkonoszy.jpg 1500w, https:\/\/www.koronakarkonoszy.pl\/blog\/wp-content\/uploads\/2022\/06\/Dwor-Korona-Karkonoszy-300x141.jpg 300w, https:\/\/www.koronakarkonoszy.pl\/blog\/wp-content\/uploads\/2022\/06\/Dwor-Korona-Karkonoszy-1024x481.jpg 1024w, https:\/\/www.koronakarkonoszy.pl\/blog\/wp-content\/uploads\/2022\/06\/Dwor-Korona-Karkonoszy-768x361.jpg 768w\" sizes=\"auto, (max-width: 1500px) 100vw, 1500px\" \/>        <\/div> \n    <\/div>\n<\/div>\n\n\n\n<p>Idealne miejsce na wesele g\u00f3ralskie to oczywi\u015bcie\u2026 g\u00f3ry! Magiczny \u015blub po\u015br\u00f3d urokliwych okoliczno\u015bci przyrody z widokiem na majestatyczne szczyty g\u00f3rskie b\u0119dzie niezapomnianym prze\u017cyciem. Nie tylko dla ma\u0142\u017conk\u00f3w, ale dla wszystkich <a href=\"https:\/\/www.koronakarkonoszy.pl\/blog\/goscie-na-weselu\/\" target=\"_blank\" rel=\"noreferrer noopener\">go\u015bci weselnych<\/a>.<\/p>\n\n\n<section id=\"leonardo-block_39971170782e501681e0450e357c1c51\" class=\"leonardo page-breaker leonardo-image-left\">\r\n    <div class=\"leonardo-body\">\r\n        <h2 class=\"leonardo-title\" id=\"h-sala-na-wesele\">Sala na wesele <\/h2>        <div class=\"leonardo-content\"><p>Z pewno\u015bci\u0105 ka\u017cda Para M\u0142oda s\u0142ysza\u0142a o r\u00f3\u017cnych miejscach, w kt\u00f3rych mo\u017cna zorganizowa\u0107 wesele. Dobrze jest kierowa\u0107 si\u0119 opiniami innych, ale pami\u0119tajmy tak\u017ce, \u017ce ka\u017cdy ma nieco inne oczekiwania i gust. Trudno jest si\u0119 wi\u0119c idealnie dopasowa\u0107. Oczywi\u015bcie w\u0142a\u015bnie po to powinni\u015bmy na wst\u0119pie zrobi\u0107 podstawow\u0105 selekcj\u0119 sal weselnych i uda\u0107 si\u0119 tylko tam, gdzie rzeczywi\u015bcie mamy ch\u0119\u0107 zorganizowania wesela. Warto przy wyborze zwr\u00f3ci\u0107 uwag\u0119 na nasz\u0105 liczb\u0119 go\u015bci oraz miejsce na sali. Mo\u017ce si\u0119 bowiem okaza\u0107, \u017ce mimo, i\u017c sala oferuje 200 miejsc, my widzimy, \u017ce realnie zmie\u015bci si\u0119 na niej oko\u0142o 100 go\u015bci. Przecie\u017c nie chcemy \u015bcisku, dlatego mierzmy si\u0142y na zamiary i obiektywnie oceniajmy przestrze\u0144.<\/p>\n<\/div>\r\n                    <aside class=\"leonardo-interlink\">\r\n                <b>Polecamy<\/b>\r\n                <a href=\"https:\/\/www.koronakarkonoszy.pl\/blog\/en\/wesele-okolice-wroclawia\/\">Wesele okolice Wroc\u0142awia \u2013 gdzie zorganizowa\u0107 przyj\u0119cie?<\/a>\r\n            <\/aside>\r\n            <\/div>\r\n    <div class=\"leonardo-image\">\r\n        <img loading=\"lazy\" decoding=\"async\" width=\"800\" height=\"534\" src=\"https:\/\/www.koronakarkonoszy.pl\/blog\/wp-content\/uploads\/2021\/07\/jak-wybrac-miejsce-na-wesele.jpg\" class=\"attachment-full size-full\" alt=\"Jak wybra\u0107 miejsce na wesele\" srcset=\"https:\/\/www.koronakarkonoszy.pl\/blog\/wp-content\/uploads\/2021\/07\/jak-wybrac-miejsce-na-wesele.jpg 800w, https:\/\/www.koronakarkonoszy.pl\/blog\/wp-content\/uploads\/2021\/07\/jak-wybrac-miejsce-na-wesele-300x200.jpg 300w, https:\/\/www.koronakarkonoszy.pl\/blog\/wp-content\/uploads\/2021\/07\/jak-wybrac-miejsce-na-wesele-768x513.jpg 768w\" sizes=\"auto, (max-width: 800px) 100vw, 800px\" \/>            <\/div>\r\n<\/section>\n\n\n<p>Jak powinna wygl\u0105da\u0107 <a href=\"https:\/\/www.koronakarkonoszy.pl\/blog\/sala-na-wesele-co-warto-wiedziec\/\" class=\"links-placer\">sala na wesele<\/a> w g\u00f3ralskim stylu? Mo\u017ce by\u0107 to tradycyjna chata g\u00f3ralska wykonana z drewnianych bali i kamienia. \u015awietnie sprawdzi si\u0119 r\u00f3wnie\u017c klasyczna sala weselna w obiekcie wypoczynkowym usytuowanym w malowniczej, g\u00f3rskiej lokalizacji.<\/p>\n\n\n\n<p>Czego nie mo\u017ce zabrakn\u0105\u0107 na g\u00f3ralskim weselu? Przede wszystkim folkowych dekoracji, kt\u00f3re pokre\u015bl\u0105 g\u00f3ralski charakter przyj\u0119cia! Drewniane sto\u0142y pokryte sk\u00f3r\u0105 owcz\u0105, \u015bwie\u017ce polne kwiaty, kolorowe wycinanki, haftowane obrusy i firany, elementy z czerwonymi akcentami. Starannie dobrana aran\u017cacja stworzy w sali weselnej i\u015bcie g\u00f3ralski klimat.<\/p>\n\n\n\n<figure class=\"wp-block-image size-full is-resized\"><img loading=\"lazy\" decoding=\"async\" src=\"https:\/\/www.koronakarkonoszy.pl\/blog\/wp-content\/uploads\/2021\/07\/wesele-folkowe2jpg.jpg\" alt=\"\" class=\"wp-image-184\" width=\"800\" height=\"534\" srcset=\"https:\/\/www.koronakarkonoszy.pl\/blog\/wp-content\/uploads\/2021\/07\/wesele-folkowe2jpg.jpg 800w, https:\/\/www.koronakarkonoszy.pl\/blog\/wp-content\/uploads\/2021\/07\/wesele-folkowe2jpg-300x200.jpg 300w, https:\/\/www.koronakarkonoszy.pl\/blog\/wp-content\/uploads\/2021\/07\/wesele-folkowe2jpg-768x513.jpg 768w\" sizes=\"auto, (max-width: 800px) 100vw, 800px\" \/><figcaption class=\"wp-element-caption\"><strong>Dekoracje &#8211; wesele w stylu g\u00f3ralskim<\/strong>, <strong><a href=\"https:\/\/www.koronakarkonoszy.pl\/wesele\/\" target=\"_blank\" rel=\"noreferrer noopener\">Dw\u00f3r Korona Karkonoszy,<\/a> <a href=\"https:\/\/www.koronakarkonoszy.pl\/blog-atrakcje\/sosnowka\/\" class=\"links-placer\">Sosn\u00f3wka<\/a> k. Karpacza <\/strong><\/figcaption><\/figure>\n\n\n\n<p><strong>G\u00f3ralskie wesele<\/strong> to biesiadowanie do bia\u0142ego rana i szalone pl\u0105sy na parkiecie w rytm skocznej, g\u00f3ralskiej muzyki. Sala na wesele w stylu g\u00f3ralskim powinna by\u0107 odpowiednio du\u017ca \u2013 \u017ceby go\u015bcie czuli si\u0119 swobodnie i komfortowo podczas zabawy. Warto wydzieli\u0107 kawa\u0142ek miejsca (lub najlepiej specjalny podest) dla g\u00f3ralskiej kapeli, kt\u00f3ra zapewni opraw\u0119 muzyczn\u0105.<\/p>\n\n\n\n<p>A co z jad\u0142ospisem? Na g\u00f3ralskim weselu na pr\u00f3\u017cno szuka\u0107 egzotycznych da\u0144 czy finezyjnych drink\u00f3w. Tu rz\u0105dzi tradycyjne, swojskie jad\u0142o. Na sto\u0142ach znajdziemy m.in. kwa\u015bnic\u0119, r\u00f3\u017cne rodzaje mi\u0119s (golonk\u0119 duszon\u0105 w piwie, \u017ceberka pieczone w kapu\u015bcie itp.), deski ser\u00f3w g\u00f3ralskich, domowy chleb ze smalce i pasztet z \u017curawin\u0105. Go\u015bcie popija\u0107 b\u0119d\u0105 tradycyjne, mocne trunki.<\/p>\n\n\n<section id=\"leonardo-block_83d0ccc2cab55d6be1c785adfe4f5ae3\" class=\"leonardo page-breaker leonardo-image-right\">\r\n    <div class=\"leonardo-body\">\r\n        <h2 class=\"leonardo-title\" id=\"h-miejsce-na-wesele-z-noclegiem\">Miejsce na wesele z noclegiem<\/h2>        <div class=\"leonardo-content\"><p><!-- wp:heading --><\/p>\n<p>Je\u015bli sala znajduje si\u0119 daleko od miejsca zamieszkania, oczywi\u015bcie powinni\u015bmy zapewni\u0107 go\u015bciom mo\u017cliwo\u015b\u0107 komfortowego noclegu. Na przyk\u0142ad organizuj\u0105c <a href=\"https:\/\/www.koronakarkonoszy.pl\/blog\/wesele-w-gorach-z-noclegiem-o-czym-trzeba-wiedziec\/\" target=\"_blank\" rel=\"noopener\">wesele w g\u00f3rach z noclegiem<\/a>, powinni\u015bmy zadba\u0107, by po ca\u0142onocnej zabawie i przed poprawinami czy podr\u00f3\u017c\u0105 powrotn\u0105, go\u015bcie mogli spokojnie odpocz\u0105\u0107. Nocleg sprawdzi si\u0119 tak\u017ce w momencie, kiedy na weselu b\u0119d\u0105 bawi\u0142y si\u0119 tak\u017ce dzieci.\u00a0Aby zabawa by\u0142a naprawd\u0119 komfortowa, warto da\u0107 go\u015bciom mo\u017cliwo\u015b\u0107 przebrania si\u0119 przed imprez\u0105 lub w jej trakcie oraz szans\u0119 na chwil\u0119 odpoczynku w trakcie zabawy. <a href=\"https:\/\/www.koronakarkonoszy.pl\/blog\/wesele-z-noclegiem\/\" target=\"_blank\" rel=\"noopener\">Wesele z noclegiem<\/a> zawsze si\u0119 sprawdzi.<\/p>\n<p><!-- \/wp:paragraph --><\/p>\n<\/div>\r\n                    <aside class=\"leonardo-interlink\">\r\n                <b>Polecamy<\/b>\r\n                <a href=\"https:\/\/www.koronakarkonoszy.pl\/blog\/en\/koszt-wesela-na-100-osob\/\">Koszt wesela na 100 os\u00f3b &#8211; praktyczne wskaz\u00f3wki<\/a>\r\n            <\/aside>\r\n            <\/div>\r\n    <div class=\"leonardo-image\">\r\n        <img loading=\"lazy\" decoding=\"async\" width=\"800\" height=\"534\" src=\"https:\/\/www.koronakarkonoszy.pl\/blog\/wp-content\/uploads\/2021\/07\/Apartament_Mlodej_Pary__2_.jpg\" class=\"attachment-full size-full\" alt=\"Apartament M\u0142odej Pary\" srcset=\"https:\/\/www.koronakarkonoszy.pl\/blog\/wp-content\/uploads\/2021\/07\/Apartament_Mlodej_Pary__2_.jpg 800w, https:\/\/www.koronakarkonoszy.pl\/blog\/wp-content\/uploads\/2021\/07\/Apartament_Mlodej_Pary__2_-300x200.jpg 300w, https:\/\/www.koronakarkonoszy.pl\/blog\/wp-content\/uploads\/2021\/07\/Apartament_Mlodej_Pary__2_-768x513.jpg 768w\" sizes=\"auto, (max-width: 800px) 100vw, 800px\" \/>            <\/div>\r\n<\/section>\n\n\n<h2 class=\"wp-block-heading\" id=\"h-styl-rustykalny-wesele-blisko-natury\">Styl rustykalny &#8211; wesele blisko natury<\/h2>\n\n\n\n<p>Dokonuj\u0105c wyboru miejsca zazwyczaj kierujemy si\u0119 naszymi gustami i bud\u017cetem. Pami\u0119tajmy jednak, aby jak&nbsp;<strong>najni\u017csza cena&nbsp;nie by\u0142a jedynym czynnikiem<\/strong>, determinuj\u0105cym nasz\u0105 decyzj\u0119. Cz\u0119sto warto jest wybra\u0107 miejsce \u015blubu poza du\u017c\u0105 aglomeracj\u0105, ale takie, kt\u00f3re b\u0119dzie mia\u0142o pi\u0119kne otoczenie. Koszty dojazd\u00f3w zrekompensuj\u0105 nam ni\u017csze ceny menu oraz innych us\u0142ug. <strong>Sala na wesele w stylu rustykalnym<\/strong> pozwoli na chwil\u0119 przenie\u015b\u0107 si\u0119 do innego czasu, tworz\u0105c niezwyk\u0142\u0105 i romantyczn\u0105 atmosfer\u0119. Ta opcja jest warta rozwa\u017cenia, tak\u017ce dlatego, \u017ce dla Pary M\u0142odej i ich go\u015bci,&nbsp;<strong>wesele w otoczeniu przyrody i g\u00f3r<\/strong> b\u0119dzie niesamowitym prze\u017cyciem, zupe\u0142nie odmiennym od \u015blubu w zgie\u0142ku miasta.<\/p>\n\n\n\n<figure class=\"wp-block-image size-large\"><img loading=\"lazy\" decoding=\"async\" width=\"1024\" height=\"683\" src=\"https:\/\/www.koronakarkonoszy.pl\/blog\/wp-content\/uploads\/2022\/02\/lukaszsulka_plener_kolorowe_jeziorka_ewa_kuba_40-1024x683.jpg\" alt=\"\" class=\"wp-image-6704\" srcset=\"https:\/\/www.koronakarkonoszy.pl\/blog\/wp-content\/uploads\/2022\/02\/lukaszsulka_plener_kolorowe_jeziorka_ewa_kuba_40-1024x683.jpg 1024w, https:\/\/www.koronakarkonoszy.pl\/blog\/wp-content\/uploads\/2022\/02\/lukaszsulka_plener_kolorowe_jeziorka_ewa_kuba_40-300x200.jpg 300w, https:\/\/www.koronakarkonoszy.pl\/blog\/wp-content\/uploads\/2022\/02\/lukaszsulka_plener_kolorowe_jeziorka_ewa_kuba_40-768x512.jpg 768w, https:\/\/www.koronakarkonoszy.pl\/blog\/wp-content\/uploads\/2022\/02\/lukaszsulka_plener_kolorowe_jeziorka_ewa_kuba_40-1920x1280.jpg 1920w, https:\/\/www.koronakarkonoszy.pl\/blog\/wp-content\/uploads\/2022\/02\/lukaszsulka_plener_kolorowe_jeziorka_ewa_kuba_40-1536x1024.jpg 1536w, https:\/\/www.koronakarkonoszy.pl\/blog\/wp-content\/uploads\/2022\/02\/lukaszsulka_plener_kolorowe_jeziorka_ewa_kuba_40.jpg 2048w\" sizes=\"auto, (max-width: 1024px) 100vw, 1024px\" \/><figcaption class=\"wp-element-caption\"><strong><a href=\"https:\/\/www.koronakarkonoszy.pl\/wesela\/wesele-karpacz\/\" target=\"_blank\" rel=\"noreferrer noopener\">Wesele Karpacz <\/a>i okolice<\/strong> <\/figcaption><\/figure>\n\n\n\n<p>Ta opcja od lat zyskuje na popularno\u015bci i nic dziwnego! Mieszka\u0144cy du\u017cych miast z ogromnym entuzjazmem przyjmuj\u0105 wiadomo\u015b\u0107 o 2-3 dniach z dala od ha\u0142asu i ci\u0105g\u0142ego po\u015bpiechu. Decyduj\u0105c si\u0119 na <a href=\"https:\/\/www.koronakarkonoszy.pl\/wesele\/\" target=\"_blank\" rel=\"noreferrer noopener\">wesele w g\u00f3rach<\/a>, otrzymujemy te\u017c niepowtarzaln\u0105 okazj\u0119 do zrobienia pi\u0119knych zdj\u0119\u0107 \u015blubnych. Mamy gwarancj\u0119 spektakularnej sesji decyduj\u0105c si\u0119 zar\u00f3wno na zdj\u0119cia na \u0142onie natury, w\u015br\u00f3d zieleni, kwiat\u00f3w, wodospad\u00f3w, jak i zdj\u0119cia bardziej stylizowane, na przyk\u0142ad w stylu wiejskiej sielanki przy snopkach siana, na traktorze, podczas jazdy konnej etc.<\/p>\n\n\n\n<figure class=\"wp-block-image size-large\"><img loading=\"lazy\" decoding=\"async\" width=\"1024\" height=\"683\" src=\"https:\/\/www.koronakarkonoszy.pl\/blog\/wp-content\/uploads\/2022\/12\/wesele-w-gorach-piekne-wesele-Dwor-Korona-Karkonoszy-1024x683.jpg\" alt=\"\" class=\"wp-image-6537\" srcset=\"https:\/\/www.koronakarkonoszy.pl\/blog\/wp-content\/uploads\/2022\/12\/wesele-w-gorach-piekne-wesele-Dwor-Korona-Karkonoszy-1024x683.jpg 1024w, https:\/\/www.koronakarkonoszy.pl\/blog\/wp-content\/uploads\/2022\/12\/wesele-w-gorach-piekne-wesele-Dwor-Korona-Karkonoszy-300x200.jpg 300w, https:\/\/www.koronakarkonoszy.pl\/blog\/wp-content\/uploads\/2022\/12\/wesele-w-gorach-piekne-wesele-Dwor-Korona-Karkonoszy-768x512.jpg 768w, https:\/\/www.koronakarkonoszy.pl\/blog\/wp-content\/uploads\/2022\/12\/wesele-w-gorach-piekne-wesele-Dwor-Korona-Karkonoszy.jpg 1200w\" sizes=\"auto, (max-width: 1024px) 100vw, 1024px\" \/><figcaption class=\"wp-element-caption\"><strong>Sesja zdj\u0119ciowa &#8211; wesele w g\u00f3rach <\/strong><\/figcaption><\/figure>\n\n\n\n<h2 class=\"wp-block-heading\"><strong>Wesele w malowniczym miejscu<\/strong><\/h2>\n\n\n\n<p>Je\u015bli do organizacji przyj\u0119cia weselnego chcemy wybra\u0107 najpi\u0119kniejsze miejsca, najlepiej zacz\u0105\u0107 od g\u00f3r. Dlaczego? Po pierwsze, <strong>na wesele w g\u00f3rach sezon trwa ca\u0142y rok<\/strong>. A po drugie, tu zawsze jest pi\u0119knie i malowniczo. G\u00f3ry zachwycaj\u0105 swoim majestatem i sprawiaj\u0105, \u017ce wszystko jest bardziej wyraziste. Nawet s\u0142owa przysi\u0119gi ma\u0142\u017ce\u0144skiej wypowiedziane na tle g\u00f3rskich szczyt\u00f3w zdaj\u0105 si\u0119 mie\u0107 wi\u0119cej mocy. Takie <a href=\"https:\/\/www.koronakarkonoszy.pl\/blog\/miejsce-na-wesele\/\" target=\"_blank\" rel=\"noreferrer noopener\">miejsce wesela<\/a> gwarantuje te\u017c niezapomnian\u0105 zabaw\u0119 i wspomnienia. To te\u017c wymarzone miejsce na organizacj\u0119 \u015blubu plenerowego.<\/p>\n\n\n\n<figure class=\"wp-block-image size-large\"><img loading=\"lazy\" decoding=\"async\" width=\"1024\" height=\"684\" src=\"https:\/\/www.koronakarkonoszy.pl\/blog\/wp-content\/uploads\/2021\/10\/migawki-165-1024x684.jpg\" alt=\"\" class=\"wp-image-9462\" srcset=\"https:\/\/www.koronakarkonoszy.pl\/blog\/wp-content\/uploads\/2021\/10\/migawki-165-1024x684.jpg 1024w, https:\/\/www.koronakarkonoszy.pl\/blog\/wp-content\/uploads\/2021\/10\/migawki-165-300x200.jpg 300w, https:\/\/www.koronakarkonoszy.pl\/blog\/wp-content\/uploads\/2021\/10\/migawki-165-768x513.jpg 768w, https:\/\/www.koronakarkonoszy.pl\/blog\/wp-content\/uploads\/2021\/10\/migawki-165-1920x1282.jpg 1920w, https:\/\/www.koronakarkonoszy.pl\/blog\/wp-content\/uploads\/2021\/10\/migawki-165-1536x1025.jpg 1536w, https:\/\/www.koronakarkonoszy.pl\/blog\/wp-content\/uploads\/2021\/10\/migawki-165-2048x1367.jpg 2048w, https:\/\/www.koronakarkonoszy.pl\/blog\/wp-content\/uploads\/2021\/10\/migawki-165-18x12.jpg 18w\" sizes=\"auto, (max-width: 1024px) 100vw, 1024px\" \/><figcaption class=\"wp-element-caption\"><strong>Wesele w g\u00f3rach <\/strong><\/figcaption><\/figure>\n\n\n\n<p>Ka\u017cde weselne przyj\u0119cie mo\u017cna po\u0142\u0105czy\u0107 z klimatycznym miejscem. Nadamy wtedy naszej uroczysto\u015bci odpowiedni\u0105 opraw\u0119, a tak\u017ce sprawimy sobie i go\u015bciom weselnym dodatkow\u0105 przyjemno\u015b\u0107 i atrakcj\u0119. Kiedy ju\u017c znajdziecie idealne miejsce wesela, pozostanie tylko sprawdzi\u0107, czy r\u00f3wnie\u017c <a href=\"https:\/\/www.koronakarkonoszy.pl\/blog\/dworki-weselne-czy-klasyczne-obiekty-tu-najczesciej-organizuje-sie-wesela\/\" target=\"_blank\" rel=\"noreferrer noopener\">obiekt weselny<\/a> b\u0119dzie odpowiada\u0142 Waszym standardom. I oczywi\u015bcie czy ma odpowiedni\u0105 liczb\u0119 miejsc noclegowych, a tak\u017ce przestrze\u0144 sali weselnej dostosowan\u0105 do wielko\u015bci Waszego wesela.<\/p>\n\n\n<section id=\"leonardo-block_a3d86c50945fe77e0baedb9722d3fe3b\" class=\"leonardo page-breaker leonardo-image-left\">\r\n    <div class=\"leonardo-body\">\r\n        <h2 class=\"leonardo-title\" id=\"h-o-co-pytac-przy-wyborze-sali\">O co pyta\u0107 przy wyborze sali?<\/h2>        <div class=\"leonardo-content\"><p>Oto kilka pyta\u0144, kt\u00f3re warto zada\u0107 przy wyborze <a href=\"https:\/\/www.koronakarkonoszy.pl\/blog\/sala-na-wesele-co-warto-wiedziec\/\">sali na wesele<\/a>:<\/p>\n<ul>\n<li>Czy sala jest dost\u0119pna w terminie, w kt\u00f3rym chcesz zorganizowa\u0107 wesele?<\/li>\n<li>Jak du\u017ca jest sala weselna, ile os\u00f3b mo\u017ce pomie\u015bci\u0107?<\/li>\n<li>Czy istnieje mo\u017cliwo\u015b\u0107 korzystania z ogrodu, tarasu, parkingu lub innych udogodnie\u0144?<\/li>\n<li>Jakie jest <strong>menu<\/strong> i czy istnieje mo\u017cliwo\u015b\u0107 dopasowania go do indywidualnych potrzeb i preferencji?<\/li>\n<li>Jakie s\u0105 ceny i co jest wliczone w cen\u0119 (na przyk\u0142ad napoje, dekoracje, obs\u0142uga)?<\/li>\n<li>Czy istnieje mo\u017cliwo\u015b\u0107 wynaj\u0119cia dodatkowych us\u0142ug, takich jak DJ, fotobudka, dekorator itp.?<\/li>\n<li>Czy sala posiada odpowiednie zaplecze techniczne, takie jak nag\u0142o\u015bnienie, o\u015bwietlenie, projektor?<\/li>\n<li>Jak wygl\u0105da procedura rezerwacji i jakie s\u0105 warunki anulacji?<\/li>\n<li>Jakie s\u0105 zasady dotycz\u0105ce depozytu i p\u0142atno\u015bci?<\/li>\n<li>Czy istnieje mo\u017cliwo\u015b\u0107 zorganizowania wcze\u015bniejszej degustacji menu i obejrzenia sali?<\/li>\n<\/ul>\n<\/div>\r\n            <\/div>\r\n    <div class=\"leonardo-image\">\r\n        <img loading=\"lazy\" decoding=\"async\" width=\"1024\" height=\"683\" src=\"https:\/\/www.koronakarkonoszy.pl\/blog\/wp-content\/uploads\/2021\/07\/menu_wesele_jesienia.jpg\" class=\"attachment-full size-full\" alt=\"menu wesele jesieni\u0105\" srcset=\"https:\/\/www.koronakarkonoszy.pl\/blog\/wp-content\/uploads\/2021\/07\/menu_wesele_jesienia.jpg 1024w, https:\/\/www.koronakarkonoszy.pl\/blog\/wp-content\/uploads\/2021\/07\/menu_wesele_jesienia-300x200.jpg 300w, https:\/\/www.koronakarkonoszy.pl\/blog\/wp-content\/uploads\/2021\/07\/menu_wesele_jesienia-768x512.jpg 768w\" sizes=\"auto, (max-width: 1024px) 100vw, 1024px\" \/>            <\/div>\r\n<\/section>\n\n\n<h2 class=\"wp-block-heading\"><strong>Nietypowe miejsca na wesele<\/strong><\/h2>\n\n\n\n<p>Ka\u017cda Para M\u0142oda pragnie, aby to w\u0142a\u015bnie jej \u015blub i wesele by\u0142y wyj\u0105tkowe. Cho\u0107 nie trzeba si\u0119 a\u017c tak znowu stara\u0107, bo przecie\u017c ka\u017cdy jest inny, ma inny temperament i osobowo\u015b\u0107. Ju\u017c samo to sprawi, \u017ce inaczej b\u0119dziemy si\u0119 bawi\u0107, u\u015bmiecha\u0107 i cieszy\u0107 \u017cyciem. Je\u015bli jednak chcecie by\u0107 jeszcze bardziej oryginalni, to rozwa\u017ccie nietypowe <a href=\"https:\/\/www.koronakarkonoszy.pl\/blog\/sale-weselne-jak-dobrze-wybrac\/\" target=\"_blank\" rel=\"noreferrer noopener\">sale weselne<\/a>. Cho\u0107 \u017ceby miejsce na wesele mia\u0142o ciekawy charakter, wystarczy czasem, by <a href=\"https:\/\/www.koronakarkonoszy.pl\/blog\/modne-dekoracje-sali-weselnej-jak-to-osiagnac\/\">dekoracja sali w<\/a><a href=\"https:\/\/www.koronakarkonoszy.pl\/blog\/modne-dekoracje-sali-weselnej-jak-to-osiagnac\/\" target=\"_blank\" rel=\"noreferrer noopener\">e<\/a><a href=\"https:\/\/www.koronakarkonoszy.pl\/blog\/modne-dekoracje-sali-weselnej-jak-to-osiagnac\/\">selnej<\/a> by\u0142a niebanalna. Prawie ka\u017cdy dom weselny jest w stanie, poprzez odpowiednie dekoracje, nabra\u0107 wyrazu. Zw\u0142aszcza je\u015bli zdecydujemy si\u0119 na <a href=\"https:\/\/www.koronakarkonoszy.pl\/blog\/wesele-tematyczne-fantastyczne-wesela-zima-i-latem\/\" target=\"_blank\" rel=\"noreferrer noopener\">wesele tematyczne<\/a>, to \u0142atwo b\u0119dzie dobra\u0107 akcenty podkre\u015blaj\u0105ce g\u0142\u00f3wny motyw wesela.<\/p>\n\n\n\n<figure class=\"wp-block-image size-large\"><img loading=\"lazy\" decoding=\"async\" width=\"1024\" height=\"731\" src=\"https:\/\/www.koronakarkonoszy.pl\/blog\/wp-content\/uploads\/2022\/08\/IMG_8667fb-2-1024x731.jpg\" alt=\"\" class=\"wp-image-5332\" srcset=\"https:\/\/www.koronakarkonoszy.pl\/blog\/wp-content\/uploads\/2022\/08\/IMG_8667fb-2-1024x731.jpg 1024w, https:\/\/www.koronakarkonoszy.pl\/blog\/wp-content\/uploads\/2022\/08\/IMG_8667fb-2-300x214.jpg 300w, https:\/\/www.koronakarkonoszy.pl\/blog\/wp-content\/uploads\/2022\/08\/IMG_8667fb-2-768x549.jpg 768w, https:\/\/www.koronakarkonoszy.pl\/blog\/wp-content\/uploads\/2022\/08\/IMG_8667fb-2-1920x1371.jpg 1920w, https:\/\/www.koronakarkonoszy.pl\/blog\/wp-content\/uploads\/2022\/08\/IMG_8667fb-2-1536x1097.jpg 1536w, https:\/\/www.koronakarkonoszy.pl\/blog\/wp-content\/uploads\/2022\/08\/IMG_8667fb-2-2048x1463.jpg 2048w\" sizes=\"auto, (max-width: 1024px) 100vw, 1024px\" \/><figcaption class=\"wp-element-caption\"><strong>Wesele z motywem<\/strong> <\/figcaption><\/figure>\n\n\n\n<p>Sala bankietowa to pewien standard weselny. <strong>Ale ostatnio najnowsze trendy \u015blubne to <a href=\"https:\/\/www.koronakarkonoszy.pl\/blog\/miejsca-na-wesele-w-plenerze\/\" target=\"_blank\" rel=\"noreferrer noopener\">wesele w plenerze<\/a> i <a href=\"https:\/\/www.koronakarkonoszy.pl\/blog\/wesele-w-ogrodzie\/\" class=\"links-placer\">\u015blub w ogrodzie<\/a>.<\/strong> Na przyk\u0142ad w Dworze korona Karkonoszy w Sosn\u00f3wce ko\u0142o Karpacza przygotowano specjalne, urocze miejsce na \u015blub plenerowy. Odbywaj\u0105 si\u0119 tam nie tylko kameralne wesela, ale r\u00f3wnie\u017c przyj\u0119cia weselne i poprawiny dla du\u017cych i bardzo du\u017cych wesel. Zar\u00f3wno go\u015bcie weselni, jak i Pa\u0144stwo M\u0142odzi zwykle s\u0105 zachwyceni mo\u017cliwo\u015bci\u0105 organizacji uroczysto\u015bci \u015blubnych w tak pi\u0119knym otoczeniu. Takie niezapomniane wesele r\u00f3wnie\u017c na fotografiach \u015blubnych wygl\u0105da wspaniale. A takie wspomnienia przecie\u017c b\u0119dziemy mieli ju\u017c na zawsze.<\/p>\n\n\n\n<figure class=\"wp-block-image size-large\"><img loading=\"lazy\" decoding=\"async\" width=\"1024\" height=\"683\" src=\"https:\/\/www.koronakarkonoszy.pl\/blog\/wp-content\/uploads\/2021\/01\/altana-dkk-1024x683.jpg\" alt=\"\" class=\"wp-image-7161\" srcset=\"https:\/\/www.koronakarkonoszy.pl\/blog\/wp-content\/uploads\/2021\/01\/altana-dkk-1024x683.jpg 1024w, https:\/\/www.koronakarkonoszy.pl\/blog\/wp-content\/uploads\/2021\/01\/altana-dkk-300x200.jpg 300w, https:\/\/www.koronakarkonoszy.pl\/blog\/wp-content\/uploads\/2021\/01\/altana-dkk-768x512.jpg 768w, https:\/\/www.koronakarkonoszy.pl\/blog\/wp-content\/uploads\/2021\/01\/altana-dkk.jpg 1392w\" sizes=\"auto, (max-width: 1024px) 100vw, 1024px\" \/><figcaption class=\"wp-element-caption\"><strong>Altana na \u015bluby w plenerze, <a href=\"https:\/\/www.koronakarkonoszy.pl\/wesele\/\" target=\"_blank\" rel=\"noreferrer noopener\">Dw\u00f3r Korona Karkonoszy,<\/a> Sosn\u00f3wka k. Karpacza <\/strong><\/figcaption><\/figure>\n\n\n\n<p>Kiedy wybieracie nietypowe miejsca, to pami\u0119tajcie te\u017c o tym, \u017ce musi ono zapewni\u0107 pe\u0142ne zaplecze do organizacji wesela. A tak\u017ce mo\u017cliwo\u015b\u0107 szybkiego przeniesienia uroczysto\u015bci do sali weselnej w razie nag\u0142ej zmiany pogody. Je\u015bli wi\u0119c szukacie wyj\u0105tkowego miejsca, rozwa\u017ccie na przyk\u0142ad wspomniany wy\u017cej stylowy dw\u00f3r weselny i jego pi\u0119kne ogrody. Mo\u017cna tam przygotowa\u0107 na przyk\u0142ad wesele w stylu boho albo dowolnym innym. Nie zapomnijcie te\u017c o konieczno\u015bci wcze\u015bniejszego wynaj\u0119cia nietypowego miejsca i uprzedzeniu go\u015bci weselnych, \u017ce uroczysto\u015b\u0107 odb\u0119dzie si\u0119 w ogrodzie lub innym nietypowym miejscu. Pozwoli im to na przyk\u0142ad zabra\u0107 okulary przeciws\u0142oneczne albo letnie kapelusze.<\/p>\n\n\n<section id=\"leonardo-block_5bc32a6945bec922e09aebdc965d25b6\" class=\"leonardo page-breaker leonardo-image-right\">\r\n    <div class=\"leonardo-body\">\r\n        <h2 class=\"leonardo-title\" id=\"h-wesele-w-gorach\">Wesele w g\u00f3rach <\/h2>        <div class=\"leonardo-content\"><p>Wydaje si\u0119, \u017ce <strong>moda na wesele w stylu rustykalnym<\/strong> szybko nie przeminie. Przez co najmniej kilka nast\u0119pnych sezon\u00f3w mo\u017cemy spodziewa\u0107 si\u0119\u00a0<strong>wzrostu popularno\u015bci kameralnych miejsc na wesele<\/strong>, proponuj\u0105cych niestandardowe rozwi\u0105zania, wystr\u00f3j sali i design. Na przyk\u0142ad planuj\u0105c <a href=\"https:\/\/www.koronakarkonoszy.pl\/blog\/wesele-dolny-slask\/\" target=\"_blank\" rel=\"noopener\">wesele Dolny \u015al\u0105sk<\/a>, w Dworze Korona Karkonoszy, Sosn\u00f3wka k. Karpacza znajdziemy to wszystko. Dzi\u0119ki temu oferta weselnych us\u0142ug jest bardziej zr\u00f3\u017cnicowana i ka\u017cdy mo\u017ce wybra\u0107 co\u015b dla siebie.<\/p>\n<\/div>\r\n                    <aside class=\"leonardo-interlink\">\r\n                <b>Polecamy<\/b>\r\n                <a href=\"https:\/\/www.koronakarkonoszy.pl\/blog\/en\/wesele-krok-po-kroku\/\">\u015alub i wesele krok po kroku<\/a>\r\n            <\/aside>\r\n            <\/div>\r\n    <div class=\"leonardo-image\">\r\n        <img loading=\"lazy\" decoding=\"async\" width=\"800\" height=\"572\" src=\"https:\/\/www.koronakarkonoszy.pl\/blog\/wp-content\/uploads\/2021\/07\/miejsce-na-wesele-jak-wybrac.jpg\" class=\"attachment-full size-full\" alt=\"Miejsce na wesele jak wybra\u0107\" srcset=\"https:\/\/www.koronakarkonoszy.pl\/blog\/wp-content\/uploads\/2021\/07\/miejsce-na-wesele-jak-wybrac.jpg 800w, https:\/\/www.koronakarkonoszy.pl\/blog\/wp-content\/uploads\/2021\/07\/miejsce-na-wesele-jak-wybrac-300x215.jpg 300w, https:\/\/www.koronakarkonoszy.pl\/blog\/wp-content\/uploads\/2021\/07\/miejsce-na-wesele-jak-wybrac-768x549.jpg 768w\" sizes=\"auto, (max-width: 800px) 100vw, 800px\" \/>            <\/div>\r\n<\/section>\n\n\n<h2 class=\"wp-block-heading\" id=\"h-styl-glamour-miejsce-na-wesele-po-r-d-g-rskich-krajobraz-w\">Styl glamour \u2013 miejsce na wesele po\u015br\u00f3d g\u00f3rskich krajobraz\u00f3w<\/h2>\n\n\n\n<p>Kto powiedzia\u0142, \u017ce <strong>wesele glamour<\/strong> nie mo\u017ce odby\u0107 si\u0119 w pi\u0119knym dworze, a \u015blub na tle g\u00f3rskich szczyt\u00f3w? Ogromne balony z helem, wspania\u0142e dodatki w stylu glamour i pi\u0119kne stylizacje Pary M\u0142odej i go\u015bci \u2013 to kwintesencja doskona\u0142ej uroczysto\u015bci weselnej!&nbsp;&nbsp;<\/p>\n\n\n<section id=\"leonardo-block_f3c2d3e1bd4fea9d958be55e59c2e402\" class=\"leonardo page-breaker leonardo-image-left\">\r\n    <div class=\"leonardo-body\">\r\n        <h2 class=\"leonardo-title\" id=\"h-organizacja-wesela\">Organizacja wesela <\/h2>        <div class=\"leonardo-content\"><p><strong>Podczas organizacji wesela nie zapominajmy tak\u017ce o podwykonawcach<\/strong>. Z pewno\u015bci\u0105 miejsce na wesele musi tak\u017ce by\u0107 powi\u0105zane z dobr\u0105 opraw\u0105 muzyczn\u0105 oraz fotografami. Oczywi\u015bcie mo\u017cna pomy\u015ble\u0107 o us\u0142ugach z ca\u0142ej Polski, jednak musimy liczy\u0107 si\u0119 w\u00f3wczas z dodatkowym kosztem dojazdu oraz noclegu dla podwykonawc\u00f3w. Dlatego w\u0142a\u015bnie lepiej jest poszuka\u0107 zespo\u0142u czy fotografa z okolic sali weselnej. Dolny \u015al\u0105sk s\u0142ynie z dobrej muzyki, a od wielu lat Dw\u00f3r Korona Karkonoszy wsp\u00f3\u0142pracuje z najlepszymi, lokalnymi us\u0142ugodawcami.<\/p>\n<\/div>\r\n                    <aside class=\"leonardo-interlink\">\r\n                <b>Polecamy<\/b>\r\n                <a href=\"https:\/\/www.koronakarkonoszy.pl\/blog\/en\/wesele-na-50-osob\/\">Wesele na 50 os\u00f3b &#8211; z czym to si\u0119 wi\u0105\u017ce?<\/a>\r\n            <\/aside>\r\n            <\/div>\r\n    <div class=\"leonardo-image\">\r\n        <img loading=\"lazy\" decoding=\"async\" width=\"800\" height=\"534\" src=\"https:\/\/www.koronakarkonoszy.pl\/blog\/wp-content\/uploads\/2021\/07\/jak-wybrac-fotografa.jpg\" class=\"attachment-full size-full\" alt=\"Jak wybra\u0107 fotografa na wesele\" srcset=\"https:\/\/www.koronakarkonoszy.pl\/blog\/wp-content\/uploads\/2021\/07\/jak-wybrac-fotografa.jpg 800w, https:\/\/www.koronakarkonoszy.pl\/blog\/wp-content\/uploads\/2021\/07\/jak-wybrac-fotografa-300x200.jpg 300w, https:\/\/www.koronakarkonoszy.pl\/blog\/wp-content\/uploads\/2021\/07\/jak-wybrac-fotografa-768x513.jpg 768w\" sizes=\"auto, (max-width: 800px) 100vw, 800px\" \/>            <\/div>\r\n<\/section>\n\n\n<p><br>Dobrze wybrane miejsce na wesele, jak i sama sala weselna to jedna z najwa\u017cniejszych kwestii przy organizacji wesela. Pami\u0119tajmy jednak, aby wybiera\u0107&nbsp;miejsca rekomendowane&nbsp;na przyk\u0142ad przez by\u0142ych go\u015bci,&nbsp;posiadaj\u0105ce du\u017c\u0105 liczb\u0119&nbsp;pozytywnych referencji.&nbsp;To znacznie zwi\u0119kszy szans\u0119 na najpi\u0119kniejsze wesele i niepowtarzalne wspomnienia tego dnia.<\/p>\n\n\n\n<style>\n    .cta_block{\n        margin: 1.5em 0;\n    }\n    .cta_block_content {\n        position: relative;\n        color: white;\n        padding: 1em;\n    }\n    .cta_block_content h3{\n        text-align: center;\n        font: normal normal normal 36px\/50px Yeseva One;\n    }\n    .cta_block_content .cta_block_desc{\n        text-align: center;\n        font-size: 1.1em;\n        position: relative;\n    }\n    .cta_block_content .cta_block_desc:before {\n        content: '';\n        width: 80px;\n        height: 4px;\n        background: #EEB315;\n        position: absolute;\n        left: 0;\n        right: 0;\n        margin-left: auto;\n        margin-right: auto;\n        top: -22px;\n    }\n\n    .cta_block_content picture{\n        position: absolute;\n        top: 0;\n        right: 0;\n        z-index: -1;\n        height: 100%;\n        overflow: hidden;\n        width: 100%;\n    }\n    .cta_block_content picture img{\n        object-fit: cover;\n        height: 100%;\n        width: 100%;\n    }\n    .cta_block .cta_block_content .ninja-forms-field{\n        background: #FFFFFF2F;\n        border: 1px solid #EEB315;\n        border-radius: 25px;\n        opacity: 1;\n        color: #ffffff;\n    }\n    .cta_block .cta_block_content .nf-form-content input[type=submit]{\n        background-color: #EEB315;\n        color: #292929;\n        text-align: center;\n        font: normal normal bold 14px\/20px Work Sans;\n        padding: 0 2em;\n    }\n\n    .cta_block ::placeholder{\n        color: white!important;\n        opacity: 1;\n    }\n\n    .cta_block_content::after {\n        height: 100%;\n        width: 100%;\n        content: \"\";\n        z-index: -1;\n        position: absolute;\n        top: 0;\n        background: #00000070;\n        right: 0;\n        left: 0;\n        bottom: 0;\n    }\n    #ha-cta-block, .cta_block_desc, .cta_block .nf-field-label, .cta_block .nf-error-msg {\n        filter: drop-shadow(1px 1px 8px black);\n    }\n\n\/*    .cta_block nf-rows-wrap {\n        display: flex;\n        justify-content: space-around;\n        flex-direction: row;\n    }*\/\n\n    .cta_block .nf-field-label {\n        display:none;\n    }\n\n    .cta_block .nf-error.field-wrap .nf-field-element::after {\n        border-radius: 50px;\n    }\n\n    .cta_block .nf-error-msg {\n        color: #fff;\n    }\n\n    .cta_block .nf-form-cont {\n        margin-top: 3em;\n        margin-bottom: 1em;\n    }\n\n    .wp-admin .cta_block_content{\n        display: none;\n    }\n    .cta_block .nf-form-fields-required {\n        display: none;\n    }\n    body:not(.wp-admin) .cta_block_admin {\n        display: none;\n    }\n<\/style>\n<div id=\"cta_block-block_275dc1ff58613d00b30c2ea15c496f3c\" class=\"cta_block\">\n    <div class=\"cta_block_admin\" style=\"background-color: blue; color: white\">\n        Blok CTA\n    <\/div>\n    <div class=\"cta_block\">\n        <div class=\"cta_block_content\">   \n        <h3 id=\"ha-marzysz-o-weselu-w-gorach\">Marzysz o weselu w g\u00f3rach? <\/h3>\n                    <div class=\"cta_block_desc\">Zorganizujemy je dla Ciebie! <\/div>\n                <noscript class=\"ninja-forms-noscript-message\">\n\tNotice: JavaScript is required for this content.<\/noscript>\n<div id=\"nf-form-3_1-cont\" class=\"nf-form-cont\" aria-live=\"polite\" aria-labelledby=\"nf-form-title-3_1\" aria-describedby=\"nf-form-errors-3_1\" role=\"form\">\n\n    <div class=\"nf-loading-spinner\"><\/div>\n\n<\/div>\n        <!-- That data is being printed as a workaround to page builders reordering the order of the scripts loaded-->\n        <script>var formDisplay=1;var nfForms=nfForms||[];var form=[];form.id='3_1';form.settings={\"objectType\":\"Form Setting\",\"editActive\":true,\"title\":\"Block CTA\",\"created_at\":\"2022-11-08 16:03:33\",\"default_label_pos\":\"above\",\"show_title\":0,\"clear_complete\":\"1\",\"hide_complete\":\"1\",\"logged_in\":\"\",\"wrapper_class\":\"\",\"element_class\":\"\",\"key\":\"\",\"add_submit\":\"0\",\"changeEmailErrorMsg\":\"Please enter a valid email address!\",\"changeDateErrorMsg\":\"Please enter a valid date!\",\"confirmFieldErrorMsg\":\"These fields must match!\",\"fieldNumberNumMinError\":\"Number Min Error\",\"fieldNumberNumMaxError\":\"Number Max Error\",\"fieldNumberIncrementBy\":\"Please increment by \",\"formErrorsCorrectErrors\":\"Please correct errors before submitting this form.\",\"validateRequiredField\":\"This is a required field.\",\"honeypotHoneypotError\":\"Honeypot Error\",\"fieldsMarkedRequired\":\"Fields marked with an &lt;span class=&quot;ninja-forms-req-symbol&quot;&gt;*&lt;\\\/span&gt; are required\",\"currency\":\"\",\"repeatable_fieldsets\":\"\",\"unique_field_error\":\"Formularz z t\\u0105 warto\\u015bci\\u0105 zosta\\u0142 ju\\u017c przes\\u0142any.\",\"not_logged_in_msg\":\"\",\"sub_limit_msg\":\"Formularz osi\\u0105gn\\u0105\\u0142 limit wys\\u0142a\\u0144.\",\"calculations\":[],\"container_styles_show_advanced_css\":\"0\",\"title_styles_show_advanced_css\":\"0\",\"row_styles_show_advanced_css\":\"0\",\"row-odd_styles_show_advanced_css\":\"0\",\"success-msg_styles_show_advanced_css\":\"0\",\"error_msg_styles_show_advanced_css\":\"0\",\"formContentData\":[{\"order\":1,\"cells\":[{\"order\":0,\"fields\":[\"phone_1640098023980\"],\"width\":35},{\"order\":1,\"fields\":[\"adres_e-mail_1667919839452\"],\"width\":35},{\"order\":2,\"fields\":[\"zapisz_mnie_1667919853255\"],\"width\":30}]}],\"drawerDisabled\":false,\"conditions\":[],\"allow_public_link\":0,\"embed_form\":\"\",\"container_styles_border\":\"\",\"container_styles_height\":\"\",\"container_styles_margin\":\"\",\"container_styles_padding\":\"\",\"container_styles_float\":\"\",\"title_styles_border\":\"\",\"title_styles_height\":\"\",\"title_styles_width\":\"\",\"title_styles_font-size\":\"\",\"title_styles_margin\":\"\",\"title_styles_padding\":\"\",\"title_styles_float\":\"\",\"row_styles_border\":\"\",\"row_styles_width\":\"\",\"row_styles_font-size\":\"\",\"row_styles_margin\":\"\",\"row_styles_padding\":\"\",\"row-odd_styles_border\":\"\",\"row-odd_styles_height\":\"\",\"row-odd_styles_width\":\"\",\"row-odd_styles_font-size\":\"\",\"row-odd_styles_margin\":\"\",\"row-odd_styles_padding\":\"\",\"success-msg_styles_border\":\"\",\"success-msg_styles_height\":\"\",\"success-msg_styles_width\":\"\",\"success-msg_styles_font-size\":\"\",\"success-msg_styles_margin\":\"\",\"success-msg_styles_padding\":\"\",\"error_msg_styles_border\":\"\",\"error_msg_styles_width\":\"\",\"error_msg_styles_font-size\":\"\",\"error_msg_styles_margin\":\"\",\"error_msg_styles_padding\":\"\",\"form_title_heading_level\":\"3\",\"ninjaForms\":\"Ninja Forms\",\"fieldTextareaRTEInsertLink\":\"Insert Link\",\"fieldTextareaRTEInsertMedia\":\"Insert Media\",\"fieldTextareaRTESelectAFile\":\"Select a file\",\"formHoneypot\":\"If you are a human seeing this field, please leave it empty.\",\"fileUploadOldCodeFileUploadInProgress\":\"File Upload in Progress.\",\"fileUploadOldCodeFileUpload\":\"FILE UPLOAD\",\"currencySymbol\":\"&#36;\",\"thousands_sep\":\",\",\"decimal_point\":\".\",\"siteLocale\":\"en_GB\",\"dateFormat\":\"m\\\/d\\\/Y\",\"startOfWeek\":\"1\",\"of\":\"of\",\"previousMonth\":\"Previous Month\",\"nextMonth\":\"Next Month\",\"months\":[\"January\",\"February\",\"March\",\"April\",\"May\",\"June\",\"July\",\"August\",\"September\",\"October\",\"November\",\"December\"],\"monthsShort\":[\"Jan\",\"Feb\",\"Mar\",\"Apr\",\"May\",\"Jun\",\"Jul\",\"Aug\",\"Sep\",\"Oct\",\"Nov\",\"Dec\"],\"weekdays\":[\"Sunday\",\"Monday\",\"Tuesday\",\"Wednesday\",\"Thursday\",\"Friday\",\"Saturday\"],\"weekdaysShort\":[\"Sun\",\"Mon\",\"Tue\",\"Wed\",\"Thu\",\"Fri\",\"Sat\"],\"weekdaysMin\":[\"Su\",\"Mo\",\"Tu\",\"We\",\"Th\",\"Fr\",\"Sa\"],\"recaptchaConsentMissing\":\"reCaptcha validation couldn&#039;t load.\",\"recaptchaMissingCookie\":\"reCaptcha v3 validation couldn&#039;t load the cookie needed to submit the form.\",\"recaptchaConsentEvent\":\"Accept reCaptcha cookies before sending the form.\",\"currency_symbol\":\"\",\"beforeForm\":\"\",\"beforeFields\":\"\",\"afterFields\":\"\",\"afterForm\":\"\"};form.fields=[{\"objectType\":\"Field\",\"objectDomain\":\"fields\",\"editActive\":false,\"order\":1,\"idAttribute\":\"id\",\"type\":\"phone\",\"label\":\"Numer telefonu\",\"key\":\"phone_1640098023980\",\"label_pos\":\"above\",\"required\":1,\"default\":\"\",\"placeholder\":\"Numer telefonu\",\"container_class\":\"\",\"element_class\":\"\",\"input_limit\":\"\",\"input_limit_type\":\"characters\",\"input_limit_msg\":\"Liczba pozosta\\u0142ych znak\\u00f3w:\",\"manual_key\":\"\",\"admin_label\":\"\",\"help_text\":\"\",\"mask\":\"\",\"custom_mask\":\"\",\"custom_name_attribute\":\"phone\",\"personally_identifiable\":1,\"wrap_styles_border\":\"\",\"wrap_styles_width\":\"\",\"wrap_styles_margin\":\"\",\"wrap_styles_padding\":\"\",\"wrap_styles_float\":\"\",\"wrap_styles_show_advanced_css\":0,\"label_styles_border\":\"\",\"label_styles_width\":\"\",\"label_styles_font-size\":\"\",\"label_styles_margin\":\"\",\"label_styles_padding\":\"\",\"label_styles_float\":\"\",\"label_styles_show_advanced_css\":0,\"element_styles_border\":\"\",\"element_styles_width\":\"\",\"element_styles_font-size\":\"\",\"element_styles_margin\":\"\",\"element_styles_padding\":\"\",\"element_styles_float\":\"\",\"element_styles_show_advanced_css\":0,\"cellcid\":\"c3386\",\"value\":\"\",\"field_label\":\"Numer telefonu\",\"field_key\":\"phone_1640098023980\",\"drawerDisabled\":false,\"id\":\"8_1\",\"beforeField\":\"\",\"afterField\":\"\",\"parentType\":\"textbox\",\"element_templates\":[\"tel\",\"textbox\",\"input\"],\"old_classname\":\"\",\"wrap_template\":\"wrap\"},{\"objectType\":\"Field\",\"objectDomain\":\"fields\",\"editActive\":false,\"order\":2,\"idAttribute\":\"id\",\"type\":\"email\",\"label\":\"Adres e-mail\",\"key\":\"adres_e-mail_1667919839452\",\"label_pos\":\"above\",\"required\":1,\"default\":\"\",\"placeholder\":\"Adres e-mail\",\"container_class\":\"\",\"element_class\":\"\",\"admin_label\":\"\",\"help_text\":\"\",\"custom_name_attribute\":\"email\",\"personally_identifiable\":1,\"wrap_styles_border\":\"\",\"wrap_styles_width\":\"\",\"wrap_styles_margin\":\"\",\"wrap_styles_padding\":\"\",\"wrap_styles_float\":\"\",\"wrap_styles_show_advanced_css\":0,\"label_styles_border\":\"\",\"label_styles_width\":\"\",\"label_styles_font-size\":\"\",\"label_styles_margin\":\"\",\"label_styles_padding\":\"\",\"label_styles_float\":\"\",\"label_styles_show_advanced_css\":0,\"element_styles_border\":\"\",\"element_styles_width\":\"\",\"element_styles_font-size\":\"\",\"element_styles_margin\":\"\",\"element_styles_padding\":\"\",\"element_styles_float\":\"\",\"element_styles_show_advanced_css\":0,\"cellcid\":\"c3389\",\"value\":\"\",\"drawerDisabled\":false,\"field_label\":\"E-mail\",\"field_key\":\"email_1640098026199\",\"id\":\"9_1\",\"beforeField\":\"\",\"afterField\":\"\",\"parentType\":\"email\",\"element_templates\":[\"email\",\"input\"],\"old_classname\":\"\",\"wrap_template\":\"wrap\"},{\"objectType\":\"Field\",\"objectDomain\":\"fields\",\"editActive\":false,\"order\":3,\"idAttribute\":\"id\",\"type\":\"submit\",\"label\":\"Zapisz mnie\",\"processing_label\":\"W trakcie realizacji\",\"container_class\":\"\",\"element_class\":\"\",\"key\":\"zapisz_mnie_1667919853255\",\"wrap_styles_border\":\"\",\"wrap_styles_width\":\"\",\"wrap_styles_margin\":\"\",\"wrap_styles_padding\":\"\",\"wrap_styles_float\":\"\",\"wrap_styles_show_advanced_css\":0,\"element_styles_border\":\"\",\"element_styles_width\":\"\",\"element_styles_font-size\":\"\",\"element_styles_margin\":\"\",\"element_styles_padding\":\"\",\"element_styles_float\":\"\",\"element_styles_show_advanced_css\":0,\"submit_element_hover_styles_border\":\"\",\"submit_element_hover_styles_width\":\"\",\"submit_element_hover_styles_font-size\":\"\",\"submit_element_hover_styles_margin\":\"\",\"submit_element_hover_styles_padding\":\"\",\"submit_element_hover_styles_float\":\"\",\"submit_element_hover_styles_show_advanced_css\":0,\"cellcid\":\"c3391\",\"drawerDisabled\":false,\"field_label\":\"Zamawiam rozmow\\u0119\",\"field_key\":\"zamawiam_rozmowe_1640098067453\",\"id\":\"10_1\",\"beforeField\":\"\",\"afterField\":\"\",\"value\":\"\",\"label_pos\":\"above\",\"parentType\":\"textbox\",\"element_templates\":[\"submit\",\"button\",\"input\"],\"old_classname\":\"\",\"wrap_template\":\"wrap-no-label\"}];nfForms.push(form);<\/script>\n                <script id=\"nf-tmpl-cell\" type=\"text\/template\">\n            <nf-fields><\/nf-fields>\n        <\/script>\n\n        <script id=\"nf-tmpl-row\" type=\"text\/template\">\n            <nf-cells><\/nf-cells>\n        <\/script>\n\n                <img loading=\"lazy\" decoding=\"async\" width=\"1500\" height=\"705\" src=\"https:\/\/www.koronakarkonoszy.pl\/blog\/wp-content\/uploads\/2022\/06\/Dwor-Korona-Karkonoszy.jpg\" class=\"attachment-full size-full\" alt=\"\" srcset=\"https:\/\/www.koronakarkonoszy.pl\/blog\/wp-content\/uploads\/2022\/06\/Dwor-Korona-Karkonoszy.jpg 1500w, https:\/\/www.koronakarkonoszy.pl\/blog\/wp-content\/uploads\/2022\/06\/Dwor-Korona-Karkonoszy-300x141.jpg 300w, https:\/\/www.koronakarkonoszy.pl\/blog\/wp-content\/uploads\/2022\/06\/Dwor-Korona-Karkonoszy-1024x481.jpg 1024w, https:\/\/www.koronakarkonoszy.pl\/blog\/wp-content\/uploads\/2022\/06\/Dwor-Korona-Karkonoszy-768x361.jpg 768w\" sizes=\"auto, (max-width: 1500px) 100vw, 1500px\" \/>        <\/div> \n    <\/div>\n<\/div>\n\n\n\n<h2 class=\"wp-block-heading\"><strong>Czy istnieje miejsce idealne na organizacj\u0119 weselnego przyj\u0119cia?<\/strong><\/h2>\n\n\n\n<p>Jak <a href=\"https:\/\/www.koronakarkonoszy.pl\/blog\/organizacja-wesel-od-a-do-z\/\" target=\"_blank\" rel=\"noreferrer noopener\">zorganizowa\u0107<\/a> wyj\u0105tkowe wesele? Trzeba mie\u0107 pomys\u0142 i kogo\u015b do\u015bwiadczonego w organizacji imprez. Profesjonalny organizator wesele jest nie do przecenienia! Pami\u0119tajmy jednak, \u017ce klimat wesela tworz\u0105 przede wszystkim ludzie. To od nich zale\u017cy najwi\u0119cej. To, jak b\u0119d\u0105 bawi\u0107 si\u0119 go\u015bcie weselni i M\u0142oda Para zale\u017cy od atmosfery i klimatu przyj\u0119cia. Oczywi\u015bcie do\u015bwiadczony zesp\u00f3\u0142 muzyczny na wesele r\u00f3wnie\u017c potrafi rozrusza\u0107 towarzystwo i podkr\u0119ci\u0107 zabaw\u0119. Podobnie jest z obs\u0142ug\u0105 domu weselnego. Ci najlepsi r\u00f3wnie\u017c wiedz\u0105, jak si\u0119 zachowa\u0107 i stworzy\u0107 \u015bwietny klimat do weselnej zabawy. Tak wi\u0119c <strong>idealne miejsce na wesele to przede wszystkim takie z dobr\u0105 obs\u0142ug\u0105<\/strong>; lud\u017ami, kt\u00f3rym zale\u017cy na dobrej zabawie i pi\u0119knym \u015bwi\u0119towaniu i celebrowaniu uroczysto\u015bci.<\/p>\n\n\n\n<figure class=\"wp-block-image size-large is-resized\"><img loading=\"lazy\" decoding=\"async\" src=\"https:\/\/www.koronakarkonoszy.pl\/blog\/wp-content\/uploads\/2023\/04\/20722274301_85905cf57f_o-1024x683.jpg\" alt=\"\" class=\"wp-image-9656\" width=\"824\" height=\"549\" srcset=\"https:\/\/www.koronakarkonoszy.pl\/blog\/wp-content\/uploads\/2023\/04\/20722274301_85905cf57f_o-1024x683.jpg 1024w, https:\/\/www.koronakarkonoszy.pl\/blog\/wp-content\/uploads\/2023\/04\/20722274301_85905cf57f_o-300x200.jpg 300w, https:\/\/www.koronakarkonoszy.pl\/blog\/wp-content\/uploads\/2023\/04\/20722274301_85905cf57f_o-768x512.jpg 768w, https:\/\/www.koronakarkonoszy.pl\/blog\/wp-content\/uploads\/2023\/04\/20722274301_85905cf57f_o-18x12.jpg 18w, https:\/\/www.koronakarkonoszy.pl\/blog\/wp-content\/uploads\/2023\/04\/20722274301_85905cf57f_o.jpg 1200w\" sizes=\"auto, (max-width: 824px) 100vw, 824px\" \/><figcaption class=\"wp-element-caption\"><strong>Sala na wesele &#8211; <a href=\"https:\/\/www.koronakarkonoszy.pl\/wesele\/\" target=\"_blank\" rel=\"noreferrer noopener\">Dw\u00f3r Korona Karkonoszy<\/a>, Sosn\u00f3wka k. Karpacza <\/strong><\/figcaption><\/figure>\n\n\n\n<p>Kolejnym wa\u017cnym elementem idealnego na wesele miejsca z pewno\u015bci\u0105 b\u0119dzie po\u0142o\u017cenie miejsca na wesele. Na pewno <strong>g\u00f3ry to doskona\u0142e miejsce na \u015blub<\/strong>. Pi\u0119kne widoki, przestrze\u0144 i g\u00f3rskie plenery stanowi\u0105 doskona\u0142\u0105 opraw\u0119 ka\u017cdej imprezy. G\u00f3ry to te\u017c miejsce, gdzie obiad weselny lepiej smakuje, a trunki nabieraj\u0105 szlachetno\u015bci. Z pewno\u015bci\u0105 potrzebna b\u0119dzie te\u017c przestronna <a href=\"https:\/\/www.koronakarkonoszy.pl\/blog\/sala-weselna-w-gorach\/\" target=\"_blank\" rel=\"noreferrer noopener\">sala weselna w g\u00f3rach<\/a>. Na przyk\u0142ad w Sosn\u00f3wce ko\u0142o Karpacza znajduje si\u0119 niezwyk\u0142e miejsce, w kt\u00f3rym tradycja weselna ma ponad 100 lat! Tamtejsza <a href=\"https:\/\/www.koronakarkonoszy.pl\/dworska-sala-balowa\/\" target=\"_blank\" rel=\"noreferrer noopener\">Dworska Sala Balowa<\/a> jest r\u00f3wnie\u017c jedn\u0105 z najwy\u017cszych i najpi\u0119kniejszych sal weselnych w regionie. Co wa\u017cne, oferuje ona r\u00f3wnie\u017c wszystkim zainteresowanym nocleg w miejscu wesela. Noc sp\u0119dzona w jednym z butikowych <a href=\"https:\/\/www.koronakarkonoszy.pl\/pokoje\/\" target=\"_blank\" rel=\"noreferrer noopener\">pokoi<\/a> na d\u0142ugo pozostan\u0105 w pami\u0119ci go\u015bci.<\/p>\n\n\n\n<figure class=\"wp-block-image size-large\"><a href=\"https:\/\/www.koronakarkonoszy.pl\/wesele\/\" target=\"_blank\" rel=\"noreferrer noopener\"><img loading=\"lazy\" decoding=\"async\" width=\"1024\" height=\"512\" src=\"https:\/\/www.koronakarkonoszy.pl\/blog\/wp-content\/uploads\/2022\/06\/stylowy_dwor_wesleny_DKK-4-1024x512.jpg\" alt=\"\" class=\"wp-image-4048\" srcset=\"https:\/\/www.koronakarkonoszy.pl\/blog\/wp-content\/uploads\/2022\/06\/stylowy_dwor_wesleny_DKK-4-1024x512.jpg 1024w, https:\/\/www.koronakarkonoszy.pl\/blog\/wp-content\/uploads\/2022\/06\/stylowy_dwor_wesleny_DKK-4-300x150.jpg 300w, https:\/\/www.koronakarkonoszy.pl\/blog\/wp-content\/uploads\/2022\/06\/stylowy_dwor_wesleny_DKK-4-768x384.jpg 768w, https:\/\/www.koronakarkonoszy.pl\/blog\/wp-content\/uploads\/2022\/06\/stylowy_dwor_wesleny_DKK-4.jpg 1200w\" sizes=\"auto, (max-width: 1024px) 100vw, 1024px\" \/><\/a><\/figure>\n\n\n<style>\n  .destination_map {\n    margin: 1.5em 0;\n  }\n\n  body:not(.wp-admin) .admin {\n    display: none;\n  }\n\n  .map {\n    max-width: 800px;\n    height: 400px;\n  }\n\n  .wp-admin .map {\n    display: none;\n  }\n<\/style>\n\n<div id=\"destination_map-block_16b0331078faacffcc8a75e8428a9414\" class=\"destination_map\">\n  <div class=\"destinationmap-body admin\" style=\"background-color: lightblue;\">\n        Mapa dojazdu\n  <\/div>\n  <div id=\"block_16b0331078faacffcc8a75e8428a9414\" class=\"map\"><\/div>\n<\/div>\n\n<script>\n  (function($) {\n\n    function mapLocation() {\n      var directionsDisplay;\n      var directionsService = new google.maps.DirectionsService();\n      var map;\n\n      function initialize() {\n        var pos = new google.maps.LatLng(50.8190591, 15.7212853);\n        var mapOptions = {\n          zoom: 11,\n          center: pos\n        };\n        map = new google.maps.Map(document.getElementById('block_16b0331078faacffcc8a75e8428a9414'), mapOptions);\n\n        var marker = new google.maps.Marker({\n          position: pos,\n          map: map\n        });\n\n      }\n\n      google.maps.event.addDomListener(window, 'load', initialize);\n    }\n    mapLocation();\n\n  })(jQuery);\n<\/script>","protected":false},"excerpt":{"rendered":"<p>Gdy do naszego \u015blubu zaczynamy odlicza\u0107 dni, a nawet godziny, cz\u0119sto jeste\u015bmy podekscytowani, lekko zdenerwowani, ale bywa te\u017c, \u017ce spanikowani do granic mo\u017cliwo\u015bci. Tak, to prawda! Pa\u0144stwo M\u0142odzi cz\u0119sto zastanawiaj\u0105 si\u0119, czy wybrane przez nich miejsce na wesele oka\u017ce si\u0119 trafnym wyborem. I nic w tym dziwnego.&nbsp;Jak sprawi\u0107, by w nie znale\u017a\u0107 si\u0119 w gronie [&hellip;]<\/p>\n","protected":false},"author":11,"featured_media":476,"comment_status":"closed","ping_status":"closed","sticky":false,"template":"","format":"standard","meta":{"_acf_changed":false,"footnotes":""},"categories":[2,11],"class_list":["post-475","post","type-post","status-publish","format-standard","has-post-thumbnail","hentry","category-porady","category-sala-weselna"],"acf":[],"yoast_head":"<!-- This site is optimized with the Yoast SEO plugin v27.5 - https:\/\/yoast.com\/product\/yoast-seo-wordpress\/ -->\n<title>Jak wybra\u0107 miejsce na wesele? - :: Blog weselny<\/title>\n<meta name=\"description\" content=\"Pa\u0144stwo M\u0142odzi cz\u0119sto zastanawiaj\u0105 si\u0119 czy wybrane przez nich miejsce na wesele oka\u017ce si\u0119 trafnym wyborem. I nic w tym dziwnego.\" \/>\n<meta name=\"robots\" content=\"index, follow, max-snippet:-1, max-image-preview:large, max-video-preview:-1\" \/>\n<link rel=\"canonical\" href=\"https:\/\/www.koronakarkonoszy.pl\/blog\/en\/how-to-choose-a-venue-for-your-wedding\/\" \/>\n<meta property=\"og:locale\" content=\"en_GB\" \/>\n<meta property=\"og:type\" content=\"article\" \/>\n<meta property=\"og:title\" content=\"Jak wybra\u0107 miejsce na wesele? - :: Blog weselny\" \/>\n<meta property=\"og:description\" content=\"Pa\u0144stwo M\u0142odzi cz\u0119sto zastanawiaj\u0105 si\u0119 czy wybrane przez nich miejsce na wesele oka\u017ce si\u0119 trafnym wyborem. I nic w tym dziwnego.\" \/>\n<meta property=\"og:url\" content=\"https:\/\/www.koronakarkonoszy.pl\/blog\/en\/how-to-choose-a-venue-for-your-wedding\/\" \/>\n<meta property=\"og:site_name\" content=\":: Blog weselny\" \/>\n<meta property=\"article:published_time\" content=\"2023-05-01T19:42:19+00:00\" \/>\n<meta property=\"article:modified_time\" content=\"2023-05-23T09:42:06+00:00\" \/>\n<meta property=\"og:image\" content=\"https:\/\/www.koronakarkonoszy.pl\/blog\/wp-content\/uploads\/2021\/07\/miejsce-na-wesele.jpg\" \/>\n\t<meta property=\"og:image:width\" content=\"800\" \/>\n\t<meta property=\"og:image:height\" content=\"534\" \/>\n\t<meta property=\"og:image:type\" content=\"image\/jpeg\" \/>\n<meta name=\"author\" content=\"agnieszka\" \/>\n<meta name=\"twitter:card\" content=\"summary_large_image\" \/>\n<meta name=\"twitter:label1\" content=\"Written by\" \/>\n\t<meta name=\"twitter:data1\" content=\"agnieszka\" \/>\n\t<meta name=\"twitter:label2\" content=\"Estimated reading time\" \/>\n\t<meta name=\"twitter:data2\" content=\"11 minutes\" \/>\n<script type=\"application\/ld+json\" class=\"yoast-schema-graph\">{\"@context\":\"https:\\\/\\\/schema.org\",\"@graph\":[{\"@type\":\"Article\",\"@id\":\"https:\\\/\\\/www.koronakarkonoszy.pl\\\/blog\\\/jak-wybrac-miejsce-na-wesele\\\/#article\",\"isPartOf\":{\"@id\":\"https:\\\/\\\/www.koronakarkonoszy.pl\\\/blog\\\/jak-wybrac-miejsce-na-wesele\\\/\"},\"author\":{\"name\":\"agnieszka\",\"@id\":\"https:\\\/\\\/www.koronakarkonoszy.pl\\\/blog\\\/#\\\/schema\\\/person\\\/ec8c88bd01ebe6cbf6a16435ce22276f\"},\"headline\":\"Jak wybra\u0107 miejsce na wesele?\",\"datePublished\":\"2023-05-01T19:42:19+00:00\",\"dateModified\":\"2023-05-23T09:42:06+00:00\",\"mainEntityOfPage\":{\"@id\":\"https:\\\/\\\/www.koronakarkonoszy.pl\\\/blog\\\/jak-wybrac-miejsce-na-wesele\\\/\"},\"wordCount\":1845,\"image\":{\"@id\":\"https:\\\/\\\/www.koronakarkonoszy.pl\\\/blog\\\/jak-wybrac-miejsce-na-wesele\\\/#primaryimage\"},\"thumbnailUrl\":\"https:\\\/\\\/www.koronakarkonoszy.pl\\\/blog\\\/wp-content\\\/uploads\\\/2021\\\/07\\\/miejsce-na-wesele.jpg\",\"articleSection\":[\"Porady\",\"Sala weselna\"],\"inLanguage\":\"en-GB\"},{\"@type\":\"WebPage\",\"@id\":\"https:\\\/\\\/www.koronakarkonoszy.pl\\\/blog\\\/jak-wybrac-miejsce-na-wesele\\\/\",\"url\":\"https:\\\/\\\/www.koronakarkonoszy.pl\\\/blog\\\/jak-wybrac-miejsce-na-wesele\\\/\",\"name\":\"Jak wybra\u0107 miejsce na wesele? - :: Blog weselny\",\"isPartOf\":{\"@id\":\"https:\\\/\\\/www.koronakarkonoszy.pl\\\/blog\\\/#website\"},\"primaryImageOfPage\":{\"@id\":\"https:\\\/\\\/www.koronakarkonoszy.pl\\\/blog\\\/jak-wybrac-miejsce-na-wesele\\\/#primaryimage\"},\"image\":{\"@id\":\"https:\\\/\\\/www.koronakarkonoszy.pl\\\/blog\\\/jak-wybrac-miejsce-na-wesele\\\/#primaryimage\"},\"thumbnailUrl\":\"https:\\\/\\\/www.koronakarkonoszy.pl\\\/blog\\\/wp-content\\\/uploads\\\/2021\\\/07\\\/miejsce-na-wesele.jpg\",\"datePublished\":\"2023-05-01T19:42:19+00:00\",\"dateModified\":\"2023-05-23T09:42:06+00:00\",\"author\":{\"@id\":\"https:\\\/\\\/www.koronakarkonoszy.pl\\\/blog\\\/#\\\/schema\\\/person\\\/ec8c88bd01ebe6cbf6a16435ce22276f\"},\"description\":\"Pa\u0144stwo M\u0142odzi cz\u0119sto zastanawiaj\u0105 si\u0119 czy wybrane przez nich miejsce na wesele oka\u017ce si\u0119 trafnym wyborem. I nic w tym dziwnego.\",\"breadcrumb\":{\"@id\":\"https:\\\/\\\/www.koronakarkonoszy.pl\\\/blog\\\/jak-wybrac-miejsce-na-wesele\\\/#breadcrumb\"},\"inLanguage\":\"en-GB\",\"potentialAction\":[{\"@type\":\"ReadAction\",\"target\":[\"https:\\\/\\\/www.koronakarkonoszy.pl\\\/blog\\\/jak-wybrac-miejsce-na-wesele\\\/\"]}]},{\"@type\":\"ImageObject\",\"inLanguage\":\"en-GB\",\"@id\":\"https:\\\/\\\/www.koronakarkonoszy.pl\\\/blog\\\/jak-wybrac-miejsce-na-wesele\\\/#primaryimage\",\"url\":\"https:\\\/\\\/www.koronakarkonoszy.pl\\\/blog\\\/wp-content\\\/uploads\\\/2021\\\/07\\\/miejsce-na-wesele.jpg\",\"contentUrl\":\"https:\\\/\\\/www.koronakarkonoszy.pl\\\/blog\\\/wp-content\\\/uploads\\\/2021\\\/07\\\/miejsce-na-wesele.jpg\",\"width\":800,\"height\":534,\"caption\":\"Miejsce na wesele\"},{\"@type\":\"BreadcrumbList\",\"@id\":\"https:\\\/\\\/www.koronakarkonoszy.pl\\\/blog\\\/jak-wybrac-miejsce-na-wesele\\\/#breadcrumb\",\"itemListElement\":[{\"@type\":\"ListItem\",\"position\":1,\"name\":\"Strona g\u0142\u00f3wna\",\"item\":\"https:\\\/\\\/www.koronakarkonoszy.pl\\\/blog\\\/\"},{\"@type\":\"ListItem\",\"position\":2,\"name\":\"Jak wybra\u0107 miejsce na wesele?\"}]},{\"@type\":\"WebSite\",\"@id\":\"https:\\\/\\\/www.koronakarkonoszy.pl\\\/blog\\\/#website\",\"url\":\"https:\\\/\\\/www.koronakarkonoszy.pl\\\/blog\\\/\",\"name\":\":: Blog weselny\",\"description\":\"Blog weselny Dw\u00f3r Korona Karkonoszy\",\"potentialAction\":[{\"@type\":\"SearchAction\",\"target\":{\"@type\":\"EntryPoint\",\"urlTemplate\":\"https:\\\/\\\/www.koronakarkonoszy.pl\\\/blog\\\/?s={search_term_string}\"},\"query-input\":{\"@type\":\"PropertyValueSpecification\",\"valueRequired\":true,\"valueName\":\"search_term_string\"}}],\"inLanguage\":\"en-GB\"},{\"@type\":\"Person\",\"@id\":\"https:\\\/\\\/www.koronakarkonoszy.pl\\\/blog\\\/#\\\/schema\\\/person\\\/ec8c88bd01ebe6cbf6a16435ce22276f\",\"name\":\"agnieszka\",\"image\":{\"@type\":\"ImageObject\",\"inLanguage\":\"en-GB\",\"@id\":\"https:\\\/\\\/www.koronakarkonoszy.pl\\\/blog\\\/wp-content\\\/litespeed\\\/avatar\\\/53ee7b676463f74d0aea1a09de3d003b.jpg?ver=1777438794\",\"url\":\"https:\\\/\\\/www.koronakarkonoszy.pl\\\/blog\\\/wp-content\\\/litespeed\\\/avatar\\\/53ee7b676463f74d0aea1a09de3d003b.jpg?ver=1777438794\",\"contentUrl\":\"https:\\\/\\\/www.koronakarkonoszy.pl\\\/blog\\\/wp-content\\\/litespeed\\\/avatar\\\/53ee7b676463f74d0aea1a09de3d003b.jpg?ver=1777438794\",\"caption\":\"agnieszka\"},\"url\":\"https:\\\/\\\/www.koronakarkonoszy.pl\\\/blog\\\/en\\\/author\\\/agnieszka\\\/\"}]}<\/script>\n<!-- \/ Yoast SEO plugin. -->","yoast_head_json":{"title":"How to choose a wedding venue? - :: Wedding blog","description":"The bride and groom often wonder if the place they choose for the wedding will turn out to be the right choice. And no wonder.","robots":{"index":"index","follow":"follow","max-snippet":"max-snippet:-1","max-image-preview":"max-image-preview:large","max-video-preview":"max-video-preview:-1"},"canonical":"https:\/\/www.koronakarkonoszy.pl\/blog\/en\/how-to-choose-a-venue-for-your-wedding\/","og_locale":"en_GB","og_type":"article","og_title":"Jak wybra\u0107 miejsce na wesele? - :: Blog weselny","og_description":"Pa\u0144stwo M\u0142odzi cz\u0119sto zastanawiaj\u0105 si\u0119 czy wybrane przez nich miejsce na wesele oka\u017ce si\u0119 trafnym wyborem. I nic w tym dziwnego.","og_url":"https:\/\/www.koronakarkonoszy.pl\/blog\/en\/how-to-choose-a-venue-for-your-wedding\/","og_site_name":":: Blog weselny","article_published_time":"2023-05-01T19:42:19+00:00","article_modified_time":"2023-05-23T09:42:06+00:00","og_image":[{"width":800,"height":534,"url":"https:\/\/www.koronakarkonoszy.pl\/blog\/wp-content\/uploads\/2021\/07\/miejsce-na-wesele.jpg","type":"image\/jpeg"}],"author":"agnieszka","twitter_card":"summary_large_image","twitter_misc":{"Written by":"agnieszka","Estimated reading time":"11 minutes"},"schema":{"@context":"https:\/\/schema.org","@graph":[{"@type":"Article","@id":"https:\/\/www.koronakarkonoszy.pl\/blog\/jak-wybrac-miejsce-na-wesele\/#article","isPartOf":{"@id":"https:\/\/www.koronakarkonoszy.pl\/blog\/jak-wybrac-miejsce-na-wesele\/"},"author":{"name":"agnieszka","@id":"https:\/\/www.koronakarkonoszy.pl\/blog\/#\/schema\/person\/ec8c88bd01ebe6cbf6a16435ce22276f"},"headline":"Jak wybra\u0107 miejsce na wesele?","datePublished":"2023-05-01T19:42:19+00:00","dateModified":"2023-05-23T09:42:06+00:00","mainEntityOfPage":{"@id":"https:\/\/www.koronakarkonoszy.pl\/blog\/jak-wybrac-miejsce-na-wesele\/"},"wordCount":1845,"image":{"@id":"https:\/\/www.koronakarkonoszy.pl\/blog\/jak-wybrac-miejsce-na-wesele\/#primaryimage"},"thumbnailUrl":"https:\/\/www.koronakarkonoszy.pl\/blog\/wp-content\/uploads\/2021\/07\/miejsce-na-wesele.jpg","articleSection":["Porady","Sala weselna"],"inLanguage":"en-GB"},{"@type":"WebPage","@id":"https:\/\/www.koronakarkonoszy.pl\/blog\/jak-wybrac-miejsce-na-wesele\/","url":"https:\/\/www.koronakarkonoszy.pl\/blog\/jak-wybrac-miejsce-na-wesele\/","name":"How to choose a wedding venue? - :: Wedding blog","isPartOf":{"@id":"https:\/\/www.koronakarkonoszy.pl\/blog\/#website"},"primaryImageOfPage":{"@id":"https:\/\/www.koronakarkonoszy.pl\/blog\/jak-wybrac-miejsce-na-wesele\/#primaryimage"},"image":{"@id":"https:\/\/www.koronakarkonoszy.pl\/blog\/jak-wybrac-miejsce-na-wesele\/#primaryimage"},"thumbnailUrl":"https:\/\/www.koronakarkonoszy.pl\/blog\/wp-content\/uploads\/2021\/07\/miejsce-na-wesele.jpg","datePublished":"2023-05-01T19:42:19+00:00","dateModified":"2023-05-23T09:42:06+00:00","author":{"@id":"https:\/\/www.koronakarkonoszy.pl\/blog\/#\/schema\/person\/ec8c88bd01ebe6cbf6a16435ce22276f"},"description":"The bride and groom often wonder if the place they choose for the wedding will turn out to be the right choice. And no wonder.","breadcrumb":{"@id":"https:\/\/www.koronakarkonoszy.pl\/blog\/jak-wybrac-miejsce-na-wesele\/#breadcrumb"},"inLanguage":"en-GB","potentialAction":[{"@type":"ReadAction","target":["https:\/\/www.koronakarkonoszy.pl\/blog\/jak-wybrac-miejsce-na-wesele\/"]}]},{"@type":"ImageObject","inLanguage":"en-GB","@id":"https:\/\/www.koronakarkonoszy.pl\/blog\/jak-wybrac-miejsce-na-wesele\/#primaryimage","url":"https:\/\/www.koronakarkonoszy.pl\/blog\/wp-content\/uploads\/2021\/07\/miejsce-na-wesele.jpg","contentUrl":"https:\/\/www.koronakarkonoszy.pl\/blog\/wp-content\/uploads\/2021\/07\/miejsce-na-wesele.jpg","width":800,"height":534,"caption":"Miejsce na wesele"},{"@type":"BreadcrumbList","@id":"https:\/\/www.koronakarkonoszy.pl\/blog\/jak-wybrac-miejsce-na-wesele\/#breadcrumb","itemListElement":[{"@type":"ListItem","position":1,"name":"Strona g\u0142\u00f3wna","item":"https:\/\/www.koronakarkonoszy.pl\/blog\/"},{"@type":"ListItem","position":2,"name":"Jak wybra\u0107 miejsce na wesele?"}]},{"@type":"WebSite","@id":"https:\/\/www.koronakarkonoszy.pl\/blog\/#website","url":"https:\/\/www.koronakarkonoszy.pl\/blog\/","name":":: Wedding blog","description":"Wedding blog Dw\u00f3r Korona Karkonosze","potentialAction":[{"@type":"SearchAction","target":{"@type":"EntryPoint","urlTemplate":"https:\/\/www.koronakarkonoszy.pl\/blog\/?s={search_term_string}"},"query-input":{"@type":"PropertyValueSpecification","valueRequired":true,"valueName":"search_term_string"}}],"inLanguage":"en-GB"},{"@type":"Person","@id":"https:\/\/www.koronakarkonoszy.pl\/blog\/#\/schema\/person\/ec8c88bd01ebe6cbf6a16435ce22276f","name":"Agnes","image":{"@type":"ImageObject","inLanguage":"en-GB","@id":"https:\/\/www.koronakarkonoszy.pl\/blog\/wp-content\/litespeed\/avatar\/53ee7b676463f74d0aea1a09de3d003b.jpg?ver=1777438794","url":"https:\/\/www.koronakarkonoszy.pl\/blog\/wp-content\/litespeed\/avatar\/53ee7b676463f74d0aea1a09de3d003b.jpg?ver=1777438794","contentUrl":"https:\/\/www.koronakarkonoszy.pl\/blog\/wp-content\/litespeed\/avatar\/53ee7b676463f74d0aea1a09de3d003b.jpg?ver=1777438794","caption":"agnieszka"},"url":"https:\/\/www.koronakarkonoszy.pl\/blog\/en\/author\/agnieszka\/"}]}},"_links":{"self":[{"href":"https:\/\/www.koronakarkonoszy.pl\/blog\/en\/wp-json\/wp\/v2\/posts\/475","targetHints":{"allow":["GET"]}}],"collection":[{"href":"https:\/\/www.koronakarkonoszy.pl\/blog\/en\/wp-json\/wp\/v2\/posts"}],"about":[{"href":"https:\/\/www.koronakarkonoszy.pl\/blog\/en\/wp-json\/wp\/v2\/types\/post"}],"author":[{"embeddable":true,"href":"https:\/\/www.koronakarkonoszy.pl\/blog\/en\/wp-json\/wp\/v2\/users\/11"}],"replies":[{"embeddable":true,"href":"https:\/\/www.koronakarkonoszy.pl\/blog\/en\/wp-json\/wp\/v2\/comments?post=475"}],"version-history":[{"count":0,"href":"https:\/\/www.koronakarkonoszy.pl\/blog\/en\/wp-json\/wp\/v2\/posts\/475\/revisions"}],"wp:featuredmedia":[{"embeddable":true,"href":"https:\/\/www.koronakarkonoszy.pl\/blog\/en\/wp-json\/wp\/v2\/media\/476"}],"wp:attachment":[{"href":"https:\/\/www.koronakarkonoszy.pl\/blog\/en\/wp-json\/wp\/v2\/media?parent=475"}],"wp:term":[{"taxonomy":"category","embeddable":true,"href":"https:\/\/www.koronakarkonoszy.pl\/blog\/en\/wp-json\/wp\/v2\/categories?post=475"}],"curies":[{"name":"wp","href":"https:\/\/api.w.org\/{rel}","templated":true}]}}