{"id":4409,"date":"2023-03-18T12:05:35","date_gmt":"2023-03-18T11:05:35","guid":{"rendered":"https:\/\/www.koronakarkonoszy.pl\/blog\/?p=4409"},"modified":"2024-12-11T11:58:24","modified_gmt":"2024-12-11T10:58:24","slug":"wedding-hall","status":"publish","type":"post","link":"https:\/\/www.koronakarkonoszy.pl\/blog\/en\/sala-weselna\/","title":{"rendered":"Wedding Hall: Key Tips for the Bride and Groom!"},"content":{"rendered":"\n<p>Wyb\u00f3r sali weselnej mo\u017ce przynie\u015b\u0107 M\u0142odej Parze mn\u00f3stwo rado\u015bci. Z drugiej strony takie przedsi\u0119wzi\u0119cie wymaga sporo czasu i wysi\u0142ku. Podpowiadamy, jak znale\u017a\u0107 wymarzone miejsce i przygotowa\u0107 si\u0119 do rozmowy z managerem, aby wszystko posz\u0142o jak z p\u0142atka. Wasza wymarzona sala weselna czeka!<\/p>\n\n\n<div id=\"ariadna-block_f6c1e4ab9edb019a27d3586e9d79057c\" class=\"ariadna\">\r\n    <ul><li><a href=\"#ha-sala-weselna-trudny-wybor\">Sala weselna \u2013 trudny wyb\u00f3r\u2026 &nbsp;<\/a><\/li><li><a href=\"#h-rezerwacja-sali-weselnej-na-co-zwr-ci-uwag\">Rezerwacja sali weselnej: na co zwr\u00f3ci\u0107 uwag\u0119?<\/a><\/li><li><a href=\"#ha-sala-weselna-czy-sala-balowa\">Sala weselna czy sala balowa?<\/a><\/li><li><a href=\"#ha-sala-weselna-o-co-pytac\">Sala weselna \u2013 o co pyta\u0107?<\/a><\/li><li><a href=\"#h-koszty-sali-weselnej\">Koszty sali weselnej<\/a><\/li><li><a href=\"#ha-korkowe-na-weselu\">Korkowe na weselu<\/a><\/li><li><a href=\"#ha-tania-sala-weselna-czy-to-mozliwe\">Tania sala weselna \u2013 czy to mo\u017cliwe?<\/a><\/li><li><a href=\"#h-koszt-sali-weselnej\">Koszt sali weselnej<\/a><\/li><li><a href=\"#ha-rezerwacja-sali-weselnej-o-czym-nalezy-pamietac\">Rezerwacja sali weselnej &#8211; o czym nale\u017cy pami\u0119ta\u0107?<\/a><\/li><li><a href=\"#h-rozmiar-ma-znaczenie\">Rozmiar ma znaczenie&#8230;<\/a><\/li><li><a href=\"#ha-jak-znalezc-romantyczne-miejsce-na-wesele\">Jak znale\u017a\u0107 romantyczne miejsce na wesele?<\/a><\/li><li><a href=\"#ha-sala-weselna-wroclaw\">Sala weselna Wroc\u0142aw<\/a><\/li><li><a href=\"#ha-dlaczego-warto-wybrac-sale-weselna-z-ogrodem\">Dlaczego warto wybra\u0107 sal\u0119 weseln\u0105 z ogrodem?<\/a><\/li><li><a href=\"#h-wesele-w-ogrodzie\">Wesele w ogrodzie<\/a><\/li><li><a href=\"#ha-piekna-sala-weselna-na-co-zwrocic-uwage\">Pi\u0119kna sala weselna \u2013 na co zwr\u00f3ci\u0107 uwag\u0119?<\/a><\/li><li><a href=\"#h-a-moze-sala-weselna-nad-jeziorem\">A mo\u017ce sala weselna nad jeziorem?<\/a><\/li><li><a href=\"#ha-sala-weselna-kolorystyka\">Sala weselna \u2013 kolorystyka<\/a><\/li><li><a href=\"#h-czerwona-sala-weselna\">Czerwona sala weselna<\/a><\/li><li><a href=\"#ha-niebanalne-propozycje-na-motyw-przewodni\">Niebanalne propozycje na motyw przewodni<\/a><\/li><li><a href=\"#h-kolory-sal-weselnych\">Kolory sal weselnych<\/a><\/li><li><a href=\"#ha-wesele-w-czerwieni\">Wesele w czerwieni<\/a><\/li><li><a href=\"#h-jak-wybrac-dekoratora\">Jak wybra\u0107 dekoratora?<\/a><\/li><li><a href=\"#ha-jak-stworzyc-wlasne-dekoracje-weselne\">Jak stworzy\u0107 w\u0142asne dekoracje weselne?<\/a><\/li><li><a href=\"#ha-niepowtarzalne-wesele-garsc-wskazowek-dla-pary-mlodej\">Niepowtarzalne wesele \u2013 gar\u015b\u0107 wskaz\u00f3wek dla Pary M\u0142odej<\/a><\/li><li><a href=\"#h-kwiaty-na-slub\">Kwiaty na \u015blub<\/a><\/li><li><a href=\"#ha-sala-weselna-w-stodole-dobry-pomysl\">Sala weselna w stodole &#8211; dobry pomys\u0142?<\/a><\/li><li><a href=\"#h-przyjecie-w-stodole\">Przyj\u0119cie w stodole<\/a><\/li><li><a href=\"#ha-drewniana-sala-weselna-dlaczego-warto\">Drewniana sala weselna: dlaczego warto?<\/a><\/li><li><a href=\"#ha-romantyczne-wesele\">Romantyczne wesele\u2026<\/a><\/li><li><a href=\"#h-sala-weselna-kryteria\">Sala weselna &#8211; kryteria<\/a><\/li><li><a href=\"#ha-sala-weselna-styl-rustykalny-jak-ja-zaaranzowac\">Sala weselna styl rustykalny \u2013 jak j\u0105 zaaran\u017cowa\u0107?<\/a><\/li><li><a href=\"#h-rustykalne-dekoracje\">Rustykalne dekoracje<\/a><\/li><li><a href=\"#ha-sala-weselna-w-stylu-glamour\">Sala weselna w stylu glamour<\/a><\/li><li><a href=\"#h-poczuj-sie-jak-prawdziwa-ksiezniczka\">Poczuj si\u0119 jak prawdziwa ksi\u0119\u017cniczka!<\/a><\/li><li><a href=\"#ha-luksusowa-sala-dla-wymagajacych\">Luksusowa sala dla wymagaj\u0105cych<\/a><\/li><li><a href=\"#h-sale-weselne\">Sale weselne<\/a><\/li><li><a href=\"#h-sala-weselna-i-wesele-w-stylu-boho-krok-po-kroku\">Sala weselna i wesele w stylu boho krok po kroku<\/a><\/li><li><a href=\"#h-styl-boho-sala-weselna\">Styl boho sala weselna<\/a><\/li><li><a href=\"#ha-czym-kierowac-sie-przy-wyborze-miejsca-na-wesele-w-stylu-boho\">Czym kierowa\u0107 si\u0119 przy wyborze miejsca na wesele w stylu boho?<\/a><\/li><li><a href=\"#h-praktyczne-wskazowki-dla-par-mlodych\">Praktyczne wskaz\u00f3wki dla Par M\u0142odych<\/a><\/li><li><a href=\"#ha-kameralne-przyjecie-o-czym-warto-pamietac\">Kameralne przyj\u0119cie \u2013 o czym warto pami\u0119ta\u0107?<\/a><\/li><li><a href=\"#h-mala-sala-weselna\">Ma\u0142a sala weselna<\/a><\/li><li><a href=\"#h-idealna-sala-weselna-podsumowanie\">Idealna sala weselna: podsumowanie<\/a><\/li><\/ul>\r\n<\/div>\r\n\r\n\r\n\r\n\n\n\n<h2 class=\"wp-block-heading\" id=\"ha-sala-weselna-trudny-wybor\">Sala weselna \u2013 trudny wyb\u00f3r\u2026 &nbsp;<\/h2>\n\n\n\n<p>Kt\u00f3\u017c z nas nie by\u0142 na weselu? Od kiedy ludzie si\u0119 pobieraj\u0105, za\u015blubinom towarzyszy wi\u0119ksza lub mniejsza uroczysto\u015b\u0107. Dla wielu z nas moment \u015blubu to najwa\u017cniejsze wydarzenie w \u017cyciu, dlatego staramy si\u0119 nada\u0107 mu jak najbardziej uroczysty charakter. W naszej kulturze zwykle organizujemy wesela i przyj\u0119cia weselne, by podkre\u015bli\u0107 z jednej strony powag\u0119 chwili, z drugiej da\u0107 wyraz swej rado\u015bci z zawarcia zwi\u0105zku ma\u0142\u017ce\u0144skiego. Na tak\u0105 uroczysto\u015b\u0107 wybieramy oczywi\u015bcie miejsca, kt\u00f3re mog\u0105 pomie\u015bci\u0107 du\u017c\u0105 liczb\u0119 zaproszonych go\u015bci. Warto przyjrze\u0107 si\u0119, jak taka sala weselna czy dom weselny powinny wygl\u0105da\u0107 i jakie warunki musz\u0105 spe\u0142nia\u0107. Oto kilka wa\u017cnych rzeczy, na kt\u00f3re warto zwr\u00f3ci\u0107 uwag\u0119.<\/p>\n\n\n<div class=\"wp-block-image\">\n<figure class=\"aligncenter size-large\"><a href=\"https:\/\/www.koronakarkonoszy.pl\/wesele\/\" target=\"_blank\" rel=\"noreferrer noopener\"><img loading=\"lazy\" decoding=\"async\" width=\"1024\" height=\"512\" src=\"https:\/\/www.koronakarkonoszy.pl\/blog\/wp-content\/uploads\/2020\/01\/stylowy_dwor_wesleny_DKK-3-1024x512.jpg\" alt=\"\" class=\"wp-image-3921\" srcset=\"https:\/\/www.koronakarkonoszy.pl\/blog\/wp-content\/uploads\/2020\/01\/stylowy_dwor_wesleny_DKK-3-1024x512.jpg 1024w, https:\/\/www.koronakarkonoszy.pl\/blog\/wp-content\/uploads\/2020\/01\/stylowy_dwor_wesleny_DKK-3-300x150.jpg 300w, https:\/\/www.koronakarkonoszy.pl\/blog\/wp-content\/uploads\/2020\/01\/stylowy_dwor_wesleny_DKK-3-768x384.jpg 768w, https:\/\/www.koronakarkonoszy.pl\/blog\/wp-content\/uploads\/2020\/01\/stylowy_dwor_wesleny_DKK-3.jpg 1200w\" sizes=\"auto, (max-width: 1024px) 100vw, 1024px\" \/><\/a><\/figure>\n<\/div>\n\n\n<h2 class=\"wp-block-heading\" id=\"h-rezerwacja-sali-weselnej-na-co-zwr-ci-uwag\"><a><\/a>Rezerwacja sali weselnej: na co zwr\u00f3ci\u0107 uwag\u0119?<\/h2>\n\n\n\n<p>Poszukiwanie wymarzonej sali weselnej zajmuje sporo czasu, Aby u\u0142atwi\u0107 Wam zadanie, przygotowali\u015bmy kilka wskaz\u00f3wek. Zastan\u00f3wcie si\u0119 nad lokalizacj\u0105 i sprecyzujcie swoje oczekiwania, a nast\u0119pnie spr\u00f3bujcie zaw\u0119zi\u0107 wyb\u00f3r do kilku propozycji. Zrezygnujcie z lokali, w kt\u00f3rych wst\u0119pne rozmowy prowadzone s\u0105 przez obs\u0142ug\u0119 lub recepcjonistk\u0119. Pami\u0119tajcie, \u017ceby od pocz\u0105tku uzgadnia\u0107 wszystkie kwestie z managerem lub w\u0142a\u015bcicielem. W ten spos\u00f3b unikniecie nieprzyjemnych sytuacji, wynikaj\u0105cych z tego, \u017ce kto\u015b nie przekaza\u0142 istotnych informacji.<\/p>\n\n\n<div class=\"wp-block-image\">\n<figure class=\"aligncenter size-full\"><img loading=\"lazy\" decoding=\"async\" width=\"683\" height=\"1024\" src=\"https:\/\/www.koronakarkonoszy.pl\/blog\/wp-content\/uploads\/2020\/10\/100_0007.jpg\" alt=\"\" class=\"wp-image-4863\" srcset=\"https:\/\/www.koronakarkonoszy.pl\/blog\/wp-content\/uploads\/2020\/10\/100_0007.jpg 683w, https:\/\/www.koronakarkonoszy.pl\/blog\/wp-content\/uploads\/2020\/10\/100_0007-200x300.jpg 200w\" sizes=\"auto, (max-width: 683px) 100vw, 683px\" \/><figcaption class=\"wp-element-caption\"><a href=\"https:\/\/www.koronakarkonoszy.pl\/sala-weselna\/\" target=\"_blank\" rel=\"noreferrer noopener\"><strong>Dworska Sala Balowa &#8211; Dw\u00f3r Korona Karkonoszy. Sosn\u00f3wka k. Karpacza <\/strong><\/a><\/figcaption><\/figure>\n<\/div>\n\n\n<p>Je\u015bli ustalili\u015bcie ju\u017c<a href=\"https:\/\/www.koronakarkonoszy.pl\/blog\/budzet-slubny\/\" target=\"_blank\" rel=\"noreferrer noopener\"> bud\u017cet \u015blubny<\/a>, nadszed\u0142 czas, aby stworzy\u0107 wizj\u0119 uroczysto\u015bci. Zastan\u00f3wcie si\u0119, jak d\u0142ugo ma trwa\u0107 przyj\u0119cie i jak chcecie usadzi\u0107 go\u015bci. Czy zale\u017cy Wam na <strong>sali weselnej z ogrodem<\/strong>, czy wystarczy taras? Czy go\u015bcie przyje\u017cd\u017caj\u0105 z daleka? Je\u015bli tak, sprawd\u017acie czy obiekt, nad kt\u00f3rym si\u0119 zastanawiacie, oferuje noclegi. Uzgodnijcie mi\u0119dzy sob\u0105 kwestie zwi\u0105zane z organizacj\u0105 wesela, zanim wybierzecie si\u0119 na spotkanie z managerem lub w\u0142a\u015bcicielem obiektu.<\/p>\n\n\n\n<figure class=\"wp-block-image size-large\"><img loading=\"lazy\" decoding=\"async\" width=\"1024\" height=\"683\" src=\"https:\/\/www.koronakarkonoszy.pl\/blog\/wp-content\/uploads\/2021\/06\/20150917-FUS-Klaudia-Cieplinska-EB-202-copy-1024x683.jpg\" alt=\"\" class=\"wp-image-4841\" srcset=\"https:\/\/www.koronakarkonoszy.pl\/blog\/wp-content\/uploads\/2021\/06\/20150917-FUS-Klaudia-Cieplinska-EB-202-copy-1024x683.jpg 1024w, https:\/\/www.koronakarkonoszy.pl\/blog\/wp-content\/uploads\/2021\/06\/20150917-FUS-Klaudia-Cieplinska-EB-202-copy-300x200.jpg 300w, https:\/\/www.koronakarkonoszy.pl\/blog\/wp-content\/uploads\/2021\/06\/20150917-FUS-Klaudia-Cieplinska-EB-202-copy-768x512.jpg 768w, https:\/\/www.koronakarkonoszy.pl\/blog\/wp-content\/uploads\/2021\/06\/20150917-FUS-Klaudia-Cieplinska-EB-202-copy.jpg 1200w\" sizes=\"auto, (max-width: 1024px) 100vw, 1024px\" \/><figcaption class=\"wp-element-caption\"><strong>Para M\u0142oda <\/strong><\/figcaption><\/figure>\n\n\n\n<h2 class=\"wp-block-heading\" id=\"ha-sala-weselna-czy-sala-balowa\">Sala weselna czy sala balowa?<\/h2>\n\n\n\n<p>Kt\u00f3r\u0105 wybra\u0107? I czym si\u0119 w\u0142a\u015bciwe r\u00f3\u017cni\u0105? W\u0142a\u015bciwie r\u00f3\u017cnica cz\u0119sto bywa tylko nominalna. Jedna i druga mo\u017ce mie\u0107 podobn\u0105 konstrukcj\u0119 i wymiary. Zwykle przyjmuje si\u0119, \u017ce <a href=\"https:\/\/www.koronakarkonoszy.pl\/dworska-sala-balowa\/\" class=\"links-placer\">sale balowe<\/a> mieszcz\u0105 si\u0119 w zamkach i pa\u0142acach. Ale je\u015bli tam odb\u0119dzie si\u0119 wystawne wesele, to czy w tym czasie ta sala balowa nie jest sal\u0105 weseln\u0105? Mo\u017ce to by\u0107 dobry temat do rozwa\u017ca\u0144 podczas wesela, ale ju\u017c nad ranem, kiedy trzeba b\u0119dzie od\u015bwie\u017cy\u0107 nasze szare kom\u00f3rki&#8230;<\/p>\n\n\n\n<p>A tak na serio, wiele sal weselnych, zw\u0142aszcza na Dolnym \u015al\u0105sku, mie\u015bci si\u0119 w zabytkowych obiektach,kt\u00f3re same w sobie s\u0105 atrakcj\u0105! Dobrym przyk\u0142adem mo\u017ce by\u0107 Dworska Sala Balowa w Dworze Korona Karkonoszy w Sosn\u00f3wce. Ma ona oryginaln\u0105, ponad stuletni\u0105 konstrukcj\u0119 dachow\u0105 i jest jedn\u0105 z najwy\u017cszych sal weselnych w tym regionie (ponad 9 m!). Jej niepowtarzalna architektura zapewnia r\u00f3wnie\u017c dobr\u0105 akustyk\u0119. Idealne miejsce na idealne wesele!<\/p>\n\n\n<div class=\"wp-block-image\">\n<figure class=\"aligncenter size-large\"><img loading=\"lazy\" decoding=\"async\" width=\"1024\" height=\"683\" src=\"https:\/\/www.koronakarkonoszy.pl\/blog\/wp-content\/uploads\/2022\/07\/IMG_6764-1024x683.jpg\" alt=\"\" class=\"wp-image-4838\" srcset=\"https:\/\/www.koronakarkonoszy.pl\/blog\/wp-content\/uploads\/2022\/07\/IMG_6764-1024x683.jpg 1024w, https:\/\/www.koronakarkonoszy.pl\/blog\/wp-content\/uploads\/2022\/07\/IMG_6764-300x200.jpg 300w, https:\/\/www.koronakarkonoszy.pl\/blog\/wp-content\/uploads\/2022\/07\/IMG_6764-768x512.jpg 768w, https:\/\/www.koronakarkonoszy.pl\/blog\/wp-content\/uploads\/2022\/07\/IMG_6764-1920x1280.jpg 1920w, https:\/\/www.koronakarkonoszy.pl\/blog\/wp-content\/uploads\/2022\/07\/IMG_6764-1536x1024.jpg 1536w, https:\/\/www.koronakarkonoszy.pl\/blog\/wp-content\/uploads\/2022\/07\/IMG_6764-2048x1365.jpg 2048w\" sizes=\"auto, (max-width: 1024px) 100vw, 1024px\" \/><figcaption class=\"wp-element-caption\"><strong><a href=\"https:\/\/www.koronakarkonoszy.pl\/sala-weselna\/\" target=\"_blank\" rel=\"noreferrer noopener\">Dworska Sala Balowa &#8211; Dw\u00f3r Korona Karkonoszy <\/a><\/strong><\/figcaption><\/figure>\n<\/div>\n\n\n<h2 class=\"wp-block-heading\" id=\"ha-sala-weselna-o-co-pytac\">Sala weselna \u2013 o co pyta\u0107?<\/h2>\n\n\n\n<p>Na spotkanie przyb\u0105d\u017acie uzbrojeni w przygotowan\u0105 wcze\u015bniej list\u0119 pyta\u0144. Nie pytajcie: sala weselna o co pyta\u0107? bo pyta\u0107 trzeba o wszystko! Dzi\u0119ki temu zyskacie pewno\u015b\u0107, \u017ce nic Wam nie umknie. Nie b\u00f3jcie si\u0119 porusza\u0107 \u017cadnych nurtuj\u0105cych was kwestii. Sprawd\u017acie tak\u017ce, czy wystr\u00f3j, atmosfera i obs\u0142uga spe\u0142niaj\u0105 Wasze oczekiwania. Mo\u017ce si\u0119 okaza\u0107, \u017ce to, co widzieli\u015bcie na zdj\u0119ciach, znacznie odbiega od stanu faktycznego.<\/p>\n\n\n\n<p>Je\u015bli jak dot\u0105d sala spe\u0142nia Wasze oczekiwania, w pierwszej kolejno\u015bci zapytajcie o wolny termin. Przypominamy, \u017ce nierzadko sal\u0119 weseln\u0105 trzeba rezerwowa\u0107 z 1,5-2-letnim wyprzedzeniem. Pami\u0119tajcie, \u017ceby nie odk\u0142ada\u0107 poszukiwa\u0144 na ostatni\u0105 chwil\u0119. W przeciwnym razie istnieje du\u017ce ryzyko, \u017ce kto\u015b Was ubiegnie.<\/p>\n\n\n\n<style>\n    .cta_block{\n        margin: 1.5em 0;\n    }\n    .cta_block_content {\n        position: relative;\n        color: white;\n        padding: 1em;\n    }\n    .cta_block_content h3{\n        text-align: center;\n        font: normal normal normal 36px\/50px Yeseva One;\n    }\n    .cta_block_content .cta_block_desc{\n        text-align: center;\n        font-size: 1.1em;\n        position: relative;\n    }\n    .cta_block_content .cta_block_desc:before {\n        content: '';\n        width: 80px;\n        height: 4px;\n        background: #EEB315;\n        position: absolute;\n        left: 0;\n        right: 0;\n        margin-left: auto;\n        margin-right: auto;\n        top: -22px;\n    }\n\n    .cta_block_content picture{\n        position: absolute;\n        top: 0;\n        right: 0;\n        z-index: -1;\n        height: 100%;\n        overflow: hidden;\n        width: 100%;\n    }\n    .cta_block_content picture img{\n        object-fit: cover;\n        height: 100%;\n        width: 100%;\n    }\n    .cta_block .cta_block_content .ninja-forms-field{\n        background: #FFFFFF2F;\n        border: 1px solid #EEB315;\n        border-radius: 25px;\n        opacity: 1;\n        color: #ffffff;\n    }\n    .cta_block .cta_block_content .nf-form-content input[type=submit]{\n        background-color: #EEB315;\n        color: #292929;\n        text-align: center;\n        font: normal normal bold 14px\/20px Work Sans;\n        padding: 0 2em;\n    }\n\n    .cta_block ::placeholder{\n        color: white!important;\n        opacity: 1;\n    }\n\n    .cta_block_content::after {\n        height: 100%;\n        width: 100%;\n        content: \"\";\n        z-index: -1;\n        position: absolute;\n        top: 0;\n        background: #00000070;\n        right: 0;\n        left: 0;\n        bottom: 0;\n    }\n    #ha-cta-block, .cta_block_desc, .cta_block .nf-field-label, .cta_block .nf-error-msg {\n        filter: drop-shadow(1px 1px 8px black);\n    }\n\n\/*    .cta_block nf-rows-wrap {\n        display: flex;\n        justify-content: space-around;\n        flex-direction: row;\n    }*\/\n\n    .cta_block .nf-field-label {\n        display:none;\n    }\n\n    .cta_block .nf-error.field-wrap .nf-field-element::after {\n        border-radius: 50px;\n    }\n\n    .cta_block .nf-error-msg {\n        color: #fff;\n    }\n\n    .cta_block .nf-form-cont {\n        margin-top: 3em;\n        margin-bottom: 1em;\n    }\n\n    .wp-admin .cta_block_content{\n        display: none;\n    }\n    .cta_block .nf-form-fields-required {\n        display: none;\n    }\n    body:not(.wp-admin) .cta_block_admin {\n        display: none;\n    }\n<\/style>\n<div id=\"cta_block-block_c9df39b6c7e7c3bf400116a06c89f7fc\" class=\"cta_block\">\n    <div class=\"cta_block_admin\" style=\"background-color: blue; color: white\">\n        Blok CTA\n    <\/div>\n    <div class=\"cta_block\">\n        <div class=\"cta_block_content\">   \n        <h3 id=\"ha-szukacie-idealnego-miejsca-na-wesele\">Szukacie idealnego miejsca na wesele?<\/h3>\n                    <div class=\"cta_block_desc\">Gwarantujemy niezapomniane chwile \u2665<\/div>\n                <noscript class=\"ninja-forms-noscript-message\">\n\tNotice: JavaScript is required for this content.<\/noscript>\n<div id=\"nf-form-3-cont\" class=\"nf-form-cont\" aria-live=\"polite\" aria-labelledby=\"nf-form-title-3\" aria-describedby=\"nf-form-errors-3\" role=\"form\">\n\n    <div class=\"nf-loading-spinner\"><\/div>\n\n<\/div>\n        <!-- That data is being printed as a workaround to page builders reordering the order of the scripts loaded-->\n        <script>var formDisplay=1;var nfForms=nfForms||[];var form=[];form.id='3';form.settings={\"objectType\":\"Form Setting\",\"editActive\":true,\"title\":\"Block CTA\",\"created_at\":\"2022-11-08 16:03:33\",\"default_label_pos\":\"above\",\"show_title\":0,\"clear_complete\":\"1\",\"hide_complete\":\"1\",\"logged_in\":\"\",\"wrapper_class\":\"\",\"element_class\":\"\",\"key\":\"\",\"add_submit\":\"0\",\"changeEmailErrorMsg\":\"Please enter a valid email address!\",\"changeDateErrorMsg\":\"Please enter a valid date!\",\"confirmFieldErrorMsg\":\"These fields must match!\",\"fieldNumberNumMinError\":\"Number Min Error\",\"fieldNumberNumMaxError\":\"Number Max Error\",\"fieldNumberIncrementBy\":\"Please increment by \",\"formErrorsCorrectErrors\":\"Please correct errors before submitting this form.\",\"validateRequiredField\":\"This is a required field.\",\"honeypotHoneypotError\":\"Honeypot Error\",\"fieldsMarkedRequired\":\"Fields marked with an <span class=\\\"ninja-forms-req-symbol\\\">*<\\\/span> are required\",\"currency\":\"\",\"repeatable_fieldsets\":\"\",\"unique_field_error\":\"Formularz z t\\u0105 warto\\u015bci\\u0105 zosta\\u0142 ju\\u017c przes\\u0142any.\",\"not_logged_in_msg\":\"\",\"sub_limit_msg\":\"Formularz osi\\u0105gn\\u0105\\u0142 limit wys\\u0142a\\u0144.\",\"calculations\":[],\"container_styles_show_advanced_css\":\"0\",\"title_styles_show_advanced_css\":\"0\",\"row_styles_show_advanced_css\":\"0\",\"row-odd_styles_show_advanced_css\":\"0\",\"success-msg_styles_show_advanced_css\":\"0\",\"error_msg_styles_show_advanced_css\":\"0\",\"formContentData\":[{\"order\":1,\"cells\":[{\"order\":0,\"fields\":[\"phone_1640098023980\"],\"width\":35},{\"order\":1,\"fields\":[\"adres_e-mail_1667919839452\"],\"width\":35},{\"order\":2,\"fields\":[\"zapisz_mnie_1667919853255\"],\"width\":30}]}],\"drawerDisabled\":false,\"conditions\":[],\"allow_public_link\":0,\"embed_form\":\"\",\"container_styles_border\":\"\",\"container_styles_height\":\"\",\"container_styles_margin\":\"\",\"container_styles_padding\":\"\",\"container_styles_float\":\"\",\"title_styles_border\":\"\",\"title_styles_height\":\"\",\"title_styles_width\":\"\",\"title_styles_font-size\":\"\",\"title_styles_margin\":\"\",\"title_styles_padding\":\"\",\"title_styles_float\":\"\",\"row_styles_border\":\"\",\"row_styles_width\":\"\",\"row_styles_font-size\":\"\",\"row_styles_margin\":\"\",\"row_styles_padding\":\"\",\"row-odd_styles_border\":\"\",\"row-odd_styles_height\":\"\",\"row-odd_styles_width\":\"\",\"row-odd_styles_font-size\":\"\",\"row-odd_styles_margin\":\"\",\"row-odd_styles_padding\":\"\",\"success-msg_styles_border\":\"\",\"success-msg_styles_height\":\"\",\"success-msg_styles_width\":\"\",\"success-msg_styles_font-size\":\"\",\"success-msg_styles_margin\":\"\",\"success-msg_styles_padding\":\"\",\"error_msg_styles_border\":\"\",\"error_msg_styles_width\":\"\",\"error_msg_styles_font-size\":\"\",\"error_msg_styles_margin\":\"\",\"error_msg_styles_padding\":\"\",\"form_title_heading_level\":\"3\",\"ninjaForms\":\"Ninja Forms\",\"fieldTextareaRTEInsertLink\":\"Insert Link\",\"fieldTextareaRTEInsertMedia\":\"Insert Media\",\"fieldTextareaRTESelectAFile\":\"Select a file\",\"formHoneypot\":\"If you are a human seeing this field, please leave it empty.\",\"fileUploadOldCodeFileUploadInProgress\":\"File Upload in Progress.\",\"fileUploadOldCodeFileUpload\":\"FILE UPLOAD\",\"currencySymbol\":\"&#36;\",\"thousands_sep\":\",\",\"decimal_point\":\".\",\"siteLocale\":\"en_GB\",\"dateFormat\":\"m\\\/d\\\/Y\",\"startOfWeek\":\"1\",\"of\":\"of\",\"previousMonth\":\"Previous Month\",\"nextMonth\":\"Next Month\",\"months\":[\"January\",\"February\",\"March\",\"April\",\"May\",\"June\",\"July\",\"August\",\"September\",\"October\",\"November\",\"December\"],\"monthsShort\":[\"Jan\",\"Feb\",\"Mar\",\"Apr\",\"May\",\"Jun\",\"Jul\",\"Aug\",\"Sep\",\"Oct\",\"Nov\",\"Dec\"],\"weekdays\":[\"Sunday\",\"Monday\",\"Tuesday\",\"Wednesday\",\"Thursday\",\"Friday\",\"Saturday\"],\"weekdaysShort\":[\"Sun\",\"Mon\",\"Tue\",\"Wed\",\"Thu\",\"Fri\",\"Sat\"],\"weekdaysMin\":[\"Su\",\"Mo\",\"Tu\",\"We\",\"Th\",\"Fr\",\"Sa\"],\"recaptchaConsentMissing\":\"reCaptcha validation couldn&#039;t load.\",\"recaptchaMissingCookie\":\"reCaptcha v3 validation couldn&#039;t load the cookie needed to submit the form.\",\"recaptchaConsentEvent\":\"Accept reCaptcha cookies before sending the form.\",\"currency_symbol\":\"\",\"beforeForm\":\"\",\"beforeFields\":\"\",\"afterFields\":\"\",\"afterForm\":\"\"};form.fields=[{\"objectType\":\"Field\",\"objectDomain\":\"fields\",\"editActive\":false,\"order\":1,\"idAttribute\":\"id\",\"type\":\"phone\",\"label\":\"Numer telefonu\",\"key\":\"phone_1640098023980\",\"label_pos\":\"above\",\"required\":1,\"default\":\"\",\"placeholder\":\"Numer telefonu\",\"container_class\":\"\",\"element_class\":\"\",\"input_limit\":\"\",\"input_limit_type\":\"characters\",\"input_limit_msg\":\"Liczba pozosta\\u0142ych znak\\u00f3w:\",\"manual_key\":\"\",\"admin_label\":\"\",\"help_text\":\"\",\"mask\":\"\",\"custom_mask\":\"\",\"custom_name_attribute\":\"phone\",\"personally_identifiable\":1,\"wrap_styles_border\":\"\",\"wrap_styles_width\":\"\",\"wrap_styles_margin\":\"\",\"wrap_styles_padding\":\"\",\"wrap_styles_float\":\"\",\"wrap_styles_show_advanced_css\":0,\"label_styles_border\":\"\",\"label_styles_width\":\"\",\"label_styles_font-size\":\"\",\"label_styles_margin\":\"\",\"label_styles_padding\":\"\",\"label_styles_float\":\"\",\"label_styles_show_advanced_css\":0,\"element_styles_border\":\"\",\"element_styles_width\":\"\",\"element_styles_font-size\":\"\",\"element_styles_margin\":\"\",\"element_styles_padding\":\"\",\"element_styles_float\":\"\",\"element_styles_show_advanced_css\":0,\"cellcid\":\"c3386\",\"value\":\"\",\"field_label\":\"Numer telefonu\",\"field_key\":\"phone_1640098023980\",\"drawerDisabled\":false,\"id\":8,\"beforeField\":\"\",\"afterField\":\"\",\"parentType\":\"textbox\",\"element_templates\":[\"tel\",\"textbox\",\"input\"],\"old_classname\":\"\",\"wrap_template\":\"wrap\"},{\"objectType\":\"Field\",\"objectDomain\":\"fields\",\"editActive\":false,\"order\":2,\"idAttribute\":\"id\",\"type\":\"email\",\"label\":\"Adres e-mail\",\"key\":\"adres_e-mail_1667919839452\",\"label_pos\":\"above\",\"required\":1,\"default\":\"\",\"placeholder\":\"Adres e-mail\",\"container_class\":\"\",\"element_class\":\"\",\"admin_label\":\"\",\"help_text\":\"\",\"custom_name_attribute\":\"email\",\"personally_identifiable\":1,\"wrap_styles_border\":\"\",\"wrap_styles_width\":\"\",\"wrap_styles_margin\":\"\",\"wrap_styles_padding\":\"\",\"wrap_styles_float\":\"\",\"wrap_styles_show_advanced_css\":0,\"label_styles_border\":\"\",\"label_styles_width\":\"\",\"label_styles_font-size\":\"\",\"label_styles_margin\":\"\",\"label_styles_padding\":\"\",\"label_styles_float\":\"\",\"label_styles_show_advanced_css\":0,\"element_styles_border\":\"\",\"element_styles_width\":\"\",\"element_styles_font-size\":\"\",\"element_styles_margin\":\"\",\"element_styles_padding\":\"\",\"element_styles_float\":\"\",\"element_styles_show_advanced_css\":0,\"cellcid\":\"c3389\",\"value\":\"\",\"drawerDisabled\":false,\"field_label\":\"E-mail\",\"field_key\":\"email_1640098026199\",\"id\":9,\"beforeField\":\"\",\"afterField\":\"\",\"parentType\":\"email\",\"element_templates\":[\"email\",\"input\"],\"old_classname\":\"\",\"wrap_template\":\"wrap\"},{\"objectType\":\"Field\",\"objectDomain\":\"fields\",\"editActive\":false,\"order\":3,\"idAttribute\":\"id\",\"type\":\"submit\",\"label\":\"Zapisz mnie\",\"processing_label\":\"W trakcie realizacji\",\"container_class\":\"\",\"element_class\":\"\",\"key\":\"zapisz_mnie_1667919853255\",\"wrap_styles_border\":\"\",\"wrap_styles_width\":\"\",\"wrap_styles_margin\":\"\",\"wrap_styles_padding\":\"\",\"wrap_styles_float\":\"\",\"wrap_styles_show_advanced_css\":0,\"element_styles_border\":\"\",\"element_styles_width\":\"\",\"element_styles_font-size\":\"\",\"element_styles_margin\":\"\",\"element_styles_padding\":\"\",\"element_styles_float\":\"\",\"element_styles_show_advanced_css\":0,\"submit_element_hover_styles_border\":\"\",\"submit_element_hover_styles_width\":\"\",\"submit_element_hover_styles_font-size\":\"\",\"submit_element_hover_styles_margin\":\"\",\"submit_element_hover_styles_padding\":\"\",\"submit_element_hover_styles_float\":\"\",\"submit_element_hover_styles_show_advanced_css\":0,\"cellcid\":\"c3391\",\"drawerDisabled\":false,\"field_label\":\"Zamawiam rozmow\\u0119\",\"field_key\":\"zamawiam_rozmowe_1640098067453\",\"id\":10,\"beforeField\":\"\",\"afterField\":\"\",\"value\":\"\",\"label_pos\":\"above\",\"parentType\":\"textbox\",\"element_templates\":[\"submit\",\"button\",\"input\"],\"old_classname\":\"\",\"wrap_template\":\"wrap-no-label\"}];nfForms.push(form);<\/script>\n                <script id=\"nf-tmpl-cell\" type=\"text\/template\">\n            <nf-fields><\/nf-fields>\n        <\/script>\n\n        <script id=\"nf-tmpl-row\" type=\"text\/template\">\n            <nf-cells><\/nf-cells>\n        <\/script>\n\n                <img loading=\"lazy\" decoding=\"async\" width=\"1500\" height=\"705\" src=\"https:\/\/www.koronakarkonoszy.pl\/blog\/wp-content\/uploads\/2022\/06\/Dwor-Korona-Karkonoszy.jpg\" class=\"attachment-full size-full\" alt=\"\" srcset=\"https:\/\/www.koronakarkonoszy.pl\/blog\/wp-content\/uploads\/2022\/06\/Dwor-Korona-Karkonoszy.jpg 1500w, https:\/\/www.koronakarkonoszy.pl\/blog\/wp-content\/uploads\/2022\/06\/Dwor-Korona-Karkonoszy-300x141.jpg 300w, https:\/\/www.koronakarkonoszy.pl\/blog\/wp-content\/uploads\/2022\/06\/Dwor-Korona-Karkonoszy-1024x481.jpg 1024w, https:\/\/www.koronakarkonoszy.pl\/blog\/wp-content\/uploads\/2022\/06\/Dwor-Korona-Karkonoszy-768x361.jpg 768w\" sizes=\"auto, (max-width: 1500px) 100vw, 1500px\" \/>        <\/div> \n    <\/div>\n<\/div>\n\n\n\n<p>Zanim wybierzecie si\u0119 na niezobowi\u0105zuj\u0105ce spotkanie ustalcie, jakim bud\u017cetem dysponujecie. Sala weselna jest bez w\u0105tpienia jednym z najwi\u0119kszych weselnych wydatk\u00f3w, dlatego poszukajcie takiej, kt\u00f3ra rzeczywi\u015bcie spe\u0142ni Wasze oczekiwania, a jednocze\u015bnie b\u0119dzie w zasi\u0119gu Waszych mo\u017cliwo\u015bci finansowych.&nbsp;Zwr\u00f3\u0107cie przy tym uwag\u0119 nie tylko na cen\u0119 wynajmu sali weselnej, lecz tak\u017ce dodatkowe op\u0142aty. Chodzi tutaj przede wszystkim o dekoracje, tort, alkohol i napoje.<\/p>\n\n\n\n<figure class=\"wp-block-image size-large\"><img loading=\"lazy\" decoding=\"async\" width=\"1024\" height=\"683\" src=\"https:\/\/www.koronakarkonoszy.pl\/blog\/wp-content\/uploads\/2022\/06\/Slub-1024x683.jpg\" alt=\"\" class=\"wp-image-4173\" srcset=\"https:\/\/www.koronakarkonoszy.pl\/blog\/wp-content\/uploads\/2022\/06\/Slub-1024x683.jpg 1024w, https:\/\/www.koronakarkonoszy.pl\/blog\/wp-content\/uploads\/2022\/06\/Slub-300x200.jpg 300w, https:\/\/www.koronakarkonoszy.pl\/blog\/wp-content\/uploads\/2022\/06\/Slub-768x512.jpg 768w, https:\/\/www.koronakarkonoszy.pl\/blog\/wp-content\/uploads\/2022\/06\/Slub-1920x1280.jpg 1920w, https:\/\/www.koronakarkonoszy.pl\/blog\/wp-content\/uploads\/2022\/06\/Slub-1536x1024.jpg 1536w, https:\/\/www.koronakarkonoszy.pl\/blog\/wp-content\/uploads\/2022\/06\/Slub-2048x1366.jpg 2048w\" sizes=\"auto, (max-width: 1024px) 100vw, 1024px\" \/><figcaption class=\"wp-element-caption\"><strong>Para M\u0142oda <\/strong><\/figcaption><\/figure>\n\n\n\n<h2 class=\"wp-block-heading\"><strong>Ile kosztuje sala weselna<\/strong>?<\/h2>\n\n\n\n<p>Od czego zale\u017cy <strong>koszt sali weselnej<\/strong>? To jedno z tych pyta\u0144, kt\u00f3re najcz\u0119\u015bciej nurtuje Pary M\u0142ode. Jaki wydatek trzeba ponie\u015b\u0107, by m\u00f3c zorganizowa\u0107 imprez\u0119 w wymarzonej sali weselnej? Oczywi\u015bcie nie spos\u00f3b poda\u0107 konkretnej kwoty. Na koszt sali weselnej wp\u0142ywa wiele czynnik\u00f3w. Za co p\u0142acimy? Przede wszystkim za lokalizacj\u0119. w drugiej kolejno\u015bci &#8211; za renom\u0119 obiektu. Tak\u017ce za do\u015bwiadczenie organizator\u00f3w. I jeszcze za wystr\u00f3j sali oraz za obs\u0142ug\u0119.<\/p>\n\n\n\n<p>Jak unikn\u0105\u0107 dodatkowych koszt\u00f3w? Aby unikn\u0105\u0107 ukrytych koszt\u00f3w, zapytajcie, czy w cen\u0119 wliczony jest wystr\u00f3j pomieszczenia i sto\u0142\u00f3w, a tak\u017ce pokrowce na krzes\u0142a. Przy okazji ustalcie, gdzie znajduje si\u0119 miejsce dla zespo\u0142u muzycznego lub DJ-a, oraz dla sto\u0142u wiejskiego, czy s\u0142odkiego. Je\u015bli pomys\u0142 w\u0142a\u015bciciela lub managera niekoniecznie przypad\u0142 Wam do gustu, zaproponujcie inne rozwi\u0105zanie.<\/p>\n\n\n<section id=\"leonardo-block_d314bf0271d60730b394b26936f7c1d6\" class=\"leonardo page-breaker leonardo-image-left\">\r\n    <div class=\"leonardo-body\">\r\n        <h2 class=\"leonardo-title\" id=\"h-koszty-sali-weselnej\">Koszty sali weselnej <\/h2>        <div class=\"leonardo-content\"><p><!-- wp:paragraph --><\/p>\n<p>Oczywi\u015bcie, powinni\u015bcie si\u0119 dowiedzie\u0107,<strong> ile kosztuje sala weselna.<\/strong> W ten spos\u00f3b mo\u017cecie sprawdzi\u0107, czy dany lokal wpisuje si\u0119 w Wasz bud\u017cet. Zastanawiacie si\u0119, na co zwr\u00f3ci\u0107 uwag\u0119 podczas czytania <a href=\"https:\/\/www.koronakarkonoszy.pl\/blog\/umowa-na-wesele-na-co-zwrocic-uwage\/\" target=\"_blank\" rel=\"noreferrer noopener\">umowy na wesele<\/a>? We wspomnianym dokumencie znajduj\u0105 si\u0119 r\u00f3\u017cne kruczki, kt\u00f3re nale\u017cy w\u0142a\u015bciwie zinterpretowa\u0107, by unikn\u0105\u0107 zaskoczenia.<\/p>\n<p><!-- \/wp:paragraph --> <!-- wp:paragraph --><\/p>\n<p>Sprawd\u017acie, czy musicie wp\u0142aci\u0107 zaliczk\u0119, w jakiej wysoko\u015bci, do kiedy i na jakie konto. Przy okazji ustalcie, czy pozosta\u0142\u0105 kwot\u0119 musicie uregulowa\u0107 zaraz po przyj\u0119ciu, czy nast\u0119pnego dnia. W ten spos\u00f3b unikniecie niezr\u0119cznej sytuacji. Zanim zarezerwujecie sal\u0119 weseln\u0105, zapytajcie, kiedy mo\u017cecie odzyska\u0107 zaliczk\u0119 w razie wypowiedzenia umowy.<\/p>\n<p><!-- \/wp:paragraph --><\/p>\n<\/div>\r\n            <\/div>\r\n    <div class=\"leonardo-image\">\r\n        <img loading=\"lazy\" decoding=\"async\" width=\"1920\" height=\"1280\" src=\"https:\/\/www.koronakarkonoszy.pl\/blog\/wp-content\/uploads\/2022\/05\/eleganckie-wesele-1.jpg\" class=\"attachment-full size-full\" alt=\"eleganckie wesele: wystr\u00f3j sali\" srcset=\"https:\/\/www.koronakarkonoszy.pl\/blog\/wp-content\/uploads\/2022\/05\/eleganckie-wesele-1.jpg 1920w, https:\/\/www.koronakarkonoszy.pl\/blog\/wp-content\/uploads\/2022\/05\/eleganckie-wesele-1-300x200.jpg 300w, https:\/\/www.koronakarkonoszy.pl\/blog\/wp-content\/uploads\/2022\/05\/eleganckie-wesele-1-1024x683.jpg 1024w, https:\/\/www.koronakarkonoszy.pl\/blog\/wp-content\/uploads\/2022\/05\/eleganckie-wesele-1-768x512.jpg 768w, https:\/\/www.koronakarkonoszy.pl\/blog\/wp-content\/uploads\/2022\/05\/eleganckie-wesele-1-1536x1024.jpg 1536w\" sizes=\"auto, (max-width: 1920px) 100vw, 1920px\" \/>            <\/div>\r\n<\/section>\n\n\n<p>Sprawd\u017acie r\u00f3wnie\u017c, czy w lokalu znajduj\u0105 si\u0119 okr\u0105g\u0142e, czy prostok\u0105tne stoliki. Czy stoj\u0105 w sta\u0142ej konfiguracji, czy mo\u017cna zmodyfikowa\u0107 uk\u0142ad? Jakie opcje s\u0105 dost\u0119pne, je\u015bli chodzi o <a href=\"https:\/\/www.koronakarkonoszy.pl\/blog\/ustawienie-stolow-na-weselu\/\" target=\"_blank\" rel=\"noreferrer noopener\">ustawienie sto\u0142\u00f3w na weselu<\/a>? Takie informacje przydadz\u0105 si\u0119 Wam przy usadzaniu go\u015bci weselnych.<\/p>\n\n\n\n<p>Cena sali weselnej to niew\u0105tpliwie powa\u017cny punkt w bud\u017cecie \u015blubnym. Jeden z bardziej znacz\u0105cych element\u00f3w <a href=\"https:\/\/www.koronakarkonoszy.pl\/blog\/kosztorys-wesela\/\" target=\"_blank\" rel=\"noreferrer noopener\">kosztorysu wesela<\/a>. Jednak nie warto na nim oszcz\u0119dza\u0107. Odpowiednio dobrana sala weselna w du\u017cej mierze decyduje o powodzeniu ca\u0142ej imprezy!<\/p>\n\n\n<div class=\"wp-block-image\">\n<figure class=\"alignleft size-large\"><img loading=\"lazy\" decoding=\"async\" width=\"1024\" height=\"683\" src=\"https:\/\/www.koronakarkonoszy.pl\/blog\/wp-content\/uploads\/2022\/06\/sala-weselna-Dwor-Korona-Karkonoszy-1024x683.jpg\" alt=\"\" class=\"wp-image-4414\" srcset=\"https:\/\/www.koronakarkonoszy.pl\/blog\/wp-content\/uploads\/2022\/06\/sala-weselna-Dwor-Korona-Karkonoszy-1024x683.jpg 1024w, https:\/\/www.koronakarkonoszy.pl\/blog\/wp-content\/uploads\/2022\/06\/sala-weselna-Dwor-Korona-Karkonoszy-300x200.jpg 300w, https:\/\/www.koronakarkonoszy.pl\/blog\/wp-content\/uploads\/2022\/06\/sala-weselna-Dwor-Korona-Karkonoszy-768x512.jpg 768w, https:\/\/www.koronakarkonoszy.pl\/blog\/wp-content\/uploads\/2022\/06\/sala-weselna-Dwor-Korona-Karkonoszy.jpg 1254w\" sizes=\"auto, (max-width: 1024px) 100vw, 1024px\" \/><figcaption class=\"wp-element-caption\"><strong><a href=\"https:\/\/www.koronakarkonoszy.pl\/\" target=\"_blank\" rel=\"noreferrer noopener\">Dw\u00f3r Korona Karkonoszy <\/a>&#8211; organizujemy wyj\u0105tkowe wesela<\/strong> \u2665<\/figcaption><\/figure>\n<\/div>\n\n\n<h2 class=\"wp-block-heading\" id=\"ha-korkowe-na-weselu\">Korkowe na weselu<\/h2>\n\n\n\n<p>Pytania sala weselna &#8211; jakie nale\u017cy zada\u0107? Przede wszystkim podczas rozmowy z w\u0142a\u015bcicielem lub managerem dowiedzcie si\u0119, w jaki spos\u00f3b naliczane jest <a href=\"https:\/\/www.koronakarkonoszy.pl\/blog\/korkowe-na-weselu\/\" target=\"_blank\" rel=\"noreferrer noopener\">korkowe na weselu<\/a>. Zastan\u00f3wcie si\u0119, czy proponowane rozwi\u0105zanie zbytnio nie nadwyr\u0119\u017cy Waszego bud\u017cetu. Korkowe obejmuje nie tylko r\u00f3\u017cne rodzaje wina, lecz tak\u017ce w\u00f3dk\u0119, koniak, whisky, czy brandy. W tym przypadku p\u0142acimy za mo\u017cliwo\u015b\u0107 wniesienia w\u0142asnego alkoholu, serwowanego przez kelner\u00f3w w czasie przyj\u0119cia.<\/p>\n\n\n\n<p>W\u0142a\u015bciciele dom\u00f3w weselnych mog\u0105 pobiera\u0107 op\u0142aty za:<\/p>\n\n\n\n<ul class=\"wp-block-list\">\n<li>wniesione butelki na sal\u0119,<\/li>\n\n\n\n<li>otwarte butelki,<\/li>\n\n\n\n<li>z g\u00f3ry, niezale\u017cnie od liczby wniesionych i otwartych butelek.<\/li>\n<\/ul>\n\n\n\n<figure class=\"wp-block-image size-full\"><img loading=\"lazy\" decoding=\"async\" width=\"800\" height=\"534\" src=\"https:\/\/www.koronakarkonoszy.pl\/blog\/wp-content\/uploads\/2021\/07\/jak-wybrac-alkohol-na-wesele.jpg\" alt=\"jaki alkohol na wesele\" class=\"wp-image-392\" srcset=\"https:\/\/www.koronakarkonoszy.pl\/blog\/wp-content\/uploads\/2021\/07\/jak-wybrac-alkohol-na-wesele.jpg 800w, https:\/\/www.koronakarkonoszy.pl\/blog\/wp-content\/uploads\/2021\/07\/jak-wybrac-alkohol-na-wesele-300x200.jpg 300w, https:\/\/www.koronakarkonoszy.pl\/blog\/wp-content\/uploads\/2021\/07\/jak-wybrac-alkohol-na-wesele-768x513.jpg 768w\" sizes=\"auto, (max-width: 800px) 100vw, 800px\" \/><figcaption class=\"wp-element-caption\"><strong>Alkohol na wesele <\/strong><\/figcaption><\/figure>\n\n\n\n<h2 class=\"wp-block-heading\" id=\"ha-tania-sala-weselna-czy-to-mozliwe\">Tania sala weselna \u2013 czy to mo\u017cliwe?<\/h2>\n\n\n\n<p>Czy poj\u0119cie <strong>&#8222;tania sala weselna&#8221;<\/strong> to aby nie oksymoron? Podobnie jak sucha woda czy gor\u0105cy l\u00f3d? Czy sala weselna mo\u017ce by\u0107 tania? Gdy spytamy o szczeg\u00f3\u0142y, mo\u017ce okaza\u0107 si\u0119, \u017ce wynajmujemy jedynie mury. A za ca\u0142\u0105 reszt\u0119, w\u0142\u0105cznie ze sprz\u0105taniem, kosztami pr\u0105du, gazu i wody trzeba zap\u0142aci\u0107 ekstra. Poza tym sami musimy zadba\u0107 o kucharzy, kelner\u00f3w i menu. A wi\u0119c ostatecznie mo\u017ce okaza\u0107 si\u0119, \u017ce tania sala weselna by\u0142a bardzo droga\u2026 Zw\u0142aszcza doliczaj\u0105c stracony czas i nerwy.<\/p>\n\n\n<section id=\"leonardo-block_725caf6633039d3bab378204b3d80f10\" class=\"leonardo page-breaker leonardo-image-right\">\r\n    <div class=\"leonardo-body\">\r\n        <h2 class=\"leonardo-title\" id=\"h-koszt-sali-weselnej\">Koszt sali weselnej <\/h2>        <div class=\"leonardo-content\"><p>W prza\u015bnych czasach PRL-u funkcje sal weselnych odgrywa\u0142y wiejskie remizy, sto\u0142\u00f3wki szkolne, \u015bwietlice. Jednak dzi\u015b marzy nam si\u0119 co\u015b wi\u0119cej. Zwykle chcemy wynaj\u0105\u0107 eleganck\u0105, stylow\u0105 sal\u0119 weseln\u0105, w kt\u00f3rej b\u0119dziemy si\u0119 dobrze bawi\u0107. I kt\u00f3ra dobrze prezentowa\u0107 si\u0119 b\u0119dzie na zdj\u0119ciach. Czy mo\u017ce wi\u0119c by\u0107 tanio? Zwykle <strong>koszt sali weselnej<\/strong> liczony jest od tak zwanego talerzyka. Oczywi\u015bcie do tej kwoty nale\u017cy jeszcze doliczy\u0107 sam koszt wynajmu sali na wesele. W sumie kwota, jak\u0105 trzeba zap\u0142aci\u0107, uzale\u017cniona jest przede wszystkim od lokalizacji lokalu, jego poziomu, liczby i rodzaju serwowanych potraw oraz czasu trwania przyj\u0119cia.<\/p>\n<\/div>\r\n            <\/div>\r\n    <div class=\"leonardo-image\">\r\n        <img loading=\"lazy\" decoding=\"async\" width=\"1920\" height=\"1280\" src=\"https:\/\/www.koronakarkonoszy.pl\/blog\/wp-content\/uploads\/2022\/02\/visual-stories-micheile-ZVprbBmT8QA-unsplash.jpg\" class=\"attachment-full size-full\" alt=\"\" srcset=\"https:\/\/www.koronakarkonoszy.pl\/blog\/wp-content\/uploads\/2022\/02\/visual-stories-micheile-ZVprbBmT8QA-unsplash.jpg 1920w, https:\/\/www.koronakarkonoszy.pl\/blog\/wp-content\/uploads\/2022\/02\/visual-stories-micheile-ZVprbBmT8QA-unsplash-300x200.jpg 300w, https:\/\/www.koronakarkonoszy.pl\/blog\/wp-content\/uploads\/2022\/02\/visual-stories-micheile-ZVprbBmT8QA-unsplash-1024x683.jpg 1024w, https:\/\/www.koronakarkonoszy.pl\/blog\/wp-content\/uploads\/2022\/02\/visual-stories-micheile-ZVprbBmT8QA-unsplash-768x512.jpg 768w, https:\/\/www.koronakarkonoszy.pl\/blog\/wp-content\/uploads\/2022\/02\/visual-stories-micheile-ZVprbBmT8QA-unsplash-1536x1024.jpg 1536w\" sizes=\"auto, (max-width: 1920px) 100vw, 1920px\" \/>            <\/div>\r\n<\/section>\n\n\n<p>W sprawdzonych o\u015brodkach mamy szans\u0119 zleci\u0107 wszystko managerowi obiektu. Nie tylko zadba o podstawowe kwestie, ale te\u017c znajdzie podwykonawc\u00f3w i zorganizuje dodatkowe atrakcje na wesele. Oczywi\u015bcie takie profesjonalne us\u0142ugi wp\u0142ywaj\u0105 na koszt imprezy, ale za to mamy pewno\u015b\u0107, \u017ce wszystko b\u0119dzie dopi\u0119te na ostatni guzik i nic nam nie umknie.<\/p>\n\n\n\n<h2 class=\"wp-block-heading\" id=\"ha-rezerwacja-sali-weselnej-o-czym-nalezy-pamietac\">Rezerwacja sali weselnej &#8211; o czym nale\u017cy pami\u0119ta\u0107?<\/h2>\n\n\n\n<p>Je\u015bli wybrali\u015bcie dat\u0119 \u015blubu, musicie zmierzy\u0107 si\u0119 z kolejnym wyzwaniem. <a href=\"https:\/\/www.koronakarkonoszy.pl\/blog\/gdzie-wesele-czyli-jak-wybrac-miejsce-na-organizacje-slubu-i-wesela\/\" target=\"_blank\" rel=\"noreferrer noopener\">Gdzie wesele<\/a>? Podpowiadamy, czym kierowa\u0107 si\u0119 przy wyborze sali. Pami\u0119tajcie, \u017ce cena nie powinna by\u0107 jedynym wyznacznikiem. Zwr\u00f3\u0107cie te\u017c uwag\u0119 na wystr\u00f3j lokalu, menu, lokalizacj\u0119, baz\u0119 noclegow\u0105, ale tak\u017ce na \u201echemi\u0119\u201d mi\u0119dzy Wami a obs\u0142ug\u0105.<\/p>\n\n\n\n<p>Zanim zarezerwujecie sal\u0119 weseln\u0105 na Dolnym \u015al\u0105sku czy gdziekolwiek planujecie wesele, zastan\u00f3wcie si\u0119, czy odpowiada Wam jej wielko\u015b\u0107 i ustawno\u015b\u0107, a tak\u017ce podej\u015bcie obs\u0142ugi. Zdajemy sobie spraw\u0119, \u017ce organizacja uroczysto\u015bci wymaga podj\u0119cia wielu decyzji, dlatego im wi\u0119ksze wsparcie otrzymacie, z tym wi\u0119kszym spokojem b\u0119dziecie prze\u017cywa\u0107 Wasz najwa\u017cniejszy dzie\u0144 w \u017cyciu.<\/p>\n\n\n<section id=\"leonardo-block_c78a6484027019879eda38e0e19c5c1b\" class=\"leonardo page-breaker leonardo-image-left\">\r\n    <div class=\"leonardo-body\">\r\n        <h2 class=\"leonardo-title\" id=\"h-rozmiar-ma-znaczenie\">Rozmiar ma znaczenie&#8230; <\/h2>        <div class=\"leonardo-content\"><p><!-- wp:paragraph --><\/p>\n<p><strong>Wymiary sali weselnej<\/strong> nie s\u0105 nigdzie \u015bci\u015ble okre\u015blone. To od nas i od liczby przewidzianych go\u015bci zale\u017cy, jak\u0105 sal\u0119 wybierzemy. Mo\u017cna stosowa\u0107 r\u00f3\u017cne przeliczniki, na przyk\u0142ad liczb\u0119 os\u00f3b na metr kwadratowy. Mog\u0105 one by\u0107 pomocne w doborze odpowiedniej wielko\u015bci sali do planowanego wesela.<\/p>\n<p><!-- \/wp:paragraph --> <!-- wp:paragraph --><\/p>\n<p>Na pewno nie mo\u017ce ona by\u0107 zbyt ma\u0142a. Je\u015bli na weselu b\u0119dzie ciasno, to nikt nie b\u0119dzie si\u0119 czu\u0107 do ko\u0144ca komfortowo. Wszyscy skupi\u0105 si\u0119 raczej na tym, \u017ceby nie potr\u0105ca\u0107 s\u0105siad\u00f3w przy stole, a na parkiecie innych tancerzy. Ponadto w niedu\u017cej, a do tego zbyt niskiej sali mo\u017cemy mie\u0107 wra\u017cenie, \u017ce jest duszno, brakuje powietrza. Z kolei zbyt du\u017ca sala przy ma\u0142ej liczbie go\u015bci mo\u017ce niekt\u00f3rym wyda\u0107 si\u0119 zbyt pusta, przyt\u0142aczaj\u0105ca. Wysoko\u015b\u0107 sali ma te\u017c wp\u0142yw na akustyk\u0119. W wy\u017cszej sali \u0142atwiej te\u017c zawiesi\u0107 dekoracje, czy zastosowa\u0107 jakie\u015b niecodzienne aran\u017cacje.<\/p>\n<p><!-- \/wp:paragraph --> <!-- wp:paragraph --><\/p>\n<p>W miejscach, gdzie odby\u0142o si\u0119 ju\u017c du\u017co imprez, obs\u0142uga ma do\u015bwiadczenie i doskonale orientuje si\u0119, na ile os\u00f3b mo\u017cna zorganizowa\u0107 wesele. Ponadto wie, jak zmieniaj\u0105c uk\u0142ad sto\u0142\u00f3w czy dekoracji sprawi\u0107, by sala wydawa\u0142a si\u0119 idealnie dopasowana do liczby go\u015bci.<\/p>\n<p><!-- \/wp:paragraph --><\/p>\n<\/div>\r\n            <\/div>\r\n    <div class=\"leonardo-image\">\r\n        <img loading=\"lazy\" decoding=\"async\" width=\"2560\" height=\"1707\" src=\"https:\/\/www.koronakarkonoszy.pl\/blog\/wp-content\/uploads\/2022\/07\/013i-scaled.jpg\" class=\"attachment-full size-full\" alt=\"\" srcset=\"https:\/\/www.koronakarkonoszy.pl\/blog\/wp-content\/uploads\/2022\/07\/013i-scaled.jpg 2560w, https:\/\/www.koronakarkonoszy.pl\/blog\/wp-content\/uploads\/2022\/07\/013i-300x200.jpg 300w, https:\/\/www.koronakarkonoszy.pl\/blog\/wp-content\/uploads\/2022\/07\/013i-1024x683.jpg 1024w, https:\/\/www.koronakarkonoszy.pl\/blog\/wp-content\/uploads\/2022\/07\/013i-768x512.jpg 768w, https:\/\/www.koronakarkonoszy.pl\/blog\/wp-content\/uploads\/2022\/07\/013i-1920x1280.jpg 1920w, https:\/\/www.koronakarkonoszy.pl\/blog\/wp-content\/uploads\/2022\/07\/013i-1536x1024.jpg 1536w, https:\/\/www.koronakarkonoszy.pl\/blog\/wp-content\/uploads\/2022\/07\/013i-2048x1365.jpg 2048w\" sizes=\"auto, (max-width: 2560px) 100vw, 2560px\" \/>            <\/div>\r\n<\/section>\n\n\n<h2 class=\"wp-block-heading\" id=\"ha-jak-znalezc-romantyczne-miejsce-na-wesele\">Jak znale\u017a\u0107 romantyczne miejsce na wesele?<\/h2>\n\n\n\n<p>Koralowa sala weselna to marzenie wielu par. Je\u015bli w dodatku jest zlokalizowana w niesamowitej scenerii, skradnie serca nie tylko romantycznym parom. W nastrojowym, przestronnym wn\u0119trzu mo\u017cna urz\u0105dzi\u0107 zar\u00f3wno klasyczne przyj\u0119cie, jak i w stylu glamour.<\/p>\n\n\n\n<p>Marzycie o tym, aby zorganizowa\u0107 niezapomniane wesele w stolicy Karkonoszy? Szukacie obiektu weselnego, z kt\u00f3rego rozpo\u015bciera si\u0119 magiczny widok na g\u00f3ry? Wszystko to zapewnia Dw\u00f3r Korona Karkonoszy. W <a href=\"https:\/\/www.koronakarkonoszy.pl\/blog\/sala-weselna-w-gorach\/\" target=\"_blank\" rel=\"noreferrer noopener\">sali weselnej w g\u00f3rach <\/a>mo\u017cecie zorganizowa\u0107 nie tylko przyj\u0119cie w stylu folkowym, lecz tak\u017ce glamour, rustykalnym, boho, czy klasycznym. <\/p>\n\n\n<div class=\"wp-block-image\">\n<figure class=\"alignleft size-full\"><img loading=\"lazy\" decoding=\"async\" width=\"960\" height=\"640\" src=\"https:\/\/www.koronakarkonoszy.pl\/blog\/wp-content\/uploads\/2022\/06\/sala-weselna-balowa.jpg\" alt=\"\" class=\"wp-image-4412\" srcset=\"https:\/\/www.koronakarkonoszy.pl\/blog\/wp-content\/uploads\/2022\/06\/sala-weselna-balowa.jpg 960w, https:\/\/www.koronakarkonoszy.pl\/blog\/wp-content\/uploads\/2022\/06\/sala-weselna-balowa-300x200.jpg 300w, https:\/\/www.koronakarkonoszy.pl\/blog\/wp-content\/uploads\/2022\/06\/sala-weselna-balowa-768x512.jpg 768w\" sizes=\"auto, (max-width: 960px) 100vw, 960px\" \/><figcaption class=\"wp-element-caption\"><strong><a href=\"https:\/\/www.koronakarkonoszy.pl\/sala-weselna\/\" target=\"_blank\" rel=\"noreferrer noopener\">Dworska Sala Balowa &#8211; Dw\u00f3r Korona Karkonoszy<\/a>. Zapraszamy<\/strong> \u2665<\/figcaption><\/figure>\n<\/div>\n\n\n<p>Zastanawiacie si\u0119, czym zaskoczy\u0107 rodzin\u0119 i znajomych? Mo\u017cecie wypo\u017cyczy\u0107 fotobudk\u0119 lub zorganizowa\u0107 s\u0142odki st\u00f3\u0142. Albo rybny lub wiejski, zale\u017cnie od Waszej fantazji i upodoba\u0144 go\u015bci. Pomy\u015blcie te\u017c o tym, \u017ceby zatrudni\u0107 prawdziw\u0105 g\u00f3ralsk\u0105 kapel\u0119 \u2013 zabawa taneczna przy takiej muzyce z pewno\u015bci\u0105 b\u0119dzie wspania\u0142a!<\/p>\n\n\n\n<h2 class=\"wp-block-heading\" id=\"ha-sala-weselna-wroclaw\">Sala weselna Wroc\u0142aw<\/h2>\n\n\n\n<p>Sala weselna \u2013 Wroc\u0142aw czy okolice? Zanim zdecydujecie si\u0119 na <strong>wynajem sali weselnej we Wroc\u0142awiu<\/strong> czy gdziekolwiek indziej, dowiedzcie si\u0119, ile trzeba zap\u0142aci\u0107 za talerzyk. Przy okazji sprawd\u017acie, jakie udogodnienia wchodz\u0105 w sk\u0142ad ceny. Je\u015bli chcecie zorganizowa\u0107 wiejski st\u00f3\u0142 lub k\u0105cik ze s\u0142odko\u015bciami, zapytajcie, ile wynosi ca\u0142kowity koszt organizacji.&nbsp;<\/p>\n\n\n\n<figure class=\"wp-block-image size-large\"><img loading=\"lazy\" decoding=\"async\" width=\"1024\" height=\"688\" src=\"https:\/\/www.koronakarkonoszy.pl\/blog\/wp-content\/uploads\/2022\/06\/wroclaw-1-1024x688.jpg\" alt=\"\" class=\"wp-image-5213\" srcset=\"https:\/\/www.koronakarkonoszy.pl\/blog\/wp-content\/uploads\/2022\/06\/wroclaw-1-1024x688.jpg 1024w, https:\/\/www.koronakarkonoszy.pl\/blog\/wp-content\/uploads\/2022\/06\/wroclaw-1-300x201.jpg 300w, https:\/\/www.koronakarkonoszy.pl\/blog\/wp-content\/uploads\/2022\/06\/wroclaw-1-768x516.jpg 768w, https:\/\/www.koronakarkonoszy.pl\/blog\/wp-content\/uploads\/2022\/06\/wroclaw-1.jpg 1175w\" sizes=\"auto, (max-width: 1024px) 100vw, 1024px\" \/><figcaption class=\"wp-element-caption\"><strong>Wroc\u0142awski Rynek <\/strong><\/figcaption><\/figure>\n\n\n\n<p>Zwykle w du\u017cych miastach ceny wynajmu sal i \u201etalerzyka\u201d s\u0105 wy\u017csze ni\u017c w okolicy. Tak wi\u0119c przygotowuj\u0105c bud\u017cet \u015blubny,&nbsp; koniecznie uwzgl\u0119dnijcie w nim przynajmniej kilkunastoprocentowy zapas. Dzi\u0119ki temu nie b\u0119dziecie musieli z niczego rezygnowa\u0107. Pami\u0119tajcie, \u017ceby wybra\u0107 wcze\u015bniej motyw przewodni, w ten spos\u00f3b mo\u017cecie zaw\u0119zi\u0107 pole poszukiwa\u0144, a tym samym \u0142atwiej podejmiecie decyzj\u0119.<strong><\/strong><\/p>\n\n\n\n<h2 class=\"wp-block-heading\"><strong>Sala weselna Dolny \u015al\u0105sk<\/strong><\/h2>\n\n\n\n<p>Mo\u017ce warto rozwa\u017cy\u0107 urz\u0105dzenie wesela niedaleko Wroc\u0142awia, a nie w samej stolicy Dolnego \u015al\u0105ska? Dlaczego? Po pierwsze, b\u0119dzie taniej. Po drugie, b\u0119dzie wi\u0119kszy wyb\u00f3r sal weselnych. W Dolinie Pa\u0142ac\u00f3w i Ogrod\u00f3w w Kotlinie Jeleniog\u00f3rskiej, oko\u0142o 100 km od Wroc\u0142awia, znajdziemy mn\u00f3stwo sal w dworach, zamkach i pa\u0142acach. Wi\u0119c je\u015bli szukacie pi\u0119knej sali weselnej, zlokalizowanej w magicznej okolicy, wybierzcie tereny wok\u00f3\u0142 <strong>Karpacza<\/strong>.<\/p>\n\n\n\n<figure class=\"wp-block-image size-large\"><img loading=\"lazy\" decoding=\"async\" width=\"1024\" height=\"683\" src=\"https:\/\/www.koronakarkonoszy.pl\/blog\/wp-content\/uploads\/2022\/05\/slub-Jelenia-Gora-1024x683.jpg\" alt=\"\u015blub Jelenia G\u00f3ra - panorama\" class=\"wp-image-3861\" srcset=\"https:\/\/www.koronakarkonoszy.pl\/blog\/wp-content\/uploads\/2022\/05\/slub-Jelenia-Gora-1024x683.jpg 1024w, https:\/\/www.koronakarkonoszy.pl\/blog\/wp-content\/uploads\/2022\/05\/slub-Jelenia-Gora-300x200.jpg 300w, https:\/\/www.koronakarkonoszy.pl\/blog\/wp-content\/uploads\/2022\/05\/slub-Jelenia-Gora-768x512.jpg 768w, https:\/\/www.koronakarkonoszy.pl\/blog\/wp-content\/uploads\/2022\/05\/slub-Jelenia-Gora-1536x1024.jpg 1536w, https:\/\/www.koronakarkonoszy.pl\/blog\/wp-content\/uploads\/2022\/05\/slub-Jelenia-Gora.jpg 1920w\" sizes=\"auto, (max-width: 1024px) 100vw, 1024px\" \/><figcaption class=\"wp-element-caption\"><strong>Karkonosze <\/strong><\/figcaption><\/figure>\n\n\n\n<p>Bez wzgl\u0119du na to, czy planujecie urz\u0105dzi\u0107 kameralne, czy huczne przyj\u0119cie \u2013 Wasi go\u015bcie b\u0119d\u0105 zachwyceni sceneri\u0105. Obiekty po\u0142o\u017cone w pobli\u017cu Karkonoskiego Parku Narodowego gwarantuj\u0105 widoki zapieraj\u0105ce dech w piersiach. Przepi\u0119kne g\u00f3rskie krajobrazy stanowi\u0105 idealne t\u0142o do sesji zdj\u0119ciowej. To r\u00f3wnie\u017c doskona\u0142a baza wypadowa w g\u00f3ry, dlatego pomy\u015blcie o tym, aby zosta\u0107 troch\u0119 d\u0142u\u017cej.<\/p>\n\n\n<div class=\"wp-block-image\">\n<figure class=\"aligncenter size-large\"><a href=\"https:\/\/www.koronakarkonoszy.pl\/wesele\/\" target=\"_blank\" rel=\"noreferrer noopener\"><img loading=\"lazy\" decoding=\"async\" width=\"1024\" height=\"512\" src=\"https:\/\/www.koronakarkonoszy.pl\/blog\/wp-content\/uploads\/2022\/06\/piekne_wesela_DKK-2-1-1024x512.jpg\" alt=\"\" class=\"wp-image-4144\" srcset=\"https:\/\/www.koronakarkonoszy.pl\/blog\/wp-content\/uploads\/2022\/06\/piekne_wesela_DKK-2-1-1024x512.jpg 1024w, https:\/\/www.koronakarkonoszy.pl\/blog\/wp-content\/uploads\/2022\/06\/piekne_wesela_DKK-2-1-300x150.jpg 300w, https:\/\/www.koronakarkonoszy.pl\/blog\/wp-content\/uploads\/2022\/06\/piekne_wesela_DKK-2-1-768x384.jpg 768w, https:\/\/www.koronakarkonoszy.pl\/blog\/wp-content\/uploads\/2022\/06\/piekne_wesela_DKK-2-1.jpg 1200w\" sizes=\"auto, (max-width: 1024px) 100vw, 1024px\" \/><\/a><\/figure>\n<\/div>\n\n\n<p>Chcecie \u015bwi\u0119towa\u0107 w du\u017cym gronie przyjaci\u00f3\u0142 i rodziny? Dworska Sala Balowa Dworu Korona Karkonoszy pomie\u015bci nawet 170 os\u00f3b, w zale\u017cno\u015bci od uk\u0142adu sto\u0142\u00f3w. Wn\u0119trze jest ogrzewane i klimatyzowane, dlatego mo\u017cna w niej urz\u0105dzi\u0107 przyj\u0119cie o ka\u017cdej porze roku. Sala weselna zachwyca drewnianym, odrestaurowanym sklepieniem, du\u017cymi, \u0142ukowymi oknami, widokiem i niezwyk\u0142ym klimatem.<\/p>\n\n\n\n<p>Je\u015bli nade wszystko cenicie sobie prywatno\u015b\u0107, zarezerwujcie ca\u0142y obiekt na wy\u0142\u0105czno\u015b\u0107. Do Waszej dyspozycji pozostaje nie tylko jedna z najpi\u0119kniejszych i najwy\u017cszych sal weselnych w okolicy, lecz tak\u017ce kawiarnia w ogrodzie r\u00f3\u017canym, Sommelier Club i Biblioteka Cafe na antresoli.<\/p>\n\n\n\n<figure class=\"wp-block-image size-large\"><img loading=\"lazy\" decoding=\"async\" width=\"1024\" height=\"683\" src=\"https:\/\/www.koronakarkonoszy.pl\/blog\/wp-content\/uploads\/2021\/06\/Sala_szkoleniowa_-_Sommelier_Club__4_-1024x683.jpg\" alt=\"\" class=\"wp-image-47\" srcset=\"https:\/\/www.koronakarkonoszy.pl\/blog\/wp-content\/uploads\/2021\/06\/Sala_szkoleniowa_-_Sommelier_Club__4_-1024x683.jpg 1024w, https:\/\/www.koronakarkonoszy.pl\/blog\/wp-content\/uploads\/2021\/06\/Sala_szkoleniowa_-_Sommelier_Club__4_-300x200.jpg 300w, https:\/\/www.koronakarkonoszy.pl\/blog\/wp-content\/uploads\/2021\/06\/Sala_szkoleniowa_-_Sommelier_Club__4_-768x512.jpg 768w, https:\/\/www.koronakarkonoszy.pl\/blog\/wp-content\/uploads\/2021\/06\/Sala_szkoleniowa_-_Sommelier_Club__4_.jpg 1180w\" sizes=\"auto, (max-width: 1024px) 100vw, 1024px\" \/><figcaption class=\"wp-element-caption\"><strong>Sommelier Club <\/strong><\/figcaption><\/figure>\n\n\n\n<h2 class=\"wp-block-heading\" id=\"ha-dlaczego-warto-wybrac-sale-weselna-z-ogrodem\">Dlaczego warto wybra\u0107 sal\u0119 weseln\u0105 z ogrodem?<\/h2>\n\n\n\n<p>Wesele \u201epod chmurk\u0105\u201d? Zale\u017cy Wam na tym, aby urz\u0105dzi\u0107 przyj\u0119cie pod go\u0142ym niebem, ale z drugiej strony martwicie si\u0119, \u017ce pogoda pokrzy\u017cuje Wam plany? <strong>Sala weselna z ogrodem<\/strong> to bez w\u0105tpienia strza\u0142 w dziesi\u0105tk\u0119. Pami\u0119tajcie, \u017ce go\u015bcie b\u0119d\u0105 chcieli zaczerpn\u0105\u0107 \u015bwie\u017cego powietrza po posi\u0142ku lub szale\u0144stwach na parkiecie. Je\u015bli tylko jest taka opcja \u2013 dajcie im t\u0119 mo\u017cliwo\u015b\u0107!<\/p>\n\n\n<section id=\"leonardo-block_b11e79c2f3bcd396dd8a60ac024e20df\" class=\"leonardo page-breaker leonardo-image-left\">\r\n    <div class=\"leonardo-body\">\r\n        <h2 class=\"leonardo-title\" id=\"h-wesele-w-ogrodzie\">Wesele w ogrodzie <\/h2>        <div class=\"leonardo-content\"><p>Aby umili\u0107 sobie odpoczynek, go\u015bcie mog\u0105 uda\u0107 si\u0119 na spacer po romantycznym ogrodzie. Zach\u0119camy, aby\u015bcie potraktowali go jako kolejn\u0105 przestrze\u0144 do dekoracji. Wybierzcie takie ogrody, kt\u00f3re odzwierciedl\u0105 motyw przewodni uroczysto\u015bci. Szukacie oryginalnego pleneru na sesj\u0119 zdj\u0119ciow\u0105? W tej roli doskonale sprawdzi si\u0119 przestronny ogr\u00f3d, przylegaj\u0105cy do sali weselnej. Jednak je\u015bli nie mo\u017cecie znale\u017a\u0107 wymarzonej sali z ogrodem, poszukajcie przynajmniej takiej, kt\u00f3ra ma du\u017cy taras lub balkon. Zadbajcie o to, szczeg\u00f3lnie wtedy, gdy organizujecie wiosenne lub letnie przyj\u0119cie.<\/p>\n<\/div>\r\n            <\/div>\r\n    <div class=\"leonardo-image\">\r\n        <img loading=\"lazy\" decoding=\"async\" width=\"1200\" height=\"800\" src=\"https:\/\/www.koronakarkonoszy.pl\/blog\/wp-content\/uploads\/2020\/09\/Ile-kosztuje-wesele.jpg\" class=\"attachment-full size-full\" alt=\"\" srcset=\"https:\/\/www.koronakarkonoszy.pl\/blog\/wp-content\/uploads\/2020\/09\/Ile-kosztuje-wesele.jpg 1200w, https:\/\/www.koronakarkonoszy.pl\/blog\/wp-content\/uploads\/2020\/09\/Ile-kosztuje-wesele-300x200.jpg 300w, https:\/\/www.koronakarkonoszy.pl\/blog\/wp-content\/uploads\/2020\/09\/Ile-kosztuje-wesele-1024x683.jpg 1024w, https:\/\/www.koronakarkonoszy.pl\/blog\/wp-content\/uploads\/2020\/09\/Ile-kosztuje-wesele-768x512.jpg 768w\" sizes=\"auto, (max-width: 1200px) 100vw, 1200px\" \/>            <\/div>\r\n<\/section>\n\n\n<h2 class=\"wp-block-heading\" id=\"ha-piekna-sala-weselna-na-co-zwrocic-uwage\">Pi\u0119kna sala weselna \u2013 na co zwr\u00f3ci\u0107 uwag\u0119?<\/h2>\n\n\n\n<p>Je\u015bli chcecie unikn\u0105\u0107 w\u015bcibskich spojrze\u0144, poszukajcie lokalu po\u0142o\u017conego nieco na uboczu, a nie w centrum miasta. Upewnijcie si\u0119 jednak, \u017ce mo\u017cna do niego \u0142atwo dojecha\u0107. Na wszelki wypadek do\u0142\u0105czcie mapk\u0119 do zaprosze\u0144, dzi\u0119ki czemu nie musicie si\u0119 martwi\u0107, \u017ce go\u015bcie zab\u0142\u0105dz\u0105 w nieznanej okolicy. Mo\u017cecie r\u00f3wnie\u017c wynaj\u0105\u0107 autokar dla niezmotoryzowanych cz\u0142onk\u00f3w rodziny i przyjaci\u00f3\u0142.<\/p>\n\n\n\n<p>Zanim jednak zrobicie rezerwacj\u0119, ustalcie, ile os\u00f3b jest zainteresowanych takim rozwi\u0105zaniem. Szukaj\u0105c sali weselnej, zapytajcie w\u0142a\u015bciciela lub managera, czy Wasi go\u015bcie b\u0119d\u0105 mieli do dyspozycji bezp\u0142atny parking. Przy okazji sprawd\u017acie, czy lokal oferuje k\u0105cik lub plac zabaw dla najm\u0142odszych weselnik\u00f3w. Dzi\u0119ki temu macie pewno\u015b\u0107, \u017ce wszyscy go\u015bcie, niezale\u017cnie od wieku, b\u0119d\u0105 si\u0119 dobrze bawi\u0107.<\/p>\n\n\n<section id=\"leonardo-block_8a0dbcf8748125a8baf0082fa0aaeffe\" class=\"leonardo page-breaker leonardo-image-right\">\r\n    <div class=\"leonardo-body\">\r\n        <h2 class=\"leonardo-title\" id=\"h-a-moze-sala-weselna-nad-jeziorem\">A mo\u017ce sala weselna nad jeziorem?<\/h2>        <div class=\"leonardo-content\"><p><!-- wp:paragraph --><\/p>\n<p>Szukacie spokojnego, cichego, nastrojowego miejsca na przyj\u0119cie? Pomy\u015blcie o rezerwacji <strong>sali weselnej nad jeziorem<\/strong>. Decyduj\u0105c si\u0119 na takie rozwi\u0105zanie, mo\u017cecie czerpa\u0107 inspiracje prosto z natury. Niekt\u00f3re lokale maj\u0105 w\u0142asne k\u0105pielisko i przysta\u0144, dlatego warto wzbogaci\u0107 program o ciekawe atrakcje na \u015bwie\u017cym powietrzu.<\/p>\n<p><!-- \/wp:paragraph --> <!-- wp:paragraph --><\/p>\n<p>Domy weselne cz\u0119sto oferuj\u0105 wygodne miejsca noclegowe, co zach\u0119ca do szampa\u0144skiej zabawy do bia\u0142ego rana. Je\u015bli lubicie odpoczywa\u0107 nad jeziorem, od razu wygospodarujcie kilka dni wolnego. W ten spos\u00f3b mo\u017cecie sp\u0119dzi\u0107 wyj\u0105tkowe chwile tylko we dwoje lub w gronie najbli\u017cszych.<\/p>\n<p><!-- \/wp:paragraph --><\/p>\n<\/div>\r\n            <\/div>\r\n    <div class=\"leonardo-image\">\r\n        <img loading=\"lazy\" decoding=\"async\" width=\"1024\" height=\"682\" src=\"https:\/\/www.koronakarkonoszy.pl\/blog\/wp-content\/uploads\/2021\/07\/wesele-w-pazdzierniku-w-gorach.jpg\" class=\"attachment-full size-full\" alt=\"Wesele w pa\u017adzierniku w g\u00f3rach\" srcset=\"https:\/\/www.koronakarkonoszy.pl\/blog\/wp-content\/uploads\/2021\/07\/wesele-w-pazdzierniku-w-gorach.jpg 1024w, https:\/\/www.koronakarkonoszy.pl\/blog\/wp-content\/uploads\/2021\/07\/wesele-w-pazdzierniku-w-gorach-300x200.jpg 300w, https:\/\/www.koronakarkonoszy.pl\/blog\/wp-content\/uploads\/2021\/07\/wesele-w-pazdzierniku-w-gorach-768x512.jpg 768w\" sizes=\"auto, (max-width: 1024px) 100vw, 1024px\" \/>            <\/div>\r\n<\/section>\n\n\n<h2 class=\"wp-block-heading\" id=\"ha-sala-weselna-kolorystyka\">Sala weselna \u2013 kolorystyka<\/h2>\n\n\n\n<p>Czy kolor sali weselnej ma w og\u00f3le jakie\u015b znaczenie? Mo\u017cna by pomy\u015ble\u0107 \u2013 kto w og\u00f3le b\u0119dzie na to zwraca\u0142 uwag\u0119? Wszyscy b\u0119d\u0105 zaj\u0119ci M\u0142od\u0105 Par\u0105, zabaw\u0105, ta\u0144cem, jedzeniem. Poza tym zwykle w sali i tak pojawiaj\u0105 si\u0119 jakie\u015b dodatkowe dekoracje, odwracaj\u0105c uwag\u0119 od koloru \u015bcian.<\/p>\n\n\n\n<p>Faktycznie, niekt\u00f3rym wystr\u00f3j wn\u0119trz jest raczej oboj\u0119tny i podczas wesela z pewno\u015bci\u0105 skupi\u0105 si\u0119 na innych rzeczach. Jednak wi\u0119kszo\u015b\u0107 os\u00f3b ma jakie\u015b preferencje kolorystyczne. Po prostu w jednych barwach czujemy si\u0119 lepiej, inne nas dra\u017cni\u0105. Badania naukowe dowodz\u0105, \u017ce kolory maj\u0105 na nas ogromny wp\u0142yw. I bardzo cz\u0119sto decyduj\u0105 o nasze samopoczuciu. Wi\u0119c je\u015bli sala ma kolor czy dekoracje w kolorze, kt\u00f3rego po prostu nie mo\u017cemy znie\u015b\u0107, na widok kt\u00f3rego wr\u0119cz zgrzytamy z\u0119bami, lepiej poszukajmy innego obiektu. Chyba \u017ce wymy\u015blimy spos\u00f3b, dzi\u0119ki kt\u00f3remu wi\u0119kszo\u015b\u0107 tych \u015bcian \u201ezniknie\u201d \u2013 tkaniny, lustra, dekoracje, deski, kobierce. Zale\u017cnie od stylu, w jakim chcemy urz\u0105dzi\u0107 wesele.<\/p>\n\n\n<section id=\"leonardo-block_68ab120d3af05e4bc3d98e6f1eb21faa\" class=\"leonardo page-breaker leonardo-image-left\">\r\n    <div class=\"leonardo-body\">\r\n        <h2 class=\"leonardo-title\" id=\"h-czerwona-sala-weselna\">Czerwona sala weselna <\/h2>        <div class=\"leonardo-content\"><p>Je\u015bli nie chcemy zbyt intensywnie zajmowa\u0107 si\u0119 kwesti\u0105 wystroju sali weselnej czy dekoracjami, postawmy na sal\u0119 w wyrazistym, soczystym kolorze. Kolor ten b\u0119dzie ozdob\u0105 sam w sobie. Sale \u201ebez koloru\u201d maj\u0105 t\u0119 zalet\u0119, \u017ce mo\u017cna je dowolnie \u201ekszta\u0142towa\u0107\u201d. Ale istnieje te\u017c ryzyko, \u017ce nawet pomimo naszych wysi\u0142k\u00f3w, wci\u0105\u017c pozostan\u0105 bezbarwne, nijakie, bez wyrazu. A kto chcia\u0142by urz\u0105dza\u0107 wesele w takim wn\u0119trzu?<\/p>\n<p>Za to sale o pi\u0119knej architekturze, ozdobnych elementach, na przyk\u0142ad w postaci drewnianego belkowania, sale o wspania\u0142ych, \u0142ukowych oknach ze szprosami i w wyrazistym kolorze nawet bez wi\u0119kszych zabieg\u00f3w dekoratorskich zapadn\u0105 go\u015bciom w pami\u0119\u0107. B\u0119d\u0105 te\u017c stanowi\u0107 doskonale t\u0142o do \u015blubnych fotografii.<\/p>\n<\/div>\r\n            <\/div>\r\n    <div class=\"leonardo-image\">\r\n        <img loading=\"lazy\" decoding=\"async\" width=\"1254\" height=\"835\" src=\"https:\/\/www.koronakarkonoszy.pl\/blog\/wp-content\/uploads\/2021\/10\/powitanie-pary-mlodej1.jpg\" class=\"attachment-full size-full\" alt=\"\" srcset=\"https:\/\/www.koronakarkonoszy.pl\/blog\/wp-content\/uploads\/2021\/10\/powitanie-pary-mlodej1.jpg 1254w, https:\/\/www.koronakarkonoszy.pl\/blog\/wp-content\/uploads\/2021\/10\/powitanie-pary-mlodej1-300x200.jpg 300w, https:\/\/www.koronakarkonoszy.pl\/blog\/wp-content\/uploads\/2021\/10\/powitanie-pary-mlodej1-1024x682.jpg 1024w, https:\/\/www.koronakarkonoszy.pl\/blog\/wp-content\/uploads\/2021\/10\/powitanie-pary-mlodej1-768x511.jpg 768w\" sizes=\"auto, (max-width: 1254px) 100vw, 1254px\" \/>            <\/div>\r\n<\/section>\n\n\n<h2 class=\"wp-block-heading\" id=\"ha-niebanalne-propozycje-na-motyw-przewodni\">Niebanalne propozycje na motyw przewodni<\/h2>\n\n\n\n<p>Zastanawiacie si\u0119, co zrobi\u0107, \u017ceby go\u015bcie d\u0142ugo wspominali Wasze wesele? Cenicie sobie niebanalne rozwi\u0105zania? <strong>Czarna sala weselna<\/strong> zdecydowanie wyr\u00f3\u017cni si\u0119 na tle tradycyjnych lokali. To doskona\u0142y wyb\u00f3r, je\u015bli chcecie zorganizowa\u0107 niezapomniane przyj\u0119cie w stylu gotyckim. Albo steampunkowym. Wspomniany motyw przewodni nie cieszy si\u0119 w Polsce zbyt du\u017c\u0105 popularno\u015bci\u0105, dlatego na d\u0142ugo utkwi w pami\u0119ci Waszych go\u015bci. Kr\u00f3luj\u0105ca tam czer\u0144 doskonale wsp\u00f3\u0142gra z biel\u0105, czerwieni\u0105 i fioletem.<\/p>\n\n\n\n<p>Je\u015bli sala w kolorze czerni to zbyt wiele \u2013 zreszt\u0105 nie\u0142atwo tak\u0105 znale\u017a\u0107! \u2013 to mo\u017ce cho\u0107 czarna suknia \u015blubna? Z czym kojarzy si\u0119 czer\u0144? Elegancja. Szyk. Wyrafinowanie. Wytworno\u015b\u0107. Jako ciekawostk\u0119 warto poda\u0107 fakt, \u017ce w przyrodzie czysta czer\u0144 nie istnieje. Dlatego jest poniek\u0105d neutraln\u0105, \u201eniewidoczn\u0105&#8221; baz\u0105 dla wszelkich barw. Na jej tle inne kolory prezentuj\u0105 si\u0119 jeszcze okazalej. <strong>Wesele z czerni\u0105 jako motywem przewodnim<\/strong> to na pewno awangarda, daleka od klasyki.<\/p>\n\n\n\n<p>Czarna sala weselna \u2013 na pewno wszyscy go\u015bcie j\u0105 zapami\u0119taj\u0105. Nie pomyl\u0105 naszego wesela z \u017cadnym innym. A Panna M\u0142oda w tradycyjnej, bia\u0142ej sukni b\u0119dzie l\u015bni\u0142a niczym diament na tle tajemniczej czerni\u2026&nbsp;<\/p>\n\n\n<section id=\"leonardo-block_ffb366d8fbfd3a53a39645553b9745ae\" class=\"leonardo page-breaker leonardo-image-right\">\r\n    <div class=\"leonardo-body\">\r\n        <h2 class=\"leonardo-title\" id=\"h-kolory-sal-weselnych\">Kolory sal weselnych <\/h2>        <div class=\"leonardo-content\"><p>Je\u015bli chodzi o sale weselne, zwykle utrzymane s\u0105 w <strong>kolorach pastelowych<\/strong> \u2013 odcienie \u0142ososiowe, \u017c\u00f3\u0142te, jasne zielenie, ewentualnie pudrowe r\u00f3\u017ce. Je\u015bli szukamy sali w \u017cywszym, bardziej zdecydowanym kolorze, mamy problem. A co dopiero m\u00f3wi\u0107 o czerni! Je\u015bli wi\u0119c nie uda nam si\u0119 znale\u017a\u0107 odpowiedniego miejsca, i raczej nie uda nam si\u0119 przekona\u0107 w\u0142a\u015bciciela, by przemalowa\u0142 sal\u0119, to mo\u017cna na przyk\u0142ad rozwiesi\u0107 tkaniny w odpowiednim kolorze. Doda\u0107 czarne obrusy i dekoracje. To kolor dla zdecydowanych i pewnych siebie Par M\u0142odych!<\/p>\n<\/div>\r\n                    <aside class=\"leonardo-interlink\">\r\n                <b>Polecamy<\/b>\r\n                <a href=\"https:\/\/www.koronakarkonoszy.pl\/blog\/en\/sala-weselna\/\"><\/a>\r\n            <\/aside>\r\n            <\/div>\r\n    <div class=\"leonardo-image\">\r\n        <img loading=\"lazy\" decoding=\"async\" width=\"1024\" height=\"682\" src=\"https:\/\/www.koronakarkonoszy.pl\/blog\/wp-content\/uploads\/2021\/07\/swiadkowie.jpg\" class=\"attachment-full size-full\" alt=\"\u015bwiadkowie\" srcset=\"https:\/\/www.koronakarkonoszy.pl\/blog\/wp-content\/uploads\/2021\/07\/swiadkowie.jpg 1024w, https:\/\/www.koronakarkonoszy.pl\/blog\/wp-content\/uploads\/2021\/07\/swiadkowie-300x200.jpg 300w, https:\/\/www.koronakarkonoszy.pl\/blog\/wp-content\/uploads\/2021\/07\/swiadkowie-768x512.jpg 768w\" sizes=\"auto, (max-width: 1024px) 100vw, 1024px\" \/>            <\/div>\r\n<\/section>\n\n\n<h2 class=\"wp-block-heading\" id=\"ha-wesele-w-czerwieni\">Wesele w czerwieni<\/h2>\n\n\n\n<p>Je\u015bli jednak czarna sala weselna to dla Was zbyt wiele, a mimo to chcecie wyr\u00f3\u017cni\u0107 si\u0119 na tle innych, nie boicie si\u0119 wyzwa\u0144 i odwa\u017cnych rozwi\u0105za\u0144, zaplanujcie r\u00f3wnie spektakularne, <a href=\"https:\/\/www.koronakarkonoszy.pl\/blog\/czerwone-wesele-spektakularne-i-zapadajace-w-pamiec\/\" target=\"_blank\" rel=\"noreferrer noopener\">czerwone wesele<\/a>.<\/p>\n\n\n\n<p>Ten intensywny kolor kojarzy si\u0119 z mi\u0142o\u015bci\u0105, pasj\u0105 i nami\u0119tno\u015bci\u0105. Nie przesadzajcie jednak z czerwonymi dekoracjami, w przeciwnym razie mo\u017cecie osi\u0105gn\u0105\u0107 kiczowaty efekt. Jasny odcie\u0144, wpadaj\u0105cy w r\u00f3\u017c, wsp\u00f3\u0142gra z czerni\u0105 i granatem. Z kolei ciemna czerwie\u0144, przechodz\u0105ca w bordo, pi\u0119knie komponuje si\u0119 z oliwk\u0105, be\u017cem i biel\u0105.<\/p>\n\n\n\n<p>Do wyboru macie ca\u0142\u0105 mas\u0119 odcieni czerwieni. Mo\u017ce zdecydujecie si\u0119 na rubin \u2013 sala weselna w kolorze symbolizuj\u0105cym mi\u0142o\u015b\u0107 to doskona\u0142a sceneria weselnych zabaw. <\/p>\n\n\n<section id=\"leonardo-block_7597b455c547880e0f14c5a03d137d26\" class=\"leonardo page-breaker leonardo-image-right\">\r\n    <div class=\"leonardo-body\">\r\n        <h2 class=\"leonardo-title\" id=\"h-jak-wybrac-dekoratora\">Jak wybra\u0107 dekoratora?<\/h2>        <div class=\"leonardo-content\"><p>Nie znale\u017ali\u015bcie jeszcze firmy, kt\u00f3ra zajmie si\u0119 wystrojem sali? Zapytajcie w\u0142a\u015bciciela lub managera lokalu, czy mog\u0105 Wam kogo\u015b poleci\u0107. Mo\u017cecie r\u00f3wnie\u017c poszuka\u0107 w mediach spo\u0142eczno\u015bciowych.<\/p>\n<p>Zanim um\u00f3wicie si\u0119 na spotkanie, zapoznajcie si\u0119 z portfolio. W ten spos\u00f3b sprawdzicie, czy odpowiada Wam poczucie estetyki dekoratora. Je\u015bli nie, lepiej szukajcie dalej. W przeciwnym razie istnieje du\u017ce ryzyko, \u017ce nie b\u0119dziecie zadowoleni z efektu. Podczas pierwszego spotkania poinformujcie specjalist\u0119, jakim bud\u017cetem dysponujecie. Pami\u0119tajcie, \u017ce profesjonalista mo\u017ce wyczarowa\u0107 eleganckie ozdoby za stosunkowo niewielk\u0105 kwot\u0119. Z drugiej strony mo\u017ce przygotowa\u0107 oryginaln\u0105 dekoracj\u0119 nawet za kilkana\u015bcie tysi\u0119cy z\u0142otych!<\/p>\n<\/div>\r\n                    <aside class=\"leonardo-interlink\">\r\n                <b>Polecamy<\/b>\r\n                <a href=\"https:\/\/www.koronakarkonoszy.pl\/blog\/en\/akcesoria-weselne\/\">Akcesoria weselne, kt\u00f3re nadadz\u0105 przyj\u0119ciu niepowtarzalny charakter<\/a>\r\n            <\/aside>\r\n            <\/div>\r\n    <div class=\"leonardo-image\">\r\n        <img loading=\"lazy\" decoding=\"async\" width=\"1254\" height=\"835\" src=\"https:\/\/www.koronakarkonoszy.pl\/blog\/wp-content\/uploads\/2022\/06\/sala-weselna-dekoracje.jpg\" class=\"attachment-full size-full\" alt=\"\" srcset=\"https:\/\/www.koronakarkonoszy.pl\/blog\/wp-content\/uploads\/2022\/06\/sala-weselna-dekoracje.jpg 1254w, https:\/\/www.koronakarkonoszy.pl\/blog\/wp-content\/uploads\/2022\/06\/sala-weselna-dekoracje-300x200.jpg 300w, https:\/\/www.koronakarkonoszy.pl\/blog\/wp-content\/uploads\/2022\/06\/sala-weselna-dekoracje-1024x682.jpg 1024w, https:\/\/www.koronakarkonoszy.pl\/blog\/wp-content\/uploads\/2022\/06\/sala-weselna-dekoracje-768x511.jpg 768w\" sizes=\"auto, (max-width: 1254px) 100vw, 1254px\" \/>            <\/div>\r\n<\/section>\n\n\n<h2 class=\"wp-block-heading\" id=\"ha-jak-stworzyc-wlasne-dekoracje-weselne\">Jak stworzy\u0107 w\u0142asne dekoracje weselne?<\/h2>\n\n\n\n<p>Potrzebujecie pomocy w przystrojeniu ko\u015bcio\u0142a i sali weselnej, ale dysponujecie ograniczonym bud\u017cetem? W takim razie skorzystajcie z us\u0142ug do\u015bwiadczonej, utalentowanej kwiaciarki. Zam\u00f3wcie u niej bukiet \u015blubny, butonierk\u0119 i kompozycje na sto\u0142y, a reszt\u0105 zajmijcie si\u0119 sami.<\/p>\n\n\n\n<p>Szukacie pomys\u0142\u00f3w na samodzieln\u0105 aran\u017cacj\u0119 sali weselnej? Zastanawiacie si\u0119, jakie ozdoby podkre\u015bl\u0105 naturalny, swobodny charakter przyj\u0119cia? Si\u0119gnijcie po proste, bezpretensjonalne, <a href=\"https:\/\/www.koronakarkonoszy.pl\/blog\/zielone-dekoracje-weselne\/\" target=\"_blank\" rel=\"noreferrer noopener\">zielone dekoracje weselne<\/a>, takie jak \u015bcianka bukszpanowa, li\u015bcie paproci, las w s\u0142oiku, czy girlandy z mchu. Prezentowane elementy wystroju fantastycznie komponuj\u0105 si\u0119 z pastelowymi lub z\u0142otymi balonami, \u015bwiecami, serwetkami, obrusami i winietkami.<\/p>\n\n\n<div class=\"wp-block-image\">\n<figure class=\"aligncenter size-large\"><a href=\"https:\/\/www.koronakarkonoszy.pl\/wesele\/\" target=\"_blank\" rel=\"noreferrer noopener\"><img loading=\"lazy\" decoding=\"async\" width=\"1024\" height=\"512\" src=\"https:\/\/www.koronakarkonoszy.pl\/blog\/wp-content\/uploads\/2020\/10\/piekne_wesela_DKK-1024x512.jpg\" alt=\"\" class=\"wp-image-3914\" srcset=\"https:\/\/www.koronakarkonoszy.pl\/blog\/wp-content\/uploads\/2020\/10\/piekne_wesela_DKK-1024x512.jpg 1024w, https:\/\/www.koronakarkonoszy.pl\/blog\/wp-content\/uploads\/2020\/10\/piekne_wesela_DKK-300x150.jpg 300w, https:\/\/www.koronakarkonoszy.pl\/blog\/wp-content\/uploads\/2020\/10\/piekne_wesela_DKK-768x384.jpg 768w, https:\/\/www.koronakarkonoszy.pl\/blog\/wp-content\/uploads\/2020\/10\/piekne_wesela_DKK.jpg 1200w\" sizes=\"auto, (max-width: 1024px) 100vw, 1024px\" \/><\/a><\/figure>\n<\/div>\n\n\n<p>Przygotowali\u015bmy kilka propozycji na dekoracje DIY. Stw\u00f3rzcie urocze \u015bwieczniki ze szklanych s\u0142oik\u00f3w, tradycyjnych podgrzewaczy i szyfonowych wst\u0105\u017cek. Aby nada\u0107 im wyj\u0105tkowy charakter, mo\u017cecie przyozdobi\u0107 je szyszkami, ga\u0142\u0105zkami jarz\u0119biny, pere\u0142kami lub po\u0142yskuj\u0105cymi kamyczkami. <strong>Jak udekorowa\u0107 sal\u0119 weseln\u0105<\/strong>? Poni\u017cej przedstawiamy kilka ciekawych rozwi\u0105za\u0144:<\/p>\n\n\n\n<ul class=\"wp-block-list\">\n<li>girlanda z balon\u00f3w,<\/li>\n\n\n\n<li>winietki z szyszek,<\/li>\n\n\n\n<li>lampiony z papieru,<\/li>\n\n\n\n<li>pompony z tiulu,<\/li>\n\n\n\n<li>kule z piankowych r\u00f3\u017c.<\/li>\n<\/ul>\n\n\n\n<figure class=\"wp-block-image size-full\"><img loading=\"lazy\" decoding=\"async\" width=\"1000\" height=\"667\" src=\"https:\/\/www.koronakarkonoszy.pl\/blog\/wp-content\/uploads\/2021\/07\/dekoracje_na_wesele_zima.jpg\" alt=\"dekoracje na wesele zim\u0105\" class=\"wp-image-975\" srcset=\"https:\/\/www.koronakarkonoszy.pl\/blog\/wp-content\/uploads\/2021\/07\/dekoracje_na_wesele_zima.jpg 1000w, https:\/\/www.koronakarkonoszy.pl\/blog\/wp-content\/uploads\/2021\/07\/dekoracje_na_wesele_zima-300x200.jpg 300w, https:\/\/www.koronakarkonoszy.pl\/blog\/wp-content\/uploads\/2021\/07\/dekoracje_na_wesele_zima-768x512.jpg 768w\" sizes=\"auto, (max-width: 1000px) 100vw, 1000px\" \/><figcaption class=\"wp-element-caption\"><strong>Dekoracje na wesele <\/strong><\/figcaption><\/figure>\n\n\n\n<h2 class=\"wp-block-heading\" id=\"ha-niepowtarzalne-wesele-garsc-wskazowek-dla-pary-mlodej\">Niepowtarzalne wesele \u2013 gar\u015b\u0107 wskaz\u00f3wek dla Pary M\u0142odej<\/h2>\n\n\n\n<p>Zastanawiacie si\u0119, gdzie urz\u0105dzi\u0107 przyj\u0119cie w stylu boho, le\u015bnym lub greenery? Je\u015bli chodzi o kolor przewodni, idealnie sprawdzi si\u0119 wtedy butelkowa ziele\u0144. Sala weselna udekorowana w ten spos\u00f3b ma niepowtarzalny klimat. Gwarantujemy, \u017ce skradnie Wasze serca. Wspomniany kolor kojarzy si\u0119 z natur\u0105, kr\u00f3lewskim luksusem, elegancj\u0105 i wytworno\u015bci\u0105.<\/p>\n\n\n\n<p><strong>Butelkowa ziele\u0144<\/strong> doskonale wsp\u00f3\u0142gra ze z\u0142otem, biel\u0105, be\u017cem, pudrowym r\u00f3\u017cowym i ciemnym szarym. Taka kombinacja kolorystyczna pozwoli wyczarowa\u0107 stylowy, niepowtarzalny wystr\u00f3j sali weselnej.<\/p>\n\n\n<section id=\"leonardo-block_dc7932350c547bbc5d014397f0e2d1f6\" class=\"leonardo page-breaker leonardo-image-right\">\r\n    <div class=\"leonardo-body\">\r\n        <h2 class=\"leonardo-title\" id=\"h-kwiaty-na-slub\">Kwiaty na \u015blub <\/h2>        <div class=\"leonardo-content\"><p><!-- wp:paragraph --><\/p>\n<p>Planujecie przyj\u0119cie w okresie wiosenno-letnim? Postawcie na kwiaty sezonowe, kt\u00f3re wspaniale harmonizuj\u0105 z opraw\u0105 uroczysto\u015bci. W wiosennym bukiecie \u015blubnym mog\u0105 pojawi\u0107 si\u0119:<\/p>\n<p><!-- \/wp:paragraph --> <!-- wp:list --><\/p>\n<ul>\n<li>konwalie,<\/li>\n<li>bzy,<\/li>\n<li>tulipany,<\/li>\n<li>krokusy,<\/li>\n<li>\u017conkile,<\/li>\n<li>kalie,<\/li>\n<li>hiacynty,<\/li>\n<li>fio\u0142ki,<\/li>\n<li>jaskry.<\/li>\n<\/ul>\n<p><!-- \/wp:list --> <!-- wp:paragraph --><\/p>\n<p>Z kolei fantazyjne, letnie wi\u0105zanki mo\u017cna wyczarowa\u0107 z dzwonk\u00f3w, lilii, stokrotek, nasturcji, czy hortensji. W tej roli doskonale sprawdz\u0105 si\u0119 te\u017c maki, chabry, niezapominajki, fio\u0142ki i lawenda.<\/p>\n<p><!-- \/wp:paragraph --><\/p>\n<\/div>\r\n            <\/div>\r\n    <div class=\"leonardo-image\">\r\n        <img loading=\"lazy\" decoding=\"async\" width=\"1280\" height=\"853\" src=\"https:\/\/www.koronakarkonoszy.pl\/blog\/wp-content\/uploads\/2022\/03\/table-5607447_1280.jpg\" class=\"attachment-full size-full\" alt=\"przygotowania \u015blubne: rezerwacja sali\" srcset=\"https:\/\/www.koronakarkonoszy.pl\/blog\/wp-content\/uploads\/2022\/03\/table-5607447_1280.jpg 1280w, https:\/\/www.koronakarkonoszy.pl\/blog\/wp-content\/uploads\/2022\/03\/table-5607447_1280-300x200.jpg 300w, https:\/\/www.koronakarkonoszy.pl\/blog\/wp-content\/uploads\/2022\/03\/table-5607447_1280-1024x682.jpg 1024w, https:\/\/www.koronakarkonoszy.pl\/blog\/wp-content\/uploads\/2022\/03\/table-5607447_1280-768x512.jpg 768w\" sizes=\"auto, (max-width: 1280px) 100vw, 1280px\" \/>            <\/div>\r\n<\/section>\n\n\n<h2 class=\"wp-block-heading\" id=\"ha-sala-weselna-w-stodole-dobry-pomysl\">Sala weselna w stodole &#8211; dobry pomys\u0142?<\/h2>\n\n\n\n<p><strong>Stodo\u0142a &#8211; sala weselna<\/strong>? Czy to dobry pomys\u0142? Jeszcze kilkadziesi\u0105t lat temu na wsi stodo\u0142a stanowi\u0142a do\u015b\u0107 typowy \u201edom weselny\u201d. Ale teraz mamy do czynienia z ca\u0142kiem innymi stodo\u0142ami. Zwykle s\u0105 one nimi tylko z nazwy, bo s\u0105 to niedawno zbudowane sale weselne w kszta\u0142cie stodo\u0142y (obecnie bardzo modny nurt w architekturze). Czasem faktycznie s\u0105 to dawne stodo\u0142y, lecz gruntowanie wyremontowane i dostosowane do potrzeb Pary M\u0142odej i go\u015bci.<\/p>\n\n\n\n<p>Wi\u0119c je\u015bli szukacie idealnego miejsca na przyj\u0119cie w stylu boho, eko lub rustykalnym czy folkowym, albo w stylu neofolk, to naturalnie warto wybra\u0107 tego typu obiekt. Zw\u0142aszcza je\u015bli cenicie \u017cycie w blisko\u015bci z natur\u0105, to sala weselna w stodole na pewno przypadnie Wam do gustu. Takie rozwi\u0105zanie zapewnia nieograniczone mo\u017cliwo\u015bci aran\u017cacyjne. Je\u015bli macie troch\u0119 wolnego czasu, mo\u017cecie samodzielnie przygotowa\u0107 dekoracje.<\/p>\n\n\n<section id=\"leonardo-block_3fa50b4cf824f7728a01fad44aff0954\" class=\"leonardo page-breaker leonardo-image-left\">\r\n    <div class=\"leonardo-body\">\r\n        <h2 class=\"leonardo-title\" id=\"h-przyjecie-w-stodole\">Przyj\u0119cie w stodole <\/h2>        <div class=\"leonardo-content\"><p>Ch\u0119tnie si\u0119gacie po oryginalne, niesztampowe rozwi\u0105zania? Uwielbiacie zapach siana, drewniane elementy i swojskie klimaty? W takim razie zorganizujcie niepowtarzalne przyj\u0119cie w stodole. Taka sala weselna doskonale wpisze si\u0119 w s<strong>tyl rustykalny, boho, neofolk lub eko<\/strong>. Zanim jednak zarezerwujecie obiekt, sprawd\u017acie, czy dysponuje odpowiednim zapleczem gastronomicznym i sanitarnym. Z drugiej strony podobny klimat wyczarujecie w zwyk\u0142ej sali weselnej \u2013 wszystko zale\u017cy od Waszej wyobra\u017ani.<\/p>\n<\/div>\r\n            <\/div>\r\n    <div class=\"leonardo-image\">\r\n        <img loading=\"lazy\" decoding=\"async\" width=\"640\" height=\"426\" src=\"https:\/\/www.koronakarkonoszy.pl\/blog\/wp-content\/uploads\/2021\/08\/Umowa-na-wesele3.jpg\" class=\"attachment-full size-full\" alt=\"Umowa na wesele - warto mie\u0107 wszystko na pi\u015bmie\" srcset=\"https:\/\/www.koronakarkonoszy.pl\/blog\/wp-content\/uploads\/2021\/08\/Umowa-na-wesele3.jpg 640w, https:\/\/www.koronakarkonoszy.pl\/blog\/wp-content\/uploads\/2021\/08\/Umowa-na-wesele3-300x200.jpg 300w\" sizes=\"auto, (max-width: 640px) 100vw, 640px\" \/>            <\/div>\r\n<\/section>\n\n\n<p>Wystarczy, \u017ce si\u0119gniecie po polne kwiaty, wst\u0105\u017cki, jutowe sznurki, szyde\u0142kowe serwetki&nbsp; i papierowe wycinanki. Przygotowuj\u0105c sal\u0119 weseln\u0105, wyka\u017ccie si\u0119 kreatywno\u015bci\u0105. Zobaczycie, \u017ce rodzina i znajomi doceni\u0105 Wasz wysi\u0142ek.<\/p>\n\n\n\n<p>Interesuje Was <strong>sala weselna rustykalna<\/strong>? Cz\u0119sto znajdziecie takie miejsce w drewnianym dworku lub stodole. Jednak tak naprawd\u0119 tego typu klimat stworzycie za pomoc\u0105 odpowiednich dodatk\u00f3w w ka\u017cdym wn\u0119trzu. Wybrane ozdoby powinny stanowi\u0107 uk\u0142on w stron\u0119 natury i wiejskich tradycji.<\/p>\n\n\n\n<h2 class=\"wp-block-heading\" id=\"ha-drewniana-sala-weselna-dlaczego-warto\">Drewniana sala weselna: dlaczego warto?<\/h2>\n\n\n\n<p>Szukaj\u0105c miejsca na wesele, k\u0142adziecie nacisk na prostot\u0119 i elegancj\u0119? Lubicie odpoczywa\u0107 na \u0142onie natury? <strong>Drewniana sala weselna<\/strong> to idealny wyb\u00f3r dla par, kt\u00f3re chc\u0105 sp\u0119dzi\u0107 wyj\u0105tkowe chwile w gronie najbli\u017cszych. W takim wn\u0119trzu tradycja przeplata si\u0119 z nowoczesno\u015bci\u0105, wprowadzaj\u0105c przytulny klimat.<\/p>\n\n\n\n<figure class=\"wp-block-image size-large\"><img loading=\"lazy\" decoding=\"async\" width=\"1024\" height=\"683\" src=\"https:\/\/www.koronakarkonoszy.pl\/blog\/wp-content\/uploads\/2022\/03\/couple-7046755_1280-1024x683.jpg\" alt=\"sesja po\u015blubna: para m\u0142oda\" class=\"wp-image-3427\" srcset=\"https:\/\/www.koronakarkonoszy.pl\/blog\/wp-content\/uploads\/2022\/03\/couple-7046755_1280-1024x683.jpg 1024w, https:\/\/www.koronakarkonoszy.pl\/blog\/wp-content\/uploads\/2022\/03\/couple-7046755_1280-300x200.jpg 300w, https:\/\/www.koronakarkonoszy.pl\/blog\/wp-content\/uploads\/2022\/03\/couple-7046755_1280-768x512.jpg 768w, https:\/\/www.koronakarkonoszy.pl\/blog\/wp-content\/uploads\/2022\/03\/couple-7046755_1280.jpg 1280w\" sizes=\"auto, (max-width: 1024px) 100vw, 1024px\" \/><figcaption class=\"wp-element-caption\"><strong>Drewniana sala weselna <\/strong><\/figcaption><\/figure>\n\n\n\n<p>Sala zlokalizowana w zacisznej okolicy spodoba si\u0119 Parom, kt\u00f3rym zale\u017cy na intymnej atmosferze. To doskona\u0142a okazja, \u017ceby uciec od zgie\u0142ku miasta. Nie ma tutaj mowy o sztuczno\u015bci i sztywnej atmosferze. Je\u015bli zale\u017cy Wam na tym, aby Wasi go\u015bcie czuli si\u0119 swobodnie i beztrosko, zarezerwujcie sal\u0119 weseln\u0105 drewnian\u0105. Naturalne elementy i tradycyjne kolory podkre\u015bl\u0105 sielski charakter pomieszczenia.<\/p>\n\n\n\n<figure class=\"wp-block-image size-full\"><img loading=\"lazy\" decoding=\"async\" width=\"960\" height=\"640\" src=\"https:\/\/www.koronakarkonoszy.pl\/blog\/wp-content\/uploads\/2022\/06\/sala-weselna-stoly-Dwor-Korona-Karkonoszy.jpg\" alt=\"\" class=\"wp-image-4411\" srcset=\"https:\/\/www.koronakarkonoszy.pl\/blog\/wp-content\/uploads\/2022\/06\/sala-weselna-stoly-Dwor-Korona-Karkonoszy.jpg 960w, https:\/\/www.koronakarkonoszy.pl\/blog\/wp-content\/uploads\/2022\/06\/sala-weselna-stoly-Dwor-Korona-Karkonoszy-300x200.jpg 300w, https:\/\/www.koronakarkonoszy.pl\/blog\/wp-content\/uploads\/2022\/06\/sala-weselna-stoly-Dwor-Korona-Karkonoszy-768x512.jpg 768w\" sizes=\"auto, (max-width: 960px) 100vw, 960px\" \/><figcaption class=\"wp-element-caption\"><strong><a href=\"https:\/\/www.koronakarkonoszy.pl\/dworska-sala-balowa\/\" target=\"_blank\" rel=\"noreferrer noopener\">Dworska Sala Balowa <\/a>&#8211; Dw\u00f3r Korona Karkonoszy. Zapraszamy<\/strong> \u2665<\/figcaption><\/figure>\n\n\n\n<h2 class=\"wp-block-heading\" id=\"ha-romantyczne-wesele\">Romantyczne wesele\u2026<\/h2>\n\n\n\n<p>Szukacie romantycznego miejsca na <a href=\"https:\/\/www.koronakarkonoszy.pl\/blog\/jak-zorganizowac-przyjecie-weselne-na-30-osob\/\" class=\"links-placer\">przyj\u0119cie weselne<\/a>? Zale\u017cy Wam na dobrym lokalu, w kt\u00f3rym panuje wyj\u0105tkowa atmosfera? Nie wystarczy wpisa\u0107 w wyszukiwark\u0119 na przyk\u0142ad &#8222;sala weselna z\u0142ota r\u00f3\u017ca&#8221;, &#8222;sala weselna szafran&#8221; czy &#8222;sala weselna bia\u0142a per\u0142a&#8221;.<strong> <\/strong>Warto odwiedzi\u0107 r\u00f3\u017cne miejsca i zweryfikowa\u0107 ofert\u0119 organizator\u00f3w wesel.<\/p>\n\n\n\n<p>Bo co to w\u0142a\u015bciwie znaczy \u201esala weselna bia\u0142a per\u0142a\u201d? To zwyk\u0142a <em>licentia poetica<\/em> czy sala faktycznie ma kolor bia\u0142ej per\u0142y i per\u0142owe dekoracje? Je\u015bli tak, niekt\u00f3re Pary M\u0142ode \u2013 te bardziej przes\u0105dne \u2013 mog\u0105 nie chcie\u0107 w niej swego wesela. Dlaczego? Z bardzo prostego powodu. Przez ca\u0142e wieki per\u0142y na \u015blubie i weselu symbolizowa\u0142y \u0142zy. I nie chodzi\u0142o, niestety, o \u0142zy szcz\u0119\u015bcia\u2026 Uwa\u017cano, \u017ce Panna M\u0142oda wk\u0142adaj\u0105c per\u0142ow\u0105 bi\u017cuteri\u0119 sama prosi si\u0119 o nieszcz\u0119\u015bcie. Nie wiadomo jednak, czy przes\u0105d ten dotyczy tak\u017ce wystroju i koloru sali weselnej? Je\u015bli uwielbiamy per\u0142y za ich subtelno\u015b\u0107 i niezaprzeczaln\u0105 urod\u0119, a przy tym wierzymy w <a href=\"https:\/\/www.koronakarkonoszy.pl\/blog\/przesady-slubne-i-weselne\/\" target=\"_blank\" rel=\"noreferrer noopener\">przes\u0105dy \u015blubne i weselne<\/a>, mo\u017cemy spr\u00f3bowa\u0107 troch\u0119 \u201eoszuka\u0107\u201d los. Zamiast wk\u0142ada\u0107 per\u0142y, urz\u0105dzi\u0107 wesele w sali o kolorze bia\u0142ej per\u0142y i postawi\u0107 na takie w\u0142a\u015bnie dekoracje.&nbsp;<\/p>\n\n\n<section id=\"leonardo-block_16dfe597b67692bc28acf15c94ab5497\" class=\"leonardo page-breaker leonardo-image-right\">\r\n    <div class=\"leonardo-body\">\r\n        <h2 class=\"leonardo-title\" id=\"h-sala-weselna-kryteria\">Sala weselna &#8211; kryteria <\/h2>        <div class=\"leonardo-content\"><p><!-- wp:paragraph --><\/p>\n<p>Trzeba wi\u0119c naocznie przekona\u0107 si\u0119, co faktycznie najlepiej Wam odpowiada. I co oferuje dany obiekt weselny. Na szczeg\u00f3ln\u0105 uwag\u0119 przy wyborze sali zas\u0142uguje:<\/p>\n<p><!-- \/wp:paragraph --> <!-- wp:list --><\/p>\n<ul>\n<li>profesjonalna obs\u0142uga,<\/li>\n<li>bogate menu w atrakcyjnej cenie,<\/li>\n<li>du\u017cy parkiet do ta\u0144ca,<\/li>\n<li>wspania\u0142e otoczenie.<\/li>\n<\/ul>\n<p><!-- \/wp:list --><\/p>\n<\/div>\r\n            <\/div>\r\n    <div class=\"leonardo-image\">\r\n        <img loading=\"lazy\" decoding=\"async\" width=\"800\" height=\"530\" src=\"https:\/\/www.koronakarkonoszy.pl\/blog\/wp-content\/uploads\/2020\/08\/zimowe-wesele.jpg\" class=\"attachment-full size-full\" alt=\"\" srcset=\"https:\/\/www.koronakarkonoszy.pl\/blog\/wp-content\/uploads\/2020\/08\/zimowe-wesele.jpg 800w, https:\/\/www.koronakarkonoszy.pl\/blog\/wp-content\/uploads\/2020\/08\/zimowe-wesele-300x199.jpg 300w, https:\/\/www.koronakarkonoszy.pl\/blog\/wp-content\/uploads\/2020\/08\/zimowe-wesele-768x509.jpg 768w\" sizes=\"auto, (max-width: 800px) 100vw, 800px\" \/>            <\/div>\r\n<\/section>\n\n\n<h2 class=\"wp-block-heading\" id=\"ha-sala-weselna-styl-rustykalny-jak-ja-zaaranzowac\">Sala weselna styl rustykalny \u2013 jak j\u0105 zaaran\u017cowa\u0107?<\/h2>\n\n\n\n<p>Marzycie o tym, aby zorganizowa\u0107<a href=\"https:\/\/www.koronakarkonoszy.pl\/blog\/rustykalne-wesele\/\"> <\/a><a href=\"https:\/\/www.koronakarkonoszy.pl\/blog\/rustykalne-wesele\/\" target=\"_blank\" rel=\"noreferrer noopener\">rustykalne wesele<\/a><a href=\"https:\/\/www.koronakarkonoszy.pl\/blog\/rustykalne-wesele\/\"> <\/a>i szukacie inspiracji? Podpowiadamy, jak urz\u0105dzi\u0107 bezpretensjonalne przyj\u0119cie, nawi\u0105zuj\u0105ce do natury i folkloru. <strong>Sala weselna w stylu rustykalnym<\/strong> od lat cieszy si\u0119 du\u017cym powodzeniem w\u015br\u00f3d M\u0142odych Par. Aby odda\u0107 wyj\u0105tkowy charakter uroczysto\u015bci, si\u0119gnijcie po drewniane ozdoby, polne kwiaty, zielone li\u015bcie, jutowe woreczki, drabiny, lampiony i latarnie.<\/p>\n\n\n<section id=\"leonardo-block_c294af1e39091dea1cc1e5ab5f11984f\" class=\"leonardo page-breaker leonardo-image-left\">\r\n    <div class=\"leonardo-body\">\r\n        <h2 class=\"leonardo-title\" id=\"h-rustykalne-dekoracje\">Rustykalne dekoracje <\/h2>        <div class=\"leonardo-content\"><p><!-- wp:paragraph --><\/p>\n<p>Zastanawiacie si\u0119, jak wskaza\u0107 go\u015bciom drog\u0119 do ich stolika? Postawcie na<strong> drewniane drogowskazy<\/strong>, kt\u00f3re pomog\u0105 zaprowadzi\u0107 porz\u0105dek. W ten spos\u00f3b mo\u017cecie te\u017c wskaza\u0107 kierunek strefy relaksu, k\u0105cika ze s\u0142odko\u015bciami, fotobudki, czy innych atrakcji.<\/p>\n<p><!-- \/wp:paragraph --> <!-- wp:paragraph --><\/p>\n<p>Jak przyozdobi\u0107 sal\u0119 weseln\u0105 w stylu rustykalnym? W tym przypadku najlepiej sprawdz\u0105 si\u0119 dekoracje w kolorach ziemi, czyli zieleni, be\u017cu, br\u0105zu, szaro\u015bci i bieli. Decyduj\u0105c si\u0119 na taki motyw przewodni, postawcie na naturalno\u015b\u0107 i swobod\u0119. Rustykalna sala weselna nie mo\u017ce sprawia\u0107 zbyt \u201eoficjalnego\u201d wra\u017cenia.<\/p>\n<p><!-- \/wp:paragraph --><\/p>\n<\/div>\r\n                    <aside class=\"leonardo-interlink\">\r\n                <b>Polecamy<\/b>\r\n                <a href=\"https:\/\/www.koronakarkonoszy.pl\/blog\/en\/jak-zorganizowac-przyjecie-weselne-na-30-osob\/\">Jak zorganizowa\u0107 przyj\u0119cie weselne na 30 os\u00f3b?<\/a>\r\n            <\/aside>\r\n            <\/div>\r\n    <div class=\"leonardo-image\">\r\n        <img loading=\"lazy\" decoding=\"async\" width=\"1920\" height=\"1282\" src=\"https:\/\/www.koronakarkonoszy.pl\/blog\/wp-content\/uploads\/2022\/05\/wesele-wiosna-3.jpg\" class=\"attachment-full size-full\" alt=\"wesele wiosn\u0105: nowo\u017ce\u0144cy\" srcset=\"https:\/\/www.koronakarkonoszy.pl\/blog\/wp-content\/uploads\/2022\/05\/wesele-wiosna-3.jpg 1920w, https:\/\/www.koronakarkonoszy.pl\/blog\/wp-content\/uploads\/2022\/05\/wesele-wiosna-3-300x200.jpg 300w, https:\/\/www.koronakarkonoszy.pl\/blog\/wp-content\/uploads\/2022\/05\/wesele-wiosna-3-1024x684.jpg 1024w, https:\/\/www.koronakarkonoszy.pl\/blog\/wp-content\/uploads\/2022\/05\/wesele-wiosna-3-768x513.jpg 768w, https:\/\/www.koronakarkonoszy.pl\/blog\/wp-content\/uploads\/2022\/05\/wesele-wiosna-3-1536x1026.jpg 1536w\" sizes=\"auto, (max-width: 1920px) 100vw, 1920px\" \/>            <\/div>\r\n<\/section>\n\n\n<p>Przygotowuj\u0105c bukiet \u015blubny, butonierk\u0119, czy kompozycj\u0119 na st\u00f3\u0142 M\u0142odej Pary, wykorzystajcie te same kwiaty. Rustykalny charakter przyj\u0119cia doskonale oddadz\u0105:<\/p>\n\n\n\n<ul class=\"wp-block-list\">\n<li>piwonie,<\/li>\n\n\n\n<li>frezje,<\/li>\n\n\n\n<li>gips\u00f3wki,<\/li>\n\n\n\n<li>nagietki,<\/li>\n\n\n\n<li>maki,<\/li>\n\n\n\n<li>rumianek,<\/li>\n\n\n\n<li>wrzosy,<\/li>\n\n\n\n<li>eustoma,<\/li>\n\n\n\n<li>niezapominajka,<\/li>\n\n\n\n<li>lawenda,<\/li>\n\n\n\n<li>go\u017adziki,<\/li>\n\n\n\n<li>dzwonki.<\/li>\n<\/ul>\n\n\n\n<figure class=\"wp-block-image size-large\"><img loading=\"lazy\" decoding=\"async\" width=\"1024\" height=\"684\" src=\"https:\/\/www.koronakarkonoszy.pl\/blog\/wp-content\/uploads\/2021\/05\/bukiet-1024x684.jpg\" alt=\"\" class=\"wp-image-6580\" srcset=\"https:\/\/www.koronakarkonoszy.pl\/blog\/wp-content\/uploads\/2021\/05\/bukiet-1024x684.jpg 1024w, https:\/\/www.koronakarkonoszy.pl\/blog\/wp-content\/uploads\/2021\/05\/bukiet-300x200.jpg 300w, https:\/\/www.koronakarkonoszy.pl\/blog\/wp-content\/uploads\/2021\/05\/bukiet-768x513.jpg 768w, https:\/\/www.koronakarkonoszy.pl\/blog\/wp-content\/uploads\/2021\/05\/bukiet-1920x1282.jpg 1920w, https:\/\/www.koronakarkonoszy.pl\/blog\/wp-content\/uploads\/2021\/05\/bukiet-1536x1025.jpg 1536w, https:\/\/www.koronakarkonoszy.pl\/blog\/wp-content\/uploads\/2021\/05\/bukiet-2048x1367.jpg 2048w\" sizes=\"auto, (max-width: 1024px) 100vw, 1024px\" \/><figcaption class=\"wp-element-caption\"><strong>Bukiet Panny M\u0142odej <\/strong><\/figcaption><\/figure>\n\n\n\n<p>Przygotowuj\u0105c dekoracje rustykalnej sali weselnej, postarajcie si\u0119 wple\u015b\u0107 w nie dary natury. Si\u0119gnijcie po szyszki, jarz\u0119bin\u0119, \u017co\u0142\u0119dzie, kasztany, ga\u0142\u0105zki, li\u015bcie i k\u0142osy zbo\u017ca \u2013 zale\u017cnie od pory roku. Zach\u0119camy, aby w\u015br\u00f3d naturalnych akcent\u00f3w znalaz\u0142 si\u0119 te\u017c mech. Nie tylko b\u0142yskawicznie stworzy niezapomniany klimat, lecz tak\u017ce wspaniale komponuje si\u0119 z innymi dodatkami. Co wa\u017cne, nie zajmuje zbyt wiele miejsca, dlatego mo\u017cna nim przyozdobi\u0107 sto\u0142y, \u015bwieczniki, szklane s\u0142oje ze \u015bwiecami i wianki.<\/p>\n\n\n<div class=\"wp-block-image\">\n<figure class=\"aligncenter size-large\"><a href=\"https:\/\/www.koronakarkonoszy.pl\/wesele\/\" target=\"_blank\" rel=\"noreferrer noopener\"><img loading=\"lazy\" decoding=\"async\" width=\"1024\" height=\"512\" src=\"https:\/\/www.koronakarkonoszy.pl\/blog\/wp-content\/uploads\/2022\/06\/stylowy_dwor_wesleny_DKK-4-1024x512.jpg\" alt=\"\" class=\"wp-image-4048\" srcset=\"https:\/\/www.koronakarkonoszy.pl\/blog\/wp-content\/uploads\/2022\/06\/stylowy_dwor_wesleny_DKK-4-1024x512.jpg 1024w, https:\/\/www.koronakarkonoszy.pl\/blog\/wp-content\/uploads\/2022\/06\/stylowy_dwor_wesleny_DKK-4-300x150.jpg 300w, https:\/\/www.koronakarkonoszy.pl\/blog\/wp-content\/uploads\/2022\/06\/stylowy_dwor_wesleny_DKK-4-768x384.jpg 768w, https:\/\/www.koronakarkonoszy.pl\/blog\/wp-content\/uploads\/2022\/06\/stylowy_dwor_wesleny_DKK-4.jpg 1200w\" sizes=\"auto, (max-width: 1024px) 100vw, 1024px\" \/><\/a><\/figure>\n<\/div>\n\n\n<h2 class=\"wp-block-heading\" id=\"ha-sala-weselna-w-stylu-glamour\">Sala weselna w stylu glamour<\/h2>\n\n\n\n<p>Marzycie o eleganckim, pe\u0142nym przepychu przyj\u0119ciu, kt\u00f3ry wywo\u0142a u go\u015bci efekt WOW? Gwarantujemy, \u017ce styl glamour podbije serca wszystkich. Jak urz\u0105dzi\u0107 <strong>wesele w stylu glamour<\/strong>? Decyduj\u0105c si\u0119 na taki motyw przewodni, postarajcie si\u0119 zachowa\u0107 zdrowy rozs\u0105dek. Spr\u00f3bujcie nie przekroczy\u0107 bardzo cienkiej granicy pomi\u0119dzy wysmakowanym luksusem, a kiczem.<\/p>\n\n\n\n<p><strong>Sala weselna glamour<\/strong> zwykle zlokalizowana jest w romantycznym dworku, zamku lub pa\u0142acu. W wystroju pomieszczenia dominuj\u0105 tradycyjne kolory, takie jak biel, pudrowy r\u00f3\u017c, be\u017c, b\u0142\u0119kit i czer\u0144. Proponowana paleta barw doskonale wsp\u00f3\u0142gra ze srebrnymi, z\u0142otymi i brokatowymi akcentami.<\/p>\n\n\n\n<p>W dekoracjach cz\u0119sto pojawiaj\u0105 si\u0119 cyrkonie, diamentowe konfetti, per\u0142y. Warto r\u00f3wnie\u017c zwr\u00f3ci\u0107 uwag\u0119 na niezwykle wyrafinowane kompozycje kwiatowe, najcz\u0119\u015bciej z\u0142o\u017cone z bia\u0142ych, czerwonych, r\u00f3\u017cowych lub herbacianych r\u00f3\u017c. Zastanawiacie si\u0119, jak jeszcze podkre\u015bli\u0107 luksusowy charakter przyj\u0119cia? Mo\u017cecie wple\u015b\u0107 kryszta\u0142owe \u017cyrandole, szklane wazony i z\u0142ote \u015bwieczniki w wystr\u00f3j sali weselnej w stylu glamour.<\/p>\n\n\n<section id=\"leonardo-block_2cfd8cbbb10333216be406a15f56ebad\" class=\"leonardo page-breaker leonardo-image-left\">\r\n    <div class=\"leonardo-body\">\r\n        <h2 class=\"leonardo-title\" id=\"h-poczuj-sie-jak-prawdziwa-ksiezniczka\">Poczuj si\u0119 jak prawdziwa ksi\u0119\u017cniczka!<\/h2>        <div class=\"leonardo-content\"><p>Chcecie urz\u0105dzi\u0107 \u015blub i wesele w i\u015bcie kr\u00f3lewskim stylu? Postawcie na styl glamour! <strong>Glamour &#8211; sala weselna<\/strong> powinna by\u0107 utrzymana w odcieniach bieli, czerni, z\u0142ota i srebra. Dzi\u0119ki temu stworzy rewelacyjne t\u0142o dla ba\u015bniowych dekoracji.<\/p>\n<p>Styl glamour zachwyca wyrafinowan\u0105 elegancj\u0105, luksusem, splendorem, i bogactwem zdobie\u0144, dlatego odradzamy go zwolennikom minimalizmu. Planuj\u0105c wystr\u00f3j lokalu, zachowajcie r\u00f3wnowag\u0119 mi\u0119dzy przepychem a prostot\u0105. W przeciwnym razie osi\u0105gni\u0119cie efekt odwrotny do zamierzonego.<\/p>\n<\/div>\r\n                    <aside class=\"leonardo-interlink\">\r\n                <b>Polecamy<\/b>\r\n                <a href=\"https:\/\/www.koronakarkonoszy.pl\/blog\/en\/przyjecie-zamiast-wesela\/\">Przyj\u0119cie zamiast wesela: o czym pami\u0119ta\u0107?<\/a>\r\n            <\/aside>\r\n            <\/div>\r\n    <div class=\"leonardo-image\">\r\n        <img loading=\"lazy\" decoding=\"async\" width=\"1255\" height=\"836\" src=\"https:\/\/www.koronakarkonoszy.pl\/blog\/wp-content\/uploads\/2022\/06\/sala-weselna-Panna-Mloda.jpg\" class=\"attachment-full size-full\" alt=\"\" srcset=\"https:\/\/www.koronakarkonoszy.pl\/blog\/wp-content\/uploads\/2022\/06\/sala-weselna-Panna-Mloda.jpg 1255w, https:\/\/www.koronakarkonoszy.pl\/blog\/wp-content\/uploads\/2022\/06\/sala-weselna-Panna-Mloda-300x200.jpg 300w, https:\/\/www.koronakarkonoszy.pl\/blog\/wp-content\/uploads\/2022\/06\/sala-weselna-Panna-Mloda-1024x682.jpg 1024w, https:\/\/www.koronakarkonoszy.pl\/blog\/wp-content\/uploads\/2022\/06\/sala-weselna-Panna-Mloda-768x512.jpg 768w\" sizes=\"auto, (max-width: 1255px) 100vw, 1255px\" \/>            <\/div>\r\n<\/section>\n\n\n<h2 class=\"wp-block-heading\" id=\"ha-luksusowa-sala-dla-wymagajacych\">Luksusowa sala dla wymagaj\u0105cych<\/h2>\n\n\n\n<p>Szukacie luksusowej, przestronnej sali bankietowej, po\u0142o\u017conej w malowniczej okolicy? Postawcie na miejsce oddalone od prywatnych posesji, co gwarantuje kameraln\u0105 atmosfer\u0119.<\/p>\n\n\n\n<p>Wiele sal weselnych nosi wymy\u015blne nazwy. Sala weselna lawenda, sala weselna magnolia, orchidea sala weselna, szafran sala weselna, camelia sala weselna, bia\u0142a per\u0142a sala weselna, rubin sala weselna, koralowa sala weselna \u2013 w Internecie mo\u017cna znale\u017a\u0107 bogat\u0105 ofert\u0119 obiekt\u00f3w, kt\u00f3re prze\u015bcigaj\u0105 si\u0119 w proponowaniu licznych udogodnie\u0144. W zasadzie standardem jest to, \u017ce sala jest klimatyzowana i wentylowana, dzi\u0119ki czemu zapewnia maksymalny komfort biesiadnikom. Cz\u0119sto w okolicy znajduje si\u0119 romantyczny ogr\u00f3d, kt\u00f3ry idealnie nadaje si\u0119 na sesj\u0119 \u015blubn\u0105. Lokal jest te\u017c zwykle przystosowany dla os\u00f3b niepe\u0142nosprawnych.<\/p>\n\n\n<section id=\"leonardo-block_ef7fc031bf9ab8c3d54861aa19720ae2\" class=\"leonardo page-breaker leonardo-image-right\">\r\n    <div class=\"leonardo-body\">\r\n        <h2 class=\"leonardo-title\" id=\"h-sale-weselne\">Sale weselne <\/h2>        <div class=\"leonardo-content\"><p>Jednak sugeruj\u0105c si\u0119 tylko nazw\u0105, mo\u017cna dokona\u0107 niew\u0142a\u015bciwego wyboru. Czy nazwa &#8222;szafran sala weselna&#8221; nawi\u0105zuje do jej kolorystyki, charakteru i klimatu? To s\u0142owo przywodzi na my\u015bl orientalne przyprawy, egzotyk\u0119, dalek\u0105 Azj\u0119. Je\u015bli marzysz o dalekich podr\u00f3\u017cach, kochasz wn\u0119trza w stylu kolonialnym, czy wybierasz si\u0119 w podr\u00f3\u017c po\u015blubn\u0105 na przyk\u0142ad do Indii, taka sala mo\u017ce by\u0107 idealna na Twoje wesele!<\/p>\n<p>&#8222;Orchidea sala weselna&#8221;\u2026 Orchidee &#8211; kwiaty te s\u0105 wr\u0119cz po kr\u00f3lewsku majestatyczne. Doskona\u0142e tak, \u017ce wydaj\u0105 si\u0119 sztuczne. A\u017c nazbyt idealne. Sala o takiej nazwie r\u00f3wnie\u017c powinna nas ol\u015bni\u0107 sw\u0105 doskona\u0142o\u015bci\u0105.<\/p>\n<p>A &#8222;sala weselna <strong>lawenda<\/strong>&#8222;? Czy faktycznie wystrojem i kolorystyk\u0105 przenosi nas w gor\u0105c\u0105 atmosfer\u0119 po\u0142udniowej Francji? Wchodz\u0105c do niej, czujemy klimat francuskiej prowincji i lawendowych p\u00f3l?<\/p>\n<\/div>\r\n            <\/div>\r\n    <div class=\"leonardo-image\">\r\n        <img loading=\"lazy\" decoding=\"async\" width=\"800\" height=\"534\" src=\"https:\/\/www.koronakarkonoszy.pl\/blog\/wp-content\/uploads\/2021\/07\/wesele-wiosna-lawenda.jpg\" class=\"attachment-full size-full\" alt=\"Wesele wiosn\u0105 lawenda\" srcset=\"https:\/\/www.koronakarkonoszy.pl\/blog\/wp-content\/uploads\/2021\/07\/wesele-wiosna-lawenda.jpg 800w, https:\/\/www.koronakarkonoszy.pl\/blog\/wp-content\/uploads\/2021\/07\/wesele-wiosna-lawenda-300x200.jpg 300w, https:\/\/www.koronakarkonoszy.pl\/blog\/wp-content\/uploads\/2021\/07\/wesele-wiosna-lawenda-768x513.jpg 768w\" sizes=\"auto, (max-width: 800px) 100vw, 800px\" \/>            <\/div>\r\n<\/section>\n\n\n<p>Mo\u017ce niestety okaza\u0107 si\u0119, \u017ce szafran czy lawenda w nazwie sali \u2013 to tylko s\u0142owo\u2026 I nie idzie za nim ani orientalny czy lawendowy kolor \u015bcian lub dekoracji, ani pasuj\u0105cy do tego wystr\u00f3j. Dlatego trzeba sprawdzi\u0107, co kryje si\u0119 pod poetyckimi nazwami sal weselnych, zanim kt\u00f3r\u0105\u015b zarezerwujemy.<\/p>\n\n\n\n<style>\n    .cta_block{\n        margin: 1.5em 0;\n    }\n    .cta_block_content {\n        position: relative;\n        color: white;\n        padding: 1em;\n    }\n    .cta_block_content h3{\n        text-align: center;\n        font: normal normal normal 36px\/50px Yeseva One;\n    }\n    .cta_block_content .cta_block_desc{\n        text-align: center;\n        font-size: 1.1em;\n        position: relative;\n    }\n    .cta_block_content .cta_block_desc:before {\n        content: '';\n        width: 80px;\n        height: 4px;\n        background: #EEB315;\n        position: absolute;\n        left: 0;\n        right: 0;\n        margin-left: auto;\n        margin-right: auto;\n        top: -22px;\n    }\n\n    .cta_block_content picture{\n        position: absolute;\n        top: 0;\n        right: 0;\n        z-index: -1;\n        height: 100%;\n        overflow: hidden;\n        width: 100%;\n    }\n    .cta_block_content picture img{\n        object-fit: cover;\n        height: 100%;\n        width: 100%;\n    }\n    .cta_block .cta_block_content .ninja-forms-field{\n        background: #FFFFFF2F;\n        border: 1px solid #EEB315;\n        border-radius: 25px;\n        opacity: 1;\n        color: #ffffff;\n    }\n    .cta_block .cta_block_content .nf-form-content input[type=submit]{\n        background-color: #EEB315;\n        color: #292929;\n        text-align: center;\n        font: normal normal bold 14px\/20px Work Sans;\n        padding: 0 2em;\n    }\n\n    .cta_block ::placeholder{\n        color: white!important;\n        opacity: 1;\n    }\n\n    .cta_block_content::after {\n        height: 100%;\n        width: 100%;\n        content: \"\";\n        z-index: -1;\n        position: absolute;\n        top: 0;\n        background: #00000070;\n        right: 0;\n        left: 0;\n        bottom: 0;\n    }\n    #ha-cta-block, .cta_block_desc, .cta_block .nf-field-label, .cta_block .nf-error-msg {\n        filter: drop-shadow(1px 1px 8px black);\n    }\n\n\/*    .cta_block nf-rows-wrap {\n        display: flex;\n        justify-content: space-around;\n        flex-direction: row;\n    }*\/\n\n    .cta_block .nf-field-label {\n        display:none;\n    }\n\n    .cta_block .nf-error.field-wrap .nf-field-element::after {\n        border-radius: 50px;\n    }\n\n    .cta_block .nf-error-msg {\n        color: #fff;\n    }\n\n    .cta_block .nf-form-cont {\n        margin-top: 3em;\n        margin-bottom: 1em;\n    }\n\n    .wp-admin .cta_block_content{\n        display: none;\n    }\n    .cta_block .nf-form-fields-required {\n        display: none;\n    }\n    body:not(.wp-admin) .cta_block_admin {\n        display: none;\n    }\n<\/style>\n<div id=\"cta_block-block_d761eb6a693b7c3bd7a79cd5c3f0cdd3\" class=\"cta_block\">\n    <div class=\"cta_block_admin\" style=\"background-color: blue; color: white\">\n        Blok CTA\n    <\/div>\n    <div class=\"cta_block\">\n        <div class=\"cta_block_content\">   \n        <h3 id=\"ha-miejsce-ma-znaczenie\">Miejsce ma znaczenie!<\/h3>\n                    <div class=\"cta_block_desc\">Zarezerwujcie sal\u0119 weseln\u0105 swoich marze\u0144 \u2665<\/div>\n                <noscript class=\"ninja-forms-noscript-message\">\n\tNotice: JavaScript is required for this content.<\/noscript>\n<div id=\"nf-form-3_1-cont\" class=\"nf-form-cont\" aria-live=\"polite\" aria-labelledby=\"nf-form-title-3_1\" aria-describedby=\"nf-form-errors-3_1\" role=\"form\">\n\n    <div class=\"nf-loading-spinner\"><\/div>\n\n<\/div>\n        <!-- That data is being printed as a workaround to page builders reordering the order of the scripts loaded-->\n        <script>var formDisplay=1;var nfForms=nfForms||[];var form=[];form.id='3_1';form.settings={\"objectType\":\"Form Setting\",\"editActive\":true,\"title\":\"Block CTA\",\"created_at\":\"2022-11-08 16:03:33\",\"default_label_pos\":\"above\",\"show_title\":0,\"clear_complete\":\"1\",\"hide_complete\":\"1\",\"logged_in\":\"\",\"wrapper_class\":\"\",\"element_class\":\"\",\"key\":\"\",\"add_submit\":\"0\",\"changeEmailErrorMsg\":\"Please enter a valid email address!\",\"changeDateErrorMsg\":\"Please enter a valid date!\",\"confirmFieldErrorMsg\":\"These fields must match!\",\"fieldNumberNumMinError\":\"Number Min Error\",\"fieldNumberNumMaxError\":\"Number Max Error\",\"fieldNumberIncrementBy\":\"Please increment by \",\"formErrorsCorrectErrors\":\"Please correct errors before submitting this form.\",\"validateRequiredField\":\"This is a required field.\",\"honeypotHoneypotError\":\"Honeypot Error\",\"fieldsMarkedRequired\":\"Fields marked with an &lt;span class=&quot;ninja-forms-req-symbol&quot;&gt;*&lt;\\\/span&gt; are required\",\"currency\":\"\",\"repeatable_fieldsets\":\"\",\"unique_field_error\":\"Formularz z t\\u0105 warto\\u015bci\\u0105 zosta\\u0142 ju\\u017c przes\\u0142any.\",\"not_logged_in_msg\":\"\",\"sub_limit_msg\":\"Formularz osi\\u0105gn\\u0105\\u0142 limit wys\\u0142a\\u0144.\",\"calculations\":[],\"container_styles_show_advanced_css\":\"0\",\"title_styles_show_advanced_css\":\"0\",\"row_styles_show_advanced_css\":\"0\",\"row-odd_styles_show_advanced_css\":\"0\",\"success-msg_styles_show_advanced_css\":\"0\",\"error_msg_styles_show_advanced_css\":\"0\",\"formContentData\":[{\"order\":1,\"cells\":[{\"order\":0,\"fields\":[\"phone_1640098023980\"],\"width\":35},{\"order\":1,\"fields\":[\"adres_e-mail_1667919839452\"],\"width\":35},{\"order\":2,\"fields\":[\"zapisz_mnie_1667919853255\"],\"width\":30}]}],\"drawerDisabled\":false,\"conditions\":[],\"allow_public_link\":0,\"embed_form\":\"\",\"container_styles_border\":\"\",\"container_styles_height\":\"\",\"container_styles_margin\":\"\",\"container_styles_padding\":\"\",\"container_styles_float\":\"\",\"title_styles_border\":\"\",\"title_styles_height\":\"\",\"title_styles_width\":\"\",\"title_styles_font-size\":\"\",\"title_styles_margin\":\"\",\"title_styles_padding\":\"\",\"title_styles_float\":\"\",\"row_styles_border\":\"\",\"row_styles_width\":\"\",\"row_styles_font-size\":\"\",\"row_styles_margin\":\"\",\"row_styles_padding\":\"\",\"row-odd_styles_border\":\"\",\"row-odd_styles_height\":\"\",\"row-odd_styles_width\":\"\",\"row-odd_styles_font-size\":\"\",\"row-odd_styles_margin\":\"\",\"row-odd_styles_padding\":\"\",\"success-msg_styles_border\":\"\",\"success-msg_styles_height\":\"\",\"success-msg_styles_width\":\"\",\"success-msg_styles_font-size\":\"\",\"success-msg_styles_margin\":\"\",\"success-msg_styles_padding\":\"\",\"error_msg_styles_border\":\"\",\"error_msg_styles_width\":\"\",\"error_msg_styles_font-size\":\"\",\"error_msg_styles_margin\":\"\",\"error_msg_styles_padding\":\"\",\"form_title_heading_level\":\"3\",\"ninjaForms\":\"Ninja Forms\",\"fieldTextareaRTEInsertLink\":\"Insert Link\",\"fieldTextareaRTEInsertMedia\":\"Insert Media\",\"fieldTextareaRTESelectAFile\":\"Select a file\",\"formHoneypot\":\"If you are a human seeing this field, please leave it empty.\",\"fileUploadOldCodeFileUploadInProgress\":\"File Upload in Progress.\",\"fileUploadOldCodeFileUpload\":\"FILE UPLOAD\",\"currencySymbol\":\"&#36;\",\"thousands_sep\":\",\",\"decimal_point\":\".\",\"siteLocale\":\"en_GB\",\"dateFormat\":\"m\\\/d\\\/Y\",\"startOfWeek\":\"1\",\"of\":\"of\",\"previousMonth\":\"Previous Month\",\"nextMonth\":\"Next Month\",\"months\":[\"January\",\"February\",\"March\",\"April\",\"May\",\"June\",\"July\",\"August\",\"September\",\"October\",\"November\",\"December\"],\"monthsShort\":[\"Jan\",\"Feb\",\"Mar\",\"Apr\",\"May\",\"Jun\",\"Jul\",\"Aug\",\"Sep\",\"Oct\",\"Nov\",\"Dec\"],\"weekdays\":[\"Sunday\",\"Monday\",\"Tuesday\",\"Wednesday\",\"Thursday\",\"Friday\",\"Saturday\"],\"weekdaysShort\":[\"Sun\",\"Mon\",\"Tue\",\"Wed\",\"Thu\",\"Fri\",\"Sat\"],\"weekdaysMin\":[\"Su\",\"Mo\",\"Tu\",\"We\",\"Th\",\"Fr\",\"Sa\"],\"recaptchaConsentMissing\":\"reCaptcha validation couldn&#039;t load.\",\"recaptchaMissingCookie\":\"reCaptcha v3 validation couldn&#039;t load the cookie needed to submit the form.\",\"recaptchaConsentEvent\":\"Accept reCaptcha cookies before sending the form.\",\"currency_symbol\":\"\",\"beforeForm\":\"\",\"beforeFields\":\"\",\"afterFields\":\"\",\"afterForm\":\"\"};form.fields=[{\"objectType\":\"Field\",\"objectDomain\":\"fields\",\"editActive\":false,\"order\":1,\"idAttribute\":\"id\",\"type\":\"phone\",\"label\":\"Numer telefonu\",\"key\":\"phone_1640098023980\",\"label_pos\":\"above\",\"required\":1,\"default\":\"\",\"placeholder\":\"Numer telefonu\",\"container_class\":\"\",\"element_class\":\"\",\"input_limit\":\"\",\"input_limit_type\":\"characters\",\"input_limit_msg\":\"Liczba pozosta\\u0142ych znak\\u00f3w:\",\"manual_key\":\"\",\"admin_label\":\"\",\"help_text\":\"\",\"mask\":\"\",\"custom_mask\":\"\",\"custom_name_attribute\":\"phone\",\"personally_identifiable\":1,\"wrap_styles_border\":\"\",\"wrap_styles_width\":\"\",\"wrap_styles_margin\":\"\",\"wrap_styles_padding\":\"\",\"wrap_styles_float\":\"\",\"wrap_styles_show_advanced_css\":0,\"label_styles_border\":\"\",\"label_styles_width\":\"\",\"label_styles_font-size\":\"\",\"label_styles_margin\":\"\",\"label_styles_padding\":\"\",\"label_styles_float\":\"\",\"label_styles_show_advanced_css\":0,\"element_styles_border\":\"\",\"element_styles_width\":\"\",\"element_styles_font-size\":\"\",\"element_styles_margin\":\"\",\"element_styles_padding\":\"\",\"element_styles_float\":\"\",\"element_styles_show_advanced_css\":0,\"cellcid\":\"c3386\",\"value\":\"\",\"field_label\":\"Numer telefonu\",\"field_key\":\"phone_1640098023980\",\"drawerDisabled\":false,\"id\":\"8_1\",\"beforeField\":\"\",\"afterField\":\"\",\"parentType\":\"textbox\",\"element_templates\":[\"tel\",\"textbox\",\"input\"],\"old_classname\":\"\",\"wrap_template\":\"wrap\"},{\"objectType\":\"Field\",\"objectDomain\":\"fields\",\"editActive\":false,\"order\":2,\"idAttribute\":\"id\",\"type\":\"email\",\"label\":\"Adres e-mail\",\"key\":\"adres_e-mail_1667919839452\",\"label_pos\":\"above\",\"required\":1,\"default\":\"\",\"placeholder\":\"Adres e-mail\",\"container_class\":\"\",\"element_class\":\"\",\"admin_label\":\"\",\"help_text\":\"\",\"custom_name_attribute\":\"email\",\"personally_identifiable\":1,\"wrap_styles_border\":\"\",\"wrap_styles_width\":\"\",\"wrap_styles_margin\":\"\",\"wrap_styles_padding\":\"\",\"wrap_styles_float\":\"\",\"wrap_styles_show_advanced_css\":0,\"label_styles_border\":\"\",\"label_styles_width\":\"\",\"label_styles_font-size\":\"\",\"label_styles_margin\":\"\",\"label_styles_padding\":\"\",\"label_styles_float\":\"\",\"label_styles_show_advanced_css\":0,\"element_styles_border\":\"\",\"element_styles_width\":\"\",\"element_styles_font-size\":\"\",\"element_styles_margin\":\"\",\"element_styles_padding\":\"\",\"element_styles_float\":\"\",\"element_styles_show_advanced_css\":0,\"cellcid\":\"c3389\",\"value\":\"\",\"drawerDisabled\":false,\"field_label\":\"E-mail\",\"field_key\":\"email_1640098026199\",\"id\":\"9_1\",\"beforeField\":\"\",\"afterField\":\"\",\"parentType\":\"email\",\"element_templates\":[\"email\",\"input\"],\"old_classname\":\"\",\"wrap_template\":\"wrap\"},{\"objectType\":\"Field\",\"objectDomain\":\"fields\",\"editActive\":false,\"order\":3,\"idAttribute\":\"id\",\"type\":\"submit\",\"label\":\"Zapisz mnie\",\"processing_label\":\"W trakcie realizacji\",\"container_class\":\"\",\"element_class\":\"\",\"key\":\"zapisz_mnie_1667919853255\",\"wrap_styles_border\":\"\",\"wrap_styles_width\":\"\",\"wrap_styles_margin\":\"\",\"wrap_styles_padding\":\"\",\"wrap_styles_float\":\"\",\"wrap_styles_show_advanced_css\":0,\"element_styles_border\":\"\",\"element_styles_width\":\"\",\"element_styles_font-size\":\"\",\"element_styles_margin\":\"\",\"element_styles_padding\":\"\",\"element_styles_float\":\"\",\"element_styles_show_advanced_css\":0,\"submit_element_hover_styles_border\":\"\",\"submit_element_hover_styles_width\":\"\",\"submit_element_hover_styles_font-size\":\"\",\"submit_element_hover_styles_margin\":\"\",\"submit_element_hover_styles_padding\":\"\",\"submit_element_hover_styles_float\":\"\",\"submit_element_hover_styles_show_advanced_css\":0,\"cellcid\":\"c3391\",\"drawerDisabled\":false,\"field_label\":\"Zamawiam rozmow\\u0119\",\"field_key\":\"zamawiam_rozmowe_1640098067453\",\"id\":\"10_1\",\"beforeField\":\"\",\"afterField\":\"\",\"value\":\"\",\"label_pos\":\"above\",\"parentType\":\"textbox\",\"element_templates\":[\"submit\",\"button\",\"input\"],\"old_classname\":\"\",\"wrap_template\":\"wrap-no-label\"}];nfForms.push(form);<\/script>\n                <script id=\"nf-tmpl-cell\" type=\"text\/template\">\n            <nf-fields><\/nf-fields>\n        <\/script>\n\n        <script id=\"nf-tmpl-row\" type=\"text\/template\">\n            <nf-cells><\/nf-cells>\n        <\/script>\n\n                <img loading=\"lazy\" decoding=\"async\" width=\"1500\" height=\"705\" src=\"https:\/\/www.koronakarkonoszy.pl\/blog\/wp-content\/uploads\/2022\/06\/Dwor-Korona-Karkonoszy.jpg\" class=\"attachment-full size-full\" alt=\"\" srcset=\"https:\/\/www.koronakarkonoszy.pl\/blog\/wp-content\/uploads\/2022\/06\/Dwor-Korona-Karkonoszy.jpg 1500w, https:\/\/www.koronakarkonoszy.pl\/blog\/wp-content\/uploads\/2022\/06\/Dwor-Korona-Karkonoszy-300x141.jpg 300w, https:\/\/www.koronakarkonoszy.pl\/blog\/wp-content\/uploads\/2022\/06\/Dwor-Korona-Karkonoszy-1024x481.jpg 1024w, https:\/\/www.koronakarkonoszy.pl\/blog\/wp-content\/uploads\/2022\/06\/Dwor-Korona-Karkonoszy-768x361.jpg 768w\" sizes=\"auto, (max-width: 1500px) 100vw, 1500px\" \/>        <\/div> \n    <\/div>\n<\/div>\n\n\n\n<h2 class=\"wp-block-heading\" id=\"h-sala-weselna-i-wesele-w-stylu-boho-krok-po-kroku\">Sala weselna i wesele w stylu boho krok po kroku<\/h2>\n\n\n\n<p>Marzycie o tym, \u017ceby urz\u0105dzi\u0107 wyj\u0105tkowe<a href=\"https:\/\/www.koronakarkonoszy.pl\/blog\/wesele-dolny-slask\/\"> wese<\/a><a href=\"https:\/\/www.koronakarkonoszy.pl\/blog\/wesele-dolny-slask\/\" target=\"_blank\" rel=\"noreferrer noopener\">le na Dolnym \u015al\u0105sku<\/a>? Motyw glamour niekoniecznie przypad\u0142 Wam do gustu i szukacie ciekawej alternatywy? Cenicie sobie nieszablonowe rozwi\u0105zania, a przy okazji nie macie zamiaru urz\u0105dza\u0107 wystawnego, sztywnego przyj\u0119cia? Postawcie na styl boho! Sala weselna mo\u017ce zawiera\u0107 przeszklone, ceglane lub drewniane elementy. Je\u015bli nie znale\u017ali\u015bcie idealnego lokalu, wcale nie musicie rezygnowa\u0107 z wymarzonego motywu.<\/p>\n\n\n\n<p>Urocza <strong>sala weselna boho<\/strong> z pewno\u015bci\u0105 Was zachwyci. Je\u015bli chcecie troch\u0119 d\u0142u\u017cej po\u015bwi\u0119towa\u0107, wybierzcie lokal z niesamowitym widokiem na Karkonosze. Okolica zach\u0119ca do romantycznych spacer\u00f3w, piknik\u00f3w i przeja\u017cd\u017cek rowerowych.<\/p>\n\n\n<section id=\"leonardo-block_601f48ffc2bad486ead565568966cf8e\" class=\"leonardo page-breaker leonardo-image-right\">\r\n    <div class=\"leonardo-body\">\r\n        <h2 class=\"leonardo-title\" id=\"h-styl-boho-sala-weselna\">Styl boho sala weselna<\/h2>        <div class=\"leonardo-content\"><p>Jak prosto i efektownie ozdobi\u0107 tak\u0105 sal\u0119? Dekoracje powinny nape\u0142ni\u0107 wn\u0119trze sielsk\u0105 atmosfer\u0105. Czerpcie inspiracje z natury, folkloru, a tak\u017ce z kultury romskiej i hipisowskiej. Proponowany styl kojarzy si\u0119 z luzem, swobod\u0105, wolno\u015bci\u0105, eklektyzmem i blisko\u015bci\u0105 natury, nic wi\u0119c dziwnego, \u017ce cieszy si\u0119 nies\u0142abn\u0105c\u0105 popularno\u015bci\u0105. Dekoracje boho pozwol\u0105 Wam osi\u0105gn\u0105\u0107 odpowiedni efekt. Si\u0119gnijcie po naturalne materia\u0142y, takie jak len, bawe\u0142na, we\u0142na. Postarajcie si\u0119 wple\u015b\u0107 w wystr\u00f3j makatki, makramy, pi\u00f3rka i rzemyki.<\/p>\n<\/div>\r\n            <\/div>\r\n    <div class=\"leonardo-image\">\r\n        <img loading=\"lazy\" decoding=\"async\" width=\"1000\" height=\"667\" src=\"https:\/\/www.koronakarkonoszy.pl\/blog\/wp-content\/uploads\/2021\/10\/Slub-w-lipcu.jpg\" class=\"attachment-full size-full\" alt=\"\" srcset=\"https:\/\/www.koronakarkonoszy.pl\/blog\/wp-content\/uploads\/2021\/10\/Slub-w-lipcu.jpg 1000w, https:\/\/www.koronakarkonoszy.pl\/blog\/wp-content\/uploads\/2021\/10\/Slub-w-lipcu-300x200.jpg 300w, https:\/\/www.koronakarkonoszy.pl\/blog\/wp-content\/uploads\/2021\/10\/Slub-w-lipcu-768x512.jpg 768w\" sizes=\"auto, (max-width: 1000px) 100vw, 1000px\" \/>            <\/div>\r\n<\/section>\n\n\n<h2 class=\"wp-block-heading\" id=\"ha-czym-kierowac-sie-przy-wyborze-miejsca-na-wesele-w-stylu-boho\">Czym kierowa\u0107 si\u0119 przy wyborze miejsca na wesele w stylu boho?<\/h2>\n\n\n\n<p>Uroczysto\u015bci mo\u017cecie urz\u0105dzi\u0107 w sali weselnej, w ogrodzie, du\u017cym namiocie lub stodole. Sala weselna powinna dysponowa\u0107 terenem zielonym. Go\u015bcie b\u0119d\u0105 mogli tam spokojnie odpocz\u0105\u0107 i porozmawia\u0107. Pami\u0119tajcie, \u017ce odpowiednie dekoracje podkre\u015bl\u0105 charakter przyj\u0119cia.<\/p>\n\n\n\n<p>Chocia\u017c mo\u017cliwo\u015bci aran\u017cacyjne wydaj\u0105 si\u0119 nieograniczone, zach\u0119camy, \u017ceby\u015bcie w pierwszej kolejno\u015bci wzi\u0119li pod uwag\u0119 koronkowe serwetki, jutowe sznurki, szyfonowe wst\u0105\u017cki i malowane r\u0119cznie tablice.<\/p>\n\n\n\n<figure class=\"wp-block-image size-large\"><img loading=\"lazy\" decoding=\"async\" width=\"1024\" height=\"683\" src=\"https:\/\/www.koronakarkonoszy.pl\/blog\/wp-content\/uploads\/2022\/08\/zloty-2-1024x683.jpg\" alt=\"\" class=\"wp-image-5331\" srcset=\"https:\/\/www.koronakarkonoszy.pl\/blog\/wp-content\/uploads\/2022\/08\/zloty-2-1024x683.jpg 1024w, https:\/\/www.koronakarkonoszy.pl\/blog\/wp-content\/uploads\/2022\/08\/zloty-2-300x200.jpg 300w, https:\/\/www.koronakarkonoszy.pl\/blog\/wp-content\/uploads\/2022\/08\/zloty-2-768x512.jpg 768w, https:\/\/www.koronakarkonoszy.pl\/blog\/wp-content\/uploads\/2022\/08\/zloty-2.jpg 1500w\" sizes=\"auto, (max-width: 1024px) 100vw, 1024px\" \/><figcaption class=\"wp-element-caption\"><strong><a href=\"https:\/\/www.koronakarkonoszy.pl\/pokoje\/\" target=\"_blank\" rel=\"noreferrer noopener\">Apartament Zloty<\/a>, Dw\u00f3r Korona Karkonoszy, <a href=\"https:\/\/www.koronakarkonoszy.pl\/blog-atrakcje\/sosnowka\/\" class=\"links-placer\">Sosn\u00f3wka<\/a> k. Karpacza <\/strong><\/figcaption><\/figure>\n\n\n\n<p>Bukiet \u015blubny mo\u017cecie wyczarowa\u0107 z jaskr\u00f3w, lawendy, s\u0142onecznik\u00f3w, wrzos\u00f3w, margarytek lub gips\u00f3wki i eustomy. Wspomniane kwiaty wykorzystajcie te\u017c przy dekorowaniu <strong>sali weselnej boho<\/strong>. Wybrany motyw powinien r\u00f3wnie\u017c pojawi\u0107 si\u0119 na zaproszeniach, winietkach, ksi\u0119dze go\u015bci, menu na sto\u0142ach i zawieszkach na alkohol. W ten spos\u00f3b wprowadzicie rodzin\u0119 i znajomych w niepowtarzalny klimat.<\/p>\n\n\n\n<p>Przegl\u0105daj\u0105c oferty gospodarstw agroturystycznych, zwr\u00f3\u0107cie uwag\u0119, czy dysponuj\u0105 odrestaurowan\u0105, <strong>drewnian\u0105 stodo\u0142\u0105<\/strong>. Przy okazji mo\u017cecie wynaj\u0105\u0107 apartament dla nowo\u017ce\u0144c\u00f3w i pokoje dla go\u015bci. Zastanawiacie si\u0119, dlaczego zarezerwowa\u0107 <strong>sal\u0119 weseln\u0105 w stodole?<\/strong> To idealna okazja, aby w pe\u0142ni korzysta\u0107 z urok\u00f3w natury. Je\u015bli jednak wolicie wi\u0119cej udogodnie\u0144, sala weselna w dworku b\u0119dzie najlepszym wyborem.<\/p>\n\n\n<section id=\"leonardo-block_46bac23400bcbff24d5cdac6e4d02734\" class=\"leonardo page-breaker leonardo-image-left\">\r\n    <div class=\"leonardo-body\">\r\n        <h2 class=\"leonardo-title\" id=\"h-praktyczne-wskazowki-dla-par-mlodych\">Praktyczne wskaz\u00f3wki dla Par M\u0142odych<\/h2>        <div class=\"leonardo-content\"><p>Je\u015bli ustalili\u015bcie ju\u017c wystr\u00f3j <strong>sali weselnej na Dolnym \u015al\u0105sku<\/strong>, mo\u017cecie przej\u015b\u0107 do bardziej przyziemnych spraw. Bez wzgl\u0119du na to, czy chcecie wzi\u0105\u0107 \u015blub ko\u015bcielny, czy cywilny, upewnijcie si\u0119, \u017ce dojazd do lokalu po uroczysto\u015bci nie zajmie wi\u0119cej ni\u017c 20-30 minut. W przeciwnym razie go\u015bcie b\u0119d\u0105 zm\u0119czeni i zirytowani. Nie zmuszajcie ich do wyczerpuj\u0105cej podr\u00f3\u017cy, nawet je\u015bli wynaj\u0119li\u015bcie autokar.<\/p>\n<p>Je\u015bli znale\u017ali\u015bcie wymarzon\u0105 <strong>sal\u0119 weseln\u0105 z noclegiem<\/strong>, z pewno\u015bci\u0105 zastanawiacie si\u0119, kto ma zap\u0142aci\u0107 za pokoje dla go\u015bci. Wspomniana kwestia budzi wiele kontrowersji, ale przyj\u0119\u0142o si\u0119, \u017ce ten obowi\u0105zek spoczywa na Parze M\u0142odej. Rozwa\u017cacie, jak z tego wybrn\u0105\u0107, je\u015bli dysponujecie ograniczonym bud\u017cetem? Przede wszystkim nie zostawiajcie przyjezdnych weselnik\u00f3w samych z tym problemem. Mo\u017cecie popyta\u0107 w\u015br\u00f3d rodziny i znajomych, czy kto\u015b zgodzi\u0142by si\u0119 przenocowa\u0107 go\u015bci. Przedstawcie jasno swoj\u0105 sytuacj\u0119 finansow\u0105 i ustalcie, kto chcia\u0142by przenocowa\u0107 w hotelu. Mo\u017cecie zadeklarowa\u0107 pomoc przy rezerwacji pokoi, zaznaczaj\u0105c przy tym, \u017ce go\u015bcie musz\u0105 sami op\u0142aci\u0107 sw\u00f3j pobyt.<\/p>\n<\/div>\r\n            <\/div>\r\n    <div class=\"leonardo-image\">\r\n        <img loading=\"lazy\" decoding=\"async\" width=\"640\" height=\"427\" src=\"https:\/\/www.koronakarkonoszy.pl\/blog\/wp-content\/uploads\/2022\/06\/sala-weselna-przygotowania-do-slubu.jpg\" class=\"attachment-full size-full\" alt=\"\" srcset=\"https:\/\/www.koronakarkonoszy.pl\/blog\/wp-content\/uploads\/2022\/06\/sala-weselna-przygotowania-do-slubu.jpg 640w, https:\/\/www.koronakarkonoszy.pl\/blog\/wp-content\/uploads\/2022\/06\/sala-weselna-przygotowania-do-slubu-300x200.jpg 300w\" sizes=\"auto, (max-width: 640px) 100vw, 640px\" \/>            <\/div>\r\n<\/section>\n\n\n<h2 class=\"wp-block-heading\" id=\"ha-kameralne-przyjecie-o-czym-warto-pamietac\">Kameralne przyj\u0119cie \u2013 o czym warto pami\u0119ta\u0107?<\/h2>\n\n\n\n<p>Jak zorganizowa\u0107 <strong>kameralne wesele<\/strong>? Takie pytanie zadaje sobie wiele Par M\u0142odych, dlatego przygotowali\u015bmy dla Was gar\u015b\u0107 wskaz\u00f3wek. Ma\u0142e przyj\u0119cie jest z natury bardziej intymne, poniewa\u017c zapraszacie na nie tylko najbli\u017csz\u0105 rodzin\u0119 i przyjaci\u00f3\u0142. Organizuj\u0105c wesele na 150, 200, czy 300 os\u00f3b, nie mogliby\u015bcie po\u015bwi\u0119ci\u0107 ka\u017cdej osobie tyle uwagi, ile by\u015bcie chcieli.<\/p>\n\n\n<section id=\"leonardo-block_5cebfa55471dcf9c2d274790d2b7bd83\" class=\"leonardo page-breaker leonardo-image-right\">\r\n    <div class=\"leonardo-body\">\r\n        <h2 class=\"leonardo-title\" id=\"h-mala-sala-weselna\">Ma\u0142a sala weselna <\/h2>        <div class=\"leonardo-content\"><p><strong data-rich-text-format-boundary=\"true\">Ma\u0142a sala weselna<\/strong> jest zwykle ta\u0144sza, dlatego mo\u017cecie zaszale\u0107 przy wyborze menu, dekoracji, atrakcji, czy upomink\u00f3w dla go\u015bci. Je\u015bli zdecydujecie si\u0119 na kameralne przyj\u0119cie weselne, zyskujecie swobod\u0119 w wyborze lokalu. Nie musicie te\u017c czeka\u0107 2-3 lata na wolny termin, jak ma to miejsce w przypadku wi\u0119kszych sal. Niezale\u017cnie od tego, czy cenicie sobie tradycyjne rozwi\u0105zania, czy szukacie czego\u015b nietypowego, z pewno\u015bci\u0105 znajdziecie odpowiednie miejsce. Planuj\u0105c niewielkie wesele, mo\u017cecie popu\u015bci\u0107 wodze fantazji.<\/p>\n<\/div>\r\n                    <aside class=\"leonardo-interlink\">\r\n                <b>Polecamy<\/b>\r\n                <a href=\"https:\/\/www.koronakarkonoszy.pl\/blog\/en\/wesele-w-polsce\/\">Wesele w Polsce<\/a>\r\n            <\/aside>\r\n            <\/div>\r\n    <div class=\"leonardo-image\">\r\n        <img loading=\"lazy\" decoding=\"async\" width=\"800\" height=\"600\" src=\"https:\/\/www.koronakarkonoszy.pl\/blog\/wp-content\/uploads\/2022\/01\/Dekoracja-wejscia-do-sali-weselnej.jpg\" class=\"attachment-full size-full\" alt=\"\" srcset=\"https:\/\/www.koronakarkonoszy.pl\/blog\/wp-content\/uploads\/2022\/01\/Dekoracja-wejscia-do-sali-weselnej.jpg 800w, https:\/\/www.koronakarkonoszy.pl\/blog\/wp-content\/uploads\/2022\/01\/Dekoracja-wejscia-do-sali-weselnej-300x225.jpg 300w, https:\/\/www.koronakarkonoszy.pl\/blog\/wp-content\/uploads\/2022\/01\/Dekoracja-wejscia-do-sali-weselnej-768x576.jpg 768w\" sizes=\"auto, (max-width: 800px) 100vw, 800px\" \/>            <\/div>\r\n<\/section>\n\n\n<p>Zanim rozpoczniecie poszukiwania, zastan\u00f3wcie si\u0119, czy chcecie bawi\u0107 si\u0119 w restauracji, odrestaurowanej stodole, dworku, czy w plenerze? Pomy\u015blcie te\u017c, czy dane miejsce rzeczywi\u015bcie pasuje do wybranego motywu przewodniego.&nbsp;Jak znale\u017a\u0107 <strong>tani\u0105 sal\u0119 weseln\u0105<\/strong>? To, czy co\u015b jest drogie czy tanie to poj\u0119cie wzgl\u0119dne. Niemniej zajrzyjcie na fora i blogi weselne, popytajcie w\u015br\u00f3d rodziny i znajomych, a tak\u017ce zajrzyjcie na media spo\u0142eczno\u015bciowe. Oczywi\u015bcie nie podejmujcie tak wa\u017cnej decyzji na podstawie samych zdj\u0119\u0107 i opinii w Internecie. Zanim zarezerwujecie sal\u0119, zadzwo\u0144cie i um\u00f3wcie si\u0119 na spotkanie z w\u0142a\u015bcicielem lub managerem. Pami\u0119tajcie, \u017ce im wcze\u015bniej wypatrzycie odpowiednie miejsce, tym szybciej zajmiecie si\u0119 pozosta\u0142ymi sprawami zwi\u0105zanymi ze \u015blubem i weselem.<\/p>\n\n\n\n<h2 class=\"wp-block-heading\" id=\"h-idealna-sala-weselna-podsumowanie\">Idealna sala weselna: podsumowanie<\/h2>\n\n\n\n<p>Szukaj\u0105c sali weselnej, nale\u017cy wzi\u0105\u0107 pod uwag\u0119 wiele czynnik\u00f3w. Do najwa\u017cniejszych zaliczamy:<\/p>\n\n\n\n<ul class=\"wp-block-list\">\n<li>bud\u017cet,<\/li>\n\n\n\n<li>liczb\u0119 go\u015bci,<\/li>\n\n\n\n<li>motyw przewodni,<\/li>\n\n\n\n<li>lokalizacj\u0119,<\/li>\n\n\n\n<li>opinie innych,<\/li>\n\n\n\n<li>rodzaj lokalu.<\/li>\n<\/ul>\n\n\n\n<figure class=\"wp-block-image size-full\"><img loading=\"lazy\" decoding=\"async\" width=\"840\" height=\"560\" src=\"https:\/\/www.koronakarkonoszy.pl\/blog\/wp-content\/uploads\/2022\/12\/wesele-wroclaw-Dwor-Korona-piekne-wesele.jpg\" alt=\"\" class=\"wp-image-6521\" srcset=\"https:\/\/www.koronakarkonoszy.pl\/blog\/wp-content\/uploads\/2022\/12\/wesele-wroclaw-Dwor-Korona-piekne-wesele.jpg 840w, https:\/\/www.koronakarkonoszy.pl\/blog\/wp-content\/uploads\/2022\/12\/wesele-wroclaw-Dwor-Korona-piekne-wesele-300x200.jpg 300w, https:\/\/www.koronakarkonoszy.pl\/blog\/wp-content\/uploads\/2022\/12\/wesele-wroclaw-Dwor-Korona-piekne-wesele-768x512.jpg 768w\" sizes=\"auto, (max-width: 840px) 100vw, 840px\" \/><figcaption class=\"wp-element-caption\"><strong>Tort weselny, <a href=\"https:\/\/www.koronakarkonoszy.pl\/wesele\/\" target=\"_blank\" rel=\"noreferrer noopener\">Dw\u00f3r Korona Karkonoszy<\/a>, Sosn\u00f3wka k. Karpacza <\/strong><\/figcaption><\/figure>\n\n\n\n<p>Czasami trzeba p\u00f3j\u015b\u0107 na kompromis na rzecz lokalizacji lub ceny, ale i tak warto przestudiowa\u0107 wszystkie punkty przed rozmow\u0105 z w\u0142a\u015bcicielem lub managerem. Nie skre\u015blajcie te\u017c miejsca, kt\u00f3re skrad\u0142o Wasze serca, nawet je\u015bli ma ma\u0142o opinii. Po prostu b\u0105d\u017acie czujni i reagujcie, gdy zapali si\u0119 Wam czerwona lampka.<\/p>\n\n\n<div class=\"wp-block-image\">\n<figure class=\"aligncenter size-large\"><a href=\"https:\/\/www.koronakarkonoszy.pl\/wesele\/\" target=\"_blank\" rel=\"noreferrer noopener\"><img loading=\"lazy\" decoding=\"async\" width=\"1024\" height=\"512\" src=\"https:\/\/www.koronakarkonoszy.pl\/blog\/wp-content\/uploads\/2020\/10\/piekne_wesela_DKK-1024x512.jpg\" alt=\"\" class=\"wp-image-3914\" srcset=\"https:\/\/www.koronakarkonoszy.pl\/blog\/wp-content\/uploads\/2020\/10\/piekne_wesela_DKK-1024x512.jpg 1024w, https:\/\/www.koronakarkonoszy.pl\/blog\/wp-content\/uploads\/2020\/10\/piekne_wesela_DKK-300x150.jpg 300w, https:\/\/www.koronakarkonoszy.pl\/blog\/wp-content\/uploads\/2020\/10\/piekne_wesela_DKK-768x384.jpg 768w, https:\/\/www.koronakarkonoszy.pl\/blog\/wp-content\/uploads\/2020\/10\/piekne_wesela_DKK.jpg 1200w\" sizes=\"auto, (max-width: 1024px) 100vw, 1024px\" \/><\/a><\/figure>\n<\/div>\n\n\n<p>Je\u015bli wybrali\u015bcie ju\u017c sal\u0119 weseln\u0105, mo\u017cecie przyst\u0105pi\u0107 do ustalenia menu, projektowania papeterii, a tak\u017ce przygotowania atrakcji i upomink\u00f3w dla go\u015bci. A mo\u017ce dopiero rozgl\u0105dacie si\u0119 za wymarzonym lokalem? Zapraszamy do kontaktu! Zaufajcie naszemu do\u015bwiadczeniu \u2013 zorganizowali\u015bmy blisko 1000 wesel. Nasi eksperci ch\u0119tnie odpowiedz\u0105 na wszystkie pytania i zaproponuj\u0105 sprawdzone rozwi\u0105zania, uwzgl\u0119dniaj\u0105c przy tym Wasze osobiste oczekiwania i preferencje.<\/p>\n\n\n<style>\n  .destination_map {\n    margin: 1.5em 0;\n  }\n\n  body:not(.wp-admin) .admin {\n    display: none;\n  }\n\n  .map {\n    max-width: 800px;\n    height: 400px;\n  }\n\n  .wp-admin .map {\n    display: none;\n  }\n<\/style>\n\n<div id=\"destination_map-block_f1a16a1429a5678e9e27526c5912fdf6\" class=\"destination_map\">\n  <div class=\"destinationmap-body admin\" style=\"background-color: lightblue;\">\n        Mapa dojazdu\n  <\/div>\n  <div id=\"block_f1a16a1429a5678e9e27526c5912fdf6\" class=\"map\"><\/div>\n<\/div>\n\n<script>\n  (function($) {\n\n    function mapLocation() {\n      var directionsDisplay;\n      var directionsService = new google.maps.DirectionsService();\n      var map;\n\n      function initialize() {\n        var pos = new google.maps.LatLng(50.8190591, 15.7212853);\n        var mapOptions = {\n          zoom: 11,\n          center: pos\n        };\n        map = new google.maps.Map(document.getElementById('block_f1a16a1429a5678e9e27526c5912fdf6'), mapOptions);\n\n        var marker = new google.maps.Marker({\n          position: pos,\n          map: map\n        });\n\n      }\n\n      google.maps.event.addDomListener(window, 'load', initialize);\n    }\n    mapLocation();\n\n  })(jQuery);\n<\/script>","protected":false},"excerpt":{"rendered":"<p>Wyb\u00f3r sali weselnej mo\u017ce przynie\u015b\u0107 M\u0142odej Parze mn\u00f3stwo rado\u015bci. Z drugiej strony takie przedsi\u0119wzi\u0119cie wymaga sporo czasu i wysi\u0142ku. Podpowiadamy, jak znale\u017a\u0107 wymarzone miejsce i przygotowa\u0107 si\u0119 do rozmowy z managerem, aby wszystko posz\u0142o jak z p\u0142atka. Wasza wymarzona sala weselna czeka! Sala weselna \u2013 trudny wyb\u00f3r\u2026 &nbsp; Kt\u00f3\u017c z nas nie by\u0142 na weselu? [&hellip;]<\/p>\n","protected":false},"author":11,"featured_media":791,"comment_status":"closed","ping_status":"closed","sticky":false,"template":"","format":"standard","meta":{"_acf_changed":false,"footnotes":""},"categories":[2,11,3],"class_list":["post-4409","post","type-post","status-publish","format-standard","has-post-thumbnail","hentry","category-porady","category-sala-weselna","category-trendy"],"acf":[],"yoast_head":"<!-- This site is optimized with the Yoast SEO plugin v27.4 - https:\/\/yoast.com\/product\/yoast-seo-wordpress\/ -->\n<title>Sala weselna: kluczowe wskaz\u00f3wki dla Pary M\u0142odej! - :: Blog weselny<\/title>\n<meta name=\"description\" content=\"Jak znale\u017a\u0107 wymarzone miejsce i przygotowa\u0107 si\u0119 do rozmowy z managerem, aby wszystko posz\u0142o jak z p\u0142atka? Wasza wymarzona sala weselna czeka!\" \/>\n<meta name=\"robots\" content=\"index, follow, max-snippet:-1, max-image-preview:large, max-video-preview:-1\" \/>\n<link rel=\"canonical\" href=\"https:\/\/www.koronakarkonoszy.pl\/blog\/en\/wedding-hall\/\" \/>\n<meta property=\"og:locale\" content=\"en_GB\" \/>\n<meta property=\"og:type\" content=\"article\" \/>\n<meta property=\"og:title\" content=\"Sala weselna: kluczowe wskaz\u00f3wki dla Pary M\u0142odej! - :: Blog weselny\" \/>\n<meta property=\"og:description\" content=\"Jak znale\u017a\u0107 wymarzone miejsce i przygotowa\u0107 si\u0119 do rozmowy z managerem, aby wszystko posz\u0142o jak z p\u0142atka? Wasza wymarzona sala weselna czeka!\" \/>\n<meta property=\"og:url\" content=\"https:\/\/www.koronakarkonoszy.pl\/blog\/en\/wedding-hall\/\" \/>\n<meta property=\"og:site_name\" content=\":: Blog weselny\" \/>\n<meta property=\"article:published_time\" content=\"2023-03-18T11:05:35+00:00\" \/>\n<meta property=\"article:modified_time\" content=\"2024-12-11T10:58:24+00:00\" \/>\n<meta property=\"og:image\" content=\"https:\/\/www.koronakarkonoszy.pl\/blog\/wp-content\/uploads\/2021\/07\/sala_balowa_vintage-1.jpg\" \/>\n\t<meta property=\"og:image:width\" content=\"800\" \/>\n\t<meta property=\"og:image:height\" content=\"534\" \/>\n\t<meta property=\"og:image:type\" content=\"image\/jpeg\" \/>\n<meta name=\"author\" content=\"agnieszka\" \/>\n<meta name=\"twitter:card\" content=\"summary_large_image\" \/>\n<meta name=\"twitter:label1\" content=\"Written by\" \/>\n\t<meta name=\"twitter:data1\" content=\"agnieszka\" \/>\n\t<meta name=\"twitter:label2\" content=\"Estimated reading time\" \/>\n\t<meta name=\"twitter:data2\" content=\"29 minutes\" \/>\n<script type=\"application\/ld+json\" class=\"yoast-schema-graph\">{\"@context\":\"https:\\\/\\\/schema.org\",\"@graph\":[{\"@type\":\"Article\",\"@id\":\"https:\\\/\\\/www.koronakarkonoszy.pl\\\/blog\\\/sala-weselna\\\/#article\",\"isPartOf\":{\"@id\":\"https:\\\/\\\/www.koronakarkonoszy.pl\\\/blog\\\/sala-weselna\\\/\"},\"author\":{\"name\":\"agnieszka\",\"@id\":\"https:\\\/\\\/www.koronakarkonoszy.pl\\\/blog\\\/#\\\/schema\\\/person\\\/ec8c88bd01ebe6cbf6a16435ce22276f\"},\"headline\":\"Sala weselna: kluczowe wskaz\u00f3wki dla Pary M\u0142odej!\",\"datePublished\":\"2023-03-18T11:05:35+00:00\",\"dateModified\":\"2024-12-11T10:58:24+00:00\",\"mainEntityOfPage\":{\"@id\":\"https:\\\/\\\/www.koronakarkonoszy.pl\\\/blog\\\/sala-weselna\\\/\"},\"wordCount\":4855,\"image\":{\"@id\":\"https:\\\/\\\/www.koronakarkonoszy.pl\\\/blog\\\/sala-weselna\\\/#primaryimage\"},\"thumbnailUrl\":\"https:\\\/\\\/www.koronakarkonoszy.pl\\\/blog\\\/wp-content\\\/uploads\\\/2021\\\/07\\\/sala_balowa_vintage-1.jpg\",\"articleSection\":[\"Porady\",\"Sala weselna\",\"Trendy\"],\"inLanguage\":\"en-GB\"},{\"@type\":\"WebPage\",\"@id\":\"https:\\\/\\\/www.koronakarkonoszy.pl\\\/blog\\\/sala-weselna\\\/\",\"url\":\"https:\\\/\\\/www.koronakarkonoszy.pl\\\/blog\\\/sala-weselna\\\/\",\"name\":\"Sala weselna: kluczowe wskaz\u00f3wki dla Pary M\u0142odej! - :: Blog weselny\",\"isPartOf\":{\"@id\":\"https:\\\/\\\/www.koronakarkonoszy.pl\\\/blog\\\/#website\"},\"primaryImageOfPage\":{\"@id\":\"https:\\\/\\\/www.koronakarkonoszy.pl\\\/blog\\\/sala-weselna\\\/#primaryimage\"},\"image\":{\"@id\":\"https:\\\/\\\/www.koronakarkonoszy.pl\\\/blog\\\/sala-weselna\\\/#primaryimage\"},\"thumbnailUrl\":\"https:\\\/\\\/www.koronakarkonoszy.pl\\\/blog\\\/wp-content\\\/uploads\\\/2021\\\/07\\\/sala_balowa_vintage-1.jpg\",\"datePublished\":\"2023-03-18T11:05:35+00:00\",\"dateModified\":\"2024-12-11T10:58:24+00:00\",\"author\":{\"@id\":\"https:\\\/\\\/www.koronakarkonoszy.pl\\\/blog\\\/#\\\/schema\\\/person\\\/ec8c88bd01ebe6cbf6a16435ce22276f\"},\"description\":\"Jak znale\u017a\u0107 wymarzone miejsce i przygotowa\u0107 si\u0119 do rozmowy z managerem, aby wszystko posz\u0142o jak z p\u0142atka? Wasza wymarzona sala weselna czeka!\",\"breadcrumb\":{\"@id\":\"https:\\\/\\\/www.koronakarkonoszy.pl\\\/blog\\\/sala-weselna\\\/#breadcrumb\"},\"inLanguage\":\"en-GB\",\"potentialAction\":[{\"@type\":\"ReadAction\",\"target\":[\"https:\\\/\\\/www.koronakarkonoszy.pl\\\/blog\\\/sala-weselna\\\/\"]}]},{\"@type\":\"ImageObject\",\"inLanguage\":\"en-GB\",\"@id\":\"https:\\\/\\\/www.koronakarkonoszy.pl\\\/blog\\\/sala-weselna\\\/#primaryimage\",\"url\":\"https:\\\/\\\/www.koronakarkonoszy.pl\\\/blog\\\/wp-content\\\/uploads\\\/2021\\\/07\\\/sala_balowa_vintage-1.jpg\",\"contentUrl\":\"https:\\\/\\\/www.koronakarkonoszy.pl\\\/blog\\\/wp-content\\\/uploads\\\/2021\\\/07\\\/sala_balowa_vintage-1.jpg\",\"width\":800,\"height\":534,\"caption\":\"sala weselna w stylu vintage\"},{\"@type\":\"BreadcrumbList\",\"@id\":\"https:\\\/\\\/www.koronakarkonoszy.pl\\\/blog\\\/sala-weselna\\\/#breadcrumb\",\"itemListElement\":[{\"@type\":\"ListItem\",\"position\":1,\"name\":\"Strona g\u0142\u00f3wna\",\"item\":\"https:\\\/\\\/www.koronakarkonoszy.pl\\\/blog\\\/\"},{\"@type\":\"ListItem\",\"position\":2,\"name\":\"Sala weselna: kluczowe wskaz\u00f3wki dla Pary M\u0142odej!\"}]},{\"@type\":\"WebSite\",\"@id\":\"https:\\\/\\\/www.koronakarkonoszy.pl\\\/blog\\\/#website\",\"url\":\"https:\\\/\\\/www.koronakarkonoszy.pl\\\/blog\\\/\",\"name\":\":: Blog weselny\",\"description\":\"Blog weselny Dw\u00f3r Korona Karkonoszy\",\"potentialAction\":[{\"@type\":\"SearchAction\",\"target\":{\"@type\":\"EntryPoint\",\"urlTemplate\":\"https:\\\/\\\/www.koronakarkonoszy.pl\\\/blog\\\/?s={search_term_string}\"},\"query-input\":{\"@type\":\"PropertyValueSpecification\",\"valueRequired\":true,\"valueName\":\"search_term_string\"}}],\"inLanguage\":\"en-GB\"},{\"@type\":\"Person\",\"@id\":\"https:\\\/\\\/www.koronakarkonoszy.pl\\\/blog\\\/#\\\/schema\\\/person\\\/ec8c88bd01ebe6cbf6a16435ce22276f\",\"name\":\"agnieszka\",\"image\":{\"@type\":\"ImageObject\",\"inLanguage\":\"en-GB\",\"@id\":\"https:\\\/\\\/www.koronakarkonoszy.pl\\\/blog\\\/wp-content\\\/litespeed\\\/avatar\\\/53ee7b676463f74d0aea1a09de3d003b.jpg?ver=1776833699\",\"url\":\"https:\\\/\\\/www.koronakarkonoszy.pl\\\/blog\\\/wp-content\\\/litespeed\\\/avatar\\\/53ee7b676463f74d0aea1a09de3d003b.jpg?ver=1776833699\",\"contentUrl\":\"https:\\\/\\\/www.koronakarkonoszy.pl\\\/blog\\\/wp-content\\\/litespeed\\\/avatar\\\/53ee7b676463f74d0aea1a09de3d003b.jpg?ver=1776833699\",\"caption\":\"agnieszka\"},\"url\":\"https:\\\/\\\/www.koronakarkonoszy.pl\\\/blog\\\/en\\\/author\\\/agnieszka\\\/\"}]}<\/script>\n<!-- \/ Yoast SEO plugin. -->","yoast_head_json":{"title":"Wedding hall: key tips for the bride and groom! - :: Wedding blog","description":"How to find your dream place and prepare for the interview with the manager so that everything goes smoothly? Your dream wedding venue is waiting!","robots":{"index":"index","follow":"follow","max-snippet":"max-snippet:-1","max-image-preview":"max-image-preview:large","max-video-preview":"max-video-preview:-1"},"canonical":"https:\/\/www.koronakarkonoszy.pl\/blog\/en\/wedding-hall\/","og_locale":"en_GB","og_type":"article","og_title":"Sala weselna: kluczowe wskaz\u00f3wki dla Pary M\u0142odej! - :: Blog weselny","og_description":"Jak znale\u017a\u0107 wymarzone miejsce i przygotowa\u0107 si\u0119 do rozmowy z managerem, aby wszystko posz\u0142o jak z p\u0142atka? Wasza wymarzona sala weselna czeka!","og_url":"https:\/\/www.koronakarkonoszy.pl\/blog\/en\/wedding-hall\/","og_site_name":":: Blog weselny","article_published_time":"2023-03-18T11:05:35+00:00","article_modified_time":"2024-12-11T10:58:24+00:00","og_image":[{"width":800,"height":534,"url":"https:\/\/www.koronakarkonoszy.pl\/blog\/wp-content\/uploads\/2021\/07\/sala_balowa_vintage-1.jpg","type":"image\/jpeg"}],"author":"agnieszka","twitter_card":"summary_large_image","twitter_misc":{"Written by":"agnieszka","Estimated reading time":"29 minutes"},"schema":{"@context":"https:\/\/schema.org","@graph":[{"@type":"Article","@id":"https:\/\/www.koronakarkonoszy.pl\/blog\/sala-weselna\/#article","isPartOf":{"@id":"https:\/\/www.koronakarkonoszy.pl\/blog\/sala-weselna\/"},"author":{"name":"agnieszka","@id":"https:\/\/www.koronakarkonoszy.pl\/blog\/#\/schema\/person\/ec8c88bd01ebe6cbf6a16435ce22276f"},"headline":"Sala weselna: kluczowe wskaz\u00f3wki dla Pary M\u0142odej!","datePublished":"2023-03-18T11:05:35+00:00","dateModified":"2024-12-11T10:58:24+00:00","mainEntityOfPage":{"@id":"https:\/\/www.koronakarkonoszy.pl\/blog\/sala-weselna\/"},"wordCount":4855,"image":{"@id":"https:\/\/www.koronakarkonoszy.pl\/blog\/sala-weselna\/#primaryimage"},"thumbnailUrl":"https:\/\/www.koronakarkonoszy.pl\/blog\/wp-content\/uploads\/2021\/07\/sala_balowa_vintage-1.jpg","articleSection":["Porady","Sala weselna","Trendy"],"inLanguage":"en-GB"},{"@type":"WebPage","@id":"https:\/\/www.koronakarkonoszy.pl\/blog\/sala-weselna\/","url":"https:\/\/www.koronakarkonoszy.pl\/blog\/sala-weselna\/","name":"Wedding hall: key tips for the bride and groom! - :: Wedding blog","isPartOf":{"@id":"https:\/\/www.koronakarkonoszy.pl\/blog\/#website"},"primaryImageOfPage":{"@id":"https:\/\/www.koronakarkonoszy.pl\/blog\/sala-weselna\/#primaryimage"},"image":{"@id":"https:\/\/www.koronakarkonoszy.pl\/blog\/sala-weselna\/#primaryimage"},"thumbnailUrl":"https:\/\/www.koronakarkonoszy.pl\/blog\/wp-content\/uploads\/2021\/07\/sala_balowa_vintage-1.jpg","datePublished":"2023-03-18T11:05:35+00:00","dateModified":"2024-12-11T10:58:24+00:00","author":{"@id":"https:\/\/www.koronakarkonoszy.pl\/blog\/#\/schema\/person\/ec8c88bd01ebe6cbf6a16435ce22276f"},"description":"How to find your dream place and prepare for the interview with the manager so that everything goes smoothly? Your dream wedding venue is waiting!","breadcrumb":{"@id":"https:\/\/www.koronakarkonoszy.pl\/blog\/sala-weselna\/#breadcrumb"},"inLanguage":"en-GB","potentialAction":[{"@type":"ReadAction","target":["https:\/\/www.koronakarkonoszy.pl\/blog\/sala-weselna\/"]}]},{"@type":"ImageObject","inLanguage":"en-GB","@id":"https:\/\/www.koronakarkonoszy.pl\/blog\/sala-weselna\/#primaryimage","url":"https:\/\/www.koronakarkonoszy.pl\/blog\/wp-content\/uploads\/2021\/07\/sala_balowa_vintage-1.jpg","contentUrl":"https:\/\/www.koronakarkonoszy.pl\/blog\/wp-content\/uploads\/2021\/07\/sala_balowa_vintage-1.jpg","width":800,"height":534,"caption":"sala weselna w stylu vintage"},{"@type":"BreadcrumbList","@id":"https:\/\/www.koronakarkonoszy.pl\/blog\/sala-weselna\/#breadcrumb","itemListElement":[{"@type":"ListItem","position":1,"name":"Strona g\u0142\u00f3wna","item":"https:\/\/www.koronakarkonoszy.pl\/blog\/"},{"@type":"ListItem","position":2,"name":"Sala weselna: kluczowe wskaz\u00f3wki dla Pary M\u0142odej!"}]},{"@type":"WebSite","@id":"https:\/\/www.koronakarkonoszy.pl\/blog\/#website","url":"https:\/\/www.koronakarkonoszy.pl\/blog\/","name":":: Wedding blog","description":"Wedding blog Dw\u00f3r Korona Karkonosze","potentialAction":[{"@type":"SearchAction","target":{"@type":"EntryPoint","urlTemplate":"https:\/\/www.koronakarkonoszy.pl\/blog\/?s={search_term_string}"},"query-input":{"@type":"PropertyValueSpecification","valueRequired":true,"valueName":"search_term_string"}}],"inLanguage":"en-GB"},{"@type":"Person","@id":"https:\/\/www.koronakarkonoszy.pl\/blog\/#\/schema\/person\/ec8c88bd01ebe6cbf6a16435ce22276f","name":"Agnes","image":{"@type":"ImageObject","inLanguage":"en-GB","@id":"https:\/\/www.koronakarkonoszy.pl\/blog\/wp-content\/litespeed\/avatar\/53ee7b676463f74d0aea1a09de3d003b.jpg?ver=1776833699","url":"https:\/\/www.koronakarkonoszy.pl\/blog\/wp-content\/litespeed\/avatar\/53ee7b676463f74d0aea1a09de3d003b.jpg?ver=1776833699","contentUrl":"https:\/\/www.koronakarkonoszy.pl\/blog\/wp-content\/litespeed\/avatar\/53ee7b676463f74d0aea1a09de3d003b.jpg?ver=1776833699","caption":"agnieszka"},"url":"https:\/\/www.koronakarkonoszy.pl\/blog\/en\/author\/agnieszka\/"}]}},"_links":{"self":[{"href":"https:\/\/www.koronakarkonoszy.pl\/blog\/en\/wp-json\/wp\/v2\/posts\/4409","targetHints":{"allow":["GET"]}}],"collection":[{"href":"https:\/\/www.koronakarkonoszy.pl\/blog\/en\/wp-json\/wp\/v2\/posts"}],"about":[{"href":"https:\/\/www.koronakarkonoszy.pl\/blog\/en\/wp-json\/wp\/v2\/types\/post"}],"author":[{"embeddable":true,"href":"https:\/\/www.koronakarkonoszy.pl\/blog\/en\/wp-json\/wp\/v2\/users\/11"}],"replies":[{"embeddable":true,"href":"https:\/\/www.koronakarkonoszy.pl\/blog\/en\/wp-json\/wp\/v2\/comments?post=4409"}],"version-history":[{"count":1,"href":"https:\/\/www.koronakarkonoszy.pl\/blog\/en\/wp-json\/wp\/v2\/posts\/4409\/revisions"}],"predecessor-version":[{"id":11650,"href":"https:\/\/www.koronakarkonoszy.pl\/blog\/en\/wp-json\/wp\/v2\/posts\/4409\/revisions\/11650"}],"wp:featuredmedia":[{"embeddable":true,"href":"https:\/\/www.koronakarkonoszy.pl\/blog\/en\/wp-json\/wp\/v2\/media\/791"}],"wp:attachment":[{"href":"https:\/\/www.koronakarkonoszy.pl\/blog\/en\/wp-json\/wp\/v2\/media?parent=4409"}],"wp:term":[{"taxonomy":"category","embeddable":true,"href":"https:\/\/www.koronakarkonoszy.pl\/blog\/en\/wp-json\/wp\/v2\/categories?post=4409"}],"curies":[{"name":"wp","href":"https:\/\/api.w.org\/{rel}","templated":true}]}}