{"id":2840,"date":"2023-03-20T18:09:31","date_gmt":"2023-03-20T17:09:31","guid":{"rendered":"https:\/\/www.koronakarkonoszy.pl\/blog\/?p=2840"},"modified":"2025-02-10T13:49:58","modified_gmt":"2025-02-10T12:49:58","slug":"wedding-hall-in-the-mountains-2","status":"publish","type":"post","link":"https:\/\/www.koronakarkonoszy.pl\/blog\/en\/sala-weselna-w-gorach\/","title":{"rendered":"The perfect wedding hall in the mountains - how to choose it?"},"content":{"rendered":"\n<p>Poszukiwania idealnej sali weselnej to jeden z pierwszych etap\u00f3w przygotowa\u0144 do \u015blubu. Wyb\u00f3r odpowiedniego lokalu to po\u0142owa sukcesu! To w\u0142a\u015bnie od niego w du\u017cej mierze b\u0119dzie zale\u017ce\u0107 aran\u017cacja \u015blubna, czy te\u017c komfort go\u015bci. Marzycie o romantycznym przyj\u0119ciu w\u015br\u00f3d malowniczych szczyt\u00f3w g\u00f3rskich? Perfekcyjna sala weselna w g\u00f3rach spe\u0142ni Wasze oczekiwania!<\/p>\n\n\n<div id=\"ariadna-block_8896969e2d8c17243b63b9490a3fb98f\" class=\"ariadna\">\r\n    <ul><li><a href=\"#ha-wesele-w-gorach\">Wesele w g\u00f3rach<\/a><\/li><li><a href=\"#h-sala-weselna-w-gorach-charakter-uroczystosci\">Sala weselna w g\u00f3rach \u2013 charakter uroczysto\u015bci<\/a><\/li><li><a href=\"#ha-ile-kosztuje-wesele-w-gorach\">Ile kosztuje wesele w g\u00f3rach?<\/a><\/li><li><a href=\"#h-ach-te-koszty\">Ach, te koszty&#8230;<\/a><\/li><li><a href=\"#h-idealna-sala-weselna-w-g-rach-czyli-jaka\">Idealna sala weselna w g\u00f3rach, czyli jaka?<\/a><\/li><li><a href=\"#h-sala-weselna-w-gorach-dojazd\">Sala weselna w g\u00f3rach &#8211; dojazd<\/a><\/li><li><a href=\"#ha-styl-wesela-ma-znaczenie\">Styl wesela ma znaczenie<\/a><\/li><li><a href=\"#h-liczba-zaproszonych-gosci-a-wielkosc-sali\">Liczba zaproszonych go\u015bci a wielko\u015b\u0107 sali<\/a><\/li><li><a href=\"#ha-sala-weselna-w-gorach-atrakcje\">Sala weselna w g\u00f3rach \u2013 atrakcje<\/a><\/li><li><a href=\"#h-magiczne-wesele-z-widokiem-na-majestatyczne-szczyty-gorskie\">Magiczne wesele z widokiem na majestatyczne szczyty g\u00f3rskie<\/a><\/li><li><a href=\"#ha-a-moze-slub-w-stylu-janosika\">A mo\u017ce \u015blub w stylu\u2026 Janosika?<\/a><\/li><li><a href=\"#ha-skromny-slub-w-gorach\">Skromny \u015blub w g\u00f3rach<\/a><\/li><li><a href=\"#h-kameralne-wesele-w-gorach\">Kameralne wesele w g\u00f3rach<\/a><\/li><li><a href=\"#ha-huczne-wesele-tylko-w-gorach\">Huczne wesele \u2013 tylko w g\u00f3rach!<\/a><\/li><li><a href=\"#h-wesele-w-gorach-male-czy-duze\">Wesele w g\u00f3rach \u2013 ma\u0142e czy du\u017ce?<\/a><\/li><li><a href=\"#ha-wesele-dlugie-czy-krotkie\">Wesele &#8211; d\u0142ugie czy kr\u00f3tkie?<\/a><\/li><li><a href=\"#ha-slub-cywilny-humanistyczny-konkordatowy-czy-koscielny\">\u015alub cywilny, humanistyczny, konkordatowy czy ko\u015bcielny?<\/a><\/li><li><a href=\"#h-perla-w-koronie\">Per\u0142a w Koronie<\/a><\/li><li><a href=\"#ha-elegancka-sala-weselna-w-gorach\">Elegancka sala weselna w g\u00f3rach<\/a><\/li><li><a href=\"#h-dworska-sala-balowa\">Dworska Sala Balowa<\/a><\/li><li><a href=\"#ha-tania-sala-weselna-w-gorach\">Tania sala weselna w g\u00f3rach<\/a><\/li><li><a href=\"#h-w-nawiazaniu-do-tradycji\">W nawi\u0105zaniu do tradycji\u2026 \u00a0<\/a><\/li><li><a href=\"#ha-zajazd-w-gorach-sala-weselna\">Zajazd w g\u00f3rach &#8211; sala weselna<\/a><\/li><li><a href=\"#h-wesele-rustykalne\">Wesele rustykalne<\/a><\/li><li><a href=\"#h-stroj-na-wesele-w-stylu-folk\">Str\u00f3j na wesele w stylu folk<\/a><\/li><li><a href=\"#ha-menu-weselne\">Menu weselne<\/a><\/li><li><a href=\"#h-wyroby-regionalne-weselna-uczta\">Wyroby regionalne &#8211; weselna uczta!<\/a><\/li><li><a href=\"#ha-kiedy-zorganizowac-wesele-w-gorach\">Kiedy zorganizowa\u0107 wesele w g\u00f3rach?<\/a><\/li><li><a href=\"#ha-wiosenne-wesele-w-gorach-postaw-na-zielen\">Wiosenne wesele w g\u00f3rach \u2013 postaw na ziele\u0144!<\/a><\/li><li><a href=\"#h-zielen-na-weselu\">Ziele\u0144 na weselu<\/a><\/li><li><a href=\"#ha-pastelowa-sala-weselna-w-gorach-na-lato\">Pastelowa sala weselna w g\u00f3rach na lato<\/a><\/li><li><a href=\"#ha-jesienne-wesele-w-kolorze-burgunda\">Jesienne wesele w kolorze burgunda&nbsp;&nbsp; &nbsp;<\/a><\/li><li><a href=\"#ha-zimowa-sala-weselna-w-gorach-chalet-chic\">Zimowa sala weselna w g\u00f3rach \u2013 chalet chic<\/a><\/li><li><a href=\"#h-zimowa-sala-weselna\">Zimowa sala weselna<\/a><\/li><li><a href=\"#ha-slub-tradycyjny-a-moze-jakas-alternatywa\">\u015alub tradycyjny? A mo\u017ce jaka\u015b alternatywa?<\/a><\/li><li><a href=\"#h-slub-w-otoczeniu-natury\">\u015alub w otoczeniu natury<\/a><\/li><li><a href=\"#ha-wyjatkowa-sesja-zdjeciowa-w-gorach\">Wyj\u0105tkowa sesja zdj\u0119ciowa w g\u00f3rach<\/a><\/li><li><a href=\"#ha-pogoda-w-gorach\">Pogoda w g\u00f3rach<\/a><\/li><li><a href=\"#h-atrakcje-a-pora-roku\">Atrakcje a pora roku<\/a><\/li><li><a href=\"#ha-sala-weselna-w-gorach-karkonosze\">Sala weselna w g\u00f3rach \u2013 Karkonosze<\/a><\/li><li><a href=\"#h-szczescie-w-milosci-gwarantowane\">Szcz\u0119\u015bcie w mi\u0142o\u015bci \u2013 gwarantowane!<\/a><\/li><li><a href=\"#ha-sala-weselna-w-gorach-dlaczego-warto\">Sala weselna w g\u00f3rach \u2013 dlaczego warto?<\/a><\/li><li><a href=\"#ha-wybor-idealnej-sali-weselnej-w-gorach-kluczowe-aspekty\">Wyb\u00f3r idealnej sali weselnej w g\u00f3rach \u2013 kluczowe aspekty<\/a><\/li><li><a href=\"#ha-atrakcje-i-udogodnienia-oferowane-przez-sale-weselne-w-gorach\">Atrakcje i udogodnienia oferowane przez sale weselne w g\u00f3rach<\/a><\/li><li><a href=\"#ha-sezonowosc-i-dostepnosc-sal-weselnych-w-gorach\">Sezonowo\u015b\u0107 i dost\u0119pno\u015b\u0107 sal weselnych w g\u00f3rach<\/a><\/li><li><a href=\"#ha-plenerowe-poprawiny-w-sali-weselnej-w-gorach-czy-to-dobry-pomysl-w-gorach\">Plenerowe poprawiny w sali weselnej w g\u00f3rach \u2013 czy to dobry pomys\u0142 w g\u00f3rach?<\/a><\/li><li><a href=\"#ha-jakie-fajne-miejsce-na-wyjazd-integracyjny-najlepiej-wybrac-dla-malej-firmy\">Jakie fajne miejsce na wyjazd integracyjny najlepiej wybra\u0107 dla ma\u0142ej firmy?<\/a><\/li><\/ul>\r\n<\/div>\r\n\r\n\r\n\r\n\n\n\n<h2 class=\"wp-block-heading\" id=\"ha-wesele-w-gorach\">Wesele w g\u00f3rach<\/h2>\n\n\n\n<p>Ze wspomnie\u0144 Par M\u0142odych wynika, \u017ce <strong>wesele w g\u00f3rach<\/strong> zawsze jest udane. To zreszt\u0105 ma\u0142o powiedziane \u2013 zawsze jest magiczne! Wyj\u0105tkowe i niepowtarzalne, przede wszystkim dzi\u0119ki panoramom, jakich nie znajdziemy nigdzie indziej. <strong>Majestatyczne g\u00f3rskie szczyty<\/strong>, zapieraj\u0105ce dech w piersiach widoki, \u015bwie\u017ce powietrze pachn\u0105ce lasem i wilgotnym mchem oraz blisko\u015b\u0107 natury sprawiaj\u0105, \u017ce wesele w g\u00f3rach to unikatowe prze\u017cycie. Zar\u00f3wno dla Pary M\u0142odej, jak i dla wszystkich zaproszonych go\u015bci.<\/p>\n\n\n\n<figure class=\"wp-block-image size-large is-resized\"><a href=\"https:\/\/www.koronakarkonoszy.pl\/wesele\/\" target=\"_blank\" rel=\"noreferrer noopener\"><img loading=\"lazy\" decoding=\"async\" width=\"1024\" height=\"512\" src=\"https:\/\/www.koronakarkonoszy.pl\/blog\/wp-content\/uploads\/2022\/01\/stylowy_dwor_wesleny_DKK-4-1024x512.jpg\" alt=\"\" class=\"wp-image-4627\" style=\"width:840px;height:420px\" srcset=\"https:\/\/www.koronakarkonoszy.pl\/blog\/wp-content\/uploads\/2022\/01\/stylowy_dwor_wesleny_DKK-4-1024x512.jpg 1024w, https:\/\/www.koronakarkonoszy.pl\/blog\/wp-content\/uploads\/2022\/01\/stylowy_dwor_wesleny_DKK-4-300x150.jpg 300w, https:\/\/www.koronakarkonoszy.pl\/blog\/wp-content\/uploads\/2022\/01\/stylowy_dwor_wesleny_DKK-4-768x384.jpg 768w, https:\/\/www.koronakarkonoszy.pl\/blog\/wp-content\/uploads\/2022\/01\/stylowy_dwor_wesleny_DKK-4.jpg 1200w\" sizes=\"auto, (max-width: 1024px) 100vw, 1024px\" \/><\/a><\/figure>\n\n\n\n<p>Wynaj\u0119cie sali weselnej w g\u00f3rach to doskona\u0142e rozwi\u0105zanie dla narzeczonych, kt\u00f3rzy uwielbiaj\u0105 sp\u0119dza\u0107 czas na \u0142onie natury i ceni\u0105 sobie spok\u00f3j. Po\u0142udnie Polski to tak\u017ce wyj\u0105tkowa, g\u00f3ralska kultura, wspania\u0142a, skoczna muzyka, wprost idealna na radosne <a href=\"https:\/\/www.koronakarkonoszy.pl\/blog\/jak-zorganizowac-przyjecie-weselne-na-30-osob\/\" class=\"links-placer\">przyj\u0119cie weselne<\/a>. To kolorowe stroje, niesamowita go\u015bcinno\u015b\u0107 i pi\u0119kna architektura.<\/p>\n\n\n<section id=\"leonardo-block_2cbb4dd5799418244cef90b753b33411\" class=\"leonardo page-breaker leonardo-image-left\">\r\n    <div class=\"leonardo-body\">\r\n        <h2 class=\"leonardo-title\" id=\"h-sala-weselna-w-gorach-charakter-uroczystosci\">Sala weselna w g\u00f3rach \u2013 charakter uroczysto\u015bci <\/h2>        <div class=\"leonardo-content\"><p><strong>Organizacj\u0119 wesela w g\u00f3rach<\/strong> trzeba zacz\u0105\u0107 od decyzji, w jakim stylu ma by\u0107 urz\u0105dzone przyj\u0119cie. Sal\u0119 weseln\u0105 oczywi\u015bcie mo\u017cna, w pewnym stopniu przynajmniej, odmieni\u0107 dekoracjami, jednak warto od razu poszuka\u0107 miejsca, kt\u00f3re przypadnie nam do gustu i b\u0119dzie pasowa\u0107 do naszej wizji tego, jak\u017ce wa\u017cnego przecie\u017c, dnia.<\/p>\n<\/div>\r\n                    <aside class=\"leonardo-interlink\">\r\n                <b>Polecamy<\/b>\r\n                <a href=\"https:\/\/www.koronakarkonoszy.pl\/blog\/en\/slub-jelenia-gora\/\">\u015alub Jelenia G\u00f3ra \u2013 sielska ceremonia w stolicy Karkonoszy<\/a>\r\n            <\/aside>\r\n            <\/div>\r\n    <div class=\"leonardo-image\">\r\n        <img loading=\"lazy\" decoding=\"async\" width=\"2560\" height=\"1707\" src=\"https:\/\/www.koronakarkonoszy.pl\/blog\/wp-content\/uploads\/2022\/08\/IMG_6830-scaled.jpg\" class=\"attachment-full size-full\" alt=\"\" srcset=\"https:\/\/www.koronakarkonoszy.pl\/blog\/wp-content\/uploads\/2022\/08\/IMG_6830-scaled.jpg 2560w, https:\/\/www.koronakarkonoszy.pl\/blog\/wp-content\/uploads\/2022\/08\/IMG_6830-300x200.jpg 300w, https:\/\/www.koronakarkonoszy.pl\/blog\/wp-content\/uploads\/2022\/08\/IMG_6830-1024x683.jpg 1024w, https:\/\/www.koronakarkonoszy.pl\/blog\/wp-content\/uploads\/2022\/08\/IMG_6830-768x512.jpg 768w, https:\/\/www.koronakarkonoszy.pl\/blog\/wp-content\/uploads\/2022\/08\/IMG_6830-1920x1280.jpg 1920w, https:\/\/www.koronakarkonoszy.pl\/blog\/wp-content\/uploads\/2022\/08\/IMG_6830-1536x1024.jpg 1536w, https:\/\/www.koronakarkonoszy.pl\/blog\/wp-content\/uploads\/2022\/08\/IMG_6830-2048x1365.jpg 2048w\" sizes=\"auto, (max-width: 2560px) 100vw, 2560px\" \/>            <\/div>\r\n<\/section>\n\n\n<p>G\u00f3ry to idealne miejsce zar\u00f3wno na \u015blub ko\u015bcielny, jak i cywilny. W okolicy jest mn\u00f3stwo klimatycznych, drewnianych \u015bwi\u0105ty\u0144 i urokliwych kapliczek, kt\u00f3re idealnie wpisuj\u0105 si\u0119 w romantyczn\u0105 aur\u0119, jaka towarzyszy \u015blubom. \u015alub cywilny za\u015b mo\u017cna wzi\u0105\u0107 w plenerze! Ceremonia z widokiem na bujne lasy rozci\u0105gaj\u0105ce si\u0119 u st\u00f3p majestatycznych szczyt\u00f3w g\u00f3rskich to spe\u0142nienie marze\u0144 ka\u017cdego romantyka.<\/p>\n\n\n\n<style>\n    .cta_block{\n        margin: 1.5em 0;\n    }\n    .cta_block_content {\n        position: relative;\n        color: white;\n        padding: 1em;\n    }\n    .cta_block_content h3{\n        text-align: center;\n        font: normal normal normal 36px\/50px Yeseva One;\n    }\n    .cta_block_content .cta_block_desc{\n        text-align: center;\n        font-size: 1.1em;\n        position: relative;\n    }\n    .cta_block_content .cta_block_desc:before {\n        content: '';\n        width: 80px;\n        height: 4px;\n        background: #EEB315;\n        position: absolute;\n        left: 0;\n        right: 0;\n        margin-left: auto;\n        margin-right: auto;\n        top: -22px;\n    }\n\n    .cta_block_content picture{\n        position: absolute;\n        top: 0;\n        right: 0;\n        z-index: -1;\n        height: 100%;\n        overflow: hidden;\n        width: 100%;\n    }\n    .cta_block_content picture img{\n        object-fit: cover;\n        height: 100%;\n        width: 100%;\n    }\n    .cta_block .cta_block_content .ninja-forms-field{\n        background: #FFFFFF2F;\n        border: 1px solid #EEB315;\n        border-radius: 25px;\n        opacity: 1;\n        color: #ffffff;\n    }\n    .cta_block .cta_block_content .nf-form-content input[type=submit]{\n        background-color: #EEB315;\n        color: #292929;\n        text-align: center;\n        font: normal normal bold 14px\/20px Work Sans;\n        padding: 0 2em;\n    }\n\n    .cta_block ::placeholder{\n        color: white!important;\n        opacity: 1;\n    }\n\n    .cta_block_content::after {\n        height: 100%;\n        width: 100%;\n        content: \"\";\n        z-index: -1;\n        position: absolute;\n        top: 0;\n        background: #00000070;\n        right: 0;\n        left: 0;\n        bottom: 0;\n    }\n    #ha-cta-block, .cta_block_desc, .cta_block .nf-field-label, .cta_block .nf-error-msg {\n        filter: drop-shadow(1px 1px 8px black);\n    }\n\n\/*    .cta_block nf-rows-wrap {\n        display: flex;\n        justify-content: space-around;\n        flex-direction: row;\n    }*\/\n\n    .cta_block .nf-field-label {\n        display:none;\n    }\n\n    .cta_block .nf-error.field-wrap .nf-field-element::after {\n        border-radius: 50px;\n    }\n\n    .cta_block .nf-error-msg {\n        color: #fff;\n    }\n\n    .cta_block .nf-form-cont {\n        margin-top: 3em;\n        margin-bottom: 1em;\n    }\n\n    .wp-admin .cta_block_content{\n        display: none;\n    }\n    .cta_block .nf-form-fields-required {\n        display: none;\n    }\n    body:not(.wp-admin) .cta_block_admin {\n        display: none;\n    }\n<\/style>\n<div id=\"cta_block-block_1dd9de5e5cdda8361f19acfe4802176c\" class=\"cta_block\">\n    <div class=\"cta_block_admin\" style=\"background-color: blue; color: white\">\n        Blok CTA\n    <\/div>\n    <div class=\"cta_block\">\n        <div class=\"cta_block_content\">   \n        <h3 id=\"ha-szukasz-klimatycznej-sali-weselnej-w-gorach\">Szukasz klimatycznej sali weselnej w g\u00f3rach?<\/h3>\n                    <div class=\"cta_block_desc\">Dw\u00f3r Korona Karkonoszy, po\u0142o\u017cony w sercu g\u00f3r, zachwyci Ci\u0119 swoj\u0105 atmosfer\u0105!<\/div>\n                <noscript class=\"ninja-forms-noscript-message\">\n\tNotice: JavaScript is required for this content.<\/noscript>\n<div id=\"nf-form-3-cont\" class=\"nf-form-cont\" aria-live=\"polite\" aria-labelledby=\"nf-form-title-3\" aria-describedby=\"nf-form-errors-3\" role=\"form\">\n\n    <div class=\"nf-loading-spinner\"><\/div>\n\n<\/div>\n        <!-- That data is being printed as a workaround to page builders reordering the order of the scripts loaded-->\n        <script>var formDisplay=1;var nfForms=nfForms||[];var form=[];form.id='3';form.settings={\"objectType\":\"Form Setting\",\"editActive\":true,\"title\":\"Block CTA\",\"created_at\":\"2022-11-08 16:03:33\",\"default_label_pos\":\"above\",\"show_title\":0,\"clear_complete\":\"1\",\"hide_complete\":\"1\",\"logged_in\":\"\",\"wrapper_class\":\"\",\"element_class\":\"\",\"key\":\"\",\"add_submit\":\"0\",\"changeEmailErrorMsg\":\"Please enter a valid email address!\",\"changeDateErrorMsg\":\"Please enter a valid date!\",\"confirmFieldErrorMsg\":\"These fields must match!\",\"fieldNumberNumMinError\":\"Number Min Error\",\"fieldNumberNumMaxError\":\"Number Max Error\",\"fieldNumberIncrementBy\":\"Please increment by \",\"formErrorsCorrectErrors\":\"Please correct errors before submitting this form.\",\"validateRequiredField\":\"This is a required field.\",\"honeypotHoneypotError\":\"Honeypot Error\",\"fieldsMarkedRequired\":\"Fields marked with an <span class=\\\"ninja-forms-req-symbol\\\">*<\\\/span> are required\",\"currency\":\"\",\"repeatable_fieldsets\":\"\",\"unique_field_error\":\"Formularz z t\\u0105 warto\\u015bci\\u0105 zosta\\u0142 ju\\u017c przes\\u0142any.\",\"not_logged_in_msg\":\"\",\"sub_limit_msg\":\"Formularz osi\\u0105gn\\u0105\\u0142 limit wys\\u0142a\\u0144.\",\"calculations\":[],\"container_styles_show_advanced_css\":\"0\",\"title_styles_show_advanced_css\":\"0\",\"row_styles_show_advanced_css\":\"0\",\"row-odd_styles_show_advanced_css\":\"0\",\"success-msg_styles_show_advanced_css\":\"0\",\"error_msg_styles_show_advanced_css\":\"0\",\"formContentData\":[{\"order\":1,\"cells\":[{\"order\":0,\"fields\":[\"phone_1640098023980\"],\"width\":35},{\"order\":1,\"fields\":[\"adres_e-mail_1667919839452\"],\"width\":35},{\"order\":2,\"fields\":[\"zapisz_mnie_1667919853255\"],\"width\":30}]}],\"drawerDisabled\":false,\"conditions\":[],\"allow_public_link\":0,\"embed_form\":\"\",\"container_styles_border\":\"\",\"container_styles_height\":\"\",\"container_styles_margin\":\"\",\"container_styles_padding\":\"\",\"container_styles_float\":\"\",\"title_styles_border\":\"\",\"title_styles_height\":\"\",\"title_styles_width\":\"\",\"title_styles_font-size\":\"\",\"title_styles_margin\":\"\",\"title_styles_padding\":\"\",\"title_styles_float\":\"\",\"row_styles_border\":\"\",\"row_styles_width\":\"\",\"row_styles_font-size\":\"\",\"row_styles_margin\":\"\",\"row_styles_padding\":\"\",\"row-odd_styles_border\":\"\",\"row-odd_styles_height\":\"\",\"row-odd_styles_width\":\"\",\"row-odd_styles_font-size\":\"\",\"row-odd_styles_margin\":\"\",\"row-odd_styles_padding\":\"\",\"success-msg_styles_border\":\"\",\"success-msg_styles_height\":\"\",\"success-msg_styles_width\":\"\",\"success-msg_styles_font-size\":\"\",\"success-msg_styles_margin\":\"\",\"success-msg_styles_padding\":\"\",\"error_msg_styles_border\":\"\",\"error_msg_styles_width\":\"\",\"error_msg_styles_font-size\":\"\",\"error_msg_styles_margin\":\"\",\"error_msg_styles_padding\":\"\",\"form_title_heading_level\":\"3\",\"ninjaForms\":\"Ninja Forms\",\"fieldTextareaRTEInsertLink\":\"Insert Link\",\"fieldTextareaRTEInsertMedia\":\"Insert Media\",\"fieldTextareaRTESelectAFile\":\"Select a file\",\"formHoneypot\":\"If you are a human seeing this field, please leave it empty.\",\"fileUploadOldCodeFileUploadInProgress\":\"File Upload in Progress.\",\"fileUploadOldCodeFileUpload\":\"FILE UPLOAD\",\"currencySymbol\":\"&#36;\",\"thousands_sep\":\",\",\"decimal_point\":\".\",\"siteLocale\":\"en_GB\",\"dateFormat\":\"m\\\/d\\\/Y\",\"startOfWeek\":\"1\",\"of\":\"of\",\"previousMonth\":\"Previous Month\",\"nextMonth\":\"Next Month\",\"months\":[\"January\",\"February\",\"March\",\"April\",\"May\",\"June\",\"July\",\"August\",\"September\",\"October\",\"November\",\"December\"],\"monthsShort\":[\"Jan\",\"Feb\",\"Mar\",\"Apr\",\"May\",\"Jun\",\"Jul\",\"Aug\",\"Sep\",\"Oct\",\"Nov\",\"Dec\"],\"weekdays\":[\"Sunday\",\"Monday\",\"Tuesday\",\"Wednesday\",\"Thursday\",\"Friday\",\"Saturday\"],\"weekdaysShort\":[\"Sun\",\"Mon\",\"Tue\",\"Wed\",\"Thu\",\"Fri\",\"Sat\"],\"weekdaysMin\":[\"Su\",\"Mo\",\"Tu\",\"We\",\"Th\",\"Fr\",\"Sa\"],\"recaptchaConsentMissing\":\"reCaptcha validation couldn&#039;t load.\",\"recaptchaMissingCookie\":\"reCaptcha v3 validation couldn&#039;t load the cookie needed to submit the form.\",\"recaptchaConsentEvent\":\"Accept reCaptcha cookies before sending the form.\",\"currency_symbol\":\"\",\"beforeForm\":\"\",\"beforeFields\":\"\",\"afterFields\":\"\",\"afterForm\":\"\"};form.fields=[{\"objectType\":\"Field\",\"objectDomain\":\"fields\",\"editActive\":false,\"order\":1,\"idAttribute\":\"id\",\"type\":\"phone\",\"label\":\"Numer telefonu\",\"key\":\"phone_1640098023980\",\"label_pos\":\"above\",\"required\":1,\"default\":\"\",\"placeholder\":\"Numer telefonu\",\"container_class\":\"\",\"element_class\":\"\",\"input_limit\":\"\",\"input_limit_type\":\"characters\",\"input_limit_msg\":\"Liczba pozosta\\u0142ych znak\\u00f3w:\",\"manual_key\":\"\",\"admin_label\":\"\",\"help_text\":\"\",\"mask\":\"\",\"custom_mask\":\"\",\"custom_name_attribute\":\"phone\",\"personally_identifiable\":1,\"wrap_styles_border\":\"\",\"wrap_styles_width\":\"\",\"wrap_styles_margin\":\"\",\"wrap_styles_padding\":\"\",\"wrap_styles_float\":\"\",\"wrap_styles_show_advanced_css\":0,\"label_styles_border\":\"\",\"label_styles_width\":\"\",\"label_styles_font-size\":\"\",\"label_styles_margin\":\"\",\"label_styles_padding\":\"\",\"label_styles_float\":\"\",\"label_styles_show_advanced_css\":0,\"element_styles_border\":\"\",\"element_styles_width\":\"\",\"element_styles_font-size\":\"\",\"element_styles_margin\":\"\",\"element_styles_padding\":\"\",\"element_styles_float\":\"\",\"element_styles_show_advanced_css\":0,\"cellcid\":\"c3386\",\"value\":\"\",\"field_label\":\"Numer telefonu\",\"field_key\":\"phone_1640098023980\",\"drawerDisabled\":false,\"id\":8,\"beforeField\":\"\",\"afterField\":\"\",\"parentType\":\"textbox\",\"element_templates\":[\"tel\",\"textbox\",\"input\"],\"old_classname\":\"\",\"wrap_template\":\"wrap\"},{\"objectType\":\"Field\",\"objectDomain\":\"fields\",\"editActive\":false,\"order\":2,\"idAttribute\":\"id\",\"type\":\"email\",\"label\":\"Adres e-mail\",\"key\":\"adres_e-mail_1667919839452\",\"label_pos\":\"above\",\"required\":1,\"default\":\"\",\"placeholder\":\"Adres e-mail\",\"container_class\":\"\",\"element_class\":\"\",\"admin_label\":\"\",\"help_text\":\"\",\"custom_name_attribute\":\"email\",\"personally_identifiable\":1,\"wrap_styles_border\":\"\",\"wrap_styles_width\":\"\",\"wrap_styles_margin\":\"\",\"wrap_styles_padding\":\"\",\"wrap_styles_float\":\"\",\"wrap_styles_show_advanced_css\":0,\"label_styles_border\":\"\",\"label_styles_width\":\"\",\"label_styles_font-size\":\"\",\"label_styles_margin\":\"\",\"label_styles_padding\":\"\",\"label_styles_float\":\"\",\"label_styles_show_advanced_css\":0,\"element_styles_border\":\"\",\"element_styles_width\":\"\",\"element_styles_font-size\":\"\",\"element_styles_margin\":\"\",\"element_styles_padding\":\"\",\"element_styles_float\":\"\",\"element_styles_show_advanced_css\":0,\"cellcid\":\"c3389\",\"value\":\"\",\"drawerDisabled\":false,\"field_label\":\"E-mail\",\"field_key\":\"email_1640098026199\",\"id\":9,\"beforeField\":\"\",\"afterField\":\"\",\"parentType\":\"email\",\"element_templates\":[\"email\",\"input\"],\"old_classname\":\"\",\"wrap_template\":\"wrap\"},{\"objectType\":\"Field\",\"objectDomain\":\"fields\",\"editActive\":false,\"order\":3,\"idAttribute\":\"id\",\"type\":\"submit\",\"label\":\"Zapisz mnie\",\"processing_label\":\"W trakcie realizacji\",\"container_class\":\"\",\"element_class\":\"\",\"key\":\"zapisz_mnie_1667919853255\",\"wrap_styles_border\":\"\",\"wrap_styles_width\":\"\",\"wrap_styles_margin\":\"\",\"wrap_styles_padding\":\"\",\"wrap_styles_float\":\"\",\"wrap_styles_show_advanced_css\":0,\"element_styles_border\":\"\",\"element_styles_width\":\"\",\"element_styles_font-size\":\"\",\"element_styles_margin\":\"\",\"element_styles_padding\":\"\",\"element_styles_float\":\"\",\"element_styles_show_advanced_css\":0,\"submit_element_hover_styles_border\":\"\",\"submit_element_hover_styles_width\":\"\",\"submit_element_hover_styles_font-size\":\"\",\"submit_element_hover_styles_margin\":\"\",\"submit_element_hover_styles_padding\":\"\",\"submit_element_hover_styles_float\":\"\",\"submit_element_hover_styles_show_advanced_css\":0,\"cellcid\":\"c3391\",\"drawerDisabled\":false,\"field_label\":\"Zamawiam rozmow\\u0119\",\"field_key\":\"zamawiam_rozmowe_1640098067453\",\"id\":10,\"beforeField\":\"\",\"afterField\":\"\",\"value\":\"\",\"label_pos\":\"above\",\"parentType\":\"textbox\",\"element_templates\":[\"submit\",\"button\",\"input\"],\"old_classname\":\"\",\"wrap_template\":\"wrap-no-label\"}];nfForms.push(form);<\/script>\n                <script id=\"nf-tmpl-cell\" type=\"text\/template\">\n            <nf-fields><\/nf-fields>\n        <\/script>\n\n        <script id=\"nf-tmpl-row\" type=\"text\/template\">\n            <nf-cells><\/nf-cells>\n        <\/script>\n\n                <img loading=\"lazy\" decoding=\"async\" width=\"1500\" height=\"705\" src=\"https:\/\/www.koronakarkonoszy.pl\/blog\/wp-content\/uploads\/2022\/06\/Dwor-Korona-Karkonoszy.jpg\" class=\"attachment-full size-full\" alt=\"\" srcset=\"https:\/\/www.koronakarkonoszy.pl\/blog\/wp-content\/uploads\/2022\/06\/Dwor-Korona-Karkonoszy.jpg 1500w, https:\/\/www.koronakarkonoszy.pl\/blog\/wp-content\/uploads\/2022\/06\/Dwor-Korona-Karkonoszy-300x141.jpg 300w, https:\/\/www.koronakarkonoszy.pl\/blog\/wp-content\/uploads\/2022\/06\/Dwor-Korona-Karkonoszy-1024x481.jpg 1024w, https:\/\/www.koronakarkonoszy.pl\/blog\/wp-content\/uploads\/2022\/06\/Dwor-Korona-Karkonoszy-768x361.jpg 768w\" sizes=\"auto, (max-width: 1500px) 100vw, 1500px\" \/>        <\/div> \n    <\/div>\n<\/div>\n\n\n\n<h2 class=\"wp-block-heading\" id=\"ha-ile-kosztuje-wesele-w-gorach\">Ile kosztuje wesele w g\u00f3rach?<\/h2>\n\n\n\n<p><strong>Koszt wesela w g\u00f3rach<\/strong> jest podobny do kosztu imprezy weselnej w innych lokalizacjach. W przypadku ka\u017cdej wyjazdowej uroczysto\u015bci musimy liczy\u0107 si\u0119 z kosztami dojazdu \/ dowozu do wybranej sali weselnej w innym miejscu, ni\u017c miejsce zamieszkania. A tak\u017ce z kosztami ewentualnych nocleg\u00f3w dla go\u015bci, cho\u0107 wcale nie zawsze to Para M\u0142oda op\u0142aca pokoje w hotelu. Nocleg dla go\u015bci niekoniecznie musi pozostawa\u0107 w gestii M\u0142odej Pary.&nbsp;&nbsp;&nbsp;<\/p>\n\n\n\n<p><a href=\"https:\/\/www.koronakarkonoszy.pl\/blog\/kosztorys-wesela\/\" target=\"_blank\" rel=\"noreferrer noopener\"><strong>Kosztorys wesela<\/strong><\/a> jest wi\u0119c podobny, bez wzgl\u0119du na to, czy odbywa si\u0119 ono w g\u00f3rach, nad morzem, w centrum miasta czy nad jeziorem. Najwi\u0119cej zale\u017cy od lokalizacji. W ka\u017cdym regionie s\u0105 ta\u0144sze i dro\u017csze sale weselne czy restauracje; miasteczka w kt\u00f3rych ceny b\u0119d\u0105 ni\u017csze i wyj\u0105tkowo urokliwe lokalizacje, za kt\u00f3re trzeba b\u0119dzie dop\u0142aci\u0107. Tak\u017ce termin mo\u017ce mocno wp\u0142yn\u0105\u0107 na cen\u0119. Warto rozwa\u017cy\u0107 organizacj\u0119 wesela w inny dzie\u0144 ni\u017c sobota. Wesela w tygodniu staj\u0105 si\u0119 coraz popularniejsze, s\u0105 ta\u0144sze i \u0142atwiej o termin. Je\u015bli chcemy zaoszcz\u0119dzi\u0107, wybierzmy nie tak zwany wysoki sezon \u015blubny, tylko mniej popularne miesi\u0105ce \u2013 na przyk\u0142ad listopad czy marzec.<\/p>\n\n\n<section id=\"leonardo-block_41594cf5d1d46a08511087d79bbc95e0\" class=\"leonardo page-breaker leonardo-image-left\">\r\n    <div class=\"leonardo-body\">\r\n        <h2 class=\"leonardo-title\" id=\"h-ach-te-koszty\">Ach, te koszty&#8230; <\/h2>        <div class=\"leonardo-content\"><p>Na <a href=\"https:\/\/www.koronakarkonoszy.pl\/blog\/koszt-wesela-na-100-osob\/\" class=\"links-placer\">koszt wesela<\/a> sk\u0142ada si\u0119 kilka podstawowych element\u00f3w: wspomniany ju\u017c lokal, liczba go\u015bci, tak zwany talerzyk czyli cena wy\u017cywienia, ewentualnie noclegi i transport dla go\u015bci, muzyka, koszt zrobienia zdj\u0119\u0107 \/ film\u00f3w. I jeszcze dekoracje, czyli wydatki zwi\u0105zane z wystrojem sali, zaproszeniami, winietkami czy planem sto\u0142\u00f3w. Oczywi\u015bcie mo\u017cna zdecydowa\u0107 si\u0119 na dodatkowe atrakcje, ekstra p\u0142atne \u2013 s\u0142odki st\u00f3\u0142, <strong>fotobudk\u0119<\/strong>, animatora dla dzieci, wycieczk\u0119 po okolicy itd. Oczywi\u015bcie uwzgl\u0119dni\u0107 te\u017c trzeba wydatki na sukni\u0119 \u015blubn\u0105, garnitur, bukiet, czy fryzjera. No i na <strong><a href=\"https:\/\/www.koronakarkonoszy.pl\/blog\/jak-wybrac-obraczki-slubne\/\" target=\"_blank\" rel=\"noreferrer noopener\">obr\u0105czki \u015blubne<\/a><\/strong>.\u00a0Bud\u017cet weselny w du\u017cej mierze zale\u017cny jest wi\u0119c od naszych pragnie\u0144 i oczekiwa\u0144. A tak\u017ce, co oczywiste, od mo\u017cliwo\u015bci\u2026<\/p>\n<\/div>\r\n            <\/div>\r\n    <div class=\"leonardo-image\">\r\n        <img loading=\"lazy\" decoding=\"async\" width=\"836\" height=\"836\" src=\"https:\/\/www.koronakarkonoszy.pl\/blog\/wp-content\/uploads\/2021\/10\/fotobudka-na-wesele1.jpg\" class=\"attachment-full size-full\" alt=\"jak wybra\u0107 fotografa weselnego?\" srcset=\"https:\/\/www.koronakarkonoszy.pl\/blog\/wp-content\/uploads\/2021\/10\/fotobudka-na-wesele1.jpg 836w, https:\/\/www.koronakarkonoszy.pl\/blog\/wp-content\/uploads\/2021\/10\/fotobudka-na-wesele1-300x300.jpg 300w, https:\/\/www.koronakarkonoszy.pl\/blog\/wp-content\/uploads\/2021\/10\/fotobudka-na-wesele1-150x150.jpg 150w, https:\/\/www.koronakarkonoszy.pl\/blog\/wp-content\/uploads\/2021\/10\/fotobudka-na-wesele1-768x768.jpg 768w\" sizes=\"auto, (max-width: 836px) 100vw, 836px\" \/>            <\/div>\r\n<\/section>\n\n\n<h2 class=\"wp-block-heading\" id=\"h-idealna-sala-weselna-w-g-rach-czyli-jaka\">Idealna sala weselna w g\u00f3rach, czyli jaka?<\/h2>\n\n\n\n<p>Przyj\u0119cie weselne to jedna z najwa\u017cniejszych imprez w ca\u0142ym Waszym \u017cyciu. Pami\u0119tajcie o tym ju\u017c na etapie poszukiwa\u0144 sali weselnej i wybierzcie ten lokal, kt\u00f3ry spe\u0142nia Wasze najskrytsze marzenia i idealnie wpisuje si\u0119 w Wasz\u0105 weseln\u0105 wizj\u0119.<\/p>\n\n\n\n<p>Wesele mo\u017cecie zorganizowa\u0107 w:<\/p>\n\n\n\n<ul class=\"wp-block-list\">\n<li>klasycznej sali weselnej w g\u00f3rach,<\/li>\n\n\n\n<li>sali w hotelu, dworku lub innym obiekcie wypoczynkowym,<\/li>\n\n\n\n<li>restauracji lub g\u00f3ralskiej karczmie.&nbsp;<\/li>\n<\/ul>\n\n\n\n<figure class=\"wp-block-image size-full\"><img loading=\"lazy\" decoding=\"async\" width=\"800\" height=\"534\" src=\"https:\/\/www.koronakarkonoszy.pl\/blog\/wp-content\/uploads\/2021\/07\/torty-weselne.jpg\" alt=\"\" class=\"wp-image-421\" srcset=\"https:\/\/www.koronakarkonoszy.pl\/blog\/wp-content\/uploads\/2021\/07\/torty-weselne.jpg 800w, https:\/\/www.koronakarkonoszy.pl\/blog\/wp-content\/uploads\/2021\/07\/torty-weselne-300x200.jpg 300w, https:\/\/www.koronakarkonoszy.pl\/blog\/wp-content\/uploads\/2021\/07\/torty-weselne-768x513.jpg 768w\" sizes=\"auto, (max-width: 800px) 100vw, 800px\" \/><figcaption class=\"wp-element-caption\"><strong>Wesele w stylu steampunk,<\/strong> <strong>Dw\u00f3r Korona Karkonoszy, <a href=\"https:\/\/www.koronakarkonoszy.pl\/blog-atrakcje\/sosnowka\/\" class=\"links-placer\">Sosn\u00f3wka<\/a> k. Karpacza  <\/strong><\/figcaption><\/figure>\n\n\n\n<p>Jednak\u017ce najlepszym rozwi\u0105zaniem jest druga opcja. Obiekty wypoczynkowe, poza eleganck\u0105 sal\u0105 weseln\u0105 oraz zapleczem gastronomicznym i sanitarnym, dysponuj\u0105 komfortowymi miejscami noclegowymi. Organizuj\u0105c wesele wyjazdowe w g\u00f3rach, musicie bowiem zapewni\u0107 swoim go\u015bciom zakwaterowanie. Nocleg w tym samym obiekcie, w kt\u00f3rym odbywa si\u0119 przyj\u0119cie weselne, to najbardziej komfortowa i praktyczna opcja. Szczeg\u00f3lnie je\u015bli nast\u0119pnego dnia w tym samym lokalu maj\u0105 odby\u0107 si\u0119 <strong>poprawiny weselne<\/strong>. Go\u015bcie b\u0119d\u0105 mogli od\u015bwie\u017cy\u0107 si\u0119 w pokojach w czasie imprezy, a zm\u0119czeni ca\u0142onocn\u0105 zabaw\u0105 w spokoju odpoczn\u0105 w swoich apartamentach, by nast\u0119pnego ranka z now\u0105 energi\u0105 pojawi\u0107 si\u0119 na poprawinach.<\/p>\n\n\n<section id=\"leonardo-block_835371604e8794d002a4fbd097fa9366\" class=\"leonardo page-breaker leonardo-image-right\">\r\n    <div class=\"leonardo-body\">\r\n        <h2 class=\"leonardo-title\" id=\"h-sala-weselna-w-gorach-dojazd\">Sala weselna w g\u00f3rach &#8211; dojazd <\/h2>        <div class=\"leonardo-content\"><p>Przy wyborze sali weselnej w g\u00f3rach we\u017acie pod uwag\u0119 dojazd do obiektu. Je\u015bli jest skomplikowany, obowi\u0105zkowo przygotujcie specjaln\u0105 mapk\u0119, kt\u00f3ra u\u0142atwi go\u015bciom dotarcie na miejsce. Na terenie wybranego obiektu (lub w niedalekiej odleg\u0142o\u015bci) powinien znale\u017a\u0107 si\u0119 parking, na kt\u00f3rym go\u015bcie b\u0119d\u0105 mogli zaparkowa\u0107 swoje samochody. Koniecznie zorganizujcie dodatkowy transport (na przyk\u0142ad bus lub autokar) dla tych go\u015bci, kt\u00f3rzy przyjechali komunikacj\u0105 publiczn\u0105.<\/p>\n<\/div>\r\n                    <aside class=\"leonardo-interlink\">\r\n                <b>Polecamy<\/b>\r\n                <a href=\"https:\/\/www.koronakarkonoszy.pl\/blog\/en\/dodatkowe-wydatki-na-wesele-o-ktorych-warto-pomyslec\/\">Dodatkowe wydatki na wesele, o kt\u00f3rych warto pomy\u015ble\u0107<\/a>\r\n            <\/aside>\r\n            <\/div>\r\n    <div class=\"leonardo-image\">\r\n        <img loading=\"lazy\" decoding=\"async\" width=\"1280\" height=\"853\" src=\"https:\/\/www.koronakarkonoszy.pl\/blog\/wp-content\/uploads\/2022\/02\/pexels-negative-space-34753.jpg\" class=\"attachment-full size-full\" alt=\"\" srcset=\"https:\/\/www.koronakarkonoszy.pl\/blog\/wp-content\/uploads\/2022\/02\/pexels-negative-space-34753.jpg 1280w, https:\/\/www.koronakarkonoszy.pl\/blog\/wp-content\/uploads\/2022\/02\/pexels-negative-space-34753-300x200.jpg 300w, https:\/\/www.koronakarkonoszy.pl\/blog\/wp-content\/uploads\/2022\/02\/pexels-negative-space-34753-1024x682.jpg 1024w, https:\/\/www.koronakarkonoszy.pl\/blog\/wp-content\/uploads\/2022\/02\/pexels-negative-space-34753-768x512.jpg 768w\" sizes=\"auto, (max-width: 1280px) 100vw, 1280px\" \/>            <\/div>\r\n<\/section>\n\n\n<h2 class=\"wp-block-heading\" id=\"ha-styl-wesela-ma-znaczenie\">Styl wesela ma znaczenie<\/h2>\n\n\n\n<p>Ka\u017cde przyj\u0119cie weselne ma sw\u00f3j styl. Styl wesela to co\u015b, co spaja ca\u0142\u0105 aran\u017cacj\u0119, nadaje jej wyj\u0105tkowy charakter. Starannie przygotowane dekoracje tworz\u0105 w sali weselnej romantyczn\u0105 aur\u0119, idealn\u0105 do radosnego celebrowania za\u015blubin.<\/p>\n\n\n\n<p>Podczas poszukiwa\u0144 <strong>sali weselnej w g\u00f3rach<\/strong> koniecznie we\u017acie pod uwag\u0119 jej wystr\u00f3j. Pod\u0142ogi, \u015bciany i inne elementy znajduj\u0105ce si\u0119 w pomieszczeniu tworz\u0105 bowiem baz\u0119 dekoracyjn\u0105, kt\u00f3r\u0105 nast\u0119pnie uzupe\u0142nia si\u0119 starannie dobranymi ozdobami.<\/p>\n\n\n\n<figure class=\"wp-block-image size-full\"><img loading=\"lazy\" decoding=\"async\" width=\"960\" height=\"640\" src=\"https:\/\/www.koronakarkonoszy.pl\/blog\/wp-content\/uploads\/2022\/06\/sala-weselna-balowa.jpg\" alt=\"\" class=\"wp-image-4412\" srcset=\"https:\/\/www.koronakarkonoszy.pl\/blog\/wp-content\/uploads\/2022\/06\/sala-weselna-balowa.jpg 960w, https:\/\/www.koronakarkonoszy.pl\/blog\/wp-content\/uploads\/2022\/06\/sala-weselna-balowa-300x200.jpg 300w, https:\/\/www.koronakarkonoszy.pl\/blog\/wp-content\/uploads\/2022\/06\/sala-weselna-balowa-768x512.jpg 768w\" sizes=\"auto, (max-width: 960px) 100vw, 960px\" \/><figcaption class=\"wp-element-caption\"><strong>Dworska Sala Balowa &#8211; Dw\u00f3r Korona Karkonoszy <\/strong><\/figcaption><\/figure>\n\n\n\n<p>A zatem jak dopasowa\u0107 sal\u0119 do wybranego motywu przewodniego wesela? Prawdziwe, g\u00f3ralskie wesele warto urz\u0105dzi\u0107 w sali stylizowanej na g\u00f3ralsk\u0105 karczm\u0119. W takim lokalu nie mo\u017ce zabrakn\u0105\u0107 sto\u0142\u00f3w i krzese\u0142 wykonanych z naturalnego drewna, haftowanych obrus\u00f3w i zwiewnych firan oraz folkowych akcent\u00f3w. Ze stylem rustykalnym doskonale b\u0119dzie komponowa\u0107 si\u0119 sala z wysokim sufitem, drewnianymi elementami, utrzymana w jednej, stonowanej kolorystyce. Wesele rustykalne mo\u017cna tak\u017ce zorganizowa\u0107 w namiocie lub ogrodzie. Idealnym miejscem na gustowne przyj\u0119cie w stylu glamour jest za\u015b elegancka sala balowa.<\/p>\n\n\n\n<p><strong>Dworska Sala Balowa w Dworze Korona Karkonoszy <\/strong>to gustownie urz\u0105dzone wn\u0119trze z podwieszanym, drewnianym sufitem w bia\u0142ym kolorze i du\u017cymi oknami w kszta\u0142cie \u0142uk\u00f3w. Sala weselna perfekcyjnie wpisuje si\u0119 w stylistyk\u0119 glamour.<\/p>\n\n\n<section id=\"leonardo-block_ad5fa923066f394e307212f109e90faa\" class=\"leonardo page-breaker leonardo-image-left\">\r\n    <div class=\"leonardo-body\">\r\n        <h2 class=\"leonardo-title\" id=\"h-liczba-zaproszonych-gosci-a-wielkosc-sali\">Liczba zaproszonych go\u015bci a wielko\u015b\u0107 sali<\/h2>        <div class=\"leonardo-content\"><p>Jako gospodarze swojego przyj\u0119cia weselnego, powinni\u015bcie zadba\u0107 o to, aby wszyscy zaproszeni go\u015bcie czuli si\u0119 komfortowo podczas tych kilku godzin sp\u0119dzonych w sali weselnej. Wesele to bowiem czas radosnego biesiadowania, szalonych pl\u0105s\u00f3w na parkiecie i doskona\u0142ej zabawy.<\/p>\n<p>Du\u017ce znaczenie w kwestii komfortu weselnik\u00f3w ma wielko\u015b\u0107 sali, w kt\u00f3rej odbywa si\u0119 przyj\u0119cie. Go\u015bciom nale\u017cy zapewni\u0107 odpowiedni\u0105 ilo\u015b\u0107 miejsca do swobodnego biesiadowania, ta\u0144ca i uczestnictwa w zabawach weselnych. W sali powinien r\u00f3wnie\u017c znale\u017a\u0107 si\u0119 podest dla zespo\u0142u b\u0105d\u017a DJ-a.<\/p>\n<p>Szczeg\u00f3ln\u0105 wag\u0119 nale\u017cy przy\u0142o\u017cy\u0107 do poszukiwa\u0144 sali na huczne wesele, na kt\u00f3re zaproszono 200 czy wi\u0119cej go\u015bci. Du\u017cy lokal zdecydowanie trudniej znale\u017a\u0107, a wiele z nich zosta\u0142o ju\u017c zarezerwowanych nawet na dwa lata do przodu. Poszukiwania wi\u0119kszej sali na wesele w g\u00f3rach warto rozpocz\u0105\u0107 z du\u017cym wyprzedzeniem.<\/p>\n<p>Czy to oznacza, \u017ce nie da si\u0119 zorganizowa\u0107 hucznego <strong><a href=\"https:\/\/www.koronakarkonoszy.pl\/blog\/wesele-last-minute\/\">wesela<\/a> last minute<\/strong>? Da si\u0119! Jednak trzeba porz\u0105dnie przy\u0142o\u017cy\u0107 si\u0119 do poszukiwa\u0144 lub postawi\u0107 na niestandardowe rozwi\u0105zania \u2013 jak na przyk\u0142ad <strong><a href=\"https:\/\/www.koronakarkonoszy.pl\/blog\/wesele-w-niedziele\/\">wesele w niedziele<\/a><\/strong>.<\/p>\n<\/div>\r\n                    <aside class=\"leonardo-interlink\">\r\n                <b>Polecamy<\/b>\r\n                <a href=\"https:\/\/www.koronakarkonoszy.pl\/blog\/en\/dlaczego-numeracja-stolow-weselnych-jest-tak-wazna\/\">Dlaczego numeracja sto\u0142\u00f3w weselnych jest tak wa\u017cna?<\/a>\r\n            <\/aside>\r\n            <\/div>\r\n    <div class=\"leonardo-image\">\r\n        <img loading=\"lazy\" decoding=\"async\" width=\"1280\" height=\"960\" src=\"https:\/\/www.koronakarkonoszy.pl\/blog\/wp-content\/uploads\/2022\/02\/pexels-pixabay-265947.jpg\" class=\"attachment-full size-full\" alt=\"\" srcset=\"https:\/\/www.koronakarkonoszy.pl\/blog\/wp-content\/uploads\/2022\/02\/pexels-pixabay-265947.jpg 1280w, https:\/\/www.koronakarkonoszy.pl\/blog\/wp-content\/uploads\/2022\/02\/pexels-pixabay-265947-300x225.jpg 300w, https:\/\/www.koronakarkonoszy.pl\/blog\/wp-content\/uploads\/2022\/02\/pexels-pixabay-265947-1024x768.jpg 1024w, https:\/\/www.koronakarkonoszy.pl\/blog\/wp-content\/uploads\/2022\/02\/pexels-pixabay-265947-768x576.jpg 768w\" sizes=\"auto, (max-width: 1280px) 100vw, 1280px\" \/>            <\/div>\r\n<\/section>\n\n\n<h2 class=\"wp-block-heading\" id=\"ha-sala-weselna-w-gorach-atrakcje\">Sala weselna w g\u00f3rach \u2013 atrakcje<\/h2>\n\n\n\n<p>\u015alub to ukoronowanie d\u0142ugiej drogi, jak\u0105 przeszli\u015bcie razem do tej pory. Z kolei wesele jest symbolicznym rozpocz\u0119ciem nowego etapu w Waszym \u017cyciu \u2013 etapu ma\u0142\u017ce\u0144stwa. \u015awi\u0119towanie za\u015blubin wymaga niepowtarzanej oprawy. Nieod\u0142\u0105cznym elementem wydarzenia s\u0105 atrakcje, co warto wzi\u0105\u0107 pod uwag\u0119 ju\u017c podczas poszukiwa\u0144 idealnej <strong>sali weselnej w g\u00f3rach<\/strong>.<\/p>\n\n\n\n<p>Sprawd\u017acie, czy wybrana sala weselna oferuje dodatkowe elementy, kt\u00f3re urozmaic\u0105 Wasze przyj\u0119cie lub dysponuje miejscem, w kt\u00f3rym b\u0119dziecie mogli zorganizowa\u0107 w\u0142asne atrakcje. \u015awietnym rozwi\u0105zaniem b\u0119dzie wyb\u00f3r obiektu dysponuj\u0105cego malowniczym ogrodem weselnym. Atrakcje w ogrodzie to znakomity dodatek do wesela.<\/p>\n\n\n\n<p>A czym zaskoczy\u0107 go\u015bci weselnych? Jest wiele sposob\u00f3w na ubarwienie przyj\u0119cia weselnego. Od efektownego drink baru, przez klasyczn\u0105 fotobudk\u0119, a\u017c do emocjonuj\u0105cego wyst\u0119pu prawdziwej g\u00f3ralskiej kapeli. B\u0105d\u017acie kreatywni, uruchomcie wyobra\u017ani\u0119 i \u015bwi\u0119tujcie pocz\u0105tek swojego ma\u0142\u017ce\u0144stwa tak, jak sobie wymarzyli\u015bcie. Atrakcje na weselu s\u0105 zawsze mile widziane przez go\u015bci!<\/p>\n\n\n<section id=\"leonardo-block_88736d563ac4ccd47cf5dde289a29b5c\" class=\"leonardo page-breaker leonardo-image-left\">\r\n    <div class=\"leonardo-body\">\r\n        <h2 class=\"leonardo-title\" id=\"h-magiczne-wesele-z-widokiem-na-majestatyczne-szczyty-gorskie\">Magiczne wesele z widokiem na majestatyczne szczyty g\u00f3rskie<\/h2>        <div class=\"leonardo-content\"><p>Szczeg\u00f3lnym miejscem na zawarcie zwi\u0105zku ma\u0142\u017ce\u0144skiego s\u0105 Karkonosze, czyli g\u00f3ry o niezwykle urozmaiconej rze\u017abie terenu, pe\u0142ne klimatycznych dolin, wartkich potok\u00f3w, niesamowitych wodospad\u00f3w i innych tajemniczych element\u00f3w. Karkonosze wygl\u0105daj\u0105 pi\u0119knie o ka\u017cdej porze roku. Wiosn\u0105 karkonoska natura budzi si\u0119 do \u017cycia i przybiera intensywne barwy. Lato w Karkonoszach to czas zieleni i nieziemskich zachod\u00f3w s\u0142o\u0144ca. Jesieni\u0105 mo\u017cna podziwia\u0107 kolorowe korony drzew, kt\u00f3re perfekcyjnie kontrastuj\u0105 ze skalistymi szczytami. Zim\u0105 za\u015b wszystko pokrywa si\u0119 bia\u0142ym puchem, kt\u00f3ry tworzy romantyczn\u0105 aur\u0119, idealn\u0105 do tego, by przyrzec sobie wieczn\u0105 mi\u0142o\u015b\u0107.<\/p>\n<\/div>\r\n                    <aside class=\"leonardo-interlink\">\r\n                <b>Polecamy<\/b>\r\n                <a href=\"https:\/\/www.koronakarkonoszy.pl\/blog\/en\/kameralny-slub-w-gorach\/\">Kameralny \u015blub w g\u00f3rach \u2013 magiczna ceremonia<\/a>\r\n            <\/aside>\r\n            <\/div>\r\n    <div class=\"leonardo-image\">\r\n        <img loading=\"lazy\" decoding=\"async\" width=\"1280\" height=\"800\" src=\"https:\/\/www.koronakarkonoszy.pl\/blog\/wp-content\/uploads\/2022\/02\/pexels-marek-piwnicki-6793717.jpg\" class=\"attachment-full size-full\" alt=\"\" srcset=\"https:\/\/www.koronakarkonoszy.pl\/blog\/wp-content\/uploads\/2022\/02\/pexels-marek-piwnicki-6793717.jpg 1280w, https:\/\/www.koronakarkonoszy.pl\/blog\/wp-content\/uploads\/2022\/02\/pexels-marek-piwnicki-6793717-300x188.jpg 300w, https:\/\/www.koronakarkonoszy.pl\/blog\/wp-content\/uploads\/2022\/02\/pexels-marek-piwnicki-6793717-1024x640.jpg 1024w, https:\/\/www.koronakarkonoszy.pl\/blog\/wp-content\/uploads\/2022\/02\/pexels-marek-piwnicki-6793717-768x480.jpg 768w\" sizes=\"auto, (max-width: 1280px) 100vw, 1280px\" \/>            <\/div>\r\n<\/section>\n\n\n<h2 class=\"wp-block-heading\" id=\"ha-a-moze-slub-w-stylu-janosika\">A mo\u017ce \u015blub w stylu\u2026 Janosika?<\/h2>\n\n\n\n<p>Skoro wybrali\u015bmy sal\u0119 weseln\u0105 w g\u00f3rach, nawi\u0105\u017cmy do historii o najs\u0142ynniejszym tatrza\u0144skim zb\u00f3jniku, Janosiku. Posta\u0107 wielokrotnie uwieczniona w kinematografii, wystarczy si\u0119gn\u0105\u0107 do s\u0142ynnego polskiego serialu, tr\u0105c\u0105cego ju\u017c nieco myszk\u0105, czy nowszego dzie\u0142a, filmu kinowego sprzed kilku lat. W obu mo\u017cemy ujrze\u0107 elementy folkloru i znale\u017a\u0107 inspiracj\u0119, je\u015bli chodzi o stroje czy wystr\u00f3j wn\u0119trz. <\/p>\n\n\n\n<p>Ale jest jeszcze jeden aspekt wart na\u015bladowania. Janosik, jak wie\u015b\u0107 gminna g\u0142osi, zabiera\u0142 bogatym, a dawa\u0142 biednym, dlatego w\u0142a\u015bnie zyska\u0142 nie\u015bmierteln\u0105 s\u0142aw\u0119. W ramach na\u015bladowania dzia\u0142a\u0144 szlachetnego zb\u00f3jnika (cho\u0107 nie wszyscy zgadzaj\u0105 si\u0119 z takim jego postrzeganiem) mo\u017cemy podczas wesela zebra\u0107 datki. Cho\u0107 oczywi\u015bcie nie si\u0142\u0105! ? Taka kwesta dla potrzebuj\u0105cych, cho\u0107by naszych \u201ebraci mniejszych\u201d z najbli\u017cszego schroniska czy przytuliska. Przystojny zb\u00f3jnik z pewno\u015bci\u0105 wpadnie w oko wielu paniom, a towarzysz\u0105ca mu panna roztopi serca kawaler\u00f3w obecnych na weselu, i zbi\u00f3rka p\u00f3jdzie g\u0142adko.<\/p>\n\n\n\n<figure class=\"wp-block-image size-full\"><img loading=\"lazy\" decoding=\"async\" width=\"900\" height=\"600\" src=\"https:\/\/www.koronakarkonoszy.pl\/blog\/wp-content\/uploads\/2022\/08\/027.jpg\" alt=\"\" class=\"wp-image-5347\" srcset=\"https:\/\/www.koronakarkonoszy.pl\/blog\/wp-content\/uploads\/2022\/08\/027.jpg 900w, https:\/\/www.koronakarkonoszy.pl\/blog\/wp-content\/uploads\/2022\/08\/027-300x200.jpg 300w, https:\/\/www.koronakarkonoszy.pl\/blog\/wp-content\/uploads\/2022\/08\/027-768x512.jpg 768w\" sizes=\"auto, (max-width: 900px) 100vw, 900px\" \/><figcaption class=\"wp-element-caption\"><strong>Sale weselne w g\u00f3rach &#8211; Sosn\u00f3wka <\/strong><\/figcaption><\/figure>\n\n\n\n<p>Takie charytatywne gesty staj\u0105 si\u0119 coraz powszechniejsze podczas imprez \u015blubnych. Wiele Par M\u0142odych chce podzieli\u0107 si\u0119 swoj\u0105 rado\u015bci\u0105 i szcz\u0119\u015bciem z innymi, kt\u00f3rym gorzej wiedzie si\u0119 w \u017cyciu. Cz\u0119sto zamiast kwiat\u00f3w czy prezent\u00f3w narzeczeni prosz\u0105 o darowizny czy prezenty rzeczowe dla konkretnej fundacji czy jakiej\u015b szlachetnej inicjatywy. Je\u015bli jeszcze takiej zbi\u00f3rce zapewnimy odpowiedni\u0105 opraw\u0119, sukces murowany!<\/p>\n\n\n\n<h2 class=\"wp-block-heading\" id=\"ha-skromny-slub-w-gorach\">Skromny \u015blub w g\u00f3rach<\/h2>\n\n\n\n<p><a href=\"https:\/\/www.koronakarkonoszy.pl\/blog\/kameralny-slub-w-gorach\/\" target=\"_blank\" rel=\"noreferrer noopener\"><strong>Kameralny \u015blub w g\u00f3rach<\/strong><\/a> \u2013 czy jest tym samym, co skromny \u015blub w g\u00f3rach? Niekoniecznie. <a href=\"https:\/\/www.koronakarkonoszy.pl\/blog\/kameralny-slub-w-gorach\/\" class=\"links-placer\">Kameralny \u015blub<\/a> mo\u017ce by\u0107 \u015blubem bardzo wystawnym, w\u0142a\u015bnie ze wzgl\u0119du na niezbyt du\u017c\u0105 liczb\u0119 go\u015bci. Jednak mo\u017cna urz\u0105dzi\u0107 <strong>skromny \u015blub w g\u00f3rach<\/strong>, tak samo zreszt\u0105 jak gdzie indziej. Jednak za urz\u0105dzeniem skromnego \u015blubu w g\u00f3rach przemawia jeden koronny argument \u2013 g\u00f3ry sam\u0105 sw\u0105 obecno\u015bci\u0105 u\u015bwietni\u0105 ka\u017cde, najskromniejsze nawet wesele. Sprawi\u0105, \u017ce stanie si\u0119 ono uroczysto\u015bci\u0105 wyj\u0105tkow\u0105, nawet je\u015bli nie b\u0119dzie obfitowa\u0107 w dodatkowe atrakcje dla go\u015bci i odb\u0119dzie si\u0119 w niezbyt imponuj\u0105cej sali weselnej. Po prostu go\u015bcie i tak zwraca\u0107 b\u0119d\u0105 uwag\u0119 g\u0142\u00f3wnie na pi\u0119kno otaczaj\u0105cej ich przyrody.<\/p>\n\n\n\n<figure class=\"wp-block-image size-large\"><a href=\"https:\/\/www.koronakarkonoszy.pl\/wesele\/\" target=\"_blank\" rel=\"noreferrer noopener\"><img loading=\"lazy\" decoding=\"async\" width=\"1024\" height=\"512\" src=\"https:\/\/www.koronakarkonoszy.pl\/blog\/wp-content\/uploads\/2022\/01\/piekne_wesela_DKK-1024x512.jpg\" alt=\"\" class=\"wp-image-4011\" srcset=\"https:\/\/www.koronakarkonoszy.pl\/blog\/wp-content\/uploads\/2022\/01\/piekne_wesela_DKK-1024x512.jpg 1024w, https:\/\/www.koronakarkonoszy.pl\/blog\/wp-content\/uploads\/2022\/01\/piekne_wesela_DKK-300x150.jpg 300w, https:\/\/www.koronakarkonoszy.pl\/blog\/wp-content\/uploads\/2022\/01\/piekne_wesela_DKK-768x384.jpg 768w, https:\/\/www.koronakarkonoszy.pl\/blog\/wp-content\/uploads\/2022\/01\/piekne_wesela_DKK.jpg 1200w\" sizes=\"auto, (max-width: 1024px) 100vw, 1024px\" \/><\/a><\/figure>\n\n\n\n<p>G\u00f3ry budz\u0105 zachwyt swym gro\u017anym majestatem. Ich wynios\u0142y urok nikogo nie pozostawia oboj\u0119tnym. Tak wi\u0119c ka\u017cda <strong>sala weselna w g\u00f3rach<\/strong> ju\u017c na wst\u0119pie zdobywa mn\u00f3stwo punkt\u00f3w za lokalizacj\u0119. Reszta atrybut\u00f3w cz\u0119sto schodzi na dalszy plan.&nbsp; &nbsp;<\/p>\n\n\n\n<p>Poza tym do imprezy w g\u00f3rach pasuje bardziej nieformalny styl \u015bwi\u0119towania. Stroje niekoniecznie musz\u0105 by\u0107 bardzo oficjalne, wystarczy styl smart casual. Menu \u2013 doskonale sprawdz\u0105 si\u0119 grill czy ognisko, bo i tak wszyscy b\u0119d\u0105 woleli zosta\u0107 na \u015bwie\u017cym powietrzu, by podziwia\u0107 wspania\u0142e krajobrazy, a noc\u0105 wpatrywa\u0107 si\u0119 w rozgwie\u017cd\u017cone niebo, kt\u00f3re w\u0142a\u015bnie w g\u00f3rach wydaje si\u0119 by\u0107 na wyci\u0105gniecie r\u0119ki\u2026&nbsp; Warto wykorzysta\u0107 te atuty g\u00f3rskich miejscowo\u015bci.<\/p>\n\n\n<section id=\"leonardo-block_5ec20195051cca8196340b77e87cd3f7\" class=\"leonardo page-breaker leonardo-image-right\">\r\n    <div class=\"leonardo-body\">\r\n        <h2 class=\"leonardo-title\" id=\"h-kameralne-wesele-w-gorach\">Kameralne wesele w g\u00f3rach<\/h2>        <div class=\"leonardo-content\"><p><!-- wp:heading --><\/p>\n<p>Wiele par szuka sali weselnej na <strong>kameralny \u015blub w g\u00f3rach<\/strong>. Czasami ma to by\u0107 przyj\u0119cie tylko dla najbli\u017cszych, a czasem \u015blub w wersji minimalistycznej \u2013 jedynie Para M\u0142oda i \u015bwiadkowie. Bo niby dlaczego nie? Je\u015bli takie jest \u017cyczenie narzeczonych&#8230; Cho\u0107 trzeba przyzna\u0107, \u017ce rzadko zdarzaj\u0105 si\u0119 takie \u015bluby.<\/p>\n<p><!-- \/wp:paragraph --> <!-- wp:paragraph --><\/p>\n<p>Zwykle jednak wyjazd na \u015blub i wesele w g\u00f3ry to okazja do \u015bwi\u0119towania z najbli\u017cszymi. Je\u015bli przyj\u0119cie nie jest zbyt du\u017ce, spokojnie wszyscy pomieszcz\u0105 si\u0119 w jednym obiekcie weselnym. Sala balowa i hotel w jednym to prawdziwa wygoda dla go\u015bci. Przy mniejszym weselu oczywi\u015bcie koszty b\u0119d\u0105 ni\u017csze, co pozwala zaoszcz\u0119dzi\u0107 i wyda\u0107 dodatkowe \u015brodki na przyk\u0142ad na podr\u00f3\u017c po\u015blubn\u0105. Albo zosta\u0107 na d\u0142u\u017cszym, co najmniej tygodniowym wypoczynku w g\u00f3rach, skoro i tak ju\u017c tam jeste\u015bmy.<\/p>\n<p><!-- \/wp:paragraph --> <!-- wp:paragraph --><\/p>\n<p>Kameralna, intymna atmosfera odpowiada wielu Parom M\u0142odym. Tak\u017ce wielu go\u015bci nie przepada za hucznymi, t\u0142umnymi imprezami. Podczas mniejszego przyj\u0119cia jest czas na prawdziwe rozmowy, niespieszne celebrowanie tego wa\u017cnego dnia. Bez po\u015bpiechu i stresu, w t\u0142umie cz\u0119sto do\u015b\u0107 obcych nam jednak os\u00f3b. Wida\u0107, \u017ce coraz cz\u0119\u015bciej Pary M\u0142ode stawiaj\u0105 na jako\u015b\u0107 wesela, a nie na jak najwi\u0119ksz\u0105 liczb\u0119 go\u015bci. W mniejszym gronie \u0142atwiej zbudowa\u0107 relacje i wykreowa\u0107 odpowiedni\u0105 atmosfer\u0119.<\/p>\n<p><!-- \/wp:paragraph --><\/p>\n<\/div>\r\n            <\/div>\r\n    <div class=\"leonardo-image\">\r\n        <img loading=\"lazy\" decoding=\"async\" width=\"1200\" height=\"800\" src=\"https:\/\/www.koronakarkonoszy.pl\/blog\/wp-content\/uploads\/2020\/09\/Ile-kosztuje-wesele.jpg\" class=\"attachment-full size-full\" alt=\"\" srcset=\"https:\/\/www.koronakarkonoszy.pl\/blog\/wp-content\/uploads\/2020\/09\/Ile-kosztuje-wesele.jpg 1200w, https:\/\/www.koronakarkonoszy.pl\/blog\/wp-content\/uploads\/2020\/09\/Ile-kosztuje-wesele-300x200.jpg 300w, https:\/\/www.koronakarkonoszy.pl\/blog\/wp-content\/uploads\/2020\/09\/Ile-kosztuje-wesele-1024x683.jpg 1024w, https:\/\/www.koronakarkonoszy.pl\/blog\/wp-content\/uploads\/2020\/09\/Ile-kosztuje-wesele-768x512.jpg 768w\" sizes=\"auto, (max-width: 1200px) 100vw, 1200px\" \/>            <\/div>\r\n<\/section>\n\n\n<h2 class=\"wp-block-heading\" id=\"ha-huczne-wesele-tylko-w-gorach\">Huczne wesele \u2013 tylko w g\u00f3rach!<\/h2>\n\n\n\n<p>Je\u015bli mamy liczn\u0105 rodzin\u0119, wielkie grono przyjaci\u00f3\u0142 i uwielbiamy brylowa\u0107 w towarzystwie, urz\u0105d\u017amy <strong>wielkie i huczne wesele<\/strong>. Takie z przytupem i rozmachem, kt\u00f3re na d\u0142ugo pozostanie w pami\u0119ci zebranych. Wyj\u0105tkowo rozbudowana baza hotelowa w g\u00f3rach sprawia, \u017ce jest to idealne miejsce do urz\u0105dzenia du\u017cego wesela. Zar\u00f3wno zakwaterowanie go\u015bci weselnych, jak i odpowiednia sala balowa s\u0105 na wyci\u0105gni\u0119cie r\u0119ki.&nbsp;<\/p>\n\n\n\n<p>W g\u00f3rach znajdziemy tak\u017ce klimatyczne, drewniane ko\u015bci\u00f3\u0142ki i kapliczki, w kt\u00f3rych mo\u017cna wzi\u0105\u0107 \u015blub. A potem, w urokliwym zak\u0105tku, w otoczeniu przepi\u0119knej przyrody, \u015bwi\u0119towa\u0107 ten wyj\u0105tkowy moment.<\/p>\n\n\n\n<p>Huczne wesele warto urz\u0105dzi\u0107 w\u0142a\u015bnie w g\u00f3rach, poniewa\u017c znajdziemy tam szczeg\u00f3lny rodzaj energii. Niezb\u0119dny przecie\u017c, by zabawia\u0107 ponad setk\u0119 go\u015bci, towarzyszy\u0107 im na parkiecie i w czasie kolejnych atrakcji. T\u0119 energi\u0119 znajdziemy zw\u0142aszcza <strong>w<\/strong> <strong>Karkonoszach<\/strong>! Od wiek\u00f3w kr\u0105\u017c\u0105 legendy o Duchu G\u00f3r, nazywanym tak\u017ce Liczyrzep\u0105 lub Karkonoszem, kt\u00f3ry stanowi personifikacj\u0119 si\u0142 natury \u2013 niespo\u017cytych, jak wiadomo. Mo\u017ce to w\u0142a\u015bnie dzi\u0119ki niemu region ten jest magiczny? Znajdziemy tam niemal niesko\u0144czon\u0105 liczb\u0119 zamk\u00f3w, pa\u0142ac\u00f3w, dwork\u00f3w i zameczk\u00f3w my\u015bliwskich. Kto wie, co kryje si\u0119 w setkach kilometr\u00f3w wydr\u0105\u017conych we wn\u0119trzu g\u00f3r korytarzy kopal\u0144 i&nbsp;kompleks\u00f3w obronnych? To&nbsp;bez w\u0105tpienia najbogatszy w&nbsp;tajemnice rejon Polski.&nbsp;<\/p>\n\n\n<section id=\"leonardo-block_f38e456b00e42f136128d65dd98f9417\" class=\"leonardo page-breaker leonardo-image-left\">\r\n    <div class=\"leonardo-body\">\r\n        <h2 class=\"leonardo-title\" id=\"h-wesele-w-gorach-male-czy-duze\">Wesele w g\u00f3rach \u2013 ma\u0142e czy du\u017ce?<\/h2>        <div class=\"leonardo-content\"><p><!-- wp:heading --><\/p>\n<p>Wielkie wesele, na kt\u00f3re zaprosimy nawet manikiurzystk\u0119 druhny oraz fryzjera naszego psiego ulubie\u0144ca czy kameralna impreza w gronie rodziny i najbli\u017cszych przyjaci\u00f3\u0142? Wyb\u00f3r nale\u017cy do Was! Nie warto kierowa\u0107 si\u0119 mod\u0105 czy tradycj\u0105 \u2013 to jedyny taki dzie\u0144 w Waszym \u017cyciu. Sp\u0119d\u017acie go tak, jak naprawd\u0119 chcecie, i z tymi, kt\u00f3rzy naprawd\u0119 s\u0105 dla Was wa\u017cni. <strong><a href=\"https:\/\/www.koronakarkonoszy.pl\/blog\/kogo-zaprosic-na-wesele-by-nie-zalowac\/\">Kogo zaprosi\u0107 na wesele<\/a><\/strong> w takim razie? Je\u015bli utrzymujecie szerokie kontakty towarzyskie, \u0142atwo nawi\u0105zujecie przyja\u017anie i lubicie huczne, t\u0142umne imprezy, a ponadto sta\u0107 Was na to \u2013 zapro\u015bcie nawet syna przyjaci\u00f3\u0142ki babci brata. Je\u015bli jednak wolicie intymne imprezy w w\u0105skim gronie najbli\u017cszych przyjaci\u00f3\u0142, dajcie temu wyraz na w\u0142asnym \u015blubie i weselu.<\/p>\n<p><!-- \/wp:paragraph --><\/p>\n<\/div>\r\n            <\/div>\r\n    <div class=\"leonardo-image\">\r\n        <img loading=\"lazy\" decoding=\"async\" width=\"800\" height=\"534\" src=\"https:\/\/www.koronakarkonoszy.pl\/blog\/wp-content\/uploads\/2021\/07\/newnewwesele_zima.jpg\" class=\"attachment-full size-full\" alt=\"wesele zima\" srcset=\"https:\/\/www.koronakarkonoszy.pl\/blog\/wp-content\/uploads\/2021\/07\/newnewwesele_zima.jpg 800w, https:\/\/www.koronakarkonoszy.pl\/blog\/wp-content\/uploads\/2021\/07\/newnewwesele_zima-300x200.jpg 300w, https:\/\/www.koronakarkonoszy.pl\/blog\/wp-content\/uploads\/2021\/07\/newnewwesele_zima-768x513.jpg 768w\" sizes=\"auto, (max-width: 800px) 100vw, 800px\" \/>            <\/div>\r\n<\/section>\n\n\n<h2 class=\"wp-block-heading\" id=\"ha-wesele-dlugie-czy-krotkie\">Wesele &#8211; d\u0142ugie czy kr\u00f3tkie?<\/h2>\n\n\n\n<p>Jakie wesele urz\u0105dzi\u0107? Mo\u017cna ograniczy\u0107 si\u0119 do zaproszenia bliskich na obiad i deser, czyli zorganizowa\u0107 jedynie przyj\u0119cie po ceremonii \u015blubu, po kt\u00f3rym do\u015b\u0107 szybko go\u015bcie rozejd\u0105 si\u0119 do dom\u00f3w. Mo\u017cna postawi\u0107 na wesele, ale jednodniowe. Czyli wsp\u00f3lna zabawa, jak nakazuje tradycja, ale raczej w miejscu zamieszkania, a po weselu wszyscy rozchodz\u0105 si\u0119 do w\u0142asnych dom\u00f3w.<\/p>\n\n\n\n<p>Wi\u0119kszo\u015b\u0107 Par M\u0142odych decyduje si\u0119 jednak na wesele z poprawinami, bardzo cz\u0119sto wyjazdowe. Ca\u0142a impreza odbywa si\u0119 w hotelu, dysponuj\u0105cym opr\u00f3cz sali balowej tak\u017ce odpowiedni\u0105 liczb\u0105 nocleg\u00f3w dla go\u015bci Pary M\u0142odej. Wesele trwa zwykle prawie do bia\u0142ego rana, a nast\u0119pnego dnia odbywaj\u0105 si\u0119 poprawiny. Cz\u0119sto w ogrodzie, je\u015bli tylko wybrany obiekt dysponuje takowym.<\/p>\n\n\n\n<p>Niekt\u00f3rzy narzeczeni urz\u0105dzaj\u0105 imprez\u0119 jeszcze d\u0142u\u017csz\u0105, bo trwaj\u0105c\u0105 ca\u0142y weekend. Wesele zaczyna si\u0119 od pi\u0105tkowego biforka. Cz\u0119sto w takiej sytuacji organizowane jest zapoznawcze ognisko, na kt\u00f3rym go\u015bcie, pochodz\u0105cy przecie\u017c z r\u00f3\u017cnych rodzin i \u015brodowisk, mog\u0105 lepiej si\u0119 pozna\u0107 i prze\u0142ama\u0107 pierwsze lody. Nast\u0119pnie mamy w\u0142a\u015bciwe, sobotnie wesele, a impreza ci\u0105gnie si\u0119 a\u017c do niedzielnych poprawin, czasem trwaj\u0105cych ca\u0142y dzie\u0144. To oczywi\u015bcie model sprawdzaj\u0105cy si\u0119 w przypadku wesela wyjazdowego, w kt\u00f3rym Para M\u0142oda i go\u015bcie mieszkaj\u0105 w jednym hotelu.&nbsp;&nbsp; &nbsp;&nbsp;<\/p>\n\n\n\n<figure class=\"wp-block-image size-full\"><img loading=\"lazy\" decoding=\"async\" width=\"960\" height=\"640\" src=\"https:\/\/www.koronakarkonoszy.pl\/blog\/wp-content\/uploads\/2021\/07\/suknia_dla_Panny_Mlodej.jpg\" alt=\"suknia dla Panny M\u0142odej\" class=\"wp-image-570\" srcset=\"https:\/\/www.koronakarkonoszy.pl\/blog\/wp-content\/uploads\/2021\/07\/suknia_dla_Panny_Mlodej.jpg 960w, https:\/\/www.koronakarkonoszy.pl\/blog\/wp-content\/uploads\/2021\/07\/suknia_dla_Panny_Mlodej-300x200.jpg 300w, https:\/\/www.koronakarkonoszy.pl\/blog\/wp-content\/uploads\/2021\/07\/suknia_dla_Panny_Mlodej-768x512.jpg 768w\" sizes=\"auto, (max-width: 960px) 100vw, 960px\" \/><figcaption class=\"wp-element-caption\"><strong>Wesele w plenerze, Dw\u00f3r Korona Karkonoszy, Sosn\u00f3wka k. Karpacza  <\/strong><\/figcaption><\/figure>\n\n\n\n<p>Ka\u017cdy model ma swoje wady i zalety. Przyj\u0119cie po\u015blubne zwykle jest imprez\u0105 bardziej kameraln\u0105. Go\u015bcie cz\u0119sto i tak si\u0119 znaj\u0105, czuj\u0105 si\u0119 swobodnie w swoim towarzystwie, mog\u0105 spokojnie porozmawia\u0107. D\u0142u\u017csze imprezy zwykle organizowane s\u0105 dla wi\u0119kszej liczby go\u015bci, i czasem trudno rodzinom i przyjacio\u0142om obu stron si\u0119 zintegrowa\u0107. Faktycznie sprawdzaj\u0105 si\u0119 w takim przypadku wcze\u015bniejsze spotkania, dzie\u0144 przed weselem. Ale oczywi\u015bcie nie wszyscy mog\u0105 \u2013 ze wzgl\u0119d\u00f3w organizacyjnych czy finansowych \u2013 pozwoli\u0107 sobie na tak d\u0142ugie \u015bwi\u0119towanie. Nie wszyscy te\u017c lubi\u0105 imprezy trwaj\u0105ce kilka dni. &nbsp;&nbsp;<\/p>\n\n\n\n<figure class=\"wp-block-image size-full is-resized\"><img loading=\"lazy\" decoding=\"async\" width=\"800\" height=\"534\" src=\"https:\/\/www.koronakarkonoszy.pl\/blog\/wp-content\/uploads\/2021\/01\/porady-weselne.jpg\" alt=\"\" class=\"wp-image-2278\" style=\"width:800px;height:534px\" srcset=\"https:\/\/www.koronakarkonoszy.pl\/blog\/wp-content\/uploads\/2021\/01\/porady-weselne.jpg 800w, https:\/\/www.koronakarkonoszy.pl\/blog\/wp-content\/uploads\/2021\/01\/porady-weselne-300x200.jpg 300w, https:\/\/www.koronakarkonoszy.pl\/blog\/wp-content\/uploads\/2021\/01\/porady-weselne-768x513.jpg 768w\" sizes=\"auto, (max-width: 800px) 100vw, 800px\" \/><figcaption class=\"wp-element-caption\"><strong>Sala weselna, Dw\u00f3r Korona Karkonoszy, Sosn\u00f3wka k. Karpacza<\/strong> <\/figcaption><\/figure>\n\n\n\n<h2 class=\"wp-block-heading\" id=\"ha-slub-cywilny-humanistyczny-konkordatowy-czy-koscielny\">\u015alub cywilny, humanistyczny, konkordatowy czy ko\u015bcielny?<\/h2>\n\n\n\n<p>Kwestia typu \u015blubu te\u017c jest istotna. Pomijaj\u0105c wzgl\u0119dy \u015bwiatopogl\u0105dowe, typ ceremonii w pewien spos\u00f3b determinuje miejsce jej urz\u0105dzenia. Na przyk\u0142ad \u015blub ko\u015bcielny musi odby\u0107 si\u0119 w \u015bwi\u0105tyni, gdy\u017c kap\u0142ani prawie nigdy nie zgadzaj\u0105 si\u0119 na udzielenie go w plenerze. Nawet je\u015bli mia\u0142by to by\u0107 przyko\u015bcielny ogr\u00f3d.<\/p>\n\n\n\n<p>Ale je\u015bli mowa o \u015blubie cywilnym, nic nie stoi na przeszkodzie, by wzi\u0105\u0107 go w ogrodzie, lesie czy na pla\u017cy. Przedstawiciel Urz\u0119du Stanu Cywilnego bez problemu udzieli Wam \u015blubu w wybranej przez Was lokalizacji (wystarczy z\u0142o\u017cy\u0107 podanie i wp\u0142aci\u0107 pewn\u0105 kwot\u0119). Warto wi\u0119c rozwa\u017cy\u0107 takie opcje \u2013 wtedy \u015blub faktycznie b\u0119dzie jedyny i niepowtarzalny. Warto wspomnie\u0107, \u017ce niekt\u00f3re Pary M\u0142ode decyduj\u0105 si\u0119 na \u015blub ko\u015bcielny w miejscu zamieszkania, a organizacj\u0119 pi\u0119knego humanistycznego czy cywilnego \u015blubu planuj\u0105 gdzie\u015b w g\u00f3rach, na tle wspania\u0142ej panoramy, z chmurami na wyci\u0105gniecie r\u0119ki.<\/p>\n\n\n<section id=\"leonardo-block_df31ac1959603341517f3dace7b8a24d\" class=\"leonardo page-breaker leonardo-image-right\">\r\n    <div class=\"leonardo-body\">\r\n        <h2 class=\"leonardo-title\" id=\"h-perla-w-koronie\">Per\u0142a w Koronie <\/h2>        <div class=\"leonardo-content\"><p>W Dworze Korona Karkonoszy, w Sosn\u00f3wce ko\u0142o Karpacza, mo\u017cna jednocze\u015bnie wzi\u0105\u0107 <a href=\"https:\/\/www.koronakarkonoszy.pl\/blog\/wesele-w-ogrodzie\/\" class=\"links-placer\">\u015blub w ogrodzie<\/a> i urz\u0105dzi\u0107 wesele. Albo we wspania\u0142ym, bogatym w r\u00f3\u017cne gatunki ro\u015blin ogrodzie w\u0142a\u015bnie, gdzie mie\u015bci si\u0119 specjalna ozdobna altana \u015blubna, usytuowana na podwy\u017cszeniu, albo w przepi\u0119knej Dworskiej Sali Balowej.<\/p>\n<p>Tak\u017ce <strong><a href=\"https:\/\/www.koronakarkonoszy.pl\/blog\/sluby-humanistyczne\/\">\u015bluby humanistyczne<\/a><\/strong> mog\u0105 odby\u0107 si\u0119 w dowolnym miejscu. Tutaj ogranicza nas tylko wyobra\u017ania! Mistrz czy Mistrzyni ceremonii bez wahania pod\u0105\u017c\u0105 za Waszymi marzeniami, i b\u0119dziecie mogli wypowiedzie\u0107 s\u0142owa przysi\u0119gi ma\u0142\u017ce\u0144skiej w wybranym przez Was miejscu.<\/p>\n<\/div>\r\n            <\/div>\r\n    <div class=\"leonardo-image\">\r\n        <img loading=\"lazy\" decoding=\"async\" width=\"800\" height=\"534\" src=\"https:\/\/www.koronakarkonoszy.pl\/blog\/wp-content\/uploads\/2021\/07\/slub_w_plenerze.jpg\" class=\"attachment-full size-full\" alt=\"\u015blub w plenerze\" srcset=\"https:\/\/www.koronakarkonoszy.pl\/blog\/wp-content\/uploads\/2021\/07\/slub_w_plenerze.jpg 800w, https:\/\/www.koronakarkonoszy.pl\/blog\/wp-content\/uploads\/2021\/07\/slub_w_plenerze-300x200.jpg 300w, https:\/\/www.koronakarkonoszy.pl\/blog\/wp-content\/uploads\/2021\/07\/slub_w_plenerze-768x513.jpg 768w\" sizes=\"auto, (max-width: 800px) 100vw, 800px\" \/>            <\/div>\r\n<\/section>\n\n\n<h2 class=\"wp-block-heading\" id=\"ha-elegancka-sala-weselna-w-gorach\">Elegancka sala weselna w g\u00f3rach<\/h2>\n\n\n\n<p>Je\u015bli Waszym marzeniem jest<strong> wesele w eleganckiej sali weselnej w g\u00f3rach<\/strong>, rozejrzyjcie si\u0119 za miejscem w jakim\u015b pi\u0119knym pa\u0142acyku czy dworku usytuowanym w Dolinie Pa\u0142ac\u00f3w i Ogrod\u00f3w w Kotlinie Jeleniog\u00f3rskiej.<\/p>\n\n\n<section id=\"leonardo-block_a44e25b3e484e9bb46444070818731e0\" class=\"leonardo page-breaker leonardo-image-left\">\r\n    <div class=\"leonardo-body\">\r\n        <h2 class=\"leonardo-title\" id=\"h-dworska-sala-balowa\">Dworska Sala Balowa <\/h2>        <div class=\"leonardo-content\"><p>Je\u015bli chcecie urz\u0105dzi\u0107 szykowne przyj\u0119cie, od razu nasuwa si\u0119 model wesela \u2013 stylizacja <strong>glamour<\/strong> lub <strong>klasyczny \u015blub w stylu angielskim<\/strong>. Mo\u017ce na przyk\u0142ad Dworska Sala Balowa przypadnie Wam do gustu? W Dworze Korona Karkonoszy wystr\u00f3j idealnie wpisuje si\u0119 w konwencj\u0119 eleganckich wesel. To jedna z najwy\u017cszych sal w regionie. Zachwyca urod\u0105 i ma mn\u00f3stwo zalet. Pi\u0119kny, energetyczny kolor czyli \u017cywa, lecz elegancka czerwie\u0144 w po\u0142\u0105czeniu z bia\u0142ym drewnem. Wspania\u0142y, wysoki sufit z bia\u0142ym, ozdobnym belkowaniem. Kawiarnia na antresoli. Bezpo\u015brednie wyj\u015bcie do wspania\u0142ego ogrodu, z ponad 100 gatunk\u00f3w ro\u015blin i r\u00f3\u017canym zak\u0105tkiem. Czy trzeba wymienia\u0107 wi\u0119cej? Dodajmy wi\u0119c spektakularne widoki na panoram\u0119 Karkonoszy i zalew Sosn\u00f3wka.<\/p>\n<\/div>\r\n            <\/div>\r\n    <div class=\"leonardo-image\">\r\n        <img loading=\"lazy\" decoding=\"async\" width=\"800\" height=\"530\" src=\"https:\/\/www.koronakarkonoszy.pl\/blog\/wp-content\/uploads\/2021\/07\/zima-Dwor_Korona_Karkonoszy_Dworska_Sala_Balowa.jpg\" class=\"attachment-full size-full\" alt=\"zima Dw\u00f3r Korona Karkonoszy Dworska Sala Balowa\" srcset=\"https:\/\/www.koronakarkonoszy.pl\/blog\/wp-content\/uploads\/2021\/07\/zima-Dwor_Korona_Karkonoszy_Dworska_Sala_Balowa.jpg 800w, https:\/\/www.koronakarkonoszy.pl\/blog\/wp-content\/uploads\/2021\/07\/zima-Dwor_Korona_Karkonoszy_Dworska_Sala_Balowa-300x199.jpg 300w, https:\/\/www.koronakarkonoszy.pl\/blog\/wp-content\/uploads\/2021\/07\/zima-Dwor_Korona_Karkonoszy_Dworska_Sala_Balowa-768x509.jpg 768w\" sizes=\"auto, (max-width: 800px) 100vw, 800px\" \/>            <\/div>\r\n<\/section>\n\n\n<p>Je\u015bli znajdziecie sal\u0119, kt\u00f3ra odpowiada Waszym oczekiwaniom, nie czekajcie &#8211; <a href=\"https:\/\/www.koronakarkonoszy.pl\/blog\/rezerwacja-sali-weselnej\/\" target=\"_blank\" rel=\"noreferrer noopener\"><strong>rezerwacja sali weselnej<\/strong><\/a> pozwoli Wam na spokojne za\u0142atwienie kolejnych spraw. B\u0119dziecie ju\u017c wiedzie\u0107, gdzie i kiedy odb\u0119dzie si\u0119 Wasza uroczysto\u015b\u0107, i mo\u017cecie planowa\u0107 kolejne kroki.<\/p>\n\n\n\n<h2 class=\"wp-block-heading\" id=\"ha-tania-sala-weselna-w-gorach\">Tania sala weselna w g\u00f3rach<\/h2>\n\n\n\n<p>W Dolinie Pa\u0142ac\u00f3w i Ogrod\u00f3w mamy ca\u0142y wachlarz mo\u017cliwo\u015bci, je\u015bli chodzi o organizacj\u0119 wesela. Znajdziemy zar\u00f3wno sale do\u015b\u0107 kosztowne, usytuowane w pa\u0142acach czy zamkach, kt\u00f3re ze wzgl\u0119du na sw\u0105 historyczn\u0105 warto\u015b\u0107 i niezaprzeczalne walory architektoniczne oferuj\u0105 organizacj\u0119 luksusowych wesel. S\u0105 tam r\u00f3wnie\u017c sale i restauracje oferuj\u0105ce us\u0142ugi na wysokim poziomie, jednak w mniej wyg\u00f3rowanych cenach. Z pewno\u015bci\u0105 je\u015bli wpiszemy fraz\u0119 <em>tania sala weselna w g\u00f3rach<\/em>, tak\u017ce uda si\u0119 znale\u017a\u0107 co\u015b interesuj\u0105cego.<\/p>\n\n\n\n<p>To w\u0142a\u015bnie atut Kotliny Jeleniog\u00f3rskiej \u2013 ka\u017cdy mo\u017ce znale\u017a\u0107 co\u015b na swoj\u0105 kiesze\u0144. W\u0142a\u015bnie dlatego, \u017ce mn\u00f3stwo obiekt\u00f3w w regionie oferuje us\u0142ugi weddingowe. Bez wzgl\u0119du na to, czy ma to by\u0107 wesele na 30, 50 czy na 100 lub wi\u0119cej os\u00f3b, znajdziemy odpowiedni\u0105 sal\u0119 w pasuj\u0105cej nam cenie. <a href=\"https:\/\/www.koronakarkonoszy.pl\/blog\/koszt-wesela-na-100-osob\/\"><strong>Koszt wesela na 100 os\u00f3b<\/strong><\/a>, podany nam przez manager\u00f3w sali bankietowej czy restauracji, mo\u017ce stanowi\u0107 dla nas punkt odniesienia przy obliczaniu koszt\u00f3w imprezy weselnej.&nbsp;<\/p>\n\n\n<section id=\"leonardo-block_b475fe210e0e12dbfb811ddb5a9da8ae\" class=\"leonardo page-breaker leonardo-image-right\">\r\n    <div class=\"leonardo-body\">\r\n        <h2 class=\"leonardo-title\" id=\"h-w-nawiazaniu-do-tradycji\">W nawi\u0105zaniu do tradycji\u2026 \u00a0<\/h2>        <div class=\"leonardo-content\"><p><strong><a href=\"https:\/\/www.koronakarkonoszy.pl\/blog\/wesele-staropolskie\/\">Wesele staropolskie<\/a><\/strong> sw\u0105 stylistyk\u0105 pasuje do zajazdu w g\u00f3rach. Tradycyjne, drewniane meble, belkowane sufity, drewniane lub kamienne pod\u0142ogi to t\u0142o, na kt\u00f3rym dobrze prezentowa\u0107 si\u0119 b\u0119d\u0105 stroje Pary M\u0142odej i go\u015bci, nawi\u0105zuj\u0105ce do ubior\u00f3w z dawnych epok. Na do\u015b\u0107 grubo ciosanych sto\u0142ach mo\u017cna zaprezentowa\u0107 <strong>bufet wiejski<\/strong> czy rybny, ozdabiaj\u0105c ca\u0142o\u015b\u0107 polnymi ro\u015blinami i ga\u0142\u0105zkami \u015bwierku. Jeszcze tylko przywo\u0142ujemy ducha minionych czas\u00f3w i gotowe!<\/p>\n<\/div>\r\n                    <aside class=\"leonardo-interlink\">\r\n                <b>Polecamy<\/b>\r\n                <a href=\"https:\/\/www.koronakarkonoszy.pl\/blog\/en\/wesele-okolice-wroclawia\/\">Wesele okolice Wroc\u0142awia \u2013 gdzie zorganizowa\u0107 przyj\u0119cie?<\/a>\r\n            <\/aside>\r\n            <\/div>\r\n    <div class=\"leonardo-image\">\r\n        <img loading=\"lazy\" decoding=\"async\" width=\"800\" height=\"534\" src=\"https:\/\/www.koronakarkonoszy.pl\/blog\/wp-content\/uploads\/2021\/07\/potrawy_na_letnie_wesele.jpg\" class=\"attachment-full size-full\" alt=\"menu na wesele latem\" srcset=\"https:\/\/www.koronakarkonoszy.pl\/blog\/wp-content\/uploads\/2021\/07\/potrawy_na_letnie_wesele.jpg 800w, https:\/\/www.koronakarkonoszy.pl\/blog\/wp-content\/uploads\/2021\/07\/potrawy_na_letnie_wesele-300x200.jpg 300w, https:\/\/www.koronakarkonoszy.pl\/blog\/wp-content\/uploads\/2021\/07\/potrawy_na_letnie_wesele-768x513.jpg 768w\" sizes=\"auto, (max-width: 800px) 100vw, 800px\" \/>            <\/div>\r\n<\/section>\n\n\n<h2 class=\"wp-block-heading\" id=\"ha-zajazd-w-gorach-sala-weselna\">Zajazd w g\u00f3rach &#8211; sala weselna<\/h2>\n\n\n\n<p><strong>Sala weselna &#8211; zajazd w g\u00f3rach<\/strong> to z pewno\u015bci\u0105 odpowiednie miejsce na wesele. zw\u0142aszcza je\u015bli chcemy je urz\u0105dzi\u0107 w <strong>stylu rustykalnym<\/strong> albo w <strong>konwencji<\/strong> <strong>folkowej<\/strong>. Drewniany, a przynajmniej ob\u0142o\u017cony drewnem budynek posadowiony w otoczeniu natury, mo\u017ce ze strumykiem szemrz\u0105cym w pobli\u017cu, z g\u00f3rskimi szczytami na horyzoncie, z majestatycznymi \u015bwierkami w ogrodzie doskonale sprawdzi si\u0119 w roli sali weselnej.&nbsp; &nbsp;<\/p>\n\n\n<section id=\"leonardo-block_6c54ad69e0a97eff0e08dafa904510d3\" class=\"leonardo page-breaker leonardo-image-left\">\r\n    <div class=\"leonardo-body\">\r\n        <h2 class=\"leonardo-title\" id=\"h-wesele-rustykalne\">Wesele rustykalne <\/h2>        <div class=\"leonardo-content\"><p><strong>Wesele rustykalne<\/strong> oznacza wykorzystanie naturalnych dekoracji. Stawiamy na drewno, wiklin\u0119, p\u0142\u00f3tno. Sprawdz\u0105 si\u0119 wszelkiej ma\u015bci ozdoby jutowe i koronki. Na sto\u0142ach ustawiamy delikatne, najlepiej polne kwiaty. Plastry drewna pos\u0142u\u017c\u0105 jako patery, a s\u0142oiki przyozdobione jut\u0105 lub koronk\u0105 awansuj\u0105 do roli \u015bwiecznik\u00f3w. Stylistyka rustykalna kolorystyk\u0119 czerpie z natury. Przede wszystkim operujemy barwami ziemi. Wszelkie odcienie zieleni i br\u0105zu oraz biel b\u0119d\u0105 idealne. Kolory nieco przygaszone, subtelne. Co wa\u017cne \u2013 wi\u0119kszo\u015b\u0107 tego typu dekoracji mo\u017cemy wykona\u0107 sami, je\u015bli tylko mamy cho\u0107by minimum zdolno\u015bci dekoratorskich.<\/p>\n<p>A ubiory pasuj\u0105ce do takiego stylu? Panna M\u0142oda mo\u017ce wybra\u0107 stylizacj\u0119 \u201ena rusa\u0142k\u0119\u201d. Oznacza to, \u017ce w\u0142o\u017cy delikatn\u0105, zwiewn\u0105, jasn\u0105 sukienk\u0119. W\u0142osy zaplecie w romantyczny warkocz, a na to wianek z kwiat\u00f3w. Do tego lekkie sanda\u0142ki, albo \u2013 na bosaka. Co powinien w\u0142o\u017cy\u0107 Pan M\u0142ody, by pasowa\u0107 stylistycznie do przysz\u0142ej \u017cony? Zbyt oficjalny str\u00f3j stanowi\u0142by zgrzyt \u2013 mo\u017ce albo wystylizowa\u0107 si\u0119 na dawnego ziemianina czy bogatego ch\u0142opa, albo pozosta\u0107 przy stylu smart casual.<\/p>\n<\/div>\r\n            <\/div>\r\n    <div class=\"leonardo-image\">\r\n        <img loading=\"lazy\" decoding=\"async\" width=\"1024\" height=\"682\" src=\"https:\/\/www.koronakarkonoszy.pl\/blog\/wp-content\/uploads\/2021\/07\/zimowy-slub3.jpg\" class=\"attachment-full size-full\" alt=\"\" srcset=\"https:\/\/www.koronakarkonoszy.pl\/blog\/wp-content\/uploads\/2021\/07\/zimowy-slub3.jpg 1024w, https:\/\/www.koronakarkonoszy.pl\/blog\/wp-content\/uploads\/2021\/07\/zimowy-slub3-300x200.jpg 300w, https:\/\/www.koronakarkonoszy.pl\/blog\/wp-content\/uploads\/2021\/07\/zimowy-slub3-768x512.jpg 768w\" sizes=\"auto, (max-width: 1024px) 100vw, 1024px\" \/>            <\/div>\r\n<\/section>\n\n\n<p>Z kolei <strong>styl folkowy<\/strong><a> <\/a>oznacza nawi\u0105zanie w dekoracjach i strojach do <strong>kultury ludowej <\/strong>z r\u00f3\u017cnych stron Polski. Jakie elementy warto wykorzysta\u0107? <strong>Zajazd w g\u00f3rach jako sala weselna<\/strong> b\u0119dzie idealny, gdy dorzucimy do klasycznego, drewniano-kamiennego wystroju wielobarwne, wzorzyste chusty (cho\u0107by na \u0142awach i sto\u0142ach jako obrusy czy w roli pled\u00f3w), a pod powa\u0142\u0105 zawiesimy s\u0142omkowe \u201epaj\u0105ki\u201d, ten jak\u017ce charakterystyczny element dawnych wiejskich chat. Kolorowe wst\u0105\u017cki rozwieszone w r\u00f3\u017cnych miejscach tak\u017ce przywo\u0142aj\u0105 klimat ludowo\u015bci. W oknach mo\u017cna powiesi\u0107 wycinanki (najbardziej znane s\u0105 kurpiowskie i \u0142owickie), a na sto\u0142ach roz\u0142o\u017cy\u0107 plastry drewna zamiast klasycznych pater. Wz\u00f3r kaszubski bardzo cz\u0119sto wyst\u0119puje na zastawie sto\u0142owej, wi\u0119c mo\u017ce warto zakupi\u0107 cho\u0107 kilka sztuk? O\u017cywi\u0105 biel klasycznej porcelany. Bia\u0142e, koronkowe lub lniane serwetki \u201euspokoj\u0105\u201d aran\u017cacj\u0119, bo zasadniczo styl folkowy stawia na \u017cywe, nasycone kolory. Nie brakuje w nim \u017c\u00f3\u0142ci, czerwieni, zieleni i b\u0142\u0119kitu.<\/p>\n\n\n<section id=\"leonardo-block_dd99af33d84c79c4d670c89193718518\" class=\"leonardo page-breaker leonardo-image-right\">\r\n    <div class=\"leonardo-body\">\r\n        <h2 class=\"leonardo-title\" id=\"h-stroj-na-wesele-w-stylu-folk\">Str\u00f3j na wesele w stylu folk<\/h2>        <div class=\"leonardo-content\"><p>W przypadku wesela w stylu folk Panna M\u0142oda mo\u017ce w\u0142o\u017cy\u0107 po prostu ludow\u0105 sukni\u0119. Czyli dos\u0142ownie potraktowa\u0107 ten motyw i na przyk\u0142ad wypo\u017cyczy\u0107 odpowiedni str\u00f3j na \u015blub, cho\u0107by w regionalnym zespole pie\u015bni i ta\u0144ca ludowego. Je\u015bli jednak uwa\u017camy, \u017ce \u017ale by\u015bmy si\u0119 czu\u0142y w takim kostiumie, mo\u017cna stroje ludowe potraktowa\u0107 jako inspiracj\u0119. Zastosowa\u0107 wtedy w swojej kreacji tylko cz\u0119\u015b\u0107 tego ubioru. Na przyk\u0142ad kolorow\u0105 chust\u0119, wielobarwne wst\u0105\u017cki, czerwone korale, kwietny wianek we w\u0142osach. Albo wyszywany gorset, kt\u00f3ry z biel\u0105 sukni \u015blubnej b\u0119dzie \u015bwietnie si\u0119 komponowa\u0142. Pan M\u0142ody mo\u017ce ubra\u0107 wyszywan\u0105 koszul\u0119, albo uzupe\u0142ni\u0107 klasyczny garnitur o krawat, much\u0119 czy poszetk\u0119 w folkowe wzory. Warto te\u017c wykorzysta\u0107 zbo\u017ca \u2013 symbol wsi. Bukiet Panny M\u0142odej zrobiony ze zbo\u017cowych k\u0142os\u00f3w, polnych kwiat\u00f3w i barwnych wst\u0105\u017cek z pewno\u015bci\u0105 zachwyci wszystkich!<\/p>\n<\/div>\r\n            <\/div>\r\n    <div class=\"leonardo-image\">\r\n        <img loading=\"lazy\" decoding=\"async\" width=\"1920\" height=\"1280\" src=\"https:\/\/www.koronakarkonoszy.pl\/blog\/wp-content\/uploads\/2022\/02\/redd-IBL1QKgXKwQ-unsplash.jpg\" class=\"attachment-full size-full\" alt=\"\" srcset=\"https:\/\/www.koronakarkonoszy.pl\/blog\/wp-content\/uploads\/2022\/02\/redd-IBL1QKgXKwQ-unsplash.jpg 1920w, https:\/\/www.koronakarkonoszy.pl\/blog\/wp-content\/uploads\/2022\/02\/redd-IBL1QKgXKwQ-unsplash-300x200.jpg 300w, https:\/\/www.koronakarkonoszy.pl\/blog\/wp-content\/uploads\/2022\/02\/redd-IBL1QKgXKwQ-unsplash-1024x683.jpg 1024w, https:\/\/www.koronakarkonoszy.pl\/blog\/wp-content\/uploads\/2022\/02\/redd-IBL1QKgXKwQ-unsplash-768x512.jpg 768w, https:\/\/www.koronakarkonoszy.pl\/blog\/wp-content\/uploads\/2022\/02\/redd-IBL1QKgXKwQ-unsplash-1536x1024.jpg 1536w\" sizes=\"auto, (max-width: 1920px) 100vw, 1920px\" \/>            <\/div>\r\n<\/section>\n\n\n<h2 class=\"wp-block-heading\" id=\"ha-menu-weselne\">Menu weselne<\/h2>\n\n\n\n<p>Organizuj\u0105c <strong>wesele w g\u00f3rach<\/strong>, warto postawi\u0107 na dania kuchni regionalnej. Na przyk\u0142ad w <strong>Jeleniej G\u00f3rze i okolicach<\/strong> wiele zajazd\u00f3w weselnych oferuje tradycyjne potrawy kuchni karkonoskiej. Czego konkretnie warto spr\u00f3bowa\u0107? Jakimi potrawami, nieznanymi w innych cz\u0119\u015bciach Polski, mo\u017cemy oczarowa\u0107 go\u015bci? Mo\u017ce wybra\u0107 troch\u0119 inne od klasycznego, weselnego menu i zaproponowa\u0107 kyselo, czyli bardzo prost\u0105 zup\u0119 na zakwasie chlebowym. Gotuje si\u0119 j\u0105 na wywarze z ro\u015blin zbieranych na karkonoskich \u0142\u0105kach. Z zup warto poleci\u0107 te\u017c karkonoski ukrop, czyli zup\u0119 czosnkow\u0105. Jako przystawki czy przek\u0105ski w czasie imprezy weselnej mo\u017cna poda\u0107 sery i twarogi, tradycyjnie wyrabiane z mleka koziego i krowiego. Warto posmakowa\u0107 tych mocno doprawionych zio\u0142ami wyrob\u00f3w, przygotowywanych na wz\u00f3r ser\u00f3w sprzed wiek\u00f3w.<\/p>\n\n\n\n<figure class=\"wp-block-image size-full is-resized\"><img loading=\"lazy\" decoding=\"async\" width=\"800\" height=\"534\" src=\"https:\/\/www.koronakarkonoszy.pl\/blog\/wp-content\/uploads\/2021\/07\/bufety_wesele_tematyczne.jpg\" alt=\"bufety wesele tematyczne\" class=\"wp-image-624\" style=\"width:800px;height:534px\" srcset=\"https:\/\/www.koronakarkonoszy.pl\/blog\/wp-content\/uploads\/2021\/07\/bufety_wesele_tematyczne.jpg 800w, https:\/\/www.koronakarkonoszy.pl\/blog\/wp-content\/uploads\/2021\/07\/bufety_wesele_tematyczne-300x200.jpg 300w, https:\/\/www.koronakarkonoszy.pl\/blog\/wp-content\/uploads\/2021\/07\/bufety_wesele_tematyczne-768x513.jpg 768w\" sizes=\"auto, (max-width: 800px) 100vw, 800px\" \/><figcaption class=\"wp-element-caption\"><strong>Kuchnia regionalna na weselu<\/strong> <\/figcaption><\/figure>\n\n\n\n<p>Jako drugie danie mo\u017cemy zaproponowa\u0107 inne karkonoskie przysmaki, na przyk\u0142ad izerskie kluski, faszerowane wo\u0142owin\u0105 czy hubnik, czyli zapiekank\u0119 z kaszy jaglanej z grzybami. Albo karkonoskie sejkory \u2013 rodzaj placka ziemniaczanego. Go\u015bcie weselni z pewno\u015bci\u0105 b\u0119d\u0105 zafascynowani nowymi smakami! A gdy na deser posmakuj\u0105 s\u0142ynnych piernik\u00f3w z Karkonoszy, przygotowywanych mi\u0119dzy innymi z karmelu z dzikiej r\u00f3\u017cy i m\u0105ki z \u017co\u0142\u0119dzi i rokitnika, nie zechc\u0105 opuszcza\u0107 tego regionu\u2026<\/p>\n\n\n<section id=\"leonardo-block_6e38477a23115b6d0c00a5ef5f071051\" class=\"leonardo page-breaker leonardo-image-left\">\r\n    <div class=\"leonardo-body\">\r\n        <h2 class=\"leonardo-title\" id=\"h-wyroby-regionalne-weselna-uczta\">Wyroby regionalne &#8211; weselna uczta! <\/h2>        <div class=\"leonardo-content\"><p>W Dworze Korona Karkonoszy oferujemy mn\u00f3stwo lokalnych wyrob\u00f3w \u2013 nalewki, przetwory s\u0142odkie (d\u017cem z czarnych porzeczek, malinowy i rabarbarowy, galaretk\u0119 z czerwonych porzeczek, konfitur\u0119 wi\u015bniow\u0105 i syrop malinowy) i wytrawne (pikantne og\u00f3reczki z dodatkiem czosnku i papryki chili, sals\u0119 paprykow\u0105 z chili i czosnkiem oraz bor\u00f3wk\u0119 brusznicy z gruszk\u0105, kt\u00f3ra idealnie sprawdzi si\u0119 jako dodatek do mi\u0119s i ser\u00f3w). Ponadto w\u0142asne chleby i makarony. A tak\u017ce trufle wprost rozp\u0142ywaj\u0105ce si\u0119 w ustach&#8230; Ponadto mamy wspania\u0142e piwa rzemie\u015blnicze, kt\u00f3re przy okazji mog\u0105 sta\u0107 si\u0119 doskona\u0142ym upominkiem dla go\u015bci weselnych.<\/p>\n<\/div>\r\n                    <aside class=\"leonardo-interlink\">\r\n                <b>Polecamy<\/b>\r\n                <a href=\"https:\/\/www.koronakarkonoszy.pl\/blog\/en\/piwo-z-beczki-na-wesele\/\">Piwo z beczki na wesele, czyli impreza z przytupem<\/a>\r\n            <\/aside>\r\n            <\/div>\r\n    <div class=\"leonardo-image\">\r\n        <img loading=\"lazy\" decoding=\"async\" width=\"1254\" height=\"835\" src=\"https:\/\/www.koronakarkonoszy.pl\/blog\/wp-content\/uploads\/2022\/01\/Piwo-z-beczki-na-wesele-1.jpg\" class=\"attachment-full size-full\" alt=\"\" srcset=\"https:\/\/www.koronakarkonoszy.pl\/blog\/wp-content\/uploads\/2022\/01\/Piwo-z-beczki-na-wesele-1.jpg 1254w, https:\/\/www.koronakarkonoszy.pl\/blog\/wp-content\/uploads\/2022\/01\/Piwo-z-beczki-na-wesele-1-300x200.jpg 300w, https:\/\/www.koronakarkonoszy.pl\/blog\/wp-content\/uploads\/2022\/01\/Piwo-z-beczki-na-wesele-1-1024x682.jpg 1024w, https:\/\/www.koronakarkonoszy.pl\/blog\/wp-content\/uploads\/2022\/01\/Piwo-z-beczki-na-wesele-1-768x511.jpg 768w\" sizes=\"auto, (max-width: 1254px) 100vw, 1254px\" \/>            <\/div>\r\n<\/section>\n\n\n<h2 class=\"wp-block-heading\" id=\"ha-kiedy-zorganizowac-wesele-w-gorach\">Kiedy zorganizowa\u0107 wesele w g\u00f3rach?<\/h2>\n\n\n\n<p>Czy mo\u017ce by\u0107 co\u015b bardziej romantycznego ni\u017c przysi\u0119ganie sobie wiecznej mi\u0142o\u015bci na le\u015bnej polanie? Albo w pi\u0119knym ogrodzie w otoczeniu imponuj\u0105cych g\u00f3rskich szczyt\u00f3w? W Polsce jest wiele miejsc, kt\u00f3re oferuj\u0105 wspania\u0142e widoki, jakby specjalnie przygotowane na Wasz wielki dzie\u0144. Zale\u017cnie od pory roku mo\u017cemy cieszy\u0107 oczy widokiem o\u015bnie\u017conych szczyt\u00f3w, las\u00f3w we wszystkich odcieniach z\u0142ota, czerwieni i oran\u017cu lub pokrytych bujn\u0105 zieleni\u0105 polan. <strong>\u015aluby i wesela w g\u00f3rach<\/strong> s\u0105 wspania\u0142e bez wzgl\u0119du na por\u0119 roku!&nbsp;<\/p>\n\n\n\n<p>Oczywi\u015bcie opr\u00f3cz walor\u00f3w widokowych warto wzi\u0105\u0107 pod uwag\u0119 wzgl\u0119dy praktyczne. W letnim sezonie urlopowym w g\u00f3rach panuje wzmo\u017cony ruch turystyczny. Podobnie w okresie ferii i d\u0142ugich weekend\u00f3w. Ceny b\u0119d\u0105 wtedy wy\u017csze, a i z dost\u0119pno\u015bci\u0105 obiekt\u00f3w mo\u017ce by\u0107 r\u00f3\u017cnie, cho\u0107 oczywi\u015bcie cz\u0119\u015b\u0107 dwork\u00f3w czy hoteli specjalizuje si\u0119 albo w indywidualnym ruchu turystycznym, albo w organizacji wesel. Ale nawet dojazd do naszej wymarzonej sali balowej mo\u017ce by\u0107 wtedy utrudniony.<\/p>\n\n\n\n<figure class=\"wp-block-image size-large\"><a href=\"https:\/\/www.koronakarkonoszy.pl\/wesele\/\" target=\"_blank\" rel=\"noreferrer noopener\"><img loading=\"lazy\" decoding=\"async\" width=\"1024\" height=\"512\" src=\"https:\/\/www.koronakarkonoszy.pl\/blog\/wp-content\/uploads\/2022\/06\/stylowy_dwor_wesleny_DKK-3-1024x512.jpg\" alt=\"\" class=\"wp-image-4637\" srcset=\"https:\/\/www.koronakarkonoszy.pl\/blog\/wp-content\/uploads\/2022\/06\/stylowy_dwor_wesleny_DKK-3-1024x512.jpg 1024w, https:\/\/www.koronakarkonoszy.pl\/blog\/wp-content\/uploads\/2022\/06\/stylowy_dwor_wesleny_DKK-3-300x150.jpg 300w, https:\/\/www.koronakarkonoszy.pl\/blog\/wp-content\/uploads\/2022\/06\/stylowy_dwor_wesleny_DKK-3-768x384.jpg 768w, https:\/\/www.koronakarkonoszy.pl\/blog\/wp-content\/uploads\/2022\/06\/stylowy_dwor_wesleny_DKK-3.jpg 1200w\" sizes=\"auto, (max-width: 1024px) 100vw, 1024px\" \/><\/a><\/figure>\n\n\n\n<h2 class=\"wp-block-heading\" id=\"ha-wiosenne-wesele-w-gorach-postaw-na-zielen\">Wiosenne wesele w g\u00f3rach \u2013 postaw na ziele\u0144!<\/h2>\n\n\n\n<p>Sala weselna w g\u00f3rach sk\u0105pana w zieleni to doskona\u0142a propozycja dla mi\u0142o\u015bnik\u00f3w natury i spokojnego stylu \u017cycia. Zamiast tradycyjnych kolor\u00f3w weselnych \u2013 bieli, z\u0142ota i fiolet\u00f3w warto postawi\u0107 na ziele\u0144! Zw\u0142aszcza \u017ce od kilku sezon\u00f3w kr\u00f3luje ona na wybiegach oraz jest wiod\u0105cym kolorem we wn\u0119trzarstwie. Tak wi\u0119c wesele w zieleni to modne wesele. Nic wi\u0119c dziwnego, \u017ce styl greenery na przyj\u0119ciach \u015blubnych \u015bwi\u0119ci triumfy.<\/p>\n\n\n<section id=\"leonardo-block_5f0f23f715d3ad4b30ea60a93098b3f4\" class=\"leonardo page-breaker leonardo-image-right\">\r\n    <div class=\"leonardo-body\">\r\n        <h2 class=\"leonardo-title\" id=\"h-zielen-na-weselu\">Ziele\u0144 na weselu <\/h2>        <div class=\"leonardo-content\"><p>Je\u015bli wesele odb\u0119dzie si\u0119 w ogrodzie czy parku, si\u0142\u0105 rzeczy b\u0119dzie nas ze wszystkich stron otacza\u0142a ziele\u0144. I o to w\u0142a\u015bnie chodzi! Wystarczy uzupe\u0142ni\u0107 aran\u017cacj\u0119 drewnianymi meblami. A botaniczna ziele\u0144 mo\u017ce pojawi\u0107 si\u0119 te\u017c jako akcent w kreacjach Pary M\u0142odej \u2013 obszycia dekoltu, pasek, chusta czy poszetka albo krawat lub kamizelka.<\/p>\n<\/div>\r\n                    <aside class=\"leonardo-interlink\">\r\n                <b>Polecamy<\/b>\r\n                <a href=\"https:\/\/www.koronakarkonoszy.pl\/blog\/en\/jak-zorganizowac-przyjecie-weselne-na-30-osob\/\">Jak zorganizowa\u0107 przyj\u0119cie weselne na 30 os\u00f3b?<\/a>\r\n            <\/aside>\r\n            <\/div>\r\n    <div class=\"leonardo-image\">\r\n        <img loading=\"lazy\" decoding=\"async\" width=\"1024\" height=\"683\" src=\"https:\/\/www.koronakarkonoszy.pl\/blog\/wp-content\/uploads\/2021\/07\/wesele-w-gorach-z-noclegiem.jpg\" class=\"attachment-full size-full\" alt=\"\" srcset=\"https:\/\/www.koronakarkonoszy.pl\/blog\/wp-content\/uploads\/2021\/07\/wesele-w-gorach-z-noclegiem.jpg 1024w, https:\/\/www.koronakarkonoszy.pl\/blog\/wp-content\/uploads\/2021\/07\/wesele-w-gorach-z-noclegiem-300x200.jpg 300w, https:\/\/www.koronakarkonoszy.pl\/blog\/wp-content\/uploads\/2021\/07\/wesele-w-gorach-z-noclegiem-768x512.jpg 768w\" sizes=\"auto, (max-width: 1024px) 100vw, 1024px\" \/>            <\/div>\r\n<\/section>\n\n\n<p>Botaniczna ziele\u0144 uzupe\u0142niona dodatkami w kolorze starego z\u0142ota to prawdziwy szyk. Spokojna elegancja. G\u0142\u0119bia zieleni rozja\u015bniona z\u0142otym blaskiem dodatk\u00f3w stanowi idealn\u0105 opraw\u0119 eleganckiego wesela. Kolor ten kojarzy si\u0119 z bujn\u0105 zieleni\u0105 lasu. Jako dekoracje pojawiaj\u0105 si\u0119 li\u015bcie paproci czy monstery, cz\u0119sto przeskalowane. Budz\u0105 one troch\u0119 egzotyczne skojarzenia i wiod\u0105 ca\u0142\u0105 aran\u017cacj\u0119 w kierunku wyrafinowania art d\u00e8co. Li\u015bcie te mo\u017cna wykorzysta\u0107 do zrobienia bukietu \u015blubnego, ale te\u017c jako dekoracje sto\u0142\u00f3w czy p\u0142ot\u00f3w.<\/p>\n\n\n\n<style>\n    .cta_block{\n        margin: 1.5em 0;\n    }\n    .cta_block_content {\n        position: relative;\n        color: white;\n        padding: 1em;\n    }\n    .cta_block_content h3{\n        text-align: center;\n        font: normal normal normal 36px\/50px Yeseva One;\n    }\n    .cta_block_content .cta_block_desc{\n        text-align: center;\n        font-size: 1.1em;\n        position: relative;\n    }\n    .cta_block_content .cta_block_desc:before {\n        content: '';\n        width: 80px;\n        height: 4px;\n        background: #EEB315;\n        position: absolute;\n        left: 0;\n        right: 0;\n        margin-left: auto;\n        margin-right: auto;\n        top: -22px;\n    }\n\n    .cta_block_content picture{\n        position: absolute;\n        top: 0;\n        right: 0;\n        z-index: -1;\n        height: 100%;\n        overflow: hidden;\n        width: 100%;\n    }\n    .cta_block_content picture img{\n        object-fit: cover;\n        height: 100%;\n        width: 100%;\n    }\n    .cta_block .cta_block_content .ninja-forms-field{\n        background: #FFFFFF2F;\n        border: 1px solid #EEB315;\n        border-radius: 25px;\n        opacity: 1;\n        color: #ffffff;\n    }\n    .cta_block .cta_block_content .nf-form-content input[type=submit]{\n        background-color: #EEB315;\n        color: #292929;\n        text-align: center;\n        font: normal normal bold 14px\/20px Work Sans;\n        padding: 0 2em;\n    }\n\n    .cta_block ::placeholder{\n        color: white!important;\n        opacity: 1;\n    }\n\n    .cta_block_content::after {\n        height: 100%;\n        width: 100%;\n        content: \"\";\n        z-index: -1;\n        position: absolute;\n        top: 0;\n        background: #00000070;\n        right: 0;\n        left: 0;\n        bottom: 0;\n    }\n    #ha-cta-block, .cta_block_desc, .cta_block .nf-field-label, .cta_block .nf-error-msg {\n        filter: drop-shadow(1px 1px 8px black);\n    }\n\n\/*    .cta_block nf-rows-wrap {\n        display: flex;\n        justify-content: space-around;\n        flex-direction: row;\n    }*\/\n\n    .cta_block .nf-field-label {\n        display:none;\n    }\n\n    .cta_block .nf-error.field-wrap .nf-field-element::after {\n        border-radius: 50px;\n    }\n\n    .cta_block .nf-error-msg {\n        color: #fff;\n    }\n\n    .cta_block .nf-form-cont {\n        margin-top: 3em;\n        margin-bottom: 1em;\n    }\n\n    .wp-admin .cta_block_content{\n        display: none;\n    }\n    .cta_block .nf-form-fields-required {\n        display: none;\n    }\n    body:not(.wp-admin) .cta_block_admin {\n        display: none;\n    }\n<\/style>\n<div id=\"cta_block-block_666693364c3467dc787c6c2be91c5354\" class=\"cta_block\">\n    <div class=\"cta_block_admin\" style=\"background-color: blue; color: white\">\n        Blok CTA\n    <\/div>\n    <div class=\"cta_block\">\n        <div class=\"cta_block_content\">   \n        <h3 id=\"ha-szukacie-perfekcyjnej-sali-weselnej-w-gorach\">Szukacie perfekcyjnej sali weselnej w g\u00f3rach? <\/h3>\n                    <div class=\"cta_block_desc\">Ju\u017c znale\u017ali\u015bcie!<\/div>\n                <noscript class=\"ninja-forms-noscript-message\">\n\tNotice: JavaScript is required for this content.<\/noscript>\n<div id=\"nf-form-3_1-cont\" class=\"nf-form-cont\" aria-live=\"polite\" aria-labelledby=\"nf-form-title-3_1\" aria-describedby=\"nf-form-errors-3_1\" role=\"form\">\n\n    <div class=\"nf-loading-spinner\"><\/div>\n\n<\/div>\n        <!-- That data is being printed as a workaround to page builders reordering the order of the scripts loaded-->\n        <script>var formDisplay=1;var nfForms=nfForms||[];var form=[];form.id='3_1';form.settings={\"objectType\":\"Form Setting\",\"editActive\":true,\"title\":\"Block CTA\",\"created_at\":\"2022-11-08 16:03:33\",\"default_label_pos\":\"above\",\"show_title\":0,\"clear_complete\":\"1\",\"hide_complete\":\"1\",\"logged_in\":\"\",\"wrapper_class\":\"\",\"element_class\":\"\",\"key\":\"\",\"add_submit\":\"0\",\"changeEmailErrorMsg\":\"Please enter a valid email address!\",\"changeDateErrorMsg\":\"Please enter a valid date!\",\"confirmFieldErrorMsg\":\"These fields must match!\",\"fieldNumberNumMinError\":\"Number Min Error\",\"fieldNumberNumMaxError\":\"Number Max Error\",\"fieldNumberIncrementBy\":\"Please increment by \",\"formErrorsCorrectErrors\":\"Please correct errors before submitting this form.\",\"validateRequiredField\":\"This is a required field.\",\"honeypotHoneypotError\":\"Honeypot Error\",\"fieldsMarkedRequired\":\"Fields marked with an &lt;span class=&quot;ninja-forms-req-symbol&quot;&gt;*&lt;\\\/span&gt; are required\",\"currency\":\"\",\"repeatable_fieldsets\":\"\",\"unique_field_error\":\"Formularz z t\\u0105 warto\\u015bci\\u0105 zosta\\u0142 ju\\u017c przes\\u0142any.\",\"not_logged_in_msg\":\"\",\"sub_limit_msg\":\"Formularz osi\\u0105gn\\u0105\\u0142 limit wys\\u0142a\\u0144.\",\"calculations\":[],\"container_styles_show_advanced_css\":\"0\",\"title_styles_show_advanced_css\":\"0\",\"row_styles_show_advanced_css\":\"0\",\"row-odd_styles_show_advanced_css\":\"0\",\"success-msg_styles_show_advanced_css\":\"0\",\"error_msg_styles_show_advanced_css\":\"0\",\"formContentData\":[{\"order\":1,\"cells\":[{\"order\":0,\"fields\":[\"phone_1640098023980\"],\"width\":35},{\"order\":1,\"fields\":[\"adres_e-mail_1667919839452\"],\"width\":35},{\"order\":2,\"fields\":[\"zapisz_mnie_1667919853255\"],\"width\":30}]}],\"drawerDisabled\":false,\"conditions\":[],\"allow_public_link\":0,\"embed_form\":\"\",\"container_styles_border\":\"\",\"container_styles_height\":\"\",\"container_styles_margin\":\"\",\"container_styles_padding\":\"\",\"container_styles_float\":\"\",\"title_styles_border\":\"\",\"title_styles_height\":\"\",\"title_styles_width\":\"\",\"title_styles_font-size\":\"\",\"title_styles_margin\":\"\",\"title_styles_padding\":\"\",\"title_styles_float\":\"\",\"row_styles_border\":\"\",\"row_styles_width\":\"\",\"row_styles_font-size\":\"\",\"row_styles_margin\":\"\",\"row_styles_padding\":\"\",\"row-odd_styles_border\":\"\",\"row-odd_styles_height\":\"\",\"row-odd_styles_width\":\"\",\"row-odd_styles_font-size\":\"\",\"row-odd_styles_margin\":\"\",\"row-odd_styles_padding\":\"\",\"success-msg_styles_border\":\"\",\"success-msg_styles_height\":\"\",\"success-msg_styles_width\":\"\",\"success-msg_styles_font-size\":\"\",\"success-msg_styles_margin\":\"\",\"success-msg_styles_padding\":\"\",\"error_msg_styles_border\":\"\",\"error_msg_styles_width\":\"\",\"error_msg_styles_font-size\":\"\",\"error_msg_styles_margin\":\"\",\"error_msg_styles_padding\":\"\",\"form_title_heading_level\":\"3\",\"ninjaForms\":\"Ninja Forms\",\"fieldTextareaRTEInsertLink\":\"Insert Link\",\"fieldTextareaRTEInsertMedia\":\"Insert Media\",\"fieldTextareaRTESelectAFile\":\"Select a file\",\"formHoneypot\":\"If you are a human seeing this field, please leave it empty.\",\"fileUploadOldCodeFileUploadInProgress\":\"File Upload in Progress.\",\"fileUploadOldCodeFileUpload\":\"FILE UPLOAD\",\"currencySymbol\":\"&#36;\",\"thousands_sep\":\",\",\"decimal_point\":\".\",\"siteLocale\":\"en_GB\",\"dateFormat\":\"m\\\/d\\\/Y\",\"startOfWeek\":\"1\",\"of\":\"of\",\"previousMonth\":\"Previous Month\",\"nextMonth\":\"Next Month\",\"months\":[\"January\",\"February\",\"March\",\"April\",\"May\",\"June\",\"July\",\"August\",\"September\",\"October\",\"November\",\"December\"],\"monthsShort\":[\"Jan\",\"Feb\",\"Mar\",\"Apr\",\"May\",\"Jun\",\"Jul\",\"Aug\",\"Sep\",\"Oct\",\"Nov\",\"Dec\"],\"weekdays\":[\"Sunday\",\"Monday\",\"Tuesday\",\"Wednesday\",\"Thursday\",\"Friday\",\"Saturday\"],\"weekdaysShort\":[\"Sun\",\"Mon\",\"Tue\",\"Wed\",\"Thu\",\"Fri\",\"Sat\"],\"weekdaysMin\":[\"Su\",\"Mo\",\"Tu\",\"We\",\"Th\",\"Fr\",\"Sa\"],\"recaptchaConsentMissing\":\"reCaptcha validation couldn&#039;t load.\",\"recaptchaMissingCookie\":\"reCaptcha v3 validation couldn&#039;t load the cookie needed to submit the form.\",\"recaptchaConsentEvent\":\"Accept reCaptcha cookies before sending the form.\",\"currency_symbol\":\"\",\"beforeForm\":\"\",\"beforeFields\":\"\",\"afterFields\":\"\",\"afterForm\":\"\"};form.fields=[{\"objectType\":\"Field\",\"objectDomain\":\"fields\",\"editActive\":false,\"order\":1,\"idAttribute\":\"id\",\"type\":\"phone\",\"label\":\"Numer telefonu\",\"key\":\"phone_1640098023980\",\"label_pos\":\"above\",\"required\":1,\"default\":\"\",\"placeholder\":\"Numer telefonu\",\"container_class\":\"\",\"element_class\":\"\",\"input_limit\":\"\",\"input_limit_type\":\"characters\",\"input_limit_msg\":\"Liczba pozosta\\u0142ych znak\\u00f3w:\",\"manual_key\":\"\",\"admin_label\":\"\",\"help_text\":\"\",\"mask\":\"\",\"custom_mask\":\"\",\"custom_name_attribute\":\"phone\",\"personally_identifiable\":1,\"wrap_styles_border\":\"\",\"wrap_styles_width\":\"\",\"wrap_styles_margin\":\"\",\"wrap_styles_padding\":\"\",\"wrap_styles_float\":\"\",\"wrap_styles_show_advanced_css\":0,\"label_styles_border\":\"\",\"label_styles_width\":\"\",\"label_styles_font-size\":\"\",\"label_styles_margin\":\"\",\"label_styles_padding\":\"\",\"label_styles_float\":\"\",\"label_styles_show_advanced_css\":0,\"element_styles_border\":\"\",\"element_styles_width\":\"\",\"element_styles_font-size\":\"\",\"element_styles_margin\":\"\",\"element_styles_padding\":\"\",\"element_styles_float\":\"\",\"element_styles_show_advanced_css\":0,\"cellcid\":\"c3386\",\"value\":\"\",\"field_label\":\"Numer telefonu\",\"field_key\":\"phone_1640098023980\",\"drawerDisabled\":false,\"id\":\"8_1\",\"beforeField\":\"\",\"afterField\":\"\",\"parentType\":\"textbox\",\"element_templates\":[\"tel\",\"textbox\",\"input\"],\"old_classname\":\"\",\"wrap_template\":\"wrap\"},{\"objectType\":\"Field\",\"objectDomain\":\"fields\",\"editActive\":false,\"order\":2,\"idAttribute\":\"id\",\"type\":\"email\",\"label\":\"Adres e-mail\",\"key\":\"adres_e-mail_1667919839452\",\"label_pos\":\"above\",\"required\":1,\"default\":\"\",\"placeholder\":\"Adres e-mail\",\"container_class\":\"\",\"element_class\":\"\",\"admin_label\":\"\",\"help_text\":\"\",\"custom_name_attribute\":\"email\",\"personally_identifiable\":1,\"wrap_styles_border\":\"\",\"wrap_styles_width\":\"\",\"wrap_styles_margin\":\"\",\"wrap_styles_padding\":\"\",\"wrap_styles_float\":\"\",\"wrap_styles_show_advanced_css\":0,\"label_styles_border\":\"\",\"label_styles_width\":\"\",\"label_styles_font-size\":\"\",\"label_styles_margin\":\"\",\"label_styles_padding\":\"\",\"label_styles_float\":\"\",\"label_styles_show_advanced_css\":0,\"element_styles_border\":\"\",\"element_styles_width\":\"\",\"element_styles_font-size\":\"\",\"element_styles_margin\":\"\",\"element_styles_padding\":\"\",\"element_styles_float\":\"\",\"element_styles_show_advanced_css\":0,\"cellcid\":\"c3389\",\"value\":\"\",\"drawerDisabled\":false,\"field_label\":\"E-mail\",\"field_key\":\"email_1640098026199\",\"id\":\"9_1\",\"beforeField\":\"\",\"afterField\":\"\",\"parentType\":\"email\",\"element_templates\":[\"email\",\"input\"],\"old_classname\":\"\",\"wrap_template\":\"wrap\"},{\"objectType\":\"Field\",\"objectDomain\":\"fields\",\"editActive\":false,\"order\":3,\"idAttribute\":\"id\",\"type\":\"submit\",\"label\":\"Zapisz mnie\",\"processing_label\":\"W trakcie realizacji\",\"container_class\":\"\",\"element_class\":\"\",\"key\":\"zapisz_mnie_1667919853255\",\"wrap_styles_border\":\"\",\"wrap_styles_width\":\"\",\"wrap_styles_margin\":\"\",\"wrap_styles_padding\":\"\",\"wrap_styles_float\":\"\",\"wrap_styles_show_advanced_css\":0,\"element_styles_border\":\"\",\"element_styles_width\":\"\",\"element_styles_font-size\":\"\",\"element_styles_margin\":\"\",\"element_styles_padding\":\"\",\"element_styles_float\":\"\",\"element_styles_show_advanced_css\":0,\"submit_element_hover_styles_border\":\"\",\"submit_element_hover_styles_width\":\"\",\"submit_element_hover_styles_font-size\":\"\",\"submit_element_hover_styles_margin\":\"\",\"submit_element_hover_styles_padding\":\"\",\"submit_element_hover_styles_float\":\"\",\"submit_element_hover_styles_show_advanced_css\":0,\"cellcid\":\"c3391\",\"drawerDisabled\":false,\"field_label\":\"Zamawiam rozmow\\u0119\",\"field_key\":\"zamawiam_rozmowe_1640098067453\",\"id\":\"10_1\",\"beforeField\":\"\",\"afterField\":\"\",\"value\":\"\",\"label_pos\":\"above\",\"parentType\":\"textbox\",\"element_templates\":[\"submit\",\"button\",\"input\"],\"old_classname\":\"\",\"wrap_template\":\"wrap-no-label\"}];nfForms.push(form);<\/script>\n                <script id=\"nf-tmpl-cell\" type=\"text\/template\">\n            <nf-fields><\/nf-fields>\n        <\/script>\n\n        <script id=\"nf-tmpl-row\" type=\"text\/template\">\n            <nf-cells><\/nf-cells>\n        <\/script>\n\n                <img loading=\"lazy\" decoding=\"async\" width=\"1500\" height=\"705\" src=\"https:\/\/www.koronakarkonoszy.pl\/blog\/wp-content\/uploads\/2022\/06\/Dwor-Korona-Karkonoszy.jpg\" class=\"attachment-full size-full\" alt=\"\" srcset=\"https:\/\/www.koronakarkonoszy.pl\/blog\/wp-content\/uploads\/2022\/06\/Dwor-Korona-Karkonoszy.jpg 1500w, https:\/\/www.koronakarkonoszy.pl\/blog\/wp-content\/uploads\/2022\/06\/Dwor-Korona-Karkonoszy-300x141.jpg 300w, https:\/\/www.koronakarkonoszy.pl\/blog\/wp-content\/uploads\/2022\/06\/Dwor-Korona-Karkonoszy-1024x481.jpg 1024w, https:\/\/www.koronakarkonoszy.pl\/blog\/wp-content\/uploads\/2022\/06\/Dwor-Korona-Karkonoszy-768x361.jpg 768w\" sizes=\"auto, (max-width: 1500px) 100vw, 1500px\" \/>        <\/div> \n    <\/div>\n<\/div>\n\n\n\n<h2 class=\"wp-block-heading\" id=\"ha-pastelowa-sala-weselna-w-gorach-na-lato\">Pastelowa sala weselna w g\u00f3rach na lato<\/h2>\n\n\n\n<p>Wi\u0119kszo\u015b\u0107 Par M\u0142odych marzy o weselu w lecie. A wesele w g\u00f3rach to ju\u017c &#8211; nomen omen! &#8211; szczyt marze\u0144! Widok i zapach g\u00f3rskich \u0142\u0105k, s\u0142o\u0144ce przenikaj\u0105ce przez ga\u0142\u0119zie wiekowych drzew, a potem zachodz\u0105ce nad g\u00f3rskimi szczytami&#8230;  Wszystko to tworzy niezwyk\u0142\u0105, wr\u0119cz magiczn\u0105 atmosfer\u0119.<\/p>\n\n\n\n<p>Pastelowe barwy to idealny wyb\u00f3r na letnie wesele. Kolory jakby sp\u0142owiale na s\u0142o\u0144cu kojarz\u0105 si\u0119 z pe\u0142ni\u0105 lata. Ich optymistyczny odcie\u0144 rozwesela i poprawia nastr\u00f3j. Te barwy charakterystyczny s\u0105 dla stylu <strong>Cottagecore<\/strong>, czyli po\u0142\u0105czenia elegancji dworku z prostot\u0105 letniej, wiejskiej siedziby. Do pasteli dodajemy z\u0142aman\u0105 biel, br\u0105z i wszelkie odcienie be\u017cu. Je\u015bli chodzi o meble czy pod\u0142ogi, to oczywi\u015bcie powinny by\u0107 drewniane. Szukajmy dwork\u00f3w czy zajazd\u00f3w, w wystroju kt\u00f3rych kr\u00f3luj\u0105 pi\u0119kne, mosi\u0119\u017cne \u017cyrandole, przecierane metalowe kinkiety i stylizowane lustra. Do tego pasuj\u0105 ceramiczne naczynia w pastelowych barwach, postarzane dodatki, jakby nadgryzione z\u0119bem czasu. A tak\u017ce tekstylia, koniecznie z naturalnych materia\u0142\u00f3w w kwiatowe, tradycyjne wzory. Razem stworz\u0105 przytuln\u0105, lecz przy tym bardzo szykown\u0105 aran\u017cacj\u0119. To kwintesencja lata sp\u0119dzonego na \u0142onie przyrody.<\/p>\n\n\n\n<figure class=\"wp-block-image size-large\"><img loading=\"lazy\" decoding=\"async\" width=\"1024\" height=\"683\" src=\"https:\/\/www.koronakarkonoszy.pl\/blog\/wp-content\/uploads\/2022\/02\/jeremy-wong-weddings-K41SGnGKxVk-unsplash-1024x683.jpg\" alt=\"\" class=\"wp-image-2881\" srcset=\"https:\/\/www.koronakarkonoszy.pl\/blog\/wp-content\/uploads\/2022\/02\/jeremy-wong-weddings-K41SGnGKxVk-unsplash-1024x683.jpg 1024w, https:\/\/www.koronakarkonoszy.pl\/blog\/wp-content\/uploads\/2022\/02\/jeremy-wong-weddings-K41SGnGKxVk-unsplash-300x200.jpg 300w, https:\/\/www.koronakarkonoszy.pl\/blog\/wp-content\/uploads\/2022\/02\/jeremy-wong-weddings-K41SGnGKxVk-unsplash-768x512.jpg 768w, https:\/\/www.koronakarkonoszy.pl\/blog\/wp-content\/uploads\/2022\/02\/jeremy-wong-weddings-K41SGnGKxVk-unsplash-1536x1024.jpg 1536w, https:\/\/www.koronakarkonoszy.pl\/blog\/wp-content\/uploads\/2022\/02\/jeremy-wong-weddings-K41SGnGKxVk-unsplash.jpg 1920w\" sizes=\"auto, (max-width: 1024px) 100vw, 1024px\" \/><figcaption class=\"wp-element-caption\"><strong>Letnie wesele<\/strong> <\/figcaption><\/figure>\n\n\n\n<h2 class=\"wp-block-heading\" id=\"ha-jesienne-wesele-w-kolorze-burgunda\">Jesienne wesele w kolorze burgunda&nbsp;&nbsp; &nbsp;<\/h2>\n\n\n\n<p>Jesienna, z\u0142oto-czerwona paleta barw to wprost osza\u0142amiaj\u0105ca sceneria g\u00f3rskiego wesela. O tej porze roku ca\u0142y \u015bwiat delektuje si\u0119 m\u0142odym winem, z niecierpliwo\u015bci\u0105 czekaj\u0105c na okrzyk <em>Le Beaujolais Nouveau est arriv\u00e9!<\/em> \u015awi\u0119to Wina to doskona\u0142a okazja, by w barw\u0119 tego szlachetnego trunku wystroi\u0107 sal\u0119 weseln\u0105 w g\u00f3rach. Zw\u0142aszcza \u017ce do <strong>g\u0142\u0119bokiej czerwieni<\/strong> \u015bwietnie pasuj\u0105 barwy przyrody, kt\u00f3ra w\u0142a\u015bnie wtedy przybiera soczyste tony odcieni pomara\u0144czowego, \u017c\u00f3\u0142tego, czekoladowych br\u0105z\u00f3w i ciemnych zieleni.<\/p>\n\n\n\n<p>W jesiennej aran\u017cacji doskonale odnajdzie si\u0119 te\u017c z\u0142oto. Ten jasny i ciep\u0142y kolor roz\u015bwietli reszt\u0119 jesiennych barw. W sali balowej warto podkre\u015bli\u0107 tym kolorem lampy, stoliki, \u015bwieczniki, patery czy ramy luster. Ca\u0142o\u015b\u0107 b\u0119dzie wygl\u0105da\u0142a zjawiskowo! &nbsp;&nbsp;<\/p>\n\n\n\n<figure class=\"wp-block-image size-full\"><img loading=\"lazy\" decoding=\"async\" width=\"1024\" height=\"683\" src=\"https:\/\/www.koronakarkonoszy.pl\/blog\/wp-content\/uploads\/2021\/07\/listopadowe-wesele.jpg\" alt=\"wesele w listopadzie\" class=\"wp-image-941\" srcset=\"https:\/\/www.koronakarkonoszy.pl\/blog\/wp-content\/uploads\/2021\/07\/listopadowe-wesele.jpg 1024w, https:\/\/www.koronakarkonoszy.pl\/blog\/wp-content\/uploads\/2021\/07\/listopadowe-wesele-300x200.jpg 300w, https:\/\/www.koronakarkonoszy.pl\/blog\/wp-content\/uploads\/2021\/07\/listopadowe-wesele-768x512.jpg 768w\" sizes=\"auto, (max-width: 1024px) 100vw, 1024px\" \/><figcaption class=\"wp-element-caption\"><strong>Dw\u00f3r Korona Karkonoszy w jesiennej szacie <\/strong><\/figcaption><\/figure>\n\n\n\n<h2 class=\"wp-block-heading\" id=\"ha-zimowa-sala-weselna-w-gorach-chalet-chic\">Zimowa sala weselna w g\u00f3rach \u2013 chalet chic<\/h2>\n\n\n\n<p>Zima to czas pe\u0142en uroku \u2013 i nie m\u00f3wimy jedynie o okresie \u015bwi\u0105tecznym. Skrz\u0105cy si\u0119 w s\u0142o\u0144cu \u015bnieg, delikatny mr\u00f3z barwi\u0105cy nasze policzki na r\u00f3\u017cowo, sople lodu i te p\u0142atki w niesamowitych kszta\u0142tach\u2026 Nic dziwnego, \u017ce wiele Par M\u0142odych decyduje si\u0119 na <a href=\"https:\/\/www.koronakarkonoszy.pl\/blog\/zimowe-wesele\/\" class=\"links-placer\">zimowe wesele<\/a>.<\/p>\n\n\n\n<p>Sala weselna w stylu <strong>chalet chic<\/strong> idealnie wpisuje si\u0119 w g\u00f3rskie, zw\u0142aszcza zimowe pejza\u017ce. Inspirowany alpejskimi domkami wypoczynkowymi styl jest jednocze\u015bnie nieco surowy, przytulny i elegancki. Pasterska chata, czyli chalet \u2013 domek pocz\u0105tkowo raczej prosty, surowy, o mocno rustykalnym rysie &#8211; ewoluowa\u0142a w do\u015b\u0107 luksusowe siedziby, powszechnie spotykane obecnie w resortach narciarskich.&nbsp;<\/p>\n\n\n<section id=\"leonardo-block_525d0039926c3763b428be40d4516c19\" class=\"leonardo page-breaker leonardo-image-left\">\r\n    <div class=\"leonardo-body\">\r\n        <h2 class=\"leonardo-title\" id=\"h-zimowa-sala-weselna\">Zimowa sala weselna <\/h2>        <div class=\"leonardo-content\"><p>Styl chalet chic to drewniano-kamienna baza wzbogacona designerskimi dodatkami i meblami. Ogromne przeszklenia wpuszczaj\u0105 \u015bwiat\u0142o i widoki g\u00f3rskich szczyt\u00f3w i \u0142\u0105k, zapieraj\u0105ce dech w piersiach. Metalowe i kute elementy \u2013 klamki, \u015bwieczniki \u2013 dodaj\u0105 aran\u017cacji nieco industrialnego charakteru, podobnie jak ods\u0142oni\u0119te stropy i widoczne nadpro\u017ca. Kamienne pod\u0142ogi przykryte dywanami i sztucznymi sk\u00f3rami w naturalnych barwach ziemi (nastrojowe br\u0105zy, ponadczasowy be\u017c, biel i ciep\u0142e szaro\u015bci, ewentualnie ziele\u0144) wsp\u00f3\u0142graj\u0105 z lnian\u0105 tapicerk\u0105 mebli. Z surowo\u015bci\u0105 wn\u0119trz kontrastuj\u0105 mi\u0119kkie i ciep\u0142e tkaniny \u2013 mi\u0119siste zas\u0142ony, puszyste dywany, grube we\u0142niane pledy. Tak\u017ce meble w stylu pa\u0142acowym prze\u0142amuj\u0105 \u201ewiejsko\u015b\u0107\u201d tego stylu. Warto doda\u0107 troch\u0119 chromowanych dodatk\u00f3w, \u015bwietnie kontrastuj\u0105cych z pierwotn\u0105 surowo\u015bci\u0105 \u015bcian i pod\u0142\u00f3g.<\/p>\n<\/div>\r\n                    <aside class=\"leonardo-interlink\">\r\n                <b>Polecamy<\/b>\r\n                <a href=\"https:\/\/www.koronakarkonoszy.pl\/blog\/en\/wesele-w-gorach-z-noclegiem\/\">Wesele w g\u00f3rach z noclegiem &#8211; o czym trzeba wiedzie\u0107?<\/a>\r\n            <\/aside>\r\n            <\/div>\r\n    <div class=\"leonardo-image\">\r\n        <img loading=\"lazy\" decoding=\"async\" width=\"1920\" height=\"1280\" src=\"https:\/\/www.koronakarkonoszy.pl\/blog\/wp-content\/uploads\/2022\/02\/shelly-pence-GcW93Uuljgo-unsplash.jpg\" class=\"attachment-full size-full\" alt=\"\" srcset=\"https:\/\/www.koronakarkonoszy.pl\/blog\/wp-content\/uploads\/2022\/02\/shelly-pence-GcW93Uuljgo-unsplash.jpg 1920w, https:\/\/www.koronakarkonoszy.pl\/blog\/wp-content\/uploads\/2022\/02\/shelly-pence-GcW93Uuljgo-unsplash-300x200.jpg 300w, https:\/\/www.koronakarkonoszy.pl\/blog\/wp-content\/uploads\/2022\/02\/shelly-pence-GcW93Uuljgo-unsplash-1024x683.jpg 1024w, https:\/\/www.koronakarkonoszy.pl\/blog\/wp-content\/uploads\/2022\/02\/shelly-pence-GcW93Uuljgo-unsplash-768x512.jpg 768w, https:\/\/www.koronakarkonoszy.pl\/blog\/wp-content\/uploads\/2022\/02\/shelly-pence-GcW93Uuljgo-unsplash-1536x1024.jpg 1536w\" sizes=\"auto, (max-width: 1920px) 100vw, 1920px\" \/>            <\/div>\r\n<\/section>\n\n\n<p>W takiej <strong>sali weselnej<\/strong> warto urz\u0105dzi\u0107 wesele zim\u0105, jako \u017ce zimowe dekoracje idealnie pasuj\u0105 do tej stylistyki. Ale uwaga, powinny by\u0107 nieco minimalistyczne. Niezbyt dos\u0142owne, oparte na motywach ze \u015bwiata g\u00f3rskiej przyrody \u2013 wizerunki sosen czy jeleni. Sala w tym stylu przypadnie do gustu mi\u0142o\u015bnikom szusowania \u2013 poczuj\u0105 si\u0119 jak w domu albo jakby byli na kolejnym g\u00f3rskim urlopie. Narciarska sesja \u015blubna na pewno wypadnie \u015bwietnie! <a href=\"https:\/\/www.koronakarkonoszy.pl\/blog\/slub-w-grudniu\/\"><strong>\u015alub w grudniu<\/strong><\/a> mo\u017ce by\u0107 naprawd\u0119 wspania\u0142y&#8230;<\/p>\n\n\n\n<h2 class=\"wp-block-heading\" id=\"ha-slub-tradycyjny-a-moze-jakas-alternatywa\">\u015alub tradycyjny? A mo\u017ce jaka\u015b alternatywa?<\/h2>\n\n\n\n<p>Bia\u0142a d\u0142uga suknia, dziewczynki sypi\u0105ce kwiatki, czerwony dywan&#8230; Wszyscy znamy ten motyw z niezliczonych film\u00f3w czy ksi\u0105\u017cek. Ale\u2026 czy to naprawd\u0119 Twoja bajka? Mo\u017ce nigdy nie chcia\u0142a\u015b by\u0107 ksi\u0119\u017cniczk\u0105 i nie czeka\u0142a\u015b na ksi\u0119cia na bia\u0142ym koniu? Mo\u017ce bli\u017cej Ci do Pippi Lanstrum i Meridy Walecznej ni\u017c do Kopciuszka? I bardziej ni\u017c Czerwonym Kapturkiem czujesz si\u0119 wilkiem?<\/p>\n\n\n\n<figure class=\"wp-block-image size-large\"><img loading=\"lazy\" decoding=\"async\" width=\"1024\" height=\"769\" src=\"https:\/\/www.koronakarkonoszy.pl\/blog\/wp-content\/uploads\/2021\/10\/przyjecie-zamiast-wesela2-1024x769.jpg\" alt=\"Eleganckie przyj\u0119cie zamiast wesela: o czym warto pami\u0119ta\u0107?\" class=\"wp-image-1895\" srcset=\"https:\/\/www.koronakarkonoszy.pl\/blog\/wp-content\/uploads\/2021\/10\/przyjecie-zamiast-wesela2-1024x769.jpg 1024w, https:\/\/www.koronakarkonoszy.pl\/blog\/wp-content\/uploads\/2021\/10\/przyjecie-zamiast-wesela2-300x225.jpg 300w, https:\/\/www.koronakarkonoszy.pl\/blog\/wp-content\/uploads\/2021\/10\/przyjecie-zamiast-wesela2-768x577.jpg 768w, https:\/\/www.koronakarkonoszy.pl\/blog\/wp-content\/uploads\/2021\/10\/przyjecie-zamiast-wesela2.jpg 1280w\" sizes=\"auto, (max-width: 1024px) 100vw, 1024px\" \/><figcaption class=\"wp-element-caption\"><strong>Panna M\u0142oda w nieszablonowym obuwiu <\/strong><\/figcaption><\/figure>\n\n\n\n<p>Je\u015bli tak, warto pomy\u015ble\u0107 nieszablonowo i p\u00f3j\u015b\u0107 za swymi pragnieniami. Je\u015bli w d\u0142ugiej sukni czujesz si\u0119 jak w przebraniu, a biel to stanowczo nie tw\u00f3j kolor \u2013 w\u0142\u00f3\u017c co\u015b w kolorze zielonym czy \u017c\u00f3\u0142tym. Nie marzysz o \u015blubie ko\u015bcielnym? We\u017a cywilny. Oczywi\u015bcie w urz\u0105dzaniu wesela w zgodzie z tradycj\u0105 nie ma nic z\u0142ego. <strong>Tradycyjne \u015bluby<\/strong> to wyj\u0105tkowo pi\u0119kne i jedyne w swoim rodzaju uroczysto\u015bci. Ale mo\u017ce czasem warto zej\u015b\u0107 z utartych \u015bcie\u017cek i post\u0105pi\u0107 niekonwencjonalnie? Przy okazji mo\u017cemy mie\u0107 pewno\u015b\u0107, \u017ce akurat nasze wesele pozostanie w pami\u0119ci go\u015bci na zawsze!<\/p>\n\n\n\n<figure class=\"wp-block-image size-large is-resized\"><img loading=\"lazy\" decoding=\"async\" width=\"1024\" height=\"684\" src=\"https:\/\/www.koronakarkonoszy.pl\/blog\/wp-content\/uploads\/2022\/08\/migawki-282-1-1024x684.jpg\" alt=\"\" class=\"wp-image-5348\" style=\"width:840px;height:561px\" srcset=\"https:\/\/www.koronakarkonoszy.pl\/blog\/wp-content\/uploads\/2022\/08\/migawki-282-1-1024x684.jpg 1024w, https:\/\/www.koronakarkonoszy.pl\/blog\/wp-content\/uploads\/2022\/08\/migawki-282-1-300x200.jpg 300w, https:\/\/www.koronakarkonoszy.pl\/blog\/wp-content\/uploads\/2022\/08\/migawki-282-1-768x513.jpg 768w, https:\/\/www.koronakarkonoszy.pl\/blog\/wp-content\/uploads\/2022\/08\/migawki-282-1-1920x1282.jpg 1920w, https:\/\/www.koronakarkonoszy.pl\/blog\/wp-content\/uploads\/2022\/08\/migawki-282-1-1536x1025.jpg 1536w, https:\/\/www.koronakarkonoszy.pl\/blog\/wp-content\/uploads\/2022\/08\/migawki-282-1-2048x1367.jpg 2048w\" sizes=\"auto, (max-width: 1024px) 100vw, 1024px\" \/><figcaption class=\"wp-element-caption\"><strong>Tradycje weselne &#8211; Powitanie Pary M\u0142odej chlebem i sol\u0105 <\/strong><\/figcaption><\/figure>\n\n\n\n<p>Je\u015bli nie chcemy bra\u0107 tradycyjnego \u015blubu, ale zale\u017cy nam na uroczystej oprawie naszej ceremonii, chyba najlepsza b\u0119dzie uroczysto\u015b\u0107 humanistyczna. Na czym polega ten rodzaj \u015blubu? Ma on bardzo osobisty, zindywidualizowany charakter. Wynajmujemy Mistrzyni\u0119 lub Mistrza ceremonii, kt\u00f3rzy poprowadz\u0105 ca\u0142\u0105 uroczysto\u015b\u0107 zgodnie z wybranym przez nas scenariuszem. Para M\u0142oda zwykle wyg\u0142osza przygotowane specjalnie na ten dzie\u0144 przemowy, w kt\u00f3rych \u015blubuje sobie co tylko zechce. Ca\u0142o\u015b\u0107 ma naprawd\u0119 uroczysty charakter. Ten rodzaj \u015blubu to doskona\u0142a opcja dla os\u00f3b, kt\u00f3re nie chc\u0105 bra\u0107 \u015blubu ko\u015bcielnego, ale chcia\u0142yby, aby ten dzie\u0144 by\u0142 wyj\u0105tkowym wydarzeniem.<\/p>\n\n\n\n<p>Jedyny minus, \u017ce \u015blub humanistyczny nie ma mocy prawnej, wi\u0119c i tak trzeba dope\u0142ni\u0107 formalno\u015bci, jak\u0105 jest wizyta w Urz\u0119dzie Stanu Cywilnego, ale w dowolnym momencie.&nbsp;<\/p>\n\n\n<section id=\"leonardo-block_39c6351b31b8538132ded2b6dfbfb2da\" class=\"leonardo page-breaker leonardo-image-right\">\r\n    <div class=\"leonardo-body\">\r\n        <h2 class=\"leonardo-title\" id=\"h-slub-w-otoczeniu-natury\">\u015alub w otoczeniu natury <\/h2>        <div class=\"leonardo-content\"><p>Tak\u017ce \u015blub cywilny w plenerze mo\u017ce okaza\u0107 si\u0119 strza\u0142em w dziesi\u0105tk\u0119. Urz\u0119dy Stanu Cywilnego oferuj\u0105 mo\u017cliwo\u015b\u0107 zorganizowania ceremonii poza budynkiem urz\u0119du. Najcz\u0119\u015bciej Para M\u0142oda wybiera jakie\u015b pi\u0119kne, bliskie jej sercu <strong>miejsce w plenerze<\/strong>. Mo\u017cna nada\u0107 temu wydarzeniu odpowiedni\u0105 rang\u0119 poprzez spersonalizowanie przestrzeni \u2013 motyw \u015blubu, styl imprezy, dekoracje. Wszystko zale\u017cy tylko i wy\u0142\u0105cznie od nas.<\/p>\n<\/div>\r\n                    <aside class=\"leonardo-interlink\">\r\n                <b>Polecamy<\/b>\r\n                <a href=\"https:\/\/www.koronakarkonoszy.pl\/blog\/en\/wesele-w-polsce\/\">Wesele w Polsce<\/a>\r\n            <\/aside>\r\n            <\/div>\r\n    <div class=\"leonardo-image\">\r\n        <img loading=\"lazy\" decoding=\"async\" width=\"800\" height=\"534\" src=\"https:\/\/www.koronakarkonoszy.pl\/blog\/wp-content\/uploads\/2021\/07\/Dkk-ogrod.jpg\" class=\"attachment-full size-full\" alt=\"DKK ogr\u00f3d\" srcset=\"https:\/\/www.koronakarkonoszy.pl\/blog\/wp-content\/uploads\/2021\/07\/Dkk-ogrod.jpg 800w, https:\/\/www.koronakarkonoszy.pl\/blog\/wp-content\/uploads\/2021\/07\/Dkk-ogrod-300x200.jpg 300w, https:\/\/www.koronakarkonoszy.pl\/blog\/wp-content\/uploads\/2021\/07\/Dkk-ogrod-768x513.jpg 768w\" sizes=\"auto, (max-width: 800px) 100vw, 800px\" \/>            <\/div>\r\n<\/section>\n\n\n<h2 class=\"wp-block-heading\" id=\"ha-wyjatkowa-sesja-zdjeciowa-w-gorach\">Wyj\u0105tkowa sesja zdj\u0119ciowa w g\u00f3rach<\/h2>\n\n\n\n<p><strong>Wesele w g\u00f3rach<\/strong> oznacza mo\u017cliwo\u015b\u0107 zrealizowania niesamowitej sesji plenerowej. Mo\u017cna j\u0105 zorganizowa\u0107 dzie\u0144 przed \u015blubem, bo przecie\u017c w przypadku wesela wyjazdowego w g\u00f3rach Para M\u0142oda cz\u0119sto przybywa wcze\u015bniej, podobnie jak wielu go\u015bci. Mo\u017cna wtedy w spokoju napawa\u0107 si\u0119 pi\u0119knem natury, pospacerowa\u0107 po lesie, odpocz\u0105\u0107 i zrelaksowa\u0107 si\u0119 przed weselem. A wszystko to mo\u017ce uwieczni\u0107 fotograf, pokazuj\u0105c narzeczonych przygotowuj\u0105cych si\u0119 do najwa\u017cniejszego dnia w ich \u017cyciu.<\/p>\n\n\n\n<p>Oczywi\u015bcie szybk\u0105 sesj\u0119 zdj\u0119ciow\u0105 mo\u017cna zorganizowa\u0107 tak\u017ce w dniu \u015blubu. Warto wtedy po\u015bwi\u0119ci\u0107 godzink\u0119 i wybra\u0107 si\u0119 na zrobienie zdj\u0119\u0107 w jednym z licznych punkt\u00f3w widokowych. Majestatyczne szczyty, g\u00f3rskie labirynty, wiekowe \u015bwierki, kwietne \u0142\u0105ki, urokliwe kapliczki czy omsza\u0142e g\u0142azy, a na tym tle biel sukni Panny M\u0142odej. I ca\u0142y \u015bwiat u Waszych st\u00f3p! Kadry jak z bajki\u2026&nbsp;<\/p>\n\n\n\n<figure class=\"wp-block-image size-full\"><img loading=\"lazy\" decoding=\"async\" width=\"800\" height=\"534\" src=\"https:\/\/www.koronakarkonoszy.pl\/blog\/wp-content\/uploads\/2021\/07\/image-4.jpeg\" alt=\"\" class=\"wp-image-761\" srcset=\"https:\/\/www.koronakarkonoszy.pl\/blog\/wp-content\/uploads\/2021\/07\/image-4.jpeg 800w, https:\/\/www.koronakarkonoszy.pl\/blog\/wp-content\/uploads\/2021\/07\/image-4-300x200.jpeg 300w, https:\/\/www.koronakarkonoszy.pl\/blog\/wp-content\/uploads\/2021\/07\/image-4-768x513.jpeg 768w\" sizes=\"auto, (max-width: 800px) 100vw, 800px\" \/><figcaption class=\"wp-element-caption\"><strong>Wesele w g\u00f3rach &#8211; <\/strong>s<strong>esja zdj\u0119ciowa <\/strong><\/figcaption><\/figure>\n\n\n\n<h2 class=\"wp-block-heading\" id=\"ha-pogoda-w-gorach\">Pogoda w g\u00f3rach<\/h2>\n\n\n\n<p>Pogoda w g\u00f3rach, jak wszyscy wiemy, potrafi by\u0107 do\u015b\u0107 zmienna. Planuj\u0105c <strong>\u015blub i wesele w g\u00f3rach<\/strong>, musimy wzi\u0105\u0107 pod uwag\u0119, \u017ce temperatury mog\u0105 si\u0119 waha\u0107 w ci\u0105gu dnia i czasem do\u015b\u0107 mocno spada\u0107 wieczorami i noc\u0105, nawet latem. Nale\u017cy wi\u0119c zadba\u0107 o komfort go\u015bci, zapewniaj\u0105c dodatkowe \u017ar\u00f3d\u0142a ciep\u0142a zim\u0105, parasole do ochrony przed ewentualnym deszczem jesieni\u0105, a repelenty latem.&nbsp;<\/p>\n\n\n<section id=\"leonardo-block_c38649049c8138c84c48fc47132517db\" class=\"leonardo page-breaker leonardo-image-left\">\r\n    <div class=\"leonardo-body\">\r\n        <h2 class=\"leonardo-title\" id=\"h-atrakcje-a-pora-roku\">Atrakcje a pora roku <\/h2>        <div class=\"leonardo-content\"><p>W og\u00f3le przy rozwa\u017caniu daty \u015blubu warto zastanowi\u0107 si\u0119, jakiej pogody by\u015bmy sobie \u017cyczyli. Pewne atrakcje mo\u017cliwe s\u0105 do zrealizowania tylko o okre\u015blonej porze roku. Je\u015bli marzymy o nocnym <strong>kuligu <\/strong>w blasku ksi\u0119\u017cyca, musimy zorganizowa\u0107 wesele w \u015brodku zimy. A temperatury mog\u0105 by\u0107 wtedy, co oczywiste, do\u015b\u0107 niskie. Je\u015bli marzy nam si\u0119 ognisko na przyj\u0119ciu weselnym czy poprawinach, powinni\u015bmy zdecydowa\u0107 si\u0119 raczej na wiosn\u0119 czy jesie\u0144, kiedy nie jest ani zbyt zimno, ani zbyt gor\u0105co na tego typu rozrywki. Uwielbiamy babie lato i chcieliby\u015bmy je uwieczni\u0107 na naszych \u015blubnych fotografiach? Zr\u00f3bmy <strong><a href=\"https:\/\/www.koronakarkonoszy.pl\/blog\/zalety-i-wady-wesele-we-wrzesniu\/\">wesele we wrze\u015bniu<\/a><\/strong>. Fascynuj\u0105 nas \u015bwietliki i chcieliby\u015bmy je ujrze\u0107 na naszym na weselu? Tylko pocz\u0105tek lata zapewni nam obecno\u015b\u0107 na imprezie w ogrodzie tych wyj\u0105tkowych \u017cyj\u0105tek. A mo\u017ce chcemy, by podczas naszego przyj\u0119cia na niebie \u015bwieci\u0142y miliony gwiazd? W takim razie tylko <strong><a href=\"https:\/\/www.koronakarkonoszy.pl\/blog\/wesele-w-sierpniu\/\">wesele w sierpniu<\/a><\/strong>, kiedy widzimy roje Perseid\u00f3w.<\/p>\n<\/div>\r\n            <\/div>\r\n    <div class=\"leonardo-image\">\r\n        <img loading=\"lazy\" decoding=\"async\" width=\"800\" height=\"534\" src=\"https:\/\/www.koronakarkonoszy.pl\/blog\/wp-content\/uploads\/2021\/07\/slub_dolny_slask.jpg\" class=\"attachment-full size-full\" alt=\"\u015blub zim\u0105\" srcset=\"https:\/\/www.koronakarkonoszy.pl\/blog\/wp-content\/uploads\/2021\/07\/slub_dolny_slask.jpg 800w, https:\/\/www.koronakarkonoszy.pl\/blog\/wp-content\/uploads\/2021\/07\/slub_dolny_slask-300x200.jpg 300w, https:\/\/www.koronakarkonoszy.pl\/blog\/wp-content\/uploads\/2021\/07\/slub_dolny_slask-768x513.jpg 768w\" sizes=\"auto, (max-width: 800px) 100vw, 800px\" \/>            <\/div>\r\n<\/section>\n\n\n<h2 class=\"wp-block-heading\" id=\"ha-sala-weselna-w-gorach-karkonosze\">Sala weselna w g\u00f3rach \u2013 Karkonosze<\/h2>\n\n\n\n<p>Karkonosze od kilku lat ciesz\u0105 si\u0119 coraz wi\u0119kszym zainteresowaniem zar\u00f3wno Par M\u0142odych, jak i zwyk\u0142ych turyst\u00f3w. Mo\u017ce warto na wesele wybra\u0107 g\u00f3ry, w kt\u00f3rych znajdziemy <strong>Dolin\u0119 Pa\u0142ac\u00f3w i Ogrod\u00f3w,<\/strong> niejednokrotnie por\u00f3wnywan\u0105 do francuskiej Doliny Loary. Malownicze szlaki, szczyty mo\u017cliwe do zdobycia dla ka\u017cdego, nawet niezbyt wprawnego turysty, urzekaj\u0105ce wodospady. A tak\u017ce zyskuj\u0105ca z ka\u017cdym rokiem na popularno\u015bci urokliwa miejscowo\u015b\u0107 letniskowa Sosn\u00f3wka, po\u0142o\u017cona nad zalewem o tej samej nazwie, w\u015br\u00f3d najwy\u017cszych karkonoskich szczyt\u00f3w &#8211; oto co maj\u0105 do zaoferowania Karkonosze! <\/p>\n\n\n<section id=\"leonardo-block_c91ae2097f8aae79e712ad8dab18fbd9\" class=\"leonardo page-breaker leonardo-image-right\">\r\n    <div class=\"leonardo-body\">\r\n        <h2 class=\"leonardo-title\" id=\"h-szczescie-w-milosci-gwarantowane\">Szcz\u0119\u015bcie w mi\u0142o\u015bci \u2013 gwarantowane! <\/h2>        <div class=\"leonardo-content\"><p>Dlaczego warto <strong>urz\u0105dzi\u0107 wesele w sali weselnej w g\u00f3rach w Sosn\u00f3wce<\/strong>? To proste. Dzi\u0119ki temu mamy zagwarantowany szcz\u0119\u015bliwy zwi\u0105zek. To w\u0142a\u015bnie w Sosn\u00f3wce ko\u0142o Karpacza bije \u0179r\u00f3de\u0142ko Mi\u0142o\u015bci lub \u0179r\u00f3de\u0142ko Szcz\u0119\u015bcia. Funkcjonuje ono pod tymi dwiema nazwami, zreszt\u0105 nic dziwnego. Przecie\u017c dla wielu os\u00f3b to jedno i to samo\u2026<\/p>\n<p>\u0179r\u00f3de\u0142ko znajdziemy przy Kaplicy \u015bw. Anny, po\u0142o\u017conej na zachodnim, poro\u015bni\u0119tym lasem zboczu Grabowca. Istnieje tam od wiek\u00f3w \u2013 najpierw drewniana, potem w XVIII wieku murowana kapliczka, zbudowana przez hrabiego Hansa Antona Schaffgotscha. Podobno przez ca\u0142e wieki przy \u017ar\u00f3de\u0142ku zbiera\u0142y si\u0119 te\u017c czarownice, doceniaj\u0105c i wykorzystuj\u0105c moc tej magicznej wody.<\/p>\n<p>Legenda g\u0142osi, \u017ce woda z tego \u017ar\u00f3d\u0142a ma cudowne w\u0142a\u015bciwo\u015bci. Ka\u017cda Panna M\u0142oda i Pan M\u0142ody, kt\u00f3rzy nabior\u0105 wody w usta i okr\u0105\u017c\u0105 kaplic\u0119 siedem razy, nie roni\u0105c ani kropli, maj\u0105 zagwarantowane szcz\u0119\u015bcie w mi\u0142o\u015bci.<\/p>\n<\/div>\r\n            <\/div>\r\n    <div class=\"leonardo-image\">\r\n        <img loading=\"lazy\" decoding=\"async\" width=\"800\" height=\"534\" src=\"https:\/\/www.koronakarkonoszy.pl\/blog\/wp-content\/uploads\/2021\/07\/wesele-dolny-slask.jpg\" class=\"attachment-full size-full\" alt=\"wesele dolny slask\" srcset=\"https:\/\/www.koronakarkonoszy.pl\/blog\/wp-content\/uploads\/2021\/07\/wesele-dolny-slask.jpg 800w, https:\/\/www.koronakarkonoszy.pl\/blog\/wp-content\/uploads\/2021\/07\/wesele-dolny-slask-300x200.jpg 300w, https:\/\/www.koronakarkonoszy.pl\/blog\/wp-content\/uploads\/2021\/07\/wesele-dolny-slask-768x513.jpg 768w\" sizes=\"auto, (max-width: 800px) 100vw, 800px\" \/>            <\/div>\r\n<\/section>\n\n\n<p>Na tych pi\u0119knych terenach dos\u0142ownie co kilka kilometr\u00f3w zachwyca kolejny pa\u0142ac otoczony parkiem lub ogrodem. A ka\u017cdy ma ciekaw\u0105, a czasem nawet troch\u0119 straszn\u0105 histori\u0119 do opowiedzenia. Dawne bale, wystawne przyj\u0119cia, w kt\u00f3rych bra\u0142 udzia\u0142 sam cesarz, zauroczony tym regionem. W XIX wieku kaza\u0142 tu wybudowa\u0107 sw\u0105 letni\u0105 siedzib\u0119, a w jego \u015blady poszli inni mo\u017cnow\u0142adcy Prus. Sami sprawd\u017acie, dlaczego warto balowa\u0107 i wypoczywa\u0107 w Karkonoszach!<\/p>\n\n\n\n<figure class=\"wp-block-image size-large\"><img loading=\"lazy\" decoding=\"async\" width=\"1024\" height=\"683\" src=\"https:\/\/www.koronakarkonoszy.pl\/blog\/wp-content\/uploads\/2022\/08\/3LP_DKK_panifotograf.kr_83-1024x683.jpg\" alt=\"\" class=\"wp-image-5327\" srcset=\"https:\/\/www.koronakarkonoszy.pl\/blog\/wp-content\/uploads\/2022\/08\/3LP_DKK_panifotograf.kr_83-1024x683.jpg 1024w, https:\/\/www.koronakarkonoszy.pl\/blog\/wp-content\/uploads\/2022\/08\/3LP_DKK_panifotograf.kr_83-300x200.jpg 300w, https:\/\/www.koronakarkonoszy.pl\/blog\/wp-content\/uploads\/2022\/08\/3LP_DKK_panifotograf.kr_83-768x512.jpg 768w, https:\/\/www.koronakarkonoszy.pl\/blog\/wp-content\/uploads\/2022\/08\/3LP_DKK_panifotograf.kr_83-1920x1280.jpg 1920w, https:\/\/www.koronakarkonoszy.pl\/blog\/wp-content\/uploads\/2022\/08\/3LP_DKK_panifotograf.kr_83-1536x1024.jpg 1536w, https:\/\/www.koronakarkonoszy.pl\/blog\/wp-content\/uploads\/2022\/08\/3LP_DKK_panifotograf.kr_83.jpg 2048w\" sizes=\"auto, (max-width: 1024px) 100vw, 1024px\" \/><figcaption class=\"wp-element-caption\"><strong>Wesele w tajemniczym ogrodzie&#8230; <\/strong><\/figcaption><\/figure>\n\n\n\n<h2 class=\"wp-block-heading\" id=\"ha-sala-weselna-w-gorach-dlaczego-warto\">Sala weselna w g\u00f3rach \u2013 dlaczego warto?<\/h2>\n\n\n\n<p>Patrz\u0105c tylko na kwestie praktyczne \u2013 warto wynaj\u0105\u0107 sal\u0119 weseln\u0105 w g\u00f3rach, bo dzi\u0119ki temu mo\u017cemy bez problemu po\u0142\u0105czy\u0107 wesele z podr\u00f3\u017c\u0105 po\u015blubn\u0105. Bo mo\u017cna wyd\u0142u\u017cy\u0107 wesele na ca\u0142y weekend, korzystaj\u0105c przy okazji z blisko\u015bci g\u00f3rskich szlak\u00f3w i zabra\u0107 go\u015bci na spacery, kt\u00f3re pozwol\u0105 wszystkim si\u0119 odstresowa\u0107 i zrelaksowa\u0107, a to w dzisiejszym, zabieganym \u015bwiecie bezcenne. Wesele w g\u00f3rach gwarantuje cudown\u0105 sesj\u0119 zdj\u0119ciow\u0105 \u2013 ma\u0142o jest tak malowniczych miejsc jak g\u00f3ry. Dzi\u0119ki temu b\u0119dzie czym si\u0119 pochwali\u0107 na portalach spo\u0142eczno\u015bciowych? A kiedy\u015b, kto wie, mo\u017ce pokaza\u0107 zdj\u0119cia i filmiki dzieciom i wnukom?<\/p>\n\n\n\n<p>Sprawicie te\u017c niesamowit\u0105 przyjemno\u015b\u0107 go\u015bciom, zapraszaj\u0105c ich w g\u00f3ry na sw\u00f3j \u015blub i wesele. Nawet je\u015bli czasem taka wyjazdowa impreza jest nieco trudniejsza z punktu widzenia logistyki do zorganizowania \u2013 zar\u00f3wno dla Was, jak i dla go\u015bci \u2013 to wra\u017cenia, atmosfera i klimat <strong>wesela w g\u00f3rach<\/strong> wynagrodzi wszystkim w tr\u00f3jnas\u00f3b wszelkie drobne niedogodno\u015bci.<\/p>\n\n\n\n<h2 class=\"wp-block-heading\" id=\"ha-wybor-idealnej-sali-weselnej-w-gorach-kluczowe-aspekty\">Wyb\u00f3r idealnej sali weselnej w g\u00f3rach \u2013 kluczowe aspekty<\/h2>\n\n\n\n<p>Planuj\u0105c wesele, wyb\u00f3r odpowiedniej <strong>sali weselnej w g\u00f3rach<\/strong> jest jednym z najwa\u017cniejszych krok\u00f3w. Malownicze otoczenie g\u00f3rskich szczyt\u00f3w dodaje uroku ka\u017cdej ceremonii, ale warto zwr\u00f3ci\u0107 uwag\u0119 na kilka istotnych kwestii. Przede wszystkim, lokalizacja <strong>sali weselnej w g\u00f3rach<\/strong> powinna by\u0107 \u0142atwo dost\u0119pna dla go\u015bci, z odpowiedni\u0105 infrastruktur\u0105 drogow\u0105 i parkingow\u0105. Wa\u017cne jest r\u00f3wnie\u017c, aby <strong>sale weselne w g\u00f3rach<\/strong> oferowa\u0142y r\u00f3\u017cnorodne opcje dekoracyjne, umo\u017cliwiaj\u0105ce dostosowanie wystroju do indywidualnych preferencji Pary M\u0142odej. Nie bez znaczenia jest tak\u017ce dost\u0119pno\u015b\u0107 miejsc noclegowych w pobli\u017cu, co u\u0142atwia organizacj\u0119 <a href=\"https:\/\/www.koronakarkonoszy.pl\/blog\/wesele-w-gorach-z-noclegiem\/\"><strong>wesela z noclegiem w g\u00f3rach<\/strong><\/a>. Warto rozwa\u017cy\u0107 obiekty, kt\u00f3re oferuj\u0105 kompleksowe us\u0142ugi, takie jak <a href=\"https:\/\/www.koronakarkonoszy.pl\/\"><strong>Dw\u00f3r Korona Karkonoszy<\/strong><\/a>, zapewniaj\u0105cy zar\u00f3wno eleganck\u0105 sal\u0119, jak i komfortowe zakwaterowanie dla go\u015bci.<\/p>\n\n\n\n<h2 class=\"wp-block-heading\" id=\"ha-atrakcje-i-udogodnienia-oferowane-przez-sale-weselne-w-gorach\">Atrakcje i udogodnienia oferowane przez sale weselne w g\u00f3rach<\/h2>\n\n\n\n<p>Wybieraj\u0105c <strong>sal\u0119 weseln\u0105 w g\u00f3rach<\/strong>, warto zwr\u00f3ci\u0107 uwag\u0119 na dodatkowe atrakcje i udogodnienia, kt\u00f3re mog\u0105 uczyni\u0107 przyj\u0119cie niezapomnianym. Wiele <strong>sal weselnych w g\u00f3rach<\/strong> oferuje mo\u017cliwo\u015b\u0107 organizacji ceremonii plenerowych z zapieraj\u0105cymi dech w piersiach widokami. Dodatkowo, dost\u0119p do ogrod\u00f3w czy taras\u00f3w pozwala na stworzenie stref relaksu dla go\u015bci. Dodatkowe atrakcje, takie jak mo\u017cliwo\u015b\u0107 zorganizowania ogniska czy przeja\u017cd\u017cki bryczk\u0105, mog\u0105 stanowi\u0107 ciekawy element urozmaicaj\u0105cy <a href=\"https:\/\/www.koronakarkonoszy.pl\/wesele\/\"><strong>wesele w g\u00f3rach<\/strong><\/a>.<\/p>\n\n\n\n<h2 class=\"wp-block-heading\" id=\"ha-sezonowosc-i-dostepnosc-sal-weselnych-w-gorach\">Sezonowo\u015b\u0107 i dost\u0119pno\u015b\u0107 sal weselnych w g\u00f3rach<\/h2>\n\n\n\n<p>Planuj\u0105c wesele w g\u00f3rach, warto wzi\u0105\u0107 pod uwag\u0119 sezonowo\u015b\u0107 i zwi\u0105zane z ni\u0105 dost\u0119pno\u015b\u0107 oraz ceny <strong>sal weselnych w g\u00f3rach<\/strong>. Sezon letni cieszy si\u0119 najwi\u0119ksz\u0105 popularno\u015bci\u0105, co mo\u017ce wp\u0142ywa\u0107 na wy\u017csze ceny i mniejsz\u0105 dost\u0119pno\u015b\u0107 termin\u00f3w. Z kolei organizacja <a href=\"https:\/\/www.koronakarkonoszy.pl\/blog\/wesele-w-polsce\/\"><strong>wesela w Polsce<\/strong><\/a> poza szczytem sezonu, na przyk\u0142ad wiosn\u0105 czy jesieni\u0105, mo\u017ce przynie\u015b\u0107 korzy\u015bci finansowe oraz wi\u0119kszy wyb\u00f3r dost\u0119pnych dat. Warto r\u00f3wnie\u017c pami\u0119ta\u0107, \u017ce zimowe <a href=\"https:\/\/www.koronakarkonoszy.pl\/blog\/wesele-z-noclegiem\/\"><strong>wesele z noclegiem<\/strong><\/a> w g\u00f3rach ma sw\u00f3j niepowtarzalny urok, z mo\u017cliwo\u015bci\u0105 wykorzystania \u015bnie\u017cnych krajobraz\u00f3w jako t\u0142a do sesji zdj\u0119ciowej. Niezale\u017cnie od wybranego terminu, kluczowe jest wcze\u015bniejsze zarezerwowanie <strong>sali weselnej w g\u00f3rach<\/strong>, aby mie\u0107 pewno\u015b\u0107 dost\u0119pno\u015bci wybranego obiektu.<\/p>\n\n\n\n<h2 class=\"wp-block-heading\" id=\"ha-plenerowe-poprawiny-w-sali-weselnej-w-gorach-czy-to-dobry-pomysl-w-gorach\">Plenerowe poprawiny w sali weselnej w g\u00f3rach \u2013 czy to dobry pomys\u0142 w g\u00f3rach?<\/h2>\n\n\n\n<p>Organizacja poprawin na \u015bwie\u017cym powietrzu to \u015bwietny pomys\u0142, zw\u0142aszcza gdy <strong>sala weselna w g\u00f3rach<\/strong> oferuje pi\u0119kne widoki i dost\u0119p do plenerowej przestrzeni. Po intensywnej nocy go\u015bcie z pewno\u015bci\u0105 doceni\u0105 relaks na \u0142onie natury, delektuj\u0105c si\u0119 g\u00f3rskim klimatem. Poprawiny mo\u017cna urozmaici\u0107 ogniskiem, grillem czy kr\u00f3tkimi wycieczkami po okolicy.&nbsp; Wyb\u00f3r <strong>sali weselnej w g\u00f3rach<\/strong> z odpowiednimi udogodnieniami pozwoli na stworzenie niezapomnianej atmosfery, przed\u0142u\u017caj\u0105c \u015bwi\u0119towanie w wyj\u0105tkowej scenerii.<\/p>\n\n\n\n<h2 class=\"wp-block-heading\" id=\"ha-jakie-fajne-miejsce-na-wyjazd-integracyjny-najlepiej-wybrac-dla-malej-firmy\">Jakie fajne miejsce na wyjazd integracyjny najlepiej wybra\u0107 dla ma\u0142ej firmy?<\/h2>\n\n\n\n<p>Wyb\u00f3r odpowiedniego miejsca na wyjazd integracyjny dla ma\u0142ej firmy ma kluczowe znaczenie. Najlepiej sprawdzi si\u0119 <strong>fajne miejsce na wyjazd integracyjny<\/strong>, kt\u00f3re oferuje komfortowe warunki i atrakcje sprzyjaj\u0105ce integracji. Ma\u0142e firmy cz\u0119sto preferuj\u0105 kameralne obiekty w malowniczych lokalizacjach, gdzie pracownicy mog\u0105 budowa\u0107 relacje w swobodnej atmosferze. Takie <strong>fajne miejsce na wyjazd integracyjny<\/strong> zapewni relaks i inspiruj\u0105ce do\u015bwiadczenia, kt\u00f3re prze\u0142o\u017c\u0105 si\u0119 na lepsz\u0105 wsp\u00f3\u0142prac\u0119.<\/p>\n\n\n\n<figure class=\"wp-block-image size-large\"><a href=\"https:\/\/www.koronakarkonoszy.pl\/wesele\/\" target=\"_blank\" rel=\"noreferrer noopener\"><img loading=\"lazy\" decoding=\"async\" width=\"1024\" height=\"512\" src=\"https:\/\/www.koronakarkonoszy.pl\/blog\/wp-content\/uploads\/2022\/06\/piekne_wesela_DKK-2-1024x512.jpg\" alt=\"\" class=\"wp-image-4072\" srcset=\"https:\/\/www.koronakarkonoszy.pl\/blog\/wp-content\/uploads\/2022\/06\/piekne_wesela_DKK-2-1024x512.jpg 1024w, https:\/\/www.koronakarkonoszy.pl\/blog\/wp-content\/uploads\/2022\/06\/piekne_wesela_DKK-2-300x150.jpg 300w, https:\/\/www.koronakarkonoszy.pl\/blog\/wp-content\/uploads\/2022\/06\/piekne_wesela_DKK-2-768x384.jpg 768w, https:\/\/www.koronakarkonoszy.pl\/blog\/wp-content\/uploads\/2022\/06\/piekne_wesela_DKK-2.jpg 1200w\" sizes=\"auto, (max-width: 1024px) 100vw, 1024px\" \/><\/a><\/figure>\n\n\n\n<p>I jeszcze na koniec argument innego typu\u2026 Wyobra\u017a sobie \u2013 obok Ciebie stoi ukochana osoba, kt\u00f3rej za chwil\u0119 b\u0119dziesz \u015blubowa\u0107 mi\u0142o\u015b\u0107. Niedaleko szmerze strumyk, wok\u00f3\u0142 wiekowe \u015bwierki rzucaj\u0105 tajemnicze cienie, a w pobliskim lesie pohukuje puszczyk. To ten moment, gdy na chwil\u0119 granica mi\u0119dzy \u015bwiatem magicznym a rzeczywistym mo\u017ce ulec zatarciu. I ta magia g\u00f3r zostanie z Wami na zawsze! Pomo\u017ce przetrwa\u0107 trudniejsze momenty, kt\u00f3re pojawiaj\u0105 si\u0119 czasem w ka\u017cdym ma\u0142\u017ce\u0144stwie. Gdy przywo\u0142acie z pami\u0119ci ten moment, po raz kolejny powiecie sobie \u2013 tak, by\u0142o warto, to by\u0142a najlepsza decyzja w naszym \u017cyciu. I nadal b\u0119dziecie razem!<\/p>\n\n\n<style>\n  .destination_map {\n    margin: 1.5em 0;\n  }\n\n  body:not(.wp-admin) .admin {\n    display: none;\n  }\n\n  .map {\n    max-width: 800px;\n    height: 400px;\n  }\n\n  .wp-admin .map {\n    display: none;\n  }\n<\/style>\n\n<div id=\"destination_map-block_e1f3be6a15c23b0d743b81d4320351de\" class=\"destination_map\">\n  <div class=\"destinationmap-body admin\" style=\"background-color: lightblue;\">\n        Mapa dojazdu\n  <\/div>\n  <div id=\"block_e1f3be6a15c23b0d743b81d4320351de\" class=\"map\"><\/div>\n<\/div>\n\n<script>\n  (function($) {\n\n    function mapLocation() {\n      var directionsDisplay;\n      var directionsService = new google.maps.DirectionsService();\n      var map;\n\n      function initialize() {\n        var pos = new google.maps.LatLng(50.8190591, 15.7212853);\n        var mapOptions = {\n          zoom: 11,\n          center: pos\n        };\n        map = new google.maps.Map(document.getElementById('block_e1f3be6a15c23b0d743b81d4320351de'), mapOptions);\n\n        var marker = new google.maps.Marker({\n          position: pos,\n          map: map\n        });\n\n      }\n\n      google.maps.event.addDomListener(window, 'load', initialize);\n    }\n    mapLocation();\n\n  })(jQuery);\n<\/script>","protected":false},"excerpt":{"rendered":"<p>Poszukiwania idealnej sali weselnej to jeden z pierwszych etap\u00f3w przygotowa\u0144 do \u015blubu. Wyb\u00f3r odpowiedniego lokalu to po\u0142owa sukcesu! To w\u0142a\u015bnie od niego w du\u017cej mierze b\u0119dzie zale\u017ce\u0107 aran\u017cacja \u015blubna, czy te\u017c komfort go\u015bci. Marzycie o romantycznym przyj\u0119ciu w\u015br\u00f3d malowniczych szczyt\u00f3w g\u00f3rskich? Perfekcyjna sala weselna w g\u00f3rach spe\u0142ni Wasze oczekiwania! Wesele w g\u00f3rach Ze wspomnie\u0144 Par [&hellip;]<\/p>\n","protected":false},"author":11,"featured_media":2988,"comment_status":"closed","ping_status":"closed","sticky":false,"template":"","format":"standard","meta":{"_acf_changed":false,"footnotes":""},"categories":[2,11,3],"class_list":["post-2840","post","type-post","status-publish","format-standard","has-post-thumbnail","hentry","category-porady","category-sala-weselna","category-trendy"],"acf":[],"yoast_head":"<!-- This site is optimized with the Yoast SEO plugin v27.5 - https:\/\/yoast.com\/product\/yoast-seo-wordpress\/ -->\n<title>Sala weselna w g\u00f3rach \u2013 romantyczne miejsce na \u015blub<\/title>\n<meta name=\"description\" content=\"Sala weselna w g\u00f3rach to idealne t\u0142o dla niezapomnianego \u015blubu. Odkryj, jak wybra\u0107 miejsce, kt\u00f3re zachwyci go\u015bci i stworzy magiczn\u0105 atmosfer\u0119\" \/>\n<meta name=\"robots\" content=\"index, follow, max-snippet:-1, max-image-preview:large, max-video-preview:-1\" \/>\n<link rel=\"canonical\" href=\"https:\/\/www.koronakarkonoszy.pl\/blog\/en\/wedding-hall-in-the-mountains-2\/\" \/>\n<meta property=\"og:locale\" content=\"en_GB\" \/>\n<meta property=\"og:type\" content=\"article\" \/>\n<meta property=\"og:title\" content=\"Sala weselna w g\u00f3rach \u2013 romantyczne miejsce na \u015blub\" \/>\n<meta property=\"og:description\" content=\"Sala weselna w g\u00f3rach to idealne t\u0142o dla niezapomnianego \u015blubu. Odkryj, jak wybra\u0107 miejsce, kt\u00f3re zachwyci go\u015bci i stworzy magiczn\u0105 atmosfer\u0119\" \/>\n<meta property=\"og:url\" content=\"https:\/\/www.koronakarkonoszy.pl\/blog\/en\/wedding-hall-in-the-mountains-2\/\" \/>\n<meta property=\"og:site_name\" content=\":: Blog weselny\" \/>\n<meta property=\"article:published_time\" content=\"2023-03-20T17:09:31+00:00\" \/>\n<meta property=\"article:modified_time\" content=\"2025-02-10T12:49:58+00:00\" \/>\n<meta property=\"og:image\" content=\"https:\/\/www.koronakarkonoszy.pl\/blog\/wp-content\/uploads\/2022\/02\/pexels-markus-spiske-129105.jpg\" \/>\n\t<meta property=\"og:image:width\" content=\"1280\" \/>\n\t<meta property=\"og:image:height\" content=\"853\" \/>\n\t<meta property=\"og:image:type\" content=\"image\/jpeg\" \/>\n<meta name=\"author\" content=\"agnieszka\" \/>\n<meta name=\"twitter:card\" content=\"summary_large_image\" \/>\n<meta name=\"twitter:label1\" content=\"Written by\" \/>\n\t<meta name=\"twitter:data1\" content=\"agnieszka\" \/>\n\t<meta name=\"twitter:label2\" content=\"Estimated reading time\" \/>\n\t<meta name=\"twitter:data2\" content=\"32 minutes\" \/>\n<script type=\"application\/ld+json\" class=\"yoast-schema-graph\">{\"@context\":\"https:\\\/\\\/schema.org\",\"@graph\":[{\"@type\":\"Article\",\"@id\":\"https:\\\/\\\/www.koronakarkonoszy.pl\\\/blog\\\/sala-weselna-w-gorach\\\/#article\",\"isPartOf\":{\"@id\":\"https:\\\/\\\/www.koronakarkonoszy.pl\\\/blog\\\/sala-weselna-w-gorach\\\/\"},\"author\":{\"name\":\"agnieszka\",\"@id\":\"https:\\\/\\\/www.koronakarkonoszy.pl\\\/blog\\\/#\\\/schema\\\/person\\\/ec8c88bd01ebe6cbf6a16435ce22276f\"},\"headline\":\"Perfekcyjna sala weselna w g\u00f3rach \u2013 jak j\u0105 wybra\u0107?\",\"datePublished\":\"2023-03-20T17:09:31+00:00\",\"dateModified\":\"2025-02-10T12:49:58+00:00\",\"mainEntityOfPage\":{\"@id\":\"https:\\\/\\\/www.koronakarkonoszy.pl\\\/blog\\\/sala-weselna-w-gorach\\\/\"},\"wordCount\":5673,\"image\":{\"@id\":\"https:\\\/\\\/www.koronakarkonoszy.pl\\\/blog\\\/sala-weselna-w-gorach\\\/#primaryimage\"},\"thumbnailUrl\":\"https:\\\/\\\/www.koronakarkonoszy.pl\\\/blog\\\/wp-content\\\/uploads\\\/2022\\\/02\\\/pexels-markus-spiske-129105.jpg\",\"articleSection\":[\"Porady\",\"Sala weselna\",\"Trendy\"],\"inLanguage\":\"en-GB\"},{\"@type\":\"WebPage\",\"@id\":\"https:\\\/\\\/www.koronakarkonoszy.pl\\\/blog\\\/sala-weselna-w-gorach\\\/\",\"url\":\"https:\\\/\\\/www.koronakarkonoszy.pl\\\/blog\\\/sala-weselna-w-gorach\\\/\",\"name\":\"Sala weselna w g\u00f3rach \u2013 romantyczne miejsce na \u015blub\",\"isPartOf\":{\"@id\":\"https:\\\/\\\/www.koronakarkonoszy.pl\\\/blog\\\/#website\"},\"primaryImageOfPage\":{\"@id\":\"https:\\\/\\\/www.koronakarkonoszy.pl\\\/blog\\\/sala-weselna-w-gorach\\\/#primaryimage\"},\"image\":{\"@id\":\"https:\\\/\\\/www.koronakarkonoszy.pl\\\/blog\\\/sala-weselna-w-gorach\\\/#primaryimage\"},\"thumbnailUrl\":\"https:\\\/\\\/www.koronakarkonoszy.pl\\\/blog\\\/wp-content\\\/uploads\\\/2022\\\/02\\\/pexels-markus-spiske-129105.jpg\",\"datePublished\":\"2023-03-20T17:09:31+00:00\",\"dateModified\":\"2025-02-10T12:49:58+00:00\",\"author\":{\"@id\":\"https:\\\/\\\/www.koronakarkonoszy.pl\\\/blog\\\/#\\\/schema\\\/person\\\/ec8c88bd01ebe6cbf6a16435ce22276f\"},\"description\":\"Sala weselna w g\u00f3rach to idealne t\u0142o dla niezapomnianego \u015blubu. Odkryj, jak wybra\u0107 miejsce, kt\u00f3re zachwyci go\u015bci i stworzy magiczn\u0105 atmosfer\u0119\",\"breadcrumb\":{\"@id\":\"https:\\\/\\\/www.koronakarkonoszy.pl\\\/blog\\\/sala-weselna-w-gorach\\\/#breadcrumb\"},\"inLanguage\":\"en-GB\",\"potentialAction\":[{\"@type\":\"ReadAction\",\"target\":[\"https:\\\/\\\/www.koronakarkonoszy.pl\\\/blog\\\/sala-weselna-w-gorach\\\/\"]}]},{\"@type\":\"ImageObject\",\"inLanguage\":\"en-GB\",\"@id\":\"https:\\\/\\\/www.koronakarkonoszy.pl\\\/blog\\\/sala-weselna-w-gorach\\\/#primaryimage\",\"url\":\"https:\\\/\\\/www.koronakarkonoszy.pl\\\/blog\\\/wp-content\\\/uploads\\\/2022\\\/02\\\/pexels-markus-spiske-129105.jpg\",\"contentUrl\":\"https:\\\/\\\/www.koronakarkonoszy.pl\\\/blog\\\/wp-content\\\/uploads\\\/2022\\\/02\\\/pexels-markus-spiske-129105.jpg\",\"width\":1280,\"height\":853},{\"@type\":\"BreadcrumbList\",\"@id\":\"https:\\\/\\\/www.koronakarkonoszy.pl\\\/blog\\\/sala-weselna-w-gorach\\\/#breadcrumb\",\"itemListElement\":[{\"@type\":\"ListItem\",\"position\":1,\"name\":\"Strona g\u0142\u00f3wna\",\"item\":\"https:\\\/\\\/www.koronakarkonoszy.pl\\\/blog\\\/\"},{\"@type\":\"ListItem\",\"position\":2,\"name\":\"Perfekcyjna sala weselna w g\u00f3rach \u2013 jak j\u0105 wybra\u0107?\"}]},{\"@type\":\"WebSite\",\"@id\":\"https:\\\/\\\/www.koronakarkonoszy.pl\\\/blog\\\/#website\",\"url\":\"https:\\\/\\\/www.koronakarkonoszy.pl\\\/blog\\\/\",\"name\":\":: Blog weselny\",\"description\":\"Blog weselny Dw\u00f3r Korona Karkonoszy\",\"potentialAction\":[{\"@type\":\"SearchAction\",\"target\":{\"@type\":\"EntryPoint\",\"urlTemplate\":\"https:\\\/\\\/www.koronakarkonoszy.pl\\\/blog\\\/?s={search_term_string}\"},\"query-input\":{\"@type\":\"PropertyValueSpecification\",\"valueRequired\":true,\"valueName\":\"search_term_string\"}}],\"inLanguage\":\"en-GB\"},{\"@type\":\"Person\",\"@id\":\"https:\\\/\\\/www.koronakarkonoszy.pl\\\/blog\\\/#\\\/schema\\\/person\\\/ec8c88bd01ebe6cbf6a16435ce22276f\",\"name\":\"agnieszka\",\"image\":{\"@type\":\"ImageObject\",\"inLanguage\":\"en-GB\",\"@id\":\"https:\\\/\\\/www.koronakarkonoszy.pl\\\/blog\\\/wp-content\\\/litespeed\\\/avatar\\\/53ee7b676463f74d0aea1a09de3d003b.jpg?ver=1777438794\",\"url\":\"https:\\\/\\\/www.koronakarkonoszy.pl\\\/blog\\\/wp-content\\\/litespeed\\\/avatar\\\/53ee7b676463f74d0aea1a09de3d003b.jpg?ver=1777438794\",\"contentUrl\":\"https:\\\/\\\/www.koronakarkonoszy.pl\\\/blog\\\/wp-content\\\/litespeed\\\/avatar\\\/53ee7b676463f74d0aea1a09de3d003b.jpg?ver=1777438794\",\"caption\":\"agnieszka\"},\"url\":\"https:\\\/\\\/www.koronakarkonoszy.pl\\\/blog\\\/en\\\/author\\\/agnieszka\\\/\"}]}<\/script>\n<!-- \/ Yoast SEO plugin. -->","yoast_head_json":{"title":"Wedding hall in the mountains - a romantic place to get married","description":"A wedding hall in the mountains is the perfect backdrop for an unforgettable wedding. Discover how to choose a venue that will delight your guests and create a magical atmosphere","robots":{"index":"index","follow":"follow","max-snippet":"max-snippet:-1","max-image-preview":"max-image-preview:large","max-video-preview":"max-video-preview:-1"},"canonical":"https:\/\/www.koronakarkonoszy.pl\/blog\/en\/wedding-hall-in-the-mountains-2\/","og_locale":"en_GB","og_type":"article","og_title":"Sala weselna w g\u00f3rach \u2013 romantyczne miejsce na \u015blub","og_description":"Sala weselna w g\u00f3rach to idealne t\u0142o dla niezapomnianego \u015blubu. Odkryj, jak wybra\u0107 miejsce, kt\u00f3re zachwyci go\u015bci i stworzy magiczn\u0105 atmosfer\u0119","og_url":"https:\/\/www.koronakarkonoszy.pl\/blog\/en\/wedding-hall-in-the-mountains-2\/","og_site_name":":: Blog weselny","article_published_time":"2023-03-20T17:09:31+00:00","article_modified_time":"2025-02-10T12:49:58+00:00","og_image":[{"width":1280,"height":853,"url":"https:\/\/www.koronakarkonoszy.pl\/blog\/wp-content\/uploads\/2022\/02\/pexels-markus-spiske-129105.jpg","type":"image\/jpeg"}],"author":"agnieszka","twitter_card":"summary_large_image","twitter_misc":{"Written by":"agnieszka","Estimated reading time":"32 minutes"},"schema":{"@context":"https:\/\/schema.org","@graph":[{"@type":"Article","@id":"https:\/\/www.koronakarkonoszy.pl\/blog\/sala-weselna-w-gorach\/#article","isPartOf":{"@id":"https:\/\/www.koronakarkonoszy.pl\/blog\/sala-weselna-w-gorach\/"},"author":{"name":"agnieszka","@id":"https:\/\/www.koronakarkonoszy.pl\/blog\/#\/schema\/person\/ec8c88bd01ebe6cbf6a16435ce22276f"},"headline":"Perfekcyjna sala weselna w g\u00f3rach \u2013 jak j\u0105 wybra\u0107?","datePublished":"2023-03-20T17:09:31+00:00","dateModified":"2025-02-10T12:49:58+00:00","mainEntityOfPage":{"@id":"https:\/\/www.koronakarkonoszy.pl\/blog\/sala-weselna-w-gorach\/"},"wordCount":5673,"image":{"@id":"https:\/\/www.koronakarkonoszy.pl\/blog\/sala-weselna-w-gorach\/#primaryimage"},"thumbnailUrl":"https:\/\/www.koronakarkonoszy.pl\/blog\/wp-content\/uploads\/2022\/02\/pexels-markus-spiske-129105.jpg","articleSection":["Porady","Sala weselna","Trendy"],"inLanguage":"en-GB"},{"@type":"WebPage","@id":"https:\/\/www.koronakarkonoszy.pl\/blog\/sala-weselna-w-gorach\/","url":"https:\/\/www.koronakarkonoszy.pl\/blog\/sala-weselna-w-gorach\/","name":"Wedding hall in the mountains - a romantic place to get married","isPartOf":{"@id":"https:\/\/www.koronakarkonoszy.pl\/blog\/#website"},"primaryImageOfPage":{"@id":"https:\/\/www.koronakarkonoszy.pl\/blog\/sala-weselna-w-gorach\/#primaryimage"},"image":{"@id":"https:\/\/www.koronakarkonoszy.pl\/blog\/sala-weselna-w-gorach\/#primaryimage"},"thumbnailUrl":"https:\/\/www.koronakarkonoszy.pl\/blog\/wp-content\/uploads\/2022\/02\/pexels-markus-spiske-129105.jpg","datePublished":"2023-03-20T17:09:31+00:00","dateModified":"2025-02-10T12:49:58+00:00","author":{"@id":"https:\/\/www.koronakarkonoszy.pl\/blog\/#\/schema\/person\/ec8c88bd01ebe6cbf6a16435ce22276f"},"description":"A wedding hall in the mountains is the perfect backdrop for an unforgettable wedding. Discover how to choose a venue that will delight your guests and create a magical atmosphere","breadcrumb":{"@id":"https:\/\/www.koronakarkonoszy.pl\/blog\/sala-weselna-w-gorach\/#breadcrumb"},"inLanguage":"en-GB","potentialAction":[{"@type":"ReadAction","target":["https:\/\/www.koronakarkonoszy.pl\/blog\/sala-weselna-w-gorach\/"]}]},{"@type":"ImageObject","inLanguage":"en-GB","@id":"https:\/\/www.koronakarkonoszy.pl\/blog\/sala-weselna-w-gorach\/#primaryimage","url":"https:\/\/www.koronakarkonoszy.pl\/blog\/wp-content\/uploads\/2022\/02\/pexels-markus-spiske-129105.jpg","contentUrl":"https:\/\/www.koronakarkonoszy.pl\/blog\/wp-content\/uploads\/2022\/02\/pexels-markus-spiske-129105.jpg","width":1280,"height":853},{"@type":"BreadcrumbList","@id":"https:\/\/www.koronakarkonoszy.pl\/blog\/sala-weselna-w-gorach\/#breadcrumb","itemListElement":[{"@type":"ListItem","position":1,"name":"Strona g\u0142\u00f3wna","item":"https:\/\/www.koronakarkonoszy.pl\/blog\/"},{"@type":"ListItem","position":2,"name":"Perfekcyjna sala weselna w g\u00f3rach \u2013 jak j\u0105 wybra\u0107?"}]},{"@type":"WebSite","@id":"https:\/\/www.koronakarkonoszy.pl\/blog\/#website","url":"https:\/\/www.koronakarkonoszy.pl\/blog\/","name":":: Wedding blog","description":"Wedding blog Dw\u00f3r Korona Karkonosze","potentialAction":[{"@type":"SearchAction","target":{"@type":"EntryPoint","urlTemplate":"https:\/\/www.koronakarkonoszy.pl\/blog\/?s={search_term_string}"},"query-input":{"@type":"PropertyValueSpecification","valueRequired":true,"valueName":"search_term_string"}}],"inLanguage":"en-GB"},{"@type":"Person","@id":"https:\/\/www.koronakarkonoszy.pl\/blog\/#\/schema\/person\/ec8c88bd01ebe6cbf6a16435ce22276f","name":"Agnes","image":{"@type":"ImageObject","inLanguage":"en-GB","@id":"https:\/\/www.koronakarkonoszy.pl\/blog\/wp-content\/litespeed\/avatar\/53ee7b676463f74d0aea1a09de3d003b.jpg?ver=1777438794","url":"https:\/\/www.koronakarkonoszy.pl\/blog\/wp-content\/litespeed\/avatar\/53ee7b676463f74d0aea1a09de3d003b.jpg?ver=1777438794","contentUrl":"https:\/\/www.koronakarkonoszy.pl\/blog\/wp-content\/litespeed\/avatar\/53ee7b676463f74d0aea1a09de3d003b.jpg?ver=1777438794","caption":"agnieszka"},"url":"https:\/\/www.koronakarkonoszy.pl\/blog\/en\/author\/agnieszka\/"}]}},"_links":{"self":[{"href":"https:\/\/www.koronakarkonoszy.pl\/blog\/en\/wp-json\/wp\/v2\/posts\/2840","targetHints":{"allow":["GET"]}}],"collection":[{"href":"https:\/\/www.koronakarkonoszy.pl\/blog\/en\/wp-json\/wp\/v2\/posts"}],"about":[{"href":"https:\/\/www.koronakarkonoszy.pl\/blog\/en\/wp-json\/wp\/v2\/types\/post"}],"author":[{"embeddable":true,"href":"https:\/\/www.koronakarkonoszy.pl\/blog\/en\/wp-json\/wp\/v2\/users\/11"}],"replies":[{"embeddable":true,"href":"https:\/\/www.koronakarkonoszy.pl\/blog\/en\/wp-json\/wp\/v2\/comments?post=2840"}],"version-history":[{"count":5,"href":"https:\/\/www.koronakarkonoszy.pl\/blog\/en\/wp-json\/wp\/v2\/posts\/2840\/revisions"}],"predecessor-version":[{"id":11691,"href":"https:\/\/www.koronakarkonoszy.pl\/blog\/en\/wp-json\/wp\/v2\/posts\/2840\/revisions\/11691"}],"wp:featuredmedia":[{"embeddable":true,"href":"https:\/\/www.koronakarkonoszy.pl\/blog\/en\/wp-json\/wp\/v2\/media\/2988"}],"wp:attachment":[{"href":"https:\/\/www.koronakarkonoszy.pl\/blog\/en\/wp-json\/wp\/v2\/media?parent=2840"}],"wp:term":[{"taxonomy":"category","embeddable":true,"href":"https:\/\/www.koronakarkonoszy.pl\/blog\/en\/wp-json\/wp\/v2\/categories?post=2840"}],"curies":[{"name":"wp","href":"https:\/\/api.w.org\/{rel}","templated":true}]}}