{"id":2806,"date":"2024-07-12T19:42:00","date_gmt":"2024-07-12T17:42:00","guid":{"rendered":"https:\/\/www.koronakarkonoszy.pl\/blog\/?p=2806"},"modified":"2025-05-23T13:59:39","modified_gmt":"2025-05-23T11:59:39","slug":"intimate-wedding-in-the-mountains-2","status":"publish","type":"post","link":"https:\/\/www.koronakarkonoszy.pl\/blog\/en\/kameralny-slub-w-gorach\/","title":{"rendered":"An intimate wedding in the mountains - a magical ceremony"},"content":{"rendered":"\n<p>W czasach m\u0142odo\u015bci naszych dziadk\u00f3w czy rodzic\u00f3w nie wyobra\u017cano sobie \u015blubu w innym miejscu ni\u017c parafia Panny M\u0142odej. Wesela za\u015b musia\u0142y by\u0107 huczne, a cichy \u015blub cywilny by\u0142 wr\u0119cz niespotykany. Najcz\u0119\u015bciej organizowano je w remizach, miejscowych \u015bwietlicach czy w domach. Skromny, <a href=\"https:\/\/www.koronakarkonoszy.pl\/blog\/kameralny-slub-w-gorach\/\" class=\"links-placer\">kameralny \u015blub<\/a> w g\u00f3rach czy w og\u00f3le uroczysto\u015b\u0107 w gronie najbli\u017cszej rodziny, by\u0142y rzadko\u015bci\u0105. <\/p>\n\n\n\n<h3 class=\"wp-block-heading\" id=\"ha-czego-sie-dowiesz-z-artykulu\">Czego si\u0119 dowiesz z artyku\u0142u?<\/h3>\n\n\n\n<p>Marzycie o romantycznym, cichym \u015blubie tylko we dwoje? A mo\u017ce po prostu chcecie unikn\u0105\u0107 zb\u0119dnego zgie\u0142ku i skupi\u0107 si\u0119 na intymno\u015bci chwili? G\u00f3rski klimat stanowi idealne t\u0142o dla \u015blubnej aury, oferuj\u0105c niesamowite widoki, \u015bwie\u017ce powietrze i niezapomniane wra\u017cenia. Ale dlaczego warto zaplanowa\u0107 kameralny \u015blub w g\u00f3rach? Czy skromne, <a href=\"https:\/\/www.koronakarkonoszy.pl\/blog\/jak-zorganizowac-przyjecie-weselne-na-30-osob\/\" class=\"links-placer\">ma\u0142e wesele<\/a> mo\u017ce by\u0107 r\u00f3wnie wyj\u0105tkowe jak wielka uroczysto\u015b\u0107?<\/p>\n\n\n\n<p>W tym wpisie podpowiemy, gdzie wzi\u0105\u0107 romantyczny \u015blub, jak zorganizowa\u0107 przyj\u0119cie w ogrodzie, i jakie motywy przewodnie b\u0119d\u0105 idealne na kameralny \u015blub w g\u00f3rach. Dodatkowo, dowiesz si\u0119, jak znale\u017a\u0107 odpowiednie miejsce na nocleg, aby Wasza magiczna ceremonia by\u0142a idealna w ka\u017cdym calu.<\/p>\n\n\n<div id=\"ariadna-block_8f779545aa4506aea4b3bc71d73061b0\" class=\"ariadna\">\r\n    <ul><li><a href=\"#ha-gdzie-wziac-romantyczny-cichy-slub-we-dwoje\">Gdzie wzi\u0105\u0107 romantyczny, cichy \u015blub we dwoje?<\/a><\/li><li><a href=\"#ha-gorski-klimat-ktory-idealnie-wpisuje-sie-w-slubna-aure\">G\u00f3rski klimat, kt\u00f3ry idealnie wpisuje si\u0119 w \u015blubn\u0105 aur\u0119<\/a><\/li><li><a href=\"#h-dlaczego-warto-zaplanowac-kameralny-slub-w-gorach\">Dlaczego warto zaplanowa\u0107 kameralny \u015blub w g\u00f3rach?<\/a><\/li><li><a href=\"#ha-co-znaczy-kameralny-slub\">Co znaczy kameralny \u015blub?<\/a><\/li><li><a href=\"#h-zaplanuj-slub-kameralnie-czyli-skromnie\">Zaplanuj \u015blub kameralnie czyli\u2026 skromnie?<\/a><\/li><li><a href=\"#ha-maly-slub-plusy-kameralnego-slubu-w-gorach\">Ma\u0142y \u015blub &#8211; plusy kameralnego \u015blubu w g\u00f3rach<\/a><\/li><li><a href=\"#h-male-wesele-przyjecie-w-ogrodzie\">Ma\u0142e wesele &#8211; przyj\u0119cie w ogrodzie<\/a><\/li><li><a href=\"#ha-o-czym-nalezy-pamietac-organizujac-kameralny-slub-w-gorach\">O czym nale\u017cy pami\u0119ta\u0107 organizuj\u0105c kameralny \u015blub w g\u00f3rach?&nbsp;&nbsp;<\/a><\/li><li><a href=\"#ha-najlepsze-pory-roku-na-kameralny-slub\">Najlepsze pory roku na kameralny \u015blub<\/a><\/li><li><a href=\"#ha-jak-przygotowac-sie-do-kameralnego-slubu-cywilnego-w-gorach\">Jak przygotowa\u0107 si\u0119 do kameralnego \u015blubu cywilnego w g\u00f3rach?<\/a><\/li><li><a href=\"#ha-jak-zadbac-o-komfort-gosci-podczas-kameralnego-slubu-koscielnego\">Jak zadba\u0107 o komfort go\u015bci podczas kameralnego \u015blubu ko\u015bcielnego?<\/a><\/li><li><a href=\"#h-motyw-przewodni-na-kameralny-slub-w-gorach\">Motyw przewodni na kameralny \u015blub w g\u00f3rach<\/a><\/li><li><a href=\"#ha-neofolk-naturalny-styl-kameralnego-slubu-w-gorach\">Neofolk \u2013 naturalny styl kameralnego \u015blubu w g\u00f3rach<\/a><\/li><li><a href=\"#h-kameralny-lub-w-g-rach-nocleg\">Kameralny \u015blub w g\u00f3rach &#8211; nocleg: jak znale\u017a\u0107 miejsce?<\/a><\/li><li><a href=\"#ha-slub-w-gorach-jaka-pore-roku-wybrac-na-ten-dzien\">\u015alub w g\u00f3rach \u2013 jak\u0105 por\u0119 roku wybra\u0107 na ten dzie\u0144?<\/a><\/li><li><a href=\"#ha-przyjecie-na-swiezym-powietrzu-slub-i-wesele\">Przyj\u0119cie na \u015bwie\u017cym powietrzu &#8211; \u015blub i wesele<\/a><\/li><li><a href=\"#ha-ile-kosztuje-slub-kameralny-w-gorach-karkonosze\">Ile kosztuje \u015blub kameralny w g\u00f3rach \u2013 Karkonosze<\/a><\/li><li><a href=\"#ha-slub-zakopane-maly-kosciolek-czy-slub-w-plenerze\">\u015alub Zakopane, ma\u0142y ko\u015bci\u00f3\u0142ek czy \u015blub w plenerze?<\/a><\/li><\/ul>\r\n<\/div>\r\n\r\n\r\n\r\n\n\n\n<h2 class=\"wp-block-heading\" id=\"ha-gdzie-wziac-romantyczny-cichy-slub-we-dwoje\">Gdzie wzi\u0105\u0107 romantyczny, cichy \u015blub we dwoje?<\/h2>\n\n\n\n<p>Dzi\u015b narzeczeni chc\u0105 czego\u015b wi\u0119cej ni\u017c tradycyjna uroczysto\u015b\u0107 \u015blubna. Ch\u0119tnie poszukuj\u0105 nietypowych miejsc na \u015blub i wesele, planuj\u0105 ceremonie wyjazdowe i \u015bwi\u0119tuj\u0105 w mniejszym gronie. Cichy \u015blub cywilny nie jest ju\u017c rzadko\u015bci\u0105. Organizuj\u0105c \u015blub cywilny miejsce mo\u017ce by\u0107 dowolne, mile widzimy b\u0119dzie zar\u00f3wno \u015blub na le\u015bnej polanie, jak i ma\u0142y \u015blub w miejscu takim jak Rezydencja Guba\u0142\u00f3wka, Hotel Belvedere czy Hotel Kopieniec, \u015blub w plenerze Zakopane r\u00f3wnie\u017c wchodzi w gr\u0119. <\/p>\n\n\n\n<p>Doskona\u0142ym rozwi\u0105zaniem dla par, kt\u00f3re marz\u0105 o niesamowitej, magicznej uroczysto\u015bci z najbli\u017cszymi jest kameralny \u015blub w g\u00f3rach. Dlaczego? O czym pami\u0119ta\u0107, organizuj\u0105c wyjazdowy \u015blub? Przede wszystkim nale\u017cy pami\u0119ta\u0107 organizuj\u0105c \u015blub wyjazdowy, \u017ce do wyboru mamy klimatyczne ko\u015bci\u00f3\u0142ki, jak i \u015blub w urz\u0119dzie stanu cywilnego. Zorganizowa\u0107 \u015blub cywilny mo\u017cemy sami, albo skorzysta\u0107 z pomocy profesjonalist\u00f3w. <a href=\"https:\/\/www.koronakarkonoszy.pl\/blog\/organizacja-wesel\/\" class=\"links-placer\">Organizacja \u015blubu<\/a> w g\u00f3rach niczym nie r\u00f3\u017cni si\u0119 od organizacji tego wyj\u0105tkowego wydarzenia w innym miejscu. Efekt za to jest powalaj\u0105cy, ze wzgl\u0119du na sceneri\u0119.<\/p>\n\n\n\n<h2 class=\"wp-block-heading\" id=\"ha-gorski-klimat-ktory-idealnie-wpisuje-sie-w-slubna-aure\">G\u00f3rski klimat, kt\u00f3ry idealnie wpisuje si\u0119 w \u015blubn\u0105 aur\u0119<\/h2>\n\n\n\n<p>Polskie g\u00f3ry maj\u0105 w sobie co\u015b wyj\u0105tkowego \u2013 czy to Karkonosze, czy g\u00f3ry Beskidy \u2013 dlatego organizacja \u015blubu w g\u00f3rach staje si\u0119 coraz popularniejsza. Rozleg\u0142e pasma g\u00f3rskie, z kt\u00f3rych rozci\u0105ga si\u0119 bajeczna panorama na malownicze doliny i inne niesamowite widoki to co\u015b, co przyci\u0105ga turyst\u00f3w z najbardziej odleg\u0142ych zak\u0105tk\u00f3w kraju, a nawet zza jego granic. Region g\u00f3rski to gratka dla mi\u0142o\u015bnik\u00f3w natury, os\u00f3b wra\u017cliwych na pi\u0119kno, tych, kt\u00f3rzy ceni\u0105 sobie odpoczynek z dala od miejskiego zgie\u0142ku, w otoczeniu wspania\u0142ej, bujnej przyrody. G\u00f3rska atmosfera odstresowuje, dodaje pozytywnej energii i wprawia w wy\u015bmienity nastr\u00f3j.&nbsp;Jest to te\u017c idealne t\u0142o na \u015blub cywilny plenerowy.<\/p>\n\n\n\n<figure class=\"wp-block-image size-large\"><a href=\"https:\/\/www.koronakarkonoszy.pl\/wesele\/\" target=\"_blank\" rel=\"noreferrer noopener\"><img loading=\"lazy\" decoding=\"async\" width=\"1024\" height=\"512\" src=\"https:\/\/www.koronakarkonoszy.pl\/blog\/wp-content\/uploads\/2022\/01\/piekne_wesela_DKK-1024x512.jpg\" alt=\"\" class=\"wp-image-4011\" srcset=\"https:\/\/www.koronakarkonoszy.pl\/blog\/wp-content\/uploads\/2022\/01\/piekne_wesela_DKK-1024x512.jpg 1024w, https:\/\/www.koronakarkonoszy.pl\/blog\/wp-content\/uploads\/2022\/01\/piekne_wesela_DKK-300x150.jpg 300w, https:\/\/www.koronakarkonoszy.pl\/blog\/wp-content\/uploads\/2022\/01\/piekne_wesela_DKK-768x384.jpg 768w, https:\/\/www.koronakarkonoszy.pl\/blog\/wp-content\/uploads\/2022\/01\/piekne_wesela_DKK.jpg 1200w\" sizes=\"auto, (max-width: 1024px) 100vw, 1024px\" \/><\/a><\/figure>\n\n\n\n<p>G\u00f3rskie widoki zachwycaj\u0105 wszystkich. Wyj\u0105tkowa aura, jaka panuje w polskich g\u00f3rach, jest kwintesencj\u0105 romantyczno\u015bci. Nic wi\u0119c dziwnego, \u017ce plenerowe \u015bluby s\u0105 tak popularne. G\u00f3ry to doskona\u0142e miejsce na to, by wypowiedzie\u0107 najwa\u017cniejsze \u201etak\u201d w \u017cyciu, \u015bwi\u0119towa\u0107 mi\u0142o\u015b\u0107 i oficjalnie rozpocz\u0105\u0107 nowy, wsp\u00f3lny rozdzia\u0142 historii.&nbsp;Organizacja \u015blubu w g\u00f3rach to tak\u017ce spe\u0142nienie marze\u0144 o wyj\u0105tkowej uroczysto\u015bci.<\/p>\n\n\n\n<figure class=\"wp-block-image size-large\"><img loading=\"lazy\" decoding=\"async\" width=\"1024\" height=\"683\" src=\"https:\/\/www.koronakarkonoszy.pl\/blog\/wp-content\/uploads\/2022\/05\/slub-Jelenia-Gora-1024x683.jpg\" alt=\"\u015blub Jelenia G\u00f3ra - panorama\" class=\"wp-image-3861\" srcset=\"https:\/\/www.koronakarkonoszy.pl\/blog\/wp-content\/uploads\/2022\/05\/slub-Jelenia-Gora-1024x683.jpg 1024w, https:\/\/www.koronakarkonoszy.pl\/blog\/wp-content\/uploads\/2022\/05\/slub-Jelenia-Gora-300x200.jpg 300w, https:\/\/www.koronakarkonoszy.pl\/blog\/wp-content\/uploads\/2022\/05\/slub-Jelenia-Gora-768x512.jpg 768w, https:\/\/www.koronakarkonoszy.pl\/blog\/wp-content\/uploads\/2022\/05\/slub-Jelenia-Gora-1536x1024.jpg 1536w, https:\/\/www.koronakarkonoszy.pl\/blog\/wp-content\/uploads\/2022\/05\/slub-Jelenia-Gora.jpg 1920w\" sizes=\"auto, (max-width: 1024px) 100vw, 1024px\" \/><figcaption class=\"wp-element-caption\"><strong>Karkonosze &#8211; miejsce na wesele <\/strong><\/figcaption><\/figure>\n\n\n\n<p>Je\u015bli marzycie o niesamowitej ceremonii w bajecznej atmosferze, wybierzcie malownicze Karkonosze, cho\u0107 wesele w Tatrach r\u00f3wnie\u017c mo\u017ce si\u0119 wydawa\u0107 zachwycaj\u0105ce. Karkonoski Park Narodowy, zapieraj\u0105ce dech w piersiach Wodospady Szklarki i Kamie\u0144czyka, \u201emagiczna g\u00f3rka\u201d, liczne doliny, wartkie potoki i przede wszystkim szczyty o urozmaiconej rze\u017abie z ponad 1600-metrow\u0105 \u015anie\u017ck\u0105 na czele. Czy mo\u017ce by\u0107 pi\u0119kniejsze miejsce ceremonii \u015blubnej? Karkonosze to pi\u0119kny region, zachwycaj\u0105cy bogactwem niesamowitych pomnik\u00f3w przyrody i innych naturalnych atrakcji. Kameralny \u015blub w g\u00f3rach karkonoskich to gwarancja niepowtarzalnych emocji. Tylko tak w\u0142a\u015bciwie \u2013 dlaczego kameralny? Sk\u0105d wzi\u0105\u0142 si\u0119 fenomen \u015bwi\u0119towania za\u015blubin w gronie najbli\u017cszych?<\/p>\n\n\n<section id=\"leonardo-block_4861591d890beef2f08c1d6b58752e3b\" class=\"leonardo page-breaker leonardo-image-left\">\r\n    <div class=\"leonardo-body\">\r\n        <h2 class=\"leonardo-title\" id=\"h-dlaczego-warto-zaplanowac-kameralny-slub-w-gorach\">Dlaczego warto zaplanowa\u0107 kameralny \u015blub w g\u00f3rach?<\/h2>        <div class=\"leonardo-content\"><p data-pm-slice=\"1 1 []\">Kameralne przyj\u0119cie warto zorganizowa\u0107 w\u0142a\u015bnie w g\u00f3rach. Mmiejsce ceremonii odgrywa du\u017ce znaczenie. To propozycja nie tylko dla par, kt\u00f3re tam si\u0119 pozna\u0142y. Albo maj\u0105, na przyk\u0142ad w Karkonoszach, jakie\u015b ulubione miejsce, do kt\u00f3rego regularnie wracaj\u0105. Warto wzi\u0105\u0107 tam \u015blub bez wzgl\u0119du na dotychczasow\u0105 histori\u0119!<\/p>\n<p><strong>Kameralne \u015bluby<\/strong> s\u0105 niesamowite, ale dlaczego cichy \u015blub to dobry pomys\u0142? Wyjazdowa ceremonia, gdzie\u015b po\u015br\u00f3d malowniczych okoliczno\u015bci przyrody, w gronie najbli\u017cszych, to szansa na to, by prze\u017cywa\u0107 rozpocz\u0119cie nowego etapu w zwi\u0105zku w intymny spos\u00f3b. Taka uroczysto\u015b\u0107 mo\u017ce by\u0107 nawet bardziej wzruszaj\u0105ca i magiczna ni\u017c huczny \u015blub, w kt\u00f3rym uczestniczy 150 czy 200 os\u00f3b. Niewielka uroczysto\u015b\u0107, po kt\u00f3rej nast\u0105pi kameralne przyj\u0119cie, to spos\u00f3b na to, by prze\u017cywa\u0107 wszystko mocniej i intensywniej.<\/p>\n<p>Nie mo\u017cna r\u00f3wnie\u017c zapomnie\u0107 o komforcie, jaki stwarza takie wydarzenie, jak ma\u0142y \u015blub. Podczas kameralnego przyj\u0119cia bez problemu porozmawiacie z ka\u017cdym go\u015bciem. Weselnicy b\u0119d\u0105 czu\u0107 si\u0119 swobodniej i szybciej nawi\u0105\u017c\u0105 kontakt ze sob\u0105 nawzajem.<\/p>\n<\/div>\r\n                    <aside class=\"leonardo-interlink\">\r\n                <b>Polecamy<\/b>\r\n                <a href=\"https:\/\/www.koronakarkonoszy.pl\/blog\/en\/jak-wybrac-miejsce-na-wesele\/\">Jak wybra\u0107 miejsce na wesele?<\/a>\r\n            <\/aside>\r\n            <\/div>\r\n    <div class=\"leonardo-image\">\r\n        <img loading=\"lazy\" decoding=\"async\" width=\"1920\" height=\"1280\" src=\"https:\/\/www.koronakarkonoszy.pl\/blog\/wp-content\/uploads\/2022\/02\/jeremy-wong-weddings-K41SGnGKxVk-unsplash.jpg\" class=\"attachment-full size-full\" alt=\"\" srcset=\"https:\/\/www.koronakarkonoszy.pl\/blog\/wp-content\/uploads\/2022\/02\/jeremy-wong-weddings-K41SGnGKxVk-unsplash.jpg 1920w, https:\/\/www.koronakarkonoszy.pl\/blog\/wp-content\/uploads\/2022\/02\/jeremy-wong-weddings-K41SGnGKxVk-unsplash-300x200.jpg 300w, https:\/\/www.koronakarkonoszy.pl\/blog\/wp-content\/uploads\/2022\/02\/jeremy-wong-weddings-K41SGnGKxVk-unsplash-1024x683.jpg 1024w, https:\/\/www.koronakarkonoszy.pl\/blog\/wp-content\/uploads\/2022\/02\/jeremy-wong-weddings-K41SGnGKxVk-unsplash-768x512.jpg 768w, https:\/\/www.koronakarkonoszy.pl\/blog\/wp-content\/uploads\/2022\/02\/jeremy-wong-weddings-K41SGnGKxVk-unsplash-1536x1024.jpg 1536w\" sizes=\"auto, (max-width: 1920px) 100vw, 1920px\" \/>            <\/div>\r\n<\/section>\n\n\n<h2 class=\"wp-block-heading\" id=\"ha-co-znaczy-kameralny-slub\">Co znaczy kameralny \u015blub?<\/h2>\n\n\n\n<p>\u015alub kameralny &#8211; czyli na ile os\u00f3b w\u0142a\u015bciwie? To poj\u0119cie tak nieostre, \u017ce trudno da\u0107 jednoznaczn\u0105 odpowied\u017a. Ile os\u00f3b zaprosi\u0107 na kameralny \u015blub w g\u00f3rach? Dla jednych kameralne przyj\u0119cie to impreza na 20, g\u00f3ra 30 os\u00f3b. Maj\u0105 niezbyt du\u017ce rodziny, albo nie utrzymuj\u0105 kontakt\u00f3w z dalszymi krewnymi. Na sw\u00f3j \u015blub planuj\u0105 zaprosi\u0107 tylko rodzic\u00f3w, rodze\u0144stwo i najbli\u017cszych przyjaci\u00f3\u0142.<\/p>\n\n\n\n<p>Inni z kolei nie wyobra\u017caj\u0105 sobie \u015bwi\u0119towania tego najwa\u017cniejszego dnia w swoim \u017cyciu bez ca\u0142ej gromady bli\u017cszych i dalszych krewnych, pociotk\u00f3w, przyjaci\u00f3\u0142 jeszcze z przedszkola, i ulubionego barbera. W takim przypadku trudno b\u0119dzie zej\u015b\u0107 poni\u017cej 80 go\u015bci. Wida\u0107 wi\u0119c, \u017ce poj\u0119cie \u201ekameralne przyj\u0119cie\u201d mo\u017ce by\u0107 bardzo r\u00f3\u017cnie interpretowane\u2026Warto przy tym pami\u0119ta\u0107, \u017ce potajemny \u015blub to zupe\u0142nie inna sprawa. Wtedy potrzebni s\u0105 jedynie \u015bwiadkowie, czyli bardzo kameralne grono.<\/p>\n\n\n<section id=\"leonardo-block_bcecde78bedfd99a91053f6d7dcde995\" class=\"leonardo page-breaker leonardo-image-right\">\r\n    <div class=\"leonardo-body\">\r\n        <h2 class=\"leonardo-title\" id=\"h-zaplanuj-slub-kameralnie-czyli-skromnie\">Zaplanuj \u015blub kameralnie czyli\u2026 skromnie?<\/h2>        <div class=\"leonardo-content\"><p><!-- wp:heading --><\/p>\n<p data-pm-slice=\"1 1 []\">Kameralne uroczysto\u015bci maj\u0105 r\u00f3\u017cne oblicza. Czy kameralny \u015blub oznacza skromny \u015blub? A mo\u017ce wcale niekoniecznie? Pierwsze skojarzenie ze s\u0142owem kameralny to skromny, cichy, oszcz\u0119dny. Bez pompy i bez rozg\u0142osu. I jeszcze gorzej: nieznaczny i niezauwa\u017calny! Wr\u0119cz znikomy. Czyli \u2013 \u017caden! To synonimy poj\u0119cia \u201ekameralny\u201d. Ale w\u0142a\u015bciwie dlaczego \u015blub kameralny mia\u0142by by\u0107 w\u0142a\u015bnie taki? Nawet je\u015bli urz\u0105dzamy kameralny \u015blub, z pewno\u015bci\u0105 nie chcemy, by przeszed\u0142 niezauwa\u017cony, by by\u0142 \u015blubem \u201enik\u0142ym\u201d i \u201eograniczonym\u201d.<\/p>\n<p><!-- \/wp:paragraph --> <!-- wp:paragraph --><\/p>\n<p>Bo przecie\u017c je\u015bli my\u015blimy o kameralno\u015bci w pierwszej wersji (maksymalnie 20, no mo\u017ce <a href=\"https:\/\/www.koronakarkonoszy.pl\/blog\/jak-zorganizowac-przyjecie-weselne-na-30-osob\/\" target=\"_blank\" rel=\"noreferrer noopener\">przyj\u0119cie na 30 os\u00f3b<\/a>), nasz<strong> kameralny \u015blub w g\u00f3rach<\/strong> <strong>mo\u017ce by\u0107 urz\u0105dzony wr\u0119cz<\/strong> <strong>z rozmachem<\/strong>! Mniejsza liczba go\u015bci oznacza przecie\u017c mniejsze wydatki. Najpierw na tak zwany talerzyk, nast\u0119pnie na ewentualne noclegi, dalej na r\u00f3\u017cne atrakcje dla go\u015bci. Tym bardziej wi\u0119c warto urz\u0105dzi\u0107 go tak, jak naprawd\u0119 by\u015bmy chcieli. Nie i\u015b\u0107 na kompromisy, tylko spe\u0142ni\u0107 swoje marzenia.<\/p>\n<p><!-- \/wp:paragraph --><\/p>\n<\/div>\r\n            <\/div>\r\n    <div class=\"leonardo-image\">\r\n        <img loading=\"lazy\" decoding=\"async\" width=\"1280\" height=\"854\" src=\"https:\/\/www.koronakarkonoszy.pl\/blog\/wp-content\/uploads\/2022\/03\/couple-7046755_1280.jpg\" class=\"attachment-full size-full\" alt=\"sesja po\u015blubna: para m\u0142oda\" srcset=\"https:\/\/www.koronakarkonoszy.pl\/blog\/wp-content\/uploads\/2022\/03\/couple-7046755_1280.jpg 1280w, https:\/\/www.koronakarkonoszy.pl\/blog\/wp-content\/uploads\/2022\/03\/couple-7046755_1280-300x200.jpg 300w, https:\/\/www.koronakarkonoszy.pl\/blog\/wp-content\/uploads\/2022\/03\/couple-7046755_1280-1024x683.jpg 1024w, https:\/\/www.koronakarkonoszy.pl\/blog\/wp-content\/uploads\/2022\/03\/couple-7046755_1280-768x512.jpg 768w\" sizes=\"auto, (max-width: 1280px) 100vw, 1280px\" \/>            <\/div>\r\n<\/section>\n\n\n<h2 class=\"wp-block-heading\" id=\"ha-maly-slub-plusy-kameralnego-slubu-w-gorach\">Ma\u0142y \u015blub &#8211; plusy kameralnego \u015blubu w g\u00f3rach<\/h2>\n\n\n\n<p>Dlaczego \u015blub kameralny, a nie wielki i huczny? Przede wszystkim &#8211; nie wszyscy lubi\u0105 t\u0142ok i t\u0142umy. A na przyj\u0119ciu na 100 czy 150 os\u00f3b si\u0142\u0105 rzeczy trudno o intymno\u015b\u0107 czy prywatno\u015b\u0107. Niewielkie przyj\u0119cie mo\u017ce by\u0107 bardziej klimatyczne i \u0142atwiej dopasowa\u0107 je do naszych oczekiwa\u0144. Nie ka\u017cdy lubi ta\u0144ce do bia\u0142ego rana w gronie cz\u0119\u015bciowo obcych, nie oszukujmy si\u0119, os\u00f3b. Nie ka\u017cdy ma ambicje aktorskie \u2013 a na du\u017cym weselu Pa\u0144stwo M\u0142odzi poniek\u0105d musz\u0105 odegra\u0107 swoje role. Post\u0119powa\u0107 zgodnie ze scenariuszem, bo takie w\u0142a\u015bnie s\u0105 oczekiwania w przypadku hucznych imprez.<\/p>\n\n\n\n<p>Zaw\u0119\u017cenie grona go\u015bci pozwala na spokojne rozkoszowanie si\u0119 tym dniem. Prze\u017cywanie tych wyj\u0105tkowych chwil jedynie w gronie najbli\u017cszych, a nie w t\u0142umie ludzi, na pewno bardziej spodoba si\u0119 osobom introwertycznym, wra\u017cliwszym; takim, kt\u00f3re nigdy nie pretendowa\u0142y do bycia dusz\u0105 towarzystwa.<\/p>\n\n\n<section id=\"leonardo-block_dba862a3b2f3df6c20bda864345813c1\" class=\"leonardo page-breaker leonardo-image-left\">\r\n    <div class=\"leonardo-body\">\r\n        <h2 class=\"leonardo-title\" id=\"h-male-wesele-przyjecie-w-ogrodzie\">Ma\u0142e wesele &#8211; przyj\u0119cie w ogrodzie <\/h2>        <div class=\"leonardo-content\"><p data-pm-slice=\"1 1 []\">Kameralne wesele w gronie najbli\u017cszych to popularna forma \u015bwi\u0119towania. Warto te\u017c wspomnie\u0107, \u017ce wielu go\u015bci b\u0119dzie zadowolonych z takiego rozwi\u0105zania. Oni te\u017c nie zawsze lubi\u0105 huczne zabawy i ta\u0144ce, mog\u0105 przecie\u017c, podobnie jak Pa\u0144stwo M\u0142odzi, preferowa\u0107 pogaw\u0119dki czy wr\u0119cz gry w plansz\u00f3wki przy kominku. Podczas przyj\u0119cia \u015blubnego? W\u0142a\u015bciwie czemu nie? Albo spokojne przyj\u0119cie w ogrodzie przy grillu<strong>.<\/strong><\/p>\n<p data-pm-slice=\"1 1 []\">W czasie kameralnego przyj\u0119cia mo\u017cna spokojnie pogaw\u0119dzi\u0107, lepiej si\u0119 pozna\u0107, porozmawia\u0107 o planach na przysz\u0142o\u015b\u0107. Mo\u017cna wybra\u0107 si\u0119 na wsp\u00f3lne zwiedzanie miejscowych atrakcji, bez po\u015bpiechu delektuj\u0105c si\u0119 ka\u017cd\u0105 chwil\u0105.<\/p>\n<\/div>\r\n                    <aside class=\"leonardo-interlink\">\r\n                <b>Polecamy<\/b>\r\n                <a href=\"https:\/\/www.koronakarkonoszy.pl\/blog\/en\/slub-w-ogrodzie-magia-slubow-w-plenerze\/\">\u015alub w ogrodzie &#8211; magia \u015blub\u00f3w w plenerze<\/a>\r\n            <\/aside>\r\n            <\/div>\r\n    <div class=\"leonardo-image\">\r\n        <img loading=\"lazy\" decoding=\"async\" width=\"639\" height=\"263\" src=\"https:\/\/www.koronakarkonoszy.pl\/blog\/wp-content\/uploads\/2021\/07\/altanka_slub_w_ogrodzie.jpg\" class=\"attachment-full size-full\" alt=\"altanka \u015blub w ogrodzie\" srcset=\"https:\/\/www.koronakarkonoszy.pl\/blog\/wp-content\/uploads\/2021\/07\/altanka_slub_w_ogrodzie.jpg 639w, https:\/\/www.koronakarkonoszy.pl\/blog\/wp-content\/uploads\/2021\/07\/altanka_slub_w_ogrodzie-300x123.jpg 300w\" sizes=\"auto, (max-width: 639px) 100vw, 639px\" \/>            <\/div>\r\n<\/section>\n\n\n<p>Nie warto urz\u0105dza\u0107 przyj\u0119cia pod dyktando innych os\u00f3b. To Tw\u00f3j dzie\u0144 \u2013 jedyny taki w \u017cyciu! Je\u015bli wi\u0119c nie poci\u0105ga Ci\u0119 wizja konwencjonalnego \u015blubu i hucznego wesela, zrealizuj sw\u00f3j plan idealnego przyj\u0119cia \u015blubnego.&nbsp;<\/p>\n\n\n\n<figure class=\"wp-block-image size-large\"><img loading=\"lazy\" decoding=\"async\" width=\"1024\" height=\"683\" src=\"https:\/\/www.koronakarkonoszy.pl\/blog\/wp-content\/uploads\/2023\/03\/hannah-busing-6NUUZZ16hJk-unsplash-1024x683.jpg\" alt=\"\" class=\"wp-image-8677\" srcset=\"https:\/\/www.koronakarkonoszy.pl\/blog\/wp-content\/uploads\/2023\/03\/hannah-busing-6NUUZZ16hJk-unsplash-1024x683.jpg 1024w, https:\/\/www.koronakarkonoszy.pl\/blog\/wp-content\/uploads\/2023\/03\/hannah-busing-6NUUZZ16hJk-unsplash-300x200.jpg 300w, https:\/\/www.koronakarkonoszy.pl\/blog\/wp-content\/uploads\/2023\/03\/hannah-busing-6NUUZZ16hJk-unsplash-768x512.jpg 768w, https:\/\/www.koronakarkonoszy.pl\/blog\/wp-content\/uploads\/2023\/03\/hannah-busing-6NUUZZ16hJk-unsplash-1536x1024.jpg 1536w, https:\/\/www.koronakarkonoszy.pl\/blog\/wp-content\/uploads\/2023\/03\/hannah-busing-6NUUZZ16hJk-unsplash-18x12.jpg 18w, https:\/\/www.koronakarkonoszy.pl\/blog\/wp-content\/uploads\/2023\/03\/hannah-busing-6NUUZZ16hJk-unsplash.jpg 1920w\" sizes=\"auto, (max-width: 1024px) 100vw, 1024px\" \/><figcaption class=\"wp-element-caption\"><strong>Para M\u0142oda <\/strong><\/figcaption><\/figure>\n\n\n\n<h2 class=\"wp-block-heading\" id=\"ha-o-czym-nalezy-pamietac-organizujac-kameralny-slub-w-gorach\">O czym nale\u017cy pami\u0119ta\u0107 organizuj\u0105c kameralny \u015blub w g\u00f3rach?&nbsp;&nbsp;<\/h2>\n\n\n\n<p>Planowanie kameralnego \u015blubu w g\u00f3rach powinno przebiega\u0107 w podobny spos\u00f3b co organizacja du\u017cej ceremonii i hucznego przyj\u0119cia weselnego w innym miejscu. Przede wszystkim ustalcie bud\u017cet. Wiadomo, \u017ce organizuj\u0105c sam \u015blub cywilny koszty mog\u0105 by\u0107 ni\u017csze, zw\u0142aszcza gdy decydujemy si\u0119 na \u015blub bez wesela. Szczeg\u00f3\u0142owy <a href=\"https:\/\/www.koronakarkonoszy.pl\/blog\/kosztorys-wesela\/\" target=\"_blank\" rel=\"noreferrer noopener\">kosztorys wesela<\/a> i \u015blubu to racjonalne rozplanowanie wydatk\u00f3w i spos\u00f3b na to, by unikn\u0105\u0107 du\u017cych, niespodziewanych koszt\u00f3w czy innych finansowych (niekoniecznie przyjemnych) niespodzianek.<\/p>\n\n\n\n<p>Gdy okre\u015blisz <a href=\"https:\/\/www.koronakarkonoszy.pl\/blog\/budzet-slubny\/\" target=\"_blank\" rel=\"noreferrer noopener\">bud\u017cet \u015blubny<\/a> warto przygotowa\u0107 wst\u0119pn\u0105 list\u0119 go\u015bci. Kogo zaprosi\u0107 na kameralny \u015blub w g\u00f3rach? Wybierzcie osoby najbli\u017csze Waszym sercom. Te, w kt\u00f3rych towarzystwie czujecie si\u0119 najlepiej. Macie z nimi najlepszy kontakt, uwielbiacie sp\u0119dza\u0107 z nimi czas. Na li\u015bcie \u015blubnej mo\u017ce znale\u017a\u0107 si\u0119 zar\u00f3wno 15, jak i 30 czy 40 os\u00f3b. Wszystko zale\u017cy od Waszych preferencji, marze\u0144 i oczekiwa\u0144. List\u0119 przygotujcie zgodnie z sumieniem. Nie zapraszajcie kogo\u015b wy\u0142\u0105cznie dlatego, \u201ebo tak wypada\u201d.<\/p>\n\n\n\n<h2 class=\"wp-block-heading\">Dlaczego pary wybieraj\u0105 <a href=\"https:\/\/www.koronakarkonoszy.pl\/blog\/kameralny-slub-w-gorach\/\" class=\"links-placer\">kameralne wesele w g\u00f3rach<\/a>?<\/h2>\n\n\n\n<p>Coraz wi\u0119cej par decyduje si\u0119 na <strong>kameralne wesele w g\u00f3rach<\/strong>, poniewa\u017c marz\u0105 o wyj\u0105tkowej atmosferze, kt\u00f3rej nie da si\u0119 odtworzy\u0107 w miejskich salach. G\u00f3rskie otoczenie gwarantuje blisko\u015b\u0107 natury, spok\u00f3j i poczucie intymno\u015bci, kt\u00f3re s\u0105 fundamentem, na jakim buduje si\u0119 <strong>kameralny \u015blub<\/strong>. Dla wielu par dodatkowym atutem jest mo\u017cliwo\u015b\u0107 zorganizowania niezapomnianego <a href=\"https:\/\/www.koronakarkonoszy.pl\/blog\/wesele-w-namiocie\/\"><strong>wesela w namiocie<\/strong><\/a>, kt\u00f3re doskonale komponuje si\u0119 z naturalnym krajobrazem Karkonoszy. Dodatkowo wiele miejsc w Karkonoszach oferuje kompleksowe wsparcie w organizacji takiej ceremonii, co przyci\u0105ga pary z ca\u0142ej Polski. Osoby marz\u0105ce o wyj\u0105tkowym wydarzeniu mog\u0105 rozwa\u017cy\u0107 r\u00f3wnie\u017c <a href=\"https:\/\/www.koronakarkonoszy.pl\/blog\/wesele-w-gorach-z-noclegiem\/\"><strong>wesele z noclegiem w g\u00f3rach<\/strong><\/a>, co znacznie podnosi komfort ca\u0142ego wydarzenia. W takiej scenerii nawet najskromniejsze przyj\u0119cie zyskuje niepowtarzalny klimat i niezapomniany charakter.<\/p>\n\n\n\n<h2 class=\"wp-block-heading\" id=\"ha-najlepsze-pory-roku-na-kameralny-slub\">Najlepsze pory roku na kameralny \u015blub<\/h2>\n\n\n\n<p>Wyb\u00f3r pory roku na <strong>kameralny \u015blub<\/strong> w g\u00f3rach ma kluczowe znaczenie dla nastroju ca\u0142ej ceremonii i towarzysz\u0105cej jej oprawy. Wiosna zachwyca \u015bwie\u017co\u015bci\u0105 i kwitn\u0105c\u0105 przyrod\u0105, kt\u00f3ra stanowi wymarzone t\u0142o dla zdj\u0119\u0107 z <strong>kameralnego \u015blubu cywilnego<\/strong>. Latem z kolei mo\u017cna zaplanowa\u0107 <strong>kameralne wesele w g\u00f3rach<\/strong> w plenerze, z mo\u017cliwo\u015bci\u0105 biesiadowania do p\u00f3\u017anych godzin w\u015br\u00f3d drzew i szczyt\u00f3w. Planuj\u0105c <a href=\"https:\/\/www.koronakarkonoszy.pl\/blog\/wesele-last-minute\/\"><strong>wesele last minute<\/strong><\/a>, warto rozwa\u017cy\u0107 mniej oblegane miesi\u0105ce, kt\u00f3re w g\u00f3rach potrafi\u0105 zaskoczy\u0107 pi\u0119kn\u0105 pogod\u0105 i mniejszym ruchem turystycznym. Zim\u0105 zyskujemy bajkowy krajobraz z o\u015bnie\u017conymi szczytami, idealny dla romantycznych dusz pragn\u0105cych klimatu jak z filmu. Jesie\u0144 przyci\u0105ga barwami i nostalgicznym urokiem, kt\u00f3ry doskonale pasuje do idei, jak\u0105 niesie <strong>kameralny \u015blub ko\u015bcielny<\/strong>. Dla niezdecydowanych par inspiracj\u0105 mo\u017ce by\u0107 <a href=\"https:\/\/www.koronakarkonoszy.pl\/blog\/wesele-w-polsce\/\"><strong>wesele w Polsce<\/strong><\/a> zorganizowane w mniej oczywistym sezonie \u2013 mniej turyst\u00f3w, wi\u0119cej spokoju, wi\u0119ksza dost\u0119pno\u015b\u0107 termin\u00f3w.<\/p>\n\n\n\n<h2 class=\"wp-block-heading\" id=\"ha-jak-przygotowac-sie-do-kameralnego-slubu-cywilnego-w-gorach\">Jak przygotowa\u0107 si\u0119 do kameralnego \u015blubu cywilnego w g\u00f3rach?<\/h2>\n\n\n\n<p>Planowanie <strong>kameralnego \u015blubu cywilnego<\/strong> w g\u00f3rach wymaga szczeg\u00f3lnej uwagi, je\u015bli chodzi o logistyk\u0119 i formalno\u015bci. Przede wszystkim warto wybra\u0107 miejsce, kt\u00f3re nie tylko zachwyca widokami, ale te\u017c posiada zaplecze umo\u017cliwiaj\u0105ce przeprowadzenie ceremonii \u2013 \u015bwietnym przyk\u0142adem mo\u017ce by\u0107 <a href=\"https:\/\/www.koronakarkonoszy.pl\/blog\/sala-weselna-w-gorach\/\"><strong>sala weselna w g\u00f3rach<\/strong><\/a>. Kolejnym krokiem jest odpowiednie przygotowanie si\u0119 na zmienne warunki atmosferyczne \u2013 zar\u00f3wno para m\u0142oda, jak i go\u015bcie musz\u0105 by\u0107 gotowi na r\u00f3\u017cne scenariusze. Kluczowe jest r\u00f3wnie\u017c wcze\u015bniejsze zg\u0142oszenie miejsca uroczysto\u015bci w Urz\u0119dzie Stanu Cywilnego. W przypadku organizacji <strong>kameralnego \u015blubu<\/strong> w nietypowym miejscu, warto skorzysta\u0107 z pomocy koordynatora, kt\u00f3ry zna lokalne warunki i pomo\u017ce zadba\u0107 o szczeg\u00f3\u0142y. Dope\u0142nieniem ca\u0142o\u015bci mog\u0105 by\u0107 regionalne akcenty, nawi\u0105zuj\u0105ce np. do <a href=\"https:\/\/www.koronakarkonoszy.pl\/blog\/urocze-i-sielskie-wesele-folkowe\/\"><strong>wesela folkowego<\/strong><\/a>, kt\u00f3re podkre\u015bl\u0105 unikatowy charakter wydarzenia.<\/p>\n\n\n\n<h2 class=\"wp-block-heading\" id=\"ha-jak-zadbac-o-komfort-gosci-podczas-kameralnego-slubu-koscielnego\">Jak zadba\u0107 o komfort go\u015bci podczas kameralnego \u015blubu ko\u015bcielnego?<\/h2>\n\n\n\n<p>Organizacja <strong>kameralnego \u015blubu ko\u015bcielnego<\/strong> w g\u00f3rach to nie tylko pi\u0119kna oprawa, ale te\u017c odpowiedzialno\u015b\u0107 za komfort zaproszonych os\u00f3b. Go\u015bcie cz\u0119sto pokonuj\u0105 d\u0142ugie trasy, dlatego warto zapewni\u0107 im zakwaterowanie w pobli\u017cu \u2013 \u015bwietnym rozwi\u0105zaniem mo\u017ce by\u0107 <a href=\"https:\/\/www.koronakarkonoszy.pl\/wesela\/sala-weselna-karpacz\/\"><strong>wesele w Karpaczu<\/strong><\/a>, \u0142\u0105cz\u0105ce pi\u0119kne widoki z dobr\u0105 dost\u0119pno\u015bci\u0105 nocleg\u00f3w. Warto r\u00f3wnie\u017c pomy\u015ble\u0107 o transporcie \u2013 szczeg\u00f3lnie w przypadku trudniej dost\u0119pnych lokalizacji. Nale\u017cy tak\u017ce zadba\u0107 o odpowiednie nag\u0142o\u015bnienie ceremonii, co ma znaczenie zw\u0142aszcza podczas <strong>kameralnego \u015blubu<\/strong> w plenerze. Nie mo\u017cna zapomina\u0107 o drobnych udogodnieniach \u2013 kocach, parasolach czy ciep\u0142ych napojach, kt\u00f3re podnosz\u0105 komfort i tworz\u0105 domow\u0105 atmosfer\u0119. Dobrze zorganizowane <strong>kameralne wesele w g\u00f3rach<\/strong> to takie, kt\u00f3re uwzgl\u0119dnia potrzeby wszystkich uczestnik\u00f3w, nie tylko pary m\u0142odej.<\/p>\n\n\n\n<figure class=\"wp-block-image size-full\"><img loading=\"lazy\" decoding=\"async\" width=\"960\" height=\"640\" src=\"https:\/\/www.koronakarkonoszy.pl\/blog\/wp-content\/uploads\/2022\/06\/sala-weselna-stoly-Dwor-Korona-Karkonoszy.jpg\" alt=\"\" class=\"wp-image-4411\" srcset=\"https:\/\/www.koronakarkonoszy.pl\/blog\/wp-content\/uploads\/2022\/06\/sala-weselna-stoly-Dwor-Korona-Karkonoszy.jpg 960w, https:\/\/www.koronakarkonoszy.pl\/blog\/wp-content\/uploads\/2022\/06\/sala-weselna-stoly-Dwor-Korona-Karkonoszy-300x200.jpg 300w, https:\/\/www.koronakarkonoszy.pl\/blog\/wp-content\/uploads\/2022\/06\/sala-weselna-stoly-Dwor-Korona-Karkonoszy-768x512.jpg 768w\" sizes=\"auto, (max-width: 960px) 100vw, 960px\" \/><figcaption class=\"wp-element-caption\"><strong>Sala weselna Dolny \u015al\u0105sk &#8211; Dw\u00f3r Korona Karkonoszy, <a href=\"https:\/\/www.koronakarkonoszy.pl\/blog-atrakcje\/sosnowka\/\" class=\"links-placer\">Sosn\u00f3wka<\/a> k. Karpacza na pewno zadowoli ka\u017cd\u0105 Par\u0119 M\u0142od\u0105!<\/strong><\/figcaption><\/figure>\n\n\n\n<p>Ustalili\u015bcie bud\u017cet i przygotowali\u015bcie list\u0119 go\u015bci? Czas rozpocz\u0105\u0107 prawdziw\u0105 zabaw\u0119, czyli organizacj\u0119 ceremonii i przyj\u0119cia. By nie zapomnie\u0107 o \u017cadnym wa\u017cnym szczeg\u00f3le, stw\u00f3rzcie plan, uwzgl\u0119dniaj\u0105cy:<\/p>\n\n\n\n<ul class=\"wp-block-list\">\n<li>miejsce na ceremoni\u0119 (np. ma\u0142y ko\u015bci\u00f3\u0142ek) i szczeg\u00f3\u0142y zwi\u0105zane ze \u015blubem,<\/li>\n\n\n\n<li><a href=\"https:\/\/www.koronakarkonoszy.pl\/wesele\/\" target=\"_blank\" rel=\"noreferrer noopener\">sal\u0119 weseln\u0105<\/a>,<\/li>\n\n\n\n<li>motyw przewodni \u015blubu i wesela,<\/li>\n\n\n\n<li>opraw\u0119 muzyczn\u0105,<\/li>\n\n\n\n<li>menu,<\/li>\n\n\n\n<li>dodatkowe atrakcje,<\/li>\n\n\n\n<li>nocleg dla go\u015bci,<\/li>\n\n\n\n<li>sprawy organizacyjne \u2013 w tym umowy z podwykonawcami, transport i inne.<\/li>\n<\/ul>\n\n\n<section id=\"leonardo-block_598296cbdb2e0d764daad065940041f0\" class=\"leonardo page-breaker leonardo-image-right\">\r\n    <div class=\"leonardo-body\">\r\n        <h2 class=\"leonardo-title\" id=\"h-motyw-przewodni-na-kameralny-slub-w-gorach\">Motyw przewodni na kameralny \u015blub w g\u00f3rach<\/h2>        <div class=\"leonardo-content\"><p>Jaki <strong>motyw przewodni<\/strong> na \u015blub wybra\u0107? Wspomnieli\u015bmy, \u017ce kameralny \u015blub w g\u00f3rach mo\u017ce by\u0107 niesamowicie romantyczny, intymny i wzruszaj\u0105cy. Wyj\u0105tkowo\u015b\u0107 takiego wydarzenia warto podkre\u015bli\u0107 odpowiednimi dekoracjami. Zaplanuj \u015blub zgodny ze swoim charakterem i zami\u0142owaniami, znajd\u017a wspania\u0142e rustykalne miejsce na \u015blub o wschodzie s\u0142o\u0144ca lub \u015blub bez wesela.<\/p>\n<p>Z g\u00f3rsk\u0105 atmosfer\u0105 doskonale wsp\u00f3\u0142gra <strong>styl rustykalny<\/strong>, kt\u00f3ry nawi\u0105zuje do ziemi, sielsko\u015bci, wiejsko\u015bci i wszystkiego, co naturalne. G\u00f3ry przecie\u017c kojarz\u0105 si\u0119 nam z natur\u0105, przyrod\u0105, zieleni\u0105. Rustykalne dekoracje to prostota i lekko\u015b\u0107. W takiej aran\u017cacji nie mo\u017ce zabrakn\u0105\u0107 girland z zielonych ro\u015blin, jutowych sznurk\u00f3w, koronek, klimatycznego o\u015bwietlenia oraz element\u00f3w z naturalnego drewna (na przyk\u0142ad skrzynek, podstawek pod \u015bwiece itp.). Warto dorzuci\u0107 polne kwiaty w stonowanych odcieniach. Materia\u0142y pasuj\u0105ce do tej stylistyki to len, batyst i p\u0142\u00f3tno.<\/p>\n<p>Kolory przewodnie wesela i \u015blubu rustykalnego to ziele\u0144, biel i \u00e9cru. Warto doda\u0107 tak\u017ce barwy ziemi, czyli be\u017ce i br\u0105zy. Stonowana kolorystyka po\u0142\u0105czona z naturalno\u015bci\u0105 drewnianych dekoracji, delikatno\u015bci\u0105 polnych kwiat\u00f3w i subtelno\u015bci\u0105 otaczaj\u0105cej przyrody to kwintesencja romantyczno\u015bci.<\/p>\n<\/div>\r\n                    <aside class=\"leonardo-interlink\">\r\n                <b>Polecamy<\/b>\r\n                <a href=\"https:\/\/www.koronakarkonoszy.pl\/blog\/en\/aranzacja-sali-weselnej\/\">Aran\u017cacja sali weselnej: co warto wiedzie\u0107?<\/a>\r\n            <\/aside>\r\n            <\/div>\r\n    <div class=\"leonardo-image\">\r\n        <img loading=\"lazy\" decoding=\"async\" width=\"1280\" height=\"914\" src=\"https:\/\/www.koronakarkonoszy.pl\/blog\/wp-content\/uploads\/2022\/02\/pexels-flora-westbrook-3769594.jpg\" class=\"attachment-full size-full\" alt=\"\" srcset=\"https:\/\/www.koronakarkonoszy.pl\/blog\/wp-content\/uploads\/2022\/02\/pexels-flora-westbrook-3769594.jpg 1280w, https:\/\/www.koronakarkonoszy.pl\/blog\/wp-content\/uploads\/2022\/02\/pexels-flora-westbrook-3769594-300x214.jpg 300w, https:\/\/www.koronakarkonoszy.pl\/blog\/wp-content\/uploads\/2022\/02\/pexels-flora-westbrook-3769594-1024x731.jpg 1024w, https:\/\/www.koronakarkonoszy.pl\/blog\/wp-content\/uploads\/2022\/02\/pexels-flora-westbrook-3769594-768x548.jpg 768w\" sizes=\"auto, (max-width: 1280px) 100vw, 1280px\" \/>            <\/div>\r\n<\/section>\n\n\n<p>Kameralny \u015blub w g\u00f3rach mo\u017cna r\u00f3wnie\u017c zorganizowa\u0107 w i\u015bcie g\u00f3ralskim stylu, wykorzystuj\u0105c charakterystyczne w g\u00f3rach dekoracje weselne. Folkowe dekoracje, czerwone kwiaty i wesele w prawdziwej, g\u00f3ralskiej karczmie \u2013 folkowa uroczysto\u015b\u0107 w g\u00f3rach b\u0119dzie niesamowitym do\u015bwiadczeniem dla wszystkich go\u015bci!<\/p>\n\n\n\n<h2 class=\"wp-block-heading\" id=\"ha-neofolk-naturalny-styl-kameralnego-slubu-w-gorach\">Neofolk \u2013 naturalny styl kameralnego \u015blubu w g\u00f3rach<\/h2>\n\n\n\n<p>Jednak wsp\u00f3\u0142czesnym Parom M\u0142odym ten styl mo\u017ce wyda\u0107 si\u0119 zbyt ludowy. Mo\u017ce wi\u0119c raczej przyj\u0119cie w stylu <strong>neofolk<\/strong>? Ono pozwoli nam uciec od dos\u0142owno\u015bci wiejskich dekoracji. Z rzemios\u0142a ludowych tw\u00f3rc\u00f3w i sztuki ludowej wybieramy tylko to, co najpi\u0119kniejsze, a potem \u0142\u0105czymy je z nowoczesnymi detalami. Dzi\u0119ki temu mo\u017cemy do\u015b\u0107 dowolnie miksowa\u0107 tradycyjne desenie z r\u00f3\u017cnych region\u00f3w Polski. Interpretujemy je na nowo, uzyskuj\u0105c niepowtarzalny efekt. <\/p>\n\n\n\n<figure class=\"wp-block-image size-large\"><img loading=\"lazy\" decoding=\"async\" width=\"1024\" height=\"683\" src=\"https:\/\/www.koronakarkonoszy.pl\/blog\/wp-content\/uploads\/2022\/02\/redd-IBL1QKgXKwQ-unsplash-1024x683.jpg\" alt=\"\" class=\"wp-image-3107\" srcset=\"https:\/\/www.koronakarkonoszy.pl\/blog\/wp-content\/uploads\/2022\/02\/redd-IBL1QKgXKwQ-unsplash-1024x683.jpg 1024w, https:\/\/www.koronakarkonoszy.pl\/blog\/wp-content\/uploads\/2022\/02\/redd-IBL1QKgXKwQ-unsplash-300x200.jpg 300w, https:\/\/www.koronakarkonoszy.pl\/blog\/wp-content\/uploads\/2022\/02\/redd-IBL1QKgXKwQ-unsplash-768x512.jpg 768w, https:\/\/www.koronakarkonoszy.pl\/blog\/wp-content\/uploads\/2022\/02\/redd-IBL1QKgXKwQ-unsplash-1536x1024.jpg 1536w, https:\/\/www.koronakarkonoszy.pl\/blog\/wp-content\/uploads\/2022\/02\/redd-IBL1QKgXKwQ-unsplash.jpg 1920w\" sizes=\"auto, (max-width: 1024px) 100vw, 1024px\" \/><figcaption class=\"wp-element-caption\"><strong>Para M\u0142oda <\/strong><\/figcaption><\/figure>\n\n\n\n<p>Regionalne ornamenty, cz\u0119sto w uproszczonej postaci czy pozbawione swych charakterystycznych, bardzo \u017cywych kolor\u00f3w, \u015bwietnie pasowa\u0107 b\u0119d\u0105 do minimalistycznych wn\u0119trz. Filcowe torebki, lniane lub wiklinowe lampy, we\u0142niane czy plecione ze sznurka dywany-wycinanki. Kogutki, podhala\u0144skie parzenice, \u0142owickie pasy czy pawie oczka zaczerpni\u0119te z kultury kurpiowskiej doskonale sprawdz\u0105 si\u0119 cho\u0107by w roli ozd\u00f3b. Niekonwencjonalne po\u0142\u0105czenia? W\u0142a\u015bnie o to chodzi! Folklor w designerskim wydaniu \u2013 oto co oferuje nam neofolk.<\/p>\n\n\n\n<figure class=\"wp-block-image size-large\"><img loading=\"lazy\" decoding=\"async\" width=\"1024\" height=\"683\" src=\"https:\/\/www.koronakarkonoszy.pl\/blog\/wp-content\/uploads\/2022\/02\/MonikaILukasz_www.fanimomentu.pl-348-1024x683.jpg\" alt=\"\" class=\"wp-image-6702\" srcset=\"https:\/\/www.koronakarkonoszy.pl\/blog\/wp-content\/uploads\/2022\/02\/MonikaILukasz_www.fanimomentu.pl-348-1024x683.jpg 1024w, https:\/\/www.koronakarkonoszy.pl\/blog\/wp-content\/uploads\/2022\/02\/MonikaILukasz_www.fanimomentu.pl-348-300x200.jpg 300w, https:\/\/www.koronakarkonoszy.pl\/blog\/wp-content\/uploads\/2022\/02\/MonikaILukasz_www.fanimomentu.pl-348-768x512.jpg 768w, https:\/\/www.koronakarkonoszy.pl\/blog\/wp-content\/uploads\/2022\/02\/MonikaILukasz_www.fanimomentu.pl-348.jpg 1200w\" sizes=\"auto, (max-width: 1024px) 100vw, 1024px\" \/><figcaption class=\"wp-element-caption\"><strong>Wesele w g\u00f3rach <\/strong><\/figcaption><\/figure>\n\n\n\n<h2 class=\"wp-block-heading\" id=\"h-kameralny-lub-w-g-rach-nocleg\">Kameralny \u015blub w g\u00f3rach &#8211; nocleg: jak znale\u017a\u0107 miejsce?<\/h2>\n\n\n\n<p>Planowanie wyjazdowego \u015blubu wi\u0105\u017ce si\u0119 z konieczno\u015bci\u0105 zorganizowania noclegu dla go\u015bci weselnych. Jako gospodarze wydarzenia nie mo\u017cecie zostawi\u0107 weselnik\u00f3w samych z tym problemem. Do Waszych obowi\u0105zk\u00f3w nale\u017cy pomoc go\u015bciom w zorganizowaniu zakwaterowania. W miar\u0119 mo\u017cliwo\u015bci mo\u017cecie pokry\u0107 koszty owego zakwaterowania.&nbsp;<\/p>\n\n\n\n<p>Najlepszym \u2013 a przy tym najbardziej komfortowym \u2013 rozwi\u0105zaniem b\u0119dzie <a href=\"https:\/\/www.koronakarkonoszy.pl\/blog\/nocleg-dla-gosci-weselnych-pokoje-z-dusza\/\" target=\"_blank\" rel=\"noreferrer noopener\">nocleg dla go\u015bci weselnych<\/a> w tym samym obiekcie, w kt\u00f3rym odb\u0119dzie si\u0119 wesele (warto wzi\u0105\u0107 to pod uwag\u0119 przy poszukiwaniach sali weselnej). Wyeliminuje to problem transportu go\u015bci, a tak\u017ce pozwoli im na odpoczynek czy od\u015bwie\u017cenie si\u0119 w trakcie przyj\u0119cia. Plusem jest r\u00f3wnie\u017c to, \u017ce hotele, dworki czy inne obiekty wypoczynkowe cz\u0119sto oferuj\u0105 atrakcyjne zni\u017cki w przypadku organizacji wesela z noclegiem.<\/p>\n\n\n\n<figure class=\"wp-block-image size-large\"><img loading=\"lazy\" decoding=\"async\" width=\"1024\" height=\"682\" src=\"https:\/\/www.koronakarkonoszy.pl\/blog\/wp-content\/uploads\/2021\/10\/Slub-w-kwietniu-1024x682.jpg\" alt=\"\" class=\"wp-image-3664\" srcset=\"https:\/\/www.koronakarkonoszy.pl\/blog\/wp-content\/uploads\/2021\/10\/Slub-w-kwietniu-1024x682.jpg 1024w, https:\/\/www.koronakarkonoszy.pl\/blog\/wp-content\/uploads\/2021\/10\/Slub-w-kwietniu-300x200.jpg 300w, https:\/\/www.koronakarkonoszy.pl\/blog\/wp-content\/uploads\/2021\/10\/Slub-w-kwietniu-768x512.jpg 768w, https:\/\/www.koronakarkonoszy.pl\/blog\/wp-content\/uploads\/2021\/10\/Slub-w-kwietniu-1536x1024.jpg 1536w, https:\/\/www.koronakarkonoszy.pl\/blog\/wp-content\/uploads\/2021\/10\/Slub-w-kwietniu.jpg 1685w\" sizes=\"auto, (max-width: 1024px) 100vw, 1024px\" \/><figcaption class=\"wp-element-caption\"><strong>Dw\u00f3r Korona Karkonoszy &#8211; wyj\u0105tkowe przyj\u0119cia \u015blubne! <\/strong><\/figcaption><\/figure>\n\n\n\n<p>Innym pomys\u0142em jest zakwaterowanie go\u015bci w innym obiekcie \u2013 najlepiej usytuowanym w pobli\u017cu wynaj\u0119tego lokalu weselnego. T\u0119 opcj\u0119 warto rozwa\u017cy\u0107 w przypadku organizacji wesela restauracji czy sali, kt\u00f3ra nie dysponuje miejscami noclegowymi.<\/p>\n\n\n<section id=\"leonardo-block_60d88162fb19050336f59ce326e28fc1\" class=\"leonardo page-breaker leonardo-image-right\">\r\n    <div class=\"leonardo-body\">\r\n                <div class=\"leonardo-content\"><p><!-- wp:heading --><\/p>\n<h3 id=\"ha-slub-wyjazdowy-a-blogoslawienstwo-rodzicow\">\u015alub wyjazdowy, a b\u0142ogos\u0142awie\u0144stwo rodzic\u00f3w<\/h3>\n<p><a href=\"https:\/\/www.koronakarkonoszy.pl\/blog\/blogoslawienstwo-rodzicow-przed-slubem\/\" target=\"_blank\" rel=\"noreferrer noopener\">B\u0142ogos\u0142awie\u0144stwo rodzic\u00f3w przed \u015blubem<\/a> to polski zwyczaj \u015blubny, praktykowany g\u0142\u00f3wne w domach katolickich. Podczas rytua\u0142u Para M\u0142oda kl\u0119ka przed swoimi rodzicami, prosz\u0105c ich o b\u0142ogos\u0142awie\u0144stwo zwi\u0105zku. Rodzice wypowiadaj\u0105 uroczyste, podnios\u0142e s\u0142owa, po czym kropi\u0105 zakochanych wod\u0105 \u015bwi\u0119con\u0105. B\u0142ogos\u0142awie\u0144stwo powinno odby\u0107 si\u0119 w domu rodzinnym panny m\u0142odej. A jak kultywowa\u0107 t\u0119 tradycj\u0119, organizuj\u0105c \u015blub wyjazdowy?<\/p>\n<p>Kameralne b\u0142ogos\u0142awie\u0144stwo mo\u017ce odby\u0107 si\u0119 w Waszym pokoju hotelowym. Je\u015bli chcecie nada\u0107 chwili bardziej uroczysty charakter, wybierzcie moment przed rozpocz\u0119ciem ceremonii w wybranym ko\u015bciele. Innym pomys\u0142em jest b\u0142ogos\u0142awie\u0144stwo w sali weselnej chwil\u0119 przed rozpocz\u0119ciem przyj\u0119cia.<\/p>\n<p><!-- \/wp:paragraph --><\/p>\n<\/div>\r\n            <\/div>\r\n    <div class=\"leonardo-image\">\r\n        <img loading=\"lazy\" decoding=\"async\" width=\"2560\" height=\"1709\" src=\"https:\/\/www.koronakarkonoszy.pl\/blog\/wp-content\/uploads\/2021\/05\/suknia-scaled.jpg\" class=\"attachment-full size-full\" alt=\"\" srcset=\"https:\/\/www.koronakarkonoszy.pl\/blog\/wp-content\/uploads\/2021\/05\/suknia-scaled.jpg 2560w, https:\/\/www.koronakarkonoszy.pl\/blog\/wp-content\/uploads\/2021\/05\/suknia-300x200.jpg 300w, https:\/\/www.koronakarkonoszy.pl\/blog\/wp-content\/uploads\/2021\/05\/suknia-1024x684.jpg 1024w, https:\/\/www.koronakarkonoszy.pl\/blog\/wp-content\/uploads\/2021\/05\/suknia-768x513.jpg 768w, https:\/\/www.koronakarkonoszy.pl\/blog\/wp-content\/uploads\/2021\/05\/suknia-1920x1282.jpg 1920w, https:\/\/www.koronakarkonoszy.pl\/blog\/wp-content\/uploads\/2021\/05\/suknia-1536x1025.jpg 1536w, https:\/\/www.koronakarkonoszy.pl\/blog\/wp-content\/uploads\/2021\/05\/suknia-2048x1367.jpg 2048w\" sizes=\"auto, (max-width: 2560px) 100vw, 2560px\" \/>            <\/div>\r\n<\/section>\n\n\n<h2 class=\"wp-block-heading\" id=\"ha-slub-w-gorach-jaka-pore-roku-wybrac-na-ten-dzien\">\u015alub w g\u00f3rach \u2013 jak\u0105 por\u0119 roku wybra\u0107 na ten dzie\u0144?<\/h2>\n\n\n\n<p>Oczywi\u015bcie ka\u017cda <strong>pora roku<\/strong> na swoje wady i zalety, je\u015bli chodzi o organizacj\u0119 \u015blubu i kameralnego przyj\u0119cia. Ale patrz\u0105c z czysto estetycznego punktu widzenia, w g\u00f3rach jest pi\u0119knie o ka\u017cdej porze roku. Tak wi\u0119c ka\u017cdy miesi\u0105c si\u0119 nada, by zorganizowa\u0107 niepowtarzalne <a href=\"https:\/\/www.koronakarkonoszy.pl\/blog\/jak-zorganizowac-przyjecie-weselne-na-30-osob\/\" class=\"links-placer\">przyj\u0119cie \u015blubne<\/a> w g\u00f3rach.<\/p>\n\n\n\n<style>\n    .cta_block{\n        margin: 1.5em 0;\n    }\n    .cta_block_content {\n        position: relative;\n        color: white;\n        padding: 1em;\n    }\n    .cta_block_content h3{\n        text-align: center;\n        font: normal normal normal 36px\/50px Yeseva One;\n    }\n    .cta_block_content .cta_block_desc{\n        text-align: center;\n        font-size: 1.1em;\n        position: relative;\n    }\n    .cta_block_content .cta_block_desc:before {\n        content: '';\n        width: 80px;\n        height: 4px;\n        background: #EEB315;\n        position: absolute;\n        left: 0;\n        right: 0;\n        margin-left: auto;\n        margin-right: auto;\n        top: -22px;\n    }\n\n    .cta_block_content picture{\n        position: absolute;\n        top: 0;\n        right: 0;\n        z-index: -1;\n        height: 100%;\n        overflow: hidden;\n        width: 100%;\n    }\n    .cta_block_content picture img{\n        object-fit: cover;\n        height: 100%;\n        width: 100%;\n    }\n    .cta_block .cta_block_content .ninja-forms-field{\n        background: #FFFFFF2F;\n        border: 1px solid #EEB315;\n        border-radius: 25px;\n        opacity: 1;\n        color: #ffffff;\n    }\n    .cta_block .cta_block_content .nf-form-content input[type=submit]{\n        background-color: #EEB315;\n        color: #292929;\n        text-align: center;\n        font: normal normal bold 14px\/20px Work Sans;\n        padding: 0 2em;\n    }\n\n    .cta_block ::placeholder{\n        color: white!important;\n        opacity: 1;\n    }\n\n    .cta_block_content::after {\n        height: 100%;\n        width: 100%;\n        content: \"\";\n        z-index: -1;\n        position: absolute;\n        top: 0;\n        background: #00000070;\n        right: 0;\n        left: 0;\n        bottom: 0;\n    }\n    #ha-cta-block, .cta_block_desc, .cta_block .nf-field-label, .cta_block .nf-error-msg {\n        filter: drop-shadow(1px 1px 8px black);\n    }\n\n\/*    .cta_block nf-rows-wrap {\n        display: flex;\n        justify-content: space-around;\n        flex-direction: row;\n    }*\/\n\n    .cta_block .nf-field-label {\n        display:none;\n    }\n\n    .cta_block .nf-error.field-wrap .nf-field-element::after {\n        border-radius: 50px;\n    }\n\n    .cta_block .nf-error-msg {\n        color: #fff;\n    }\n\n    .cta_block .nf-form-cont {\n        margin-top: 3em;\n        margin-bottom: 1em;\n    }\n\n    .wp-admin .cta_block_content{\n        display: none;\n    }\n    .cta_block .nf-form-fields-required {\n        display: none;\n    }\n    body:not(.wp-admin) .cta_block_admin {\n        display: none;\n    }\n<\/style>\n<div id=\"cta_block-block_de8dd60b4cde4242a641bd3e4f92db4b\" class=\"cta_block\">\n    <div class=\"cta_block_admin\" style=\"background-color: blue; color: white\">\n        Blok CTA\n    <\/div>\n    <div class=\"cta_block\">\n        <div class=\"cta_block_content\">   \n        <h3 id=\"ha-szukasz-inspiracji-na-kameralny-slub-w-gorach\">Szukasz inspiracji na kameralny \u015blub w g\u00f3rach?<\/h3>\n                    <div class=\"cta_block_desc\">Nasz obiekt z pewno\u015bci\u0105 spe\u0142ni Twoje oczekiwania!<\/div>\n                <noscript class=\"ninja-forms-noscript-message\">\n\tNotice: JavaScript is required for this content.<\/noscript>\n<div id=\"nf-form-3-cont\" class=\"nf-form-cont\" aria-live=\"polite\" aria-labelledby=\"nf-form-title-3\" aria-describedby=\"nf-form-errors-3\" role=\"form\">\n\n    <div class=\"nf-loading-spinner\"><\/div>\n\n<\/div>\n        <!-- That data is being printed as a workaround to page builders reordering the order of the scripts loaded-->\n        <script>var formDisplay=1;var nfForms=nfForms||[];var form=[];form.id='3';form.settings={\"objectType\":\"Form Setting\",\"editActive\":true,\"title\":\"Block CTA\",\"created_at\":\"2022-11-08 16:03:33\",\"default_label_pos\":\"above\",\"show_title\":0,\"clear_complete\":\"1\",\"hide_complete\":\"1\",\"logged_in\":\"\",\"wrapper_class\":\"\",\"element_class\":\"\",\"key\":\"\",\"add_submit\":\"0\",\"changeEmailErrorMsg\":\"Please enter a valid email address!\",\"changeDateErrorMsg\":\"Please enter a valid date!\",\"confirmFieldErrorMsg\":\"These fields must match!\",\"fieldNumberNumMinError\":\"Number Min Error\",\"fieldNumberNumMaxError\":\"Number Max Error\",\"fieldNumberIncrementBy\":\"Please increment by \",\"formErrorsCorrectErrors\":\"Please correct errors before submitting this form.\",\"validateRequiredField\":\"This is a required field.\",\"honeypotHoneypotError\":\"Honeypot Error\",\"fieldsMarkedRequired\":\"Fields marked with an <span class=\\\"ninja-forms-req-symbol\\\">*<\\\/span> are required\",\"currency\":\"\",\"repeatable_fieldsets\":\"\",\"unique_field_error\":\"Formularz z t\\u0105 warto\\u015bci\\u0105 zosta\\u0142 ju\\u017c przes\\u0142any.\",\"not_logged_in_msg\":\"\",\"sub_limit_msg\":\"Formularz osi\\u0105gn\\u0105\\u0142 limit wys\\u0142a\\u0144.\",\"calculations\":[],\"container_styles_show_advanced_css\":\"0\",\"title_styles_show_advanced_css\":\"0\",\"row_styles_show_advanced_css\":\"0\",\"row-odd_styles_show_advanced_css\":\"0\",\"success-msg_styles_show_advanced_css\":\"0\",\"error_msg_styles_show_advanced_css\":\"0\",\"formContentData\":[{\"order\":1,\"cells\":[{\"order\":0,\"fields\":[\"phone_1640098023980\"],\"width\":35},{\"order\":1,\"fields\":[\"adres_e-mail_1667919839452\"],\"width\":35},{\"order\":2,\"fields\":[\"zapisz_mnie_1667919853255\"],\"width\":30}]}],\"drawerDisabled\":false,\"conditions\":[],\"allow_public_link\":0,\"embed_form\":\"\",\"container_styles_border\":\"\",\"container_styles_height\":\"\",\"container_styles_margin\":\"\",\"container_styles_padding\":\"\",\"container_styles_float\":\"\",\"title_styles_border\":\"\",\"title_styles_height\":\"\",\"title_styles_width\":\"\",\"title_styles_font-size\":\"\",\"title_styles_margin\":\"\",\"title_styles_padding\":\"\",\"title_styles_float\":\"\",\"row_styles_border\":\"\",\"row_styles_width\":\"\",\"row_styles_font-size\":\"\",\"row_styles_margin\":\"\",\"row_styles_padding\":\"\",\"row-odd_styles_border\":\"\",\"row-odd_styles_height\":\"\",\"row-odd_styles_width\":\"\",\"row-odd_styles_font-size\":\"\",\"row-odd_styles_margin\":\"\",\"row-odd_styles_padding\":\"\",\"success-msg_styles_border\":\"\",\"success-msg_styles_height\":\"\",\"success-msg_styles_width\":\"\",\"success-msg_styles_font-size\":\"\",\"success-msg_styles_margin\":\"\",\"success-msg_styles_padding\":\"\",\"error_msg_styles_border\":\"\",\"error_msg_styles_width\":\"\",\"error_msg_styles_font-size\":\"\",\"error_msg_styles_margin\":\"\",\"error_msg_styles_padding\":\"\",\"form_title_heading_level\":\"3\",\"ninjaForms\":\"Ninja Forms\",\"fieldTextareaRTEInsertLink\":\"Insert Link\",\"fieldTextareaRTEInsertMedia\":\"Insert Media\",\"fieldTextareaRTESelectAFile\":\"Select a file\",\"formHoneypot\":\"If you are a human seeing this field, please leave it empty.\",\"fileUploadOldCodeFileUploadInProgress\":\"File Upload in Progress.\",\"fileUploadOldCodeFileUpload\":\"FILE UPLOAD\",\"currencySymbol\":\"&#36;\",\"thousands_sep\":\",\",\"decimal_point\":\".\",\"siteLocale\":\"en_GB\",\"dateFormat\":\"m\\\/d\\\/Y\",\"startOfWeek\":\"1\",\"of\":\"of\",\"previousMonth\":\"Previous Month\",\"nextMonth\":\"Next Month\",\"months\":[\"January\",\"February\",\"March\",\"April\",\"May\",\"June\",\"July\",\"August\",\"September\",\"October\",\"November\",\"December\"],\"monthsShort\":[\"Jan\",\"Feb\",\"Mar\",\"Apr\",\"May\",\"Jun\",\"Jul\",\"Aug\",\"Sep\",\"Oct\",\"Nov\",\"Dec\"],\"weekdays\":[\"Sunday\",\"Monday\",\"Tuesday\",\"Wednesday\",\"Thursday\",\"Friday\",\"Saturday\"],\"weekdaysShort\":[\"Sun\",\"Mon\",\"Tue\",\"Wed\",\"Thu\",\"Fri\",\"Sat\"],\"weekdaysMin\":[\"Su\",\"Mo\",\"Tu\",\"We\",\"Th\",\"Fr\",\"Sa\"],\"recaptchaConsentMissing\":\"reCaptcha validation couldn&#039;t load.\",\"recaptchaMissingCookie\":\"reCaptcha v3 validation couldn&#039;t load the cookie needed to submit the form.\",\"recaptchaConsentEvent\":\"Accept reCaptcha cookies before sending the form.\",\"currency_symbol\":\"\",\"beforeForm\":\"\",\"beforeFields\":\"\",\"afterFields\":\"\",\"afterForm\":\"\"};form.fields=[{\"objectType\":\"Field\",\"objectDomain\":\"fields\",\"editActive\":false,\"order\":1,\"idAttribute\":\"id\",\"type\":\"phone\",\"label\":\"Numer telefonu\",\"key\":\"phone_1640098023980\",\"label_pos\":\"above\",\"required\":1,\"default\":\"\",\"placeholder\":\"Numer telefonu\",\"container_class\":\"\",\"element_class\":\"\",\"input_limit\":\"\",\"input_limit_type\":\"characters\",\"input_limit_msg\":\"Liczba pozosta\\u0142ych znak\\u00f3w:\",\"manual_key\":\"\",\"admin_label\":\"\",\"help_text\":\"\",\"mask\":\"\",\"custom_mask\":\"\",\"custom_name_attribute\":\"phone\",\"personally_identifiable\":1,\"wrap_styles_border\":\"\",\"wrap_styles_width\":\"\",\"wrap_styles_margin\":\"\",\"wrap_styles_padding\":\"\",\"wrap_styles_float\":\"\",\"wrap_styles_show_advanced_css\":0,\"label_styles_border\":\"\",\"label_styles_width\":\"\",\"label_styles_font-size\":\"\",\"label_styles_margin\":\"\",\"label_styles_padding\":\"\",\"label_styles_float\":\"\",\"label_styles_show_advanced_css\":0,\"element_styles_border\":\"\",\"element_styles_width\":\"\",\"element_styles_font-size\":\"\",\"element_styles_margin\":\"\",\"element_styles_padding\":\"\",\"element_styles_float\":\"\",\"element_styles_show_advanced_css\":0,\"cellcid\":\"c3386\",\"value\":\"\",\"field_label\":\"Numer telefonu\",\"field_key\":\"phone_1640098023980\",\"drawerDisabled\":false,\"id\":8,\"beforeField\":\"\",\"afterField\":\"\",\"parentType\":\"textbox\",\"element_templates\":[\"tel\",\"textbox\",\"input\"],\"old_classname\":\"\",\"wrap_template\":\"wrap\"},{\"objectType\":\"Field\",\"objectDomain\":\"fields\",\"editActive\":false,\"order\":2,\"idAttribute\":\"id\",\"type\":\"email\",\"label\":\"Adres e-mail\",\"key\":\"adres_e-mail_1667919839452\",\"label_pos\":\"above\",\"required\":1,\"default\":\"\",\"placeholder\":\"Adres e-mail\",\"container_class\":\"\",\"element_class\":\"\",\"admin_label\":\"\",\"help_text\":\"\",\"custom_name_attribute\":\"email\",\"personally_identifiable\":1,\"wrap_styles_border\":\"\",\"wrap_styles_width\":\"\",\"wrap_styles_margin\":\"\",\"wrap_styles_padding\":\"\",\"wrap_styles_float\":\"\",\"wrap_styles_show_advanced_css\":0,\"label_styles_border\":\"\",\"label_styles_width\":\"\",\"label_styles_font-size\":\"\",\"label_styles_margin\":\"\",\"label_styles_padding\":\"\",\"label_styles_float\":\"\",\"label_styles_show_advanced_css\":0,\"element_styles_border\":\"\",\"element_styles_width\":\"\",\"element_styles_font-size\":\"\",\"element_styles_margin\":\"\",\"element_styles_padding\":\"\",\"element_styles_float\":\"\",\"element_styles_show_advanced_css\":0,\"cellcid\":\"c3389\",\"value\":\"\",\"drawerDisabled\":false,\"field_label\":\"E-mail\",\"field_key\":\"email_1640098026199\",\"id\":9,\"beforeField\":\"\",\"afterField\":\"\",\"parentType\":\"email\",\"element_templates\":[\"email\",\"input\"],\"old_classname\":\"\",\"wrap_template\":\"wrap\"},{\"objectType\":\"Field\",\"objectDomain\":\"fields\",\"editActive\":false,\"order\":3,\"idAttribute\":\"id\",\"type\":\"submit\",\"label\":\"Zapisz mnie\",\"processing_label\":\"W trakcie realizacji\",\"container_class\":\"\",\"element_class\":\"\",\"key\":\"zapisz_mnie_1667919853255\",\"wrap_styles_border\":\"\",\"wrap_styles_width\":\"\",\"wrap_styles_margin\":\"\",\"wrap_styles_padding\":\"\",\"wrap_styles_float\":\"\",\"wrap_styles_show_advanced_css\":0,\"element_styles_border\":\"\",\"element_styles_width\":\"\",\"element_styles_font-size\":\"\",\"element_styles_margin\":\"\",\"element_styles_padding\":\"\",\"element_styles_float\":\"\",\"element_styles_show_advanced_css\":0,\"submit_element_hover_styles_border\":\"\",\"submit_element_hover_styles_width\":\"\",\"submit_element_hover_styles_font-size\":\"\",\"submit_element_hover_styles_margin\":\"\",\"submit_element_hover_styles_padding\":\"\",\"submit_element_hover_styles_float\":\"\",\"submit_element_hover_styles_show_advanced_css\":0,\"cellcid\":\"c3391\",\"drawerDisabled\":false,\"field_label\":\"Zamawiam rozmow\\u0119\",\"field_key\":\"zamawiam_rozmowe_1640098067453\",\"id\":10,\"beforeField\":\"\",\"afterField\":\"\",\"value\":\"\",\"label_pos\":\"above\",\"parentType\":\"textbox\",\"element_templates\":[\"submit\",\"button\",\"input\"],\"old_classname\":\"\",\"wrap_template\":\"wrap-no-label\"}];nfForms.push(form);<\/script>\n                <script id=\"nf-tmpl-cell\" type=\"text\/template\">\n            <nf-fields><\/nf-fields>\n        <\/script>\n\n        <script id=\"nf-tmpl-row\" type=\"text\/template\">\n            <nf-cells><\/nf-cells>\n        <\/script>\n\n                <img loading=\"lazy\" decoding=\"async\" width=\"1500\" height=\"705\" src=\"https:\/\/www.koronakarkonoszy.pl\/blog\/wp-content\/uploads\/2022\/06\/Dwor-Korona-Karkonoszy.jpg\" class=\"attachment-full size-full\" alt=\"\" srcset=\"https:\/\/www.koronakarkonoszy.pl\/blog\/wp-content\/uploads\/2022\/06\/Dwor-Korona-Karkonoszy.jpg 1500w, https:\/\/www.koronakarkonoszy.pl\/blog\/wp-content\/uploads\/2022\/06\/Dwor-Korona-Karkonoszy-300x141.jpg 300w, https:\/\/www.koronakarkonoszy.pl\/blog\/wp-content\/uploads\/2022\/06\/Dwor-Korona-Karkonoszy-1024x481.jpg 1024w, https:\/\/www.koronakarkonoszy.pl\/blog\/wp-content\/uploads\/2022\/06\/Dwor-Korona-Karkonoszy-768x361.jpg 768w\" sizes=\"auto, (max-width: 1500px) 100vw, 1500px\" \/>        <\/div> \n    <\/div>\n<\/div>\n\n\n\n<p>Wiosna to wymarzony okres do wyj\u015bcia na szlak. Wraz z budz\u0105c\u0105 si\u0119 do \u017cycia przyrod\u0105 obudzimy si\u0119 i my! Mo\u017cna przecie\u017c przyjecha\u0107 dzie\u0144 czy dwa wcze\u015bniej, lub zosta\u0107 chwil\u0119 d\u0142u\u017cej, i zrelaksowa\u0107 si\u0119 spaceruj\u0105c po g\u00f3rskich \u0142\u0105kach. Z kolei latem w g\u00f3rach mo\u017cna zanurzy\u0107 nogi w potoku, lub wr\u0119cz och\u0142odzi\u0107 si\u0119 k\u0105piel\u0105 w g\u00f3rskim wodospadzie. Jesie\u0144 to przepi\u0119kne kolory przebarwiaj\u0105cych si\u0119 li\u015bci na drzewach i krzewach. Niesamowite barwy, te wszystkie \u017c\u00f3\u0142cienie, pomara\u0144cze, czerwienie i fiolety. <\/p>\n\n\n\n<p>Zima w g\u00f3rach zwykle oznacza \u015bnieg, zjawisko rzadko teraz spotykane na nizinach, a wi\u0119c b\u0119d\u0105ce dodatkow\u0105 atrakcj\u0105 dla wszystkich. Zim\u0105, by dostosowa\u0107 si\u0119 do przyrody,&nbsp; mo\u017cna zorganizowa\u0107 wesele ca\u0142e w bieli. Nie tylko Panna M\u0142oda ubra\u0142aby biel, ale tak\u017ce Pan M\u0142ody i wszyscy go\u015bcie. Pomys\u0142 mo\u017ce nieco ekscentryczny, lecz z pewno\u015bci\u0105 widowiskowy.<a> <\/a>Skrz\u0105cy si\u0119 w s\u0142o\u0144cu \u015bnieg, kryszta\u0142owe sople lodu, p\u0142atki wiruj\u0105ce w blasku ksi\u0119\u017cyca. I na tym tle bia\u0142y orszak \u015blubny\u2026<\/p>\n\n\n<section id=\"leonardo-block_36c286b2084b4341146ddea5a9406bef\" class=\"leonardo page-breaker leonardo-image-left\">\r\n    <div class=\"leonardo-body\">\r\n                <div class=\"leonardo-content\"><p><!-- wp:heading --><\/p>\n<h3 id=\"ha-slub-w-gorach-sesja-fotograficzna-na-tle-gorskich-szczytow\">\u015alub w g\u00f3rach &#8211; sesja fotograficzna na tle g\u00f3rskich szczyt\u00f3w<\/h3>\n<p>Ten dzie\u0144 powinien by\u0107 naprawd\u0119 wyj\u0105tkowy. A wi\u0119c mo\u017ce poranny spacer w dniu \u015blubu? Niby nie ma czasu, niby jeszcze tyle zosta\u0142o do za\u0142atwienia\u2026 Jednak trzeba sobie u\u015bwiadomi\u0107, co tego dnia jest najwa\u017cniejsze. A raczej \u2013 kto? Oczywi\u015bcie Wy! Wasze uczucie, wi\u0119\u017a mi\u0119dzy Wami. Tego dnia, w kt\u00f3rym b\u0119dziecie bardzo zaj\u0119ci, ca\u0142y czas otoczeni innymi lud\u017ami, tym bardziej warto po\u015bwi\u0119ci\u0107 troch\u0119 czasu na piel\u0119gnowanie w\u0142asnego uczucia.<\/p>\n<p><!-- \/wp:paragraph --> <!-- wp:paragraph --><\/p>\n<p>Te wyj\u0105tkowe chwile, bardziej prywatne, mo\u017cna uwieczni\u0107 na kilku dos\u0142ownie zdj\u0119ciach. Na przyk\u0142ad powr\u00f3t z porannej przechadzki w \u015bwietle wstaj\u0105cego dopiero s\u0142o\u0144ca. Potem \u2013 tak zwany first look \u2013 pierwsze spojrzenie Pary M\u0142odej na siebie, ju\u017c w oficjalnych, \u015blubnych \u201erynsztunkach\u201d. Ciekawe, czy bardzo b\u0119dziecie si\u0119 r\u00f3\u017cni\u0107 od swojego codziennego \u201eja\u201d?<\/p>\n<p><!-- \/wp:paragraph --> <!-- wp:paragraph --><\/p>\n<p>Warto na pewno zrobi\u0107 jeszcze zdj\u0119cia na tle zachodz\u0105cego s\u0142o\u0144ca. Wymkn\u0105\u0107 si\u0119 na chwil\u0119 z przyj\u0119cia, mo\u017ce z najbli\u017cszymi przyjaci\u00f3\u0142mi? Fotografie tego typu &#8211; zachodz\u0105ce s\u0142o\u0144ce, mn\u00f3stwo drzew i oczywi\u015bcie widok g\u00f3r w tle &#8211; to oczywi\u015bcie kicz, prawda? Poczt\u00f3wka. A jednak\u2026 Je\u015bli dodatkowo wida\u0107 na nich uczucie, zdj\u0119cia przestaj\u0105 by\u0107 sztuczne i poczt\u00f3wkowe, a staj\u0105 si\u0119 zapisem autentycznych emocji. I \u017ceby ju\u017c by\u0142 komplet klisz, warto dorzuci\u0107 troch\u0119 uj\u0119\u0107 kilka godzin p\u00f3\u017aniej, gdy wzejdzie ksi\u0119\u017cyc. Najbardziej spektakularna jest pe\u0142nia, ale ksi\u0119\u017cyc w nowiu \u2013 ten uroczy rogalik \u2013 te\u017c \u015bwietnie si\u0119 nada na bohatera Waszej sesji zdj\u0119ciowej!<\/p>\n<p><!-- \/wp:paragraph --><\/p>\n<\/div>\r\n            <\/div>\r\n    <div class=\"leonardo-image\">\r\n        <img loading=\"lazy\" decoding=\"async\" width=\"1024\" height=\"683\" src=\"https:\/\/www.koronakarkonoszy.pl\/blog\/wp-content\/uploads\/2021\/07\/fotograf-na-slub1.jpg\" class=\"attachment-full size-full\" alt=\"fotograf na \u015blub\" srcset=\"https:\/\/www.koronakarkonoszy.pl\/blog\/wp-content\/uploads\/2021\/07\/fotograf-na-slub1.jpg 1024w, https:\/\/www.koronakarkonoszy.pl\/blog\/wp-content\/uploads\/2021\/07\/fotograf-na-slub1-300x200.jpg 300w, https:\/\/www.koronakarkonoszy.pl\/blog\/wp-content\/uploads\/2021\/07\/fotograf-na-slub1-768x512.jpg 768w\" sizes=\"auto, (max-width: 1024px) 100vw, 1024px\" \/>            <\/div>\r\n<\/section>\n\n\n<h2 class=\"wp-block-heading\" id=\"ha-przyjecie-na-swiezym-powietrzu-slub-i-wesele\">Przyj\u0119cie na \u015bwie\u017cym powietrzu &#8211; \u015blub i wesele<\/h2>\n\n\n\n<p>W przypadku kameralnego przyj\u0119cia w g\u00f3rach warto rozwa\u017cy\u0107 przyj\u0119cie w ogrodzie. <a href=\"https:\/\/www.koronakarkonoszy.pl\/blog\/slub-w-plenerze\/\" target=\"_blank\" rel=\"noreferrer noopener\">\u015alub w plenerze<\/a> mo\u017ce by\u0107 strza\u0142em w dziesi\u0105tk\u0119, gdy go\u015bci nie ma zbyt wielu. Skoro m\u00f3wimy o \u015blubie w g\u00f3rach, to najlepszy by\u0142by ogr\u00f3d naturalistyczny. Taki najbardziej pasuje do majestatycznych szczyt\u00f3w, starych \u015bwierk\u00f3w czy szumi\u0105cych potok\u00f3w. Uk\u0142ad ogrodu w tym przypadku stwarza wra\u017cenie przypadkowo\u015bci. Powinien p\u0142ynnie \u0142\u0105czy\u0107 si\u0119 z otaczaj\u0105cym go g\u00f3rskim krajobrazem. W takim miejscu mo\u017cna b\u0119dzie swobodnie&nbsp;cieszy\u0107 si\u0119 tym wa\u017cnym dniem i obecno\u015bci\u0105 bliskich os\u00f3b, z powodzeniem organizuj\u0105c \u015blub cywilny w plenerze.<\/p>\n\n\n<section id=\"leonardo-block_5b22e7f2b1d37ddb45c37701f3ddf307\" class=\"leonardo page-breaker leonardo-image-right\">\r\n    <div class=\"leonardo-body\">\r\n                <div class=\"leonardo-content\"><p>Panna M\u0142oda mo\u017ce wybra\u0107 stylizacj\u0119 \u201ena rusa\u0142k\u0119\u201d \u2013 wianek na g\u0142owie, prosta, lniana sukienka, sanda\u0142ki lub bose stopy. Pan M\u0142ody \u2013 proste spodnie i lniana koszula. Materia\u0142y naturalne jak otoczenie, kolory \u2013 barwy ziemi, czyli br\u0105z, terakota, zgaszona ziele\u0144 i be\u017c, a do tego biel. Relaks zapewniony! Zw\u0142aszcza je\u015bli postawimy na typowe ogrodowe menu, czyli grill albo ognisko.<\/p>\n<\/div>\r\n                    <aside class=\"leonardo-interlink\">\r\n                <b>Polecamy<\/b>\r\n                <a href=\"https:\/\/www.koronakarkonoszy.pl\/blog\/en\/slub-jelenia-gora\/\">\u015alub Jelenia G\u00f3ra \u2013 sielska ceremonia w stolicy Karkonoszy<\/a>\r\n            <\/aside>\r\n            <\/div>\r\n    <div class=\"leonardo-image\">\r\n        <img loading=\"lazy\" decoding=\"async\" width=\"1000\" height=\"667\" src=\"https:\/\/www.koronakarkonoszy.pl\/blog\/wp-content\/uploads\/2020\/11\/wesele-we-wrzesniu.jpg\" class=\"attachment-full size-full\" alt=\"\" srcset=\"https:\/\/www.koronakarkonoszy.pl\/blog\/wp-content\/uploads\/2020\/11\/wesele-we-wrzesniu.jpg 1000w, https:\/\/www.koronakarkonoszy.pl\/blog\/wp-content\/uploads\/2020\/11\/wesele-we-wrzesniu-300x200.jpg 300w, https:\/\/www.koronakarkonoszy.pl\/blog\/wp-content\/uploads\/2020\/11\/wesele-we-wrzesniu-768x512.jpg 768w\" sizes=\"auto, (max-width: 1000px) 100vw, 1000px\" \/>            <\/div>\r\n<\/section>\n\n\n<h2 class=\"wp-block-heading\" id=\"ha-ile-kosztuje-slub-kameralny-w-gorach-karkonosze\">Ile kosztuje \u015blub kameralny w g\u00f3rach \u2013 Karkonosze<\/h2>\n\n\n\n<p>Karkonosze to magiczny rejon po\u0142o\u017cony na pograniczu Polski i&nbsp;Czech. Najbogatsza w zabytki i atrakcje turystyczne cz\u0119\u015b\u0107 naszego kraju. Nigdzie indziej nie znajdziemy tylu zamk\u00f3w i pa\u0142ac\u00f3w. Do dzi\u015b zachowa\u0142a si\u0119 ich ponad setka, a mamy jeszcze do dyspozycji niezliczone dwory czy dworki my\u015bliwskie. \u0141atwo zorganizowa\u0107 \u015blub w tym regionie \u2013 wiele z tych obiekt\u00f3w funkcjonuje jako restauracje, hotele, sale balowe czy weselne. <\/p>\n\n\n\n<p>Oferuj\u0105 one szeroki wachlarz us\u0142ug na ka\u017cd\u0105 kiesze\u0144. Region ten nosi miano<strong> Doliny Pa\u0142ac\u00f3w i Ogrod\u00f3w<\/strong>, i cz\u0119sto jest por\u00f3wnywany do francuskiej Doliny Loary. Sk\u0105d na Dolnym \u015al\u0105sku takie zag\u0119szczenie wspania\u0142ych rezydencji i pa\u0142ac\u00f3w? Po prostu w XIX wieku dw\u00f3r pruski zdecydowa\u0142, \u017ce w\u0142a\u015bnie ten region b\u0119dzie idealnym miejscem wypoczynku dla samego cesarza! A za w\u0142adc\u0105 pod\u0105\u017cy\u0142y oczywi\u015bcie elity kraju, buduj\u0105c w\u0142asne pa\u0142ace, wille i dworki. Planowanie \u015blubu cywilnego w Karkonoszach to zdecydowanie dobry pomys\u0142.<\/p>\n\n\n\n<figure class=\"wp-block-image size-full\"><img loading=\"lazy\" decoding=\"async\" width=\"1024\" height=\"683\" src=\"https:\/\/www.koronakarkonoszy.pl\/blog\/wp-content\/uploads\/2021\/07\/newcandy_bar_wesele.jpg\" alt=\"candy bar\" class=\"wp-image-922\" srcset=\"https:\/\/www.koronakarkonoszy.pl\/blog\/wp-content\/uploads\/2021\/07\/newcandy_bar_wesele.jpg 1024w, https:\/\/www.koronakarkonoszy.pl\/blog\/wp-content\/uploads\/2021\/07\/newcandy_bar_wesele-300x200.jpg 300w, https:\/\/www.koronakarkonoszy.pl\/blog\/wp-content\/uploads\/2021\/07\/newcandy_bar_wesele-768x512.jpg 768w\" sizes=\"auto, (max-width: 1024px) 100vw, 1024px\" \/><figcaption class=\"wp-element-caption\"><strong>Candy bar na wesele, Dw\u00f3r Korona Karkonoszy, Sosn\u00f3wka k. Karpacza<\/strong><\/figcaption><\/figure>\n\n\n\n<p>Przy okazji \u015blubu mo\u017cna zaplanowa\u0107 zwiedzanie tych pi\u0119knych zabytk\u00f3w oraz park\u00f3w pa\u0142acowych czy ogrod\u00f3w. A przy tym ca\u0142y czas mamy widok na skaliste szczyty, prastare lasy, rw\u0105ce potoki i wodospady! Mo\u017cna te\u017c wraz z go\u015b\u0107mi wybra\u0107 bardziej nietypow\u0105 atrakcj\u0119, jak\u0105 jest w\u0119dr\u00f3wka korytarzami starych kopal\u0144, sztolni czy zag\u0142\u0119bienie si\u0119 w labirynty wiekowych kompleks\u00f3w obronnych. Tego typu miejsc w regionie Dolnego \u015al\u0105ska tak\u017ce nie brakuje.<\/p>\n\n\n\n<figure class=\"wp-block-image size-large\"><img loading=\"lazy\" decoding=\"async\" width=\"1024\" height=\"683\" src=\"https:\/\/www.koronakarkonoszy.pl\/blog\/wp-content\/uploads\/2022\/02\/lukaszsulka_plener_kolorowe_jeziorka_ewa_kuba_40-1024x683.jpg\" alt=\"\" class=\"wp-image-6704\" srcset=\"https:\/\/www.koronakarkonoszy.pl\/blog\/wp-content\/uploads\/2022\/02\/lukaszsulka_plener_kolorowe_jeziorka_ewa_kuba_40-1024x683.jpg 1024w, https:\/\/www.koronakarkonoszy.pl\/blog\/wp-content\/uploads\/2022\/02\/lukaszsulka_plener_kolorowe_jeziorka_ewa_kuba_40-300x200.jpg 300w, https:\/\/www.koronakarkonoszy.pl\/blog\/wp-content\/uploads\/2022\/02\/lukaszsulka_plener_kolorowe_jeziorka_ewa_kuba_40-768x512.jpg 768w, https:\/\/www.koronakarkonoszy.pl\/blog\/wp-content\/uploads\/2022\/02\/lukaszsulka_plener_kolorowe_jeziorka_ewa_kuba_40-1920x1280.jpg 1920w, https:\/\/www.koronakarkonoszy.pl\/blog\/wp-content\/uploads\/2022\/02\/lukaszsulka_plener_kolorowe_jeziorka_ewa_kuba_40-1536x1024.jpg 1536w, https:\/\/www.koronakarkonoszy.pl\/blog\/wp-content\/uploads\/2022\/02\/lukaszsulka_plener_kolorowe_jeziorka_ewa_kuba_40.jpg 2048w\" sizes=\"auto, (max-width: 1024px) 100vw, 1024px\" \/><figcaption class=\"wp-element-caption\"><strong>Sesja weselna w g\u00f3rach <\/strong><\/figcaption><\/figure>\n\n\n\n<p>Kameralny \u015blub w g\u00f3rach b\u0119dzie dla Was niesamowitym prze\u017cyciem. \u015awi\u0119towanie w tak malowniczych okoliczno\u015bciach to magiczny, niezwykle romantyczny pocz\u0105tek nowego rozdzia\u0142u w zwi\u0105zku.<\/p>\n\n\n\n<h2 class=\"wp-block-heading\" id=\"ha-slub-zakopane-maly-kosciolek-czy-slub-w-plenerze\">\u015alub Zakopane, ma\u0142y ko\u015bci\u00f3\u0142ek czy \u015blub w plenerze?<\/h2>\n\n\n\n<p>Podsumowuj\u0105c &#8211; g\u00f3rski klimat nie ma sobie r\u00f3wnych, je\u015bli chodzi o sceneri\u0119 \u015blubu czy wesela. W Polsce du\u017c\u0105 popularno\u015bci\u0105 ciesz\u0105 si\u0119 tak\u017ce Tatry, oferuj\u0105c szeroki wachlarz mo\u017cliwo\u015bci. \u015alub Tatrach to klimatyczne ko\u015bci\u00f3\u0142ki, przepi\u0119kne widoki i niezapomniane chwile. Przyk\u0142adowo Rezydencja Guba\u0142\u00f3wka wesele organizuje od postaw. Je\u015bli w gr\u0119 wchodzi jedynie \u015blub plenerowy Zakopane r\u00f3wnie\u017c ma do zaoferowania przepi\u0119kne miejsca na \u015blub cywilny w plenerze. Jednak warto odkry\u0107 klimat Karkonoszy i cieszy\u0107 si\u0119 <\/p>\n\n\n<style>\n  .destination_map {\n    margin: 1.5em 0;\n  }\n\n  body:not(.wp-admin) .admin {\n    display: none;\n  }\n\n  .map {\n    max-width: 800px;\n    height: 400px;\n  }\n\n  .wp-admin .map {\n    display: none;\n  }\n<\/style>\n\n<div id=\"destination_map-block_387bd97a7acda5bb01c917d5ad3c01f6\" class=\"destination_map\">\n  <div class=\"destinationmap-body admin\" style=\"background-color: lightblue;\">\n        Mapa dojazdu\n  <\/div>\n  <div id=\"block_387bd97a7acda5bb01c917d5ad3c01f6\" class=\"map\"><\/div>\n<\/div>\n\n<script>\n  (function($) {\n\n    function mapLocation() {\n      var directionsDisplay;\n      var directionsService = new google.maps.DirectionsService();\n      var map;\n\n      function initialize() {\n        var pos = new google.maps.LatLng(50.8190591, 15.7212853);\n        var mapOptions = {\n          zoom: 11,\n          center: pos\n        };\n        map = new google.maps.Map(document.getElementById('block_387bd97a7acda5bb01c917d5ad3c01f6'), mapOptions);\n\n        var marker = new google.maps.Marker({\n          position: pos,\n          map: map\n        });\n\n      }\n\n      google.maps.event.addDomListener(window, 'load', initialize);\n    }\n    mapLocation();\n\n  })(jQuery);\n<\/script>","protected":false},"excerpt":{"rendered":"<p>W czasach m\u0142odo\u015bci naszych dziadk\u00f3w czy rodzic\u00f3w nie wyobra\u017cano sobie \u015blubu w innym miejscu ni\u017c parafia Panny M\u0142odej. Wesela za\u015b musia\u0142y by\u0107 huczne, a cichy \u015blub cywilny by\u0142 wr\u0119cz niespotykany. Najcz\u0119\u015bciej organizowano je w remizach, miejscowych \u015bwietlicach czy w domach. Skromny, kameralny \u015blub w g\u00f3rach czy w og\u00f3le uroczysto\u015b\u0107 w gronie najbli\u017cszej rodziny, by\u0142y rzadko\u015bci\u0105. [&hellip;]<\/p>\n","protected":false},"author":11,"featured_media":2884,"comment_status":"closed","ping_status":"closed","sticky":false,"template":"","format":"standard","meta":{"_acf_changed":false,"footnotes":""},"categories":[11,4,3],"class_list":["post-2806","post","type-post","status-publish","format-standard","has-post-thumbnail","hentry","category-sala-weselna","category-tradycja","category-trendy"],"acf":[],"yoast_head":"<!-- This site is optimized with the Yoast SEO plugin v27.5 - https:\/\/yoast.com\/product\/yoast-seo-wordpress\/ -->\n<title>Kameralne wesele w g\u00f3rach | Koronakarkonoszy.pl<\/title>\n<meta name=\"description\" content=\"Kameralne wesele w g\u00f3rach to idealna propozycja dla par pragn\u0105cych \u015bwi\u0119towa\u0107 w magicznej scenerii w gronie najbli\u017cszych. Sprawd\u017a nasz wpis!\" \/>\n<meta name=\"robots\" content=\"index, follow, max-snippet:-1, max-image-preview:large, max-video-preview:-1\" \/>\n<link rel=\"canonical\" href=\"https:\/\/www.koronakarkonoszy.pl\/blog\/en\/intimate-wedding-in-the-mountains-2\/\" \/>\n<meta property=\"og:locale\" content=\"en_GB\" \/>\n<meta property=\"og:type\" content=\"article\" \/>\n<meta property=\"og:title\" content=\"Kameralne wesele w g\u00f3rach | Koronakarkonoszy.pl\" \/>\n<meta property=\"og:description\" content=\"Kameralne wesele w g\u00f3rach to idealna propozycja dla par pragn\u0105cych \u015bwi\u0119towa\u0107 w magicznej scenerii w gronie najbli\u017cszych. Sprawd\u017a nasz wpis!\" \/>\n<meta property=\"og:url\" content=\"https:\/\/www.koronakarkonoszy.pl\/blog\/en\/intimate-wedding-in-the-mountains-2\/\" \/>\n<meta property=\"og:site_name\" content=\":: Blog weselny\" \/>\n<meta property=\"article:published_time\" content=\"2024-07-12T17:42:00+00:00\" \/>\n<meta property=\"article:modified_time\" content=\"2025-05-23T11:59:39+00:00\" \/>\n<meta property=\"og:image\" content=\"https:\/\/www.koronakarkonoszy.pl\/blog\/wp-content\/uploads\/2022\/02\/pexels-pavel-danilyuk-7178885.jpg\" \/>\n\t<meta property=\"og:image:width\" content=\"1280\" \/>\n\t<meta property=\"og:image:height\" content=\"854\" \/>\n\t<meta property=\"og:image:type\" content=\"image\/jpeg\" \/>\n<meta name=\"author\" content=\"agnieszka\" \/>\n<meta name=\"twitter:card\" content=\"summary_large_image\" \/>\n<meta name=\"twitter:label1\" content=\"Written by\" \/>\n\t<meta name=\"twitter:data1\" content=\"agnieszka\" \/>\n\t<meta name=\"twitter:label2\" content=\"Estimated reading time\" \/>\n\t<meta name=\"twitter:data2\" content=\"18 minutes\" \/>\n<script type=\"application\/ld+json\" class=\"yoast-schema-graph\">{\"@context\":\"https:\\\/\\\/schema.org\",\"@graph\":[{\"@type\":\"Article\",\"@id\":\"https:\\\/\\\/www.koronakarkonoszy.pl\\\/blog\\\/kameralny-slub-w-gorach\\\/#article\",\"isPartOf\":{\"@id\":\"https:\\\/\\\/www.koronakarkonoszy.pl\\\/blog\\\/kameralny-slub-w-gorach\\\/\"},\"author\":{\"name\":\"agnieszka\",\"@id\":\"https:\\\/\\\/www.koronakarkonoszy.pl\\\/blog\\\/#\\\/schema\\\/person\\\/ec8c88bd01ebe6cbf6a16435ce22276f\"},\"headline\":\"Kameralny \u015blub w g\u00f3rach \u2013 magiczna ceremonia\",\"datePublished\":\"2024-07-12T17:42:00+00:00\",\"dateModified\":\"2025-05-23T11:59:39+00:00\",\"mainEntityOfPage\":{\"@id\":\"https:\\\/\\\/www.koronakarkonoszy.pl\\\/blog\\\/kameralny-slub-w-gorach\\\/\"},\"wordCount\":3169,\"image\":{\"@id\":\"https:\\\/\\\/www.koronakarkonoszy.pl\\\/blog\\\/kameralny-slub-w-gorach\\\/#primaryimage\"},\"thumbnailUrl\":\"https:\\\/\\\/www.koronakarkonoszy.pl\\\/blog\\\/wp-content\\\/uploads\\\/2022\\\/02\\\/pexels-pavel-danilyuk-7178885.jpg\",\"articleSection\":[\"Sala weselna\",\"Tradycja\",\"Trendy\"],\"inLanguage\":\"en-GB\"},{\"@type\":\"WebPage\",\"@id\":\"https:\\\/\\\/www.koronakarkonoszy.pl\\\/blog\\\/kameralny-slub-w-gorach\\\/\",\"url\":\"https:\\\/\\\/www.koronakarkonoszy.pl\\\/blog\\\/kameralny-slub-w-gorach\\\/\",\"name\":\"Kameralne wesele w g\u00f3rach | Koronakarkonoszy.pl\",\"isPartOf\":{\"@id\":\"https:\\\/\\\/www.koronakarkonoszy.pl\\\/blog\\\/#website\"},\"primaryImageOfPage\":{\"@id\":\"https:\\\/\\\/www.koronakarkonoszy.pl\\\/blog\\\/kameralny-slub-w-gorach\\\/#primaryimage\"},\"image\":{\"@id\":\"https:\\\/\\\/www.koronakarkonoszy.pl\\\/blog\\\/kameralny-slub-w-gorach\\\/#primaryimage\"},\"thumbnailUrl\":\"https:\\\/\\\/www.koronakarkonoszy.pl\\\/blog\\\/wp-content\\\/uploads\\\/2022\\\/02\\\/pexels-pavel-danilyuk-7178885.jpg\",\"datePublished\":\"2024-07-12T17:42:00+00:00\",\"dateModified\":\"2025-05-23T11:59:39+00:00\",\"author\":{\"@id\":\"https:\\\/\\\/www.koronakarkonoszy.pl\\\/blog\\\/#\\\/schema\\\/person\\\/ec8c88bd01ebe6cbf6a16435ce22276f\"},\"description\":\"Kameralne wesele w g\u00f3rach to idealna propozycja dla par pragn\u0105cych \u015bwi\u0119towa\u0107 w magicznej scenerii w gronie najbli\u017cszych. Sprawd\u017a nasz wpis!\",\"breadcrumb\":{\"@id\":\"https:\\\/\\\/www.koronakarkonoszy.pl\\\/blog\\\/kameralny-slub-w-gorach\\\/#breadcrumb\"},\"inLanguage\":\"en-GB\",\"potentialAction\":[{\"@type\":\"ReadAction\",\"target\":[\"https:\\\/\\\/www.koronakarkonoszy.pl\\\/blog\\\/kameralny-slub-w-gorach\\\/\"]}]},{\"@type\":\"ImageObject\",\"inLanguage\":\"en-GB\",\"@id\":\"https:\\\/\\\/www.koronakarkonoszy.pl\\\/blog\\\/kameralny-slub-w-gorach\\\/#primaryimage\",\"url\":\"https:\\\/\\\/www.koronakarkonoszy.pl\\\/blog\\\/wp-content\\\/uploads\\\/2022\\\/02\\\/pexels-pavel-danilyuk-7178885.jpg\",\"contentUrl\":\"https:\\\/\\\/www.koronakarkonoszy.pl\\\/blog\\\/wp-content\\\/uploads\\\/2022\\\/02\\\/pexels-pavel-danilyuk-7178885.jpg\",\"width\":1280,\"height\":854},{\"@type\":\"BreadcrumbList\",\"@id\":\"https:\\\/\\\/www.koronakarkonoszy.pl\\\/blog\\\/kameralny-slub-w-gorach\\\/#breadcrumb\",\"itemListElement\":[{\"@type\":\"ListItem\",\"position\":1,\"name\":\"Strona g\u0142\u00f3wna\",\"item\":\"https:\\\/\\\/www.koronakarkonoszy.pl\\\/blog\\\/\"},{\"@type\":\"ListItem\",\"position\":2,\"name\":\"Kameralny \u015blub w g\u00f3rach \u2013 magiczna ceremonia\"}]},{\"@type\":\"WebSite\",\"@id\":\"https:\\\/\\\/www.koronakarkonoszy.pl\\\/blog\\\/#website\",\"url\":\"https:\\\/\\\/www.koronakarkonoszy.pl\\\/blog\\\/\",\"name\":\":: Blog weselny\",\"description\":\"Blog weselny Dw\u00f3r Korona Karkonoszy\",\"potentialAction\":[{\"@type\":\"SearchAction\",\"target\":{\"@type\":\"EntryPoint\",\"urlTemplate\":\"https:\\\/\\\/www.koronakarkonoszy.pl\\\/blog\\\/?s={search_term_string}\"},\"query-input\":{\"@type\":\"PropertyValueSpecification\",\"valueRequired\":true,\"valueName\":\"search_term_string\"}}],\"inLanguage\":\"en-GB\"},{\"@type\":\"Person\",\"@id\":\"https:\\\/\\\/www.koronakarkonoszy.pl\\\/blog\\\/#\\\/schema\\\/person\\\/ec8c88bd01ebe6cbf6a16435ce22276f\",\"name\":\"agnieszka\",\"image\":{\"@type\":\"ImageObject\",\"inLanguage\":\"en-GB\",\"@id\":\"https:\\\/\\\/www.koronakarkonoszy.pl\\\/blog\\\/wp-content\\\/litespeed\\\/avatar\\\/53ee7b676463f74d0aea1a09de3d003b.jpg?ver=1777438794\",\"url\":\"https:\\\/\\\/www.koronakarkonoszy.pl\\\/blog\\\/wp-content\\\/litespeed\\\/avatar\\\/53ee7b676463f74d0aea1a09de3d003b.jpg?ver=1777438794\",\"contentUrl\":\"https:\\\/\\\/www.koronakarkonoszy.pl\\\/blog\\\/wp-content\\\/litespeed\\\/avatar\\\/53ee7b676463f74d0aea1a09de3d003b.jpg?ver=1777438794\",\"caption\":\"agnieszka\"},\"url\":\"https:\\\/\\\/www.koronakarkonoszy.pl\\\/blog\\\/en\\\/author\\\/agnieszka\\\/\"}]}<\/script>\n<!-- \/ Yoast SEO plugin. -->","yoast_head_json":{"title":"Intimate wedding in the mountains | Koronakarkonoszy.pl","description":"An intimate wedding in the mountains is the perfect option for couples wishing to celebrate in a magical setting with their loved ones. Check out our entry!","robots":{"index":"index","follow":"follow","max-snippet":"max-snippet:-1","max-image-preview":"max-image-preview:large","max-video-preview":"max-video-preview:-1"},"canonical":"https:\/\/www.koronakarkonoszy.pl\/blog\/en\/intimate-wedding-in-the-mountains-2\/","og_locale":"en_GB","og_type":"article","og_title":"Kameralne wesele w g\u00f3rach | Koronakarkonoszy.pl","og_description":"Kameralne wesele w g\u00f3rach to idealna propozycja dla par pragn\u0105cych \u015bwi\u0119towa\u0107 w magicznej scenerii w gronie najbli\u017cszych. Sprawd\u017a nasz wpis!","og_url":"https:\/\/www.koronakarkonoszy.pl\/blog\/en\/intimate-wedding-in-the-mountains-2\/","og_site_name":":: Blog weselny","article_published_time":"2024-07-12T17:42:00+00:00","article_modified_time":"2025-05-23T11:59:39+00:00","og_image":[{"width":1280,"height":854,"url":"https:\/\/www.koronakarkonoszy.pl\/blog\/wp-content\/uploads\/2022\/02\/pexels-pavel-danilyuk-7178885.jpg","type":"image\/jpeg"}],"author":"agnieszka","twitter_card":"summary_large_image","twitter_misc":{"Written by":"agnieszka","Estimated reading time":"18 minutes"},"schema":{"@context":"https:\/\/schema.org","@graph":[{"@type":"Article","@id":"https:\/\/www.koronakarkonoszy.pl\/blog\/kameralny-slub-w-gorach\/#article","isPartOf":{"@id":"https:\/\/www.koronakarkonoszy.pl\/blog\/kameralny-slub-w-gorach\/"},"author":{"name":"agnieszka","@id":"https:\/\/www.koronakarkonoszy.pl\/blog\/#\/schema\/person\/ec8c88bd01ebe6cbf6a16435ce22276f"},"headline":"Kameralny \u015blub w g\u00f3rach \u2013 magiczna ceremonia","datePublished":"2024-07-12T17:42:00+00:00","dateModified":"2025-05-23T11:59:39+00:00","mainEntityOfPage":{"@id":"https:\/\/www.koronakarkonoszy.pl\/blog\/kameralny-slub-w-gorach\/"},"wordCount":3169,"image":{"@id":"https:\/\/www.koronakarkonoszy.pl\/blog\/kameralny-slub-w-gorach\/#primaryimage"},"thumbnailUrl":"https:\/\/www.koronakarkonoszy.pl\/blog\/wp-content\/uploads\/2022\/02\/pexels-pavel-danilyuk-7178885.jpg","articleSection":["Sala weselna","Tradycja","Trendy"],"inLanguage":"en-GB"},{"@type":"WebPage","@id":"https:\/\/www.koronakarkonoszy.pl\/blog\/kameralny-slub-w-gorach\/","url":"https:\/\/www.koronakarkonoszy.pl\/blog\/kameralny-slub-w-gorach\/","name":"Intimate wedding in the mountains | Koronakarkonoszy.pl","isPartOf":{"@id":"https:\/\/www.koronakarkonoszy.pl\/blog\/#website"},"primaryImageOfPage":{"@id":"https:\/\/www.koronakarkonoszy.pl\/blog\/kameralny-slub-w-gorach\/#primaryimage"},"image":{"@id":"https:\/\/www.koronakarkonoszy.pl\/blog\/kameralny-slub-w-gorach\/#primaryimage"},"thumbnailUrl":"https:\/\/www.koronakarkonoszy.pl\/blog\/wp-content\/uploads\/2022\/02\/pexels-pavel-danilyuk-7178885.jpg","datePublished":"2024-07-12T17:42:00+00:00","dateModified":"2025-05-23T11:59:39+00:00","author":{"@id":"https:\/\/www.koronakarkonoszy.pl\/blog\/#\/schema\/person\/ec8c88bd01ebe6cbf6a16435ce22276f"},"description":"An intimate wedding in the mountains is the perfect option for couples wishing to celebrate in a magical setting with their loved ones. Check out our entry!","breadcrumb":{"@id":"https:\/\/www.koronakarkonoszy.pl\/blog\/kameralny-slub-w-gorach\/#breadcrumb"},"inLanguage":"en-GB","potentialAction":[{"@type":"ReadAction","target":["https:\/\/www.koronakarkonoszy.pl\/blog\/kameralny-slub-w-gorach\/"]}]},{"@type":"ImageObject","inLanguage":"en-GB","@id":"https:\/\/www.koronakarkonoszy.pl\/blog\/kameralny-slub-w-gorach\/#primaryimage","url":"https:\/\/www.koronakarkonoszy.pl\/blog\/wp-content\/uploads\/2022\/02\/pexels-pavel-danilyuk-7178885.jpg","contentUrl":"https:\/\/www.koronakarkonoszy.pl\/blog\/wp-content\/uploads\/2022\/02\/pexels-pavel-danilyuk-7178885.jpg","width":1280,"height":854},{"@type":"BreadcrumbList","@id":"https:\/\/www.koronakarkonoszy.pl\/blog\/kameralny-slub-w-gorach\/#breadcrumb","itemListElement":[{"@type":"ListItem","position":1,"name":"Strona g\u0142\u00f3wna","item":"https:\/\/www.koronakarkonoszy.pl\/blog\/"},{"@type":"ListItem","position":2,"name":"Kameralny \u015blub w g\u00f3rach \u2013 magiczna ceremonia"}]},{"@type":"WebSite","@id":"https:\/\/www.koronakarkonoszy.pl\/blog\/#website","url":"https:\/\/www.koronakarkonoszy.pl\/blog\/","name":":: Wedding blog","description":"Wedding blog Dw\u00f3r Korona Karkonosze","potentialAction":[{"@type":"SearchAction","target":{"@type":"EntryPoint","urlTemplate":"https:\/\/www.koronakarkonoszy.pl\/blog\/?s={search_term_string}"},"query-input":{"@type":"PropertyValueSpecification","valueRequired":true,"valueName":"search_term_string"}}],"inLanguage":"en-GB"},{"@type":"Person","@id":"https:\/\/www.koronakarkonoszy.pl\/blog\/#\/schema\/person\/ec8c88bd01ebe6cbf6a16435ce22276f","name":"Agnes","image":{"@type":"ImageObject","inLanguage":"en-GB","@id":"https:\/\/www.koronakarkonoszy.pl\/blog\/wp-content\/litespeed\/avatar\/53ee7b676463f74d0aea1a09de3d003b.jpg?ver=1777438794","url":"https:\/\/www.koronakarkonoszy.pl\/blog\/wp-content\/litespeed\/avatar\/53ee7b676463f74d0aea1a09de3d003b.jpg?ver=1777438794","contentUrl":"https:\/\/www.koronakarkonoszy.pl\/blog\/wp-content\/litespeed\/avatar\/53ee7b676463f74d0aea1a09de3d003b.jpg?ver=1777438794","caption":"agnieszka"},"url":"https:\/\/www.koronakarkonoszy.pl\/blog\/en\/author\/agnieszka\/"}]}},"_links":{"self":[{"href":"https:\/\/www.koronakarkonoszy.pl\/blog\/en\/wp-json\/wp\/v2\/posts\/2806","targetHints":{"allow":["GET"]}}],"collection":[{"href":"https:\/\/www.koronakarkonoszy.pl\/blog\/en\/wp-json\/wp\/v2\/posts"}],"about":[{"href":"https:\/\/www.koronakarkonoszy.pl\/blog\/en\/wp-json\/wp\/v2\/types\/post"}],"author":[{"embeddable":true,"href":"https:\/\/www.koronakarkonoszy.pl\/blog\/en\/wp-json\/wp\/v2\/users\/11"}],"replies":[{"embeddable":true,"href":"https:\/\/www.koronakarkonoszy.pl\/blog\/en\/wp-json\/wp\/v2\/comments?post=2806"}],"version-history":[{"count":3,"href":"https:\/\/www.koronakarkonoszy.pl\/blog\/en\/wp-json\/wp\/v2\/posts\/2806\/revisions"}],"predecessor-version":[{"id":11748,"href":"https:\/\/www.koronakarkonoszy.pl\/blog\/en\/wp-json\/wp\/v2\/posts\/2806\/revisions\/11748"}],"wp:featuredmedia":[{"embeddable":true,"href":"https:\/\/www.koronakarkonoszy.pl\/blog\/en\/wp-json\/wp\/v2\/media\/2884"}],"wp:attachment":[{"href":"https:\/\/www.koronakarkonoszy.pl\/blog\/en\/wp-json\/wp\/v2\/media?parent=2806"}],"wp:term":[{"taxonomy":"category","embeddable":true,"href":"https:\/\/www.koronakarkonoszy.pl\/blog\/en\/wp-json\/wp\/v2\/categories?post=2806"}],"curies":[{"name":"wp","href":"https:\/\/api.w.org\/{rel}","templated":true}]}}