{"id":2684,"date":"2023-03-30T16:30:45","date_gmt":"2023-03-30T14:30:45","guid":{"rendered":"https:\/\/www.koronakarkonoszy.pl\/blog\/?p=2684"},"modified":"2024-12-11T11:54:47","modified_gmt":"2024-12-11T10:54:47","slug":"is-a-corpus-christi-wedding-a-good-idea","status":"publish","type":"post","link":"https:\/\/www.koronakarkonoszy.pl\/blog\/en\/czy-slub-w-boze-cialo-to-dobry-pomysl\/","title":{"rendered":"Is a Corpus Christi wedding a good idea?"},"content":{"rendered":"\n<p><strong>Jednym z pierwszych etap\u00f3w organizacji \u015blubu jest wyznaczenie daty. Du\u017c\u0105 popularno\u015bci\u0105 w\u015br\u00f3d narzeczonych ciesz\u0105 si\u0119 terminy \u015bwi\u0105teczne, kt\u00f3re kusz\u0105 wyj\u0105tkow\u0105, klimatyczn\u0105 aur\u0105. Do takich dni zaliczymy m.in. Bo\u017ce Cia\u0142o. Czy \u015blub w Bo\u017ce Cia\u0142o to dobre rozwi\u0105zanie?<\/strong><\/p>\n\n\n<div id=\"ariadna-block_ba1e3f442fcaf868c379f9333b56a1f7\" class=\"ariadna\">\r\n    <ul><li><a href=\"#h-bo-e-cia-o-co-to-za-wi-to\">Bo\u017ce Cia\u0142o \u2013 co to za \u015bwi\u0119to?<\/a><\/li><li><a href=\"#h-lub-w-bo-e-cia-o-to-4-dni-wi-towania\">\u015alub w Bo\u017ce Cia\u0142o to 4 dni \u015bwi\u0119towania!<\/a><\/li><li><a href=\"#h-slub-w-boze-cialo-to-szansa-na-piekna-pogode\">\u015alub w Bo\u017ce Cia\u0142o to szansa na pi\u0119kn\u0105 pogod\u0119<\/a><\/li><li><a href=\"#h-cywilny-i-ko-cielny-lub-w-bo-e-cia-o\">Cywilny i ko\u015bcielny \u015blub w Bo\u017ce Cia\u0142o<\/a><\/li><li><a href=\"#h-czy-slub-w-swieto-koscielne-to-dobry-pomysl\">Czy \u015blub w \u015bwi\u0119to ko\u015bcielne to dobry pomys\u0142?<\/a><\/li><li><a href=\"#h-huczne-wesele-w-bo-e-cia-o-czy-to-mo-liwie\">Huczne wesele w Bo\u017ce Cia\u0142o \u2013 czy to mo\u017cliwie?<\/a><\/li><li><a href=\"#h-uslugi-weselne\">Us\u0142ugi weselne<\/a><\/li><li><a href=\"#ha-zalety-slubu-w-boze-cialo\">Zalety \u015blubu w Bo\u017ce Cia\u0142o<\/a><\/li><li><a href=\"#h-organizacja-wesela-w-boze-cialo\">Organizacja wesela w Bo\u017ce Cia\u0142o<\/a><\/li><li><a href=\"#h-inspiracje-na-wesele-i-lub-w-bo-e-cia-o\">Inspiracje na wesele i \u015blub w Bo\u017ce Cia\u0142o<\/a><\/li><li><a href=\"#h-a-moze-slub-w-piatek-po-bozym-ciele\">A mo\u017ce <a href=\"https:\/\/www.koronakarkonoszy.pl\/blog\/slub-w-piatek-modny-zwyczaj-ostatnich-lat\/\" class=\"links-placer\">\u015blub w pi\u0105tek po Bo\u017cym Ciele?<\/a><\/li><li><a href=\"#ha-slub-w-boze-cialo-w-plenerze\">\u015alub w Bo\u017ce Cia\u0142o w plenerze<\/a><\/li><\/ul>\r\n<\/div>\r\n\r\n\r\n\r\n\n\n\n<h2 class=\"wp-block-heading\" id=\"h-bo-e-cia-o-co-to-za-wi-to\">Bo\u017ce Cia\u0142o \u2013 co to za \u015bwi\u0119to?<\/h2>\n\n\n\n<p>Bo\u017ce Cia\u0142o to potoczna nazwa dla Uroczysto\u015bci Naj\u015bwi\u0119tszego Cia\u0142a i Krwi Chrystusa. Jest to jedno z najwi\u0119kszych \u015bwi\u0105t katolickich w kalendarzu liturgicznym. Uroczysto\u015b\u0107 zapocz\u0105tkowano w XIII wieku, kiedy to w Ko\u015bciele katolickim przyj\u0119to dogmat o transsubstancjacji, czyli przemianie chleba i wina w cia\u0142o i krew Chrystusa przy zachowaniu naturalnych cech tych substancji \u2013 takich jak smak czy forma. Od tamtej pory Eucharystia przesta\u0142a by\u0107 wy\u0142\u0105cznie elementem liturgii. Zacz\u0119to traktowa\u0107 j\u0105 jako dow\u00f3d na trwa\u0142\u0105 obecno\u015b\u0107 Chrystusa na Ziemi. W Polsce tradycj\u0119 obchodzenia \u015bwi\u0119ta zapocz\u0105tkowa\u0142 biskup Nankier w 1320 roku.<\/p>\n\n\n\n<figure class=\"wp-block-image size-large\"><a href=\"https:\/\/www.koronakarkonoszy.pl\/wesele\/\" target=\"_blank\" rel=\"noreferrer noopener\"><img loading=\"lazy\" decoding=\"async\" width=\"1024\" height=\"512\" src=\"https:\/\/www.koronakarkonoszy.pl\/blog\/wp-content\/uploads\/2020\/01\/stylowy_dwor_wesleny_DKK-3-1024x512.jpg\" alt=\"\" class=\"wp-image-3921\" srcset=\"https:\/\/www.koronakarkonoszy.pl\/blog\/wp-content\/uploads\/2020\/01\/stylowy_dwor_wesleny_DKK-3-1024x512.jpg 1024w, https:\/\/www.koronakarkonoszy.pl\/blog\/wp-content\/uploads\/2020\/01\/stylowy_dwor_wesleny_DKK-3-300x150.jpg 300w, https:\/\/www.koronakarkonoszy.pl\/blog\/wp-content\/uploads\/2020\/01\/stylowy_dwor_wesleny_DKK-3-768x384.jpg 768w, https:\/\/www.koronakarkonoszy.pl\/blog\/wp-content\/uploads\/2020\/01\/stylowy_dwor_wesleny_DKK-3.jpg 1200w\" sizes=\"auto, (max-width: 1024px) 100vw, 1024px\" \/><\/a><\/figure>\n\n\n\n<p>Bo\u017ce Cia\u0142o to \u015bwi\u0119to ruchome, kt\u00f3re wypada w czwartek po oktawie Zes\u0142ania Ducha \u015awi\u0119tego, czyli na prze\u0142omie maja i czerwca. Dla wielu os\u00f3b jest to dzie\u0144 wolny. Pi\u0119kna, p\u00f3\u017anowiosenna pogoda i wolne od pracy czyni\u0105 t\u0119 dat\u0119 idealnym terminem na zawarcie zwi\u0105zku ma\u0142\u017ce\u0144skiego i celebrowanie za\u015blubin na weselu. <strong>Czy mo\u017cna zorganizowa\u0107 \u015blub w Bo\u017ce Cia\u0142o?<\/strong><\/p>\n\n\n\n<style>\n    .cta_block{\n        margin: 1.5em 0;\n    }\n    .cta_block_content {\n        position: relative;\n        color: white;\n        padding: 1em;\n    }\n    .cta_block_content h3{\n        text-align: center;\n        font: normal normal normal 36px\/50px Yeseva One;\n    }\n    .cta_block_content .cta_block_desc{\n        text-align: center;\n        font-size: 1.1em;\n        position: relative;\n    }\n    .cta_block_content .cta_block_desc:before {\n        content: '';\n        width: 80px;\n        height: 4px;\n        background: #EEB315;\n        position: absolute;\n        left: 0;\n        right: 0;\n        margin-left: auto;\n        margin-right: auto;\n        top: -22px;\n    }\n\n    .cta_block_content picture{\n        position: absolute;\n        top: 0;\n        right: 0;\n        z-index: -1;\n        height: 100%;\n        overflow: hidden;\n        width: 100%;\n    }\n    .cta_block_content picture img{\n        object-fit: cover;\n        height: 100%;\n        width: 100%;\n    }\n    .cta_block .cta_block_content .ninja-forms-field{\n        background: #FFFFFF2F;\n        border: 1px solid #EEB315;\n        border-radius: 25px;\n        opacity: 1;\n        color: #ffffff;\n    }\n    .cta_block .cta_block_content .nf-form-content input[type=submit]{\n        background-color: #EEB315;\n        color: #292929;\n        text-align: center;\n        font: normal normal bold 14px\/20px Work Sans;\n        padding: 0 2em;\n    }\n\n    .cta_block ::placeholder{\n        color: white!important;\n        opacity: 1;\n    }\n\n    .cta_block_content::after {\n        height: 100%;\n        width: 100%;\n        content: \"\";\n        z-index: -1;\n        position: absolute;\n        top: 0;\n        background: #00000070;\n        right: 0;\n        left: 0;\n        bottom: 0;\n    }\n    #ha-cta-block, .cta_block_desc, .cta_block .nf-field-label, .cta_block .nf-error-msg {\n        filter: drop-shadow(1px 1px 8px black);\n    }\n\n\/*    .cta_block nf-rows-wrap {\n        display: flex;\n        justify-content: space-around;\n        flex-direction: row;\n    }*\/\n\n    .cta_block .nf-field-label {\n        display:none;\n    }\n\n    .cta_block .nf-error.field-wrap .nf-field-element::after {\n        border-radius: 50px;\n    }\n\n    .cta_block .nf-error-msg {\n        color: #fff;\n    }\n\n    .cta_block .nf-form-cont {\n        margin-top: 3em;\n        margin-bottom: 1em;\n    }\n\n    .wp-admin .cta_block_content{\n        display: none;\n    }\n    .cta_block .nf-form-fields-required {\n        display: none;\n    }\n    body:not(.wp-admin) .cta_block_admin {\n        display: none;\n    }\n<\/style>\n<div id=\"cta_block-block_9de0a476460473f17668320b848a1a15\" class=\"cta_block\">\n    <div class=\"cta_block_admin\" style=\"background-color: blue; color: white\">\n        Blok CTA\n    <\/div>\n    <div class=\"cta_block\">\n        <div class=\"cta_block_content\">   \n        <h3 id=\"ha-planujesz-slub-w-boze-cialo\">Planujesz \u015blub w Bo\u017ce Cia\u0142o? <\/h3>\n                    <div class=\"cta_block_desc\">Ju\u017c dzi\u015b zarezerwuj termin! <\/div>\n                <noscript class=\"ninja-forms-noscript-message\">\n\tNotice: JavaScript is required for this content.<\/noscript>\n<div id=\"nf-form-3-cont\" class=\"nf-form-cont\" aria-live=\"polite\" aria-labelledby=\"nf-form-title-3\" aria-describedby=\"nf-form-errors-3\" role=\"form\">\n\n    <div class=\"nf-loading-spinner\"><\/div>\n\n<\/div>\n        <!-- That data is being printed as a workaround to page builders reordering the order of the scripts loaded-->\n        <script>var formDisplay=1;var nfForms=nfForms||[];var form=[];form.id='3';form.settings={\"objectType\":\"Form Setting\",\"editActive\":true,\"title\":\"Block CTA\",\"created_at\":\"2022-11-08 16:03:33\",\"default_label_pos\":\"above\",\"show_title\":0,\"clear_complete\":\"1\",\"hide_complete\":\"1\",\"logged_in\":\"\",\"wrapper_class\":\"\",\"element_class\":\"\",\"key\":\"\",\"add_submit\":\"0\",\"changeEmailErrorMsg\":\"Please enter a valid email address!\",\"changeDateErrorMsg\":\"Please enter a valid date!\",\"confirmFieldErrorMsg\":\"These fields must match!\",\"fieldNumberNumMinError\":\"Number Min Error\",\"fieldNumberNumMaxError\":\"Number Max Error\",\"fieldNumberIncrementBy\":\"Please increment by \",\"formErrorsCorrectErrors\":\"Please correct errors before submitting this form.\",\"validateRequiredField\":\"This is a required field.\",\"honeypotHoneypotError\":\"Honeypot Error\",\"fieldsMarkedRequired\":\"Fields marked with an <span class=\\\"ninja-forms-req-symbol\\\">*<\\\/span> are required\",\"currency\":\"\",\"repeatable_fieldsets\":\"\",\"unique_field_error\":\"Formularz z t\\u0105 warto\\u015bci\\u0105 zosta\\u0142 ju\\u017c przes\\u0142any.\",\"not_logged_in_msg\":\"\",\"sub_limit_msg\":\"Formularz osi\\u0105gn\\u0105\\u0142 limit wys\\u0142a\\u0144.\",\"calculations\":[],\"container_styles_show_advanced_css\":\"0\",\"title_styles_show_advanced_css\":\"0\",\"row_styles_show_advanced_css\":\"0\",\"row-odd_styles_show_advanced_css\":\"0\",\"success-msg_styles_show_advanced_css\":\"0\",\"error_msg_styles_show_advanced_css\":\"0\",\"formContentData\":[{\"order\":1,\"cells\":[{\"order\":0,\"fields\":[\"phone_1640098023980\"],\"width\":35},{\"order\":1,\"fields\":[\"adres_e-mail_1667919839452\"],\"width\":35},{\"order\":2,\"fields\":[\"zapisz_mnie_1667919853255\"],\"width\":30}]}],\"drawerDisabled\":false,\"conditions\":[],\"allow_public_link\":0,\"embed_form\":\"\",\"container_styles_border\":\"\",\"container_styles_height\":\"\",\"container_styles_margin\":\"\",\"container_styles_padding\":\"\",\"container_styles_float\":\"\",\"title_styles_border\":\"\",\"title_styles_height\":\"\",\"title_styles_width\":\"\",\"title_styles_font-size\":\"\",\"title_styles_margin\":\"\",\"title_styles_padding\":\"\",\"title_styles_float\":\"\",\"row_styles_border\":\"\",\"row_styles_width\":\"\",\"row_styles_font-size\":\"\",\"row_styles_margin\":\"\",\"row_styles_padding\":\"\",\"row-odd_styles_border\":\"\",\"row-odd_styles_height\":\"\",\"row-odd_styles_width\":\"\",\"row-odd_styles_font-size\":\"\",\"row-odd_styles_margin\":\"\",\"row-odd_styles_padding\":\"\",\"success-msg_styles_border\":\"\",\"success-msg_styles_height\":\"\",\"success-msg_styles_width\":\"\",\"success-msg_styles_font-size\":\"\",\"success-msg_styles_margin\":\"\",\"success-msg_styles_padding\":\"\",\"error_msg_styles_border\":\"\",\"error_msg_styles_width\":\"\",\"error_msg_styles_font-size\":\"\",\"error_msg_styles_margin\":\"\",\"error_msg_styles_padding\":\"\",\"form_title_heading_level\":\"3\",\"ninjaForms\":\"Ninja Forms\",\"fieldTextareaRTEInsertLink\":\"Insert Link\",\"fieldTextareaRTEInsertMedia\":\"Insert Media\",\"fieldTextareaRTESelectAFile\":\"Select a file\",\"formHoneypot\":\"If you are a human seeing this field, please leave it empty.\",\"fileUploadOldCodeFileUploadInProgress\":\"File Upload in Progress.\",\"fileUploadOldCodeFileUpload\":\"FILE UPLOAD\",\"currencySymbol\":\"&#36;\",\"thousands_sep\":\",\",\"decimal_point\":\".\",\"siteLocale\":\"en_GB\",\"dateFormat\":\"m\\\/d\\\/Y\",\"startOfWeek\":\"1\",\"of\":\"of\",\"previousMonth\":\"Previous Month\",\"nextMonth\":\"Next Month\",\"months\":[\"January\",\"February\",\"March\",\"April\",\"May\",\"June\",\"July\",\"August\",\"September\",\"October\",\"November\",\"December\"],\"monthsShort\":[\"Jan\",\"Feb\",\"Mar\",\"Apr\",\"May\",\"Jun\",\"Jul\",\"Aug\",\"Sep\",\"Oct\",\"Nov\",\"Dec\"],\"weekdays\":[\"Sunday\",\"Monday\",\"Tuesday\",\"Wednesday\",\"Thursday\",\"Friday\",\"Saturday\"],\"weekdaysShort\":[\"Sun\",\"Mon\",\"Tue\",\"Wed\",\"Thu\",\"Fri\",\"Sat\"],\"weekdaysMin\":[\"Su\",\"Mo\",\"Tu\",\"We\",\"Th\",\"Fr\",\"Sa\"],\"recaptchaConsentMissing\":\"reCaptcha validation couldn&#039;t load.\",\"recaptchaMissingCookie\":\"reCaptcha v3 validation couldn&#039;t load the cookie needed to submit the form.\",\"recaptchaConsentEvent\":\"Accept reCaptcha cookies before sending the form.\",\"currency_symbol\":\"\",\"beforeForm\":\"\",\"beforeFields\":\"\",\"afterFields\":\"\",\"afterForm\":\"\"};form.fields=[{\"objectType\":\"Field\",\"objectDomain\":\"fields\",\"editActive\":false,\"order\":1,\"idAttribute\":\"id\",\"type\":\"phone\",\"label\":\"Numer telefonu\",\"key\":\"phone_1640098023980\",\"label_pos\":\"above\",\"required\":1,\"default\":\"\",\"placeholder\":\"Numer telefonu\",\"container_class\":\"\",\"element_class\":\"\",\"input_limit\":\"\",\"input_limit_type\":\"characters\",\"input_limit_msg\":\"Liczba pozosta\\u0142ych znak\\u00f3w:\",\"manual_key\":\"\",\"admin_label\":\"\",\"help_text\":\"\",\"mask\":\"\",\"custom_mask\":\"\",\"custom_name_attribute\":\"phone\",\"personally_identifiable\":1,\"wrap_styles_border\":\"\",\"wrap_styles_width\":\"\",\"wrap_styles_margin\":\"\",\"wrap_styles_padding\":\"\",\"wrap_styles_float\":\"\",\"wrap_styles_show_advanced_css\":0,\"label_styles_border\":\"\",\"label_styles_width\":\"\",\"label_styles_font-size\":\"\",\"label_styles_margin\":\"\",\"label_styles_padding\":\"\",\"label_styles_float\":\"\",\"label_styles_show_advanced_css\":0,\"element_styles_border\":\"\",\"element_styles_width\":\"\",\"element_styles_font-size\":\"\",\"element_styles_margin\":\"\",\"element_styles_padding\":\"\",\"element_styles_float\":\"\",\"element_styles_show_advanced_css\":0,\"cellcid\":\"c3386\",\"value\":\"\",\"field_label\":\"Numer telefonu\",\"field_key\":\"phone_1640098023980\",\"drawerDisabled\":false,\"id\":8,\"beforeField\":\"\",\"afterField\":\"\",\"parentType\":\"textbox\",\"element_templates\":[\"tel\",\"textbox\",\"input\"],\"old_classname\":\"\",\"wrap_template\":\"wrap\"},{\"objectType\":\"Field\",\"objectDomain\":\"fields\",\"editActive\":false,\"order\":2,\"idAttribute\":\"id\",\"type\":\"email\",\"label\":\"Adres e-mail\",\"key\":\"adres_e-mail_1667919839452\",\"label_pos\":\"above\",\"required\":1,\"default\":\"\",\"placeholder\":\"Adres e-mail\",\"container_class\":\"\",\"element_class\":\"\",\"admin_label\":\"\",\"help_text\":\"\",\"custom_name_attribute\":\"email\",\"personally_identifiable\":1,\"wrap_styles_border\":\"\",\"wrap_styles_width\":\"\",\"wrap_styles_margin\":\"\",\"wrap_styles_padding\":\"\",\"wrap_styles_float\":\"\",\"wrap_styles_show_advanced_css\":0,\"label_styles_border\":\"\",\"label_styles_width\":\"\",\"label_styles_font-size\":\"\",\"label_styles_margin\":\"\",\"label_styles_padding\":\"\",\"label_styles_float\":\"\",\"label_styles_show_advanced_css\":0,\"element_styles_border\":\"\",\"element_styles_width\":\"\",\"element_styles_font-size\":\"\",\"element_styles_margin\":\"\",\"element_styles_padding\":\"\",\"element_styles_float\":\"\",\"element_styles_show_advanced_css\":0,\"cellcid\":\"c3389\",\"value\":\"\",\"drawerDisabled\":false,\"field_label\":\"E-mail\",\"field_key\":\"email_1640098026199\",\"id\":9,\"beforeField\":\"\",\"afterField\":\"\",\"parentType\":\"email\",\"element_templates\":[\"email\",\"input\"],\"old_classname\":\"\",\"wrap_template\":\"wrap\"},{\"objectType\":\"Field\",\"objectDomain\":\"fields\",\"editActive\":false,\"order\":3,\"idAttribute\":\"id\",\"type\":\"submit\",\"label\":\"Zapisz mnie\",\"processing_label\":\"W trakcie realizacji\",\"container_class\":\"\",\"element_class\":\"\",\"key\":\"zapisz_mnie_1667919853255\",\"wrap_styles_border\":\"\",\"wrap_styles_width\":\"\",\"wrap_styles_margin\":\"\",\"wrap_styles_padding\":\"\",\"wrap_styles_float\":\"\",\"wrap_styles_show_advanced_css\":0,\"element_styles_border\":\"\",\"element_styles_width\":\"\",\"element_styles_font-size\":\"\",\"element_styles_margin\":\"\",\"element_styles_padding\":\"\",\"element_styles_float\":\"\",\"element_styles_show_advanced_css\":0,\"submit_element_hover_styles_border\":\"\",\"submit_element_hover_styles_width\":\"\",\"submit_element_hover_styles_font-size\":\"\",\"submit_element_hover_styles_margin\":\"\",\"submit_element_hover_styles_padding\":\"\",\"submit_element_hover_styles_float\":\"\",\"submit_element_hover_styles_show_advanced_css\":0,\"cellcid\":\"c3391\",\"drawerDisabled\":false,\"field_label\":\"Zamawiam rozmow\\u0119\",\"field_key\":\"zamawiam_rozmowe_1640098067453\",\"id\":10,\"beforeField\":\"\",\"afterField\":\"\",\"value\":\"\",\"label_pos\":\"above\",\"parentType\":\"textbox\",\"element_templates\":[\"submit\",\"button\",\"input\"],\"old_classname\":\"\",\"wrap_template\":\"wrap-no-label\"}];nfForms.push(form);<\/script>\n                <script id=\"nf-tmpl-cell\" type=\"text\/template\">\n            <nf-fields><\/nf-fields>\n        <\/script>\n\n        <script id=\"nf-tmpl-row\" type=\"text\/template\">\n            <nf-cells><\/nf-cells>\n        <\/script>\n\n                <img loading=\"lazy\" decoding=\"async\" width=\"1500\" height=\"705\" src=\"https:\/\/www.koronakarkonoszy.pl\/blog\/wp-content\/uploads\/2022\/06\/Dwor-Korona-Karkonoszy.jpg\" class=\"attachment-full size-full\" alt=\"\" srcset=\"https:\/\/www.koronakarkonoszy.pl\/blog\/wp-content\/uploads\/2022\/06\/Dwor-Korona-Karkonoszy.jpg 1500w, https:\/\/www.koronakarkonoszy.pl\/blog\/wp-content\/uploads\/2022\/06\/Dwor-Korona-Karkonoszy-300x141.jpg 300w, https:\/\/www.koronakarkonoszy.pl\/blog\/wp-content\/uploads\/2022\/06\/Dwor-Korona-Karkonoszy-1024x481.jpg 1024w, https:\/\/www.koronakarkonoszy.pl\/blog\/wp-content\/uploads\/2022\/06\/Dwor-Korona-Karkonoszy-768x361.jpg 768w\" sizes=\"auto, (max-width: 1500px) 100vw, 1500px\" \/>        <\/div> \n    <\/div>\n<\/div>\n\n\n\n<h2 class=\"wp-block-heading\" id=\"h-lub-w-bo-e-cia-o-to-4-dni-wi-towania\">\u015alub w Bo\u017ce Cia\u0142o to 4 dni \u015bwi\u0119towania!<\/h2>\n\n\n\n<p>\u015awi\u0119to Bo\u017cego Cia\u0142a obchodzone jest w czwartek. Wystarczy wzi\u0105\u0107 urlop na pi\u0105tek i zyskamy a\u017c 4 dni wolnego! Pa\u0144stwo m\u0142odzi i ich rodzice mog\u0105 wykorzysta\u0107 <a href=\"https:\/\/www.koronakarkonoszy.pl\/blog\/urlop-na-wesele\/\" target=\"_blank\" rel=\"noreferrer noopener\">urlop na wesele<\/a>, a pozostali go\u015bcie \u2013 urlop wypoczynkowy. O ch\u0119ci wykorzystania jednego dnia urlopowego warto powiadomi\u0107 swojego pracodawc\u0119 odpowiednio wcze\u015bniej.<\/p>\n\n\n\n<p><strong>D\u0142ugi weekend \u015blubny<\/strong> to gwarancja wy\u015bmienitej zabawy, wielu pozytywnych emocji i niezapomnianych wra\u017ce\u0144. W Bo\u017ce Cia\u0142o oczywi\u015bcie odb\u0119dzie si\u0119 \u015blub, na pi\u0105tek mo\u017cna zaplanowa\u0107 poprawiny weselne, a sobot\u0119 i niedziel\u0119 za\u015b sp\u0119dzi\u0107 tylko z najbli\u017cszymi lub we dw\u00f3jk\u0119, ciesz\u0105c si\u0119 pierwszym wsp\u00f3lnym weekendem jako m\u0105\u017c i \u017cona.<\/p>\n\n\n<section id=\"leonardo-block_83f1e50ffd8df5026073d2ba3f79cc18\" class=\"leonardo page-breaker leonardo-image-left\">\r\n    <div class=\"leonardo-body\">\r\n        <h2 class=\"leonardo-title\" id=\"h-slub-w-boze-cialo-to-szansa-na-piekna-pogode\">\u015alub w Bo\u017ce Cia\u0142o to szansa na pi\u0119kn\u0105 pogod\u0119<\/h2>        <div class=\"leonardo-content\"><p><strong>Bo\u017ce Cia\u0142o zawsze wypada na prze\u0142omie maja i czerwca<\/strong>. P\u00f3\u017ana wiosna w Polsce za\u015b praktycznie zawsze zaszczyca nas pi\u0119kn\u0105, s\u0142oneczn\u0105 pogod\u0105. Narzeczeni uwielbiaj\u0105 ten okres! Wiosn\u0105 wszystko budzi si\u0119 do \u017cycia. \u015awiat przybiera intensywne barwy, na drzewach pojawiaj\u0105 si\u0119 p\u0105ki, promienie s\u0142oneczne przyjemnie ogrzewaj\u0105 nasze cia\u0142a, nad g\u0142owami lataj\u0105 kolorowe motyle, kt\u00f3re \u015bwi\u0119tuj\u0105 zako\u0144czenie d\u0142ugiej zimy, a w tle s\u0142ycha\u0107 pi\u0119kny \u015bpiew ptak\u00f3w, kt\u00f3re wr\u00f3ci\u0142y z ciep\u0142ych kraj\u00f3w. Wszystko dooko\u0142a kwitnie. Tak samo, jak kwitnie mi\u0142o\u015b\u0107 dw\u00f3ch zakochanych w sobie os\u00f3b. Os\u00f3b, kt\u00f3re chc\u0105 wypowiedzie\u0107 najwa\u017cniejsze \u201etak\u201d na \u015blubnym kobiercu i s\u0105 gotowe sp\u0119dzi\u0107 reszt\u0119 \u017cycia razem. \u015alub w Bo\u017ce Cia\u0142o w wiosennej aurze mo\u017ce by\u0107 niezapomnianym prze\u017cyciem.<\/p>\n<\/div>\r\n                    <aside class=\"leonardo-interlink\">\r\n                <b>Polecamy<\/b>\r\n                <a href=\"https:\/\/www.koronakarkonoszy.pl\/blog\/en\/dekoracje-krzesel-na-slub\/\">Dekoracje krzese\u0142 na \u015blub: najpi\u0119kniejsze inspiracje<\/a>\r\n            <\/aside>\r\n            <\/div>\r\n    <div class=\"leonardo-image\">\r\n        <img loading=\"lazy\" decoding=\"async\" width=\"621\" height=\"413\" src=\"https:\/\/www.koronakarkonoszy.pl\/blog\/wp-content\/uploads\/2022\/01\/slub-w-Boze-Cialo.jpg\" class=\"attachment-full size-full\" alt=\"\" srcset=\"https:\/\/www.koronakarkonoszy.pl\/blog\/wp-content\/uploads\/2022\/01\/slub-w-Boze-Cialo.jpg 621w, https:\/\/www.koronakarkonoszy.pl\/blog\/wp-content\/uploads\/2022\/01\/slub-w-Boze-Cialo-300x200.jpg 300w\" sizes=\"auto, (max-width: 621px) 100vw, 621px\" \/>            <\/div>\r\n<\/section>\n\n\n<h2 class=\"wp-block-heading\" id=\"h-cywilny-i-ko-cielny-lub-w-bo-e-cia-o\">Cywilny i ko\u015bcielny \u015blub w Bo\u017ce Cia\u0142o<\/h2>\n\n\n\n<p><strong>W Bo\u017ce Cia\u0142o mo\u017cna wzi\u0105\u0107 zar\u00f3wno \u015blub ko\u015bcielny, jak i cywilny<\/strong>. O ch\u0119ci zawarcia ko\u015bcielnego zwi\u0105zku ma\u0142\u017ce\u0144skiego warto powiadomi\u0107 ksi\u0119dza z wybranej parafii ju\u017c na pocz\u0105tku planowania \u015blubu i w ten spos\u00f3b zarezerwowa\u0107 wymarzon\u0105 dat\u0119. Wszelkie formalno\u015bci zwi\u0105zane z ceremoni\u0105 nale\u017cy za\u0142atwia\u0107 jednak nie wcze\u015bniej ni\u017c 3 miesi\u0105ce przed \u015blubem (poniewa\u017c tak\u0105 wa\u017cno\u015b\u0107 maj\u0105 wszystkie odpisy ko\u015bcielne).<\/p>\n\n\n\n<p>W przypadku \u015blubu cywilnego nale\u017cy uda\u0107 si\u0119 do Urz\u0119du Stanu Cywilnego nie wcze\u015bniej ni\u017c 6 miesi\u0119cy przed i nie p\u00f3\u017aniej ni\u017c miesi\u0105c przed \u015blubem, by zarezerwowa\u0107 termin.<\/p>\n\n\n<section id=\"leonardo-block_5a47e0e7fcdf231d5394719b47be0c8a\" class=\"leonardo page-breaker leonardo-image-right\">\r\n    <div class=\"leonardo-body\">\r\n        <h2 class=\"leonardo-title\" id=\"h-czy-slub-w-swieto-koscielne-to-dobry-pomysl\">Czy \u015blub w \u015bwi\u0119to ko\u015bcielne to dobry pomys\u0142?<\/h2>        <div class=\"leonardo-content\"><p><!-- wp:heading --><\/p>\n<p>\u015alub jest jednym z najwa\u017cniejszych moment\u00f3w w \u017cyciu pary m\u0142odej. Decyzja o tym, w jaki spos\u00f3b i kiedy chc\u0105 wzi\u0105\u0107 \u015blub, zale\u017cy wy\u0142\u0105cznie od nich. Jednym z pomys\u0142\u00f3w na wyj\u0105tkowy \u015blub jest zwi\u0105zanie go z wa\u017cnym \u015bwi\u0119tem ko\u015bcielnym, takim jak Bo\u017ce Narodzenie, Wielkanoc czy Bo\u017ce Cia\u0142o. Czy jednak \u015blub w \u015bwi\u0119to ko\u015bcielne to dobry pomys\u0142?<\/p>\n<p><!-- \/wp:paragraph --> <!-- wp:paragraph --><\/p>\n<p>Warto zauwa\u017cy\u0107, \u017ce powi\u0105zanie \u015blubu z wa\u017cnym dla wiernych dniem ko\u015bcielnym mo\u017ce by\u0107 uznane przez niekt\u00f3rych za symboliczne. \u015awi\u0119ta ko\u015bcielne nios\u0105 ze sob\u0105 duchowy wymiar, kt\u00f3ry jest dla wielu os\u00f3b bardzo istotny. Dlatego te\u017c, je\u015bli Para M\u0142oda uwa\u017ca, \u017ce po\u0142\u0105czenie ich \u015blubu z takim dniem b\u0119dzie dla nich czym\u015b szczeg\u00f3lnym, to z pewno\u015bci\u0105 warto to rozwa\u017cy\u0107. \u015alub w \u015bwi\u0119to ko\u015bcielne mo\u017ce by\u0107 pi\u0119knym i symbolicznym prze\u017cyciem.<\/p>\n<p><!-- \/wp:paragraph --> <!-- wp:paragraph --><\/p>\n<p>Jednak warto pami\u0119ta\u0107, \u017ce decyzja o organizacji \u015blubu w \u015bwi\u0119to ko\u015bcielne mo\u017ce wp\u0142yn\u0105\u0107 na dost\u0119pno\u015b\u0107 kap\u0142ana, kt\u00f3ry b\u0119dzie przewodniczy\u0142 ceremonii. W takich dniach zwykle odbywaj\u0105 si\u0119 specjalne nabo\u017ce\u0144stwa i msze, a kap\u0142ani mog\u0105 mie\u0107 ograniczon\u0105 ilo\u015b\u0107 czasu na udzielanie sakramentu ma\u0142\u017ce\u0144stwa.<\/p>\n<p><!-- \/wp:paragraph --><\/p>\n<\/div>\r\n                    <aside class=\"leonardo-interlink\">\r\n                <b>Polecamy<\/b>\r\n                <a href=\"https:\/\/www.koronakarkonoszy.pl\/blog\/en\/slub-w-czwartek-nowa-moda-w-branzy-slubnej\/\">\u015alub w czwartek \u2013 nowa moda w bran\u017cy \u015blubnej<\/a>\r\n            <\/aside>\r\n            <\/div>\r\n    <div class=\"leonardo-image\">\r\n        <img loading=\"lazy\" decoding=\"async\" width=\"1280\" height=\"837\" src=\"https:\/\/www.koronakarkonoszy.pl\/blog\/wp-content\/uploads\/2020\/08\/Slub-koscielny.jpg\" class=\"attachment-full size-full\" alt=\"\" srcset=\"https:\/\/www.koronakarkonoszy.pl\/blog\/wp-content\/uploads\/2020\/08\/Slub-koscielny.jpg 1280w, https:\/\/www.koronakarkonoszy.pl\/blog\/wp-content\/uploads\/2020\/08\/Slub-koscielny-300x196.jpg 300w, https:\/\/www.koronakarkonoszy.pl\/blog\/wp-content\/uploads\/2020\/08\/Slub-koscielny-1024x670.jpg 1024w, https:\/\/www.koronakarkonoszy.pl\/blog\/wp-content\/uploads\/2020\/08\/Slub-koscielny-768x502.jpg 768w\" sizes=\"auto, (max-width: 1280px) 100vw, 1280px\" \/>            <\/div>\r\n<\/section>\n\n\n<h2 class=\"wp-block-heading\" id=\"h-huczne-wesele-w-bo-e-cia-o-czy-to-mo-liwie\">Huczne wesele w Bo\u017ce Cia\u0142o \u2013 czy to mo\u017cliwie?<\/h2>\n\n\n\n<p>Wesele to symboliczny pocz\u0105tek nowego rozdzia\u0142u w zwi\u0105zku i przy okazji jedna z najwa\u017cniejszych imprez w \u017cyciu zakochanych. Nic wi\u0119c dziwnego, \u017ce wiele par pragnie hucznie celebrowa\u0107 ten wyj\u0105tkowy moment. Wed\u0142ug niekt\u00f3rych du\u017ca impreza do bia\u0142ego rana to jedyny s\u0142uszny spos\u00f3b na \u015bwi\u0119towanie dnia \u015blubu! Jednak czy wesele w Bo\u017ce Cia\u0142o mo\u017ce by\u0107 huczne? Oczywi\u015bcie! Grunt to odpowiednio je zaplanowa\u0107!<\/p>\n\n\n\n<figure class=\"wp-block-image size-full\"><img loading=\"lazy\" decoding=\"async\" width=\"800\" height=\"534\" src=\"https:\/\/www.koronakarkonoszy.pl\/blog\/wp-content\/uploads\/2021\/07\/sala_ludzie.jpg\" alt=\"sala ludzie\" class=\"wp-image-666\" srcset=\"https:\/\/www.koronakarkonoszy.pl\/blog\/wp-content\/uploads\/2021\/07\/sala_ludzie.jpg 800w, https:\/\/www.koronakarkonoszy.pl\/blog\/wp-content\/uploads\/2021\/07\/sala_ludzie-300x200.jpg 300w, https:\/\/www.koronakarkonoszy.pl\/blog\/wp-content\/uploads\/2021\/07\/sala_ludzie-768x513.jpg 768w\" sizes=\"auto, (max-width: 800px) 100vw, 800px\" \/><figcaption class=\"wp-element-caption\"><strong>Wesele, <a href=\"https:\/\/www.koronakarkonoszy.pl\/wesele\/\" target=\"_blank\" rel=\"noreferrer noopener\">Dw\u00f3r Korona Karkonoszy<\/a>, <a href=\"https:\/\/www.koronakarkonoszy.pl\/blog-atrakcje\/sosnowka\/\" class=\"links-placer\">Sosn\u00f3wka<\/a> k. Karpacza <\/strong><\/figcaption><\/figure>\n\n\n\n<p>Przede wszystkim trzeba poinformowa\u0107 go\u015bci o \u015blubie ze sporym wyprzedzeniem, aby da\u0107 im czas na zorganizowanie wolnego na pi\u0105tek po Bo\u017cym Ciele. W przeciwnym razie go\u015bcie mog\u0105 odm\u00f3wi\u0107 przyj\u015bcia na \u015blub. Nie ka\u017cdy ma bowiem mo\u017cliwo\u015b\u0107 wzi\u0119cia urlopu z dnia na dzie\u0144. Niekt\u00f3re firmy wymagaj\u0105, by powiadamia\u0107 o wolnym nawet kilka miesi\u0119cy wcze\u015bniej. Warto mie\u0107 to na uwadze, planuj\u0105c \u015blub w Bo\u017ce Cia\u0142o czy w inny dzie\u0144 w \u015brodku tygodnia.<\/p>\n\n\n<section id=\"leonardo-block_0d1f162be3656552be72357b7741e059\" class=\"leonardo page-breaker leonardo-image-right\">\r\n    <div class=\"leonardo-body\">\r\n        <h2 class=\"leonardo-title\" id=\"h-uslugi-weselne\">Us\u0142ugi weselne <\/h2>        <div class=\"leonardo-content\"><p>Z wynaj\u0119ciem <a href=\"https:\/\/www.koronakarkonoszy.pl\/blog\/sala-weselna\/\" target=\"_blank\" rel=\"noopener\">sali weselnej<\/a>, zespo\u0142u muzycznego lub DJ-a, fotografa czy innych podwykonawc\u00f3w raczej nie powinno by\u0107 \u017cadnego problemu. Wi\u0119kszo\u015b\u0107 us\u0142ugodawc\u00f3w pracuje w tygodniu oraz w \u015bwi\u0119ta. Co ciekawe, niekt\u00f3rzy z nich s\u0105 w stanie zaoferowa\u0107 ni\u017csze stawki dla pary, kt\u00f3ra zdecydowa\u0142a si\u0119 na <a href=\"https:\/\/www.koronakarkonoszy.pl\/blog\/czy-warto-zorganizowac-wesele-w-tygodniu\/\" target=\"_blank\" rel=\"noopener\">wesele w tygodniu<\/a>. Warto jednak pomy\u015ble\u0107 o dokonaniu rezerwacji z du\u017cym wyprzedzeniem. Termin ten cieszy si\u0119 du\u017cym zainteresowaniem w\u015br\u00f3d narzeczonych, chc\u0105cych wst\u0105pi\u0107 w zwi\u0105zek ma\u0142\u017ce\u0144ski. Je\u015bli zale\u017cy nam na <strong>\u015blubie i weselu w Bo\u017ce Cia\u0142o<\/strong>, powinni\u015bmy znale\u017a\u0107 i zarezerwowa\u0107 podwykonawc\u00f3w przynajmniej rok wcze\u015bniej.<\/p>\n<\/div>\r\n                    <aside class=\"leonardo-interlink\">\r\n                <b>Polecamy<\/b>\r\n                <a href=\"https:\/\/www.koronakarkonoszy.pl\/blog\/en\/drogowskaz-weselny\/\">Drogowskaz weselny \u2013 ciekawy dodatek czy niezb\u0119dny element informacyjny?<\/a>\r\n            <\/aside>\r\n            <\/div>\r\n    <div class=\"leonardo-image\">\r\n        <img loading=\"lazy\" decoding=\"async\" width=\"2560\" height=\"1709\" src=\"https:\/\/www.koronakarkonoszy.pl\/blog\/wp-content\/uploads\/2022\/01\/slub-w-Boze-Cialo-2-scaled.jpg\" class=\"attachment-full size-full\" alt=\"\" srcset=\"https:\/\/www.koronakarkonoszy.pl\/blog\/wp-content\/uploads\/2022\/01\/slub-w-Boze-Cialo-2-scaled.jpg 2560w, https:\/\/www.koronakarkonoszy.pl\/blog\/wp-content\/uploads\/2022\/01\/slub-w-Boze-Cialo-2-300x200.jpg 300w, https:\/\/www.koronakarkonoszy.pl\/blog\/wp-content\/uploads\/2022\/01\/slub-w-Boze-Cialo-2-1024x683.jpg 1024w, https:\/\/www.koronakarkonoszy.pl\/blog\/wp-content\/uploads\/2022\/01\/slub-w-Boze-Cialo-2-768x513.jpg 768w, https:\/\/www.koronakarkonoszy.pl\/blog\/wp-content\/uploads\/2022\/01\/slub-w-Boze-Cialo-2-1920x1281.jpg 1920w, https:\/\/www.koronakarkonoszy.pl\/blog\/wp-content\/uploads\/2022\/01\/slub-w-Boze-Cialo-2-1536x1025.jpg 1536w, https:\/\/www.koronakarkonoszy.pl\/blog\/wp-content\/uploads\/2022\/01\/slub-w-Boze-Cialo-2-2048x1367.jpg 2048w\" sizes=\"auto, (max-width: 2560px) 100vw, 2560px\" \/>            <\/div>\r\n<\/section>\n\n\n<h2 class=\"wp-block-heading\" id=\"ha-zalety-slubu-w-boze-cialo\">Zalety \u015blubu w Bo\u017ce Cia\u0142o<\/h2>\n\n\n\n<p>Wesele to jedno z najwa\u017cniejszych wydarze\u0144 w \u017cyciu Pary M\u0142odej. To czas, kt\u00f3ry ma by\u0107 radosnym i wyj\u0105tkowym prze\u017cyciem dla wszystkich zaproszonych go\u015bci. Jednym z pomys\u0142\u00f3w na nietypowe wesele mo\u017ce by\u0107 jego organizacja w czasie \u015bwi\u0119ta ko\u015bcielnego, takiego jak Bo\u017ce Cia\u0142o.<\/p>\n\n\n\n<p>Warto zauwa\u017cy\u0107, \u017ce organizacja wesela w czasie Bo\u017cego Cia\u0142a mo\u017ce stanowi\u0107 dla Pary M\u0142odej i zaproszonych go\u015bci wyj\u0105tkow\u0105 okazj\u0119 do po\u0142\u0105czenia \u015bwi\u0119towania z tradycj\u0105 religijn\u0105. Bo\u017ce Cia\u0142o jest uroczysto\u015bci\u0105 ko\u015bcieln\u0105, kt\u00f3ra ma szczeg\u00f3lne znaczenie dla katolik\u00f3w, a organizacja wesela w czasie tego \u015bwi\u0119ta mo\u017ce by\u0107 dla nich istotnym prze\u017cyciem.<\/p>\n\n\n<section id=\"leonardo-block_c451b7d88ad1eb8f24244991009ece9a\" class=\"leonardo page-breaker leonardo-image-left\">\r\n    <div class=\"leonardo-body\">\r\n        <h2 class=\"leonardo-title\" id=\"h-organizacja-wesela-w-boze-cialo\">Organizacja wesela w Bo\u017ce Cia\u0142o <\/h2>        <div class=\"leonardo-content\"><p>Jednak pami\u0119tajmy, \u017ce organizacja wesela w czasie Bo\u017cego Cia\u0142a mo\u017ce stanowi\u0107 wyzwanie logistyczne. W czasie tej uroczysto\u015bci wiele ko\u015bcio\u0142\u00f3w jest zape\u0142nionych wiernymi, a drogi s\u0105 zamykane na czas procesji. W takiej sytuacji dost\u0119pno\u015b\u0107 ko\u015bcio\u0142a, w kt\u00f3rym ma odby\u0107 si\u0119 \u015blub, mo\u017ce by\u0107 problematyczna, a go\u015bcie mog\u0105 mie\u0107 trudno\u015bci w dotarciu na wesele. Trzeba wi\u0119c dok\u0142adnie zaplanowa\u0107 przebieg uroczysto\u015bci, by unikn\u0105\u0107 nieprzyjemnych niespodzianek.<\/p>\n<p>\u015awi\u0119ta ko\u015bcielne zwykle sp\u0119dzamy z rodzin\u0105 lub najbli\u017cszymi przyjaci\u00f3\u0142mi, wi\u0119c to dokona\u0142y termin na \u015blub i wesele \u2013 i tak byliby\u015bmy wtedy w gronie najbli\u017cszych. Mo\u017cemy wi\u0119c sp\u0119dzi\u0107 ten czas razem na \u015blubie i weselu.<\/p>\n<p>Decyzja o organizacji wesela w czasie Bo\u017cego Cia\u0142a zale\u017cy od preferencji narzeczonych. Z jednej strony, taki \u015blub mo\u017ce by\u0107 wyj\u0105tkowym prze\u017cyciem, po\u0142\u0105czonym z tradycj\u0105 religijn\u0105. Z drugiej strony, organizacja wesela w takim czasie mo\u017ce by\u0107 troszk\u0119 bardziej skomplikowana i wymaga\u0107 dodatkowych nak\u0142ad\u00f3w czasowych.<\/p>\n<\/div>\r\n            <\/div>\r\n    <div class=\"leonardo-image\">\r\n        <img loading=\"lazy\" decoding=\"async\" width=\"1512\" height=\"1095\" src=\"https:\/\/www.koronakarkonoszy.pl\/blog\/wp-content\/uploads\/2022\/10\/mloda-para-wesele-w-ogrodzie-54.jpg\" class=\"attachment-full size-full\" alt=\"\" srcset=\"https:\/\/www.koronakarkonoszy.pl\/blog\/wp-content\/uploads\/2022\/10\/mloda-para-wesele-w-ogrodzie-54.jpg 1512w, https:\/\/www.koronakarkonoszy.pl\/blog\/wp-content\/uploads\/2022\/10\/mloda-para-wesele-w-ogrodzie-54-300x217.jpg 300w, https:\/\/www.koronakarkonoszy.pl\/blog\/wp-content\/uploads\/2022\/10\/mloda-para-wesele-w-ogrodzie-54-1024x742.jpg 1024w, https:\/\/www.koronakarkonoszy.pl\/blog\/wp-content\/uploads\/2022\/10\/mloda-para-wesele-w-ogrodzie-54-768x556.jpg 768w\" sizes=\"auto, (max-width: 1512px) 100vw, 1512px\" \/>            <\/div>\r\n<\/section>\n\n\n<h2 class=\"wp-block-heading\" id=\"h-inspiracje-na-wesele-i-lub-w-bo-e-cia-o\">Inspiracje na wesele i \u015blub w Bo\u017ce Cia\u0142o<\/h2>\n\n\n\n<p>Bo\u017ce Cia\u0142o przypada na okres p\u00f3\u017anej wiosny. Pi\u0119kn\u0105, wiosenn\u0105 aur\u0119 mo\u017cna wykorzysta\u0107 w swojej \u015blubnej aran\u017cacji. Motywem przewodnim \u015blubu i wesela w Bo\u017ce Cia\u0142o mo\u017ce by\u0107 konkretny kolor pastelowy \u2013 na przyk\u0142ad jasna ziele\u0144, pudrowy r\u00f3\u017c, brzoskwinia, mi\u0119ta czy delikatna \u017c\u00f3\u0142\u0107. Pastele to lekko\u015b\u0107 i romantyczno\u015b\u0107. Subtelny kolor pastelowy po\u0142\u0105czony ze \u015blubn\u0105 biel\u0105 b\u0119dzie prezentowa\u0107 si\u0119 pi\u0119knie i estetycznie. <a href=\"https:\/\/www.koronakarkonoszy.pl\/blog\/wiosenne-dekoracje-sali\/\" target=\"_blank\" rel=\"noreferrer noopener\">Wiosenne dekoracje sali<\/a> to m.in. jasne serwetki i obrusy, ozdobne girlandy, wst\u0105\u017cki, subtelne lampki i st\u00f3\u0142 pe\u0142en pastelowych przysmak\u00f3w. Babeczki z kolorow\u0105 posypk\u0105, ciastka i ciasta z jasnym kremem oraz owoce obtoczone w bia\u0142ej czekoladzie \u2013 pastelowe desery podkre\u015bl\u0105 wiosenny charakter przyj\u0119cia.<\/p>\n\n\n\n<figure class=\"wp-block-image size-full\"><img loading=\"lazy\" decoding=\"async\" width=\"800\" height=\"534\" src=\"https:\/\/www.koronakarkonoszy.pl\/blog\/wp-content\/uploads\/2021\/07\/sala-balowa-dekoracje.jpg\" alt=\"Przygotowania weselne\" class=\"wp-image-594\" srcset=\"https:\/\/www.koronakarkonoszy.pl\/blog\/wp-content\/uploads\/2021\/07\/sala-balowa-dekoracje.jpg 800w, https:\/\/www.koronakarkonoszy.pl\/blog\/wp-content\/uploads\/2021\/07\/sala-balowa-dekoracje-300x200.jpg 300w, https:\/\/www.koronakarkonoszy.pl\/blog\/wp-content\/uploads\/2021\/07\/sala-balowa-dekoracje-768x513.jpg 768w\" sizes=\"auto, (max-width: 800px) 100vw, 800px\" \/><figcaption class=\"wp-element-caption\"><strong><a href=\"https:\/\/www.koronakarkonoszy.pl\/dworska-sala-balowa\/\" target=\"_blank\" rel=\"noreferrer noopener\">Dworska Sala Balowa<\/a>, Sosn\u00f3wka k. Karpacza <\/strong><\/figcaption><\/figure>\n\n\n\n<p>Na wiosennym weselu nie mo\u017ce zabrakn\u0105\u0107 \u015bwie\u017cych ro\u015blin. Wiosna to czas kwiat\u00f3w, kt\u00f3re rozkwitaj\u0105 w ogrodach po d\u0142ugiej zimie, sprawiaj\u0105c, \u017ce \u015bwiat wygl\u0105da jako\u015b pi\u0119kniej, bardziej klimatycznie. Kwiaty tworz\u0105 romantyczn\u0105 aur\u0119, kt\u00f3ra idealnie wpisuje si\u0119 w charakter \u015blubu. \u015awie\u017ce kwiaty to nieod\u0142\u0105czny element dekoracji <a href=\"https:\/\/www.koronakarkonoszy.pl\/sala-weselna\/\" target=\"_blank\" rel=\"noreferrer noopener\">sali weselnej<\/a>. Bukiety skomponowane z tulipan\u00f3w, konwalii, frezji czy innych ro\u015blin dost\u0119pnych wiosn\u0105 dodadz\u0105 niesamowitego uroku \u015blubnej aran\u017cacji.<\/p>\n\n\n<section id=\"interlink-block_857fb7ad9688b4c1af2dc9e40019ffe1\" class=\"interlink\">\r\n\t<div class=\"interlink-body\">\r\n        \t\t<b>Polecamy<\/b>\r\n\t\t<a href=\"https:\/\/www.koronakarkonoszy.pl\/blog\/en\/druhny-i-druzbowie-na-weselu-co-warto-wiedziec\/\">Druhny na weselu, dru\u017cbowie na weselu &#8211; co warto wiedzie\u0107?<\/a>\r\n\t<\/div>\r\n<\/section>\n\n\n<p>A mo\u017ce <strong>\u015blub w Bo\u017ce Cia\u0142o w plenerze<\/strong>? Wiosenna pogoda zach\u0119ca do tego, by sp\u0119dza\u0107 jak najwi\u0119cej czasu na \u015bwie\u017cym powietrzu. Najwa\u017cniejsze \u201etak\u201d w \u017cyciu po\u015br\u00f3d urokliwych okoliczno\u015bci przyrody mo\u017ce by\u0107 niesamowitym prze\u017cyciem dla zakochanej pary. S\u0142owa przysi\u0119gi ma\u0142\u017ce\u0144skiej wypowiedziane przy akompaniamencie wspania\u0142ego \u015bpiewu ptak\u00f3w b\u0119d\u0105 brzmie\u0107 jeszcze pi\u0119kniej. <a href=\"https:\/\/www.koronakarkonoszy.pl\/blog\/wesele-w-ogrodzie\/\" target=\"_blank\" rel=\"noreferrer noopener\">Wesele w ogrodzie<\/a> o tej porze roku sprawdzi si\u0119 doskonale!<\/p>\n\n\n<section id=\"leonardo-block_f15d51940ab9ef6700440ba6d27ba148\" class=\"leonardo page-breaker leonardo-image-left\">\r\n    <div class=\"leonardo-body\">\r\n        <h2 class=\"leonardo-title\" id=\"h-a-moze-slub-w-piatek-po-bozym-ciele\">A mo\u017ce <a href=\"https:\/\/www.koronakarkonoszy.pl\/blog\/slub-w-piatek-modny-zwyczaj-ostatnich-lat\/\" class=\"links-placer\">\u015blub w pi\u0105tek<\/a> po Bo\u017cym Ciele?<\/h2>        <div class=\"leonardo-content\"><p><!-- wp:heading --><\/p>\n<p>G\u0142\u00f3wn\u0105 obaw\u0105 narzeczonych zwi\u0105zan\u0105 z ewentualn\u0105 organizacj\u0105 \u015blubu w Bo\u017ce Cia\u0142o jest zwi\u0119kszona liczba odm\u00f3w od go\u015bci, kt\u00f3rym nie uda\u0142o si\u0119 wzi\u0105\u0107 wolnego w pi\u0105tek. W takim przypadku mo\u017cna rozwa\u017cy\u0107 opcj\u0119 organizacji \u015blubu w pi\u0105tek po Bo\u017cym Ciele, ale ceremoni\u0119 zaplanowa\u0107 na p\u00f3\u017aniejsz\u0105 godzin\u0119 \u2013 na przyk\u0142ad 19.00. W\u00f3wczas ci go\u015bcie, kt\u00f3rzy planuj\u0105 pracowa\u0107 w ci\u0105gu dnia, zd\u0105\u017c\u0105 przygotowa\u0107 si\u0119 do \u015blubu i bez problemu dotr\u0105 na ceremoni\u0119.<\/p>\n<p><!-- \/wp:paragraph --> <!-- wp:paragraph --><\/p>\n<p>Je\u015bli zale\u017cy nam na \u015blubie w Bo\u017ce Cia\u0142o, po ceremonii mo\u017cemy zorganizowa\u0107 eleganckie <a href=\"https:\/\/www.koronakarkonoszy.pl\/blog\/przyjecie-zamiast-wesela\/\" target=\"_blank\" rel=\"noopener\">przyj\u0119cie weselne<\/a> zamiast hucznej imprezy. Przyj\u0119cie w formie obiadu mo\u017ce by\u0107 r\u00f3wnie udane i emocjonuj\u0105ce co du\u017ce wesele. Mo\u017ce pojawi\u0107 si\u0119 na nim muzyka na \u017cywo, a nawet dodatkowe atrakcje dla go\u015bci czy zabawy oczepinowe. Najwi\u0119ksz\u0105 r\u00f3\u017cnic\u0105 jest czas trwania wydarzenia. Przyj\u0119cie zako\u0144czy si\u0119 przed p\u00f3\u0142noc\u0105, a dzi\u0119ki temu go\u015bcie b\u0119d\u0105 mie\u0107 du\u017co czasu na odpoczynek przed pi\u0105tkow\u0105 prac\u0105. <a href=\"https:\/\/www.koronakarkonoszy.pl\/blog\/kameralny-slub-w-gorach\/\" target=\"_blank\" rel=\"noopener\">Kameralny \u015blub<\/a>, na przyk\u0142ad w g\u00f3rach, ma mn\u00f3stwo uroku.<\/p>\n<p><!-- \/wp:paragraph --> <!-- wp:paragraph --><\/p>\n<p>\u015alub to dla wielu os\u00f3b jedno z najwa\u017cniejszych wydarze\u0144 w \u017cyciu, a wyb\u00f3r odpowiedniego terminu na jego organizacj\u0119 to kluczowa decyzja. Jednym z takich termin\u00f3w z pewno\u015bci\u0105 mo\u017ce by\u0107 Bo\u017ce Cia\u0142o, kt\u00f3re stanowi szczeg\u00f3lny czas dla katolik\u00f3w. \u015alub w Bo\u017ce Cia\u0142o to dobre rozwi\u0105zanie i bez w\u0105tpienia warto rozwa\u017cy\u0107 t\u0119 opcj\u0119! Jednym z argument\u00f3w przemawiaj\u0105cym na korzy\u015b\u0107 \u015bwi\u0119ta jest chocia\u017cby pi\u0119kna, wiosenna aura, kt\u00f3ra tworzy wyj\u0105tkow\u0105 atmosfer\u0119, wprost idealn\u0105 do tego, by przyrzec sobie wieczn\u0105 mi\u0142o\u015b\u0107 na \u015blubnym kobiercu.<\/p>\n<p><!-- \/wp:paragraph --><\/p>\n<\/div>\r\n                    <aside class=\"leonardo-interlink\">\r\n                <b>Polecamy<\/b>\r\n                <a href=\"https:\/\/www.koronakarkonoszy.pl\/blog\/en\/slub-w-piatek-modny-zwyczaj-ostatnich-lat\/\">\u015alub w pi\u0105tek &#8211; modny zwyczaj ostatnich lat!<\/a>\r\n            <\/aside>\r\n            <\/div>\r\n    <div class=\"leonardo-image\">\r\n        <img loading=\"lazy\" decoding=\"async\" width=\"806\" height=\"540\" src=\"https:\/\/www.koronakarkonoszy.pl\/blog\/wp-content\/uploads\/2022\/12\/wesele-Wroclaw-Dwor-Korona-Karkonoszy-luksusowe-wesele.jpg\" class=\"attachment-full size-full\" alt=\"\" srcset=\"https:\/\/www.koronakarkonoszy.pl\/blog\/wp-content\/uploads\/2022\/12\/wesele-Wroclaw-Dwor-Korona-Karkonoszy-luksusowe-wesele.jpg 806w, https:\/\/www.koronakarkonoszy.pl\/blog\/wp-content\/uploads\/2022\/12\/wesele-Wroclaw-Dwor-Korona-Karkonoszy-luksusowe-wesele-300x201.jpg 300w, https:\/\/www.koronakarkonoszy.pl\/blog\/wp-content\/uploads\/2022\/12\/wesele-Wroclaw-Dwor-Korona-Karkonoszy-luksusowe-wesele-768x515.jpg 768w\" sizes=\"auto, (max-width: 806px) 100vw, 806px\" \/>            <\/div>\r\n<\/section>\n\n\n<h2 class=\"wp-block-heading\" id=\"ha-slub-w-boze-cialo-w-plenerze\">\u015alub w Bo\u017ce Cia\u0142o w plenerze<\/h2>\n\n\n\n<p><a href=\"https:\/\/www.koronakarkonoszy.pl\/blog\/slub-w-plenerze-wszystko-co-warto-o-nim-wiedziec\/\" target=\"_blank\" rel=\"noreferrer noopener\">\u015alub w plenerze<\/a> zyskuje z roku na rok coraz wi\u0119cej zwolennik\u00f3w. Mo\u017cliwo\u015b\u0107 zawarcia zwi\u0105zku ma\u0142\u017ce\u0144skiego w otoczeniu przyrody wydaje si\u0119 bardzo poci\u0105gaj\u0105ca. Zw\u0142aszcza w Bo\u017ce Cia\u0142o warto zawrze\u0107 \u015blub na \u015bwie\u017cym powietrzu, nawi\u0105zuj\u0105c tym samym do starej tradycji. Je\u015bli chodzi o <a href=\"https:\/\/www.koronakarkonoszy.pl\/blog\/wesele-w-polsce\/\" target=\"_blank\" rel=\"noreferrer noopener\">wesele w Polsce<\/a>, tradycyjnie \u015bluby w Bo\u017ce Cia\u0142o odbywa\u0142y si\u0119 na polach i \u0142\u0105kach, w otoczeniu natury. Para M\u0142oda wk\u0142ada\u0142a tradycyjne stroje ludowe, co jeszcze bardziej podkre\u015bla\u0142o kulturowy kontekst uroczysto\u015bci. Tak wi\u0119c poszukajmy pi\u0119knego ogrodu czy \u0142\u0105ki na wesele, a nasza uroczysto\u015b\u0107 zyska nie tylko wymiar religijny, lecz tak\u017ce kulturowy.<\/p>\n\n\n\n<figure class=\"wp-block-image size-large is-resized\"><img loading=\"lazy\" decoding=\"async\" width=\"1024\" height=\"683\" src=\"https:\/\/www.koronakarkonoszy.pl\/blog\/wp-content\/uploads\/2021\/01\/altana-dkk-1024x683.jpg\" alt=\"\" class=\"wp-image-7161\" style=\"width:842px;height:561px\" srcset=\"https:\/\/www.koronakarkonoszy.pl\/blog\/wp-content\/uploads\/2021\/01\/altana-dkk-1024x683.jpg 1024w, https:\/\/www.koronakarkonoszy.pl\/blog\/wp-content\/uploads\/2021\/01\/altana-dkk-300x200.jpg 300w, https:\/\/www.koronakarkonoszy.pl\/blog\/wp-content\/uploads\/2021\/01\/altana-dkk-768x512.jpg 768w, https:\/\/www.koronakarkonoszy.pl\/blog\/wp-content\/uploads\/2021\/01\/altana-dkk.jpg 1392w\" sizes=\"auto, (max-width: 1024px) 100vw, 1024px\" \/><figcaption class=\"wp-element-caption\"><strong><a href=\"https:\/\/www.koronakarkonoszy.pl\/wesele\/\" target=\"_blank\" rel=\"noreferrer noopener\">Altana na \u015bluby w plenerze, Dw\u00f3r Korona Karkonoszy,<\/a> Sosn\u00f3wka k. Karpacza<\/strong> <\/figcaption><\/figure>\n\n\n\n<p>Wspania\u0142ym ogrodem na wesele, a tak\u017ce Per\u0142\u0105 w Koronie \u2013 altan\u0105 na wzniesieniu na \u015bluby cywilne i humanistycznej dysponuje znany obiekt weddingowy, Dw\u00f3r Korona Karkonoszy w Sosn\u00f3wce ko\u0142o Karpacza. Mo\u017cna tam urz\u0105dzi\u0107 wesele w ka\u017cdy dzie\u0144 tygodnia, zar\u00f3wno w jednej z <a href=\"https:\/\/www.koronakarkonoszy.pl\/blog\/sale-weselne-jak-dobrze-wybrac\/\" target=\"_blank\" rel=\"noreferrer noopener\">sal weselnych<\/a>, jak i w pi\u0119knych ogrodach. A go\u015bcie mog\u0105 przenocowa\u0107 w jednym z wielu <a href=\"https:\/\/www.koronakarkonoszy.pl\/pokoje\/\" target=\"_blank\" rel=\"noreferrer noopener\">pokoi butikowych<\/a> do wyboru.<\/p>\n\n\n\n<figure class=\"wp-block-image size-large\"><a href=\"https:\/\/www.koronakarkonoszy.pl\/wesele\/\" target=\"_blank\" rel=\"noreferrer noopener\"><img loading=\"lazy\" decoding=\"async\" width=\"1024\" height=\"512\" src=\"https:\/\/www.koronakarkonoszy.pl\/blog\/wp-content\/uploads\/2022\/01\/piekne_wesela_DKK-1024x512.jpg\" alt=\"\" class=\"wp-image-4011\" srcset=\"https:\/\/www.koronakarkonoszy.pl\/blog\/wp-content\/uploads\/2022\/01\/piekne_wesela_DKK-1024x512.jpg 1024w, https:\/\/www.koronakarkonoszy.pl\/blog\/wp-content\/uploads\/2022\/01\/piekne_wesela_DKK-300x150.jpg 300w, https:\/\/www.koronakarkonoszy.pl\/blog\/wp-content\/uploads\/2022\/01\/piekne_wesela_DKK-768x384.jpg 768w, https:\/\/www.koronakarkonoszy.pl\/blog\/wp-content\/uploads\/2022\/01\/piekne_wesela_DKK.jpg 1200w\" sizes=\"auto, (max-width: 1024px) 100vw, 1024px\" \/><\/a><\/figure>\n","protected":false},"excerpt":{"rendered":"<p>Jednym z pierwszych etap\u00f3w organizacji \u015blubu jest wyznaczenie daty. Du\u017c\u0105 popularno\u015bci\u0105 w\u015br\u00f3d narzeczonych ciesz\u0105 si\u0119 terminy \u015bwi\u0105teczne, kt\u00f3re kusz\u0105 wyj\u0105tkow\u0105, klimatyczn\u0105 aur\u0105. Do takich dni zaliczymy m.in. Bo\u017ce Cia\u0142o. Czy \u015blub w Bo\u017ce Cia\u0142o to dobre rozwi\u0105zanie? Bo\u017ce Cia\u0142o \u2013 co to za \u015bwi\u0119to? Bo\u017ce Cia\u0142o to potoczna nazwa dla Uroczysto\u015bci Naj\u015bwi\u0119tszego Cia\u0142a i Krwi [&hellip;]<\/p>\n","protected":false},"author":11,"featured_media":2688,"comment_status":"closed","ping_status":"closed","sticky":false,"template":"","format":"standard","meta":{"_acf_changed":false,"footnotes":""},"categories":[16,4,12],"class_list":["post-2684","post","type-post","status-publish","format-standard","has-post-thumbnail","hentry","category-kiedy-wesele","category-tradycja","category-wesele-lato"],"acf":[],"yoast_head":"<!-- This site is optimized with the Yoast SEO plugin v27.5 - https:\/\/yoast.com\/product\/yoast-seo-wordpress\/ -->\n<title>Czy \u015blub w Bo\u017ce Cia\u0142o to dobry pomys\u0142? - :: Blog weselny<\/title>\n<meta name=\"description\" content=\"Kiedy zorganizowa\u0107 \u015blub? Du\u017c\u0105 popularno\u015bci\u0105 ciesz\u0105 si\u0119 terminy \u015bwi\u0105teczne. Czy \u015blub w Bo\u017ce Cia\u0142o to dobry pomys\u0142? Podpowiadamy!\" \/>\n<meta name=\"robots\" content=\"index, follow, max-snippet:-1, max-image-preview:large, max-video-preview:-1\" \/>\n<link rel=\"canonical\" href=\"https:\/\/www.koronakarkonoszy.pl\/blog\/en\/is-a-corpus-christi-wedding-a-good-idea\/\" \/>\n<meta property=\"og:locale\" content=\"en_GB\" \/>\n<meta property=\"og:type\" content=\"article\" \/>\n<meta property=\"og:title\" content=\"Czy \u015blub w Bo\u017ce Cia\u0142o to dobry pomys\u0142? - :: Blog weselny\" \/>\n<meta property=\"og:description\" content=\"Kiedy zorganizowa\u0107 \u015blub? Du\u017c\u0105 popularno\u015bci\u0105 ciesz\u0105 si\u0119 terminy \u015bwi\u0105teczne. Czy \u015blub w Bo\u017ce Cia\u0142o to dobry pomys\u0142? Podpowiadamy!\" \/>\n<meta property=\"og:url\" content=\"https:\/\/www.koronakarkonoszy.pl\/blog\/en\/is-a-corpus-christi-wedding-a-good-idea\/\" \/>\n<meta property=\"og:site_name\" content=\":: Blog weselny\" \/>\n<meta property=\"article:published_time\" content=\"2023-03-30T14:30:45+00:00\" \/>\n<meta property=\"article:modified_time\" content=\"2024-12-11T10:54:47+00:00\" \/>\n<meta property=\"og:image\" content=\"https:\/\/www.koronakarkonoszy.pl\/blog\/wp-content\/uploads\/2022\/01\/slub-w-Boze-Cialo-1.jpg\" \/>\n\t<meta property=\"og:image:width\" content=\"1723\" \/>\n\t<meta property=\"og:image:height\" content=\"1149\" \/>\n\t<meta property=\"og:image:type\" content=\"image\/jpeg\" \/>\n<meta name=\"author\" content=\"agnieszka\" \/>\n<meta name=\"twitter:card\" content=\"summary_large_image\" \/>\n<meta name=\"twitter:label1\" content=\"Written by\" \/>\n\t<meta name=\"twitter:data1\" content=\"agnieszka\" \/>\n\t<meta name=\"twitter:label2\" content=\"Estimated reading time\" \/>\n\t<meta name=\"twitter:data2\" content=\"8 minutes\" \/>\n<script type=\"application\/ld+json\" class=\"yoast-schema-graph\">{\"@context\":\"https:\\\/\\\/schema.org\",\"@graph\":[{\"@type\":\"Article\",\"@id\":\"https:\\\/\\\/www.koronakarkonoszy.pl\\\/blog\\\/czy-slub-w-boze-cialo-to-dobry-pomysl\\\/#article\",\"isPartOf\":{\"@id\":\"https:\\\/\\\/www.koronakarkonoszy.pl\\\/blog\\\/czy-slub-w-boze-cialo-to-dobry-pomysl\\\/\"},\"author\":{\"name\":\"agnieszka\",\"@id\":\"https:\\\/\\\/www.koronakarkonoszy.pl\\\/blog\\\/#\\\/schema\\\/person\\\/ec8c88bd01ebe6cbf6a16435ce22276f\"},\"headline\":\"Czy \u015blub w Bo\u017ce Cia\u0142o to dobry pomys\u0142?\",\"datePublished\":\"2023-03-30T14:30:45+00:00\",\"dateModified\":\"2024-12-11T10:54:47+00:00\",\"mainEntityOfPage\":{\"@id\":\"https:\\\/\\\/www.koronakarkonoszy.pl\\\/blog\\\/czy-slub-w-boze-cialo-to-dobry-pomysl\\\/\"},\"wordCount\":1302,\"image\":{\"@id\":\"https:\\\/\\\/www.koronakarkonoszy.pl\\\/blog\\\/czy-slub-w-boze-cialo-to-dobry-pomysl\\\/#primaryimage\"},\"thumbnailUrl\":\"https:\\\/\\\/www.koronakarkonoszy.pl\\\/blog\\\/wp-content\\\/uploads\\\/2022\\\/01\\\/slub-w-Boze-Cialo-1.jpg\",\"articleSection\":[\"Kiedy wesele\",\"Tradycja\",\"Wesele lato\"],\"inLanguage\":\"en-GB\"},{\"@type\":\"WebPage\",\"@id\":\"https:\\\/\\\/www.koronakarkonoszy.pl\\\/blog\\\/czy-slub-w-boze-cialo-to-dobry-pomysl\\\/\",\"url\":\"https:\\\/\\\/www.koronakarkonoszy.pl\\\/blog\\\/czy-slub-w-boze-cialo-to-dobry-pomysl\\\/\",\"name\":\"Czy \u015blub w Bo\u017ce Cia\u0142o to dobry pomys\u0142? - :: Blog weselny\",\"isPartOf\":{\"@id\":\"https:\\\/\\\/www.koronakarkonoszy.pl\\\/blog\\\/#website\"},\"primaryImageOfPage\":{\"@id\":\"https:\\\/\\\/www.koronakarkonoszy.pl\\\/blog\\\/czy-slub-w-boze-cialo-to-dobry-pomysl\\\/#primaryimage\"},\"image\":{\"@id\":\"https:\\\/\\\/www.koronakarkonoszy.pl\\\/blog\\\/czy-slub-w-boze-cialo-to-dobry-pomysl\\\/#primaryimage\"},\"thumbnailUrl\":\"https:\\\/\\\/www.koronakarkonoszy.pl\\\/blog\\\/wp-content\\\/uploads\\\/2022\\\/01\\\/slub-w-Boze-Cialo-1.jpg\",\"datePublished\":\"2023-03-30T14:30:45+00:00\",\"dateModified\":\"2024-12-11T10:54:47+00:00\",\"author\":{\"@id\":\"https:\\\/\\\/www.koronakarkonoszy.pl\\\/blog\\\/#\\\/schema\\\/person\\\/ec8c88bd01ebe6cbf6a16435ce22276f\"},\"description\":\"Kiedy zorganizowa\u0107 \u015blub? Du\u017c\u0105 popularno\u015bci\u0105 ciesz\u0105 si\u0119 terminy \u015bwi\u0105teczne. Czy \u015blub w Bo\u017ce Cia\u0142o to dobry pomys\u0142? Podpowiadamy!\",\"breadcrumb\":{\"@id\":\"https:\\\/\\\/www.koronakarkonoszy.pl\\\/blog\\\/czy-slub-w-boze-cialo-to-dobry-pomysl\\\/#breadcrumb\"},\"inLanguage\":\"en-GB\",\"potentialAction\":[{\"@type\":\"ReadAction\",\"target\":[\"https:\\\/\\\/www.koronakarkonoszy.pl\\\/blog\\\/czy-slub-w-boze-cialo-to-dobry-pomysl\\\/\"]}]},{\"@type\":\"ImageObject\",\"inLanguage\":\"en-GB\",\"@id\":\"https:\\\/\\\/www.koronakarkonoszy.pl\\\/blog\\\/czy-slub-w-boze-cialo-to-dobry-pomysl\\\/#primaryimage\",\"url\":\"https:\\\/\\\/www.koronakarkonoszy.pl\\\/blog\\\/wp-content\\\/uploads\\\/2022\\\/01\\\/slub-w-Boze-Cialo-1.jpg\",\"contentUrl\":\"https:\\\/\\\/www.koronakarkonoszy.pl\\\/blog\\\/wp-content\\\/uploads\\\/2022\\\/01\\\/slub-w-Boze-Cialo-1.jpg\",\"width\":1723,\"height\":1149,\"caption\":\"Czy \u015blub w Bo\u017ce Cia\u0142o to dobry pomys\u0142?\"},{\"@type\":\"BreadcrumbList\",\"@id\":\"https:\\\/\\\/www.koronakarkonoszy.pl\\\/blog\\\/czy-slub-w-boze-cialo-to-dobry-pomysl\\\/#breadcrumb\",\"itemListElement\":[{\"@type\":\"ListItem\",\"position\":1,\"name\":\"Strona g\u0142\u00f3wna\",\"item\":\"https:\\\/\\\/www.koronakarkonoszy.pl\\\/blog\\\/\"},{\"@type\":\"ListItem\",\"position\":2,\"name\":\"Czy \u015blub w Bo\u017ce Cia\u0142o to dobry pomys\u0142?\"}]},{\"@type\":\"WebSite\",\"@id\":\"https:\\\/\\\/www.koronakarkonoszy.pl\\\/blog\\\/#website\",\"url\":\"https:\\\/\\\/www.koronakarkonoszy.pl\\\/blog\\\/\",\"name\":\":: Blog weselny\",\"description\":\"Blog weselny Dw\u00f3r Korona Karkonoszy\",\"potentialAction\":[{\"@type\":\"SearchAction\",\"target\":{\"@type\":\"EntryPoint\",\"urlTemplate\":\"https:\\\/\\\/www.koronakarkonoszy.pl\\\/blog\\\/?s={search_term_string}\"},\"query-input\":{\"@type\":\"PropertyValueSpecification\",\"valueRequired\":true,\"valueName\":\"search_term_string\"}}],\"inLanguage\":\"en-GB\"},{\"@type\":\"Person\",\"@id\":\"https:\\\/\\\/www.koronakarkonoszy.pl\\\/blog\\\/#\\\/schema\\\/person\\\/ec8c88bd01ebe6cbf6a16435ce22276f\",\"name\":\"agnieszka\",\"image\":{\"@type\":\"ImageObject\",\"inLanguage\":\"en-GB\",\"@id\":\"https:\\\/\\\/www.koronakarkonoszy.pl\\\/blog\\\/wp-content\\\/litespeed\\\/avatar\\\/53ee7b676463f74d0aea1a09de3d003b.jpg?ver=1777438794\",\"url\":\"https:\\\/\\\/www.koronakarkonoszy.pl\\\/blog\\\/wp-content\\\/litespeed\\\/avatar\\\/53ee7b676463f74d0aea1a09de3d003b.jpg?ver=1777438794\",\"contentUrl\":\"https:\\\/\\\/www.koronakarkonoszy.pl\\\/blog\\\/wp-content\\\/litespeed\\\/avatar\\\/53ee7b676463f74d0aea1a09de3d003b.jpg?ver=1777438794\",\"caption\":\"agnieszka\"},\"url\":\"https:\\\/\\\/www.koronakarkonoszy.pl\\\/blog\\\/en\\\/author\\\/agnieszka\\\/\"}]}<\/script>\n<!-- \/ Yoast SEO plugin. -->","yoast_head_json":{"title":"Is a wedding on Corpus Christi a good idea? - :: Wedding blog","description":"When to organize a wedding? Holiday dates are very popular. Is a Corpus Christi wedding a good idea? we suggest!","robots":{"index":"index","follow":"follow","max-snippet":"max-snippet:-1","max-image-preview":"max-image-preview:large","max-video-preview":"max-video-preview:-1"},"canonical":"https:\/\/www.koronakarkonoszy.pl\/blog\/en\/is-a-corpus-christi-wedding-a-good-idea\/","og_locale":"en_GB","og_type":"article","og_title":"Czy \u015blub w Bo\u017ce Cia\u0142o to dobry pomys\u0142? - :: Blog weselny","og_description":"Kiedy zorganizowa\u0107 \u015blub? Du\u017c\u0105 popularno\u015bci\u0105 ciesz\u0105 si\u0119 terminy \u015bwi\u0105teczne. Czy \u015blub w Bo\u017ce Cia\u0142o to dobry pomys\u0142? Podpowiadamy!","og_url":"https:\/\/www.koronakarkonoszy.pl\/blog\/en\/is-a-corpus-christi-wedding-a-good-idea\/","og_site_name":":: Blog weselny","article_published_time":"2023-03-30T14:30:45+00:00","article_modified_time":"2024-12-11T10:54:47+00:00","og_image":[{"width":1723,"height":1149,"url":"https:\/\/www.koronakarkonoszy.pl\/blog\/wp-content\/uploads\/2022\/01\/slub-w-Boze-Cialo-1.jpg","type":"image\/jpeg"}],"author":"agnieszka","twitter_card":"summary_large_image","twitter_misc":{"Written by":"agnieszka","Estimated reading time":"8 minutes"},"schema":{"@context":"https:\/\/schema.org","@graph":[{"@type":"Article","@id":"https:\/\/www.koronakarkonoszy.pl\/blog\/czy-slub-w-boze-cialo-to-dobry-pomysl\/#article","isPartOf":{"@id":"https:\/\/www.koronakarkonoszy.pl\/blog\/czy-slub-w-boze-cialo-to-dobry-pomysl\/"},"author":{"name":"agnieszka","@id":"https:\/\/www.koronakarkonoszy.pl\/blog\/#\/schema\/person\/ec8c88bd01ebe6cbf6a16435ce22276f"},"headline":"Czy \u015blub w Bo\u017ce Cia\u0142o to dobry pomys\u0142?","datePublished":"2023-03-30T14:30:45+00:00","dateModified":"2024-12-11T10:54:47+00:00","mainEntityOfPage":{"@id":"https:\/\/www.koronakarkonoszy.pl\/blog\/czy-slub-w-boze-cialo-to-dobry-pomysl\/"},"wordCount":1302,"image":{"@id":"https:\/\/www.koronakarkonoszy.pl\/blog\/czy-slub-w-boze-cialo-to-dobry-pomysl\/#primaryimage"},"thumbnailUrl":"https:\/\/www.koronakarkonoszy.pl\/blog\/wp-content\/uploads\/2022\/01\/slub-w-Boze-Cialo-1.jpg","articleSection":["Kiedy wesele","Tradycja","Wesele lato"],"inLanguage":"en-GB"},{"@type":"WebPage","@id":"https:\/\/www.koronakarkonoszy.pl\/blog\/czy-slub-w-boze-cialo-to-dobry-pomysl\/","url":"https:\/\/www.koronakarkonoszy.pl\/blog\/czy-slub-w-boze-cialo-to-dobry-pomysl\/","name":"Is a wedding on Corpus Christi a good idea? - :: Wedding blog","isPartOf":{"@id":"https:\/\/www.koronakarkonoszy.pl\/blog\/#website"},"primaryImageOfPage":{"@id":"https:\/\/www.koronakarkonoszy.pl\/blog\/czy-slub-w-boze-cialo-to-dobry-pomysl\/#primaryimage"},"image":{"@id":"https:\/\/www.koronakarkonoszy.pl\/blog\/czy-slub-w-boze-cialo-to-dobry-pomysl\/#primaryimage"},"thumbnailUrl":"https:\/\/www.koronakarkonoszy.pl\/blog\/wp-content\/uploads\/2022\/01\/slub-w-Boze-Cialo-1.jpg","datePublished":"2023-03-30T14:30:45+00:00","dateModified":"2024-12-11T10:54:47+00:00","author":{"@id":"https:\/\/www.koronakarkonoszy.pl\/blog\/#\/schema\/person\/ec8c88bd01ebe6cbf6a16435ce22276f"},"description":"When to organize a wedding? Holiday dates are very popular. Is a Corpus Christi wedding a good idea? we suggest!","breadcrumb":{"@id":"https:\/\/www.koronakarkonoszy.pl\/blog\/czy-slub-w-boze-cialo-to-dobry-pomysl\/#breadcrumb"},"inLanguage":"en-GB","potentialAction":[{"@type":"ReadAction","target":["https:\/\/www.koronakarkonoszy.pl\/blog\/czy-slub-w-boze-cialo-to-dobry-pomysl\/"]}]},{"@type":"ImageObject","inLanguage":"en-GB","@id":"https:\/\/www.koronakarkonoszy.pl\/blog\/czy-slub-w-boze-cialo-to-dobry-pomysl\/#primaryimage","url":"https:\/\/www.koronakarkonoszy.pl\/blog\/wp-content\/uploads\/2022\/01\/slub-w-Boze-Cialo-1.jpg","contentUrl":"https:\/\/www.koronakarkonoszy.pl\/blog\/wp-content\/uploads\/2022\/01\/slub-w-Boze-Cialo-1.jpg","width":1723,"height":1149,"caption":"Czy \u015blub w Bo\u017ce Cia\u0142o to dobry pomys\u0142?"},{"@type":"BreadcrumbList","@id":"https:\/\/www.koronakarkonoszy.pl\/blog\/czy-slub-w-boze-cialo-to-dobry-pomysl\/#breadcrumb","itemListElement":[{"@type":"ListItem","position":1,"name":"Strona g\u0142\u00f3wna","item":"https:\/\/www.koronakarkonoszy.pl\/blog\/"},{"@type":"ListItem","position":2,"name":"Czy \u015blub w Bo\u017ce Cia\u0142o to dobry pomys\u0142?"}]},{"@type":"WebSite","@id":"https:\/\/www.koronakarkonoszy.pl\/blog\/#website","url":"https:\/\/www.koronakarkonoszy.pl\/blog\/","name":":: Wedding blog","description":"Wedding blog Dw\u00f3r Korona Karkonosze","potentialAction":[{"@type":"SearchAction","target":{"@type":"EntryPoint","urlTemplate":"https:\/\/www.koronakarkonoszy.pl\/blog\/?s={search_term_string}"},"query-input":{"@type":"PropertyValueSpecification","valueRequired":true,"valueName":"search_term_string"}}],"inLanguage":"en-GB"},{"@type":"Person","@id":"https:\/\/www.koronakarkonoszy.pl\/blog\/#\/schema\/person\/ec8c88bd01ebe6cbf6a16435ce22276f","name":"Agnes","image":{"@type":"ImageObject","inLanguage":"en-GB","@id":"https:\/\/www.koronakarkonoszy.pl\/blog\/wp-content\/litespeed\/avatar\/53ee7b676463f74d0aea1a09de3d003b.jpg?ver=1777438794","url":"https:\/\/www.koronakarkonoszy.pl\/blog\/wp-content\/litespeed\/avatar\/53ee7b676463f74d0aea1a09de3d003b.jpg?ver=1777438794","contentUrl":"https:\/\/www.koronakarkonoszy.pl\/blog\/wp-content\/litespeed\/avatar\/53ee7b676463f74d0aea1a09de3d003b.jpg?ver=1777438794","caption":"agnieszka"},"url":"https:\/\/www.koronakarkonoszy.pl\/blog\/en\/author\/agnieszka\/"}]}},"_links":{"self":[{"href":"https:\/\/www.koronakarkonoszy.pl\/blog\/en\/wp-json\/wp\/v2\/posts\/2684","targetHints":{"allow":["GET"]}}],"collection":[{"href":"https:\/\/www.koronakarkonoszy.pl\/blog\/en\/wp-json\/wp\/v2\/posts"}],"about":[{"href":"https:\/\/www.koronakarkonoszy.pl\/blog\/en\/wp-json\/wp\/v2\/types\/post"}],"author":[{"embeddable":true,"href":"https:\/\/www.koronakarkonoszy.pl\/blog\/en\/wp-json\/wp\/v2\/users\/11"}],"replies":[{"embeddable":true,"href":"https:\/\/www.koronakarkonoszy.pl\/blog\/en\/wp-json\/wp\/v2\/comments?post=2684"}],"version-history":[{"count":1,"href":"https:\/\/www.koronakarkonoszy.pl\/blog\/en\/wp-json\/wp\/v2\/posts\/2684\/revisions"}],"predecessor-version":[{"id":11642,"href":"https:\/\/www.koronakarkonoszy.pl\/blog\/en\/wp-json\/wp\/v2\/posts\/2684\/revisions\/11642"}],"wp:featuredmedia":[{"embeddable":true,"href":"https:\/\/www.koronakarkonoszy.pl\/blog\/en\/wp-json\/wp\/v2\/media\/2688"}],"wp:attachment":[{"href":"https:\/\/www.koronakarkonoszy.pl\/blog\/en\/wp-json\/wp\/v2\/media?parent=2684"}],"wp:term":[{"taxonomy":"category","embeddable":true,"href":"https:\/\/www.koronakarkonoszy.pl\/blog\/en\/wp-json\/wp\/v2\/categories?post=2684"}],"curies":[{"name":"wp","href":"https:\/\/api.w.org\/{rel}","templated":true}]}}