{"id":237,"date":"2023-03-12T18:39:52","date_gmt":"2023-03-12T17:39:52","guid":{"rendered":"https:\/\/www.koronakarkonoszy.pl\/blog\/?p=237"},"modified":"2023-03-12T18:58:55","modified_gmt":"2023-03-12T17:58:55","slug":"wedding-on-friday-a-fashionable-custom-in-recent-years","status":"publish","type":"post","link":"https:\/\/www.koronakarkonoszy.pl\/blog\/en\/slub-w-piatek-modny-zwyczaj-ostatnich-lat\/","title":{"rendered":"Wedding on Friday - a fashionable custom of recent years!"},"content":{"rendered":"\n<p>Od lat najbardziej popularny dzie\u0144 \u015blubu to sobota. W zwi\u0105zku z tym coraz trudniej o dobry sobotni termin na \u015blub i wesele. Obecnie M\u0142ode Pary cz\u0119sto decyduj\u0105 si\u0119 \u015blub pi\u0105tkowy. Czy to dobry pomys\u0142? Wr\u0119cz idealny! \u015alub w pi\u0105tek pozwoli Wam zorganizowa\u0107 wesele tam, gdzie sobie wymarzyli\u015bcie. Ale to nie jedyne zalety pi\u0105tkowego \u015blubu!<\/p>\n\n\n<div id=\"ariadna-block_2ba7ba3a1c361c07cc150f2f3dcc68bc\" class=\"ariadna\">\r\n    <ul><li><a href=\"#h-lub-w-pi-tek-jako-spos-b-na-brak-termin-w\">\u015alub w pi\u0105tek jako spos\u00f3b na brak termin\u00f3w!<\/a><\/li><li><a href=\"#ha-dlaczego-slub-w-piatek-to-dobry-pomysl\">Dlaczego \u015blub w pi\u0105tek to dobry pomys\u0142?<\/a><\/li><li><a href=\"#h-wesele-w-tygodniu\">Wesele w tygodniu<\/a><\/li><li><a href=\"#h-lub-w-pi-tek-spos-b-na-przed-u-ony-urlop\">\u015alub w pi\u0105tek &#8211; spos\u00f3b na przed\u0142u\u017cony urlop<\/a><\/li><li><a href=\"#h-krotki-urlop-na-slub\">Kr\u00f3tki urlop na \u015blub<\/a><\/li><li><a href=\"#ha-na-czym-mozna-zaoszczedzic-organizujac-slub-w-piatek\">Na czym mo\u017cna zaoszcz\u0119dzi\u0107 organizuj\u0105c \u015blub w pi\u0105tek?<\/a><\/li><li><a href=\"#h-muzyka\">Muzyka<\/a><\/li><li><a href=\"#ha-fotograf-a-wesele-w-piatek\">Fotograf a wesele w pi\u0105tek<\/a><\/li><li><a href=\"#ha-gdzie-szukac-podwykonawcow-na-wesele-w-piatek\">Gdzie szuka\u0107 podwykonawc\u00f3w na wesele w pi\u0105tek?<\/a><\/li><li><a href=\"#h-slub-w-piatek-uslugi-polecone-przez-znajomych\">\u015alub w pi\u0105tek &#8211; us\u0142ugi polecone przez znajomych<\/a><\/li><li><a href=\"#ha-portale-dla-narzeczonych\">Portale dla narzeczonych<\/a><\/li><li><a href=\"#ha-wyszukiwarka-google-oraz-opinie\">Wyszukiwarka Google oraz opinie<\/a><\/li><li><a href=\"#h-kiedy-najlepiej-rozpoczac-poszukiwania-sali-na-wesele-w-piatek\">Kiedy najlepiej rozpocz\u0105\u0107 poszukiwania sali na wesele w pi\u0105tek?<\/a><\/li><li><a href=\"#ha-slub-w-piatek-przesady\">\u015alub w pi\u0105tek przes\u0105dy<\/a><\/li><li><a href=\"#h-piatkowe-sluby\">Pi\u0105tkowe \u015bluby<\/a><\/li><li><a href=\"#ha-piatek-dniem-wenery\">Pi\u0105tek dniem Wenery!<\/a><\/li><li><a href=\"#h-dyspensa-na-wesele-w-piatek\">Dyspensa na wesele w pi\u0105tek<\/a><\/li><li><a href=\"#ha-wesele-w-piatek-pokarmy-miesne\">Wesele w pi\u0105tek \u2013 pokarmy mi\u0119sne<\/a><\/li><li><a href=\"#h-wesele-w-piatek-opinie\">Wesele w pi\u0105tek opinie<\/a><\/li><li><a href=\"#ha-dodatkowy-dzien-wolny-dla-pary-mlodej\">Dodatkowy dzie\u0144 wolny dla Pary M\u0142odej<\/a><\/li><li><a href=\"#ha-dodatkowe-atrakcje-dla-gosci-podczas-wesela-w-piatek\">Dodatkowe atrakcje dla go\u015bci podczas wesela w pi\u0105tek<\/a><\/li><li><a href=\"#h-pokaz-sztucznych-ogni\">Pokaz sztucznych ogni<\/a><\/li><li><a href=\"#ha-profesjonalny-pokaz-taneczny\">Profesjonalny pokaz taneczny<\/a><\/li><li><a href=\"#h-piatek-weekendu-poczatek\">Pi\u0105tek \u2013 weekendu pocz\u0105tek<\/a><\/li><li><a href=\"#ha-slub-w-piatek-zalety\">\u015alub w pi\u0105tek \u2013 zalety<\/a><\/li><li><a href=\"#ha-slub-w-piatek-wady\">\u015alub w pi\u0105tek \u2013 wady<\/a><\/li><li><a href=\"#h-wesele-w-piatek-chwilowa-moda-czy-nowy-zwyczaj\">Wesele w pi\u0105tek \u2013 chwilowa moda, czy nowy zwyczaj?<\/a><\/li><li><a href=\"#ha-piatek-na-dobra-wrozbe\">Pi\u0105tek na dobr\u0105 wr\u00f3\u017cb\u0119<\/a><\/li><\/ul>\r\n<\/div>\r\n\r\n\r\n\r\n\n\n\n<h2 class=\"wp-block-heading\" id=\"h-lub-w-pi-tek-jako-spos-b-na-brak-termin-w\">\u015alub w pi\u0105tek jako spos\u00f3b na brak termin\u00f3w!<\/h2>\n\n\n\n<p>\u015alub zorganizowany w pi\u0105tek mo\u017ce by\u0107 bardzo korzystnym rozwi\u0105zaniem. Nie tylko z uwagi na dost\u0119pno\u015b\u0107 sali weselnej, ale tak\u017ce ko\u015bcio\u0142a czy Urz\u0119du Stanu Cywilnego. W takich okoliczno\u015bciach Para M\u0142oda b\u0119dzie mog\u0142a przebiera\u0107 w dost\u0119pnych godzinach. A sama uroczysto\u015b\u0107 za\u015blubin nie b\u0119dzie si\u0119 odbywa\u0142a w po\u015bpiechu.<\/p>\n\n\n\n<figure class=\"wp-block-image size-large\"><a href=\"https:\/\/www.koronakarkonoszy.pl\/wesele\/\" target=\"_blank\" rel=\"noreferrer noopener\"><img loading=\"lazy\" decoding=\"async\" width=\"1024\" height=\"512\" src=\"https:\/\/www.koronakarkonoszy.pl\/blog\/wp-content\/uploads\/2021\/05\/stylowy_dwor_wesleny_DKK-4-1024x512.jpg\" alt=\"\" class=\"wp-image-4431\" srcset=\"https:\/\/www.koronakarkonoszy.pl\/blog\/wp-content\/uploads\/2021\/05\/stylowy_dwor_wesleny_DKK-4-1024x512.jpg 1024w, https:\/\/www.koronakarkonoszy.pl\/blog\/wp-content\/uploads\/2021\/05\/stylowy_dwor_wesleny_DKK-4-300x150.jpg 300w, https:\/\/www.koronakarkonoszy.pl\/blog\/wp-content\/uploads\/2021\/05\/stylowy_dwor_wesleny_DKK-4-768x384.jpg 768w, https:\/\/www.koronakarkonoszy.pl\/blog\/wp-content\/uploads\/2021\/05\/stylowy_dwor_wesleny_DKK-4.jpg 1200w\" sizes=\"auto, (max-width: 1024px) 100vw, 1024px\" \/><\/a><\/figure>\n\n\n\n<p>Coraz cz\u0119\u015bciej wesela organizowane s\u0105 w r\u00f3\u017cne dni tygodnia. Ma to te\u017c zwi\u0105zek z pandemi\u0105, kiedy mn\u00f3stwo wesel trzeba by\u0142o odwo\u0142a\u0107 ze wzgl\u0119du na odg\u00f3rne ograniczenia. Potem nie spos\u00f3b by\u0142o wszystkich odwo\u0142anych imprez \u2013 i tych ju\u017c zaplanowanych \u2013 \u201eupchn\u0105\u0107\u201d w soboty. Zacz\u0119\u0142y si\u0119 wi\u0119c poszukiwania \u201ezamiennik\u00f3w\u201d. Wkr\u00f3tce okaza\u0142o si\u0119, \u017ce <a href=\"https:\/\/www.koronakarkonoszy.pl\/blog\/slub-w-piatek-modny-zwyczaj-ostatnich-lat\/\" class=\"links-placer\">\u015blub w pi\u0105tek<\/a> nikogo ju\u017c nie dziwi. Ponadto <strong>wesele w pi\u0105tek<\/strong> mo\u017cna <strong>zorganizowa\u0107 du\u017co szybciej<\/strong>. Je\u015bli wi\u0119c kto\u015b nie mo\u017ce si\u0119 doczeka\u0107, a\u017c stanie na \u015blubnym kobiercu, warto wybra\u0107 pi\u0105tek zamiast soboty.&nbsp; &nbsp;<\/p>\n\n\n\n<p>A <a href=\"https:\/\/www.koronakarkonoszy.pl\/blog\/symbole-slubne\/\" target=\"_blank\" rel=\"noreferrer noopener\">symbole \u015blubne<\/a> \u2013 na\u0142o\u017cenie obr\u0105czki, s\u0142owa przysi\u0119gi \u2013 nie s\u0105 przecie\u017c zale\u017cne od dnia, w kt\u00f3rym zamierzamy zawrze\u0107 \u015blub. S\u0105 tak samo wa\u017cne w pi\u0105tek, jak w sobot\u0119 czy poniedzia\u0142ek. Warto o tym pami\u0119ta\u0107 rezerwuj\u0105c termin \u015blubu. Obecnie naprawd\u0119 modne sta\u0142y si\u0119 \u015bluby pi\u0105tkowe!<\/p>\n\n\n\n<figure class=\"wp-block-image size-full\"><img loading=\"lazy\" decoding=\"async\" width=\"840\" height=\"560\" src=\"https:\/\/www.koronakarkonoszy.pl\/blog\/wp-content\/uploads\/2022\/12\/wesele-wroclaw-Dwor-Korona-piekne-wesele.jpg\" alt=\"\" class=\"wp-image-6521\" srcset=\"https:\/\/www.koronakarkonoszy.pl\/blog\/wp-content\/uploads\/2022\/12\/wesele-wroclaw-Dwor-Korona-piekne-wesele.jpg 840w, https:\/\/www.koronakarkonoszy.pl\/blog\/wp-content\/uploads\/2022\/12\/wesele-wroclaw-Dwor-Korona-piekne-wesele-300x200.jpg 300w, https:\/\/www.koronakarkonoszy.pl\/blog\/wp-content\/uploads\/2022\/12\/wesele-wroclaw-Dwor-Korona-piekne-wesele-768x512.jpg 768w\" sizes=\"auto, (max-width: 840px) 100vw, 840px\" \/><figcaption class=\"wp-element-caption\"><strong>Tort weselny, <\/strong><a href=\"https:\/\/www.koronakarkonoszy.pl\/wesele\/\" target=\"_blank\" rel=\"noreferrer noopener\"><strong>Dw\u00f3r Korona Karkonoszy<\/strong> <\/a><\/figcaption><\/figure>\n\n\n\n<h2 class=\"wp-block-heading\" id=\"ha-dlaczego-slub-w-piatek-to-dobry-pomysl\">Dlaczego \u015blub w pi\u0105tek to dobry pomys\u0142?<\/h2>\n\n\n\n<p>Nie ma co ukrywa\u0107 &#8211; \u015blub w pi\u0105tek jest korzystny r\u00f3wnie\u017c z punktu widzenia finans\u00f3w. Sobotnie terminy maj\u0105 swoj\u0105 okre\u015blon\u0105 kwot\u0119 p\u0142atno\u015bci za osob\u0119, natomiast termin pi\u0105tkowy w wielu salach jest znacznie ta\u0144szy. Jednym z obiekt\u00f3w, oferuj\u0105cych ni\u017csze ceny na wesela pi\u0105tkowe, jest Dw\u00f3r Korona Karkonoszy. Hotel z sal\u0105 weseln\u0105, zza okien kt\u00f3rej go\u015bcie weselni mog\u0105 podziwia\u0107 wspania\u0142e, g\u00f3rskie widoki. Warto wi\u0119c zastanowi\u0107 si\u0119 nad organizacj\u0105 tej uroczysto\u015bci w pi\u0105tek, chocia\u017cby z punktu widzenia oszcz\u0119dno\u015bci. \u015alub i wesele to ogromne zobowi\u0105zanie finansowe, wi\u0119c je\u015bli mo\u017cemy oszcz\u0119dzi\u0107 nieco \u015brodk\u00f3w na dodatkow\u0105 atrakcj\u0119 lub podr\u00f3\u017c po\u015blubn\u0105 &#8211; czemu nie?<\/p>\n\n\n\n<p>Przy organizacji \u015blubu w pi\u0105tek istnieje r\u00f3wnie\u017c znacznie wi\u0119ksza szansa na du\u017c\u0105 frekwencj\u0119 w\u015br\u00f3d go\u015bci. Bior\u0105c jeden dzie\u0144 urlopu zyskuj\u0105 przed\u0142u\u017cony weekend! <\/p>\n\n\n<section id=\"leonardo-block_2748d23d13fa1fced2c9b7ab659a8d9a\" class=\"leonardo page-breaker leonardo-image-left\">\r\n    <div class=\"leonardo-body\">\r\n        <h2 class=\"leonardo-title\" id=\"h-wesele-w-tygodniu\">Wesele w tygodniu <\/h2>        <div class=\"leonardo-content\"><p>Obecnie coraz bardziej popularny staje si\u0119 trend\u00a0urz\u0105dzania <a href=\"https:\/\/www.koronakarkonoszy.pl\/blog,weselny\/Jak-wybrac-date-i-termin-wesela,-oszczedzajac-na-podroz-poslubna-\/156,,0,1\">wesela w ci\u0105gu tygodnia<\/a>. Co prawda dzie\u0144 powszedni wydaje si\u0119 nam &#8211; na poz\u00f3r! &#8211; zupe\u0142nie nieprzystosowany do takiej uroczysto\u015bci, to jednak po d\u0142u\u017cszym zastanowieniu mo\u017cemy doj\u015b\u0107 do wniosku, \u017ce jest to dla Pary M\u0142odej tak wyj\u0105tkowy dzie\u0144, \u017ce nie zwraca ona uwagi na kalendarz.<\/p>\n<\/div>\r\n                    <aside class=\"leonardo-interlink\">\r\n                <b>Polecamy<\/b>\r\n                <a href=\"https:\/\/www.koronakarkonoszy.pl\/blog\/en\/wesele-okolice-wroclawia\/\">Wesele okolice Wroc\u0142awia \u2013 gdzie zorganizowa\u0107 przyj\u0119cie?<\/a>\r\n            <\/aside>\r\n            <\/div>\r\n    <div class=\"leonardo-image\">\r\n        <img loading=\"lazy\" decoding=\"async\" width=\"1000\" height=\"667\" src=\"https:\/\/www.koronakarkonoszy.pl\/blog\/wp-content\/uploads\/2021\/07\/slub-w-piatek1.jpg\" class=\"attachment-full size-full\" alt=\"\" srcset=\"https:\/\/www.koronakarkonoszy.pl\/blog\/wp-content\/uploads\/2021\/07\/slub-w-piatek1.jpg 1000w, https:\/\/www.koronakarkonoszy.pl\/blog\/wp-content\/uploads\/2021\/07\/slub-w-piatek1-300x200.jpg 300w, https:\/\/www.koronakarkonoszy.pl\/blog\/wp-content\/uploads\/2021\/07\/slub-w-piatek1-768x512.jpg 768w\" sizes=\"auto, (max-width: 1000px) 100vw, 1000px\" \/>            <\/div>\r\n<\/section>\n\n\n<h2 class=\"wp-block-heading\" id=\"h-lub-w-pi-tek-spos-b-na-przed-u-ony-urlop\">\u015alub w pi\u0105tek &#8211; spos\u00f3b na przed\u0142u\u017cony urlop<\/h2>\n\n\n\n<p>Wesele w pi\u0105tek &#8211; je\u015bli zastanawiacie si\u0119, czy wesele w pi\u0105tek to dobry pomys\u0142, poniewa\u017c macie w\u0105tpliwo\u015bci co do opinii Waszych go\u015bci weselnych pomy\u015blcie, \u017ce to taki przed\u0142u\u017cony urlop nie tylko dla Was, ale i dla nich. W\u0142a\u015bnie w taki spos\u00f3b przedstawiajcie sw\u00f3j pomys\u0142. Na aprobat\u0119 mo\u017cecie liczy\u0107 szczeg\u00f3lnie ze strony go\u015bci przyje\u017cd\u017caj\u0105cych z daleka \u2013 nie do\u015b\u0107, \u017ce sobot\u0119 b\u0119d\u0105 mogli sp\u0119dzi\u0107 aktywnie, na przyk\u0142ad na wycieczce po g\u00f3rach, to jeszcze niedziela pozwoli im na spokojny powr\u00f3t do domu.<\/p>\n\n\n\n<p>Nikt nie musi od razu p\u0119dzi\u0107 prosto z zabawy tanecznej do codziennych obowi\u0105zk\u00f3w. Wystarczy, \u017ce przesuniecie wesele o jeden dzie\u0144, a wszyscy Wasi go\u015bcie, rodzice oraz Wy, b\u0119dziecie mieli mo\u017cliwo\u015b\u0107 odpoczynku przed wyzwaniami dnia codziennego. A, jak wiemy, potrafi\u0105 one przyt\u0142oczy\u0107. Szczeg\u00f3lnie Par\u0119 M\u0142od\u0105, kt\u00f3ra chce sp\u0119dzi\u0107 ten wyj\u0105tkowy czas w spos\u00f3b szczeg\u00f3lny. Mo\u017cecie przed\u0142u\u017cy\u0107 go przynajmniej o jeden dzie\u0144 sp\u0119dzony na wycieczkach g\u00f3rskich, odpoczynku czy spokojnym pakowaniu si\u0119 na podr\u00f3\u017c po\u015blubn\u0105.<\/p>\n\n\n<section id=\"leonardo-block_e73f20902990602706c3548f41db1520\" class=\"leonardo page-breaker leonardo-image-right\">\r\n    <div class=\"leonardo-body\">\r\n        <h2 class=\"leonardo-title\" id=\"h-krotki-urlop-na-slub\">Kr\u00f3tki urlop na \u015blub<\/h2>        <div class=\"leonardo-content\"><p>Dla Pary M\u0142odej to r\u00f3wnie\u017c dobre rozwi\u0105zanie, poniewa\u017c emocje towarzysz\u0105ce uroczysto\u015bci potrafi\u0105 solidnie zm\u0119czy\u0107. Sobota i niedziela b\u0119d\u0105 znakomit\u0105 kontynuacj\u0105 kr\u00f3tkiego urlopu, po\u0142\u0105czonego z weselem. Je\u015bli planujecie podr\u00f3\u017c po\u015blubn\u0105 tu\u017c po uroczysto\u015bci, weekend pozwoli si\u0119 do niej przygotowa\u0107. Tak wi\u0119c \u015blub w pi\u0105tek wydaje si\u0119 tak samo dobry jak w sobot\u0119, a mo\u017ce nawet lepszy? ?<\/p>\n<\/div>\r\n                    <aside class=\"leonardo-interlink\">\r\n                <b>Polecamy<\/b>\r\n                <a href=\"https:\/\/www.koronakarkonoszy.pl\/blog\/en\/urocze-i-sielskie-wesele-folkowe\/\">Urocze i sielskie wesele folkowe<\/a>\r\n            <\/aside>\r\n            <\/div>\r\n    <div class=\"leonardo-image\">\r\n        <img loading=\"lazy\" decoding=\"async\" width=\"1000\" height=\"667\" src=\"https:\/\/www.koronakarkonoszy.pl\/blog\/wp-content\/uploads\/2021\/07\/slub-w-piatek.jpg\" class=\"attachment-full size-full\" alt=\"\u015blub w pi\u0105tek\" srcset=\"https:\/\/www.koronakarkonoszy.pl\/blog\/wp-content\/uploads\/2021\/07\/slub-w-piatek.jpg 1000w, https:\/\/www.koronakarkonoszy.pl\/blog\/wp-content\/uploads\/2021\/07\/slub-w-piatek-300x200.jpg 300w, https:\/\/www.koronakarkonoszy.pl\/blog\/wp-content\/uploads\/2021\/07\/slub-w-piatek-768x512.jpg 768w\" sizes=\"auto, (max-width: 1000px) 100vw, 1000px\" \/>            <\/div>\r\n<\/section>\n\n\n<h2 class=\"wp-block-heading\" id=\"ha-na-czym-mozna-zaoszczedzic-organizujac-slub-w-piatek\">Na czym mo\u017cna zaoszcz\u0119dzi\u0107 organizuj\u0105c \u015blub w pi\u0105tek?<\/h2>\n\n\n\n<p>\u015alub w pi\u0105tek to ogromna oszcz\u0119dno\u015b\u0107. Tak naprawd\u0119 niemal\u017ce wszystkie elementy zwi\u0105zane z organizacj\u0105 przyj\u0119cia s\u0105 w znacznie ni\u017cszych cenach ni\u017c w sobot\u0119. Z czego wynika taka zale\u017cno\u015b\u0107?<\/p>\n\n\n\n<p>Sobota to nadal najbardziej popularny dzie\u0144 tygodnia na organizacj\u0119 \u015blubu i wesela. Zdarza si\u0119, \u017ce narzeczeni musz\u0105 ju\u017c na dwa lata do przodu rezerwowa\u0107 sal\u0119 weseln\u0105 oraz ustala\u0107 szczeg\u00f3\u0142y z podwykonawcami. Oznacza to, \u017ce wszystkie obiekty oraz us\u0142ugodawcy s\u0105 zaj\u0119ci.<\/p>\n\n\n\n<figure class=\"wp-block-image size-large\"><img loading=\"lazy\" decoding=\"async\" width=\"1024\" height=\"683\" src=\"https:\/\/www.koronakarkonoszy.pl\/blog\/wp-content\/uploads\/2020\/05\/IMG_8619-1024x683.jpg\" alt=\"\" class=\"wp-image-5786\" srcset=\"https:\/\/www.koronakarkonoszy.pl\/blog\/wp-content\/uploads\/2020\/05\/IMG_8619-1024x683.jpg 1024w, https:\/\/www.koronakarkonoszy.pl\/blog\/wp-content\/uploads\/2020\/05\/IMG_8619-300x200.jpg 300w, https:\/\/www.koronakarkonoszy.pl\/blog\/wp-content\/uploads\/2020\/05\/IMG_8619-768x512.jpg 768w, https:\/\/www.koronakarkonoszy.pl\/blog\/wp-content\/uploads\/2020\/05\/IMG_8619-1920x1280.jpg 1920w, https:\/\/www.koronakarkonoszy.pl\/blog\/wp-content\/uploads\/2020\/05\/IMG_8619-1536x1024.jpg 1536w, https:\/\/www.koronakarkonoszy.pl\/blog\/wp-content\/uploads\/2020\/05\/IMG_8619-2048x1365.jpg 2048w\" sizes=\"auto, (max-width: 1024px) 100vw, 1024px\" \/><figcaption class=\"wp-element-caption\"><strong>Wesele w g\u00f3rach &#8211; sesja zdj\u0119ciowa <\/strong><\/figcaption><\/figure>\n\n\n\n<p>Dzi\u0119ki tak wysokiej popularno\u015bci wesel w soboty, mo\u017cna \u017c\u0105da\u0107 znacznie wy\u017cszej stawki za us\u0142ugi. Wszyscy s\u0105 \u015bwiadomi tego, \u017ce je\u017celi jedna M\u0142oda Para zrezygnuje, z pewno\u015bci\u0105 pojawi si\u0119 kolejna, kt\u00f3ra b\u0119dzie skora zap\u0142aci\u0107 nawet wi\u0119cej, je\u015bli zale\u017cy jej na terminie. Dlatego ceny w pi\u0105tek mog\u0105 by\u0107 znacznie ni\u017csze. Jest to okazja dla podwykonawc\u00f3w, \u017ceby zape\u0142ni\u0107 luk\u0119 w bud\u017cecie oraz w terminarzu. Wystarczy, \u017ce wolny termin oddadz\u0105 komu\u015b, kto chce zorganizowa\u0107 wesele w pi\u0105tek.<\/p>\n\n\n\n<p>Na czym konkretnie mo\u017cna zaoszcz\u0119dzi\u0107 organizuj\u0105c wesele w pi\u0105tek?<\/p>\n\n\n\n<h2 class=\"wp-block-heading\"><a href=\"https:\/\/www.koronakarkonoszy.pl\/blog\/sala-weselna\/\" target=\"_blank\" rel=\"noreferrer noopener\">Sala weselna<\/a><\/h2>\n\n\n\n<figure class=\"wp-block-image size-full is-resized\"><img loading=\"lazy\" decoding=\"async\" src=\"https:\/\/www.koronakarkonoszy.pl\/blog\/wp-content\/uploads\/2021\/07\/sala-balowa-dekoracje.jpg\" alt=\"Przygotowania weselne\" class=\"wp-image-594\" width=\"800\" height=\"534\" srcset=\"https:\/\/www.koronakarkonoszy.pl\/blog\/wp-content\/uploads\/2021\/07\/sala-balowa-dekoracje.jpg 800w, https:\/\/www.koronakarkonoszy.pl\/blog\/wp-content\/uploads\/2021\/07\/sala-balowa-dekoracje-300x200.jpg 300w, https:\/\/www.koronakarkonoszy.pl\/blog\/wp-content\/uploads\/2021\/07\/sala-balowa-dekoracje-768x513.jpg 768w\" sizes=\"auto, (max-width: 800px) 100vw, 800px\" \/><figcaption class=\"wp-element-caption\"><strong><a href=\"https:\/\/www.koronakarkonoszy.pl\/dworska-sala-balowa\/\" target=\"_blank\" rel=\"noreferrer noopener\">Dworska Sala Balowa<\/a>, Dw\u00f3r Korona Karkonoszy, <a href=\"https:\/\/www.koronakarkonoszy.pl\/blog-atrakcje\/sosnowka\/\" class=\"links-placer\">Sosn\u00f3wka<\/a> k. Karpacza<\/strong> <\/figcaption><\/figure>\n\n\n\n<p>Najwi\u0119kszym wydatkiem przy okazji organizacji przyj\u0119cia weselnego jest lokal, w kt\u00f3rym si\u0119 ono odb\u0119dzie. Wi\u0105\u017ce si\u0119 to z kosztami rz\u0119du kilkunastu tysi\u0119cy z\u0142otych. &nbsp;Wesele w pi\u0105tek wi\u0105\u017ce si\u0119 ze znacznie ni\u017cszymi kosztami zwi\u0105zanymi z wynajmem sali. W zale\u017cno\u015bci od lokalu, ceny te mog\u0105 by\u0107 ni\u017csze nawet do 20%. Na jednym tak zwanym \u201etalerzyku\u201d mo\u017ce wydawa\u0107 si\u0119 to niewielk\u0105 kwot\u0105. Jednak przy weselu na chocia\u017cby 100 os\u00f3b okazuje si\u0119, \u017ce mo\u017cna w ten spos\u00f3b zaoszcz\u0119dzi\u0107 kilka tysi\u0119cy.<\/p>\n\n\n\n<p>Taka kwota umo\u017cliwia zorganizowanie ciekawej oraz pe\u0142nej atrakcji podr\u00f3\u017cy po\u015blubnej lub op\u0142acenia dodatkowego elementu na weselu. Takiego, kt\u00f3ry nie jest konieczny, a przy weselu sobotnim by\u0142by niemo\u017cliwy do zrealizowania.<\/p>\n\n\n<section id=\"leonardo-block_606313427b6d3d39576a1040d78f4b4c\" class=\"leonardo page-breaker leonardo-image-left\">\r\n    <div class=\"leonardo-body\">\r\n        <h2 class=\"leonardo-title\" id=\"h-muzyka\">Muzyka <\/h2>        <div class=\"leonardo-content\"><p>Jaka muzyka najlepiej sprawdzi si\u0119 na weselu? Kolejnym du\u017cym wydatkiem dla narzeczonych jest zesp\u00f3\u0142 lub DJ. Muzyka na przyj\u0119ciu tanecznym jest szczeg\u00f3lnie wa\u017cna. Dlatego Pary M\u0142ode s\u0105 w stanie zap\u0142aci\u0107 naprawd\u0119 du\u017co tym, kt\u00f3rzy s\u0105 znani z ciekawych aran\u017cacji muzycznych oraz porywania go\u015bci do ta\u0144ca.<\/p>\n<p>Pi\u0105tkowe wieczory s\u0105 najcz\u0119\u015bciej dla os\u00f3b, kt\u00f3re graj\u0105 w zespole tym momentem, kiedy nic si\u0119 nie dzieje. Je\u017celi nie odpoczywaj\u0105 z rodzin\u0105, ch\u0119tnie zape\u0142ni\u0105 ten czas prac\u0105. Dla nich oznacza to dodatkowy zarobek, poniewa\u017c g\u0142\u00f3wnym \u017ar\u00f3d\u0142em dochodu s\u0105 sobotnie wesela.<\/p>\n<p>Ze wzgl\u0119du na wiele wolnych pi\u0105tk\u00f3w, zesp\u00f3\u0142 lub DJ s\u0105 cz\u0119sto w stanie zaoferowa\u0107 bardzo atrakcyjn\u0105 cen\u0119. Nie wp\u0142ywa ona w \u017cadnym stopniu na jako\u015b\u0107 wykonywanych utwor\u00f3w.<\/p>\n<\/div>\r\n            <\/div>\r\n    <div class=\"leonardo-image\">\r\n        <img loading=\"lazy\" decoding=\"async\" width=\"800\" height=\"534\" src=\"https:\/\/www.koronakarkonoszy.pl\/blog\/wp-content\/uploads\/2021\/07\/jak-podpisac-umowe-z-zespolem-weselnym.jpg\" class=\"attachment-full size-full\" alt=\"Jak podpisa\u0107 umow\u0119 z zespo\u0142em\" srcset=\"https:\/\/www.koronakarkonoszy.pl\/blog\/wp-content\/uploads\/2021\/07\/jak-podpisac-umowe-z-zespolem-weselnym.jpg 800w, https:\/\/www.koronakarkonoszy.pl\/blog\/wp-content\/uploads\/2021\/07\/jak-podpisac-umowe-z-zespolem-weselnym-300x200.jpg 300w, https:\/\/www.koronakarkonoszy.pl\/blog\/wp-content\/uploads\/2021\/07\/jak-podpisac-umowe-z-zespolem-weselnym-768x513.jpg 768w\" sizes=\"auto, (max-width: 800px) 100vw, 800px\" \/>            <\/div>\r\n<\/section>\n\n\n<h2 class=\"wp-block-heading\" id=\"ha-fotograf-a-wesele-w-piatek\">Fotograf a wesele w pi\u0105tek<\/h2>\n\n\n\n<p><a href=\"https:\/\/www.koronakarkonoszy.pl\/blog\/fotograf-na-slub-jakich-zdjec-oczekuja-panstwo-mlodzi\/\" target=\"_blank\" rel=\"noreferrer noopener\">Fotograf na \u015blub<\/a> \u2013 jak go wybra\u0107? Fotograficzne pami\u0105tki ze \u015blubu to powa\u017cna kwestia. Warto wybiera\u0107 \u015bwiadomie i szuka\u0107 najlepszych specjalist\u00f3w. Na fotografie oraz innych podwykonawcach weselnych r\u00f3wnie\u017c mo\u017cna sporo zaoszcz\u0119dzi\u0107. Nie ka\u017cdy chce i mo\u017ce um\u00f3wi\u0107 si\u0119 na sesj\u0119 zdj\u0119ciow\u0105 w pi\u0105tek. Dlatego wielu fotograf\u00f3w dysponuje w\u00f3wczas wolnymi terminami, kt\u00f3re ch\u0119tnie zape\u0142ni sesjami weselnymi oraz \u015blubnymi dla Par M\u0142odych.<\/p>\n\n\n\n<p>Pi\u0119kna sesja zdj\u0119ciowa w znacznie ni\u017cszej cenie? Brzmi jak doskona\u0142y plan weselny! Jak widzicie, jest wiele element\u00f3w zwi\u0105zanych z organizacj\u0105 wesela, na kt\u00f3rych mo\u017cna zaoszcz\u0119dzi\u0107. Je\u017celi zsumujecie wszystkie, mo\u017ce si\u0119 okaza\u0107, \u017ce spokojnie b\u0119dzie Was sta\u0107 na wakacje w wymarzonym miejscu.<\/p>\n\n\n\n<figure class=\"wp-block-image size-full\"><img loading=\"lazy\" decoding=\"async\" width=\"832\" height=\"554\" src=\"https:\/\/www.koronakarkonoszy.pl\/blog\/wp-content\/uploads\/2022\/12\/wesele-w-gorach-Dwor-Korona-Karkonoszy.jpg\" alt=\"\" class=\"wp-image-6539\" srcset=\"https:\/\/www.koronakarkonoszy.pl\/blog\/wp-content\/uploads\/2022\/12\/wesele-w-gorach-Dwor-Korona-Karkonoszy.jpg 832w, https:\/\/www.koronakarkonoszy.pl\/blog\/wp-content\/uploads\/2022\/12\/wesele-w-gorach-Dwor-Korona-Karkonoszy-300x200.jpg 300w, https:\/\/www.koronakarkonoszy.pl\/blog\/wp-content\/uploads\/2022\/12\/wesele-w-gorach-Dwor-Korona-Karkonoszy-768x511.jpg 768w\" sizes=\"auto, (max-width: 832px) 100vw, 832px\" \/><figcaption class=\"wp-element-caption\"><strong><a href=\"https:\/\/www.koronakarkonoszy.pl\/wesela\/wesele-karpacz\/\" target=\"_blank\" rel=\"noreferrer noopener\">Wesele Karpacz<\/a> i okolice <\/strong><\/figcaption><\/figure>\n\n\n\n<h2 class=\"wp-block-heading\" id=\"ha-gdzie-szukac-podwykonawcow-na-wesele-w-piatek\">Gdzie szuka\u0107 podwykonawc\u00f3w na wesele w pi\u0105tek?<\/h2>\n\n\n\n<p>Poszukiwania podwykonawc\u00f3w (<a href=\"https:\/\/www.koronakarkonoszy.pl\/blog\/florystka-na-wesele\/\" target=\"_blank\" rel=\"noreferrer noopener\">florystka<\/a>, makija\u017cystka, fotograf, DJ), na wesele w pi\u0105tek jest bardzo podobne do poszukiwa\u0144 na sobotnie przyj\u0119cie. Istnieje kilka sposob\u00f3w na znalezienie specjalist\u00f3w \u015blubnych. My skupimy si\u0119 na tych najbardziej popularnych.<\/p>\n\n\n<section id=\"leonardo-block_a81e724354a1fcdb8855d012bba5ad38\" class=\"leonardo page-breaker leonardo-image-right\">\r\n    <div class=\"leonardo-body\">\r\n        <h2 class=\"leonardo-title\" id=\"h-slub-w-piatek-uslugi-polecone-przez-znajomych\">\u015alub w pi\u0105tek &#8211; us\u0142ugi polecone przez znajomych <\/h2>        <div class=\"leonardo-content\"><p>Z pewno\u015bci\u0105 ka\u017cdy w swojej rodzinie lub w\u015br\u00f3d znajomych ma kogo\u015b, kto niedawno by\u0142 na przyj\u0119ciu \u015blubnym lub sam organizowa\u0142 wesele. Mo\u017ce powiedzie\u0107, w jakim miejscu si\u0119 odbywa\u0142o oraz poda\u0107 nazw\u0119 zespo\u0142u, kt\u00f3ry zajmowa\u0142 si\u0119 opraw\u0105 muzyczn\u0105. Na pewno r\u00f3wnie\u017c ma swoje zdanie na temat da\u0144, akustyki czy obs\u0142ugi go\u015bci.<\/p>\n<p>Zbieraj\u0105c w ten spos\u00f3b informacje, mo\u017cna w kr\u00f3tkim czasie stworzy\u0107 baz\u0119 podwykonawc\u00f3w, z kt\u00f3rymi warto si\u0119 skontaktowa\u0107. Je\u017celi planujecie \u015blub, z pewno\u015bci\u0105 w Waszym otoczeniu znajduj\u0105 si\u0119 znajomi, kt\u00f3rzy maj\u0105 ju\u017c ten dzie\u0144 za sob\u0105. To osoby, kt\u00f3re warto zapyta\u0107 o polecenia oraz rekomendacje.<\/p>\n<p>Jest to obecnie najbardziej popularny spos\u00f3b na poszukiwanie podwykonawc\u00f3w na wesele w pi\u0105tek i sobot\u0119. Dzi\u0119ki poleceniom mo\u017cecie mie\u0107 pewno\u015b\u0107, \u017ce znalezione sale weselne oraz zespo\u0142y spe\u0142niaj\u0105 wszystkie Wasze wymagania.<\/p>\n<\/div>\r\n                    <aside class=\"leonardo-interlink\">\r\n                <b>Polecamy<\/b>\r\n                <a href=\"https:\/\/www.koronakarkonoszy.pl\/blog\/en\/akcesoria-weselne\/\">Akcesoria weselne, kt\u00f3re nadadz\u0105 przyj\u0119ciu niepowtarzalny charakter<\/a>\r\n            <\/aside>\r\n            <\/div>\r\n    <div class=\"leonardo-image\">\r\n        <img loading=\"lazy\" decoding=\"async\" width=\"750\" height=\"411\" src=\"https:\/\/www.koronakarkonoszy.pl\/blog\/wp-content\/uploads\/2021\/06\/13.jpg\" class=\"attachment-full size-full\" alt=\"\" srcset=\"https:\/\/www.koronakarkonoszy.pl\/blog\/wp-content\/uploads\/2021\/06\/13.jpg 750w, https:\/\/www.koronakarkonoszy.pl\/blog\/wp-content\/uploads\/2021\/06\/13-300x164.jpg 300w\" sizes=\"auto, (max-width: 750px) 100vw, 750px\" \/>            <\/div>\r\n<\/section>\n\n\n<h2 class=\"wp-block-heading\" id=\"ha-portale-dla-narzeczonych\">Portale dla narzeczonych<\/h2>\n\n\n\n<p>Powstaje coraz wi\u0119cej portali, na kt\u00f3rych reklamuj\u0105 si\u0119 podwykonawcy. Maj\u0105 oni mo\u017cliwo\u015b\u0107 stworzenia w\u0142asnej podstrony us\u0142ugowej, na kt\u00f3rej znajduj\u0105 si\u0119 wszystkie informacje na temat ich pracy. Jest to doskona\u0142e miejsce dla wszystkich par, kt\u00f3re chc\u0105 znale\u017a\u0107 wszystkie informacje w jednym miejscu.<\/p>\n\n\n\n<p>Bardzo cz\u0119sto portale dla narzeczonych proponuj\u0105 r\u00f3wnie\u017c dodatkowe funkcje, kt\u00f3re mo\u017cna wykorzysta\u0107 podczas organizacji swojego wesela. S\u0105 to mi\u0119dzy innymi listy zada\u0144 do zrobienia przed \u015blubem, spisy potrzebnych dokument\u00f3w oraz nazwiska podwykonawc\u00f3w, kt\u00f3rzy s\u0105 potrzebni do organizacji niezapomnianego wesela.<\/p>\n\n\n\n<p>Ciekawym elementem, kt\u00f3ry znajduje si\u0119 na takich portalach, jest mo\u017cliwo\u015b\u0107 stworzenia w\u0142asnej strony weselnej. Mo\u017cecie zamie\u015bci\u0107 tam wszystkie najwa\u017cniejsze elementy zwi\u0105zane z Waszym wielkim dniem oraz przekaza\u0107 do niej dost\u0119p swoim go\u015bciom. B\u0119dzie to szczeg\u00f3lnie pomocne w przypadku wesela w pi\u0105tek. Dzi\u0119ki za\u0142\u0105czonej mapce dojazdu do USC, ko\u015bcio\u0142a oraz sali weselnej ka\u017cdy z go\u015bci b\u0119dzie wiedzia\u0142, ile czasu musi po\u015bwi\u0119ci\u0107 na dojazd. Dzi\u0119ki temu b\u0119dzie mia\u0142 mo\u017cliwo\u015b\u0107 ustalenia w pracy ewentualnego wcze\u015bniejszego wyj\u015bcia.<\/p>\n\n\n\n<figure class=\"wp-block-image size-large\"><img loading=\"lazy\" decoding=\"async\" width=\"1024\" height=\"682\" src=\"https:\/\/www.koronakarkonoszy.pl\/blog\/wp-content\/uploads\/2020\/09\/Ile-kosztuje-wesele-jak-z-bajki-1024x682.jpg\" alt=\"\" class=\"wp-image-3680\" srcset=\"https:\/\/www.koronakarkonoszy.pl\/blog\/wp-content\/uploads\/2020\/09\/Ile-kosztuje-wesele-jak-z-bajki-1024x682.jpg 1024w, https:\/\/www.koronakarkonoszy.pl\/blog\/wp-content\/uploads\/2020\/09\/Ile-kosztuje-wesele-jak-z-bajki-300x200.jpg 300w, https:\/\/www.koronakarkonoszy.pl\/blog\/wp-content\/uploads\/2020\/09\/Ile-kosztuje-wesele-jak-z-bajki-768x512.jpg 768w, https:\/\/www.koronakarkonoszy.pl\/blog\/wp-content\/uploads\/2020\/09\/Ile-kosztuje-wesele-jak-z-bajki-1536x1023.jpg 1536w, https:\/\/www.koronakarkonoszy.pl\/blog\/wp-content\/uploads\/2020\/09\/Ile-kosztuje-wesele-jak-z-bajki.jpg 1642w\" sizes=\"auto, (max-width: 1024px) 100vw, 1024px\" \/><figcaption class=\"wp-element-caption\"><strong>Wesele w ogrodzie,<\/strong> <a href=\"https:\/\/www.koronakarkonoszy.pl\/wesele\/\" target=\"_blank\" rel=\"noreferrer noopener\"><strong>Dw\u00f3r Korona Karkonoszy<\/strong> <\/a><\/figcaption><\/figure>\n\n\n\n<h2 class=\"wp-block-heading\" id=\"ha-wyszukiwarka-google-oraz-opinie\">Wyszukiwarka Google oraz opinie<\/h2>\n\n\n\n<p>Je\u017celi chcecie mie\u0107 znacznie wi\u0119kszy wyb\u00f3r oraz mo\u017cliwo\u015b\u0107 przebierania w ofertach, sprawd\u017acie propozycje us\u0142ugodawc\u00f3w w wyszukiwarce Google. Niemal\u017ce ka\u017cde przedsi\u0119biorstwo, kt\u00f3re zajmuje si\u0119 organizacj\u0105 wesela oraz wszystkich kwestii z nim zwi\u0105zanych posiada w\u0142asn\u0105 stron\u0119 internetow\u0105. Ta z kolei z pewno\u015bci\u0105 jest widoczna w Google. Teraz wystarczy jedynie znale\u017a\u0107 opinie go\u015bci oraz narzeczonych na temat konkretnej firmy.<\/p>\n\n\n\n<p>Tutaj jednak zalecamy szczeg\u00f3ln\u0105 ostro\u017cno\u015b\u0107! Zdarzaj\u0105 si\u0119 nieuczciwi podwykonawcy, kt\u00f3rzy kupuj\u0105 opinie lub komentuj\u0105 specjalnie negatywnie swoj\u0105 konkurencj\u0119. Nie jest to powszechna praktyka, poniewa\u017c mo\u017ce si\u0119 ona wi\u0105za\u0107 z konsekwencjami prawnymi. Mimo wszystko najlepszym rozwi\u0105zaniem jest spojrzenie na opinie jako ca\u0142o\u015b\u0107, bez skupiania si\u0119 na pojedynczych elementach.<\/p>\n\n\n<section id=\"leonardo-block_64602c124df024b806cb545b5332b7f6\" class=\"leonardo page-breaker leonardo-image-left\">\r\n    <div class=\"leonardo-body\">\r\n        <h2 class=\"leonardo-title\" id=\"h-kiedy-najlepiej-rozpoczac-poszukiwania-sali-na-wesele-w-piatek\">Kiedy najlepiej rozpocz\u0105\u0107 poszukiwania sali na wesele w pi\u0105tek?<\/h2>        <div class=\"leonardo-content\"><p><!-- wp:paragraph --><\/p>\n<p>Przyj\u0119cie weselne w pi\u0105tek jest znacznie \u0142atwiej zorganizowa\u0107. R\u00f3wnie\u017c pod wzgl\u0119dem termin\u00f3w oraz czasu, kiedy konieczne jest rozgl\u0105danie si\u0119 za sal\u0105 weseln\u0105. W przypadku wesela w pi\u0105tek mo\u017cliwe jest nawet zarezerwowanie pi\u0119knego obiektu na miesi\u0105c przed uroczysto\u015bci\u0105. Tego jednak nie polecamy. Wi\u0105\u017ce si\u0119 to z pewnym ryzykiem oraz dyskomfortem. Nie ma r\u00f3wnie\u017c odpowiednio du\u017co czasu na odpowiednie poinformowanie wszystkich go\u015bci oraz zaproszenie ich odpowiednio wcze\u015bniej na uroczysto\u015b\u0107. Chyba \u017ce planujemy <a href=\"https:\/\/www.koronakarkonoszy.pl\/blog\/wesele-last-minute-jak-szybko-zorganizowac-przyjecie-weselne\/\" target=\"_blank\" rel=\"noopener\">wesele last minute<\/a>.<\/p>\n<p><!-- \/wp:paragraph --> <!-- wp:paragraph --><\/p>\n<p>Kiedy wi\u0119c najlepiej zacz\u0105\u0107 szuka\u0107? Pami\u0119tajmy, \u017ce sala weselna jest pierwszym elementem, kt\u00f3ry nale\u017cy zorganizowa\u0107. Cz\u0119sto to do niej dobierane s\u0105 wszystkie kolejne elementy przyj\u0119cia weselnego, jak zesp\u00f3\u0142, dekoracje czy fotograf.<\/p>\n<p><!-- \/wp:paragraph --> <!-- wp:paragraph --><\/p>\n<p>Ze wzgl\u0119du na to, jak istotne jest znalezienie odpowiedniej, wr\u0119cz idealnej sali weselnej, proponujemy rozpocz\u0119cie poszukiwa\u0144 na rok przed planowan\u0105 dat\u0105 \u015blubu. Je\u017celi chcecie, \u017ceby wesele odby\u0142o si\u0119 latem, warto zacz\u0105\u0107 szuka\u0107 oko\u0142o p\u00f3\u0142tora roku przed uroczysto\u015bci\u0105.<\/p>\n<p><!-- \/wp:paragraph --><\/p>\n<\/div>\r\n            <\/div>\r\n    <div class=\"leonardo-image\">\r\n        <img loading=\"lazy\" decoding=\"async\" width=\"2560\" height=\"1707\" src=\"https:\/\/www.koronakarkonoszy.pl\/blog\/wp-content\/uploads\/2022\/07\/013i-scaled.jpg\" class=\"attachment-full size-full\" alt=\"\" srcset=\"https:\/\/www.koronakarkonoszy.pl\/blog\/wp-content\/uploads\/2022\/07\/013i-scaled.jpg 2560w, https:\/\/www.koronakarkonoszy.pl\/blog\/wp-content\/uploads\/2022\/07\/013i-300x200.jpg 300w, https:\/\/www.koronakarkonoszy.pl\/blog\/wp-content\/uploads\/2022\/07\/013i-1024x683.jpg 1024w, https:\/\/www.koronakarkonoszy.pl\/blog\/wp-content\/uploads\/2022\/07\/013i-768x512.jpg 768w, https:\/\/www.koronakarkonoszy.pl\/blog\/wp-content\/uploads\/2022\/07\/013i-1920x1280.jpg 1920w, https:\/\/www.koronakarkonoszy.pl\/blog\/wp-content\/uploads\/2022\/07\/013i-1536x1024.jpg 1536w, https:\/\/www.koronakarkonoszy.pl\/blog\/wp-content\/uploads\/2022\/07\/013i-2048x1365.jpg 2048w\" sizes=\"auto, (max-width: 2560px) 100vw, 2560px\" \/>            <\/div>\r\n<\/section>\n\n\n<h2 class=\"wp-block-heading\" id=\"ha-slub-w-piatek-przesady\">\u015alub w pi\u0105tek przes\u0105dy<\/h2>\n\n\n\n<p>\u015alub w pi\u0105tek przes\u0105dy. Czarny kot, czterolistna koniczyna czy pechowa trzynastka\u2026 W&nbsp;ka\u017cdej kulturze istnieje mn\u00f3stwo wierze\u0144 zwi\u0105zanych ze&nbsp;szcz\u0119\u015bciem lub pechem.<strong> <\/strong>Czy istniej\u0105 specjalne przes\u0105dy dotycz\u0105ce dnia zawarcia \u015blubu? Wed\u0142ug starych porzekade\u0142 ka\u017cdy dzie\u0144 co\u015b symbolizuje. \u015alub w poniedzia\u0142ek mia\u0142by zapewni\u0107 zdrowie, we wtorek \u2013 bogactwo. Co ciekawe, \u015broda, rzadko dzi\u015b wykorzystywana do zawierania ma\u0142\u017ce\u0144stw, zdaniem wr\u00f3\u017cbit\u00f3w jest po prostu idealna na o\u017cenek &#8211; powodzenie zwi\u0105zku murowane! \u015alub w czwartek dla odmiany ma przynie\u015b\u0107 jedynie straty, sobota jest niepewna, bo w sobot\u0119 \u201ena dwoje babka wr\u00f3\u017cy\u0142a\u201d. Niestety w tym rankingu szcz\u0119\u015bliwych dni pi\u0105tek nie wypada najlepiej &#8211; zgodnie z ludowym powiedzeniem pi\u0105tek to \u201ez\u0142y pocz\u0105tek\u201d\u2026 Jednak wiadomo przecie\u017c, \u017ce <a href=\"https:\/\/www.koronakarkonoszy.pl\/blog\/przesady-slubne-i-weselne\/\" target=\"_blank\" rel=\"noreferrer noopener\">przes\u0105dy \u015blubne i weselne<\/a> to \u2013 no w\u0142a\u015bnie, tylko przes\u0105dy!<\/p>\n\n\n<section id=\"leonardo-block_08bfe6e414c27096b665c3814633c058\" class=\"leonardo page-breaker leonardo-image-left\">\r\n    <div class=\"leonardo-body\">\r\n        <h2 class=\"leonardo-title\" id=\"h-piatkowe-sluby\">Pi\u0105tkowe \u015bluby <\/h2>        <div class=\"leonardo-content\"><p><!-- wp:paragraph --><\/p>\n<p>Je\u015bli wi\u0119c chodzi o <strong>\u015blub w pi\u0105tek przes\u0105dy<\/strong> \u2013 mo\u017ce lepiej p\u00f3j\u015b\u0107 inn\u0105 \u015bcie\u017ck\u0105. Bo inny przes\u0105d g\u0142osi, \u017ce warto wzi\u0105\u0107 \u015blub w dzie\u0144, w kt\u00f3rym w naszej rodzinie zawierano ju\u017c zwi\u0105zki ma\u0142\u017ce\u0144skie, kt\u00f3re potem okazywa\u0142y si\u0119 szcz\u0119\u015bliwe. A wi\u0119c robimy ankiet\u0119. Trzeba wypyta\u0107 babcie, dziadk\u00f3w, ciocie, wujk\u00f3w, rodzic\u00f3w, kuzynki, kuzyn\u00f3w. Wtedy dowiemy si\u0119, jaki dzie\u0144 w naszej rodzinie okaza\u0142 si\u0119 szcz\u0119\u015bliwy. Gorzej, je\u015bli odpowiedzi w sprawie po\u017cycia oka\u017c\u0105 si\u0119 rozbie\u017cne\u2026 Na przyk\u0142ad dziadek Jan na pytanie, czy jest szcz\u0119\u015bliwy z babci\u0105 Karolin\u0105 odpowie, \u017ce nie m\u00f3g\u0142 sobie wymarzy\u0107 lepszej \u017cony. Ale ju\u017c babcia Karolina wyzna nam w zaufaniu, \u017ce chyba diabe\u0142 j\u0105 podkusi\u0142, by wzi\u0105\u0107 \u015blub w pi\u0105tek, bo od tylu ju\u017c lat musi si\u0119 m\u0119czy\u0107 w tym ma\u0142\u017ce\u0144stwie. Co wtedy zrobi\u0107, kt\u00f3r\u0105 wersj\u0119 wybra\u0107? Chyba pozostanie nam polega\u0107 na w\u0142asnym os\u0105dzie?<\/p>\n<p><!-- \/wp:paragraph --> <!-- wp:paragraph --><\/p>\n<p>Warto jeszcze wspomnie\u0107, \u017ce rzekomo szcz\u0119\u015bcie w ma\u0142\u017ce\u0144stwie uzale\u017cnione jest tak\u017ce od pory dnia, w kt\u00f3rej we\u017amiemy \u015blub. Polecana jest pe\u0142na godzina, najlepiej w \u015brodku dnia, mi\u0119dzy 12.00 a 15.00 \u2013 zapewni harmoni\u0119 oraz powodzenie w ma\u0142\u017ce\u0144stwie. I to chyba tyle, je\u015bli chodzi o &#8211; \u015blub w pi\u0105tek przes\u0105dy, przynajmniej te rodzime.<\/p>\n<p><!-- \/wp:paragraph --><\/p>\n<\/div>\r\n            <\/div>\r\n    <div class=\"leonardo-image\">\r\n        <img loading=\"lazy\" decoding=\"async\" width=\"1920\" height=\"1280\" src=\"https:\/\/www.koronakarkonoszy.pl\/blog\/wp-content\/uploads\/2022\/03\/thomas-ae-SRaLWJWN_NE-unsplash.jpg\" class=\"attachment-full size-full\" alt=\"\" srcset=\"https:\/\/www.koronakarkonoszy.pl\/blog\/wp-content\/uploads\/2022\/03\/thomas-ae-SRaLWJWN_NE-unsplash.jpg 1920w, https:\/\/www.koronakarkonoszy.pl\/blog\/wp-content\/uploads\/2022\/03\/thomas-ae-SRaLWJWN_NE-unsplash-300x200.jpg 300w, https:\/\/www.koronakarkonoszy.pl\/blog\/wp-content\/uploads\/2022\/03\/thomas-ae-SRaLWJWN_NE-unsplash-1024x683.jpg 1024w, https:\/\/www.koronakarkonoszy.pl\/blog\/wp-content\/uploads\/2022\/03\/thomas-ae-SRaLWJWN_NE-unsplash-768x512.jpg 768w, https:\/\/www.koronakarkonoszy.pl\/blog\/wp-content\/uploads\/2022\/03\/thomas-ae-SRaLWJWN_NE-unsplash-1536x1024.jpg 1536w, https:\/\/www.koronakarkonoszy.pl\/blog\/wp-content\/uploads\/2022\/03\/thomas-ae-SRaLWJWN_NE-unsplash-18x12.jpg 18w\" sizes=\"auto, (max-width: 1920px) 100vw, 1920px\" \/>            <\/div>\r\n<\/section>\n\n\n<h2 class=\"wp-block-heading\" id=\"ha-piatek-dniem-wenery\">Pi\u0105tek dniem Wenery!<\/h2>\n\n\n\n<p>Ale to by\u0142y przes\u0105dy staropolskie. A przecie\u017c nasza cywilizacja korzeniami swymi si\u0119ga staro\u017cytno\u015bci Grek\u00f3w i Rzymian. To od nich czerpiemy inspiracje, oni wyznaczyli Europie kr\u0105g warto\u015bci. Ich wierzenia i obyczaje znajduj\u0105 \u015blad cho\u0107by w europejskich j\u0119zykach. W staro\u017cytnym Rzymie ka\u017cdy dzie\u0144 tygodnia mia\u0142 swojego opiekuna, by\u0142 nim kt\u00f3ry\u015b z bog\u00f3w lub jedna z planet. A pi\u0105tkiem opiekowa\u0142a si\u0119 bogini mi\u0142o\u015bci, Wenera, nazywana tak\u017ce Wenus!<\/p>\n\n\n\n<style>\n    .cta_block{\n        margin: 1.5em 0;\n    }\n    .cta_block_content {\n        position: relative;\n        color: white;\n        padding: 1em;\n    }\n    .cta_block_content h3{\n        text-align: center;\n        font: normal normal normal 36px\/50px Yeseva One;\n    }\n    .cta_block_content .cta_block_desc{\n        text-align: center;\n        font-size: 1.1em;\n        position: relative;\n    }\n    .cta_block_content .cta_block_desc:before {\n        content: '';\n        width: 80px;\n        height: 4px;\n        background: #EEB315;\n        position: absolute;\n        left: 0;\n        right: 0;\n        margin-left: auto;\n        margin-right: auto;\n        top: -22px;\n    }\n\n    .cta_block_content picture{\n        position: absolute;\n        top: 0;\n        right: 0;\n        z-index: -1;\n        height: 100%;\n        overflow: hidden;\n        width: 100%;\n    }\n    .cta_block_content picture img{\n        object-fit: cover;\n        height: 100%;\n        width: 100%;\n    }\n    .cta_block .cta_block_content .ninja-forms-field{\n        background: #FFFFFF2F;\n        border: 1px solid #EEB315;\n        border-radius: 25px;\n        opacity: 1;\n        color: #ffffff;\n    }\n    .cta_block .cta_block_content .nf-form-content input[type=submit]{\n        background-color: #EEB315;\n        color: #292929;\n        text-align: center;\n        font: normal normal bold 14px\/20px Work Sans;\n        padding: 0 2em;\n    }\n\n    .cta_block ::placeholder{\n        color: white!important;\n        opacity: 1;\n    }\n\n    .cta_block_content::after {\n        height: 100%;\n        width: 100%;\n        content: \"\";\n        z-index: -1;\n        position: absolute;\n        top: 0;\n        background: #00000070;\n        right: 0;\n        left: 0;\n        bottom: 0;\n    }\n    #ha-cta-block, .cta_block_desc, .cta_block .nf-field-label, .cta_block .nf-error-msg {\n        filter: drop-shadow(1px 1px 8px black);\n    }\n\n\/*    .cta_block nf-rows-wrap {\n        display: flex;\n        justify-content: space-around;\n        flex-direction: row;\n    }*\/\n\n    .cta_block .nf-field-label {\n        display:none;\n    }\n\n    .cta_block .nf-error.field-wrap .nf-field-element::after {\n        border-radius: 50px;\n    }\n\n    .cta_block .nf-error-msg {\n        color: #fff;\n    }\n\n    .cta_block .nf-form-cont {\n        margin-top: 3em;\n        margin-bottom: 1em;\n    }\n\n    .wp-admin .cta_block_content{\n        display: none;\n    }\n    .cta_block .nf-form-fields-required {\n        display: none;\n    }\n    body:not(.wp-admin) .cta_block_admin {\n        display: none;\n    }\n<\/style>\n<div id=\"cta_block-block_5e1e1671cc214513e52d938f5756d34e\" class=\"cta_block\">\n    <div class=\"cta_block_admin\" style=\"background-color: blue; color: white\">\n        Blok CTA\n    <\/div>\n    <div class=\"cta_block\">\n        <div class=\"cta_block_content\">   \n        <h3 id=\"ha-zastanawiasz-sie-nad-data-wesela\">Zastanawiasz si\u0119 nad dat\u0105 wesela?<\/h3>\n                    <div class=\"cta_block_desc\">Sprawd\u017a nasz kalendarz!<\/div>\n                <noscript class=\"ninja-forms-noscript-message\">\n\tNotice: JavaScript is required for this content.<\/noscript>\n<div id=\"nf-form-3-cont\" class=\"nf-form-cont\" aria-live=\"polite\" aria-labelledby=\"nf-form-title-3\" aria-describedby=\"nf-form-errors-3\" role=\"form\">\n\n    <div class=\"nf-loading-spinner\"><\/div>\n\n<\/div>\n        <!-- That data is being printed as a workaround to page builders reordering the order of the scripts loaded-->\n        <script>var formDisplay=1;var nfForms=nfForms||[];var form=[];form.id='3';form.settings={\"objectType\":\"Form Setting\",\"editActive\":true,\"title\":\"Block CTA\",\"created_at\":\"2022-11-08 16:03:33\",\"default_label_pos\":\"above\",\"show_title\":0,\"clear_complete\":\"1\",\"hide_complete\":\"1\",\"logged_in\":\"\",\"wrapper_class\":\"\",\"element_class\":\"\",\"key\":\"\",\"add_submit\":\"0\",\"changeEmailErrorMsg\":\"Please enter a valid email address!\",\"changeDateErrorMsg\":\"Please enter a valid date!\",\"confirmFieldErrorMsg\":\"These fields must match!\",\"fieldNumberNumMinError\":\"Number Min Error\",\"fieldNumberNumMaxError\":\"Number Max Error\",\"fieldNumberIncrementBy\":\"Please increment by \",\"formErrorsCorrectErrors\":\"Please correct errors before submitting this form.\",\"validateRequiredField\":\"This is a required field.\",\"honeypotHoneypotError\":\"Honeypot Error\",\"fieldsMarkedRequired\":\"Fields marked with an <span class=\\\"ninja-forms-req-symbol\\\">*<\\\/span> are required\",\"currency\":\"\",\"repeatable_fieldsets\":\"\",\"unique_field_error\":\"Formularz z t\\u0105 warto\\u015bci\\u0105 zosta\\u0142 ju\\u017c przes\\u0142any.\",\"not_logged_in_msg\":\"\",\"sub_limit_msg\":\"Formularz osi\\u0105gn\\u0105\\u0142 limit wys\\u0142a\\u0144.\",\"calculations\":[],\"container_styles_show_advanced_css\":\"0\",\"title_styles_show_advanced_css\":\"0\",\"row_styles_show_advanced_css\":\"0\",\"row-odd_styles_show_advanced_css\":\"0\",\"success-msg_styles_show_advanced_css\":\"0\",\"error_msg_styles_show_advanced_css\":\"0\",\"formContentData\":[{\"order\":1,\"cells\":[{\"order\":0,\"fields\":[\"phone_1640098023980\"],\"width\":35},{\"order\":1,\"fields\":[\"adres_e-mail_1667919839452\"],\"width\":35},{\"order\":2,\"fields\":[\"zapisz_mnie_1667919853255\"],\"width\":30}]}],\"drawerDisabled\":false,\"conditions\":[],\"allow_public_link\":0,\"embed_form\":\"\",\"container_styles_border\":\"\",\"container_styles_height\":\"\",\"container_styles_margin\":\"\",\"container_styles_padding\":\"\",\"container_styles_float\":\"\",\"title_styles_border\":\"\",\"title_styles_height\":\"\",\"title_styles_width\":\"\",\"title_styles_font-size\":\"\",\"title_styles_margin\":\"\",\"title_styles_padding\":\"\",\"title_styles_float\":\"\",\"row_styles_border\":\"\",\"row_styles_width\":\"\",\"row_styles_font-size\":\"\",\"row_styles_margin\":\"\",\"row_styles_padding\":\"\",\"row-odd_styles_border\":\"\",\"row-odd_styles_height\":\"\",\"row-odd_styles_width\":\"\",\"row-odd_styles_font-size\":\"\",\"row-odd_styles_margin\":\"\",\"row-odd_styles_padding\":\"\",\"success-msg_styles_border\":\"\",\"success-msg_styles_height\":\"\",\"success-msg_styles_width\":\"\",\"success-msg_styles_font-size\":\"\",\"success-msg_styles_margin\":\"\",\"success-msg_styles_padding\":\"\",\"error_msg_styles_border\":\"\",\"error_msg_styles_width\":\"\",\"error_msg_styles_font-size\":\"\",\"error_msg_styles_margin\":\"\",\"error_msg_styles_padding\":\"\",\"form_title_heading_level\":\"3\",\"ninjaForms\":\"Ninja Forms\",\"fieldTextareaRTEInsertLink\":\"Insert Link\",\"fieldTextareaRTEInsertMedia\":\"Insert Media\",\"fieldTextareaRTESelectAFile\":\"Select a file\",\"formHoneypot\":\"If you are a human seeing this field, please leave it empty.\",\"fileUploadOldCodeFileUploadInProgress\":\"File Upload in Progress.\",\"fileUploadOldCodeFileUpload\":\"FILE UPLOAD\",\"currencySymbol\":\"&#36;\",\"thousands_sep\":\",\",\"decimal_point\":\".\",\"siteLocale\":\"en_GB\",\"dateFormat\":\"m\\\/d\\\/Y\",\"startOfWeek\":\"1\",\"of\":\"of\",\"previousMonth\":\"Previous Month\",\"nextMonth\":\"Next Month\",\"months\":[\"January\",\"February\",\"March\",\"April\",\"May\",\"June\",\"July\",\"August\",\"September\",\"October\",\"November\",\"December\"],\"monthsShort\":[\"Jan\",\"Feb\",\"Mar\",\"Apr\",\"May\",\"Jun\",\"Jul\",\"Aug\",\"Sep\",\"Oct\",\"Nov\",\"Dec\"],\"weekdays\":[\"Sunday\",\"Monday\",\"Tuesday\",\"Wednesday\",\"Thursday\",\"Friday\",\"Saturday\"],\"weekdaysShort\":[\"Sun\",\"Mon\",\"Tue\",\"Wed\",\"Thu\",\"Fri\",\"Sat\"],\"weekdaysMin\":[\"Su\",\"Mo\",\"Tu\",\"We\",\"Th\",\"Fr\",\"Sa\"],\"recaptchaConsentMissing\":\"reCaptcha validation couldn&#039;t load.\",\"recaptchaMissingCookie\":\"reCaptcha v3 validation couldn&#039;t load the cookie needed to submit the form.\",\"recaptchaConsentEvent\":\"Accept reCaptcha cookies before sending the form.\",\"currency_symbol\":\"\",\"beforeForm\":\"\",\"beforeFields\":\"\",\"afterFields\":\"\",\"afterForm\":\"\"};form.fields=[{\"objectType\":\"Field\",\"objectDomain\":\"fields\",\"editActive\":false,\"order\":1,\"idAttribute\":\"id\",\"type\":\"phone\",\"label\":\"Numer telefonu\",\"key\":\"phone_1640098023980\",\"label_pos\":\"above\",\"required\":1,\"default\":\"\",\"placeholder\":\"Numer telefonu\",\"container_class\":\"\",\"element_class\":\"\",\"input_limit\":\"\",\"input_limit_type\":\"characters\",\"input_limit_msg\":\"Liczba pozosta\\u0142ych znak\\u00f3w:\",\"manual_key\":\"\",\"admin_label\":\"\",\"help_text\":\"\",\"mask\":\"\",\"custom_mask\":\"\",\"custom_name_attribute\":\"phone\",\"personally_identifiable\":1,\"wrap_styles_border\":\"\",\"wrap_styles_width\":\"\",\"wrap_styles_margin\":\"\",\"wrap_styles_padding\":\"\",\"wrap_styles_float\":\"\",\"wrap_styles_show_advanced_css\":0,\"label_styles_border\":\"\",\"label_styles_width\":\"\",\"label_styles_font-size\":\"\",\"label_styles_margin\":\"\",\"label_styles_padding\":\"\",\"label_styles_float\":\"\",\"label_styles_show_advanced_css\":0,\"element_styles_border\":\"\",\"element_styles_width\":\"\",\"element_styles_font-size\":\"\",\"element_styles_margin\":\"\",\"element_styles_padding\":\"\",\"element_styles_float\":\"\",\"element_styles_show_advanced_css\":0,\"cellcid\":\"c3386\",\"value\":\"\",\"field_label\":\"Numer telefonu\",\"field_key\":\"phone_1640098023980\",\"drawerDisabled\":false,\"id\":8,\"beforeField\":\"\",\"afterField\":\"\",\"parentType\":\"textbox\",\"element_templates\":[\"tel\",\"textbox\",\"input\"],\"old_classname\":\"\",\"wrap_template\":\"wrap\"},{\"objectType\":\"Field\",\"objectDomain\":\"fields\",\"editActive\":false,\"order\":2,\"idAttribute\":\"id\",\"type\":\"email\",\"label\":\"Adres e-mail\",\"key\":\"adres_e-mail_1667919839452\",\"label_pos\":\"above\",\"required\":1,\"default\":\"\",\"placeholder\":\"Adres e-mail\",\"container_class\":\"\",\"element_class\":\"\",\"admin_label\":\"\",\"help_text\":\"\",\"custom_name_attribute\":\"email\",\"personally_identifiable\":1,\"wrap_styles_border\":\"\",\"wrap_styles_width\":\"\",\"wrap_styles_margin\":\"\",\"wrap_styles_padding\":\"\",\"wrap_styles_float\":\"\",\"wrap_styles_show_advanced_css\":0,\"label_styles_border\":\"\",\"label_styles_width\":\"\",\"label_styles_font-size\":\"\",\"label_styles_margin\":\"\",\"label_styles_padding\":\"\",\"label_styles_float\":\"\",\"label_styles_show_advanced_css\":0,\"element_styles_border\":\"\",\"element_styles_width\":\"\",\"element_styles_font-size\":\"\",\"element_styles_margin\":\"\",\"element_styles_padding\":\"\",\"element_styles_float\":\"\",\"element_styles_show_advanced_css\":0,\"cellcid\":\"c3389\",\"value\":\"\",\"drawerDisabled\":false,\"field_label\":\"E-mail\",\"field_key\":\"email_1640098026199\",\"id\":9,\"beforeField\":\"\",\"afterField\":\"\",\"parentType\":\"email\",\"element_templates\":[\"email\",\"input\"],\"old_classname\":\"\",\"wrap_template\":\"wrap\"},{\"objectType\":\"Field\",\"objectDomain\":\"fields\",\"editActive\":false,\"order\":3,\"idAttribute\":\"id\",\"type\":\"submit\",\"label\":\"Zapisz mnie\",\"processing_label\":\"W trakcie realizacji\",\"container_class\":\"\",\"element_class\":\"\",\"key\":\"zapisz_mnie_1667919853255\",\"wrap_styles_border\":\"\",\"wrap_styles_width\":\"\",\"wrap_styles_margin\":\"\",\"wrap_styles_padding\":\"\",\"wrap_styles_float\":\"\",\"wrap_styles_show_advanced_css\":0,\"element_styles_border\":\"\",\"element_styles_width\":\"\",\"element_styles_font-size\":\"\",\"element_styles_margin\":\"\",\"element_styles_padding\":\"\",\"element_styles_float\":\"\",\"element_styles_show_advanced_css\":0,\"submit_element_hover_styles_border\":\"\",\"submit_element_hover_styles_width\":\"\",\"submit_element_hover_styles_font-size\":\"\",\"submit_element_hover_styles_margin\":\"\",\"submit_element_hover_styles_padding\":\"\",\"submit_element_hover_styles_float\":\"\",\"submit_element_hover_styles_show_advanced_css\":0,\"cellcid\":\"c3391\",\"drawerDisabled\":false,\"field_label\":\"Zamawiam rozmow\\u0119\",\"field_key\":\"zamawiam_rozmowe_1640098067453\",\"id\":10,\"beforeField\":\"\",\"afterField\":\"\",\"value\":\"\",\"label_pos\":\"above\",\"parentType\":\"textbox\",\"element_templates\":[\"submit\",\"button\",\"input\"],\"old_classname\":\"\",\"wrap_template\":\"wrap-no-label\"}];nfForms.push(form);<\/script>\n                <script id=\"nf-tmpl-cell\" type=\"text\/template\">\n            <nf-fields><\/nf-fields>\n        <\/script>\n\n        <script id=\"nf-tmpl-row\" type=\"text\/template\">\n            <nf-cells><\/nf-cells>\n        <\/script>\n\n                <img loading=\"lazy\" decoding=\"async\" width=\"1500\" height=\"705\" src=\"https:\/\/www.koronakarkonoszy.pl\/blog\/wp-content\/uploads\/2022\/06\/Dwor-Korona-Karkonoszy.jpg\" class=\"attachment-full size-full\" alt=\"\" srcset=\"https:\/\/www.koronakarkonoszy.pl\/blog\/wp-content\/uploads\/2022\/06\/Dwor-Korona-Karkonoszy.jpg 1500w, https:\/\/www.koronakarkonoszy.pl\/blog\/wp-content\/uploads\/2022\/06\/Dwor-Korona-Karkonoszy-300x141.jpg 300w, https:\/\/www.koronakarkonoszy.pl\/blog\/wp-content\/uploads\/2022\/06\/Dwor-Korona-Karkonoszy-1024x481.jpg 1024w, https:\/\/www.koronakarkonoszy.pl\/blog\/wp-content\/uploads\/2022\/06\/Dwor-Korona-Karkonoszy-768x361.jpg 768w\" sizes=\"auto, (max-width: 1500px) 100vw, 1500px\" \/>        <\/div> \n    <\/div>\n<\/div>\n\n\n\n<p>Pi\u0105tek nosi\u0142 miano dies Veneris, dnia Wenery.&nbsp; Od jej imienia wzi\u0119\u0142y si\u0119 nazwy pi\u0105tku w j\u0119zykach roma\u0144skich \u2013 vendredi czy venerdi. Co jeszcze ciekawsze, w mitologii nordyckiej Wenerze odpowiada\u0142a Freja, bogini nie tylko mi\u0142o\u015bci, lecz tak\u017ce p\u0142odno\u015bci i magii! Ona w\u0142a\u015bnie \u201eopiekowa\u0142a\u201d si\u0119 pi\u0105tkiem u naszych s\u0105siad\u00f3w zza morza.<\/p>\n\n\n\n<p>Czy mo\u017ce by\u0107 wi\u0119c lepszy dzie\u0144 na \u015blub i wesele ni\u017c pi\u0105tek? Przecie\u017c podczas za\u015blubin obiecujemy sobie wieczn\u0105 mi\u0142o\u015b\u0107. W ma\u0142\u017ce\u0144stwie p\u0142odno\u015b\u0107 zwykle te\u017c nie zaszkodzi, a odrobina mi\u0142osnej magii tylko pomo\u017ce w \u015blubnym przedsi\u0119wzi\u0119ciu. Pozostaje ju\u017c tylko rezerwowa\u0107 pi\u0105tkowy termin w wymarzonej sali weselnej. Z takimi patronkami szcz\u0119\u015bcie gwarantowane!&nbsp;<\/p>\n\n\n<section id=\"leonardo-block_1d89616896c0430b30a64af59556f805\" class=\"leonardo page-breaker leonardo-image-right\">\r\n    <div class=\"leonardo-body\">\r\n        <h2 class=\"leonardo-title\" id=\"h-dyspensa-na-wesele-w-piatek\">Dyspensa na wesele w pi\u0105tek<\/h2>        <div class=\"leonardo-content\"><p>Dyspensa na wesele w pi\u0105tek &#8211; czy jest w og\u00f3le potrzebna? Oczywi\u015bcie m\u00f3wimy o \u015blubie ko\u015bcielnym, bo w przypadku cywilnego czy humanistycznego nie ma \u017cadnych ogranicze\u0144. Jednak od 2014 roku nawet zawarcie \u015blubu ko\u015bcielnego w pi\u0105tek jest jak najbardziej mo\u017cliwe, <strong>bez \u017cadnej dyspensy<\/strong>.<\/p>\n<p>Nie ma \u017cadnych zakaz\u00f3w w prawie ko\u015bcielnym. Cho\u0107 oczywi\u015bcie mo\u017cemy spotka\u0107 si\u0119 w niekt\u00f3rych parafiach z bardziej tradycjonalistycznym podej\u015bciem, i niech\u0119ci\u0105 do udzielania \u015blubu w pi\u0105tek. Wiadomo, \u017ce zwykle po \u015blubie urz\u0105dzamy wesele, a dla cz\u0119\u015bci katolik\u00f3w pi\u0105tek to dzie\u0144 pokutny, a co za tym idzie \u2013 bezmi\u0119sny. I tu dopiero pojawia si\u0119 tytu\u0142owa kwestia \u2013 dyspensa na wesele w pi\u0105tek.<\/p>\n<\/div>\r\n            <\/div>\r\n    <div class=\"leonardo-image\">\r\n        <img loading=\"lazy\" decoding=\"async\" width=\"800\" height=\"534\" src=\"https:\/\/www.koronakarkonoszy.pl\/blog\/wp-content\/uploads\/2021\/07\/kosciol_Wang_Karpacz.jpg\" class=\"attachment-full size-full\" alt=\"ko\u015bci\u00f3\u0142 Wang Karpacz\" srcset=\"https:\/\/www.koronakarkonoszy.pl\/blog\/wp-content\/uploads\/2021\/07\/kosciol_Wang_Karpacz.jpg 800w, https:\/\/www.koronakarkonoszy.pl\/blog\/wp-content\/uploads\/2021\/07\/kosciol_Wang_Karpacz-300x200.jpg 300w, https:\/\/www.koronakarkonoszy.pl\/blog\/wp-content\/uploads\/2021\/07\/kosciol_Wang_Karpacz-768x513.jpg 768w\" sizes=\"auto, (max-width: 800px) 100vw, 800px\" \/>            <\/div>\r\n<\/section>\n\n\n<h2 class=\"wp-block-heading\" id=\"ha-wesele-w-piatek-pokarmy-miesne\">Wesele w pi\u0105tek \u2013 pokarmy mi\u0119sne<\/h2>\n\n\n\n<p>\u015alub w pi\u0105tek mo\u017ce okaza\u0107 si\u0119 pewnym problemem dla os\u00f3b, kt\u00f3re s\u0105 bardzo wierz\u0105ce oraz praktykuj\u0105ce. W Ko\u015bciele katolickim jest to dzie\u0144, w kt\u00f3rym nakazany jest post \u2013 nie powinno si\u0119 spo\u017cywa\u0107 pokarm\u00f3w mi\u0119snych. Tych nie brakuje na ka\u017cdym weselu, dlatego mo\u017ce okaza\u0107 si\u0119, \u017ce sprawia to pewien problem. Jak w takim razie rozwi\u0105za\u0107 kwesti\u0119 go\u015bci, kt\u00f3rzy nie chc\u0105 bawi\u0107 si\u0119 na weselu ze wzgl\u0119du na pi\u0105tkowy post lub odmawiaj\u0105 jedzenia posi\u0142k\u00f3w? Najlepszym rozwi\u0105zaniem jest uszanowanie ich decyzji.<\/p>\n\n\n\n<figure class=\"wp-block-image size-full\"><img loading=\"lazy\" decoding=\"async\" width=\"1024\" height=\"683\" src=\"https:\/\/www.koronakarkonoszy.pl\/blog\/wp-content\/uploads\/2022\/10\/MG_5844.jpg\" alt=\"\" class=\"wp-image-6228\" srcset=\"https:\/\/www.koronakarkonoszy.pl\/blog\/wp-content\/uploads\/2022\/10\/MG_5844.jpg 1024w, https:\/\/www.koronakarkonoszy.pl\/blog\/wp-content\/uploads\/2022\/10\/MG_5844-300x200.jpg 300w, https:\/\/www.koronakarkonoszy.pl\/blog\/wp-content\/uploads\/2022\/10\/MG_5844-768x512.jpg 768w\" sizes=\"auto, (max-width: 1024px) 100vw, 1024px\" \/><figcaption class=\"wp-element-caption\"><strong><a href=\"https:\/\/www.koronakarkonoszy.pl\/restauracja\/\" target=\"_blank\" rel=\"noreferrer noopener\">Menu na wesele<\/a>, Dw\u00f3r Korona Karkonoszy, Sosn\u00f3wka k. Karpacza <\/strong><\/figcaption><\/figure>\n\n\n\n<p>Aby podczas wesela w pi\u0105tek z czystym sumieniem m\u00f3c delektowa\u0107 si\u0119 wyrobami mi\u0119snymi (wci\u0105\u017c jeszcze rzadko zdarzaj\u0105 si\u0119 wesela wegetaria\u0144skie czy wega\u0144skie), trzeba uzyska\u0107 dyspens\u0119. Specjalne pozwolenie na spo\u017cywanie pokarm\u00f3w mi\u0119snych w miejscu organizowania przyj\u0119cia weselnego. Udziela go proboszcz parafii,<strong> <\/strong>na terenie kt\u00f3rej organizowana jest uroczysto\u015b\u0107. To wa\u017cne, bo czasem \u015blub bierzemy w innej parafii. Zazwyczaj nie ma problemu z uzyskaniem tej dyspensy. Czasem tylko z tej okazji zbierane s\u0105 datki na jaki\u015b szczytny cel \u2013 pomoc biednym czy potrzebuj\u0105cym, niejako w ramach zado\u015b\u0107uczynienia. Warto poinformowa\u0107 go\u015bci, \u017ce tak\u0105 dyspens\u0119 otrzymali\u015bmy; dla os\u00f3b religijnych mo\u017ce to by\u0107 wa\u017cne. Dzi\u0119ki temu b\u0119d\u0105 mog\u0142y bawi\u0107 si\u0119, nie odczuwaj\u0105c dyskomfortu. &nbsp;<\/p>\n\n\n<section id=\"leonardo-block_d27771be8fbf1bf61fd10e3beb5950f9\" class=\"leonardo page-breaker leonardo-image-left\">\r\n    <div class=\"leonardo-body\">\r\n        <h2 class=\"leonardo-title\" id=\"h-wesele-w-piatek-opinie\">Wesele w pi\u0105tek opinie<\/h2>        <div class=\"leonardo-content\"><p><!-- wp:heading --><\/p>\n<p><strong>Wesele w pi\u0105tek &#8211; opinie<\/strong> zwykle ma bardzo dobre. Go\u015bcie szczerze chwal\u0105 sobie pi\u0105tkowe wesela. Podkre\u015blaj\u0105, \u017ce dzi\u0119ki wzi\u0119ciu tylko jednego dnia urlopu mog\u0105 mie\u0107 d\u0142u\u017cszy weekend, w sobot\u0119 podczas ewentualnych poprawin wci\u0105\u017c mog\u0105 dobrze si\u0119 bawi\u0107, nie zwracaj\u0105c uwagi na up\u0142ywaj\u0105cy czas, bo w zapasie maj\u0105 jeszcze niedziel\u0119 na powr\u00f3t do domu. Margines czasowy to chyba najcz\u0119\u015bciej przywo\u0142ywana zaleta wesela w pi\u0105tek. Jedyne na co warto zwr\u00f3ci\u0107 uwag\u0119 to godzina \u015blubu \u2013 nie powinien on zaczyna\u0107 si\u0119 zbyt wcze\u015bnie, najlepiej ko\u0142o godziny 18. Wtedy miejscowi go\u015bcie powinni spokojnie zd\u0105\u017cy\u0107, nawet nie bior\u0105c urlopu.<\/p>\n<p><!-- \/wp:paragraph --> <!-- wp:paragraph --><\/p>\n<p>Tak\u017ce opcja trzydniowego wesela \u2013 takie przecie\u017c te\u017c si\u0119 zdarzaj\u0105! \u2013 sprawdzi si\u0119 idealnie w\u0142a\u015bnie w przypadku \u015blubu na samym pocz\u0105tku weekendu. Mo\u017cemy spokojnie bawi\u0107 si\u0119 ca\u0142e trzy dni, po staropolsku? Ale s\u0105 te\u017c inne plusy, o kt\u00f3rych pisz\u0105 na forach byli ju\u017c Pa\u0144stwo M\u0142odzi.<\/p>\n<p><!-- \/wp:paragraph --><\/p>\n<\/div>\r\n            <\/div>\r\n    <div class=\"leonardo-image\">\r\n        <img loading=\"lazy\" decoding=\"async\" width=\"1920\" height=\"1282\" src=\"https:\/\/www.koronakarkonoszy.pl\/blog\/wp-content\/uploads\/2022\/05\/wesele-w-karnawale-2.jpg\" class=\"attachment-full size-full\" alt=\"wesele w karnawale: wypuszczanie balon\u00f3w z helem\" srcset=\"https:\/\/www.koronakarkonoszy.pl\/blog\/wp-content\/uploads\/2022\/05\/wesele-w-karnawale-2.jpg 1920w, https:\/\/www.koronakarkonoszy.pl\/blog\/wp-content\/uploads\/2022\/05\/wesele-w-karnawale-2-300x200.jpg 300w, https:\/\/www.koronakarkonoszy.pl\/blog\/wp-content\/uploads\/2022\/05\/wesele-w-karnawale-2-1024x684.jpg 1024w, https:\/\/www.koronakarkonoszy.pl\/blog\/wp-content\/uploads\/2022\/05\/wesele-w-karnawale-2-768x513.jpg 768w, https:\/\/www.koronakarkonoszy.pl\/blog\/wp-content\/uploads\/2022\/05\/wesele-w-karnawale-2-1536x1026.jpg 1536w\" sizes=\"auto, (max-width: 1920px) 100vw, 1920px\" \/>            <\/div>\r\n<\/section>\n\n\n<h2 class=\"wp-block-heading\" id=\"ha-dodatkowy-dzien-wolny-dla-pary-mlodej\">Dodatkowy dzie\u0144 wolny dla Pary M\u0142odej<\/h2>\n\n\n\n<p>Po weselu wi\u0119kszo\u015b\u0107 Par M\u0142odych planuje przynajmniej kilka dni wolnych. Tak, \u017ceby odnale\u017a\u0107 si\u0119 w nowej rzeczywisto\u015bci, powoli powr\u00f3ci\u0107 do codziennych zada\u0144 lub wyjecha\u0107 w podr\u00f3\u017c po\u015blubn\u0105. Zdarza si\u0119, \u017ce r\u00f3wnie\u017c tydzie\u0144 przed uroczysto\u015bci\u0105 jest wolny. Po to, \u017ceby po\u015bwi\u0119ci\u0107 go na przygotowania do wielkiego dnia. Jednak nie jest to standardowe dzia\u0142anie, poniewa\u017c wiele os\u00f3b nie mo\u017ce pozwoli\u0107 sobie na tak d\u0142ugie okresy dni wolnych od pracy.<\/p>\n\n\n\n<figure class=\"wp-block-image size-large\"><img loading=\"lazy\" decoding=\"async\" width=\"1024\" height=\"683\" src=\"https:\/\/www.koronakarkonoszy.pl\/blog\/wp-content\/uploads\/2022\/05\/slub-Jelenia-Gora-1024x683.jpg\" alt=\"\u015blub Jelenia G\u00f3ra - panorama\" class=\"wp-image-3861\" srcset=\"https:\/\/www.koronakarkonoszy.pl\/blog\/wp-content\/uploads\/2022\/05\/slub-Jelenia-Gora-1024x683.jpg 1024w, https:\/\/www.koronakarkonoszy.pl\/blog\/wp-content\/uploads\/2022\/05\/slub-Jelenia-Gora-300x200.jpg 300w, https:\/\/www.koronakarkonoszy.pl\/blog\/wp-content\/uploads\/2022\/05\/slub-Jelenia-Gora-768x512.jpg 768w, https:\/\/www.koronakarkonoszy.pl\/blog\/wp-content\/uploads\/2022\/05\/slub-Jelenia-Gora-1536x1024.jpg 1536w, https:\/\/www.koronakarkonoszy.pl\/blog\/wp-content\/uploads\/2022\/05\/slub-Jelenia-Gora.jpg 1920w\" sizes=\"auto, (max-width: 1024px) 100vw, 1024px\" \/><figcaption class=\"wp-element-caption\"><strong>Karkonosze <\/strong><\/figcaption><\/figure>\n\n\n\n<p>Natomiast \u015blub w pi\u0105tek jest bezpo\u015brednio zwi\u0105zany z konieczno\u015bci\u0105 dodatkowego dnia wolnego. Nie ma mo\u017cliwo\u015bci, \u017ceby do godziny 16.00 by\u0107 w pracy, natomiast na 17.00 pojawi\u0107 si\u0119 w ko\u015bciele na w\u0142asnym \u015blubie. Zdecydowanie nie polecamy podobnego rozwi\u0105zania. Znacznie lepszym pomys\u0142em jest rozmowa z prze\u0142o\u017conymi o wolnym dniu w pi\u0105tek ze wzgl\u0119du na \u015blub. Tym bardziej, \u017ce ka\u017cdemu pracownikowi przys\u0142uguje urlop okoliczno\u015bciowy na w\u0142asny \u015blub w wymiarze dw\u00f3ch wolnych dni.<\/p>\n\n\n\n<p>Je\u017celi w Twojej pracy panuje mi\u0142a i zdrowa atmosfera, z pewno\u015bci\u0105 zdecydowana wi\u0119kszo\u015b\u0107 wsp\u00f3\u0142pracownik\u00f3w zostanie przez Ciebie zaproszona przynajmniej na \u015blub. Jest to wi\u0119c dla wszystkich zupe\u0142nie zrozumia\u0142e, \u017ce potrzebujesz przynajmniej jednego dnia wolnego, \u017ceby przygotowa\u0107 si\u0119 do tej wyj\u0105tkowej chwili.<\/p>\n\n\n\n<h2 class=\"wp-block-heading\" id=\"ha-dodatkowe-atrakcje-dla-gosci-podczas-wesela-w-piatek\">Dodatkowe atrakcje dla go\u015bci podczas wesela w pi\u0105tek<\/h2>\n\n\n\n<p>Jak ju\u017c wspominali\u015bmy, wesele w pi\u0105tek wi\u0105\u017ce si\u0119 ze znacznymi oszcz\u0119dno\u015bciami pieni\u0119dzy. Mo\u017cna je przeznaczy\u0107 na podr\u00f3\u017ce lub dodatkowe atrakcje podczas przyj\u0119cia. Je\u017celi posiadacie osobny bud\u017cet na urlop, jako m\u0142ode ma\u0142\u017ce\u0144stwo z pewno\u015bci\u0105 ucieszycie si\u0119 z okazji na wykorzystanie dodatkowej sumy pieni\u0119dzy na oryginalne rozrywki.<\/p>\n\n\n<section id=\"leonardo-block_e7b5a124548ab2ab5bd02eba1ff3dc5a\" class=\"leonardo page-breaker leonardo-image-left\">\r\n    <div class=\"leonardo-body\">\r\n        <h2 class=\"leonardo-title\" id=\"h-pokaz-sztucznych-ogni\">Pokaz sztucznych ogni<\/h2>        <div class=\"leonardo-content\"><p>Pokaz sztucznych ogni niezmiennie cieszy si\u0119 ogromn\u0105 popularno\u015bci\u0105. Je\u017celi zainwestujecie pieni\u0105dze w profesjonalny sprz\u0119t do pokaz\u00f3w, z pewno\u015bci\u0105 efekt b\u0119dzie spektakularny.<\/p>\n<p>Pami\u0119tajcie jedynie o tym, \u017ceby odpowiednio wcze\u015bniej porozmawia\u0107 o tych planach z w\u0142a\u015bcicielem lub managerem obiektu. Powinien on wyrazi\u0107 na to zgod\u0119. Upewnijcie si\u0119 wcze\u015bniej, \u017ce w regulaminie obiektu nie widnieje zapis dotycz\u0105cy zakazu pokaz\u00f3w fajerwerk\u00f3w na weselach.<\/p>\n<\/div>\r\n                    <aside class=\"leonardo-interlink\">\r\n                <b>Polecamy<\/b>\r\n                <a href=\"https:\/\/www.koronakarkonoszy.pl\/blog\/en\/zimne-ognie-na-wesele-2\/\">Zimne ognie na wesele, czyli lepsza opcja ni\u017c pokaz fajerwerk\u00f3w<\/a>\r\n            <\/aside>\r\n            <\/div>\r\n    <div class=\"leonardo-image\">\r\n        <img loading=\"lazy\" decoding=\"async\" width=\"1920\" height=\"1280\" src=\"https:\/\/www.koronakarkonoszy.pl\/blog\/wp-content\/uploads\/2021\/08\/zimne-ognie-na-wesele.jpg\" class=\"attachment-full size-full\" alt=\"Jak efektownie zorganizowa\u0107 zimne ognie na wesele?\" srcset=\"https:\/\/www.koronakarkonoszy.pl\/blog\/wp-content\/uploads\/2021\/08\/zimne-ognie-na-wesele.jpg 1920w, https:\/\/www.koronakarkonoszy.pl\/blog\/wp-content\/uploads\/2021\/08\/zimne-ognie-na-wesele-300x200.jpg 300w, https:\/\/www.koronakarkonoszy.pl\/blog\/wp-content\/uploads\/2021\/08\/zimne-ognie-na-wesele-1024x683.jpg 1024w, https:\/\/www.koronakarkonoszy.pl\/blog\/wp-content\/uploads\/2021\/08\/zimne-ognie-na-wesele-768x512.jpg 768w, https:\/\/www.koronakarkonoszy.pl\/blog\/wp-content\/uploads\/2021\/08\/zimne-ognie-na-wesele-1536x1024.jpg 1536w\" sizes=\"auto, (max-width: 1920px) 100vw, 1920px\" \/>            <\/div>\r\n<\/section>\n\n\n<h2 class=\"wp-block-heading\" id=\"ha-profesjonalny-pokaz-taneczny\">Profesjonalny pokaz taneczny<\/h2>\n\n\n\n<p>Wesele to przyj\u0119cie taneczne, na kt\u00f3rym ka\u017cdy skupia si\u0119 na tym, \u017ceby wypa\u015b\u0107 mo\u017cliwie najlepiej. Dlaczego wi\u0119c nie zorganizowa\u0107 specjalnego pokazu ta\u0144ca po\u0142\u0105czonego z nauk\u0105 krok\u00f3w dla go\u015bci? Jest to doskona\u0142a okazja do zapoznania si\u0119 ze stylem profesjonalnych tancerzy, kt\u00f3rzy robi\u0105 ogromne wra\u017cenie tym, w jaki spos\u00f3b si\u0119 poruszaj\u0105.<\/p>\n\n\n\n<p>Pokaz taneczny mo\u017ce odby\u0107 si\u0119 przy okazji oczepin. Jest to czas w trakcie wesela, kiedy wszyscy go\u015bcie s\u0105 zgromadzeni w jednym miejscu. Dlatego znacznie \u0142atwiej jest przyci\u0105gn\u0105\u0107 ich uwag\u0119. Gwarantujemy, \u017ce podobny pokaz sprawi, \u017ce go\u015bcie d\u0142ugo b\u0119d\u0105 wspomina\u0107 Wasze wesele.<\/p>\n\n\n<section id=\"leonardo-block_0b5e4a00db44722aaef77ca4335fea59\" class=\"leonardo page-breaker leonardo-image-right\">\r\n    <div class=\"leonardo-body\">\r\n        <h2 class=\"leonardo-title\" id=\"h-piatek-weekendu-poczatek\">Pi\u0105tek \u2013 weekendu pocz\u0105tek<\/h2>        <div class=\"leonardo-content\"><p><!-- wp:heading --><\/p>\n<p>Chyba ka\u017cdemu s\u0142owo weekend dobrze si\u0119 kojarzy. Czas odpoczynku, kontakt\u00f3w z rodzin\u0105 i przyjaci\u00f3\u0142mi, realizowania swoich pasji. A czy mo\u017cna lepiej zacz\u0105\u0107 weekend ni\u017c w\u0142asnym \u015blubem?<\/p>\n<p><!-- \/wp:paragraph --> <!-- wp:paragraph --><\/p>\n<p>Wci\u0105\u017c jeszcze pokutuje przekonanie, \u017ce \u015bluby i wesela odbywaj\u0105 si\u0119 tylko w soboty. Od dawna jednak imprezy weselne maj\u0105 miejsce tak\u017ce w czwartki czy poniedzia\u0142ki. Wi\u0119c czemu nie urz\u0105dzi\u0107 wesela w pi\u0105tek? B\u0119dzie szybciej \u2013 argument dla tych niecierpliwych. Taniej \u2013 argument dla tych oszcz\u0119dnych. Niekonwencjonalnie \u2013 argument dla \u201ewolnych duch\u00f3w\u201d. Imprezowo \u2013 argument dla niepoprawnych imprezowicz\u00f3w, kt\u00f3rzy nie wyobra\u017caj\u0105 sobie pi\u0105tku bez clubbingu.<\/p>\n<p><!-- \/wp:paragraph --><\/p>\n<\/div>\r\n            <\/div>\r\n    <div class=\"leonardo-image\">\r\n        <img loading=\"lazy\" decoding=\"async\" width=\"800\" height=\"533\" src=\"https:\/\/www.koronakarkonoszy.pl\/blog\/wp-content\/uploads\/2021\/07\/wesele-w-niedziele1.jpg\" class=\"attachment-full size-full\" alt=\"\" srcset=\"https:\/\/www.koronakarkonoszy.pl\/blog\/wp-content\/uploads\/2021\/07\/wesele-w-niedziele1.jpg 800w, https:\/\/www.koronakarkonoszy.pl\/blog\/wp-content\/uploads\/2021\/07\/wesele-w-niedziele1-300x200.jpg 300w, https:\/\/www.koronakarkonoszy.pl\/blog\/wp-content\/uploads\/2021\/07\/wesele-w-niedziele1-768x512.jpg 768w\" sizes=\"auto, (max-width: 800px) 100vw, 800px\" \/>            <\/div>\r\n<\/section>\n\n\n<h2 class=\"wp-block-heading\" id=\"ha-slub-w-piatek-zalety\">\u015alub w pi\u0105tek \u2013 zalety<\/h2>\n\n\n\n<ul class=\"wp-block-list\">\n<li>wi\u0119ksza dost\u0119pno\u015b\u0107 termin\u00f3w<\/li>\n\n\n\n<li>wi\u0119kszy wyb\u00f3r us\u0142ugodawc\u00f3w \u2013 wynajem auta, fryzjerka, makija\u017cystka, fotograf, florystka itd.<\/li>\n\n\n\n<li>wi\u0119kszy wyb\u00f3r sal weselnych<\/li>\n\n\n\n<li>ni\u017csze ceny us\u0142ug<\/li>\n\n\n\n<li>ni\u017csza cena sali<\/li>\n<\/ul>\n\n\n\n<figure class=\"wp-block-image size-full is-resized\"><img loading=\"lazy\" decoding=\"async\" src=\"https:\/\/www.koronakarkonoszy.pl\/blog\/wp-content\/uploads\/2022\/12\/wesele-w-plenerze.jpg\" alt=\"\" class=\"wp-image-6540\" width=\"774\" height=\"517\" srcset=\"https:\/\/www.koronakarkonoszy.pl\/blog\/wp-content\/uploads\/2022\/12\/wesele-w-plenerze.jpg 744w, https:\/\/www.koronakarkonoszy.pl\/blog\/wp-content\/uploads\/2022\/12\/wesele-w-plenerze-300x200.jpg 300w\" sizes=\"auto, (max-width: 774px) 100vw, 774px\" \/><figcaption class=\"wp-element-caption\"><strong>Miejsce na <a href=\"https:\/\/www.koronakarkonoszy.pl\/blog\/slub-w-plenerze\/\" class=\"links-placer\">wesele w plenerze<\/a> &#8211; <\/strong><a href=\"https:\/\/www.koronakarkonoszy.pl\/wesele\/\" target=\"_blank\" rel=\"noreferrer noopener\"><strong>Dw\u00f3r Korona Karkonoszy<\/strong> <\/a><\/figcaption><\/figure>\n\n\n\n<h2 class=\"wp-block-heading\" id=\"ha-slub-w-piatek-wady\">\u015alub w pi\u0105tek \u2013 wady<\/h2>\n\n\n\n<ul class=\"wp-block-list\">\n<li>s\u0142aba frekwencja go\u015bci &#8211; niekt\u00f3rzy mog\u0105 mie\u0107 problem z wzi\u0119ciem urlopu<\/li>\n\n\n\n<li>w du\u017cych miastach zwykle s\u0105 korki, trzeba doliczy\u0107 wi\u0119cej czasu na dojazd<\/li>\n\n\n\n<li>niekoniecznie b\u0119dzie mo\u017cliwo\u015b\u0107 zorganizowania poprawin, bo na kolejny dzie\u0144 sala mo\u017ce by\u0107 ju\u017c wynaj\u0119ta&nbsp;<\/li>\n<\/ul>\n\n\n\n<p>Jednak skoro wcze\u015bniej uprzedzimy go\u015bci o terminie wesela, to w wi\u0119kszo\u015bci przypadk\u00f3w naprawd\u0119 mo\u017cna za\u0142atwi\u0107 sobie wolne. Skoro niekt\u00f3rzy bior\u0105 urlop, bo chc\u0105 pomalowa\u0107 mieszkanie, to chyba od rodziny i przyjaci\u00f3\u0142 mo\u017cna wymaga\u0107, by wzi\u0119li wolne na dzie\u0144 naszego \u015blubu? Podobnie je\u015bli chodzi o czas przejazdu do USC czy ko\u015bcio\u0142a, czy sali weselnej \u2013 to te\u017c nie jest problem. Zwykle ka\u017cdy mieszkaniec du\u017cego miasta wie, jak si\u0119 po nim porusza\u0107. A brak poprawin? Mo\u017ce to nawet plus\u2026 Zwykle i tak afterparty jest troch\u0119 wymuszone, bo wszyscy s\u0105 zm\u0119czeni po weselu. Mo\u017cna te\u017c przecie\u017c zdecydowa\u0107 si\u0119 na opcj\u0119 bardziej uroczystego, <strong>wsp\u00f3lnego \u015bniadania jako poprawin, <\/strong>kt\u00f3re b\u0119dzie mi\u0142ym, ko\u0144cowym akcentem wsp\u00f3lnej imprezy.&nbsp;<strong> <\/strong><\/p>\n\n\n<section id=\"leonardo-block_7cb28d95d08a30f1193193f21c79448b\" class=\"leonardo page-breaker leonardo-image-left\">\r\n    <div class=\"leonardo-body\">\r\n        <h2 class=\"leonardo-title\" id=\"h-wesele-w-piatek-chwilowa-moda-czy-nowy-zwyczaj\">Wesele w pi\u0105tek \u2013 chwilowa moda, czy nowy zwyczaj?<\/h2>        <div class=\"leonardo-content\"><p>Kojarzycie te s\u0142owa \u201eZa moich czas\u00f3w\u2026\u201d lub \u201eTa dzisiejsza m\u0142odzie\u017c&#8230;\u201d? Wydaje si\u0119, \u017ce mo\u017cna znale\u017a\u0107 wiele os\u00f3b, kt\u00f3re u\u017cywaj\u0105 ich w kontek\u015bcie \u015blubu w pi\u0105tek. Kto to widzia\u0142, \u017ceby w tygodniu organizowa\u0107 wesele? Z pewno\u015bci\u0105 zdarz\u0105 si\u0119 r\u00f3wnie\u017c tacy, kt\u00f3rzy uznaj\u0105 to za chwilow\u0105 mod\u0119, kt\u00f3ra minie wraz z kolejnym rokiem \u201enormalnej\u201d organizacji wesel, bez obostrze\u0144 pandemicznych.<\/p>\n<p>Jednak przyj\u0119cia weselne w pi\u0105tki maj\u0105 wiele zalet oraz stosunkowo niewiele wad. Je\u017celi jakie\u015b si\u0119 pojawiaj\u0105, z pewno\u015bci\u0105 znale\u017a\u0107 mo\u017cna skuteczne rozwi\u0105zanie tych problem\u00f3w. Dlatego prawdopodobnie wesela w pi\u0105tek b\u0119d\u0105 coraz bardziej popularne. Kto wie, mo\u017ce nawet przewy\u017csz\u0105 kiedy\u015b swoj\u0105 popularno\u015bci\u0105 uroczysto\u015bci w soboty?<\/p>\n<\/div>\r\n            <\/div>\r\n    <div class=\"leonardo-image\">\r\n        <img loading=\"lazy\" decoding=\"async\" width=\"1200\" height=\"800\" src=\"https:\/\/www.koronakarkonoszy.pl\/blog\/wp-content\/uploads\/2021\/06\/20150917-FUS-Klaudia-Cieplinska-EB-202-copy.jpg\" class=\"attachment-full size-full\" alt=\"\" srcset=\"https:\/\/www.koronakarkonoszy.pl\/blog\/wp-content\/uploads\/2021\/06\/20150917-FUS-Klaudia-Cieplinska-EB-202-copy.jpg 1200w, https:\/\/www.koronakarkonoszy.pl\/blog\/wp-content\/uploads\/2021\/06\/20150917-FUS-Klaudia-Cieplinska-EB-202-copy-300x200.jpg 300w, https:\/\/www.koronakarkonoszy.pl\/blog\/wp-content\/uploads\/2021\/06\/20150917-FUS-Klaudia-Cieplinska-EB-202-copy-1024x683.jpg 1024w, https:\/\/www.koronakarkonoszy.pl\/blog\/wp-content\/uploads\/2021\/06\/20150917-FUS-Klaudia-Cieplinska-EB-202-copy-768x512.jpg 768w\" sizes=\"auto, (max-width: 1200px) 100vw, 1200px\" \/>            <\/div>\r\n<\/section>\n\n\n<h2 class=\"wp-block-heading\" id=\"ha-piatek-na-dobra-wrozbe\">Pi\u0105tek na dobr\u0105 wr\u00f3\u017cb\u0119<\/h2>\n\n\n\n<p>Urz\u0105d\u017amy wesele w pi\u0105tek &#8211; b\u0105d\u017amy odwa\u017cni, z\u0142ammy konwenanse! To b\u0119dzie dobra wr\u00f3\u017cba \u2013 oznacza\u0107 b\u0119dzie, \u017ce to my jeste\u015bmy panami swego losu, a nie inni steruj\u0105 naszym \u017cyciem tak, jak chc\u0105, poczynaj\u0105c od wyboru daty naszego \u015blubu. \u015alub w pi\u0105tek oznacza\u0107 b\u0119dzie, \u017ce jeste\u015bmy uparci w d\u0105\u017ceniu do szcz\u0119\u015bcia. &nbsp;<\/p>\n\n\n\n<p>Jak w jednej z polskich komedii \u2013 to my decydujemy, kiedy jest Sylwester, i skoro nie pasuje nam \u015bwi\u0119towanie go w \u015brodku zimy, to zmieniamy termin i zapraszamy go\u015bci w \u015brodku lata (w naszym klimacie to faktycznie lepszy termin!).<\/p>\n\n\n\n<figure class=\"wp-block-image size-large\"><a href=\"https:\/\/www.koronakarkonoszy.pl\/wesele\/\" target=\"_blank\" rel=\"noreferrer noopener\"><img loading=\"lazy\" decoding=\"async\" width=\"1024\" height=\"512\" src=\"https:\/\/www.koronakarkonoszy.pl\/blog\/wp-content\/uploads\/2020\/10\/piekne_wesela_DKK-1024x512.jpg\" alt=\"\" class=\"wp-image-3914\" srcset=\"https:\/\/www.koronakarkonoszy.pl\/blog\/wp-content\/uploads\/2020\/10\/piekne_wesela_DKK-1024x512.jpg 1024w, https:\/\/www.koronakarkonoszy.pl\/blog\/wp-content\/uploads\/2020\/10\/piekne_wesela_DKK-300x150.jpg 300w, https:\/\/www.koronakarkonoszy.pl\/blog\/wp-content\/uploads\/2020\/10\/piekne_wesela_DKK-768x384.jpg 768w, https:\/\/www.koronakarkonoszy.pl\/blog\/wp-content\/uploads\/2020\/10\/piekne_wesela_DKK.jpg 1200w\" sizes=\"auto, (max-width: 1024px) 100vw, 1024px\" \/><\/a><\/figure>\n\n\n\n<p>Wiele rzeczy jeszcze do niedawna by\u0142o nie do pomy\u015blenia. Kiedy\u015b &#8211; ma\u0142\u017ce\u0144stwo to by\u0142a konieczno\u015b\u0107. Cz\u0142owiek m\u00f3g\u0142 funkcjonowa\u0107 tylko w rodzinie, stanowi\u0142a ona podstaw\u0119 \u017cycia spo\u0142ecznego. A tak\u017ce gospodarczego, i nawet politycznego w przypadku wy\u017cszych sfer. Teraz \u2013 to nasz wyb\u00f3r, \u017ce zawieramy zwi\u0105zek ma\u0142\u017ce\u0144ski. Robimy to tylko i wy\u0142\u0105cznie dlatego, \u017ce tego chcemy. Dlaczego wi\u0119c, skoro ta decyzja jest nasza, nie wynika z \u017cadnej konieczno\u015bci, ulegania konwenansom czy presji spo\u0142ecznej, mieliby\u015bmy im ulega\u0107 w kwestii wyboru dnia \u015blubu? Je\u015bli chcemy urz\u0105dzi\u0107 wesele w pi\u0105tek, to po prostu tak zr\u00f3bmy. Kto\u015b musi by\u0107 w ariergardzie!<\/p>\n\n\n\n<p>Zw\u0142aszcza \u017ce w\u0142a\u015bciwie wszystkie obyczaje ulegaj\u0105 z czasem zmianom. W dodatku zale\u017cne s\u0105 nie tylko od czasu, lecz i miejsca. Gdy czytamy podr\u00f3\u017cnicze magazyny, w kt\u00f3rych pe\u0142no jest opowie\u015bci o odleg\u0142ych miejscach i ludach tzw. pierwotnych, to nieraz dziwimy si\u0119 ich zwyczajom. Oni pewnie podobnie dziwiliby si\u0119 naszym, gdyby je znali\u2026<\/p>\n\n\n\n<figure class=\"wp-block-image size-large\"><img loading=\"lazy\" decoding=\"async\" width=\"1024\" height=\"683\" src=\"https:\/\/www.koronakarkonoszy.pl\/blog\/wp-content\/uploads\/2023\/03\/hannah-busing-6NUUZZ16hJk-unsplash-1024x683.jpg\" alt=\"\" class=\"wp-image-8677\" srcset=\"https:\/\/www.koronakarkonoszy.pl\/blog\/wp-content\/uploads\/2023\/03\/hannah-busing-6NUUZZ16hJk-unsplash-1024x683.jpg 1024w, https:\/\/www.koronakarkonoszy.pl\/blog\/wp-content\/uploads\/2023\/03\/hannah-busing-6NUUZZ16hJk-unsplash-300x200.jpg 300w, https:\/\/www.koronakarkonoszy.pl\/blog\/wp-content\/uploads\/2023\/03\/hannah-busing-6NUUZZ16hJk-unsplash-768x512.jpg 768w, https:\/\/www.koronakarkonoszy.pl\/blog\/wp-content\/uploads\/2023\/03\/hannah-busing-6NUUZZ16hJk-unsplash-1536x1024.jpg 1536w, https:\/\/www.koronakarkonoszy.pl\/blog\/wp-content\/uploads\/2023\/03\/hannah-busing-6NUUZZ16hJk-unsplash-18x12.jpg 18w, https:\/\/www.koronakarkonoszy.pl\/blog\/wp-content\/uploads\/2023\/03\/hannah-busing-6NUUZZ16hJk-unsplash.jpg 1920w\" sizes=\"auto, (max-width: 1024px) 100vw, 1024px\" \/><figcaption class=\"wp-element-caption\"><strong>Wesele latem <\/strong><\/figcaption><\/figure>\n\n\n\n<p>Je\u015bli mamy w g\u0142owie od dawna uk\u0142adany <a href=\"https:\/\/www.koronakarkonoszy.pl\/blog\/plan-wesela-idealnego\/\" target=\"_blank\" rel=\"noreferrer noopener\">plan wesela idealnego<\/a>, to czy warto z niego rezygnowa\u0107 tylko dlatego, \u017ce nie ma wolnych termin\u00f3w sobotnich w naszej wymarzonej sali balowej? Lepiej chyba zdecydowa\u0107 si\u0119 na \u015blub w inny dzie\u0144, a reszt\u0119 zorganizowa\u0107 dok\u0142adnie tak, jak chcieli\u015bmy.&nbsp;<\/p>\n","protected":false},"excerpt":{"rendered":"<p>Od lat najbardziej popularny dzie\u0144 \u015blubu to sobota. W zwi\u0105zku z tym coraz trudniej o dobry sobotni termin na \u015blub i wesele. Obecnie M\u0142ode Pary cz\u0119sto decyduj\u0105 si\u0119 \u015blub pi\u0105tkowy. Czy to dobry pomys\u0142? Wr\u0119cz idealny! \u015alub w pi\u0105tek pozwoli Wam zorganizowa\u0107 wesele tam, gdzie sobie wymarzyli\u015bcie. Ale to nie jedyne zalety pi\u0105tkowego \u015blubu! \u015alub [&hellip;]<\/p>\n","protected":false},"author":11,"featured_media":238,"comment_status":"closed","ping_status":"closed","sticky":false,"template":"","format":"standard","meta":{"_acf_changed":false,"footnotes":""},"categories":[16,2,4,3],"class_list":["post-237","post","type-post","status-publish","format-standard","has-post-thumbnail","hentry","category-kiedy-wesele","category-porady","category-tradycja","category-trendy"],"acf":[],"yoast_head":"<!-- This site is optimized with the Yoast SEO plugin v27.4 - https:\/\/yoast.com\/product\/yoast-seo-wordpress\/ -->\n<title>\u015alub w pi\u0105tek - modny zwyczaj ostatnich lat! - :: Blog weselny<\/title>\n<meta name=\"description\" content=\"\u015alub w pi\u0105tek? Takie rozwi\u0105zanie pozwoli Wam zorganizowa\u0107 wesele w miejscu, gdzie wszystko b\u0119dzie spe\u0142nia\u0107 wasze oczekiwania!\" \/>\n<meta name=\"robots\" content=\"index, follow, max-snippet:-1, max-image-preview:large, max-video-preview:-1\" \/>\n<link rel=\"canonical\" href=\"https:\/\/www.koronakarkonoszy.pl\/blog\/en\/wedding-on-friday-a-fashionable-custom-in-recent-years\/\" \/>\n<meta property=\"og:locale\" content=\"en_GB\" \/>\n<meta property=\"og:type\" content=\"article\" \/>\n<meta property=\"og:title\" content=\"\u015alub w pi\u0105tek - modny zwyczaj ostatnich lat! - :: Blog weselny\" \/>\n<meta property=\"og:description\" content=\"\u015alub w pi\u0105tek? Takie rozwi\u0105zanie pozwoli Wam zorganizowa\u0107 wesele w miejscu, gdzie wszystko b\u0119dzie spe\u0142nia\u0107 wasze oczekiwania!\" \/>\n<meta property=\"og:url\" content=\"https:\/\/www.koronakarkonoszy.pl\/blog\/en\/wedding-on-friday-a-fashionable-custom-in-recent-years\/\" \/>\n<meta property=\"og:site_name\" content=\":: Blog weselny\" \/>\n<meta property=\"article:published_time\" content=\"2023-03-12T17:39:52+00:00\" \/>\n<meta property=\"article:modified_time\" content=\"2023-03-12T17:58:55+00:00\" \/>\n<meta property=\"og:image\" content=\"https:\/\/www.koronakarkonoszy.pl\/blog\/wp-content\/uploads\/2021\/07\/slub-w-piatek.jpg\" \/>\n\t<meta property=\"og:image:width\" content=\"1000\" \/>\n\t<meta property=\"og:image:height\" content=\"667\" \/>\n\t<meta property=\"og:image:type\" content=\"image\/jpeg\" \/>\n<meta name=\"author\" content=\"agnieszka\" \/>\n<meta name=\"twitter:card\" content=\"summary_large_image\" \/>\n<meta name=\"twitter:label1\" content=\"Written by\" \/>\n\t<meta name=\"twitter:data1\" content=\"agnieszka\" \/>\n\t<meta name=\"twitter:label2\" content=\"Estimated reading time\" \/>\n\t<meta name=\"twitter:data2\" content=\"18 minutes\" \/>\n<script type=\"application\/ld+json\" class=\"yoast-schema-graph\">{\"@context\":\"https:\\\/\\\/schema.org\",\"@graph\":[{\"@type\":\"Article\",\"@id\":\"https:\\\/\\\/www.koronakarkonoszy.pl\\\/blog\\\/slub-w-piatek-modny-zwyczaj-ostatnich-lat\\\/#article\",\"isPartOf\":{\"@id\":\"https:\\\/\\\/www.koronakarkonoszy.pl\\\/blog\\\/slub-w-piatek-modny-zwyczaj-ostatnich-lat\\\/\"},\"author\":{\"name\":\"agnieszka\",\"@id\":\"https:\\\/\\\/www.koronakarkonoszy.pl\\\/blog\\\/#\\\/schema\\\/person\\\/ec8c88bd01ebe6cbf6a16435ce22276f\"},\"headline\":\"\u015alub w pi\u0105tek &#8211; modny zwyczaj ostatnich lat!\",\"datePublished\":\"2023-03-12T17:39:52+00:00\",\"dateModified\":\"2023-03-12T17:58:55+00:00\",\"mainEntityOfPage\":{\"@id\":\"https:\\\/\\\/www.koronakarkonoszy.pl\\\/blog\\\/slub-w-piatek-modny-zwyczaj-ostatnich-lat\\\/\"},\"wordCount\":3167,\"image\":{\"@id\":\"https:\\\/\\\/www.koronakarkonoszy.pl\\\/blog\\\/slub-w-piatek-modny-zwyczaj-ostatnich-lat\\\/#primaryimage\"},\"thumbnailUrl\":\"https:\\\/\\\/www.koronakarkonoszy.pl\\\/blog\\\/wp-content\\\/uploads\\\/2021\\\/07\\\/slub-w-piatek.jpg\",\"articleSection\":[\"Kiedy wesele\",\"Porady\",\"Tradycja\",\"Trendy\"],\"inLanguage\":\"en-GB\"},{\"@type\":\"WebPage\",\"@id\":\"https:\\\/\\\/www.koronakarkonoszy.pl\\\/blog\\\/slub-w-piatek-modny-zwyczaj-ostatnich-lat\\\/\",\"url\":\"https:\\\/\\\/www.koronakarkonoszy.pl\\\/blog\\\/slub-w-piatek-modny-zwyczaj-ostatnich-lat\\\/\",\"name\":\"\u015alub w pi\u0105tek - modny zwyczaj ostatnich lat! - :: Blog weselny\",\"isPartOf\":{\"@id\":\"https:\\\/\\\/www.koronakarkonoszy.pl\\\/blog\\\/#website\"},\"primaryImageOfPage\":{\"@id\":\"https:\\\/\\\/www.koronakarkonoszy.pl\\\/blog\\\/slub-w-piatek-modny-zwyczaj-ostatnich-lat\\\/#primaryimage\"},\"image\":{\"@id\":\"https:\\\/\\\/www.koronakarkonoszy.pl\\\/blog\\\/slub-w-piatek-modny-zwyczaj-ostatnich-lat\\\/#primaryimage\"},\"thumbnailUrl\":\"https:\\\/\\\/www.koronakarkonoszy.pl\\\/blog\\\/wp-content\\\/uploads\\\/2021\\\/07\\\/slub-w-piatek.jpg\",\"datePublished\":\"2023-03-12T17:39:52+00:00\",\"dateModified\":\"2023-03-12T17:58:55+00:00\",\"author\":{\"@id\":\"https:\\\/\\\/www.koronakarkonoszy.pl\\\/blog\\\/#\\\/schema\\\/person\\\/ec8c88bd01ebe6cbf6a16435ce22276f\"},\"description\":\"\u015alub w pi\u0105tek? Takie rozwi\u0105zanie pozwoli Wam zorganizowa\u0107 wesele w miejscu, gdzie wszystko b\u0119dzie spe\u0142nia\u0107 wasze oczekiwania!\",\"breadcrumb\":{\"@id\":\"https:\\\/\\\/www.koronakarkonoszy.pl\\\/blog\\\/slub-w-piatek-modny-zwyczaj-ostatnich-lat\\\/#breadcrumb\"},\"inLanguage\":\"en-GB\",\"potentialAction\":[{\"@type\":\"ReadAction\",\"target\":[\"https:\\\/\\\/www.koronakarkonoszy.pl\\\/blog\\\/slub-w-piatek-modny-zwyczaj-ostatnich-lat\\\/\"]}]},{\"@type\":\"ImageObject\",\"inLanguage\":\"en-GB\",\"@id\":\"https:\\\/\\\/www.koronakarkonoszy.pl\\\/blog\\\/slub-w-piatek-modny-zwyczaj-ostatnich-lat\\\/#primaryimage\",\"url\":\"https:\\\/\\\/www.koronakarkonoszy.pl\\\/blog\\\/wp-content\\\/uploads\\\/2021\\\/07\\\/slub-w-piatek.jpg\",\"contentUrl\":\"https:\\\/\\\/www.koronakarkonoszy.pl\\\/blog\\\/wp-content\\\/uploads\\\/2021\\\/07\\\/slub-w-piatek.jpg\",\"width\":1000,\"height\":667,\"caption\":\"\u015blub w pi\u0105tek\"},{\"@type\":\"BreadcrumbList\",\"@id\":\"https:\\\/\\\/www.koronakarkonoszy.pl\\\/blog\\\/slub-w-piatek-modny-zwyczaj-ostatnich-lat\\\/#breadcrumb\",\"itemListElement\":[{\"@type\":\"ListItem\",\"position\":1,\"name\":\"Strona g\u0142\u00f3wna\",\"item\":\"https:\\\/\\\/www.koronakarkonoszy.pl\\\/blog\\\/\"},{\"@type\":\"ListItem\",\"position\":2,\"name\":\"\u015alub w pi\u0105tek &#8211; modny zwyczaj ostatnich lat!\"}]},{\"@type\":\"WebSite\",\"@id\":\"https:\\\/\\\/www.koronakarkonoszy.pl\\\/blog\\\/#website\",\"url\":\"https:\\\/\\\/www.koronakarkonoszy.pl\\\/blog\\\/\",\"name\":\":: Blog weselny\",\"description\":\"Blog weselny Dw\u00f3r Korona Karkonoszy\",\"potentialAction\":[{\"@type\":\"SearchAction\",\"target\":{\"@type\":\"EntryPoint\",\"urlTemplate\":\"https:\\\/\\\/www.koronakarkonoszy.pl\\\/blog\\\/?s={search_term_string}\"},\"query-input\":{\"@type\":\"PropertyValueSpecification\",\"valueRequired\":true,\"valueName\":\"search_term_string\"}}],\"inLanguage\":\"en-GB\"},{\"@type\":\"Person\",\"@id\":\"https:\\\/\\\/www.koronakarkonoszy.pl\\\/blog\\\/#\\\/schema\\\/person\\\/ec8c88bd01ebe6cbf6a16435ce22276f\",\"name\":\"agnieszka\",\"image\":{\"@type\":\"ImageObject\",\"inLanguage\":\"en-GB\",\"@id\":\"https:\\\/\\\/www.koronakarkonoszy.pl\\\/blog\\\/wp-content\\\/litespeed\\\/avatar\\\/53ee7b676463f74d0aea1a09de3d003b.jpg?ver=1776833699\",\"url\":\"https:\\\/\\\/www.koronakarkonoszy.pl\\\/blog\\\/wp-content\\\/litespeed\\\/avatar\\\/53ee7b676463f74d0aea1a09de3d003b.jpg?ver=1776833699\",\"contentUrl\":\"https:\\\/\\\/www.koronakarkonoszy.pl\\\/blog\\\/wp-content\\\/litespeed\\\/avatar\\\/53ee7b676463f74d0aea1a09de3d003b.jpg?ver=1776833699\",\"caption\":\"agnieszka\"},\"url\":\"https:\\\/\\\/www.koronakarkonoszy.pl\\\/blog\\\/en\\\/author\\\/agnieszka\\\/\"}]}<\/script>\n<!-- \/ Yoast SEO plugin. -->","yoast_head_json":{"title":"Wedding on Friday - a fashionable custom in recent years! - :: Wedding blog","description":"Wedding on Friday? This solution will allow you to organize a wedding in a place where everything will meet your expectations!","robots":{"index":"index","follow":"follow","max-snippet":"max-snippet:-1","max-image-preview":"max-image-preview:large","max-video-preview":"max-video-preview:-1"},"canonical":"https:\/\/www.koronakarkonoszy.pl\/blog\/en\/wedding-on-friday-a-fashionable-custom-in-recent-years\/","og_locale":"en_GB","og_type":"article","og_title":"\u015alub w pi\u0105tek - modny zwyczaj ostatnich lat! - :: Blog weselny","og_description":"\u015alub w pi\u0105tek? Takie rozwi\u0105zanie pozwoli Wam zorganizowa\u0107 wesele w miejscu, gdzie wszystko b\u0119dzie spe\u0142nia\u0107 wasze oczekiwania!","og_url":"https:\/\/www.koronakarkonoszy.pl\/blog\/en\/wedding-on-friday-a-fashionable-custom-in-recent-years\/","og_site_name":":: Blog weselny","article_published_time":"2023-03-12T17:39:52+00:00","article_modified_time":"2023-03-12T17:58:55+00:00","og_image":[{"width":1000,"height":667,"url":"https:\/\/www.koronakarkonoszy.pl\/blog\/wp-content\/uploads\/2021\/07\/slub-w-piatek.jpg","type":"image\/jpeg"}],"author":"agnieszka","twitter_card":"summary_large_image","twitter_misc":{"Written by":"agnieszka","Estimated reading time":"18 minutes"},"schema":{"@context":"https:\/\/schema.org","@graph":[{"@type":"Article","@id":"https:\/\/www.koronakarkonoszy.pl\/blog\/slub-w-piatek-modny-zwyczaj-ostatnich-lat\/#article","isPartOf":{"@id":"https:\/\/www.koronakarkonoszy.pl\/blog\/slub-w-piatek-modny-zwyczaj-ostatnich-lat\/"},"author":{"name":"agnieszka","@id":"https:\/\/www.koronakarkonoszy.pl\/blog\/#\/schema\/person\/ec8c88bd01ebe6cbf6a16435ce22276f"},"headline":"\u015alub w pi\u0105tek &#8211; modny zwyczaj ostatnich lat!","datePublished":"2023-03-12T17:39:52+00:00","dateModified":"2023-03-12T17:58:55+00:00","mainEntityOfPage":{"@id":"https:\/\/www.koronakarkonoszy.pl\/blog\/slub-w-piatek-modny-zwyczaj-ostatnich-lat\/"},"wordCount":3167,"image":{"@id":"https:\/\/www.koronakarkonoszy.pl\/blog\/slub-w-piatek-modny-zwyczaj-ostatnich-lat\/#primaryimage"},"thumbnailUrl":"https:\/\/www.koronakarkonoszy.pl\/blog\/wp-content\/uploads\/2021\/07\/slub-w-piatek.jpg","articleSection":["Kiedy wesele","Porady","Tradycja","Trendy"],"inLanguage":"en-GB"},{"@type":"WebPage","@id":"https:\/\/www.koronakarkonoszy.pl\/blog\/slub-w-piatek-modny-zwyczaj-ostatnich-lat\/","url":"https:\/\/www.koronakarkonoszy.pl\/blog\/slub-w-piatek-modny-zwyczaj-ostatnich-lat\/","name":"Wedding on Friday - a fashionable custom in recent years! - :: Wedding blog","isPartOf":{"@id":"https:\/\/www.koronakarkonoszy.pl\/blog\/#website"},"primaryImageOfPage":{"@id":"https:\/\/www.koronakarkonoszy.pl\/blog\/slub-w-piatek-modny-zwyczaj-ostatnich-lat\/#primaryimage"},"image":{"@id":"https:\/\/www.koronakarkonoszy.pl\/blog\/slub-w-piatek-modny-zwyczaj-ostatnich-lat\/#primaryimage"},"thumbnailUrl":"https:\/\/www.koronakarkonoszy.pl\/blog\/wp-content\/uploads\/2021\/07\/slub-w-piatek.jpg","datePublished":"2023-03-12T17:39:52+00:00","dateModified":"2023-03-12T17:58:55+00:00","author":{"@id":"https:\/\/www.koronakarkonoszy.pl\/blog\/#\/schema\/person\/ec8c88bd01ebe6cbf6a16435ce22276f"},"description":"Wedding on Friday? This solution will allow you to organize a wedding in a place where everything will meet your expectations!","breadcrumb":{"@id":"https:\/\/www.koronakarkonoszy.pl\/blog\/slub-w-piatek-modny-zwyczaj-ostatnich-lat\/#breadcrumb"},"inLanguage":"en-GB","potentialAction":[{"@type":"ReadAction","target":["https:\/\/www.koronakarkonoszy.pl\/blog\/slub-w-piatek-modny-zwyczaj-ostatnich-lat\/"]}]},{"@type":"ImageObject","inLanguage":"en-GB","@id":"https:\/\/www.koronakarkonoszy.pl\/blog\/slub-w-piatek-modny-zwyczaj-ostatnich-lat\/#primaryimage","url":"https:\/\/www.koronakarkonoszy.pl\/blog\/wp-content\/uploads\/2021\/07\/slub-w-piatek.jpg","contentUrl":"https:\/\/www.koronakarkonoszy.pl\/blog\/wp-content\/uploads\/2021\/07\/slub-w-piatek.jpg","width":1000,"height":667,"caption":"\u015blub w pi\u0105tek"},{"@type":"BreadcrumbList","@id":"https:\/\/www.koronakarkonoszy.pl\/blog\/slub-w-piatek-modny-zwyczaj-ostatnich-lat\/#breadcrumb","itemListElement":[{"@type":"ListItem","position":1,"name":"Strona g\u0142\u00f3wna","item":"https:\/\/www.koronakarkonoszy.pl\/blog\/"},{"@type":"ListItem","position":2,"name":"\u015alub w pi\u0105tek &#8211; modny zwyczaj ostatnich lat!"}]},{"@type":"WebSite","@id":"https:\/\/www.koronakarkonoszy.pl\/blog\/#website","url":"https:\/\/www.koronakarkonoszy.pl\/blog\/","name":":: Wedding blog","description":"Wedding blog Dw\u00f3r Korona Karkonosze","potentialAction":[{"@type":"SearchAction","target":{"@type":"EntryPoint","urlTemplate":"https:\/\/www.koronakarkonoszy.pl\/blog\/?s={search_term_string}"},"query-input":{"@type":"PropertyValueSpecification","valueRequired":true,"valueName":"search_term_string"}}],"inLanguage":"en-GB"},{"@type":"Person","@id":"https:\/\/www.koronakarkonoszy.pl\/blog\/#\/schema\/person\/ec8c88bd01ebe6cbf6a16435ce22276f","name":"Agnes","image":{"@type":"ImageObject","inLanguage":"en-GB","@id":"https:\/\/www.koronakarkonoszy.pl\/blog\/wp-content\/litespeed\/avatar\/53ee7b676463f74d0aea1a09de3d003b.jpg?ver=1776833699","url":"https:\/\/www.koronakarkonoszy.pl\/blog\/wp-content\/litespeed\/avatar\/53ee7b676463f74d0aea1a09de3d003b.jpg?ver=1776833699","contentUrl":"https:\/\/www.koronakarkonoszy.pl\/blog\/wp-content\/litespeed\/avatar\/53ee7b676463f74d0aea1a09de3d003b.jpg?ver=1776833699","caption":"agnieszka"},"url":"https:\/\/www.koronakarkonoszy.pl\/blog\/en\/author\/agnieszka\/"}]}},"_links":{"self":[{"href":"https:\/\/www.koronakarkonoszy.pl\/blog\/en\/wp-json\/wp\/v2\/posts\/237","targetHints":{"allow":["GET"]}}],"collection":[{"href":"https:\/\/www.koronakarkonoszy.pl\/blog\/en\/wp-json\/wp\/v2\/posts"}],"about":[{"href":"https:\/\/www.koronakarkonoszy.pl\/blog\/en\/wp-json\/wp\/v2\/types\/post"}],"author":[{"embeddable":true,"href":"https:\/\/www.koronakarkonoszy.pl\/blog\/en\/wp-json\/wp\/v2\/users\/11"}],"replies":[{"embeddable":true,"href":"https:\/\/www.koronakarkonoszy.pl\/blog\/en\/wp-json\/wp\/v2\/comments?post=237"}],"version-history":[{"count":0,"href":"https:\/\/www.koronakarkonoszy.pl\/blog\/en\/wp-json\/wp\/v2\/posts\/237\/revisions"}],"wp:featuredmedia":[{"embeddable":true,"href":"https:\/\/www.koronakarkonoszy.pl\/blog\/en\/wp-json\/wp\/v2\/media\/238"}],"wp:attachment":[{"href":"https:\/\/www.koronakarkonoszy.pl\/blog\/en\/wp-json\/wp\/v2\/media?parent=237"}],"wp:term":[{"taxonomy":"category","embeddable":true,"href":"https:\/\/www.koronakarkonoszy.pl\/blog\/en\/wp-json\/wp\/v2\/categories?post=237"}],"curies":[{"name":"wp","href":"https:\/\/api.w.org\/{rel}","templated":true}]}}