{"id":2058,"date":"2023-07-12T18:45:00","date_gmt":"2023-07-12T16:45:00","guid":{"rendered":"https:\/\/www.koronakarkonoszy.pl\/blog\/?p=2058"},"modified":"2023-12-05T19:09:54","modified_gmt":"2023-12-05T18:09:54","slug":"wedding-in-july-2","status":"publish","type":"post","link":"https:\/\/www.koronakarkonoszy.pl\/blog\/en\/slub-w-lipcu\/","title":{"rendered":"Wedding in July - how to choose the perfect leitmotif?"},"content":{"rendered":"\n<p>Organizacja wesela to du\u017ce przedsi\u0119wzi\u0119cie. To czas na dob\u00f3r idealnych kreacji, dope\u0142nienie wszelkich formalno\u015bci zwi\u0105zanych z ceremoni\u0105, znalezienie doskona\u0142ej sali weselnej. Kolejna decyzja: jakie kwiaty na \u015blub w lipcu? Dlaczego za gor\u0105cy <a href=\"https:\/\/www.koronakarkonoszy.pl\/blog\/sezon-slubny\/\">sezon \u015blubny<\/a> uznaje si\u0119 lato? I jak zorganizowa\u0107 niepowtarzalny \u015blub w lipcu i wesele, kt\u00f3re wspomina\u0107 b\u0119dziemy przez lata?<\/p>\n\n\n<div id=\"ariadna-block_786373e5d602f8250786541c49b090b3\" class=\"ariadna\">\r\n    <ul><li><a href=\"#h-motyw-przewodni-wesela-a-slub-na-co-postawic\">Motyw przewodni wesela a \u015blub \u2013 na co postawi\u0107?<\/a><\/li><li><a href=\"#h-pastele-na-weselu-kwiaty-sezonowe-na-wesele\">Pastele na weselu &#8211; kwiaty sezonowe na wesele<\/a><\/li><li><a href=\"#h-bukiet-panny-mlodej-kwiaty-sezonowe-na-slub-i-wesele\">Bukiet Panny M\u0142odej &#8211; kwiaty sezonowe na \u015blub i wesele<\/a><\/li><li><a href=\"#h-dekoracje-stolow\">Dekoracje sto\u0142\u00f3w<\/a><\/li><li><a href=\"#h-gdzie-szukac-podwykonawcow-na-wesele-w-lipcu\">Gdzie szuka\u0107 podwykonawc\u00f3w na wesele w lipcu?<\/a><\/li><li><a href=\"#h-dwor-korona-karkonoszy-idealne-miejsce-na-slub-w-lipcu\">Dw\u00f3r Korona Karkonoszy &#8211; idealne miejsce na \u015blub w lipcu<\/a><\/li><li><a href=\"#h-slub-w-lipcu-i-organizacja-wesela-na-wlasna-reke\">\u015alub w lipcu i organizacja wesela na w\u0142asn\u0105 r\u0119k\u0119<\/a><\/li><li><a href=\"#h-orkiestra-weselna-czy-dj\">Orkiestra weselna czy DJ?<\/a><\/li><li><a href=\"#h-lawendowy-slub\">Lawendowy \u015blub<\/a><\/li><li><a href=\"#h-zdjecia-slubne-w-lipcu\">Zdj\u0119cia \u015blubne w lipcu<\/a><\/li><li><a href=\"#ha-wesele-w-ogrodzie-czy-to-dobry-pomysl\">Wesele w ogrodzie &#8211; czy to dobry pomys\u0142?<\/a><\/li><li><a href=\"#h-wakacyjny-slub-w-lipcu\">Wakacyjny \u015blub w lipcu<\/a><\/li><\/ul>\r\n<\/div>\r\n\r\n\r\n\r\n\n\n\n<p>\u015alub i wesele to wyj\u0105tkowy czas! Czas \u015bwi\u0119towania, wy\u015bmienitej zabawy i niezapomnianych wra\u017ce\u0144. To jedna z najwa\u017cniejszych imprez dla zakochanej pary. Wydarzenie, kt\u00f3re oficjalnie rozpoczyna nowy etap w jej \u017cyciu \u2013 etap ma\u0142\u017ce\u0144stwa. <a href=\"https:\/\/www.koronakarkonoszy.pl\/blog\/jak-zorganizowac-przyjecie-weselne-na-30-osob\/\" class=\"links-placer\">Przyj\u0119cie weselne<\/a> powinno by\u0107 odzwierciedleniem najskrytszych marze\u0144 przysz\u0142ych nowo\u017ce\u0144c\u00f3w. W ko\u0144cu to ich dzie\u0144! Dlatego musi idealnie wpisywa\u0107 si\u0119 w ich gusta i oczekiwania &#8211; pocz\u0105wszy od dekoracji sali weselnej po ca\u0142e planowanie \u015blubu. Aby nada\u0107 przyj\u0119ciu weselnemu niebanalny charakter, warto okre\u015bli\u0107 motyw przewodni, kt\u00f3ry b\u0119dzie baz\u0105 do przygotowania odpowiednich weselnych dekoracji i innych element\u00f3w ceremonii \u2013 takich jak papeteria \u015blubna, stroje Pary M\u0142odej, \u015blubne kwiaty, menu itp.<\/p>\n\n\n\n<figure class=\"wp-block-image size-large\"><a href=\"https:\/\/www.koronakarkonoszy.pl\/wesele\/\" target=\"_blank\" rel=\"noreferrer noopener\"><img loading=\"lazy\" decoding=\"async\" width=\"1024\" height=\"512\" src=\"https:\/\/www.koronakarkonoszy.pl\/blog\/wp-content\/uploads\/2020\/10\/piekne_wesela_DKK-1024x512.jpg\" alt=\"\" class=\"wp-image-3914\" srcset=\"https:\/\/www.koronakarkonoszy.pl\/blog\/wp-content\/uploads\/2020\/10\/piekne_wesela_DKK-1024x512.jpg 1024w, https:\/\/www.koronakarkonoszy.pl\/blog\/wp-content\/uploads\/2020\/10\/piekne_wesela_DKK-300x150.jpg 300w, https:\/\/www.koronakarkonoszy.pl\/blog\/wp-content\/uploads\/2020\/10\/piekne_wesela_DKK-768x384.jpg 768w, https:\/\/www.koronakarkonoszy.pl\/blog\/wp-content\/uploads\/2020\/10\/piekne_wesela_DKK.jpg 1200w\" sizes=\"auto, (max-width: 1024px) 100vw, 1024px\" \/><\/a><\/figure>\n\n\n\n<h3 class=\"wp-block-heading\" id=\"h-dlaczego-warto-wybra-motyw-przewodni-wesela\">Dlaczego warto wybra\u0107 motyw przewodni wesela?<\/h3>\n\n\n\n<p>Organizacja wesela wed\u0142ug konkretnego motywu to popularne rozwi\u0105zanie. Motyw to wizyt\u00f3wka wesela. Jest czym\u015b, co spaja weseln\u0105 aran\u017cacj\u0119, nadaje jej niepowtarzalny charakter. Miesi\u0105c \u015blubu i to, jakie ro\u015bliny kwitn\u0105 w danym czasie, mo\u017ce by\u0107 doskona\u0142\u0105 wskaz\u00f3wk\u0105, co do aran\u017cacji zar\u00f3wno sali weselnej, jak i wn\u0119trza ko\u015bcio\u0142a. Najpi\u0119kniejsze o tej porze roku gatunki kwiat\u00f3w uczyni\u0105 ka\u017cde letnie wesele niezapomnianym wydarzeniem pe\u0142nym wzrusze\u0144.<\/p>\n\n\n\n<figure class=\"wp-block-image size-full\"><img loading=\"lazy\" decoding=\"async\" width=\"800\" height=\"534\" src=\"https:\/\/www.koronakarkonoszy.pl\/blog\/wp-content\/uploads\/2021\/07\/sala-balowa-dekoracje.jpg\" alt=\"Przygotowania weselne\" class=\"wp-image-594\" srcset=\"https:\/\/www.koronakarkonoszy.pl\/blog\/wp-content\/uploads\/2021\/07\/sala-balowa-dekoracje.jpg 800w, https:\/\/www.koronakarkonoszy.pl\/blog\/wp-content\/uploads\/2021\/07\/sala-balowa-dekoracje-300x200.jpg 300w, https:\/\/www.koronakarkonoszy.pl\/blog\/wp-content\/uploads\/2021\/07\/sala-balowa-dekoracje-768x513.jpg 768w\" sizes=\"auto, (max-width: 800px) 100vw, 800px\" \/><figcaption class=\"wp-element-caption\"><strong><a href=\"https:\/\/www.koronakarkonoszy.pl\/dworska-sala-balowa\/\" target=\"_blank\" rel=\"noreferrer noopener\">Sala weselna Dolny \u015al\u0105sk,<\/a> Dw\u00f3r Korona Karkonoszy, <a href=\"https:\/\/www.koronakarkonoszy.pl\/blog-atrakcje\/sosnowka\/\" class=\"links-placer\">Sosn\u00f3wka<\/a> k. Karpacza <\/strong><\/figcaption><\/figure>\n\n\n\n<p>Pami\u0119tajmy r\u00f3wnie\u017c, \u017ce <strong>o motywie przewodnim warto poinformowa\u0107 go\u015bc<\/strong>i. Dzi\u0119ki temu mog\u0105 oni w odpowiedni spos\u00f3b przygotowa\u0107 si\u0119 do przyj\u0119cia oraz dobra\u0107 swoje kreacje do tego specjalnego dnia. Jest to \u015bwietne rozwi\u0105zanie dla tych, kt\u00f3rzy chc\u0105, \u017ceby ich wesele by\u0142o sp\u00f3jne pod wszystkimi wzgl\u0119dami.<\/p>\n\n\n\n<p>Je\u017celi Para M\u0142oda zdecyduje si\u0119 na wyb\u00f3r motywu przewodniego wesela z pewno\u015bci\u0105 dostan\u0105 dok\u0142adnie to, o czym marz\u0105. Zdecydowana wi\u0119kszo\u015b\u0107 go\u015bci ch\u0119tnie dopasuje swoje stroje do okazji. W motywie przewodnim warto uwzgl\u0119dni\u0107 popularne kwiaty sezonowe. Ro\u015bliny dost\u0119pne w poszczeg\u00f3lnych miesi\u0105cach b\u0119d\u0105 \u0142atwiej osi\u0105galne, co pomo\u017ce nieco obni\u017cy\u0107 koszty. Wesele kwiatowe wi\u0105zanki dla druhen czy bukiet na wesele dla panny m\u0142odej zawieraj\u0105cy astry ga\u0142\u0105zkowe to tak\u017ce \u015bwietny pomys\u0142. Kwiaty pe\u0142ni lata nie maj\u0105 sobie r\u00f3wnych.<\/p>\n\n\n\n<style>\n    .cta_block{\n        margin: 1.5em 0;\n    }\n    .cta_block_content {\n        position: relative;\n        color: white;\n        padding: 1em;\n    }\n    .cta_block_content h3{\n        text-align: center;\n        font: normal normal normal 36px\/50px Yeseva One;\n    }\n    .cta_block_content .cta_block_desc{\n        text-align: center;\n        font-size: 1.1em;\n        position: relative;\n    }\n    .cta_block_content .cta_block_desc:before {\n        content: '';\n        width: 80px;\n        height: 4px;\n        background: #EEB315;\n        position: absolute;\n        left: 0;\n        right: 0;\n        margin-left: auto;\n        margin-right: auto;\n        top: -22px;\n    }\n\n    .cta_block_content picture{\n        position: absolute;\n        top: 0;\n        right: 0;\n        z-index: -1;\n        height: 100%;\n        overflow: hidden;\n        width: 100%;\n    }\n    .cta_block_content picture img{\n        object-fit: cover;\n        height: 100%;\n        width: 100%;\n    }\n    .cta_block .cta_block_content .ninja-forms-field{\n        background: #FFFFFF2F;\n        border: 1px solid #EEB315;\n        border-radius: 25px;\n        opacity: 1;\n        color: #ffffff;\n    }\n    .cta_block .cta_block_content .nf-form-content input[type=submit]{\n        background-color: #EEB315;\n        color: #292929;\n        text-align: center;\n        font: normal normal bold 14px\/20px Work Sans;\n        padding: 0 2em;\n    }\n\n    .cta_block ::placeholder{\n        color: white!important;\n        opacity: 1;\n    }\n\n    .cta_block_content::after {\n        height: 100%;\n        width: 100%;\n        content: \"\";\n        z-index: -1;\n        position: absolute;\n        top: 0;\n        background: #00000070;\n        right: 0;\n        left: 0;\n        bottom: 0;\n    }\n    #ha-cta-block, .cta_block_desc, .cta_block .nf-field-label, .cta_block .nf-error-msg {\n        filter: drop-shadow(1px 1px 8px black);\n    }\n\n\/*    .cta_block nf-rows-wrap {\n        display: flex;\n        justify-content: space-around;\n        flex-direction: row;\n    }*\/\n\n    .cta_block .nf-field-label {\n        display:none;\n    }\n\n    .cta_block .nf-error.field-wrap .nf-field-element::after {\n        border-radius: 50px;\n    }\n\n    .cta_block .nf-error-msg {\n        color: #fff;\n    }\n\n    .cta_block .nf-form-cont {\n        margin-top: 3em;\n        margin-bottom: 1em;\n    }\n\n    .wp-admin .cta_block_content{\n        display: none;\n    }\n    .cta_block .nf-form-fields-required {\n        display: none;\n    }\n    body:not(.wp-admin) .cta_block_admin {\n        display: none;\n    }\n<\/style>\n<div id=\"cta_block-block_d2bdd88f077904980f096681fa172207\" class=\"cta_block\">\n    <div class=\"cta_block_admin\" style=\"background-color: blue; color: white\">\n        Blok CTA\n    <\/div>\n    <div class=\"cta_block\">\n        <div class=\"cta_block_content\">   \n        <h3 id=\"ha-planujecie-wesele-w-lipcu\">Planujecie wesele w lipcu?<\/h3>\n                    <div class=\"cta_block_desc\">Ju\u017c dzi\u015b zarezerwujecie sal\u0119<br>na Wasze wymarzone przyj\u0119cie \u2665<\/div>\n                <noscript class=\"ninja-forms-noscript-message\">\n\tNotice: JavaScript is required for this content.<\/noscript>\n<div id=\"nf-form-3-cont\" class=\"nf-form-cont\" aria-live=\"polite\" aria-labelledby=\"nf-form-title-3\" aria-describedby=\"nf-form-errors-3\" role=\"form\">\n\n    <div class=\"nf-loading-spinner\"><\/div>\n\n<\/div>\n        <!-- That data is being printed as a workaround to page builders reordering the order of the scripts loaded-->\n        <script>var formDisplay=1;var nfForms=nfForms||[];var form=[];form.id='3';form.settings={\"objectType\":\"Form Setting\",\"editActive\":true,\"title\":\"Block CTA\",\"created_at\":\"2022-11-08 16:03:33\",\"default_label_pos\":\"above\",\"show_title\":0,\"clear_complete\":\"1\",\"hide_complete\":\"1\",\"logged_in\":\"\",\"wrapper_class\":\"\",\"element_class\":\"\",\"key\":\"\",\"add_submit\":\"0\",\"changeEmailErrorMsg\":\"Please enter a valid email address!\",\"changeDateErrorMsg\":\"Please enter a valid date!\",\"confirmFieldErrorMsg\":\"These fields must match!\",\"fieldNumberNumMinError\":\"Number Min Error\",\"fieldNumberNumMaxError\":\"Number Max Error\",\"fieldNumberIncrementBy\":\"Please increment by \",\"formErrorsCorrectErrors\":\"Please correct errors before submitting this form.\",\"validateRequiredField\":\"This is a required field.\",\"honeypotHoneypotError\":\"Honeypot Error\",\"fieldsMarkedRequired\":\"Fields marked with an <span class=\\\"ninja-forms-req-symbol\\\">*<\\\/span> are required\",\"currency\":\"\",\"repeatable_fieldsets\":\"\",\"unique_field_error\":\"Formularz z t\\u0105 warto\\u015bci\\u0105 zosta\\u0142 ju\\u017c przes\\u0142any.\",\"not_logged_in_msg\":\"\",\"sub_limit_msg\":\"Formularz osi\\u0105gn\\u0105\\u0142 limit wys\\u0142a\\u0144.\",\"calculations\":[],\"container_styles_show_advanced_css\":\"0\",\"title_styles_show_advanced_css\":\"0\",\"row_styles_show_advanced_css\":\"0\",\"row-odd_styles_show_advanced_css\":\"0\",\"success-msg_styles_show_advanced_css\":\"0\",\"error_msg_styles_show_advanced_css\":\"0\",\"formContentData\":[{\"order\":1,\"cells\":[{\"order\":0,\"fields\":[\"phone_1640098023980\"],\"width\":35},{\"order\":1,\"fields\":[\"adres_e-mail_1667919839452\"],\"width\":35},{\"order\":2,\"fields\":[\"zapisz_mnie_1667919853255\"],\"width\":30}]}],\"drawerDisabled\":false,\"conditions\":[],\"allow_public_link\":0,\"embed_form\":\"\",\"container_styles_border\":\"\",\"container_styles_height\":\"\",\"container_styles_margin\":\"\",\"container_styles_padding\":\"\",\"container_styles_float\":\"\",\"title_styles_border\":\"\",\"title_styles_height\":\"\",\"title_styles_width\":\"\",\"title_styles_font-size\":\"\",\"title_styles_margin\":\"\",\"title_styles_padding\":\"\",\"title_styles_float\":\"\",\"row_styles_border\":\"\",\"row_styles_width\":\"\",\"row_styles_font-size\":\"\",\"row_styles_margin\":\"\",\"row_styles_padding\":\"\",\"row-odd_styles_border\":\"\",\"row-odd_styles_height\":\"\",\"row-odd_styles_width\":\"\",\"row-odd_styles_font-size\":\"\",\"row-odd_styles_margin\":\"\",\"row-odd_styles_padding\":\"\",\"success-msg_styles_border\":\"\",\"success-msg_styles_height\":\"\",\"success-msg_styles_width\":\"\",\"success-msg_styles_font-size\":\"\",\"success-msg_styles_margin\":\"\",\"success-msg_styles_padding\":\"\",\"error_msg_styles_border\":\"\",\"error_msg_styles_width\":\"\",\"error_msg_styles_font-size\":\"\",\"error_msg_styles_margin\":\"\",\"error_msg_styles_padding\":\"\",\"form_title_heading_level\":\"3\",\"ninjaForms\":\"Ninja Forms\",\"fieldTextareaRTEInsertLink\":\"Insert Link\",\"fieldTextareaRTEInsertMedia\":\"Insert Media\",\"fieldTextareaRTESelectAFile\":\"Select a file\",\"formHoneypot\":\"If you are a human seeing this field, please leave it empty.\",\"fileUploadOldCodeFileUploadInProgress\":\"File Upload in Progress.\",\"fileUploadOldCodeFileUpload\":\"FILE UPLOAD\",\"currencySymbol\":\"&#36;\",\"thousands_sep\":\",\",\"decimal_point\":\".\",\"siteLocale\":\"en_GB\",\"dateFormat\":\"m\\\/d\\\/Y\",\"startOfWeek\":\"1\",\"of\":\"of\",\"previousMonth\":\"Previous Month\",\"nextMonth\":\"Next Month\",\"months\":[\"January\",\"February\",\"March\",\"April\",\"May\",\"June\",\"July\",\"August\",\"September\",\"October\",\"November\",\"December\"],\"monthsShort\":[\"Jan\",\"Feb\",\"Mar\",\"Apr\",\"May\",\"Jun\",\"Jul\",\"Aug\",\"Sep\",\"Oct\",\"Nov\",\"Dec\"],\"weekdays\":[\"Sunday\",\"Monday\",\"Tuesday\",\"Wednesday\",\"Thursday\",\"Friday\",\"Saturday\"],\"weekdaysShort\":[\"Sun\",\"Mon\",\"Tue\",\"Wed\",\"Thu\",\"Fri\",\"Sat\"],\"weekdaysMin\":[\"Su\",\"Mo\",\"Tu\",\"We\",\"Th\",\"Fr\",\"Sa\"],\"recaptchaConsentMissing\":\"reCaptcha validation couldn&#039;t load.\",\"recaptchaMissingCookie\":\"reCaptcha v3 validation couldn&#039;t load the cookie needed to submit the form.\",\"recaptchaConsentEvent\":\"Accept reCaptcha cookies before sending the form.\",\"currency_symbol\":\"\",\"beforeForm\":\"\",\"beforeFields\":\"\",\"afterFields\":\"\",\"afterForm\":\"\"};form.fields=[{\"objectType\":\"Field\",\"objectDomain\":\"fields\",\"editActive\":false,\"order\":1,\"idAttribute\":\"id\",\"type\":\"phone\",\"label\":\"Numer telefonu\",\"key\":\"phone_1640098023980\",\"label_pos\":\"above\",\"required\":1,\"default\":\"\",\"placeholder\":\"Numer telefonu\",\"container_class\":\"\",\"element_class\":\"\",\"input_limit\":\"\",\"input_limit_type\":\"characters\",\"input_limit_msg\":\"Liczba pozosta\\u0142ych znak\\u00f3w:\",\"manual_key\":\"\",\"admin_label\":\"\",\"help_text\":\"\",\"mask\":\"\",\"custom_mask\":\"\",\"custom_name_attribute\":\"phone\",\"personally_identifiable\":1,\"wrap_styles_border\":\"\",\"wrap_styles_width\":\"\",\"wrap_styles_margin\":\"\",\"wrap_styles_padding\":\"\",\"wrap_styles_float\":\"\",\"wrap_styles_show_advanced_css\":0,\"label_styles_border\":\"\",\"label_styles_width\":\"\",\"label_styles_font-size\":\"\",\"label_styles_margin\":\"\",\"label_styles_padding\":\"\",\"label_styles_float\":\"\",\"label_styles_show_advanced_css\":0,\"element_styles_border\":\"\",\"element_styles_width\":\"\",\"element_styles_font-size\":\"\",\"element_styles_margin\":\"\",\"element_styles_padding\":\"\",\"element_styles_float\":\"\",\"element_styles_show_advanced_css\":0,\"cellcid\":\"c3386\",\"value\":\"\",\"field_label\":\"Numer telefonu\",\"field_key\":\"phone_1640098023980\",\"drawerDisabled\":false,\"id\":8,\"beforeField\":\"\",\"afterField\":\"\",\"parentType\":\"textbox\",\"element_templates\":[\"tel\",\"textbox\",\"input\"],\"old_classname\":\"\",\"wrap_template\":\"wrap\"},{\"objectType\":\"Field\",\"objectDomain\":\"fields\",\"editActive\":false,\"order\":2,\"idAttribute\":\"id\",\"type\":\"email\",\"label\":\"Adres e-mail\",\"key\":\"adres_e-mail_1667919839452\",\"label_pos\":\"above\",\"required\":1,\"default\":\"\",\"placeholder\":\"Adres e-mail\",\"container_class\":\"\",\"element_class\":\"\",\"admin_label\":\"\",\"help_text\":\"\",\"custom_name_attribute\":\"email\",\"personally_identifiable\":1,\"wrap_styles_border\":\"\",\"wrap_styles_width\":\"\",\"wrap_styles_margin\":\"\",\"wrap_styles_padding\":\"\",\"wrap_styles_float\":\"\",\"wrap_styles_show_advanced_css\":0,\"label_styles_border\":\"\",\"label_styles_width\":\"\",\"label_styles_font-size\":\"\",\"label_styles_margin\":\"\",\"label_styles_padding\":\"\",\"label_styles_float\":\"\",\"label_styles_show_advanced_css\":0,\"element_styles_border\":\"\",\"element_styles_width\":\"\",\"element_styles_font-size\":\"\",\"element_styles_margin\":\"\",\"element_styles_padding\":\"\",\"element_styles_float\":\"\",\"element_styles_show_advanced_css\":0,\"cellcid\":\"c3389\",\"value\":\"\",\"drawerDisabled\":false,\"field_label\":\"E-mail\",\"field_key\":\"email_1640098026199\",\"id\":9,\"beforeField\":\"\",\"afterField\":\"\",\"parentType\":\"email\",\"element_templates\":[\"email\",\"input\"],\"old_classname\":\"\",\"wrap_template\":\"wrap\"},{\"objectType\":\"Field\",\"objectDomain\":\"fields\",\"editActive\":false,\"order\":3,\"idAttribute\":\"id\",\"type\":\"submit\",\"label\":\"Zapisz mnie\",\"processing_label\":\"W trakcie realizacji\",\"container_class\":\"\",\"element_class\":\"\",\"key\":\"zapisz_mnie_1667919853255\",\"wrap_styles_border\":\"\",\"wrap_styles_width\":\"\",\"wrap_styles_margin\":\"\",\"wrap_styles_padding\":\"\",\"wrap_styles_float\":\"\",\"wrap_styles_show_advanced_css\":0,\"element_styles_border\":\"\",\"element_styles_width\":\"\",\"element_styles_font-size\":\"\",\"element_styles_margin\":\"\",\"element_styles_padding\":\"\",\"element_styles_float\":\"\",\"element_styles_show_advanced_css\":0,\"submit_element_hover_styles_border\":\"\",\"submit_element_hover_styles_width\":\"\",\"submit_element_hover_styles_font-size\":\"\",\"submit_element_hover_styles_margin\":\"\",\"submit_element_hover_styles_padding\":\"\",\"submit_element_hover_styles_float\":\"\",\"submit_element_hover_styles_show_advanced_css\":0,\"cellcid\":\"c3391\",\"drawerDisabled\":false,\"field_label\":\"Zamawiam rozmow\\u0119\",\"field_key\":\"zamawiam_rozmowe_1640098067453\",\"id\":10,\"beforeField\":\"\",\"afterField\":\"\",\"value\":\"\",\"label_pos\":\"above\",\"parentType\":\"textbox\",\"element_templates\":[\"submit\",\"button\",\"input\"],\"old_classname\":\"\",\"wrap_template\":\"wrap-no-label\"}];nfForms.push(form);<\/script>\n                <script id=\"nf-tmpl-cell\" type=\"text\/template\">\n            <nf-fields><\/nf-fields>\n        <\/script>\n\n        <script id=\"nf-tmpl-row\" type=\"text\/template\">\n            <nf-cells><\/nf-cells>\n        <\/script>\n\n                <img loading=\"lazy\" decoding=\"async\" width=\"1500\" height=\"705\" src=\"https:\/\/www.koronakarkonoszy.pl\/blog\/wp-content\/uploads\/2022\/06\/Dwor-Korona-Karkonoszy.jpg\" class=\"attachment-full size-full\" alt=\"\" srcset=\"https:\/\/www.koronakarkonoszy.pl\/blog\/wp-content\/uploads\/2022\/06\/Dwor-Korona-Karkonoszy.jpg 1500w, https:\/\/www.koronakarkonoszy.pl\/blog\/wp-content\/uploads\/2022\/06\/Dwor-Korona-Karkonoszy-300x141.jpg 300w, https:\/\/www.koronakarkonoszy.pl\/blog\/wp-content\/uploads\/2022\/06\/Dwor-Korona-Karkonoszy-1024x481.jpg 1024w, https:\/\/www.koronakarkonoszy.pl\/blog\/wp-content\/uploads\/2022\/06\/Dwor-Korona-Karkonoszy-768x361.jpg 768w\" sizes=\"auto, (max-width: 1500px) 100vw, 1500px\" \/>        <\/div> \n    <\/div>\n<\/div>\n\n\n\n<p><a href=\"https:\/\/www.koronakarkonoszy.pl\/blog\/motywy-przewodnie-wesela\/\" target=\"_blank\" rel=\"noreferrer noopener\">Motyw przewodni<\/a> wesela przyj\u0119cia warto okre\u015bli\u0107, zanim wybierzemy sal\u0119 weseln\u0105. Dlaczego? Bo na wiejsk\u0105 pota\u0144c\u00f3wk\u0119 b\u0119dzie pasowa\u0107 karczma z drewnianych bali, a na wystawny bal <a href=\"https:\/\/www.koronakarkonoszy.pl\/blog\/wesele-i-slub-w-stylu-glamour\/\" target=\"_blank\" rel=\"noreferrer noopener\">w stylu glamour<\/a> elegancka sala balowa z kryszta\u0142owymi \u017cyrandolami i b\u0142yszcz\u0105cymi dekoracjami. Dopasowanie sali do motywu weselnego u\u0142atwi przygotowanie sp\u00f3jnej, estetycznej aran\u017cacji. Pozwoli stworzy\u0107 niesamowity, wyj\u0105tkowo romantyczny \u015bwiat, kt\u00f3ry oczaruje go\u015bci i wprawi ich w wy\u015bmienite nastroje. Jaki motyw przewodni pasuje do wesela w lipcu? I jakie kwiaty sezonowe w lipcu warto wykorzysta\u0107?<\/p>\n\n\n<section id=\"leonardo-block_9f43f8f3b080eb09144f9ae7803657d9\" class=\"leonardo page-breaker leonardo-image-left\">\r\n    <div class=\"leonardo-body\">\r\n        <h2 class=\"leonardo-title\" id=\"h-motyw-przewodni-wesela-a-slub-na-co-postawic\">Motyw przewodni wesela a \u015blub \u2013 na co postawi\u0107?<\/h2>        <div class=\"leonardo-content\"><p><!-- wp:heading --><\/p>\n<p><strong>Ustalanie motywu przewodniego na weselu jest coraz bardziej popularn\u0105 praktyk\u0105<\/strong>. Para M\u0142oda ch\u0119tnie dzieli si\u0119 z go\u015b\u0107mi swoimi oczekiwaniami oraz planami. Co jednak ze \u015blubem? Takie pytanie pojawia si\u0119 przede wszystkim przy okazji \u015blubu ko\u015bcielnego. Czy tutaj r\u00f3wnie\u017c powinni\u015bmy zachowa\u0107 motyw przewodni z wesela?<\/p>\n<p><!-- \/wp:paragraph --> <!-- wp:paragraph --><\/p>\n<p>To zale\u017cy od Pary M\u0142odej. Jednak, je\u017celi maj\u0105 oni \u015blub w ko\u015bciele, a motyw przewodni wesela nie jest sprzeczny z ich wiar\u0105, rozci\u0105gni\u0119cie motywu przewodniego to doskona\u0142y pomys\u0142. Mo\u017cna w\u00f3wczas postawi\u0107 na pe\u0142n\u0105 sp\u00f3jno\u015b\u0107. Ka\u017cdy go\u015b\u0107 weselny, kt\u00f3ry zauwa\u017cy dekoracje, doceni z pewno\u015bci\u0105 starania m\u0142odych oraz os\u00f3b odpowiedzialnych za dekoracje. Wyb\u00f3r kwiat\u00f3w sezonowych jako elementu motywu przewodniego doskonale wpasuje si\u0119 do wn\u0119trza ka\u017cdego ko\u015bcio\u0142a, tym bardziej, \u017ce letni \u015blub i mnogo\u015b\u0107 pi\u0119knych kwiat\u00f3w zdecydowanie id\u0105 ze sob\u0105 w parze.<\/p>\n<p><!-- \/wp:paragraph --> <!-- wp:paragraph --><\/p>\n<p>W przypadku \u015blubu cywilnego lub humanistycznego tym bardziej dobrze wygl\u0105da, je\u017celi jest on sp\u00f3jny z przyj\u0119ciem weselnym. W\u00f3wczas Para M\u0142oda ma znacznie wi\u0119ksze pole do manewrowania ozdobami, mog\u0105 one znajdowa\u0107 si\u0119 nie tylko przy nich, ale r\u00f3wnie\u017c ka\u017cde krzes\u0142o go\u015bci mo\u017ce by\u0107 odpowiednio ozdobione. Lipiec to miesi\u0105c kwitnienia wielu gatunk\u00f3w, najlepszy czas na kwiaty, ro\u015bliny, a nawet drzewa, kwiaty ci\u0119te i kwiaty polne &#8211; jako dekoracje sprawdz\u0105 si\u0119 doskonale.<\/p>\n<p><!-- \/wp:paragraph --> <!-- wp:paragraph --><\/p>\n<p>Szczeg\u00f3lnie w lipcu, kiedy wszystkie ro\u015bliny prze\u017cywaj\u0105 pe\u0142ni\u0119 swojego pi\u0119kna robi to niesamowite wra\u017cenie. Mo\u017cna zauwa\u017cy\u0107, \u017ce wiele os\u00f3b ch\u0119tniej przystraja wesele w ustalone wcze\u015bniej dekoracje w lipcu ni\u017c kiedykolwiek w roku. Jest to miesi\u0105c, w kt\u00f3rym kr\u00f3luj\u0105 motywy przewodnie \u015blub\u00f3w oraz wesel. Nie brakuje oczywi\u015bcie pi\u0119knych kwiat\u00f3w.<\/p>\n<p><!-- \/wp:paragraph --><\/p>\n<\/div>\r\n            <\/div>\r\n    <div class=\"leonardo-image\">\r\n        <img loading=\"lazy\" decoding=\"async\" width=\"836\" height=\"836\" src=\"https:\/\/www.koronakarkonoszy.pl\/blog\/wp-content\/uploads\/2021\/10\/fotobudka-na-wesele1.jpg\" class=\"attachment-full size-full\" alt=\"jak wybra\u0107 fotografa weselnego?\" srcset=\"https:\/\/www.koronakarkonoszy.pl\/blog\/wp-content\/uploads\/2021\/10\/fotobudka-na-wesele1.jpg 836w, https:\/\/www.koronakarkonoszy.pl\/blog\/wp-content\/uploads\/2021\/10\/fotobudka-na-wesele1-300x300.jpg 300w, https:\/\/www.koronakarkonoszy.pl\/blog\/wp-content\/uploads\/2021\/10\/fotobudka-na-wesele1-150x150.jpg 150w, https:\/\/www.koronakarkonoszy.pl\/blog\/wp-content\/uploads\/2021\/10\/fotobudka-na-wesele1-768x768.jpg 768w\" sizes=\"auto, (max-width: 836px) 100vw, 836px\" \/>            <\/div>\r\n<\/section>\n\n\n<h3 class=\"wp-block-heading\" id=\"h-lub-w-lipcu-i-wesele-w-pastelowych-barwach\">\u015alub w lipcu i wesele w pastelowych barwach &#8211; kwiaty sezonowe w lipcu<\/h3>\n\n\n\n<p>Delikatne kwiaty w eleganckich, szklanych wazonach, nastrojowe \u015bwiece, subtelne obrusy, haftowane serwetki, eleganckie dekoracje z akcentami w wybranym kolorze \u2013 ka\u017cdy z nas potrafi wyobrazi\u0107 sobie, jak powinna wygl\u0105da\u0107 idealna aran\u017cacja wesela i niezapomniany \u015blub w lipcu. Powinny kr\u00f3lowa\u0107 w niej romantyczno\u015b\u0107 i magia oraz najlepiej kwiaty sezonowe. <\/p>\n\n\n\n<p>Jednak nawet najpi\u0119kniejsze ozdoby nie stworz\u0105 na sali weselnej pi\u0119knego wystroju, je\u015bli nie b\u0119d\u0105 mia\u0142y czego\u015b wsp\u00f3lnego. Czego\u015b, co je po\u0142\u0105czy i nada estetyczny charakter. Jak stworzy\u0107 sp\u00f3jn\u0105 aran\u017cacj\u0119? Dobrym pomys\u0142em jest wykorzystanie wybranego koloru lub gatunku ro\u015blin, dlatego warto postawi\u0107 na popularne kwiaty sezonowe. Z powodzeniem sprawdzi si\u0119 go\u017adzik brodaty, jak i lwia paszcza, strza\u0142em w dziesi\u0105tk\u0119 mo\u017ce si\u0119 tak\u017ce okaza\u0107 pozostawienie na r\u00f3\u017c\u0119 eustom\u0119.<\/p>\n\n\n<section id=\"leonardo-block_2ad6749238d57f0635cc962859fee773\" class=\"leonardo page-breaker leonardo-image-right\">\r\n    <div class=\"leonardo-body\">\r\n        <h2 class=\"leonardo-title\" id=\"h-pastele-na-weselu-kwiaty-sezonowe-na-wesele\">Pastele na weselu &#8211; kwiaty sezonowe na wesele<\/h2>        <div class=\"leonardo-content\"><p data-pm-slice=\"1 1 []\">Na letnie wesele warto postawi\u0107 na delikatno\u015b\u0107. Zw\u0142aszcza, \u017ce w weselnych aran\u017cacjach od lat rz\u0105dz\u0105 pastele. Mi\u0119ta, subtelny \u017c\u00f3\u0142ty, pudrowy r\u00f3\u017c, soczysta brzoskwinia, b\u0142\u0119kit, jasna ziele\u0144 \u2013 pastelowe barwy to kwintesencja zmys\u0142owo\u015bci i romantyczno\u015bci. Optymalnym rozwi\u0105zaniem b\u0119dzie wykorzystanie dw\u00f3ch, maksymalnie trzech barw, kt\u00f3re b\u0119d\u0105 stanowi\u0107 podstaw\u0119 weselnej aran\u017cacji. Mo\u017cna ograniczy\u0107 si\u0119 r\u00f3wnie\u017c do jednego koloru i zastosowa\u0107 jego r\u00f3\u017cne odcienie. Na wakacyjnym, <a href=\"https:\/\/www.koronakarkonoszy.pl\/blog\/pastelowe-wesele\/\" target=\"_blank\" rel=\"noreferrer noopener\">pastelowym weselu<\/a> nie mo\u017ce zabrakn\u0105\u0107 orze\u017awiaj\u0105cych lod\u00f3w w kolorach t\u0119czy i ch\u0142odnych, wielobarwnych drink\u00f3w. Idealnie wpisz\u0105 si\u0119 w charakter letniego przyj\u0119cia.<\/p>\n<\/div>\r\n                    <aside class=\"leonardo-interlink\">\r\n                <b>Polecamy<\/b>\r\n                <a href=\"https:\/\/www.koronakarkonoszy.pl\/blog\/en\/slub-jelenia-gora\/\">\u015alub Jelenia G\u00f3ra \u2013 sielska ceremonia w stolicy Karkonoszy<\/a>\r\n            <\/aside>\r\n            <\/div>\r\n    <div class=\"leonardo-image\">\r\n        <img loading=\"lazy\" decoding=\"async\" width=\"1094\" height=\"730\" src=\"https:\/\/www.koronakarkonoszy.pl\/blog\/wp-content\/uploads\/2021\/08\/wesele-na-swiezym-powietrzu.jpg\" class=\"attachment-full size-full\" alt=\"\" srcset=\"https:\/\/www.koronakarkonoszy.pl\/blog\/wp-content\/uploads\/2021\/08\/wesele-na-swiezym-powietrzu.jpg 1094w, https:\/\/www.koronakarkonoszy.pl\/blog\/wp-content\/uploads\/2021\/08\/wesele-na-swiezym-powietrzu-300x200.jpg 300w, https:\/\/www.koronakarkonoszy.pl\/blog\/wp-content\/uploads\/2021\/08\/wesele-na-swiezym-powietrzu-1024x683.jpg 1024w, https:\/\/www.koronakarkonoszy.pl\/blog\/wp-content\/uploads\/2021\/08\/wesele-na-swiezym-powietrzu-768x512.jpg 768w\" sizes=\"auto, (max-width: 1094px) 100vw, 1094px\" \/>            <\/div>\r\n<\/section>\n\n\n<p>W przypadku zdecydowania si\u0119 na konkretne barwy, nie jest konieczne dok\u0142adanie kolejnych element\u00f3w motywu przewodniego. Dobrym rozwi\u0105zaniem jest poinformowanie go\u015bci, \u017ce wesele b\u0119dzie utrzymane w pastelach. W\u00f3wczas kobiety ch\u0119tnie skorzystaj\u0105 z drobnej sugestii co do wyboru sukni oraz postawi\u0105 na tak\u0105, kt\u00f3ra wpasuje si\u0119 w wystr\u00f3j.<\/p>\n\n\n\n<p>Takie wesele, pe\u0142ne romantyzmu oraz wyj\u0105tkowo pi\u0119knych dekoracji z pewno\u015bci\u0105 zago\u015bci we wspomnieniach wszystkich na d\u0142ugi czas. Po\u0142\u0105czenie pi\u0119kna przyrody z ozdobami w romantycznym stylu zapewni\u0105 sukces ka\u017cdego przyj\u0119cia, jakie b\u0119dzie organizowane po lipcowym \u015blubie.<\/p>\n\n\n\n<figure class=\"wp-block-image size-large\"><img loading=\"lazy\" decoding=\"async\" width=\"1024\" height=\"685\" src=\"https:\/\/www.koronakarkonoszy.pl\/blog\/wp-content\/uploads\/2021\/10\/katelyn-macmillan-5VhSc5jCA2g-unsplash-1024x685.jpg\" alt=\"\" class=\"wp-image-7971\" srcset=\"https:\/\/www.koronakarkonoszy.pl\/blog\/wp-content\/uploads\/2021\/10\/katelyn-macmillan-5VhSc5jCA2g-unsplash-1024x685.jpg 1024w, https:\/\/www.koronakarkonoszy.pl\/blog\/wp-content\/uploads\/2021\/10\/katelyn-macmillan-5VhSc5jCA2g-unsplash-300x201.jpg 300w, https:\/\/www.koronakarkonoszy.pl\/blog\/wp-content\/uploads\/2021\/10\/katelyn-macmillan-5VhSc5jCA2g-unsplash-768x514.jpg 768w, https:\/\/www.koronakarkonoszy.pl\/blog\/wp-content\/uploads\/2021\/10\/katelyn-macmillan-5VhSc5jCA2g-unsplash-1920x1285.jpg 1920w, https:\/\/www.koronakarkonoszy.pl\/blog\/wp-content\/uploads\/2021\/10\/katelyn-macmillan-5VhSc5jCA2g-unsplash-1536x1028.jpg 1536w, https:\/\/www.koronakarkonoszy.pl\/blog\/wp-content\/uploads\/2021\/10\/katelyn-macmillan-5VhSc5jCA2g-unsplash-2048x1371.jpg 2048w, https:\/\/www.koronakarkonoszy.pl\/blog\/wp-content\/uploads\/2021\/10\/katelyn-macmillan-5VhSc5jCA2g-unsplash-18x12.jpg 18w\" sizes=\"auto, (max-width: 1024px) 100vw, 1024px\" \/><figcaption class=\"wp-element-caption\"><strong>Druhny na weselu <\/strong><\/figcaption><\/figure>\n\n\n\n<h3 class=\"wp-block-heading\" id=\"ha-kwiaty-na-slub-co-kwitnie-w-lipcu\">Kwiaty na \u015blub \u2013 co kwitnie w lipcu?<\/h3>\n\n\n\n<p>Kwiaty s\u0105 nieod\u0142\u0105cznym elementem niemal ka\u017cdego \u015blubu i wesela. <strong>Bukiet \u015blubny<\/strong> to ju\u017c tradycyjny atrybut Panny M\u0142odej. Zwykle jest starannie dobierany do sukni \u015blubnej i motywu przewodniego ca\u0142ego wesela. Wybieraj\u0105c kwiaty na wesele w lipcu, warto rozwa\u017cy\u0107 te tradycyjne, kt\u00f3re w\u0142a\u015bnie wtedy bujnie kwitn\u0105. <strong>Pi\u0119kne s\u0142oneczniki <\/strong>zawsze stanowi\u0105 wspania\u0142\u0105 opraw\u0119 \u015blubn\u0105. Na widok ich u\u015bmiechni\u0119tych \u201etwarzyczek\u201d ka\u017cdemu poprawia si\u0119 humor.&nbsp;<\/p>\n\n\n\n<figure class=\"wp-block-image size-large is-resized\"><img loading=\"lazy\" decoding=\"async\" width=\"1024\" height=\"687\" src=\"https:\/\/www.koronakarkonoszy.pl\/blog\/wp-content\/uploads\/2021\/10\/ivan-cabanas-E2nk5pNJ1g-unsplash-1024x687.jpg\" alt=\"\" class=\"wp-image-7970\" style=\"width:840px;height:563px\" srcset=\"https:\/\/www.koronakarkonoszy.pl\/blog\/wp-content\/uploads\/2021\/10\/ivan-cabanas-E2nk5pNJ1g-unsplash-1024x687.jpg 1024w, https:\/\/www.koronakarkonoszy.pl\/blog\/wp-content\/uploads\/2021\/10\/ivan-cabanas-E2nk5pNJ1g-unsplash-300x201.jpg 300w, https:\/\/www.koronakarkonoszy.pl\/blog\/wp-content\/uploads\/2021\/10\/ivan-cabanas-E2nk5pNJ1g-unsplash-768x515.jpg 768w, https:\/\/www.koronakarkonoszy.pl\/blog\/wp-content\/uploads\/2021\/10\/ivan-cabanas-E2nk5pNJ1g-unsplash-1536x1030.jpg 1536w, https:\/\/www.koronakarkonoszy.pl\/blog\/wp-content\/uploads\/2021\/10\/ivan-cabanas-E2nk5pNJ1g-unsplash-18x12.jpg 18w, https:\/\/www.koronakarkonoszy.pl\/blog\/wp-content\/uploads\/2021\/10\/ivan-cabanas-E2nk5pNJ1g-unsplash.jpg 1920w\" sizes=\"auto, (max-width: 1024px) 100vw, 1024px\" \/><figcaption class=\"wp-element-caption\"><strong>Wesele w lipcu, sesja zdj\u0119ciowa <\/strong><\/figcaption><\/figure>\n\n\n\n<p>Inne kwiaty, kt\u00f3re kwitn\u0105 w\u0142a\u015bnie w lipcu, to na przyk\u0142ad kosmosy, nazywane te\u017c on\u0119tkami albo pon\u0119tkami. Zwiewne niczym suknia Panny M\u0142odej, eteryczne, wysokie (nawet do metra!) \u2013 ich niebanalny urok na pewno wzbudzi zachwyt go\u015bci. A jakie <a href=\"https:\/\/www.koronakarkonoszy.pl\/blog\/kwiaty-na-stoly-weselne\/\" target=\"_blank\" rel=\"noreferrer noopener\">kwiaty na sto\u0142y weselne<\/a>? Do ozd\u00f3b weselnych mo\u017cna te\u017c wykorzysta\u0107 kwitn\u0105ce w ogrodzie hortensje. Ich szerokie, r\u00f3\u017cowe, bia\u0142e czy fioletowe bukiety zjawiskowo wygl\u0105da\u0142yby na sto\u0142ach. Dalie i mieczyki oraz lilie to kolejne lipcowe pi\u0119kno\u015bci, kt\u00f3re zachwycaj\u0105 swym subtelnym urokiem. <\/p>\n\n\n\n<p>Na weselu w lipcu w pastelowych barwach nie mo\u017ce zabrakn\u0105\u0107 pi\u0119knych, sezonowych kwiat\u00f3w. Lipiec to doskona\u0142y moment na wykorzystanie aksamitek, go\u017adzik\u00f3w, nasturcji, dzwonk\u00f3w czy frezji. Znakomicie sprawdz\u0105 si\u0119 te\u017c r\u00f3\u017ce, kt\u00f3re zachwycaj\u0105 swoim niepowtarzalnym, wyj\u0105tkowo subtelnym wygl\u0105dem przez ca\u0142y rok. Oczywi\u015bcie w kwiaciarniach w tym czasie znajdziemy du\u017co wi\u0119kszy wyb\u00f3r kwiat\u00f3w i z pewno\u015bci\u0105 b\u0119d\u0105 tam takie, kt\u00f3re lubimy i kt\u00f3re b\u0119d\u0105 pasowa\u0107 do naszej aran\u017cacji. <\/p>\n\n\n<section id=\"leonardo-block_da4c46570843c18e7f6413eddc5ff2c4\" class=\"leonardo page-breaker leonardo-image-left\">\r\n    <div class=\"leonardo-body\">\r\n        <h2 class=\"leonardo-title\" id=\"h-bukiet-panny-mlodej-kwiaty-sezonowe-na-slub-i-wesele\">Bukiet Panny M\u0142odej &#8211; kwiaty sezonowe na \u015blub i wesele<\/h2>        <div class=\"leonardo-content\"><p>Zdecydowanie warto tutaj wykorzysta\u0107 fakt, \u017ce latem jest najwi\u0119kszy wyb\u00f3r \u017cywych kwiat\u00f3w. Mo\u017cna dobiera\u0107 bukiet do preferencji Panny M\u0142odej, motywu przewodniego wesela czy kreacji. Niezale\u017cnie od wyboru kolor\u00f3w, z pewno\u015bci\u0105 warto postawi\u0107 na \u017cywe kwiaty. Jest to niepowtarzalna okazja na posiadanie pi\u0119knego bukietu.<\/p>\n<p>Je\u017celi Panna M\u0142oda ma bukiet z \u017cywych kwiat\u00f3w, warto go p\u00f3\u017aniej zasuszy\u0107. Mo\u017cna skorzysta\u0107 z domowych metod oraz zachowa\u0107 bukiet na d\u0142ugie lata. Jednak ciekaw\u0105 opcj\u0105 jest skorzystanie z us\u0142ug profesjonalist\u00f3w. Coraz bardziej popularn\u0105 us\u0142ug\u0105 jest suszenie bukiet\u00f3w \u015blubnych w postaci pami\u0105tek.<\/p>\n<\/div>\r\n                    <aside class=\"leonardo-interlink\">\r\n                <b>Polecamy<\/b>\r\n                <a href=\"https:\/\/www.koronakarkonoszy.pl\/blog\/en\/4-pory-roku-czyli-sezon-weselny-non-stop\/\">4 pory roku, czyli sezon weselny non stop<\/a>\r\n            <\/aside>\r\n            <\/div>\r\n    <div class=\"leonardo-image\">\r\n        <img loading=\"lazy\" decoding=\"async\" width=\"960\" height=\"640\" src=\"https:\/\/www.koronakarkonoszy.pl\/blog\/wp-content\/uploads\/2021\/10\/wesele-w-lipcu1.jpg\" class=\"attachment-full size-full\" alt=\"\" srcset=\"https:\/\/www.koronakarkonoszy.pl\/blog\/wp-content\/uploads\/2021\/10\/wesele-w-lipcu1.jpg 960w, https:\/\/www.koronakarkonoszy.pl\/blog\/wp-content\/uploads\/2021\/10\/wesele-w-lipcu1-300x200.jpg 300w, https:\/\/www.koronakarkonoszy.pl\/blog\/wp-content\/uploads\/2021\/10\/wesele-w-lipcu1-768x512.jpg 768w\" sizes=\"auto, (max-width: 960px) 100vw, 960px\" \/>            <\/div>\r\n<\/section>\n\n\n<p>W zale\u017cno\u015bci od upodoba\u0144 Panny M\u0142odej, bukiet \u015blubny mo\u017ce zosta\u0107 zamkni\u0119ty w niezmienionej formie, albo w bransoletce, naszyjniku lub innym elemencie, kt\u00f3ry b\u0119dzie przypomina\u0142 o tym specjalnym dniu. W\u00f3wczas mo\u017cna bardzo cz\u0119sto wspomina\u0107 dzie\u0144, kt\u00f3ry by\u0142 pocz\u0105tkiem nowej przygody w \u017cyciu.<\/p>\n\n\n\n<figure class=\"wp-block-image size-large\"><img loading=\"lazy\" decoding=\"async\" width=\"1024\" height=\"683\" src=\"https:\/\/www.koronakarkonoszy.pl\/blog\/wp-content\/uploads\/2021\/10\/nikki-gibson-4ExHGkN7fzQ-unsplash-1024x683.jpg\" alt=\"\" class=\"wp-image-7978\" srcset=\"https:\/\/www.koronakarkonoszy.pl\/blog\/wp-content\/uploads\/2021\/10\/nikki-gibson-4ExHGkN7fzQ-unsplash-1024x683.jpg 1024w, https:\/\/www.koronakarkonoszy.pl\/blog\/wp-content\/uploads\/2021\/10\/nikki-gibson-4ExHGkN7fzQ-unsplash-300x200.jpg 300w, https:\/\/www.koronakarkonoszy.pl\/blog\/wp-content\/uploads\/2021\/10\/nikki-gibson-4ExHGkN7fzQ-unsplash-768x512.jpg 768w, https:\/\/www.koronakarkonoszy.pl\/blog\/wp-content\/uploads\/2021\/10\/nikki-gibson-4ExHGkN7fzQ-unsplash-1536x1024.jpg 1536w, https:\/\/www.koronakarkonoszy.pl\/blog\/wp-content\/uploads\/2021\/10\/nikki-gibson-4ExHGkN7fzQ-unsplash-18x12.jpg 18w, https:\/\/www.koronakarkonoszy.pl\/blog\/wp-content\/uploads\/2021\/10\/nikki-gibson-4ExHGkN7fzQ-unsplash.jpg 1920w\" sizes=\"auto, (max-width: 1024px) 100vw, 1024px\" \/><figcaption class=\"wp-element-caption\"><strong>Bukiet \u015blubny <\/strong><\/figcaption><\/figure>\n\n\n\n<h3 class=\"wp-block-heading\" id=\"h-wesele-w-lipcu-w-wakacyjnym-wydaniu\">Wesele w lipcu w wakacyjnym wydaniu<\/h3>\n\n\n\n<p>Styl rustykalny (inspirowany natur\u0105, r\u0119kodzie\u0142em, wsi\u0105) to doskona\u0142y motyw przewodni na wesele w lipcu. W rustykalnych aran\u017cacjach kr\u00f3luje prostota formy, subtelno\u015b\u0107 i stonowane, naturalne barwy ziemi \u2013 czyli ziele\u0144, be\u017ce, biel i br\u0105zy. Delikatno\u015b\u0107 rustykalnej aran\u017cacji idealnie wpisuje si\u0119 w romantyczn\u0105 aur\u0119 \u015blubu i wesela.<\/p>\n\n\n\n<figure class=\"wp-block-image size-full\"><img loading=\"lazy\" decoding=\"async\" width=\"800\" height=\"534\" src=\"https:\/\/www.koronakarkonoszy.pl\/blog\/wp-content\/uploads\/2021\/07\/slub_w_ogrodzie__3_.jpg\" alt=\"\u015blub w plenerze\" class=\"wp-image-828\" srcset=\"https:\/\/www.koronakarkonoszy.pl\/blog\/wp-content\/uploads\/2021\/07\/slub_w_ogrodzie__3_.jpg 800w, https:\/\/www.koronakarkonoszy.pl\/blog\/wp-content\/uploads\/2021\/07\/slub_w_ogrodzie__3_-300x200.jpg 300w, https:\/\/www.koronakarkonoszy.pl\/blog\/wp-content\/uploads\/2021\/07\/slub_w_ogrodzie__3_-768x513.jpg 768w\" sizes=\"auto, (max-width: 800px) 100vw, 800px\" \/><figcaption class=\"wp-element-caption\"><strong>\u015alub w ogrodzie,<\/strong> <strong><a href=\"https:\/\/www.koronakarkonoszy.pl\/wesele\/\" target=\"_blank\" rel=\"noreferrer noopener\">Dw\u00f3r Korona Karkonoszy<\/a>, Sosn\u00f3wka k. Karpacza <\/strong><\/figcaption><\/figure>\n\n\n\n<p>Tern styl to doskona\u0142e rozwi\u0105zanie na wakacyjny <a href=\"https:\/\/www.koronakarkonoszy.pl\/blog\/wszystko-co-musisz-wiedziec-o-slubach-w-plenerze\/\" target=\"_blank\" rel=\"noreferrer noopener\">\u015blub w plenerze<\/a> lub w namiocie. W wystroju powinny znale\u017a\u0107 si\u0119 subtelne ga\u0142\u0105zki, \u015bwiece, haftowane serwetki, delikatne polne i typowo wiejskie kwiaty (malwy, aksamitki, maciejki) oraz drewniane elementy w r\u00f3\u017cnych formach. Para M\u0142oda mo\u017ce pokusi\u0107 si\u0119 o rustykalne kreacje. Idealn\u0105 stylizacj\u0105 dla Panny M\u0142odej b\u0119dzie zwiewna sukienka zdobiona koronk\u0105 lub falbanami. Dope\u0142nieniem \u015blubnej kreacji b\u0119d\u0105 lu\u017ane fale lub elegancki warkocz, wianek zamiast welonu i bukiet z polnych kwiat\u00f3w. Pan M\u0142ody mo\u017ce w\u0142o\u017cy\u0107 garnitur w jasnobr\u0105zowym lub szarym kolorze.<\/p>\n\n\n\n<p>Wa\u017cne jest wzajemne dopasowanie si\u0119 Pary M\u0142odej. Je\u017celi Panna M\u0142oda decyduje si\u0119 na zwiewn\u0105, letni\u0105 sukienk\u0119 w stylu boho, Pan M\u0142ody powinien postawi\u0107 na garnitur w podobnym stylu. W ten spos\u00f3b zakochani s\u0105 do siebie dopasowani pod k\u0105tem tematycznym oraz doskonale wygl\u0105daj\u0105 razem na zdj\u0119ciach oraz podczas przyj\u0119cia.<\/p>\n\n\n<section id=\"leonardo-block_a736a87797ce859aafb1eeafe2dfd412\" class=\"leonardo page-breaker leonardo-image-right\">\r\n    <div class=\"leonardo-body\">\r\n                <div class=\"leonardo-content\"><p>\u015alub w lipcu to doskona\u0142y czas na organizacj\u0119 wiejskiej biesiady ze swojskim jad\u0142em, regionalnym piwem, a tak\u017ce taneczn\u0105, skoczn\u0105 muzyk\u0105 przygrywan\u0105 przez tradycyjny zesp\u00f3\u0142 weselny. Na wiejskim weselu nie mo\u017ce zabrakn\u0105\u0107 wodzireja, kt\u00f3ry porwie weselnik\u00f3w do zabawy i zapewni im pot\u0119\u017cn\u0105 dawk\u0119 \u015bmiechu. Na sali warto umie\u015bci\u0107 <a href=\"https:\/\/www.koronakarkonoszy.pl\/blog\/stol-wiejski-na-weselu\/\" target=\"_blank\" rel=\"noopener\">st\u00f3\u0142 wiejski<\/a> z regionalnymi kie\u0142basami i mi\u0119sami, trunkami domowej roboty i innymi smako\u0142ykami.Weseln\u0105 aran\u017cacj\u0119 powinny dope\u0142ni\u0107 odpowiednie dekoracje. Balony w wybranym kolorze, drewno w najr\u00f3\u017cniejszych postaciach, sezonowe kwiaty i zielone akcenty \u2013 starannie dobrane ozdoby stworz\u0105 na sali weselnej niepowtarzalny, magiczny klimat.<\/p>\n<\/div>\r\n                    <aside class=\"leonardo-interlink\">\r\n                <b>Polecamy<\/b>\r\n                <a href=\"https:\/\/www.koronakarkonoszy.pl\/blog\/en\/slub-w-lipcu\/\"><\/a>\r\n            <\/aside>\r\n            <\/div>\r\n    <div class=\"leonardo-image\">\r\n        <img loading=\"lazy\" decoding=\"async\" width=\"1280\" height=\"847\" src=\"https:\/\/www.koronakarkonoszy.pl\/blog\/wp-content\/uploads\/2022\/03\/charcuterie-338498_1280.jpg\" class=\"attachment-full size-full\" alt=\"st\u00f3\u0142 wiejski na weselu: inspiracje\" srcset=\"https:\/\/www.koronakarkonoszy.pl\/blog\/wp-content\/uploads\/2022\/03\/charcuterie-338498_1280.jpg 1280w, https:\/\/www.koronakarkonoszy.pl\/blog\/wp-content\/uploads\/2022\/03\/charcuterie-338498_1280-300x199.jpg 300w, https:\/\/www.koronakarkonoszy.pl\/blog\/wp-content\/uploads\/2022\/03\/charcuterie-338498_1280-1024x678.jpg 1024w, https:\/\/www.koronakarkonoszy.pl\/blog\/wp-content\/uploads\/2022\/03\/charcuterie-338498_1280-768x508.jpg 768w\" sizes=\"auto, (max-width: 1280px) 100vw, 1280px\" \/>            <\/div>\r\n<\/section>\n\n\n<h3 class=\"wp-block-heading\" id=\"ha-elegancki-slub-w-lipcu\">Elegancki \u015blub w lipcu<\/h3>\n\n\n\n<p>W opozycji do wesela w wiejskim, biesiadnym stylu stoi takie, kt\u00f3re urz\u0105dzone jest niezwykle elegancko oraz wystawnie. <a href=\"https:\/\/www.koronakarkonoszy.pl\/blog\/eleganckie-wesele-jak-to-osiagnac\/\" target=\"_blank\" rel=\"noreferrer noopener\">Eleganckie wesele<\/a> &#8211; tutaj M\u0142oda Para stawia na klasyczne kolory oraz kroje stroj\u00f3w. U Panny M\u0142odej doskonale sprawdzi si\u0119 delikatnie rozkloszowana, g\u0142adka suknia \u015blubna. Idealnie wsp\u00f3\u0142gra z klasycznym bukietem z bia\u0142ych lub r\u00f3\u017cowych r\u00f3\u017c. U Pana M\u0142odego natomiast mo\u017cemy szuka\u0107 klasycznej czerni, szaro\u015bci lub granatu. Tak dobrani zakochani prezentuj\u0105 si\u0119 naprawd\u0119 elegancko i wr\u0119cz zachwycaj\u0105co.<\/p>\n\n\n\n<p>Elegancki \u015blub i wesele oznaczaj\u0105 wystawn\u0105 kolacj\u0119, pi\u0119kne ozdoby oraz wyj\u0105tkowo starannie dobrane wszystkie szczeg\u00f3\u0142y. W tym wypadku Para M\u0142oda powinna zwraca\u0107 szczeg\u00f3ln\u0105 uwag\u0119 na sal\u0119 weseln\u0105, w kt\u00f3rej odb\u0119dzie si\u0119 przyj\u0119cie.<\/p>\n\n\n<section id=\"leonardo-block_aa930df4d27c2f30fca757733a14fcfa\" class=\"leonardo page-breaker leonardo-image-left\">\r\n    <div class=\"leonardo-body\">\r\n        <h2 class=\"leonardo-title\" id=\"h-dekoracje-stolow\">Dekoracje sto\u0142\u00f3w <\/h2>        <div class=\"leonardo-content\"><p>Warto r\u00f3wnie\u017c zwr\u00f3ci\u0107 uwag\u0119 na dekoracj\u0119 sto\u0142\u00f3w. Je\u017celi m\u00f3wimy o eleganckim przyj\u0119ciu, ka\u017cda serwetka oraz li\u015bcik z imieniem i nazwiskiem powinny by\u0107 dopracowane. Warto zwr\u00f3ci\u0107 uwag\u0119 na ich wygl\u0105d oraz zadba\u0107 o to, \u017ceby wygl\u0105da\u0142y mo\u017cliwie najlepiej. W ko\u0144cu go\u015bcie b\u0119d\u0105 zwracali na to szczeg\u00f3ln\u0105 uwag\u0119.<\/p>\n<\/div>\r\n                    <aside class=\"leonardo-interlink\">\r\n                <b>Polecamy<\/b>\r\n                <a href=\"https:\/\/www.koronakarkonoszy.pl\/blog\/en\/wesele-okolice-wroclawia\/\">Wesele okolice Wroc\u0142awia \u2013 gdzie zorganizowa\u0107 przyj\u0119cie?<\/a>\r\n            <\/aside>\r\n            <\/div>\r\n    <div class=\"leonardo-image\">\r\n        <img loading=\"lazy\" decoding=\"async\" width=\"1280\" height=\"853\" src=\"https:\/\/www.koronakarkonoszy.pl\/blog\/wp-content\/uploads\/2022\/03\/wedding-reception-1284245_1280.jpg\" class=\"attachment-full size-full\" alt=\"\u015blub w innej parafii: dokumenty\" srcset=\"https:\/\/www.koronakarkonoszy.pl\/blog\/wp-content\/uploads\/2022\/03\/wedding-reception-1284245_1280.jpg 1280w, https:\/\/www.koronakarkonoszy.pl\/blog\/wp-content\/uploads\/2022\/03\/wedding-reception-1284245_1280-300x200.jpg 300w, https:\/\/www.koronakarkonoszy.pl\/blog\/wp-content\/uploads\/2022\/03\/wedding-reception-1284245_1280-1024x682.jpg 1024w, https:\/\/www.koronakarkonoszy.pl\/blog\/wp-content\/uploads\/2022\/03\/wedding-reception-1284245_1280-768x512.jpg 768w\" sizes=\"auto, (max-width: 1280px) 100vw, 1280px\" \/>            <\/div>\r\n<\/section>\n\n\n<p>W przypadku wesela w eleganckim stylu niewskazany jest wyb\u00f3r standardowego domu weselnego. Tutaj warto postawi\u0107 na dworek lub pa\u0142acyk, kt\u00f3ry swoim wystrojem b\u0119dzie pasowa\u0142 do ca\u0142ego przyj\u0119cia.<\/p>\n\n\n\n<p>Elegancki \u015blub w \u015brodku lata jest bardzo dobrym pomys\u0142em. Z racji pi\u0119knej pogody istnieje wi\u0119cej mo\u017cliwo\u015bci doboru sukni dla Panny M\u0142odej oraz go\u015bci. Mo\u017cna postawi\u0107 na znacznie odwa\u017cniejsze kreacje, kt\u00f3re jednak wpisuj\u0105 si\u0119 w dress code, jaki obowi\u0105zuje na przyj\u0119ciu.<\/p>\n\n\n<section id=\"leonardo-block_10a976ba28c64c63c1ecb14422652075\" class=\"leonardo page-breaker leonardo-image-right\">\r\n    <div class=\"leonardo-body\">\r\n        <h2 class=\"leonardo-title\" id=\"h-gdzie-szukac-podwykonawcow-na-wesele-w-lipcu\">Gdzie szuka\u0107 podwykonawc\u00f3w na wesele w lipcu?<\/h2>        <div class=\"leonardo-content\"><p><!-- wp:heading --><\/p>\n<p>Lipiec oraz sierpie\u0144 to miesi\u0105ce wakacyjne. To w\u0142a\u015bnie wtedy odbywa si\u0119 statystycznie najwi\u0119cej przyj\u0119\u0107 weselnych. S\u0105 to miesi\u0105ce, kiedy pogoda wyj\u0105tkowo rozpieszcza swoim pi\u0119knem. Umo\u017cliwia to zaaran\u017cowanie niemal\u017ce ka\u017cdego wesela z takim motywem przewodnim, jaki wymarz\u0105 sobie M\u0142odzi. Nic wi\u0119c dziwnego, \u017ce na \u015blub w lipcu decyduje si\u0119 tak wiele par.<\/p>\n<p><!-- \/wp:paragraph --> <!-- wp:paragraph --><\/p>\n<p>Jednak wesele w lipcu ma jedn\u0105 wad\u0119. Jest niezwykle trudno znale\u017a\u0107 dobrych podwykonawc\u00f3w, kt\u00f3rzy maj\u0105 wolne terminy akurat na ten miesi\u0105c. W ostatnich latach nieco spad\u0142o zainteresowanie weselami w soboty na rzecz pi\u0105tk\u00f3w. Jednak w dalszym ci\u0105gu jest to zadanie, jakie mo\u017ce stanowi\u0107 znaczny problem.<\/p>\n<p><!-- \/wp:paragraph --> <!-- wp:paragraph --><\/p>\n<p>Dlatego pojawia si\u0119 pytanie &#8211; <strong>gdzie oraz kiedy szuka\u0107 podwykonawc\u00f3w na wesele w lipcu<\/strong>? Szczeg\u00f3lnie w przypadku organizowania przyj\u0119cia ze specjalnym motywem przewodnim?<\/p>\n<p><!-- \/wp:paragraph --> <!-- wp:paragraph --><\/p>\n<p>Zacznijmy od odpowiedzi na pytanie \u201ekiedy\u201d? Najlepszym momentem na poszukiwanie sali, os\u00f3b zajmuj\u0105cych si\u0119 muzyk\u0105 oraz innych podwykonawc\u00f3w przypada na 2 lata przed planowan\u0105 ceremoni\u0105. Jest to czas, kiedy jeszcze mo\u017cna wr\u0119cz przebiera\u0107 w ofertach tak, aby dobra\u0107 je indywidualnie do swoich potrzeb oraz wybra\u0107 najlepszych podwykonawc\u00f3w.<\/p>\n<p><!-- \/wp:paragraph --><\/p>\n<\/div>\r\n            <\/div>\r\n    <div class=\"leonardo-image\">\r\n        <img loading=\"lazy\" decoding=\"async\" width=\"1920\" height=\"1282\" src=\"https:\/\/www.koronakarkonoszy.pl\/blog\/wp-content\/uploads\/2022\/05\/wesele-wiosna-3.jpg\" class=\"attachment-full size-full\" alt=\"wesele wiosn\u0105: nowo\u017ce\u0144cy\" srcset=\"https:\/\/www.koronakarkonoszy.pl\/blog\/wp-content\/uploads\/2022\/05\/wesele-wiosna-3.jpg 1920w, https:\/\/www.koronakarkonoszy.pl\/blog\/wp-content\/uploads\/2022\/05\/wesele-wiosna-3-300x200.jpg 300w, https:\/\/www.koronakarkonoszy.pl\/blog\/wp-content\/uploads\/2022\/05\/wesele-wiosna-3-1024x684.jpg 1024w, https:\/\/www.koronakarkonoszy.pl\/blog\/wp-content\/uploads\/2022\/05\/wesele-wiosna-3-768x513.jpg 768w, https:\/\/www.koronakarkonoszy.pl\/blog\/wp-content\/uploads\/2022\/05\/wesele-wiosna-3-1536x1026.jpg 1536w\" sizes=\"auto, (max-width: 1920px) 100vw, 1920px\" \/>            <\/div>\r\n<\/section>\n\n\n<p>Jednak cz\u0119\u015b\u0107 narzeczonych nie chce czeka\u0107 ponad 2 lata. Lub decyduj\u0105 si\u0119 na planowanie \u015blubu na kilkana\u015bcie miesi\u0119cy po zar\u0119czynach. W takim wypadku warto rozwa\u017cy\u0107 ceremoni\u0119 w pi\u0105tek, wzi\u0105\u0107 pod uwag\u0119 inny miesi\u0105c lub szuka\u0107 ofert typu <a href=\"https:\/\/www.koronakarkonoszy.pl\/blog\/wesele-last-minute-jak-szybko-zorganizowac-przyjecie-weselne\/\" target=\"_blank\" rel=\"noreferrer noopener\">wesele last minute<\/a>. Zdarza si\u0119, \u017ce Para M\u0142oda rezygnuje z wesela nawet na kilka tygodni przed planowanym terminem. W\u00f3wczas mo\u017ce si\u0119 okaza\u0107, \u017ce doskona\u0142a sala weselna tylko czeka na now\u0105 par\u0119 w dogodnym dla nich terminie.<\/p>\n\n\n\n<h3 class=\"wp-block-heading\" id=\"ha-uslugi-slubne-jak-wybrac-podwykonawcow\">Us\u0142ugi \u015blubne &#8211; jak wybra\u0107 podwykonawc\u00f3w?<\/h3>\n\n\n\n<p>A jak brzmi odpowied\u017a na kolejne pytanie? Gdzie szuka\u0107 podwykonawc\u00f3w na wesele? Tutaj sprawa wygl\u0105da nieco inaczej. Najcz\u0119\u015bciej dobrym rozwi\u0105zaniem jest poproszenie o referencje os\u00f3b, kt\u00f3re niedawno si\u0119 pobra\u0142y lub uczestniczy\u0142y w weselu jako go\u015bcie. W\u00f3wczas dostaniemy rzeteln\u0105 opini\u0119, kt\u00f3ra jest stosunkowo aktualna. Je\u017celi natomiast nie by\u0142o takiej sytuacji w\u015br\u00f3d bliskich i znajomych, warto poszuka\u0107 informacji w Internecie.<\/p>\n\n\n<section id=\"leonardo-block_678233a39767d6281fcb9bb4a73fe2fe\" class=\"leonardo page-breaker leonardo-image-left\">\r\n    <div class=\"leonardo-body\">\r\n                <div class=\"leonardo-content\"><p>&nbsp;<\/p>\n<p>Tutaj warto zwr\u00f3ci\u0107 szczeg\u00f3ln\u0105 uwag\u0119 na charakter opinii. Dobr\u0105 praktyk\u0105 jest odsiewanie tych, kt\u00f3re s\u0105 mocno negatywne oraz tych, kt\u00f3re wydaj\u0105 si\u0119 podejrzanie idealne. Mog\u0105 to by\u0107 opinie pisane przez konkurencj\u0119 lub osoby ze \u015brodowiska w\u0142a\u015bcicieli. Na szcz\u0119\u015bcie, jest to coraz mniej popularna praktyka. W Internecie mo\u017cna znale\u017a\u0107 r\u00f3wnie\u017c zdj\u0119cia oraz filmy z poszczeg\u00f3lnych obiekt\u00f3w, i sprawdzi\u0107, jak wygl\u0105da takie przyj\u0119cie.<\/p>\n<\/div>\r\n                    <aside class=\"leonardo-interlink\">\r\n                <b>Polecamy<\/b>\r\n                <a href=\"https:\/\/www.koronakarkonoszy.pl\/blog\/en\/jak-zorganizowac-przyjecie-weselne-na-30-osob\/\">Jak zorganizowa\u0107 przyj\u0119cie weselne na 30 os\u00f3b?<\/a>\r\n            <\/aside>\r\n            <\/div>\r\n    <div class=\"leonardo-image\">\r\n        <img loading=\"lazy\" decoding=\"async\" width=\"1000\" height=\"667\" src=\"https:\/\/www.koronakarkonoszy.pl\/blog\/wp-content\/uploads\/2021\/10\/Slub-w-lipcu.jpg\" class=\"attachment-full size-full\" alt=\"\" srcset=\"https:\/\/www.koronakarkonoszy.pl\/blog\/wp-content\/uploads\/2021\/10\/Slub-w-lipcu.jpg 1000w, https:\/\/www.koronakarkonoszy.pl\/blog\/wp-content\/uploads\/2021\/10\/Slub-w-lipcu-300x200.jpg 300w, https:\/\/www.koronakarkonoszy.pl\/blog\/wp-content\/uploads\/2021\/10\/Slub-w-lipcu-768x512.jpg 768w\" sizes=\"auto, (max-width: 1000px) 100vw, 1000px\" \/>            <\/div>\r\n<\/section>\n\n\n<p>Stronami internetowymi, kt\u00f3re warto odwiedzi\u0107 s\u0105 z ca\u0142\u0105 pewno\u015bci\u0105 te, kt\u00f3re zrzeszaj\u0105 wszystkich podwykonawc\u00f3w oraz Pary M\u0142ode. Najcz\u0119\u015bciej znajduje si\u0119 tam r\u00f3wnie\u017c szereg udogodnie\u0144, takich jak planner \u015blubny lub opinie innych narzeczonych. W ten spos\u00f3b mo\u017cna w kr\u00f3tkim czasie znale\u017a\u0107 kilka opcji podwykonawc\u00f3w, kt\u00f3rzy sprawdz\u0105 si\u0119 na weselu.<\/p>\n\n\n\n<figure class=\"wp-block-image size-large\"><img loading=\"lazy\" decoding=\"async\" width=\"1024\" height=\"679\" src=\"https:\/\/www.koronakarkonoszy.pl\/blog\/wp-content\/uploads\/2022\/03\/bride-and-groom-974845_1280-1024x679.jpg\" alt=\"sesja po\u015blubna: nowo\u017ce\u0144cy\" class=\"wp-image-3428\" srcset=\"https:\/\/www.koronakarkonoszy.pl\/blog\/wp-content\/uploads\/2022\/03\/bride-and-groom-974845_1280-1024x679.jpg 1024w, https:\/\/www.koronakarkonoszy.pl\/blog\/wp-content\/uploads\/2022\/03\/bride-and-groom-974845_1280-300x199.jpg 300w, https:\/\/www.koronakarkonoszy.pl\/blog\/wp-content\/uploads\/2022\/03\/bride-and-groom-974845_1280-768x509.jpg 768w, https:\/\/www.koronakarkonoszy.pl\/blog\/wp-content\/uploads\/2022\/03\/bride-and-groom-974845_1280.jpg 1280w\" sizes=\"auto, (max-width: 1024px) 100vw, 1024px\" \/><figcaption class=\"wp-element-caption\"><strong>Para M\u0142oda<\/strong> <\/figcaption><\/figure>\n\n\n\n<p>Wesele z motywem przewodnim organizowane w lipcu nie powinno odbywa\u0107 si\u0119 w miejscu, kt\u00f3re nie jest atrakcyjne dla Pary M\u0142odej. Dlatego szukaj\u0105c swojej sali weselnej warto sprawdzi\u0107 wiele opcji, odwiedzi\u0107 poszczeg\u00f3lne obiekty oraz wyrobi\u0107 sobie w\u0142asn\u0105 opini\u0119 na temat ka\u017cdego z nich.<\/p>\n\n\n\n<p>Mo\u017ce si\u0119 wydawa\u0107, \u017ce idealne miejsce na \u015blub w lipcu i wesele marze\u0144 nie istnieje. Sk\u0105d takie przypuszczenie? Jest to do\u015b\u0107 powszechne zdanie os\u00f3b, kt\u00f3re maj\u0105 konkretne wyobra\u017cenia na temat swojego wesela oraz jego przebiegu. Jednak nale\u017cy pami\u0119ta\u0107, \u017ce ka\u017cdy obiekt jest inny. W zale\u017cno\u015bci od upodoba\u0144 Pary M\u0142odej, ich rodzic\u00f3w oraz mo\u017cliwo\u015bci os\u00f3b zajmuj\u0105cych si\u0119 dekoracjami mo\u017cna stworzy\u0107 zupe\u0142nie niepowtarzalne miejsce lub nadal kierowa\u0107 si\u0119 stereotypami.<\/p>\n\n\n<section id=\"leonardo-block_de28ef87100cf45a360fff9fbd8006ff\" class=\"leonardo page-breaker leonardo-image-right\">\r\n    <div class=\"leonardo-body\">\r\n        <h2 class=\"leonardo-title\" id=\"h-dwor-korona-karkonoszy-idealne-miejsce-na-slub-w-lipcu\">Dw\u00f3r Korona Karkonoszy &#8211; idealne miejsce na \u015blub w lipcu<\/h2>        <div class=\"leonardo-content\"><p>Jakie jest wi\u0119c idealne miejsce na organizacj\u0119 wesela w lipcu? To pytanie jest bardzo indywidualne oraz zale\u017cy od Pary M\u0142odej. Dla niekt\u00f3rych b\u0119dzie to dom weselny w pobli\u017cu domu. Dla innych pi\u0119kny dw\u00f3r, jak Dw\u00f3r Korona Karkonoszy.<\/p>\n<p>Jaka jest przewaga Dworu na innymi obiektami tego typu? Przede wszystkim otoczenie. Warto pami\u0119ta\u0107, \u017ce Dw\u00f3r posiada sw\u00f3j, bardzo specjalny, wystr\u00f3j oraz klimat. Podobnie jak ogr\u00f3d, w kt\u00f3rym znajdziemy wszystko to, co kwietnie w lipcu. Wok\u00f3\u0142 znajduje si\u0119 mn\u00f3stwo miejsc, gdzie mo\u017ce odby\u0107 si\u0119 sesja weselna lub narzecze\u0144ska.<\/p>\n<p>Dodatkowo we Dworze wszystkie zdj\u0119cia oraz filmy wygl\u0105daj\u0105 wyj\u0105tkowo i jak z bajki. Je\u017celi M\u0142oda Para chce wesela w eleganckim stylu, z pewno\u015bci\u0105 Dw\u00f3r Korona Karkonoszy spe\u0142ni wszystkie ich oczekiwania. Wesele w stylu boho? Podobnie! Mo\u017cna w dowolny spos\u00f3b zaj\u0105\u0107 si\u0119 dekoracjami tak, aby uzyska\u0107 najlepszy efekt do ka\u017cdego motywu przewodniego przyj\u0119cia weselnego.<\/p>\n<p><a href=\"https:\/\/www.koronakarkonoszy.pl\/\" target=\"_blank\" rel=\"noreferrer noopener\">Dw\u00f3r Korona Karkonoszy<\/a> &#8211; miejsce magicznych \u015blub\u00f3w!<\/p>\n<\/div>\r\n            <\/div>\r\n    <div class=\"leonardo-image\">\r\n        <img loading=\"lazy\" decoding=\"async\" width=\"819\" height=\"546\" src=\"https:\/\/www.koronakarkonoszy.pl\/blog\/wp-content\/uploads\/2022\/12\/wesele-wroclaw-Dwor-Korona-Karkonoszy-2.jpg\" class=\"attachment-full size-full\" alt=\"\" srcset=\"https:\/\/www.koronakarkonoszy.pl\/blog\/wp-content\/uploads\/2022\/12\/wesele-wroclaw-Dwor-Korona-Karkonoszy-2.jpg 819w, https:\/\/www.koronakarkonoszy.pl\/blog\/wp-content\/uploads\/2022\/12\/wesele-wroclaw-Dwor-Korona-Karkonoszy-2-300x200.jpg 300w, https:\/\/www.koronakarkonoszy.pl\/blog\/wp-content\/uploads\/2022\/12\/wesele-wroclaw-Dwor-Korona-Karkonoszy-2-768x512.jpg 768w\" sizes=\"auto, (max-width: 819px) 100vw, 819px\" \/>            <\/div>\r\n<\/section>\n\n\n<h3 class=\"wp-block-heading\" id=\"ha-wedding-manager-na-wesele-w-lipcu\">Wedding manager na wesele w lipcu <\/h3>\n\n\n\n<p><a href=\"https:\/\/www.koronakarkonoszy.pl\/blog\/przygotowania-slubne\/\" target=\"_blank\" rel=\"noreferrer noopener\">Przygotowania \u015blubne<\/a> to czasoch\u0142onna sprawa. Chc\u0105c mie\u0107 idealne wesele, mo\u017cna skorzysta\u0107 z dw\u00f3ch opcji organizacji wesela. Z pewno\u015bci\u0105 jest ich znacznie wi\u0119cej, jednak na potrzeby tego artyku\u0142u postanowili\u015bmy skupi\u0107 si\u0119 na tych najbardziej popularnych po\u015br\u00f3d par, kt\u00f3ry niedawno si\u0119 pobiera\u0142y.<\/p>\n\n\n<section id=\"leonardo-block_368cedcda57db6f558d3e622d815c71c\" class=\"leonardo page-breaker leonardo-image-left\">\r\n    <div class=\"leonardo-body\">\r\n        <h2 class=\"leonardo-title\" id=\"h-slub-w-lipcu-i-organizacja-wesela-na-wlasna-reke\">\u015alub w lipcu i organizacja wesela na w\u0142asn\u0105 r\u0119k\u0119<\/h2>        <div class=\"leonardo-content\"><p>Na ten spos\u00f3b decyduje si\u0119 w dalszym ci\u0105gu najwi\u0119cej narzeczonych. Samodzielne wybieranie lokalu, dekoracje sali weselnej, wszystkich podwykonawc\u00f3w oraz organizowanie wszystkiego w dniu \u015blubu oraz wesela. Oczywi\u015bcie z nieocenion\u0105 pomoc\u0105 rodzic\u00f3w i \u015bwiadk\u00f3w.<\/p>\n<p>Jest to opcja, w kt\u00f3rej M\u0142oda Para ma bezpo\u015bredni\u0105 kontrol\u0119 nad wszystkim. Samodzielnie podejmuje te najwa\u017cniejsze oraz znacznie mniej wa\u017cne decyzje oraz rozwi\u0105zuje wszystkie problemy. Ma to bardzo du\u017co zalet, poniewa\u017c umo\u017cliwia bezpo\u015brednie zaanga\u017cowanie w sw\u00f3j \u015blub. Jednak wymaga mn\u00f3stwo energii od M\u0142odej Pary oraz mo\u017ce zabiera\u0107 ca\u0142\u0105 rado\u015b\u0107 z tego wielkiego dnia.<\/p>\n<p data-pm-slice=\"1 1 []\">Planowanie \u015blubu jest wymagaj\u0105ce. Narzeczeni oraz rodzice s\u0105 bezpo\u015brednio odpowiedzialni za wszystkie elementy ceremonii za\u015blubin oraz wesela. Musz\u0105 tak\u017ce sami skomponowa\u0107 bukiet, repertuar i menu. Oznacza to, \u017ce je\u017celi podczas przyj\u0119cia ktokolwiek zachowuje si\u0119 niestosownie, pojawi si\u0119 jakikolwiek problem lub podwykonawca nie dotrzyma termin\u00f3w, to oni musz\u0105 rozwi\u0105za\u0107 problem. Cz\u0119sto wi\u0105\u017ce si\u0119 to z konieczno\u015bci\u0105 brania odpowiedzialno\u015bci za zdarzenia losowe nawet wtedy, kiedy Para M\u0142oda chce celebrowa\u0107 z rodzin\u0105 wa\u017cny dla siebie dzie\u0144.<\/p>\n<\/div>\r\n            <\/div>\r\n    <div class=\"leonardo-image\">\r\n        <img loading=\"lazy\" decoding=\"async\" width=\"1280\" height=\"904\" src=\"https:\/\/www.koronakarkonoszy.pl\/blog\/wp-content\/uploads\/2022\/03\/a-book-3051870_1280.jpg\" class=\"attachment-full size-full\" alt=\"harmonogram \u015blubu: organizacja\" srcset=\"https:\/\/www.koronakarkonoszy.pl\/blog\/wp-content\/uploads\/2022\/03\/a-book-3051870_1280.jpg 1280w, https:\/\/www.koronakarkonoszy.pl\/blog\/wp-content\/uploads\/2022\/03\/a-book-3051870_1280-300x212.jpg 300w, https:\/\/www.koronakarkonoszy.pl\/blog\/wp-content\/uploads\/2022\/03\/a-book-3051870_1280-1024x723.jpg 1024w, https:\/\/www.koronakarkonoszy.pl\/blog\/wp-content\/uploads\/2022\/03\/a-book-3051870_1280-768x542.jpg 768w\" sizes=\"auto, (max-width: 1280px) 100vw, 1280px\" \/>            <\/div>\r\n<\/section>\n\n\n<h3 class=\"wp-block-heading\" id=\"ha-organizatorka-slubow-kim-jest-i-w-czym-moze-pomoc\">Organizatorka \u015blub\u00f3w &#8211; kim jest i w czym mo\u017ce pom\u00f3c?<\/h3>\n\n\n\n<p>Ostatnio coraz bardziej popularne sta\u0142o si\u0119 zatrudnianie specjalnej osoby, kt\u00f3ra pomaga M\u0142odej Parze w organizacji wesela, a w dniu ceremonii czuwa nad wszystkim. Jest to szczeg\u00f3lnie polecane w przypadku wesela organizowanego w lipcu. Je\u017celi planowany jest motyw przewodni przyj\u0119cia, warto wiedzie\u0107, do jakich podwykonawc\u00f3w nale\u017cy uda\u0107 si\u0119 z pytaniami: np. jaki wyb\u00f3r kwiat\u00f3w sezonowych b\u0119dzie najlepszy i czy wesele warto urz\u0105dzi\u0107 w ogrodzie. Nie ka\u017cdy z nich b\u0119dzie gotowy sprosta\u0107 wymaganiom M\u0142odej Pary.<\/p>\n\n\n\n<figure class=\"wp-block-image size-full\"><img loading=\"lazy\" decoding=\"async\" width=\"960\" height=\"640\" src=\"https:\/\/www.koronakarkonoszy.pl\/blog\/wp-content\/uploads\/2023\/01\/16237773_10202838515680251_1384627810_n.jpg\" alt=\"\" class=\"wp-image-6747\" srcset=\"https:\/\/www.koronakarkonoszy.pl\/blog\/wp-content\/uploads\/2023\/01\/16237773_10202838515680251_1384627810_n.jpg 960w, https:\/\/www.koronakarkonoszy.pl\/blog\/wp-content\/uploads\/2023\/01\/16237773_10202838515680251_1384627810_n-300x200.jpg 300w, https:\/\/www.koronakarkonoszy.pl\/blog\/wp-content\/uploads\/2023\/01\/16237773_10202838515680251_1384627810_n-768x512.jpg 768w\" sizes=\"auto, (max-width: 960px) 100vw, 960px\" \/><figcaption class=\"wp-element-caption\"><strong>Ogr\u00f3d na wesele, <a href=\"https:\/\/www.koronakarkonoszy.pl\/wesele\/\" target=\"_blank\" rel=\"noreferrer noopener\">Dw\u00f3r Korona Karkonoszy,<\/a> Sosn\u00f3wka k. Karpacza<\/strong> <\/figcaption><\/figure>\n\n\n\n<p>Wedding planerka, bo o niej mowa, najprawdopodobniej posiada odpowiednie kontakty, kt\u00f3re umo\u017cliwiaj\u0105 jej dobranie idealnych podwykonawc\u00f3w do wymarzonego dnia M\u0142odej Pary. Mo\u017ce r\u00f3wnie\u017c podpowiedzie\u0107, w jaki spos\u00f3b rozwi\u0105za\u0107 cz\u0119\u015b\u0107 problem\u00f3w, o co pyta\u0107 poszczeg\u00f3lne osoby, a nawet kontaktowa\u0107 si\u0119 w imieniu narzeczonych.<\/p>\n\n\n\n<figure class=\"wp-block-image size-large\"><img loading=\"lazy\" decoding=\"async\" width=\"1024\" height=\"682\" src=\"https:\/\/www.koronakarkonoszy.pl\/blog\/wp-content\/uploads\/2022\/08\/Fotolia_87414042_Subscription_Monthly_M-1024x682.jpg\" alt=\"\" class=\"wp-image-5360\" srcset=\"https:\/\/www.koronakarkonoszy.pl\/blog\/wp-content\/uploads\/2022\/08\/Fotolia_87414042_Subscription_Monthly_M-1024x682.jpg 1024w, https:\/\/www.koronakarkonoszy.pl\/blog\/wp-content\/uploads\/2022\/08\/Fotolia_87414042_Subscription_Monthly_M-300x200.jpg 300w, https:\/\/www.koronakarkonoszy.pl\/blog\/wp-content\/uploads\/2022\/08\/Fotolia_87414042_Subscription_Monthly_M-768x512.jpg 768w, https:\/\/www.koronakarkonoszy.pl\/blog\/wp-content\/uploads\/2022\/08\/Fotolia_87414042_Subscription_Monthly_M-1536x1024.jpg 1536w, https:\/\/www.koronakarkonoszy.pl\/blog\/wp-content\/uploads\/2022\/08\/Fotolia_87414042_Subscription_Monthly_M.jpg 1688w\" sizes=\"auto, (max-width: 1024px) 100vw, 1024px\" \/><figcaption class=\"wp-element-caption\"><strong>Para M\u0142oda<\/strong> <\/figcaption><\/figure>\n\n\n\n<p>Ten zaw\u00f3d nie jest jeszcze dobrze znany w Polsce. Tak jak ch\u0119tnie powierzamy innym opraw\u0119 muzyczn\u0105 wesela lub dekoracje, tak kwestie organizacyjne schodz\u0105 bardzo cz\u0119sto na dalszy plan. Jednak s\u0105 one r\u00f3wnie istotne.<\/p>\n\n\n\n<p>Zatrudnienie wedding plannerki wi\u0105\u017ce si\u0119 z mo\u017cliwo\u015bci\u0105 odpoczynku podczas wesela oraz skupienia si\u0119 na sobie nawzajem oraz go\u015bciach weselnych. Jest to bardzo du\u017ce u\u0142atwienie zar\u00f3wno dla M\u0142odej Pary, jak r\u00f3wnie\u017c dla rodzic\u00f3w, kt\u00f3rzy nie musz\u0105 zajmowa\u0107 si\u0119 nag\u0142ymi wypadkami lub problemami, jakie pojawiaj\u0105 si\u0119 w tym szczeg\u00f3lnym dniu.<\/p>\n\n\n<section id=\"leonardo-block_e1b23f352b93e4e66949db423c4560de\" class=\"leonardo page-breaker leonardo-image-left\">\r\n    <div class=\"leonardo-body\">\r\n        <h2 class=\"leonardo-title\" id=\"h-orkiestra-weselna-czy-dj\">Orkiestra weselna czy DJ?<\/h2>        <div class=\"leonardo-content\"><p><!-- wp:paragraph --><\/p>\n<p><a href=\"https:\/\/www.koronakarkonoszy.pl\/blog\/zespol-czy-dj-na-wesele\/\" target=\"_blank\" rel=\"noopener\">Zesp\u00f3\u0142 czy DJ na wesele?<\/a> Wspominaj\u0105c o weselu w lipcu z motywem przewodnim, nie mo\u017cna zapomina\u0107 o wyborze os\u00f3b odpowiedzialnych za opraw\u0119 muzyczn\u0105. Obecnie na rynku dost\u0119pne s\u0105 dwie opcje, kt\u00f3re gromadz\u0105 najwi\u0119cej ch\u0119tnych. Jedn\u0105 z nich jest orkiestra. Drug\u0105 natomiast DJ. Na kogo warto si\u0119 zdecydowa\u0107 w zale\u017cno\u015bci od motywu przewodniego przyj\u0119cia?<\/p>\n<p><!-- \/wp:paragraph --> <!-- wp:paragraph --><\/p>\n<p>Wynajem orkiestry, kt\u00f3ra zajmie si\u0119 opraw\u0105 muzyczn\u0105 przyj\u0119cia jest w dalszym ci\u0105gu najbardziej popularn\u0105 form\u0105. Mimo, \u017ce w Polsce ta tradycja obowi\u0105zuje od wielu lat, mocno ewoluuje przechodz\u0105c w coraz bardziej nowoczesne postaci.<\/p>\n<p><!-- \/wp:paragraph --> <!-- wp:paragraph --><\/p>\n<p>W zale\u017cno\u015bci od upodoba\u0144 Pary M\u0142odej mo\u017cna wybra\u0107 zesp\u00f3\u0142, kt\u00f3ry zagra r\u00f3\u017cnorodn\u0105 muzyk\u0119. Najcz\u0119\u015bciej s\u0105 to taneczne nuty, kt\u00f3re zach\u0119caj\u0105 do dobrej zabawy oraz wp\u0142ywaj\u0105 pozytywnie na nastr\u00f3j wszystkich go\u015bci.<\/p>\n<p><!-- \/wp:paragraph --> <!-- wp:paragraph --><\/p>\n<p>Zespo\u0142y muzyczne na weselach zdarzaj\u0105 si\u0119 szczeg\u00f3lnie w przypadku tradycyjnych przyj\u0119\u0107 lub tych eleganckich. Tutaj kr\u00f3luje tradycja oraz klasyczne podej\u015bcie do tego tematu. Jest to doceniane przez wi\u0119kszo\u015b\u0107 go\u015bci, kt\u00f3rzy s\u0105 przyzwyczajeni do konkretnego rodzaju muzyki na weselach.<\/p>\n<p><!-- \/wp:paragraph --><\/p>\n<\/div>\r\n                    <aside class=\"leonardo-interlink\">\r\n                <b>Polecamy<\/b>\r\n                <a href=\"https:\/\/www.koronakarkonoszy.pl\/blog\/en\/sale-weselne\/\">Sale weselne &#8211; jak dobrze wybra\u0107?<\/a>\r\n            <\/aside>\r\n            <\/div>\r\n    <div class=\"leonardo-image\">\r\n        <img loading=\"lazy\" decoding=\"async\" width=\"800\" height=\"534\" src=\"https:\/\/www.koronakarkonoszy.pl\/blog\/wp-content\/uploads\/2021\/07\/DJ_na_wesele.jpg\" class=\"attachment-full size-full\" alt=\"Jak zorganizowa\u0107 przyj\u0119cie weselne na 30 os\u00f3b\" srcset=\"https:\/\/www.koronakarkonoszy.pl\/blog\/wp-content\/uploads\/2021\/07\/DJ_na_wesele.jpg 800w, https:\/\/www.koronakarkonoszy.pl\/blog\/wp-content\/uploads\/2021\/07\/DJ_na_wesele-300x200.jpg 300w, https:\/\/www.koronakarkonoszy.pl\/blog\/wp-content\/uploads\/2021\/07\/DJ_na_wesele-768x513.jpg 768w\" sizes=\"auto, (max-width: 800px) 100vw, 800px\" \/>            <\/div>\r\n<\/section>\n\n\n<h3 class=\"wp-block-heading\" id=\"ha-dj-na-weselu\">DJ na weselu<\/h3>\n\n\n\n<p>Wynajmowanie DJ-a na wesele to stosunkowo nowy trend, kt\u00f3ry pojawi\u0142 si\u0119 na polskich weselach kilka lat temu. Tutaj kr\u00f3luj\u0105 zdecydowanie lu\u017aniejsze melodie. Mo\u017cna spotka\u0107 takie, kt\u00f3re grane s\u0105 mi\u0119dzy innymi w klubach. Ten rodzaj muzyki przypadnie do gustu szczeg\u00f3lnie m\u0142odemu pokoleniu go\u015bci. Mo\u017cna w\u00f3wczas liczy\u0107 na pe\u0142ny parkiet os\u00f3b, kt\u00f3re ch\u0119tnie ta\u0144cz\u0105 do podobnej muzyki. Jednak mo\u017ce okaza\u0107 si\u0119, \u017ce starsze osoby z rodziny nie b\u0119d\u0105 zadowolone z podobnego wyboru.<\/p>\n\n\n<section id=\"leonardo-block_962d0e639cfac5c524bb031e20893b65\" class=\"leonardo page-breaker leonardo-image-right\">\r\n    <div class=\"leonardo-body\">\r\n                <div class=\"leonardo-content\"><p>Przy wyborze podwykonawcy, kt\u00f3ry zajmie si\u0119 opraw\u0105 muzyczn\u0105, warto zwr\u00f3ci\u0107 uwag\u0119 na preferencje go\u015bci oraz M\u0142odej Pary. Je\u017celi motyw przewodni ustalany jest na klasyczne wesele, a w\u015br\u00f3d go\u015bci przewa\u017caj\u0105 osoby z rodziny, warto wybra\u0107 zesp\u00f3\u0142. Natomiast w przypadku du\u017cej liczby m\u0142odych os\u00f3b, w tym znajomych, warto zdecydowa\u0107 si\u0119 na DJ-a, kt\u00f3ry zabawi wszystkich obecnych na sali.<\/p>\n<p>Niezale\u017cnie od wyboru oprawy muzycznej, Para M\u0142oda powinna pami\u0119ta\u0107 o przekazaniu swoich preferencji dotycz\u0105cych muzyki. Je\u017celi nie przepadaj\u0105 oni za rockiem lub disco polo, konieczne jest poinformowanie o tym zespo\u0142u. Podobnie jak powinni oni zna\u0107 wszystkie zabawy, jakie b\u0119d\u0105 organizowane podczas oczepin. Musz\u0105 wiedzie\u0107, czy one si\u0119 odb\u0119d\u0105 oraz w jakich godzinach.<\/p>\n<\/div>\r\n            <\/div>\r\n    <div class=\"leonardo-image\">\r\n        <img loading=\"lazy\" decoding=\"async\" width=\"806\" height=\"540\" src=\"https:\/\/www.koronakarkonoszy.pl\/blog\/wp-content\/uploads\/2022\/12\/wesele-Wroclaw-Dwor-Korona-Karkonoszy-luksusowe-wesele.jpg\" class=\"attachment-full size-full\" alt=\"\" srcset=\"https:\/\/www.koronakarkonoszy.pl\/blog\/wp-content\/uploads\/2022\/12\/wesele-Wroclaw-Dwor-Korona-Karkonoszy-luksusowe-wesele.jpg 806w, https:\/\/www.koronakarkonoszy.pl\/blog\/wp-content\/uploads\/2022\/12\/wesele-Wroclaw-Dwor-Korona-Karkonoszy-luksusowe-wesele-300x201.jpg 300w, https:\/\/www.koronakarkonoszy.pl\/blog\/wp-content\/uploads\/2022\/12\/wesele-Wroclaw-Dwor-Korona-Karkonoszy-luksusowe-wesele-768x515.jpg 768w\" sizes=\"auto, (max-width: 806px) 100vw, 806px\" \/>            <\/div>\r\n<\/section>\n\n\n<p>Je\u017celi Para M\u0142oda ma ulubionych wykonawc\u00f3w, kt\u00f3rych ch\u0119tnie zobaczy na swoim \u015blubie, warto zarezerwowa\u0107 u nich termin ze znacznym wyprzedzeniem. Szczeg\u00f3lnie je\u017celi wesele ma odby\u0107 si\u0119 w lipcu.<\/p>\n\n\n\n<figure class=\"wp-block-image size-large\"><img loading=\"lazy\" decoding=\"async\" width=\"1024\" height=\"683\" src=\"https:\/\/www.koronakarkonoszy.pl\/blog\/wp-content\/uploads\/2021\/09\/przekaski-na-wesele1-1024x683.jpg\" alt=\"\" class=\"wp-image-1521\" srcset=\"https:\/\/www.koronakarkonoszy.pl\/blog\/wp-content\/uploads\/2021\/09\/przekaski-na-wesele1-1024x683.jpg 1024w, https:\/\/www.koronakarkonoszy.pl\/blog\/wp-content\/uploads\/2021\/09\/przekaski-na-wesele1-300x200.jpg 300w, https:\/\/www.koronakarkonoszy.pl\/blog\/wp-content\/uploads\/2021\/09\/przekaski-na-wesele1-768x512.jpg 768w, https:\/\/www.koronakarkonoszy.pl\/blog\/wp-content\/uploads\/2021\/09\/przekaski-na-wesele1-1536x1024.jpg 1536w, https:\/\/www.koronakarkonoszy.pl\/blog\/wp-content\/uploads\/2021\/09\/przekaski-na-wesele1.jpg 1920w\" sizes=\"auto, (max-width: 1024px) 100vw, 1024px\" \/><figcaption class=\"wp-element-caption\"><strong>Przek\u0105ski na wesele<\/strong><\/figcaption><\/figure>\n\n\n\n<h3 class=\"wp-block-heading\" id=\"ha-letnie-lekkie-menu-co-sie-sprawdza\">Letnie, lekkie menu &#8211; co si\u0119 sprawdza?<\/h3>\n\n\n\n<p><a href=\"https:\/\/www.koronakarkonoszy.pl\/blog\/menu-weselne-na-lato\/\" target=\"_blank\" rel=\"noreferrer noopener\">Menu weselne na lato<\/a> powinno by\u0107 oczywi\u015bcie raczej lekkie. Jest du\u017ca szansa, \u017ce b\u0119dzie bardzo ciep\u0142o, nawet gor\u0105co. Wiadomo wi\u0119c, \u017ce apetyt go\u015bci nie b\u0119dzie&nbsp;zbyt wielki. Na szcz\u0119\u015bcie w lipcu dojrzewaj\u0105 letnie owoce, uwielbiane przez wszystkich: truskawki, czere\u015bnie, porzeczki, maliny, bor\u00f3wki i jagody. Desery, ciasta i koktajle ze \u015bwie\u017cych owoc\u00f3w mog\u0105 stanowi\u0107 motyw przewodni, je\u015bli chodzi o catering. Lekkie owocowe desery b\u0119d\u0105 idealne na upa\u0142y. Na przyk\u0142ad jagody pod kruszonk\u0105. Mus z truskawek. Rzemie\u015blnicze lody malinowe. Owocowe sorbety. Czere\u015bniowe tarty. Przepyszna panna cotta. Serniki na zimno z owocami &#8211; na sam\u0105 my\u015bl o takich przysmakach cieknie \u015blinka\u2026 <a href=\"https:\/\/www.koronakarkonoszy.pl\/blog\/jak-serwowac-owoce-na-wesele\/\" target=\"_blank\" rel=\"noreferrer noopener\">Owoce na wesele<\/a> mo\u017cna serwowa\u0107 na wiele sposob\u00f3w i do tego podawa\u0107 je w bardzo atrakcyjny wizualnie spos\u00f3b. Same w sobie b\u0119d\u0105 ozdob\u0105 sali weselnej czy ogrodu \u2013 warto zaserwowa\u0107 je na \u015bwie\u017cym powietrzu.<\/p>\n\n\n\n<figure class=\"wp-block-image size-full\"><img loading=\"lazy\" decoding=\"async\" width=\"800\" height=\"534\" src=\"https:\/\/www.koronakarkonoszy.pl\/blog\/wp-content\/uploads\/2021\/07\/menu_wesele_latem.jpg\" alt=\"menu wesele latem\" class=\"wp-image-847\" srcset=\"https:\/\/www.koronakarkonoszy.pl\/blog\/wp-content\/uploads\/2021\/07\/menu_wesele_latem.jpg 800w, https:\/\/www.koronakarkonoszy.pl\/blog\/wp-content\/uploads\/2021\/07\/menu_wesele_latem-300x200.jpg 300w, https:\/\/www.koronakarkonoszy.pl\/blog\/wp-content\/uploads\/2021\/07\/menu_wesele_latem-768x513.jpg 768w\" sizes=\"auto, (max-width: 800px) 100vw, 800px\" \/><figcaption class=\"wp-element-caption\"><strong>Menu na wesele latem <\/strong><\/figcaption><\/figure>\n\n\n\n<p>Podczas lipcowych przyj\u0119\u0107 sprawdz\u0105 si\u0119 torty bezowe lub mocno owocowe torty z ma\u0142\u0105 ilo\u015bci\u0105 biszkoptu. Cho\u0107 najwi\u0119kszym powodzeniem z pewno\u015bci\u0105 cieszy\u0142yby si\u0119 torty lodowe, zw\u0142aszcza w\u015br\u00f3d najm\u0142odszych uczestnik\u00f3w przyj\u0119cia. Torty na tyle lekkie, \u017ce nawet w upale znajd\u0105 amator\u00f3w, a w dodatku orze\u017awi\u0105. Zimowe ciasta, torty czekoladowe czy marcepanowe w lipcu raczej nie s\u0105 najlepszym pomys\u0142em. Ca\u0142o\u015b\u0107 letniego, owocowego menu mog\u0105 dope\u0142ni\u0107 lekkie alkohole, na przyk\u0142ad frizzante lub prosecco. Te niezbyt mocne, bia\u0142e musuj\u0105ce wina rodem z W\u0142och to przeb\u00f3j ostatnich lat. \u015awietnie orze\u017awiaj\u0105 i dodaj\u0105 energii do dobrej zabawy \u2013 a ta w nieko\u0144cz\u0105ce si\u0119 lipcowe noce trwa zwykle d\u0142ugo\u2026<\/p>\n\n\n<section id=\"leonardo-block_07bed76c14da62f0653d325f8d7b7c9d\" class=\"leonardo page-breaker leonardo-image-left\">\r\n    <div class=\"leonardo-body\">\r\n        <h2 class=\"leonardo-title\" id=\"h-lawendowy-slub\">Lawendowy \u015blub <\/h2>        <div class=\"leonardo-content\"><p data-pm-slice=\"1 1 []\">W lipcu pojawia si\u0119 lawenda. Urz\u0105dzaj\u0105c wesele w lipcu, nie mo\u017cna wi\u0119c zapomina\u0107 o lawendzie! Nie tylko wspaniale wygl\u0105da, tak\u017ce jej aromat zawsze robi wra\u017cenie. Kt\u00f3\u017c z nas nie lubi tego zapachu? Kojarzy si\u0119 w\u0142a\u015bnie z latem, urokliw\u0105 Prowansj\u0105, wakacjami. Lawenda mo\u017ce te\u017c by\u0107 motywem przewodnim ca\u0142ej uroczysto\u015bci. A go\u015bciom weselnym mo\u017cemy przy po\u017cegnaniu wr\u0119czy\u0107 drobiazg z t\u0105 w\u0142a\u015bnie ro\u015blin\u0105. M\u00f3g\u0142by to by\u0107 ma\u0142y flakonik z lawendowym zapachem, albo bukiecik lawendy czy saszetka zapachowa, kt\u00f3ra przez d\u0142ugi czas budzi\u0107 b\u0119dzie mi\u0142e wspomnienia. Takie lawendowe wesele i upominek mog\u0105 sprawi\u0107, \u017ce go\u015bcie zawsze ju\u017c b\u0119d\u0105 kojarzy\u0107 Wasze wesele z tym w\u0142a\u015bnie zapachem i dobr\u0105 zabaw\u0105. Lawenda to uniwersalne kwiaty sezonowe na \u015blub i wesele.<\/p>\n<\/div>\r\n                    <aside class=\"leonardo-interlink\">\r\n                <b>Polecamy<\/b>\r\n                <a href=\"https:\/\/www.koronakarkonoszy.pl\/blog\/en\/gdzie-wesele\/\">Gdzie wesele, czyli jak wybra\u0107 idealne miejsce?<\/a>\r\n            <\/aside>\r\n            <\/div>\r\n    <div class=\"leonardo-image\">\r\n        <img loading=\"lazy\" decoding=\"async\" width=\"800\" height=\"534\" src=\"https:\/\/www.koronakarkonoszy.pl\/blog\/wp-content\/uploads\/2021\/07\/wesele-wiosna-lawenda.jpg\" class=\"attachment-full size-full\" alt=\"Wesele wiosn\u0105 lawenda\" srcset=\"https:\/\/www.koronakarkonoszy.pl\/blog\/wp-content\/uploads\/2021\/07\/wesele-wiosna-lawenda.jpg 800w, https:\/\/www.koronakarkonoszy.pl\/blog\/wp-content\/uploads\/2021\/07\/wesele-wiosna-lawenda-300x200.jpg 300w, https:\/\/www.koronakarkonoszy.pl\/blog\/wp-content\/uploads\/2021\/07\/wesele-wiosna-lawenda-768x513.jpg 768w\" sizes=\"auto, (max-width: 800px) 100vw, 800px\" \/>            <\/div>\r\n<\/section>\n\n\n<h3 class=\"wp-block-heading\" id=\"ha-slub-w-lipcu-przesady\">\u015alub w lipcu &#8211; przes\u0105dy<\/h3>\n\n\n\n<p>\u015alub w lipcu a przes\u0105dy \u2013 ludzie od zawsze pr\u00f3bowali wyja\u015bni\u0107 i oswoi\u0107 rzeczywisto\u015b\u0107. Poniewa\u017c jednak nie wszystko by\u0142o dla nich zrozumia\u0142e, zacz\u0119li r\u00f3\u017cne zjawiska t\u0142umaczy\u0107 w spos\u00f3b magiczny, poszukuj\u0105c jakich\u015b nadprzyrodzonych si\u0142 sprawczych. Tak w\u0142a\u015bnie narodzi\u0142y si\u0119 przes\u0105dy i zabobony. Pami\u0119ta\u0107 nale\u017cy, \u017ce cz\u0119sto wykluczaj\u0105 si\u0119 one nawzajem. Tak te\u017c jest z przes\u0105dami \u015blubnymi.<\/p>\n\n\n\n<figure class=\"wp-block-image size-large\"><img loading=\"lazy\" decoding=\"async\" width=\"1024\" height=\"683\" src=\"https:\/\/www.koronakarkonoszy.pl\/blog\/wp-content\/uploads\/2022\/07\/013i-1024x683.jpg\" alt=\"\" class=\"wp-image-4839\" srcset=\"https:\/\/www.koronakarkonoszy.pl\/blog\/wp-content\/uploads\/2022\/07\/013i-1024x683.jpg 1024w, https:\/\/www.koronakarkonoszy.pl\/blog\/wp-content\/uploads\/2022\/07\/013i-300x200.jpg 300w, https:\/\/www.koronakarkonoszy.pl\/blog\/wp-content\/uploads\/2022\/07\/013i-768x512.jpg 768w, https:\/\/www.koronakarkonoszy.pl\/blog\/wp-content\/uploads\/2022\/07\/013i-1920x1280.jpg 1920w, https:\/\/www.koronakarkonoszy.pl\/blog\/wp-content\/uploads\/2022\/07\/013i-1536x1024.jpg 1536w, https:\/\/www.koronakarkonoszy.pl\/blog\/wp-content\/uploads\/2022\/07\/013i-2048x1365.jpg 2048w\" sizes=\"auto, (max-width: 1024px) 100vw, 1024px\" \/><figcaption class=\"wp-element-caption\"><strong>Sala weselna,<\/strong> <strong><a href=\"https:\/\/www.koronakarkonoszy.pl\/wesele\/\" target=\"_blank\" rel=\"noreferrer noopener\">Dw\u00f3r Korona Karkonoszy,<\/a> Sosn\u00f3wka k. Karpacza<\/strong> <\/figcaption><\/figure>\n\n\n\n<p>Na przyk\u0142ad istnieje przes\u0105d, \u017ce najlepiej bra\u0107 \u015blub w miesi\u0105cu, w kt\u00f3rego nazwie wyst\u0119puje literka \u201er\u201d. Dlaczego? Nikt nie wie\u2026 Ale podobno ma to przynosi\u0107 szcz\u0119\u015bcie. A wi\u0119c zgodnie z tym przes\u0105dem lipiec nie by\u0142by odpowiednim miesi\u0105cem na \u015blub. Z drugiej strony, w staro\u017cytno\u015bci temu miesi\u0105cowi przypisywano zupe\u0142nie inne znaczenie. Wed\u0142ug Rzymian ludzie bior\u0105cy \u015blub w lipcu oddawali si\u0119 pod opiek\u0119 Zeusa (Jowisza), kt\u00f3ry gwarantowa\u0142 im wszelk\u0105 ochron\u0119 i pomoc. Rodzina za\u0142o\u017cona w lipcu wed\u0142ug tych wierze\u0144 mia\u0142a zawsze si\u0119 wspiera\u0107. A dzieci zrodzone z takich zwi\u0105zk\u00f3w mia\u0142y zawsze pami\u0119ta\u0107 o rodzicach. Taka rodzina mia\u0142a te\u017c wysoko ceni\u0107 i piel\u0119gnowa\u0107 tradycyjne warto\u015bci. Mia\u0142a \u017cy\u0107 dostatnio i w poczuciu bezpiecze\u0144stwa. Brzmi jak dobra wr\u00f3\u017cba, nieprawda\u017c?<\/p>\n\n\n\n<p><a href=\"https:\/\/www.koronakarkonoszy.pl\/blog\/przesady-slubne-i-weselne\/\" target=\"_blank\" rel=\"noreferrer noopener\">Przes\u0105dy \u015blubne i weselne<\/a> &#8211; wsp\u00f3\u0142cze\u015bnie w du\u017cej mierze trafi\u0142y do lamusa. Ludzie staraj\u0105 si\u0119 samodzielnie zadba\u0107 o swoje szcz\u0119\u015bcie. A poza tym wydaje si\u0119, \u017ce tam, gdzie zago\u015bci mi\u0142o\u015b\u0107, tam niezawodnie pojawi si\u0119 i szcz\u0119\u015bcie.<\/p>\n\n\n<section id=\"leonardo-block_efbdf7c256e6cffdd31a7def0f9d09c0\" class=\"leonardo page-breaker leonardo-image-left\">\r\n    <div class=\"leonardo-body\">\r\n        <h2 class=\"leonardo-title\" id=\"h-zdjecia-slubne-w-lipcu\">Zdj\u0119cia \u015blubne w lipcu<\/h2>        <div class=\"leonardo-content\"><p><!-- wp:paragraph --><\/p>\n<p>Zdj\u0119cia \u015blubne w lipcu musz\u0105 si\u0119 uda\u0107! Nazwa tego miesi\u0105ca pochodzi od kwitn\u0105cych lip. W lipcu dojrzewaj\u0105 te\u017c zbo\u017ca, pola mieni\u0105 si\u0119 r\u00f3\u017cnymi odcieniach z\u0142ota i jeszcze ten zapach\u2026 Niebo o tej porze roku jest wyj\u0105tkowo b\u0142\u0119kitne. Tak naprawd\u0119, gdziekolwiek Para M\u0142oda si\u0119 pojawi, po prostu b\u0119dzie pi\u0119knie. Fotografom amatorom mo\u017cna tylko przypomnie\u0107, \u017ce przy mocnym s\u0142o\u0144cu zdj\u0119cia mog\u0105 wyj\u015b\u0107 bardziej kontrastowe. Warto zwr\u00f3ci\u0107 na to uwag\u0119, bo r\u00f3\u017cnica \u015bwiat\u0142a w pe\u0142nym \u015bwietle i cieniu b\u0119dzie bardzo du\u017ca, mo\u017ce nawet zbyt du\u017ca. Na zdj\u0119ciach miejsca zacienione mog\u0105 wyj\u015b\u0107 zbyt ciemne. Ponadto robi\u0105c zdj\u0119cia w plenerze zwr\u00f3\u0107my uwag\u0119 na to, co znajduje si\u0119 w tle. Ale to tylko drobiazgi, wszak mamy zawsze do dyspozycji tryb automatyczny albo \u2013 mo\u017ce jednak profesjonalny <a href=\"https:\/\/www.koronakarkonoszy.pl\/blog\/fotograf-na-slub-jakich-zdjec-oczekuja-panstwo-mlodzi\/\" target=\"_blank\" rel=\"noopener\">fotograf na \u015blub<\/a>?<\/p>\n<p><!-- \/wp:paragraph --> <!-- wp:paragraph --><\/p>\n<p>\u015alub w lipcu utrwalony na zdj\u0119ciach i ogl\u0105dany po latach zawsze wzbudza nostalgi\u0119 i u\u015bmiech.<\/p>\n<p><!-- \/wp:paragraph --><\/p>\n<\/div>\r\n            <\/div>\r\n    <div class=\"leonardo-image\">\r\n        <img loading=\"lazy\" decoding=\"async\" width=\"1280\" height=\"856\" src=\"https:\/\/www.koronakarkonoszy.pl\/blog\/wp-content\/uploads\/2021\/08\/Umowa-na-wesele2.jpg\" class=\"attachment-full size-full\" alt=\"\" srcset=\"https:\/\/www.koronakarkonoszy.pl\/blog\/wp-content\/uploads\/2021\/08\/Umowa-na-wesele2.jpg 1280w, https:\/\/www.koronakarkonoszy.pl\/blog\/wp-content\/uploads\/2021\/08\/Umowa-na-wesele2-300x201.jpg 300w, https:\/\/www.koronakarkonoszy.pl\/blog\/wp-content\/uploads\/2021\/08\/Umowa-na-wesele2-1024x685.jpg 1024w, https:\/\/www.koronakarkonoszy.pl\/blog\/wp-content\/uploads\/2021\/08\/Umowa-na-wesele2-768x514.jpg 768w\" sizes=\"auto, (max-width: 1280px) 100vw, 1280px\" \/>            <\/div>\r\n<\/section>\n\n\n<h2 class=\"wp-block-heading\" id=\"ha-wesele-w-ogrodzie-czy-to-dobry-pomysl\">Wesele w ogrodzie &#8211; czy to dobry pomys\u0142?<\/h2>\n\n\n\n<p>\u015alub na \u015bwie\u017cym powietrzu? Oczywi\u015bcie! Kiedy je\u015bli nie w lecie? Wielu go\u015bci nie ma do dyspozycji w\u0142asnych ogrod\u00f3w, i z pewno\u015bci\u0105 doceni mo\u017cliwo\u015b\u0107 sp\u0119dzenia kilku czy kilkunastu godzin w otoczeniu przyrody. Ziele\u0144 wprawia nas w dobry nastr\u00f3j, poprawia humor, budzi pozytywne emocje, ro\u015bliny dost\u0119pne w poszczeg\u00f3lnych miesi\u0105cach umil\u0105 czas. Zdaniem psycholog\u00f3w to pozosta\u0142o\u015b\u0107 po naszych praprzodkach, kt\u00f3rzy wi\u0119kszo\u015b\u0107 czasu sp\u0119dzali na \u0142onie przyrody, tylko czasem chroni\u0105c si\u0119 w jaskiniach czy ziemiankach. Zorganizujmy wi\u0119c wesele w ogrodzie, odwo\u0142uj\u0105c si\u0119 w ten spos\u00f3b do m\u0105dro\u015bci naszych pierwotnych instynkt\u00f3w i wykorzystajmy kwitnienie kwiat\u00f3w na swoja korzy\u015b\u0107.<\/p>\n\n\n\n<figure class=\"wp-block-image size-full is-resized\"><img loading=\"lazy\" decoding=\"async\" width=\"800\" height=\"534\" src=\"https:\/\/www.koronakarkonoszy.pl\/blog\/wp-content\/uploads\/2021\/07\/Dkk-ogrod.jpg\" alt=\"DKK ogr\u00f3d\" class=\"wp-image-586\" style=\"width:799px;height:533px\" srcset=\"https:\/\/www.koronakarkonoszy.pl\/blog\/wp-content\/uploads\/2021\/07\/Dkk-ogrod.jpg 800w, https:\/\/www.koronakarkonoszy.pl\/blog\/wp-content\/uploads\/2021\/07\/Dkk-ogrod-300x200.jpg 300w, https:\/\/www.koronakarkonoszy.pl\/blog\/wp-content\/uploads\/2021\/07\/Dkk-ogrod-768x513.jpg 768w\" sizes=\"auto, (max-width: 800px) 100vw, 800px\" \/><figcaption class=\"wp-element-caption\"><strong>Ogr\u00f3d na wesele, <a href=\"https:\/\/www.koronakarkonoszy.pl\/wesele\/\" target=\"_blank\" rel=\"noreferrer noopener\">Dw\u00f3r Korona Karkonoszy,<\/a> Sosn\u00f3wka k. Karpacza<\/strong> <\/figcaption><\/figure>\n\n\n\n<p>Warto te\u017c pami\u0119ta\u0107, \u017ce S\u0142owianie zwykle zawierali \u015bluby w \u015bwi\u0119tych gajach. \u015alub i <a href=\"https:\/\/www.koronakarkonoszy.pl\/blog\/wesele-w-ogrodzie\/\" class=\"links-placer\">wesele w ogrodzie<\/a> mog\u0105 stanowi\u0107 kontynuacj\u0119 zwyczaj\u00f3w naszych protoplast\u00f3w. Pojawia si\u0119 tylko pytanie, jak przygotowa\u0107 <a href=\"https:\/\/www.koronakarkonoszy.pl\/blog\/ogrod-na-wesele\/\" target=\"_blank\" rel=\"noreferrer noopener\">ogr\u00f3d na wesele<\/a>? To proste &#8211; wykorzystajmy jego naturalny urok! Roz\u0142o\u017cyste, majestatyczne drzewa, obsypane kwieciem krzewy, bogactwo kwitn\u0105cych w\u0142a\u015bnie kwiat\u00f3w \u2013 dekoracje mamy za darmo, stworzone przez Matk\u0119 Natur\u0119. I jeszcze ten aromat, szczeg\u00f3lnie mocny w lipcowym powietrzu\u2026 Zale\u017cnie od typu ogrodu, mo\u017cemy urz\u0105dzi\u0107 \u015blub w stylu Hamptons (ogr\u00f3d marynistyczny), boho czy neofolk. Albo klasyczny angielski, je\u015bli marzy nam si\u0119 romantyczny \u015blub w otoczeniu przepi\u0119knie kwitn\u0105cych krzew\u00f3w r\u00f3\u017c. Je\u015bli z kolei bliski jest nam minimalizm, wybierzmy nowoczesny ogr\u00f3d w stylu geometrycznym. Lubimy estetyk\u0119 Wschodu \u2013 najlepszy b\u0119dzie ogr\u00f3d japo\u0144ski. Mo\u017cliwo\u015bci jest du\u017co, ka\u017cdy znajdzie co\u015b dla siebie.<\/p>\n\n\n<section id=\"leonardo-block_8c6305cd5813f916dc4917648acf4d05\" class=\"leonardo page-breaker leonardo-image-left\">\r\n    <div class=\"leonardo-body\">\r\n        <h2 class=\"leonardo-title\" id=\"h-wakacyjny-slub-w-lipcu\">Wakacyjny \u015blub w lipcu<\/h2>        <div class=\"leonardo-content\"><p><!-- wp:heading --><\/p>\n<p>Lipiec jest pierwszym miesi\u0105cem wakacji, rozpoczyna czas relaksu i odpoczynku. To te\u017c czas, kiedy naprawd\u0119 bez przeszk\u00f3d mo\u017cemy odda\u0107 si\u0119 temu, co dla nas naprawd\u0119 wa\u017cne. To moment na realizacj\u0119 odk\u0142adanych postanowie\u0144 i zaj\u0119cie si\u0119 tym, co nas pasjonuje. Podobnie \u015blub w lipcu mo\u017ce by\u0107 tym naszym spe\u0142nieniem marze\u0144. To te\u017c dobra wr\u00f3\u017cba &#8211; wej\u015b\u0107 w nowy etap \u017cycia w blasku s\u0142o\u0144ca i beztroski. Mo\u017cemy sobie te\u017c \u017cyczy\u0107, \u017ceby ca\u0142e nasze ma\u0142\u017ce\u0144skie \u017cycie przebiega\u0142o jak wymarzone wakacje.<\/p>\n<p><!-- \/wp:paragraph --> <!-- wp:paragraph --><\/p>\n<p>\u015alub i wesele w lipcu zawsze mo\u017cna po\u0142\u0105czy\u0107 z cho\u0107by kr\u00f3tkim urlopem i podr\u00f3\u017c\u0105 po\u015blubn\u0105. To idealny moment na takie przed\u0142u\u017cone wesele w gronie najbli\u017cszych przyjaci\u00f3\u0142 i rodziny. Jest to okres, kiedy wi\u0119kszo\u015b\u0107 z nas i tak planuje wakacje. Nie powinno by\u0107 wi\u0119c k\u0142opotu z uzyskaniem wolnego w pracy. Je\u015bli wesele zaplanujemy z odpowiednim wyprzedzeniem i poinformujemy o naszych planach przyjaci\u00f3\u0142, to bez problemu mo\u017cemy do\u0142o\u017cy\u0107 kilka dni na wypoczynek po \u015blubnych przygotowaniach i ceremoniach.<\/p>\n<p><!-- \/wp:paragraph --><\/p>\n<\/div>\r\n                    <aside class=\"leonardo-interlink\">\r\n                <b>Polecamy<\/b>\r\n                <a href=\"https:\/\/www.koronakarkonoszy.pl\/blog\/en\/dworek-na-wesele\/\">Bajkowy dworek na wesele \u2013 jak znale\u017a\u0107 idealny?<\/a>\r\n            <\/aside>\r\n            <\/div>\r\n    <div class=\"leonardo-image\">\r\n        <img loading=\"lazy\" decoding=\"async\" width=\"1707\" height=\"2560\" src=\"https:\/\/www.koronakarkonoszy.pl\/blog\/wp-content\/uploads\/2021\/10\/Suknia-slubna-na-letnie-wesele-scaled.jpg\" class=\"attachment-full size-full\" alt=\"\" srcset=\"https:\/\/www.koronakarkonoszy.pl\/blog\/wp-content\/uploads\/2021\/10\/Suknia-slubna-na-letnie-wesele-scaled.jpg 1707w, https:\/\/www.koronakarkonoszy.pl\/blog\/wp-content\/uploads\/2021\/10\/Suknia-slubna-na-letnie-wesele-200x300.jpg 200w, https:\/\/www.koronakarkonoszy.pl\/blog\/wp-content\/uploads\/2021\/10\/Suknia-slubna-na-letnie-wesele-683x1024.jpg 683w, https:\/\/www.koronakarkonoszy.pl\/blog\/wp-content\/uploads\/2021\/10\/Suknia-slubna-na-letnie-wesele-768x1152.jpg 768w, https:\/\/www.koronakarkonoszy.pl\/blog\/wp-content\/uploads\/2021\/10\/Suknia-slubna-na-letnie-wesele-1280x1920.jpg 1280w, https:\/\/www.koronakarkonoszy.pl\/blog\/wp-content\/uploads\/2021\/10\/Suknia-slubna-na-letnie-wesele-1024x1536.jpg 1024w, https:\/\/www.koronakarkonoszy.pl\/blog\/wp-content\/uploads\/2021\/10\/Suknia-slubna-na-letnie-wesele-1365x2048.jpg 1365w, https:\/\/www.koronakarkonoszy.pl\/blog\/wp-content\/uploads\/2021\/10\/Suknia-slubna-na-letnie-wesele-8x12.jpg 8w\" sizes=\"auto, (max-width: 1707px) 100vw, 1707px\" \/>            <\/div>\r\n<\/section>\n\n\n<h3 class=\"wp-block-heading\" id=\"ha-slub-w-lipcu-wady-i-zalety\">\u015alub w lipcu &#8211; wady i zalety<\/h3>\n\n\n\n<p>\u015alub w lipcu ma oczywi\u015bcie swoje wady i zalety. Rozwa\u017cmy niekt\u00f3re z nich. Na przyk\u0142ad pogod\u0119 w lipcu. Cho\u0107 to \u015brodek lata, lipiec w Polsce jest jednym z najbardziej deszczowych miesi\u0119cy. Na szcz\u0119\u015bcie letnie opady na og\u00f3\u0142 trwaj\u0105 kr\u00f3tko, za to mog\u0105 by\u0107 gwa\u0142towne. Zw\u0142aszcza planuj\u0105c \u015blub w plenerze warto mie\u0107 pogod\u0119 na uwadze. W przypadku letniej burzy po prostu trzeba si\u0119 na chwil\u0119 schroni\u0107 w bezpiecznym miejscu, a p\u00f3\u017aniej na og\u00f3\u0142 powietrze jest przyjemnie orze\u017awiaj\u0105ce. S\u0142o\u0144ce, ciep\u0142o i d\u0142ugi lipcowy dzie\u0144 to z pewno\u015bci\u0105 zalety.<\/p>\n\n\n\n<figure class=\"wp-block-image size-full\"><img loading=\"lazy\" decoding=\"async\" width=\"744\" height=\"497\" src=\"https:\/\/www.koronakarkonoszy.pl\/blog\/wp-content\/uploads\/2022\/12\/wesele-w-plenerze.jpg\" alt=\"\" class=\"wp-image-6540\" srcset=\"https:\/\/www.koronakarkonoszy.pl\/blog\/wp-content\/uploads\/2022\/12\/wesele-w-plenerze.jpg 744w, https:\/\/www.koronakarkonoszy.pl\/blog\/wp-content\/uploads\/2022\/12\/wesele-w-plenerze-300x200.jpg 300w\" sizes=\"auto, (max-width: 744px) 100vw, 744px\" \/><figcaption class=\"wp-element-caption\"><strong>Wesela w plenerze,<\/strong> <strong><a href=\"https:\/\/www.koronakarkonoszy.pl\/wesele\/\" target=\"_blank\" rel=\"noreferrer noopener\">Dw\u00f3r Korona Karkonoszy,<\/a> Sosn\u00f3wka k. Karpacza<\/strong> <\/figcaption><\/figure>\n\n\n\n<p><strong>Inne plusy to mo\u017cliwo\u015b\u0107 przygotowania tak lubianych da\u0144 z grilla podczas przyj\u0119cia weselnego w ogrodzie<\/strong>. A tak\u017ce mo\u017cliwo\u015b\u0107 z\u0142apania chwili wytchnienia w ogrodzie w przypadku bardzo intensywnej zabawy. Ponadto kuchnia w lipcu obfituje w sezonowe owoce i warzywa.<\/p>\n\n\n\n<p>Z kolei wad\u0105 mo\u017ce by\u0107 to na przyk\u0142ad, \u017ce desery czy <a href=\"https:\/\/www.koronakarkonoszy.pl\/blog\/lody-na-wesele-musza-byc-czy-niekoniecznie\/\" target=\"_blank\" rel=\"noreferrer noopener\">lody na wesele<\/a> w gor\u0105cy letni dzie\u0144 szybko si\u0119 topi\u0105, a napoje grzej\u0105. Jednak nie jest to wielki problem. Rozwi\u0105zaniem jest po prostu przygotowanie nieco wi\u0119kszej ilo\u015bci napoj\u00f3w i podawanie ich cz\u0119\u015bciej, odpowiednio sch\u0142odzonych.<\/p>\n\n\n\n<figure class=\"wp-block-image size-full\"><img loading=\"lazy\" decoding=\"async\" width=\"800\" height=\"534\" src=\"https:\/\/www.koronakarkonoszy.pl\/blog\/wp-content\/uploads\/2021\/07\/poprawiny_-grill-w-ogrodzie__2_.jpg\" alt=\"poprawiny grill w ogrodzie\" class=\"wp-image-694\" srcset=\"https:\/\/www.koronakarkonoszy.pl\/blog\/wp-content\/uploads\/2021\/07\/poprawiny_-grill-w-ogrodzie__2_.jpg 800w, https:\/\/www.koronakarkonoszy.pl\/blog\/wp-content\/uploads\/2021\/07\/poprawiny_-grill-w-ogrodzie__2_-300x200.jpg 300w, https:\/\/www.koronakarkonoszy.pl\/blog\/wp-content\/uploads\/2021\/07\/poprawiny_-grill-w-ogrodzie__2_-768x513.jpg 768w\" sizes=\"auto, (max-width: 800px) 100vw, 800px\" \/><figcaption class=\"wp-element-caption\"><strong>Poprawiny w ogrodzie, <a href=\"https:\/\/www.koronakarkonoszy.pl\/wesele\/\" target=\"_blank\" rel=\"noreferrer noopener\">Dw\u00f3r Korona Karkonoszy,<\/a> Sosn\u00f3wka k. Karpacza<\/strong> <\/figcaption><\/figure>\n\n\n\n<p>Optymalna sytuacja to taka, kiedy organizuj\u0105c \u015blub mamy do dyspozycji i pi\u0119kny ogr\u00f3d do ceremonii \u015blubnej, i jednocze\u015bnie sal\u0119 balow\u0105 na wiecz\u00f3r albo niepogod\u0119. Dobrym przyk\u0142adem takiego obiektu jest <strong>Dw\u00f3r Korona Karkonoszy<\/strong>. Jak m\u00f3wi wieloletnia organizatorka wesel, Joanna Hoc-Kopiej: pogoda, jaka by nie by\u0142a, mo\u017ce doda\u0107 tylko blasku organizowanym u nas uroczysto\u015bciom.<\/p>\n\n\n\n<figure class=\"wp-block-image size-large\"><a href=\"https:\/\/www.koronakarkonoszy.pl\/wesele\/\" target=\"_blank\" rel=\"noreferrer noopener\"><img loading=\"lazy\" decoding=\"async\" width=\"1024\" height=\"512\" src=\"https:\/\/www.koronakarkonoszy.pl\/blog\/wp-content\/uploads\/2022\/06\/stylowy_dwor_wesleny_DKK-3-1024x512.jpg\" alt=\"\" class=\"wp-image-4637\" srcset=\"https:\/\/www.koronakarkonoszy.pl\/blog\/wp-content\/uploads\/2022\/06\/stylowy_dwor_wesleny_DKK-3-1024x512.jpg 1024w, https:\/\/www.koronakarkonoszy.pl\/blog\/wp-content\/uploads\/2022\/06\/stylowy_dwor_wesleny_DKK-3-300x150.jpg 300w, https:\/\/www.koronakarkonoszy.pl\/blog\/wp-content\/uploads\/2022\/06\/stylowy_dwor_wesleny_DKK-3-768x384.jpg 768w, https:\/\/www.koronakarkonoszy.pl\/blog\/wp-content\/uploads\/2022\/06\/stylowy_dwor_wesleny_DKK-3.jpg 1200w\" sizes=\"auto, (max-width: 1024px) 100vw, 1024px\" \/><\/a><\/figure>\n\n\n\n<p>Inne, wspomniane ju\u017c wady to mniejsza dost\u0119pno\u015b\u0107 sal weselnych i \u015blubnych us\u0142ug &#8211; zespo\u0142y muzyczne, fotograf czy stylistka i florystka zwykle maj\u0105 zakontraktowane terminy na wiele tygodni naprz\u00f3d. W tak wysokim sezonie ceny tych us\u0142ug r\u00f3wnie\u017c mog\u0105 by\u0107 nieco wy\u017csze. Warto jednak sprawdza\u0107 dost\u0119pne terminy i wykorzysta\u0107 okazj\u0119, je\u015bli taka si\u0119 pojawi. Ponadto mo\u017cna zorganizowa\u0107 <a href=\"https:\/\/www.koronakarkonoszy.pl\/blog\/slub-w-piatek-modny-zwyczaj-ostatnich-lat\/\" target=\"_blank\" rel=\"noreferrer noopener\">\u015blub w pi\u0105tek<\/a>, poniedzia\u0142ek albo czwartek. Powinno by\u0107 przy okazji nieco taniej. &nbsp;<\/p>\n\n\n<section id=\"leonardo-block_5e117dc3bc0913e35661855841b97038\" class=\"leonardo page-breaker leonardo-image-right\">\r\n    <div class=\"leonardo-body\">\r\n                <div class=\"leonardo-content\"><p style=\"margin-bottom: 0cm;\">Nie bez przyczyny lato uchodzi za jeden z najlepszych moment\u00f3w na zawarcie zwi\u0105zku ma\u0142\u017ce\u0144skiego. S\u0142oneczna, pogodna aura tworzy znakomite t\u0142o dla romantycznego przyj\u0119cia weselnego. Letnie wesele to tak\u017ce najpi\u0119kniejsze kwiaty na wesele , bukiet lipcowy jest niepor\u00f3wnywalny z innymi.<\/p>\n<p style=\"margin-bottom: 0cm;\">\u015alub w lipcu mo\u017ce by\u0107 naprawd\u0119 magiczny! Grunt to stworzy\u0107 niepowtarzaln\u0105 aran\u017cacj\u0119 weseln\u0105, kt\u00f3ra przeniesie go\u015bci w niesamowity \u015bwiat wy\u015bmienitej zabawy i niezapomnianych wra\u017ce\u0144.<\/p>\n<\/div>\r\n                    <aside class=\"leonardo-interlink\">\r\n                <b>Polecamy<\/b>\r\n                <a href=\"https:\/\/www.koronakarkonoszy.pl\/blog\/en\/czy-warto-organizowac-poprawiny\/\">Czy warto organizowa\u0107 poprawiny?<\/a>\r\n            <\/aside>\r\n            <\/div>\r\n    <div class=\"leonardo-image\">\r\n        <img loading=\"lazy\" decoding=\"async\" width=\"1254\" height=\"836\" src=\"https:\/\/www.koronakarkonoszy.pl\/blog\/wp-content\/uploads\/2021\/10\/wesele-w-lipcu2.jpg\" class=\"attachment-full size-full\" alt=\"\" srcset=\"https:\/\/www.koronakarkonoszy.pl\/blog\/wp-content\/uploads\/2021\/10\/wesele-w-lipcu2.jpg 1254w, https:\/\/www.koronakarkonoszy.pl\/blog\/wp-content\/uploads\/2021\/10\/wesele-w-lipcu2-300x200.jpg 300w, https:\/\/www.koronakarkonoszy.pl\/blog\/wp-content\/uploads\/2021\/10\/wesele-w-lipcu2-1024x683.jpg 1024w, https:\/\/www.koronakarkonoszy.pl\/blog\/wp-content\/uploads\/2021\/10\/wesele-w-lipcu2-768x512.jpg 768w\" sizes=\"auto, (max-width: 1254px) 100vw, 1254px\" \/>            <\/div>\r\n<\/section>","protected":false},"excerpt":{"rendered":"<p>Organizacja wesela to du\u017ce przedsi\u0119wzi\u0119cie. To czas na dob\u00f3r idealnych kreacji, dope\u0142nienie wszelkich formalno\u015bci zwi\u0105zanych z ceremoni\u0105, znalezienie doskona\u0142ej sali weselnej. Kolejna decyzja: jakie kwiaty na \u015blub w lipcu? Dlaczego za gor\u0105cy sezon \u015blubny uznaje si\u0119 lato? I jak zorganizowa\u0107 niepowtarzalny \u015blub w lipcu i wesele, kt\u00f3re wspomina\u0107 b\u0119dziemy przez lata? \u015alub i wesele to [&hellip;]<\/p>\n","protected":false},"author":11,"featured_media":2059,"comment_status":"closed","ping_status":"closed","sticky":false,"template":"","format":"standard","meta":{"_acf_changed":false,"footnotes":""},"categories":[16,2,12],"class_list":["post-2058","post","type-post","status-publish","format-standard","has-post-thumbnail","hentry","category-kiedy-wesele","category-porady","category-wesele-lato"],"acf":[],"yoast_head":"<!-- This site is optimized with the Yoast SEO plugin v27.5 - https:\/\/yoast.com\/product\/yoast-seo-wordpress\/ -->\n<title>\u015alub w lipcu \u2013 jak wybra\u0107 idealny motyw przewodni? - :: Blog weselny<\/title>\n<meta name=\"description\" content=\"Za gor\u0105cy sezon \u015blubny uznaje si\u0119 lato. Jak zorganizowa\u0107 niepowtarzalny \u015blub w lipcu i wesele, kt\u00f3re wspomina\u0107 b\u0119dziemy przez lata?\" \/>\n<meta name=\"robots\" content=\"index, follow, max-snippet:-1, max-image-preview:large, max-video-preview:-1\" \/>\n<link rel=\"canonical\" href=\"https:\/\/www.koronakarkonoszy.pl\/blog\/en\/wedding-in-july-2\/\" \/>\n<meta property=\"og:locale\" content=\"en_GB\" \/>\n<meta property=\"og:type\" content=\"article\" \/>\n<meta property=\"og:title\" content=\"\u015alub w lipcu \u2013 jak wybra\u0107 idealny motyw przewodni? - :: Blog weselny\" \/>\n<meta property=\"og:description\" content=\"Za gor\u0105cy sezon \u015blubny uznaje si\u0119 lato. Jak zorganizowa\u0107 niepowtarzalny \u015blub w lipcu i wesele, kt\u00f3re wspomina\u0107 b\u0119dziemy przez lata?\" \/>\n<meta property=\"og:url\" content=\"https:\/\/www.koronakarkonoszy.pl\/blog\/en\/wedding-in-july-2\/\" \/>\n<meta property=\"og:site_name\" content=\":: Blog weselny\" \/>\n<meta property=\"article:published_time\" content=\"2023-07-12T16:45:00+00:00\" \/>\n<meta property=\"article:modified_time\" content=\"2023-12-05T18:09:54+00:00\" \/>\n<meta property=\"og:image\" content=\"https:\/\/www.koronakarkonoszy.pl\/blog\/wp-content\/uploads\/2021\/10\/wesele-w-lipcu.jpg\" \/>\n\t<meta property=\"og:image:width\" content=\"1254\" \/>\n\t<meta property=\"og:image:height\" content=\"835\" \/>\n\t<meta property=\"og:image:type\" content=\"image\/jpeg\" \/>\n<meta name=\"author\" content=\"agnieszka\" \/>\n<meta name=\"twitter:card\" content=\"summary_large_image\" \/>\n<meta name=\"twitter:label1\" content=\"Written by\" \/>\n\t<meta name=\"twitter:data1\" content=\"agnieszka\" \/>\n\t<meta name=\"twitter:label2\" content=\"Estimated reading time\" \/>\n\t<meta name=\"twitter:data2\" content=\"21 minutes\" \/>\n<script type=\"application\/ld+json\" class=\"yoast-schema-graph\">{\"@context\":\"https:\\\/\\\/schema.org\",\"@graph\":[{\"@type\":\"Article\",\"@id\":\"https:\\\/\\\/www.koronakarkonoszy.pl\\\/blog\\\/slub-w-lipcu\\\/#article\",\"isPartOf\":{\"@id\":\"https:\\\/\\\/www.koronakarkonoszy.pl\\\/blog\\\/slub-w-lipcu\\\/\"},\"author\":{\"name\":\"agnieszka\",\"@id\":\"https:\\\/\\\/www.koronakarkonoszy.pl\\\/blog\\\/#\\\/schema\\\/person\\\/ec8c88bd01ebe6cbf6a16435ce22276f\"},\"headline\":\"\u015alub w lipcu \u2013 jak wybra\u0107 idealny motyw przewodni?\",\"datePublished\":\"2023-07-12T16:45:00+00:00\",\"dateModified\":\"2023-12-05T18:09:54+00:00\",\"mainEntityOfPage\":{\"@id\":\"https:\\\/\\\/www.koronakarkonoszy.pl\\\/blog\\\/slub-w-lipcu\\\/\"},\"wordCount\":3605,\"image\":{\"@id\":\"https:\\\/\\\/www.koronakarkonoszy.pl\\\/blog\\\/slub-w-lipcu\\\/#primaryimage\"},\"thumbnailUrl\":\"https:\\\/\\\/www.koronakarkonoszy.pl\\\/blog\\\/wp-content\\\/uploads\\\/2021\\\/10\\\/wesele-w-lipcu.jpg\",\"articleSection\":[\"Kiedy wesele\",\"Porady\",\"Wesele lato\"],\"inLanguage\":\"en-GB\"},{\"@type\":\"WebPage\",\"@id\":\"https:\\\/\\\/www.koronakarkonoszy.pl\\\/blog\\\/slub-w-lipcu\\\/\",\"url\":\"https:\\\/\\\/www.koronakarkonoszy.pl\\\/blog\\\/slub-w-lipcu\\\/\",\"name\":\"\u015alub w lipcu \u2013 jak wybra\u0107 idealny motyw przewodni? - :: Blog weselny\",\"isPartOf\":{\"@id\":\"https:\\\/\\\/www.koronakarkonoszy.pl\\\/blog\\\/#website\"},\"primaryImageOfPage\":{\"@id\":\"https:\\\/\\\/www.koronakarkonoszy.pl\\\/blog\\\/slub-w-lipcu\\\/#primaryimage\"},\"image\":{\"@id\":\"https:\\\/\\\/www.koronakarkonoszy.pl\\\/blog\\\/slub-w-lipcu\\\/#primaryimage\"},\"thumbnailUrl\":\"https:\\\/\\\/www.koronakarkonoszy.pl\\\/blog\\\/wp-content\\\/uploads\\\/2021\\\/10\\\/wesele-w-lipcu.jpg\",\"datePublished\":\"2023-07-12T16:45:00+00:00\",\"dateModified\":\"2023-12-05T18:09:54+00:00\",\"author\":{\"@id\":\"https:\\\/\\\/www.koronakarkonoszy.pl\\\/blog\\\/#\\\/schema\\\/person\\\/ec8c88bd01ebe6cbf6a16435ce22276f\"},\"description\":\"Za gor\u0105cy sezon \u015blubny uznaje si\u0119 lato. Jak zorganizowa\u0107 niepowtarzalny \u015blub w lipcu i wesele, kt\u00f3re wspomina\u0107 b\u0119dziemy przez lata?\",\"breadcrumb\":{\"@id\":\"https:\\\/\\\/www.koronakarkonoszy.pl\\\/blog\\\/slub-w-lipcu\\\/#breadcrumb\"},\"inLanguage\":\"en-GB\",\"potentialAction\":[{\"@type\":\"ReadAction\",\"target\":[\"https:\\\/\\\/www.koronakarkonoszy.pl\\\/blog\\\/slub-w-lipcu\\\/\"]}]},{\"@type\":\"ImageObject\",\"inLanguage\":\"en-GB\",\"@id\":\"https:\\\/\\\/www.koronakarkonoszy.pl\\\/blog\\\/slub-w-lipcu\\\/#primaryimage\",\"url\":\"https:\\\/\\\/www.koronakarkonoszy.pl\\\/blog\\\/wp-content\\\/uploads\\\/2021\\\/10\\\/wesele-w-lipcu.jpg\",\"contentUrl\":\"https:\\\/\\\/www.koronakarkonoszy.pl\\\/blog\\\/wp-content\\\/uploads\\\/2021\\\/10\\\/wesele-w-lipcu.jpg\",\"width\":1254,\"height\":835,\"caption\":\"\u015alub w lipcu \u2013 jak wybra\u0107 idealny motyw przewodni?\"},{\"@type\":\"BreadcrumbList\",\"@id\":\"https:\\\/\\\/www.koronakarkonoszy.pl\\\/blog\\\/slub-w-lipcu\\\/#breadcrumb\",\"itemListElement\":[{\"@type\":\"ListItem\",\"position\":1,\"name\":\"Strona g\u0142\u00f3wna\",\"item\":\"https:\\\/\\\/www.koronakarkonoszy.pl\\\/blog\\\/\"},{\"@type\":\"ListItem\",\"position\":2,\"name\":\"\u015alub w lipcu \u2013 jak wybra\u0107 idealny motyw przewodni?\"}]},{\"@type\":\"WebSite\",\"@id\":\"https:\\\/\\\/www.koronakarkonoszy.pl\\\/blog\\\/#website\",\"url\":\"https:\\\/\\\/www.koronakarkonoszy.pl\\\/blog\\\/\",\"name\":\":: Blog weselny\",\"description\":\"Blog weselny Dw\u00f3r Korona Karkonoszy\",\"potentialAction\":[{\"@type\":\"SearchAction\",\"target\":{\"@type\":\"EntryPoint\",\"urlTemplate\":\"https:\\\/\\\/www.koronakarkonoszy.pl\\\/blog\\\/?s={search_term_string}\"},\"query-input\":{\"@type\":\"PropertyValueSpecification\",\"valueRequired\":true,\"valueName\":\"search_term_string\"}}],\"inLanguage\":\"en-GB\"},{\"@type\":\"Person\",\"@id\":\"https:\\\/\\\/www.koronakarkonoszy.pl\\\/blog\\\/#\\\/schema\\\/person\\\/ec8c88bd01ebe6cbf6a16435ce22276f\",\"name\":\"agnieszka\",\"image\":{\"@type\":\"ImageObject\",\"inLanguage\":\"en-GB\",\"@id\":\"https:\\\/\\\/www.koronakarkonoszy.pl\\\/blog\\\/wp-content\\\/litespeed\\\/avatar\\\/53ee7b676463f74d0aea1a09de3d003b.jpg?ver=1777438794\",\"url\":\"https:\\\/\\\/www.koronakarkonoszy.pl\\\/blog\\\/wp-content\\\/litespeed\\\/avatar\\\/53ee7b676463f74d0aea1a09de3d003b.jpg?ver=1777438794\",\"contentUrl\":\"https:\\\/\\\/www.koronakarkonoszy.pl\\\/blog\\\/wp-content\\\/litespeed\\\/avatar\\\/53ee7b676463f74d0aea1a09de3d003b.jpg?ver=1777438794\",\"caption\":\"agnieszka\"},\"url\":\"https:\\\/\\\/www.koronakarkonoszy.pl\\\/blog\\\/en\\\/author\\\/agnieszka\\\/\"}]}<\/script>\n<!-- \/ Yoast SEO plugin. -->","yoast_head_json":{"title":"Wedding in July \u2013 how to choose the perfect theme? - :: Wedding blog","description":"Summer is considered the hot wedding season. How to organize a unique wedding in July and a wedding that we will remember for years?","robots":{"index":"index","follow":"follow","max-snippet":"max-snippet:-1","max-image-preview":"max-image-preview:large","max-video-preview":"max-video-preview:-1"},"canonical":"https:\/\/www.koronakarkonoszy.pl\/blog\/en\/wedding-in-july-2\/","og_locale":"en_GB","og_type":"article","og_title":"\u015alub w lipcu \u2013 jak wybra\u0107 idealny motyw przewodni? - :: Blog weselny","og_description":"Za gor\u0105cy sezon \u015blubny uznaje si\u0119 lato. Jak zorganizowa\u0107 niepowtarzalny \u015blub w lipcu i wesele, kt\u00f3re wspomina\u0107 b\u0119dziemy przez lata?","og_url":"https:\/\/www.koronakarkonoszy.pl\/blog\/en\/wedding-in-july-2\/","og_site_name":":: Blog weselny","article_published_time":"2023-07-12T16:45:00+00:00","article_modified_time":"2023-12-05T18:09:54+00:00","og_image":[{"width":1254,"height":835,"url":"https:\/\/www.koronakarkonoszy.pl\/blog\/wp-content\/uploads\/2021\/10\/wesele-w-lipcu.jpg","type":"image\/jpeg"}],"author":"agnieszka","twitter_card":"summary_large_image","twitter_misc":{"Written by":"agnieszka","Estimated reading time":"21 minutes"},"schema":{"@context":"https:\/\/schema.org","@graph":[{"@type":"Article","@id":"https:\/\/www.koronakarkonoszy.pl\/blog\/slub-w-lipcu\/#article","isPartOf":{"@id":"https:\/\/www.koronakarkonoszy.pl\/blog\/slub-w-lipcu\/"},"author":{"name":"agnieszka","@id":"https:\/\/www.koronakarkonoszy.pl\/blog\/#\/schema\/person\/ec8c88bd01ebe6cbf6a16435ce22276f"},"headline":"\u015alub w lipcu \u2013 jak wybra\u0107 idealny motyw przewodni?","datePublished":"2023-07-12T16:45:00+00:00","dateModified":"2023-12-05T18:09:54+00:00","mainEntityOfPage":{"@id":"https:\/\/www.koronakarkonoszy.pl\/blog\/slub-w-lipcu\/"},"wordCount":3605,"image":{"@id":"https:\/\/www.koronakarkonoszy.pl\/blog\/slub-w-lipcu\/#primaryimage"},"thumbnailUrl":"https:\/\/www.koronakarkonoszy.pl\/blog\/wp-content\/uploads\/2021\/10\/wesele-w-lipcu.jpg","articleSection":["Kiedy wesele","Porady","Wesele lato"],"inLanguage":"en-GB"},{"@type":"WebPage","@id":"https:\/\/www.koronakarkonoszy.pl\/blog\/slub-w-lipcu\/","url":"https:\/\/www.koronakarkonoszy.pl\/blog\/slub-w-lipcu\/","name":"Wedding in July \u2013 how to choose the perfect theme? - :: Wedding blog","isPartOf":{"@id":"https:\/\/www.koronakarkonoszy.pl\/blog\/#website"},"primaryImageOfPage":{"@id":"https:\/\/www.koronakarkonoszy.pl\/blog\/slub-w-lipcu\/#primaryimage"},"image":{"@id":"https:\/\/www.koronakarkonoszy.pl\/blog\/slub-w-lipcu\/#primaryimage"},"thumbnailUrl":"https:\/\/www.koronakarkonoszy.pl\/blog\/wp-content\/uploads\/2021\/10\/wesele-w-lipcu.jpg","datePublished":"2023-07-12T16:45:00+00:00","dateModified":"2023-12-05T18:09:54+00:00","author":{"@id":"https:\/\/www.koronakarkonoszy.pl\/blog\/#\/schema\/person\/ec8c88bd01ebe6cbf6a16435ce22276f"},"description":"Summer is considered the hot wedding season. How to organize a unique wedding in July and a wedding that we will remember for years?","breadcrumb":{"@id":"https:\/\/www.koronakarkonoszy.pl\/blog\/slub-w-lipcu\/#breadcrumb"},"inLanguage":"en-GB","potentialAction":[{"@type":"ReadAction","target":["https:\/\/www.koronakarkonoszy.pl\/blog\/slub-w-lipcu\/"]}]},{"@type":"ImageObject","inLanguage":"en-GB","@id":"https:\/\/www.koronakarkonoszy.pl\/blog\/slub-w-lipcu\/#primaryimage","url":"https:\/\/www.koronakarkonoszy.pl\/blog\/wp-content\/uploads\/2021\/10\/wesele-w-lipcu.jpg","contentUrl":"https:\/\/www.koronakarkonoszy.pl\/blog\/wp-content\/uploads\/2021\/10\/wesele-w-lipcu.jpg","width":1254,"height":835,"caption":"\u015alub w lipcu \u2013 jak wybra\u0107 idealny motyw przewodni?"},{"@type":"BreadcrumbList","@id":"https:\/\/www.koronakarkonoszy.pl\/blog\/slub-w-lipcu\/#breadcrumb","itemListElement":[{"@type":"ListItem","position":1,"name":"Strona g\u0142\u00f3wna","item":"https:\/\/www.koronakarkonoszy.pl\/blog\/"},{"@type":"ListItem","position":2,"name":"\u015alub w lipcu \u2013 jak wybra\u0107 idealny motyw przewodni?"}]},{"@type":"WebSite","@id":"https:\/\/www.koronakarkonoszy.pl\/blog\/#website","url":"https:\/\/www.koronakarkonoszy.pl\/blog\/","name":":: Wedding blog","description":"Wedding blog Dw\u00f3r Korona Karkonosze","potentialAction":[{"@type":"SearchAction","target":{"@type":"EntryPoint","urlTemplate":"https:\/\/www.koronakarkonoszy.pl\/blog\/?s={search_term_string}"},"query-input":{"@type":"PropertyValueSpecification","valueRequired":true,"valueName":"search_term_string"}}],"inLanguage":"en-GB"},{"@type":"Person","@id":"https:\/\/www.koronakarkonoszy.pl\/blog\/#\/schema\/person\/ec8c88bd01ebe6cbf6a16435ce22276f","name":"Agnes","image":{"@type":"ImageObject","inLanguage":"en-GB","@id":"https:\/\/www.koronakarkonoszy.pl\/blog\/wp-content\/litespeed\/avatar\/53ee7b676463f74d0aea1a09de3d003b.jpg?ver=1777438794","url":"https:\/\/www.koronakarkonoszy.pl\/blog\/wp-content\/litespeed\/avatar\/53ee7b676463f74d0aea1a09de3d003b.jpg?ver=1777438794","contentUrl":"https:\/\/www.koronakarkonoszy.pl\/blog\/wp-content\/litespeed\/avatar\/53ee7b676463f74d0aea1a09de3d003b.jpg?ver=1777438794","caption":"agnieszka"},"url":"https:\/\/www.koronakarkonoszy.pl\/blog\/en\/author\/agnieszka\/"}]}},"_links":{"self":[{"href":"https:\/\/www.koronakarkonoszy.pl\/blog\/en\/wp-json\/wp\/v2\/posts\/2058","targetHints":{"allow":["GET"]}}],"collection":[{"href":"https:\/\/www.koronakarkonoszy.pl\/blog\/en\/wp-json\/wp\/v2\/posts"}],"about":[{"href":"https:\/\/www.koronakarkonoszy.pl\/blog\/en\/wp-json\/wp\/v2\/types\/post"}],"author":[{"embeddable":true,"href":"https:\/\/www.koronakarkonoszy.pl\/blog\/en\/wp-json\/wp\/v2\/users\/11"}],"replies":[{"embeddable":true,"href":"https:\/\/www.koronakarkonoszy.pl\/blog\/en\/wp-json\/wp\/v2\/comments?post=2058"}],"version-history":[{"count":0,"href":"https:\/\/www.koronakarkonoszy.pl\/blog\/en\/wp-json\/wp\/v2\/posts\/2058\/revisions"}],"wp:featuredmedia":[{"embeddable":true,"href":"https:\/\/www.koronakarkonoszy.pl\/blog\/en\/wp-json\/wp\/v2\/media\/2059"}],"wp:attachment":[{"href":"https:\/\/www.koronakarkonoszy.pl\/blog\/en\/wp-json\/wp\/v2\/media?parent=2058"}],"wp:term":[{"taxonomy":"category","embeddable":true,"href":"https:\/\/www.koronakarkonoszy.pl\/blog\/en\/wp-json\/wp\/v2\/categories?post=2058"}],"curies":[{"name":"wp","href":"https:\/\/api.w.org\/{rel}","templated":true}]}}