{"id":1734,"date":"2024-06-01T15:08:00","date_gmt":"2024-06-01T13:08:00","guid":{"rendered":"https:\/\/www.koronakarkonoszy.pl\/blog\/?p=1734"},"modified":"2024-07-17T12:42:51","modified_gmt":"2024-07-17T10:42:51","slug":"wedding-season-2","status":"publish","type":"post","link":"https:\/\/www.koronakarkonoszy.pl\/blog\/en\/sezon-slubny\/","title":{"rendered":"Hot wedding season - when is the best time to organize a wedding?"},"content":{"rendered":"\n<p>Jeszcze do niedawna lato uchodzi\u0142o za gor\u0105cy <a href=\"https:\/\/www.koronakarkonoszy.pl\/blog\/sezon-slubny\/\" class=\"links-placer\">sezon \u015blubny<\/a>. Popularno\u015b\u0107 okresu wakacyjnego jako idealnego czasu na \u015blubn\u0105 ceremoni\u0119 sprawia\u0142a jednak, \u017ce pary cz\u0119sto\u00a0musia\u0142y rezygnowa\u0107 z wymarzonych lokal\u00f3w weselnych. Dlaczego? Poniewa\u017c brakowa\u0142o termin\u00f3w. Ka\u017cdy chcia\u0142 wzi\u0105\u0107 \u015blub latem. Dzi\u015b \u015bluby organizuje si\u0119 przez ca\u0142y rok! Ka\u017cda pora ma swoje plusy i minusy. Jak wi\u0119c wybra\u0107 najlepsz\u0105?\u00a0<\/p>\n\n\n\n<h3 class=\"wp-block-heading\" id=\"ha-czego-sie-dowiesz-z-artykulu\">Czego si\u0119 dowiesz z artyku\u0142u?<\/h3>\n\n\n\n<p>Czy sezon \u015blubny oznacza konkretn\u0105 por\u0119 roku? Czy najcieplejsze miesi\u0105ce to jedyny czas, kiedy warto organizowa\u0107 \u015blub? A mo\u017ce dzie\u0144 zawarcia ma\u0142\u017ce\u0144stwa ma wp\u0142yw na przysz\u0142e szcz\u0119\u015bcie pary m\u0142odej? W rzeczywisto\u015bci, sezon \u015blub\u00f3w trwa przez ca\u0142y rok, a organizacja wesela poza tradycyjnym sezonem mo\u017ce przynie\u015b\u0107 wiele korzy\u015bci. W tym wpisie przyjrzymy si\u0119 r\u00f3\u017cnym aspektom i mitom zwi\u0105zanym z terminem \u015blubu oraz podpowiemy, dlaczego warto rozwa\u017cy\u0107 wesele w tzw. niskim sezonie.<\/p>\n\n\n<div id=\"ariadna-block_e4bbf514b64d0205bea6e2cdcfefb7ad\" class=\"ariadna\">\r\n    <ul><li><a href=\"#h-sezon-lubny-a-pory-roku\">Czy sezon \u015blubny oznacza konkretn\u0105 por\u0119 roku?<\/a><\/li><li><a href=\"#h-czy-sezon-lubny-przypada-na-najcieplejsze-miesi-ce\">Czy sezon \u015blubny przypada na najcieplejsze miesi\u0105ce?&nbsp;<\/a><\/li><li><a href=\"#ha-czy-dzien-slubu-wplywa-na-szczescie-w-malzenstwie\">Czy dzie\u0144 \u015blubu wp\u0142ywa na szcz\u0119\u015bcie w ma\u0142\u017ce\u0144stwie?<\/a><\/li><li><a href=\"#ha-jakie-korzysci-daje-wesele-w-niskim-sezonie-slubnym\">Jakie korzy\u015bci daje wesele w niskim sezonie \u015blubnym?<\/a><\/li><li><a href=\"#h-sezon-slubow-trwa-caly-rok\">Sezon \u015blub\u00f3w trwa ca\u0142y rok<\/a><\/li><\/ul>\r\n<\/div>\r\n\r\n\r\n\r\n\n\n\n<h2 class=\"wp-block-heading\" id=\"h-sezon-lubny-a-pory-roku\">Czy sezon \u015blubny oznacza konkretn\u0105 por\u0119 roku?<\/h2>\n\n\n\n<p>Wiosna to symbol m\u0142odo\u015bci, odnowy, rado\u015bci i&#8230; mi\u0142o\u015bci, kt\u00f3ra jest najwa\u017cniejszym elementem dnia \u015blubu! Ta wyj\u0105tkowa symbolika czyni wiosn\u0119 idealnym okresem na zawarcie zwi\u0105zku ma\u0142\u017ce\u0144skiego. Wiosn\u0105 wszystko budzi si\u0119 do \u017cycia. Wszystko kwitnie \u2013 dos\u0142ownie tak, jak kwitnie mi\u0142o\u015b\u0107 zakochanych! Na drzewach pojawiaj\u0105 si\u0119 pierwsze p\u0105ki, s\u0142o\u0144ce delikatnie muska sk\u00f3r\u0119 przyjemnym ciep\u0142em i wsz\u0119dzie s\u0142ycha\u0107 \u015bpiew ptak\u00f3w, kt\u00f3re celebruj\u0105 odej\u015bcie mro\u017aniej, \u015bnie\u017cnej zimy. Wiosenna aura jest niezwykle romantyczna i bajeczna. Idealnie oddaje \u015blubny klimat \u2013 pe\u0142en mi\u0142o\u015bci i magii.&nbsp;<\/p>\n\n\n\n<figure class=\"wp-block-image size-large\"><a href=\"https:\/\/www.koronakarkonoszy.pl\/wesele\/\" target=\"_blank\" rel=\"noreferrer noopener\"><img loading=\"lazy\" decoding=\"async\" width=\"1024\" height=\"512\" src=\"https:\/\/www.koronakarkonoszy.pl\/blog\/wp-content\/uploads\/2022\/01\/piekne_wesela_DKK-1024x512.jpg\" alt=\"\" class=\"wp-image-4011\" srcset=\"https:\/\/www.koronakarkonoszy.pl\/blog\/wp-content\/uploads\/2022\/01\/piekne_wesela_DKK-1024x512.jpg 1024w, https:\/\/www.koronakarkonoszy.pl\/blog\/wp-content\/uploads\/2022\/01\/piekne_wesela_DKK-300x150.jpg 300w, https:\/\/www.koronakarkonoszy.pl\/blog\/wp-content\/uploads\/2022\/01\/piekne_wesela_DKK-768x384.jpg 768w, https:\/\/www.koronakarkonoszy.pl\/blog\/wp-content\/uploads\/2022\/01\/piekne_wesela_DKK.jpg 1200w\" sizes=\"auto, (max-width: 1024px) 100vw, 1024px\" \/><\/a><\/figure>\n\n\n\n<p>Wiosna nie jest jeszcze tak popularnym sezonem \u015blubnym jak lato. Co za tym idzie \u2013 dost\u0119pno\u015b\u0107 <a href=\"https:\/\/www.koronakarkonoszy.pl\/blog\/lokal-na-wesele\/\" target=\"_blank\" rel=\"noreferrer noopener\">lokali na wesele<\/a> jest wi\u0119ksza. Jest to doskona\u0142a okazja do zorganizowania przyj\u0119cia w wymarzonej lokalizacji \u2013&nbsp;takiej, kt\u00f3ra w okresie letnim zwykle ma bardzo napi\u0119ty grafik.&nbsp;<\/p>\n\n\n\n<p>Najlepszym miesi\u0105cem na wiosenne wesele jest maj. Dlaczego? Bo jest pi\u0119kny! \u015awiat mieni si\u0119 mn\u00f3stwem wyj\u0105tkowych kolor\u00f3w, na drzewach i krzewach rosn\u0105 niesamowite kwiaty, a powietrze zaczyna delikatnie pachnie\u0107 latem. W maju jest ciep\u0142o i mniej deszczowo ni\u017c w kwietniu. W ko\u0144cu powiedzenie \u201ekwiecie\u0144 plecie\u0144, bo przeplata troch\u0119 zimy, troch\u0119 lata\u201d nie wzi\u0119\u0142o si\u0119 znik\u0105d.&nbsp;Cho\u0107 <a href=\"https:\/\/www.koronakarkonoszy.pl\/blog\/slub-w-kwietniu\/\" target=\"_blank\" rel=\"noreferrer noopener\">\u015blub w kwietniu<\/a> te\u017c ma wielu zwolennik\u00f3w, na przyk\u0142ad podczas <a href=\"https:\/\/www.koronakarkonoszy.pl\/blog\/slub-w-wielkanoc\/\" target=\"_blank\" rel=\"noreferrer noopener\">\u015bwi\u0105t wielkanocnych<\/a>.<\/p>\n\n\n\n<figure class=\"wp-block-image size-full\"><img loading=\"lazy\" decoding=\"async\" width=\"900\" height=\"600\" src=\"https:\/\/www.koronakarkonoszy.pl\/blog\/wp-content\/uploads\/2021\/10\/wesele-w-sierpniu.jpg\" alt=\"Przepis na magiczne wesele w sierpniu\" class=\"wp-image-2041\" srcset=\"https:\/\/www.koronakarkonoszy.pl\/blog\/wp-content\/uploads\/2021\/10\/wesele-w-sierpniu.jpg 900w, https:\/\/www.koronakarkonoszy.pl\/blog\/wp-content\/uploads\/2021\/10\/wesele-w-sierpniu-300x200.jpg 300w, https:\/\/www.koronakarkonoszy.pl\/blog\/wp-content\/uploads\/2021\/10\/wesele-w-sierpniu-768x512.jpg 768w\" sizes=\"auto, (max-width: 900px) 100vw, 900px\" \/><figcaption class=\"wp-element-caption\"><strong>Wesele w sierpniu<\/strong><\/figcaption><\/figure>\n\n\n\n<p>A jakie&nbsp;<a href=\"https:\/\/www.koronakarkonoszy.pl\/blog\/wiosenne-dekoracje-sali\/\" target=\"_blank\" rel=\"noreferrer noopener\">wiosenne dekoracje sali<\/a>&nbsp;sprawdz\u0105 si\u0119 najlepiej? Wiosn\u0105 rz\u0105dz\u0105 pastele, dlatego wesele w takich odcieniach to strza\u0142 w dziesi\u0105tk\u0119. Dekoracje w kolorze pudrowego r\u00f3\u017cu, brzoskwini, jasnej zieleni, b\u0142\u0119kitu czy subtelnego be\u017cu b\u0119d\u0105 bardzo romantyczne, lekkie i zmys\u0142owe. Na wiosennym weselu nie mo\u017ce zabrakn\u0105\u0107 \u015bwie\u017cych kwiat\u00f3w \u2013 na przyk\u0142ad bz\u00f3w, konwalii czy frezji. Przede wszystkim warto ozdobi\u0107 nimi&nbsp;<a href=\"https:\/\/www.koronakarkonoszy.pl\/blog\/stol-panstwa-mlodych\/\" target=\"_blank\" rel=\"noreferrer noopener\">st\u00f3\u0142 Pa\u0144stwa M\u0142odych<\/a>, sto\u0142y dla go\u015bci oraz \u015bciank\u0119 za sto\u0142em prezydialnym. Z kwiat\u00f3w mo\u017cna wykona\u0107 r\u00f3wnie\u017c efektowne girlandy czy inne wisz\u0105ce lub stoj\u0105ce ozdoby.&nbsp;<\/p>\n\n\n\n<h2 class=\"wp-block-heading\" id=\"h-czy-sezon-lubny-przypada-na-najcieplejsze-miesi-ce\">Czy sezon \u015blubny przypada na najcieplejsze miesi\u0105ce?&nbsp;<\/h2>\n\n\n\n<p>Ceremonia za\u015blubin w romantycznym ogrodzie przy akompaniamencie \u015bpiewu ptak\u00f3w to rozwi\u0105zanie, kt\u00f3re w ostatnim czasie cieszy si\u0119 ogromn\u0105 popularno\u015bci\u0105. Do organizacji takiego wydarzenia niezb\u0119dna jest jednak dobra pogoda. Nic wi\u0119c dziwnego, \u017ce&nbsp;<a href=\"https:\/\/www.koronakarkonoszy.pl\/blog\/slub-w-plenerze-wszystko-co-warto-o-nim-wiedziec\/\" target=\"_blank\" rel=\"noreferrer noopener\">plenerowe \u015bluby<\/a> najcz\u0119\u015bciej organizowane s\u0105 w okresie letnim. Latem jest ciep\u0142o i przyjemnie. Pogoda nie jest tak nieprzewidywalna, jak na przyk\u0142ad jesieni\u0105, kiedy to znaczenie cz\u0119\u015bciej mamy do czynienia z ulewnymi opadami czy silnym wiatrem. Nast\u0119pstwem takiej ceremonii zazwyczaj jest&nbsp;<a href=\"https:\/\/www.koronakarkonoszy.pl\/blog\/wesele-w-namiocie\/\" target=\"_blank\" rel=\"noreferrer noopener\">wesele w namiocie<\/a>, kt\u00f3re&nbsp;mo\u017ce by\u0107 niezwykle romantyczne i efektowne. Bez w\u0105tpienia dostarczy \u015bwie\u017co upieczonym ma\u0142\u017conkom oraz ich go\u015bciom pot\u0119\u017cnej dawki dobrej zabawy i mn\u00f3stwa niezapomnianych wra\u017ce\u0144.&nbsp;<\/p>\n\n\n<section id=\"leonardo-block_f232c51bfa5a5915b15237182d9d0f7d\" class=\"leonardo page-breaker leonardo-image-left\">\r\n    <div class=\"leonardo-body\">\r\n                <div class=\"leonardo-content\"><h3><span class=\"TextRun SCXW41044849 BCX0\" lang=\"PL-PL\" xml:lang=\"PL-PL\" data-contrast=\"auto\"><span class=\"NormalTextRun SCXW41044849 BCX0\" data-ccp-parastyle=\"Standard\" data-ccp-parastyle-defn=\"{&quot;ObjectId&quot;:&quot;a81ef38d-e517-4849-9401-58b6d84aa262|5&quot;,&quot;ClassId&quot;:1073872969,&quot;Properties&quot;:[134233614,&quot;true&quot;,201340122,&quot;2&quot;,469775450,&quot;Standard&quot;,469778129,&quot;Standard&quot;,469778325,&quot;[\\&quot;Heading\\&quot;,\\&quot;Text body\\&quot;,\\&quot;caption\\&quot;,\\&quot;Index\\&quot;]&quot;]}\">Wesele latem wci\u0105\u017c na topie<\/span><\/span><\/h3>\n<p><span class=\"TextRun SCXW41044849 BCX0\" lang=\"PL-PL\" xml:lang=\"PL-PL\" data-contrast=\"auto\"><span class=\"NormalTextRun SCXW41044849 BCX0\" data-ccp-parastyle=\"Standard\" data-ccp-parastyle-defn=\"{&quot;ObjectId&quot;:&quot;a81ef38d-e517-4849-9401-58b6d84aa262|5&quot;,&quot;ClassId&quot;:1073872969,&quot;Properties&quot;:[134233614,&quot;true&quot;,201340122,&quot;2&quot;,469775450,&quot;Standard&quot;,469778129,&quot;Standard&quot;,469778325,&quot;[\\&quot;Heading\\&quot;,\\&quot;Text body\\&quot;,\\&quot;caption\\&quot;,\\&quot;Index\\&quot;]&quot;]}\">Najwi\u0119ksz\u0105 wad\u0105 organizacji we<\/span><span class=\"NormalTextRun SCXW41044849 BCX0\" data-ccp-parastyle=\"Standard\">sel w okresie letnim jest ma\u0142a dost\u0119pno\u015b\u0107 termin\u00f3w. Zwi\u0105zane jest to z tym, \u017ce wakacyjne miesi\u0105ce jeszcze do niedawna by\u0142y uznawane za gor\u0105cy sezon \u015blubny. Pary cz\u0119sto wybieraj\u0105 lato jako czas na zawarcie zwi\u0105zku ma\u0142\u017ce\u0144skiego, co wi\u0105\u017ce si\u0119 z tym, \u017ce na swo<\/span><span class=\"NormalTextRun SCXW41044849 BCX0\" data-ccp-parastyle=\"Standard\">j\u0105 wymarzon\u0105\u00a0<\/span><\/span><a class=\"Hyperlink SCXW41044849 BCX0\" href=\"https:\/\/www.koronakarkonoszy.pl\/sala-weselna\/\" target=\"_blank\" rel=\"noreferrer noopener\"><span class=\"TextRun Underlined SCXW41044849 BCX0\" lang=\"PL-PL\" xml:lang=\"PL-PL\" data-contrast=\"none\"><span class=\"NormalTextRun SCXW41044849 BCX0\" data-ccp-charstyle=\"Hyperlink\">sal\u0119 weseln\u0105<\/span><\/span><\/a><span class=\"TextRun SCXW41044849 BCX0\" lang=\"PL-PL\" xml:lang=\"PL-PL\" data-contrast=\"auto\"><span class=\"NormalTextRun SCXW41044849 BCX0\" data-ccp-parastyle=\"Standard\">\u00a0czy wybrany zesp\u00f3\u0142 trzeba czeka\u0107 nawet dwa, czy trzy lata.<\/span><\/span><span class=\"EOP SCXW41044849 BCX0\" data-ccp-props=\"{&quot;335551550&quot;:6,&quot;335551620&quot;:6}\">\u00a0<\/span><\/p>\n<p>Sezon letni to r\u00f3wnie\u017c czas urlop\u00f3w. Niekt\u00f3rzy go\u015bcie mogli mie\u0107 wcze\u015bniej zaplanowany wyjazd wakacyjny, przez co nie mogli pojawi\u0107 si\u0119 na ceremonii.\u00a0Mimo to <a href=\"https:\/\/www.koronakarkonoszy.pl\/blog\/wesele-w-sierpniu\/\">wesele w sierpniu<\/a> czy <a href=\"https:\/\/www.koronakarkonoszy.pl\/blog\/slub-w-lipcu\/\">\u015blub w lipcu<\/a> ciesz\u0105 si\u0119 wielkim powodzeniem w\u015br\u00f3d narzeczonych.<\/p>\n<\/div>\r\n                    <aside class=\"leonardo-interlink\">\r\n                <b>Polecamy<\/b>\r\n                <a href=\"https:\/\/www.koronakarkonoszy.pl\/blog\/en\/barman-na-wesele\/\">Dlaczego barman na wesele to pomys\u0142 wart rozwa\u017cenia?<\/a>\r\n            <\/aside>\r\n            <\/div>\r\n    <div class=\"leonardo-image\">\r\n        <img loading=\"lazy\" decoding=\"async\" width=\"1280\" height=\"815\" src=\"https:\/\/www.koronakarkonoszy.pl\/blog\/wp-content\/uploads\/2021\/10\/sezon-slubny1-1.jpg\" class=\"attachment-full size-full\" alt=\"\" srcset=\"https:\/\/www.koronakarkonoszy.pl\/blog\/wp-content\/uploads\/2021\/10\/sezon-slubny1-1.jpg 1280w, https:\/\/www.koronakarkonoszy.pl\/blog\/wp-content\/uploads\/2021\/10\/sezon-slubny1-1-300x191.jpg 300w, https:\/\/www.koronakarkonoszy.pl\/blog\/wp-content\/uploads\/2021\/10\/sezon-slubny1-1-1024x652.jpg 1024w, https:\/\/www.koronakarkonoszy.pl\/blog\/wp-content\/uploads\/2021\/10\/sezon-slubny1-1-768x489.jpg 768w\" sizes=\"auto, (max-width: 1280px) 100vw, 1280px\" \/>            <\/div>\r\n<\/section>\n\n<section id=\"leonardo-block_b58dd375892857d5e9ef4b6d17400184\" class=\"leonardo page-breaker leonardo-image-right\">\r\n    <div class=\"leonardo-body\">\r\n                <div class=\"leonardo-content\"><h3>A mo\u017ce <a href=\"https:\/\/www.koronakarkonoszy.pl\/blog\/menu-na-wesele-jesienia\/\" class=\"links-placer\">jesienne wesele<\/a>?<\/h3>\n<p>Wiele os\u00f3b uwa\u017ca, \u017ce jesieni\u0105 jest szaro, buro i ponuro. Od dawna jesienne miesi\u0105ce uznawane by\u0142y za mocno nostalgiczne i melancholijne. Jednak jesie\u0144 ma w sobie jaki\u015b urok. Kolorowe korony drzew, drogi us\u0142ane z li\u015bci, kt\u00f3re spad\u0142y na ziemi\u0119 i delikatne\u00a0promienie s\u0142oneczne, kt\u00f3re muskaj\u0105 sk\u00f3r\u0119, sprawiaj\u0105, \u017ce na zewn\u0105trz panuje wyj\u0105tkowo klimatyczna aura. <a href=\"https:\/\/www.koronakarkonoszy.pl\/blog\/menu-na-wesele-jesienia\/\" target=\"_blank\" rel=\"noopener\">Jesienny \u015blub<\/a> mo\u017ce by\u0107 naprawd\u0119 pi\u0119kny i romantyczny! Grunt to odpowiednio go zorganizowa\u0107.<\/p>\n<p>Przede wszystkim nale\u017cy dobrze wybra\u0107 dat\u0119 wydarzenia. Najlepszym rozwi\u0105zaniem b\u0119dzie <a href=\"https:\/\/www.koronakarkonoszy.pl\/blog\/menu-na-wesele-jesienia\/\" target=\"_blank\" rel=\"noopener\">wesele w pa\u017adzierniku<\/a>, kt\u00f3ry \u2013 jak si\u0119 okazuje \u2013 jest statystycznie cieplejszy ni\u017c wrzesie\u0144. Na dworze wci\u0105\u017c jest kolorowo i klimatycznie. Szczeg\u00f3lnie widoczne jest to w regionach g\u00f3rskich, gdzie jesienne barwy idealnie wsp\u00f3\u0142graj\u0105 z wysokimi szczytami i niesamowit\u0105 g\u00f3rsk\u0105 ro\u015blinno\u015bci\u0105.<\/p>\n<p>Organizacja plenerowego przyj\u0119cia na jesie\u0144 to ju\u017c troch\u0119 ryzykowne rozwi\u0105zanie. Jesienna pogoda bywa nieprzewidywalna. Najlepszym wyborem b\u0119dzie przyj\u0119cie w przytulnej sali. Warto postawi\u0107\u00a0na\u00a0<a href=\"https:\/\/www.koronakarkonoszy.pl\/blog\/menu-na-wesele-jesienia\/\" target=\"_blank\" rel=\"noopener\">sal\u0119 weseln\u0105\u00a0<\/a>z niecodziennym widokiem \u2013 na przyk\u0142ad na malownicze g\u00f3ry pe\u0142ne drzew z kolorowymi koronami.<\/p>\n<p>Na jesiennym \u015blubie i weselu nie mo\u017ce zabrakn\u0105\u0107 jesiennych dekoracji! Doskona\u0142ym pomys\u0142em\u00a0b\u0119dzie aran\u017cacja ze z\u0142ocistymi, be\u017cowymi lub \u017c\u00f3\u0142to-pomara\u0144czowymi akcentami.<\/p>\n<\/div>\r\n            <\/div>\r\n    <div class=\"leonardo-image\">\r\n        <img loading=\"lazy\" decoding=\"async\" width=\"1920\" height=\"1280\" src=\"https:\/\/www.koronakarkonoszy.pl\/blog\/wp-content\/uploads\/2023\/03\/joel-overbeck-fGPGd9PFd3w-unsplash.jpg\" class=\"attachment-full size-full\" alt=\"\" srcset=\"https:\/\/www.koronakarkonoszy.pl\/blog\/wp-content\/uploads\/2023\/03\/joel-overbeck-fGPGd9PFd3w-unsplash.jpg 1920w, https:\/\/www.koronakarkonoszy.pl\/blog\/wp-content\/uploads\/2023\/03\/joel-overbeck-fGPGd9PFd3w-unsplash-300x200.jpg 300w, https:\/\/www.koronakarkonoszy.pl\/blog\/wp-content\/uploads\/2023\/03\/joel-overbeck-fGPGd9PFd3w-unsplash-1024x683.jpg 1024w, https:\/\/www.koronakarkonoszy.pl\/blog\/wp-content\/uploads\/2023\/03\/joel-overbeck-fGPGd9PFd3w-unsplash-768x512.jpg 768w, https:\/\/www.koronakarkonoszy.pl\/blog\/wp-content\/uploads\/2023\/03\/joel-overbeck-fGPGd9PFd3w-unsplash-1536x1024.jpg 1536w, https:\/\/www.koronakarkonoszy.pl\/blog\/wp-content\/uploads\/2023\/03\/joel-overbeck-fGPGd9PFd3w-unsplash-18x12.jpg 18w\" sizes=\"auto, (max-width: 1920px) 100vw, 1920px\" \/>            <\/div>\r\n<\/section>\n\n\n<h3 class=\"wp-block-heading\" id=\"h-zim-te-mo-na-zorganizowa-wyj-tkow-ceremoni\">Zim\u0105 te\u017c mo\u017cna&nbsp;zorganizowa\u0107 wyj\u0105tkow\u0105 ceremoni\u0119&nbsp;<\/h3>\n\n\n\n<p>Zima to r\u00f3wnie\u017c znakomity sezon \u015blubny. O\u015bnie\u017cona okolica to bajkowy krajobraz, kt\u00f3ry perfekcyjnie wpisuje si\u0119 w romantyczny charakter ceremonii. Biel \u015bniegu idealnie podkre\u015bla \u015blubn\u0105 magi\u0119.&nbsp;<\/p>\n\n\n\n<style>\n    .cta_block{\n        margin: 1.5em 0;\n    }\n    .cta_block_content {\n        position: relative;\n        color: white;\n        padding: 1em;\n    }\n    .cta_block_content h3{\n        text-align: center;\n        font: normal normal normal 36px\/50px Yeseva One;\n    }\n    .cta_block_content .cta_block_desc{\n        text-align: center;\n        font-size: 1.1em;\n        position: relative;\n    }\n    .cta_block_content .cta_block_desc:before {\n        content: '';\n        width: 80px;\n        height: 4px;\n        background: #EEB315;\n        position: absolute;\n        left: 0;\n        right: 0;\n        margin-left: auto;\n        margin-right: auto;\n        top: -22px;\n    }\n\n    .cta_block_content picture{\n        position: absolute;\n        top: 0;\n        right: 0;\n        z-index: -1;\n        height: 100%;\n        overflow: hidden;\n        width: 100%;\n    }\n    .cta_block_content picture img{\n        object-fit: cover;\n        height: 100%;\n        width: 100%;\n    }\n    .cta_block .cta_block_content .ninja-forms-field{\n        background: #FFFFFF2F;\n        border: 1px solid #EEB315;\n        border-radius: 25px;\n        opacity: 1;\n        color: #ffffff;\n    }\n    .cta_block .cta_block_content .nf-form-content input[type=submit]{\n        background-color: #EEB315;\n        color: #292929;\n        text-align: center;\n        font: normal normal bold 14px\/20px Work Sans;\n        padding: 0 2em;\n    }\n\n    .cta_block ::placeholder{\n        color: white!important;\n        opacity: 1;\n    }\n\n    .cta_block_content::after {\n        height: 100%;\n        width: 100%;\n        content: \"\";\n        z-index: -1;\n        position: absolute;\n        top: 0;\n        background: #00000070;\n        right: 0;\n        left: 0;\n        bottom: 0;\n    }\n    #ha-cta-block, .cta_block_desc, .cta_block .nf-field-label, .cta_block .nf-error-msg {\n        filter: drop-shadow(1px 1px 8px black);\n    }\n\n\/*    .cta_block nf-rows-wrap {\n        display: flex;\n        justify-content: space-around;\n        flex-direction: row;\n    }*\/\n\n    .cta_block .nf-field-label {\n        display:none;\n    }\n\n    .cta_block .nf-error.field-wrap .nf-field-element::after {\n        border-radius: 50px;\n    }\n\n    .cta_block .nf-error-msg {\n        color: #fff;\n    }\n\n    .cta_block .nf-form-cont {\n        margin-top: 3em;\n        margin-bottom: 1em;\n    }\n\n    .wp-admin .cta_block_content{\n        display: none;\n    }\n    .cta_block .nf-form-fields-required {\n        display: none;\n    }\n    body:not(.wp-admin) .cta_block_admin {\n        display: none;\n    }\n<\/style>\n<div id=\"cta_block-block_5c68e08af15282713982603641860862\" class=\"cta_block\">\n    <div class=\"cta_block_admin\" style=\"background-color: blue; color: white\">\n        Blok CTA\n    <\/div>\n    <div class=\"cta_block\">\n        <div class=\"cta_block_content\">   \n        <h3 id=\"ha-szukacie-miejsca-na-wesele-ktore-zachwyca-o-kazdej-porze-roku\">Szukacie miejsca na wesele, kt\u00f3re zachwyca o ka\u017cdej porze roku?<\/h3>\n                    <div class=\"cta_block_desc\">Dw\u00f3r Korona Karkonoszy spe\u0142nia nie tylko ten warunek!<\/div>\n                <noscript class=\"ninja-forms-noscript-message\">\n\tNotice: JavaScript is required for this content.<\/noscript>\n<div id=\"nf-form-3-cont\" class=\"nf-form-cont\" aria-live=\"polite\" aria-labelledby=\"nf-form-title-3\" aria-describedby=\"nf-form-errors-3\" role=\"form\">\n\n    <div class=\"nf-loading-spinner\"><\/div>\n\n<\/div>\n        <!-- That data is being printed as a workaround to page builders reordering the order of the scripts loaded-->\n        <script>var formDisplay=1;var nfForms=nfForms||[];var form=[];form.id='3';form.settings={\"objectType\":\"Form Setting\",\"editActive\":true,\"title\":\"Block CTA\",\"created_at\":\"2022-11-08 16:03:33\",\"default_label_pos\":\"above\",\"show_title\":0,\"clear_complete\":\"1\",\"hide_complete\":\"1\",\"logged_in\":\"\",\"wrapper_class\":\"\",\"element_class\":\"\",\"key\":\"\",\"add_submit\":\"0\",\"changeEmailErrorMsg\":\"Please enter a valid email address!\",\"changeDateErrorMsg\":\"Please enter a valid date!\",\"confirmFieldErrorMsg\":\"These fields must match!\",\"fieldNumberNumMinError\":\"Number Min Error\",\"fieldNumberNumMaxError\":\"Number Max Error\",\"fieldNumberIncrementBy\":\"Please increment by \",\"formErrorsCorrectErrors\":\"Please correct errors before submitting this form.\",\"validateRequiredField\":\"This is a required field.\",\"honeypotHoneypotError\":\"Honeypot Error\",\"fieldsMarkedRequired\":\"Fields marked with an <span class=\\\"ninja-forms-req-symbol\\\">*<\\\/span> are required\",\"currency\":\"\",\"repeatable_fieldsets\":\"\",\"unique_field_error\":\"Formularz z t\\u0105 warto\\u015bci\\u0105 zosta\\u0142 ju\\u017c przes\\u0142any.\",\"not_logged_in_msg\":\"\",\"sub_limit_msg\":\"Formularz osi\\u0105gn\\u0105\\u0142 limit wys\\u0142a\\u0144.\",\"calculations\":[],\"container_styles_show_advanced_css\":\"0\",\"title_styles_show_advanced_css\":\"0\",\"row_styles_show_advanced_css\":\"0\",\"row-odd_styles_show_advanced_css\":\"0\",\"success-msg_styles_show_advanced_css\":\"0\",\"error_msg_styles_show_advanced_css\":\"0\",\"formContentData\":[{\"order\":1,\"cells\":[{\"order\":0,\"fields\":[\"phone_1640098023980\"],\"width\":35},{\"order\":1,\"fields\":[\"adres_e-mail_1667919839452\"],\"width\":35},{\"order\":2,\"fields\":[\"zapisz_mnie_1667919853255\"],\"width\":30}]}],\"drawerDisabled\":false,\"conditions\":[],\"allow_public_link\":0,\"embed_form\":\"\",\"container_styles_border\":\"\",\"container_styles_height\":\"\",\"container_styles_margin\":\"\",\"container_styles_padding\":\"\",\"container_styles_float\":\"\",\"title_styles_border\":\"\",\"title_styles_height\":\"\",\"title_styles_width\":\"\",\"title_styles_font-size\":\"\",\"title_styles_margin\":\"\",\"title_styles_padding\":\"\",\"title_styles_float\":\"\",\"row_styles_border\":\"\",\"row_styles_width\":\"\",\"row_styles_font-size\":\"\",\"row_styles_margin\":\"\",\"row_styles_padding\":\"\",\"row-odd_styles_border\":\"\",\"row-odd_styles_height\":\"\",\"row-odd_styles_width\":\"\",\"row-odd_styles_font-size\":\"\",\"row-odd_styles_margin\":\"\",\"row-odd_styles_padding\":\"\",\"success-msg_styles_border\":\"\",\"success-msg_styles_height\":\"\",\"success-msg_styles_width\":\"\",\"success-msg_styles_font-size\":\"\",\"success-msg_styles_margin\":\"\",\"success-msg_styles_padding\":\"\",\"error_msg_styles_border\":\"\",\"error_msg_styles_width\":\"\",\"error_msg_styles_font-size\":\"\",\"error_msg_styles_margin\":\"\",\"error_msg_styles_padding\":\"\",\"form_title_heading_level\":\"3\",\"ninjaForms\":\"Ninja Forms\",\"fieldTextareaRTEInsertLink\":\"Insert Link\",\"fieldTextareaRTEInsertMedia\":\"Insert Media\",\"fieldTextareaRTESelectAFile\":\"Select a file\",\"formHoneypot\":\"If you are a human seeing this field, please leave it empty.\",\"fileUploadOldCodeFileUploadInProgress\":\"File Upload in Progress.\",\"fileUploadOldCodeFileUpload\":\"FILE UPLOAD\",\"currencySymbol\":\"&#36;\",\"thousands_sep\":\",\",\"decimal_point\":\".\",\"siteLocale\":\"en_GB\",\"dateFormat\":\"m\\\/d\\\/Y\",\"startOfWeek\":\"1\",\"of\":\"of\",\"previousMonth\":\"Previous Month\",\"nextMonth\":\"Next Month\",\"months\":[\"January\",\"February\",\"March\",\"April\",\"May\",\"June\",\"July\",\"August\",\"September\",\"October\",\"November\",\"December\"],\"monthsShort\":[\"Jan\",\"Feb\",\"Mar\",\"Apr\",\"May\",\"Jun\",\"Jul\",\"Aug\",\"Sep\",\"Oct\",\"Nov\",\"Dec\"],\"weekdays\":[\"Sunday\",\"Monday\",\"Tuesday\",\"Wednesday\",\"Thursday\",\"Friday\",\"Saturday\"],\"weekdaysShort\":[\"Sun\",\"Mon\",\"Tue\",\"Wed\",\"Thu\",\"Fri\",\"Sat\"],\"weekdaysMin\":[\"Su\",\"Mo\",\"Tu\",\"We\",\"Th\",\"Fr\",\"Sa\"],\"recaptchaConsentMissing\":\"reCaptcha validation couldn&#039;t load.\",\"recaptchaMissingCookie\":\"reCaptcha v3 validation couldn&#039;t load the cookie needed to submit the form.\",\"recaptchaConsentEvent\":\"Accept reCaptcha cookies before sending the form.\",\"currency_symbol\":\"\",\"beforeForm\":\"\",\"beforeFields\":\"\",\"afterFields\":\"\",\"afterForm\":\"\"};form.fields=[{\"objectType\":\"Field\",\"objectDomain\":\"fields\",\"editActive\":false,\"order\":1,\"idAttribute\":\"id\",\"type\":\"phone\",\"label\":\"Numer telefonu\",\"key\":\"phone_1640098023980\",\"label_pos\":\"above\",\"required\":1,\"default\":\"\",\"placeholder\":\"Numer telefonu\",\"container_class\":\"\",\"element_class\":\"\",\"input_limit\":\"\",\"input_limit_type\":\"characters\",\"input_limit_msg\":\"Liczba pozosta\\u0142ych znak\\u00f3w:\",\"manual_key\":\"\",\"admin_label\":\"\",\"help_text\":\"\",\"mask\":\"\",\"custom_mask\":\"\",\"custom_name_attribute\":\"phone\",\"personally_identifiable\":1,\"wrap_styles_border\":\"\",\"wrap_styles_width\":\"\",\"wrap_styles_margin\":\"\",\"wrap_styles_padding\":\"\",\"wrap_styles_float\":\"\",\"wrap_styles_show_advanced_css\":0,\"label_styles_border\":\"\",\"label_styles_width\":\"\",\"label_styles_font-size\":\"\",\"label_styles_margin\":\"\",\"label_styles_padding\":\"\",\"label_styles_float\":\"\",\"label_styles_show_advanced_css\":0,\"element_styles_border\":\"\",\"element_styles_width\":\"\",\"element_styles_font-size\":\"\",\"element_styles_margin\":\"\",\"element_styles_padding\":\"\",\"element_styles_float\":\"\",\"element_styles_show_advanced_css\":0,\"cellcid\":\"c3386\",\"value\":\"\",\"field_label\":\"Numer telefonu\",\"field_key\":\"phone_1640098023980\",\"drawerDisabled\":false,\"id\":8,\"beforeField\":\"\",\"afterField\":\"\",\"parentType\":\"textbox\",\"element_templates\":[\"tel\",\"textbox\",\"input\"],\"old_classname\":\"\",\"wrap_template\":\"wrap\"},{\"objectType\":\"Field\",\"objectDomain\":\"fields\",\"editActive\":false,\"order\":2,\"idAttribute\":\"id\",\"type\":\"email\",\"label\":\"Adres e-mail\",\"key\":\"adres_e-mail_1667919839452\",\"label_pos\":\"above\",\"required\":1,\"default\":\"\",\"placeholder\":\"Adres e-mail\",\"container_class\":\"\",\"element_class\":\"\",\"admin_label\":\"\",\"help_text\":\"\",\"custom_name_attribute\":\"email\",\"personally_identifiable\":1,\"wrap_styles_border\":\"\",\"wrap_styles_width\":\"\",\"wrap_styles_margin\":\"\",\"wrap_styles_padding\":\"\",\"wrap_styles_float\":\"\",\"wrap_styles_show_advanced_css\":0,\"label_styles_border\":\"\",\"label_styles_width\":\"\",\"label_styles_font-size\":\"\",\"label_styles_margin\":\"\",\"label_styles_padding\":\"\",\"label_styles_float\":\"\",\"label_styles_show_advanced_css\":0,\"element_styles_border\":\"\",\"element_styles_width\":\"\",\"element_styles_font-size\":\"\",\"element_styles_margin\":\"\",\"element_styles_padding\":\"\",\"element_styles_float\":\"\",\"element_styles_show_advanced_css\":0,\"cellcid\":\"c3389\",\"value\":\"\",\"drawerDisabled\":false,\"field_label\":\"E-mail\",\"field_key\":\"email_1640098026199\",\"id\":9,\"beforeField\":\"\",\"afterField\":\"\",\"parentType\":\"email\",\"element_templates\":[\"email\",\"input\"],\"old_classname\":\"\",\"wrap_template\":\"wrap\"},{\"objectType\":\"Field\",\"objectDomain\":\"fields\",\"editActive\":false,\"order\":3,\"idAttribute\":\"id\",\"type\":\"submit\",\"label\":\"Zapisz mnie\",\"processing_label\":\"W trakcie realizacji\",\"container_class\":\"\",\"element_class\":\"\",\"key\":\"zapisz_mnie_1667919853255\",\"wrap_styles_border\":\"\",\"wrap_styles_width\":\"\",\"wrap_styles_margin\":\"\",\"wrap_styles_padding\":\"\",\"wrap_styles_float\":\"\",\"wrap_styles_show_advanced_css\":0,\"element_styles_border\":\"\",\"element_styles_width\":\"\",\"element_styles_font-size\":\"\",\"element_styles_margin\":\"\",\"element_styles_padding\":\"\",\"element_styles_float\":\"\",\"element_styles_show_advanced_css\":0,\"submit_element_hover_styles_border\":\"\",\"submit_element_hover_styles_width\":\"\",\"submit_element_hover_styles_font-size\":\"\",\"submit_element_hover_styles_margin\":\"\",\"submit_element_hover_styles_padding\":\"\",\"submit_element_hover_styles_float\":\"\",\"submit_element_hover_styles_show_advanced_css\":0,\"cellcid\":\"c3391\",\"drawerDisabled\":false,\"field_label\":\"Zamawiam rozmow\\u0119\",\"field_key\":\"zamawiam_rozmowe_1640098067453\",\"id\":10,\"beforeField\":\"\",\"afterField\":\"\",\"value\":\"\",\"label_pos\":\"above\",\"parentType\":\"textbox\",\"element_templates\":[\"submit\",\"button\",\"input\"],\"old_classname\":\"\",\"wrap_template\":\"wrap-no-label\"}];nfForms.push(form);<\/script>\n                <script id=\"nf-tmpl-cell\" type=\"text\/template\">\n            <nf-fields><\/nf-fields>\n        <\/script>\n\n        <script id=\"nf-tmpl-row\" type=\"text\/template\">\n            <nf-cells><\/nf-cells>\n        <\/script>\n\n                <img loading=\"lazy\" decoding=\"async\" width=\"1500\" height=\"705\" src=\"https:\/\/www.koronakarkonoszy.pl\/blog\/wp-content\/uploads\/2022\/06\/Dwor-Korona-Karkonoszy.jpg\" class=\"attachment-full size-full\" alt=\"\" srcset=\"https:\/\/www.koronakarkonoszy.pl\/blog\/wp-content\/uploads\/2022\/06\/Dwor-Korona-Karkonoszy.jpg 1500w, https:\/\/www.koronakarkonoszy.pl\/blog\/wp-content\/uploads\/2022\/06\/Dwor-Korona-Karkonoszy-300x141.jpg 300w, https:\/\/www.koronakarkonoszy.pl\/blog\/wp-content\/uploads\/2022\/06\/Dwor-Korona-Karkonoszy-1024x481.jpg 1024w, https:\/\/www.koronakarkonoszy.pl\/blog\/wp-content\/uploads\/2022\/06\/Dwor-Korona-Karkonoszy-768x361.jpg 768w\" sizes=\"auto, (max-width: 1500px) 100vw, 1500px\" \/>        <\/div> \n    <\/div>\n<\/div>\n\n\n\n<p>W okresie zimowym nie ma wi\u0119kszego problemu z dost\u0119pno\u015bci\u0105 lokali weselnych, zespo\u0142\u00f3w, fotograf\u00f3w czy innych podwykonawc\u00f3w. Plusem jest r\u00f3wnie\u017c ni\u017csza cena poszczeg\u00f3lnych us\u0142ug \u2013 wszystko dzi\u0119ki temu, \u017ce zima nie jest jeszcze tak popularnym sezonem \u015blubnym, jak na przyk\u0142ad lato. A przecie\u017c <a href=\"https:\/\/www.koronakarkonoszy.pl\/blog\/zimowe-wesele\/\" target=\"_blank\" rel=\"noreferrer noopener\">zimowe wesele<\/a> to wesele pe\u0142ne prawdziwej magii!<\/p>\n\n\n<section id=\"leonardo-block_855bb6d74bc76c1fdc07c36adf07dfd0\" class=\"leonardo page-breaker leonardo-image-left\">\r\n    <div class=\"leonardo-body\">\r\n                <div class=\"leonardo-content\"><h3 id=\"ha-czy-wesele-zima-to-dobry-pomysl\">Czy wesele zim\u0105 to dobry pomys\u0142?<\/h3>\n<p>Zima to doskona\u0142y czas na organizacj\u0119 <strong>\u015blubu w stylu\u00a0glamour<\/strong>. Z biel\u0105 \u015bniegu \u015bwietnie wsp\u00f3\u0142graj\u0105 z\u0142ote, srebrne, b\u0142yszcz\u0105ce dekoracje, kt\u00f3re s\u0105 wyznacznikiem tego eleganckiego, nieco wystawnego stylu. A co z kreacjami Pary M\u0142odej? Przysz\u0142a \u017cona mo\u017ce postawi\u0107 na klasyczn\u0105 sukni\u0119 typu\u00a0princessa\u00a0z delikatnie mieni\u0105cym si\u0119, tiulowym do\u0142em i dopasowanym gorsetem.<\/p>\n<p>Stylizacj\u0119 doskonale dope\u0142ni\u0105 takie elementy jak: bia\u0142e, kr\u00f3tkie futerko, d\u0142ugie, satynowe r\u0119kawiczki, ozdobna tiara oraz kryszta\u0142owe kolczyki. Panna M\u0142oda poczuje si\u0119 w takiej kreacji jak prawdziwa <a href=\"https:\/\/www.koronakarkonoszy.pl\/blog\/krolowa-sniegu-czyli-zimowa-panna-mloda\/\" target=\"_blank\" rel=\"noopener\">Kr\u00f3lowa \u015aniegu<\/a> prosto z ba\u015bniowego \u015bwiata. Idealnym rozwi\u0105zaniem dla Pana M\u0142odego b\u0119dzie za\u015b elegancki frak w ponadczasowym, czarnym kolorze, kt\u00f3ry podkre\u015bli wystawny, podnios\u0142y charakter ceremonii.<\/p>\n<\/div>\r\n                    <aside class=\"leonardo-interlink\">\r\n                <b>Polecamy<\/b>\r\n                <a href=\"https:\/\/www.koronakarkonoszy.pl\/blog\/en\/upominek-dla-gosci-weselnych\/\">Jaki upominek dla go\u015bci weselnych wybra\u0107?<\/a>\r\n            <\/aside>\r\n            <\/div>\r\n    <div class=\"leonardo-image\">\r\n        <img loading=\"lazy\" decoding=\"async\" width=\"1920\" height=\"1280\" src=\"https:\/\/www.koronakarkonoszy.pl\/blog\/wp-content\/uploads\/2023\/03\/konstantin-mishchenko-oE_RKtJ8wVw-unsplash.jpg\" class=\"attachment-full size-full\" alt=\"\" srcset=\"https:\/\/www.koronakarkonoszy.pl\/blog\/wp-content\/uploads\/2023\/03\/konstantin-mishchenko-oE_RKtJ8wVw-unsplash.jpg 1920w, https:\/\/www.koronakarkonoszy.pl\/blog\/wp-content\/uploads\/2023\/03\/konstantin-mishchenko-oE_RKtJ8wVw-unsplash-300x200.jpg 300w, https:\/\/www.koronakarkonoszy.pl\/blog\/wp-content\/uploads\/2023\/03\/konstantin-mishchenko-oE_RKtJ8wVw-unsplash-1024x683.jpg 1024w, https:\/\/www.koronakarkonoszy.pl\/blog\/wp-content\/uploads\/2023\/03\/konstantin-mishchenko-oE_RKtJ8wVw-unsplash-768x512.jpg 768w, https:\/\/www.koronakarkonoszy.pl\/blog\/wp-content\/uploads\/2023\/03\/konstantin-mishchenko-oE_RKtJ8wVw-unsplash-1536x1024.jpg 1536w, https:\/\/www.koronakarkonoszy.pl\/blog\/wp-content\/uploads\/2023\/03\/konstantin-mishchenko-oE_RKtJ8wVw-unsplash-18x12.jpg 18w\" sizes=\"auto, (max-width: 1920px) 100vw, 1920px\" \/>            <\/div>\r\n<\/section>\n\n\n<h2 class=\"wp-block-heading\" id=\"ha-czy-dzien-slubu-wplywa-na-szczescie-w-malzenstwie\">Czy dzie\u0144 \u015blubu wp\u0142ywa na szcz\u0119\u015bcie w ma\u0142\u017ce\u0144stwie?<\/h2>\n\n\n\n<p>Dzie\u0144 \u015blubu to dla wielu par najwa\u017cniejszy dzie\u0144 w ich \u017cyciu. To w tym dniu sk\u0142adaj\u0105 sobie przysi\u0119g\u0119 mi\u0142o\u015bci i wierno\u015bci na ca\u0142e \u017cycie. Czy jednak dzie\u0144, w kt\u00f3rym zostaje zawarty zwi\u0105zek ma\u0142\u017ce\u0144ski, ma wp\u0142yw na szcz\u0119\u015bcie w ma\u0142\u017ce\u0144stwie?<\/p>\n\n\n\n<p>Oczywi\u015bcie tak naprawd\u0119 szcz\u0119\u015bcie w ma\u0142\u017ce\u0144stwie zale\u017cy od samej Pary M\u0142odej i sposobu, w jaki traktuj\u0105 sw\u00f3j zwi\u0105zek. Dzie\u0144 \u015blubu mo\u017ce by\u0107 jedynie symbolicznym pocz\u0105tkiem nowego etapu w \u017cyciu pary, kt\u00f3rym jest ma\u0142\u017ce\u0144stwo. To, co decyduje o szcz\u0119\u015bciu w ma\u0142\u017ce\u0144stwie, to przede wszystkim relacja mi\u0119dzy ma\u0142\u017conkami, ich zaanga\u017cowanie w zwi\u0105zek, wzajemna mi\u0142o\u015b\u0107, szacunek i zrozumienie.<\/p>\n\n\n\n<p>Jednak\u017ce dzie\u0144 \u015blubu ma niezaprzeczalny wp\u0142yw na samo prze\u017cycie ceremonii i atmosfer\u0119, kt\u00f3ra towarzyszy parze i go\u015bciom w trakcie wesela. Wyb\u00f3r <a href=\"https:\/\/www.koronakarkonoszy.pl\/blog\/idealna-data-na-slub-podpowiadamy-kiedy-warto-zorganizowac-wesele\/\" target=\"_blank\" rel=\"noreferrer noopener\">daty \u015blubu<\/a> mo\u017ce mie\u0107 znaczenie dla samej Pary M\u0142odej, ale r\u00f3wnie\u017c dla jej go\u015bci. Wiele os\u00f3b unika \u015blub\u00f3w w okresie letnim, w czasie wzmo\u017conego ruchu turystycznego i wiele os\u00f3b ma zaplanowany urlop. Niekt\u00f3rzy mog\u0105 zdecydowa\u0107 si\u0119 na zorganizowanie \u015blubu w okresie \u015bwi\u0105tecznym, co pozwala na skorzystanie z dodatkowych dni wolnych od pracy.<\/p>\n\n\n\n<p>Nie bez znaczenia jest r\u00f3wnie\u017c symbolika, kt\u00f3ra wi\u0105\u017ce si\u0119 z wyborem daty \u015blubu. W wielu kulturach istniej\u0105 przes\u0105dy zwi\u0105zane z dniem i miesi\u0105cem, w kt\u00f3rym ma by\u0107 zawarty zwi\u0105zek ma\u0142\u017ce\u0144ski. Na przyk\u0142ad, je\u015bli chodzi o <a href=\"https:\/\/www.koronakarkonoszy.pl\/blog\/wesele-w-polsce\/\" target=\"_blank\" rel=\"noreferrer noopener\">wesele w Polsce<\/a>, to popularne by\u0142y <a href=\"https:\/\/www.koronakarkonoszy.pl\/blog\/wesele-w-maju\/\" target=\"_blank\" rel=\"noreferrer noopener\">wesela w maju<\/a>. Ale jednocze\u015bnie wierzono, \u017ce Para M\u0142oda powinna przeprowadzi\u0107 si\u0119 do nowego domu przed dniem \u015blubu, a nie po nim, poniewa\u017c przeprowadzka po \u015blubie przynosi pecha. Nie brakuje rozmaitych <a href=\"https:\/\/www.koronakarkonoszy.pl\/blog\/przesady-slubne-i-weselne\/\" target=\"_blank\" rel=\"noreferrer noopener\">przes\u0105d\u00f3w \u015blubnych i weselnych<\/a>, a wi\u0119c dzie\u0144 \u015blubu mo\u017ce mie\u0107 subiektywnie znaczenie dla samej pary m\u0142odej, jednak z pewno\u015bci\u0105 nie jest to decyduj\u0105cy czynnik szcz\u0119\u015bcia w ma\u0142\u017ce\u0144stwie.<\/p>\n\n\n\n<h2 class=\"wp-block-heading\" id=\"ha-jakie-korzysci-daje-wesele-w-niskim-sezonie-slubnym\">Jakie korzy\u015bci daje wesele w niskim sezonie \u015blubnym?<\/h2>\n\n\n\n<p>Organizacja wesela w niskim sezonie \u015blubnym, czyli poza letnimi miesi\u0105cami, mo\u017ce by\u0107 korzystna pod wieloma wzgl\u0119dami. Wiele Par M\u0142odych decyduje si\u0119 na taki krok ze wzgl\u0119du na wi\u0119ksz\u0105 dost\u0119pno\u015b\u0107 termin\u00f3w, ni\u017csze ceny us\u0142ug oraz korzystniejsze warunki wynajmu sal weselnych i nocleg\u00f3w dla go\u015bci.<\/p>\n\n\n\n<h3 class=\"wp-block-heading\" id=\"ha-wesele-zima\">Wesele zim\u0105<\/h3>\n\n\n\n<p>Organizacja wesela zim\u0105, zw\u0142aszcza w okolicach \u015bwi\u0105t Bo\u017cego Narodzenia czy w <a href=\"https:\/\/www.koronakarkonoszy.pl\/blog\/wesele-w-karnawale\/\" target=\"_blank\" rel=\"noreferrer noopener\">karnawale<\/a>, mo\u017ce by\u0107 bardzo romantyczna. Zimowa aura i o\u015bnie\u017cone krajobrazy stanowi\u0105 wyj\u0105tkow\u0105 sceneri\u0119, idealn\u0105 jako t\u0142o dla \u015blubnej fotografii. Ponadto w niskim sezonie weselnym jest wi\u0119cej wolnych termin\u00f3w, co pozwala na swobodny wyb\u00f3r daty \u015blubu.<\/p>\n\n\n\n<h3 class=\"wp-block-heading\" id=\"ha-wesele-wiosna\">Wesele wiosn\u0105<\/h3>\n\n\n\n<p>Wiosna to r\u00f3wnie\u017c dobry okres na organizacj\u0119 wesela. Kwitn\u0105ce drzewa i kwiaty stanowi\u0105 pi\u0119kn\u0105 sceneri\u0119 dla \u015blubnych zdj\u0119\u0107, a \u015bwie\u017ce warzywa i owoce od lokalnych dostawc\u00f3w mog\u0105 by\u0107 ciekawym urozmaiceniem weselnego menu.<\/p>\n\n\n\n<figure class=\"wp-block-image size-full\"><img loading=\"lazy\" decoding=\"async\" width=\"800\" height=\"534\" src=\"https:\/\/www.koronakarkonoszy.pl\/blog\/wp-content\/uploads\/2021\/07\/wesele-wiosna.jpg\" alt=\"Wesele wiosn\u0105\" class=\"wp-image-342\" srcset=\"https:\/\/www.koronakarkonoszy.pl\/blog\/wp-content\/uploads\/2021\/07\/wesele-wiosna.jpg 800w, https:\/\/www.koronakarkonoszy.pl\/blog\/wp-content\/uploads\/2021\/07\/wesele-wiosna-300x200.jpg 300w, https:\/\/www.koronakarkonoszy.pl\/blog\/wp-content\/uploads\/2021\/07\/wesele-wiosna-768x513.jpg 768w\" sizes=\"auto, (max-width: 800px) 100vw, 800px\" \/><figcaption class=\"wp-element-caption\"><strong>Wesele latem <\/strong><\/figcaption><\/figure>\n\n\n\n<h3 class=\"wp-block-heading\" id=\"ha-wesele-jesienia\">Wesele jesieni\u0105<\/h3>\n\n\n\n<p>Jesie\u0144 to kolejny okres, kt\u00f3ry warto wzi\u0105\u0107 pod uwag\u0119 przy organizacji wesela. Z\u0142ote li\u015bcie drzew, jesienne owoce i warzywa, a tak\u017ce przytulna atmosfera to tylko niekt\u00f3re z zalet organizacji wesela w tym okresie.<\/p>\n\n\n\n<p>Jesieni\u0105 mo\u017cna mie\u0107 pewno\u015b\u0107, \u017ce nie b\u0119dzie takiej presji czasowej jak w sezonie letnim, a tak\u017ce wi\u0119ksza swobod\u0119 w wyborze terminu wesela. Nale\u017cy jednak pami\u0119ta\u0107 o mo\u017cliwo\u015bci deszczu, ni\u017cszej temperaturze i kr\u00f3tszych dniach.<\/p>\n\n\n<section id=\"leonardo-block_b06f59f42e4eaff08a36b247b6af39e9\" class=\"leonardo page-breaker leonardo-image-right\">\r\n    <div class=\"leonardo-body\">\r\n        <h2 class=\"leonardo-title\" id=\"h-sezon-slubow-trwa-caly-rok\">Sezon \u015blub\u00f3w trwa ca\u0142y rok<\/h2>        <div class=\"leonardo-content\"><p><!-- wp:heading --><\/p>\n<p>Sezon \u015blub\u00f3w to okres, w kt\u00f3rym wiele par decyduje si\u0119 na zawarcie zwi\u0105zku ma\u0142\u017ce\u0144skiego. W Polsce sezon \u015blubny zazwyczaj trwa od maja do wrze\u015bnia, cho\u0107 wiele par decyduje si\u0119 na \u015blub r\u00f3wnie\u017c poza tym okresem. Co kryje si\u0119 za sezonem \u015blubnym i co powoduje, \u017ce wiele os\u00f3b decyduje si\u0119 na wesele w\u0142a\u015bnie w tym czasie?<\/p>\n<p><!-- \/wp:paragraph --> <!-- wp:paragraph --><\/p>\n<p>Przede wszystkim, sezon \u015blubny to okres, kiedy warunki atmosferyczne s\u0105 najbardziej sprzyjaj\u0105ce organizacji wesel. W tym okresie jest do\u015b\u0107 ciep\u0142o, co pozwala na organizacj\u0119 wesel w plenerze, na \u015bwie\u017cym powietrzu. Parom M\u0142odym nie grozi deszcz czy niska temperatura, co pozwala na \u015bwi\u0119towanie wesela w ogrodzie czy parku.<\/p>\n<p><!-- \/wp:paragraph --> <!-- wp:paragraph --><\/p>\n<p>Sezon \u015blubny to r\u00f3wnie\u017c okres, w kt\u00f3rym ludzie zazwyczaj maj\u0105 wi\u0119cej wolnego czasu. Wakacje, urlopy, okres wakacyjny &#8211; wi\u0119kszo\u015b\u0107 os\u00f3b ma wi\u0119cej czasu na organizacj\u0119 wesela, udzia\u0142 w nim, ale r\u00f3wnie\u017c na zaplanowanie podr\u00f3\u017cy po\u015blubnej. To r\u00f3wnie\u017c czas, w kt\u00f3rym zazwyczaj odbywaj\u0105 si\u0119 uroczysto\u015bci zwi\u0105zane z zako\u0144czeniem roku szkolnego czy studi\u00f3w, co umo\u017cliwia na udzia\u0142 w weselach znajomych i koleg\u00f3w Pary M\u0142odej.<\/p>\n<p><!-- \/wp:paragraph --> <!-- wp:paragraph --><\/p>\n<p>Nie bez znaczenia jest r\u00f3wnie\u017c fakt, \u017ce sezon \u015blubny to czas, w kt\u00f3rym wi\u0119kszo\u015b\u0107 bran\u017c zwi\u0105zanych z organizacj\u0105 wesel ma pe\u0142ne kalendarze. Oznacza to, \u017ce wiele firm cateringowych, <a href=\"https:\/\/www.koronakarkonoszy.pl\/blog\/sale-weselne-jak-dobrze-wybrac\/\" target=\"_blank\" rel=\"noopener\">sal weselnych<\/a>, fotograf\u00f3w i kamerzyst\u00f3w, dekorator\u00f3w czy <a href=\"https:\/\/www.koronakarkonoszy.pl\/blog\/jak-podpisywac-umowe-z-zespolem-weselnym\/\" target=\"_blank\" rel=\"noopener\">zespo\u0142\u00f3w muzycznych<\/a> ma ju\u017c zarezerwowane wi\u0119kszo\u015b\u0107 termin\u00f3w, co zwi\u0119ksza konkurencj\u0119 i wymusza na Parach M\u0142odych szybsze decyzje oraz wcze\u015bniejsz\u0105 rezerwacj\u0119 us\u0142ug.<\/p>\n<p><!-- \/wp:paragraph --><\/p>\n<\/div>\r\n            <\/div>\r\n    <div class=\"leonardo-image\">\r\n        <img loading=\"lazy\" decoding=\"async\" width=\"1707\" height=\"2560\" src=\"https:\/\/www.koronakarkonoszy.pl\/blog\/wp-content\/uploads\/2021\/10\/para-mloda-parasol-scaled.jpg\" class=\"attachment-full size-full\" alt=\"\" srcset=\"https:\/\/www.koronakarkonoszy.pl\/blog\/wp-content\/uploads\/2021\/10\/para-mloda-parasol-scaled.jpg 1707w, https:\/\/www.koronakarkonoszy.pl\/blog\/wp-content\/uploads\/2021\/10\/para-mloda-parasol-200x300.jpg 200w, https:\/\/www.koronakarkonoszy.pl\/blog\/wp-content\/uploads\/2021\/10\/para-mloda-parasol-683x1024.jpg 683w, https:\/\/www.koronakarkonoszy.pl\/blog\/wp-content\/uploads\/2021\/10\/para-mloda-parasol-768x1152.jpg 768w, https:\/\/www.koronakarkonoszy.pl\/blog\/wp-content\/uploads\/2021\/10\/para-mloda-parasol-1280x1920.jpg 1280w, https:\/\/www.koronakarkonoszy.pl\/blog\/wp-content\/uploads\/2021\/10\/para-mloda-parasol-1024x1536.jpg 1024w, https:\/\/www.koronakarkonoszy.pl\/blog\/wp-content\/uploads\/2021\/10\/para-mloda-parasol-1365x2048.jpg 1365w, https:\/\/www.koronakarkonoszy.pl\/blog\/wp-content\/uploads\/2021\/10\/para-mloda-parasol-8x12.jpg 8w\" sizes=\"auto, (max-width: 1707px) 100vw, 1707px\" \/>            <\/div>\r\n<\/section>\n\n<section id=\"leonardo-block_ffad940e61077734fc4abad3daea99fc\" class=\"leonardo page-breaker leonardo-image-left\">\r\n    <div class=\"leonardo-body\">\r\n                <div class=\"leonardo-content\"><p><!-- wp:heading {\"level\":3} --><\/p>\n<h3 id=\"ha-zalety-wesela-w-gorach\">Zalety wesela w g\u00f3rach<\/h3>\n<p>Sezon \u015blubny w g\u00f3rach to coraz popularniejsze rozwi\u0105zanie dla Par M\u0142odych, kt\u00f3re marz\u0105 o wyj\u0105tkowej scenerii i niebanalnym weselu. <strong>Organizacja wesela w g\u00f3rach<\/strong> mo\u017ce by\u0107 wyzwaniem, ale ma mn\u00f3stwo zalet &#8211; pi\u0119kne krajobrazy, ciekawe atrakcje turystyczne oraz wyj\u0105tkowa atmosfera to cechy charakterystyczne imprez w g\u00f3rach.<\/p>\n<p>Organizacja wesela w g\u00f3rach to doskona\u0142e rozwi\u0105zanie dla par, kt\u00f3re pragn\u0105 unikn\u0105\u0107 standardowych, miejskich wesel. G\u00f3ry oferuj\u0105 przede wszystkim pi\u0119kne panoramy i wspania\u0142e widoki, kt\u00f3re stanowi\u0105 idealn\u0105 sceneri\u0119 dla zdj\u0119\u0107 \u015blubnych.<\/p>\n<p><!-- \/wp:paragraph --> <!-- wp:paragraph --><\/p>\n<p>Wesele w g\u00f3rach mo\u017ce by\u0107 r\u00f3wnie\u017c okazj\u0105 do zaproponowania go\u015bciom skorzystania z atrakcji turystycznych, takich jak w\u0119dr\u00f3wki po g\u00f3rach, jazda na rowerze, zjazdy na linie czy kulig lub narty. To doskona\u0142a okazja, aby zintegrowa\u0107 si\u0119 z najbli\u017cszymi w niebanalny spos\u00f3b na \u015bwie\u017cym powietrzu.<\/p>\n<p><!-- \/wp:paragraph --> <!-- wp:paragraph --><\/p>\n<p>Wybieraj\u0105c wesele w g\u00f3rach, mo\u017cna tak\u017ce liczy\u0107 na spok\u00f3j i cisz\u0119, kt\u00f3re tworz\u0105 romantyczn\u0105 atmosfer\u0119. G\u00f3rska sceneria i odci\u0119cie si\u0119 od zgie\u0142ku miasta stwarza warunki do relaksu i odpoczynku, a tak\u017ce umo\u017cliwia organizacj\u0119 <a href=\"https:\/\/www.koronakarkonoszy.pl\/blog\/kameralny-slub-w-gorach\/\" target=\"_blank\" rel=\"noopener\">kameralnego \u015blubu<\/a>.<\/p>\n<p><!-- \/wp:paragraph --><\/p>\n<\/div>\r\n                    <aside class=\"leonardo-interlink\">\r\n                <b>Polecamy<\/b>\r\n                <a href=\"https:\/\/www.koronakarkonoszy.pl\/blog\/en\/sezon-slubny\/\"><\/a>\r\n            <\/aside>\r\n            <\/div>\r\n    <div class=\"leonardo-image\">\r\n        <img loading=\"lazy\" decoding=\"async\" width=\"832\" height=\"554\" src=\"https:\/\/www.koronakarkonoszy.pl\/blog\/wp-content\/uploads\/2022\/12\/wesele-w-gorach-Dwor-Korona-Karkonoszy.jpg\" class=\"attachment-full size-full\" alt=\"\" srcset=\"https:\/\/www.koronakarkonoszy.pl\/blog\/wp-content\/uploads\/2022\/12\/wesele-w-gorach-Dwor-Korona-Karkonoszy.jpg 832w, https:\/\/www.koronakarkonoszy.pl\/blog\/wp-content\/uploads\/2022\/12\/wesele-w-gorach-Dwor-Korona-Karkonoszy-300x200.jpg 300w, https:\/\/www.koronakarkonoszy.pl\/blog\/wp-content\/uploads\/2022\/12\/wesele-w-gorach-Dwor-Korona-Karkonoszy-768x511.jpg 768w\" sizes=\"auto, (max-width: 832px) 100vw, 832px\" \/>            <\/div>\r\n<\/section>\n\n\n<h3 class=\"wp-block-heading\" id=\"ha-wyzwania-organizacyjne\">Wyzwania organizacyjne<\/h3>\n\n\n\n<p>Organizacja wesela w g\u00f3rach mo\u017ce jednak stanowi\u0107 wyzwanie logistyczne. Nale\u017cy przede wszystkim zadba\u0107 o dogodne miejsce na <a href=\"https:\/\/www.koronakarkonoszy.pl\/pokoje\/\" target=\"_blank\" rel=\"noreferrer noopener\">noclegi dla go\u015bci<\/a> oraz sal\u0119 weseln\u0105, kt\u00f3ra b\u0119dzie spe\u0142nia\u0107 oczekiwania Pary M\u0142odej pod wzgl\u0119dem wyposa\u017cenia i uroku. Warto tak\u017ce pami\u0119ta\u0107 o kwestii dojazdu do miejsca wesela, zw\u0142aszcza je\u015bli znajduje si\u0119 ono w trudno dost\u0119pnej okolicy.<\/p>\n\n\n\n<h3 class=\"wp-block-heading\" id=\"ha-podsumowanie\">Podsumowanie<\/h3>\n\n\n\n<p>Kiedy wzi\u0105\u0107 \u015blub i urz\u0105dzi\u0107 wesele? To pierwsze pytanie, jakie zadaje sobie Para M\u0142oda, gdy ju\u017c podejmie decyzj\u0119 o \u015blubie. Wszystko zale\u017cy od preferencji narzeczonych. \u015alub to czas, w kt\u00f3rym to w\u0142a\u015bnie nowo\u017ce\u0144cy s\u0105 najwa\u017cniejsi. To oni zapami\u0119taj\u0105 ten dzie\u0144 do ko\u0144ca \u017cycia, dlatego wa\u017cne jest, \u017ceby ka\u017cdy element ceremonii i przyj\u0119cia by\u0142 zgodny z ich marzeniami.<\/p>\n\n\n\n<p>Obecnie <strong>sezon \u015blubny trwa ca\u0142y rok<\/strong>, dzi\u0119ki czemu nie trzeba ogranicza\u0107 si\u0119 wy\u0142\u0105cznie do jednej pory roku. Przed wyborem daty \u015blubu warto zrobi\u0107 porz\u0105dny&nbsp;research. Warto rozwa\u017cy\u0107 r\u00f3\u017cne opcje i sprawdzi\u0107 kilka mo\u017cliwo\u015bci. Zorientowa\u0107 si\u0119, jak wygl\u0105da dost\u0119pno\u015b\u0107 poszczeg\u00f3lnych podwykonawc\u00f3w. Szczeg\u00f3\u0142owy, staranny plan znacznie u\u0142atwi zorganizowanie idealnego, wymarzonego \u015blubu.<\/p>\n\n\n\n<figure class=\"wp-block-image size-large\"><a href=\"https:\/\/www.koronakarkonoszy.pl\/wesele\/\" target=\"_blank\" rel=\"noreferrer noopener\"><img loading=\"lazy\" decoding=\"async\" width=\"1024\" height=\"512\" src=\"https:\/\/www.koronakarkonoszy.pl\/blog\/wp-content\/uploads\/2022\/01\/stylowy_dwor_wesleny_DKK-4-1024x512.jpg\" alt=\"\" class=\"wp-image-4627\" srcset=\"https:\/\/www.koronakarkonoszy.pl\/blog\/wp-content\/uploads\/2022\/01\/stylowy_dwor_wesleny_DKK-4-1024x512.jpg 1024w, https:\/\/www.koronakarkonoszy.pl\/blog\/wp-content\/uploads\/2022\/01\/stylowy_dwor_wesleny_DKK-4-300x150.jpg 300w, https:\/\/www.koronakarkonoszy.pl\/blog\/wp-content\/uploads\/2022\/01\/stylowy_dwor_wesleny_DKK-4-768x384.jpg 768w, https:\/\/www.koronakarkonoszy.pl\/blog\/wp-content\/uploads\/2022\/01\/stylowy_dwor_wesleny_DKK-4.jpg 1200w\" sizes=\"auto, (max-width: 1024px) 100vw, 1024px\" \/><\/a><\/figure>\n","protected":false},"excerpt":{"rendered":"<p>Jeszcze do niedawna lato uchodzi\u0142o za gor\u0105cy sezon \u015blubny. Popularno\u015b\u0107 okresu wakacyjnego jako idealnego czasu na \u015blubn\u0105 ceremoni\u0119 sprawia\u0142a jednak, \u017ce pary cz\u0119sto\u00a0musia\u0142y rezygnowa\u0107 z wymarzonych lokal\u00f3w weselnych. Dlaczego? Poniewa\u017c brakowa\u0142o termin\u00f3w. Ka\u017cdy chcia\u0142 wzi\u0105\u0107 \u015blub latem. Dzi\u015b \u015bluby organizuje si\u0119 przez ca\u0142y rok! Ka\u017cda pora ma swoje plusy i minusy. Jak wi\u0119c wybra\u0107 najlepsz\u0105?\u00a0 [&hellip;]<\/p>\n","protected":false},"author":11,"featured_media":1742,"comment_status":"closed","ping_status":"closed","sticky":false,"template":"","format":"standard","meta":{"_acf_changed":false,"footnotes":""},"categories":[16,2,3],"class_list":["post-1734","post","type-post","status-publish","format-standard","has-post-thumbnail","hentry","category-kiedy-wesele","category-porady","category-trendy"],"acf":[],"yoast_head":"<!-- This site is optimized with the Yoast SEO plugin v27.5 - https:\/\/yoast.com\/product\/yoast-seo-wordpress\/ -->\n<title>Gor\u0105cy sezon \u015blubny, czyli kiedy najlepiej zorganizowa\u0107 wesele? - :: Blog weselny<\/title>\n<meta name=\"description\" content=\"Jeszcze niedawno lato uchodzi\u0142o za gor\u0105cy sezon \u015blubny. Dzi\u015b \u015bluby organizuje si\u0119 przez ca\u0142y rok! Sprawd\u017a czym si\u0119 kierowa\u0107 przy wyborze daty!\" \/>\n<meta name=\"robots\" content=\"index, follow, max-snippet:-1, max-image-preview:large, max-video-preview:-1\" \/>\n<link rel=\"canonical\" href=\"https:\/\/www.koronakarkonoszy.pl\/blog\/en\/wedding-season-2\/\" \/>\n<meta property=\"og:locale\" content=\"en_GB\" \/>\n<meta property=\"og:type\" content=\"article\" \/>\n<meta property=\"og:title\" content=\"Gor\u0105cy sezon \u015blubny, czyli kiedy najlepiej zorganizowa\u0107 wesele? - :: Blog weselny\" \/>\n<meta property=\"og:description\" content=\"Jeszcze niedawno lato uchodzi\u0142o za gor\u0105cy sezon \u015blubny. Dzi\u015b \u015bluby organizuje si\u0119 przez ca\u0142y rok! Sprawd\u017a czym si\u0119 kierowa\u0107 przy wyborze daty!\" \/>\n<meta property=\"og:url\" content=\"https:\/\/www.koronakarkonoszy.pl\/blog\/en\/wedding-season-2\/\" \/>\n<meta property=\"og:site_name\" content=\":: Blog weselny\" \/>\n<meta property=\"article:published_time\" content=\"2024-06-01T13:08:00+00:00\" \/>\n<meta property=\"article:modified_time\" content=\"2024-07-17T10:42:51+00:00\" \/>\n<meta property=\"og:image\" content=\"https:\/\/www.koronakarkonoszy.pl\/blog\/wp-content\/uploads\/2021\/10\/sezon-slubny-1.jpg\" \/>\n\t<meta property=\"og:image:width\" content=\"1254\" \/>\n\t<meta property=\"og:image:height\" content=\"835\" \/>\n\t<meta property=\"og:image:type\" content=\"image\/jpeg\" \/>\n<meta name=\"author\" content=\"agnieszka\" \/>\n<meta name=\"twitter:card\" content=\"summary_large_image\" \/>\n<meta name=\"twitter:label1\" content=\"Written by\" \/>\n\t<meta name=\"twitter:data1\" content=\"agnieszka\" \/>\n\t<meta name=\"twitter:label2\" content=\"Estimated reading time\" \/>\n\t<meta name=\"twitter:data2\" content=\"9 minutes\" \/>\n<script type=\"application\/ld+json\" class=\"yoast-schema-graph\">{\"@context\":\"https:\\\/\\\/schema.org\",\"@graph\":[{\"@type\":\"Article\",\"@id\":\"https:\\\/\\\/www.koronakarkonoszy.pl\\\/blog\\\/sezon-slubny\\\/#article\",\"isPartOf\":{\"@id\":\"https:\\\/\\\/www.koronakarkonoszy.pl\\\/blog\\\/sezon-slubny\\\/\"},\"author\":{\"name\":\"agnieszka\",\"@id\":\"https:\\\/\\\/www.koronakarkonoszy.pl\\\/blog\\\/#\\\/schema\\\/person\\\/ec8c88bd01ebe6cbf6a16435ce22276f\"},\"headline\":\"Gor\u0105cy sezon \u015blubny, czyli kiedy najlepiej zorganizowa\u0107 wesele?\",\"datePublished\":\"2024-06-01T13:08:00+00:00\",\"dateModified\":\"2024-07-17T10:42:51+00:00\",\"mainEntityOfPage\":{\"@id\":\"https:\\\/\\\/www.koronakarkonoszy.pl\\\/blog\\\/sezon-slubny\\\/\"},\"wordCount\":1563,\"image\":{\"@id\":\"https:\\\/\\\/www.koronakarkonoszy.pl\\\/blog\\\/sezon-slubny\\\/#primaryimage\"},\"thumbnailUrl\":\"https:\\\/\\\/www.koronakarkonoszy.pl\\\/blog\\\/wp-content\\\/uploads\\\/2021\\\/10\\\/sezon-slubny-1.jpg\",\"articleSection\":[\"Kiedy wesele\",\"Porady\",\"Trendy\"],\"inLanguage\":\"en-GB\"},{\"@type\":\"WebPage\",\"@id\":\"https:\\\/\\\/www.koronakarkonoszy.pl\\\/blog\\\/sezon-slubny\\\/\",\"url\":\"https:\\\/\\\/www.koronakarkonoszy.pl\\\/blog\\\/sezon-slubny\\\/\",\"name\":\"Gor\u0105cy sezon \u015blubny, czyli kiedy najlepiej zorganizowa\u0107 wesele? - :: Blog weselny\",\"isPartOf\":{\"@id\":\"https:\\\/\\\/www.koronakarkonoszy.pl\\\/blog\\\/#website\"},\"primaryImageOfPage\":{\"@id\":\"https:\\\/\\\/www.koronakarkonoszy.pl\\\/blog\\\/sezon-slubny\\\/#primaryimage\"},\"image\":{\"@id\":\"https:\\\/\\\/www.koronakarkonoszy.pl\\\/blog\\\/sezon-slubny\\\/#primaryimage\"},\"thumbnailUrl\":\"https:\\\/\\\/www.koronakarkonoszy.pl\\\/blog\\\/wp-content\\\/uploads\\\/2021\\\/10\\\/sezon-slubny-1.jpg\",\"datePublished\":\"2024-06-01T13:08:00+00:00\",\"dateModified\":\"2024-07-17T10:42:51+00:00\",\"author\":{\"@id\":\"https:\\\/\\\/www.koronakarkonoszy.pl\\\/blog\\\/#\\\/schema\\\/person\\\/ec8c88bd01ebe6cbf6a16435ce22276f\"},\"description\":\"Jeszcze niedawno lato uchodzi\u0142o za gor\u0105cy sezon \u015blubny. Dzi\u015b \u015bluby organizuje si\u0119 przez ca\u0142y rok! Sprawd\u017a czym si\u0119 kierowa\u0107 przy wyborze daty!\",\"breadcrumb\":{\"@id\":\"https:\\\/\\\/www.koronakarkonoszy.pl\\\/blog\\\/sezon-slubny\\\/#breadcrumb\"},\"inLanguage\":\"en-GB\",\"potentialAction\":[{\"@type\":\"ReadAction\",\"target\":[\"https:\\\/\\\/www.koronakarkonoszy.pl\\\/blog\\\/sezon-slubny\\\/\"]}]},{\"@type\":\"ImageObject\",\"inLanguage\":\"en-GB\",\"@id\":\"https:\\\/\\\/www.koronakarkonoszy.pl\\\/blog\\\/sezon-slubny\\\/#primaryimage\",\"url\":\"https:\\\/\\\/www.koronakarkonoszy.pl\\\/blog\\\/wp-content\\\/uploads\\\/2021\\\/10\\\/sezon-slubny-1.jpg\",\"contentUrl\":\"https:\\\/\\\/www.koronakarkonoszy.pl\\\/blog\\\/wp-content\\\/uploads\\\/2021\\\/10\\\/sezon-slubny-1.jpg\",\"width\":1254,\"height\":835},{\"@type\":\"BreadcrumbList\",\"@id\":\"https:\\\/\\\/www.koronakarkonoszy.pl\\\/blog\\\/sezon-slubny\\\/#breadcrumb\",\"itemListElement\":[{\"@type\":\"ListItem\",\"position\":1,\"name\":\"Strona g\u0142\u00f3wna\",\"item\":\"https:\\\/\\\/www.koronakarkonoszy.pl\\\/blog\\\/\"},{\"@type\":\"ListItem\",\"position\":2,\"name\":\"Gor\u0105cy sezon \u015blubny, czyli kiedy najlepiej zorganizowa\u0107 wesele?\"}]},{\"@type\":\"WebSite\",\"@id\":\"https:\\\/\\\/www.koronakarkonoszy.pl\\\/blog\\\/#website\",\"url\":\"https:\\\/\\\/www.koronakarkonoszy.pl\\\/blog\\\/\",\"name\":\":: Blog weselny\",\"description\":\"Blog weselny Dw\u00f3r Korona Karkonoszy\",\"potentialAction\":[{\"@type\":\"SearchAction\",\"target\":{\"@type\":\"EntryPoint\",\"urlTemplate\":\"https:\\\/\\\/www.koronakarkonoszy.pl\\\/blog\\\/?s={search_term_string}\"},\"query-input\":{\"@type\":\"PropertyValueSpecification\",\"valueRequired\":true,\"valueName\":\"search_term_string\"}}],\"inLanguage\":\"en-GB\"},{\"@type\":\"Person\",\"@id\":\"https:\\\/\\\/www.koronakarkonoszy.pl\\\/blog\\\/#\\\/schema\\\/person\\\/ec8c88bd01ebe6cbf6a16435ce22276f\",\"name\":\"agnieszka\",\"image\":{\"@type\":\"ImageObject\",\"inLanguage\":\"en-GB\",\"@id\":\"https:\\\/\\\/www.koronakarkonoszy.pl\\\/blog\\\/wp-content\\\/litespeed\\\/avatar\\\/53ee7b676463f74d0aea1a09de3d003b.jpg?ver=1777438794\",\"url\":\"https:\\\/\\\/www.koronakarkonoszy.pl\\\/blog\\\/wp-content\\\/litespeed\\\/avatar\\\/53ee7b676463f74d0aea1a09de3d003b.jpg?ver=1777438794\",\"contentUrl\":\"https:\\\/\\\/www.koronakarkonoszy.pl\\\/blog\\\/wp-content\\\/litespeed\\\/avatar\\\/53ee7b676463f74d0aea1a09de3d003b.jpg?ver=1777438794\",\"caption\":\"agnieszka\"},\"url\":\"https:\\\/\\\/www.koronakarkonoszy.pl\\\/blog\\\/en\\\/author\\\/agnieszka\\\/\"}]}<\/script>\n<!-- \/ Yoast SEO plugin. -->","yoast_head_json":{"title":"Hot wedding season - when is the best time to organize a wedding? - :: Wedding blog","description":"Not long ago, summer was considered a hot wedding season. Today, weddings are organized all year round! Check what to consider when choosing a date!","robots":{"index":"index","follow":"follow","max-snippet":"max-snippet:-1","max-image-preview":"max-image-preview:large","max-video-preview":"max-video-preview:-1"},"canonical":"https:\/\/www.koronakarkonoszy.pl\/blog\/en\/wedding-season-2\/","og_locale":"en_GB","og_type":"article","og_title":"Gor\u0105cy sezon \u015blubny, czyli kiedy najlepiej zorganizowa\u0107 wesele? - :: Blog weselny","og_description":"Jeszcze niedawno lato uchodzi\u0142o za gor\u0105cy sezon \u015blubny. Dzi\u015b \u015bluby organizuje si\u0119 przez ca\u0142y rok! Sprawd\u017a czym si\u0119 kierowa\u0107 przy wyborze daty!","og_url":"https:\/\/www.koronakarkonoszy.pl\/blog\/en\/wedding-season-2\/","og_site_name":":: Blog weselny","article_published_time":"2024-06-01T13:08:00+00:00","article_modified_time":"2024-07-17T10:42:51+00:00","og_image":[{"width":1254,"height":835,"url":"https:\/\/www.koronakarkonoszy.pl\/blog\/wp-content\/uploads\/2021\/10\/sezon-slubny-1.jpg","type":"image\/jpeg"}],"author":"agnieszka","twitter_card":"summary_large_image","twitter_misc":{"Written by":"agnieszka","Estimated reading time":"9 minutes"},"schema":{"@context":"https:\/\/schema.org","@graph":[{"@type":"Article","@id":"https:\/\/www.koronakarkonoszy.pl\/blog\/sezon-slubny\/#article","isPartOf":{"@id":"https:\/\/www.koronakarkonoszy.pl\/blog\/sezon-slubny\/"},"author":{"name":"agnieszka","@id":"https:\/\/www.koronakarkonoszy.pl\/blog\/#\/schema\/person\/ec8c88bd01ebe6cbf6a16435ce22276f"},"headline":"Gor\u0105cy sezon \u015blubny, czyli kiedy najlepiej zorganizowa\u0107 wesele?","datePublished":"2024-06-01T13:08:00+00:00","dateModified":"2024-07-17T10:42:51+00:00","mainEntityOfPage":{"@id":"https:\/\/www.koronakarkonoszy.pl\/blog\/sezon-slubny\/"},"wordCount":1563,"image":{"@id":"https:\/\/www.koronakarkonoszy.pl\/blog\/sezon-slubny\/#primaryimage"},"thumbnailUrl":"https:\/\/www.koronakarkonoszy.pl\/blog\/wp-content\/uploads\/2021\/10\/sezon-slubny-1.jpg","articleSection":["Kiedy wesele","Porady","Trendy"],"inLanguage":"en-GB"},{"@type":"WebPage","@id":"https:\/\/www.koronakarkonoszy.pl\/blog\/sezon-slubny\/","url":"https:\/\/www.koronakarkonoszy.pl\/blog\/sezon-slubny\/","name":"Hot wedding season - when is the best time to organize a wedding? - :: Wedding blog","isPartOf":{"@id":"https:\/\/www.koronakarkonoszy.pl\/blog\/#website"},"primaryImageOfPage":{"@id":"https:\/\/www.koronakarkonoszy.pl\/blog\/sezon-slubny\/#primaryimage"},"image":{"@id":"https:\/\/www.koronakarkonoszy.pl\/blog\/sezon-slubny\/#primaryimage"},"thumbnailUrl":"https:\/\/www.koronakarkonoszy.pl\/blog\/wp-content\/uploads\/2021\/10\/sezon-slubny-1.jpg","datePublished":"2024-06-01T13:08:00+00:00","dateModified":"2024-07-17T10:42:51+00:00","author":{"@id":"https:\/\/www.koronakarkonoszy.pl\/blog\/#\/schema\/person\/ec8c88bd01ebe6cbf6a16435ce22276f"},"description":"Not long ago, summer was considered a hot wedding season. Today, weddings are organized all year round! Check what to consider when choosing a date!","breadcrumb":{"@id":"https:\/\/www.koronakarkonoszy.pl\/blog\/sezon-slubny\/#breadcrumb"},"inLanguage":"en-GB","potentialAction":[{"@type":"ReadAction","target":["https:\/\/www.koronakarkonoszy.pl\/blog\/sezon-slubny\/"]}]},{"@type":"ImageObject","inLanguage":"en-GB","@id":"https:\/\/www.koronakarkonoszy.pl\/blog\/sezon-slubny\/#primaryimage","url":"https:\/\/www.koronakarkonoszy.pl\/blog\/wp-content\/uploads\/2021\/10\/sezon-slubny-1.jpg","contentUrl":"https:\/\/www.koronakarkonoszy.pl\/blog\/wp-content\/uploads\/2021\/10\/sezon-slubny-1.jpg","width":1254,"height":835},{"@type":"BreadcrumbList","@id":"https:\/\/www.koronakarkonoszy.pl\/blog\/sezon-slubny\/#breadcrumb","itemListElement":[{"@type":"ListItem","position":1,"name":"Strona g\u0142\u00f3wna","item":"https:\/\/www.koronakarkonoszy.pl\/blog\/"},{"@type":"ListItem","position":2,"name":"Gor\u0105cy sezon \u015blubny, czyli kiedy najlepiej zorganizowa\u0107 wesele?"}]},{"@type":"WebSite","@id":"https:\/\/www.koronakarkonoszy.pl\/blog\/#website","url":"https:\/\/www.koronakarkonoszy.pl\/blog\/","name":":: Wedding blog","description":"Wedding blog Dw\u00f3r Korona Karkonosze","potentialAction":[{"@type":"SearchAction","target":{"@type":"EntryPoint","urlTemplate":"https:\/\/www.koronakarkonoszy.pl\/blog\/?s={search_term_string}"},"query-input":{"@type":"PropertyValueSpecification","valueRequired":true,"valueName":"search_term_string"}}],"inLanguage":"en-GB"},{"@type":"Person","@id":"https:\/\/www.koronakarkonoszy.pl\/blog\/#\/schema\/person\/ec8c88bd01ebe6cbf6a16435ce22276f","name":"Agnes","image":{"@type":"ImageObject","inLanguage":"en-GB","@id":"https:\/\/www.koronakarkonoszy.pl\/blog\/wp-content\/litespeed\/avatar\/53ee7b676463f74d0aea1a09de3d003b.jpg?ver=1777438794","url":"https:\/\/www.koronakarkonoszy.pl\/blog\/wp-content\/litespeed\/avatar\/53ee7b676463f74d0aea1a09de3d003b.jpg?ver=1777438794","contentUrl":"https:\/\/www.koronakarkonoszy.pl\/blog\/wp-content\/litespeed\/avatar\/53ee7b676463f74d0aea1a09de3d003b.jpg?ver=1777438794","caption":"agnieszka"},"url":"https:\/\/www.koronakarkonoszy.pl\/blog\/en\/author\/agnieszka\/"}]}},"_links":{"self":[{"href":"https:\/\/www.koronakarkonoszy.pl\/blog\/en\/wp-json\/wp\/v2\/posts\/1734","targetHints":{"allow":["GET"]}}],"collection":[{"href":"https:\/\/www.koronakarkonoszy.pl\/blog\/en\/wp-json\/wp\/v2\/posts"}],"about":[{"href":"https:\/\/www.koronakarkonoszy.pl\/blog\/en\/wp-json\/wp\/v2\/types\/post"}],"author":[{"embeddable":true,"href":"https:\/\/www.koronakarkonoszy.pl\/blog\/en\/wp-json\/wp\/v2\/users\/11"}],"replies":[{"embeddable":true,"href":"https:\/\/www.koronakarkonoszy.pl\/blog\/en\/wp-json\/wp\/v2\/comments?post=1734"}],"version-history":[{"count":5,"href":"https:\/\/www.koronakarkonoszy.pl\/blog\/en\/wp-json\/wp\/v2\/posts\/1734\/revisions"}],"predecessor-version":[{"id":11365,"href":"https:\/\/www.koronakarkonoszy.pl\/blog\/en\/wp-json\/wp\/v2\/posts\/1734\/revisions\/11365"}],"wp:featuredmedia":[{"embeddable":true,"href":"https:\/\/www.koronakarkonoszy.pl\/blog\/en\/wp-json\/wp\/v2\/media\/1742"}],"wp:attachment":[{"href":"https:\/\/www.koronakarkonoszy.pl\/blog\/en\/wp-json\/wp\/v2\/media?parent=1734"}],"wp:term":[{"taxonomy":"category","embeddable":true,"href":"https:\/\/www.koronakarkonoszy.pl\/blog\/en\/wp-json\/wp\/v2\/categories?post=1734"}],"curies":[{"name":"wp","href":"https:\/\/api.w.org\/{rel}","templated":true}]}}