{"id":10190,"date":"2024-08-05T17:09:00","date_gmt":"2024-08-05T15:09:00","guid":{"rendered":"https:\/\/www.koronakarkonoszy.pl\/blog\/?p=10190"},"modified":"2024-12-11T10:43:29","modified_gmt":"2024-12-11T09:43:29","slug":"wedding-in-the-mountains-ideas-for-arrangements-2","status":"publish","type":"post","link":"https:\/\/www.koronakarkonoszy.pl\/blog\/en\/wesele-w-gorach-pomysly-na-aranzacje\/","title":{"rendered":"Wedding in the mountains arrangement ideas"},"content":{"rendered":"\n<p>Coraz wi\u0119cej Par M\u0142odych decyduje si\u0119 na wesele w g\u00f3rach. Dlaczego w\u0142a\u015bnie ta lokalizacja tak poci\u0105ga narzeczonych? I jak sprawi\u0107, by wesele w g\u00f3rach by\u0142o jedyne w swoim rodzaju? Wesele w g\u00f3rach pomys\u0142y? Podpowiadamy!&nbsp;<\/p>\n\n\n<div id=\"ariadna-block_f19c17a5f9ed880c076bd9b42ec40fb3\" class=\"ariadna\">\r\n    <ul><li><a href=\"#ha-wesele-w-gorach-pomysly-na-folkowa-aranzacje\">Wesele w g\u00f3rach pomys\u0142y na folkow\u0105 aran\u017cacj\u0119<\/a><\/li><li><a href=\"#h-dekoracje-na-wesele-w-stylu-folk\">Dekoracje na wesele w stylu folk<\/a><\/li><li><a href=\"#ha-wesele-w-gorach-pomysly-w-stylu-boho\">Wesele w g\u00f3rach pomys\u0142y w stylu boho<\/a><\/li><li><a href=\"#h-ogrod-na-wesele-w-gorach\">Ogr\u00f3d na wesele w g\u00f3rach<\/a><\/li><li><a href=\"#ha-aranzacje-na-wesele-w-gorach-styl-rustykalny\">Aran\u017cacje na wesele w g\u00f3rach \u2013 styl rustykalny<\/a><\/li><li><a href=\"#ha-gdzie-zorganizowac-wesele-w-gorach\">Gdzie zorganizowa\u0107 wesele w g\u00f3rach?<\/a><\/li><\/ul>\r\n<\/div>\r\n\r\n\r\n\r\n\n\n\n<p>Wesela w otoczeniu g\u00f3rskich szczyt\u00f3w maj\u0105 w sobie co\u015b magicznego. W g\u00f3rach, jak nigdzie indziej, czujemy pot\u0119g\u0119 przyrody. Ceremonia \u015blubna w tak wyj\u0105tkowym otoczeniu na zawsze zapadnie go\u015bciom w pami\u0119\u0107. Jak jednak \u015blub w g\u00f3rach uczyni\u0107 jeszcze bardziej unikatowym do\u015bwiadczeniem? Czy mo\u017cna konkurowa\u0107 z dekoracjami stworzonymi przez Matk\u0119 Natur\u0119? Czy da si\u0119 przebi\u0107 wspania\u0142e kaskady, wartkie g\u00f3rskie potoki, o\u015bnie\u017cone lub ton\u0105ce w chmurach szczyty albo kwietne \u0142\u0105ki na zboczach? Oczywi\u015bcie, \u017ce nie. Ale mo\u017cna wkomponowa\u0107 dekoracje naszego wesela w wyj\u0105tkowy g\u00f3rski pejza\u017c.<\/p>\n\n\n\n<figure class=\"wp-block-image size-large\"><img loading=\"lazy\" decoding=\"async\" width=\"1024\" height=\"683\" src=\"https:\/\/www.koronakarkonoszy.pl\/blog\/wp-content\/uploads\/2022\/12\/wesele-w-gorach-piekne-wesele-Dwor-Korona-Karkonoszy-1024x683.jpg\" alt=\"\" class=\"wp-image-6537\" srcset=\"https:\/\/www.koronakarkonoszy.pl\/blog\/wp-content\/uploads\/2022\/12\/wesele-w-gorach-piekne-wesele-Dwor-Korona-Karkonoszy-1024x683.jpg 1024w, https:\/\/www.koronakarkonoszy.pl\/blog\/wp-content\/uploads\/2022\/12\/wesele-w-gorach-piekne-wesele-Dwor-Korona-Karkonoszy-300x200.jpg 300w, https:\/\/www.koronakarkonoszy.pl\/blog\/wp-content\/uploads\/2022\/12\/wesele-w-gorach-piekne-wesele-Dwor-Korona-Karkonoszy-768x512.jpg 768w, https:\/\/www.koronakarkonoszy.pl\/blog\/wp-content\/uploads\/2022\/12\/wesele-w-gorach-piekne-wesele-Dwor-Korona-Karkonoszy.jpg 1200w\" sizes=\"auto, (max-width: 1024px) 100vw, 1024px\" \/><figcaption class=\"wp-element-caption\"><strong>Wesele w g\u00f3rach <\/strong><\/figcaption><\/figure>\n\n\n\n<h2 class=\"wp-block-heading\" id=\"ha-wesele-w-gorach-pomysly-na-folkowa-aranzacje\">Wesele w g\u00f3rach pomys\u0142y na folkow\u0105 aran\u017cacj\u0119<\/h2>\n\n\n\n<p>Trendy weselne pokazuj\u0105 jednoznacznie \u2013 <a href=\"https:\/\/www.koronakarkonoszy.pl\/blog\/trendy-weselne-wesele-w-gorach\/\" target=\"_blank\" rel=\"noreferrer noopener\">wesela w g\u00f3rach<\/a> ciesz\u0105 si\u0119 coraz wi\u0119kszym zainteresowaniem Par M\u0142odych. Wiele z nich chce dopasowa\u0107 aran\u017cacj\u0119 wesela do tej wyj\u0105tkowej lokalizacji. Nic trudnego \u2013 wystarczy urz\u0105dzi\u0107 wesele w stylu folk.<\/p>\n\n\n\n<p>Folkowe wesele to rodzaj tradycyjnego <a href=\"https:\/\/www.koronakarkonoszy.pl\/blog\/wesele-w-polsce\/\" target=\"_blank\" rel=\"noreferrer noopener\">wesela w Polsce<\/a>, kt\u00f3re odzwierciedla elementy kultury ludowej i tradycji regionalnych. Charakteryzuje si\u0119 wykorzystaniem folkowych wzor\u00f3w, stroj\u00f3w, ta\u0144c\u00f3w i muzyki, co nadaje mu niepowtarzalny charakter. Wiele folkowych wesel odbywa si\u0119 na otwartej przestrzeni, na przyk\u0142ad na polach, \u0142\u0105kach lub w innym <a href=\"https:\/\/www.koronakarkonoszy.pl\/blog\/miejsca-na-wesele-w-plenerze\/\" target=\"_blank\" rel=\"noreferrer noopener\">miejscu w plenerze<\/a>, aby nawi\u0105za\u0107 do naturalnego i wiejskiego charakteru ceremonii.<\/p>\n\n\n\n<figure class=\"wp-block-image size-large\"><a href=\"https:\/\/www.koronakarkonoszy.pl\/wesele\/\" target=\"_blank\" rel=\"noreferrer noopener\"><img loading=\"lazy\" decoding=\"async\" width=\"1024\" height=\"512\" src=\"https:\/\/www.koronakarkonoszy.pl\/blog\/wp-content\/uploads\/2022\/09\/piekne_wesela_DKK-1024x512.jpg\" alt=\"\" class=\"wp-image-5906\" srcset=\"https:\/\/www.koronakarkonoszy.pl\/blog\/wp-content\/uploads\/2022\/09\/piekne_wesela_DKK-1024x512.jpg 1024w, https:\/\/www.koronakarkonoszy.pl\/blog\/wp-content\/uploads\/2022\/09\/piekne_wesela_DKK-300x150.jpg 300w, https:\/\/www.koronakarkonoszy.pl\/blog\/wp-content\/uploads\/2022\/09\/piekne_wesela_DKK-768x384.jpg 768w, https:\/\/www.koronakarkonoszy.pl\/blog\/wp-content\/uploads\/2022\/09\/piekne_wesela_DKK.jpg 1200w\" sizes=\"auto, (max-width: 1024px) 100vw, 1024px\" \/><\/a><\/figure>\n\n\n\n<p>Podczas folkowego wesela istotn\u0105 rol\u0119 odgrywaj\u0105 tradycyjne instrumenty muzyczne, takie jak skrzypce czy akordeon. Cz\u0119sto na weselu wyst\u0119puje zesp\u00f3\u0142 folkowy, kt\u00f3ry gra muzyk\u0119 regionaln\u0105 \u2013 z r\u00f3\u017cnych stron \u015bwiata zreszt\u0105 &#8211; i uczy go\u015bci krok\u00f3w tradycyjnych ta\u0144c\u00f3w. To \u015bwietna zabawa dla wszystkich zgromadzonych!<\/p>\n\n\n\n<figure class=\"wp-block-image size-large\"><img loading=\"lazy\" decoding=\"async\" width=\"1024\" height=\"683\" src=\"https:\/\/www.koronakarkonoszy.pl\/blog\/wp-content\/uploads\/2020\/05\/IMG_8619-1024x683.jpg\" alt=\"\" class=\"wp-image-5786\" srcset=\"https:\/\/www.koronakarkonoszy.pl\/blog\/wp-content\/uploads\/2020\/05\/IMG_8619-1024x683.jpg 1024w, https:\/\/www.koronakarkonoszy.pl\/blog\/wp-content\/uploads\/2020\/05\/IMG_8619-300x200.jpg 300w, https:\/\/www.koronakarkonoszy.pl\/blog\/wp-content\/uploads\/2020\/05\/IMG_8619-768x512.jpg 768w, https:\/\/www.koronakarkonoszy.pl\/blog\/wp-content\/uploads\/2020\/05\/IMG_8619-1920x1280.jpg 1920w, https:\/\/www.koronakarkonoszy.pl\/blog\/wp-content\/uploads\/2020\/05\/IMG_8619-1536x1024.jpg 1536w, https:\/\/www.koronakarkonoszy.pl\/blog\/wp-content\/uploads\/2020\/05\/IMG_8619-2048x1365.jpg 2048w\" sizes=\"auto, (max-width: 1024px) 100vw, 1024px\" \/><figcaption class=\"wp-element-caption\"><strong>Wesele w g\u00f3rach &#8211; pomys\u0142y na sesj\u0119 zdj\u0119ciow\u0105 <\/strong><\/figcaption><\/figure>\n\n\n\n<p><strong>Stroje weselne r\u00f3wnie\u017c s\u0105 inspirowane tradycj\u0105 i folklorem danego regionu. <\/strong>Zar\u00f3wno Panny M\u0142ode, jak i Panowie cz\u0119sto ubieraj\u0105 si\u0119 w tradycyjne stroje ludowe, kt\u00f3re reprezentuj\u0105 ich miejscowo\u015b\u0107. Albo decyduj\u0105 si\u0119 ozdobi\u0107 sw\u00f3j str\u00f3j weselny drobnymi akcentami ludowymi \u2013 naszywkami, chustami, koralami.<\/p>\n\n\n\n<p>Jedzenie podawane na folkowym weselu r\u00f3wnie\u017c cz\u0119sto ma regionalny charakter. Mo\u017ce obejmowa\u0107 potrawy i przysmaki specyficzne dla danej cz\u0119\u015bci kraju, wykorzystuj\u0105ce tradycyjne sk\u0142adniki i receptury. W dzisiejszych czasach to nie lada atrakcja dla go\u015bci weselnych, bo na co dzie\u0144 rzadko mamy okazj\u0119 spr\u00f3bowa\u0107 takich przysmak\u00f3w.<\/p>\n\n\n<section id=\"leonardo-block_cc0a6d7bad527a2216026c94c24abb14\" class=\"leonardo page-breaker leonardo-image-right\">\r\n    <div class=\"leonardo-body\">\r\n        <h2 class=\"leonardo-title\" id=\"h-dekoracje-na-wesele-w-stylu-folk\">Dekoracje na wesele w stylu folk<\/h2>        <div class=\"leonardo-content\"><p><!-- wp:heading --><\/p>\n<p>Jak powinna wygl\u0105da\u0107 <strong>folkowa dekoracja wesela<\/strong>? Powinna by\u0107 kolorowa i radosna! Co warto wykorzysta\u0107, by stworzy\u0107 niepowtarzaln\u0105 weseln\u0105 aran\u017cacj\u0119?<\/p>\n<p><!-- \/wp:paragraph --> <!-- wp:paragraph --><\/p>\n<ul>\n<li>Wykorzystaj drewniane sto\u0142y, krzes\u0142a lub \u0142awki, aby nada\u0107 dekoracji rustykalny styl. Drewniane elementy mo\u017cna r\u00f3wnie\u017c zdobi\u0107 r\u0119cznie malowanymi wzorami lub cytatami z folkowych opowie\u015bci.<\/li>\n<li><!-- \/wp:paragraph --> <!-- wp:paragraph -->Zastosuj tradycyjne tkaniny, cho\u0107by lniane lub we\u0142niane obrusy, bie\u017cniki czy serwetki. Wybierz wzory inspirowane folklorem, na przyk\u0142ad hafty lub motywy ro\u015blinne.<\/li>\n<li><!-- \/wp:paragraph --> <!-- wp:paragraph -->Powie\u015b kolorowe lampiony lub girlandy z kwiat\u00f3w, wst\u0105\u017cek lub papierowych ozd\u00f3b. To dodaje radosnego i festiwalowego nastroju weselnej aran\u017cacji.<\/li>\n<li><!-- \/wp:paragraph --> <!-- wp:paragraph -->Udekoruj st\u00f3\u0142 i przestrze\u0144 weseln\u0105 tradycyjn\u0105 ceramik\u0105 &#8211; glinianymi naczyniami, fili\u017cankami czy miskami. Mo\u017cesz r\u00f3wnie\u017c wykorzysta\u0107 plecione kosze czy haftowane poduszki.<\/li>\n<li><!-- \/wp:paragraph --> <!-- wp:paragraph -->Wykorzystaj bujne i kolorowe polne kwiaty, takie jak margerytki, stokrotki, rumianki czy s\u0142oneczniki. Mo\u017cesz r\u00f3wnie\u017c u\u017cy\u0107 wiejskich ro\u015blin &#8211; zb\u00f3\u017c lub zi\u00f3\u0142, kt\u00f3re cz\u0119sto maj\u0105 symboliczne znaczenie.<\/li>\n<li><!-- \/wp:paragraph --> <!-- wp:paragraph -->Stw\u00f3rz wianki z kwiat\u00f3w, zi\u00f3\u0142 lub wst\u0105\u017cek, kt\u00f3re mo\u017cna powiesi\u0107 na drzwiach wej\u015bciowych, krzes\u0142ach lub sto\u0142ach. To pi\u0119kna i tradycyjna ozdoba weselna.<\/li>\n<li><!-- \/wp:paragraph --> <!-- wp:paragraph -->Wykorzystaj motywy zwierz\u0119ce, takie jak koguty, kurki, wilki, jelenie czy sowy, jako elementy dekoracyjne na zaproszeniach, sto\u0142ach lub bramach.<\/li>\n<\/ul>\n<p><!-- \/wp:paragraph --><\/p>\n<\/div>\r\n                    <aside class=\"leonardo-interlink\">\r\n                <b>Polecamy<\/b>\r\n                <a href=\"https:\/\/www.koronakarkonoszy.pl\/blog\/en\/wesele-okolice-wroclawia\/\">Wesele okolice Wroc\u0142awia \u2013 gdzie zorganizowa\u0107 przyj\u0119cie?<\/a>\r\n            <\/aside>\r\n            <\/div>\r\n    <div class=\"leonardo-image\">\r\n        <img loading=\"lazy\" decoding=\"async\" width=\"1920\" height=\"1278\" src=\"https:\/\/www.koronakarkonoszy.pl\/blog\/wp-content\/uploads\/2020\/04\/annie-spratt-OthPgcYCHfc-unsplash.jpg\" class=\"attachment-full size-full\" alt=\"\" srcset=\"https:\/\/www.koronakarkonoszy.pl\/blog\/wp-content\/uploads\/2020\/04\/annie-spratt-OthPgcYCHfc-unsplash.jpg 1920w, https:\/\/www.koronakarkonoszy.pl\/blog\/wp-content\/uploads\/2020\/04\/annie-spratt-OthPgcYCHfc-unsplash-300x200.jpg 300w, https:\/\/www.koronakarkonoszy.pl\/blog\/wp-content\/uploads\/2020\/04\/annie-spratt-OthPgcYCHfc-unsplash-1024x682.jpg 1024w, https:\/\/www.koronakarkonoszy.pl\/blog\/wp-content\/uploads\/2020\/04\/annie-spratt-OthPgcYCHfc-unsplash-768x511.jpg 768w, https:\/\/www.koronakarkonoszy.pl\/blog\/wp-content\/uploads\/2020\/04\/annie-spratt-OthPgcYCHfc-unsplash-1536x1022.jpg 1536w, https:\/\/www.koronakarkonoszy.pl\/blog\/wp-content\/uploads\/2020\/04\/annie-spratt-OthPgcYCHfc-unsplash-18x12.jpg 18w\" sizes=\"auto, (max-width: 1920px) 100vw, 1920px\" \/>            <\/div>\r\n<\/section>\n\n\n<h2 class=\"wp-block-heading\" id=\"ha-wesele-w-gorach-pomysly-w-stylu-boho\">Wesele w g\u00f3rach pomys\u0142y w stylu boho<\/h2>\n\n\n\n<p>Energetyczne, szalenie kolorowe dekoracje w stylu boho b\u0119d\u0105 pasowa\u0107 idealnie do <a href=\"https:\/\/www.koronakarkonoszy.pl\/blog\/wesele-w-ogrodzie\/\" target=\"_blank\" rel=\"noreferrer noopener\">wesela w ogrodzie<\/a>. \u015aluby i wesela w plenerze s\u0105 bardzo modne, coraz wi\u0119cej Par M\u0142odych chce \u015bwi\u0119towa\u0107 ten jedyny dzie\u0144 w swoim \u017cyciu w zgodzie z natur\u0105, w otoczeniu zieleni. A <strong>g\u00f3rskie panoramy stanowi\u0105 idealn\u0105 opraw\u0119 wesela<\/strong>.<\/p>\n\n\n\n<p>A wi\u0119c warto przygotowa\u0107 wielobarwne poduchy do wy\u015bcie\u0142ania mebli ogrodowych. Najlepiej rattanowych czy metalowych, nawet lekko nadgryzionych z\u0119bem czasu \u2013 kolorowe tekstylia i tak dodadz\u0105 im uroku. Wi\u0119ksze poduszki czy futony pos\u0142u\u017c\u0105 do siedzenia bezpo\u015brednio na trawie. Batikowe czy patchworkowe narzuty i pledy to znak rozpoznawczy stylu boho. Bia\u0142a sukienka Panny M\u0142odej \u015bwietnie wypadnie na takim tle!&nbsp;<\/p>\n\n\n<section id=\"leonardo-block_81a78285a00f8c807e6813290c8ba7a1\" class=\"leonardo page-breaker leonardo-image-left\">\r\n    <div class=\"leonardo-body\">\r\n        <h2 class=\"leonardo-title\" id=\"h-ogrod-na-wesele-w-gorach\">Ogr\u00f3d na wesele w g\u00f3rach <\/h2>        <div class=\"leonardo-content\"><p><!-- wp:paragraph --><\/p>\n<p>Ogr\u00f3d na wesele warto ozdobi\u0107 \u015bwiate\u0142kami \u2013 lampki, latarenki, \u015bwieczniki po zapadni\u0119ciu zmroku stworz\u0105 czarodziejski nastr\u00f3j. Do tego pi\u00f3rka, \u0142apacze sn\u00f3w, koraliki, muszelki &#8211; nie \u017ca\u0142ujmy sobie! Boho to styl maksymalizmu. I dlatego w\u0142a\u015bnie g\u00f3rska, nieco surowa sceneria b\u0119dzie dobrym t\u0142em dla tej obfito\u015bci kolor\u00f3w i wzor\u00f3w. Uspokoi troch\u0119 t\u0119 rozedrgan\u0105, wielobarwn\u0105 materi\u0119.<\/p>\n<p><!-- \/wp:paragraph --> <!-- wp:paragraph --><\/p>\n<p>Boho to styl cyganerii, bohemy artystycznej \u2013 niezobowi\u0105zuj\u0105cy, bez sztywno\u015bci i zad\u0119cia. \u015awietny dla narzeczonych, kt\u00f3rzy marz\u0105 o lu\u017anej atmosferze na swoim przyj\u0119ciu, kt\u00f3rzy nie chc\u0105 wk\u0142ada\u0107 formalnych, oficjalnych stroj\u00f3w. Suknia Panny M\u0142odej wcale nie musi by\u0107 bia\u0142a. R\u00f3wnie dobrze mo\u017ce by\u0107 w soczystym kolorze burgundu, zieleni czy granacie.<\/p>\n<p><!-- \/wp:paragraph --> <!-- wp:paragraph --><\/p>\n<p>Poza tym <strong>na weselu w plenerze kluczowa jest wygoda<\/strong>, wi\u0119c suknia w stylu ksi\u0119\u017cniczki niekoniecznie si\u0119 sprawdzi. Lepsze b\u0119d\u0105 l\u017cejsze stroje, bardziej subtelne sukienki, mniej \u201enapompowane\u201d, bez usztywnie\u0144 i gorset\u00f3w. Na przyk\u0142ad suknie koronkowe, mi\u0119kko otulaj\u0105ce cia\u0142o, kt\u00f3re mo\u017cna potem skr\u00f3ci\u0107, zafarbowa\u0107 i nosi\u0107 tak\u017ce na inne okazje czy po prostu na co dzie\u0144 w letni dzie\u0144.<\/p>\n<p><!-- \/wp:paragraph --> <!-- wp:paragraph --><\/p>\n<p>Styl boho opiera si\u0119 na swobodzie i naturalnym pi\u0119knie, wi\u0119c nie boj si\u0119 eksperymentowa\u0107 i \u0142\u0105czy\u0107 r\u00f3\u017cnych element\u00f3w. Mo\u017cesz pozwoli\u0107 sobie na wi\u0119cej fantazji. Przystr\u00f3j wi\u0119c ogr\u00f3d tekstyliami z etnicznymi wzorami, charakterystycznymi dla wzornictwa meksyka\u0144skiego, afryka\u0144skiego, a nawet arabskiego.<\/p>\n<p><!-- \/wp:paragraph --><\/p>\n<\/div>\r\n                    <aside class=\"leonardo-interlink\">\r\n                <b>Polecamy<\/b>\r\n                <a href=\"https:\/\/www.koronakarkonoszy.pl\/blog\/en\/slub-jelenia-gora\/\">\u015alub Jelenia G\u00f3ra \u2013 sielska ceremonia w stolicy Karkonoszy<\/a>\r\n            <\/aside>\r\n            <\/div>\r\n    <div class=\"leonardo-image\">\r\n        <img loading=\"lazy\" decoding=\"async\" width=\"744\" height=\"497\" src=\"https:\/\/www.koronakarkonoszy.pl\/blog\/wp-content\/uploads\/2022\/12\/wesele-w-plenerze.jpg\" class=\"attachment-full size-full\" alt=\"\" srcset=\"https:\/\/www.koronakarkonoszy.pl\/blog\/wp-content\/uploads\/2022\/12\/wesele-w-plenerze.jpg 744w, https:\/\/www.koronakarkonoszy.pl\/blog\/wp-content\/uploads\/2022\/12\/wesele-w-plenerze-300x200.jpg 300w\" sizes=\"auto, (max-width: 744px) 100vw, 744px\" \/>            <\/div>\r\n<\/section>\n\n\n<h2 class=\"wp-block-heading\" id=\"ha-aranzacje-na-wesele-w-gorach-styl-rustykalny\">Aran\u017cacje na wesele w g\u00f3rach \u2013 styl rustykalny<\/h2>\n\n\n\n<p>Styl rustykalny to pomys\u0142 idealny dla Par M\u0142odych, kt\u00f3re nie chc\u0105 si\u0119 wpisywa\u0107 w schematy. Kt\u00f3re kochaj\u0105 natur\u0119 i chc\u0105 wykreowa\u0107 na swoim przyj\u0119ciu klimat ba\u015bniowej krainy.<\/p>\n\n\n\n<style>\n    .cta_block{\n        margin: 1.5em 0;\n    }\n    .cta_block_content {\n        position: relative;\n        color: white;\n        padding: 1em;\n    }\n    .cta_block_content h3{\n        text-align: center;\n        font: normal normal normal 36px\/50px Yeseva One;\n    }\n    .cta_block_content .cta_block_desc{\n        text-align: center;\n        font-size: 1.1em;\n        position: relative;\n    }\n    .cta_block_content .cta_block_desc:before {\n        content: '';\n        width: 80px;\n        height: 4px;\n        background: #EEB315;\n        position: absolute;\n        left: 0;\n        right: 0;\n        margin-left: auto;\n        margin-right: auto;\n        top: -22px;\n    }\n\n    .cta_block_content picture{\n        position: absolute;\n        top: 0;\n        right: 0;\n        z-index: -1;\n        height: 100%;\n        overflow: hidden;\n        width: 100%;\n    }\n    .cta_block_content picture img{\n        object-fit: cover;\n        height: 100%;\n        width: 100%;\n    }\n    .cta_block .cta_block_content .ninja-forms-field{\n        background: #FFFFFF2F;\n        border: 1px solid #EEB315;\n        border-radius: 25px;\n        opacity: 1;\n        color: #ffffff;\n    }\n    .cta_block .cta_block_content .nf-form-content input[type=submit]{\n        background-color: #EEB315;\n        color: #292929;\n        text-align: center;\n        font: normal normal bold 14px\/20px Work Sans;\n        padding: 0 2em;\n    }\n\n    .cta_block ::placeholder{\n        color: white!important;\n        opacity: 1;\n    }\n\n    .cta_block_content::after {\n        height: 100%;\n        width: 100%;\n        content: \"\";\n        z-index: -1;\n        position: absolute;\n        top: 0;\n        background: #00000070;\n        right: 0;\n        left: 0;\n        bottom: 0;\n    }\n    #ha-cta-block, .cta_block_desc, .cta_block .nf-field-label, .cta_block .nf-error-msg {\n        filter: drop-shadow(1px 1px 8px black);\n    }\n\n\/*    .cta_block nf-rows-wrap {\n        display: flex;\n        justify-content: space-around;\n        flex-direction: row;\n    }*\/\n\n    .cta_block .nf-field-label {\n        display:none;\n    }\n\n    .cta_block .nf-error.field-wrap .nf-field-element::after {\n        border-radius: 50px;\n    }\n\n    .cta_block .nf-error-msg {\n        color: #fff;\n    }\n\n    .cta_block .nf-form-cont {\n        margin-top: 3em;\n        margin-bottom: 1em;\n    }\n\n    .wp-admin .cta_block_content{\n        display: none;\n    }\n    .cta_block .nf-form-fields-required {\n        display: none;\n    }\n    body:not(.wp-admin) .cta_block_admin {\n        display: none;\n    }\n<\/style>\n<div id=\"cta_block-block_5405c49c687a90460f13e6a5cbf89916\" class=\"cta_block\">\n    <div class=\"cta_block_admin\" style=\"background-color: blue; color: white\">\n        Blok CTA\n    <\/div>\n    <div class=\"cta_block\">\n        <div class=\"cta_block_content\">   \n        <h3 id=\"ha-planujecie-wesele-w-gorach\">Planujecie wesele w g\u00f3rach? <\/h3>\n                    <div class=\"cta_block_desc\">Zapraszamy do Dworu Korona Karkonoszy! <\/div>\n                <noscript class=\"ninja-forms-noscript-message\">\n\tNotice: JavaScript is required for this content.<\/noscript>\n<div id=\"nf-form-3-cont\" class=\"nf-form-cont\" aria-live=\"polite\" aria-labelledby=\"nf-form-title-3\" aria-describedby=\"nf-form-errors-3\" role=\"form\">\n\n    <div class=\"nf-loading-spinner\"><\/div>\n\n<\/div>\n        <!-- That data is being printed as a workaround to page builders reordering the order of the scripts loaded-->\n        <script>var formDisplay=1;var nfForms=nfForms||[];var form=[];form.id='3';form.settings={\"objectType\":\"Form Setting\",\"editActive\":true,\"title\":\"Block CTA\",\"created_at\":\"2022-11-08 16:03:33\",\"default_label_pos\":\"above\",\"show_title\":0,\"clear_complete\":\"1\",\"hide_complete\":\"1\",\"logged_in\":\"\",\"wrapper_class\":\"\",\"element_class\":\"\",\"key\":\"\",\"add_submit\":\"0\",\"changeEmailErrorMsg\":\"Please enter a valid email address!\",\"changeDateErrorMsg\":\"Please enter a valid date!\",\"confirmFieldErrorMsg\":\"These fields must match!\",\"fieldNumberNumMinError\":\"Number Min Error\",\"fieldNumberNumMaxError\":\"Number Max Error\",\"fieldNumberIncrementBy\":\"Please increment by \",\"formErrorsCorrectErrors\":\"Please correct errors before submitting this form.\",\"validateRequiredField\":\"This is a required field.\",\"honeypotHoneypotError\":\"Honeypot Error\",\"fieldsMarkedRequired\":\"Fields marked with an <span class=\\\"ninja-forms-req-symbol\\\">*<\\\/span> are required\",\"currency\":\"\",\"repeatable_fieldsets\":\"\",\"unique_field_error\":\"Formularz z t\\u0105 warto\\u015bci\\u0105 zosta\\u0142 ju\\u017c przes\\u0142any.\",\"not_logged_in_msg\":\"\",\"sub_limit_msg\":\"Formularz osi\\u0105gn\\u0105\\u0142 limit wys\\u0142a\\u0144.\",\"calculations\":[],\"container_styles_show_advanced_css\":\"0\",\"title_styles_show_advanced_css\":\"0\",\"row_styles_show_advanced_css\":\"0\",\"row-odd_styles_show_advanced_css\":\"0\",\"success-msg_styles_show_advanced_css\":\"0\",\"error_msg_styles_show_advanced_css\":\"0\",\"formContentData\":[{\"order\":1,\"cells\":[{\"order\":0,\"fields\":[\"phone_1640098023980\"],\"width\":35},{\"order\":1,\"fields\":[\"adres_e-mail_1667919839452\"],\"width\":35},{\"order\":2,\"fields\":[\"zapisz_mnie_1667919853255\"],\"width\":30}]}],\"drawerDisabled\":false,\"conditions\":[],\"allow_public_link\":0,\"embed_form\":\"\",\"container_styles_border\":\"\",\"container_styles_height\":\"\",\"container_styles_margin\":\"\",\"container_styles_padding\":\"\",\"container_styles_float\":\"\",\"title_styles_border\":\"\",\"title_styles_height\":\"\",\"title_styles_width\":\"\",\"title_styles_font-size\":\"\",\"title_styles_margin\":\"\",\"title_styles_padding\":\"\",\"title_styles_float\":\"\",\"row_styles_border\":\"\",\"row_styles_width\":\"\",\"row_styles_font-size\":\"\",\"row_styles_margin\":\"\",\"row_styles_padding\":\"\",\"row-odd_styles_border\":\"\",\"row-odd_styles_height\":\"\",\"row-odd_styles_width\":\"\",\"row-odd_styles_font-size\":\"\",\"row-odd_styles_margin\":\"\",\"row-odd_styles_padding\":\"\",\"success-msg_styles_border\":\"\",\"success-msg_styles_height\":\"\",\"success-msg_styles_width\":\"\",\"success-msg_styles_font-size\":\"\",\"success-msg_styles_margin\":\"\",\"success-msg_styles_padding\":\"\",\"error_msg_styles_border\":\"\",\"error_msg_styles_width\":\"\",\"error_msg_styles_font-size\":\"\",\"error_msg_styles_margin\":\"\",\"error_msg_styles_padding\":\"\",\"form_title_heading_level\":\"3\",\"ninjaForms\":\"Ninja Forms\",\"fieldTextareaRTEInsertLink\":\"Insert Link\",\"fieldTextareaRTEInsertMedia\":\"Insert Media\",\"fieldTextareaRTESelectAFile\":\"Select a file\",\"formHoneypot\":\"If you are a human seeing this field, please leave it empty.\",\"fileUploadOldCodeFileUploadInProgress\":\"File Upload in Progress.\",\"fileUploadOldCodeFileUpload\":\"FILE UPLOAD\",\"currencySymbol\":\"&#36;\",\"thousands_sep\":\",\",\"decimal_point\":\".\",\"siteLocale\":\"en_GB\",\"dateFormat\":\"m\\\/d\\\/Y\",\"startOfWeek\":\"1\",\"of\":\"of\",\"previousMonth\":\"Previous Month\",\"nextMonth\":\"Next Month\",\"months\":[\"January\",\"February\",\"March\",\"April\",\"May\",\"June\",\"July\",\"August\",\"September\",\"October\",\"November\",\"December\"],\"monthsShort\":[\"Jan\",\"Feb\",\"Mar\",\"Apr\",\"May\",\"Jun\",\"Jul\",\"Aug\",\"Sep\",\"Oct\",\"Nov\",\"Dec\"],\"weekdays\":[\"Sunday\",\"Monday\",\"Tuesday\",\"Wednesday\",\"Thursday\",\"Friday\",\"Saturday\"],\"weekdaysShort\":[\"Sun\",\"Mon\",\"Tue\",\"Wed\",\"Thu\",\"Fri\",\"Sat\"],\"weekdaysMin\":[\"Su\",\"Mo\",\"Tu\",\"We\",\"Th\",\"Fr\",\"Sa\"],\"recaptchaConsentMissing\":\"reCaptcha validation couldn&#039;t load.\",\"recaptchaMissingCookie\":\"reCaptcha v3 validation couldn&#039;t load the cookie needed to submit the form.\",\"recaptchaConsentEvent\":\"Accept reCaptcha cookies before sending the form.\",\"currency_symbol\":\"\",\"beforeForm\":\"\",\"beforeFields\":\"\",\"afterFields\":\"\",\"afterForm\":\"\"};form.fields=[{\"objectType\":\"Field\",\"objectDomain\":\"fields\",\"editActive\":false,\"order\":1,\"idAttribute\":\"id\",\"type\":\"phone\",\"label\":\"Numer telefonu\",\"key\":\"phone_1640098023980\",\"label_pos\":\"above\",\"required\":1,\"default\":\"\",\"placeholder\":\"Numer telefonu\",\"container_class\":\"\",\"element_class\":\"\",\"input_limit\":\"\",\"input_limit_type\":\"characters\",\"input_limit_msg\":\"Liczba pozosta\\u0142ych znak\\u00f3w:\",\"manual_key\":\"\",\"admin_label\":\"\",\"help_text\":\"\",\"mask\":\"\",\"custom_mask\":\"\",\"custom_name_attribute\":\"phone\",\"personally_identifiable\":1,\"wrap_styles_border\":\"\",\"wrap_styles_width\":\"\",\"wrap_styles_margin\":\"\",\"wrap_styles_padding\":\"\",\"wrap_styles_float\":\"\",\"wrap_styles_show_advanced_css\":0,\"label_styles_border\":\"\",\"label_styles_width\":\"\",\"label_styles_font-size\":\"\",\"label_styles_margin\":\"\",\"label_styles_padding\":\"\",\"label_styles_float\":\"\",\"label_styles_show_advanced_css\":0,\"element_styles_border\":\"\",\"element_styles_width\":\"\",\"element_styles_font-size\":\"\",\"element_styles_margin\":\"\",\"element_styles_padding\":\"\",\"element_styles_float\":\"\",\"element_styles_show_advanced_css\":0,\"cellcid\":\"c3386\",\"value\":\"\",\"field_label\":\"Numer telefonu\",\"field_key\":\"phone_1640098023980\",\"drawerDisabled\":false,\"id\":8,\"beforeField\":\"\",\"afterField\":\"\",\"parentType\":\"textbox\",\"element_templates\":[\"tel\",\"textbox\",\"input\"],\"old_classname\":\"\",\"wrap_template\":\"wrap\"},{\"objectType\":\"Field\",\"objectDomain\":\"fields\",\"editActive\":false,\"order\":2,\"idAttribute\":\"id\",\"type\":\"email\",\"label\":\"Adres e-mail\",\"key\":\"adres_e-mail_1667919839452\",\"label_pos\":\"above\",\"required\":1,\"default\":\"\",\"placeholder\":\"Adres e-mail\",\"container_class\":\"\",\"element_class\":\"\",\"admin_label\":\"\",\"help_text\":\"\",\"custom_name_attribute\":\"email\",\"personally_identifiable\":1,\"wrap_styles_border\":\"\",\"wrap_styles_width\":\"\",\"wrap_styles_margin\":\"\",\"wrap_styles_padding\":\"\",\"wrap_styles_float\":\"\",\"wrap_styles_show_advanced_css\":0,\"label_styles_border\":\"\",\"label_styles_width\":\"\",\"label_styles_font-size\":\"\",\"label_styles_margin\":\"\",\"label_styles_padding\":\"\",\"label_styles_float\":\"\",\"label_styles_show_advanced_css\":0,\"element_styles_border\":\"\",\"element_styles_width\":\"\",\"element_styles_font-size\":\"\",\"element_styles_margin\":\"\",\"element_styles_padding\":\"\",\"element_styles_float\":\"\",\"element_styles_show_advanced_css\":0,\"cellcid\":\"c3389\",\"value\":\"\",\"drawerDisabled\":false,\"field_label\":\"E-mail\",\"field_key\":\"email_1640098026199\",\"id\":9,\"beforeField\":\"\",\"afterField\":\"\",\"parentType\":\"email\",\"element_templates\":[\"email\",\"input\"],\"old_classname\":\"\",\"wrap_template\":\"wrap\"},{\"objectType\":\"Field\",\"objectDomain\":\"fields\",\"editActive\":false,\"order\":3,\"idAttribute\":\"id\",\"type\":\"submit\",\"label\":\"Zapisz mnie\",\"processing_label\":\"W trakcie realizacji\",\"container_class\":\"\",\"element_class\":\"\",\"key\":\"zapisz_mnie_1667919853255\",\"wrap_styles_border\":\"\",\"wrap_styles_width\":\"\",\"wrap_styles_margin\":\"\",\"wrap_styles_padding\":\"\",\"wrap_styles_float\":\"\",\"wrap_styles_show_advanced_css\":0,\"element_styles_border\":\"\",\"element_styles_width\":\"\",\"element_styles_font-size\":\"\",\"element_styles_margin\":\"\",\"element_styles_padding\":\"\",\"element_styles_float\":\"\",\"element_styles_show_advanced_css\":0,\"submit_element_hover_styles_border\":\"\",\"submit_element_hover_styles_width\":\"\",\"submit_element_hover_styles_font-size\":\"\",\"submit_element_hover_styles_margin\":\"\",\"submit_element_hover_styles_padding\":\"\",\"submit_element_hover_styles_float\":\"\",\"submit_element_hover_styles_show_advanced_css\":0,\"cellcid\":\"c3391\",\"drawerDisabled\":false,\"field_label\":\"Zamawiam rozmow\\u0119\",\"field_key\":\"zamawiam_rozmowe_1640098067453\",\"id\":10,\"beforeField\":\"\",\"afterField\":\"\",\"value\":\"\",\"label_pos\":\"above\",\"parentType\":\"textbox\",\"element_templates\":[\"submit\",\"button\",\"input\"],\"old_classname\":\"\",\"wrap_template\":\"wrap-no-label\"}];nfForms.push(form);<\/script>\n                <script id=\"nf-tmpl-cell\" type=\"text\/template\">\n            <nf-fields><\/nf-fields>\n        <\/script>\n\n        <script id=\"nf-tmpl-row\" type=\"text\/template\">\n            <nf-cells><\/nf-cells>\n        <\/script>\n\n                <img loading=\"lazy\" decoding=\"async\" width=\"1500\" height=\"705\" src=\"https:\/\/www.koronakarkonoszy.pl\/blog\/wp-content\/uploads\/2022\/06\/Dwor-Korona-Karkonoszy.jpg\" class=\"attachment-full size-full\" alt=\"\" srcset=\"https:\/\/www.koronakarkonoszy.pl\/blog\/wp-content\/uploads\/2022\/06\/Dwor-Korona-Karkonoszy.jpg 1500w, https:\/\/www.koronakarkonoszy.pl\/blog\/wp-content\/uploads\/2022\/06\/Dwor-Korona-Karkonoszy-300x141.jpg 300w, https:\/\/www.koronakarkonoszy.pl\/blog\/wp-content\/uploads\/2022\/06\/Dwor-Korona-Karkonoszy-1024x481.jpg 1024w, https:\/\/www.koronakarkonoszy.pl\/blog\/wp-content\/uploads\/2022\/06\/Dwor-Korona-Karkonoszy-768x361.jpg 768w\" sizes=\"auto, (max-width: 1500px) 100vw, 1500px\" \/>        <\/div> \n    <\/div>\n<\/div>\n\n\n\n<p><strong>Klimat rustykalnego wesela na \u0142onie g\u00f3rskiej przyrody<\/strong> warto podkre\u015bli\u0107 dekoracjami nawi\u0105zuj\u0105cymi do natury. Wykorzystaj bukiety polnych czy \u0142\u0105kowych kwiat\u00f3w, takich jak stokrotki, lawenda, maki, chabry czy go\u017adziki. Mo\u017cesz stworzy\u0107 wisz\u0105ce girlandy kwiatowe lub aran\u017cacje na sto\u0142ach w rustykalnych wazonach lub s\u0142oikach z recyklingu. Dodaj do kwiatowych dekoracji suszone zio\u0142a \u2013 sza\u0142wi\u0119, mi\u0119t\u0119, eukaliptus czy rumianek. Wybierz naturalne tkaniny w lu\u017anym stylu &#8211; delikatne koronki, hafty czy fr\u0119dzle. Mo\u017cna ich u\u017cy\u0107 w charakterze obrus\u00f3w czy narzut na surowe, drewniane \u0142awy. Kontrast chropawego drewna i delikatnej koronki podkr\u0119ci klimat! Wykorzystaj drewniane sto\u0142y, krzes\u0142a, \u0142awki lub sofki, aby nada\u0107 rustykalny wygl\u0105d przestrzeni weselnej. Rattanowe fotele lub hu\u015btawki r\u00f3wnie\u017c mog\u0105 wprowadzi\u0107 przytulny akcent.<\/p>\n\n\n\n<figure class=\"wp-block-image size-large\"><img loading=\"lazy\" decoding=\"async\" width=\"1024\" height=\"683\" src=\"https:\/\/www.koronakarkonoszy.pl\/blog\/wp-content\/uploads\/2023\/02\/20180119-Klaudia-Cieplinska-Photo-JA-05-copy-1024x683.jpg\" alt=\"\" class=\"wp-image-7655\" srcset=\"https:\/\/www.koronakarkonoszy.pl\/blog\/wp-content\/uploads\/2023\/02\/20180119-Klaudia-Cieplinska-Photo-JA-05-copy-1024x683.jpg 1024w, https:\/\/www.koronakarkonoszy.pl\/blog\/wp-content\/uploads\/2023\/02\/20180119-Klaudia-Cieplinska-Photo-JA-05-copy-300x200.jpg 300w, https:\/\/www.koronakarkonoszy.pl\/blog\/wp-content\/uploads\/2023\/02\/20180119-Klaudia-Cieplinska-Photo-JA-05-copy-768x512.jpg 768w, https:\/\/www.koronakarkonoszy.pl\/blog\/wp-content\/uploads\/2023\/02\/20180119-Klaudia-Cieplinska-Photo-JA-05-copy-1536x1024.jpg 1536w, https:\/\/www.koronakarkonoszy.pl\/blog\/wp-content\/uploads\/2023\/02\/20180119-Klaudia-Cieplinska-Photo-JA-05-copy-18x12.jpg 18w, https:\/\/www.koronakarkonoszy.pl\/blog\/wp-content\/uploads\/2023\/02\/20180119-Klaudia-Cieplinska-Photo-JA-05-copy.jpg 1620w\" sizes=\"auto, (max-width: 1024px) 100vw, 1024px\" \/><figcaption class=\"wp-element-caption\"><a href=\"https:\/\/www.koronakarkonoszy.pl\/blog\/zimowe-wesele\/\" target=\"_blank\" rel=\"noreferrer noopener\"><strong>Zimowe wesele <\/strong><\/a><\/figcaption><\/figure>\n\n\n\n<p>U\u017cyj r\u00f3\u017cnych rozmiar\u00f3w \u015bwieczek i lampion\u00f3w, aby stworzy\u0107 romantyczn\u0105 atmosfer\u0119. Mo\u017cesz zawiesi\u0107 lampiony na drzewach lub stworzy\u0107 strefy o\u015bwietlone \u015bwieczkami wok\u00f3\u0142 przestrzeni weselnej. Wprowad\u017a do dekoracji z\u0142ote akcenty, takie jak wst\u0105\u017cki, \u015bwiece czy elementy sto\u0142owe. Mo\u017cesz r\u00f3wnie\u017c u\u017cy\u0107 z\u0142otych napis\u00f3w, na przyk\u0142ad na tabliczkach z imionami lub cytatami. Ca\u0142a impreza mo\u017ce odby\u0107 si\u0119 w stodole weselnej, pasuj\u0105cej wystrojem do <strong>rustykalnego wesela w g\u00f3rach. <\/strong>&nbsp;<\/p>\n\n\n\n<figure class=\"wp-block-image size-large\"><img loading=\"lazy\" decoding=\"async\" width=\"1024\" height=\"683\" src=\"https:\/\/www.koronakarkonoszy.pl\/blog\/wp-content\/uploads\/2020\/11\/wesele-w-czerwcu-musi-sie-udac-1024x683.jpg\" alt=\"\" class=\"wp-image-3685\" srcset=\"https:\/\/www.koronakarkonoszy.pl\/blog\/wp-content\/uploads\/2020\/11\/wesele-w-czerwcu-musi-sie-udac-1024x683.jpg 1024w, https:\/\/www.koronakarkonoszy.pl\/blog\/wp-content\/uploads\/2020\/11\/wesele-w-czerwcu-musi-sie-udac-300x200.jpg 300w, https:\/\/www.koronakarkonoszy.pl\/blog\/wp-content\/uploads\/2020\/11\/wesele-w-czerwcu-musi-sie-udac-768x512.jpg 768w, https:\/\/www.koronakarkonoszy.pl\/blog\/wp-content\/uploads\/2020\/11\/wesele-w-czerwcu-musi-sie-udac.jpg 1075w\" sizes=\"auto, (max-width: 1024px) 100vw, 1024px\" \/><figcaption class=\"wp-element-caption\"><strong><a href=\"https:\/\/www.koronakarkonoszy.pl\/blog\/wesele-w-czerwcu-co-musisz-wiedziec\/\" target=\"_blank\" rel=\"noreferrer noopener\">Wesele w czerwcu<\/a>, Dw\u00f3r Korona Karkonoszy, <a href=\"https:\/\/www.koronakarkonoszy.pl\/blog-atrakcje\/sosnowka\/\" class=\"links-placer\">Sosn\u00f3wka<\/a> <\/strong><\/figcaption><\/figure>\n\n\n\n<h2 class=\"wp-block-heading\" id=\"ha-gdzie-zorganizowac-wesele-w-gorach\">Gdzie zorganizowa\u0107 wesele w g\u00f3rach?<\/h2>\n\n\n\n<p>Rozwa\u017caj\u0105c lokalizacj\u0119 <a href=\"https:\/\/www.koronakarkonoszy.pl\/blog\/sala-na-wesele-co-warto-wiedziec\/\" target=\"_blank\" rel=\"noreferrer noopener\">sali na wesele<\/a>, warto wzi\u0105\u0107 pod uwag\u0119 Karkonosze. <a href=\"https:\/\/www.koronakarkonoszy.pl\/blog\/wesele-dolny-slask\/\" target=\"_blank\" rel=\"noreferrer noopener\">Wesele Dolny \u015al\u0105sk<\/a> oznacza zabaw\u0119 na przyk\u0142ad w g\u00f3rskich kurortach &#8211; wesele Szklarska Por\u0119ba czy Karpacz to wci\u0105\u017c popularny wyb\u00f3r wielu m\u0142odych par. Stanowi\u0105 one doskona\u0142\u0105 lokalizacj\u0119 na wesele w g\u00f3rach. Oferuj\u0105 wiele atrakcyjnych hoteli i <a href=\"https:\/\/www.koronakarkonoszy.pl\/blog\/sale-weselne-jak-dobrze-wybrac\/\" target=\"_blank\" rel=\"noreferrer noopener\">sal weselnych<\/a> z widokiem na g\u00f3ry. Dodatkowo, w okolicy mo\u017cna znale\u017a\u0107 wiele pi\u0119knych tras turystycznych, wodospad\u00f3w i punkt\u00f3w widokowych, kt\u00f3re warto uwzgl\u0119dni\u0107 w planach weselnych. Mo\u017cna tak\u017ce przygotowa\u0107 st\u00f3\u0142 z lokalnymi trunkami, aby go\u015bcie mogli spr\u00f3bowa\u0107 r\u00f3\u017cnych smak\u00f3w Dolnego \u015al\u0105ska. Pyszne, zio\u0142owe nalewki produkowane s\u0105 w Karkonoszach od wiek\u00f3w.<\/p>\n\n\n\n<figure class=\"wp-block-image size-full\"><img loading=\"lazy\" decoding=\"async\" width=\"819\" height=\"546\" src=\"https:\/\/www.koronakarkonoszy.pl\/blog\/wp-content\/uploads\/2022\/12\/wesele-wroclaw-Dwor-Korona-Karkonoszy-2.jpg\" alt=\"\" class=\"wp-image-6544\" srcset=\"https:\/\/www.koronakarkonoszy.pl\/blog\/wp-content\/uploads\/2022\/12\/wesele-wroclaw-Dwor-Korona-Karkonoszy-2.jpg 819w, https:\/\/www.koronakarkonoszy.pl\/blog\/wp-content\/uploads\/2022\/12\/wesele-wroclaw-Dwor-Korona-Karkonoszy-2-300x200.jpg 300w, https:\/\/www.koronakarkonoszy.pl\/blog\/wp-content\/uploads\/2022\/12\/wesele-wroclaw-Dwor-Korona-Karkonoszy-2-768x512.jpg 768w\" sizes=\"auto, (max-width: 819px) 100vw, 819px\" \/><figcaption class=\"wp-element-caption\"><strong><a href=\"https:\/\/www.koronakarkonoszy.pl\/wesele\/\" target=\"_blank\" rel=\"noreferrer noopener\">Dw\u00f3r Korona Karkonoszy<\/a>, Sosn\u00f3wka ko\u0142o Karpacza <\/strong><\/figcaption><\/figure>\n\n\n\n<p>Nie bez znaczenia jest te\u017c fakt, \u017ce bez problemu mo\u017cemy tam zorganizowa\u0107 <a href=\"https:\/\/www.koronakarkonoszy.pl\/blog\/wesele-w-gorach-z-noclegiem-o-czym-trzeba-wiedziec\/\" target=\"_blank\" rel=\"noreferrer noopener\">wesele w g\u00f3rach z noclegiem<\/a>. To bardzo wygodna opcja. Butikowe pokoje, saloniki i apartamenty dla go\u015bci weselnych znajdziemy na przyk\u0142ad w <strong>Dworze Korona Karkonoszy<\/strong> \u2013 uroczej letniskowej miejscowo\u015bci po\u0142o\u017conej nad pi\u0119knym zalewem w Sosn\u00f3wce, zaledwie kilka kilometr\u00f3w od tak popularnego Karpacza. Wesele mo\u017cemy urz\u0105dzi\u0107 w wysokiej, obszernej Dworskiej Sali Balowej albo w Dworskich Ogrodach zorganizowa\u0107 <a href=\"https:\/\/www.koronakarkonoszy.pl\/blog\/slub-w-plenerze-wszystko-co-warto-o-nim-wiedziec\/\" target=\"_blank\" rel=\"noreferrer noopener\">\u015blub w plenerze<\/a>. Tak czy inaczej, w takim otoczeniu na pewno b\u0119dzie to niezapomniane prze\u017cycie!<\/p>\n\n\n\n<figure class=\"wp-block-image size-full\"><img loading=\"lazy\" decoding=\"async\" width=\"800\" height=\"534\" src=\"https:\/\/www.koronakarkonoszy.pl\/blog\/wp-content\/uploads\/2021\/07\/Apartament_Mlodej_Pary__2_.jpg\" alt=\"Apartament M\u0142odej Pary\" class=\"wp-image-585\" srcset=\"https:\/\/www.koronakarkonoszy.pl\/blog\/wp-content\/uploads\/2021\/07\/Apartament_Mlodej_Pary__2_.jpg 800w, https:\/\/www.koronakarkonoszy.pl\/blog\/wp-content\/uploads\/2021\/07\/Apartament_Mlodej_Pary__2_-300x200.jpg 300w, https:\/\/www.koronakarkonoszy.pl\/blog\/wp-content\/uploads\/2021\/07\/Apartament_Mlodej_Pary__2_-768x513.jpg 768w\" sizes=\"auto, (max-width: 800px) 100vw, 800px\" \/><figcaption class=\"wp-element-caption\"><strong><a href=\"https:\/\/www.koronakarkonoszy.pl\/pokoje\/\" target=\"_blank\" rel=\"noreferrer noopener\">Pokoje i apartamenty<\/a>, Dw\u00f3r Korona Karkonoszy, Sosn\u00f3wka k. Karpacza<\/strong><\/figcaption><\/figure>\n\n\n\n<p>Dolny \u015al\u0105sk s\u0142ynie z pi\u0119knych zamk\u00f3w, pa\u0142ac\u00f3w, kopal\u0144, twierdz i innych atrakcji turystycznych. Wesele mo\u017cna wi\u0119c po\u0142\u0105czy\u0107 z kr\u00f3tkim urlopem i przy okazji zwiedzi\u0107 ten wyj\u0105tkowo malowniczy zak\u0105tek kraju. I mo\u017ce zrobi\u0107 kilka zdj\u0119\u0107 \u015blubnych w jakiej\u015b nietypowej scenerii?&nbsp;<\/p>\n\n\n\n<figure class=\"wp-block-image size-full\"><img loading=\"lazy\" decoding=\"async\" width=\"832\" height=\"554\" src=\"https:\/\/www.koronakarkonoszy.pl\/blog\/wp-content\/uploads\/2022\/12\/wesele-w-gorach-Dwor-Korona-Karkonoszy.jpg\" alt=\"\" class=\"wp-image-6539\" srcset=\"https:\/\/www.koronakarkonoszy.pl\/blog\/wp-content\/uploads\/2022\/12\/wesele-w-gorach-Dwor-Korona-Karkonoszy.jpg 832w, https:\/\/www.koronakarkonoszy.pl\/blog\/wp-content\/uploads\/2022\/12\/wesele-w-gorach-Dwor-Korona-Karkonoszy-300x200.jpg 300w, https:\/\/www.koronakarkonoszy.pl\/blog\/wp-content\/uploads\/2022\/12\/wesele-w-gorach-Dwor-Korona-Karkonoszy-768x511.jpg 768w\" sizes=\"auto, (max-width: 832px) 100vw, 832px\" \/><figcaption class=\"wp-element-caption\">Wesele w g\u00f3rach &#8211; pomys\u0142y na sesj\u0119 \u015blubn\u0105 <\/figcaption><\/figure>\n","protected":false},"excerpt":{"rendered":"<p>Coraz wi\u0119cej Par M\u0142odych decyduje si\u0119 na wesele w g\u00f3rach. Dlaczego w\u0142a\u015bnie ta lokalizacja tak poci\u0105ga narzeczonych? I jak sprawi\u0107, by wesele w g\u00f3rach by\u0142o jedyne w swoim rodzaju? Wesele w g\u00f3rach pomys\u0142y? Podpowiadamy!&nbsp; Wesela w otoczeniu g\u00f3rskich szczyt\u00f3w maj\u0105 w sobie co\u015b magicznego. W g\u00f3rach, jak nigdzie indziej, czujemy pot\u0119g\u0119 przyrody. Ceremonia \u015blubna w [&hellip;]<\/p>\n","protected":false},"author":11,"featured_media":723,"comment_status":"closed","ping_status":"closed","sticky":false,"template":"","format":"standard","meta":{"_acf_changed":false,"footnotes":""},"categories":[2,8,3],"class_list":["post-10190","post","type-post","status-publish","format-standard","has-post-thumbnail","hentry","category-porady","category-stylizacje","category-trendy"],"acf":[],"yoast_head":"<!-- This site is optimized with the Yoast SEO plugin v27.5 - https:\/\/yoast.com\/product\/yoast-seo-wordpress\/ -->\n<title>Wesele w g\u00f3rach pomys\u0142y na aran\u017cacj\u0119 - :: Blog weselny<\/title>\n<meta name=\"description\" content=\"Wesele w g\u00f3rach to marzenie wielu Par M\u0142odych. Jak sprawi\u0107, by by\u0142o jedyne w swoim rodzaju? Wesele w g\u00f3rach pomys\u0142y? Podpowiadamy!\" \/>\n<meta name=\"robots\" content=\"index, follow, max-snippet:-1, max-image-preview:large, max-video-preview:-1\" \/>\n<link rel=\"canonical\" href=\"https:\/\/www.koronakarkonoszy.pl\/blog\/en\/wedding-in-the-mountains-ideas-for-arrangements-2\/\" \/>\n<meta property=\"og:locale\" content=\"en_GB\" \/>\n<meta property=\"og:type\" content=\"article\" \/>\n<meta property=\"og:title\" content=\"Wesele w g\u00f3rach pomys\u0142y na aran\u017cacj\u0119 - :: Blog weselny\" \/>\n<meta property=\"og:description\" content=\"Wesele w g\u00f3rach to marzenie wielu Par M\u0142odych. Jak sprawi\u0107, by by\u0142o jedyne w swoim rodzaju? Wesele w g\u00f3rach pomys\u0142y? Podpowiadamy!\" \/>\n<meta property=\"og:url\" content=\"https:\/\/www.koronakarkonoszy.pl\/blog\/en\/wedding-in-the-mountains-ideas-for-arrangements-2\/\" \/>\n<meta property=\"og:site_name\" content=\":: Blog weselny\" \/>\n<meta property=\"article:published_time\" content=\"2024-08-05T15:09:00+00:00\" \/>\n<meta property=\"article:modified_time\" content=\"2024-12-11T09:43:29+00:00\" \/>\n<meta property=\"og:image\" content=\"https:\/\/www.koronakarkonoszy.pl\/blog\/wp-content\/uploads\/2021\/07\/sielankowo.jpg\" \/>\n\t<meta property=\"og:image:width\" content=\"1000\" \/>\n\t<meta property=\"og:image:height\" content=\"667\" \/>\n\t<meta property=\"og:image:type\" content=\"image\/jpeg\" \/>\n<meta name=\"author\" content=\"agnieszka\" \/>\n<meta name=\"twitter:card\" content=\"summary_large_image\" \/>\n<meta name=\"twitter:label1\" content=\"Written by\" \/>\n\t<meta name=\"twitter:data1\" content=\"agnieszka\" \/>\n\t<meta name=\"twitter:label2\" content=\"Estimated reading time\" \/>\n\t<meta name=\"twitter:data2\" content=\"8 minutes\" \/>\n<script type=\"application\/ld+json\" class=\"yoast-schema-graph\">{\"@context\":\"https:\\\/\\\/schema.org\",\"@graph\":[{\"@type\":\"Article\",\"@id\":\"https:\\\/\\\/www.koronakarkonoszy.pl\\\/blog\\\/wesele-w-gorach-pomysly-na-aranzacje\\\/#article\",\"isPartOf\":{\"@id\":\"https:\\\/\\\/www.koronakarkonoszy.pl\\\/blog\\\/wesele-w-gorach-pomysly-na-aranzacje\\\/\"},\"author\":{\"name\":\"agnieszka\",\"@id\":\"https:\\\/\\\/www.koronakarkonoszy.pl\\\/blog\\\/#\\\/schema\\\/person\\\/ec8c88bd01ebe6cbf6a16435ce22276f\"},\"headline\":\"Wesele w g\u00f3rach pomys\u0142y na aran\u017cacj\u0119\",\"datePublished\":\"2024-08-05T15:09:00+00:00\",\"dateModified\":\"2024-12-11T09:43:29+00:00\",\"mainEntityOfPage\":{\"@id\":\"https:\\\/\\\/www.koronakarkonoszy.pl\\\/blog\\\/wesele-w-gorach-pomysly-na-aranzacje\\\/\"},\"wordCount\":1133,\"image\":{\"@id\":\"https:\\\/\\\/www.koronakarkonoszy.pl\\\/blog\\\/wesele-w-gorach-pomysly-na-aranzacje\\\/#primaryimage\"},\"thumbnailUrl\":\"https:\\\/\\\/www.koronakarkonoszy.pl\\\/blog\\\/wp-content\\\/uploads\\\/2021\\\/07\\\/sielankowo.jpg\",\"articleSection\":[\"Porady\",\"Stylizacje\",\"Trendy\"],\"inLanguage\":\"en-GB\"},{\"@type\":\"WebPage\",\"@id\":\"https:\\\/\\\/www.koronakarkonoszy.pl\\\/blog\\\/wesele-w-gorach-pomysly-na-aranzacje\\\/\",\"url\":\"https:\\\/\\\/www.koronakarkonoszy.pl\\\/blog\\\/wesele-w-gorach-pomysly-na-aranzacje\\\/\",\"name\":\"Wesele w g\u00f3rach pomys\u0142y na aran\u017cacj\u0119 - :: Blog weselny\",\"isPartOf\":{\"@id\":\"https:\\\/\\\/www.koronakarkonoszy.pl\\\/blog\\\/#website\"},\"primaryImageOfPage\":{\"@id\":\"https:\\\/\\\/www.koronakarkonoszy.pl\\\/blog\\\/wesele-w-gorach-pomysly-na-aranzacje\\\/#primaryimage\"},\"image\":{\"@id\":\"https:\\\/\\\/www.koronakarkonoszy.pl\\\/blog\\\/wesele-w-gorach-pomysly-na-aranzacje\\\/#primaryimage\"},\"thumbnailUrl\":\"https:\\\/\\\/www.koronakarkonoszy.pl\\\/blog\\\/wp-content\\\/uploads\\\/2021\\\/07\\\/sielankowo.jpg\",\"datePublished\":\"2024-08-05T15:09:00+00:00\",\"dateModified\":\"2024-12-11T09:43:29+00:00\",\"author\":{\"@id\":\"https:\\\/\\\/www.koronakarkonoszy.pl\\\/blog\\\/#\\\/schema\\\/person\\\/ec8c88bd01ebe6cbf6a16435ce22276f\"},\"description\":\"Wesele w g\u00f3rach to marzenie wielu Par M\u0142odych. Jak sprawi\u0107, by by\u0142o jedyne w swoim rodzaju? Wesele w g\u00f3rach pomys\u0142y? Podpowiadamy!\",\"breadcrumb\":{\"@id\":\"https:\\\/\\\/www.koronakarkonoszy.pl\\\/blog\\\/wesele-w-gorach-pomysly-na-aranzacje\\\/#breadcrumb\"},\"inLanguage\":\"en-GB\",\"potentialAction\":[{\"@type\":\"ReadAction\",\"target\":[\"https:\\\/\\\/www.koronakarkonoszy.pl\\\/blog\\\/wesele-w-gorach-pomysly-na-aranzacje\\\/\"]}]},{\"@type\":\"ImageObject\",\"inLanguage\":\"en-GB\",\"@id\":\"https:\\\/\\\/www.koronakarkonoszy.pl\\\/blog\\\/wesele-w-gorach-pomysly-na-aranzacje\\\/#primaryimage\",\"url\":\"https:\\\/\\\/www.koronakarkonoszy.pl\\\/blog\\\/wp-content\\\/uploads\\\/2021\\\/07\\\/sielankowo.jpg\",\"contentUrl\":\"https:\\\/\\\/www.koronakarkonoszy.pl\\\/blog\\\/wp-content\\\/uploads\\\/2021\\\/07\\\/sielankowo.jpg\",\"width\":1000,\"height\":667,\"caption\":\"sielankowo\"},{\"@type\":\"BreadcrumbList\",\"@id\":\"https:\\\/\\\/www.koronakarkonoszy.pl\\\/blog\\\/wesele-w-gorach-pomysly-na-aranzacje\\\/#breadcrumb\",\"itemListElement\":[{\"@type\":\"ListItem\",\"position\":1,\"name\":\"Strona g\u0142\u00f3wna\",\"item\":\"https:\\\/\\\/www.koronakarkonoszy.pl\\\/blog\\\/\"},{\"@type\":\"ListItem\",\"position\":2,\"name\":\"Wesele w g\u00f3rach pomys\u0142y na aran\u017cacj\u0119\"}]},{\"@type\":\"WebSite\",\"@id\":\"https:\\\/\\\/www.koronakarkonoszy.pl\\\/blog\\\/#website\",\"url\":\"https:\\\/\\\/www.koronakarkonoszy.pl\\\/blog\\\/\",\"name\":\":: Blog weselny\",\"description\":\"Blog weselny Dw\u00f3r Korona Karkonoszy\",\"potentialAction\":[{\"@type\":\"SearchAction\",\"target\":{\"@type\":\"EntryPoint\",\"urlTemplate\":\"https:\\\/\\\/www.koronakarkonoszy.pl\\\/blog\\\/?s={search_term_string}\"},\"query-input\":{\"@type\":\"PropertyValueSpecification\",\"valueRequired\":true,\"valueName\":\"search_term_string\"}}],\"inLanguage\":\"en-GB\"},{\"@type\":\"Person\",\"@id\":\"https:\\\/\\\/www.koronakarkonoszy.pl\\\/blog\\\/#\\\/schema\\\/person\\\/ec8c88bd01ebe6cbf6a16435ce22276f\",\"name\":\"agnieszka\",\"image\":{\"@type\":\"ImageObject\",\"inLanguage\":\"en-GB\",\"@id\":\"https:\\\/\\\/www.koronakarkonoszy.pl\\\/blog\\\/wp-content\\\/litespeed\\\/avatar\\\/53ee7b676463f74d0aea1a09de3d003b.jpg?ver=1777438794\",\"url\":\"https:\\\/\\\/www.koronakarkonoszy.pl\\\/blog\\\/wp-content\\\/litespeed\\\/avatar\\\/53ee7b676463f74d0aea1a09de3d003b.jpg?ver=1777438794\",\"contentUrl\":\"https:\\\/\\\/www.koronakarkonoszy.pl\\\/blog\\\/wp-content\\\/litespeed\\\/avatar\\\/53ee7b676463f74d0aea1a09de3d003b.jpg?ver=1777438794\",\"caption\":\"agnieszka\"},\"url\":\"https:\\\/\\\/www.koronakarkonoszy.pl\\\/blog\\\/en\\\/author\\\/agnieszka\\\/\"}]}<\/script>\n<!-- \/ Yoast SEO plugin. -->","yoast_head_json":{"title":"Wedding in the mountains arrangement ideas - :: Wedding blog","description":"A wedding in the mountains is a dream of many young couples. How to make it unique? Wedding in the mountains ideas? we suggest!","robots":{"index":"index","follow":"follow","max-snippet":"max-snippet:-1","max-image-preview":"max-image-preview:large","max-video-preview":"max-video-preview:-1"},"canonical":"https:\/\/www.koronakarkonoszy.pl\/blog\/en\/wedding-in-the-mountains-ideas-for-arrangements-2\/","og_locale":"en_GB","og_type":"article","og_title":"Wesele w g\u00f3rach pomys\u0142y na aran\u017cacj\u0119 - :: Blog weselny","og_description":"Wesele w g\u00f3rach to marzenie wielu Par M\u0142odych. Jak sprawi\u0107, by by\u0142o jedyne w swoim rodzaju? Wesele w g\u00f3rach pomys\u0142y? Podpowiadamy!","og_url":"https:\/\/www.koronakarkonoszy.pl\/blog\/en\/wedding-in-the-mountains-ideas-for-arrangements-2\/","og_site_name":":: Blog weselny","article_published_time":"2024-08-05T15:09:00+00:00","article_modified_time":"2024-12-11T09:43:29+00:00","og_image":[{"width":1000,"height":667,"url":"https:\/\/www.koronakarkonoszy.pl\/blog\/wp-content\/uploads\/2021\/07\/sielankowo.jpg","type":"image\/jpeg"}],"author":"agnieszka","twitter_card":"summary_large_image","twitter_misc":{"Written by":"agnieszka","Estimated reading time":"8 minutes"},"schema":{"@context":"https:\/\/schema.org","@graph":[{"@type":"Article","@id":"https:\/\/www.koronakarkonoszy.pl\/blog\/wesele-w-gorach-pomysly-na-aranzacje\/#article","isPartOf":{"@id":"https:\/\/www.koronakarkonoszy.pl\/blog\/wesele-w-gorach-pomysly-na-aranzacje\/"},"author":{"name":"agnieszka","@id":"https:\/\/www.koronakarkonoszy.pl\/blog\/#\/schema\/person\/ec8c88bd01ebe6cbf6a16435ce22276f"},"headline":"Wesele w g\u00f3rach pomys\u0142y na aran\u017cacj\u0119","datePublished":"2024-08-05T15:09:00+00:00","dateModified":"2024-12-11T09:43:29+00:00","mainEntityOfPage":{"@id":"https:\/\/www.koronakarkonoszy.pl\/blog\/wesele-w-gorach-pomysly-na-aranzacje\/"},"wordCount":1133,"image":{"@id":"https:\/\/www.koronakarkonoszy.pl\/blog\/wesele-w-gorach-pomysly-na-aranzacje\/#primaryimage"},"thumbnailUrl":"https:\/\/www.koronakarkonoszy.pl\/blog\/wp-content\/uploads\/2021\/07\/sielankowo.jpg","articleSection":["Porady","Stylizacje","Trendy"],"inLanguage":"en-GB"},{"@type":"WebPage","@id":"https:\/\/www.koronakarkonoszy.pl\/blog\/wesele-w-gorach-pomysly-na-aranzacje\/","url":"https:\/\/www.koronakarkonoszy.pl\/blog\/wesele-w-gorach-pomysly-na-aranzacje\/","name":"Wedding in the mountains arrangement ideas - :: Wedding blog","isPartOf":{"@id":"https:\/\/www.koronakarkonoszy.pl\/blog\/#website"},"primaryImageOfPage":{"@id":"https:\/\/www.koronakarkonoszy.pl\/blog\/wesele-w-gorach-pomysly-na-aranzacje\/#primaryimage"},"image":{"@id":"https:\/\/www.koronakarkonoszy.pl\/blog\/wesele-w-gorach-pomysly-na-aranzacje\/#primaryimage"},"thumbnailUrl":"https:\/\/www.koronakarkonoszy.pl\/blog\/wp-content\/uploads\/2021\/07\/sielankowo.jpg","datePublished":"2024-08-05T15:09:00+00:00","dateModified":"2024-12-11T09:43:29+00:00","author":{"@id":"https:\/\/www.koronakarkonoszy.pl\/blog\/#\/schema\/person\/ec8c88bd01ebe6cbf6a16435ce22276f"},"description":"A wedding in the mountains is a dream of many young couples. How to make it unique? Wedding in the mountains ideas? we suggest!","breadcrumb":{"@id":"https:\/\/www.koronakarkonoszy.pl\/blog\/wesele-w-gorach-pomysly-na-aranzacje\/#breadcrumb"},"inLanguage":"en-GB","potentialAction":[{"@type":"ReadAction","target":["https:\/\/www.koronakarkonoszy.pl\/blog\/wesele-w-gorach-pomysly-na-aranzacje\/"]}]},{"@type":"ImageObject","inLanguage":"en-GB","@id":"https:\/\/www.koronakarkonoszy.pl\/blog\/wesele-w-gorach-pomysly-na-aranzacje\/#primaryimage","url":"https:\/\/www.koronakarkonoszy.pl\/blog\/wp-content\/uploads\/2021\/07\/sielankowo.jpg","contentUrl":"https:\/\/www.koronakarkonoszy.pl\/blog\/wp-content\/uploads\/2021\/07\/sielankowo.jpg","width":1000,"height":667,"caption":"sielankowo"},{"@type":"BreadcrumbList","@id":"https:\/\/www.koronakarkonoszy.pl\/blog\/wesele-w-gorach-pomysly-na-aranzacje\/#breadcrumb","itemListElement":[{"@type":"ListItem","position":1,"name":"Strona g\u0142\u00f3wna","item":"https:\/\/www.koronakarkonoszy.pl\/blog\/"},{"@type":"ListItem","position":2,"name":"Wesele w g\u00f3rach pomys\u0142y na aran\u017cacj\u0119"}]},{"@type":"WebSite","@id":"https:\/\/www.koronakarkonoszy.pl\/blog\/#website","url":"https:\/\/www.koronakarkonoszy.pl\/blog\/","name":":: Wedding blog","description":"Wedding blog Dw\u00f3r Korona Karkonosze","potentialAction":[{"@type":"SearchAction","target":{"@type":"EntryPoint","urlTemplate":"https:\/\/www.koronakarkonoszy.pl\/blog\/?s={search_term_string}"},"query-input":{"@type":"PropertyValueSpecification","valueRequired":true,"valueName":"search_term_string"}}],"inLanguage":"en-GB"},{"@type":"Person","@id":"https:\/\/www.koronakarkonoszy.pl\/blog\/#\/schema\/person\/ec8c88bd01ebe6cbf6a16435ce22276f","name":"Agnes","image":{"@type":"ImageObject","inLanguage":"en-GB","@id":"https:\/\/www.koronakarkonoszy.pl\/blog\/wp-content\/litespeed\/avatar\/53ee7b676463f74d0aea1a09de3d003b.jpg?ver=1777438794","url":"https:\/\/www.koronakarkonoszy.pl\/blog\/wp-content\/litespeed\/avatar\/53ee7b676463f74d0aea1a09de3d003b.jpg?ver=1777438794","contentUrl":"https:\/\/www.koronakarkonoszy.pl\/blog\/wp-content\/litespeed\/avatar\/53ee7b676463f74d0aea1a09de3d003b.jpg?ver=1777438794","caption":"agnieszka"},"url":"https:\/\/www.koronakarkonoszy.pl\/blog\/en\/author\/agnieszka\/"}]}},"_links":{"self":[{"href":"https:\/\/www.koronakarkonoszy.pl\/blog\/en\/wp-json\/wp\/v2\/posts\/10190","targetHints":{"allow":["GET"]}}],"collection":[{"href":"https:\/\/www.koronakarkonoszy.pl\/blog\/en\/wp-json\/wp\/v2\/posts"}],"about":[{"href":"https:\/\/www.koronakarkonoszy.pl\/blog\/en\/wp-json\/wp\/v2\/types\/post"}],"author":[{"embeddable":true,"href":"https:\/\/www.koronakarkonoszy.pl\/blog\/en\/wp-json\/wp\/v2\/users\/11"}],"replies":[{"embeddable":true,"href":"https:\/\/www.koronakarkonoszy.pl\/blog\/en\/wp-json\/wp\/v2\/comments?post=10190"}],"version-history":[{"count":2,"href":"https:\/\/www.koronakarkonoszy.pl\/blog\/en\/wp-json\/wp\/v2\/posts\/10190\/revisions"}],"predecessor-version":[{"id":11635,"href":"https:\/\/www.koronakarkonoszy.pl\/blog\/en\/wp-json\/wp\/v2\/posts\/10190\/revisions\/11635"}],"wp:featuredmedia":[{"embeddable":true,"href":"https:\/\/www.koronakarkonoszy.pl\/blog\/en\/wp-json\/wp\/v2\/media\/723"}],"wp:attachment":[{"href":"https:\/\/www.koronakarkonoszy.pl\/blog\/en\/wp-json\/wp\/v2\/media?parent=10190"}],"wp:term":[{"taxonomy":"category","embeddable":true,"href":"https:\/\/www.koronakarkonoszy.pl\/blog\/en\/wp-json\/wp\/v2\/categories?post=10190"}],"curies":[{"name":"wp","href":"https:\/\/api.w.org\/{rel}","templated":true}]}}