{"id":934,"date":"2023-11-14T15:52:00","date_gmt":"2023-11-14T14:52:00","guid":{"rendered":"https:\/\/www.koronakarkonoszy.pl\/blog\/?p=934"},"modified":"2023-12-05T20:42:03","modified_gmt":"2023-12-05T19:42:03","slug":"hochzeit-im-november-lohnt-sich-das","status":"publish","type":"post","link":"https:\/\/www.koronakarkonoszy.pl\/blog\/de\/wesele-w-listopadzie-czy-warto\/","title":{"rendered":"Hochzeit im November \u2013 lohnt es sich?"},"content":{"rendered":"\n<p>Listopad jest jednym z mniej popularnych miesi\u0119cy w\u015br\u00f3d os\u00f3b planuj\u0105cych \u015blub. M\u0142ode Pary cz\u0119sto nie bior\u0105 go w og\u00f3le pod uwag\u0119, wychodz\u0105c z za\u0142o\u017cenia, \u017ce listopadowy \u015blub nie brzmi zbyt optymistycznie. Czy s\u0142usznie? Aby odpowiedzie\u0107 na to pytanie, przyjrzyjmy si\u0119 zaletom i wadom, jakie niesie ze sob\u0105 wesele w listopadzie.<\/p>\n\n\n<div id=\"ariadna-block_eb5d1f83a8a47f70d388a3a3a19512bb\" class=\"ariadna\">\r\n    <ul><li><a href=\"#h-wesele-w-listopadzie-na-asce-pogody\">Wesele w listopadzie &#8211; na \u0142asce pogody?<\/a><\/li><li><a href=\"#h-lub-w-listopadzie-to-dyspozycyjno-go-ci\">\u015alub w listopadzie to dyspozycyjno\u015b\u0107 go\u015bci<\/a><\/li><li><a href=\"#ha-jaka-suknie-slubna-jesienia-wybrac-pora-na-kolor\">Jak\u0105 sukni\u0119 \u015blubn\u0105 jesieni\u0105 wybra\u0107? Pora na kolor!<\/a><\/li><li><a href=\"#ha-wesele-w-listopadzie-pod-znakiem-jesiennego-menu\">Wesele w listopadzie pod znakiem jesiennego menu<\/a><\/li><li><a href=\"#h-kwiaty-na-slub-w-listopadzie\">Kwiaty na \u015blub w listopadzie<\/a><\/li><li><a href=\"#ha-slub-w-listopadzie-inspiracje\">\u015alub w listopadzie \u2013 inspiracje<\/a><\/li><li><a href=\"#h-magiczny-czas-wrozb\">Magiczny czas wr\u00f3\u017cb<\/a><\/li><li><a href=\"#ha-zalety-wesela-w-listopadzie\">Zalety wesela w listopadzie<\/a><\/li><li><a href=\"#ha-czy-wesele-w-listopadzie-ma-wady\">Czy wesele w listopadzie ma wady?<\/a><\/li><\/ul>\r\n<\/div>\r\n\r\n\r\n\r\n\n\n\n<h2 class=\"wp-block-heading\" id=\"h-wesele-w-listopadzie-na-asce-pogody\">Wesele w listopadzie &#8211; na \u0142asce pogody? <\/h2>\n\n\n\n<p>Klimat jesiennych wesel w wyobra\u017ceniach m\u0142odych par w du\u017cej mierze kszta\u0142tuje listopadowa pogoda\u2026 To niew\u0105tpliwie jeden z g\u0142\u00f3wnych czynnik\u00f3w, kt\u00f3re zniech\u0119caj\u0105 przysz\u0142ych ma\u0142\u017conk\u00f3w do zawarcia \u015blubu w tym w\u0142a\u015bnie miesi\u0105cu. A jednak wbrew temu, co mo\u017cna by s\u0105dzi\u0107, listopadowa aura to atut. Dlaczego? Bo niczym nas ju\u017c nie zaskoczy\u2026 A je\u015bli nawet, to tylko pozytywnie! Wesele w listopadzie ma z pewno\u015bci\u0105 tak\u017ce pozytywne aspekty. Wiadomo, jakie skojarzenia budzi listopad \u2013 deszcz, s\u0142ota, ponure, zaci\u0105gni\u0119te chmurami niebo. Ale ze wzgl\u0119du na zmiany klimatu mo\u017ce si\u0119 okaza\u0107, \u017ce listopadowy \u015blub odb\u0119dzie si\u0119 we wspania\u0142ej, jesiennej aurze! Ostatnimi czasy pogoda ko\u0144ca jesieni cz\u0119sto przypomina wiosn\u0119, z pi\u0119knym s\u0142o\u0144cem i temperatur\u0105 si\u0119gaj\u0105c\u0105 nawet kilkunastu stopni. Listopadowe wesele mo\u017ce zaskoczy\u0107 &#8211; nawet bardzo.<\/p>\n\n\n<section id=\"leonardo-block_695995c2f9771187a59c3fd1d916fc37\" class=\"leonardo page-breaker leonardo-image-left\">\r\n    <div class=\"leonardo-body\">\r\n                <div class=\"leonardo-content\"><h3 id=\"ha-jesienna-przyroda-jesienne-wesele\">Jesienna przyroda, jesienne wesele<\/h3>\n<p data-pm-slice=\"1 1 []\">Jesie\u0144 to pora roku zachwycaj\u0105ca bogactwem barw natury, ju\u017c samo to powinno wzbogaci\u0107 jesienny \u015blub. Warto wykorzysta\u0107 jesienne kwiaty do stworzenia wyj\u0105tkowych dekoracji. Wybierzmy te w odcieniach kr\u00f3lewskiego z\u0142ota, ciep\u0142ych br\u0105z\u00f3w i \u017c\u00f3\u0142ci, energetycznego pomara\u0144czu czy czerwieni &#8211; to najpi\u0119kniejsze jesienne kolory. Doskona\u0142a b\u0119dzie tak\u017ce gama majestatycznego fioletu, fuksji, bordo czy kr\u00f3lewskiej purpury.<\/p>\n<\/div>\r\n                    <aside class=\"leonardo-interlink\">\r\n                <b>Polecamy<\/b>\r\n                <a href=\"https:\/\/www.koronakarkonoszy.pl\/blog\/de\/wesele-okolice-wroclawia\/\">Wesele okolice Wroc\u0142awia \u2013 gdzie zorganizowa\u0107 przyj\u0119cie?<\/a>\r\n            <\/aside>\r\n            <\/div>\r\n    <div class=\"leonardo-image\">\r\n        <img loading=\"lazy\" decoding=\"async\" width=\"1920\" height=\"1282\" src=\"https:\/\/www.koronakarkonoszy.pl\/blog\/wp-content\/uploads\/2022\/05\/wesele-w-ogrodzie-1.jpg\" class=\"attachment-full size-full\" alt=\"wesele w ogrodzie: nastrojowe o\u015bwietlenie\" srcset=\"https:\/\/www.koronakarkonoszy.pl\/blog\/wp-content\/uploads\/2022\/05\/wesele-w-ogrodzie-1.jpg 1920w, https:\/\/www.koronakarkonoszy.pl\/blog\/wp-content\/uploads\/2022\/05\/wesele-w-ogrodzie-1-300x200.jpg 300w, https:\/\/www.koronakarkonoszy.pl\/blog\/wp-content\/uploads\/2022\/05\/wesele-w-ogrodzie-1-1024x684.jpg 1024w, https:\/\/www.koronakarkonoszy.pl\/blog\/wp-content\/uploads\/2022\/05\/wesele-w-ogrodzie-1-768x513.jpg 768w, https:\/\/www.koronakarkonoszy.pl\/blog\/wp-content\/uploads\/2022\/05\/wesele-w-ogrodzie-1-1536x1026.jpg 1536w\" sizes=\"auto, (max-width: 1920px) 100vw, 1920px\" \/>            <\/div>\r\n<\/section>\n\n\n<p>Warto te\u017c pami\u0119ta\u0107, \u017ce listopad wcale nie jest najbardziej deszczowym miesi\u0105cem w roku, a polska jesie\u0144 bywa naprawd\u0119 pi\u0119kna. Jak na ironi\u0119, najwi\u0119ksze opady zdarzaj\u0105 si\u0119 w Polsce w\u2026 lipcu! To w\u0142a\u015bnie wtedy istnieje du\u017ca szansa, \u017ce dzie\u0144 \u015blubu popsuje nam nag\u0142a, gwa\u0142towna burza. Decyduj\u0105c si\u0119 na wesele w listopadzie mo\u017cemy natomiast spodziewa\u0107 si\u0119 raczej m\u017cawki ni\u017c ulewy &#8211; taka ju\u017c jest jesienna pora. Ostatnie lata by\u0142y dla nas wyj\u0105tkowo \u0142askawe. W listopadzie, szczeg\u00f3lnie w jego pierwszych dniach, pogoda potrafi naprawd\u0119 mocno zaskoczy\u0107 \u2013 ale na plus! Przynajmniej przez dwa pierwsze tygodnie listopada mo\u017cna zapomnie\u0107 o zimowych kurtkach. <\/p>\n\n\n\n<figure class=\"wp-block-image size-large\"><a href=\"https:\/\/www.koronakarkonoszy.pl\/wesele\/\" target=\"_blank\" rel=\"noreferrer noopener\"><img loading=\"lazy\" decoding=\"async\" width=\"1024\" height=\"512\" src=\"https:\/\/www.koronakarkonoszy.pl\/blog\/wp-content\/uploads\/2020\/01\/stylowy_dwor_wesleny_DKK-3-1024x512.jpg\" alt=\"\" class=\"wp-image-3921\" srcset=\"https:\/\/www.koronakarkonoszy.pl\/blog\/wp-content\/uploads\/2020\/01\/stylowy_dwor_wesleny_DKK-3-1024x512.jpg 1024w, https:\/\/www.koronakarkonoszy.pl\/blog\/wp-content\/uploads\/2020\/01\/stylowy_dwor_wesleny_DKK-3-300x150.jpg 300w, https:\/\/www.koronakarkonoszy.pl\/blog\/wp-content\/uploads\/2020\/01\/stylowy_dwor_wesleny_DKK-3-768x384.jpg 768w, https:\/\/www.koronakarkonoszy.pl\/blog\/wp-content\/uploads\/2020\/01\/stylowy_dwor_wesleny_DKK-3.jpg 1200w\" sizes=\"auto, (max-width: 1024px) 100vw, 1024px\" \/><\/a><\/figure>\n\n\n\n<p>Oczywi\u015bcie mo\u017ce si\u0119 zdarzy\u0107, \u017ce pogoda podczas wesela w listopadzie b\u0119dzie wyj\u0105tkowo niekorzystna, po prostu brzydka. Jednak nie b\u00f3jmy si\u0119 planowa\u0107 listopadowe wesele, przecie\u017c mo\u017ce by\u0107 podobnie jak w pa\u017adzierniku lub wrze\u015bniu. Jednak znacznie bardziej prawdopodobne jest to, \u017ce aura zaskoczy wszystkich, zapewniaj\u0105c pi\u0119kne s\u0142o\u0144ce. A je\u015bli jednak pogoda nie dopisze \u2013 c\u00f3\u017c, przynajmniej jest okazja, by otuli\u0107 si\u0119 eleganckim futerkiem (oczywi\u015bcie sztucznym!) i poczu\u0107 jak gwiazda filmowa, co mo\u017ce by\u0107 zalet\u0105 wesela jesieni\u0105. Wesele w listopadzie ma wi\u0119c o wiele wi\u0119cej pozytyw\u00f3w, ni\u017c mog\u0142oby si\u0119 wydawa\u0107.<\/p>\n\n\n\n<p>Ponadto wielu go\u015bci \u017ale znosi upa\u0142y, coraz cz\u0119\u015bciej towarzysz\u0105ce czerwcowym czy lipcowym uroczysto\u015bciom. Wysokie temperatury nie sprzyjaj\u0105 dobrej zabawie, szalonym ta\u0144com czy delektowaniu si\u0119 wspania\u0142ymi weselnymi potrawami (nie wspominaj\u0105c ju\u017c o trwa\u0142o\u015bci makija\u017cu i fryzury).&nbsp;<\/p>\n\n\n\n<figure class=\"wp-block-image size-full\"><img loading=\"lazy\" decoding=\"async\" width=\"1000\" height=\"667\" src=\"https:\/\/www.koronakarkonoszy.pl\/blog\/wp-content\/uploads\/2020\/11\/wesele-we-wrzesniu.jpg\" alt=\"\" class=\"wp-image-4613\" srcset=\"https:\/\/www.koronakarkonoszy.pl\/blog\/wp-content\/uploads\/2020\/11\/wesele-we-wrzesniu.jpg 1000w, https:\/\/www.koronakarkonoszy.pl\/blog\/wp-content\/uploads\/2020\/11\/wesele-we-wrzesniu-300x200.jpg 300w, https:\/\/www.koronakarkonoszy.pl\/blog\/wp-content\/uploads\/2020\/11\/wesele-we-wrzesniu-768x512.jpg 768w\" sizes=\"auto, (max-width: 1000px) 100vw, 1000px\" \/><figcaption class=\"wp-element-caption\"><strong>Jesienne wesele <\/strong><\/figcaption><\/figure>\n\n\n\n<h2 class=\"wp-block-heading\" id=\"h-lub-w-listopadzie-to-dyspozycyjno-go-ci\">\u015alub w listopadzie to dyspozycyjno\u015b\u0107 go\u015bci<\/h2>\n\n\n\n<p>Powiedzmy sobie szczerze \u2013 na <strong>\u015blub w listopadzie<\/strong> przyby\u0107 mo\u017ce o wiele wi\u0119cej go\u015bci ni\u017c w czasie wakacji lub we wrze\u015bniu czy pa\u017adzierniku. Okres urlopowy w lipcu i sierpniu sprawia, \u017ce wielu go\u015bci nie mo\u017ce uczestniczy\u0107 w weselu ze wzgl\u0119du na wakacyjne wyjazdy. Z kolei pocz\u0105tek roku szkolnego i akademickiego to okres wyt\u0119\u017conej pracy i wielu obowi\u0105zk\u00f3w, co tak\u017ce nie sprzyja planowaniu udzia\u0142u w weselnych uroczysto\u015bciach. Ponadto w obu tych okresach wzmo\u017cone wydatki nie pozwalaj\u0105 od\u0142o\u017cy\u0107 odpowiedniej kwoty na prezenty dla M\u0142odej Pary i na odpowiednie kreacje. Jak temu zaradzi\u0107? <\/p>\n\n\n<section id=\"leonardo-block_9b392359dc7f1cc93fcab6c94ef47453\" class=\"leonardo page-breaker leonardo-image-right\">\r\n    <div class=\"leonardo-body\">\r\n                <div class=\"leonardo-content\"><h3 id=\"ha-termin-wesela-w-listopadzie-jest-ok\">Termin wesela w listopadzie jest ok<\/h3>\n<p>Pomy\u015blmy o organizacji wesela w bardziej dogodnym terminie \u2013 w\u0142a\u015bnie w listopadzie. Zw\u0142aszcza \u017ce tradycyjnie to listopad by\u0142 miesi\u0105cem, w kt\u00f3rym pozwalano sobie na bardziej o\u017cywione \u017cycie towarzyskie po letnich miesi\u0105cach wype\u0142nionych wyjazdami lub intensywn\u0105 prac\u0105. Listopad jest miesi\u0105cem, kiedy wi\u0119kszo\u015b\u0107 rodzin ma ju\u017c ustalony plan tygodnia. Dzi\u0119ki temu nagle okazuje si\u0119, \u017ce weekendy mo\u017cna po\u015bwi\u0119ci\u0107 na spotkania z rodzin\u0105. W tym &#8211; na wesele organizowane na przyk\u0142ad w g\u00f3rach.<\/p>\n<\/div>\r\n                    <aside class=\"leonardo-interlink\">\r\n                <b>Polecamy<\/b>\r\n                <a href=\"https:\/\/www.koronakarkonoszy.pl\/blog\/de\/slub-jelenia-gora\/\">\u015alub Jelenia G\u00f3ra \u2013 sielska ceremonia w stolicy Karkonoszy<\/a>\r\n            <\/aside>\r\n            <\/div>\r\n    <div class=\"leonardo-image\">\r\n        <img loading=\"lazy\" decoding=\"async\" width=\"1024\" height=\"683\" src=\"https:\/\/www.koronakarkonoszy.pl\/blog\/wp-content\/uploads\/2021\/07\/slub-jesien.jpg\" class=\"attachment-full size-full\" alt=\"\u015blub jesie\u0144\" srcset=\"https:\/\/www.koronakarkonoszy.pl\/blog\/wp-content\/uploads\/2021\/07\/slub-jesien.jpg 1024w, https:\/\/www.koronakarkonoszy.pl\/blog\/wp-content\/uploads\/2021\/07\/slub-jesien-300x200.jpg 300w, https:\/\/www.koronakarkonoszy.pl\/blog\/wp-content\/uploads\/2021\/07\/slub-jesien-768x512.jpg 768w\" sizes=\"auto, (max-width: 1024px) 100vw, 1024px\" \/>            <\/div>\r\n<\/section>\n\n\n<p>Dodatkowo go\u015bcie, kt\u00f3rzy przybywaj\u0105 na przyj\u0119cie w listopadzie maj\u0105 znacznie lepsze mo\u017cliwo\u015bci finansowe ni\u017c w innych miesi\u0105cach roku. Powoli zaczynaj\u0105 gromadzi\u0107 pieni\u0105dze na grudniowe wydatki, jednak w dalszym ci\u0105gu s\u0105 w stanie pozwoli\u0107 sobie na wi\u0119kszy wydatek, jakim jest uczestnictwo w weselnym przyj\u0119ciu. Dlatego jest wi\u0119ksza szansa, \u017ce wydatki, jakie zostan\u0105 poniesione na wesele w listopadzie w wi\u0119kszo\u015bci si\u0119 zwr\u00f3c\u0105.<\/p>\n\n\n<section id=\"leonardo-block_d66e7b17be1f86a1a44541782eb3d421\" class=\"leonardo page-breaker leonardo-image-left\">\r\n    <div class=\"leonardo-body\">\r\n                <div class=\"leonardo-content\"><p><!-- wp:paragraph --><\/p>\n<h3 data-pm-slice=\"1 1 []\" id=\"ha-termin-wesela-w-listopadzie-kluczowe-daty\">Termin wesela w listopadzie \u2013 kluczowe daty<\/h3>\n<p>Pami\u0119tajcie, \u017ce je\u017celi chcecie zorganizowa\u0107 wesele w listopadzie, lepiej zrobi\u0107 to kilka dni po Wszystkich \u015awi\u0119tych, przypadaj\u0105cych na dzie\u0144 1 listopada. Atmosfera zadumy nie sprzyja zabawie. Jednak listopad to tak\u017ce Andrzejki i wiele par \u0142\u0105czy wesele z tym \u015bwi\u0119tem, kt\u00f3re przypada na ostatni dzie\u0144 listopada. Po Andrzejkach zaczyna si\u0119 adwent. Warto jednak zaznaczy\u0107, \u017ce kilkana\u015bcie lat temu Ko\u015bci\u00f3\u0142 zmieni\u0142 podej\u015bcie do adwentu. Nie ma ju\u017c zakazu urz\u0105dzania hucznych zabaw w tym czasie. Jednak dla par o bardziej tradycyjnym podej\u015bciu mo\u017ce to by\u0107 ostatni moment na wielkie wesele.<\/p>\n<p><!-- \/wp:paragraph --> <!-- wp:paragraph --><\/p>\n<p data-pm-slice=\"1 1 []\">Je\u017celi chcecie po\u0142\u0105czy\u0107 swoje wesele z Andrzejkami, tutaj wyj\u0105tkowo musicie powiadomi\u0107 swoich bliskich znacznie wcze\u015bniej i zaproszenia \u015blubne jesienne przygotowa\u0107 nawet p\u00f3\u017an\u0105 wiosn\u0105. Pami\u0119tajcie, \u017ce wiele os\u00f3b wybiera si\u0119 wtedy na bal lub inne przyj\u0119cie. W zwi\u0105zku z tym mo\u017ce si\u0119 okaza\u0107, \u017ce op\u0142acili ju\u017c sw\u00f3j pobyt i b\u0119d\u0105 zmuszeni odm\u00f3wi\u0107 obecno\u015bci na Waszym weselu.<\/p>\n<p>Dodatkowo termin wesela pokrywaj\u0105cy si\u0119 z Andrzejkami to r\u00f3wnie\u017c konieczno\u015b\u0107 wczesnej rezerwacji sali na przyj\u0119cie. Je\u017celi oka\u017ce si\u0119, \u017ce w obiekcie organizowane jest przyj\u0119cie dok\u0142adnie w tym dniu, kiedy chcecie urz\u0105dzi\u0107 swoje wymarzone wesele, mo\u017ce pojawi\u0107 si\u0119 problem z rezerwacj\u0105 tej konkretnej sali weselnej. W\u00f3wczas konieczne jest poszukiwanie nowej lokalizacji. Dlatego sugerujemy, \u017ceby podczas wesela w listopadzie raczej unika\u0107 terminu zwi\u0105zanego z Andrzejkami. Po\u0142owa listopada lub jego pocz\u0105tek to idealny moment na jesienne przyj\u0119cie, kt\u00f3re b\u0119dzie mia\u0142o sw\u00f3j niepowtarzalny klimat.<\/p>\n<p>Je\u017celi nie jeste\u015bcie pewni, kt\u00f3ry <strong>termin wesela w listopadzie<\/strong> by\u0142by najlepszy, polecamy spyta\u0107 managera sali. Z ch\u0119ci\u0105 odpowie on na wszystkie Wasze pytania oraz podpowie jakie rozwi\u0105zanie b\u0119dzie dla Was najlepsze.<\/p>\n<p><!-- \/wp:paragraph --><\/p>\n<\/div>\r\n            <\/div>\r\n    <div class=\"leonardo-image\">\r\n        <img loading=\"lazy\" decoding=\"async\" width=\"800\" height=\"534\" src=\"https:\/\/www.koronakarkonoszy.pl\/blog\/wp-content\/uploads\/2021\/07\/newwesele_wiosna.jpg\" class=\"attachment-full size-full\" alt=\"wesele wiosn\u0105\" srcset=\"https:\/\/www.koronakarkonoszy.pl\/blog\/wp-content\/uploads\/2021\/07\/newwesele_wiosna.jpg 800w, https:\/\/www.koronakarkonoszy.pl\/blog\/wp-content\/uploads\/2021\/07\/newwesele_wiosna-300x200.jpg 300w, https:\/\/www.koronakarkonoszy.pl\/blog\/wp-content\/uploads\/2021\/07\/newwesele_wiosna-768x513.jpg 768w\" sizes=\"auto, (max-width: 800px) 100vw, 800px\" \/>            <\/div>\r\n<\/section>\n\n\n<h2 class=\"wp-block-heading\" id=\"ha-jaka-suknie-slubna-jesienia-wybrac-pora-na-kolor\">Jak\u0105 sukni\u0119 \u015blubn\u0105 jesieni\u0105 wybra\u0107? Pora na kolor!<\/h2>\n\n\n\n<p>Organizacja wesela jesieni\u0105 inspiruje do si\u0119gania po ciekawe stylizacje. Suknia \u015blubna w listopadzie &#8211; bia\u0142a czy kremowa? W odcieniu \u015bmietanki czy w kolorze skorupki jaj? W barwie toffi czy w kolorze \u00e9cru? Je\u015bli ju\u017c biel, to w odcieniu ko\u015bci s\u0142oniowej czy rumu? Przez ca\u0142e wieki m\u0142ode panny nie mia\u0142y takich dylemat\u00f3w. Najzwyczajniej w \u015bwiecie wi\u0119kszo\u015bci nie by\u0142o sta\u0107 na uszycie sobie specjalnej sukni tylko do \u015blubu. Zak\u0142ada\u0142y po prostu swoj\u0105 najlepsz\u0105 kreacj\u0119, ewentualnie po\u017cycza\u0142y sukienk\u0119 od kogo\u015b z rodziny. Oczywi\u015bcie kolor nie by\u0142 wtedy najwa\u017cniejszy. Od\u015bwi\u0119tny charakter takiego stroju podkre\u015bla\u0142 co najwy\u017cej welon i bukiecik kwiat\u00f3w.<\/p>\n\n\n\n<style>\n    .cta_block{\n        margin: 1.5em 0;\n    }\n    .cta_block_content {\n        position: relative;\n        color: white;\n        padding: 1em;\n    }\n    .cta_block_content h3{\n        text-align: center;\n        font: normal normal normal 36px\/50px Yeseva One;\n    }\n    .cta_block_content .cta_block_desc{\n        text-align: center;\n        font-size: 1.1em;\n        position: relative;\n    }\n    .cta_block_content .cta_block_desc:before {\n        content: '';\n        width: 80px;\n        height: 4px;\n        background: #EEB315;\n        position: absolute;\n        left: 0;\n        right: 0;\n        margin-left: auto;\n        margin-right: auto;\n        top: -22px;\n    }\n\n    .cta_block_content picture{\n        position: absolute;\n        top: 0;\n        right: 0;\n        z-index: -1;\n        height: 100%;\n        overflow: hidden;\n        width: 100%;\n    }\n    .cta_block_content picture img{\n        object-fit: cover;\n        height: 100%;\n        width: 100%;\n    }\n    .cta_block .cta_block_content .ninja-forms-field{\n        background: #FFFFFF2F;\n        border: 1px solid #EEB315;\n        border-radius: 25px;\n        opacity: 1;\n        color: #ffffff;\n    }\n    .cta_block .cta_block_content .nf-form-content input[type=submit]{\n        background-color: #EEB315;\n        color: #292929;\n        text-align: center;\n        font: normal normal bold 14px\/20px Work Sans;\n        padding: 0 2em;\n    }\n\n    .cta_block ::placeholder{\n        color: white!important;\n        opacity: 1;\n    }\n\n    .cta_block_content::after {\n        height: 100%;\n        width: 100%;\n        content: \"\";\n        z-index: -1;\n        position: absolute;\n        top: 0;\n        background: #00000070;\n        right: 0;\n        left: 0;\n        bottom: 0;\n    }\n    #ha-cta-block, .cta_block_desc, .cta_block .nf-field-label, .cta_block .nf-error-msg {\n        filter: drop-shadow(1px 1px 8px black);\n    }\n\n\/*    .cta_block nf-rows-wrap {\n        display: flex;\n        justify-content: space-around;\n        flex-direction: row;\n    }*\/\n\n    .cta_block .nf-field-label {\n        display:none;\n    }\n\n    .cta_block .nf-error.field-wrap .nf-field-element::after {\n        border-radius: 50px;\n    }\n\n    .cta_block .nf-error-msg {\n        color: #fff;\n    }\n\n    .cta_block .nf-form-cont {\n        margin-top: 3em;\n        margin-bottom: 1em;\n    }\n\n    .wp-admin .cta_block_content{\n        display: none;\n    }\n    .cta_block .nf-form-fields-required {\n        display: none;\n    }\n    body:not(.wp-admin) .cta_block_admin {\n        display: none;\n    }\n<\/style>\n<div id=\"cta_block-block_dc61b704d8a4b15242109115893bab73\" class=\"cta_block\">\n    <div class=\"cta_block_admin\" style=\"background-color: blue; color: white\">\n        Blok CTA\n    <\/div>\n    <div class=\"cta_block\">\n        <div class=\"cta_block_content\">   \n        <h3>Planujecie wesele w listopadzie?<br>Zawsze jest pogoda na mi\u0142o\u015b\u0107!<\/h3>\n                    <div class=\"cta_block_desc\">Sprawd\u017acie wolne terminy i zarezerwujcie sal\u0119<br>na Wasze wymarzone przyj\u0119cie!<\/div>\n                <noscript class=\"ninja-forms-noscript-message\">\n\tHinweis: F\u00fcr diesen Inhalt ist JavaScript erforderlich.<\/noscript>\n<div id=\"nf-form-3-cont\" class=\"nf-form-cont\" aria-live=\"polite\" aria-labelledby=\"nf-form-title-3\" aria-describedby=\"nf-form-errors-3\" role=\"form\">\n\n    <div class=\"nf-loading-spinner\"><\/div>\n\n<\/div>\n        <!-- That data is being printed as a workaround to page builders reordering the order of the scripts loaded-->\n        <script>var formDisplay=1;var nfForms=nfForms||[];var form=[];form.id='3';form.settings={\"objectType\":\"Form Setting\",\"editActive\":true,\"title\":\"Block CTA\",\"created_at\":\"2022-11-08 16:03:33\",\"default_label_pos\":\"above\",\"show_title\":0,\"clear_complete\":\"1\",\"hide_complete\":\"1\",\"logged_in\":\"\",\"wrapper_class\":\"\",\"element_class\":\"\",\"key\":\"\",\"add_submit\":\"0\",\"changeEmailErrorMsg\":\"Bitte gib eine g\\u00fcltige E-Mail-Adresse ein.\",\"changeDateErrorMsg\":\"Bitte gib ein g\\u00fcltiges Datum ein!\",\"confirmFieldErrorMsg\":\"Diese Felder m\\u00fcssen \\u00fcbereinstimmen!\",\"fieldNumberNumMinError\":\"Die eingegebene Zahl ist zu klein.\",\"fieldNumberNumMaxError\":\"Die eingegebene Zahl ist zu gross.\",\"fieldNumberIncrementBy\":\"Bitte erh\\u00f6hen in Schritten von\",\"formErrorsCorrectErrors\":\"Bitte korrigiere die Fehler, bevor du das Formular sendest.\",\"validateRequiredField\":\"Dies ist ein Pflichtfeld.\",\"honeypotHoneypotError\":\"Honeypot-Fehler\",\"fieldsMarkedRequired\":\"Felder mit einem <span class=\\\"ninja-forms-req-symbol\\\">*<\\\/span> sind Pflichtfelder\",\"currency\":\"\",\"repeatable_fieldsets\":\"\",\"unique_field_error\":\"Formularz z t\\u0105 warto\\u015bci\\u0105 zosta\\u0142 ju\\u017c przes\\u0142any.\",\"not_logged_in_msg\":\"\",\"sub_limit_msg\":\"Formularz osi\\u0105gn\\u0105\\u0142 limit wys\\u0142a\\u0144.\",\"calculations\":[],\"container_styles_show_advanced_css\":\"0\",\"title_styles_show_advanced_css\":\"0\",\"row_styles_show_advanced_css\":\"0\",\"row-odd_styles_show_advanced_css\":\"0\",\"success-msg_styles_show_advanced_css\":\"0\",\"error_msg_styles_show_advanced_css\":\"0\",\"formContentData\":[{\"order\":1,\"cells\":[{\"order\":0,\"fields\":[\"phone_1640098023980\"],\"width\":35},{\"order\":1,\"fields\":[\"adres_e-mail_1667919839452\"],\"width\":35},{\"order\":2,\"fields\":[\"zapisz_mnie_1667919853255\"],\"width\":30}]}],\"drawerDisabled\":false,\"conditions\":[],\"allow_public_link\":0,\"embed_form\":\"\",\"container_styles_border\":\"\",\"container_styles_height\":\"\",\"container_styles_margin\":\"\",\"container_styles_padding\":\"\",\"container_styles_float\":\"\",\"title_styles_border\":\"\",\"title_styles_height\":\"\",\"title_styles_width\":\"\",\"title_styles_font-size\":\"\",\"title_styles_margin\":\"\",\"title_styles_padding\":\"\",\"title_styles_float\":\"\",\"row_styles_border\":\"\",\"row_styles_width\":\"\",\"row_styles_font-size\":\"\",\"row_styles_margin\":\"\",\"row_styles_padding\":\"\",\"row-odd_styles_border\":\"\",\"row-odd_styles_height\":\"\",\"row-odd_styles_width\":\"\",\"row-odd_styles_font-size\":\"\",\"row-odd_styles_margin\":\"\",\"row-odd_styles_padding\":\"\",\"success-msg_styles_border\":\"\",\"success-msg_styles_height\":\"\",\"success-msg_styles_width\":\"\",\"success-msg_styles_font-size\":\"\",\"success-msg_styles_margin\":\"\",\"success-msg_styles_padding\":\"\",\"error_msg_styles_border\":\"\",\"error_msg_styles_width\":\"\",\"error_msg_styles_font-size\":\"\",\"error_msg_styles_margin\":\"\",\"error_msg_styles_padding\":\"\",\"form_title_heading_level\":\"3\",\"ninjaForms\":\"Ninja Forms\",\"fieldTextareaRTEInsertLink\":\"Link einf\\u00fcgen\",\"fieldTextareaRTEInsertMedia\":\"Medien einf\\u00fcgen\",\"fieldTextareaRTESelectAFile\":\"Eine Datei ausw\\u00e4hlen\",\"formHoneypot\":\"Falls du ein Mensch bist und dieses Feld siehst, dann lasse es bitte leer.\",\"fileUploadOldCodeFileUploadInProgress\":\"Datei-Upload l\\u00e4uft.\",\"fileUploadOldCodeFileUpload\":\"DATEI-UPLOAD\",\"currencySymbol\":\"&#36;\",\"thousands_sep\":\".\",\"decimal_point\":\",\",\"siteLocale\":\"de_DE\",\"dateFormat\":\"m\\\/d\\\/Y\",\"startOfWeek\":\"1\",\"of\":\"von\",\"previousMonth\":\"Vorheriger Monat\",\"nextMonth\":\"N\\u00e4chster Monat\",\"months\":[\"Januar\",\"Februar\",\"M\\u00e4rz\",\"April\",\"Mai\",\"Juni\",\"Juli\",\"August\",\"September\",\"Oktober\",\"November\",\"Dezember\"],\"monthsShort\":[\"Jan.\",\"Feb.\",\"M\\u00e4rz\",\"Apr.\",\"Mai\",\"Juni\",\"Juli\",\"Aug\",\"Sep.\",\"Okt.\",\"Nov.\",\"Dez.\"],\"weekdays\":[\"Sonntag\",\"Montag\",\"Dienstag\",\"Mittwoch\",\"Donnerstag\",\"Freitag\",\"Samstag\"],\"weekdaysShort\":[\"So.\",\"Mo.\",\"Di.\",\"Mi.\",\"Do.\",\"Fr.\",\"Sa.\"],\"weekdaysMin\":[\"So.\",\"Mo.\",\"Di.\",\"Mi.\",\"Do.\",\"Fr.\",\"Sa.\"],\"recaptchaConsentMissing\":\"reCaptcha validation couldn&#039;t load.\",\"recaptchaMissingCookie\":\"reCaptcha v3 validation couldn&#039;t load the cookie needed to submit the form.\",\"recaptchaConsentEvent\":\"Accept reCaptcha cookies before sending the form.\",\"currency_symbol\":\"\",\"beforeForm\":\"\",\"beforeFields\":\"\",\"afterFields\":\"\",\"afterForm\":\"\"};form.fields=[{\"objectType\":\"Field\",\"objectDomain\":\"fields\",\"editActive\":false,\"order\":1,\"idAttribute\":\"id\",\"type\":\"phone\",\"label\":\"Numer telefonu\",\"key\":\"phone_1640098023980\",\"label_pos\":\"above\",\"required\":1,\"default\":\"\",\"placeholder\":\"Numer telefonu\",\"container_class\":\"\",\"element_class\":\"\",\"input_limit\":\"\",\"input_limit_type\":\"characters\",\"input_limit_msg\":\"Liczba pozosta\\u0142ych znak\\u00f3w:\",\"manual_key\":\"\",\"admin_label\":\"\",\"help_text\":\"\",\"mask\":\"\",\"custom_mask\":\"\",\"custom_name_attribute\":\"phone\",\"personally_identifiable\":1,\"wrap_styles_border\":\"\",\"wrap_styles_width\":\"\",\"wrap_styles_margin\":\"\",\"wrap_styles_padding\":\"\",\"wrap_styles_float\":\"\",\"wrap_styles_show_advanced_css\":0,\"label_styles_border\":\"\",\"label_styles_width\":\"\",\"label_styles_font-size\":\"\",\"label_styles_margin\":\"\",\"label_styles_padding\":\"\",\"label_styles_float\":\"\",\"label_styles_show_advanced_css\":0,\"element_styles_border\":\"\",\"element_styles_width\":\"\",\"element_styles_font-size\":\"\",\"element_styles_margin\":\"\",\"element_styles_padding\":\"\",\"element_styles_float\":\"\",\"element_styles_show_advanced_css\":0,\"cellcid\":\"c3386\",\"value\":\"\",\"field_label\":\"Numer telefonu\",\"field_key\":\"phone_1640098023980\",\"drawerDisabled\":false,\"id\":8,\"beforeField\":\"\",\"afterField\":\"\",\"parentType\":\"textbox\",\"element_templates\":[\"tel\",\"textbox\",\"input\"],\"old_classname\":\"\",\"wrap_template\":\"wrap\"},{\"objectType\":\"Field\",\"objectDomain\":\"fields\",\"editActive\":false,\"order\":2,\"idAttribute\":\"id\",\"type\":\"email\",\"label\":\"Adres e-mail\",\"key\":\"adres_e-mail_1667919839452\",\"label_pos\":\"above\",\"required\":1,\"default\":\"\",\"placeholder\":\"Adres e-mail\",\"container_class\":\"\",\"element_class\":\"\",\"admin_label\":\"\",\"help_text\":\"\",\"custom_name_attribute\":\"email\",\"personally_identifiable\":1,\"wrap_styles_border\":\"\",\"wrap_styles_width\":\"\",\"wrap_styles_margin\":\"\",\"wrap_styles_padding\":\"\",\"wrap_styles_float\":\"\",\"wrap_styles_show_advanced_css\":0,\"label_styles_border\":\"\",\"label_styles_width\":\"\",\"label_styles_font-size\":\"\",\"label_styles_margin\":\"\",\"label_styles_padding\":\"\",\"label_styles_float\":\"\",\"label_styles_show_advanced_css\":0,\"element_styles_border\":\"\",\"element_styles_width\":\"\",\"element_styles_font-size\":\"\",\"element_styles_margin\":\"\",\"element_styles_padding\":\"\",\"element_styles_float\":\"\",\"element_styles_show_advanced_css\":0,\"cellcid\":\"c3389\",\"value\":\"\",\"drawerDisabled\":false,\"field_label\":\"E-mail\",\"field_key\":\"email_1640098026199\",\"id\":9,\"beforeField\":\"\",\"afterField\":\"\",\"parentType\":\"email\",\"element_templates\":[\"email\",\"input\"],\"old_classname\":\"\",\"wrap_template\":\"wrap\"},{\"objectType\":\"Field\",\"objectDomain\":\"fields\",\"editActive\":false,\"order\":3,\"idAttribute\":\"id\",\"type\":\"submit\",\"label\":\"Zapisz mnie\",\"processing_label\":\"W trakcie realizacji\",\"container_class\":\"\",\"element_class\":\"\",\"key\":\"zapisz_mnie_1667919853255\",\"wrap_styles_border\":\"\",\"wrap_styles_width\":\"\",\"wrap_styles_margin\":\"\",\"wrap_styles_padding\":\"\",\"wrap_styles_float\":\"\",\"wrap_styles_show_advanced_css\":0,\"element_styles_border\":\"\",\"element_styles_width\":\"\",\"element_styles_font-size\":\"\",\"element_styles_margin\":\"\",\"element_styles_padding\":\"\",\"element_styles_float\":\"\",\"element_styles_show_advanced_css\":0,\"submit_element_hover_styles_border\":\"\",\"submit_element_hover_styles_width\":\"\",\"submit_element_hover_styles_font-size\":\"\",\"submit_element_hover_styles_margin\":\"\",\"submit_element_hover_styles_padding\":\"\",\"submit_element_hover_styles_float\":\"\",\"submit_element_hover_styles_show_advanced_css\":0,\"cellcid\":\"c3391\",\"drawerDisabled\":false,\"field_label\":\"Zamawiam rozmow\\u0119\",\"field_key\":\"zamawiam_rozmowe_1640098067453\",\"id\":10,\"beforeField\":\"\",\"afterField\":\"\",\"value\":\"\",\"label_pos\":\"above\",\"parentType\":\"textbox\",\"element_templates\":[\"submit\",\"button\",\"input\"],\"old_classname\":\"\",\"wrap_template\":\"wrap-no-label\"}];nfForms.push(form);<\/script>\n                <script id=\"nf-tmpl-cell\" type=\"text\/template\">\n            <nf-fields><\/nf-fields>\n        <\/script>\n\n        <script id=\"nf-tmpl-row\" type=\"text\/template\">\n            <nf-cells><\/nf-cells>\n        <\/script>\n\n                <img loading=\"lazy\" decoding=\"async\" width=\"1500\" height=\"705\" src=\"https:\/\/www.koronakarkonoszy.pl\/blog\/wp-content\/uploads\/2022\/06\/Dwor-Korona-Karkonoszy.jpg\" class=\"attachment-full size-full\" alt=\"\" srcset=\"https:\/\/www.koronakarkonoszy.pl\/blog\/wp-content\/uploads\/2022\/06\/Dwor-Korona-Karkonoszy.jpg 1500w, https:\/\/www.koronakarkonoszy.pl\/blog\/wp-content\/uploads\/2022\/06\/Dwor-Korona-Karkonoszy-300x141.jpg 300w, https:\/\/www.koronakarkonoszy.pl\/blog\/wp-content\/uploads\/2022\/06\/Dwor-Korona-Karkonoszy-1024x481.jpg 1024w, https:\/\/www.koronakarkonoszy.pl\/blog\/wp-content\/uploads\/2022\/06\/Dwor-Korona-Karkonoszy-768x361.jpg 768w\" sizes=\"auto, (max-width: 1500px) 100vw, 1500px\" \/>        <\/div> \n    <\/div>\n<\/div>\n\n\n\n<p>Klasyka to biel. Jednak je\u015bli to stanowczo nie Tw\u00f3j kolor, to mo\u017ce w\u0142\u00f3\u017c co\u015b w kolorze jesiennych li\u015bci czy kwiat\u00f3w? Zw\u0142aszcza \u017ce bia\u0142a suknia \u015blubna nie ma zbyt d\u0142ugiej tradycji \u2013 w naszej kulturze upowszechni\u0142a si\u0119 dopiero w XIX wieku. Wtedy w\u0142a\u015bnie uznano j\u0105 za symbol niewinno\u015bci, odpowiedni dla Panny M\u0142odej. A i tak wybiera\u0142y j\u0105 przede wszystkim przedstawicielki wy\u017cszych warstw spo\u0142ecznych, dla kt\u00f3rych kwestia (nie)praktyczno\u015bci bia\u0142ej sukni nie mia\u0142a znaczenia.<\/p>\n\n\n\n<figure class=\"wp-block-image size-full is-resized\"><img loading=\"lazy\" decoding=\"async\" width=\"800\" height=\"534\" src=\"https:\/\/www.koronakarkonoszy.pl\/blog\/wp-content\/uploads\/2021\/07\/suknia_vintage.jpg\" alt=\"suknia \u015blubna vintage\" class=\"wp-image-789\" style=\"width:800px;height:534px\" srcset=\"https:\/\/www.koronakarkonoszy.pl\/blog\/wp-content\/uploads\/2021\/07\/suknia_vintage.jpg 800w, https:\/\/www.koronakarkonoszy.pl\/blog\/wp-content\/uploads\/2021\/07\/suknia_vintage-300x200.jpg 300w, https:\/\/www.koronakarkonoszy.pl\/blog\/wp-content\/uploads\/2021\/07\/suknia_vintage-768x513.jpg 768w\" sizes=\"auto, (max-width: 800px) 100vw, 800px\" \/><figcaption class=\"wp-element-caption\"><strong>Panna M\u0142oda <\/strong><\/figcaption><\/figure>\n\n\n\n<p>Ponadto pami\u0119tajmy, \u017ce nie we wszystkich kulturach biel jest symbolem wesel. Przyk\u0142adowo, suknie \u015blubne w Chinach czy Indiach zwyczajowo s\u0105 czerwone, gdy\u017c kolor ten symbolizuje szcz\u0119\u015bcie i pomy\u015blno\u015b\u0107. W Indiach popularne s\u0105 tak\u017ce zielone kreacje, r\u00f3wnie\u017c przynosz\u0105ce powodzenie. A biel? Ta barwa jest kolorem smutku i \u017ca\u0142oby w Meksyku i Indiach. Meksyka\u0144skie panny m\u0142ode najcz\u0119\u015bciej id\u0105 do \u015blubu w sukniach w kolorze\u2026 czarnym! Sukni\u0119 \u015blubn\u0105 jesieni\u0105 mo\u017cna dowolnie urozmaici\u0107, kolor to jedna z mo\u017cliwo\u015bci.<\/p>\n\n\n\n<figure class=\"wp-block-image size-full\"><img loading=\"lazy\" decoding=\"async\" width=\"960\" height=\"640\" src=\"https:\/\/www.koronakarkonoszy.pl\/blog\/wp-content\/uploads\/2022\/01\/Slub-w-grudniu-2.jpg\" alt=\"\" class=\"wp-image-2637\" srcset=\"https:\/\/www.koronakarkonoszy.pl\/blog\/wp-content\/uploads\/2022\/01\/Slub-w-grudniu-2.jpg 960w, https:\/\/www.koronakarkonoszy.pl\/blog\/wp-content\/uploads\/2022\/01\/Slub-w-grudniu-2-300x200.jpg 300w, https:\/\/www.koronakarkonoszy.pl\/blog\/wp-content\/uploads\/2022\/01\/Slub-w-grudniu-2-768x512.jpg 768w\" sizes=\"auto, (max-width: 960px) 100vw, 960px\" \/><figcaption class=\"wp-element-caption\"><strong>Wesele w g\u00f3rach, <a href=\"https:\/\/www.koronakarkonoszy.pl\/wesele\/\" target=\"_blank\" rel=\"noreferrer noopener\">Dw\u00f3r Korona Karkonoszy<\/a>, <a href=\"https:\/\/www.koronakarkonoszy.pl\/blog-atrakcje\/sosnowka\/\" class=\"links-placer\">Sosn\u00f3wka<\/a> k. Karpacza <\/strong><\/figcaption><\/figure>\n\n\n\n<h3 class=\"wp-block-heading\" id=\"ha-wesele-w-pazdzierniku-lub-listopadzie-jak-sie-ubrac\">Wesele w pa\u017adzierniku lub listopadzie &#8211; jak si\u0119 ubra\u0107?<\/h3>\n\n\n\n<p>Go\u015bcie weselni wybieraj\u0105c swoje stroje r\u00f3wnie\u017c powinni wzi\u0105\u0107 pod uwag\u0119 miejsce i czas uroczysto\u015bci. W zaproszeniu na \u015blub zawsze znajdziemy informacje o miejscu zawarcia \u015blubu i miejscu uroczysto\u015bci weselnej. Wida\u0107 wi\u0119c od razu, czy punkty te s\u0105 znacznie oddalone od siebie, czy mo\u017ce wszystko odb\u0119dzie si\u0119 w tej samej lokalizacji i nie trzeba b\u0119dzie zbyt d\u0142ugo jecha\u0107 do sali weselnej. To wa\u017cne, bo listopadowa aura cz\u0119sto bywa nieprzewidywalna. Mo\u017ce by\u0107 bardzo zimno, mo\u017ce by\u0107 plucha. R\u00f3wnie dobrze jednak mo\u017ce si\u0119 okaza\u0107, \u017ce b\u0119dzie pi\u0119kne s\u0142o\u0144ce i wysoka temperatura.<\/p>\n\n\n\n<figure class=\"wp-block-image size-large\"><img loading=\"lazy\" decoding=\"async\" width=\"1024\" height=\"683\" src=\"https:\/\/www.koronakarkonoszy.pl\/blog\/wp-content\/uploads\/2022\/02\/MonikaILukasz_www.fanimomentu.pl-348-1024x683.jpg\" alt=\"\" class=\"wp-image-6702\" srcset=\"https:\/\/www.koronakarkonoszy.pl\/blog\/wp-content\/uploads\/2022\/02\/MonikaILukasz_www.fanimomentu.pl-348-1024x683.jpg 1024w, https:\/\/www.koronakarkonoszy.pl\/blog\/wp-content\/uploads\/2022\/02\/MonikaILukasz_www.fanimomentu.pl-348-300x200.jpg 300w, https:\/\/www.koronakarkonoszy.pl\/blog\/wp-content\/uploads\/2022\/02\/MonikaILukasz_www.fanimomentu.pl-348-768x512.jpg 768w, https:\/\/www.koronakarkonoszy.pl\/blog\/wp-content\/uploads\/2022\/02\/MonikaILukasz_www.fanimomentu.pl-348.jpg 1200w\" sizes=\"auto, (max-width: 1024px) 100vw, 1024px\" \/><figcaption class=\"wp-element-caption\"><strong>Para M\u0142oda,<\/strong> <strong><a href=\"https:\/\/www.koronakarkonoszy.pl\/wesele\/\" target=\"_blank\" rel=\"noreferrer noopener\">Dw\u00f3r Korona Karkonoszy<\/a>, Sosn\u00f3wka k. Karpacza <\/strong><\/figcaption><\/figure>\n\n\n\n<p>Je\u015bli jednak nie chcemy a\u017c tak dalece \u0142ama\u0107 konwenans\u00f3w, dobrym rozwi\u0105zaniem b\u0119dzie wykorzystanie innych kolor\u00f3w przynajmniej w dodatkach. Kolory mo\u017cna dopasowa\u0107 tak\u017ce do motywu przewodniego wesela. <a href=\"https:\/\/www.koronakarkonoszy.pl\/blog\/sukienka-na-wesele-kolor-ma-znaczenie\/\" target=\"_blank\" rel=\"noreferrer noopener\">Sukienka na wesele<\/a> w listopadzie to przecie\u017c za ma\u0142o. Zwykle o tej porze roku Pannie M\u0142odej potrzebne b\u0119dzie dodatkowe okrycie: bolerko, etola czy szal. Naszywane per\u0142ami, ze sztucznego futra, a mo\u017ce pi\u0119knej dzianiny? I w \u017cywym, energetycznym kolorze jesieni, idealnie pasuj\u0105ce do weselnych dekoracji. Tak\u017ce buty mog\u0105 stanowi\u0107 mocny akcent kolorystyczny, wyr\u00f3\u017cniaj\u0105c si\u0119 na tle bia\u0142ej sukni. Mo\u017cemy mie\u0107 pewno\u015b\u0107, \u017ce akurat nasza kreacja na zawsze zapadnie go\u015bciom w pami\u0119\u0107!<\/p>\n\n\n<section id=\"leonardo-block_439ae75aaf706194813c9322bb096c77\" class=\"leonardo page-breaker leonardo-image-left\">\r\n    <div class=\"leonardo-body\">\r\n                <div class=\"leonardo-content\"><h3 id=\"ha-slub-w-listopadzie-napitek-na-rozgrzewke\">\u015alub w listopadzie &#8211; napitek na rozgrzewk\u0119<\/h3>\n<p data-pm-slice=\"1 1 []\">W dniu \u015blubu nie zapominajmy o grzanym winie, korzystnie wp\u0142ywaj\u0105cym nie tylko na cia\u0142o, lecz i na ducha. Trunek ten, popularny ju\u017c w staro\u017cytnym Rzymie, a w Polsce znany od \u015bredniowiecza, doskonale sprawdzi si\u0119 podczas jesiennego wesela. Wino (bia\u0142e lub czerwone, zale\u017cnie od upodoba\u0144), podane w eleganckich czarkach, doprawione spor\u0105 ilo\u015bci\u0105 go\u017adzik\u00f3w, cytryn, pomara\u0144czy, imbiru i miodu z pewno\u015bci\u0105 pozytywnie nastroi go\u015bci i doda im energii, potrzebnej do ca\u0142onocnej zabawy. Mo\u017ce to by\u0107 \u015bwietny pomys\u0142 na ciekawy akcent podczas \u015blubu w listopadzie.<\/p>\n<\/div>\r\n                    <aside class=\"leonardo-interlink\">\r\n                <b>Polecamy<\/b>\r\n                <a href=\"https:\/\/www.koronakarkonoszy.pl\/blog\/de\/jak-zorganizowac-przyjecie-weselne-na-30-osob\/\">Jak zorganizowa\u0107 przyj\u0119cie weselne na 30 os\u00f3b?<\/a>\r\n            <\/aside>\r\n            <\/div>\r\n    <div class=\"leonardo-image\">\r\n        <img loading=\"lazy\" decoding=\"async\" width=\"1024\" height=\"683\" src=\"https:\/\/www.koronakarkonoszy.pl\/blog\/wp-content\/uploads\/2020\/10\/wino-na-wesele.jpg\" class=\"attachment-full size-full\" alt=\"\" srcset=\"https:\/\/www.koronakarkonoszy.pl\/blog\/wp-content\/uploads\/2020\/10\/wino-na-wesele.jpg 1024w, https:\/\/www.koronakarkonoszy.pl\/blog\/wp-content\/uploads\/2020\/10\/wino-na-wesele-300x200.jpg 300w, https:\/\/www.koronakarkonoszy.pl\/blog\/wp-content\/uploads\/2020\/10\/wino-na-wesele-768x512.jpg 768w\" sizes=\"auto, (max-width: 1024px) 100vw, 1024px\" \/>            <\/div>\r\n<\/section>\n\n\n<h2 class=\"wp-block-heading\" id=\"ha-wesele-w-listopadzie-pod-znakiem-jesiennego-menu\">Wesele w listopadzie pod znakiem jesiennego menu<\/h2>\n\n\n\n<p><a href=\"https:\/\/www.koronakarkonoszy.pl\/blog\/dania-na-wesele\/\" target=\"_blank\" rel=\"noreferrer noopener\">Dania na wesele<\/a> to zwykle jedna z kwestii, kt\u00f3rej po\u015bwi\u0119camy najwi\u0119cej uwagi. Nie jest te\u017c zaskoczeniem, \u017ce do jesiennej aury mo\u017cna \u2013 i warto! &#8211; dopasowa\u0107 odpowiednie weselne menu. Jesienna pora to czas kiedy mo\u017cemy zaserwowa\u0107 rozgrzewaj\u0105ce potrawy, bazuj\u0105ce na jesiennych warzywach, takich jak dynia, cukinia, bak\u0142a\u017cany, papryka czy fasolka. Wykorzystajmy je do przygotowania zup krem\u00f3w lub pysznych zapiekanek. Jesieni\u0105 menu weselne mo\u017ce by\u0107 jak wida\u0107 bardzo r\u00f3\u017cnorodne. Zw\u0142aszcza, \u017ce <a href=\"https:\/\/www.koronakarkonoszy.pl\/blog\/organizacja-wesel\/\" class=\"links-placer\">organizacja \u015blubu<\/a> jesieni\u0105 to szansa na sezonowe specja\u0142y.<\/p>\n\n\n<section id=\"leonardo-block_6e63c4950836759a17dbd7e8a6642d62\" class=\"leonardo page-breaker leonardo-image-right\">\r\n    <div class=\"leonardo-body\">\r\n                <div class=\"leonardo-content\"><p><!-- wp:paragraph --><\/p>\n<h3 id=\"ha-sezonowo-i-lokalnie\">Sezonowo i lokalnie<\/h3>\n<p>Jesie\u0144 w kuchni nieodmiennie kojarzy si\u0119 z <em>grzybami<\/em>. Rydze, kurki, podgrzybki czy ma\u015blaki stwarzaj\u0105 mn\u00f3stwo kulinarnych mo\u017cliwo\u015bci. Potrawy wykorzystuj\u0105ce te wspania\u0142e le\u015bne skarby to nawi\u0105zanie do tradycyjnej, staropolskiej kuchni. Dania te z pewno\u015bci\u0105 uciesz\u0105 wielu go\u015bci, jako \u017ce w ostatnich latach kuchnia naszych przodk\u00f3w prze\u017cywa renesans. Ponadto wykorzystywanie sezonowych, miejscowych produkt\u00f3w to bardzo ekologiczne dzia\u0142anie. Wielu go\u015bci z pewno\u015bci\u0105 to doceni. Kuchnia sezonowa kojarzy si\u0119 ze \u015bwie\u017cym, lokalnym jedzeniem. To po prostu must have wsp\u00f3\u0142czesnych wesel!<\/p>\n<p><!-- \/wp:paragraph --> <!-- wp:paragraph --><\/p>\n<p data-pm-slice=\"1 1 []\">Wesele jesieni\u0105 &#8211; menu nie ko\u0144czy si\u0119 na wytrawnych daniach. Dodatkowo mo\u017cemy zaserwowa\u0107 go\u015bciom jesienne desery stworzone w\u0142a\u015bnie na bazie dyni, marchewki oraz imbiru. Do przygotowania deseru czy\u00a0ciasta wykorzystajmy te\u017c lokalne owoce \u2013 jesieni\u0105 jab\u0142ka, \u015bliwki czy gruszki maj\u0105 najlepszy smak i najwi\u0119cej witamin. Owocowe tarty czy tradycyjna szarlotka na pewno znajd\u0105 wielu amator\u00f3w! \u015awietnym pomys\u0142em b\u0119dzie tak\u017ce zaserwowanie p\u0142on\u0105cych lod\u00f3w \u2013 to nie tylko niezwyk\u0142a posta\u0107 deseru, ale tak\u017ce wyj\u0105tkowa \u00a0atrakcja jesiennego przyj\u0119cia.<\/p>\n<p><!-- \/wp:paragraph --><\/p>\n<\/div>\r\n                    <aside class=\"leonardo-interlink\">\r\n                <b>Polecamy<\/b>\r\n                <a href=\"https:\/\/www.koronakarkonoszy.pl\/blog\/de\/wesele-w-polsce\/\">Wesele w Polsce<\/a>\r\n            <\/aside>\r\n            <\/div>\r\n    <div class=\"leonardo-image\">\r\n        <img loading=\"lazy\" decoding=\"async\" width=\"1024\" height=\"683\" src=\"https:\/\/www.koronakarkonoszy.pl\/blog\/wp-content\/uploads\/2023\/02\/MG_5844.jpg\" class=\"attachment-full size-full\" alt=\"\" srcset=\"https:\/\/www.koronakarkonoszy.pl\/blog\/wp-content\/uploads\/2023\/02\/MG_5844.jpg 1024w, https:\/\/www.koronakarkonoszy.pl\/blog\/wp-content\/uploads\/2023\/02\/MG_5844-300x200.jpg 300w, https:\/\/www.koronakarkonoszy.pl\/blog\/wp-content\/uploads\/2023\/02\/MG_5844-768x512.jpg 768w, https:\/\/www.koronakarkonoszy.pl\/blog\/wp-content\/uploads\/2023\/02\/MG_5844-18x12.jpg 18w\" sizes=\"auto, (max-width: 1024px) 100vw, 1024px\" \/>            <\/div>\r\n<\/section>\n\n\n<p>Dzi\u0119ki odpowiedniemu doborowi potraw bez wzgl\u0119du na temperatur\u0119 panuj\u0105c\u0105 na zewn\u0105trz gor\u0105cy klimat gwarantowany!<\/p>\n\n\n<section id=\"leonardo-block_2111e98cbab9e2a60160b34348d0f75b\" class=\"leonardo page-breaker leonardo-image-left\">\r\n    <div class=\"leonardo-body\">\r\n        <h2 class=\"leonardo-title\" id=\"h-kwiaty-na-slub-w-listopadzie\">Kwiaty na \u015blub w listopadzie<\/h2>        <div class=\"leonardo-content\"><p><!-- wp:paragraph --><\/p>\n<p>Jesienne dary natury, takie jak r\u00f3\u017cnobarwne li\u015bcie, kasztany czy owoce mo\u017cemy wkomponowa\u0107 w bukiety czy wie\u0144ce &#8211; to niezwykle efektowne elementy jesiennego \u015blubu.\u00a0Z pewno\u015bci\u0105 zrobi\u0105 one wra\u017cenie na go\u015bciach. Je\u015bli chodzi o kwiaty, o tej porze roku tworzymy kompozycje z dalii, r\u00f3\u017c czy astr\u00f3w. Koniecznie te\u017c wykorzystajmy wrzosy i jarz\u0119biny dla podkre\u015blenia jesiennego sezonu. Nie zapominajmy, \u017ce coraz wi\u0119cej zwolennik\u00f3w zdobywaj\u0105 chryzantemy, przez lata kojarzone z Zaduszkami. A przecie\u017c w Azji te pi\u0119kne kwiaty, wyst\u0119puj\u0105ce w wielu odmianach i kolorach, s\u0105 symbolem rado\u015bci i szcz\u0119\u015bcia. Idealnie wi\u0119c sprawdz\u0105 si\u0119 jako kwiaty na <a href=\"https:\/\/www.koronakarkonoszy.pl\/blog\/wesele-w-listopadzie-czy-warto\/\" class=\"links-placer\">\u015blub w listopadzie<\/a>.<\/p>\n<p><!-- \/wp:paragraph --> <!-- wp:paragraph --><\/p>\n<p>Do tego warto zadba\u0107 o obfito\u015b\u0107 \u015bwiec, lampion\u00f3w, witra\u017cy \u2013 wszystko to sprawi, \u017ce go\u015bcie poczuj\u0105 si\u0119 jak w zaczarowanym ogrodzie. O\u015bwietlenie wesela jest kluczowe i zyskuje dzi\u0119ki niemu dekoracja sali. Czy mo\u017ce by\u0107 co\u015b pi\u0119kniejszego na weselu ni\u017c barwy jesieni na elegancko przybranych sto\u0142ach? A oszcz\u0119dno\u015bci wynikaj\u0105ce z samodzielnego zebrania element\u00f3w dekoracji podczas wycieczki do lasu mo\u017cna przeznaczy\u0107 na inne atrakcje lub <a href=\"https:\/\/www.koronakarkonoszy.pl\/blog\/upominek-dla-gosci-weselnych\/\">upominek<\/a> dla go\u015bci.<\/p>\n<p><!-- \/wp:paragraph --><\/p>\n<\/div>\r\n            <\/div>\r\n    <div class=\"leonardo-image\">\r\n        <img loading=\"lazy\" decoding=\"async\" width=\"1280\" height=\"853\" src=\"https:\/\/www.koronakarkonoszy.pl\/blog\/wp-content\/uploads\/2021\/08\/Kwiaty-na-stoly-weselne_.jpg\" class=\"attachment-full size-full\" alt=\"\" srcset=\"https:\/\/www.koronakarkonoszy.pl\/blog\/wp-content\/uploads\/2021\/08\/Kwiaty-na-stoly-weselne_.jpg 1280w, https:\/\/www.koronakarkonoszy.pl\/blog\/wp-content\/uploads\/2021\/08\/Kwiaty-na-stoly-weselne_-300x200.jpg 300w, https:\/\/www.koronakarkonoszy.pl\/blog\/wp-content\/uploads\/2021\/08\/Kwiaty-na-stoly-weselne_-1024x682.jpg 1024w, https:\/\/www.koronakarkonoszy.pl\/blog\/wp-content\/uploads\/2021\/08\/Kwiaty-na-stoly-weselne_-768x512.jpg 768w\" sizes=\"auto, (max-width: 1280px) 100vw, 1280px\" \/>            <\/div>\r\n<\/section>\n\n\n<h3 class=\"wp-block-heading\" id=\"ha-wesele-w-listopadzie-wystroj-sali\">Wesele w listopadzie \u2013 wystr\u00f3j sali<\/h3>\n\n\n\n<p>Naprawd\u0119 niewiele wystarczy, \u017ceby jesienne sto\u0142y podczas listopadowego wesela zachwyci\u0142y wszystkich. Wystr\u00f3j sali tanecznej mo\u017ce wywrze\u0107 niesamowite wra\u017cenie na go\u015bciach &#8211; \u017c\u00f3\u0142te, pomara\u0144czowe oraz czerwone balony rozwieszone w rogach sali jako imitacja li\u015bci jesiennych to aluzja do pogody panuj\u0105cej na zewn\u0105trz. Mo\u017cna poczu\u0107 si\u0119 jak w \u015brodku listopadowego lasu, bez konieczno\u015bci zmagania si\u0119 z kaprysami pogody o tej porze roku.<\/p>\n\n\n\n<figure class=\"wp-block-image size-large\"><img loading=\"lazy\" decoding=\"async\" width=\"1024\" height=\"684\" src=\"https:\/\/www.koronakarkonoszy.pl\/blog\/wp-content\/uploads\/2020\/05\/080-1024x684.jpg\" alt=\"\" class=\"wp-image-5787\" srcset=\"https:\/\/www.koronakarkonoszy.pl\/blog\/wp-content\/uploads\/2020\/05\/080-1024x684.jpg 1024w, https:\/\/www.koronakarkonoszy.pl\/blog\/wp-content\/uploads\/2020\/05\/080-300x200.jpg 300w, https:\/\/www.koronakarkonoszy.pl\/blog\/wp-content\/uploads\/2020\/05\/080-768x513.jpg 768w, https:\/\/www.koronakarkonoszy.pl\/blog\/wp-content\/uploads\/2020\/05\/080-1920x1282.jpg 1920w, https:\/\/www.koronakarkonoszy.pl\/blog\/wp-content\/uploads\/2020\/05\/080-1536x1025.jpg 1536w, https:\/\/www.koronakarkonoszy.pl\/blog\/wp-content\/uploads\/2020\/05\/080-2048x1367.jpg 2048w\" sizes=\"auto, (max-width: 1024px) 100vw, 1024px\" \/><figcaption class=\"wp-element-caption\"><strong><a href=\"https:\/\/www.koronakarkonoszy.pl\/dworska-sala-balowa\/\" target=\"_blank\" rel=\"noreferrer noopener\">Dworska Sala Balowa,<\/a> Dw\u00f3r Korona Karkonoszy, Sosn\u00f3wka k. Karpacza <\/strong><\/figcaption><\/figure>\n\n\n\n<h3 class=\"wp-block-heading\" id=\"h-lub-w-listopadzie-w-jesiennych-klimatach\">\u015alub w listopadzie w jesiennych klimatach<\/h3>\n\n\n\n<p> <a href=\"https:\/\/www.koronakarkonoszy.pl\/blog\/romatyczne-wesele-jesienia\/\" target=\"_blank\" rel=\"noreferrer noopener\">Romantyczne wesele jesieni\u0105<\/a> brzmi ma\u0142o realistycznie? Wbrew pozorom ta pora roku ma wiele do zaoferowania M\u0142odym Parom \u2013 nie bez powodu jest to ulubiony sezon wielu z nas. Wspania\u0142e barwy jesiennych drzew, dywany kolorowych li\u015bci, zapach ogniska i poranne mg\u0142y tworz\u0105 sentymentalny i romantyczny nastr\u00f3j. Zwykle jednak kojarzymy go z wrze\u015bniem i pa\u017adziernikiem, jednak dzi\u0119ki cieplejszej pogodzie granica ta przesuwa si\u0119 coraz dalej. Coraz cz\u0119\u015bciej tak\u017ce w listopadzie mo\u017cemy cieszy\u0107 si\u0119 jesiennym s\u0142o\u0144cem, purpurowym bluszczem i li\u015b\u0107mi na drzewach, mieni\u0105cymi si\u0119 wszelkimi mo\u017cliwymi odcieniami z\u0142ota.<\/p>\n\n\n<section id=\"leonardo-block_4e85ff0bc7111379a8b4cae3c2216b97\" class=\"leonardo page-breaker leonardo-image-left\">\r\n    <div class=\"leonardo-body\">\r\n                <div class=\"leonardo-content\"><h3 id=\"ha-jesienny-slub-w-blasku-ognia\">Jesienny \u015blub w blasku ognia<\/h3>\n<p>Podczas planowania przyj\u0119cia weselnego w listopadzie mo\u017cecie spyta\u0107 w\u0142a\u015bcicieli lub managera obiektu, czy istnieje mo\u017cliwo\u015b\u0107 rozpalenia ogniska. Lampiony, ogie\u0144 oraz pi\u0119kne jesienne kolory to idealna sceneria dla fotograf\u00f3w. Wyobra\u017acie sobie te cudowne zdj\u0119cia, kt\u00f3re b\u0119dziecie mogli ogl\u0105da\u0107 przez kolejne lata! Ognisko zapewnia to nie tylko pi\u0119kne wspomnienia. Jest to r\u00f3wnie\u017c niespotykana atrakcja dla go\u015bci, kt\u00f3rzy s\u0105 raczej przyzwyczajeni do innych zabaw podczas wesela.<\/p>\n<\/div>\r\n                    <aside class=\"leonardo-interlink\">\r\n                <b>Polecamy<\/b>\r\n                <a href=\"https:\/\/www.koronakarkonoszy.pl\/blog\/de\/zimne-ognie-na-wesele-2\/\">Zimne ognie na wesele, czyli lepsza opcja ni\u017c pokaz fajerwerk\u00f3w<\/a>\r\n            <\/aside>\r\n            <\/div>\r\n    <div class=\"leonardo-image\">\r\n        <img loading=\"lazy\" decoding=\"async\" width=\"1024\" height=\"683\" src=\"https:\/\/www.koronakarkonoszy.pl\/blog\/wp-content\/uploads\/2020\/10\/13311.jpg\" class=\"attachment-full size-full\" alt=\"\" srcset=\"https:\/\/www.koronakarkonoszy.pl\/blog\/wp-content\/uploads\/2020\/10\/13311.jpg 1024w, https:\/\/www.koronakarkonoszy.pl\/blog\/wp-content\/uploads\/2020\/10\/13311-300x200.jpg 300w, https:\/\/www.koronakarkonoszy.pl\/blog\/wp-content\/uploads\/2020\/10\/13311-768x512.jpg 768w\" sizes=\"auto, (max-width: 1024px) 100vw, 1024px\" \/>            <\/div>\r\n<\/section>\n\n\n<p>W przypadku s\u0142oty jesiennej mo\u017cna tak\u017ce rozwa\u017cy\u0107 wykorzystanie wielkiego parasola. Je\u015bli wybierzemy odpowiedni wz\u00f3r czy kolor, nie tylko nie zepsuje on wra\u017cenia, lecz mo\u017ce nawet stanowi\u0107 bardzo ciekawy element dekoracyjny! I doskona\u0142e t\u0142o zdj\u0119\u0107. Mo\u017cna wr\u0119cz uczyni\u0107 z niego motyw przewodni wesela! Czasem wida\u0107 tego typu artystyczne instalacje w r\u00f3\u017cnych miastach. Pomys\u0142 wart podpatrzenia! Niemniej nale\u017cy zastanowi\u0107 si\u0119, ile czasu w og\u00f3le Panna M\u0142oda sp\u0119dzi na zewn\u0105trz. Je\u015bli jest to tylko kwestia przej\u015bcia z Pa\u0142acu \u015alub\u00f3w czy ko\u015bcio\u0142a do samochodu, a potem do sali balowej, mo\u017cna w og\u00f3le nie przejmowa\u0107 si\u0119 pogod\u0105. Przy okazji b\u0119dzie to test dla Pana M\u0142odego \u2013 czy zechce nosi\u0107 sw\u0105 ukochan\u0105 na r\u0119kach, by nie zniszczy\u0142a at\u0142asowych pantofelk\u00f3w?&#8230;<\/p>\n\n\n<section id=\"leonardo-block_9e29e1e0406690fa98e92ea4f21ad729\" class=\"leonardo page-breaker leonardo-image-left\">\r\n    <div class=\"leonardo-body\">\r\n                <div class=\"leonardo-content\"><h3 id=\"ha-dwor-korona-karkonoszy-piekne-wesele-nie-tylko-w-listopadzie\">Dw\u00f3r Korona Karkonoszy &#8211; pi\u0119kne wesele nie tylko w listopadzie!<\/h3>\n<p>Jak podpowiada Joanna Hoc-Kopiej, specjalistka weselna w Dworze Korona Karkonoszy, kr\u00f3tsze dni tak\u017ce mo\u017cemy wykorzysta\u0107 na swoj\u0105 korzy\u015b\u0107: \u201eW przypadku przyj\u0119\u0107 weselnych p\u00f3\u017an\u0105 jesieni\u0105 i zim\u0105 warto pokusi\u0107 si\u0119 o dodatkowe dekoracje w postaci lampion\u00f3w i pochodni. Po zapadni\u0119ciu zmroku tworz\u0105 one wyj\u0105tkowy klimat, dodaj\u0105c ca\u0142ej uroczysto\u015bci podnios\u0142ego charakteru. Popularn\u0105 dodatkow\u0105 atrakcj\u0105 o tej porze roku jest tak\u017ce ognisko z kie\u0142baskami i grzanym winem\u201d \u2013 dodaje ekspertka.<\/p>\n<\/div>\r\n                    <aside class=\"leonardo-interlink\">\r\n                <b>Polecamy<\/b>\r\n                <a href=\"https:\/\/www.koronakarkonoszy.pl\/blog\/de\/eleganckie-wesele\/\">Eleganckie wesele &#8211; jak to osi\u0105gn\u0105\u0107?<\/a>\r\n            <\/aside>\r\n            <\/div>\r\n    <div class=\"leonardo-image\">\r\n        <img loading=\"lazy\" decoding=\"async\" width=\"1024\" height=\"683\" src=\"https:\/\/www.koronakarkonoszy.pl\/blog\/wp-content\/uploads\/2021\/07\/listopadowe-wesele.jpg\" class=\"attachment-full size-full\" alt=\"wesele w listopadzie\" srcset=\"https:\/\/www.koronakarkonoszy.pl\/blog\/wp-content\/uploads\/2021\/07\/listopadowe-wesele.jpg 1024w, https:\/\/www.koronakarkonoszy.pl\/blog\/wp-content\/uploads\/2021\/07\/listopadowe-wesele-300x200.jpg 300w, https:\/\/www.koronakarkonoszy.pl\/blog\/wp-content\/uploads\/2021\/07\/listopadowe-wesele-768x512.jpg 768w\" sizes=\"auto, (max-width: 1024px) 100vw, 1024px\" \/>            <\/div>\r\n<\/section>\n\n\n<h2 class=\"wp-block-heading\" id=\"ha-slub-w-listopadzie-inspiracje\">\u015alub w listopadzie \u2013 inspiracje<\/h2>\n\n\n\n<p>\u015alub to jedno z najwa\u017cniejszych wydarze\u0144 w \u017cyciu zakochanej pary. Nic wi\u0119c dziwnego, \u017ce przyszli nowo\u017ce\u0144cy dok\u0142adaj\u0105 wszelkich stara\u0144, aby dzie\u0144 za\u015blubin by\u0142 wyj\u0105tkowy, jedyny w swoim rodzaju. Doskona\u0142ym sposobem na urozmaicenie uroczysto\u015bci &#8211; nie zwa\u017caj\u0105c na termin wesela &#8211; jest wzbogacenie jej o przemy\u015blane <a href=\"https:\/\/www.koronakarkonoszy.pl\/blog\/czym-zaskoczyc-gosci-weselnych\/\" target=\"_blank\" rel=\"noreferrer noopener\">atrakcje weselne<\/a>. Nikt przecie\u017c nie powiedzia\u0142, \u017ce \u015blub to wy\u0142\u0105cznie biesiadowanie przy wsp\u00f3lnym stole i ta\u0144ce do bia\u0142ego rana. Zadbajcie o ciekawe zabawy i konkursy, a przyj\u0119cie zyska niepowtarzalny wymiar!<\/p>\n\n\n\n<figure class=\"wp-block-image size-full\"><img loading=\"lazy\" decoding=\"async\" width=\"800\" height=\"534\" src=\"https:\/\/www.koronakarkonoszy.pl\/blog\/wp-content\/uploads\/2021\/07\/wesele-jesienia-1.jpg\" alt=\"wesele jesieni\u0105\" class=\"wp-image-877\" srcset=\"https:\/\/www.koronakarkonoszy.pl\/blog\/wp-content\/uploads\/2021\/07\/wesele-jesienia-1.jpg 800w, https:\/\/www.koronakarkonoszy.pl\/blog\/wp-content\/uploads\/2021\/07\/wesele-jesienia-1-300x200.jpg 300w, https:\/\/www.koronakarkonoszy.pl\/blog\/wp-content\/uploads\/2021\/07\/wesele-jesienia-1-768x513.jpg 768w\" sizes=\"auto, (max-width: 800px) 100vw, 800px\" \/><figcaption class=\"wp-element-caption\"><strong>Wesele jesieni\u0105 <\/strong><\/figcaption><\/figure>\n\n\n\n<p>Jakie atrakcje urozmaic\u0105 wesele w listopadzie? \u015alub jesieni\u0105 to doskona\u0142a okazja, \u017ceby zaprosi\u0107 go\u015bci na efektowny pokaz sztucznych ogni. Kolorowe show da nam namiastk\u0119 nocy sylwestrowej i wprowadzi go\u015bci w imprezowy nastr\u00f3j. B\u0119dzie wisienk\u0105 na torcie, hucznym ukoronowaniem wsp\u00f3lnego \u015bwi\u0119towania dnia za\u015blubin.<\/p>\n\n\n\n<figure class=\"wp-block-image size-full\"><img loading=\"lazy\" decoding=\"async\" width=\"1024\" height=\"682\" src=\"https:\/\/www.koronakarkonoszy.pl\/blog\/wp-content\/uploads\/2021\/07\/wesele-w-pazdzierniku-w-gorach.jpg\" alt=\"Wesele w pa\u017adzierniku w g\u00f3rach\" class=\"wp-image-405\" srcset=\"https:\/\/www.koronakarkonoszy.pl\/blog\/wp-content\/uploads\/2021\/07\/wesele-w-pazdzierniku-w-gorach.jpg 1024w, https:\/\/www.koronakarkonoszy.pl\/blog\/wp-content\/uploads\/2021\/07\/wesele-w-pazdzierniku-w-gorach-300x200.jpg 300w, https:\/\/www.koronakarkonoszy.pl\/blog\/wp-content\/uploads\/2021\/07\/wesele-w-pazdzierniku-w-gorach-768x512.jpg 768w\" sizes=\"auto, (max-width: 1024px) 100vw, 1024px\" \/><figcaption class=\"wp-element-caption\"><strong>Wesele w g\u00f3rach <\/strong><\/figcaption><\/figure>\n\n\n\n<h3 class=\"wp-block-heading\" id=\"ha-wedding-planerka-na-slub-w-listopadzie\">Wedding planerka na \u015blub w listopadzie<\/h3>\n\n\n\n<p>Letnie wesela ciesz\u0105 si\u0119 ogromnym zainteresowaniem. W zwi\u0105zku z tym naprawd\u0119 nietrudno znale\u017a\u0107 mn\u00f3stwo inspiracji na wesele w lipcu lub w sierpniu. Podobnie wrze\u015bniowe wesele mo\u017ce zosta\u0107 zorganizowane w niepowtarzalny oraz oryginalny spos\u00f3b bez konieczno\u015bci wyj\u0105tkowych stara\u0144.<\/p>\n\n\n\n<p>Jednak organizacja wesela w listopadzie wymaga od narzeczonych znacznie wi\u0119cej kreatywno\u015bci ni\u017c w innych miesi\u0105cach. Przede wszystkim ze wzgl\u0119du na pogod\u0119, kt\u00f3ra mo\u017ce okaza\u0107 si\u0119 nieprzewidywalna. Co zatem nale\u017cy zorganizowa\u0107, na co zwr\u00f3ci\u0107 szczeg\u00f3ln\u0105 uwag\u0119 oraz gdzie szuka\u0107 inspiracji?<\/p>\n\n\n\n<p>Odpowied\u017a na te pytania mo\u017ce okaza\u0107 si\u0119 wyj\u0105tkowo trudna. Dlatego istnieje pewne rozwi\u0105zanie, kt\u00f3re ma pom\u00f3c M\u0142odej Parze zorganizowa\u0107 niezapomniane wesele w listopadzie. Jest to zatrudnienie wedding plannerki.<\/p>\n\n\n<section id=\"leonardo-block_93272dbdf39f419aae9a405b5647252a\" class=\"leonardo page-breaker leonardo-image-left\">\r\n    <div class=\"leonardo-body\">\r\n                <div class=\"leonardo-content\"><h3 id=\"ha-kim-jest-wedding-plannerka\">Kim jest wedding plannerka?<\/h3>\n<p>Jest to osoba, kt\u00f3ra zajmuje si\u0119 organizacj\u0105 \u015blub\u00f3w oraz wesel. To do niej nale\u017cy kontaktowanie si\u0119 z podwykonawcami, poszukiwanie idealnych rozwi\u0105za\u0144 dopasowanych do bud\u017cetu oraz przedstawianie ich M\u0142odej Parze. Niezale\u017cnie od tego, jaki jest rodzaj wsp\u00f3\u0142pracy pomi\u0119dzy narzeczonymi a wedding plannerk\u0105, to ona jest odpowiedzialna za to, \u017ceby poczuli si\u0119 oni wyj\u0105tkowo na swoim weselu.<\/p>\n<\/div>\r\n            <\/div>\r\n    <div class=\"leonardo-image\">\r\n        <img loading=\"lazy\" decoding=\"async\" width=\"1920\" height=\"1280\" src=\"https:\/\/www.koronakarkonoszy.pl\/blog\/wp-content\/uploads\/2022\/02\/markus-winkler-OQ48N5FDW1w-unsplash.jpg\" class=\"attachment-full size-full\" alt=\"\" srcset=\"https:\/\/www.koronakarkonoszy.pl\/blog\/wp-content\/uploads\/2022\/02\/markus-winkler-OQ48N5FDW1w-unsplash.jpg 1920w, https:\/\/www.koronakarkonoszy.pl\/blog\/wp-content\/uploads\/2022\/02\/markus-winkler-OQ48N5FDW1w-unsplash-300x200.jpg 300w, https:\/\/www.koronakarkonoszy.pl\/blog\/wp-content\/uploads\/2022\/02\/markus-winkler-OQ48N5FDW1w-unsplash-1024x683.jpg 1024w, https:\/\/www.koronakarkonoszy.pl\/blog\/wp-content\/uploads\/2022\/02\/markus-winkler-OQ48N5FDW1w-unsplash-768x512.jpg 768w, https:\/\/www.koronakarkonoszy.pl\/blog\/wp-content\/uploads\/2022\/02\/markus-winkler-OQ48N5FDW1w-unsplash-1536x1024.jpg 1536w\" sizes=\"auto, (max-width: 1920px) 100vw, 1920px\" \/>            <\/div>\r\n<\/section>\n\n\n<h3 class=\"wp-block-heading\" id=\"ha-jakie-zadania-mozna-powierzyc-wedding-plannerce\">Jakie zadania mo\u017cna powierzy\u0107 wedding plannerce?<\/h3>\n\n\n\n<p>S\u0105 to przede wszystkim elementy zwi\u0105zane z kwestiami formalnymi oraz wystrojem. Ma ona kontakt z wieloma podwykonawcami, dlatego mo\u017ce zaproponowa\u0107 najlepsze rozwi\u0105zania na <strong>\u015blub w listopadzie<\/strong>. Niezale\u017cnie od tego, jaki motyw przewodni b\u0119dzie obowi\u0105zywa\u0142, znajdzie spos\u00f3b, \u017ceby odpowiednio wyeksponowa\u0107 wszystkie dekoracje.<\/p>\n\n\n\n<p>Dodatkowo jest to osoba, kt\u00f3ra stanowi pierwsz\u0105 lini\u0119 pomocy dla M\u0142odej Pary podczas wesela. Je\u017celi pojawi si\u0119 jakikolwiek problem lub konieczne b\u0119dzie dopracowanie szczeg\u00f3\u0142\u00f3w, to w\u0142a\u015bnie do niej zwr\u00f3c\u0105 si\u0119 wszyscy podwykonawcy, kelnerzy oraz go\u015bcie.<\/p>\n\n\n\n<figure class=\"wp-block-image size-large\"><img loading=\"lazy\" decoding=\"async\" width=\"1024\" height=\"683\" src=\"https:\/\/www.koronakarkonoszy.pl\/blog\/wp-content\/uploads\/2020\/09\/Wesele-Dolny-Slask1-1024x683.jpg\" alt=\"\" class=\"wp-image-2128\" srcset=\"https:\/\/www.koronakarkonoszy.pl\/blog\/wp-content\/uploads\/2020\/09\/Wesele-Dolny-Slask1-1024x683.jpg 1024w, https:\/\/www.koronakarkonoszy.pl\/blog\/wp-content\/uploads\/2020\/09\/Wesele-Dolny-Slask1-300x200.jpg 300w, https:\/\/www.koronakarkonoszy.pl\/blog\/wp-content\/uploads\/2020\/09\/Wesele-Dolny-Slask1-768x512.jpg 768w, https:\/\/www.koronakarkonoszy.pl\/blog\/wp-content\/uploads\/2020\/09\/Wesele-Dolny-Slask1.jpg 1200w\" sizes=\"auto, (max-width: 1024px) 100vw, 1024px\" \/><figcaption class=\"wp-element-caption\"><strong>Sala na wesele, <a href=\"https:\/\/www.koronakarkonoszy.pl\/wesele\/\" target=\"_blank\" rel=\"noreferrer noopener\">Dw\u00f3r Korona Karkonoszy<\/a>, Sosn\u00f3wka k. Karpacza <\/strong><\/figcaption><\/figure>\n\n\n\n<p>Dzi\u0119ki temu zar\u00f3wno Wy, jak r\u00f3wnie\u017c Wasi rodzice mo\u017cecie skupi\u0107 si\u0119 na celebrowaniu tego wyj\u0105tkowego dnia. Na weselach, na kt\u00f3rych nie ma wsparcia ze strony wedding plannerki mo\u017cna zauwa\u017cy\u0107, \u017ce M\u0142oda Para, \u015bwiadkowie oraz rodzice s\u0105 bardzo zm\u0119czeni. Musz\u0105 reagowa\u0107 na wszystkie kryzysowe sytuacje, odpowiednio dzia\u0142a\u0107 oraz dopilnowa\u0107 wszystkich termin\u00f3w i punkt\u00f3w programu. W przypadku zatrudnienia odpowiedniej osoby, to ona odpowiada za wszystkie te elementy.<\/p>\n\n\n\n<p>Jest to szczeg\u00f3lnie polecane w przypadku wesela w listopadzie. Tutaj mo\u017ce zdarzy\u0107 si\u0119, \u017ce jedna z atrakcji oka\u017ce si\u0119 niemo\u017cliwa do zrealizowania lub pogoda zaburzy cz\u0119\u015b\u0107 plan\u00f3w. W\u00f3wczas to wedding plannerka podejmuje decyzje, kt\u00f3re sprawi\u0105, \u017ce Para M\u0142oda b\u0119dzie szcz\u0119\u015bliwa, a go\u015bcie zachwyceni.<\/p>\n\n\n<section id=\"leonardo-block_12a3d4d509d5aef70c867ac69749be33\" class=\"leonardo page-breaker leonardo-image-right\">\r\n    <div class=\"leonardo-body\">\r\n                <div class=\"leonardo-content\"><h3 id=\"ha-wesele-i-slub-w-listopadzie-pelne-inspiracji\">Wesele i \u015blub w listopadzie pe\u0142ne inspiracji<\/h3>\n<p>\u015alub w listopadzie mo\u017cna wzbogaci\u0107 o ciekawy pokaz barma\u0144ski z degustacj\u0105 rozgrzewaj\u0105cych drink\u00f3w czy jesienn\u0105 sesj\u0119 po\u015br\u00f3d malowniczych okoliczno\u015bci przyrody. Mo\u017cliwo\u015bci jest wiele. Warto pu\u015bci\u0107 wodze fantazji, wyj\u015b\u0107 poza utarte schematy i zaplanowa\u0107 co\u015b, czego Para M\u0142oda nie zapomni do ko\u0144ca \u017cycia.<\/p>\n<\/div>\r\n                    <aside class=\"leonardo-interlink\">\r\n                <b>Polecamy<\/b>\r\n                <a href=\"https:\/\/www.koronakarkonoszy.pl\/blog\/de\/4-pory-roku-czyli-sezon-weselny-non-stop\/\">4 pory roku, czyli sezon weselny non stop<\/a>\r\n            <\/aside>\r\n            <\/div>\r\n    <div class=\"leonardo-image\">\r\n        <img loading=\"lazy\" decoding=\"async\" width=\"800\" height=\"534\" src=\"https:\/\/www.koronakarkonoszy.pl\/blog\/wp-content\/uploads\/2021\/07\/slub-w-listopadzie.jpg\" class=\"attachment-full size-full\" alt=\"\u015blub w listopadzie\" srcset=\"https:\/\/www.koronakarkonoszy.pl\/blog\/wp-content\/uploads\/2021\/07\/slub-w-listopadzie.jpg 800w, https:\/\/www.koronakarkonoszy.pl\/blog\/wp-content\/uploads\/2021\/07\/slub-w-listopadzie-300x200.jpg 300w, https:\/\/www.koronakarkonoszy.pl\/blog\/wp-content\/uploads\/2021\/07\/slub-w-listopadzie-768x513.jpg 768w\" sizes=\"auto, (max-width: 800px) 100vw, 800px\" \/>            <\/div>\r\n<\/section>\n\n\n<h3 class=\"wp-block-heading\" id=\"ha-slub-w-listopadzie-zdjecia\">\u015alub w listopadzie \u2013 zdj\u0119cia<\/h3>\n\n\n\n<p>Pami\u0119tajmy, \u017ce jesienne pejza\u017ce stanow\u0105 idealne t\u0142o plenerowej \u015blubnej sesji, nie ma nic pi\u0119kniejszego ni\u017c jesienne kolory. Mieni\u0105ce si\u0119 tysi\u0105cem kolor\u00f3w lasy i parki na tle g\u00f3rskich szczyt\u00f3w gwarantuj\u0105 zachwycaj\u0105ce uj\u0119cia i niepowtarzalny jesienne klimaty. Z pewno\u015bci\u0105 wi\u0119c jesieni\u0105 warto zorganizowa\u0107 wesele w g\u00f3rach. Pi\u0119kne widoki idealnie wsp\u00f3\u0142graj\u0105 z listopadow\u0105 aur\u0105. Wesele jesieni\u0105 b\u0119dzie wyj\u0105tkowo magiczne, romantyczne, inne ni\u017c wszystkie.<\/p>\n\n\n\n<p>Nie zapominajmy tak\u017ce o niesamowitych atrakcjach, jakie oferuje nam po\u0142udniowa Polska. \u015alub w g\u00f3rach to doskona\u0142a okazja do tego, \u017ceby zaprosi\u0107 go\u015bci na koncert prawdziwej g\u00f3ralskiej kapeli. Skoczna muzyka wprawi weselnik\u00f3w w wy\u015bmienity nastr\u00f3j i dostarczy im mn\u00f3stwa niezapomnianych wra\u017ce\u0144.<\/p>\n\n\n<section id=\"leonardo-block_a24d490863a82203c36e81a5176c83a2\" class=\"leonardo page-breaker leonardo-image-right\">\r\n    <div class=\"leonardo-body\">\r\n        <h2 class=\"leonardo-title\" id=\"h-magiczny-czas-wrozb\">Magiczny czas wr\u00f3\u017cb<\/h2>        <div class=\"leonardo-content\"><p>Pragnienie odkrycia tego, co przyniesie przysz\u0142o\u015b\u0107 towarzyszy ludziom od zawsze. Kiedy\u015b Andrzejkowe wr\u00f3\u017cby zarezerwowane by\u0142y dla os\u00f3b stanu wolnego, a wi\u0119c zwykle m\u0142odych. Mo\u017cemy jednak nieco zmodyfikowa\u0107 tradycj\u0119 i uczyni\u0107 z nich intryguj\u0105cy element weselnej zabawy. A przede wszystkim w\u0142\u0105czy\u0107 w ni\u0105 wszystkich go\u015bci, bez wzgl\u0119du na wiek czy stan cywilny. Zw\u0142aszcza \u017ce koniec listopada to tradycyjnie czas ko\u0144cz\u0105cy &#8211; na kilka tygodni &#8211; okres zabaw i ta\u0144c\u00f3w, zgodnie z przys\u0142owiem <em>\u015awi\u0119ta Katarzyna (24.11) klucze pogubi\u0142a. \u015awi\u0119ty Andrzej znalaz\u0142, zamkn\u0105\u0142 skrzypki zaraz (30.11).<\/em> Oczywi\u015bcie nie wierzymy w los odczytany z lanego wosku, rzuconej monety czy jab\u0142kowych obierek, ale dobra zabawa gwarantowana!<\/p>\n<\/div>\r\n                    <aside class=\"leonardo-interlink\">\r\n                <b>Polecamy<\/b>\r\n                <a href=\"https:\/\/www.koronakarkonoszy.pl\/blog\/de\/przesady-slubne-i-weselne\/\">Przes\u0105dy \u015blubne i weselne &#8211; przegl\u0105d<\/a>\r\n            <\/aside>\r\n            <\/div>\r\n    <div class=\"leonardo-image\">\r\n        <img loading=\"lazy\" decoding=\"async\" width=\"1920\" height=\"1280\" src=\"https:\/\/www.koronakarkonoszy.pl\/blog\/wp-content\/uploads\/2021\/08\/Koszyczek-ratunkowy-wesele2.jpg\" class=\"attachment-full size-full\" alt=\"\" srcset=\"https:\/\/www.koronakarkonoszy.pl\/blog\/wp-content\/uploads\/2021\/08\/Koszyczek-ratunkowy-wesele2.jpg 1920w, https:\/\/www.koronakarkonoszy.pl\/blog\/wp-content\/uploads\/2021\/08\/Koszyczek-ratunkowy-wesele2-300x200.jpg 300w, https:\/\/www.koronakarkonoszy.pl\/blog\/wp-content\/uploads\/2021\/08\/Koszyczek-ratunkowy-wesele2-1024x683.jpg 1024w, https:\/\/www.koronakarkonoszy.pl\/blog\/wp-content\/uploads\/2021\/08\/Koszyczek-ratunkowy-wesele2-768x512.jpg 768w, https:\/\/www.koronakarkonoszy.pl\/blog\/wp-content\/uploads\/2021\/08\/Koszyczek-ratunkowy-wesele2-1536x1024.jpg 1536w\" sizes=\"auto, (max-width: 1920px) 100vw, 1920px\" \/>            <\/div>\r\n<\/section>\n\n\n<h3 class=\"wp-block-heading\" id=\"ha-wesele-w-listopadzie-przesady\">Wesele w listopadzie \u2013 przes\u0105dy<\/h3>\n\n\n\n<p>Nie tylko romantyczna otoczka jesieni kusi M\u0142ode Pary. Wynajmuj\u0105c sal\u0119 weseln\u0105, fotografa czy zesp\u00f3\u0142 muzyczny na \u015blub w listopadzie przekonamy si\u0119, \u017ce ceny za te us\u0142ugi s\u0105 du\u017co ni\u017csze ni\u017c w innych miesi\u0105cach. Je\u015bli wi\u0119c dysponujemy ograniczonym bud\u017cetem, jest to bardzo atrakcyjna propozycja. W tym okresie nie ma te\u017c wi\u0119kszych problem\u00f3w z rezerwacj\u0105 terminu \u015blubu ko\u015bcielnego. Nie musimy si\u0119 obawia\u0107, czy wymarzona&nbsp;<a href=\"https:\/\/www.koronakarkonoszy.pl\/sala-balowa\/\" target=\"_blank\" rel=\"noreferrer noopener\">sala balowa<\/a>&nbsp;jest dost\u0119pna, nie musimy zamawia\u0107 jej z rocznym, lub nawet wi\u0119kszym wyprzedzeniem.<\/p>\n\n\n\n<p>Jednak <strong>\u015blub w listopadzie <\/strong>mo\u017ce nie przypa\u015b\u0107 do gustu osobom wierz\u0105cym w przes\u0105dy, gdy\u017c nazwa tego miesi\u0105ca nie posiada przynosz\u0105cej \u2013 podobno? &#8211; szcz\u0119\u015bcie litery \u201er\u201d w swej nazwie. Mimo to nie skre\u015blajmy go od razu ze swoich \u015blubnych plan\u00f3w. Bo przecie\u017c czy ludzie urodzeni w listopadzie s\u0105 mniej szcz\u0119\u015bliwi? Z pewno\u015bci\u0105 nie! Wszystko zale\u017cy od nas, nie od nazwy miesi\u0105ca.<\/p>\n\n\n<section id=\"leonardo-block_d422b29bedb420a3be73c3c56fed4870\" class=\"leonardo page-breaker leonardo-image-left\">\r\n    <div class=\"leonardo-body\">\r\n                <div class=\"leonardo-content\"><h3 id=\"ha-zawsze-jest-dobry-czas-by-powiedziec-tak\">Zawsze jest dobry czas by powiedzie\u0107 TAK!<\/h3>\n<p>Coraz kr\u00f3tsze dni, deszcze i ch\u0142\u00f3d \u2013 mo\u017ce na przek\u00f3r melancholijnej pogodzie warto zorganizowa\u0107 niezapomniany \u015blub w\u0142a\u015bnie listopadzie? Go\u015bcie z pewno\u015bci\u0105 doceni\u0105 ten pe\u0142en rado\u015bci przerywnik w czasie jesiennego spleenu. Poza tym listopad to czas wr\u00f3\u017cb, czas magii \u2013 a czy\u017c mo\u017ce by\u0107 lepsza wr\u00f3\u017cba na \u017cycie ni\u017c powiedzenie sakramentalnego \u201etak\u201d ukochanej osobie?<\/p>\n<\/div>\r\n                    <aside class=\"leonardo-interlink\">\r\n                <b>Polecamy<\/b>\r\n                <a href=\"https:\/\/www.koronakarkonoszy.pl\/blog\/de\/drink-bar-na-wesele\/\">3 pomys\u0142y na drink bar na wesele<\/a>\r\n            <\/aside>\r\n            <\/div>\r\n    <div class=\"leonardo-image\">\r\n        <img loading=\"lazy\" decoding=\"async\" width=\"1024\" height=\"683\" src=\"https:\/\/www.koronakarkonoszy.pl\/blog\/wp-content\/uploads\/2021\/07\/newnewjesienne-wesele.jpg\" class=\"attachment-full size-full\" alt=\"jesienne wesele\" srcset=\"https:\/\/www.koronakarkonoszy.pl\/blog\/wp-content\/uploads\/2021\/07\/newnewjesienne-wesele.jpg 1024w, https:\/\/www.koronakarkonoszy.pl\/blog\/wp-content\/uploads\/2021\/07\/newnewjesienne-wesele-300x200.jpg 300w, https:\/\/www.koronakarkonoszy.pl\/blog\/wp-content\/uploads\/2021\/07\/newnewjesienne-wesele-768x512.jpg 768w\" sizes=\"auto, (max-width: 1024px) 100vw, 1024px\" \/>            <\/div>\r\n<\/section>\n\n\n<p>Spe\u0142niaj\u0105 si\u0119 tylko te przes\u0105dy, w kt\u00f3re sami wierzymy. Czarne koty s\u0105 wspania\u0142e, nie przynosz\u0105 pecha. Podobnie jak brak literki \u201er\u201d w nazwie miesi\u0105ca. W lipcu r\u00f3wnie\u017c nie wyst\u0119puje literka \u201er\u201d, a przecie\u017c to bardzo popularny miesi\u0105c na wesele, wr\u0119cz oblegany przez M\u0142ode Pary. Dlatego mo\u017cecie by\u0107 tymi, kt\u00f3rzy odczaruj\u0105 listopad, ten pi\u0119kny miesi\u0105c. Mo\u017cecie pokaza\u0107, \u017ce organizacja wesela w listopadzie mo\u017ce by\u0107 wspania\u0142ym i od\u015bwie\u017caj\u0105cym pomys\u0142em, przy okazji prezentuj\u0105c swoim go\u015bciom liczne atrakcje, jakie macie im do zaoferowania.<\/p>\n\n\n\n<p>Data \u015blubu nie warunkuje prawdziwej mi\u0142o\u015bci. Prawdziwym testem na mi\u0142o\u015b\u0107 jest w\u0142a\u015bnie wsp\u00f3lne podejmowanie wyzwa\u0144. Mo\u017ce wi\u0119c warto, wbrew stereotypom, zorganizowa\u0107 wesele w nieoczywistym terminie? Sprawdzi\u0107, na jakie kompromisy czy ust\u0119pstwa jeste\u015bmy gotowi p\u00f3j\u015b\u0107, a tak\u017ce na jakie mo\u017cemy liczy\u0107 w nowym otoczeniu. Po \u015blubie wszak rodzina, znajomi i przyjaciele naszej wybranki czy wybranka stan\u0105 si\u0119 tak\u017ce cz\u0119\u015bci\u0105 naszego \u017cycia. I pami\u0119tajmy, \u017ce mi\u0142o\u015b\u0107 to najlepsza wr\u00f3\u017cba, bez wzgl\u0119du na por\u0119 roku!<\/p>\n\n\n\n<figure class=\"wp-block-image size-full\"><img loading=\"lazy\" decoding=\"async\" width=\"800\" height=\"534\" src=\"https:\/\/www.koronakarkonoszy.pl\/blog\/wp-content\/uploads\/2021\/09\/suknia_krysztalki.jpg\" alt=\"suknia kryszta\u0142ki\" class=\"wp-image-1480\" srcset=\"https:\/\/www.koronakarkonoszy.pl\/blog\/wp-content\/uploads\/2021\/09\/suknia_krysztalki.jpg 800w, https:\/\/www.koronakarkonoszy.pl\/blog\/wp-content\/uploads\/2021\/09\/suknia_krysztalki-300x200.jpg 300w, https:\/\/www.koronakarkonoszy.pl\/blog\/wp-content\/uploads\/2021\/09\/suknia_krysztalki-768x513.jpg 768w\" sizes=\"auto, (max-width: 800px) 100vw, 800px\" \/><figcaption class=\"wp-element-caption\"><strong>Wesele w g\u00f3rach,<\/strong> <strong><a href=\"https:\/\/www.koronakarkonoszy.pl\/wesele\/\" target=\"_blank\" rel=\"noreferrer noopener\">Dw\u00f3r Korona Karkonoszy<\/a>, Sosn\u00f3wka k. Karpacza <\/strong><\/figcaption><\/figure>\n\n\n\n<h2 class=\"wp-block-heading\" id=\"ha-zalety-wesela-w-listopadzie\">Zalety wesela w listopadzie<\/h2>\n\n\n\n<p>Mog\u0142oby si\u0119 wydawa\u0107, \u017ce wesele w listopadzie wi\u0105\u017ce si\u0119 z mn\u00f3stwem wyrzecze\u0144, konieczno\u015bci\u0105 wybor\u00f3w oraz kaprysami pogody. Jednak istnieje wiele zalet takiego jesiennego przyj\u0119cia. Jeste\u015bmy pewni, \u017ce niekt\u00f3re ju\u017c wymienili\u015bmy. Jednak teraz chcemy zwr\u00f3ci\u0107 szczeg\u00f3ln\u0105 uwag\u0119 na wszystkie pozytywne aspekty \u015blubu oraz wesela w listopadzie.<\/p>\n\n\n<section id=\"leonardo-block_654a248ebcdb0235cdd2e290b8ccb247\" class=\"leonardo page-breaker leonardo-image-right\">\r\n    <div class=\"leonardo-body\">\r\n                <div class=\"leonardo-content\"><h3 id=\"ha-wesele-w-listopadzie-plusy\">Wesele w listopadzie &#8211; plusy<\/h3>\n<p>Przede wszystkim istnieje niesamowicie wiele mo\u017cliwo\u015bci wykonania pi\u0119knych dekoracji jesiennych. Dynie, kolorowe li\u015bcie czy jesienne ro\u015bliny to doskona\u0142e elementy dekoracyjne. Mog\u0105 one sprawi\u0107, \u017ce nawet klasyczna sala weselna b\u0119dzie prezentowa\u0142a si\u0119 wr\u0119cz bajkowo.<\/p>\n<p>Je\u017celi dodatkowo Para M\u0142oda zdecyduje si\u0119 na wesele w g\u00f3rach, na przyk\u0142ad w Dworze Korona Karkonoszy, z pewno\u015bci\u0105 doceni pi\u0119kno przyrody oraz niesamowicie atrakcyjne elementy zwi\u0105zane z jesieni\u0105.<\/p>\n<\/div>\r\n            <\/div>\r\n    <div class=\"leonardo-image\">\r\n        <img loading=\"lazy\" decoding=\"async\" width=\"1636\" height=\"2560\" src=\"https:\/\/www.koronakarkonoszy.pl\/blog\/wp-content\/uploads\/2022\/02\/elena-mozhvilo-00Blg7SsvqA-unsplash-scaled.jpg\" class=\"attachment-full size-full\" alt=\"\" srcset=\"https:\/\/www.koronakarkonoszy.pl\/blog\/wp-content\/uploads\/2022\/02\/elena-mozhvilo-00Blg7SsvqA-unsplash-scaled.jpg 1636w, https:\/\/www.koronakarkonoszy.pl\/blog\/wp-content\/uploads\/2022\/02\/elena-mozhvilo-00Blg7SsvqA-unsplash-192x300.jpg 192w, https:\/\/www.koronakarkonoszy.pl\/blog\/wp-content\/uploads\/2022\/02\/elena-mozhvilo-00Blg7SsvqA-unsplash-654x1024.jpg 654w, https:\/\/www.koronakarkonoszy.pl\/blog\/wp-content\/uploads\/2022\/02\/elena-mozhvilo-00Blg7SsvqA-unsplash-768x1202.jpg 768w, https:\/\/www.koronakarkonoszy.pl\/blog\/wp-content\/uploads\/2022\/02\/elena-mozhvilo-00Blg7SsvqA-unsplash-1227x1920.jpg 1227w, https:\/\/www.koronakarkonoszy.pl\/blog\/wp-content\/uploads\/2022\/02\/elena-mozhvilo-00Blg7SsvqA-unsplash-982x1536.jpg 982w, https:\/\/www.koronakarkonoszy.pl\/blog\/wp-content\/uploads\/2022\/02\/elena-mozhvilo-00Blg7SsvqA-unsplash-1309x2048.jpg 1309w\" sizes=\"auto, (max-width: 1636px) 100vw, 1636px\" \/>            <\/div>\r\n<\/section>\n\n\n<p>Ka\u017cda sesja zdj\u0119ciowa, kt\u00f3ra powstanie w listopadzie b\u0119dzie wyj\u0105tkowa. Nawet je\u017celi zdarzy si\u0119, \u017ce podczas wesela b\u0119dzie pada\u0142 deszcz lub \u015bnieg, dobry fotograf uchwyci na zdj\u0119ciach Wasze pi\u0119kno oraz szcz\u0119\u015bcie z prze\u017cywania tego wyj\u0105tkowego dnia.<\/p>\n\n\n<section id=\"leonardo-block_e66cc9f3cc8b69e99acd10970aa5dd15\" class=\"leonardo page-breaker leonardo-image-left\">\r\n    <div class=\"leonardo-body\">\r\n                <div class=\"leonardo-content\"><h3 id=\"ha-wesele-w-listopadzie-podwykonawcy\">Wesele w listopadzie &#8211; podwykonawcy<\/h3>\n<p>Skoro o fotografach mowa, kolejn\u0105 zalet\u0105 jest ogromna dost\u0119pno\u015b\u0107 podwykonawc\u00f3w. Nawet je\u017celi jest to najlepszy fotograf w Waszym mie\u015bcie, kt\u00f3ry niemal\u017ce zawsze ma wszystkie terminy zaj\u0119te, z pewno\u015bci\u0105 znajdzie dla Was czas w listopadzie na wesele. Podobnie wygl\u0105da sprawa z orkiestr\u0105 lub DJ-em. Oprawa muzyczna na najwy\u017cszym poziomie gwarantowana!<\/p>\n<p>Przy okazji jako\u015bci zatrudnianych podwykonawc\u00f3w, pojawia si\u0119 kwestia oszcz\u0119dno\u015bci pieni\u0119dzy. Istnieje mo\u017cliwo\u015b\u0107 zap\u0142acenia nawet o kilkana\u015bcie procent mniej za dan\u0105 us\u0142ug\u0119 tylko dlatego, \u017ce wesele jest organizowane w listopadzie. Czy nie brzmi to dla Was jak doskona\u0142y zbieg okoliczno\u015bci? Mo\u017cecie mie\u0107 wspania\u0142e przyj\u0119cie wesele w ni\u017cszej cenie oraz z wi\u0119ksz\u0105 ilo\u015bci\u0105 atrakcji, poniewa\u017c zostan\u0105 Wam pieni\u0105dze, kt\u00f3re zaoszcz\u0119dzicie na sali czy oprawie muzycznej.<\/p>\n<\/div>\r\n                    <aside class=\"leonardo-interlink\">\r\n                <b>Polecamy<\/b>\r\n                <a href=\"https:\/\/www.koronakarkonoszy.pl\/blog\/de\/dworek-na-wesele\/\">Bajkowy dworek na wesele \u2013 jak znale\u017a\u0107 idealny?<\/a>\r\n            <\/aside>\r\n            <\/div>\r\n    <div class=\"leonardo-image\">\r\n        <img loading=\"lazy\" decoding=\"async\" width=\"1920\" height=\"1280\" src=\"https:\/\/www.koronakarkonoszy.pl\/blog\/wp-content\/uploads\/2022\/05\/kamerzysta-na-weselu-1.jpg\" class=\"attachment-full size-full\" alt=\"kamerzysta na weselu: sprz\u0119t\" srcset=\"https:\/\/www.koronakarkonoszy.pl\/blog\/wp-content\/uploads\/2022\/05\/kamerzysta-na-weselu-1.jpg 1920w, https:\/\/www.koronakarkonoszy.pl\/blog\/wp-content\/uploads\/2022\/05\/kamerzysta-na-weselu-1-300x200.jpg 300w, https:\/\/www.koronakarkonoszy.pl\/blog\/wp-content\/uploads\/2022\/05\/kamerzysta-na-weselu-1-1024x683.jpg 1024w, https:\/\/www.koronakarkonoszy.pl\/blog\/wp-content\/uploads\/2022\/05\/kamerzysta-na-weselu-1-768x512.jpg 768w, https:\/\/www.koronakarkonoszy.pl\/blog\/wp-content\/uploads\/2022\/05\/kamerzysta-na-weselu-1-1536x1024.jpg 1536w\" sizes=\"auto, (max-width: 1920px) 100vw, 1920px\" \/>            <\/div>\r\n<\/section>\n\n\n<h2 class=\"wp-block-heading\" id=\"ha-czy-wesele-w-listopadzie-ma-wady\">Czy wesele w listopadzie ma wady?<\/h2>\n\n\n\n<p>Podobnie jak wesele w ka\u017cdym innym miesi\u0105cu, tak samo wesele w listopadzie posiada pewne wady. S\u0105 one zwi\u0105zane przede wszystkim z pogod\u0105. Jak wspominali\u015bmy, w ostatnich latach pogoda nas wr\u0119cz rozpieszcza. Jednak mo\u017ce zdarzy\u0107 si\u0119, \u017ce pogoda zrobi nam psikusa. Dlatego nale\u017cy by\u0107 przygotowanym na ka\u017cd\u0105 ewentualno\u015b\u0107 oraz zaplanowa\u0107 atrakcje oraz elementy g\u0142\u00f3wne przyj\u0119cia na wypadek gorszej pogody.<\/p>\n\n\n\n<style>\n    .cta_block{\n        margin: 1.5em 0;\n    }\n    .cta_block_content {\n        position: relative;\n        color: white;\n        padding: 1em;\n    }\n    .cta_block_content h3{\n        text-align: center;\n        font: normal normal normal 36px\/50px Yeseva One;\n    }\n    .cta_block_content .cta_block_desc{\n        text-align: center;\n        font-size: 1.1em;\n        position: relative;\n    }\n    .cta_block_content .cta_block_desc:before {\n        content: '';\n        width: 80px;\n        height: 4px;\n        background: #EEB315;\n        position: absolute;\n        left: 0;\n        right: 0;\n        margin-left: auto;\n        margin-right: auto;\n        top: -22px;\n    }\n\n    .cta_block_content picture{\n        position: absolute;\n        top: 0;\n        right: 0;\n        z-index: -1;\n        height: 100%;\n        overflow: hidden;\n        width: 100%;\n    }\n    .cta_block_content picture img{\n        object-fit: cover;\n        height: 100%;\n        width: 100%;\n    }\n    .cta_block .cta_block_content .ninja-forms-field{\n        background: #FFFFFF2F;\n        border: 1px solid #EEB315;\n        border-radius: 25px;\n        opacity: 1;\n        color: #ffffff;\n    }\n    .cta_block .cta_block_content .nf-form-content input[type=submit]{\n        background-color: #EEB315;\n        color: #292929;\n        text-align: center;\n        font: normal normal bold 14px\/20px Work Sans;\n        padding: 0 2em;\n    }\n\n    .cta_block ::placeholder{\n        color: white!important;\n        opacity: 1;\n    }\n\n    .cta_block_content::after {\n        height: 100%;\n        width: 100%;\n        content: \"\";\n        z-index: -1;\n        position: absolute;\n        top: 0;\n        background: #00000070;\n        right: 0;\n        left: 0;\n        bottom: 0;\n    }\n    #ha-cta-block, .cta_block_desc, .cta_block .nf-field-label, .cta_block .nf-error-msg {\n        filter: drop-shadow(1px 1px 8px black);\n    }\n\n\/*    .cta_block nf-rows-wrap {\n        display: flex;\n        justify-content: space-around;\n        flex-direction: row;\n    }*\/\n\n    .cta_block .nf-field-label {\n        display:none;\n    }\n\n    .cta_block .nf-error.field-wrap .nf-field-element::after {\n        border-radius: 50px;\n    }\n\n    .cta_block .nf-error-msg {\n        color: #fff;\n    }\n\n    .cta_block .nf-form-cont {\n        margin-top: 3em;\n        margin-bottom: 1em;\n    }\n\n    .wp-admin .cta_block_content{\n        display: none;\n    }\n    .cta_block .nf-form-fields-required {\n        display: none;\n    }\n    body:not(.wp-admin) .cta_block_admin {\n        display: none;\n    }\n<\/style>\n<div id=\"cta_block-block_808a57ff9ac2e1cd5aa4acc446e47e07\" class=\"cta_block\">\n    <div class=\"cta_block_admin\" style=\"background-color: blue; color: white\">\n        Blok CTA\n    <\/div>\n    <div class=\"cta_block\">\n        <div class=\"cta_block_content\">   \n        <h3 id=\"ha-marzycie-o-weselu-w-gorach\">Marzycie o weselu w g\u00f3rach? <\/h3>\n                    <div class=\"cta_block_desc\">Ch\u0119tnie spe\u0142nimy Wasze marzenie\u2665<\/div>\n                <noscript class=\"ninja-forms-noscript-message\">\n\tHinweis: F\u00fcr diesen Inhalt ist JavaScript erforderlich.<\/noscript>\n<div id=\"nf-form-3_1-cont\" class=\"nf-form-cont\" aria-live=\"polite\" aria-labelledby=\"nf-form-title-3_1\" aria-describedby=\"nf-form-errors-3_1\" role=\"form\">\n\n    <div class=\"nf-loading-spinner\"><\/div>\n\n<\/div>\n        <!-- That data is being printed as a workaround to page builders reordering the order of the scripts loaded-->\n        <script>var formDisplay=1;var nfForms=nfForms||[];var form=[];form.id='3_1';form.settings={\"objectType\":\"Form Setting\",\"editActive\":true,\"title\":\"Block CTA\",\"created_at\":\"2022-11-08 16:03:33\",\"default_label_pos\":\"above\",\"show_title\":0,\"clear_complete\":\"1\",\"hide_complete\":\"1\",\"logged_in\":\"\",\"wrapper_class\":\"\",\"element_class\":\"\",\"key\":\"\",\"add_submit\":\"0\",\"changeEmailErrorMsg\":\"Bitte gib eine g\\u00fcltige E-Mail-Adresse ein.\",\"changeDateErrorMsg\":\"Bitte gib ein g\\u00fcltiges Datum ein!\",\"confirmFieldErrorMsg\":\"Diese Felder m\\u00fcssen \\u00fcbereinstimmen!\",\"fieldNumberNumMinError\":\"Die eingegebene Zahl ist zu klein.\",\"fieldNumberNumMaxError\":\"Die eingegebene Zahl ist zu gross.\",\"fieldNumberIncrementBy\":\"Bitte erh\\u00f6hen in Schritten von\",\"formErrorsCorrectErrors\":\"Bitte korrigiere die Fehler, bevor du das Formular sendest.\",\"validateRequiredField\":\"Dies ist ein Pflichtfeld.\",\"honeypotHoneypotError\":\"Honeypot-Fehler\",\"fieldsMarkedRequired\":\"Felder mit einem &lt;span class=&quot;ninja-forms-req-symbol&quot;&gt;*&lt;\\\/span&gt; sind Pflichtfelder\",\"currency\":\"\",\"repeatable_fieldsets\":\"\",\"unique_field_error\":\"Formularz z t\\u0105 warto\\u015bci\\u0105 zosta\\u0142 ju\\u017c przes\\u0142any.\",\"not_logged_in_msg\":\"\",\"sub_limit_msg\":\"Formularz osi\\u0105gn\\u0105\\u0142 limit wys\\u0142a\\u0144.\",\"calculations\":[],\"container_styles_show_advanced_css\":\"0\",\"title_styles_show_advanced_css\":\"0\",\"row_styles_show_advanced_css\":\"0\",\"row-odd_styles_show_advanced_css\":\"0\",\"success-msg_styles_show_advanced_css\":\"0\",\"error_msg_styles_show_advanced_css\":\"0\",\"formContentData\":[{\"order\":1,\"cells\":[{\"order\":0,\"fields\":[\"phone_1640098023980\"],\"width\":35},{\"order\":1,\"fields\":[\"adres_e-mail_1667919839452\"],\"width\":35},{\"order\":2,\"fields\":[\"zapisz_mnie_1667919853255\"],\"width\":30}]}],\"drawerDisabled\":false,\"conditions\":[],\"allow_public_link\":0,\"embed_form\":\"\",\"container_styles_border\":\"\",\"container_styles_height\":\"\",\"container_styles_margin\":\"\",\"container_styles_padding\":\"\",\"container_styles_float\":\"\",\"title_styles_border\":\"\",\"title_styles_height\":\"\",\"title_styles_width\":\"\",\"title_styles_font-size\":\"\",\"title_styles_margin\":\"\",\"title_styles_padding\":\"\",\"title_styles_float\":\"\",\"row_styles_border\":\"\",\"row_styles_width\":\"\",\"row_styles_font-size\":\"\",\"row_styles_margin\":\"\",\"row_styles_padding\":\"\",\"row-odd_styles_border\":\"\",\"row-odd_styles_height\":\"\",\"row-odd_styles_width\":\"\",\"row-odd_styles_font-size\":\"\",\"row-odd_styles_margin\":\"\",\"row-odd_styles_padding\":\"\",\"success-msg_styles_border\":\"\",\"success-msg_styles_height\":\"\",\"success-msg_styles_width\":\"\",\"success-msg_styles_font-size\":\"\",\"success-msg_styles_margin\":\"\",\"success-msg_styles_padding\":\"\",\"error_msg_styles_border\":\"\",\"error_msg_styles_width\":\"\",\"error_msg_styles_font-size\":\"\",\"error_msg_styles_margin\":\"\",\"error_msg_styles_padding\":\"\",\"form_title_heading_level\":\"3\",\"ninjaForms\":\"Ninja Forms\",\"fieldTextareaRTEInsertLink\":\"Link einf\\u00fcgen\",\"fieldTextareaRTEInsertMedia\":\"Medien einf\\u00fcgen\",\"fieldTextareaRTESelectAFile\":\"Eine Datei ausw\\u00e4hlen\",\"formHoneypot\":\"Falls du ein Mensch bist und dieses Feld siehst, dann lasse es bitte leer.\",\"fileUploadOldCodeFileUploadInProgress\":\"Datei-Upload l\\u00e4uft.\",\"fileUploadOldCodeFileUpload\":\"DATEI-UPLOAD\",\"currencySymbol\":\"&#36;\",\"thousands_sep\":\".\",\"decimal_point\":\",\",\"siteLocale\":\"de_DE\",\"dateFormat\":\"m\\\/d\\\/Y\",\"startOfWeek\":\"1\",\"of\":\"von\",\"previousMonth\":\"Vorheriger Monat\",\"nextMonth\":\"N\\u00e4chster Monat\",\"months\":[\"Januar\",\"Februar\",\"M\\u00e4rz\",\"April\",\"Mai\",\"Juni\",\"Juli\",\"August\",\"September\",\"Oktober\",\"November\",\"Dezember\"],\"monthsShort\":[\"Jan.\",\"Feb.\",\"M\\u00e4rz\",\"Apr.\",\"Mai\",\"Juni\",\"Juli\",\"Aug\",\"Sep.\",\"Okt.\",\"Nov.\",\"Dez.\"],\"weekdays\":[\"Sonntag\",\"Montag\",\"Dienstag\",\"Mittwoch\",\"Donnerstag\",\"Freitag\",\"Samstag\"],\"weekdaysShort\":[\"So.\",\"Mo.\",\"Di.\",\"Mi.\",\"Do.\",\"Fr.\",\"Sa.\"],\"weekdaysMin\":[\"So.\",\"Mo.\",\"Di.\",\"Mi.\",\"Do.\",\"Fr.\",\"Sa.\"],\"recaptchaConsentMissing\":\"reCaptcha validation couldn&#039;t load.\",\"recaptchaMissingCookie\":\"reCaptcha v3 validation couldn&#039;t load the cookie needed to submit the form.\",\"recaptchaConsentEvent\":\"Accept reCaptcha cookies before sending the form.\",\"currency_symbol\":\"\",\"beforeForm\":\"\",\"beforeFields\":\"\",\"afterFields\":\"\",\"afterForm\":\"\"};form.fields=[{\"objectType\":\"Field\",\"objectDomain\":\"fields\",\"editActive\":false,\"order\":1,\"idAttribute\":\"id\",\"type\":\"phone\",\"label\":\"Numer telefonu\",\"key\":\"phone_1640098023980\",\"label_pos\":\"above\",\"required\":1,\"default\":\"\",\"placeholder\":\"Numer telefonu\",\"container_class\":\"\",\"element_class\":\"\",\"input_limit\":\"\",\"input_limit_type\":\"characters\",\"input_limit_msg\":\"Liczba pozosta\\u0142ych znak\\u00f3w:\",\"manual_key\":\"\",\"admin_label\":\"\",\"help_text\":\"\",\"mask\":\"\",\"custom_mask\":\"\",\"custom_name_attribute\":\"phone\",\"personally_identifiable\":1,\"wrap_styles_border\":\"\",\"wrap_styles_width\":\"\",\"wrap_styles_margin\":\"\",\"wrap_styles_padding\":\"\",\"wrap_styles_float\":\"\",\"wrap_styles_show_advanced_css\":0,\"label_styles_border\":\"\",\"label_styles_width\":\"\",\"label_styles_font-size\":\"\",\"label_styles_margin\":\"\",\"label_styles_padding\":\"\",\"label_styles_float\":\"\",\"label_styles_show_advanced_css\":0,\"element_styles_border\":\"\",\"element_styles_width\":\"\",\"element_styles_font-size\":\"\",\"element_styles_margin\":\"\",\"element_styles_padding\":\"\",\"element_styles_float\":\"\",\"element_styles_show_advanced_css\":0,\"cellcid\":\"c3386\",\"value\":\"\",\"field_label\":\"Numer telefonu\",\"field_key\":\"phone_1640098023980\",\"drawerDisabled\":false,\"id\":\"8_1\",\"beforeField\":\"\",\"afterField\":\"\",\"parentType\":\"textbox\",\"element_templates\":[\"tel\",\"textbox\",\"input\"],\"old_classname\":\"\",\"wrap_template\":\"wrap\"},{\"objectType\":\"Field\",\"objectDomain\":\"fields\",\"editActive\":false,\"order\":2,\"idAttribute\":\"id\",\"type\":\"email\",\"label\":\"Adres e-mail\",\"key\":\"adres_e-mail_1667919839452\",\"label_pos\":\"above\",\"required\":1,\"default\":\"\",\"placeholder\":\"Adres e-mail\",\"container_class\":\"\",\"element_class\":\"\",\"admin_label\":\"\",\"help_text\":\"\",\"custom_name_attribute\":\"email\",\"personally_identifiable\":1,\"wrap_styles_border\":\"\",\"wrap_styles_width\":\"\",\"wrap_styles_margin\":\"\",\"wrap_styles_padding\":\"\",\"wrap_styles_float\":\"\",\"wrap_styles_show_advanced_css\":0,\"label_styles_border\":\"\",\"label_styles_width\":\"\",\"label_styles_font-size\":\"\",\"label_styles_margin\":\"\",\"label_styles_padding\":\"\",\"label_styles_float\":\"\",\"label_styles_show_advanced_css\":0,\"element_styles_border\":\"\",\"element_styles_width\":\"\",\"element_styles_font-size\":\"\",\"element_styles_margin\":\"\",\"element_styles_padding\":\"\",\"element_styles_float\":\"\",\"element_styles_show_advanced_css\":0,\"cellcid\":\"c3389\",\"value\":\"\",\"drawerDisabled\":false,\"field_label\":\"E-mail\",\"field_key\":\"email_1640098026199\",\"id\":\"9_1\",\"beforeField\":\"\",\"afterField\":\"\",\"parentType\":\"email\",\"element_templates\":[\"email\",\"input\"],\"old_classname\":\"\",\"wrap_template\":\"wrap\"},{\"objectType\":\"Field\",\"objectDomain\":\"fields\",\"editActive\":false,\"order\":3,\"idAttribute\":\"id\",\"type\":\"submit\",\"label\":\"Zapisz mnie\",\"processing_label\":\"W trakcie realizacji\",\"container_class\":\"\",\"element_class\":\"\",\"key\":\"zapisz_mnie_1667919853255\",\"wrap_styles_border\":\"\",\"wrap_styles_width\":\"\",\"wrap_styles_margin\":\"\",\"wrap_styles_padding\":\"\",\"wrap_styles_float\":\"\",\"wrap_styles_show_advanced_css\":0,\"element_styles_border\":\"\",\"element_styles_width\":\"\",\"element_styles_font-size\":\"\",\"element_styles_margin\":\"\",\"element_styles_padding\":\"\",\"element_styles_float\":\"\",\"element_styles_show_advanced_css\":0,\"submit_element_hover_styles_border\":\"\",\"submit_element_hover_styles_width\":\"\",\"submit_element_hover_styles_font-size\":\"\",\"submit_element_hover_styles_margin\":\"\",\"submit_element_hover_styles_padding\":\"\",\"submit_element_hover_styles_float\":\"\",\"submit_element_hover_styles_show_advanced_css\":0,\"cellcid\":\"c3391\",\"drawerDisabled\":false,\"field_label\":\"Zamawiam rozmow\\u0119\",\"field_key\":\"zamawiam_rozmowe_1640098067453\",\"id\":\"10_1\",\"beforeField\":\"\",\"afterField\":\"\",\"value\":\"\",\"label_pos\":\"above\",\"parentType\":\"textbox\",\"element_templates\":[\"submit\",\"button\",\"input\"],\"old_classname\":\"\",\"wrap_template\":\"wrap-no-label\"}];nfForms.push(form);<\/script>\n                <script id=\"nf-tmpl-cell\" type=\"text\/template\">\n            <nf-fields><\/nf-fields>\n        <\/script>\n\n        <script id=\"nf-tmpl-row\" type=\"text\/template\">\n            <nf-cells><\/nf-cells>\n        <\/script>\n\n                <img loading=\"lazy\" decoding=\"async\" width=\"1500\" height=\"705\" src=\"https:\/\/www.koronakarkonoszy.pl\/blog\/wp-content\/uploads\/2022\/06\/Dwor-Korona-Karkonoszy.jpg\" class=\"attachment-full size-full\" alt=\"\" srcset=\"https:\/\/www.koronakarkonoszy.pl\/blog\/wp-content\/uploads\/2022\/06\/Dwor-Korona-Karkonoszy.jpg 1500w, https:\/\/www.koronakarkonoszy.pl\/blog\/wp-content\/uploads\/2022\/06\/Dwor-Korona-Karkonoszy-300x141.jpg 300w, https:\/\/www.koronakarkonoszy.pl\/blog\/wp-content\/uploads\/2022\/06\/Dwor-Korona-Karkonoszy-1024x481.jpg 1024w, https:\/\/www.koronakarkonoszy.pl\/blog\/wp-content\/uploads\/2022\/06\/Dwor-Korona-Karkonoszy-768x361.jpg 768w\" sizes=\"auto, (max-width: 1500px) 100vw, 1500px\" \/>        <\/div> \n    <\/div>\n<\/div>\n\n\n\n<p>Jedn\u0105 z wad mo\u017ce by\u0107 r\u00f3wnie\u017c problem z doborem terminu. Jak ju\u017c wspominali\u015bmy, najlepiej jest nie organizowa\u0107 wesela w okolicach 1 listopada lub Andrzejek. S\u0105 to do\u015b\u0107 problematyczne daty, kiedy frekwencja w\u015br\u00f3d go\u015bci mo\u017ce okaza\u0107 si\u0119 niezadowalaj\u0105ca dla Pary M\u0142odej. Szczeg\u00f3lnie, je\u017celi macie nadziej\u0119 na du\u017ce i huczne wesele.<\/p>\n\n\n\n<p>Je\u017celi tylko posiadacie odpowiednio du\u017co kreatywno\u015bci oraz pomys\u0142\u00f3w na sp\u0119dzenie tego wyj\u0105tkowego wieczoru oraz nocy z bliskimi, z pewno\u015bci\u0105 poradzicie sobie ze wszystkimi problemami, jakie si\u0119 mog\u0105 pojawi\u0107.<\/p>\n\n\n\n<figure class=\"wp-block-image size-large\"><a href=\"https:\/\/www.koronakarkonoszy.pl\/wesele\/\" target=\"_blank\" rel=\"noreferrer noopener\"><img loading=\"lazy\" decoding=\"async\" width=\"1024\" height=\"512\" src=\"https:\/\/www.koronakarkonoszy.pl\/blog\/wp-content\/uploads\/2020\/10\/piekne_wesela_DKK-1024x512.jpg\" alt=\"\" class=\"wp-image-3914\" srcset=\"https:\/\/www.koronakarkonoszy.pl\/blog\/wp-content\/uploads\/2020\/10\/piekne_wesela_DKK-1024x512.jpg 1024w, https:\/\/www.koronakarkonoszy.pl\/blog\/wp-content\/uploads\/2020\/10\/piekne_wesela_DKK-300x150.jpg 300w, https:\/\/www.koronakarkonoszy.pl\/blog\/wp-content\/uploads\/2020\/10\/piekne_wesela_DKK-768x384.jpg 768w, https:\/\/www.koronakarkonoszy.pl\/blog\/wp-content\/uploads\/2020\/10\/piekne_wesela_DKK.jpg 1200w\" sizes=\"auto, (max-width: 1024px) 100vw, 1024px\" \/><\/a><\/figure>\n\n\n\n<p>Je\u015bli rok nie by\u0142 dla Was \u0142askawy, a nat\u0142ok obowi\u0105zk\u00f3w wynikaj\u0105cych z organizacji wesela okaza\u0142 si\u0119 niezwykle m\u0119cz\u0105cy, koniec roku b\u0119dzie idealnym jego zako\u0144czeniem! W takim przypadku dos\u0142ownie odczarujecie ten rok. Pami\u0119tajcie r\u00f3wnie\u017c, \u017ce w listopadzie z pewno\u015bci\u0105 znajdzie si\u0119 wi\u0119cej wolnych termin\u00f3w zar\u00f3wno w sali weselnej, jak i u podwykonawc\u00f3w, a na tym zale\u017cy wielu Parom M\u0142odym!<\/p>\n","protected":false},"excerpt":{"rendered":"<p>Listopad jest jednym z mniej popularnych miesi\u0119cy w\u015br\u00f3d os\u00f3b planuj\u0105cych \u015blub. M\u0142ode Pary cz\u0119sto nie bior\u0105 go w og\u00f3le pod uwag\u0119, wychodz\u0105c z za\u0142o\u017cenia, \u017ce listopadowy \u015blub nie brzmi zbyt optymistycznie. Czy s\u0142usznie? Aby odpowiedzie\u0107 na to pytanie, przyjrzyjmy si\u0119 zaletom i wadom, jakie niesie ze sob\u0105 wesele w listopadzie. Wesele w listopadzie &#8211; na [&hellip;]<\/p>\n","protected":false},"author":11,"featured_media":939,"comment_status":"closed","ping_status":"closed","sticky":false,"template":"","format":"standard","meta":{"_acf_changed":false,"footnotes":""},"categories":[16,2,13],"class_list":["post-934","post","type-post","status-publish","format-standard","has-post-thumbnail","hentry","category-kiedy-wesele","category-porady","category-wesele-jesien"],"acf":[],"yoast_head":"<!-- This site is optimized with the Yoast SEO plugin v27.5 - https:\/\/yoast.com\/product\/yoast-seo-wordpress\/ -->\n<title>Wesele w listopadzie - czy warto? - :: Blog weselny<\/title>\n<meta name=\"description\" content=\"Przyjrzyjmy si\u0119 zaletom i wadom, jakie niesie ze sob\u0105 wesele w listopadzie. Dlaczego Pary M\u0142ode powinny wzi\u0105\u0107 ten miesi\u0105c pod uwag\u0119?\" \/>\n<meta name=\"robots\" content=\"index, follow, max-snippet:-1, max-image-preview:large, max-video-preview:-1\" \/>\n<link rel=\"canonical\" href=\"https:\/\/www.koronakarkonoszy.pl\/blog\/de\/hochzeit-im-november-lohnt-sich-das\/\" \/>\n<meta property=\"og:locale\" content=\"de_DE\" \/>\n<meta property=\"og:type\" content=\"article\" \/>\n<meta property=\"og:title\" content=\"Wesele w listopadzie - czy warto? - :: Blog weselny\" \/>\n<meta property=\"og:description\" content=\"Przyjrzyjmy si\u0119 zaletom i wadom, jakie niesie ze sob\u0105 wesele w listopadzie. Dlaczego Pary M\u0142ode powinny wzi\u0105\u0107 ten miesi\u0105c pod uwag\u0119?\" \/>\n<meta property=\"og:url\" content=\"https:\/\/www.koronakarkonoszy.pl\/blog\/de\/hochzeit-im-november-lohnt-sich-das\/\" \/>\n<meta property=\"og:site_name\" content=\":: Blog weselny\" \/>\n<meta property=\"article:published_time\" content=\"2023-11-14T14:52:00+00:00\" \/>\n<meta property=\"article:modified_time\" content=\"2023-12-05T19:42:03+00:00\" \/>\n<meta property=\"og:image\" content=\"https:\/\/www.koronakarkonoszy.pl\/blog\/wp-content\/uploads\/2021\/07\/wesele-listopad.jpg\" \/>\n\t<meta property=\"og:image:width\" content=\"1024\" \/>\n\t<meta property=\"og:image:height\" content=\"683\" \/>\n\t<meta property=\"og:image:type\" content=\"image\/jpeg\" \/>\n<meta name=\"author\" content=\"agnieszka\" \/>\n<meta name=\"twitter:card\" content=\"summary_large_image\" \/>\n<meta name=\"twitter:label1\" content=\"Verfasst von\" \/>\n\t<meta name=\"twitter:data1\" content=\"agnieszka\" \/>\n\t<meta name=\"twitter:label2\" content=\"Gesch\u00e4tzte Lesezeit\" \/>\n\t<meta name=\"twitter:data2\" content=\"18\u00a0Minuten\" \/>\n<script type=\"application\/ld+json\" class=\"yoast-schema-graph\">{\"@context\":\"https:\\\/\\\/schema.org\",\"@graph\":[{\"@type\":\"Article\",\"@id\":\"https:\\\/\\\/www.koronakarkonoszy.pl\\\/blog\\\/wesele-w-listopadzie-czy-warto\\\/#article\",\"isPartOf\":{\"@id\":\"https:\\\/\\\/www.koronakarkonoszy.pl\\\/blog\\\/wesele-w-listopadzie-czy-warto\\\/\"},\"author\":{\"name\":\"agnieszka\",\"@id\":\"https:\\\/\\\/www.koronakarkonoszy.pl\\\/blog\\\/#\\\/schema\\\/person\\\/ec8c88bd01ebe6cbf6a16435ce22276f\"},\"headline\":\"Wesele w listopadzie &#8211; czy warto?\",\"datePublished\":\"2023-11-14T14:52:00+00:00\",\"dateModified\":\"2023-12-05T19:42:03+00:00\",\"mainEntityOfPage\":{\"@id\":\"https:\\\/\\\/www.koronakarkonoszy.pl\\\/blog\\\/wesele-w-listopadzie-czy-warto\\\/\"},\"wordCount\":3095,\"image\":{\"@id\":\"https:\\\/\\\/www.koronakarkonoszy.pl\\\/blog\\\/wesele-w-listopadzie-czy-warto\\\/#primaryimage\"},\"thumbnailUrl\":\"https:\\\/\\\/www.koronakarkonoszy.pl\\\/blog\\\/wp-content\\\/uploads\\\/2021\\\/07\\\/wesele-listopad.jpg\",\"articleSection\":[\"Kiedy wesele\",\"Porady\",\"Wesele jesie\u0144\"],\"inLanguage\":\"de\"},{\"@type\":\"WebPage\",\"@id\":\"https:\\\/\\\/www.koronakarkonoszy.pl\\\/blog\\\/wesele-w-listopadzie-czy-warto\\\/\",\"url\":\"https:\\\/\\\/www.koronakarkonoszy.pl\\\/blog\\\/wesele-w-listopadzie-czy-warto\\\/\",\"name\":\"Wesele w listopadzie - czy warto? - :: Blog weselny\",\"isPartOf\":{\"@id\":\"https:\\\/\\\/www.koronakarkonoszy.pl\\\/blog\\\/#website\"},\"primaryImageOfPage\":{\"@id\":\"https:\\\/\\\/www.koronakarkonoszy.pl\\\/blog\\\/wesele-w-listopadzie-czy-warto\\\/#primaryimage\"},\"image\":{\"@id\":\"https:\\\/\\\/www.koronakarkonoszy.pl\\\/blog\\\/wesele-w-listopadzie-czy-warto\\\/#primaryimage\"},\"thumbnailUrl\":\"https:\\\/\\\/www.koronakarkonoszy.pl\\\/blog\\\/wp-content\\\/uploads\\\/2021\\\/07\\\/wesele-listopad.jpg\",\"datePublished\":\"2023-11-14T14:52:00+00:00\",\"dateModified\":\"2023-12-05T19:42:03+00:00\",\"author\":{\"@id\":\"https:\\\/\\\/www.koronakarkonoszy.pl\\\/blog\\\/#\\\/schema\\\/person\\\/ec8c88bd01ebe6cbf6a16435ce22276f\"},\"description\":\"Przyjrzyjmy si\u0119 zaletom i wadom, jakie niesie ze sob\u0105 wesele w listopadzie. Dlaczego Pary M\u0142ode powinny wzi\u0105\u0107 ten miesi\u0105c pod uwag\u0119?\",\"breadcrumb\":{\"@id\":\"https:\\\/\\\/www.koronakarkonoszy.pl\\\/blog\\\/wesele-w-listopadzie-czy-warto\\\/#breadcrumb\"},\"inLanguage\":\"de\",\"potentialAction\":[{\"@type\":\"ReadAction\",\"target\":[\"https:\\\/\\\/www.koronakarkonoszy.pl\\\/blog\\\/wesele-w-listopadzie-czy-warto\\\/\"]}]},{\"@type\":\"ImageObject\",\"inLanguage\":\"de\",\"@id\":\"https:\\\/\\\/www.koronakarkonoszy.pl\\\/blog\\\/wesele-w-listopadzie-czy-warto\\\/#primaryimage\",\"url\":\"https:\\\/\\\/www.koronakarkonoszy.pl\\\/blog\\\/wp-content\\\/uploads\\\/2021\\\/07\\\/wesele-listopad.jpg\",\"contentUrl\":\"https:\\\/\\\/www.koronakarkonoszy.pl\\\/blog\\\/wp-content\\\/uploads\\\/2021\\\/07\\\/wesele-listopad.jpg\",\"width\":1024,\"height\":683,\"caption\":\"wesele listopad\"},{\"@type\":\"BreadcrumbList\",\"@id\":\"https:\\\/\\\/www.koronakarkonoszy.pl\\\/blog\\\/wesele-w-listopadzie-czy-warto\\\/#breadcrumb\",\"itemListElement\":[{\"@type\":\"ListItem\",\"position\":1,\"name\":\"Strona g\u0142\u00f3wna\",\"item\":\"https:\\\/\\\/www.koronakarkonoszy.pl\\\/blog\\\/\"},{\"@type\":\"ListItem\",\"position\":2,\"name\":\"Wesele w listopadzie &#8211; czy warto?\"}]},{\"@type\":\"WebSite\",\"@id\":\"https:\\\/\\\/www.koronakarkonoszy.pl\\\/blog\\\/#website\",\"url\":\"https:\\\/\\\/www.koronakarkonoszy.pl\\\/blog\\\/\",\"name\":\":: Blog weselny\",\"description\":\"Blog weselny Dw\u00f3r Korona Karkonoszy\",\"potentialAction\":[{\"@type\":\"SearchAction\",\"target\":{\"@type\":\"EntryPoint\",\"urlTemplate\":\"https:\\\/\\\/www.koronakarkonoszy.pl\\\/blog\\\/?s={search_term_string}\"},\"query-input\":{\"@type\":\"PropertyValueSpecification\",\"valueRequired\":true,\"valueName\":\"search_term_string\"}}],\"inLanguage\":\"de\"},{\"@type\":\"Person\",\"@id\":\"https:\\\/\\\/www.koronakarkonoszy.pl\\\/blog\\\/#\\\/schema\\\/person\\\/ec8c88bd01ebe6cbf6a16435ce22276f\",\"name\":\"agnieszka\",\"image\":{\"@type\":\"ImageObject\",\"inLanguage\":\"de\",\"@id\":\"https:\\\/\\\/www.koronakarkonoszy.pl\\\/blog\\\/wp-content\\\/litespeed\\\/avatar\\\/53ee7b676463f74d0aea1a09de3d003b.jpg?ver=1777438794\",\"url\":\"https:\\\/\\\/www.koronakarkonoszy.pl\\\/blog\\\/wp-content\\\/litespeed\\\/avatar\\\/53ee7b676463f74d0aea1a09de3d003b.jpg?ver=1777438794\",\"contentUrl\":\"https:\\\/\\\/www.koronakarkonoszy.pl\\\/blog\\\/wp-content\\\/litespeed\\\/avatar\\\/53ee7b676463f74d0aea1a09de3d003b.jpg?ver=1777438794\",\"caption\":\"agnieszka\"},\"url\":\"https:\\\/\\\/www.koronakarkonoszy.pl\\\/blog\\\/de\\\/author\\\/agnieszka\\\/\"}]}<\/script>\n<!-- \/ Yoast SEO plugin. -->","yoast_head_json":{"title":"Hochzeit im November \u2013 lohnt sich das? - :: Hochzeitsblog","description":"Werfen wir einen Blick auf die Vor- und Nachteile einer Hochzeit im November. Warum sollten junge Paare diesen Monat ber\u00fccksichtigen?","robots":{"index":"index","follow":"follow","max-snippet":"max-snippet:-1","max-image-preview":"max-image-preview:large","max-video-preview":"max-video-preview:-1"},"canonical":"https:\/\/www.koronakarkonoszy.pl\/blog\/de\/hochzeit-im-november-lohnt-sich-das\/","og_locale":"de_DE","og_type":"article","og_title":"Wesele w listopadzie - czy warto? - :: Blog weselny","og_description":"Przyjrzyjmy si\u0119 zaletom i wadom, jakie niesie ze sob\u0105 wesele w listopadzie. Dlaczego Pary M\u0142ode powinny wzi\u0105\u0107 ten miesi\u0105c pod uwag\u0119?","og_url":"https:\/\/www.koronakarkonoszy.pl\/blog\/de\/hochzeit-im-november-lohnt-sich-das\/","og_site_name":":: Blog weselny","article_published_time":"2023-11-14T14:52:00+00:00","article_modified_time":"2023-12-05T19:42:03+00:00","og_image":[{"width":1024,"height":683,"url":"https:\/\/www.koronakarkonoszy.pl\/blog\/wp-content\/uploads\/2021\/07\/wesele-listopad.jpg","type":"image\/jpeg"}],"author":"agnieszka","twitter_card":"summary_large_image","twitter_misc":{"Verfasst von":"agnieszka","Gesch\u00e4tzte Lesezeit":"18\u00a0Minuten"},"schema":{"@context":"https:\/\/schema.org","@graph":[{"@type":"Article","@id":"https:\/\/www.koronakarkonoszy.pl\/blog\/wesele-w-listopadzie-czy-warto\/#article","isPartOf":{"@id":"https:\/\/www.koronakarkonoszy.pl\/blog\/wesele-w-listopadzie-czy-warto\/"},"author":{"name":"agnieszka","@id":"https:\/\/www.koronakarkonoszy.pl\/blog\/#\/schema\/person\/ec8c88bd01ebe6cbf6a16435ce22276f"},"headline":"Wesele w listopadzie &#8211; czy warto?","datePublished":"2023-11-14T14:52:00+00:00","dateModified":"2023-12-05T19:42:03+00:00","mainEntityOfPage":{"@id":"https:\/\/www.koronakarkonoszy.pl\/blog\/wesele-w-listopadzie-czy-warto\/"},"wordCount":3095,"image":{"@id":"https:\/\/www.koronakarkonoszy.pl\/blog\/wesele-w-listopadzie-czy-warto\/#primaryimage"},"thumbnailUrl":"https:\/\/www.koronakarkonoszy.pl\/blog\/wp-content\/uploads\/2021\/07\/wesele-listopad.jpg","articleSection":["Kiedy wesele","Porady","Wesele jesie\u0144"],"inLanguage":"de"},{"@type":"WebPage","@id":"https:\/\/www.koronakarkonoszy.pl\/blog\/wesele-w-listopadzie-czy-warto\/","url":"https:\/\/www.koronakarkonoszy.pl\/blog\/wesele-w-listopadzie-czy-warto\/","name":"Hochzeit im November \u2013 lohnt sich das? - :: Hochzeitsblog","isPartOf":{"@id":"https:\/\/www.koronakarkonoszy.pl\/blog\/#website"},"primaryImageOfPage":{"@id":"https:\/\/www.koronakarkonoszy.pl\/blog\/wesele-w-listopadzie-czy-warto\/#primaryimage"},"image":{"@id":"https:\/\/www.koronakarkonoszy.pl\/blog\/wesele-w-listopadzie-czy-warto\/#primaryimage"},"thumbnailUrl":"https:\/\/www.koronakarkonoszy.pl\/blog\/wp-content\/uploads\/2021\/07\/wesele-listopad.jpg","datePublished":"2023-11-14T14:52:00+00:00","dateModified":"2023-12-05T19:42:03+00:00","author":{"@id":"https:\/\/www.koronakarkonoszy.pl\/blog\/#\/schema\/person\/ec8c88bd01ebe6cbf6a16435ce22276f"},"description":"Werfen wir einen Blick auf die Vor- und Nachteile einer Hochzeit im November. Warum sollten junge Paare diesen Monat ber\u00fccksichtigen?","breadcrumb":{"@id":"https:\/\/www.koronakarkonoszy.pl\/blog\/wesele-w-listopadzie-czy-warto\/#breadcrumb"},"inLanguage":"de","potentialAction":[{"@type":"ReadAction","target":["https:\/\/www.koronakarkonoszy.pl\/blog\/wesele-w-listopadzie-czy-warto\/"]}]},{"@type":"ImageObject","inLanguage":"de","@id":"https:\/\/www.koronakarkonoszy.pl\/blog\/wesele-w-listopadzie-czy-warto\/#primaryimage","url":"https:\/\/www.koronakarkonoszy.pl\/blog\/wp-content\/uploads\/2021\/07\/wesele-listopad.jpg","contentUrl":"https:\/\/www.koronakarkonoszy.pl\/blog\/wp-content\/uploads\/2021\/07\/wesele-listopad.jpg","width":1024,"height":683,"caption":"wesele listopad"},{"@type":"BreadcrumbList","@id":"https:\/\/www.koronakarkonoszy.pl\/blog\/wesele-w-listopadzie-czy-warto\/#breadcrumb","itemListElement":[{"@type":"ListItem","position":1,"name":"Strona g\u0142\u00f3wna","item":"https:\/\/www.koronakarkonoszy.pl\/blog\/"},{"@type":"ListItem","position":2,"name":"Wesele w listopadzie &#8211; czy warto?"}]},{"@type":"WebSite","@id":"https:\/\/www.koronakarkonoszy.pl\/blog\/#website","url":"https:\/\/www.koronakarkonoszy.pl\/blog\/","name":":: Hochzeitsblog","description":"Hochzeitsblog Dw\u00f3r Korona Karkonosze","potentialAction":[{"@type":"SearchAction","target":{"@type":"EntryPoint","urlTemplate":"https:\/\/www.koronakarkonoszy.pl\/blog\/?s={search_term_string}"},"query-input":{"@type":"PropertyValueSpecification","valueRequired":true,"valueName":"search_term_string"}}],"inLanguage":"de"},{"@type":"Person","@id":"https:\/\/www.koronakarkonoszy.pl\/blog\/#\/schema\/person\/ec8c88bd01ebe6cbf6a16435ce22276f","name":"Agnes","image":{"@type":"ImageObject","inLanguage":"de","@id":"https:\/\/www.koronakarkonoszy.pl\/blog\/wp-content\/litespeed\/avatar\/53ee7b676463f74d0aea1a09de3d003b.jpg?ver=1777438794","url":"https:\/\/www.koronakarkonoszy.pl\/blog\/wp-content\/litespeed\/avatar\/53ee7b676463f74d0aea1a09de3d003b.jpg?ver=1777438794","contentUrl":"https:\/\/www.koronakarkonoszy.pl\/blog\/wp-content\/litespeed\/avatar\/53ee7b676463f74d0aea1a09de3d003b.jpg?ver=1777438794","caption":"agnieszka"},"url":"https:\/\/www.koronakarkonoszy.pl\/blog\/de\/author\/agnieszka\/"}]}},"_links":{"self":[{"href":"https:\/\/www.koronakarkonoszy.pl\/blog\/de\/wp-json\/wp\/v2\/posts\/934","targetHints":{"allow":["GET"]}}],"collection":[{"href":"https:\/\/www.koronakarkonoszy.pl\/blog\/de\/wp-json\/wp\/v2\/posts"}],"about":[{"href":"https:\/\/www.koronakarkonoszy.pl\/blog\/de\/wp-json\/wp\/v2\/types\/post"}],"author":[{"embeddable":true,"href":"https:\/\/www.koronakarkonoszy.pl\/blog\/de\/wp-json\/wp\/v2\/users\/11"}],"replies":[{"embeddable":true,"href":"https:\/\/www.koronakarkonoszy.pl\/blog\/de\/wp-json\/wp\/v2\/comments?post=934"}],"version-history":[{"count":0,"href":"https:\/\/www.koronakarkonoszy.pl\/blog\/de\/wp-json\/wp\/v2\/posts\/934\/revisions"}],"wp:featuredmedia":[{"embeddable":true,"href":"https:\/\/www.koronakarkonoszy.pl\/blog\/de\/wp-json\/wp\/v2\/media\/939"}],"wp:attachment":[{"href":"https:\/\/www.koronakarkonoszy.pl\/blog\/de\/wp-json\/wp\/v2\/media?parent=934"}],"wp:term":[{"taxonomy":"category","embeddable":true,"href":"https:\/\/www.koronakarkonoszy.pl\/blog\/de\/wp-json\/wp\/v2\/categories?post=934"}],"curies":[{"name":"wp","href":"https:\/\/api.w.org\/{rel}","templated":true}]}}