{"id":843,"date":"2021-01-05T21:47:27","date_gmt":"2021-01-05T20:47:27","guid":{"rendered":"https:\/\/www.koronakarkonoszy.pl\/blog\/?p=843"},"modified":"2023-02-09T19:42:21","modified_gmt":"2023-02-09T18:42:21","slug":"wie-man-sich-im-sommer-fur-eine-hochzeit-kleidet","status":"publish","type":"post","link":"https:\/\/www.koronakarkonoszy.pl\/blog\/de\/jak-sie-ubrac-na-wesele-latem\/","title":{"rendered":"So kleiden Sie sich f\u00fcr eine Sommerhochzeit"},"content":{"rendered":"\n<p><strong>Lato to najpopularniejszy okres na \u015bluby i wesela. Wysokie temperatury kusz\u0105 nas, aby przywdzia\u0107 zwiewne stroje i kr\u00f3tkie sukienki. Jednak ten wyj\u0105tkowy dzie\u0144 rz\u0105dzi si\u0119 swoimi prawami, kt\u00f3re nie zawsze s\u0105 zgodne z letni\u0105 mod\u0105. Jaki si\u0119 ubra\u0107 na wesele latem, aby czu\u0107 si\u0119 komfortowo, a przy tym nie pope\u0142ni\u0107 faux pas?<\/strong><\/p>\n\n\n<div id=\"ariadna-block_618d670a8b1a0\" class=\"ariadna\">\r\n    <ul><li><a href=\"#ha-dlaczego-wesela-latem-sa-najbardziej-popularne\">Dlaczego wesela latem s\u0105 najbardziej popularne?<\/a><\/li><li><a href=\"#ha-sukienka-na-wesele-latem\">Sukienka na wesele latem<\/a><\/li><li><a href=\"#ha-jak-sie-ubrac-na-wesele-latem\">Jak si\u0119 ubra\u0107 na wesele latem?<\/a><\/li><li><a href=\"#ha-planujecie-weselem-latem\">Planujecie weselem latem?<\/a><\/li><li><a href=\"#ha-tkanina-jak-sie-ubrac-na-wesele-latem\">Tkanina \u2013 jak si\u0119 ubra\u0107 na wesele latem?<\/a><\/li><li><a href=\"#ha-wesele-latem-a-styl-uroczystosci\">Wesele latem a styl uroczysto\u015bci<\/a><\/li><li><a href=\"#ha-jak-ubrac-dzieci-na-wesele-latem\">Jak ubra\u0107 dzieci na wesele latem?\u00a0<\/a><\/li><\/ul>\r\n<\/div>\r\n\r\n\r\n\r\n\n\n\n<h2 class=\"wp-block-heading\" id=\"ha-dlaczego-wesela-latem-sa-najbardziej-popularne\">Dlaczego wesela latem s\u0105 najbardziej popularne?<\/h2>\n\n\n\n<p>Letni\u0105 por\u0105 odbywa si\u0119 najwi\u0119cej wesel. Oczywi\u015bcie wszystko wynika z tego, \u017ce tak\u0105 tradycj\u0119 przyj\u0119li\u015bmy i wiele M\u0142odych Par wybiera terminy w tym okresie w\u0142a\u015bnie ze wzgl\u0119du na cz\u0142onk\u00f3w rodziny starszego pokolenia. Poszanowanie dla tradycji nie idzie jednak w parze z oszcz\u0119dno\u015bci\u0105. Bowiem wesele organizowane jesieni\u0105, wiosn\u0105, a nawet zim\u0105, mo\u017ce przynie\u015b\u0107 nam wi\u0119cej po\u017cytku. Bowiem ceny sal weselnych oraz podwykonawc\u00f3w s\u0105 zdecydowanie bardziej korzystne. Ponadto okres letni ma to do siebie, \u017ce terminy w tym czasie s\u0105 mocno oblegane. Sal\u0119 trzeba rezerwowa\u0107 nawet dwa lata wcze\u015bniej. Poza tym okresem mo\u017cemy zatem przebiera\u0107 w terminach. Je\u015bli ju\u017c zdecydujemy si\u0119 na wesele latem, powinni\u015bmy zastanowi\u0107 si\u0119 nad ubiorem. Co za\u0142o\u017cy\u0107, aby by\u0142o nie tylko pi\u0119knie, ale te\u017c wygodnie?<\/p>\n\n\n\n<h2 class=\"wp-block-heading\" id=\"ha-sukienka-na-wesele-latem\">Sukienka na wesele latem<\/h2>\n\n\n\n<p>Szykuj\u0105c si\u0119 na letnie wesele, powinni\u015bmy pami\u0119ta\u0107 o kilku zasadach. Po pierwsze, aby uszanowa\u0107 wyj\u0105tkowy charakter tej uroczysto\u015bci, nasz str\u00f3j powinien by\u0107 elegancki i niezbyt krzykliwy. Sukienki i kostiumy powinny si\u0119ga\u0107 przynajmniej do kolan, co jest szczeg\u00f3lnie istotne w przypadku \u015blub\u00f3w ko\u015bcielnych. Ceremonia taka narzuca pewne wymogi co do stroju, zw\u0142aszcza pa\u0144. Odkryte plecy i ramiona lub mocno wyci\u0119ty dekolt s\u0105 \u015bwietne na lato, jednak zbyt wyzywaj\u0105ce dla uroczysto\u015bci ko\u015bcielnej. Z pomoc\u0105 przyjd\u0105 nam dodatki i akcesoria. Stylowa narzutka czy woalka przywdziana na czas \u015blubu pozwoli \u0142atwo dostosowa\u0107 nasz str\u00f3j do tych restrykcji. Panna M\u0142oda tak\u017ce powinna o tym pami\u0119ta\u0107 i na do\u015b\u0107 odkryt\u0105 sukni\u0119 \u015blubn\u0105, przywdzia\u0107 szal lub narzutk\u0119 tiulow\u0105.<\/p>\n\n\n<section id=\"leonardo-block_618d673e8b1a1\" class=\"leonardo page-breaker leonardo-image-left\">\r\n    <div class=\"leonardo-body\">\r\n                <div class=\"leonardo-content\"><p>Natomiast je\u015bli chodzi o Pan\u00f3w, sprawa nie jest tak jednoznaczna. Ze wzgl\u0119du na og\u00f3lnie przyj\u0119te zasady savoir-vivre, m\u0119\u017cczy\u017ani na takich uroczysto\u015bciach powinni by\u0107 przyodziani w garnitur. Je\u015bli uroczysto\u015b\u0107 zaczyna si\u0119 wieczorem, mo\u017ce to by\u0107 tak\u017ce smoking. Problem pojawia si\u0119 wtedy, je\u015bli na dworze jest upa\u0142, a m\u0119\u017cczyzna grzeje si\u0119 w odzieniu.<\/p>\n<p>Czy wypada zdj\u0105\u0107 marynark\u0119 od garnituru? Zasady jasno m\u00f3wi\u0105, \u017ce marynarka nie powinna by\u0107 zdj\u0119ta na przyj\u0119ciu bez uprzedniego zapytania Pa\u0144, czy pozwol\u0105, \u017ceby m\u0119\u017cczyzna j\u0105 zdj\u0105\u0142. Ponadto warto zaczeka\u0107, a\u017c pierwszy marynark\u0119 zdejmie Pan M\u0142ody. W\u00f3wczas to znak, \u017ce wesele nabiera mniej formalnego charakteru. Bowiem ta\u0144ce na parkiecie, w grubej ci\u0119\u017ckiej marynarce, nie nale\u017c\u0105 do przyjemnych. Przecie\u017c powinni\u015bmy czu\u0107 si\u0119 elegancko, ale tak\u017ce wygodnie.<\/p>\n<\/div>\r\n                    <aside class=\"leonardo-interlink\">\r\n                <b>Polecamy<\/b>\r\n                <a href=\"https:\/\/www.koronakarkonoszy.pl\/blog\/de\/sezon-slubny\/\">Gor\u0105cy sezon \u015blubny, czyli kiedy najlepiej zorganizowa\u0107 wesele?<\/a>\r\n            <\/aside>\r\n            <\/div>\r\n    <div class=\"leonardo-image\">\r\n        <img loading=\"lazy\" decoding=\"async\" width=\"1024\" height=\"683\" src=\"https:\/\/www.koronakarkonoszy.pl\/blog\/wp-content\/uploads\/2021\/01\/Jak-sie-ubrac-na-wesele-latem2.jpg\" class=\"attachment-full size-full\" alt=\"\" srcset=\"https:\/\/www.koronakarkonoszy.pl\/blog\/wp-content\/uploads\/2021\/01\/Jak-sie-ubrac-na-wesele-latem2.jpg 1024w, https:\/\/www.koronakarkonoszy.pl\/blog\/wp-content\/uploads\/2021\/01\/Jak-sie-ubrac-na-wesele-latem2-300x200.jpg 300w, https:\/\/www.koronakarkonoszy.pl\/blog\/wp-content\/uploads\/2021\/01\/Jak-sie-ubrac-na-wesele-latem2-768x512.jpg 768w\" sizes=\"auto, (max-width: 1024px) 100vw, 1024px\" \/>            <\/div>\r\n<\/section>\n\n\n<h2 class=\"wp-block-heading\" id=\"ha-jak-sie-ubrac-na-wesele-latem\">Jak si\u0119 ubra\u0107 na wesele latem?<\/h2>\n\n\n\n<p>Pod wzgl\u0119dem kolorystyki stroju, letnie wesela nie r\u00f3\u017cni\u0105 si\u0119 radykalnie od reszty. Panie powinny unika\u0107 koloru bia\u0142ego, kt\u00f3ry zarezerwowany jest dla Panny M\u0142odej, a tak\u017ce czarnego, kt\u00f3ry kojarzy si\u0119 z \u017ca\u0142ob\u0105. Bardzo jasne i czarne sukienki s\u0105 jednak dopuszczalne, je\u015bli skompletujemy je z kolorowymi dodatkami \u2013 paskiem, torebk\u0105, butami i bi\u017cuteri\u0105. Jak dodaje ekspert weselny Joanna Hoc-Kopiej: \u201eJe\u015bli wesele lub poprawiny odbywaj\u0105 si\u0119 na \u015bwie\u017cym powietrzu, \u015bwietnym uzupe\u0142nieniem stroju b\u0119dzie stylowy kapelusz, kt\u00f3ry ochroni nas przed s\u0142o\u0144cem\u201d.<\/p>\n\n\n<section id=\"ctaninja-block_618d685d8b1a3\" class=\"ctaninja\">\r\n    <div class=\"ctaninja-body\">\r\n        <h2 class=\"h1\" id=\"ha-planujecie-weselem-latem\">Planujecie weselem latem?<\/h2>\r\n        <p>Ju\u017c dzi\u015b zarezerwujcie sal\u0119 i wybierzcie dogodny termin \u2665<\/p>\r\n        <div class=\"nf-container\">\r\n            <noscript class=\"ninja-forms-noscript-message\">\n\tHinweis: F\u00fcr diesen Inhalt ist JavaScript erforderlich.<\/noscript>\n<div id=\"nf-form-1-cont\" class=\"nf-form-cont\" aria-live=\"polite\" aria-labelledby=\"nf-form-title-1\" aria-describedby=\"nf-form-errors-1\" role=\"form\">\n\n    <div class=\"nf-loading-spinner\"><\/div>\n\n<\/div>\n        <!-- That data is being printed as a workaround to page builders reordering the order of the scripts loaded-->\n        <script>var formDisplay=1;var nfForms=nfForms||[];var form=[];form.id='1';form.settings={\"objectType\":\"Form Setting\",\"editActive\":\"\",\"title\":\"Contact Me\",\"key\":\"\",\"created_at\":\"2021-05-31 16:57:05\",\"default_label_pos\":\"above\",\"conditions\":[],\"show_title\":\"1\",\"clear_complete\":\"1\",\"hide_complete\":\"1\",\"wrapper_class\":\"\",\"element_class\":\"\",\"add_submit\":\"1\",\"logged_in\":\"\",\"not_logged_in_msg\":\"\",\"sub_limit_number\":\"\",\"sub_limit_msg\":\"\",\"calculations\":[],\"formContentData\":[{\"order\":1,\"cells\":[{\"order\":0,\"fields\":[\"email\"],\"width\":50},{\"order\":1,\"fields\":[\"wyslij_1640001513358\"],\"width\":50}]}],\"container_styles_background-color\":\"\",\"container_styles_border\":\"\",\"container_styles_border-style\":\"\",\"container_styles_border-color\":\"\",\"container_styles_color\":\"\",\"container_styles_height\":\"\",\"container_styles_width\":\"\",\"container_styles_font-size\":\"\",\"container_styles_margin\":\"\",\"container_styles_padding\":\"\",\"container_styles_display\":\"\",\"container_styles_float\":\"\",\"container_styles_show_advanced_css\":\"0\",\"container_styles_advanced\":\"\",\"title_styles_background-color\":\"\",\"title_styles_border\":\"\",\"title_styles_border-style\":\"\",\"title_styles_border-color\":\"\",\"title_styles_color\":\"\",\"title_styles_height\":\"\",\"title_styles_width\":\"\",\"title_styles_font-size\":\"\",\"title_styles_margin\":\"\",\"title_styles_padding\":\"\",\"title_styles_display\":\"\",\"title_styles_float\":\"\",\"title_styles_show_advanced_css\":\"0\",\"title_styles_advanced\":\"\",\"row_styles_background-color\":\"\",\"row_styles_border\":\"\",\"row_styles_border-style\":\"\",\"row_styles_border-color\":\"\",\"row_styles_color\":\"\",\"row_styles_height\":\"\",\"row_styles_width\":\"\",\"row_styles_font-size\":\"\",\"row_styles_margin\":\"\",\"row_styles_padding\":\"\",\"row_styles_display\":\"\",\"row_styles_show_advanced_css\":\"0\",\"row_styles_advanced\":\"\",\"row-odd_styles_background-color\":\"\",\"row-odd_styles_border\":\"\",\"row-odd_styles_border-style\":\"\",\"row-odd_styles_border-color\":\"\",\"row-odd_styles_color\":\"\",\"row-odd_styles_height\":\"\",\"row-odd_styles_width\":\"\",\"row-odd_styles_font-size\":\"\",\"row-odd_styles_margin\":\"\",\"row-odd_styles_padding\":\"\",\"row-odd_styles_display\":\"\",\"row-odd_styles_show_advanced_css\":\"0\",\"row-odd_styles_advanced\":\"\",\"success-msg_styles_background-color\":\"\",\"success-msg_styles_border\":\"\",\"success-msg_styles_border-style\":\"\",\"success-msg_styles_border-color\":\"\",\"success-msg_styles_color\":\"\",\"success-msg_styles_height\":\"\",\"success-msg_styles_width\":\"\",\"success-msg_styles_font-size\":\"\",\"success-msg_styles_margin\":\"\",\"success-msg_styles_padding\":\"\",\"success-msg_styles_display\":\"\",\"success-msg_styles_show_advanced_css\":\"0\",\"success-msg_styles_advanced\":\"\",\"error_msg_styles_background-color\":\"\",\"error_msg_styles_border\":\"\",\"error_msg_styles_border-style\":\"\",\"error_msg_styles_border-color\":\"\",\"error_msg_styles_color\":\"\",\"error_msg_styles_height\":\"\",\"error_msg_styles_width\":\"\",\"error_msg_styles_font-size\":\"\",\"error_msg_styles_margin\":\"\",\"error_msg_styles_padding\":\"\",\"error_msg_styles_display\":\"\",\"error_msg_styles_show_advanced_css\":\"0\",\"error_msg_styles_advanced\":\"\",\"allow_public_link\":0,\"embed_form\":\"\",\"currency\":\"\",\"repeatable_fieldsets\":\"\",\"unique_field_error\":\"Formularz z t\\u0105 warto\\u015bci\\u0105 zosta\\u0142 ju\\u017c przes\\u0142any.\",\"ninjaForms\":\"Ninja Forms\",\"changeEmailErrorMsg\":\"Bitte gib eine g\\u00fcltige E-Mail-Adresse ein.\",\"changeDateErrorMsg\":\"Bitte gib ein g\\u00fcltiges Datum ein!\",\"confirmFieldErrorMsg\":\"Diese Felder m\\u00fcssen \\u00fcbereinstimmen!\",\"fieldNumberNumMinError\":\"Die eingegebene Zahl ist zu klein.\",\"fieldNumberNumMaxError\":\"Die eingegebene Zahl ist zu gross.\",\"fieldNumberIncrementBy\":\"Bitte erh\\u00f6hen in Schritten von\",\"fieldTextareaRTEInsertLink\":\"Link einf\\u00fcgen\",\"fieldTextareaRTEInsertMedia\":\"Medien einf\\u00fcgen\",\"fieldTextareaRTESelectAFile\":\"Eine Datei ausw\\u00e4hlen\",\"formErrorsCorrectErrors\":\"Bitte korrigiere die Fehler, bevor du das Formular sendest.\",\"formHoneypot\":\"Falls du ein Mensch bist und dieses Feld siehst, dann lasse es bitte leer.\",\"validateRequiredField\":\"Dies ist ein Pflichtfeld.\",\"honeypotHoneypotError\":\"Honeypot-Fehler\",\"fileUploadOldCodeFileUploadInProgress\":\"Datei-Upload l\\u00e4uft.\",\"fileUploadOldCodeFileUpload\":\"DATEI-UPLOAD\",\"currencySymbol\":\"&#36;\",\"fieldsMarkedRequired\":\"Felder mit einem <span class=\\\"ninja-forms-req-symbol\\\">*<\\\/span> sind Pflichtfelder\",\"thousands_sep\":\".\",\"decimal_point\":\",\",\"siteLocale\":\"de_DE\",\"dateFormat\":\"m\\\/d\\\/Y\",\"startOfWeek\":\"1\",\"of\":\"von\",\"previousMonth\":\"Vorheriger Monat\",\"nextMonth\":\"N\\u00e4chster Monat\",\"months\":[\"Januar\",\"Februar\",\"M\\u00e4rz\",\"April\",\"Mai\",\"Juni\",\"Juli\",\"August\",\"September\",\"Oktober\",\"November\",\"Dezember\"],\"monthsShort\":[\"Jan.\",\"Feb.\",\"M\\u00e4rz\",\"Apr.\",\"Mai\",\"Juni\",\"Juli\",\"Aug\",\"Sep.\",\"Okt.\",\"Nov.\",\"Dez.\"],\"weekdays\":[\"Sonntag\",\"Montag\",\"Dienstag\",\"Mittwoch\",\"Donnerstag\",\"Freitag\",\"Samstag\"],\"weekdaysShort\":[\"So.\",\"Mo.\",\"Di.\",\"Mi.\",\"Do.\",\"Fr.\",\"Sa.\"],\"weekdaysMin\":[\"So.\",\"Mo.\",\"Di.\",\"Mi.\",\"Do.\",\"Fr.\",\"Sa.\"],\"recaptchaConsentMissing\":\"reCaptcha validation couldn&#039;t load.\",\"recaptchaMissingCookie\":\"reCaptcha v3 validation couldn&#039;t load the cookie needed to submit the form.\",\"recaptchaConsentEvent\":\"Accept reCaptcha cookies before sending the form.\",\"currency_symbol\":\"\",\"beforeForm\":\"\",\"beforeFields\":\"\",\"afterFields\":\"\",\"afterForm\":\"\"};form.fields=[{\"objectType\":\"Field\",\"objectDomain\":\"fields\",\"editActive\":false,\"order\":1,\"idAttribute\":\"id\",\"label\":\"Email\",\"key\":\"email\",\"type\":\"email\",\"created_at\":\"2021-05-31 16:57:06\",\"label_pos\":\"above\",\"required\":1,\"placeholder\":\"Podaj maila, skontaktujemy si\\u0119 z Tob\\u0105\",\"default\":\"\",\"wrapper_class\":\"\",\"element_class\":\"\",\"container_class\":\"\",\"admin_label\":\"\",\"help_text\":\"\",\"desc_text\":\"\",\"wrap_styles_background-color\":\"\",\"wrap_styles_border\":\"\",\"wrap_styles_border-style\":\"\",\"wrap_styles_border-color\":\"\",\"wrap_styles_color\":\"\",\"wrap_styles_height\":\"\",\"wrap_styles_width\":\"\",\"wrap_styles_font-size\":\"\",\"wrap_styles_margin\":\"\",\"wrap_styles_padding\":\"\",\"wrap_styles_display\":\"\",\"wrap_styles_float\":\"\",\"wrap_styles_show_advanced_css\":0,\"wrap_styles_advanced\":\"\",\"label_styles_background-color\":\"\",\"label_styles_border\":\"\",\"label_styles_border-style\":\"\",\"label_styles_border-color\":\"\",\"label_styles_color\":\"\",\"label_styles_height\":\"\",\"label_styles_width\":\"\",\"label_styles_font-size\":\"\",\"label_styles_margin\":\"\",\"label_styles_padding\":\"\",\"label_styles_display\":\"\",\"label_styles_float\":\"\",\"label_styles_show_advanced_css\":0,\"label_styles_advanced\":\"\",\"element_styles_background-color\":\"\",\"element_styles_border\":\"\",\"element_styles_border-style\":\"\",\"element_styles_border-color\":\"\",\"element_styles_color\":\"\",\"element_styles_height\":\"\",\"element_styles_width\":\"\",\"element_styles_font-size\":\"\",\"element_styles_margin\":\"\",\"element_styles_padding\":\"\",\"element_styles_display\":\"\",\"element_styles_float\":\"\",\"element_styles_show_advanced_css\":0,\"element_styles_advanced\":\"\",\"cellcid\":\"c3375\",\"custom_name_attribute\":\"email\",\"personally_identifiable\":1,\"value\":\"\",\"drawerDisabled\":false,\"id\":2,\"beforeField\":\"\",\"afterField\":\"\",\"parentType\":\"email\",\"element_templates\":[\"email\",\"input\"],\"old_classname\":\"\",\"wrap_template\":\"wrap\"},{\"objectType\":\"Field\",\"objectDomain\":\"fields\",\"editActive\":false,\"order\":2,\"idAttribute\":\"id\",\"label\":\"Wy\\u015blij\",\"key\":\"wyslij_1640001513358\",\"type\":\"submit\",\"created_at\":\"2021-05-31 16:57:06\",\"processing_label\":\"Wysy\\u0142anie...\",\"container_class\":\"\",\"element_class\":\"\",\"wrap_styles_background-color\":\"\",\"wrap_styles_border\":\"\",\"wrap_styles_border-style\":\"\",\"wrap_styles_border-color\":\"\",\"wrap_styles_color\":\"\",\"wrap_styles_height\":\"\",\"wrap_styles_width\":\"\",\"wrap_styles_font-size\":\"\",\"wrap_styles_margin\":\"\",\"wrap_styles_padding\":\"\",\"wrap_styles_display\":\"\",\"wrap_styles_float\":\"\",\"wrap_styles_show_advanced_css\":0,\"wrap_styles_advanced\":\"\",\"label_styles_background-color\":\"\",\"label_styles_border\":\"\",\"label_styles_border-style\":\"\",\"label_styles_border-color\":\"\",\"label_styles_color\":\"\",\"label_styles_height\":\"\",\"label_styles_width\":\"\",\"label_styles_font-size\":\"\",\"label_styles_margin\":\"\",\"label_styles_padding\":\"\",\"label_styles_display\":\"\",\"label_styles_float\":\"\",\"label_styles_show_advanced_css\":0,\"label_styles_advanced\":\"\",\"element_styles_background-color\":\"\",\"element_styles_border\":\"\",\"element_styles_border-style\":\"\",\"element_styles_border-color\":\"\",\"element_styles_color\":\"\",\"element_styles_height\":\"\",\"element_styles_width\":\"\",\"element_styles_font-size\":\"\",\"element_styles_margin\":\"\",\"element_styles_padding\":\"\",\"element_styles_display\":\"\",\"element_styles_float\":\"\",\"element_styles_show_advanced_css\":0,\"element_styles_advanced\":\"\",\"submit_element_hover_styles_background-color\":\"\",\"submit_element_hover_styles_border\":\"\",\"submit_element_hover_styles_border-style\":\"\",\"submit_element_hover_styles_border-color\":\"\",\"submit_element_hover_styles_color\":\"\",\"submit_element_hover_styles_height\":\"\",\"submit_element_hover_styles_width\":\"\",\"submit_element_hover_styles_font-size\":\"\",\"submit_element_hover_styles_margin\":\"\",\"submit_element_hover_styles_padding\":\"\",\"submit_element_hover_styles_display\":\"\",\"submit_element_hover_styles_float\":\"\",\"submit_element_hover_styles_show_advanced_css\":0,\"submit_element_hover_styles_advanced\":\"\",\"cellcid\":\"c3378\",\"drawerDisabled\":false,\"id\":4,\"beforeField\":\"\",\"afterField\":\"\",\"value\":\"\",\"label_pos\":\"above\",\"parentType\":\"textbox\",\"element_templates\":[\"submit\",\"button\",\"input\"],\"old_classname\":\"\",\"wrap_template\":\"wrap-no-label\"}];nfForms.push(form);<\/script>\n                <script id=\"nf-tmpl-cell\" type=\"text\/template\">\n            <nf-fields><\/nf-fields>\n        <\/script>\n\n        <script id=\"nf-tmpl-row\" type=\"text\/template\">\n            <nf-cells><\/nf-cells>\n        <\/script>\n\n                <\/div>\r\n    <\/div>\r\n    <div class=\"ctaninja-onm ctaninja-onm-1 rbg\"><\/div>\r\n    <div class=\"ctaninja-onm ctaninja-onm-2 rbg\"><\/div>\r\n<\/section>\n\n\n<p>Je\u015bli chodzi o ubi\u00f3r pan\u00f3w, to zasady s\u0105 tu dosy\u0107 proste \u2013 wymagana jest koszula, najlepiej z d\u0142ugim r\u0119kawem oraz marynarka. Oczywi\u015bcie dotyczy to uroczysto\u015bci za\u015blubin \u2013 podczas samego wesela mo\u017cemy zrzuci\u0107 wierzchnie okrycie i podwin\u0105\u0107 r\u0119kawy. Klasycznym po\u0142\u0105czeniem jest ciemniejsza marynarka i jasna, pastelowa koszula, ale w tym zakresie panowie maj\u0105 spore pole do popisu.<\/p>\n\n\n\n<h2 class=\"wp-block-heading\" id=\"ha-tkanina-jak-sie-ubrac-na-wesele-latem\">Tkanina \u2013 jak si\u0119 ubra\u0107 na wesele latem?<\/h2>\n\n\n\n<p>Wa\u017cn\u0105 kwesti\u0105 jest tak\u017ce materia\u0142 i kr\u00f3j naszego ubioru. Powinien by\u0107 on zwiewny i lekki, \u015bwietnie sprawdz\u0105 si\u0119 wi\u0119c takie materia\u0142y jak len, bawe\u0142na, tiul i koronki. Doskona\u0142y jest tak\u017ce jedwab, jednak warto pami\u0119ta\u0107, \u017ce jest on bardzo wra\u017cliwy na dzia\u0142anie promieni s\u0142onecznych.<\/p>\n\n\n<section id=\"leonardo-block_618d67bb8b1a2\" class=\"leonardo page-breaker leonardo-image-right\">\r\n    <div class=\"leonardo-body\">\r\n                <div class=\"leonardo-content\"><p>Latem bardzo modne s\u0105 wszelkie wzory kwiatowe i ro\u015blinne. Sprawdz\u0105 si\u0119 tak\u017ce stroje z falbanami, po\u0142yskuj\u0105cymi dodatkami, koronkami itp. \u2013 oczywi\u015bcie wszystko gustownie i ze smakiem. Nie zapominajmy te\u017c, \u017ce nie musimy i\u015b\u0107 na wesele w sukience! Odpowiednio dobrane spodnie czy elegancki kostium b\u0119d\u0105 prezentowa\u0107 si\u0119 r\u00f3wnie efektownie. Ostatnimi czasy bardzo modne s\u0105 tak\u017ce kombinezony dla Pa\u0144. To gustowny, a zarazem nieco oryginalny str\u00f3j. Kombinezon jest bardzo wygodny i zakrywa to, czego nie chcemy pokazywa\u0107. Pami\u0119tajmy, \u017ceby jego kolor by\u0142 jednak dopasowany do uroczysto\u015bci.<\/p>\n<\/div>\r\n                    <aside class=\"leonardo-interlink\">\r\n                <b>Polecamy<\/b>\r\n                <a href=\"https:\/\/www.koronakarkonoszy.pl\/blog\/de\/program-wesela\/\">Program wesela krok po kroku<\/a>\r\n            <\/aside>\r\n            <\/div>\r\n    <div class=\"leonardo-image\">\r\n        <img loading=\"lazy\" decoding=\"async\" width=\"1024\" height=\"683\" src=\"https:\/\/www.koronakarkonoszy.pl\/blog\/wp-content\/uploads\/2021\/01\/Jak-sie-ubrac-na-wesele-latem.jpg\" class=\"attachment-full size-full\" alt=\"\" srcset=\"https:\/\/www.koronakarkonoszy.pl\/blog\/wp-content\/uploads\/2021\/01\/Jak-sie-ubrac-na-wesele-latem.jpg 1024w, https:\/\/www.koronakarkonoszy.pl\/blog\/wp-content\/uploads\/2021\/01\/Jak-sie-ubrac-na-wesele-latem-300x200.jpg 300w, https:\/\/www.koronakarkonoszy.pl\/blog\/wp-content\/uploads\/2021\/01\/Jak-sie-ubrac-na-wesele-latem-768x512.jpg 768w\" sizes=\"auto, (max-width: 1024px) 100vw, 1024px\" \/>            <\/div>\r\n<\/section>\n\n\n<h2 class=\"wp-block-heading\" id=\"ha-wesele-latem-a-styl-uroczystosci\">Wesele latem a styl uroczysto\u015bci<\/h2>\n\n\n\n<p>Jako go\u015bcie pami\u0119tajmy, \u017ce styl&nbsp;<a href=\"https:\/\/www.koronakarkonoszy.pl\/sala-weselna\/\" target=\"_blank\" rel=\"noreferrer noopener\">wesela<\/a>&nbsp;ustala Para M\u0142oda. Je\u015bli \u017cyczy sobie ona, aby go\u015bcie dopasowali si\u0119 do wystroju sali i motywu przewodniego uroczysto\u015bci, warto p\u00f3j\u015b\u0107 im na r\u0119k\u0119. W ko\u0144cu to ich jedyny, wymarzony dzie\u0144. Sprawmy im przyjemno\u015b\u0107 i wybierzmy taki ubi\u00f3r, kt\u00f3ry wpisze si\u0119 w ten styl.<\/p>\n\n\n\n<p>Je\u015bli na weselu kr\u00f3luje styl boho, warto przyodzia\u0107 sukienk\u0119 z koronki lub z fr\u0119dzlami. Popularny ostatnio styl rustykalny jest \u015bwietn\u0105 okazj\u0105 do wybrania bardziej przewiewnych, oddychaj\u0105cych stroj\u00f3w. \u015awietn\u0105 propozycj\u0105 na wesele w takim stylu b\u0119dzie koszula i szelki lub koszula, kamizelka oraz marynarka. Wz\u00f3r w krat\u0119 ociepli wizerunek, a jednocze\u015bnie doskonale wpisze si\u0119 w oczekiwany przez Par\u0119 M\u0142od\u0105 motyw uroczysto\u015bci.<\/p>\n\n\n\n<h2 class=\"wp-block-heading\" id=\"ha-jak-ubrac-dzieci-na-wesele-latem\">Jak ubra\u0107 dzieci na wesele latem?\u00a0<\/h2>\n\n\n\n<p>Gdy na przyj\u0119ciu weselnym maj\u0105 pojawi\u0107 si\u0119 dzieci, warto zadba\u0107 r\u00f3wnie\u017c o ten wyj\u0105tkowy aspekt. Stawiajmy na dobre materia\u0142y \u2013 sk\u00f3ra dziecka jest delikatna, szczeg\u00f3lnie podczas upa\u0142\u00f3w. We\u017amy pod uwag\u0119, \u017ce maluchy s\u0105 w ci\u0105g\u0142ym ruchu i potrzebuj\u0105 wygodnych stroj\u00f3w. Dlatego nie warto zak\u0142ada\u0107 dziewczynkom ci\u0119\u017ckich sukienek, a ch\u0142opcom pe\u0142nych garnitur\u00f3w. Wystarczy znale\u017a\u0107 lekk\u0105 sukienk\u0119 z tiulem, a dla ch\u0142opca poszuka\u0107 designerskiej koszuli, kt\u00f3ra \u015bwietnie skomponuje si\u0119 z trampkami. W stosunku do dzieci nie musimy by\u0107 tak bardzo radykalni. Etykieta nie wymaga od dzieci tak wielu po\u015bwi\u0119ce\u0144 \u2013 one rz\u0105dz\u0105 si\u0119 swoimi prawami. Ma by\u0107 \u0142adnie, elegancko, ale tak\u017ce wygodnie. Pami\u0119tajmy \u2013 w stylizacjach letnich warto postawi\u0107 na dodatki!<\/p>\n","protected":false},"excerpt":{"rendered":"<p>Lato to najpopularniejszy okres na \u015bluby i wesela. Wysokie temperatury kusz\u0105 nas, aby przywdzia\u0107 zwiewne stroje i kr\u00f3tkie sukienki. Jednak ten wyj\u0105tkowy dzie\u0144 rz\u0105dzi si\u0119 swoimi prawami, kt\u00f3re nie zawsze s\u0105 zgodne z letni\u0105 mod\u0105. Jaki si\u0119 ubra\u0107 na wesele latem, aby czu\u0107 si\u0119 komfortowo, a przy tym nie pope\u0142ni\u0107 faux pas? Dlaczego wesela latem [&hellip;]<\/p>\n","protected":false},"author":11,"featured_media":849,"comment_status":"closed","ping_status":"closed","sticky":false,"template":"","format":"standard","meta":{"_acf_changed":false,"footnotes":""},"categories":[16,8,12],"class_list":["post-843","post","type-post","status-publish","format-standard","has-post-thumbnail","hentry","category-kiedy-wesele","category-stylizacje","category-wesele-lato"],"acf":[],"yoast_head":"<!-- This site is optimized with the Yoast SEO plugin v27.5 - https:\/\/yoast.com\/product\/yoast-seo-wordpress\/ -->\n<title>Jak si\u0119 ubra\u0107 na wesele latem? - :: Blog weselny<\/title>\n<meta name=\"description\" content=\"Jaki si\u0119 ubra\u0107 na wesele latem, aby czu\u0107 si\u0119 komfortowo, a przy tym nie pope\u0142ni\u0107 faux pas? Podpowiadamy na co zwr\u00f3ci\u0107 uwag\u0119 i dobrze si\u0119 bawi\u0107\" \/>\n<meta name=\"robots\" content=\"index, follow, max-snippet:-1, max-image-preview:large, max-video-preview:-1\" \/>\n<link rel=\"canonical\" href=\"https:\/\/www.koronakarkonoszy.pl\/blog\/de\/wie-man-sich-im-sommer-fur-eine-hochzeit-kleidet\/\" \/>\n<meta property=\"og:locale\" content=\"de_DE\" \/>\n<meta property=\"og:type\" content=\"article\" \/>\n<meta property=\"og:title\" content=\"Jak si\u0119 ubra\u0107 na wesele latem? - :: Blog weselny\" \/>\n<meta property=\"og:description\" content=\"Jaki si\u0119 ubra\u0107 na wesele latem, aby czu\u0107 si\u0119 komfortowo, a przy tym nie pope\u0142ni\u0107 faux pas? Podpowiadamy na co zwr\u00f3ci\u0107 uwag\u0119 i dobrze si\u0119 bawi\u0107\" \/>\n<meta property=\"og:url\" content=\"https:\/\/www.koronakarkonoszy.pl\/blog\/de\/wie-man-sich-im-sommer-fur-eine-hochzeit-kleidet\/\" \/>\n<meta property=\"og:site_name\" content=\":: Blog weselny\" \/>\n<meta property=\"article:published_time\" content=\"2021-01-05T20:47:27+00:00\" \/>\n<meta property=\"article:modified_time\" content=\"2023-02-09T18:42:21+00:00\" \/>\n<meta property=\"og:image\" content=\"https:\/\/www.koronakarkonoszy.pl\/blog\/wp-content\/uploads\/2021\/07\/jaki_stroj_na_wesele.jpg\" \/>\n\t<meta property=\"og:image:width\" content=\"1024\" \/>\n\t<meta property=\"og:image:height\" content=\"683\" \/>\n\t<meta property=\"og:image:type\" content=\"image\/jpeg\" \/>\n<meta name=\"author\" content=\"agnieszka\" \/>\n<meta name=\"twitter:card\" content=\"summary_large_image\" \/>\n<meta name=\"twitter:label1\" content=\"Verfasst von\" \/>\n\t<meta name=\"twitter:data1\" content=\"agnieszka\" \/>\n\t<meta name=\"twitter:label2\" content=\"Gesch\u00e4tzte Lesezeit\" \/>\n\t<meta name=\"twitter:data2\" content=\"4\u00a0Minuten\" \/>\n<script type=\"application\/ld+json\" class=\"yoast-schema-graph\">{\"@context\":\"https:\\\/\\\/schema.org\",\"@graph\":[{\"@type\":\"Article\",\"@id\":\"https:\\\/\\\/www.koronakarkonoszy.pl\\\/blog\\\/jak-sie-ubrac-na-wesele-latem\\\/#article\",\"isPartOf\":{\"@id\":\"https:\\\/\\\/www.koronakarkonoszy.pl\\\/blog\\\/jak-sie-ubrac-na-wesele-latem\\\/\"},\"author\":{\"name\":\"agnieszka\",\"@id\":\"https:\\\/\\\/www.koronakarkonoszy.pl\\\/blog\\\/#\\\/schema\\\/person\\\/ec8c88bd01ebe6cbf6a16435ce22276f\"},\"headline\":\"Jak si\u0119 ubra\u0107 na wesele latem?\",\"datePublished\":\"2021-01-05T20:47:27+00:00\",\"dateModified\":\"2023-02-09T18:42:21+00:00\",\"mainEntityOfPage\":{\"@id\":\"https:\\\/\\\/www.koronakarkonoszy.pl\\\/blog\\\/jak-sie-ubrac-na-wesele-latem\\\/\"},\"wordCount\":843,\"image\":{\"@id\":\"https:\\\/\\\/www.koronakarkonoszy.pl\\\/blog\\\/jak-sie-ubrac-na-wesele-latem\\\/#primaryimage\"},\"thumbnailUrl\":\"https:\\\/\\\/www.koronakarkonoszy.pl\\\/blog\\\/wp-content\\\/uploads\\\/2021\\\/07\\\/jaki_stroj_na_wesele.jpg\",\"articleSection\":[\"Kiedy wesele\",\"Stylizacje\",\"Wesele lato\"],\"inLanguage\":\"de\"},{\"@type\":\"WebPage\",\"@id\":\"https:\\\/\\\/www.koronakarkonoszy.pl\\\/blog\\\/jak-sie-ubrac-na-wesele-latem\\\/\",\"url\":\"https:\\\/\\\/www.koronakarkonoszy.pl\\\/blog\\\/jak-sie-ubrac-na-wesele-latem\\\/\",\"name\":\"Jak si\u0119 ubra\u0107 na wesele latem? - :: Blog weselny\",\"isPartOf\":{\"@id\":\"https:\\\/\\\/www.koronakarkonoszy.pl\\\/blog\\\/#website\"},\"primaryImageOfPage\":{\"@id\":\"https:\\\/\\\/www.koronakarkonoszy.pl\\\/blog\\\/jak-sie-ubrac-na-wesele-latem\\\/#primaryimage\"},\"image\":{\"@id\":\"https:\\\/\\\/www.koronakarkonoszy.pl\\\/blog\\\/jak-sie-ubrac-na-wesele-latem\\\/#primaryimage\"},\"thumbnailUrl\":\"https:\\\/\\\/www.koronakarkonoszy.pl\\\/blog\\\/wp-content\\\/uploads\\\/2021\\\/07\\\/jaki_stroj_na_wesele.jpg\",\"datePublished\":\"2021-01-05T20:47:27+00:00\",\"dateModified\":\"2023-02-09T18:42:21+00:00\",\"author\":{\"@id\":\"https:\\\/\\\/www.koronakarkonoszy.pl\\\/blog\\\/#\\\/schema\\\/person\\\/ec8c88bd01ebe6cbf6a16435ce22276f\"},\"description\":\"Jaki si\u0119 ubra\u0107 na wesele latem, aby czu\u0107 si\u0119 komfortowo, a przy tym nie pope\u0142ni\u0107 faux pas? Podpowiadamy na co zwr\u00f3ci\u0107 uwag\u0119 i dobrze si\u0119 bawi\u0107\",\"breadcrumb\":{\"@id\":\"https:\\\/\\\/www.koronakarkonoszy.pl\\\/blog\\\/jak-sie-ubrac-na-wesele-latem\\\/#breadcrumb\"},\"inLanguage\":\"de\",\"potentialAction\":[{\"@type\":\"ReadAction\",\"target\":[\"https:\\\/\\\/www.koronakarkonoszy.pl\\\/blog\\\/jak-sie-ubrac-na-wesele-latem\\\/\"]}]},{\"@type\":\"ImageObject\",\"inLanguage\":\"de\",\"@id\":\"https:\\\/\\\/www.koronakarkonoszy.pl\\\/blog\\\/jak-sie-ubrac-na-wesele-latem\\\/#primaryimage\",\"url\":\"https:\\\/\\\/www.koronakarkonoszy.pl\\\/blog\\\/wp-content\\\/uploads\\\/2021\\\/07\\\/jaki_stroj_na_wesele.jpg\",\"contentUrl\":\"https:\\\/\\\/www.koronakarkonoszy.pl\\\/blog\\\/wp-content\\\/uploads\\\/2021\\\/07\\\/jaki_stroj_na_wesele.jpg\",\"width\":1024,\"height\":683,\"caption\":\"sukienka na wesele latem\"},{\"@type\":\"BreadcrumbList\",\"@id\":\"https:\\\/\\\/www.koronakarkonoszy.pl\\\/blog\\\/jak-sie-ubrac-na-wesele-latem\\\/#breadcrumb\",\"itemListElement\":[{\"@type\":\"ListItem\",\"position\":1,\"name\":\"Strona g\u0142\u00f3wna\",\"item\":\"https:\\\/\\\/www.koronakarkonoszy.pl\\\/blog\\\/\"},{\"@type\":\"ListItem\",\"position\":2,\"name\":\"Jak si\u0119 ubra\u0107 na wesele latem?\"}]},{\"@type\":\"WebSite\",\"@id\":\"https:\\\/\\\/www.koronakarkonoszy.pl\\\/blog\\\/#website\",\"url\":\"https:\\\/\\\/www.koronakarkonoszy.pl\\\/blog\\\/\",\"name\":\":: Blog weselny\",\"description\":\"Blog weselny Dw\u00f3r Korona Karkonoszy\",\"potentialAction\":[{\"@type\":\"SearchAction\",\"target\":{\"@type\":\"EntryPoint\",\"urlTemplate\":\"https:\\\/\\\/www.koronakarkonoszy.pl\\\/blog\\\/?s={search_term_string}\"},\"query-input\":{\"@type\":\"PropertyValueSpecification\",\"valueRequired\":true,\"valueName\":\"search_term_string\"}}],\"inLanguage\":\"de\"},{\"@type\":\"Person\",\"@id\":\"https:\\\/\\\/www.koronakarkonoszy.pl\\\/blog\\\/#\\\/schema\\\/person\\\/ec8c88bd01ebe6cbf6a16435ce22276f\",\"name\":\"agnieszka\",\"image\":{\"@type\":\"ImageObject\",\"inLanguage\":\"de\",\"@id\":\"https:\\\/\\\/www.koronakarkonoszy.pl\\\/blog\\\/wp-content\\\/litespeed\\\/avatar\\\/53ee7b676463f74d0aea1a09de3d003b.jpg?ver=1777438794\",\"url\":\"https:\\\/\\\/www.koronakarkonoszy.pl\\\/blog\\\/wp-content\\\/litespeed\\\/avatar\\\/53ee7b676463f74d0aea1a09de3d003b.jpg?ver=1777438794\",\"contentUrl\":\"https:\\\/\\\/www.koronakarkonoszy.pl\\\/blog\\\/wp-content\\\/litespeed\\\/avatar\\\/53ee7b676463f74d0aea1a09de3d003b.jpg?ver=1777438794\",\"caption\":\"agnieszka\"},\"url\":\"https:\\\/\\\/www.koronakarkonoszy.pl\\\/blog\\\/de\\\/author\\\/agnieszka\\\/\"}]}<\/script>\n<!-- \/ Yoast SEO plugin. -->","yoast_head_json":{"title":"Wie kleidet man sich f\u00fcr eine Sommerhochzeit? - :: Hochzeitsblog","description":"Was tr\u00e4gt man zu einer Sommerhochzeit, um sich wohl zu f\u00fchlen und keinen Fauxpas zu begehen? Wir schlagen vor, worauf Sie achten und Spa\u00df haben sollten","robots":{"index":"index","follow":"follow","max-snippet":"max-snippet:-1","max-image-preview":"max-image-preview:large","max-video-preview":"max-video-preview:-1"},"canonical":"https:\/\/www.koronakarkonoszy.pl\/blog\/de\/wie-man-sich-im-sommer-fur-eine-hochzeit-kleidet\/","og_locale":"de_DE","og_type":"article","og_title":"Jak si\u0119 ubra\u0107 na wesele latem? - :: Blog weselny","og_description":"Jaki si\u0119 ubra\u0107 na wesele latem, aby czu\u0107 si\u0119 komfortowo, a przy tym nie pope\u0142ni\u0107 faux pas? Podpowiadamy na co zwr\u00f3ci\u0107 uwag\u0119 i dobrze si\u0119 bawi\u0107","og_url":"https:\/\/www.koronakarkonoszy.pl\/blog\/de\/wie-man-sich-im-sommer-fur-eine-hochzeit-kleidet\/","og_site_name":":: Blog weselny","article_published_time":"2021-01-05T20:47:27+00:00","article_modified_time":"2023-02-09T18:42:21+00:00","og_image":[{"width":1024,"height":683,"url":"https:\/\/www.koronakarkonoszy.pl\/blog\/wp-content\/uploads\/2021\/07\/jaki_stroj_na_wesele.jpg","type":"image\/jpeg"}],"author":"agnieszka","twitter_card":"summary_large_image","twitter_misc":{"Verfasst von":"agnieszka","Gesch\u00e4tzte Lesezeit":"4\u00a0Minuten"},"schema":{"@context":"https:\/\/schema.org","@graph":[{"@type":"Article","@id":"https:\/\/www.koronakarkonoszy.pl\/blog\/jak-sie-ubrac-na-wesele-latem\/#article","isPartOf":{"@id":"https:\/\/www.koronakarkonoszy.pl\/blog\/jak-sie-ubrac-na-wesele-latem\/"},"author":{"name":"agnieszka","@id":"https:\/\/www.koronakarkonoszy.pl\/blog\/#\/schema\/person\/ec8c88bd01ebe6cbf6a16435ce22276f"},"headline":"Jak si\u0119 ubra\u0107 na wesele latem?","datePublished":"2021-01-05T20:47:27+00:00","dateModified":"2023-02-09T18:42:21+00:00","mainEntityOfPage":{"@id":"https:\/\/www.koronakarkonoszy.pl\/blog\/jak-sie-ubrac-na-wesele-latem\/"},"wordCount":843,"image":{"@id":"https:\/\/www.koronakarkonoszy.pl\/blog\/jak-sie-ubrac-na-wesele-latem\/#primaryimage"},"thumbnailUrl":"https:\/\/www.koronakarkonoszy.pl\/blog\/wp-content\/uploads\/2021\/07\/jaki_stroj_na_wesele.jpg","articleSection":["Kiedy wesele","Stylizacje","Wesele lato"],"inLanguage":"de"},{"@type":"WebPage","@id":"https:\/\/www.koronakarkonoszy.pl\/blog\/jak-sie-ubrac-na-wesele-latem\/","url":"https:\/\/www.koronakarkonoszy.pl\/blog\/jak-sie-ubrac-na-wesele-latem\/","name":"Wie kleidet man sich f\u00fcr eine Sommerhochzeit? - :: Hochzeitsblog","isPartOf":{"@id":"https:\/\/www.koronakarkonoszy.pl\/blog\/#website"},"primaryImageOfPage":{"@id":"https:\/\/www.koronakarkonoszy.pl\/blog\/jak-sie-ubrac-na-wesele-latem\/#primaryimage"},"image":{"@id":"https:\/\/www.koronakarkonoszy.pl\/blog\/jak-sie-ubrac-na-wesele-latem\/#primaryimage"},"thumbnailUrl":"https:\/\/www.koronakarkonoszy.pl\/blog\/wp-content\/uploads\/2021\/07\/jaki_stroj_na_wesele.jpg","datePublished":"2021-01-05T20:47:27+00:00","dateModified":"2023-02-09T18:42:21+00:00","author":{"@id":"https:\/\/www.koronakarkonoszy.pl\/blog\/#\/schema\/person\/ec8c88bd01ebe6cbf6a16435ce22276f"},"description":"Was tr\u00e4gt man zu einer Sommerhochzeit, um sich wohl zu f\u00fchlen und keinen Fauxpas zu begehen? Wir schlagen vor, worauf Sie achten und Spa\u00df haben sollten","breadcrumb":{"@id":"https:\/\/www.koronakarkonoszy.pl\/blog\/jak-sie-ubrac-na-wesele-latem\/#breadcrumb"},"inLanguage":"de","potentialAction":[{"@type":"ReadAction","target":["https:\/\/www.koronakarkonoszy.pl\/blog\/jak-sie-ubrac-na-wesele-latem\/"]}]},{"@type":"ImageObject","inLanguage":"de","@id":"https:\/\/www.koronakarkonoszy.pl\/blog\/jak-sie-ubrac-na-wesele-latem\/#primaryimage","url":"https:\/\/www.koronakarkonoszy.pl\/blog\/wp-content\/uploads\/2021\/07\/jaki_stroj_na_wesele.jpg","contentUrl":"https:\/\/www.koronakarkonoszy.pl\/blog\/wp-content\/uploads\/2021\/07\/jaki_stroj_na_wesele.jpg","width":1024,"height":683,"caption":"sukienka na wesele latem"},{"@type":"BreadcrumbList","@id":"https:\/\/www.koronakarkonoszy.pl\/blog\/jak-sie-ubrac-na-wesele-latem\/#breadcrumb","itemListElement":[{"@type":"ListItem","position":1,"name":"Strona g\u0142\u00f3wna","item":"https:\/\/www.koronakarkonoszy.pl\/blog\/"},{"@type":"ListItem","position":2,"name":"Jak si\u0119 ubra\u0107 na wesele latem?"}]},{"@type":"WebSite","@id":"https:\/\/www.koronakarkonoszy.pl\/blog\/#website","url":"https:\/\/www.koronakarkonoszy.pl\/blog\/","name":":: Hochzeitsblog","description":"Hochzeitsblog Dw\u00f3r Korona Karkonosze","potentialAction":[{"@type":"SearchAction","target":{"@type":"EntryPoint","urlTemplate":"https:\/\/www.koronakarkonoszy.pl\/blog\/?s={search_term_string}"},"query-input":{"@type":"PropertyValueSpecification","valueRequired":true,"valueName":"search_term_string"}}],"inLanguage":"de"},{"@type":"Person","@id":"https:\/\/www.koronakarkonoszy.pl\/blog\/#\/schema\/person\/ec8c88bd01ebe6cbf6a16435ce22276f","name":"Agnes","image":{"@type":"ImageObject","inLanguage":"de","@id":"https:\/\/www.koronakarkonoszy.pl\/blog\/wp-content\/litespeed\/avatar\/53ee7b676463f74d0aea1a09de3d003b.jpg?ver=1777438794","url":"https:\/\/www.koronakarkonoszy.pl\/blog\/wp-content\/litespeed\/avatar\/53ee7b676463f74d0aea1a09de3d003b.jpg?ver=1777438794","contentUrl":"https:\/\/www.koronakarkonoszy.pl\/blog\/wp-content\/litespeed\/avatar\/53ee7b676463f74d0aea1a09de3d003b.jpg?ver=1777438794","caption":"agnieszka"},"url":"https:\/\/www.koronakarkonoszy.pl\/blog\/de\/author\/agnieszka\/"}]}},"_links":{"self":[{"href":"https:\/\/www.koronakarkonoszy.pl\/blog\/de\/wp-json\/wp\/v2\/posts\/843","targetHints":{"allow":["GET"]}}],"collection":[{"href":"https:\/\/www.koronakarkonoszy.pl\/blog\/de\/wp-json\/wp\/v2\/posts"}],"about":[{"href":"https:\/\/www.koronakarkonoszy.pl\/blog\/de\/wp-json\/wp\/v2\/types\/post"}],"author":[{"embeddable":true,"href":"https:\/\/www.koronakarkonoszy.pl\/blog\/de\/wp-json\/wp\/v2\/users\/11"}],"replies":[{"embeddable":true,"href":"https:\/\/www.koronakarkonoszy.pl\/blog\/de\/wp-json\/wp\/v2\/comments?post=843"}],"version-history":[{"count":0,"href":"https:\/\/www.koronakarkonoszy.pl\/blog\/de\/wp-json\/wp\/v2\/posts\/843\/revisions"}],"wp:featuredmedia":[{"embeddable":true,"href":"https:\/\/www.koronakarkonoszy.pl\/blog\/de\/wp-json\/wp\/v2\/media\/849"}],"wp:attachment":[{"href":"https:\/\/www.koronakarkonoszy.pl\/blog\/de\/wp-json\/wp\/v2\/media?parent=843"}],"wp:term":[{"taxonomy":"category","embeddable":true,"href":"https:\/\/www.koronakarkonoszy.pl\/blog\/de\/wp-json\/wp\/v2\/categories?post=843"}],"curies":[{"name":"wp","href":"https:\/\/api.w.org\/{rel}","templated":true}]}}