{"id":3142,"date":"2024-05-28T20:14:00","date_gmt":"2024-05-28T18:14:00","guid":{"rendered":"https:\/\/www.koronakarkonoszy.pl\/blog\/?p=3142"},"modified":"2024-07-16T14:10:32","modified_gmt":"2024-07-16T12:10:32","slug":"kosten-fur-eine-hochzeit-fur-100-personen","status":"publish","type":"post","link":"https:\/\/www.koronakarkonoszy.pl\/blog\/de\/koszt-wesela-na-100-osob\/","title":{"rendered":"Hochzeitskosten f\u00fcr 100 Personen \u2013 praktische Tipps"},"content":{"rendered":"\n<p>Koszt wesela na 100 os\u00f3b \u2013 temat ten wzbudza wiele emocji, dlatego na pewno warto poruszy\u0107 t\u0119 kwesti\u0119. Jeden z najpi\u0119kniejszych dni w \u017cyciu wi\u0105\u017ce si\u0119 te\u017c z lawin\u0105 wydatk\u00f3w. Trudno jednoznacznie powiedzie\u0107, ile kosztuje organizacja przyj\u0119cia. Sprawd\u017a, co wp\u0142ywa na ca\u0142kowity koszt wydarzenia!<\/p>\n\n\n\n<h3 class=\"wp-block-heading\" id=\"ha-czego-sie-dowiesz-z-artykulu\">Czego si\u0119 dowiesz z artyku\u0142u?<\/h3>\n\n\n\n<p>Planowanie wesela to jedno z najwspanialszych, ale i najtrudniejszych wyzwa\u0144, przed jakimi staj\u0105 przyszli nowo\u017ce\u0144cy. <a href=\"https:\/\/www.koronakarkonoszy.pl\/blog\/koszt-wesela-na-100-osob\/\" class=\"links-placer\">Wesele na 100 os\u00f3b<\/a> to niema\u0142e przedsi\u0119wzi\u0119cie, szczeg\u00f3lnie je\u015bli zale\u017cy nam na tym, aby uroczysto\u015b\u0107 by\u0142a wyj\u0105tkowa, a jednocze\u015bnie nie zrujnowa\u0142a naszego bud\u017cetu. W 2024 roku koszty zwi\u0105zane z organizacj\u0105 wesela mog\u0105 przyprawi\u0107 o zawr\u00f3t g\u0142owy, ale wcale nie musi tak by\u0107. Warto bowiem dok\u0142adnie przeanalizowa\u0107 wszystkie wydatki i poszuka\u0107 mo\u017cliwych oszcz\u0119dno\u015bci. W naszym artykule przyjrzymy si\u0119 szczeg\u00f3\u0142owo, co wlicza si\u0119 w <a href=\"https:\/\/www.koronakarkonoszy.pl\/blog\/koszt-wesela-na-100-osob\/\" class=\"links-placer\">koszt wesela na 100 os\u00f3b<\/a> \u2013 od \u015blubu ko\u015bcielnego, przez stroje \u015blubne, a\u017c po opraw\u0119 muzyczn\u0105, fotograficzn\u0105 i noclegi dla go\u015bci. Podpowiemy r\u00f3wnie\u017c, jak efektywnie zaplanowa\u0107 bud\u017cet, aby \u015blub marze\u0144 nie przer\u00f3s\u0142 naszych mo\u017cliwo\u015bci finansowych.<\/p>\n\n\n<div id=\"ariadna-block_6ba67392e6184104481c3071f232d8d7\" class=\"ariadna\">\r\n    <ul><li><a href=\"#ha-wesele-na-100-osob-wersja-ekonomiczna\">Wesele na 100 os\u00f3b: wersja ekonomiczna<\/a><\/li><li><a href=\"#ha-koszt-wesela-na-100-osob-2024-rok\">Koszt wesela na 100 os\u00f3b 2024 rok<\/a><\/li><li><a href=\"#ha-co-wlicza-sie-w-koszt-wesela-na-100-osob\">Co wlicza si\u0119 w koszt wesela na 100 os\u00f3b?<\/a><\/li><li><a href=\"#ha-ile-kosztuje-slub-koscielny\">Ile kosztuje \u015blub ko\u015bcielny?<\/a><\/li><li><a href=\"#ha-jaki-jest-koszt-strojow-slubnych\">Jaki jest koszt stroj\u00f3w \u015blubnych?<\/a><\/li><li><a href=\"#ha-jak-obliczyc-koszt-alkoholu-na-wesele-dla-100-osob\">Jak obliczy\u0107 koszt alkoholu na wesele dla 100 os\u00f3b?<\/a><\/li><li><a href=\"#h-ile-kosztuje-oprawa-muzyczna-wesela\">Ile kosztuje oprawa muzyczna wesela?<\/a><\/li><li><a href=\"#ha-obsluga-fotograficzna-lub-video-a-budzet-weselny\">Obs\u0142uga fotograficzna lub video a bud\u017cet weselny<\/a><\/li><li><a href=\"#ha-jaka-jest-cena-noclegu-dla-gosci-weselnych\">Jaka jest cena noclegu dla go\u015bci weselnych?<\/a><\/li><li><a href=\"#h-jaki-jest-koszt-wesela-na-100-os-b\">Jak szuka\u0107 oszcz\u0119dno\u015bci?<\/a><\/li><li><a href=\"#ha-jak-zaplanowac-budzet-aby-nie-przerosl-twoich-mozliwosci\">&nbsp;Jak zaplanowa\u0107 bud\u017cet, aby nie przer\u00f3s\u0142 Twoich mo\u017cliwo\u015bci?<\/a><\/li><\/ul>\r\n<\/div>\r\n\r\n\r\n\r\n\n\n\n<style>\n    .cta_block{\n        margin: 1.5em 0;\n    }\n    .cta_block_content {\n        position: relative;\n        color: white;\n        padding: 1em;\n    }\n    .cta_block_content h3{\n        text-align: center;\n        font: normal normal normal 36px\/50px Yeseva One;\n    }\n    .cta_block_content .cta_block_desc{\n        text-align: center;\n        font-size: 1.1em;\n        position: relative;\n    }\n    .cta_block_content .cta_block_desc:before {\n        content: '';\n        width: 80px;\n        height: 4px;\n        background: #EEB315;\n        position: absolute;\n        left: 0;\n        right: 0;\n        margin-left: auto;\n        margin-right: auto;\n        top: -22px;\n    }\n\n    .cta_block_content picture{\n        position: absolute;\n        top: 0;\n        right: 0;\n        z-index: -1;\n        height: 100%;\n        overflow: hidden;\n        width: 100%;\n    }\n    .cta_block_content picture img{\n        object-fit: cover;\n        height: 100%;\n        width: 100%;\n    }\n    .cta_block .cta_block_content .ninja-forms-field{\n        background: #FFFFFF2F;\n        border: 1px solid #EEB315;\n        border-radius: 25px;\n        opacity: 1;\n        color: #ffffff;\n    }\n    .cta_block .cta_block_content .nf-form-content input[type=submit]{\n        background-color: #EEB315;\n        color: #292929;\n        text-align: center;\n        font: normal normal bold 14px\/20px Work Sans;\n        padding: 0 2em;\n    }\n\n    .cta_block ::placeholder{\n        color: white!important;\n        opacity: 1;\n    }\n\n    .cta_block_content::after {\n        height: 100%;\n        width: 100%;\n        content: \"\";\n        z-index: -1;\n        position: absolute;\n        top: 0;\n        background: #00000070;\n        right: 0;\n        left: 0;\n        bottom: 0;\n    }\n    #ha-cta-block, .cta_block_desc, .cta_block .nf-field-label, .cta_block .nf-error-msg {\n        filter: drop-shadow(1px 1px 8px black);\n    }\n\n\/*    .cta_block nf-rows-wrap {\n        display: flex;\n        justify-content: space-around;\n        flex-direction: row;\n    }*\/\n\n    .cta_block .nf-field-label {\n        display:none;\n    }\n\n    .cta_block .nf-error.field-wrap .nf-field-element::after {\n        border-radius: 50px;\n    }\n\n    .cta_block .nf-error-msg {\n        color: #fff;\n    }\n\n    .cta_block .nf-form-cont {\n        margin-top: 3em;\n        margin-bottom: 1em;\n    }\n\n    .wp-admin .cta_block_content{\n        display: none;\n    }\n    .cta_block .nf-form-fields-required {\n        display: none;\n    }\n    body:not(.wp-admin) .cta_block_admin {\n        display: none;\n    }\n<\/style>\n<div id=\"cta_block-block_0b4e8a47d07d473b80b9672dcdfc657c\" class=\"cta_block\">\n    <div class=\"cta_block_admin\" style=\"background-color: blue; color: white\">\n        Blok CTA\n    <\/div>\n    <div class=\"cta_block\">\n        <div class=\"cta_block_content\">   \n        <h3 id=\"ha-zastanawiasz-sie-nad-kosztami-twojego-wesela\">Zastanawiasz si\u0119 nad kosztami Twojego wesela?<\/h3>\n                    <div class=\"cta_block_desc\">Nasi specjali\u015bci przedstawi\u0105 Ci dok\u0142adn\u0105 kalkulacj\u0119<\/div>\n                <noscript class=\"ninja-forms-noscript-message\">\n\tHinweis: F\u00fcr diesen Inhalt ist JavaScript erforderlich.<\/noscript>\n<div id=\"nf-form-3-cont\" class=\"nf-form-cont\" aria-live=\"polite\" aria-labelledby=\"nf-form-title-3\" aria-describedby=\"nf-form-errors-3\" role=\"form\">\n\n    <div class=\"nf-loading-spinner\"><\/div>\n\n<\/div>\n        <!-- That data is being printed as a workaround to page builders reordering the order of the scripts loaded-->\n        <script>var formDisplay=1;var nfForms=nfForms||[];var form=[];form.id='3';form.settings={\"objectType\":\"Form Setting\",\"editActive\":true,\"title\":\"Block CTA\",\"created_at\":\"2022-11-08 16:03:33\",\"default_label_pos\":\"above\",\"show_title\":0,\"clear_complete\":\"1\",\"hide_complete\":\"1\",\"logged_in\":\"\",\"wrapper_class\":\"\",\"element_class\":\"\",\"key\":\"\",\"add_submit\":\"0\",\"changeEmailErrorMsg\":\"Bitte gib eine g\\u00fcltige E-Mail-Adresse ein.\",\"changeDateErrorMsg\":\"Bitte gib ein g\\u00fcltiges Datum ein!\",\"confirmFieldErrorMsg\":\"Diese Felder m\\u00fcssen \\u00fcbereinstimmen!\",\"fieldNumberNumMinError\":\"Die eingegebene Zahl ist zu klein.\",\"fieldNumberNumMaxError\":\"Die eingegebene Zahl ist zu gross.\",\"fieldNumberIncrementBy\":\"Bitte erh\\u00f6hen in Schritten von\",\"formErrorsCorrectErrors\":\"Bitte korrigiere die Fehler, bevor du das Formular sendest.\",\"validateRequiredField\":\"Dies ist ein Pflichtfeld.\",\"honeypotHoneypotError\":\"Honeypot-Fehler\",\"fieldsMarkedRequired\":\"Felder mit einem <span class=\\\"ninja-forms-req-symbol\\\">*<\\\/span> sind Pflichtfelder\",\"currency\":\"\",\"repeatable_fieldsets\":\"\",\"unique_field_error\":\"Formularz z t\\u0105 warto\\u015bci\\u0105 zosta\\u0142 ju\\u017c przes\\u0142any.\",\"not_logged_in_msg\":\"\",\"sub_limit_msg\":\"Formularz osi\\u0105gn\\u0105\\u0142 limit wys\\u0142a\\u0144.\",\"calculations\":[],\"container_styles_show_advanced_css\":\"0\",\"title_styles_show_advanced_css\":\"0\",\"row_styles_show_advanced_css\":\"0\",\"row-odd_styles_show_advanced_css\":\"0\",\"success-msg_styles_show_advanced_css\":\"0\",\"error_msg_styles_show_advanced_css\":\"0\",\"formContentData\":[{\"order\":1,\"cells\":[{\"order\":0,\"fields\":[\"phone_1640098023980\"],\"width\":35},{\"order\":1,\"fields\":[\"adres_e-mail_1667919839452\"],\"width\":35},{\"order\":2,\"fields\":[\"zapisz_mnie_1667919853255\"],\"width\":30}]}],\"drawerDisabled\":false,\"conditions\":[],\"allow_public_link\":0,\"embed_form\":\"\",\"container_styles_border\":\"\",\"container_styles_height\":\"\",\"container_styles_margin\":\"\",\"container_styles_padding\":\"\",\"container_styles_float\":\"\",\"title_styles_border\":\"\",\"title_styles_height\":\"\",\"title_styles_width\":\"\",\"title_styles_font-size\":\"\",\"title_styles_margin\":\"\",\"title_styles_padding\":\"\",\"title_styles_float\":\"\",\"row_styles_border\":\"\",\"row_styles_width\":\"\",\"row_styles_font-size\":\"\",\"row_styles_margin\":\"\",\"row_styles_padding\":\"\",\"row-odd_styles_border\":\"\",\"row-odd_styles_height\":\"\",\"row-odd_styles_width\":\"\",\"row-odd_styles_font-size\":\"\",\"row-odd_styles_margin\":\"\",\"row-odd_styles_padding\":\"\",\"success-msg_styles_border\":\"\",\"success-msg_styles_height\":\"\",\"success-msg_styles_width\":\"\",\"success-msg_styles_font-size\":\"\",\"success-msg_styles_margin\":\"\",\"success-msg_styles_padding\":\"\",\"error_msg_styles_border\":\"\",\"error_msg_styles_width\":\"\",\"error_msg_styles_font-size\":\"\",\"error_msg_styles_margin\":\"\",\"error_msg_styles_padding\":\"\",\"form_title_heading_level\":\"3\",\"ninjaForms\":\"Ninja Forms\",\"fieldTextareaRTEInsertLink\":\"Link einf\\u00fcgen\",\"fieldTextareaRTEInsertMedia\":\"Medien einf\\u00fcgen\",\"fieldTextareaRTESelectAFile\":\"Eine Datei ausw\\u00e4hlen\",\"formHoneypot\":\"Falls du ein Mensch bist und dieses Feld siehst, dann lasse es bitte leer.\",\"fileUploadOldCodeFileUploadInProgress\":\"Datei-Upload l\\u00e4uft.\",\"fileUploadOldCodeFileUpload\":\"DATEI-UPLOAD\",\"currencySymbol\":\"&#36;\",\"thousands_sep\":\".\",\"decimal_point\":\",\",\"siteLocale\":\"de_DE\",\"dateFormat\":\"m\\\/d\\\/Y\",\"startOfWeek\":\"1\",\"of\":\"von\",\"previousMonth\":\"Vorheriger Monat\",\"nextMonth\":\"N\\u00e4chster Monat\",\"months\":[\"Januar\",\"Februar\",\"M\\u00e4rz\",\"April\",\"Mai\",\"Juni\",\"Juli\",\"August\",\"September\",\"Oktober\",\"November\",\"Dezember\"],\"monthsShort\":[\"Jan.\",\"Feb.\",\"M\\u00e4rz\",\"Apr.\",\"Mai\",\"Juni\",\"Juli\",\"Aug\",\"Sep.\",\"Okt.\",\"Nov.\",\"Dez.\"],\"weekdays\":[\"Sonntag\",\"Montag\",\"Dienstag\",\"Mittwoch\",\"Donnerstag\",\"Freitag\",\"Samstag\"],\"weekdaysShort\":[\"So.\",\"Mo.\",\"Di.\",\"Mi.\",\"Do.\",\"Fr.\",\"Sa.\"],\"weekdaysMin\":[\"So.\",\"Mo.\",\"Di.\",\"Mi.\",\"Do.\",\"Fr.\",\"Sa.\"],\"recaptchaConsentMissing\":\"reCaptcha validation couldn&#039;t load.\",\"recaptchaMissingCookie\":\"reCaptcha v3 validation couldn&#039;t load the cookie needed to submit the form.\",\"recaptchaConsentEvent\":\"Accept reCaptcha cookies before sending the form.\",\"currency_symbol\":\"\",\"beforeForm\":\"\",\"beforeFields\":\"\",\"afterFields\":\"\",\"afterForm\":\"\"};form.fields=[{\"objectType\":\"Field\",\"objectDomain\":\"fields\",\"editActive\":false,\"order\":1,\"idAttribute\":\"id\",\"type\":\"phone\",\"label\":\"Numer telefonu\",\"key\":\"phone_1640098023980\",\"label_pos\":\"above\",\"required\":1,\"default\":\"\",\"placeholder\":\"Numer telefonu\",\"container_class\":\"\",\"element_class\":\"\",\"input_limit\":\"\",\"input_limit_type\":\"characters\",\"input_limit_msg\":\"Liczba pozosta\\u0142ych znak\\u00f3w:\",\"manual_key\":\"\",\"admin_label\":\"\",\"help_text\":\"\",\"mask\":\"\",\"custom_mask\":\"\",\"custom_name_attribute\":\"phone\",\"personally_identifiable\":1,\"wrap_styles_border\":\"\",\"wrap_styles_width\":\"\",\"wrap_styles_margin\":\"\",\"wrap_styles_padding\":\"\",\"wrap_styles_float\":\"\",\"wrap_styles_show_advanced_css\":0,\"label_styles_border\":\"\",\"label_styles_width\":\"\",\"label_styles_font-size\":\"\",\"label_styles_margin\":\"\",\"label_styles_padding\":\"\",\"label_styles_float\":\"\",\"label_styles_show_advanced_css\":0,\"element_styles_border\":\"\",\"element_styles_width\":\"\",\"element_styles_font-size\":\"\",\"element_styles_margin\":\"\",\"element_styles_padding\":\"\",\"element_styles_float\":\"\",\"element_styles_show_advanced_css\":0,\"cellcid\":\"c3386\",\"value\":\"\",\"field_label\":\"Numer telefonu\",\"field_key\":\"phone_1640098023980\",\"drawerDisabled\":false,\"id\":8,\"beforeField\":\"\",\"afterField\":\"\",\"parentType\":\"textbox\",\"element_templates\":[\"tel\",\"textbox\",\"input\"],\"old_classname\":\"\",\"wrap_template\":\"wrap\"},{\"objectType\":\"Field\",\"objectDomain\":\"fields\",\"editActive\":false,\"order\":2,\"idAttribute\":\"id\",\"type\":\"email\",\"label\":\"Adres e-mail\",\"key\":\"adres_e-mail_1667919839452\",\"label_pos\":\"above\",\"required\":1,\"default\":\"\",\"placeholder\":\"Adres e-mail\",\"container_class\":\"\",\"element_class\":\"\",\"admin_label\":\"\",\"help_text\":\"\",\"custom_name_attribute\":\"email\",\"personally_identifiable\":1,\"wrap_styles_border\":\"\",\"wrap_styles_width\":\"\",\"wrap_styles_margin\":\"\",\"wrap_styles_padding\":\"\",\"wrap_styles_float\":\"\",\"wrap_styles_show_advanced_css\":0,\"label_styles_border\":\"\",\"label_styles_width\":\"\",\"label_styles_font-size\":\"\",\"label_styles_margin\":\"\",\"label_styles_padding\":\"\",\"label_styles_float\":\"\",\"label_styles_show_advanced_css\":0,\"element_styles_border\":\"\",\"element_styles_width\":\"\",\"element_styles_font-size\":\"\",\"element_styles_margin\":\"\",\"element_styles_padding\":\"\",\"element_styles_float\":\"\",\"element_styles_show_advanced_css\":0,\"cellcid\":\"c3389\",\"value\":\"\",\"drawerDisabled\":false,\"field_label\":\"E-mail\",\"field_key\":\"email_1640098026199\",\"id\":9,\"beforeField\":\"\",\"afterField\":\"\",\"parentType\":\"email\",\"element_templates\":[\"email\",\"input\"],\"old_classname\":\"\",\"wrap_template\":\"wrap\"},{\"objectType\":\"Field\",\"objectDomain\":\"fields\",\"editActive\":false,\"order\":3,\"idAttribute\":\"id\",\"type\":\"submit\",\"label\":\"Zapisz mnie\",\"processing_label\":\"W trakcie realizacji\",\"container_class\":\"\",\"element_class\":\"\",\"key\":\"zapisz_mnie_1667919853255\",\"wrap_styles_border\":\"\",\"wrap_styles_width\":\"\",\"wrap_styles_margin\":\"\",\"wrap_styles_padding\":\"\",\"wrap_styles_float\":\"\",\"wrap_styles_show_advanced_css\":0,\"element_styles_border\":\"\",\"element_styles_width\":\"\",\"element_styles_font-size\":\"\",\"element_styles_margin\":\"\",\"element_styles_padding\":\"\",\"element_styles_float\":\"\",\"element_styles_show_advanced_css\":0,\"submit_element_hover_styles_border\":\"\",\"submit_element_hover_styles_width\":\"\",\"submit_element_hover_styles_font-size\":\"\",\"submit_element_hover_styles_margin\":\"\",\"submit_element_hover_styles_padding\":\"\",\"submit_element_hover_styles_float\":\"\",\"submit_element_hover_styles_show_advanced_css\":0,\"cellcid\":\"c3391\",\"drawerDisabled\":false,\"field_label\":\"Zamawiam rozmow\\u0119\",\"field_key\":\"zamawiam_rozmowe_1640098067453\",\"id\":10,\"beforeField\":\"\",\"afterField\":\"\",\"value\":\"\",\"label_pos\":\"above\",\"parentType\":\"textbox\",\"element_templates\":[\"submit\",\"button\",\"input\"],\"old_classname\":\"\",\"wrap_template\":\"wrap-no-label\"}];nfForms.push(form);<\/script>\n                <script id=\"nf-tmpl-cell\" type=\"text\/template\">\n            <nf-fields><\/nf-fields>\n        <\/script>\n\n        <script id=\"nf-tmpl-row\" type=\"text\/template\">\n            <nf-cells><\/nf-cells>\n        <\/script>\n\n                <img loading=\"lazy\" decoding=\"async\" width=\"1200\" height=\"800\" src=\"https:\/\/www.koronakarkonoszy.pl\/blog\/wp-content\/uploads\/2022\/12\/wesele-dolny-slask-Dwor-Korona-Karkonoszy.jpg\" class=\"attachment-full size-full\" alt=\"\" srcset=\"https:\/\/www.koronakarkonoszy.pl\/blog\/wp-content\/uploads\/2022\/12\/wesele-dolny-slask-Dwor-Korona-Karkonoszy.jpg 1200w, https:\/\/www.koronakarkonoszy.pl\/blog\/wp-content\/uploads\/2022\/12\/wesele-dolny-slask-Dwor-Korona-Karkonoszy-300x200.jpg 300w, https:\/\/www.koronakarkonoszy.pl\/blog\/wp-content\/uploads\/2022\/12\/wesele-dolny-slask-Dwor-Korona-Karkonoszy-1024x683.jpg 1024w, https:\/\/www.koronakarkonoszy.pl\/blog\/wp-content\/uploads\/2022\/12\/wesele-dolny-slask-Dwor-Korona-Karkonoszy-768x512.jpg 768w\" sizes=\"auto, (max-width: 1200px) 100vw, 1200px\" \/>        <\/div> \n    <\/div>\n<\/div>\n\n\n\n<h2 class=\"wp-block-heading\" id=\"ha-wesele-na-100-osob-wersja-ekonomiczna\">Wesele na 100 os\u00f3b: wersja ekonomiczna<\/h2>\n\n\n\n<p>Zastan\u00f3wmy si\u0119, co tak naprawd\u0119 jest niezb\u0119dne do zawarcia \u015blubu? Warunek konieczny do spe\u0142nienia to Wybranka albo Wybranek na \u015blubnym kobiercu oraz kap\u0142an lub urz\u0119dnik USC, kt\u00f3ry tego \u015blubu udzieli. Bardzo istotnym elementem, ale ju\u017c mo\u017cliwym do zast\u0105pienia, s\u0105 obr\u0105czki i \u015bwiadkowie. Mo\u017ce brzmi to jak herezja, niemniej jednak na \u015bwiadka \u015blubu mo\u017cemy poprosi\u0107 dowoln\u0105 doros\u0142\u0105 osob\u0119. Nie trzeba do tego wielkich przygotowa\u0144. A obr\u0105czki to tylko symboliczny atrybut zawarcia zwi\u0105zku ma\u0142\u017ce\u0144skiego. Mo\u017cna je zast\u0105pi\u0107 nawet samodzielnie wykonanym pier\u015bcionkiem. <\/p>\n\n\n\n<figure class=\"wp-block-image size-large\"><img loading=\"lazy\" decoding=\"async\" width=\"1024\" height=\"591\" src=\"https:\/\/www.koronakarkonoszy.pl\/blog\/wp-content\/uploads\/2022\/08\/IMG_9502-2a-1-1024x591.jpg\" alt=\"\" class=\"wp-image-5337\" srcset=\"https:\/\/www.koronakarkonoszy.pl\/blog\/wp-content\/uploads\/2022\/08\/IMG_9502-2a-1-1024x591.jpg 1024w, https:\/\/www.koronakarkonoszy.pl\/blog\/wp-content\/uploads\/2022\/08\/IMG_9502-2a-1-300x173.jpg 300w, https:\/\/www.koronakarkonoszy.pl\/blog\/wp-content\/uploads\/2022\/08\/IMG_9502-2a-1-768x443.jpg 768w, https:\/\/www.koronakarkonoszy.pl\/blog\/wp-content\/uploads\/2022\/08\/IMG_9502-2a-1-1920x1108.jpg 1920w, https:\/\/www.koronakarkonoszy.pl\/blog\/wp-content\/uploads\/2022\/08\/IMG_9502-2a-1-1536x886.jpg 1536w, https:\/\/www.koronakarkonoszy.pl\/blog\/wp-content\/uploads\/2022\/08\/IMG_9502-2a-1-2048x1182.jpg 2048w\" sizes=\"auto, (max-width: 1024px) 100vw, 1024px\" \/><figcaption class=\"wp-element-caption\"><strong><a href=\"https:\/\/www.koronakarkonoszy.pl\/dworska-sala-balowa\/\" target=\"_blank\" rel=\"noreferrer noopener\">Sala na wesele Dolny \u015al\u0105sk<\/a>, Dw\u00f3r Korona Karkonoszy <\/strong><\/figcaption><\/figure>\n\n\n\n<p>Przypomnijmy sobie na przyk\u0142ad niekt\u00f3re filmowe sceny z klasyk\u00f3w kina: Gustlik o\u015bwiadczy\u0142 si\u0119 Honoracie metalow\u0105 nakr\u0119tk\u0105 (<em>Czterej pancerni i pies<\/em>), a w filmie <em>Cztery wesela i pogrzeb<\/em> dru\u017cba grany przez Hugh Granta zapomnia\u0142 obr\u0105czek, wi\u0119c po\u017cyczono od go\u015bci dwa pier\u015bcionki \u2013 odpustowy r\u00f3\u017cowy dla Panny M\u0142odej i r\u00f3wnie ma\u0142o klasyczny m\u0119ski pier\u015bcie\u0144 dla Pana M\u0142odego. Bo przecie\u017c nawet w skrajnie trudnych warunkach, kiedy ludzie decydowali si\u0119 na \u015blub, zawsze znalaz\u0142o si\u0119 co\u015b, co mo\u017cna by\u0142o w\u0142o\u017cy\u0107 na palec wypowiadaj\u0105c sakramentalne \u201e\u015blubuj\u0119\u201d\u2026<\/p>\n\n\n\n<figure class=\"wp-block-image size-large\"><a href=\"https:\/\/www.koronakarkonoszy.pl\/wesele\/\" target=\"_blank\" rel=\"noreferrer noopener\"><img loading=\"lazy\" decoding=\"async\" width=\"1024\" height=\"512\" src=\"https:\/\/www.koronakarkonoszy.pl\/blog\/wp-content\/uploads\/2020\/01\/stylowy_dwor_wesleny_DKK-3-1024x512.jpg\" alt=\"\" class=\"wp-image-3921\" srcset=\"https:\/\/www.koronakarkonoszy.pl\/blog\/wp-content\/uploads\/2020\/01\/stylowy_dwor_wesleny_DKK-3-1024x512.jpg 1024w, https:\/\/www.koronakarkonoszy.pl\/blog\/wp-content\/uploads\/2020\/01\/stylowy_dwor_wesleny_DKK-3-300x150.jpg 300w, https:\/\/www.koronakarkonoszy.pl\/blog\/wp-content\/uploads\/2020\/01\/stylowy_dwor_wesleny_DKK-3-768x384.jpg 768w, https:\/\/www.koronakarkonoszy.pl\/blog\/wp-content\/uploads\/2020\/01\/stylowy_dwor_wesleny_DKK-3.jpg 1200w\" sizes=\"auto, (max-width: 1024px) 100vw, 1024px\" \/><\/a><\/figure>\n\n\n\n<p>Wydaje si\u0119 wi\u0119c, \u017ce ca\u0142a reszta to dodatek. Niezb\u0119dny czy nie \u2013 decydujemy my sami. W zwi\u0105zku z tym koszt \u015blubu i wesela w bardzo du\u017cej mierze zale\u017cy od nas, od naszych oczekiwa\u0144 i fantazji.<\/p>\n\n\n\n<h2 class=\"wp-block-heading\" id=\"ha-koszt-wesela-na-100-osob-2024-rok\">Koszt wesela na 100 os\u00f3b 2024 rok  <\/h2>\n\n\n\n<p>Za\u0142\u00f3\u017cmy jednak, \u017ce \u017cyjemy w normalnych czasach i chcemy si\u0119 weseli\u0107. Poni\u017cej spr\u00f3bujemy przeanalizowa\u0107 realny <a href=\"https:\/\/www.koronakarkonoszy.pl\/blog\/koszt-wesela-na-100-osob\/\" class=\"links-placer\">koszt wesela<\/a> na 100 os\u00f3b. Zanim to zrobimy, jeszcze jedna wa\u017cna kwestia. <a href=\"https:\/\/www.koronakarkonoszy.pl\/blog\/jak-zorganizowac-przyjecie-weselne-na-30-osob\/\" target=\"_blank\" rel=\"noreferrer noopener\">Koszt wesela<\/a> na 100 os\u00f3b 2024 roku mo\u017ce si\u0119 znacz\u0105co r\u00f3\u017cni\u0107 od kwoty, kt\u00f3r\u0105 trzeba b\u0119dzie przeznaczy\u0107 na wesele w roku przysz\u0142ym.<\/p>\n\n\n\n<p>Przy planowaniu bud\u017cetu z tak du\u017cym wyprzedzeniem nale\u017cy bowiem wzi\u0105\u0107 pod uwag\u0119 poziom inflacji i og\u00f3ln\u0105 sytuacj\u0119 gospodarcz\u0105. Je\u015bli kto\u015b ma odpowiednie \u015brodki pieni\u0119\u017cne, \u017ceby zap\u0142aci\u0107 za uroczysto\u015bci \u015blubne ju\u017c teraz, to mo\u017ce warto zorganizowa\u0107 <a href=\"https:\/\/www.koronakarkonoszy.pl\/blog\/wesele-last-minute-jak-szybko-zorganizowac-przyjecie-weselne\/\" target=\"_blank\" rel=\"noreferrer noopener\">wesele last minute<\/a>? Je\u015bli jednak chcemy spokojnie zaplanowa\u0107 \u015blub z du\u017cym wyprzedzeniem, to zr\u00f3bmy kalkulacj\u0119. Zobaczmy, jaki jest koszt wesela na 100 os\u00f3b teraz i za\u0142\u00f3\u017cmy margines b\u0142\u0119du na jakie\u015b 20 procent. <strong>Koszt wesela na 100 os\u00f3b 2025 <\/strong>roku mo\u017ce niestety wzrosn\u0105\u0107\u2026<\/p>\n\n\n<section id=\"leonardo-block_46b8b4aa706b0e9d7870c2a8bac5c51b\" class=\"leonardo page-breaker leonardo-image-right\">\r\n    <div class=\"leonardo-body\">\r\n                <div class=\"leonardo-content\"><p><!-- wp:heading --><\/p>\n<h3>Tanie <a href=\"https:\/\/www.koronakarkonoszy.pl\/blog\/jak-zorganizowac-przyjecie-weselne-na-30-osob\/\" class=\"links-placer\">przyj\u0119cie weselne<\/a> &#8211;\u00a0 czy tomo\u017cliwe?<\/h3>\n<p>Jak unikn\u0105\u0107 wy\u017cszych koszt\u00f3w wesela? <strong>Koszt \u015blubu cywilnego<\/strong> jest ustalony urz\u0119dowo, nie mo\u017cna go wi\u0119c negocjowa\u0107. Ale inne koszty wesela nie s\u0105 ju\u017c takie sztywne. Warto sprawdzi\u0107, jakie s\u0105 ceny us\u0142ug weselnych w okolicy i czy nie b\u0119dzie jednak taniej zrobi\u0107 wesela wyjazdowego, na przyk\u0142ad urz\u0105dzi\u0107 wesele w g\u00f3rach. Mo\u017ce si\u0119 okaza\u0107, \u017ce firma, kt\u00f3ra na co dzie\u0144 organizuje wesela, mo\u017ce negocjowa\u0107 ceny z wykonawcami us\u0142ug weselnych du\u017co skuteczniej ni\u017c my w pojedynk\u0119 i na jedn\u0105 imprez\u0119. Wi\u0119kszo\u015b\u0107 Par M\u0142odych decyduje si\u0119 sama za\u0142atwi\u0107 wi\u0119kszo\u015b\u0107 spraw. Trac\u0105 w ten spos\u00f3b nie tylko czas, ale by\u0107 mo\u017ce te\u017c i pieni\u0105dze. <strong>Organizacja w\u0142asnego wesela<\/strong> mo\u017ce dawa\u0107 du\u017co satysfakcji, ale te\u017c powodowa\u0107 wiele frustracji i niepotrzebnego marnowania czasu. Tanie przyj\u0119cie weselne w ca\u0142o\u015bci mo\u017ce przygotowa\u0107 nam r\u00f3wnie\u017c odpowiedzialny wedding manager. Mo\u017cemy ustali\u0107 z nim przybli\u017cony koszt wesela i wydatki, jakie jeste\u015bmy gotowi ponie\u015b\u0107, a nast\u0119pnie ustali\u0107 wsp\u00f3lnie razem koszt \u015blubu.<\/p>\n<p><!-- \/wp:paragraph --><\/p>\n<\/div>\r\n            <\/div>\r\n    <div class=\"leonardo-image\">\r\n        <img loading=\"lazy\" decoding=\"async\" width=\"1920\" height=\"1278\" src=\"https:\/\/www.koronakarkonoszy.pl\/blog\/wp-content\/uploads\/2020\/04\/annie-spratt-OthPgcYCHfc-unsplash.jpg\" class=\"attachment-full size-full\" alt=\"\" srcset=\"https:\/\/www.koronakarkonoszy.pl\/blog\/wp-content\/uploads\/2020\/04\/annie-spratt-OthPgcYCHfc-unsplash.jpg 1920w, https:\/\/www.koronakarkonoszy.pl\/blog\/wp-content\/uploads\/2020\/04\/annie-spratt-OthPgcYCHfc-unsplash-300x200.jpg 300w, https:\/\/www.koronakarkonoszy.pl\/blog\/wp-content\/uploads\/2020\/04\/annie-spratt-OthPgcYCHfc-unsplash-1024x682.jpg 1024w, https:\/\/www.koronakarkonoszy.pl\/blog\/wp-content\/uploads\/2020\/04\/annie-spratt-OthPgcYCHfc-unsplash-768x511.jpg 768w, https:\/\/www.koronakarkonoszy.pl\/blog\/wp-content\/uploads\/2020\/04\/annie-spratt-OthPgcYCHfc-unsplash-1536x1022.jpg 1536w, https:\/\/www.koronakarkonoszy.pl\/blog\/wp-content\/uploads\/2020\/04\/annie-spratt-OthPgcYCHfc-unsplash-18x12.jpg 18w\" sizes=\"auto, (max-width: 1920px) 100vw, 1920px\" \/>            <\/div>\r\n<\/section>\n\n\n<h2 class=\"wp-block-heading\"><strong>Kto p\u0142aci za wesele?<\/strong><\/h2>\n\n\n\n<p>Niezale\u017cnie od tego, kto jest organizatorem wesela, opr\u00f3cz Pary M\u0142odej najwa\u017cniejsza osoba to ta, kt\u00f3ra p\u0142aci za wesele. <strong>Tradycyjnie podzia\u0142 koszt\u00f3w wesela uzgadniany by\u0142 przez rodzic\u00f3w M\u0142odej Pary.<\/strong> Ale wsp\u00f3\u0142cze\u015bnie narzeczeni cz\u0119sto sami p\u0142ac\u0105 za wesele, bo niejednokrotnie zarabiaj\u0105 wi\u0119cej ni\u017c ich rodzice. W\u00f3wczas to oni decyduj\u0105 o liczbie go\u015bci weselnych, dekoracji sali weselnej, smaku tortu weselnego i ustalaj\u0105 inne, pozosta\u0142e koszty wesela. R\u00f3wnie\u017c kwestie, czy wybra\u0107 \u015blub cywilny czy ko\u015bcielny albo humanistyczny coraz rzadziej rozstrzygane s\u0105 przez innych cz\u0142onk\u00f3w rodziny. Najwi\u0119kszy koszt wesela to oczywi\u015bcie koszt sali weselnej. Mo\u017cna by te\u017c te wydatki podzieli\u0107 i ustali\u0107 na przyk\u0142ad, \u017ce za wynaj\u0119cie sali weselnej zap\u0142ac\u0105 rodzice Panny M\u0142odej, a koszty zwi\u0105zane z cateringiem i alkoholem rodzice Pana M\u0142odego. Inna cz\u0119\u015b\u0107 kosztu wesela mo\u017ce przypa\u015b\u0107 M\u0142odej Parze albo na przyk\u0142ad chrzestnym lub dziadkom, je\u015bli zechc\u0105 si\u0119 do\u0142o\u017cy\u0107.<\/p>\n\n\n\n<figure class=\"wp-block-image size-large\"><img loading=\"lazy\" decoding=\"async\" width=\"1024\" height=\"683\" src=\"https:\/\/www.koronakarkonoszy.pl\/blog\/wp-content\/uploads\/2023\/02\/29_08_2016_KF0044-1024x683.jpg\" alt=\"\" class=\"wp-image-8284\" srcset=\"https:\/\/www.koronakarkonoszy.pl\/blog\/wp-content\/uploads\/2023\/02\/29_08_2016_KF0044-1024x683.jpg 1024w, https:\/\/www.koronakarkonoszy.pl\/blog\/wp-content\/uploads\/2023\/02\/29_08_2016_KF0044-300x200.jpg 300w, https:\/\/www.koronakarkonoszy.pl\/blog\/wp-content\/uploads\/2023\/02\/29_08_2016_KF0044-768x512.jpg 768w, https:\/\/www.koronakarkonoszy.pl\/blog\/wp-content\/uploads\/2023\/02\/29_08_2016_KF0044-1536x1025.jpg 1536w, https:\/\/www.koronakarkonoszy.pl\/blog\/wp-content\/uploads\/2023\/02\/29_08_2016_KF0044-18x12.jpg 18w, https:\/\/www.koronakarkonoszy.pl\/blog\/wp-content\/uploads\/2023\/02\/29_08_2016_KF0044.jpg 1731w\" sizes=\"auto, (max-width: 1024px) 100vw, 1024px\" \/><figcaption class=\"wp-element-caption\"><strong>Przygotowania do wesela, <a href=\"https:\/\/www.koronakarkonoszy.pl\/pokoje\/\" target=\"_blank\" rel=\"noreferrer noopener\">Apartament Srebrny, <\/a>Dw\u00f3r Korona Karkonoszy, <a href=\"https:\/\/www.koronakarkonoszy.pl\/blog-atrakcje\/sosnowka\/\" class=\"links-placer\">Sosn\u00f3wka<\/a> k. Karpacza <\/strong><\/figcaption><\/figure>\n\n\n\n<h2 class=\"wp-block-heading\" id=\"ha-co-wlicza-sie-w-koszt-wesela-na-100-osob\">Co wlicza si\u0119 w koszt wesela na 100 os\u00f3b?<\/h2>\n\n\n\n<p>Je\u015bli planujesz wesele na 100 os\u00f3b, z pewno\u015bci\u0105 zastanawiasz si\u0119, jaki b\u0119dzie koszt. Chocia\u017c g\u0142\u00f3wne pozycje w bud\u017cecie zajmuj\u0105 <strong>sala weselna<\/strong> i wybrany pakiet menu, powiniene\u015b r\u00f3wnie\u017c uwzgl\u0119dni\u0107 wydatki zwi\u0105zane z wystrojem sali, zaproszeniami, winietkami, czy planem sto\u0142\u00f3w. Zastan\u00f3w si\u0119, ile mo\u017cesz wyda\u0107 na \u2013 i <a href=\"https:\/\/www.koronakarkonoszy.pl\/blog\/jak-wybrac-fotografa-weselnego\/\" target=\"_blank\" rel=\"noreferrer noopener\">jak wybra\u0107 &#8211; fotografa weselnego<\/a>, kamerzyst\u0119, zesp\u00f3\u0142 weselny\/DJ. Analizuj\u0105c koszt wesela na 100 os\u00f3b, pomy\u015bl, ile chcesz wyda\u0107 na <a href=\"https:\/\/www.koronakarkonoszy.pl\/blog\/jak-wybrac-obraczki-slubne\/\" target=\"_blank\" rel=\"noreferrer noopener\">obr\u0105czki \u015blubne<\/a>, sukni\u0119 \u015blubn\u0105, garnitur, bukiet, czy fryzjera.&nbsp;<\/p>\n\n\n<section id=\"leonardo-block_8ce9bc015070a53286081fa71de8b5e3\" class=\"leonardo page-breaker leonardo-image-left\">\r\n    <div class=\"leonardo-body\">\r\n                <div class=\"leonardo-content\"><h3 id=\"ha-jak-obliczyc-koszt-wesela-na-100-osob\">Jak obliczy\u0107 koszt wesela na 100 os\u00f3b?<\/h3>\n<p>Szukasz podpowiedzi, jak obliczy\u0107 koszt wesela na 100 os\u00f3b? Z pomoc\u0105 przychodz\u0105 aplikacje, kt\u00f3re pomog\u0105 planowa\u0107 <a href=\"https:\/\/www.koronakarkonoszy.pl\/blog\/budzet-slubny\/\">bud\u017cet \u015blubny.<\/a> Aby u\u0142atwi\u0107 sobie zadanie, mo\u017cesz skorzysta\u0107 z jednego z gotowych szablon\u00f3w. W ten spos\u00f3b spokojnie planujesz i monitorujesz poszczeg\u00f3lne wydatki. Mo\u017cesz w ka\u017cdej chwili sprawdzi\u0107, czy przypadkiem nie przekraczasz bud\u017cetu i czy uda\u0142o Ci si\u0119 zaoszcz\u0119dzi\u0107 na jakim\u015b elemencie.<\/p>\n<p>Badania pokazuj\u0105, \u017ce <strong>ponad 60 procent par planuje wesele na 100-150 os\u00f3b<\/strong>. Narzeczeni zgodnie podkre\u015blaj\u0105, \u017ce najwi\u0119ksze wydatki generuje sala. Nie chodzi tutaj tylko o rezerwacj\u0119 miejsca, lecz tak\u017ce menu, obs\u0142ug\u0119 kelnersk\u0105 i opraw\u0119 florystyczn\u0105. Zazwyczaj pary m\u0142ode planuj\u0105 wyda\u0107 30-80 tys. z\u0142otych na organizacj\u0119 \u015blubu i wesela.<\/p>\n<\/div>\r\n                    <aside class=\"leonardo-interlink\">\r\n                <b>Polecamy<\/b>\r\n                <a href=\"https:\/\/www.koronakarkonoszy.pl\/blog\/de\/korkowe-na-weselu\/\">Korkowe na weselu: jak unikn\u0105\u0107 ukrytych op\u0142at?<\/a>\r\n            <\/aside>\r\n            <\/div>\r\n    <div class=\"leonardo-image\">\r\n        <img loading=\"lazy\" decoding=\"async\" width=\"1280\" height=\"847\" src=\"https:\/\/www.koronakarkonoszy.pl\/blog\/wp-content\/uploads\/2022\/02\/pexels-breakingpic-3305.jpg\" class=\"attachment-full size-full\" alt=\"\" srcset=\"https:\/\/www.koronakarkonoszy.pl\/blog\/wp-content\/uploads\/2022\/02\/pexels-breakingpic-3305.jpg 1280w, https:\/\/www.koronakarkonoszy.pl\/blog\/wp-content\/uploads\/2022\/02\/pexels-breakingpic-3305-300x199.jpg 300w, https:\/\/www.koronakarkonoszy.pl\/blog\/wp-content\/uploads\/2022\/02\/pexels-breakingpic-3305-1024x678.jpg 1024w, https:\/\/www.koronakarkonoszy.pl\/blog\/wp-content\/uploads\/2022\/02\/pexels-breakingpic-3305-768x508.jpg 768w\" sizes=\"auto, (max-width: 1280px) 100vw, 1280px\" \/>            <\/div>\r\n<\/section>\n\n<section id=\"leonardo-block_bbbc5594cafb37af32ce7435033796de\" class=\"leonardo page-breaker leonardo-image-right\">\r\n    <div class=\"leonardo-body\">\r\n                <div class=\"leonardo-content\"><p><!-- wp:heading --><\/p>\n<h3 id=\"ha-slub-w-urzedzie-stanu-cywilnego\">\u015alub w Urz\u0119dzie Stanu Cywilnego<\/h3>\n<p>Dobra wiadomo\u015b\u0107 na pocz\u0105tek \u2013 ten \u015blub w\u0142a\u015bciwie nic nie kosztuje! Nale\u017cy jedynie wnie\u015b\u0107 op\u0142at\u0119 skarbow\u0105 za sporz\u0105dzenie aktu ma\u0142\u017ce\u0144stwa. Op\u0142ata jest sta\u0142a i w ka\u017cdym przypadku wynosi\u00a084 z\u0142ote. Mo\u017cna jej dokona\u0107 na miejscu, w kasie USC lub przelewem na konto odpowiedniego urz\u0119du (potrzebny b\u0119dzie dow\u00f3d wp\u0142aty). Czyli zaczynamy prawie bezkosztowo. To mo\u017ce zaszalejmy i urz\u0105d\u017amy \u015blub w plenerze? Jednak w tym wypadku trzeba ju\u017c dop\u0142aci\u0107 1000 z\u0142otych, cho\u0107 oczywi\u015bcie jest pewna furtka. Je\u015bli narzeczeni musz\u0105 wzi\u0105\u0107 \u015blub poza urz\u0119dem\u00a0z powodu zagro\u017cenia \u017cycia lub zdrowia, ewentualnie ograniczenia wolno\u015bci (nikomu nie \u017cyczymy!), w\u00f3wczas dodatkowa op\u0142ata nie jest pobierana. Je\u015bli przekonamy urz\u0119dnika USC, \u017ce mi\u0142o\u015b\u0107 to stan za\u015blepienia, a wi\u0119c poniek\u0105d choroby, a ma\u0142\u017ce\u0144stwo to w\u0142a\u015bciwie ograniczenie pewnych swob\u00f3d, mo\u017ce da nam jaki\u015b rabat&#8230;<\/p>\n<p><!-- \/wp:paragraph --><\/p>\n<\/div>\r\n                    <aside class=\"leonardo-interlink\">\r\n                <b>Polecamy<\/b>\r\n                <a href=\"https:\/\/www.koronakarkonoszy.pl\/blog\/de\/organizacja-wesel\/\">Organizacja wesel od A do Z<\/a>\r\n            <\/aside>\r\n            <\/div>\r\n    <div class=\"leonardo-image\">\r\n        <img loading=\"lazy\" decoding=\"async\" width=\"1920\" height=\"1282\" src=\"https:\/\/www.koronakarkonoszy.pl\/blog\/wp-content\/uploads\/2022\/02\/samantha-gades-N1CZNuM_Fd8-unsplash.jpg\" class=\"attachment-full size-full\" alt=\"\" srcset=\"https:\/\/www.koronakarkonoszy.pl\/blog\/wp-content\/uploads\/2022\/02\/samantha-gades-N1CZNuM_Fd8-unsplash.jpg 1920w, https:\/\/www.koronakarkonoszy.pl\/blog\/wp-content\/uploads\/2022\/02\/samantha-gades-N1CZNuM_Fd8-unsplash-300x200.jpg 300w, https:\/\/www.koronakarkonoszy.pl\/blog\/wp-content\/uploads\/2022\/02\/samantha-gades-N1CZNuM_Fd8-unsplash-1024x684.jpg 1024w, https:\/\/www.koronakarkonoszy.pl\/blog\/wp-content\/uploads\/2022\/02\/samantha-gades-N1CZNuM_Fd8-unsplash-768x513.jpg 768w, https:\/\/www.koronakarkonoszy.pl\/blog\/wp-content\/uploads\/2022\/02\/samantha-gades-N1CZNuM_Fd8-unsplash-1536x1026.jpg 1536w\" sizes=\"auto, (max-width: 1920px) 100vw, 1920px\" \/>            <\/div>\r\n<\/section>\n\n\n<h2 class=\"wp-block-heading\" id=\"ha-ile-kosztuje-slub-koscielny\">Ile kosztuje \u015blub ko\u015bcielny?<\/h2>\n\n\n\n<p>Inaczej ma si\u0119 rzecz w przypadku \u015blubu wyznaniowego. Je\u015bli chcemy, by \u015blubu udzieli\u0142 nam ksi\u0105dz, pop, pastor czy rabin, tradycyjnie obowi\u0105zuje stawka \u201eco \u0142aska\u201d. Ta niezbyt konkretna fraza czasem rozwijana jest jeszcze o: \u201eale nie mniej ni\u017c\u2026\u201d. I wtedy pojawia si\u0119 ju\u017c pole do negocjacji. Tak serio, to du\u017co zale\u017cy od regionu, zwyczajowych stawek w danej wsp\u00f3lnocie wyznaniowej i naszych zdolno\u015bci negocjacyjnych. Mo\u017cemy te\u017c po prostu najpierw wyliczy\u0107 ca\u0142kowity koszt wesela na 100 os\u00f3b, a p\u00f3\u017aniej zdecydowa\u0107, jaki procent z tego chcemy albo mo\u017cemy przeznaczy\u0107 na cel religijny. I tak\u0105 w\u0142a\u015bnie kwot\u0119 zaproponowa\u0107 duchownemu. W przypadku tradycyjnego wyznaniowego \u015blubu pami\u0119ta\u0107 nale\u017cy jeszcze o dodatkowych op\u0142atach, jak na przyk\u0142ad nauki przedma\u0142\u017ce\u0144skie, koszt zapowiedzi czy op\u0142ata dla organisty albo za wystrojenie lub posprz\u0105tanie ko\u015bcio\u0142a. Tu jednak w sukurs mo\u017ce przyj\u015b\u0107 rodzina lub przyjaciele i sami mog\u0105 zrobi\u0107 pi\u0119kn\u0105, od\u015bwi\u0119tn\u0105 opraw\u0119. &nbsp;<\/p>\n\n\n<section id=\"leonardo-block_a520ac8aaa38a03f8cb9c9e09ea62c1f\" class=\"leonardo page-breaker leonardo-image-right\">\r\n    <div class=\"leonardo-body\">\r\n                <div class=\"leonardo-content\"><h3 id=\"ha-ile-kosztuja-obraczki-slubne\">Ile kosztuj\u0105 obr\u0105czki \u015blubne?<\/h3>\n<p>Koszt obr\u0105czek w najta\u0144szej wersji to nawet poni\u017cej 100 z\u0142otych. W najdro\u017cszej&#8230; chyba nie ma g\u00f3rnej granicy. Sprzedawcy bi\u017cuterii, zw\u0142aszcza tej ta\u0144szej twierdz\u0105, \u017ce prostota i minimalizm s\u0105 zawsze modne. Dla os\u00f3b, kt\u00f3re na t\u0119 pozycj\u0119 \u015blubnego bud\u017cetu chc\u0105 wyda\u0107 kwot\u0119 z kilkoma zerami, polecamy wizyt\u0119 w salonie renomowanej marki. Tam z pewno\u015bci\u0105 mi\u0142a obs\u0142uga przedstawi walory takiego rozwi\u0105zania, a mo\u017ce nawet czym\u015b nas pocz\u0119stuje&#8230;<\/p>\n<\/div>\r\n                    <aside class=\"leonardo-interlink\">\r\n                <b>Polecamy<\/b>\r\n                <a href=\"https:\/\/www.koronakarkonoszy.pl\/blog\/de\/wesele-w-polsce\/\">Wesele w Polsce<\/a>\r\n            <\/aside>\r\n            <\/div>\r\n    <div class=\"leonardo-image\">\r\n        <img loading=\"lazy\" decoding=\"async\" width=\"1920\" height=\"1280\" src=\"https:\/\/www.koronakarkonoszy.pl\/blog\/wp-content\/uploads\/2021\/10\/jak-wybrac-obraczki-slubne-_.jpg\" class=\"attachment-full size-full\" alt=\"Jak wybra\u0107 obr\u0105czki \u015blubne i na co zwraca\u0107 uwag\u0119?\" srcset=\"https:\/\/www.koronakarkonoszy.pl\/blog\/wp-content\/uploads\/2021\/10\/jak-wybrac-obraczki-slubne-_.jpg 1920w, https:\/\/www.koronakarkonoszy.pl\/blog\/wp-content\/uploads\/2021\/10\/jak-wybrac-obraczki-slubne-_-300x200.jpg 300w, https:\/\/www.koronakarkonoszy.pl\/blog\/wp-content\/uploads\/2021\/10\/jak-wybrac-obraczki-slubne-_-1024x683.jpg 1024w, https:\/\/www.koronakarkonoszy.pl\/blog\/wp-content\/uploads\/2021\/10\/jak-wybrac-obraczki-slubne-_-768x512.jpg 768w, https:\/\/www.koronakarkonoszy.pl\/blog\/wp-content\/uploads\/2021\/10\/jak-wybrac-obraczki-slubne-_-1536x1024.jpg 1536w\" sizes=\"auto, (max-width: 1920px) 100vw, 1920px\" \/>            <\/div>\r\n<\/section>\n\n\n<h2 class=\"wp-block-heading\" id=\"ha-jaki-jest-koszt-strojow-slubnych\">Jaki jest koszt stroj\u00f3w \u015blubnych?<\/h2>\n\n\n\n<p>Cena garnituru i sukni \u015blubnej to r\u00f3wnie\u017c wa\u017cna pozycja podczas liczenia koszt\u00f3w \u015blubu. Tu jednak b\u0119dziemy mile zaskoczeni, bo garnitur m\u0119ski spokojnie mo\u017cna kupi\u0107 ju\u017c za kilkaset z\u0142otych. Do mody wr\u00f3ci\u0142y r\u00f3wnie\u017c r\u00f3\u017cnego rodzaju uniformy s\u0142u\u017cbowe i mieszane kombinacje m\u0119skiego stroju. Na przyk\u0142ad, je\u015bli Pan M\u0142ody jest stra\u017cakiem, policjantem, g\u00f3rnikiem czy wojskowym, to spokojnie mo\u017ce <strong>i\u015b\u0107 do<\/strong> <strong>\u015blubu <\/strong>w mundurze galowym. Zw\u0142aszcza w ostatnim czasie \u0142atwo zapisa\u0107 si\u0119 do r\u00f3\u017cnych formacji (oczywi\u015bcie je\u015bli komu\u015b naprawd\u0119 na tym zale\u017cy). Mo\u017cna te\u017c wybra\u0107 str\u00f3j etniczny czy ludowy. Tego typu rozwi\u0105zania przydaj\u0105 kolorytu i czyni\u0105 wesele niezapomnianym.<\/p>\n\n\n<section id=\"leonardo-block_1f1c6cd056b776fdc455236bb5434994\" class=\"leonardo page-breaker leonardo-image-left\">\r\n    <div class=\"leonardo-body\">\r\n                <div class=\"leonardo-content\"><h3 id=\"ha-bezcenna-suknia-slubna\">Bezcenna suknia \u015blubna<\/h3>\n<p>Suknia \u015blubna&#8230; To trudny temat. Zapewne przysz\u0142a Panna M\u0142oda ma jakie\u015b preferencje. Mo\u017ce to by\u0107 tradycyjna bia\u0142a suknia \u015blubna, ale mo\u017ce te\u017c kupi\u0107 po prostu pi\u0119kn\u0105 sukienk\u0119, kt\u00f3r\u0105 zechce jeszcze wielokrotnie w\u0142o\u017cy\u0107. Albo, bo w\u0142a\u015bciwie czemu nie, jeszcze inny str\u00f3j &#8211; autor wpisu jest m\u0119\u017cczyzn\u0105 i niech mu b\u0119dzie wybaczone, \u017ce pu\u015bci\u0142 wodze fantazji&#8230; Prost\u0105, a przy tym bardzo \u0142adn\u0105 sukni\u0119 mo\u017cna kupi\u0107 ju\u017c w okolicach 200 z\u0142otych. Oczywi\u015bcie te dro\u017csze nie musz\u0105 by\u0107 &#8211; i pewnie nie s\u0105? &#8211; brzydsze. Warto r\u00f3wnie\u017c rozwa\u017cy\u0107 i sprawdzi\u0107, ile kosztuje wypo\u017cyczenie sukni \u015blubnej w naszej okolicy. Cena sukni \u015blubnej zale\u017cy wi\u0119c tak naprawd\u0119 od bud\u017cetu, jakim dysponujemy i od podej\u015bcia do kwestii materialnych.<\/p>\n<\/div>\r\n                    <aside class=\"leonardo-interlink\">\r\n                <b>Polecamy<\/b>\r\n                <a href=\"https:\/\/www.koronakarkonoszy.pl\/blog\/de\/sala-na-wesele-co-warto-wiedziec\/\">Sala na wesele &#8211; co warto wiedzie\u0107?<\/a>\r\n            <\/aside>\r\n            <\/div>\r\n    <div class=\"leonardo-image\">\r\n        <img loading=\"lazy\" decoding=\"async\" width=\"1707\" height=\"2560\" src=\"https:\/\/www.koronakarkonoszy.pl\/blog\/wp-content\/uploads\/2022\/02\/duo-chen-zeXp39YYR-s-unsplash-scaled.jpg\" class=\"attachment-full size-full\" alt=\"\" srcset=\"https:\/\/www.koronakarkonoszy.pl\/blog\/wp-content\/uploads\/2022\/02\/duo-chen-zeXp39YYR-s-unsplash-scaled.jpg 1707w, https:\/\/www.koronakarkonoszy.pl\/blog\/wp-content\/uploads\/2022\/02\/duo-chen-zeXp39YYR-s-unsplash-200x300.jpg 200w, https:\/\/www.koronakarkonoszy.pl\/blog\/wp-content\/uploads\/2022\/02\/duo-chen-zeXp39YYR-s-unsplash-683x1024.jpg 683w, https:\/\/www.koronakarkonoszy.pl\/blog\/wp-content\/uploads\/2022\/02\/duo-chen-zeXp39YYR-s-unsplash-768x1152.jpg 768w, https:\/\/www.koronakarkonoszy.pl\/blog\/wp-content\/uploads\/2022\/02\/duo-chen-zeXp39YYR-s-unsplash-1280x1920.jpg 1280w, https:\/\/www.koronakarkonoszy.pl\/blog\/wp-content\/uploads\/2022\/02\/duo-chen-zeXp39YYR-s-unsplash-1024x1536.jpg 1024w, https:\/\/www.koronakarkonoszy.pl\/blog\/wp-content\/uploads\/2022\/02\/duo-chen-zeXp39YYR-s-unsplash-1365x2048.jpg 1365w\" sizes=\"auto, (max-width: 1707px) 100vw, 1707px\" \/>            <\/div>\r\n<\/section>\n\n\n<h3 class=\"wp-block-heading\" id=\"ha-ile-kosztuje-slubny-bukiet\">Ile kosztuje \u015blubny bukiet?<\/h3>\n\n\n\n<p>Najprostszy bukiet \u015blubny mo\u017cna zrobi\u0107 z kwiat\u00f3w polnych. Wydatek w\u0142a\u015bciwie zerowy, a efekt mo\u017ce by\u0107 ol\u015bniewaj\u0105cy. Zw\u0142aszcza \u017ce wpiszemy si\u0119 w ten spos\u00f3b w tak modny obecnie nurt ekologiczny. Bukiet mo\u017cna te\u017c zrobi\u0107 z innych ro\u015blin, na przyk\u0142ad z traw czy zb\u00f3\u017c. Szalenie modne rozwi\u0105zanie! Mi\u0142o\u015bnik\u00f3w najnowszych trend\u00f3w zainteresowa\u0107 te\u017c mog\u0105 bukiety w stylu ludowym, bukiety rustykalne, w stylu boho, bukiety greenery, w stylu etnicznym lub wege, albo nawet rasta. Spokojnie mo\u017cna je zrobi\u0107 samemu. Ponadto <strong>prosty bukiet \u015blubny<\/strong> nie b\u0119dzie odwraca\u0142 uwagi od Panny M\u0142odej.<\/p>\n\n\n\n<figure class=\"wp-block-image size-large\"><img loading=\"lazy\" decoding=\"async\" width=\"1024\" height=\"683\" src=\"https:\/\/www.koronakarkonoszy.pl\/blog\/wp-content\/uploads\/2021\/10\/nikki-gibson-4ExHGkN7fzQ-unsplash-1024x683.jpg\" alt=\"\" class=\"wp-image-7978\" srcset=\"https:\/\/www.koronakarkonoszy.pl\/blog\/wp-content\/uploads\/2021\/10\/nikki-gibson-4ExHGkN7fzQ-unsplash-1024x683.jpg 1024w, https:\/\/www.koronakarkonoszy.pl\/blog\/wp-content\/uploads\/2021\/10\/nikki-gibson-4ExHGkN7fzQ-unsplash-300x200.jpg 300w, https:\/\/www.koronakarkonoszy.pl\/blog\/wp-content\/uploads\/2021\/10\/nikki-gibson-4ExHGkN7fzQ-unsplash-768x512.jpg 768w, https:\/\/www.koronakarkonoszy.pl\/blog\/wp-content\/uploads\/2021\/10\/nikki-gibson-4ExHGkN7fzQ-unsplash-1536x1024.jpg 1536w, https:\/\/www.koronakarkonoszy.pl\/blog\/wp-content\/uploads\/2021\/10\/nikki-gibson-4ExHGkN7fzQ-unsplash-18x12.jpg 18w, https:\/\/www.koronakarkonoszy.pl\/blog\/wp-content\/uploads\/2021\/10\/nikki-gibson-4ExHGkN7fzQ-unsplash.jpg 1920w\" sizes=\"auto, (max-width: 1024px) 100vw, 1024px\" \/><figcaption class=\"wp-element-caption\"><strong><a href=\"http:\/\/koronakarkonoszy.pl\/blog\/kto-za-co-placi-na-weselu\/\" target=\"_blank\" rel=\"noreferrer noopener\">Koszty wesela i \u015blubu<\/a> &#8211; bukiet Panny M\u0142odej <\/strong><\/figcaption><\/figure>\n\n\n\n<p>Za bardziej zaawansowane aran\u017cacje, kt\u00f3re mo\u017cna zam\u00f3wi\u0107 u floryst\u00f3w, trzeba ju\u017c zap\u0142aci\u0107. Normalnie bukiety kwiatowe nie s\u0105 drogie, ich ceny zaczynaj\u0105 si\u0119 ju\u017c od kilkudziesi\u0119ciu z\u0142otych. R\u00f3\u017cnica w cenie pojawi si\u0119, je\u015bli dodamy, \u017ce chodzi o bukiet \u015blubny \u2013 ich ceny potrafi\u0105 dochodzi\u0107 nawet do kilkuset z\u0142otych. W przypadku wesela z pe\u0142n\u0105 kwietn\u0105 opraw\u0105 na zam\u00f3wienie mo\u017ce to by\u0107 koszt nawet kilkunastu tysi\u0119cy z\u0142otych.<\/p>\n\n\n\n<figure class=\"wp-block-image size-full\"><img loading=\"lazy\" decoding=\"async\" width=\"800\" height=\"534\" src=\"https:\/\/www.koronakarkonoszy.pl\/blog\/wp-content\/uploads\/2021\/07\/sala_ludzie.jpg\" alt=\"sala ludzie\" class=\"wp-image-666\" srcset=\"https:\/\/www.koronakarkonoszy.pl\/blog\/wp-content\/uploads\/2021\/07\/sala_ludzie.jpg 800w, https:\/\/www.koronakarkonoszy.pl\/blog\/wp-content\/uploads\/2021\/07\/sala_ludzie-300x200.jpg 300w, https:\/\/www.koronakarkonoszy.pl\/blog\/wp-content\/uploads\/2021\/07\/sala_ludzie-768x513.jpg 768w\" sizes=\"auto, (max-width: 800px) 100vw, 800px\" \/><figcaption class=\"wp-element-caption\"><strong>Wesele w g\u00f3rach<\/strong><\/figcaption><\/figure>\n\n\n\n<h3 class=\"wp-block-heading\" id=\"ha-jaka-jest-cena-sali-weselnej-lub-balowej\">Jaka jest cena sali weselnej lub balowej?<\/h3>\n\n\n\n<p><strong>Koszt sali weselnej<\/strong> <strong>zale\u017ce\u0107 b\u0119dzie przede wszystkim od standardu i po\u0142o\u017cenia obiektu<\/strong>. Tak\u017ce od tego, czy na miejscu s\u0105 pokoje dla Pa\u0144stwa M\u0142odych i go\u015bci. Przede wszystkim trzeba osobi\u015bcie sprawdzi\u0107 taki obiekt. Zobaczy\u0107, jak si\u0119 tam czujemy, czy obs\u0142uga jest mi\u0142a, jak wygl\u0105da otoczenie. Dlaczego to takie wa\u017cne? Koszt wynaj\u0119cia sali weselnej plasuje si\u0119 wysoko na li\u015bcie \u015blubnych wydatk\u00f3w. Cena sali weselnej zwykle uwzgl\u0119dnia ju\u017c obs\u0142ug\u0119, ale na przyk\u0142ad dekoracj\u0119 sali niekoniecznie. Takie rzeczy trzeba drobiazgowo sprawdzi\u0107. Wi\u0119c aby unikn\u0105\u0107 niespodzianek, zapytaj mened\u017cera lub w\u0142a\u015bciciela, co wchodzi w sk\u0142ad podanej kwoty, a tak\u017ce z jakimi dodatkowymi wydatkami powiniene\u015b si\u0119 liczy\u0107. Spytaj, gdzie jest parking \u2013 zwykle wolimy mie\u0107 auto pod r\u0119k\u0105. Sprawd\u017a, czy jest k\u0105cik dla dzieci albo palarnia? Trzeba te\u017c zadba\u0107, by go\u015bcie mieli gdzie wyj\u015b\u0107 i si\u0119 przewietrzy\u0107.<\/p>\n\n\n\n<p>Nie obawiajmy si\u0119 zadawa\u0107 pyta\u0144. Do\u015bwiadczeni organizatorzy wesel powinni udzieli\u0107 nam wszystkich niezb\u0119dnych odpowiedzi i jeszcze podpowiedzie\u0107 co\u015b od siebie. Optymalnie by\u0142oby znale\u017a\u0107 specjalist\u0119, kt\u00f3ry za\u0142atwi wszystkie sprawy organizacyjne za nas.<\/p>\n\n\n<section id=\"leonardo-block_7d6ef3fbc3517264b33645908c89f6d6\" class=\"leonardo page-breaker leonardo-image-right\">\r\n    <div class=\"leonardo-body\">\r\n                <div class=\"leonardo-content\"><h3 id=\"ha-na-co-zwracac-uwage-przy-wyborze-sali-weselnej\">Na co zwraca\u0107 uwag\u0119 przy wyborze sali weselnej?<\/h3>\n<p>Jest jeszcze kilka rzeczy, na kt\u00f3re warto zwr\u00f3ci\u0107 uwag\u0119 szukaj\u0105c sali weselnej. Na przyk\u0142ad: ile dok\u0142adnie os\u00f3b mo\u017ce wygodnie bawi\u0107 si\u0119 w danym obiekcie? Najcz\u0119\u015bciej organizuje si\u0119 wesela na 100 \u2013 150 os\u00f3b, wa\u017cne wi\u0119c, by go\u015bcie czuli si\u0119 komfortowo i mieli swobod\u0119 ruchu. Koniecznie trzeba te\u017c zwr\u00f3ci\u0107 uwag\u0119 na wysoko\u015b\u0107 sali balowej. Przy intensywnej zabawie zu\u017cyjemy du\u017co tlenu. Im wy\u017csza sala, tym swobodniej b\u0119dzie si\u0119 oddycha\u0107, a i akustyka b\u0119dzie du\u017co lepsza. Spytajmy koniecznie, czy sala ma klimatyzacj\u0119. Bez niej wesele w upalny dzie\u0144 mo\u017ce zmieni\u0107 si\u0119 w katastrof\u0119!<\/p>\n<\/div>\r\n                    <aside class=\"leonardo-interlink\">\r\n                <b>Polecamy<\/b>\r\n                <a href=\"https:\/\/www.koronakarkonoszy.pl\/blog\/de\/gdzie-wesele\/\">Gdzie wesele, czyli jak wybra\u0107 idealne miejsce?<\/a>\r\n            <\/aside>\r\n            <\/div>\r\n    <div class=\"leonardo-image\">\r\n        <img loading=\"lazy\" decoding=\"async\" width=\"800\" height=\"534\" src=\"https:\/\/www.koronakarkonoszy.pl\/blog\/wp-content\/uploads\/2021\/07\/newwesela-uklad-stolu.jpg\" class=\"attachment-full size-full\" alt=\"wesela uk\u0142ad sto\u0142u\" srcset=\"https:\/\/www.koronakarkonoszy.pl\/blog\/wp-content\/uploads\/2021\/07\/newwesela-uklad-stolu.jpg 800w, https:\/\/www.koronakarkonoszy.pl\/blog\/wp-content\/uploads\/2021\/07\/newwesela-uklad-stolu-300x200.jpg 300w, https:\/\/www.koronakarkonoszy.pl\/blog\/wp-content\/uploads\/2021\/07\/newwesela-uklad-stolu-768x513.jpg 768w\" sizes=\"auto, (max-width: 800px) 100vw, 800px\" \/>            <\/div>\r\n<\/section>\n\n\n<h3 class=\"wp-block-heading\"><mark class=\"annotation-text annotation-text-yoast\" id=\"annotation-text-03d23a79-ac9c-441d-a554-35de573bd621\"><\/mark>Co si\u0119 kryje pod poj\u0119ciem \u201etalerzyk weselny\u201d?<\/h3>\n\n\n\n<p>Zanim podpiszesz umow\u0119, zorientuj si\u0119, jaka jest cena za talerzyk. Zazwyczaj mie\u015bci si\u0119 w przedziale 200-500 z\u0142otych. R\u00f3\u017cnica jest wi\u0119c spora, szczeg\u00f3lnie je\u015bli planujesz wesele na 100 os\u00f3b. To kwota za jednego go\u015bcia<strong>. Koszt wesela na 100 os\u00f3b<\/strong> wyliczymy wi\u0119c, po prostu mno\u017c\u0105c t\u0119 stawk\u0119 razy 100.<\/p>\n\n\n\n<p>Upewnij si\u0119, \u017ce ca\u0142kowity koszt uwzgl\u0119dnia dania gor\u0105ce, przek\u0105ski i obs\u0142ug\u0119 kelnersk\u0105.&nbsp;Nale\u017cy te\u017c u\u015bci\u015bli\u0107, jakie posi\u0142ki chcemy poda\u0107 na weselu. Musimy, po pierwsze, wybra\u0107 weselne menu, nast\u0119pnie ustali\u0107, co i o kt\u00f3rej godzinie ma by\u0107 podane. Zastanowi\u0107 si\u0119, ile ma by\u0107 ciep\u0142ych da\u0144, jakie desery etc. Ca\u0142kowity koszt wesela na 100 os\u00f3b zmieni si\u0119 oczywi\u015bcie, je\u015bli zam\u00f3wimy dodatkowo na przyk\u0142ad d\u0142ugie poprawiny. Trzeba te\u017c zdecydowa\u0107, jakie maj\u0105 by\u0107 napoje. Oczywi\u015bcie ceny te zale\u017c\u0105 od wybranego menu, standardu obs\u0142ugi, sezonu i innych zmiennych.<\/p>\n\n\n\n<figure class=\"wp-block-image size-large\"><a href=\"https:\/\/www.koronakarkonoszy.pl\/blog\/drink-bar-na-wesele\/\"><img loading=\"lazy\" decoding=\"async\" width=\"1024\" height=\"683\" src=\"https:\/\/www.koronakarkonoszy.pl\/blog\/wp-content\/uploads\/2022\/05\/wesele-w-sylwestra-1024x683.jpg\" alt=\"wesele w sylwestra: szampan\" class=\"wp-image-3869\" srcset=\"https:\/\/www.koronakarkonoszy.pl\/blog\/wp-content\/uploads\/2022\/05\/wesele-w-sylwestra-1024x683.jpg 1024w, https:\/\/www.koronakarkonoszy.pl\/blog\/wp-content\/uploads\/2022\/05\/wesele-w-sylwestra-300x200.jpg 300w, https:\/\/www.koronakarkonoszy.pl\/blog\/wp-content\/uploads\/2022\/05\/wesele-w-sylwestra-768x512.jpg 768w, https:\/\/www.koronakarkonoszy.pl\/blog\/wp-content\/uploads\/2022\/05\/wesele-w-sylwestra-1536x1024.jpg 1536w, https:\/\/www.koronakarkonoszy.pl\/blog\/wp-content\/uploads\/2022\/05\/wesele-w-sylwestra.jpg 1920w\" sizes=\"auto, (max-width: 1024px) 100vw, 1024px\" \/><\/a><figcaption class=\"wp-element-caption\"><a href=\"https:\/\/www.koronakarkonoszy.pl\/blog\/drink-bar-na-wesele\/\" target=\"_blank\" rel=\"noreferrer noopener\"><strong>Alkohol na wesele<\/strong><\/a><\/figcaption><\/figure>\n\n\n\n<h2 class=\"wp-block-heading\" id=\"ha-jak-obliczyc-koszt-alkoholu-na-wesele-dla-100-osob\">Jak obliczy\u0107 koszt alkoholu na wesele dla 100 os\u00f3b?<\/h2>\n\n\n\n<p>Z uwagi na to, \u017ce gusta si\u0119 zmieniaj\u0105 i nie wszyscy lubi\u0105 wysokoprocentowe napoje, zaplanujmy opr\u00f3cz tradycyjnej bia\u0142ej w\u00f3dki r\u00f3wnie\u017c inne trunki. Wino dobrej jako\u015bci czy piwo z lokalnego browaru, jak r\u00f3wnie\u017c inne, tak\u017ce niealkoholowe ciekawe napoje zawsze robi\u0105 dobre wra\u017cenie. Jakie wi\u0119c <a href=\"https:\/\/www.koronakarkonoszy.pl\/blog\/wino-na-wesele-jakie-wybrac\/\" target=\"_blank\" rel=\"noreferrer noopener\">wino na wesele<\/a> wybra\u0107, aby zaspokoi\u0107 podniebienie nawet najbardziej wymagaj\u0105cego smakosza? Pami\u0119taj, \u017ce starannie wybrany trunek u\u015bwietni ka\u017cde przyj\u0119cie. Chocia\u017c powszechnie przyj\u0119\u0142o si\u0119, \u017ce w okresie jesienno-zimowym pijemy czerwone, ci\u0119\u017csze wino, a wiosn\u0105 i latem si\u0119gamy po orze\u017awiaj\u0105ce gatunki bia\u0142ego wina, nie musisz si\u0119 tym kierowa\u0107. Postaw na wysok\u0105 jako\u015b\u0107 alkoholu i pozytywnie zaskocz swoich go\u015bci! Je\u015bli chcesz pod\u0105\u017ca\u0107 za mod\u0105, pami\u0119taj, \u017ce od kilku lat w\u015br\u00f3d kobiet triumfy \u015bwi\u0119ci prosecco \u2013 orze\u017awiaj\u0105ce musuj\u0105ce bia\u0142e wino, idealne zw\u0142aszcza na upalne dni.<\/p>\n\n\n\n<style>\n    .cta_block{\n        margin: 1.5em 0;\n    }\n    .cta_block_content {\n        position: relative;\n        color: white;\n        padding: 1em;\n    }\n    .cta_block_content h3{\n        text-align: center;\n        font: normal normal normal 36px\/50px Yeseva One;\n    }\n    .cta_block_content .cta_block_desc{\n        text-align: center;\n        font-size: 1.1em;\n        position: relative;\n    }\n    .cta_block_content .cta_block_desc:before {\n        content: '';\n        width: 80px;\n        height: 4px;\n        background: #EEB315;\n        position: absolute;\n        left: 0;\n        right: 0;\n        margin-left: auto;\n        margin-right: auto;\n        top: -22px;\n    }\n\n    .cta_block_content picture{\n        position: absolute;\n        top: 0;\n        right: 0;\n        z-index: -1;\n        height: 100%;\n        overflow: hidden;\n        width: 100%;\n    }\n    .cta_block_content picture img{\n        object-fit: cover;\n        height: 100%;\n        width: 100%;\n    }\n    .cta_block .cta_block_content .ninja-forms-field{\n        background: #FFFFFF2F;\n        border: 1px solid #EEB315;\n        border-radius: 25px;\n        opacity: 1;\n        color: #ffffff;\n    }\n    .cta_block .cta_block_content .nf-form-content input[type=submit]{\n        background-color: #EEB315;\n        color: #292929;\n        text-align: center;\n        font: normal normal bold 14px\/20px Work Sans;\n        padding: 0 2em;\n    }\n\n    .cta_block ::placeholder{\n        color: white!important;\n        opacity: 1;\n    }\n\n    .cta_block_content::after {\n        height: 100%;\n        width: 100%;\n        content: \"\";\n        z-index: -1;\n        position: absolute;\n        top: 0;\n        background: #00000070;\n        right: 0;\n        left: 0;\n        bottom: 0;\n    }\n    #ha-cta-block, .cta_block_desc, .cta_block .nf-field-label, .cta_block .nf-error-msg {\n        filter: drop-shadow(1px 1px 8px black);\n    }\n\n\/*    .cta_block nf-rows-wrap {\n        display: flex;\n        justify-content: space-around;\n        flex-direction: row;\n    }*\/\n\n    .cta_block .nf-field-label {\n        display:none;\n    }\n\n    .cta_block .nf-error.field-wrap .nf-field-element::after {\n        border-radius: 50px;\n    }\n\n    .cta_block .nf-error-msg {\n        color: #fff;\n    }\n\n    .cta_block .nf-form-cont {\n        margin-top: 3em;\n        margin-bottom: 1em;\n    }\n\n    .wp-admin .cta_block_content{\n        display: none;\n    }\n    .cta_block .nf-form-fields-required {\n        display: none;\n    }\n    body:not(.wp-admin) .cta_block_admin {\n        display: none;\n    }\n<\/style>\n<div id=\"cta_block-block_fc72cfa7462c8e8fd9a3aa05078a050e\" class=\"cta_block\">\n    <div class=\"cta_block_admin\" style=\"background-color: blue; color: white\">\n        Blok CTA\n    <\/div>\n    <div class=\"cta_block\">\n        <div class=\"cta_block_content\">   \n        <h3 id=\"ha-wesele-w-gorach-na-100-osob\">Wesele w g\u00f3rach na 100 os\u00f3b? <\/h3>\n                    <div class=\"cta_block_desc\">W Dworze Korona Karkonoszy zawsze udane! <\/div>\n                <noscript class=\"ninja-forms-noscript-message\">\n\tHinweis: F\u00fcr diesen Inhalt ist JavaScript erforderlich.<\/noscript>\n<div id=\"nf-form-3_1-cont\" class=\"nf-form-cont\" aria-live=\"polite\" aria-labelledby=\"nf-form-title-3_1\" aria-describedby=\"nf-form-errors-3_1\" role=\"form\">\n\n    <div class=\"nf-loading-spinner\"><\/div>\n\n<\/div>\n        <!-- That data is being printed as a workaround to page builders reordering the order of the scripts loaded-->\n        <script>var formDisplay=1;var nfForms=nfForms||[];var form=[];form.id='3_1';form.settings={\"objectType\":\"Form Setting\",\"editActive\":true,\"title\":\"Block CTA\",\"created_at\":\"2022-11-08 16:03:33\",\"default_label_pos\":\"above\",\"show_title\":0,\"clear_complete\":\"1\",\"hide_complete\":\"1\",\"logged_in\":\"\",\"wrapper_class\":\"\",\"element_class\":\"\",\"key\":\"\",\"add_submit\":\"0\",\"changeEmailErrorMsg\":\"Bitte gib eine g\\u00fcltige E-Mail-Adresse ein.\",\"changeDateErrorMsg\":\"Bitte gib ein g\\u00fcltiges Datum ein!\",\"confirmFieldErrorMsg\":\"Diese Felder m\\u00fcssen \\u00fcbereinstimmen!\",\"fieldNumberNumMinError\":\"Die eingegebene Zahl ist zu klein.\",\"fieldNumberNumMaxError\":\"Die eingegebene Zahl ist zu gross.\",\"fieldNumberIncrementBy\":\"Bitte erh\\u00f6hen in Schritten von\",\"formErrorsCorrectErrors\":\"Bitte korrigiere die Fehler, bevor du das Formular sendest.\",\"validateRequiredField\":\"Dies ist ein Pflichtfeld.\",\"honeypotHoneypotError\":\"Honeypot-Fehler\",\"fieldsMarkedRequired\":\"Felder mit einem &lt;span class=&quot;ninja-forms-req-symbol&quot;&gt;*&lt;\\\/span&gt; sind Pflichtfelder\",\"currency\":\"\",\"repeatable_fieldsets\":\"\",\"unique_field_error\":\"Formularz z t\\u0105 warto\\u015bci\\u0105 zosta\\u0142 ju\\u017c przes\\u0142any.\",\"not_logged_in_msg\":\"\",\"sub_limit_msg\":\"Formularz osi\\u0105gn\\u0105\\u0142 limit wys\\u0142a\\u0144.\",\"calculations\":[],\"container_styles_show_advanced_css\":\"0\",\"title_styles_show_advanced_css\":\"0\",\"row_styles_show_advanced_css\":\"0\",\"row-odd_styles_show_advanced_css\":\"0\",\"success-msg_styles_show_advanced_css\":\"0\",\"error_msg_styles_show_advanced_css\":\"0\",\"formContentData\":[{\"order\":1,\"cells\":[{\"order\":0,\"fields\":[\"phone_1640098023980\"],\"width\":35},{\"order\":1,\"fields\":[\"adres_e-mail_1667919839452\"],\"width\":35},{\"order\":2,\"fields\":[\"zapisz_mnie_1667919853255\"],\"width\":30}]}],\"drawerDisabled\":false,\"conditions\":[],\"allow_public_link\":0,\"embed_form\":\"\",\"container_styles_border\":\"\",\"container_styles_height\":\"\",\"container_styles_margin\":\"\",\"container_styles_padding\":\"\",\"container_styles_float\":\"\",\"title_styles_border\":\"\",\"title_styles_height\":\"\",\"title_styles_width\":\"\",\"title_styles_font-size\":\"\",\"title_styles_margin\":\"\",\"title_styles_padding\":\"\",\"title_styles_float\":\"\",\"row_styles_border\":\"\",\"row_styles_width\":\"\",\"row_styles_font-size\":\"\",\"row_styles_margin\":\"\",\"row_styles_padding\":\"\",\"row-odd_styles_border\":\"\",\"row-odd_styles_height\":\"\",\"row-odd_styles_width\":\"\",\"row-odd_styles_font-size\":\"\",\"row-odd_styles_margin\":\"\",\"row-odd_styles_padding\":\"\",\"success-msg_styles_border\":\"\",\"success-msg_styles_height\":\"\",\"success-msg_styles_width\":\"\",\"success-msg_styles_font-size\":\"\",\"success-msg_styles_margin\":\"\",\"success-msg_styles_padding\":\"\",\"error_msg_styles_border\":\"\",\"error_msg_styles_width\":\"\",\"error_msg_styles_font-size\":\"\",\"error_msg_styles_margin\":\"\",\"error_msg_styles_padding\":\"\",\"form_title_heading_level\":\"3\",\"ninjaForms\":\"Ninja Forms\",\"fieldTextareaRTEInsertLink\":\"Link einf\\u00fcgen\",\"fieldTextareaRTEInsertMedia\":\"Medien einf\\u00fcgen\",\"fieldTextareaRTESelectAFile\":\"Eine Datei ausw\\u00e4hlen\",\"formHoneypot\":\"Falls du ein Mensch bist und dieses Feld siehst, dann lasse es bitte leer.\",\"fileUploadOldCodeFileUploadInProgress\":\"Datei-Upload l\\u00e4uft.\",\"fileUploadOldCodeFileUpload\":\"DATEI-UPLOAD\",\"currencySymbol\":\"&#36;\",\"thousands_sep\":\".\",\"decimal_point\":\",\",\"siteLocale\":\"de_DE\",\"dateFormat\":\"m\\\/d\\\/Y\",\"startOfWeek\":\"1\",\"of\":\"von\",\"previousMonth\":\"Vorheriger Monat\",\"nextMonth\":\"N\\u00e4chster Monat\",\"months\":[\"Januar\",\"Februar\",\"M\\u00e4rz\",\"April\",\"Mai\",\"Juni\",\"Juli\",\"August\",\"September\",\"Oktober\",\"November\",\"Dezember\"],\"monthsShort\":[\"Jan.\",\"Feb.\",\"M\\u00e4rz\",\"Apr.\",\"Mai\",\"Juni\",\"Juli\",\"Aug\",\"Sep.\",\"Okt.\",\"Nov.\",\"Dez.\"],\"weekdays\":[\"Sonntag\",\"Montag\",\"Dienstag\",\"Mittwoch\",\"Donnerstag\",\"Freitag\",\"Samstag\"],\"weekdaysShort\":[\"So.\",\"Mo.\",\"Di.\",\"Mi.\",\"Do.\",\"Fr.\",\"Sa.\"],\"weekdaysMin\":[\"So.\",\"Mo.\",\"Di.\",\"Mi.\",\"Do.\",\"Fr.\",\"Sa.\"],\"recaptchaConsentMissing\":\"reCaptcha validation couldn&#039;t load.\",\"recaptchaMissingCookie\":\"reCaptcha v3 validation couldn&#039;t load the cookie needed to submit the form.\",\"recaptchaConsentEvent\":\"Accept reCaptcha cookies before sending the form.\",\"currency_symbol\":\"\",\"beforeForm\":\"\",\"beforeFields\":\"\",\"afterFields\":\"\",\"afterForm\":\"\"};form.fields=[{\"objectType\":\"Field\",\"objectDomain\":\"fields\",\"editActive\":false,\"order\":1,\"idAttribute\":\"id\",\"type\":\"phone\",\"label\":\"Numer telefonu\",\"key\":\"phone_1640098023980\",\"label_pos\":\"above\",\"required\":1,\"default\":\"\",\"placeholder\":\"Numer telefonu\",\"container_class\":\"\",\"element_class\":\"\",\"input_limit\":\"\",\"input_limit_type\":\"characters\",\"input_limit_msg\":\"Liczba pozosta\\u0142ych znak\\u00f3w:\",\"manual_key\":\"\",\"admin_label\":\"\",\"help_text\":\"\",\"mask\":\"\",\"custom_mask\":\"\",\"custom_name_attribute\":\"phone\",\"personally_identifiable\":1,\"wrap_styles_border\":\"\",\"wrap_styles_width\":\"\",\"wrap_styles_margin\":\"\",\"wrap_styles_padding\":\"\",\"wrap_styles_float\":\"\",\"wrap_styles_show_advanced_css\":0,\"label_styles_border\":\"\",\"label_styles_width\":\"\",\"label_styles_font-size\":\"\",\"label_styles_margin\":\"\",\"label_styles_padding\":\"\",\"label_styles_float\":\"\",\"label_styles_show_advanced_css\":0,\"element_styles_border\":\"\",\"element_styles_width\":\"\",\"element_styles_font-size\":\"\",\"element_styles_margin\":\"\",\"element_styles_padding\":\"\",\"element_styles_float\":\"\",\"element_styles_show_advanced_css\":0,\"cellcid\":\"c3386\",\"value\":\"\",\"field_label\":\"Numer telefonu\",\"field_key\":\"phone_1640098023980\",\"drawerDisabled\":false,\"id\":\"8_1\",\"beforeField\":\"\",\"afterField\":\"\",\"parentType\":\"textbox\",\"element_templates\":[\"tel\",\"textbox\",\"input\"],\"old_classname\":\"\",\"wrap_template\":\"wrap\"},{\"objectType\":\"Field\",\"objectDomain\":\"fields\",\"editActive\":false,\"order\":2,\"idAttribute\":\"id\",\"type\":\"email\",\"label\":\"Adres e-mail\",\"key\":\"adres_e-mail_1667919839452\",\"label_pos\":\"above\",\"required\":1,\"default\":\"\",\"placeholder\":\"Adres e-mail\",\"container_class\":\"\",\"element_class\":\"\",\"admin_label\":\"\",\"help_text\":\"\",\"custom_name_attribute\":\"email\",\"personally_identifiable\":1,\"wrap_styles_border\":\"\",\"wrap_styles_width\":\"\",\"wrap_styles_margin\":\"\",\"wrap_styles_padding\":\"\",\"wrap_styles_float\":\"\",\"wrap_styles_show_advanced_css\":0,\"label_styles_border\":\"\",\"label_styles_width\":\"\",\"label_styles_font-size\":\"\",\"label_styles_margin\":\"\",\"label_styles_padding\":\"\",\"label_styles_float\":\"\",\"label_styles_show_advanced_css\":0,\"element_styles_border\":\"\",\"element_styles_width\":\"\",\"element_styles_font-size\":\"\",\"element_styles_margin\":\"\",\"element_styles_padding\":\"\",\"element_styles_float\":\"\",\"element_styles_show_advanced_css\":0,\"cellcid\":\"c3389\",\"value\":\"\",\"drawerDisabled\":false,\"field_label\":\"E-mail\",\"field_key\":\"email_1640098026199\",\"id\":\"9_1\",\"beforeField\":\"\",\"afterField\":\"\",\"parentType\":\"email\",\"element_templates\":[\"email\",\"input\"],\"old_classname\":\"\",\"wrap_template\":\"wrap\"},{\"objectType\":\"Field\",\"objectDomain\":\"fields\",\"editActive\":false,\"order\":3,\"idAttribute\":\"id\",\"type\":\"submit\",\"label\":\"Zapisz mnie\",\"processing_label\":\"W trakcie realizacji\",\"container_class\":\"\",\"element_class\":\"\",\"key\":\"zapisz_mnie_1667919853255\",\"wrap_styles_border\":\"\",\"wrap_styles_width\":\"\",\"wrap_styles_margin\":\"\",\"wrap_styles_padding\":\"\",\"wrap_styles_float\":\"\",\"wrap_styles_show_advanced_css\":0,\"element_styles_border\":\"\",\"element_styles_width\":\"\",\"element_styles_font-size\":\"\",\"element_styles_margin\":\"\",\"element_styles_padding\":\"\",\"element_styles_float\":\"\",\"element_styles_show_advanced_css\":0,\"submit_element_hover_styles_border\":\"\",\"submit_element_hover_styles_width\":\"\",\"submit_element_hover_styles_font-size\":\"\",\"submit_element_hover_styles_margin\":\"\",\"submit_element_hover_styles_padding\":\"\",\"submit_element_hover_styles_float\":\"\",\"submit_element_hover_styles_show_advanced_css\":0,\"cellcid\":\"c3391\",\"drawerDisabled\":false,\"field_label\":\"Zamawiam rozmow\\u0119\",\"field_key\":\"zamawiam_rozmowe_1640098067453\",\"id\":\"10_1\",\"beforeField\":\"\",\"afterField\":\"\",\"value\":\"\",\"label_pos\":\"above\",\"parentType\":\"textbox\",\"element_templates\":[\"submit\",\"button\",\"input\"],\"old_classname\":\"\",\"wrap_template\":\"wrap-no-label\"}];nfForms.push(form);<\/script>\n                <script id=\"nf-tmpl-cell\" type=\"text\/template\">\n            <nf-fields><\/nf-fields>\n        <\/script>\n\n        <script id=\"nf-tmpl-row\" type=\"text\/template\">\n            <nf-cells><\/nf-cells>\n        <\/script>\n\n                <img loading=\"lazy\" decoding=\"async\" width=\"1200\" height=\"800\" src=\"https:\/\/www.koronakarkonoszy.pl\/blog\/wp-content\/uploads\/2022\/12\/wesele-dolny-slask-Dwor-Korona-Karkonoszy.jpg\" class=\"attachment-full size-full\" alt=\"\" srcset=\"https:\/\/www.koronakarkonoszy.pl\/blog\/wp-content\/uploads\/2022\/12\/wesele-dolny-slask-Dwor-Korona-Karkonoszy.jpg 1200w, https:\/\/www.koronakarkonoszy.pl\/blog\/wp-content\/uploads\/2022\/12\/wesele-dolny-slask-Dwor-Korona-Karkonoszy-300x200.jpg 300w, https:\/\/www.koronakarkonoszy.pl\/blog\/wp-content\/uploads\/2022\/12\/wesele-dolny-slask-Dwor-Korona-Karkonoszy-1024x683.jpg 1024w, https:\/\/www.koronakarkonoszy.pl\/blog\/wp-content\/uploads\/2022\/12\/wesele-dolny-slask-Dwor-Korona-Karkonoszy-768x512.jpg 768w\" sizes=\"auto, (max-width: 1200px) 100vw, 1200px\" \/>        <\/div> \n    <\/div>\n<\/div>\n\n\n\n<p>A koszty? W tym przypadku niekt\u00f3rzy stosuj\u0105 tak zwany przelicznik \u201ena g\u0142ow\u0119\u201d, czyli zak\u0142adaj\u0105, ile przeci\u0119tnie potrzeba alkoholu na jedn\u0105 osob\u0119. Oczywi\u015bcie \u015bredni\u0105 mo\u017ce nam zawy\u017cy\u0107 na przyk\u0142ad ulubiony szwagier albo kolega ze studi\u00f3w, dlatego nale\u017cy przewidzie\u0107 pewien margines i do\u0142o\u017cy\u0107 nieco na zapas. Warto poradzi\u0107 si\u0119 organizator\u00f3w, ile i jakiego alkoholu zam\u00f3wi\u0107. Cz\u0119\u015b\u0107 obiekt\u00f3w weselnych ma r\u00f3wnie\u017c bufet, z kt\u00f3rego mo\u017cna b\u0119dzie skorzysta\u0107. Do\u015bwiadczeni barmani, odpowiadaj\u0105c na najcz\u0119\u015bciej zadawane pytanie: ile w\u00f3dki na wesele? zwykle proponuj\u0105 0,5 l alkoholu na g\u0142ow\u0119. Czyli \u015bredni koszt wesela na 100 os\u00f3b, je\u015bli chodzi o alkohol, to 100 razy cena 0,5 litra w\u00f3dki lub butelki wina.<\/p>\n\n\n<section id=\"leonardo-block_f6c7f736927b983049b62a181c9cabd6\" class=\"leonardo page-breaker leonardo-image-left\">\r\n    <div class=\"leonardo-body\">\r\n        <h2 class=\"leonardo-title\" id=\"h-ile-kosztuje-oprawa-muzyczna-wesela\">Ile kosztuje oprawa muzyczna wesela?<\/h2>        <div class=\"leonardo-content\"><p>W koszt organizacji wesela na 100 os\u00f3b trzeba te\u017c wliczy\u0107 koszt wynaj\u0119cia zespo\u0142u muzycznego albo DJ. Wprawdzie cz\u0119sto jest tak, \u017ce w miar\u0119 jak rozkr\u0119ca si\u0119 impreza, pojawiaj\u0105 si\u0119 ch\u0119tni do podzielenia si\u0119 swoimi ulubionymi kawa\u0142kami, to jednak chyba lepiej, \u017ceby kto\u015b nad tym czuwa\u0142. Mo\u017cemy te\u017c jednak poprosi\u0107 przyjaci\u00f3\u0142 o podobnym gu\u015bcie muzycznym o przygotowanie sk\u0142adanki. To z pewno\u015bci\u0105 pozwoli nieco zaoszcz\u0119dzi\u0107, niemniej pami\u0119tajmy, \u017ce sporo os\u00f3b woli muzyk\u0119 na \u017cywo. Dobry muzyk potrafi te\u017c dobra\u0107 odpowiedni\u0105 muzyk\u0119 do danej sytuacji czy pory wesela i stworzy\u0107 atmosfer\u0119 dobrej zabawy.<\/p>\n<\/div>\r\n                    <aside class=\"leonardo-interlink\">\r\n                <b>Polecamy<\/b>\r\n                <a href=\"https:\/\/www.koronakarkonoszy.pl\/blog\/de\/slub-w-lipcu\/\">\u015alub w lipcu \u2013 jak wybra\u0107 idealny motyw przewodni?<\/a>\r\n            <\/aside>\r\n            <\/div>\r\n    <div class=\"leonardo-image\">\r\n        <img loading=\"lazy\" decoding=\"async\" width=\"1253\" height=\"836\" src=\"https:\/\/www.koronakarkonoszy.pl\/blog\/wp-content\/uploads\/2021\/10\/zaiks-na-wesele2.jpg\" class=\"attachment-full size-full\" alt=\"\" srcset=\"https:\/\/www.koronakarkonoszy.pl\/blog\/wp-content\/uploads\/2021\/10\/zaiks-na-wesele2.jpg 1253w, https:\/\/www.koronakarkonoszy.pl\/blog\/wp-content\/uploads\/2021\/10\/zaiks-na-wesele2-300x200.jpg 300w, https:\/\/www.koronakarkonoszy.pl\/blog\/wp-content\/uploads\/2021\/10\/zaiks-na-wesele2-1024x683.jpg 1024w, https:\/\/www.koronakarkonoszy.pl\/blog\/wp-content\/uploads\/2021\/10\/zaiks-na-wesele2-768x512.jpg 768w\" sizes=\"auto, (max-width: 1253px) 100vw, 1253px\" \/>            <\/div>\r\n<\/section>\n\n\n<h2 class=\"wp-block-heading\" id=\"ha-obsluga-fotograficzna-lub-video-a-budzet-weselny\">Obs\u0142uga fotograficzna lub video a bud\u017cet weselny<\/h2>\n\n\n\n<p>Chyba ka\u017cdy chcia\u0142by mie\u0107 pami\u0105tk\u0119 z tak wa\u017cnej chwili, jak\u0105 jest \u015blub. <strong>Fotograf czy wideo operator nie musi by\u0107 drog<\/strong>i. Ale upewnijmy si\u0119, \u017ce na pewno zna swoje rzemios\u0142o! Obejrzyjmy jego portfolio, wypytajmy znajomych, sprawd\u017amy opinie w necie. Bo o ile sesj\u0119 po\u015blubn\u0105 mo\u017cna powt\u00f3rzy\u0107 &#8211; jeszcze przez jaki\u015b czas i to w r\u00f3\u017cnych plenerach &#8211; to sam\u0105 uroczysto\u015b\u0107 \u015blubu ju\u017c niekoniecznie. Tu r\u00f3wnie\u017c wide\u0142ki cenowe s\u0105 szeroko rozwarte. Renomowany artysta fotografik mo\u017ce by\u0107 drogi, a przyjaciel amator mo\u017ce nam zrobi\u0107 zdj\u0119cia nawet za darmo. Zastan\u00f3wmy si\u0119 po prostu, czego oczekujemy i co chcemy ogl\u0105da\u0107 za kilka lat.<\/p>\n\n\n\n<figure class=\"wp-block-image size-large\"><img loading=\"lazy\" decoding=\"async\" width=\"1024\" height=\"682\" src=\"https:\/\/www.koronakarkonoszy.pl\/blog\/wp-content\/uploads\/2023\/01\/Fotolia_99776245_Subscription_Monthly_M-1024x682.jpg\" alt=\"\" class=\"wp-image-6915\" srcset=\"https:\/\/www.koronakarkonoszy.pl\/blog\/wp-content\/uploads\/2023\/01\/Fotolia_99776245_Subscription_Monthly_M-1024x682.jpg 1024w, https:\/\/www.koronakarkonoszy.pl\/blog\/wp-content\/uploads\/2023\/01\/Fotolia_99776245_Subscription_Monthly_M-300x200.jpg 300w, https:\/\/www.koronakarkonoszy.pl\/blog\/wp-content\/uploads\/2023\/01\/Fotolia_99776245_Subscription_Monthly_M-768x512.jpg 768w, https:\/\/www.koronakarkonoszy.pl\/blog\/wp-content\/uploads\/2023\/01\/Fotolia_99776245_Subscription_Monthly_M-1536x1024.jpg 1536w, https:\/\/www.koronakarkonoszy.pl\/blog\/wp-content\/uploads\/2023\/01\/Fotolia_99776245_Subscription_Monthly_M.jpg 1688w\" sizes=\"auto, (max-width: 1024px) 100vw, 1024px\" \/><figcaption class=\"wp-element-caption\"><strong>Sesja po\u015blubna, <a href=\"https:\/\/www.koronakarkonoszy.pl\/wesela\/wesele-karpacz\/\" target=\"_blank\" rel=\"noreferrer noopener\">wesele Karpacz<\/a> zim\u0105 <\/strong><\/figcaption><\/figure>\n\n\n\n<h2 class=\"wp-block-heading\" id=\"ha-jaka-jest-cena-noclegu-dla-gosci-weselnych\">Jaka jest cena noclegu dla go\u015bci weselnych?<\/h2>\n\n\n\n<p>Nie ka\u017cdy organizuj\u0105c wesele czy <a href=\"https:\/\/www.koronakarkonoszy.pl\/blog\/jak-zorganizowac-przyjecie-weselne-na-30-osob\/\" class=\"links-placer\">przyj\u0119cie \u015blubne<\/a> rezerwuje noclegi dla go\u015bci. Na przyk\u0142ad urz\u0105dzaj\u0105c wesele w niewielkiej \u015bwietlicy zwykle zak\u0142adamy, \u017ce go\u015bcie sami o siebie zadbaj\u0105 i &nbsp;w odpowiednim momencie zorganizuj\u0105 sobie powr\u00f3t do domu. Je\u015bli jednak chcemy, by nasi go\u015bcie czuli si\u0119 komfortowo, raczej powinni\u015bmy zadba\u0107 o mo\u017cliwo\u015b\u0107 noclegu na miejscu. Domy weselne, hotele czy dwory na og\u00f3\u0142 oferuj\u0105 odpowiedni\u0105 <strong>baz\u0119 noclegow\u0105<\/strong>. Najcz\u0119\u015bciej ceny nocleg\u00f3w negocjuje si\u0119 razem z cen\u0105 za wynajem sali i menu. W koszt \u015blubu i wesela na 100 os\u00f3b zwykle wlicza si\u0119 i t\u0119 pozycj\u0119. Cen\u0119 za noclegi, jak zreszt\u0105 i za pozosta\u0142e pozycje, mo\u017cna obni\u017cy\u0107 organizuj\u0105c wesele na przyk\u0142ad w \u015brodku tygodnia czy w mniej popularnym sezonie.<\/p>\n\n\n<section id=\"leonardo-block_2a4ce9d69bdf960b56a2696e7b4df5a5\" class=\"leonardo page-breaker leonardo-image-right\">\r\n    <div class=\"leonardo-body\">\r\n                <div class=\"leonardo-content\"><h3 id=\"ha-elegancka-sala-weselna-zaplanuj-wesele-w-dworze\">Elegancka sala weselna &#8211; zaplanuj wesele w dworze!<\/h3>\n<p>Je\u015bli chcesz zorganizowa\u0107 huczne przyj\u0119cie w stylu glamour, poszukaj<a href=\"https:\/\/www.koronakarkonoszy.pl\/sala-weselna\/\" target=\"_blank\" rel=\"noopener\"> sali weselnej<\/a>, kt\u00f3ra mo\u017ce pomie\u015bci\u0107 do 170 os\u00f3b. Jej wysoko\u015b\u0107 wspaniale podkre\u015bla reprezentacyjny charakter. Angielskie patery na owoce, lampiony i misternie zdobione \u015bwieczniki z powodzeniem dope\u0142niaj\u0105 wystroju Dworskiej Sali Balowej. Po szale\u0144stwach na parkiecie go\u015bcie mog\u0105 odpocz\u0105\u0107 w pi\u0119knym ogrodzie r\u00f3\u017canym lub na wewn\u0119trznej antresoli (Biblioteka Cafe) .<\/p>\n<\/div>\r\n                    <aside class=\"leonardo-interlink\">\r\n                <b>Polecamy<\/b>\r\n                <a href=\"https:\/\/www.koronakarkonoszy.pl\/blog\/de\/koszt-wesela-na-100-osob\/\"><\/a>\r\n            <\/aside>\r\n            <\/div>\r\n    <div class=\"leonardo-image\">\r\n        <img loading=\"lazy\" decoding=\"async\" width=\"1254\" height=\"835\" src=\"https:\/\/www.koronakarkonoszy.pl\/blog\/wp-content\/uploads\/2021\/10\/stol-panstwa-mlodych.jpg\" class=\"attachment-full size-full\" alt=\"Jak ozdobi\u0107 st\u00f3\u0142 Pa\u0144stwa M\u0142odych?\" srcset=\"https:\/\/www.koronakarkonoszy.pl\/blog\/wp-content\/uploads\/2021\/10\/stol-panstwa-mlodych.jpg 1254w, https:\/\/www.koronakarkonoszy.pl\/blog\/wp-content\/uploads\/2021\/10\/stol-panstwa-mlodych-300x200.jpg 300w, https:\/\/www.koronakarkonoszy.pl\/blog\/wp-content\/uploads\/2021\/10\/stol-panstwa-mlodych-1024x682.jpg 1024w, https:\/\/www.koronakarkonoszy.pl\/blog\/wp-content\/uploads\/2021\/10\/stol-panstwa-mlodych-768x511.jpg 768w\" sizes=\"auto, (max-width: 1254px) 100vw, 1254px\" \/>            <\/div>\r\n<\/section>\n\n\n<h2 class=\"wp-block-heading\"><strong>Jak rozmawia\u0107 o kosztach wesela?<\/strong><\/h2>\n\n\n\n<p>Cho\u0107 rozmowy o wymarzonym \u015blubie to zawsze przyjemno\u015b\u0107, to temat koszt\u00f3w wesela w wielu rodzinach mo\u017ce by\u0107 trudny. Zw\u0142aszcza, \u017ce z kolejnymi latami koszty wesela rosn\u0105. A je\u015bli \u015blub i wesele ma by\u0107 dopiero za 2 lub 3 lata, trzeba jeszcze doliczy\u0107 rosn\u0105ce ceny wszystkich towar\u00f3w i us\u0142ug. Trudno wtedy dok\u0142adnie oszacowa\u0107, ile wyniesie koszt wesela. Nie b\u00f3jmy si\u0119 jednak rozmawia\u0107 o funduszach na wesele. Przecie\u017c nasi dziadkowie i babcie te\u017c borykali si\u0119 z r\u00f3\u017cnymi sytuacjami, a mimo to mieli odwag\u0119 zak\u0142ada\u0107 rodziny. Co wi\u0119cej, dzi\u0119ki temu r\u00f3wnie\u017c i my mo\u017cemy teraz cieszy\u0107 si\u0119 tym, co w \u017cyciu najlepsze. Czyli mi\u0142o\u015bci\u0105 bliskiej osoby i razem z ni\u0105 z nadziej\u0105 patrzy\u0107 w przysz\u0142o\u015b\u0107.<\/p>\n\n\n\n<figure class=\"wp-block-image size-full\"><img loading=\"lazy\" decoding=\"async\" width=\"744\" height=\"497\" src=\"https:\/\/www.koronakarkonoszy.pl\/blog\/wp-content\/uploads\/2022\/12\/wesele-w-plenerze.jpg\" alt=\"\" class=\"wp-image-6540\" srcset=\"https:\/\/www.koronakarkonoszy.pl\/blog\/wp-content\/uploads\/2022\/12\/wesele-w-plenerze.jpg 744w, https:\/\/www.koronakarkonoszy.pl\/blog\/wp-content\/uploads\/2022\/12\/wesele-w-plenerze-300x200.jpg 300w\" sizes=\"auto, (max-width: 744px) 100vw, 744px\" \/><figcaption class=\"wp-element-caption\"><strong><a href=\"https:\/\/www.koronakarkonoszy.pl\/wesele\/\" target=\"_blank\" rel=\"noreferrer noopener\">Wesele w plenerze,<\/a> Dw\u00f3r Korona Karkonoszy, Sosn\u00f3wka k. Karpacza <\/strong><\/figcaption><\/figure>\n\n\n\n<p>A zatem <strong>jak rozmawia\u0107 o kosztach wesela<\/strong>? Odpowied\u017a brzmi: po prostu i rzeczowo. O czym kiedy\u015b powiemy dzieciom? Czy o tym, ile uda\u0142o nam si\u0119 zaoszcz\u0119dzi\u0107 na weselnym torcie czy raczej opowiemy, jaki by\u0142 wspania\u0142y i smaczny. Dlatego o kosztach wesela musimy rozmawia\u0107 jak o inwestycji w przysz\u0142o\u015b\u0107 i wspomnieniach, kt\u00f3re pozostan\u0105 z nami do ko\u0144ca \u017cycia.<\/p>\n\n\n\n<h3 class=\"wp-block-heading\" id=\"ha-organizacja-wesela-na-100-osob-szacowanie-kosztow\">Organizacja wesela na 100 os\u00f3b &#8211; szacowanie koszt\u00f3w<\/h3>\n\n\n\n<p>Podsumowuj\u0105c: jaki koszt wesela na 100 os\u00f3b musimy bra\u0107 pod uwag\u0119? Wyra\u017anie wida\u0107, \u017ce <strong>trudno oszacowa\u0107 \u015bredni koszt wesela<\/strong> z powodu bardzo wielu zmiennych. Jednak prosty kalkulator \u015blubny ka\u017cdy mo\u017ce sobie zrobi\u0107 sam. Na przyk\u0142ad odr\u0119cznie, w formie prostej tabeli albo w arkuszu programu kalkulacyjnego. Wystarczy po prostu ustali\u0107, co jest niezb\u0119dne i na czym najbardziej nam zale\u017cy podczas \u015blubu i wesela.<\/p>\n\n\n\n<figure class=\"wp-block-image size-large\"><img loading=\"lazy\" decoding=\"async\" width=\"1024\" height=\"683\" src=\"https:\/\/www.koronakarkonoszy.pl\/blog\/wp-content\/uploads\/2022\/01\/Zabawy-weselne-integracyjne-1024x683.jpg\" alt=\"Zabawy weselne integracyjne, kt\u00f3re porw\u0105 na parkiet wszystkich weselnik\u00f3w\" class=\"wp-image-2584\" srcset=\"https:\/\/www.koronakarkonoszy.pl\/blog\/wp-content\/uploads\/2022\/01\/Zabawy-weselne-integracyjne-1024x683.jpg 1024w, https:\/\/www.koronakarkonoszy.pl\/blog\/wp-content\/uploads\/2022\/01\/Zabawy-weselne-integracyjne-300x200.jpg 300w, https:\/\/www.koronakarkonoszy.pl\/blog\/wp-content\/uploads\/2022\/01\/Zabawy-weselne-integracyjne-768x512.jpg 768w, https:\/\/www.koronakarkonoszy.pl\/blog\/wp-content\/uploads\/2022\/01\/Zabawy-weselne-integracyjne.jpg 1254w\" sizes=\"auto, (max-width: 1024px) 100vw, 1024px\" \/><figcaption class=\"wp-element-caption\"><strong>Wesele,<a href=\"https:\/\/www.koronakarkonoszy.pl\/wesele\/\" target=\"_blank\" rel=\"noreferrer noopener\"> Dw\u00f3r Korona Karkonoszy, <\/a>Sosn\u00f3wka k. Karpacza <\/strong><\/figcaption><\/figure>\n\n\n\n<p>Na koszt wesela sk\u0142ada si\u0119 tak wiele czynnik\u00f3w, \u017ce wyliczenie mo\u017cna zrobi\u0107 w zasadzie tylko w przybli\u017ceniu. Na przyk\u0142ad mo\u017cna zam\u00f3wi\u0107 spersonalizowane serwetki i r\u0119czniki tylko na t\u0119 jedn\u0105 okazj\u0119. Pojecha\u0107 do \u015blubu karoc\u0105 albo oldsmobilem. Zam\u00f3wi\u0107 prawdziwe motyle do wypuszczenia po wyj\u015bciu z ko\u015bcio\u0142a lub urz\u0119du (tylko ze specjalnej hodowli!). Sprowadzi\u0107 celebryt\u0119, by swym wyst\u0119pem u\u015bwietni\u0142 nasz \u015blub. Wszystko zale\u017cy od tego, ile dodatkowych us\u0142ug zechcemy zam\u00f3wi\u0107. Pakiet weselny mo\u017ce sk\u0142ada\u0107 si\u0119 z kilku lub nawet kilkudziesi\u0119ciu element\u00f3w. W tym wypadku nawet trudno m\u00f3wi\u0107, \u017ce standard wesela wyznacza nam to, jakim dysponujemy bud\u017cetem. W przypadku \u015blubu i wesela zar\u00f3wno Pa\u0144stwo M\u0142odzi, jak te\u017c rodzice czy nawet dziadkowie zwykle nie szcz\u0119dz\u0105 pieni\u0119dzy i s\u0105 sk\u0142onni nawet si\u0119 zapo\u017cyczy\u0107, byle tylko spe\u0142ni\u0107 <strong>marzenia o wyj\u0105tkowym weselu<\/strong>. <\/p>\n\n\n\n<figure class=\"wp-block-image size-large\"><img loading=\"lazy\" decoding=\"async\" width=\"1024\" height=\"683\" src=\"https:\/\/www.koronakarkonoszy.pl\/blog\/wp-content\/uploads\/2021\/05\/MG_28_11_53_IM5_4444-1024x683.jpg\" alt=\"\" class=\"wp-image-6616\" srcset=\"https:\/\/www.koronakarkonoszy.pl\/blog\/wp-content\/uploads\/2021\/05\/MG_28_11_53_IM5_4444-1024x683.jpg 1024w, https:\/\/www.koronakarkonoszy.pl\/blog\/wp-content\/uploads\/2021\/05\/MG_28_11_53_IM5_4444-300x200.jpg 300w, https:\/\/www.koronakarkonoszy.pl\/blog\/wp-content\/uploads\/2021\/05\/MG_28_11_53_IM5_4444-768x512.jpg 768w, https:\/\/www.koronakarkonoszy.pl\/blog\/wp-content\/uploads\/2021\/05\/MG_28_11_53_IM5_4444-1920x1280.jpg 1920w, https:\/\/www.koronakarkonoszy.pl\/blog\/wp-content\/uploads\/2021\/05\/MG_28_11_53_IM5_4444-1536x1024.jpg 1536w, https:\/\/www.koronakarkonoszy.pl\/blog\/wp-content\/uploads\/2021\/05\/MG_28_11_53_IM5_4444-2048x1365.jpg 2048w\" sizes=\"auto, (max-width: 1024px) 100vw, 1024px\" \/><figcaption class=\"wp-element-caption\"><strong>Wesele w g\u00f3rach <\/strong><\/figcaption><\/figure>\n\n\n\n<h2 class=\"wp-block-heading\" id=\"h-jaki-jest-koszt-wesela-na-100-os-b\">Jak szuka\u0107 oszcz\u0119dno\u015bci?<\/h2>\n\n\n\n<p>Cho\u0107 coraz wi\u0119cej par decyduje si\u0119 na kameralne przyj\u0119cie, wesele na 100 os\u00f3b wci\u0105\u017c cieszy si\u0119 du\u017c\u0105 popularno\u015bci\u0105. Zanim przyst\u0105pisz do organizacji uroczysto\u015bci, zastan\u00f3w si\u0119, na co mo\u017cesz sobie pozwoli\u0107. Rezerwuj\u0105c sal\u0119 weseln\u0105, upewnij si\u0119, czy musisz wp\u0142aci\u0107 zaliczk\u0119, a je\u015bli tak, to w jakiej wysoko\u015bci. Na wszelki wypadek zapytaj, kiedy mo\u017cesz liczy\u0107 na jej zwrot. Niekt\u00f3re lokale przewiduj\u0105 takie rozwi\u0105zanie, gdy M\u0142oda Para anuluje rezerwacj\u0119 p\u00f3\u0142 roku przed planowanym weselem. Warunki zwrotu zaliczki r\u00f3\u017cni\u0105 si\u0119 w zale\u017cno\u015bci od domu weselnego, dlatego warto to sprawdzi\u0107.&nbsp;<\/p>\n\n\n<section id=\"leonardo-block_e426d375ad69cb0c5b9a9de0f37dee5c\" class=\"leonardo page-breaker leonardo-image-right\">\r\n    <div class=\"leonardo-body\">\r\n                <div class=\"leonardo-content\"><p><!-- wp:paragraph --><\/p>\n<p>Zastanawiasz si\u0119, jak obni\u017cy\u0107 koszt wesela na 100 os\u00f3b? Przede wszystkim umie\u015b\u0107 w zaproszeniach RSVP, czyli pro\u015bb\u0119 o potwierdzenie przybycia\/nieobecno\u015bci na uroczysto\u015bci w konkretnym terminie (z fr. <em>r\u00e9pondez s\u2019il vous pla\u00eet).<\/em> Cho\u0107 mo\u017ce si\u0119 zdarzy\u0107, \u017ce kilka os\u00f3b zrezygnuje w ostatnim momencie, w ten spos\u00f3b zmniejszasz ryzyko p\u0142acenia za \u201cpuste krzes\u0142a\u201d. Dopytaj r\u00f3wnie\u017c mened\u017cera, kiedy musisz poda\u0107 ostateczn\u0105 list\u0119 go\u015bci.<\/p>\n<p><!-- \/wp:paragraph --> <!-- wp:paragraph --><\/p>\n<p>Wiele Par M\u0142odych zadaje sobie pytanie: <a href=\"http:\/\/koronakarkonoszy.pl\/blog\/ile-kosztuje-wesele-jak-z-bajki\/\" target=\"_blank\" rel=\"noreferrer noopener\">wesele ile kosztuje<\/a> takie na 100 os\u00f3b? Niezale\u017cnie od tego, czy organizujesz kameralne, czy huczne przyj\u0119cie, powiniene\u015b liczy\u0107 si\u0119 z tym, \u017ce niekt\u00f3re us\u0142ugi s\u0105 dodatkowo p\u0142atne. Je\u015bli chcesz wple\u015b\u0107 w wystr\u00f3j nieszablonowe elementy o\u015bwietlenia lub rzadko spotykane gatunki kwiat\u00f3w, wygospodaruj wi\u0119kszy bud\u017cet.<\/p>\n<p><!-- \/wp:paragraph --><\/p>\n<\/div>\r\n                    <aside class=\"leonardo-interlink\">\r\n                <b>Polecamy<\/b>\r\n                <a href=\"https:\/\/www.koronakarkonoszy.pl\/blog\/de\/slub-jelenia-gora\/\">\u015alub Jelenia G\u00f3ra \u2013 sielska ceremonia w stolicy Karkonoszy<\/a>\r\n            <\/aside>\r\n            <\/div>\r\n    <div class=\"leonardo-image\">\r\n        <img loading=\"lazy\" decoding=\"async\" width=\"1920\" height=\"1440\" src=\"https:\/\/www.koronakarkonoszy.pl\/blog\/wp-content\/uploads\/2023\/02\/zaproszenie1.jpg\" class=\"attachment-full size-full\" alt=\"\" srcset=\"https:\/\/www.koronakarkonoszy.pl\/blog\/wp-content\/uploads\/2023\/02\/zaproszenie1.jpg 1920w, https:\/\/www.koronakarkonoszy.pl\/blog\/wp-content\/uploads\/2023\/02\/zaproszenie1-300x225.jpg 300w, https:\/\/www.koronakarkonoszy.pl\/blog\/wp-content\/uploads\/2023\/02\/zaproszenie1-1024x768.jpg 1024w, https:\/\/www.koronakarkonoszy.pl\/blog\/wp-content\/uploads\/2023\/02\/zaproszenie1-768x576.jpg 768w, https:\/\/www.koronakarkonoszy.pl\/blog\/wp-content\/uploads\/2023\/02\/zaproszenie1-1536x1152.jpg 1536w, https:\/\/www.koronakarkonoszy.pl\/blog\/wp-content\/uploads\/2023\/02\/zaproszenie1-16x12.jpg 16w\" sizes=\"auto, (max-width: 1920px) 100vw, 1920px\" \/>            <\/div>\r\n<\/section>\n\n\n<p>Szacuj\u0105c koszt wesela na 100 os\u00f3b, uwzgl\u0119dnij r\u00f3wnie\u017c op\u0142aty za tort, ciasta, st\u00f3\u0142 wiejski, fontann\u0119 czekoladow\u0105, czy drink bar. Marzysz o tym, aby zorganizowa\u0107 pokaz fajerwerk\u00f3w, taneczny show, wyst\u0119p iluzjonisty, czy pokaz zimnych ogni? A mo\u017ce chcesz pu\u015bci\u0107 lampiony szcz\u0119\u015bcia na swoim przyj\u0119ciu? W takim razie przygotuj si\u0119 na dodatkowe wydatki.<\/p>\n\n\n<section id=\"leonardo-block_60ae47b54e7170c230a30b422c78eab2\" class=\"leonardo page-breaker leonardo-image-left\">\r\n    <div class=\"leonardo-body\">\r\n                <div class=\"leonardo-content\"><h3 id=\"ha-pora-na-atrakcje\">Pora na atrakcje<\/h3>\n<p>Zastanawiasz si\u0119, jak umili\u0107 czas go\u015bciom na weselu? <a href=\"https:\/\/www.koronakarkonoszy.pl\/blog\/czym-zaskoczyc-gosci-weselnych\/\" target=\"_blank\" rel=\"noopener\">Czym zaskoczy\u0107 go\u015bci weselnych<\/a>? Marzysz o tym, aby Twoje przyj\u0119cie na d\u0142ugo zapad\u0142o im w pami\u0119\u0107? Pomy\u015bl, jakie atrakcje pasuj\u0105 do motywu przewodniego Twojej uroczysto\u015bci. Je\u015bli organizujesz wesele w stylu glamour, rozwa\u017c na przyk\u0142ad pokaz ta\u0144ca i sztuczne ognie. A mo\u017ce chcesz urz\u0105dzi\u0107 przyj\u0119cie w stylu boho? W harmonogramie uwzgl\u0119dnij puszczanie lampion\u00f3w, plecenie wiank\u00f3w i uk\u0142adanie bukiet\u00f3w z polnych kwiat\u00f3w.<\/p>\n<p>Z kolei starszym dzieciom mo\u017cesz zaproponowa\u0107 stworzenie bi\u017cuterii, amulet\u00f3w, czy breloczk\u00f3w z r\u00f3\u017cnokolorowych koralik\u00f3w. Pami\u0119taj, aby nad ma\u0142ymi artystami czuwa\u0142a jedna doros\u0142a osoba. Dopilnuje, aby nikt si\u0119 nie skaleczy\u0142, ani nie po\u0142kn\u0105\u0142 jakiego\u015b drobnego elementu. Planuj\u0105c atrakcje i upominki dla go\u015bci, dopasuj je do swojego bud\u017cetu.<\/p>\n<\/div>\r\n            <\/div>\r\n    <div class=\"leonardo-image\">\r\n        <img loading=\"lazy\" decoding=\"async\" width=\"1920\" height=\"1280\" src=\"https:\/\/www.koronakarkonoszy.pl\/blog\/wp-content\/uploads\/2022\/02\/andreas-ronningen-S2YssLw97l4-unsplash.jpg\" class=\"attachment-full size-full\" alt=\"\" srcset=\"https:\/\/www.koronakarkonoszy.pl\/blog\/wp-content\/uploads\/2022\/02\/andreas-ronningen-S2YssLw97l4-unsplash.jpg 1920w, https:\/\/www.koronakarkonoszy.pl\/blog\/wp-content\/uploads\/2022\/02\/andreas-ronningen-S2YssLw97l4-unsplash-300x200.jpg 300w, https:\/\/www.koronakarkonoszy.pl\/blog\/wp-content\/uploads\/2022\/02\/andreas-ronningen-S2YssLw97l4-unsplash-1024x683.jpg 1024w, https:\/\/www.koronakarkonoszy.pl\/blog\/wp-content\/uploads\/2022\/02\/andreas-ronningen-S2YssLw97l4-unsplash-768x512.jpg 768w, https:\/\/www.koronakarkonoszy.pl\/blog\/wp-content\/uploads\/2022\/02\/andreas-ronningen-S2YssLw97l4-unsplash-1536x1024.jpg 1536w\" sizes=\"auto, (max-width: 1920px) 100vw, 1920px\" \/>            <\/div>\r\n<\/section>\n\n\n<p>Bez wzgl\u0119du na to, ile czasu po\u015bwi\u0119cisz, aby obliczy\u0107 koszt wesela na 100 os\u00f3b, zawsze mog\u0105 pojawi\u0107 si\u0119 dodatkowe wydatki na wesele. Przygotowuj\u0105c bud\u017cet, wygospodaruj przynajmniej 20-procentow\u0105 rezerw\u0119, aby unikn\u0105\u0107 niepotrzebnych nerw\u00f3w. Konsultanci \u015blubni przypominaj\u0105, \u017ce na ka\u017cdym przyj\u0119ciu kto\u015b mo\u017ce niechc\u0105cy zbi\u0107 szklank\u0119, talerzyk lub zepsu\u0107 element zastawy sto\u0142owej. Rezerwuj\u0105c sal\u0119, zapytaj mened\u017cera, ile trzeba zap\u0142aci\u0107 za takie minimalne szkody. Ponadto sprawd\u017a, ile musia\u0142by\u015b zap\u0142aci\u0107, je\u015bli przyj\u0119cie troch\u0119 by si\u0119 przeci\u0105gn\u0119\u0142o.<\/p>\n\n\n<section id=\"leonardo-block_a7987958555e5c5e23f1f5cb14c27260\" class=\"leonardo page-breaker leonardo-image-right\">\r\n    <div class=\"leonardo-body\">\r\n                <div class=\"leonardo-content\"><h3 id=\"ha-jakie-dodatkowe-koszty-wesela-warto-uwzglednic\">Jakie dodatkowe koszty wesela warto uwzgl\u0119dni\u0107?<\/h3>\n<p>Do ca\u0142o\u015bci wydatk\u00f3w weselnych musimy doliczy\u0107 na przyk\u0142ad koszt \u015blubu ko\u015bcielnego. Cho\u0107 w por\u00f3wnaniu z innymi elementami to naprawd\u0119 drobiazg. <strong>Wp\u0142yw na cen\u0119 wesela maj\u0105 r\u00f3wnie\u017c standard miejsca organizacji wesela, koszty organizacji imprezy i koszty us\u0142ug weselnych<\/strong>. Na przyk\u0142ad oprawa muzyczna, dekoracja sali weselnej i alkohol. Kolejny koszt wesela to fotograf, op\u0142ata za udzielenie \u015blubu ko\u015bcielnego czy te\u017c wynaj\u0119cie \u015blubnej limuzyny. Dlatego te\u017c koszty przygotowa\u0144 wesela najlepiej uporz\u0105dkowa\u0107 w formie tabeli, arkusza albo innej postaci pisemnej. Pozwoli to nam bez problemu nad nimi zapanowa\u0107. Dzi\u0119ki temu mo\u017cemy przyj\u0105\u0107 kwot\u0119 okre\u015blaj\u0105c\u0105 ostateczny koszt wesela i odejmowa\u0107 kwoty na poszczeg\u00f3lne wydatki. B\u0119dzie to nasz prywatny kalkulator koszt\u00f3w \u015blubu. Wtedy te\u017c na przyk\u0142ad b\u0119dziemy mogli ustali\u0107, \u017ce po\u0142owa koszt\u00f3w wesela jest sztywna i nienaruszalna. Natomiast pieni\u0105dze z drugiej cz\u0119\u015bci elastycznie przesuwamy tam, gdzie nie da si\u0119 ju\u017c ci\u0105\u0107 koszt\u00f3w z pozycji, na kt\u00f3rych zaoszcz\u0119dzimy.<\/p>\n<p>&nbsp;<\/p>\n<\/div>\r\n                    <aside class=\"leonardo-interlink\">\r\n                <b>Polecamy<\/b>\r\n                <a href=\"https:\/\/www.koronakarkonoszy.pl\/blog\/de\/wesele-w-marcu-dlaczego-warto\/\">Wesele w marcu &#8211; dlaczego warto?<\/a>\r\n            <\/aside>\r\n            <\/div>\r\n    <div class=\"leonardo-image\">\r\n        <img loading=\"lazy\" decoding=\"async\" width=\"1920\" height=\"1266\" src=\"https:\/\/www.koronakarkonoszy.pl\/blog\/wp-content\/uploads\/2021\/09\/Kosztorys-wesela2.jpg\" class=\"attachment-full size-full\" alt=\"\" srcset=\"https:\/\/www.koronakarkonoszy.pl\/blog\/wp-content\/uploads\/2021\/09\/Kosztorys-wesela2.jpg 1920w, https:\/\/www.koronakarkonoszy.pl\/blog\/wp-content\/uploads\/2021\/09\/Kosztorys-wesela2-300x198.jpg 300w, https:\/\/www.koronakarkonoszy.pl\/blog\/wp-content\/uploads\/2021\/09\/Kosztorys-wesela2-1024x675.jpg 1024w, https:\/\/www.koronakarkonoszy.pl\/blog\/wp-content\/uploads\/2021\/09\/Kosztorys-wesela2-768x506.jpg 768w, https:\/\/www.koronakarkonoszy.pl\/blog\/wp-content\/uploads\/2021\/09\/Kosztorys-wesela2-1536x1013.jpg 1536w\" sizes=\"auto, (max-width: 1920px) 100vw, 1920px\" \/>            <\/div>\r\n<\/section>\n\n\n<h2 class=\"wp-block-heading\" id=\"ha-jak-zaplanowac-budzet-aby-nie-przerosl-twoich-mozliwosci\">&nbsp;Jak zaplanowa\u0107 bud\u017cet, aby nie przer\u00f3s\u0142 Twoich mo\u017cliwo\u015bci?<\/h2>\n\n\n\n<p>Przygotowuj\u0105c kosztorys, powiniene\u015b te\u017c uwzgl\u0119dni\u0107 dodatkowe <a href=\"https:\/\/www.koronakarkonoszy.pl\/blog\/dodatkowe-wydatki-na-wesele-o-ktorych-warto-pomyslec\/\" target=\"_blank\" rel=\"noreferrer noopener\">wydatki na wesele<\/a>. A wi\u0119c sk\u0105d pieni\u0105dze na \u015blub? Cho\u0107 wiele Par planuje, \u017ce pokryje wi\u0119kszo\u015b\u0107 wydatk\u00f3w z kopert dla go\u015bci, do\u015bwiadczeni wedding planerzy odradzaj\u0105 takie rozwi\u0105zanie. Nigdy nie ma przecie\u017c pewno\u015bci, jak hojni oka\u017c\u0105 si\u0119 go\u015bcie. Specjali\u015bci zalecaj\u0105 te\u017c, aby nie wyzerowa\u0107 stanu na koncie z okazji jednego dnia. Warto zostawi\u0107 troch\u0119 pieni\u0119dzy na niespodziewane wydatki po \u015blubie, \u017ceby nie zaczyna\u0107 ma\u0142\u017ce\u0144stwa od zmartwie\u0144 i k\u0142\u00f3tni.&nbsp;<\/p>\n\n\n\n<figure class=\"wp-block-image size-large\"><a href=\"https:\/\/www.koronakarkonoszy.pl\/wesele\/\" target=\"_blank\" rel=\"noreferrer noopener\"><img loading=\"lazy\" decoding=\"async\" width=\"1024\" height=\"512\" src=\"https:\/\/www.koronakarkonoszy.pl\/blog\/wp-content\/uploads\/2022\/06\/piekne_wesela_DKK-2-1024x512.jpg\" alt=\"\" class=\"wp-image-4072\" srcset=\"https:\/\/www.koronakarkonoszy.pl\/blog\/wp-content\/uploads\/2022\/06\/piekne_wesela_DKK-2-1024x512.jpg 1024w, https:\/\/www.koronakarkonoszy.pl\/blog\/wp-content\/uploads\/2022\/06\/piekne_wesela_DKK-2-300x150.jpg 300w, https:\/\/www.koronakarkonoszy.pl\/blog\/wp-content\/uploads\/2022\/06\/piekne_wesela_DKK-2-768x384.jpg 768w, https:\/\/www.koronakarkonoszy.pl\/blog\/wp-content\/uploads\/2022\/06\/piekne_wesela_DKK-2.jpg 1200w\" sizes=\"auto, (max-width: 1024px) 100vw, 1024px\" \/><\/a><\/figure>\n\n\n\n<p>Kiedy oszacujesz <strong>wst\u0119pny koszt wesela<\/strong> na 100 os\u00f3b, z pewno\u015bci\u0105 stwierdzisz, \u017ce to skomplikowane przedsi\u0119wzi\u0119cie, zar\u00f3wno pod wzgl\u0119dem organizacji, jak i finans\u00f3w. Je\u015bli nie jeste\u015b w stanie pokry\u0107 wszystkich wydatk\u00f3w od r\u0119ki, mo\u017cesz pomy\u015ble\u0107 o kredycie. Zachowaj jednak przy tym zdrowy rozs\u0105dek! Nie ubiegaj si\u0119 o gigantyczn\u0105 kwot\u0119 tylko po to, aby zaimponowa\u0107 go\u015bciom lub urzeczywistni\u0107 wszystkie marzenia.&nbsp;S\u0142ynne porzekad\u0142o \u201ezastaw si\u0119, a postaw si\u0119\u201d doskonale oddaje spos\u00f3b my\u015blenia o weselu, ale chyba nie zawsze warto i\u015b\u0107 tym tropem.<\/p>\n","protected":false},"excerpt":{"rendered":"<p>Koszt wesela na 100 os\u00f3b \u2013 temat ten wzbudza wiele emocji, dlatego na pewno warto poruszy\u0107 t\u0119 kwesti\u0119. Jeden z najpi\u0119kniejszych dni w \u017cyciu wi\u0105\u017ce si\u0119 te\u017c z lawin\u0105 wydatk\u00f3w. Trudno jednoznacznie powiedzie\u0107, ile kosztuje organizacja przyj\u0119cia. Sprawd\u017a, co wp\u0142ywa na ca\u0142kowity koszt wydarzenia! Czego si\u0119 dowiesz z artyku\u0142u? Planowanie wesela to jedno z najwspanialszych, [&hellip;]<\/p>\n","protected":false},"author":11,"featured_media":3146,"comment_status":"closed","ping_status":"closed","sticky":false,"template":"","format":"standard","meta":{"_acf_changed":false,"footnotes":""},"categories":[2],"class_list":["post-3142","post","type-post","status-publish","format-standard","has-post-thumbnail","hentry","category-porady"],"acf":[],"yoast_head":"<!-- This site is optimized with the Yoast SEO plugin v27.5 - https:\/\/yoast.com\/product\/yoast-seo-wordpress\/ -->\n<title>Koszt wesela na 100 os\u00f3b - praktyczne wskaz\u00f3wki - :: Blog weselny<\/title>\n<meta name=\"description\" content=\"Koszt wesela na 100 os\u00f3b - temat ten wzbudza wiele emocji. Sprawd\u017a, co wp\u0142ywa na ca\u0142kowity koszt wydarzenia! I gdzie mo\u017cna zaoszcz\u0119dzi\u0107.\" \/>\n<meta name=\"robots\" content=\"index, follow, max-snippet:-1, max-image-preview:large, max-video-preview:-1\" \/>\n<link rel=\"canonical\" href=\"https:\/\/www.koronakarkonoszy.pl\/blog\/de\/kosten-fur-eine-hochzeit-fur-100-personen\/\" \/>\n<meta property=\"og:locale\" content=\"de_DE\" \/>\n<meta property=\"og:type\" content=\"article\" \/>\n<meta property=\"og:title\" content=\"Koszt wesela na 100 os\u00f3b - praktyczne wskaz\u00f3wki - :: Blog weselny\" \/>\n<meta property=\"og:description\" content=\"Koszt wesela na 100 os\u00f3b - temat ten wzbudza wiele emocji. Sprawd\u017a, co wp\u0142ywa na ca\u0142kowity koszt wydarzenia! I gdzie mo\u017cna zaoszcz\u0119dzi\u0107.\" \/>\n<meta property=\"og:url\" content=\"https:\/\/www.koronakarkonoszy.pl\/blog\/de\/kosten-fur-eine-hochzeit-fur-100-personen\/\" \/>\n<meta property=\"og:site_name\" content=\":: Blog weselny\" \/>\n<meta property=\"article:published_time\" content=\"2024-05-28T18:14:00+00:00\" \/>\n<meta property=\"article:modified_time\" content=\"2024-07-16T12:10:32+00:00\" \/>\n<meta property=\"og:image\" content=\"https:\/\/www.koronakarkonoszy.pl\/blog\/wp-content\/uploads\/2022\/02\/coins-gf3cc06c58_1280.jpg\" \/>\n\t<meta property=\"og:image:width\" content=\"1280\" \/>\n\t<meta property=\"og:image:height\" content=\"853\" \/>\n\t<meta property=\"og:image:type\" content=\"image\/jpeg\" \/>\n<meta name=\"author\" content=\"agnieszka\" \/>\n<meta name=\"twitter:card\" content=\"summary_large_image\" \/>\n<meta name=\"twitter:label1\" content=\"Verfasst von\" \/>\n\t<meta name=\"twitter:data1\" content=\"agnieszka\" \/>\n\t<meta name=\"twitter:label2\" content=\"Gesch\u00e4tzte Lesezeit\" \/>\n\t<meta name=\"twitter:data2\" content=\"19\u00a0Minuten\" \/>\n<script type=\"application\/ld+json\" class=\"yoast-schema-graph\">{\"@context\":\"https:\\\/\\\/schema.org\",\"@graph\":[{\"@type\":\"Article\",\"@id\":\"https:\\\/\\\/www.koronakarkonoszy.pl\\\/blog\\\/koszt-wesela-na-100-osob\\\/#article\",\"isPartOf\":{\"@id\":\"https:\\\/\\\/www.koronakarkonoszy.pl\\\/blog\\\/koszt-wesela-na-100-osob\\\/\"},\"author\":{\"name\":\"agnieszka\",\"@id\":\"https:\\\/\\\/www.koronakarkonoszy.pl\\\/blog\\\/#\\\/schema\\\/person\\\/ec8c88bd01ebe6cbf6a16435ce22276f\"},\"headline\":\"Koszt wesela na 100 os\u00f3b &#8211; praktyczne wskaz\u00f3wki\",\"datePublished\":\"2024-05-28T18:14:00+00:00\",\"dateModified\":\"2024-07-16T12:10:32+00:00\",\"mainEntityOfPage\":{\"@id\":\"https:\\\/\\\/www.koronakarkonoszy.pl\\\/blog\\\/koszt-wesela-na-100-osob\\\/\"},\"wordCount\":3255,\"image\":{\"@id\":\"https:\\\/\\\/www.koronakarkonoszy.pl\\\/blog\\\/koszt-wesela-na-100-osob\\\/#primaryimage\"},\"thumbnailUrl\":\"https:\\\/\\\/www.koronakarkonoszy.pl\\\/blog\\\/wp-content\\\/uploads\\\/2022\\\/02\\\/coins-gf3cc06c58_1280.jpg\",\"articleSection\":[\"Porady\"],\"inLanguage\":\"de\"},{\"@type\":\"WebPage\",\"@id\":\"https:\\\/\\\/www.koronakarkonoszy.pl\\\/blog\\\/koszt-wesela-na-100-osob\\\/\",\"url\":\"https:\\\/\\\/www.koronakarkonoszy.pl\\\/blog\\\/koszt-wesela-na-100-osob\\\/\",\"name\":\"Koszt wesela na 100 os\u00f3b - praktyczne wskaz\u00f3wki - :: Blog weselny\",\"isPartOf\":{\"@id\":\"https:\\\/\\\/www.koronakarkonoszy.pl\\\/blog\\\/#website\"},\"primaryImageOfPage\":{\"@id\":\"https:\\\/\\\/www.koronakarkonoszy.pl\\\/blog\\\/koszt-wesela-na-100-osob\\\/#primaryimage\"},\"image\":{\"@id\":\"https:\\\/\\\/www.koronakarkonoszy.pl\\\/blog\\\/koszt-wesela-na-100-osob\\\/#primaryimage\"},\"thumbnailUrl\":\"https:\\\/\\\/www.koronakarkonoszy.pl\\\/blog\\\/wp-content\\\/uploads\\\/2022\\\/02\\\/coins-gf3cc06c58_1280.jpg\",\"datePublished\":\"2024-05-28T18:14:00+00:00\",\"dateModified\":\"2024-07-16T12:10:32+00:00\",\"author\":{\"@id\":\"https:\\\/\\\/www.koronakarkonoszy.pl\\\/blog\\\/#\\\/schema\\\/person\\\/ec8c88bd01ebe6cbf6a16435ce22276f\"},\"description\":\"Koszt wesela na 100 os\u00f3b - temat ten wzbudza wiele emocji. Sprawd\u017a, co wp\u0142ywa na ca\u0142kowity koszt wydarzenia! I gdzie mo\u017cna zaoszcz\u0119dzi\u0107.\",\"breadcrumb\":{\"@id\":\"https:\\\/\\\/www.koronakarkonoszy.pl\\\/blog\\\/koszt-wesela-na-100-osob\\\/#breadcrumb\"},\"inLanguage\":\"de\",\"potentialAction\":[{\"@type\":\"ReadAction\",\"target\":[\"https:\\\/\\\/www.koronakarkonoszy.pl\\\/blog\\\/koszt-wesela-na-100-osob\\\/\"]}]},{\"@type\":\"ImageObject\",\"inLanguage\":\"de\",\"@id\":\"https:\\\/\\\/www.koronakarkonoszy.pl\\\/blog\\\/koszt-wesela-na-100-osob\\\/#primaryimage\",\"url\":\"https:\\\/\\\/www.koronakarkonoszy.pl\\\/blog\\\/wp-content\\\/uploads\\\/2022\\\/02\\\/coins-gf3cc06c58_1280.jpg\",\"contentUrl\":\"https:\\\/\\\/www.koronakarkonoszy.pl\\\/blog\\\/wp-content\\\/uploads\\\/2022\\\/02\\\/coins-gf3cc06c58_1280.jpg\",\"width\":1280,\"height\":853},{\"@type\":\"BreadcrumbList\",\"@id\":\"https:\\\/\\\/www.koronakarkonoszy.pl\\\/blog\\\/koszt-wesela-na-100-osob\\\/#breadcrumb\",\"itemListElement\":[{\"@type\":\"ListItem\",\"position\":1,\"name\":\"Strona g\u0142\u00f3wna\",\"item\":\"https:\\\/\\\/www.koronakarkonoszy.pl\\\/blog\\\/\"},{\"@type\":\"ListItem\",\"position\":2,\"name\":\"Koszt wesela na 100 os\u00f3b &#8211; praktyczne wskaz\u00f3wki\"}]},{\"@type\":\"WebSite\",\"@id\":\"https:\\\/\\\/www.koronakarkonoszy.pl\\\/blog\\\/#website\",\"url\":\"https:\\\/\\\/www.koronakarkonoszy.pl\\\/blog\\\/\",\"name\":\":: Blog weselny\",\"description\":\"Blog weselny Dw\u00f3r Korona Karkonoszy\",\"potentialAction\":[{\"@type\":\"SearchAction\",\"target\":{\"@type\":\"EntryPoint\",\"urlTemplate\":\"https:\\\/\\\/www.koronakarkonoszy.pl\\\/blog\\\/?s={search_term_string}\"},\"query-input\":{\"@type\":\"PropertyValueSpecification\",\"valueRequired\":true,\"valueName\":\"search_term_string\"}}],\"inLanguage\":\"de\"},{\"@type\":\"Person\",\"@id\":\"https:\\\/\\\/www.koronakarkonoszy.pl\\\/blog\\\/#\\\/schema\\\/person\\\/ec8c88bd01ebe6cbf6a16435ce22276f\",\"name\":\"agnieszka\",\"image\":{\"@type\":\"ImageObject\",\"inLanguage\":\"de\",\"@id\":\"https:\\\/\\\/www.koronakarkonoszy.pl\\\/blog\\\/wp-content\\\/litespeed\\\/avatar\\\/53ee7b676463f74d0aea1a09de3d003b.jpg?ver=1777438794\",\"url\":\"https:\\\/\\\/www.koronakarkonoszy.pl\\\/blog\\\/wp-content\\\/litespeed\\\/avatar\\\/53ee7b676463f74d0aea1a09de3d003b.jpg?ver=1777438794\",\"contentUrl\":\"https:\\\/\\\/www.koronakarkonoszy.pl\\\/blog\\\/wp-content\\\/litespeed\\\/avatar\\\/53ee7b676463f74d0aea1a09de3d003b.jpg?ver=1777438794\",\"caption\":\"agnieszka\"},\"url\":\"https:\\\/\\\/www.koronakarkonoszy.pl\\\/blog\\\/de\\\/author\\\/agnieszka\\\/\"}]}<\/script>\n<!-- \/ Yoast SEO plugin. -->","yoast_head_json":{"title":"Kosten einer Hochzeit f\u00fcr 100 Personen \u2013 praktische Tipps \u2013 :: Hochzeitsblog","description":"Die Kosten einer Hochzeit f\u00fcr 100 Personen - dieses Thema weckt viele Emotionen. Pr\u00fcfen Sie, was sich auf die Gesamtkosten der Veranstaltung auswirkt! Und wo kann man sparen.","robots":{"index":"index","follow":"follow","max-snippet":"max-snippet:-1","max-image-preview":"max-image-preview:large","max-video-preview":"max-video-preview:-1"},"canonical":"https:\/\/www.koronakarkonoszy.pl\/blog\/de\/kosten-fur-eine-hochzeit-fur-100-personen\/","og_locale":"de_DE","og_type":"article","og_title":"Koszt wesela na 100 os\u00f3b - praktyczne wskaz\u00f3wki - :: Blog weselny","og_description":"Koszt wesela na 100 os\u00f3b - temat ten wzbudza wiele emocji. Sprawd\u017a, co wp\u0142ywa na ca\u0142kowity koszt wydarzenia! I gdzie mo\u017cna zaoszcz\u0119dzi\u0107.","og_url":"https:\/\/www.koronakarkonoszy.pl\/blog\/de\/kosten-fur-eine-hochzeit-fur-100-personen\/","og_site_name":":: Blog weselny","article_published_time":"2024-05-28T18:14:00+00:00","article_modified_time":"2024-07-16T12:10:32+00:00","og_image":[{"width":1280,"height":853,"url":"https:\/\/www.koronakarkonoszy.pl\/blog\/wp-content\/uploads\/2022\/02\/coins-gf3cc06c58_1280.jpg","type":"image\/jpeg"}],"author":"agnieszka","twitter_card":"summary_large_image","twitter_misc":{"Verfasst von":"agnieszka","Gesch\u00e4tzte Lesezeit":"19\u00a0Minuten"},"schema":{"@context":"https:\/\/schema.org","@graph":[{"@type":"Article","@id":"https:\/\/www.koronakarkonoszy.pl\/blog\/koszt-wesela-na-100-osob\/#article","isPartOf":{"@id":"https:\/\/www.koronakarkonoszy.pl\/blog\/koszt-wesela-na-100-osob\/"},"author":{"name":"agnieszka","@id":"https:\/\/www.koronakarkonoszy.pl\/blog\/#\/schema\/person\/ec8c88bd01ebe6cbf6a16435ce22276f"},"headline":"Koszt wesela na 100 os\u00f3b &#8211; praktyczne wskaz\u00f3wki","datePublished":"2024-05-28T18:14:00+00:00","dateModified":"2024-07-16T12:10:32+00:00","mainEntityOfPage":{"@id":"https:\/\/www.koronakarkonoszy.pl\/blog\/koszt-wesela-na-100-osob\/"},"wordCount":3255,"image":{"@id":"https:\/\/www.koronakarkonoszy.pl\/blog\/koszt-wesela-na-100-osob\/#primaryimage"},"thumbnailUrl":"https:\/\/www.koronakarkonoszy.pl\/blog\/wp-content\/uploads\/2022\/02\/coins-gf3cc06c58_1280.jpg","articleSection":["Porady"],"inLanguage":"de"},{"@type":"WebPage","@id":"https:\/\/www.koronakarkonoszy.pl\/blog\/koszt-wesela-na-100-osob\/","url":"https:\/\/www.koronakarkonoszy.pl\/blog\/koszt-wesela-na-100-osob\/","name":"Kosten einer Hochzeit f\u00fcr 100 Personen \u2013 praktische Tipps \u2013 :: Hochzeitsblog","isPartOf":{"@id":"https:\/\/www.koronakarkonoszy.pl\/blog\/#website"},"primaryImageOfPage":{"@id":"https:\/\/www.koronakarkonoszy.pl\/blog\/koszt-wesela-na-100-osob\/#primaryimage"},"image":{"@id":"https:\/\/www.koronakarkonoszy.pl\/blog\/koszt-wesela-na-100-osob\/#primaryimage"},"thumbnailUrl":"https:\/\/www.koronakarkonoszy.pl\/blog\/wp-content\/uploads\/2022\/02\/coins-gf3cc06c58_1280.jpg","datePublished":"2024-05-28T18:14:00+00:00","dateModified":"2024-07-16T12:10:32+00:00","author":{"@id":"https:\/\/www.koronakarkonoszy.pl\/blog\/#\/schema\/person\/ec8c88bd01ebe6cbf6a16435ce22276f"},"description":"Die Kosten einer Hochzeit f\u00fcr 100 Personen - dieses Thema weckt viele Emotionen. Pr\u00fcfen Sie, was sich auf die Gesamtkosten der Veranstaltung auswirkt! Und wo kann man sparen.","breadcrumb":{"@id":"https:\/\/www.koronakarkonoszy.pl\/blog\/koszt-wesela-na-100-osob\/#breadcrumb"},"inLanguage":"de","potentialAction":[{"@type":"ReadAction","target":["https:\/\/www.koronakarkonoszy.pl\/blog\/koszt-wesela-na-100-osob\/"]}]},{"@type":"ImageObject","inLanguage":"de","@id":"https:\/\/www.koronakarkonoszy.pl\/blog\/koszt-wesela-na-100-osob\/#primaryimage","url":"https:\/\/www.koronakarkonoszy.pl\/blog\/wp-content\/uploads\/2022\/02\/coins-gf3cc06c58_1280.jpg","contentUrl":"https:\/\/www.koronakarkonoszy.pl\/blog\/wp-content\/uploads\/2022\/02\/coins-gf3cc06c58_1280.jpg","width":1280,"height":853},{"@type":"BreadcrumbList","@id":"https:\/\/www.koronakarkonoszy.pl\/blog\/koszt-wesela-na-100-osob\/#breadcrumb","itemListElement":[{"@type":"ListItem","position":1,"name":"Strona g\u0142\u00f3wna","item":"https:\/\/www.koronakarkonoszy.pl\/blog\/"},{"@type":"ListItem","position":2,"name":"Koszt wesela na 100 os\u00f3b &#8211; praktyczne wskaz\u00f3wki"}]},{"@type":"WebSite","@id":"https:\/\/www.koronakarkonoszy.pl\/blog\/#website","url":"https:\/\/www.koronakarkonoszy.pl\/blog\/","name":":: Hochzeitsblog","description":"Hochzeitsblog Dw\u00f3r Korona Karkonosze","potentialAction":[{"@type":"SearchAction","target":{"@type":"EntryPoint","urlTemplate":"https:\/\/www.koronakarkonoszy.pl\/blog\/?s={search_term_string}"},"query-input":{"@type":"PropertyValueSpecification","valueRequired":true,"valueName":"search_term_string"}}],"inLanguage":"de"},{"@type":"Person","@id":"https:\/\/www.koronakarkonoszy.pl\/blog\/#\/schema\/person\/ec8c88bd01ebe6cbf6a16435ce22276f","name":"Agnes","image":{"@type":"ImageObject","inLanguage":"de","@id":"https:\/\/www.koronakarkonoszy.pl\/blog\/wp-content\/litespeed\/avatar\/53ee7b676463f74d0aea1a09de3d003b.jpg?ver=1777438794","url":"https:\/\/www.koronakarkonoszy.pl\/blog\/wp-content\/litespeed\/avatar\/53ee7b676463f74d0aea1a09de3d003b.jpg?ver=1777438794","contentUrl":"https:\/\/www.koronakarkonoszy.pl\/blog\/wp-content\/litespeed\/avatar\/53ee7b676463f74d0aea1a09de3d003b.jpg?ver=1777438794","caption":"agnieszka"},"url":"https:\/\/www.koronakarkonoszy.pl\/blog\/de\/author\/agnieszka\/"}]}},"_links":{"self":[{"href":"https:\/\/www.koronakarkonoszy.pl\/blog\/de\/wp-json\/wp\/v2\/posts\/3142","targetHints":{"allow":["GET"]}}],"collection":[{"href":"https:\/\/www.koronakarkonoszy.pl\/blog\/de\/wp-json\/wp\/v2\/posts"}],"about":[{"href":"https:\/\/www.koronakarkonoszy.pl\/blog\/de\/wp-json\/wp\/v2\/types\/post"}],"author":[{"embeddable":true,"href":"https:\/\/www.koronakarkonoszy.pl\/blog\/de\/wp-json\/wp\/v2\/users\/11"}],"replies":[{"embeddable":true,"href":"https:\/\/www.koronakarkonoszy.pl\/blog\/de\/wp-json\/wp\/v2\/comments?post=3142"}],"version-history":[{"count":2,"href":"https:\/\/www.koronakarkonoszy.pl\/blog\/de\/wp-json\/wp\/v2\/posts\/3142\/revisions"}],"predecessor-version":[{"id":11335,"href":"https:\/\/www.koronakarkonoszy.pl\/blog\/de\/wp-json\/wp\/v2\/posts\/3142\/revisions\/11335"}],"wp:featuredmedia":[{"embeddable":true,"href":"https:\/\/www.koronakarkonoszy.pl\/blog\/de\/wp-json\/wp\/v2\/media\/3146"}],"wp:attachment":[{"href":"https:\/\/www.koronakarkonoszy.pl\/blog\/de\/wp-json\/wp\/v2\/media?parent=3142"}],"wp:term":[{"taxonomy":"category","embeddable":true,"href":"https:\/\/www.koronakarkonoszy.pl\/blog\/de\/wp-json\/wp\/v2\/categories?post=3142"}],"curies":[{"name":"wp","href":"https:\/\/api.w.org\/{rel}","templated":true}]}}